{"id":27664,"date":"2003-02-15T06:54:12","date_gmt":"2003-02-15T06:54:12","guid":{"rendered":"http:\/\/monta\u00f1asdelaluna.com\/?p=27664"},"modified":"2021-08-01T09:53:56","modified_gmt":"2021-08-01T09:53:56","slug":"valle-de-pineta-concierto-de-aludes","status":"publish","type":"post","link":"https:\/\/www.monta\u00f1asdelaluna.es\/?p=27664","title":{"rendered":"Valle de Pineta. Concierto de aludes"},"content":{"rendered":"<p>[vc_row][vc_column][vc_column_text]Aprovechando las vacaciones invernales de carnavales que alguien invent\u00f3 hace tiempo y que llamaron Semana Blanca, siempre para los profesores, claro; nos dirigimos mi, desde hace pocos a\u00f1os, nuevo compa\u00f1ero de monta\u00f1as Jes\u00fas Santana y yo al m\u00edtico Valle de Pineta. Creo que, al igual que el anterior a\u00f1o que vine, el objetivo era subir al Monte Perdido por su bella cara norte&#8230; nada m\u00e1s lejos de lo que hicimos.<\/p>\n<p>De nuevo convenc\u00ed a mi compa\u00f1ero para dirigirnos a esta bella y dif\u00edcil parte del Pirineo con un pensamiento e idea nada m\u00e1s lejos de la realidad. Jes\u00fas no hab\u00eda visitado el Valle de Pineta y confiado en mi gusto por los lugares bellos y rec\u00f3nditos, acept\u00f3 el objetivo. Tambi\u00e9n atra\u00eddo, supongo, por la cara norte de Monte Perdido, una monta\u00f1a tan atrayente como altiva.<\/p>\n<p>Era febrero del dos mil tres y los Pirineos estaban a rebosar de nieve en pleno invierno. Quiz\u00e1s no aprend\u00ed en las salidas anteriores el desgaste f\u00edsico y an\u00edmico que me produce la abundante nieve blanda; pero en \u00e9sta si que lo descubr\u00ed afortunada o desafortunadamente.<\/p>\n<div id=\"attachment_27626\" style=\"width: 1034px\" class=\"wp-caption aligncenter\"><a class=\"dt-single-image\" href=\"https:\/\/www.monta\u00f1asdelaluna.es\/wp-content\/uploads\/2016\/03\/Lalarri01-001.jpg\" data-dt-img-description=\"\"><img loading=\"lazy\" decoding=\"async\" aria-describedby=\"caption-attachment-27626\" class=\"wp-image-27626 size-large\" src=\"https:\/\/www.monta\u00f1asdelaluna.es\/wp-content\/uploads\/2016\/03\/Lalarri01-001-1024x689.jpg\" alt=\"Valle de Pineta\" width=\"1024\" height=\"689\" srcset=\"https:\/\/www.monta\u00f1asdelaluna.es\/wp-content\/uploads\/2016\/03\/Lalarri01-001-1024x689.jpg 1024w, https:\/\/www.monta\u00f1asdelaluna.es\/wp-content\/uploads\/2016\/03\/Lalarri01-001-300x202.jpg 300w, https:\/\/www.monta\u00f1asdelaluna.es\/wp-content\/uploads\/2016\/03\/Lalarri01-001.jpg 1820w\" sizes=\"auto, (max-width: 1024px) 100vw, 1024px\" \/><\/a><p id=\"caption-attachment-27626\" class=\"wp-caption-text\">Valle de Pineta<\/p><\/div>\n<p>As\u00ed pues, cogimos el Daewoo Lanos direcci\u00f3n Ainsa, Bielsa. No s\u00e9 si antes de llegar a Ronatiza o despu\u00e9s alquilamos las raquetas; el hecho es que previendo la abundante nieve nos hicimos con estas \u201cchanclas\u201d especiales. Ya en Ronatiza no hay casi nadie en el solitario refugio, salvo un guarda loco y ma\u00f1o que se pon\u00eda a escalar la pared exterior del refugio (en el que ten\u00eda instalado un roc\u00f3dromo) y pasaba junto a la ventana del ba\u00f1o del piso de arriba mientras estabas defecando.<\/p>\n<p>La nieve es abundante mucho antes de llegar a Ronatiza y en las orillas de la carretera la blanca nieve se amontonaba, al igual que en las puertas del mismo refugio en los que los montones llegaban casi al techo. Conversando con el intr\u00e9pido y h\u00e1bil guarda (era como un Alberto \u201cu\u00f1arrategui\u201d en miniatura), nos aconsej\u00f3 no ir al Balc\u00f3n de Pineta, hab\u00eda mucha, mucha nieve, muy blanda y adem\u00e1s riesgo cinco de aludes (el m\u00e1ximo); cuando en el Valle de Pineta y sobre todo en esa zona, un riesgo tres ya es peligroso. As\u00ed que no se me ocurri\u00f3 otra cosa que tirar hac\u00eda el macizo de La Munia, de nuevo a la Caba\u00f1a de La Larri.<\/p>\n<p>El d\u00eda estaba nublado, las nubes lo anidaban todo, pero ni llov\u00eda ni nevaba. Ciertamente comprend\u00ed lo que es riesgo de aludes grado cinco en Pineta: un concierto de aludes y fuertes bramidos con desmoronamientos de la monta\u00f1a nos sorprend\u00eda a cada momento por todas partes del valle y en sus monta\u00f1as.<\/p>\n<p>Subiendo a la Caba\u00f1a de La Larri y sali\u00e9ndome por un momento de la nevada senda del GR-11, me col\u00e9 en un agujero hecho por mi mismo en medio de la nieve y luego no pod\u00eda salir. La nieve estaba hueca por abajo; una cosa muy rara y una nieve muy mala para andar. No s\u00e9 lo que tard\u00e9 en salir pero s\u00e9 que termin\u00e9 agobiado y excavando la nieve como un topo en su madriguera.<\/p>\n<div id=\"attachment_27628\" style=\"width: 832px\" class=\"wp-caption aligncenter\"><a class=\"dt-single-image\" href=\"https:\/\/www.monta\u00f1asdelaluna.es\/wp-content\/uploads\/2016\/03\/Lalarri03-001.jpg\" data-dt-img-description=\"\"><img loading=\"lazy\" decoding=\"async\" aria-describedby=\"caption-attachment-27628\" class=\"wp-image-27628 \" src=\"https:\/\/www.monta\u00f1asdelaluna.es\/wp-content\/uploads\/2016\/03\/Lalarri03-001.jpg\" alt=\"Joaqu\u00edn en los Llanos de Lalarri\" width=\"822\" height=\"1232\" srcset=\"https:\/\/www.monta\u00f1asdelaluna.es\/wp-content\/uploads\/2016\/03\/Lalarri03-001.jpg 1209w, https:\/\/www.monta\u00f1asdelaluna.es\/wp-content\/uploads\/2016\/03\/Lalarri03-001-200x300.jpg 200w, https:\/\/www.monta\u00f1asdelaluna.es\/wp-content\/uploads\/2016\/03\/Lalarri03-001-683x1024.jpg 683w\" sizes=\"auto, (max-width: 822px) 100vw, 822px\" \/><\/a><p id=\"caption-attachment-27628\" class=\"wp-caption-text\">Joaqu\u00edn en los Llanos de Lalarri<\/p><\/div>\n<div id=\"attachment_27630\" style=\"width: 1034px\" class=\"wp-caption aligncenter\"><a class=\"dt-single-image\" href=\"https:\/\/www.monta\u00f1asdelaluna.es\/wp-content\/uploads\/2016\/03\/Lalarri04AA-001.jpg\" data-dt-img-description=\"\"><img loading=\"lazy\" decoding=\"async\" aria-describedby=\"caption-attachment-27630\" class=\"wp-image-27630 size-large\" src=\"https:\/\/www.monta\u00f1asdelaluna.es\/wp-content\/uploads\/2016\/03\/Lalarri04AA-001-1024x684.jpg\" alt=\"Joaqu\u00edn quitando nieve en la Caba\u00f1a de Lalarri\" width=\"1024\" height=\"684\" srcset=\"https:\/\/www.monta\u00f1asdelaluna.es\/wp-content\/uploads\/2016\/03\/Lalarri04AA-001-1024x684.jpg 1024w, https:\/\/www.monta\u00f1asdelaluna.es\/wp-content\/uploads\/2016\/03\/Lalarri04AA-001-300x200.jpg 300w, https:\/\/www.monta\u00f1asdelaluna.es\/wp-content\/uploads\/2016\/03\/Lalarri04AA-001.jpg 1802w\" sizes=\"auto, (max-width: 1024px) 100vw, 1024px\" \/><\/a><p id=\"caption-attachment-27630\" class=\"wp-caption-text\">Joaqu\u00edn quitando nieve en la Caba\u00f1a de Lalarri<\/p><\/div>\n<p>Por fin llagamos a la Caba\u00f1a de La Larri. Llev\u00e1bamos las tiendas y quer\u00edamos probarnos acampando en medio e la nieve, as\u00ed que seguimos adelante, m\u00e1s all\u00e1 de dicha caba\u00f1a en direcci\u00f3n al coraz\u00f3n de los Llanos de La Larri, para acercarnos lo m\u00e1ximo a La Munia y su subida. Andando la nieve segu\u00eda siendo muy abundante y una fina y gris nube cortaba el circo sin nombre que rodea a los Llanos. M\u00e1s adelante algo me desanim\u00f3 a acampar all\u00ed: el camino que deb\u00edamos seguir pasaba por unas pendientes muy empinadas peligrosamente cortadas por corredores de aludes, por ello vi peligroso andar por esa zona y por tanto, si no \u00edbamos a andar o dirigirnos a La Munia por ese paso, era una tonter\u00eda acampar all\u00ed en medio. Por ello lo m\u00e1s c\u00f3modo y sensato, pens\u00e9, era pasar la noche en la Caba\u00f1a de La Larri. Aqu\u00ed un gran mont\u00f3n de nieve cubr\u00eda parte de la entrada, as\u00ed pues decidimos quitar algo de esa nieve para poder entrar, con una vieja pala que encontramos, casi rota, en el interior. As\u00ed, casi arrastrando las mochilas, pudimos ocupar el peque\u00f1o refugio.<\/p>\n<p>Antes tambi\u00e9n hab\u00edamos intentado subir a La Estiva y su peque\u00f1a caba\u00f1a para tirarle desde all\u00ed, como hice la primera vez, a las cumbres m\u00e1s altas del macizo de La Munia. Pero al atravesar dos aludes de nieve ya ca\u00edda, te hace pensar en lo peligroso que se pone el subir por esas cuestas, al menos sientes un respeto o miedo especial al pensar que en cualquier momento te puede caer un alud encima y enterrarte; y con el mochil\u00f3n hacer m\u00e1s dif\u00edcil el rescate o el salir de la nieve (despu\u00e9s aprendimos a que hay que ir con la mochila desabrochada al pasar por zonas de aludes, para poder quit\u00e1rtela r\u00e1pidamente y no te estorbe ni te mande, por el peso, al fondo del alud, en caso de que caiga alguno). El \u00fanico campo base que yo ve\u00eda era el de la Caba\u00f1a de La Larri&#8230; igual exageraba un poco el miedo o quiz\u00e1s, verdaderamente estaba justificado, lo importante es que no lo comprob\u00e9. A lo largo de todo el camino, numerosas huellas de avalanchas y aludes asolaban por doquier, alguna especialmente amplia en los Llanos de La Larri, y a la vez no parabas de o\u00edr el fuerte y pavoroso bramido de la monta\u00f1a cuando expulsaba toneladas de nieve en cualquier parte del valle.<\/p>\n<div id=\"attachment_27631\" style=\"width: 1034px\" class=\"wp-caption aligncenter\"><a class=\"dt-single-image\" href=\"https:\/\/www.monta\u00f1asdelaluna.es\/wp-content\/uploads\/2016\/03\/Lalarri04AB-001.jpg\" data-dt-img-description=\"\"><img loading=\"lazy\" decoding=\"async\" aria-describedby=\"caption-attachment-27631\" class=\"wp-image-27631 size-large\" src=\"https:\/\/www.monta\u00f1asdelaluna.es\/wp-content\/uploads\/2016\/03\/Lalarri04AB-001-1024x681.jpg\" alt=\"Jes\u00fas bajando a la Caba\u00f1a de Lalarri\" width=\"1024\" height=\"681\" srcset=\"https:\/\/www.monta\u00f1asdelaluna.es\/wp-content\/uploads\/2016\/03\/Lalarri04AB-001-1024x681.jpg 1024w, https:\/\/www.monta\u00f1asdelaluna.es\/wp-content\/uploads\/2016\/03\/Lalarri04AB-001-300x200.jpg 300w, https:\/\/www.monta\u00f1asdelaluna.es\/wp-content\/uploads\/2016\/03\/Lalarri04AB-001.jpg 1814w\" sizes=\"auto, (max-width: 1024px) 100vw, 1024px\" \/><\/a><p id=\"caption-attachment-27631\" class=\"wp-caption-text\">Jes\u00fas bajando a la Caba\u00f1a de Lalarri<\/p><\/div>\n<div id=\"attachment_27634\" style=\"width: 1034px\" class=\"wp-caption aligncenter\"><a class=\"dt-single-image\" href=\"https:\/\/www.monta\u00f1asdelaluna.es\/wp-content\/uploads\/2016\/03\/Lalarri04E-001.jpg\" data-dt-img-description=\"\"><img loading=\"lazy\" decoding=\"async\" aria-describedby=\"caption-attachment-27634\" class=\"wp-image-27634 size-large\" src=\"https:\/\/www.monta\u00f1asdelaluna.es\/wp-content\/uploads\/2016\/03\/Lalarri04E-001-1024x680.jpg\" alt=\"Caida de un alud\" width=\"1024\" height=\"680\" srcset=\"https:\/\/www.monta\u00f1asdelaluna.es\/wp-content\/uploads\/2016\/03\/Lalarri04E-001-1024x680.jpg 1024w, https:\/\/www.monta\u00f1asdelaluna.es\/wp-content\/uploads\/2016\/03\/Lalarri04E-001-300x199.jpg 300w, https:\/\/www.monta\u00f1asdelaluna.es\/wp-content\/uploads\/2016\/03\/Lalarri04E-001.jpg 1817w\" sizes=\"auto, (max-width: 1024px) 100vw, 1024px\" \/><\/a><p id=\"caption-attachment-27634\" class=\"wp-caption-text\">Caida de un alud<\/p><\/div>\n<div id=\"attachment_27635\" style=\"width: 1034px\" class=\"wp-caption aligncenter\"><a class=\"dt-single-image\" href=\"https:\/\/www.monta\u00f1asdelaluna.es\/wp-content\/uploads\/2016\/03\/Lalarri04F-001.jpg\" data-dt-img-description=\"\"><img loading=\"lazy\" decoding=\"async\" aria-describedby=\"caption-attachment-27635\" class=\"wp-image-27635 size-large\" src=\"https:\/\/www.monta\u00f1asdelaluna.es\/wp-content\/uploads\/2016\/03\/Lalarri04F-001-1024x682.jpg\" alt=\"Desde la Caba\u00f1a de Lalarri mirando hacia el macizo de La Munia\" width=\"1024\" height=\"682\" srcset=\"https:\/\/www.monta\u00f1asdelaluna.es\/wp-content\/uploads\/2016\/03\/Lalarri04F-001-1024x682.jpg 1024w, https:\/\/www.monta\u00f1asdelaluna.es\/wp-content\/uploads\/2016\/03\/Lalarri04F-001-300x200.jpg 300w, https:\/\/www.monta\u00f1asdelaluna.es\/wp-content\/uploads\/2016\/03\/Lalarri04F-001.jpg 1813w\" sizes=\"auto, (max-width: 1024px) 100vw, 1024px\" \/><\/a><p id=\"caption-attachment-27635\" class=\"wp-caption-text\">Desde la Caba\u00f1a de Lalarri mirando hacia el macizo de La Munia<\/p><\/div>\n<p>Al atardecer en la Caba\u00f1a de La Larri el d\u00eda parec\u00eda que se despejaba poco a poco, las nubes empezaban a levantarse y ya se perfilaban los contornos del Cilindro de Marbor\u00e9 y Monte Perdido, helados, cubiertos por nieve, hielo y ese peculiar toque blanquecino-gris\u00e1ceo que le da la escarcha pegada a las oscuras rocas y paredes de sus faldas y cimas. Pero era una mejor\u00eda incompleta y transitoria. Est\u00e1bamos solos en la peque\u00f1a casita refugio. Nadie ten\u00eda Semana Blanca y no hab\u00eda catalanes ni zaragozanos que nos acompa\u00f1aran. La quietud, el sosiego y la tranquilidad reinaba en el ambiente, as\u00ed como la soledad, el silencio, el blanco y el negro, y el fr\u00edo en las bellas monta\u00f1as de fuera.<\/p>\n<p>Al otro d\u00eda decidimos subir sin peso, al menos, el Sobrestiva (como lo hiciera la primera vez). Recorriendo las mismas huellas que el d\u00eda anterior hab\u00edamos hecho para bajar a la Caba\u00f1a de La Larri, cruzando aquellos aludes de nieve removida y desordenada. Las raquetas nos proporcionaban una gran ayuda pero segu\u00edamos hundi\u00e9ndonos y haciendo una profunda huella en la blanda nieve, aunque si no hubiera sido por ellas, no hubi\u00e9ramos podido hacer nada&#8230; moverte por esta nieve sin raquetas hubiera sido imposible o incre\u00edblemente agotador.<\/p>\n<div id=\"attachment_27638\" style=\"width: 1034px\" class=\"wp-caption aligncenter\"><a class=\"dt-single-image\" href=\"https:\/\/www.monta\u00f1asdelaluna.es\/wp-content\/uploads\/2016\/03\/Lalarri07-001.jpg\" data-dt-img-description=\"\"><img loading=\"lazy\" decoding=\"async\" aria-describedby=\"caption-attachment-27638\" class=\"wp-image-27638 size-large\" src=\"https:\/\/www.monta\u00f1asdelaluna.es\/wp-content\/uploads\/2016\/03\/Lalarri07-001-1024x680.jpg\" alt=\"Jes\u00fas camino de La Estiva\" width=\"1024\" height=\"680\" srcset=\"https:\/\/www.monta\u00f1asdelaluna.es\/wp-content\/uploads\/2016\/03\/Lalarri07-001-1024x680.jpg 1024w, https:\/\/www.monta\u00f1asdelaluna.es\/wp-content\/uploads\/2016\/03\/Lalarri07-001-300x199.jpg 300w, https:\/\/www.monta\u00f1asdelaluna.es\/wp-content\/uploads\/2016\/03\/Lalarri07-001.jpg 1818w\" sizes=\"auto, (max-width: 1024px) 100vw, 1024px\" \/><\/a><p id=\"caption-attachment-27638\" class=\"wp-caption-text\">Jes\u00fas camino de La Estiva<\/p><\/div>\n<p>Las nubes siguen altas, y en ocasiones el sol intenta asomarse entre ellas e ilumina la blanca y extensa prader\u00eda nevada ya en la parte de La Estiva, m\u00e1s arriba de La Larri. Paramos en una especie de hito, sentados, observando el espl\u00e9ndido paisaje nevado de la Sierra de Las Tucas y Valle de Pineta retocados por una manada de grises y blancas nubes independientes de formas aborregadas pero muy unidas entre s\u00ed. La soledad y el grand\u00edsimo vac\u00edo (y a la vez completo) de la monta\u00f1a, de la alta monta\u00f1a, nos inunda. Miramos atr\u00e1s, hac\u00eda el macizo de La Munia y justo sobre nosotros las pendientes del Sobrestiva. El tiempo, medio bueno, no tan malo, medio despejado&#8230; nos invita a subir. Jes\u00fas sugiere subirla por este lado, empinado pero directo. Yo no lo veo claro: una pendiente muy pronunciada, roca, corredores por en medio del camino y riesgo cinco de aludes. Estoy desanimado, se me han quitado las ganas de subir las monta\u00f1as en ese estado y prefiero hacer otras cosas; ya que no pod\u00edas ni recorrer ni ir a ning\u00fan sitio.<\/p>\n<p>Despu\u00e9s de, de nuevo, convencer a Jes\u00fas, nos bajamos y nos dirigimos a los Llanos de La Larri, a una cascada helada para hacer algo de cascadismo, escalada en hielo; ya que llev\u00e1bamos los piolets t\u00e9cnicos, cuerda y alg\u00fan que otro tornillo. Intentar, m\u00e1s que realizar, algo que nunca hab\u00edamos hecho; y en los Llanos de La Larri hab\u00edamos visto una cascada helada que no parec\u00eda peligrosa. Las nubes hab\u00edan dejado libres el Pico de A\u00f1isclo y a Las Tres Mar\u00edas en la Sierra de Las Tucas e inmortalizando el momento y el nevado paisaje con algunas fotos, emprendemos la bajada hac\u00eda La Larri despu\u00e9s de despedirnos de un reba\u00f1o de Sarrios (rebecos) que corr\u00edan a sus anchas por los nevados prader\u00edos de La Estiva.<\/p>\n<div id=\"attachment_27641\" style=\"width: 1034px\" class=\"wp-caption aligncenter\"><a class=\"dt-single-image\" href=\"https:\/\/www.monta\u00f1asdelaluna.es\/wp-content\/uploads\/2016\/03\/Lalarri10-001.jpg\" data-dt-img-description=\"\"><img loading=\"lazy\" decoding=\"async\" aria-describedby=\"caption-attachment-27641\" class=\"wp-image-27641 size-large\" src=\"https:\/\/www.monta\u00f1asdelaluna.es\/wp-content\/uploads\/2016\/03\/Lalarri10-001-1024x683.jpg\" alt=\"La Sierra de Las Tucas desde las inmediciones de La Estiva\" width=\"1024\" height=\"683\" srcset=\"https:\/\/www.monta\u00f1asdelaluna.es\/wp-content\/uploads\/2016\/03\/Lalarri10-001-1024x683.jpg 1024w, https:\/\/www.monta\u00f1asdelaluna.es\/wp-content\/uploads\/2016\/03\/Lalarri10-001-300x200.jpg 300w, https:\/\/www.monta\u00f1asdelaluna.es\/wp-content\/uploads\/2016\/03\/Lalarri10-001.jpg 1813w\" sizes=\"auto, (max-width: 1024px) 100vw, 1024px\" \/><\/a><p id=\"caption-attachment-27641\" class=\"wp-caption-text\">La Sierra de Las Tucas desde las inmediciones de La Estiva<\/p><\/div>\n<div id=\"attachment_27644\" style=\"width: 1034px\" class=\"wp-caption aligncenter\"><a class=\"dt-single-image\" href=\"https:\/\/www.monta\u00f1asdelaluna.es\/wp-content\/uploads\/2016\/03\/Lalarri13-001.jpg\" data-dt-img-description=\"\"><img loading=\"lazy\" decoding=\"async\" aria-describedby=\"caption-attachment-27644\" class=\"wp-image-27644 size-large\" src=\"https:\/\/www.monta\u00f1asdelaluna.es\/wp-content\/uploads\/2016\/03\/Lalarri13-001-1024x681.jpg\" alt=\"Joaqu\u00edn con la Sierra de Las Tucas detr\u00e1s\" width=\"1024\" height=\"681\" srcset=\"https:\/\/www.monta\u00f1asdelaluna.es\/wp-content\/uploads\/2016\/03\/Lalarri13-001-1024x681.jpg 1024w, https:\/\/www.monta\u00f1asdelaluna.es\/wp-content\/uploads\/2016\/03\/Lalarri13-001-300x199.jpg 300w, https:\/\/www.monta\u00f1asdelaluna.es\/wp-content\/uploads\/2016\/03\/Lalarri13-001.jpg 1810w\" sizes=\"auto, (max-width: 1024px) 100vw, 1024px\" \/><\/a><p id=\"caption-attachment-27644\" class=\"wp-caption-text\">Joaqu\u00edn con la Sierra de Las Tucas detr\u00e1s<\/p><\/div>\n<div id=\"attachment_27643\" style=\"width: 830px\" class=\"wp-caption aligncenter\"><a class=\"dt-single-image\" href=\"https:\/\/www.monta\u00f1asdelaluna.es\/wp-content\/uploads\/2016\/03\/Lalarri12-001.jpg\" data-dt-img-description=\"\"><img loading=\"lazy\" decoding=\"async\" aria-describedby=\"caption-attachment-27643\" class=\"wp-image-27643 \" src=\"https:\/\/www.monta\u00f1asdelaluna.es\/wp-content\/uploads\/2016\/03\/Lalarri12-001.jpg\" alt=\"Jes\u00fas y detr\u00e1s el Circo de Pineta\" width=\"820\" height=\"1221\" srcset=\"https:\/\/www.monta\u00f1asdelaluna.es\/wp-content\/uploads\/2016\/03\/Lalarri12-001.jpg 1217w, https:\/\/www.monta\u00f1asdelaluna.es\/wp-content\/uploads\/2016\/03\/Lalarri12-001-201x300.jpg 201w, https:\/\/www.monta\u00f1asdelaluna.es\/wp-content\/uploads\/2016\/03\/Lalarri12-001-688x1024.jpg 688w\" sizes=\"auto, (max-width: 820px) 100vw, 820px\" \/><\/a><p id=\"caption-attachment-27643\" class=\"wp-caption-text\">Jes\u00fas y detr\u00e1s el Circo de Pineta<\/p><\/div>\n<p>De nuevo volvimos a cruzar las desordenadas y desbaratadas huellas de aludes y desprendimientos. Incluso en las paredes de en frente pudimos ver la ca\u00edda y los efectos de un alud que incluso nos dio tiempo a fotografiar. La ca\u00edda de la nieve por aquella torrentera parec\u00eda que no se acababa nunca, as\u00ed comprendimos lo devastador y peligroso que puede ser la ca\u00edda de un alud gigantesco.<\/p>\n<p>Ya en la cascada y sacando el material ve\u00edamos con estupor que el lecho bajo la misma, era el derrumbe de otro alud y que a medida que sac\u00e1bamos el material, and\u00e1bamos, hac\u00edamos ruido&#8230; iban cayendo, desde la altura de la cascada, regueros de nieve, peque\u00f1os aludes. Yo volv\u00ed a no verlo claro y le dije a Jes\u00fas de volvernos, que pod\u00eda caernos un alud en poco tiempo y dejarnos enterrados bajo la nieve sin poder salir. As\u00ed que lo recogimos todo y nos volvimos a la Caba\u00f1a de La Larri resignados, desanimados pero no hundidos. Sencillamente la monta\u00f1a es as\u00ed; no le puedes hacer frente, no puedes combatirla. Tienes que saber que realmente los l\u00edmites no los pones t\u00fa, si no ella.<\/p>\n<p>Mientras volv\u00edamos a la caba\u00f1a, ten\u00edamos casi en frente la visi\u00f3n casi invisible de las gigantes Tres Sorores. Limpias de nubes bajas y con un gran sombrero de gris\u00e1ceas nubes altas, nos mostraban sus vertientes m\u00e1s desafiantes, altivas y bellas, colmadas de nieve y peligrosos corredores, por los que ca\u00edan innumerables aludes, Monte Perdido y Soum de Ramond. Ser\u00e1 algo que siempre tendr\u00eda en mente: subir al Monte Perdido por su prohibida cara norte, por su v\u00eda cl\u00e1sica, tan bella como emocionante. Pero ahora ten\u00eda claro que antes lo har\u00eda en los \u00faltimos d\u00edas de primavera o primeros del verano, ya que es la fecha ideal; y del invierno ya ver\u00edamos.<\/p>\n<div id=\"attachment_27647\" style=\"width: 1818px\" class=\"wp-caption aligncenter\"><a class=\"dt-single-image\" href=\"https:\/\/www.monta\u00f1asdelaluna.es\/wp-content\/uploads\/2016\/03\/Lalarri16-001.jpg\" data-dt-img-description=\"\"><img loading=\"lazy\" decoding=\"async\" aria-describedby=\"caption-attachment-27647\" class=\"wp-image-27647 size-full\" src=\"https:\/\/www.monta\u00f1asdelaluna.es\/wp-content\/uploads\/2016\/03\/Lalarri16-001.jpg\" alt=\"Joaqu\u00edn y el final del Valle de Pineta\" width=\"1808\" height=\"1215\" srcset=\"https:\/\/www.monta\u00f1asdelaluna.es\/wp-content\/uploads\/2016\/03\/Lalarri16-001.jpg 1808w, https:\/\/www.monta\u00f1asdelaluna.es\/wp-content\/uploads\/2016\/03\/Lalarri16-001-300x202.jpg 300w, https:\/\/www.monta\u00f1asdelaluna.es\/wp-content\/uploads\/2016\/03\/Lalarri16-001-1024x688.jpg 1024w\" sizes=\"auto, (max-width: 1808px) 100vw, 1808px\" \/><\/a><p id=\"caption-attachment-27647\" class=\"wp-caption-text\">Joaqu\u00edn y el final del Valle de Pineta<\/p><\/div>\n<div id=\"attachment_27649\" style=\"width: 1034px\" class=\"wp-caption aligncenter\"><a class=\"dt-single-image\" href=\"https:\/\/www.monta\u00f1asdelaluna.es\/wp-content\/uploads\/2016\/03\/Lalarri18-001.jpg\" data-dt-img-description=\"\"><img loading=\"lazy\" decoding=\"async\" aria-describedby=\"caption-attachment-27649\" class=\"wp-image-27649 size-large\" src=\"https:\/\/www.monta\u00f1asdelaluna.es\/wp-content\/uploads\/2016\/03\/Lalarri18-001-1024x681.jpg\" alt=\"Marcha por los Llanos de Lalarri\" width=\"1024\" height=\"681\" srcset=\"https:\/\/www.monta\u00f1asdelaluna.es\/wp-content\/uploads\/2016\/03\/Lalarri18-001-1024x681.jpg 1024w, https:\/\/www.monta\u00f1asdelaluna.es\/wp-content\/uploads\/2016\/03\/Lalarri18-001-300x199.jpg 300w, https:\/\/www.monta\u00f1asdelaluna.es\/wp-content\/uploads\/2016\/03\/Lalarri18-001.jpg 1819w\" sizes=\"auto, (max-width: 1024px) 100vw, 1024px\" \/><\/a><p id=\"caption-attachment-27649\" class=\"wp-caption-text\">Marcha por los Llanos de Lalarri<\/p><\/div>\n<p>Estando en la caba\u00f1a pasaron unos monta\u00f1eros catalanes s\u00faper equipados para hacer cascadismo y que, casualmente, pensaban hacerlo en la misma cascada helada que nosotros. Despu\u00e9s de un buen rato volv\u00edan resignados y cont\u00e1ndonos que les era imposible fijar una reuni\u00f3n y poner las cuerdas en forma de \u201cyo-yo\u201d para subir con m\u00e1s seguridad, por que no paraba de caerles peque\u00f1os desprendimientos de nieve, aludes, a lo que ve\u00edan imposible y peligroso adem\u00e1s de molesto.<\/p>\n<p>Despu\u00e9s de tantas vueltas, tantos des\u00e1nimos e intentonas de no hacer nada, decidimos bajarnos a Ronatiza y concluir aqu\u00ed nuestra actividad monta\u00f1era. Decidimos visitar el bonito pueblo de Ainsa y comer all\u00ed. As\u00ed que cargados de mochil\u00f3n y cogiendo la misma senda llegamos en poco tiempo al Parador Nacional de Monte Perdido donde dejamos el coche. El d\u00eda segu\u00eda cubierto, nublado, malo; en toda la actividad no nos hab\u00eda hecho bueno. Ya en el parador y mientras met\u00edamos las cosas en el maletero del Daewoo, un hombre que sal\u00eda del hotel con su familia nos miraba asombrado e interesado y nos preguntaba por la monta\u00f1a, mirando al espectacular Circo de Pineta como aquel que ve algo maravilloso e imposible de hacer, de conseguir; y no por que no tuviera la fuerza suficiente o el \u00edmpetu de aceptar el reto, si no por lo que arrastraba tras \u00e9l, su familia, su hijo, su esposa y una vida llena de comodidades, de rutina y ataduras materiales.<\/p>\n<div id=\"attachment_27652\" style=\"width: 830px\" class=\"wp-caption aligncenter\"><a class=\"dt-single-image\" href=\"https:\/\/www.monta\u00f1asdelaluna.es\/wp-content\/uploads\/2016\/03\/Lalarri21-001.jpg\" data-dt-img-description=\"\"><img loading=\"lazy\" decoding=\"async\" aria-describedby=\"caption-attachment-27652\" class=\"wp-image-27652 \" src=\"https:\/\/www.monta\u00f1asdelaluna.es\/wp-content\/uploads\/2016\/03\/Lalarri21-001.jpg\" alt=\"Jes\u00fas bajo la cascada de hielo\" width=\"820\" height=\"1228\" srcset=\"https:\/\/www.monta\u00f1asdelaluna.es\/wp-content\/uploads\/2016\/03\/Lalarri21-001.jpg 1210w, https:\/\/www.monta\u00f1asdelaluna.es\/wp-content\/uploads\/2016\/03\/Lalarri21-001-200x300.jpg 200w, https:\/\/www.monta\u00f1asdelaluna.es\/wp-content\/uploads\/2016\/03\/Lalarri21-001-684x1024.jpg 684w\" sizes=\"auto, (max-width: 820px) 100vw, 820px\" \/><\/a><p id=\"caption-attachment-27652\" class=\"wp-caption-text\">Jes\u00fas bajo la cascada de hielo<\/p><\/div>\n<div id=\"attachment_27653\" style=\"width: 1034px\" class=\"wp-caption aligncenter\"><a class=\"dt-single-image\" href=\"https:\/\/www.monta\u00f1asdelaluna.es\/wp-content\/uploads\/2016\/03\/Lalarri22-001.jpg\" data-dt-img-description=\"\"><img loading=\"lazy\" decoding=\"async\" aria-describedby=\"caption-attachment-27653\" class=\"wp-image-27653 size-large\" src=\"https:\/\/www.monta\u00f1asdelaluna.es\/wp-content\/uploads\/2016\/03\/Lalarri22-001-1024x681.jpg\" alt=\"Jes\u00fas en el Refugio de Pineta\" width=\"1024\" height=\"681\" srcset=\"https:\/\/www.monta\u00f1asdelaluna.es\/wp-content\/uploads\/2016\/03\/Lalarri22-001-1024x681.jpg 1024w, https:\/\/www.monta\u00f1asdelaluna.es\/wp-content\/uploads\/2016\/03\/Lalarri22-001-300x200.jpg 300w, https:\/\/www.monta\u00f1asdelaluna.es\/wp-content\/uploads\/2016\/03\/Lalarri22-001.jpg 1815w\" sizes=\"auto, (max-width: 1024px) 100vw, 1024px\" \/><\/a><p id=\"caption-attachment-27653\" class=\"wp-caption-text\">Jes\u00fas en el Refugio de Pineta<\/p><\/div>\n<p>Ya en Ronatiza pasar\u00edamos la \u00faltima noche. Jes\u00fas seguro que no olvidar\u00e1 aquella foto en el comedor que quise hacerla en el modo autom\u00e1tica pero que no me salio autom\u00e1tica y&#8230; \u00a1claro! Me di cuenta cuando apret\u00e9 el bot\u00f3n. Estall\u00f3 el flash y el sonido de correr el carrete. De nuevo casi solos en el refugio solo hab\u00eda un grupo de, casi ancianos y ancianas, franceses con un gu\u00eda tambi\u00e9n algo mayor y biling\u00fce que no paraba de fumar bajo el cartel de prohibido fumar&#8230; entonces, seguro era espa\u00f1ol. \u00c9stos preparaban las herramientas y dispositivos para ser encontrado en caso de ser sepultado por un alud. Con una especie de se\u00f1al, de alarma. Me llam\u00f3 la atenci\u00f3n otro personaje que parec\u00eda sacado de una pel\u00edcula de trogloditas y dinosaurios, oriundo de aquellos lugares, no paraba de lamentarse y de recordar los retrocesos de los seracs y hielos de los glaciares de Monte Perdido. Sin asumirlo, sab\u00edamos que estaban condenados a desaparecer irremediablemente.<\/p>\n<div id=\"attachment_27655\" style=\"width: 1034px\" class=\"wp-caption aligncenter\"><a class=\"dt-single-image\" href=\"https:\/\/www.monta\u00f1asdelaluna.es\/wp-content\/uploads\/2016\/03\/Lalarri24-001.jpg\" data-dt-img-description=\"\"><img loading=\"lazy\" decoding=\"async\" aria-describedby=\"caption-attachment-27655\" class=\"wp-image-27655 size-large\" src=\"https:\/\/www.monta\u00f1asdelaluna.es\/wp-content\/uploads\/2016\/03\/Lalarri24-001-1024x686.jpg\" alt=\"La Sierra de las Tucas desde el Refugio de Pineta\" width=\"1024\" height=\"686\" srcset=\"https:\/\/www.monta\u00f1asdelaluna.es\/wp-content\/uploads\/2016\/03\/Lalarri24-001-1024x686.jpg 1024w, https:\/\/www.monta\u00f1asdelaluna.es\/wp-content\/uploads\/2016\/03\/Lalarri24-001-300x201.jpg 300w, https:\/\/www.monta\u00f1asdelaluna.es\/wp-content\/uploads\/2016\/03\/Lalarri24-001.jpg 1816w\" sizes=\"auto, (max-width: 1024px) 100vw, 1024px\" \/><\/a><p id=\"caption-attachment-27655\" class=\"wp-caption-text\">La Sierra de las Tucas desde el Refugio de Pineta<\/p><\/div>\n<div id=\"attachment_44321\" style=\"width: 2750px\" class=\"wp-caption aligncenter\"><a class=\"dt-single-image\" href=\"https:\/\/www.monta\u00f1asdelaluna.es\/wp-content\/uploads\/2003\/02\/saliendo-del-valle-de-ainsa-de-izquierda-a-derecha-gabietos-taillon-el-casco-la-torre-picos-de-la-cascada-cilindro-monte-perdido-soum-de-ramond-punta-de-las-olas-collado-de-anisclo-sierra.jpg\" data-dt-img-description=\"\"><img loading=\"lazy\" decoding=\"async\" aria-describedby=\"caption-attachment-44321\" class=\"wp-image-44321 size-full\" src=\"https:\/\/www.monta\u00f1asdelaluna.es\/wp-content\/uploads\/2003\/02\/saliendo-del-valle-de-ainsa-de-izquierda-a-derecha-gabietos-taillon-el-casco-la-torre-picos-de-la-cascada-cilindro-monte-perdido-soum-de-ramond-punta-de-las-olas-collado-de-anisclo-sierra.jpg\" alt=\"Saliendo del valle de A\u00ednsa, de izquierda a derecha: Gabietos, Taill\u00f3n, El Casco, La Torre, Picos de La Cascada, Cilindro, Monte Perdido, Soum de Ramond, Punta de las Olas, Collado de A\u00f1isclo, Sierra de Las Tucas y macizo de La Munia. A la derecha m\u00e1s cerca la Pe\u00f1a Monta\u00f1esa\" width=\"2740\" height=\"999\" srcset=\"https:\/\/www.monta\u00f1asdelaluna.es\/wp-content\/uploads\/2003\/02\/saliendo-del-valle-de-ainsa-de-izquierda-a-derecha-gabietos-taillon-el-casco-la-torre-picos-de-la-cascada-cilindro-monte-perdido-soum-de-ramond-punta-de-las-olas-collado-de-anisclo-sierra.jpg 2740w, https:\/\/www.monta\u00f1asdelaluna.es\/wp-content\/uploads\/2003\/02\/saliendo-del-valle-de-ainsa-de-izquierda-a-derecha-gabietos-taillon-el-casco-la-torre-picos-de-la-cascada-cilindro-monte-perdido-soum-de-ramond-punta-de-las-olas-collado-de-anisclo-sierra-300x109.jpg 300w, https:\/\/www.monta\u00f1asdelaluna.es\/wp-content\/uploads\/2003\/02\/saliendo-del-valle-de-ainsa-de-izquierda-a-derecha-gabietos-taillon-el-casco-la-torre-picos-de-la-cascada-cilindro-monte-perdido-soum-de-ramond-punta-de-las-olas-collado-de-anisclo-sierra-1024x373.jpg 1024w\" sizes=\"auto, (max-width: 2740px) 100vw, 2740px\" \/><\/a><p id=\"caption-attachment-44321\" class=\"wp-caption-text\">Saliendo del valle de A\u00ednsa, de izquierda a derecha: Gabietos, Taill\u00f3n, El Casco, La Torre, Picos de La Cascada, Cilindro, Monte Perdido, Soum de Ramond, Punta de las Olas, Collado de A\u00f1isclo, Sierra de Las Tucas y macizo de La Munia. A la derecha m\u00e1s cerca la Pe\u00f1a Monta\u00f1esa<\/p><\/div>\n<p>Al otro d\u00eda deb\u00edamos partir. Esa noche pude comprobar que el cielo se estaba despejando y las temperaturas ca\u00edan en picado, al ver alguna estrella sobre el cielo de Pineta. Cual fue nuestra sorpresa que al otro d\u00eda las grises y blanquecinas nubes hab\u00edan dejado paso a un d\u00eda radiante, de un cielo azul e incre\u00edblemente despejado&#8230; ni una peque\u00f1a nube. Pero deb\u00edamos marcharnos. Subimos al Daewoo y volvimos al Parador Nacional para fotografiar el enorme, bello y asombroso Circo de Pineta, desde el Pic Blanc hasta las espaldas del Perdido y Soum de Ramond. Pocos d\u00edas habr\u00e9 visto como ese, las magn\u00edficas representaciones de esos monumentos p\u00e9treos, de esos gigantes guardianes de valles, y destructores de pasos y comunicaciones, pero Se\u00f1ores de las Pasiones y Faros de Ilusiones. Siempre me ha gustado el Valle de Pineta y el desaf\u00edo de la norte del Perdido, junto con todo lo que le rodea. Seguramente volver\u00e9.<\/p>\n<div id=\"attachment_27593\" style=\"width: 750px\" class=\"wp-caption aligncenter\"><a class=\"dt-single-image\" href=\"https:\/\/www.monta\u00f1asdelaluna.es\/wp-content\/uploads\/2000\/12\/Pineta-2\u00ba-a\u00f1o.jpg\" data-dt-img-description=\"\"><img loading=\"lazy\" decoding=\"async\" aria-describedby=\"caption-attachment-27593\" class=\"wp-image-27593 size-full\" src=\"https:\/\/www.monta\u00f1asdelaluna.es\/wp-content\/uploads\/2000\/12\/Pineta-2\u00ba-a\u00f1o.jpg\" alt=\"Croquis de la marcha por los Llanos de Lalarri\" width=\"740\" height=\"678\" srcset=\"https:\/\/www.monta\u00f1asdelaluna.es\/wp-content\/uploads\/2000\/12\/Pineta-2\u00ba-a\u00f1o.jpg 740w, https:\/\/www.monta\u00f1asdelaluna.es\/wp-content\/uploads\/2000\/12\/Pineta-2\u00ba-a\u00f1o-300x275.jpg 300w\" sizes=\"auto, (max-width: 740px) 100vw, 740px\" \/><\/a><p id=\"caption-attachment-27593\" class=\"wp-caption-text\">Croquis de la marcha por los Llanos de Lalarri<\/p><\/div>\n<p>[vc_separator][\/vc_column_text][\/vc_column][\/vc_row][vc_row][vc_column][vc_empty_space height=\u00bb60px\u00bb][\/vc_column][\/vc_row][vc_row][vc_column][vc_cta h2=\u00bb\u00c1lbum de fotos\u00bb txt_align=\u00bbcenter\u00bb add_button=\u00bbbottom\u00bb btn_title=\u00bbVer fotos\u00bb btn_color=\u00bbwarning\u00bb btn_align=\u00bbcenter\u00bb btn_link=\u00bburl:https%3A%2F%2Fmonta%C3%B1asdelaluna.es%2F%3Fdt_gallery%3Dvalle-de-pineta-concierto-de-aludes-3|title:Valle%20de%20Pineta.%20Concierto%20de%20aludes|target:_blank\u00bb css=\u00bb.vc_custom_1625754680777{background-color: #8bc4ed !important;}\u00bb]Puedes ver todas las fotos del relato y actividad en forma de presentaci\u00f3n o individuales pinchando aqui \u00a1No te las pierdas![\/vc_cta][\/vc_column][\/vc_row][vc_row][vc_column][vc_empty_space height=\u00bb60px\u00bb][\/vc_column][\/vc_row][vc_row][vc_column width=\u00bb1\/3&#8243;][\/vc_column][vc_column width=\u00bb1\/2&#8243;][vc_column_text]Tiempo en Llanos de Lalarri[\/vc_column_text][vc_raw_html]JTNDaWZyYW1lJTIwc3JjJTNEJTIyaHR0cHMlM0ElMkYlMkZ3d3cubWV0ZW9ibHVlLmNvbSUyRmVzJTJGdGllbXBvJTJGd2lkZ2V0JTJGZGFpbHklMkY0Mi42ODhOMC4wODZFJTNGZ2VvbG9jJTNEZml4ZWQlMjZkYXlzJTNENyUyNnRlbXB1bml0JTNEQ0VMU0lVUyUyNndpbmR1bml0JTNES0lMT01FVEVSX1BFUl9IT1VSJTI2Y29sb3VyZWQlM0Rjb2xvdXJlZCUyNnBpY3RvaWNvbiUzRDElMjZtYXh0ZW1wZXJhdHVyZSUzRDElMjZtaW50ZW1wZXJhdHVyZSUzRDElMjZ3aW5kc3BlZWQlM0QxJTI2d2luZGd1c3QlM0QxJTI2d2luZGRpcmVjdGlvbiUzRDElMjZwcmVjaXBpdGF0aW9uJTNEMSUyNnByZWNpcGl0YXRpb25wcm9iYWJpbGl0eSUzRDElMjZzcG90JTNEMSUyNnByZXNzdXJlJTNEMSUyNmxheW91dCUzRGxpZ2h0JTIyJTIwJTIwZnJhbWVib3JkZXIlM0QlMjIwJTIyJTIwc2Nyb2xsaW5nJTNEJTIyTk8lMjIlMjBhbGxvd3RyYW5zcGFyZW5jeSUzRCUyMnRydWUlMjIlMjBzYW5kYm94JTNEJTIyYWxsb3ctc2FtZS1vcmlnaW4lMjBhbGxvdy1zY3JpcHRzJTIwYWxsb3ctcG9wdXBzJTIyJTIwc3R5bGUlM0QlMjJ3aWR0aCUzQSUyMDM3OHB4JTNCaGVpZ2h0JTNBJTIwNDExcHglMjIlM0UlM0MlMkZpZnJhbWUlM0UlM0NkaXYlM0UlM0MlMjEtLSUyMERPJTIwTk9UJTIwUkVNT1ZFJTIwVEhJUyUyMExJTkslMjAtLSUzRSUzQ2ElMjBocmVmJTNEJTIyaHR0cHMlM0ElMkYlMkZ3d3cubWV0ZW9ibHVlLmNvbSUyRmVzJTJGdGllbXBvJTJGcHJvbm9zdGljbyUyRnNlbWFuYSUyRjQyLjY4OE4wLjA4NkUlM0Z1dG1fc291cmNlJTNEd2VhdGhlcl93aWRnZXQlMjZ1dG1fbWVkaXVtJTNEbGlua3VzJTI2dXRtX2NvbnRlbnQlM0RkYWlseSUyNnV0bV9jYW1wYWlnbiUzRFdlYXRoZXIlMjUyQldpZGdldCUyMiUyMHRhcmdldCUzRCUyMl9ibGFuayUyMiUzRW1ldGVvYmx1ZSUzQyUyRmElM0UlM0MlMkZkaXYlM0U=[\/vc_raw_html][\/vc_column][vc_column width=\u00bb1\/5&#8243;][\/vc_column][\/vc_row]<\/p>\n","protected":false},"excerpt":{"rendered":"<p>[vc_row][vc_column][vc_column_text]Aprovechando las vacaciones invernales de carnavales que alguien invent\u00f3 hace tiempo y que llamaron Semana Blanca, siempre para los profesores, claro; nos dirigimos mi, desde hace pocos a\u00f1os, nuevo compa\u00f1ero de monta\u00f1as Jes\u00fas Santana y yo al m\u00edtico Valle de Pineta. Creo que, al igual que el anterior a\u00f1o que vine, el objetivo era subir&hellip;<\/p>\n","protected":false},"author":1,"featured_media":44321,"comment_status":"open","ping_status":"open","sticky":false,"template":"","format":"standard","meta":[],"categories":[126],"tags":[],"class_list":["post-27664","post","type-post","status-publish","format-standard","has-post-thumbnail","hentry","category-valle-del-cinca","category-126","description-off"],"_links":{"self":[{"href":"https:\/\/www.monta\u00f1asdelaluna.es\/index.php?rest_route=\/wp\/v2\/posts\/27664","targetHints":{"allow":["GET"]}}],"collection":[{"href":"https:\/\/www.monta\u00f1asdelaluna.es\/index.php?rest_route=\/wp\/v2\/posts"}],"about":[{"href":"https:\/\/www.monta\u00f1asdelaluna.es\/index.php?rest_route=\/wp\/v2\/types\/post"}],"author":[{"embeddable":true,"href":"https:\/\/www.monta\u00f1asdelaluna.es\/index.php?rest_route=\/wp\/v2\/users\/1"}],"replies":[{"embeddable":true,"href":"https:\/\/www.monta\u00f1asdelaluna.es\/index.php?rest_route=%2Fwp%2Fv2%2Fcomments&post=27664"}],"version-history":[{"count":9,"href":"https:\/\/www.monta\u00f1asdelaluna.es\/index.php?rest_route=\/wp\/v2\/posts\/27664\/revisions"}],"predecessor-version":[{"id":50110,"href":"https:\/\/www.monta\u00f1asdelaluna.es\/index.php?rest_route=\/wp\/v2\/posts\/27664\/revisions\/50110"}],"wp:featuredmedia":[{"embeddable":true,"href":"https:\/\/www.monta\u00f1asdelaluna.es\/index.php?rest_route=\/wp\/v2\/media\/44321"}],"wp:attachment":[{"href":"https:\/\/www.monta\u00f1asdelaluna.es\/index.php?rest_route=%2Fwp%2Fv2%2Fmedia&parent=27664"}],"wp:term":[{"taxonomy":"category","embeddable":true,"href":"https:\/\/www.monta\u00f1asdelaluna.es\/index.php?rest_route=%2Fwp%2Fv2%2Fcategories&post=27664"},{"taxonomy":"post_tag","embeddable":true,"href":"https:\/\/www.monta\u00f1asdelaluna.es\/index.php?rest_route=%2Fwp%2Fv2%2Ftags&post=27664"}],"curies":[{"name":"wp","href":"https:\/\/api.w.org\/{rel}","templated":true}]}}