{"id":27775,"date":"2011-06-18T18:07:43","date_gmt":"2011-06-18T18:07:43","guid":{"rendered":"http:\/\/monta\u00f1asdelaluna.com\/?p=27775"},"modified":"2021-08-01T10:14:22","modified_gmt":"2021-08-01T10:14:22","slug":"cara-norte-de-monte-perdido-el-gigante-caido","status":"publish","type":"post","link":"https:\/\/www.monta\u00f1asdelaluna.es\/?p=27775","title":{"rendered":"Cara norte de Monte Perdido. El gigante ca\u00eddo"},"content":{"rendered":"<p>[vc_row][vc_column][vc_column_text]Se habla de las caras norte de las monta\u00f1as, generalizando, por que son las laderas m\u00e1s escarpadas, m\u00e1s fr\u00edas, que m\u00e1s han sufrido la erosi\u00f3n de los hielos, de los antiguos glaciares y las sombras. Paredes, car\u00e1mbanos, corredores de nieve y hielo, verticalidades y dificultades se unen en las laderas norte de estas monta\u00f1as.<\/p>\n<p>Y como no, uno de los gigantes del Pirineo, el Monte Perdido, tiene la suya. Una pared no excesivamente t\u00e9cnica pero de largo recorrido y, eso s\u00ed, espectacular, bell\u00edsima, cautivadora.<\/p>\n<p>Tanto es as\u00ed que ya en varias ocasiones intent\u00e9 formar alguna \u201cexpedici\u00f3n\u201d para lograr su conquista; sin lograr la misma. Hasta el pasado fin de semana del 18 y 19 de junio de 2011 en que culminamos con \u00e9xito ese precioso, esforzado e incre\u00edble reto. Este es el Relato y su Ruta:<\/p>\n<p>Sobre las 10 de la ma\u00f1ana del s\u00e1bado 18 de junio nos encontramos en el prado de Pineta Manolet, Antonio Cuartero y yo. Es una sorpresa el que se venga Antonio, a la vez una alegr\u00eda y alivio; como \u00e9l mismo dice, Manolet lo enga\u00f1\u00f3 a \u00faltima hora. Nos preparamos las mochilas con todo el material y, por una mala comunicaci\u00f3n, nos falta material para realizar la subida (un arn\u00e9s, un casco&#8230;), y Manolet tampoco se ha tra\u00eddo piolets t\u00e9cnicos \u201c\u00a1Es una cara norte!\u201d le digo yo. Despu\u00e9s de los abrazos y alegr\u00eda por el reencuentro, emprendemos la larga y tremenda subida al Balc\u00f3n de Pineta.<\/p>\n<div id=\"attachment_27675\" style=\"width: 1034px\" class=\"wp-caption aligncenter\"><a class=\"dt-single-image\" href=\"https:\/\/www.monta\u00f1asdelaluna.es\/wp-content\/uploads\/2016\/03\/Monte-Perdido.-Cara-norte.-18-19-06-11-007.jpg\" data-dt-img-description=\"\"><img loading=\"lazy\" decoding=\"async\" aria-describedby=\"caption-attachment-27675\" class=\"wp-image-27675 size-large\" src=\"https:\/\/www.monta\u00f1asdelaluna.es\/wp-content\/uploads\/2016\/03\/Monte-Perdido.-Cara-norte.-18-19-06-11-007-1024x768.jpg\" alt=\"Camino del Circo de Pineta\" width=\"1024\" height=\"768\" srcset=\"https:\/\/www.monta\u00f1asdelaluna.es\/wp-content\/uploads\/2016\/03\/Monte-Perdido.-Cara-norte.-18-19-06-11-007-1024x768.jpg 1024w, https:\/\/www.monta\u00f1asdelaluna.es\/wp-content\/uploads\/2016\/03\/Monte-Perdido.-Cara-norte.-18-19-06-11-007-300x225.jpg 300w, https:\/\/www.monta\u00f1asdelaluna.es\/wp-content\/uploads\/2016\/03\/Monte-Perdido.-Cara-norte.-18-19-06-11-007.jpg 1795w\" sizes=\"auto, (max-width: 1024px) 100vw, 1024px\" \/><\/a><p id=\"caption-attachment-27675\" class=\"wp-caption-text\">Camino del Circo de Pineta<\/p><\/div>\n<div id=\"attachment_27680\" style=\"width: 830px\" class=\"wp-caption aligncenter\"><a class=\"dt-single-image\" href=\"https:\/\/www.monta\u00f1asdelaluna.es\/wp-content\/uploads\/2016\/03\/Monte-Perdido.-Cara-norte.-18-19-06-11-017.jpg\" data-dt-img-description=\"\"><img loading=\"lazy\" decoding=\"async\" aria-describedby=\"caption-attachment-27680\" class=\"wp-image-27680 \" src=\"https:\/\/www.monta\u00f1asdelaluna.es\/wp-content\/uploads\/2016\/03\/Monte-Perdido.-Cara-norte.-18-19-06-11-017.jpg\" alt=\"Hayedo de Pineta\" width=\"820\" height=\"1093\" srcset=\"https:\/\/www.monta\u00f1asdelaluna.es\/wp-content\/uploads\/2016\/03\/Monte-Perdido.-Cara-norte.-18-19-06-11-017.jpg 1346w, https:\/\/www.monta\u00f1asdelaluna.es\/wp-content\/uploads\/2016\/03\/Monte-Perdido.-Cara-norte.-18-19-06-11-017-225x300.jpg 225w, https:\/\/www.monta\u00f1asdelaluna.es\/wp-content\/uploads\/2016\/03\/Monte-Perdido.-Cara-norte.-18-19-06-11-017-768x1024.jpg 768w\" sizes=\"auto, (max-width: 820px) 100vw, 820px\" \/><\/a><p id=\"caption-attachment-27680\" class=\"wp-caption-text\">Hayedo de Pineta<\/p><\/div>\n<p>Comenzamos cruzando el formidable bosque de hayas. Gigantescos \u00e1rboles y sombr\u00edos rincones que no dejan pasar la luz del sol en pleno d\u00eda&#8230; por ello no tienen sotobosque. Bell\u00edsimo. Salimos del mismo bosque y empezamos a contemplar la fant\u00e1stica muralla del Circo de Pineta. Incre\u00edble la altura, desniveles y escarpes. Mis compa\u00f1eros se preguntan por donde subiremos, parece imposible que haya un camino entre esas paredes, y verdaderamente es la impresi\u00f3n que d\u00e1. Un circo como una fortaleza inexpugnable, rodeada de puntiagudos y verticales picos, como torreones y almenas. Vigilantes, observadores, preludio de las incre\u00edbles e impresionantes monta\u00f1as y altitudes con las que nos \u00edbamos a encontrar. Una gigantesca cascada nos maravilla con su exagerada y sorprendente ca\u00edda de abundante agua: la Cascada del Cinca. Pero decenas de peque\u00f1as y medianas cascadas salpican por doquier el maravilloso Circo de Pineta. M\u00e1s all\u00e1, m\u00e1s arriba, a m\u00e1s altura&#8230; las inmediaciones, faldas nevadas, escarpadas, oscuras y claras de la negra roca y la blanca nieve de Monte Perdido; pero el gigante no se deja ver entero a\u00fan.<\/p>\n<p>La subida es larga, esforzada, pesada&#8230; son unos 1.300 mts. de desnivel. Pocos descansos, gente que sube, que baja, y al final un pasillo entre el vac\u00edo y la planicie del Balc\u00f3n, termina la extenuante e interminable subida al Balc\u00f3n de Pineta. La vista es extraordinaria, incre\u00edble, el Valle de Pineta aparece desde las alturas como una verde alfombra de espeso y formidable bosque que baja de las vertiginosas y desafiantes laderas de la Sierra de Las Tucas. Hipnotizante. Embelesador. Uno no se cansa de admirar esta maravilla de la naturaleza: el Valle de Pineta. Y de repente otras formidables monta\u00f1as surgen desafiantes y magn\u00edficas cerrando el altiplano que forma las lomas del Balc\u00f3n de Pineta: Monte Perdido, Cilindro, Astazou&#8230; La primera visi\u00f3n de la ladera norte de Monte Perdido te deja ensimismado, empeque\u00f1ecido ante la formidable barrera de hielos, rocas, terrazas, paredes, neveros&#8230; puestos de tal manera como si fuera un laberinto de suaves y embravecidas formas que te llaman la atenci\u00f3n, te maravillan, te impresionan. Inhiesto el Cilindro de Marbor\u00e9; una entera pared, cil\u00edndrica (su forma le d\u00e1 el nombre), vertical, espectacular, grandiosa e infranqueable; sin dejar sitio a neveros ni hielos colgantes. Bello&#8230;<\/p>\n<div id=\"attachment_27682\" style=\"width: 1034px\" class=\"wp-caption aligncenter\"><a class=\"dt-single-image\" href=\"https:\/\/www.monta\u00f1asdelaluna.es\/wp-content\/uploads\/2016\/03\/Monte-Perdido.-Cara-norte.-18-19-06-11-019.jpg\" data-dt-img-description=\"\"><img loading=\"lazy\" decoding=\"async\" aria-describedby=\"caption-attachment-27682\" class=\"wp-image-27682 size-large\" src=\"https:\/\/www.monta\u00f1asdelaluna.es\/wp-content\/uploads\/2016\/03\/Monte-Perdido.-Cara-norte.-18-19-06-11-019-1024x768.jpg\" alt=\"Antonio, Manolet y Joaqu\u00edn con la Cascada del Cinca y el Circo de Pineta detr\u00e1s\" width=\"1024\" height=\"768\" srcset=\"https:\/\/www.monta\u00f1asdelaluna.es\/wp-content\/uploads\/2016\/03\/Monte-Perdido.-Cara-norte.-18-19-06-11-019-1024x768.jpg 1024w, https:\/\/www.monta\u00f1asdelaluna.es\/wp-content\/uploads\/2016\/03\/Monte-Perdido.-Cara-norte.-18-19-06-11-019-300x225.jpg 300w, https:\/\/www.monta\u00f1asdelaluna.es\/wp-content\/uploads\/2016\/03\/Monte-Perdido.-Cara-norte.-18-19-06-11-019.jpg 1795w\" sizes=\"auto, (max-width: 1024px) 100vw, 1024px\" \/><\/a><p id=\"caption-attachment-27682\" class=\"wp-caption-text\">Antonio, Manolet y Joaqu\u00edn con la Cascada del Cinca y el Circo de Pineta detr\u00e1s<\/p><\/div>\n<div id=\"attachment_27684\" style=\"width: 830px\" class=\"wp-caption aligncenter\"><a class=\"dt-single-image\" href=\"https:\/\/www.monta\u00f1asdelaluna.es\/wp-content\/uploads\/2016\/03\/Monte-Perdido.-Cara-norte.-18-19-06-11-022.jpg\" data-dt-img-description=\"\"><img loading=\"lazy\" decoding=\"async\" aria-describedby=\"caption-attachment-27684\" class=\"wp-image-27684 \" src=\"https:\/\/www.monta\u00f1asdelaluna.es\/wp-content\/uploads\/2016\/03\/Monte-Perdido.-Cara-norte.-18-19-06-11-022.jpg\" alt=\"Cascada del Cinca\" width=\"820\" height=\"1093\" srcset=\"https:\/\/www.monta\u00f1asdelaluna.es\/wp-content\/uploads\/2016\/03\/Monte-Perdido.-Cara-norte.-18-19-06-11-022.jpg 1346w, https:\/\/www.monta\u00f1asdelaluna.es\/wp-content\/uploads\/2016\/03\/Monte-Perdido.-Cara-norte.-18-19-06-11-022-225x300.jpg 225w, https:\/\/www.monta\u00f1asdelaluna.es\/wp-content\/uploads\/2016\/03\/Monte-Perdido.-Cara-norte.-18-19-06-11-022-768x1024.jpg 768w\" sizes=\"auto, (max-width: 820px) 100vw, 820px\" \/><\/a><p id=\"caption-attachment-27684\" class=\"wp-caption-text\">Cascada del Cinca<\/p><\/div>\n<div id=\"attachment_27689\" style=\"width: 1034px\" class=\"wp-caption aligncenter\"><a class=\"dt-single-image\" href=\"https:\/\/www.monta\u00f1asdelaluna.es\/wp-content\/uploads\/2016\/03\/Monte-Perdido.-Cara-norte.-18-19-06-11-027.jpg\" data-dt-img-description=\"\"><img loading=\"lazy\" decoding=\"async\" aria-describedby=\"caption-attachment-27689\" class=\"wp-image-27689 size-large\" src=\"https:\/\/www.monta\u00f1asdelaluna.es\/wp-content\/uploads\/2016\/03\/Monte-Perdido.-Cara-norte.-18-19-06-11-027-1024x768.jpg\" alt=\"Antonio y Manolet subiendo al Balc\u00f3n de Pineta\" width=\"1024\" height=\"768\" srcset=\"https:\/\/www.monta\u00f1asdelaluna.es\/wp-content\/uploads\/2016\/03\/Monte-Perdido.-Cara-norte.-18-19-06-11-027-1024x768.jpg 1024w, https:\/\/www.monta\u00f1asdelaluna.es\/wp-content\/uploads\/2016\/03\/Monte-Perdido.-Cara-norte.-18-19-06-11-027-300x225.jpg 300w, https:\/\/www.monta\u00f1asdelaluna.es\/wp-content\/uploads\/2016\/03\/Monte-Perdido.-Cara-norte.-18-19-06-11-027.jpg 1795w\" sizes=\"auto, (max-width: 1024px) 100vw, 1024px\" \/><\/a><p id=\"caption-attachment-27689\" class=\"wp-caption-text\">Antonio y Manolet subiendo al Balc\u00f3n de Pineta<\/p><\/div>\n<p>Despu\u00e9s de entretenernos con la primera visi\u00f3n de estos gigantes y fotografiar con nuestras pupilas esas visiones eternas y perennes, decidimos buscar un sitio para poner la tienda de campa\u00f1a. Al final, despu\u00e9s de andar y pasar la ca\u00f3tica ladera de gigantescas rocas, elegimos una peque\u00f1a terraza, cercana a la v\u00eda normal de subida al Cuello del Cilindro y a una distancia adecuada a la ruta que \u00edbamos a utilizar de subida; con unas vistas envidiables a la cara norte de Monte Perdido. El desaf\u00edo estaba servido. Despu\u00e9s de montar el igl\u00fa nos quedamos observando la monta\u00f1a intentando adivinar su admirable subida de la v\u00eda cl\u00e1sica norte: la Primera y larga Canal, el Glaciar Intermedio, el paso al Glaciar Superior, la Segunda y misteriosa Canal y su salida.<\/p>\n<p>A\u00fan queda abundante nieve en este \u201caltiplano\u201d pirenaico, sobretodo en las laderas que rodean al Monte Perdido, Cilindro y Marbor\u00e9. El tiempo es excepcional; aunque hace algo de fresco a esta altura a pesar de ser mediados de junio. Me acuerdo del fr\u00edo que pas\u00e9 la \u00faltima vez que estuve aqu\u00ed, y eso que fue en julio. Hablamos con un par de monta\u00f1eros \u00bfvascos? que hab\u00edan escogido la misma terraza que la nuestra para pasar la noche; ellos har\u00e1n el Cilindro ma\u00f1ana. Descubrimos que hay gente que ha intentado la norte de Monte Perdido pero se ha echado atr\u00e1s en el Glaciar Intermedio; vamos descubriendo sus huellas, y su retirada a lo largo del glaciar hac\u00eda la v\u00eda normal al Cuello del Cilindro.<\/p>\n<div id=\"attachment_27696\" style=\"width: 1034px\" class=\"wp-caption aligncenter\"><a class=\"dt-single-image\" href=\"https:\/\/www.monta\u00f1asdelaluna.es\/wp-content\/uploads\/2016\/03\/Monte-Perdido.-Cara-norte.-18-19-06-11-039.jpg\" data-dt-img-description=\"\"><img loading=\"lazy\" decoding=\"async\" aria-describedby=\"caption-attachment-27696\" class=\"wp-image-27696 size-large\" src=\"https:\/\/www.monta\u00f1asdelaluna.es\/wp-content\/uploads\/2016\/03\/Monte-Perdido.-Cara-norte.-18-19-06-11-039-1024x768.jpg\" alt=\"Antonio y Manolet subiendo al Balc\u00f3n de Pineta\" width=\"1024\" height=\"768\" srcset=\"https:\/\/www.monta\u00f1asdelaluna.es\/wp-content\/uploads\/2016\/03\/Monte-Perdido.-Cara-norte.-18-19-06-11-039-1024x768.jpg 1024w, https:\/\/www.monta\u00f1asdelaluna.es\/wp-content\/uploads\/2016\/03\/Monte-Perdido.-Cara-norte.-18-19-06-11-039-300x225.jpg 300w, https:\/\/www.monta\u00f1asdelaluna.es\/wp-content\/uploads\/2016\/03\/Monte-Perdido.-Cara-norte.-18-19-06-11-039.jpg 1795w\" sizes=\"auto, (max-width: 1024px) 100vw, 1024px\" \/><\/a><p id=\"caption-attachment-27696\" class=\"wp-caption-text\">Antonio y Manolet subiendo al Balc\u00f3n de Pineta<\/p><\/div>\n<div id=\"attachment_27699\" style=\"width: 1034px\" class=\"wp-caption aligncenter\"><a class=\"dt-single-image\" href=\"https:\/\/www.monta\u00f1asdelaluna.es\/wp-content\/uploads\/2016\/03\/Monte-Perdido.-Cara-norte.-18-19-06-11-049.jpg\" data-dt-img-description=\"\"><img loading=\"lazy\" decoding=\"async\" aria-describedby=\"caption-attachment-27699\" class=\"wp-image-27699 size-large\" src=\"https:\/\/www.monta\u00f1asdelaluna.es\/wp-content\/uploads\/2016\/03\/Monte-Perdido.-Cara-norte.-18-19-06-11-049-1024x768.jpg\" alt=\"Joaqu\u00edn, Manolet y Antonio en la subida al Balc\u00f3n de Pineta\" width=\"1024\" height=\"768\" srcset=\"https:\/\/www.monta\u00f1asdelaluna.es\/wp-content\/uploads\/2016\/03\/Monte-Perdido.-Cara-norte.-18-19-06-11-049-1024x768.jpg 1024w, https:\/\/www.monta\u00f1asdelaluna.es\/wp-content\/uploads\/2016\/03\/Monte-Perdido.-Cara-norte.-18-19-06-11-049-300x225.jpg 300w, https:\/\/www.monta\u00f1asdelaluna.es\/wp-content\/uploads\/2016\/03\/Monte-Perdido.-Cara-norte.-18-19-06-11-049.jpg 1795w\" sizes=\"auto, (max-width: 1024px) 100vw, 1024px\" \/><\/a><p id=\"caption-attachment-27699\" class=\"wp-caption-text\">Joaqu\u00edn, Manolet y Antonio en la subida al Balc\u00f3n de Pineta<\/p><\/div>\n<div id=\"attachment_27703\" style=\"width: 1034px\" class=\"wp-caption aligncenter\"><a class=\"dt-single-image\" href=\"https:\/\/www.monta\u00f1asdelaluna.es\/wp-content\/uploads\/2016\/03\/Monte-Perdido.-Cara-norte.-18-19-06-11-053.jpg\" data-dt-img-description=\"\"><img loading=\"lazy\" decoding=\"async\" aria-describedby=\"caption-attachment-27703\" class=\"wp-image-27703 size-large\" src=\"https:\/\/www.monta\u00f1asdelaluna.es\/wp-content\/uploads\/2016\/03\/Monte-Perdido.-Cara-norte.-18-19-06-11-053-1024x768.jpg\" alt=\"Antonio en el Balc\u00f3n de Pineta, a la derecha Monte Perdido con su cara norte y glaciares\" width=\"1024\" height=\"768\" srcset=\"https:\/\/www.monta\u00f1asdelaluna.es\/wp-content\/uploads\/2016\/03\/Monte-Perdido.-Cara-norte.-18-19-06-11-053-1024x768.jpg 1024w, https:\/\/www.monta\u00f1asdelaluna.es\/wp-content\/uploads\/2016\/03\/Monte-Perdido.-Cara-norte.-18-19-06-11-053-300x225.jpg 300w, https:\/\/www.monta\u00f1asdelaluna.es\/wp-content\/uploads\/2016\/03\/Monte-Perdido.-Cara-norte.-18-19-06-11-053.jpg 1795w\" sizes=\"auto, (max-width: 1024px) 100vw, 1024px\" \/><\/a><p id=\"caption-attachment-27703\" class=\"wp-caption-text\">Antonio en el Balc\u00f3n de Pineta, a la derecha Monte Perdido con su cara norte y glaciares<\/p><\/div>\n<p>Manolet est\u00e1 m\u00e1s acostumbrado a la altura y al sobreesfuerzo, est\u00e1 entrenado al andar por Sierra Nevada. A Antonio y a mi nos d\u00e1 un baj\u00f3n a la hora de la cena, hace tiempo que no hacemos algo parecido, tan esforzado y duro. A Antonio le reaparece una vieja lesi\u00f3n en la rodilla, y el dolor hace peligrar su intento de ma\u00f1ana. Yo me tomo un ibuprofeno y me acuesto a la espera de que el sue\u00f1o se lleve todos los dolores y malestares, no ceno pr\u00e1cticamente nada&#8230; \u00a1Veremos lo que hacemos ma\u00f1ana!<\/p>\n<p>Se aprecia algo de claridad fuera de la tienda en mitad de la noche \u00bfest\u00e1 amaneciendo? no hemos puestos los despertadores y la idea es levantarnos a las 04\u201930 horas de la ma\u00f1ana. Descubro que la luna ilumina la noche y que a\u00fan queda una hora para despertarnos. Duermo algo y me despierto a las 5 de la ma\u00f1ana&#8230; \u00a1Ya se nos hace tarde! Despierto a mis compa\u00f1eros, nos levantamos, preparamos y nos concienciamos de la tremenda subida que tenemos por delante.<\/p>\n<div id=\"attachment_27705\" style=\"width: 1805px\" class=\"wp-caption aligncenter\"><a class=\"dt-single-image\" href=\"https:\/\/www.monta\u00f1asdelaluna.es\/wp-content\/uploads\/2016\/03\/Monte-Perdido.-Cara-norte.-18-19-06-11-057.jpg\" data-dt-img-description=\"\"><img loading=\"lazy\" decoding=\"async\" aria-describedby=\"caption-attachment-27705\" class=\"wp-image-27705 size-full\" src=\"https:\/\/www.monta\u00f1asdelaluna.es\/wp-content\/uploads\/2016\/03\/Monte-Perdido.-Cara-norte.-18-19-06-11-057.jpg\" alt=\"Antonio, Joaqu\u00edn y Manolet acampados frente al Monte Perdido\" width=\"1795\" height=\"1346\" srcset=\"https:\/\/www.monta\u00f1asdelaluna.es\/wp-content\/uploads\/2016\/03\/Monte-Perdido.-Cara-norte.-18-19-06-11-057.jpg 1795w, https:\/\/www.monta\u00f1asdelaluna.es\/wp-content\/uploads\/2016\/03\/Monte-Perdido.-Cara-norte.-18-19-06-11-057-300x225.jpg 300w, https:\/\/www.monta\u00f1asdelaluna.es\/wp-content\/uploads\/2016\/03\/Monte-Perdido.-Cara-norte.-18-19-06-11-057-1024x768.jpg 1024w\" sizes=\"auto, (max-width: 1795px) 100vw, 1795px\" \/><\/a><p id=\"caption-attachment-27705\" class=\"wp-caption-text\">Antonio, Joaqu\u00edn y Manolet acampados frente al Monte Perdido<\/p><\/div>\n<div id=\"attachment_27706\" style=\"width: 1805px\" class=\"wp-caption aligncenter\"><a class=\"dt-single-image\" href=\"https:\/\/www.monta\u00f1asdelaluna.es\/wp-content\/uploads\/2016\/03\/Monte-Perdido.-Cara-norte.-18-19-06-11-058.jpg\" data-dt-img-description=\"\"><img loading=\"lazy\" decoding=\"async\" aria-describedby=\"caption-attachment-27706\" class=\"wp-image-27706 size-full\" src=\"https:\/\/www.monta\u00f1asdelaluna.es\/wp-content\/uploads\/2016\/03\/Monte-Perdido.-Cara-norte.-18-19-06-11-058.jpg\" alt=\"Acampados frente al Monte Perdido\" width=\"1795\" height=\"1346\" srcset=\"https:\/\/www.monta\u00f1asdelaluna.es\/wp-content\/uploads\/2016\/03\/Monte-Perdido.-Cara-norte.-18-19-06-11-058.jpg 1795w, https:\/\/www.monta\u00f1asdelaluna.es\/wp-content\/uploads\/2016\/03\/Monte-Perdido.-Cara-norte.-18-19-06-11-058-300x225.jpg 300w, https:\/\/www.monta\u00f1asdelaluna.es\/wp-content\/uploads\/2016\/03\/Monte-Perdido.-Cara-norte.-18-19-06-11-058-1024x768.jpg 1024w\" sizes=\"auto, (max-width: 1795px) 100vw, 1795px\" \/><\/a><p id=\"caption-attachment-27706\" class=\"wp-caption-text\">Acampados frente al Monte Perdido<\/p><\/div>\n<div id=\"attachment_27708\" style=\"width: 1034px\" class=\"wp-caption aligncenter\"><a class=\"dt-single-image\" href=\"https:\/\/www.monta\u00f1asdelaluna.es\/wp-content\/uploads\/2016\/03\/Monte-Perdido.-Cara-norte.-18-19-06-11-060.jpg\" data-dt-img-description=\"\"><img loading=\"lazy\" decoding=\"async\" aria-describedby=\"caption-attachment-27708\" class=\"wp-image-27708 size-large\" src=\"https:\/\/www.monta\u00f1asdelaluna.es\/wp-content\/uploads\/2016\/03\/Monte-Perdido.-Cara-norte.-18-19-06-11-060-1024x768.jpg\" alt=\"Descanso a media tarde\" width=\"1024\" height=\"768\" srcset=\"https:\/\/www.monta\u00f1asdelaluna.es\/wp-content\/uploads\/2016\/03\/Monte-Perdido.-Cara-norte.-18-19-06-11-060-1024x768.jpg 1024w, https:\/\/www.monta\u00f1asdelaluna.es\/wp-content\/uploads\/2016\/03\/Monte-Perdido.-Cara-norte.-18-19-06-11-060-300x225.jpg 300w, https:\/\/www.monta\u00f1asdelaluna.es\/wp-content\/uploads\/2016\/03\/Monte-Perdido.-Cara-norte.-18-19-06-11-060.jpg 1795w\" sizes=\"auto, (max-width: 1024px) 100vw, 1024px\" \/><\/a><p id=\"caption-attachment-27708\" class=\"wp-caption-text\">Descanso a media tarde<\/p><\/div>\n<p>Antonio decide no venirse; la lesi\u00f3n de la rodilla sigue afect\u00e1ndole y, hablando, es preferible no afrontar tal haza\u00f1a en su estado. Por ello entre Manolet y yo nos repartimos su material que nos faltaba y nos encaminamos justo en direcci\u00f3n a la Primera Canal bajo los tremendos seracs del glaciar intermedio. Salimos a eso de las 6 de la ma\u00f1ana, y ya vemos varias cordadas que se nos han adelantado.<\/p>\n<p>Comenzamos una traves\u00eda memorable, larga, bella y magn\u00edfica. Inquietante y muy satisfactoria&#8230; es como si con esta ruta ya te convirtieras en un aut\u00e9ntico pirene\u00edsta.<\/p>\n<p style=\"text-align: center;\"><strong>LA RUTA POR LA CARA NORTE DE MONTE PERDIDO:<\/strong><\/p>\n<div id=\"attachment_27709\" style=\"width: 1805px\" class=\"wp-caption aligncenter\"><a class=\"dt-single-image\" href=\"https:\/\/www.monta\u00f1asdelaluna.es\/wp-content\/uploads\/2016\/03\/Monte-Perdido.-Cara-norte.-18-19-06-11-063.jpg\" data-dt-img-description=\"\"><img loading=\"lazy\" decoding=\"async\" aria-describedby=\"caption-attachment-27709\" class=\"wp-image-27709 size-full\" src=\"https:\/\/www.monta\u00f1asdelaluna.es\/wp-content\/uploads\/2016\/03\/Monte-Perdido.-Cara-norte.-18-19-06-11-063.jpg\" alt=\"Cara norte de Monte Perdido con sus glaciares\" width=\"1795\" height=\"1346\" srcset=\"https:\/\/www.monta\u00f1asdelaluna.es\/wp-content\/uploads\/2016\/03\/Monte-Perdido.-Cara-norte.-18-19-06-11-063.jpg 1795w, https:\/\/www.monta\u00f1asdelaluna.es\/wp-content\/uploads\/2016\/03\/Monte-Perdido.-Cara-norte.-18-19-06-11-063-300x225.jpg 300w, https:\/\/www.monta\u00f1asdelaluna.es\/wp-content\/uploads\/2016\/03\/Monte-Perdido.-Cara-norte.-18-19-06-11-063-1024x768.jpg 1024w\" sizes=\"auto, (max-width: 1795px) 100vw, 1795px\" \/><\/a><p id=\"caption-attachment-27709\" class=\"wp-caption-text\">Cara norte de Monte Perdido con sus glaciares<\/p><\/div>\n<p>Lo primero es acercarte hasta la base de la misma, hasta justo la enorme v\u00eda de escape de los seracs ca\u00eddos de hielo vivo del glaciar intermedio; colgado casi prodigiosamente y pareciendo como si en cualquier momento se desprendiera con un estruendo pavoroso. A la izquierda del mismo hay un corredor recto, de paredes muy estrechas y a salvo de las ca\u00eddas de esos seracs de hielo. Largo, largo pero no excesivamente inclinado, f\u00e1cil de asumir e interminable.<\/p>\n<p>Manolet va delante de m\u00ed. Y la visi\u00f3n de estar por debajo de esas enormes masas de hielo de la terminaci\u00f3n del glaciar, hace que agilices tus pasos hac\u00eda la Canal, la Primera Canal.<\/p>\n<p>El sol hace tiempo que ha salido y roza con sus rayos las planicies del glaciar intermedio y las partes m\u00e1s altas de la monta\u00f1a. Esperamos no llegar demasiado tarde y encontrar las condiciones \u00f3ptimas de nieve.<\/p>\n<p>En algunas descripciones hablan de la salida de esta Primera Canal como algo, poco, complicada, pero nada de eso; enseguida est\u00e1s, muy f\u00e1cilmente, en el Glaciar Intermedio.<\/p>\n<div id=\"attachment_27711\" style=\"width: 1034px\" class=\"wp-caption aligncenter\"><a class=\"dt-single-image\" href=\"https:\/\/www.monta\u00f1asdelaluna.es\/wp-content\/uploads\/2016\/03\/Monte-Perdido.-Cara-norte.-18-19-06-11-068.jpg\" data-dt-img-description=\"\"><img loading=\"lazy\" decoding=\"async\" aria-describedby=\"caption-attachment-27711\" class=\"wp-image-27711 size-large\" src=\"https:\/\/www.monta\u00f1asdelaluna.es\/wp-content\/uploads\/2016\/03\/Monte-Perdido.-Cara-norte.-18-19-06-11-068-1024x768.jpg\" alt=\"Noche bajo Monte Perdido\" width=\"1024\" height=\"768\" srcset=\"https:\/\/www.monta\u00f1asdelaluna.es\/wp-content\/uploads\/2016\/03\/Monte-Perdido.-Cara-norte.-18-19-06-11-068-1024x768.jpg 1024w, https:\/\/www.monta\u00f1asdelaluna.es\/wp-content\/uploads\/2016\/03\/Monte-Perdido.-Cara-norte.-18-19-06-11-068-300x225.jpg 300w, https:\/\/www.monta\u00f1asdelaluna.es\/wp-content\/uploads\/2016\/03\/Monte-Perdido.-Cara-norte.-18-19-06-11-068.jpg 1795w\" sizes=\"auto, (max-width: 1024px) 100vw, 1024px\" \/><\/a><p id=\"caption-attachment-27711\" class=\"wp-caption-text\">Noche bajo Monte Perdido<\/p><\/div>\n<div id=\"attachment_27712\" style=\"width: 1034px\" class=\"wp-caption aligncenter\"><a class=\"dt-single-image\" href=\"https:\/\/www.monta\u00f1asdelaluna.es\/wp-content\/uploads\/2016\/03\/Monte-Perdido.-Cara-norte.-18-19-06-11-069.jpg\" data-dt-img-description=\"\"><img loading=\"lazy\" decoding=\"async\" aria-describedby=\"caption-attachment-27712\" class=\"wp-image-27712 size-large\" src=\"https:\/\/www.monta\u00f1asdelaluna.es\/wp-content\/uploads\/2016\/03\/Monte-Perdido.-Cara-norte.-18-19-06-11-069-1024x768.jpg\" alt=\"Joaqu\u00edn aproxim\u00e1ndose al Monte Perdido\" width=\"1024\" height=\"768\" srcset=\"https:\/\/www.monta\u00f1asdelaluna.es\/wp-content\/uploads\/2016\/03\/Monte-Perdido.-Cara-norte.-18-19-06-11-069-1024x768.jpg 1024w, https:\/\/www.monta\u00f1asdelaluna.es\/wp-content\/uploads\/2016\/03\/Monte-Perdido.-Cara-norte.-18-19-06-11-069-300x225.jpg 300w, https:\/\/www.monta\u00f1asdelaluna.es\/wp-content\/uploads\/2016\/03\/Monte-Perdido.-Cara-norte.-18-19-06-11-069.jpg 1795w\" sizes=\"auto, (max-width: 1024px) 100vw, 1024px\" \/><\/a><p id=\"caption-attachment-27712\" class=\"wp-caption-text\">Joaqu\u00edn aproxim\u00e1ndose al Monte Perdido<\/p><\/div>\n<p>El Glaciar Intermedio es una ampl\u00eda falsa planicie fr\u00eda y ondulada que, a pesar de sol y el buen tiempo, hace que te abrigues si te paras en medio del mismo&#8230; \u00a1Es un congelador enorme! El d\u00eda es muy, muy bueno, ni una nube y ni pizca de calor, la nieve excelente y el viento algo fresco o fr\u00edo del norte, pero preferible. La huella est\u00e1 hecha. Casi en horizontal atravesamos el glaciar en direcci\u00f3n a los deshechos de un antiguo alud bajo una enorme roca (que separa el Glaciar Intermedio del Superior) y a la derecha de la gigantesca rimaya, que ahora quedar\u00eda sobre nosotros. F\u00e1cil y c\u00f3modo. Al fondo, la especular imagen del Cilindro bajo este magn\u00edfico sol y d\u00eda, te llena y te asombra bajo su formidable perfil. Algo m\u00e1s abajo, la vertiginosa ca\u00edda del glaciar, te hace pensar que sigues pisando terreno de aventura, en el que no puedes perder la concentraci\u00f3n y en la que una eventual ca\u00edda con hielo duro, puede hacerte caer, resbalar, en direcci\u00f3n a la salida del mismo por los seracs anteriormente rodeados. Espectacular.<\/p>\n<p>Desde la tienda, Antonio que no ha podido acompa\u00f1arnos debido a su lesi\u00f3n, nos hace unas fotos espectaculares sobre nuestra progresi\u00f3n en esta incre\u00edble ruta.<\/p>\n<div id=\"attachment_27715\" style=\"width: 1034px\" class=\"wp-caption aligncenter\"><a class=\"dt-single-image\" href=\"https:\/\/www.monta\u00f1asdelaluna.es\/wp-content\/uploads\/2016\/03\/Monte-Perdido.-Cara-norte.-18-19-06-11-074.jpg\" data-dt-img-description=\"\"><img loading=\"lazy\" decoding=\"async\" aria-describedby=\"caption-attachment-27715\" class=\"wp-image-27715 size-large\" src=\"https:\/\/www.monta\u00f1asdelaluna.es\/wp-content\/uploads\/2016\/03\/Monte-Perdido.-Cara-norte.-18-19-06-11-074-1024x768.jpg\" alt=\"Manolet aproxim\u00e1ndose al Monte Perdido. El corredor por el que subiremos a la izquierda\" width=\"1024\" height=\"768\" srcset=\"https:\/\/www.monta\u00f1asdelaluna.es\/wp-content\/uploads\/2016\/03\/Monte-Perdido.-Cara-norte.-18-19-06-11-074-1024x768.jpg 1024w, https:\/\/www.monta\u00f1asdelaluna.es\/wp-content\/uploads\/2016\/03\/Monte-Perdido.-Cara-norte.-18-19-06-11-074-300x225.jpg 300w, https:\/\/www.monta\u00f1asdelaluna.es\/wp-content\/uploads\/2016\/03\/Monte-Perdido.-Cara-norte.-18-19-06-11-074.jpg 1795w\" sizes=\"auto, (max-width: 1024px) 100vw, 1024px\" \/><\/a><p id=\"caption-attachment-27715\" class=\"wp-caption-text\">Manolet aproxim\u00e1ndose al Monte Perdido. El corredor por el que subiremos a la izquierda<\/p><\/div>\n<div id=\"attachment_27716\" style=\"width: 1034px\" class=\"wp-caption aligncenter\"><a class=\"dt-single-image\" href=\"https:\/\/www.monta\u00f1asdelaluna.es\/wp-content\/uploads\/2016\/03\/Monte-Perdido.-Cara-norte.-18-19-06-11-076.jpg\" data-dt-img-description=\"\"><img loading=\"lazy\" decoding=\"async\" aria-describedby=\"caption-attachment-27716\" class=\"wp-image-27716 size-large\" src=\"https:\/\/www.monta\u00f1asdelaluna.es\/wp-content\/uploads\/2016\/03\/Monte-Perdido.-Cara-norte.-18-19-06-11-076-1024x768.jpg\" alt=\"Camino del corredor bajo el glaciar\" width=\"1024\" height=\"768\" srcset=\"https:\/\/www.monta\u00f1asdelaluna.es\/wp-content\/uploads\/2016\/03\/Monte-Perdido.-Cara-norte.-18-19-06-11-076-1024x768.jpg 1024w, https:\/\/www.monta\u00f1asdelaluna.es\/wp-content\/uploads\/2016\/03\/Monte-Perdido.-Cara-norte.-18-19-06-11-076-300x225.jpg 300w, https:\/\/www.monta\u00f1asdelaluna.es\/wp-content\/uploads\/2016\/03\/Monte-Perdido.-Cara-norte.-18-19-06-11-076.jpg 1795w\" sizes=\"auto, (max-width: 1024px) 100vw, 1024px\" \/><\/a><p id=\"caption-attachment-27716\" class=\"wp-caption-text\">Camino del corredor bajo el glaciar<\/p><\/div>\n<p>Arriba en la pared de nieve, veo dos personas que suben delante nuestro, una cordada; y m\u00e1s arriba, en la pared de roca, en la zona de mixto, otros dos, otra cordada sube por esta v\u00eda norte cl\u00e1sica. Solo somos 3 cordadas en este d\u00eda. Otras dos cordadas las hemos visto retirarse cruzando el Glaciar Intermedio en direcci\u00f3n al Cuello del Cilindro, al llegar al paso entre los dos glaciares.<\/p>\n<p>Llegamos al punto descrito y paramos a tomar algo. Hay que comer algo y beber agua. Manolet saca el Chopped con olivas y algo de pan, y comenzamos a darles mordiscos como si no existiera otra forma de com\u00e9rselo. Observamos la pared, observamos las cordadas que van delante nuestro: \u201c\u00bfHas visto ese por donde va en la roca?&#8230; si hay que ir por ah\u00ed no subo\u201d me dec\u00eda Manolet. Verdaderamente se ve\u00eda uno de los alpinistas de la primera cordada, con chaqueta naranja muy visible, parado en medio del espol\u00f3n de roca, en un lugar muy aireado y aparentemente peligroso.<\/p>\n<div id=\"attachment_27718\" style=\"width: 1034px\" class=\"wp-caption aligncenter\"><a class=\"dt-single-image\" href=\"https:\/\/www.monta\u00f1asdelaluna.es\/wp-content\/uploads\/2016\/03\/Monte-Perdido.-Cara-norte.-18-19-06-11-078.jpg\" data-dt-img-description=\"\"><img loading=\"lazy\" decoding=\"async\" aria-describedby=\"caption-attachment-27718\" class=\"wp-image-27718 size-large\" src=\"https:\/\/www.monta\u00f1asdelaluna.es\/wp-content\/uploads\/2016\/03\/Monte-Perdido.-Cara-norte.-18-19-06-11-078-1024x768.jpg\" alt=\"Camino del corredor bajo el glaciar\" width=\"1024\" height=\"768\" srcset=\"https:\/\/www.monta\u00f1asdelaluna.es\/wp-content\/uploads\/2016\/03\/Monte-Perdido.-Cara-norte.-18-19-06-11-078-1024x768.jpg 1024w, https:\/\/www.monta\u00f1asdelaluna.es\/wp-content\/uploads\/2016\/03\/Monte-Perdido.-Cara-norte.-18-19-06-11-078-300x225.jpg 300w, https:\/\/www.monta\u00f1asdelaluna.es\/wp-content\/uploads\/2016\/03\/Monte-Perdido.-Cara-norte.-18-19-06-11-078.jpg 1795w\" sizes=\"auto, (max-width: 1024px) 100vw, 1024px\" \/><\/a><p id=\"caption-attachment-27718\" class=\"wp-caption-text\">Camino del corredor bajo el glaciar<\/p><\/div>\n<p>Yo voy algo m\u00e1s retrasado y cansado, y Manolet me pregunta si seguimos y si voy bien. Hace tiempo que no hago un esfuerzo como este, no he cenado nada, y hace tiempo tambi\u00e9n que no estoy en altura&#8230; y despu\u00e9s de c\u00f3mo me encontraba anoche&#8230; No estoy totalmente seguro, pero tampoco quiero volverme para atr\u00e1s. Seguiremos adelante.<\/p>\n<p>Manolet sigue las huellas que rodean la enorme roca junto a la rimaya y comienza a subir de nuevo. \u201c\u00bfpor donde vamos por la derecha, un paso de nieve menos inclinada pero m\u00e1s larga, o por este paso a la izquierda, una peque\u00f1a canal entre las rocas, m\u00e1s directa y corta?\u201d, \u201cpor lo m\u00e1s corto\u201d Entonces es cuando hacemos el paso entre los dos glaciares por una estrecha canal de hielo y nieve, en medio de la roca, saliendo a la parte alta de la misma. Se supone que este es el tramo m\u00e1s inclinado de la ruta (50\u00ba) pero no apreci\u00e9 dicha inclinaci\u00f3n y el paso fue muy limpio, f\u00e1cil y r\u00e1pido. Ya est\u00e1bamos en los neveros del Glaciar Superior; a la izquierda del mismo. Ahora para coger la Segunda Canal, hay que seguir todo recto hac\u00eda arriba.<\/p>\n<div id=\"attachment_27719\" style=\"width: 1034px\" class=\"wp-caption aligncenter\"><a class=\"dt-single-image\" href=\"https:\/\/www.monta\u00f1asdelaluna.es\/wp-content\/uploads\/2016\/03\/Monte-Perdido.-Cara-norte.-18-19-06-11-079.jpg\" data-dt-img-description=\"\"><img loading=\"lazy\" decoding=\"async\" aria-describedby=\"caption-attachment-27719\" class=\"wp-image-27719 size-large\" src=\"https:\/\/www.monta\u00f1asdelaluna.es\/wp-content\/uploads\/2016\/03\/Monte-Perdido.-Cara-norte.-18-19-06-11-079-1024x768.jpg\" alt=\"Largo y estrecho corredor a la izquierda del Glaciar de Monte Perdido\" width=\"1024\" height=\"768\" srcset=\"https:\/\/www.monta\u00f1asdelaluna.es\/wp-content\/uploads\/2016\/03\/Monte-Perdido.-Cara-norte.-18-19-06-11-079-1024x768.jpg 1024w, https:\/\/www.monta\u00f1asdelaluna.es\/wp-content\/uploads\/2016\/03\/Monte-Perdido.-Cara-norte.-18-19-06-11-079-300x225.jpg 300w, https:\/\/www.monta\u00f1asdelaluna.es\/wp-content\/uploads\/2016\/03\/Monte-Perdido.-Cara-norte.-18-19-06-11-079.jpg 1795w\" sizes=\"auto, (max-width: 1024px) 100vw, 1024px\" \/><\/a><p id=\"caption-attachment-27719\" class=\"wp-caption-text\">Largo y estrecho corredor a la izquierda del Glaciar de Monte Perdido<\/p><\/div>\n<p>Parece una escalera por las numerosas huellas dejadas por otras cordadas, y la inclinaci\u00f3n no es excesiva como para engancharte solamente con los picos de los piolets t\u00e9cnicos. Las otras cordadas ya est\u00e1n en la Segunda Canal o saliendo de la cara norte en direcci\u00f3n a la cima de Monte Perdido. Sacar la c\u00e1mara en este lugar me puede comprometer y el miedo a perder la concentraci\u00f3n y equilibrio hace que no haga ning\u00fan movimiento diferente al de asegurarme a la excelente nieve, que ya empezaba a deshacerse algo.<\/p>\n<p>Vamos subiendo con buen paso. Nos acercamos r\u00e1pidamente a la estrecha entrada a esta Segunda Canal y vemos a las alpinistas de la segunda cordada, nos aproximamos a la \u00faltima de las dos&#8230; parece que vamos m\u00e1s r\u00e1pidas que ellas.<\/p>\n<div id=\"attachment_27720\" style=\"width: 1034px\" class=\"wp-caption aligncenter\"><a class=\"dt-single-image\" href=\"https:\/\/www.monta\u00f1asdelaluna.es\/wp-content\/uploads\/2016\/03\/Monte-Perdido.-Cara-norte.-18-19-06-11-080.jpg\" data-dt-img-description=\"\"><img loading=\"lazy\" decoding=\"async\" aria-describedby=\"caption-attachment-27720\" class=\"wp-image-27720 size-large\" src=\"https:\/\/www.monta\u00f1asdelaluna.es\/wp-content\/uploads\/2016\/03\/Monte-Perdido.-Cara-norte.-18-19-06-11-080-1024x768.jpg\" alt=\"Largo y estrecho corredor a la izquierda del Glaciar de Monte Perdido\" width=\"1024\" height=\"768\" srcset=\"https:\/\/www.monta\u00f1asdelaluna.es\/wp-content\/uploads\/2016\/03\/Monte-Perdido.-Cara-norte.-18-19-06-11-080-1024x768.jpg 1024w, https:\/\/www.monta\u00f1asdelaluna.es\/wp-content\/uploads\/2016\/03\/Monte-Perdido.-Cara-norte.-18-19-06-11-080-300x225.jpg 300w, https:\/\/www.monta\u00f1asdelaluna.es\/wp-content\/uploads\/2016\/03\/Monte-Perdido.-Cara-norte.-18-19-06-11-080.jpg 1795w\" sizes=\"auto, (max-width: 1024px) 100vw, 1024px\" \/><\/a><p id=\"caption-attachment-27720\" class=\"wp-caption-text\">Largo y estrecho corredor a la izquierda del Glaciar de Monte Perdido<\/p><\/div>\n<div id=\"attachment_27721\" style=\"width: 1034px\" class=\"wp-caption aligncenter\"><a class=\"dt-single-image\" href=\"https:\/\/www.monta\u00f1asdelaluna.es\/wp-content\/uploads\/2016\/03\/Monte-Perdido.-Cara-norte.-18-19-06-11-081.jpg\" data-dt-img-description=\"\"><img loading=\"lazy\" decoding=\"async\" aria-describedby=\"caption-attachment-27721\" class=\"wp-image-27721 size-large\" src=\"https:\/\/www.monta\u00f1asdelaluna.es\/wp-content\/uploads\/2016\/03\/Monte-Perdido.-Cara-norte.-18-19-06-11-081-1024x768.jpg\" alt=\"Cruzando el Glaciar de Monte Perdido\" width=\"1024\" height=\"768\" srcset=\"https:\/\/www.monta\u00f1asdelaluna.es\/wp-content\/uploads\/2016\/03\/Monte-Perdido.-Cara-norte.-18-19-06-11-081-1024x768.jpg 1024w, https:\/\/www.monta\u00f1asdelaluna.es\/wp-content\/uploads\/2016\/03\/Monte-Perdido.-Cara-norte.-18-19-06-11-081-300x225.jpg 300w, https:\/\/www.monta\u00f1asdelaluna.es\/wp-content\/uploads\/2016\/03\/Monte-Perdido.-Cara-norte.-18-19-06-11-081.jpg 1795w\" sizes=\"auto, (max-width: 1024px) 100vw, 1024px\" \/><\/a><p id=\"caption-attachment-27721\" class=\"wp-caption-text\">Cruzando el Glaciar de Monte Perdido<\/p><\/div>\n<p>La Segunda Canal, en su principio, no tiene ninguna complicaci\u00f3n: buena inclinaci\u00f3n, buena nieve en las sombras de la monta\u00f1a&#8230; y el culo de una de las de la segunda cordada. Todo bien hasta llegar al terreno mixto: el hielo y la nieve hacen un par\u00e9ntesis y la roca desnuda y lisa sobresale en medio de la peque\u00f1a canal. No hay que olvidar que estamos en la parte m\u00e1s alta del recorrido, y mirar hac\u00eda abajo es casi pavoroso y terror\u00edfico&#8230; \u00a1Mejor no mirar!<\/p>\n<p>Manolet hace el Paso Mixto limpiamente, despacio y midiendo los pasos, metiendo las puntas de los crampones en las grietecillas de la roca&#8230; pero enseguida pasa a la nieve de la misma canal poco m\u00e1s arriba. Yo llego al lugar no lo veo tan claro; adem\u00e1s estudio y me pienso mucho los pasos. Observo que la roca es m\u00e1s f\u00e1cil hac\u00eda la izquierda, pero tambi\u00e9n es la m\u00e1s expuesta. Al final decido, quit\u00e1ndome los guantes gordos para agarrarme mejor a las presas, seguir por la parte m\u00e1s expuesta y f\u00e1cil de la roca&#8230; la que Manolet no quer\u00eda pasar mir\u00e1ndola desde abajo. No tiene mucha dificultad, tercer grado como mucho, pero la exposici\u00f3n es incre\u00edble: toda la cara norte de ca\u00edda. No encuentro el paso hac\u00eda la parte superior de la canal ya con nieve y decido seguir por la roca con los crampones puestos. Despu\u00e9s me entero que el resto de las cordadas se hab\u00edan quitado los crampones para realizar este paso. Voy lentamente. Intentando asegurar los pasos. Introduciendo las puntas de los crampones en presas, grietecillas y agujeros&#8230; me d\u00e1 la impresi\u00f3n que se van a romper si pongo todo mi peso en dos de las puntas; pero los crampones est\u00e1n hecho de un material superresistente y preparados para estas situaciones y m\u00e1s extremas.<\/p>\n<div id=\"attachment_27723\" style=\"width: 1034px\" class=\"wp-caption aligncenter\"><a class=\"dt-single-image\" href=\"https:\/\/www.monta\u00f1asdelaluna.es\/wp-content\/uploads\/2016\/03\/Monte-Perdido.-Cara-norte.-18-19-06-11-083.jpg\" data-dt-img-description=\"\"><img loading=\"lazy\" decoding=\"async\" aria-describedby=\"caption-attachment-27723\" class=\"wp-image-27723 size-large\" src=\"https:\/\/www.monta\u00f1asdelaluna.es\/wp-content\/uploads\/2016\/03\/Monte-Perdido.-Cara-norte.-18-19-06-11-083-1024x768.jpg\" alt=\"Cruzando el Glaciar de Monte Perdido\" width=\"1024\" height=\"768\" srcset=\"https:\/\/www.monta\u00f1asdelaluna.es\/wp-content\/uploads\/2016\/03\/Monte-Perdido.-Cara-norte.-18-19-06-11-083-1024x768.jpg 1024w, https:\/\/www.monta\u00f1asdelaluna.es\/wp-content\/uploads\/2016\/03\/Monte-Perdido.-Cara-norte.-18-19-06-11-083-300x225.jpg 300w, https:\/\/www.monta\u00f1asdelaluna.es\/wp-content\/uploads\/2016\/03\/Monte-Perdido.-Cara-norte.-18-19-06-11-083.jpg 1795w\" sizes=\"auto, (max-width: 1024px) 100vw, 1024px\" \/><\/a><p id=\"caption-attachment-27723\" class=\"wp-caption-text\">Cruzando el Glaciar de Monte Perdido<\/p><\/div>\n<div id=\"attachment_27728\" style=\"width: 1034px\" class=\"wp-caption aligncenter\"><a class=\"dt-single-image\" href=\"https:\/\/www.monta\u00f1asdelaluna.es\/wp-content\/uploads\/2016\/03\/Monte-Perdido.-Cara-norte.-18-19-06-11-095.jpg\" data-dt-img-description=\"\"><img loading=\"lazy\" decoding=\"async\" aria-describedby=\"caption-attachment-27728\" class=\"wp-image-27728 size-large\" src=\"https:\/\/www.monta\u00f1asdelaluna.es\/wp-content\/uploads\/2016\/03\/Monte-Perdido.-Cara-norte.-18-19-06-11-095-1024x768.jpg\" alt=\"Abajo el Balc\u00f3n de Pineta y Brecha de Tucarroya a la izquierda\" width=\"1024\" height=\"768\" srcset=\"https:\/\/www.monta\u00f1asdelaluna.es\/wp-content\/uploads\/2016\/03\/Monte-Perdido.-Cara-norte.-18-19-06-11-095-1024x768.jpg 1024w, https:\/\/www.monta\u00f1asdelaluna.es\/wp-content\/uploads\/2016\/03\/Monte-Perdido.-Cara-norte.-18-19-06-11-095-300x225.jpg 300w, https:\/\/www.monta\u00f1asdelaluna.es\/wp-content\/uploads\/2016\/03\/Monte-Perdido.-Cara-norte.-18-19-06-11-095.jpg 1795w\" sizes=\"auto, (max-width: 1024px) 100vw, 1024px\" \/><\/a><p id=\"caption-attachment-27728\" class=\"wp-caption-text\">Abajo el Balc\u00f3n de Pineta y Brecha de Tucarroya a la izquierda<\/p><\/div>\n<p>No quiero, no debo, no puedo mirar hac\u00eda atr\u00e1s, hac\u00eda abajo, y me concentro en la subida. M\u00e1s arriba es f\u00e1cil y paso a la nieve de la canal, ya por fin, a la derecha. He tardado mucho en realizar este paso, pero tiempo necesario por la exposici\u00f3n y peligrosidad, y una mortal y eventual ca\u00edda. Manolet ha ido mirando a ver si sal\u00eda de la Segunda Canal, ya que este paso est\u00e1 muy cerca del final de la Segunda Canal y por tanto de la salida de la v\u00eda norte cl\u00e1sica.<\/p>\n<p>Me he entretenido mucho pero al fin salgo a la planicie del hombro sureste de Monte Perdido. Ya en terreno m\u00e1s horizontal y plano, me re\u00fano con Manolet y nos felicitamos por la haza\u00f1a conseguida \u00a1Conseguido! Fotos de celebraci\u00f3n; hay que inmortalizar el instante y las alegres emociones.<\/p>\n<p>Ha sido espectacular, emocionante, incre\u00edble&#8230; mucho m\u00e1s de lo que pensaba \u00a1Sorprendente, magn\u00edfico!<\/p>\n<div id=\"attachment_27730\" style=\"width: 1034px\" class=\"wp-caption aligncenter\"><a class=\"dt-single-image\" href=\"https:\/\/www.monta\u00f1asdelaluna.es\/wp-content\/uploads\/2016\/03\/Monte-Perdido.-Cara-norte.-18-19-06-11-098.jpg\" data-dt-img-description=\"\"><img loading=\"lazy\" decoding=\"async\" aria-describedby=\"caption-attachment-27730\" class=\"wp-image-27730 size-large\" src=\"https:\/\/www.monta\u00f1asdelaluna.es\/wp-content\/uploads\/2016\/03\/Monte-Perdido.-Cara-norte.-18-19-06-11-098-1024x768.jpg\" alt=\"Manolet saliendo de la cara norte de Monte Perdido\" width=\"1024\" height=\"768\" srcset=\"https:\/\/www.monta\u00f1asdelaluna.es\/wp-content\/uploads\/2016\/03\/Monte-Perdido.-Cara-norte.-18-19-06-11-098-1024x768.jpg 1024w, https:\/\/www.monta\u00f1asdelaluna.es\/wp-content\/uploads\/2016\/03\/Monte-Perdido.-Cara-norte.-18-19-06-11-098-300x225.jpg 300w, https:\/\/www.monta\u00f1asdelaluna.es\/wp-content\/uploads\/2016\/03\/Monte-Perdido.-Cara-norte.-18-19-06-11-098.jpg 1795w\" sizes=\"auto, (max-width: 1024px) 100vw, 1024px\" \/><\/a><p id=\"caption-attachment-27730\" class=\"wp-caption-text\">Manolet saliendo de la cara norte de Monte Perdido<\/p><\/div>\n<div id=\"attachment_27734\" style=\"width: 1034px\" class=\"wp-caption aligncenter\"><a class=\"dt-single-image\" href=\"https:\/\/www.monta\u00f1asdelaluna.es\/wp-content\/uploads\/2016\/03\/Monte-Perdido.-Cara-norte.-18-19-06-11-104.jpg\" data-dt-img-description=\"\"><img loading=\"lazy\" decoding=\"async\" aria-describedby=\"caption-attachment-27734\" class=\"wp-image-27734 size-large\" src=\"https:\/\/www.monta\u00f1asdelaluna.es\/wp-content\/uploads\/2016\/03\/Monte-Perdido.-Cara-norte.-18-19-06-11-104-1024x768.jpg\" alt=\"Joaqu\u00edn y Manolet en el Hombro de Monte Perdido\" width=\"1024\" height=\"768\" srcset=\"https:\/\/www.monta\u00f1asdelaluna.es\/wp-content\/uploads\/2016\/03\/Monte-Perdido.-Cara-norte.-18-19-06-11-104-1024x768.jpg 1024w, https:\/\/www.monta\u00f1asdelaluna.es\/wp-content\/uploads\/2016\/03\/Monte-Perdido.-Cara-norte.-18-19-06-11-104-300x225.jpg 300w, https:\/\/www.monta\u00f1asdelaluna.es\/wp-content\/uploads\/2016\/03\/Monte-Perdido.-Cara-norte.-18-19-06-11-104.jpg 1795w\" sizes=\"auto, (max-width: 1024px) 100vw, 1024px\" \/><\/a><p id=\"caption-attachment-27734\" class=\"wp-caption-text\">Joaqu\u00edn y Manolet en el Hombro de Monte Perdido<\/p><\/div>\n<p>De aqu\u00ed a la, ahora f\u00e1cil, cumbre de Monte Perdido hay una suave loma. Las vistas se agrandan, el magn\u00edfico d\u00eda y su excelente visibilidad nos sorprenden llegando a alcanzar a ver los rincones y monta\u00f1as m\u00e1s alejadas y bellas de los Pirineos: Valle de Ordesa, Ca\u00f1\u00f3n de A\u00f1isclo, Posets, Vignemale&#8230; Ya en la cumbre un overbooking de monta\u00f1eros, se agolpan en su sencillo pin\u00e1culo. M\u00e1s fotos de rigor, m\u00e1s recreo con las insuperables vistas y r\u00e1pidamente bajamos tras las prisas de Manolet.<\/p>\n<p>Hemos tardado unas 4\u201930 horas en subir. La experiencia ha sido incre\u00edble. Nos hemos hecho fotos en la salida de la cara norte de la monta\u00f1a con una sonrisa como protagonista en nuestro rostro. El d\u00eda es precioso; las vistas y todo lo que nos rodea hermoso. La actividad ha sido emocionante&#8230; \u00a1Que m\u00e1s le puede pedir un alpinista a la vida![\/vc_column_text][vc_separator][\/vc_column][\/vc_row][vc_row][vc_column][vc_empty_space][vc_video link=\u00bbhttps:\/\/vimeo.com\/25897159&#8243;][\/vc_column][\/vc_row][vc_row][vc_column][vc_empty_space][\/vc_column][\/vc_row][vc_row][vc_column][vc_column_text]La r\u00e1pida bajada la hacemos ahora por la v\u00eda normal de subida a Monte Perdido, con base en G\u00f3riz; ahora las verticalidades de la Escupidera no nos intimidaban; y nos encontramos con una romer\u00eda de monta\u00f1eros que suben y bajan de mismo; con las hermosas y altivas vistas del Cilindro que ahora tenemos delante, mostr\u00e1ndonos otro de sus perfiles cautivadores. Esquiv\u00e1ndolos y pasando por la parte de arriba del helado Lago Helado que separa Monte Perdido del Cilindro, subimos al Cuello del Cilindro. Justo en la parte m\u00e1s alta del mismo paso, nos encontramos con las dos participantes de la segunda cordada. Entablamos conversaciones y bajamos en direcci\u00f3n al Balc\u00f3n de Pineta con ellas. De esta manera nos enteramos y nos empapamos de m\u00e1s informaci\u00f3n sobre la ruta realizada.<\/p>\n<div id=\"attachment_27738\" style=\"width: 1034px\" class=\"wp-caption aligncenter\"><a class=\"dt-single-image\" href=\"https:\/\/www.monta\u00f1asdelaluna.es\/wp-content\/uploads\/2016\/03\/Monte-Perdido.-Cara-norte.-18-19-06-11-111.jpg\" data-dt-img-description=\"\"><img loading=\"lazy\" decoding=\"async\" aria-describedby=\"caption-attachment-27738\" class=\"wp-image-27738 size-large\" src=\"https:\/\/www.monta\u00f1asdelaluna.es\/wp-content\/uploads\/2016\/03\/Monte-Perdido.-Cara-norte.-18-19-06-11-111-1024x768.jpg\" alt=\"Manolet y Joaqu\u00edn en la cima de Monte Perdido, 3.355 mts.\" width=\"1024\" height=\"768\" srcset=\"https:\/\/www.monta\u00f1asdelaluna.es\/wp-content\/uploads\/2016\/03\/Monte-Perdido.-Cara-norte.-18-19-06-11-111-1024x768.jpg 1024w, https:\/\/www.monta\u00f1asdelaluna.es\/wp-content\/uploads\/2016\/03\/Monte-Perdido.-Cara-norte.-18-19-06-11-111-300x225.jpg 300w, https:\/\/www.monta\u00f1asdelaluna.es\/wp-content\/uploads\/2016\/03\/Monte-Perdido.-Cara-norte.-18-19-06-11-111.jpg 1795w\" sizes=\"auto, (max-width: 1024px) 100vw, 1024px\" \/><\/a><p id=\"caption-attachment-27738\" class=\"wp-caption-text\">Manolet y Joaqu\u00edn en la cima de Monte Perdido, 3.355 mts.<\/p><\/div>\n<div id=\"attachment_27739\" style=\"width: 1034px\" class=\"wp-caption aligncenter\"><a class=\"dt-single-image\" href=\"https:\/\/www.monta\u00f1asdelaluna.es\/wp-content\/uploads\/2016\/03\/Monte-Perdido.-Cara-norte.-18-19-06-11-112.jpg\" data-dt-img-description=\"\"><img loading=\"lazy\" decoding=\"async\" aria-describedby=\"caption-attachment-27739\" class=\"wp-image-27739 size-large\" src=\"https:\/\/www.monta\u00f1asdelaluna.es\/wp-content\/uploads\/2016\/03\/Monte-Perdido.-Cara-norte.-18-19-06-11-112-1024x768.jpg\" alt=\"A la izquierda el Soum de Ramond o Pico de A\u00f1isclo y a la derecha el Ca\u00f1\u00f3n de A\u00f1isclo\" width=\"1024\" height=\"768\" srcset=\"https:\/\/www.monta\u00f1asdelaluna.es\/wp-content\/uploads\/2016\/03\/Monte-Perdido.-Cara-norte.-18-19-06-11-112-1024x768.jpg 1024w, https:\/\/www.monta\u00f1asdelaluna.es\/wp-content\/uploads\/2016\/03\/Monte-Perdido.-Cara-norte.-18-19-06-11-112-300x225.jpg 300w, https:\/\/www.monta\u00f1asdelaluna.es\/wp-content\/uploads\/2016\/03\/Monte-Perdido.-Cara-norte.-18-19-06-11-112.jpg 1795w\" sizes=\"auto, (max-width: 1024px) 100vw, 1024px\" \/><\/a><p id=\"caption-attachment-27739\" class=\"wp-caption-text\">A la izquierda el Soum de Ramond o Pico de A\u00f1isclo y a la derecha el Ca\u00f1\u00f3n de A\u00f1isclo<\/p><\/div>\n<div id=\"attachment_27740\" style=\"width: 1034px\" class=\"wp-caption aligncenter\"><a class=\"dt-single-image\" href=\"https:\/\/www.monta\u00f1asdelaluna.es\/wp-content\/uploads\/2016\/03\/Monte-Perdido.-Cara-norte.-18-19-06-11-113.jpg\" data-dt-img-description=\"\"><img loading=\"lazy\" decoding=\"async\" aria-describedby=\"caption-attachment-27740\" class=\"wp-image-27740 size-large\" src=\"https:\/\/www.monta\u00f1asdelaluna.es\/wp-content\/uploads\/2016\/03\/Monte-Perdido.-Cara-norte.-18-19-06-11-113-1024x768.jpg\" alt=\"Valle de Ordesa\" width=\"1024\" height=\"768\" srcset=\"https:\/\/www.monta\u00f1asdelaluna.es\/wp-content\/uploads\/2016\/03\/Monte-Perdido.-Cara-norte.-18-19-06-11-113-1024x768.jpg 1024w, https:\/\/www.monta\u00f1asdelaluna.es\/wp-content\/uploads\/2016\/03\/Monte-Perdido.-Cara-norte.-18-19-06-11-113-300x225.jpg 300w, https:\/\/www.monta\u00f1asdelaluna.es\/wp-content\/uploads\/2016\/03\/Monte-Perdido.-Cara-norte.-18-19-06-11-113.jpg 1795w\" sizes=\"auto, (max-width: 1024px) 100vw, 1024px\" \/><\/a><p id=\"caption-attachment-27740\" class=\"wp-caption-text\">Valle de Ordesa<\/p><\/div>\n<p>En la tranquila bajada podemos apreciar, a la derecha, en la pr\u00f3xima distancia la morfolog\u00eda de la ruta realizada: la Primera Canal, los glaciares y sus pasos, la Segunda Canal&#8230; \u00a1incre\u00edble!<\/p>\n<p>Rapelamos en la pared como si fuera el \u00faltimo escollo hasta nuestra base en el Balc\u00f3n de Pineta, y una vez all\u00ed Antonio nos espera para felicitarnos y darnos la enhorabuena. No hay tiempo que perder, mis compa\u00f1eros deben regresar a Alicante y nos cambiamos, comemos algo y recogemos la tienda sin demora. Consolamos a Antonio dici\u00e9ndole que menos mal que no se ha venido con nosotros viendo como ten\u00eda la rodilla; hubiera sido criminal y peligroso.<\/p>\n<div id=\"attachment_27746\" style=\"width: 1034px\" class=\"wp-caption aligncenter\"><a class=\"dt-single-image\" href=\"https:\/\/www.monta\u00f1asdelaluna.es\/wp-content\/uploads\/2016\/03\/Monte-Perdido.-Cara-norte.-18-19-06-11-121.jpg\" data-dt-img-description=\"\"><img loading=\"lazy\" decoding=\"async\" aria-describedby=\"caption-attachment-27746\" class=\"wp-image-27746 size-large\" src=\"https:\/\/www.monta\u00f1asdelaluna.es\/wp-content\/uploads\/2016\/03\/Monte-Perdido.-Cara-norte.-18-19-06-11-121-1024x768.jpg\" alt=\"Bajando por la escupidera, delante el Cilindro\" width=\"1024\" height=\"768\" srcset=\"https:\/\/www.monta\u00f1asdelaluna.es\/wp-content\/uploads\/2016\/03\/Monte-Perdido.-Cara-norte.-18-19-06-11-121-1024x768.jpg 1024w, https:\/\/www.monta\u00f1asdelaluna.es\/wp-content\/uploads\/2016\/03\/Monte-Perdido.-Cara-norte.-18-19-06-11-121-300x225.jpg 300w, https:\/\/www.monta\u00f1asdelaluna.es\/wp-content\/uploads\/2016\/03\/Monte-Perdido.-Cara-norte.-18-19-06-11-121.jpg 1795w\" sizes=\"auto, (max-width: 1024px) 100vw, 1024px\" \/><\/a><p id=\"caption-attachment-27746\" class=\"wp-caption-text\">Bajando por la escupidera, delante el Cilindro<\/p><\/div>\n<div id=\"attachment_27749\" style=\"width: 1034px\" class=\"wp-caption aligncenter\"><a class=\"dt-single-image\" href=\"https:\/\/www.monta\u00f1asdelaluna.es\/wp-content\/uploads\/2016\/03\/Monte-Perdido.-Cara-norte.-18-19-06-11-125.jpg\" data-dt-img-description=\"\"><img loading=\"lazy\" decoding=\"async\" aria-describedby=\"caption-attachment-27749\" class=\"wp-image-27749 size-large\" src=\"https:\/\/www.monta\u00f1asdelaluna.es\/wp-content\/uploads\/2016\/03\/Monte-Perdido.-Cara-norte.-18-19-06-11-125-1024x768.jpg\" alt=\"Paso del Cuello del Cilindro, detr\u00e1s Monte Perdido\" width=\"1024\" height=\"768\" srcset=\"https:\/\/www.monta\u00f1asdelaluna.es\/wp-content\/uploads\/2016\/03\/Monte-Perdido.-Cara-norte.-18-19-06-11-125-1024x768.jpg 1024w, https:\/\/www.monta\u00f1asdelaluna.es\/wp-content\/uploads\/2016\/03\/Monte-Perdido.-Cara-norte.-18-19-06-11-125-300x225.jpg 300w, https:\/\/www.monta\u00f1asdelaluna.es\/wp-content\/uploads\/2016\/03\/Monte-Perdido.-Cara-norte.-18-19-06-11-125.jpg 1795w\" sizes=\"auto, (max-width: 1024px) 100vw, 1024px\" \/><\/a><p id=\"caption-attachment-27749\" class=\"wp-caption-text\">Paso del Cuello del Cilindro, detr\u00e1s Monte Perdido<\/p><\/div>\n<div id=\"attachment_27754\" style=\"width: 1034px\" class=\"wp-caption aligncenter\"><a class=\"dt-single-image\" href=\"https:\/\/www.monta\u00f1asdelaluna.es\/wp-content\/uploads\/2016\/03\/Monte-Perdido.-Cara-norte.-18-19-06-11-132.jpg\" data-dt-img-description=\"\"><img loading=\"lazy\" decoding=\"async\" aria-describedby=\"caption-attachment-27754\" class=\"wp-image-27754 size-large\" src=\"https:\/\/www.monta\u00f1asdelaluna.es\/wp-content\/uploads\/2016\/03\/Monte-Perdido.-Cara-norte.-18-19-06-11-132-1024x768.jpg\" alt=\"A la derecha el Glaciar de Monte Perdido, al fondo el Posets\" width=\"1024\" height=\"768\" srcset=\"https:\/\/www.monta\u00f1asdelaluna.es\/wp-content\/uploads\/2016\/03\/Monte-Perdido.-Cara-norte.-18-19-06-11-132-1024x768.jpg 1024w, https:\/\/www.monta\u00f1asdelaluna.es\/wp-content\/uploads\/2016\/03\/Monte-Perdido.-Cara-norte.-18-19-06-11-132-300x225.jpg 300w, https:\/\/www.monta\u00f1asdelaluna.es\/wp-content\/uploads\/2016\/03\/Monte-Perdido.-Cara-norte.-18-19-06-11-132.jpg 1795w\" sizes=\"auto, (max-width: 1024px) 100vw, 1024px\" \/><\/a><p id=\"caption-attachment-27754\" class=\"wp-caption-text\">A la derecha el Glaciar de Monte Perdido, al fondo el Posets<\/p><\/div>\n<p>Emprendemos la bajada al fondo del Valle de Pineta con las maravillosas e incre\u00edbles vistas del mismo; que ahora, y despu\u00e9s de la ruta realizada, se hace muy cansada e interminable \u00a1Pesa m\u00e1s la mochila ahora de bajada que cuando subimos!&#8230; esto parece algo com\u00fan en la ruta al Balc\u00f3n de Pineta. Mis compa\u00f1eros bajan r\u00e1pidos; Antonio ha salido antes por si le molestaba m\u00e1s su rodilla. Yo bajo lo m\u00e1s r\u00e1pido posible pero las botas destrozan mis pies y pantorrillas y a la vez las sigo destrozando yo.<\/p>\n<p>Un solitario y cercano Sarrio se despide de m\u00ed en representaci\u00f3n de estas monta\u00f1as y estos valles, y pronto llego al magn\u00edfico hayedo que me lleva a los Prados de Pineta. Despedidas r\u00e1pidas, nuestras enhorabuenas, cansadas alegr\u00edas y sonrisa extenuada por los esfuerzos&#8230; y cada coche sale en direcci\u00f3n a sus hogares, en Alicante y Barcelona.<\/p>\n<div id=\"attachment_27758\" style=\"width: 833px\" class=\"wp-caption aligncenter\"><a class=\"dt-single-image\" href=\"https:\/\/www.monta\u00f1asdelaluna.es\/wp-content\/uploads\/2016\/03\/Monte-Perdido.-Cara-norte.-18-19-06-11-139.jpg\" data-dt-img-description=\"\"><img loading=\"lazy\" decoding=\"async\" aria-describedby=\"caption-attachment-27758\" class=\"wp-image-27758 \" src=\"https:\/\/www.monta\u00f1asdelaluna.es\/wp-content\/uploads\/2016\/03\/Monte-Perdido.-Cara-norte.-18-19-06-11-139.jpg\" alt=\"Arriba los Astazu\" width=\"823\" height=\"1097\" srcset=\"https:\/\/www.monta\u00f1asdelaluna.es\/wp-content\/uploads\/2016\/03\/Monte-Perdido.-Cara-norte.-18-19-06-11-139.jpg 1346w, https:\/\/www.monta\u00f1asdelaluna.es\/wp-content\/uploads\/2016\/03\/Monte-Perdido.-Cara-norte.-18-19-06-11-139-225x300.jpg 225w, https:\/\/www.monta\u00f1asdelaluna.es\/wp-content\/uploads\/2016\/03\/Monte-Perdido.-Cara-norte.-18-19-06-11-139-768x1024.jpg 768w\" sizes=\"auto, (max-width: 823px) 100vw, 823px\" \/><\/a><p id=\"caption-attachment-27758\" class=\"wp-caption-text\">Arriba los Astazu<\/p><\/div>\n<div id=\"attachment_27760\" style=\"width: 1034px\" class=\"wp-caption aligncenter\"><a class=\"dt-single-image\" href=\"https:\/\/www.monta\u00f1asdelaluna.es\/wp-content\/uploads\/2016\/03\/Monte-Perdido.-Cara-norte.-18-19-06-11-141.jpg\" data-dt-img-description=\"\"><img loading=\"lazy\" decoding=\"async\" aria-describedby=\"caption-attachment-27760\" class=\"wp-image-27760 size-large\" src=\"https:\/\/www.monta\u00f1asdelaluna.es\/wp-content\/uploads\/2016\/03\/Monte-Perdido.-Cara-norte.-18-19-06-11-141-1024x768.jpg\" alt=\"Manolet prepar\u00e1ndose para el rapel de bajada\" width=\"1024\" height=\"768\" srcset=\"https:\/\/www.monta\u00f1asdelaluna.es\/wp-content\/uploads\/2016\/03\/Monte-Perdido.-Cara-norte.-18-19-06-11-141-1024x768.jpg 1024w, https:\/\/www.monta\u00f1asdelaluna.es\/wp-content\/uploads\/2016\/03\/Monte-Perdido.-Cara-norte.-18-19-06-11-141-300x225.jpg 300w, https:\/\/www.monta\u00f1asdelaluna.es\/wp-content\/uploads\/2016\/03\/Monte-Perdido.-Cara-norte.-18-19-06-11-141.jpg 1795w\" sizes=\"auto, (max-width: 1024px) 100vw, 1024px\" \/><\/a><p id=\"caption-attachment-27760\" class=\"wp-caption-text\">Manolet prepar\u00e1ndose para el rapel de bajada<\/p><\/div>\n<div id=\"attachment_27766\" style=\"width: 1805px\" class=\"wp-caption aligncenter\"><a class=\"dt-single-image\" href=\"https:\/\/www.monta\u00f1asdelaluna.es\/wp-content\/uploads\/2016\/03\/Monte-Perdido.-Cara-norte.-18-19-06-11-153.jpg\" data-dt-img-description=\"\"><img loading=\"lazy\" decoding=\"async\" aria-describedby=\"caption-attachment-27766\" class=\"wp-image-27766 size-full\" src=\"https:\/\/www.monta\u00f1asdelaluna.es\/wp-content\/uploads\/2016\/03\/Monte-Perdido.-Cara-norte.-18-19-06-11-153.jpg\" alt=\"Valle de Pineta\" width=\"1795\" height=\"1346\" srcset=\"https:\/\/www.monta\u00f1asdelaluna.es\/wp-content\/uploads\/2016\/03\/Monte-Perdido.-Cara-norte.-18-19-06-11-153.jpg 1795w, https:\/\/www.monta\u00f1asdelaluna.es\/wp-content\/uploads\/2016\/03\/Monte-Perdido.-Cara-norte.-18-19-06-11-153-300x225.jpg 300w, https:\/\/www.monta\u00f1asdelaluna.es\/wp-content\/uploads\/2016\/03\/Monte-Perdido.-Cara-norte.-18-19-06-11-153-1024x768.jpg 1024w\" sizes=\"auto, (max-width: 1795px) 100vw, 1795px\" \/><\/a><p id=\"caption-attachment-27766\" class=\"wp-caption-text\">Valle de Pineta<\/p><\/div>\n<p>Ha sido una experiencia incre\u00edble. Todos los intentos anteriores han tenido su justa, y m\u00e1s a\u00fan merecida, recompensa. Gracias a mis compa\u00f1eros por acompa\u00f1arme y confiar en la \u201cpeasso actividad\u201d que se planeaba. Gracias tambi\u00e9n a ti, Monte Perdido; tus diferentes bellezas me seguir\u00e1n sorprendiendo y las seguir\u00e9 admirando.<\/p>\n<div id=\"attachment_27782\" style=\"width: 1016px\" class=\"wp-caption aligncenter\"><a class=\"dt-single-image\" href=\"https:\/\/www.monta\u00f1asdelaluna.es\/wp-content\/uploads\/2011\/06\/mapa-subida-monte-perdido-croquis.jpg\" data-dt-img-description=\"\"><img loading=\"lazy\" decoding=\"async\" aria-describedby=\"caption-attachment-27782\" class=\"wp-image-27782 size-full\" src=\"https:\/\/www.monta\u00f1asdelaluna.es\/wp-content\/uploads\/2011\/06\/mapa-subida-monte-perdido-croquis.jpg\" alt=\"Croquis de la ascensi\u00f3n al Balc\u00f3n de Pineta y al Monte Perdido por su cara norte cl\u00e1sica\" width=\"1006\" height=\"746\" srcset=\"https:\/\/www.monta\u00f1asdelaluna.es\/wp-content\/uploads\/2011\/06\/mapa-subida-monte-perdido-croquis.jpg 1006w, https:\/\/www.monta\u00f1asdelaluna.es\/wp-content\/uploads\/2011\/06\/mapa-subida-monte-perdido-croquis-300x222.jpg 300w\" sizes=\"auto, (max-width: 1006px) 100vw, 1006px\" \/><\/a><p id=\"caption-attachment-27782\" class=\"wp-caption-text\">Croquis de la ascensi\u00f3n al Balc\u00f3n de Pineta y al Monte Perdido por su cara norte cl\u00e1sica<\/p><\/div>\n<p>[\/vc_column_text][\/vc_column][\/vc_row][vc_row][vc_column][vc_empty_space height=\u00bb60px\u00bb][\/vc_column][\/vc_row][vc_row][vc_column][vc_cta h2=\u00bb\u00c1lbum de fotos\u00bb txt_align=\u00bbcenter\u00bb add_button=\u00bbbottom\u00bb btn_title=\u00bbVer fotos\u00bb btn_color=\u00bbwarning\u00bb btn_align=\u00bbcenter\u00bb btn_link=\u00bburl:https%3A%2F%2Fmonta%C3%B1asdelaluna.es%2F%3Fdt_gallery%3Dcara-norte-de-monte-perdido-el-gigante-caido-2|title:Cara%20norte%20de%20Monte%20Perdido.%20El%20gigante%20ca%C3%ADdo|target:_blank\u00bb css=\u00bb.vc_custom_1625772306885{background-color: #8bc4ed !important;}\u00bb]Puedes ver todas las fotos del relato y actividad en forma de presentaci\u00f3n o individuales pinchando aqui \u00a1No te las pierdas![\/vc_cta][\/vc_column][\/vc_row][vc_row][vc_column][vc_empty_space height=\u00bb60px\u00bb][\/vc_column][\/vc_row][vc_row][vc_column width=\u00bb1\/6&#8243;][\/vc_column][vc_column width=\u00bb1\/3&#8243;][vc_empty_space height=\u00bb24px\u00bb][vc_raw_html]JTNDaWZyYW1lJTIwc3JjJTNEJTIyaHR0cHMlM0ElMkYlMkZ3d3cubWV0ZW9ibHVlLmNvbSUyRmVzJTJGdGllbXBvJTJGd2lkZ2V0JTJGZGFpbHklMkZtb250ZS1wZXJkaWRvX2VzcGElMjVjMyUyNWIxYV8zMTEzNzc3JTNGZ2VvbG9jJTNEZml4ZWQlMjZkYXlzJTNENyUyNnRlbXB1bml0JTNEQ0VMU0lVUyUyNndpbmR1bml0JTNES0lMT01FVEVSX1BFUl9IT1VSJTI2Y29sb3VyZWQlM0Rjb2xvdXJlZCUyNnBpY3RvaWNvbiUzRDElMjZtYXh0ZW1wZXJhdHVyZSUzRDElMjZtaW50ZW1wZXJhdHVyZSUzRDElMjZ3aW5kc3BlZWQlM0QxJTI2d2luZGd1c3QlM0QxJTI2d2luZGRpcmVjdGlvbiUzRDElMjZwcmVjaXBpdGF0aW9uJTNEMSUyNnByZWNpcGl0YXRpb25wcm9iYWJpbGl0eSUzRDElMjZzcG90JTNEMSUyNnByZXNzdXJlJTNEMSUyNmxheW91dCUzRGxpZ2h0JTIyJTIwJTIwZnJhbWVib3JkZXIlM0QlMjIwJTIyJTIwc2Nyb2xsaW5nJTNEJTIyTk8lMjIlMjBhbGxvd3RyYW5zcGFyZW5jeSUzRCUyMnRydWUlMjIlMjBzYW5kYm94JTNEJTIyYWxsb3ctc2FtZS1vcmlnaW4lMjBhbGxvdy1zY3JpcHRzJTIwYWxsb3ctcG9wdXBzJTIyJTIwc3R5bGUlM0QlMjJ3aWR0aCUzQSUyMDM3OHB4JTNCaGVpZ2h0JTNBJTIwNDExcHglMjIlM0UlM0MlMkZpZnJhbWUlM0UlM0NkaXYlM0UlM0MlMjEtLSUyMERPJTIwTk9UJTIwUkVNT1ZFJTIwVEhJUyUyMExJTkslMjAtLSUzRSUzQ2ElMjBocmVmJTNEJTIyaHR0cHMlM0ElMkYlMkZ3d3cubWV0ZW9ibHVlLmNvbSUyRmVzJTJGdGllbXBvJTJGcHJvbm9zdGljbyUyRnNlbWFuYSUyRm1vbnRlLXBlcmRpZG9fZXNwYSUyNWMzJTI1YjFhXzMxMTM3NzclM0Z1dG1fc291cmNlJTNEd2VhdGhlcl93aWRnZXQlMjZ1dG1fbWVkaXVtJTNEbGlua3VzJTI2dXRtX2NvbnRlbnQlM0RkYWlseSUyNnV0bV9jYW1wYWlnbiUzRFdlYXRoZXIlMjUyQldpZGdldCUyMiUyMHRhcmdldCUzRCUyMl9ibGFuayUyMiUzRW1ldGVvYmx1ZSUzQyUyRmElM0UlM0MlMkZkaXYlM0U=[\/vc_raw_html][\/vc_column][vc_column width=\u00bb1\/3&#8243;][vc_column_text]Tiempo en Valle de Pineta[\/vc_column_text][vc_raw_html]JTNDaWZyYW1lJTIwc3JjJTNEJTIyaHR0cHMlM0ElMkYlMkZ3d3cubWV0ZW9ibHVlLmNvbSUyRmVzJTJGdGllbXBvJTJGd2lkZ2V0JTJGZGFpbHklMkY0Mi42NjZOMC4xMDJFJTNGZ2VvbG9jJTNEZml4ZWQlMjZkYXlzJTNENyUyNnRlbXB1bml0JTNEQ0VMU0lVUyUyNndpbmR1bml0JTNES0lMT01FVEVSX1BFUl9IT1VSJTI2Y29sb3VyZWQlM0Rjb2xvdXJlZCUyNnBpY3RvaWNvbiUzRDElMjZtYXh0ZW1wZXJhdHVyZSUzRDElMjZtaW50ZW1wZXJhdHVyZSUzRDElMjZ3aW5kc3BlZWQlM0QxJTI2d2luZGd1c3QlM0QxJTI2d2luZGRpcmVjdGlvbiUzRDElMjZwcmVjaXBpdGF0aW9uJTNEMSUyNnByZWNpcGl0YXRpb25wcm9iYWJpbGl0eSUzRDElMjZzcG90JTNEMSUyNnByZXNzdXJlJTNEMSUyNmxheW91dCUzRGxpZ2h0JTIyJTIwJTIwZnJhbWVib3JkZXIlM0QlMjIwJTIyJTIwc2Nyb2xsaW5nJTNEJTIyTk8lMjIlMjBhbGxvd3RyYW5zcGFyZW5jeSUzRCUyMnRydWUlMjIlMjBzYW5kYm94JTNEJTIyYWxsb3ctc2FtZS1vcmlnaW4lMjBhbGxvdy1zY3JpcHRzJTIwYWxsb3ctcG9wdXBzJTIyJTIwc3R5bGUlM0QlMjJ3aWR0aCUzQSUyMDM3OHB4JTNCaGVpZ2h0JTNBJTIwNDExcHglMjIlM0UlM0MlMkZpZnJhbWUlM0UlM0NkaXYlM0UlM0MlMjEtLSUyMERPJTIwTk9UJTIwUkVNT1ZFJTIwVEhJUyUyMExJTkslMjAtLSUzRSUzQ2ElMjBocmVmJTNEJTIyaHR0cHMlM0ElMkYlMkZ3d3cubWV0ZW9ibHVlLmNvbSUyRmVzJTJGdGllbXBvJTJGcHJvbm9zdGljbyUyRnNlbWFuYSUyRjQyLjY2Nk4wLjEwMkUlM0Z1dG1fc291cmNlJTNEd2VhdGhlcl93aWRnZXQlMjZ1dG1fbWVkaXVtJTNEbGlua3VzJTI2dXRtX2NvbnRlbnQlM0RkYWlseSUyNnV0bV9jYW1wYWlnbiUzRFdlYXRoZXIlMjUyQldpZGdldCUyMiUyMHRhcmdldCUzRCUyMl9ibGFuayUyMiUzRW1ldGVvYmx1ZSUzQyUyRmElM0UlM0MlMkZkaXYlM0U=[\/vc_raw_html][\/vc_column][vc_column width=\u00bb1\/6&#8243;][\/vc_column][\/vc_row]<\/p>\n","protected":false},"excerpt":{"rendered":"<p>[vc_row][vc_column][vc_column_text]Se habla de las caras norte de las monta\u00f1as, generalizando, por que son las laderas m\u00e1s escarpadas, m\u00e1s fr\u00edas, que m\u00e1s han sufrido la erosi\u00f3n de los hielos, de los antiguos glaciares y las sombras. Paredes, car\u00e1mbanos, corredores de nieve y hielo, verticalidades y dificultades se unen en las laderas norte de estas monta\u00f1as. Y&hellip;<\/p>\n","protected":false},"author":1,"featured_media":27705,"comment_status":"open","ping_status":"open","sticky":false,"template":"","format":"standard","meta":[],"categories":[126],"tags":[],"class_list":["post-27775","post","type-post","status-publish","format-standard","has-post-thumbnail","hentry","category-valle-del-cinca","category-126","description-off"],"_links":{"self":[{"href":"https:\/\/www.monta\u00f1asdelaluna.es\/index.php?rest_route=\/wp\/v2\/posts\/27775","targetHints":{"allow":["GET"]}}],"collection":[{"href":"https:\/\/www.monta\u00f1asdelaluna.es\/index.php?rest_route=\/wp\/v2\/posts"}],"about":[{"href":"https:\/\/www.monta\u00f1asdelaluna.es\/index.php?rest_route=\/wp\/v2\/types\/post"}],"author":[{"embeddable":true,"href":"https:\/\/www.monta\u00f1asdelaluna.es\/index.php?rest_route=\/wp\/v2\/users\/1"}],"replies":[{"embeddable":true,"href":"https:\/\/www.monta\u00f1asdelaluna.es\/index.php?rest_route=%2Fwp%2Fv2%2Fcomments&post=27775"}],"version-history":[{"count":17,"href":"https:\/\/www.monta\u00f1asdelaluna.es\/index.php?rest_route=\/wp\/v2\/posts\/27775\/revisions"}],"predecessor-version":[{"id":50113,"href":"https:\/\/www.monta\u00f1asdelaluna.es\/index.php?rest_route=\/wp\/v2\/posts\/27775\/revisions\/50113"}],"wp:featuredmedia":[{"embeddable":true,"href":"https:\/\/www.monta\u00f1asdelaluna.es\/index.php?rest_route=\/wp\/v2\/media\/27705"}],"wp:attachment":[{"href":"https:\/\/www.monta\u00f1asdelaluna.es\/index.php?rest_route=%2Fwp%2Fv2%2Fmedia&parent=27775"}],"wp:term":[{"taxonomy":"category","embeddable":true,"href":"https:\/\/www.monta\u00f1asdelaluna.es\/index.php?rest_route=%2Fwp%2Fv2%2Fcategories&post=27775"},{"taxonomy":"post_tag","embeddable":true,"href":"https:\/\/www.monta\u00f1asdelaluna.es\/index.php?rest_route=%2Fwp%2Fv2%2Ftags&post=27775"}],"curies":[{"name":"wp","href":"https:\/\/api.w.org\/{rel}","templated":true}]}}