{"id":27882,"date":"2015-09-20T12:43:28","date_gmt":"2015-09-20T12:43:28","guid":{"rendered":"http:\/\/monta\u00f1asdelaluna.com\/?p=27882"},"modified":"2021-08-05T14:47:56","modified_gmt":"2021-08-05T14:47:56","slug":"hospital-de-la-sang-en-la-serra-de-lobac","status":"publish","type":"post","link":"https:\/\/www.monta\u00f1asdelaluna.es\/?p=27882","title":{"rendered":"Hospital de La Sang en la Serra de l&#8217;Obac"},"content":{"rendered":"<p>[vc_row][vc_column][vc_column_text]Hab\u00eda o\u00eddo de palabras de Paco, creo, la existencia del Hospital de la Sang en la misma Sierra de l\u2019Obac, en el Parque Natural de Sant Lloren\u00e7 del Munt i l\u2019Obac. No estaba muy definido como era el lugar, pero contaba que hab\u00eda sido refugio de guerras y hospital de campa\u00f1a, escondido entre los riscos, escarpes y \u201camagatalls\u201d de la monta\u00f1a.<\/p>\n<p>Fue entonces cuando ide\u00e9 una tranquila salida que nos llevar\u00eda, sin demasiado esfuerzo y s\u00ed caminando un poco, desde el alto Coll d\u2019Estenalles hacia \u00e9ste lugar. En el Coll d\u2019Estenalles en lugar de dirigirnos hac\u00eda el Montcau hac\u00eda el este, seguir\u00edamos el G.R. que pasa por encima de la monta\u00f1a, por lo m\u00e1s alto, hacia el oeste, en busca del espl\u00e9ndido edificio de La Mata. Pero el recorrido no pod\u00eda ser lineal, hab\u00eda que dar alguna vuelta. Entonces a la vuelta al Coll d\u2019Estenalles pasar\u00edamos, bajar\u00edamos hasta la Font dels Traginers, subiendo por todo el barranco del Torrent de La Coma d\u2019en Vila (que seg\u00fan el mapa, viejo, Alpina, hab\u00eda un estupendo sendero), hasta coger de nuevo el camino cimero que nos devuelva al Coll d\u2019Estenalles\u2026 \u00a1\u00bfA ver como sale la actividad?! A priori es sencilla, nada esforzada y con una duraci\u00f3n normal (seg\u00fan el tiempo que le quieras dedicar a visitar las distintas zonas por las que pasaremos).<\/p>\n<div id=\"attachment_27790\" style=\"width: 1034px\" class=\"wp-caption aligncenter\"><a class=\"dt-single-image\" href=\"https:\/\/www.monta\u00f1asdelaluna.es\/wp-content\/uploads\/2016\/03\/IMG_4544.jpg\" data-dt-img-description=\"\"><img loading=\"lazy\" decoding=\"async\" aria-describedby=\"caption-attachment-27790\" class=\"wp-image-27790 size-large\" src=\"https:\/\/www.monta\u00f1asdelaluna.es\/wp-content\/uploads\/2016\/03\/IMG_4544-1024x768.jpg\" alt=\"Parking del Coll d'Estenalles\" width=\"1024\" height=\"768\" srcset=\"https:\/\/www.monta\u00f1asdelaluna.es\/wp-content\/uploads\/2016\/03\/IMG_4544-1024x768.jpg 1024w, https:\/\/www.monta\u00f1asdelaluna.es\/wp-content\/uploads\/2016\/03\/IMG_4544-300x225.jpg 300w, https:\/\/www.monta\u00f1asdelaluna.es\/wp-content\/uploads\/2016\/03\/IMG_4544.jpg 1690w\" sizes=\"auto, (max-width: 1024px) 100vw, 1024px\" \/><\/a><p id=\"caption-attachment-27790\" class=\"wp-caption-text\">Parking del Coll d&#8217;Estenalles<\/p><\/div>\n<p>Por ello el pasado domingo 20 de septiembre, quedamos un numeroso grupo de Monta\u00f1as de La Luna en el aparcamiento del mismo Coll d\u2019Estenalles (873 mts.) para comenzar dicha tranquila marcha. El d\u00eda iba a ser soleado y no demasiado caluroso, parece que este verano ya se acababa y daba paso a un oto\u00f1o que comienza a sentirse. Las primeras \u201cenblanquinadas\u201d del Pirineo a principios de mes as\u00ed nos lo demostraban\u2026 nada m\u00e1s lejos de lo que ser\u00e1 la realidad.<\/p>\n<p>Lo primero una vez todos reunidos es subir hasta el camino que desde el Coll d\u2019Estenalles nos lleva hac\u00eda la izquierda y oeste siguiendo las marcas de G.R., hac\u00eda las proximidades del magn\u00edfico edificio de La Mata. Por suerte en este recorrido ven\u00eda \u00c1ngel, gran conocedor de la monta\u00f1a, que nos ir\u00eda indicando y guiando seg\u00fan los sitios y lugares por los que deb\u00edamos de pasar.<\/p>\n<p>El camino a seguir es f\u00e1cil y sin p\u00e9rdida. Una vez pasada el edificio de La Mata a la izquierda sin bajar hasta \u00e9l y sin pasar por \u00e9l, dejamos tambi\u00e9n la Ermita de Sant Jaume (que se encuentra en la parte m\u00e1s alta de la zona) a nuestra izquierda y arriba. Ya pasaremos por su puerta a la vuelta. La direcci\u00f3n real es suroeste.<\/p>\n<div id=\"attachment_27793\" style=\"width: 1700px\" class=\"wp-caption aligncenter\"><a class=\"dt-single-image\" href=\"https:\/\/www.monta\u00f1asdelaluna.es\/wp-content\/uploads\/2016\/03\/IMG_4548.jpg\" data-dt-img-description=\"\"><img loading=\"lazy\" decoding=\"async\" aria-describedby=\"caption-attachment-27793\" class=\"wp-image-27793 size-full\" src=\"https:\/\/www.monta\u00f1asdelaluna.es\/wp-content\/uploads\/2016\/03\/IMG_4548.jpg\" alt=\"Encinas en el camino al Coll de Garganta\" width=\"1690\" height=\"1267\" srcset=\"https:\/\/www.monta\u00f1asdelaluna.es\/wp-content\/uploads\/2016\/03\/IMG_4548.jpg 1690w, https:\/\/www.monta\u00f1asdelaluna.es\/wp-content\/uploads\/2016\/03\/IMG_4548-300x225.jpg 300w, https:\/\/www.monta\u00f1asdelaluna.es\/wp-content\/uploads\/2016\/03\/IMG_4548-1024x768.jpg 1024w\" sizes=\"auto, (max-width: 1690px) 100vw, 1690px\" \/><\/a><p id=\"caption-attachment-27793\" class=\"wp-caption-text\">Encinas en el camino al Coll de Garganta<\/p><\/div>\n<p>A partir de esta parte el camino cruzar\u00e1, sin dejar el G.R.-5, por unos colladitos en los que los estupendos y m\u00e1gicos ejemplares de encinas\u00a0 y quercus nos asombraran y alegran la vista. La niebla y las nubes bajas dan un toque de misterio y buc\u00f3lico aspecto en estos puntos del camino. Nos cruzamos mientras bajamos y subimos por nuestro camino por la cima de la sierra, con otros caminos y sendas. Alguna de \u00e9stas, una que venga de la parte izquierda, ser\u00e1 por la que salgamos a la vuelta por un peque\u00f1o colladito pasado el Coll de Garganta. La verdad es que mi orientaci\u00f3n no era la mejor ese d\u00eda, menos por \u00c1ngel que se empe\u00f1aba en ser amable y guiarnos por una sierra que parec\u00eda era su \u201cterritorio de caza\u201d.<\/p>\n<p>Al cabo de una subida y unas cuantas curvas del camino que nos hacen girar de suroeste a noroeste (despu\u00e9s del Coll de Garganta) a oeste y suroeste de nuevo sin dejar el G.R. ni la cima de la monta\u00f1a, llegamos a un espacio boscoso casi llano a la orilla del mismo camino donde se encuentra un enorme, magn\u00edfico y hermoso ejemplar de encina: es l\u2019Alzina del Vent. Un curioso y gigantesco ejemplar arb\u00f3reo que como si fuera una especie de gigantesca ara\u00f1a pero boca arriba y con cientos de patas, se eleva casi m\u00e1gicamente entre la niebla del espacio, del cielo y lugar de la monta\u00f1a, dejando el resto de \u00e1rboles, vegetaci\u00f3n diminuta a su lado, e incluso nosotros mismos nos sent\u00edamos peque\u00f1os, insuficientes para este enorme y bello ser vivo. La imagen y aspecto del ejemplar es impresionante. Hay m\u00e1s gente disfrutando de su compa\u00f1\u00eda. Nosotros nos paramos para admirarlo e inmortalizar el momento, el lugar, el monstruo de pelis de ciencia de ficci\u00f3n. Una de sus ramas cuelga y se alarga hasta casi a un metro y medio del suelo, peligrando su estabilidad. Le han tenido que poner un apoyo por si cae \u00a1Incre\u00edble!<\/p>\n<div id=\"attachment_27799\" style=\"width: 1700px\" class=\"wp-caption aligncenter\"><a class=\"dt-single-image\" href=\"https:\/\/www.monta\u00f1asdelaluna.es\/wp-content\/uploads\/2016\/03\/IMG_4556.jpg\" data-dt-img-description=\"\"><img loading=\"lazy\" decoding=\"async\" aria-describedby=\"caption-attachment-27799\" class=\"wp-image-27799 size-full\" src=\"https:\/\/www.monta\u00f1asdelaluna.es\/wp-content\/uploads\/2016\/03\/IMG_4556.jpg\" alt=\"L'Alzina del Vent\" width=\"1690\" height=\"1267\" srcset=\"https:\/\/www.monta\u00f1asdelaluna.es\/wp-content\/uploads\/2016\/03\/IMG_4556.jpg 1690w, https:\/\/www.monta\u00f1asdelaluna.es\/wp-content\/uploads\/2016\/03\/IMG_4556-300x225.jpg 300w, https:\/\/www.monta\u00f1asdelaluna.es\/wp-content\/uploads\/2016\/03\/IMG_4556-1024x768.jpg 1024w\" sizes=\"auto, (max-width: 1690px) 100vw, 1690px\" \/><\/a><p id=\"caption-attachment-27799\" class=\"wp-caption-text\">L&#8217;Alzina del Vent<\/p><\/div>\n<div id=\"attachment_27801\" style=\"width: 1034px\" class=\"wp-caption aligncenter\"><a class=\"dt-single-image\" href=\"https:\/\/www.monta\u00f1asdelaluna.es\/wp-content\/uploads\/2016\/03\/IMG_4560.jpg\" data-dt-img-description=\"\"><img loading=\"lazy\" decoding=\"async\" aria-describedby=\"caption-attachment-27801\" class=\"wp-image-27801 size-large\" src=\"https:\/\/www.monta\u00f1asdelaluna.es\/wp-content\/uploads\/2016\/03\/IMG_4560-1024x768.jpg\" alt=\"L'Alzina del Vent\" width=\"1024\" height=\"768\" srcset=\"https:\/\/www.monta\u00f1asdelaluna.es\/wp-content\/uploads\/2016\/03\/IMG_4560-1024x768.jpg 1024w, https:\/\/www.monta\u00f1asdelaluna.es\/wp-content\/uploads\/2016\/03\/IMG_4560-300x225.jpg 300w, https:\/\/www.monta\u00f1asdelaluna.es\/wp-content\/uploads\/2016\/03\/IMG_4560.jpg 1690w\" sizes=\"auto, (max-width: 1024px) 100vw, 1024px\" \/><\/a><p id=\"caption-attachment-27801\" class=\"wp-caption-text\">L&#8217;Alzina del Vent<\/p><\/div>\n<p>Pero debemos seguir. Ahora el camino, que sigue siendo camino, vuelve a girar y a descender hac\u00eda el Coll de Boix. La niebla va subiendo y poco a poco nos deja admirar el paisaje. Llego a reconocer algo, pero es in\u00fatil; mi orientaci\u00f3n en este d\u00eda est\u00e1 mermada. Llega un momento que aparece por la derecha una senda. Dejamos el camino. Yo no hubiera dado con este sendero y hubiera seguido el G.R. hasta que me hubiera dicho de girar hacia el oeste en busca del Hospital de la Sang. Pero \u00c1ngel va delante y nos gu\u00eda, perfecto. Esta sendilla o recorrido est\u00e1 se\u00f1alizado por marcas de pintura y recorre lomas desnudas de conglomerado y peque\u00f1os bosquecillos. No tiene p\u00e9rdida la senda. Creo recordar que las marcas eran de color azul, pero en forma de mancha m\u00e1s que de raya o l\u00ednea.<\/p>\n<p>Bajamos escalones naturales de roca y ya por f\u00edn el recorrido se vuelve m\u00e1s interesante despu\u00e9s de tanto camino. Al cabo de un tiempo, no mucho, la senda baja bastante inclinada entre rocas y exuberante vegetaci\u00f3n apareciendo unas especies de cuevas, nichos enormes entre las rocas y unos muritos de piedras hechos por el hombre: estamos en el Hospital de La Sang.<\/p>\n<div id=\"attachment_27807\" style=\"width: 1700px\" class=\"wp-caption aligncenter\"><a class=\"dt-single-image\" href=\"https:\/\/www.monta\u00f1asdelaluna.es\/wp-content\/uploads\/2016\/03\/IMG_4570.jpg\" data-dt-img-description=\"\"><img loading=\"lazy\" decoding=\"async\" aria-describedby=\"caption-attachment-27807\" class=\"wp-image-27807 size-full\" src=\"https:\/\/www.monta\u00f1asdelaluna.es\/wp-content\/uploads\/2016\/03\/IMG_4570.jpg\" alt=\"L'Alzina del Vent\" width=\"1690\" height=\"1267\" srcset=\"https:\/\/www.monta\u00f1asdelaluna.es\/wp-content\/uploads\/2016\/03\/IMG_4570.jpg 1690w, https:\/\/www.monta\u00f1asdelaluna.es\/wp-content\/uploads\/2016\/03\/IMG_4570-300x225.jpg 300w, https:\/\/www.monta\u00f1asdelaluna.es\/wp-content\/uploads\/2016\/03\/IMG_4570-1024x768.jpg 1024w\" sizes=\"auto, (max-width: 1690px) 100vw, 1690px\" \/><\/a><p id=\"caption-attachment-27807\" class=\"wp-caption-text\">L&#8217;Alzina del Vent<\/p><\/div>\n<div id=\"attachment_27813\" style=\"width: 1034px\" class=\"wp-caption aligncenter\"><a class=\"dt-single-image\" href=\"https:\/\/www.monta\u00f1asdelaluna.es\/wp-content\/uploads\/2016\/03\/IMG_4581.jpg\" data-dt-img-description=\"\"><img loading=\"lazy\" decoding=\"async\" aria-describedby=\"caption-attachment-27813\" class=\"wp-image-27813 size-large\" src=\"https:\/\/www.monta\u00f1asdelaluna.es\/wp-content\/uploads\/2016\/03\/IMG_4581-1024x768.jpg\" alt=\"Camino del Hospital de La Sang\" width=\"1024\" height=\"768\" srcset=\"https:\/\/www.monta\u00f1asdelaluna.es\/wp-content\/uploads\/2016\/03\/IMG_4581-1024x768.jpg 1024w, https:\/\/www.monta\u00f1asdelaluna.es\/wp-content\/uploads\/2016\/03\/IMG_4581-300x225.jpg 300w, https:\/\/www.monta\u00f1asdelaluna.es\/wp-content\/uploads\/2016\/03\/IMG_4581.jpg 1690w\" sizes=\"auto, (max-width: 1024px) 100vw, 1024px\" \/><\/a><p id=\"caption-attachment-27813\" class=\"wp-caption-text\">Camino del Hospital de La Sang<\/p><\/div>\n<p>En un enorme nicho de forma triangular, como si dos monta\u00f1as se hubieran separado por su base, se encuentra el espacio del Hospital de la Sang; llamado as\u00ed porque era el lugar escondido y secreto donde curaban a los soldados o guerrilleros heridos en guerras y luchas lejanas en la historia. Unos muritos de piedra encierran dicho lugar, dicho nicho. La verdad es que no sab\u00eda que es lo que nos \u00edbamos a encontrar. La sencillez, dejadez y duras condiciones para un \u201chospital\u201d hace pensar en c\u00f3mo lo ten\u00edan que pasar aqu\u00ed estas personas, estos guerrilleros, soldados.<\/p>\n<p>Paramos aqu\u00ed para comer. Al lado hay una cueva. \u00c9sta s\u00ed que nos sorprende, ya que s\u00ed parece un autentico refugio, escondite de tiempos pasados: larga, profunda y casi habitable; con se\u00f1ales y restos de antiguos usos y habitantes. Es impresionante. \u00c9sta s\u00ed que me deja boquiabierto a pesar de ser simplemente una profunda cueva. Hacemos fotos aqu\u00ed y all\u00e1. El lugar en s\u00ed est\u00e1 verdaderamente escondido en las laderas de la Serra de l\u2019Obac. Y llego a pensar que es cierto que en otras \u00e9pocas si no conoc\u00edas el punto exacto, ser\u00eda muy dif\u00edcil de llegar hasta aqu\u00ed. Un punto estrat\u00e9gico y secreto.<\/p>\n<div id=\"attachment_27816\" style=\"width: 1034px\" class=\"wp-caption aligncenter\"><a class=\"dt-single-image\" href=\"https:\/\/www.monta\u00f1asdelaluna.es\/wp-content\/uploads\/2016\/03\/IMG_4586.jpg\" data-dt-img-description=\"\"><img loading=\"lazy\" decoding=\"async\" aria-describedby=\"caption-attachment-27816\" class=\"wp-image-27816 size-large\" src=\"https:\/\/www.monta\u00f1asdelaluna.es\/wp-content\/uploads\/2016\/03\/IMG_4586-1024x768.jpg\" alt=\"Eva y Pablo en el Hospital de La Sang\" width=\"1024\" height=\"768\" srcset=\"https:\/\/www.monta\u00f1asdelaluna.es\/wp-content\/uploads\/2016\/03\/IMG_4586-1024x768.jpg 1024w, https:\/\/www.monta\u00f1asdelaluna.es\/wp-content\/uploads\/2016\/03\/IMG_4586-300x225.jpg 300w, https:\/\/www.monta\u00f1asdelaluna.es\/wp-content\/uploads\/2016\/03\/IMG_4586.jpg 1690w\" sizes=\"auto, (max-width: 1024px) 100vw, 1024px\" \/><\/a><p id=\"caption-attachment-27816\" class=\"wp-caption-text\">Eva y Pablo en el Hospital de La Sang<\/p><\/div>\n<div id=\"attachment_27820\" style=\"width: 1034px\" class=\"wp-caption aligncenter\"><a class=\"dt-single-image\" href=\"https:\/\/www.monta\u00f1asdelaluna.es\/wp-content\/uploads\/2016\/03\/IMG_4595.jpg\" data-dt-img-description=\"\"><img loading=\"lazy\" decoding=\"async\" aria-describedby=\"caption-attachment-27820\" class=\"wp-image-27820 size-large\" src=\"https:\/\/www.monta\u00f1asdelaluna.es\/wp-content\/uploads\/2016\/03\/IMG_4595-1024x768.jpg\" alt=\"Anna en la Cova de la Cort Fosca\" width=\"1024\" height=\"768\" srcset=\"https:\/\/www.monta\u00f1asdelaluna.es\/wp-content\/uploads\/2016\/03\/IMG_4595-1024x768.jpg 1024w, https:\/\/www.monta\u00f1asdelaluna.es\/wp-content\/uploads\/2016\/03\/IMG_4595-300x225.jpg 300w, https:\/\/www.monta\u00f1asdelaluna.es\/wp-content\/uploads\/2016\/03\/IMG_4595.jpg 1690w\" sizes=\"auto, (max-width: 1024px) 100vw, 1024px\" \/><\/a><p id=\"caption-attachment-27820\" class=\"wp-caption-text\">Anna en la Cova de la Cort Fosca<\/p><\/div>\n<p>Debemos volver. Ahora desandaremos nuestros pasos en busca del G.R.-5, pero en lugar de cogerlo en el Coll de Boix, lo cogeremos m\u00e1s al sur; para poder hacer una circular y pisar lo menos posible camino ya andado. Ahora toca subir un poco, volver a ascender hasta la cima de la monta\u00f1a, justo en el cordal que lleva desde el Castellsapera hasta l\u2019Alzina del Vent. O sea, que el recorrido en cierto punto se desv\u00eda hac\u00eda la derecha y sureste en lugar de volver por lo caminado hac\u00eda el noreste. Pero pronto llegamos a la cima de la monta\u00f1a y a la magn\u00edfica y se\u00f1alada senda del G.R.-5. Ahora giramos a hac\u00eda la izquierda y arriba, hac\u00eda el noreste por la boscosa y frondosa loma cimera en busca del Coll de Boix. \u00c1ngel nos gu\u00eda, pero m\u00e1s o menos ya s\u00e9 por d\u00f3nde vamos. Una vez el d\u00eda se despeja, observo el paisaje, las monta\u00f1as, los perfiles, mi orientaci\u00f3n vuelve a colocarse entre mis sentidos m\u00e1s finos.<\/p>\n<p>Una senda agradable pero de subida, en medio del exuberante bosque de encinas de la monta\u00f1a, nos lleva hasta el Coll de Boix de nuevo pero por otro punto m\u00e1s elevado fuera del camino o pista pisada antes. Un poste indicador nos explica lo que podemos hacer, las direcciones que hay y donde estamos. Hablo con \u00c1ngel y le explico mis intenciones: bajar a la Font dels Traginers y girar en busca del camino y G.R.-5 que nos devolver\u00e1 al Coll d\u2019Estenalles por el fondo del Torrent de la Coma d\u2019en Vila. Seg\u00fan el mapa de Alpina hay un bonito sendero, marcado y todo, que nos llevar\u00e1 por el fondo del barranco\u2026 \u00a1Tengo que actualizar estos mapas!<\/p>\n<div id=\"attachment_27825\" style=\"width: 1034px\" class=\"wp-caption aligncenter\"><a class=\"dt-single-image\" href=\"https:\/\/www.monta\u00f1asdelaluna.es\/wp-content\/uploads\/2016\/03\/IMG_4601.jpg\" data-dt-img-description=\"\"><img loading=\"lazy\" decoding=\"async\" aria-describedby=\"caption-attachment-27825\" class=\"wp-image-27825 size-large\" src=\"https:\/\/www.monta\u00f1asdelaluna.es\/wp-content\/uploads\/2016\/03\/IMG_4601-1024x768.jpg\" alt=\"Anna en la Cova de la Cort Fosca\" width=\"1024\" height=\"768\" srcset=\"https:\/\/www.monta\u00f1asdelaluna.es\/wp-content\/uploads\/2016\/03\/IMG_4601-1024x768.jpg 1024w, https:\/\/www.monta\u00f1asdelaluna.es\/wp-content\/uploads\/2016\/03\/IMG_4601-300x225.jpg 300w, https:\/\/www.monta\u00f1asdelaluna.es\/wp-content\/uploads\/2016\/03\/IMG_4601.jpg 1690w\" sizes=\"auto, (max-width: 1024px) 100vw, 1024px\" \/><\/a><p id=\"caption-attachment-27825\" class=\"wp-caption-text\">Anna en la Cova de la Cort Fosca<\/p><\/div>\n<div id=\"attachment_27832\" style=\"width: 1034px\" class=\"wp-caption aligncenter\"><a class=\"dt-single-image\" href=\"https:\/\/www.monta\u00f1asdelaluna.es\/wp-content\/uploads\/2016\/03\/IMG_4610.jpg\" data-dt-img-description=\"\"><img loading=\"lazy\" decoding=\"async\" aria-describedby=\"caption-attachment-27832\" class=\"wp-image-27832 size-large\" src=\"https:\/\/www.monta\u00f1asdelaluna.es\/wp-content\/uploads\/2016\/03\/IMG_4610-1024x768.jpg\" alt=\"Desandando el camino\" width=\"1024\" height=\"768\" srcset=\"https:\/\/www.monta\u00f1asdelaluna.es\/wp-content\/uploads\/2016\/03\/IMG_4610-1024x768.jpg 1024w, https:\/\/www.monta\u00f1asdelaluna.es\/wp-content\/uploads\/2016\/03\/IMG_4610-300x225.jpg 300w, https:\/\/www.monta\u00f1asdelaluna.es\/wp-content\/uploads\/2016\/03\/IMG_4610.jpg 1690w\" sizes=\"auto, (max-width: 1024px) 100vw, 1024px\" \/><\/a><p id=\"caption-attachment-27832\" class=\"wp-caption-text\">Desandando el camino<\/p><\/div>\n<p>As\u00ed pues despu\u00e9s de revisar y explorar senderos escogemos el bueno que nos bajar\u00e1 por Els Graons de Mura hasta el grifo de la Font dels Traginers. La senda bien marcada y ancha comienza a bajar para llegar hasta el fondo del nombrado barranco, y comienza, m\u00e1s abajo, a hacer una especie de zigzag y a bajar por unos escalones de roca y piedra muy numerosos y enormes, son Els Graons de Mura.<\/p>\n<p>Enseguida llegamos a la casi inapreciable Font dels Traginers. Hay un grifo curioso y simp\u00e1tico que al abrirlo deja caer un peque\u00f1o chorrillo de agua, pero el suficiente para llenar alguna cantimplora y saciar la sed del perro del grupo. Ahora toca coger la senda barranco arriba y salir al camino por el que andamos al comienzo de la marcha, entre l\u2019Alzina del Vent y el Coll de Garganta\u2026 pero no aprecio camino por el que seguir, ni a un lado ni al otro del barranco. Exploro los alrededores y nada. Eso pasa por llevar un Alpina del 2.002 fotografiado en mi Canon, desactualizado. \u00c1ngel mira por la ladera la cual hemos bajado pero yendo hacia arriba y norte en la misma direcci\u00f3n que el barranco; parece que encuentra una maltrecha y poco o nada marcada sendilla. Es nuestra \u00fanica baza; la seguimos ladera arriba, barranco arriba.<\/p>\n<div id=\"attachment_27838\" style=\"width: 1034px\" class=\"wp-caption aligncenter\"><a class=\"dt-single-image\" href=\"https:\/\/www.monta\u00f1asdelaluna.es\/wp-content\/uploads\/2016\/03\/IMG_4619.jpg\" data-dt-img-description=\"\"><img loading=\"lazy\" decoding=\"async\" aria-describedby=\"caption-attachment-27838\" class=\"wp-image-27838 size-large\" src=\"https:\/\/www.monta\u00f1asdelaluna.es\/wp-content\/uploads\/2016\/03\/IMG_4619-1024x768.jpg\" alt=\"Vistas desde la Serra de l'Obac\" width=\"1024\" height=\"768\" srcset=\"https:\/\/www.monta\u00f1asdelaluna.es\/wp-content\/uploads\/2016\/03\/IMG_4619-1024x768.jpg 1024w, https:\/\/www.monta\u00f1asdelaluna.es\/wp-content\/uploads\/2016\/03\/IMG_4619-300x225.jpg 300w, https:\/\/www.monta\u00f1asdelaluna.es\/wp-content\/uploads\/2016\/03\/IMG_4619.jpg 1690w\" sizes=\"auto, (max-width: 1024px) 100vw, 1024px\" \/><\/a><p id=\"caption-attachment-27838\" class=\"wp-caption-text\">Vistas desde la Serra de l&#8217;Obac<\/p><\/div>\n<div id=\"attachment_27841\" style=\"width: 1034px\" class=\"wp-caption aligncenter\"><a class=\"dt-single-image\" href=\"https:\/\/www.monta\u00f1asdelaluna.es\/wp-content\/uploads\/2016\/03\/IMG_4625.jpg\" data-dt-img-description=\"\"><img loading=\"lazy\" decoding=\"async\" aria-describedby=\"caption-attachment-27841\" class=\"wp-image-27841 size-large\" src=\"https:\/\/www.monta\u00f1asdelaluna.es\/wp-content\/uploads\/2016\/03\/IMG_4625-1024x768.jpg\" alt=\"Bajada a la Font dels Traginers\" width=\"1024\" height=\"768\" srcset=\"https:\/\/www.monta\u00f1asdelaluna.es\/wp-content\/uploads\/2016\/03\/IMG_4625-1024x768.jpg 1024w, https:\/\/www.monta\u00f1asdelaluna.es\/wp-content\/uploads\/2016\/03\/IMG_4625-300x225.jpg 300w, https:\/\/www.monta\u00f1asdelaluna.es\/wp-content\/uploads\/2016\/03\/IMG_4625.jpg 1690w\" sizes=\"auto, (max-width: 1024px) 100vw, 1024px\" \/><\/a><p id=\"caption-attachment-27841\" class=\"wp-caption-text\">Bajada a la Font dels Traginers<\/p><\/div>\n<p>El calor comienza a quemar nuestras esperanzas de que esta maltrecha senda nos lleve al punto requerido. Poco a poco y a medida que avanzamos se va desdibujando, desaparece al final. Hay que hacer algo. Seg\u00fan el viejo Alpina hay otra senda a m\u00e1s altura (espero que exista) que pasa por una cueva, rodea la loma cimera de la monta\u00f1a y viene del Coll de Boix. Entonces nos arriesgamos a cruzar y subir recto la ladera monte a trav\u00e9s entre matorrales y espacios de roca madre, terreno desgastado por la erosi\u00f3n y la lluvia. Al final el esfuerzo de ir monte a trav\u00e9s entre el calor y el sol del final de ma\u00f1ana vale la pena y al poco tiempo descubrimos dicha senda m\u00e1s arriba. Ciertamente muy bien marcada en el terreno, sin p\u00e9rdida ni desviaciones como la pasada en la Font dels Traginers. Y con direcci\u00f3n derecha, norte, enseguida llegamos al camino nombrado\u2026 \u00a1\u00a1Hay que ver lo que se avanza caminando en una senda como Dios manda!!<\/p>\n<p>Son curiosos los perfiles por los que cruza en pocos metros esta senda. Excavada en la roca conglomerada, con suaves y extra\u00f1as formas rojizas. Y despu\u00e9s de unos peque\u00f1os bosquecillos de encinas, el ancho camino con el G.R.-5. Esta vez lo tomaremos hacia la derecha, de vuelta, con el sentido contrario al del comienzo de la marcha. Desandaremos a partir de aqu\u00ed lo andado, hasta llegar al mismo parking donde est\u00e1n los coches.<\/p>\n<div id=\"attachment_27843\" style=\"width: 1034px\" class=\"wp-caption aligncenter\"><a class=\"dt-single-image\" href=\"https:\/\/www.monta\u00f1asdelaluna.es\/wp-content\/uploads\/2016\/03\/IMG_4627.jpg\" data-dt-img-description=\"\"><img loading=\"lazy\" decoding=\"async\" aria-describedby=\"caption-attachment-27843\" class=\"wp-image-27843 size-large\" src=\"https:\/\/www.monta\u00f1asdelaluna.es\/wp-content\/uploads\/2016\/03\/IMG_4627-1024x768.jpg\" alt=\"Bajada a la Font dels Traginers, delante el Torrent de la Coma d'en Vila\" width=\"1024\" height=\"768\" srcset=\"https:\/\/www.monta\u00f1asdelaluna.es\/wp-content\/uploads\/2016\/03\/IMG_4627-1024x768.jpg 1024w, https:\/\/www.monta\u00f1asdelaluna.es\/wp-content\/uploads\/2016\/03\/IMG_4627-300x225.jpg 300w, https:\/\/www.monta\u00f1asdelaluna.es\/wp-content\/uploads\/2016\/03\/IMG_4627.jpg 1690w\" sizes=\"auto, (max-width: 1024px) 100vw, 1024px\" \/><\/a><p id=\"caption-attachment-27843\" class=\"wp-caption-text\">Bajada a la Font dels Traginers, delante el Torrent de la Coma d&#8217;en Vila<\/p><\/div>\n<div id=\"attachment_27845\" style=\"width: 1034px\" class=\"wp-caption aligncenter\"><a class=\"dt-single-image\" href=\"https:\/\/www.monta\u00f1asdelaluna.es\/wp-content\/uploads\/2016\/03\/IMG_4631.jpg\" data-dt-img-description=\"\"><img loading=\"lazy\" decoding=\"async\" aria-describedby=\"caption-attachment-27845\" class=\"wp-image-27845 size-large\" src=\"https:\/\/www.monta\u00f1asdelaluna.es\/wp-content\/uploads\/2016\/03\/IMG_4631-1024x768.jpg\" alt=\"Font dels Traginers\" width=\"1024\" height=\"768\" srcset=\"https:\/\/www.monta\u00f1asdelaluna.es\/wp-content\/uploads\/2016\/03\/IMG_4631-1024x768.jpg 1024w, https:\/\/www.monta\u00f1asdelaluna.es\/wp-content\/uploads\/2016\/03\/IMG_4631-300x225.jpg 300w, https:\/\/www.monta\u00f1asdelaluna.es\/wp-content\/uploads\/2016\/03\/IMG_4631.jpg 1690w\" sizes=\"auto, (max-width: 1024px) 100vw, 1024px\" \/><\/a><p id=\"caption-attachment-27845\" class=\"wp-caption-text\">Font dels Traginers<\/p><\/div>\n<div id=\"attachment_27851\" style=\"width: 1034px\" class=\"wp-caption aligncenter\"><a class=\"dt-single-image\" href=\"https:\/\/www.monta\u00f1asdelaluna.es\/wp-content\/uploads\/2016\/03\/IMG_4637.jpg\" data-dt-img-description=\"\"><img loading=\"lazy\" decoding=\"async\" aria-describedby=\"caption-attachment-27851\" class=\"wp-image-27851 size-large\" src=\"https:\/\/www.monta\u00f1asdelaluna.es\/wp-content\/uploads\/2016\/03\/IMG_4637-1024x768.jpg\" alt=\"Por fin en la senda hac\u00eda el G.R.-5, delante Encarna\" width=\"1024\" height=\"768\" srcset=\"https:\/\/www.monta\u00f1asdelaluna.es\/wp-content\/uploads\/2016\/03\/IMG_4637-1024x768.jpg 1024w, https:\/\/www.monta\u00f1asdelaluna.es\/wp-content\/uploads\/2016\/03\/IMG_4637-300x225.jpg 300w, https:\/\/www.monta\u00f1asdelaluna.es\/wp-content\/uploads\/2016\/03\/IMG_4637.jpg 1690w\" sizes=\"auto, (max-width: 1024px) 100vw, 1024px\" \/><\/a><p id=\"caption-attachment-27851\" class=\"wp-caption-text\">Por fin en la senda hac\u00eda el G.R.-5, delante Encarna<\/p><\/div>\n<p>De nuevo admiramos y disfrutamos con la visi\u00f3n de los impresionantes ejemplares de encinas, ahora sin la fantasmagor\u00eda de la niebla, las nubes bajas, se ven m\u00e1s simp\u00e1ticas y amables, menos misteriosas y temerosas\u2026 hermosas.<\/p>\n<p>Al llegar a la altura del edificio de La Mata (pero al otro lado de la ladera de la monta\u00f1a, sin verlo) decidimos subir, por una senda a la derecha a la Ermita de Sant Jaume y as\u00ed hicimos para, al menos, hacernos la foto de grupo. Desde aqu\u00ed las vistas son dignas de mencionar, por su altura parece un magn\u00edfico mirador: vemos abajo el vasto edificio de La Mata, hacia el norte el Montcau con su inconfundible perfil de pagoda\u2026 hay gente en su cima, como siempre. Las nubes bajas se han convertido en nubes m\u00e1s altas y algodonosas, que dejan un paisaje pintoresco y extraordinario.<\/p>\n<div id=\"attachment_27860\" style=\"width: 1700px\" class=\"wp-caption aligncenter\"><a class=\"dt-single-image\" href=\"https:\/\/www.monta\u00f1asdelaluna.es\/wp-content\/uploads\/2016\/03\/IMG_4651.jpg\" data-dt-img-description=\"\"><img loading=\"lazy\" decoding=\"async\" aria-describedby=\"caption-attachment-27860\" class=\"wp-image-27860 size-full\" src=\"https:\/\/www.monta\u00f1asdelaluna.es\/wp-content\/uploads\/2016\/03\/IMG_4651.jpg\" alt=\"Encinares en el camino al Coll d'Estenalles\" width=\"1690\" height=\"1267\" srcset=\"https:\/\/www.monta\u00f1asdelaluna.es\/wp-content\/uploads\/2016\/03\/IMG_4651.jpg 1690w, https:\/\/www.monta\u00f1asdelaluna.es\/wp-content\/uploads\/2016\/03\/IMG_4651-300x225.jpg 300w, https:\/\/www.monta\u00f1asdelaluna.es\/wp-content\/uploads\/2016\/03\/IMG_4651-1024x768.jpg 1024w\" sizes=\"auto, (max-width: 1690px) 100vw, 1690px\" \/><\/a><p id=\"caption-attachment-27860\" class=\"wp-caption-text\">Encinares en el camino al Coll d&#8217;Estenalles<\/p><\/div>\n<div id=\"attachment_27865\" style=\"width: 1034px\" class=\"wp-caption aligncenter\"><a class=\"dt-single-image\" href=\"https:\/\/www.monta\u00f1asdelaluna.es\/wp-content\/uploads\/2016\/03\/IMG_4659.jpg\" data-dt-img-description=\"\"><img loading=\"lazy\" decoding=\"async\" aria-describedby=\"caption-attachment-27865\" class=\"wp-image-27865 size-large\" src=\"https:\/\/www.monta\u00f1asdelaluna.es\/wp-content\/uploads\/2016\/03\/IMG_4659-1024x768.jpg\" alt=\"Ermita de Sant Jaume, 929 mts.\" width=\"1024\" height=\"768\" srcset=\"https:\/\/www.monta\u00f1asdelaluna.es\/wp-content\/uploads\/2016\/03\/IMG_4659-1024x768.jpg 1024w, https:\/\/www.monta\u00f1asdelaluna.es\/wp-content\/uploads\/2016\/03\/IMG_4659-300x225.jpg 300w, https:\/\/www.monta\u00f1asdelaluna.es\/wp-content\/uploads\/2016\/03\/IMG_4659.jpg 1690w\" sizes=\"auto, (max-width: 1024px) 100vw, 1024px\" \/><\/a><p id=\"caption-attachment-27865\" class=\"wp-caption-text\">Ermita de Sant Jaume, 929 mts.<\/p><\/div>\n<div id=\"attachment_27869\" style=\"width: 1700px\" class=\"wp-caption aligncenter\"><a class=\"dt-single-image\" href=\"https:\/\/www.monta\u00f1asdelaluna.es\/wp-content\/uploads\/2016\/03\/IMG_4664.jpg\" data-dt-img-description=\"\"><img loading=\"lazy\" decoding=\"async\" aria-describedby=\"caption-attachment-27869\" class=\"wp-image-27869 size-full\" src=\"https:\/\/www.monta\u00f1asdelaluna.es\/wp-content\/uploads\/2016\/03\/IMG_4664.jpg\" alt=\"Montcau\" width=\"1690\" height=\"1267\" srcset=\"https:\/\/www.monta\u00f1asdelaluna.es\/wp-content\/uploads\/2016\/03\/IMG_4664.jpg 1690w, https:\/\/www.monta\u00f1asdelaluna.es\/wp-content\/uploads\/2016\/03\/IMG_4664-300x225.jpg 300w, https:\/\/www.monta\u00f1asdelaluna.es\/wp-content\/uploads\/2016\/03\/IMG_4664-1024x768.jpg 1024w\" sizes=\"auto, (max-width: 1690px) 100vw, 1690px\" \/><\/a><p id=\"caption-attachment-27869\" class=\"wp-caption-text\">Montcau<\/p><\/div>\n<p>Despu\u00e9s de las fotos y las admiraciones por las vistas, decidimos bajar por el lado contrario al subido a la ermita (son solo unos pocos metros) y bajar a la pista que nos trajo al principio a estos lares. Realmente el desv\u00edo para subir al templo es de poqu\u00edsimos metros, est\u00e1 pegado al camino pero a m\u00e1s altura e invisible desde \u00e9l.<\/p>\n<p>Y con el verdor de esta parte de la monta\u00f1a, los sanos y seguidos abetos en la orilla del camino que nos lleva el Coll d\u2019Estenalles, bajamos ya a donde se encuentran los coches (poco antes del nombrado collado) y aqu\u00ed finaliza la excursi\u00f3n por la Serra de l\u2019Obac y el Hospital de la Sang. Ha sido un recorrido sencillo sin prisas y sin esfuerzos excesivos (quitando la parte del monte a trav\u00e9s), por rec\u00f3nditos lugares, hist\u00f3ricos, interesantes y disfrutando de excepcionales ejemplares de encinas, de vegetaci\u00f3n, como l\u2019Alzina del Vent\u2026 eso s\u00ed, no dejes las llaves dentro del coche si lo cierras que despu\u00e9s no podr\u00e1s entrar en \u00e9l y \u00a1Te llevar\u00e1s la bronca de tu mujer!<\/p>\n<div id=\"attachment_27884\" style=\"width: 1058px\" class=\"wp-caption aligncenter\"><a class=\"dt-single-image\" href=\"https:\/\/www.monta\u00f1asdelaluna.es\/wp-content\/uploads\/2015\/09\/HospitalSang.mapaweb.jpg\" data-dt-img-description=\"\"><img loading=\"lazy\" decoding=\"async\" aria-describedby=\"caption-attachment-27884\" class=\"wp-image-27884 size-full\" src=\"https:\/\/www.monta\u00f1asdelaluna.es\/wp-content\/uploads\/2015\/09\/HospitalSang.mapaweb.jpg\" alt=\"Croquis del recorrido del Coll d'Estenalles al Hospital de La Sang. Puntos Azules: recorrido monte a trav\u00e9s\" width=\"1048\" height=\"788\" srcset=\"https:\/\/www.monta\u00f1asdelaluna.es\/wp-content\/uploads\/2015\/09\/HospitalSang.mapaweb.jpg 1048w, https:\/\/www.monta\u00f1asdelaluna.es\/wp-content\/uploads\/2015\/09\/HospitalSang.mapaweb-300x226.jpg 300w, https:\/\/www.monta\u00f1asdelaluna.es\/wp-content\/uploads\/2015\/09\/HospitalSang.mapaweb-1024x770.jpg 1024w\" sizes=\"auto, (max-width: 1048px) 100vw, 1048px\" \/><\/a><p id=\"caption-attachment-27884\" class=\"wp-caption-text\">Croquis del recorrido del Coll d&#8217;Estenalles al Hospital de La Sang. Puntos Azules: recorrido monte a trav\u00e9s<\/p><\/div>\n<p>[vc_separator][\/vc_column_text][\/vc_column][\/vc_row][vc_row][vc_column][vc_empty_space height=\u00bb60px\u00bb][\/vc_column][\/vc_row][vc_row][vc_column][vc_cta h2=\u00bb\u00c1lbum de fotos\u00bb txt_align=\u00bbcenter\u00bb add_button=\u00bbbottom\u00bb btn_title=\u00bbVer fotos\u00bb btn_color=\u00bbwarning\u00bb btn_align=\u00bbcenter\u00bb btn_link=\u00bburl:https%3A%2F%2Fmonta%C3%B1asdelaluna.es%2F%3Fdt_gallery%3Dhospital-de-la-sang-en-la-serra-de-lobac-2|title:Hospital%20de%20La%20Sang%20en%20la%20Serra%20de%20l%E2%80%99Obac|target:_blank\u00bb css=\u00bb.vc_custom_1625820225146{background-color: #8bc4ed !important;}\u00bb]Puedes ver todas las fotos del relato y actividad en forma de presentaci\u00f3n o individuales pinchando aqui \u00a1No te las pierdas![\/vc_cta][\/vc_column][\/vc_row][vc_row][vc_column][vc_empty_space height=\u00bb60px\u00bb][\/vc_column][\/vc_row][vc_row][vc_column width=\u00bb1\/3&#8243;][\/vc_column][vc_column width=\u00bb1\/2&#8243;][vc_column_text]Tiempo en Coll d&#8217;Estenalles[\/vc_column_text][vc_raw_html]JTNDaWZyYW1lJTIwc3JjJTNEJTIyaHR0cHMlM0ElMkYlMkZ3d3cubWV0ZW9ibHVlLmNvbSUyRmVzJTJGdGllbXBvJTJGd2lkZ2V0JTJGZGFpbHklMkY0MS42N04xLjk5NUUlM0ZnZW9sb2MlM0RmaXhlZCUyNmRheXMlM0Q3JTI2dGVtcHVuaXQlM0RDRUxTSVVTJTI2d2luZHVuaXQlM0RLSUxPTUVURVJfUEVSX0hPVVIlMjZjb2xvdXJlZCUzRGNvbG91cmVkJTI2cGljdG9pY29uJTNEMSUyNm1heHRlbXBlcmF0dXJlJTNEMSUyNm1pbnRlbXBlcmF0dXJlJTNEMSUyNndpbmRzcGVlZCUzRDElMjZ3aW5kZ3VzdCUzRDElMjZ3aW5kZGlyZWN0aW9uJTNEMSUyNnByZWNpcGl0YXRpb24lM0QxJTI2cHJlY2lwaXRhdGlvbnByb2JhYmlsaXR5JTNEMSUyNnNwb3QlM0QxJTI2cHJlc3N1cmUlM0QxJTI2bGF5b3V0JTNEbGlnaHQlMjIlMjAlMjBmcmFtZWJvcmRlciUzRCUyMjAlMjIlMjBzY3JvbGxpbmclM0QlMjJOTyUyMiUyMGFsbG93dHJhbnNwYXJlbmN5JTNEJTIydHJ1ZSUyMiUyMHNhbmRib3glM0QlMjJhbGxvdy1zYW1lLW9yaWdpbiUyMGFsbG93LXNjcmlwdHMlMjBhbGxvdy1wb3B1cHMlMjIlMjBzdHlsZSUzRCUyMndpZHRoJTNBJTIwMzc4cHglM0JoZWlnaHQlM0ElMjA0MTFweCUyMiUzRSUzQyUyRmlmcmFtZSUzRSUzQ2RpdiUzRSUzQyUyMS0tJTIwRE8lMjBOT1QlMjBSRU1PVkUlMjBUSElTJTIwTElOSyUyMC0tJTNFJTNDYSUyMGhyZWYlM0QlMjJodHRwcyUzQSUyRiUyRnd3dy5tZXRlb2JsdWUuY29tJTJGZXMlMkZ0aWVtcG8lMkZwcm9ub3N0aWNvJTJGc2VtYW5hJTJGNDEuNjdOMS45OTVFJTNGdXRtX3NvdXJjZSUzRHdlYXRoZXJfd2lkZ2V0JTI2dXRtX21lZGl1bSUzRGxpbmt1cyUyNnV0bV9jb250ZW50JTNEZGFpbHklMjZ1dG1fY2FtcGFpZ24lM0RXZWF0aGVyJTI1MkJXaWRnZXQlMjIlMjB0YXJnZXQlM0QlMjJfYmxhbmslMjIlM0VtZXRlb2JsdWUlM0MlMkZhJTNFJTNDJTJGZGl2JTNF[\/vc_raw_html][\/vc_column][vc_column width=\u00bb1\/5&#8243;][\/vc_column][\/vc_row]<\/p>\n","protected":false},"excerpt":{"rendered":"<p>[vc_row][vc_column][vc_column_text]Hab\u00eda o\u00eddo de palabras de Paco, creo, la existencia del Hospital de la Sang en la misma Sierra de l\u2019Obac, en el Parque Natural de Sant Lloren\u00e7 del Munt i l\u2019Obac. No estaba muy definido como era el lugar, pero contaba que hab\u00eda sido refugio de guerras y hospital de campa\u00f1a, escondido entre los riscos,&hellip;<\/p>\n","protected":false},"author":1,"featured_media":27807,"comment_status":"open","ping_status":"open","sticky":false,"template":"","format":"standard","meta":[],"categories":[51],"tags":[],"class_list":["post-27882","post","type-post","status-publish","format-standard","has-post-thumbnail","hentry","category-sant-llorenc-del-munt","category-51","description-off"],"_links":{"self":[{"href":"https:\/\/www.monta\u00f1asdelaluna.es\/index.php?rest_route=\/wp\/v2\/posts\/27882","targetHints":{"allow":["GET"]}}],"collection":[{"href":"https:\/\/www.monta\u00f1asdelaluna.es\/index.php?rest_route=\/wp\/v2\/posts"}],"about":[{"href":"https:\/\/www.monta\u00f1asdelaluna.es\/index.php?rest_route=\/wp\/v2\/types\/post"}],"author":[{"embeddable":true,"href":"https:\/\/www.monta\u00f1asdelaluna.es\/index.php?rest_route=\/wp\/v2\/users\/1"}],"replies":[{"embeddable":true,"href":"https:\/\/www.monta\u00f1asdelaluna.es\/index.php?rest_route=%2Fwp%2Fv2%2Fcomments&post=27882"}],"version-history":[{"count":11,"href":"https:\/\/www.monta\u00f1asdelaluna.es\/index.php?rest_route=\/wp\/v2\/posts\/27882\/revisions"}],"predecessor-version":[{"id":50194,"href":"https:\/\/www.monta\u00f1asdelaluna.es\/index.php?rest_route=\/wp\/v2\/posts\/27882\/revisions\/50194"}],"wp:featuredmedia":[{"embeddable":true,"href":"https:\/\/www.monta\u00f1asdelaluna.es\/index.php?rest_route=\/wp\/v2\/media\/27807"}],"wp:attachment":[{"href":"https:\/\/www.monta\u00f1asdelaluna.es\/index.php?rest_route=%2Fwp%2Fv2%2Fmedia&parent=27882"}],"wp:term":[{"taxonomy":"category","embeddable":true,"href":"https:\/\/www.monta\u00f1asdelaluna.es\/index.php?rest_route=%2Fwp%2Fv2%2Fcategories&post=27882"},{"taxonomy":"post_tag","embeddable":true,"href":"https:\/\/www.monta\u00f1asdelaluna.es\/index.php?rest_route=%2Fwp%2Fv2%2Ftags&post=27882"}],"curies":[{"name":"wp","href":"https:\/\/api.w.org\/{rel}","templated":true}]}}