{"id":28084,"date":"2013-01-26T23:25:40","date_gmt":"2013-01-26T23:25:40","guid":{"rendered":"http:\/\/monta\u00f1asdelaluna.com\/?p=28084"},"modified":"2021-07-16T08:59:41","modified_gmt":"2021-07-16T08:59:41","slug":"bastiments-el-pirineo-del-viento","status":"publish","type":"post","link":"https:\/\/www.monta\u00f1asdelaluna.es\/?p=28084","title":{"rendered":"Bastiments. El Pirineo del viento"},"content":{"rendered":"<p>[vc_row][vc_column][vc_column_text]Ya tocaba visitar el Pirineo de nuevo y subir a alguna de sus altivas cumbres. Despu\u00e9s del Puigllan\u00e7ada, la idea era subir al Bastiments (2.883 mts.) en el Pirineo Oriental y sobre Vallter 2000, pero como una actividad de iniciaci\u00f3n a la alta monta\u00f1a.<\/p>\n<p>Despu\u00e9s de las numerosas e intensas nevadas, el Pirineo tendr\u00eda que estar cargado de ese blanco meteoro, y las condiciones podr\u00edan ser las id\u00f3neas para realizar este tipo de actividad de iniciaci\u00f3n.<\/p>\n<p>En un principio, la idea era subir el pasado s\u00e1bado 26 de enero, pero el desalentador tiempo inestable, hizo que decidiera cambiar el d\u00eda al domingo 27, con las consecuentes bajas de algunos de los participantes. Por ello, al final solo 4 monta\u00f1eros nos aventuramos en ese d\u00eda y nos acercamos a las inmediaciones de Vallter 2000 y del Refugio de Ulldeter.<\/p>\n<div id=\"attachment_28017\" style=\"width: 1034px\" class=\"wp-caption aligncenter\"><a class=\"dt-single-image\" href=\"https:\/\/www.monta\u00f1asdelaluna.es\/wp-content\/uploads\/2016\/03\/Bastiments-003.jpg\" data-dt-img-description=\"\"><img loading=\"lazy\" decoding=\"async\" aria-describedby=\"caption-attachment-28017\" class=\"wp-image-28017 size-large\" src=\"https:\/\/www.monta\u00f1asdelaluna.es\/wp-content\/uploads\/2016\/03\/Bastiments-003-1024x768.jpg\" alt=\"Al fondo el Gra de Fajol\" width=\"1024\" height=\"768\" srcset=\"https:\/\/www.monta\u00f1asdelaluna.es\/wp-content\/uploads\/2016\/03\/Bastiments-003-1024x768.jpg 1024w, https:\/\/www.monta\u00f1asdelaluna.es\/wp-content\/uploads\/2016\/03\/Bastiments-003-300x225.jpg 300w, https:\/\/www.monta\u00f1asdelaluna.es\/wp-content\/uploads\/2016\/03\/Bastiments-003.jpg 1795w\" sizes=\"auto, (max-width: 1024px) 100vw, 1024px\" \/><\/a><p id=\"caption-attachment-28017\" class=\"wp-caption-text\">Al fondo el Gra de Fajol<\/p><\/div>\n<div id=\"attachment_28021\" style=\"width: 1034px\" class=\"wp-caption aligncenter\"><a class=\"dt-single-image\" href=\"https:\/\/www.monta\u00f1asdelaluna.es\/wp-content\/uploads\/2016\/03\/Bastiments-009.jpg\" data-dt-img-description=\"\"><img loading=\"lazy\" decoding=\"async\" aria-describedby=\"caption-attachment-28021\" class=\"wp-image-28021 size-large\" src=\"https:\/\/www.monta\u00f1asdelaluna.es\/wp-content\/uploads\/2016\/03\/Bastiments-009-1024x768.jpg\" alt=\"Gra de Fajol Petit\" width=\"1024\" height=\"768\" srcset=\"https:\/\/www.monta\u00f1asdelaluna.es\/wp-content\/uploads\/2016\/03\/Bastiments-009-1024x768.jpg 1024w, https:\/\/www.monta\u00f1asdelaluna.es\/wp-content\/uploads\/2016\/03\/Bastiments-009-300x225.jpg 300w, https:\/\/www.monta\u00f1asdelaluna.es\/wp-content\/uploads\/2016\/03\/Bastiments-009.jpg 1795w\" sizes=\"auto, (max-width: 1024px) 100vw, 1024px\" \/><\/a><p id=\"caption-attachment-28021\" class=\"wp-caption-text\">Gra de Fajol Petit<\/p><\/div>\n<p>Dejamos el coche en un parking intermedio de la estaci\u00f3n de esqu\u00ed. Arriba de la curva de donde sale la senda, G.R., al Refugio de Ulldeter. Salimos tarde: entre llegar al sitio y equiparnos, alrededor de las 10:30 de la ma\u00f1ana partimos en direcci\u00f3n al Refugio de Ulldeter. Encuentros en diferentes tramos de la C-17 con los participantes, caf\u00e9 con donuts en Ripoll&#8230; por suerte al final somos pocos y \u201cvalientes\u201d (Olga, Francesc, Josep y yo) y casi que nos podemos permitir el lujo de salir tarde.<\/p>\n<p>Por la senda al Refugio de Ulldeter hay bastante nieve. Incluso cubriendo las aguas del r\u00edo Ter. Hemos dejado las raquetas por que, por lo que ve\u00edamos desde el coche, las cumbres m\u00e1s altas y escarpadas (Gra de Fajol gran y Petit&#8230;) est\u00e1n muy peladas de nieve. Todo lo contrario a las laderas y fondos de valles, al reses de la Tramontana. Estos d\u00edas ha habido un fort\u00edsimo Tor y ha derretido, deshecho las nieves en las alturas, en los lugares donde azotaba el viento.<\/p>\n<div id=\"attachment_28023\" style=\"width: 1034px\" class=\"wp-caption aligncenter\"><a class=\"dt-single-image\" href=\"https:\/\/www.monta\u00f1asdelaluna.es\/wp-content\/uploads\/2016\/03\/Bastiments-012.jpg\" data-dt-img-description=\"\"><img loading=\"lazy\" decoding=\"async\" aria-describedby=\"caption-attachment-28023\" class=\"wp-image-28023 size-large\" src=\"https:\/\/www.monta\u00f1asdelaluna.es\/wp-content\/uploads\/2016\/03\/Bastiments-012-1024x768.jpg\" alt=\"Refugio de Ulldeter\" width=\"1024\" height=\"768\" srcset=\"https:\/\/www.monta\u00f1asdelaluna.es\/wp-content\/uploads\/2016\/03\/Bastiments-012-1024x768.jpg 1024w, https:\/\/www.monta\u00f1asdelaluna.es\/wp-content\/uploads\/2016\/03\/Bastiments-012-300x225.jpg 300w, https:\/\/www.monta\u00f1asdelaluna.es\/wp-content\/uploads\/2016\/03\/Bastiments-012.jpg 1795w\" sizes=\"auto, (max-width: 1024px) 100vw, 1024px\" \/><\/a><p id=\"caption-attachment-28023\" class=\"wp-caption-text\">Refugio de Ulldeter<\/p><\/div>\n<div id=\"attachment_28025\" style=\"width: 832px\" class=\"wp-caption aligncenter\"><a class=\"dt-single-image\" href=\"https:\/\/www.monta\u00f1asdelaluna.es\/wp-content\/uploads\/2016\/03\/Bastiments-015.jpg\" data-dt-img-description=\"\"><img loading=\"lazy\" decoding=\"async\" aria-describedby=\"caption-attachment-28025\" class=\"wp-image-28025 \" src=\"https:\/\/www.monta\u00f1asdelaluna.es\/wp-content\/uploads\/2016\/03\/Bastiments-015.jpg\" alt=\"Olga, Francesc y Josep admirando el Gra de Fajol\" width=\"822\" height=\"1096\" srcset=\"https:\/\/www.monta\u00f1asdelaluna.es\/wp-content\/uploads\/2016\/03\/Bastiments-015.jpg 1346w, https:\/\/www.monta\u00f1asdelaluna.es\/wp-content\/uploads\/2016\/03\/Bastiments-015-225x300.jpg 225w, https:\/\/www.monta\u00f1asdelaluna.es\/wp-content\/uploads\/2016\/03\/Bastiments-015-768x1024.jpg 768w\" sizes=\"auto, (max-width: 822px) 100vw, 822px\" \/><\/a><p id=\"caption-attachment-28025\" class=\"wp-caption-text\">Olga, Francesc y Josep admirando el Gra de Fajol<\/p><\/div>\n<p>Seguimos el mismo recorrido que en <a href=\"https:\/\/www.monta\u00f1asdelaluna.es\/?p=40674\" target=\"_blank\" rel=\"noopener\">Pic de Freser<\/a> hasta el Coll de La Marrana: pasando por las puertas del Refugio de Ulldeter, por la inesquiable pista de esqu\u00ed, y bajo las vertientes norte del Gra de Fajol que desde este lado y con su faz sin apenas nieve y mostrando sus agrestes roquedos, da un aspecto imponente y atrayente para subirlo. De hecho algunos monta\u00f1eros lo suben por entre min\u00fasculos corredorcillos de nieve y afiladas rocas. Francesc dice de subir el Gra de Fajol por esa vertiente y v\u00eda en lugar del Bastiments. Le digo al final que no, que la idea era subir al Bastiments, entre otras cosas por que a\u00fan era una cumbre virgen para m\u00ed. \u201c\u00a1\u00bfQu\u00e9 a\u00fan no has subido al Bastiments&#8230; ni al Puigmal?!\u201d, se asombra Francesc. \u201cPues no, cada vez que sub\u00edamos al Pirineo era para hacer un tresmil, ya que ven\u00edamos de tan lejos. Y desde que vivo en Barcelona no he tenido la oportunidad\u201d Le contesto yo.<\/p>\n<p>Cantidad de nieve considerable bajo el Coll de La Marrana, pero sobre ella, las piedras y suelo rocoso sobresale entre hierba agostada y finitos neveros. Hac\u00eda el norte, derecha, vemos la ladera del Bastiments: est\u00e1 pelada por la fuerza del viento en parte, y otra parte abunda la nieve. Nos adelantamos hac\u00eda el centro del Coll de La Marrana y nos disponemos a comer algo. Hago fotos y pierdo ese tiempo mientras mis compa\u00f1eros ya han tomado algo, me dispongo a comerme un pl\u00e1tano y algunos pistachos, pero mis compa\u00f1eros, con Francesc a la cabeza, ya salen hac\u00eda la cumbre \u00a1Qu\u00e9 prisas!<\/p>\n<div id=\"attachment_28029\" style=\"width: 1034px\" class=\"wp-caption aligncenter\"><a class=\"dt-single-image\" href=\"https:\/\/www.monta\u00f1asdelaluna.es\/wp-content\/uploads\/2016\/03\/Bastiments-019.jpg\" data-dt-img-description=\"\"><img loading=\"lazy\" decoding=\"async\" aria-describedby=\"caption-attachment-28029\" class=\"wp-image-28029 size-large\" src=\"https:\/\/www.monta\u00f1asdelaluna.es\/wp-content\/uploads\/2016\/03\/Bastiments-019-1024x768.jpg\" alt=\"Olga y detr\u00e1s el Coll de La Marrana\" width=\"1024\" height=\"768\" srcset=\"https:\/\/www.monta\u00f1asdelaluna.es\/wp-content\/uploads\/2016\/03\/Bastiments-019-1024x768.jpg 1024w, https:\/\/www.monta\u00f1asdelaluna.es\/wp-content\/uploads\/2016\/03\/Bastiments-019-300x225.jpg 300w, https:\/\/www.monta\u00f1asdelaluna.es\/wp-content\/uploads\/2016\/03\/Bastiments-019.jpg 1795w\" sizes=\"auto, (max-width: 1024px) 100vw, 1024px\" \/><\/a><p id=\"caption-attachment-28029\" class=\"wp-caption-text\">Olga y detr\u00e1s el Coll de La Marrana<\/p><\/div>\n<div id=\"attachment_28034\" style=\"width: 1034px\" class=\"wp-caption aligncenter\"><a class=\"dt-single-image\" href=\"https:\/\/www.monta\u00f1asdelaluna.es\/wp-content\/uploads\/2016\/03\/Bastiments-024.jpg\" data-dt-img-description=\"\"><img loading=\"lazy\" decoding=\"async\" aria-describedby=\"caption-attachment-28034\" class=\"wp-image-28034 size-large\" src=\"https:\/\/www.monta\u00f1asdelaluna.es\/wp-content\/uploads\/2016\/03\/Bastiments-024-1024x768.jpg\" alt=\"Josep llegando al Coll de La Marrana\" width=\"1024\" height=\"768\" srcset=\"https:\/\/www.monta\u00f1asdelaluna.es\/wp-content\/uploads\/2016\/03\/Bastiments-024-1024x768.jpg 1024w, https:\/\/www.monta\u00f1asdelaluna.es\/wp-content\/uploads\/2016\/03\/Bastiments-024-300x225.jpg 300w, https:\/\/www.monta\u00f1asdelaluna.es\/wp-content\/uploads\/2016\/03\/Bastiments-024.jpg 1795w\" sizes=\"auto, (max-width: 1024px) 100vw, 1024px\" \/><\/a><p id=\"caption-attachment-28034\" class=\"wp-caption-text\">Josep llegando al Coll de La Marrana<\/p><\/div>\n<p>La subida a la cumbre es sencilla y muy f\u00e1cil. Aunque en algunos momentos se empina la ladera, no tiene dificultad alguna. Es coger por la cima de un cordal que sube por la izquierda de la monta\u00f1a, y llegar por \u00e9l hasta la cima; donde hay clavada una s\u00f3lida cruz de metal, sobre la ladera nivosa resguardada a la Tramontana. Las vistas son impresionantes. Verdaderamente el Bastiments hace de faro gigante entre estas altas monta\u00f1as del Pirineo Oriental: delante nuestra, hac\u00eda el sur, los perfiles, ahora peque\u00f1os pero imponentes del Gra de Fajol gran y Petit, en la misma direcci\u00f3n pero m\u00e1s a la derecha el valle de la Coma del Freser, con el Balandrau cerrando y guardando dicho valle m\u00e1s al sur, con sus hombros y perfil de gigante petrificado. Hac\u00eda el este, el curioso y tumultuoso macizo del Canig\u00f3, abultado e imponente tambi\u00e9n. Hac\u00eda el norte, noroeste y oeste, todo el nevado y fr\u00edo Pirineo franc\u00e9s, Cerda\u00f1a, monta\u00f1as fronterizas con Andorra, y las m\u00e1s cercanas los picudos Pic de l\u2019Infern, Noufonts&#8230; y a la izquierda las lomas casi peladas y amplias del Puigmal \u00a1Precioso! Adem\u00e1s con unas pintorescas formas que ha creado el fuerte viento, los Tores que han azotado estas monta\u00f1as durante varios d\u00edas, al arrastrar, deshacer la nieve en las lomas m\u00e1s expuestas, hasta hacerla desaparecer, disminuir, saliendo terreno roquedo entre las manchitas de nieve, y a la vez acumularla en los fondos de los valles, lomas al reses, que aparecen blancas, inmaculadas y desbordantes de nieve. El viento ha hecho que la monta\u00f1a deje de tener nieve, pero ha creado un paisaje \u00fanico, espectacular, incre\u00edble&#8230; es el Pirineo del Viento, del Tor.<\/p>\n<p>Estamos un rato junto a al cruz. \u201c\u00bfComemos aqu\u00ed? \u00bfQu\u00e9 hora es?\u201d Es la una del mediod\u00eda. Hemos subido en dos horas y media \u00a1Trepidante! Pero no comeremos aqu\u00ed. Foto de grupo, de rigor, al paisaje, a las emociones&#8230; y Francesc dice de acercarnos a la otra cima del Bastiments, la cima oeste. Realmente la cruz no es la cima del pico: pocos metros m\u00e1s hac\u00eda el oeste y arriba, est\u00e1 el eje geod\u00e9sico que nos marca los 2.883 mts. de altura. Pasamos junto a \u00e9l en nuestro caminar por la f\u00e1cil y bonita cresta, hac\u00eda la parte m\u00e1s occidental del pico, la cima oeste.<\/p>\n<div id=\"attachment_28036\" style=\"width: 1034px\" class=\"wp-caption aligncenter\"><a class=\"dt-single-image\" href=\"https:\/\/www.monta\u00f1asdelaluna.es\/wp-content\/uploads\/2016\/03\/Bastiments-026.jpg\" data-dt-img-description=\"\"><img loading=\"lazy\" decoding=\"async\" aria-describedby=\"caption-attachment-28036\" class=\"wp-image-28036 size-large\" src=\"https:\/\/www.monta\u00f1asdelaluna.es\/wp-content\/uploads\/2016\/03\/Bastiments-026-1024x768.jpg\" alt=\"Coll de La Marrana y Bastiments a la derecha\" width=\"1024\" height=\"768\" srcset=\"https:\/\/www.monta\u00f1asdelaluna.es\/wp-content\/uploads\/2016\/03\/Bastiments-026-1024x768.jpg 1024w, https:\/\/www.monta\u00f1asdelaluna.es\/wp-content\/uploads\/2016\/03\/Bastiments-026-300x225.jpg 300w, https:\/\/www.monta\u00f1asdelaluna.es\/wp-content\/uploads\/2016\/03\/Bastiments-026.jpg 1795w\" sizes=\"auto, (max-width: 1024px) 100vw, 1024px\" \/><\/a><p id=\"caption-attachment-28036\" class=\"wp-caption-text\">Coll de La Marrana y Bastiments a la derecha<\/p><\/div>\n<div id=\"attachment_28042\" style=\"width: 1034px\" class=\"wp-caption aligncenter\"><a class=\"dt-single-image\" href=\"https:\/\/www.monta\u00f1asdelaluna.es\/wp-content\/uploads\/2016\/03\/Bastiments-032.b.jpg\" data-dt-img-description=\"\"><img loading=\"lazy\" decoding=\"async\" aria-describedby=\"caption-attachment-28042\" class=\"wp-image-28042 size-large\" src=\"https:\/\/www.monta\u00f1asdelaluna.es\/wp-content\/uploads\/2016\/03\/Bastiments-032.b-1024x538.jpg\" alt=\"Joaqu\u00edn, Francesc y Josep en el Coll de La Marrana, 2.529 mts.\" width=\"1024\" height=\"538\" srcset=\"https:\/\/www.monta\u00f1asdelaluna.es\/wp-content\/uploads\/2016\/03\/Bastiments-032.b-1024x538.jpg 1024w, https:\/\/www.monta\u00f1asdelaluna.es\/wp-content\/uploads\/2016\/03\/Bastiments-032.b-300x158.jpg 300w, https:\/\/www.monta\u00f1asdelaluna.es\/wp-content\/uploads\/2016\/03\/Bastiments-032.b.jpg 1794w\" sizes=\"auto, (max-width: 1024px) 100vw, 1024px\" \/><\/a><p id=\"caption-attachment-28042\" class=\"wp-caption-text\">Joaqu\u00edn, Francesc y Josep en el Coll de La Marrana, 2.529 mts.<\/p><\/div>\n<p>Ya en la cima oeste, estamos solos, nadie se acerca hasta este lado del pico, pero las vistas son impresionantes: todo el Pirineo (anteriormente descrito y mencionado) ante nuestros ojos. M\u00e1s cerca si cabe la cima del Pic de Freser y Pic de l\u2019Infern, masacrados por el viento, pero con una estampa curiosa y bonita. El resto del Pirineo, cuanto m\u00e1s al noroeste y oeste, est\u00e1 m\u00e1s nevado y blanco, no ha sufrido tan intensamente los azotes de la Tramontana, como al m\u00e1s oriental de los Pirineos.<\/p>\n<p>La idea m\u00eda era bajar y acercarnos al Pic de Bacivers, ya en Francia (ahora estamos en la misma frontera) y siguiendo el mismo cordal norte del Bastiments. Pero es tarde, a pesar de nuestra r\u00e1pida ascensi\u00f3n, si vamos a \u00e9ste pico se nos har\u00eda m\u00e1s tarde para regresar. Al menos quiero pasearme por el Pirineo franc\u00e9s, bajar por el cordal norte del Bastiments como si fuera al Pic de Bacivers, y en el collado de abajo, desviarnos, pasando por las orillas de un peque\u00f1o estanyet en el Circo de Bacivers, y dirigirnos al Coll de La Geganta, de nuevo en la frontera, al este del Bastiments; pasando bajo la cara norte del Bastiments. Pero el agorero y friolero de Francesc sugiere y casi demanda volver a la cima este del Bastiments. No quiere que comamos aqu\u00ed, hace fr\u00edo, pero, como \u00e9l dice \u201cyo lo soporto bien\u201d.<\/p>\n<div id=\"attachment_28038\" style=\"width: 1034px\" class=\"wp-caption aligncenter\"><a class=\"dt-single-image\" href=\"https:\/\/www.monta\u00f1asdelaluna.es\/wp-content\/uploads\/2016\/03\/Bastiments-028.b.jpg\" data-dt-img-description=\"\"><img loading=\"lazy\" decoding=\"async\" aria-describedby=\"caption-attachment-28038\" class=\"wp-image-28038 size-large\" src=\"https:\/\/www.monta\u00f1asdelaluna.es\/wp-content\/uploads\/2016\/03\/Bastiments-028.b-1024x607.jpg\" alt=\"Josep y Olga en el Coll de La Marrana, 2.529 mts., camino del Bastiments a la derecha\" width=\"1024\" height=\"607\" srcset=\"https:\/\/www.monta\u00f1asdelaluna.es\/wp-content\/uploads\/2016\/03\/Bastiments-028.b-1024x607.jpg 1024w, https:\/\/www.monta\u00f1asdelaluna.es\/wp-content\/uploads\/2016\/03\/Bastiments-028.b-300x178.jpg 300w, https:\/\/www.monta\u00f1asdelaluna.es\/wp-content\/uploads\/2016\/03\/Bastiments-028.b.jpg 1794w\" sizes=\"auto, (max-width: 1024px) 100vw, 1024px\" \/><\/a><p id=\"caption-attachment-28038\" class=\"wp-caption-text\">Josep y Olga en el Coll de La Marrana, 2.529 mts., camino del Bastiments a la derecha<\/p><\/div>\n<div id=\"attachment_28049\" style=\"width: 1034px\" class=\"wp-caption aligncenter\"><a class=\"dt-single-image\" href=\"https:\/\/www.monta\u00f1asdelaluna.es\/wp-content\/uploads\/2016\/03\/Bastiments-040.jpg\" data-dt-img-description=\"\"><img loading=\"lazy\" decoding=\"async\" aria-describedby=\"caption-attachment-28049\" class=\"wp-image-28049 size-large\" src=\"https:\/\/www.monta\u00f1asdelaluna.es\/wp-content\/uploads\/2016\/03\/Bastiments-040-1024x768.jpg\" alt=\"Subiendo al Bastiments, al fondo el Balandrau y el Valle de La Coma del Freser\" width=\"1024\" height=\"768\" srcset=\"https:\/\/www.monta\u00f1asdelaluna.es\/wp-content\/uploads\/2016\/03\/Bastiments-040-1024x768.jpg 1024w, https:\/\/www.monta\u00f1asdelaluna.es\/wp-content\/uploads\/2016\/03\/Bastiments-040-300x225.jpg 300w, https:\/\/www.monta\u00f1asdelaluna.es\/wp-content\/uploads\/2016\/03\/Bastiments-040.jpg 1795w\" sizes=\"auto, (max-width: 1024px) 100vw, 1024px\" \/><\/a><p id=\"caption-attachment-28049\" class=\"wp-caption-text\">Subiendo al Bastiments, al fondo el Balandrau y el Valle de La Coma del Freser<\/p><\/div>\n<div id=\"attachment_28054\" style=\"width: 1034px\" class=\"wp-caption aligncenter\"><a class=\"dt-single-image\" href=\"https:\/\/www.monta\u00f1asdelaluna.es\/wp-content\/uploads\/2016\/03\/Bastiments-046.jpg\" data-dt-img-description=\"\"><img loading=\"lazy\" decoding=\"async\" aria-describedby=\"caption-attachment-28054\" class=\"wp-image-28054 size-large\" src=\"https:\/\/www.monta\u00f1asdelaluna.es\/wp-content\/uploads\/2016\/03\/Bastiments-046-1024x768.jpg\" alt=\"Joaqu\u00edn, Francesc, Josep y Olga en la cima del Bastiments, 2.883 mts.\" width=\"1024\" height=\"768\" srcset=\"https:\/\/www.monta\u00f1asdelaluna.es\/wp-content\/uploads\/2016\/03\/Bastiments-046-1024x768.jpg 1024w, https:\/\/www.monta\u00f1asdelaluna.es\/wp-content\/uploads\/2016\/03\/Bastiments-046-300x225.jpg 300w, https:\/\/www.monta\u00f1asdelaluna.es\/wp-content\/uploads\/2016\/03\/Bastiments-046.jpg 1795w\" sizes=\"auto, (max-width: 1024px) 100vw, 1024px\" \/><\/a><p id=\"caption-attachment-28054\" class=\"wp-caption-text\">Joaqu\u00edn, Francesc, Josep y Olga en la cima del Bastiments, 2.883 mts.<\/p><\/div>\n<p>Desechados mis deseos, volvemos desandando el camino hasta la cruz met\u00e1lica del Bastiments. El d\u00eda sigue muy encapotado y oscuro; parece que quiere venir mal tiempo por el oeste, pero le cuesta y avanza lentamente. De nuevo en la cruz del Bastiments, tampoco comemos aqu\u00ed, sigue haciendo fr\u00edo. Otra decisi\u00f3n, bajamos por donde hemos subido o por el Coll de La Geganta. Esta vez tengo mis opiniones claras: por el Coll de La Geganta. Entonces comenzamos a descender por el cordal este del Bastiments, por la misma frontera con Francia.<\/p>\n<p>La ladera de bajada igual tiene nieve, igual est\u00e1 desnuda y castigada por el viento. Las laderas m\u00e1s desnudas de nieve son las que miran al norte, encaradas al viento de Tramontana, hac\u00eda donde sopla y se forma el huracanado Tor. Es f\u00e1cil la bajada. En poco tiempo estamos en una amplia llanura en lo alto y a la vez la parte m\u00e1s baja del cordal que unen el Bastiments con el Pic de La Dona, el Puig d\u2019Ombriaga: El Coll de La Geganta, a 2.611 mts. de altitud.<\/p>\n<div id=\"attachment_28060\" style=\"width: 1034px\" class=\"wp-caption aligncenter\"><a class=\"dt-single-image\" href=\"https:\/\/www.monta\u00f1asdelaluna.es\/wp-content\/uploads\/2016\/03\/Bastiments-057.jpg\" data-dt-img-description=\"\"><img loading=\"lazy\" decoding=\"async\" aria-describedby=\"caption-attachment-28060\" class=\"wp-image-28060 size-large\" src=\"https:\/\/www.monta\u00f1asdelaluna.es\/wp-content\/uploads\/2016\/03\/Bastiments-057-1024x768.jpg\" alt=\"El Puigmal a la izquierda, Pic de Freser enfrente a la izquierda, Pic de l'Infern\" width=\"1024\" height=\"768\" srcset=\"https:\/\/www.monta\u00f1asdelaluna.es\/wp-content\/uploads\/2016\/03\/Bastiments-057-1024x768.jpg 1024w, https:\/\/www.monta\u00f1asdelaluna.es\/wp-content\/uploads\/2016\/03\/Bastiments-057-300x225.jpg 300w, https:\/\/www.monta\u00f1asdelaluna.es\/wp-content\/uploads\/2016\/03\/Bastiments-057.jpg 1795w\" sizes=\"auto, (max-width: 1024px) 100vw, 1024px\" \/><\/a><p id=\"caption-attachment-28060\" class=\"wp-caption-text\">El Puigmal a la izquierda, Pic de Freser enfrente a la izquierda, Pic de l&#8217;Infern<\/p><\/div>\n<div id=\"attachment_28067\" style=\"width: 1034px\" class=\"wp-caption aligncenter\"><a class=\"dt-single-image\" href=\"https:\/\/www.monta\u00f1asdelaluna.es\/wp-content\/uploads\/2016\/03\/Bastiments-066.jpg\" data-dt-img-description=\"\"><img loading=\"lazy\" decoding=\"async\" aria-describedby=\"caption-attachment-28067\" class=\"wp-image-28067 size-large\" src=\"https:\/\/www.monta\u00f1asdelaluna.es\/wp-content\/uploads\/2016\/03\/Bastiments-066-1024x768.jpg\" alt=\"Regreso a la cima principal del Bastiments\" width=\"1024\" height=\"768\" srcset=\"https:\/\/www.monta\u00f1asdelaluna.es\/wp-content\/uploads\/2016\/03\/Bastiments-066-1024x768.jpg 1024w, https:\/\/www.monta\u00f1asdelaluna.es\/wp-content\/uploads\/2016\/03\/Bastiments-066-300x225.jpg 300w, https:\/\/www.monta\u00f1asdelaluna.es\/wp-content\/uploads\/2016\/03\/Bastiments-066.jpg 1795w\" sizes=\"auto, (max-width: 1024px) 100vw, 1024px\" \/><\/a><p id=\"caption-attachment-28067\" class=\"wp-caption-text\">Regreso a la cima principal del Bastiments<\/p><\/div>\n<div id=\"attachment_28068\" style=\"width: 1034px\" class=\"wp-caption aligncenter\"><a class=\"dt-single-image\" href=\"https:\/\/www.monta\u00f1asdelaluna.es\/wp-content\/uploads\/2016\/03\/Bastiments-067.jpg\" data-dt-img-description=\"\"><img loading=\"lazy\" decoding=\"async\" aria-describedby=\"caption-attachment-28068\" class=\"wp-image-28068 size-large\" src=\"https:\/\/www.monta\u00f1asdelaluna.es\/wp-content\/uploads\/2016\/03\/Bastiments-067-1024x768.jpg\" alt=\"Josep, Francesc y Olga en la cima principal del Bastiments, 2.883 mts.\" width=\"1024\" height=\"768\" srcset=\"https:\/\/www.monta\u00f1asdelaluna.es\/wp-content\/uploads\/2016\/03\/Bastiments-067-1024x768.jpg 1024w, https:\/\/www.monta\u00f1asdelaluna.es\/wp-content\/uploads\/2016\/03\/Bastiments-067-300x225.jpg 300w, https:\/\/www.monta\u00f1asdelaluna.es\/wp-content\/uploads\/2016\/03\/Bastiments-067.jpg 1795w\" sizes=\"auto, (max-width: 1024px) 100vw, 1024px\" \/><\/a><p id=\"caption-attachment-28068\" class=\"wp-caption-text\">Josep, Francesc y Olga en la cima principal del Bastiments, 2.883 mts.<\/p><\/div>\n<p>\u201c\u00bfComemos aqu\u00ed?\u201d Tampoco. Sigue soplando el viento, algo menos fr\u00edo pero molesto en ocasiones. Decidimos pararnos a hacer la foto del sitio y bajar en direcci\u00f3n a los edificios de la estaci\u00f3n de esqu\u00ed que vemos all\u00e1 abajo, al sureste (Vallter 2000). Miro el mapa. Resulta que al punto donde he aparcado el coche se llega antes por Vallter 2000 que volviendo al Refugio de Ulldeter. Entonces decidimos bajar del Coll de La Geganta desvi\u00e1ndonos en diagonal sureste, buscando una loma por donde vemos un grupo de \u201craquetistas\u201d. Aqu\u00ed la nieve ca\u00edda ha estado al reses del fuerte y destructivo viento y se mantiene intacta, de forma que nos hundimos hasta la cintura en ocasiones, por su abundancia y estado tan blando. Es la parte m\u00e1s esforzada de la actividad: intentar caminar dando zancadas altas y forzadas en medio de una amplia ladera con nieve hasta la cintura.<\/p>\n<p>Llegamos hasta donde est\u00e1 el grupo. Son de una asociaci\u00f3n excursionista de Argentona. Los adelantamos e intentamos seguir unas huellas y unas indicaciones en las rocas que sobresalen en la nieve. Aqu\u00ed ya no hace viento, ni el fr\u00edo de arriba. Vamos bajando mirando la balsa helada de agua para la estaci\u00f3n de esqu\u00ed, que queda justo abajo. Es como si fu\u00e9ramos justo en esa direcci\u00f3n. Hab\u00eda una indicaci\u00f3n cercana hac\u00eda una fuente&#8230; supongo que ser\u00eda la Font de La Perdiu que queda por estas inmediaciones.<\/p>\n<div id=\"attachment_28071\" style=\"width: 1034px\" class=\"wp-caption aligncenter\"><a class=\"dt-single-image\" href=\"https:\/\/www.monta\u00f1asdelaluna.es\/wp-content\/uploads\/2016\/03\/Bastiments-072.jpg\" data-dt-img-description=\"\"><img loading=\"lazy\" decoding=\"async\" aria-describedby=\"caption-attachment-28071\" class=\"wp-image-28071 size-large\" src=\"https:\/\/www.monta\u00f1asdelaluna.es\/wp-content\/uploads\/2016\/03\/Bastiments-072-1024x768.jpg\" alt=\"Coll de La Geganta, 2.611 mts., atr\u00e1s queda el Bastiments\" width=\"1024\" height=\"768\" srcset=\"https:\/\/www.monta\u00f1asdelaluna.es\/wp-content\/uploads\/2016\/03\/Bastiments-072-1024x768.jpg 1024w, https:\/\/www.monta\u00f1asdelaluna.es\/wp-content\/uploads\/2016\/03\/Bastiments-072-300x225.jpg 300w, https:\/\/www.monta\u00f1asdelaluna.es\/wp-content\/uploads\/2016\/03\/Bastiments-072.jpg 1795w\" sizes=\"auto, (max-width: 1024px) 100vw, 1024px\" \/><\/a><p id=\"caption-attachment-28071\" class=\"wp-caption-text\">Coll de La Geganta, 2.611 mts., atr\u00e1s queda el Bastiments<\/p><\/div>\n<p>M\u00e1s abajo y antes de bordear por arriba la balsa anteriormente nombrada, ya vemos m\u00e1s cerca los edificios de la estaci\u00f3n de esqu\u00ed, encontramos un rinc\u00f3n limpio de nieve. \u00a1Aqu\u00ed comeremos! \u00a1Ya era hora! son las cuatro de la tarde pasadas; aunque creo que si fuera por Francesc, hubi\u00e9ramos bajado al coche sin comer, algo desmadrado.[vc_separator][\/vc_column_text][\/vc_column][\/vc_row][vc_row][vc_column][vc_empty_space][vc_video link=\u00bbhttps:\/\/vimeo.com\/58532758#t=0s\u00bb title=\u00bbBastimets\u00bb][vc_empty_space][vc_column_text]Desde aqu\u00ed hasta la estaci\u00f3n de esqu\u00ed se hace f\u00e1cil; seguir hac\u00eda el camino: despu\u00e9s de bordear la balsa por la izquierda seg\u00fan bajas, seguir direcci\u00f3n este, y al cabo de pocos pasos te topas con este camino; y por la dura nieve pisada te deja en la misma estaci\u00f3n. A la izquierda, en la ladera, ves algunas pistas de la estaci\u00f3n de esqu\u00ed. Y al otro lado de la balsa otra larga pista, en la que de tanto en tanto, o\u00edas un raspado de metales en el hielo. Al otro lado quedan los despojados Gra de Fajol; ya no pasamos bajo sus vertientes esta vez. Y ya desde los pocos edificios de Vallter 2000, bajamos por la carretera hasta llegar al coche, acab\u00e1ndose aqu\u00ed esta actividad.<\/p>\n<div id=\"attachment_28075\" style=\"width: 1034px\" class=\"wp-caption aligncenter\"><a class=\"dt-single-image\" href=\"https:\/\/www.monta\u00f1asdelaluna.es\/wp-content\/uploads\/2016\/03\/Bastiments-079.jpg\" data-dt-img-description=\"\"><img loading=\"lazy\" decoding=\"async\" aria-describedby=\"caption-attachment-28075\" class=\"wp-image-28075 size-large\" src=\"https:\/\/www.monta\u00f1asdelaluna.es\/wp-content\/uploads\/2016\/03\/Bastiments-079-1024x768.jpg\" alt=\"Josep y Francesc bajando a Vallter 2000\" width=\"1024\" height=\"768\" srcset=\"https:\/\/www.monta\u00f1asdelaluna.es\/wp-content\/uploads\/2016\/03\/Bastiments-079-1024x768.jpg 1024w, https:\/\/www.monta\u00f1asdelaluna.es\/wp-content\/uploads\/2016\/03\/Bastiments-079-300x225.jpg 300w, https:\/\/www.monta\u00f1asdelaluna.es\/wp-content\/uploads\/2016\/03\/Bastiments-079.jpg 1795w\" sizes=\"auto, (max-width: 1024px) 100vw, 1024px\" \/><\/a><p id=\"caption-attachment-28075\" class=\"wp-caption-text\">Josep y Francesc bajando a Vallter 2000<\/p><\/div>\n<div id=\"attachment_28080\" style=\"width: 1034px\" class=\"wp-caption aligncenter\"><a class=\"dt-single-image\" href=\"https:\/\/www.monta\u00f1asdelaluna.es\/wp-content\/uploads\/2016\/03\/Bastiments-085.jpg\" data-dt-img-description=\"\"><img loading=\"lazy\" decoding=\"async\" aria-describedby=\"caption-attachment-28080\" class=\"wp-image-28080 size-large\" src=\"https:\/\/www.monta\u00f1asdelaluna.es\/wp-content\/uploads\/2016\/03\/Bastiments-085-1024x768.jpg\" alt=\"Josep, Joaqu\u00edn y Francesc en la carretera a Vallter 2000\" width=\"1024\" height=\"768\" srcset=\"https:\/\/www.monta\u00f1asdelaluna.es\/wp-content\/uploads\/2016\/03\/Bastiments-085-1024x768.jpg 1024w, https:\/\/www.monta\u00f1asdelaluna.es\/wp-content\/uploads\/2016\/03\/Bastiments-085-300x225.jpg 300w, https:\/\/www.monta\u00f1asdelaluna.es\/wp-content\/uploads\/2016\/03\/Bastiments-085.jpg 1795w\" sizes=\"auto, (max-width: 1024px) 100vw, 1024px\" \/><\/a><p id=\"caption-attachment-28080\" class=\"wp-caption-text\">Josep, Joaqu\u00edn y Francesc en la carretera a Vallter 2000<\/p><\/div>\n<p>He descubierto otra m\u00edtica y visitada monta\u00f1a del Pirineo Oriental, hemos visto paisajes ara\u00f1ados por el viento, por el fuerte Tor, y hemos disfrutado de un mal tiempo que nos ha respetado en un Pirineo inigualable e invernal, desde uno de los pilares y pin\u00e1culos m\u00e1s sobresalientes de este Pirineo del Viento&#8230; la lluvia por fin aparece, pero ya estamos en el coche de vuelta a Barcelona.<\/p>\n<div id=\"attachment_28086\" style=\"width: 627px\" class=\"wp-caption aligncenter\"><a class=\"dt-single-image\" href=\"https:\/\/www.monta\u00f1asdelaluna.es\/wp-content\/uploads\/2013\/01\/Bastiments.croquis.blog_.jpg\" data-dt-img-description=\"\"><img loading=\"lazy\" decoding=\"async\" aria-describedby=\"caption-attachment-28086\" class=\"wp-image-28086 size-full\" src=\"https:\/\/www.monta\u00f1asdelaluna.es\/wp-content\/uploads\/2013\/01\/Bastiments.croquis.blog_.jpg\" alt=\"Croquis del recorrido realizado para subir al Bastiments. Punto Rojo: aparcamiento donde dejamos el coche.\" width=\"617\" height=\"623\" srcset=\"https:\/\/www.monta\u00f1asdelaluna.es\/wp-content\/uploads\/2013\/01\/Bastiments.croquis.blog_.jpg 617w, https:\/\/www.monta\u00f1asdelaluna.es\/wp-content\/uploads\/2013\/01\/Bastiments.croquis.blog_-150x150.jpg 150w, https:\/\/www.monta\u00f1asdelaluna.es\/wp-content\/uploads\/2013\/01\/Bastiments.croquis.blog_-297x300.jpg 297w\" sizes=\"auto, (max-width: 617px) 100vw, 617px\" \/><\/a><p id=\"caption-attachment-28086\" class=\"wp-caption-text\">Croquis del recorrido realizado para subir al Bastiments. Punto Rojo: aparcamiento donde dejamos el coche.<\/p><\/div>\n<p>[\/vc_column_text][vc_empty_space height=\u00bb60px\u00bb][\/vc_column][\/vc_row][vc_row][vc_column][vc_cta h2=\u00bb\u00c1lbum de fotos\u00bb txt_align=\u00bbcenter\u00bb add_button=\u00bbbottom\u00bb btn_title=\u00bbVer fotos\u00bb btn_color=\u00bbwarning\u00bb btn_align=\u00bbcenter\u00bb btn_link=\u00bburl:https%3A%2F%2Fmonta%C3%B1asdelaluna.es%2F%3Fdt_gallery%3Dbastiments-2|title:Bastiments|target:_blank\u00bb css=\u00bb.vc_custom_1625731097167{background-color: #8bc4ed !important;}\u00bb]Puedes ver todas las fotos del relato y actividad en forma de presentaci\u00f3n o individuales pinchando aqui \u00a1No te las pierdas![\/vc_cta][\/vc_column][\/vc_row][vc_row][vc_column][vc_empty_space height=\u00bb60px\u00bb][\/vc_column][\/vc_row][vc_row][vc_column width=\u00bb1\/3&#8243;][\/vc_column][vc_column width=\u00bb1\/2&#8243;][vc_raw_html]JTNDaWZyYW1lJTIwc3JjJTNEJTIyaHR0cHMlM0ElMkYlMkZ3d3cubWV0ZW9ibHVlLmNvbSUyRmVzJTJGdGllbXBvJTJGd2lkZ2V0JTJGZGFpbHklMkZwaWMtYmFzdGltZW50c19mcmFuY2lhXzMwMTY0NDQlM0ZnZW9sb2MlM0RmaXhlZCUyNmRheXMlM0Q3JTI2dGVtcHVuaXQlM0RDRUxTSVVTJTI2d2luZHVuaXQlM0RLSUxPTUVURVJfUEVSX0hPVVIlMjZjb2xvdXJlZCUzRGNvbG91cmVkJTI2cGljdG9pY29uJTNEMSUyNm1heHRlbXBlcmF0dXJlJTNEMSUyNm1pbnRlbXBlcmF0dXJlJTNEMSUyNndpbmRzcGVlZCUzRDElMjZ3aW5kZ3VzdCUzRDElMjZ3aW5kZGlyZWN0aW9uJTNEMSUyNnByZWNpcGl0YXRpb24lM0QxJTI2cHJlY2lwaXRhdGlvbnByb2JhYmlsaXR5JTNEMSUyNnNwb3QlM0QxJTI2cHJlc3N1cmUlM0QxJTI2bGF5b3V0JTNEbGlnaHQlMjIlMjAlMjBmcmFtZWJvcmRlciUzRCUyMjAlMjIlMjBzY3JvbGxpbmclM0QlMjJOTyUyMiUyMGFsbG93dHJhbnNwYXJlbmN5JTNEJTIydHJ1ZSUyMiUyMHNhbmRib3glM0QlMjJhbGxvdy1zYW1lLW9yaWdpbiUyMGFsbG93LXNjcmlwdHMlMjBhbGxvdy1wb3B1cHMlMjIlMjBzdHlsZSUzRCUyMndpZHRoJTNBJTIwMzc4cHglM0JoZWlnaHQlM0ElMjA0MTFweCUyMiUzRSUzQyUyRmlmcmFtZSUzRSUzQ2RpdiUzRSUzQyUyMS0tJTIwRE8lMjBOT1QlMjBSRU1PVkUlMjBUSElTJTIwTElOSyUyMC0tJTNFJTNDYSUyMGhyZWYlM0QlMjJodHRwcyUzQSUyRiUyRnd3dy5tZXRlb2JsdWUuY29tJTJGZXMlMkZ0aWVtcG8lMkZwcm9ub3N0aWNvJTJGc2VtYW5hJTJGcGljLWJhc3RpbWVudHNfZnJhbmNpYV8zMDE2NDQ0JTNGdXRtX3NvdXJjZSUzRHdlYXRoZXJfd2lkZ2V0JTI2dXRtX21lZGl1bSUzRGxpbmt1cyUyNnV0bV9jb250ZW50JTNEZGFpbHklMjZ1dG1fY2FtcGFpZ24lM0RXZWF0aGVyJTI1MkJXaWRnZXQlMjIlMjB0YXJnZXQlM0QlMjJfYmxhbmslMjIlM0VtZXRlb2JsdWUlM0MlMkZhJTNFJTNDJTJGZGl2JTNF[\/vc_raw_html][\/vc_column][vc_column width=\u00bb1\/5&#8243;][\/vc_column][\/vc_row]<\/p>\n","protected":false},"excerpt":{"rendered":"<p>[vc_row][vc_column][vc_column_text]Ya tocaba visitar el Pirineo de nuevo y subir a alguna de sus altivas cumbres. Despu\u00e9s del Puigllan\u00e7ada, la idea era subir al Bastiments (2.883 mts.) en el Pirineo Oriental y sobre Vallter 2000, pero como una actividad de iniciaci\u00f3n a la alta monta\u00f1a. Despu\u00e9s de las numerosas e intensas nevadas, el Pirineo tendr\u00eda que&hellip;<\/p>\n","protected":false},"author":1,"featured_media":28067,"comment_status":"open","ping_status":"open","sticky":false,"template":"","format":"standard","meta":[],"categories":[129],"tags":[],"class_list":["post-28084","post","type-post","status-publish","format-standard","has-post-thumbnail","hentry","category-pirineo-oriental","category-129","description-off"],"_links":{"self":[{"href":"https:\/\/www.monta\u00f1asdelaluna.es\/index.php?rest_route=\/wp\/v2\/posts\/28084","targetHints":{"allow":["GET"]}}],"collection":[{"href":"https:\/\/www.monta\u00f1asdelaluna.es\/index.php?rest_route=\/wp\/v2\/posts"}],"about":[{"href":"https:\/\/www.monta\u00f1asdelaluna.es\/index.php?rest_route=\/wp\/v2\/types\/post"}],"author":[{"embeddable":true,"href":"https:\/\/www.monta\u00f1asdelaluna.es\/index.php?rest_route=\/wp\/v2\/users\/1"}],"replies":[{"embeddable":true,"href":"https:\/\/www.monta\u00f1asdelaluna.es\/index.php?rest_route=%2Fwp%2Fv2%2Fcomments&post=28084"}],"version-history":[{"count":11,"href":"https:\/\/www.monta\u00f1asdelaluna.es\/index.php?rest_route=\/wp\/v2\/posts\/28084\/revisions"}],"predecessor-version":[{"id":28187,"href":"https:\/\/www.monta\u00f1asdelaluna.es\/index.php?rest_route=\/wp\/v2\/posts\/28084\/revisions\/28187"}],"wp:featuredmedia":[{"embeddable":true,"href":"https:\/\/www.monta\u00f1asdelaluna.es\/index.php?rest_route=\/wp\/v2\/media\/28067"}],"wp:attachment":[{"href":"https:\/\/www.monta\u00f1asdelaluna.es\/index.php?rest_route=%2Fwp%2Fv2%2Fmedia&parent=28084"}],"wp:term":[{"taxonomy":"category","embeddable":true,"href":"https:\/\/www.monta\u00f1asdelaluna.es\/index.php?rest_route=%2Fwp%2Fv2%2Fcategories&post=28084"},{"taxonomy":"post_tag","embeddable":true,"href":"https:\/\/www.monta\u00f1asdelaluna.es\/index.php?rest_route=%2Fwp%2Fv2%2Ftags&post=28084"}],"curies":[{"name":"wp","href":"https:\/\/api.w.org\/{rel}","templated":true}]}}