{"id":28185,"date":"2014-03-22T23:26:43","date_gmt":"2014-03-22T23:26:43","guid":{"rendered":"http:\/\/monta\u00f1asdelaluna.com\/?p=28185"},"modified":"2021-07-15T21:05:04","modified_gmt":"2021-07-15T21:05:04","slug":"invernal-a-la-restanca","status":"publish","type":"post","link":"https:\/\/www.monta\u00f1asdelaluna.es\/?p=28185","title":{"rendered":"Invernal a La Restanca"},"content":{"rendered":"<p>[vc_row][vc_column][vc_column_text]El\u00a0 Valle de Ar\u00e1n es uno de los valles o regiones m\u00e1s bonitas, atractivas e identificativos de los Pirineos. Mirando al norte es el \u00fanico valle dentro del Pirineo catal\u00e1n y dentro de la naci\u00f3n espa\u00f1ola con esta caracter\u00edstica; por ello sus diferenciaciones con el resto de la pen\u00ednsula de clima, morfolog\u00eda, y en el \u00e1mbito antropol\u00f3gico tambi\u00e9n diferenciado por su cultura, historia e incluso lengua: el Aran\u00e9s.<\/p>\n<p>La monta\u00f1a m\u00e1s alta y caracter\u00edstica, as\u00ed como relevante e identificativa del lugar, es el Montardo de Ar\u00e1n. No llega a los tres mil metros pero su morfolog\u00eda le hacen ser una monta\u00f1a imponente, muy est\u00e9tica, escarpada en su cara norte y por si ubicaci\u00f3n se convierte en uno de los mejores miradores del Pirineo al este de los Montes Malditos. Tantas veces nombrado, tantos compa\u00f1eros que lo han visitado, ya iba siendo hora de acercarnos a sus faldas e intentar conquistarlo, recorri\u00e9ndonos sus laderas, crestas, y los peque\u00f1os, grandes y estupendos rincones con los que nos toparemos al subirlo.<\/p>\n<div id=\"attachment_28093\" style=\"width: 1853px\" class=\"wp-caption aligncenter\"><a class=\"dt-single-image\" href=\"https:\/\/www.monta\u00f1asdelaluna.es\/wp-content\/uploads\/2016\/03\/Restanca-024.jpg\" data-dt-img-description=\"\"><img loading=\"lazy\" decoding=\"async\" aria-describedby=\"caption-attachment-28093\" class=\"wp-image-28093 size-full\" src=\"https:\/\/www.monta\u00f1asdelaluna.es\/wp-content\/uploads\/2016\/03\/Restanca-024.jpg\" alt=\"El Montarto desde el Valle de Valarties\" width=\"1843\" height=\"1037\" srcset=\"https:\/\/www.monta\u00f1asdelaluna.es\/wp-content\/uploads\/2016\/03\/Restanca-024.jpg 1843w, https:\/\/www.monta\u00f1asdelaluna.es\/wp-content\/uploads\/2016\/03\/Restanca-024-300x169.jpg 300w, https:\/\/www.monta\u00f1asdelaluna.es\/wp-content\/uploads\/2016\/03\/Restanca-024-1024x576.jpg 1024w\" sizes=\"auto, (max-width: 1843px) 100vw, 1843px\" \/><\/a><p id=\"caption-attachment-28093\" class=\"wp-caption-text\">El Montarto desde el Valle de Valarties<\/p><\/div>\n<p>La Restanca es el robusto y antiguo refugio al que nos dirigiremos como base para atacar a este estupendo pico con aspecto de picuda cumbre desde Baqueira. Y para llegar a \u00e9ste nos recorreremos el Valle de Ar\u00e1n hasta Arties y de aqu\u00ed adentrarnos en el valle que le queda al sur, en busca del P. N. de Aig\u00fcestortes en su norte, al que llaman valle de Valarties. Dejar el coche hasta el punto donde la nieve nos deje y comenzar a subir, valle arriba, en busca de la alta monta\u00f1a pirenaica invernal.<\/p>\n<p>Son alrededor de 4 horas las que tenemos de Barcelona al Valle de Ar\u00e1n, por ello prefer\u00eda salir el viernes por la tarde, dormir en Salard\u00fa y el s\u00e1bado temprano comenzar tranquilamente la subida a La Restanca. Otros compa\u00f1eros no tendr\u00edan el viernes libre y madrugar\u00edan el mismo s\u00e1bado para realizar la aproximaci\u00f3n al valle\u2026 a mi madrugar tanto para darte la paliza del coche y luego la ascensi\u00f3n hasta La Restanca, \u201cme mataba\u201d, as\u00ed que Flora, Josep y yo preferimos pasar noche en Salard\u00fa\u2026 quiz\u00e1s tambi\u00e9n para disfrutar un poco, aunque sea de pasada, de los rincones del hermoso Valle de Ar\u00e1n.<\/p>\n<div id=\"attachment_28091\" style=\"width: 1034px\" class=\"wp-caption aligncenter\"><a class=\"dt-single-image\" href=\"https:\/\/www.monta\u00f1asdelaluna.es\/wp-content\/uploads\/2016\/03\/Restanca-015.jpg\" data-dt-img-description=\"\"><img loading=\"lazy\" decoding=\"async\" aria-describedby=\"caption-attachment-28091\" class=\"wp-image-28091 size-large\" src=\"https:\/\/www.monta\u00f1asdelaluna.es\/wp-content\/uploads\/2016\/03\/Restanca-015-1024x576.jpg\" alt=\"Salard\u00fa\" width=\"1024\" height=\"576\" srcset=\"https:\/\/www.monta\u00f1asdelaluna.es\/wp-content\/uploads\/2016\/03\/Restanca-015-1024x576.jpg 1024w, https:\/\/www.monta\u00f1asdelaluna.es\/wp-content\/uploads\/2016\/03\/Restanca-015-300x169.jpg 300w, https:\/\/www.monta\u00f1asdelaluna.es\/wp-content\/uploads\/2016\/03\/Restanca-015.jpg 1843w\" sizes=\"auto, (max-width: 1024px) 100vw, 1024px\" \/><\/a><p id=\"caption-attachment-28091\" class=\"wp-caption-text\">Salard\u00fa<\/p><\/div>\n<div id=\"attachment_28095\" style=\"width: 1034px\" class=\"wp-caption aligncenter\"><a class=\"dt-single-image\" href=\"https:\/\/www.monta\u00f1asdelaluna.es\/wp-content\/uploads\/2016\/03\/Restanca-028.jpg\" data-dt-img-description=\"\"><img loading=\"lazy\" decoding=\"async\" aria-describedby=\"caption-attachment-28095\" class=\"wp-image-28095 size-large\" src=\"https:\/\/www.monta\u00f1asdelaluna.es\/wp-content\/uploads\/2016\/03\/Restanca-028-1024x576.jpg\" alt=\"Flora y Josep con el Montarto detr\u00e1s\" width=\"1024\" height=\"576\" srcset=\"https:\/\/www.monta\u00f1asdelaluna.es\/wp-content\/uploads\/2016\/03\/Restanca-028-1024x576.jpg 1024w, https:\/\/www.monta\u00f1asdelaluna.es\/wp-content\/uploads\/2016\/03\/Restanca-028-300x169.jpg 300w, https:\/\/www.monta\u00f1asdelaluna.es\/wp-content\/uploads\/2016\/03\/Restanca-028.jpg 1843w\" sizes=\"auto, (max-width: 1024px) 100vw, 1024px\" \/><\/a><p id=\"caption-attachment-28095\" class=\"wp-caption-text\">Flora y Josep con el Montarto detr\u00e1s<\/p><\/div>\n<p>El fin de semana del 22 y 23 de marzo no iba a ser muy soleado e ideal para hacer una invernal, pero era el fin de semana que tocaba para realizar la actividad de alta monta\u00f1a en el Pirineo\u2026 y la reserva ya estaba hecha. Pero bueno, har\u00edamos lo que pudi\u00e9ramos y disfrutar\u00edamos en las condiciones que fueran. Nublado, nevada, ventisca\u2026 todo un aliciente para \u201cprobar el material\u201d este fin de semana.<\/p>\n<p>El viernes por la noche llegamos a Salard\u00fa y nos quedamos en el Chalet Refugio Juli Soler Santal\u00f3 ubicado en el interior del bonito pueblo, y si no sabes donde est\u00e1, puede ser un poco dif\u00edcil de encontrar. Una valiente y segura mujer con nombre vasco guarda el refugio, el cual est\u00e1 lleno de participantes de unas pruebas o carreras de trineos con perros en Baqueira. \u201cNo subir\u00e9is al Montardo\u201d nos dice al d\u00eda siguiente cuando bajamos a desayunar, sabiendo el mal tiempo que se avecina y que ya nos deja sus primeras intenciones al despertar con lluvia y truenos esta ma\u00f1ana. Pero hay que tener esperanza y ganas de aventura.<\/p>\n<div id=\"attachment_28101\" style=\"width: 1034px\" class=\"wp-caption aligncenter\"><a class=\"dt-single-image\" href=\"https:\/\/www.monta\u00f1asdelaluna.es\/wp-content\/uploads\/2016\/03\/Restanca-036.jpg\" data-dt-img-description=\"\"><img loading=\"lazy\" decoding=\"async\" aria-describedby=\"caption-attachment-28101\" class=\"wp-image-28101 size-large\" src=\"https:\/\/www.monta\u00f1asdelaluna.es\/wp-content\/uploads\/2016\/03\/Restanca-036-1024x576.jpg\" alt=\"Camino de la Restanca al fondo el Tossau de Mar\" width=\"1024\" height=\"576\" srcset=\"https:\/\/www.monta\u00f1asdelaluna.es\/wp-content\/uploads\/2016\/03\/Restanca-036-1024x576.jpg 1024w, https:\/\/www.monta\u00f1asdelaluna.es\/wp-content\/uploads\/2016\/03\/Restanca-036-300x169.jpg 300w, https:\/\/www.monta\u00f1asdelaluna.es\/wp-content\/uploads\/2016\/03\/Restanca-036.jpg 1843w\" sizes=\"auto, (max-width: 1024px) 100vw, 1024px\" \/><\/a><p id=\"caption-attachment-28101\" class=\"wp-caption-text\">Camino de la Restanca al fondo el Tossau de Mar<\/p><\/div>\n<div id=\"attachment_28107\" style=\"width: 1034px\" class=\"wp-caption aligncenter\"><a class=\"dt-single-image\" href=\"https:\/\/www.monta\u00f1asdelaluna.es\/wp-content\/uploads\/2016\/03\/Restanca-051.jpg\" data-dt-img-description=\"\"><img loading=\"lazy\" decoding=\"async\" aria-describedby=\"caption-attachment-28107\" class=\"wp-image-28107 size-large\" src=\"https:\/\/www.monta\u00f1asdelaluna.es\/wp-content\/uploads\/2016\/03\/Restanca-051-1024x576.jpg\" alt=\"Flora cruzando los restos de un alud\" width=\"1024\" height=\"576\" srcset=\"https:\/\/www.monta\u00f1asdelaluna.es\/wp-content\/uploads\/2016\/03\/Restanca-051-1024x576.jpg 1024w, https:\/\/www.monta\u00f1asdelaluna.es\/wp-content\/uploads\/2016\/03\/Restanca-051-300x169.jpg 300w, https:\/\/www.monta\u00f1asdelaluna.es\/wp-content\/uploads\/2016\/03\/Restanca-051.jpg 1843w\" sizes=\"auto, (max-width: 1024px) 100vw, 1024px\" \/><\/a><p id=\"caption-attachment-28107\" class=\"wp-caption-text\">Flora cruzando los restos de un alud<\/p><\/div>\n<div id=\"attachment_28109\" style=\"width: 1034px\" class=\"wp-caption aligncenter\"><a class=\"dt-single-image\" href=\"https:\/\/www.monta\u00f1asdelaluna.es\/wp-content\/uploads\/2016\/03\/Restanca-055.jpg\" data-dt-img-description=\"\"><img loading=\"lazy\" decoding=\"async\" aria-describedby=\"caption-attachment-28109\" class=\"wp-image-28109 size-large\" src=\"https:\/\/www.monta\u00f1asdelaluna.es\/wp-content\/uploads\/2016\/03\/Restanca-055-1024x576.jpg\" alt=\"Josep subiendo por los restos de un alud\" width=\"1024\" height=\"576\" srcset=\"https:\/\/www.monta\u00f1asdelaluna.es\/wp-content\/uploads\/2016\/03\/Restanca-055-1024x576.jpg 1024w, https:\/\/www.monta\u00f1asdelaluna.es\/wp-content\/uploads\/2016\/03\/Restanca-055-300x169.jpg 300w, https:\/\/www.monta\u00f1asdelaluna.es\/wp-content\/uploads\/2016\/03\/Restanca-055.jpg 1843w\" sizes=\"auto, (max-width: 1024px) 100vw, 1024px\" \/><\/a><p id=\"caption-attachment-28109\" class=\"wp-caption-text\">Josep subiendo por los restos de un alud<\/p><\/div>\n<p>Dejamos el magn\u00edfico refugio y a su simp\u00e1tica guarda, y cogemos camino de Arties y el valle que, desde esta poblaci\u00f3n, se interna hac\u00eda el sur en busca del Montardo y la alta monta\u00f1a pirenaica: Valarties. Entre las calles que cruzan el Garona seguimos las indicaciones hac\u00eda este valle y La Restanca, y un camino asfaltado nos saca de la poblaci\u00f3n, dejando a la izquierda una cantera, hac\u00eda el interior de Valarties. El tiempo quiere mejorar; parece que mientras nos internamos con el todoterreno de Josep en el valle, aparecen claros entre lo nubarrones grises y blancos.<\/p>\n<p>Llegamos a un punto en que el camino se desv\u00eda hac\u00eda arriba y derecha, dejando el principal abajo e izquierda. Pero aqu\u00ed ya aparece la nieve, antes de llegar al parking del Puente de Ress\u00e9c. Las fuerzas de los r\u00edo el pasado junio destrozaron varios caminos y carreteras en el Valle de Ar\u00e1n, entre otros este que se corta de repente antes de llegar al Puente de Ress\u00e9c. La alternativa es \u00e9ste otro que sube por la derecha. No llueve. Vemos como se despeja al norte. Nos equipamos y aprovechamos esta mejor\u00eda transitoria para salir en busca del refugio de La Restanca al final de Valarties.<\/p>\n<div id=\"attachment_28110\" style=\"width: 1034px\" class=\"wp-caption aligncenter\"><a class=\"dt-single-image\" href=\"https:\/\/www.monta\u00f1asdelaluna.es\/wp-content\/uploads\/2016\/03\/Restanca-059.jpg\" data-dt-img-description=\"\"><img loading=\"lazy\" decoding=\"async\" aria-describedby=\"caption-attachment-28110\" class=\"wp-image-28110 size-large\" src=\"https:\/\/www.monta\u00f1asdelaluna.es\/wp-content\/uploads\/2016\/03\/Restanca-059-1024x576.jpg\" alt=\"Cerca de la presa junto a La Restanca\" width=\"1024\" height=\"576\" srcset=\"https:\/\/www.monta\u00f1asdelaluna.es\/wp-content\/uploads\/2016\/03\/Restanca-059-1024x576.jpg 1024w, https:\/\/www.monta\u00f1asdelaluna.es\/wp-content\/uploads\/2016\/03\/Restanca-059-300x169.jpg 300w, https:\/\/www.monta\u00f1asdelaluna.es\/wp-content\/uploads\/2016\/03\/Restanca-059.jpg 1843w\" sizes=\"auto, (max-width: 1024px) 100vw, 1024px\" \/><\/a><p id=\"caption-attachment-28110\" class=\"wp-caption-text\">Cerca de la presa junto a La Restanca<\/p><\/div>\n<p>Observamos delante nuestro con admiraci\u00f3n y asombro el perfil norte, escarpado, elegante y desafiante del Montardo: algo picudo pero con cima redondeado, y paredes y barrancos a cada lado como si un \u00e1guila desplegara sus alas, con crestas puntiagudas y aserradas en sus altas cumbres, y todos los rincones de la imagen cargados de blancos y helados cristales de nieve que combinan con las grises y oscuras rocas gran\u00edticas&#8230; Hermosa imagen alpina.<\/p>\n<p>No hay p\u00e9rdida. Seguimos el camino y una vez llegados al parking y cruzado el Puente de Ress\u00e9c, las indicaciones hac\u00eda La Restanca son inconfundibles. A partir de aqu\u00ed la nieve va a ser muy abundante, el valle se cierra hermoso y casi boscoso, mientras rodeamos los pilares oeste del Montardo. Un grupito de franceses con sus esqu\u00edes nos pisan los talones y nos adelantan. El valle se cierra y enfrente nuestro vemos el Tossau de Mar, muy cerca a nuestra derecha queda el Arriu de Rius. Pero el tiempo comienza a cerrarse y encapotarse amenazadoramente de nuevo\u2026 a ver si nos da tiempo a llegar al refugio antes de que descargue.<\/p>\n<div id=\"attachment_28112\" style=\"width: 1034px\" class=\"wp-caption aligncenter\"><a class=\"dt-single-image\" href=\"https:\/\/www.monta\u00f1asdelaluna.es\/wp-content\/uploads\/2016\/03\/Restanca-062.jpg\" data-dt-img-description=\"\"><img loading=\"lazy\" decoding=\"async\" aria-describedby=\"caption-attachment-28112\" class=\"wp-image-28112 size-large\" src=\"https:\/\/www.monta\u00f1asdelaluna.es\/wp-content\/uploads\/2016\/03\/Restanca-062-1024x576.jpg\" alt=\"Refugio de La Restanca\" width=\"1024\" height=\"576\" srcset=\"https:\/\/www.monta\u00f1asdelaluna.es\/wp-content\/uploads\/2016\/03\/Restanca-062-1024x576.jpg 1024w, https:\/\/www.monta\u00f1asdelaluna.es\/wp-content\/uploads\/2016\/03\/Restanca-062-300x169.jpg 300w, https:\/\/www.monta\u00f1asdelaluna.es\/wp-content\/uploads\/2016\/03\/Restanca-062.jpg 1843w\" sizes=\"auto, (max-width: 1024px) 100vw, 1024px\" \/><\/a><p id=\"caption-attachment-28112\" class=\"wp-caption-text\">Refugio de La Restanca<\/p><\/div>\n<div id=\"attachment_28114\" style=\"width: 830px\" class=\"wp-caption aligncenter\"><a class=\"dt-single-image\" href=\"https:\/\/www.monta\u00f1asdelaluna.es\/wp-content\/uploads\/2016\/03\/Restanca-066.jpg\" data-dt-img-description=\"\"><img loading=\"lazy\" decoding=\"async\" aria-describedby=\"caption-attachment-28114\" class=\"wp-image-28114 \" src=\"https:\/\/www.monta\u00f1asdelaluna.es\/wp-content\/uploads\/2016\/03\/Restanca-066.jpg\" alt=\"Refugio de La Restanca\" width=\"820\" height=\"1093\" srcset=\"https:\/\/www.monta\u00f1asdelaluna.es\/wp-content\/uploads\/2016\/03\/Restanca-066.jpg 1469w, https:\/\/www.monta\u00f1asdelaluna.es\/wp-content\/uploads\/2016\/03\/Restanca-066-225x300.jpg 225w, https:\/\/www.monta\u00f1asdelaluna.es\/wp-content\/uploads\/2016\/03\/Restanca-066-768x1024.jpg 768w\" sizes=\"auto, (max-width: 820px) 100vw, 820px\" \/><\/a><p id=\"caption-attachment-28114\" class=\"wp-caption-text\">Refugio de La Restanca<\/p><\/div>\n<p>Vemos una ladera muy empinada sin bosque y con rastros de aludes a la izquierda, y recuerdo que Francesc me dijo que era mejor subir por aqu\u00ed (seg\u00fan le comentaba un amigo), que seguir la perdida y zigzagueante senda que sube, muy cerca, por el bosque. As\u00ed pues convenzo a Flora y Josep para girar dejando el camino y subir por esta empinada y aludica pala. El sobreesfuerzo es notable y las raquetas se hunden bajo la blanda y oblicua nieve. Decido ayudarme subiendo por los restos del alud, ya que \u00e9stos suelen tener trozos ca\u00f3ticos pero endurecidos de nieve los cuales hacen que, a pesar de que tienes que ir esquiv\u00e1ndolos, no te hundas en la nieve. La subida es penosa y muy empinada. Atr\u00e1s poco a poco se va abriendo el hermoso y blanco valle, su fondo va quedando atr\u00e1s y abajo. Mientras las nubes comienzan a cubrirlo todo y comienzan a caer los primeros copos de nieve.<\/p>\n<p>La empinada pala acaba haci\u00e9ndose menos vertical hasta llegar a un allanado lugar, con el arroyo de ruidosa agua a la derecha. Nos internamos algo cerca de su lecho, pero enseguida subimos y volvemos a encontrar la casi desaparecida huella. Se abre un lindo circo en el que el arroyo o torrente lo rodea y lo cierra hac\u00eda el sur. Es un peque\u00f1o rinc\u00f3n encantador. Al otro lado veo una especie de antena, presiento que el Refugio de La Restanca est\u00e1 cerca. Y en efecto, mientras nos acercamos y seguimos el valle, nos topamos con la presa y subimos una empinada lomilla hasta la parte alta de la presa, a la izquierda del mismo muro. Y ah\u00ed estaba. En una buc\u00f3lica imagen mientras cae la blanca nieve y la quietud y lo blanco lo cubr\u00eda todo. Hermoso.<\/p>\n<div id=\"attachment_28115\" style=\"width: 1034px\" class=\"wp-caption aligncenter\"><a class=\"dt-single-image\" href=\"https:\/\/www.monta\u00f1asdelaluna.es\/wp-content\/uploads\/2016\/03\/Restanca-067.jpg\" data-dt-img-description=\"\"><img loading=\"lazy\" decoding=\"async\" aria-describedby=\"caption-attachment-28115\" class=\"wp-image-28115 size-large\" src=\"https:\/\/www.monta\u00f1asdelaluna.es\/wp-content\/uploads\/2016\/03\/Restanca-067-1024x768.jpg\" alt=\"Era Restanca\" width=\"1024\" height=\"768\" srcset=\"https:\/\/www.monta\u00f1asdelaluna.es\/wp-content\/uploads\/2016\/03\/Restanca-067-1024x768.jpg 1024w, https:\/\/www.monta\u00f1asdelaluna.es\/wp-content\/uploads\/2016\/03\/Restanca-067-300x225.jpg 300w, https:\/\/www.monta\u00f1asdelaluna.es\/wp-content\/uploads\/2016\/03\/Restanca-067.jpg 1958w\" sizes=\"auto, (max-width: 1024px) 100vw, 1024px\" \/><\/a><p id=\"caption-attachment-28115\" class=\"wp-caption-text\">Era Restanca<\/p><\/div>\n<div id=\"attachment_28123\" style=\"width: 1034px\" class=\"wp-caption aligncenter\"><a class=\"dt-single-image\" href=\"https:\/\/www.monta\u00f1asdelaluna.es\/wp-content\/uploads\/2016\/03\/Restanca-091.jpg\" data-dt-img-description=\"\"><img loading=\"lazy\" decoding=\"async\" aria-describedby=\"caption-attachment-28123\" class=\"wp-image-28123 size-large\" src=\"https:\/\/www.monta\u00f1asdelaluna.es\/wp-content\/uploads\/2016\/03\/Restanca-091-1024x576.jpg\" alt=\"Atr\u00e1s queda el Refugio de La Restanca a orillas de su estany\" width=\"1024\" height=\"576\" srcset=\"https:\/\/www.monta\u00f1asdelaluna.es\/wp-content\/uploads\/2016\/03\/Restanca-091-1024x576.jpg 1024w, https:\/\/www.monta\u00f1asdelaluna.es\/wp-content\/uploads\/2016\/03\/Restanca-091-300x169.jpg 300w, https:\/\/www.monta\u00f1asdelaluna.es\/wp-content\/uploads\/2016\/03\/Restanca-091.jpg 1843w\" sizes=\"auto, (max-width: 1024px) 100vw, 1024px\" \/><\/a><p id=\"caption-attachment-28123\" class=\"wp-caption-text\">Atr\u00e1s queda el Refugio de La Restanca a orillas de su estany<\/p><\/div>\n<p>Llegamos a La Restanca. Es un edificio recio, como antiguo de gruesos muros y aspecto sobrio. Me recuerda al antiguo edificio del Refugio de La Renclusa. Estamos solos. Menos los guardas. Otros grupos han aplazado su reserva a otro fin de semana, a causa del mal tiempo. Fuera sigue nevando pero no hay ventisca. En la parte de abajo, entramos por una puerta en un lateral, dejamos en las estanter\u00edas los hierros, mochilas y chaquetas a secar. Una escalera hac\u00eda la parte de arriba, al primer piso, nos lleva al comedor, cocina\u2026 y en el siguiente piso, el segundo, quedan los dormitorios.<\/p>\n<p>El tiempo pasa lento. A mitad de tarde llegan el resto de la \u201cexpedici\u00f3n\u201d: Toni, Paco y Francesc. Risas, charlas y la normal convivencia de refugio\u2026 y no subir\u00e1 nadie m\u00e1s, estaremos solos en el refugio. Solo unos franceses con sus esqu\u00edes han aparecido (los hemos visto por Valarties) y habr\u00e1n intentado alguna ruta pero no a demasiada altura. Han comido y han seguido el camino de vuelta.<\/p>\n<div id=\"attachment_28125\" style=\"width: 1034px\" class=\"wp-caption aligncenter\"><a class=\"dt-single-image\" href=\"https:\/\/www.monta\u00f1asdelaluna.es\/wp-content\/uploads\/2016\/03\/Restanca-095.jpg\" data-dt-img-description=\"\"><img loading=\"lazy\" decoding=\"async\" aria-describedby=\"caption-attachment-28125\" class=\"wp-image-28125 size-large\" src=\"https:\/\/www.monta\u00f1asdelaluna.es\/wp-content\/uploads\/2016\/03\/Restanca-095-1024x576.jpg\" alt=\"Subiendo al Estany de Cap de Port\" width=\"1024\" height=\"576\" srcset=\"https:\/\/www.monta\u00f1asdelaluna.es\/wp-content\/uploads\/2016\/03\/Restanca-095-1024x576.jpg 1024w, https:\/\/www.monta\u00f1asdelaluna.es\/wp-content\/uploads\/2016\/03\/Restanca-095-300x169.jpg 300w, https:\/\/www.monta\u00f1asdelaluna.es\/wp-content\/uploads\/2016\/03\/Restanca-095.jpg 1843w\" sizes=\"auto, (max-width: 1024px) 100vw, 1024px\" \/><\/a><p id=\"caption-attachment-28125\" class=\"wp-caption-text\">Subiendo al Estany de Cap de Port<\/p><\/div>\n<div id=\"attachment_28127\" style=\"width: 1034px\" class=\"wp-caption aligncenter\"><a class=\"dt-single-image\" href=\"https:\/\/www.monta\u00f1asdelaluna.es\/wp-content\/uploads\/2016\/03\/Restanca-098.jpg\" data-dt-img-description=\"\"><img loading=\"lazy\" decoding=\"async\" aria-describedby=\"caption-attachment-28127\" class=\"wp-image-28127 size-large\" src=\"https:\/\/www.monta\u00f1asdelaluna.es\/wp-content\/uploads\/2016\/03\/Restanca-098-1024x576.jpg\" alt=\"Subiendo al Estany de Cap de Port\" width=\"1024\" height=\"576\" srcset=\"https:\/\/www.monta\u00f1asdelaluna.es\/wp-content\/uploads\/2016\/03\/Restanca-098-1024x576.jpg 1024w, https:\/\/www.monta\u00f1asdelaluna.es\/wp-content\/uploads\/2016\/03\/Restanca-098-300x169.jpg 300w, https:\/\/www.monta\u00f1asdelaluna.es\/wp-content\/uploads\/2016\/03\/Restanca-098.jpg 1843w\" sizes=\"auto, (max-width: 1024px) 100vw, 1024px\" \/><\/a><p id=\"caption-attachment-28127\" class=\"wp-caption-text\">Subiendo al Estany de Cap de Port<\/p><\/div>\n<p>A veces nieva, a veces no. No hace viento y el tiempo no es demasiado malo\u2026 se puede intentar; pienso mientras miro absorto por la ventana del comedor hac\u00eda el buc\u00f3lico y blanco paisaje del ib\u00f3n Era Restanca, justo hac\u00eda la orilla y cascada que baja del Estany de Mar, justo en frente. Por la ma\u00f1ana salimos con luz. No nieva pero est\u00e1 todo el cielo encapotado. Nos equipamos y salimos desde la puerta lateral del refugio para recorrernos un trocito de las orillas del ib\u00f3n Era Restanca (sin bajar demasiado) para enseguida girar hac\u00eda el sureste e izquierda por una empinada ladera hac\u00eda una especie de collado entre los nevados pinos. Hace una especie de vallecillo que nos subir\u00e1 hasta la fosa del Estany del Cap del Port, justo al oeste de la mole del Montardo y sus escarpadas vertientes.<\/p>\n<p>Llegamos a la parte alta de la pala donde se abre una especie de collado con suaves pendientes a cada lado y enfrente un paisaje blanco por doquier: el valle se ensancha como un \u00f3valo perfecto y se vuelve a cerrar al otro lado, abajo pensamos se oculta el Estany del Cap del Port bajo la abundante nieve\u2026 \u00a1Menos mal que hemos tra\u00eddo las raquetas! El tiempo a\u00fan no es demasiado malo; parece que quiere nevar y parece que tambi\u00e9n cubrirse del todo. Pero un halo de esperanza aparece en nuestros corazones: parece que el sol quiere salir, y lo vemos all\u00e1 arriba justo al otro lado del valle, donde se supone est\u00e1 el Coll de Crestada o Port de Rius, queriendo hacerse paso entre las nubes blancas y grises. Seguimos la marcha.<\/p>\n<div id=\"attachment_28131\" style=\"width: 1853px\" class=\"wp-caption aligncenter\"><a class=\"dt-single-image\" href=\"https:\/\/www.monta\u00f1asdelaluna.es\/wp-content\/uploads\/2016\/03\/Restanca-108.jpg\" data-dt-img-description=\"\"><img loading=\"lazy\" decoding=\"async\" aria-describedby=\"caption-attachment-28131\" class=\"wp-image-28131 size-full\" src=\"https:\/\/www.monta\u00f1asdelaluna.es\/wp-content\/uploads\/2016\/03\/Restanca-108.jpg\" alt=\"Camino de Port de Rius o Coll de Crestada\" width=\"1843\" height=\"1037\" srcset=\"https:\/\/www.monta\u00f1asdelaluna.es\/wp-content\/uploads\/2016\/03\/Restanca-108.jpg 1843w, https:\/\/www.monta\u00f1asdelaluna.es\/wp-content\/uploads\/2016\/03\/Restanca-108-300x169.jpg 300w, https:\/\/www.monta\u00f1asdelaluna.es\/wp-content\/uploads\/2016\/03\/Restanca-108-1024x576.jpg 1024w\" sizes=\"auto, (max-width: 1843px) 100vw, 1843px\" \/><\/a><p id=\"caption-attachment-28131\" class=\"wp-caption-text\">Camino de Port de Rius o Coll de Crestada<\/p><\/div>\n<p>Ahora bordeamos el valle por la izquierda sin bajar demasiada altura, girando despu\u00e9s en direcci\u00f3n a unas picudas rocas que se encuentran justo al otro lado del mismo, bajo el Coll de Crestada o Port de Rius. A nuestra derecha debe de quedar el Estany del Cap del Port y a la izquierda las laderas y vertientes suroeste del Montardo, que, poco a poco y a medida que nos acercamos al collado siguiente, se acent\u00faan sus agrestes y verticales formas.[vc_separator][\/vc_column_text][\/vc_column][\/vc_row][vc_row][vc_column][vc_empty_space][\/vc_column][\/vc_row][vc_row][vc_column][vc_video link=\u00bbhttps:\/\/vimeo.com\/91560225#t=0s\u00bb title=\u00bbValarties y Restanca. Valle de Ar\u00e1n en los Pirineos\u00bb][\/vc_column][\/vc_row][vc_row][vc_column][vc_empty_space][\/vc_column][\/vc_row][vc_row][vc_column][vc_column_text]Poco antes de llegar al nombrado Coll de Crestada o Port de Rius (cruce de recorridos entre Colomers y Ventosa i Calvell) el tiempo parece que cambia\u2026 a peor: el viento comienza a fortalecerse y la nieve que comienza a caer lo har\u00e1 como metralla que, en lugar de caer vertical, lo ir\u00e1 haciendo en horizontal al comp\u00e1s de la fuerza del viento que ser\u00e1 cada vez m\u00e1s feroz. Y as\u00ed es, justo al llegar al poste indicador de los cruces de recorrido que nos indica la parte m\u00e1s alta del Coll de Crestada o Port de Rius, encajonada entre las rocas como si de un pasillo entre moles se tratara, la ventisca nos golpea con su mayor virulencia.<\/p>\n<div id=\"attachment_28132\" style=\"width: 1853px\" class=\"wp-caption aligncenter\"><a class=\"dt-single-image\" href=\"https:\/\/www.monta\u00f1asdelaluna.es\/wp-content\/uploads\/2016\/03\/Restanca-110.jpg\" data-dt-img-description=\"\"><img loading=\"lazy\" decoding=\"async\" aria-describedby=\"caption-attachment-28132\" class=\"wp-image-28132 size-full\" src=\"https:\/\/www.monta\u00f1asdelaluna.es\/wp-content\/uploads\/2016\/03\/Restanca-110.jpg\" alt=\"Camino de Port de Rius o Coll de Crestada\" width=\"1843\" height=\"1037\" srcset=\"https:\/\/www.monta\u00f1asdelaluna.es\/wp-content\/uploads\/2016\/03\/Restanca-110.jpg 1843w, https:\/\/www.monta\u00f1asdelaluna.es\/wp-content\/uploads\/2016\/03\/Restanca-110-300x169.jpg 300w, https:\/\/www.monta\u00f1asdelaluna.es\/wp-content\/uploads\/2016\/03\/Restanca-110-1024x576.jpg 1024w\" sizes=\"auto, (max-width: 1843px) 100vw, 1843px\" \/><\/a><p id=\"caption-attachment-28132\" class=\"wp-caption-text\">Camino de Port de Rius o Coll de Crestada<\/p><\/div>\n<p>Casi no nos o\u00edmos si hablamos entre nosotros, y eso que lo hacemos a gritos. El sonido y fuerza del viento hace imposible el estar sin cubrirse hasta la punta de la nariz. A la vez el fr\u00edo se agudiza y bajo mi desgastado tejido impermeable y transpirable de mi chaqueta North Face lo sufro. La nevada se agrava, pero no por la cantidad, si no por su forma de caer: peque\u00f1as bolitas heladas que a m\u00e1s de 80 Km.\/hora se convierte en autentica metralla\u2026 no puedo abrir ni los ojos \u00bf\u00a1donde est\u00e1n esas gafas de ventisca que me iba a comprar!?<\/p>\n<div id=\"attachment_28136\" style=\"width: 1034px\" class=\"wp-caption aligncenter\"><a class=\"dt-single-image\" href=\"https:\/\/www.monta\u00f1asdelaluna.es\/wp-content\/uploads\/2016\/03\/Restanca-121.jpg\" data-dt-img-description=\"\"><img loading=\"lazy\" decoding=\"async\" aria-describedby=\"caption-attachment-28136\" class=\"wp-image-28136 size-large\" src=\"https:\/\/www.monta\u00f1asdelaluna.es\/wp-content\/uploads\/2016\/03\/Restanca-121-1024x576.jpg\" alt=\"Port de Rius o Coll de Crestada, 2.475 mts.\" width=\"1024\" height=\"576\" srcset=\"https:\/\/www.monta\u00f1asdelaluna.es\/wp-content\/uploads\/2016\/03\/Restanca-121-1024x576.jpg 1024w, https:\/\/www.monta\u00f1asdelaluna.es\/wp-content\/uploads\/2016\/03\/Restanca-121-300x169.jpg 300w, https:\/\/www.monta\u00f1asdelaluna.es\/wp-content\/uploads\/2016\/03\/Restanca-121.jpg 1843w\" sizes=\"auto, (max-width: 1024px) 100vw, 1024px\" \/><\/a><p id=\"caption-attachment-28136\" class=\"wp-caption-text\">Port de Rius o Coll de Crestada, 2.475 mts.<\/p><\/div>\n<p>No hace falta hablar. Permanecemos amorrados y casi juntos como un reba\u00f1o de ovejas que se une para esperar al lobo, y al poco tiempo decidimos la \u201chuida\u201d y bajada por el mismo sitio que hemos subido. Hemos llegado a los 2.475 mts. del Coll de Crestada o Port de Rius, el Montardo lo tendremos que dejar para otra ocasi\u00f3n, pero, hab\u00eda que intentarlo y \u201cprobar el material\u201d que se echa a perder en los armarios sin metralla de nieve helada que les machaque. Ha sido una experiencia de las que hac\u00eda falta volver a sentir, y de esta manera, nos acordarnos de la fuerza de la monta\u00f1a y la naturaleza.[\/vc_column_text][\/vc_column][\/vc_row][vc_row][vc_column][vc_empty_space][\/vc_column][\/vc_row][vc_row][vc_column][vc_video link=\u00bbhttps:\/\/vimeo.com\/91660075#t=0s\u00bb title=\u00bbValarties y Restanca. Valle de Ar\u00e1n en los Pirineos. Parte 2&#8243;][\/vc_column][\/vc_row][vc_row][vc_column][vc_empty_space][\/vc_column][\/vc_row][vc_row][vc_column][vc_column_text]Bajamos algo y los compa\u00f1eros se refugian tras una roca para cambiarse o arreglarse la mochila. El resto seguimos bajando desandando lo subido entre las huellas que insiste en borrar la ventisca. Pero, y como es habitual, a cada paso que bajamos la fuerza del viento disminuye y la habitabilidad va siendo m\u00e1s aceptable. Llegamos al collado para bajar a La Restanca dejando el Estany del Cap del Port a nuestra espalda cubierto por la abundante nieve. A partir de aqu\u00ed la ventisca se convertir\u00e1 en una brisa y la nevada en una bonita estampa de copos de distintas formas que caen suave pero continuamente, mientras llegamos al refugio. La bajada ha sido r\u00e1pida, la pendiente era notable entre Era Restanca y el collado al Estany del Cap del Port.<\/p>\n<p>Llegamos al refugio entre la bonita nevada. Nos paramos dentro para comer y tomar algo, descansar, reagruparnos y retomar el camino de vuelta al coche. Parece que los guardas ya se han ido; no parece que quede nadie y somos los \u00faltimos en estos hermosos lugares de La Restanca.<\/p>\n<div id=\"attachment_28138\" style=\"width: 1034px\" class=\"wp-caption aligncenter\"><a class=\"dt-single-image\" href=\"https:\/\/www.monta\u00f1asdelaluna.es\/wp-content\/uploads\/2016\/03\/Restanca-134.jpg\" data-dt-img-description=\"\"><img loading=\"lazy\" decoding=\"async\" aria-describedby=\"caption-attachment-28138\" class=\"wp-image-28138 size-large\" src=\"https:\/\/www.monta\u00f1asdelaluna.es\/wp-content\/uploads\/2016\/03\/Restanca-134-1024x576.jpg\" alt=\"De vuelta de Port de Rius o Coll de Crestada\" width=\"1024\" height=\"576\" srcset=\"https:\/\/www.monta\u00f1asdelaluna.es\/wp-content\/uploads\/2016\/03\/Restanca-134-1024x576.jpg 1024w, https:\/\/www.monta\u00f1asdelaluna.es\/wp-content\/uploads\/2016\/03\/Restanca-134-300x169.jpg 300w, https:\/\/www.monta\u00f1asdelaluna.es\/wp-content\/uploads\/2016\/03\/Restanca-134.jpg 1843w\" sizes=\"auto, (max-width: 1024px) 100vw, 1024px\" \/><\/a><p id=\"caption-attachment-28138\" class=\"wp-caption-text\">De vuelta de Port de Rius o Coll de Crestada<\/p><\/div>\n<div id=\"attachment_28143\" style=\"width: 1034px\" class=\"wp-caption aligncenter\"><a class=\"dt-single-image\" href=\"https:\/\/www.monta\u00f1asdelaluna.es\/wp-content\/uploads\/2016\/03\/Restanca-151.jpg\" data-dt-img-description=\"\"><img loading=\"lazy\" decoding=\"async\" aria-describedby=\"caption-attachment-28143\" class=\"wp-image-28143 size-large\" src=\"https:\/\/www.monta\u00f1asdelaluna.es\/wp-content\/uploads\/2016\/03\/Restanca-151-1024x576.jpg\" alt=\"Bajando a Era Restanca\" width=\"1024\" height=\"576\" srcset=\"https:\/\/www.monta\u00f1asdelaluna.es\/wp-content\/uploads\/2016\/03\/Restanca-151-1024x576.jpg 1024w, https:\/\/www.monta\u00f1asdelaluna.es\/wp-content\/uploads\/2016\/03\/Restanca-151-300x169.jpg 300w, https:\/\/www.monta\u00f1asdelaluna.es\/wp-content\/uploads\/2016\/03\/Restanca-151.jpg 1843w\" sizes=\"auto, (max-width: 1024px) 100vw, 1024px\" \/><\/a><p id=\"caption-attachment-28143\" class=\"wp-caption-text\">Bajando a Era Restanca<\/p><\/div>\n<p>Proseguimos la bajada. Esta vez en lugar de bajar por donde hemos subido, decidimos seguir la senda o recorrido natural de la subida a La Restanca desde Valarties. Cr\u00edticas y dudas ha creado la empinada y forzosa subida a La Restanca del d\u00eda anterior. Por ello, y en medio de la nevada que no para pero ya no demasiado intensa, salimos del refugio hac\u00eda la presa del Ib\u00f3n de La Restanca. La cruzamos por arriba y justo al otro lado, giramos a la derecha y en bajada por en medio de una rampa pegada a la presa del embalse. Unos carteles, curiosamente apuntando hac\u00eda el suelo, nos indica el camino a seguir. Bajo la rampa aparece el bosque; volvemos a girar, esta vez a la izquierda, y nos adentramos en el hermoso y curioso bosque.<\/p>\n<p>A partir de aqu\u00ed seguimos una media traza o ninguna traza en la nieve, pero casi siempre en zigzag, ya que la ladera en la que habita el bosque, tambi\u00e9n es bastante empinada. Entre hermosos ejemplares de pino negro, silvestre e incluso alg\u00fan abeto, bajamos tranquila y buc\u00f3licamente por el m\u00edstico bosque. Es hermoso estar perdido en medio de un bosque de altura y alpino, mientras nieva suave y dulcemente. La senda tiende un poco a bajar hac\u00eda la izquierda; pero cuando casi llegamos al fondo del valle, el recorrido, el sendero, gira a la derecha y sigue horizontal hasta la salida a un camino, una casa y un llamativo cartel: \u201c-Refugi e lac dera Restanca, -T\u00f2rt de Rius\u2026\u201d Antes hemos pasado entre unos magn\u00edficos ejemplares de abetos, que captan mi atenci\u00f3n y admiraci\u00f3n y les hago las fotos que merecen, con el adorno blanco de la nieve que contienen y le cae, y el contraste de su oscuro verde en sus formas curiosas e identificativas de sus ramas y agujas. Hermosos.<\/p>\n<div id=\"attachment_28147\" style=\"width: 1034px\" class=\"wp-caption aligncenter\"><a class=\"dt-single-image\" href=\"https:\/\/www.monta\u00f1asdelaluna.es\/wp-content\/uploads\/2016\/03\/Restanca-164.jpg\" data-dt-img-description=\"\"><img loading=\"lazy\" decoding=\"async\" aria-describedby=\"caption-attachment-28147\" class=\"wp-image-28147 size-large\" src=\"https:\/\/www.monta\u00f1asdelaluna.es\/wp-content\/uploads\/2016\/03\/Restanca-164-1024x576.jpg\" alt=\"Llegando al Refugio de La Restanca\" width=\"1024\" height=\"576\" srcset=\"https:\/\/www.monta\u00f1asdelaluna.es\/wp-content\/uploads\/2016\/03\/Restanca-164-1024x576.jpg 1024w, https:\/\/www.monta\u00f1asdelaluna.es\/wp-content\/uploads\/2016\/03\/Restanca-164-300x169.jpg 300w, https:\/\/www.monta\u00f1asdelaluna.es\/wp-content\/uploads\/2016\/03\/Restanca-164.jpg 1843w\" sizes=\"auto, (max-width: 1024px) 100vw, 1024px\" \/><\/a><p id=\"caption-attachment-28147\" class=\"wp-caption-text\">Llegando al Refugio de La Restanca<\/p><\/div>\n<div id=\"attachment_28160\" style=\"width: 1034px\" class=\"wp-caption aligncenter\"><a class=\"dt-single-image\" href=\"https:\/\/www.monta\u00f1asdelaluna.es\/wp-content\/uploads\/2016\/03\/Restanca-204.jpg\" data-dt-img-description=\"\"><img loading=\"lazy\" decoding=\"async\" aria-describedby=\"caption-attachment-28160\" class=\"wp-image-28160 size-large\" src=\"https:\/\/www.monta\u00f1asdelaluna.es\/wp-content\/uploads\/2016\/03\/Restanca-204-1024x576.jpg\" alt=\"Bajando a Valarties por la senda habitual\" width=\"1024\" height=\"576\" srcset=\"https:\/\/www.monta\u00f1asdelaluna.es\/wp-content\/uploads\/2016\/03\/Restanca-204-1024x576.jpg 1024w, https:\/\/www.monta\u00f1asdelaluna.es\/wp-content\/uploads\/2016\/03\/Restanca-204-300x169.jpg 300w, https:\/\/www.monta\u00f1asdelaluna.es\/wp-content\/uploads\/2016\/03\/Restanca-204.jpg 1843w\" sizes=\"auto, (max-width: 1024px) 100vw, 1024px\" \/><\/a><p id=\"caption-attachment-28160\" class=\"wp-caption-text\">Bajando a Valarties por la senda habitual<\/p><\/div>\n<p>Seguimos el camino valle abajo, hac\u00eda el este, noreste. Sigue nevando, como he dicho antes, dulcemente. No hace fr\u00edo. Pasamos junto a la peque\u00f1a casa que el mapa nombra como Barraca de Rius. Los car\u00e1mbanos de hielo cuelgan de las tejas de su tejado formidablemente con una imagen casi siberiana. Pasada la casita y muy cerca de esta siguiendo el camino: cruzamos el Pontet de Rius. A partir de aqu\u00ed solo hay que seguir el camino valle abajo desandando los pasos de ayer, cruzando los mismos lugares y siguiendo las mismas huellas hasta el coche. Justo al llegar al coche parece que el tiempo quiere mejorar: para de nevar y las nubes ya no son tan amenazantes \u00a1No me lo puedo creer! \u00bfSer\u00e1 que al salir de las alturas nos mejora el tiempo, como es natural? \u00bfO nos quiere hacer una mala pasada el tiempo, con esta mala suerte, y la mejor\u00eda del tiempo es general?<\/p>\n<div id=\"attachment_28174\" style=\"width: 1034px\" class=\"wp-caption aligncenter\"><a class=\"dt-single-image\" href=\"https:\/\/www.monta\u00f1asdelaluna.es\/wp-content\/uploads\/2016\/03\/Restanca-253.jpg\" data-dt-img-description=\"\"><img loading=\"lazy\" decoding=\"async\" aria-describedby=\"caption-attachment-28174\" class=\"wp-image-28174 size-large\" src=\"https:\/\/www.monta\u00f1asdelaluna.es\/wp-content\/uploads\/2016\/03\/Restanca-253-1024x576.jpg\" alt=\"Bajando por el Valle de Valarties\" width=\"1024\" height=\"576\" srcset=\"https:\/\/www.monta\u00f1asdelaluna.es\/wp-content\/uploads\/2016\/03\/Restanca-253-1024x576.jpg 1024w, https:\/\/www.monta\u00f1asdelaluna.es\/wp-content\/uploads\/2016\/03\/Restanca-253-300x169.jpg 300w, https:\/\/www.monta\u00f1asdelaluna.es\/wp-content\/uploads\/2016\/03\/Restanca-253.jpg 1843w\" sizes=\"auto, (max-width: 1024px) 100vw, 1024px\" \/><\/a><p id=\"caption-attachment-28174\" class=\"wp-caption-text\">Bajando por el Valle de Valarties<\/p><\/div>\n<div id=\"attachment_28179\" style=\"width: 832px\" class=\"wp-caption aligncenter\"><a class=\"dt-single-image\" href=\"https:\/\/www.monta\u00f1asdelaluna.es\/wp-content\/uploads\/2016\/03\/Restanca-255D.jpg\" data-dt-img-description=\"\"><img loading=\"lazy\" decoding=\"async\" aria-describedby=\"caption-attachment-28179\" class=\"wp-image-28179 \" src=\"https:\/\/www.monta\u00f1asdelaluna.es\/wp-content\/uploads\/2016\/03\/Restanca-255D.jpg\" alt=\"Valle de Valarties\" width=\"822\" height=\"1096\" srcset=\"https:\/\/www.monta\u00f1asdelaluna.es\/wp-content\/uploads\/2016\/03\/Restanca-255D.jpg 1469w, https:\/\/www.monta\u00f1asdelaluna.es\/wp-content\/uploads\/2016\/03\/Restanca-255D-225x300.jpg 225w, https:\/\/www.monta\u00f1asdelaluna.es\/wp-content\/uploads\/2016\/03\/Restanca-255D-768x1024.jpg 768w\" sizes=\"auto, (max-width: 822px) 100vw, 822px\" \/><\/a><p id=\"caption-attachment-28179\" class=\"wp-caption-text\">Valle de Valarties<\/p><\/div>\n<p>Antes hemos disfrutado de un recorrido especial y hermoso bajo una nevada simp\u00e1tica y encantadora. El paisaje, bajo la nevada, cambia y se llena del blanco adorno, con ese misticismo, espiritualidad que d\u00e1 la quietud de los bosques en soledad. Las ramas, suelo, ra\u00edces, plantas, rocas, paredes\u2026 todo se inmacula y se transforma bajo la nevada y no parecen las mismas cosas, los mismos lugares, los mismos paisajes que cuando sub\u00edamos ayer. Parece algo m\u00e1gico, extraordinario y hermoso a la vez. As\u00ed es la monta\u00f1a y los bellos rincones de Valarties, del Valle de Ar\u00e1n en estos inmensos Pirineos\u2026 queda pendiente su Se\u00f1or y Soberano del valle: el Montardo de Ar\u00e1n, pero a\u00fan hay tiempo y lugares que ver, recorrer y conquistar\u2026 admirar y sorprenderse.<\/p>\n<div id=\"attachment_28190\" style=\"width: 766px\" class=\"wp-caption aligncenter\"><a class=\"dt-single-image\" href=\"https:\/\/www.monta\u00f1asdelaluna.es\/wp-content\/uploads\/2014\/03\/montarto.croquis.jpg\" data-dt-img-description=\"\"><img loading=\"lazy\" decoding=\"async\" aria-describedby=\"caption-attachment-28190\" class=\"wp-image-28190 size-full\" src=\"https:\/\/www.monta\u00f1asdelaluna.es\/wp-content\/uploads\/2014\/03\/montarto.croquis.jpg\" alt=\"Croquis del recorrido por Valarties, La Restanca y Coll de Crestada\" width=\"756\" height=\"1400\" srcset=\"https:\/\/www.monta\u00f1asdelaluna.es\/wp-content\/uploads\/2014\/03\/montarto.croquis.jpg 756w, https:\/\/www.monta\u00f1asdelaluna.es\/wp-content\/uploads\/2014\/03\/montarto.croquis-162x300.jpg 162w, https:\/\/www.monta\u00f1asdelaluna.es\/wp-content\/uploads\/2014\/03\/montarto.croquis-553x1024.jpg 553w\" sizes=\"auto, (max-width: 756px) 100vw, 756px\" \/><\/a><p id=\"caption-attachment-28190\" class=\"wp-caption-text\">Croquis del recorrido por Valarties, La Restanca y Coll de Crestada<\/p><\/div>\n<p>[\/vc_column_text][\/vc_column][\/vc_row][vc_row][vc_column][vc_empty_space height=\u00bb60px\u00bb][\/vc_column][\/vc_row][vc_row][vc_column][vc_cta h2=\u00bb\u00c1lbum de fotos\u00bb txt_align=\u00bbcenter\u00bb add_button=\u00bbbottom\u00bb btn_title=\u00bbVer fotos\u00bb btn_color=\u00bbwarning\u00bb btn_align=\u00bbcenter\u00bb btn_link=\u00bburl:https%3A%2F%2Fmonta%C3%B1asdelaluna.es%2F%3Fdt_gallery%3Dinvernal-en-la-restanca-2|title:Invernal%20en%20La%20Restanca|target:_blank\u00bb css=\u00bb.vc_custom_1625697381052{background-color: #8bc4ed !important;}\u00bb]Puedes ver todas las fotos del relato y actividad en forma de presentaci\u00f3n o individuales pinchando aqui \u00a1No te las pierdas![\/vc_cta][\/vc_column][\/vc_row][vc_row][vc_column][vc_empty_space height=\u00bb60px\u00bb][\/vc_column][\/vc_row][vc_row][vc_column width=\u00bb1\/6&#8243;][\/vc_column][vc_column width=\u00bb1\/3&#8243;][vc_empty_space height=\u00bb24px\u00bb][vc_raw_html]JTNDaWZyYW1lJTIwc3JjJTNEJTIyaHR0cHMlM0ElMkYlMkZ3d3cubWV0ZW9ibHVlLmNvbSUyRmVzJTJGdGllbXBvJTJGd2lkZ2V0JTJGZGFpbHklMkZhcnRpJTI1YzMlMjVhOXNfZXNwYSUyNWMzJTI1YjFhXzMxMjkzMTElM0ZnZW9sb2MlM0RmaXhlZCUyNmRheXMlM0Q3JTI2dGVtcHVuaXQlM0RDRUxTSVVTJTI2d2luZHVuaXQlM0RLSUxPTUVURVJfUEVSX0hPVVIlMjZjb2xvdXJlZCUzRGNvbG91cmVkJTI2cGljdG9pY29uJTNEMSUyNm1heHRlbXBlcmF0dXJlJTNEMSUyNm1pbnRlbXBlcmF0dXJlJTNEMSUyNndpbmRzcGVlZCUzRDElMjZ3aW5kZ3VzdCUzRDElMjZ3aW5kZGlyZWN0aW9uJTNEMSUyNnByZWNpcGl0YXRpb24lM0QxJTI2cHJlY2lwaXRhdGlvbnByb2JhYmlsaXR5JTNEMSUyNnNwb3QlM0QxJTI2cHJlc3N1cmUlM0QxJTI2bGF5b3V0JTNEbGlnaHQlMjIlMjAlMjBmcmFtZWJvcmRlciUzRCUyMjAlMjIlMjBzY3JvbGxpbmclM0QlMjJOTyUyMiUyMGFsbG93dHJhbnNwYXJlbmN5JTNEJTIydHJ1ZSUyMiUyMHNhbmRib3glM0QlMjJhbGxvdy1zYW1lLW9yaWdpbiUyMGFsbG93LXNjcmlwdHMlMjBhbGxvdy1wb3B1cHMlMjIlMjBzdHlsZSUzRCUyMndpZHRoJTNBJTIwMzc4cHglM0JoZWlnaHQlM0ElMjA0MTFweCUyMiUzRSUzQyUyRmlmcmFtZSUzRSUzQ2RpdiUzRSUzQyUyMS0tJTIwRE8lMjBOT1QlMjBSRU1PVkUlMjBUSElTJTIwTElOSyUyMC0tJTNFJTNDYSUyMGhyZWYlM0QlMjJodHRwcyUzQSUyRiUyRnd3dy5tZXRlb2JsdWUuY29tJTJGZXMlMkZ0aWVtcG8lMkZwcm9ub3N0aWNvJTJGc2VtYW5hJTJGYXJ0aSUyNWMzJTI1YTlzX2VzcGElMjVjMyUyNWIxYV8zMTI5MzExJTNGdXRtX3NvdXJjZSUzRHdlYXRoZXJfd2lkZ2V0JTI2dXRtX21lZGl1bSUzRGxpbmt1cyUyNnV0bV9jb250ZW50JTNEZGFpbHklMjZ1dG1fY2FtcGFpZ24lM0RXZWF0aGVyJTI1MkJXaWRnZXQlMjIlMjB0YXJnZXQlM0QlMjJfYmxhbmslMjIlM0VtZXRlb2JsdWUlM0MlMkZhJTNFJTNDJTJGZGl2JTNF[\/vc_raw_html][\/vc_column][vc_column width=\u00bb1\/3&#8243;][vc_column_text]Tiempo en Montardo[\/vc_column_text][vc_raw_html]JTNDaWZyYW1lJTIwc3JjJTNEJTIyaHR0cHMlM0ElMkYlMkZ3d3cubWV0ZW9ibHVlLmNvbSUyRmVzJTJGdGllbXBvJTJGd2lkZ2V0JTJGZGFpbHklMkY0Mi42MzNOMC44NzVFJTNGZ2VvbG9jJTNEZml4ZWQlMjZkYXlzJTNENyUyNnRlbXB1bml0JTNEQ0VMU0lVUyUyNndpbmR1bml0JTNES0lMT01FVEVSX1BFUl9IT1VSJTI2Y29sb3VyZWQlM0Rjb2xvdXJlZCUyNnBpY3RvaWNvbiUzRDElMjZtYXh0ZW1wZXJhdHVyZSUzRDElMjZtaW50ZW1wZXJhdHVyZSUzRDElMjZ3aW5kc3BlZWQlM0QxJTI2d2luZGd1c3QlM0QxJTI2d2luZGRpcmVjdGlvbiUzRDElMjZwcmVjaXBpdGF0aW9uJTNEMSUyNnByZWNpcGl0YXRpb25wcm9iYWJpbGl0eSUzRDElMjZzcG90JTNEMSUyNnByZXNzdXJlJTNEMSUyNmxheW91dCUzRGxpZ2h0JTIyJTIwJTIwZnJhbWVib3JkZXIlM0QlMjIwJTIyJTIwc2Nyb2xsaW5nJTNEJTIyTk8lMjIlMjBhbGxvd3RyYW5zcGFyZW5jeSUzRCUyMnRydWUlMjIlMjBzYW5kYm94JTNEJTIyYWxsb3ctc2FtZS1vcmlnaW4lMjBhbGxvdy1zY3JpcHRzJTIwYWxsb3ctcG9wdXBzJTIyJTIwc3R5bGUlM0QlMjJ3aWR0aCUzQSUyMDM3OHB4JTNCaGVpZ2h0JTNBJTIwNDExcHglMjIlM0UlM0MlMkZpZnJhbWUlM0UlM0NkaXYlM0UlM0MlMjEtLSUyMERPJTIwTk9UJTIwUkVNT1ZFJTIwVEhJUyUyMExJTkslMjAtLSUzRSUzQ2ElMjBocmVmJTNEJTIyaHR0cHMlM0ElMkYlMkZ3d3cubWV0ZW9ibHVlLmNvbSUyRmVzJTJGdGllbXBvJTJGcHJvbm9zdGljbyUyRnNlbWFuYSUyRjQyLjYzM04wLjg3NUUlM0Z1dG1fc291cmNlJTNEd2VhdGhlcl93aWRnZXQlMjZ1dG1fbWVkaXVtJTNEbGlua3VzJTI2dXRtX2NvbnRlbnQlM0RkYWlseSUyNnV0bV9jYW1wYWlnbiUzRFdlYXRoZXIlMjUyQldpZGdldCUyMiUyMHRhcmdldCUzRCUyMl9ibGFuayUyMiUzRW1ldGVvYmx1ZSUzQyUyRmElM0UlM0MlMkZkaXYlM0U=[\/vc_raw_html][\/vc_column][vc_column width=\u00bb1\/6&#8243;][\/vc_column][\/vc_row]<\/p>\n","protected":false},"excerpt":{"rendered":"<p>[vc_row][vc_column][vc_column_text]El\u00a0 Valle de Ar\u00e1n es uno de los valles o regiones m\u00e1s bonitas, atractivas e identificativos de los Pirineos. Mirando al norte es el \u00fanico valle dentro del Pirineo catal\u00e1n y dentro de la naci\u00f3n espa\u00f1ola con esta caracter\u00edstica; por ello sus diferenciaciones con el resto de la pen\u00ednsula de clima, morfolog\u00eda, y en el&hellip;<\/p>\n","protected":false},"author":1,"featured_media":28123,"comment_status":"open","ping_status":"open","sticky":false,"template":"","format":"standard","meta":[],"categories":[128],"tags":[],"class_list":["post-28185","post","type-post","status-publish","format-standard","has-post-thumbnail","hentry","category-alto-pirineo-catalan","category-128","description-off"],"_links":{"self":[{"href":"https:\/\/www.monta\u00f1asdelaluna.es\/index.php?rest_route=\/wp\/v2\/posts\/28185","targetHints":{"allow":["GET"]}}],"collection":[{"href":"https:\/\/www.monta\u00f1asdelaluna.es\/index.php?rest_route=\/wp\/v2\/posts"}],"about":[{"href":"https:\/\/www.monta\u00f1asdelaluna.es\/index.php?rest_route=\/wp\/v2\/types\/post"}],"author":[{"embeddable":true,"href":"https:\/\/www.monta\u00f1asdelaluna.es\/index.php?rest_route=\/wp\/v2\/users\/1"}],"replies":[{"embeddable":true,"href":"https:\/\/www.monta\u00f1asdelaluna.es\/index.php?rest_route=%2Fwp%2Fv2%2Fcomments&post=28185"}],"version-history":[{"count":11,"href":"https:\/\/www.monta\u00f1asdelaluna.es\/index.php?rest_route=\/wp\/v2\/posts\/28185\/revisions"}],"predecessor-version":[{"id":50041,"href":"https:\/\/www.monta\u00f1asdelaluna.es\/index.php?rest_route=\/wp\/v2\/posts\/28185\/revisions\/50041"}],"wp:featuredmedia":[{"embeddable":true,"href":"https:\/\/www.monta\u00f1asdelaluna.es\/index.php?rest_route=\/wp\/v2\/media\/28123"}],"wp:attachment":[{"href":"https:\/\/www.monta\u00f1asdelaluna.es\/index.php?rest_route=%2Fwp%2Fv2%2Fmedia&parent=28185"}],"wp:term":[{"taxonomy":"category","embeddable":true,"href":"https:\/\/www.monta\u00f1asdelaluna.es\/index.php?rest_route=%2Fwp%2Fv2%2Fcategories&post=28185"},{"taxonomy":"post_tag","embeddable":true,"href":"https:\/\/www.monta\u00f1asdelaluna.es\/index.php?rest_route=%2Fwp%2Fv2%2Ftags&post=28185"}],"curies":[{"name":"wp","href":"https:\/\/api.w.org\/{rel}","templated":true}]}}