{"id":28287,"date":"2014-04-25T11:21:58","date_gmt":"2014-04-25T11:21:58","guid":{"rendered":"http:\/\/monta\u00f1asdelaluna.com\/?p=28287"},"modified":"2021-07-15T21:16:12","modified_gmt":"2021-07-15T21:16:12","slug":"valle-del-nere-o-deth-horo-en-el-valle-de-aran","status":"publish","type":"post","link":"https:\/\/www.monta\u00f1asdelaluna.es\/?p=28287","title":{"rendered":"Valle del N\u00e8re o deth H\u00f2ro en el Valle de Ar\u00e1n"},"content":{"rendered":"<p>[vc_row][vc_column][vc_column_text]La idea era acercarnos hasta las inmediaciones del incre\u00edble pico Forcanada. Dentro del macizo de los Montes Malditos pero m\u00e1s bien alejada de ellos, o del centro de los mismos, hac\u00eda el noreste del Aneto, se encuentra esta escarpada e impresionante monta\u00f1a con forma de bidente (casi tridente) como si fuera primo hermano de Els Encantats.<\/p>\n<p>Para llegar a \u00e9l hay que adentrarse en el coraz\u00f3n del Pirineo: desde la parte m\u00e1s alta del Alto Valle de Benasque, Valle de l\u2019Escaleta por su parte oeste, y por el Valle de Artiga de Lin y el del R\u00edo N\u00e8re desde el hermoso y grandioso Valle de Ar\u00e1n. Nosotros escogemos, creo, el valle o ruta que se utiliza como m\u00e1s habitual en la subida de este pico, y casi el lugar m\u00e1s desconocido y poco visitado del lugar: el Valle del R\u00edo N\u00e8re. Por ello el \u00faltimo fin de semana de abril, salimos de en busca de el Valle de Ar\u00e1n, Valle del N\u00e8re y la Forcanada.<\/p>\n<div id=\"attachment_28199\" style=\"width: 1034px\" class=\"wp-caption aligncenter\"><a class=\"dt-single-image\" href=\"https:\/\/www.monta\u00f1asdelaluna.es\/wp-content\/uploads\/2016\/03\/Forcanada-007.jpg\" data-dt-img-description=\"\"><img loading=\"lazy\" decoding=\"async\" aria-describedby=\"caption-attachment-28199\" class=\"wp-image-28199 size-large\" src=\"https:\/\/www.monta\u00f1asdelaluna.es\/wp-content\/uploads\/2016\/03\/Forcanada-007-1024x768.jpg\" alt=\"Dejando el coche al comienzo del Valle del N\u00e8re. Delante Paco y Olga\" width=\"1024\" height=\"768\" srcset=\"https:\/\/www.monta\u00f1asdelaluna.es\/wp-content\/uploads\/2016\/03\/Forcanada-007-1024x768.jpg 1024w, https:\/\/www.monta\u00f1asdelaluna.es\/wp-content\/uploads\/2016\/03\/Forcanada-007-300x225.jpg 300w, https:\/\/www.monta\u00f1asdelaluna.es\/wp-content\/uploads\/2016\/03\/Forcanada-007.jpg 1690w\" sizes=\"auto, (max-width: 1024px) 100vw, 1024px\" \/><\/a><p id=\"caption-attachment-28199\" class=\"wp-caption-text\">Dejando el coche al comienzo del Valle del N\u00e8re. Delante Paco y Olga<\/p><\/div>\n<div id=\"attachment_28201\" style=\"width: 1034px\" class=\"wp-caption aligncenter\"><a class=\"dt-single-image\" href=\"https:\/\/www.monta\u00f1asdelaluna.es\/wp-content\/uploads\/2016\/03\/Forcanada-011.jpg\" data-dt-img-description=\"\"><img loading=\"lazy\" decoding=\"async\" aria-describedby=\"caption-attachment-28201\" class=\"wp-image-28201 size-large\" src=\"https:\/\/www.monta\u00f1asdelaluna.es\/wp-content\/uploads\/2016\/03\/Forcanada-011-1024x768.jpg\" alt=\"Valle del N\u00e8re arriba\" width=\"1024\" height=\"768\" srcset=\"https:\/\/www.monta\u00f1asdelaluna.es\/wp-content\/uploads\/2016\/03\/Forcanada-011-1024x768.jpg 1024w, https:\/\/www.monta\u00f1asdelaluna.es\/wp-content\/uploads\/2016\/03\/Forcanada-011-300x225.jpg 300w, https:\/\/www.monta\u00f1asdelaluna.es\/wp-content\/uploads\/2016\/03\/Forcanada-011.jpg 1690w\" sizes=\"auto, (max-width: 1024px) 100vw, 1024px\" \/><\/a><p id=\"caption-attachment-28201\" class=\"wp-caption-text\">Valle del N\u00e8re arriba<\/p><\/div>\n<p>La noche del viernes hacemos vivaque en Conangles, en el Valle de Barrab\u00e9s justo antes de cruzar el t\u00fanel de Viella. De esta manera tenemos todo el s\u00e1bado para subir por el Valle del N\u00e8re hasta el lugar donde \u00edbamos a montar el campamento pens\u00e1ndolo hacer en el Lac deth H\u00f2re (Ib\u00f3n del Agujero en aran\u00e9s), incluso ir m\u00e1s all\u00e1 y poder realizar un reconocimiento del lugar para preparar la subida, el ataque a la cima de la Forcanada. El tiempo no ser\u00e1 el \u00f3ptimo, no ser\u00e1 bueno, pero no tenemos opci\u00f3n ya que es el fin de semana escogido para realizar la actividad. La idea es subir con el igl\u00fa y hacer noche en mitad del valle, aproxim\u00e1ndonos lo m\u00e1ximo a la monta\u00f1a y al agua para que el ataque sea m\u00e1s efectivo y la base tenga las condiciones id\u00f3neas.<\/p>\n<p>Despu\u00e9s de pasar el t\u00fanel de Viella y una curva muy cerrada donde bajo ella pasa el mismo R\u00edo N\u00e8re, dentro ya del Valle de Ar\u00e1n, encontramos un camino a la izquierda y arriba, sobre las laderas del valle. Este camino escabroso y casi desmenuzado en ocasiones, es por el que, muy lentamente sobre mi Ford C-Max, nos introducir\u00e1 en el Valle del R\u00edo N\u00e8re. Comprobar\u00e9is que este lugar est\u00e1 muy cerca de la boca norte del t\u00fanel de Viella, ni siquiera hay que llegar a la poblaci\u00f3n de Viella. Geogr\u00e1ficamente se encuentra en la parte suroeste del Valle de Ar\u00e1n; inmediatamente seguida cuando se sale del t\u00fanel a la derecha.<\/p>\n<div id=\"attachment_28203\" style=\"width: 1034px\" class=\"wp-caption aligncenter\"><a class=\"dt-single-image\" href=\"https:\/\/www.monta\u00f1asdelaluna.es\/wp-content\/uploads\/2016\/03\/Forcanada-015.jpg\" data-dt-img-description=\"\"><img loading=\"lazy\" decoding=\"async\" aria-describedby=\"caption-attachment-28203\" class=\"wp-image-28203 size-large\" src=\"https:\/\/www.monta\u00f1asdelaluna.es\/wp-content\/uploads\/2016\/03\/Forcanada-015-1024x768.jpg\" alt=\"Valle del N\u00e8re arriba\" width=\"1024\" height=\"768\" srcset=\"https:\/\/www.monta\u00f1asdelaluna.es\/wp-content\/uploads\/2016\/03\/Forcanada-015-1024x768.jpg 1024w, https:\/\/www.monta\u00f1asdelaluna.es\/wp-content\/uploads\/2016\/03\/Forcanada-015-300x225.jpg 300w, https:\/\/www.monta\u00f1asdelaluna.es\/wp-content\/uploads\/2016\/03\/Forcanada-015.jpg 1690w\" sizes=\"auto, (max-width: 1024px) 100vw, 1024px\" \/><\/a><p id=\"caption-attachment-28203\" class=\"wp-caption-text\">Valle del N\u00e8re arriba<\/p><\/div>\n<div id=\"attachment_28208\" style=\"width: 1034px\" class=\"wp-caption aligncenter\"><a class=\"dt-single-image\" href=\"https:\/\/www.monta\u00f1asdelaluna.es\/wp-content\/uploads\/2016\/03\/Forcanada-021.jpg\" data-dt-img-description=\"\"><img loading=\"lazy\" decoding=\"async\" aria-describedby=\"caption-attachment-28208\" class=\"wp-image-28208 size-large\" src=\"https:\/\/www.monta\u00f1asdelaluna.es\/wp-content\/uploads\/2016\/03\/Forcanada-021-1024x768.jpg\" alt=\"Olga subiendo por el Valle del N\u00e8re\" width=\"1024\" height=\"768\" srcset=\"https:\/\/www.monta\u00f1asdelaluna.es\/wp-content\/uploads\/2016\/03\/Forcanada-021-1024x768.jpg 1024w, https:\/\/www.monta\u00f1asdelaluna.es\/wp-content\/uploads\/2016\/03\/Forcanada-021-300x225.jpg 300w, https:\/\/www.monta\u00f1asdelaluna.es\/wp-content\/uploads\/2016\/03\/Forcanada-021.jpg 1690w\" sizes=\"auto, (max-width: 1024px) 100vw, 1024px\" \/><\/a><p id=\"caption-attachment-28208\" class=\"wp-caption-text\">Olga subiendo por el Valle del N\u00e8re<\/p><\/div>\n<p>El valle aparece verde, pero el camino es escabroso y poco recomendable para coches delicados. De hecho pincho una rueda del Ford \u00a1Hasta aqu\u00ed hemos llegado! Cambiamos la rueda y dejo el coche en la orilla del camino, ya no lo quiero mover m\u00e1s. Desde este punto, cerca de una caba\u00f1a y una curva del camino. Se puede llegar en coche hasta el final del camino, que no queda muy lejos, y comenzar a caminar subiendo por un bosquecillo de unas especies de robles o hayas \u201cde altura\u201d valle arriba\u2026 no tiene p\u00e9rdida. El estrecho y escarpado valle tiene las se\u00f1ales inequ\u00edvocas de la erosi\u00f3n glaciar: un valle con forma de U, con su fondo suave y ondulado, rodeado de escarpadas vertientes, paredes nevadas, coronadas por picudas y blancas cimas, como la Serra de Horno a la izquierda, y al frente el puntiagudo Cap dera Pala deth P\u00f2rt. Estrecho pero chocante y bonito valle.<\/p>\n<p>Dejamos el bosquecillo por una senda que nos quedaba a la derecha de la planicie del final del camino, y cruzamos un corto tramo de grandes piedras para subirnos r\u00e1pidamente al nevero que ya, a partir de aqu\u00ed, invade todo el valle. La subida es paulatina y sin darnos cuenta cogemos altura por el fondo del estrecho valle. De repente tengo un intenso recuerdo al entrar al inclinado y ondulado nevero de nieve dura: me acuerdo de aquella entrada al Glaciar del Tarija en Los Condoriri, en la Cordillera Real de Bolivia; entrando en el blanco y ondulado glaciar rodeado de grises y descarnadas pendientes de roca. Grandes momentos y experiencias.<\/p>\n<div id=\"attachment_28210\" style=\"width: 1034px\" class=\"wp-caption aligncenter\"><a class=\"dt-single-image\" href=\"https:\/\/www.monta\u00f1asdelaluna.es\/wp-content\/uploads\/2016\/03\/Forcanada-024.jpg\" data-dt-img-description=\"\"><img loading=\"lazy\" decoding=\"async\" aria-describedby=\"caption-attachment-28210\" class=\"wp-image-28210 size-large\" src=\"https:\/\/www.monta\u00f1asdelaluna.es\/wp-content\/uploads\/2016\/03\/Forcanada-024-1024x768.jpg\" alt=\"Aparece el Forcanada\" width=\"1024\" height=\"768\" srcset=\"https:\/\/www.monta\u00f1asdelaluna.es\/wp-content\/uploads\/2016\/03\/Forcanada-024-1024x768.jpg 1024w, https:\/\/www.monta\u00f1asdelaluna.es\/wp-content\/uploads\/2016\/03\/Forcanada-024-300x225.jpg 300w, https:\/\/www.monta\u00f1asdelaluna.es\/wp-content\/uploads\/2016\/03\/Forcanada-024.jpg 1690w\" sizes=\"auto, (max-width: 1024px) 100vw, 1024px\" \/><\/a><p id=\"caption-attachment-28210\" class=\"wp-caption-text\">Aparece el Forcanada<\/p><\/div>\n<div id=\"attachment_28214\" style=\"width: 1034px\" class=\"wp-caption aligncenter\"><a class=\"dt-single-image\" href=\"https:\/\/www.monta\u00f1asdelaluna.es\/wp-content\/uploads\/2016\/03\/Forcanada-033.jpg\" data-dt-img-description=\"\"><img loading=\"lazy\" decoding=\"async\" aria-describedby=\"caption-attachment-28214\" class=\"wp-image-28214 size-large\" src=\"https:\/\/www.monta\u00f1asdelaluna.es\/wp-content\/uploads\/2016\/03\/Forcanada-033-1024x768.jpg\" alt=\"Fotograf\u00edando las vistas hac\u00eda el Valle de Ar\u00e1n\" width=\"1024\" height=\"768\" srcset=\"https:\/\/www.monta\u00f1asdelaluna.es\/wp-content\/uploads\/2016\/03\/Forcanada-033-1024x768.jpg 1024w, https:\/\/www.monta\u00f1asdelaluna.es\/wp-content\/uploads\/2016\/03\/Forcanada-033-300x225.jpg 300w, https:\/\/www.monta\u00f1asdelaluna.es\/wp-content\/uploads\/2016\/03\/Forcanada-033.jpg 1690w\" sizes=\"auto, (max-width: 1024px) 100vw, 1024px\" \/><\/a><p id=\"caption-attachment-28214\" class=\"wp-caption-text\">Fotograf\u00edando las vistas hac\u00eda el Valle de Ar\u00e1n<\/p><\/div>\n<p>La nieve cubre enormes acumulaciones de piedras y rocas, vestigios de nuevos y antiguos desprendimientos. Da hasta un poco de pavor. El tiempo no nos acompa\u00f1a, sigue nublado, casi inestable, pero por suerte no nieva; buena se\u00f1al. Esperamos que a m\u00e1s altura se mantenga como m\u00ednimo as\u00ed. Bajo las escarpadas alturas de la Serra de Horno el valle hace una curva hac\u00eda la derecha a la vez que se empina la subida por la, por suerte, dura nieve. Arriba de esta subida que realiza el valle justo cuando cambia de direcci\u00f3n sur, suroeste a oeste, la nieve ya lo cubre todo con extraordinario espesor, y all\u00e1 al fondo aparece la incre\u00edble y tric\u00e9fala monta\u00f1a, la cual ven\u00edamos a conquistar en un primer momento: el espectacular Forcanada.<\/p>\n<p>Como un soberbio gigante que domina el valle aparece la monta\u00f1a que era nuestro objetivo de esta excursi\u00f3n: El Forcanada. Repleta de nieve por todas sus vertientes, paredes y espolones parece un inmenso tridente con su punta central perfecta, abrupta y erecta, rodeada por los otros espolones que hacen de pilares o soportes de la central\u2026 al menos es como se ve desde aqu\u00ed. Me ha sorprendido e impresionado su imagen, m\u00e1s que las fotos y averiguaciones realizadas en internet. Fabuloso.<\/p>\n<div id=\"attachment_28218\" style=\"width: 1034px\" class=\"wp-caption aligncenter\"><a class=\"dt-single-image\" href=\"https:\/\/www.monta\u00f1asdelaluna.es\/wp-content\/uploads\/2016\/03\/Forcanada-041.jpg\" data-dt-img-description=\"\"><img loading=\"lazy\" decoding=\"async\" aria-describedby=\"caption-attachment-28218\" class=\"wp-image-28218 size-large\" src=\"https:\/\/www.monta\u00f1asdelaluna.es\/wp-content\/uploads\/2016\/03\/Forcanada-041-1024x768.jpg\" alt=\"Al fondo el Forcanada\" width=\"1024\" height=\"768\" srcset=\"https:\/\/www.monta\u00f1asdelaluna.es\/wp-content\/uploads\/2016\/03\/Forcanada-041-1024x768.jpg 1024w, https:\/\/www.monta\u00f1asdelaluna.es\/wp-content\/uploads\/2016\/03\/Forcanada-041-300x225.jpg 300w, https:\/\/www.monta\u00f1asdelaluna.es\/wp-content\/uploads\/2016\/03\/Forcanada-041.jpg 1690w\" sizes=\"auto, (max-width: 1024px) 100vw, 1024px\" \/><\/a><p id=\"caption-attachment-28218\" class=\"wp-caption-text\">Al fondo el Forcanada<\/p><\/div>\n<div id=\"attachment_28221\" style=\"width: 1034px\" class=\"wp-caption aligncenter\"><a class=\"dt-single-image\" href=\"https:\/\/www.monta\u00f1asdelaluna.es\/wp-content\/uploads\/2016\/03\/Forcanada-049.jpg\" data-dt-img-description=\"\"><img loading=\"lazy\" decoding=\"async\" aria-describedby=\"caption-attachment-28221\" class=\"wp-image-28221 size-large\" src=\"https:\/\/www.monta\u00f1asdelaluna.es\/wp-content\/uploads\/2016\/03\/Forcanada-049-1024x768.jpg\" alt=\"Hacia el Lac deth H\u00f2ro con el Forcanada delante\" width=\"1024\" height=\"768\" srcset=\"https:\/\/www.monta\u00f1asdelaluna.es\/wp-content\/uploads\/2016\/03\/Forcanada-049-1024x768.jpg 1024w, https:\/\/www.monta\u00f1asdelaluna.es\/wp-content\/uploads\/2016\/03\/Forcanada-049-300x225.jpg 300w, https:\/\/www.monta\u00f1asdelaluna.es\/wp-content\/uploads\/2016\/03\/Forcanada-049.jpg 1690w\" sizes=\"auto, (max-width: 1024px) 100vw, 1024px\" \/><\/a><p id=\"caption-attachment-28221\" class=\"wp-caption-text\">Hacia el Lac deth H\u00f2ro con el Forcanada delante<\/p><\/div>\n<p>Fotos y m\u00e1s fotos que nos hacemos los tres con el descubrimiento de esta escarpada y picuda monta\u00f1a. Por suerte no afecta el mal tiempo a su cima, y vemos la monta\u00f1a entera con todo su esplendor. Pesamos que puede ser un buen augurio. Una parada para maravillarnos con el paisaje desde aqu\u00ed: observamos como si fu\u00e9ramos verdaderos expertos en geograf\u00eda las nevadas monta\u00f1as que quedan dentro del Valle de Ar\u00e1n al fondo mirando hac\u00eda el comienzo del valle; pero realmente no sabemos que monta\u00f1as son. Que bonitas quedan all\u00e1, bajo la negra nube, la blanca nieve sobre las suaves laderas de una monta\u00f1a con forma de pagoda.<\/p>\n<p>Reemprendemos la marcha. Ahora el valle ya no sube tanto y seguimos por el fondo del mismo en direcci\u00f3n a la gigantesca monta\u00f1a. Ahora la nieve y lo blanco lo cubre y lo llena todo. Parece que hemos cambiado de un paisaje del sur de Europa a otro de alta monta\u00f1a escandinavo. Espectacular.<\/p>\n<div id=\"attachment_28224\" style=\"width: 1034px\" class=\"wp-caption aligncenter\"><a class=\"dt-single-image\" href=\"https:\/\/www.monta\u00f1asdelaluna.es\/wp-content\/uploads\/2016\/03\/Forcanada-056.jpg\" data-dt-img-description=\"\"><img loading=\"lazy\" decoding=\"async\" aria-describedby=\"caption-attachment-28224\" class=\"wp-image-28224 size-large\" src=\"https:\/\/www.monta\u00f1asdelaluna.es\/wp-content\/uploads\/2016\/03\/Forcanada-056-1024x768.jpg\" alt=\"Acampados junto al Lac deth H\u00f2ro, delante Olga y el Forcanada detr\u00e1s\" width=\"1024\" height=\"768\" srcset=\"https:\/\/www.monta\u00f1asdelaluna.es\/wp-content\/uploads\/2016\/03\/Forcanada-056-1024x768.jpg 1024w, https:\/\/www.monta\u00f1asdelaluna.es\/wp-content\/uploads\/2016\/03\/Forcanada-056-300x225.jpg 300w, https:\/\/www.monta\u00f1asdelaluna.es\/wp-content\/uploads\/2016\/03\/Forcanada-056.jpg 1690w\" sizes=\"auto, (max-width: 1024px) 100vw, 1024px\" \/><\/a><p id=\"caption-attachment-28224\" class=\"wp-caption-text\">Acampados junto al Lac deth H\u00f2ro, delante Olga y el Forcanada detr\u00e1s<\/p><\/div>\n<div id=\"attachment_28230\" style=\"width: 1034px\" class=\"wp-caption aligncenter\"><a class=\"dt-single-image\" href=\"https:\/\/www.monta\u00f1asdelaluna.es\/wp-content\/uploads\/2016\/03\/Forcanada-065.jpg\" data-dt-img-description=\"\"><img loading=\"lazy\" decoding=\"async\" aria-describedby=\"caption-attachment-28230\" class=\"wp-image-28230 size-large\" src=\"https:\/\/www.monta\u00f1asdelaluna.es\/wp-content\/uploads\/2016\/03\/Forcanada-065-1024x768.jpg\" alt=\"Acampados junto al Lac deth H\u00f2ro, Paco, Joaqu\u00edn y al fondo el Forcanada\" width=\"1024\" height=\"768\" srcset=\"https:\/\/www.monta\u00f1asdelaluna.es\/wp-content\/uploads\/2016\/03\/Forcanada-065-1024x768.jpg 1024w, https:\/\/www.monta\u00f1asdelaluna.es\/wp-content\/uploads\/2016\/03\/Forcanada-065-300x225.jpg 300w, https:\/\/www.monta\u00f1asdelaluna.es\/wp-content\/uploads\/2016\/03\/Forcanada-065.jpg 1690w\" sizes=\"auto, (max-width: 1024px) 100vw, 1024px\" \/><\/a><p id=\"caption-attachment-28230\" class=\"wp-caption-text\">Acampados junto al Lac deth H\u00f2ro, Paco, Joaqu\u00edn y al fondo el Forcanada<\/p><\/div>\n<div id=\"attachment_28227\" style=\"width: 1034px\" class=\"wp-caption aligncenter\"><a class=\"dt-single-image\" href=\"https:\/\/www.monta\u00f1asdelaluna.es\/wp-content\/uploads\/2016\/03\/Forcanada-061.jpg\" data-dt-img-description=\"\"><img loading=\"lazy\" decoding=\"async\" aria-describedby=\"caption-attachment-28227\" class=\"wp-image-28227 size-large\" src=\"https:\/\/www.monta\u00f1asdelaluna.es\/wp-content\/uploads\/2016\/03\/Forcanada-061-1024x768.jpg\" alt=\"Joaqu\u00edn y detr\u00e1s el Forcanada\" width=\"1024\" height=\"768\" srcset=\"https:\/\/www.monta\u00f1asdelaluna.es\/wp-content\/uploads\/2016\/03\/Forcanada-061-1024x768.jpg 1024w, https:\/\/www.monta\u00f1asdelaluna.es\/wp-content\/uploads\/2016\/03\/Forcanada-061-300x225.jpg 300w, https:\/\/www.monta\u00f1asdelaluna.es\/wp-content\/uploads\/2016\/03\/Forcanada-061.jpg 1690w\" sizes=\"auto, (max-width: 1024px) 100vw, 1024px\" \/><\/a><p id=\"caption-attachment-28227\" class=\"wp-caption-text\">Joaqu\u00edn y detr\u00e1s el Forcanada<\/p><\/div>\n<p>El sol nos sorprende rozando con sus rayos las laderas del Forcanada\u2026 \u00bfotro buen augurio? Las sombras sobre la blanca nieve en sus verticales vertientes le dan un toque m\u00e1s impresionante y hermoso si cabe. Seguimos caminando por el aplanado fondo del valle hasta llegar a un punto en el que advertimos un lago escondido bajo la gruesa nieve. Lo bordeamos por la derecha hasta una lomilla que nos servir\u00e1 de mirador y \u201ccampo base\u201d al norte del laguito y cerca de un arroyo de agua y que alimenta el ib\u00f3n. Es el Lac deth H\u00f2re, el Ib\u00f3n del Agujero. Estamos a unos 2.075 mts. de altura.<\/p>\n<p>Montamos la tienda con estupendas vistas al impresionante Forcanada. El lugar parece id\u00f3neo con la distancia perfecta para acercarnos a la monta\u00f1a, tener agua y un magn\u00edfico espacio con vistas a todo el valle. Unas monta\u00f1as aparecen al fondo del valle al sur del Forcanada: Es el Tur\u00f3 de Tres Puntes, el Cap deth H\u00f3ro (antecesor del Tuc de Mulleres) y el Tuc dera Gerbosa cerrando el circo. \u00c9ste \u00faltimo aunque siendo el mas bajo de todos, es espectacular con un perfil m\u00e1s escarpado y altivo.<\/p>\n<div id=\"attachment_28231\" style=\"width: 1034px\" class=\"wp-caption aligncenter\"><a class=\"dt-single-image\" href=\"https:\/\/www.monta\u00f1asdelaluna.es\/wp-content\/uploads\/2016\/03\/Forcanada-067.jpg\" data-dt-img-description=\"\"><img loading=\"lazy\" decoding=\"async\" aria-describedby=\"caption-attachment-28231\" class=\"wp-image-28231 size-large\" src=\"https:\/\/www.monta\u00f1asdelaluna.es\/wp-content\/uploads\/2016\/03\/Forcanada-067-1024x768.jpg\" alt=\"Lac deth H\u00f2ro bajo la nieve\" width=\"1024\" height=\"768\" srcset=\"https:\/\/www.monta\u00f1asdelaluna.es\/wp-content\/uploads\/2016\/03\/Forcanada-067-1024x768.jpg 1024w, https:\/\/www.monta\u00f1asdelaluna.es\/wp-content\/uploads\/2016\/03\/Forcanada-067-300x225.jpg 300w, https:\/\/www.monta\u00f1asdelaluna.es\/wp-content\/uploads\/2016\/03\/Forcanada-067.jpg 1690w\" sizes=\"auto, (max-width: 1024px) 100vw, 1024px\" \/><\/a><p id=\"caption-attachment-28231\" class=\"wp-caption-text\">Lac deth H\u00f2ro bajo la nieve<\/p><\/div>\n<div id=\"attachment_28232\" style=\"width: 1034px\" class=\"wp-caption aligncenter\"><a class=\"dt-single-image\" href=\"https:\/\/www.monta\u00f1asdelaluna.es\/wp-content\/uploads\/2016\/03\/Forcanada-068.jpg\" data-dt-img-description=\"\"><img loading=\"lazy\" decoding=\"async\" aria-describedby=\"caption-attachment-28232\" class=\"wp-image-28232 size-large\" src=\"https:\/\/www.monta\u00f1asdelaluna.es\/wp-content\/uploads\/2016\/03\/Forcanada-068-1024x768.jpg\" alt=\"Forcanada\" width=\"1024\" height=\"768\" srcset=\"https:\/\/www.monta\u00f1asdelaluna.es\/wp-content\/uploads\/2016\/03\/Forcanada-068-1024x768.jpg 1024w, https:\/\/www.monta\u00f1asdelaluna.es\/wp-content\/uploads\/2016\/03\/Forcanada-068-300x225.jpg 300w, https:\/\/www.monta\u00f1asdelaluna.es\/wp-content\/uploads\/2016\/03\/Forcanada-068.jpg 1690w\" sizes=\"auto, (max-width: 1024px) 100vw, 1024px\" \/><\/a><p id=\"caption-attachment-28232\" class=\"wp-caption-text\">Forcanada<\/p><\/div>\n<p>El cielo azul aparece entre las nubes y el tiempo intenta mejorar al mediod\u00eda; aunque Paco nos dice que esta tarde se prev\u00e9 un empeoramiento con ventisca\u2026 espero que ma\u00f1ana mejore entonces. Ciertamente a lo largo de la tarde las nubes comienzan a aparecer, a invadir el valle y las monta\u00f1as, a cubrirlo todo\u2026 fant\u00e1sticas y sombr\u00edas fotos a las monta\u00f1as mientras las nubes juegan con sus nieves y sus paredes rocosas.<\/p>\n<p>Nos disponemos a cenar pronto en una roca pr\u00f3xima a la tienda y con vistas al Lac deth H\u00f2ro. Pronto por que parece que el viento comienza a soplar y las nubes a precipitar. El agua tarda en calentarse en mi hornillo con el fr\u00edo que comienza a agudizarse bajo los primeros copos helados y las primeras rachas de lo que parece ser\u00e1 una ventisca. Tengo que dejar el cazo con el agua a medio calentar en la parte m\u00e1s alta de la roca, cuando Olga y Paco ya est\u00e1n dentro de la tienda huyendo de lo que parece ser el comienzo de la ventisca\u2026 no s\u00e9 si ma\u00f1ana tendr\u00e9 cazo ni hornillo, dejados all\u00ed en medio de la ventisca.<\/p>\n<p>Pasamos lo que queda de tarde y noche como podemos. No cabemos muy bien los 2 en esta vieja tienda de dos y medio. La ventisca arrecia durante la noche y en las paredes de la tienda se acumula algo de nieve que cae como peque\u00f1os aludes mientras el viento empuja las maltrechas paredes de la resistente y vieja tienda.<\/p>\n<div id=\"attachment_28242\" style=\"width: 1034px\" class=\"wp-caption aligncenter\"><a class=\"dt-single-image\" href=\"https:\/\/www.monta\u00f1asdelaluna.es\/wp-content\/uploads\/2016\/03\/Forcanada-088.jpg\" data-dt-img-description=\"\"><img loading=\"lazy\" decoding=\"async\" aria-describedby=\"caption-attachment-28242\" class=\"wp-image-28242 size-large\" src=\"https:\/\/www.monta\u00f1asdelaluna.es\/wp-content\/uploads\/2016\/03\/Forcanada-088-1024x576.jpg\" alt=\"Amanece en el Valle del N\u00e8re\" width=\"1024\" height=\"576\" srcset=\"https:\/\/www.monta\u00f1asdelaluna.es\/wp-content\/uploads\/2016\/03\/Forcanada-088-1024x576.jpg 1024w, https:\/\/www.monta\u00f1asdelaluna.es\/wp-content\/uploads\/2016\/03\/Forcanada-088-300x169.jpg 300w, https:\/\/www.monta\u00f1asdelaluna.es\/wp-content\/uploads\/2016\/03\/Forcanada-088.jpg 1690w\" sizes=\"auto, (max-width: 1024px) 100vw, 1024px\" \/><\/a><p id=\"caption-attachment-28242\" class=\"wp-caption-text\">Amanece en el Valle del N\u00e8re<\/p><\/div>\n<div id=\"attachment_28244\" style=\"width: 1034px\" class=\"wp-caption aligncenter\"><a class=\"dt-single-image\" href=\"https:\/\/www.monta\u00f1asdelaluna.es\/wp-content\/uploads\/2016\/03\/Forcanada-091.jpg\" data-dt-img-description=\"\"><img loading=\"lazy\" decoding=\"async\" aria-describedby=\"caption-attachment-28244\" class=\"wp-image-28244 size-large\" src=\"https:\/\/www.monta\u00f1asdelaluna.es\/wp-content\/uploads\/2016\/03\/Forcanada-091-1024x576.jpg\" alt=\"Amanece en la Forcanada y alto Valle del N\u00e8re\" width=\"1024\" height=\"576\" srcset=\"https:\/\/www.monta\u00f1asdelaluna.es\/wp-content\/uploads\/2016\/03\/Forcanada-091-1024x576.jpg 1024w, https:\/\/www.monta\u00f1asdelaluna.es\/wp-content\/uploads\/2016\/03\/Forcanada-091-300x169.jpg 300w, https:\/\/www.monta\u00f1asdelaluna.es\/wp-content\/uploads\/2016\/03\/Forcanada-091.jpg 1690w\" sizes=\"auto, (max-width: 1024px) 100vw, 1024px\" \/><\/a><p id=\"caption-attachment-28244\" class=\"wp-caption-text\">Amanece en la Forcanada y alto Valle del N\u00e8re<\/p><\/div>\n<div id=\"attachment_28246\" style=\"width: 1034px\" class=\"wp-caption aligncenter\"><a class=\"dt-single-image\" href=\"https:\/\/www.monta\u00f1asdelaluna.es\/wp-content\/uploads\/2016\/03\/Forcanada-094.jpg\" data-dt-img-description=\"\"><img loading=\"lazy\" decoding=\"async\" aria-describedby=\"caption-attachment-28246\" class=\"wp-image-28246 size-large\" src=\"https:\/\/www.monta\u00f1asdelaluna.es\/wp-content\/uploads\/2016\/03\/Forcanada-094-1024x768.jpg\" alt=\"Preparados para atacar al Forcanada, delante Olga\" width=\"1024\" height=\"768\" srcset=\"https:\/\/www.monta\u00f1asdelaluna.es\/wp-content\/uploads\/2016\/03\/Forcanada-094-1024x768.jpg 1024w, https:\/\/www.monta\u00f1asdelaluna.es\/wp-content\/uploads\/2016\/03\/Forcanada-094-300x225.jpg 300w, https:\/\/www.monta\u00f1asdelaluna.es\/wp-content\/uploads\/2016\/03\/Forcanada-094.jpg 1690w\" sizes=\"auto, (max-width: 1024px) 100vw, 1024px\" \/><\/a><p id=\"caption-attachment-28246\" class=\"wp-caption-text\">Preparados para atacar al Forcanada, delante Olga<\/p><\/div>\n<p>Por fin nos despertamos al otro d\u00eda despu\u00e9s de haber pasado una noche en la que el descanso no ha sido la nota predominante, y nos intentamos levantar y salir de la tienda. El paisaje es m\u00e1s alpino si cabe. Con el grueso de la nieve reci\u00e9n ca\u00edda cubriendo todas las monta\u00f1as, paredes y rincones del valle. El sol va tocando las cimas de la parte m\u00e1s alta del valle: Tur\u00f3 de Tres Puntes, el Cap deth H\u00f3ro y al mismo Forcanada. El buen tiempo parece que impera en este amanecer. Debemos aprovechar esta ventana de buen tiempo.<\/p>\n<p>No salimos demasiado temprano la verdad, el sol ya despunta sobre las monta\u00f1as al este y principio del valle pero como el tiempo parece bueno nos tomamos nuestro tiempo. La nieve es muy abundante en el fondo del mismo y decidimos rodear al valle por sus laderas, justo las que se aproximan a las vertientes del Forcanada, por si nos hundi\u00e9ramos en la blanda nieve. La ruta o recorrido de verano pasa junto al riachuelo del N\u00e8re, y llegados a un alto punto junto a otro laguito, se gira a la derecha (donde nos hemos dejado las puntas del Forcanada) en busca de su \u201cenforcadura\u201d y canal que separa las dos puntas y cimas m\u00e1s altas del Forcanada; y de ah\u00ed a las picudas y escarpadas cimas del mismo.<\/p>\n<div id=\"attachment_28248\" style=\"width: 1034px\" class=\"wp-caption aligncenter\"><a class=\"dt-single-image\" href=\"https:\/\/www.monta\u00f1asdelaluna.es\/wp-content\/uploads\/2016\/03\/Forcanada-096.jpg\" data-dt-img-description=\"\"><img loading=\"lazy\" decoding=\"async\" aria-describedby=\"caption-attachment-28248\" class=\"wp-image-28248 size-large\" src=\"https:\/\/www.monta\u00f1asdelaluna.es\/wp-content\/uploads\/2016\/03\/Forcanada-096-1024x768.jpg\" alt=\"Olga y Paco camino del Forcanada, detr\u00e1s el Lac deth H\u00f2ro en el Valle del N\u00e8re\" width=\"1024\" height=\"768\" srcset=\"https:\/\/www.monta\u00f1asdelaluna.es\/wp-content\/uploads\/2016\/03\/Forcanada-096-1024x768.jpg 1024w, https:\/\/www.monta\u00f1asdelaluna.es\/wp-content\/uploads\/2016\/03\/Forcanada-096-300x225.jpg 300w, https:\/\/www.monta\u00f1asdelaluna.es\/wp-content\/uploads\/2016\/03\/Forcanada-096.jpg 1690w\" sizes=\"auto, (max-width: 1024px) 100vw, 1024px\" \/><\/a><p id=\"caption-attachment-28248\" class=\"wp-caption-text\">Olga y Paco camino del Forcanada, detr\u00e1s el Lac deth H\u00f2ro en el Valle del N\u00e8re<\/p><\/div>\n<p>Pero nosotros para evitar la blanda y abundante nieve del fondo del valle, donde se acumula junto a la rivera del N\u00e8re, decidimos no bajar y bordear, subiendo poco a poco, por, como he dicho antes, las laderas este del Forcanada. Eso si, buscando al final el camino de subida a la \u201cenforcadura\u201d, pero sin necesidad de pasar por el laguito de altura. La idea es buena. Pero al final y a medida que subimos altura y nos recorremos las laderas inclinadas y no tan inclinadas bajo el Forcanada, buscando a la vez la parte sur del pico, nos seguimos hundiendo y haciendo una esforzada huella en la inestable nieve, hundi\u00e9ndonos hasta casi las ingl\u00e9s en alguna ocasi\u00f3n.<\/p>\n<p>El tiempo comienza a empeorar a medida que ascendemos: las nubes comienzan a cubrirlo todo de nuevo a mitad de ma\u00f1ana, y las cimas vuelven a quedar invisibles antes nuestros ojos. Ayer vimos un grupo de esquiadores que bajaban por todo el valle y ven\u00edan de la parte de Benasque; ahora los vemos desandando el camino de vuelta al Valle de Benasque. Ellos si que intentan coger la ruta habitual cerca de la orilla del r\u00edo del N\u00e8re, al menos en lo que las pendientes y nieves les permiten.<\/p>\n<div id=\"attachment_28256\" style=\"width: 1034px\" class=\"wp-caption aligncenter\"><a class=\"dt-single-image\" href=\"https:\/\/www.monta\u00f1asdelaluna.es\/wp-content\/uploads\/2016\/03\/Forcanada-115.jpg\" data-dt-img-description=\"\"><img loading=\"lazy\" decoding=\"async\" aria-describedby=\"caption-attachment-28256\" class=\"wp-image-28256 size-large\" src=\"https:\/\/www.monta\u00f1asdelaluna.es\/wp-content\/uploads\/2016\/03\/Forcanada-115-1024x768.jpg\" alt=\"No proseguimos mas. Decidimos regresar al Lac deth H\u00f2ro\" width=\"1024\" height=\"768\" srcset=\"https:\/\/www.monta\u00f1asdelaluna.es\/wp-content\/uploads\/2016\/03\/Forcanada-115-1024x768.jpg 1024w, https:\/\/www.monta\u00f1asdelaluna.es\/wp-content\/uploads\/2016\/03\/Forcanada-115-300x225.jpg 300w, https:\/\/www.monta\u00f1asdelaluna.es\/wp-content\/uploads\/2016\/03\/Forcanada-115.jpg 1690w\" sizes=\"auto, (max-width: 1024px) 100vw, 1024px\" \/><\/a><p id=\"caption-attachment-28256\" class=\"wp-caption-text\">No proseguimos mas. Decidimos regresar al Lac deth H\u00f2ro<\/p><\/div>\n<p>Abrir huella en la blanda nieve, no avanzar con el tiempo requerido por su culpa, ver como el tiempo se encapota y nos oculta la cima a conquistar\u2026 me desanima. Cada vez paramos m\u00e1s y estamos m\u00e1s indecisos en seguir por la nieve que parec\u00eda m\u00e1s estable y dura en altura (nada m\u00e1s lejos de la realidad). Si seguimos por esta nieve virgen, blanda e inestable, por estas pendientes cada vez m\u00e1s empinadas y casi escarpadas, tardar\u00edamos mucho en subir y bajar al coche y acabar\u00edamos muy cansados, a la vez la cima est\u00e1 cubierta, invisible y peligrosamente escondida\u2026 no sabemos si nos toparemos con otra ventisca como la de anoche. Por ello decidimos volver, bajar y dejar la conquista del Forcanada en otro momento con mejores condiciones y tiempo. Estamos a m\u00e1s de 2.300 metros de altura cuando tomamos la decisi\u00f3n.<\/p>\n<p>Realmente no hemos subido tanto, pero las indecisiones y la blanda nieve ha hecho que el avanzar fuera eterno. Para bajar al campamento bajamos por palas de blanda nieve r\u00e1pidamente buscando lo que ser\u00eda la subida normal en verano que discurre cerca del lecho del N\u00e8re. Aprovecho la huella de los esquiadores que hemos visto deshaciendo el camino de ayer, para de esta manera hundirme menos en la nieve. R\u00e1pidamente bajamos los tres. Antes de llegar al igl\u00fa pasamos por la orilla de un agujero enorme y excavado hac\u00eda abajo, con la peligrosidad de caerse y no poder salir de all\u00ed. Es una mina. Una antigua mina.<\/p>\n<div id=\"attachment_28263\" style=\"width: 1034px\" class=\"wp-caption aligncenter\"><a class=\"dt-single-image\" href=\"https:\/\/www.monta\u00f1asdelaluna.es\/wp-content\/uploads\/2016\/03\/Forcanada-124.jpg\" data-dt-img-description=\"\"><img loading=\"lazy\" decoding=\"async\" aria-describedby=\"caption-attachment-28263\" class=\"wp-image-28263 size-large\" src=\"https:\/\/www.monta\u00f1asdelaluna.es\/wp-content\/uploads\/2016\/03\/Forcanada-124-1024x768.jpg\" alt=\"Paco y Olga llegando a la tienda\" width=\"1024\" height=\"768\" srcset=\"https:\/\/www.monta\u00f1asdelaluna.es\/wp-content\/uploads\/2016\/03\/Forcanada-124-1024x768.jpg 1024w, https:\/\/www.monta\u00f1asdelaluna.es\/wp-content\/uploads\/2016\/03\/Forcanada-124-300x225.jpg 300w, https:\/\/www.monta\u00f1asdelaluna.es\/wp-content\/uploads\/2016\/03\/Forcanada-124.jpg 1690w\" sizes=\"auto, (max-width: 1024px) 100vw, 1024px\" \/><\/a><p id=\"caption-attachment-28263\" class=\"wp-caption-text\">Paco y Olga llegando a la tienda<\/p><\/div>\n<div id=\"attachment_28271\" style=\"width: 1034px\" class=\"wp-caption aligncenter\"><a class=\"dt-single-image\" href=\"https:\/\/www.monta\u00f1asdelaluna.es\/wp-content\/uploads\/2016\/03\/Forcanada-138.jpg\" data-dt-img-description=\"\"><img loading=\"lazy\" decoding=\"async\" aria-describedby=\"caption-attachment-28271\" class=\"wp-image-28271 size-large\" src=\"https:\/\/www.monta\u00f1asdelaluna.es\/wp-content\/uploads\/2016\/03\/Forcanada-138-1024x768.jpg\" alt=\"Olga y Paco bajando por el Valle del N\u00e8re\" width=\"1024\" height=\"768\" srcset=\"https:\/\/www.monta\u00f1asdelaluna.es\/wp-content\/uploads\/2016\/03\/Forcanada-138-1024x768.jpg 1024w, https:\/\/www.monta\u00f1asdelaluna.es\/wp-content\/uploads\/2016\/03\/Forcanada-138-300x225.jpg 300w, https:\/\/www.monta\u00f1asdelaluna.es\/wp-content\/uploads\/2016\/03\/Forcanada-138.jpg 1690w\" sizes=\"auto, (max-width: 1024px) 100vw, 1024px\" \/><\/a><p id=\"caption-attachment-28271\" class=\"wp-caption-text\">Olga y Paco bajando por el Valle del N\u00e8re<\/p><\/div>\n<p>Seguido el Lac deth H\u00f2ro (quiz\u00e1s lo de \u201cagujero\u201d se refiere a la mina que hemos visto antes, por que realmente es un agujero en el suelo horizontal). Subimos al peque\u00f1o promontorio donde tenemos la tienda y ya nos disponemos a desmontarla. El tiempo sigue nublado, inestable pero a\u00fan no precipita.<\/p>\n<p>Salimos despu\u00e9s de desmontar la tienda y de preparar las mochilas. Desandamos el camino por el nevado valle abajo. Entre nubes y nieblas, nieve y roca, el valle aparece solitario, sombr\u00edo, pero a la vez interesante, bonito, alpino. Mientras bajamos, las formas del valle ondulado nos dan una imagen espectacular del mismo. Fotos. Luego, a nuestra derecha quedan unos corredores \u201cv\u00edrgenes\u201d, espectaculares y atractivos. Me imagino como subir por ellos disfrutando de la escalada.<\/p>\n<div id=\"attachment_28274\" style=\"width: 1034px\" class=\"wp-caption aligncenter\"><a class=\"dt-single-image\" href=\"https:\/\/www.monta\u00f1asdelaluna.es\/wp-content\/uploads\/2016\/03\/Forcanada-142.jpg\" data-dt-img-description=\"\"><img loading=\"lazy\" decoding=\"async\" aria-describedby=\"caption-attachment-28274\" class=\"wp-image-28274 size-large\" src=\"https:\/\/www.monta\u00f1asdelaluna.es\/wp-content\/uploads\/2016\/03\/Forcanada-142-1024x768.jpg\" alt=\"Bajando por el Valle del N\u00e8re\" width=\"1024\" height=\"768\" srcset=\"https:\/\/www.monta\u00f1asdelaluna.es\/wp-content\/uploads\/2016\/03\/Forcanada-142-1024x768.jpg 1024w, https:\/\/www.monta\u00f1asdelaluna.es\/wp-content\/uploads\/2016\/03\/Forcanada-142-300x225.jpg 300w, https:\/\/www.monta\u00f1asdelaluna.es\/wp-content\/uploads\/2016\/03\/Forcanada-142.jpg 1690w\" sizes=\"auto, (max-width: 1024px) 100vw, 1024px\" \/><\/a><p id=\"caption-attachment-28274\" class=\"wp-caption-text\">Bajando por el Valle del N\u00e8re<\/p><\/div>\n<div id=\"attachment_28281\" style=\"width: 1034px\" class=\"wp-caption aligncenter\"><a class=\"dt-single-image\" href=\"https:\/\/www.monta\u00f1asdelaluna.es\/wp-content\/uploads\/2016\/03\/Forcanada-158.jpg\" data-dt-img-description=\"\"><img loading=\"lazy\" decoding=\"async\" aria-describedby=\"caption-attachment-28281\" class=\"wp-image-28281 size-large\" src=\"https:\/\/www.monta\u00f1asdelaluna.es\/wp-content\/uploads\/2016\/03\/Forcanada-158-1024x576.jpg\" alt=\"Valle del N\u00e8re\" width=\"1024\" height=\"576\" srcset=\"https:\/\/www.monta\u00f1asdelaluna.es\/wp-content\/uploads\/2016\/03\/Forcanada-158-1024x576.jpg 1024w, https:\/\/www.monta\u00f1asdelaluna.es\/wp-content\/uploads\/2016\/03\/Forcanada-158-300x169.jpg 300w, https:\/\/www.monta\u00f1asdelaluna.es\/wp-content\/uploads\/2016\/03\/Forcanada-158.jpg 1690w\" sizes=\"auto, (max-width: 1024px) 100vw, 1024px\" \/><\/a><p id=\"caption-attachment-28281\" class=\"wp-caption-text\">Valle del N\u00e8re<\/p><\/div>\n<p>Se acaba la nieve y pasamos al pedregal, despu\u00e9s el bosquecillo, y despu\u00e9s por el camino llegamos al coche. Justo aqu\u00ed echamos la vista atr\u00e1s. El tiempo quiere despejarse ahora\u2026 \u00a1Ahora! Me da la sensaci\u00f3n de que la historia se repite. Incre\u00edbles las vistas de las picudas y encrespadas monta\u00f1as a cada lado del valle, con sus neveros colgados, con sus perfiles blanqueados por la ventisca de anoche, aparece el cielo azul y pocas nubecillas blancas de viento, el verde prado contrastado con el oscuro verde y forma de los pinos negros\u2026 Hermoso paisaje pirenaico.<\/p>\n<p>Bajamos a Viella por que a\u00fan nos dar\u00e1 tiempo a comer en alg\u00fan bar. Dejamos el alto Pirineo y el valle del N\u00e8re, la imagen de la Forcanada, altiva, espectacular, impresionante. Muy recomendable pasearse hasta sus faldas al menos. Su formidable imagen vale la pena la excursi\u00f3n.<\/p>\n<div id=\"attachment_28291\" style=\"width: 767px\" class=\"wp-caption aligncenter\"><a class=\"dt-single-image\" href=\"https:\/\/www.monta\u00f1asdelaluna.es\/wp-content\/uploads\/2014\/04\/mapa.forcanadas.croquis..blogjpg.jpg\" data-dt-img-description=\"\"><img loading=\"lazy\" decoding=\"async\" aria-describedby=\"caption-attachment-28291\" class=\"wp-image-28291 size-full\" src=\"https:\/\/www.monta\u00f1asdelaluna.es\/wp-content\/uploads\/2014\/04\/mapa.forcanadas.croquis..blogjpg.jpg\" alt=\"\" width=\"757\" height=\"843\" srcset=\"https:\/\/www.monta\u00f1asdelaluna.es\/wp-content\/uploads\/2014\/04\/mapa.forcanadas.croquis..blogjpg.jpg 757w, https:\/\/www.monta\u00f1asdelaluna.es\/wp-content\/uploads\/2014\/04\/mapa.forcanadas.croquis..blogjpg-269x300.jpg 269w\" sizes=\"auto, (max-width: 757px) 100vw, 757px\" \/><\/a><p id=\"caption-attachment-28291\" class=\"wp-caption-text\">Croquis del recorrido por el Valle del N\u00e8re. Punto Rojo: Campamento junto al Lac deth H\u00f2ro.<\/p><\/div>\n<p>[vc_separator][\/vc_column_text][\/vc_column][\/vc_row][vc_row][vc_column][vc_empty_space height=\u00bb60px\u00bb][\/vc_column][\/vc_row][vc_row][vc_column][vc_cta h2=\u00bb\u00c1lbum de fotos\u00bb txt_align=\u00bbcenter\u00bb add_button=\u00bbbottom\u00bb btn_title=\u00bbVer fotos\u00bb btn_color=\u00bbwarning\u00bb btn_align=\u00bbcenter\u00bb btn_link=\u00bburl:https%3A%2F%2Fmonta%C3%B1asdelaluna.es%2F%3Fdt_gallery%3Dvalle-del-nere-o-deth-horo-en-el-valle-de-aran-2|title:Valle%20del%20N%C3%A8re%20o%20deth%20H%C3%B2ro%20en%20el%20Valle%20de%20Ar%C3%A1n|target:_blank\u00bb css=\u00bb.vc_custom_1625697484886{background-color: #8bc4ed !important;}\u00bb]Puedes ver todas las fotos del relato y actividad en forma de presentaci\u00f3n o individuales pinchando aqui \u00a1No te las pierdas![\/vc_cta][\/vc_column][\/vc_row][vc_row][vc_column][vc_empty_space height=\u00bb60px\u00bb][\/vc_column][\/vc_row][vc_row][vc_column width=\u00bb1\/3&#8243;][\/vc_column][vc_column width=\u00bb1\/2&#8243;][vc_column_text]Tiempo en Valle del N\u00e8re (Lac deth H\u00f2ro)[\/vc_column_text][vc_raw_html]JTNDaWZyYW1lJTIwc3JjJTNEJTIyaHR0cHMlM0ElMkYlMkZ3d3cubWV0ZW9ibHVlLmNvbSUyRmVzJTJGdGllbXBvJTJGd2lkZ2V0JTJGZGFpbHklMkY0Mi42NDhOMC43MjZFJTNGZ2VvbG9jJTNEZml4ZWQlMjZkYXlzJTNENyUyNnRlbXB1bml0JTNEQ0VMU0lVUyUyNndpbmR1bml0JTNES0lMT01FVEVSX1BFUl9IT1VSJTI2Y29sb3VyZWQlM0Rjb2xvdXJlZCUyNnBpY3RvaWNvbiUzRDElMjZtYXh0ZW1wZXJhdHVyZSUzRDElMjZtaW50ZW1wZXJhdHVyZSUzRDElMjZ3aW5kc3BlZWQlM0QxJTI2d2luZGd1c3QlM0QxJTI2d2luZGRpcmVjdGlvbiUzRDElMjZwcmVjaXBpdGF0aW9uJTNEMSUyNnByZWNpcGl0YXRpb25wcm9iYWJpbGl0eSUzRDElMjZzcG90JTNEMSUyNnByZXNzdXJlJTNEMSUyNmxheW91dCUzRGxpZ2h0JTIyJTIwJTIwZnJhbWVib3JkZXIlM0QlMjIwJTIyJTIwc2Nyb2xsaW5nJTNEJTIyTk8lMjIlMjBhbGxvd3RyYW5zcGFyZW5jeSUzRCUyMnRydWUlMjIlMjBzYW5kYm94JTNEJTIyYWxsb3ctc2FtZS1vcmlnaW4lMjBhbGxvdy1zY3JpcHRzJTIwYWxsb3ctcG9wdXBzJTIyJTIwc3R5bGUlM0QlMjJ3aWR0aCUzQSUyMDM3OHB4JTNCaGVpZ2h0JTNBJTIwNDExcHglMjIlM0UlM0MlMkZpZnJhbWUlM0UlM0NkaXYlM0UlM0MlMjEtLSUyMERPJTIwTk9UJTIwUkVNT1ZFJTIwVEhJUyUyMExJTkslMjAtLSUzRSUzQ2ElMjBocmVmJTNEJTIyaHR0cHMlM0ElMkYlMkZ3d3cubWV0ZW9ibHVlLmNvbSUyRmVzJTJGdGllbXBvJTJGcHJvbm9zdGljbyUyRnNlbWFuYSUyRjQyLjY0OE4wLjcyNkUlM0Z1dG1fc291cmNlJTNEd2VhdGhlcl93aWRnZXQlMjZ1dG1fbWVkaXVtJTNEbGlua3VzJTI2dXRtX2NvbnRlbnQlM0RkYWlseSUyNnV0bV9jYW1wYWlnbiUzRFdlYXRoZXIlMjUyQldpZGdldCUyMiUyMHRhcmdldCUzRCUyMl9ibGFuayUyMiUzRW1ldGVvYmx1ZSUzQyUyRmElM0UlM0MlMkZkaXYlM0U=[\/vc_raw_html][\/vc_column][vc_column width=\u00bb1\/5&#8243;][\/vc_column][\/vc_row]<\/p>\n","protected":false},"excerpt":{"rendered":"<p>[vc_row][vc_column][vc_column_text]La idea era acercarnos hasta las inmediaciones del incre\u00edble pico Forcanada. Dentro del macizo de los Montes Malditos pero m\u00e1s bien alejada de ellos, o del centro de los mismos, hac\u00eda el noreste del Aneto, se encuentra esta escarpada e impresionante monta\u00f1a con forma de bidente (casi tridente) como si fuera primo hermano de Els&hellip;<\/p>\n","protected":false},"author":1,"featured_media":28244,"comment_status":"open","ping_status":"open","sticky":false,"template":"","format":"standard","meta":[],"categories":[128],"tags":[],"class_list":["post-28287","post","type-post","status-publish","format-standard","has-post-thumbnail","hentry","category-alto-pirineo-catalan","category-128","description-off"],"_links":{"self":[{"href":"https:\/\/www.monta\u00f1asdelaluna.es\/index.php?rest_route=\/wp\/v2\/posts\/28287","targetHints":{"allow":["GET"]}}],"collection":[{"href":"https:\/\/www.monta\u00f1asdelaluna.es\/index.php?rest_route=\/wp\/v2\/posts"}],"about":[{"href":"https:\/\/www.monta\u00f1asdelaluna.es\/index.php?rest_route=\/wp\/v2\/types\/post"}],"author":[{"embeddable":true,"href":"https:\/\/www.monta\u00f1asdelaluna.es\/index.php?rest_route=\/wp\/v2\/users\/1"}],"replies":[{"embeddable":true,"href":"https:\/\/www.monta\u00f1asdelaluna.es\/index.php?rest_route=%2Fwp%2Fv2%2Fcomments&post=28287"}],"version-history":[{"count":9,"href":"https:\/\/www.monta\u00f1asdelaluna.es\/index.php?rest_route=\/wp\/v2\/posts\/28287\/revisions"}],"predecessor-version":[{"id":50043,"href":"https:\/\/www.monta\u00f1asdelaluna.es\/index.php?rest_route=\/wp\/v2\/posts\/28287\/revisions\/50043"}],"wp:featuredmedia":[{"embeddable":true,"href":"https:\/\/www.monta\u00f1asdelaluna.es\/index.php?rest_route=\/wp\/v2\/media\/28244"}],"wp:attachment":[{"href":"https:\/\/www.monta\u00f1asdelaluna.es\/index.php?rest_route=%2Fwp%2Fv2%2Fmedia&parent=28287"}],"wp:term":[{"taxonomy":"category","embeddable":true,"href":"https:\/\/www.monta\u00f1asdelaluna.es\/index.php?rest_route=%2Fwp%2Fv2%2Fcategories&post=28287"},{"taxonomy":"post_tag","embeddable":true,"href":"https:\/\/www.monta\u00f1asdelaluna.es\/index.php?rest_route=%2Fwp%2Fv2%2Ftags&post=28287"}],"curies":[{"name":"wp","href":"https:\/\/api.w.org\/{rel}","templated":true}]}}