{"id":28373,"date":"2002-03-28T11:36:41","date_gmt":"2002-03-28T11:36:41","guid":{"rendered":"http:\/\/monta\u00f1asdelaluna.com\/?p=28373"},"modified":"2021-08-01T09:05:52","modified_gmt":"2021-08-01T09:05:52","slug":"posets-un-gigante-desconocido","status":"publish","type":"post","link":"https:\/\/www.monta\u00f1asdelaluna.es\/?p=28373","title":{"rendered":"Posets. Un gigante desconocido"},"content":{"rendered":"<p>[vc_row][vc_column][vc_column_text]A la Semana Santa siguiente del Punta Alta har\u00edamos otro viaje al Pirineo. \u00bfD\u00f3nde ir? Como el Valle de Pineta hab\u00eda otro valle en los mapas, en las gu\u00edas que me llamaba la atenci\u00f3n por su forma, por estar rodeado de grandes macizos pirenaicos, de forma que lo hac\u00edan un valle cerrado al resto de valles. \u00c9ste es el Valle de Gista\u00edn (o CHistau en lengua pirenaica). Caracter\u00edsticas que le daban al valle una singularidad y personalidad diferenciada casi \u00fanica. Y como no, no puede faltar por las cercan\u00edas a una aut\u00e9ntica y gran monta\u00f1a para subirla. En uno de los lados del Valle de Gista\u00edn, en su este, se encuentra el desconocido (para algunos monta\u00f1eros de Almorad\u00ed) macizo del Posets. Subir la segunda cumbre m\u00e1s alta de los Pirineos y a la vez la menos explorada (de los grandes tres miles pirenaicos) era todo un reto que tendr\u00eda hacer saber a mis compa\u00f1eros; antes, claro, ten\u00eda que darles una peque\u00f1a clase de geograf\u00eda a aquellos que desconoc\u00edan la monta\u00f1a, para que supieran sus caracter\u00edsticas, terreno, perfiles, alturas&#8230; Muchos se sorprendieron al saber que era la segunda cumbre de los Pirineos (3.375 mts.) despu\u00e9s del Aneto (3.404 mts.) y que Monte Perdido, el cual cre\u00edan era el segundo m\u00e1s alto; quedaba en tercer lugar empatado con la Punta d\u2019Astorg (y esto tambi\u00e9n les sorprendi\u00f3) hermano del Pico Maldito en el macizo de La Maladeta (3.355 mts.). Una vez aclarados los tecnicismos geogr\u00e1ficos y encontrado un albergue, algo bastante alejado del valle en concreto, la Casa del Notario en As\u00edn de Broto, nos dirigimos hac\u00eda Gista\u00edn y el Posets, el Gigante Desconocido.<\/p>\n<p>Realmente el Posets no era tan desconocido, otros compa\u00f1eros lo intentaron subir sin \u00e9xito desde Est\u00f3s y con \u00e9xito desde el \u00c1ngel Or\u00fas en el Valle de Eriste. Pero nadie hab\u00eda intentado el fuerte desnivel existente desde el Refugio de Viad\u00f3s a 1.760 mts.<\/p>\n<p>Tambi\u00e9n era el primer viaje al que se ve\u00edan mis compa\u00f1eros nuevos de monta\u00f1a Quique Segura y Jes\u00fas Santana, y con los que en el verano de ese mismo a\u00f1o subir\u00eda el legendario Mont Blanc.<\/p>\n<div id=\"attachment_28295\" style=\"width: 1034px\" class=\"wp-caption aligncenter\"><a class=\"dt-single-image\" href=\"https:\/\/www.monta\u00f1asdelaluna.es\/wp-content\/uploads\/2016\/03\/Posets1-001.jpg\" data-dt-img-description=\"\"><img loading=\"lazy\" decoding=\"async\" aria-describedby=\"caption-attachment-28295\" class=\"wp-image-28295 size-large\" src=\"https:\/\/www.monta\u00f1asdelaluna.es\/wp-content\/uploads\/2016\/03\/Posets1-001-1024x676.jpg\" alt=\"De izquierda a derecha: Jes\u00fas, David, Quique, Joaqu\u00edn y Zaida en Plan\" width=\"1024\" height=\"676\" srcset=\"https:\/\/www.monta\u00f1asdelaluna.es\/wp-content\/uploads\/2016\/03\/Posets1-001-1024x676.jpg 1024w, https:\/\/www.monta\u00f1asdelaluna.es\/wp-content\/uploads\/2016\/03\/Posets1-001-300x198.jpg 300w, https:\/\/www.monta\u00f1asdelaluna.es\/wp-content\/uploads\/2016\/03\/Posets1-001.jpg 1810w\" sizes=\"auto, (max-width: 1024px) 100vw, 1024px\" \/><\/a><p id=\"caption-attachment-28295\" class=\"wp-caption-text\">De izquierda a derecha: Jes\u00fas, David, Quique, Joaqu\u00edn y Zaida en Plan<\/p><\/div>\n<p>El autob\u00fas nos deja en Plan y no puede seguir m\u00e1s all\u00e1, e incluso el llegar a Plan por una carreterilla que atravesaba unos t\u00faneles algo peque\u00f1os y de techos quebradizos llenos de puntas amenazadoras, surcando precipicios que daban a un formidable congosto que abr\u00eda un embravecido r\u00edo, ya era toda una proeza. Las vistas son bonitas y sorprendentes, hac\u00eda el sur se levanta cerrando el valle, el altivo y espectacular macizo del Cotiella. Con sus nieves, bosques, roquedos, paredes, crestas, laderas&#8230; que aunque por poco, su pico m\u00e1s alto no llega a los tres mil metros, daba una imagen alpina, atrayente y hermosa. Hacia el este las estribaciones del macizo del Posets daba un toque enternecedor y apacible por las suaves formas de sus colinas y bosques coloreados por una blanca nieve, d\u00e1ndole un toque de belleza \u00fanica que solo este meteoro sabe dar.<\/p>\n<p>Salimos ya de Plan en direcci\u00f3n al bonito y peque\u00f1o pueblo de San Juan de Plan, enclavado en una suave ladera llena de prados y \u00e1rboles durmientes sin hojas invernales. Ciertamente el lugar es encantador y no muy transitado ni visitado por las aglomeraciones tur\u00edsticas de sus valles vecinos pero alejados, Benasque, Pineta o Bielsa. Aquel d\u00eda el grupo de gente m\u00e1s numeroso en todo el valle creo que \u00e9ramos nosotros.<\/p>\n<p>Pasado San Juan de Plan dej\u00e1bamos al poco rato el asfalto para coger un camino que en algunas partes estaba empedrado, asfaltado o simplemente terroso. A m\u00e1s altura y a m\u00e1s distancia \u00edbamos dejando las cercan\u00edas del bello Cotiella y nos \u00edbamos adentrando en un suave valle marcado por suaves laderas salpicadas, algo m\u00e1s arriba, por riscos, agujas y rocosas pendientes.<\/p>\n<div id=\"attachment_28296\" style=\"width: 830px\" class=\"wp-caption aligncenter\"><a class=\"dt-single-image\" href=\"https:\/\/www.monta\u00f1asdelaluna.es\/wp-content\/uploads\/2016\/03\/Posets2-001.jpg\" data-dt-img-description=\"\"><img loading=\"lazy\" decoding=\"async\" aria-describedby=\"caption-attachment-28296\" class=\"wp-image-28296 \" src=\"https:\/\/www.monta\u00f1asdelaluna.es\/wp-content\/uploads\/2016\/03\/Posets2-001.jpg\" alt=\"San Juan de Plan\" width=\"820\" height=\"1228\" srcset=\"https:\/\/www.monta\u00f1asdelaluna.es\/wp-content\/uploads\/2016\/03\/Posets2-001.jpg 1208w, https:\/\/www.monta\u00f1asdelaluna.es\/wp-content\/uploads\/2016\/03\/Posets2-001-200x300.jpg 200w, https:\/\/www.monta\u00f1asdelaluna.es\/wp-content\/uploads\/2016\/03\/Posets2-001-683x1024.jpg 683w\" sizes=\"auto, (max-width: 820px) 100vw, 820px\" \/><\/a><p id=\"caption-attachment-28296\" class=\"wp-caption-text\">San Juan de Plan<\/p><\/div>\n<div id=\"attachment_28297\" style=\"width: 832px\" class=\"wp-caption aligncenter\"><a class=\"dt-single-image\" href=\"https:\/\/www.monta\u00f1asdelaluna.es\/wp-content\/uploads\/2016\/03\/Posets3-001.jpg\" data-dt-img-description=\"\"><img loading=\"lazy\" decoding=\"async\" aria-describedby=\"caption-attachment-28297\" class=\"wp-image-28297 \" src=\"https:\/\/www.monta\u00f1asdelaluna.es\/wp-content\/uploads\/2016\/03\/Posets3-001.jpg\" alt=\"Quique, Jes\u00fas, Vicente y Fani con el Cotiella detr\u00e1s\" width=\"822\" height=\"1227\" srcset=\"https:\/\/www.monta\u00f1asdelaluna.es\/wp-content\/uploads\/2016\/03\/Posets3-001.jpg 1210w, https:\/\/www.monta\u00f1asdelaluna.es\/wp-content\/uploads\/2016\/03\/Posets3-001-201x300.jpg 201w, https:\/\/www.monta\u00f1asdelaluna.es\/wp-content\/uploads\/2016\/03\/Posets3-001-686x1024.jpg 686w\" sizes=\"auto, (max-width: 822px) 100vw, 822px\" \/><\/a><p id=\"caption-attachment-28297\" class=\"wp-caption-text\">Quique, Jes\u00fas, Vicente y Fani con el Cotiella detr\u00e1s<\/p><\/div>\n<p>A medida que segu\u00edamos valle arriba nos intern\u00e1bamos en lugares rodeados de bosques y abundante vegetaci\u00f3n, al igual que prados de amarilla hierba agostada por el fr\u00edo. Una monta\u00f1a nevada a nuestra izquierda nos llama la atenci\u00f3n, es el Punta Suelza de casi tres mil metros; monta\u00f1a que no dejar\u00edamos de ver en la subida al Posets. Verdaderamente altiva, llamativa y sobresaliente sobre todas las dem\u00e1s. Al poco rato y despu\u00e9s de franquear una boscosa ladera a la derecha, aparece ind\u00f3mito, espectacular y agreste el macizo del Posets, con sus picos m\u00e1s altos nevados por todas sus agrestes y verticales laderas, y coronados por una nubecilla blanca que rozaba la cumbre de este extraordinario pico.<\/p>\n<p>Francamente me sorprendi\u00f3. El emplazamiento del valle, sus caracter\u00edsticas orogr\u00e1ficas y bot\u00e1nicas superaron las expectativas de c\u00f3mo ser\u00eda este Valle de Gista\u00edn; y la aparici\u00f3n, de repente, del impresionante Posets con Las Espadas y la Tuca de Llardaneta sobre espolones, paredes y desafiantes pendientes verticales contrastadas entre el negro u oscuro de sus rocas con el blanco inmaculado de la nieve&#8230; me impresion\u00f3; y no solo a mi, a mis compa\u00f1eros de viaje les gust\u00f3 igual que a mi. Tanto fue as\u00ed que nos paramos Manolet, Adri\u00e1n Quintana, Fernando Rovira y yo para hacernos una foto con el bello macizo del Posets de fondo. No me hab\u00eda imaginado que iba a ser tan espectacular y hermoso como lo era por aquel lado.<\/p>\n<div id=\"attachment_28307\" style=\"width: 1034px\" class=\"wp-caption aligncenter\"><a class=\"dt-single-image\" href=\"https:\/\/www.monta\u00f1asdelaluna.es\/wp-content\/uploads\/2016\/03\/Posets13-001.jpg\" data-dt-img-description=\"\"><img loading=\"lazy\" decoding=\"async\" aria-describedby=\"caption-attachment-28307\" class=\"wp-image-28307 size-large\" src=\"https:\/\/www.monta\u00f1asdelaluna.es\/wp-content\/uploads\/2016\/03\/Posets13-001-1024x691.jpg\" alt=\"Manuel, Adri\u00e1n y Joaqu\u00edn con el Posets y Las Espadas detr\u00e1s\" width=\"1024\" height=\"691\" srcset=\"https:\/\/www.monta\u00f1asdelaluna.es\/wp-content\/uploads\/2016\/03\/Posets13-001-1024x691.jpg 1024w, https:\/\/www.monta\u00f1asdelaluna.es\/wp-content\/uploads\/2016\/03\/Posets13-001-300x202.jpg 300w, https:\/\/www.monta\u00f1asdelaluna.es\/wp-content\/uploads\/2016\/03\/Posets13-001.jpg 1784w\" sizes=\"auto, (max-width: 1024px) 100vw, 1024px\" \/><\/a><p id=\"caption-attachment-28307\" class=\"wp-caption-text\">Manuel, Adri\u00e1n y Joaqu\u00edn con el Posets y Las Espadas detr\u00e1s<\/p><\/div>\n<p>Despu\u00e9s de variar la direcci\u00f3n de norte-noreste a noreste-este, y de pasar bajo las estribaciones de El Mont\u00f3, llegamos al Refugio de Viad\u00f3s enclavado en una planicie alta, sobre los pasados bosques, en unos prados de hierba verde-amarilla. El refugio era un caser\u00f3n arreglado que no perd\u00eda sus rasgos y caracter\u00edsticas de las casas t\u00edpicas pirenaicas. Junto a \u00e9sta, dos casas m\u00e1s ayudan al caser\u00f3n a albergar a los monta\u00f1eros cuando se llenaban las pocas plazas que ten\u00eda. A pesar de ello es una bonita plaza en un estrat\u00e9gico (como casi en todos los refugios) punto del valle. Desde aqu\u00ed el macizo del Posets se presentaba enorme y altivo, con Las Espadas, m\u00e1s cercano, anteponi\u00e9ndose a su hermano mayor el Posets, algo m\u00e1s alejado.<\/p>\n<div id=\"attachment_28308\" style=\"width: 1034px\" class=\"wp-caption aligncenter\"><a class=\"dt-single-image\" href=\"https:\/\/www.monta\u00f1asdelaluna.es\/wp-content\/uploads\/2016\/03\/Posets14-001.jpg\" data-dt-img-description=\"\"><img loading=\"lazy\" decoding=\"async\" aria-describedby=\"caption-attachment-28308\" class=\"wp-image-28308 size-large\" src=\"https:\/\/www.monta\u00f1asdelaluna.es\/wp-content\/uploads\/2016\/03\/Posets14-001-1024x697.jpg\" alt=\"A la derecha Las Espadas y al fondo izquierda el Posets\" width=\"1024\" height=\"697\" srcset=\"https:\/\/www.monta\u00f1asdelaluna.es\/wp-content\/uploads\/2016\/03\/Posets14-001-1024x697.jpg 1024w, https:\/\/www.monta\u00f1asdelaluna.es\/wp-content\/uploads\/2016\/03\/Posets14-001-300x204.jpg 300w, https:\/\/www.monta\u00f1asdelaluna.es\/wp-content\/uploads\/2016\/03\/Posets14-001.jpg 1812w\" sizes=\"auto, (max-width: 1024px) 100vw, 1024px\" \/><\/a><p id=\"caption-attachment-28308\" class=\"wp-caption-text\">A la derecha Las Espadas y al fondo izquierda el Posets<\/p><\/div>\n<p>Llev\u00e1bamos tiendas para plantarlas y formar un campamento por si no hab\u00eda plazas suficientes en el refugio. Solo algo menos de la mitad de los que \u00edbamos se acomodaron en la casa principal del refugio. A otros, como al grupo al que pertenec\u00eda, nos alojaron en una casa-refugio cerca de la puerta principal del caser\u00f3n principal. Estaba sucia y descuidada, y las literas dejaban mucho que desear. M\u00e1s bien parec\u00eda una caba\u00f1a abierta y no guardada. Pero bueno&#8230; en sitios peores hemos dormido, no nos quej\u00e1bamos. Aunque de todas formas era mejor as\u00ed, por que ten\u00edamos el peque\u00f1o refugio para nosotros solos. Otros, en el que se inclu\u00eda Manolet, quisieron montar su igl\u00fa algo m\u00e1s arriba del refugio y fuera de la visi\u00f3n del mismo, ya que nos dijeron que all\u00ed no se pod\u00eda acampar al estar prohibido y protegido dentro del Parque Natural Posets-Maladeta. Poco les dur\u00f3 la tienda, ya que al tiempo de montarla alguien les desclav\u00f3 las piquetas y ech\u00f3 abajo la tienda. Al principio cre\u00edamos que era una broma de alguno de nosotros; le preguntamos a Pepe D\u00edaz, Gonzalo, \u201cMon\u00edn\u201d&#8230; pero ninguno sab\u00eda nada. Al final deducimos que podr\u00eda haber sido el guarda del refugio o del parque como queri\u00e9ndonos decir que no se puede acampar all\u00ed.<\/p>\n<p>La cocina, el fuego, la mesa, un lugar hermoso y buena compa\u00f1\u00eda nos sobraban para ser felices en un fr\u00edo lugar de los Pirineos.<\/p>\n<p>Pepe D\u00edaz preparaba, ante el asombro de mis compa\u00f1eros de Alicante, un arroz a la cubana con una sart\u00e9n que se hab\u00eda tra\u00eddo. Tambi\u00e9n se asombraron al ver la cantidad de comida que tra\u00edan algunos como Ram\u00f3n. La discusi\u00f3n entre Quique y Ram\u00f3n sobre la necesaria cantidad de comida que hac\u00eda falta estaba servida. Nos sorteamos las literas en un cuarto contiguo e igual de sucio que el comedor que eso s\u00ed, no les faltaba su mesa y bancos, y su buena chimenea con escasa le\u00f1a.<\/p>\n<div id=\"attachment_28309\" style=\"width: 1034px\" class=\"wp-caption aligncenter\"><a class=\"dt-single-image\" href=\"https:\/\/www.monta\u00f1asdelaluna.es\/wp-content\/uploads\/2016\/03\/Posets15-001.jpg\" data-dt-img-description=\"\"><img loading=\"lazy\" decoding=\"async\" aria-describedby=\"caption-attachment-28309\" class=\"wp-image-28309 size-large\" src=\"https:\/\/www.monta\u00f1asdelaluna.es\/wp-content\/uploads\/2016\/03\/Posets15-001-1024x677.jpg\" alt=\"Refugio de Viad\u00f3s, 1.760 mts.\" width=\"1024\" height=\"677\" srcset=\"https:\/\/www.monta\u00f1asdelaluna.es\/wp-content\/uploads\/2016\/03\/Posets15-001-1024x677.jpg 1024w, https:\/\/www.monta\u00f1asdelaluna.es\/wp-content\/uploads\/2016\/03\/Posets15-001-300x198.jpg 300w, https:\/\/www.monta\u00f1asdelaluna.es\/wp-content\/uploads\/2016\/03\/Posets15-001.jpg 1814w\" sizes=\"auto, (max-width: 1024px) 100vw, 1024px\" \/><\/a><p id=\"caption-attachment-28309\" class=\"wp-caption-text\">Refugio de Viad\u00f3s, 1.760 mts.<\/p><\/div>\n<div id=\"attachment_28311\" style=\"width: 1034px\" class=\"wp-caption aligncenter\"><a class=\"dt-single-image\" href=\"https:\/\/www.monta\u00f1asdelaluna.es\/wp-content\/uploads\/2016\/03\/Posets17-001.jpg\" data-dt-img-description=\"\"><img loading=\"lazy\" decoding=\"async\" aria-describedby=\"caption-attachment-28311\" class=\"wp-image-28311 size-large\" src=\"https:\/\/www.monta\u00f1asdelaluna.es\/wp-content\/uploads\/2016\/03\/Posets17-001-1024x675.jpg\" alt=\"De izquierda a derecha: Zaida, Pepe, Alberto, Jes\u00fas, Quique y Sara en el Refugio de invierno de Viad\u00f3s\" width=\"1024\" height=\"675\" srcset=\"https:\/\/www.monta\u00f1asdelaluna.es\/wp-content\/uploads\/2016\/03\/Posets17-001-1024x675.jpg 1024w, https:\/\/www.monta\u00f1asdelaluna.es\/wp-content\/uploads\/2016\/03\/Posets17-001-300x198.jpg 300w, https:\/\/www.monta\u00f1asdelaluna.es\/wp-content\/uploads\/2016\/03\/Posets17-001.jpg 1819w\" sizes=\"auto, (max-width: 1024px) 100vw, 1024px\" \/><\/a><p id=\"caption-attachment-28311\" class=\"wp-caption-text\">De izquierda a derecha: Zaida, Pepe, Alberto, Jes\u00fas, Quique y Sara en el Refugio de invierno de Viad\u00f3s<\/p><\/div>\n<p>Despu\u00e9s de cenar nos reunimos todos en el refugio principal y guardado para consultar mapas, hablar de la misma subida, charlar de la vida y&#8230; una de nuestras nuevas viajeras (que solo la vi a ella y su compa\u00f1era en ese viaje) nos echaba las cartas; algo que me sorprendi\u00f3 y que todo el mundo particip\u00f3. No recuerdo exactamente lo que esas cartas dec\u00edan de m\u00ed pero la sugesti\u00f3n y las generalidades abordaron mi cabeza en los pr\u00f3ximos meses.<\/p>\n<p>Al otro d\u00eda quer\u00edamos subir el pico pero el mal tiempo reinaba en el valle. La temperatura hab\u00eda bajado y por la noche cayeron algunos copos de nieve que pintaron de blanco los tejados del refugio y la corta hierba. La incertidumbre del quehacer reinaba en nosotros. Ya sab\u00edamos que no pod\u00edamos subir al Posets, pero alguien dijo de hacer una peque\u00f1a marcha por los alrededores para no estar parados todo el d\u00eda. El cielo estaba encapotado y las nubes cubr\u00edan gran parte de las monta\u00f1as circundantes. Miramos el mapa \u00bfD\u00f3nde ir? Al final vimos las huellas del GR-11 impresas entre las curvas de desnivel que se dirig\u00edan de Viad\u00f3s hac\u00eda el alto Collado de Eriste, y fue entonces cuando decidimos dirigirnos a este lugar.<\/p>\n<div id=\"attachment_28376\" style=\"width: 763px\" class=\"wp-caption aligncenter\"><a class=\"dt-single-image\" href=\"https:\/\/www.monta\u00f1asdelaluna.es\/wp-content\/uploads\/2002\/03\/valle-de-gistain.jpg\" data-dt-img-description=\"\"><img loading=\"lazy\" decoding=\"async\" aria-describedby=\"caption-attachment-28376\" class=\"wp-image-28376 size-full\" src=\"https:\/\/www.monta\u00f1asdelaluna.es\/wp-content\/uploads\/2002\/03\/valle-de-gistain.jpg\" alt=\"Croquis del recorrido de Plan al Refugio de Viad\u00f3s. Linea Verde: sendero que cogimos a la vuelta.\" width=\"753\" height=\"1576\" srcset=\"https:\/\/www.monta\u00f1asdelaluna.es\/wp-content\/uploads\/2002\/03\/valle-de-gistain.jpg 753w, https:\/\/www.monta\u00f1asdelaluna.es\/wp-content\/uploads\/2002\/03\/valle-de-gistain-143x300.jpg 143w, https:\/\/www.monta\u00f1asdelaluna.es\/wp-content\/uploads\/2002\/03\/valle-de-gistain-489x1024.jpg 489w\" sizes=\"auto, (max-width: 753px) 100vw, 753px\" \/><\/a><p id=\"caption-attachment-28376\" class=\"wp-caption-text\">Croquis del recorrido de Plan al Refugio de Viad\u00f3s. Linea Verde: sendero que cogimos a la vuelta.<\/p><\/div>\n<p>La marcha iba a ser tranquila; intern\u00e1ndonos en unos paisajes singulares, hermosos, bellos por una vegetaci\u00f3n exuberante y viva. Al rato empezaba a caer agua-nieve mientras camin\u00e1bamos por unos peque\u00f1os prados descubiertos entre los bosquecillos, con una alfombra de esa nieve reci\u00e9n ca\u00edda. M\u00e1s arriba cog\u00edamos la senda ya m\u00e1s estrecha y con abundante nieve que se internaba entre el bosque de ya empinadas laderas y vertientes m\u00e1s angostas y escarpadas. Peque\u00f1as lagunas salpicaban la zona y sin saberlo bordeamos una de ellas que cubierta por la abundante nieve se asemejaba m\u00e1s a una calva en el bosque que al ib\u00f3n que era. Delante y al fondo pod\u00edamos ver por fin el alto y lejano Collado de Eriste, encajado entre moles de cortadas, lisas y verticales paredes, abruptas y escarpadas laderas. El blanco y marr\u00f3n p\u00e1lido de la roca eran los colores que abundaban all\u00e1 arriba.<\/p>\n<p>M\u00e1s arriba a\u00fan, la abundante nieve y la p\u00e9rdida de la verdadera senda nos hizo pararnos en una especie de mirador, en un mont\u00edculo sin \u00e1rboles en medio del bosque casi en las faldas de las abruptas laderas de Las Espadas y Tuca de Llardaneta. Ya hab\u00edamos andado bastante y el camino a seguir se hac\u00eda m\u00e1s dif\u00edcil por la abundante y blanda nieve. Hac\u00eda el norte-noroeste el paisaje lo protagonizaba el cubierto pico El Mont\u00f3 rodeado de tupidos bosques que llegaban desde donde est\u00e1bamos nosotros hasta sus faldas, cubriendo todo lo que ve\u00edamos del valle. M\u00e1s detr\u00e1s, las peladas y nevosas laderas suaves de las monta\u00f1as cercanas, adem\u00e1s, a la frontera con Francia, nos dec\u00edan que eran las precedentes a las altas cumbres que superaban o se acercaban a los tres mil metros. Unos viejos, altos y secos pinos adornaban esta ventana al Pirineo, al para\u00edso de nieve, soledad, fr\u00edo, roca y vida.<\/p>\n<div id=\"attachment_28314\" style=\"width: 1034px\" class=\"wp-caption aligncenter\"><a class=\"dt-single-image\" href=\"https:\/\/www.monta\u00f1asdelaluna.es\/wp-content\/uploads\/2016\/03\/Posets20-001.jpg\" data-dt-img-description=\"\"><img loading=\"lazy\" decoding=\"async\" aria-describedby=\"caption-attachment-28314\" class=\"wp-image-28314 size-large\" src=\"https:\/\/www.monta\u00f1asdelaluna.es\/wp-content\/uploads\/2016\/03\/Posets20-001-1024x675.jpg\" alt=\"Marcha hac\u00eda el Collado de Eriste\" width=\"1024\" height=\"675\" srcset=\"https:\/\/www.monta\u00f1asdelaluna.es\/wp-content\/uploads\/2016\/03\/Posets20-001-1024x675.jpg 1024w, https:\/\/www.monta\u00f1asdelaluna.es\/wp-content\/uploads\/2016\/03\/Posets20-001-300x198.jpg 300w, https:\/\/www.monta\u00f1asdelaluna.es\/wp-content\/uploads\/2016\/03\/Posets20-001.jpg 1817w\" sizes=\"auto, (max-width: 1024px) 100vw, 1024px\" \/><\/a><p id=\"caption-attachment-28314\" class=\"wp-caption-text\">Marcha hac\u00eda el Collado de Eriste<\/p><\/div>\n<div id=\"attachment_28317\" style=\"width: 1034px\" class=\"wp-caption aligncenter\"><a class=\"dt-single-image\" href=\"https:\/\/www.monta\u00f1asdelaluna.es\/wp-content\/uploads\/2016\/03\/Posets23-001.jpg\" data-dt-img-description=\"\"><img loading=\"lazy\" decoding=\"async\" aria-describedby=\"caption-attachment-28317\" class=\"wp-image-28317 size-large\" src=\"https:\/\/www.monta\u00f1asdelaluna.es\/wp-content\/uploads\/2016\/03\/Posets23-001-1024x677.jpg\" alt=\"El Mont\u00f3 a la izquierda y el Culfreda al fondo cubiertos\" width=\"1024\" height=\"677\" srcset=\"https:\/\/www.monta\u00f1asdelaluna.es\/wp-content\/uploads\/2016\/03\/Posets23-001-1024x677.jpg 1024w, https:\/\/www.monta\u00f1asdelaluna.es\/wp-content\/uploads\/2016\/03\/Posets23-001-300x198.jpg 300w, https:\/\/www.monta\u00f1asdelaluna.es\/wp-content\/uploads\/2016\/03\/Posets23-001.jpg 1819w\" sizes=\"auto, (max-width: 1024px) 100vw, 1024px\" \/><\/a><p id=\"caption-attachment-28317\" class=\"wp-caption-text\">El Mont\u00f3 a la izquierda y el Culfreda al fondo cubiertos<\/p><\/div>\n<p>El grupo se par\u00f3 a comer y beber algo, la marcha no hab\u00eda sido muy larga pero si constante. Cuando ya nos dispon\u00edamos a volver y bajar a Viad\u00f3s, Manolet decide seguir hasta al collado. Quiere subir por aquellas verticales vertientes con piolet en mano y llegar m\u00e1s arriba. Todos se volv\u00edan, as\u00ed que Miguel \u00c1ngel Sala me dijo: \u201cAnda Terr\u00e9s, ve con \u00e9l\u201d. Dando a entender que le acompa\u00f1ara por si se met\u00eda en alg\u00fan l\u00edo. A partir de ah\u00ed nos invadi\u00f3 la soledad. Empezamos a cruzar pendientes muy pronunciadas con mucha menos vegetaci\u00f3n. Por la altura y abrupto del lugar, la vegetaci\u00f3n iba desapareciendo y dando lugar a vertientes rocosas, escarpadas con corredores llenos de abundante y blanda nieve. Manolet se meti\u00f3 por uno de esos empinados corredores del que se asomaban las oscuras y blancuzcas paredes de las monta\u00f1as que lo cerraban, como seracs petrificados que est\u00e1n a punto de caer. Al poco rato, el corredor aunque empinado, no ten\u00eda la dificultad esperada ya que la nieve estaba muy blanda e imped\u00eda el caerte. Manolet no consegu\u00eda subir como si estuviera escalando en hielo, por ello, en cuanto sali\u00f3 del corredor bajo hasta donde me encontraba yo (al pie del corredor) pero por otro lado m\u00e1s f\u00e1cil y decidimos darnos la vuelta y volver a Viad\u00f3s. El ansia aventurera y de adrenalina de Manolet ya estaban satisfechas por hoy, as\u00ed que desandamos nuestros pasos hac\u00eda el refugio. Ahora el valle se abr\u00eda m\u00e1s sobre nosotros, est\u00e1bamos m\u00e1s altos pero el valle segu\u00eda cubierto y cerrado aunque ni nevaba ni llov\u00eda. El tupido y bien conservado bosque de estas laderas del macizo merece m\u00e1s de una menci\u00f3n. Pocos sitios en los Pirineos he visto con esta alfombra de oscuras con\u00edferas tan llamativas, enigm\u00e1ticas y bellas, como las de cualquier gran bosque.<\/p>\n<p>Esa noche cenamos pronto y nos acostamos pronto pues al otro d\u00eda era la subida a la cumbre del Posets, la c\u00faspide m\u00e1s alta entre todas las monta\u00f1as de alrededor que ve\u00edamos y las que no ve\u00edamos, a excepci\u00f3n del alejado y altivo Aneto all\u00e1 en los Montes Malditos.<\/p>\n<div id=\"attachment_28319\" style=\"width: 1034px\" class=\"wp-caption aligncenter\"><a class=\"dt-single-image\" href=\"https:\/\/www.monta\u00f1asdelaluna.es\/wp-content\/uploads\/2016\/03\/Posets25-001.jpg\" data-dt-img-description=\"\"><img loading=\"lazy\" decoding=\"async\" aria-describedby=\"caption-attachment-28319\" class=\"wp-image-28319 size-large\" src=\"https:\/\/www.monta\u00f1asdelaluna.es\/wp-content\/uploads\/2016\/03\/Posets25-001-1024x680.jpg\" alt=\"Joaqu\u00edn y detr\u00e1s el Valle de Gista\u00edn\" width=\"1024\" height=\"680\" srcset=\"https:\/\/www.monta\u00f1asdelaluna.es\/wp-content\/uploads\/2016\/03\/Posets25-001-1024x680.jpg 1024w, https:\/\/www.monta\u00f1asdelaluna.es\/wp-content\/uploads\/2016\/03\/Posets25-001-300x199.jpg 300w, https:\/\/www.monta\u00f1asdelaluna.es\/wp-content\/uploads\/2016\/03\/Posets25-001.jpg 1814w\" sizes=\"auto, (max-width: 1024px) 100vw, 1024px\" \/><\/a><p id=\"caption-attachment-28319\" class=\"wp-caption-text\">Joaqu\u00edn y detr\u00e1s el Valle de Gista\u00edn<\/p><\/div>\n<p>Ya tumbados en nuestras literas y metidos en nuestros sacos empez\u00f3 el concierto&#8230; jam\u00e1s se me olvidar\u00e1 la noche que pas\u00e9, al igual que en la tienda con Antonio Cabrera el profesor, en Irat\u00ed. Los ronquidos eran brutales, exagerados, exasperantes, no cog\u00eda el sue\u00f1o ni por casualidad. El roncador no hac\u00eda caso a las llamadas guturales y chistidos que le hac\u00edamos. La tarde, la noche fue transcurriendo y no pegaba ojo. Era muy molesto y enfermizo. Tuve que salirme a eso de las doce de la noche de la caba\u00f1a y dar una vuelta por los alrededores a ver si me despejaba, pensando en que ma\u00f1ana \u00edbamos a subir al Posets y yo no pod\u00eda dormir y a penas dormir\u00eda. Los ronquidos de Fernando Rovira eran prodigiosos. Despu\u00e9s de medianoche y otra vez metido en la litera me hice unos tapones mordiendo el aislante, pero era in\u00fatil; aquel infernal ruido atravesaba la goma espuma del aislante y llegaba n\u00edtido y desorbitado a mi t\u00edmpano. Era angustioso, ya no s\u00e9 como pas\u00e9 el resto de la noche pero lo cierto es que me despert\u00e9 sin haber dormido nada de nada.<\/p>\n<p>Por la ma\u00f1ana el tiempo hab\u00eda mejorado. El sol del amanecer acariciaba la Sierra de Picaruela al norte noroeste. Aunque con nubes altas, el d\u00eda parec\u00eda prometer. Nos vestimos de monta\u00f1eros, desayunamos y una buena trupe de unas catorce personas emprendimos la subida al Posets el cual se ve\u00eda all\u00e1 arriba, imponente, blanquecino con sus negras rocas. Lo compa\u00f1eros de Alicante, Quique y Jes\u00fas se quejaron de que hay que madrugar m\u00e1s y salir antes para subir una alta monta\u00f1a; y as\u00ed, ellos se quedaron con el hecho de que los monta\u00f1eros de Almorad\u00ed no madrugamos mucho y siempre salimos tarde; cosa que ir\u00eda rectific\u00e1ndose con el paso del tiempo y la experiencia.<\/p>\n<p>Despu\u00e9s de saber por medio del guarda del refugio el sendero que hay que coger para dirigirnos al Posets, salimos con mis dos compa\u00f1eros de Alicante y yo a la cabeza. Siguiendo el GR-11 en direcci\u00f3n a Est\u00f3s y al Collado de Gista\u00edn o CHistau, dej\u00e1bamos \u00e9ste pasando junto a las paredes de una de las Granjas de Viad\u00f3s y en direcci\u00f3n al r\u00edo bajando un poco.<\/p>\n<div id=\"attachment_28333\" style=\"width: 830px\" class=\"wp-caption aligncenter\"><a class=\"dt-single-image\" href=\"https:\/\/www.monta\u00f1asdelaluna.es\/wp-content\/uploads\/2016\/03\/Posets32-001.jpg\" data-dt-img-description=\"\"><img loading=\"lazy\" decoding=\"async\" aria-describedby=\"caption-attachment-28333\" class=\"wp-image-28333 \" src=\"https:\/\/www.monta\u00f1asdelaluna.es\/wp-content\/uploads\/2016\/03\/Posets32-001.jpg\" alt=\"Subiendo el Posets abajo el Refugio de Viad\u00f3s y arriba el Punta Suelza, entre ambos el Mont\u00f3\" width=\"820\" height=\"1225\" srcset=\"https:\/\/www.monta\u00f1asdelaluna.es\/wp-content\/uploads\/2016\/03\/Posets32-001.jpg 1209w, https:\/\/www.monta\u00f1asdelaluna.es\/wp-content\/uploads\/2016\/03\/Posets32-001-201x300.jpg 201w, https:\/\/www.monta\u00f1asdelaluna.es\/wp-content\/uploads\/2016\/03\/Posets32-001-686x1024.jpg 686w\" sizes=\"auto, (max-width: 820px) 100vw, 820px\" \/><\/a><p id=\"caption-attachment-28333\" class=\"wp-caption-text\">Subiendo el Posets abajo el Refugio de Viad\u00f3s y arriba el Punta Suelza, entre ambos el Mont\u00f3<\/p><\/div>\n<p>Cruzamos el r\u00edo y nos internamos en un bosquecillo bordeando un monte redondeado que se interpone entre Viad\u00f3s y la subida al Posets, por su lado izquierdo. La subida ahora era suave. La nieve empezaba a abundar protegida por la frescura y umbr\u00eda del bosque. Al cabo de un rato salimos de \u00e9l a campo abierto empezando a cruzar las primeras laderas del mismo macizo. El d\u00eda se iluminaba cuanto m\u00e1s alto sub\u00eda el sol y nos mostraba una atm\u00f3sfera limpia, sin nubes y radiante ahora. Al fondo sobresal\u00edan, detr\u00e1s nuestro, el Punta Suelza y El Mont\u00f3 casi juntos en la misma direcci\u00f3n de mirada. En esta primera etapa ya se dieron de baja algunos monta\u00f1eros por culpa de que les apretaban las botas y cosas as\u00ed.<\/p>\n<p>Yo me fui quedando atr\u00e1s, de los \u00faltimos, sobre todo al empezar las largas, interminables y empinadas palas de nieve que tiene el Posets por este lado. Sub\u00edas altura muy r\u00e1pido pero el esfuerzo era mayor. La mayor\u00eda de mis compa\u00f1eros me adelantaron pero me iba quedando con los m\u00e1s lentos, as\u00ed de paso, nos anim\u00e1bamos. M\u00e1s arriba el paisaje era espectacular: ahora el Punta Suelza reinaba y gobernaba sobre todo lo que ten\u00eda alrededor. El Mont\u00f3 se hab\u00eda quedado m\u00e1s bajo. El Valle de Gista\u00edn empezaba a dibujar su perfil entre laderas nevadas o limpias de nieve, con el Refugio y Granjas de Viad\u00f3s en el centro y sitio estrat\u00e9gico para ser admirados y admirar. Tras el Punta Suelza unas muy alejadas pero reconocibles monta\u00f1as se dibujaban en la lejan\u00eda: El Monte Perdido y el Cilindro entre otros aparec\u00edan como peque\u00f1os reductos de la verdadera grandeza que son.<\/p>\n<div id=\"attachment_28335\" style=\"width: 1034px\" class=\"wp-caption aligncenter\"><a class=\"dt-single-image\" href=\"https:\/\/www.monta\u00f1asdelaluna.es\/wp-content\/uploads\/2016\/03\/Posets34-001.jpg\" data-dt-img-description=\"\"><img loading=\"lazy\" decoding=\"async\" aria-describedby=\"caption-attachment-28335\" class=\"wp-image-28335 size-large\" src=\"https:\/\/www.monta\u00f1asdelaluna.es\/wp-content\/uploads\/2016\/03\/Posets34-001-1024x674.jpg\" alt=\"Subiendo el Posets delante la Pe\u00f1a l'Ixabre, a la derecha la Punta del Sabre y Bachimala, al fondo izquierda el Culfreda\" width=\"1024\" height=\"674\" srcset=\"https:\/\/www.monta\u00f1asdelaluna.es\/wp-content\/uploads\/2016\/03\/Posets34-001-1024x674.jpg 1024w, https:\/\/www.monta\u00f1asdelaluna.es\/wp-content\/uploads\/2016\/03\/Posets34-001-300x198.jpg 300w, https:\/\/www.monta\u00f1asdelaluna.es\/wp-content\/uploads\/2016\/03\/Posets34-001.jpg 1815w\" sizes=\"auto, (max-width: 1024px) 100vw, 1024px\" \/><\/a><p id=\"caption-attachment-28335\" class=\"wp-caption-text\">Subiendo el Posets delante la Pe\u00f1a l&#8217;Ixabre, a la derecha la Punta del Sabre y Bachimala, al fondo izquierda el Culfreda<\/p><\/div>\n<div id=\"attachment_28336\" style=\"width: 1825px\" class=\"wp-caption aligncenter\"><a class=\"dt-single-image\" href=\"https:\/\/www.monta\u00f1asdelaluna.es\/wp-content\/uploads\/2016\/03\/Posets35-001.jpg\" data-dt-img-description=\"\"><img loading=\"lazy\" decoding=\"async\" aria-describedby=\"caption-attachment-28336\" class=\"wp-image-28336 size-full\" src=\"https:\/\/www.monta\u00f1asdelaluna.es\/wp-content\/uploads\/2016\/03\/Posets35-001.jpg\" alt=\"Arriba la cima del Posets\" width=\"1815\" height=\"1199\" srcset=\"https:\/\/www.monta\u00f1asdelaluna.es\/wp-content\/uploads\/2016\/03\/Posets35-001.jpg 1815w, https:\/\/www.monta\u00f1asdelaluna.es\/wp-content\/uploads\/2016\/03\/Posets35-001-300x198.jpg 300w, https:\/\/www.monta\u00f1asdelaluna.es\/wp-content\/uploads\/2016\/03\/Posets35-001-1024x676.jpg 1024w\" sizes=\"auto, (max-width: 1815px) 100vw, 1815px\" \/><\/a><p id=\"caption-attachment-28336\" class=\"wp-caption-text\">Arriba la cima del Posets<\/p><\/div>\n<p>Algunas peque\u00f1as nubes que luego se iban haciendo m\u00e1s grandes, empezaban a aparecer. Habr\u00eda que subir r\u00e1pido y decidido sin casi parar que el tiempo no nos cambiara y pudi\u00e9ramos disfrutar de la belleza de ese d\u00eda. Los de cola descansamos junto a una roca en mitad de la subida de la pala o de las numerosas palas. La verdad es que el desnivel, como dije anteriormente, era fuerte, del refugio a 1.760 metros a la cumbre de 3.375 metros, ten\u00edamos m\u00e1s de 1.600 metros de diferencia, y se notaba subiendo. Por suerte la huella en la nieve ya estaba hecha y no era muy dif\u00edcil superar la monta\u00f1a en los rincones con nieve blanda. Se apreciaba que los monta\u00f1eros sub\u00edan por aquel recorrido m\u00e1s habitualmente de lo que pens\u00e1bamos. En una parte de nieve algo m\u00e1s dura ayud\u00e9 a Adri\u00e1n Quintana a ponerse los crampones que nunca se los hab\u00eda puesto y nadie le hab\u00eda dicho como pon\u00e9rselos o incluso como utilizarlos. Eso me disgust\u00f3 y le dije que Ram\u00f3n, que era el amigo que lo hab\u00eda metido e iniciado en la monta\u00f1a, le ten\u00eda que haber explicado y ense\u00f1ado algo tan esencial y a la vez delicado como saber ponerse y andar con crampones en la alta monta\u00f1a; una mala utilizaci\u00f3n o colocaci\u00f3n podr\u00edan tener unas consecuencias tr\u00e1gicas en la monta\u00f1a. Un zumo, algo para picar y recuperar fuerzas y para arriba. A\u00fan quedaba un buen trecho hasta la cumbre que ni siquiera ve\u00edamos.<\/p>\n<p>M\u00e1s arriba llegamos a una especie de plataforma algo horizontal y c\u00f3ncava hac\u00eda abajo como el lecho de una peque\u00f1a lagunilla. Desde aqu\u00ed un respiro en el marcado sendero de huellas en la nieve. Ante nosotros ve\u00edamos de nuevo el Posets, el pico, la c\u00faspide sobre su espectacular pared noroeste oeste y sus perfiles abruptos y agrestes. Pod\u00edamos observar a la gente que cruzaba, casi en el aire, la cresta cimera para llegar a lo m\u00e1s alto del Posets. Daba v\u00e9rtigo nada m\u00e1s verlos all\u00e1 arriba, como suspendidos en el aire y enderezados por una extra\u00f1a fuerza de equilibrio. Hac\u00eda el norte pod\u00edamos observar el otro cercano macizo de tres miles que ten\u00eda Viad\u00f3s; el Bachimala con sus agrestes crestas y espolones de la Punta del Sabre, y al fondo, m\u00e1s alejado, el Culfreda en la frontera con Francia.<\/p>\n<div id=\"attachment_28338\" style=\"width: 1034px\" class=\"wp-caption aligncenter\"><a class=\"dt-single-image\" href=\"https:\/\/www.monta\u00f1asdelaluna.es\/wp-content\/uploads\/2016\/03\/Posets37-001.jpg\" data-dt-img-description=\"\"><img loading=\"lazy\" decoding=\"async\" aria-describedby=\"caption-attachment-28338\" class=\"wp-image-28338 size-large\" src=\"https:\/\/www.monta\u00f1asdelaluna.es\/wp-content\/uploads\/2016\/03\/Posets37-001-1024x676.jpg\" alt=\"Subiendo el Posets, la Punta Suelza en el centro izquierda\" width=\"1024\" height=\"676\" srcset=\"https:\/\/www.monta\u00f1asdelaluna.es\/wp-content\/uploads\/2016\/03\/Posets37-001-1024x676.jpg 1024w, https:\/\/www.monta\u00f1asdelaluna.es\/wp-content\/uploads\/2016\/03\/Posets37-001-300x198.jpg 300w, https:\/\/www.monta\u00f1asdelaluna.es\/wp-content\/uploads\/2016\/03\/Posets37-001.jpg 1817w\" sizes=\"auto, (max-width: 1024px) 100vw, 1024px\" \/><\/a><p id=\"caption-attachment-28338\" class=\"wp-caption-text\">Subiendo el Posets, la Punta Suelza en el centro izquierda<\/p><\/div>\n<p>Mirando hac\u00eda atr\u00e1s las nubes ya lo cubr\u00edan todo y le daba una vista incre\u00edble al panorama pirenaico que ten\u00edamos, con el Punta Suelza delante como capit\u00e1n de los ej\u00e9rcitos de monta\u00f1as que llenan aquella parte de la tierra. Algo m\u00e1s atr\u00e1s ve\u00eda a la \u00faltima del grupo, Zaida, que pasico a pasico se iba acercando. Tambi\u00e9n en aquel tramo a Fernando Rovira le entr\u00f3 su \u201cmal de altura particular\u201d acostumbrado y se tuvo que bajar vomitando y con mal estar.<\/p>\n<p>Ya no quedaba mucho hasta coger la cresta cimera para recorrerla y llegar a la cumbre pero, el cansancio, el no haber comido casi nada (como siempre) y el mal dormir que tuve esa noche, hac\u00edan mella en mi ya castigado cuerpo y cada paso me costaba una barbaridad. Antes de llegar al collado desde el que se coge la cresta hab\u00eda un tramo de nieve muy blanda en la que, como siempre, me hund\u00eda m\u00e1s que los dem\u00e1s. Encima estaba algo m\u00e1s inclinado lo cual hac\u00eda que los pasos fueran m\u00e1s amplios, como subiendo una escalera de dos en dos escalones. Claro est\u00e1, yo paraba cada cinco minutos \u00a1No pod\u00eda con mi alma! Me encuentro con Gonzalo que quiere retirarse; despu\u00e9s de animarlo y hacer que, tras m\u00eda, diera unos cuantos pasos m\u00e1s, decide bajarse, estaba cansado y harto. Poco antes Zaida me hab\u00eda adelantado, as\u00ed que yo era el \u00faltimo del grupo descartando aquellos que hab\u00edan desistido y bajado. Me lo tom\u00e9 con filosof\u00eda y paciencia, ya aunque estaba cansado no dej\u00e9 de caminar y subir.<\/p>\n<div id=\"attachment_28337\" style=\"width: 1034px\" class=\"wp-caption aligncenter\"><a class=\"dt-single-image\" href=\"https:\/\/www.monta\u00f1asdelaluna.es\/wp-content\/uploads\/2016\/03\/Posets36-001.jpg\" data-dt-img-description=\"\"><img loading=\"lazy\" decoding=\"async\" aria-describedby=\"caption-attachment-28337\" class=\"wp-image-28337 size-large\" src=\"https:\/\/www.monta\u00f1asdelaluna.es\/wp-content\/uploads\/2016\/03\/Posets36-001-1024x675.jpg\" alt=\"Arriba la cima del Posets\" width=\"1024\" height=\"675\" srcset=\"https:\/\/www.monta\u00f1asdelaluna.es\/wp-content\/uploads\/2016\/03\/Posets36-001-1024x675.jpg 1024w, https:\/\/www.monta\u00f1asdelaluna.es\/wp-content\/uploads\/2016\/03\/Posets36-001-300x198.jpg 300w, https:\/\/www.monta\u00f1asdelaluna.es\/wp-content\/uploads\/2016\/03\/Posets36-001.jpg 1821w\" sizes=\"auto, (max-width: 1024px) 100vw, 1024px\" \/><\/a><p id=\"caption-attachment-28337\" class=\"wp-caption-text\">Arriba la cima del Posets<\/p><\/div>\n<p>Por fin llego al collado entre el Posets o m\u00e1s bien su cresta y el Pico de los Gemelos Ravier. Ya estaba a m\u00e1s de tres mil cien metros y la gente, que sub\u00eda como nosotros, se agolpaba en el lugar para intentar coger la cresta; y digo intentar por que hab\u00eda un \u201cpaso raro\u201d para subir a la encrespada cresta. El hielo y las rocas lisas as\u00ed como unos patios y ca\u00eddas espeluznantes lo hac\u00edan un tanto dif\u00edcil y hasta peligroso, tambi\u00e9n por que era un paso por el que todo el mundo se paraba y se amontonaba, como si fuera el Paso de Mahoma en pleno agosto. Lo cruc\u00e9, despu\u00e9s de haber descansado un poco en el collado y de haber disfrutado de las vistas que desgraciadamente estaban empa\u00f1adas por las abundantes nubes que ya cubr\u00edan la cima y cresta del Posets.<\/p>\n<p>La cresta no era especialmente dif\u00edcil aunque con tramos vertiginosos y s\u00ed bastante a\u00e9rea. Si era la primera vez que hac\u00edas algo as\u00ed o te daban miedo las alturas, se te pon\u00edan los \u201ccojoncillos\u201d por corbata. Recorriendo el principio de la misma cresta me topo con un grupo al que reconozco, son mis compa\u00f1eros, la gran mayor\u00eda de aquellos que salimos de Viad\u00f3s, aunque los alicantinos Jes\u00fas y Quique o estaban ya en la cumbre o a punto de pisarla. La niebla lo cubr\u00eda todo, casi por suerte para no poder ver la tremenda ca\u00edda a cada lado, sobre todo al este por donde bajaba una pared m\u00e1s vertical y vertiginosa que la del lado oeste. Me alegr\u00f3 estar con ellos y as\u00ed no retrasarme como muchas veces. Cruzando juntos, charlando y comentando aquella larguilla, a\u00e9rea y entretenida cresta. Dicha cresta se encontraba, en gran parte, a m\u00e1s de tres mil trescientos metros, ya que el pico o la c\u00faspide m\u00e1s alta del Posets era una simple prolongaci\u00f3n, poco m\u00e1s alta, de la misma cresta. Por fin llegamos al pico, despu\u00e9s de pasos aireados, vertiginosos y una semitrepada nada dif\u00edcil hasta el pil\u00f3n. Nos reunimos con el resto del grupo y todos juntos celebramos la conquista del Posets. Hab\u00edan pasado unas seis horas subi\u00e9ndolo y mereci\u00f3 la pena llegar a la segunda cumbre m\u00e1s alta de los Pirineos. La alegr\u00eda, regocijo y placer de lo realizado con buen t\u00e9rmino se reflejaba en nuestros rostros en la foto de cumbre que Manolet, voluntariamente, nos hizo. Las chicas hab\u00edan hecho cumbre, pasando un fr\u00edo tremendo en sus manos y extremidades, ya que no tra\u00edan ropa demasiado t\u00e9cnica para estas latitudes y altitudes. Hac\u00eda poco que hab\u00edan empezado sus carreras alpin\u00edsticas y se comportaban como aut\u00e9nticas valientes. L\u00e1stima que Fani no siguiera como Zaida y Sara, ten\u00eda grandes aptitudes para el deporte, la escalada y sin duda la monta\u00f1a.<\/p>\n<div id=\"attachment_28339\" style=\"width: 1034px\" class=\"wp-caption aligncenter\"><a class=\"dt-single-image\" href=\"https:\/\/www.monta\u00f1asdelaluna.es\/wp-content\/uploads\/2016\/03\/Posets38-002.jpg\" data-dt-img-description=\"\"><img loading=\"lazy\" decoding=\"async\" aria-describedby=\"caption-attachment-28339\" class=\"wp-image-28339 size-large\" src=\"https:\/\/www.monta\u00f1asdelaluna.es\/wp-content\/uploads\/2016\/03\/Posets38-002-1024x674.jpg\" alt=\"Cresta cimera del Posets\" width=\"1024\" height=\"674\" srcset=\"https:\/\/www.monta\u00f1asdelaluna.es\/wp-content\/uploads\/2016\/03\/Posets38-002-1024x674.jpg 1024w, https:\/\/www.monta\u00f1asdelaluna.es\/wp-content\/uploads\/2016\/03\/Posets38-002-300x198.jpg 300w, https:\/\/www.monta\u00f1asdelaluna.es\/wp-content\/uploads\/2016\/03\/Posets38-002.jpg 1821w\" sizes=\"auto, (max-width: 1024px) 100vw, 1024px\" \/><\/a><p id=\"caption-attachment-28339\" class=\"wp-caption-text\">Cresta cimera del Posets<\/p><\/div>\n<div id=\"attachment_28340\" style=\"width: 1034px\" class=\"wp-caption aligncenter\"><a class=\"dt-single-image\" href=\"https:\/\/www.monta\u00f1asdelaluna.es\/wp-content\/uploads\/2016\/03\/Posets39-001.jpg\" data-dt-img-description=\"\"><img loading=\"lazy\" decoding=\"async\" aria-describedby=\"caption-attachment-28340\" class=\"wp-image-28340 size-large\" src=\"https:\/\/www.monta\u00f1asdelaluna.es\/wp-content\/uploads\/2016\/03\/Posets39-001-1024x674.jpg\" alt=\"Llegando a la cima del Posets\" width=\"1024\" height=\"674\" srcset=\"https:\/\/www.monta\u00f1asdelaluna.es\/wp-content\/uploads\/2016\/03\/Posets39-001-1024x674.jpg 1024w, https:\/\/www.monta\u00f1asdelaluna.es\/wp-content\/uploads\/2016\/03\/Posets39-001-300x198.jpg 300w, https:\/\/www.monta\u00f1asdelaluna.es\/wp-content\/uploads\/2016\/03\/Posets39-001.jpg 1818w\" sizes=\"auto, (max-width: 1024px) 100vw, 1024px\" \/><\/a><p id=\"caption-attachment-28340\" class=\"wp-caption-text\">Llegando a la cima del Posets<\/p><\/div>\n<p>Tambi\u00e9n me impresion\u00f3 la fortaleza de nuestro amigo Adri\u00e1n, que ya me sorprendi\u00f3 en la cumbre del Almanzor el a\u00f1o antes. Nuestro quincuag\u00e9simo amigo hac\u00eda poco, y a su edad, que se hab\u00eda iniciado en el mundo de la monta\u00f1a.<\/p>\n<p>Las nubes segu\u00edan inund\u00e1ndolo todo y muy de vez en cuando alg\u00fan rayo de sol t\u00edmido se asomaba como equivocado entre grises y blancas masas de vapor de agua. Deb\u00edamos bajar, y lo hicimos desandando la misma cresta. Ahora todo el grupo reunido y junto bajar\u00edamos \u201cde la mano\u201d cresta y ladera abajo.<\/p>\n<p>Atr\u00e1s quedaba la vertiginosa cumbre del Posets, sus crestas escarpadas y su solitario pin\u00e1culo en forma de torre cortada en la base; muy bello y agreste como lo es el Pirineo. El grupo nos salpic\u00e1bamos en los tramos de la cresta, levantando los brazos y saludando al flash de cada foto con la sensaci\u00f3n de estar andando casi en el aire.<\/p>\n<div id=\"attachment_28341\" style=\"width: 1034px\" class=\"wp-caption aligncenter\"><a class=\"dt-single-image\" href=\"https:\/\/www.monta\u00f1asdelaluna.es\/wp-content\/uploads\/2016\/03\/Posets40-001.jpg\" data-dt-img-description=\"\"><img loading=\"lazy\" decoding=\"async\" aria-describedby=\"caption-attachment-28341\" class=\"wp-image-28341 size-large\" src=\"https:\/\/www.monta\u00f1asdelaluna.es\/wp-content\/uploads\/2016\/03\/Posets40-001-1024x673.jpg\" alt=\"Cumbre del Posets, 3.375 mts. De izquierda a derecha; de pi\u00e9: Jes\u00fas, Joaqu\u00edn, Quique, Vicente, Miguel \u00c1ngel; sentados: Fani, Adri\u00e1n, Sara, Zaida, Pepe\" width=\"1024\" height=\"673\" srcset=\"https:\/\/www.monta\u00f1asdelaluna.es\/wp-content\/uploads\/2016\/03\/Posets40-001-1024x673.jpg 1024w, https:\/\/www.monta\u00f1asdelaluna.es\/wp-content\/uploads\/2016\/03\/Posets40-001-300x197.jpg 300w, https:\/\/www.monta\u00f1asdelaluna.es\/wp-content\/uploads\/2016\/03\/Posets40-001.jpg 1821w\" sizes=\"auto, (max-width: 1024px) 100vw, 1024px\" \/><\/a><p id=\"caption-attachment-28341\" class=\"wp-caption-text\">Cumbre del Posets, 3.375 mts. De izquierda a derecha; de pi\u00e9: Jes\u00fas, Joaqu\u00edn, Quique, Vicente, Miguel \u00c1ngel; sentados: Fani, Adri\u00e1n, Sara, Zaida, Pepe<\/p><\/div>\n<div id=\"attachment_28342\" style=\"width: 763px\" class=\"wp-caption aligncenter\"><a class=\"dt-single-image\" href=\"https:\/\/www.monta\u00f1asdelaluna.es\/wp-content\/uploads\/2016\/03\/Posets40A-001.jpg\" data-dt-img-description=\"\"><img loading=\"lazy\" decoding=\"async\" aria-describedby=\"caption-attachment-28342\" class=\"wp-image-28342 size-full\" src=\"https:\/\/www.monta\u00f1asdelaluna.es\/wp-content\/uploads\/2016\/03\/Posets40A-001.jpg\" alt=\"Delante Manuel en la cresta ciemra del Posets, atr\u00e1s queda su cima\" width=\"753\" height=\"667\" srcset=\"https:\/\/www.monta\u00f1asdelaluna.es\/wp-content\/uploads\/2016\/03\/Posets40A-001.jpg 753w, https:\/\/www.monta\u00f1asdelaluna.es\/wp-content\/uploads\/2016\/03\/Posets40A-001-300x266.jpg 300w\" sizes=\"auto, (max-width: 753px) 100vw, 753px\" \/><\/a><p id=\"caption-attachment-28342\" class=\"wp-caption-text\">Delante Manuel en la cresta ciemra del Posets, atr\u00e1s queda su cima<\/p><\/div>\n<p>Siguiendo la cresta descubrimos un paso muy empinado, vertiginoso y nevado para bajar antes a la huella de subida y no tener que seguir la cresta evitando aquel \u201cpaso raro\u201d de su principio. Lo descubrimos por que Miguel \u00c1ngel Sala vio gente bajar por este casi escondido y poco utilizado paso, al que unas huellas ya impresas delataban que ya hab\u00eda sido usado. La salida era algo delicada y vertical, y Miguel \u00c1ngel Sala ayud\u00f3 a Zaida a bajar de espaladas y a no tener miedo. La verdad es que o bajabas de espaldas mas seguro o de lado procurando clavar bien el piolet utilizado como apoyo, estaba realmente inclinado y vertical.<\/p>\n<p>M\u00e1s abajo las nubes se abr\u00edan a pesar de lo cubierto que hab\u00eda quedado el d\u00eda. Por entre las monta\u00f1as nevadas se iban reflejando los rayos de sol que las nubes persegu\u00edan y se encargaban de cerrar. As\u00ed, de nuevo en aquella plataforma casi horizontal y c\u00f3ncava, el incre\u00edble paisaje de los fr\u00edos, p\u00e9treos y blancos Pirineos se abr\u00eda ante nosotros como una enorme y espectacular ventana a lo infinito, a lo m\u00e1gico y grandioso. Ya no hab\u00eda tanta prisa. Aprovech\u00e1bamos cada paradita para charlar, conversar y magnificar el resultado de una buena actividad en muy buena compa\u00f1\u00eda.<\/p>\n<p>All\u00e1 abajo, en un rinc\u00f3n del valle, peque\u00f1ito y perdido entre tanta enormidad alrededor, se encontraba el Refugio de Viad\u00f3s; tan lejos como encantador. Parec\u00edamos estar a muchos metros tanto verticales como horizontales de distancia de \u00e9l.<\/p>\n<div id=\"attachment_28344\" style=\"width: 1034px\" class=\"wp-caption aligncenter\"><a class=\"dt-single-image\" href=\"https:\/\/www.monta\u00f1asdelaluna.es\/wp-content\/uploads\/2016\/03\/Posets42-001.jpg\" data-dt-img-description=\"\"><img loading=\"lazy\" decoding=\"async\" aria-describedby=\"caption-attachment-28344\" class=\"wp-image-28344 size-large\" src=\"https:\/\/www.monta\u00f1asdelaluna.es\/wp-content\/uploads\/2016\/03\/Posets42-001-1024x684.jpg\" alt=\"Atr\u00e1s queda la cima del Posets\" width=\"1024\" height=\"684\" srcset=\"https:\/\/www.monta\u00f1asdelaluna.es\/wp-content\/uploads\/2016\/03\/Posets42-001-1024x684.jpg 1024w, https:\/\/www.monta\u00f1asdelaluna.es\/wp-content\/uploads\/2016\/03\/Posets42-001-300x200.jpg 300w, https:\/\/www.monta\u00f1asdelaluna.es\/wp-content\/uploads\/2016\/03\/Posets42-001.jpg 1815w\" sizes=\"auto, (max-width: 1024px) 100vw, 1024px\" \/><\/a><p id=\"caption-attachment-28344\" class=\"wp-caption-text\">Atr\u00e1s queda la cima del Posets<\/p><\/div>\n<div id=\"attachment_28347\" style=\"width: 1034px\" class=\"wp-caption aligncenter\"><a class=\"dt-single-image\" href=\"https:\/\/www.monta\u00f1asdelaluna.es\/wp-content\/uploads\/2016\/03\/Posets45-001.jpg\" data-dt-img-description=\"\"><img loading=\"lazy\" decoding=\"async\" aria-describedby=\"caption-attachment-28347\" class=\"wp-image-28347 size-large\" src=\"https:\/\/www.monta\u00f1asdelaluna.es\/wp-content\/uploads\/2016\/03\/Posets45-001-1024x676.jpg\" alt=\"Por la cresta cimera del Posets\" width=\"1024\" height=\"676\" srcset=\"https:\/\/www.monta\u00f1asdelaluna.es\/wp-content\/uploads\/2016\/03\/Posets45-001-1024x676.jpg 1024w, https:\/\/www.monta\u00f1asdelaluna.es\/wp-content\/uploads\/2016\/03\/Posets45-001-300x198.jpg 300w, https:\/\/www.monta\u00f1asdelaluna.es\/wp-content\/uploads\/2016\/03\/Posets45-001.jpg 1817w\" sizes=\"auto, (max-width: 1024px) 100vw, 1024px\" \/><\/a><p id=\"caption-attachment-28347\" class=\"wp-caption-text\">Por la cresta cimera del Posets<\/p><\/div>\n<p>A mitad de distancia y ya m\u00e1s cerca del bosquecillo del inicio de la subida, paramos en una roca sobresaliente entre las palas de nieve para comer algo; ya que no hab\u00edamos comido nada en todo el d\u00eda. Todos juntos nos deleitamos con los bocados que cada uno se hab\u00eda subido. Yo com\u00ed poco. Por el esfuerzo se me cierra el est\u00f3mago y no me entra nada o muy poca cosa; entonces prefiero descansar y reponer mi cuerpo.<\/p>\n<p>Al rato seguimos la marcha hac\u00eda el refugio. Algunos aprovechamos las suaves pendientes para deslizarnos por ellas como tubo en parque acu\u00e1tico. Muy divertido y de bajada r\u00e1pida y nada costosa; aunque peligroso si no dominas la parada y la direcci\u00f3n&#8230; te puede pasar como a Quique, que con los crampones se enganch\u00f3 y dobl\u00f3 el tobillo con toda la pierna, resinti\u00e9ndose el resto del viaje.<\/p>\n<p>Ya en el refugio, sanos y salvos, celebramos la actividad con una buena cena, una buena charla con aquellos que se quedaron, enhorabuenas, felicitaciones y alguna copa. Pero pronto a dormir, descansar, reponerse y ma\u00f1ana bajar a Plan donde nos esperar\u00eda el autob\u00fas.<\/p>\n<div id=\"attachment_28351\" style=\"width: 1816px\" class=\"wp-caption aligncenter\"><a class=\"dt-single-image\" href=\"https:\/\/www.monta\u00f1asdelaluna.es\/wp-content\/uploads\/2016\/03\/Posets49-002.jpg\" data-dt-img-description=\"\"><img loading=\"lazy\" decoding=\"async\" aria-describedby=\"caption-attachment-28351\" class=\"wp-image-28351 size-full\" src=\"https:\/\/www.monta\u00f1asdelaluna.es\/wp-content\/uploads\/2016\/03\/Posets49-002.jpg\" alt=\"Bajando del Posets, la Pe\u00f1a l'Ixabre a la derecha\" width=\"1806\" height=\"1231\" srcset=\"https:\/\/www.monta\u00f1asdelaluna.es\/wp-content\/uploads\/2016\/03\/Posets49-002.jpg 1806w, https:\/\/www.monta\u00f1asdelaluna.es\/wp-content\/uploads\/2016\/03\/Posets49-002-300x204.jpg 300w, https:\/\/www.monta\u00f1asdelaluna.es\/wp-content\/uploads\/2016\/03\/Posets49-002-1024x698.jpg 1024w\" sizes=\"auto, (max-width: 1806px) 100vw, 1806px\" \/><\/a><p id=\"caption-attachment-28351\" class=\"wp-caption-text\">Bajando del Posets, la Pe\u00f1a l&#8217;Ixabre a la derecha<\/p><\/div>\n<div id=\"attachment_28352\" style=\"width: 1830px\" class=\"wp-caption aligncenter\"><a class=\"dt-single-image\" href=\"https:\/\/www.monta\u00f1asdelaluna.es\/wp-content\/uploads\/2016\/03\/Posets50-001.jpg\" data-dt-img-description=\"\"><img loading=\"lazy\" decoding=\"async\" aria-describedby=\"caption-attachment-28352\" class=\"wp-image-28352 size-full\" src=\"https:\/\/www.monta\u00f1asdelaluna.es\/wp-content\/uploads\/2016\/03\/Posets50-001.jpg\" alt=\"Bajando del Posets, de izquierda a derecha: Fani, Adri\u00e1n, Miguel \u00c1ngel, Zaida y Quique\" width=\"1820\" height=\"1200\" srcset=\"https:\/\/www.monta\u00f1asdelaluna.es\/wp-content\/uploads\/2016\/03\/Posets50-001.jpg 1820w, https:\/\/www.monta\u00f1asdelaluna.es\/wp-content\/uploads\/2016\/03\/Posets50-001-300x198.jpg 300w, https:\/\/www.monta\u00f1asdelaluna.es\/wp-content\/uploads\/2016\/03\/Posets50-001-1024x675.jpg 1024w\" sizes=\"auto, (max-width: 1820px) 100vw, 1820px\" \/><\/a><p id=\"caption-attachment-28352\" class=\"wp-caption-text\">Bajando del Posets, de izquierda a derecha: Fani, Adri\u00e1n, Miguel \u00c1ngel, Zaida y Quique<\/p><\/div>\n<p>Al otro d\u00eda un sol radiante, c\u00e1lido y omnipresente hac\u00eda acto de presencia aquella magn\u00edfica ma\u00f1ana. Recoger el campamento, hacer mochilas, despedirse y la foto en la puerta del refugio con todos los aventureros y aventureras que pasaron unos agradables d\u00edas en aquel lugar. Detr\u00e1s el, ahora siempre, reconocible perfil del Posets y de su macizo con los dem\u00e1s picos. All\u00e1 arriba quedaba la lejana, bella y abrupta cumbre del Posets. Pod\u00edamos observar las palas y seguir la trayectoria del recorrido realizado el d\u00eda anterior. Aunque el pico m\u00e1s sobresaliente y cercano del macizo al Refugio de Viad\u00f3s es Las Espadas y \u00e9ste es el que cre\u00eda yo, desde la primera vez que lo vislumbr\u00e9 en la distancia, era la cumbre del Posets, ya que se ve m\u00e1s alta que la propia cumbre al superponerse a \u00e9sta.<\/p>\n<p>Ya caminando valle abajo seguimos la senda o m\u00e1s bien camino de herradura del GR-11 que se adentra en el maravilloso, bien cuidado y siempre alegre bosque. M\u00e1s abajo el Cotiella poderoso, nevado y bello nos daba la bienvenida antes de llegar a Plan.<\/p>\n<div id=\"attachment_28360\" style=\"width: 1830px\" class=\"wp-caption aligncenter\"><a class=\"dt-single-image\" href=\"https:\/\/www.monta\u00f1asdelaluna.es\/wp-content\/uploads\/2016\/03\/Posets58-001.jpg\" data-dt-img-description=\"\"><img loading=\"lazy\" decoding=\"async\" aria-describedby=\"caption-attachment-28360\" class=\"wp-image-28360 size-full\" src=\"https:\/\/www.monta\u00f1asdelaluna.es\/wp-content\/uploads\/2016\/03\/Posets58-001.jpg\" alt=\"Foto de grupo en el Refugio de Viad\u00f3s\" width=\"1820\" height=\"1192\" srcset=\"https:\/\/www.monta\u00f1asdelaluna.es\/wp-content\/uploads\/2016\/03\/Posets58-001.jpg 1820w, https:\/\/www.monta\u00f1asdelaluna.es\/wp-content\/uploads\/2016\/03\/Posets58-001-300x196.jpg 300w, https:\/\/www.monta\u00f1asdelaluna.es\/wp-content\/uploads\/2016\/03\/Posets58-001-1024x671.jpg 1024w\" sizes=\"auto, (max-width: 1820px) 100vw, 1820px\" \/><\/a><p id=\"caption-attachment-28360\" class=\"wp-caption-text\">Foto de grupo en el Refugio de Viad\u00f3s<\/p><\/div>\n<div id=\"attachment_28361\" style=\"width: 1829px\" class=\"wp-caption aligncenter\"><a class=\"dt-single-image\" href=\"https:\/\/www.monta\u00f1asdelaluna.es\/wp-content\/uploads\/2016\/03\/Posets59-001.jpg\" data-dt-img-description=\"\"><img loading=\"lazy\" decoding=\"async\" aria-describedby=\"caption-attachment-28361\" class=\"wp-image-28361 size-full\" src=\"https:\/\/www.monta\u00f1asdelaluna.es\/wp-content\/uploads\/2016\/03\/Posets59-001.jpg\" alt=\"Bajando a Plan\" width=\"1819\" height=\"1195\" srcset=\"https:\/\/www.monta\u00f1asdelaluna.es\/wp-content\/uploads\/2016\/03\/Posets59-001.jpg 1819w, https:\/\/www.monta\u00f1asdelaluna.es\/wp-content\/uploads\/2016\/03\/Posets59-001-300x197.jpg 300w, https:\/\/www.monta\u00f1asdelaluna.es\/wp-content\/uploads\/2016\/03\/Posets59-001-1024x673.jpg 1024w\" sizes=\"auto, (max-width: 1819px) 100vw, 1819px\" \/><\/a><p id=\"caption-attachment-28361\" class=\"wp-caption-text\">Bajando a Plan<\/p><\/div>\n<p>Desde ese viaje siempre he tenido presente buscar y fotografiar al Posets desde las monta\u00f1as, valles y picos de los Pirineos que visit\u00e9 despu\u00e9s. Tal fue mi impresi\u00f3n, su magia e influjo en m\u00ed. De ser un perfecto desconocido, tanto \u00e9l como el bello Valle de Gista\u00edn o CHistau, a convertirse en lugares de culto monta\u00f1ero, de naturaleza saludable, inh\u00f3spita, maravillosa y muy bella. Sus bosques, pendientes, espolones, crestas, formas&#8230; supongo que de todo un poco forman la parte perfecta de aquello que m\u00e1s anhelas y encuentras sin propon\u00e9rtelo. Fue una gran sorpresa el descubrir aquel maravilloso para\u00edso de roca, nieve, soledad, fr\u00edo y magia.<\/p>\n<p>Por fin en el \u201clujoso\u201d albergue Casa del Notario de As\u00edn de Broto pude dormir c\u00f3modamente, sin ruidos, en paz y contento.<\/p>\n<div id=\"attachment_28375\" style=\"width: 761px\" class=\"wp-caption aligncenter\"><a class=\"dt-single-image\" href=\"https:\/\/www.monta\u00f1asdelaluna.es\/wp-content\/uploads\/2002\/03\/subida-al-posets.jpg\" data-dt-img-description=\"\"><img loading=\"lazy\" decoding=\"async\" aria-describedby=\"caption-attachment-28375\" class=\"wp-image-28375 size-full\" src=\"https:\/\/www.monta\u00f1asdelaluna.es\/wp-content\/uploads\/2002\/03\/subida-al-posets.jpg\" alt=\"Croquis de la ascensi\u00f3n del Posets desde el Refugio de Viad\u00f3s. Linea Verde: Recorrido de aclimataci\u00f3n del d\u00eda anterior a la ascensi\u00f3n\" width=\"751\" height=\"707\" srcset=\"https:\/\/www.monta\u00f1asdelaluna.es\/wp-content\/uploads\/2002\/03\/subida-al-posets.jpg 751w, https:\/\/www.monta\u00f1asdelaluna.es\/wp-content\/uploads\/2002\/03\/subida-al-posets-300x282.jpg 300w\" sizes=\"auto, (max-width: 751px) 100vw, 751px\" \/><\/a><p id=\"caption-attachment-28375\" class=\"wp-caption-text\">Croquis de la ascensi\u00f3n del Posets desde el Refugio de Viad\u00f3s. Linea Verde: Recorrido de aclimataci\u00f3n del d\u00eda anterior a la ascensi\u00f3n<\/p><\/div>\n<p>[vc_separator][\/vc_column_text][\/vc_column][\/vc_row][vc_row][vc_column][vc_empty_space height=\u00bb60px\u00bb][\/vc_column][\/vc_row][vc_row][vc_column][vc_cta h2=\u00bb\u00c1lbum de fotos\u00bb txt_align=\u00bbcenter\u00bb add_button=\u00bbbottom\u00bb btn_title=\u00bbVer fotos\u00bb btn_color=\u00bbwarning\u00bb btn_align=\u00bbcenter\u00bb btn_link=\u00bburl:https%3A%2F%2Fmonta%C3%B1asdelaluna.es%2F%3Fdt_gallery%3Dposets-un-gigante-desconocido-parte-1o-llegada-a-viados-y-aclimatacion-2|title:Posets.%20Un%20gigante%20desconocido.%201%C2%BA%20Parte%3A%20Llegada%20a%20Viad%C3%B3s%20y%20aclimataci%C3%B3n|target:_blank\u00bb css=\u00bb.vc_custom_1625754572050{background-color: #8bc4ed !important;}\u00bb]Puedes ver una 1\u00ba parte de las fotos del relato y actividad en forma de presentaci\u00f3n o individuales pinchando aqui \u00a1No te las pierdas![\/vc_cta][\/vc_column][\/vc_row][vc_row][vc_column][vc_empty_space][\/vc_column][\/vc_row][vc_row][vc_column][vc_cta h2=\u00bb\u00c1lbum de fotos\u00bb txt_align=\u00bbcenter\u00bb add_button=\u00bbbottom\u00bb btn_title=\u00bbVer fotos\u00bb btn_color=\u00bbwarning\u00bb btn_align=\u00bbcenter\u00bb btn_link=\u00bburl:https%3A%2F%2Fmonta%C3%B1asdelaluna.es%2F%3Fdt_gallery%3Dposets-un-gigante-desconocido-parte-1o-llegada-a-viados-y-aclimatacion-2|title:Posets.%20Un%20gigante%20desconocido.%201%C2%BA%20Parte%3A%20Llegada%20a%20Viad%C3%B3s%20y%20aclimataci%C3%B3n|target:_blank\u00bb css=\u00bb.vc_custom_1625754589167{background-color: #8bc4ed !important;}\u00bb]Puedes ver una 2\u00ba parte de las fotos del relato y actividad en forma de presentaci\u00f3n o individuales pinchando aqui \u00a1No te las pierdas![\/vc_cta][\/vc_column][\/vc_row][vc_row][vc_column][vc_empty_space height=\u00bb60px\u00bb][\/vc_column][\/vc_row][vc_row][vc_column width=\u00bb1\/6&#8243;][\/vc_column][vc_column width=\u00bb1\/3&#8243;][vc_raw_html]JTNDaWZyYW1lJTIwc3JjJTNEJTIyaHR0cHMlM0ElMkYlMkZ3d3cubWV0ZW9ibHVlLmNvbSUyRmVzJTJGdGllbXBvJTJGd2lkZ2V0JTJGZGFpbHklMkZnaXN0YSUyNWMzJTI1YWRuX2VzcGElMjVjMyUyNWIxYV8zMTIxMzk0JTNGZ2VvbG9jJTNEZml4ZWQlMjZkYXlzJTNENyUyNnRlbXB1bml0JTNEQ0VMU0lVUyUyNndpbmR1bml0JTNES0lMT01FVEVSX1BFUl9IT1VSJTI2Y29sb3VyZWQlM0Rjb2xvdXJlZCUyNnBpY3RvaWNvbiUzRDElMjZtYXh0ZW1wZXJhdHVyZSUzRDElMjZtaW50ZW1wZXJhdHVyZSUzRDElMjZ3aW5kc3BlZWQlM0QxJTI2d2luZGd1c3QlM0QxJTI2d2luZGRpcmVjdGlvbiUzRDElMjZwcmVjaXBpdGF0aW9uJTNEMSUyNnByZWNpcGl0YXRpb25wcm9iYWJpbGl0eSUzRDElMjZzcG90JTNEMSUyNnByZXNzdXJlJTNEMSUyNmxheW91dCUzRGxpZ2h0JTIyJTIwJTIwZnJhbWVib3JkZXIlM0QlMjIwJTIyJTIwc2Nyb2xsaW5nJTNEJTIyTk8lMjIlMjBhbGxvd3RyYW5zcGFyZW5jeSUzRCUyMnRydWUlMjIlMjBzYW5kYm94JTNEJTIyYWxsb3ctc2FtZS1vcmlnaW4lMjBhbGxvdy1zY3JpcHRzJTIwYWxsb3ctcG9wdXBzJTIyJTIwc3R5bGUlM0QlMjJ3aWR0aCUzQSUyMDM3OHB4JTNCaGVpZ2h0JTNBJTIwNDExcHglMjIlM0UlM0MlMkZpZnJhbWUlM0UlM0NkaXYlM0UlM0MlMjEtLSUyMERPJTIwTk9UJTIwUkVNT1ZFJTIwVEhJUyUyMExJTkslMjAtLSUzRSUzQ2ElMjBocmVmJTNEJTIyaHR0cHMlM0ElMkYlMkZ3d3cubWV0ZW9ibHVlLmNvbSUyRmVzJTJGdGllbXBvJTJGcHJvbm9zdGljbyUyRnNlbWFuYSUyRmdpc3RhJTI1YzMlMjVhZG5fZXNwYSUyNWMzJTI1YjFhXzMxMjEzOTQlM0Z1dG1fc291cmNlJTNEd2VhdGhlcl93aWRnZXQlMjZ1dG1fbWVkaXVtJTNEbGlua3VzJTI2dXRtX2NvbnRlbnQlM0RkYWlseSUyNnV0bV9jYW1wYWlnbiUzRFdlYXRoZXIlMjUyQldpZGdldCUyMiUyMHRhcmdldCUzRCUyMl9ibGFuayUyMiUzRW1ldGVvYmx1ZSUzQyUyRmElM0UlM0MlMkZkaXYlM0U=[\/vc_raw_html][\/vc_column][vc_column width=\u00bb1\/3&#8243;][vc_raw_html]JTNDaWZyYW1lJTIwc3JjJTNEJTIyaHR0cHMlM0ElMkYlMkZ3d3cubWV0ZW9ibHVlLmNvbSUyRmVzJTJGdGllbXBvJTJGd2lkZ2V0JTJGZGFpbHklMkZwaWNvLWRlLXBvc2V0c19lc3BhJTI1YzMlMjViMWFfMzExMzA2NCUzRmdlb2xvYyUzRGZpeGVkJTI2ZGF5cyUzRDclMjZ0ZW1wdW5pdCUzRENFTFNJVVMlMjZ3aW5kdW5pdCUzREtJTE9NRVRFUl9QRVJfSE9VUiUyNmNvbG91cmVkJTNEY29sb3VyZWQlMjZwaWN0b2ljb24lM0QxJTI2bWF4dGVtcGVyYXR1cmUlM0QxJTI2bWludGVtcGVyYXR1cmUlM0QxJTI2d2luZHNwZWVkJTNEMSUyNndpbmRndXN0JTNEMSUyNndpbmRkaXJlY3Rpb24lM0QxJTI2cHJlY2lwaXRhdGlvbiUzRDElMjZwcmVjaXBpdGF0aW9ucHJvYmFiaWxpdHklM0QxJTI2c3BvdCUzRDElMjZwcmVzc3VyZSUzRDElMjZsYXlvdXQlM0RsaWdodCUyMiUyMCUyMGZyYW1lYm9yZGVyJTNEJTIyMCUyMiUyMHNjcm9sbGluZyUzRCUyMk5PJTIyJTIwYWxsb3d0cmFuc3BhcmVuY3klM0QlMjJ0cnVlJTIyJTIwc2FuZGJveCUzRCUyMmFsbG93LXNhbWUtb3JpZ2luJTIwYWxsb3ctc2NyaXB0cyUyMGFsbG93LXBvcHVwcyUyMiUyMHN0eWxlJTNEJTIyd2lkdGglM0ElMjAzNzhweCUzQmhlaWdodCUzQSUyMDQxMXB4JTIyJTNFJTNDJTJGaWZyYW1lJTNFJTNDZGl2JTNFJTNDJTIxLS0lMjBETyUyME5PVCUyMFJFTU9WRSUyMFRISVMlMjBMSU5LJTIwLS0lM0UlM0NhJTIwaHJlZiUzRCUyMmh0dHBzJTNBJTJGJTJGd3d3Lm1ldGVvYmx1ZS5jb20lMkZlcyUyRnRpZW1wbyUyRnByb25vc3RpY28lMkZzZW1hbmElMkZwaWNvLWRlLXBvc2V0c19lc3BhJTI1YzMlMjViMWFfMzExMzA2NCUzRnV0bV9zb3VyY2UlM0R3ZWF0aGVyX3dpZGdldCUyNnV0bV9tZWRpdW0lM0RsaW5rdXMlMjZ1dG1fY29udGVudCUzRGRhaWx5JTI2dXRtX2NhbXBhaWduJTNEV2VhdGhlciUyNTJCV2lkZ2V0JTIyJTIwdGFyZ2V0JTNEJTIyX2JsYW5rJTIyJTNFbWV0ZW9ibHVlJTNDJTJGYSUzRSUzQyUyRmRpdiUzRQ==[\/vc_raw_html][\/vc_column][vc_column width=\u00bb1\/6&#8243;][\/vc_column][\/vc_row]<\/p>\n","protected":false},"excerpt":{"rendered":"<p>[vc_row][vc_column][vc_column_text]A la Semana Santa siguiente del Punta Alta har\u00edamos otro viaje al Pirineo. \u00bfD\u00f3nde ir? Como el Valle de Pineta hab\u00eda otro valle en los mapas, en las gu\u00edas que me llamaba la atenci\u00f3n por su forma, por estar rodeado de grandes macizos pirenaicos, de forma que lo hac\u00edan un valle cerrado al resto de&hellip;<\/p>\n","protected":false},"author":1,"featured_media":28342,"comment_status":"open","ping_status":"open","sticky":false,"template":"","format":"standard","meta":[],"categories":[126],"tags":[],"class_list":["post-28373","post","type-post","status-publish","format-standard","has-post-thumbnail","hentry","category-valle-del-cinca","category-126","description-off"],"_links":{"self":[{"href":"https:\/\/www.monta\u00f1asdelaluna.es\/index.php?rest_route=\/wp\/v2\/posts\/28373","targetHints":{"allow":["GET"]}}],"collection":[{"href":"https:\/\/www.monta\u00f1asdelaluna.es\/index.php?rest_route=\/wp\/v2\/posts"}],"about":[{"href":"https:\/\/www.monta\u00f1asdelaluna.es\/index.php?rest_route=\/wp\/v2\/types\/post"}],"author":[{"embeddable":true,"href":"https:\/\/www.monta\u00f1asdelaluna.es\/index.php?rest_route=\/wp\/v2\/users\/1"}],"replies":[{"embeddable":true,"href":"https:\/\/www.monta\u00f1asdelaluna.es\/index.php?rest_route=%2Fwp%2Fv2%2Fcomments&post=28373"}],"version-history":[{"count":9,"href":"https:\/\/www.monta\u00f1asdelaluna.es\/index.php?rest_route=\/wp\/v2\/posts\/28373\/revisions"}],"predecessor-version":[{"id":50108,"href":"https:\/\/www.monta\u00f1asdelaluna.es\/index.php?rest_route=\/wp\/v2\/posts\/28373\/revisions\/50108"}],"wp:featuredmedia":[{"embeddable":true,"href":"https:\/\/www.monta\u00f1asdelaluna.es\/index.php?rest_route=\/wp\/v2\/media\/28342"}],"wp:attachment":[{"href":"https:\/\/www.monta\u00f1asdelaluna.es\/index.php?rest_route=%2Fwp%2Fv2%2Fmedia&parent=28373"}],"wp:term":[{"taxonomy":"category","embeddable":true,"href":"https:\/\/www.monta\u00f1asdelaluna.es\/index.php?rest_route=%2Fwp%2Fv2%2Fcategories&post=28373"},{"taxonomy":"post_tag","embeddable":true,"href":"https:\/\/www.monta\u00f1asdelaluna.es\/index.php?rest_route=%2Fwp%2Fv2%2Ftags&post=28373"}],"curies":[{"name":"wp","href":"https:\/\/api.w.org\/{rel}","templated":true}]}}