{"id":28595,"date":"2003-04-17T18:03:50","date_gmt":"2003-04-17T18:03:50","guid":{"rendered":"http:\/\/monta\u00f1asdelaluna.com\/?p=28595"},"modified":"2021-07-31T08:23:16","modified_gmt":"2021-07-31T08:23:16","slug":"perdiguero-invernal-desde-la-cabana-de-la-coma","status":"publish","type":"post","link":"https:\/\/www.monta\u00f1asdelaluna.es\/?p=28595","title":{"rendered":"Perdiguero invernal desde la Caba\u00f1a de La Coma"},"content":{"rendered":"<p>[vc_row][vc_column][vc_column_text]Tanto me gust\u00f3 la experiencia vivida, el valle y las monta\u00f1as cercanas a Est\u00f3s, que al a\u00f1o siguiente suger\u00ed al Centro ir en el viaje de Semana Santa a este bonito lugar. Y as\u00ed hicimos. En la Semana Santa del dos mil tres fletamos el acostumbrado autob\u00fas al Pirineo; esta vez al Valle de Benasque, con el albergue en el mismo pueblo.<\/p>\n<p>Un numeroso grupo de monta\u00f1eros y alpinistas formamos esta vez para la actividad de alta monta\u00f1a; con el objetivo de subir, de nuevo, el Perdiguero. Jes\u00fas Andujar, Manolet, Paloma, Adri\u00e1n, \u201cel Mansa\u201d, Ram\u00f3n, Fernando Rovira, Julio, Quique, David, Miguel \u00c1ngel, Antonio Cuartero, Gonzalo, Agust\u00edn y yo formamos el numeroso grupo de aventureros que, cargados con mochilones, tiendas y \u201ckit de supervivencia\u201d nos adentramos valle arriba.<\/p>\n<p>Nuestro objetivo era, como ya he explicado antes, subir el Perdiguero; pero esta vez, en vez de desde el Refugio de Est\u00f3s como hicimos Jes\u00fas y yo, lo har\u00edamos desde un peque\u00f1o pero muy \u00fatil refugio-vivaque llamado Caba\u00f1a de La Coma. Sencillamente pillaba casi de camino en la subida hasta el Collado Ubago del Perdiguero. Aunque oculta tras una ladera, con lo que no se pod\u00eda ver desde el camino y senda a Est\u00f3s, y a la derecha del mismo r\u00edo de Est\u00f3s. Era el lugar casi perfecto en ubicaci\u00f3n para montar el campamento base al Perdiguero; y el lugar id\u00f3neo e id\u00edlico para disfrutar de la \u201csoledad\u201d, naturaleza y belleza de este rinc\u00f3n de los Pirineos.<\/p>\n<div id=\"attachment_28535\" style=\"width: 833px\" class=\"wp-caption aligncenter\"><a class=\"dt-single-image\" href=\"https:\/\/www.monta\u00f1asdelaluna.es\/wp-content\/uploads\/2016\/04\/2003Perdiguero03-001.jpg\" data-dt-img-description=\"\"><img loading=\"lazy\" decoding=\"async\" aria-describedby=\"caption-attachment-28535\" class=\"wp-image-28535 \" src=\"https:\/\/www.monta\u00f1asdelaluna.es\/wp-content\/uploads\/2016\/04\/2003Perdiguero03-001.jpg\" alt=\"Llegando a la Caba\u00f1a del Turmo, arriba el Pico G\u00edas\" width=\"823\" height=\"1219\" srcset=\"https:\/\/www.monta\u00f1asdelaluna.es\/wp-content\/uploads\/2016\/04\/2003Perdiguero03-001.jpg 1220w, https:\/\/www.monta\u00f1asdelaluna.es\/wp-content\/uploads\/2016\/04\/2003Perdiguero03-001-203x300.jpg 203w, https:\/\/www.monta\u00f1asdelaluna.es\/wp-content\/uploads\/2016\/04\/2003Perdiguero03-001-691x1024.jpg 691w\" sizes=\"auto, (max-width: 823px) 100vw, 823px\" \/><\/a><p id=\"caption-attachment-28535\" class=\"wp-caption-text\">Llegando a la Caba\u00f1a del Turmo, arriba el Pico G\u00edas<\/p><\/div>\n<p>A finales del invierno la nieve abundaba en el alto y medio valle de Est\u00f3s. Las nubes y el mal tiempo abordaban las Tucas de Gargallosa y Molseret, y nos hac\u00eda temer por la actividad. A pesar de ello seguimos la romer\u00eda el camino normal a Est\u00f3s para llegar a la Caba\u00f1a del Tormo. Las nubes iban y ven\u00edan al son del viento, pero el sol empez\u00f3 a dominar en el valle acerc\u00e1ndonos ya a la Caba\u00f1a del Tormo en la que la blanca y abundante nieve daba un aspecto fr\u00edo pero bell\u00edsimo a todos los perfiles del valle. Al fondo el Pico G\u00edas y Clarabide reinaban en el valle con sus elegantes vertientes y abruptas cumbres rodeadas de verticales y grises paredes, sobresalientes entre las blancas laderas que bajaban hasta Est\u00f3s.<\/p>\n<p>La idea de ir a la Caba\u00f1a del Tormo es por que desde all\u00ed se vislumbraba mejor el recorrido hasta la Caba\u00f1a de La Coma; y por que es preferible andar un poco m\u00e1s por zona conocida que no perderse por atajos o sendas desconocidas. Desde la Caba\u00f1a del Tormo hasta la de La Coma el recorrido era corto y muy asequible seg\u00fan el mapa. Aunque desde la Caba\u00f1a del Tormo parece que tenemos que desandar camino ya que saltamos a la otra vertiente del r\u00edo y parece que sigamos valle abajo en sentido opuesto al que segu\u00edamos. Pero una vez pasados por unas ruinas de antiguas construcciones y subido una peque\u00f1a pendiente, vemos all\u00e1 abajo, oculta entre los pinos y la pradera nevada, resguardada de todo visitante habitual, el peque\u00f1o pero semicircular tejado de hojalata de la Caba\u00f1a de La Coma. La vista se abr\u00eda valle arriba y m\u00e1s all\u00e1 de las vertientes del G\u00edas y Clarabide, las blancas y nubosas pendientes del Puerto de Chistau o Gista\u00edn; hac\u00eda el sur sureste el bello bosque, suave y misterioso de pino negro y silvestre y m\u00e1s arriba las formidables formas de las Tucas d\u2019Ixeia.<\/p>\n<div id=\"attachment_28536\" style=\"width: 1034px\" class=\"wp-caption aligncenter\"><a class=\"dt-single-image\" href=\"https:\/\/www.monta\u00f1asdelaluna.es\/wp-content\/uploads\/2016\/04\/2003Perdiguero04-001.jpg\" data-dt-img-description=\"\"><img loading=\"lazy\" decoding=\"async\" aria-describedby=\"caption-attachment-28536\" class=\"wp-image-28536 size-large\" src=\"https:\/\/www.monta\u00f1asdelaluna.es\/wp-content\/uploads\/2016\/04\/2003Perdiguero04-001-1024x683.jpg\" alt=\"Llegando a la Caba\u00f1a del Turmo, arriba el Pico G\u00edas\" width=\"1024\" height=\"683\" srcset=\"https:\/\/www.monta\u00f1asdelaluna.es\/wp-content\/uploads\/2016\/04\/2003Perdiguero04-001-1024x683.jpg 1024w, https:\/\/www.monta\u00f1asdelaluna.es\/wp-content\/uploads\/2016\/04\/2003Perdiguero04-001-300x200.jpg 300w, https:\/\/www.monta\u00f1asdelaluna.es\/wp-content\/uploads\/2016\/04\/2003Perdiguero04-001.jpg 1813w\" sizes=\"auto, (max-width: 1024px) 100vw, 1024px\" \/><\/a><p id=\"caption-attachment-28536\" class=\"wp-caption-text\">Llegando a la Caba\u00f1a del Turmo, arriba el Pico G\u00edas<\/p><\/div>\n<p>Casi no vemos la Caba\u00f1a de La Coma. Mirando al mapa deb\u00edamos de verla ya desde un punto determinado de la ladera, pero en un principio no d\u00e1bamos con ella. Al poco rato alguien dijo: \u201c\u00a1Est\u00e1 all\u00ed\u201d! se\u00f1alando un punto ladera abajo, y seguimos hac\u00eda all\u00ed. Yo a\u00fan no la hab\u00eda visto hasta que Adri\u00e1n me se\u00f1al\u00f3 el punto en el que la pinada se convert\u00eda en pradera nevada y la ladera terminaba en una bajada al valle principal.<\/p>\n<p>El tiempo no parec\u00eda mejorar y el fr\u00edo era significante, no demasiado intenso pero insistente. Montamos tres tiendas; pens\u00e1bamos montar m\u00e1s pero al descubrir que el refugio estaba en buenas condiciones para pasar varias noches, decidimos unos cuantos dormir en la parte de arriba pegada casi al techo del mismo. Arriba ve\u00edamos, al otro lado del bosquecillo, la Tuca de Gargallosa y la ruta de subida al pico. Como un centinela guardaba la ruta de subida al Perdiguero.<\/p>\n<div id=\"attachment_28538\" style=\"width: 1034px\" class=\"wp-caption aligncenter\"><a class=\"dt-single-image\" href=\"https:\/\/www.monta\u00f1asdelaluna.es\/wp-content\/uploads\/2016\/04\/2003Perdiguero06-001.jpg\" data-dt-img-description=\"\"><img loading=\"lazy\" decoding=\"async\" aria-describedby=\"caption-attachment-28538\" class=\"wp-image-28538 size-large\" src=\"https:\/\/www.monta\u00f1asdelaluna.es\/wp-content\/uploads\/2016\/04\/2003Perdiguero06-001-1024x681.jpg\" alt=\"Llegando a la Caba\u00f1a de La Coma (se vislumbra su tejado entre los pinos)\" width=\"1024\" height=\"681\" srcset=\"https:\/\/www.monta\u00f1asdelaluna.es\/wp-content\/uploads\/2016\/04\/2003Perdiguero06-001-1024x681.jpg 1024w, https:\/\/www.monta\u00f1asdelaluna.es\/wp-content\/uploads\/2016\/04\/2003Perdiguero06-001-300x200.jpg 300w, https:\/\/www.monta\u00f1asdelaluna.es\/wp-content\/uploads\/2016\/04\/2003Perdiguero06-001.jpg 1817w\" sizes=\"auto, (max-width: 1024px) 100vw, 1024px\" \/><\/a><p id=\"caption-attachment-28538\" class=\"wp-caption-text\">Llegando a la Caba\u00f1a de La Coma (se vislumbra su tejado entre los pinos)<\/p><\/div>\n<p>El poco sol que nos hab\u00eda acompa\u00f1ado ya se iba retirando entre las enormes monta\u00f1as, entre las oscuras o blancas nubes o en el infinito horizonte. El tiempo no mejoraba pero tampoco nos nevaba ni llov\u00eda, pero el fr\u00edo invernal pirenaico segu\u00eda presente entre nuestra piel y nuestros huesos. Las conversaciones antes y despu\u00e9s de la cena se daban por cada rinc\u00f3n del lugar, en cada rinconcillo del refugio. Intentamos, sin \u00e9xito, encender una hoguera decente en la peque\u00f1a chimenea del mismo. \u00c9ramos un grupo unido y comprometido: monta\u00f1eros, amigos, compa\u00f1eros de una pasi\u00f3n en com\u00fan. Los que no se conoc\u00edan, se presentaban; los que ya nos conoc\u00edamos un\u00edamos nuestros lazos con m\u00e1s fuerza. Todo era una convivencia de amistad, felicidad y concordia. Jes\u00fas Andujar conoci\u00f3 a Quique en la monta\u00f1a, ya que iban a ser compa\u00f1eros ese mismo verano de expedici\u00f3n en el Caucaso; junto a Jes\u00fas Santana y a m\u00ed. En una apartada roca, m\u00e1s arriba del Refugio de La Coma, era el lugar donde pod\u00edas hablar y comunicarte con el tel\u00e9fono m\u00f3vil. Curiosamente parec\u00eda ser que en esa \u00fanica roca, como por arte de magia o de alguna especial atracci\u00f3n de las ondas, mensajes y conversaciones pod\u00edan ser recibidos a nuestros tel\u00e9fonos m\u00f3viles.<\/p>\n<div id=\"attachment_28541\" style=\"width: 1034px\" class=\"wp-caption aligncenter\"><a class=\"dt-single-image\" href=\"https:\/\/www.monta\u00f1asdelaluna.es\/wp-content\/uploads\/2016\/04\/2003Perdiguero09-001.jpg\" data-dt-img-description=\"\"><img loading=\"lazy\" decoding=\"async\" aria-describedby=\"caption-attachment-28541\" class=\"wp-image-28541 size-large\" src=\"https:\/\/www.monta\u00f1asdelaluna.es\/wp-content\/uploads\/2016\/04\/2003Perdiguero09-001-1024x684.jpg\" alt=\"Campamento junto a la Caba\u00f1a de La Coma\" width=\"1024\" height=\"684\" srcset=\"https:\/\/www.monta\u00f1asdelaluna.es\/wp-content\/uploads\/2016\/04\/2003Perdiguero09-001-1024x684.jpg 1024w, https:\/\/www.monta\u00f1asdelaluna.es\/wp-content\/uploads\/2016\/04\/2003Perdiguero09-001-300x200.jpg 300w, https:\/\/www.monta\u00f1asdelaluna.es\/wp-content\/uploads\/2016\/04\/2003Perdiguero09-001.jpg 1815w\" sizes=\"auto, (max-width: 1024px) 100vw, 1024px\" \/><\/a><p id=\"caption-attachment-28541\" class=\"wp-caption-text\">Campamento junto a la Caba\u00f1a de La Coma<\/p><\/div>\n<p>Por aquel tiempo yo empezaba o intentaba empezar a salir con Maite Suarez. Antes de coger el autob\u00fas hab\u00eda pasado por su casa para despedirme de ella, y a la vuelta ella me esper\u00f3 y recibi\u00f3 en el lugar donde paraba el autob\u00fas. Fueron unos detalles muy bonitos; y desde aquella roca manten\u00edamos una comunicaci\u00f3n ilusionada en el amor cercano que se aproximaba a nosotros. Entre mandar y recibir mensajes nos acord\u00e1bamos el uno del otro, nos hac\u00edamos ilusiones y nos sent\u00edamos queridos. En medio de aquel fr\u00edo para\u00edso me sent\u00eda una persona afortunada. Me sent\u00eda muy feliz.<\/p>\n<p>La noche la pasamos fatal algunos. No me acordaba de los ronquidos estruendosos de alguno de mis compa\u00f1eros y claro, no hay manera de dormir con un jabal\u00ed pegado a ti. \u00a1Solo nos acordamos de Santa B\u00e1rbara cuando truena! A ver si ya por fin me llevo un par de buenos tapones para los o\u00eddos la pr\u00f3xima vez. Hace fr\u00edo pero en los sacos de plumas a penas se aprecia, y todos en hilera dormimos cerca del techo de la Caba\u00f1a de La Coma.<\/p>\n<div id=\"attachment_28545\" style=\"width: 1034px\" class=\"wp-caption aligncenter\"><a class=\"dt-single-image\" href=\"https:\/\/www.monta\u00f1asdelaluna.es\/wp-content\/uploads\/2016\/04\/2003Perdiguero13-001.jpg\" data-dt-img-description=\"\"><img loading=\"lazy\" decoding=\"async\" aria-describedby=\"caption-attachment-28545\" class=\"wp-image-28545 size-large\" src=\"https:\/\/www.monta\u00f1asdelaluna.es\/wp-content\/uploads\/2016\/04\/2003Perdiguero13-001-1024x685.jpg\" alt=\"Caba\u00f1a de La Coma, en el centro la Tuca de Gargallosa, a la derecha el Perdiguero y a la izquierda el Seil Dera Baquo\" width=\"1024\" height=\"685\" srcset=\"https:\/\/www.monta\u00f1asdelaluna.es\/wp-content\/uploads\/2016\/04\/2003Perdiguero13-001-1024x685.jpg 1024w, https:\/\/www.monta\u00f1asdelaluna.es\/wp-content\/uploads\/2016\/04\/2003Perdiguero13-001-300x201.jpg 300w, https:\/\/www.monta\u00f1asdelaluna.es\/wp-content\/uploads\/2016\/04\/2003Perdiguero13-001.jpg 1812w\" sizes=\"auto, (max-width: 1024px) 100vw, 1024px\" \/><\/a><p id=\"caption-attachment-28545\" class=\"wp-caption-text\">Caba\u00f1a de La Coma, en el centro la Tuca de Gargallosa, a la derecha el Perdiguero y a la izquierda el Seil Dera Baquo<\/p><\/div>\n<p>Al otro d\u00eda nos despertamos justo al amanecer. Ya es de d\u00eda y el cielo aparece despejado pero no muy n\u00edtido. \u00a1Da lo mismo! No hay nubes y el d\u00eda ser\u00e1 perfecto. Los rayos del nuevo sol acarician e iluminan con su color anaranjado la cima, por fin visible, de nuestro objetivo el Perdiguero. Algo m\u00e1s detr\u00e1s el Seil Dera Baquo y entre ambos el majestuoso pilar de la Tuca de Gargallosa, el sol ya iluminaba sus pin\u00e1culos m\u00e1s altos.<\/p>\n<div id=\"attachment_28601\" style=\"width: 646px\" class=\"wp-caption aligncenter\"><a class=\"dt-single-image\" href=\"https:\/\/www.monta\u00f1asdelaluna.es\/wp-content\/uploads\/2003\/04\/Valle-de-Estos-2.jpg\" data-dt-img-description=\"\"><img loading=\"lazy\" decoding=\"async\" aria-describedby=\"caption-attachment-28601\" class=\"wp-image-28601 size-full\" src=\"https:\/\/www.monta\u00f1asdelaluna.es\/wp-content\/uploads\/2003\/04\/Valle-de-Estos-2.jpg\" alt=\"Croquis del recorrido desde el parking del Valle de Est\u00f3s hasta la Caba\u00f1a de La Coma\" width=\"636\" height=\"758\" srcset=\"https:\/\/www.monta\u00f1asdelaluna.es\/wp-content\/uploads\/2003\/04\/Valle-de-Estos-2.jpg 636w, https:\/\/www.monta\u00f1asdelaluna.es\/wp-content\/uploads\/2003\/04\/Valle-de-Estos-2-252x300.jpg 252w\" sizes=\"auto, (max-width: 636px) 100vw, 636px\" \/><\/a><p id=\"caption-attachment-28601\" class=\"wp-caption-text\">Croquis del recorrido desde el parking del Valle de Est\u00f3s hasta la Caba\u00f1a de La Coma<\/p><\/div>\n<p>Despertar, levantarnos, desayunar&#8230; muchas cosas para que este grupo de Almorad\u00ed salga temprano para subir una monta\u00f1a por una vez.<\/p>\n<p>Por fin estamos todos. El sol ilumina ya todo el valle y el d\u00eda es especialmente luminoso y despejado&#8230; aunque sigue haciendo fr\u00edo. Empezamos la subida. Atravesamos el bosquecillo y nos adentramos en una ladera toda nevada. Por suerte y a pesar de la tardanza en la subida, la nieve est\u00e1 en buenas condiciones; en ocasiones tenemos que ponernos los crampones. El sol empieza ya a iluminarnos y las gafas de sol se hacen imprescindibles. Al otro lado del valle las Tucas d\u2019Ixeia, el valle con sus Agujas de Perram\u00f3 y el pico Escorvets nos sorprenden con su belleza blanca, pura y escarpada bajo un cielo azul ara\u00f1ado por alguna banda de blanquecinas nubes altas. Tanto en verano como en invierno las vistas de subida al Perdiguero son especiales, espectaculares, hermosas y placenteras, dando una sensaci\u00f3n de paz, sosiego y a la vez de enormidad y grandeza.<\/p>\n<div id=\"attachment_28550\" style=\"width: 1034px\" class=\"wp-caption aligncenter\"><a class=\"dt-single-image\" href=\"https:\/\/www.monta\u00f1asdelaluna.es\/wp-content\/uploads\/2016\/04\/2003Perdiguero18-001.jpg\" data-dt-img-description=\"\"><img loading=\"lazy\" decoding=\"async\" aria-describedby=\"caption-attachment-28550\" class=\"wp-image-28550 size-large\" src=\"https:\/\/www.monta\u00f1asdelaluna.es\/wp-content\/uploads\/2016\/04\/2003Perdiguero18-001-1024x680.jpg\" alt=\"Quique subiendo al Collado Ubago\" width=\"1024\" height=\"680\" srcset=\"https:\/\/www.monta\u00f1asdelaluna.es\/wp-content\/uploads\/2016\/04\/2003Perdiguero18-001-1024x680.jpg 1024w, https:\/\/www.monta\u00f1asdelaluna.es\/wp-content\/uploads\/2016\/04\/2003Perdiguero18-001-300x199.jpg 300w, https:\/\/www.monta\u00f1asdelaluna.es\/wp-content\/uploads\/2016\/04\/2003Perdiguero18-001.jpg 1820w\" sizes=\"auto, (max-width: 1024px) 100vw, 1024px\" \/><\/a><p id=\"caption-attachment-28550\" class=\"wp-caption-text\">Quique subiendo al Collado Ubago<\/p><\/div>\n<div id=\"attachment_28553\" style=\"width: 1034px\" class=\"wp-caption aligncenter\"><a class=\"dt-single-image\" href=\"https:\/\/www.monta\u00f1asdelaluna.es\/wp-content\/uploads\/2016\/04\/2003Perdiguero21-002.jpg\" data-dt-img-description=\"\"><img loading=\"lazy\" decoding=\"async\" aria-describedby=\"caption-attachment-28553\" class=\"wp-image-28553 size-large\" src=\"https:\/\/www.monta\u00f1asdelaluna.es\/wp-content\/uploads\/2016\/04\/2003Perdiguero21-002-1024x679.jpg\" alt=\"Joaqu\u00edn subiendo al Collado Ubago\" width=\"1024\" height=\"679\" srcset=\"https:\/\/www.monta\u00f1asdelaluna.es\/wp-content\/uploads\/2016\/04\/2003Perdiguero21-002-1024x679.jpg 1024w, https:\/\/www.monta\u00f1asdelaluna.es\/wp-content\/uploads\/2016\/04\/2003Perdiguero21-002-300x199.jpg 300w, https:\/\/www.monta\u00f1asdelaluna.es\/wp-content\/uploads\/2016\/04\/2003Perdiguero21-002.jpg 1817w\" sizes=\"auto, (max-width: 1024px) 100vw, 1024px\" \/><\/a><p id=\"caption-attachment-28553\" class=\"wp-caption-text\">Joaqu\u00edn subiendo al Collado Ubago<\/p><\/div>\n<p>Vamos en busca de Collado Ubago y las laderas de nieve dura se empinan. En medio de aquel manto blanco y duro Quique decide hacerme una foto a contraluz por el contraste de sombras y blancura. Yo no lo veo demasiado claro pero le dejo que lo haga. Ahora debemos seguir bajo las paredes del escarpado y erosionado Perdigueret, ya que al final del mismo se encuentra el Collado Ubago, el cual une y separa el Valle de Est\u00f3s del Valle de Lliterola. Estos \u00faltimos pasos se hacen m\u00e1s lentos. Mi cansancio y el de alguno de mis compa\u00f1eros, se acent\u00faa. El pasado mes de marzo tuve que estar en reposo haciendo musculaci\u00f3n del cuadriceps para poder curarme la rodilla, y ahora me faltaban las fuerzas para subir.<\/p>\n<p>Ya veo a la gente esperando y descansando en el collado. No falta mucho. Por suerte el d\u00eda sigue iluminado por un brillante sol y no parece que se vaya a estropear.<\/p>\n<p>En unas rocas del Collado Ubago vuelvo a contemplar el espectacular paisaje con el Macizo de los Montes Malditos por el abierto Valle de Creg\u00fce\u00f1a y el imponente, cercano, abruto e inexpugnable Perdigueret, ahora todo nevado y blanco. Mis compa\u00f1eros recobran fuerzas, comen, descansan y se complacen con la vista.<\/p>\n<div id=\"attachment_28551\" style=\"width: 1034px\" class=\"wp-caption aligncenter\"><a class=\"dt-single-image\" href=\"https:\/\/www.monta\u00f1asdelaluna.es\/wp-content\/uploads\/2016\/04\/2003Perdiguero19-001.jpg\" data-dt-img-description=\"\"><img loading=\"lazy\" decoding=\"async\" aria-describedby=\"caption-attachment-28551\" class=\"wp-image-28551 size-large\" src=\"https:\/\/www.monta\u00f1asdelaluna.es\/wp-content\/uploads\/2016\/04\/2003Perdiguero19-001-1024x679.jpg\" alt=\"Subiendo al Collado Ubago bajo el Perdigueret\" width=\"1024\" height=\"679\" srcset=\"https:\/\/www.monta\u00f1asdelaluna.es\/wp-content\/uploads\/2016\/04\/2003Perdiguero19-001-1024x679.jpg 1024w, https:\/\/www.monta\u00f1asdelaluna.es\/wp-content\/uploads\/2016\/04\/2003Perdiguero19-001-300x199.jpg 300w, https:\/\/www.monta\u00f1asdelaluna.es\/wp-content\/uploads\/2016\/04\/2003Perdiguero19-001.jpg 1816w\" sizes=\"auto, (max-width: 1024px) 100vw, 1024px\" \/><\/a><p id=\"caption-attachment-28551\" class=\"wp-caption-text\">Subiendo al Collado Ubago bajo el Perdigueret<\/p><\/div>\n<p>La ruta se ve clara: dar la vuelta al espol\u00f3n que baja del Perdiguero, muy f\u00e1cil, y seguir una ladera que se va empinando a medida que avanzas, intercalada entre nieve y piedras sueltas hasta el Hito Este del Perdiguero. Pr\u00e1cticamente es el mismo recorrido que hicimos Jes\u00fas y yo el verano pasado.<\/p>\n<p>Por mi mala forma f\u00edsica debido al mes de reposo anterior, me cuesta un mont\u00f3n subir. Agust\u00edn, al que tambi\u00e9n le cuesta avanzar, se queda conmigo entreteni\u00e9ndonos haci\u00e9ndonos fotos en la empinada subida final al Hito Este del Perdiguero. Poco a poco y a medida que vamos ganando altura, el Pirineo se va abriendo a nuestros ojos y el cielo se va oscureciendo con blanquecinas y grises nubes altas. A\u00fan queda abundante nieve en los macizos y altos valles de los Pirineos y el paisaje es espectacular. La nieve dibuja l\u00edneas entre la negrura y oscuridad de pinos y rocas en las monta\u00f1as; perfila los barrancos, praderas, llanos y a los agrestes picos como si un maravilloso y enorme pincel hubiera querido pintar una obra maestra.<\/p>\n<div id=\"attachment_28554\" style=\"width: 1034px\" class=\"wp-caption aligncenter\"><a class=\"dt-single-image\" href=\"https:\/\/www.monta\u00f1asdelaluna.es\/wp-content\/uploads\/2016\/04\/2003Perdiguero22-001.jpg\" data-dt-img-description=\"\"><img loading=\"lazy\" decoding=\"async\" aria-describedby=\"caption-attachment-28554\" class=\"wp-image-28554 size-large\" src=\"https:\/\/www.monta\u00f1asdelaluna.es\/wp-content\/uploads\/2016\/04\/2003Perdiguero22-001-1024x682.jpg\" alt=\"Collado Ubago, 2.703 mts. Delante el Perdigueret\" width=\"1024\" height=\"682\" srcset=\"https:\/\/www.monta\u00f1asdelaluna.es\/wp-content\/uploads\/2016\/04\/2003Perdiguero22-001-1024x682.jpg 1024w, https:\/\/www.monta\u00f1asdelaluna.es\/wp-content\/uploads\/2016\/04\/2003Perdiguero22-001-300x200.jpg 300w, https:\/\/www.monta\u00f1asdelaluna.es\/wp-content\/uploads\/2016\/04\/2003Perdiguero22-001.jpg 1813w\" sizes=\"auto, (max-width: 1024px) 100vw, 1024px\" \/><\/a><p id=\"caption-attachment-28554\" class=\"wp-caption-text\">Collado Ubago, 2.703 mts. Delante el Perdigueret<\/p><\/div>\n<p>Mis compa\u00f1eros hace tiempo que nos han dejado. Se han adelantado y ya han cruzado y pasado el Hito Este del Perdiguero. Cuando Agust\u00edn y yo llegamos a dicha ante cumbre, el resto de mis compa\u00f1eros ya est\u00e1n llegando a la cima del Perdiguero. Ya solo nos queda subir cumbreando por el filo de la cima hasta los 3.222 metros del Perdiguero. Nos encontramos ya a m\u00e1s de 3.100 metros por lo que ya no queda tanta distancia y esfuerzo.<\/p>\n<p>Este \u00faltimo trayecto que separa la antecima del Hito Este del Perdiguero con la misma cumbre, recorre, espectacular, las cornisas formadas por la acumulaci\u00f3n de nieve en el filo de la f\u00e1cil cresta. La imagen grandiosa que, junto con estas formaciones de nieve, da el Perdiguero nos hace recordar que estamos en una de las monta\u00f1as m\u00e1s altas de los Pirineos, y la m\u00e1s alta del enorme macizo Perdiguero-Luch\u00f3n.<\/p>\n<p>A las nubes altas le acompa\u00f1an ahora nubes medias, preludio de otro cambio de tiempo para empeorar. De vez en cuando, entre estas nubes, los rayos de sol penetran para dar su, tambi\u00e9n original y bella, pincelada de claros y sombras en el ya art\u00edstico paisaje invernal. El fr\u00edo no cesa; nos recuerda que seguimos en invierno, o a finales de \u00e9ste. Casi mejor as\u00ed, ya que el estado de la nieve es casi perfecto.<\/p>\n<div id=\"attachment_28560\" style=\"width: 1034px\" class=\"wp-caption aligncenter\"><a class=\"dt-single-image\" href=\"https:\/\/www.monta\u00f1asdelaluna.es\/wp-content\/uploads\/2016\/04\/2003Perdiguero28-002.jpg\" data-dt-img-description=\"\"><img loading=\"lazy\" decoding=\"async\" aria-describedby=\"caption-attachment-28560\" class=\"wp-image-28560 size-large\" src=\"https:\/\/www.monta\u00f1asdelaluna.es\/wp-content\/uploads\/2016\/04\/2003Perdiguero28-002-1024x678.jpg\" alt=\"Llegando a la cima del Perdiguero\" width=\"1024\" height=\"678\" srcset=\"https:\/\/www.monta\u00f1asdelaluna.es\/wp-content\/uploads\/2016\/04\/2003Perdiguero28-002-1024x678.jpg 1024w, https:\/\/www.monta\u00f1asdelaluna.es\/wp-content\/uploads\/2016\/04\/2003Perdiguero28-002-300x199.jpg 300w, https:\/\/www.monta\u00f1asdelaluna.es\/wp-content\/uploads\/2016\/04\/2003Perdiguero28-002.jpg 1814w\" sizes=\"auto, (max-width: 1024px) 100vw, 1024px\" \/><\/a><p id=\"caption-attachment-28560\" class=\"wp-caption-text\">Llegando a la cima del Perdiguero<\/p><\/div>\n<p>Por fin despu\u00e9s de sortear la cresta cimera con sus cornisas de nieve y sus formaciones heladas, llegamos a la rampa final, a la cumbre del Perdiguero. A la derecha la excepcional pared salpicada de peque\u00f1os neveros le da un toque de majestuosidad al pico. Justo abajo de la pared a\u00fan debe de sobrevivir su peque\u00f1o glaciar pirenaico; enterrado ahora por la nieve que lo alimenta y cuida.<\/p>\n<p>Ya estamos en la cumbre. Me ha costado mucho. \u00a1Como se nota el estar un mes sin hacer nada de ejercicio! Me llega a preocupar un poco; este verano vamos al Elbrus en el Caucaso y no s\u00e9 si me dar\u00e1 tiempo a ponerme en forma. Por suerte mi fuerza de voluntad ser\u00eda m\u00e1s fuerte que la preocupaci\u00f3n. Estamos con todos los compa\u00f1eros; incluso otro grupillo m\u00e1s reducido de gente que tambi\u00e9n ha llegado casi a la vez. Uno de ellos ser\u00eda el que nos hiciera nuestra magn\u00edfica foto de cumbre, en la que todos los \u201calta monta\u00f1eros\u201d del grupo conseguimos conquistar la cumbre del Perdiguero, a excepci\u00f3n de Paloma y Manolet que por motivos de bufetas en los pies y otros \u201camorosos\u201d se quedaron guardando el campamento base con actividades alternativas y de paseo por la monta\u00f1a.<\/p>\n<div id=\"attachment_28561\" style=\"width: 1034px\" class=\"wp-caption aligncenter\"><a class=\"dt-single-image\" href=\"https:\/\/www.monta\u00f1asdelaluna.es\/wp-content\/uploads\/2016\/04\/2003Perdiguero29-001.jpg\" data-dt-img-description=\"\"><img loading=\"lazy\" decoding=\"async\" aria-describedby=\"caption-attachment-28561\" class=\"wp-image-28561 size-large\" src=\"https:\/\/www.monta\u00f1asdelaluna.es\/wp-content\/uploads\/2016\/04\/2003Perdiguero29-001-1024x680.jpg\" alt=\"Perdiguero, 3.222 mts. De izquierda a derecha, arriba, abajo: Antonio Manzanera, Julio, Agust\u00edn, Quique, Gonzalo, Joaqu\u00edn, Ram\u00f3n, Miguel \u00c1ngel, Adri\u00e1n (agachado), Antonio Cuartero, Fernando (agachado), David y Jes\u00fas\" width=\"1024\" height=\"680\" srcset=\"https:\/\/www.monta\u00f1asdelaluna.es\/wp-content\/uploads\/2016\/04\/2003Perdiguero29-001-1024x680.jpg 1024w, https:\/\/www.monta\u00f1asdelaluna.es\/wp-content\/uploads\/2016\/04\/2003Perdiguero29-001-300x199.jpg 300w, https:\/\/www.monta\u00f1asdelaluna.es\/wp-content\/uploads\/2016\/04\/2003Perdiguero29-001.jpg 1812w\" sizes=\"auto, (max-width: 1024px) 100vw, 1024px\" \/><\/a><p id=\"caption-attachment-28561\" class=\"wp-caption-text\">Perdiguero, 3.222 mts. De izquierda a derecha, arriba, abajo: Antonio Manzanera, Julio, Agust\u00edn, Quique, Gonzalo, Joaqu\u00edn, Ram\u00f3n, Miguel \u00c1ngel, Adri\u00e1n (agachado), Antonio Cuartero, Fernando (agachado), David y Jes\u00fas<\/p><\/div>\n<div id=\"attachment_28563\" style=\"width: 1034px\" class=\"wp-caption aligncenter\"><a class=\"dt-single-image\" href=\"https:\/\/www.monta\u00f1asdelaluna.es\/wp-content\/uploads\/2016\/04\/2003Perdiguero31-001.jpg\" data-dt-img-description=\"\"><img loading=\"lazy\" decoding=\"async\" aria-describedby=\"caption-attachment-28563\" class=\"wp-image-28563 size-large\" src=\"https:\/\/www.monta\u00f1asdelaluna.es\/wp-content\/uploads\/2016\/04\/2003Perdiguero31-001-1024x682.jpg\" alt=\"Cima del Perdiguero, 3.222 mts., prepar\u00e1ndonos para bajar\" width=\"1024\" height=\"682\" srcset=\"https:\/\/www.monta\u00f1asdelaluna.es\/wp-content\/uploads\/2016\/04\/2003Perdiguero31-001-1024x682.jpg 1024w, https:\/\/www.monta\u00f1asdelaluna.es\/wp-content\/uploads\/2016\/04\/2003Perdiguero31-001-300x200.jpg 300w, https:\/\/www.monta\u00f1asdelaluna.es\/wp-content\/uploads\/2016\/04\/2003Perdiguero31-001.jpg 1808w\" sizes=\"auto, (max-width: 1024px) 100vw, 1024px\" \/><\/a><p id=\"caption-attachment-28563\" class=\"wp-caption-text\">Cima del Perdiguero, 3.222 mts., prepar\u00e1ndonos para bajar<\/p><\/div>\n<div id=\"attachment_44328\" style=\"width: 2752px\" class=\"wp-caption aligncenter\"><a class=\"dt-single-image\" href=\"https:\/\/www.monta\u00f1asdelaluna.es\/wp-content\/uploads\/2003\/04\/vista-hacia-el-oeste-delante-resto-del-macizo-del-perdiguero-a-la-izquierda-el-seil-dera-baquo-gourgs-blancs-en-el-centro-el-pic-gourdon-a-la-derecha-el-spijeoles-y-pico-belloc-en-segundo-termin.jpg\" data-dt-img-description=\"\"><img loading=\"lazy\" decoding=\"async\" aria-describedby=\"caption-attachment-44328\" class=\"wp-image-44328 size-full\" src=\"https:\/\/www.monta\u00f1asdelaluna.es\/wp-content\/uploads\/2003\/04\/vista-hacia-el-oeste-delante-resto-del-macizo-del-perdiguero-a-la-izquierda-el-seil-dera-baquo-gourgs-blancs-en-el-centro-el-pic-gourdon-a-la-derecha-el-spijeoles-y-pico-belloc-en-segundo-termin.jpg\" alt=\"Vista hacia el oeste. Delante resto del macizo del Perdiguero: a la izquierda el Seil Dera Baquo, Gourgs Blancs, en el centro el Pic Gourdon, a la derecha el Spijeoles y Pico Belloc. En segundo t\u00e9rmino, centro e izquierda el macizo del Bachimala con dicho pico a la izquierda, en el centro el Abeille y a su izquierda el pico Marcos Feliu\" width=\"2742\" height=\"1025\" srcset=\"https:\/\/www.monta\u00f1asdelaluna.es\/wp-content\/uploads\/2003\/04\/vista-hacia-el-oeste-delante-resto-del-macizo-del-perdiguero-a-la-izquierda-el-seil-dera-baquo-gourgs-blancs-en-el-centro-el-pic-gourdon-a-la-derecha-el-spijeoles-y-pico-belloc-en-segundo-termin.jpg 2742w, https:\/\/www.monta\u00f1asdelaluna.es\/wp-content\/uploads\/2003\/04\/vista-hacia-el-oeste-delante-resto-del-macizo-del-perdiguero-a-la-izquierda-el-seil-dera-baquo-gourgs-blancs-en-el-centro-el-pic-gourdon-a-la-derecha-el-spijeoles-y-pico-belloc-en-segundo-termin-300x112.jpg 300w, https:\/\/www.monta\u00f1asdelaluna.es\/wp-content\/uploads\/2003\/04\/vista-hacia-el-oeste-delante-resto-del-macizo-del-perdiguero-a-la-izquierda-el-seil-dera-baquo-gourgs-blancs-en-el-centro-el-pic-gourdon-a-la-derecha-el-spijeoles-y-pico-belloc-en-segundo-termin-1024x383.jpg 1024w\" sizes=\"auto, (max-width: 2742px) 100vw, 2742px\" \/><\/a><p id=\"caption-attachment-44328\" class=\"wp-caption-text\">Vista hacia el oeste. Delante resto del macizo del Perdiguero: a la izquierda el Seil Dera Baquo, Gourgs Blancs, en el centro el Pic Gourdon, a la derecha el Spijeoles y Pico Belloc. En segundo t\u00e9rmino, centro e izquierda el macizo del Bachimala con dicho pico a la izquierda, en el centro el Abeille y a su izquierda el pico Marcos Feliu<\/p><\/div>\n<p>Estamos casi en el centro del Pirineo y el paisaje es soberbio. Puede que sea muy repetitivo al expresar y manifestar con estas letras lo experimentado y visto, pero no me cansar\u00e9 de recordar y ver aquellas fotos hechas a la infinidad blanqui-negra de aquellos Pirineos invernales y fr\u00edos: Montes Malditos, alto Valle de Benasque, Pirineo franc\u00e9s, monta\u00f1as del Valle de Ar\u00e1n, resto del macizo del Perdiguero, el cercano y espectacular macizo del Posets al sur, macizo del Bachimala, macizo de La Munia, macizo del Pic Long y Neouville, y al fondo, casi inapreciable si no sabes reconocer sus caracter\u00edsticos perfiles, el macizo de Las Tres Sorores, Monte Perdido y compa\u00f1\u00eda. Todo iluminado por la blancura y luz de la nieve, por las manchas de rayos de sol de aqu\u00ed y de all\u00e1 que aprovechaban esos espacios entre las nubes para introducirse en este mundo fr\u00edo pero a la vez bell\u00edsimo. Raras veces he visto y ver\u00e9 el Pirineo como en aquella ocasi\u00f3n. Un verdadero lujo para un pirineista inhabitual.<\/p>\n<div id=\"attachment_28565\" style=\"width: 1034px\" class=\"wp-caption aligncenter\"><a class=\"dt-single-image\" href=\"https:\/\/www.monta\u00f1asdelaluna.es\/wp-content\/uploads\/2016\/04\/2003Perdiguero33-001.jpg\" data-dt-img-description=\"\"><img loading=\"lazy\" decoding=\"async\" aria-describedby=\"caption-attachment-28565\" class=\"wp-image-28565 size-large\" src=\"https:\/\/www.monta\u00f1asdelaluna.es\/wp-content\/uploads\/2016\/04\/2003Perdiguero33-001-1024x683.jpg\" alt=\"De vuelta al Hito Este del Perdiguero. Al fondo el Aneto y Pico Maldito los m\u00e1s altos\" width=\"1024\" height=\"683\" srcset=\"https:\/\/www.monta\u00f1asdelaluna.es\/wp-content\/uploads\/2016\/04\/2003Perdiguero33-001-1024x683.jpg 1024w, https:\/\/www.monta\u00f1asdelaluna.es\/wp-content\/uploads\/2016\/04\/2003Perdiguero33-001-300x200.jpg 300w, https:\/\/www.monta\u00f1asdelaluna.es\/wp-content\/uploads\/2016\/04\/2003Perdiguero33-001.jpg 1810w\" sizes=\"auto, (max-width: 1024px) 100vw, 1024px\" \/><\/a><p id=\"caption-attachment-28565\" class=\"wp-caption-text\">De vuelta al Hito Este del Perdiguero. Al fondo el Aneto y Pico Maldito los m\u00e1s altos<\/p><\/div>\n<p>Tomamos algo. Echamos innumerables fotos y regresamos desandando el camino de subida. Con la vista puesta en el majestuoso macizo de los Montes Malditos y el enorme y ahora blanco valle de Creg\u00fce\u00f1a. El Maladeta, Pico Maldito, Aneto y Russell se interpon\u00edan unos a otros como queri\u00e9ndose asomar y salir en la foto; cada uno con sus m\u00e1s elegantes galas: paredes, cimas picudas, barrancos, crester\u00edas&#8230; y bordados por ese manto blanco y esa oscura chaqueta de roca gran\u00edtica. El sol, que se daba cuenta del momento, aprovech\u00f3 para enfocar con sus relucientes rayos de luz a aquellos \u201cartistas\u201d y \u201cmodelos\u201d de aquel hermoso desfile de roca y alturas.<\/p>\n<p>Abajo, en la planicie, despu\u00e9s de pasar por el Collado Ubago y antes de internarnos en el bosquecillo cercano a la Caba\u00f1a de La Coma, un \u00faltimo vistazo al Perdiguero; aunque desde este punto se vislumbra mejor y m\u00e1s cercano el Hito Este, flanqueados por sus abruptos, en\u00e9rgicos y espectaculares centinelas: La Tuca de Gargallosa con su cresta a la cumbre del Perdiguero a la izquierda, y el cercano Perdigueret con el Collado Ubago separ\u00e1ndolo de su padre el Perdiguero. Hac\u00eda el sur las impresionantes Tucas d\u2019Ixeia que separan el Valle de Est\u00f3s y Perram\u00f3 del de Benasque. Impresionantes, altivas y muy escarpadas, nuestros ojos no pod\u00edan apartar la vista de ellas. Bajo un negro nubarr\u00f3n pero iluminadas por algunos rayos de sol daba la impresi\u00f3n de que se debat\u00edan en una batalla por el dominio de aquellos lugares, la luz y la oscuridad.<\/p>\n<div id=\"attachment_28566\" style=\"width: 1034px\" class=\"wp-caption aligncenter\"><a class=\"dt-single-image\" href=\"https:\/\/www.monta\u00f1asdelaluna.es\/wp-content\/uploads\/2016\/04\/2003Perdiguero34-001.jpg\" data-dt-img-description=\"\"><img loading=\"lazy\" decoding=\"async\" aria-describedby=\"caption-attachment-28566\" class=\"wp-image-28566 size-large\" src=\"https:\/\/www.monta\u00f1asdelaluna.es\/wp-content\/uploads\/2016\/04\/2003Perdiguero34-001-1024x679.jpg\" alt=\"Bajando a la Caba\u00f1a de La Coma a la izquierda las Tucas d'Ixeia y a la derecha el Pico Escorvets\" width=\"1024\" height=\"679\" srcset=\"https:\/\/www.monta\u00f1asdelaluna.es\/wp-content\/uploads\/2016\/04\/2003Perdiguero34-001-1024x679.jpg 1024w, https:\/\/www.monta\u00f1asdelaluna.es\/wp-content\/uploads\/2016\/04\/2003Perdiguero34-001-300x199.jpg 300w, https:\/\/www.monta\u00f1asdelaluna.es\/wp-content\/uploads\/2016\/04\/2003Perdiguero34-001.jpg 1813w\" sizes=\"auto, (max-width: 1024px) 100vw, 1024px\" \/><\/a><p id=\"caption-attachment-28566\" class=\"wp-caption-text\">Bajando a la Caba\u00f1a de La Coma a la izquierda las Tucas d&#8217;Ixeia y a la derecha el Pico Escorvets<\/p><\/div>\n<div id=\"attachment_28567\" style=\"width: 1034px\" class=\"wp-caption aligncenter\"><a class=\"dt-single-image\" href=\"https:\/\/www.monta\u00f1asdelaluna.es\/wp-content\/uploads\/2016\/04\/2003Perdiguero35-001.jpg\" data-dt-img-description=\"\"><img loading=\"lazy\" decoding=\"async\" aria-describedby=\"caption-attachment-28567\" class=\"wp-image-28567 size-large\" src=\"https:\/\/www.monta\u00f1asdelaluna.es\/wp-content\/uploads\/2016\/04\/2003Perdiguero35-001-1024x745.jpg\" alt=\"Tucas d'Ixeia\" width=\"1024\" height=\"745\" srcset=\"https:\/\/www.monta\u00f1asdelaluna.es\/wp-content\/uploads\/2016\/04\/2003Perdiguero35-001-1024x745.jpg 1024w, https:\/\/www.monta\u00f1asdelaluna.es\/wp-content\/uploads\/2016\/04\/2003Perdiguero35-001-300x218.jpg 300w, https:\/\/www.monta\u00f1asdelaluna.es\/wp-content\/uploads\/2016\/04\/2003Perdiguero35-001.jpg 1812w\" sizes=\"auto, (max-width: 1024px) 100vw, 1024px\" \/><\/a><p id=\"caption-attachment-28567\" class=\"wp-caption-text\">Tucas d&#8217;Ixeia<\/p><\/div>\n<div id=\"attachment_44329\" style=\"width: 2990px\" class=\"wp-caption aligncenter\"><a class=\"dt-single-image\" href=\"https:\/\/www.monta\u00f1asdelaluna.es\/wp-content\/uploads\/2003\/04\/en-el-centro-el-perdiguero-a-la-izquierda-la-tuca-de-gargallosa-entre-ambos-la-cresta-de-gargallosa-y-el-hito-oeste-del-perdiguero-a-la-derecha-el-collado-ubago-y-perdigueret.jpg\" data-dt-img-description=\"\"><img loading=\"lazy\" decoding=\"async\" aria-describedby=\"caption-attachment-44329\" class=\"wp-image-44329 size-full\" src=\"https:\/\/www.monta\u00f1asdelaluna.es\/wp-content\/uploads\/2003\/04\/en-el-centro-el-perdiguero-a-la-izquierda-la-tuca-de-gargallosa-entre-ambos-la-cresta-de-gargallosa-y-el-hito-oeste-del-perdiguero-a-la-derecha-el-collado-ubago-y-perdigueret.jpg\" alt=\"En el centro el Perdiguero, a la izquierda la Tuca de Gargallosa, entre ambos la Cresta de Gargallosa y el Hito Oeste del Perdiguero; a la derecha el Collado Ubago y Perdigueret\" width=\"2980\" height=\"887\" srcset=\"https:\/\/www.monta\u00f1asdelaluna.es\/wp-content\/uploads\/2003\/04\/en-el-centro-el-perdiguero-a-la-izquierda-la-tuca-de-gargallosa-entre-ambos-la-cresta-de-gargallosa-y-el-hito-oeste-del-perdiguero-a-la-derecha-el-collado-ubago-y-perdigueret.jpg 2980w, https:\/\/www.monta\u00f1asdelaluna.es\/wp-content\/uploads\/2003\/04\/en-el-centro-el-perdiguero-a-la-izquierda-la-tuca-de-gargallosa-entre-ambos-la-cresta-de-gargallosa-y-el-hito-oeste-del-perdiguero-a-la-derecha-el-collado-ubago-y-perdigueret-300x89.jpg 300w, https:\/\/www.monta\u00f1asdelaluna.es\/wp-content\/uploads\/2003\/04\/en-el-centro-el-perdiguero-a-la-izquierda-la-tuca-de-gargallosa-entre-ambos-la-cresta-de-gargallosa-y-el-hito-oeste-del-perdiguero-a-la-derecha-el-collado-ubago-y-perdigueret-1024x305.jpg 1024w\" sizes=\"auto, (max-width: 2980px) 100vw, 2980px\" \/><\/a><p id=\"caption-attachment-44329\" class=\"wp-caption-text\">En el centro el Perdiguero, a la izquierda la Tuca de Gargallosa, entre ambos la Cresta de Gargallosa y el Hito Oeste del Perdiguero; a la derecha el Collado Ubago y Perdigueret<\/p><\/div>\n<p>De nuevo en nuestro particular campo base. Las nubes se retiran a medida que el d\u00eda va llegando a su fin. El crep\u00fasculo ilumina las paredes de las Tucas d\u2019Ixeia que desde las proximidades de la Caba\u00f1a de La Coma tienen otras formas y perfiles pero que no dejan de ser espectaculares y soberbios. El fr\u00edo no se va; y ahora que empieza a despejarse, la noche promete ser fr\u00eda, casi como la anterior o peor. Algunos, Ram\u00f3n y Fernando Rovira, deciden bajarse a Benasque. Puede que no aguanten m\u00e1s fr\u00edo ya o que sencillamente ya est\u00e1n conformes con la actividad que han realizado en el d\u00eda. Me preguntan el camino m\u00e1s corto para volver a la senda del Valle de Est\u00f3s, y yo les explico, seg\u00fan al mapa, que sigan la senda hac\u00eda el este ladera abajo; al contrar\u00edo de c\u00f3mo llegamos a la Caba\u00f1a de La Coma desde la del Tormo; y al rato cruzan el r\u00edo Est\u00f3s (por un supuesto puente) y ya siguen valle abajo por el camino hac\u00eda la carretera Benasque-Hospital y el final del Valle de Est\u00f3s. Al cabo de los d\u00edas, cuando los volv\u00ed a ver en Benasque, me recriminaban que tuvieron que cruzar el r\u00edo sin puente y que se mojaron todo. Yo solo les expliqu\u00e9 lo que ven\u00eda en el mapa \u00a1je, je!<\/p>\n<div id=\"attachment_28599\" style=\"width: 762px\" class=\"wp-caption aligncenter\"><a class=\"dt-single-image\" href=\"https:\/\/www.monta\u00f1asdelaluna.es\/wp-content\/uploads\/2003\/04\/2\u00ba-subida-perdiguero.jpg\" data-dt-img-description=\"\"><img loading=\"lazy\" decoding=\"async\" aria-describedby=\"caption-attachment-28599\" class=\"wp-image-28599 size-full\" src=\"https:\/\/www.monta\u00f1asdelaluna.es\/wp-content\/uploads\/2003\/04\/2\u00ba-subida-perdiguero.jpg\" alt=\"Croquis de la ascensi\u00f3n al Perdiguero desde la Caba\u00f1a de La Coma\" width=\"752\" height=\"879\" srcset=\"https:\/\/www.monta\u00f1asdelaluna.es\/wp-content\/uploads\/2003\/04\/2\u00ba-subida-perdiguero.jpg 752w, https:\/\/www.monta\u00f1asdelaluna.es\/wp-content\/uploads\/2003\/04\/2\u00ba-subida-perdiguero-257x300.jpg 257w\" sizes=\"auto, (max-width: 752px) 100vw, 752px\" \/><\/a><p id=\"caption-attachment-28599\" class=\"wp-caption-text\">Croquis de la ascensi\u00f3n al Perdiguero desde la Caba\u00f1a de La Coma<\/p><\/div>\n<p>No s\u00e9 si hab\u00edamos cenado o \u00edbamos a cenar, yo me acerqu\u00e9 a aquella roca grande y solitaria que hac\u00eda de recepcionista de las ondas de telefon\u00eda m\u00f3vil. \u00a1A\u00fan no me explico como solo se pod\u00eda llamar y mandar mensajes en esos dos metros de espacio que ocupaba la roca! de casi todos los alrededores. Encend\u00eda el m\u00f3vil apagado por la r\u00e1pida descarga de las bater\u00edas por el fr\u00edo, y esperaba a que me llegaran los mensajes. Alguna llamada perdida y mensajes de Maite que me alegraban y llenaban mi coraz\u00f3n de amor. Alguna llamada y escuchar su voz con aquel acento tan peculiar franc\u00e9s y casi sensual. \u00a1Que bonito! que haya alguien especial que se acuerde de ti en aquellos lugares tan fr\u00edos. \u00a1Que bonito! poder expresar mis sentimientos, alegr\u00edas y experiencias en menos de 30 palabras. Pero m\u00e1s bonito es saber que ella los est\u00e1 recibiendo con la misma ilusi\u00f3n que yo.<\/p>\n<div id=\"attachment_28569\" style=\"width: 1034px\" class=\"wp-caption aligncenter\"><a class=\"dt-single-image\" href=\"https:\/\/www.monta\u00f1asdelaluna.es\/wp-content\/uploads\/2016\/04\/2003Perdiguero38-002.jpg\" data-dt-img-description=\"\"><img loading=\"lazy\" decoding=\"async\" aria-describedby=\"caption-attachment-28569\" class=\"wp-image-28569 size-large\" src=\"https:\/\/www.monta\u00f1asdelaluna.es\/wp-content\/uploads\/2016\/04\/2003Perdiguero38-002-1024x684.jpg\" alt=\"Gonzalo, David y Antonio Manzanera en la Caba\u00f1a de La Coma, detr\u00e1s la Tuca de Gargallosa\" width=\"1024\" height=\"684\" srcset=\"https:\/\/www.monta\u00f1asdelaluna.es\/wp-content\/uploads\/2016\/04\/2003Perdiguero38-002-1024x684.jpg 1024w, https:\/\/www.monta\u00f1asdelaluna.es\/wp-content\/uploads\/2016\/04\/2003Perdiguero38-002-300x200.jpg 300w, https:\/\/www.monta\u00f1asdelaluna.es\/wp-content\/uploads\/2016\/04\/2003Perdiguero38-002.jpg 1813w\" sizes=\"auto, (max-width: 1024px) 100vw, 1024px\" \/><\/a><p id=\"caption-attachment-28569\" class=\"wp-caption-text\">Gonzalo, David y Antonio Manzanera en la Caba\u00f1a de La Coma, detr\u00e1s la Tuca de Gargallosa<\/p><\/div>\n<p>Por la tarde una inesperada conversaci\u00f3n y \u201ccuentacuentos\u201d a cargo de Julio. Andanzas y desandanzas, amor\u00edos y desamor\u00edos\u00a0 de un \u201cgranaino\u201d en la Vega Baja. Est\u00e1bamos todos expectantes a sus historias. Pocas veces me habr\u00e9 podido re\u00edr tanto y en compa\u00f1\u00eda de tanta gente como en la Caba\u00f1a de La Coma del Valle de Est\u00f3s. Aunque el recuerdo de sus historias y palabras es fugaz, el momento, las risas, carcajadas y alegr\u00edas perviven siempre en mi memoria y en mi coraz\u00f3n. \u00a1Que gracia tiene este \u201cgranaino\u201d! A partir de entonces y por m\u00e1s ocasiones y experiencias vividas con \u00e9l, Julio se convertir\u00eda en una persona especial para el grupo. Que risa nada m\u00e1s el recordarlo&#8230; a veces la vida se compone de peque\u00f1os momentos como ese&#8230; y si no fuera por ellos, la vida no tendr\u00eda el mismo sentido. A veces hay que recordarlos en los momentos en los que te encuentras hundido, para darte cuenta de que la vida es un sue\u00f1o (como dijo Calder\u00f3n de La Barca) en el que no merece pasarlo ni estar mal.<\/p>\n<p>Ya anochece. Los plumas, los gorros, chaquetas y guantes se hacen ahora imprescindibles, a pesar de los m\u00e1gicos momentos de risas y alegr\u00edas, el fr\u00edo es un imperativo fuerte en ese momento. Miguel \u00c1ngel se ha torcido el tobillo o lo tiene da\u00f1ado y con una bolsa llena de nieve, se la coloca en el pie desnudo en la zona hinchada para rebajar la molestia. Ahora son las conversaciones de estos pr\u00f3ximos viajes, de lugares que visitar, monta\u00f1as que subir, pa\u00edses que encontrar, es la nota dominante. La sombra del Elbrus se cierne sobre nuestras mentes \u00bf\u00a1Todo saldr\u00e1 bien!? Habr\u00e1 que intentarlo ya que vamos.<\/p>\n<div id=\"attachment_28573\" style=\"width: 1034px\" class=\"wp-caption aligncenter\"><a class=\"dt-single-image\" href=\"https:\/\/www.monta\u00f1asdelaluna.es\/wp-content\/uploads\/2016\/04\/2003Perdiguero42-002.jpg\" data-dt-img-description=\"\"><img loading=\"lazy\" decoding=\"async\" aria-describedby=\"caption-attachment-28573\" class=\"wp-image-28573 size-large\" src=\"https:\/\/www.monta\u00f1asdelaluna.es\/wp-content\/uploads\/2016\/04\/2003Perdiguero42-002-1024x682.jpg\" alt=\"Camino del Refugio de Est\u00f3s\" width=\"1024\" height=\"682\" srcset=\"https:\/\/www.monta\u00f1asdelaluna.es\/wp-content\/uploads\/2016\/04\/2003Perdiguero42-002-1024x682.jpg 1024w, https:\/\/www.monta\u00f1asdelaluna.es\/wp-content\/uploads\/2016\/04\/2003Perdiguero42-002-300x200.jpg 300w, https:\/\/www.monta\u00f1asdelaluna.es\/wp-content\/uploads\/2016\/04\/2003Perdiguero42-002.jpg 1815w\" sizes=\"auto, (max-width: 1024px) 100vw, 1024px\" \/><\/a><p id=\"caption-attachment-28573\" class=\"wp-caption-text\">Camino del Refugio de Est\u00f3s<\/p><\/div>\n<p>La noche en los sacos, un calco de la anterior, para que contar y recordar m\u00e1s al se\u00f1or jabal\u00ed. Al otro d\u00eda la gente est\u00e1 cansada o a gusto en sus sacos y no quieren salir de ellos. Nos levantamos tarde. Estamos de vacaciones \u00bfno? El d\u00eda aparece s\u00faper despejado, aunque no por toda la ma\u00f1ana, y el Perdigueret, Perdiguero, Tuca de Gargallosa y Seil Dera Baquo nos ofrecen sus mejores perfiles, bellos, elegantes y altivos iluminados por el radiante sol de la ma\u00f1ana, y nos enardecen con sus presencias. A lo largo de la ma\u00f1ana y del d\u00eda el tiempo empeorar\u00e1 dando gracias a que no lo hizo el d\u00eda anterior de la subida al Perdiguero.<\/p>\n<p>No sab\u00edamos muy bien que hacer, pero al final decidimos desmontarlo todo, dejar de pasar m\u00e1s fr\u00edo en aquel lugar pero no bajar de la monta\u00f1a; dirigirnos al espacioso y acogedor Refugio de Est\u00f3s en una marcha tranquila pero pesada por el cansancio de ayer, el mochil\u00f3n y mis botas pl\u00e1sticas.<\/p>\n<p>Emprendimos el camino de regreso desandando nuestros pasos hac\u00eda la Caba\u00f1a del Tormo. El d\u00eda estaba empeorando por momentos; las nubes ya cubr\u00edan la Tuca de Gargallosa, Seil Dera Baquo y poco a poco Molseret. El valle era encantador con estos colores sombr\u00edos y a la vez tan vivos. Ya en la Caba\u00f1a del Tormo cogimos el sendero GR-11 hac\u00eda arriba y hac\u00eda el este, hac\u00eda el Refugio de Est\u00f3s. A medida que sub\u00edamos valle arriba la nieve era m\u00e1s abundante y el cielo se oscurec\u00eda m\u00e1s. La nieve o la lluvia no tardar\u00eda en aparecer en aquel d\u00eda.<\/p>\n<div id=\"attachment_28574\" style=\"width: 1034px\" class=\"wp-caption aligncenter\"><a class=\"dt-single-image\" href=\"https:\/\/www.monta\u00f1asdelaluna.es\/wp-content\/uploads\/2016\/04\/2003Perdiguero43-001.jpg\" data-dt-img-description=\"\"><img loading=\"lazy\" decoding=\"async\" aria-describedby=\"caption-attachment-28574\" class=\"wp-image-28574 size-large\" src=\"https:\/\/www.monta\u00f1asdelaluna.es\/wp-content\/uploads\/2016\/04\/2003Perdiguero43-001-1024x683.jpg\" alt=\"Camino del Refugio de Est\u00f3s\" width=\"1024\" height=\"683\" srcset=\"https:\/\/www.monta\u00f1asdelaluna.es\/wp-content\/uploads\/2016\/04\/2003Perdiguero43-001-1024x683.jpg 1024w, https:\/\/www.monta\u00f1asdelaluna.es\/wp-content\/uploads\/2016\/04\/2003Perdiguero43-001-300x200.jpg 300w, https:\/\/www.monta\u00f1asdelaluna.es\/wp-content\/uploads\/2016\/04\/2003Perdiguero43-001.jpg 1812w\" sizes=\"auto, (max-width: 1024px) 100vw, 1024px\" \/><\/a><p id=\"caption-attachment-28574\" class=\"wp-caption-text\">Camino del Refugio de Est\u00f3s<\/p><\/div>\n<div id=\"attachment_28575\" style=\"width: 1034px\" class=\"wp-caption aligncenter\"><a class=\"dt-single-image\" href=\"https:\/\/www.monta\u00f1asdelaluna.es\/wp-content\/uploads\/2016\/04\/2003Perdiguero44-001.jpg\" data-dt-img-description=\"\"><img loading=\"lazy\" decoding=\"async\" aria-describedby=\"caption-attachment-28575\" class=\"wp-image-28575 size-large\" src=\"https:\/\/www.monta\u00f1asdelaluna.es\/wp-content\/uploads\/2016\/04\/2003Perdiguero44-001-1024x682.jpg\" alt=\"Llegando al Refugio de Est\u00f3s\" width=\"1024\" height=\"682\" srcset=\"https:\/\/www.monta\u00f1asdelaluna.es\/wp-content\/uploads\/2016\/04\/2003Perdiguero44-001-1024x682.jpg 1024w, https:\/\/www.monta\u00f1asdelaluna.es\/wp-content\/uploads\/2016\/04\/2003Perdiguero44-001-300x200.jpg 300w, https:\/\/www.monta\u00f1asdelaluna.es\/wp-content\/uploads\/2016\/04\/2003Perdiguero44-001.jpg 1819w\" sizes=\"auto, (max-width: 1024px) 100vw, 1024px\" \/><\/a><p id=\"caption-attachment-28575\" class=\"wp-caption-text\">Llegando al Refugio de Est\u00f3s<\/p><\/div>\n<p>Subido en un alto risco como si de una fortaleza que otea a sus hu\u00e9spedes que se aproximan por el sendero se\u00f1alado se tratara, apareci\u00f3 el fenomenal Refugio de Est\u00f3s. Grande y austero pero acogedor y c\u00f3modo, situado estrat\u00e9gicamente en un punto del valle mezcl\u00e1ndose con los colores de las rocas y los \u00e1rboles. La marcha no dur\u00f3 demasiado, no lleg\u00f3 a dos horas hasta el refugio. Dejamos la incomodidad, el fr\u00edo y el insomnio de la Caba\u00f1a de La Coma, para disfrutar de las comodidades de un refugio de alta monta\u00f1a. Al poco tiempo de llegar a \u00e9l, la nieve empez\u00f3 a caer de una manera t\u00edmida pero hipnotizante y m\u00e1gica, como siempre lo suele hacer para un hombre de tierras c\u00e1lidas como yo. A partir de aqu\u00ed las risas, juegos, celebraciones, fotos, muestras de amistad, bromas&#8230; era lo que predominaba. Todo un mundo de compa\u00f1erismo, felicidad, alegr\u00eda con tus amigos, con el lugar que te rodea y con la Tierra al fin y al cabo. No piensas en los desastres, desgracias, problemas, iras, odios&#8230; nada de eso. Por unos d\u00edas olvidas o minimizas en tu cerebro aquellas preocupaciones y dolencias que tengas, y exaltas la alegr\u00eda del compa\u00f1erismo en el entorno en que te encuentras, el esfuerzo por la meta conseguida, la belleza, la paz&#8230; aqu\u00ed es cuando te das cuenta, como en muchas otras situaciones parecidas, que formas parte de la Tierra y del Universo, y que todo en concordancia y equilibrio te hace sentirte libre, fuerte, poderoso, humano y vivo&#8230; muy vivo.<\/p>\n<div id=\"attachment_28579\" style=\"width: 1034px\" class=\"wp-caption aligncenter\"><a class=\"dt-single-image\" href=\"https:\/\/www.monta\u00f1asdelaluna.es\/wp-content\/uploads\/2016\/04\/2003Perdiguero48-001.jpg\" data-dt-img-description=\"\"><img loading=\"lazy\" decoding=\"async\" aria-describedby=\"caption-attachment-28579\" class=\"wp-image-28579 size-large\" src=\"https:\/\/www.monta\u00f1asdelaluna.es\/wp-content\/uploads\/2016\/04\/2003Perdiguero48-001-1024x682.jpg\" alt=\"Nevando en el Refugio de Est\u00f3s\" width=\"1024\" height=\"682\" srcset=\"https:\/\/www.monta\u00f1asdelaluna.es\/wp-content\/uploads\/2016\/04\/2003Perdiguero48-001-1024x682.jpg 1024w, https:\/\/www.monta\u00f1asdelaluna.es\/wp-content\/uploads\/2016\/04\/2003Perdiguero48-001-300x200.jpg 300w, https:\/\/www.monta\u00f1asdelaluna.es\/wp-content\/uploads\/2016\/04\/2003Perdiguero48-001.jpg 1817w\" sizes=\"auto, (max-width: 1024px) 100vw, 1024px\" \/><\/a><p id=\"caption-attachment-28579\" class=\"wp-caption-text\">Nevando en el Refugio de Est\u00f3s<\/p><\/div>\n<p>A la hora de la cena y con algunas botellas de vino para amenizar al cerebro y soltar la lengua, nuestro maestro de ceremonias, Julio, sigui\u00f3 con su gracioso repertorio de chistes, bromas e historias al estilo andaluz \u201cgranaino\u201d haci\u00e9ndonos desencajar la mand\u00edbula y que nos doliera los mofletes de tanto re\u00edrnos. Despu\u00e9s salimos a la terraza del refugio en plena noche para disfrutar a\u00fan m\u00e1s del teatro de la Tierra: oscuridad de la noche, fr\u00edo, nieve que cae min\u00fascula y simp\u00e1tica, palabras con los amigos, risas, amistad y amor&#8230; a veces es dif\u00edcil describir unos sentimientos tan vivos y profundos como aquellos, ahora que estoy sentado seis a\u00f1os despu\u00e9s en la mesa de mi comedor con el coraz\u00f3n destrozado, el \u00e1nimo por los suelos y un futuro tan incierto como nunca lo he llegado a ver&#8230; pero s\u00e9 cuando me sent\u00ed verdaderamente feliz, se que lo viv\u00ed y lo goc\u00e9, por que por muy mal que pueda estar, siempre qued\u00f3 algo que me cal\u00f3 muy hondo en una parte de mi coraz\u00f3n, y se que nunca se borrar\u00e1. Es una de las cosas que me ayudan a luchar d\u00eda a d\u00eda, por que anhelo volver a sentirlas y volver a estar en paz, concordancia y equilibrio con mi coraz\u00f3n, mi alma y con el alma de la Tierra.<\/p>\n<p>La noche en Est\u00f3s no fue igual que en la Caba\u00f1a de La Coma, con literas, colchones, calor&#8230; m\u00e1s comodidad, aunque nos sigui\u00f3 y se qued\u00f3 con nosotros el mismo jabal\u00ed que hablaba en mitad de la noche y no me dejaba dormir. Dos o tres a\u00f1os despu\u00e9s nunca se me olvidar\u00edan los tapones para los o\u00eddos.<\/p>\n<div id=\"attachment_28577\" style=\"width: 1034px\" class=\"wp-caption aligncenter\"><a class=\"dt-single-image\" href=\"https:\/\/www.monta\u00f1asdelaluna.es\/wp-content\/uploads\/2016\/04\/2003Perdiguero46-001.jpg\" data-dt-img-description=\"\"><img loading=\"lazy\" decoding=\"async\" aria-describedby=\"caption-attachment-28577\" class=\"wp-image-28577 size-large\" src=\"https:\/\/www.monta\u00f1asdelaluna.es\/wp-content\/uploads\/2016\/04\/2003Perdiguero46-001-1024x685.jpg\" alt=\"Miguel \u00c1ngel, Gonzalo y Manuel detr\u00e1s, y Joaqu\u00edn y Adri\u00e1n delante en las taquillas del Refugio de Est\u00f3s\" width=\"1024\" height=\"685\" srcset=\"https:\/\/www.monta\u00f1asdelaluna.es\/wp-content\/uploads\/2016\/04\/2003Perdiguero46-001-1024x685.jpg 1024w, https:\/\/www.monta\u00f1asdelaluna.es\/wp-content\/uploads\/2016\/04\/2003Perdiguero46-001-300x201.jpg 300w, https:\/\/www.monta\u00f1asdelaluna.es\/wp-content\/uploads\/2016\/04\/2003Perdiguero46-001.jpg 1805w\" sizes=\"auto, (max-width: 1024px) 100vw, 1024px\" \/><\/a><p id=\"caption-attachment-28577\" class=\"wp-caption-text\">Miguel \u00c1ngel, Gonzalo y Manuel detr\u00e1s, y Joaqu\u00edn y Adri\u00e1n delante en las taquillas del Refugio de Est\u00f3s<\/p><\/div>\n<p>Al otro d\u00eda ya hab\u00eda que bajar a Benasque, pero sin prisas ni atropellos. David y \u201cel mansa\u201d decidieron salir m\u00e1s temprano y subir valle arriba por la senda GR-11 que sigue por detr\u00e1s del refugio hac\u00eda el famoso Puerto de Chistau o Gista\u00edn. No tardaron mucho en ir y volver, cont\u00e1ndonos la abundante y blanda nieve que hab\u00eda en la zona. El mal tempo segu\u00eda dominando el valle, m\u00e1s tapado que nunca, y ahora si, ahora no, ca\u00eda esa fina nieve, agua nieve o lluvia seg\u00fan lo alto que te encontraras en el valle. La marcha hasta Benasque promet\u00eda ser algo larguilla y emprendimos la bajada sin demora una vez que ya hab\u00edan llegado David y \u201cel mansa\u201d. Puestos con las cubre mochilas y ropa impermeable para no calarnos hasta los huesos, bajamos cruzando puentes, sendas, rocas, nieve&#8230; maravillados por el espectacular paisaje pirenaico en uno de los rincones m\u00e1s bellos de la cordillera.<\/p>\n<div id=\"attachment_28589\" style=\"width: 1034px\" class=\"wp-caption aligncenter\"><a class=\"dt-single-image\" href=\"https:\/\/www.monta\u00f1asdelaluna.es\/wp-content\/uploads\/2016\/04\/2003Perdiguero58-002.jpg\" data-dt-img-description=\"\"><img loading=\"lazy\" decoding=\"async\" aria-describedby=\"caption-attachment-28589\" class=\"wp-image-28589 size-large\" src=\"https:\/\/www.monta\u00f1asdelaluna.es\/wp-content\/uploads\/2016\/04\/2003Perdiguero58-002-1024x681.jpg\" alt=\"Cruzando el R\u00edo de Est\u00f3s\" width=\"1024\" height=\"681\" srcset=\"https:\/\/www.monta\u00f1asdelaluna.es\/wp-content\/uploads\/2016\/04\/2003Perdiguero58-002-1024x681.jpg 1024w, https:\/\/www.monta\u00f1asdelaluna.es\/wp-content\/uploads\/2016\/04\/2003Perdiguero58-002-300x200.jpg 300w, https:\/\/www.monta\u00f1asdelaluna.es\/wp-content\/uploads\/2016\/04\/2003Perdiguero58-002.jpg 1817w\" sizes=\"auto, (max-width: 1024px) 100vw, 1024px\" \/><\/a><p id=\"caption-attachment-28589\" class=\"wp-caption-text\">Cruzando el R\u00edo de Est\u00f3s<\/p><\/div>\n<div id=\"attachment_28591\" style=\"width: 1034px\" class=\"wp-caption aligncenter\"><a class=\"dt-single-image\" href=\"https:\/\/www.monta\u00f1asdelaluna.es\/wp-content\/uploads\/2016\/04\/2003Perdiguero60-001.jpg\" data-dt-img-description=\"\"><img loading=\"lazy\" decoding=\"async\" aria-describedby=\"caption-attachment-28591\" class=\"wp-image-28591 size-large\" src=\"https:\/\/www.monta\u00f1asdelaluna.es\/wp-content\/uploads\/2016\/04\/2003Perdiguero60-001-1024x680.jpg\" alt=\"Foto de grupo de los participantes al viaje\" width=\"1024\" height=\"680\" srcset=\"https:\/\/www.monta\u00f1asdelaluna.es\/wp-content\/uploads\/2016\/04\/2003Perdiguero60-001-1024x680.jpg 1024w, https:\/\/www.monta\u00f1asdelaluna.es\/wp-content\/uploads\/2016\/04\/2003Perdiguero60-001-300x199.jpg 300w, https:\/\/www.monta\u00f1asdelaluna.es\/wp-content\/uploads\/2016\/04\/2003Perdiguero60-001.jpg 1817w\" sizes=\"auto, (max-width: 1024px) 100vw, 1024px\" \/><\/a><p id=\"caption-attachment-28591\" class=\"wp-caption-text\">Foto de grupo de los participantes al viaje<\/p><\/div>\n<p>Ya abajo en Benasque, nos reunimos con el esto de los participantes al viaje de ese a\u00f1o. Comentarios, preguntas y el reconocimiento del albergue escogido en el centro de Benasque. Por la noche salimos de cena, fiesta y baile, y fue una de las veces que mejor me lo pas\u00e9 de fiesta; con mis compa\u00f1eros de monta\u00f1as, de cumbres, de Pasi\u00f3n y vida.<\/p>\n<div id=\"attachment_28600\" style=\"width: 761px\" class=\"wp-caption aligncenter\"><a class=\"dt-single-image\" href=\"https:\/\/www.monta\u00f1asdelaluna.es\/wp-content\/uploads\/2003\/04\/bajada-a-Benaque-2\u00ba.jpg\" data-dt-img-description=\"\"><img loading=\"lazy\" decoding=\"async\" aria-describedby=\"caption-attachment-28600\" class=\"wp-image-28600 size-full\" src=\"https:\/\/www.monta\u00f1asdelaluna.es\/wp-content\/uploads\/2003\/04\/bajada-a-Benaque-2\u00ba.jpg\" alt=\"Croquis de la bajada a Benasque desde el Refugio de Est\u00f3s\" width=\"751\" height=\"1186\" srcset=\"https:\/\/www.monta\u00f1asdelaluna.es\/wp-content\/uploads\/2003\/04\/bajada-a-Benaque-2\u00ba.jpg 751w, https:\/\/www.monta\u00f1asdelaluna.es\/wp-content\/uploads\/2003\/04\/bajada-a-Benaque-2\u00ba-190x300.jpg 190w, https:\/\/www.monta\u00f1asdelaluna.es\/wp-content\/uploads\/2003\/04\/bajada-a-Benaque-2\u00ba-648x1024.jpg 648w\" sizes=\"auto, (max-width: 751px) 100vw, 751px\" \/><\/a><p id=\"caption-attachment-28600\" class=\"wp-caption-text\">Croquis de la bajada a Benasque desde el Refugio de Est\u00f3s<\/p><\/div>\n<p>[\/vc_column_text][\/vc_column][\/vc_row][vc_column][vc_empty_space height=\u00bb60px\u00bb][vc_cta h2=\u00bb\u00c1lbum de fotos\u00bb txt_align=\u00bbcenter\u00bb add_button=\u00bbbottom\u00bb btn_title=\u00bbVer fotos\u00bb btn_color=\u00bbwarning\u00bb btn_align=\u00bbcenter\u00bb btn_link=\u00bburl:http%3A%2F%2Fmonta%C3%B1asdelaluna.com%2F%3Fdt_gallery%3Dperdiguero-invernal-desde-la-cabana-de-la-coma-2|title:Perdiguero%20invernal%20desde%20la%20Caba%C3%B1a%20de%20La%20Coma|target:_blank\u00bb css=\u00bb.vc_custom_1614516914195{background-color: #8bc4ed !important;}\u00bb]Puedes ver todas las fotos del relato y actividad en forma de presentaci\u00f3n o individuales pinchando aqui \u00a1No te las pierdas![\/vc_cta][vc_empty_space][\/vc_column][vc_row][vc_column][vc_cta h2=\u00bb\u00c1lbum de fotos\u00bb txt_align=\u00bbcenter\u00bb add_button=\u00bbbottom\u00bb btn_title=\u00bbVer fotos\u00bb btn_color=\u00bbwarning\u00bb btn_align=\u00bbcenter\u00bb btn_link=\u00bburl:https%3A%2F%2Fwww.monta%C3%B1asdelaluna.es%2F%3Fdt_gallery%3Dperdiguero-invernal-desde-la-cabana-de-la-coma-2|title:Invernal%20en%20el%20Valle%20de%20Est%C3%B3s|target:_blank\u00bb css=\u00bb.vc_custom_1625741106100{background-color: #8bc4ed !important;}\u00bb]Puedes ver todas las fotos del relato y actividad en forma de presentaci\u00f3n o individuales pinchando aqui \u00a1No te las pierdas![\/vc_cta][vc_empty_space height=\u00bb30px\u00bb][vc_cta h2=\u00bb\u00c1lbum de fotos\u00bb txt_align=\u00bbcenter\u00bb add_button=\u00bbbottom\u00bb btn_title=\u00bbVer fotos\u00bb btn_color=\u00bbwarning\u00bb btn_align=\u00bbcenter\u00bb btn_link=\u00bburl:https%3A%2F%2Fmonta%C3%B1asdelaluna.es%2F%3Fdt_gallery%3Dinvernal-en-el-valle-de-estos-2|title:Invernal%20en%20el%20Valle%20de%20Est%C3%B3s|target:_blank\u00bb css=\u00bb.vc_custom_1625740550416{background-color: #8bc4ed !important;}\u00bb]Puedes ver las fotos Invernal en el Valle de Est\u00f3s, realizadas los d\u00edas 21, 22 y 23-marzo-2.016, pinchando aqui \u00a1No te las pierdas![\/vc_cta][\/vc_column][\/vc_row][vc_row][vc_column][vc_empty_space height=\u00bb60px\u00bb][\/vc_column][\/vc_row][vc_row][vc_column width=\u00bb1\/3&#8243;][\/vc_column][vc_column width=\u00bb1\/2&#8243;][vc_raw_html]JTNDaWZyYW1lJTIwc3JjJTNEJTIyaHR0cHMlM0ElMkYlMkZ3d3cubWV0ZW9ibHVlLmNvbSUyRmVzJTJGdGllbXBvJTJGd2lkZ2V0JTJGZGFpbHklMkZwaWMtcGVyZGlnaGVyb19lc3BhJTI1YzMlMjViMWFfMzExMzc3MiUzRmdlb2xvYyUzRGZpeGVkJTI2ZGF5cyUzRDclMjZ0ZW1wdW5pdCUzRENFTFNJVVMlMjZ3aW5kdW5pdCUzREtJTE9NRVRFUl9QRVJfSE9VUiUyNmNvbG91cmVkJTNEY29sb3VyZWQlMjZwaWN0b2ljb24lM0QxJTI2bWF4dGVtcGVyYXR1cmUlM0QxJTI2bWludGVtcGVyYXR1cmUlM0QxJTI2d2luZHNwZWVkJTNEMSUyNndpbmRndXN0JTNEMSUyNndpbmRkaXJlY3Rpb24lM0QxJTI2cHJlY2lwaXRhdGlvbiUzRDElMjZwcmVjaXBpdGF0aW9ucHJvYmFiaWxpdHklM0QxJTI2c3BvdCUzRDElMjZwcmVzc3VyZSUzRDElMjZsYXlvdXQlM0RsaWdodCUyMiUyMCUyMGZyYW1lYm9yZGVyJTNEJTIyMCUyMiUyMHNjcm9sbGluZyUzRCUyMk5PJTIyJTIwYWxsb3d0cmFuc3BhcmVuY3klM0QlMjJ0cnVlJTIyJTIwc2FuZGJveCUzRCUyMmFsbG93LXNhbWUtb3JpZ2luJTIwYWxsb3ctc2NyaXB0cyUyMGFsbG93LXBvcHVwcyUyMiUyMHN0eWxlJTNEJTIyd2lkdGglM0ElMjAzNzhweCUzQmhlaWdodCUzQSUyMDQxMXB4JTIyJTNFJTNDJTJGaWZyYW1lJTNFJTNDZGl2JTNFJTNDJTIxLS0lMjBETyUyME5PVCUyMFJFTU9WRSUyMFRISVMlMjBMSU5LJTIwLS0lM0UlM0NhJTIwaHJlZiUzRCUyMmh0dHBzJTNBJTJGJTJGd3d3Lm1ldGVvYmx1ZS5jb20lMkZlcyUyRnRpZW1wbyUyRnByb25vc3RpY28lMkZzZW1hbmElMkZwaWMtcGVyZGlnaGVyb19lc3BhJTI1YzMlMjViMWFfMzExMzc3MiUzRnV0bV9zb3VyY2UlM0R3ZWF0aGVyX3dpZGdldCUyNnV0bV9tZWRpdW0lM0RsaW5rdXMlMjZ1dG1fY29udGVudCUzRGRhaWx5JTI2dXRtX2NhbXBhaWduJTNEV2VhdGhlciUyNTJCV2lkZ2V0JTIyJTIwdGFyZ2V0JTNEJTIyX2JsYW5rJTIyJTNFbWV0ZW9ibHVlJTNDJTJGYSUzRSUzQyUyRmRpdiUzRQ==[\/vc_raw_html][\/vc_column][vc_column width=\u00bb1\/5&#8243;][\/vc_column][\/vc_row]<\/p>\n","protected":false},"excerpt":{"rendered":"<p>[vc_row][vc_column][vc_column_text]Tanto me gust\u00f3 la experiencia vivida, el valle y las monta\u00f1as cercanas a Est\u00f3s, que al a\u00f1o siguiente suger\u00ed al Centro ir en el viaje de Semana Santa a este bonito lugar. Y as\u00ed hicimos. En la Semana Santa del dos mil tres fletamos el acostumbrado autob\u00fas al Pirineo; esta vez al Valle de Benasque,&hellip;<\/p>\n","protected":false},"author":1,"featured_media":28567,"comment_status":"open","ping_status":"open","sticky":false,"template":"","format":"standard","meta":[],"categories":[125],"tags":[],"class_list":["post-28595","post","type-post","status-publish","format-standard","has-post-thumbnail","hentry","category-valle-del-esera","category-125","description-off"],"_links":{"self":[{"href":"https:\/\/www.monta\u00f1asdelaluna.es\/index.php?rest_route=\/wp\/v2\/posts\/28595","targetHints":{"allow":["GET"]}}],"collection":[{"href":"https:\/\/www.monta\u00f1asdelaluna.es\/index.php?rest_route=\/wp\/v2\/posts"}],"about":[{"href":"https:\/\/www.monta\u00f1asdelaluna.es\/index.php?rest_route=\/wp\/v2\/types\/post"}],"author":[{"embeddable":true,"href":"https:\/\/www.monta\u00f1asdelaluna.es\/index.php?rest_route=\/wp\/v2\/users\/1"}],"replies":[{"embeddable":true,"href":"https:\/\/www.monta\u00f1asdelaluna.es\/index.php?rest_route=%2Fwp%2Fv2%2Fcomments&post=28595"}],"version-history":[{"count":21,"href":"https:\/\/www.monta\u00f1asdelaluna.es\/index.php?rest_route=\/wp\/v2\/posts\/28595\/revisions"}],"predecessor-version":[{"id":50083,"href":"https:\/\/www.monta\u00f1asdelaluna.es\/index.php?rest_route=\/wp\/v2\/posts\/28595\/revisions\/50083"}],"wp:featuredmedia":[{"embeddable":true,"href":"https:\/\/www.monta\u00f1asdelaluna.es\/index.php?rest_route=\/wp\/v2\/media\/28567"}],"wp:attachment":[{"href":"https:\/\/www.monta\u00f1asdelaluna.es\/index.php?rest_route=%2Fwp%2Fv2%2Fmedia&parent=28595"}],"wp:term":[{"taxonomy":"category","embeddable":true,"href":"https:\/\/www.monta\u00f1asdelaluna.es\/index.php?rest_route=%2Fwp%2Fv2%2Fcategories&post=28595"},{"taxonomy":"post_tag","embeddable":true,"href":"https:\/\/www.monta\u00f1asdelaluna.es\/index.php?rest_route=%2Fwp%2Fv2%2Ftags&post=28595"}],"curies":[{"name":"wp","href":"https:\/\/api.w.org\/{rel}","templated":true}]}}