{"id":29082,"date":"2015-12-20T08:16:56","date_gmt":"2015-12-20T08:16:56","guid":{"rendered":"http:\/\/monta\u00f1asdelaluna.com\/?p=29082"},"modified":"2021-08-15T08:14:39","modified_gmt":"2021-08-15T08:14:39","slug":"la-roca-centella-en-el-montseny","status":"publish","type":"post","link":"https:\/\/www.monta\u00f1asdelaluna.es\/?p=29082","title":{"rendered":"Roca Centella en el Montseny"},"content":{"rendered":"<p>[vc_row][vc_column][vc_column_text]Se acercaba Navidad y hab\u00eda que organizar la t\u00edpica salida navide\u00f1a; la salida a la monta\u00f1a con sidra, turrones y otras delicias y dulces navide\u00f1os. Despu\u00e9s de unos meses de ajetreo fuera de la monta\u00f1a y con la residencia cambiada, m\u00e1s cerca del Montseny, lo ideal era buscar una ruta, una monta\u00f1a, ascensi\u00f3n o pico en el mismo macizo del Montseny.<\/p>\n<p>Entonces buscando en el viejo mapa Alpina y en alguna ruta del Wikiloc en internet encontr\u00e9 alguna referencia del pico La Roca Centella. Un pico que ya se pod\u00eda considerar relevante al sobrepasar, justo por un metro, los mil metros de altitud. Pero las rutas no se ve\u00edan claras, sobre todo la de bajada, y me tem\u00eda que tendr\u00eda que improvisar en la ruta a seguir o invent\u00e1rmela.<\/p>\n<div id=\"attachment_29026\" style=\"width: 1034px\" class=\"wp-caption aligncenter\"><a class=\"dt-single-image\" href=\"https:\/\/www.monta\u00f1asdelaluna.es\/wp-content\/uploads\/2015\/12\/IMG_4894.jpg\" data-dt-img-description=\"\"><img loading=\"lazy\" decoding=\"async\" aria-describedby=\"caption-attachment-29026\" class=\"wp-image-29026 size-large\" src=\"https:\/\/www.monta\u00f1asdelaluna.es\/wp-content\/uploads\/2015\/12\/IMG_4894-1024x768.jpg\" alt=\"Subida a Roca Centella por La Servera\" width=\"1024\" height=\"768\" srcset=\"https:\/\/www.monta\u00f1asdelaluna.es\/wp-content\/uploads\/2015\/12\/IMG_4894-1024x768.jpg 1024w, https:\/\/www.monta\u00f1asdelaluna.es\/wp-content\/uploads\/2015\/12\/IMG_4894-300x225.jpg 300w, https:\/\/www.monta\u00f1asdelaluna.es\/wp-content\/uploads\/2015\/12\/IMG_4894.jpg 1795w\" sizes=\"auto, (max-width: 1024px) 100vw, 1024px\" \/><\/a><p id=\"caption-attachment-29026\" class=\"wp-caption-text\">Subida a Roca Centella por La Servera<\/p><\/div>\n<p>La idea era salir de la urbanizaci\u00f3n de C\u00e1noves (C\u00e1noves Residencial), coger un camino y senda bien marcados, llegar al pico, y bajar por otro camino, senda, por otra loma diferente rodeando el vallecillo de Vallfigueres, hasta un punto cercano de la carretera C\u00e1noves-La Garriga. En principio la idea era dejar un coche en un punto y otro en el siguiente para no tener que caminar junto a la carretera, al asfalto. Pero al final dejamos los coches en la calle paralela a la misma carretera en C\u00e1noves Residencial, en lo que llaman el Pla de Vialladres.<\/p>\n<p>As\u00ed pues el pasado domingo 20 de diciembre quedamos unos pocos amigos en el lugar indicado para iniciar la actividad y ascensi\u00f3n a La Roca Centella. La ruta comenzaba por la visita a un yacimiento \u00edbero: el Forn de La Pega. Unos antiguos agujeros excavados en el terreno que serv\u00edan de horno en tiempos de los \u00edberos, parece ser. Pero si te acercas son 2 agujeros sin m\u00e1s misterio. Para ello justo deb\u00edamos salir por el camino que a la derecha sale de la carretera (si sales de la urbanizaci\u00f3n en direcci\u00f3n a La Garriga), y al poco tiempo, sin precipitarse por el barranco cercano, girar de nuevo a la derecha para al poco tiempo encontrar dicho yacimiento a nuestra izquierda algo m\u00e1s arriba del camino, pero visible desde \u00e9l.<\/p>\n<div id=\"attachment_29031\" style=\"width: 1805px\" class=\"wp-caption aligncenter\"><a class=\"dt-single-image\" href=\"https:\/\/www.monta\u00f1asdelaluna.es\/wp-content\/uploads\/2015\/12\/IMG_4900.jpg\" data-dt-img-description=\"\"><img loading=\"lazy\" decoding=\"async\" aria-describedby=\"caption-attachment-29031\" class=\"wp-image-29031 size-full\" src=\"https:\/\/www.monta\u00f1asdelaluna.es\/wp-content\/uploads\/2015\/12\/IMG_4900.jpg\" alt=\"Subida a Roca Centella por La Servera\" width=\"1795\" height=\"1346\" srcset=\"https:\/\/www.monta\u00f1asdelaluna.es\/wp-content\/uploads\/2015\/12\/IMG_4900.jpg 1795w, https:\/\/www.monta\u00f1asdelaluna.es\/wp-content\/uploads\/2015\/12\/IMG_4900-300x225.jpg 300w, https:\/\/www.monta\u00f1asdelaluna.es\/wp-content\/uploads\/2015\/12\/IMG_4900-1024x768.jpg 1024w\" sizes=\"auto, (max-width: 1795px) 100vw, 1795px\" \/><\/a><p id=\"caption-attachment-29031\" class=\"wp-caption-text\">Subida a Roca Centella por La Servera<\/p><\/div>\n<div id=\"attachment_29034\" style=\"width: 1805px\" class=\"wp-caption aligncenter\"><a class=\"dt-single-image\" href=\"https:\/\/www.monta\u00f1asdelaluna.es\/wp-content\/uploads\/2015\/12\/IMG_4905.jpg\" data-dt-img-description=\"\"><img loading=\"lazy\" decoding=\"async\" aria-describedby=\"caption-attachment-29034\" class=\"wp-image-29034 size-full\" src=\"https:\/\/www.monta\u00f1asdelaluna.es\/wp-content\/uploads\/2015\/12\/IMG_4905.jpg\" alt=\"Subida a Roca Centella por La Servera\" width=\"1795\" height=\"1346\" srcset=\"https:\/\/www.monta\u00f1asdelaluna.es\/wp-content\/uploads\/2015\/12\/IMG_4905.jpg 1795w, https:\/\/www.monta\u00f1asdelaluna.es\/wp-content\/uploads\/2015\/12\/IMG_4905-300x225.jpg 300w, https:\/\/www.monta\u00f1asdelaluna.es\/wp-content\/uploads\/2015\/12\/IMG_4905-1024x768.jpg 1024w\" sizes=\"auto, (max-width: 1795px) 100vw, 1795px\" \/><\/a><p id=\"caption-attachment-29034\" class=\"wp-caption-text\">Subida a Roca Centella por La Servera<\/p><\/div>\n<p>El d\u00eda se ha levantado algo tapado, nublado pero no fr\u00edo. No llega el fr\u00edo a\u00fan a esta tierra, a las faldas del Montseny. Despu\u00e9s de curiosear los agujeros ib\u00e9ricos, seguimos la misma ancha senda, camino como si nos quisi\u00e9ramos alejar de la buena direcci\u00f3n. No es as\u00ed. Al cabo de poco tiempo un hito a nuestra izquierda nos invita a dejar el camino que llevamos y a internarnos por una marcada senda ladera arriba en busca de la cima de la loma de La Servera. Antes de llegar al Forn de La Pega los alrededores ya eran boscosos y bonitos, pero humanizados por la modificaci\u00f3n del propio camino. Ahora es una senda que ya por fin comienza a subir y coger altura, en medio de carrascas, encinas, pinos\u2026 la senda coge varias variantes y direcciones, pero confiaros porque al final derivar\u00e1, m\u00e1s arriba, en otro camino que ser\u00e1 el que nos guiar\u00e1 por toda la loma de La Servera.<\/p>\n<p>Despu\u00e9s de admirar algunos ejemplares de sureres y otros quercus en esta senda de subida, llegamos al camino o m\u00e1s bien pista, la cual seguiremos hac\u00eda el norte, noroeste loma arriba, con im\u00e1genes y perfiles de altos y sanos pinos que hacen las delicias de mi c\u00e1mara. El d\u00eda sigue nublado, con lo que las im\u00e1genes son m\u00e1s grises pero buc\u00f3licas. No hay p\u00e9rdida en esta pista: sigue por la cima de esta loma, brazo del mismo pico al que queremos subir. Hay alg\u00fan que otro subibaja, pasamos alg\u00fan que otro cruce, pero nosotros seguimos camino arriba sin desviarnos de la cima de la loma.<\/p>\n<p>De repente y justo mirando el mapa aparecen unos hitos en el linde de la pista, camino muy bien definidos, y un senderillo a seguir justo a la derecha del camino y monta\u00f1a arriba. Los seguimos. Cruzamos de nuevo al camino y lo seguimos hac\u00eda arriba hasta que de nuevo (a los pocos pasos) otro hito y otra senda. La seguimos y ya nos olvidamos del camino, de la pista.<\/p>\n<div id=\"attachment_29040\" style=\"width: 1034px\" class=\"wp-caption aligncenter\"><a class=\"dt-single-image\" href=\"https:\/\/www.monta\u00f1asdelaluna.es\/wp-content\/uploads\/2015\/12\/IMG_4912.jpg\" data-dt-img-description=\"\"><img loading=\"lazy\" decoding=\"async\" aria-describedby=\"caption-attachment-29040\" class=\"wp-image-29040 size-large\" src=\"https:\/\/www.monta\u00f1asdelaluna.es\/wp-content\/uploads\/2015\/12\/IMG_4912-1024x768.jpg\" alt=\"Subida a Roca Centella por el Serrat Llarg, delante Nuri\" width=\"1024\" height=\"768\" srcset=\"https:\/\/www.monta\u00f1asdelaluna.es\/wp-content\/uploads\/2015\/12\/IMG_4912-1024x768.jpg 1024w, https:\/\/www.monta\u00f1asdelaluna.es\/wp-content\/uploads\/2015\/12\/IMG_4912-300x225.jpg 300w, https:\/\/www.monta\u00f1asdelaluna.es\/wp-content\/uploads\/2015\/12\/IMG_4912.jpg 1795w\" sizes=\"auto, (max-width: 1024px) 100vw, 1024px\" \/><\/a><p id=\"caption-attachment-29040\" class=\"wp-caption-text\">Subida a Roca Centella por el Serrat Llarg, delante Nuri<\/p><\/div>\n<div id=\"attachment_29046\" style=\"width: 1805px\" class=\"wp-caption aligncenter\"><a class=\"dt-single-image\" href=\"https:\/\/www.monta\u00f1asdelaluna.es\/wp-content\/uploads\/2015\/12\/IMG_4923.jpg\" data-dt-img-description=\"\"><img loading=\"lazy\" decoding=\"async\" aria-describedby=\"caption-attachment-29046\" class=\"wp-image-29046 size-full\" src=\"https:\/\/www.monta\u00f1asdelaluna.es\/wp-content\/uploads\/2015\/12\/IMG_4923.jpg\" alt=\"Subida a Roca Centella por el Serrat Llarg, senda entre los encinares\" width=\"1795\" height=\"1346\" srcset=\"https:\/\/www.monta\u00f1asdelaluna.es\/wp-content\/uploads\/2015\/12\/IMG_4923.jpg 1795w, https:\/\/www.monta\u00f1asdelaluna.es\/wp-content\/uploads\/2015\/12\/IMG_4923-300x225.jpg 300w, https:\/\/www.monta\u00f1asdelaluna.es\/wp-content\/uploads\/2015\/12\/IMG_4923-1024x768.jpg 1024w\" sizes=\"auto, (max-width: 1795px) 100vw, 1795px\" \/><\/a><p id=\"caption-attachment-29046\" class=\"wp-caption-text\">Subida a Roca Centella por el Serrat Llarg, senda entre los encinares<\/p><\/div>\n<p>En estos momentos la senda que sube altura por las laderas sur del mismo pico al que queremos subir y que adem\u00e1s lo rodear\u00e1 por abajo haciendo un giro al final de casi 270\u00ba, se interna en un precioso y espectacular encinar. La senda es muy clara. No hay p\u00e9rdida ni otras sendas o caminos que se crucen. Las fotos vuelan. Dan ganas de perderse en la soledad de este magn\u00edfico encinar y absorber toda su esencia, energ\u00eda. Notas como la Naturaleza te invade con saludables sensaciones.<\/p>\n<p>La senda va girando hac\u00eda la derecha noroeste, norte a la vez que se eleva en la boscosa y preciosa ladera bajo la Roca Centella. La niebla ahora invade el bosque y m\u00e1s a\u00fan le da una vida e imagen buc\u00f3lica, fantasmag\u00f3rica, m\u00e1gica\u2026 la mayor\u00eda de las veces no consigo captar esa impresi\u00f3n en mis fotograf\u00edas, pero s\u00ed esos incre\u00edbles, retorcidos y esculturales ejemplares que veces se asoman entre niebla y troncos de sus otros compa\u00f1eros de bosque. Soberbios.<\/p>\n<div id=\"attachment_29047\" style=\"width: 1805px\" class=\"wp-caption aligncenter\"><a class=\"dt-single-image\" href=\"https:\/\/www.monta\u00f1asdelaluna.es\/wp-content\/uploads\/2015\/12\/IMG_4925.jpg\" data-dt-img-description=\"\"><img loading=\"lazy\" decoding=\"async\" aria-describedby=\"caption-attachment-29047\" class=\"wp-image-29047 size-full\" src=\"https:\/\/www.monta\u00f1asdelaluna.es\/wp-content\/uploads\/2015\/12\/IMG_4925.jpg\" alt=\"Subida a Roca Centella por el Serrat Llarg, senda entre los encinares\" width=\"1795\" height=\"1346\" srcset=\"https:\/\/www.monta\u00f1asdelaluna.es\/wp-content\/uploads\/2015\/12\/IMG_4925.jpg 1795w, https:\/\/www.monta\u00f1asdelaluna.es\/wp-content\/uploads\/2015\/12\/IMG_4925-300x225.jpg 300w, https:\/\/www.monta\u00f1asdelaluna.es\/wp-content\/uploads\/2015\/12\/IMG_4925-1024x768.jpg 1024w\" sizes=\"auto, (max-width: 1795px) 100vw, 1795px\" \/><\/a><p id=\"caption-attachment-29047\" class=\"wp-caption-text\">Subida a Roca Centella por el Serrat Llarg, senda entre los encinares<\/p><\/div>\n<div id=\"attachment_29050\" style=\"width: 1805px\" class=\"wp-caption aligncenter\"><a class=\"dt-single-image\" href=\"https:\/\/www.monta\u00f1asdelaluna.es\/wp-content\/uploads\/2015\/12\/IMG_4929.jpg\" data-dt-img-description=\"\"><img loading=\"lazy\" decoding=\"async\" aria-describedby=\"caption-attachment-29050\" class=\"wp-image-29050 size-full\" src=\"https:\/\/www.monta\u00f1asdelaluna.es\/wp-content\/uploads\/2015\/12\/IMG_4929.jpg\" alt=\"Subida a Roca Centella por el Serrat Llarg, senda entre los encinares\" width=\"1795\" height=\"1346\" srcset=\"https:\/\/www.monta\u00f1asdelaluna.es\/wp-content\/uploads\/2015\/12\/IMG_4929.jpg 1795w, https:\/\/www.monta\u00f1asdelaluna.es\/wp-content\/uploads\/2015\/12\/IMG_4929-300x225.jpg 300w, https:\/\/www.monta\u00f1asdelaluna.es\/wp-content\/uploads\/2015\/12\/IMG_4929-1024x768.jpg 1024w\" sizes=\"auto, (max-width: 1795px) 100vw, 1795px\" \/><\/a><p id=\"caption-attachment-29050\" class=\"wp-caption-text\">Subida a Roca Centella por el Serrat Llarg, senda entre los encinares<\/p><\/div>\n<div id=\"attachment_29052\" style=\"width: 1805px\" class=\"wp-caption aligncenter\"><a class=\"dt-single-image\" href=\"https:\/\/www.monta\u00f1asdelaluna.es\/wp-content\/uploads\/2015\/12\/IMG_4932.jpg\" data-dt-img-description=\"\"><img loading=\"lazy\" decoding=\"async\" aria-describedby=\"caption-attachment-29052\" class=\"wp-image-29052 size-full\" src=\"https:\/\/www.monta\u00f1asdelaluna.es\/wp-content\/uploads\/2015\/12\/IMG_4932.jpg\" alt=\"Subida a Roca Centella por el Serrat Llarg, senda entre los encinares\" width=\"1795\" height=\"1346\" srcset=\"https:\/\/www.monta\u00f1asdelaluna.es\/wp-content\/uploads\/2015\/12\/IMG_4932.jpg 1795w, https:\/\/www.monta\u00f1asdelaluna.es\/wp-content\/uploads\/2015\/12\/IMG_4932-300x225.jpg 300w, https:\/\/www.monta\u00f1asdelaluna.es\/wp-content\/uploads\/2015\/12\/IMG_4932-1024x768.jpg 1024w\" sizes=\"auto, (max-width: 1795px) 100vw, 1795px\" \/><\/a><p id=\"caption-attachment-29052\" class=\"wp-caption-text\">Subida a Roca Centella por el Serrat Llarg, senda entre los encinares<\/p><\/div>\n<p>En un punto de la senda nos paramos a almorzar. Ya hay hambre. Aunque seg\u00fan el viejo mapa Alpina la cima o el cruce hasta ella no debe de estar muy lejos. Y as\u00ed es: despu\u00e9s de almorzar y reemprender la marcha por el mismo sendero, \u00e9ste desemboca en otro ancho camino que tambi\u00e9n parece estar ubicado en la cima de la loma, de la monta\u00f1a, del lugar. Seguimos este camino hacia la derecha y arriba, y al poco tiempo mientras subimos entre nieblas y nubes grises, observando que nos vamos acercando (por que la vegetaci\u00f3n as\u00ed te lo advierte) a la parte m\u00e1s alta de esta parte de la monta\u00f1a, nos topamos con otro hito, una estrecha senda que entre la vegetaci\u00f3n sana, arbustiva, con no demasiados \u00e1rboles hac\u00eda la derecha de nuevo (haciendo el mencionado giro al final de 270\u00ba) te deja en la cima de La Roca Centella donde se encuentra un pil\u00f3n o eje geod\u00e9sico como escondido entre la carrasca y los arbustos sobre unas rocas que apenas sobresalen del terreno. Estamos ya a 1.001 mts., la cima de La Roca Centella.<\/p>\n<p>Las vistas por desgracia son nulas: las nubes y niebla impiden toda visi\u00f3n m\u00e1s all\u00e1 de 20 o 30 metros, y menos a\u00fan sobre el paisaje bajo el pico y hac\u00eda el sur (nosotros lo abordaos por el norte al final por el mencionado giro). Es una l\u00e1stima. Nos hacemos fotos de cumbre. Al poco rato aparece por el sur, sureste de la cima entre la mara\u00f1a de arbustos y vegetaci\u00f3n, un hombre m\u00e1s mayor con su perrito \u00a1\u00bfDe d\u00f3nde ha salido? \u00bfQu\u00e9 senda a cogido?! El Montseny es un laberinto de recorridos y un escondite de lugares. Es un macizo magn\u00edfico para caminar en medio de una Naturaleza poblada de curiosos o solitaria y casi olvidada.<\/p>\n<div id=\"attachment_29058\" style=\"width: 1805px\" class=\"wp-caption aligncenter\"><a class=\"dt-single-image\" href=\"https:\/\/www.monta\u00f1asdelaluna.es\/wp-content\/uploads\/2015\/12\/IMG_4940.jpg\" data-dt-img-description=\"\"><img loading=\"lazy\" decoding=\"async\" aria-describedby=\"caption-attachment-29058\" class=\"wp-image-29058 size-full\" src=\"https:\/\/www.monta\u00f1asdelaluna.es\/wp-content\/uploads\/2015\/12\/IMG_4940.jpg\" alt=\"Subida a la cima de Roca Centella\" width=\"1795\" height=\"1346\" srcset=\"https:\/\/www.monta\u00f1asdelaluna.es\/wp-content\/uploads\/2015\/12\/IMG_4940.jpg 1795w, https:\/\/www.monta\u00f1asdelaluna.es\/wp-content\/uploads\/2015\/12\/IMG_4940-300x225.jpg 300w, https:\/\/www.monta\u00f1asdelaluna.es\/wp-content\/uploads\/2015\/12\/IMG_4940-1024x768.jpg 1024w\" sizes=\"auto, (max-width: 1795px) 100vw, 1795px\" \/><\/a><p id=\"caption-attachment-29058\" class=\"wp-caption-text\">Subida a la cima de Roca Centella<\/p><\/div>\n<div id=\"attachment_29060\" style=\"width: 1034px\" class=\"wp-caption aligncenter\"><a class=\"dt-single-image\" href=\"https:\/\/www.monta\u00f1asdelaluna.es\/wp-content\/uploads\/2015\/12\/IMG_4943.jpg\" data-dt-img-description=\"\"><img loading=\"lazy\" decoding=\"async\" aria-describedby=\"caption-attachment-29060\" class=\"wp-image-29060 size-large\" src=\"https:\/\/www.monta\u00f1asdelaluna.es\/wp-content\/uploads\/2015\/12\/IMG_4943-1024x768.jpg\" alt=\"Cima de Roca Centella, 1.001 mts.\" width=\"1024\" height=\"768\" srcset=\"https:\/\/www.monta\u00f1asdelaluna.es\/wp-content\/uploads\/2015\/12\/IMG_4943-1024x768.jpg 1024w, https:\/\/www.monta\u00f1asdelaluna.es\/wp-content\/uploads\/2015\/12\/IMG_4943-300x225.jpg 300w, https:\/\/www.monta\u00f1asdelaluna.es\/wp-content\/uploads\/2015\/12\/IMG_4943.jpg 1795w\" sizes=\"auto, (max-width: 1024px) 100vw, 1024px\" \/><\/a><p id=\"caption-attachment-29060\" class=\"wp-caption-text\">Cima de Roca Centella, 1.001 mts.<\/p><\/div>\n<p>Bajamos del pico. El tiempo ni el cielo quieren aclararse. Desandamos la senda y camino con las vistas entre la misma niebla de esos magn\u00edficos y casi solitarios (con el bosque cercano) ejemplares envueltos entre la blancura o el gris\u00e1ceo color del desconcertador meteoro. Pero de todas formas saco algunas fotos hermosas (creo yo). Llegamos al cruce del camino con la senda por la que salimos anteriormente y que ven\u00eda de darle la vuelta al pico por su parte sur, sureste y a m\u00e1s baja altura. Hay unas botas colgadas en una de las ramas del bosque. No sabemos si son indicadoras de algo o que simplemente alguien dijo \u201caqu\u00ed cuelgo mis botas, no camino m\u00e1s\u201d. No seguimos de nuevo dicha senda para desandarla. La idea es hacer una circular y a partir de aqu\u00ed seguiremos este mismo camino, pista en busca del Pl\u00e1 de La Batalla. Al poco tiempo la pista comienza a descender.<\/p>\n<p>A la subida hemos caminando por la loma que bordea el vallecillo de Vallfigueres por su lado derecho y norte, la idea es bajar por la otra loma que cierra el mismo vallecillo, por el lado izquierdo y sur.<\/p>\n<p>R\u00e1pidamente el camino que ya baja desemboca en otro camino o un cruce de \u00e9stos. Miro el mapa. Desconcierto. Me digo que tiene que existir otro camino que por la parte m\u00e1s alta de la loma que tenemos enfrente siga sin bajar altura, ya que el camino que nos sale al otro lado del cruce, el de enfrente, claramente comienza a bajar por el valle y a perder altura. Giramos a la derecha y arriba y en pocos metros encontramos otro camino m\u00e1s claro (desbrozado y modificado hace poco por alguna gran m\u00e1quina tipo excavadora) que gira a la izquierda siguiendo, ahora s\u00ed, la parte m\u00e1s alta de la loma (ahora llana) y en direcci\u00f3n sur. Estamos en el Pla de La Batalla a casi 900 mts. de altitud. No es un camino bonito de seguir por que la m\u00e1quina lo ha desfigurado y roto un poco (el paisaje) al querer mejorar los accesos y el mismo camino. Al cabo de poco tiempo, subimos unos metros y nos encontramos con una peque\u00f1a casita y una antena: es el Refugi ADF. La verdad es que no llega ni a refugio, m\u00e1s bien parece un armario o central con paredes de piedra y una sola puerta met\u00e1lica. Ya hemos dejado atr\u00e1s el Pla de La Batalla.<\/p>\n<div id=\"attachment_29064\" style=\"width: 831px\" class=\"wp-caption aligncenter\"><a class=\"dt-single-image\" href=\"https:\/\/www.monta\u00f1asdelaluna.es\/wp-content\/uploads\/2015\/12\/IMG_4948.jpg\" data-dt-img-description=\"\"><img loading=\"lazy\" decoding=\"async\" aria-describedby=\"caption-attachment-29064\" class=\"wp-image-29064 \" src=\"https:\/\/www.monta\u00f1asdelaluna.es\/wp-content\/uploads\/2015\/12\/IMG_4948.jpg\" alt=\"Bajando de Roca Centella\" width=\"821\" height=\"1095\" srcset=\"https:\/\/www.monta\u00f1asdelaluna.es\/wp-content\/uploads\/2015\/12\/IMG_4948.jpg 1346w, https:\/\/www.monta\u00f1asdelaluna.es\/wp-content\/uploads\/2015\/12\/IMG_4948-225x300.jpg 225w, https:\/\/www.monta\u00f1asdelaluna.es\/wp-content\/uploads\/2015\/12\/IMG_4948-768x1024.jpg 768w\" sizes=\"auto, (max-width: 821px) 100vw, 821px\" \/><\/a><p id=\"caption-attachment-29064\" class=\"wp-caption-text\">Bajando de Roca Centella<\/p><\/div>\n<div id=\"attachment_29066\" style=\"width: 1805px\" class=\"wp-caption aligncenter\"><a class=\"dt-single-image\" href=\"https:\/\/www.monta\u00f1asdelaluna.es\/wp-content\/uploads\/2015\/12\/IMG_4951.jpg\" data-dt-img-description=\"\"><img loading=\"lazy\" decoding=\"async\" aria-describedby=\"caption-attachment-29066\" class=\"wp-image-29066 size-full\" src=\"https:\/\/www.monta\u00f1asdelaluna.es\/wp-content\/uploads\/2015\/12\/IMG_4951.jpg\" alt=\"Bajando de Roca Centella\" width=\"1795\" height=\"1346\" srcset=\"https:\/\/www.monta\u00f1asdelaluna.es\/wp-content\/uploads\/2015\/12\/IMG_4951.jpg 1795w, https:\/\/www.monta\u00f1asdelaluna.es\/wp-content\/uploads\/2015\/12\/IMG_4951-300x225.jpg 300w, https:\/\/www.monta\u00f1asdelaluna.es\/wp-content\/uploads\/2015\/12\/IMG_4951-1024x768.jpg 1024w\" sizes=\"auto, (max-width: 1795px) 100vw, 1795px\" \/><\/a><p id=\"caption-attachment-29066\" class=\"wp-caption-text\">Bajando de Roca Centella<\/p><\/div>\n<div id=\"attachment_29067\" style=\"width: 1805px\" class=\"wp-caption aligncenter\"><a class=\"dt-single-image\" href=\"https:\/\/www.monta\u00f1asdelaluna.es\/wp-content\/uploads\/2015\/12\/IMG_4952.jpg\" data-dt-img-description=\"\"><img loading=\"lazy\" decoding=\"async\" aria-describedby=\"caption-attachment-29067\" class=\"wp-image-29067 size-full\" src=\"https:\/\/www.monta\u00f1asdelaluna.es\/wp-content\/uploads\/2015\/12\/IMG_4952.jpg\" alt=\"Bajando de Roca Centella\" width=\"1795\" height=\"1008\" srcset=\"https:\/\/www.monta\u00f1asdelaluna.es\/wp-content\/uploads\/2015\/12\/IMG_4952.jpg 1795w, https:\/\/www.monta\u00f1asdelaluna.es\/wp-content\/uploads\/2015\/12\/IMG_4952-300x168.jpg 300w, https:\/\/www.monta\u00f1asdelaluna.es\/wp-content\/uploads\/2015\/12\/IMG_4952-1024x575.jpg 1024w\" sizes=\"auto, (max-width: 1795px) 100vw, 1795px\" \/><\/a><p id=\"caption-attachment-29067\" class=\"wp-caption-text\">Bajando de Roca Centella<\/p><\/div>\n<p>Justo detr\u00e1s del refugio aparece una senda la cual seguimos en bajada pero siempre por la parte m\u00e1s alta de la loma. M\u00e1s abajo, le dan el nombre de Carena de Vallfigueres a esta loma o cordal que baja del Pla de La Batalla hacia el sureste, como si fuera en direcci\u00f3n o volvi\u00e9ramos a C\u00e0noves. Al principio no hay dificultad, es una senda muy clara y casi marca o se\u00f1alada como PR. Me parece descubrir entre los troncos de los pinos que se acercan a ella, marcas de puntos rojos, y m\u00e1s abajo blancos y amarillos. Pero en un cruce de sendas, caminos, la senda se\u00f1alada cambia de direcci\u00f3n, deja esta loma y quiere acercarse al Coll de Carpis o Tur\u00f3 de Prades, o sea que gira en direcci\u00f3n sur, suroeste, sur\u2026 no es nuestro camino. Nosotros debemos seguir la cima de la Carena de Vallfigueres hacia el sureste.<\/p>\n<p>Y es aqu\u00ed en las cercan\u00edas del sitio que llaman en el mapa Alpina Termes d\u2019en Valls donde dejamos la senda se\u00f1alada y seguimos la loma cimera por una casi senda, camino no muy bien marcado, en ocasiones monte a trav\u00e9s. Otra aventura. A partir de aqu\u00ed y aunque el mapa Alpina nos diga que hay un nimi sendero (puntitos muy peque\u00f1itos como de que alguien alguna vez ha pasado por all\u00ed), no hag\u00e1is caso, ya que la vegetaci\u00f3n, el terreno, la monta\u00f1a se han comido las marcas con el tiempo o la gu\u00eda del mismo. A\u00fan as\u00ed intentamos llegar hasta el Pla del Pujol. A veces nos encontramos con sendas se\u00f1aladas en medio del espeso y poco transitado bosque, con unas marcas redondas amarillas que intentamos seguir, que, de la misma manera que aparecen, desaparecen. Cada uno del grupo intentando seguir el recorrido pensado y planeado, ayud\u00e1ndonos entre nosotros a encontrar, buscar el senderillo ideal o marcado que pensamos nos puede sacar de la monta\u00f1a. Pero cuando creemos que lo hemos encontrado, de repente desaparece y no sabemos por donde seguir en medio del tupido y frondoso bosquecillo de j\u00f3venes encinas. Por ello en el recorrido lo he puesto con puntos discontinuos, ya que casi lo considero un monte a trav\u00e9s, porque la supuesta senda y marcas eran perdedoras y desconcertantes.<\/p>\n<div id=\"attachment_29068\" style=\"width: 1805px\" class=\"wp-caption aligncenter\"><a class=\"dt-single-image\" href=\"https:\/\/www.monta\u00f1asdelaluna.es\/wp-content\/uploads\/2015\/12\/IMG_4953.jpg\" data-dt-img-description=\"\"><img loading=\"lazy\" decoding=\"async\" aria-describedby=\"caption-attachment-29068\" class=\"wp-image-29068 size-full\" src=\"https:\/\/www.monta\u00f1asdelaluna.es\/wp-content\/uploads\/2015\/12\/IMG_4953.jpg\" alt=\"Bajando de Roca Centella\" width=\"1795\" height=\"1008\" srcset=\"https:\/\/www.monta\u00f1asdelaluna.es\/wp-content\/uploads\/2015\/12\/IMG_4953.jpg 1795w, https:\/\/www.monta\u00f1asdelaluna.es\/wp-content\/uploads\/2015\/12\/IMG_4953-300x168.jpg 300w, https:\/\/www.monta\u00f1asdelaluna.es\/wp-content\/uploads\/2015\/12\/IMG_4953-1024x575.jpg 1024w\" sizes=\"auto, (max-width: 1795px) 100vw, 1795px\" \/><\/a><p id=\"caption-attachment-29068\" class=\"wp-caption-text\">Bajando de Roca Centella<\/p><\/div>\n<div id=\"attachment_29069\" style=\"width: 1805px\" class=\"wp-caption aligncenter\"><a class=\"dt-single-image\" href=\"https:\/\/www.monta\u00f1asdelaluna.es\/wp-content\/uploads\/2015\/12\/IMG_4954.jpg\" data-dt-img-description=\"\"><img loading=\"lazy\" decoding=\"async\" aria-describedby=\"caption-attachment-29069\" class=\"wp-image-29069 size-full\" src=\"https:\/\/www.monta\u00f1asdelaluna.es\/wp-content\/uploads\/2015\/12\/IMG_4954.jpg\" alt=\"Bajando de Roca Centella\" width=\"1795\" height=\"1346\" srcset=\"https:\/\/www.monta\u00f1asdelaluna.es\/wp-content\/uploads\/2015\/12\/IMG_4954.jpg 1795w, https:\/\/www.monta\u00f1asdelaluna.es\/wp-content\/uploads\/2015\/12\/IMG_4954-300x225.jpg 300w, https:\/\/www.monta\u00f1asdelaluna.es\/wp-content\/uploads\/2015\/12\/IMG_4954-1024x768.jpg 1024w\" sizes=\"auto, (max-width: 1795px) 100vw, 1795px\" \/><\/a><p id=\"caption-attachment-29069\" class=\"wp-caption-text\">Bajando de Roca Centella<\/p><\/div>\n<p>Llegados a un punto, un claro en la loma cimera de la Carena de Vallfigueres, en el Pla de Pujol, observo un camino a la izquierda, seg\u00fan miro al fondo del vallecillo, que pasa por debajo nuestro a unos considerables metros y que parece venir del final del vallecillo, de las cercan\u00edas de Vallfigueres. Cansado de perdernos en la monta\u00f1a y de seguir sendas invisibles, decido que es hora de cortar por lo sano y bajar monte a trav\u00e9s hasta dicho camino que aparece m\u00e1s abajo. Lo veo en el mapa de Alpina. Ser\u00e1 nuestra salvaci\u00f3n para poder salir sin perdernos m\u00e1s, de la monta\u00f1a.<\/p>\n<p>La bajada es escarpada y molesta por los matorrales y el salto para pisar terreno horizontal en el mismo camino, pero una vez en \u00e9l lo seguimos hac\u00eda la derecha y este, sureste para ver si ya podemos salir de la monta\u00f1a. Justo en la curva siguiente parece que encontramos hitos y marcas en los \u00e1rboles para salir del camino ladera abajo y seguir una supuesta senda, recorrido. Falsa alarma. No recorremos ni 20 metros cuando debemos de subir de nuevo al camino ya que ni hay senda ni sabemos esos hitos o marcas que indican, pero un nuevo recorrido o senda, no, o no sabemos verlo. As\u00ed pues nos decidimos seguir el camino hacia abajo. El cual derivar\u00e1 en otro camino que seguiremos la misma direcci\u00f3n y marcha hacia abajo, sur, sureste como queriendo salir de la monta\u00f1a.<\/p>\n<div id=\"attachment_29074\" style=\"width: 1034px\" class=\"wp-caption aligncenter\"><a class=\"dt-single-image\" href=\"https:\/\/www.monta\u00f1asdelaluna.es\/wp-content\/uploads\/2015\/12\/IMG_4962.jpg\" data-dt-img-description=\"\"><img loading=\"lazy\" decoding=\"async\" aria-describedby=\"caption-attachment-29074\" class=\"wp-image-29074 size-large\" src=\"https:\/\/www.monta\u00f1asdelaluna.es\/wp-content\/uploads\/2015\/12\/IMG_4962-1024x768.jpg\" alt=\"Bajada por la Carena de Vallfigueres\" width=\"1024\" height=\"768\" srcset=\"https:\/\/www.monta\u00f1asdelaluna.es\/wp-content\/uploads\/2015\/12\/IMG_4962-1024x768.jpg 1024w, https:\/\/www.monta\u00f1asdelaluna.es\/wp-content\/uploads\/2015\/12\/IMG_4962-300x225.jpg 300w, https:\/\/www.monta\u00f1asdelaluna.es\/wp-content\/uploads\/2015\/12\/IMG_4962.jpg 1795w\" sizes=\"auto, (max-width: 1024px) 100vw, 1024px\" \/><\/a><p id=\"caption-attachment-29074\" class=\"wp-caption-text\">Bajada por la Carena de Vallfigueres<\/p><\/div>\n<div id=\"attachment_29076\" style=\"width: 1034px\" class=\"wp-caption aligncenter\"><a class=\"dt-single-image\" href=\"https:\/\/www.monta\u00f1asdelaluna.es\/wp-content\/uploads\/2015\/12\/IMG_4965.jpg\" data-dt-img-description=\"\"><img loading=\"lazy\" decoding=\"async\" aria-describedby=\"caption-attachment-29076\" class=\"wp-image-29076 size-large\" src=\"https:\/\/www.monta\u00f1asdelaluna.es\/wp-content\/uploads\/2015\/12\/IMG_4965-1024x768.jpg\" alt=\"Pla del Pujol\" width=\"1024\" height=\"768\" srcset=\"https:\/\/www.monta\u00f1asdelaluna.es\/wp-content\/uploads\/2015\/12\/IMG_4965-1024x768.jpg 1024w, https:\/\/www.monta\u00f1asdelaluna.es\/wp-content\/uploads\/2015\/12\/IMG_4965-300x225.jpg 300w, https:\/\/www.monta\u00f1asdelaluna.es\/wp-content\/uploads\/2015\/12\/IMG_4965.jpg 1795w\" sizes=\"auto, (max-width: 1024px) 100vw, 1024px\" \/><\/a><p id=\"caption-attachment-29076\" class=\"wp-caption-text\">Pla del Pujol<\/p><\/div>\n<p>La bajada la intentamos hacer r\u00e1pida. Hemos perdido mucho tiempo (creemos) mientras busc\u00e1bamos entre el cerrado y denso bosque de encinas, una senda que podamos seguir. Al cabo de poco tiempo otro cruce de caminos; seguimos por el de la izquierda que nos baja (muy bien definido en el mapa Alpina) derechos y en zigzag hasta la carretera de C\u00e0noves a La Garriga. Justo al final de este camino est\u00e1 en sus cercan\u00edas la Font del Lle\u00f3 (que ni buscamos ni llegamos a ver) y una cadena cierra el paso a autom\u00f3viles cuando desemboca en la nombrada carretera.<\/p>\n<p>No ha llovido pero todo el d\u00eda ha estado como encapotado, gris y con mala visibilidad. Ya en la carretera acaba la actividad siguiendo la misma hac\u00eda la izquierda, hac\u00eda C\u00e0noves, en busca del coche\u2026 son unos cuantos minutos m\u00e1s\u2026 Acaba la actividad y ya podemos decir que conocemos otro lugar del Montseny, otros bosques, otras laderas y rincones; precioso el bosque m\u00e1gico y fantasmag\u00f3rico bajo La Roca Centella, y l\u00e1stima el no poder admirar las magn\u00edficas y fant\u00e1sticas vistas hac\u00eda El Vall\u00e8s desde esta singular y modesta cima.<\/p>\n<div id=\"attachment_29084\" style=\"width: 1114px\" class=\"wp-caption aligncenter\"><a class=\"dt-single-image\" href=\"https:\/\/www.monta\u00f1asdelaluna.es\/wp-content\/uploads\/2015\/12\/Rocacentella.parWeb.jpg\" data-dt-img-description=\"\"><img loading=\"lazy\" decoding=\"async\" aria-describedby=\"caption-attachment-29084\" class=\"wp-image-29084 size-full\" src=\"https:\/\/www.monta\u00f1asdelaluna.es\/wp-content\/uploads\/2015\/12\/Rocacentella.parWeb.jpg\" alt=\"Croquis de la ascenci\u00f3n a La Roca Centella. Puntos Discontinuos: camino\/senda no definida\/monte a trav\u00e9s. Punto Rojo: aparcamiento para el coche.\" width=\"1104\" height=\"1176\" srcset=\"https:\/\/www.monta\u00f1asdelaluna.es\/wp-content\/uploads\/2015\/12\/Rocacentella.parWeb.jpg 1104w, https:\/\/www.monta\u00f1asdelaluna.es\/wp-content\/uploads\/2015\/12\/Rocacentella.parWeb-282x300.jpg 282w, https:\/\/www.monta\u00f1asdelaluna.es\/wp-content\/uploads\/2015\/12\/Rocacentella.parWeb-961x1024.jpg 961w\" sizes=\"auto, (max-width: 1104px) 100vw, 1104px\" \/><\/a><p id=\"caption-attachment-29084\" class=\"wp-caption-text\">Croquis de la ascenci\u00f3n a La Roca Centella. Puntos Discontinuos: camino\/senda no definida\/monte a trav\u00e9s. Punto Rojo: aparcamiento para el coche.<\/p><\/div>\n<p>[vc_separator][\/vc_column_text][\/vc_column][\/vc_row][vc_row][vc_column][vc_empty_space height=\u00bb60px\u00bb][\/vc_column][\/vc_row][vc_row][vc_column][vc_cta h2=\u00bb\u00c1lbum de fotos\u00bb txt_align=\u00bbcenter\u00bb add_button=\u00bbbottom\u00bb btn_title=\u00bbVer fotos\u00bb btn_color=\u00bbwarning\u00bb btn_align=\u00bbcenter\u00bb btn_link=\u00bburl:https%3A%2F%2Fmonta%C3%B1asdelaluna.es%2F%3Fdt_gallery%3Droca-centella-en-el-montseny-2|title:Roca%20Centella%20en%20el%20Montseny|target:_blank\u00bb css=\u00bb.vc_custom_1625990786499{background-color: #8bc4ed !important;}\u00bb]Puedes ver todas las fotos del relato y actividad en forma de presentaci\u00f3n o individuales pinchando aqui \u00a1No te las pierdas![\/vc_cta][\/vc_column][\/vc_row][vc_row][vc_column][vc_empty_space height=\u00bb60px\u00bb][\/vc_column][\/vc_row][vc_row][vc_column width=\u00bb1\/3&#8243;][\/vc_column][vc_column width=\u00bb1\/2&#8243;][vc_raw_html]JTNDaWZyYW1lJTIwc3JjJTNEJTIyaHR0cHMlM0ElMkYlMkZ3d3cubWV0ZW9ibHVlLmNvbSUyRmVzJTJGdGllbXBvJTJGd2lkZ2V0JTJGZGFpbHklMkZtYXNzJTI1YzMlMjVhZHMtZGVsLW1vbnRzZW55X2VzcGElMjVjMyUyNWIxYV8zMTE2MjM2JTNGZ2VvbG9jJTNEZml4ZWQlMjZkYXlzJTNENyUyNnRlbXB1bml0JTNEQ0VMU0lVUyUyNndpbmR1bml0JTNES0lMT01FVEVSX1BFUl9IT1VSJTI2Y29sb3VyZWQlM0Rjb2xvdXJlZCUyNnBpY3RvaWNvbiUzRDElMjZtYXh0ZW1wZXJhdHVyZSUzRDElMjZtaW50ZW1wZXJhdHVyZSUzRDElMjZ3aW5kc3BlZWQlM0QxJTI2d2luZGd1c3QlM0QxJTI2d2luZGRpcmVjdGlvbiUzRDElMjZwcmVjaXBpdGF0aW9uJTNEMSUyNnByZWNpcGl0YXRpb25wcm9iYWJpbGl0eSUzRDElMjZzcG90JTNEMSUyNnByZXNzdXJlJTNEMSUyNmxheW91dCUzRGxpZ2h0JTIyJTIwJTIwZnJhbWVib3JkZXIlM0QlMjIwJTIyJTIwc2Nyb2xsaW5nJTNEJTIyTk8lMjIlMjBhbGxvd3RyYW5zcGFyZW5jeSUzRCUyMnRydWUlMjIlMjBzYW5kYm94JTNEJTIyYWxsb3ctc2FtZS1vcmlnaW4lMjBhbGxvdy1zY3JpcHRzJTIwYWxsb3ctcG9wdXBzJTIyJTIwc3R5bGUlM0QlMjJ3aWR0aCUzQSUyMDM3OHB4JTNCaGVpZ2h0JTNBJTIwNDExcHglMjIlM0UlM0MlMkZpZnJhbWUlM0UlM0NkaXYlM0UlM0MlMjEtLSUyMERPJTIwTk9UJTIwUkVNT1ZFJTIwVEhJUyUyMExJTkslMjAtLSUzRSUzQ2ElMjBocmVmJTNEJTIyaHR0cHMlM0ElMkYlMkZ3d3cubWV0ZW9ibHVlLmNvbSUyRmVzJTJGdGllbXBvJTJGcHJvbm9zdGljbyUyRnNlbWFuYSUyRm1hc3MlMjVjMyUyNWFkcy1kZWwtbW9udHNlbnlfZXNwYSUyNWMzJTI1YjFhXzMxMTYyMzYlM0Z1dG1fc291cmNlJTNEd2VhdGhlcl93aWRnZXQlMjZ1dG1fbWVkaXVtJTNEbGlua3VzJTI2dXRtX2NvbnRlbnQlM0RkYWlseSUyNnV0bV9jYW1wYWlnbiUzRFdlYXRoZXIlMjUyQldpZGdldCUyMiUyMHRhcmdldCUzRCUyMl9ibGFuayUyMiUzRW1ldGVvYmx1ZSUzQyUyRmElM0UlM0MlMkZkaXYlM0U=[\/vc_raw_html][\/vc_column][vc_column width=\u00bb1\/5&#8243;][\/vc_column][\/vc_row]<\/p>\n","protected":false},"excerpt":{"rendered":"<p>[vc_row][vc_column][vc_column_text]Se acercaba Navidad y hab\u00eda que organizar la t\u00edpica salida navide\u00f1a; la salida a la monta\u00f1a con sidra, turrones y otras delicias y dulces navide\u00f1os. Despu\u00e9s de unos meses de ajetreo fuera de la monta\u00f1a y con la residencia cambiada, m\u00e1s cerca del Montseny, lo ideal era buscar una ruta, una monta\u00f1a, ascensi\u00f3n o pico&hellip;<\/p>\n","protected":false},"author":1,"featured_media":29046,"comment_status":"open","ping_status":"open","sticky":false,"template":"","format":"standard","meta":[],"categories":[133],"tags":[],"class_list":["post-29082","post","type-post","status-publish","format-standard","has-post-thumbnail","hentry","category-la-calma","category-133","description-off"],"_links":{"self":[{"href":"https:\/\/www.monta\u00f1asdelaluna.es\/index.php?rest_route=\/wp\/v2\/posts\/29082","targetHints":{"allow":["GET"]}}],"collection":[{"href":"https:\/\/www.monta\u00f1asdelaluna.es\/index.php?rest_route=\/wp\/v2\/posts"}],"about":[{"href":"https:\/\/www.monta\u00f1asdelaluna.es\/index.php?rest_route=\/wp\/v2\/types\/post"}],"author":[{"embeddable":true,"href":"https:\/\/www.monta\u00f1asdelaluna.es\/index.php?rest_route=\/wp\/v2\/users\/1"}],"replies":[{"embeddable":true,"href":"https:\/\/www.monta\u00f1asdelaluna.es\/index.php?rest_route=%2Fwp%2Fv2%2Fcomments&post=29082"}],"version-history":[{"count":9,"href":"https:\/\/www.monta\u00f1asdelaluna.es\/index.php?rest_route=\/wp\/v2\/posts\/29082\/revisions"}],"predecessor-version":[{"id":48077,"href":"https:\/\/www.monta\u00f1asdelaluna.es\/index.php?rest_route=\/wp\/v2\/posts\/29082\/revisions\/48077"}],"wp:featuredmedia":[{"embeddable":true,"href":"https:\/\/www.monta\u00f1asdelaluna.es\/index.php?rest_route=\/wp\/v2\/media\/29046"}],"wp:attachment":[{"href":"https:\/\/www.monta\u00f1asdelaluna.es\/index.php?rest_route=%2Fwp%2Fv2%2Fmedia&parent=29082"}],"wp:term":[{"taxonomy":"category","embeddable":true,"href":"https:\/\/www.monta\u00f1asdelaluna.es\/index.php?rest_route=%2Fwp%2Fv2%2Fcategories&post=29082"},{"taxonomy":"post_tag","embeddable":true,"href":"https:\/\/www.monta\u00f1asdelaluna.es\/index.php?rest_route=%2Fwp%2Fv2%2Ftags&post=29082"}],"curies":[{"name":"wp","href":"https:\/\/api.w.org\/{rel}","templated":true}]}}