{"id":29278,"date":"2014-08-30T18:53:41","date_gmt":"2014-08-30T18:53:41","guid":{"rendered":"http:\/\/monta\u00f1asdelaluna.com\/?p=29278"},"modified":"2021-07-16T20:34:30","modified_gmt":"2021-07-16T20:34:30","slug":"penyes-altes-de-moixero","status":"publish","type":"post","link":"https:\/\/www.monta\u00f1asdelaluna.es\/?p=29278","title":{"rendered":"Penyes Altes de Moixer\u00f3"},"content":{"rendered":"<p>[vc_row][vc_column][vc_column_text]Despu\u00e9s de aplazar una interesante traves\u00eda y ascensi\u00f3n en los Pirineos, decido salir en solitario a conocer improvisadamente una bonita y conocida parte del Prepirineo Interior entre las provincias de Girona y Barcelona: el famoso sistema de la Sierra del Cad\u00ed-Moixer\u00f3.<\/p>\n<p>En este caso me acercar\u00e9 a la m\u00e1xima altura de la Sierra del Moixer\u00f3, las Penyes Altes de Moixer\u00f3. Curiosamente es la altura m\u00e1s revelante m\u00e1s cercana a la salida del t\u00fanel del Cad\u00ed y la que no tiene un recorrido en coche de aproximaci\u00f3n demasiado largo.<\/p>\n<p>Por ello el pasado s\u00e1bado 30 de agosto salgo del t\u00fanel del Cad\u00ed con la hermosa visi\u00f3n del amplio valle de La Cerdanya. Despu\u00e9s de un poco de l\u00edo de carretera para llegar a la cercana y primera poblaci\u00f3n m\u00e1s cercana a la boca norte del t\u00fanel, Riu de Cerdanya, cojo una pista (primero asfalta) que me llevar\u00e1 por las lomas y laderas de la Sierra de Moixer\u00f3 en busca del Refugio del Serrat de Les Esposes.<\/p>\n<div id=\"attachment_29195\" style=\"width: 1034px\" class=\"wp-caption aligncenter\"><a class=\"dt-single-image\" href=\"https:\/\/www.monta\u00f1asdelaluna.es\/wp-content\/uploads\/2016\/05\/Moixer\u00f3-005.jpg\" data-dt-img-description=\"\"><img loading=\"lazy\" decoding=\"async\" aria-describedby=\"caption-attachment-29195\" class=\"wp-image-29195 size-large\" src=\"https:\/\/www.monta\u00f1asdelaluna.es\/wp-content\/uploads\/2016\/05\/Moixer\u00f3-005-1024x768.jpg\" alt=\"Joaqu\u00edn en el Serrat de Les Esposes\" width=\"1024\" height=\"768\" srcset=\"https:\/\/www.monta\u00f1asdelaluna.es\/wp-content\/uploads\/2016\/05\/Moixer\u00f3-005-1024x768.jpg 1024w, https:\/\/www.monta\u00f1asdelaluna.es\/wp-content\/uploads\/2016\/05\/Moixer\u00f3-005-300x225.jpg 300w, https:\/\/www.monta\u00f1asdelaluna.es\/wp-content\/uploads\/2016\/05\/Moixer\u00f3-005.jpg 1690w\" sizes=\"auto, (max-width: 1024px) 100vw, 1024px\" \/><\/a><p id=\"caption-attachment-29195\" class=\"wp-caption-text\">Joaqu\u00edn en el Serrat de Les Esposes<\/p><\/div>\n<p>El tiempo est\u00e1 muy nublado, pero las nubes est\u00e1n metidas entre las laderas, las monta\u00f1as, los impresionantes bosques; tambi\u00e9n est\u00e1n en las alturas, con amenazas de que esta tarde haya tormenta, lluvia. Estas nubes ser\u00e1n las protagonistas en toda la actividad, en todo el d\u00eda. Pero me impresiono, me sorprendo genialmente con la Sierra de Moixer\u00f3, con las numerosas laderas y rincones de estas encantadoras monta\u00f1as, son impresionantes bosques de altos y numerosos pinos, frondosos y con ese color verde oscuro incre\u00edble. Muy pirenaico, muy monta\u00f1oso, perfecto y hermoso.<\/p>\n<p>El Refugio del Serrat de Les Esposes tiene una forma curiosa y unos colores llamativos. Hay ni\u00f1os con sus padres que preparan excursiones por la bella sierra, y hay un espacio con bancos, hierba y altos \u00e1rboles. Un lugar id\u00edlico y bonito para un picnic y disfrutar de la monta\u00f1a. Aparco justo detr\u00e1s del refugio y como un perfecto desconocido en una genial monta\u00f1a, comienzo a deambular, mirando el mapa y saber hac\u00eda donde debo salir en busca, en un principio, de la columna vertebral de la sierra y su pico Moixer\u00f3. Monte a trav\u00e9s subo justo la ladera que queda detr\u00e1s del refugio. Y en un momento llego a la peque\u00f1a cima pedregosa y casi picuda. Es el Serrat de Les Esposes a 1.544 mts.<\/p>\n<div id=\"attachment_29201\" style=\"width: 1034px\" class=\"wp-caption aligncenter\"><a class=\"dt-single-image\" href=\"https:\/\/www.monta\u00f1asdelaluna.es\/wp-content\/uploads\/2016\/05\/Moixer\u00f3-014.jpg\" data-dt-img-description=\"\"><img loading=\"lazy\" decoding=\"async\" aria-describedby=\"caption-attachment-29201\" class=\"wp-image-29201 size-large\" src=\"https:\/\/www.monta\u00f1asdelaluna.es\/wp-content\/uploads\/2016\/05\/Moixer\u00f3-014-1024x768.jpg\" alt=\"Hongos y setas por el camino\" width=\"1024\" height=\"768\" srcset=\"https:\/\/www.monta\u00f1asdelaluna.es\/wp-content\/uploads\/2016\/05\/Moixer\u00f3-014-1024x768.jpg 1024w, https:\/\/www.monta\u00f1asdelaluna.es\/wp-content\/uploads\/2016\/05\/Moixer\u00f3-014-300x225.jpg 300w, https:\/\/www.monta\u00f1asdelaluna.es\/wp-content\/uploads\/2016\/05\/Moixer\u00f3-014.jpg 1690w\" sizes=\"auto, (max-width: 1024px) 100vw, 1024px\" \/><\/a><p id=\"caption-attachment-29201\" class=\"wp-caption-text\">Hongos y setas por el camino<\/p><\/div>\n<div id=\"attachment_29202\" style=\"width: 1034px\" class=\"wp-caption aligncenter\"><a class=\"dt-single-image\" href=\"https:\/\/www.monta\u00f1asdelaluna.es\/wp-content\/uploads\/2016\/05\/Moixer\u00f3-015.jpg\" data-dt-img-description=\"\"><img loading=\"lazy\" decoding=\"async\" aria-describedby=\"caption-attachment-29202\" class=\"wp-image-29202 size-large\" src=\"https:\/\/www.monta\u00f1asdelaluna.es\/wp-content\/uploads\/2016\/05\/Moixer\u00f3-015-1024x768.jpg\" alt=\"Hongos y setas por el camino\" width=\"1024\" height=\"768\" srcset=\"https:\/\/www.monta\u00f1asdelaluna.es\/wp-content\/uploads\/2016\/05\/Moixer\u00f3-015-1024x768.jpg 1024w, https:\/\/www.monta\u00f1asdelaluna.es\/wp-content\/uploads\/2016\/05\/Moixer\u00f3-015-300x225.jpg 300w, https:\/\/www.monta\u00f1asdelaluna.es\/wp-content\/uploads\/2016\/05\/Moixer\u00f3-015.jpg 1690w\" sizes=\"auto, (max-width: 1024px) 100vw, 1024px\" \/><\/a><p id=\"caption-attachment-29202\" class=\"wp-caption-text\">Hongos y setas por el camino<\/p><\/div>\n<p>Desde aqu\u00ed hay una excelente vista de la sierra y del posible recorrido que voy a realizar. Incre\u00edbles las vistas. Magn\u00edfica la visi\u00f3n de la monta\u00f1a, de la sierra. Me agrada. De nuevo miro el mapa. El Alpina de La Cerdanya es de 1:50.000 y no tiene un detalle exacto de de los recorridos y peque\u00f1os puntos concretos en los rincones de la monta\u00f1a. Pero descubro que la senda a elegir sale a la derecha del refugio y hac\u00eda abajo paralelo al fondo del barranco que sale desde all\u00ed mismo y como hac\u00eda el interior de la sierra. Est\u00e1 todo muy verde y hermoso. Las nubes ahora s\u00ed, ahora no, cubren las cimas de la sierra, las laderas boscosas\u2026 Llego hasta casi el fondo del barranco y sigo una senda hac\u00eda abajo pegada a los h\u00famedos terrenos de lo que podr\u00eda ser lo m\u00e1s parecido a una especie de arroyo.<\/p>\n<p>\u00c9sta senda tiene las marcas del famoso recorrido de la traves\u00eda de Els Cavalls del Vent, y seguir\u00e9 sus marcas hasta toparme con las del G.R.-150 ya en la cima de la sierra. Es f\u00e1cil. La senda baja y se interna por un vallecillo, despu\u00e9s de una subida paulatina, convirti\u00e9ndose en un camino f\u00e1cil de seguir por el fondo del espl\u00e9ndido valle, en direcci\u00f3n suroeste.<\/p>\n<div id=\"attachment_29205\" style=\"width: 1034px\" class=\"wp-caption aligncenter\"><a class=\"dt-single-image\" href=\"https:\/\/www.monta\u00f1asdelaluna.es\/wp-content\/uploads\/2016\/05\/Moixer\u00f3-020.jpg\" data-dt-img-description=\"\"><img loading=\"lazy\" decoding=\"async\" aria-describedby=\"caption-attachment-29205\" class=\"wp-image-29205 size-large\" src=\"https:\/\/www.monta\u00f1asdelaluna.es\/wp-content\/uploads\/2016\/05\/Moixer\u00f3-020-1024x768.jpg\" alt=\"Senda hacia el Coll de la Font Freda de Riu\" width=\"1024\" height=\"768\" srcset=\"https:\/\/www.monta\u00f1asdelaluna.es\/wp-content\/uploads\/2016\/05\/Moixer\u00f3-020-1024x768.jpg 1024w, https:\/\/www.monta\u00f1asdelaluna.es\/wp-content\/uploads\/2016\/05\/Moixer\u00f3-020-300x225.jpg 300w, https:\/\/www.monta\u00f1asdelaluna.es\/wp-content\/uploads\/2016\/05\/Moixer\u00f3-020.jpg 1690w\" sizes=\"auto, (max-width: 1024px) 100vw, 1024px\" \/><\/a><p id=\"caption-attachment-29205\" class=\"wp-caption-text\">Senda hacia el Coll de la Font Freda de Riu<\/p><\/div>\n<div id=\"attachment_29206\" style=\"width: 1034px\" class=\"wp-caption aligncenter\"><a class=\"dt-single-image\" href=\"https:\/\/www.monta\u00f1asdelaluna.es\/wp-content\/uploads\/2016\/05\/Moixer\u00f3-022.jpg\" data-dt-img-description=\"\"><img loading=\"lazy\" decoding=\"async\" aria-describedby=\"caption-attachment-29206\" class=\"wp-image-29206 size-large\" src=\"https:\/\/www.monta\u00f1asdelaluna.es\/wp-content\/uploads\/2016\/05\/Moixer\u00f3-022-1024x768.jpg\" alt=\"Acerc\u00e1ndome a la cima de la sierra\" width=\"1024\" height=\"768\" srcset=\"https:\/\/www.monta\u00f1asdelaluna.es\/wp-content\/uploads\/2016\/05\/Moixer\u00f3-022-1024x768.jpg 1024w, https:\/\/www.monta\u00f1asdelaluna.es\/wp-content\/uploads\/2016\/05\/Moixer\u00f3-022-300x225.jpg 300w, https:\/\/www.monta\u00f1asdelaluna.es\/wp-content\/uploads\/2016\/05\/Moixer\u00f3-022.jpg 1690w\" sizes=\"auto, (max-width: 1024px) 100vw, 1024px\" \/><\/a><p id=\"caption-attachment-29206\" class=\"wp-caption-text\">Acerc\u00e1ndome a la cima de la sierra<\/p><\/div>\n<p>Las marcas son de color naranja y las encuentro numerosas en el recorrido. La vegetaci\u00f3n es fant\u00e1stica y muy sana; incluso salen al paso, al camino, grandes abetos con su maravillosa e inconfundible silueta, los cuales hincan sus ra\u00edces entre las aguas del arroyo que baja con agua limpia y suficiente. Me encuentro de tanto en tanto con gente que grita perdida en medio de los bosques (no muy lejos del camino) y que caminan muy lentos, casi escondidos entre la maleza, con una cesta en una mano, un palo o apoyo en la otra y siempre mirando hac\u00eda abajo con esa mirada perdida y ausente hac\u00eda el resto de su alrededor. Son buscadores de \u201cbolets\u201d. Este verano ha llovido (y sigue lloviendo) mucho en Catalu\u00f1a, Pirineo y Prepirineo, y las setas ante tal humedad y no demasiado calor, han resurgido en\u00e9rgicas y numerosas adelant\u00e1ndose a su estaci\u00f3n y tiempo para aparecer. Realmente est\u00e1 haciendo un verano inusual, lluvioso y nada caluroso.<\/p>\n<p>El camino hace un giro a la izquierda para despu\u00e9s seguir m\u00e1s arriba girando a la derecha sin perder el perfil del vallecillo. Decido internarme en el bosque para atajar este giro, estas curvas. El bosque est\u00e1 muy h\u00famedo y vivo, con setas y verdor por todas partes. Llega un momento que decido subir la ladera para buscar de nuevo el camino, ya que la \u201cfalsa\u201d senda desaparece y estaba demasiado cerca del cauce seco del torrente, lo m\u00e1s al fondo del valle. F\u00e1cilmente y con pocos pasos encuentro el camino y lo sigo con la misma direcci\u00f3n suroeste-oeste, derecha y valle arriba. No hay p\u00e9rdida.<\/p>\n<div id=\"attachment_29211\" style=\"width: 1034px\" class=\"wp-caption aligncenter\"><a class=\"dt-single-image\" href=\"https:\/\/www.monta\u00f1asdelaluna.es\/wp-content\/uploads\/2016\/05\/Moixer\u00f3-028.jpg\" data-dt-img-description=\"\"><img loading=\"lazy\" decoding=\"async\" aria-describedby=\"caption-attachment-29211\" class=\"wp-image-29211 size-large\" src=\"https:\/\/www.monta\u00f1asdelaluna.es\/wp-content\/uploads\/2016\/05\/Moixer\u00f3-028-1024x768.jpg\" alt=\"Caballos en el Coll de la Font Freda de Riu\" width=\"1024\" height=\"768\" srcset=\"https:\/\/www.monta\u00f1asdelaluna.es\/wp-content\/uploads\/2016\/05\/Moixer\u00f3-028-1024x768.jpg 1024w, https:\/\/www.monta\u00f1asdelaluna.es\/wp-content\/uploads\/2016\/05\/Moixer\u00f3-028-300x225.jpg 300w, https:\/\/www.monta\u00f1asdelaluna.es\/wp-content\/uploads\/2016\/05\/Moixer\u00f3-028.jpg 1690w\" sizes=\"auto, (max-width: 1024px) 100vw, 1024px\" \/><\/a><p id=\"caption-attachment-29211\" class=\"wp-caption-text\">Caballos en el Coll de la Font Freda de Riu<\/p><\/div>\n<div id=\"attachment_29214\" style=\"width: 1034px\" class=\"wp-caption aligncenter\"><a class=\"dt-single-image\" href=\"https:\/\/www.monta\u00f1asdelaluna.es\/wp-content\/uploads\/2016\/05\/Moixer\u00f3-036.jpg\" data-dt-img-description=\"\"><img loading=\"lazy\" decoding=\"async\" aria-describedby=\"caption-attachment-29214\" class=\"wp-image-29214 size-large\" src=\"https:\/\/www.monta\u00f1asdelaluna.es\/wp-content\/uploads\/2016\/05\/Moixer\u00f3-036-1024x768.jpg\" alt=\"Cima a la izquierda del Coll de la Font Freda de Riu\" width=\"1024\" height=\"768\" srcset=\"https:\/\/www.monta\u00f1asdelaluna.es\/wp-content\/uploads\/2016\/05\/Moixer\u00f3-036-1024x768.jpg 1024w, https:\/\/www.monta\u00f1asdelaluna.es\/wp-content\/uploads\/2016\/05\/Moixer\u00f3-036-300x225.jpg 300w, https:\/\/www.monta\u00f1asdelaluna.es\/wp-content\/uploads\/2016\/05\/Moixer\u00f3-036.jpg 1690w\" sizes=\"auto, (max-width: 1024px) 100vw, 1024px\" \/><\/a><p id=\"caption-attachment-29214\" class=\"wp-caption-text\">Cima a la izquierda del Coll de la Font Freda de Riu<\/p><\/div>\n<p>Seg\u00fan el mapa llega un momento en que el recorrido de Cavalls del Vent deja el camino y gira hac\u00eda la izquierda, sur y por un estrecho vallecillo hac\u00eda arriba. A partir de aqu\u00ed la subida es m\u00e1s directa y empinada. El cruce con el cambio de recorrido es apreciable: en una especie de claro, de peque\u00f1o prado, aparecen dos piedras dispuestas en lugares y formas diferentes, con la t\u00edpica marca naranja. Una sendilla sube perdi\u00e9ndose de nuevo entre los hermosos pinos. Perfecto.<\/p>\n<p>Hay barro y resbala en muchas partes del empinado y directo sendero, sus mojadas piedras y el terreno m\u00e1s vertical con su h\u00fameda tierra en medio del mismo. Hay que llevar algo de cuidado por si pierdo el equilibrio en alg\u00fan resbal\u00f3n. La senda empinada hace que enseguida coja altura. Pero me d\u00e1 la sensaci\u00f3n de ser larga la subida o es que yo voy demasiado r\u00e1pido y me canso enseguida; creo que la raz\u00f3n es mi cansancio.<\/p>\n<div id=\"attachment_29212\" style=\"width: 1700px\" class=\"wp-caption aligncenter\"><a class=\"dt-single-image\" href=\"https:\/\/www.monta\u00f1asdelaluna.es\/wp-content\/uploads\/2016\/05\/Moixer\u00f3-031.jpg\" data-dt-img-description=\"\"><img loading=\"lazy\" decoding=\"async\" aria-describedby=\"caption-attachment-29212\" class=\"wp-image-29212 size-full\" src=\"https:\/\/www.monta\u00f1asdelaluna.es\/wp-content\/uploads\/2016\/05\/Moixer\u00f3-031.jpg\" alt=\"Desde las inmediaciones del Roc Cremat, vistas hac\u00eda el las Penyes Altes de Moixer\u00f3 entre la niebla\" width=\"1690\" height=\"1267\" srcset=\"https:\/\/www.monta\u00f1asdelaluna.es\/wp-content\/uploads\/2016\/05\/Moixer\u00f3-031.jpg 1690w, https:\/\/www.monta\u00f1asdelaluna.es\/wp-content\/uploads\/2016\/05\/Moixer\u00f3-031-300x225.jpg 300w, https:\/\/www.monta\u00f1asdelaluna.es\/wp-content\/uploads\/2016\/05\/Moixer\u00f3-031-1024x768.jpg 1024w\" sizes=\"auto, (max-width: 1690px) 100vw, 1690px\" \/><\/a><p id=\"caption-attachment-29212\" class=\"wp-caption-text\">Desde las inmediaciones del Roc Cremat, vistas hac\u00eda el las Penyes Altes de Moixer\u00f3 entre la niebla<\/p><\/div>\n<p>Arriba, casi fantasmag\u00f3ricamente, el bosque se abre con menos frondosidad y a la vez lo va envolviendo una niebla espesa y cimera. Debo ir en direcci\u00f3n a la niebla y arriba. La senda deja de subir directa y gira hac\u00eda la derecha y m\u00e1s llana. Dejamos el vallecillo y ahora tengo la impresi\u00f3n de estar cerca o arriba de la cima de la sierra, de su columna vertebral. Los \u00e1rboles ahora est\u00e1n esparcidos entre los perfiles cimeros y la niebla blanca y espesa. El sendero llega a otro cruce de senderos y ahora me hace girar hac\u00eda la izquierda y arriba. Sigo otras marcas, las marcas del G.R.-150 blancas y rojas. Me d\u00e1 la sensaci\u00f3n de estar arriba de ese cordal cimero\u2026 pero no, y en ese momento no lo sab\u00eda. Cre\u00eda estar ya en el Coll de Moixer\u00f3, pero no. Eran las proximidades del Coll de La Font Freda de Riu.<\/p>\n<p>Subiendo por esta senda y por en medio de una espesa niebla llego a un punto en el que hay una manada de caballos, potrillos juguetones\u2026 que no le tienen miedo al hombre (y m\u00e1s si va solo y perdido). Juego con hacer fotos y darle la mano a un potrillo que se me acerca curioso. Lindo. Y decido al cabo de poco tiempo el seguir el recorrido. Y es aqu\u00ed donde cometo un error remediable: en lugar de seguir el recorrido del G.R. me desv\u00edo en medio de la niebla subiendo por una ladera (casi siguiente a la que ven\u00eda) por una especie de sendero no demasiado marcado. Cre\u00eda que ya estaba en el Coll de Moixer\u00f3 y que ahora tocaba subir el Moixer\u00f3. Pero no. En lugar de eso subo la altura que queda a la izquierda y noreste (seg\u00fan se ve en el mapa) siguiendo su perfil al otro lado en la misma direcci\u00f3n, bajando a otro claro del nuevo bosque encontrado, donde hay un colladito con una senda clara, dejando a la izquierda el llamado Roc Cremat. He subido a una loma de 2.006 mts. sin nombre donde una pl\u00e1cida vaca con su ternerito reci\u00e9n nacido y separado del resto del ganado, descansaban y se escond\u00edan mientras el ternerito disfrutaba de sus primeros d\u00edas de vida. Enternecedor.<\/p>\n<div id=\"attachment_29217\" style=\"width: 1034px\" class=\"wp-caption aligncenter\"><a class=\"dt-single-image\" href=\"https:\/\/www.monta\u00f1asdelaluna.es\/wp-content\/uploads\/2016\/05\/Moixer\u00f3-040.jpg\" data-dt-img-description=\"\"><img loading=\"lazy\" decoding=\"async\" aria-describedby=\"caption-attachment-29217\" class=\"wp-image-29217 size-large\" src=\"https:\/\/www.monta\u00f1asdelaluna.es\/wp-content\/uploads\/2016\/05\/Moixer\u00f3-040-1024x768.jpg\" alt=\"En el centro Les Penyes Altes de Moixer\u00f3\" width=\"1024\" height=\"768\" srcset=\"https:\/\/www.monta\u00f1asdelaluna.es\/wp-content\/uploads\/2016\/05\/Moixer\u00f3-040-1024x768.jpg 1024w, https:\/\/www.monta\u00f1asdelaluna.es\/wp-content\/uploads\/2016\/05\/Moixer\u00f3-040-300x225.jpg 300w, https:\/\/www.monta\u00f1asdelaluna.es\/wp-content\/uploads\/2016\/05\/Moixer\u00f3-040.jpg 1690w\" sizes=\"auto, (max-width: 1024px) 100vw, 1024px\" \/><\/a><p id=\"caption-attachment-29217\" class=\"wp-caption-text\">En el centro Les Penyes Altes de Moixer\u00f3<\/p><\/div>\n<div id=\"attachment_29220\" style=\"width: 1034px\" class=\"wp-caption aligncenter\"><a class=\"dt-single-image\" href=\"https:\/\/www.monta\u00f1asdelaluna.es\/wp-content\/uploads\/2016\/05\/Moixer\u00f3-044.jpg\" data-dt-img-description=\"\"><img loading=\"lazy\" decoding=\"async\" aria-describedby=\"caption-attachment-29220\" class=\"wp-image-29220 size-large\" src=\"https:\/\/www.monta\u00f1asdelaluna.es\/wp-content\/uploads\/2016\/05\/Moixer\u00f3-044-1024x768.jpg\" alt=\"Penyes Altes de Moixer\u00f3 entre las nieblas\" width=\"1024\" height=\"768\" srcset=\"https:\/\/www.monta\u00f1asdelaluna.es\/wp-content\/uploads\/2016\/05\/Moixer\u00f3-044-1024x768.jpg 1024w, https:\/\/www.monta\u00f1asdelaluna.es\/wp-content\/uploads\/2016\/05\/Moixer\u00f3-044-300x225.jpg 300w, https:\/\/www.monta\u00f1asdelaluna.es\/wp-content\/uploads\/2016\/05\/Moixer\u00f3-044.jpg 1690w\" sizes=\"auto, (max-width: 1024px) 100vw, 1024px\" \/><\/a><p id=\"caption-attachment-29220\" class=\"wp-caption-text\">Penyes Altes de Moixer\u00f3 entre las nieblas<\/p><\/div>\n<p>Justo desde este colladito sigo hac\u00eda la derecha y sur con la intenci\u00f3n de internarme de nuevo en la monta\u00f1a. La senda parece clara y se desliza por otro vallecito con su parte m\u00e1s alta abierto con amplios prados. Al menos puedo decir que gracias a esta equivocaci\u00f3n pude disfrutar de unas extraordinarias vistas, envueltas en las nubes y nieblas, de las alturas y laderas boscosas, verticales de la Sierra de Moixer\u00f3. Contemplo y descubro lo que parece ser un pico bastante alto en el horizonte de la sierra, el m\u00e1s alto, es Las Penyes Altes de Moixer\u00f3. El zoom de mi Canon intenta capturar su imagen. M\u00e1s hac\u00eda la derecha las nubes inundan todo el cordal entre donde estoy yo y Las Penyes Altes de Moixer\u00f3; son las inmediaciones del Coll de Moixer\u00f3. Ese s\u00ed que es.<\/p>\n<p>Sigo la senda y me acerco hasta una alta vaguada en el valle, al final del mismo: es el mismo Coll de Moixer\u00f3 entre prados y suaves lomas. Hay una casa en medio del prado antes de llegar al collado, y m\u00e1s arriba una especie de balsa como una peque\u00f1a lagunilla. Miro el mapa Alpina. Ahora ya s\u00e9 donde estoy\u2026 \u00a1Si que me he desviado y equivocado!<\/p>\n<div id=\"attachment_29221\" style=\"width: 1034px\" class=\"wp-caption aligncenter\"><a class=\"dt-single-image\" href=\"https:\/\/www.monta\u00f1asdelaluna.es\/wp-content\/uploads\/2016\/05\/Moixer\u00f3-045.jpg\" data-dt-img-description=\"\"><img loading=\"lazy\" decoding=\"async\" aria-describedby=\"caption-attachment-29221\" class=\"wp-image-29221 size-large\" src=\"https:\/\/www.monta\u00f1asdelaluna.es\/wp-content\/uploads\/2016\/05\/Moixer\u00f3-045-1024x576.jpg\" alt=\"Llegando al Coll de Moixer\u00f3, delante la Barraca de Moixer\u00f3\" width=\"1024\" height=\"576\" srcset=\"https:\/\/www.monta\u00f1asdelaluna.es\/wp-content\/uploads\/2016\/05\/Moixer\u00f3-045-1024x576.jpg 1024w, https:\/\/www.monta\u00f1asdelaluna.es\/wp-content\/uploads\/2016\/05\/Moixer\u00f3-045-300x169.jpg 300w, https:\/\/www.monta\u00f1asdelaluna.es\/wp-content\/uploads\/2016\/05\/Moixer\u00f3-045.jpg 1690w\" sizes=\"auto, (max-width: 1024px) 100vw, 1024px\" \/><\/a><p id=\"caption-attachment-29221\" class=\"wp-caption-text\">Llegando al Coll de Moixer\u00f3, delante la Barraca de Moixer\u00f3<\/p><\/div>\n<div id=\"attachment_29222\" style=\"width: 1034px\" class=\"wp-caption aligncenter\"><a class=\"dt-single-image\" href=\"https:\/\/www.monta\u00f1asdelaluna.es\/wp-content\/uploads\/2016\/05\/Moixer\u00f3-046.jpg\" data-dt-img-description=\"\"><img loading=\"lazy\" decoding=\"async\" aria-describedby=\"caption-attachment-29222\" class=\"wp-image-29222 size-large\" src=\"https:\/\/www.monta\u00f1asdelaluna.es\/wp-content\/uploads\/2016\/05\/Moixer\u00f3-046-1024x768.jpg\" alt=\"Llegando al Coll de Moixer\u00f3\" width=\"1024\" height=\"768\" srcset=\"https:\/\/www.monta\u00f1asdelaluna.es\/wp-content\/uploads\/2016\/05\/Moixer\u00f3-046-1024x768.jpg 1024w, https:\/\/www.monta\u00f1asdelaluna.es\/wp-content\/uploads\/2016\/05\/Moixer\u00f3-046-300x225.jpg 300w, https:\/\/www.monta\u00f1asdelaluna.es\/wp-content\/uploads\/2016\/05\/Moixer\u00f3-046.jpg 1690w\" sizes=\"auto, (max-width: 1024px) 100vw, 1024px\" \/><\/a><p id=\"caption-attachment-29222\" class=\"wp-caption-text\">Llegando al Coll de Moixer\u00f3<\/p><\/div>\n<p>Sigo en direcci\u00f3n a la casita. Paso junto a ella y cerca de un gran \u201ctoro\u201d pero sin apariencia de ser ib\u00e9rico, m\u00e1s bien n\u00f3rdico pero magn\u00edfico e imponente. Ahora ya tengo buena direcci\u00f3n. Al fondo veo un grupo de ciclistas parados o que pasan por el collado, el camino que sigue desde la parte derecha hac\u00eda el collado, justo a la derecha veo el grupo de caballos\u2026 \u00a1\u00bfAh\u00ed est\u00e1n los caballos?! El desv\u00edo ha sido importante y el camino correcto me hubiera que no perdiera tanto tiempo. Pocos metros separaban donde estaban los caballos (Coll de la Font Freda de Riu, 1.979 mts.) del Coll de Moixer\u00f3 (1.972 mts.).<\/p>\n<p>Despu\u00e9s de pasar por la Font de Moixer\u00f3 llego al collado del mismo nombre. Hay una especie de valla con el alambre electrificado por casi todo el cordal cimero de la sierra. Foto junto a un cartel que har\u00e1 de se\u00f1al y marca identificativo del Coll de Moixer\u00f3 (C. de R. Font del Faig). Las nieblas impiden admirar las posibles magn\u00edficas vistas pero a la vez le dan un toque alpino y m\u00edstico a la monta\u00f1a. Ahora el camino debe de seguir hac\u00eda la izquierda y este comenzando a subir, lo que ser\u00eda, la loma oeste del pico Moixer\u00f3 o Serrat de Moixer\u00f3. Hay un camino bien ancho que rodea la ladera y la monta\u00f1a, pero otras marcas amarillas van en direcci\u00f3n arriba, directo, en busca de la cima de esta monta\u00f1a.<\/p>\n<div id=\"attachment_29225\" style=\"width: 1034px\" class=\"wp-caption aligncenter\"><a class=\"dt-single-image\" href=\"https:\/\/www.monta\u00f1asdelaluna.es\/wp-content\/uploads\/2016\/05\/Moixer\u00f3-051.jpg\" data-dt-img-description=\"\"><img loading=\"lazy\" decoding=\"async\" aria-describedby=\"caption-attachment-29225\" class=\"wp-image-29225 size-large\" src=\"https:\/\/www.monta\u00f1asdelaluna.es\/wp-content\/uploads\/2016\/05\/Moixer\u00f3-051-1024x576.jpg\" alt=\"Coll de Moixer\u00f3, 1.972 mts.\" width=\"1024\" height=\"576\" srcset=\"https:\/\/www.monta\u00f1asdelaluna.es\/wp-content\/uploads\/2016\/05\/Moixer\u00f3-051-1024x576.jpg 1024w, https:\/\/www.monta\u00f1asdelaluna.es\/wp-content\/uploads\/2016\/05\/Moixer\u00f3-051-300x169.jpg 300w, https:\/\/www.monta\u00f1asdelaluna.es\/wp-content\/uploads\/2016\/05\/Moixer\u00f3-051.jpg 1690w\" sizes=\"auto, (max-width: 1024px) 100vw, 1024px\" \/><\/a><p id=\"caption-attachment-29225\" class=\"wp-caption-text\">Coll de Moixer\u00f3, 1.972 mts.<\/p><\/div>\n<p>Subo apresuradamente. Las marcas y la subida no dan tregua pero no es demasiado tiempo, la cumbre est\u00e1 muy cerca. Despu\u00e9s de encresparme por una parte m\u00e1s rocosa y de pasar por debajo del alambre electrificado con cuidado, llego enseguida a la curiosa y \u00fanica cima del Moixer\u00f3. La cima est\u00e1 invadida por el grupo de ciclistas con sus bicis los cuales he visto en el Coll de Moixer\u00f3. Les hago fotos de cumbre al numeroso grupo, me hacen una foto de cumbre a m\u00ed. Genial. Estoy a 2.091 mts. de altura y todo est\u00e1 inmerso en la niebla; no hay vistas, no hay paisaje, pero la actividad est\u00e1 siendo fant\u00e1stica (ahora que s\u00e9 que voy por buen camino).<\/p>\n<p>Parec\u00eda que Las Penyes Altes de Moixer\u00f3 estaban algo lejos del collado. Pero al final decid\u00ed intentar llegar a la cima m\u00e1s alta de la Sierra de Moixer\u00f3 \u00bfPor qu\u00e9 no? Estaba muy bien se\u00f1alizada seg\u00fan el mapa Alpina. Entonces bajo por el lado contrario al de subida. Toda la ladera verde sin otro matorral que la fresca hierba est\u00e1 plagada de setas blancas y peculiares. La niebla impide mi visi\u00f3n, pero entre mi intuici\u00f3n y orientaci\u00f3n, y algunos palos clavados o ca\u00eddos con la marca amarilla, sigo su rastro hasta toparme con el camino que lleva el G.R. y que rodeaba el pico por su ladera norte. Voy solo en medio de la niebla, de hecho menos en la parte que me encontr\u00e9 con aquellos \u201cboletaires\u201d no me he topado con nadie en mi camino hasta aqu\u00ed.<\/p>\n<div id=\"attachment_29232\" style=\"width: 1034px\" class=\"wp-caption aligncenter\"><a class=\"dt-single-image\" href=\"https:\/\/www.monta\u00f1asdelaluna.es\/wp-content\/uploads\/2016\/05\/Moixer\u00f3-063.jpg\" data-dt-img-description=\"\"><img loading=\"lazy\" decoding=\"async\" aria-describedby=\"caption-attachment-29232\" class=\"wp-image-29232 size-large\" src=\"https:\/\/www.monta\u00f1asdelaluna.es\/wp-content\/uploads\/2016\/05\/Moixer\u00f3-063-1024x768.jpg\" alt=\"Joaqu\u00edn en la cima del Moixer\u00f3 o Serrat de Moixer\u00f3, 2.091 mts.\" width=\"1024\" height=\"768\" srcset=\"https:\/\/www.monta\u00f1asdelaluna.es\/wp-content\/uploads\/2016\/05\/Moixer\u00f3-063-1024x768.jpg 1024w, https:\/\/www.monta\u00f1asdelaluna.es\/wp-content\/uploads\/2016\/05\/Moixer\u00f3-063-300x225.jpg 300w, https:\/\/www.monta\u00f1asdelaluna.es\/wp-content\/uploads\/2016\/05\/Moixer\u00f3-063.jpg 1690w\" sizes=\"auto, (max-width: 1024px) 100vw, 1024px\" \/><\/a><p id=\"caption-attachment-29232\" class=\"wp-caption-text\">Joaqu\u00edn en la cima del Moixer\u00f3 o Serrat de Moixer\u00f3, 2.091 mts.<\/p><\/div>\n<div id=\"attachment_29233\" style=\"width: 1034px\" class=\"wp-caption aligncenter\"><a class=\"dt-single-image\" href=\"https:\/\/www.monta\u00f1asdelaluna.es\/wp-content\/uploads\/2016\/05\/Moixer\u00f3-065.jpg\" data-dt-img-description=\"\"><img loading=\"lazy\" decoding=\"async\" aria-describedby=\"caption-attachment-29233\" class=\"wp-image-29233 size-large\" src=\"https:\/\/www.monta\u00f1asdelaluna.es\/wp-content\/uploads\/2016\/05\/Moixer\u00f3-065-1024x768.jpg\" alt=\"Bajando del Moixer\u00f3 o Serrat de Moixer\u00f3\" width=\"1024\" height=\"768\" srcset=\"https:\/\/www.monta\u00f1asdelaluna.es\/wp-content\/uploads\/2016\/05\/Moixer\u00f3-065-1024x768.jpg 1024w, https:\/\/www.monta\u00f1asdelaluna.es\/wp-content\/uploads\/2016\/05\/Moixer\u00f3-065-300x225.jpg 300w, https:\/\/www.monta\u00f1asdelaluna.es\/wp-content\/uploads\/2016\/05\/Moixer\u00f3-065.jpg 1690w\" sizes=\"auto, (max-width: 1024px) 100vw, 1024px\" \/><\/a><p id=\"caption-attachment-29233\" class=\"wp-caption-text\">Bajando del Moixer\u00f3 o Serrat de Moixer\u00f3<\/p><\/div>\n<p>Sigo la senda-camino hasta que \u00e9sta gira hac\u00eda la derecha en una especie de collado. No estoy muy seguro. La intensa niebla despista mis sentidos. Pero al ver las marcas de G.R. decido seguirlas sin m\u00e1s dudas. Y as\u00ed es que siguiendo las marcas por una muy marcada senda, el camino era el id\u00f3neo que me llevar\u00eda hasta la misma cima de Las Penyes Altes de Moixer\u00f3.<\/p>\n<p>Marcas rojas y blancas en alg\u00fan tronco de estos estupendos pinos, y m\u00e1s delante la espesa niebla en mitad de un prado desde el que provienen unas voces; son de dos monta\u00f1eras las cuales se extra\u00f1an al emerger de la misma niebla y ver como las inmortalizaba en mitad del escenario blanco. Justo detr\u00e1s un cartel se\u00f1alizador, un cruce de recorridos, es el Collet del Raset (2.059 mts.) desde aqu\u00ed sigue sin haber p\u00e9rdida: seguir las marcas de G.R. entre las laderas empinadas, boscosas, inmersas en la espesa niebla o libres y despejadas. Hay un punto en que parece hay dos sendas: una sigue a la derecha sin subir, y la otra parece m\u00e1s desmenuzada que sube de frente. Hay que seguir la que sube, ya que la de la derecha (que es la que segu\u00ed) a pesar de su buen aspecto, acaba en unas paredes y escarpes desde los cuales tienes que girar pendiente arriba y encontrar la anterior. Hay algunos pasos f\u00e1ciles pero interesantes de roca que le dan a la subida de estos m\u00edticos picos un aliciente y caracter\u00edstica algo m\u00e1s peculiar y casi abrupta.<\/p>\n<div id=\"attachment_29234\" style=\"width: 1034px\" class=\"wp-caption aligncenter\"><a class=\"dt-single-image\" href=\"https:\/\/www.monta\u00f1asdelaluna.es\/wp-content\/uploads\/2016\/05\/Moixer\u00f3-066.jpg\" data-dt-img-description=\"\"><img loading=\"lazy\" decoding=\"async\" aria-describedby=\"caption-attachment-29234\" class=\"wp-image-29234 size-large\" src=\"https:\/\/www.monta\u00f1asdelaluna.es\/wp-content\/uploads\/2016\/05\/Moixer\u00f3-066-1024x768.jpg\" alt=\"G.R. hacia Les Penyes Altes de Moixer\u00f3\" width=\"1024\" height=\"768\" srcset=\"https:\/\/www.monta\u00f1asdelaluna.es\/wp-content\/uploads\/2016\/05\/Moixer\u00f3-066-1024x768.jpg 1024w, https:\/\/www.monta\u00f1asdelaluna.es\/wp-content\/uploads\/2016\/05\/Moixer\u00f3-066-300x225.jpg 300w, https:\/\/www.monta\u00f1asdelaluna.es\/wp-content\/uploads\/2016\/05\/Moixer\u00f3-066.jpg 1690w\" sizes=\"auto, (max-width: 1024px) 100vw, 1024px\" \/><\/a><p id=\"caption-attachment-29234\" class=\"wp-caption-text\">G.R. hacia Les Penyes Altes de Moixer\u00f3<\/p><\/div>\n<div id=\"attachment_29244\" style=\"width: 1034px\" class=\"wp-caption aligncenter\"><a class=\"dt-single-image\" href=\"https:\/\/www.monta\u00f1asdelaluna.es\/wp-content\/uploads\/2016\/05\/Moixer\u00f3-085.jpg\" data-dt-img-description=\"\"><img loading=\"lazy\" decoding=\"async\" aria-describedby=\"caption-attachment-29244\" class=\"wp-image-29244 size-large\" src=\"https:\/\/www.monta\u00f1asdelaluna.es\/wp-content\/uploads\/2016\/05\/Moixer\u00f3-085-1024x576.jpg\" alt=\"Cima de Les Penyes Altes de Moixer\u00f3, 2.279 mts.\" width=\"1024\" height=\"576\" srcset=\"https:\/\/www.monta\u00f1asdelaluna.es\/wp-content\/uploads\/2016\/05\/Moixer\u00f3-085-1024x576.jpg 1024w, https:\/\/www.monta\u00f1asdelaluna.es\/wp-content\/uploads\/2016\/05\/Moixer\u00f3-085-300x169.jpg 300w, https:\/\/www.monta\u00f1asdelaluna.es\/wp-content\/uploads\/2016\/05\/Moixer\u00f3-085.jpg 1690w\" sizes=\"auto, (max-width: 1024px) 100vw, 1024px\" \/><\/a><p id=\"caption-attachment-29244\" class=\"wp-caption-text\">Cima de Les Penyes Altes de Moixer\u00f3, 2.279 mts.<\/p><\/div>\n<p>Y ya al cabo de un tiempo la senda, que parece no llegue nunca a la cima de Las Penyes Altes de Moixer\u00f3, realiza un giro ya en la cima hac\u00eda la derecha y te deja en una de las dos pe\u00f1as, en uno de los dos picos que curiosamente miden lo mismo: 2.279 mts. Pero la niebla lo inunda todo y no me deja descubrir, salvo por que la senda ya no sube m\u00e1s alto y no hay nada m\u00e1s alto que subir, que estoy en la cumbre de Las Penyes Altes de Moixer\u00f3. Antes he podido toparme con m\u00e1s gente que bajaba del pico; parece que \u00e9ste tiene \u201cm\u00e1s vida\u201d que mi subida desde el refugio. Incluso gente corriendo; entren\u00e1ndose para carreras de monta\u00f1a. Tambi\u00e9n antes he podido admirar las vertientes sur de este pico con sus paredes, agujas y escarpes\u2026 \u00a1L\u00e1stima la niebla que no me dejar\u00e1 verlo todo y bien! Y de tanto en tanto alguna ventana entre las nubes que cubren la cima me dejar\u00e1 ver rincones de La Cerda\u00f1a hac\u00eda el norte; ese llano y ancho alto valle en mitad de los Pirineos. Genial. Pero otro picudo y escarpado perfil me atraer\u00e1 mientras como en la cima de este pico, y es su pico \u201cgemelo\u201d a la izquierda y este, al que le hago mil fotos con mil formas entre la niebla y sin ella. Muy fotog\u00e9nico y curioso; pero no llegu\u00e9 a visitar su cima. Quiz\u00e1s a la pr\u00f3xima.<\/p>\n<div id=\"attachment_29248\" style=\"width: 1034px\" class=\"wp-caption aligncenter\"><a class=\"dt-single-image\" href=\"https:\/\/www.monta\u00f1asdelaluna.es\/wp-content\/uploads\/2016\/05\/Moixer\u00f3-091.jpg\" data-dt-img-description=\"\"><img loading=\"lazy\" decoding=\"async\" aria-describedby=\"caption-attachment-29248\" class=\"wp-image-29248 size-large\" src=\"https:\/\/www.monta\u00f1asdelaluna.es\/wp-content\/uploads\/2016\/05\/Moixer\u00f3-091-1024x768.jpg\" alt=\"Joaqu\u00edn en la cima de Les Penyes Altes de Moixer\u00f3, 2.279 mts.\" width=\"1024\" height=\"768\" srcset=\"https:\/\/www.monta\u00f1asdelaluna.es\/wp-content\/uploads\/2016\/05\/Moixer\u00f3-091-1024x768.jpg 1024w, https:\/\/www.monta\u00f1asdelaluna.es\/wp-content\/uploads\/2016\/05\/Moixer\u00f3-091-300x225.jpg 300w, https:\/\/www.monta\u00f1asdelaluna.es\/wp-content\/uploads\/2016\/05\/Moixer\u00f3-091.jpg 1690w\" sizes=\"auto, (max-width: 1024px) 100vw, 1024px\" \/><\/a><p id=\"caption-attachment-29248\" class=\"wp-caption-text\">Joaqu\u00edn en la cima de Les Penyes Altes de Moixer\u00f3, 2.279 mts.<\/p><\/div>\n<p>Son alrededor de las dos del mediod\u00eda cuando me siento en el grupo de rocas de la cima y esparzo la comida que traigo en la mochila. Aparece dos monta\u00f1eros que casi fugazmente llegan a la cima, comen un poco, y enseguida bajan por el lado contrario al que subieron, no sin antes sorprenderse con la escampada de comida que tengo en la cima. Al tiempo llega otra pareja de mediana edad que me segu\u00eda en la lejan\u00eda. Justo entonces decido bajar de Las Penyes Altes de Moixer\u00f3 y dejar la solitaria cima a esta pareja. Las nieblas siguen invadiendo la monta\u00f1a, las laderas, los bosques\u2026 y no me han dejado admirar la espectacular Cerda\u00f1a ni las monta\u00f1as pirenaicas, pero bueno, volveremos para poder admirar las vistas del Moixer\u00f3. Solo unas estrechas y cortas ventanas me dejan ver algo de la enorme planicie de La Cerda\u00f1a, pero no son suficientes.<\/p>\n<p>La bajada la decido realizar desandando el camino realizado por el mismo G.R. Parece que bajando el recorrido se hace m\u00e1s corto, ser\u00e1 tambi\u00e9n por que ya es reconocible. Decido realizar otro recorrido de bajada y hacer una circular. Gracias a que tengo el mapa Alpina y que no me acompa\u00f1a nadie que pueda perder la paciencia o los nervios por meternos en \u201cberenjenales\u201d, resuelvo en volver al coche por otro camino. Poco despu\u00e9s de pasar el Collet del Raset y justo donde observo, seg\u00fan el mapa, que la senda se acerca a un cortado de la ladera y terreno cayendo hac\u00eda el sur por la otra vertiente de la sierra, a la derecha y norte se abre un vallecillo en forma de embudo, con suaves prados verdes, que seg\u00fan baja se va cerrando, escarpando y va apareciendo el bosque. Seg\u00fan el mapa hay una senda, casi un camino que baja por este vallecillo y se interna pegado al fondo del barranco y sigue hac\u00eda el norte saliendo de la sierra\u2026 parece fiable. Este valle es paralelo pero m\u00e1s al este del vallecillo por que he subido y seguido las marcas de Cavalls del Vent, y acaba justo en frente de la pared del Serrat de Les Esposes. Pero en esta bajada no habr\u00e1 marcas que valga.<\/p>\n<div id=\"attachment_29253\" style=\"width: 1034px\" class=\"wp-caption aligncenter\"><a class=\"dt-single-image\" href=\"https:\/\/www.monta\u00f1asdelaluna.es\/wp-content\/uploads\/2016\/05\/Moixer\u00f3-099.jpg\" data-dt-img-description=\"\"><img loading=\"lazy\" decoding=\"async\" aria-describedby=\"caption-attachment-29253\" class=\"wp-image-29253 size-large\" src=\"https:\/\/www.monta\u00f1asdelaluna.es\/wp-content\/uploads\/2016\/05\/Moixer\u00f3-099-1024x768.jpg\" alt=\"Bajando de Les Penyes Altes de Moixer\u00f3\" width=\"1024\" height=\"768\" srcset=\"https:\/\/www.monta\u00f1asdelaluna.es\/wp-content\/uploads\/2016\/05\/Moixer\u00f3-099-1024x768.jpg 1024w, https:\/\/www.monta\u00f1asdelaluna.es\/wp-content\/uploads\/2016\/05\/Moixer\u00f3-099-300x225.jpg 300w, https:\/\/www.monta\u00f1asdelaluna.es\/wp-content\/uploads\/2016\/05\/Moixer\u00f3-099.jpg 1690w\" sizes=\"auto, (max-width: 1024px) 100vw, 1024px\" \/><\/a><p id=\"caption-attachment-29253\" class=\"wp-caption-text\">Bajando de Les Penyes Altes de Moixer\u00f3<\/p><\/div>\n<div id=\"attachment_29256\" style=\"width: 1034px\" class=\"wp-caption aligncenter\"><a class=\"dt-single-image\" href=\"https:\/\/www.monta\u00f1asdelaluna.es\/wp-content\/uploads\/2016\/05\/Moixer\u00f3-105.jpg\" data-dt-img-description=\"\"><img loading=\"lazy\" decoding=\"async\" aria-describedby=\"caption-attachment-29256\" class=\"wp-image-29256 size-large\" src=\"https:\/\/www.monta\u00f1asdelaluna.es\/wp-content\/uploads\/2016\/05\/Moixer\u00f3-105-1024x768.jpg\" alt=\"Valle de La Font de La Coma\" width=\"1024\" height=\"768\" srcset=\"https:\/\/www.monta\u00f1asdelaluna.es\/wp-content\/uploads\/2016\/05\/Moixer\u00f3-105-1024x768.jpg 1024w, https:\/\/www.monta\u00f1asdelaluna.es\/wp-content\/uploads\/2016\/05\/Moixer\u00f3-105-300x225.jpg 300w, https:\/\/www.monta\u00f1asdelaluna.es\/wp-content\/uploads\/2016\/05\/Moixer\u00f3-105.jpg 1690w\" sizes=\"auto, (max-width: 1024px) 100vw, 1024px\" \/><\/a><p id=\"caption-attachment-29256\" class=\"wp-caption-text\">Valle de La Font de La Coma<\/p><\/div>\n<p>Al principio la bajada es f\u00e1cil por en medio de los prados en la parte m\u00e1s alta del vallecillo. La niebla va desapareciendo y qued\u00e1ndose atr\u00e1s, en el cordal cimero. Pero al llegar hasta los pinos indicadores que comienza el bosque y donde comienza a bajar y estrecharse el valle, tampoco hay camino o senda alguna; tengo que seguir las huellas y \u201csendillas\u201d que deja el ganado por las laderas y no alejarme demasiado del fondo del barranco. As\u00ed, entre la soledad (m\u00e1s a\u00fan) de este bosque, de este valle de la Sierra de Moixer\u00f3, voy bajando casi monte a trav\u00e9s sin senda apreciable o camino que se precie. Pierdo m\u00e1s tiempo de lo habitual en esta bajada, es normal entretenerse entre los pinos y bosques verticales si no encuentras senda que gu\u00ede tus pasos.<\/p>\n<p>M\u00e1s abajo oigo a un perro, pero no lo veo. Parece furioso y ladra sin cesar. Me acuerdo de aquella experiencia en el C\u00e1ucaso con dos perros guardianes y me armo con una gruesa y pesada rama seca por si me lo encuentro y me intimida. Ecos fantasmales. M\u00e1s abajo oigo ruidos de piedras y movimiento del terreno pero sin sonidos animales. Me paro y creo ver las partes traseras de lo que podr\u00eda ser un ciervo. \u00c9ste me ha visto antes y desaparece entre las verticales laderas de este extenso bosque de pinos altos y frondosos.<\/p>\n<div id=\"attachment_29255\" style=\"width: 1034px\" class=\"wp-caption aligncenter\"><a class=\"dt-single-image\" href=\"https:\/\/www.monta\u00f1asdelaluna.es\/wp-content\/uploads\/2016\/05\/Moixer\u00f3-103.jpg\" data-dt-img-description=\"\"><img loading=\"lazy\" decoding=\"async\" aria-describedby=\"caption-attachment-29255\" class=\"wp-image-29255 size-large\" src=\"https:\/\/www.monta\u00f1asdelaluna.es\/wp-content\/uploads\/2016\/05\/Moixer\u00f3-103-1024x768.jpg\" alt=\"Desvio hac\u00eda el norte dejando el G.R. por el valle de La Font de La Coma\" width=\"1024\" height=\"768\" srcset=\"https:\/\/www.monta\u00f1asdelaluna.es\/wp-content\/uploads\/2016\/05\/Moixer\u00f3-103-1024x768.jpg 1024w, https:\/\/www.monta\u00f1asdelaluna.es\/wp-content\/uploads\/2016\/05\/Moixer\u00f3-103-300x225.jpg 300w, https:\/\/www.monta\u00f1asdelaluna.es\/wp-content\/uploads\/2016\/05\/Moixer\u00f3-103.jpg 1690w\" sizes=\"auto, (max-width: 1024px) 100vw, 1024px\" \/><\/a><p id=\"caption-attachment-29255\" class=\"wp-caption-text\">Desvio hac\u00eda el norte dejando el G.R. por el valle de La Font de La Coma<\/p><\/div>\n<div id=\"attachment_29261\" style=\"width: 1034px\" class=\"wp-caption aligncenter\"><a class=\"dt-single-image\" href=\"https:\/\/www.monta\u00f1asdelaluna.es\/wp-content\/uploads\/2016\/05\/Moixer\u00f3-112.jpg\" data-dt-img-description=\"\"><img loading=\"lazy\" decoding=\"async\" aria-describedby=\"caption-attachment-29261\" class=\"wp-image-29261 size-large\" src=\"https:\/\/www.monta\u00f1asdelaluna.es\/wp-content\/uploads\/2016\/05\/Moixer\u00f3-112-1024x768.jpg\" alt=\"Joaqu\u00edn en la Font de La Coma\" width=\"1024\" height=\"768\" srcset=\"https:\/\/www.monta\u00f1asdelaluna.es\/wp-content\/uploads\/2016\/05\/Moixer\u00f3-112-1024x768.jpg 1024w, https:\/\/www.monta\u00f1asdelaluna.es\/wp-content\/uploads\/2016\/05\/Moixer\u00f3-112-300x225.jpg 300w, https:\/\/www.monta\u00f1asdelaluna.es\/wp-content\/uploads\/2016\/05\/Moixer\u00f3-112.jpg 1690w\" sizes=\"auto, (max-width: 1024px) 100vw, 1024px\" \/><\/a><p id=\"caption-attachment-29261\" class=\"wp-caption-text\">Joaqu\u00edn en la Font de La Coma<\/p><\/div>\n<p>Pero no ocurri\u00f3 nada. Ni bestia ni hombre tuvieron que enfrentarse en medio de la soledad de la extens\u00edsima monta\u00f1a. M\u00e1s abajo descubro como otro barranco que viene por la izquierda y es el que comienza justo en el Coll de Moixer\u00f3 (donde est\u00e1 la caba\u00f1a, balsa y fuente por las que ya pas\u00e9) se une al que llevo hac\u00eda el norte y abajo. Y parece que a partir de aqu\u00ed hay una senda paralela al fondo del torrente que a veces est\u00e1 en una orilla y a veces en la contraria del torrente. Tambi\u00e9n trazos de un antiguo camino, camino muy desecho, casi inapreciable e inequ\u00edvocamente intransitable.<\/p>\n<p>De repente descubro un claro del vallecillo mientras bajo, y un alargado abrevadero: es la Font de La Coma. Miro el mapa al llegar al lugar. Voy muy bien. Lleno mi cantimplora y echo un vistazo atr\u00e1s m\u00eda, al formidable bosque de la Sierra de Moixer\u00f3. Bello, vivo e impresionante. La soledad de mi recorrido la hace m\u00e1s formidable a\u00fan, como un explorador que descubre por primera vez el Para\u00edso Perdido \u00a1Muy hermoso!<\/p>\n<p>Las nubes cogen altura y se ennegrecen; la tormenta se forma en lo alto y amenaza con oscuros nubarrones y formas casi espectrales. Debo seguir bajando, no quiero que me coja la lluvia que seguro caer\u00e1 esta tarde. Por la especie de camino y senda bajo hasta otro m\u00e1s factible pero inutilizado. \u00c9ste hace una curva donde cruza el fondo del barranco, del torrente. Se dirige a una caba\u00f1a o casita que queda arriba de una empinada loma a la izquierda. Miro el mapa. Descubro los lugares que veo en el mapa. Entonces debo de seguir el camino de terreno llano y muy verde hac\u00eda la derecha, casi paralelo al mismo barranco, dejando la casa y sus cercan\u00edas a la izquierda y detr\u00e1s m\u00eda.<\/p>\n<div id=\"attachment_29263\" style=\"width: 1034px\" class=\"wp-caption aligncenter\"><a class=\"dt-single-image\" href=\"https:\/\/www.monta\u00f1asdelaluna.es\/wp-content\/uploads\/2016\/05\/Moixer\u00f3-116.jpg\" data-dt-img-description=\"\"><img loading=\"lazy\" decoding=\"async\" aria-describedby=\"caption-attachment-29263\" class=\"wp-image-29263 size-large\" src=\"https:\/\/www.monta\u00f1asdelaluna.es\/wp-content\/uploads\/2016\/05\/Moixer\u00f3-116-1024x768.jpg\" alt=\"Vistas desde la Font de La Coma\" width=\"1024\" height=\"768\" srcset=\"https:\/\/www.monta\u00f1asdelaluna.es\/wp-content\/uploads\/2016\/05\/Moixer\u00f3-116-1024x768.jpg 1024w, https:\/\/www.monta\u00f1asdelaluna.es\/wp-content\/uploads\/2016\/05\/Moixer\u00f3-116-300x225.jpg 300w, https:\/\/www.monta\u00f1asdelaluna.es\/wp-content\/uploads\/2016\/05\/Moixer\u00f3-116.jpg 1690w\" sizes=\"auto, (max-width: 1024px) 100vw, 1024px\" \/><\/a><p id=\"caption-attachment-29263\" class=\"wp-caption-text\">Vistas desde la Font de La Coma<\/p><\/div>\n<p>Ten\u00eda que haber pasado por la Font de Sansa Morta (seg\u00fan el mapa) pero no la encuentro, y a partir de aqu\u00ed seguir el camino-senda que sigue el fondo del barranco hac\u00eda el norte y bajando por todo el vallecillo. Cerca de una curva del camino veo al otro lado del barranco una senda muy bien definida. Cruzo el mismo y sigo la senda barranco abajo ahora por el margen izquierdo.<\/p>\n<p>Llega un momento que justo en una curva del vallecillo donde \u00e9ste gira a la izquierda y aparece enfrente y al norte el picudo Serrat de Les Esposes, pierdo la senda. Estoy cerca de llegar al otro vallecillo por donde comenc\u00e9 la subida, a la senda con las marcas de la traves\u00eda de Cavalls del Vent que bajaban del Refugio del Serrat de Les Esposes. Desando un poco por el terreno recorrido por en medio de la ladera algo empinada, encuentro una especie de antiguo camino muy desfigurado que baja hasta el fondo del barranco. A partir de aqu\u00ed lo sigo hac\u00eda la izquierda y oeste, noroeste por el fondo del mismo barranco. Antes he admirado y descubierto, como he dicho, el abrupto perfil del Serrat de Les Esposes. Es un pe\u00f1asco inconfundible y reconocible con una escarpada pared en su parte sur y una crestecilla en su cima algo aserrada.<\/p>\n<div id=\"attachment_29269\" style=\"width: 1034px\" class=\"wp-caption aligncenter\"><a class=\"dt-single-image\" href=\"https:\/\/www.monta\u00f1asdelaluna.es\/wp-content\/uploads\/2016\/05\/Moixer\u00f3-130.jpg\" data-dt-img-description=\"\"><img loading=\"lazy\" decoding=\"async\" aria-describedby=\"caption-attachment-29269\" class=\"wp-image-29269 size-large\" src=\"https:\/\/www.monta\u00f1asdelaluna.es\/wp-content\/uploads\/2016\/05\/Moixer\u00f3-130-1024x768.jpg\" alt=\"Serrat de Les Esposes\" width=\"1024\" height=\"768\" srcset=\"https:\/\/www.monta\u00f1asdelaluna.es\/wp-content\/uploads\/2016\/05\/Moixer\u00f3-130-1024x768.jpg 1024w, https:\/\/www.monta\u00f1asdelaluna.es\/wp-content\/uploads\/2016\/05\/Moixer\u00f3-130-300x225.jpg 300w, https:\/\/www.monta\u00f1asdelaluna.es\/wp-content\/uploads\/2016\/05\/Moixer\u00f3-130.jpg 1690w\" sizes=\"auto, (max-width: 1024px) 100vw, 1024px\" \/><\/a><p id=\"caption-attachment-29269\" class=\"wp-caption-text\">Serrat de Les Esposes<\/p><\/div>\n<p>La tormenta ya aflora y comienzan a o\u00edrse, al principio lejanos, sus truenos, y a verse sus cortinas de agua que aparecen m\u00e1s al norte y caen implacables sobre La Cerda\u00f1a. Debo darme prisa si no tambi\u00e9n caer\u00e1 sobre m\u00ed en pocos minutos. El lugar sigue siendo precioso y vivo, y a la vez poco visitado por lo que puedo comprobar por el terreno poco pisado por el que ando. Quiz\u00e1s solo las bestias, ganado y animalillos del bosque merodean sus rincones.<\/p>\n<p>Mientras camino apresurado hac\u00eda el cruce entre el caminillo que sigo ahora hac\u00eda el oeste y la senda marcada por el Cavalls del Vent, veo al girar como cambia el aspecto del agreste pe\u00f1\u00f3n del Serrat de Les Esposes. Justo a su izquierda baja la ladera m\u00e1s suave por la que recorre la nombrada senda. Encuentro unos hitos y una marca naranja en una piedra de los mismos: es el cruce entre el camino por el que vengo y la senda que viene del refugio y que ya recorr\u00ed al principio de la actividad. Alguna foto. Alguna Selfy y justo aqu\u00ed comienzan a caer las primeras gotas. Entonces cojo la senda hac\u00eda la derecha y norte, noreste, ya siguiendo las marcas del Cavalls del Vent, y casi corriendo y moj\u00e1ndome llego a la parte m\u00e1s alta de esta ladera llegando al coche y al Refugio del Serrat de Les Esposes. Justo cuando abro el maletero del coche, la tormenta comienza a embravecerse y la lluvia a enfurecerse en intensidad y tama\u00f1o de sus gotas \u00a1Menos mal!<\/p>\n<div id=\"attachment_29270\" style=\"width: 1034px\" class=\"wp-caption aligncenter\"><a class=\"dt-single-image\" href=\"https:\/\/www.monta\u00f1asdelaluna.es\/wp-content\/uploads\/2016\/05\/Moixer\u00f3-132.jpg\" data-dt-img-description=\"\"><img loading=\"lazy\" decoding=\"async\" aria-describedby=\"caption-attachment-29270\" class=\"wp-image-29270 size-large\" src=\"https:\/\/www.monta\u00f1asdelaluna.es\/wp-content\/uploads\/2016\/05\/Moixer\u00f3-132-1024x768.jpg\" alt=\"A la derecha el Serrat de Les Esposes y a la izquierda el collado por donde sal\u00ed\" width=\"1024\" height=\"768\" srcset=\"https:\/\/www.monta\u00f1asdelaluna.es\/wp-content\/uploads\/2016\/05\/Moixer\u00f3-132-1024x768.jpg 1024w, https:\/\/www.monta\u00f1asdelaluna.es\/wp-content\/uploads\/2016\/05\/Moixer\u00f3-132-300x225.jpg 300w, https:\/\/www.monta\u00f1asdelaluna.es\/wp-content\/uploads\/2016\/05\/Moixer\u00f3-132.jpg 1690w\" sizes=\"auto, (max-width: 1024px) 100vw, 1024px\" \/><\/a><p id=\"caption-attachment-29270\" class=\"wp-caption-text\">A la derecha el Serrat de Les Esposes y a la izquierda el collado por donde sal\u00ed<\/p><\/div>\n<div id=\"attachment_29273\" style=\"width: 1034px\" class=\"wp-caption aligncenter\"><a class=\"dt-single-image\" href=\"https:\/\/www.monta\u00f1asdelaluna.es\/wp-content\/uploads\/2016\/05\/Moixer\u00f3-136.jpg\" data-dt-img-description=\"\"><img loading=\"lazy\" decoding=\"async\" aria-describedby=\"caption-attachment-29273\" class=\"wp-image-29273 size-large\" src=\"https:\/\/www.monta\u00f1asdelaluna.es\/wp-content\/uploads\/2016\/05\/Moixer\u00f3-136-1024x576.jpg\" alt=\"Vistas a la Sierra de Moixer\u00f3 llegando al Refugio del Serrat de Les Esposes\" width=\"1024\" height=\"576\" srcset=\"https:\/\/www.monta\u00f1asdelaluna.es\/wp-content\/uploads\/2016\/05\/Moixer\u00f3-136-1024x576.jpg 1024w, https:\/\/www.monta\u00f1asdelaluna.es\/wp-content\/uploads\/2016\/05\/Moixer\u00f3-136-300x169.jpg 300w, https:\/\/www.monta\u00f1asdelaluna.es\/wp-content\/uploads\/2016\/05\/Moixer\u00f3-136.jpg 1690w\" sizes=\"auto, (max-width: 1024px) 100vw, 1024px\" \/><\/a><p id=\"caption-attachment-29273\" class=\"wp-caption-text\">Vistas a la Sierra de Moixer\u00f3 llegando al Refugio del Serrat de Les Esposes<\/p><\/div>\n<p>He bajado en menos de 2 horas a pesar del terreno no marcado recorrido y el monte a trav\u00e9s al comenzar a bajar entre el bosque del vallecillo sin senda ni camino. Pero ha sido una actividad bonita e interesante, en un lugar, sierra y monta\u00f1a extraordinariamente boscosa, verde y viva, todo un para\u00edso en el Prepirineo Catal\u00e1n muy bien protegido y cuidado. Solo lamento no haber podido admirar las vistas, los paisajes encantadores que desde su cima m\u00e1s alta y otros puntos en su recorrido, seguramente se disfrutan con un d\u00eda sin nubes, claro\u2026 pero sus perfiles nublados, metidos en esta niebla blanca, gris y transparente, tambi\u00e9n magnifican y embellece estas monta\u00f1as boscosas. Habr\u00e1 que volver\u2026<\/p>\n<div id=\"attachment_29280\" style=\"width: 512px\" class=\"wp-caption aligncenter\"><a class=\"dt-single-image\" href=\"https:\/\/www.monta\u00f1asdelaluna.es\/wp-content\/uploads\/2014\/08\/moixero.croquis.jpg\" data-dt-img-description=\"\"><img loading=\"lazy\" decoding=\"async\" aria-describedby=\"caption-attachment-29280\" class=\"wp-image-29280 size-full\" src=\"https:\/\/www.monta\u00f1asdelaluna.es\/wp-content\/uploads\/2014\/08\/moixero.croquis.jpg\" alt=\"Croquis de la ascensi\u00f3n al Penyes Altes de Moixer\u00f3. Linea Roja: Itinerario correcto.\" width=\"502\" height=\"448\" srcset=\"https:\/\/www.monta\u00f1asdelaluna.es\/wp-content\/uploads\/2014\/08\/moixero.croquis.jpg 502w, https:\/\/www.monta\u00f1asdelaluna.es\/wp-content\/uploads\/2014\/08\/moixero.croquis-300x268.jpg 300w\" sizes=\"auto, (max-width: 502px) 100vw, 502px\" \/><\/a><p id=\"caption-attachment-29280\" class=\"wp-caption-text\">Croquis de la ascensi\u00f3n al Penyes Altes de Moixer\u00f3. Linea Roja: Itinerario correcto.<\/p><\/div>\n<p>[vc_separator][\/vc_column_text][\/vc_column][\/vc_row][vc_row][vc_column][vc_empty_space height=\u00bb60px\u00bb][\/vc_column][\/vc_row][vc_row][vc_column][vc_cta h2=\u00bb\u00c1lbum de fotos\u00bb txt_align=\u00bbcenter\u00bb add_button=\u00bbbottom\u00bb btn_title=\u00bbVer fotos\u00bb btn_color=\u00bbwarning\u00bb btn_align=\u00bbcenter\u00bb btn_link=\u00bburl:https%3A%2F%2Fmonta%C3%B1asdelaluna.es%2F%3Fdt_gallery%3Dpenyes-altes-de-moixero-2|title:Penyes%20Altes%20de%20Moixer%C3%B3|target:_blank\u00bb css=\u00bb.vc_custom_1625733851057{background-color: #8bc4ed !important;}\u00bb]Puedes ver todas las fotos del relato y actividad en forma de presentaci\u00f3n o individuales pinchando aqui \u00a1No te las pierdas![\/vc_cta][\/vc_column][\/vc_row][vc_row][vc_column][vc_empty_space height=\u00bb60px\u00bb][\/vc_column][\/vc_row][vc_row][vc_column width=\u00bb1\/3&#8243;][\/vc_column][vc_column width=\u00bb1\/2&#8243;][vc_raw_html]JTNDaWZyYW1lJTIwc3JjJTNEJTIyaHR0cHMlM0ElMkYlMkZ3d3cubWV0ZW9ibHVlLmNvbSUyRmVzJTJGdGllbXBvJTJGd2lkZ2V0JTJGZGFpbHklMkZwZSUyNWMzJTI1YjFhcy1hbHRhc19lc3BhJTI1YzMlMjViMWFfMzEzMDIzNSUzRmdlb2xvYyUzRGZpeGVkJTI2ZGF5cyUzRDclMjZ0ZW1wdW5pdCUzRENFTFNJVVMlMjZ3aW5kdW5pdCUzREtJTE9NRVRFUl9QRVJfSE9VUiUyNmNvbG91cmVkJTNEY29sb3VyZWQlMjZwaWN0b2ljb24lM0QxJTI2bWF4dGVtcGVyYXR1cmUlM0QxJTI2bWludGVtcGVyYXR1cmUlM0QxJTI2d2luZHNwZWVkJTNEMSUyNndpbmRndXN0JTNEMSUyNndpbmRkaXJlY3Rpb24lM0QxJTI2cHJlY2lwaXRhdGlvbiUzRDElMjZwcmVjaXBpdGF0aW9ucHJvYmFiaWxpdHklM0QxJTI2c3BvdCUzRDElMjZwcmVzc3VyZSUzRDElMjZsYXlvdXQlM0RsaWdodCUyMiUyMCUyMGZyYW1lYm9yZGVyJTNEJTIyMCUyMiUyMHNjcm9sbGluZyUzRCUyMk5PJTIyJTIwYWxsb3d0cmFuc3BhcmVuY3klM0QlMjJ0cnVlJTIyJTIwc2FuZGJveCUzRCUyMmFsbG93LXNhbWUtb3JpZ2luJTIwYWxsb3ctc2NyaXB0cyUyMGFsbG93LXBvcHVwcyUyMiUyMHN0eWxlJTNEJTIyd2lkdGglM0ElMjAzNzhweCUzQmhlaWdodCUzQSUyMDQxMXB4JTIyJTNFJTNDJTJGaWZyYW1lJTNFJTNDZGl2JTNFJTNDJTIxLS0lMjBETyUyME5PVCUyMFJFTU9WRSUyMFRISVMlMjBMSU5LJTIwLS0lM0UlM0NhJTIwaHJlZiUzRCUyMmh0dHBzJTNBJTJGJTJGd3d3Lm1ldGVvYmx1ZS5jb20lMkZlcyUyRnRpZW1wbyUyRnByb25vc3RpY28lMkZzZW1hbmElMkZwZSUyNWMzJTI1YjFhcy1hbHRhc19lc3BhJTI1YzMlMjViMWFfMzEzMDIzNSUzRnV0bV9zb3VyY2UlM0R3ZWF0aGVyX3dpZGdldCUyNnV0bV9tZWRpdW0lM0RsaW5rdXMlMjZ1dG1fY29udGVudCUzRGRhaWx5JTI2dXRtX2NhbXBhaWduJTNEV2VhdGhlciUyNTJCV2lkZ2V0JTIyJTIwdGFyZ2V0JTNEJTIyX2JsYW5rJTIyJTNFbWV0ZW9ibHVlJTNDJTJGYSUzRSUzQyUyRmRpdiUzRQ==[\/vc_raw_html][\/vc_column][vc_column width=\u00bb1\/5&#8243;][\/vc_column][\/vc_row]<\/p>\n","protected":false},"excerpt":{"rendered":"<p>[vc_row][vc_column][vc_column_text]Despu\u00e9s de aplazar una interesante traves\u00eda y ascensi\u00f3n en los Pirineos, decido salir en solitario a conocer improvisadamente una bonita y conocida parte del Prepirineo Interior entre las provincias de Girona y Barcelona: el famoso sistema de la Sierra del Cad\u00ed-Moixer\u00f3. En este caso me acercar\u00e9 a la m\u00e1xima altura de la Sierra del Moixer\u00f3,&hellip;<\/p>\n","protected":false},"author":1,"featured_media":29217,"comment_status":"open","ping_status":"open","sticky":false,"template":"","format":"standard","meta":[],"categories":[130],"tags":[],"class_list":["post-29278","post","type-post","status-publish","format-standard","has-post-thumbnail","hentry","category-pirineo-calizo-catalan","category-130","description-off"],"_links":{"self":[{"href":"https:\/\/www.monta\u00f1asdelaluna.es\/index.php?rest_route=\/wp\/v2\/posts\/29278","targetHints":{"allow":["GET"]}}],"collection":[{"href":"https:\/\/www.monta\u00f1asdelaluna.es\/index.php?rest_route=\/wp\/v2\/posts"}],"about":[{"href":"https:\/\/www.monta\u00f1asdelaluna.es\/index.php?rest_route=\/wp\/v2\/types\/post"}],"author":[{"embeddable":true,"href":"https:\/\/www.monta\u00f1asdelaluna.es\/index.php?rest_route=\/wp\/v2\/users\/1"}],"replies":[{"embeddable":true,"href":"https:\/\/www.monta\u00f1asdelaluna.es\/index.php?rest_route=%2Fwp%2Fv2%2Fcomments&post=29278"}],"version-history":[{"count":7,"href":"https:\/\/www.monta\u00f1asdelaluna.es\/index.php?rest_route=\/wp\/v2\/posts\/29278\/revisions"}],"predecessor-version":[{"id":50073,"href":"https:\/\/www.monta\u00f1asdelaluna.es\/index.php?rest_route=\/wp\/v2\/posts\/29278\/revisions\/50073"}],"wp:featuredmedia":[{"embeddable":true,"href":"https:\/\/www.monta\u00f1asdelaluna.es\/index.php?rest_route=\/wp\/v2\/media\/29217"}],"wp:attachment":[{"href":"https:\/\/www.monta\u00f1asdelaluna.es\/index.php?rest_route=%2Fwp%2Fv2%2Fmedia&parent=29278"}],"wp:term":[{"taxonomy":"category","embeddable":true,"href":"https:\/\/www.monta\u00f1asdelaluna.es\/index.php?rest_route=%2Fwp%2Fv2%2Fcategories&post=29278"},{"taxonomy":"post_tag","embeddable":true,"href":"https:\/\/www.monta\u00f1asdelaluna.es\/index.php?rest_route=%2Fwp%2Fv2%2Ftags&post=29278"}],"curies":[{"name":"wp","href":"https:\/\/api.w.org\/{rel}","templated":true}]}}