{"id":29618,"date":"2016-01-30T23:00:07","date_gmt":"2016-01-30T23:00:07","guid":{"rendered":"http:\/\/monta\u00f1asdelaluna.com\/?p=29618"},"modified":"2021-07-16T20:55:54","modified_gmt":"2021-07-16T20:55:54","slug":"sierra-de-busa-y-vall-de-lora","status":"publish","type":"post","link":"https:\/\/www.monta\u00f1asdelaluna.es\/?p=29618","title":{"rendered":"Sierra de Busa y Vall de l&#8217;Ora"},"content":{"rendered":"<p>[vc_row][vc_column][vc_column_text]Ya hab\u00eda o\u00eddo hablar en varias ocasiones de la Sierra de Busa. La \u00faltima dentro del Plan de Voluntariado en los que participaron mis compa\u00f1eros de trabajo, y era para ayudar a introducir al lobo en este espacio de la Sierra de Busa y Port del Comte. As\u00ed que hace tiempo que fui ideando una actividad en esta sierra compr\u00e1ndome el mapa Alpina del lugar, mirando en internet alg\u00fan itinerario\u2026 hasta que a finales de enero me decid\u00ed y organic\u00e9 una actividad que durar\u00eda todo el d\u00eda.<\/p>\n<p>La Sierra de Busa pertenece al Prepirineo Catal\u00e1n, a caballo entre las provincias de Barcelona y Lleida, pero con m\u00e1s territorio Leridano. Tambi\u00e9n es de las primeras sierras que se levantan desde el llano o semillano de la parte central Leridana de Catalu\u00f1a del Pirineo hac\u00eda el norte. En esta parte del Prepirineo no hay diferencia geogr\u00e1fica entre el Prepirineo interior y el exterior como pasa en Arag\u00f3n, de forma que las dos formaciones est\u00e1n unidas y a la vez surcadas de rincones y vallecillos que impiden de diferenciar de forma visible, los dos Prepirineos.<\/p>\n<div id=\"attachment_29490\" style=\"width: 1034px\" class=\"wp-caption aligncenter\"><a class=\"dt-single-image\" href=\"https:\/\/www.monta\u00f1asdelaluna.es\/wp-content\/uploads\/2016\/05\/IMG_5132.jpg\" data-dt-img-description=\"\"><img loading=\"lazy\" decoding=\"async\" aria-describedby=\"caption-attachment-29490\" class=\"wp-image-29490 size-large\" src=\"https:\/\/www.monta\u00f1asdelaluna.es\/wp-content\/uploads\/2016\/05\/IMG_5132-1024x768.jpg\" alt=\"Vall d'Ora bajo las paredes de la Sierra de Busa\" width=\"1024\" height=\"768\" srcset=\"https:\/\/www.monta\u00f1asdelaluna.es\/wp-content\/uploads\/2016\/05\/IMG_5132-1024x768.jpg 1024w, https:\/\/www.monta\u00f1asdelaluna.es\/wp-content\/uploads\/2016\/05\/IMG_5132-300x225.jpg 300w, https:\/\/www.monta\u00f1asdelaluna.es\/wp-content\/uploads\/2016\/05\/IMG_5132.jpg 1632w\" sizes=\"auto, (max-width: 1024px) 100vw, 1024px\" \/><\/a><p id=\"caption-attachment-29490\" class=\"wp-caption-text\">Vall d&#8217;Ora bajo las paredes de la Sierra de Busa<\/p><\/div>\n<div id=\"attachment_29489\" style=\"width: 1034px\" class=\"wp-caption aligncenter\"><a class=\"dt-single-image\" href=\"https:\/\/www.monta\u00f1asdelaluna.es\/wp-content\/uploads\/2016\/05\/IMG_5128.jpg\" data-dt-img-description=\"\"><img loading=\"lazy\" decoding=\"async\" aria-describedby=\"caption-attachment-29489\" class=\"wp-image-29489 size-large\" src=\"https:\/\/www.monta\u00f1asdelaluna.es\/wp-content\/uploads\/2016\/05\/IMG_5128-1024x768.jpg\" alt=\"Sant Lle\u00efr\" width=\"1024\" height=\"768\" srcset=\"https:\/\/www.monta\u00f1asdelaluna.es\/wp-content\/uploads\/2016\/05\/IMG_5128-1024x768.jpg 1024w, https:\/\/www.monta\u00f1asdelaluna.es\/wp-content\/uploads\/2016\/05\/IMG_5128-300x225.jpg 300w, https:\/\/www.monta\u00f1asdelaluna.es\/wp-content\/uploads\/2016\/05\/IMG_5128.jpg 1632w\" sizes=\"auto, (max-width: 1024px) 100vw, 1024px\" \/><\/a><p id=\"caption-attachment-29489\" class=\"wp-caption-text\">Sant Lle\u00efr<\/p><\/div>\n<p>Una de las caracter\u00edsticas m\u00e1s notables de esta sierra son sus escarpados y calizos perfiles: es una sierra en forma de meseta o semimeseta, surcada por barrancos y paredes que la rodea en casi todos sus flancos; cingleras y verticales perfiles abundan en cada direcci\u00f3n de la misma. Pero su centro o coraz\u00f3n es semi llano o mas horizontal, habiendo suavidad de perfiles y lomas entre sus cimas m\u00e1s altas que superan los 1.500 metros y lo que llaman el Campament, Pla de Rial, Pla de La Bassa (seg\u00fan ubicaci\u00f3n dentro del mismo llano central de la sierra)\u2026 la sierra y lugar promet\u00edan ser una zona fabulosa y espectacular para ser visitada, recorrida y ascendida.<\/p>\n<p>Por ello el pasado s\u00e1bado 30 de enero quedamos solo tres participantes para poder realizar una actividad por dicha sierra: la idea era recorrernos rincones cargados de historia y cultura (Vall d\u2019Ora, Sant Lle\u00efr, Sant Pere de Graudescales, Sant Crist\u00f2fol) y a la vez rincones de belleza natural y monta\u00f1era (Serrat de la Llebre, Cingle dels Emprius, Cingle de Busa\u2026), y para ello quedamos en un punto en la misma Vall d\u2019Ora, cerca de Sant Lle\u00efr. Era la primera vez que en solitario me adentraba en estos lugares, y al final para poder quedar con Alberto y Cristina vino el l\u00edo al no haber cobertura m\u00f3vil en este lugar. Entre el subibaja con los coches al final nos vimos en un espacio que hace de aparcamiento entre Sant Lle\u00efr y Ca l\u2019Ambros, a la derecha de la carreterilla que acaba en este cercano templo.<\/p>\n<div id=\"attachment_29494\" style=\"width: 832px\" class=\"wp-caption aligncenter\"><a class=\"dt-single-image\" href=\"https:\/\/www.monta\u00f1asdelaluna.es\/wp-content\/uploads\/2016\/05\/IMG_5139.jpg\" data-dt-img-description=\"\"><img loading=\"lazy\" decoding=\"async\" aria-describedby=\"caption-attachment-29494\" class=\"wp-image-29494 \" src=\"https:\/\/www.monta\u00f1asdelaluna.es\/wp-content\/uploads\/2016\/05\/IMG_5139.jpg\" alt=\"Sant Mamet\" width=\"822\" height=\"1096\" srcset=\"https:\/\/www.monta\u00f1asdelaluna.es\/wp-content\/uploads\/2016\/05\/IMG_5139.jpg 1224w, https:\/\/www.monta\u00f1asdelaluna.es\/wp-content\/uploads\/2016\/05\/IMG_5139-225x300.jpg 225w, https:\/\/www.monta\u00f1asdelaluna.es\/wp-content\/uploads\/2016\/05\/IMG_5139-768x1024.jpg 768w\" sizes=\"auto, (max-width: 822px) 100vw, 822px\" \/><\/a><p id=\"caption-attachment-29494\" class=\"wp-caption-text\">Sant Mamet<\/p><\/div>\n<div id=\"attachment_29499\" style=\"width: 1034px\" class=\"wp-caption aligncenter\"><a class=\"dt-single-image\" href=\"https:\/\/www.monta\u00f1asdelaluna.es\/wp-content\/uploads\/2016\/05\/IMG_5147.jpg\" data-dt-img-description=\"\"><img loading=\"lazy\" decoding=\"async\" aria-describedby=\"caption-attachment-29499\" class=\"wp-image-29499 size-large\" src=\"https:\/\/www.monta\u00f1asdelaluna.es\/wp-content\/uploads\/2016\/05\/IMG_5147-1024x768.jpg\" alt=\"Sant Pere de Graudescales\" width=\"1024\" height=\"768\" srcset=\"https:\/\/www.monta\u00f1asdelaluna.es\/wp-content\/uploads\/2016\/05\/IMG_5147-1024x768.jpg 1024w, https:\/\/www.monta\u00f1asdelaluna.es\/wp-content\/uploads\/2016\/05\/IMG_5147-300x225.jpg 300w, https:\/\/www.monta\u00f1asdelaluna.es\/wp-content\/uploads\/2016\/05\/IMG_5147.jpg 1632w\" sizes=\"auto, (max-width: 1024px) 100vw, 1024px\" \/><\/a><p id=\"caption-attachment-29499\" class=\"wp-caption-text\">Sant Pere de Graudescales<\/p><\/div>\n<p>Son las 11 de la ma\u00f1ana de un d\u00eda medio nublado, con nieblas de este extra\u00f1o invierno; no hace el fr\u00edo que debiera para las fechas. Hemos perdido mucho tiempo busc\u00e1ndonos entre los coches camino arriba, camino abajo en la misma zona\u2026 a ver que nos dar\u00e1 tiempo a hacer en esta espectacular sierra. De primeras y desde el mini aparcamiento encontramos hac\u00eda el norte las formidables paredes, escarpes y perfiles verticales de las Cingles dels Emprius de la Sierra de Busa, espectacular y magn\u00edficas, medio cubiertas por esas nieblas vespertinas, matutinas, que dejaban invisibles algunos aspectos de la misma d\u00e1ndole un toque si cabe m\u00e1s magn\u00edfico; y un cartelito con la informaci\u00f3n sobre la historia de la Batalla de la Vall d\u2019Ora\u2026 las ra\u00edces y cimientos de las bases de Catalu\u00f1a como naci\u00f3n, nacieron aqu\u00ed, parece. Formidable.<\/p>\n<p>Salimos ya en direcci\u00f3n a Sant Pere de Graudescales, cogiendo el mismo camino que antes era carreterilla que sigue por el fondo del vallecillo del barranco que pasa por la Vall d\u2019Ora; lo llaman l\u2019Aigua d\u2019Ora. Pasamos por la puerta de Sant Lle\u00efr que nos queda nada m\u00e1s comenzar a caminar: es un templo robusto pero sencillo agrupado junto a unas casas en las que no aparece \u00e1nima pero s\u00ed se\u00f1ales de trabajos y m\u00e1quinas de horadar caminos y la tierra. Al otro lado del valle y bajo las Cingles y las nieblas aparecen caserones que son diana de nuestros objetivos de las c\u00e1maras: Cal Teixidor, El Sol\u00e0, El Pujol\u2026 Alberto como yo, es un cazador de im\u00e1genes y rincones, fot\u00f3grafos por afici\u00f3n y devoci\u00f3n por el paisaje recorrido y admirado. Los dos nos conjugaremos para no parar de hacer fotos en cada rinc\u00f3n nuevo y fabuloso de la sierra.<\/p>\n<div id=\"attachment_29500\" style=\"width: 1034px\" class=\"wp-caption aligncenter\"><a class=\"dt-single-image\" href=\"https:\/\/www.monta\u00f1asdelaluna.es\/wp-content\/uploads\/2016\/05\/IMG_5148.jpg\" data-dt-img-description=\"\"><img loading=\"lazy\" decoding=\"async\" aria-describedby=\"caption-attachment-29500\" class=\"wp-image-29500 size-large\" src=\"https:\/\/www.monta\u00f1asdelaluna.es\/wp-content\/uploads\/2016\/05\/IMG_5148-1024x768.jpg\" alt=\"Sant Pere de Graudescales\" width=\"1024\" height=\"768\" srcset=\"https:\/\/www.monta\u00f1asdelaluna.es\/wp-content\/uploads\/2016\/05\/IMG_5148-1024x768.jpg 1024w, https:\/\/www.monta\u00f1asdelaluna.es\/wp-content\/uploads\/2016\/05\/IMG_5148-300x225.jpg 300w, https:\/\/www.monta\u00f1asdelaluna.es\/wp-content\/uploads\/2016\/05\/IMG_5148.jpg 1632w\" sizes=\"auto, (max-width: 1024px) 100vw, 1024px\" \/><\/a><p id=\"caption-attachment-29500\" class=\"wp-caption-text\">Sant Pere de Graudescales<\/p><\/div>\n<div id=\"attachment_29507\" style=\"width: 1034px\" class=\"wp-caption aligncenter\"><a class=\"dt-single-image\" href=\"https:\/\/www.monta\u00f1asdelaluna.es\/wp-content\/uploads\/2016\/05\/IMG_5156.jpg\" data-dt-img-description=\"\"><img loading=\"lazy\" decoding=\"async\" aria-describedby=\"caption-attachment-29507\" class=\"wp-image-29507 size-large\" src=\"https:\/\/www.monta\u00f1asdelaluna.es\/wp-content\/uploads\/2016\/05\/IMG_5156-1024x768.jpg\" alt=\"Bosque de la Baga de Sant Pere\" width=\"1024\" height=\"768\" srcset=\"https:\/\/www.monta\u00f1asdelaluna.es\/wp-content\/uploads\/2016\/05\/IMG_5156-1024x768.jpg 1024w, https:\/\/www.monta\u00f1asdelaluna.es\/wp-content\/uploads\/2016\/05\/IMG_5156-300x225.jpg 300w, https:\/\/www.monta\u00f1asdelaluna.es\/wp-content\/uploads\/2016\/05\/IMG_5156.jpg 1632w\" sizes=\"auto, (max-width: 1024px) 100vw, 1024px\" \/><\/a><p id=\"caption-attachment-29507\" class=\"wp-caption-text\">Bosque de la Baga de Sant Pere<\/p><\/div>\n<p>El camino hacia el norte por en medio del vallecillo rodeado de escarpes y paredes no tiene ninguna dificultad ni p\u00e9rdida. Est\u00e1 hecho para ir en coche o cami\u00f3n incluso. Las paredes y escarpes de la Sierra de Busa quedan a la izquierda (Cingle de Les Estaques), y a la derecha aparece un paret\u00f3n solitario como suspendido en el aire sobre las lomas inclinadas del bosque de pinos: es Sant Mamet. De todas formas las vistas y escarpes a uno y otro lado del valle son fabulosos e incre\u00edbles. L\u00e1stima que la abundancia este a\u00f1o de nidos de Procesionaria haga de estas vistas a los supuestos sanos bosques, una espantosa realidad de invasi\u00f3n par\u00e1sita.<\/p>\n<p>M\u00e1s arriba un cartelito de madera. El valle parece que se abre un poco m\u00e1s dejando el Cingle de Les Estaques detr\u00e1s a nuestra izquierda en la Sierra de Busa. Hacia la izquierda y cruzando la riera de l\u2019Aigua d\u2019Ora llegaremos enseguida a Sant Pere de Graudescales. Seguimos por camino transitable. Sin p\u00e9rdida. Pero por si acaso sigo mirando el mapa de Alpina reci\u00e9n comprado. El templo aparece en una orilla del camino y al borde del bosque. Con buena base y sillar. Parece m\u00e1s bonito que el anterior de Sant Lle\u00efr, con su planta en cruz, tejado octogonal\u2026 le hacemos fotos y curioseamos. La puerta no se puede abrir pero le hacemos fotos al interior: tiene una planta formidable como digo.<\/p>\n<div id=\"attachment_29510\" style=\"width: 1034px\" class=\"wp-caption aligncenter\"><a class=\"dt-single-image\" href=\"https:\/\/www.monta\u00f1asdelaluna.es\/wp-content\/uploads\/2016\/05\/IMG_5161.jpg\" data-dt-img-description=\"\"><img loading=\"lazy\" decoding=\"async\" aria-describedby=\"caption-attachment-29510\" class=\"wp-image-29510 size-large\" src=\"https:\/\/www.monta\u00f1asdelaluna.es\/wp-content\/uploads\/2016\/05\/IMG_5161-1024x768.jpg\" alt=\"Bosque de subida a Les Collades\" width=\"1024\" height=\"768\" srcset=\"https:\/\/www.monta\u00f1asdelaluna.es\/wp-content\/uploads\/2016\/05\/IMG_5161-1024x768.jpg 1024w, https:\/\/www.monta\u00f1asdelaluna.es\/wp-content\/uploads\/2016\/05\/IMG_5161-300x225.jpg 300w, https:\/\/www.monta\u00f1asdelaluna.es\/wp-content\/uploads\/2016\/05\/IMG_5161.jpg 1632w\" sizes=\"auto, (max-width: 1024px) 100vw, 1024px\" \/><\/a><p id=\"caption-attachment-29510\" class=\"wp-caption-text\">Bosque de subida a Les Collades<\/p><\/div>\n<div id=\"attachment_29512\" style=\"width: 1034px\" class=\"wp-caption aligncenter\"><a class=\"dt-single-image\" href=\"https:\/\/www.monta\u00f1asdelaluna.es\/wp-content\/uploads\/2016\/05\/IMG_5165.jpg\" data-dt-img-description=\"\"><img loading=\"lazy\" decoding=\"async\" aria-describedby=\"caption-attachment-29512\" class=\"wp-image-29512 size-large\" src=\"https:\/\/www.monta\u00f1asdelaluna.es\/wp-content\/uploads\/2016\/05\/IMG_5165-1024x768.jpg\" alt=\"Bosque de subida a Les Collades\" width=\"1024\" height=\"768\" srcset=\"https:\/\/www.monta\u00f1asdelaluna.es\/wp-content\/uploads\/2016\/05\/IMG_5165-1024x768.jpg 1024w, https:\/\/www.monta\u00f1asdelaluna.es\/wp-content\/uploads\/2016\/05\/IMG_5165-300x225.jpg 300w, https:\/\/www.monta\u00f1asdelaluna.es\/wp-content\/uploads\/2016\/05\/IMG_5165.jpg 1632w\" sizes=\"auto, (max-width: 1024px) 100vw, 1024px\" \/><\/a><p id=\"caption-attachment-29512\" class=\"wp-caption-text\">Bosque de subida a Les Collades<\/p><\/div>\n<p>Despu\u00e9s de unos minutos admirando la construcci\u00f3n, nos disponemos a seguir el recorrido. Ya desde aqu\u00ed la idea es comenzar a subir hasta la cima de la sierra. Un cartel indicador y un camino de subida hacia el oeste. Se mete por un barranco frondoso y boscoso. Este lado de la sierra es muy boscoso y verde, hermoso. Y arriba quedan sus paredes y escarpes como centinelas sobre el viejo bosque. A partir de que cogemos el camino hacia arriba dejando a nuestra espalda el cartelito de informaci\u00f3n del lugar, es cuando viene el lio: la subida no est\u00e1 muy marcada o no encontramos el sendero adecuado; el caso es que a partir de cierta altura metidos en la fronda del bosque inclinado, vertical, giramos hacia la izquierda en busca del Pas del Llop y el Grau de Ca l\u2019Esguerrat y la senda desaparece. Tenemos que enfrentarnos al bosque monte a trav\u00e9s entre la fuerte inclinaci\u00f3n del terreno y los matorrales, perfiles del bosque. Pero la orientaci\u00f3n e idea es buena: seguir en diagonal por en medio del bosque en direcci\u00f3n sureste subiendo poco a poco hasta dar con la senda buena que suponemos est\u00e1 algo m\u00e1s arriba. Esperamos\u2026<\/p>\n<p>Y as\u00ed es, al cabo de unos minutos caso eternos \u201cperdidos\u201d por el vertical bosque, llegamos a la cima del cordal o carena que despu\u00e9s forma el Grau de Ca l\u2019Esguerrat. Con menos vegetaci\u00f3n e impedimentos seguimos el cordal cimero como si se tratara de una cresta hac\u00eda arriba y girando en nuestra direcci\u00f3n. Dicho y hecho, en otros pocos minutos topamos con una excelente y bien marcada senda, ancha y bien cuidada \u00a1\u00a1\u00c9sta es!!<\/p>\n<div id=\"attachment_29515\" style=\"width: 1034px\" class=\"wp-caption aligncenter\"><a class=\"dt-single-image\" href=\"https:\/\/www.monta\u00f1asdelaluna.es\/wp-content\/uploads\/2016\/05\/IMG_5169.jpg\" data-dt-img-description=\"\"><img loading=\"lazy\" decoding=\"async\" aria-describedby=\"caption-attachment-29515\" class=\"wp-image-29515 size-large\" src=\"https:\/\/www.monta\u00f1asdelaluna.es\/wp-content\/uploads\/2016\/05\/IMG_5169-1024x768.jpg\" alt=\"Bosque de subida a Les Collades\" width=\"1024\" height=\"768\" srcset=\"https:\/\/www.monta\u00f1asdelaluna.es\/wp-content\/uploads\/2016\/05\/IMG_5169-1024x768.jpg 1024w, https:\/\/www.monta\u00f1asdelaluna.es\/wp-content\/uploads\/2016\/05\/IMG_5169-300x225.jpg 300w, https:\/\/www.monta\u00f1asdelaluna.es\/wp-content\/uploads\/2016\/05\/IMG_5169.jpg 1632w\" sizes=\"auto, (max-width: 1024px) 100vw, 1024px\" \/><\/a><p id=\"caption-attachment-29515\" class=\"wp-caption-text\">Bosque de subida a Les Collades<\/p><\/div>\n<div id=\"attachment_29519\" style=\"width: 1034px\" class=\"wp-caption aligncenter\"><a class=\"dt-single-image\" href=\"https:\/\/www.monta\u00f1asdelaluna.es\/wp-content\/uploads\/2016\/05\/IMG_5173.jpg\" data-dt-img-description=\"\"><img loading=\"lazy\" decoding=\"async\" aria-describedby=\"caption-attachment-29519\" class=\"wp-image-29519 size-large\" src=\"https:\/\/www.monta\u00f1asdelaluna.es\/wp-content\/uploads\/2016\/05\/IMG_5173-1024x575.jpg\" alt=\"Cordal cimero de la Sierra de Busa\" width=\"1024\" height=\"575\" srcset=\"https:\/\/www.monta\u00f1asdelaluna.es\/wp-content\/uploads\/2016\/05\/IMG_5173-1024x575.jpg 1024w, https:\/\/www.monta\u00f1asdelaluna.es\/wp-content\/uploads\/2016\/05\/IMG_5173-300x168.jpg 300w, https:\/\/www.monta\u00f1asdelaluna.es\/wp-content\/uploads\/2016\/05\/IMG_5173.jpg 1632w\" sizes=\"auto, (max-width: 1024px) 100vw, 1024px\" \/><\/a><p id=\"caption-attachment-29519\" class=\"wp-caption-text\">Cordal cimero de la Sierra de Busa<\/p><\/div>\n<p>Despu\u00e9s ya en la senda marcada en el Alpina la seguimos por los bordes de los escarpes y casi precipicios de la sierra. Las vistas surgen a nuestro encuentro (o nosotros al suyo) al subir altura y pasar por lugares m\u00e1s despejados: incre\u00edble paisaje boscoso y agreste, calizo del Prepirineo. Las nubes han dejado ya por fin paso el caluroso sol que no aprieta demasiado por las fechas en las que estamos\u2026 pero cualquiera afirmar\u00eda que ya estamos a mitad de la primavera.<\/p>\n<p>\u00c9sta senda nos deja en una especie de llano con un cruce de caminos, nosotros cogeremos el camino de herradura o menos transitado que va por el fondo del vallecillo que se nos abre ahora hacia el oeste, noroeste: es la Rasa de Les Collades. Hay otra pista m\u00e1s arriba, pero me gustan m\u00e1s los viejos caminos descuidados y\u00a0 llenos de vegetaci\u00f3n que las pistas roturadas y destrozamonte. Al principio parece que no vamos por un camino, si no por en medio de un prado o bancal semiroturado por el pasar de alguna m\u00e1quina, pero luego nos internaremos en un precioso bosque y \u00e9ste camino ir\u00e1 por en medio, a la vez que va subiendo poco a poco y suavemente. El bosque aqu\u00ed es genial y sin nada de procesionaria. Hermoso, altivo, verde y formidable\u2026 da gusto caminar entre excelentes ejemplares.<\/p>\n<div id=\"attachment_29522\" style=\"width: 1034px\" class=\"wp-caption aligncenter\"><a class=\"dt-single-image\" href=\"https:\/\/www.monta\u00f1asdelaluna.es\/wp-content\/uploads\/2016\/05\/IMG_5178.jpg\" data-dt-img-description=\"\"><img loading=\"lazy\" decoding=\"async\" aria-describedby=\"caption-attachment-29522\" class=\"wp-image-29522 size-large\" src=\"https:\/\/www.monta\u00f1asdelaluna.es\/wp-content\/uploads\/2016\/05\/IMG_5178-1024x575.jpg\" alt=\"Subiendo a la antecima del Serrat de La Llebre\" width=\"1024\" height=\"575\" srcset=\"https:\/\/www.monta\u00f1asdelaluna.es\/wp-content\/uploads\/2016\/05\/IMG_5178-1024x575.jpg 1024w, https:\/\/www.monta\u00f1asdelaluna.es\/wp-content\/uploads\/2016\/05\/IMG_5178-300x168.jpg 300w, https:\/\/www.monta\u00f1asdelaluna.es\/wp-content\/uploads\/2016\/05\/IMG_5178.jpg 1632w\" sizes=\"auto, (max-width: 1024px) 100vw, 1024px\" \/><\/a><p id=\"caption-attachment-29522\" class=\"wp-caption-text\">Subiendo a la antecima del Serrat de La Llebre<\/p><\/div>\n<div id=\"attachment_29527\" style=\"width: 1034px\" class=\"wp-caption aligncenter\"><a class=\"dt-single-image\" href=\"https:\/\/www.monta\u00f1asdelaluna.es\/wp-content\/uploads\/2016\/05\/IMG_5184.jpg\" data-dt-img-description=\"\"><img loading=\"lazy\" decoding=\"async\" aria-describedby=\"caption-attachment-29527\" class=\"wp-image-29527 size-large\" src=\"https:\/\/www.monta\u00f1asdelaluna.es\/wp-content\/uploads\/2016\/05\/IMG_5184-1024x575.jpg\" alt=\"Antecima del Serrat de La Llebre, 1.513 mts. delante el Serrat de La Llebre, abajo el conjunto de crestas de la Serra dels Bastets y al fondo el Port del Comte\" width=\"1024\" height=\"575\" srcset=\"https:\/\/www.monta\u00f1asdelaluna.es\/wp-content\/uploads\/2016\/05\/IMG_5184-1024x575.jpg 1024w, https:\/\/www.monta\u00f1asdelaluna.es\/wp-content\/uploads\/2016\/05\/IMG_5184-300x168.jpg 300w, https:\/\/www.monta\u00f1asdelaluna.es\/wp-content\/uploads\/2016\/05\/IMG_5184.jpg 1632w\" sizes=\"auto, (max-width: 1024px) 100vw, 1024px\" \/><\/a><p id=\"caption-attachment-29527\" class=\"wp-caption-text\">Antecima del Serrat de La Llebre, 1.513 mts. delante el Serrat de La Llebre, abajo el conjunto de crestas de la Serra dels Bastets y al fondo el Port del Comte<\/p><\/div>\n<p>\u00c9ste camino acaba en otro llanito (aunque por culpa de la vegetaci\u00f3n no se note mucho) que a la vez hace de collado: Les Collades. Entonces un senderillo sale a nuestra izquierda y en pocos metros nos subimos a la pista que antes no he querido coger. Irremediable. Cogemos direcci\u00f3n oeste y casi de bajada.<\/p>\n<p>La idea de coger este camino en esta direcci\u00f3n es que nos pueda acercar a un punto de la cresta o cordal cimero de las 2 cimas m\u00e1s altas de la sierra. As\u00ed observo en el Alpina que hay un paso que nos lleva desde este camino hasta la otra vertiente (ahora estamos en la vertiente norte, noreste) y de esta manera te sube hasta el cordal cimero divisoria de las dos vertientes de la sierra. Es por el Grau de Vilamala. Pero hay que andar un buen trecho de este camino que recorre toda la parte baja de las paredes norte y noroeste de la sierra, hasta llegar al cruce con el que nos suba al citado paso del Grau. Mientras el f\u00e1cil camino parece descender recorriendo las curvas y perfiles, ondulaciones de la monta\u00f1a, pero sin bajar demasiada altura. F\u00e1cil.<\/p>\n<div id=\"attachment_29528\" style=\"width: 1034px\" class=\"wp-caption aligncenter\"><a class=\"dt-single-image\" href=\"https:\/\/www.monta\u00f1asdelaluna.es\/wp-content\/uploads\/2016\/05\/IMG_5187.jpg\" data-dt-img-description=\"\"><img loading=\"lazy\" decoding=\"async\" aria-describedby=\"caption-attachment-29528\" class=\"wp-image-29528 size-large\" src=\"https:\/\/www.monta\u00f1asdelaluna.es\/wp-content\/uploads\/2016\/05\/IMG_5187-1024x768.jpg\" alt=\"Joaqu\u00edn en la antecima del Serrat de La Llebre, 1.513 mts. El Port del Comte a la izquierda y la Serra del Verd a la derecha\" width=\"1024\" height=\"768\" srcset=\"https:\/\/www.monta\u00f1asdelaluna.es\/wp-content\/uploads\/2016\/05\/IMG_5187-1024x768.jpg 1024w, https:\/\/www.monta\u00f1asdelaluna.es\/wp-content\/uploads\/2016\/05\/IMG_5187-300x225.jpg 300w, https:\/\/www.monta\u00f1asdelaluna.es\/wp-content\/uploads\/2016\/05\/IMG_5187.jpg 1632w\" sizes=\"auto, (max-width: 1024px) 100vw, 1024px\" \/><\/a><p id=\"caption-attachment-29528\" class=\"wp-caption-text\">Joaqu\u00edn en la antecima del Serrat de La Llebre, 1.513 mts. El Port del Comte a la izquierda y la Serra del Verd a la derecha<\/p><\/div>\n<div id=\"attachment_29530\" style=\"width: 1034px\" class=\"wp-caption aligncenter\"><a class=\"dt-single-image\" href=\"https:\/\/www.monta\u00f1asdelaluna.es\/wp-content\/uploads\/2016\/05\/IMG_5190.jpg\" data-dt-img-description=\"\"><img loading=\"lazy\" decoding=\"async\" aria-describedby=\"caption-attachment-29530\" class=\"wp-image-29530 size-large\" src=\"https:\/\/www.monta\u00f1asdelaluna.es\/wp-content\/uploads\/2016\/05\/IMG_5190-1024x575.jpg\" alt=\"A la izquierda el Serrat de La Llebre, abajo el conjunto de crestas de la Serra dels Bastets y al fondo el Port del Comte\" width=\"1024\" height=\"575\" srcset=\"https:\/\/www.monta\u00f1asdelaluna.es\/wp-content\/uploads\/2016\/05\/IMG_5190-1024x575.jpg 1024w, https:\/\/www.monta\u00f1asdelaluna.es\/wp-content\/uploads\/2016\/05\/IMG_5190-300x168.jpg 300w, https:\/\/www.monta\u00f1asdelaluna.es\/wp-content\/uploads\/2016\/05\/IMG_5190.jpg 1632w\" sizes=\"auto, (max-width: 1024px) 100vw, 1024px\" \/><\/a><p id=\"caption-attachment-29530\" class=\"wp-caption-text\">A la izquierda el Serrat de La Llebre, abajo el conjunto de crestas de la Serra dels Bastets y al fondo el Port del Comte<\/p><\/div>\n<p>Seg\u00fan el mapa en una curva del terreno ondulado justo cuando dejamos una fuente abajo del camino a nuestra derecha, la Font del Puj\u00e1s (que realmente no vimos) y justo detr\u00e1s de otro colladito, encontramos un camino que sube precipitadamente a la izquierda cambiando de direcci\u00f3n en un giro de casi 180\u00ba. Y as\u00ed es, observando y estando al tanto de las se\u00f1ales del mapa trazadas seg\u00fan las caracter\u00edsticas y formas del terreno, encontramos dicho camino tal y como lo he descrito y lo describe el reci\u00e9n comprado Alpina. Lo \u00fanico es que parece que hay una cadena para que no pasen movilidades pesadas\u2026 mejor. Dejamos el anterior camino y seguimos por este nuevo que se empina considerablemente. Sobre \u00e9l o cerca, las paredes del Cingle de Busa (norte), excepcionales: rocas lisas, calizas e inexpugnables se van abriendo como torreones o murallones.<\/p>\n<p>El camino no es muy largo. Acaba en una especie de paso entre rocas abierto por excavadoras, el hombre de anta\u00f1o o la propia naturaleza\u2026 no sabr\u00eda decir, y que me recuerda al famoso Paso del Contador en Sierra Aitana en mi lejana tierra alicantina: paredes a ambos lados del estrecho camino que te lleva de una vertiente a otra de la sierra. Curioso. De todas formas hemos observado que el camino ha sido retocado por las m\u00e1quinas excavadoras, como si lo estuvieran arreglando o haci\u00e9ndolo m\u00e1s ancho. Ahora por fin vemos toda la plana, el llano de Busa, toda la meseta, a una altura cercana o superior a los 1.300 metros\u2026 una visi\u00f3n preciosa, hermosa\u2026 con sus campos en bald\u00edo o prader\u00edo, bosquecillos, casas o caser\u00edos repartidos por parte del llano\u2026 un edificio que sobresale por encima de los bosquecillos en una ladera alta de dicha meseta: Sant Crist\u00f2fol. A ver si podemos pasar por all\u00ed.<\/p>\n<div id=\"attachment_29532\" style=\"width: 1034px\" class=\"wp-caption aligncenter\"><a class=\"dt-single-image\" href=\"https:\/\/www.monta\u00f1asdelaluna.es\/wp-content\/uploads\/2016\/05\/IMG_5193.jpg\" data-dt-img-description=\"\"><img loading=\"lazy\" decoding=\"async\" aria-describedby=\"caption-attachment-29532\" class=\"wp-image-29532 size-large\" src=\"https:\/\/www.monta\u00f1asdelaluna.es\/wp-content\/uploads\/2016\/05\/IMG_5193-1024x575.jpg\" alt=\"Alberto llegando a la cima del Serrat de La Llebre, a la izquierda su antecima\" width=\"1024\" height=\"575\" srcset=\"https:\/\/www.monta\u00f1asdelaluna.es\/wp-content\/uploads\/2016\/05\/IMG_5193-1024x575.jpg 1024w, https:\/\/www.monta\u00f1asdelaluna.es\/wp-content\/uploads\/2016\/05\/IMG_5193-300x168.jpg 300w, https:\/\/www.monta\u00f1asdelaluna.es\/wp-content\/uploads\/2016\/05\/IMG_5193.jpg 1632w\" sizes=\"auto, (max-width: 1024px) 100vw, 1024px\" \/><\/a><p id=\"caption-attachment-29532\" class=\"wp-caption-text\">Alberto llegando a la cima del Serrat de La Llebre, a la izquierda su antecima<\/p><\/div>\n<div id=\"attachment_29533\" style=\"width: 1034px\" class=\"wp-caption aligncenter\"><a class=\"dt-single-image\" href=\"https:\/\/www.monta\u00f1asdelaluna.es\/wp-content\/uploads\/2016\/05\/IMG_5194.jpg\" data-dt-img-description=\"\"><img loading=\"lazy\" decoding=\"async\" aria-describedby=\"caption-attachment-29533\" class=\"wp-image-29533 size-large\" src=\"https:\/\/www.monta\u00f1asdelaluna.es\/wp-content\/uploads\/2016\/05\/IMG_5194-1024x768.jpg\" alt=\"Cima del Serrat de la Llebre, 1.521 mts. A la derecha su antecima, abajo la Serra de Valielles y detr\u00e1s Rasos de Peguera\" width=\"1024\" height=\"768\" srcset=\"https:\/\/www.monta\u00f1asdelaluna.es\/wp-content\/uploads\/2016\/05\/IMG_5194-1024x768.jpg 1024w, https:\/\/www.monta\u00f1asdelaluna.es\/wp-content\/uploads\/2016\/05\/IMG_5194-300x225.jpg 300w, https:\/\/www.monta\u00f1asdelaluna.es\/wp-content\/uploads\/2016\/05\/IMG_5194.jpg 1632w\" sizes=\"auto, (max-width: 1024px) 100vw, 1024px\" \/><\/a><p id=\"caption-attachment-29533\" class=\"wp-caption-text\">Cima del Serrat de la Llebre, 1.521 mts. A la derecha su antecima, abajo la Serra de Valielles y detr\u00e1s Rasos de Peguera<\/p><\/div>\n<p>Ahora cogemos un senderillo que sigue por toda la columna vertebral de la\u00a0 sierra, por el cordal cimero y m\u00e1s alto de la misma en busca de sus picos m\u00e1s altos. La senda sale de la parte m\u00e1s alta del mismo paso del Grau de Vilamala. Se ve sin p\u00e9rdida. Y as\u00ed en direcci\u00f3n noroeste por todo el cordal cimero de la rocosa sierra vamos subiendo f\u00e1cilmente en busca de sus picos m\u00e1s altos y sus preciosas y lujosas vistas. Por que ahora se nos abr\u00eda el paisaje de manera incre\u00edble y amplio, enorme. El sol acompa\u00f1aba ahora el d\u00eda y las nubes ya eran \u201chistoria pasada\u201d: justo hacia el este las monta\u00f1as calizas Prepirenaicas nos mostraban un laberinto de roca, bosques, alturas y rincones, magn\u00edfico y bello: Serra de Queralt, Rasos de Peguera\u2026 quedan a nuestra espalda mientras subimos.<\/p>\n<p>Al poco rato parece que llegamos a uno de los piquitos de la sierra. Pensamos que estamos en el Serrat de La Llebre. Pero la realidad es que est\u00e1bamos en su antecima\u2026 m\u00e1s adelante nos dar\u00edamos cuenta. Fotos y vistas espectaculares hacia el norte. Hay un verdadero laberinto de crestitas y vallecillos muy escarpados y curiosamente precioso y espectacular entre las paredes norte de la Sierra de Busa y la cola y pantano de La Llosa del Cavall (que queda al noroeste y este de la Sierra de Busa. Hasta que no hemos llegado a esta altura no hemos podido verlo). Las vistas y el paisaje son excepcionales, acompa\u00f1ados por el sol y la aparente buena visibilidad no dejamos de hacer fotos. Las paredes norte que sobre nuestros pies se abren y caen de la Sierra de Busa crean en ocasiones, de lo verticales que son, unos desplomes de lisas paredes (surcadas por grietas verticales), impresionantes y soberbios. Magn\u00edfico.<\/p>\n<div id=\"attachment_29535\" style=\"width: 1034px\" class=\"wp-caption aligncenter\"><a class=\"dt-single-image\" href=\"https:\/\/www.monta\u00f1asdelaluna.es\/wp-content\/uploads\/2016\/05\/IMG_5196.jpg\" data-dt-img-description=\"\"><img loading=\"lazy\" decoding=\"async\" aria-describedby=\"caption-attachment-29535\" class=\"wp-image-29535 size-large\" src=\"https:\/\/www.monta\u00f1asdelaluna.es\/wp-content\/uploads\/2016\/05\/IMG_5196-1024x768.jpg\" alt=\"Cristina en la cima del Serrat de la Llebre, 1.521 mts. detr\u00e1s el Serrat del Cogul, al fondo el Port del Comte\" width=\"1024\" height=\"768\" srcset=\"https:\/\/www.monta\u00f1asdelaluna.es\/wp-content\/uploads\/2016\/05\/IMG_5196-1024x768.jpg 1024w, https:\/\/www.monta\u00f1asdelaluna.es\/wp-content\/uploads\/2016\/05\/IMG_5196-300x225.jpg 300w, https:\/\/www.monta\u00f1asdelaluna.es\/wp-content\/uploads\/2016\/05\/IMG_5196.jpg 1632w\" sizes=\"auto, (max-width: 1024px) 100vw, 1024px\" \/><\/a><p id=\"caption-attachment-29535\" class=\"wp-caption-text\">Cristina en la cima del Serrat de la Llebre, 1.521 mts. detr\u00e1s el Serrat del Cogul, al fondo el Port del Comte<\/p><\/div>\n<div id=\"attachment_29538\" style=\"width: 1034px\" class=\"wp-caption aligncenter\"><a class=\"dt-single-image\" href=\"https:\/\/www.monta\u00f1asdelaluna.es\/wp-content\/uploads\/2016\/05\/IMG_5201.jpg\" data-dt-img-description=\"\"><img loading=\"lazy\" decoding=\"async\" aria-describedby=\"caption-attachment-29538\" class=\"wp-image-29538 size-large\" src=\"https:\/\/www.monta\u00f1asdelaluna.es\/wp-content\/uploads\/2016\/05\/IMG_5201-1024x768.jpg\" alt=\"Joaqu\u00edn en la cima del Serrat de la Llebre, 1.521 mts., a la izquierda el Serrat del Cogu\" width=\"1024\" height=\"768\" srcset=\"https:\/\/www.monta\u00f1asdelaluna.es\/wp-content\/uploads\/2016\/05\/IMG_5201-1024x768.jpg 1024w, https:\/\/www.monta\u00f1asdelaluna.es\/wp-content\/uploads\/2016\/05\/IMG_5201-300x225.jpg 300w, https:\/\/www.monta\u00f1asdelaluna.es\/wp-content\/uploads\/2016\/05\/IMG_5201.jpg 1632w\" sizes=\"auto, (max-width: 1024px) 100vw, 1024px\" \/><\/a><p id=\"caption-attachment-29538\" class=\"wp-caption-text\">Joaqu\u00edn en la cima del Serrat de la Llebre, 1.521 mts., a la izquierda el Serrat del Cogu<\/p><\/div>\n<div id=\"attachment_29539\" style=\"width: 1034px\" class=\"wp-caption aligncenter\"><a class=\"dt-single-image\" href=\"https:\/\/www.monta\u00f1asdelaluna.es\/wp-content\/uploads\/2016\/05\/IMG_5203.jpg\" data-dt-img-description=\"\"><img loading=\"lazy\" decoding=\"async\" aria-describedby=\"caption-attachment-29539\" class=\"wp-image-29539 size-large\" src=\"https:\/\/www.monta\u00f1asdelaluna.es\/wp-content\/uploads\/2016\/05\/IMG_5203-1024x768.jpg\" alt=\"Alberto, Cristina y Joaqu\u00edn en la cima del Serrat de la Llebre, 1.521 mts. justo detr\u00e1s el Pedraforca\" width=\"1024\" height=\"768\" srcset=\"https:\/\/www.monta\u00f1asdelaluna.es\/wp-content\/uploads\/2016\/05\/IMG_5203-1024x768.jpg 1024w, https:\/\/www.monta\u00f1asdelaluna.es\/wp-content\/uploads\/2016\/05\/IMG_5203-300x225.jpg 300w, https:\/\/www.monta\u00f1asdelaluna.es\/wp-content\/uploads\/2016\/05\/IMG_5203.jpg 1632w\" sizes=\"auto, (max-width: 1024px) 100vw, 1024px\" \/><\/a><p id=\"caption-attachment-29539\" class=\"wp-caption-text\">Alberto, Cristina y Joaqu\u00edn en la cima del Serrat de la Llebre, 1.521 mts. justo detr\u00e1s el Pedraforca<\/p><\/div>\n<p>Seguimos el cordal cimero de la sierra pensando que el siguiente piquito que veamos sea el principal y m\u00e1s alto, Serrat del Cogul. Pero cu\u00e1l es nuestra sorpresa que al llegar a \u00e9l vemos otro algo m\u00e1s alejado y alto que sigue el cordal cimero\u2026 entonces estamos ahora y de verdad en el Serrat de La Llebre a 1.521mts. La decepci\u00f3n por la equivocaci\u00f3n se hace latente en quit\u00e1rseme las ganas de llegar al pico m\u00e1s alto de la sierra\u2026 Desde aqu\u00ed ya tendremos que comenzar el camino de regreso al coche, ya que se nos puede hacer tarde al haber comenzado tarde. De todas formas celebramos al cima de esta sierra como si fuera la \u00fanica m\u00e1s alta. Solo 5 metros diferencian una de otra. Y admiramos y reconocemos las monta\u00f1as con las magn\u00edficas vistas que tenemos desde aqu\u00ed: hacia el norte el perfil desconocido y sur del Pedraforca con la barrera rocosa del Polleg\u00f3 Inferior, el Port del Comte hacia el oeste, arriba del Pant\u00e1 de La Llosa del Cavall y de las crestecillas al norte y que quedan bajo la Serra de Busa, la Serra d\u2019Ensija a la derecha del Pedraforca y del Verd a la izquierda, y Rasos de Peguera al este bajo la Serra d\u2019Ensija\u2026 entre otras\u2026 todo magn\u00edfico, verde y grandioso. Unas vistas envidiables en un gran d\u00eda soleado que estaba quedando. Fotos de nuevo y m\u00e1s fotos de cima.<\/p>\n<p>Bajamos un poco de la cima para buscar un reses, por que comenzaba a soplar un vientecillo algo molesto, y poder comer; ya ha pasado el mediod\u00eda hace tiempo. Cerca de las rocas de la cumbre y del precipicio que se abre hacia el norte, nos sentamos y sacamos los bocadillos. Al tiempo decidimos proseguir, sin subir, como ya he dicho antes, la cima gemela y 5 metros m\u00e1s alta. Y volver por otro camino hacia donde hab\u00edamos dejado los coches. Ahora cruzar\u00edamos la mitad de la meseta de la Serra de Busa hacia el este y desde el alto templo de Sant Crist\u00f2fol que parece est\u00e1 en su mitad. Entonces lo que tenemos que hacer es bajar por esta suave loma de roca viva, piedras, matorrales o bosque (seg\u00fan la zona) en direcci\u00f3n al templo el cual sobresale all\u00e1 abajo y mirando hacia el sur seg\u00fan vamos bajando.<\/p>\n<div id=\"attachment_29544\" style=\"width: 1034px\" class=\"wp-caption aligncenter\"><a class=\"dt-single-image\" href=\"https:\/\/www.monta\u00f1asdelaluna.es\/wp-content\/uploads\/2016\/05\/IMG_5209.jpg\" data-dt-img-description=\"\"><img loading=\"lazy\" decoding=\"async\" aria-describedby=\"caption-attachment-29544\" class=\"wp-image-29544 size-large\" src=\"https:\/\/www.monta\u00f1asdelaluna.es\/wp-content\/uploads\/2016\/05\/IMG_5209-1024x768.jpg\" alt=\"Bajando a Sant Crist\u00f2fol, dicho templo en el centro\" width=\"1024\" height=\"768\" srcset=\"https:\/\/www.monta\u00f1asdelaluna.es\/wp-content\/uploads\/2016\/05\/IMG_5209-1024x768.jpg 1024w, https:\/\/www.monta\u00f1asdelaluna.es\/wp-content\/uploads\/2016\/05\/IMG_5209-300x225.jpg 300w, https:\/\/www.monta\u00f1asdelaluna.es\/wp-content\/uploads\/2016\/05\/IMG_5209.jpg 1632w\" sizes=\"auto, (max-width: 1024px) 100vw, 1024px\" \/><\/a><p id=\"caption-attachment-29544\" class=\"wp-caption-text\">Bajando a Sant Crist\u00f2fol, dicho templo en el centro<\/p><\/div>\n<div id=\"attachment_29549\" style=\"width: 1034px\" class=\"wp-caption aligncenter\"><a class=\"dt-single-image\" href=\"https:\/\/www.monta\u00f1asdelaluna.es\/wp-content\/uploads\/2016\/05\/IMG_5215.jpg\" data-dt-img-description=\"\"><img loading=\"lazy\" decoding=\"async\" aria-describedby=\"caption-attachment-29549\" class=\"wp-image-29549 size-large\" src=\"https:\/\/www.monta\u00f1asdelaluna.es\/wp-content\/uploads\/2016\/05\/IMG_5215-1024x575.jpg\" alt=\"Cristina y Alberto con Sant Crist\u00f2fol detr\u00e1s\" width=\"1024\" height=\"575\" srcset=\"https:\/\/www.monta\u00f1asdelaluna.es\/wp-content\/uploads\/2016\/05\/IMG_5215-1024x575.jpg 1024w, https:\/\/www.monta\u00f1asdelaluna.es\/wp-content\/uploads\/2016\/05\/IMG_5215-300x168.jpg 300w, https:\/\/www.monta\u00f1asdelaluna.es\/wp-content\/uploads\/2016\/05\/IMG_5215.jpg 1632w\" sizes=\"auto, (max-width: 1024px) 100vw, 1024px\" \/><\/a><p id=\"caption-attachment-29549\" class=\"wp-caption-text\">Cristina y Alberto con Sant Crist\u00f2fol detr\u00e1s<\/p><\/div>\n<p>Pero la senda no est\u00e1 clara. Como he se\u00f1alado en el mapa del recorrido, he trazado unas marcas de puntos discontinuos como si hubi\u00e9ramos ido monte a trav\u00e9s. Y as\u00ed ha sido porque, a pesar que buscamos alg\u00fan rastro de senda, senderillo entre el suelo rocoso, pedregoso y el bosquecillo, seg\u00fan por donde nos mostraba el mapa Alpina, no llegamos a discernirlo, a descubrirlo (si es que hab\u00eda) y comenzamos a bajar, despu\u00e9s de un recorrido transversal en la loma en busca de dicha senda o se\u00f1al, en direcci\u00f3n al campanario y tejado de Sant Crist\u00f2fol. No debe de haber p\u00e9rdida; pero otra cosa es como llegamos\u2026<\/p>\n<p>Entre monte a trav\u00e9s y abri\u00e9ndonos camino entre altos matorrales y cerrados bosquecillos de un barranco cercano que baja y pasa justo por detr\u00e1s del lugar donde est\u00e1 el regio templo, llegamos al lugar donde los prader\u00edos y espacios abiertos abundan m\u00e1s. Le damos la vuelta al templo para contemplar su entrada y parte que mira hacia el sur, ya que nosotros hemos llegado desde el norte por la suave pero salvaje pendiente. Sant Crist\u00f2fol es un edificio recio, altivo y sobresaliente entre \u00e1rboles y bosquecillos cercanos. Pero a la vez sencillo y con una sola campana en el hueco de arriba para dos. Hacemos algunas fotos y enseguida busco, ahora s\u00ed, el camino a seguir de bajada\u2026 el \u00fanico camino que llega o acaba en las puertas o cercan\u00edas del templo. \u00c9ste sale hac\u00eda el oeste, pero no por abajo del templo.<\/p>\n<div id=\"attachment_29551\" style=\"width: 1034px\" class=\"wp-caption aligncenter\"><a class=\"dt-single-image\" href=\"https:\/\/www.monta\u00f1asdelaluna.es\/wp-content\/uploads\/2016\/05\/IMG_5218.jpg\" data-dt-img-description=\"\"><img loading=\"lazy\" decoding=\"async\" aria-describedby=\"caption-attachment-29551\" class=\"wp-image-29551 size-large\" src=\"https:\/\/www.monta\u00f1asdelaluna.es\/wp-content\/uploads\/2016\/05\/IMG_5218-1024x768.jpg\" alt=\"Sant Crist\u00f2fol\" width=\"1024\" height=\"768\" srcset=\"https:\/\/www.monta\u00f1asdelaluna.es\/wp-content\/uploads\/2016\/05\/IMG_5218-1024x768.jpg 1024w, https:\/\/www.monta\u00f1asdelaluna.es\/wp-content\/uploads\/2016\/05\/IMG_5218-300x225.jpg 300w, https:\/\/www.monta\u00f1asdelaluna.es\/wp-content\/uploads\/2016\/05\/IMG_5218.jpg 1632w\" sizes=\"auto, (max-width: 1024px) 100vw, 1024px\" \/><\/a><p id=\"caption-attachment-29551\" class=\"wp-caption-text\">Sant Crist\u00f2fol<\/p><\/div>\n<div id=\"attachment_29553\" style=\"width: 1034px\" class=\"wp-caption aligncenter\"><a class=\"dt-single-image\" href=\"https:\/\/www.monta\u00f1asdelaluna.es\/wp-content\/uploads\/2016\/05\/IMG_5221.jpg\" data-dt-img-description=\"\"><img loading=\"lazy\" decoding=\"async\" aria-describedby=\"caption-attachment-29553\" class=\"wp-image-29553 size-large\" src=\"https:\/\/www.monta\u00f1asdelaluna.es\/wp-content\/uploads\/2016\/05\/IMG_5221-1024x768.jpg\" alt=\"Indicaciones en el cruce de caminos\" width=\"1024\" height=\"768\" srcset=\"https:\/\/www.monta\u00f1asdelaluna.es\/wp-content\/uploads\/2016\/05\/IMG_5221-1024x768.jpg 1024w, https:\/\/www.monta\u00f1asdelaluna.es\/wp-content\/uploads\/2016\/05\/IMG_5221-300x225.jpg 300w, https:\/\/www.monta\u00f1asdelaluna.es\/wp-content\/uploads\/2016\/05\/IMG_5221.jpg 1632w\" sizes=\"auto, (max-width: 1024px) 100vw, 1024px\" \/><\/a><p id=\"caption-attachment-29553\" class=\"wp-caption-text\">Indicaciones en el cruce de caminos<\/p><\/div>\n<p>Mientras seguimos la lenta y muy suave bajada del camino, le vamos haciendo fotos en la lejan\u00eda como si se tratase de un antigua pir\u00e1mide maya. Muy fotog\u00e9nico. Este camino deriva en otro junto a unos laguitos o m\u00e1s bien estanques. Aqu\u00ed a la derecha nos ir\u00edamos al caser\u00edo de Casa Vila y a la Pres\u00f3 Capolatell, famosa \u00e9sta \u00faltima por ser una c\u00e1rcel o prisi\u00f3n \u201cnatural\u201d aprovechada por los franceses en su invasi\u00f3n, pero no d\u00e1 tiempo a verla, decidimos seguir hacia la izquierda y enseguida otro cruce de caminos (Els Colls) hacia la izquierda tambi\u00e9n. Un simp\u00e1tico cartel nos indica los lugares que podemos visitar. Los caminos aqu\u00ed, en mitad de la meseta de Busa, no tienen p\u00e9rdida. Ahora seguiremos un camino transitable para veh\u00edculos en busca de La Bertonila y la pared del Cingle de Busa y dels Emprius para ya bajar por ella de la meseta al vallecillo (Vall d\u2019Ora) donde tenemos el coche.<\/p>\n<p>El camino es muy ameno y horizontal. El d\u00eda sigue siendo soleado y con buena visibilidad con lo que vamos descubriendo (en la medida que nos deja la vegetaci\u00f3n de los bosquecillos) el recorrido por el filo de la sierra que hemos hecho y que va quedando arriba a la izquierda. El camino cruza prader\u00edos y bosquecillos de altos y sanos pinos que hacen las delicias de nuestros objetivos. Tanto Alberto como yo somos unos obsesos de las fotograf\u00edas de monta\u00f1a y paisajes. Llega un momento en que sale un camino hacia la derecha y en diagonal al que llevamos: si seguimos sin desviarnos llegaremos al lugar cercano de Les Collades que ya hemos visto y pasado al subir, con lo que decidimos seguir este nuevo camino a la derecha en busca de La Bertolina y las paredes al sureste del Cingle dels Emprius. Un cartel a la entrada del camino nos niega el paso: propiedad privada. Pero no hay prohibiciones de paso para un caminante, un aventurero y explorador.<\/p>\n<div id=\"attachment_29555\" style=\"width: 1034px\" class=\"wp-caption aligncenter\"><a class=\"dt-single-image\" href=\"https:\/\/www.monta\u00f1asdelaluna.es\/wp-content\/uploads\/2016\/05\/IMG_5226.jpg\" data-dt-img-description=\"\"><img loading=\"lazy\" decoding=\"async\" aria-describedby=\"caption-attachment-29555\" class=\"wp-image-29555 size-large\" src=\"https:\/\/www.monta\u00f1asdelaluna.es\/wp-content\/uploads\/2016\/05\/IMG_5226-1024x768.jpg\" alt=\"Camino en El Campament\" width=\"1024\" height=\"768\" srcset=\"https:\/\/www.monta\u00f1asdelaluna.es\/wp-content\/uploads\/2016\/05\/IMG_5226-1024x768.jpg 1024w, https:\/\/www.monta\u00f1asdelaluna.es\/wp-content\/uploads\/2016\/05\/IMG_5226-300x225.jpg 300w, https:\/\/www.monta\u00f1asdelaluna.es\/wp-content\/uploads\/2016\/05\/IMG_5226.jpg 1632w\" sizes=\"auto, (max-width: 1024px) 100vw, 1024px\" \/><\/a><p id=\"caption-attachment-29555\" class=\"wp-caption-text\">Camino en El Campament<\/p><\/div>\n<div id=\"attachment_29568\" style=\"width: 1034px\" class=\"wp-caption aligncenter\"><a class=\"dt-single-image\" href=\"https:\/\/www.monta\u00f1asdelaluna.es\/wp-content\/uploads\/2016\/05\/IMG_5242.jpg\" data-dt-img-description=\"\"><img loading=\"lazy\" decoding=\"async\" aria-describedby=\"caption-attachment-29568\" class=\"wp-image-29568 size-large\" src=\"https:\/\/www.monta\u00f1asdelaluna.es\/wp-content\/uploads\/2016\/05\/IMG_5242-1024x575.jpg\" alt=\"Cristina y Alberto dejando atr\u00e1s La Bertolina\" width=\"1024\" height=\"575\" srcset=\"https:\/\/www.monta\u00f1asdelaluna.es\/wp-content\/uploads\/2016\/05\/IMG_5242-1024x575.jpg 1024w, https:\/\/www.monta\u00f1asdelaluna.es\/wp-content\/uploads\/2016\/05\/IMG_5242-300x168.jpg 300w, https:\/\/www.monta\u00f1asdelaluna.es\/wp-content\/uploads\/2016\/05\/IMG_5242.jpg 1632w\" sizes=\"auto, (max-width: 1024px) 100vw, 1024px\" \/><\/a><p id=\"caption-attachment-29568\" class=\"wp-caption-text\">Cristina y Alberto dejando atr\u00e1s La Bertolina<\/p><\/div>\n<p>En poco tiempo llegamos a los recios y curiosos edificios del caser\u00edo de La Bertolina: es una casa rural y tiene clientes y hu\u00e9spedes que disfrutan de la tranquilidad del lugar, de las vistas y del ambiente sano de monta\u00f1a o campo. Es un sitio id\u00edlico para buscar estas condiciones. Adem\u00e1s en medio del prader\u00edo y de la parte este de la meseta, la semillana meseta de Busa. Fant\u00e1stico. Rodeamos los edificios y caminamos entre ellos para buscar alg\u00fan camino o senda que nos lleve hasta un estanque o lagunilla (parece que artificial) que queda al sureste de la casa y en medio de la meseta tambi\u00e9n. Seg\u00fan el Alpina hay una sendilla que viene del camino (que anteriormente segu\u00edamos) que va a Les Collades y para en el filo de las paredes del Cingle de Busa, al sur. Con recorrido recto de norte a sur. Quiero llegar a \u00e9ste para arribar a las paredes del Cingle de Busa al sur de la meseta, de la sierra y lugar.<\/p>\n<p>Si que parece que haya una especie de camino o antiguo camino desdibujado que ahora solo sirve para caminar que desde el sureste de la casa nos lleva en direcci\u00f3n a la senda y estanque antes mencionados. Como cruzamos lugares y espacios abiertos sin arboledas ni matorral que nos estorbe, el camino a seguir es muy f\u00e1cil y nada complicado. Mientras dejamos la casa de La Bertolina atr\u00e1s, vamos haciendo fant\u00e1sticas fotos del lugar, de la llana meseta y de sus l\u00edmites con esos bosquecillos de altos y frondosos, llamativos pinos.<\/p>\n<div id=\"attachment_29563\" style=\"width: 1034px\" class=\"wp-caption aligncenter\"><a class=\"dt-single-image\" href=\"https:\/\/www.monta\u00f1asdelaluna.es\/wp-content\/uploads\/2016\/05\/IMG_5236.jpg\" data-dt-img-description=\"\"><img loading=\"lazy\" decoding=\"async\" aria-describedby=\"caption-attachment-29563\" class=\"wp-image-29563 size-large\" src=\"https:\/\/www.monta\u00f1asdelaluna.es\/wp-content\/uploads\/2016\/05\/IMG_5236-1024x575.jpg\" alt=\"Pla oriental de Busa\" width=\"1024\" height=\"575\" srcset=\"https:\/\/www.monta\u00f1asdelaluna.es\/wp-content\/uploads\/2016\/05\/IMG_5236-1024x575.jpg 1024w, https:\/\/www.monta\u00f1asdelaluna.es\/wp-content\/uploads\/2016\/05\/IMG_5236-300x168.jpg 300w, https:\/\/www.monta\u00f1asdelaluna.es\/wp-content\/uploads\/2016\/05\/IMG_5236.jpg 1632w\" sizes=\"auto, (max-width: 1024px) 100vw, 1024px\" \/><\/a><p id=\"caption-attachment-29563\" class=\"wp-caption-text\">Pla oriental de Busa<\/p><\/div>\n<div id=\"attachment_29566\" style=\"width: 1034px\" class=\"wp-caption aligncenter\"><a class=\"dt-single-image\" href=\"https:\/\/www.monta\u00f1asdelaluna.es\/wp-content\/uploads\/2016\/05\/IMG_5240.jpg\" data-dt-img-description=\"\"><img loading=\"lazy\" decoding=\"async\" aria-describedby=\"caption-attachment-29566\" class=\"wp-image-29566 size-large\" src=\"https:\/\/www.monta\u00f1asdelaluna.es\/wp-content\/uploads\/2016\/05\/IMG_5240-1024x768.jpg\" alt=\"Cristina y Alberto saliendo de La Bertolina\" width=\"1024\" height=\"768\" srcset=\"https:\/\/www.monta\u00f1asdelaluna.es\/wp-content\/uploads\/2016\/05\/IMG_5240-1024x768.jpg 1024w, https:\/\/www.monta\u00f1asdelaluna.es\/wp-content\/uploads\/2016\/05\/IMG_5240-300x225.jpg 300w, https:\/\/www.monta\u00f1asdelaluna.es\/wp-content\/uploads\/2016\/05\/IMG_5240.jpg 1632w\" sizes=\"auto, (max-width: 1024px) 100vw, 1024px\" \/><\/a><p id=\"caption-attachment-29566\" class=\"wp-caption-text\">Cristina y Alberto saliendo de La Bertolina<\/p><\/div>\n<p>Pasamos junta al estanque, la balsita y apreciamos huellas, marcas de l\u00edneas en el terreno como si quisieran ser un sendero. Al principio parec\u00eda un sendero, pero al recorrerlo (en direcci\u00f3n derecha y sur) las marcas se pierden y decidimos ir monte a trav\u00e9s por en medio del espacio abierto de prados y luego roca, tierra hasta inequivocadamente llegar a una peque\u00f1a elevaci\u00f3n del terreno y a los l\u00edmites de las enormes, amplias y espectaculares paredes, Cingles de Busa en su lado sur de la sierra, de la meseta. El paisaje es sorprendente, soberbio, magn\u00edfico y aterrador de ver tanta verticalidad tan seguida. Estamos cerca del Roc de Les Nou (en la misma pared) y nos paramos para admirar y maravillarnos con el lugar en el filo mismo de las paredes, de los precipicios. Las vistas son incre\u00edbles, el paisaje encantador y grandioso.<\/p>\n<p>Debemos seguir por que poco a poco el sol imperioso va descendiendo y se nos va haciendo tarde. Seguimos por la indicada sendilla o recorrido casi en el borde de los precipicios hacia el este, hacia la izquierda seg\u00fan hemos llegado al filo de la pared. Hay un piquito que sobresale en medio de dicha pared, cingle y que hace como de punta o torre en esta incre\u00edble muralla: es el Tur\u00f3 de l\u2019Escala Nova. La senda que seguimos nos llevar\u00e1, rodeando este piquito por el lado donde no hay precipicio (l\u00f3gico) en busca de una se\u00f1alada bajada por el Cingle dels Emprius.<\/p>\n<div id=\"attachment_29573\" style=\"width: 1034px\" class=\"wp-caption aligncenter\"><a class=\"dt-single-image\" href=\"https:\/\/www.monta\u00f1asdelaluna.es\/wp-content\/uploads\/2016\/05\/IMG_5247.jpg\" data-dt-img-description=\"\"><img loading=\"lazy\" decoding=\"async\" aria-describedby=\"caption-attachment-29573\" class=\"wp-image-29573 size-large\" src=\"https:\/\/www.monta\u00f1asdelaluna.es\/wp-content\/uploads\/2016\/05\/IMG_5247-1024x575.jpg\" alt=\"Cingle sur de Busa, a la izquierda el Serrat de La Capella\" width=\"1024\" height=\"575\" srcset=\"https:\/\/www.monta\u00f1asdelaluna.es\/wp-content\/uploads\/2016\/05\/IMG_5247-1024x575.jpg 1024w, https:\/\/www.monta\u00f1asdelaluna.es\/wp-content\/uploads\/2016\/05\/IMG_5247-300x168.jpg 300w, https:\/\/www.monta\u00f1asdelaluna.es\/wp-content\/uploads\/2016\/05\/IMG_5247.jpg 1632w\" sizes=\"auto, (max-width: 1024px) 100vw, 1024px\" \/><\/a><p id=\"caption-attachment-29573\" class=\"wp-caption-text\">Cingle sur de Busa, a la izquierda el Serrat de La Capella<\/p><\/div>\n<div id=\"attachment_29575\" style=\"width: 1034px\" class=\"wp-caption aligncenter\"><a class=\"dt-single-image\" href=\"https:\/\/www.monta\u00f1asdelaluna.es\/wp-content\/uploads\/2016\/05\/IMG_5250.jpg\" data-dt-img-description=\"\"><img loading=\"lazy\" decoding=\"async\" aria-describedby=\"caption-attachment-29575\" class=\"wp-image-29575 size-large\" src=\"https:\/\/www.monta\u00f1asdelaluna.es\/wp-content\/uploads\/2016\/05\/IMG_5250-1024x768.jpg\" alt=\"Cingle sur de Busa, en el centro el Tur\u00f3 de l'Escala Nova\" width=\"1024\" height=\"768\" srcset=\"https:\/\/www.monta\u00f1asdelaluna.es\/wp-content\/uploads\/2016\/05\/IMG_5250-1024x768.jpg 1024w, https:\/\/www.monta\u00f1asdelaluna.es\/wp-content\/uploads\/2016\/05\/IMG_5250-300x225.jpg 300w, https:\/\/www.monta\u00f1asdelaluna.es\/wp-content\/uploads\/2016\/05\/IMG_5250.jpg 1632w\" sizes=\"auto, (max-width: 1024px) 100vw, 1024px\" \/><\/a><p id=\"caption-attachment-29575\" class=\"wp-caption-text\">Cingle sur de Busa, en el centro el Tur\u00f3 de l&#8217;Escala Nova<\/p><\/div>\n<p>Justo al otro lado de dicho piquito, tur\u00f3 la senda est\u00e1 muy bien marcada y trazada, y un cartelito nos advierte: \u201cRuta del Pl\u00e1 de Busa a la Vall d\u2019Ora pel Cam\u00ed de Les Escales\u201d, \u201cCam\u00ed equipat. Cam\u00ed amb pasos aeris\u2026\u201d, y es que ahora toca bajar por en medio de la pared, la pared que ve\u00edamos medio invisible por la niebla y las nubes desde el coche cuando iniciamos el recorrido. Y bajar tambi\u00e9n por una escalera: la Escala de Busa pone en el Alpina\u2026 a ver c\u00f3mo est\u00e1 de equipada la bajada. Siempre es emocionante recorrer lugares y pasos as\u00ed, el encontrarte obst\u00e1culos a salvar con ese toque de adrenalina que te supone el superar tus valores y miedos en rincones algo temerarios.<\/p>\n<p>Y empieza el fuerte zigzag en la fuerte pendiente de bajada. Pero la senda es inequ\u00edvoca. Cruzamos un barranquito con maderos puestos a modos de escalones y un cable en un lado de la pared por si las moscas. Despu\u00e9s nos encontramos con la escalera vertical la cual hay que bajar por ella, y salvar algunos metros de pared vertical al final de dicho barranquito. Sin problemas y emocionante\u2026 tanto camino horizontal y aburrido, ya era hora de encontrar tramos de pericia y emoci\u00f3n, de temeridad controlada. Debajo de la escalera seguimos la senda que sigue algo m\u00e1s horizontal hac\u00eda el norte y noreste, bajo y sobre las paredes pegadas a ellas, en pasillos horizontales entre ellas, en busca de una casa, una construcci\u00f3n en medio de una amplia y menos vertical balconada: Orriols.<\/p>\n<div id=\"attachment_29578\" style=\"width: 830px\" class=\"wp-caption aligncenter\"><a class=\"dt-single-image\" href=\"https:\/\/www.monta\u00f1asdelaluna.es\/wp-content\/uploads\/2016\/05\/IMG_5254.jpg\" data-dt-img-description=\"\"><img loading=\"lazy\" decoding=\"async\" aria-describedby=\"caption-attachment-29578\" class=\"wp-image-29578 \" src=\"https:\/\/www.monta\u00f1asdelaluna.es\/wp-content\/uploads\/2016\/05\/IMG_5254.jpg\" alt=\"Cam\u00ed de Les Escales\" width=\"820\" height=\"1093\" srcset=\"https:\/\/www.monta\u00f1asdelaluna.es\/wp-content\/uploads\/2016\/05\/IMG_5254.jpg 1224w, https:\/\/www.monta\u00f1asdelaluna.es\/wp-content\/uploads\/2016\/05\/IMG_5254-225x300.jpg 225w, https:\/\/www.monta\u00f1asdelaluna.es\/wp-content\/uploads\/2016\/05\/IMG_5254-768x1024.jpg 768w\" sizes=\"auto, (max-width: 820px) 100vw, 820px\" \/><\/a><p id=\"caption-attachment-29578\" class=\"wp-caption-text\">Cam\u00ed de Les Escales<\/p><\/div>\n<div id=\"attachment_29580\" style=\"width: 831px\" class=\"wp-caption aligncenter\"><a class=\"dt-single-image\" href=\"https:\/\/www.monta\u00f1asdelaluna.es\/wp-content\/uploads\/2016\/05\/IMG_5256.jpg\" data-dt-img-description=\"\"><img loading=\"lazy\" decoding=\"async\" aria-describedby=\"caption-attachment-29580\" class=\"wp-image-29580 \" src=\"https:\/\/www.monta\u00f1asdelaluna.es\/wp-content\/uploads\/2016\/05\/IMG_5256.jpg\" alt=\"Bajando por la Escala de Busa\" width=\"821\" height=\"1095\" srcset=\"https:\/\/www.monta\u00f1asdelaluna.es\/wp-content\/uploads\/2016\/05\/IMG_5256.jpg 1224w, https:\/\/www.monta\u00f1asdelaluna.es\/wp-content\/uploads\/2016\/05\/IMG_5256-225x300.jpg 225w, https:\/\/www.monta\u00f1asdelaluna.es\/wp-content\/uploads\/2016\/05\/IMG_5256-768x1024.jpg 768w\" sizes=\"auto, (max-width: 821px) 100vw, 821px\" \/><\/a><p id=\"caption-attachment-29580\" class=\"wp-caption-text\">Bajando por la Escala de Busa<\/p><\/div>\n<div id=\"attachment_29585\" style=\"width: 1034px\" class=\"wp-caption aligncenter\"><a class=\"dt-single-image\" href=\"https:\/\/www.monta\u00f1asdelaluna.es\/wp-content\/uploads\/2016\/05\/IMG_5264.jpg\" data-dt-img-description=\"\"><img loading=\"lazy\" decoding=\"async\" aria-describedby=\"caption-attachment-29585\" class=\"wp-image-29585 size-large\" src=\"https:\/\/www.monta\u00f1asdelaluna.es\/wp-content\/uploads\/2016\/05\/IMG_5264-1024x768.jpg\" alt=\"Orriols\" width=\"1024\" height=\"768\" srcset=\"https:\/\/www.monta\u00f1asdelaluna.es\/wp-content\/uploads\/2016\/05\/IMG_5264-1024x768.jpg 1024w, https:\/\/www.monta\u00f1asdelaluna.es\/wp-content\/uploads\/2016\/05\/IMG_5264-300x225.jpg 300w, https:\/\/www.monta\u00f1asdelaluna.es\/wp-content\/uploads\/2016\/05\/IMG_5264.jpg 1632w\" sizes=\"auto, (max-width: 1024px) 100vw, 1024px\" \/><\/a><p id=\"caption-attachment-29585\" class=\"wp-caption-text\">Orriols<\/p><\/div>\n<p>Aqu\u00ed me despisto algo. El sol va bajando y la tarde va llegando a su fin con el pr\u00f3ximo ocaso. Al llegar a esta casa creo estar m\u00e1s abajo por Cal Riuet o El Sol\u00e0. Pero despu\u00e9s de observar desde los lindes de Orriols las casas que hay m\u00e1s abajo, las paredes y cingles que a\u00fan tenemos de por medio para llegar al fondo del valle, y de mirar al mapa con elocuencia y m\u00e1s l\u00f3gica\u2026 descubro que a\u00fan nos queda \u201cmucho\u201d por bajar. Desde la simp\u00e1tica construcci\u00f3n de Orriols seguiremos hac\u00eda la derecha y noreste, este, el camino transitable que cruza por en medio de este ancho pasillo entre las paredes. Al poco tiempo una senda se\u00f1alizada y muy bien marcada que sale de este camino a la derecha y hacia abajo, ser\u00e1 la que nos lleve hasta el fondo de la Vall d\u2019Ora. Entre el Cingle dels Emprius y la Rua Alta. Cogiendo el hueco de un barranquito ancho pero vertical que parece suele llevar agua y que m\u00e1s abajo le llaman Torrent Moixi. Con tremendo zigzag de la senda bajamos un desnivel considerable, romperodillas\u2026 pero las vistas hacia la Vall d\u2019Ora mientras baj\u00e1bamos eran preciosas, hermosas, gracias a los colores del atardecer que la hac\u00edan a\u00fan m\u00e1s intensa y a la soledad del lugar, del recorrido, el disfrute era m\u00e1ximo, extraordinario\u2026<\/p>\n<p>Nos internamos por bosquecillos mientras la senda no paraba de bajar y de hacer el esperado zigzag, y entre \u00e9stos nos dejaban rincones libres para poder admirar las paredes y verticalidades que \u00edbamos dejando arriba y a nuestras espaldas; como los 3 \u201cespolones\u201d de la Rua Alta. Precioso. La roca ya iba cogiendo un color anaranjado pastel, marr\u00f3n clarito que se iba oscureciendo por la bajada del sol; y el sol ya quer\u00eda dejarnos ocult\u00e1ndose detr\u00e1s de las altas paredes que \u00edbamos dejando atr\u00e1s y arriba. Y por fin llegamos a la habitada El Sol\u00e0. Aqu\u00ed ya hab\u00edamos dejado las verticales paredes y vertientes m\u00e1s empinadas para llegar a puntos m\u00e1s habitables y cruzados por caminos. Pero de El Sol\u00e0 debemos seguir la simp\u00e1tica senda de bajada (que tambi\u00e9n estaba empinada) hacia la casa de abajo: Cal Teixidor, Cal Guirre. Ya en las orillas de l\u2019Aigua d\u2019Ora y en el fondo del mismo valle. Fotos y m\u00e1s fotos al valle, sus rincones, sus colores, su soledad y tranquilidad, sus preciosos paisajes: las casas, construcciones con sus utensilios e instalaciones de siempre, antiguas, de labranza y trabajos en al campo, una noria, establos\u2026 y detr\u00e1s las magn\u00edficas y espectaculares vistas de las paredes de la Sierra de Busa, impresionante, magn\u00edficas, que quedaban ensombrecidas por la luz del momento y le daban un toque nost\u00e1lgico y casi fantasmag\u00f3rico a la vez. El Tur\u00f3 de l\u2019Escala Nova sobresale a la izquierda como una autentica torre de defensa inexpugnable, vertical y amenazadora en medio de un murall\u00f3n infranqueable. Las paredes de la Sierra de Busa desde la Vall d\u2019Ora. Impresionantes, espectaculares.<\/p>\n<div id=\"attachment_29600\" style=\"width: 1034px\" class=\"wp-caption aligncenter\"><a class=\"dt-single-image\" href=\"https:\/\/www.monta\u00f1asdelaluna.es\/wp-content\/uploads\/2016\/05\/IMG_5291.jpg\" data-dt-img-description=\"\"><img loading=\"lazy\" decoding=\"async\" aria-describedby=\"caption-attachment-29600\" class=\"wp-image-29600 size-large\" src=\"https:\/\/www.monta\u00f1asdelaluna.es\/wp-content\/uploads\/2016\/05\/IMG_5291-1024x768.jpg\" alt=\"Vall d'Ora, valle arriba\" width=\"1024\" height=\"768\" srcset=\"https:\/\/www.monta\u00f1asdelaluna.es\/wp-content\/uploads\/2016\/05\/IMG_5291-1024x768.jpg 1024w, https:\/\/www.monta\u00f1asdelaluna.es\/wp-content\/uploads\/2016\/05\/IMG_5291-300x225.jpg 300w, https:\/\/www.monta\u00f1asdelaluna.es\/wp-content\/uploads\/2016\/05\/IMG_5291.jpg 1632w\" sizes=\"auto, (max-width: 1024px) 100vw, 1024px\" \/><\/a><p id=\"caption-attachment-29600\" class=\"wp-caption-text\">Vall d&#8217;Ora, valle arriba<\/p><\/div>\n<div id=\"attachment_29604\" style=\"width: 1034px\" class=\"wp-caption aligncenter\"><a class=\"dt-single-image\" href=\"https:\/\/www.monta\u00f1asdelaluna.es\/wp-content\/uploads\/2016\/05\/IMG_5295.jpg\" data-dt-img-description=\"\"><img loading=\"lazy\" decoding=\"async\" aria-describedby=\"caption-attachment-29604\" class=\"wp-image-29604 size-large\" src=\"https:\/\/www.monta\u00f1asdelaluna.es\/wp-content\/uploads\/2016\/05\/IMG_5295-1024x575.jpg\" alt=\"El Sol\u00e0 con el Tur\u00f3 de l'Escala Nova a la izquierda y detr\u00e1s el Cingle dels Emprius en la Sierra de Busa\" width=\"1024\" height=\"575\" srcset=\"https:\/\/www.monta\u00f1asdelaluna.es\/wp-content\/uploads\/2016\/05\/IMG_5295-1024x575.jpg 1024w, https:\/\/www.monta\u00f1asdelaluna.es\/wp-content\/uploads\/2016\/05\/IMG_5295-300x168.jpg 300w, https:\/\/www.monta\u00f1asdelaluna.es\/wp-content\/uploads\/2016\/05\/IMG_5295.jpg 1632w\" sizes=\"auto, (max-width: 1024px) 100vw, 1024px\" \/><\/a><p id=\"caption-attachment-29604\" class=\"wp-caption-text\">El Sol\u00e0 con el Tur\u00f3 de l&#8217;Escala Nova a la izquierda y detr\u00e1s el Cingle dels Emprius en la Sierra de Busa<\/p><\/div>\n<div id=\"attachment_29608\" style=\"width: 1034px\" class=\"wp-caption aligncenter\"><a class=\"dt-single-image\" href=\"https:\/\/www.monta\u00f1asdelaluna.es\/wp-content\/uploads\/2016\/05\/IMG_5302.jpg\" data-dt-img-description=\"\"><img loading=\"lazy\" decoding=\"async\" aria-describedby=\"caption-attachment-29608\" class=\"wp-image-29608 size-large\" src=\"https:\/\/www.monta\u00f1asdelaluna.es\/wp-content\/uploads\/2016\/05\/IMG_5302-1024x768.jpg\" alt=\"Delante Cal Teixidor, detr\u00e1s a la izquierda El Sol\u00e0, arriba el Canal dels Busenes en las paredes de Rua Alta\" width=\"1024\" height=\"768\" srcset=\"https:\/\/www.monta\u00f1asdelaluna.es\/wp-content\/uploads\/2016\/05\/IMG_5302-1024x768.jpg 1024w, https:\/\/www.monta\u00f1asdelaluna.es\/wp-content\/uploads\/2016\/05\/IMG_5302-300x225.jpg 300w, https:\/\/www.monta\u00f1asdelaluna.es\/wp-content\/uploads\/2016\/05\/IMG_5302.jpg 1632w\" sizes=\"auto, (max-width: 1024px) 100vw, 1024px\" \/><\/a><p id=\"caption-attachment-29608\" class=\"wp-caption-text\">Delante Cal Teixidor, detr\u00e1s a la izquierda El Sol\u00e0, arriba el Canal dels Busenes en las paredes de Rua Alta<\/p><\/div>\n<p>Ya solo para llegar al coche hay que cruzar l\u2019Aigua d\u2019Ora desde Cal Guirre en busca de la pista al otro lado del valle, la cual es la misma que cogimos al salir de Sant Lle\u00efr hacia Sant Pere de Graudescales. Por un caminito despu\u00e9s del puente y a pocos metros llegamos a la nombrada pista. Solo hay que seguirla hacia la derecha esta vez y en otros pocos metros llegamos a las inmediaciones de Sant Lle\u00efr. Est\u00e1 todo muy cerca. Mientras y aprovechando las vistas, aprovechando las pocas horas de sol, de luz y ese color especial que el ocaso, que el atardecer le otorga al paisaje con ese punto de encanto, melancol\u00eda y casi fantasmagor\u00eda, Alberto y yo no par\u00e1bamos de hacer fotos. Parados, caminando, los dos hac\u00edamos fotos hacia las mismas magn\u00edficas y preciosas vistas: arriba de las casas por las que hemos pasado al bajar, se puede observar, mientras llegamos a Sant Lle\u00efr, toda la pared, todo el murall\u00f3n de la Sierra de Busa en su sureste; entre los Cingles dels Emprius, Rua Alta y metido m\u00e1s al fondo del valle parte del Cingle de Les Estaques. Espectacular, soberbio, precioso y grandioso a la vez. Cristina ya est\u00e1 harta de tanto par\u00f3n para hacer fotos, pero es que el paisaje lo merece. Alberto y yo permanec\u00edamos embelesados y absortos mientras and\u00e1bamos, corr\u00edamos y hac\u00edamos fotos a la vez, en busca de Sant Lle\u00efr.<\/p>\n<div id=\"attachment_29613\" style=\"width: 1642px\" class=\"wp-caption aligncenter\"><a class=\"dt-single-image\" href=\"https:\/\/www.monta\u00f1asdelaluna.es\/wp-content\/uploads\/2016\/05\/IMG_5308.jpg\" data-dt-img-description=\"\"><img loading=\"lazy\" decoding=\"async\" aria-describedby=\"caption-attachment-29613\" class=\"wp-image-29613 size-full\" src=\"https:\/\/www.monta\u00f1asdelaluna.es\/wp-content\/uploads\/2016\/05\/IMG_5308.jpg\" alt=\"Casi se ve otra casa arriba junto a El Sol\u00e0: Cal Riuet. A la derecha las paredes de Rua Alta con sus dos canales en medio; todo en la Sierra de Busa\" width=\"1632\" height=\"1224\" srcset=\"https:\/\/www.monta\u00f1asdelaluna.es\/wp-content\/uploads\/2016\/05\/IMG_5308.jpg 1632w, https:\/\/www.monta\u00f1asdelaluna.es\/wp-content\/uploads\/2016\/05\/IMG_5308-300x225.jpg 300w, https:\/\/www.monta\u00f1asdelaluna.es\/wp-content\/uploads\/2016\/05\/IMG_5308-1024x768.jpg 1024w\" sizes=\"auto, (max-width: 1632px) 100vw, 1632px\" \/><\/a><p id=\"caption-attachment-29613\" class=\"wp-caption-text\">Casi se ve otra casa arriba junto a El Sol\u00e0: Cal Riuet. A la derecha las paredes de Rua Alta con sus dos canales en medio; todo en la Sierra de Busa<\/p><\/div>\n<p>Pasamos de nuevo por la puerta y casas del templo de Sant Lle\u00efr y enseguida al otro lado el parking con nuestros coches esper\u00e1ndonos. El sol ya se ha puesto por detr\u00e1s del murall\u00f3n de la Sierra de Busa y es preciso salir para no llegar muy tarde a casa y a la vez coger la carretera principal entre Solsona y Berga. El lugar me ha impresionado por su soledad y belleza. Las vistas son espectaculares y los recorridos magn\u00edficos y nada dif\u00edciles. Volveremos para visitar aquella c\u00e1rcel natural de la que todo el mundo habla: El Capolatell; y para subir y alcanzar su cima m\u00e1s alta a la vez que visitar otros rincones que han quedado por admirar y disfrutar. Precioso, agreste y salvaje este Prepirineo Catal\u00e1n.<\/p>\n<div id=\"attachment_29620\" style=\"width: 2343px\" class=\"wp-caption aligncenter\"><a class=\"dt-single-image\" href=\"https:\/\/www.monta\u00f1asdelaluna.es\/wp-content\/uploads\/2016\/01\/Busa.valldelora.mapa_.jpg\" data-dt-img-description=\"\"><img loading=\"lazy\" decoding=\"async\" aria-describedby=\"caption-attachment-29620\" class=\"wp-image-29620 size-full\" src=\"https:\/\/www.monta\u00f1asdelaluna.es\/wp-content\/uploads\/2016\/01\/Busa.valldelora.mapa_.jpg\" alt=\"Croquis del recorrido por la Sierra de Busa\" width=\"2333\" height=\"1696\" srcset=\"https:\/\/www.monta\u00f1asdelaluna.es\/wp-content\/uploads\/2016\/01\/Busa.valldelora.mapa_.jpg 2333w, https:\/\/www.monta\u00f1asdelaluna.es\/wp-content\/uploads\/2016\/01\/Busa.valldelora.mapa_-300x218.jpg 300w, https:\/\/www.monta\u00f1asdelaluna.es\/wp-content\/uploads\/2016\/01\/Busa.valldelora.mapa_-1024x744.jpg 1024w\" sizes=\"auto, (max-width: 2333px) 100vw, 2333px\" \/><\/a><p id=\"caption-attachment-29620\" class=\"wp-caption-text\">Croquis del recorrido por la Sierra de Busa<\/p><\/div>\n<p>[vc_separator][\/vc_column_text][\/vc_column][\/vc_row][vc_row][vc_column][vc_empty_space height=\u00bb60px\u00bb][\/vc_column][\/vc_row][vc_row][vc_column][vc_cta h2=\u00bb\u00c1lbum de fotos\u00bb txt_align=\u00bbcenter\u00bb add_button=\u00bbbottom\u00bb btn_title=\u00bbVer fotos\u00bb btn_color=\u00bbwarning\u00bb btn_align=\u00bbcenter\u00bb btn_link=\u00bburl:https%3A%2F%2Fmonta%C3%B1asdelaluna.es%2F%3Fdt_gallery%3Dsierra-de-busa-y-vall-de-lora-2|title:Sierra%20de%20Busa%20y%20Vall%20de%20l%E2%80%99Ora|target:_blank\u00bb css=\u00bb.vc_custom_1625733966087{background-color: #8bc4ed !important;}\u00bb]Puedes ver todas las fotos del relato y actividad en forma de presentaci\u00f3n o individuales pinchando aqui \u00a1No te las pierdas![\/vc_cta][\/vc_column][\/vc_row][vc_row][vc_column][vc_empty_space height=\u00bb60px\u00bb][\/vc_column][\/vc_row][vc_row][vc_column width=\u00bb1\/3&#8243;][\/vc_column][vc_column width=\u00bb1\/2&#8243;][vc_column_text]Tiempo en Sierra de Busa[\/vc_column_text][vc_raw_html]JTNDaWZyYW1lJTIwc3JjJTNEJTIyaHR0cHMlM0ElMkYlMkZ3d3cubWV0ZW9ibHVlLmNvbSUyRmVzJTJGdGllbXBvJTJGd2lkZ2V0JTJGZGFpbHklMkY0Mi4xMDlOMS42NDZFJTNGZ2VvbG9jJTNEZml4ZWQlMjZkYXlzJTNENyUyNnRlbXB1bml0JTNEQ0VMU0lVUyUyNndpbmR1bml0JTNES0lMT01FVEVSX1BFUl9IT1VSJTI2Y29sb3VyZWQlM0Rjb2xvdXJlZCUyNnBpY3RvaWNvbiUzRDElMjZtYXh0ZW1wZXJhdHVyZSUzRDElMjZtaW50ZW1wZXJhdHVyZSUzRDElMjZ3aW5kc3BlZWQlM0QxJTI2d2luZGd1c3QlM0QxJTI2d2luZGRpcmVjdGlvbiUzRDElMjZwcmVjaXBpdGF0aW9uJTNEMSUyNnByZWNpcGl0YXRpb25wcm9iYWJpbGl0eSUzRDElMjZzcG90JTNEMSUyNnByZXNzdXJlJTNEMSUyNmxheW91dCUzRGxpZ2h0JTIyJTIwJTIwZnJhbWVib3JkZXIlM0QlMjIwJTIyJTIwc2Nyb2xsaW5nJTNEJTIyTk8lMjIlMjBhbGxvd3RyYW5zcGFyZW5jeSUzRCUyMnRydWUlMjIlMjBzYW5kYm94JTNEJTIyYWxsb3ctc2FtZS1vcmlnaW4lMjBhbGxvdy1zY3JpcHRzJTIwYWxsb3ctcG9wdXBzJTIyJTIwc3R5bGUlM0QlMjJ3aWR0aCUzQSUyMDM3OHB4JTNCaGVpZ2h0JTNBJTIwNDExcHglMjIlM0UlM0MlMkZpZnJhbWUlM0UlM0NkaXYlM0UlM0MlMjEtLSUyMERPJTIwTk9UJTIwUkVNT1ZFJTIwVEhJUyUyMExJTkslMjAtLSUzRSUzQ2ElMjBocmVmJTNEJTIyaHR0cHMlM0ElMkYlMkZ3d3cubWV0ZW9ibHVlLmNvbSUyRmVzJTJGdGllbXBvJTJGcHJvbm9zdGljbyUyRnNlbWFuYSUyRjQyLjEwOU4xLjY0NkUlM0Z1dG1fc291cmNlJTNEd2VhdGhlcl93aWRnZXQlMjZ1dG1fbWVkaXVtJTNEbGlua3VzJTI2dXRtX2NvbnRlbnQlM0RkYWlseSUyNnV0bV9jYW1wYWlnbiUzRFdlYXRoZXIlMjUyQldpZGdldCUyMiUyMHRhcmdldCUzRCUyMl9ibGFuayUyMiUzRW1ldGVvYmx1ZSUzQyUyRmElM0UlM0MlMkZkaXYlM0U=[\/vc_raw_html][\/vc_column][vc_column width=\u00bb1\/5&#8243;][\/vc_column][\/vc_row]<\/p>\n","protected":false},"excerpt":{"rendered":"<p>[vc_row][vc_column][vc_column_text]Ya hab\u00eda o\u00eddo hablar en varias ocasiones de la Sierra de Busa. La \u00faltima dentro del Plan de Voluntariado en los que participaron mis compa\u00f1eros de trabajo, y era para ayudar a introducir al lobo en este espacio de la Sierra de Busa y Port del Comte. As\u00ed que hace tiempo que fui ideando una&hellip;<\/p>\n","protected":false},"author":1,"featured_media":29535,"comment_status":"open","ping_status":"open","sticky":false,"template":"","format":"standard","meta":[],"categories":[130],"tags":[],"class_list":["post-29618","post","type-post","status-publish","format-standard","has-post-thumbnail","hentry","category-pirineo-calizo-catalan","category-130","description-off"],"_links":{"self":[{"href":"https:\/\/www.monta\u00f1asdelaluna.es\/index.php?rest_route=\/wp\/v2\/posts\/29618","targetHints":{"allow":["GET"]}}],"collection":[{"href":"https:\/\/www.monta\u00f1asdelaluna.es\/index.php?rest_route=\/wp\/v2\/posts"}],"about":[{"href":"https:\/\/www.monta\u00f1asdelaluna.es\/index.php?rest_route=\/wp\/v2\/types\/post"}],"author":[{"embeddable":true,"href":"https:\/\/www.monta\u00f1asdelaluna.es\/index.php?rest_route=\/wp\/v2\/users\/1"}],"replies":[{"embeddable":true,"href":"https:\/\/www.monta\u00f1asdelaluna.es\/index.php?rest_route=%2Fwp%2Fv2%2Fcomments&post=29618"}],"version-history":[{"count":10,"href":"https:\/\/www.monta\u00f1asdelaluna.es\/index.php?rest_route=\/wp\/v2\/posts\/29618\/revisions"}],"predecessor-version":[{"id":50074,"href":"https:\/\/www.monta\u00f1asdelaluna.es\/index.php?rest_route=\/wp\/v2\/posts\/29618\/revisions\/50074"}],"wp:featuredmedia":[{"embeddable":true,"href":"https:\/\/www.monta\u00f1asdelaluna.es\/index.php?rest_route=\/wp\/v2\/media\/29535"}],"wp:attachment":[{"href":"https:\/\/www.monta\u00f1asdelaluna.es\/index.php?rest_route=%2Fwp%2Fv2%2Fmedia&parent=29618"}],"wp:term":[{"taxonomy":"category","embeddable":true,"href":"https:\/\/www.monta\u00f1asdelaluna.es\/index.php?rest_route=%2Fwp%2Fv2%2Fcategories&post=29618"},{"taxonomy":"post_tag","embeddable":true,"href":"https:\/\/www.monta\u00f1asdelaluna.es\/index.php?rest_route=%2Fwp%2Fv2%2Ftags&post=29618"}],"curies":[{"name":"wp","href":"https:\/\/api.w.org\/{rel}","templated":true}]}}