{"id":29761,"date":"2012-08-28T05:53:13","date_gmt":"2012-08-28T05:53:13","guid":{"rendered":"http:\/\/monta\u00f1asdelaluna.com\/?p=29761"},"modified":"2021-08-05T20:06:57","modified_gmt":"2021-08-05T20:06:57","slug":"sant-mateu-desde-teia","status":"publish","type":"post","link":"https:\/\/www.monta\u00f1asdelaluna.es\/?p=29761","title":{"rendered":"Sant Mateu desde Tei\u00e0"},"content":{"rendered":"<p>[vc_row][vc_column][vc_column_text]Despu\u00e9s de haber subido La Coscollada, el Tur\u00f3 d\u2019en Galceran, el Tur\u00f3 de C\u00e9llecs, Castell de Burriac, Montcabrer, El Corredor&#8230; me faltaba otra alta culminaci\u00f3n en esta cordillera de las sierras litorales catalanas que miran al Maresme y al Vall\u00e8s: el Sant Mateu de 499 mts. de altitud. Hace poco tiempo ya ideaba rutas largas para, siguiendo la ruta \u201cMeridi\u00e1 Verd\u201d y el G.R.-92, pudi\u00e9ramos pasar por dicha cima. Pero fue cuando Anna vi\u00f3 un curioso reportaje de la Ermita de Sant Mateu y su original campanario, cuando ya decid\u00ed planear una rutilla circular de una ma\u00f1ana, ayudado por la web de Itineraris de la Xarxa de Parcs Naturals (l\u00e1stima no tener la misma web en las otras provincias catalanas), saliendo desde un punto alto y accesible, casi, del pueblo m\u00e1s cercano al Sant Mateu y a Barcelona: Tei\u00e0. Adem\u00e1s, aprovechando la cercan\u00eda del mar, bajar\u00edamos al final de la jornada monta\u00f1era a la playa para darnos un ba\u00f1ito&#8230; ya que la ruta se pretender\u00eda hacer en pleno verano.<\/p>\n<p>As\u00ed pues el pasado s\u00e1bado 28 de agosto, entre desentendidos y maltrechos resultados en las convocatorias por Facebook (ya no existe C\u00faspidis), salimos 5 compa\u00f1eros a realizar la ruta: David, Raquel, Kike, Anna y yo. El punto de encuentro ser\u00eda el parking del Cementerio de Tei\u00e0, lugar perfecto para realizar la actividad. Yo nunca hab\u00eda estado por estos parajes, no conoc\u00eda ni hab\u00eda pisado esta parte de la Serralada Litoral, pero entre los mapas del ICC y las rutas de la Xarxa de Parcs Naturals no tendr\u00eda que haber problema&#8230; tampoco realizar\u00edamos una actividad descabellada en la que nos pudi\u00e9ramos perder.<\/p>\n<div id=\"attachment_29729\" style=\"width: 1034px\" class=\"wp-caption aligncenter\"><a class=\"dt-single-image\" href=\"https:\/\/www.monta\u00f1asdelaluna.es\/wp-content\/uploads\/2016\/05\/Sant-Mateu-desde-Tei\u00e0.-28-07-12-001.jpg\" data-dt-img-description=\"\"><img loading=\"lazy\" decoding=\"async\" aria-describedby=\"caption-attachment-29729\" class=\"wp-image-29729 size-large\" src=\"https:\/\/www.monta\u00f1asdelaluna.es\/wp-content\/uploads\/2016\/05\/Sant-Mateu-desde-Tei\u00e0.-28-07-12-001-1024x768.jpg\" alt=\"Saliendo del cementerio de Tei\u00e0\" width=\"1024\" height=\"768\" srcset=\"https:\/\/www.monta\u00f1asdelaluna.es\/wp-content\/uploads\/2016\/05\/Sant-Mateu-desde-Tei\u00e0.-28-07-12-001-1024x768.jpg 1024w, https:\/\/www.monta\u00f1asdelaluna.es\/wp-content\/uploads\/2016\/05\/Sant-Mateu-desde-Tei\u00e0.-28-07-12-001-300x225.jpg 300w, https:\/\/www.monta\u00f1asdelaluna.es\/wp-content\/uploads\/2016\/05\/Sant-Mateu-desde-Tei\u00e0.-28-07-12-001.jpg 1632w\" sizes=\"auto, (max-width: 1024px) 100vw, 1024px\" \/><\/a><p id=\"caption-attachment-29729\" class=\"wp-caption-text\">Saliendo del cementerio de Tei\u00e0<\/p><\/div>\n<div id=\"attachment_29731\" style=\"width: 1034px\" class=\"wp-caption aligncenter\"><a class=\"dt-single-image\" href=\"https:\/\/www.monta\u00f1asdelaluna.es\/wp-content\/uploads\/2016\/05\/Sant-Mateu-desde-Tei\u00e0.-28-07-12-005.jpg\" data-dt-img-description=\"\"><img loading=\"lazy\" decoding=\"async\" aria-describedby=\"caption-attachment-29731\" class=\"wp-image-29731 size-large\" src=\"https:\/\/www.monta\u00f1asdelaluna.es\/wp-content\/uploads\/2016\/05\/Sant-Mateu-desde-Tei\u00e0.-28-07-12-005-1024x768.jpg\" alt=\"Camino del Tur\u00f3 d'en Baldiri\" width=\"1024\" height=\"768\" srcset=\"https:\/\/www.monta\u00f1asdelaluna.es\/wp-content\/uploads\/2016\/05\/Sant-Mateu-desde-Tei\u00e0.-28-07-12-005-1024x768.jpg 1024w, https:\/\/www.monta\u00f1asdelaluna.es\/wp-content\/uploads\/2016\/05\/Sant-Mateu-desde-Tei\u00e0.-28-07-12-005-300x225.jpg 300w, https:\/\/www.monta\u00f1asdelaluna.es\/wp-content\/uploads\/2016\/05\/Sant-Mateu-desde-Tei\u00e0.-28-07-12-005.jpg 1632w\" sizes=\"auto, (max-width: 1024px) 100vw, 1024px\" \/><\/a><p id=\"caption-attachment-29731\" class=\"wp-caption-text\">Camino del Tur\u00f3 d&#8217;en Baldiri<\/p><\/div>\n<p>Al final, gente que se apunta y se borra en el \u00faltimo momento&#8230; pero parece que esto de Eventos de Facebook funciona \u201cregular\u201d (no es lo mismo que C\u00faspidis). Pongo en el gps del coche la calle \u201cDoctor Barrera, Torrent\u201d de Tei\u00e0 y nos lleva por una calle estrecha y adoquinada, y despu\u00e9s, ayudado por los carteles en el centro del pueblo de \u201cCementiri\u201d, hasta las puestas del soleado cementerio al final de la calle \u201cCam\u00ed del Cementiri\u201d. No hay p\u00e9rdida.<\/p>\n<p>Por la ma\u00f1ana la desagradable sorpresa de que cierta gente que se hab\u00eda apuntado, no se ven\u00eda, pero a la vez la agradable y simp\u00e1tica sorpresa de que se hab\u00eda apuntado nuestro amigo David de Girona, tambi\u00e9n a ultim\u00edsima hora. Y fue cuando lo encontramos junto con Raquel en el parking del cementerio.<\/p>\n<p>Salimos por detr\u00e1s del cementerio donde hay un camino. \u00c9ste, enseguida, se divide en otro camino que sale a la izquierda con se\u00f1ales y postes se\u00f1alizadores. No iremos por \u00e9ste; \u00e9ste ser\u00e1 el camino por el que regresemos a los coches. Seguimos el camino principal a la derecha, y al poco tiempo sale otro a la izquierda cogiendo pendiente y a la vez menos transitado. Las marcas y postes se\u00f1alizadores de que es una de las rutas del parque natural no enga\u00f1an. Por ello seguimos \u00e9ste camino, y seguimos, ahora s\u00ed, las marcas y postes se\u00f1alizadores del itinerario del parque. Me parece que en estos postes pone algo as\u00ed como \u201cMeridi\u00e1 verd\u201d, y es que seguiremos esta parte de la ruta hasta las cercan\u00edas de Sant Mateu.<\/p>\n<div id=\"attachment_29732\" style=\"width: 831px\" class=\"wp-caption aligncenter\"><a class=\"dt-single-image\" href=\"https:\/\/www.monta\u00f1asdelaluna.es\/wp-content\/uploads\/2016\/05\/Sant-Mateu-desde-Tei\u00e0.-28-07-12-006.jpg\" data-dt-img-description=\"\"><img loading=\"lazy\" decoding=\"async\" aria-describedby=\"caption-attachment-29732\" class=\"wp-image-29732 \" src=\"https:\/\/www.monta\u00f1asdelaluna.es\/wp-content\/uploads\/2016\/05\/Sant-Mateu-desde-Tei\u00e0.-28-07-12-006.jpg\" alt=\"Torre de vigilancia de incendios en la cima del Tur\u00f3 d'en Baldiri (430 mts.). Delante Anna\" width=\"821\" height=\"1095\" srcset=\"https:\/\/www.monta\u00f1asdelaluna.es\/wp-content\/uploads\/2016\/05\/Sant-Mateu-desde-Tei\u00e0.-28-07-12-006.jpg 1224w, https:\/\/www.monta\u00f1asdelaluna.es\/wp-content\/uploads\/2016\/05\/Sant-Mateu-desde-Tei\u00e0.-28-07-12-006-225x300.jpg 225w, https:\/\/www.monta\u00f1asdelaluna.es\/wp-content\/uploads\/2016\/05\/Sant-Mateu-desde-Tei\u00e0.-28-07-12-006-768x1024.jpg 768w\" sizes=\"auto, (max-width: 821px) 100vw, 821px\" \/><\/a><p id=\"caption-attachment-29732\" class=\"wp-caption-text\">Torre de vigilancia de incendios en la cima del Tur\u00f3 d&#8217;en Baldiri (430 mts.). Delante Anna<\/p><\/div>\n<div id=\"attachment_29734\" style=\"width: 1034px\" class=\"wp-caption aligncenter\"><a class=\"dt-single-image\" href=\"https:\/\/www.monta\u00f1asdelaluna.es\/wp-content\/uploads\/2016\/05\/Sant-Mateu-desde-Tei\u00e0.-28-07-12-008.jpg\" data-dt-img-description=\"\"><img loading=\"lazy\" decoding=\"async\" aria-describedby=\"caption-attachment-29734\" class=\"wp-image-29734 size-large\" src=\"https:\/\/www.monta\u00f1asdelaluna.es\/wp-content\/uploads\/2016\/05\/Sant-Mateu-desde-Tei\u00e0.-28-07-12-008-1024x768.jpg\" alt=\"Camino de Sant Mateu, delante David Luis\" width=\"1024\" height=\"768\" srcset=\"https:\/\/www.monta\u00f1asdelaluna.es\/wp-content\/uploads\/2016\/05\/Sant-Mateu-desde-Tei\u00e0.-28-07-12-008-1024x768.jpg 1024w, https:\/\/www.monta\u00f1asdelaluna.es\/wp-content\/uploads\/2016\/05\/Sant-Mateu-desde-Tei\u00e0.-28-07-12-008-300x225.jpg 300w, https:\/\/www.monta\u00f1asdelaluna.es\/wp-content\/uploads\/2016\/05\/Sant-Mateu-desde-Tei\u00e0.-28-07-12-008.jpg 1632w\" sizes=\"auto, (max-width: 1024px) 100vw, 1024px\" \/><\/a><p id=\"caption-attachment-29734\" class=\"wp-caption-text\">Camino de Sant Mateu, delante David Luis<\/p><\/div>\n<p>El camino hace muchas revueltas, se empina, no tiene partes horizontales, coge altura r\u00e1pidamente y entre el calor estival y los esfuerzos agotadores del que no se acostumbra al calor y a hacer ejercicio a la vez, la subida es sufrida para algunos de nosotros. El agua es parte imprescindible en casi cada parada de espera y descanso. Enseguida comenzamos a ver el paisaje que se agranda a cada revuelta del camino: la costa del Maresme con el Masnou abajo, y entre la penumbra de contaminaci\u00f3n o polvo en suspensi\u00f3n, Barcelona m\u00e1s al sur, que llama m\u00e1s la atenci\u00f3n&#8230; desde arriba lo veremos mejor.<\/p>\n<p>Casi arriba del todo de la loma que mira al sol, entre pinares y zonas despejadas, llegamos a parar a otro camino m\u00e1s principal. Estamos bajo y muy pr\u00f3ximos del Tur\u00f3 d\u2019en Baldiri (431 mts.) del cual, ya hace tiempo ve\u00edamos all\u00e1 arriba en su c\u00faspide, la torre de vigilancia de incendios muy bien ubicada. Saltamos la cadena en medio de dicho camino y al poco tiempo se allana y llega a una especie de cruce y explanada donde nos encontramos un coche. Suponemos que es el coche del guarda, con lo que pensamos la cima del Tur\u00f3 d\u2019en Baldiri est\u00e1 muy cerca. Bajo unas grandes encimas coge una buena sombra el coche; y entre \u00e9ste y la cadena de otro corto camino a la izquierda, una sendilla nos deja a los pies de la torre de madera. Anna ya hac\u00eda unos minutos que quer\u00eda almorzar, contest\u00e1ndole que aqu\u00ed arriba lo har\u00edamos. Y bajo la sombra de la torre, de la cual no lleg\u00f3 a asomarse el guarda (a pesar de que lo oy\u00e9ramos caminar en la garita), con vistas a la costa del Maresme y Barcelona, en la misma c\u00faspide del tur\u00f3, almorzamos tranquilamente para seguir la tranquila y calurosa ma\u00f1ana de monta\u00f1a.<\/p>\n<div id=\"attachment_29737\" style=\"width: 1034px\" class=\"wp-caption aligncenter\"><a class=\"dt-single-image\" href=\"https:\/\/www.monta\u00f1asdelaluna.es\/wp-content\/uploads\/2016\/05\/Sant-Mateu-desde-Tei\u00e0.-28-07-12-014.jpg\" data-dt-img-description=\"\"><img loading=\"lazy\" decoding=\"async\" aria-describedby=\"caption-attachment-29737\" class=\"wp-image-29737 size-large\" src=\"https:\/\/www.monta\u00f1asdelaluna.es\/wp-content\/uploads\/2016\/05\/Sant-Mateu-desde-Tei\u00e0.-28-07-12-014-1024x768.jpg\" alt=\"Llegando al Sant Mateu\" width=\"1024\" height=\"768\" srcset=\"https:\/\/www.monta\u00f1asdelaluna.es\/wp-content\/uploads\/2016\/05\/Sant-Mateu-desde-Tei\u00e0.-28-07-12-014-1024x768.jpg 1024w, https:\/\/www.monta\u00f1asdelaluna.es\/wp-content\/uploads\/2016\/05\/Sant-Mateu-desde-Tei\u00e0.-28-07-12-014-300x225.jpg 300w, https:\/\/www.monta\u00f1asdelaluna.es\/wp-content\/uploads\/2016\/05\/Sant-Mateu-desde-Tei\u00e0.-28-07-12-014.jpg 1632w\" sizes=\"auto, (max-width: 1024px) 100vw, 1024px\" \/><\/a><p id=\"caption-attachment-29737\" class=\"wp-caption-text\">Llegando al Sant Mateu<\/p><\/div>\n<div id=\"attachment_29738\" style=\"width: 1034px\" class=\"wp-caption aligncenter\"><a class=\"dt-single-image\" href=\"https:\/\/www.monta\u00f1asdelaluna.es\/wp-content\/uploads\/2016\/05\/Sant-Mateu-desde-Tei\u00e0.-28-07-12-015.jpg\" data-dt-img-description=\"\"><img loading=\"lazy\" decoding=\"async\" aria-describedby=\"caption-attachment-29738\" class=\"wp-image-29738 size-large\" src=\"https:\/\/www.monta\u00f1asdelaluna.es\/wp-content\/uploads\/2016\/05\/Sant-Mateu-desde-Tei\u00e0.-28-07-12-015-1024x768.jpg\" alt=\"Llegando a la Ermita y Hospicio de Sant Mateu\" width=\"1024\" height=\"768\" srcset=\"https:\/\/www.monta\u00f1asdelaluna.es\/wp-content\/uploads\/2016\/05\/Sant-Mateu-desde-Tei\u00e0.-28-07-12-015-1024x768.jpg 1024w, https:\/\/www.monta\u00f1asdelaluna.es\/wp-content\/uploads\/2016\/05\/Sant-Mateu-desde-Tei\u00e0.-28-07-12-015-300x225.jpg 300w, https:\/\/www.monta\u00f1asdelaluna.es\/wp-content\/uploads\/2016\/05\/Sant-Mateu-desde-Tei\u00e0.-28-07-12-015.jpg 1632w\" sizes=\"auto, (max-width: 1024px) 100vw, 1024px\" \/><\/a><p id=\"caption-attachment-29738\" class=\"wp-caption-text\">Llegando a la Ermita y Hospicio de Sant Mateu<\/p><\/div>\n<p>De momento el itinerario planeado era f\u00e1cil y sencillo, no hab\u00eda p\u00e9rdida. Despu\u00e9s de almorzar seguimos caminando, ahora por la cima de la loma horizontal, direcci\u00f3n noroeste hasta encontrarnos con otra pista m\u00e1s principal. El paisaje es bonito, de pinos pi\u00f1oneros altos y frondosos, a pesar de percibir en ocasiones rastros de antiqu\u00edsimos incendios. Llegamos a la nombrada pista y veo, al otro lado de la misma metido como en un sendero, un poste se\u00f1alizador de itinerario del parque. Hago parar al grupo y me acerco al mismo. Por estos lares ya hay m\u00e1s gente, y un corredor baja sin parar por el mismo. R\u00e1pidamente le hago una pregunta de respuesta corta y r\u00e1pida para no interferir en el entrenamiento del corredor: \u201c\u00bfpor aqu\u00ed se va a Sant Mateu?\u201d, \u201csi\u201d. Perfecto. Coger\u00edamos esta sendilla transitada para llegar a nuestro objetivo.<\/p>\n<p>Siguiendo la misma sendilla que cruza campos agostados y pasa junto a un gran pino y sombreada vegetaci\u00f3n, derivamos en un camino despu\u00e9s de hacer un giro de direcci\u00f3n del noroeste al noreste: a la izquierda podemos ver una formidable construcci\u00f3n, es La Riera, una mas\u00eda de labor de magn\u00edficas proporciones y originales perfiles, a la derecha seguimos el camino sombreado por altos pinos y que nos dejar\u00e1 en la misma Ermita de Sant Mateu. \u201c\u00a1No hay bar aqu\u00ed!\u201d Exclamamos chistosamente, al comentar que algunas de las salidas realizadas culminaban en un bar en la cima del objetivo.<\/p>\n<p>Ya estamos en Sant Mateu. El pico o punto m\u00e1s alto originalmente lo dejamos a nuestra derecha y detr\u00e1s, pero la ermita o construcci\u00f3n en s\u00ed, no dista mucho del mismo, ni en distancia ni en altitud, ya que casi todo es un imperfecto llano. Justo una l\u00ednea de alta tensi\u00f3n pasa por su cima. Ya estamos sobre esos 499 mts. de altitud. Tambi\u00e9n justo aqu\u00ed nos encontramos con el conocido (por mi) G.R.-92, sus postes se\u00f1alizadores al comienzo de la explanada de entrada as\u00ed lo indica. Nos sentamos a la sombra en la planicie adoquinada a modo de patio exterior que forma la entrada de la ermita; junto a \u00e9sta no hay un bar, pero si una especie de hospeder\u00eda. Hacemos otra comida y charlamos amistosamente mientras descansamos, admiramos el lugar y observamos el famoso y peque\u00f1ito campanario de la ermita, \u00fanico en el mundo (seg\u00fan dec\u00edan en el documental) por estar de lado en lugar de enfrente a aquellos que entran por su puerta. Curioso. Pero la ermita es peque\u00f1a y muy antigua, no es de una majestuosidad mencionable. Grandes Quercus solitarios hacen sombra en los caminos cercanos al lugar; y un par de fot\u00f3grafos profesionales (lo intuyo por sus \u201cpedazo\u201d de c\u00e1mara y que siempre fotografiaban lo mismo) no paran de fotografiar una planta, unas florecillas muy al alcance de todos; nos hace pensar si no ser\u00edan de una especie \u00fanica en peligro de extinci\u00f3n, pero por otro lado la ubicaci\u00f3n del objetivo fotografiado estaba muy a la mano de cualquiera&#8230; no s\u00e9.<\/p>\n<div id=\"attachment_29739\" style=\"width: 1034px\" class=\"wp-caption aligncenter\"><a class=\"dt-single-image\" href=\"https:\/\/www.monta\u00f1asdelaluna.es\/wp-content\/uploads\/2016\/05\/Sant-Mateu-desde-Tei\u00e0.-28-07-12-016.jpg\" data-dt-img-description=\"\"><img loading=\"lazy\" decoding=\"async\" aria-describedby=\"caption-attachment-29739\" class=\"wp-image-29739 size-large\" src=\"https:\/\/www.monta\u00f1asdelaluna.es\/wp-content\/uploads\/2016\/05\/Sant-Mateu-desde-Tei\u00e0.-28-07-12-016-1024x768.jpg\" alt=\"Ermita y Hospicio de Sant Mateu (499 mts.)\" width=\"1024\" height=\"768\" srcset=\"https:\/\/www.monta\u00f1asdelaluna.es\/wp-content\/uploads\/2016\/05\/Sant-Mateu-desde-Tei\u00e0.-28-07-12-016-1024x768.jpg 1024w, https:\/\/www.monta\u00f1asdelaluna.es\/wp-content\/uploads\/2016\/05\/Sant-Mateu-desde-Tei\u00e0.-28-07-12-016-300x225.jpg 300w, https:\/\/www.monta\u00f1asdelaluna.es\/wp-content\/uploads\/2016\/05\/Sant-Mateu-desde-Tei\u00e0.-28-07-12-016.jpg 1632w\" sizes=\"auto, (max-width: 1024px) 100vw, 1024px\" \/><\/a><p id=\"caption-attachment-29739\" class=\"wp-caption-text\">Ermita y Hospicio de Sant Mateu (499 mts.)<\/p><\/div>\n<div id=\"attachment_29745\" style=\"width: 1034px\" class=\"wp-caption aligncenter\"><a class=\"dt-single-image\" href=\"https:\/\/www.monta\u00f1asdelaluna.es\/wp-content\/uploads\/2016\/05\/Sant-Mateu-desde-Tei\u00e0.-28-07-12-025.jpg\" data-dt-img-description=\"\"><img loading=\"lazy\" decoding=\"async\" aria-describedby=\"caption-attachment-29745\" class=\"wp-image-29745 size-large\" src=\"https:\/\/www.monta\u00f1asdelaluna.es\/wp-content\/uploads\/2016\/05\/Sant-Mateu-desde-Tei\u00e0.-28-07-12-025-1024x768.jpg\" alt=\"Ermita de Sant Mateu (499 mts.)\" width=\"1024\" height=\"768\" srcset=\"https:\/\/www.monta\u00f1asdelaluna.es\/wp-content\/uploads\/2016\/05\/Sant-Mateu-desde-Tei\u00e0.-28-07-12-025-1024x768.jpg 1024w, https:\/\/www.monta\u00f1asdelaluna.es\/wp-content\/uploads\/2016\/05\/Sant-Mateu-desde-Tei\u00e0.-28-07-12-025-300x225.jpg 300w, https:\/\/www.monta\u00f1asdelaluna.es\/wp-content\/uploads\/2016\/05\/Sant-Mateu-desde-Tei\u00e0.-28-07-12-025.jpg 1632w\" sizes=\"auto, (max-width: 1024px) 100vw, 1024px\" \/><\/a><p id=\"caption-attachment-29745\" class=\"wp-caption-text\">Ermita de Sant Mateu (499 mts.)<\/p><\/div>\n<p>Debemos volver, y desandamos el camino hasta la pista anteriormente mencionada, donde me encontr\u00e9 al corredor. Pero ahora en lugar de cruzarla, la seguimos hac\u00eda la derecha y abajo, hac\u00eda el valle donde se encuentra Tei\u00e0. Enseguida un mirador al borde de la pista y de la ladera: El Mirador de La Cornisa. Nos paramos y hacemos la foto de grupo. Hay un joven con el torso desnudo que bajaba por la pista, un grupo de ciclistas veteranos y un guarda que vigila el lugar de incendios. Hace poco que hubo el desgraciado y funesto incendio del Empord\u00e1n, y este fin de semana iba a ser de especial riesgo de incendios tambi\u00e9n; la monta\u00f1a, m\u00e1s que nunca ahora, est\u00e1 muy vigilada y observada. \u00a1\u00a1Muy buen trabajo!! El mirador est\u00e1 ubicado hac\u00eda las magn\u00edficas vistas de Barcelona y, a pesar de la neblina, podemos identificar calles, avenidas, edificios, monumentos&#8230; Extraordinario. El guarda nos hace una foto de grupo para inmortalizar la actividad, y seguidamente bajamos por un destartalado camino a la izquierda del mirador, que baja con \u00edmpetu la ladera.<\/p>\n<p>Enfrente tendremos en toda esta bajada de la ladera, las imponentes vistas de la urbe de Barcelona y ciudades adyacentes que, desde una distancia no muy alejada, nos ofrece una de las mejores vistas de la ciudad y comarca, casi como las que hay desde Collserola. Por ello en toda la bajada de esta ladera encontraremos varios miradores o lugares para parar, sentarse y admirar el paisaje.<\/p>\n<div id=\"attachment_29746\" style=\"width: 1034px\" class=\"wp-caption aligncenter\"><a class=\"dt-single-image\" href=\"https:\/\/www.monta\u00f1asdelaluna.es\/wp-content\/uploads\/2016\/05\/Sant-Mateu-desde-Tei\u00e0.-28-07-12-026.jpg\" data-dt-img-description=\"\"><img loading=\"lazy\" decoding=\"async\" aria-describedby=\"caption-attachment-29746\" class=\"wp-image-29746 size-large\" src=\"https:\/\/www.monta\u00f1asdelaluna.es\/wp-content\/uploads\/2016\/05\/Sant-Mateu-desde-Tei\u00e0.-28-07-12-026-1024x768.jpg\" alt=\"Ermita de Sant Mateu (499 mts.)\" width=\"1024\" height=\"768\" srcset=\"https:\/\/www.monta\u00f1asdelaluna.es\/wp-content\/uploads\/2016\/05\/Sant-Mateu-desde-Tei\u00e0.-28-07-12-026-1024x768.jpg 1024w, https:\/\/www.monta\u00f1asdelaluna.es\/wp-content\/uploads\/2016\/05\/Sant-Mateu-desde-Tei\u00e0.-28-07-12-026-300x225.jpg 300w, https:\/\/www.monta\u00f1asdelaluna.es\/wp-content\/uploads\/2016\/05\/Sant-Mateu-desde-Tei\u00e0.-28-07-12-026.jpg 1632w\" sizes=\"auto, (max-width: 1024px) 100vw, 1024px\" \/><\/a><p id=\"caption-attachment-29746\" class=\"wp-caption-text\">Ermita de Sant Mateu (499 mts.)<\/p><\/div>\n<div id=\"attachment_29750\" style=\"width: 1034px\" class=\"wp-caption aligncenter\"><a class=\"dt-single-image\" href=\"https:\/\/www.monta\u00f1asdelaluna.es\/wp-content\/uploads\/2016\/05\/Sant-Mateu-desde-Tei\u00e0.-28-07-12-032.jpg\" data-dt-img-description=\"\"><img loading=\"lazy\" decoding=\"async\" aria-describedby=\"caption-attachment-29750\" class=\"wp-image-29750 size-large\" src=\"https:\/\/www.monta\u00f1asdelaluna.es\/wp-content\/uploads\/2016\/05\/Sant-Mateu-desde-Tei\u00e0.-28-07-12-032-1024x768.jpg\" alt=\"El grupo en el Mirador de La Cornisa\" width=\"1024\" height=\"768\" srcset=\"https:\/\/www.monta\u00f1asdelaluna.es\/wp-content\/uploads\/2016\/05\/Sant-Mateu-desde-Tei\u00e0.-28-07-12-032-1024x768.jpg 1024w, https:\/\/www.monta\u00f1asdelaluna.es\/wp-content\/uploads\/2016\/05\/Sant-Mateu-desde-Tei\u00e0.-28-07-12-032-300x225.jpg 300w, https:\/\/www.monta\u00f1asdelaluna.es\/wp-content\/uploads\/2016\/05\/Sant-Mateu-desde-Tei\u00e0.-28-07-12-032.jpg 1632w\" sizes=\"auto, (max-width: 1024px) 100vw, 1024px\" \/><\/a><p id=\"caption-attachment-29750\" class=\"wp-caption-text\">El grupo en el Mirador de La Cornisa<\/p><\/div>\n<p>Siguiendo el camino hac\u00eda abajo, deb\u00edamos desviarnos hac\u00eda la izquierda en busca de alg\u00fan monumento, casa, construcci\u00f3n que ven\u00eda en el mapa del ICC fotografiado con mi c\u00e1mara en la pantalla de mi ordenador. Y en una curva cerrada hac\u00eda la derecha, en su mismo punto de inflexi\u00f3n sal\u00eda un camino, bien definido, a la izquierda, hac\u00eda el sureste, que r\u00e1pidamente nos deja en lo que parec\u00eda una especie de monumento, estatua&#8230; siendo al final el Sagrat Cor (un Sagrado Coraz\u00f3n, como el de R\u00edo de Janeiro o el de la iglesia de mi pueblo, Almorad\u00ed). \u00c9ste ya lo hab\u00edamos visto desde arriba en los miradores, o sea, que aquel punto que sal\u00eda en el mapa, era el Sagrado Coraz\u00f3n. \u00c9ste miraba con los brazos abiertos hac\u00eda el sureste, hac\u00eda la apertura del valle, hac\u00eda el mar&#8230;<\/p>\n<p>Desde aqu\u00ed ya volv\u00edamos a tener postes se\u00f1alizadores de los itinerarios del parque; y ya sab\u00eda que deb\u00edamos seguir en la direcci\u00f3n sureste-este, saliendo del valle y cruzando la ladera. Volv\u00edamos por detr\u00e1s del Sagrat Cor y encarando la ladera, por la senda en busca de Tei\u00e0 y del Refugi de la Ferreria del Vedat. Ya hab\u00eda comenzado a apretar el calor, y en cada fuente que nos par\u00e1bamos nos refresc\u00e1bamos: antes del Refugi de la Ferreria del Vedat est\u00e1 la Font de Les Perdius, por la que pas\u00e1bamos. Seguido ven\u00eda el Refugi de la Ferreria del Vedat, su mirador y un se\u00f1or \u201ctomando el fresco\u201d mientras se deleitaba con las vistas. A mi que el letrero del poste se\u00f1alizador pusiera Tei\u00e0 me mosqueaba, pero \u00edbamos correctamente como hab\u00eda previsto. De todas formas Kike le pregunt\u00f3 al se\u00f1or y le indic\u00f3 justo el camino que deb\u00edamos seguir que era el que estaba planeado: seguimos los postes en direcci\u00f3n Tei\u00e0.<\/p>\n<div id=\"attachment_29752\" style=\"width: 831px\" class=\"wp-caption aligncenter\"><a class=\"dt-single-image\" href=\"https:\/\/www.monta\u00f1asdelaluna.es\/wp-content\/uploads\/2016\/05\/Sant-Mateu-desde-Tei\u00e0.-28-07-12-035.jpg\" data-dt-img-description=\"\"><img loading=\"lazy\" decoding=\"async\" aria-describedby=\"caption-attachment-29752\" class=\"wp-image-29752 \" src=\"https:\/\/www.monta\u00f1asdelaluna.es\/wp-content\/uploads\/2016\/05\/Sant-Mateu-desde-Tei\u00e0.-28-07-12-035.jpg\" alt=\"Sagrat Cor\" width=\"821\" height=\"1095\" srcset=\"https:\/\/www.monta\u00f1asdelaluna.es\/wp-content\/uploads\/2016\/05\/Sant-Mateu-desde-Tei\u00e0.-28-07-12-035.jpg 1224w, https:\/\/www.monta\u00f1asdelaluna.es\/wp-content\/uploads\/2016\/05\/Sant-Mateu-desde-Tei\u00e0.-28-07-12-035-225x300.jpg 225w, https:\/\/www.monta\u00f1asdelaluna.es\/wp-content\/uploads\/2016\/05\/Sant-Mateu-desde-Tei\u00e0.-28-07-12-035-768x1024.jpg 768w\" sizes=\"auto, (max-width: 821px) 100vw, 821px\" \/><\/a><p id=\"caption-attachment-29752\" class=\"wp-caption-text\">Sagrat Cor<\/p><\/div>\n<div id=\"attachment_29754\" style=\"width: 1034px\" class=\"wp-caption aligncenter\"><a class=\"dt-single-image\" href=\"https:\/\/www.monta\u00f1asdelaluna.es\/wp-content\/uploads\/2016\/05\/Sant-Mateu-desde-Tei\u00e0.-28-07-12-039.jpg\" data-dt-img-description=\"\"><img loading=\"lazy\" decoding=\"async\" aria-describedby=\"caption-attachment-29754\" class=\"wp-image-29754 size-large\" src=\"https:\/\/www.monta\u00f1asdelaluna.es\/wp-content\/uploads\/2016\/05\/Sant-Mateu-desde-Tei\u00e0.-28-07-12-039-1024x768.jpg\" alt=\"Anna saliendo del Refugi de la Ferreria del Vedat\" width=\"1024\" height=\"768\" srcset=\"https:\/\/www.monta\u00f1asdelaluna.es\/wp-content\/uploads\/2016\/05\/Sant-Mateu-desde-Tei\u00e0.-28-07-12-039-1024x768.jpg 1024w, https:\/\/www.monta\u00f1asdelaluna.es\/wp-content\/uploads\/2016\/05\/Sant-Mateu-desde-Tei\u00e0.-28-07-12-039-300x225.jpg 300w, https:\/\/www.monta\u00f1asdelaluna.es\/wp-content\/uploads\/2016\/05\/Sant-Mateu-desde-Tei\u00e0.-28-07-12-039.jpg 1632w\" sizes=\"auto, (max-width: 1024px) 100vw, 1024px\" \/><\/a><p id=\"caption-attachment-29754\" class=\"wp-caption-text\">Anna saliendo del Refugi de la Ferreria del Vedat<\/p><\/div>\n<p>De nuevo sub\u00edamos algo por la ladera m\u00e1s o menos boscosa de pino pi\u00f1onero, siguiendo la senda se\u00f1alizada. Aqu\u00ed el paisaje se vuelve simp\u00e1tico, casi verde y bello: entre grandes pinos separados, solitarios y otros agrupados&#8230; \u00c9sta parte fue bonita. La senda deja de subir y deriva, al otro lado de un barranco, en un camino que baja casi de las proximidades del Tur\u00f3 d\u2019en Baldiri. Seguimos el camino hac\u00eda la derecha, hac\u00eda abajo; y coge direcci\u00f3n general sur-sureste, a pesar de vueltas y revueltas. No hay p\u00e9rdida, todo se\u00f1alizado. Pasamos junto a un lugar donde una agrupaci\u00f3n de rocas gran\u00edticas me llama la atenci\u00f3n, adem\u00e1s hay un grupo de personas, con ni\u00f1os, paradas a su sombra y como \u201cadmirando\u201d el lugar: ahora s\u00e9 que son Les Rocs d\u2019en Flores. Hubiera sido un lugar para deleitarse con sus originales formas, pero seguimos pista abajo. Seguida, con una marcha algo m\u00e1s r\u00e1pida y segura, nos topamos con otra fuente con su chorrillo de agua: La Font del Peric\u00f3 d\u2019en Canal. Nos remojamos. Ya falta poco.<\/p>\n<p>Por fin llegamos al cementerio de Tei\u00e0 saliendo por la pista que anunci\u00e9 nuestra bajada al principio de la marcha. Antes hemos estado viendo la poblaci\u00f3n de Tei\u00e0 desde las alturas, y hablando de sus casas antiguas y calles estrechas, curiosas y simp\u00e1ticas, que desde las mismas alturas del camino se ve\u00edan.<\/p>\n<div id=\"attachment_29755\" style=\"width: 1034px\" class=\"wp-caption aligncenter\"><a class=\"dt-single-image\" href=\"https:\/\/www.monta\u00f1asdelaluna.es\/wp-content\/uploads\/2016\/05\/Sant-Mateu-desde-Tei\u00e0.-28-07-12-041.jpg\" data-dt-img-description=\"\"><img loading=\"lazy\" decoding=\"async\" aria-describedby=\"caption-attachment-29755\" class=\"wp-image-29755 size-large\" src=\"https:\/\/www.monta\u00f1asdelaluna.es\/wp-content\/uploads\/2016\/05\/Sant-Mateu-desde-Tei\u00e0.-28-07-12-041-1024x768.jpg\" alt=\"Cruzamos la loma hac\u00eda la Font del Peric\u00f3 d\u2019en Canal\" width=\"1024\" height=\"768\" srcset=\"https:\/\/www.monta\u00f1asdelaluna.es\/wp-content\/uploads\/2016\/05\/Sant-Mateu-desde-Tei\u00e0.-28-07-12-041-1024x768.jpg 1024w, https:\/\/www.monta\u00f1asdelaluna.es\/wp-content\/uploads\/2016\/05\/Sant-Mateu-desde-Tei\u00e0.-28-07-12-041-300x225.jpg 300w, https:\/\/www.monta\u00f1asdelaluna.es\/wp-content\/uploads\/2016\/05\/Sant-Mateu-desde-Tei\u00e0.-28-07-12-041.jpg 1632w\" sizes=\"auto, (max-width: 1024px) 100vw, 1024px\" \/><\/a><p id=\"caption-attachment-29755\" class=\"wp-caption-text\">Cruzamos la loma hac\u00eda la Font del Peric\u00f3 d\u2019en Canal<\/p><\/div>\n<div id=\"attachment_29756\" style=\"width: 1642px\" class=\"wp-caption aligncenter\"><a class=\"dt-single-image\" href=\"https:\/\/www.monta\u00f1asdelaluna.es\/wp-content\/uploads\/2016\/05\/Sant-Mateu-desde-Tei\u00e0.-28-07-12-042.jpg\" data-dt-img-description=\"\"><img loading=\"lazy\" decoding=\"async\" aria-describedby=\"caption-attachment-29756\" class=\"wp-image-29756 size-full\" src=\"https:\/\/www.monta\u00f1asdelaluna.es\/wp-content\/uploads\/2016\/05\/Sant-Mateu-desde-Tei\u00e0.-28-07-12-042.jpg\" alt=\"Anna llegando a la Font del Peric\u00f3 d\u2019en Canal\" width=\"1632\" height=\"1224\" srcset=\"https:\/\/www.monta\u00f1asdelaluna.es\/wp-content\/uploads\/2016\/05\/Sant-Mateu-desde-Tei\u00e0.-28-07-12-042.jpg 1632w, https:\/\/www.monta\u00f1asdelaluna.es\/wp-content\/uploads\/2016\/05\/Sant-Mateu-desde-Tei\u00e0.-28-07-12-042-300x225.jpg 300w, https:\/\/www.monta\u00f1asdelaluna.es\/wp-content\/uploads\/2016\/05\/Sant-Mateu-desde-Tei\u00e0.-28-07-12-042-1024x768.jpg 1024w\" sizes=\"auto, (max-width: 1632px) 100vw, 1632px\" \/><\/a><p id=\"caption-attachment-29756\" class=\"wp-caption-text\">Anna llegando a la Font del Peric\u00f3 d\u2019en Canal<\/p><\/div>\n<p>Y para culminar la ma\u00f1ana, nos dirigimos a la playa del Masnou para darnos un ba\u00f1o&#8230; \u00a1\u00a1Co\u00f1o, 3\u201950 \u20ac por aparcar!! El ba\u00f1o de menos de una hora nos sali\u00f3 caro, con muy pocas ganas de volver a estas playas. Pero ha sido reconfortante poder compartir las actividades con los amigos Cuspidianos, a\u00fan sin ya existir C\u00faspidis. Seguro repetimos despu\u00e9s del verano. Feliz verano y felices monta\u00f1as.<\/p>\n<div id=\"attachment_29763\" style=\"width: 529px\" class=\"wp-caption aligncenter\"><a class=\"dt-single-image\" href=\"https:\/\/www.monta\u00f1asdelaluna.es\/wp-content\/uploads\/2012\/07\/Sant-Mateu.mapa_.croquis.jpg\" data-dt-img-description=\"\"><img loading=\"lazy\" decoding=\"async\" aria-describedby=\"caption-attachment-29763\" class=\"wp-image-29763 size-full\" src=\"https:\/\/www.monta\u00f1asdelaluna.es\/wp-content\/uploads\/2012\/07\/Sant-Mateu.mapa_.croquis.jpg\" alt=\"Croquis de la ascensi\u00f3n a Sant Mateu desde el cementerio de Tei\u00e0. Punto Rojo: aparcamiento del coche\" width=\"519\" height=\"521\" srcset=\"https:\/\/www.monta\u00f1asdelaluna.es\/wp-content\/uploads\/2012\/07\/Sant-Mateu.mapa_.croquis.jpg 519w, https:\/\/www.monta\u00f1asdelaluna.es\/wp-content\/uploads\/2012\/07\/Sant-Mateu.mapa_.croquis-150x150.jpg 150w, https:\/\/www.monta\u00f1asdelaluna.es\/wp-content\/uploads\/2012\/07\/Sant-Mateu.mapa_.croquis-300x300.jpg 300w\" sizes=\"auto, (max-width: 519px) 100vw, 519px\" \/><\/a><p id=\"caption-attachment-29763\" class=\"wp-caption-text\">Croquis de la ascensi\u00f3n a Sant Mateu desde el cementerio de Tei\u00e0. Punto Rojo: aparcamiento del coche<\/p><\/div>\n<p>[vc_separator][\/vc_column_text][\/vc_column][\/vc_row][vc_row][vc_column][vc_empty_space height=\u00bb60px\u00bb][\/vc_column][\/vc_row][vc_row][vc_column][vc_cta h2=\u00bb\u00c1lbum de fotos\u00bb txt_align=\u00bbcenter\u00bb add_button=\u00bbbottom\u00bb btn_title=\u00bbVer fotos\u00bb btn_color=\u00bbwarning\u00bb btn_align=\u00bbcenter\u00bb btn_link=\u00bburl:https%3A%2F%2Fmonta%C3%B1asdelaluna.es%2F%3Fdt_gallery%3Dsant-mateu-desde-teia-2|title:Sant%20Mateu%20desde%20Tei%C3%A0|target:_blank\u00bb css=\u00bb.vc_custom_1625848556889{background-color: #8bc4ed !important;}\u00bb]Puedes ver todas las fotos del relato y actividad en forma de presentaci\u00f3n o individuales pinchando aqui \u00a1No te las pierdas![\/vc_cta][\/vc_column][\/vc_row][vc_row][vc_column][vc_empty_space height=\u00bb60px\u00bb][\/vc_column][\/vc_row][vc_row][vc_column width=\u00bb1\/3&#8243;][\/vc_column][vc_column width=\u00bb1\/2&#8243;][vc_raw_html]JTNDaWZyYW1lJTIwc3JjJTNEJTIyaHR0cHMlM0ElMkYlMkZ3d3cubWV0ZW9ibHVlLmNvbSUyRmVzJTJGdGllbXBvJTJGd2lkZ2V0JTJGZGFpbHklMkZ0ZWklMjVjMyUyNWEwX2VzcGElMjVjMyUyNWIxYV8zMTA4MTE2JTNGZ2VvbG9jJTNEZml4ZWQlMjZkYXlzJTNENyUyNnRlbXB1bml0JTNEQ0VMU0lVUyUyNndpbmR1bml0JTNES0lMT01FVEVSX1BFUl9IT1VSJTI2Y29sb3VyZWQlM0Rjb2xvdXJlZCUyNnBpY3RvaWNvbiUzRDElMjZtYXh0ZW1wZXJhdHVyZSUzRDElMjZtaW50ZW1wZXJhdHVyZSUzRDElMjZ3aW5kc3BlZWQlM0QxJTI2d2luZGd1c3QlM0QxJTI2d2luZGRpcmVjdGlvbiUzRDElMjZwcmVjaXBpdGF0aW9uJTNEMSUyNnByZWNpcGl0YXRpb25wcm9iYWJpbGl0eSUzRDElMjZzcG90JTNEMSUyNnByZXNzdXJlJTNEMSUyNmxheW91dCUzRGxpZ2h0JTIyJTIwJTIwZnJhbWVib3JkZXIlM0QlMjIwJTIyJTIwc2Nyb2xsaW5nJTNEJTIyTk8lMjIlMjBhbGxvd3RyYW5zcGFyZW5jeSUzRCUyMnRydWUlMjIlMjBzYW5kYm94JTNEJTIyYWxsb3ctc2FtZS1vcmlnaW4lMjBhbGxvdy1zY3JpcHRzJTIwYWxsb3ctcG9wdXBzJTIyJTIwc3R5bGUlM0QlMjJ3aWR0aCUzQSUyMDM3OHB4JTNCaGVpZ2h0JTNBJTIwNDExcHglMjIlM0UlM0MlMkZpZnJhbWUlM0UlM0NkaXYlM0UlM0MlMjEtLSUyMERPJTIwTk9UJTIwUkVNT1ZFJTIwVEhJUyUyMExJTkslMjAtLSUzRSUzQ2ElMjBocmVmJTNEJTIyaHR0cHMlM0ElMkYlMkZ3d3cubWV0ZW9ibHVlLmNvbSUyRmVzJTJGdGllbXBvJTJGcHJvbm9zdGljbyUyRnNlbWFuYSUyRnRlaSUyNWMzJTI1YTBfZXNwYSUyNWMzJTI1YjFhXzMxMDgxMTYlM0Z1dG1fc291cmNlJTNEd2VhdGhlcl93aWRnZXQlMjZ1dG1fbWVkaXVtJTNEbGlua3VzJTI2dXRtX2NvbnRlbnQlM0RkYWlseSUyNnV0bV9jYW1wYWlnbiUzRFdlYXRoZXIlMjUyQldpZGdldCUyMiUyMHRhcmdldCUzRCUyMl9ibGFuayUyMiUzRW1ldGVvYmx1ZSUzQyUyRmElM0UlM0MlMkZkaXYlM0U=[\/vc_raw_html][\/vc_column][vc_column width=\u00bb1\/5&#8243;][\/vc_column][\/vc_row]<\/p>\n","protected":false},"excerpt":{"rendered":"<p>[vc_row][vc_column][vc_column_text]Despu\u00e9s de haber subido La Coscollada, el Tur\u00f3 d\u2019en Galceran, el Tur\u00f3 de C\u00e9llecs, Castell de Burriac, Montcabrer, El Corredor&#8230; me faltaba otra alta culminaci\u00f3n en esta cordillera de las sierras litorales catalanas que miran al Maresme y al Vall\u00e8s: el Sant Mateu de 499 mts. de altitud. Hace poco tiempo ya ideaba rutas largas&hellip;<\/p>\n","protected":false},"author":1,"featured_media":29738,"comment_status":"open","ping_status":"open","sticky":false,"template":"","format":"standard","meta":[],"categories":[72],"tags":[],"class_list":["post-29761","post","type-post","status-publish","format-standard","has-post-thumbnail","hentry","category-serralada-de-marina-y-litoral","category-72","description-off"],"_links":{"self":[{"href":"https:\/\/www.monta\u00f1asdelaluna.es\/index.php?rest_route=\/wp\/v2\/posts\/29761","targetHints":{"allow":["GET"]}}],"collection":[{"href":"https:\/\/www.monta\u00f1asdelaluna.es\/index.php?rest_route=\/wp\/v2\/posts"}],"about":[{"href":"https:\/\/www.monta\u00f1asdelaluna.es\/index.php?rest_route=\/wp\/v2\/types\/post"}],"author":[{"embeddable":true,"href":"https:\/\/www.monta\u00f1asdelaluna.es\/index.php?rest_route=\/wp\/v2\/users\/1"}],"replies":[{"embeddable":true,"href":"https:\/\/www.monta\u00f1asdelaluna.es\/index.php?rest_route=%2Fwp%2Fv2%2Fcomments&post=29761"}],"version-history":[{"count":9,"href":"https:\/\/www.monta\u00f1asdelaluna.es\/index.php?rest_route=\/wp\/v2\/posts\/29761\/revisions"}],"predecessor-version":[{"id":50203,"href":"https:\/\/www.monta\u00f1asdelaluna.es\/index.php?rest_route=\/wp\/v2\/posts\/29761\/revisions\/50203"}],"wp:featuredmedia":[{"embeddable":true,"href":"https:\/\/www.monta\u00f1asdelaluna.es\/index.php?rest_route=\/wp\/v2\/media\/29738"}],"wp:attachment":[{"href":"https:\/\/www.monta\u00f1asdelaluna.es\/index.php?rest_route=%2Fwp%2Fv2%2Fmedia&parent=29761"}],"wp:term":[{"taxonomy":"category","embeddable":true,"href":"https:\/\/www.monta\u00f1asdelaluna.es\/index.php?rest_route=%2Fwp%2Fv2%2Fcategories&post=29761"},{"taxonomy":"post_tag","embeddable":true,"href":"https:\/\/www.monta\u00f1asdelaluna.es\/index.php?rest_route=%2Fwp%2Fv2%2Ftags&post=29761"}],"curies":[{"name":"wp","href":"https:\/\/api.w.org\/{rel}","templated":true}]}}