{"id":30110,"date":"2014-07-12T18:27:52","date_gmt":"2014-07-12T18:27:52","guid":{"rendered":"http:\/\/monta\u00f1asdelaluna.com\/?p=30110"},"modified":"2021-08-07T19:59:20","modified_gmt":"2021-08-07T19:59:20","slug":"la-noche-del-aquelarre-de-vallgorguina-al-dolmen-de-pedra-gentil","status":"publish","type":"post","link":"https:\/\/www.monta\u00f1asdelaluna.es\/?p=30110","title":{"rendered":"La noche del Aquelarre. De Vallgorguina al Dolmen de Pedra Gentil"},"content":{"rendered":"<p>[vc_row][vc_column][vc_column_text]Aprovechando una de las \u201cMega Lunas\u201d de este verano, el pasado s\u00e1bado de julio decidimos visitar uno de los lugares ya recorrido anteriormente en otras excursiones pero con la fama de ser un lugar de antiguas reuniones de brujas y otros personajes de la noche y del esoterismo: el Dolmen de Pedra Gentil. Y a la vez cerca de \u00e9ste la abandonada y misteriosa Iglesia de Santa Eulalia de Tapioles; construida en mitad del bosque sin poblaci\u00f3n cercana a la que puedan dar culto sus feligreses y con apariencia de santuario y rector\u00eda. Antiguamente se constru\u00edan este tipo de templos en lugares donde hab\u00eda una tradici\u00f3n pagana, druida, m\u00edstica\u2026 para cambiar esa tradici\u00f3n, esa costumbre y magia encubri\u00e9ndola por la religi\u00f3n cristiana. En ocasiones podr\u00eda ser una de las razones por las que aparecen estas iglesias y templos solitarios, lejos de poblaciones; inusual. Y en las proximidades nos encontramos con los d\u00f3lmenes y con las antiguas historias del lugar.<\/p>\n<p>La predicci\u00f3n de esta noche era de lluvia, tormentosa, pero no desistimos para realizar la actividad. Raquel, Anna y yo ser\u00edamos los aventureros que nos internar\u00edamos en esta noche de Luna Llena en un lugar tocado por la historia del misterio y del esoterismo en este valle de las brujas. Aunque los lugares ya no era la primera vez que los visit\u00e1bamos, s\u00ed el lugar de inicio de la misma actividad y las horas tard\u00edas elegidas.<\/p>\n<p>Justo al llegar a Vallgorguina desde Sant Celoni te desv\u00edas hac\u00eda la derecha buscando un aparcamiento para el coche y el puente que cruza la misma Riera de Vallgorguina. Son las 9 de la noche pasadas y el cielo amenaza agua y oscuridad cuando salimos de Vallgorguina cruzando el puente antes nombrado y girando justo nada m\u00e1s cruzarlo hac\u00eda la derecha por un ancho camino dominado por altos, numerosos y casi monumentales \u00e1rboles de rivera.<\/p>\n<div id=\"attachment_30073\" style=\"width: 2210px\" class=\"wp-caption aligncenter\"><a class=\"dt-single-image\" href=\"https:\/\/www.monta\u00f1asdelaluna.es\/wp-content\/uploads\/2016\/06\/Vallgorguina-008.jpg\" data-dt-img-description=\"\"><img loading=\"lazy\" decoding=\"async\" aria-describedby=\"caption-attachment-30073\" class=\"wp-image-30073 size-full\" src=\"https:\/\/www.monta\u00f1asdelaluna.es\/wp-content\/uploads\/2016\/06\/Vallgorguina-008.jpg\" alt=\"Saliendo de Vallgorguina. Bosques del Pl\u00e1 del Forn\" width=\"2200\" height=\"1650\" srcset=\"https:\/\/www.monta\u00f1asdelaluna.es\/wp-content\/uploads\/2016\/06\/Vallgorguina-008.jpg 2200w, https:\/\/www.monta\u00f1asdelaluna.es\/wp-content\/uploads\/2016\/06\/Vallgorguina-008-300x225.jpg 300w, https:\/\/www.monta\u00f1asdelaluna.es\/wp-content\/uploads\/2016\/06\/Vallgorguina-008-1024x768.jpg 1024w\" sizes=\"auto, (max-width: 2200px) 100vw, 2200px\" \/><\/a><p id=\"caption-attachment-30073\" class=\"wp-caption-text\">Saliendo de Vallgorguina. Bosques del Pl\u00e1 del Forn<\/p><\/div>\n<div id=\"attachment_30080\" style=\"width: 1034px\" class=\"wp-caption aligncenter\"><a class=\"dt-single-image\" href=\"https:\/\/www.monta\u00f1asdelaluna.es\/wp-content\/uploads\/2016\/06\/Vallgorguina-022.jpg\" data-dt-img-description=\"\"><img loading=\"lazy\" decoding=\"async\" aria-describedby=\"caption-attachment-30080\" class=\"wp-image-30080 size-large\" src=\"https:\/\/www.monta\u00f1asdelaluna.es\/wp-content\/uploads\/2016\/06\/Vallgorguina-022-1024x768.jpg\" alt=\"Subiendo al Dolmen de Pedra Gentil\" width=\"1024\" height=\"768\" srcset=\"https:\/\/www.monta\u00f1asdelaluna.es\/wp-content\/uploads\/2016\/06\/Vallgorguina-022-1024x768.jpg 1024w, https:\/\/www.monta\u00f1asdelaluna.es\/wp-content\/uploads\/2016\/06\/Vallgorguina-022-300x225.jpg 300w\" sizes=\"auto, (max-width: 1024px) 100vw, 1024px\" \/><\/a><p id=\"caption-attachment-30080\" class=\"wp-caption-text\">Subiendo al Dolmen de Pedra Gentil<\/p><\/div>\n<p>A pesar de la oscuridad el lugar aparece precioso. Es el Pl\u00e1 del Forn (seg\u00fan viene en el mapa Alpina), y este camino sigue paralelo al curso de la Riera de Vallgorguina y a la vez est\u00e1 marcado con pintadas de G.R. blancas y rojas. Es el G.R.-92.<\/p>\n<p>Seguimos f\u00e1cil este camino mientras caen unas pocas gotas y al poco tiempo aparece la depuradora de Vallgorguina. La dejamos atr\u00e1s y a la izquierda sin salirnos del camino. Al poco tiempo llegamos a un cruce de sendas y recorridos: a la izquierda dos sendas ya se internan hac\u00eda la sierra y arriba: una sigue las marcas del G.R. y la otra unas marcas de P.R. blancas y amarillas. Seguiremos por el del P.R. y a la bajada lo haremos por las del G.R.<\/p>\n<p>Antes de internarnos en esta ancha senda quiero acercarme a la marca que sale en el mapa de \u201cesgles\u00eda vella\u201d y seguimos el mismo camino pasado el desv\u00edo. Al poco tiempo buscamos la \u201ciglesia\u201d o el templo o la construcci\u00f3n que sea, pero solo descubrimos las ruinas de una vieja casa metida en un bancal o huerto con altas plantas y tras una cerca o cable met\u00e1lico. Lo dejamos estar y volvemos al cruce de recorridos para seguir por el recorrido antes nombrado del P.R. que sube por el vallecillo del Sot de Can Sumana.<\/p>\n<p>Parece que las gotas aprietan y la lluvia hace acto de presencia mientras subimos por la ancha senda. Nos paramos para ponernos los chubasqueros despu\u00e9s de ver que no aflojaba y que ya est\u00e1bamos cal\u00e1ndonos. Pero como una Ley de Murphy al poco tiempo de equiparnos deja de llover.<\/p>\n<div id=\"attachment_30081\" style=\"width: 1034px\" class=\"wp-caption aligncenter\"><a class=\"dt-single-image\" href=\"https:\/\/www.monta\u00f1asdelaluna.es\/wp-content\/uploads\/2016\/06\/Vallgorguina-025.jpg\" data-dt-img-description=\"\"><img loading=\"lazy\" decoding=\"async\" aria-describedby=\"caption-attachment-30081\" class=\"wp-image-30081 size-large\" src=\"https:\/\/www.monta\u00f1asdelaluna.es\/wp-content\/uploads\/2016\/06\/Vallgorguina-025-1024x768.jpg\" alt=\"Santa Eul\u00e0lia de Tapioles\" width=\"1024\" height=\"768\" srcset=\"https:\/\/www.monta\u00f1asdelaluna.es\/wp-content\/uploads\/2016\/06\/Vallgorguina-025-1024x768.jpg 1024w, https:\/\/www.monta\u00f1asdelaluna.es\/wp-content\/uploads\/2016\/06\/Vallgorguina-025-300x225.jpg 300w\" sizes=\"auto, (max-width: 1024px) 100vw, 1024px\" \/><\/a><p id=\"caption-attachment-30081\" class=\"wp-caption-text\">Santa Eul\u00e0lia de Tapioles<\/p><\/div>\n<div id=\"attachment_30082\" style=\"width: 2210px\" class=\"wp-caption aligncenter\"><a class=\"dt-single-image\" href=\"https:\/\/www.monta\u00f1asdelaluna.es\/wp-content\/uploads\/2016\/06\/Vallgorguina-026.jpg\" data-dt-img-description=\"\"><img loading=\"lazy\" decoding=\"async\" aria-describedby=\"caption-attachment-30082\" class=\"wp-image-30082 size-full\" src=\"https:\/\/www.monta\u00f1asdelaluna.es\/wp-content\/uploads\/2016\/06\/Vallgorguina-026.jpg\" alt=\"Dolmen de Pedra Gentil\" width=\"2200\" height=\"1650\" srcset=\"https:\/\/www.monta\u00f1asdelaluna.es\/wp-content\/uploads\/2016\/06\/Vallgorguina-026.jpg 2200w, https:\/\/www.monta\u00f1asdelaluna.es\/wp-content\/uploads\/2016\/06\/Vallgorguina-026-300x225.jpg 300w, https:\/\/www.monta\u00f1asdelaluna.es\/wp-content\/uploads\/2016\/06\/Vallgorguina-026-1024x768.jpg 1024w\" sizes=\"auto, (max-width: 2200px) 100vw, 2200px\" \/><\/a><p id=\"caption-attachment-30082\" class=\"wp-caption-text\">Dolmen de Pedra Gentil<\/p><\/div>\n<p>Poco m\u00e1s arriba dejamos el Sot de Can Sumana y giramos a la derecha. La misma senda nos deja en otro camino que es el que lleva el G.R. Seguimos \u00e9ste hac\u00eda arriba y la izquierda y al poco tiempo otro cruce con otro camino que sale casi paralelo pero m\u00e1s abajo y a la derecha. Las marcas de G.R. siguen por el camino que parece sube m\u00e1s y queda a la izquierda, nosotros las dejaremos y seguiremos el camino de la derecha, que no sube tanto y parece que llanea cruzando la ladera de El Corredor en direcci\u00f3n noroeste en busca del Dolmen de Pedra Gentil.<\/p>\n<p>Por el camino las luces del d\u00eda ya van desapareciendo, las nubes siguen acechando pero comienza la magia de la noche mirando hac\u00eda atr\u00e1s las luces del pueblo de Vallgorguina bajo el Montnegre cubierto con el sombrero de una nube. Y delante el atardecer entre La Selva y el Vall\u00e9s con el c\u00f3nico monte del Castell de Montsoriu en el centro. Espl\u00e9ndido.<\/p>\n<p>Este camino nos deja, subiendo algo casi inapreciable, hasta el Pl\u00e1 d\u2019en Duran. Cruce de caminos y pistas que ya reconocemos. Antes hemos dejado un viejo camino que sal\u00eda desde la parte m\u00e1s alta de \u00e9ste que llev\u00e1bamos y bajaba hac\u00eda la derecha y este. Despu\u00e9s volver\u00edamos al lugar para explorar dicho camino.<\/p>\n<div id=\"attachment_30083\" style=\"width: 1034px\" class=\"wp-caption aligncenter\"><a class=\"dt-single-image\" href=\"https:\/\/www.monta\u00f1asdelaluna.es\/wp-content\/uploads\/2016\/06\/Vallgorguina-028.jpg\" data-dt-img-description=\"\"><img loading=\"lazy\" decoding=\"async\" aria-describedby=\"caption-attachment-30083\" class=\"wp-image-30083 size-large\" src=\"https:\/\/www.monta\u00f1asdelaluna.es\/wp-content\/uploads\/2016\/06\/Vallgorguina-028-1024x768.jpg\" alt=\"Raquel y Anna en el Dolmen de Pedra Gentil\" width=\"1024\" height=\"768\" srcset=\"https:\/\/www.monta\u00f1asdelaluna.es\/wp-content\/uploads\/2016\/06\/Vallgorguina-028-1024x768.jpg 1024w, https:\/\/www.monta\u00f1asdelaluna.es\/wp-content\/uploads\/2016\/06\/Vallgorguina-028-300x225.jpg 300w\" sizes=\"auto, (max-width: 1024px) 100vw, 1024px\" \/><\/a><p id=\"caption-attachment-30083\" class=\"wp-caption-text\">Raquel y Anna en el Dolmen de Pedra Gentil<\/p><\/div>\n<div id=\"attachment_30085\" style=\"width: 831px\" class=\"wp-caption aligncenter\"><a class=\"dt-single-image\" href=\"https:\/\/www.monta\u00f1asdelaluna.es\/wp-content\/uploads\/2016\/06\/Vallgorguina-033.jpg\" data-dt-img-description=\"\"><img loading=\"lazy\" decoding=\"async\" aria-describedby=\"caption-attachment-30085\" class=\"wp-image-30085 \" src=\"https:\/\/www.monta\u00f1asdelaluna.es\/wp-content\/uploads\/2016\/06\/Vallgorguina-033.jpg\" alt=\"Santa Eul\u00e0lia de Tapioles\" width=\"821\" height=\"1095\" srcset=\"https:\/\/www.monta\u00f1asdelaluna.es\/wp-content\/uploads\/2016\/06\/Vallgorguina-033.jpg 1650w, https:\/\/www.monta\u00f1asdelaluna.es\/wp-content\/uploads\/2016\/06\/Vallgorguina-033-225x300.jpg 225w, https:\/\/www.monta\u00f1asdelaluna.es\/wp-content\/uploads\/2016\/06\/Vallgorguina-033-768x1024.jpg 768w\" sizes=\"auto, (max-width: 821px) 100vw, 821px\" \/><\/a><p id=\"caption-attachment-30085\" class=\"wp-caption-text\">Santa Eul\u00e0lia de Tapioles<\/p><\/div>\n<p>Los coches pasan por la pista en el Pl\u00e1 d\u2019en Duran, y se oye m\u00fasica, pero no son ni brujas, ni akelarre ni sonidos misteriosos. Parece que hay una fiesta por alguna mas\u00eda cercana. Desde aqu\u00ed solo tenemos que acercarnos hac\u00eda la parte norte y derecha de la enorme y desmesurada pista donde ya vemos las indicaciones del dolmen de Pedra Gentil. La noche casi ya es cerrada pero la nube sobre El Corredor, sobre el valle de las brujas, no deja que la luna llena se descubra con su enorme tama\u00f1o en esta noche.<\/p>\n<p>Llegamos a la cima del montecillo donde en cuya cima se yergue el reconocible dolmen de Pedra Gentil. Subimos como si fuera por escalones entre las ra\u00edces de los pinos hasta llegar a la construcci\u00f3n megal\u00edtica. Fotos nocturnas y sacamos la cena. Justo en ese momento comienza a llover de nuevo con algo de fuerza, y nos refugiamos en el interior del dolmen con un techo de roca con goteras. Antes y como otras veces que hemos estado aqu\u00ed, le he hecho unas fotos al campanario de la Iglesia de Santa Eulalia de Tapioles que sobresale entre las copas de los pinos del denso bosque; siniestra, solitaria y casi pavorosa con un fondo rojizo, oscuro del mismo ocaso y atardecer del d\u00eda. Inquietante.<\/p>\n<div id=\"attachment_30086\" style=\"width: 1034px\" class=\"wp-caption aligncenter\"><a class=\"dt-single-image\" href=\"https:\/\/www.monta\u00f1asdelaluna.es\/wp-content\/uploads\/2016\/06\/Vallgorguina-034.jpg\" data-dt-img-description=\"\"><img loading=\"lazy\" decoding=\"async\" aria-describedby=\"caption-attachment-30086\" class=\"wp-image-30086 size-large\" src=\"https:\/\/www.monta\u00f1asdelaluna.es\/wp-content\/uploads\/2016\/06\/Vallgorguina-034-1024x768.jpg\" alt=\"Santa Eul\u00e0lia de Tapioles\" width=\"1024\" height=\"768\" srcset=\"https:\/\/www.monta\u00f1asdelaluna.es\/wp-content\/uploads\/2016\/06\/Vallgorguina-034-1024x768.jpg 1024w, https:\/\/www.monta\u00f1asdelaluna.es\/wp-content\/uploads\/2016\/06\/Vallgorguina-034-300x225.jpg 300w\" sizes=\"auto, (max-width: 1024px) 100vw, 1024px\" \/><\/a><p id=\"caption-attachment-30086\" class=\"wp-caption-text\">Santa Eul\u00e0lia de Tapioles<\/p><\/div>\n<p>Entonces despu\u00e9s de cenar, ya con noche cerrada, decidimos pasar por la abandonada y arruinada Santa Eulalia de Tapioles. De momento no hay nadie m\u00e1s por estos lares. Estamos solos en la monta\u00f1a ahora abrigada por la oscuridad. Bajamos del dolmen por donde hemos subido hac\u00eda la pista. Seguimos la pista dejando a nuestra espalda el montecillo donde estaba el dolmen de Pedra Gentil; a la izquierda aparece el camino por el que hemos salido viniendo de Vallgorguina, lo dejamos y nos salimos m\u00e1s adelante a la derecha y bajando poco por otro camino menos principal que la pista por la que camin\u00e1bamos. Debo de llevar cuidado para encontrar el escondido camino atajo que nos desv\u00ede de este otro camino hac\u00eda la derecha del mismo y nos lleve, entre la maleza y la pinada hasta las ruinas y construcciones abandonadas del templo de Santa Eulalia de Tapioles.<\/p>\n<p>La oscuridad lo inunda todo cuando llegamos hasta los abandonados muros ruinosos del templo de Santa Eulalia de Tapioles y de las construcciones pegadas a la misma. Solo los flashes de la c\u00e1mara nos iluminan breve y asustadamente, pero no encontraremos nada m\u00e1s que sus piedras huecas y casi derrumbadas. El solitario lugar no nos ofrece m\u00e1s all\u00e1 que ruinas y oscuridad, despu\u00e9s de recorrernos sus estancias y rincones\u2026 y la luna sin salir. Entonces despu\u00e9s de un rato decidimos volver al coche.<\/p>\n<p>Desandamos el camino hasta la pista, y antes de llegar a la subida al dolmen de Pedra Gentil de nuevo, giramos a la derecha para seguir por el mismo camino por el que aparecimos para desandarlo en direcci\u00f3n ahora a Vallgorguina. Por all\u00ed se encuentra una enorme encina, pero con la oscuridad no llego a descubrirlo\u2026 ni ojeando con el frontal.<\/p>\n<div id=\"attachment_30087\" style=\"width: 831px\" class=\"wp-caption aligncenter\"><a class=\"dt-single-image\" href=\"https:\/\/www.monta\u00f1asdelaluna.es\/wp-content\/uploads\/2016\/06\/Vallgorguina-035.jpg\" data-dt-img-description=\"\"><img loading=\"lazy\" decoding=\"async\" aria-describedby=\"caption-attachment-30087\" class=\"wp-image-30087 \" src=\"https:\/\/www.monta\u00f1asdelaluna.es\/wp-content\/uploads\/2016\/06\/Vallgorguina-035.jpg\" alt=\"Santa Eul\u00e0lia de Tapioles\" width=\"821\" height=\"1095\" srcset=\"https:\/\/www.monta\u00f1asdelaluna.es\/wp-content\/uploads\/2016\/06\/Vallgorguina-035.jpg 1650w, https:\/\/www.monta\u00f1asdelaluna.es\/wp-content\/uploads\/2016\/06\/Vallgorguina-035-225x300.jpg 225w, https:\/\/www.monta\u00f1asdelaluna.es\/wp-content\/uploads\/2016\/06\/Vallgorguina-035-768x1024.jpg 768w\" sizes=\"auto, (max-width: 821px) 100vw, 821px\" \/><\/a><p id=\"caption-attachment-30087\" class=\"wp-caption-text\">Santa Eul\u00e0lia de Tapioles<\/p><\/div>\n<div id=\"attachment_30091\" style=\"width: 1034px\" class=\"wp-caption aligncenter\"><a class=\"dt-single-image\" href=\"https:\/\/www.monta\u00f1asdelaluna.es\/wp-content\/uploads\/2016\/06\/Vallgorguina-047.jpg\" data-dt-img-description=\"\"><img loading=\"lazy\" decoding=\"async\" aria-describedby=\"caption-attachment-30091\" class=\"wp-image-30091 size-large\" src=\"https:\/\/www.monta\u00f1asdelaluna.es\/wp-content\/uploads\/2016\/06\/Vallgorguina-047-1024x768.jpg\" alt=\"Telara\u00f1a en mitad del camino\" width=\"1024\" height=\"768\" srcset=\"https:\/\/www.monta\u00f1asdelaluna.es\/wp-content\/uploads\/2016\/06\/Vallgorguina-047-1024x768.jpg 1024w, https:\/\/www.monta\u00f1asdelaluna.es\/wp-content\/uploads\/2016\/06\/Vallgorguina-047-300x225.jpg 300w\" sizes=\"auto, (max-width: 1024px) 100vw, 1024px\" \/><\/a><p id=\"caption-attachment-30091\" class=\"wp-caption-text\">Telara\u00f1a en mitad del camino<\/p><\/div>\n<p>Siguiendo el camino ya recorrido pero en la direcci\u00f3n contraria ahora, llegamos en medio de la oscuridad a la parte m\u00e1s alta del mismo de donde sale otro camino m\u00e1s abandonado, el cual ya hab\u00eda descrito antes. Seg\u00fan el mapa este baja la ladera en direcci\u00f3n a una construcci\u00f3n llamada La Rector\u00eda Vella, muy cerca de aquella \u201cesgles\u00eda vella\u201d, y de esta manera saldr\u00edamos al camino que, paralelo a la Riera de Vallgorguina, nos llevar\u00eda hasta el punto de partida; ser\u00eda el mismo camino que seguimos al principio al salir de Vallgorguina, pero \u00e9ste lo coger\u00edamos m\u00e1s all\u00e1 de las supuestas ruinas de la \u201cesgles\u00eda vella\u201d. Por ello intentamos seguir este camino hac\u00eda el este y abajo en medio de la oscuridad de la noche y del bosque.<\/p>\n<p>Pero este camino est\u00e1 abandonado y poco a poco, mientras bajamos por \u00e9l, se va cerrando la vegetaci\u00f3n sobre \u00e9l. Hasta llegar a un punto en que era imposible seguir. Con lo que tuvimos que retroceder hasta llegar al camino anterior ya conocido. Al menos, internados por estos rincones de El Corredor pudimos disfrutar de los pocos habitantes del bosque que se dejaban ver: magn\u00edficas telara\u00f1as, Pets de Llops\u2026 y de repente la Luna Llena entre las nubes por fin aparece enorme y luminosa, aunque debemos darnos prisa en fotografiarla pues se oculta y aparece seg\u00fan se mueven las nubes.<\/p>\n<div id=\"attachment_30095\" style=\"width: 1034px\" class=\"wp-caption aligncenter\"><a class=\"dt-single-image\" href=\"https:\/\/www.monta\u00f1asdelaluna.es\/wp-content\/uploads\/2016\/06\/Vallgorguina-053.jpg\" data-dt-img-description=\"\"><img loading=\"lazy\" decoding=\"async\" aria-describedby=\"caption-attachment-30095\" class=\"wp-image-30095 size-large\" src=\"https:\/\/www.monta\u00f1asdelaluna.es\/wp-content\/uploads\/2016\/06\/Vallgorguina-053-1024x768.jpg\" alt=\"La luna quiere asomarse entre las nubes\" width=\"1024\" height=\"768\" srcset=\"https:\/\/www.monta\u00f1asdelaluna.es\/wp-content\/uploads\/2016\/06\/Vallgorguina-053-1024x768.jpg 1024w, https:\/\/www.monta\u00f1asdelaluna.es\/wp-content\/uploads\/2016\/06\/Vallgorguina-053-300x225.jpg 300w\" sizes=\"auto, (max-width: 1024px) 100vw, 1024px\" \/><\/a><p id=\"caption-attachment-30095\" class=\"wp-caption-text\">La luna quiere asomarse entre las nubes<\/p><\/div>\n<div id=\"attachment_30097\" style=\"width: 1034px\" class=\"wp-caption aligncenter\"><a class=\"dt-single-image\" href=\"https:\/\/www.monta\u00f1asdelaluna.es\/wp-content\/uploads\/2016\/06\/Vallgorguina-057.jpg\" data-dt-img-description=\"\"><img loading=\"lazy\" decoding=\"async\" aria-describedby=\"caption-attachment-30097\" class=\"wp-image-30097 size-large\" src=\"https:\/\/www.monta\u00f1asdelaluna.es\/wp-content\/uploads\/2016\/06\/Vallgorguina-057-1024x768.jpg\" alt=\"Anna y Raquel de vuelta a Vallgorguina\" width=\"1024\" height=\"768\" srcset=\"https:\/\/www.monta\u00f1asdelaluna.es\/wp-content\/uploads\/2016\/06\/Vallgorguina-057-1024x768.jpg 1024w, https:\/\/www.monta\u00f1asdelaluna.es\/wp-content\/uploads\/2016\/06\/Vallgorguina-057-300x225.jpg 300w\" sizes=\"auto, (max-width: 1024px) 100vw, 1024px\" \/><\/a><p id=\"caption-attachment-30097\" class=\"wp-caption-text\">Anna y Raquel de vuelta a Vallgorguina<\/p><\/div>\n<p>Volvemos al camino y esta vez giramos a la izquierda y sureste desandando lo ya caminado para llegar al dolmen. La luna llena preciosa y grande sale nos ilumina las veces que est\u00e1 entera en lo alto del cielo. Por el camino nos paramos en algunas ocasiones para fotografiarla en un firmamento oscuro por la noche cerrada. Ahora llevamos algo m\u00e1s de prisa y vamos andando con m\u00e1s ligereza.<\/p>\n<p>Volvemos al camino marcado por el G.R. y ahora seguimos por \u00e9ste girando a la izquierda y abajo. La bajada es r\u00e1pida pero cautelosa. Ahora la vegetaci\u00f3n nos impide ver el horizonte con la luna llena, esa mega luna. Con las vistas por el camino anterior hac\u00eda la Luna, ya hab\u00edamos aprovechado para adorarla y fotografiarla mientras disfrutamos de su presencia en medio de los solitarios y oscuros nocturnos bosques de El Corredor y el valle de las brujas.<\/p>\n<div id=\"attachment_30098\" style=\"width: 1034px\" class=\"wp-caption aligncenter\"><a class=\"dt-single-image\" href=\"https:\/\/www.monta\u00f1asdelaluna.es\/wp-content\/uploads\/2016\/06\/Vallgorguina-062.jpg\" data-dt-img-description=\"\"><img loading=\"lazy\" decoding=\"async\" aria-describedby=\"caption-attachment-30098\" class=\"wp-image-30098 size-large\" src=\"https:\/\/www.monta\u00f1asdelaluna.es\/wp-content\/uploads\/2016\/06\/Vallgorguina-062-1024x768.jpg\" alt=\"Luna llena en El Corredor\" width=\"1024\" height=\"768\" srcset=\"https:\/\/www.monta\u00f1asdelaluna.es\/wp-content\/uploads\/2016\/06\/Vallgorguina-062-1024x768.jpg 1024w, https:\/\/www.monta\u00f1asdelaluna.es\/wp-content\/uploads\/2016\/06\/Vallgorguina-062-300x225.jpg 300w\" sizes=\"auto, (max-width: 1024px) 100vw, 1024px\" \/><\/a><p id=\"caption-attachment-30098\" class=\"wp-caption-text\">Luna llena en El Corredor<\/p><\/div>\n<div id=\"attachment_30102\" style=\"width: 830px\" class=\"wp-caption aligncenter\"><a class=\"dt-single-image\" href=\"https:\/\/www.monta\u00f1asdelaluna.es\/wp-content\/uploads\/2016\/06\/Vallgorguina-075.jpg\" data-dt-img-description=\"\"><img loading=\"lazy\" decoding=\"async\" aria-describedby=\"caption-attachment-30102\" class=\"wp-image-30102 \" src=\"https:\/\/www.monta\u00f1asdelaluna.es\/wp-content\/uploads\/2016\/06\/Vallgorguina-075.jpg\" alt=\"Luna llena en El Corredor\" width=\"820\" height=\"1093\" srcset=\"https:\/\/www.monta\u00f1asdelaluna.es\/wp-content\/uploads\/2016\/06\/Vallgorguina-075.jpg 1650w, https:\/\/www.monta\u00f1asdelaluna.es\/wp-content\/uploads\/2016\/06\/Vallgorguina-075-225x300.jpg 225w, https:\/\/www.monta\u00f1asdelaluna.es\/wp-content\/uploads\/2016\/06\/Vallgorguina-075-768x1024.jpg 768w\" sizes=\"auto, (max-width: 820px) 100vw, 820px\" \/><\/a><p id=\"caption-attachment-30102\" class=\"wp-caption-text\">Luna llena en El Corredor<\/p><\/div>\n<p>Ahora seguimos el G.R. hac\u00eda abajo sin desviarnos; si al subir elegimos una senda marcada como P.R. (paralela a \u00e9ste) que pasa por el Sot de Can Sumana, ahora seguiremos al G.R. que acabar\u00e1 abajo en el mismo cruce con el camino hac\u00eda Vallgorguina (el que pasa por la depuradora) y con la anterior senda ya nombrada y recorrida en la subida. La bajada es r\u00e1pida y antes de lo que pensamos llegamos a dicho cruce.<\/p>\n<p>Giramos a la derecha por el camino ya reconocido, y seguimos desandando el camino hac\u00eda el este y sureste. Volvemos a percatarnos entre la oscuridad de las marcas de G.R. entre los altos y hermosos \u00e1rboles de bosque de rivera que nos gu\u00eda hac\u00eda Vallgorguina. No hay p\u00e9rdida. Volvemos a dejar la depuradora, ahora a la derecha, y atr\u00e1s, y seguimos por el espl\u00e9ndido camino que parece peque\u00f1o, extra\u00f1o, corto\u2026 misterioso, impredecible gracias a la oscuridad de la noche. Parece que le d\u00e1 otro aspecto, que cruzamos otros bosques, inmensos, perdidos entre la oscuridad. Entre las laderas boscosas giramos la vista a la derecha y admiramos de nuevo la luna llena, hermosa, muy brillante en medio de un horizonte a no mucha altura. Hermosa, espectacular.<\/p>\n<div id=\"attachment_30103\" style=\"width: 1034px\" class=\"wp-caption aligncenter\"><a class=\"dt-single-image\" href=\"https:\/\/www.monta\u00f1asdelaluna.es\/wp-content\/uploads\/2016\/06\/Vallgorguina-079.jpg\" data-dt-img-description=\"\"><img loading=\"lazy\" decoding=\"async\" aria-describedby=\"caption-attachment-30103\" class=\"wp-image-30103 size-large\" src=\"https:\/\/www.monta\u00f1asdelaluna.es\/wp-content\/uploads\/2016\/06\/Vallgorguina-079-1024x768.jpg\" alt=\"Anna y Raquel en el Pl\u00e1 del Forn llegando a Vallgorguina\" width=\"1024\" height=\"768\" srcset=\"https:\/\/www.monta\u00f1asdelaluna.es\/wp-content\/uploads\/2016\/06\/Vallgorguina-079-1024x768.jpg 1024w, https:\/\/www.monta\u00f1asdelaluna.es\/wp-content\/uploads\/2016\/06\/Vallgorguina-079-300x225.jpg 300w\" sizes=\"auto, (max-width: 1024px) 100vw, 1024px\" \/><\/a><p id=\"caption-attachment-30103\" class=\"wp-caption-text\">Anna y Raquel en el Pl\u00e1 del Forn llegando a Vallgorguina<\/p><\/div>\n<p>Enseguida llegamos al cruce del camino y seguido a la izquierda el puente para entrar a Vallgorguina. Ha sido una marcha tranquila y f\u00e1cil. L\u00e1stima las nubes que no nos dejaron admirar la primera mega Luna del verano al principio; pero siempre es inquietante acercarse a parajes de leyenda y misterio.<\/p>\n<div id=\"attachment_30113\" style=\"width: 761px\" class=\"wp-caption aligncenter\"><a class=\"dt-single-image\" href=\"https:\/\/www.monta\u00f1asdelaluna.es\/wp-content\/uploads\/2014\/07\/mapaVallgorguina.croquis.blog_.jpg\" data-dt-img-description=\"\"><img loading=\"lazy\" decoding=\"async\" aria-describedby=\"caption-attachment-30113\" class=\"wp-image-30113 size-full\" src=\"https:\/\/www.monta\u00f1asdelaluna.es\/wp-content\/uploads\/2014\/07\/mapaVallgorguina.croquis.blog_.jpg\" alt=\"Croquis del recorrido de Vallgorguina al Dolmen de Pedra Gentil\" width=\"751\" height=\"684\" srcset=\"https:\/\/www.monta\u00f1asdelaluna.es\/wp-content\/uploads\/2014\/07\/mapaVallgorguina.croquis.blog_.jpg 751w, https:\/\/www.monta\u00f1asdelaluna.es\/wp-content\/uploads\/2014\/07\/mapaVallgorguina.croquis.blog_-300x273.jpg 300w\" sizes=\"auto, (max-width: 751px) 100vw, 751px\" \/><\/a><p id=\"caption-attachment-30113\" class=\"wp-caption-text\">Croquis del recorrido de Vallgorguina al Dolmen de Pedra Gentil<\/p><\/div>\n<p>[vc_separator][\/vc_column_text][\/vc_column][\/vc_row][vc_row][vc_column][vc_empty_space height=\u00bb60px\u00bb][\/vc_column][\/vc_row][vc_row][vc_column][vc_cta h2=\u00bb\u00c1lbum de fotos\u00bb txt_align=\u00bbcenter\u00bb add_button=\u00bbbottom\u00bb btn_title=\u00bbVer fotos\u00bb btn_color=\u00bbwarning\u00bb btn_align=\u00bbcenter\u00bb btn_link=\u00bburl:https%3A%2F%2Fmonta%C3%B1asdelaluna.es%2F%3Fdt_gallery%3Dprueba-15|title:La%20noche%20del%20Aquelarre.%20De%20Vallgorguina%20al%20Dolmen%20de%20Pedra%20Gentil|target:_blank\u00bb css=\u00bb.vc_custom_1625865043669{background-color: #8bc4ed !important;}\u00bb]Puedes ver todas las fotos del relato y actividad en forma de presentaci\u00f3n o individuales pinchando aqui \u00a1No te las pierdas![\/vc_cta][\/vc_column][\/vc_row][vc_row][vc_column][vc_empty_space height=\u00bb60px\u00bb][\/vc_column][\/vc_row][vc_row][vc_column width=\u00bb1\/3&#8243;][\/vc_column][vc_column width=\u00bb1\/2&#8243;][vc_raw_html]JTNDaWZyYW1lJTIwc3JjJTNEJTIyaHR0cHMlM0ElMkYlMkZ3d3cubWV0ZW9ibHVlLmNvbSUyRmVzJTJGdGllbXBvJTJGd2lkZ2V0JTJGZGFpbHklMkZ2YWxsZ29yZ3VpbmFfZXNwYSUyNWMzJTI1YjFhXzMxMDY1MjYlM0ZnZW9sb2MlM0RmaXhlZCUyNmRheXMlM0Q3JTI2dGVtcHVuaXQlM0RDRUxTSVVTJTI2d2luZHVuaXQlM0RLSUxPTUVURVJfUEVSX0hPVVIlMjZjb2xvdXJlZCUzRGNvbG91cmVkJTI2cGljdG9pY29uJTNEMSUyNm1heHRlbXBlcmF0dXJlJTNEMSUyNm1pbnRlbXBlcmF0dXJlJTNEMSUyNndpbmRzcGVlZCUzRDElMjZ3aW5kZ3VzdCUzRDElMjZ3aW5kZGlyZWN0aW9uJTNEMSUyNnByZWNpcGl0YXRpb24lM0QxJTI2cHJlY2lwaXRhdGlvbnByb2JhYmlsaXR5JTNEMSUyNnNwb3QlM0QxJTI2cHJlc3N1cmUlM0QxJTI2bGF5b3V0JTNEbGlnaHQlMjIlMjAlMjBmcmFtZWJvcmRlciUzRCUyMjAlMjIlMjBzY3JvbGxpbmclM0QlMjJOTyUyMiUyMGFsbG93dHJhbnNwYXJlbmN5JTNEJTIydHJ1ZSUyMiUyMHNhbmRib3glM0QlMjJhbGxvdy1zYW1lLW9yaWdpbiUyMGFsbG93LXNjcmlwdHMlMjBhbGxvdy1wb3B1cHMlMjIlMjBzdHlsZSUzRCUyMndpZHRoJTNBJTIwMzc4cHglM0JoZWlnaHQlM0ElMjA0MTFweCUyMiUzRSUzQyUyRmlmcmFtZSUzRSUzQ2RpdiUzRSUzQyUyMS0tJTIwRE8lMjBOT1QlMjBSRU1PVkUlMjBUSElTJTIwTElOSyUyMC0tJTNFJTNDYSUyMGhyZWYlM0QlMjJodHRwcyUzQSUyRiUyRnd3dy5tZXRlb2JsdWUuY29tJTJGZXMlMkZ0aWVtcG8lMkZwcm9ub3N0aWNvJTJGc2VtYW5hJTJGdmFsbGdvcmd1aW5hX2VzcGElMjVjMyUyNWIxYV8zMTA2NTI2JTNGdXRtX3NvdXJjZSUzRHdlYXRoZXJfd2lkZ2V0JTI2dXRtX21lZGl1bSUzRGxpbmt1cyUyNnV0bV9jb250ZW50JTNEZGFpbHklMjZ1dG1fY2FtcGFpZ24lM0RXZWF0aGVyJTI1MkJXaWRnZXQlMjIlMjB0YXJnZXQlM0QlMjJfYmxhbmslMjIlM0VtZXRlb2JsdWUlM0MlMkZhJTNFJTNDJTJGZGl2JTNF[\/vc_raw_html][\/vc_column][vc_column width=\u00bb1\/5&#8243;][\/vc_column][\/vc_row]<\/p>\n","protected":false},"excerpt":{"rendered":"<p>[vc_row][vc_column][vc_column_text]Aprovechando una de las \u201cMega Lunas\u201d de este verano, el pasado s\u00e1bado de julio decidimos visitar uno de los lugares ya recorrido anteriormente en otras excursiones pero con la fama de ser un lugar de antiguas reuniones de brujas y otros personajes de la noche y del esoterismo: el Dolmen de Pedra Gentil. Y a&hellip;<\/p>\n","protected":false},"author":1,"featured_media":30082,"comment_status":"open","ping_status":"open","sticky":false,"template":"","format":"standard","meta":[],"categories":[45],"tags":[],"class_list":["post-30110","post","type-post","status-publish","format-standard","has-post-thumbnail","hentry","category-corredor-i-montnegre","category-45","description-off"],"_links":{"self":[{"href":"https:\/\/www.monta\u00f1asdelaluna.es\/index.php?rest_route=\/wp\/v2\/posts\/30110","targetHints":{"allow":["GET"]}}],"collection":[{"href":"https:\/\/www.monta\u00f1asdelaluna.es\/index.php?rest_route=\/wp\/v2\/posts"}],"about":[{"href":"https:\/\/www.monta\u00f1asdelaluna.es\/index.php?rest_route=\/wp\/v2\/types\/post"}],"author":[{"embeddable":true,"href":"https:\/\/www.monta\u00f1asdelaluna.es\/index.php?rest_route=\/wp\/v2\/users\/1"}],"replies":[{"embeddable":true,"href":"https:\/\/www.monta\u00f1asdelaluna.es\/index.php?rest_route=%2Fwp%2Fv2%2Fcomments&post=30110"}],"version-history":[{"count":9,"href":"https:\/\/www.monta\u00f1asdelaluna.es\/index.php?rest_route=\/wp\/v2\/posts\/30110\/revisions"}],"predecessor-version":[{"id":50229,"href":"https:\/\/www.monta\u00f1asdelaluna.es\/index.php?rest_route=\/wp\/v2\/posts\/30110\/revisions\/50229"}],"wp:featuredmedia":[{"embeddable":true,"href":"https:\/\/www.monta\u00f1asdelaluna.es\/index.php?rest_route=\/wp\/v2\/media\/30082"}],"wp:attachment":[{"href":"https:\/\/www.monta\u00f1asdelaluna.es\/index.php?rest_route=%2Fwp%2Fv2%2Fmedia&parent=30110"}],"wp:term":[{"taxonomy":"category","embeddable":true,"href":"https:\/\/www.monta\u00f1asdelaluna.es\/index.php?rest_route=%2Fwp%2Fv2%2Fcategories&post=30110"},{"taxonomy":"post_tag","embeddable":true,"href":"https:\/\/www.monta\u00f1asdelaluna.es\/index.php?rest_route=%2Fwp%2Fv2%2Ftags&post=30110"}],"curies":[{"name":"wp","href":"https:\/\/api.w.org\/{rel}","templated":true}]}}