{"id":31642,"date":"2016-07-10T16:03:27","date_gmt":"2016-07-10T16:03:27","guid":{"rendered":"http:\/\/monta\u00f1asdelaluna.com\/?p=31642"},"modified":"2021-07-14T10:09:46","modified_gmt":"2021-07-14T10:09:46","slug":"10-y-11-de-julio-del-2-016-lunes","status":"publish","type":"post","link":"https:\/\/www.monta\u00f1asdelaluna.es\/?p=31642","title":{"rendered":"10 y 11 de julio del 2.016, lunes"},"content":{"rendered":"<p>[vc_row][vc_column][vc_column_text]De nuevo ten\u00eda que ir a los Alpes. Ya hab\u00edan pasado 4 a\u00f1os desde la visita al <a href=\"https:\/\/www.monta\u00f1asdelaluna.es\/?page_id=14922\" target=\"_blank\" rel=\"noopener\">Gran Paradiso<\/a> en el Valle de Aosta en los Alpes italianos y este a\u00f1o ya decid\u00ed de una manera u otra ir a Alpes y visitar, ascender alguno de sus magn\u00edficos picos de m\u00e1s de cuatro mil metros.<\/p>\n<p>Esta vez, despu\u00e9s de negociaciones, opciones, sugerencias que, a lo largo de este a\u00f1o 2.016 fueron surgiendo para realizar ese viaje y actividad a los Alpes, solamente nos atrevimos un reducido grupo de 3 personas: Mario de Albatera, que ya me acompa\u00f1\u00f3 el a\u00f1o pasado en <a href=\"https:\/\/www.monta\u00f1asdelaluna.es\/?page_id=21817\" target=\"_blank\" rel=\"noopener\">La Alta Ruta de los Perdidos<\/a>, Luis Segura, hermano de Quique Segura que tambi\u00e9n nos acompa\u00f1\u00f3 en la cima del Gran Paradiso, y yo \u00a1\u00bfSolo tres?! Pues al final, entre divergencias y diferencias de opiniones u opciones, el resto de compa\u00f1eros ir\u00edan a los Alpes pero a hacer una actividad diferente.<\/p>\n<div id=\"attachment_31468\" style=\"width: 1034px\" class=\"wp-caption aligncenter\"><a class=\"dt-single-image\" href=\"https:\/\/www.monta\u00f1asdelaluna.es\/wp-content\/uploads\/2016\/07\/IMG_1554B.jpg\" data-dt-img-description=\"\"><img loading=\"lazy\" decoding=\"async\" aria-describedby=\"caption-attachment-31468\" class=\"wp-image-31468 size-large\" src=\"https:\/\/www.monta\u00f1asdelaluna.es\/wp-content\/uploads\/2016\/07\/IMG_1554B-1024x768.jpg\" alt=\"Joaqu\u00edn en el Camping de Ailefroide\" width=\"1024\" height=\"768\" srcset=\"https:\/\/www.monta\u00f1asdelaluna.es\/wp-content\/uploads\/2016\/07\/IMG_1554B-1024x768.jpg 1024w, https:\/\/www.monta\u00f1asdelaluna.es\/wp-content\/uploads\/2016\/07\/IMG_1554B-300x225.jpg 300w\" sizes=\"auto, (max-width: 1024px) 100vw, 1024px\" \/><\/a><p id=\"caption-attachment-31468\" class=\"wp-caption-text\">Joaqu\u00edn en el Camping de Ailefroide<\/p><\/div>\n<div id=\"attachment_31469\" style=\"width: 1034px\" class=\"wp-caption aligncenter\"><a class=\"dt-single-image\" href=\"https:\/\/www.monta\u00f1asdelaluna.es\/wp-content\/uploads\/2016\/07\/IMG_1555.jpg\" data-dt-img-description=\"\"><img loading=\"lazy\" decoding=\"async\" aria-describedby=\"caption-attachment-31469\" class=\"wp-image-31469 size-large\" src=\"https:\/\/www.monta\u00f1asdelaluna.es\/wp-content\/uploads\/2016\/07\/IMG_1555-1024x575.jpg\" alt=\"Agujas desde el Camping de Ailefroide\" width=\"1024\" height=\"575\" srcset=\"https:\/\/www.monta\u00f1asdelaluna.es\/wp-content\/uploads\/2016\/07\/IMG_1555-1024x575.jpg 1024w, https:\/\/www.monta\u00f1asdelaluna.es\/wp-content\/uploads\/2016\/07\/IMG_1555-300x168.jpg 300w, https:\/\/www.monta\u00f1asdelaluna.es\/wp-content\/uploads\/2016\/07\/IMG_1555.jpg 1824w\" sizes=\"auto, (max-width: 1024px) 100vw, 1024px\" \/><\/a><p id=\"caption-attachment-31469\" class=\"wp-caption-text\">Agujas desde el Camping de Ailefroide<\/p><\/div>\n<p>El Macizo des \u00c9crins con su cima m\u00e1s alta el Barre des \u00c9crins (4.102 mts.) era nuestro principal objetivo \u00bfPor qu\u00e9 \u00c9crins? Realmente es un macizo alejado del resto de los cuatromiles de los Alpes, es el primer cuatro mil de la cordillera que te encuentras si vienes desde el Mediterr\u00e1neo, el m\u00e1s meridional creo, adem\u00e1s ello lo hace ser un cuatromil solitario (entre los cuatro miles de la cordillera) pero no por eso menos espectacular o desafiante. De hecho las fotos e informaci\u00f3n que recog\u00edamos en internet (aparte de la que me proporcionaba en su medida Javi Berenguer), nos hac\u00eda ver que la monta\u00f1a, el macizo y todo el conjunto en s\u00ed, eran excepcionales, espectaculares y muy alpinos, todas las caracter\u00edsticas de una gran cordillera, de un gran macizo alpino, se daban en este macizo, en esta monta\u00f1a\u2026 y por estas y otras razones que ir\u00e9 describiendo, puse por objetivo el Barre des \u00c9crins.<\/p>\n<p>Os dejo pues con mi diario escrito in situ y diferenciado por el color <span style=\"color: #0000ff;\">azul<\/span> de sus letras. Incluyo comentarios a posteriori, o explicaciones, con el color normal, oscuro de las letras. Espero que os guste y os despierte una buena inquietud por esta monta\u00f1a si no la conoc\u00e9is.<\/p>\n<h3>D\u00eda 10 de julio, domingo. Viaje.<\/h3>\n<p><span style=\"color: #0000ff;\">Salimos de casa a las 08\u201945 horas pero debemos hinchar la rueda trasera por que por el peso de las mochilas se le nota muy desinflada. Luis y Mario piensan que est\u00e1 pinchada.<\/span><\/p>\n<p><span style=\"color: #0000ff;\">\u00a0\u00a0\u00a0\u00a0\u00a0 Por cierto Luis y Mario han pasado la noche en casa llegando desde Valencia y Albatera en el peque\u00f1o coche de Luis. Cenamos y nos ba\u00f1amos en la piscina, un exitoso preliminar antes del viaje.<\/span><\/p>\n<p><span style=\"color: #0000ff;\">\u00a0\u00a0\u00a0\u00a0\u00a0 Y por fin cogemos la autopista camino de Girona, Francia y la habitual direcci\u00f3n para ir a los Alpes en coche desde Catalu\u00f1a. Lo \u00fanico es que en Nimes en lugar de coger direcci\u00f3n norte hacia Valence, Lyon, seguimos hacia Arles, Marsella, y poco despu\u00e9s de Arles cambiamos direcci\u00f3n Aix-En-Provence. Aqu\u00ed cogemos direcci\u00f3n norte hacia los Alpes. Despu\u00e9s de buscar una salida con la buena direcci\u00f3n (ya que la id\u00f3nea estaba cerrada por reparaciones de vallas), salimos en direcci\u00f3n a Gap.<\/span><\/p>\n<div id=\"attachment_31467\" style=\"width: 1034px\" class=\"wp-caption aligncenter\"><a class=\"dt-single-image\" href=\"https:\/\/www.monta\u00f1asdelaluna.es\/wp-content\/uploads\/2016\/07\/IMG_1554.jpg\" data-dt-img-description=\"\"><img loading=\"lazy\" decoding=\"async\" aria-describedby=\"caption-attachment-31467\" class=\"wp-image-31467 size-large\" src=\"https:\/\/www.monta\u00f1asdelaluna.es\/wp-content\/uploads\/2016\/07\/IMG_1554-1024x768.jpg\" alt=\"Luis en el Camping de Ailefroide\" width=\"1024\" height=\"768\" srcset=\"https:\/\/www.monta\u00f1asdelaluna.es\/wp-content\/uploads\/2016\/07\/IMG_1554-1024x768.jpg 1024w, https:\/\/www.monta\u00f1asdelaluna.es\/wp-content\/uploads\/2016\/07\/IMG_1554-300x225.jpg 300w, https:\/\/www.monta\u00f1asdelaluna.es\/wp-content\/uploads\/2016\/07\/IMG_1554.jpg 1824w\" sizes=\"auto, (max-width: 1024px) 100vw, 1024px\" \/><\/a><p id=\"caption-attachment-31467\" class=\"wp-caption-text\">Luis en el Camping de Ailefroide<\/p><\/div>\n<p><span style=\"color: #0000ff;\">\u00a0\u00a0\u00a0\u00a0\u00a0 Paramos a comer y repostar en el \u00e1rea de servicio de Manosque. El term\u00f3metro del coche marca 37\u00ba, hace calor aqu\u00ed fuera del Ford sin el A\/A. Reemprendemos viaje y justo cuando se acaba la autopista un cartel nos indica Brian\u00e7\u00f3n. Hacia aqu\u00ed vamos siguiendo siempre los carteles de esta poblaci\u00f3n y meti\u00e9ndonos por carreteras secundarias y pueblecitos. Circundamos as\u00ed Gap sin pasar por esta poblaci\u00f3n, hasta que ya salimos a la carretera buena Gap-Brian\u00e7\u00f3n en direcci\u00f3n a \u00e9ste \u00faltimo.<\/span><\/p>\n<p>El macizo se encuentra m\u00e1s al sur del Gran Paradiso o Mont Blanc, bastante m\u00e1s al sur. De hecho el camino m\u00e1s corto es casi coger direcci\u00f3n Marsella y llegados a un punto girar hacia el norte para introducirnos en la cordillera desde Gap. Si miramos un mapa veremos que est\u00e1 a la misma altura latitudinal que Valence y al sur de Grenoble y Tur\u00edn. Es un macizo extenso y muy alpino con solo 2 alturas que superan los cuatro mil metros pero rodeado de valles profundos o anchos que lo circundan, valles con notables se\u00f1ales de erosi\u00f3n glaciar, que lo hacen limitar y diferenciarse del resto de monta\u00f1as y macizos cercano<\/p>\n<p><span style=\"color: #0000ff;\">El viaje se torna m\u00e1s alpino y un gigantesco lago encajado a lo largo de un ancho valle aparece ante nuestros ojos. Hermoso. Hay mucha actividad en el lago. Este es el Lac de Serre-Pon\u00e7on que lo seguimos en la carretera longitudinalmente. Nubes grandes y algodonosas amenazan y adornan a la vez el horizonte. Tormentas por la zona de Aosta y Gran Paradiso.<\/span><\/p>\n<div id=\"attachment_31470\" style=\"width: 1034px\" class=\"wp-caption aligncenter\"><a class=\"dt-single-image\" href=\"https:\/\/www.monta\u00f1asdelaluna.es\/wp-content\/uploads\/2016\/07\/IMG_1556.jpg\" data-dt-img-description=\"\"><img loading=\"lazy\" decoding=\"async\" aria-describedby=\"caption-attachment-31470\" class=\"wp-image-31470 size-large\" src=\"https:\/\/www.monta\u00f1asdelaluna.es\/wp-content\/uploads\/2016\/07\/IMG_1556-1024x768.jpg\" alt=\"Luis, Mario y Joaqu\u00edn preparados para subir al Refugio des \u00c9crins\" width=\"1024\" height=\"768\" srcset=\"https:\/\/www.monta\u00f1asdelaluna.es\/wp-content\/uploads\/2016\/07\/IMG_1556-1024x768.jpg 1024w, https:\/\/www.monta\u00f1asdelaluna.es\/wp-content\/uploads\/2016\/07\/IMG_1556-300x225.jpg 300w, https:\/\/www.monta\u00f1asdelaluna.es\/wp-content\/uploads\/2016\/07\/IMG_1556.jpg 1824w\" sizes=\"auto, (max-width: 1024px) 100vw, 1024px\" \/><\/a><p id=\"caption-attachment-31470\" class=\"wp-caption-text\">Luis, Mario y Joaqu\u00edn preparados para subir al Refugio des \u00c9crins<\/p><\/div>\n<div id=\"attachment_31473\" style=\"width: 1034px\" class=\"wp-caption aligncenter\"><a class=\"dt-single-image\" href=\"https:\/\/www.monta\u00f1asdelaluna.es\/wp-content\/uploads\/2016\/07\/IMG_1559.jpg\" data-dt-img-description=\"\"><img loading=\"lazy\" decoding=\"async\" aria-describedby=\"caption-attachment-31473\" class=\"wp-image-31473 size-large\" src=\"https:\/\/www.monta\u00f1asdelaluna.es\/wp-content\/uploads\/2016\/07\/IMG_1559-1024x768.jpg\" alt=\"Cruzando el Pre de Madame Carle\" width=\"1024\" height=\"768\" srcset=\"https:\/\/www.monta\u00f1asdelaluna.es\/wp-content\/uploads\/2016\/07\/IMG_1559-1024x768.jpg 1024w, https:\/\/www.monta\u00f1asdelaluna.es\/wp-content\/uploads\/2016\/07\/IMG_1559-300x225.jpg 300w, https:\/\/www.monta\u00f1asdelaluna.es\/wp-content\/uploads\/2016\/07\/IMG_1559.jpg 1824w\" sizes=\"auto, (max-width: 1024px) 100vw, 1024px\" \/><\/a><p id=\"caption-attachment-31473\" class=\"wp-caption-text\">Cruzando el Pre de Madame Carle<\/p><\/div>\n<p><span style=\"color: #0000ff;\">\u00a0\u00a0\u00a0\u00a0\u00a0 Antes de llegar a Brian\u00e7\u00f3n y siguiendo la carretera con sus cambios de direcciones, llegamos a l\u2019Argentiere-La-Bess\u00e9e. Recuerdo el nombre al ver sus carteles por el famoso glaciar del Mont Blanc. Aqu\u00ed os desva\u00edmos y entramos en el pueblo en direcci\u00f3n a Vallouise y Ailefroide, adentr\u00e1ndonos en el espectacular Macizo Des \u00c9crins. Alpes, impresionantes. Nos quedamos en el Camping de Ailefroide, son las 5 de la tarde pasadas. Vistas a las impresionantes agujas, menos calor, tranquilidad y descanso. Ma\u00f1ana toca la subida al Refugio des \u00c9crins.<\/span><\/p>\n<p>Ailefroide (1.507 mts.) es el \u00faltimo pueblecito del valle antes de que la carreterilla llegue a su punto m\u00e1s alto y acabe en el llano de Pr\u00e9 de Madame Carle, desde donde comienza la subida a los refugios que visitaremos y al Glaciar Noir. Las agujas mirando hacia el este desde el camping ya comenzaban a llamarme la atenci\u00f3n: una parece un fraile, como aquella aguja en Sierra Nevada camino de Elorrieta, y el resto puntiagudos pin\u00e1culos, v\u00e9rtices de estas inmensas catedrales de roca y granito\u2026 de hecho y mirando en el mapa\u00a0 franc\u00e9s Meije, Pelvoux, Parc Nationale des \u00c9crins del Instituto Nacional Geogr\u00e1fico franc\u00e9s una de las agujas tiene el nombre de Aiguille des Freres Etienne.<\/p>\n<div id=\"attachment_31474\" style=\"width: 1034px\" class=\"wp-caption aligncenter\"><a class=\"dt-single-image\" href=\"https:\/\/www.monta\u00f1asdelaluna.es\/wp-content\/uploads\/2016\/07\/IMG_1560.jpg\" data-dt-img-description=\"\"><img loading=\"lazy\" decoding=\"async\" aria-describedby=\"caption-attachment-31474\" class=\"wp-image-31474 size-large\" src=\"https:\/\/www.monta\u00f1asdelaluna.es\/wp-content\/uploads\/2016\/07\/IMG_1560-1024x768.jpg\" alt=\"Comenzamos la subida al Refugio del Glaciar Blanc\" width=\"1024\" height=\"768\" srcset=\"https:\/\/www.monta\u00f1asdelaluna.es\/wp-content\/uploads\/2016\/07\/IMG_1560-1024x768.jpg 1024w, https:\/\/www.monta\u00f1asdelaluna.es\/wp-content\/uploads\/2016\/07\/IMG_1560-300x225.jpg 300w, https:\/\/www.monta\u00f1asdelaluna.es\/wp-content\/uploads\/2016\/07\/IMG_1560.jpg 1824w\" sizes=\"auto, (max-width: 1024px) 100vw, 1024px\" \/><\/a><p id=\"caption-attachment-31474\" class=\"wp-caption-text\">Comenzamos la subida al Refugio del Glaciar Blanc<\/p><\/div>\n<p><span style=\"color: #0000ff;\">Despu\u00e9s de la cena nos damos una vuelta por el peque\u00f1o pueblecito. Los franceses est\u00e1n todos parados viendo el partido de f\u00fatbol de la final de la Eurocopa: Francia-Portugal. No nos quedamos a verlo, pero al final gana Portugal.<\/span><\/p>\n<p><span style=\"color: #0000ff;\">\u00a0\u00a0\u00a0\u00a0\u00a0 Al final los 3 cabemos bien en la tienda que compr\u00e9, la Vaude Space II, no estamos apretados como pensaba Mario que estar\u00edamos, pero las mochilas las dejamos en el coche. No caben.<\/span><\/p>\n<div id=\"attachment_31668\" style=\"width: 1846px\" class=\"wp-caption aligncenter\"><a class=\"dt-single-image\" href=\"https:\/\/www.monta\u00f1asdelaluna.es\/wp-content\/uploads\/2016\/07\/mapaEcrins1.croquis.Web_.jpg\" data-dt-img-description=\"\"><img loading=\"lazy\" decoding=\"async\" aria-describedby=\"caption-attachment-31668\" class=\"wp-image-31668 size-full\" src=\"https:\/\/www.monta\u00f1asdelaluna.es\/wp-content\/uploads\/2016\/07\/mapaEcrins1.croquis.Web_.jpg\" alt=\"Croquis del Macizo Des \u00c9crins y las poblaciones de inter\u00e9s en la actividad\" width=\"1836\" height=\"1881\" srcset=\"https:\/\/www.monta\u00f1asdelaluna.es\/wp-content\/uploads\/2016\/07\/mapaEcrins1.croquis.Web_.jpg 1836w, https:\/\/www.monta\u00f1asdelaluna.es\/wp-content\/uploads\/2016\/07\/mapaEcrins1.croquis.Web_-293x300.jpg 293w, https:\/\/www.monta\u00f1asdelaluna.es\/wp-content\/uploads\/2016\/07\/mapaEcrins1.croquis.Web_-1000x1024.jpg 1000w\" sizes=\"auto, (max-width: 1836px) 100vw, 1836px\" \/><\/a><p id=\"caption-attachment-31668\" class=\"wp-caption-text\">Croquis del Macizo Des \u00c9crins y las poblaciones de inter\u00e9s en la actividad<\/p><\/div>\n<h3>D\u00eda 11 de julio, lunes. Subida al Refugio Des \u00c9crins (3.175 mts.).<\/h3>\n<p><span style=\"color: #0000ff;\">Nos despertamos puntuales, a las 7 de la ma\u00f1ana. La tienda est\u00e1 mojada por la transpiraci\u00f3n nuestra y la diferencia de temperatura. Debemos desmontarla y dejarla al sol para que se seque. Mientras decidimos desayunar y preparar las mochilas para la subida y ataque.<\/span><\/p>\n<p>Esta vez no haremos actividad de aclimataci\u00f3n, ni trekking suave y previo a la actividad principal (subir al refugio y subir al pico). En un principio la idea era salir el mismo s\u00e1bado para domingo realizar dicho trekking en un valle o recorrido cercano, como en la \u00faltima visita a los Alpes al Gran Paradiso. Siempre es preferible hacer este tipo de ejercicio antes para calentar motores, para alertar a tu cuerpo de lo que se le viene encima; y es menor recomendatorio hacer lo que hicimos aqu\u00ed: al otro d\u00eda de llegar subir directamente al refugio. El cansancio del viaje u otros menesteres pueden afectar los \u00e1nimos y el cansancio se acumula \u00bfPor qu\u00e9 domingo y no s\u00e1bado? Mario pocos d\u00edas antes de salir dudaba en venirse o no por una vieja lesi\u00f3n de correr, entonces nos coment\u00f3 que mejor no se ven\u00eda. Al verse Luis solo coment\u00f3 que mejor respet\u00e1bamos el s\u00e1bado para que el trabajase y no tuviera l\u00edos con sus jefes, y as\u00ed qued\u00f3 la cosa. Despu\u00e9s Mario volvi\u00f3 a decidir el venir, pero ya ten\u00edamos pensado y planeado salir domingo. Entresijos de un viaje y su preparaci\u00f3n. Va y ven de decisiones que no tienen o deben afectar al final y \u00e9xito de la misma\u2026<\/p>\n<div id=\"attachment_31480\" style=\"width: 1034px\" class=\"wp-caption aligncenter\"><a class=\"dt-single-image\" href=\"https:\/\/www.monta\u00f1asdelaluna.es\/wp-content\/uploads\/2016\/07\/IMG_1568.jpg\" data-dt-img-description=\"\"><img loading=\"lazy\" decoding=\"async\" aria-describedby=\"caption-attachment-31480\" class=\"wp-image-31480 size-large\" src=\"https:\/\/www.monta\u00f1asdelaluna.es\/wp-content\/uploads\/2016\/07\/IMG_1568-1024x768.jpg\" alt=\"Zona de Le Fifre y Pic Coolidge sobre el Glaciar Noir\" width=\"1024\" height=\"768\" srcset=\"https:\/\/www.monta\u00f1asdelaluna.es\/wp-content\/uploads\/2016\/07\/IMG_1568-1024x768.jpg 1024w, https:\/\/www.monta\u00f1asdelaluna.es\/wp-content\/uploads\/2016\/07\/IMG_1568-300x225.jpg 300w, https:\/\/www.monta\u00f1asdelaluna.es\/wp-content\/uploads\/2016\/07\/IMG_1568.jpg 1824w\" sizes=\"auto, (max-width: 1024px) 100vw, 1024px\" \/><\/a><p id=\"caption-attachment-31480\" class=\"wp-caption-text\">Zona de Le Fifre y Pic Coolidge sobre el Glaciar Noir<\/p><\/div>\n<div id=\"attachment_31482\" style=\"width: 1034px\" class=\"wp-caption aligncenter\"><a class=\"dt-single-image\" href=\"https:\/\/www.monta\u00f1asdelaluna.es\/wp-content\/uploads\/2016\/07\/IMG_1571.jpg\" data-dt-img-description=\"\"><img loading=\"lazy\" decoding=\"async\" aria-describedby=\"caption-attachment-31482\" class=\"wp-image-31482 size-large\" src=\"https:\/\/www.monta\u00f1asdelaluna.es\/wp-content\/uploads\/2016\/07\/IMG_1571-1024x768.jpg\" alt=\"Abajo queda el Pre de Madame Carle\" width=\"1024\" height=\"768\" srcset=\"https:\/\/www.monta\u00f1asdelaluna.es\/wp-content\/uploads\/2016\/07\/IMG_1571-1024x768.jpg 1024w, https:\/\/www.monta\u00f1asdelaluna.es\/wp-content\/uploads\/2016\/07\/IMG_1571-300x225.jpg 300w, https:\/\/www.monta\u00f1asdelaluna.es\/wp-content\/uploads\/2016\/07\/IMG_1571.jpg 1824w\" sizes=\"auto, (max-width: 1024px) 100vw, 1024px\" \/><\/a><p id=\"caption-attachment-31482\" class=\"wp-caption-text\">Abajo queda el Pre de Madame Carle<\/p><\/div>\n<p><span style=\"color: #0000ff;\">Despu\u00e9s de recoger y pagar el camping salimos en direcci\u00f3n a la parte m\u00e1s alta de la carretera, hasta donde se encuentra el Refugio C\u00e9zanne y un amplio parking. Hay coches pero no est\u00e1 abarrotado. Antes de llegar vemos que tenemos que pagar 2 \u20ac por dejar el coche. Una se\u00f1ora con gorro rojo nos cobra. Ya estamos en Pr\u00e9 de Madame Carle a 1.874 mts. Desde aqu\u00ed todo es caminar y subir. Nada de coche. Aqu\u00ed ya empieza la actividad. El tiempo ha despertado bueno, ni una nube. Pero con el paso de la ma\u00f1ana comenzaran a formarse nubes amenazadoras que cumpl\u00edan por unos minutos su amenaza de lluvia. Ayer en el paseo por el pueblo pasamos por la Casa de La Monta\u00f1a que aunque cerrada pudimos ver el parte meteorol\u00f3gico para esta semana: hoy lunes lluvia al final del d\u00eda y tarde, martes malo, y mi\u00e9rcoles y jueves muy bueno con una bajada de temperaturas.<\/span><\/p>\n<p><span style=\"color: #0000ff;\">\u00a0\u00a0\u00a0\u00a0\u00a0 Tenemos reservada tres noches en el Refugio Des \u00c9crins: lunes, martes y mi\u00e9rcoles. Al final nos vendr\u00edan bien estos d\u00edas.<\/span><\/p>\n<p><span style=\"color: #0000ff;\">\u00a0\u00a0\u00a0\u00a0\u00a0 Repartimos material y cuerdas y salimos en busca de los refugios de \u00c9crins. Tenemos un desnivel de unos 1.300 metros desde donde dejamos el coche hasta el refugio donde tenemos la reserva, el m\u00e1s alto. Pero m\u00e1s o menos en la mitad tenemos el Refugio del Glaciar Blanc. <\/span><\/p>\n<p><span style=\"color: #0000ff;\">\u00a0\u00a0\u00a0\u00a0\u00a0 Atravesamos una zona llana de derrubios del r\u00edo que baja de los glaciares. Es una planicie que en Catalu\u00f1a la llamar\u00edan Aig\u00fces Tortes. Un puentecillo nos inicia la temible subida en zigzag a la izquierda de la escabrosa y encajonada bajada de un r\u00edo. \u00c9ste es el r\u00edo que baja del Glaciar Blanco, zona a la que nos dirigimos.<\/span><\/p>\n<div id=\"attachment_31486\" style=\"width: 1034px\" class=\"wp-caption aligncenter\"><a class=\"dt-single-image\" href=\"https:\/\/www.monta\u00f1asdelaluna.es\/wp-content\/uploads\/2016\/07\/IMG_1576.jpg\" data-dt-img-description=\"\"><img loading=\"lazy\" decoding=\"async\" aria-describedby=\"caption-attachment-31486\" class=\"wp-image-31486 size-large\" src=\"https:\/\/www.monta\u00f1asdelaluna.es\/wp-content\/uploads\/2016\/07\/IMG_1576-1024x768.jpg\" alt=\"Delante Mario y detr\u00e1s entre nubes el Mont Pelvoux\" width=\"1024\" height=\"768\" srcset=\"https:\/\/www.monta\u00f1asdelaluna.es\/wp-content\/uploads\/2016\/07\/IMG_1576-1024x768.jpg 1024w, https:\/\/www.monta\u00f1asdelaluna.es\/wp-content\/uploads\/2016\/07\/IMG_1576-300x225.jpg 300w, https:\/\/www.monta\u00f1asdelaluna.es\/wp-content\/uploads\/2016\/07\/IMG_1576.jpg 1824w\" sizes=\"auto, (max-width: 1024px) 100vw, 1024px\" \/><\/a><p id=\"caption-attachment-31486\" class=\"wp-caption-text\">Delante Mario y detr\u00e1s entre nubes el Mont Pelvoux<\/p><\/div>\n<div id=\"attachment_31488\" style=\"width: 1034px\" class=\"wp-caption aligncenter\"><a class=\"dt-single-image\" href=\"https:\/\/www.monta\u00f1asdelaluna.es\/wp-content\/uploads\/2016\/07\/IMG_1578.jpg\" data-dt-img-description=\"\"><img loading=\"lazy\" decoding=\"async\" aria-describedby=\"caption-attachment-31488\" class=\"wp-image-31488 size-large\" src=\"https:\/\/www.monta\u00f1asdelaluna.es\/wp-content\/uploads\/2016\/07\/IMG_1578-1024x768.jpg\" alt=\"Glaciar Blanc\" width=\"1024\" height=\"768\" srcset=\"https:\/\/www.monta\u00f1asdelaluna.es\/wp-content\/uploads\/2016\/07\/IMG_1578-1024x768.jpg 1024w, https:\/\/www.monta\u00f1asdelaluna.es\/wp-content\/uploads\/2016\/07\/IMG_1578-300x225.jpg 300w, https:\/\/www.monta\u00f1asdelaluna.es\/wp-content\/uploads\/2016\/07\/IMG_1578.jpg 1824w\" sizes=\"auto, (max-width: 1024px) 100vw, 1024px\" \/><\/a><p id=\"caption-attachment-31488\" class=\"wp-caption-text\">Glaciar Blanc<\/p><\/div>\n<p>Las vistas hacia las monta\u00f1as por el momento no eran tan espectaculares o hermosas: el lugar era una especie de circo abierto por un escondido lado hacia el Glaciar Noir que n dejaba ver, desde este punto, la mayor\u00eda de las altas cimas de m\u00e1s de 3.400 metros. M\u00e1s bien era una especie de mezcla de pared rocosa con laderas herbosas empinadas con nada especial o diferente de cualquier otra verticalidad o monta\u00f1a. Ten\u00edamos que ir subiendo y cogiendo altura para ir percat\u00e1ndonos del lugar y espectacularidad de paisaje en el que nos est\u00e1bamos metiendo.<\/p>\n<p><span style=\"color: #0000ff;\">El zigzag es implacable y la senda est\u00e1 muy bien marcada. Sube mucho curioso, dominguero y excursionista, y alpinistas en busca del Refugio Des \u00c9crins. A la vez el calor comienza a quemarnos la piel y a deshidratarnos. Esperamos subir lo suficientemente alto para poder sentir el fr\u00edo de la alta monta\u00f1a.<\/span><\/p>\n<p><span style=\"color: #0000ff;\">\u00a0\u00a0\u00a0\u00a0\u00a0 Al cabo de poco m\u00e1s de media hora de subida Mario se da cuenta de que ya no tiene la cuerda en su mochila \u00a1Se le ha ca\u00eddo! \u00a1\u00bfD\u00f3nde?! Yo le digo que en toda la subida no se la he visto. Le ense\u00f1o fotos y as\u00ed es \u00a1Nervios! Mario se exalta a su manera, yo intento conservar la calma. Gritamos a Luis que va m\u00e1s arriba. Al final Mario y Luis deciden bajar sin mochilas a buscar la cuerda \u00bfD\u00f3nde estar\u00e1? Mario pensando mal dice que ya se la habr\u00e1 llevado alguien. Yo me quedo guardando las mochilas y observo desde las alturas el largo camino zigzagueante de bajada de la pareja. Cada vez que se encuentran con alguien, le preguntan por la cuerda.<\/span><\/p>\n<div id=\"attachment_31490\" style=\"width: 1034px\" class=\"wp-caption aligncenter\"><a class=\"dt-single-image\" href=\"https:\/\/www.monta\u00f1asdelaluna.es\/wp-content\/uploads\/2016\/07\/IMG_1581.jpg\" data-dt-img-description=\"\"><img loading=\"lazy\" decoding=\"async\" aria-describedby=\"caption-attachment-31490\" class=\"wp-image-31490 size-large\" src=\"https:\/\/www.monta\u00f1asdelaluna.es\/wp-content\/uploads\/2016\/07\/IMG_1581-1024x575.jpg\" alt=\"Glaciar Blanc a la izquierda y a la derecha imperceptible el Refugio del Glaciar Blanc\" width=\"1024\" height=\"575\" srcset=\"https:\/\/www.monta\u00f1asdelaluna.es\/wp-content\/uploads\/2016\/07\/IMG_1581-1024x575.jpg 1024w, https:\/\/www.monta\u00f1asdelaluna.es\/wp-content\/uploads\/2016\/07\/IMG_1581-300x168.jpg 300w, https:\/\/www.monta\u00f1asdelaluna.es\/wp-content\/uploads\/2016\/07\/IMG_1581.jpg 1824w\" sizes=\"auto, (max-width: 1024px) 100vw, 1024px\" \/><\/a><p id=\"caption-attachment-31490\" class=\"wp-caption-text\">Glaciar Blanc a la izquierda y a la derecha imperceptible el Refugio del Glaciar Blanc<\/p><\/div>\n<p><span style=\"color: #0000ff;\">\u00a0\u00a0\u00a0\u00a0\u00a0 Al cabo de un tiempo los vuelvo a ver como suben, pero no veo si llevan la cuerda. Han bajado toda la ladera hasta el puente que cruza el r\u00edo que viene del Glaciar Noir pero que desde mi posici\u00f3n no lo llego a ver. A medida que suben y los veo mejor observo que Mario lleva colgando la cuerda \u00a1La han encontrado! \u201c\u00a1Justo en el mismo puente estaba!\u201d me dice Mario. \u201cBueno, descansar y proseguimos la subida\u201d.<\/span><\/p>\n<p>Mientras esperaba y aprovechaba para descansar (que por lo visto no estaba en la forma que debiera o recuperado del cansancio del viaje, casa, trabajo\u2026) pensaba en las formas y c\u00f3mo har\u00edamos si solo nos quedaba una cuerda; para subir, rapelar (solo 15 metros \u00bfy si hay m\u00e1s distancia en la pared?&#8230;) A la vez pensaba en el puro que le iba a echar a Mario por ser tan descuidado, pero me resign\u00e9 y solo le coment\u00e9 lo importante que era llevarlo todo bien atado y compacto a la mochila. Creo que me falt\u00f3 algo de liderazgo en este viaje; para apartar los fantasmas de la decepci\u00f3n y la incertidumbre. Si alguien decide (en general) por todos, y ese alguien tiene las cosas claras, al menos sus razonamientos, es m\u00e1s f\u00e1cil de seguir y superarnos\u2026 y m\u00e1s si alguno del grupo hiciera el papel de \u201cagorero\u201d, una especie de aguafiestas de la monta\u00f1a que se hace m\u00e1s preguntas e indecisiones tiene que firmeza en sus acciones.<\/p>\n<div id=\"attachment_31495\" style=\"width: 1034px\" class=\"wp-caption aligncenter\"><a class=\"dt-single-image\" href=\"https:\/\/www.monta\u00f1asdelaluna.es\/wp-content\/uploads\/2016\/07\/IMG_1588.jpg\" data-dt-img-description=\"\"><img loading=\"lazy\" decoding=\"async\" aria-describedby=\"caption-attachment-31495\" class=\"wp-image-31495 size-large\" src=\"https:\/\/www.monta\u00f1asdelaluna.es\/wp-content\/uploads\/2016\/07\/IMG_1588-1024x768.jpg\" alt=\"Mario subiendo al Refugio del Glaciar Blanc, detr\u00e1s el Glaciar Blanc\" width=\"1024\" height=\"768\" srcset=\"https:\/\/www.monta\u00f1asdelaluna.es\/wp-content\/uploads\/2016\/07\/IMG_1588-1024x768.jpg 1024w, https:\/\/www.monta\u00f1asdelaluna.es\/wp-content\/uploads\/2016\/07\/IMG_1588-300x225.jpg 300w, https:\/\/www.monta\u00f1asdelaluna.es\/wp-content\/uploads\/2016\/07\/IMG_1588.jpg 1824w\" sizes=\"auto, (max-width: 1024px) 100vw, 1024px\" \/><\/a><p id=\"caption-attachment-31495\" class=\"wp-caption-text\">Mario subiendo al Refugio del Glaciar Blanc, detr\u00e1s el Glaciar Blanc<\/p><\/div>\n<div id=\"attachment_31499\" style=\"width: 1034px\" class=\"wp-caption aligncenter\"><a class=\"dt-single-image\" href=\"https:\/\/www.monta\u00f1asdelaluna.es\/wp-content\/uploads\/2016\/07\/IMG_1593.jpg\" data-dt-img-description=\"\"><img loading=\"lazy\" decoding=\"async\" aria-describedby=\"caption-attachment-31499\" class=\"wp-image-31499 size-large\" src=\"https:\/\/www.monta\u00f1asdelaluna.es\/wp-content\/uploads\/2016\/07\/IMG_1593-1024x768.jpg\" alt=\"Subiendo al Refugio del Glaciar Blanc, a la izquierda dicho glaciar\" width=\"1024\" height=\"768\" srcset=\"https:\/\/www.monta\u00f1asdelaluna.es\/wp-content\/uploads\/2016\/07\/IMG_1593-1024x768.jpg 1024w, https:\/\/www.monta\u00f1asdelaluna.es\/wp-content\/uploads\/2016\/07\/IMG_1593-300x225.jpg 300w, https:\/\/www.monta\u00f1asdelaluna.es\/wp-content\/uploads\/2016\/07\/IMG_1593.jpg 1824w\" sizes=\"auto, (max-width: 1024px) 100vw, 1024px\" \/><\/a><p id=\"caption-attachment-31499\" class=\"wp-caption-text\">Subiendo al Refugio del Glaciar Blanc, a la izquierda dicho glaciar<\/p><\/div>\n<p><span style=\"color: #0000ff;\">Formas de c\u00f3mo atar y coger las cosas que van fuera de la mochila. La mochila y todo lo que lleva debe ir bien cogido y sin moverse (si es posible) como un solo y compacto paquete. Con el tambaleo del cuerpo al subir, la mochila se mueve y las cosas que no est\u00e1n bien cogidas acaban por caerse y perderse. A la vez (le comento despu\u00e9s a Luis al ver c\u00f3mo lleva su mochila) la mochila debe ir pegada a la espalda y hombros, nunca separada, y aguantado el peso en las caderas.<\/span><\/p>\n<div id=\"attachment_34013\" style=\"width: 1880px\" class=\"wp-caption aligncenter\"><a class=\"dt-single-image\" href=\"https:\/\/www.monta\u00f1asdelaluna.es\/wp-content\/uploads\/2016\/07\/mapaEcrins2.croquis.Web_.jpg\" data-dt-img-description=\"\"><img loading=\"lazy\" decoding=\"async\" aria-describedby=\"caption-attachment-34013\" class=\"wp-image-34013 size-full\" src=\"https:\/\/www.monta\u00f1asdelaluna.es\/wp-content\/uploads\/2016\/07\/mapaEcrins2.croquis.Web_.jpg\" alt=\"Croquis del valle de Pelvoux donde aparece Ailefroide y el Pre de Madame Carle\" width=\"1870\" height=\"2187\" srcset=\"https:\/\/www.monta\u00f1asdelaluna.es\/wp-content\/uploads\/2016\/07\/mapaEcrins2.croquis.Web_.jpg 1870w, https:\/\/www.monta\u00f1asdelaluna.es\/wp-content\/uploads\/2016\/07\/mapaEcrins2.croquis.Web_-257x300.jpg 257w, https:\/\/www.monta\u00f1asdelaluna.es\/wp-content\/uploads\/2016\/07\/mapaEcrins2.croquis.Web_-876x1024.jpg 876w\" sizes=\"auto, (max-width: 1870px) 100vw, 1870px\" \/><\/a><p id=\"caption-attachment-34013\" class=\"wp-caption-text\">Croquis del valle de Pelvoux donde aparece Ailefroide y el Pre de Madame Carle<\/p><\/div>\n<p><span style=\"color: #0000ff;\">\u00a0\u00a0\u00a0\u00a0\u00a0 Parece que se hab\u00eda acabado del zigzag, pero no. A\u00fan quedan unos cuantos para llegar a la parte alta de esta ladera, justo bajo las paredes rocosas. En poco tiempo dejamos el zigzag y atravesamos casi horizontal el encajonado vallecillo o ca\u00f1\u00f3n que forma el r\u00edo. Seguidamente cruzamos el r\u00edo que baja del Glaciar Blanc. Y ya desde aqu\u00ed podemos ver all\u00e1 arriba encaramado a la roca viva el Refugio del Glaciar Blanc. Antes nos sorprende la vista el final de ca\u00edda del mismo Glaciar Blanc. Queda enfrente nuestro mientras subimos y despu\u00e9s lo dejaremos a la izquierda arriba a medida que vayamos subiendo al nombrado refugio.<\/span><\/p>\n<p>De nuevo ante mis ojos la magnificencia y espectacularidad de un sencillo pero grandioso glaciar alpino \u00bfPor qu\u00e9 nos atraer\u00e1n tantos los hielos glaciares a los aventureros de las alturas? Alegr\u00eda, \u00e1nimo y regocijo. Nuevas fotos y nuevo glaciar que recorrer\u2026 quiz\u00e1s sea culpa del cambio clim\u00e1tico\u2026 eso de que est\u00e1n desapareciendo, reduci\u00e9ndose\u2026 es como visitar a un familiar moribundo, con consuelo y admiraci\u00f3n.<\/p>\n<div id=\"attachment_31503\" style=\"width: 1034px\" class=\"wp-caption aligncenter\"><a class=\"dt-single-image\" href=\"https:\/\/www.monta\u00f1asdelaluna.es\/wp-content\/uploads\/2016\/07\/IMG_1595B.jpg\" data-dt-img-description=\"\"><img loading=\"lazy\" decoding=\"async\" aria-describedby=\"caption-attachment-31503\" class=\"wp-image-31503 size-large\" src=\"https:\/\/www.monta\u00f1asdelaluna.es\/wp-content\/uploads\/2016\/07\/IMG_1595B-1024x576.jpg\" alt=\"Mario, Joaqu\u00edn y detr\u00e1s el Mont Pelvoux cubierto\" width=\"1024\" height=\"576\" srcset=\"https:\/\/www.monta\u00f1asdelaluna.es\/wp-content\/uploads\/2016\/07\/IMG_1595B-1024x576.jpg 1024w, https:\/\/www.monta\u00f1asdelaluna.es\/wp-content\/uploads\/2016\/07\/IMG_1595B-300x169.jpg 300w\" sizes=\"auto, (max-width: 1024px) 100vw, 1024px\" \/><\/a><p id=\"caption-attachment-31503\" class=\"wp-caption-text\">Mario, Joaqu\u00edn y detr\u00e1s el Mont Pelvoux cubierto<\/p><\/div>\n<div id=\"attachment_31504\" style=\"width: 1034px\" class=\"wp-caption aligncenter\"><a class=\"dt-single-image\" href=\"https:\/\/www.monta\u00f1asdelaluna.es\/wp-content\/uploads\/2016\/07\/IMG_1596.jpg\" data-dt-img-description=\"\"><img loading=\"lazy\" decoding=\"async\" aria-describedby=\"caption-attachment-31504\" class=\"wp-image-31504 size-large\" src=\"https:\/\/www.monta\u00f1asdelaluna.es\/wp-content\/uploads\/2016\/07\/IMG_1596-1024x768.jpg\" alt=\"\u00daltimos pasos al Refugio del Glaciar Blanc\" width=\"1024\" height=\"768\" srcset=\"https:\/\/www.monta\u00f1asdelaluna.es\/wp-content\/uploads\/2016\/07\/IMG_1596-1024x768.jpg 1024w, https:\/\/www.monta\u00f1asdelaluna.es\/wp-content\/uploads\/2016\/07\/IMG_1596-300x225.jpg 300w, https:\/\/www.monta\u00f1asdelaluna.es\/wp-content\/uploads\/2016\/07\/IMG_1596.jpg 1824w\" sizes=\"auto, (max-width: 1024px) 100vw, 1024px\" \/><\/a><p id=\"caption-attachment-31504\" class=\"wp-caption-text\">\u00daltimos pasos al Refugio del Glaciar Blanc<\/p><\/div>\n<p><span style=\"color: #0000ff;\">Despu\u00e9s del relativo descanso de la senda horizontal hasta cruzar el r\u00edo, comienza de nuevo otra subida con menos zigzag pero esforzada al otro lado del mismo.<\/span><\/p>\n<p><span style=\"color: #0000ff;\">\u00a0\u00a0\u00a0\u00a0\u00a0 La subida ahora es poco m\u00e1s amena que la anterior, con las espl\u00e9ndidas vistas del Glaciar Blanc llegamos cansados y hambrientos al Refugio del Glaciar Blanc. Despu\u00e9s de la bajada a buscar la cuerda no hemos parado a tomar nada, y ya decido de comer en las puertas del refugio. Es poco m\u00e1s de la 1 del mediod\u00eda cuando llegamos a \u00e9ste. Hemos perdido m\u00e1s de media hora en la b\u00fasqueda de la cuerda.<\/span><\/p>\n<p><span style=\"color: #0000ff;\">\u00a0\u00a0\u00a0\u00a0\u00a0 El Refugio del Glaciar Blanc es simp\u00e1tico y acogedor (a pesar de que no entramos en \u00e9l) Nos quedamos en la puerta donde hay bancos, mesas y una especie de mirador, y aqu\u00ed, entre un tumulto de gente (los que ve\u00edamos subir) sacamos los bocadillos y comemos.<\/span><\/p>\n<p><span style=\"color: #0000ff;\">\u00a0\u00a0\u00a0\u00a0\u00a0 Antes subiendo lo ten\u00edamos a nuestra espalda pero ahora sentados en la puerta de este refugio tenemos enfrente al espectacular, alto y escarpado Mont Pelvoux, y los Picos Sin Nombre: alpinos, preciosos, verticales y altos, con mucho desnivel desde su base \u00a1Impresionante, soberbios!<\/span><\/p>\n<div id=\"attachment_31509\" style=\"width: 1034px\" class=\"wp-caption aligncenter\"><a class=\"dt-single-image\" href=\"https:\/\/www.monta\u00f1asdelaluna.es\/wp-content\/uploads\/2016\/07\/IMG_1605B.jpg\" data-dt-img-description=\"\"><img loading=\"lazy\" decoding=\"async\" aria-describedby=\"caption-attachment-31509\" class=\"wp-image-31509 size-large\" src=\"https:\/\/www.monta\u00f1asdelaluna.es\/wp-content\/uploads\/2016\/07\/IMG_1605B-1024x768.jpg\" alt=\"Joaqu\u00edn y Mario en el Refugio del Glaciar Blanc\" width=\"1024\" height=\"768\" srcset=\"https:\/\/www.monta\u00f1asdelaluna.es\/wp-content\/uploads\/2016\/07\/IMG_1605B-1024x768.jpg 1024w, https:\/\/www.monta\u00f1asdelaluna.es\/wp-content\/uploads\/2016\/07\/IMG_1605B-300x225.jpg 300w\" sizes=\"auto, (max-width: 1024px) 100vw, 1024px\" \/><\/a><p id=\"caption-attachment-31509\" class=\"wp-caption-text\">Joaqu\u00edn y Mario en el Refugio del Glaciar Blanc<\/p><\/div>\n<div id=\"attachment_31513\" style=\"width: 1034px\" class=\"wp-caption aligncenter\"><a class=\"dt-single-image\" href=\"https:\/\/www.monta\u00f1asdelaluna.es\/wp-content\/uploads\/2016\/07\/IMG_1610.jpg\" data-dt-img-description=\"\"><img loading=\"lazy\" decoding=\"async\" aria-describedby=\"caption-attachment-31513\" class=\"wp-image-31513 size-large\" src=\"https:\/\/www.monta\u00f1asdelaluna.es\/wp-content\/uploads\/2016\/07\/IMG_1610-1024x768.jpg\" alt=\"Refugio del Glaciar Blanc y el Mont Pelvoux\" width=\"1024\" height=\"768\" srcset=\"https:\/\/www.monta\u00f1asdelaluna.es\/wp-content\/uploads\/2016\/07\/IMG_1610-1024x768.jpg 1024w, https:\/\/www.monta\u00f1asdelaluna.es\/wp-content\/uploads\/2016\/07\/IMG_1610-300x225.jpg 300w, https:\/\/www.monta\u00f1asdelaluna.es\/wp-content\/uploads\/2016\/07\/IMG_1610.jpg 1824w\" sizes=\"auto, (max-width: 1024px) 100vw, 1024px\" \/><\/a><p id=\"caption-attachment-31513\" class=\"wp-caption-text\">Refugio del Glaciar Blanc y el Mont Pelvoux<\/p><\/div>\n<p>Javi Berenguer me hablaba de esta monta\u00f1a sin acordarse de su nombre: \u201ccuando llegu\u00e9is pod\u00e9is subir para aclimatar esa monta\u00f1a que queda pegada tan chula y espectacular\u201d supongo que se refer\u00eda a este Mont Pelvoux. Realmente era soberbio. Pero no era un solo pico, varias terminaciones picudas en la misma cima, y siguiendo la cresta cimera que se alejaba de nuestro punto, formaban esta incre\u00edble hilera de monta\u00f1as, paredes, torres, glaciares colgantes, sorprendentes desniveles\u2026 Hay que decir que el desnivel desde la parte del fondo del valle que nosotros est\u00e1bamos tocando, desde el comienzo a caminar hasta cruzar el puentecillo sobre el Torrent del Glaciar Blanc, era exageradamente imponente, desafiante, sin lugar a un respiro, y muy, muy enorme. Desde estas vistas el Mont Pelvoux casi que aparec\u00eda como una enorme monta\u00f1a, castillo, llena de piquitos (peque\u00f1os desde aqu\u00ed pero enormes all\u00ed), torres y torreones, diferenciado del resto de crestas, monta\u00f1as, vertientes, por esos fuertes y largos desniveles que lo rodeaba. Solo se salvaba la parte\u00a0 oeste del mismo, que parec\u00eda una extensi\u00f3n por los Picos Sin Nombre del mismo Mont Pelvoux. Soberbio, espectacular, precioso.<\/p>\n<p><span style=\"color: #0000ff;\">Estamos a 2.542 mts. y a\u00fan debemos llegar a los 3.175 mts. del Refugio Des \u00c9crins. Pero ahora la subida es menos empinada pero subida al fin y al cabo. Hay que salir por detr\u00e1s del refugio y una senda nos llevar\u00e1 por tierra y roca paralela al glaciar que quedar\u00e1 a m\u00e1s baja altura a la izquierda. Despu\u00e9s bajaremos al mismo glaciar justo en una apreciable curva del mismo y seguir\u00edamos por \u00e9l pegados a su borde derecho, glaciar arriba, hasta quedar bajo el mismo Refugio Des \u00c9crins.<\/span><\/p>\n<div id=\"attachment_31512\" style=\"width: 1034px\" class=\"wp-caption aligncenter\"><a class=\"dt-single-image\" href=\"https:\/\/www.monta\u00f1asdelaluna.es\/wp-content\/uploads\/2016\/07\/IMG_1608.jpg\" data-dt-img-description=\"\"><img loading=\"lazy\" decoding=\"async\" aria-describedby=\"caption-attachment-31512\" class=\"wp-image-31512 size-large\" src=\"https:\/\/www.monta\u00f1asdelaluna.es\/wp-content\/uploads\/2016\/07\/IMG_1608-1024x768.jpg\" alt=\"Delante Luis saliendo del Refugio del Glaciar Blanc\" width=\"1024\" height=\"768\" srcset=\"https:\/\/www.monta\u00f1asdelaluna.es\/wp-content\/uploads\/2016\/07\/IMG_1608-1024x768.jpg 1024w, https:\/\/www.monta\u00f1asdelaluna.es\/wp-content\/uploads\/2016\/07\/IMG_1608-300x225.jpg 300w, https:\/\/www.monta\u00f1asdelaluna.es\/wp-content\/uploads\/2016\/07\/IMG_1608.jpg 1824w\" sizes=\"auto, (max-width: 1024px) 100vw, 1024px\" \/><\/a><p id=\"caption-attachment-31512\" class=\"wp-caption-text\">Delante Luis saliendo del Refugio del Glaciar Blanc<\/p><\/div>\n<div id=\"attachment_31516\" style=\"width: 1034px\" class=\"wp-caption aligncenter\"><a class=\"dt-single-image\" href=\"https:\/\/www.monta\u00f1asdelaluna.es\/wp-content\/uploads\/2016\/07\/IMG_1613.jpg\" data-dt-img-description=\"\"><img loading=\"lazy\" decoding=\"async\" aria-describedby=\"caption-attachment-31516\" class=\"wp-image-31516 size-large\" src=\"https:\/\/www.monta\u00f1asdelaluna.es\/wp-content\/uploads\/2016\/07\/IMG_1613-1024x768.jpg\" alt=\"Glaciar Blanc\" width=\"1024\" height=\"768\" srcset=\"https:\/\/www.monta\u00f1asdelaluna.es\/wp-content\/uploads\/2016\/07\/IMG_1613-1024x768.jpg 1024w, https:\/\/www.monta\u00f1asdelaluna.es\/wp-content\/uploads\/2016\/07\/IMG_1613-300x225.jpg 300w, https:\/\/www.monta\u00f1asdelaluna.es\/wp-content\/uploads\/2016\/07\/IMG_1613.jpg 1824w\" sizes=\"auto, (max-width: 1024px) 100vw, 1024px\" \/><\/a><p id=\"caption-attachment-31516\" class=\"wp-caption-text\">Glaciar Blanc<\/p><\/div>\n<p><span style=\"color: #0000ff;\">\u00a0\u00a0\u00a0\u00a0\u00a0 Llevamos las peque\u00f1as mochilas y s\u00faper cargadas, de hecho a Luis se le rompe una cinta de la misma que Mario intenta \u201capa\u00f1ar\u201d al querer pon\u00e9rsela. El tiempo quiere empeorar, de hecho comienza a llover algo cuando estamos en mitad de la traves\u00eda del glaciar. Observamos sus grietas y cortes, incre\u00edble, y llegamos a un punto del glaciar donde \u00e9ste se allana en un enorme plateau\u00a0 de m\u00e1s de 1 kil\u00f3metro de ancho (nos parec\u00eda) y sin grietas, ni fisuras, solo el enorme blanco, el enorme valle helado, apacible, estable, sosegado\u2026 precioso.<\/span><\/p>\n<p><span style=\"color: #0000ff;\">\u00a0\u00a0\u00a0\u00a0\u00a0 En esta subida nos encontramos con menos gente: algunos van por el glaciar y otros que bajan del refugio nos preguntan, intentamos comunicarnos, solo mi mal ingl\u00e9s nos salva de estas conversaciones. 2 chicas con un gu\u00eda, una pareja\u2026 todos encordados. Nos tropezamos con unos espa\u00f1oles, dos hombres de mediana edad y un ni\u00f1o que nos dicen que hay unos seracs terribles e imposibles en el glaciar (suponemos que se refiere a la subida del mismo Barre Des \u00c9crins) y otra pareja de catalanes que hab\u00edan acampado en mitad del glaciar y que bajaban del D\u00f4me de Niege, diciendo que la rimaya a la Barre est\u00e1 muy abierta y nadie la ha cruzado (despu\u00e9s nos enteramos por el guarda del refugio que la monta\u00f1a estaba perfecta y que todo el mundo hab\u00eda subida al Barre, con huella y todo\u2026) Es cuando le digo a Mario que a veces las percepciones de la gente no tienen nada que ver con tus percepciones, con la realidad de a quien la habla. Por ello no hay que juzgar el terreno ni la actividad, hay que experimentarlo y actuar hasta los l\u00edmites que t\u00fa mismo te impongas.<\/span><\/p>\n<div id=\"attachment_31521\" style=\"width: 1034px\" class=\"wp-caption aligncenter\"><a class=\"dt-single-image\" href=\"https:\/\/www.monta\u00f1asdelaluna.es\/wp-content\/uploads\/2016\/07\/IMG_1618.jpg\" data-dt-img-description=\"\"><img loading=\"lazy\" decoding=\"async\" aria-describedby=\"caption-attachment-31521\" class=\"wp-image-31521 size-large\" src=\"https:\/\/www.monta\u00f1asdelaluna.es\/wp-content\/uploads\/2016\/07\/IMG_1618-1024x768.jpg\" alt=\"Glaciar Blanc\" width=\"1024\" height=\"768\" srcset=\"https:\/\/www.monta\u00f1asdelaluna.es\/wp-content\/uploads\/2016\/07\/IMG_1618-1024x768.jpg 1024w, https:\/\/www.monta\u00f1asdelaluna.es\/wp-content\/uploads\/2016\/07\/IMG_1618-300x225.jpg 300w, https:\/\/www.monta\u00f1asdelaluna.es\/wp-content\/uploads\/2016\/07\/IMG_1618.jpg 1824w\" sizes=\"auto, (max-width: 1024px) 100vw, 1024px\" \/><\/a><p id=\"caption-attachment-31521\" class=\"wp-caption-text\">Glaciar Blanc<\/p><\/div>\n<div id=\"attachment_31522\" style=\"width: 1034px\" class=\"wp-caption aligncenter\"><a class=\"dt-single-image\" href=\"https:\/\/www.monta\u00f1asdelaluna.es\/wp-content\/uploads\/2016\/07\/IMG_1619.jpg\" data-dt-img-description=\"\"><img loading=\"lazy\" decoding=\"async\" aria-describedby=\"caption-attachment-31522\" class=\"wp-image-31522 size-large\" src=\"https:\/\/www.monta\u00f1asdelaluna.es\/wp-content\/uploads\/2016\/07\/IMG_1619-1024x575.jpg\" alt=\"Mont Pelvoux\" width=\"1024\" height=\"575\" srcset=\"https:\/\/www.monta\u00f1asdelaluna.es\/wp-content\/uploads\/2016\/07\/IMG_1619-1024x575.jpg 1024w, https:\/\/www.monta\u00f1asdelaluna.es\/wp-content\/uploads\/2016\/07\/IMG_1619-300x168.jpg 300w, https:\/\/www.monta\u00f1asdelaluna.es\/wp-content\/uploads\/2016\/07\/IMG_1619.jpg 1824w\" sizes=\"auto, (max-width: 1024px) 100vw, 1024px\" \/><\/a><p id=\"caption-attachment-31522\" class=\"wp-caption-text\">Mont Pelvoux<\/p><\/div>\n<p><span style=\"color: #0000ff;\">\u00a0\u00a0\u00a0\u00a0\u00a0 A veces nos dejamos llevar por las respuestas a f\u00e1ciles preguntas que hacemos a los compa\u00f1eros monta\u00f1eros que visitan la monta\u00f1a o que bajan de la cual nosotros queremos subir. Hay que identificar aquello que puede ser una falsa gu\u00eda de la que nos puede ayudar, y siempre seguir el instinto y perspicacia monta\u00f1era que un buen explorador de las alturas debe tener (seg\u00fan su nivel, que otra de las cosas que debe conocer el buen monta\u00f1ero). Dichas respuestas dejan mella en las mentes ya de por s\u00ed indecisas, nada claras, y los \u00e1nimos y ganas de seguir se ocultan bajo una velo de incertidumbre\u2026 \u00a1No! Hay que sacar lo que necesitas saber y emplearlo a conveniencia para el \u00e9xito de tu empresa, no para el fracaso antes de comenzar. Opiniones puede haber tantas como personas y cada persona, monta\u00f1ero, es un mundo.<\/span><\/p>\n<p>Mario cree ver la parte de atr\u00e1s del Barre Des \u00c9crins, pero es la Pointe du Serre Soubeyran, y detr\u00e1s de \u00e9ste las estribaciones del Pointe de La Grande Sagne, monta\u00f1as que quedan al sur del Glaciar Blanc, al sur del Refugio Des \u00c9crins pero que no tienen nada que ver con la base y toda la monta\u00f1a del Barre. \u00c9sta quedar\u00eda tapada por las nubes al fondo y terminaci\u00f3n del ondulado valle cubierto por el estupendo Glaciar Blanc, all\u00e1 a lo lejos. Est\u00e1s monta\u00f1as que aparec\u00edan al otro lado del glaciar (mientras camin\u00e1bamos a cierta distancia del refugio a\u00fan) es el seguimiento de la supuesta cresta del Barre hac\u00eda el noreste, pero sin pertenecer al grueso de la monta\u00f1a, independientes. Por ello les dec\u00eda que lo que ve\u00edan no era el Barre ni la parte de atr\u00e1s del Barre. El Barre apareci\u00f3 media hora antes de llegar a la base de la subida al Refugio Des \u00c9crins en el mismo glaciar, al fondo\u2026 sus reconocibles cascadas de glaciares as\u00ed lo confirman\u2026 \u00a1inconfundible, majestuosa monta\u00f1a! A pesar de seguir tapada hasta el mi\u00e9rcoles a nuestra vista.<\/p>\n<div id=\"attachment_31523\" style=\"width: 1034px\" class=\"wp-caption aligncenter\"><a class=\"dt-single-image\" href=\"https:\/\/www.monta\u00f1asdelaluna.es\/wp-content\/uploads\/2016\/07\/IMG_1621.jpg\" data-dt-img-description=\"\"><img loading=\"lazy\" decoding=\"async\" aria-describedby=\"caption-attachment-31523\" class=\"wp-image-31523 size-large\" src=\"https:\/\/www.monta\u00f1asdelaluna.es\/wp-content\/uploads\/2016\/07\/IMG_1621-1024x768.jpg\" alt=\"Sobre el Glaciar Blanc camino del Refugio des \u00c9crins\" width=\"1024\" height=\"768\" srcset=\"https:\/\/www.monta\u00f1asdelaluna.es\/wp-content\/uploads\/2016\/07\/IMG_1621-1024x768.jpg 1024w, https:\/\/www.monta\u00f1asdelaluna.es\/wp-content\/uploads\/2016\/07\/IMG_1621-300x225.jpg 300w, https:\/\/www.monta\u00f1asdelaluna.es\/wp-content\/uploads\/2016\/07\/IMG_1621.jpg 1824w\" sizes=\"auto, (max-width: 1024px) 100vw, 1024px\" \/><\/a><p id=\"caption-attachment-31523\" class=\"wp-caption-text\">Sobre el Glaciar Blanc camino del Refugio des \u00c9crins<\/p><\/div>\n<div id=\"attachment_31526\" style=\"width: 1034px\" class=\"wp-caption aligncenter\"><a class=\"dt-single-image\" href=\"https:\/\/www.monta\u00f1asdelaluna.es\/wp-content\/uploads\/2016\/07\/IMG_1624.jpg\" data-dt-img-description=\"\"><img loading=\"lazy\" decoding=\"async\" aria-describedby=\"caption-attachment-31526\" class=\"wp-image-31526 size-large\" src=\"https:\/\/www.monta\u00f1asdelaluna.es\/wp-content\/uploads\/2016\/07\/IMG_1624-1024x768.jpg\" alt=\"Grietas del glaciar, al fondo va quedando el Mont Pelvoux\" width=\"1024\" height=\"768\" srcset=\"https:\/\/www.monta\u00f1asdelaluna.es\/wp-content\/uploads\/2016\/07\/IMG_1624-1024x768.jpg 1024w, https:\/\/www.monta\u00f1asdelaluna.es\/wp-content\/uploads\/2016\/07\/IMG_1624-300x225.jpg 300w, https:\/\/www.monta\u00f1asdelaluna.es\/wp-content\/uploads\/2016\/07\/IMG_1624.jpg 1824w\" sizes=\"auto, (max-width: 1024px) 100vw, 1024px\" \/><\/a><p id=\"caption-attachment-31526\" class=\"wp-caption-text\">Grietas del glaciar, al fondo va quedando el Mont Pelvoux<\/p><\/div>\n<p><span style=\"color: #0000ff;\">La parte final del recorrido por el glaciar es casi llana, horizontal. Pero vemos que el refugio est\u00e1 arriba del mismo encaramado en un risco, una roca que sobresale. Justo cuando estamos bajo \u00e9l y m\u00e1s cansados, otro vertical zigzag nos subir\u00e1 hasta \u00e9l. Creo que unos 150 metros de desnivel entre el glaciar y el refugio.<\/span><\/p>\n<p><span style=\"color: #0000ff;\">\u00a0\u00a0\u00a0\u00a0\u00a0 Y ya despu\u00e9s de que el cansancio nos lleve a la extenuaci\u00f3n llegamos al Refugio Des \u00c9crins a eso de las 5 de la tarde. Cansados y machacados. Ya estamos en los 3.175 mts. del mismo.<\/span><\/p>\n<p><span style=\"color: #0000ff;\">\u00a0\u00a0\u00a0\u00a0\u00a0 El refugio es parecido al de abajo, al del Glaciar Blanc, tiene un semblante parecido. Tambi\u00e9n encaramado a la roca y de piedra gris oscura que casi no se distingue del terreno. Entramos y nos desequipamos. Preguntamos en recepci\u00f3n y tienen nuestra reserva preparada. Nos dan la habitaci\u00f3n B y la cena es a las 18,30 horas.<\/span><\/p>\n<p>Creo que me tendr\u00eda que haber preocupado entonces o hacia caso omiso a lo que cre\u00eda sentir: un cansancio fuera de lo normal. Pero el saber despu\u00e9s que estar\u00edamos el d\u00eda del martes descansando por mal tiempo en el refugio sin movernos, creo que me alent\u00f3 a no descubrirme lo cansado que hab\u00eda sido para m\u00ed esta \u00faltima parte de la subida\u2026 \u00bfSer\u00e1 una se\u00f1al de que no estoy preparado lo suficiente? \u00bfPodr\u00e9 subir al Barre? Y su pared y cresta \u00bflos podr\u00e9 superar?&#8230; era mejor no hacerme ese tipo de preguntas e intentar descansar lo m\u00e1ximo para sentarme mejor el d\u00eda del ataque; pero\u2026 \u00bfCu\u00e1nto tiempo tendr\u00e9 que estar descansado para sentirme con las fuerzas suficientes y decididas?<\/p>\n<div id=\"attachment_31531\" style=\"width: 1034px\" class=\"wp-caption aligncenter\"><a class=\"dt-single-image\" href=\"https:\/\/www.monta\u00f1asdelaluna.es\/wp-content\/uploads\/2016\/07\/IMG_1630.jpg\" data-dt-img-description=\"\"><img loading=\"lazy\" decoding=\"async\" aria-describedby=\"caption-attachment-31531\" class=\"wp-image-31531 size-large\" src=\"https:\/\/www.monta\u00f1asdelaluna.es\/wp-content\/uploads\/2016\/07\/IMG_1630-1024x575.jpg\" alt=\"A la derecha casi invisible el Refugio des \u00c9crins y al fondo el Barre des \u00c9crins cubierto\" width=\"1024\" height=\"575\" srcset=\"https:\/\/www.monta\u00f1asdelaluna.es\/wp-content\/uploads\/2016\/07\/IMG_1630-1024x575.jpg 1024w, https:\/\/www.monta\u00f1asdelaluna.es\/wp-content\/uploads\/2016\/07\/IMG_1630-300x168.jpg 300w, https:\/\/www.monta\u00f1asdelaluna.es\/wp-content\/uploads\/2016\/07\/IMG_1630.jpg 1824w\" sizes=\"auto, (max-width: 1024px) 100vw, 1024px\" \/><\/a><p id=\"caption-attachment-31531\" class=\"wp-caption-text\">A la derecha casi invisible el Refugio des \u00c9crins y al fondo el Barre des \u00c9crins cubierto<\/p><\/div>\n<div id=\"attachment_31533\" style=\"width: 1034px\" class=\"wp-caption aligncenter\"><a class=\"dt-single-image\" href=\"https:\/\/www.monta\u00f1asdelaluna.es\/wp-content\/uploads\/2016\/07\/IMG_1633.jpg\" data-dt-img-description=\"\"><img loading=\"lazy\" decoding=\"async\" aria-describedby=\"caption-attachment-31533\" class=\"wp-image-31533 size-large\" src=\"https:\/\/www.monta\u00f1asdelaluna.es\/wp-content\/uploads\/2016\/07\/IMG_1633-1024x575.jpg\" alt=\"Glaciar Blanc y al fondo el Barre des \u00c9crins cubierto\" width=\"1024\" height=\"575\" srcset=\"https:\/\/www.monta\u00f1asdelaluna.es\/wp-content\/uploads\/2016\/07\/IMG_1633-1024x575.jpg 1024w, https:\/\/www.monta\u00f1asdelaluna.es\/wp-content\/uploads\/2016\/07\/IMG_1633-300x168.jpg 300w, https:\/\/www.monta\u00f1asdelaluna.es\/wp-content\/uploads\/2016\/07\/IMG_1633.jpg 1824w\" sizes=\"auto, (max-width: 1024px) 100vw, 1024px\" \/><\/a><p id=\"caption-attachment-31533\" class=\"wp-caption-text\">Glaciar Blanc y al fondo el Barre des \u00c9crins cubierto<\/p><\/div>\n<p><span style=\"color: #0000ff;\">La habitaci\u00f3n es amplia pero casi no se pueden dejar mochilas ni cosas. Eso s\u00ed, con edredones de plumas en lugar de mantas y su almohadita. En la mesa de la cena se juntan un grupo de australianos con un gu\u00eda contratado que habla entre el franc\u00e9s y el ingl\u00e9s. Intentamos conversaciones con ellos.<\/span><\/p>\n<div id=\"attachment_31535\" style=\"width: 1034px\" class=\"wp-caption aligncenter\"><a class=\"dt-single-image\" href=\"https:\/\/www.monta\u00f1asdelaluna.es\/wp-content\/uploads\/2016\/07\/IMG_1635.jpg\" data-dt-img-description=\"\"><img loading=\"lazy\" decoding=\"async\" aria-describedby=\"caption-attachment-31535\" class=\"wp-image-31535 size-large\" src=\"https:\/\/www.monta\u00f1asdelaluna.es\/wp-content\/uploads\/2016\/07\/IMG_1635-1024x768.jpg\" alt=\"Luis en el Refugio des \u00c9crins, al fondo el Barre des \u00c9crins casi despej\u00e1ndose\" width=\"1024\" height=\"768\" srcset=\"https:\/\/www.monta\u00f1asdelaluna.es\/wp-content\/uploads\/2016\/07\/IMG_1635-1024x768.jpg 1024w, https:\/\/www.monta\u00f1asdelaluna.es\/wp-content\/uploads\/2016\/07\/IMG_1635-300x225.jpg 300w, https:\/\/www.monta\u00f1asdelaluna.es\/wp-content\/uploads\/2016\/07\/IMG_1635.jpg 1824w\" sizes=\"auto, (max-width: 1024px) 100vw, 1024px\" \/><\/a><p id=\"caption-attachment-31535\" class=\"wp-caption-text\">Luis en el Refugio des \u00c9crins, al fondo el Barre des \u00c9crins casi despej\u00e1ndose<\/p><\/div>\n<p><span style=\"color: #0000ff;\">\u00a0\u00a0\u00a0\u00a0\u00a0 A las 9 de la noche ya se cierra y apaga todo. Nos vamos a dormir a la calurosa habitaci\u00f3n. Mucho calor pasamos en la noche. El tiempo sigue malo. Ma\u00f1ana nos dicen que peor. Aprovecharemos para descansar y hacer pr\u00e1cticas (si nos deja). No hemos visto el pico entero pero si la cascada gigantesca de hielo que baja de sus cimas como dos pilares tumbados que forman un arco enorme, majestuosos y amenazantes. Tendremos que pasar por uno de ellos para subir. \u00c9stos son los que alimentan el extenso y pl\u00e1cido Glaciar Blanc, a pesar de las nubes y la falta de visibilidad en los picos las vistas y paisajes son alucinantes, muy alpinas de hielo, roca y crestas, picos cortantes. Estamos en una parte central de un valle cuyo fondo y media altura lo ocupa el tranquilo y extenso Glaciar Blanc, a sus lados sendas paredes de picos picudos lo cierran, y al fondo las vertientes heladas antes mencionadas del Barre Des \u00c9crins. Impresionante.<\/span><\/p>\n<div id=\"attachment_31669\" style=\"width: 2054px\" class=\"wp-caption aligncenter\"><a class=\"dt-single-image\" href=\"https:\/\/www.monta\u00f1asdelaluna.es\/wp-content\/uploads\/2016\/07\/mapaEcrins3.croquis.Web_.jpg\" data-dt-img-description=\"\"><img loading=\"lazy\" decoding=\"async\" aria-describedby=\"caption-attachment-31669\" class=\"wp-image-31669 size-full\" src=\"https:\/\/www.monta\u00f1asdelaluna.es\/wp-content\/uploads\/2016\/07\/mapaEcrins3.croquis.Web_.jpg\" alt=\"Croquis de la subida al Refugio Des \u00c9crins\" width=\"2044\" height=\"1541\" srcset=\"https:\/\/www.monta\u00f1asdelaluna.es\/wp-content\/uploads\/2016\/07\/mapaEcrins3.croquis.Web_.jpg 2044w, https:\/\/www.monta\u00f1asdelaluna.es\/wp-content\/uploads\/2016\/07\/mapaEcrins3.croquis.Web_-300x226.jpg 300w, https:\/\/www.monta\u00f1asdelaluna.es\/wp-content\/uploads\/2016\/07\/mapaEcrins3.croquis.Web_-1024x772.jpg 1024w\" sizes=\"auto, (max-width: 2044px) 100vw, 2044px\" \/><\/a><p id=\"caption-attachment-31669\" class=\"wp-caption-text\">Croquis de la subida al Refugio Des \u00c9crins<\/p><\/div>\n<p>[vc_separator][vc_empty_space][\/vc_column_text][\/vc_column][\/vc_row][vc_row][vc_column][vc_cta h2=\u00bb\u00c1lbum de fotos\u00bb txt_align=\u00bbcenter\u00bb add_button=\u00bbbottom\u00bb btn_title=\u00bbVer fotos\u00bb btn_color=\u00bbwarning\u00bb btn_align=\u00bbcenter\u00bb btn_link=\u00bburl:https%3A%2F%2Fmonta%C3%B1asdelaluna.es%2F%3Fdt_gallery%3Decrins-ailefroide-y-subida-al-refugio-des-ecrins-2|title:Ailefroide%20y%20subida%20al%20Refugio%20des%20%C3%89crins|target:_blank\u00bb css=\u00bb.vc_custom_1625665380743{background-color: #8bc4ed !important;}\u00bb]Puedes ver las fotos de los d\u00edas 10, 11 y 12 del relato y actividad en forma de presentaci\u00f3n o individuales pinchando aqui \u00a1No te las pierdas![\/vc_cta][\/vc_column][\/vc_row][vc_row][vc_column][vc_empty_space height=\u00bb60px\u00bb][\/vc_column][\/vc_row][vc_row][vc_column width=\u00bb1\/6&#8243;][\/vc_column][vc_column width=\u00bb1\/3&#8243;][vc_raw_html]JTNDaWZyYW1lJTIwc3JjJTNEJTIyaHR0cHMlM0ElMkYlMkZ3d3cubWV0ZW9ibHVlLmNvbSUyRmVzJTJGdGllbXBvJTJGd2lkZ2V0JTJGZGFpbHklMkZhaWxlZnJvaWRlX2ZyYW5jaWFfMzAzODQ1NiUzRmdlb2xvYyUzRGZpeGVkJTI2ZGF5cyUzRDclMjZ0ZW1wdW5pdCUzRENFTFNJVVMlMjZ3aW5kdW5pdCUzREtJTE9NRVRFUl9QRVJfSE9VUiUyNmNvbG91cmVkJTNEY29sb3VyZWQlMjZwaWN0b2ljb24lM0QxJTI2bWF4dGVtcGVyYXR1cmUlM0QxJTI2bWludGVtcGVyYXR1cmUlM0QxJTI2d2luZHNwZWVkJTNEMSUyNndpbmRndXN0JTNEMSUyNndpbmRkaXJlY3Rpb24lM0QxJTI2cHJlY2lwaXRhdGlvbiUzRDElMjZwcmVjaXBpdGF0aW9ucHJvYmFiaWxpdHklM0QxJTI2c3BvdCUzRDElMjZwcmVzc3VyZSUzRDElMjZsYXlvdXQlM0RsaWdodCUyMiUyMCUyMGZyYW1lYm9yZGVyJTNEJTIyMCUyMiUyMHNjcm9sbGluZyUzRCUyMk5PJTIyJTIwYWxsb3d0cmFuc3BhcmVuY3klM0QlMjJ0cnVlJTIyJTIwc2FuZGJveCUzRCUyMmFsbG93LXNhbWUtb3JpZ2luJTIwYWxsb3ctc2NyaXB0cyUyMGFsbG93LXBvcHVwcyUyMiUyMHN0eWxlJTNEJTIyd2lkdGglM0ElMjAzNzhweCUzQmhlaWdodCUzQSUyMDQxMXB4JTIyJTNFJTNDJTJGaWZyYW1lJTNFJTNDZGl2JTNFJTNDJTIxLS0lMjBETyUyME5PVCUyMFJFTU9WRSUyMFRISVMlMjBMSU5LJTIwLS0lM0UlM0NhJTIwaHJlZiUzRCUyMmh0dHBzJTNBJTJGJTJGd3d3Lm1ldGVvYmx1ZS5jb20lMkZlcyUyRnRpZW1wbyUyRnByb25vc3RpY28lMkZzZW1hbmElMkZhaWxlZnJvaWRlX2ZyYW5jaWFfMzAzODQ1NiUzRnV0bV9zb3VyY2UlM0R3ZWF0aGVyX3dpZGdldCUyNnV0bV9tZWRpdW0lM0RsaW5rdXMlMjZ1dG1fY29udGVudCUzRGRhaWx5JTI2dXRtX2NhbXBhaWduJTNEV2VhdGhlciUyNTJCV2lkZ2V0JTIyJTIwdGFyZ2V0JTNEJTIyX2JsYW5rJTIyJTNFbWV0ZW9ibHVlJTNDJTJGYSUzRSUzQyUyRmRpdiUzRQ==[\/vc_raw_html][\/vc_column][vc_column width=\u00bb1\/3&#8243;][vc_raw_html]JTNDaWZyYW1lJTIwc3JjJTNEJTIyaHR0cHMlM0ElMkYlMkZ3d3cubWV0ZW9ibHVlLmNvbSUyRmVzJTJGdGllbXBvJTJGd2lkZ2V0JTJGZGFpbHklMkZsZXMtJTI1YzMlMjU4OWNyaW5zX2ZyYW5jaWFfMzAwMTE4MiUzRmdlb2xvYyUzRGZpeGVkJTI2ZGF5cyUzRDclMjZ0ZW1wdW5pdCUzRENFTFNJVVMlMjZ3aW5kdW5pdCUzREtJTE9NRVRFUl9QRVJfSE9VUiUyNmNvbG91cmVkJTNEY29sb3VyZWQlMjZwaWN0b2ljb24lM0QxJTI2bWF4dGVtcGVyYXR1cmUlM0QxJTI2bWludGVtcGVyYXR1cmUlM0QxJTI2d2luZHNwZWVkJTNEMSUyNndpbmRndXN0JTNEMSUyNndpbmRkaXJlY3Rpb24lM0QxJTI2cHJlY2lwaXRhdGlvbiUzRDElMjZwcmVjaXBpdGF0aW9ucHJvYmFiaWxpdHklM0QxJTI2c3BvdCUzRDElMjZwcmVzc3VyZSUzRDElMjZsYXlvdXQlM0RsaWdodCUyMiUyMCUyMGZyYW1lYm9yZGVyJTNEJTIyMCUyMiUyMHNjcm9sbGluZyUzRCUyMk5PJTIyJTIwYWxsb3d0cmFuc3BhcmVuY3klM0QlMjJ0cnVlJTIyJTIwc2FuZGJveCUzRCUyMmFsbG93LXNhbWUtb3JpZ2luJTIwYWxsb3ctc2NyaXB0cyUyMGFsbG93LXBvcHVwcyUyMiUyMHN0eWxlJTNEJTIyd2lkdGglM0ElMjAzNzhweCUzQmhlaWdodCUzQSUyMDQxMXB4JTIyJTNFJTNDJTJGaWZyYW1lJTNFJTNDZGl2JTNFJTNDJTIxLS0lMjBETyUyME5PVCUyMFJFTU9WRSUyMFRISVMlMjBMSU5LJTIwLS0lM0UlM0NhJTIwaHJlZiUzRCUyMmh0dHBzJTNBJTJGJTJGd3d3Lm1ldGVvYmx1ZS5jb20lMkZlcyUyRnRpZW1wbyUyRnByb25vc3RpY28lMkZzZW1hbmElMkZsZXMtJTI1YzMlMjU4OWNyaW5zX2ZyYW5jaWFfMzAwMTE4MiUzRnV0bV9zb3VyY2UlM0R3ZWF0aGVyX3dpZGdldCUyNnV0bV9tZWRpdW0lM0RsaW5rdXMlMjZ1dG1fY29udGVudCUzRGRhaWx5JTI2dXRtX2NhbXBhaWduJTNEV2VhdGhlciUyNTJCV2lkZ2V0JTIyJTIwdGFyZ2V0JTNEJTIyX2JsYW5rJTIyJTNFbWV0ZW9ibHVlJTNDJTJGYSUzRSUzQyUyRmRpdiUzRQ==[\/vc_raw_html][\/vc_column][vc_column width=\u00bb1\/6&#8243;][\/vc_column][\/vc_row]<\/p>\n","protected":false},"excerpt":{"rendered":"<p>[vc_row][vc_column][vc_column_text]De nuevo ten\u00eda que ir a los Alpes. Ya hab\u00edan pasado 4 a\u00f1os desde la visita al Gran Paradiso en el Valle de Aosta en los Alpes italianos y este a\u00f1o ya decid\u00ed de una manera u otra ir a Alpes y visitar, ascender alguno de sus magn\u00edficos picos de m\u00e1s de cuatro mil metros.&hellip;<\/p>\n","protected":false},"author":1,"featured_media":31522,"comment_status":"open","ping_status":"open","sticky":false,"template":"","format":"standard","meta":[],"categories":[93],"tags":[],"class_list":["post-31642","post","type-post","status-publish","format-standard","has-post-thumbnail","hentry","category-ecrins","category-93","description-off"],"_links":{"self":[{"href":"https:\/\/www.monta\u00f1asdelaluna.es\/index.php?rest_route=\/wp\/v2\/posts\/31642","targetHints":{"allow":["GET"]}}],"collection":[{"href":"https:\/\/www.monta\u00f1asdelaluna.es\/index.php?rest_route=\/wp\/v2\/posts"}],"about":[{"href":"https:\/\/www.monta\u00f1asdelaluna.es\/index.php?rest_route=\/wp\/v2\/types\/post"}],"author":[{"embeddable":true,"href":"https:\/\/www.monta\u00f1asdelaluna.es\/index.php?rest_route=\/wp\/v2\/users\/1"}],"replies":[{"embeddable":true,"href":"https:\/\/www.monta\u00f1asdelaluna.es\/index.php?rest_route=%2Fwp%2Fv2%2Fcomments&post=31642"}],"version-history":[{"count":17,"href":"https:\/\/www.monta\u00f1asdelaluna.es\/index.php?rest_route=\/wp\/v2\/posts\/31642\/revisions"}],"predecessor-version":[{"id":49904,"href":"https:\/\/www.monta\u00f1asdelaluna.es\/index.php?rest_route=\/wp\/v2\/posts\/31642\/revisions\/49904"}],"wp:featuredmedia":[{"embeddable":true,"href":"https:\/\/www.monta\u00f1asdelaluna.es\/index.php?rest_route=\/wp\/v2\/media\/31522"}],"wp:attachment":[{"href":"https:\/\/www.monta\u00f1asdelaluna.es\/index.php?rest_route=%2Fwp%2Fv2%2Fmedia&parent=31642"}],"wp:term":[{"taxonomy":"category","embeddable":true,"href":"https:\/\/www.monta\u00f1asdelaluna.es\/index.php?rest_route=%2Fwp%2Fv2%2Fcategories&post=31642"},{"taxonomy":"post_tag","embeddable":true,"href":"https:\/\/www.monta\u00f1asdelaluna.es\/index.php?rest_route=%2Fwp%2Fv2%2Ftags&post=31642"}],"curies":[{"name":"wp","href":"https:\/\/api.w.org\/{rel}","templated":true}]}}