{"id":32377,"date":"2014-05-31T18:01:12","date_gmt":"2014-05-31T18:01:12","guid":{"rendered":"http:\/\/monta\u00f1asdelaluna.com\/?p=32377"},"modified":"2021-08-01T10:30:32","modified_gmt":"2021-08-01T10:30:32","slug":"el-hombro-de-la-punta-sabre","status":"publish","type":"post","link":"https:\/\/www.monta\u00f1asdelaluna.es\/?p=32377","title":{"rendered":"El Hombro de la Punta Sabre"},"content":{"rendered":"<p>[vc_row][vc_column][vc_column_text]Era la segunda vez que me acercaba al macizo del Bachimala. La \u00faltima vez fue en el puente de diciembre del a\u00f1o 2.006. Una intentona fallida por lo largo del recorrido, por la indisposici\u00f3n de Trino y por un tiempo no demasiado bueno. El caso es que quer\u00eda volver pero esta vez lo intentar\u00eda a finales de mayo y quer\u00eda hacerlo un poco m\u00e1s interesante: subiendo por la vertiente sur de la Punta Sabre, hacer su cresta hasta el Gran Bachimala y volver por la ruta normal; todo desde el bajo y encantador Refugio de Viad\u00f3s.<\/p>\n<p>El fin de semana elegido fue el pasado 31 de mayo, al 1 de junio. Elegido pensando que la nieve estar\u00eda m\u00e1s arriba, transformada y accesible. Por que si estuviera blanda y en condiciones peores, por lo largo del recorrido, se nos har\u00eda muy tarde. Desgraciadamente el tiempo no nos iba a acompa\u00f1ar, pero tampoco iba a ser excesivamente malo como para no poder realizar esta actividad.<\/p>\n<p>Alberto, Susanna, Lea y yo \u00e9ramos el equipo que \u00edbamos a intentar la proeza. La idea era salir tranquilamente el s\u00e1bado por la ma\u00f1ana, llegar a Viad\u00f3s subiendo con el coche lo m\u00e1s alto posible y lo m\u00e1s cerca al refugio posible (ya que todo el esfuerzo tendr\u00eda que hacerse en la subida a la monta\u00f1a y cresta, y no perder fuerza en la aproximaci\u00f3n al refugio). Pero al Ford C-Max le cuesta subir por ese camino que desde San Juan de Plan sale por el fondo del extraordinario Valle de Gista\u00edn o Chistau, hac\u00eda el Puerto de Chistau que comunica este valle con el de Est\u00f3s. De 20 a 30 minutos se tarda en hacer los 12 o 13 Km. que separa la localidad del lugar donde se ubica el refugio. Un camino a veces no apto para los turismos, hace que se recaliente el embrague del pobre Ford. El olor no se ir\u00e1 en semanas.<\/p>\n<div id=\"attachment_32241\" style=\"width: 1034px\" class=\"wp-caption aligncenter\"><a class=\"dt-single-image\" href=\"https:\/\/www.monta\u00f1asdelaluna.es\/wp-content\/uploads\/2016\/08\/Bachimala-008.jpg\" data-dt-img-description=\"\"><img loading=\"lazy\" decoding=\"async\" aria-describedby=\"caption-attachment-32241\" class=\"wp-image-32241 size-large\" src=\"https:\/\/www.monta\u00f1asdelaluna.es\/wp-content\/uploads\/2016\/08\/Bachimala-008-1024x768.jpg\" alt=\"Lea, Susanna y Alberto en el Refugio de Viad\u00f3s\" width=\"1024\" height=\"768\" srcset=\"https:\/\/www.monta\u00f1asdelaluna.es\/wp-content\/uploads\/2016\/08\/Bachimala-008-1024x768.jpg 1024w, https:\/\/www.monta\u00f1asdelaluna.es\/wp-content\/uploads\/2016\/08\/Bachimala-008-300x225.jpg 300w, https:\/\/www.monta\u00f1asdelaluna.es\/wp-content\/uploads\/2016\/08\/Bachimala-008.jpg 1830w\" sizes=\"auto, (max-width: 1024px) 100vw, 1024px\" \/><\/a><p id=\"caption-attachment-32241\" class=\"wp-caption-text\">Lea, Susanna y Alberto en el Refugio de Viad\u00f3s<\/p><\/div>\n<div id=\"attachment_32246\" style=\"width: 1840px\" class=\"wp-caption aligncenter\"><a class=\"dt-single-image\" href=\"https:\/\/www.monta\u00f1asdelaluna.es\/wp-content\/uploads\/2016\/08\/Bachimala-017.jpg\" data-dt-img-description=\"\"><img loading=\"lazy\" decoding=\"async\" aria-describedby=\"caption-attachment-32246\" class=\"wp-image-32246 size-full\" src=\"https:\/\/www.monta\u00f1asdelaluna.es\/wp-content\/uploads\/2016\/08\/Bachimala-017.jpg\" alt=\"Granjas de Viad\u00f3s y el macizo del Posets\" width=\"1830\" height=\"1030\" srcset=\"https:\/\/www.monta\u00f1asdelaluna.es\/wp-content\/uploads\/2016\/08\/Bachimala-017.jpg 1830w, https:\/\/www.monta\u00f1asdelaluna.es\/wp-content\/uploads\/2016\/08\/Bachimala-017-300x169.jpg 300w, https:\/\/www.monta\u00f1asdelaluna.es\/wp-content\/uploads\/2016\/08\/Bachimala-017-1024x576.jpg 1024w\" sizes=\"auto, (max-width: 1830px) 100vw, 1830px\" \/><\/a><p id=\"caption-attachment-32246\" class=\"wp-caption-text\">Granjas de Viad\u00f3s y el macizo del Posets<\/p><\/div>\n<p>Y es aqu\u00ed donde dejamos el coche, justo a 5 minutos del refugio, y donde descubrimos la maravilla y majestuosidad del murall\u00f3n del macizo del Posets: desde aqu\u00ed abajo hasta la cima del Posets hay un desnivel de m\u00e1s de 1.600 mts. y la espectacularidad de la verticalidad de todas las vertientes y perfiles del macizo es excepcional, impresionante, incre\u00edble y soberbio. Es cara norte, nevada, imponente y medio nublada. Las nubes nos dejan ver unas veces si y otras no, la cima del Postes, la cima de Las Espadas, La Tuca de Llardaneta\u2026 y nos quedamos expectantes ante tal imagen, tal espect\u00e1culo. Fotos y comentarios de asombro, de admiraci\u00f3n, de embelesamiento\u2026 siempre me ha encantado las vistas desde Viad\u00f3s. Hermosas e impresionantes.<\/p>\n<p>Subimos los cuatro pasos que nos separan el coche del refugio. Una vetusta y casi encantadora construcci\u00f3n puerta y antesala de las Granjas de Viad\u00f3s, el resto de construcciones y casitas que siguen desde aqu\u00ed en direcci\u00f3n al Puerto de Chistau. Bosques, prados, agrestes perfiles\u2026 una combinaci\u00f3n e imagen alpina, bella e hipnotizante. Me encantan.<\/p>\n<div id=\"attachment_32250\" style=\"width: 1034px\" class=\"wp-caption aligncenter\"><a class=\"dt-single-image\" href=\"https:\/\/www.monta\u00f1asdelaluna.es\/wp-content\/uploads\/2016\/08\/Bachimala-028.jpg\" data-dt-img-description=\"\"><img loading=\"lazy\" decoding=\"async\" aria-describedby=\"caption-attachment-32250\" class=\"wp-image-32250 size-large\" src=\"https:\/\/www.monta\u00f1asdelaluna.es\/wp-content\/uploads\/2016\/08\/Bachimala-028-1024x768.jpg\" alt=\"Refugio de Viad\u00f3s\" width=\"1024\" height=\"768\" srcset=\"https:\/\/www.monta\u00f1asdelaluna.es\/wp-content\/uploads\/2016\/08\/Bachimala-028-1024x768.jpg 1024w, https:\/\/www.monta\u00f1asdelaluna.es\/wp-content\/uploads\/2016\/08\/Bachimala-028-300x225.jpg 300w, https:\/\/www.monta\u00f1asdelaluna.es\/wp-content\/uploads\/2016\/08\/Bachimala-028.jpg 1830w\" sizes=\"auto, (max-width: 1024px) 100vw, 1024px\" \/><\/a><p id=\"caption-attachment-32250\" class=\"wp-caption-text\">Refugio de Viad\u00f3s<\/p><\/div>\n<div id=\"attachment_32253\" style=\"width: 1034px\" class=\"wp-caption aligncenter\"><a class=\"dt-single-image\" href=\"https:\/\/www.monta\u00f1asdelaluna.es\/wp-content\/uploads\/2016\/08\/Bachimala-034.jpg\" data-dt-img-description=\"\"><img loading=\"lazy\" decoding=\"async\" aria-describedby=\"caption-attachment-32253\" class=\"wp-image-32253 size-large\" src=\"https:\/\/www.monta\u00f1asdelaluna.es\/wp-content\/uploads\/2016\/08\/Bachimala-034-1024x768.jpg\" alt=\"Senda hacia el Bachimala\" width=\"1024\" height=\"768\" srcset=\"https:\/\/www.monta\u00f1asdelaluna.es\/wp-content\/uploads\/2016\/08\/Bachimala-034-1024x768.jpg 1024w, https:\/\/www.monta\u00f1asdelaluna.es\/wp-content\/uploads\/2016\/08\/Bachimala-034-300x225.jpg 300w, https:\/\/www.monta\u00f1asdelaluna.es\/wp-content\/uploads\/2016\/08\/Bachimala-034.jpg 1830w\" sizes=\"auto, (max-width: 1024px) 100vw, 1024px\" \/><\/a><p id=\"caption-attachment-32253\" class=\"wp-caption-text\">Senda hacia el Bachimala<\/p><\/div>\n<p>Comemos en las puertas del refugio. Nos hospedaremos en la parte de atr\u00e1s del mismo donde hay otra casita con habitaciones. Tenemos una habitaci\u00f3n para nosotros solos. Perfecto. Curioseo el refugio de invierno, y me dejo llevar por los recuerdos de aquella vez que pas\u00e9 varias noches aqu\u00ed con mis compa\u00f1eros del Centro Excursionista Almorad\u00ed (<a href=\"https:\/\/www.monta\u00f1asdelaluna.es\/?p=28373\" target=\"_blank\" rel=\"noopener\">Posets. Un gigante desconocido<\/a>)\u2026 \u00a1Nunca olvidar\u00e9 aquella noche que no pude dormir por culpa de los ronquidos! Y nunca olvidar\u00e9 la extraordinaria cima y subida del Posets aquel invierno. Fant\u00e1stico.<\/p>\n<p>Despu\u00e9s de comer decidimos hacer una marcha de reconocimiento del recorrido que deberemos hacer ma\u00f1ana. As\u00ed abro mi memoria y recuerdo los puntos de aquel intento y subida del a\u00f1o 2.006, aunque esta vez no ser\u00e1 el recorrido id\u00e9ntico, s\u00ed seguiremos el mismo comienzo. Eso si, recuerdo que la senda comenzaba justo por detr\u00e1s del refugio meti\u00e9ndose en un bosquecillo. Un cartel indicador as\u00ed nos lo dice.<\/p>\n<p>Nos encontramos otros grupos que bajan. No s\u00e9 si han intentado la cima del Gran Bachimala y si la han conseguido, pero de all\u00e1 vienen\u2026 Las vistas en la subida son impresionantes, en la empinada subida, sobre todo algo m\u00e1s arriba que se despeja el bosque. Me quedo embelesado con el paisaje: verde, exuberante, blanco inmaculado con sus neveros, y gris rocoso y altivo. Sigue siendo impresionante y hermoso.<\/p>\n<div id=\"attachment_32260\" style=\"width: 1034px\" class=\"wp-caption aligncenter\"><a class=\"dt-single-image\" href=\"https:\/\/www.monta\u00f1asdelaluna.es\/wp-content\/uploads\/2016\/08\/Bachimala-045.jpg\" data-dt-img-description=\"\"><img loading=\"lazy\" decoding=\"async\" aria-describedby=\"caption-attachment-32260\" class=\"wp-image-32260 size-large\" src=\"https:\/\/www.monta\u00f1asdelaluna.es\/wp-content\/uploads\/2016\/08\/Bachimala-045-1024x768.jpg\" alt=\"Lea en la Caba\u00f1a de Sarrau\" width=\"1024\" height=\"768\" srcset=\"https:\/\/www.monta\u00f1asdelaluna.es\/wp-content\/uploads\/2016\/08\/Bachimala-045-1024x768.jpg 1024w, https:\/\/www.monta\u00f1asdelaluna.es\/wp-content\/uploads\/2016\/08\/Bachimala-045-300x225.jpg 300w, https:\/\/www.monta\u00f1asdelaluna.es\/wp-content\/uploads\/2016\/08\/Bachimala-045.jpg 1830w\" sizes=\"auto, (max-width: 1024px) 100vw, 1024px\" \/><\/a><p id=\"caption-attachment-32260\" class=\"wp-caption-text\">Lea en la Caba\u00f1a de Sarrau<\/p><\/div>\n<div id=\"attachment_32262\" style=\"width: 1840px\" class=\"wp-caption aligncenter\"><a class=\"dt-single-image\" href=\"https:\/\/www.monta\u00f1asdelaluna.es\/wp-content\/uploads\/2016\/08\/Bachimala-047.jpg\" data-dt-img-description=\"\"><img loading=\"lazy\" decoding=\"async\" aria-describedby=\"caption-attachment-32262\" class=\"wp-image-32262 size-full\" src=\"https:\/\/www.monta\u00f1asdelaluna.es\/wp-content\/uploads\/2016\/08\/Bachimala-047.jpg\" alt=\"Las Espadas a la derecha y el Posets a la izquierda\" width=\"1830\" height=\"1373\" srcset=\"https:\/\/www.monta\u00f1asdelaluna.es\/wp-content\/uploads\/2016\/08\/Bachimala-047.jpg 1830w, https:\/\/www.monta\u00f1asdelaluna.es\/wp-content\/uploads\/2016\/08\/Bachimala-047-300x225.jpg 300w, https:\/\/www.monta\u00f1asdelaluna.es\/wp-content\/uploads\/2016\/08\/Bachimala-047-1024x768.jpg 1024w\" sizes=\"auto, (max-width: 1830px) 100vw, 1830px\" \/><\/a><p id=\"caption-attachment-32262\" class=\"wp-caption-text\">Las Espadas a la derecha y el Posets a la izquierda<\/p><\/div>\n<p>Al salir del bosque y seguir por una senda m\u00e1s despejada por una hierba fresca y h\u00fameda. Nos acercamos a una caba\u00f1a cercana, una medio senda se acerca a ella y nosotros tambi\u00e9n. Es la Caba\u00f1a de Sarrau. Aqu\u00ed ya podemos ver la subida que haremos ma\u00f1ana por la parte m\u00e1s alta del macizo del Bachimala: la loma, cordal sur del mismo queda ahora a nuestra derecha y noreste. Una nube espesa y blanca cubre la parte m\u00e1s alta de lo que parece que es el hombro sur de la Punta Sabre. Una loma que sube suave al principio y ancha, pero m\u00e1s empinada y redondeada a medida que coge altura. El Gran Bachimala no se ve a\u00fan; entre tapada por las lomas de la monta\u00f1a que suben a la Se\u00f1al de Viad\u00f3s y la misma nube que nos oculta esta alta cima y la antecesora Punta Sabre. La nieve no est\u00e1 a mucha altura, a pesar de ser cara sur de este macizo; parece que a partir de los 2.500 metros ya hay nieve abundante\u2026 espero que est\u00e9 transformada y nos deje avanzar sin dificultad ma\u00f1ana.<\/p>\n<p>Subimos poco m\u00e1s por la loma hasta casi una altura de 2.200 metros y nos desviamos hac\u00eda la derecha en busca del arroyo llamado Barranco Santaeularia o d\u2019es Oriels, bajando un poco monte a trav\u00e9s entre la acuosa hierba. Al otro lado del arroyo seguimos un camino que nos saca de la monta\u00f1a y nos acerca a otra casita junto a una balsa artificial con las asombrosas vistas del espectacular macizo del Postes. No dejamos de hacerles fotos a sus pe\u00f1ascos, alturas, rincones. Las nubes lo adornan. Permanecemos expectativas para intentar captar la imagen de la cima del Posets, Las Espadas, despejada. Tambi\u00e9n hay mucha nieve all\u00e1 arriba, en las altas y verticales vertientes norte del Posets. M\u00e1s al sur y suroeste tambi\u00e9n nos sorprende las puntiagudas cimas de los Picos de Eriste. M\u00e1s solos, desconocidos, m\u00e1s bajos a pesar de sobrepasar los tres mil metros y a la sombra de los altos picos que rodean el Posets, \u00e9stos aparecen tambi\u00e9n asombrosos, altivos, agrestes y picudos. Bonitos, con sus perfiles nevados, verticales y atractivos. Fotos y m\u00e1s fotos; como intentando captar la eternidad del momento, del paisaje, de la hermosura en la monta\u00f1a.<\/p>\n<div id=\"attachment_32268\" style=\"width: 1034px\" class=\"wp-caption aligncenter\"><a class=\"dt-single-image\" href=\"https:\/\/www.monta\u00f1asdelaluna.es\/wp-content\/uploads\/2016\/08\/Bachimala-064.jpg\" data-dt-img-description=\"\"><img loading=\"lazy\" decoding=\"async\" aria-describedby=\"caption-attachment-32268\" class=\"wp-image-32268 size-large\" src=\"https:\/\/www.monta\u00f1asdelaluna.es\/wp-content\/uploads\/2016\/08\/Bachimala-064-1024x768.jpg\" alt=\"Alberto, Susanna y Lea con el Pico del Turmo y Rechanz\u00e1s al fondo\" width=\"1024\" height=\"768\" srcset=\"https:\/\/www.monta\u00f1asdelaluna.es\/wp-content\/uploads\/2016\/08\/Bachimala-064-1024x768.jpg 1024w, https:\/\/www.monta\u00f1asdelaluna.es\/wp-content\/uploads\/2016\/08\/Bachimala-064-300x225.jpg 300w, https:\/\/www.monta\u00f1asdelaluna.es\/wp-content\/uploads\/2016\/08\/Bachimala-064.jpg 1830w\" sizes=\"auto, (max-width: 1024px) 100vw, 1024px\" \/><\/a><p id=\"caption-attachment-32268\" class=\"wp-caption-text\">Alberto, Susanna y Lea con el Pico del Turmo y Rechanz\u00e1s al fondo<\/p><\/div>\n<div id=\"attachment_32274\" style=\"width: 1034px\" class=\"wp-caption aligncenter\"><a class=\"dt-single-image\" href=\"https:\/\/www.monta\u00f1asdelaluna.es\/wp-content\/uploads\/2016\/08\/Bachimala-079.jpg\" data-dt-img-description=\"\"><img loading=\"lazy\" decoding=\"async\" aria-describedby=\"caption-attachment-32274\" class=\"wp-image-32274 size-large\" src=\"https:\/\/www.monta\u00f1asdelaluna.es\/wp-content\/uploads\/2016\/08\/Bachimala-079-1024x768.jpg\" alt=\"Delante Lea bajando a las Granjas y Refugio de Viad\u00f3s\" width=\"1024\" height=\"768\" srcset=\"https:\/\/www.monta\u00f1asdelaluna.es\/wp-content\/uploads\/2016\/08\/Bachimala-079-1024x768.jpg 1024w, https:\/\/www.monta\u00f1asdelaluna.es\/wp-content\/uploads\/2016\/08\/Bachimala-079-300x225.jpg 300w, https:\/\/www.monta\u00f1asdelaluna.es\/wp-content\/uploads\/2016\/08\/Bachimala-079.jpg 1830w\" sizes=\"auto, (max-width: 1024px) 100vw, 1024px\" \/><\/a><p id=\"caption-attachment-32274\" class=\"wp-caption-text\">Delante Lea bajando a las Granjas y Refugio de Viad\u00f3s<\/p><\/div>\n<p>Alg\u00fan sarrio se asoma mientras llegamos a las inmediaciones de la balsa y cientos de marmotas salen huyendo del lugar. Cientos casi literal. Nunca hab\u00eda visto tanta marmota junta. Parece que sal\u00edan de la balsa donde puede que la usaran como abrevadero. Al otro lado y mirando hac\u00eda el valle, las verticales pero asequibles laderas, praderas que bajan al fondo del Valle de Chistau, hac\u00eda las bordas, las caba\u00f1itas de las numerosas Granjas de Viad\u00f3s. Entre senda, camino y monte a trav\u00e9s bajamos en direcci\u00f3n al Refugio de Viad\u00f3s. Ha sido un magn\u00edfico recordatorio en un tranquilo y encantador paseo, para que ma\u00f1ana en el ataque a la monta\u00f1a no haya equivocaciones.<\/p>\n<p>Cena en el refugio. La tarde ha pasado con decenas de fotos que nos hemos hecho y le hemos hecho a las espectaculares vistas y perfiles del macizo del Posets. Excepcional. Hay monta\u00f1eros de varias lugares, sobre todo valencianos y aragoneses; los valencianos lo han intentado hoy y ma\u00f1ana otro grupo de aragoneses intentaran el Gran Bachimala. El refugio bulle a la hora de la cena de charlas y animadas conversaciones. Amigos y compa\u00f1eros de actividades y experiencias, momentos inolvidables de convivencia y amistad.<\/p>\n<div id=\"attachment_32277\" style=\"width: 1840px\" class=\"wp-caption aligncenter\"><a class=\"dt-single-image\" href=\"https:\/\/www.monta\u00f1asdelaluna.es\/wp-content\/uploads\/2016\/08\/Bachimala-088.jpg\" data-dt-img-description=\"\"><img loading=\"lazy\" decoding=\"async\" aria-describedby=\"caption-attachment-32277\" class=\"wp-image-32277 size-full\" src=\"https:\/\/www.monta\u00f1asdelaluna.es\/wp-content\/uploads\/2016\/08\/Bachimala-088.jpg\" alt=\"Las Espadas\" width=\"1830\" height=\"1030\" srcset=\"https:\/\/www.monta\u00f1asdelaluna.es\/wp-content\/uploads\/2016\/08\/Bachimala-088.jpg 1830w, https:\/\/www.monta\u00f1asdelaluna.es\/wp-content\/uploads\/2016\/08\/Bachimala-088-300x169.jpg 300w, https:\/\/www.monta\u00f1asdelaluna.es\/wp-content\/uploads\/2016\/08\/Bachimala-088-1024x576.jpg 1024w\" sizes=\"auto, (max-width: 1830px) 100vw, 1830px\" \/><\/a><p id=\"caption-attachment-32277\" class=\"wp-caption-text\">Las Espadas<\/p><\/div>\n<div id=\"attachment_32281\" style=\"width: 1840px\" class=\"wp-caption aligncenter\"><a class=\"dt-single-image\" href=\"https:\/\/www.monta\u00f1asdelaluna.es\/wp-content\/uploads\/2016\/08\/Bachimala-101.jpg\" data-dt-img-description=\"\"><img loading=\"lazy\" decoding=\"async\" aria-describedby=\"caption-attachment-32281\" class=\"wp-image-32281 size-full\" src=\"https:\/\/www.monta\u00f1asdelaluna.es\/wp-content\/uploads\/2016\/08\/Bachimala-101.jpg\" alt=\"Atardece en el macizo del Posets\" width=\"1830\" height=\"1030\" srcset=\"https:\/\/www.monta\u00f1asdelaluna.es\/wp-content\/uploads\/2016\/08\/Bachimala-101.jpg 1830w, https:\/\/www.monta\u00f1asdelaluna.es\/wp-content\/uploads\/2016\/08\/Bachimala-101-300x169.jpg 300w, https:\/\/www.monta\u00f1asdelaluna.es\/wp-content\/uploads\/2016\/08\/Bachimala-101-1024x576.jpg 1024w\" sizes=\"auto, (max-width: 1830px) 100vw, 1830px\" \/><\/a><p id=\"caption-attachment-32281\" class=\"wp-caption-text\">Atardece en el macizo del Posets<\/p><\/div>\n<div id=\"attachment_32282\" style=\"width: 1034px\" class=\"wp-caption aligncenter\"><a class=\"dt-single-image\" href=\"https:\/\/www.monta\u00f1asdelaluna.es\/wp-content\/uploads\/2016\/08\/Bachimala-102.jpg\" data-dt-img-description=\"\"><img loading=\"lazy\" decoding=\"async\" aria-describedby=\"caption-attachment-32282\" class=\"wp-image-32282 size-large\" src=\"https:\/\/www.monta\u00f1asdelaluna.es\/wp-content\/uploads\/2016\/08\/Bachimala-102-1024x768.jpg\" alt=\"Noche en el Refugio de Viados\" width=\"1024\" height=\"768\" srcset=\"https:\/\/www.monta\u00f1asdelaluna.es\/wp-content\/uploads\/2016\/08\/Bachimala-102-1024x768.jpg 1024w, https:\/\/www.monta\u00f1asdelaluna.es\/wp-content\/uploads\/2016\/08\/Bachimala-102-300x225.jpg 300w, https:\/\/www.monta\u00f1asdelaluna.es\/wp-content\/uploads\/2016\/08\/Bachimala-102.jpg 1830w\" sizes=\"auto, (max-width: 1024px) 100vw, 1024px\" \/><\/a><p id=\"caption-attachment-32282\" class=\"wp-caption-text\">Noche en el Refugio de Viados<\/p><\/div>\n<p>Nos levantamos muy temprano al otro d\u00eda para desayunar y salir en busca del macizo del Bachimala. El d\u00eda ya es claro cuando comenzamos la marcha. El tiempo sigue inestable, nuboso pero sin peligro de lluvia; lo \u00fanico es que las nubes siguen invadiendo las altas cotas de las monta\u00f1as. Esperamos alguna ventana de buen tiempo all\u00e1 arriba para poder realizar la ascensi\u00f3n sin problemas, aunque no debe de haber problemas para realizar el recorrido, ya que es muy f\u00e1cil e intuitivo: seguir la ladera que llega hasta la Se\u00f1al de Viad\u00f3s, y desde sus inmediaciones coger el cordal, cresta o espol\u00f3n que nos encontramos justo hac\u00eda el norte, noroeste. Es la loma de la monta\u00f1a m\u00e1s alta que queda m\u00e1s cerca del collado y pico Se\u00f1al de Viad\u00f3s, y es la subida hac\u00eda la vertiente sur de la Punta Sabre. Se puede decir que es la ruta normal a la Punta Sabre sin pasar por el Gran Bachimala. Despu\u00e9s de llegar al hombro sur y cumbre de la Punta Sabre, seguiremos la cresta a m\u00e1s de 3.100 metros de altura hac\u00eda el norte, hasta llegar a la cima del Gran Bachimala o Pico Schrader, una vez en la cima volveremos al Refugio de Viad\u00f3s deshaciendo la ruta normal de subida al mismo pico, cruzando el famoso Paso del Gato\u2026 parece que no habr\u00e1 perdida, parece claro.<\/p>\n<div id=\"attachment_32287\" style=\"width: 1034px\" class=\"wp-caption aligncenter\"><a class=\"dt-single-image\" href=\"https:\/\/www.monta\u00f1asdelaluna.es\/wp-content\/uploads\/2016\/08\/Bachimala-117.jpg\" data-dt-img-description=\"\"><img loading=\"lazy\" decoding=\"async\" aria-describedby=\"caption-attachment-32287\" class=\"wp-image-32287 size-large\" src=\"https:\/\/www.monta\u00f1asdelaluna.es\/wp-content\/uploads\/2016\/08\/Bachimala-117-1024x768.jpg\" alt=\"Delante Lea, Alberto y Susanna con el macizo del Posets a la izquierda\" width=\"1024\" height=\"768\" srcset=\"https:\/\/www.monta\u00f1asdelaluna.es\/wp-content\/uploads\/2016\/08\/Bachimala-117-1024x768.jpg 1024w, https:\/\/www.monta\u00f1asdelaluna.es\/wp-content\/uploads\/2016\/08\/Bachimala-117-300x225.jpg 300w, https:\/\/www.monta\u00f1asdelaluna.es\/wp-content\/uploads\/2016\/08\/Bachimala-117.jpg 1830w\" sizes=\"auto, (max-width: 1024px) 100vw, 1024px\" \/><\/a><p id=\"caption-attachment-32287\" class=\"wp-caption-text\">Delante Lea, Alberto y Susanna con el macizo del Posets a la izquierda<\/p><\/div>\n<p>Seguimos el recorrido de ayer hasta el punto que roza los 2.200 metros. Y aqu\u00ed seguimos toda la cima de la extensa y larga loma que se acerca al macizo del Bachimala y a un piquito en medio de la misma: La Se\u00f1al de Viad\u00f3s. Justo m\u00e1s arriba el numeroso grupo de aragoneses que nos segu\u00edan de cerca, nos adelantan hasta que nos internamos en la parte m\u00e1s nevada de la loma. Ya hemos pasado un primer y extenso nevero, y hemos visto y fotografiado la monta\u00f1a y el recorrido que debemos hacer para ascender hasta el Hombro de La Punta Sabre. Las nubes la cubren, la descubren como si fuera una novia que juega al escondite, pero sin ganas de m\u00e1s juegos. El cordal aparece interesante, sobre todo en su parte de arriba que se hace m\u00e1s vertical con paredes y corredores, a la vez que la loma se ensancha. Arriba de la misma el cordal horizontal se convierte en cresta sin subir m\u00e1s altura hasta llegar a la Punta Sabre. Excepcional. Pero no me da muy buena espina este tiempo de nubes y sombras.<\/p>\n<div id=\"attachment_32290\" style=\"width: 1034px\" class=\"wp-caption aligncenter\"><a class=\"dt-single-image\" href=\"https:\/\/www.monta\u00f1asdelaluna.es\/wp-content\/uploads\/2016\/08\/Bachimala-122.jpg\" data-dt-img-description=\"\"><img loading=\"lazy\" decoding=\"async\" aria-describedby=\"caption-attachment-32290\" class=\"wp-image-32290 size-large\" src=\"https:\/\/www.monta\u00f1asdelaluna.es\/wp-content\/uploads\/2016\/08\/Bachimala-122-1024x768.jpg\" alt=\"Cresta sur de la Punta Sabre, la que queremos abordar\" width=\"1024\" height=\"768\" srcset=\"https:\/\/www.monta\u00f1asdelaluna.es\/wp-content\/uploads\/2016\/08\/Bachimala-122-1024x768.jpg 1024w, https:\/\/www.monta\u00f1asdelaluna.es\/wp-content\/uploads\/2016\/08\/Bachimala-122-300x225.jpg 300w, https:\/\/www.monta\u00f1asdelaluna.es\/wp-content\/uploads\/2016\/08\/Bachimala-122.jpg 1830w\" sizes=\"auto, (max-width: 1024px) 100vw, 1024px\" \/><\/a><p id=\"caption-attachment-32290\" class=\"wp-caption-text\">Cresta sur de la Punta Sabre, la que queremos abordar<\/p><\/div>\n<div id=\"attachment_32294\" style=\"width: 1034px\" class=\"wp-caption aligncenter\"><a class=\"dt-single-image\" href=\"https:\/\/www.monta\u00f1asdelaluna.es\/wp-content\/uploads\/2016\/08\/Bachimala-126.jpg\" data-dt-img-description=\"\"><img loading=\"lazy\" decoding=\"async\" aria-describedby=\"caption-attachment-32294\" class=\"wp-image-32294 size-large\" src=\"https:\/\/www.monta\u00f1asdelaluna.es\/wp-content\/uploads\/2016\/08\/Bachimala-126-1024x768.jpg\" alt=\"Delante la Punta Sabre y su cresta sur a la derecha y el Gran Bachimala cubierto en el centro\" width=\"1024\" height=\"768\" srcset=\"https:\/\/www.monta\u00f1asdelaluna.es\/wp-content\/uploads\/2016\/08\/Bachimala-126-1024x768.jpg 1024w, https:\/\/www.monta\u00f1asdelaluna.es\/wp-content\/uploads\/2016\/08\/Bachimala-126-300x225.jpg 300w, https:\/\/www.monta\u00f1asdelaluna.es\/wp-content\/uploads\/2016\/08\/Bachimala-126.jpg 1830w\" sizes=\"auto, (max-width: 1024px) 100vw, 1024px\" \/><\/a><p id=\"caption-attachment-32294\" class=\"wp-caption-text\">Delante la Punta Sabre y su cresta sur a la derecha y el Gran Bachimala cubierto en el centro<\/p><\/div>\n<p>La imagen es impresionante: enfrente nuestro mientras avanzamos por la larga loma, el Gran Bachimala a la izquierda y la Punta Sabre a la derecha, entre ambos una especie de circo y nieve abundante en sus alturas. Pero siempre las nubes que no se separan de sus cimas y alta cresta. Hermoso e impresionante a la vez. Una ventana de buen tiempo y el sol nos ilumina con su intensa luz, pero no hace calor, m\u00e1s bien fresco o casi fr\u00edo para la \u00e9poca del a\u00f1o que es. Pero el gigantesco y alto macizo del Posets al sur aparece m\u00e1s libre de nubes, m\u00e1s despejado, m\u00e1s grandioso y asombroso. Las vistas hac\u00eda \u00e9l son impagables desde este excepcional balc\u00f3n que es la subida o v\u00eda normal al Gran Bachimala.<\/p>\n<p>Cuando la nieve ya lo cubre todo y justo antes de comenzar la subida a la Se\u00f1al de Viad\u00f3s, los dos grupos nos paramos para equiparnos: polainas, gafas de sol, crampones\u2026 detr\u00e1s nuestro queda la Punta Suelza, otros recuerdos de mi \u00faltimas visitas a este lugar. La cosa comienza a ponerse interesante: una gran roca en medio del cordal que ya es crestecilla, debemos bordearla por la derecha y hac\u00eda arriba, por la parte izquierda quedar\u00e1 el recorrido de la ruta normal al Gran Bachimala, ahora cubierto por abundante nieve. Y de aqu\u00ed subimos al est\u00e9tico pico de la Se\u00f1al de Viad\u00f3s (2.601 mts.) desde cuya cima contemplamos toda la parte sur del macizo del Bachimala, y hac\u00eda el sur el espectacular y desafiante macizo del Posets entorpecido por la visi\u00f3n de la inhiesta y picuda Pe\u00f1a l\u2019Ixabre. Fotos y celebraci\u00f3n de esta cima no programada en el recorrido de subida. En una primer planteamiento la idea era llegar al Collado de la Se\u00f1al de Viad\u00f3s (justo abajo y norte del mismo pico, bajo su pared), y de aqu\u00ed coger el cordal hac\u00eda el hombro de la Punta Sabre. Pero desde el pico tampoco se hace mal, ya que abajo la nieve es muy abundante y muy blanda, nada transformada, y nos hubiera entorpecido mucho y dificultado la subida o aproximaci\u00f3n al cordal, que queda justo hac\u00eda el norte, noreste sobre el mismo collado.<\/p>\n<div id=\"attachment_32293\" style=\"width: 1840px\" class=\"wp-caption aligncenter\"><a class=\"dt-single-image\" href=\"https:\/\/www.monta\u00f1asdelaluna.es\/wp-content\/uploads\/2016\/08\/Bachimala-125.jpg\" data-dt-img-description=\"\"><img loading=\"lazy\" decoding=\"async\" aria-describedby=\"caption-attachment-32293\" class=\"wp-image-32293 size-full\" src=\"https:\/\/www.monta\u00f1asdelaluna.es\/wp-content\/uploads\/2016\/08\/Bachimala-125.jpg\" alt=\"Las Espadas a la derecha y Posets en el centro\" width=\"1830\" height=\"1030\" srcset=\"https:\/\/www.monta\u00f1asdelaluna.es\/wp-content\/uploads\/2016\/08\/Bachimala-125.jpg 1830w, https:\/\/www.monta\u00f1asdelaluna.es\/wp-content\/uploads\/2016\/08\/Bachimala-125-300x169.jpg 300w, https:\/\/www.monta\u00f1asdelaluna.es\/wp-content\/uploads\/2016\/08\/Bachimala-125-1024x576.jpg 1024w\" sizes=\"auto, (max-width: 1830px) 100vw, 1830px\" \/><\/a><p id=\"caption-attachment-32293\" class=\"wp-caption-text\">Las Espadas a la derecha y Posets en el centro<\/p><\/div>\n<div id=\"attachment_32300\" style=\"width: 1034px\" class=\"wp-caption aligncenter\"><a class=\"dt-single-image\" href=\"https:\/\/www.monta\u00f1asdelaluna.es\/wp-content\/uploads\/2016\/08\/Bachimala-138.jpg\" data-dt-img-description=\"\"><img loading=\"lazy\" decoding=\"async\" aria-describedby=\"caption-attachment-32300\" class=\"wp-image-32300 size-large\" src=\"https:\/\/www.monta\u00f1asdelaluna.es\/wp-content\/uploads\/2016\/08\/Bachimala-138-1024x768.jpg\" alt=\"Subiendo a La Se\u00f1al de Viad\u00f3s\" width=\"1024\" height=\"768\" srcset=\"https:\/\/www.monta\u00f1asdelaluna.es\/wp-content\/uploads\/2016\/08\/Bachimala-138-1024x768.jpg 1024w, https:\/\/www.monta\u00f1asdelaluna.es\/wp-content\/uploads\/2016\/08\/Bachimala-138-300x225.jpg 300w, https:\/\/www.monta\u00f1asdelaluna.es\/wp-content\/uploads\/2016\/08\/Bachimala-138.jpg 1830w\" sizes=\"auto, (max-width: 1024px) 100vw, 1024px\" \/><\/a><p id=\"caption-attachment-32300\" class=\"wp-caption-text\">Subiendo a La Se\u00f1al de Viad\u00f3s<\/p><\/div>\n<div id=\"attachment_32303\" style=\"width: 1034px\" class=\"wp-caption aligncenter\"><a class=\"dt-single-image\" href=\"https:\/\/www.monta\u00f1asdelaluna.es\/wp-content\/uploads\/2016\/08\/Bachimala-140.jpg\" data-dt-img-description=\"\"><img loading=\"lazy\" decoding=\"async\" aria-describedby=\"caption-attachment-32303\" class=\"wp-image-32303 size-large\" src=\"https:\/\/www.monta\u00f1asdelaluna.es\/wp-content\/uploads\/2016\/08\/Bachimala-140-1024x768.jpg\" alt=\"Alberto, Susanna y Lea en la cima de La Se\u00f1al de Viad\u00f3s, 2.601 mts., detr\u00e1s la Pe\u00f1a l'Ixabre\" width=\"1024\" height=\"768\" srcset=\"https:\/\/www.monta\u00f1asdelaluna.es\/wp-content\/uploads\/2016\/08\/Bachimala-140-1024x768.jpg 1024w, https:\/\/www.monta\u00f1asdelaluna.es\/wp-content\/uploads\/2016\/08\/Bachimala-140-300x225.jpg 300w, https:\/\/www.monta\u00f1asdelaluna.es\/wp-content\/uploads\/2016\/08\/Bachimala-140.jpg 1830w\" sizes=\"auto, (max-width: 1024px) 100vw, 1024px\" \/><\/a><p id=\"caption-attachment-32303\" class=\"wp-caption-text\">Alberto, Susanna y Lea en la cima de La Se\u00f1al de Viad\u00f3s, 2.601 mts., detr\u00e1s la Pe\u00f1a l&#8217;Ixabre<\/p><\/div>\n<p>Ahora bajamos hac\u00eda el Collado de La Se\u00f1al de Viad\u00f3s siguiendo la cresta del pico con el mismo nombre hac\u00eda la Pe\u00f1a l\u2019Ixabre, y en cuanto podemos giramos hac\u00eda la izquierda y norte en busca de dicho collado. Como nos parec\u00eda, hay nieve abundante en estos lugares caracter\u00edsticos donde se suele acumular mucha en invierno. El paisaje con el fondo de la Pe\u00f1a l\u2019Ixabre es muy alpino e incre\u00edble. Fotos sin dudarlo.<\/p>\n<p>La bajada al Collado de la Se\u00f1al de Viad\u00f3s (2.538 mts.) se hace casi saltando para no hundirnos en la blanda nieve por la empinada ladera. El grupo de aragoneses nos sigue, pero ellos despu\u00e9s girar\u00e1n hac\u00eda el norte, noroeste intentando seguir la v\u00eda normal de subida al Gran Bachimala, y nosotros seguiremos por la ladera inhiesta girando hac\u00eda el norte, noreste, donde ya cogeremos la subida al cordal sur de la Punta Sabre. Al principio es empinada y despu\u00e9s de la nieve blanda se hace un poco machacante el subir por aqu\u00ed. Arriba de la parte alta de esta primera subida, nos hacemos una foto de comienzo de v\u00eda: detr\u00e1s aparece una loma algo encrespada pero f\u00e1cil, con un mont\u00edculo o especie de f\u00e1cil \u201cgendarme\u201d (nada de escalada) en medio de la misma, acabando a la vez que coge altura vertiginosa y vertical por una pared m\u00e1s ancha, colmada de mini corredores acabados en una redondeada cima, el Hombro de la Punta Sabre.<\/p>\n<div id=\"attachment_32305\" style=\"width: 1840px\" class=\"wp-caption aligncenter\"><a class=\"dt-single-image\" href=\"https:\/\/www.monta\u00f1asdelaluna.es\/wp-content\/uploads\/2016\/08\/Bachimala-143.jpg\" data-dt-img-description=\"\"><img loading=\"lazy\" decoding=\"async\" aria-describedby=\"caption-attachment-32305\" class=\"wp-image-32305 size-full\" src=\"https:\/\/www.monta\u00f1asdelaluna.es\/wp-content\/uploads\/2016\/08\/Bachimala-143.jpg\" alt=\"Delante la Pe\u00f1a l'Ixabre\" width=\"1830\" height=\"1373\" srcset=\"https:\/\/www.monta\u00f1asdelaluna.es\/wp-content\/uploads\/2016\/08\/Bachimala-143.jpg 1830w, https:\/\/www.monta\u00f1asdelaluna.es\/wp-content\/uploads\/2016\/08\/Bachimala-143-300x225.jpg 300w, https:\/\/www.monta\u00f1asdelaluna.es\/wp-content\/uploads\/2016\/08\/Bachimala-143-1024x768.jpg 1024w\" sizes=\"auto, (max-width: 1830px) 100vw, 1830px\" \/><\/a><p id=\"caption-attachment-32305\" class=\"wp-caption-text\">Delante la Pe\u00f1a l&#8217;Ixabre<\/p><\/div>\n<div id=\"attachment_32311\" style=\"width: 1840px\" class=\"wp-caption aligncenter\"><a class=\"dt-single-image\" href=\"https:\/\/www.monta\u00f1asdelaluna.es\/wp-content\/uploads\/2016\/08\/Bachimala-152.jpg\" data-dt-img-description=\"\"><img loading=\"lazy\" decoding=\"async\" aria-describedby=\"caption-attachment-32311\" class=\"wp-image-32311 size-full\" src=\"https:\/\/www.monta\u00f1asdelaluna.es\/wp-content\/uploads\/2016\/08\/Bachimala-152.jpg\" alt=\"Cuello de La Se\u00f1al de Viad\u00f3s, 2.538 mts.\" width=\"1830\" height=\"1030\" srcset=\"https:\/\/www.monta\u00f1asdelaluna.es\/wp-content\/uploads\/2016\/08\/Bachimala-152.jpg 1830w, https:\/\/www.monta\u00f1asdelaluna.es\/wp-content\/uploads\/2016\/08\/Bachimala-152-300x169.jpg 300w, https:\/\/www.monta\u00f1asdelaluna.es\/wp-content\/uploads\/2016\/08\/Bachimala-152-1024x576.jpg 1024w\" sizes=\"auto, (max-width: 1830px) 100vw, 1830px\" \/><\/a><p id=\"caption-attachment-32311\" class=\"wp-caption-text\">Cuello de La Se\u00f1al de Viad\u00f3s, 2.538 mts.<\/p><\/div>\n<p>La nieve no est\u00e1 muy estable y s\u00ed muy blanda y primavera. Si hubiera sido nieve dura, transformada, la subida hubiera sido distinta, mejor llevada, m\u00e1s r\u00e1pida y f\u00e1cil. Pero no fue as\u00ed. Momentos en la cresta en que s\u00ed se escarpaba con un peligroso tobog\u00e1n de ca\u00edda detr\u00e1s de nosotros; pero una nieve tan blanda no te dejar\u00eda caer demasiado abajo. Fotog\u00e9nica. Emocionante. Al otro lado y despu\u00e9s de sobrepasar la roca de en medio, comenzamos a subir por la cada vez m\u00e1s empinada y alta pared del hombro de la Punta Sabre. Dudas \u00bfPor donde ser\u00e1? \u00bfSeguimos unos posibles hitos por en medio de la pared? No parece muy fiable y f\u00e1cil ese camino. Nos paramos. Observamos y comentamos por donde avanzar. Roca casi vertical y nieve muy blanda, peligrosa combinaci\u00f3n. Me separo del grupo que comienza a subir y progresar por la pared, entre los mini corredores, espolones rocosos, trepadas\u2026 y opto por intentar subir por un corredor menos vertical que parece se encuentra m\u00e1s a la izquierda y parece llega a la cima del hombro.<\/p>\n<p>Salgo yo solo en diagonal con mi solitario piolet hac\u00eda el comienzo del corredor. Una vez llego a su comienzo emprendo su subida. Poco a poco se va estrechando y empinando; hasta que llega a un punto en el que me hubiera venido muy bien tener otro piolet. No me arriesgo: es un paso, escal\u00f3n vertical que divide el corredor en dos, con rocas a cada lado de perfiles verticales y un salto que hubiera requerido otro agarre con otro piolet. No cabe otra soluci\u00f3n que desandar lo subido y dirigirme hac\u00eda la subida, v\u00eda, que realizaba el resto del grupo. No deb\u00ed separarme de ellos. Vuelvo al punto de partida desde que me separ\u00e9 del grupo, y comienzo la subida por el centro de la pared.<\/p>\n<div id=\"attachment_32320\" style=\"width: 1034px\" class=\"wp-caption aligncenter\"><a class=\"dt-single-image\" href=\"https:\/\/www.monta\u00f1asdelaluna.es\/wp-content\/uploads\/2016\/08\/Bachimala-164.jpg\" data-dt-img-description=\"\"><img loading=\"lazy\" decoding=\"async\" aria-describedby=\"caption-attachment-32320\" class=\"wp-image-32320 size-large\" src=\"https:\/\/www.monta\u00f1asdelaluna.es\/wp-content\/uploads\/2016\/08\/Bachimala-164-1024x768.jpg\" alt=\"Cresta sur de la Punta Sabre\" width=\"1024\" height=\"768\" srcset=\"https:\/\/www.monta\u00f1asdelaluna.es\/wp-content\/uploads\/2016\/08\/Bachimala-164-1024x768.jpg 1024w, https:\/\/www.monta\u00f1asdelaluna.es\/wp-content\/uploads\/2016\/08\/Bachimala-164-300x225.jpg 300w, https:\/\/www.monta\u00f1asdelaluna.es\/wp-content\/uploads\/2016\/08\/Bachimala-164.jpg 1830w\" sizes=\"auto, (max-width: 1024px) 100vw, 1024px\" \/><\/a><p id=\"caption-attachment-32320\" class=\"wp-caption-text\">Cresta sur de la Punta Sabre<\/p><\/div>\n<div id=\"attachment_32322\" style=\"width: 1034px\" class=\"wp-caption aligncenter\"><a class=\"dt-single-image\" href=\"https:\/\/www.monta\u00f1asdelaluna.es\/wp-content\/uploads\/2016\/08\/Bachimala-167.jpg\" data-dt-img-description=\"\"><img loading=\"lazy\" decoding=\"async\" aria-describedby=\"caption-attachment-32322\" class=\"wp-image-32322 size-large\" src=\"https:\/\/www.monta\u00f1asdelaluna.es\/wp-content\/uploads\/2016\/08\/Bachimala-167-1024x768.jpg\" alt=\"Cresta sur de la Punta Sabre\" width=\"1024\" height=\"768\" srcset=\"https:\/\/www.monta\u00f1asdelaluna.es\/wp-content\/uploads\/2016\/08\/Bachimala-167-1024x768.jpg 1024w, https:\/\/www.monta\u00f1asdelaluna.es\/wp-content\/uploads\/2016\/08\/Bachimala-167-300x225.jpg 300w, https:\/\/www.monta\u00f1asdelaluna.es\/wp-content\/uploads\/2016\/08\/Bachimala-167.jpg 1830w\" sizes=\"auto, (max-width: 1024px) 100vw, 1024px\" \/><\/a><p id=\"caption-attachment-32322\" class=\"wp-caption-text\">Cresta sur de la Punta Sabre<\/p><\/div>\n<p>La subida es escarpada, algo vertical, algo peligrosa e interesante. No se ve\u00eda tan dif\u00edcil desde abajo. Por roca, corredorcillos, pendientes empinadas con nieve blanda y mala para progresar, voy subiendo por esta parte de la monta\u00f1a siguiendo las huellas (a veces en sorprendentes pasos) de mis compa\u00f1eros que ya han subido; y por una especie de recorrido marcado por peque\u00f1os hitos. Casi extremo, inc\u00f3modo, inquietante, cansino\u2026 Llego casi arriba de la pared medio vertical donde ya se suaviza la pendiente a la vez que ya llego a la cima del Hombro del la Punta del Sabre. La niebla, el viento, las nubes cubren la cima y casi, casi que debo refugiarme del mal tiempo mientras me topo con el resto del grupo que ya baja artos de esperarme. \u201c\u00a1\u00bfD\u00f3nde te hab\u00edas metido?!\u201d me dicen. Debo de haber tardado de media hora a una hora en hacer todo el recorrido del falso corredor y la intrincada subida hasta la cima del macizo. Ya estamos a m\u00e1s de tres mil metros.<\/p>\n<p>Alberto me comenta como est\u00e1 la situaci\u00f3n: no se ve nada, el tiempo no es bueno, y para llegar a la Punta del Sabre queda un poco, luego est\u00e1 la cresta hasta el Gran Bachimala y seguidamente su bajada por el Paso del Gato. Es tarde. Se nos har\u00e1 m\u00e1s tarde y el recorrido no es visible ni reconocible, con lo que el grupo debe desistir a seguir con sus intenciones de llegar a los picos, contentarnos con este \u201chombro\u201d de m\u00e1s de 3.000 metros, y bajar al refugio. Pero, \u00bfPor donde bajamos? \u00bfPor donde hemos subido?&#8230; \u00a1\u00bfQue otra bajada o camino hay?! Bueno. Al principio impresiona el saber que tenemos que bajar por donde hemos subido, pero una vez que reflexiono y vuelvo a mis recuerdos, saco esa frase que muchas veces utilizo en casos como este: \u201cSi has subido por aqu\u00ed, tambi\u00e9n podr\u00e1s bajar\u201d.<\/p>\n<div id=\"attachment_32327\" style=\"width: 970px\" class=\"wp-caption aligncenter\"><a class=\"dt-single-image\" href=\"https:\/\/www.monta\u00f1asdelaluna.es\/wp-content\/uploads\/2016\/08\/Bachimala-168C.jpg\" data-dt-img-description=\"\"><img loading=\"lazy\" decoding=\"async\" aria-describedby=\"caption-attachment-32327\" class=\"wp-image-32327 size-full\" src=\"https:\/\/www.monta\u00f1asdelaluna.es\/wp-content\/uploads\/2016\/08\/Bachimala-168C.jpg\" alt=\"Lea, Joaqu\u00edn y Alberto en la subida sur de la Punta Sabre. Joaqu\u00edn se desv\u00eda en busca de otro camino\" width=\"960\" height=\"720\" srcset=\"https:\/\/www.monta\u00f1asdelaluna.es\/wp-content\/uploads\/2016\/08\/Bachimala-168C.jpg 960w, https:\/\/www.monta\u00f1asdelaluna.es\/wp-content\/uploads\/2016\/08\/Bachimala-168C-300x225.jpg 300w\" sizes=\"auto, (max-width: 960px) 100vw, 960px\" \/><\/a><p id=\"caption-attachment-32327\" class=\"wp-caption-text\">Lea, Joaqu\u00edn y Alberto en la subida sur de la Punta Sabre. Joaqu\u00edn se desv\u00eda en busca de otro camino<\/p><\/div>\n<div id=\"attachment_32371\" style=\"width: 970px\" class=\"wp-caption aligncenter\"><a class=\"dt-single-image\" href=\"https:\/\/www.monta\u00f1asdelaluna.es\/wp-content\/uploads\/2014\/05\/10367152_10202891835235693_5148423793388881736_n.jpg\" data-dt-img-description=\"\"><img loading=\"lazy\" decoding=\"async\" aria-describedby=\"caption-attachment-32371\" class=\"wp-image-32371 size-full\" src=\"https:\/\/www.monta\u00f1asdelaluna.es\/wp-content\/uploads\/2014\/05\/10367152_10202891835235693_5148423793388881736_n.jpg\" alt=\"Lea en la cima del hombro de la Punta Sabre a casi 3.100 mts.\" width=\"960\" height=\"720\" srcset=\"https:\/\/www.monta\u00f1asdelaluna.es\/wp-content\/uploads\/2014\/05\/10367152_10202891835235693_5148423793388881736_n.jpg 960w, https:\/\/www.monta\u00f1asdelaluna.es\/wp-content\/uploads\/2014\/05\/10367152_10202891835235693_5148423793388881736_n-300x225.jpg 300w\" sizes=\"auto, (max-width: 960px) 100vw, 960px\" \/><\/a><p id=\"caption-attachment-32371\" class=\"wp-caption-text\">Lea en la cima del hombro de la Punta Sabre a casi 3.100 mts.<\/p><\/div>\n<div id=\"attachment_32328\" style=\"width: 730px\" class=\"wp-caption aligncenter\"><a class=\"dt-single-image\" href=\"https:\/\/www.monta\u00f1asdelaluna.es\/wp-content\/uploads\/2016\/08\/Bachimala-168D.jpg\" data-dt-img-description=\"\"><img loading=\"lazy\" decoding=\"async\" aria-describedby=\"caption-attachment-32328\" class=\"wp-image-32328 size-full\" src=\"https:\/\/www.monta\u00f1asdelaluna.es\/wp-content\/uploads\/2016\/08\/Bachimala-168D.jpg\" alt=\"Joaqu\u00edn destrepando del Hombro de la Punta Sabre\" width=\"720\" height=\"960\" srcset=\"https:\/\/www.monta\u00f1asdelaluna.es\/wp-content\/uploads\/2016\/08\/Bachimala-168D.jpg 720w, https:\/\/www.monta\u00f1asdelaluna.es\/wp-content\/uploads\/2016\/08\/Bachimala-168D-225x300.jpg 225w\" sizes=\"auto, (max-width: 720px) 100vw, 720px\" \/><\/a><p id=\"caption-attachment-32328\" class=\"wp-caption-text\">Joaqu\u00edn destrepando del Hombro de la Punta Sabre<\/p><\/div>\n<p>Poco a poco vamos bajando. Yo me quedo el \u00faltimo mientras veo como van sorteando los pasos de destrepe de descenso el resto del grupo. Llegados justo bajo la pared, poco m\u00e1s abajo del desv\u00edo hac\u00eda el falso corredor, hay una ladera de \u201cescape\u201d para no seguir bajando por la cresta desandando el camino. Nos desviamos a la derecha y oeste para bajar r\u00e1pidamente por una larga ladera muy nevada en direcci\u00f3n a la base del circo del Bachimala, en direcci\u00f3n a la senda marcada en la nieve por las pisadas de los que han intentado la v\u00eda normal a esta alta cumbre.<\/p>\n<p>No podemos bajar echados en la nieve como si fuera un tobog\u00e1n por que la nieve sigue muy blanda, y cada vez que bajamos est\u00e1 m\u00e1s blanda y \u201cpegajosa\u201d. Mi idea era alcanzar la huella de la v\u00eda normal para no tener que abrir huellas en la nieve virgen, hundi\u00e9ndonos en ella. La veo all\u00e1 abajo, en los llanos del centro del circo. Me adelanto. Bajo corriendo y casi jugando por la nieve, y llego hasta las huellas. He bajado el primero y veo desde la distancia como Susanna y Alberto van bajando por la misma ladera nevada, bajo la cresta por la que antes hab\u00edamos subido. Lea casi me sigue y nos encontramos en una parte de la huella marcada camino del Collado de La Se\u00f1al de Viad\u00f3s; que girando hac\u00eda el sur e izquierda, caminamos en su busca.<\/p>\n<div id=\"attachment_32331\" style=\"width: 1034px\" class=\"wp-caption aligncenter\"><a class=\"dt-single-image\" href=\"https:\/\/www.monta\u00f1asdelaluna.es\/wp-content\/uploads\/2016\/08\/Bachimala-175.jpg\" data-dt-img-description=\"\"><img loading=\"lazy\" decoding=\"async\" aria-describedby=\"caption-attachment-32331\" class=\"wp-image-32331 size-large\" src=\"https:\/\/www.monta\u00f1asdelaluna.es\/wp-content\/uploads\/2016\/08\/Bachimala-175-1024x768.jpg\" alt=\"Bajando del Hombro de la Punta Sabre, abajo izquierda la Pe\u00f1a l'Ixabre\" width=\"1024\" height=\"768\" srcset=\"https:\/\/www.monta\u00f1asdelaluna.es\/wp-content\/uploads\/2016\/08\/Bachimala-175-1024x768.jpg 1024w, https:\/\/www.monta\u00f1asdelaluna.es\/wp-content\/uploads\/2016\/08\/Bachimala-175-300x225.jpg 300w, https:\/\/www.monta\u00f1asdelaluna.es\/wp-content\/uploads\/2016\/08\/Bachimala-175.jpg 1830w\" sizes=\"auto, (max-width: 1024px) 100vw, 1024px\" \/><\/a><p id=\"caption-attachment-32331\" class=\"wp-caption-text\">Bajando del Hombro de la Punta Sabre, abajo izquierda la Pe\u00f1a l&#8217;Ixabre<\/p><\/div>\n<div id=\"attachment_32345\" style=\"width: 1034px\" class=\"wp-caption aligncenter\"><a class=\"dt-single-image\" href=\"https:\/\/www.monta\u00f1asdelaluna.es\/wp-content\/uploads\/2016\/08\/Bachimala-195.jpg\" data-dt-img-description=\"\"><img loading=\"lazy\" decoding=\"async\" aria-describedby=\"caption-attachment-32345\" class=\"wp-image-32345 size-large\" src=\"https:\/\/www.monta\u00f1asdelaluna.es\/wp-content\/uploads\/2016\/08\/Bachimala-195-1024x768.jpg\" alt=\"Joaqu\u00edn y el Punta Suelza a la izquierda\" width=\"1024\" height=\"768\" srcset=\"https:\/\/www.monta\u00f1asdelaluna.es\/wp-content\/uploads\/2016\/08\/Bachimala-195-1024x768.jpg 1024w, https:\/\/www.monta\u00f1asdelaluna.es\/wp-content\/uploads\/2016\/08\/Bachimala-195-300x225.jpg 300w, https:\/\/www.monta\u00f1asdelaluna.es\/wp-content\/uploads\/2016\/08\/Bachimala-195.jpg 1830w\" sizes=\"auto, (max-width: 1024px) 100vw, 1024px\" \/><\/a><p id=\"caption-attachment-32345\" class=\"wp-caption-text\">Joaqu\u00edn y el Punta Suelza a la izquierda<\/p><\/div>\n<p>Llegamos al Collado de La Se\u00f1al de Viad\u00f3s donde abunda la nieve blanda y primavera; nos hundimos en ella. Ya estamos Lea y yo en el lugar y en vez de girar para subir al pico sobre el collado, por donde pasamos a la subida, decido intentar seguir hac\u00eda la derecha y oeste como caminando por lo que ser\u00eda la ruta normal hac\u00eda el Refugio de Viad\u00f3s, sorteando el pico de la Se\u00f1al de Viad\u00f3s a nuestra izquierda. En busca, por laderas cansinas, empinadas, de nieve profunda\u00a0 y en mal estado, primavera, inestable, quemadora\u2026 de la loma que nos bajar\u00e1 hasta el refugio, desandando el camino de subida desde el refugio. Alberto y Susanna nos siguen cerca, y ya salimos a la puntiaguda loma donde nos desequiparemos de crampones y comeremos algo.<\/p>\n<div id=\"attachment_32344\" style=\"width: 1840px\" class=\"wp-caption aligncenter\"><a class=\"dt-single-image\" href=\"https:\/\/www.monta\u00f1asdelaluna.es\/wp-content\/uploads\/2016\/08\/Bachimala-193.jpg\" data-dt-img-description=\"\"><img loading=\"lazy\" decoding=\"async\" aria-describedby=\"caption-attachment-32344\" class=\"wp-image-32344 size-full\" src=\"https:\/\/www.monta\u00f1asdelaluna.es\/wp-content\/uploads\/2016\/08\/Bachimala-193.jpg\" alt=\"Pe\u00f1a l'Ixabre, detr\u00e1s se descubren las dos cimas de Las Espadas\" width=\"1830\" height=\"1373\" srcset=\"https:\/\/www.monta\u00f1asdelaluna.es\/wp-content\/uploads\/2016\/08\/Bachimala-193.jpg 1830w, https:\/\/www.monta\u00f1asdelaluna.es\/wp-content\/uploads\/2016\/08\/Bachimala-193-300x225.jpg 300w, https:\/\/www.monta\u00f1asdelaluna.es\/wp-content\/uploads\/2016\/08\/Bachimala-193-1024x768.jpg 1024w\" sizes=\"auto, (max-width: 1830px) 100vw, 1830px\" \/><\/a><p id=\"caption-attachment-32344\" class=\"wp-caption-text\">Pe\u00f1a l&#8217;Ixabre, detr\u00e1s se descubren las dos cimas de Las Espadas<\/p><\/div>\n<p>El tiempo sigue nublado, adornado con las nubes que intentan cubrirlo todo y a la vez d\u00e1ndole un toque sublime, encantador. El macizo del Posets queda all\u00e1 al sur, incre\u00edble, a veces creo que si lo miro mucho puede cambiar sus perfiles, sus formas, su espectacularidad\u2026\u00a0 pero no cambia, a menos por las diferentes e infinitas nubes que la cubren, sigue siendo impresionante: Posets, Tuca de Llardaneta, Las Espadas\u2026 all\u00e1 arriba, picudas, inexpugnables, blancas, incre\u00edbles, asombrosas\u2026 no me canso de mirarla, de fotografiarla, de admirarlas\u2026 Pero esas mismas nubes no dejaran nunca la cima del Bachimala, negando nuestra conquista de hoy. Asombrosas las hermosas y extraordinarias monta\u00f1as pirenaicas.<\/p>\n<p>Nos reunimos todos para comer algo. Yo no tengo mucha hambre. Nos quitamos los crampones y seguimos loma abajo hac\u00eda el oeste, suroeste; al fondo otra bella monta\u00f1a con su cima picuda y su falda y perfiles en forma de pagoda: el Punta Suelza, ya nombrada en la subida. Que no llega a los tres mil metros por poco.<\/p>\n<div id=\"attachment_32348\" style=\"width: 1034px\" class=\"wp-caption aligncenter\"><a class=\"dt-single-image\" href=\"https:\/\/www.monta\u00f1asdelaluna.es\/wp-content\/uploads\/2016\/08\/Bachimala-202.jpg\" data-dt-img-description=\"\"><img loading=\"lazy\" decoding=\"async\" aria-describedby=\"caption-attachment-32348\" class=\"wp-image-32348 size-large\" src=\"https:\/\/www.monta\u00f1asdelaluna.es\/wp-content\/uploads\/2016\/08\/Bachimala-202-1024x768.jpg\" alt=\"Lea y detr\u00e1s la Punta Suelza\" width=\"1024\" height=\"768\" srcset=\"https:\/\/www.monta\u00f1asdelaluna.es\/wp-content\/uploads\/2016\/08\/Bachimala-202-1024x768.jpg 1024w, https:\/\/www.monta\u00f1asdelaluna.es\/wp-content\/uploads\/2016\/08\/Bachimala-202-300x225.jpg 300w, https:\/\/www.monta\u00f1asdelaluna.es\/wp-content\/uploads\/2016\/08\/Bachimala-202.jpg 1830w\" sizes=\"auto, (max-width: 1024px) 100vw, 1024px\" \/><\/a><p id=\"caption-attachment-32348\" class=\"wp-caption-text\">Lea y detr\u00e1s la Punta Suelza<\/p><\/div>\n<div id=\"attachment_32354\" style=\"width: 1840px\" class=\"wp-caption aligncenter\"><a class=\"dt-single-image\" href=\"https:\/\/www.monta\u00f1asdelaluna.es\/wp-content\/uploads\/2016\/08\/Bachimala-211.jpg\" data-dt-img-description=\"\"><img loading=\"lazy\" decoding=\"async\" aria-describedby=\"caption-attachment-32354\" class=\"wp-image-32354 size-full\" src=\"https:\/\/www.monta\u00f1asdelaluna.es\/wp-content\/uploads\/2016\/08\/Bachimala-211.jpg\" alt=\"Al fondo la Punta Suelza\" width=\"1830\" height=\"1373\" srcset=\"https:\/\/www.monta\u00f1asdelaluna.es\/wp-content\/uploads\/2016\/08\/Bachimala-211.jpg 1830w, https:\/\/www.monta\u00f1asdelaluna.es\/wp-content\/uploads\/2016\/08\/Bachimala-211-300x225.jpg 300w, https:\/\/www.monta\u00f1asdelaluna.es\/wp-content\/uploads\/2016\/08\/Bachimala-211-1024x768.jpg 1024w\" sizes=\"auto, (max-width: 1830px) 100vw, 1830px\" \/><\/a><p id=\"caption-attachment-32354\" class=\"wp-caption-text\">Al fondo la Punta Suelza<\/p><\/div>\n<div id=\"attachment_32359\" style=\"width: 1840px\" class=\"wp-caption aligncenter\"><a class=\"dt-single-image\" href=\"https:\/\/www.monta\u00f1asdelaluna.es\/wp-content\/uploads\/2016\/08\/Bachimala-221.jpg\" data-dt-img-description=\"\"><img loading=\"lazy\" decoding=\"async\" aria-describedby=\"caption-attachment-32359\" class=\"wp-image-32359 size-full\" src=\"https:\/\/www.monta\u00f1asdelaluna.es\/wp-content\/uploads\/2016\/08\/Bachimala-221.jpg\" alt=\"Macizo del Posets a la izquierda con su cima despejada y a la derecha los Picos de Eriste cubiertos\" width=\"1830\" height=\"1030\" srcset=\"https:\/\/www.monta\u00f1asdelaluna.es\/wp-content\/uploads\/2016\/08\/Bachimala-221.jpg 1830w, https:\/\/www.monta\u00f1asdelaluna.es\/wp-content\/uploads\/2016\/08\/Bachimala-221-300x169.jpg 300w, https:\/\/www.monta\u00f1asdelaluna.es\/wp-content\/uploads\/2016\/08\/Bachimala-221-1024x576.jpg 1024w\" sizes=\"auto, (max-width: 1830px) 100vw, 1830px\" \/><\/a><p id=\"caption-attachment-32359\" class=\"wp-caption-text\">Macizo del Posets a la izquierda con su cima despejada y a la derecha los Picos de Eriste cubiertos<\/p><\/div>\n<p>Desandamos el camino andado de subida, dejando a nuestra espalda las cimas del Bachimala y sus entresijos de laderas, crestas y perfiles escarpados. Enfrente ahora el Valle del Chistau, un bello y profundo ca\u00f1\u00f3n boscoso y verde entre enormes monta\u00f1as con forma de S. Dejamos la nieve atr\u00e1s y enseguida entre fotos y caminar, llegamos al Refugio de Viad\u00f3s. Antes hemos podido admirar como se despeja en ocasiones el Posets, Las Espadas\u2026 pero nunca se llegar\u00e1 a despejar el Bachimala. El simp\u00e1tico guarda del refugio junto con su mujer y otra chica que le ayuda en el mismo, nos dice que nadie ha subida en estos d\u00edas al Gran Bachimala, que los aragoneses no han podido cruzar el Paso del Gato, ya que ten\u00eda un cornisa de nieve blanda, primavera, inestable, pero casualmente s\u00ed han podido subir el Posets desde aqu\u00ed un par de esquiadores; \u201cal estar m\u00e1s al sur est\u00e1 m\u00e1s protegido del viento del norte, tiene mejor tiempo\u201d al contrario que el fronterizo Bachimala, al norte de \u00e9ste y a barlovento del viento del norte\u2026 casi que nos sirve de consuelo: no el hecho de que nadie haya conquistado la cumbre del Gran Bachimala, si no que si hubi\u00e9ramos llegado a la cima, no hubi\u00e9ramos podido bajar por la ruta normal, y entonces hubi\u00e9ramos tenido que desandar un camino largo, tedioso, peligroso\u2026 \u201cNo queda nadie en la monta\u00f1a, os est\u00e1bamos esperando a vosotros, sois los \u00faltimos\u201d nos dice el amable guarda de mediana edad.<\/p>\n<div id=\"attachment_32367\" style=\"width: 1034px\" class=\"wp-caption aligncenter\"><a class=\"dt-single-image\" href=\"https:\/\/www.monta\u00f1asdelaluna.es\/wp-content\/uploads\/2016\/08\/Bachimala-240.jpg\" data-dt-img-description=\"\"><img loading=\"lazy\" decoding=\"async\" aria-describedby=\"caption-attachment-32367\" class=\"wp-image-32367 size-large\" src=\"https:\/\/www.monta\u00f1asdelaluna.es\/wp-content\/uploads\/2016\/08\/Bachimala-240-1024x768.jpg\" alt=\"Refugio de Viad\u00f3s con el Posets despejado y Las Espadas cubierto a la izquierda\" width=\"1024\" height=\"768\" srcset=\"https:\/\/www.monta\u00f1asdelaluna.es\/wp-content\/uploads\/2016\/08\/Bachimala-240-1024x768.jpg 1024w, https:\/\/www.monta\u00f1asdelaluna.es\/wp-content\/uploads\/2016\/08\/Bachimala-240-300x225.jpg 300w, https:\/\/www.monta\u00f1asdelaluna.es\/wp-content\/uploads\/2016\/08\/Bachimala-240.jpg 1830w\" sizes=\"auto, (max-width: 1024px) 100vw, 1024px\" \/><\/a><p id=\"caption-attachment-32367\" class=\"wp-caption-text\">Refugio de Viad\u00f3s con el Posets despejado y Las Espadas cubierto a la izquierda<\/p><\/div>\n<div id=\"attachment_32368\" style=\"width: 1034px\" class=\"wp-caption aligncenter\"><a class=\"dt-single-image\" href=\"https:\/\/www.monta\u00f1asdelaluna.es\/wp-content\/uploads\/2016\/08\/Bachimala-241.jpg\" data-dt-img-description=\"\"><img loading=\"lazy\" decoding=\"async\" aria-describedby=\"caption-attachment-32368\" class=\"wp-image-32368 size-large\" src=\"https:\/\/www.monta\u00f1asdelaluna.es\/wp-content\/uploads\/2016\/08\/Bachimala-241-1024x768.jpg\" alt=\"Joaqu\u00edn, Lea, Susanna y Alberto en el Refugio de Viad\u00f3s, detr\u00e1s el macizo del Posets\" width=\"1024\" height=\"768\" srcset=\"https:\/\/www.monta\u00f1asdelaluna.es\/wp-content\/uploads\/2016\/08\/Bachimala-241-1024x768.jpg 1024w, https:\/\/www.monta\u00f1asdelaluna.es\/wp-content\/uploads\/2016\/08\/Bachimala-241-300x225.jpg 300w, https:\/\/www.monta\u00f1asdelaluna.es\/wp-content\/uploads\/2016\/08\/Bachimala-241.jpg 1830w\" sizes=\"auto, (max-width: 1024px) 100vw, 1024px\" \/><\/a><p id=\"caption-attachment-32368\" class=\"wp-caption-text\">Joaqu\u00edn, Lea, Susanna y Alberto en el Refugio de Viad\u00f3s, detr\u00e1s el macizo del Posets<\/p><\/div>\n<p>Acto seguido recogemos las cosas del refugio. Cierran el refugio, se marchan los guardas y nos quedamos a comer en su puerta, admirando sus vistas, siguen siendo hipnotizantes y espectaculares. El tiempo ha mejorado, el cielo azul sale entre las nubes y las monta\u00f1as. Formidable y espectacular el macizo del Posets desde aqu\u00ed\u2026 no nos cansamos de mirarlo. Fotos de equipo, risas y la promesa de volver para acabar la ruta planeada\u2026 \u00a1\u00bfy como no vamos a volver para admirar estos paisajes que no nos cansamos de mirar?!<\/p>\n<div id=\"attachment_32379\" style=\"width: 745px\" class=\"wp-caption aligncenter\"><a class=\"dt-single-image\" href=\"https:\/\/www.monta\u00f1asdelaluna.es\/wp-content\/uploads\/2014\/05\/Bachimala.mapa_.blog_.jpg\" data-dt-img-description=\"\"><img loading=\"lazy\" decoding=\"async\" aria-describedby=\"caption-attachment-32379\" class=\"wp-image-32379 size-full\" src=\"https:\/\/www.monta\u00f1asdelaluna.es\/wp-content\/uploads\/2014\/05\/Bachimala.mapa_.blog_.jpg\" alt=\"Croquis de la ascensi\u00f3n al hombro de la Punta Sabre. Punto Rojo: parte del hombro donde nos quedamos.\" width=\"735\" height=\"1353\" srcset=\"https:\/\/www.monta\u00f1asdelaluna.es\/wp-content\/uploads\/2014\/05\/Bachimala.mapa_.blog_.jpg 735w, https:\/\/www.monta\u00f1asdelaluna.es\/wp-content\/uploads\/2014\/05\/Bachimala.mapa_.blog_-163x300.jpg 163w, https:\/\/www.monta\u00f1asdelaluna.es\/wp-content\/uploads\/2014\/05\/Bachimala.mapa_.blog_-556x1024.jpg 556w\" sizes=\"auto, (max-width: 735px) 100vw, 735px\" \/><\/a><p id=\"caption-attachment-32379\" class=\"wp-caption-text\">Croquis de la ascensi\u00f3n al hombro de la Punta Sabre. Punto Rojo: parte del hombro donde nos quedamos.<\/p><\/div>\n<p>[vc_separator][\/vc_column_text][\/vc_column][\/vc_row][vc_row][vc_column][vc_empty_space height=\u00bb60px\u00bb][\/vc_column][\/vc_row][vc_row][vc_column][vc_cta h2=\u00bb\u00c1lbum de fotos\u00bb txt_align=\u00bbcenter\u00bb add_button=\u00bbbottom\u00bb btn_title=\u00bbVer fotos\u00bb btn_color=\u00bbwarning\u00bb btn_align=\u00bbcenter\u00bb btn_link=\u00bburl:https%3A%2F%2Fmonta%C3%B1asdelaluna.es%2F%3Fdt_gallery%3Dprueba-2o|title:El%20Hombro%20de%20la%20Punta%20Sabre|target:_blank\u00bb css=\u00bb.vc_custom_1625772482716{background-color: #8bc4ed !important;}\u00bb]Puedes ver todas las fotos del relato y actividad en forma de presentaci\u00f3n o individuales pinchando aqui \u00a1No te las pierdas![\/vc_cta][\/vc_column][\/vc_row][vc_row][vc_column][vc_empty_space height=\u00bb60px\u00bb][\/vc_column][\/vc_row][vc_row][vc_column width=\u00bb1\/3&#8243;][\/vc_column][vc_column width=\u00bb1\/2&#8243;][vc_raw_html]JTNDaWZyYW1lJTIwc3JjJTNEJTIyaHR0cHMlM0ElMkYlMkZ3d3cubWV0ZW9ibHVlLmNvbSUyRmVzJTJGdGllbXBvJTJGd2lkZ2V0JTJGZGFpbHklMkZsZXNjaGFicmVfZXNwYSUyNWMzJTI1YjFhXzMxMTg1MDAlM0ZnZW9sb2MlM0RmaXhlZCUyNmRheXMlM0Q3JTI2dGVtcHVuaXQlM0RDRUxTSVVTJTI2d2luZHVuaXQlM0RLSUxPTUVURVJfUEVSX0hPVVIlMjZjb2xvdXJlZCUzRGNvbG91cmVkJTI2cGljdG9pY29uJTNEMSUyNm1heHRlbXBlcmF0dXJlJTNEMSUyNm1pbnRlbXBlcmF0dXJlJTNEMSUyNndpbmRzcGVlZCUzRDElMjZ3aW5kZ3VzdCUzRDElMjZ3aW5kZGlyZWN0aW9uJTNEMSUyNnByZWNpcGl0YXRpb24lM0QxJTI2cHJlY2lwaXRhdGlvbnByb2JhYmlsaXR5JTNEMSUyNnNwb3QlM0QxJTI2cHJlc3N1cmUlM0QxJTI2bGF5b3V0JTNEbGlnaHQlMjIlMjAlMjBmcmFtZWJvcmRlciUzRCUyMjAlMjIlMjBzY3JvbGxpbmclM0QlMjJOTyUyMiUyMGFsbG93dHJhbnNwYXJlbmN5JTNEJTIydHJ1ZSUyMiUyMHNhbmRib3glM0QlMjJhbGxvdy1zYW1lLW9yaWdpbiUyMGFsbG93LXNjcmlwdHMlMjBhbGxvdy1wb3B1cHMlMjIlMjBzdHlsZSUzRCUyMndpZHRoJTNBJTIwMzc4cHglM0JoZWlnaHQlM0ElMjA0MTFweCUyMiUzRSUzQyUyRmlmcmFtZSUzRSUzQ2RpdiUzRSUzQyUyMS0tJTIwRE8lMjBOT1QlMjBSRU1PVkUlMjBUSElTJTIwTElOSyUyMC0tJTNFJTNDYSUyMGhyZWYlM0QlMjJodHRwcyUzQSUyRiUyRnd3dy5tZXRlb2JsdWUuY29tJTJGZXMlMkZ0aWVtcG8lMkZwcm9ub3N0aWNvJTJGc2VtYW5hJTJGbGVzY2hhYnJlX2VzcGElMjVjMyUyNWIxYV8zMTE4NTAwJTNGdXRtX3NvdXJjZSUzRHdlYXRoZXJfd2lkZ2V0JTI2dXRtX21lZGl1bSUzRGxpbmt1cyUyNnV0bV9jb250ZW50JTNEZGFpbHklMjZ1dG1fY2FtcGFpZ24lM0RXZWF0aGVyJTI1MkJXaWRnZXQlMjIlMjB0YXJnZXQlM0QlMjJfYmxhbmslMjIlM0VtZXRlb2JsdWUlM0MlMkZhJTNFJTNDJTJGZGl2JTNF[\/vc_raw_html][\/vc_column][vc_column width=\u00bb1\/5&#8243;][\/vc_column][\/vc_row]<\/p>\n","protected":false},"excerpt":{"rendered":"<p>[vc_row][vc_column][vc_column_text]Era la segunda vez que me acercaba al macizo del Bachimala. La \u00faltima vez fue en el puente de diciembre del a\u00f1o 2.006. Una intentona fallida por lo largo del recorrido, por la indisposici\u00f3n de Trino y por un tiempo no demasiado bueno. El caso es que quer\u00eda volver pero esta vez lo intentar\u00eda a&hellip;<\/p>\n","protected":false},"author":1,"featured_media":32344,"comment_status":"open","ping_status":"open","sticky":false,"template":"","format":"standard","meta":[],"categories":[126],"tags":[],"class_list":["post-32377","post","type-post","status-publish","format-standard","has-post-thumbnail","hentry","category-valle-del-cinca","category-126","description-off"],"_links":{"self":[{"href":"https:\/\/www.monta\u00f1asdelaluna.es\/index.php?rest_route=\/wp\/v2\/posts\/32377","targetHints":{"allow":["GET"]}}],"collection":[{"href":"https:\/\/www.monta\u00f1asdelaluna.es\/index.php?rest_route=\/wp\/v2\/posts"}],"about":[{"href":"https:\/\/www.monta\u00f1asdelaluna.es\/index.php?rest_route=\/wp\/v2\/types\/post"}],"author":[{"embeddable":true,"href":"https:\/\/www.monta\u00f1asdelaluna.es\/index.php?rest_route=\/wp\/v2\/users\/1"}],"replies":[{"embeddable":true,"href":"https:\/\/www.monta\u00f1asdelaluna.es\/index.php?rest_route=%2Fwp%2Fv2%2Fcomments&post=32377"}],"version-history":[{"count":11,"href":"https:\/\/www.monta\u00f1asdelaluna.es\/index.php?rest_route=\/wp\/v2\/posts\/32377\/revisions"}],"predecessor-version":[{"id":50114,"href":"https:\/\/www.monta\u00f1asdelaluna.es\/index.php?rest_route=\/wp\/v2\/posts\/32377\/revisions\/50114"}],"wp:featuredmedia":[{"embeddable":true,"href":"https:\/\/www.monta\u00f1asdelaluna.es\/index.php?rest_route=\/wp\/v2\/media\/32344"}],"wp:attachment":[{"href":"https:\/\/www.monta\u00f1asdelaluna.es\/index.php?rest_route=%2Fwp%2Fv2%2Fmedia&parent=32377"}],"wp:term":[{"taxonomy":"category","embeddable":true,"href":"https:\/\/www.monta\u00f1asdelaluna.es\/index.php?rest_route=%2Fwp%2Fv2%2Fcategories&post=32377"},{"taxonomy":"post_tag","embeddable":true,"href":"https:\/\/www.monta\u00f1asdelaluna.es\/index.php?rest_route=%2Fwp%2Fv2%2Ftags&post=32377"}],"curies":[{"name":"wp","href":"https:\/\/api.w.org\/{rel}","templated":true}]}}