{"id":32394,"date":"2016-06-11T10:46:13","date_gmt":"2016-06-11T10:46:13","guid":{"rendered":"http:\/\/monta\u00f1asdelaluna.com\/?p=32394"},"modified":"2021-07-31T16:02:04","modified_gmt":"2021-07-31T16:02:04","slug":"aneto-por-el-corredor-estasen","status":"publish","type":"post","link":"https:\/\/www.monta\u00f1asdelaluna.es\/?p=32394","title":{"rendered":"Aneto por el Corredor Estasen"},"content":{"rendered":"<p>[vc_row][vc_column][vc_column_text]Ya hac\u00eda mucho que mis compa\u00f1eros de Barcelona quer\u00edan realizar la subida al Aneto por el fabuloso Corredor Estasen en su lado sur. No hab\u00eda manera de que saliera la actividad; o bien por el mal tiempo o por que no pod\u00edan unos u otros (ya que quer\u00edan coger 3 d\u00edas), el Corredor Estasen pasaban los a\u00f1os y no hab\u00eda manera de asolirlo. Hasta que esta misma primavera (casi verano) algunos de los viejos promotores de esta actividad se pusieron de acuerdo para hacerlo 2 veces (con gente diferente) en 2 fines de semana diferentes pero seguidos. Los que no pod\u00edan uno lo har\u00edan al fin de semana siguiente. Las fechas escogidas fueron el 11 y 12, y el 18 y 19 de junio. Yo me apunt\u00e9 al primer fin de semana mencionado.<\/p>\n<p>Hablar del Corredor Estasen en la cara sur del Aneto es casi tan m\u00edtico y especial como hablar del mismo Aneto para un iniciado al pirene\u00edsmo. Es como la estrella y actividad, v\u00eda cumbre para subir con emoci\u00f3n, majestuosidad e impresi\u00f3n al Aneto. Es un reto que en s\u00ed no tiene grandes dificultades ni tecnicidades, pero que a la vez guarda sorpresas y juegos casi temerarios convirti\u00e9ndose en un reto incre\u00edble y valiente. \u00c9ste comienza a una altitud considerable de 3.100 mts. y llega hasta los 3.325 que ser\u00eda la variante del Petit Black (lado derecho del corredor cuando se bifurca a mitad de subida), o sea que son unos 225 mts. de corredor con inclinaciones m\u00e1ximas de unos 45 a 50\u00ba que en la variante del Petit Black alcanzaba los 60\u00ba&#8230; todo un reto y desaf\u00edo para el buen pirene\u00edsta que se precie. Aunque realmente menos el vac\u00edo, verticalidades y pocos extra\u00f1os pasos de roca en la cresta, no hab\u00eda dificultad en el mismo corredor salvo su misma inclinaci\u00f3n y ca\u00edda si te resbalabas monta\u00f1a abajo. Se puede hacer el corredor sin cuerda ni asegurarse pero recomiendo m\u00ednimo los 2 piolets t\u00e9cnicos por si las salidas o parte del corredor est\u00e1n m\u00e1s empinadas, dif\u00edciles y heladas. Eso s\u00ed, con una buena dragonera o cogidos al arn\u00e9s.<\/p>\n<div id=\"attachment_32408\" style=\"width: 1034px\" class=\"wp-caption aligncenter\"><a class=\"dt-single-image\" href=\"https:\/\/www.monta\u00f1asdelaluna.es\/wp-content\/uploads\/2016\/08\/IMG_0994.jpg\" data-dt-img-description=\"\"><img loading=\"lazy\" decoding=\"async\" aria-describedby=\"caption-attachment-32408\" class=\"wp-image-32408 size-large\" src=\"https:\/\/www.monta\u00f1asdelaluna.es\/wp-content\/uploads\/2016\/08\/IMG_0994-1024x768.jpg\" alt=\"De izquierda a derecha: Xavi, Francesc, Lea, Flora y Olga cerca del Refugio de Pescadores\" width=\"1024\" height=\"768\" srcset=\"https:\/\/www.monta\u00f1asdelaluna.es\/wp-content\/uploads\/2016\/08\/IMG_0994-1024x768.jpg 1024w, https:\/\/www.monta\u00f1asdelaluna.es\/wp-content\/uploads\/2016\/08\/IMG_0994-300x225.jpg 300w, https:\/\/www.monta\u00f1asdelaluna.es\/wp-content\/uploads\/2016\/08\/IMG_0994.jpg 1824w\" sizes=\"auto, (max-width: 1024px) 100vw, 1024px\" \/><\/a><p id=\"caption-attachment-32408\" class=\"wp-caption-text\">De izquierda a derecha: Xavi, Francesc, Lea, Flora y Olga cerca del Refugio de Pescadores<\/p><\/div>\n<div id=\"attachment_32409\" style=\"width: 1034px\" class=\"wp-caption aligncenter\"><a class=\"dt-single-image\" href=\"https:\/\/www.monta\u00f1asdelaluna.es\/wp-content\/uploads\/2016\/08\/IMG_0996.jpg\" data-dt-img-description=\"\"><img loading=\"lazy\" decoding=\"async\" aria-describedby=\"caption-attachment-32409\" class=\"wp-image-32409 size-large\" src=\"https:\/\/www.monta\u00f1asdelaluna.es\/wp-content\/uploads\/2016\/08\/IMG_0996-1024x768.jpg\" alt=\"Arriba el Pico de Vallibierna\" width=\"1024\" height=\"768\" srcset=\"https:\/\/www.monta\u00f1asdelaluna.es\/wp-content\/uploads\/2016\/08\/IMG_0996-1024x768.jpg 1024w, https:\/\/www.monta\u00f1asdelaluna.es\/wp-content\/uploads\/2016\/08\/IMG_0996-300x225.jpg 300w, https:\/\/www.monta\u00f1asdelaluna.es\/wp-content\/uploads\/2016\/08\/IMG_0996.jpg 1824w\" sizes=\"auto, (max-width: 1024px) 100vw, 1024px\" \/><\/a><p id=\"caption-attachment-32409\" class=\"wp-caption-text\">Arriba el Pico de Vallibierna<\/p><\/div>\n<p>Pero realmente la \u00fanica dificultad con la que nos encontr\u00e1bamos, con la que se encontraban los organizadores y promotores del evento, era el llegar al Refugio de Pescadores (Coronas) en coche. Ya que la pista de Vallibierna despu\u00e9s del deshielo, despu\u00e9s del invierno y primavera se presentaba delicada con piedras, derrumbes, baches, brechas&#8230; y que hasta bien metido junio o finales del mismo no arreglaban para que en julio y agosto pudiera pasar el \u00abautob\u00fas\u00bb que lleva a curiosos, turistas, domingueros y monta\u00f1eros hasta el mencionado refugio. Por ello Olga nos consigui\u00f3 un todo terreno ya que Gallem\u00ed (que tiene otro todoterreno) se hab\u00eda apuntado a la salida del fin de semana siguiente. Tambi\u00e9n les coment\u00e9 a mis amigos y compa\u00f1eros de Alicante del Centro Excursionista Almorad\u00ed si quer\u00edan acercarse viniendo en todoterreno, pero al final no pudo ser y nos vemos los 6 componentes del grupo metidos en el Montero que llevaba Olga, con mochilas y material, en busca del Refugio de Pescadores.<\/p>\n<p>Antes hemos pasado la noche del viernes en el Albergue del Run que estaba casi vac\u00edo, y hemos deambulado por las calles de Benasque buscando no s\u00e9 qu\u00e9 tienda y no s\u00e9 qu\u00e9 material&#8230; pero siempre pasando y entrando en Barrab\u00e9s. Seg\u00fan Francesc tenemos tiempo suficiente para subir al Refugio de Pescadores, equiparnos y subir hasta los ibones de Coronas donde quer\u00edamos acampar&#8230; \u00a1Ha, s\u00ed! La idea era pasar la noche del s\u00e1bado lo m\u00e1s arriba posible y cerca del corredor, y el sitio con agua y menos vertical eran los Ibones de Coronas, sobre todo las orillas del Ib\u00f3n del Medio de Coronas, el m\u00e1s grande, que est\u00e1 a m\u00e1s de 2.700 mts. de altitud justo en la vera sur del Aneto, Collado Coronas, Pico del Medio, Maldito&#8230; digamos que los ibones est\u00e1n en la base del Circo de Coronas franqueados por estos picos y monta\u00f1as. Con lo cual subimos 3 tiendas que plantar\u00edamos en este lugar.<\/p>\n<div id=\"attachment_32417\" style=\"width: 1034px\" class=\"wp-caption aligncenter\"><a class=\"dt-single-image\" href=\"https:\/\/www.monta\u00f1asdelaluna.es\/wp-content\/uploads\/2016\/08\/IMG_1007.jpg\" data-dt-img-description=\"\"><img loading=\"lazy\" decoding=\"async\" aria-describedby=\"caption-attachment-32417\" class=\"wp-image-32417 size-large\" src=\"https:\/\/www.monta\u00f1asdelaluna.es\/wp-content\/uploads\/2016\/08\/IMG_1007-1024x768.jpg\" alt=\"Barranco de Coronas y arriba el Arag\u00fcells\" width=\"1024\" height=\"768\" srcset=\"https:\/\/www.monta\u00f1asdelaluna.es\/wp-content\/uploads\/2016\/08\/IMG_1007-1024x768.jpg 1024w, https:\/\/www.monta\u00f1asdelaluna.es\/wp-content\/uploads\/2016\/08\/IMG_1007-300x225.jpg 300w, https:\/\/www.monta\u00f1asdelaluna.es\/wp-content\/uploads\/2016\/08\/IMG_1007.jpg 1824w\" sizes=\"auto, (max-width: 1024px) 100vw, 1024px\" \/><\/a><p id=\"caption-attachment-32417\" class=\"wp-caption-text\">Barranco de Coronas y arriba el Arag\u00fcells<\/p><\/div>\n<div id=\"attachment_32420\" style=\"width: 1034px\" class=\"wp-caption aligncenter\"><a class=\"dt-single-image\" href=\"https:\/\/www.monta\u00f1asdelaluna.es\/wp-content\/uploads\/2016\/08\/IMG_1013.jpg\" data-dt-img-description=\"\"><img loading=\"lazy\" decoding=\"async\" aria-describedby=\"caption-attachment-32420\" class=\"wp-image-32420 size-large\" src=\"https:\/\/www.monta\u00f1asdelaluna.es\/wp-content\/uploads\/2016\/08\/IMG_1013-1024x768.jpg\" alt=\"Valle de Coronas y al fondo el de Vallibierna\" width=\"1024\" height=\"768\" srcset=\"https:\/\/www.monta\u00f1asdelaluna.es\/wp-content\/uploads\/2016\/08\/IMG_1013-1024x768.jpg 1024w, https:\/\/www.monta\u00f1asdelaluna.es\/wp-content\/uploads\/2016\/08\/IMG_1013-300x225.jpg 300w, https:\/\/www.monta\u00f1asdelaluna.es\/wp-content\/uploads\/2016\/08\/IMG_1013.jpg 1824w\" sizes=\"auto, (max-width: 1024px) 100vw, 1024px\" \/><\/a><p id=\"caption-attachment-32420\" class=\"wp-caption-text\">Valle de Coronas y al fondo el de Vallibierna<\/p><\/div>\n<p>Francesc, Olga, Flora, Xavi, Lea y yo \u00e9ramos los elegidos en esta ocasi\u00f3n para realizar la actividad, adelantarnos a los promotores y as\u00ed poder presumir de tener la Estasen en el bolsillo. Paseando por Benasque vemos que hay una de esas carreras de monta\u00f1a que tan de moda se han puesto y tanto han proliferado por las monta\u00f1as. El recorrido pasa justo por la pista de Vallibierna, la que nosotros tenemos que coger. Con lo que mejor decidir r\u00e1pido el partir hac\u00eda el Refugio de Pescadores no sea que por culpa de la carrera no podamos aparcar o incluso pasar de La Senarta. Llegados a La Senarta desocupamos un coche y montamos todos en el Montero que lleva Olga, con el equipo, ropa, mochilas, comidas&#8230; bueno, todo lo necesario para una actividad de este tipo. Y partimos pista arriba en busca del Refugio de Pescadores (Coronas).<\/p>\n<p>Por suerte y a pesar de los controles de la carrera, nos dejaron pasar. Eso s\u00ed, llevando cuidado con los participantes a la carrera que nos encontraremos por el camino. Y as\u00ed fue: yendo m\u00e1s lentos y dando prioridad a estos corredores, les d\u00e1bamos \u00e1nimos y gritos de aliento cada vez que nos cruz\u00e1bamos con alguno. Hasta que llegamos a las inmediaciones del nombrado refugio ocupado por toda la log\u00edstica y organizaci\u00f3n de la carrera, la cual no te dejaba aparcar en sus proximidades si no un poco antes en un hueco del mismo camino.<\/p>\n<div id=\"attachment_32424\" style=\"width: 1034px\" class=\"wp-caption aligncenter\"><a class=\"dt-single-image\" href=\"https:\/\/www.monta\u00f1asdelaluna.es\/wp-content\/uploads\/2016\/08\/IMG_1020.jpg\" data-dt-img-description=\"\"><img loading=\"lazy\" decoding=\"async\" aria-describedby=\"caption-attachment-32424\" class=\"wp-image-32424 size-large\" src=\"https:\/\/www.monta\u00f1asdelaluna.es\/wp-content\/uploads\/2016\/08\/IMG_1020-1024x768.jpg\" alt=\"Delante Francesc dejando abajo el Ibonet de Coronas en la Pleta de Coronas\" width=\"1024\" height=\"768\" srcset=\"https:\/\/www.monta\u00f1asdelaluna.es\/wp-content\/uploads\/2016\/08\/IMG_1020-1024x768.jpg 1024w, https:\/\/www.monta\u00f1asdelaluna.es\/wp-content\/uploads\/2016\/08\/IMG_1020-300x225.jpg 300w, https:\/\/www.monta\u00f1asdelaluna.es\/wp-content\/uploads\/2016\/08\/IMG_1020.jpg 1824w\" sizes=\"auto, (max-width: 1024px) 100vw, 1024px\" \/><\/a><p id=\"caption-attachment-32424\" class=\"wp-caption-text\">Delante Francesc dejando abajo el Ibonet de Coronas en la Pleta de Coronas<\/p><\/div>\n<div id=\"attachment_32425\" style=\"width: 1034px\" class=\"wp-caption aligncenter\"><a class=\"dt-single-image\" href=\"https:\/\/www.monta\u00f1asdelaluna.es\/wp-content\/uploads\/2016\/08\/IMG_1023.jpg\" data-dt-img-description=\"\"><img loading=\"lazy\" decoding=\"async\" aria-describedby=\"caption-attachment-32425\" class=\"wp-image-32425 size-large\" src=\"https:\/\/www.monta\u00f1asdelaluna.es\/wp-content\/uploads\/2016\/08\/IMG_1023-1024x768.jpg\" alt=\"Delante Lea llegando a los Ibones de Coronas, detr\u00e1s el Valle de Vallibierna\" width=\"1024\" height=\"768\" srcset=\"https:\/\/www.monta\u00f1asdelaluna.es\/wp-content\/uploads\/2016\/08\/IMG_1023-1024x768.jpg 1024w, https:\/\/www.monta\u00f1asdelaluna.es\/wp-content\/uploads\/2016\/08\/IMG_1023-300x225.jpg 300w, https:\/\/www.monta\u00f1asdelaluna.es\/wp-content\/uploads\/2016\/08\/IMG_1023.jpg 1824w\" sizes=\"auto, (max-width: 1024px) 100vw, 1024px\" \/><\/a><p id=\"caption-attachment-32425\" class=\"wp-caption-text\">Delante Lea llegando a los Ibones de Coronas, detr\u00e1s el Valle de Vallibierna<\/p><\/div>\n<p>Pero a pocos pasos de la construcci\u00f3n nos equipamos y rehacemos las mochilas. Hace buen tiempo, tendremos suerte. No hace fr\u00edo pero tampoco calor. Las predicciones nos dec\u00edan que tendr\u00edamos un tiempo variable con probabilidad de alg\u00fan chubasco por la tarde noche, y el domingo con mejor pinta pero sin despejarse tampoco pero sin precipitar tambi\u00e9n. Si no llueve ni nieva perfecto. As\u00ed estaban las cosas.<\/p>\n<p>Cargados como burros salimos camino arriba desde casi las paredes del Refugio de Pescadores en busca de las indicaciones y senda que nos suba a los Ibones de Coronas. Y as\u00ed fue como en pocos minutos en el intransitable camino para veh\u00edculos de 4 ruedas, un poste indicador nos dice el camino a seguir para subir a los nombrados ibones. No tiene p\u00e9rdida. Hay que girar a la izquierda dejando el destrozado camino (que ya parece m\u00e1s bien una anch\u00edsima senda) que siga a la derecha y oeste en general a lo largo del valle de Vallibierna, para girar y seguir hacia el norte, hacia las pendientes de las monta\u00f1as, las caras sur del Aneto y compa\u00f1\u00eda. Nos intern\u00e1bamos as\u00ed en lo que llaman el Valle de Coronas.<\/p>\n<div id=\"attachment_32429\" style=\"width: 1034px\" class=\"wp-caption aligncenter\"><a class=\"dt-single-image\" href=\"https:\/\/www.monta\u00f1asdelaluna.es\/wp-content\/uploads\/2016\/08\/IMG_1030.jpg\" data-dt-img-description=\"\"><img loading=\"lazy\" decoding=\"async\" aria-describedby=\"caption-attachment-32429\" class=\"wp-image-32429 size-large\" src=\"https:\/\/www.monta\u00f1asdelaluna.es\/wp-content\/uploads\/2016\/08\/IMG_1030-1024x768.jpg\" alt=\"Ib\u00f3n Inferior de Coronas\" width=\"1024\" height=\"768\" srcset=\"https:\/\/www.monta\u00f1asdelaluna.es\/wp-content\/uploads\/2016\/08\/IMG_1030-1024x768.jpg 1024w, https:\/\/www.monta\u00f1asdelaluna.es\/wp-content\/uploads\/2016\/08\/IMG_1030-300x225.jpg 300w, https:\/\/www.monta\u00f1asdelaluna.es\/wp-content\/uploads\/2016\/08\/IMG_1030.jpg 1824w\" sizes=\"auto, (max-width: 1024px) 100vw, 1024px\" \/><\/a><p id=\"caption-attachment-32429\" class=\"wp-caption-text\">Ib\u00f3n Inferior de Coronas<\/p><\/div>\n<div id=\"attachment_32432\" style=\"width: 1034px\" class=\"wp-caption aligncenter\"><a class=\"dt-single-image\" href=\"https:\/\/www.monta\u00f1asdelaluna.es\/wp-content\/uploads\/2016\/08\/IMG_1034.jpg\" data-dt-img-description=\"\"><img loading=\"lazy\" decoding=\"async\" aria-describedby=\"caption-attachment-32432\" class=\"wp-image-32432 size-large\" src=\"https:\/\/www.monta\u00f1asdelaluna.es\/wp-content\/uploads\/2016\/08\/IMG_1034-1024x768.jpg\" alt=\"Lea llegando al Ib\u00f3n del Medio de Coronas, delante el Pico Arag\u00fcells cubierto\" width=\"1024\" height=\"768\" srcset=\"https:\/\/www.monta\u00f1asdelaluna.es\/wp-content\/uploads\/2016\/08\/IMG_1034-1024x768.jpg 1024w, https:\/\/www.monta\u00f1asdelaluna.es\/wp-content\/uploads\/2016\/08\/IMG_1034-300x225.jpg 300w, https:\/\/www.monta\u00f1asdelaluna.es\/wp-content\/uploads\/2016\/08\/IMG_1034.jpg 1824w\" sizes=\"auto, (max-width: 1024px) 100vw, 1024px\" \/><\/a><p id=\"caption-attachment-32432\" class=\"wp-caption-text\">Lea llegando al Ib\u00f3n del Medio de Coronas, delante el Pico Arag\u00fcells cubierto<\/p><\/div>\n<p>El camino es f\u00e1cil y la senda muy marcada y nada perdedora, sin cruces ni se\u00f1ales que puedan hacerte perder la buena direcci\u00f3n. Al principio el recorrido por el Valle de Coronas es m\u00e1s horizontal hasta que nos acercamos a una cascada y a una ladera que coge pendiente llena de derrubios y grandes rocas. Tenemos que subir a La Pleta de Coronas donde se halla el primero, m\u00e1s peque\u00f1o y a m\u00e1s baja altura de los ibones de Coronas (tambi\u00e9n el m\u00e1s solitario), y para ello subimos a una especie de balc\u00f3n escuchando la ca\u00edda del agua del cercano Barranco de Coronas con sus cascaditas. Francesc y yo vamos delante. Pero otros grupos nos siguen o van m\u00e1s delante en el camino. Parece que no pero es un recorrido y actividad muy visitada por los monta\u00f1eros pirene\u00edstas, aunque no tiene nada que ver con el exagerado tr\u00e1fico existente en la normal al Aneto por el Paso de Mahoma&#8230; pero bueno, que de 4 a 5 grupitos nos podemos plantar perfectamente en los ibones y en la subida al Aneto por la Estasen u otra v\u00eda cercana.<\/p>\n<p>Casi a las orillas del Ibonet de Coronas, un peque\u00f1o laguito o m\u00e1s bien una charca grande, cambiamos de direcci\u00f3n y giramos hacia la derecha buscando la ladera m\u00e1s suave hacia el noroeste. El recorrido realmente no pasa por las orillas del laguito, desde el mismo balconcito la senda pasa por encima de la hierba desapareciendo y se eleva hacia la derecha buscando la parte menos empinada de la ladera por la que sube ahora. Ahora el camino zigzaguea, y se encrespa en ocasiones siguiendo el rastro de mil sendas y de alg\u00fan hito que otro. A nuestra espalda debe quedar justo el nombrado Ibonet. Hay que seguir la senda para subir a un segundo balc\u00f3n justo arriba, m\u00e1s arriba de la Pleta de Coronas y del Ibonet que es donde se encuentran, repartidos entre escarpes y lomas rocosas, el resto de los Ibones de Coronas.<\/p>\n<div id=\"attachment_32434\" style=\"width: 1834px\" class=\"wp-caption aligncenter\"><a class=\"dt-single-image\" href=\"https:\/\/www.monta\u00f1asdelaluna.es\/wp-content\/uploads\/2016\/08\/IMG_1040.jpg\" data-dt-img-description=\"\"><img loading=\"lazy\" decoding=\"async\" aria-describedby=\"caption-attachment-32434\" class=\"wp-image-32434 size-full\" src=\"https:\/\/www.monta\u00f1asdelaluna.es\/wp-content\/uploads\/2016\/08\/IMG_1040.jpg\" alt=\"Desde el Ib\u00f3n del Medio arriba izquierda el Pico Maldito, en el centro la Punta d'Astorg y a la derecha el Pico del Medio\" width=\"1824\" height=\"1024\" srcset=\"https:\/\/www.monta\u00f1asdelaluna.es\/wp-content\/uploads\/2016\/08\/IMG_1040.jpg 1824w, https:\/\/www.monta\u00f1asdelaluna.es\/wp-content\/uploads\/2016\/08\/IMG_1040-300x168.jpg 300w, https:\/\/www.monta\u00f1asdelaluna.es\/wp-content\/uploads\/2016\/08\/IMG_1040-1024x575.jpg 1024w\" sizes=\"auto, (max-width: 1824px) 100vw, 1824px\" \/><\/a><p id=\"caption-attachment-32434\" class=\"wp-caption-text\">Desde el Ib\u00f3n del Medio arriba izquierda el Pico Maldito, en el centro la Punta d&#8217;Astorg y a la derecha el Pico del Medio<\/p><\/div>\n<div id=\"attachment_32438\" style=\"width: 1034px\" class=\"wp-caption aligncenter\"><a class=\"dt-single-image\" href=\"https:\/\/www.monta\u00f1asdelaluna.es\/wp-content\/uploads\/2016\/08\/IMG_1045.jpg\" data-dt-img-description=\"\"><img loading=\"lazy\" decoding=\"async\" aria-describedby=\"caption-attachment-32438\" class=\"wp-image-32438 size-large\" src=\"https:\/\/www.monta\u00f1asdelaluna.es\/wp-content\/uploads\/2016\/08\/IMG_1045-1024x768.jpg\" alt=\"El Aneto descubierto\" width=\"1024\" height=\"768\" srcset=\"https:\/\/www.monta\u00f1asdelaluna.es\/wp-content\/uploads\/2016\/08\/IMG_1045-1024x768.jpg 1024w, https:\/\/www.monta\u00f1asdelaluna.es\/wp-content\/uploads\/2016\/08\/IMG_1045-300x225.jpg 300w, https:\/\/www.monta\u00f1asdelaluna.es\/wp-content\/uploads\/2016\/08\/IMG_1045.jpg 1824w\" sizes=\"auto, (max-width: 1024px) 100vw, 1024px\" \/><\/a><p id=\"caption-attachment-32438\" class=\"wp-caption-text\">El Aneto descubierto<\/p><\/div>\n<p>Esta senda llegada a cierta altura vuelve a girar hacia la derecha y norte. Est\u00e1 clara la direcci\u00f3n: all\u00e1 arriba una cascadita y el comienzo de los neveros nos indican hac\u00eda donde hay que ir. Tambi\u00e9n siguiendo los pasos de los grupos que nos preceden en la subida o nos adelantan. Uno de estos grupos por cierto es el del Pako Crestas, al cual reconozco y saludo a\u00f1adiendo que soy amigo de su viejo compa\u00f1ero Toni Rubinat. \u00abEste es el fin de semana id\u00f3neo para subir la Estasen; el que viene har\u00e1 mal tiempo, \u00e9ste es el bueno\u00bb me dice pensando que al que viene se aventurar\u00eda Toni para hacer la actividad. Lea me acompa\u00f1a esta vez en la subida y comprobamos que el tiempo hace unos minutos que ha empezado a empeorar, las nubes comienzan a cubrir las monta\u00f1as y a invadir nuestras vistas: el Arag\u00fcells que ya es un tresmil que ve\u00edamos en la subida al Ibonet (justo detr\u00e1s), ya tiene su cima cubierta.<\/p>\n<p>Ya estamos altos. La vegetaci\u00f3n arb\u00f3rea hace tiempo que se qued\u00f3 justo por debajo del Ibonet. Lo que ya nos encontramos es roca viva, piedras, rocas y erosi\u00f3n glaciar&#8230; alta monta\u00f1a. Una vez Lea y yo subimos por encima de la cascada que ve\u00edamos, las se\u00f1ales del recorrido a seguir giran hacia la derecha y noreste como intentando surcar todo el balc\u00f3n, la morrena del plateau que forman la base de los 3 ibones restantes de Coronas. Justo ahora tenemos a la vista a nuestra derecha y poco a poco lo iremos dejando atr\u00e1s y abajo, encajonado entre las rocas y neveros de lugar, el Ib\u00f3n Inferior de Coronas; que la verdad tiene casi las mismas dimensiones que el Ibonet m\u00e1s abajo. Observamos como un grupo de \u00abvalientes\u00bb quieren bajar por una empinada pala hasta sus orillas. Lea y yo seguimos en direcci\u00f3n noroeste con la visi\u00f3n (si las nubes nos dejan) del c\u00f3nico Pico Arag\u00fcells enfrente&#8230; como si fu\u00e9ramos a subirlo, directos a \u00e9l. Pero una vez llegados casi hasta sus laderas en su base, giramos a la izquierda y norte para no subir m\u00e1s, y asomarnos a una roca o morrenita que hace de margen o mota del ib\u00f3n m\u00e1s grande de los 3 de Coronas: el Ib\u00f3n del Medio. Justo a nuestra izquierda queda la subida y base del Pico Arag\u00fcells y el Collado de Creg\u00fce\u00f1a a su derecha y norte.<\/p>\n<div id=\"attachment_32440\" style=\"width: 1034px\" class=\"wp-caption aligncenter\"><a class=\"dt-single-image\" href=\"https:\/\/www.monta\u00f1asdelaluna.es\/wp-content\/uploads\/2016\/08\/IMG_1050.jpg\" data-dt-img-description=\"\"><img loading=\"lazy\" decoding=\"async\" aria-describedby=\"caption-attachment-32440\" class=\"wp-image-32440 size-large\" src=\"https:\/\/www.monta\u00f1asdelaluna.es\/wp-content\/uploads\/2016\/08\/IMG_1050-1024x768.jpg\" alt=\"Campamento a orillas del Ib\u00f3n del Medio, la Cresta de Llosars detr\u00e1s\" width=\"1024\" height=\"768\" srcset=\"https:\/\/www.monta\u00f1asdelaluna.es\/wp-content\/uploads\/2016\/08\/IMG_1050-1024x768.jpg 1024w, https:\/\/www.monta\u00f1asdelaluna.es\/wp-content\/uploads\/2016\/08\/IMG_1050-300x225.jpg 300w, https:\/\/www.monta\u00f1asdelaluna.es\/wp-content\/uploads\/2016\/08\/IMG_1050.jpg 1824w\" sizes=\"auto, (max-width: 1024px) 100vw, 1024px\" \/><\/a><p id=\"caption-attachment-32440\" class=\"wp-caption-text\">Campamento a orillas del Ib\u00f3n del Medio, la Cresta de Llosars detr\u00e1s<\/p><\/div>\n<div id=\"attachment_32443\" style=\"width: 1034px\" class=\"wp-caption aligncenter\"><a class=\"dt-single-image\" href=\"https:\/\/www.monta\u00f1asdelaluna.es\/wp-content\/uploads\/2016\/08\/IMG_1054.jpg\" data-dt-img-description=\"\"><img loading=\"lazy\" decoding=\"async\" aria-describedby=\"caption-attachment-32443\" class=\"wp-image-32443 size-large\" src=\"https:\/\/www.monta\u00f1asdelaluna.es\/wp-content\/uploads\/2016\/08\/IMG_1054-1024x768.jpg\" alt=\"Campamento a orillas del Ib\u00f3n del Medio\" width=\"1024\" height=\"768\" srcset=\"https:\/\/www.monta\u00f1asdelaluna.es\/wp-content\/uploads\/2016\/08\/IMG_1054-1024x768.jpg 1024w, https:\/\/www.monta\u00f1asdelaluna.es\/wp-content\/uploads\/2016\/08\/IMG_1054-300x225.jpg 300w, https:\/\/www.monta\u00f1asdelaluna.es\/wp-content\/uploads\/2016\/08\/IMG_1054.jpg 1824w\" sizes=\"auto, (max-width: 1024px) 100vw, 1024px\" \/><\/a><p id=\"caption-attachment-32443\" class=\"wp-caption-text\">Campamento a orillas del Ib\u00f3n del Medio<\/p><\/div>\n<p>Nos paramos aqu\u00ed. Arriba de una roca cerca de las orillas del ib\u00f3n, a la izquierda del ib\u00f3n o entre el mismo ib\u00f3n y el balc\u00f3n que mira al Valle de Coronas y Vallibierna, para que los compa\u00f1eros que faltan nos vean al subir y se acerquen al lugar. Hay una peque\u00f1a planicie cubierta de nieve y observamos como el resto de grupos, de monta\u00f1eros, montan sus tiendas en la parte m\u00e1s a la derecha del mismo ib\u00f3n, cerca de las orillas hay muritos de piedras para vivac donde montar la tienda no haya nieve) y arriba del mismo balc\u00f3n y alejado de las orillas del ib\u00f3n tambi\u00e9n Pako Crestas y su grupo montan sus dos tiendas.<\/p>\n<p>Al cabo de unos minutos aparece Francesc por el lado derecho, por la zona donde se encontraban el resto de tiendas. Nos busca. Al final llama al resto de compa\u00f1eros y entre dudas y poco tiempo antes de que caiga la lluvia (el tiempo cada vez se pone peor) decidimos montar las tiendas sobre la nieve, en esta peque\u00f1a plataforma llana que a su vez al estar en una zona desprotegida de vientos nos hac\u00eda dudar sobre si montar el campamento o no. A la bajada del Aneto tendr\u00edamos las consecuencias de esta duda razonable&#8230;<\/p>\n<div id=\"attachment_32454\" style=\"width: 1034px\" class=\"wp-caption aligncenter\"><a class=\"dt-single-image\" href=\"https:\/\/www.monta\u00f1asdelaluna.es\/wp-content\/uploads\/2016\/08\/IMG_1068.jpg\" data-dt-img-description=\"\"><img loading=\"lazy\" decoding=\"async\" aria-describedby=\"caption-attachment-32454\" class=\"wp-image-32454 size-large\" src=\"https:\/\/www.monta\u00f1asdelaluna.es\/wp-content\/uploads\/2016\/08\/IMG_1068-1024x768.jpg\" alt=\"Campamento a orillas del Ib\u00f3n del Medio, detr\u00e1s las monta\u00f1as del Valle de Vallibierna\" width=\"1024\" height=\"768\" srcset=\"https:\/\/www.monta\u00f1asdelaluna.es\/wp-content\/uploads\/2016\/08\/IMG_1068-1024x768.jpg 1024w, https:\/\/www.monta\u00f1asdelaluna.es\/wp-content\/uploads\/2016\/08\/IMG_1068-300x225.jpg 300w, https:\/\/www.monta\u00f1asdelaluna.es\/wp-content\/uploads\/2016\/08\/IMG_1068.jpg 1824w\" sizes=\"auto, (max-width: 1024px) 100vw, 1024px\" \/><\/a><p id=\"caption-attachment-32454\" class=\"wp-caption-text\">Campamento a orillas del Ib\u00f3n del Medio, detr\u00e1s las monta\u00f1as del Valle de Vallibierna<\/p><\/div>\n<div id=\"attachment_32457\" style=\"width: 1034px\" class=\"wp-caption aligncenter\"><a class=\"dt-single-image\" href=\"https:\/\/www.monta\u00f1asdelaluna.es\/wp-content\/uploads\/2016\/08\/IMG_1076.jpg\" data-dt-img-description=\"\"><img loading=\"lazy\" decoding=\"async\" aria-describedby=\"caption-attachment-32457\" class=\"wp-image-32457 size-large\" src=\"https:\/\/www.monta\u00f1asdelaluna.es\/wp-content\/uploads\/2016\/08\/IMG_1076-1024x768.jpg\" alt=\"Amanece en el campamento con el Aneto detr\u00e1s en el centro\" width=\"1024\" height=\"768\" srcset=\"https:\/\/www.monta\u00f1asdelaluna.es\/wp-content\/uploads\/2016\/08\/IMG_1076-1024x768.jpg 1024w, https:\/\/www.monta\u00f1asdelaluna.es\/wp-content\/uploads\/2016\/08\/IMG_1076-300x225.jpg 300w\" sizes=\"auto, (max-width: 1024px) 100vw, 1024px\" \/><\/a><p id=\"caption-attachment-32457\" class=\"wp-caption-text\">Amanece en el campamento con el Aneto detr\u00e1s en el centro<\/p><\/div>\n<p>Pero al final no llueve, ni har\u00e1 mal tiempo, fr\u00edo s\u00ed. Estamos a m\u00e1s de 2.700 mts. y la noche y las sombras nos quieren abordar mientras ya tenemos montadas las 3 tiendas y queremos cenar. Un ratoncito que vive entre las rocas quiere cenar con nosotros, mientras sacamos los hornillos y comida y nos vamos quitando peso. Yo estreno tienda; me he comprado una Vaude Space II que no es excesivamente ligera pero tiene las columnas de agua m\u00e1s altas en este tipo de tienda 3 estaciones. Xavi duerme conmigo en la tienda y casi que podr\u00eda entrar una tercera persona. Antes hemos repartido el peso de la misma entre su mochila y la m\u00eda para subirla.<\/p>\n<p>Al otro d\u00eda nos levantamos cuando casi es noche cerrada a\u00fan. La claridad solo se perfilaba por el filo de la Cresta de Llosars casi lastimeramente. Nos vamos esperezando, nos equipamos, desayunamos y r\u00e1pidamente ya deber\u00edamos estar caminando en direcci\u00f3n al Aneto&#8230; otros grupos ya salen, los primeros son los chicos de Pako Crestas; otros saldr\u00e1n justo detr\u00e1s nuestro. Estamos saliendo y Olga tiene que ajustarse los crampones. Es importante en esta actividad tener toda la equipaci\u00f3n revisada y bien ajustada, con su buen mantenimiento, pues la peligrosidad de que falle alguna de estas herramientas en mitad del inclinado corredor puede ser alta, muy alta. Por ello hay que ir sobreseguros con nuestras herramientas y hierros.<\/p>\n<div id=\"attachment_32459\" style=\"width: 1034px\" class=\"wp-caption aligncenter\"><a class=\"dt-single-image\" href=\"https:\/\/www.monta\u00f1asdelaluna.es\/wp-content\/uploads\/2016\/08\/IMG_1083.jpg\" data-dt-img-description=\"\"><img loading=\"lazy\" decoding=\"async\" aria-describedby=\"caption-attachment-32459\" class=\"wp-image-32459 size-large\" src=\"https:\/\/www.monta\u00f1asdelaluna.es\/wp-content\/uploads\/2016\/08\/IMG_1083-1024x768.jpg\" alt=\"Delante Xavi saliendo del Ib\u00f3n Medio de Coronas\" width=\"1024\" height=\"768\" srcset=\"https:\/\/www.monta\u00f1asdelaluna.es\/wp-content\/uploads\/2016\/08\/IMG_1083-1024x768.jpg 1024w, https:\/\/www.monta\u00f1asdelaluna.es\/wp-content\/uploads\/2016\/08\/IMG_1083-300x225.jpg 300w, https:\/\/www.monta\u00f1asdelaluna.es\/wp-content\/uploads\/2016\/08\/IMG_1083.jpg 1824w\" sizes=\"auto, (max-width: 1024px) 100vw, 1024px\" \/><\/a><p id=\"caption-attachment-32459\" class=\"wp-caption-text\">Delante Xavi saliendo del Ib\u00f3n Medio de Coronas<\/p><\/div>\n<div id=\"attachment_32462\" style=\"width: 1034px\" class=\"wp-caption aligncenter\"><a class=\"dt-single-image\" href=\"https:\/\/www.monta\u00f1asdelaluna.es\/wp-content\/uploads\/2016\/08\/IMG_1087.jpg\" data-dt-img-description=\"\"><img loading=\"lazy\" decoding=\"async\" aria-describedby=\"caption-attachment-32462\" class=\"wp-image-32462 size-large\" src=\"https:\/\/www.monta\u00f1asdelaluna.es\/wp-content\/uploads\/2016\/08\/IMG_1087-1024x768.jpg\" alt=\"Delante Flora saliendo del Ib\u00f3n Medio de Coronas\" width=\"1024\" height=\"768\" srcset=\"https:\/\/www.monta\u00f1asdelaluna.es\/wp-content\/uploads\/2016\/08\/IMG_1087-1024x768.jpg 1024w, https:\/\/www.monta\u00f1asdelaluna.es\/wp-content\/uploads\/2016\/08\/IMG_1087-300x225.jpg 300w, https:\/\/www.monta\u00f1asdelaluna.es\/wp-content\/uploads\/2016\/08\/IMG_1087.jpg 1824w\" sizes=\"auto, (max-width: 1024px) 100vw, 1024px\" \/><\/a><p id=\"caption-attachment-32462\" class=\"wp-caption-text\">Delante Flora saliendo del Ib\u00f3n Medio de Coronas<\/p><\/div>\n<p>El d\u00eda est\u00e1 mucho m\u00e1s despejado. Lo mismo que ayer por la tarde y a \u00faltima hora estaba tapado y con amenazante mal tiempo, ahora una gran nube alta por encima de todos los picos nada amenazadora, inunda ahora el cielo del Pirineo; mientras la claridad nos iba descubriendo la gran mole del Aneto al norte y hac\u00eda la que nos deb\u00edamos dirigir. Delante ten\u00edamos todo el Circo de Coronas entre las Crestas de Creg\u00fce\u00f1a a la izquierda y oeste, la Cresta de Llosars a la derecha y este, y al norte la Cresta de En Medio (Pico Maldito, Punta d&#8217;Astorg, Pico del Medio), Pico Coronas, y al noreste en una \u00abesquina\u00bb del mismo circo la deformada mole del Aneto. El Corredor Estasen no se ve a\u00fan, est\u00e1 oculta en una misma revuelta de la mole rocosa y alta del Aneto. Cuando ya giremos hac\u00eda la base de la monta\u00f1a, ser\u00e1 cuando la tengamos delante.<\/p>\n<p>Salimos del campamento bordeando por el sur el Ib\u00f3n Medio de Coronas para coger, al otro lado del mismo, la huella y subida directa hacia el alto Collado de Coronas. La marcha va con buen paso, unos m\u00e1s r\u00e1pidos que otros pero la huella y la magn\u00edfica visibilidad en la monta\u00f1a hace que no tengamos p\u00e9rdida en la aproximaci\u00f3n a la base suroeste de la monta\u00f1a del Aneto. Adem\u00e1s solo tenemos que seguir el camino que las personitas que ya asolan la entrada del Corredor han dejado tras ellos. La nieve ya es muy abundante a partir del mismo campamento, y m\u00e1s arriba mientras seguimos la subida al Collado Coronas, las formas de la misma se ondulan y suaviza en sus empinadas pendientes siendo la se\u00f1al en el mismo dibujo y perfil de la misma de abundancia y consistencia bajo nuestros pies.<\/p>\n<div id=\"attachment_32464\" style=\"width: 1034px\" class=\"wp-caption aligncenter\"><a class=\"dt-single-image\" href=\"https:\/\/www.monta\u00f1asdelaluna.es\/wp-content\/uploads\/2016\/08\/IMG_1090.jpg\" data-dt-img-description=\"\"><img loading=\"lazy\" decoding=\"async\" aria-describedby=\"caption-attachment-32464\" class=\"wp-image-32464 size-large\" src=\"https:\/\/www.monta\u00f1asdelaluna.es\/wp-content\/uploads\/2016\/08\/IMG_1090-1024x768.jpg\" alt=\"Atr\u00e1s dejamos el Ib\u00f3n Medio de Coronas y el Pico Arag\u00fcells a la derecha\" width=\"1024\" height=\"768\" srcset=\"https:\/\/www.monta\u00f1asdelaluna.es\/wp-content\/uploads\/2016\/08\/IMG_1090-1024x768.jpg 1024w, https:\/\/www.monta\u00f1asdelaluna.es\/wp-content\/uploads\/2016\/08\/IMG_1090-300x225.jpg 300w, https:\/\/www.monta\u00f1asdelaluna.es\/wp-content\/uploads\/2016\/08\/IMG_1090.jpg 1824w\" sizes=\"auto, (max-width: 1024px) 100vw, 1024px\" \/><\/a><p id=\"caption-attachment-32464\" class=\"wp-caption-text\">Atr\u00e1s dejamos el Ib\u00f3n Medio de Coronas y el Pico Arag\u00fcells a la derecha<\/p><\/div>\n<div id=\"attachment_32468\" style=\"width: 1034px\" class=\"wp-caption aligncenter\"><a class=\"dt-single-image\" href=\"https:\/\/www.monta\u00f1asdelaluna.es\/wp-content\/uploads\/2016\/08\/IMG_1103.jpg\" data-dt-img-description=\"\"><img loading=\"lazy\" decoding=\"async\" aria-describedby=\"caption-attachment-32468\" class=\"wp-image-32468 size-large\" src=\"https:\/\/www.monta\u00f1asdelaluna.es\/wp-content\/uploads\/2016\/08\/IMG_1103-1024x768.jpg\" alt=\"Comienzo del Corredor Estasen en el centro\" width=\"1024\" height=\"768\" srcset=\"https:\/\/www.monta\u00f1asdelaluna.es\/wp-content\/uploads\/2016\/08\/IMG_1103-1024x768.jpg 1024w, https:\/\/www.monta\u00f1asdelaluna.es\/wp-content\/uploads\/2016\/08\/IMG_1103-300x225.jpg 300w, https:\/\/www.monta\u00f1asdelaluna.es\/wp-content\/uploads\/2016\/08\/IMG_1103.jpg 1824w\" sizes=\"auto, (max-width: 1024px) 100vw, 1024px\" \/><\/a><p id=\"caption-attachment-32468\" class=\"wp-caption-text\">Comienzo del Corredor Estasen en el centro<\/p><\/div>\n<p>Detr\u00e1s dejamos la hermosa visi\u00f3n de los ibones a\u00fan helados, llenos de nieve y hielo, como si a\u00fan fuera invierno, con la punta del c\u00f3nico Pico Arag\u00fcells como fondo sobre ellos. Precioso. A medida que vamos cogiendo altura camino del mencionado collado, las vistas al otro lado del Valle de Vallibierna se va abriendo y agrand\u00e1ndose \u00a1Qu\u00e9 estupendo y grandioso paisaje se ver\u00e1 desde la cima del pico m\u00e1s alto del Pirineo! Ya vemos parte del macizo del Posets y m\u00e1s al sur el solitario Cotiella.<\/p>\n<p>Llegamos a un punto que en lugar de seguir subiendo por el supuesto camino y huella hacia el Collado de Coronas, que giramos a la derecha por una inclinada pendiente surcada en su centro por un peque\u00f1o alud, atraves\u00e1ndola en diagonal y sin demasiada pendiente hacia una obertura ancha entre las rocas de la base del Aneto. Dicha ancha obertura parece que hace unas eses con una inclinaci\u00f3n apreciable en esta primera parte, oprimida entre rocas y espolones del mismo Aneto. M\u00e1s arriba las mismas rocas y espolones, pilares de la cara suroeste del Aneto nos impiden saber por d\u00f3nde va, por donde discurre: es el Corredor Estasen. Lo cogemos a unos 3.100 mts. de altitud y nos deja a unos 3.325 mts., o sea unos 225 mts. de corredor.<\/p>\n<div id=\"attachment_32472\" style=\"width: 1034px\" class=\"wp-caption aligncenter\"><a class=\"dt-single-image\" href=\"https:\/\/www.monta\u00f1asdelaluna.es\/wp-content\/uploads\/2016\/08\/IMG_1110.jpg\" data-dt-img-description=\"\"><img loading=\"lazy\" decoding=\"async\" aria-describedby=\"caption-attachment-32472\" class=\"wp-image-32472 size-large\" src=\"https:\/\/www.monta\u00f1asdelaluna.es\/wp-content\/uploads\/2016\/08\/IMG_1110-1024x768.jpg\" alt=\"Al fondo queda el Posets y Las Espadas\" width=\"1024\" height=\"768\" srcset=\"https:\/\/www.monta\u00f1asdelaluna.es\/wp-content\/uploads\/2016\/08\/IMG_1110-1024x768.jpg 1024w, https:\/\/www.monta\u00f1asdelaluna.es\/wp-content\/uploads\/2016\/08\/IMG_1110-300x225.jpg 300w, https:\/\/www.monta\u00f1asdelaluna.es\/wp-content\/uploads\/2016\/08\/IMG_1110.jpg 1824w\" sizes=\"auto, (max-width: 1024px) 100vw, 1024px\" \/><\/a><p id=\"caption-attachment-32472\" class=\"wp-caption-text\">Al fondo queda el Posets y Las Espadas<\/p><\/div>\n<div id=\"attachment_32477\" style=\"width: 1034px\" class=\"wp-caption aligncenter\"><a class=\"dt-single-image\" href=\"https:\/\/www.monta\u00f1asdelaluna.es\/wp-content\/uploads\/2016\/08\/IMG_1116.jpg\" data-dt-img-description=\"\"><img loading=\"lazy\" decoding=\"async\" aria-describedby=\"caption-attachment-32477\" class=\"wp-image-32477 size-large\" src=\"https:\/\/www.monta\u00f1asdelaluna.es\/wp-content\/uploads\/2016\/08\/IMG_1116-1024x768.jpg\" alt=\"Entrando en el Corredor Estasen (es por el centro izquierda)\" width=\"1024\" height=\"768\" srcset=\"https:\/\/www.monta\u00f1asdelaluna.es\/wp-content\/uploads\/2016\/08\/IMG_1116-1024x768.jpg 1024w, https:\/\/www.monta\u00f1asdelaluna.es\/wp-content\/uploads\/2016\/08\/IMG_1116-300x225.jpg 300w, https:\/\/www.monta\u00f1asdelaluna.es\/wp-content\/uploads\/2016\/08\/IMG_1116.jpg 1824w\" sizes=\"auto, (max-width: 1024px) 100vw, 1024px\" \/><\/a><p id=\"caption-attachment-32477\" class=\"wp-caption-text\">Entrando en el Corredor Estasen (es por el centro izquierda)<\/p><\/div>\n<div id=\"attachment_32478\" style=\"width: 1034px\" class=\"wp-caption aligncenter\"><a class=\"dt-single-image\" href=\"https:\/\/www.monta\u00f1asdelaluna.es\/wp-content\/uploads\/2016\/08\/IMG_1117.jpg\" data-dt-img-description=\"\"><img loading=\"lazy\" decoding=\"async\" aria-describedby=\"caption-attachment-32478\" class=\"wp-image-32478 size-large\" src=\"https:\/\/www.monta\u00f1asdelaluna.es\/wp-content\/uploads\/2016\/08\/IMG_1117-1024x768.jpg\" alt=\"Subida por el Corredor Estasen\" width=\"1024\" height=\"768\" srcset=\"https:\/\/www.monta\u00f1asdelaluna.es\/wp-content\/uploads\/2016\/08\/IMG_1117-1024x768.jpg 1024w, https:\/\/www.monta\u00f1asdelaluna.es\/wp-content\/uploads\/2016\/08\/IMG_1117-300x225.jpg 300w, https:\/\/www.monta\u00f1asdelaluna.es\/wp-content\/uploads\/2016\/08\/IMG_1117.jpg 1824w\" sizes=\"auto, (max-width: 1024px) 100vw, 1024px\" \/><\/a><p id=\"caption-attachment-32478\" class=\"wp-caption-text\">Subida por el Corredor Estasen<\/p><\/div>\n<p>Nos agrupamos antes de equiparnos m\u00e1s o decidir si nos equipamos m\u00e1s. Otros grupos ya est\u00e1n metidos en la entrada del mismo corredor. Algunos van encordados, otros no, la mayor\u00eda no. Una cordada se equivoca y pretende seguir recto por el corredor sin seguir la huella que hace como eses en la parte m\u00e1s inclinada. Se dan cuenta y retroceden para coger la huella. Hay bastante gente: podemos ser, cont\u00e1ndonos a nosotros entre 25 a 30 personas metidas en el corredor. 2 de los compa\u00f1eros de Pako Crestas ya bajan, ya lo han hecho y bajan por donde han subido, por el mismo corredor \u00a1M\u00e1kinas! llevan una velocidad y seguridad envidiables. El resto del grupo de Pako Crestas est\u00e1n intentando otra v\u00eda a la derecha del Corredor Estasen. Alguna piedra se les caer\u00e1 y pasar\u00e1 casi roz\u00e1ndonos por en medio del corredor con una peligrosa velocidad. Yo al final no me encuerdo, con los 2 piolets t\u00e9cnicos y sus dragoneras bien cogidas a mis mu\u00f1ecas para que no se escapen de mis manos creo que tengo suficiente&#8230; y as\u00ed comenzamos a subir y avanzar por en medio del Corredor Estasen.<\/p>\n<p>La nieve est\u00e1 perfecta. Durilla sobre todo si pisas en las huellas. Todo el corredor est\u00e1 marcado como una escalera por las huellas de anteriores monta\u00f1eros de otros fines de semana. O sea que al final se hace f\u00e1cil, menos si mirabas hacia atr\u00e1s y descubr\u00edas la pendiente y el tobog\u00e1n que formaba el corredor. Tremendo. Justo antes de finalizar la S la inclinaci\u00f3n del corredor sobrepasa los 50\u00ba. Despu\u00e9s se suaviza en pocos grados menos y se ensancha teniendo bajo nuestros pies un largo trecho de pendiente vertiginosa. Voy de los primeros. Lea va detr\u00e1s (o mejor dicho bajo de mi). Es muy dif\u00edcil hacer fotos como dios manda, tengo miedo de que f\u00e1cilmente se me caiga la c\u00e1mara, tendr\u00eda que haberla atado a alg\u00fan cordino como hac\u00eda en los polvorientos conciertos de m\u00fasica rock, para que si se me escapa de las manos no se cayera. Hacia arriba s\u00ed puedo hacer fotos m\u00e1s c\u00f3modamente, pero la sensaci\u00f3n en las fotos en esta postura y punto de vista no es la adecuada, no se nota la pendiente ni lo que hacemos ni donde estamos&#8230; pero lo complicado es hacerla hac\u00eda abajo, lo ya recorrido y los compa\u00f1eros que me siguen.<\/p>\n<div id=\"attachment_32479\" style=\"width: 1034px\" class=\"wp-caption aligncenter\"><a class=\"dt-single-image\" href=\"https:\/\/www.monta\u00f1asdelaluna.es\/wp-content\/uploads\/2016\/08\/IMG_1118.jpg\" data-dt-img-description=\"\"><img loading=\"lazy\" decoding=\"async\" aria-describedby=\"caption-attachment-32479\" class=\"wp-image-32479 size-large\" src=\"https:\/\/www.monta\u00f1asdelaluna.es\/wp-content\/uploads\/2016\/08\/IMG_1118-1024x768.jpg\" alt=\"Subida por el Corredor Estasen\" width=\"1024\" height=\"768\" srcset=\"https:\/\/www.monta\u00f1asdelaluna.es\/wp-content\/uploads\/2016\/08\/IMG_1118-1024x768.jpg 1024w, https:\/\/www.monta\u00f1asdelaluna.es\/wp-content\/uploads\/2016\/08\/IMG_1118-300x225.jpg 300w, https:\/\/www.monta\u00f1asdelaluna.es\/wp-content\/uploads\/2016\/08\/IMG_1118.jpg 1824w\" sizes=\"auto, (max-width: 1024px) 100vw, 1024px\" \/><\/a><p id=\"caption-attachment-32479\" class=\"wp-caption-text\">Subida por el Corredor Estasen<\/p><\/div>\n<div id=\"attachment_32482\" style=\"width: 1034px\" class=\"wp-caption aligncenter\"><a class=\"dt-single-image\" href=\"https:\/\/www.monta\u00f1asdelaluna.es\/wp-content\/uploads\/2016\/08\/IMG_1121.jpg\" data-dt-img-description=\"\"><img loading=\"lazy\" decoding=\"async\" aria-describedby=\"caption-attachment-32482\" class=\"wp-image-32482 size-large\" src=\"https:\/\/www.monta\u00f1asdelaluna.es\/wp-content\/uploads\/2016\/08\/IMG_1121-1024x768.jpg\" alt=\"Corredor Estasen, arriba la Petit Black\" width=\"1024\" height=\"768\" srcset=\"https:\/\/www.monta\u00f1asdelaluna.es\/wp-content\/uploads\/2016\/08\/IMG_1121-1024x768.jpg 1024w, https:\/\/www.monta\u00f1asdelaluna.es\/wp-content\/uploads\/2016\/08\/IMG_1121-300x225.jpg 300w, https:\/\/www.monta\u00f1asdelaluna.es\/wp-content\/uploads\/2016\/08\/IMG_1121.jpg 1824w\" sizes=\"auto, (max-width: 1024px) 100vw, 1024px\" \/><\/a><p id=\"caption-attachment-32482\" class=\"wp-caption-text\">Corredor Estasen, arriba la Petit Black<\/p><\/div>\n<p>Voy por la mitad del corredor donde hay momentos que clavar los picos de los piolets es m\u00e1s inc\u00f3modo que clavar la punta del palo del mismo. Tengo un numeroso grupo justo arriba de m\u00ed al que fotograf\u00edo. M\u00e1s arriba observo como algunos se van metiendo por un estrecho pasillo, corredorcillo que gira a la derecha y arriba entre dos sendas barreras rocosas escarpadas y verticales a modo de peque\u00f1os espolones: esta es la variante de la Petit Black. Esta se diferencia perfectamente su inclinaci\u00f3n, mayor a la que lleva la Estasen. Incluso en las fotos. Son varias cordadas las que van por arriba de m\u00ed cada uno por un lado del corredor y yo por en medio.<\/p>\n<p>Llego al cruce de la Y: a la izquierda sigue la v\u00eda del Corredor Estasen normal, a la derecha metidos en el nombrado corredorcillo la Petit Black. Yo no sab\u00eda que exist\u00eda esta variante, esta Petit Black. Solo ve\u00eda que todo el mundo delante y arriba de m\u00ed se met\u00edan por esta inclinada y estrecha v\u00eda y yo les segu\u00eda. El resto de mis compa\u00f1eros estaban debajo de m\u00ed como para decirme o explicarme (o gritarme) \u00ab\u00bfEs que te vas a meter por la Petit Black?\u00bb Pero no fue as\u00ed. El que me segu\u00eda m\u00e1s de cerca debajo de mi era Lea que me sigui\u00f3 sin decir ni mu. Olga que estaba en medio de ninguna parte y no ten\u00eda compa\u00f1eros alrededor que la guiaran o visualizara para seguir, opt\u00f3 por avanzar por la normal de la Estasen, por la izquierda&#8230; y la perdimos de vista metidos en el \u00abcallej\u00f3n\u00bb de la Petit Black. Aqu\u00ed la inclinaci\u00f3n ya era de 60\u00ba de m\u00e1ximo; y las cordadas que me preced\u00edan incluso hac\u00edan reuniones en algunas parte de la roca del corredorcillo; pero era divertido. En pocos metros ya subiendo enseguida llego al final del estrecho corredor Petit Black en la parte final (m\u00e1s cerca del Aneto) de la Cresta de Llosars. Las vistas del corredor hacia abajo en el hueco que deja son soberbias, tremendas, demoledoras&#8230; Lea poco a poco va llegando al final del mismo tambi\u00e9n mientras fotograf\u00edo su avance.<\/p>\n<div id=\"attachment_32486\" style=\"width: 1034px\" class=\"wp-caption aligncenter\"><a class=\"dt-single-image\" href=\"https:\/\/www.monta\u00f1asdelaluna.es\/wp-content\/uploads\/2016\/08\/IMG_1130.jpg\" data-dt-img-description=\"\"><img loading=\"lazy\" decoding=\"async\" aria-describedby=\"caption-attachment-32486\" class=\"wp-image-32486 size-large\" src=\"https:\/\/www.monta\u00f1asdelaluna.es\/wp-content\/uploads\/2016\/08\/IMG_1130-1024x768.jpg\" alt=\"Lea en el Corredor Estasen\" width=\"1024\" height=\"768\" srcset=\"https:\/\/www.monta\u00f1asdelaluna.es\/wp-content\/uploads\/2016\/08\/IMG_1130-1024x768.jpg 1024w, https:\/\/www.monta\u00f1asdelaluna.es\/wp-content\/uploads\/2016\/08\/IMG_1130-300x225.jpg 300w, https:\/\/www.monta\u00f1asdelaluna.es\/wp-content\/uploads\/2016\/08\/IMG_1130.jpg 1824w\" sizes=\"auto, (max-width: 1024px) 100vw, 1024px\" \/><\/a><p id=\"caption-attachment-32486\" class=\"wp-caption-text\">Lea en el Corredor Estasen<\/p><\/div>\n<div id=\"attachment_32488\" style=\"width: 1034px\" class=\"wp-caption aligncenter\"><a class=\"dt-single-image\" href=\"https:\/\/www.monta\u00f1asdelaluna.es\/wp-content\/uploads\/2016\/08\/IMG_1132.jpg\" data-dt-img-description=\"\"><img loading=\"lazy\" decoding=\"async\" aria-describedby=\"caption-attachment-32488\" class=\"wp-image-32488 size-large\" src=\"https:\/\/www.monta\u00f1asdelaluna.es\/wp-content\/uploads\/2016\/08\/IMG_1132-1024x768.jpg\" alt=\"Lea en la Petit Black del Corredor Estasen\" width=\"1024\" height=\"768\" srcset=\"https:\/\/www.monta\u00f1asdelaluna.es\/wp-content\/uploads\/2016\/08\/IMG_1132-1024x768.jpg 1024w, https:\/\/www.monta\u00f1asdelaluna.es\/wp-content\/uploads\/2016\/08\/IMG_1132-300x225.jpg 300w, https:\/\/www.monta\u00f1asdelaluna.es\/wp-content\/uploads\/2016\/08\/IMG_1132.jpg 1824w\" sizes=\"auto, (max-width: 1024px) 100vw, 1024px\" \/><\/a><p id=\"caption-attachment-32488\" class=\"wp-caption-text\">Lea en la Petit Black del Corredor Estasen<\/p><\/div>\n<div id=\"attachment_32491\" style=\"width: 1034px\" class=\"wp-caption aligncenter\"><a class=\"dt-single-image\" href=\"https:\/\/www.monta\u00f1asdelaluna.es\/wp-content\/uploads\/2016\/08\/IMG_1135.jpg\" data-dt-img-description=\"\"><img loading=\"lazy\" decoding=\"async\" aria-describedby=\"caption-attachment-32491\" class=\"wp-image-32491 size-large\" src=\"https:\/\/www.monta\u00f1asdelaluna.es\/wp-content\/uploads\/2016\/08\/IMG_1135-1024x768.jpg\" alt=\"Lea saliendo de la Petit Black del Corredor Estasen\" width=\"1024\" height=\"768\" srcset=\"https:\/\/www.monta\u00f1asdelaluna.es\/wp-content\/uploads\/2016\/08\/IMG_1135-1024x768.jpg 1024w, https:\/\/www.monta\u00f1asdelaluna.es\/wp-content\/uploads\/2016\/08\/IMG_1135-300x225.jpg 300w, https:\/\/www.monta\u00f1asdelaluna.es\/wp-content\/uploads\/2016\/08\/IMG_1135.jpg 1824w\" sizes=\"auto, (max-width: 1024px) 100vw, 1024px\" \/><\/a><p id=\"caption-attachment-32491\" class=\"wp-caption-text\">Lea saliendo de la Petit Black del Corredor Estasen<\/p><\/div>\n<p>Justo al llegar a la cresta vi como algunos de los monta\u00f1eros que me preced\u00edan desaparec\u00edan al otro lado de la roca que yo ten\u00eda a mi izquierda (seg\u00fan salgo del corredor) y norte. Es una aguja o agujita sin nombre. La pasan sin subirla, por el lado este de la misma. Ya veo las huellas y los pasos. Y as\u00ed hago lo mismo que ellos para cruzar al otro lado de esta agujita. Casualmente al otro lado estaba la salida de la v\u00eda normal del Corredor Estasen. Cruzo al otro lado y espero a Lea y a Xavi que tambi\u00e9n ha salido de la Petit Black, para subir los escarpes finales hasta la muy pr\u00f3xima cima del Aneto&#8230; que ya se ve\u00eda su reconocible cruz all\u00e1 arriba de las rocas desde estos pasos. He cruzado al otro lado (sin tocar el pico, bordeando por el lado derecho, este, y algo expuesto) de la agujita que divide las dos salidas de los corredores; he pasado por arriba de la salida de la Estasen y ya me encontraba, al final de la cresta hacia el norte, subiendo los encrespados y escarpados perfiles de la misma cima del Aneto. Aqu\u00ed me re\u00fano con Lea y Xavi, entre otras cosas tengo que parar por que las cordadas precedentes hacen cola para solventar los pasos de roca que vienen.<\/p>\n<p>Cruzamos al otro lado de esta especie de torre f\u00e1cil de roca, por un paso tambi\u00e9n entre grandes piedras (en forma de s\u00e1ndwich) a la derecha y cogiendo r\u00e1pidamente, al otro lado del paso girando algo a la izquierda y arriba, una pala nevada que nos llevar\u00e1 a 2 pasos de la misma cima del Aneto hacia arriba&#8230; y ya estamos en la cima del Aneto, 3.404 mts. de altura, el Techo del Pirineo.<\/p>\n<div id=\"attachment_32497\" style=\"width: 1034px\" class=\"wp-caption aligncenter\"><a class=\"dt-single-image\" href=\"https:\/\/www.monta\u00f1asdelaluna.es\/wp-content\/uploads\/2016\/08\/IMG_1141.jpg\" data-dt-img-description=\"\"><img loading=\"lazy\" decoding=\"async\" aria-describedby=\"caption-attachment-32497\" class=\"wp-image-32497 size-large\" src=\"https:\/\/www.monta\u00f1asdelaluna.es\/wp-content\/uploads\/2016\/08\/IMG_1141-1024x768.jpg\" alt=\"Subida al Aneto (se ve la cruz de la cima arriba)\" width=\"1024\" height=\"768\" srcset=\"https:\/\/www.monta\u00f1asdelaluna.es\/wp-content\/uploads\/2016\/08\/IMG_1141-1024x768.jpg 1024w, https:\/\/www.monta\u00f1asdelaluna.es\/wp-content\/uploads\/2016\/08\/IMG_1141-300x225.jpg 300w, https:\/\/www.monta\u00f1asdelaluna.es\/wp-content\/uploads\/2016\/08\/IMG_1141.jpg 1824w\" sizes=\"auto, (max-width: 1024px) 100vw, 1024px\" \/><\/a><p id=\"caption-attachment-32497\" class=\"wp-caption-text\">Subida al Aneto (se ve la cruz de la cima arriba)<\/p><\/div>\n<div id=\"attachment_32507\" style=\"width: 1834px\" class=\"wp-caption aligncenter\"><a class=\"dt-single-image\" href=\"https:\/\/www.monta\u00f1asdelaluna.es\/wp-content\/uploads\/2016\/08\/IMG_1156.jpg\" data-dt-img-description=\"\"><img loading=\"lazy\" decoding=\"async\" aria-describedby=\"caption-attachment-32507\" class=\"wp-image-32507 size-full\" src=\"https:\/\/www.monta\u00f1asdelaluna.es\/wp-content\/uploads\/2016\/08\/IMG_1156.jpg\" alt=\"Lea pasando por arriba de la salida del Corredor Estasen\" width=\"1824\" height=\"1368\" srcset=\"https:\/\/www.monta\u00f1asdelaluna.es\/wp-content\/uploads\/2016\/08\/IMG_1156.jpg 1824w, https:\/\/www.monta\u00f1asdelaluna.es\/wp-content\/uploads\/2016\/08\/IMG_1156-300x225.jpg 300w, https:\/\/www.monta\u00f1asdelaluna.es\/wp-content\/uploads\/2016\/08\/IMG_1156-1024x768.jpg 1024w\" sizes=\"auto, (max-width: 1824px) 100vw, 1824px\" \/><\/a><p id=\"caption-attachment-32507\" class=\"wp-caption-text\">Lea pasando por arriba de la salida del Corredor Estasen<\/p><\/div>\n<p>Olga nos espera arriba. Nosotros preocupados porque ha cogido otro camino y ya la hab\u00edamos perdido de vista, y resulta que nos ha adelantado y ya estaba en la cima del pico. Fotograf\u00edas, celebraciones. Vamos observando c\u00f3mo avanzan y progresan nuestros compa\u00f1eros al final en la pala de nieve que nos sube a la cima pr\u00e1cticamente, Francesc y Flora. A los pocos minutos nos reunimos todos y nos hacemos fotos \u00a1\u00a1Magn\u00edfico!! Estamos muy contentos. Hemos hecho el Aneto por el famoso Corredor Estasen. Un hito muchas veces planeado y querido pero solo una vez conseguido \u00a1\u00a1Incre\u00edble!! Las vistas son extraordinarias. Pod\u00eda estar minutos nombrando monta\u00f1as y valles sin parar. Aunque el tiempo ha ido cambiando a peor, nos ha protegido del sol y su calor durante toda la subida (y lo har\u00e1 durante el resto de la jornada). Las nubes bajas aparecen e intentan cubrir y hacer desaparecer bajo ellas algunas altas monta\u00f1as y valles, sobre todo hac\u00eda el Pirineo de Lleida, Valle de Ar\u00e1n&#8230; pero aun as\u00ed las vistas son muy alpinas. Hermosas. Llama la atenci\u00f3n el resto de las altas cimas del mismo macizo hac\u00eda el oeste siguiendo el cordal cimero lineal. Cabe destacar la f\u00e1cil diferenciaci\u00f3n de los 3 picos o puntas de la Cresta de En Medio (Pico de En Medio, Punta d&#8217;Astorg, Pico Maldito) y la diferenciada Maladeta, con su murall\u00f3n y ca\u00edda en la Cresta de Los Portillones hac\u00eda el norte. La pared de La Maladeta desde este lado siempre es imponente&#8230; lo mismo que es el Pico Maldito desde otros puntos de vista y miradas contrarias a las que hay desde este lado&#8230;<\/p>\n<p>Las nubes bajas comienzan a salir al otro lado y bajo el Maladeta. Las nubes altas son m\u00e1s espesas y blanquecinas, ya va siendo hora de bajar. Ahora a hacer cola en el Paso de Mahoma \u00a1\u00a1\u00a1Qu\u00e9 foll\u00f3n&#8230;!!! Ya hace tiempo que no me gusta subir al Aneto por lo abarrotado que se pone por su v\u00eda normal, y el extenuante tr\u00e1fico que llega a ver en el mismo embudo del Paso de Mahoma: esperar, parar, seguir, parar, dejar pasar&#8230; todo por unos 15 o 20 metros de cresta f\u00e1cil y ya menos impresionable. Eso s\u00ed, cola para hacernos la foto con la cruz del Aneto, cola para pasar el Paso de Mahoma&#8230; me sorprendi\u00f3 ver a muchos \u00abmonta\u00f1eros\u00bb con la m\u00ednima equipaci\u00f3n (sin mochila) y con esos tacos de hierro sujetos a sus \u00abbambas de monta\u00f1a\u00bb como si fueran crampones&#8230; \u00a1\u00a1Qu\u00e9 precariedad!! \u00a1Que no les pase nada!<\/p>\n<div id=\"attachment_32516\" style=\"width: 1034px\" class=\"wp-caption aligncenter\"><a class=\"dt-single-image\" href=\"https:\/\/www.monta\u00f1asdelaluna.es\/wp-content\/uploads\/2016\/08\/IMG_1170.jpg\" data-dt-img-description=\"\"><img loading=\"lazy\" decoding=\"async\" aria-describedby=\"caption-attachment-32516\" class=\"wp-image-32516 size-large\" src=\"https:\/\/www.monta\u00f1asdelaluna.es\/wp-content\/uploads\/2016\/08\/IMG_1170-1024x768.jpg\" alt=\"De izquierda a derecha y de arriba a abajo: Lea, Xavi, Francesc, Flora, Olga y Joaqu\u00edn en la cima del Aneto, 3.404 mts.\" width=\"1024\" height=\"768\" srcset=\"https:\/\/www.monta\u00f1asdelaluna.es\/wp-content\/uploads\/2016\/08\/IMG_1170-1024x768.jpg 1024w, https:\/\/www.monta\u00f1asdelaluna.es\/wp-content\/uploads\/2016\/08\/IMG_1170-300x225.jpg 300w, https:\/\/www.monta\u00f1asdelaluna.es\/wp-content\/uploads\/2016\/08\/IMG_1170.jpg 1824w\" sizes=\"auto, (max-width: 1024px) 100vw, 1024px\" \/><\/a><p id=\"caption-attachment-32516\" class=\"wp-caption-text\">De izquierda a derecha y de arriba a abajo: Lea, Xavi, Francesc, Flora, Olga y Joaqu\u00edn en la cima del Aneto, 3.404 mts.<\/p><\/div>\n<div id=\"attachment_32521\" style=\"width: 1834px\" class=\"wp-caption aligncenter\"><a class=\"dt-single-image\" href=\"https:\/\/www.monta\u00f1asdelaluna.es\/wp-content\/uploads\/2016\/08\/IMG_1181.jpg\" data-dt-img-description=\"\"><img loading=\"lazy\" decoding=\"async\" aria-describedby=\"caption-attachment-32521\" class=\"wp-image-32521 size-full\" src=\"https:\/\/www.monta\u00f1asdelaluna.es\/wp-content\/uploads\/2016\/08\/IMG_1181.jpg\" alt=\"A la izquierda el Posets, en el centro medio cubierto el Bachimala, a la derecha el Perdiguero\" width=\"1824\" height=\"1024\" srcset=\"https:\/\/www.monta\u00f1asdelaluna.es\/wp-content\/uploads\/2016\/08\/IMG_1181.jpg 1824w, https:\/\/www.monta\u00f1asdelaluna.es\/wp-content\/uploads\/2016\/08\/IMG_1181-300x168.jpg 300w, https:\/\/www.monta\u00f1asdelaluna.es\/wp-content\/uploads\/2016\/08\/IMG_1181-1024x575.jpg 1024w\" sizes=\"auto, (max-width: 1824px) 100vw, 1824px\" \/><\/a><p id=\"caption-attachment-32521\" class=\"wp-caption-text\">A la izquierda el Posets, en el centro medio cubierto el Bachimala, a la derecha el Perdiguero<\/p><\/div>\n<div id=\"attachment_32522\" style=\"width: 1034px\" class=\"wp-caption aligncenter\"><a class=\"dt-single-image\" href=\"https:\/\/www.monta\u00f1asdelaluna.es\/wp-content\/uploads\/2016\/08\/IMG_1183.jpg\" data-dt-img-description=\"\"><img loading=\"lazy\" decoding=\"async\" aria-describedby=\"caption-attachment-32522\" class=\"wp-image-32522 size-large\" src=\"https:\/\/www.monta\u00f1asdelaluna.es\/wp-content\/uploads\/2016\/08\/IMG_1183-1024x768.jpg\" alt=\"El Paso de Mahoma, abajo el Pico de Coronas, siguiendo la cresta el Pico Maldito, Del Medio a la izquierda, en el centro La Maladeta\" width=\"1024\" height=\"768\" srcset=\"https:\/\/www.monta\u00f1asdelaluna.es\/wp-content\/uploads\/2016\/08\/IMG_1183-1024x768.jpg 1024w, https:\/\/www.monta\u00f1asdelaluna.es\/wp-content\/uploads\/2016\/08\/IMG_1183-300x225.jpg 300w, https:\/\/www.monta\u00f1asdelaluna.es\/wp-content\/uploads\/2016\/08\/IMG_1183.jpg 1824w\" sizes=\"auto, (max-width: 1024px) 100vw, 1024px\" \/><\/a><p id=\"caption-attachment-32522\" class=\"wp-caption-text\">El Paso de Mahoma, abajo el Pico de Coronas, siguiendo la cresta el Pico Maldito, Del Medio a la izquierda, en el centro La Maladeta<\/p><\/div>\n<p>Ya por fin al otro lado del Paso de Mahoma espero al resto del grupo que se entretienen entre que pasa uno o pasa otro, y ya cuando estamos todos juntos iniciamos la bajada por la huella hendida en la nieve hacia el Collado de Coronas. La idea era volver a los Ibones de Coronas donde ten\u00edamos las tiendas y campamento, y para ello hab\u00eda que bajar por el sitio m\u00e1s f\u00e1cil, pero que tampoco era f\u00e1cil ni c\u00f3modo: el Collado de Coronas.<\/p>\n<p>Pero antes de llegar al collado nos pillaba de camino un olvidado pico secundario de m\u00e1s de tres mil metros y que debe de ser el m\u00e1s visto por los mismos monta\u00f1eros justo antes de llegar al mismo Aneto: La Punta Oliveras Arenas. En pocos minutos llegamos a su rocosa y casi poca cosa cima, a 3.292 mts. Las vistas hacia el Aneto y su Corredor Estasen, la ruta realizada, son incre\u00edbles y magn\u00edficas, soberbias. Fotos. Comemos algo all\u00ed y proseguimos hacia el cercano hueco del Collado de Coronas. Desandamos pocos pasos para coger la empinada ladera bajo este pico que nos hace girar y llegar al Collado de Coronas a la izquierda (3.208 mts.). Despu\u00e9s de la abundante nieve sobre los restos de los glaciares pirenaicos, nos encontramos en este collado con un corte puro y duro de roca casi infranqueable mirando hacia el sur, hacia el valle del mismo nombre, hacia Vallibierna&#8230; \u00a1\u00bfY por d\u00f3nde bajaremos?! Pegados a la pared o vertiente rocosa vertical m\u00e1s a la izquierda, m\u00e1s tocando al Aneto, parece que hay una especie de bajada con algunos hitos muy vertical y m\u00e1s peligrosa por lo muy descompuesto del terreno, de la pared y f\u00e1cil ca\u00edda de piedras, rocas que por la misma verticalidad que tambi\u00e9n es muy notable. Lo normal por lo que se ve es llegar al centro del collado donde hay roca pura, roca madre y trepar o destrepar seg\u00fan donde te dirijas. Pero como hemos pillado este lado antes, pues muy despacio y con cuidado vamos medio destrepando (aunque no es escalada) o medio desliz\u00e1ndonos por el deshecho canalillo excavado entre roca y tierra del pasar de la gente. Abajo llegamos al final de este tramo de rocas y piedras vertical para llegar a otro vertical nevero que casi tenemos que bajarlo de espaldas&#8230; \u00a1\u00a1No sab\u00eda que el Collado de Coronas estaba tan mal!! Nunca hab\u00eda pasado por aqu\u00ed. En antiguos mapas describ\u00edan un gran nevero, un glaciar, a\u00f1adiendo que era el \u00fanico glaciar pirenaico que miraba al sur&#8230; todo eso no existe ya, ha desaparecido o se ha modificado tanto que ni se aprecia&#8230; o puede que dicho Glaciar de Coronas est\u00e9 bajo este empinado y extenso nevero y ya solo sea una delgada l\u00e1mina de hielo sin visibilidad, sin movimiento&#8230; no sabr\u00eda decir&#8230; \u00a1\u00a1Incre\u00edble el cambio clim\u00e1tico como est\u00e1 afectando a los glaciares pirenaicos y en general a los del todo el mundo!!<\/p>\n<div id=\"attachment_32532\" style=\"width: 1834px\" class=\"wp-caption aligncenter\"><a class=\"dt-single-image\" href=\"https:\/\/www.monta\u00f1asdelaluna.es\/wp-content\/uploads\/2016\/08\/IMG_1199.jpg\" data-dt-img-description=\"\"><img loading=\"lazy\" decoding=\"async\" aria-describedby=\"caption-attachment-32532\" class=\"wp-image-32532 size-full\" src=\"https:\/\/www.monta\u00f1asdelaluna.es\/wp-content\/uploads\/2016\/08\/IMG_1199.jpg\" alt=\"Cruzando el Paso de Mahoma\" width=\"1824\" height=\"1024\" srcset=\"https:\/\/www.monta\u00f1asdelaluna.es\/wp-content\/uploads\/2016\/08\/IMG_1199.jpg 1824w, https:\/\/www.monta\u00f1asdelaluna.es\/wp-content\/uploads\/2016\/08\/IMG_1199-300x168.jpg 300w, https:\/\/www.monta\u00f1asdelaluna.es\/wp-content\/uploads\/2016\/08\/IMG_1199-1024x575.jpg 1024w\" sizes=\"auto, (max-width: 1824px) 100vw, 1824px\" \/><\/a><p id=\"caption-attachment-32532\" class=\"wp-caption-text\">Cruzando el Paso de Mahoma<\/p><\/div>\n<div id=\"attachment_32535\" style=\"width: 1034px\" class=\"wp-caption aligncenter\"><a class=\"dt-single-image\" href=\"https:\/\/www.monta\u00f1asdelaluna.es\/wp-content\/uploads\/2016\/08\/IMG_1205.jpg\" data-dt-img-description=\"\"><img loading=\"lazy\" decoding=\"async\" aria-describedby=\"caption-attachment-32535\" class=\"wp-image-32535 size-large\" src=\"https:\/\/www.monta\u00f1asdelaluna.es\/wp-content\/uploads\/2016\/08\/IMG_1205-1024x768.jpg\" alt=\"Delante Xavi bajando del Aneto a la Punta Oliveras-Arenas abajo\" width=\"1024\" height=\"768\" srcset=\"https:\/\/www.monta\u00f1asdelaluna.es\/wp-content\/uploads\/2016\/08\/IMG_1205-1024x768.jpg 1024w, https:\/\/www.monta\u00f1asdelaluna.es\/wp-content\/uploads\/2016\/08\/IMG_1205-300x225.jpg 300w, https:\/\/www.monta\u00f1asdelaluna.es\/wp-content\/uploads\/2016\/08\/IMG_1205.jpg 1824w\" sizes=\"auto, (max-width: 1024px) 100vw, 1024px\" \/><\/a><p id=\"caption-attachment-32535\" class=\"wp-caption-text\">Delante Xavi bajando del Aneto a la Punta Oliveras-Arenas abajo<\/p><\/div>\n<p>La bajada se hace con cuidado al entrar al nevero por la fuerte inclinaci\u00f3n del mismo, pero a medida que bajamos y descendemos la inclinaci\u00f3n es menos acentuada y proseguimos sin problemas, mirando al frente. Al final c\u00f3moda y casi r\u00e1pida (yo llego a correr bajando por los f\u00e1ciles neveros) en direcci\u00f3n al Ib\u00f3n Medio de Coronas donde ten\u00edamos las tiendas. De repente a nuestra izquierda tenemos entero todo el Corredor Estasen visible de arriba a abajo. Hacemos fotos para seguir y se\u00f1alar en ellas el recorrido realizado en el mismo corredor. Impresionante&#8230; por esas pisadas, por esos pasos, por esos escarpes hemos pasado nosotros, se ven verticales y abruptos. Excepcional. Por suerte el tiempo sigue bueno, sin sol pero con las nubes altas en la cara sur de los Montes Malditos, y las vistas siguen siendo excepcionales y la progresi\u00f3n adecuada.<\/p>\n<p>Me adelanto al grupo que bajan con menos velocidad para que sus piernas no sufran en la bajada con la nieve blanda. Llegamos a las orillas opuestas del Ib\u00f3n del Medio, intento reconocer nuestro campamento al otro lado del mismo y no llego a verlo bien pero un mal presentimiento me golpea de repente al no ver con claridad los 3 colores de las 3 tiendas&#8230; \u00a1\u00bfFalta alguna?! Corro hacia las tiendas y en efecto al llegar una de ellas, concretamente la m\u00eda nueva, falta, no est\u00e1, parece que ha volado. El viento aqu\u00ed en las orillas del ib\u00f3n, en su mota sur como haciendo un balc\u00f3n sobre el Valle de Coronas es m\u00e1s fuertecillo, es m\u00e1s intenso, como si fuera un collado; de hecho el viento en algunas ocasiones y lugares de la bajada y cima hab\u00eda arreciado&#8230; \u00a1\u00bfD\u00f3nde estar\u00e1?!<\/p>\n<div id=\"attachment_32540\" style=\"width: 1034px\" class=\"wp-caption aligncenter\"><a class=\"dt-single-image\" href=\"https:\/\/www.monta\u00f1asdelaluna.es\/wp-content\/uploads\/2016\/08\/IMG_1210.jpg\" data-dt-img-description=\"\"><img loading=\"lazy\" decoding=\"async\" aria-describedby=\"caption-attachment-32540\" class=\"wp-image-32540 size-large\" src=\"https:\/\/www.monta\u00f1asdelaluna.es\/wp-content\/uploads\/2016\/08\/IMG_1210-1024x768.jpg\" alt=\"El Aneto desde la Punta Oliveras-Arenas\" width=\"1024\" height=\"768\" srcset=\"https:\/\/www.monta\u00f1asdelaluna.es\/wp-content\/uploads\/2016\/08\/IMG_1210-1024x768.jpg 1024w, https:\/\/www.monta\u00f1asdelaluna.es\/wp-content\/uploads\/2016\/08\/IMG_1210-300x225.jpg 300w, https:\/\/www.monta\u00f1asdelaluna.es\/wp-content\/uploads\/2016\/08\/IMG_1210.jpg 1824w\" sizes=\"auto, (max-width: 1024px) 100vw, 1024px\" \/><\/a><p id=\"caption-attachment-32540\" class=\"wp-caption-text\">El Aneto desde la Punta Oliveras-Arenas<\/p><\/div>\n<div id=\"attachment_32543\" style=\"width: 1034px\" class=\"wp-caption aligncenter\"><a class=\"dt-single-image\" href=\"https:\/\/www.monta\u00f1asdelaluna.es\/wp-content\/uploads\/2016\/08\/IMG_1214.jpg\" data-dt-img-description=\"\"><img loading=\"lazy\" decoding=\"async\" aria-describedby=\"caption-attachment-32543\" class=\"wp-image-32543 size-large\" src=\"https:\/\/www.monta\u00f1asdelaluna.es\/wp-content\/uploads\/2016\/08\/IMG_1214-1024x768.jpg\" alt=\"Xavi, Francesc, Olga y Flora en la cima de la Punta Oliveras-Arenas, 3.292 mts. Detr\u00e1s el Aneto\" width=\"1024\" height=\"768\" srcset=\"https:\/\/www.monta\u00f1asdelaluna.es\/wp-content\/uploads\/2016\/08\/IMG_1214-1024x768.jpg 1024w, https:\/\/www.monta\u00f1asdelaluna.es\/wp-content\/uploads\/2016\/08\/IMG_1214-300x225.jpg 300w, https:\/\/www.monta\u00f1asdelaluna.es\/wp-content\/uploads\/2016\/08\/IMG_1214.jpg 1824w\" sizes=\"auto, (max-width: 1024px) 100vw, 1024px\" \/><\/a><p id=\"caption-attachment-32543\" class=\"wp-caption-text\">Xavi, Francesc, Olga y Flora en la cima de la Punta Oliveras-Arenas, 3.292 mts. Detr\u00e1s el Aneto<\/p><\/div>\n<div id=\"attachment_32548\" style=\"width: 1034px\" class=\"wp-caption aligncenter\"><a class=\"dt-single-image\" href=\"https:\/\/www.monta\u00f1asdelaluna.es\/wp-content\/uploads\/2016\/08\/IMG_1220.jpg\" data-dt-img-description=\"\"><img loading=\"lazy\" decoding=\"async\" aria-describedby=\"caption-attachment-32548\" class=\"wp-image-32548 size-large\" src=\"https:\/\/www.monta\u00f1asdelaluna.es\/wp-content\/uploads\/2016\/08\/IMG_1220-1024x768.jpg\" alt=\"Bajando al Collado Coronas, arriba izqueirda el Pico Coronas y del Medio, al fondo La Maladeta\" width=\"1024\" height=\"768\" srcset=\"https:\/\/www.monta\u00f1asdelaluna.es\/wp-content\/uploads\/2016\/08\/IMG_1220-1024x768.jpg 1024w, https:\/\/www.monta\u00f1asdelaluna.es\/wp-content\/uploads\/2016\/08\/IMG_1220-300x225.jpg 300w, https:\/\/www.monta\u00f1asdelaluna.es\/wp-content\/uploads\/2016\/08\/IMG_1220.jpg 1824w\" sizes=\"auto, (max-width: 1024px) 100vw, 1024px\" \/><\/a><p id=\"caption-attachment-32548\" class=\"wp-caption-text\">Bajando al Collado Coronas, arriba izqueirda el Pico Coronas y del Medio, al fondo La Maladeta<\/p><\/div>\n<p>El disgusto me llena de energ\u00edas para dejar la mochila y salir a buscar la tienda por los alrededores del campamento, entre escondites de las grandes rocas, neveros metidos en agujeros, pendientes&#8230; e incluso me asomo y recorro parte de la parte baja del balc\u00f3n, la pendiente que baja mirando al Ibonet de Coronas&#8230; nada, ni rastro&#8230; s\u00e9 que se ha volado por que han quedado algunos vientos a\u00fan colgados de las piedras a los que los at\u00e9, con lo que se han desatado de la misma tienda por los golpes de viento. Al cabo de unos minutos vuelvo al campamento con las malas noticias. Xavi y yo decidimos rehacer las mochilas y bajar sin esperar al resto del grupo que tienen que desmontar sus tiendas, el campamento, para que de esta manera nos d\u00e9 tiempo a mirar por los rincones del valle. Estoy convencido de que ha salido volando con tanta virulencia que la tienda est\u00e1 en las cercan\u00edas del Ibonet de Coronas, en la Pleta de Coronas \u00a1\u00bfLa encontraremos?!<\/p>\n<p>Xavi y yo comenzamos la bajada desandando el camino de ayer, justo el mismo: del Ib\u00f3n del Medio al Ibonet de Coronas, y de aqu\u00ed al Refugio de Pescadores (Coronas). Mientras bajamos vamos mirando por un lado y otro&#8230; preguntamos a los monta\u00f1eros con los que nos cruzamos, tanto a los que suben como a los que bajan. Uno de ellos dice algo como que alguien hab\u00eda visto una tienda que se hab\u00eda volado. El color de la tienda de un verde oscuro ser\u00e1 dif\u00edcil de ver entre la vegetaci\u00f3n de altura y los rincones de la ladera de la monta\u00f1a. Dentro a\u00fan ten\u00edamos nuestros sacos de dormir, mi Diamir y uno nuevo que estrenaba Xavi, ropa, utensilios&#8230; Justo al saltar la riera que baja del Ib\u00f3n Inferior y coger la sinuosa senda por la ladera y pendiente oeste de la Cresta de Llosars, me encuentro con una chaquetilla de plumas negra que alguien se ha dejado all\u00ed. No hay nadie alrededor ni vemos bajar a nadie. Pienso: \u00abHe perdido una tienda pero he ganado este plumas. Quiz\u00e1s el karma me quiera compensar de alguna manera&#8230;\u00bb pero antes de llegar al Ibonet de Coronas la pareja que iba con Pako Crestas sube (ya hab\u00edan bajado) como buscando algo&#8230; \u00ab\u00bfHab\u00e9is visto una chaquetilla de plumas?\u00bb Yo sin pensarlo dos veces saco de mi mochila la chaquetilla y se la entrego. A la vez le pregunto por nuestra tienda, que se ha volado y la hemos perdido. \u00abGracias, seguro que la encuentras, el karma te la devolver\u00e1 por haber encontrado y devuelto mi chaquetilla de plumas\u00bb Nos dec\u00eda el amigo sonriendo y contento, como si hubiera encontrado un tesoro que le pertenec\u00eda a \u00e9l y no hubiera dudado en d\u00e1rselo. Como si hubiera hecho una buena acci\u00f3n&#8230; pero despu\u00e9s de echar miles de ojos por los alrededores del Ibonet de Coronas, perd\u00eda mi esperanza de recuperar la tienda nueva.<\/p>\n<div id=\"attachment_32556\" style=\"width: 1034px\" class=\"wp-caption aligncenter\"><a class=\"dt-single-image\" href=\"https:\/\/www.monta\u00f1asdelaluna.es\/wp-content\/uploads\/2016\/08\/IMG_1234.jpg\" data-dt-img-description=\"\"><img loading=\"lazy\" decoding=\"async\" aria-describedby=\"caption-attachment-32556\" class=\"wp-image-32556 size-large\" src=\"https:\/\/www.monta\u00f1asdelaluna.es\/wp-content\/uploads\/2016\/08\/IMG_1234-1024x768.jpg\" alt=\"Bajando a los Ibones de Coronas\" width=\"1024\" height=\"768\" srcset=\"https:\/\/www.monta\u00f1asdelaluna.es\/wp-content\/uploads\/2016\/08\/IMG_1234-1024x768.jpg 1024w, https:\/\/www.monta\u00f1asdelaluna.es\/wp-content\/uploads\/2016\/08\/IMG_1234-300x225.jpg 300w, https:\/\/www.monta\u00f1asdelaluna.es\/wp-content\/uploads\/2016\/08\/IMG_1234.jpg 1824w\" sizes=\"auto, (max-width: 1024px) 100vw, 1024px\" \/><\/a><p id=\"caption-attachment-32556\" class=\"wp-caption-text\">Bajando a los Ibones de Coronas<\/p><\/div>\n<div id=\"attachment_32558\" style=\"width: 1034px\" class=\"wp-caption aligncenter\"><a class=\"dt-single-image\" href=\"https:\/\/www.monta\u00f1asdelaluna.es\/wp-content\/uploads\/2016\/08\/IMG_1236.jpg\" data-dt-img-description=\"\"><img loading=\"lazy\" decoding=\"async\" aria-describedby=\"caption-attachment-32558\" class=\"wp-image-32558 size-large\" src=\"https:\/\/www.monta\u00f1asdelaluna.es\/wp-content\/uploads\/2016\/08\/IMG_1236-1024x768.jpg\" alt=\"Bajando a los Ibones de Coronas, a la derecha el Arag\u00fcells\" width=\"1024\" height=\"768\" srcset=\"https:\/\/www.monta\u00f1asdelaluna.es\/wp-content\/uploads\/2016\/08\/IMG_1236-1024x768.jpg 1024w, https:\/\/www.monta\u00f1asdelaluna.es\/wp-content\/uploads\/2016\/08\/IMG_1236-300x225.jpg 300w, https:\/\/www.monta\u00f1asdelaluna.es\/wp-content\/uploads\/2016\/08\/IMG_1236.jpg 1824w\" sizes=\"auto, (max-width: 1024px) 100vw, 1024px\" \/><\/a><p id=\"caption-attachment-32558\" class=\"wp-caption-text\">Bajando a los Ibones de Coronas, a la derecha el Arag\u00fcells<\/p><\/div>\n<div id=\"attachment_32560\" style=\"width: 1034px\" class=\"wp-caption aligncenter\"><a class=\"dt-single-image\" href=\"https:\/\/www.monta\u00f1asdelaluna.es\/wp-content\/uploads\/2016\/08\/IMG_1240.jpg\" data-dt-img-description=\"\"><img loading=\"lazy\" decoding=\"async\" aria-describedby=\"caption-attachment-32560\" class=\"wp-image-32560 size-large\" src=\"https:\/\/www.monta\u00f1asdelaluna.es\/wp-content\/uploads\/2016\/08\/IMG_1240-1024x768.jpg\" alt=\"Delante Flora dejando atr\u00e1s al Aneto el m\u00e1s alto y el Collado Coronas\" width=\"1024\" height=\"768\" srcset=\"https:\/\/www.monta\u00f1asdelaluna.es\/wp-content\/uploads\/2016\/08\/IMG_1240-1024x768.jpg 1024w, https:\/\/www.monta\u00f1asdelaluna.es\/wp-content\/uploads\/2016\/08\/IMG_1240-300x225.jpg 300w, https:\/\/www.monta\u00f1asdelaluna.es\/wp-content\/uploads\/2016\/08\/IMG_1240.jpg 1824w\" sizes=\"auto, (max-width: 1024px) 100vw, 1024px\" \/><\/a><p id=\"caption-attachment-32560\" class=\"wp-caption-text\">Delante Flora dejando atr\u00e1s al Aneto el m\u00e1s alto y el Collado Coronas<\/p><\/div>\n<p>Bajando del Ibonet de Coronas ya por el vallecillo de Coronas hasta el de Vallibierna, desandado el camino sin salirnos de \u00e9l; ya hemos renegado de seguir buscando la tienda. La doy por perdida. Pronto salimos al ancho camino y cruce de recorridos con el poste se\u00f1alizador e indicador, siguiendo hacia abajo y derecha en busca del lugar del Refugio de Pescadores.<\/p>\n<p>Junto al puente del R\u00edo de Vallibierna y al Refugio de Pescadores Xavi y yo descansamos y nos dormimos unos minutos en el banco de la parada de autobuses techada de madera, despu\u00e9s de descargarnos las mochilas que las dejamos a un lado. Poca gente hay: una o dos parejitas, curiosos que llegan en coche todoterreno y pasan el d\u00eda por los alrededores. Estamos esperando el resto de los compa\u00f1eros que, al cabo de m\u00e1s de media hora, vemos que tardan demasiado en bajar&#8230; \u00a1\u00bfhabr\u00e1n encontrado la tienda y habr\u00e1n perdido m\u00e1s tiempo en desmontarla y repart\u00edrsela?!<\/p>\n<div id=\"attachment_32566\" style=\"width: 1034px\" class=\"wp-caption aligncenter\"><a class=\"dt-single-image\" href=\"https:\/\/www.monta\u00f1asdelaluna.es\/wp-content\/uploads\/2016\/08\/IMG_1252.jpg\" data-dt-img-description=\"\"><img loading=\"lazy\" decoding=\"async\" aria-describedby=\"caption-attachment-32566\" class=\"wp-image-32566 size-large\" src=\"https:\/\/www.monta\u00f1asdelaluna.es\/wp-content\/uploads\/2016\/08\/IMG_1252-1024x768.jpg\" alt=\"Por el Valle de Coronas bajando al Valle de Vallibierna\" width=\"1024\" height=\"768\" srcset=\"https:\/\/www.monta\u00f1asdelaluna.es\/wp-content\/uploads\/2016\/08\/IMG_1252-1024x768.jpg 1024w, https:\/\/www.monta\u00f1asdelaluna.es\/wp-content\/uploads\/2016\/08\/IMG_1252-300x225.jpg 300w, https:\/\/www.monta\u00f1asdelaluna.es\/wp-content\/uploads\/2016\/08\/IMG_1252.jpg 1824w\" sizes=\"auto, (max-width: 1024px) 100vw, 1024px\" \/><\/a><p id=\"caption-attachment-32566\" class=\"wp-caption-text\">Por el Valle de Coronas bajando al Valle de Vallibierna<\/p><\/div>\n<div id=\"attachment_32793\" style=\"width: 832px\" class=\"wp-caption aligncenter\"><a class=\"dt-single-image\" href=\"https:\/\/www.monta\u00f1asdelaluna.es\/wp-content\/uploads\/2016\/06\/corredor-estasen.croquis.jpg\" data-dt-img-description=\"\"><img loading=\"lazy\" decoding=\"async\" aria-describedby=\"caption-attachment-32793\" class=\"wp-image-32793 \" src=\"https:\/\/www.monta\u00f1asdelaluna.es\/wp-content\/uploads\/2016\/06\/corredor-estasen.croquis.jpg\" alt=\"Corredor Estasen: recorrido de puntos azules. Variante de la Petit Black: recorrido de puntos rojos.\" width=\"822\" height=\"1096\" srcset=\"https:\/\/www.monta\u00f1asdelaluna.es\/wp-content\/uploads\/2016\/06\/corredor-estasen.croquis.jpg 1368w, https:\/\/www.monta\u00f1asdelaluna.es\/wp-content\/uploads\/2016\/06\/corredor-estasen.croquis-225x300.jpg 225w, https:\/\/www.monta\u00f1asdelaluna.es\/wp-content\/uploads\/2016\/06\/corredor-estasen.croquis-768x1024.jpg 768w\" sizes=\"auto, (max-width: 822px) 100vw, 822px\" \/><\/a><p id=\"caption-attachment-32793\" class=\"wp-caption-text\">Corredor Estasen: recorrido de puntos azules. Variante de la Petit Black: recorrido de puntos rojos.<\/p><\/div>\n<div id=\"attachment_32794\" style=\"width: 830px\" class=\"wp-caption aligncenter\"><a class=\"dt-single-image\" href=\"https:\/\/www.monta\u00f1asdelaluna.es\/wp-content\/uploads\/2016\/06\/Petit-Black.croquis.jpg\" data-dt-img-description=\"\"><img loading=\"lazy\" decoding=\"async\" aria-describedby=\"caption-attachment-32794\" class=\"wp-image-32794 \" src=\"https:\/\/www.monta\u00f1asdelaluna.es\/wp-content\/uploads\/2016\/06\/Petit-Black.croquis.jpg\" alt=\"Corredor Estasen: recorrido de puntos azules. Variante de la Petit Black: recorrido de puntos rojos.\" width=\"820\" height=\"1093\" srcset=\"https:\/\/www.monta\u00f1asdelaluna.es\/wp-content\/uploads\/2016\/06\/Petit-Black.croquis.jpg 1368w, https:\/\/www.monta\u00f1asdelaluna.es\/wp-content\/uploads\/2016\/06\/Petit-Black.croquis-225x300.jpg 225w, https:\/\/www.monta\u00f1asdelaluna.es\/wp-content\/uploads\/2016\/06\/Petit-Black.croquis-768x1024.jpg 768w\" sizes=\"auto, (max-width: 820px) 100vw, 820px\" \/><\/a><p id=\"caption-attachment-32794\" class=\"wp-caption-text\">Corredor Estasen: recorrido de puntos azules. Variante de la Petit Black: recorrido de puntos rojos.<\/p><\/div>\n<p>Nos preocupamos, no llegan. De repente despu\u00e9s de otro tiempo aparece Lea, Francesc con cara de agobio y pocos amigos \u00ablleugera la teva tenda, no?\u00bb. Hab\u00edan encontrado la tienda justo cuando dejaban el campamento y \u00e9sta sal\u00eda de detr\u00e1s de una roca. Olga por casualidad la ve salir de repente movida por el viento de detr\u00e1s de la roca en la cual se encontraba escondida. Lea y Francesc corren para cogerla antes de que vuelva a volarse. La recuperan y se reparten el peso de la misma con las cosas que hab\u00edan dentro&#8230; que no se ha perdido nada&#8230; nos cuentan las chicas al ayudarlas quit\u00e1ndoles el peso al llegar al lugar.<\/p>\n<p>\u00a1\u00a1Incre\u00edble!! He recuperado mi tienda y agradezco enormemente a mis compa\u00f1eros en su colaboraci\u00f3n. Unas ca\u00f1as las tienen gratis como m\u00ednimo seguro. Al final el Karma ha dado su resultado. Curioso. Cansados y deshidratados nos desequiparnos y metemos las mochilas al Montero de Olga. Parece que estamos cansados con falta de l\u00edquido. Pero mis compa\u00f1eros han bajado m\u00e1s peso del que han subido. Al final, con el susto de la tienda y todo, la actividad ha resultado magn\u00edfica, el tiempo bueno y la ruta en muy buen estado. Nos ha gustado mucho. Ha merecido la pena al grupo en general esperar estos a\u00f1os para al final poder realizarla. Preciosos los Pirineos como siempre, con sus rincones, escarpes y retos magn\u00edficos como \u00e9ste: El Aneto por el Corredor Estasen.<\/p>\n<div id=\"attachment_32795\" style=\"width: 875px\" class=\"wp-caption aligncenter\"><a class=\"dt-single-image\" href=\"https:\/\/www.monta\u00f1asdelaluna.es\/wp-content\/uploads\/2016\/06\/Estasen.mapaWeb.jpg\" data-dt-img-description=\"\"><img loading=\"lazy\" decoding=\"async\" aria-describedby=\"caption-attachment-32795\" class=\"wp-image-32795 size-full\" src=\"https:\/\/www.monta\u00f1asdelaluna.es\/wp-content\/uploads\/2016\/06\/Estasen.mapaWeb.jpg\" alt=\"Croquis de la subida al Aneto por el Corredor Estasen. Punto Rojo: campamento junto al Ib\u00f3n Medio de Coronas. Linea Azul Claro: Corredor Estasen y Petit Black.\" width=\"865\" height=\"884\" srcset=\"https:\/\/www.monta\u00f1asdelaluna.es\/wp-content\/uploads\/2016\/06\/Estasen.mapaWeb.jpg 865w, https:\/\/www.monta\u00f1asdelaluna.es\/wp-content\/uploads\/2016\/06\/Estasen.mapaWeb-294x300.jpg 294w\" sizes=\"auto, (max-width: 865px) 100vw, 865px\" \/><\/a><p id=\"caption-attachment-32795\" class=\"wp-caption-text\">Croquis de la subida al Aneto por el Corredor Estasen. Punto Rojo: campamento junto al Ib\u00f3n Medio de Coronas. Linea Azul Claro: Corredor Estasen y Petit Black.<\/p><\/div>\n<p>[vc_separator][\/vc_column_text][\/vc_column][\/vc_row][vc_row][vc_column][vc_empty_space height=\u00bb60px\u00bb][\/vc_column][\/vc_row][vc_row][vc_column][vc_cta h2=\u00bb\u00c1lbum de fotos\u00bb txt_align=\u00bbcenter\u00bb add_button=\u00bbbottom\u00bb btn_title=\u00bbVer fotos\u00bb btn_color=\u00bbwarning\u00bb btn_align=\u00bbcenter\u00bb btn_link=\u00bburl:https%3A%2F%2Fmonta%C3%B1asdelaluna.es%2F%3Fdt_gallery%3Daneto-por-el-corredor-estasen-1o-parte-ibones-de-coronas-y-corredor-estasen-2|title:Aneto%20por%20el%20Corredor%20Estasen.%201%C2%BA%20Parte%3A%20Ibones%20de%20Coronas%20y%20Corredor%20Estasen|target:_blank\u00bb css=\u00bb.vc_custom_1625752468457{background-color: #8bc4ed !important;}\u00bb]Puedes ver una 1\u00ba parte de las fotos del relato y actividad en forma de presentaci\u00f3n o individuales pinchando aqui \u00a1No te las pierdas![\/vc_cta][\/vc_column][\/vc_row][vc_row][vc_column][vc_empty_space][\/vc_column][\/vc_row][vc_row][vc_column][vc_cta h2=\u00bb\u00c1lbum de fotos\u00bb txt_align=\u00bbcenter\u00bb add_button=\u00bbbottom\u00bb btn_title=\u00bbVer fotos\u00bb btn_color=\u00bbwarning\u00bb btn_align=\u00bbcenter\u00bb btn_link=\u00bburl:https%3A%2F%2Fmonta%C3%B1asdelaluna.es%2F%3Fdt_gallery%3Daneto-por-el-corredor-estasen-2o-parte-cima-del-aneto-y-bajada-2|title:Aneto%20por%20el%20Corredor%20Estasen.%202%C2%BA%20Parte%3A%20Cima%20del%20Aneto%20y%20bajada|target:_blank\u00bb css=\u00bb.vc_custom_1625752484095{background-color: #8bc4ed !important;}\u00bb]Puedes ver una 2\u00ba parte de las fotos del relato y actividad en forma de presentaci\u00f3n o individuales pinchando aqui \u00a1No te las pierdas![\/vc_cta][\/vc_column][\/vc_row][vc_row][vc_column][vc_empty_space height=\u00bb60px\u00bb][\/vc_column][\/vc_row][vc_row][vc_column width=\u00bb1\/3&#8243;][\/vc_column][vc_column width=\u00bb1\/2&#8243;][vc_raw_html]JTNDaWZyYW1lJTIwc3JjJTNEJTIyaHR0cHMlM0ElMkYlMkZ3d3cubWV0ZW9ibHVlLmNvbSUyRmVzJTJGdGllbXBvJTJGd2lkZ2V0JTJGZGFpbHklMkZwaWNvLWFuZXRvX2VzcGElMjVjMyUyNWIxYV8zMTMwMDQ2JTNGZ2VvbG9jJTNEZml4ZWQlMjZkYXlzJTNENyUyNnRlbXB1bml0JTNEQ0VMU0lVUyUyNndpbmR1bml0JTNES0lMT01FVEVSX1BFUl9IT1VSJTI2Y29sb3VyZWQlM0Rjb2xvdXJlZCUyNnBpY3RvaWNvbiUzRDElMjZtYXh0ZW1wZXJhdHVyZSUzRDElMjZtaW50ZW1wZXJhdHVyZSUzRDElMjZ3aW5kc3BlZWQlM0QxJTI2d2luZGd1c3QlM0QxJTI2d2luZGRpcmVjdGlvbiUzRDElMjZwcmVjaXBpdGF0aW9uJTNEMSUyNnByZWNpcGl0YXRpb25wcm9iYWJpbGl0eSUzRDElMjZzcG90JTNEMSUyNnByZXNzdXJlJTNEMSUyNmxheW91dCUzRGxpZ2h0JTIyJTIwJTIwZnJhbWVib3JkZXIlM0QlMjIwJTIyJTIwc2Nyb2xsaW5nJTNEJTIyTk8lMjIlMjBhbGxvd3RyYW5zcGFyZW5jeSUzRCUyMnRydWUlMjIlMjBzYW5kYm94JTNEJTIyYWxsb3ctc2FtZS1vcmlnaW4lMjBhbGxvdy1zY3JpcHRzJTIwYWxsb3ctcG9wdXBzJTIyJTIwc3R5bGUlM0QlMjJ3aWR0aCUzQSUyMDM3OHB4JTNCaGVpZ2h0JTNBJTIwNDExcHglMjIlM0UlM0MlMkZpZnJhbWUlM0UlM0NkaXYlM0UlM0MlMjEtLSUyMERPJTIwTk9UJTIwUkVNT1ZFJTIwVEhJUyUyMExJTkslMjAtLSUzRSUzQ2ElMjBocmVmJTNEJTIyaHR0cHMlM0ElMkYlMkZ3d3cubWV0ZW9ibHVlLmNvbSUyRmVzJTJGdGllbXBvJTJGcHJvbm9zdGljbyUyRnNlbWFuYSUyRnBpY28tYW5ldG9fZXNwYSUyNWMzJTI1YjFhXzMxMzAwNDYlM0Z1dG1fc291cmNlJTNEd2VhdGhlcl93aWRnZXQlMjZ1dG1fbWVkaXVtJTNEbGlua3VzJTI2dXRtX2NvbnRlbnQlM0RkYWlseSUyNnV0bV9jYW1wYWlnbiUzRFdlYXRoZXIlMjUyQldpZGdldCUyMiUyMHRhcmdldCUzRCUyMl9ibGFuayUyMiUzRW1ldGVvYmx1ZSUzQyUyRmElM0UlM0MlMkZkaXYlM0U=[\/vc_raw_html][\/vc_column][vc_column width=\u00bb1\/5&#8243;][\/vc_column][\/vc_row]<\/p>\n","protected":false},"excerpt":{"rendered":"<p>[vc_row][vc_column][vc_column_text]Ya hac\u00eda mucho que mis compa\u00f1eros de Barcelona quer\u00edan realizar la subida al Aneto por el fabuloso Corredor Estasen en su lado sur. No hab\u00eda manera de que saliera la actividad; o bien por el mal tiempo o por que no pod\u00edan unos u otros (ya que quer\u00edan coger 3 d\u00edas), el Corredor Estasen pasaban&hellip;<\/p>\n","protected":false},"author":1,"featured_media":32507,"comment_status":"open","ping_status":"open","sticky":false,"template":"","format":"standard","meta":[],"categories":[125],"tags":[],"class_list":["post-32394","post","type-post","status-publish","format-standard","has-post-thumbnail","hentry","category-valle-del-esera","category-125","description-off"],"_links":{"self":[{"href":"https:\/\/www.monta\u00f1asdelaluna.es\/index.php?rest_route=\/wp\/v2\/posts\/32394","targetHints":{"allow":["GET"]}}],"collection":[{"href":"https:\/\/www.monta\u00f1asdelaluna.es\/index.php?rest_route=\/wp\/v2\/posts"}],"about":[{"href":"https:\/\/www.monta\u00f1asdelaluna.es\/index.php?rest_route=\/wp\/v2\/types\/post"}],"author":[{"embeddable":true,"href":"https:\/\/www.monta\u00f1asdelaluna.es\/index.php?rest_route=\/wp\/v2\/users\/1"}],"replies":[{"embeddable":true,"href":"https:\/\/www.monta\u00f1asdelaluna.es\/index.php?rest_route=%2Fwp%2Fv2%2Fcomments&post=32394"}],"version-history":[{"count":32,"href":"https:\/\/www.monta\u00f1asdelaluna.es\/index.php?rest_route=\/wp\/v2\/posts\/32394\/revisions"}],"predecessor-version":[{"id":50097,"href":"https:\/\/www.monta\u00f1asdelaluna.es\/index.php?rest_route=\/wp\/v2\/posts\/32394\/revisions\/50097"}],"wp:featuredmedia":[{"embeddable":true,"href":"https:\/\/www.monta\u00f1asdelaluna.es\/index.php?rest_route=\/wp\/v2\/media\/32507"}],"wp:attachment":[{"href":"https:\/\/www.monta\u00f1asdelaluna.es\/index.php?rest_route=%2Fwp%2Fv2%2Fmedia&parent=32394"}],"wp:term":[{"taxonomy":"category","embeddable":true,"href":"https:\/\/www.monta\u00f1asdelaluna.es\/index.php?rest_route=%2Fwp%2Fv2%2Fcategories&post=32394"},{"taxonomy":"post_tag","embeddable":true,"href":"https:\/\/www.monta\u00f1asdelaluna.es\/index.php?rest_route=%2Fwp%2Fv2%2Ftags&post=32394"}],"curies":[{"name":"wp","href":"https:\/\/api.w.org\/{rel}","templated":true}]}}