{"id":32708,"date":"2013-02-16T09:21:03","date_gmt":"2013-02-16T09:21:03","guid":{"rendered":"http:\/\/monta\u00f1asdelaluna.com\/?p=32708"},"modified":"2021-07-16T14:37:35","modified_gmt":"2021-07-16T14:37:35","slug":"pedraforca-casi-invernal-desde-gosol","status":"publish","type":"post","link":"https:\/\/www.monta\u00f1asdelaluna.es\/?p=32708","title":{"rendered":"Pedraforca desde G\u00f3sol"},"content":{"rendered":"<p>[vc_row][vc_column][vc_column_text]<\/p>\n<h3 style=\"text-align: center;\"><\/h3>\n<h3 style=\"text-align: center;\"><strong>Casi invernal. Buscando un paso bajo las paredes del Polleg\u00f3 Superior. 16-Febrero-2.013<\/strong><\/h3>\n<p>&nbsp;<\/p>\n<p>Pensaba deb\u00eda de ser excepcional poder subir el Pedraforca en invierno con nieve y hielo. Que sus agrestes caracter\u00edsticas deb\u00edan de ser interesantes en una subida invernal: con sus paredes y verticalidades; sobre todo por la ruta de la collada del Verdet. Con sus trepadillas y crestecillas.<\/p>\n<p>Pero si planeaba una subida invernal, pensaba que lo m\u00e1s normal era hacerla desde la parte norte-oeste. Ya que su sur-este estar\u00eda m\u00e1s soleado y menos expuesto a la transformaci\u00f3n fr\u00eda de la alta monta\u00f1a en invierno&#8230; pero no hab\u00eda contado con el viento tramontano, que si un a\u00f1o le da por soplar con ese Torb caracter\u00edstico (como en este invierno) derrite, deshace, castiga todas las vertientes que dan al norte de \u00e9sta y otras monta\u00f1as del Pirineo Oriental, Catal\u00e1n.<\/p>\n<div id=\"attachment_32722\" style=\"width: 1034px\" class=\"wp-caption aligncenter\"><a class=\"dt-single-image\" href=\"https:\/\/www.monta\u00f1asdelaluna.es\/wp-content\/uploads\/2016\/08\/Pedarforca-casi-invernal-001.jpg\" data-dt-img-description=\"\"><img loading=\"lazy\" decoding=\"async\" aria-describedby=\"caption-attachment-32722\" class=\"wp-image-32722 size-large\" src=\"https:\/\/www.monta\u00f1asdelaluna.es\/wp-content\/uploads\/2016\/08\/Pedarforca-casi-invernal-001-1024x768.jpg\" alt=\"Francesc, Pep y Toni saliendo de G\u00f3sol\" width=\"1024\" height=\"768\" srcset=\"https:\/\/www.monta\u00f1asdelaluna.es\/wp-content\/uploads\/2016\/08\/Pedarforca-casi-invernal-001-1024x768.jpg 1024w, https:\/\/www.monta\u00f1asdelaluna.es\/wp-content\/uploads\/2016\/08\/Pedarforca-casi-invernal-001-300x225.jpg 300w, https:\/\/www.monta\u00f1asdelaluna.es\/wp-content\/uploads\/2016\/08\/Pedarforca-casi-invernal-001.jpg 1632w\" sizes=\"auto, (max-width: 1024px) 100vw, 1024px\" \/><\/a><p id=\"caption-attachment-32722\" class=\"wp-caption-text\">Francesc, Pep y Toni saliendo de G\u00f3sol<\/p><\/div>\n<div id=\"attachment_32725\" style=\"width: 1034px\" class=\"wp-caption aligncenter\"><a class=\"dt-single-image\" href=\"https:\/\/www.monta\u00f1asdelaluna.es\/wp-content\/uploads\/2016\/08\/Pedarforca-casi-invernal-007.jpg\" data-dt-img-description=\"\"><img loading=\"lazy\" decoding=\"async\" aria-describedby=\"caption-attachment-32725\" class=\"wp-image-32725 size-large\" src=\"https:\/\/www.monta\u00f1asdelaluna.es\/wp-content\/uploads\/2016\/08\/Pedarforca-casi-invernal-007-1024x768.jpg\" alt=\"Delante Pep y Toni subiendo por el bosque\" width=\"1024\" height=\"768\" srcset=\"https:\/\/www.monta\u00f1asdelaluna.es\/wp-content\/uploads\/2016\/08\/Pedarforca-casi-invernal-007-1024x768.jpg 1024w, https:\/\/www.monta\u00f1asdelaluna.es\/wp-content\/uploads\/2016\/08\/Pedarforca-casi-invernal-007-300x225.jpg 300w, https:\/\/www.monta\u00f1asdelaluna.es\/wp-content\/uploads\/2016\/08\/Pedarforca-casi-invernal-007.jpg 1632w\" sizes=\"auto, (max-width: 1024px) 100vw, 1024px\" \/><\/a><p id=\"caption-attachment-32725\" class=\"wp-caption-text\">Delante Pep y Toni subiendo por el bosque<\/p><\/div>\n<p>Entonces pensando que la mejor ruta con buenas condiciones invernales, es por sus v\u00edas norte, o recorriendo las sombras que miran al norte de sus paredes, tendr\u00eda que comenzar al otro lado de la subida que realic\u00e9 hace a\u00f1o y medio desde el <a href=\"https:\/\/www.monta\u00f1asdelaluna.es\/?p=29369\" target=\"_blank\" rel=\"noopener\">Mirador del Gresolet<\/a>; y la otra vertiente o recorridos, es la de las cercan\u00edas de G\u00f3sol. Donde otro P.R. sube hasta l\u2019Enforcadura, al lado contrar\u00edo de su bajada a Saldes y al Mirador del Gresolet.<\/p>\n<p>Realmente G\u00f3sol est\u00e1 al oeste, no al norte. Pero desde el recorrido que sube del pueblo hasta l\u2019Enforcadura, podemos acercarnos a las vertientes norte bajo las paredes del Cim Nord, a m\u00e1s altura que bajo la Paret Nord que sube desde el Mirador del Gresolet&#8230; con lo que ide\u00e9 una circular con la subida a la cima m\u00e1s alta del Pedraforca, teniendo las caracter\u00edsticas lo m\u00e1s alpinas posibles, saliendo de G\u00f3sol.<\/p>\n<div id=\"attachment_32726\" style=\"width: 1034px\" class=\"wp-caption aligncenter\"><a class=\"dt-single-image\" href=\"https:\/\/www.monta\u00f1asdelaluna.es\/wp-content\/uploads\/2016\/08\/Pedarforca-casi-invernal-011.jpg\" data-dt-img-description=\"\"><img loading=\"lazy\" decoding=\"async\" aria-describedby=\"caption-attachment-32726\" class=\"wp-image-32726 size-large\" src=\"https:\/\/www.monta\u00f1asdelaluna.es\/wp-content\/uploads\/2016\/08\/Pedarforca-casi-invernal-011-1024x768.jpg\" alt=\"Delante Pep y detr\u00e1s la Enforcadura del Pedraforca\" width=\"1024\" height=\"768\" srcset=\"https:\/\/www.monta\u00f1asdelaluna.es\/wp-content\/uploads\/2016\/08\/Pedarforca-casi-invernal-011-1024x768.jpg 1024w, https:\/\/www.monta\u00f1asdelaluna.es\/wp-content\/uploads\/2016\/08\/Pedarforca-casi-invernal-011-300x225.jpg 300w, https:\/\/www.monta\u00f1asdelaluna.es\/wp-content\/uploads\/2016\/08\/Pedarforca-casi-invernal-011.jpg 1632w\" sizes=\"auto, (max-width: 1024px) 100vw, 1024px\" \/><\/a><p id=\"caption-attachment-32726\" class=\"wp-caption-text\">Delante Pep y detr\u00e1s la Enforcadura del Pedraforca<\/p><\/div>\n<div id=\"attachment_32730\" style=\"width: 970px\" class=\"wp-caption aligncenter\"><a class=\"dt-single-image\" href=\"https:\/\/www.monta\u00f1asdelaluna.es\/wp-content\/uploads\/2016\/08\/Pedarforca-casi-invernal-015A.jpg\" data-dt-img-description=\"\"><img loading=\"lazy\" decoding=\"async\" aria-describedby=\"caption-attachment-32730\" class=\"wp-image-32730 size-full\" src=\"https:\/\/www.monta\u00f1asdelaluna.es\/wp-content\/uploads\/2016\/08\/Pedarforca-casi-invernal-015A.jpg\" alt=\"Joaqu\u00edn, Toni y Francesc en el Pla de La Serra, detr\u00e1s la Serra del Verd\" width=\"960\" height=\"720\" srcset=\"https:\/\/www.monta\u00f1asdelaluna.es\/wp-content\/uploads\/2016\/08\/Pedarforca-casi-invernal-015A.jpg 960w, https:\/\/www.monta\u00f1asdelaluna.es\/wp-content\/uploads\/2016\/08\/Pedarforca-casi-invernal-015A-300x225.jpg 300w\" sizes=\"auto, (max-width: 960px) 100vw, 960px\" \/><\/a><p id=\"caption-attachment-32730\" class=\"wp-caption-text\">Joaqu\u00edn, Toni y Francesc en el Pla de La Serra, detr\u00e1s la Serra del Verd<\/p><\/div>\n<p>Finalmente el pasado s\u00e1bado 16 de febrero sal\u00edamos de G\u00f3sol (algo tarde, para variar) sobre las 09:20 horas, siguiendo el camino que desde antes de llegar a la poblaci\u00f3n y pasada la redonda de su entrada, sale a la derecha, hac\u00eda el Pedraforca. El coche de Pep no puede cruzar los neveros helados que nos cruzamos en el camino, y debemos dejar el coche al principio del mismo, casi en la misma carretera que llega a G\u00f3sol. Ahora seguimos el P.R. que nos sube a l\u2019Enforcadura; arriba vemos una imagen distinta del Pedraforca, m\u00e1s distante, menos espectacular, pero de la que sabemos se convertir\u00e1 en el magn\u00edfico gigante de roca que es. El d\u00eda amanece bueno, pero ir\u00e1n apareciendo nubes que ensombrecer\u00e1n y adornaran las cimas y paredes de la monta\u00f1a.<\/p>\n<p>El P.R. sigue inequ\u00edvoco por un camino en direcci\u00f3n este, hac\u00eda el Pedraforca. Al poco tiempo, unas marcas blancas y amarillas escondidas a la derecha y casi en una medio curva, nos har\u00e1n dejar el camino y cruzar el seco y pedregoso Torrent de Rubinat, que m\u00e1s arriba se llama Del Verdet, ya que nace en el collado del mismo nombre.<\/p>\n<div id=\"attachment_32735\" style=\"width: 1034px\" class=\"wp-caption aligncenter\"><a class=\"dt-single-image\" href=\"https:\/\/www.monta\u00f1asdelaluna.es\/wp-content\/uploads\/2016\/08\/Pedarforca-casi-invernal-021.jpg\" data-dt-img-description=\"\"><img loading=\"lazy\" decoding=\"async\" aria-describedby=\"caption-attachment-32735\" class=\"wp-image-32735 size-large\" src=\"https:\/\/www.monta\u00f1asdelaluna.es\/wp-content\/uploads\/2016\/08\/Pedarforca-casi-invernal-021-1024x768.jpg\" alt=\"Llegando a la Collada del Verdet\" width=\"1024\" height=\"768\" srcset=\"https:\/\/www.monta\u00f1asdelaluna.es\/wp-content\/uploads\/2016\/08\/Pedarforca-casi-invernal-021-1024x768.jpg 1024w, https:\/\/www.monta\u00f1asdelaluna.es\/wp-content\/uploads\/2016\/08\/Pedarforca-casi-invernal-021-300x225.jpg 300w, https:\/\/www.monta\u00f1asdelaluna.es\/wp-content\/uploads\/2016\/08\/Pedarforca-casi-invernal-021.jpg 1632w\" sizes=\"auto, (max-width: 1024px) 100vw, 1024px\" \/><\/a><p id=\"caption-attachment-32735\" class=\"wp-caption-text\">Llegando a la Collada del Verdet<\/p><\/div>\n<div id=\"attachment_32738\" style=\"width: 1034px\" class=\"wp-caption aligncenter\"><a class=\"dt-single-image\" href=\"https:\/\/www.monta\u00f1asdelaluna.es\/wp-content\/uploads\/2016\/08\/Pedarforca-casi-invernal-025.jpg\" data-dt-img-description=\"\"><img loading=\"lazy\" decoding=\"async\" aria-describedby=\"caption-attachment-32738\" class=\"wp-image-32738 size-large\" src=\"https:\/\/www.monta\u00f1asdelaluna.es\/wp-content\/uploads\/2016\/08\/Pedarforca-casi-invernal-025-1024x768.jpg\" alt=\"Bajo las paredes del Cim Nord\" width=\"1024\" height=\"768\" srcset=\"https:\/\/www.monta\u00f1asdelaluna.es\/wp-content\/uploads\/2016\/08\/Pedarforca-casi-invernal-025-1024x768.jpg 1024w, https:\/\/www.monta\u00f1asdelaluna.es\/wp-content\/uploads\/2016\/08\/Pedarforca-casi-invernal-025-300x225.jpg 300w, https:\/\/www.monta\u00f1asdelaluna.es\/wp-content\/uploads\/2016\/08\/Pedarforca-casi-invernal-025.jpg 1632w\" sizes=\"auto, (max-width: 1024px) 100vw, 1024px\" \/><\/a><p id=\"caption-attachment-32738\" class=\"wp-caption-text\">Bajo las paredes del Cim Nord<\/p><\/div>\n<p>Comenzamos la interminable y empinada subida por todo el bosque. No hay un respiro. Ahora entiendo a aquellos que hablaban de la subida desde G\u00f3sol a l\u2019Enforcadura como esforzada y dura. Pero est\u00e1 todo el bosque nevado. Hay nieve abundante; contrariamente a las laderas que se escapan del refugio del bosque: peladas y castigadas por los vientos de este invierno. Voy en cabeza. Llevo un buen ritmo a pesar del peso de la mochila, cargada con material de alta monta\u00f1a, pensando en hacer una actividad alpinista como dios manda.<\/p>\n<p>Arriba de la eterna subida por el fabuloso y empinado bosque, llegamos a la cima de un cordal del Pedraforca, en unas planas que llaman Pla de La Serra; a casi 1.850 metros de altitud. Aqu\u00ed desaparece la nieve, en aquellas zonas expuestas al viento. Descansamos. Se suaviza el recorrido, dejando el bosque empinado atr\u00e1s. Miramos las monta\u00f1as hac\u00eda el sur a nuestra espalda, al oeste: La Gallina Pelada, Serra del Verd, Els Cloterons&#8230; el d\u00eda es muy bueno, pero desgraciadamente descubrimos que las condiciones invernales de la monta\u00f1a no son las esperadas ni las adecuadas: hac\u00eda el este vemos l\u2019Enforcadura, en medio de esas tremendas moles de roca caliza; pero no hay demasiada nieve o ninguna. L\u00e1stima. Mis botas de pl\u00e1stico Asolo me castigaran por hacerlas andar por lugares sin nieve&#8230;<\/p>\n<div id=\"attachment_32740\" style=\"width: 1034px\" class=\"wp-caption aligncenter\"><a class=\"dt-single-image\" href=\"https:\/\/www.monta\u00f1asdelaluna.es\/wp-content\/uploads\/2016\/08\/Pedarforca-casi-invernal-030.jpg\" data-dt-img-description=\"\"><img loading=\"lazy\" decoding=\"async\" aria-describedby=\"caption-attachment-32740\" class=\"wp-image-32740 size-large\" src=\"https:\/\/www.monta\u00f1asdelaluna.es\/wp-content\/uploads\/2016\/08\/Pedarforca-casi-invernal-030-1024x768.jpg\" alt=\"En la Collada del Verdet, detr\u00e1s la Sierra del Cad\u00ed\" width=\"1024\" height=\"768\" srcset=\"https:\/\/www.monta\u00f1asdelaluna.es\/wp-content\/uploads\/2016\/08\/Pedarforca-casi-invernal-030-1024x768.jpg 1024w, https:\/\/www.monta\u00f1asdelaluna.es\/wp-content\/uploads\/2016\/08\/Pedarforca-casi-invernal-030-300x225.jpg 300w, https:\/\/www.monta\u00f1asdelaluna.es\/wp-content\/uploads\/2016\/08\/Pedarforca-casi-invernal-030.jpg 1632w\" sizes=\"auto, (max-width: 1024px) 100vw, 1024px\" \/><\/a><p id=\"caption-attachment-32740\" class=\"wp-caption-text\">En la Collada del Verdet, detr\u00e1s la Sierra del Cad\u00ed<\/p><\/div>\n<div id=\"attachment_32742\" style=\"width: 1034px\" class=\"wp-caption aligncenter\"><a class=\"dt-single-image\" href=\"https:\/\/www.monta\u00f1asdelaluna.es\/wp-content\/uploads\/2016\/08\/Pedarforca-casi-invernal-032.jpg\" data-dt-img-description=\"\"><img loading=\"lazy\" decoding=\"async\" aria-describedby=\"caption-attachment-32742\" class=\"wp-image-32742 size-large\" src=\"https:\/\/www.monta\u00f1asdelaluna.es\/wp-content\/uploads\/2016\/08\/Pedarforca-casi-invernal-032-1024x768.jpg\" alt=\"Acerc\u00e1ndonos a las paredes del Cim Nord\" width=\"1024\" height=\"768\" srcset=\"https:\/\/www.monta\u00f1asdelaluna.es\/wp-content\/uploads\/2016\/08\/Pedarforca-casi-invernal-032-1024x768.jpg 1024w, https:\/\/www.monta\u00f1asdelaluna.es\/wp-content\/uploads\/2016\/08\/Pedarforca-casi-invernal-032-300x225.jpg 300w, https:\/\/www.monta\u00f1asdelaluna.es\/wp-content\/uploads\/2016\/08\/Pedarforca-casi-invernal-032.jpg 1632w\" sizes=\"auto, (max-width: 1024px) 100vw, 1024px\" \/><\/a><p id=\"caption-attachment-32742\" class=\"wp-caption-text\">Acerc\u00e1ndonos a las paredes del Cim Nord<\/p><\/div>\n<p>Aqu\u00ed debemos dejar la subida a l\u2019Enforcadura y abrir camino, abrir una nueva v\u00eda, hac\u00eda el noroeste, al otro lado de la carena, del cordal en el que nos encontramos. Justo en el momento en que la senda deja la cima del cordal, nosotros nos desviamos monte a trav\u00e9s hac\u00eda la izquierda, en busca de la pared noroeste, en busca del otro lado del cordal.<\/p>\n<p>Y aqu\u00ed viene la lucha: la falta de nieve hacen la ladera empinada, pedregosa, escarpada&#8230; casi peligrosa. La idea era haberla atravesado con una buena capa de nieve helada, transformada, que nos ayudar\u00eda a progresar perfectamente bajo las paredes del Cim Nord. Sin nieve, el paso hasta la Collada del Verdet se hac\u00eda muy intrincado, fatigoso y muy poco recomendable. As\u00ed pues, desilusionado, intentamos acercarnos justo al punto donde las pedregosa y resbaladizas laderas (tambi\u00e9n empinadas) se convierten en las lisas y verticales paredes. La mejor parte por la que avanzar con menos dificultad hac\u00eda la visible Collada del Verdet.<\/p>\n<div id=\"attachment_32746\" style=\"width: 1034px\" class=\"wp-caption aligncenter\"><a class=\"dt-single-image\" href=\"https:\/\/www.monta\u00f1asdelaluna.es\/wp-content\/uploads\/2016\/08\/Pedarforca-casi-invernal-038.jpg\" data-dt-img-description=\"\"><img loading=\"lazy\" decoding=\"async\" aria-describedby=\"caption-attachment-32746\" class=\"wp-image-32746 size-large\" src=\"https:\/\/www.monta\u00f1asdelaluna.es\/wp-content\/uploads\/2016\/08\/Pedarforca-casi-invernal-038-1024x768.jpg\" alt=\"Trepando en la subida al Cim Nord\" width=\"1024\" height=\"768\" srcset=\"https:\/\/www.monta\u00f1asdelaluna.es\/wp-content\/uploads\/2016\/08\/Pedarforca-casi-invernal-038-1024x768.jpg 1024w, https:\/\/www.monta\u00f1asdelaluna.es\/wp-content\/uploads\/2016\/08\/Pedarforca-casi-invernal-038-300x225.jpg 300w, https:\/\/www.monta\u00f1asdelaluna.es\/wp-content\/uploads\/2016\/08\/Pedarforca-casi-invernal-038.jpg 1632w\" sizes=\"auto, (max-width: 1024px) 100vw, 1024px\" \/><\/a><p id=\"caption-attachment-32746\" class=\"wp-caption-text\">Trepando en la subida al Cim Nord<\/p><\/div>\n<div id=\"attachment_32747\" style=\"width: 970px\" class=\"wp-caption aligncenter\"><a class=\"dt-single-image\" href=\"https:\/\/www.monta\u00f1asdelaluna.es\/wp-content\/uploads\/2016\/08\/Pedarforca-casi-invernal-038A.jpg\" data-dt-img-description=\"\"><img loading=\"lazy\" decoding=\"async\" aria-describedby=\"caption-attachment-32747\" class=\"wp-image-32747 size-full\" src=\"https:\/\/www.monta\u00f1asdelaluna.es\/wp-content\/uploads\/2016\/08\/Pedarforca-casi-invernal-038A.jpg\" alt=\"Joaqu\u00edn en la trepada en la subida al Cim Nord\" width=\"960\" height=\"720\" srcset=\"https:\/\/www.monta\u00f1asdelaluna.es\/wp-content\/uploads\/2016\/08\/Pedarforca-casi-invernal-038A.jpg 960w, https:\/\/www.monta\u00f1asdelaluna.es\/wp-content\/uploads\/2016\/08\/Pedarforca-casi-invernal-038A-300x225.jpg 300w\" sizes=\"auto, (max-width: 960px) 100vw, 960px\" \/><\/a><p id=\"caption-attachment-32747\" class=\"wp-caption-text\">Joaqu\u00edn en la trepada en la subida al Cim Nord<\/p><\/div>\n<div id=\"attachment_32748\" style=\"width: 970px\" class=\"wp-caption aligncenter\"><a class=\"dt-single-image\" href=\"https:\/\/www.monta\u00f1asdelaluna.es\/wp-content\/uploads\/2016\/08\/Pedarforca-casi-invernal-038B.jpg\" data-dt-img-description=\"\"><img loading=\"lazy\" decoding=\"async\" aria-describedby=\"caption-attachment-32748\" class=\"wp-image-32748 size-full\" src=\"https:\/\/www.monta\u00f1asdelaluna.es\/wp-content\/uploads\/2016\/08\/Pedarforca-casi-invernal-038B.jpg\" alt=\"Delante Toni y detr\u00e1s Joaqu\u00edn en la trepada en la subida al Cim Nord\" width=\"960\" height=\"720\" srcset=\"https:\/\/www.monta\u00f1asdelaluna.es\/wp-content\/uploads\/2016\/08\/Pedarforca-casi-invernal-038B.jpg 960w, https:\/\/www.monta\u00f1asdelaluna.es\/wp-content\/uploads\/2016\/08\/Pedarforca-casi-invernal-038B-300x225.jpg 300w\" sizes=\"auto, (max-width: 960px) 100vw, 960px\" \/><\/a><p id=\"caption-attachment-32748\" class=\"wp-caption-text\">Delante Toni y detr\u00e1s Joaqu\u00edn en la trepada en la subida al Cim Nord<\/p><\/div>\n<p>Nos acercamos poco a poco a la susodicha Collada del Verdet, avanzando bajo las paredes del Cim Nord. No hay nieve. No es camino para hacer sin nieve, monte a trav\u00e9s, y menos con botas pl\u00e1sticas o de alta monta\u00f1a. Ya m\u00e1s cerca, debemos cruzar un helado y nada vertical corredor. La nieve llena la cavidad. Francesc se atreve a cruzarlo sin crampones por la fin\u00edsima nieve no helada de encima. Pero el resto, Toni, Pep y yo, vemos el tobog\u00e1n helado, y al final decidimos no desafiar a nuestra suerte&#8230; aunque solo sea en 3 metros, y ponernos los crampones.<\/p>\n<p>Ya estamos en la Collada del Verdet. No hay mucha m\u00e1s gente subiendo. Un d\u00eda muy diferente a aquel de septiembre cuando lo sub\u00ed por primera vez. Al otro lado vemos un hermoso mar de nubes, mirando hac\u00eda la Sierra de Moixer\u00f3 y hac\u00eda el Puigllan\u00e7ada. Magn\u00edfico. Desde aqu\u00ed ya seguiremos el recorrido que describ\u00ed en mi primer relato sobre la subida al <a href=\"https:\/\/www.monta\u00f1asdelaluna.es\/?p=29369\" target=\"_blank\" rel=\"noopener\">Pedraforca<\/a>, pero esta vez con algo de nieve, temperaturas m\u00e1s bajas y m\u00e1s peso en mi mochila.<\/p>\n<div id=\"attachment_32750\" style=\"width: 1034px\" class=\"wp-caption aligncenter\"><a class=\"dt-single-image\" href=\"https:\/\/www.monta\u00f1asdelaluna.es\/wp-content\/uploads\/2016\/08\/Pedarforca-casi-invernal-041.b.jpg\" data-dt-img-description=\"\"><img loading=\"lazy\" decoding=\"async\" aria-describedby=\"caption-attachment-32750\" class=\"wp-image-32750 size-large\" src=\"https:\/\/www.monta\u00f1asdelaluna.es\/wp-content\/uploads\/2016\/08\/Pedarforca-casi-invernal-041.b-1024x801.jpg\" alt=\"Pep, Francesc, Toni y Joaqu\u00edn en el Cim Nord del Pedraforca, 2.428 mts., a la izquierda la Sierra del Cad\u00ed\" width=\"1024\" height=\"801\" srcset=\"https:\/\/www.monta\u00f1asdelaluna.es\/wp-content\/uploads\/2016\/08\/Pedarforca-casi-invernal-041.b-1024x801.jpg 1024w, https:\/\/www.monta\u00f1asdelaluna.es\/wp-content\/uploads\/2016\/08\/Pedarforca-casi-invernal-041.b-300x235.jpg 300w, https:\/\/www.monta\u00f1asdelaluna.es\/wp-content\/uploads\/2016\/08\/Pedarforca-casi-invernal-041.b.jpg 1563w\" sizes=\"auto, (max-width: 1024px) 100vw, 1024px\" \/><\/a><p id=\"caption-attachment-32750\" class=\"wp-caption-text\">Pep, Francesc, Toni y Joaqu\u00edn en el Cim Nord del Pedraforca, 2.428 mts., a la izquierda la Sierra del Cad\u00ed<\/p><\/div>\n<div id=\"attachment_32752\" style=\"width: 831px\" class=\"wp-caption aligncenter\"><a class=\"dt-single-image\" href=\"https:\/\/www.monta\u00f1asdelaluna.es\/wp-content\/uploads\/2016\/08\/Pedarforca-casi-invernal-043.jpg\" data-dt-img-description=\"\"><img loading=\"lazy\" decoding=\"async\" aria-describedby=\"caption-attachment-32752\" class=\"wp-image-32752 \" src=\"https:\/\/www.monta\u00f1asdelaluna.es\/wp-content\/uploads\/2016\/08\/Pedarforca-casi-invernal-043.jpg\" alt=\"Bajando del Cim Nord hacia el Polleg\u00f3 Superior\" width=\"821\" height=\"1095\" srcset=\"https:\/\/www.monta\u00f1asdelaluna.es\/wp-content\/uploads\/2016\/08\/Pedarforca-casi-invernal-043.jpg 1224w, https:\/\/www.monta\u00f1asdelaluna.es\/wp-content\/uploads\/2016\/08\/Pedarforca-casi-invernal-043-225x300.jpg 225w, https:\/\/www.monta\u00f1asdelaluna.es\/wp-content\/uploads\/2016\/08\/Pedarforca-casi-invernal-043-768x1024.jpg 768w\" sizes=\"auto, (max-width: 821px) 100vw, 821px\" \/><\/a><p id=\"caption-attachment-32752\" class=\"wp-caption-text\">Bajando del Cim Nord hacia el Polleg\u00f3 Superior<\/p><\/div>\n<p>En la subida por la primera pared en la que se encuentra el cable, el excesivo peso de mi mochila me juega una mala pasada. Ese miedo ancestral que desde hace a\u00f1os no padec\u00eda, me invade ante el empuje del peso hac\u00eda atr\u00e1s que hace que pierda el control y equilibrio. Es un paso f\u00e1cil y \u201ctonto\u201d que cruc\u00e9 sin dificultades la primera vez que la sub\u00ed, pero ahora se convierte en un contratiempo, en una dificultad a\u00f1adida, en un imprevisible y peligroso reto. Delante pasan Pep, Francesc; junto a mi Toni, que acabar\u00e1 por adelantarme. Mi inestable equilibrio hace que vaya m\u00e1s lento en mi trepada y cuide m\u00e1s mis temerosos pasos.<\/p>\n<p>Por fin llego a la cumbre del Cim Nord (2.428 mts.) donde me esperan mis compa\u00f1eros. Detr\u00e1s m\u00edo llevo una peque\u00f1a cola de un grupillo de Castell\u00f3n que nos acompa\u00f1ar\u00e1 en la subida y en la cima m\u00e1s alta del Pedraforca. Foto de Cim Nord y enseguida seguimos la cresta y cordal rocoso escarpado hac\u00eda el Polleg\u00f3 Superior&#8230; cosa que me result\u00f3 m\u00e1s larga que en mi primera subida, supongo debido a mi desequilibrio e inestabilidad con el peso de la mochila. Mientras a mi espalda dejamos la fabulosa imagen de la Sierra del Cad\u00ed nevada, despejada, alargada como un murall\u00f3n natural que guarda a La Cerda\u00f1a.<\/p>\n<div id=\"attachment_32756\" style=\"width: 1034px\" class=\"wp-caption aligncenter\"><a class=\"dt-single-image\" href=\"https:\/\/www.monta\u00f1asdelaluna.es\/wp-content\/uploads\/2016\/08\/Pedarforca-casi-invernal-047.jpg\" data-dt-img-description=\"\"><img loading=\"lazy\" decoding=\"async\" aria-describedby=\"caption-attachment-32756\" class=\"wp-image-32756 size-large\" src=\"https:\/\/www.monta\u00f1asdelaluna.es\/wp-content\/uploads\/2016\/08\/Pedarforca-casi-invernal-047-1024x768.jpg\" alt=\"Trepando en la cresta Cim Nord-Polleg\u00f3 Superior\" width=\"1024\" height=\"768\" srcset=\"https:\/\/www.monta\u00f1asdelaluna.es\/wp-content\/uploads\/2016\/08\/Pedarforca-casi-invernal-047-1024x768.jpg 1024w, https:\/\/www.monta\u00f1asdelaluna.es\/wp-content\/uploads\/2016\/08\/Pedarforca-casi-invernal-047-300x225.jpg 300w, https:\/\/www.monta\u00f1asdelaluna.es\/wp-content\/uploads\/2016\/08\/Pedarforca-casi-invernal-047.jpg 1632w\" sizes=\"auto, (max-width: 1024px) 100vw, 1024px\" \/><\/a><p id=\"caption-attachment-32756\" class=\"wp-caption-text\">Trepando en la cresta Cim Nord-Polleg\u00f3 Superior<\/p><\/div>\n<div id=\"attachment_32758\" style=\"width: 832px\" class=\"wp-caption aligncenter\"><a class=\"dt-single-image\" href=\"https:\/\/www.monta\u00f1asdelaluna.es\/wp-content\/uploads\/2016\/08\/Pedarforca-casi-invernal-048.jpg\" data-dt-img-description=\"\"><img loading=\"lazy\" decoding=\"async\" aria-describedby=\"caption-attachment-32758\" class=\"wp-image-32758 \" src=\"https:\/\/www.monta\u00f1asdelaluna.es\/wp-content\/uploads\/2016\/08\/Pedarforca-casi-invernal-048.jpg\" alt=\"Trepando en la cresta Cim Nord-Polleg\u00f3 Superior\" width=\"822\" height=\"1096\" srcset=\"https:\/\/www.monta\u00f1asdelaluna.es\/wp-content\/uploads\/2016\/08\/Pedarforca-casi-invernal-048.jpg 1224w, https:\/\/www.monta\u00f1asdelaluna.es\/wp-content\/uploads\/2016\/08\/Pedarforca-casi-invernal-048-225x300.jpg 225w, https:\/\/www.monta\u00f1asdelaluna.es\/wp-content\/uploads\/2016\/08\/Pedarforca-casi-invernal-048-768x1024.jpg 768w\" sizes=\"auto, (max-width: 822px) 100vw, 822px\" \/><\/a><p id=\"caption-attachment-32758\" class=\"wp-caption-text\">Trepando en la cresta Cim Nord-Polleg\u00f3 Superior<\/p><\/div>\n<p>Fotos en la subida, casi calcadas a las de la \u00faltima vez, pero con nieve y con menos gente por en medio, y por fin llego a la cumbre del Polleg\u00f3 Superior (2.498 mts.) donde ya me esperan mis compa\u00f1eros hace rato. Me quito la pesada mochila y por fin puedo andar \u201clibre\u201d como cuando Son Goku se quit\u00f3 aquellas pesadas botas de entrenamiento. Comemos. Fotos de las vistas. Fotos de cima y grupo. Ahora las nubes bajas que formaron aquel bonito Mar de Nubes, envuelven las monta\u00f1as a m\u00e1s altura, y la Gallina Pelada, el Cad\u00ed y otras, aparecen engalanadas misteriosas y hermosas. Miro hac\u00eda el sur y admiro el Pic del Candeler y el Polleg\u00f3 Inferior: con sus paredes y verticalidades adornadas con el blanco meteoro, parecen fabulosas formaciones alpinas, grandes monta\u00f1as con el entorno de las nieves perpetuas \u00a1Fant\u00e1stico!<\/p>\n<p>Esta vez Francesc me deja comer; pero no tengo tanta hambre, supongo que por la experiencia del esfuerzo. Despu\u00e9s de recrearnos en la cima decidimos bajar, que no se haga demasiado tarde. La bajada la hacemos por la v\u00eda normal, hac\u00eda l\u2019Enforcadura, hac\u00eda el sur. Y en dicha bajada las nubes entran y salen por el fabuloso collado, d\u00e1ndole una imagen alpina, solemne, magn\u00edfica a esta escarpada y bella monta\u00f1a.<\/p>\n<div id=\"attachment_32764\" style=\"width: 970px\" class=\"wp-caption aligncenter\"><a class=\"dt-single-image\" href=\"https:\/\/www.monta\u00f1asdelaluna.es\/wp-content\/uploads\/2016\/08\/Pedarforca-casi-invernal-054A.jpg\" data-dt-img-description=\"\"><img loading=\"lazy\" decoding=\"async\" aria-describedby=\"caption-attachment-32764\" class=\"wp-image-32764 size-full\" src=\"https:\/\/www.monta\u00f1asdelaluna.es\/wp-content\/uploads\/2016\/08\/Pedarforca-casi-invernal-054A.jpg\" alt=\"Cima del Polleg\u00f3 Superior, 2.498 mts.\" width=\"960\" height=\"720\" srcset=\"https:\/\/www.monta\u00f1asdelaluna.es\/wp-content\/uploads\/2016\/08\/Pedarforca-casi-invernal-054A.jpg 960w, https:\/\/www.monta\u00f1asdelaluna.es\/wp-content\/uploads\/2016\/08\/Pedarforca-casi-invernal-054A-300x225.jpg 300w\" sizes=\"auto, (max-width: 960px) 100vw, 960px\" \/><\/a><p id=\"caption-attachment-32764\" class=\"wp-caption-text\">Cima del Polleg\u00f3 Superior, 2.498 mts.<\/p><\/div>\n<div id=\"attachment_32767\" style=\"width: 1034px\" class=\"wp-caption aligncenter\"><a class=\"dt-single-image\" href=\"https:\/\/www.monta\u00f1asdelaluna.es\/wp-content\/uploads\/2016\/08\/Pedarforca-casi-invernal-058.jpg\" data-dt-img-description=\"\"><img loading=\"lazy\" decoding=\"async\" aria-describedby=\"caption-attachment-32767\" class=\"wp-image-32767 size-large\" src=\"https:\/\/www.monta\u00f1asdelaluna.es\/wp-content\/uploads\/2016\/08\/Pedarforca-casi-invernal-058-1024x768.jpg\" alt=\"Bajando del Polleg\u00f3 Superior a la izquierda el Pic del Candeler y el Polleg\u00f3 Inferior abajo derecha\" width=\"1024\" height=\"768\" srcset=\"https:\/\/www.monta\u00f1asdelaluna.es\/wp-content\/uploads\/2016\/08\/Pedarforca-casi-invernal-058-1024x768.jpg 1024w, https:\/\/www.monta\u00f1asdelaluna.es\/wp-content\/uploads\/2016\/08\/Pedarforca-casi-invernal-058-300x225.jpg 300w, https:\/\/www.monta\u00f1asdelaluna.es\/wp-content\/uploads\/2016\/08\/Pedarforca-casi-invernal-058.jpg 1632w\" sizes=\"auto, (max-width: 1024px) 100vw, 1024px\" \/><\/a><p id=\"caption-attachment-32767\" class=\"wp-caption-text\">Bajando del Polleg\u00f3 Superior a la izquierda el Pic del Candeler y el Polleg\u00f3 Inferior abajo derecha<\/p><\/div>\n<p>Como pens\u00e1bamos, no hay tanta nieve en l\u2019Enforcadura. M\u00e1s acumulada hac\u00eda el este, por la bajada hac\u00eda Saldes, hac\u00eda Gresolet. El viento ha derretido y da\u00f1ado la nieve en las partes m\u00e1s expuestas del Pedraforca&#8230; l\u00e1stima. Parada en l\u2019Enforcadura para admirar las vistas de agujas y paredes calizas espectaculares de nuestro alrededor, y quitarnos ropa. La gente de Castell\u00f3n baja por el este, hac\u00eda el Refugio LLuis Estasen o a Gresolet, nosotros lo haremos hac\u00eda el oeste, hac\u00eda G\u00f3sol, por el f\u00e1cil y marcado P.R.<\/p>\n<p>No hay p\u00e9rdida. Entre las nubes que nos abordan, nos dejan y vuelven, vamos bajando por un nevado sendero en las f\u00e1ciles pero empinadas vertientes de l\u2019Enforcadura, con especiales vistas hac\u00eda la Serra del Verd, y las monta\u00f1as que acechan G\u00f3sol. Mis botas me est\u00e1n matando entre tanta piedra y roca&#8230; no est\u00e1n hechas para esto, tendr\u00eda que haber nieve. Las laderas de canchales y pedregales son absorbidas poco a poco, a medida que bajamos altura, por las laderas boscosas, m\u00e1s verdes y menos inertes. Tambi\u00e9n es un recorrido largo. Al poco tiempo llegamos a la escarpada zona previa al Pla de La Serra, donde m\u00e1s o menos nos desviamos buscando las paredes noroeste del Cim Nord y la Collada del Verdet. Abrupta, por que el espol\u00f3n que baja del Cim Nord se escarpa aqu\u00ed al bajar altura, pero poco despu\u00e9s desaparece al confundirse con la suavidad y la comodidad del Pla de La Serra. Mientras ya nos hemos internado en el sano bosque, la luz va bajando poco a poco, y el d\u00eda se va acabando con un atardecer prodigioso en el fr\u00edo Pirineo invernal.<\/p>\n<div id=\"attachment_32768\" style=\"width: 1034px\" class=\"wp-caption aligncenter\"><a class=\"dt-single-image\" href=\"https:\/\/www.monta\u00f1asdelaluna.es\/wp-content\/uploads\/2016\/08\/Pedarforca-casi-invernal-060.jpg\" data-dt-img-description=\"\"><img loading=\"lazy\" decoding=\"async\" aria-describedby=\"caption-attachment-32768\" class=\"wp-image-32768 size-large\" src=\"https:\/\/www.monta\u00f1asdelaluna.es\/wp-content\/uploads\/2016\/08\/Pedarforca-casi-invernal-060-1024x768.jpg\" alt=\"Bajando a l'Enforcadura del Pedraforca, al otro lado el Polleg\u00f3 Inferior\" width=\"1024\" height=\"768\" srcset=\"https:\/\/www.monta\u00f1asdelaluna.es\/wp-content\/uploads\/2016\/08\/Pedarforca-casi-invernal-060-1024x768.jpg 1024w, https:\/\/www.monta\u00f1asdelaluna.es\/wp-content\/uploads\/2016\/08\/Pedarforca-casi-invernal-060-300x225.jpg 300w, https:\/\/www.monta\u00f1asdelaluna.es\/wp-content\/uploads\/2016\/08\/Pedarforca-casi-invernal-060.jpg 1632w\" sizes=\"auto, (max-width: 1024px) 100vw, 1024px\" \/><\/a><p id=\"caption-attachment-32768\" class=\"wp-caption-text\">Bajando a l&#8217;Enforcadura del Pedraforca, al otro lado el Polleg\u00f3 Inferior<\/p><\/div>\n<div id=\"attachment_32771\" style=\"width: 1034px\" class=\"wp-caption aligncenter\"><a class=\"dt-single-image\" href=\"https:\/\/www.monta\u00f1asdelaluna.es\/wp-content\/uploads\/2016\/08\/Pedarforca-casi-invernal-063.jpg\" data-dt-img-description=\"\"><img loading=\"lazy\" decoding=\"async\" aria-describedby=\"caption-attachment-32771\" class=\"wp-image-32771 size-large\" src=\"https:\/\/www.monta\u00f1asdelaluna.es\/wp-content\/uploads\/2016\/08\/Pedarforca-casi-invernal-063-1024x768.jpg\" alt=\"L'Enforcadura del Pedraforca, delante el Polleg\u00f3 Inferior\" width=\"1024\" height=\"768\" srcset=\"https:\/\/www.monta\u00f1asdelaluna.es\/wp-content\/uploads\/2016\/08\/Pedarforca-casi-invernal-063-1024x768.jpg 1024w, https:\/\/www.monta\u00f1asdelaluna.es\/wp-content\/uploads\/2016\/08\/Pedarforca-casi-invernal-063-300x225.jpg 300w, https:\/\/www.monta\u00f1asdelaluna.es\/wp-content\/uploads\/2016\/08\/Pedarforca-casi-invernal-063.jpg 1632w\" sizes=\"auto, (max-width: 1024px) 100vw, 1024px\" \/><\/a><p id=\"caption-attachment-32771\" class=\"wp-caption-text\">L&#8217;Enforcadura del Pedraforca, delante el Polleg\u00f3 Inferior<\/p><\/div>\n<div id=\"attachment_32777\" style=\"width: 1034px\" class=\"wp-caption aligncenter\"><a class=\"dt-single-image\" href=\"https:\/\/www.monta\u00f1asdelaluna.es\/wp-content\/uploads\/2016\/08\/Pedarforca-casi-invernal-073.jpg\" data-dt-img-description=\"\"><img loading=\"lazy\" decoding=\"async\" aria-describedby=\"caption-attachment-32777\" class=\"wp-image-32777 size-large\" src=\"https:\/\/www.monta\u00f1asdelaluna.es\/wp-content\/uploads\/2016\/08\/Pedarforca-casi-invernal-073-1024x768.jpg\" alt=\"Bajando a G\u00f3sol\" width=\"1024\" height=\"768\" srcset=\"https:\/\/www.monta\u00f1asdelaluna.es\/wp-content\/uploads\/2016\/08\/Pedarforca-casi-invernal-073-1024x768.jpg 1024w, https:\/\/www.monta\u00f1asdelaluna.es\/wp-content\/uploads\/2016\/08\/Pedarforca-casi-invernal-073-300x225.jpg 300w, https:\/\/www.monta\u00f1asdelaluna.es\/wp-content\/uploads\/2016\/08\/Pedarforca-casi-invernal-073.jpg 1632w\" sizes=\"auto, (max-width: 1024px) 100vw, 1024px\" \/><\/a><p id=\"caption-attachment-32777\" class=\"wp-caption-text\">Bajando a G\u00f3sol<\/p><\/div>\n<p>Desde Pla de La Serra, seguimos por las huellas y senda que escogimos para subir. No nos hemos encontrado a nadie por este lado del Pedraforca, a pesar de haber distinguido al menos otra huella diferente y antecesora a la nuestra. \u00a1Ahora si! la bajada es s\u00faper c\u00f3moda y r\u00e1pida pisando con gusto la nieve con mis botas Asolo. Alg\u00fan resbal\u00f3n que otro; se han formado resbaladizos suelos entre la \u201cpinassa\u201d de los pinos, la nieve pisada y helada, y las pendientes de la senda.<\/p>\n<p>Al cabo de un tiempo de seguir bajando por la empinada senda, sin descanso ni nada horizontal, me pregunto si hemos subido por aqu\u00ed: \u201cEs una subida muy larga sin espacio para llanear\u201d. Me asombro. Iba yo el primero en la subida. Ahora, despu\u00e9s de las incomodidades de las piedras y las rocas, voy el primero en la bajada.<\/p>\n<div id=\"attachment_32781\" style=\"width: 831px\" class=\"wp-caption aligncenter\"><a class=\"dt-single-image\" href=\"https:\/\/www.monta\u00f1asdelaluna.es\/wp-content\/uploads\/2016\/08\/Pedarforca-casi-invernal-080.jpg\" data-dt-img-description=\"\"><img loading=\"lazy\" decoding=\"async\" aria-describedby=\"caption-attachment-32781\" class=\"wp-image-32781 \" src=\"https:\/\/www.monta\u00f1asdelaluna.es\/wp-content\/uploads\/2016\/08\/Pedarforca-casi-invernal-080.jpg\" alt=\"Bajando a G\u00f3sol por el bosque\" width=\"821\" height=\"1095\" srcset=\"https:\/\/www.monta\u00f1asdelaluna.es\/wp-content\/uploads\/2016\/08\/Pedarforca-casi-invernal-080.jpg 1224w, https:\/\/www.monta\u00f1asdelaluna.es\/wp-content\/uploads\/2016\/08\/Pedarforca-casi-invernal-080-225x300.jpg 225w, https:\/\/www.monta\u00f1asdelaluna.es\/wp-content\/uploads\/2016\/08\/Pedarforca-casi-invernal-080-768x1024.jpg 768w\" sizes=\"auto, (max-width: 821px) 100vw, 821px\" \/><\/a><p id=\"caption-attachment-32781\" class=\"wp-caption-text\">Bajando a G\u00f3sol por el bosque<\/p><\/div>\n<div id=\"attachment_32783\" style=\"width: 1034px\" class=\"wp-caption aligncenter\"><a class=\"dt-single-image\" href=\"https:\/\/www.monta\u00f1asdelaluna.es\/wp-content\/uploads\/2016\/08\/Pedarforca-casi-invernal-082.jpg\" data-dt-img-description=\"\"><img loading=\"lazy\" decoding=\"async\" aria-describedby=\"caption-attachment-32783\" class=\"wp-image-32783 size-large\" src=\"https:\/\/www.monta\u00f1asdelaluna.es\/wp-content\/uploads\/2016\/08\/Pedarforca-casi-invernal-082-1024x768.jpg\" alt=\"Camino de G\u00f3sol, delante Els Cloterons\" width=\"1024\" height=\"768\" srcset=\"https:\/\/www.monta\u00f1asdelaluna.es\/wp-content\/uploads\/2016\/08\/Pedarforca-casi-invernal-082-1024x768.jpg 1024w, https:\/\/www.monta\u00f1asdelaluna.es\/wp-content\/uploads\/2016\/08\/Pedarforca-casi-invernal-082-300x225.jpg 300w, https:\/\/www.monta\u00f1asdelaluna.es\/wp-content\/uploads\/2016\/08\/Pedarforca-casi-invernal-082.jpg 1632w\" sizes=\"auto, (max-width: 1024px) 100vw, 1024px\" \/><\/a><p id=\"caption-attachment-32783\" class=\"wp-caption-text\">Camino de G\u00f3sol, delante Els Cloterons<\/p><\/div>\n<p>Al cabo de un tiempo (que pareci\u00f3 interminable, por el interior del bosque y por esa directa senda) salimos de nuevo y cruzamos el Torrent de Rubinat, y enseguida el camino de bajada a G\u00f3sol. El atardecer da unos colores y formas a las monta\u00f1as nevadas encantadoras, bellas, acogedoras. Ese \u00ednter luz entre la noche y el d\u00eda, provoca paisajes especiales, hermosos, a este lado de los Pirineos&#8230; y al fondo aparece la Sierra del Cad\u00ed que se va escondiendo a medida que bajamos altura, y mientras el sol se va poniendo, ocultando, tras la Serra del Verd, Els Cloterons aparecen como la sombra de un gigante oscuro y amenazador que se cierne sobre la linda poblaci\u00f3n de G\u00f3sol que, irremediablemente, se precipita a las oscuridades del atardecer.<\/p>\n<p>As\u00ed pues, descendiendo por el camino, desandado nuestros pasos de subida, llegamos al coche en las inmediaciones de G\u00f3sol, pasadas las 6 de la tarde. Hemos realizado unas 9 horas de actividad. A mis compa\u00f1eros m\u00e1s exigentes les ha gustado, les ha parecido una ruta interesante. A mi me he decepcionado la ausencia de nieve, ya que no es un recorrido pensado para realizarlo sin nieve. Acabamos en el restaurante de la redonda probando la llamativa y artesanal cerveza del Pedraforca; brindando por el \u00e9xito compartido, por la compa\u00f1\u00eda, por la monta\u00f1a y por los futuros planes pirenaicos&#8230; la negra est\u00e1 bastante buena. Compro una para mi \u201cmuseo\u201d.<\/p>\n<div id=\"attachment_41988\" style=\"width: 1389px\" class=\"wp-caption aligncenter\"><a class=\"dt-single-image\" href=\"https:\/\/www.monta\u00f1asdelaluna.es\/wp-content\/uploads\/2013\/02\/Pedraforca-en-invernal.croquis.blog_.jpg\" data-dt-img-description=\"\"><img loading=\"lazy\" decoding=\"async\" aria-describedby=\"caption-attachment-41988\" class=\"wp-image-41988 size-full\" src=\"https:\/\/www.monta\u00f1asdelaluna.es\/wp-content\/uploads\/2013\/02\/Pedraforca-en-invernal.croquis.blog_.jpg\" alt=\"Croquis del ascenso al Pedraforca desde G\u00f3sol, bajo las paredes del Polleg\u00f3 Superior\" width=\"1379\" height=\"678\" srcset=\"https:\/\/www.monta\u00f1asdelaluna.es\/wp-content\/uploads\/2013\/02\/Pedraforca-en-invernal.croquis.blog_.jpg 1379w, https:\/\/www.monta\u00f1asdelaluna.es\/wp-content\/uploads\/2013\/02\/Pedraforca-en-invernal.croquis.blog_-300x147.jpg 300w, https:\/\/www.monta\u00f1asdelaluna.es\/wp-content\/uploads\/2013\/02\/Pedraforca-en-invernal.croquis.blog_-1024x503.jpg 1024w\" sizes=\"auto, (max-width: 1379px) 100vw, 1379px\" \/><\/a><p id=\"caption-attachment-41988\" class=\"wp-caption-text\">Croquis del ascenso al Pedraforca desde G\u00f3sol, bajo las paredes del Polleg\u00f3 Superior<\/p><\/div>\n<p>&nbsp;<\/p>\n<h3 style=\"text-align: center;\"><strong>Pedraforca desde G\u00f3sol por la Collada del Verdet. 26-Octubre-2.019<br \/>\n<\/strong><\/h3>\n<p>&nbsp;<\/p>\n<p>Comenzando el oto\u00f1o Pau ten\u00eda ya ganas de salir a la monta\u00f1a y hacer un buen desnivel y una actividad de un d\u00eda. Ten\u00edamos varias opciones, pero por la que m\u00e1s nos decantamos es por visitar de nuevo el Pedraforca y realizar aquel recorrido que no pudimos hacer a causa de la gran cantidad de nieve en mitad de la subida aquel a\u00f1o\u2026: subir al Pedraforca desde G\u00f3sol pero pasando por la Collada del Verdet.<\/p>\n<p>Por ello el pasado d\u00eda 26 de octubre salimos en busca de la poblaci\u00f3n de G\u00f3sol y aquel Pedraforca ind\u00f3mito. El camino desde la misma poblaci\u00f3n hacia la Collada del Verdet, m\u00e1s o menos ya lo conoc\u00edamos, puesto que el intento de aquella primavera ya hab\u00edamos cogido la senda o camino correcto. Est\u00e1 marcado con pinturas de P.R., con lo que es dif\u00edcil perderse. A la vez sigue por toda la loma o pendiente sin desviarse a ninguna otra loma o pendiente, hasta que sube a su parte m\u00e1s alta que forma una peque\u00f1a cresta desde la que ya vemos las vertientes este, noreste, nosotros estamos en la oeste de la monta\u00f1a.<\/p>\n<div id=\"attachment_41896\" style=\"width: 1034px\" class=\"wp-caption aligncenter\"><a class=\"dt-single-image\" href=\"https:\/\/www.monta\u00f1asdelaluna.es\/wp-content\/uploads\/2020\/03\/indicaciones-en-gosol-para-comenzar-el-recorrido.jpg\" data-dt-img-description=\"\"><img loading=\"lazy\" decoding=\"async\" aria-describedby=\"caption-attachment-41896\" class=\"wp-image-41896 size-large\" src=\"https:\/\/www.monta\u00f1asdelaluna.es\/wp-content\/uploads\/2020\/03\/indicaciones-en-gosol-para-comenzar-el-recorrido-1024x683.jpg\" alt=\"Indicaciones en G\u00f3sol para comenzar el recorrido\" width=\"1024\" height=\"683\" srcset=\"https:\/\/www.monta\u00f1asdelaluna.es\/wp-content\/uploads\/2020\/03\/indicaciones-en-gosol-para-comenzar-el-recorrido-1024x683.jpg 1024w, https:\/\/www.monta\u00f1asdelaluna.es\/wp-content\/uploads\/2020\/03\/indicaciones-en-gosol-para-comenzar-el-recorrido-300x200.jpg 300w, https:\/\/www.monta\u00f1asdelaluna.es\/wp-content\/uploads\/2020\/03\/indicaciones-en-gosol-para-comenzar-el-recorrido.jpg 1788w\" sizes=\"auto, (max-width: 1024px) 100vw, 1024px\" \/><\/a><p id=\"caption-attachment-41896\" class=\"wp-caption-text\">Indicaciones en G\u00f3sol para comenzar el recorrido<\/p><\/div>\n<div id=\"attachment_41899\" style=\"width: 1034px\" class=\"wp-caption aligncenter\"><a class=\"dt-single-image\" href=\"https:\/\/www.monta\u00f1asdelaluna.es\/wp-content\/uploads\/2020\/03\/delante-pau-dejando-gosol-abajo.jpg\" data-dt-img-description=\"\"><img loading=\"lazy\" decoding=\"async\" aria-describedby=\"caption-attachment-41899\" class=\"wp-image-41899 size-large\" src=\"https:\/\/www.monta\u00f1asdelaluna.es\/wp-content\/uploads\/2020\/03\/delante-pau-dejando-gosol-abajo-1024x683.jpg\" alt=\"Delante Pau dejando G\u00f3sol abajo\" width=\"1024\" height=\"683\" srcset=\"https:\/\/www.monta\u00f1asdelaluna.es\/wp-content\/uploads\/2020\/03\/delante-pau-dejando-gosol-abajo-1024x683.jpg 1024w, https:\/\/www.monta\u00f1asdelaluna.es\/wp-content\/uploads\/2020\/03\/delante-pau-dejando-gosol-abajo-300x200.jpg 300w, https:\/\/www.monta\u00f1asdelaluna.es\/wp-content\/uploads\/2020\/03\/delante-pau-dejando-gosol-abajo.jpg 1788w\" sizes=\"auto, (max-width: 1024px) 100vw, 1024px\" \/><\/a><p id=\"caption-attachment-41899\" class=\"wp-caption-text\">Delante Pau dejando G\u00f3sol abajo<\/p><\/div>\n<p>As\u00ed pues aparcamos en las calles a las afueras junto al parking de caravanas y nos disponemos a acercarnos al pueblo de G\u00f3sol e intentar subir a su parte m\u00e1s alta del mismo, que es donde nace este P.R. o recorrido. Encontramos un lindo cartelito de madera que nos indica el P.R. \u201cPedraforca pel Verdet\u201d \u2026 la verdad es que no es f\u00e1cil encontrar la salida del recorrido: las dos veces nos perdimos en las 2 calles altas del pueblo hasta encontrar el murito y cartelitos indicadores.<\/p>\n<p>Una vez ya en la senda marcada, solo hay que seguir las marcas de P.R. por una senda marcada, pisada, bien trazada en casi toda las primeras partes del recorrido, pero que al adentrarse en el bosque parece que se pierde y tienes que buscar con la mirada y viendo alrededor, el \u00e1rbol o sitio que tiene la marca y el terreno pisado por el mismo recorrido del P.R.<\/p>\n<p>En un principio la senda sube algo en zigzag y a la vez acerc\u00e1ndose a la parte noroeste de la monta\u00f1a, la cual vemos lejos al fondo, desde G\u00f3sol, y entre algunos peque\u00f1os muritos de piedra designios de antiguos campos de labranza o pastos, ahora abandonados a la suerte de la monta\u00f1a, la naturaleza. Desde estos primeros pasos del recorrido vemos al fondo la extra\u00f1a figura del Pedraforca, diferenciando muy bien l\u2019Enforcadura de la Collada del Verdet, con la mole del Polleg\u00f3 Superior en medio\u2026 nosotros nos dirigimos al m\u00e1s cercano, la Collada del Verdet.<\/p>\n<p>Al poco rato nos encontramos con un cruce de recorridos con cartelitos, nosotros tenemos que seguir hacia El Verdet, al Pedraforca, sin desviarnos de subir por a loma de la monta\u00f1a en la que nos encontramos. Entonces ya no encontraremos m\u00e1s desv\u00edos ni cruces, excepto el del Coll de Setfons; seguiremos por las marcas del P.R. hacia el este y subiendo en busca de la parte m\u00e1s alta de la monta\u00f1a.<\/p>\n<div id=\"attachment_41902\" style=\"width: 1034px\" class=\"wp-caption aligncenter\"><a class=\"dt-single-image\" href=\"https:\/\/www.monta\u00f1asdelaluna.es\/wp-content\/uploads\/2020\/03\/pau-subiendo-por-el-prat-de-castellat.jpg\" data-dt-img-description=\"\"><img loading=\"lazy\" decoding=\"async\" aria-describedby=\"caption-attachment-41902\" class=\"wp-image-41902 size-large\" src=\"https:\/\/www.monta\u00f1asdelaluna.es\/wp-content\/uploads\/2020\/03\/pau-subiendo-por-el-prat-de-castellat-1024x683.jpg\" alt=\"Pau subiendo por el Prat de Castellat\" width=\"1024\" height=\"683\" srcset=\"https:\/\/www.monta\u00f1asdelaluna.es\/wp-content\/uploads\/2020\/03\/pau-subiendo-por-el-prat-de-castellat-1024x683.jpg 1024w, https:\/\/www.monta\u00f1asdelaluna.es\/wp-content\/uploads\/2020\/03\/pau-subiendo-por-el-prat-de-castellat-300x200.jpg 300w, https:\/\/www.monta\u00f1asdelaluna.es\/wp-content\/uploads\/2020\/03\/pau-subiendo-por-el-prat-de-castellat.jpg 1788w\" sizes=\"auto, (max-width: 1024px) 100vw, 1024px\" \/><\/a><p id=\"caption-attachment-41902\" class=\"wp-caption-text\">Pau subiendo por el Prat de Castellat<\/p><\/div>\n<div id=\"attachment_41904\" style=\"width: 1034px\" class=\"wp-caption aligncenter\"><a class=\"dt-single-image\" href=\"https:\/\/www.monta\u00f1asdelaluna.es\/wp-content\/uploads\/2020\/03\/por-la-crestecilla-del-coll-de-setfonts-delante-la-mole-del-pollego-superior-con-la-cima-norte-y-bajo-este-la-collada-del-verdet.jpg\" data-dt-img-description=\"\"><img loading=\"lazy\" decoding=\"async\" aria-describedby=\"caption-attachment-41904\" class=\"wp-image-41904 size-large\" src=\"https:\/\/www.monta\u00f1asdelaluna.es\/wp-content\/uploads\/2020\/03\/por-la-crestecilla-del-coll-de-setfonts-delante-la-mole-del-pollego-superior-con-la-cima-norte-y-bajo-este-la-collada-del-verdet-1024x683.jpg\" alt=\"Por la crestecilla del Coll de Setfonts, delante la mole del Polleg\u00f3 Superior con la Cima Norte y bajo \u00e9ste la Collada del Verdet\" width=\"1024\" height=\"683\" srcset=\"https:\/\/www.monta\u00f1asdelaluna.es\/wp-content\/uploads\/2020\/03\/por-la-crestecilla-del-coll-de-setfonts-delante-la-mole-del-pollego-superior-con-la-cima-norte-y-bajo-este-la-collada-del-verdet-1024x683.jpg 1024w, https:\/\/www.monta\u00f1asdelaluna.es\/wp-content\/uploads\/2020\/03\/por-la-crestecilla-del-coll-de-setfonts-delante-la-mole-del-pollego-superior-con-la-cima-norte-y-bajo-este-la-collada-del-verdet-300x200.jpg 300w, https:\/\/www.monta\u00f1asdelaluna.es\/wp-content\/uploads\/2020\/03\/por-la-crestecilla-del-coll-de-setfonts-delante-la-mole-del-pollego-superior-con-la-cima-norte-y-bajo-este-la-collada-del-verdet.jpg 1788w\" sizes=\"auto, (max-width: 1024px) 100vw, 1024px\" \/><\/a><p id=\"caption-attachment-41904\" class=\"wp-caption-text\">Por la crestecilla del Coll de Setfonts, delante la mole del Polleg\u00f3 Superior con la Cima Norte y bajo \u00e9ste la Collada del Verdet<\/p><\/div>\n<p>M\u00e1s arriba nos internamos en un sano y estupendo bosque de pinos. Debemos intentar seguir las marcas de P.R. sin despistarnos demasiado. Salimos del bosque poco m\u00e1s arriba por una ladera pelada casi virando a la derecha, cerca de los l\u00edmites de la ladera por el sur y antes de que las vertientes comiencen a bajar hacia el fondo del barranco que queda a la derecha. Estamos en una especie de llano en pendiente en las que las marcas de P.R. son peque\u00f1as estacas clavadas en el terreno medio rocoso y herboso. Las seguimos por esta pelada ladera girando a la vez a la izquierda en busca de la parte m\u00e1s alta y rocosa de la misma. Estamos en lo que llaman el Prat de Castellat.<\/p>\n<p>Una vez nos subimos a la parte m\u00e1s alta del cordal que a la vez se encresta, se encrespa, formando una peque\u00f1a crestecilla de roca y pocos pinos, seguimos la senda marcada que sigue por los subibajas de la misma, algo m\u00e1s a la derecha o por la parte m\u00e1s alta. En un rinc\u00f3n de esta crestecilla aparece un paso, un colladito como cortado a pico entre las rocas y un supuesto recorrido que viene del norte, de las inmediaciones de las laderas sur de la Sierra del Cad\u00ed, el cual, sinceramente, es inapreciable y discutible, pero realmente existente. Es el Coll de Setfons. Dejamos el paso para seguir en direcci\u00f3n a la mole del Pedraforca. Al fondo y final de la crestecilla ya vemos la Collada del Verdet: una suave muesca de la monta\u00f1a redondeada con las impresionantes paredes norte de la mole de roca del Polleg\u00f3 Superior, detr\u00e1s. Una imagen altiva y preciosa de la alta monta\u00f1a pirenaica.<\/p>\n<div id=\"attachment_41909\" style=\"width: 1034px\" class=\"wp-caption aligncenter\"><a class=\"dt-single-image\" href=\"https:\/\/www.monta\u00f1asdelaluna.es\/wp-content\/uploads\/2020\/03\/desde-la-cima-norte-delante-el-recorrido-hasta-la-cima-del-pollego-superior.jpg\" data-dt-img-description=\"\"><img loading=\"lazy\" decoding=\"async\" aria-describedby=\"caption-attachment-41909\" class=\"wp-image-41909 size-large\" src=\"https:\/\/www.monta\u00f1asdelaluna.es\/wp-content\/uploads\/2020\/03\/desde-la-cima-norte-delante-el-recorrido-hasta-la-cima-del-pollego-superior-1024x683.jpg\" alt=\"Desde la Cima Norte, delante el recorrido hasta la cima del Polleg\u00f3 Superior\" width=\"1024\" height=\"683\" srcset=\"https:\/\/www.monta\u00f1asdelaluna.es\/wp-content\/uploads\/2020\/03\/desde-la-cima-norte-delante-el-recorrido-hasta-la-cima-del-pollego-superior-1024x683.jpg 1024w, https:\/\/www.monta\u00f1asdelaluna.es\/wp-content\/uploads\/2020\/03\/desde-la-cima-norte-delante-el-recorrido-hasta-la-cima-del-pollego-superior-300x200.jpg 300w, https:\/\/www.monta\u00f1asdelaluna.es\/wp-content\/uploads\/2020\/03\/desde-la-cima-norte-delante-el-recorrido-hasta-la-cima-del-pollego-superior.jpg 1788w\" sizes=\"auto, (max-width: 1024px) 100vw, 1024px\" \/><\/a><p id=\"caption-attachment-41909\" class=\"wp-caption-text\">Desde la Cima Norte, delante el recorrido hasta la cima del Polleg\u00f3 Superior<\/p><\/div>\n<div id=\"attachment_41916\" style=\"width: 1034px\" class=\"wp-caption aligncenter\"><a class=\"dt-single-image\" href=\"https:\/\/www.monta\u00f1asdelaluna.es\/wp-content\/uploads\/2020\/03\/IMG_1536.jpg\" data-dt-img-description=\"\"><img loading=\"lazy\" decoding=\"async\" aria-describedby=\"caption-attachment-41916\" class=\"wp-image-41916 size-large\" src=\"https:\/\/www.monta\u00f1asdelaluna.es\/wp-content\/uploads\/2020\/03\/IMG_1536-1024x683.jpg\" alt=\"Delante la cima del Polleg\u00f3 Superior\" width=\"1024\" height=\"683\" srcset=\"https:\/\/www.monta\u00f1asdelaluna.es\/wp-content\/uploads\/2020\/03\/IMG_1536-1024x683.jpg 1024w, https:\/\/www.monta\u00f1asdelaluna.es\/wp-content\/uploads\/2020\/03\/IMG_1536-300x200.jpg 300w, https:\/\/www.monta\u00f1asdelaluna.es\/wp-content\/uploads\/2020\/03\/IMG_1536.jpg 1788w\" sizes=\"auto, (max-width: 1024px) 100vw, 1024px\" \/><\/a><p id=\"caption-attachment-41916\" class=\"wp-caption-text\">Delante la cima del Polleg\u00f3 Superior<\/p><\/div>\n<p>Al poco tiempo y a buen ritmo llegamos a la Collada del Verdet (2.244 mts.), dejando detr\u00e1s de nosotros una linda crestecilla o puntas rocosas f\u00e1ciles, que parece vengan del norte del Pedraforca. A partir de aqu\u00ed ya es seguir las indicaciones de otras subidas ya relatadas y mencionadas\u2026 ya que por el momento todas las subidas que he hecho al Pedraforca han tenido como punto en com\u00fan la Collada del Verdet\u2026 y como en otras nos encontramos decenas de personas, grupos, que vienen del lado opuesto a la collada y quieren subir por las paredes norte de la Cima Norte \u00a1Adi\u00f3s a la soledad y tranquilidad!<\/p>\n<p>Subida a la Cima Norte, Polleg\u00f3 Superior (2.498 mts.) donde el d\u00eda propiciaba que esas decenas de personas hicieran cima; l\u2019Enforcadura (2.348 mts.) y bajada a G\u00f3sol por el mismo recorrido realizado hace a\u00f1os: de l\u2019Enforcadura a G\u00f3sol; con las magn\u00edficas vistas del valle donde se ubica la poblaci\u00f3n, la Serra del Verd detr\u00e1s a la izquierda, y de vez en cuando se dejaba ver la calva del punto m\u00e1s alto del Port del Comte, justo detr\u00e1s de esta Serra del Verd.<\/p>\n<div id=\"attachment_41920\" style=\"width: 1034px\" class=\"wp-caption aligncenter\"><a class=\"dt-single-image\" href=\"https:\/\/www.monta\u00f1asdelaluna.es\/wp-content\/uploads\/2020\/03\/bajando-a-l-enforcadura-a-la-izquierda-el-pollego-inferior-y-detras-la-serra-d-ensija.jpg\" data-dt-img-description=\"\"><img loading=\"lazy\" decoding=\"async\" aria-describedby=\"caption-attachment-41920\" class=\"wp-image-41920 size-large\" src=\"https:\/\/www.monta\u00f1asdelaluna.es\/wp-content\/uploads\/2020\/03\/bajando-a-l-enforcadura-a-la-izquierda-el-pollego-inferior-y-detras-la-serra-d-ensija-1024x683.jpg\" alt=\"Bajando a l'Enforcadura, a la izquierda el Polleg\u00f3 Inferior y detr\u00e1s la Serra d'Ensij\u00e0\" width=\"1024\" height=\"683\" srcset=\"https:\/\/www.monta\u00f1asdelaluna.es\/wp-content\/uploads\/2020\/03\/bajando-a-l-enforcadura-a-la-izquierda-el-pollego-inferior-y-detras-la-serra-d-ensija-1024x683.jpg 1024w, https:\/\/www.monta\u00f1asdelaluna.es\/wp-content\/uploads\/2020\/03\/bajando-a-l-enforcadura-a-la-izquierda-el-pollego-inferior-y-detras-la-serra-d-ensija-300x200.jpg 300w, https:\/\/www.monta\u00f1asdelaluna.es\/wp-content\/uploads\/2020\/03\/bajando-a-l-enforcadura-a-la-izquierda-el-pollego-inferior-y-detras-la-serra-d-ensija.jpg 1788w\" sizes=\"auto, (max-width: 1024px) 100vw, 1024px\" \/><\/a><p id=\"caption-attachment-41920\" class=\"wp-caption-text\">Bajando a l&#8217;Enforcadura, a la izquierda el Polleg\u00f3 Inferior y detr\u00e1s la Serra d&#8217;Ensij\u00e0<\/p><\/div>\n<div id=\"attachment_41924\" style=\"width: 1034px\" class=\"wp-caption aligncenter\"><a class=\"dt-single-image\" href=\"https:\/\/www.monta\u00f1asdelaluna.es\/wp-content\/uploads\/2020\/03\/bajando-de-l-enforcadura-hacia-gosol-dicha-poblacion-abajo-en-el-centro.jpg\" data-dt-img-description=\"\"><img loading=\"lazy\" decoding=\"async\" aria-describedby=\"caption-attachment-41924\" class=\"wp-image-41924 size-large\" src=\"https:\/\/www.monta\u00f1asdelaluna.es\/wp-content\/uploads\/2020\/03\/bajando-de-l-enforcadura-hacia-gosol-dicha-poblacion-abajo-en-el-centro-1024x683.jpg\" alt=\"Bajando de l'Enforcadura hacia G\u00f3sol, dicha poblaci\u00f3n abajo en el centro\" width=\"1024\" height=\"683\" srcset=\"https:\/\/www.monta\u00f1asdelaluna.es\/wp-content\/uploads\/2020\/03\/bajando-de-l-enforcadura-hacia-gosol-dicha-poblacion-abajo-en-el-centro-1024x683.jpg 1024w, https:\/\/www.monta\u00f1asdelaluna.es\/wp-content\/uploads\/2020\/03\/bajando-de-l-enforcadura-hacia-gosol-dicha-poblacion-abajo-en-el-centro-300x200.jpg 300w, https:\/\/www.monta\u00f1asdelaluna.es\/wp-content\/uploads\/2020\/03\/bajando-de-l-enforcadura-hacia-gosol-dicha-poblacion-abajo-en-el-centro.jpg 1788w\" sizes=\"auto, (max-width: 1024px) 100vw, 1024px\" \/><\/a><p id=\"caption-attachment-41924\" class=\"wp-caption-text\">Bajando de l&#8217;Enforcadura hacia G\u00f3sol, dicha poblaci\u00f3n abajo en el centro<\/p><\/div>\n<p>Hemos subido muy r\u00e1pidos. Pau y yo estamos fuertes. Y solos; la subida de G\u00f3sol al Pedraforca por este lado no es nada visitada, otra cosa ser\u00eda el trayecto entre G\u00f3sol y l\u2019Enforcadura. El bosque de pinos en los dos recorridos magn\u00edficos, sobre todo el vertical de l\u2019Enforcadura-G\u00f3sol, donde la senda te puede hacer dudar de escoger la bajada adecuada entre la loma cimera y crestecilla de roca en medio de dicho bosque\u2026 pero una vez escogida y seguida, no hay p\u00e9rdida. Como siempre los rincones del Pedraforca son formidables, con un paisaje de roca y altivez extraordinarios\u2026 aunque despu\u00e9s llegues a los recorridos habituales y te encuentres con \u201cLas Ramblas\u201d de Barcelona de gente.<\/p>\n<div id=\"attachment_41989\" style=\"width: 1163px\" class=\"wp-caption aligncenter\"><a class=\"dt-single-image\" href=\"https:\/\/www.monta\u00f1asdelaluna.es\/wp-content\/uploads\/2013\/02\/Pedraforca.Verdet.Gosol_.web_.jpg\" data-dt-img-description=\"\"><img loading=\"lazy\" decoding=\"async\" aria-describedby=\"caption-attachment-41989\" class=\"wp-image-41989 size-full\" src=\"https:\/\/www.monta\u00f1asdelaluna.es\/wp-content\/uploads\/2013\/02\/Pedraforca.Verdet.Gosol_.web_.jpg\" alt=\"Pedraforca desde G\u00f3sol por la Collada del Verdet\" width=\"1153\" height=\"570\" srcset=\"https:\/\/www.monta\u00f1asdelaluna.es\/wp-content\/uploads\/2013\/02\/Pedraforca.Verdet.Gosol_.web_.jpg 1153w, https:\/\/www.monta\u00f1asdelaluna.es\/wp-content\/uploads\/2013\/02\/Pedraforca.Verdet.Gosol_.web_-300x148.jpg 300w, https:\/\/www.monta\u00f1asdelaluna.es\/wp-content\/uploads\/2013\/02\/Pedraforca.Verdet.Gosol_.web_-1024x506.jpg 1024w\" sizes=\"auto, (max-width: 1153px) 100vw, 1153px\" \/><\/a><p id=\"caption-attachment-41989\" class=\"wp-caption-text\">Pedraforca desde G\u00f3sol por la Collada del Verdet<\/p><\/div>\n<p>[\/vc_column_text][\/vc_column][\/vc_row][vc_row][vc_column][vc_empty_space height=\u00bb60px\u00bb][\/vc_column][\/vc_row][vc_row][vc_column][vc_cta h2=\u00bb\u00c1lbum de fotos\u00bb txt_align=\u00bbcenter\u00bb add_button=\u00bbbottom\u00bb btn_title=\u00bbVer fotos\u00bb btn_color=\u00bbwarning\u00bb btn_align=\u00bbcenter\u00bb btn_link=\u00bburl:https%3A%2F%2Fmonta%C3%B1asdelaluna.es%2F%3Fdt_gallery%3Dpedraforca-casi-invernal-desde-gosol-2|title:Pedraforca%20desde%20G%C3%B3sol%20casi%20invernal.%20Buscando%20un%20paso%20bajo%20las%20paredes%20del%20Polleg%C3%B3%20Superior|target:_blank\u00bb css=\u00bb.vc_custom_1625732838325{background-color: #8bc4ed !important;}\u00bb]Puedes ver todas las fotos de\u00a0Pedraforca desde G\u00f3sol casi invernal. Buscando un paso bajo las paredes del Polleg\u00f3 Superior en forma de presentaci\u00f3n o individuales pinchando aqui \u00a1No te las pierdas![\/vc_cta][vc_empty_space][vc_cta h2=\u00bb\u00c1lbum de fotos\u00bb txt_align=\u00bbcenter\u00bb add_button=\u00bbbottom\u00bb btn_title=\u00bbVer fotos\u00bb btn_color=\u00bbwarning\u00bb btn_align=\u00bbcenter\u00bb btn_link=\u00bburl:https%3A%2F%2Fmonta%C3%B1asdelaluna.es%2F%3Fdt_gallery%3D2o-paso-9|title:Pedraforca%20desde%20G%C3%B3sol%20pasando%20por%20la%20Collada%20del%20Verdet|target:_blank\u00bb css=\u00bb.vc_custom_1625732852761{background-color: #8bc4ed !important;}\u00bb]Puedes ver todas las fotos de\u00a0Pedraforca desde G\u00f3sol por la Collada del Verdet en forma de presentaci\u00f3n o individuales pinchando aqui \u00a1No te las pierdas![\/vc_cta][\/vc_column][\/vc_row][vc_row][vc_column][vc_empty_space height=\u00bb60px\u00bb][\/vc_column][\/vc_row][vc_row][vc_column width=\u00bb1\/3&#8243;][\/vc_column][vc_column width=\u00bb1\/2&#8243;][vc_raw_html]JTNDaWZyYW1lJTIwc3JjJTNEJTIyaHR0cHMlM0ElMkYlMkZ3d3cubWV0ZW9ibHVlLmNvbSUyRmVzJTJGdGllbXBvJTJGd2lkZ2V0JTJGZGFpbHklMkZtYXNzJTI1YzMlMjVhZHMtZGVsLXBlZHJhZm9yY2FfZXNwYSUyNWMzJTI1YjFhXzMxMTQxNDIlM0ZnZW9sb2MlM0RmaXhlZCUyNmRheXMlM0Q3JTI2dGVtcHVuaXQlM0RDRUxTSVVTJTI2d2luZHVuaXQlM0RLSUxPTUVURVJfUEVSX0hPVVIlMjZjb2xvdXJlZCUzRGNvbG91cmVkJTI2cGljdG9pY29uJTNEMSUyNm1heHRlbXBlcmF0dXJlJTNEMSUyNm1pbnRlbXBlcmF0dXJlJTNEMSUyNndpbmRzcGVlZCUzRDElMjZ3aW5kZ3VzdCUzRDElMjZ3aW5kZGlyZWN0aW9uJTNEMSUyNnByZWNpcGl0YXRpb24lM0QxJTI2cHJlY2lwaXRhdGlvbnByb2JhYmlsaXR5JTNEMSUyNnNwb3QlM0QxJTI2cHJlc3N1cmUlM0QxJTI2bGF5b3V0JTNEbGlnaHQlMjIlMjAlMjBmcmFtZWJvcmRlciUzRCUyMjAlMjIlMjBzY3JvbGxpbmclM0QlMjJOTyUyMiUyMGFsbG93dHJhbnNwYXJlbmN5JTNEJTIydHJ1ZSUyMiUyMHNhbmRib3glM0QlMjJhbGxvdy1zYW1lLW9yaWdpbiUyMGFsbG93LXNjcmlwdHMlMjBhbGxvdy1wb3B1cHMlMjIlMjBzdHlsZSUzRCUyMndpZHRoJTNBJTIwMzc4cHglM0JoZWlnaHQlM0ElMjA0MTFweCUyMiUzRSUzQyUyRmlmcmFtZSUzRSUzQ2RpdiUzRSUzQyUyMS0tJTIwRE8lMjBOT1QlMjBSRU1PVkUlMjBUSElTJTIwTElOSyUyMC0tJTNFJTNDYSUyMGhyZWYlM0QlMjJodHRwcyUzQSUyRiUyRnd3dy5tZXRlb2JsdWUuY29tJTJGZXMlMkZ0aWVtcG8lMkZwcm9ub3N0aWNvJTJGc2VtYW5hJTJGbWFzcyUyNWMzJTI1YWRzLWRlbC1wZWRyYWZvcmNhX2VzcGElMjVjMyUyNWIxYV8zMTE0MTQyJTNGdXRtX3NvdXJjZSUzRHdlYXRoZXJfd2lkZ2V0JTI2dXRtX21lZGl1bSUzRGxpbmt1cyUyNnV0bV9jb250ZW50JTNEZGFpbHklMjZ1dG1fY2FtcGFpZ24lM0RXZWF0aGVyJTI1MkJXaWRnZXQlMjIlMjB0YXJnZXQlM0QlMjJfYmxhbmslMjIlM0VtZXRlb2JsdWUlM0MlMkZhJTNFJTNDJTJGZGl2JTNF[\/vc_raw_html][\/vc_column][vc_column width=\u00bb1\/5&#8243;][\/vc_column][\/vc_row]<\/p>\n","protected":false},"excerpt":{"rendered":"<p>[vc_row][vc_column][vc_column_text] Casi invernal. Buscando un paso bajo las paredes del Polleg\u00f3 Superior. 16-Febrero-2.013 &nbsp; Pensaba deb\u00eda de ser excepcional poder subir el Pedraforca en invierno con nieve y hielo. Que sus agrestes caracter\u00edsticas deb\u00edan de ser interesantes en una subida invernal: con sus paredes y verticalidades; sobre todo por la ruta de la collada del&hellip;<\/p>\n","protected":false},"author":1,"featured_media":32767,"comment_status":"open","ping_status":"open","sticky":false,"template":"","format":"standard","meta":[],"categories":[130],"tags":[],"class_list":["post-32708","post","type-post","status-publish","format-standard","has-post-thumbnail","hentry","category-pirineo-calizo-catalan","category-130","description-off"],"_links":{"self":[{"href":"https:\/\/www.monta\u00f1asdelaluna.es\/index.php?rest_route=\/wp\/v2\/posts\/32708","targetHints":{"allow":["GET"]}}],"collection":[{"href":"https:\/\/www.monta\u00f1asdelaluna.es\/index.php?rest_route=\/wp\/v2\/posts"}],"about":[{"href":"https:\/\/www.monta\u00f1asdelaluna.es\/index.php?rest_route=\/wp\/v2\/types\/post"}],"author":[{"embeddable":true,"href":"https:\/\/www.monta\u00f1asdelaluna.es\/index.php?rest_route=\/wp\/v2\/users\/1"}],"replies":[{"embeddable":true,"href":"https:\/\/www.monta\u00f1asdelaluna.es\/index.php?rest_route=%2Fwp%2Fv2%2Fcomments&post=32708"}],"version-history":[{"count":23,"href":"https:\/\/www.monta\u00f1asdelaluna.es\/index.php?rest_route=\/wp\/v2\/posts\/32708\/revisions"}],"predecessor-version":[{"id":50071,"href":"https:\/\/www.monta\u00f1asdelaluna.es\/index.php?rest_route=\/wp\/v2\/posts\/32708\/revisions\/50071"}],"wp:featuredmedia":[{"embeddable":true,"href":"https:\/\/www.monta\u00f1asdelaluna.es\/index.php?rest_route=\/wp\/v2\/media\/32767"}],"wp:attachment":[{"href":"https:\/\/www.monta\u00f1asdelaluna.es\/index.php?rest_route=%2Fwp%2Fv2%2Fmedia&parent=32708"}],"wp:term":[{"taxonomy":"category","embeddable":true,"href":"https:\/\/www.monta\u00f1asdelaluna.es\/index.php?rest_route=%2Fwp%2Fv2%2Fcategories&post=32708"},{"taxonomy":"post_tag","embeddable":true,"href":"https:\/\/www.monta\u00f1asdelaluna.es\/index.php?rest_route=%2Fwp%2Fv2%2Ftags&post=32708"}],"curies":[{"name":"wp","href":"https:\/\/api.w.org\/{rel}","templated":true}]}}