{"id":32970,"date":"2012-12-29T14:55:55","date_gmt":"2012-12-29T14:55:55","guid":{"rendered":"http:\/\/monta\u00f1asdelaluna.com\/?p=32970"},"modified":"2021-07-16T14:21:33","modified_gmt":"2021-07-16T14:21:33","slug":"puigllancada-desde-el-coll-de-la-creueta","status":"publish","type":"post","link":"https:\/\/www.monta\u00f1asdelaluna.es\/?p=32970","title":{"rendered":"Puigllan\u00e7ada desde el Coll de La Creueta"},"content":{"rendered":"<p>[vc_row][vc_column][vc_column_text]Para la \u00faltima salida del a\u00f1o, Kike nos ha preparado una marcha tranquila y f\u00e1cil a uno de los picos m\u00e1s cercano a la Estaci\u00f3n de Esqu\u00ed de La Molina: el Puigllan\u00e7ada.<\/p>\n<p>A caballo entre la Sierra de Moixer\u00f3, la Tossa d\u2019Alp y la de Montgrony, el Puigllan\u00e7ada queda como una alta y suave loma con magn\u00edficas vistas hac\u00eda varios puntos del Pirineo. A pesar de su modesta altitud para ser un pico pirenaico c\u00faspide de su mismo cordal, nos ofrece unas diferenciadas panor\u00e1micas de diferentes y contratados puntos del cercano Pirineo que despu\u00e9s describir\u00e9.<\/p>\n<p>Hemos alquilado una casa en Fornells de la Muntanya, entre Planoles y Toses, un bello valle del Pirineo giron\u00e9s (carretera hac\u00eda La Molina desde Ribes de Freser) para pasar la Nochevieja. Y muy cercano nos quedaba esta singular y simp\u00e1tica cima del estupendo cordal Cad\u00ed-Montgrony. Por ello el pasado s\u00e1bado 29 de diciembre quedamos en el Coll de la Creueta para comenzar la actividad.<\/p>\n<div id=\"attachment_32920\" style=\"width: 1034px\" class=\"wp-caption aligncenter\"><a class=\"dt-single-image\" href=\"https:\/\/www.monta\u00f1asdelaluna.es\/wp-content\/uploads\/2016\/08\/Puigllan\u00e7ada-y-Nochevieja-008.jpg\" data-dt-img-description=\"\"><img loading=\"lazy\" decoding=\"async\" aria-describedby=\"caption-attachment-32920\" class=\"wp-image-32920 size-large\" src=\"https:\/\/www.monta\u00f1asdelaluna.es\/wp-content\/uploads\/2016\/08\/Puigllan\u00e7ada-y-Nochevieja-008-1024x768.jpg\" alt=\"Coll de La Creueta, 1.888 mts., al fondo derecha el Montseny\" width=\"1024\" height=\"768\" srcset=\"https:\/\/www.monta\u00f1asdelaluna.es\/wp-content\/uploads\/2016\/08\/Puigllan\u00e7ada-y-Nochevieja-008-1024x768.jpg 1024w, https:\/\/www.monta\u00f1asdelaluna.es\/wp-content\/uploads\/2016\/08\/Puigllan\u00e7ada-y-Nochevieja-008-300x225.jpg 300w, https:\/\/www.monta\u00f1asdelaluna.es\/wp-content\/uploads\/2016\/08\/Puigllan\u00e7ada-y-Nochevieja-008.jpg 1632w\" sizes=\"auto, (max-width: 1024px) 100vw, 1024px\" \/><\/a><p id=\"caption-attachment-32920\" class=\"wp-caption-text\">Coll de La Creueta, 1.888 mts., al fondo derecha el Montseny<\/p><\/div>\n<div id=\"attachment_32922\" style=\"width: 1034px\" class=\"wp-caption aligncenter\"><a class=\"dt-single-image\" href=\"https:\/\/www.monta\u00f1asdelaluna.es\/wp-content\/uploads\/2016\/08\/Puigllan\u00e7ada-y-Nochevieja-010.jpg\" data-dt-img-description=\"\"><img loading=\"lazy\" decoding=\"async\" aria-describedby=\"caption-attachment-32922\" class=\"wp-image-32922 size-large\" src=\"https:\/\/www.monta\u00f1asdelaluna.es\/wp-content\/uploads\/2016\/08\/Puigllan\u00e7ada-y-Nochevieja-010-1024x768.jpg\" alt=\"Saliendo del Coll de La Creueta\" width=\"1024\" height=\"768\" srcset=\"https:\/\/www.monta\u00f1asdelaluna.es\/wp-content\/uploads\/2016\/08\/Puigllan\u00e7ada-y-Nochevieja-010-1024x768.jpg 1024w, https:\/\/www.monta\u00f1asdelaluna.es\/wp-content\/uploads\/2016\/08\/Puigllan\u00e7ada-y-Nochevieja-010-300x225.jpg 300w, https:\/\/www.monta\u00f1asdelaluna.es\/wp-content\/uploads\/2016\/08\/Puigllan\u00e7ada-y-Nochevieja-010.jpg 1632w\" sizes=\"auto, (max-width: 1024px) 100vw, 1024px\" \/><\/a><p id=\"caption-attachment-32922\" class=\"wp-caption-text\">Saliendo del Coll de La Creueta<\/p><\/div>\n<p>Por la carretera disfruto de nuevos paisajes, nuevos rincones nunca vistos por mi a este lado de los Pirineos. Pasamos uno de los telesillas de La Molina \u00bfAlabaus? donde paramos para recoger a Jordi, un amigo de Kike, que cargar\u00e1 con sus esqu\u00edes. Y ya por fin aparcamos en el solitario y peque\u00f1o espacio del Coll de La Creueta. Estamos a 1.888 mts.<\/p>\n<p>El d\u00eda se presenta muy soleado, aunque son las 9 de la ma\u00f1ana y parece que sea pronto para vaticinarlo, pero as\u00ed se present\u00eda. Las nieves han abandonado el lugar casi por completo, no parece que sea invierno. Los d\u00edas extremadamente soleados, secos y casi primaverales despu\u00e9s de las \u00faltimas y fuertes nevadas de finales de noviembre, han hecho que floreciera la seca y amarilla hierba agostada en las suaves lomas de las monta\u00f1as, en lugar de la blanca, fr\u00eda y benigna nieve. Comienzo a admirar y reconocer el paisaje mientras esperamos a los participantes y compa\u00f1eros: hac\u00eda el norte las lomas y laderas del Puigmal, casi desfavorecidas de nieve, y hac\u00eda el sur, me asomo a la vertiente cercana y observo el tremendo paisaje de niebla baja metida en la hoya de L\u2019Osona, al otro lado distingo sierras y monta\u00f1as (las poco que conozco) pero destacada el Montseny con su Matagalls en el centro y Les Agudes m\u00e1s desafiantes a la izquierda. M\u00e1s hac\u00eda el este, dejando a la derecha el formidable Mar de Nubes, distingo el <a href=\"https:\/\/www.monta\u00f1asdelaluna.es\/?p=18873\" target=\"_blank\" rel=\"noopener\">Puigsacalm<\/a>, <a href=\"https:\/\/www.monta\u00f1asdelaluna.es\/?p=20016\" target=\"_blank\" rel=\"noopener\">Bellmunt<\/a> y <a href=\"https:\/\/www.monta\u00f1asdelaluna.es\/?p=25752\" target=\"_blank\" rel=\"noopener\">Cabrera<\/a>&#8230; monta\u00f1as que visit\u00e9 a lo largo de estos a\u00f1os. Magn\u00edfico. La visibilidad promete ser incre\u00edble desde arriba.<\/p>\n<div id=\"attachment_32924\" style=\"width: 970px\" class=\"wp-caption aligncenter\"><a class=\"dt-single-image\" href=\"https:\/\/www.monta\u00f1asdelaluna.es\/wp-content\/uploads\/2016\/08\/Puigllan\u00e7ada-y-Nochevieja-012A.jpg\" data-dt-img-description=\"\"><img loading=\"lazy\" decoding=\"async\" aria-describedby=\"caption-attachment-32924\" class=\"wp-image-32924 size-full\" src=\"https:\/\/www.monta\u00f1asdelaluna.es\/wp-content\/uploads\/2016\/08\/Puigllan\u00e7ada-y-Nochevieja-012A.jpg\" alt=\"Saliendo del Coll de La Creueta\" width=\"960\" height=\"720\" srcset=\"https:\/\/www.monta\u00f1asdelaluna.es\/wp-content\/uploads\/2016\/08\/Puigllan\u00e7ada-y-Nochevieja-012A.jpg 960w, https:\/\/www.monta\u00f1asdelaluna.es\/wp-content\/uploads\/2016\/08\/Puigllan\u00e7ada-y-Nochevieja-012A-300x225.jpg 300w\" sizes=\"auto, (max-width: 960px) 100vw, 960px\" \/><\/a><p id=\"caption-attachment-32924\" class=\"wp-caption-text\">Saliendo del Coll de La Creueta<\/p><\/div>\n<div id=\"attachment_32925\" style=\"width: 1034px\" class=\"wp-caption aligncenter\"><a class=\"dt-single-image\" href=\"https:\/\/www.monta\u00f1asdelaluna.es\/wp-content\/uploads\/2016\/08\/Puigllan\u00e7ada-y-Nochevieja-014.jpg\" data-dt-img-description=\"\"><img loading=\"lazy\" decoding=\"async\" aria-describedby=\"caption-attachment-32925\" class=\"wp-image-32925 size-large\" src=\"https:\/\/www.monta\u00f1asdelaluna.es\/wp-content\/uploads\/2016\/08\/Puigllan\u00e7ada-y-Nochevieja-014-1024x768.jpg\" alt=\"Rodeando Pla Baguet por el camino\" width=\"1024\" height=\"768\" srcset=\"https:\/\/www.monta\u00f1asdelaluna.es\/wp-content\/uploads\/2016\/08\/Puigllan\u00e7ada-y-Nochevieja-014-1024x768.jpg 1024w, https:\/\/www.monta\u00f1asdelaluna.es\/wp-content\/uploads\/2016\/08\/Puigllan\u00e7ada-y-Nochevieja-014-300x225.jpg 300w, https:\/\/www.monta\u00f1asdelaluna.es\/wp-content\/uploads\/2016\/08\/Puigllan\u00e7ada-y-Nochevieja-014.jpg 1632w\" sizes=\"auto, (max-width: 1024px) 100vw, 1024px\" \/><\/a><p id=\"caption-attachment-32925\" class=\"wp-caption-text\">Rodeando Pla Baguet por el camino<\/p><\/div>\n<p>Los participantes ya han llegado. Saludos, besos y abrazos, y comenzamos la marcha. Hac\u00eda el sur y derecha del Coll de La Creueta (seg\u00fan vienes de La Molina) aparece un camino encabezado por una cadena que impide el paso a autom\u00f3viles de m\u00e1s de 2 ruedas. Por este camino y sin dejarlo, llegaremos hasta las mismas faldas del Puigllan\u00e7ada.<\/p>\n<p>Dicho camino recorre, por la vera sur, la sierra a lo largo de su cordal en direcci\u00f3n general oeste. Hac\u00eda nuestra izquierda y sur vamos admirando las incre\u00edbles vistas de los perfiles de la provincia de Barcelona. Llegamos a distinguir, incluso, la Torre de Telecomunicaciones de Collserola (cuando est\u00e1bamos m\u00e1s altos y cerca de la cima del Puigllan\u00e7ada), La Mola, el perfecto perfil encrespado y muy reconocible de Montserrat&#8230; unas vistas prodigiosas.<\/p>\n<div id=\"attachment_32928\" style=\"width: 1034px\" class=\"wp-caption aligncenter\"><a class=\"dt-single-image\" href=\"https:\/\/www.monta\u00f1asdelaluna.es\/wp-content\/uploads\/2016\/08\/Puigllan\u00e7ada-y-Nochevieja-023.jpg\" data-dt-img-description=\"\"><img loading=\"lazy\" decoding=\"async\" aria-describedby=\"caption-attachment-32928\" class=\"wp-image-32928 size-large\" src=\"https:\/\/www.monta\u00f1asdelaluna.es\/wp-content\/uploads\/2016\/08\/Puigllan\u00e7ada-y-Nochevieja-023-1024x768.jpg\" alt=\"Barraca Nova de Rus\" width=\"1024\" height=\"768\" srcset=\"https:\/\/www.monta\u00f1asdelaluna.es\/wp-content\/uploads\/2016\/08\/Puigllan\u00e7ada-y-Nochevieja-023-1024x768.jpg 1024w, https:\/\/www.monta\u00f1asdelaluna.es\/wp-content\/uploads\/2016\/08\/Puigllan\u00e7ada-y-Nochevieja-023-300x225.jpg 300w, https:\/\/www.monta\u00f1asdelaluna.es\/wp-content\/uploads\/2016\/08\/Puigllan\u00e7ada-y-Nochevieja-023.jpg 1632w\" sizes=\"auto, (max-width: 1024px) 100vw, 1024px\" \/><\/a><p id=\"caption-attachment-32928\" class=\"wp-caption-text\">Barraca Nova de Rus<\/p><\/div>\n<div id=\"attachment_32931\" style=\"width: 1034px\" class=\"wp-caption aligncenter\"><a class=\"dt-single-image\" href=\"https:\/\/www.monta\u00f1asdelaluna.es\/wp-content\/uploads\/2016\/08\/Puigllan\u00e7ada-y-Nochevieja-030.jpg\" data-dt-img-description=\"\"><img loading=\"lazy\" decoding=\"async\" aria-describedby=\"caption-attachment-32931\" class=\"wp-image-32931 size-large\" src=\"https:\/\/www.monta\u00f1asdelaluna.es\/wp-content\/uploads\/2016\/08\/Puigllan\u00e7ada-y-Nochevieja-030-1024x768.jpg\" alt=\"Al fondo las estribaciones del Puigmal\" width=\"1024\" height=\"768\" srcset=\"https:\/\/www.monta\u00f1asdelaluna.es\/wp-content\/uploads\/2016\/08\/Puigllan\u00e7ada-y-Nochevieja-030-1024x768.jpg 1024w, https:\/\/www.monta\u00f1asdelaluna.es\/wp-content\/uploads\/2016\/08\/Puigllan\u00e7ada-y-Nochevieja-030-300x225.jpg 300w, https:\/\/www.monta\u00f1asdelaluna.es\/wp-content\/uploads\/2016\/08\/Puigllan\u00e7ada-y-Nochevieja-030.jpg 1632w\" sizes=\"auto, (max-width: 1024px) 100vw, 1024px\" \/><\/a><p id=\"caption-attachment-32931\" class=\"wp-caption-text\">Al fondo las estribaciones del Puigmal<\/p><\/div>\n<p>Despu\u00e9s de algunas curvas y de no dejar el camino ni hac\u00eda arriba ni abajo, sin perder altura, vemos unas construcciones bien derechas, cuando a nuestra derecha y casi espalda dejamos las laderas del Cim de Pla de Baguet. Es el Pla de Rus y el Coll de Rus, y la construcci\u00f3n (la cual pasaremos casi pegados a ella) es la Barraca Nova de Rus. Enseguida el camino vuelve a girar y se interna a la izquierda entre el Tossal de Rus y las amplias y anchas laderas del Puigllan\u00e7ada. Un nuevo paisaje: desde aqu\u00ed el Puigmal tiene una bonita y fotog\u00e9nica figura. La nieve es escasa, poco abundante y repartida en peque\u00f1os neveros&#8230; el sol y el buen tiempo ha hecho mella en estos comienzos del invierno.<\/p>\n<p>Bordeando el Tossal de Rus por su norte, nos acercamos a La Collada de Les Tortes. Pero antes de llegar cruzamos monte a trav\u00e9s para seguir por el mismo camino y quitarnos una absurda curva, hac\u00eda el norte-noreste. A nuestra izquierda quedan ya las laderas del Puigllan\u00e7ada. Paramos a descansar y comer algo&#8230; antes de la subida y ataque final a la cumbre. Alguien hace un comentario de las formas de la monta\u00f1a: como abancalada en cortos escalones pero muy numerosos y a diferentes alturas, parece que le han pasado a las suaves laderas de estas monta\u00f1as un gigantesco rastrillo. Seguramente tiene esta forma artificialmente, para la mejor plantaci\u00f3n de arbolado&#8230; pero no hay \u00e1rboles plantados.<\/p>\n<div id=\"attachment_32936\" style=\"width: 1034px\" class=\"wp-caption aligncenter\"><a class=\"dt-single-image\" href=\"https:\/\/www.monta\u00f1asdelaluna.es\/wp-content\/uploads\/2016\/08\/Puigllan\u00e7ada-y-Nochevieja-037.jpg\" data-dt-img-description=\"\"><img loading=\"lazy\" decoding=\"async\" aria-describedby=\"caption-attachment-32936\" class=\"wp-image-32936 size-large\" src=\"https:\/\/www.monta\u00f1asdelaluna.es\/wp-content\/uploads\/2016\/08\/Puigllan\u00e7ada-y-Nochevieja-037-1024x768.jpg\" alt=\"Delante Ana y detr\u00e1s queda el Tossal de Rus\" width=\"1024\" height=\"768\" srcset=\"https:\/\/www.monta\u00f1asdelaluna.es\/wp-content\/uploads\/2016\/08\/Puigllan\u00e7ada-y-Nochevieja-037-1024x768.jpg 1024w, https:\/\/www.monta\u00f1asdelaluna.es\/wp-content\/uploads\/2016\/08\/Puigllan\u00e7ada-y-Nochevieja-037-300x225.jpg 300w, https:\/\/www.monta\u00f1asdelaluna.es\/wp-content\/uploads\/2016\/08\/Puigllan\u00e7ada-y-Nochevieja-037.jpg 1632w\" sizes=\"auto, (max-width: 1024px) 100vw, 1024px\" \/><\/a><p id=\"caption-attachment-32936\" class=\"wp-caption-text\">Delante Ana y detr\u00e1s queda el Tossal de Rus<\/p><\/div>\n<div id=\"attachment_32937\" style=\"width: 1034px\" class=\"wp-caption aligncenter\"><a class=\"dt-single-image\" href=\"https:\/\/www.monta\u00f1asdelaluna.es\/wp-content\/uploads\/2016\/08\/Puigllan\u00e7ada-y-Nochevieja-040.jpg\" data-dt-img-description=\"\"><img loading=\"lazy\" decoding=\"async\" aria-describedby=\"caption-attachment-32937\" class=\"wp-image-32937 size-large\" src=\"https:\/\/www.monta\u00f1asdelaluna.es\/wp-content\/uploads\/2016\/08\/Puigllan\u00e7ada-y-Nochevieja-040-1024x768.jpg\" alt=\"Delante Irene caminando por la llana cima del Puigllan\u00e7ada\" width=\"1024\" height=\"768\" srcset=\"https:\/\/www.monta\u00f1asdelaluna.es\/wp-content\/uploads\/2016\/08\/Puigllan\u00e7ada-y-Nochevieja-040-1024x768.jpg 1024w, https:\/\/www.monta\u00f1asdelaluna.es\/wp-content\/uploads\/2016\/08\/Puigllan\u00e7ada-y-Nochevieja-040-300x225.jpg 300w, https:\/\/www.monta\u00f1asdelaluna.es\/wp-content\/uploads\/2016\/08\/Puigllan\u00e7ada-y-Nochevieja-040.jpg 1632w\" sizes=\"auto, (max-width: 1024px) 100vw, 1024px\" \/><\/a><p id=\"caption-attachment-32937\" class=\"wp-caption-text\">Delante Irene caminando por la llana cima del Puigllan\u00e7ada<\/p><\/div>\n<p>Seguimos la marcha por el mismo camino, pero llegados a un punto junto a neveros m\u00e1s extensos y la aparici\u00f3n de arbolado, dejamos el camino para echarnos monte a trav\u00e9s, monte arriba, hac\u00eda la izquierda y arriba, en busca de las suaves laderas cimeras del Puigllan\u00e7ada. Subimos por la Costa del Mig, cerca del Torrent de La Geperuda. \u00a1\u00a1\u00a1Esta es la m\u00eda!!! Aprovecho que no soy el organizador para lanzarme en una \u201ccarrera\u201d ladera arriba para saber si mis piernas y su fuerza siguen vivas&#8230; \u201c\u00a1\u00bfQu\u00e9 tienes en las piernas?!\u201d me pregunta Xavi.<\/p>\n<p>Me adelanto y voy el primero. Jordi, Xavi, Ana, Irene intentan seguirme. Paro para hacer fotos hac\u00eda atr\u00e1s; las fotos de subida con el fondo del redondeado y simp\u00e1tico Tossal de Rus, quedan encantadoras. Sigo subiendo y la ladera se allana m\u00e1s arriba. Parece que veo la c\u00faspide suave y despistada del Puigllan\u00e7ada. Estoy en el Amorriador de Rus. Esquivo un gran nevero por arriba del mismo. Admiro durante un corto tiempo el paisaje: se ha agrandado con la lejan\u00eda del horizonte.<\/p>\n<div id=\"attachment_32942\" style=\"width: 1034px\" class=\"wp-caption aligncenter\"><a class=\"dt-single-image\" href=\"https:\/\/www.monta\u00f1asdelaluna.es\/wp-content\/uploads\/2016\/08\/Puigllan\u00e7ada-y-Nochevieja-047.jpg\" data-dt-img-description=\"\"><img loading=\"lazy\" decoding=\"async\" aria-describedby=\"caption-attachment-32942\" class=\"wp-image-32942 size-large\" src=\"https:\/\/www.monta\u00f1asdelaluna.es\/wp-content\/uploads\/2016\/08\/Puigllan\u00e7ada-y-Nochevieja-047-1024x768.jpg\" alt=\"Cima del Puigllan\u00e7ada, 2.409 mts.\" width=\"1024\" height=\"768\" srcset=\"https:\/\/www.monta\u00f1asdelaluna.es\/wp-content\/uploads\/2016\/08\/Puigllan\u00e7ada-y-Nochevieja-047-1024x768.jpg 1024w, https:\/\/www.monta\u00f1asdelaluna.es\/wp-content\/uploads\/2016\/08\/Puigllan\u00e7ada-y-Nochevieja-047-300x225.jpg 300w, https:\/\/www.monta\u00f1asdelaluna.es\/wp-content\/uploads\/2016\/08\/Puigllan\u00e7ada-y-Nochevieja-047.jpg 1632w\" sizes=\"auto, (max-width: 1024px) 100vw, 1024px\" \/><\/a><p id=\"caption-attachment-32942\" class=\"wp-caption-text\">Cima del Puigllan\u00e7ada, 2.409 mts.<\/p><\/div>\n<div id=\"attachment_32945\" style=\"width: 1034px\" class=\"wp-caption aligncenter\"><a class=\"dt-single-image\" href=\"https:\/\/www.monta\u00f1asdelaluna.es\/wp-content\/uploads\/2016\/08\/Puigllan\u00e7ada-y-Nochevieja-051.jpg\" data-dt-img-description=\"\"><img loading=\"lazy\" decoding=\"async\" aria-describedby=\"caption-attachment-32945\" class=\"wp-image-32945 size-large\" src=\"https:\/\/www.monta\u00f1asdelaluna.es\/wp-content\/uploads\/2016\/08\/Puigllan\u00e7ada-y-Nochevieja-051-1024x768.jpg\" alt=\"A la izquierda el Pedraforca, en el centro la Sierra del Cad\u00ed y a la derecha las Penyes Altes de Moixer\u00f3\" width=\"1024\" height=\"768\" srcset=\"https:\/\/www.monta\u00f1asdelaluna.es\/wp-content\/uploads\/2016\/08\/Puigllan\u00e7ada-y-Nochevieja-051-1024x768.jpg 1024w, https:\/\/www.monta\u00f1asdelaluna.es\/wp-content\/uploads\/2016\/08\/Puigllan\u00e7ada-y-Nochevieja-051-300x225.jpg 300w, https:\/\/www.monta\u00f1asdelaluna.es\/wp-content\/uploads\/2016\/08\/Puigllan\u00e7ada-y-Nochevieja-051.jpg 1632w\" sizes=\"auto, (max-width: 1024px) 100vw, 1024px\" \/><\/a><p id=\"caption-attachment-32945\" class=\"wp-caption-text\">A la izquierda el Pedraforca, en el centro la Sierra del Cad\u00ed y a la derecha las Penyes Altes de Moixer\u00f3<\/p><\/div>\n<p>En poco tiempo llego a la cima del Puigllan\u00e7ada; despu\u00e9s de cruzar una antigua y casi desmoronada valla con alambres. Jordi busca una antena que ya no est\u00e1, y un solitario eje geod\u00e9sico (pil\u00f3n) corona el lugar, a 2.409 mts. de altura, en medio de una casi planicie, ondulada, fea e insignificativa. Junto con Jordi intento identificar el paisaje: hac\u00eda el suroeste y oeste me asombran los perfiles del Pedraforca y de la Sierra del Cad\u00ed, esbeltas, abruptas con perfiles escarpados cada uno a su manera. Tambi\u00e9n, m\u00e1s cercana, la Sierra de Moixer\u00f3 con bonitas formas picudas y boscosas a menos altura de la que nos encontramos; y junto a nosotros, separados por el Coll de Pall, la Tossa d\u2019Alp de m\u00e1s de dos mil quinientos metros violada por construcciones y telesillas de La Molina&#8230; un paisaje espectacular, peculiar y diverso de bonitos valles y excepcionales monta\u00f1as. Hac\u00eda atr\u00e1s se desdibujan varias formaciones monta\u00f1osas de los propios Pirineos: el macizo y monta\u00f1as del Puigmal, ya reconocido hac\u00eda el noreste; m\u00e1s hac\u00eda el norte las formidables y nevosas monta\u00f1as francesas del macizo del Pic Carlit (tan o\u00eddo por estas tierras) de m\u00e1s de dos mil novecientos metros, y dos excepcionales y atrayentes pin\u00e1culos, distingui\u00e9ndose por sus perfiles agrestes y picudos: los picos Peric y Petit Peric; y hac\u00eda el noroeste otra hilera de nevadas monta\u00f1as que hacen frontera con Andorra y Francia: La Tossa Plana de Lles, el Puig Pedr\u00f3s&#8230; que sobrepasan tambi\u00e9n los dos mil novecientos metros. Ninguna de estas monta\u00f1as superan los tres mil metros. Y entre todas ellas, la formidable y ancha fosa de La Cerda\u00f1a; compartida entre Catalu\u00f1a y Francia. \u00a1Nuevas monta\u00f1as, nuevos paisajes, nuevas rutas que recorrer, se abren ante mis ojos! Genial.<\/p>\n<p>Los compa\u00f1eros, cada uno a su paso, van llegando a la cumbre. Anna se enfada: \u201cpor que corres tanto y nos dejas a todos atr\u00e1s\u201d; pero no puedes ponerle \u201cpuertas al campo\u201d. Antes de mi escapada, me he asegurado de que se cumplieran ciertas condiciones de \u201cseguridad\u201d: contacto visual con el grupo, zona f\u00e1cil sin p\u00e9rdida de espacios abiertos, visualizaci\u00f3n del grupo de mi trayectoria hasta el objetivo (la cumbre)&#8230; adem\u00e1s de que mi libertad comienza cuando dejo mi responsabilidad como NO organizador.<\/p>\n<div id=\"attachment_32946\" style=\"width: 969px\" class=\"wp-caption aligncenter\"><a class=\"dt-single-image\" href=\"https:\/\/www.monta\u00f1asdelaluna.es\/wp-content\/uploads\/2016\/08\/Puigllan\u00e7ada-y-Nochevieja-051A.jpg\" data-dt-img-description=\"\"><img loading=\"lazy\" decoding=\"async\" aria-describedby=\"caption-attachment-32946\" class=\"wp-image-32946 size-full\" src=\"https:\/\/www.monta\u00f1asdelaluna.es\/wp-content\/uploads\/2016\/08\/Puigllan\u00e7ada-y-Nochevieja-051A.jpg\" alt=\"Joaqu\u00edn y Jordi en la cima del Puigllan\u00e7ada, 2.409 mts.\" width=\"959\" height=\"509\" srcset=\"https:\/\/www.monta\u00f1asdelaluna.es\/wp-content\/uploads\/2016\/08\/Puigllan\u00e7ada-y-Nochevieja-051A.jpg 959w, https:\/\/www.monta\u00f1asdelaluna.es\/wp-content\/uploads\/2016\/08\/Puigllan\u00e7ada-y-Nochevieja-051A-300x159.jpg 300w\" sizes=\"auto, (max-width: 959px) 100vw, 959px\" \/><\/a><p id=\"caption-attachment-32946\" class=\"wp-caption-text\">Joaqu\u00edn y Jordi en la cima del Puigllan\u00e7ada, 2.409 mts.<\/p><\/div>\n<div id=\"attachment_32950\" style=\"width: 970px\" class=\"wp-caption aligncenter\"><a class=\"dt-single-image\" href=\"https:\/\/www.monta\u00f1asdelaluna.es\/wp-content\/uploads\/2016\/08\/Puigllan\u00e7ada-y-Nochevieja-053A.jpg\" data-dt-img-description=\"\"><img loading=\"lazy\" decoding=\"async\" aria-describedby=\"caption-attachment-32950\" class=\"wp-image-32950 size-full\" src=\"https:\/\/www.monta\u00f1asdelaluna.es\/wp-content\/uploads\/2016\/08\/Puigllan\u00e7ada-y-Nochevieja-053A.jpg\" alt=\"Cima del Puigllan\u00e7ada, 2.409 mts.\" width=\"960\" height=\"720\" srcset=\"https:\/\/www.monta\u00f1asdelaluna.es\/wp-content\/uploads\/2016\/08\/Puigllan\u00e7ada-y-Nochevieja-053A.jpg 960w, https:\/\/www.monta\u00f1asdelaluna.es\/wp-content\/uploads\/2016\/08\/Puigllan\u00e7ada-y-Nochevieja-053A-300x225.jpg 300w\" sizes=\"auto, (max-width: 960px) 100vw, 960px\" \/><\/a><p id=\"caption-attachment-32950\" class=\"wp-caption-text\">Cima del Puigllan\u00e7ada, 2.409 mts.<\/p><\/div>\n<p>Foto de cumbre. Hace un d\u00eda excepcional: sol, ni una nube, y una visibilidad excelente. Ya es hora de bajar. Quieras o no, arriba el vientecillo hace que tengas que abrigarte y olvidarte del calentor del sol. Jordi se dirigir\u00e1 a las cercanas pistas de La Molina para bajar esquiando. Yo le acompa\u00f1o un trozo ya que quiero admirar el lado norte de la monta\u00f1a para visualizar mejor el estupendo valle de La Cerda\u00f1a.<\/p>\n<p>Los compa\u00f1eros optan por una bajada m\u00e1s directa que, desde casi la misma cima del Puigllan\u00e7ada, acerc\u00e1ndonos al collado del Amorriador de Rus, bajamos m\u00e1s hac\u00eda el sur, cerca tambi\u00e9n del Torrent de l\u2019Euga Blanca, hasta La Collada de Les Tortes. 450 metros de bajada muy empinada, pero por suaves y c\u00f3modas laderas.<\/p>\n<div id=\"attachment_32955\" style=\"width: 1034px\" class=\"wp-caption aligncenter\"><a class=\"dt-single-image\" href=\"https:\/\/www.monta\u00f1asdelaluna.es\/wp-content\/uploads\/2016\/08\/Puigllan\u00e7ada-y-Nochevieja-064.jpg\" data-dt-img-description=\"\"><img loading=\"lazy\" decoding=\"async\" aria-describedby=\"caption-attachment-32955\" class=\"wp-image-32955 size-large\" src=\"https:\/\/www.monta\u00f1asdelaluna.es\/wp-content\/uploads\/2016\/08\/Puigllan\u00e7ada-y-Nochevieja-064-1024x768.jpg\" alt=\"Bajada a la Collada de Les Tortes\" width=\"1024\" height=\"768\" srcset=\"https:\/\/www.monta\u00f1asdelaluna.es\/wp-content\/uploads\/2016\/08\/Puigllan\u00e7ada-y-Nochevieja-064-1024x768.jpg 1024w, https:\/\/www.monta\u00f1asdelaluna.es\/wp-content\/uploads\/2016\/08\/Puigllan\u00e7ada-y-Nochevieja-064-300x225.jpg 300w, https:\/\/www.monta\u00f1asdelaluna.es\/wp-content\/uploads\/2016\/08\/Puigllan\u00e7ada-y-Nochevieja-064.jpg 1632w\" sizes=\"auto, (max-width: 1024px) 100vw, 1024px\" \/><\/a><p id=\"caption-attachment-32955\" class=\"wp-caption-text\">Bajada a la Collada de Les Tortes<\/p><\/div>\n<div id=\"attachment_32959\" style=\"width: 1034px\" class=\"wp-caption aligncenter\"><a class=\"dt-single-image\" href=\"https:\/\/www.monta\u00f1asdelaluna.es\/wp-content\/uploads\/2016\/08\/Puigllan\u00e7ada-y-Nochevieja-068.jpg\" data-dt-img-description=\"\"><img loading=\"lazy\" decoding=\"async\" aria-describedby=\"caption-attachment-32959\" class=\"wp-image-32959 size-large\" src=\"https:\/\/www.monta\u00f1asdelaluna.es\/wp-content\/uploads\/2016\/08\/Puigllan\u00e7ada-y-Nochevieja-068-1024x768.jpg\" alt=\"Atr\u00e1s queda el Puigllan\u00e7ada, delante Sonia, Anna y Ana\" width=\"1024\" height=\"768\" srcset=\"https:\/\/www.monta\u00f1asdelaluna.es\/wp-content\/uploads\/2016\/08\/Puigllan\u00e7ada-y-Nochevieja-068-1024x768.jpg 1024w, https:\/\/www.monta\u00f1asdelaluna.es\/wp-content\/uploads\/2016\/08\/Puigllan\u00e7ada-y-Nochevieja-068-300x225.jpg 300w, https:\/\/www.monta\u00f1asdelaluna.es\/wp-content\/uploads\/2016\/08\/Puigllan\u00e7ada-y-Nochevieja-068.jpg 1632w\" sizes=\"auto, (max-width: 1024px) 100vw, 1024px\" \/><\/a><p id=\"caption-attachment-32959\" class=\"wp-caption-text\">Atr\u00e1s queda el Puigllan\u00e7ada, delante Sonia, Anna y Ana<\/p><\/div>\n<p>Despu\u00e9s de mi desv\u00edo para acercarme al balc\u00f3n a la Cerda\u00f1a, vuelvo a pillar y adelantar al grupo. Y en La Collada de Les Tortes paramos para reagruparnos. Despu\u00e9s todo es desandar el camino hasta la misma Coll de La Creueta. A mi me dieron ganas de subir el Tossal de Rus, tan cerca, f\u00e1cil y atrayente. Pero desist\u00ed, no quer\u00eda volver a forzar la m\u00e1quina ni a separarme del grupo subiendo monta\u00f1as por mi cuenta. Atr\u00e1s dejamos las suaves y onduladas laderas del Puigllan\u00e7ada, adornadas por pocos neveros sobrevivientes al calor del buen tiempo. Y al poco tiempo llegamos al Coll de La Creueta, donde decidimos parar a comer con postres y alimentos navide\u00f1os.<\/p>\n<p>Es una ruta f\u00e1cil, tranquila y muy asequible. Incluso con nieve es muy apta para hacerla con raquetas. Una mirada desde uno de los balcones del Pirineo giron\u00e9s. Punto estrat\u00e9gico en medio entre la llanura de L\u2019Osona y los diferentes altos macizos del Pirineo Oriental.<\/p>\n<div id=\"attachment_32982\" style=\"width: 764px\" class=\"wp-caption aligncenter\"><a class=\"dt-single-image\" href=\"https:\/\/www.monta\u00f1asdelaluna.es\/wp-content\/uploads\/2012\/12\/Puigllan\u00e7ada.mapa_.croquis.jpg\" data-dt-img-description=\"\"><img loading=\"lazy\" decoding=\"async\" aria-describedby=\"caption-attachment-32982\" class=\"wp-image-32982 size-full\" src=\"https:\/\/www.monta\u00f1asdelaluna.es\/wp-content\/uploads\/2012\/12\/Puigllan\u00e7ada.mapa_.croquis.jpg\" alt=\"Croquis de la ascensi\u00f3n al Puigllan\u00e7ada desde el Coll de La Creueta.\" width=\"754\" height=\"706\" srcset=\"https:\/\/www.monta\u00f1asdelaluna.es\/wp-content\/uploads\/2012\/12\/Puigllan\u00e7ada.mapa_.croquis.jpg 754w, https:\/\/www.monta\u00f1asdelaluna.es\/wp-content\/uploads\/2012\/12\/Puigllan\u00e7ada.mapa_.croquis-300x281.jpg 300w\" sizes=\"auto, (max-width: 754px) 100vw, 754px\" \/><\/a><p id=\"caption-attachment-32982\" class=\"wp-caption-text\">Croquis de la ascensi\u00f3n al Puigllan\u00e7ada desde el Coll de La Creueta.<\/p><\/div>\n<p>[vc_separator][\/vc_column_text][\/vc_column][\/vc_row][vc_row][vc_column][vc_empty_space height=\u00bb60px\u00bb][\/vc_column][\/vc_row][vc_row][vc_column][vc_cta h2=\u00bb\u00c1lbum de fotos\u00bb txt_align=\u00bbcenter\u00bb add_button=\u00bbbottom\u00bb btn_title=\u00bbVer fotos\u00bb btn_color=\u00bbwarning\u00bb btn_align=\u00bbcenter\u00bb btn_link=\u00bburl:https%3A%2F%2Fmonta%C3%B1asdelaluna.es%2F%3Fdt_gallery%3Dpuigllancada-desde-coll-de-la-creueta-2|title:Puigllan%C3%A7ada%20desde%20Coll%20de%20La%20Creueta|target:_blank\u00bb css=\u00bb.vc_custom_1625732697587{background-color: #8bc4ed !important;}\u00bb]Puedes ver todas las fotos del relato y actividad en forma de presentaci\u00f3n o individuales pinchando aqui \u00a1No te las pierdas![\/vc_cta][\/vc_column][\/vc_row][vc_row][vc_column][vc_empty_space height=\u00bb60px\u00bb][\/vc_column][\/vc_row][vc_row][vc_column width=\u00bb1\/3&#8243;][\/vc_column][vc_column width=\u00bb1\/2&#8243;][vc_column_text]Tiempo en Puigllan\u00e7ada[\/vc_column_text][vc_raw_html]JTNDaWZyYW1lJTIwc3JjJTNEJTIyaHR0cHMlM0ElMkYlMkZ3d3cubWV0ZW9ibHVlLmNvbSUyRmVzJTJGdGllbXBvJTJGd2lkZ2V0JTJGZGFpbHklMkY0Mi4zTjEuOTM2RSUzRmdlb2xvYyUzRGZpeGVkJTI2ZGF5cyUzRDclMjZ0ZW1wdW5pdCUzRENFTFNJVVMlMjZ3aW5kdW5pdCUzREtJTE9NRVRFUl9QRVJfSE9VUiUyNmNvbG91cmVkJTNEY29sb3VyZWQlMjZwaWN0b2ljb24lM0QxJTI2bWF4dGVtcGVyYXR1cmUlM0QxJTI2bWludGVtcGVyYXR1cmUlM0QxJTI2d2luZHNwZWVkJTNEMSUyNndpbmRndXN0JTNEMSUyNndpbmRkaXJlY3Rpb24lM0QxJTI2cHJlY2lwaXRhdGlvbiUzRDElMjZwcmVjaXBpdGF0aW9ucHJvYmFiaWxpdHklM0QxJTI2c3BvdCUzRDElMjZwcmVzc3VyZSUzRDElMjZsYXlvdXQlM0RsaWdodCUyMiUyMCUyMGZyYW1lYm9yZGVyJTNEJTIyMCUyMiUyMHNjcm9sbGluZyUzRCUyMk5PJTIyJTIwYWxsb3d0cmFuc3BhcmVuY3klM0QlMjJ0cnVlJTIyJTIwc2FuZGJveCUzRCUyMmFsbG93LXNhbWUtb3JpZ2luJTIwYWxsb3ctc2NyaXB0cyUyMGFsbG93LXBvcHVwcyUyMiUyMHN0eWxlJTNEJTIyd2lkdGglM0ElMjAzNzhweCUzQmhlaWdodCUzQSUyMDQxMXB4JTIyJTNFJTNDJTJGaWZyYW1lJTNFJTNDZGl2JTNFJTNDJTIxLS0lMjBETyUyME5PVCUyMFJFTU9WRSUyMFRISVMlMjBMSU5LJTIwLS0lM0UlM0NhJTIwaHJlZiUzRCUyMmh0dHBzJTNBJTJGJTJGd3d3Lm1ldGVvYmx1ZS5jb20lMkZlcyUyRnRpZW1wbyUyRnByb25vc3RpY28lMkZzZW1hbmElMkY0Mi4zTjEuOTM2RSUzRnV0bV9zb3VyY2UlM0R3ZWF0aGVyX3dpZGdldCUyNnV0bV9tZWRpdW0lM0RsaW5rdXMlMjZ1dG1fY29udGVudCUzRGRhaWx5JTI2dXRtX2NhbXBhaWduJTNEV2VhdGhlciUyNTJCV2lkZ2V0JTIyJTIwdGFyZ2V0JTNEJTIyX2JsYW5rJTIyJTNFbWV0ZW9ibHVlJTNDJTJGYSUzRSUzQyUyRmRpdiUzRQ==[\/vc_raw_html][\/vc_column][vc_column width=\u00bb1\/5&#8243;][\/vc_column][\/vc_row]<\/p>\n","protected":false},"excerpt":{"rendered":"<p>[vc_row][vc_column][vc_column_text]Para la \u00faltima salida del a\u00f1o, Kike nos ha preparado una marcha tranquila y f\u00e1cil a uno de los picos m\u00e1s cercano a la Estaci\u00f3n de Esqu\u00ed de La Molina: el Puigllan\u00e7ada. A caballo entre la Sierra de Moixer\u00f3, la Tossa d\u2019Alp y la de Montgrony, el Puigllan\u00e7ada queda como una alta y suave loma&hellip;<\/p>\n","protected":false},"author":1,"featured_media":32920,"comment_status":"open","ping_status":"open","sticky":false,"template":"","format":"standard","meta":[],"categories":[130],"tags":[],"class_list":["post-32970","post","type-post","status-publish","format-standard","has-post-thumbnail","hentry","category-pirineo-calizo-catalan","category-130","description-off"],"_links":{"self":[{"href":"https:\/\/www.monta\u00f1asdelaluna.es\/index.php?rest_route=\/wp\/v2\/posts\/32970","targetHints":{"allow":["GET"]}}],"collection":[{"href":"https:\/\/www.monta\u00f1asdelaluna.es\/index.php?rest_route=\/wp\/v2\/posts"}],"about":[{"href":"https:\/\/www.monta\u00f1asdelaluna.es\/index.php?rest_route=\/wp\/v2\/types\/post"}],"author":[{"embeddable":true,"href":"https:\/\/www.monta\u00f1asdelaluna.es\/index.php?rest_route=\/wp\/v2\/users\/1"}],"replies":[{"embeddable":true,"href":"https:\/\/www.monta\u00f1asdelaluna.es\/index.php?rest_route=%2Fwp%2Fv2%2Fcomments&post=32970"}],"version-history":[{"count":14,"href":"https:\/\/www.monta\u00f1asdelaluna.es\/index.php?rest_route=\/wp\/v2\/posts\/32970\/revisions"}],"predecessor-version":[{"id":50069,"href":"https:\/\/www.monta\u00f1asdelaluna.es\/index.php?rest_route=\/wp\/v2\/posts\/32970\/revisions\/50069"}],"wp:featuredmedia":[{"embeddable":true,"href":"https:\/\/www.monta\u00f1asdelaluna.es\/index.php?rest_route=\/wp\/v2\/media\/32920"}],"wp:attachment":[{"href":"https:\/\/www.monta\u00f1asdelaluna.es\/index.php?rest_route=%2Fwp%2Fv2%2Fmedia&parent=32970"}],"wp:term":[{"taxonomy":"category","embeddable":true,"href":"https:\/\/www.monta\u00f1asdelaluna.es\/index.php?rest_route=%2Fwp%2Fv2%2Fcategories&post=32970"},{"taxonomy":"post_tag","embeddable":true,"href":"https:\/\/www.monta\u00f1asdelaluna.es\/index.php?rest_route=%2Fwp%2Fv2%2Ftags&post=32970"}],"curies":[{"name":"wp","href":"https:\/\/api.w.org\/{rel}","templated":true}]}}