{"id":33905,"date":"2016-09-03T06:59:18","date_gmt":"2016-09-03T06:59:18","guid":{"rendered":"http:\/\/monta\u00f1asdelaluna.com\/?p=33905"},"modified":"2021-08-01T19:00:03","modified_gmt":"2021-08-01T19:00:03","slug":"balaitous","status":"publish","type":"post","link":"https:\/\/www.monta\u00f1asdelaluna.es\/?p=33905","title":{"rendered":"Balaitous"},"content":{"rendered":"<p>[vc_row][vc_column][vc_column_text]Recuerdo aquella decisi\u00f3n con los compa\u00f1eros del Centro Excursionista Almorad\u00ed en la tienda de campa\u00f1a aquel principio de primavera en la Semana Santa del 2.006: un grupo quer\u00eda subir el Balaitous, y Sara y David el Gran Facha. Jes\u00fas y yo al final nos decidimos por acompa\u00f1ar a Sara y David para conquistar la puntiaguda cima del Gran Facha, mientras el resto del grupo se internaba en los escabrosos perfiles de la Brecha Latour y el Balaitous, en estilo invernal.<\/p>\n<p>Est\u00e1bamos acampados, solos, en el extra\u00f1o llano muy cerca de lo que ahora es la Ermita de La Virgen de Las Nieves en las puertas del Embalse de Respomuso. Justo en el punto donde ten\u00edamos el embalse a nuestros pies. Fue extraordinaria la subida y conquista del Gran Facha, pero se nos qued\u00f3 la espinita de subir al gran Balaitous por la Brecha Latour.<\/p>\n<p>10 a\u00f1os m\u00e1s tarde Francesc me pide que organice un Evento en Monta\u00f1as de La Luna con la subida y conquista al mismo Balaitous. Despu\u00e9s de 10 a\u00f1os \u00a1\u00bfConseguir\u00e9 por fin su cima?!<\/p>\n<div id=\"attachment_33675\" style=\"width: 1034px\" class=\"wp-caption aligncenter\"><a class=\"dt-single-image\" href=\"https:\/\/www.monta\u00f1asdelaluna.es\/wp-content\/uploads\/2016\/10\/IMG_1876.jpg\" data-dt-img-description=\"\"><img loading=\"lazy\" decoding=\"async\" aria-describedby=\"caption-attachment-33675\" class=\"wp-image-33675 size-large\" src=\"https:\/\/www.monta\u00f1asdelaluna.es\/wp-content\/uploads\/2016\/10\/IMG_1876-1024x768.jpg\" alt=\"Francesc, Juany, Rosa y Antoni saliendo desde el Embalse de La Sarra\" width=\"1024\" height=\"768\" srcset=\"https:\/\/www.monta\u00f1asdelaluna.es\/wp-content\/uploads\/2016\/10\/IMG_1876-1024x768.jpg 1024w, https:\/\/www.monta\u00f1asdelaluna.es\/wp-content\/uploads\/2016\/10\/IMG_1876-300x225.jpg 300w, https:\/\/www.monta\u00f1asdelaluna.es\/wp-content\/uploads\/2016\/10\/IMG_1876.jpg 1824w\" sizes=\"auto, (max-width: 1024px) 100vw, 1024px\" \/><\/a><p id=\"caption-attachment-33675\" class=\"wp-caption-text\">Francesc, Juany, Rosa y Antoni saliendo desde el Embalse de La Sarra<\/p><\/div>\n<div id=\"attachment_33678\" style=\"width: 1034px\" class=\"wp-caption aligncenter\"><a class=\"dt-single-image\" href=\"https:\/\/www.monta\u00f1asdelaluna.es\/wp-content\/uploads\/2016\/10\/IMG_1882.jpg\" data-dt-img-description=\"\"><img loading=\"lazy\" decoding=\"async\" aria-describedby=\"caption-attachment-33678\" class=\"wp-image-33678 size-large\" src=\"https:\/\/www.monta\u00f1asdelaluna.es\/wp-content\/uploads\/2016\/10\/IMG_1882-1024x768.jpg\" alt=\"Valle de Aguas Limpias\" width=\"1024\" height=\"768\" srcset=\"https:\/\/www.monta\u00f1asdelaluna.es\/wp-content\/uploads\/2016\/10\/IMG_1882-1024x768.jpg 1024w, https:\/\/www.monta\u00f1asdelaluna.es\/wp-content\/uploads\/2016\/10\/IMG_1882-300x225.jpg 300w, https:\/\/www.monta\u00f1asdelaluna.es\/wp-content\/uploads\/2016\/10\/IMG_1882.jpg 1824w\" sizes=\"auto, (max-width: 1024px) 100vw, 1024px\" \/><\/a><p id=\"caption-attachment-33678\" class=\"wp-caption-text\">Valle de Aguas Limpias<\/p><\/div>\n<p>Era el s\u00e1bado 3 de septiembre cuando emprendemos viaje hac\u00eda el Valle de Tena, hacia Sallent de G\u00e1llego. Aqu\u00ed hab\u00edamos quedado con Antoni de Lleida. Comimos muy cerca del ayuntamiento donde se encuentra la enorme estatua y figura del Gigante de Sallent, Ferm\u00edn Arrui (un hombre que vivi\u00f3 en la primera mitad del siglo XX y que lleg\u00f3 a medir 2\u201929 mts.). Despu\u00e9s salimos por la carreterilla que pasa por encima y arriba de la poblaci\u00f3n y que en pocos y maltrechos kil\u00f3metros te deja en el Embalse de La Sarra. Justo al final del mismo donde hay un chiringuito dejamos el coche en un hueco del abarrotado parking.<\/p>\n<p>Entonces comenzamos la marcha valle arriba surcado por el R\u00edo de Aguas Limpias que alimenta el Embalse de La Sarra, en direcci\u00f3n al Refugio de Respomuso. Juany, Francesc, Rosa, Antoni y yo somos los aventureros; arriba ya est\u00e1n Txell y Olga que subieron ayer por la tarde. El tiempo ser\u00e1 bueno, incluso algo caluroso para la \u00e9poca del a\u00f1o, el calor del verano nos est\u00e1 dando sus \u00faltimos coletazos. El camino, sendero est\u00e1 muy bien indicado, no hay p\u00e9rdida, es el G.R.-11 y a la vez hay numerosos carteles que te indican hac\u00eda donde puedes ir. Siempre hacia Respomuso.<\/p>\n<div id=\"attachment_33680\" style=\"width: 830px\" class=\"wp-caption aligncenter\"><a class=\"dt-single-image\" href=\"https:\/\/www.monta\u00f1asdelaluna.es\/wp-content\/uploads\/2016\/10\/IMG_1884.jpg\" data-dt-img-description=\"\"><img loading=\"lazy\" decoding=\"async\" aria-describedby=\"caption-attachment-33680\" class=\"wp-image-33680 \" src=\"https:\/\/www.monta\u00f1asdelaluna.es\/wp-content\/uploads\/2016\/10\/IMG_1884.jpg\" alt=\"Bosques y hayedos en el Valle de Aguas Limpias\" width=\"820\" height=\"1093\" srcset=\"https:\/\/www.monta\u00f1asdelaluna.es\/wp-content\/uploads\/2016\/10\/IMG_1884.jpg 1368w, https:\/\/www.monta\u00f1asdelaluna.es\/wp-content\/uploads\/2016\/10\/IMG_1884-225x300.jpg 225w, https:\/\/www.monta\u00f1asdelaluna.es\/wp-content\/uploads\/2016\/10\/IMG_1884-768x1024.jpg 768w\" sizes=\"auto, (max-width: 820px) 100vw, 820px\" \/><\/a><p id=\"caption-attachment-33680\" class=\"wp-caption-text\">Bosques y hayedos en el Valle de Aguas Limpias<\/p><\/div>\n<div id=\"attachment_33681\" style=\"width: 1034px\" class=\"wp-caption aligncenter\"><a class=\"dt-single-image\" href=\"https:\/\/www.monta\u00f1asdelaluna.es\/wp-content\/uploads\/2016\/10\/IMG_1886.jpg\" data-dt-img-description=\"\"><img loading=\"lazy\" decoding=\"async\" aria-describedby=\"caption-attachment-33681\" class=\"wp-image-33681 size-large\" src=\"https:\/\/www.monta\u00f1asdelaluna.es\/wp-content\/uploads\/2016\/10\/IMG_1886-1024x768.jpg\" alt=\"Bosques y hayedos en el Valle de Aguas Limpias\" width=\"1024\" height=\"768\" srcset=\"https:\/\/www.monta\u00f1asdelaluna.es\/wp-content\/uploads\/2016\/10\/IMG_1886-1024x768.jpg 1024w, https:\/\/www.monta\u00f1asdelaluna.es\/wp-content\/uploads\/2016\/10\/IMG_1886-300x225.jpg 300w, https:\/\/www.monta\u00f1asdelaluna.es\/wp-content\/uploads\/2016\/10\/IMG_1886.jpg 1824w\" sizes=\"auto, (max-width: 1024px) 100vw, 1024px\" \/><\/a><p id=\"caption-attachment-33681\" class=\"wp-caption-text\">Bosques y hayedos en el Valle de Aguas Limpias<\/p><\/div>\n<p>La caracter\u00edstica de esta ruta es que comienzas direcci\u00f3n norte y giras en un momento determinado direcci\u00f3n este. No comienzas a ver las impresionantes monta\u00f1as picudas del entorno y Circo de Piedrafita hasta que no vislumbras la presa del Embalse de Respomuso. Justo en el giro el valle se cierra caminando casi a la vera del r\u00edo que hace cascaditas y ruge entre la roca madre. Esta zona es peligrosa en plena temporada invernal, ya que es muy proclive a ca\u00edda de aludes. Ha habido m\u00e1s de un accidente y muertos. Por ello de una fecha determinada a otra, cierran el Refugio de Respomuso para que nadie se adentre por el peligroso y al\u00fadico valle.<\/p>\n<p>La senda ancha y sin p\u00e9rdida atraviesa zonas boscosas de extraordinarias hayas y frondosas. Hay mucha gente la cual vemos bajar nada m\u00e1s comenzar la marcha valle arriba. Es otro precioso valle del Pirineo de Huesca con sus hermosos y bellos rincones de bosques, agua y roca. Ya ten\u00eda pensado que se me har\u00eda largo el camino de subida, creo que entre unas 2 horas, recordando que s\u00ed se me hizo largo aquella vez hace 10 a\u00f1os.<\/p>\n<div id=\"attachment_33684\" style=\"width: 1034px\" class=\"wp-caption aligncenter\"><a class=\"dt-single-image\" href=\"https:\/\/www.monta\u00f1asdelaluna.es\/wp-content\/uploads\/2016\/10\/IMG_1891.jpg\" data-dt-img-description=\"\"><img loading=\"lazy\" decoding=\"async\" aria-describedby=\"caption-attachment-33684\" class=\"wp-image-33684 size-large\" src=\"https:\/\/www.monta\u00f1asdelaluna.es\/wp-content\/uploads\/2016\/10\/IMG_1891-1024x768.jpg\" alt=\"Poste indicador de recorridos\" width=\"1024\" height=\"768\" srcset=\"https:\/\/www.monta\u00f1asdelaluna.es\/wp-content\/uploads\/2016\/10\/IMG_1891-1024x768.jpg 1024w, https:\/\/www.monta\u00f1asdelaluna.es\/wp-content\/uploads\/2016\/10\/IMG_1891-300x225.jpg 300w, https:\/\/www.monta\u00f1asdelaluna.es\/wp-content\/uploads\/2016\/10\/IMG_1891.jpg 1824w\" sizes=\"auto, (max-width: 1024px) 100vw, 1024px\" \/><\/a><p id=\"caption-attachment-33684\" class=\"wp-caption-text\">Poste indicador de recorridos<\/p><\/div>\n<div id=\"attachment_33687\" style=\"width: 1034px\" class=\"wp-caption aligncenter\"><a class=\"dt-single-image\" href=\"https:\/\/www.monta\u00f1asdelaluna.es\/wp-content\/uploads\/2016\/10\/IMG_1897.jpg\" data-dt-img-description=\"\"><img loading=\"lazy\" decoding=\"async\" aria-describedby=\"caption-attachment-33687\" class=\"wp-image-33687 size-large\" src=\"https:\/\/www.monta\u00f1asdelaluna.es\/wp-content\/uploads\/2016\/10\/IMG_1897-1024x768.jpg\" alt=\"Subiendo por el Valle de Aguas Limpias\" width=\"1024\" height=\"768\" srcset=\"https:\/\/www.monta\u00f1asdelaluna.es\/wp-content\/uploads\/2016\/10\/IMG_1897-1024x768.jpg 1024w, https:\/\/www.monta\u00f1asdelaluna.es\/wp-content\/uploads\/2016\/10\/IMG_1897-300x225.jpg 300w, https:\/\/www.monta\u00f1asdelaluna.es\/wp-content\/uploads\/2016\/10\/IMG_1897.jpg 1824w\" sizes=\"auto, (max-width: 1024px) 100vw, 1024px\" \/><\/a><p id=\"caption-attachment-33687\" class=\"wp-caption-text\">Subiendo por el Valle de Aguas Limpias<\/p><\/div>\n<p>Pero pronto llegamos a las orillas y parte alta cerca de la presa del Embalse de Respomuso; aqu\u00ed es donde acamp\u00e9 sobre la nieve hace 10 a\u00f1os. La vista del Pico de Llena Cantal, Gran Facha, Pico de Campoplano\u2026 es impresionante: todos picos piramidales, picudos y sobresalientes bajo un cielo despejado. Hermoso. El primero que nos sorprende es el mismo Llena Cantal, faro sin igual en este Circo de Piedrafita. Al fondo siguiendo la senda llegamos al cercano Refugio de Respomuso ya a la vista. El Embalse de Respomuso es grande pero est\u00e1 medio vac\u00edo por la explotaci\u00f3n acu\u00edfera\u2026 no s\u00e9 si para generar electricidad (en un pasado) o como presa, contenci\u00f3n por alg\u00fan sentido o prop\u00f3sito. Muy cerca est\u00e1 la arreglada y nueva Ermita de la Virgen de Las Nieves. No la recuerdo hace 10 a\u00f1os de haberla visto.<\/p>\n<p>Caminando unos pocos minutos m\u00e1s siguiendo las marcas del G.R.-11, llegamos al reformado Refugio de Respomuso (2.208 mts.), al cual llegamos sin tener sitio, litera, donde dormir. La idea era llevar la tienda de campa\u00f1a o hacer vivac. Olga y Txell hab\u00eda acampado en las cercan\u00edas. El refugio estaba lleno, completo pero no a rebosar. \u00c9ste refugio sufri\u00f3 un derrumbe por la ca\u00edda de un alud no hace muchos a\u00f1os, de hecho se encuentra ubicado bajo las laderas empinadas de las vertientes del Pico Cristales, que queda al noreste.<\/p>\n<div id=\"attachment_33690\" style=\"width: 1034px\" class=\"wp-caption aligncenter\"><a class=\"dt-single-image\" href=\"https:\/\/www.monta\u00f1asdelaluna.es\/wp-content\/uploads\/2016\/10\/IMG_1905.jpg\" data-dt-img-description=\"\"><img loading=\"lazy\" decoding=\"async\" aria-describedby=\"caption-attachment-33690\" class=\"wp-image-33690 size-large\" src=\"https:\/\/www.monta\u00f1asdelaluna.es\/wp-content\/uploads\/2016\/10\/IMG_1905-1024x575.jpg\" alt=\"Camino del Embalse de Respomuso\" width=\"1024\" height=\"575\" srcset=\"https:\/\/www.monta\u00f1asdelaluna.es\/wp-content\/uploads\/2016\/10\/IMG_1905-1024x575.jpg 1024w, https:\/\/www.monta\u00f1asdelaluna.es\/wp-content\/uploads\/2016\/10\/IMG_1905-300x168.jpg 300w, https:\/\/www.monta\u00f1asdelaluna.es\/wp-content\/uploads\/2016\/10\/IMG_1905.jpg 1824w\" sizes=\"auto, (max-width: 1024px) 100vw, 1024px\" \/><\/a><p id=\"caption-attachment-33690\" class=\"wp-caption-text\">Camino del Embalse de Respomuso<\/p><\/div>\n<div id=\"attachment_33695\" style=\"width: 1834px\" class=\"wp-caption aligncenter\"><a class=\"dt-single-image\" href=\"https:\/\/www.monta\u00f1asdelaluna.es\/wp-content\/uploads\/2016\/10\/IMG_1910.jpg\" data-dt-img-description=\"\"><img loading=\"lazy\" decoding=\"async\" aria-describedby=\"caption-attachment-33695\" class=\"wp-image-33695 size-full\" src=\"https:\/\/www.monta\u00f1asdelaluna.es\/wp-content\/uploads\/2016\/10\/IMG_1910.jpg\" alt=\"Embalse de Respomuso, al fondo izquierda el Gran Facha y en el centro derecha el Pico de Llena Cantal\" width=\"1824\" height=\"1024\" srcset=\"https:\/\/www.monta\u00f1asdelaluna.es\/wp-content\/uploads\/2016\/10\/IMG_1910.jpg 1824w, https:\/\/www.monta\u00f1asdelaluna.es\/wp-content\/uploads\/2016\/10\/IMG_1910-300x168.jpg 300w, https:\/\/www.monta\u00f1asdelaluna.es\/wp-content\/uploads\/2016\/10\/IMG_1910-1024x575.jpg 1024w\" sizes=\"auto, (max-width: 1824px) 100vw, 1824px\" \/><\/a><p id=\"caption-attachment-33695\" class=\"wp-caption-text\">Embalse de Respomuso, al fondo izquierda el Gran Facha y en el centro derecha el Pico de Llena Cantal<\/p><\/div>\n<p>Al final Francesc nos consigue sitio en el refugio, pero no en una habitaci\u00f3n convencional y normal, si no en la parte de abajo junto a las taquillas. En una sala que, no lo deber\u00eda decir, estaba inhabilitada para ello pero que ten\u00eda sus camas y literas. No era una habitaci\u00f3n \u00a1Gracias amigos de Respomuso! Aunque Rosa en su prop\u00f3sito de hacer noche de vivac fuera, no se queda a pasar la noche en el refugio. Yo tambi\u00e9n soy aventurero y har\u00e1 una buena y nada fr\u00eda noche, pero para ma\u00f1ana quiero estar descansado y que mejor que una cama o litera. La subida al Balaitous no es un paseo.<\/p>\n<p>Pero a la cena s\u00ed se apunta. Cenamos todos menos Txell y Olga en el comedor del refugio. Llamo a Anna por la cabina de tel\u00e9fonos que hay en el mismo comedor (igualita a la de G\u00f3riz) pero las llamadas son caras; la se\u00f1al va por sat\u00e9lite. Vino de Respomuso. Curiosa etiqueta. Un poco de vino no me har\u00e1 mal a pesar de la esperada deshidrataci\u00f3n de ma\u00f1ana. Y a dormir al \u201cs\u00f3tano\u201d (casi todo para nosotros solos) teniendo extra\u00f1os y v\u00edvidos sue\u00f1os como casi siempre que duermo en cama extra\u00f1a.<\/p>\n<p>Al otro d\u00eda madrugamos. Las chicas que han dormido fuera del refugio vienen al comedor a desayunar con nosotros. Preparamos mochilas y listos hacia la conquista del Balaitous. Anoche vimos a Susanna que ha venido con un grupo de amigos tambi\u00e9n para hacer el pico, m\u00e1s arriba nos la volveremos a encontrar.<\/p>\n<div id=\"attachment_33699\" style=\"width: 1034px\" class=\"wp-caption aligncenter\"><a class=\"dt-single-image\" href=\"https:\/\/www.monta\u00f1asdelaluna.es\/wp-content\/uploads\/2016\/10\/IMG_1917.jpg\" data-dt-img-description=\"\"><img loading=\"lazy\" decoding=\"async\" aria-describedby=\"caption-attachment-33699\" class=\"wp-image-33699 size-large\" src=\"https:\/\/www.monta\u00f1asdelaluna.es\/wp-content\/uploads\/2016\/10\/IMG_1917-1024x768.jpg\" alt=\"Llegando al Refugio de Respomuso, detr\u00e1s el Gran Facha\" width=\"1024\" height=\"768\" srcset=\"https:\/\/www.monta\u00f1asdelaluna.es\/wp-content\/uploads\/2016\/10\/IMG_1917-1024x768.jpg 1024w, https:\/\/www.monta\u00f1asdelaluna.es\/wp-content\/uploads\/2016\/10\/IMG_1917-300x225.jpg 300w, https:\/\/www.monta\u00f1asdelaluna.es\/wp-content\/uploads\/2016\/10\/IMG_1917.jpg 1824w\" sizes=\"auto, (max-width: 1024px) 100vw, 1024px\" \/><\/a><p id=\"caption-attachment-33699\" class=\"wp-caption-text\">Llegando al Refugio de Respomuso, detr\u00e1s el Gran Facha<\/p><\/div>\n<div id=\"attachment_33702\" style=\"width: 1034px\" class=\"wp-caption aligncenter\"><a class=\"dt-single-image\" href=\"https:\/\/www.monta\u00f1asdelaluna.es\/wp-content\/uploads\/2016\/10\/IMG_1920.jpg\" data-dt-img-description=\"\"><img loading=\"lazy\" decoding=\"async\" aria-describedby=\"caption-attachment-33702\" class=\"wp-image-33702 size-large\" src=\"https:\/\/www.monta\u00f1asdelaluna.es\/wp-content\/uploads\/2016\/10\/IMG_1920-1024x768.jpg\" alt=\"Refugio de Respomuso, 2.208 mts.\" width=\"1024\" height=\"768\" srcset=\"https:\/\/www.monta\u00f1asdelaluna.es\/wp-content\/uploads\/2016\/10\/IMG_1920-1024x768.jpg 1024w, https:\/\/www.monta\u00f1asdelaluna.es\/wp-content\/uploads\/2016\/10\/IMG_1920-300x225.jpg 300w, https:\/\/www.monta\u00f1asdelaluna.es\/wp-content\/uploads\/2016\/10\/IMG_1920.jpg 1824w\" sizes=\"auto, (max-width: 1024px) 100vw, 1024px\" \/><\/a><p id=\"caption-attachment-33702\" class=\"wp-caption-text\">Refugio de Respomuso, 2.208 mts.<\/p><\/div>\n<div id=\"attachment_33703\" style=\"width: 1034px\" class=\"wp-caption aligncenter\"><a class=\"dt-single-image\" href=\"https:\/\/www.monta\u00f1asdelaluna.es\/wp-content\/uploads\/2016\/10\/IMG_1920A.jpg\" data-dt-img-description=\"\"><img loading=\"lazy\" decoding=\"async\" aria-describedby=\"caption-attachment-33703\" class=\"wp-image-33703 size-large\" src=\"https:\/\/www.monta\u00f1asdelaluna.es\/wp-content\/uploads\/2016\/10\/IMG_1920A-1024x768.jpg\" alt=\"De arriba a abajo y de izquierda a derecha: Olga, Francesc, Txell, Antoni, Rosa, Juany y Joaqu\u00edn\" width=\"1024\" height=\"768\" srcset=\"https:\/\/www.monta\u00f1asdelaluna.es\/wp-content\/uploads\/2016\/10\/IMG_1920A-1024x768.jpg 1024w, https:\/\/www.monta\u00f1asdelaluna.es\/wp-content\/uploads\/2016\/10\/IMG_1920A-300x225.jpg 300w, https:\/\/www.monta\u00f1asdelaluna.es\/wp-content\/uploads\/2016\/10\/IMG_1920A.jpg 1600w\" sizes=\"auto, (max-width: 1024px) 100vw, 1024px\" \/><\/a><p id=\"caption-attachment-33703\" class=\"wp-caption-text\">De arriba a abajo y de izquierda a derecha: Olga, Francesc, Txell, Antoni, Rosa, Juany y Joaqu\u00edn<\/p><\/div>\n<p>Parece que somos los \u00faltimos en salir, pero no salimos tarde. Solo unos vascos que van m\u00e1s r\u00e1pidos salen al mismo tiempo que nosotros, pero nos adelantaran enseguida. Al principio el camino a seguir no tiene p\u00e9rdida. La subida es justo por un peque\u00f1o y empinado vallecillo que queda justo detr\u00e1s, en las espaldas del refugio. Es el que llaman Barranco de Respomuso. Un cartel indicador de recorridos de color amarillo en la misma senda de camino al refugio y muy cerca de \u00e9l, te indica r\u00e1pidamente la direcci\u00f3n a seguir para acercarse al Balaitous, es la misma que la del Frondellas: hacia el norte, vallecillo arriba. Al principio la sendilla que recorre pradillos muy cerca de un riachuelo no tiene p\u00e9rdida. M\u00e1s arriba nos tendremos que guiar por las vertientes e hitos que nos indicaran el camino a seguir entre paredones, rocas y terreno descarnado y abrupto. Es la alta monta\u00f1a: rocas sin vegetaci\u00f3n con\u00a0 escarpados pasos.<\/p>\n<p>Parece que el d\u00eda se presenta tambi\u00e9n muy bueno. No hace fr\u00edo ni aparecen nubes en la ma\u00f1ana. Dejamos a nuestras espaldas el formidable Embalse de Respomuso que va desapareciendo poco a poco de nuestra vista, pero a la vez van apareciendo la formidable muralla de los Picos del Infierno, con su reconocible \u201cmarmolada\u201d en medio del alto murall\u00f3n. Delante de \u00e9stos las acostumbradas cimas picudas: Pico de Tebarrai, Piedrafita, Llena Cantal\u2026 es un paisaje muy alpino de monta\u00f1as picudas y sobresalientes las que forma el Circo de Piedrafita sobre el Embalse de Respomuso. Hermoso y espectacular.<\/p>\n<div id=\"attachment_33711\" style=\"width: 1034px\" class=\"wp-caption aligncenter\"><a class=\"dt-single-image\" href=\"https:\/\/www.monta\u00f1asdelaluna.es\/wp-content\/uploads\/2016\/10\/IMG_1931.jpg\" data-dt-img-description=\"\"><img loading=\"lazy\" decoding=\"async\" aria-describedby=\"caption-attachment-33711\" class=\"wp-image-33711 size-large\" src=\"https:\/\/www.monta\u00f1asdelaluna.es\/wp-content\/uploads\/2016\/10\/IMG_1931-1024x768.jpg\" alt=\"Carteles indicadores al salir del Refugio de Respomuso\" width=\"1024\" height=\"768\" srcset=\"https:\/\/www.monta\u00f1asdelaluna.es\/wp-content\/uploads\/2016\/10\/IMG_1931-1024x768.jpg 1024w, https:\/\/www.monta\u00f1asdelaluna.es\/wp-content\/uploads\/2016\/10\/IMG_1931-300x225.jpg 300w, https:\/\/www.monta\u00f1asdelaluna.es\/wp-content\/uploads\/2016\/10\/IMG_1931.jpg 1824w\" sizes=\"auto, (max-width: 1024px) 100vw, 1024px\" \/><\/a><p id=\"caption-attachment-33711\" class=\"wp-caption-text\">Carteles indicadores al salir del Refugio de Respomuso<\/p><\/div>\n<div id=\"attachment_33714\" style=\"width: 1034px\" class=\"wp-caption aligncenter\"><a class=\"dt-single-image\" href=\"https:\/\/www.monta\u00f1asdelaluna.es\/wp-content\/uploads\/2016\/10\/IMG_1936.jpg\" data-dt-img-description=\"\"><img loading=\"lazy\" decoding=\"async\" aria-describedby=\"caption-attachment-33714\" class=\"wp-image-33714 size-large\" src=\"https:\/\/www.monta\u00f1asdelaluna.es\/wp-content\/uploads\/2016\/10\/IMG_1936-1024x768.jpg\" alt=\"Embalse y Refugio de Respomuso\" width=\"1024\" height=\"768\" srcset=\"https:\/\/www.monta\u00f1asdelaluna.es\/wp-content\/uploads\/2016\/10\/IMG_1936-1024x768.jpg 1024w, https:\/\/www.monta\u00f1asdelaluna.es\/wp-content\/uploads\/2016\/10\/IMG_1936-300x225.jpg 300w, https:\/\/www.monta\u00f1asdelaluna.es\/wp-content\/uploads\/2016\/10\/IMG_1936.jpg 1824w\" sizes=\"auto, (max-width: 1024px) 100vw, 1024px\" \/><\/a><p id=\"caption-attachment-33714\" class=\"wp-caption-text\">Embalse y Refugio de Respomuso<\/p><\/div>\n<p>Pero nosotros no seguiremos el fondo del valle del Barranco de Respomuso, si no que los hitos nos llevar\u00e1n a subir por la rocosa ladera y vertiente de la izquierda como queriendo buscar los pilares y contrafuertes de los Frondellas. Seguiremos una subida casi sin tregua bajo los paredones oeste de los Frondellas, hasta llegar a un punto donde hay una gigantesca roca en medio del camino y como que baja de las altas paredes de la izquierda, que no es m\u00e1s que un contrafuerte de la misma, y a un espacio ca\u00f3tico de rocas sueltas, t\u00edpico de la alta monta\u00f1a. Entonces aqu\u00ed los hitos nos har\u00e1n virar a la izquierda y veremos un hueco en la monta\u00f1a que antes de llegar a este punto es imposible de ver, y en ese hueco una recta y alta brecha, y arriba de esa brecha una especie de roca que ha quedado atrapada y casi en el aire entre las dos paredes: es la Brecha Latour.<\/p>\n<p>Antes hemos podido admirar enfrente nuestro una impresionante cresta que tendremos siempre a la vista, entre el Pico Cristales (a la derecha y luego detr\u00e1s) y el mismo Balaitous (al norte de nosotros): unas rocas verticales, estilizadas, casi imposible de aguantarse sin caerse\u2026 me record\u00f3 a los 3 Hermanitos de Gredos, son el centro de las miradas por su espectacularidad y soberbia \u00a1Parece un trocito de Alpes! Es la Cresta del Diablo, y \u00e9stos son sus cuernos y tridentes. \u00c9sta queda a nuestra derecha y este, entre la llana cima del Pico Cristales y el abrupto y encrespado Pico Soulano. Pero la cresta sigue con otro nombre camino de las alturas del Balaitous, con la Punta de la D\u00e9faite, Aguja d\u2019Ussel, Arista de Costerillou\u2026 hasta su misma cima. Impresionante y soberbia. Precioso paisaje alpino.<\/p>\n<div id=\"attachment_33716\" style=\"width: 1034px\" class=\"wp-caption aligncenter\"><a class=\"dt-single-image\" href=\"https:\/\/www.monta\u00f1asdelaluna.es\/wp-content\/uploads\/2016\/10\/IMG_1939.jpg\" data-dt-img-description=\"\"><img loading=\"lazy\" decoding=\"async\" aria-describedby=\"caption-attachment-33716\" class=\"wp-image-33716 size-large\" src=\"https:\/\/www.monta\u00f1asdelaluna.es\/wp-content\/uploads\/2016\/10\/IMG_1939-1024x768.jpg\" alt=\"Arriba la Cresta del Diablo\" width=\"1024\" height=\"768\" srcset=\"https:\/\/www.monta\u00f1asdelaluna.es\/wp-content\/uploads\/2016\/10\/IMG_1939-1024x768.jpg 1024w, https:\/\/www.monta\u00f1asdelaluna.es\/wp-content\/uploads\/2016\/10\/IMG_1939-300x225.jpg 300w, https:\/\/www.monta\u00f1asdelaluna.es\/wp-content\/uploads\/2016\/10\/IMG_1939.jpg 1824w\" sizes=\"auto, (max-width: 1024px) 100vw, 1024px\" \/><\/a><p id=\"caption-attachment-33716\" class=\"wp-caption-text\">Arriba la Cresta del Diablo<\/p><\/div>\n<div id=\"attachment_33717\" style=\"width: 1834px\" class=\"wp-caption aligncenter\"><a class=\"dt-single-image\" href=\"https:\/\/www.monta\u00f1asdelaluna.es\/wp-content\/uploads\/2016\/10\/IMG_1941.jpg\" data-dt-img-description=\"\"><img loading=\"lazy\" decoding=\"async\" aria-describedby=\"caption-attachment-33717\" class=\"wp-image-33717 size-full\" src=\"https:\/\/www.monta\u00f1asdelaluna.es\/wp-content\/uploads\/2016\/10\/IMG_1941.jpg\" alt=\"Cresta del Diablo con sus Tridentes y Cuernos\" width=\"1824\" height=\"1368\" srcset=\"https:\/\/www.monta\u00f1asdelaluna.es\/wp-content\/uploads\/2016\/10\/IMG_1941.jpg 1824w, https:\/\/www.monta\u00f1asdelaluna.es\/wp-content\/uploads\/2016\/10\/IMG_1941-300x225.jpg 300w, https:\/\/www.monta\u00f1asdelaluna.es\/wp-content\/uploads\/2016\/10\/IMG_1941-1024x768.jpg 1024w\" sizes=\"auto, (max-width: 1824px) 100vw, 1824px\" \/><\/a><p id=\"caption-attachment-33717\" class=\"wp-caption-text\">Cresta del Diablo con sus Tridentes y Cuernos<\/p><\/div>\n<div id=\"attachment_33722\" style=\"width: 1034px\" class=\"wp-caption aligncenter\"><a class=\"dt-single-image\" href=\"https:\/\/www.monta\u00f1asdelaluna.es\/wp-content\/uploads\/2016\/10\/IMG_1945A.jpg\" data-dt-img-description=\"\"><img loading=\"lazy\" decoding=\"async\" aria-describedby=\"caption-attachment-33722\" class=\"wp-image-33722 size-large\" src=\"https:\/\/www.monta\u00f1asdelaluna.es\/wp-content\/uploads\/2016\/10\/IMG_1945A-1024x768.jpg\" alt=\"Descanso en la marcha. De izquierda a derecha: Juany, Antoni, Francesc, Joaqu\u00edn, Olga y Txell\" width=\"1024\" height=\"768\" srcset=\"https:\/\/www.monta\u00f1asdelaluna.es\/wp-content\/uploads\/2016\/10\/IMG_1945A-1024x768.jpg 1024w, https:\/\/www.monta\u00f1asdelaluna.es\/wp-content\/uploads\/2016\/10\/IMG_1945A-300x225.jpg 300w, https:\/\/www.monta\u00f1asdelaluna.es\/wp-content\/uploads\/2016\/10\/IMG_1945A.jpg 1600w\" sizes=\"auto, (max-width: 1024px) 100vw, 1024px\" \/><\/a><p id=\"caption-attachment-33722\" class=\"wp-caption-text\">Descanso en la marcha. De izquierda a derecha: Juany, Antoni, Francesc, Joaqu\u00edn, Olga y Txell<\/p><\/div>\n<p>Intentamos acercarnos a la brecha por la subida normal, pero la nieve dura e inestable nos hace bajar hasta lo que llaman la Nevera de la Torrecilla algo destrozada (separa en varios neveros y con barras rocosas, pedregosas por en medio) para medio trepando, medio super\u00e1ndolo, llegar a la altura del comienzo de la Brecha Latour. Antes han llegado los vascos y en la misma brecha, pared por donde se escala y supera esta parte de la ascensi\u00f3n, la vemos abarrotada de gente: el grupo de Susanna est\u00e1n en medio de la \u00faltima escalada, otro grupo con ni\u00f1os y todo est\u00e1n comenzando la trepada por las clavijas\u2026 Por suerte nosotros somos los \u00faltimos y al llegar no habr\u00e1 atasco ni embotellamiento.<\/p>\n<p>Comenzamos la subida por la Brecha Latour. Rosa y yo nos quedamos los \u00faltimos ayudando a pasar y superar los pasos medio de escalada en medio de la brecha. No hay nieve en ella, solo cuando sales, abajo\u2026 hubiera venido muy bien una buena cantidad de nieve vieja y escalones en esta parte; pero no, todo es piedra suelta, rocas que se mantienen de milagro y polvo. Ayudamos a sobrepasar estos pasos en medio de la brecha, hay que tener algo de pr\u00e1ctica y postura para algunos, pero no son dif\u00edciles.<\/p>\n<div id=\"attachment_33726\" style=\"width: 1034px\" class=\"wp-caption aligncenter\"><a class=\"dt-single-image\" href=\"https:\/\/www.monta\u00f1asdelaluna.es\/wp-content\/uploads\/2016\/10\/IMG_1955.jpg\" data-dt-img-description=\"\"><img loading=\"lazy\" decoding=\"async\" aria-describedby=\"caption-attachment-33726\" class=\"wp-image-33726 size-large\" src=\"https:\/\/www.monta\u00f1asdelaluna.es\/wp-content\/uploads\/2016\/10\/IMG_1955-1024x768.jpg\" alt=\"Subiendo, la Cresta del Diablo a la izquierda y el Pico Cristales en el centro\" width=\"1024\" height=\"768\" srcset=\"https:\/\/www.monta\u00f1asdelaluna.es\/wp-content\/uploads\/2016\/10\/IMG_1955-1024x768.jpg 1024w, https:\/\/www.monta\u00f1asdelaluna.es\/wp-content\/uploads\/2016\/10\/IMG_1955-300x225.jpg 300w, https:\/\/www.monta\u00f1asdelaluna.es\/wp-content\/uploads\/2016\/10\/IMG_1955.jpg 1824w\" sizes=\"auto, (max-width: 1024px) 100vw, 1024px\" \/><\/a><p id=\"caption-attachment-33726\" class=\"wp-caption-text\">Subiendo, la Cresta del Diablo a la izquierda y el Pico Cristales en el centro<\/p><\/div>\n<div id=\"attachment_33731\" style=\"width: 831px\" class=\"wp-caption aligncenter\"><a class=\"dt-single-image\" href=\"https:\/\/www.monta\u00f1asdelaluna.es\/wp-content\/uploads\/2016\/10\/IMG_1964.jpg\" data-dt-img-description=\"\"><img loading=\"lazy\" decoding=\"async\" aria-describedby=\"caption-attachment-33731\" class=\"wp-image-33731 \" src=\"https:\/\/www.monta\u00f1asdelaluna.es\/wp-content\/uploads\/2016\/10\/IMG_1964.jpg\" alt=\"Llegando a la Brecha Latour\" width=\"821\" height=\"1095\" srcset=\"https:\/\/www.monta\u00f1asdelaluna.es\/wp-content\/uploads\/2016\/10\/IMG_1964.jpg 1368w, https:\/\/www.monta\u00f1asdelaluna.es\/wp-content\/uploads\/2016\/10\/IMG_1964-225x300.jpg 225w, https:\/\/www.monta\u00f1asdelaluna.es\/wp-content\/uploads\/2016\/10\/IMG_1964-768x1024.jpg 768w\" sizes=\"auto, (max-width: 821px) 100vw, 821px\" \/><\/a><p id=\"caption-attachment-33731\" class=\"wp-caption-text\">Llegando a la Brecha Latour<\/p><\/div>\n<div id=\"attachment_33736\" style=\"width: 1034px\" class=\"wp-caption aligncenter\"><a class=\"dt-single-image\" href=\"https:\/\/www.monta\u00f1asdelaluna.es\/wp-content\/uploads\/2016\/10\/IMG_1974.jpg\" data-dt-img-description=\"\"><img loading=\"lazy\" decoding=\"async\" aria-describedby=\"caption-attachment-33736\" class=\"wp-image-33736 size-large\" src=\"https:\/\/www.monta\u00f1asdelaluna.es\/wp-content\/uploads\/2016\/10\/IMG_1974-1024x768.jpg\" alt=\"Llegando a los primeros pasos de la Brecha Latour, al fondo queda la Cresta del Diablo con el Pico Soulano en el centro\" width=\"1024\" height=\"768\" srcset=\"https:\/\/www.monta\u00f1asdelaluna.es\/wp-content\/uploads\/2016\/10\/IMG_1974-1024x768.jpg 1024w, https:\/\/www.monta\u00f1asdelaluna.es\/wp-content\/uploads\/2016\/10\/IMG_1974-300x225.jpg 300w, https:\/\/www.monta\u00f1asdelaluna.es\/wp-content\/uploads\/2016\/10\/IMG_1974.jpg 1824w\" sizes=\"auto, (max-width: 1024px) 100vw, 1024px\" \/><\/a><p id=\"caption-attachment-33736\" class=\"wp-caption-text\">Llegando a los primeros pasos de la Brecha Latour, al fondo queda la Cresta del Diablo con el Pico Soulano en el centro<\/p><\/div>\n<p>M\u00e1s arriba y en la pared derecha de la brecha nos topamos con que han clavado una serie de clavijas a media altura y en diagonal que llegados a un punto en dicha pared giran hac\u00eda arriba como queriendo solventar un paso en medio de esa pared. Y efectivamente en este giro nosotros nos apoyamos en dichas clavijas para superar dicho paso. Ya hemos dejado el fondo de la brecha y ahora trepamos, escalamos por la pared de la derecha. Quitando el paso \u00e9ste nombrado y ayudado por la clavija, el hierro clavado en la misma pared, la dificultad no es tanta, II\u00ba con la impresi\u00f3n de la ca\u00edda en nuestras espaldas, pero pronto, nuestro grupo juntito y \u00faltimo que pasa por esta parte de la ascensi\u00f3n, llega a la parte m\u00e1s alta derecha de la Brecha Latour.<\/p>\n<p>Arriba de la brecha un peque\u00f1o descanso para admirar el paisaje y la trepada realizada, ya tenemos vistas hac\u00eda el oeste con el piramidal y puntiagudo Arriel, y detr\u00e1s inmenso y llamativo aquel \u201ccastillo de Heman\u201d que parece inexpugnable: el Pic du Midi d\u2019Ossau. Estas zonas llamaran parte de nuestra atenci\u00f3n y objetivo de la c\u00e1mara en esta parte de la ascensi\u00f3n y descenso (ya que bajaremos por el mismo sitio) Impresionantes.<\/p>\n<div id=\"attachment_33739\" style=\"width: 833px\" class=\"wp-caption aligncenter\"><a class=\"dt-single-image\" href=\"https:\/\/www.monta\u00f1asdelaluna.es\/wp-content\/uploads\/2016\/10\/IMG_1974B.jpg\" data-dt-img-description=\"\"><img loading=\"lazy\" decoding=\"async\" aria-describedby=\"caption-attachment-33739\" class=\"wp-image-33739 \" src=\"https:\/\/www.monta\u00f1asdelaluna.es\/wp-content\/uploads\/2016\/10\/IMG_1974B.jpg\" alt=\"Olga en uno de esos pasos\" width=\"823\" height=\"1097\" srcset=\"https:\/\/www.monta\u00f1asdelaluna.es\/wp-content\/uploads\/2016\/10\/IMG_1974B.jpg 1200w, https:\/\/www.monta\u00f1asdelaluna.es\/wp-content\/uploads\/2016\/10\/IMG_1974B-225x300.jpg 225w, https:\/\/www.monta\u00f1asdelaluna.es\/wp-content\/uploads\/2016\/10\/IMG_1974B-768x1024.jpg 768w\" sizes=\"auto, (max-width: 823px) 100vw, 823px\" \/><\/a><p id=\"caption-attachment-33739\" class=\"wp-caption-text\">Olga en uno de esos pasos<\/p><\/div>\n<div id=\"attachment_33745\" style=\"width: 832px\" class=\"wp-caption aligncenter\"><a class=\"dt-single-image\" href=\"https:\/\/www.monta\u00f1asdelaluna.es\/wp-content\/uploads\/2016\/10\/IMG_1976.jpg\" data-dt-img-description=\"\"><img loading=\"lazy\" decoding=\"async\" aria-describedby=\"caption-attachment-33745\" class=\"wp-image-33745 \" src=\"https:\/\/www.monta\u00f1asdelaluna.es\/wp-content\/uploads\/2016\/10\/IMG_1976.jpg\" alt=\"Delante Juany y arriba Olga en el paso m\u00e1s complicado de las clavijas\" width=\"822\" height=\"1096\" srcset=\"https:\/\/www.monta\u00f1asdelaluna.es\/wp-content\/uploads\/2016\/10\/IMG_1976.jpg 1368w, https:\/\/www.monta\u00f1asdelaluna.es\/wp-content\/uploads\/2016\/10\/IMG_1976-225x300.jpg 225w, https:\/\/www.monta\u00f1asdelaluna.es\/wp-content\/uploads\/2016\/10\/IMG_1976-768x1024.jpg 768w\" sizes=\"auto, (max-width: 822px) 100vw, 822px\" \/><\/a><p id=\"caption-attachment-33745\" class=\"wp-caption-text\">Delante Juany y arriba Olga en el paso m\u00e1s complicado de las clavijas<\/p><\/div>\n<div id=\"attachment_33746\" style=\"width: 1034px\" class=\"wp-caption aligncenter\"><a class=\"dt-single-image\" href=\"https:\/\/www.monta\u00f1asdelaluna.es\/wp-content\/uploads\/2016\/10\/IMG_1976A.jpg\" data-dt-img-description=\"\"><img loading=\"lazy\" decoding=\"async\" aria-describedby=\"caption-attachment-33746\" class=\"wp-image-33746 size-large\" src=\"https:\/\/www.monta\u00f1asdelaluna.es\/wp-content\/uploads\/2016\/10\/IMG_1976A-1024x768.jpg\" alt=\"Escalando por encima de las clavijas\" width=\"1024\" height=\"768\" srcset=\"https:\/\/www.monta\u00f1asdelaluna.es\/wp-content\/uploads\/2016\/10\/IMG_1976A-1024x768.jpg 1024w, https:\/\/www.monta\u00f1asdelaluna.es\/wp-content\/uploads\/2016\/10\/IMG_1976A-300x225.jpg 300w, https:\/\/www.monta\u00f1asdelaluna.es\/wp-content\/uploads\/2016\/10\/IMG_1976A.jpg 1600w\" sizes=\"auto, (max-width: 1024px) 100vw, 1024px\" \/><\/a><p id=\"caption-attachment-33746\" class=\"wp-caption-text\">Escalando por encima de las clavijas<\/p><\/div>\n<p>Fotos y m\u00e1s fotos, no hay que perder ni un instante del paisaje, de nosotros, de nuestra aventura. Ahora desde aqu\u00ed solo hay que seguir el ramal o cordal roquedo que hacia el norte nos acerca hasta la cima del Balaitous, ya lo tenemos muy cerca. No hay que ir por toda la cima del roquedal, ya que ser\u00eda m\u00e1s escarpado, si no por el lateral bajo la misma m\u00e1s f\u00e1cil transitable (unos hitos os ayudaran a proseguir) a la izquierda del mismo. Al lado derecho de este roqueda queda el vacio y las paredes que miran a la Cresta del Diablo, a la Arista de Costerillou.<\/p>\n<p>A medida que progresamos y subimos a la cima iremos dejando la escarpada y asombrosa mole de Los Frondellas detr\u00e1s nuestro, muy fotog\u00e9nica e impresionante desde aqu\u00ed, y de repente al sur, sureste, a nuestra espalda tambi\u00e9n, aparecer\u00e1 una gran monta\u00f1a con una forma peculiar y caracter\u00edstica que se eleva por encima de las picudas cimas anteriores a ella: es el impresionante y precioso Vignemale. Unas vistas excepcionales de una monta\u00f1a \u00fanica en el Pirineo. Delante de ella a la derecha queda la puntiaguda Gran Facha, y a la izquierda el Pic de Cambal\u00e8s y Peque\u00f1a Facha. Hermoso paisaje. Mi c\u00e1mara no parar\u00e1 de hacerles fotos en diferentes perspectivas.<\/p>\n<div id=\"attachment_33750\" style=\"width: 1034px\" class=\"wp-caption aligncenter\"><a class=\"dt-single-image\" href=\"https:\/\/www.monta\u00f1asdelaluna.es\/wp-content\/uploads\/2016\/10\/IMG_1983.jpg\" data-dt-img-description=\"\"><img loading=\"lazy\" decoding=\"async\" aria-describedby=\"caption-attachment-33750\" class=\"wp-image-33750 size-large\" src=\"https:\/\/www.monta\u00f1asdelaluna.es\/wp-content\/uploads\/2016\/10\/IMG_1983-1024x768.jpg\" alt=\"Acabando la escalada\" width=\"1024\" height=\"768\" srcset=\"https:\/\/www.monta\u00f1asdelaluna.es\/wp-content\/uploads\/2016\/10\/IMG_1983-1024x768.jpg 1024w, https:\/\/www.monta\u00f1asdelaluna.es\/wp-content\/uploads\/2016\/10\/IMG_1983-300x225.jpg 300w, https:\/\/www.monta\u00f1asdelaluna.es\/wp-content\/uploads\/2016\/10\/IMG_1983.jpg 1824w\" sizes=\"auto, (max-width: 1024px) 100vw, 1024px\" \/><\/a><p id=\"caption-attachment-33750\" class=\"wp-caption-text\">Acabando la escalada<\/p><\/div>\n<div id=\"attachment_33755\" style=\"width: 1834px\" class=\"wp-caption aligncenter\"><a class=\"dt-single-image\" href=\"https:\/\/www.monta\u00f1asdelaluna.es\/wp-content\/uploads\/2016\/10\/IMG_1989.jpg\" data-dt-img-description=\"\"><img loading=\"lazy\" decoding=\"async\" aria-describedby=\"caption-attachment-33755\" class=\"wp-image-33755 size-full\" src=\"https:\/\/www.monta\u00f1asdelaluna.es\/wp-content\/uploads\/2016\/10\/IMG_1989.jpg\" alt=\"Acabada la escalada de la Brecha Latour nos queda llegar a la cima del Balaitous, que queda a la izquierda\" width=\"1824\" height=\"1368\" srcset=\"https:\/\/www.monta\u00f1asdelaluna.es\/wp-content\/uploads\/2016\/10\/IMG_1989.jpg 1824w, https:\/\/www.monta\u00f1asdelaluna.es\/wp-content\/uploads\/2016\/10\/IMG_1989-300x225.jpg 300w, https:\/\/www.monta\u00f1asdelaluna.es\/wp-content\/uploads\/2016\/10\/IMG_1989-1024x768.jpg 1024w\" sizes=\"auto, (max-width: 1824px) 100vw, 1824px\" \/><\/a><p id=\"caption-attachment-33755\" class=\"wp-caption-text\">Acabada la escalada de la Brecha Latour nos queda llegar a la cima del Balaitous, que queda a la izquierda<\/p><\/div>\n<div id=\"attachment_33754\" style=\"width: 1834px\" class=\"wp-caption aligncenter\"><a class=\"dt-single-image\" href=\"https:\/\/www.monta\u00f1asdelaluna.es\/wp-content\/uploads\/2016\/10\/IMG_1988.jpg\" data-dt-img-description=\"\"><img loading=\"lazy\" decoding=\"async\" aria-describedby=\"caption-attachment-33754\" class=\"wp-image-33754 size-full\" src=\"https:\/\/www.monta\u00f1asdelaluna.es\/wp-content\/uploads\/2016\/10\/IMG_1988.jpg\" alt=\"El Pic du Midi d'Ossau impresionante, detr\u00e1s. Delante el Pic de Arriel.\" width=\"1824\" height=\"1368\" srcset=\"https:\/\/www.monta\u00f1asdelaluna.es\/wp-content\/uploads\/2016\/10\/IMG_1988.jpg 1824w, https:\/\/www.monta\u00f1asdelaluna.es\/wp-content\/uploads\/2016\/10\/IMG_1988-300x225.jpg 300w, https:\/\/www.monta\u00f1asdelaluna.es\/wp-content\/uploads\/2016\/10\/IMG_1988-1024x768.jpg 1024w\" sizes=\"auto, (max-width: 1824px) 100vw, 1824px\" \/><\/a><p id=\"caption-attachment-33754\" class=\"wp-caption-text\">El Pic du Midi d&#8217;Ossau impresionante, detr\u00e1s. Delante el Pic de Arriel.<\/p><\/div>\n<p>Los hitos nos llevan a la terrosa cima del Balaitous y ya por senderillo hasta la pir\u00e1mide de m\u00e1stiles de aluminio de su punto m\u00e1s alto. Ya estoy en la cima del Balaitous, a 3.144 mts., mis compa\u00f1eros con Rosa delante ir\u00e1n subiendo y llegando a la cima poco a poco. Hemos tardado justo esas 4 horas, hemos salido a las 08:00 y estamos en la cima a las 12:00 aproximadamente. El tiempo sigue bueno pero aqu\u00ed arriba hay que abrigarse un poco. Las vistas son impresionantes: todo lo descrito anteriormente en la subida pero de golpe (Vignemale, Frondellas, Pic du Midi d\u2019Ossau\u2026) con un solo giro de la cabeza. Aunque ahora tambi\u00e9n podemos ver el lado franc\u00e9s de la monta\u00f1a, tambi\u00e9n escarpado e interesante. Alguna gente aparece por este lado, por una senda vertiginosa.<\/p>\n<p>Ya estamos todos. Almuerzo, fotos de cumbre. No me he quitado ni el casco (es importante por la ca\u00edda de piedras en la Brecha Latour en la subida y despu\u00e9s para los r\u00e1peles en la bajada). Hago alg\u00fan video. Gracias a Luis Segura este verano en Alpes he descubierto que puedo subir un video directo de mi c\u00e1mara a You Tube o Vimeo sin editarlo\u2026 y quedan muy bien si lo haces bien\u2026[vc_separator][\/vc_column_text][\/vc_column][\/vc_row][vc_row][vc_column][vc_empty_space][\/vc_column][\/vc_row][vc_row][vc_column][vc_video link=\u00bbhttps:\/\/vimeo.com\/181648523#t=0s\u00bb title=\u00bbCima del Balaitous\u00bb][\/vc_column][\/vc_row][vc_row][vc_column][vc_empty_space][\/vc_column][\/vc_row][vc_row][vc_column][vc_column_text]Alrededor de media hora despu\u00e9s ya decidimos bajar. Toda la bajada se har\u00e1 deshaciendo el camino, desandando y destrepando (rapelando) lo trepado hasta Respomuso. Pensaba que las bajadas son m\u00e1s r\u00e1pidas y m\u00e1s si son tan directas como \u00e9sta: sin giros extra\u00f1os ni terrenos llanos\u2026 todo valle abajo sin desv\u00edos. Pero los r\u00e1peles con tanta gente siempre nos retrasa.<\/p>\n<p>Algunas nubes para hacer bonito y nieblecilla aparecen para quitar visibilidad al paisaje, pero el tiempo sigue genial. Desandamos r\u00e1pidamente en la bajada hasta llegar a la parte m\u00e1s alta de la Brecha Latour. Los vascos son los \u00fanicos que van delante de nosotros y los \u00fanicos que bajaran rapelando, el resto de gente que ha subido parece que escogen otra v\u00eda de bajada \u00bfLa Gran Diagonal por el Valle de Arriel? Seguramente. No sab\u00eda exactamente donde se encontraba esta v\u00eda, la Gran Diagonal, en el Balaitous, hasta que lo v\u00ed en una foto explicada en internet estos d\u00edas. Tambi\u00e9n interesante y espectacular ruta. Por lo que deduzco que para enlazar una ruta con la otra solamente se puede hacer si llegas a la cima\u2026 a menos que haya un escarpado enlace por las paredes y vertientes verticales entre la salida de la Brecha Latour y la Gran Diagonal bajo la misma cima\u2026 No s\u00e9.<\/p>\n<div id=\"attachment_33764\" style=\"width: 1834px\" class=\"wp-caption aligncenter\"><a class=\"dt-single-image\" href=\"https:\/\/www.monta\u00f1asdelaluna.es\/wp-content\/uploads\/2016\/10\/IMG_1994.jpg\" data-dt-img-description=\"\"><img loading=\"lazy\" decoding=\"async\" aria-describedby=\"caption-attachment-33764\" class=\"wp-image-33764 size-full\" src=\"https:\/\/www.monta\u00f1asdelaluna.es\/wp-content\/uploads\/2016\/10\/IMG_1994.jpg\" alt=\"Al fondo el Vignemale, a la derecha el Gran Facha y a la izquierda el Pic de Cambal\u00e9s y la Peque\u00f1a Facha, delante el Pico Cristales\" width=\"1824\" height=\"1024\" srcset=\"https:\/\/www.monta\u00f1asdelaluna.es\/wp-content\/uploads\/2016\/10\/IMG_1994.jpg 1824w, https:\/\/www.monta\u00f1asdelaluna.es\/wp-content\/uploads\/2016\/10\/IMG_1994-300x168.jpg 300w, https:\/\/www.monta\u00f1asdelaluna.es\/wp-content\/uploads\/2016\/10\/IMG_1994-1024x575.jpg 1024w\" sizes=\"auto, (max-width: 1824px) 100vw, 1824px\" \/><\/a><p id=\"caption-attachment-33764\" class=\"wp-caption-text\">Al fondo el Vignemale, a la derecha el Gran Facha y a la izquierda el Pic de Cambal\u00e9s y la Peque\u00f1a Facha, delante el Pico Cristales<\/p><\/div>\n<div id=\"attachment_33772\" style=\"width: 1034px\" class=\"wp-caption aligncenter\"><a class=\"dt-single-image\" href=\"https:\/\/www.monta\u00f1asdelaluna.es\/wp-content\/uploads\/2016\/10\/IMG_2001.jpg\" data-dt-img-description=\"\"><img loading=\"lazy\" decoding=\"async\" aria-describedby=\"caption-attachment-33772\" class=\"wp-image-33772 size-large\" src=\"https:\/\/www.monta\u00f1asdelaluna.es\/wp-content\/uploads\/2016\/10\/IMG_2001-1024x768.jpg\" alt=\"Delante Rosa subiendo a la cima del Balaitous, detr\u00e1s Los Frondellas\" width=\"1024\" height=\"768\" srcset=\"https:\/\/www.monta\u00f1asdelaluna.es\/wp-content\/uploads\/2016\/10\/IMG_2001-1024x768.jpg 1024w, https:\/\/www.monta\u00f1asdelaluna.es\/wp-content\/uploads\/2016\/10\/IMG_2001-300x225.jpg 300w, https:\/\/www.monta\u00f1asdelaluna.es\/wp-content\/uploads\/2016\/10\/IMG_2001.jpg 1824w\" sizes=\"auto, (max-width: 1024px) 100vw, 1024px\" \/><\/a><p id=\"caption-attachment-33772\" class=\"wp-caption-text\">Delante Rosa subiendo a la cima del Balaitous, detr\u00e1s Los Frondellas<\/p><\/div>\n<div id=\"attachment_33781\" style=\"width: 1034px\" class=\"wp-caption aligncenter\"><a class=\"dt-single-image\" href=\"https:\/\/www.monta\u00f1asdelaluna.es\/wp-content\/uploads\/2016\/10\/IMG_2015.jpg\" data-dt-img-description=\"\"><img loading=\"lazy\" decoding=\"async\" aria-describedby=\"caption-attachment-33781\" class=\"wp-image-33781 size-large\" src=\"https:\/\/www.monta\u00f1asdelaluna.es\/wp-content\/uploads\/2016\/10\/IMG_2015-1024x768.jpg\" alt=\"Francesc, Antoni, Rosa, Olga, Txell, Joaqu\u00edn y Juany en la cima del Balaitous, 3.144 mts.\" width=\"1024\" height=\"768\" srcset=\"https:\/\/www.monta\u00f1asdelaluna.es\/wp-content\/uploads\/2016\/10\/IMG_2015-1024x768.jpg 1024w, https:\/\/www.monta\u00f1asdelaluna.es\/wp-content\/uploads\/2016\/10\/IMG_2015-300x225.jpg 300w, https:\/\/www.monta\u00f1asdelaluna.es\/wp-content\/uploads\/2016\/10\/IMG_2015.jpg 1824w\" sizes=\"auto, (max-width: 1024px) 100vw, 1024px\" \/><\/a><p id=\"caption-attachment-33781\" class=\"wp-caption-text\">Francesc, Antoni, Rosa, Olga, Txell, Joaqu\u00edn y Juany en la cima del Balaitous, 3.144 mts.<\/p><\/div>\n<p>Observo de lejos a los vascos como preparan y bajan por el primer rapel que ir\u00eda casi desde la punta roqueda arriba de la brecha hasta otro punto en medio de la misma. Al cabo de unos minutos \u00e9stos ya han bajado y es entonces cuando llegamos nosotros y preparamos el primer rapel desde la primera y m\u00e1s alta reuni\u00f3n en toda la brecha, casi desde la misma puntita del roquedo. Tenemos una cuerda de 60 mts. de unos 80 ctms., hay que hacer el rapel con cuerda doble lo que nos dar\u00e1 un m\u00e1ximo de 30 mts., insuficiente para ni si quiera la mitad de la bajada por la brecha. Rosa es la encargada, profesionalmente, de preparar el rapel hasta un punto pr\u00f3ximo en la misma pared, no llega a 30 mts. de distancia, pero claro, el desconocimiento exacto de los puntos de reuni\u00f3n nos hace prevenir para no quedarnos sin cuerda en la bajada del rapel.<\/p>\n<p>Bajamos lentos pero seguros. La bajada en rapel con tanta gente y sin los conocimientos f\u00edsicos del lugar, hace que sea lento y pausado. Despu\u00e9s de este primer rapel seguimos destrepando, deshaciendo trepada, por una zona de la pared m\u00e1s segura y mucho menos peligrosa hasta llegar a un balconcito o terracita un poquito m\u00e1s arriba de la \u00faltima clavija o hierro clavado en la pared. Aqu\u00ed la pared es m\u00e1s lisa, vertical, el rapel se har\u00e1 mucho m\u00e1s \u201climpio\u201d que el anterior. El primer rapel al no estar la pared vertical del todo y al tener que lidiar con los perfiles abruptos de la misma, se hab\u00eda hecho con m\u00e1s molestias a la hora de bajar. En este segundo rapel filmo con mi Canon como bajan los \u00faltimos hasta que llega mi turno (el \u00faltimo, como siempre). Desde este rapel bajamos ya al lecho de la brecha, a su fondo en medio de las dos paredes, pero no abajo del todo de la misma\u2026 a\u00fan nos queda bajada.<\/p>\n<div id=\"attachment_33786\" style=\"width: 1834px\" class=\"wp-caption aligncenter\"><a class=\"dt-single-image\" href=\"https:\/\/www.monta\u00f1asdelaluna.es\/wp-content\/uploads\/2016\/10\/IMG_2025.jpg\" data-dt-img-description=\"\"><img loading=\"lazy\" decoding=\"async\" aria-describedby=\"caption-attachment-33786\" class=\"wp-image-33786 size-full\" src=\"https:\/\/www.monta\u00f1asdelaluna.es\/wp-content\/uploads\/2016\/10\/IMG_2025.jpg\" alt=\"Bajando del Balaitous el Gran Facha en el centro y el Vignemale al fondo\" width=\"1824\" height=\"1368\" srcset=\"https:\/\/www.monta\u00f1asdelaluna.es\/wp-content\/uploads\/2016\/10\/IMG_2025.jpg 1824w, https:\/\/www.monta\u00f1asdelaluna.es\/wp-content\/uploads\/2016\/10\/IMG_2025-300x225.jpg 300w, https:\/\/www.monta\u00f1asdelaluna.es\/wp-content\/uploads\/2016\/10\/IMG_2025-1024x768.jpg 1024w\" sizes=\"auto, (max-width: 1824px) 100vw, 1824px\" \/><\/a><p id=\"caption-attachment-33786\" class=\"wp-caption-text\">Bajando del Balaitous el Gran Facha en el centro y el Vignemale al fondo<\/p><\/div>\n<div id=\"attachment_33799\" style=\"width: 1034px\" class=\"wp-caption aligncenter\"><a class=\"dt-single-image\" href=\"https:\/\/www.monta\u00f1asdelaluna.es\/wp-content\/uploads\/2016\/10\/IMG_2043.jpg\" data-dt-img-description=\"\"><img loading=\"lazy\" decoding=\"async\" aria-describedby=\"caption-attachment-33799\" class=\"wp-image-33799 size-large\" src=\"https:\/\/www.monta\u00f1asdelaluna.es\/wp-content\/uploads\/2016\/10\/IMG_2043-1024x768.jpg\" alt=\"Rosa en el primer rapel de la Brecha Latour\" width=\"1024\" height=\"768\" srcset=\"https:\/\/www.monta\u00f1asdelaluna.es\/wp-content\/uploads\/2016\/10\/IMG_2043-1024x768.jpg 1024w, https:\/\/www.monta\u00f1asdelaluna.es\/wp-content\/uploads\/2016\/10\/IMG_2043-300x225.jpg 300w, https:\/\/www.monta\u00f1asdelaluna.es\/wp-content\/uploads\/2016\/10\/IMG_2043.jpg 1824w\" sizes=\"auto, (max-width: 1024px) 100vw, 1024px\" \/><\/a><p id=\"caption-attachment-33799\" class=\"wp-caption-text\">Rosa en el primer rapel de la Brecha Latour<\/p><\/div>\n<div id=\"attachment_33806\" style=\"width: 1034px\" class=\"wp-caption aligncenter\"><a class=\"dt-single-image\" href=\"https:\/\/www.monta\u00f1asdelaluna.es\/wp-content\/uploads\/2016\/10\/IMG_2057.jpg\" data-dt-img-description=\"\"><img loading=\"lazy\" decoding=\"async\" aria-describedby=\"caption-attachment-33806\" class=\"wp-image-33806 size-large\" src=\"https:\/\/www.monta\u00f1asdelaluna.es\/wp-content\/uploads\/2016\/10\/IMG_2057-1024x768.jpg\" alt=\"Olga en el primer rapel de la Brecha Latour\" width=\"1024\" height=\"768\" srcset=\"https:\/\/www.monta\u00f1asdelaluna.es\/wp-content\/uploads\/2016\/10\/IMG_2057-1024x768.jpg 1024w, https:\/\/www.monta\u00f1asdelaluna.es\/wp-content\/uploads\/2016\/10\/IMG_2057-300x225.jpg 300w, https:\/\/www.monta\u00f1asdelaluna.es\/wp-content\/uploads\/2016\/10\/IMG_2057.jpg 1824w\" sizes=\"auto, (max-width: 1024px) 100vw, 1024px\" \/><\/a><p id=\"caption-attachment-33806\" class=\"wp-caption-text\">Olga en el primer rapel de la Brecha Latour<\/p><\/div>\n<p>Una vez todos reunidos en el lecho de la brecha, entre piedras y rocas que se mueven en medio del mismo barranco, montamos otro rapel para intentar bajar lo que queda de brecha, y as\u00ed lo hacemos: en la pared de la izquierda seg\u00fan bajamos y en mitad del inclinado lecho de la brecha, una reuni\u00f3n nos indica que desde aqu\u00ed podemos descolgar la cuerda para montar un rapel. Este tercer rapel quiere saldar la brecha completamente. Es menos limpio que el primero, con algunos golpes y giros en la ca\u00edda mientras rapelamos, ya que pasa por en medio del inestable fondo o lecho de la brecha con todos sus escarpes, perfiles angulosos o picudos\u2026 nada liso y f\u00e1cil. Como siempre yo bajo el \u00faltimo. Curiosamente este tercer rapel baja tanto que cuando pensamos que ya hemos salido de la brecha, giramos a la izquierda, bordeando el pilar de la pared por la que hemos escalado, para meternos bajo este\u2026 hasta que la cuerda se acaba \u00a1No hay m\u00e1s cuerda! \u00a1Qu\u00e9 peligro! No son los pasos de subida los que desandamos ahora, es como si nos hubi\u00e9ramos metido en una mini brecha a la derecha de la Brecha Latour seg\u00fan la miras desde abajo.<\/p>\n<p>Llegados a este punto en el que hemos acabado la bajada de la Brecha Latour, bajamos esta mini brecha por debajo de los pilares de la pared por la que hemos rapelado\u2026 a\u00fan nos queda un cuarto rapel. Quiz\u00e1s si hubi\u00e9ramos desandado el camino de subida no hubi\u00e9ramos encontrado este cuarto rapel, pero el recorrido de aproximaci\u00f3n hasta la base de la brecha, en la parte de roca y casi trepada, podr\u00eda llegar a ser algo delicada para bajar. As\u00ed que seguimos f\u00e1cil bajo la pared fuera de la brecha hasta que nos queda una pared lisa a la izquierda y otra reuni\u00f3n para bajar por este lado en rapel. Realmente ya no hay pared ni roca, pero la pendiente de bajada sigue estando muy inclinada y hay que cruzar algunos neveros supervivientes de este verano. Con lo que hacemos un cuarto y f\u00e1cil rapel para cruzar un nevero inclinado hasta llegar a una parte de piedras y tierra la cual cruzamos hacia el fondo del vallecillo, en busca de las huellas de otro nevero m\u00e1s abajo que son las que dejamos en la subida.[\/vc_column_text][\/vc_column][\/vc_row][vc_row][vc_column][vc_empty_space][\/vc_column][\/vc_row][vc_row][vc_column][vc_video link=\u00bbhttps:\/\/youtu.be\/FBX3g-Tes7g\u00bb title=\u00bbRapel en Brecha Latour\u00bb][\/vc_column][\/vc_row][vc_row][vc_column][vc_empty_space][\/vc_column][\/vc_row][vc_row][vc_column][vc_column_text]Despu\u00e9s de solventar este \u00faltimo rapel, esta \u00faltima bajada con la cuerda, la guardamos y seguimos por los neveritos de abajo hasta el lugar o punto donde giramos hacia la bajada, recorrido o vallecillo hacia Respomuso. Curiosamente a partir de este punto y en su mismo giro, ves o no ves la escondida Brecha Latour (como indico a la subida). Seguido a este punto de roca madre como si fuera un mini espol\u00f3n poco inclinado que baja de la Aguja Cadier, nos encontramos con el campo de rocas sueltas. Aqu\u00ed nos paramos a comer algo. Ser\u00e1n cerca de las 5 de la tarde cuando reemprendamos la marcha de bajada \u00a1Tan tarde! Los r\u00e1peles nos han entretenido demasiado\u2026<\/p>\n<div id=\"attachment_33810\" style=\"width: 1034px\" class=\"wp-caption aligncenter\"><a class=\"dt-single-image\" href=\"https:\/\/www.monta\u00f1asdelaluna.es\/wp-content\/uploads\/2016\/10\/IMG_2064.jpg\" data-dt-img-description=\"\"><img loading=\"lazy\" decoding=\"async\" aria-describedby=\"caption-attachment-33810\" class=\"wp-image-33810 size-large\" src=\"https:\/\/www.monta\u00f1asdelaluna.es\/wp-content\/uploads\/2016\/10\/IMG_2064-1024x768.jpg\" alt=\"Destrepando hasta el segundo rapel\" width=\"1024\" height=\"768\" srcset=\"https:\/\/www.monta\u00f1asdelaluna.es\/wp-content\/uploads\/2016\/10\/IMG_2064-1024x768.jpg 1024w, https:\/\/www.monta\u00f1asdelaluna.es\/wp-content\/uploads\/2016\/10\/IMG_2064-300x225.jpg 300w, https:\/\/www.monta\u00f1asdelaluna.es\/wp-content\/uploads\/2016\/10\/IMG_2064.jpg 1824w\" sizes=\"auto, (max-width: 1024px) 100vw, 1024px\" \/><\/a><p id=\"caption-attachment-33810\" class=\"wp-caption-text\">Destrepando hasta el segundo rapel<\/p><\/div>\n<div id=\"attachment_33820\" style=\"width: 832px\" class=\"wp-caption aligncenter\"><a class=\"dt-single-image\" href=\"https:\/\/www.monta\u00f1asdelaluna.es\/wp-content\/uploads\/2016\/10\/IMG_2080.jpg\" data-dt-img-description=\"\"><img loading=\"lazy\" decoding=\"async\" aria-describedby=\"caption-attachment-33820\" class=\"wp-image-33820 \" src=\"https:\/\/www.monta\u00f1asdelaluna.es\/wp-content\/uploads\/2016\/10\/IMG_2080.jpg\" alt=\"Olga en el tercer rapel en la Brecha Latour, detr\u00e1s el Pico Soulano\" width=\"822\" height=\"1096\" srcset=\"https:\/\/www.monta\u00f1asdelaluna.es\/wp-content\/uploads\/2016\/10\/IMG_2080.jpg 1368w, https:\/\/www.monta\u00f1asdelaluna.es\/wp-content\/uploads\/2016\/10\/IMG_2080-225x300.jpg 225w, https:\/\/www.monta\u00f1asdelaluna.es\/wp-content\/uploads\/2016\/10\/IMG_2080-768x1024.jpg 768w\" sizes=\"auto, (max-width: 822px) 100vw, 822px\" \/><\/a><p id=\"caption-attachment-33820\" class=\"wp-caption-text\">Olga en el tercer rapel en la Brecha Latour, detr\u00e1s el Pico Soulano<\/p><\/div>\n<div id=\"attachment_33822\" style=\"width: 1034px\" class=\"wp-caption aligncenter\"><a class=\"dt-single-image\" href=\"https:\/\/www.monta\u00f1asdelaluna.es\/wp-content\/uploads\/2016\/10\/IMG_2083.jpg\" data-dt-img-description=\"\"><img loading=\"lazy\" decoding=\"async\" aria-describedby=\"caption-attachment-33822\" class=\"wp-image-33822 size-large\" src=\"https:\/\/www.monta\u00f1asdelaluna.es\/wp-content\/uploads\/2016\/10\/IMG_2083-1024x768.jpg\" alt=\"Rosa en el cuarto y \u00faltimo rapel bajo la Brecha Latour\" width=\"1024\" height=\"768\" srcset=\"https:\/\/www.monta\u00f1asdelaluna.es\/wp-content\/uploads\/2016\/10\/IMG_2083-1024x768.jpg 1024w, https:\/\/www.monta\u00f1asdelaluna.es\/wp-content\/uploads\/2016\/10\/IMG_2083-300x225.jpg 300w, https:\/\/www.monta\u00f1asdelaluna.es\/wp-content\/uploads\/2016\/10\/IMG_2083.jpg 1824w\" sizes=\"auto, (max-width: 1024px) 100vw, 1024px\" \/><\/a><p id=\"caption-attachment-33822\" class=\"wp-caption-text\">Rosa en el cuarto y \u00faltimo rapel bajo la Brecha Latour<\/p><\/div>\n<p>Estupendo bocadillo con lechuga, queso, mantequilla\u2026 de los m\u00edos. Olga se queda alucinada y le hace una foto. Hay que alimentarse bien y con lo que te gusta. Vistas hacia la Cresta del Diablo; aparte de no cansarnos de verla, es que la tenemos justo enfrente a la izquierda y es imposible no admirarla. Poco a poco se descubrir\u00e1 de nuevo al fondo, ahora enfrente de nosotros, justo en la bajada, los formidables y puntiagudos picos del Circo de Piedrafita sobre el Embalse de Respomuso (que a\u00fan tardaremos en verlo) \u00a1Espectaculares! Detr\u00e1s aparece el murall\u00f3n alto y singular de los Picos del Infierno, precioso. El solo hecho de subir por estos lares para contemplar el paisaje abrupto y alpino de este rinc\u00f3n de los Pirineos, ya merece mucho la pena la visita.<\/p>\n<p>Ahora en la bajada desde el campo de rocas y viendo lo tarde que se estaba haciendo, la intento hacerla r\u00e1pida. Pero no todos mis compa\u00f1eros la pueden hacer al mismo paso, el cansancio hace mella en alguno de ellos. Intentamos desandar lo subido, justo hasta el Refugio de Respomuso, por los mismos senderos y siguiendo los mismos hitos. Pero no hay p\u00e9rdida. La altura la debes de ir perdiendo paulatinamente sin irte al fondo del barranco que queda ahora a la izquierda, el Barranco de Respomuso. Algunos de los laguitos del barranco intentan asomarse sin mucho \u00e9xito\u2026 parece que es profundo el vallecillo.<\/p>\n<p>Por suerte el tiempo nos ha respetado y el d\u00eda ha sido espl\u00e9ndido. Menos mal porque al final estar\u00edamos toda la jornada de actividad en la monta\u00f1a. Incluso la peque\u00f1a ola de calor no nos ha afectado. Nos hemos abrigado en la cumbre del Balaitous y todo.<\/p>\n<div id=\"attachment_33829\" style=\"width: 1034px\" class=\"wp-caption aligncenter\"><a class=\"dt-single-image\" href=\"https:\/\/www.monta\u00f1asdelaluna.es\/wp-content\/uploads\/2016\/10\/IMG_2096.jpg\" data-dt-img-description=\"\"><img loading=\"lazy\" decoding=\"async\" aria-describedby=\"caption-attachment-33829\" class=\"wp-image-33829 size-large\" src=\"https:\/\/www.monta\u00f1asdelaluna.es\/wp-content\/uploads\/2016\/10\/IMG_2096-1024x768.jpg\" alt=\"Descanso para comer, al fondo los Picos del Infierno\" width=\"1024\" height=\"768\" srcset=\"https:\/\/www.monta\u00f1asdelaluna.es\/wp-content\/uploads\/2016\/10\/IMG_2096-1024x768.jpg 1024w, https:\/\/www.monta\u00f1asdelaluna.es\/wp-content\/uploads\/2016\/10\/IMG_2096-300x225.jpg 300w, https:\/\/www.monta\u00f1asdelaluna.es\/wp-content\/uploads\/2016\/10\/IMG_2096.jpg 1824w\" sizes=\"auto, (max-width: 1024px) 100vw, 1024px\" \/><\/a><p id=\"caption-attachment-33829\" class=\"wp-caption-text\">Descanso para comer, al fondo los Picos del Infierno<\/p><\/div>\n<div id=\"attachment_33833\" style=\"width: 830px\" class=\"wp-caption aligncenter\"><a class=\"dt-single-image\" href=\"https:\/\/www.monta\u00f1asdelaluna.es\/wp-content\/uploads\/2016\/10\/IMG_2099A.jpg\" data-dt-img-description=\"\"><img loading=\"lazy\" decoding=\"async\" aria-describedby=\"caption-attachment-33833\" class=\"wp-image-33833 \" src=\"https:\/\/www.monta\u00f1asdelaluna.es\/wp-content\/uploads\/2016\/10\/IMG_2099A.jpg\" alt=\"Joaqu\u00edn bajando a Respomuso\" width=\"820\" height=\"928\" srcset=\"https:\/\/www.monta\u00f1asdelaluna.es\/wp-content\/uploads\/2016\/10\/IMG_2099A.jpg 1413w, https:\/\/www.monta\u00f1asdelaluna.es\/wp-content\/uploads\/2016\/10\/IMG_2099A-265x300.jpg 265w, https:\/\/www.monta\u00f1asdelaluna.es\/wp-content\/uploads\/2016\/10\/IMG_2099A-905x1024.jpg 905w\" sizes=\"auto, (max-width: 820px) 100vw, 820px\" \/><\/a><p id=\"caption-attachment-33833\" class=\"wp-caption-text\">Joaqu\u00edn bajando a Respomuso<\/p><\/div>\n<div id=\"attachment_33835\" style=\"width: 1834px\" class=\"wp-caption aligncenter\"><a class=\"dt-single-image\" href=\"https:\/\/www.monta\u00f1asdelaluna.es\/wp-content\/uploads\/2016\/10\/IMG_2102.jpg\" data-dt-img-description=\"\"><img loading=\"lazy\" decoding=\"async\" aria-describedby=\"caption-attachment-33835\" class=\"wp-image-33835 size-full\" src=\"https:\/\/www.monta\u00f1asdelaluna.es\/wp-content\/uploads\/2016\/10\/IMG_2102.jpg\" alt=\"Picos del Infierno con el Occidental a la derecha, Oriental a la izquierda y Central en el centro; bajo ellos el Collado de Piedrafita\" width=\"1824\" height=\"1368\" srcset=\"https:\/\/www.monta\u00f1asdelaluna.es\/wp-content\/uploads\/2016\/10\/IMG_2102.jpg 1824w, https:\/\/www.monta\u00f1asdelaluna.es\/wp-content\/uploads\/2016\/10\/IMG_2102-300x225.jpg 300w, https:\/\/www.monta\u00f1asdelaluna.es\/wp-content\/uploads\/2016\/10\/IMG_2102-1024x768.jpg 1024w\" sizes=\"auto, (max-width: 1824px) 100vw, 1824px\" \/><\/a><p id=\"caption-attachment-33835\" class=\"wp-caption-text\">Picos del Infierno con el Occidental a la derecha, Oriental a la izquierda y Central en el centro; bajo ellos el Collado de Piedrafita<\/p><\/div>\n<p>La bajada la hago r\u00e1pida. Detr\u00e1s de mi me siguen mis compa\u00f1eros. Txell y Olga van m\u00e1s retrasadas, pero Francesc les acompa\u00f1a. Me acuerdo de los rincones e hitos pasados en la subida y me adelanto. Pero espero de tanto en tanto al grueso de los compa\u00f1eros; mientras hago fotos al paisaje envidiable que se vislumbra desde aqu\u00ed, desde algunos puntos de la bajada: Los Infiernos son el blanco de mi objetivo y su zoom. Y yo soy el blanco de la c\u00e1mara de Juany por enfilarme a un pe\u00f1asco sobresaliente en forma de balc\u00f3n.<\/p>\n<p>En poco tiempo llego a la \u00faltima ladera herbosa de bajada al refugio. Ya comienza verse el Embalse de Respomuso y al poco tiempo su refugio. Bajo r\u00e1pido para no perder mucho tiempo en llegar al coche y a casa\u2026 pero me parece que no llegaremos temprano. Ya estoy en el Refugio de Respomuso. Son las 7 de la tarde. Al poco tiempo llega Juany, Antoni, Rosa\u2026 Olga, Txell y Francesc poco m\u00e1s tarde. Recogemos las cosas. No tengo una moneda suelta para llamar a Anna y decirle que hemos bajada tarde y que llegaremos muy tarde a casa. Espero en la terraza de entrada del refugio con mi mochila ya a punto. Hay un guiri que est\u00e1 cruzando los Pirineos en solitario y no tiene ni papa de espa\u00f1ol. Dice que quiere subir a la Brecha Latour, subir al Balaitous, bajar a la brecha de nuevo y antes de bajarla dirigirse al Col Noir al oeste de la cima de la monta\u00f1a para pasar el Pirineo Franc\u00e9s. Intentamos decirle como est\u00e1 el tema all\u00e1 arriba, que va cargado con una mochila de traves\u00eda y que los pasos pueden ser peligrosos\u2026 no hay manera; \u00abel Alpina dice que hay paso, y hay paso\u201d parece que nos dice en un ingl\u00e9s raro el guiri se\u00f1alando el susodicho mapa\u2026 \u00a1Haaa, si supiera c\u00f3mo cambia a veces el terreno comparado con los mapas!<\/p>\n<div id=\"attachment_33840\" style=\"width: 1034px\" class=\"wp-caption aligncenter\"><a class=\"dt-single-image\" href=\"https:\/\/www.monta\u00f1asdelaluna.es\/wp-content\/uploads\/2016\/10\/IMG_2111.jpg\" data-dt-img-description=\"\"><img loading=\"lazy\" decoding=\"async\" aria-describedby=\"caption-attachment-33840\" class=\"wp-image-33840 size-large\" src=\"https:\/\/www.monta\u00f1asdelaluna.es\/wp-content\/uploads\/2016\/10\/IMG_2111-1024x768.jpg\" alt=\"Embalse y Refugio de Respomuso\" width=\"1024\" height=\"768\" srcset=\"https:\/\/www.monta\u00f1asdelaluna.es\/wp-content\/uploads\/2016\/10\/IMG_2111-1024x768.jpg 1024w, https:\/\/www.monta\u00f1asdelaluna.es\/wp-content\/uploads\/2016\/10\/IMG_2111-300x225.jpg 300w, https:\/\/www.monta\u00f1asdelaluna.es\/wp-content\/uploads\/2016\/10\/IMG_2111.jpg 1824w\" sizes=\"auto, (max-width: 1024px) 100vw, 1024px\" \/><\/a><p id=\"caption-attachment-33840\" class=\"wp-caption-text\">Embalse y Refugio de Respomuso<\/p><\/div>\n<div id=\"attachment_33842\" style=\"width: 1034px\" class=\"wp-caption aligncenter\"><a class=\"dt-single-image\" href=\"https:\/\/www.monta\u00f1asdelaluna.es\/wp-content\/uploads\/2016\/10\/IMG_2113.jpg\" data-dt-img-description=\"\"><img loading=\"lazy\" decoding=\"async\" aria-describedby=\"caption-attachment-33842\" class=\"wp-image-33842 size-large\" src=\"https:\/\/www.monta\u00f1asdelaluna.es\/wp-content\/uploads\/2016\/10\/IMG_2113-1024x768.jpg\" alt=\"Atr\u00e1s queda el Refugio de Respomuso y el picudo Pico de Llena Cantal\" width=\"1024\" height=\"768\" srcset=\"https:\/\/www.monta\u00f1asdelaluna.es\/wp-content\/uploads\/2016\/10\/IMG_2113-1024x768.jpg 1024w, https:\/\/www.monta\u00f1asdelaluna.es\/wp-content\/uploads\/2016\/10\/IMG_2113-300x225.jpg 300w, https:\/\/www.monta\u00f1asdelaluna.es\/wp-content\/uploads\/2016\/10\/IMG_2113.jpg 1824w\" sizes=\"auto, (max-width: 1024px) 100vw, 1024px\" \/><\/a><p id=\"caption-attachment-33842\" class=\"wp-caption-text\">Atr\u00e1s queda el Refugio de Respomuso y el picudo Pico de Llena Cantal<\/p><\/div>\n<p>Son las 8 de la tarde cuando comenzamos la bajada del Refugio de Respomuso al coche, aparcado en el Embalse de La Sarra. Quiero ir r\u00e1pido, el tiempo apremia, pero nos coge la noche. Todos sacan sus frontales, yo no me paro ni para eso y en plena noche intento guiarme por mi poca vista y los destellos del frontal de Rosa que sigue detr\u00e1s de m\u00ed. Cuando veo que me alejo y no me llega su haz de luz, me paro pocos segundos hasta que ya veo al acercarse ella. Se hace larga la bajada, solo hay que desandar el trayecto por la magn\u00edfica senda y camino que hemos hecho para subir al refugio. Una parada para reagrupar. Pocos minutos y sigo bajando con la velocidad y la prisa que me d\u00e1 la vista de poder moverme a oscuras por esta senda.<\/p>\n<div id=\"attachment_33998\" style=\"width: 831px\" class=\"wp-caption aligncenter\"><a class=\"dt-single-image\" href=\"https:\/\/www.monta\u00f1asdelaluna.es\/wp-content\/uploads\/2016\/09\/RapelesBrechaLatour.jpg\" data-dt-img-description=\"\"><img loading=\"lazy\" decoding=\"async\" aria-describedby=\"caption-attachment-33998\" class=\"wp-image-33998 \" src=\"https:\/\/www.monta\u00f1asdelaluna.es\/wp-content\/uploads\/2016\/09\/RapelesBrechaLatour.jpg\" alt=\"Puntos aproximados donde est\u00e1n las reuniones de los 4 rapeles realizados\" width=\"821\" height=\"1095\" srcset=\"https:\/\/www.monta\u00f1asdelaluna.es\/wp-content\/uploads\/2016\/09\/RapelesBrechaLatour.jpg 1368w, https:\/\/www.monta\u00f1asdelaluna.es\/wp-content\/uploads\/2016\/09\/RapelesBrechaLatour-225x300.jpg 225w, https:\/\/www.monta\u00f1asdelaluna.es\/wp-content\/uploads\/2016\/09\/RapelesBrechaLatour-768x1024.jpg 768w\" sizes=\"auto, (max-width: 821px) 100vw, 821px\" \/><\/a><p id=\"caption-attachment-33998\" class=\"wp-caption-text\">Puntos aproximados donde est\u00e1n las reuniones de los 4 rapeles realizados<\/p><\/div>\n<p>Son las 10 de la noche cuando llegamos al coche. Por fin puedo llamar a Anna\u2026 \u00a1Que cabreo que lleva! Menos mal que ha podido llamar a las 7\u201930 al refugio y le han dicho que ya baj\u00e1bamos. Y con esta marcha nocturna y fren\u00e9tica acaba una actividad incre\u00edble y fabulosa. No cre\u00eda que la Brecha Latour tuviera tantos r\u00e1peles. Ha sido incluso casi m\u00e1s excepcional que la subida al Pic du Midi d\u2019Ossau, por el tramo de la Brecha Latour. Verdadero faro de los tresmiles m\u00e1s occidentales del Pirineo, mirador casi del Pirineo atl\u00e1ntico hacia el oeste y del comienzo del Pirineo m\u00e1s alto hacia el este\u2026 ya me he quitado la espinita Jes\u00fas Santana. Y ha merecido la pena, es una monta\u00f1a que hay que hacerla. No hay que perd\u00e9rsela.<\/p>\n<div id=\"attachment_33997\" style=\"width: 869px\" class=\"wp-caption aligncenter\"><a class=\"dt-single-image\" href=\"https:\/\/www.monta\u00f1asdelaluna.es\/wp-content\/uploads\/2016\/09\/balaitous.croquis.web_.jpg\" data-dt-img-description=\"\"><img loading=\"lazy\" decoding=\"async\" aria-describedby=\"caption-attachment-33997\" class=\"wp-image-33997 size-full\" src=\"https:\/\/www.monta\u00f1asdelaluna.es\/wp-content\/uploads\/2016\/09\/balaitous.croquis.web_.jpg\" alt=\"Croquis de la ascensi\u00f3n al Balaitous por la Brecha Latour. Punto Rojo: pasos de la Brecha Latour (escalada y r\u00e1peles).\" width=\"859\" height=\"986\" srcset=\"https:\/\/www.monta\u00f1asdelaluna.es\/wp-content\/uploads\/2016\/09\/balaitous.croquis.web_.jpg 859w, https:\/\/www.monta\u00f1asdelaluna.es\/wp-content\/uploads\/2016\/09\/balaitous.croquis.web_-261x300.jpg 261w\" sizes=\"auto, (max-width: 859px) 100vw, 859px\" \/><\/a><p id=\"caption-attachment-33997\" class=\"wp-caption-text\">Croquis de la ascensi\u00f3n al Balaitous por la Brecha Latour. Punto Rojo: pasos de la Brecha Latour (escalada y r\u00e1peles).<\/p><\/div>\n<p>[\/vc_column_text][\/vc_column][\/vc_row][vc_row][vc_column][vc_empty_space height=\u00bb60px\u00bb][\/vc_column][\/vc_row][vc_row][vc_column][vc_cta h2=\u00bb\u00c1lbum de fotos\u00bb txt_align=\u00bbcenter\u00bb add_button=\u00bbbottom\u00bb btn_title=\u00bbVer fotos\u00bb btn_color=\u00bbwarning\u00bb btn_align=\u00bbcenter\u00bb btn_link=\u00bburl:https%3A%2F%2Fmonta%C3%B1asdelaluna.es%2F%3Fdt_gallery%3Dbalaitous-1o-parte-respomuso-y-brecha-latour-2|title:Balaitous.%201%C2%BA%20Parte%3A%20Respomuso%20y%20Brecha%20Latour|target:_blank\u00bb css=\u00bb.vc_custom_1625773855088{background-color: #8bc4ed !important;}\u00bb]Puedes ver una 1\u00ba parte de las fotos del relato y actividad en forma de presentaci\u00f3n o individuales pinchando aqui \u00a1No te las pierdas![\/vc_cta][\/vc_column][\/vc_row][vc_row][vc_column][vc_empty_space][\/vc_column][\/vc_row][vc_row][vc_column][vc_cta h2=\u00bb\u00c1lbum de fotos\u00bb txt_align=\u00bbcenter\u00bb add_button=\u00bbbottom\u00bb btn_title=\u00bbVer fotos\u00bb btn_color=\u00bbwarning\u00bb btn_align=\u00bbcenter\u00bb btn_link=\u00bburl:https%3A%2F%2Fmonta%C3%B1asdelaluna.es%2F%3Fdt_gallery%3Dbalaitous-2o-parte-cima-y-bajada-2|title:Balaitous.%202%C2%BA%20parte%3A%20Cima%20y%20bajada|target:_blank\u00bb css=\u00bb.vc_custom_1625773871961{background-color: #8bc4ed !important;}\u00bb]Puedes ver una 2\u00ba parte de las fotos del relato y actividad en forma de presentaci\u00f3n o individuales pinchando aqui \u00a1No te las pierdas![\/vc_cta][\/vc_column][\/vc_row][vc_row][vc_column][vc_empty_space height=\u00bb60px\u00bb][\/vc_column][\/vc_row][vc_row][vc_column width=\u00bb1\/3&#8243;][\/vc_column][vc_column width=\u00bb1\/2&#8243;][vc_raw_html]JTNDaWZyYW1lJTIwc3JjJTNEJTIyaHR0cHMlM0ElMkYlMkZ3d3cubWV0ZW9ibHVlLmNvbSUyRmVzJTJGdGllbXBvJTJGd2lkZ2V0JTJGZGFpbHklMkZwaWMtYmFsYSUyNWMzJTI1YWZ0b3VzX2VzcGElMjVjMyUyNWIxYV8zMDM1MjE5JTNGZ2VvbG9jJTNEZml4ZWQlMjZkYXlzJTNENyUyNnRlbXB1bml0JTNEQ0VMU0lVUyUyNndpbmR1bml0JTNES0lMT01FVEVSX1BFUl9IT1VSJTI2Y29sb3VyZWQlM0Rjb2xvdXJlZCUyNnBpY3RvaWNvbiUzRDElMjZtYXh0ZW1wZXJhdHVyZSUzRDElMjZtaW50ZW1wZXJhdHVyZSUzRDElMjZ3aW5kc3BlZWQlM0QxJTI2d2luZGd1c3QlM0QxJTI2d2luZGRpcmVjdGlvbiUzRDElMjZwcmVjaXBpdGF0aW9uJTNEMSUyNnByZWNpcGl0YXRpb25wcm9iYWJpbGl0eSUzRDElMjZzcG90JTNEMSUyNnByZXNzdXJlJTNEMSUyNmxheW91dCUzRGxpZ2h0JTIyJTIwJTIwZnJhbWVib3JkZXIlM0QlMjIwJTIyJTIwc2Nyb2xsaW5nJTNEJTIyTk8lMjIlMjBhbGxvd3RyYW5zcGFyZW5jeSUzRCUyMnRydWUlMjIlMjBzYW5kYm94JTNEJTIyYWxsb3ctc2FtZS1vcmlnaW4lMjBhbGxvdy1zY3JpcHRzJTIwYWxsb3ctcG9wdXBzJTIyJTIwc3R5bGUlM0QlMjJ3aWR0aCUzQSUyMDM3OHB4JTNCaGVpZ2h0JTNBJTIwNDEzcHglMjIlM0UlM0MlMkZpZnJhbWUlM0UlM0NkaXYlM0UlM0MlMjEtLSUyMERPJTIwTk9UJTIwUkVNT1ZFJTIwVEhJUyUyMExJTkslMjAtLSUzRSUzQ2ElMjBocmVmJTNEJTIyaHR0cHMlM0ElMkYlMkZ3d3cubWV0ZW9ibHVlLmNvbSUyRmVzJTJGdGllbXBvJTJGcHJvbm9zdGljbyUyRnNlbWFuYSUyRnBpYy1iYWxhJTI1YzMlMjVhZnRvdXNfZXNwYSUyNWMzJTI1YjFhXzMwMzUyMTklM0Z1dG1fc291cmNlJTNEd2VhdGhlcl93aWRnZXQlMjZ1dG1fbWVkaXVtJTNEbGlua3VzJTI2dXRtX2NvbnRlbnQlM0RkYWlseSUyNnV0bV9jYW1wYWlnbiUzRFdlYXRoZXIlMjUyQldpZGdldCUyMiUyMHRhcmdldCUzRCUyMl9ibGFuayUyMiUzRW1ldGVvYmx1ZSUzQyUyRmElM0UlM0MlMkZkaXYlM0U=[\/vc_raw_html][\/vc_column][vc_column width=\u00bb1\/5&#8243;][\/vc_column][\/vc_row]<\/p>\n","protected":false},"excerpt":{"rendered":"<p>[vc_row][vc_column][vc_column_text]Recuerdo aquella decisi\u00f3n con los compa\u00f1eros del Centro Excursionista Almorad\u00ed en la tienda de campa\u00f1a aquel principio de primavera en la Semana Santa del 2.006: un grupo quer\u00eda subir el Balaitous, y Sara y David el Gran Facha. Jes\u00fas y yo al final nos decidimos por acompa\u00f1ar a Sara y David para conquistar la puntiaguda&hellip;<\/p>\n","protected":false},"author":1,"featured_media":33764,"comment_status":"open","ping_status":"open","sticky":false,"template":"","format":"standard","meta":[],"categories":[127],"tags":[],"class_list":["post-33905","post","type-post","status-publish","format-standard","has-post-thumbnail","hentry","category-pirineo-central-atlantico","category-127","description-off"],"_links":{"self":[{"href":"https:\/\/www.monta\u00f1asdelaluna.es\/index.php?rest_route=\/wp\/v2\/posts\/33905","targetHints":{"allow":["GET"]}}],"collection":[{"href":"https:\/\/www.monta\u00f1asdelaluna.es\/index.php?rest_route=\/wp\/v2\/posts"}],"about":[{"href":"https:\/\/www.monta\u00f1asdelaluna.es\/index.php?rest_route=\/wp\/v2\/types\/post"}],"author":[{"embeddable":true,"href":"https:\/\/www.monta\u00f1asdelaluna.es\/index.php?rest_route=\/wp\/v2\/users\/1"}],"replies":[{"embeddable":true,"href":"https:\/\/www.monta\u00f1asdelaluna.es\/index.php?rest_route=%2Fwp%2Fv2%2Fcomments&post=33905"}],"version-history":[{"count":12,"href":"https:\/\/www.monta\u00f1asdelaluna.es\/index.php?rest_route=\/wp\/v2\/posts\/33905\/revisions"}],"predecessor-version":[{"id":50126,"href":"https:\/\/www.monta\u00f1asdelaluna.es\/index.php?rest_route=\/wp\/v2\/posts\/33905\/revisions\/50126"}],"wp:featuredmedia":[{"embeddable":true,"href":"https:\/\/www.monta\u00f1asdelaluna.es\/index.php?rest_route=\/wp\/v2\/media\/33764"}],"wp:attachment":[{"href":"https:\/\/www.monta\u00f1asdelaluna.es\/index.php?rest_route=%2Fwp%2Fv2%2Fmedia&parent=33905"}],"wp:term":[{"taxonomy":"category","embeddable":true,"href":"https:\/\/www.monta\u00f1asdelaluna.es\/index.php?rest_route=%2Fwp%2Fv2%2Fcategories&post=33905"},{"taxonomy":"post_tag","embeddable":true,"href":"https:\/\/www.monta\u00f1asdelaluna.es\/index.php?rest_route=%2Fwp%2Fv2%2Ftags&post=33905"}],"curies":[{"name":"wp","href":"https:\/\/api.w.org\/{rel}","templated":true}]}}