{"id":34322,"date":"2006-05-01T09:24:21","date_gmt":"2006-05-01T09:24:21","guid":{"rendered":"http:\/\/monta\u00f1asdelaluna.com\/?p=34322"},"modified":"2021-08-01T18:41:01","modified_gmt":"2021-08-01T18:41:01","slug":"los-infiernos-algas-y-garmo-negro","status":"publish","type":"post","link":"https:\/\/www.monta\u00f1asdelaluna.es\/?p=34322","title":{"rendered":"Los Infiernos, Algas y Garmo Negro"},"content":{"rendered":"<p>[vc_row][vc_column][vc_column_text]En el pasado puente del 1 de mayo aprovechamos Oli, Jes\u00fas Santana y yo para realizar un viaje a los Pirineos. Despu\u00e9s de ver el tiempo que \u00edbamos a estar y la actividad en concreto, decidimos ir al Valle de Panticosa y subir los picos de m\u00e1s de tres mil metros que lo rodean; m\u00e1s concretamente los Picos del Infierno y los llamados de las Argualas.<\/p>\n<p>As\u00ed pues, llegando a Ba\u00f1os de Panticosa, donde la imparable m\u00e1quina destructora de la especulaci\u00f3n mobiliaria est\u00e1 convirti\u00e9ndola en un atractivo para la masificaci\u00f3n y los \u201cSe\u00f1ores\u201d de ese nuevo dios que es el dinero; tuvimos que esperar para no cruzar a la hora en que iban a hacer una voladura y aparcar antes del semi-t\u00fanel final, antes de la laguna.<\/p>\n<div id=\"attachment_34264\" style=\"width: 1034px\" class=\"wp-caption aligncenter\"><a class=\"dt-single-image\" href=\"https:\/\/www.monta\u00f1asdelaluna.es\/wp-content\/uploads\/2016\/11\/002_2A.jpg\" data-dt-img-description=\"\"><img loading=\"lazy\" decoding=\"async\" aria-describedby=\"caption-attachment-34264\" class=\"wp-image-34264 size-large\" src=\"https:\/\/www.monta\u00f1asdelaluna.es\/wp-content\/uploads\/2016\/11\/002_2A-1024x683.jpg\" alt=\"Jes\u00fas y Joaqu\u00edn subiendo a la Mallata Alta de Las Argualas\" width=\"1024\" height=\"683\" srcset=\"https:\/\/www.monta\u00f1asdelaluna.es\/wp-content\/uploads\/2016\/11\/002_2A-1024x683.jpg 1024w, https:\/\/www.monta\u00f1asdelaluna.es\/wp-content\/uploads\/2016\/11\/002_2A-300x200.jpg 300w, https:\/\/www.monta\u00f1asdelaluna.es\/wp-content\/uploads\/2016\/11\/002_2A.jpg 1500w\" sizes=\"auto, (max-width: 1024px) 100vw, 1024px\" \/><\/a><p id=\"caption-attachment-34264\" class=\"wp-caption-text\">Jes\u00fas y Joaqu\u00edn subiendo a la Mallata Alta de Las Argualas<\/p><\/div>\n<div id=\"attachment_34269\" style=\"width: 1034px\" class=\"wp-caption aligncenter\"><a class=\"dt-single-image\" href=\"https:\/\/www.monta\u00f1asdelaluna.es\/wp-content\/uploads\/2016\/11\/007_7A.jpg\" data-dt-img-description=\"\"><img loading=\"lazy\" decoding=\"async\" aria-describedby=\"caption-attachment-34269\" class=\"wp-image-34269 size-large\" src=\"https:\/\/www.monta\u00f1asdelaluna.es\/wp-content\/uploads\/2016\/11\/007_7A-1024x683.jpg\" alt=\"Campamento en la Mallata Alta de Las Argualas, arriba el Argualas\" width=\"1024\" height=\"683\" srcset=\"https:\/\/www.monta\u00f1asdelaluna.es\/wp-content\/uploads\/2016\/11\/007_7A-1024x683.jpg 1024w, https:\/\/www.monta\u00f1asdelaluna.es\/wp-content\/uploads\/2016\/11\/007_7A-300x200.jpg 300w, https:\/\/www.monta\u00f1asdelaluna.es\/wp-content\/uploads\/2016\/11\/007_7A.jpg 1500w\" sizes=\"auto, (max-width: 1024px) 100vw, 1024px\" \/><\/a><p id=\"caption-attachment-34269\" class=\"wp-caption-text\">Campamento en la Mallata Alta de Las Argualas, arriba el Argualas<\/p><\/div>\n<p>Empezando la marcha nos desconcierta un poco donde comienza la senda de subida hacia las Argualas, ya que pensamos hacer campamento bajo estos picos, a pocos menos de dos mil doscientos metros de altitud y casi en la bifurcaci\u00f3n de caminos de subida a los Infiernos y Argualas. La subida sin dificultad y en menos de dos horas llegamos a plantar las tiendas sobre la nieve a\u00fan abundante bajo las desafiantes pendientes del Garmo Negro y el elegante perfil del Argualas, que se interpone al sol a medida que va atardeciendo.<\/p>\n<p>Al otro d\u00eda madrugamos para que sobre las seis y media de la ma\u00f1ana, y antes de que aparecieran las primeras claridades del amanecer, emprend\u00edamos la subida al Collado de Pondiellos a dos mil ochocientos metros de altura, para dirigirnos a los Picos del Infierno, Central y Oriental. La nieve est\u00e1 en muy buen estado; hace fr\u00edo a esas horas y los crampones se clavan con seguridad por aquellas empinadas pendientes nevosas. El Garmo Negro nos ofrece sus perfiles m\u00e1s abruptos y bellos de agujas y paredes.<\/p>\n<div id=\"attachment_34274\" style=\"width: 1034px\" class=\"wp-caption aligncenter\"><a class=\"dt-single-image\" href=\"https:\/\/www.monta\u00f1asdelaluna.es\/wp-content\/uploads\/2016\/11\/013_13A.jpg\" data-dt-img-description=\"\"><img loading=\"lazy\" decoding=\"async\" aria-describedby=\"caption-attachment-34274\" class=\"wp-image-34274 size-large\" src=\"https:\/\/www.monta\u00f1asdelaluna.es\/wp-content\/uploads\/2016\/11\/013_13A-1024x683.jpg\" alt=\"Jes\u00fas y Joaqu\u00edn con el Garmo Negro detr\u00e1s\" width=\"1024\" height=\"683\" srcset=\"https:\/\/www.monta\u00f1asdelaluna.es\/wp-content\/uploads\/2016\/11\/013_13A-1024x683.jpg 1024w, https:\/\/www.monta\u00f1asdelaluna.es\/wp-content\/uploads\/2016\/11\/013_13A-300x200.jpg 300w, https:\/\/www.monta\u00f1asdelaluna.es\/wp-content\/uploads\/2016\/11\/013_13A.jpg 1500w\" sizes=\"auto, (max-width: 1024px) 100vw, 1024px\" \/><\/a><p id=\"caption-attachment-34274\" class=\"wp-caption-text\">Jes\u00fas y Joaqu\u00edn con el Garmo Negro detr\u00e1s<\/p><\/div>\n<p>Una vez en el Collado de Pondiellos vemos nuestro objetivo y el empinado corredor que sube al collado entre los dos Infiernos. Por debajo del escarpado y poco nombrado Pico de Los Arnales y por laderas blancas que terminan en la planicie horizontal de unos ibones completamente helados y cubiertos de nieve; de La Galabrosa y de Pondiellos, los llaman; seguimos en busca de dicho corredor. El corredor, muy entretenido, nos deja casi en la cumbre de Los Infiernos y a un tiro de piedra llegamos al Infierno Central (3.083 mts.). Las vistas son incre\u00edbles, el Bala\u00eftous, Gran Facha, Vignemale, Gavarnie y Monte Perdido\u2026 todo con un d\u00eda incre\u00edble de muy buena visibilidad. La cresta sigue por encima de la marmolada hasta el Infierno Occidental, pero desistimos de ir all\u00ed para subir al inhiesto Infierno Oriental (3.079 mts.). La bajada la hicimos por el mismo sitio y ya a la una de mediod\u00eda est\u00e1bamos en el campamento.<\/p>\n<div id=\"attachment_34281\" style=\"width: 1034px\" class=\"wp-caption aligncenter\"><a class=\"dt-single-image\" href=\"https:\/\/www.monta\u00f1asdelaluna.es\/wp-content\/uploads\/2016\/11\/020_20A.jpg\" data-dt-img-description=\"\"><img loading=\"lazy\" decoding=\"async\" aria-describedby=\"caption-attachment-34281\" class=\"wp-image-34281 size-large\" src=\"https:\/\/www.monta\u00f1asdelaluna.es\/wp-content\/uploads\/2016\/11\/020_20A-1024x683.jpg\" alt=\"Jes\u00fas y Oli en la cima del Infierno Central, 3.083 mts. desde la cresta al Infierno Occidental\" width=\"1024\" height=\"683\" srcset=\"https:\/\/www.monta\u00f1asdelaluna.es\/wp-content\/uploads\/2016\/11\/020_20A-1024x683.jpg 1024w, https:\/\/www.monta\u00f1asdelaluna.es\/wp-content\/uploads\/2016\/11\/020_20A-300x200.jpg 300w, https:\/\/www.monta\u00f1asdelaluna.es\/wp-content\/uploads\/2016\/11\/020_20A.jpg 1500w\" sizes=\"auto, (max-width: 1024px) 100vw, 1024px\" \/><\/a><p id=\"caption-attachment-34281\" class=\"wp-caption-text\">Jes\u00fas y Oli en la cima del Infierno Central, 3.083 mts. desde la cresta al Infierno Occidental<\/p><\/div>\n<div id=\"attachment_34282\" style=\"width: 1510px\" class=\"wp-caption aligncenter\"><a class=\"dt-single-image\" href=\"https:\/\/www.monta\u00f1asdelaluna.es\/wp-content\/uploads\/2016\/11\/021_21A.jpg\" data-dt-img-description=\"\"><img loading=\"lazy\" decoding=\"async\" aria-describedby=\"caption-attachment-34282\" class=\"wp-image-34282 size-full\" src=\"https:\/\/www.monta\u00f1asdelaluna.es\/wp-content\/uploads\/2016\/11\/021_21A.jpg\" alt=\"Joaqu\u00edn y Jes\u00fas en la cresta entre el Infierno Central y el Occidental, al fondo derecha el Balaitous y Las Frondellas\" width=\"1500\" height=\"1000\" srcset=\"https:\/\/www.monta\u00f1asdelaluna.es\/wp-content\/uploads\/2016\/11\/021_21A.jpg 1500w, https:\/\/www.monta\u00f1asdelaluna.es\/wp-content\/uploads\/2016\/11\/021_21A-300x200.jpg 300w, https:\/\/www.monta\u00f1asdelaluna.es\/wp-content\/uploads\/2016\/11\/021_21A-1024x683.jpg 1024w\" sizes=\"auto, (max-width: 1500px) 100vw, 1500px\" \/><\/a><p id=\"caption-attachment-34282\" class=\"wp-caption-text\">Joaqu\u00edn y Jes\u00fas en la cresta entre el Infierno Central y el Occidental, al fondo derecha el Balaitous y Las Frondellas<\/p><\/div>\n<div id=\"attachment_34283\" style=\"width: 832px\" class=\"wp-caption aligncenter\"><a class=\"dt-single-image\" href=\"https:\/\/www.monta\u00f1asdelaluna.es\/wp-content\/uploads\/2016\/11\/022_22A.jpg\" data-dt-img-description=\"\"><img loading=\"lazy\" decoding=\"async\" aria-describedby=\"caption-attachment-34283\" class=\"wp-image-34283 \" src=\"https:\/\/www.monta\u00f1asdelaluna.es\/wp-content\/uploads\/2016\/11\/022_22A.jpg\" alt=\"Bajando del Infierno Central, delante el Oriental y al fondo el Vignemale\" width=\"822\" height=\"1233\" srcset=\"https:\/\/www.monta\u00f1asdelaluna.es\/wp-content\/uploads\/2016\/11\/022_22A.jpg 1000w, https:\/\/www.monta\u00f1asdelaluna.es\/wp-content\/uploads\/2016\/11\/022_22A-200x300.jpg 200w, https:\/\/www.monta\u00f1asdelaluna.es\/wp-content\/uploads\/2016\/11\/022_22A-683x1024.jpg 683w\" sizes=\"auto, (max-width: 822px) 100vw, 822px\" \/><\/a><p id=\"caption-attachment-34283\" class=\"wp-caption-text\">Bajando del Infierno Central, delante el Oriental y al fondo el Vignemale<\/p><\/div>\n<p>Oli, esa tarde se baj\u00f3, y nos quedamos Jes\u00fas y yo para realizar al otro d\u00eda la subida a los picos de Las Argualas. La tarde fue algo aburrida viendo el ir y venir de monta\u00f1eros que bajaban de Los Infiernos o del Garmo Negro.<\/p>\n<p>Al otro d\u00eda de nuevo madrugamos y sobre las siete menos cuarto de la ma\u00f1ana emprend\u00edamos la subida, esta vez por otro recorrido que quedaba a la izquierda del campamento; ya que el de Los Infiernos quedaba a la derecha, para subir por un amplio y largo corredor de nieve hacia el pico Argualas, que se ve\u00eda esbelto y recio con su pared c\u00fabica sobre nosotros como un centinela guardando sus dominios. Al cabo de un tiempo decidimos salirnos de la ruta normal y subir por unos neveros m\u00e1s verticales y directos; as\u00ed practic\u00e1bamos un poco el arte de usar los piolets de tracci\u00f3n. M\u00e1s arriba lleg\u00e1bamos a una falsa cumbre desde la que se divisa la cresta y cima del Argualas, el Algas y Garmo Negro. Gracias a que hemos madrugado no vemos a nadie por aquellos lugares y la sensaci\u00f3n de soledad junto con la de aventura hacen muy excitante la actividad que te va embargando con un sentimiento de libertad, fuerza y satisfacci\u00f3n infinitos.<\/p>\n<div id=\"attachment_34286\" style=\"width: 1034px\" class=\"wp-caption aligncenter\"><a class=\"dt-single-image\" href=\"https:\/\/www.monta\u00f1asdelaluna.es\/wp-content\/uploads\/2016\/11\/026_26A.jpg\" data-dt-img-description=\"\"><img loading=\"lazy\" decoding=\"async\" aria-describedby=\"caption-attachment-34286\" class=\"wp-image-34286 size-large\" src=\"https:\/\/www.monta\u00f1asdelaluna.es\/wp-content\/uploads\/2016\/11\/026_26A-1024x683.jpg\" alt=\"Jes\u00fas y Oli en la cima del Infierno Oriental, 3.079 mts. detr\u00e1s el Infierno Central\" width=\"1024\" height=\"683\" srcset=\"https:\/\/www.monta\u00f1asdelaluna.es\/wp-content\/uploads\/2016\/11\/026_26A-1024x683.jpg 1024w, https:\/\/www.monta\u00f1asdelaluna.es\/wp-content\/uploads\/2016\/11\/026_26A-300x200.jpg 300w, https:\/\/www.monta\u00f1asdelaluna.es\/wp-content\/uploads\/2016\/11\/026_26A.jpg 1500w\" sizes=\"auto, (max-width: 1024px) 100vw, 1024px\" \/><\/a><p id=\"caption-attachment-34286\" class=\"wp-caption-text\">Jes\u00fas y Oli en la cima del Infierno Oriental, 3.079 mts. detr\u00e1s el Infierno Central<\/p><\/div>\n<div id=\"attachment_34290\" style=\"width: 1034px\" class=\"wp-caption aligncenter\"><a class=\"dt-single-image\" href=\"https:\/\/www.monta\u00f1asdelaluna.es\/wp-content\/uploads\/2016\/11\/030_30A.jpg\" data-dt-img-description=\"\"><img loading=\"lazy\" decoding=\"async\" aria-describedby=\"caption-attachment-34290\" class=\"wp-image-34290 size-large\" src=\"https:\/\/www.monta\u00f1asdelaluna.es\/wp-content\/uploads\/2016\/11\/030_30A-1024x683.jpg\" alt=\"Cuello de Pondiellos, 2.809 mts.\" width=\"1024\" height=\"683\" srcset=\"https:\/\/www.monta\u00f1asdelaluna.es\/wp-content\/uploads\/2016\/11\/030_30A-1024x683.jpg 1024w, https:\/\/www.monta\u00f1asdelaluna.es\/wp-content\/uploads\/2016\/11\/030_30A-300x200.jpg 300w, https:\/\/www.monta\u00f1asdelaluna.es\/wp-content\/uploads\/2016\/11\/030_30A.jpg 1500w\" sizes=\"auto, (max-width: 1024px) 100vw, 1024px\" \/><\/a><p id=\"caption-attachment-34290\" class=\"wp-caption-text\">Cuello de Pondiellos, 2.809 mts.<\/p><\/div>\n<p>Siguiendo el mapa que llevamos y siendo extra\u00f1os por aquellos contornos p\u00e9treos, nos decidimos subir hasta, lo que parec\u00eda un collado entre el Argualas y el Algas para subir al primero. Pero la cresta es m\u00e1s desafiante y abrupta de lo que pens\u00e1bamos y al no conocerla y por su estado nivoso y helado, despu\u00e9s de examinarla por varios puntos, decidimos dejar el Argualas y optar por su hermano menor Algas (3.024 mts.) al que llegamos despu\u00e9s de un peque\u00f1o paso de trepada y de cruzar pendientes de nieve igualmente verticales. En este pico solo nos encontramos con una pareja que se decide a visitarlo, todos los dem\u00e1s monta\u00f1eros se dirigen al Garmo Negro y nadie al Argualas. Desde aqu\u00ed se divisa muy bien el Valle de Tena con la gran muralla de corredores y paredones del Pe\u00f1a Telera y Collarada. El d\u00eda, como el de ayer, es incre\u00edble, la nieve en muy buen estado y un sol que nos quema la piel. Decidimos bajar hasta la ruta normal y subir con el resto de la romer\u00eda al Garmo Negro; que por rampas y pendientes tambi\u00e9n muy inclinadas, te dejan en su peque\u00f1a y recortada cumbre (3.066 mts.), donde hay m\u00e1s monta\u00f1eros que suben, bajan, descansan\u2026 \u00c9ste te ofrece una espectacular visi\u00f3n de los Picos del Infierno, del Argualas y Algas, ya que se encuentra casi en el centro de la zona.<\/p>\n<p>Para bajar, con la nieve m\u00e1s desecha, decidimos seguir la ruta normal sembrada de cientos de pisadas que han dejado su huella como una serpiente en la arena. Nos divertimos bajando de culo por toboganes improvisados de laderas nevadas que el d\u00eda anterior nos dieron alg\u00fan que otro susto al descontrolar la ca\u00edda.<\/p>\n<div id=\"attachment_34305\" style=\"width: 1034px\" class=\"wp-caption aligncenter\"><a class=\"dt-single-image\" href=\"https:\/\/www.monta\u00f1asdelaluna.es\/wp-content\/uploads\/2016\/11\/047_11A.jpg\" data-dt-img-description=\"\"><img loading=\"lazy\" decoding=\"async\" aria-describedby=\"caption-attachment-34305\" class=\"wp-image-34305 size-large\" src=\"https:\/\/www.monta\u00f1asdelaluna.es\/wp-content\/uploads\/2016\/11\/047_11A-1024x683.jpg\" alt=\"Jes\u00fas en la cima del Algas, 3.024 mts. Detr\u00e1s el Argualas\" width=\"1024\" height=\"683\" srcset=\"https:\/\/www.monta\u00f1asdelaluna.es\/wp-content\/uploads\/2016\/11\/047_11A-1024x683.jpg 1024w, https:\/\/www.monta\u00f1asdelaluna.es\/wp-content\/uploads\/2016\/11\/047_11A-300x200.jpg 300w, https:\/\/www.monta\u00f1asdelaluna.es\/wp-content\/uploads\/2016\/11\/047_11A.jpg 1500w\" sizes=\"auto, (max-width: 1024px) 100vw, 1024px\" \/><\/a><p id=\"caption-attachment-34305\" class=\"wp-caption-text\">Jes\u00fas en la cima del Algas, 3.024 mts. Detr\u00e1s el Argualas<\/p><\/div>\n<div id=\"attachment_34307\" style=\"width: 1034px\" class=\"wp-caption aligncenter\"><a class=\"dt-single-image\" href=\"https:\/\/www.monta\u00f1asdelaluna.es\/wp-content\/uploads\/2016\/11\/049_13A.jpg\" data-dt-img-description=\"\"><img loading=\"lazy\" decoding=\"async\" aria-describedby=\"caption-attachment-34307\" class=\"wp-image-34307 size-large\" src=\"https:\/\/www.monta\u00f1asdelaluna.es\/wp-content\/uploads\/2016\/11\/049_13A-1024x683.jpg\" alt=\"Jes\u00fas y Joaqu\u00edn en la cima del Garmo Negro, 3.066 mts.\" width=\"1024\" height=\"683\" srcset=\"https:\/\/www.monta\u00f1asdelaluna.es\/wp-content\/uploads\/2016\/11\/049_13A-1024x683.jpg 1024w, https:\/\/www.monta\u00f1asdelaluna.es\/wp-content\/uploads\/2016\/11\/049_13A-300x200.jpg 300w, https:\/\/www.monta\u00f1asdelaluna.es\/wp-content\/uploads\/2016\/11\/049_13A.jpg 1500w\" sizes=\"auto, (max-width: 1024px) 100vw, 1024px\" \/><\/a><p id=\"caption-attachment-34307\" class=\"wp-caption-text\">Jes\u00fas y Joaqu\u00edn en la cima del Garmo Negro, 3.066 mts.<\/p><\/div>\n<div id=\"attachment_45955\" style=\"width: 1898px\" class=\"wp-caption aligncenter\"><a class=\"dt-single-image\" href=\"https:\/\/www.monta\u00f1asdelaluna.es\/wp-content\/uploads\/2006\/05\/a-la-izquierda-del-argualas-en-el-centro-y-derecha-los-picos-de-algas-abajo-la-subida-al-garmo-negro-detras-en-el-centro-del-pena-telera-y-a-la-derecha-el-collarada.jpg\" data-dt-img-description=\"\"><img loading=\"lazy\" decoding=\"async\" aria-describedby=\"caption-attachment-45955\" class=\"wp-image-45955 size-full\" src=\"https:\/\/www.monta\u00f1asdelaluna.es\/wp-content\/uploads\/2006\/05\/a-la-izquierda-del-argualas-en-el-centro-y-derecha-los-picos-de-algas-abajo-la-subida-al-garmo-negro-detras-en-el-centro-del-pena-telera-y-a-la-derecha-el-collarada.jpg\" alt=\"A la izquierda del Argualas, en el centro y derecha, los Picos de Algas, abajo la subida al Garmo Negro, detr\u00e1s en el centro del Pe\u00f1a Telera y a la derecha el Collarada\" width=\"1888\" height=\"1313\" srcset=\"https:\/\/www.monta\u00f1asdelaluna.es\/wp-content\/uploads\/2006\/05\/a-la-izquierda-del-argualas-en-el-centro-y-derecha-los-picos-de-algas-abajo-la-subida-al-garmo-negro-detras-en-el-centro-del-pena-telera-y-a-la-derecha-el-collarada.jpg 1888w, https:\/\/www.monta\u00f1asdelaluna.es\/wp-content\/uploads\/2006\/05\/a-la-izquierda-del-argualas-en-el-centro-y-derecha-los-picos-de-algas-abajo-la-subida-al-garmo-negro-detras-en-el-centro-del-pena-telera-y-a-la-derecha-el-collarada-300x209.jpg 300w, https:\/\/www.monta\u00f1asdelaluna.es\/wp-content\/uploads\/2006\/05\/a-la-izquierda-del-argualas-en-el-centro-y-derecha-los-picos-de-algas-abajo-la-subida-al-garmo-negro-detras-en-el-centro-del-pena-telera-y-a-la-derecha-el-collarada-1024x712.jpg 1024w\" sizes=\"auto, (max-width: 1888px) 100vw, 1888px\" \/><\/a><p id=\"caption-attachment-45955\" class=\"wp-caption-text\">A la izquierda del Argualas, en el centro y derecha, los Picos de Algas, abajo la subida al Garmo Negro, detr\u00e1s en el centro del Pe\u00f1a Telera y a la derecha el Collarada<\/p><\/div>\n<p>Sobre las dos del mediod\u00eda llegamos al campamento y ya el aburrimiento de no haber subido un libro o unos dados hicieron mella en lo que quedaba de tarde. En el arroyo cercano, Jes\u00fas, se lavaba y se mojaba con la fr\u00eda y saludable agua de la alta monta\u00f1a, mientras yo vigilaba como un vig\u00eda con sus prism\u00e1ticos a los monta\u00f1eros que cruzaban por nuestras inmediaciones desde nuestro campamento en un puesto privilegiado.<\/p>\n<p>Al otro d\u00eda ya bajamos por donde subimos y le dimos los buenos d\u00edas al Daewoo Lanos que nos esperaba ansioso por conocer nuestra exitosa empresa en este fin de semana, una vez que ya hab\u00edamos bajado a Ba\u00f1os de Panticosa.<\/p>\n<div id=\"attachment_34308\" style=\"width: 1510px\" class=\"wp-caption aligncenter\"><a class=\"dt-single-image\" href=\"https:\/\/www.monta\u00f1asdelaluna.es\/wp-content\/uploads\/2016\/11\/050_14A.jpg\" data-dt-img-description=\"\"><img loading=\"lazy\" decoding=\"async\" aria-describedby=\"caption-attachment-34308\" class=\"wp-image-34308 size-full\" src=\"https:\/\/www.monta\u00f1asdelaluna.es\/wp-content\/uploads\/2016\/11\/050_14A.jpg\" alt=\"Los Infiernos desde el Garmo Negro, de izquierda a derecha: Occidental, cresta, Central, Oriental y al fondo el Gran Facha\" width=\"1500\" height=\"1000\" srcset=\"https:\/\/www.monta\u00f1asdelaluna.es\/wp-content\/uploads\/2016\/11\/050_14A.jpg 1500w, https:\/\/www.monta\u00f1asdelaluna.es\/wp-content\/uploads\/2016\/11\/050_14A-300x200.jpg 300w, https:\/\/www.monta\u00f1asdelaluna.es\/wp-content\/uploads\/2016\/11\/050_14A-1024x683.jpg 1024w\" sizes=\"auto, (max-width: 1500px) 100vw, 1500px\" \/><\/a><p id=\"caption-attachment-34308\" class=\"wp-caption-text\">Los Infiernos desde el Garmo Negro, de izquierda a derecha: Occidental, cresta, Central, Oriental y al fondo el Gran Facha<\/p><\/div>\n<div id=\"attachment_34318\" style=\"width: 833px\" class=\"wp-caption aligncenter\"><a class=\"dt-single-image\" href=\"https:\/\/www.monta\u00f1asdelaluna.es\/wp-content\/uploads\/2016\/11\/060_24A.jpg\" data-dt-img-description=\"\"><img loading=\"lazy\" decoding=\"async\" aria-describedby=\"caption-attachment-34318\" class=\"wp-image-34318 \" src=\"https:\/\/www.monta\u00f1asdelaluna.es\/wp-content\/uploads\/2016\/11\/060_24A.jpg\" alt=\"Joaqu\u00edn bajando a Panticosa\" width=\"823\" height=\"1235\" srcset=\"https:\/\/www.monta\u00f1asdelaluna.es\/wp-content\/uploads\/2016\/11\/060_24A.jpg 1000w, https:\/\/www.monta\u00f1asdelaluna.es\/wp-content\/uploads\/2016\/11\/060_24A-200x300.jpg 200w, https:\/\/www.monta\u00f1asdelaluna.es\/wp-content\/uploads\/2016\/11\/060_24A-683x1024.jpg 683w\" sizes=\"auto, (max-width: 823px) 100vw, 823px\" \/><\/a><p id=\"caption-attachment-34318\" class=\"wp-caption-text\">Joaqu\u00edn bajando a Panticosa<\/p><\/div>\n<p>Una grata experiencia, con muy buenos compa\u00f1eros y muy buenas actividades que te hacen pensar en la pr\u00f3xima vez que volver\u00e1s a pisar las alturas de los Pirineos y en volver a contemplar aquellos incre\u00edbles y espectaculares paisajes de ensue\u00f1o.<\/p>\n<div id=\"attachment_34325\" style=\"width: 1038px\" class=\"wp-caption aligncenter\"><a class=\"dt-single-image\" href=\"https:\/\/www.monta\u00f1asdelaluna.es\/wp-content\/uploads\/2006\/05\/Panticosa.croquis.jpg\" data-dt-img-description=\"\"><img loading=\"lazy\" decoding=\"async\" aria-describedby=\"caption-attachment-34325\" class=\"wp-image-34325 size-full\" src=\"https:\/\/www.monta\u00f1asdelaluna.es\/wp-content\/uploads\/2006\/05\/Panticosa.croquis.jpg\" alt=\"Croquis de las ascensiones a Los Infiernos, Algas y Garmo Negro. Punto Rojo: Campamento en la Malleta Alta de Las Argualas. Linea Azul Claro: ascensi\u00f3n al Algas y Garmo Negro.\" width=\"1028\" height=\"800\" srcset=\"https:\/\/www.monta\u00f1asdelaluna.es\/wp-content\/uploads\/2006\/05\/Panticosa.croquis.jpg 1028w, https:\/\/www.monta\u00f1asdelaluna.es\/wp-content\/uploads\/2006\/05\/Panticosa.croquis-300x233.jpg 300w, https:\/\/www.monta\u00f1asdelaluna.es\/wp-content\/uploads\/2006\/05\/Panticosa.croquis-1024x797.jpg 1024w\" sizes=\"auto, (max-width: 1028px) 100vw, 1028px\" \/><\/a><p id=\"caption-attachment-34325\" class=\"wp-caption-text\">Croquis de las ascensiones a Los Infiernos, Algas y Garmo Negro. Punto Rojo: Campamento en la Malleta Alta de Las Argualas. Linea Azul Claro: ascensi\u00f3n al Algas y Garmo Negro.<\/p><\/div>\n<p>[vc_separator][\/vc_column_text][\/vc_column][\/vc_row][vc_row][vc_column][vc_empty_space height=\u00bb60px\u00bb][\/vc_column][\/vc_row][vc_row][vc_column][vc_cta h2=\u00bb\u00c1lbum de fotos\u00bb txt_align=\u00bbcenter\u00bb add_button=\u00bbbottom\u00bb btn_title=\u00bbVer fotos\u00bb btn_color=\u00bbwarning\u00bb btn_align=\u00bbcenter\u00bb btn_link=\u00bburl:https%3A%2F%2Fmonta%C3%B1asdelaluna.es%2F%3Fdt_gallery%3Dlos-infiernos-algas-y-garmo-negro-2|title:Los%20Infiernos%2C%20Algas%20y%20Garmo%20Negro|target:_blank\u00bb css=\u00bb.vc_custom_1625773484533{background-color: #8bc4ed !important;}\u00bb]Puedes ver todas las fotos del relato y actividad en forma de presentaci\u00f3n o individuales pinchando aqui \u00a1No te las pierdas![\/vc_cta][\/vc_column][\/vc_row][vc_row][vc_column][vc_empty_space height=\u00bb60px\u00bb][\/vc_column][\/vc_row][vc_row][vc_column width=\u00bb1\/6&#8243;][\/vc_column][vc_column width=\u00bb1\/3&#8243;][vc_empty_space height=\u00bb26px\u00bb][vc_raw_html]JTNDaWZyYW1lJTIwc3JjJTNEJTIyaHR0cHMlM0ElMkYlMkZ3d3cubWV0ZW9ibHVlLmNvbSUyRmVzJTJGdGllbXBvJTJGd2lkZ2V0JTJGZGFpbHklMkZiYSUyNWMzJTI1YjFvcy1kZS1wYW50aWNvc2FfZXNwYSUyNWMzJTI1YjFhXzMxMjg4NzIlM0ZnZW9sb2MlM0RmaXhlZCUyNmRheXMlM0Q3JTI2dGVtcHVuaXQlM0RDRUxTSVVTJTI2d2luZHVuaXQlM0RLSUxPTUVURVJfUEVSX0hPVVIlMjZjb2xvdXJlZCUzRGNvbG91cmVkJTI2cGljdG9pY29uJTNEMSUyNm1heHRlbXBlcmF0dXJlJTNEMSUyNm1pbnRlbXBlcmF0dXJlJTNEMSUyNndpbmRzcGVlZCUzRDElMjZ3aW5kZ3VzdCUzRDElMjZ3aW5kZGlyZWN0aW9uJTNEMSUyNnByZWNpcGl0YXRpb24lM0QxJTI2cHJlY2lwaXRhdGlvbnByb2JhYmlsaXR5JTNEMSUyNnNwb3QlM0QxJTI2cHJlc3N1cmUlM0QxJTI2bGF5b3V0JTNEbGlnaHQlMjIlMjAlMjBmcmFtZWJvcmRlciUzRCUyMjAlMjIlMjBzY3JvbGxpbmclM0QlMjJOTyUyMiUyMGFsbG93dHJhbnNwYXJlbmN5JTNEJTIydHJ1ZSUyMiUyMHNhbmRib3glM0QlMjJhbGxvdy1zYW1lLW9yaWdpbiUyMGFsbG93LXNjcmlwdHMlMjBhbGxvdy1wb3B1cHMlMjIlMjBzdHlsZSUzRCUyMndpZHRoJTNBJTIwMzc4cHglM0JoZWlnaHQlM0ElMjA0MTNweCUyMiUzRSUzQyUyRmlmcmFtZSUzRSUzQ2RpdiUzRSUzQyUyMS0tJTIwRE8lMjBOT1QlMjBSRU1PVkUlMjBUSElTJTIwTElOSyUyMC0tJTNFJTNDYSUyMGhyZWYlM0QlMjJodHRwcyUzQSUyRiUyRnd3dy5tZXRlb2JsdWUuY29tJTJGZXMlMkZ0aWVtcG8lMkZwcm9ub3N0aWNvJTJGc2VtYW5hJTJGYmElMjVjMyUyNWIxb3MtZGUtcGFudGljb3NhX2VzcGElMjVjMyUyNWIxYV8zMTI4ODcyJTNGdXRtX3NvdXJjZSUzRHdlYXRoZXJfd2lkZ2V0JTI2dXRtX21lZGl1bSUzRGxpbmt1cyUyNnV0bV9jb250ZW50JTNEZGFpbHklMjZ1dG1fY2FtcGFpZ24lM0RXZWF0aGVyJTI1MkJXaWRnZXQlMjIlMjB0YXJnZXQlM0QlMjJfYmxhbmslMjIlM0VtZXRlb2JsdWUlM0MlMkZhJTNFJTNDJTJGZGl2JTNF[\/vc_raw_html][\/vc_column][vc_column width=\u00bb1\/3&#8243;][vc_column_text]Tiempo en los Picos del Infierno[\/vc_column_text][vc_raw_html]JTNDaWZyYW1lJTIwc3JjJTNEJTIyaHR0cHMlM0ElMkYlMkZ3d3cubWV0ZW9ibHVlLmNvbSUyRmVzJTJGdGllbXBvJTJGd2lkZ2V0JTJGZGFpbHklMkY0Mi43ODFOLTAuMjZFMzAxNl9FdXJvcGUlMjUyRk1hZHJpZCUzRmdlb2xvYyUzRGZpeGVkJTI2ZGF5cyUzRDclMjZ0ZW1wdW5pdCUzRENFTFNJVVMlMjZ3aW5kdW5pdCUzREtJTE9NRVRFUl9QRVJfSE9VUiUyNmNvbG91cmVkJTNEY29sb3VyZWQlMjZwaWN0b2ljb24lM0QxJTI2bWF4dGVtcGVyYXR1cmUlM0QxJTI2bWludGVtcGVyYXR1cmUlM0QxJTI2d2luZHNwZWVkJTNEMSUyNndpbmRndXN0JTNEMSUyNndpbmRkaXJlY3Rpb24lM0QxJTI2cHJlY2lwaXRhdGlvbiUzRDElMjZwcmVjaXBpdGF0aW9ucHJvYmFiaWxpdHklM0QxJTI2c3BvdCUzRDElMjZwcmVzc3VyZSUzRDElMjZsYXlvdXQlM0RsaWdodCUyMiUyMCUyMGZyYW1lYm9yZGVyJTNEJTIyMCUyMiUyMHNjcm9sbGluZyUzRCUyMk5PJTIyJTIwYWxsb3d0cmFuc3BhcmVuY3klM0QlMjJ0cnVlJTIyJTIwc2FuZGJveCUzRCUyMmFsbG93LXNhbWUtb3JpZ2luJTIwYWxsb3ctc2NyaXB0cyUyMGFsbG93LXBvcHVwcyUyMiUyMHN0eWxlJTNEJTIyd2lkdGglM0ElMjAzNzhweCUzQmhlaWdodCUzQSUyMDQxM3B4JTIyJTNFJTNDJTJGaWZyYW1lJTNFJTNDZGl2JTNFJTNDJTIxLS0lMjBETyUyME5PVCUyMFJFTU9WRSUyMFRISVMlMjBMSU5LJTIwLS0lM0UlM0NhJTIwaHJlZiUzRCUyMmh0dHBzJTNBJTJGJTJGd3d3Lm1ldGVvYmx1ZS5jb20lMkZlcyUyRnRpZW1wbyUyRnByb25vc3RpY28lMkZzZW1hbmElMkY0Mi43ODFOLTAuMjZFMzAxNl9FdXJvcGUlMjUyRk1hZHJpZCUzRnV0bV9zb3VyY2UlM0R3ZWF0aGVyX3dpZGdldCUyNnV0bV9tZWRpdW0lM0RsaW5rdXMlMjZ1dG1fY29udGVudCUzRGRhaWx5JTI2dXRtX2NhbXBhaWduJTNEV2VhdGhlciUyNTJCV2lkZ2V0JTIyJTIwdGFyZ2V0JTNEJTIyX2JsYW5rJTIyJTNFbWV0ZW9ibHVlJTNDJTJGYSUzRSUzQyUyRmRpdiUzRQ==[\/vc_raw_html][\/vc_column][vc_column width=\u00bb1\/6&#8243;][\/vc_column][\/vc_row]<\/p>\n","protected":false},"excerpt":{"rendered":"<p>[vc_row][vc_column][vc_column_text]En el pasado puente del 1 de mayo aprovechamos Oli, Jes\u00fas Santana y yo para realizar un viaje a los Pirineos. Despu\u00e9s de ver el tiempo que \u00edbamos a estar y la actividad en concreto, decidimos ir al Valle de Panticosa y subir los picos de m\u00e1s de tres mil metros que lo rodean; m\u00e1s&hellip;<\/p>\n","protected":false},"author":1,"featured_media":34282,"comment_status":"open","ping_status":"open","sticky":false,"template":"","format":"standard","meta":[],"categories":[127],"tags":[],"class_list":["post-34322","post","type-post","status-publish","format-standard","has-post-thumbnail","hentry","category-pirineo-central-atlantico","category-127","description-off"],"_links":{"self":[{"href":"https:\/\/www.monta\u00f1asdelaluna.es\/index.php?rest_route=\/wp\/v2\/posts\/34322","targetHints":{"allow":["GET"]}}],"collection":[{"href":"https:\/\/www.monta\u00f1asdelaluna.es\/index.php?rest_route=\/wp\/v2\/posts"}],"about":[{"href":"https:\/\/www.monta\u00f1asdelaluna.es\/index.php?rest_route=\/wp\/v2\/types\/post"}],"author":[{"embeddable":true,"href":"https:\/\/www.monta\u00f1asdelaluna.es\/index.php?rest_route=\/wp\/v2\/users\/1"}],"replies":[{"embeddable":true,"href":"https:\/\/www.monta\u00f1asdelaluna.es\/index.php?rest_route=%2Fwp%2Fv2%2Fcomments&post=34322"}],"version-history":[{"count":11,"href":"https:\/\/www.monta\u00f1asdelaluna.es\/index.php?rest_route=\/wp\/v2\/posts\/34322\/revisions"}],"predecessor-version":[{"id":50124,"href":"https:\/\/www.monta\u00f1asdelaluna.es\/index.php?rest_route=\/wp\/v2\/posts\/34322\/revisions\/50124"}],"wp:featuredmedia":[{"embeddable":true,"href":"https:\/\/www.monta\u00f1asdelaluna.es\/index.php?rest_route=\/wp\/v2\/media\/34282"}],"wp:attachment":[{"href":"https:\/\/www.monta\u00f1asdelaluna.es\/index.php?rest_route=%2Fwp%2Fv2%2Fmedia&parent=34322"}],"wp:term":[{"taxonomy":"category","embeddable":true,"href":"https:\/\/www.monta\u00f1asdelaluna.es\/index.php?rest_route=%2Fwp%2Fv2%2Fcategories&post=34322"},{"taxonomy":"post_tag","embeddable":true,"href":"https:\/\/www.monta\u00f1asdelaluna.es\/index.php?rest_route=%2Fwp%2Fv2%2Ftags&post=34322"}],"curies":[{"name":"wp","href":"https:\/\/api.w.org\/{rel}","templated":true}]}}