{"id":34358,"date":"1990-01-14T13:13:20","date_gmt":"1990-01-14T13:13:20","guid":{"rendered":"http:\/\/monta\u00f1asdelaluna.com\/?p=34358"},"modified":"2021-08-19T08:15:42","modified_gmt":"2021-08-19T08:15:42","slug":"puig-campana-la-montana-de-las-montanas","status":"publish","type":"post","link":"https:\/\/www.monta\u00f1asdelaluna.es\/?p=34358","title":{"rendered":"Puig Campana, la monta\u00f1a de Rold\u00e1n"},"content":{"rendered":"<p>[vc_row][vc_column][vc_column_text]No s\u00e9 si antes de ir por primera vez a subir el Puig Campana ya hab\u00eda o\u00eddo hablar de \u00e9l; el caso es que la primera excursi\u00f3n que hicimos a sus faldas y cima me pareci\u00f3 como de otro nivel al acostumbrado. Incluso \u00edbamos a estar todo el d\u00eda y comer en la monta\u00f1a (normalmente solo est\u00e1bamos por la ma\u00f1ana y volv\u00edamos a comer a casa). Esta vez era una monta\u00f1a que estaba m\u00e1s lejos de lo habitual, de lo normal, m\u00e1s all\u00e1 de nuestro \u201cradio de acci\u00f3n\u201d, y a la vez m\u00e1s alta, con un apreciable desnivel y tiempo de subida, impresionante, majestuosa\u2026 no s\u00e9 si ya hab\u00eda o\u00eddo hablar de ella, o visto (reconocible por el trozo de roca que parece le falte en su cresta cimera y parece una perfecta mella)\u2026 el llamado Tajo de Rold\u00e1n (Leyenda parecida a la de la Brecha de Rolando en el Pirineo).<\/p>\n<p>El caso es que estaba m\u00e1s emocionado de lo normal. Mi primo, seguramente ayudado por Paco Quiles sac\u00f3 una especie de gu\u00eda de alg\u00fan libro de excursiones (seguramente de Rafael Cebri\u00e1n) en el que nos explicaba la subida a esta emblem\u00e1tica monta\u00f1a desde La Font del Mol\u00ed en Finestrat y por la canal central, la que se ve justo en la cara sur y separa las dos cimas del Puig Campana. A la vez tambi\u00e9n explicaba algo sobre la leyenda de Rold\u00e1n, la ca\u00edda del trozo de piedra que falta en la cima (la mella) y que fue cortada por \u00e9ste, rodando el trozo y matando a todo moro que estaba en su camino hasta caer al mar y pararse en lo que ahora es la Isla de Benidorm. Simp\u00e1ticas leyendas que hacen de la monta\u00f1a un lugar m\u00e1gico, que es parte de una historia de caballeros, luchas y noblezas\u2026<\/p>\n<div id=\"attachment_34344\" style=\"width: 1626px\" class=\"wp-caption aligncenter\"><a class=\"dt-single-image\" href=\"https:\/\/www.monta\u00f1asdelaluna.es\/wp-content\/uploads\/2016\/11\/PuigCampana90A-1-001.jpg\" data-dt-img-description=\"\"><img loading=\"lazy\" decoding=\"async\" aria-describedby=\"caption-attachment-34344\" class=\"wp-image-34344 size-full\" src=\"https:\/\/www.monta\u00f1asdelaluna.es\/wp-content\/uploads\/2016\/11\/PuigCampana90A-1-001.jpg\" alt=\"Puig Campana desde la Font del Mol\u00ed, en el centro el Barranc de Les Marietes\" width=\"1616\" height=\"1087\" srcset=\"https:\/\/www.monta\u00f1asdelaluna.es\/wp-content\/uploads\/2016\/11\/PuigCampana90A-1-001.jpg 1616w, https:\/\/www.monta\u00f1asdelaluna.es\/wp-content\/uploads\/2016\/11\/PuigCampana90A-1-001-300x202.jpg 300w, https:\/\/www.monta\u00f1asdelaluna.es\/wp-content\/uploads\/2016\/11\/PuigCampana90A-1-001-1024x689.jpg 1024w\" sizes=\"auto, (max-width: 1616px) 100vw, 1616px\" \/><\/a><p id=\"caption-attachment-34344\" class=\"wp-caption-text\">Puig Campana desde la Font del Mol\u00ed, en el centro el Barranc de Les Marietes<\/p><\/div>\n<p>S\u00ed se\u00f1ores, es la monta\u00f1a que se ve por detr\u00e1s de Benidorm y parece que le falte un trozo. El trozo que cort\u00f3 Rold\u00e1n con su hacha o espada. Desde el famoso Benidorm podemos contemplar tal majestuosa obra de la madre tierra de roca y belleza\u2026 Esta salida parece que se iba a convertir en casi una expedici\u00f3n, pues la gente que normalmente no sal\u00eda con nosotros, el mero hecho de saber a d\u00f3nde \u00edbamos, se apuntaban con entusiasmo. Adem\u00e1s \u00edbamos a estar todo el d\u00eda, comer\u00edamos en la monta\u00f1a y el viaje para llegar hasta all\u00ed era de casi hora y media.<\/p>\n<p>Desde la lejan\u00eda de las cimas de otras monta\u00f1as ya la ve\u00edas como una impresionante mole con forma de volc\u00e1n pero de laderas mucho m\u00e1s inclinadas y altas, escarpadas y las cimas m\u00e1s picudas, puntiagudas; a la vez su altura y cercan\u00eda al mar la hac\u00eda destacar de entre las monta\u00f1as y montes de alrededor diferenci\u00e1ndola y d\u00e1ndole un renombre e imagen casi \u00e9pica, m\u00edtica, sobresaliente. Ese domingo ten\u00edamos que madrugar para coger autov\u00eda y autopista en busca de Villajoyosa y despu\u00e9s Finestrat. Creo que las primeras veces nos sal\u00edamos de la autopista en Villajoyosa y despu\u00e9s de un peque\u00f1o l\u00edo de callejas por la poblaci\u00f3n ya torc\u00edamos hacia Finestrat. Ahora es la salida siguiente de la autopista, la primera de Benidorm viniendo de Alicante, y llegamos antes a esta bonita poblaci\u00f3n de la Marina Baja. Antes de llegar a la salida de la autopista, por El Campello, Villajoyosa, ya la ves de repente despu\u00e9s de una curva de la autopista y del terreno y esos peque\u00f1os montes que vienen de tierra adentro y acaban en los acantilados de El Campello, altiva, majestuosa y casi terror\u00edfica con su vertical canal, pedregal central por el que ten\u00edamos que subir a las cimas llenas de paredes rocosas y casi infranqueables. La primera vez impresiona, y te preguntas \u201c\u00a1\u00bfpor ah\u00ed en medio debemos subir? Si est\u00e1 vertical! Preciosa imagen y soberbia monta\u00f1a.<\/p>\n<div id=\"attachment_34346\" style=\"width: 1624px\" class=\"wp-caption aligncenter\"><a class=\"dt-single-image\" href=\"https:\/\/www.monta\u00f1asdelaluna.es\/wp-content\/uploads\/2016\/11\/PuigCampana90A-3-001.jpg\" data-dt-img-description=\"\"><img loading=\"lazy\" decoding=\"async\" aria-describedby=\"caption-attachment-34346\" class=\"wp-image-34346 size-full\" src=\"https:\/\/www.monta\u00f1asdelaluna.es\/wp-content\/uploads\/2016\/11\/PuigCampana90A-3-001.jpg\" alt=\"La Sierra d'Orxeta a la izquierda y al fondo derecha el Cabe\u00e7\u00f3 d'Or\" width=\"1614\" height=\"1084\" srcset=\"https:\/\/www.monta\u00f1asdelaluna.es\/wp-content\/uploads\/2016\/11\/PuigCampana90A-3-001.jpg 1614w, https:\/\/www.monta\u00f1asdelaluna.es\/wp-content\/uploads\/2016\/11\/PuigCampana90A-3-001-300x201.jpg 300w, https:\/\/www.monta\u00f1asdelaluna.es\/wp-content\/uploads\/2016\/11\/PuigCampana90A-3-001-1024x688.jpg 1024w\" sizes=\"auto, (max-width: 1614px) 100vw, 1614px\" \/><\/a><p id=\"caption-attachment-34346\" class=\"wp-caption-text\">La Sierra d&#8217;Orxeta a la izquierda y al fondo derecha el Cabe\u00e7\u00f3 d&#8217;Or<\/p><\/div>\n<p>Llegada a Finestrat. Buscar por primera vez la carreterilla que nos lleva hasta la Font del Mol\u00ed. Casas, urbanizaciones pero de las antiguas, en las que hab\u00eda espacio y verde entre casa y casa. Y despu\u00e9s de pocos kil\u00f3metros y estrecho espacio para subir con el coche, llegamos hasta los 15 o 20 ca\u00f1os de la Font del Mol\u00ed. Al otro lado de la nombrada fuente dejamos el coche, hay un parking de tierra junto a alg\u00fan \u00e1rbol. Delante nuestro y mirando hacia el norte, la fant\u00e1stica, impresionante y magn\u00edfica imagen de la cara sur del Puig Campana, con una de sus paredes m\u00e1s altas, largas y enormes, la de la cima oeste, justo delante \u00a1\u00a1Tremenda, incre\u00edble, preciosa y temible!! A la vez. Creo que nunca hab\u00eda visto monta\u00f1a semejante en nuestras salidas domingueras\u2026 ni ver\u00e9 muchas m\u00e1s parecidas a ella en el resto de salidas monta\u00f1eras.<\/p>\n<p>La perspectiva, forma y perfil de la monta\u00f1a hace que la parte izquierda, justo arriba de la enorme pared, parezca la m\u00e1s alta de la monta\u00f1a desde aqu\u00ed. Pero es un efecto \u00f3ptico. La parte m\u00e1s alta, que parece ondula hacia atr\u00e1s, es la loma menos escarpada pero altiva de la derecha. Y en medio de ellas una muy bien marcada canal. El \u00fanico camino posible hasta las cimas (en aquellos tiempos que conoci\u00e9ramos). Llegar hasta la parte m\u00e1s baja de dicha canal, embudo, era la parte m\u00e1s perdedora si no conoc\u00edas el camino, la senda, una vez all\u00ed y sin vegetaci\u00f3n arb\u00f3rea que te moleste, la subida es f\u00e1cil de reconocer\u2026 no hay otra. Por cierto a esa canal en medio de las cimas escarpadas de la monta\u00f1a la llaman el Barranc de Les Marietes, cosa que me entero ahora.<\/p>\n<div id=\"attachment_34336\" style=\"width: 1488px\" class=\"wp-caption aligncenter\"><a class=\"dt-single-image\" href=\"https:\/\/www.monta\u00f1asdelaluna.es\/wp-content\/uploads\/2016\/11\/PuigCampana90-1-001.jpg\" data-dt-img-description=\"\"><img loading=\"lazy\" decoding=\"async\" aria-describedby=\"caption-attachment-34336\" class=\"wp-image-34336 size-full\" src=\"https:\/\/www.monta\u00f1asdelaluna.es\/wp-content\/uploads\/2016\/11\/PuigCampana90-1-001.jpg\" alt=\"Pared suroeste del Puig Campana, a la derecha el Barranc de Les Marietes, el pedregal\" width=\"1478\" height=\"974\" srcset=\"https:\/\/www.monta\u00f1asdelaluna.es\/wp-content\/uploads\/2016\/11\/PuigCampana90-1-001.jpg 1478w, https:\/\/www.monta\u00f1asdelaluna.es\/wp-content\/uploads\/2016\/11\/PuigCampana90-1-001-300x198.jpg 300w, https:\/\/www.monta\u00f1asdelaluna.es\/wp-content\/uploads\/2016\/11\/PuigCampana90-1-001-1024x675.jpg 1024w\" sizes=\"auto, (max-width: 1478px) 100vw, 1478px\" \/><\/a><p id=\"caption-attachment-34336\" class=\"wp-caption-text\">Pared suroeste del Puig Campana, a la derecha el Barranc de Les Marietes, el pedregal<\/p><\/div>\n<p>Recuerdo que la primera vez anduvimos algo perdidos: cogimos el camino que sale por la izquierda del parking de la Font del Mol\u00ed, recto, dejando a la izquierda el asfalto enseguida. Hasta encontrar un puentecillo sobre una canal de agua (vac\u00eda), cruzarlo y buscar unas sendas que se dirijan hacia el norte, noroeste y ladera arriba, girando a la derecha despu\u00e9s de cruzar dicho puentecillo. Estas sendas recuerdo que eran algo perdedoras, caminos de cabras, nada marcadas. Llegados a un punto giramos a la derecha y arriba en busca de la cima de la loma por la que estamos subiendo, la parte m\u00e1s alta. Dejamos un barranquito y la majestuosa pared sur del Puig Campana a la izquierda, pero de esta manera nos \u00edbamos acercando a la parte m\u00e1s alta de esta loma que desemboca en el comienzo de la canal, del pedregal, del canchal\u2026 es una zona en la que tenemos que ir casi monte a trav\u00e9s, entre matorrales y algo de joven bosque de pino carrasco que intenta salir adelante entre las rocas y la poca tierra del lugar. Justo en la parte m\u00e1s alta de la loma aparec\u00eda una senda que ven\u00eda, parece, de lo profundo del barranco que queda entre la loma que pisamos y la nombrada pared\u2026 \u00a1\u00bfde d\u00f3nde vendr\u00e1?! A partir de aqu\u00ed seguimos sin p\u00e9rdida y cada vez con m\u00e1s inclinaci\u00f3n hasta la base de la canal, el pedregal, el Barranc de Les Marietes.<\/p>\n<p>Esta era la ruta o recorrido (casi inventado) que seguimos la primera o primeras veces. Despu\u00e9s se\u00f1alizaron la subida y una senda marcada con las pinturas blancas y amarillas nos dejaban hacer otro recorrido m\u00e1s llevadero y c\u00f3modo hasta la nombrada base de la canal. Que ser\u00eda el recorrido que deb\u00e9is de hacer si quer\u00e9is subir esta monta\u00f1a por este lado: hay que seguir el camino asfaltado como si fu\u00e9ramos a realizar el recorrido de Puig Campana, monta\u00f1a forcada, pero nada m\u00e1s comenzar y dejar el asfalto el recorrido sigue por la derecha por una ancha senda al principio como intentando adentrarse en el bosquecillo de la monta\u00f1a. Entonces aqu\u00ed tendremos la opci\u00f3n de seguir las marcas del P.R. que te llevan al Coll de Pouet por detr\u00e1s de la monta\u00f1a, rode\u00e1ndola como en Puig Campana, monta\u00f1a forcada, o seguir, justo despu\u00e9s de cruzar el canal por otro puentecillo, la senda que gira por la derecha loma arriba como en busca de las paredes del Puig Campana. Para llegar a la canal, pedregal, Barranc de Les Marietes, debemos seguir por \u00e9sta \u00faltima. No s\u00e9 si actualmente est\u00e1 se\u00f1alizado como P.R., ya que el pedregal est\u00e1 muy destrozado por el paso durante tanto tiempo de cientos o miles de personas y puede que no quieran se\u00f1alizar la subida por \u00e9l\u2026 pero creo que tampoco est\u00e1 prohibido.<\/p>\n<div id=\"attachment_34347\" style=\"width: 1034px\" class=\"wp-caption aligncenter\"><a class=\"dt-single-image\" href=\"https:\/\/www.monta\u00f1asdelaluna.es\/wp-content\/uploads\/2016\/11\/PuigCampana90A-4-001.jpg\" data-dt-img-description=\"\"><img loading=\"lazy\" decoding=\"async\" aria-describedby=\"caption-attachment-34347\" class=\"wp-image-34347 size-large\" src=\"https:\/\/www.monta\u00f1asdelaluna.es\/wp-content\/uploads\/2016\/11\/PuigCampana90A-4-001-1024x687.jpg\" alt=\"Metidos en el Barranc de Les Marietes, pedregal\" width=\"1024\" height=\"687\" srcset=\"https:\/\/www.monta\u00f1asdelaluna.es\/wp-content\/uploads\/2016\/11\/PuigCampana90A-4-001-1024x687.jpg 1024w, https:\/\/www.monta\u00f1asdelaluna.es\/wp-content\/uploads\/2016\/11\/PuigCampana90A-4-001-300x201.jpg 300w, https:\/\/www.monta\u00f1asdelaluna.es\/wp-content\/uploads\/2016\/11\/PuigCampana90A-4-001.jpg 1615w\" sizes=\"auto, (max-width: 1024px) 100vw, 1024px\" \/><\/a><p id=\"caption-attachment-34347\" class=\"wp-caption-text\">Metidos en el Barranc de Les Marietes, pedregal<\/p><\/div>\n<div id=\"attachment_34337\" style=\"width: 1950px\" class=\"wp-caption aligncenter\"><a class=\"dt-single-image\" href=\"https:\/\/www.monta\u00f1asdelaluna.es\/wp-content\/uploads\/2016\/11\/PuigCampana90-1-001A.jpg\" data-dt-img-description=\"\"><img loading=\"lazy\" decoding=\"async\" aria-describedby=\"caption-attachment-34337\" class=\"wp-image-34337 size-full\" src=\"https:\/\/www.monta\u00f1asdelaluna.es\/wp-content\/uploads\/2016\/11\/PuigCampana90-1-001A.jpg\" alt=\"Arriba del Barranc de Les Marietes, la cresta de la cima oeste\" width=\"1940\" height=\"1449\" srcset=\"https:\/\/www.monta\u00f1asdelaluna.es\/wp-content\/uploads\/2016\/11\/PuigCampana90-1-001A.jpg 1940w, https:\/\/www.monta\u00f1asdelaluna.es\/wp-content\/uploads\/2016\/11\/PuigCampana90-1-001A-300x224.jpg 300w, https:\/\/www.monta\u00f1asdelaluna.es\/wp-content\/uploads\/2016\/11\/PuigCampana90-1-001A-1024x765.jpg 1024w\" sizes=\"auto, (max-width: 1940px) 100vw, 1940px\" \/><\/a><p id=\"caption-attachment-34337\" class=\"wp-caption-text\">Arriba del Barranc de Les Marietes, la cresta de la cima oeste<\/p><\/div>\n<p>Entonces una senda marcada como m\u00ednimo por hitos, nos acercar\u00e1 hasta las paredes de la monta\u00f1a, hasta la parte baja del Barranc de Les Marietes, no sin antes hacer una especie de zigzag con un par de curvas solo en algo de subida, hasta adentrarse la senda en dicho barranco bajo las paredes sur del Puig Campana. Esta parte del recorrido es bonito. Antes nos hemos estado deleitando, sorprendiendo, maravillando con la vista impresionante de la ancha, alta y enorme pared, pilar de la cima oeste del Puig Campana; casi 800 mts. de encrespada, agujereada y vertical pared. Te das cuenta de la enormidad de lo que tienes delante y llegas a descubrir a alguna cordada que sube por en medio de alguna de las numerosas v\u00edas que tiene esta pared. Es una pared que sin exagerar puede ser comparable con grandes paredes de otras cordilleras y monta\u00f1as peninsulares, como el Naranjo de Bulnes, Mallos de Riglos, Los Galayos, Vignemale\u2026 por que otras paredes norte de altas cimas como el Mulhac\u00e9n, Veleta, Posets, Aneto\u2026 se quedan cortas. Casi, casi te estremece el alto y enorme semblante de esta pared, y un temor interior, primigenio, que estaba oculto parece renacer a peque\u00f1a escala solamente por estar bajo esta enorme estructura de roca creada por la Madre Tierra; es como el temor a los gigantes, a lo gigantesco con pintas de peligroso\u2026 no s\u00e9, pero es exageradamente soberbio, impresionante y precioso como gran pared vertical de roca, como pilar y antena de esta viva Gaia.<\/p>\n<p>La sendilla por el Barranc de Les Marietes nos llevar\u00e1 hasta la parte m\u00e1s alta de la loma que quedaba a nuestra derecha mientras subimos. Y es en esta parte cuando gira hacia la izquierda por fuera del bosquecillo y del barranco en busca de la entrada a la canal, al pedregal que sigue llam\u00e1ndose Barranc de Les Marietes. Incluso antes de llegar al comienzo de la canal por su interior, la subida es bastante inclinada y esforzada. Una gran roca en mitad de esta subida era utilizada por muchos para hacer una paridita, un descanso antes de emprender la subida m\u00e1s fuerte y esforzada de la monta\u00f1a: el pedregal del Puig Campana.<\/p>\n<div id=\"attachment_34349\" style=\"width: 1610px\" class=\"wp-caption aligncenter\"><a class=\"dt-single-image\" href=\"https:\/\/www.monta\u00f1asdelaluna.es\/wp-content\/uploads\/2016\/11\/PuigCampana90A-6-001.jpg\" data-dt-img-description=\"\"><img loading=\"lazy\" decoding=\"async\" aria-describedby=\"caption-attachment-34349\" class=\"wp-image-34349 size-full\" src=\"https:\/\/www.monta\u00f1asdelaluna.es\/wp-content\/uploads\/2016\/11\/PuigCampana90A-6-001.jpg\" alt=\"Desde la cima del Puig Campana, abajo la cresta dels Castellets, en el centro el Alto de la Penya de Sella en el centro izquierda y el Pe\u00f1\u00f3n Divino de Sella en el centro derecha, detr\u00e1s Sierra Aitana\" width=\"1600\" height=\"1083\" srcset=\"https:\/\/www.monta\u00f1asdelaluna.es\/wp-content\/uploads\/2016\/11\/PuigCampana90A-6-001.jpg 1600w, https:\/\/www.monta\u00f1asdelaluna.es\/wp-content\/uploads\/2016\/11\/PuigCampana90A-6-001-300x203.jpg 300w, https:\/\/www.monta\u00f1asdelaluna.es\/wp-content\/uploads\/2016\/11\/PuigCampana90A-6-001-1024x693.jpg 1024w\" sizes=\"auto, (max-width: 1600px) 100vw, 1600px\" \/><\/a><p id=\"caption-attachment-34349\" class=\"wp-caption-text\">Desde la cima del Puig Campana, abajo la cresta dels Castellets, en el centro el Alto de la Penya de Sella en el centro izquierda y el Pe\u00f1\u00f3n Divino de Sella en el centro derecha, detr\u00e1s Sierra Aitana<\/p><\/div>\n<div id=\"attachment_34350\" style=\"width: 1034px\" class=\"wp-caption aligncenter\"><a class=\"dt-single-image\" href=\"https:\/\/www.monta\u00f1asdelaluna.es\/wp-content\/uploads\/2016\/11\/PuigCampana90A-7-001.jpg\" data-dt-img-description=\"\"><img loading=\"lazy\" decoding=\"async\" aria-describedby=\"caption-attachment-34350\" class=\"wp-image-34350 size-large\" src=\"https:\/\/www.monta\u00f1asdelaluna.es\/wp-content\/uploads\/2016\/11\/PuigCampana90A-7-001-1024x689.jpg\" alt=\"Desde la cima del Puig Campana, delante el Ponoch, detr\u00e1s a la izquierda la Sierra del Ferrer, a la derecha la Sierra de Bernia, al fondo el Montg\u00f3, abajo derecha La Nucia y Polop\" width=\"1024\" height=\"689\" srcset=\"https:\/\/www.monta\u00f1asdelaluna.es\/wp-content\/uploads\/2016\/11\/PuigCampana90A-7-001-1024x689.jpg 1024w, https:\/\/www.monta\u00f1asdelaluna.es\/wp-content\/uploads\/2016\/11\/PuigCampana90A-7-001-300x202.jpg 300w, https:\/\/www.monta\u00f1asdelaluna.es\/wp-content\/uploads\/2016\/11\/PuigCampana90A-7-001.jpg 1617w\" sizes=\"auto, (max-width: 1024px) 100vw, 1024px\" \/><\/a><p id=\"caption-attachment-34350\" class=\"wp-caption-text\">Desde la cima del Puig Campana, delante el Ponoch, detr\u00e1s a la izquierda la Sierra del Ferrer, a la derecha la Sierra de Bernia, al fondo el Montg\u00f3, abajo derecha La Nucia y Polop<\/p><\/div>\n<p>Recuerdo las primeras veces la subida por en medio del pedregal: era muy esforzado, como en un buen pedregal era muy dif\u00edcil avanzar por en medio de \u00e9l, de las piedrecillas sueltas en una vertiente vertical que en lugar de subir, bajabas, \u201cdas un paso y bajas dos\u201d recuerdo que alguien que me dec\u00eda esto con respecto a lo dif\u00edcil que era subir por un buen pedregal o canchal. Era la parte de la ascensi\u00f3n donde m\u00e1s tard\u00e1bamos y m\u00e1s nos costaba subir. Ascensiones despu\u00e9s descubrimos que hay una senda en zigzag que sube casi paralelo al pedregal por su derecha sin necesidad de meterte de lleno en \u00e9l \u00a1\u00a1Que diferencia de subidas!! As\u00ed s\u00ed da gusto\u2026 aunque segu\u00eda muy inclinada la subida, era el doble de c\u00f3moda por esta sendilla\u2026 de vez en cuando te met\u00edas de nuevo en el pedregal, pero con un lecho de piedrecitas ya hecho para no resbalar y ni bajar.<\/p>\n<p>Impresionaba estar metido dentro de esta canal, dentro de este barranco. Rodeado de dos murallas de roca bastante m\u00e1s verticales que el propio terreno por el que ascend\u00edas. De vez en cuando aparec\u00edan nichos colgantes o agujas de roca, una arriba de la otra; era como una especie de recorrido sin salida, todo para arriba o abajo. Fabuloso. Contrariamente a la subida, la bajada por este pedregal, canchal era s\u00faper r\u00e1pida y divertida: era un enorme tobog\u00e1n de piedrecitas y piedras por el que poder bajar r\u00e1pidamente corriendo o dando saltos\u2026 como aquella bajada del pedregal de La Pe\u00f1a de La Mina. S\u00faper divertido y emocionante. Pero con el paso de los a\u00f1os mucha gente, monta\u00f1eros, curiosos, visitantes debieron de pensar lo mismo y poco a poco esas piedrecillas, esas piedras que te frenaban a la hora de bajar corriendo o dado saltos de c\u00famulos de piedrecillas en c\u00famulos de piedrecillas, iban literalmente desapareciendo, dispersando y bajando junto con el empuje de los monta\u00f1eros al bajar y pisarlos\u2026 con lo que al final solo encontrabas tierra resbaladiza y muy inclinada donde hab\u00edan piedrecillas, y eso era ya otro cantar. Hab\u00eda que ir con m\u00e1s cuidado. Por ello el desgaste contin\u00fao y sensible del Barranc de Les Marietes y su cierre al paso de alg\u00fan P.R. que te sub\u00eda por aqu\u00ed. Ahora los canchales y pedregales m\u00e1s intactos, en mejores condiciones los encontramos en la cara norte, tanto en la ruta se\u00f1alizada desde el Coll del Pouet de bajada como por otros derroteros justo bajo la misma cima.<\/p>\n<div id=\"attachment_34339\" style=\"width: 1034px\" class=\"wp-caption aligncenter\"><a class=\"dt-single-image\" href=\"https:\/\/www.monta\u00f1asdelaluna.es\/wp-content\/uploads\/2016\/11\/PuigCampana90-4-001.jpg\" data-dt-img-description=\"\"><img loading=\"lazy\" decoding=\"async\" aria-describedby=\"caption-attachment-34339\" class=\"wp-image-34339 size-large\" src=\"https:\/\/www.monta\u00f1asdelaluna.es\/wp-content\/uploads\/2016\/11\/PuigCampana90-4-001-1024x683.jpg\" alt=\"Cima del Puig Campana, 1.409 mts. de izquierda a derecha: Alfonso Lorezo, Miguel \u00c1ngel, Jos\u00e9 Mar\u00eda, Francisco Jos\u00e9 Grima y Paco Quiles\" width=\"1024\" height=\"683\" srcset=\"https:\/\/www.monta\u00f1asdelaluna.es\/wp-content\/uploads\/2016\/11\/PuigCampana90-4-001-1024x683.jpg 1024w, https:\/\/www.monta\u00f1asdelaluna.es\/wp-content\/uploads\/2016\/11\/PuigCampana90-4-001-300x200.jpg 300w, https:\/\/www.monta\u00f1asdelaluna.es\/wp-content\/uploads\/2016\/11\/PuigCampana90-4-001.jpg 1479w\" sizes=\"auto, (max-width: 1024px) 100vw, 1024px\" \/><\/a><p id=\"caption-attachment-34339\" class=\"wp-caption-text\">Cima del Puig Campana, 1.409 mts. de izquierda a derecha: Alfonso Lorezo, Miguel \u00c1ngel, Jos\u00e9 Mar\u00eda, Francisco Jos\u00e9 Grima y Paco Quiles<\/p><\/div>\n<div id=\"attachment_34351\" style=\"width: 1034px\" class=\"wp-caption aligncenter\"><a class=\"dt-single-image\" href=\"https:\/\/www.monta\u00f1asdelaluna.es\/wp-content\/uploads\/2016\/11\/PuigCampana90A-8-001.jpg\" data-dt-img-description=\"\"><img loading=\"lazy\" decoding=\"async\" aria-describedby=\"caption-attachment-34351\" class=\"wp-image-34351 size-large\" src=\"https:\/\/www.monta\u00f1asdelaluna.es\/wp-content\/uploads\/2016\/11\/PuigCampana90A-8-001-1024x687.jpg\" alt=\"Cima del Puig Campana, 1.409 mts. de izquierda a derecha: desconocido, Miguel \u00c1ngel, El Pali, Mar\u00eda Jes\u00fas, Francisco Jos\u00e9, Francisco Ram\u00f3n\" width=\"1024\" height=\"687\" srcset=\"https:\/\/www.monta\u00f1asdelaluna.es\/wp-content\/uploads\/2016\/11\/PuigCampana90A-8-001-1024x687.jpg 1024w, https:\/\/www.monta\u00f1asdelaluna.es\/wp-content\/uploads\/2016\/11\/PuigCampana90A-8-001-300x201.jpg 300w, https:\/\/www.monta\u00f1asdelaluna.es\/wp-content\/uploads\/2016\/11\/PuigCampana90A-8-001.jpg 1616w\" sizes=\"auto, (max-width: 1024px) 100vw, 1024px\" \/><\/a><p id=\"caption-attachment-34351\" class=\"wp-caption-text\">Cima del Puig Campana, 1.409 mts. de izquierda a derecha: desconocido, Miguel \u00c1ngel, El Pali, Mar\u00eda Jes\u00fas, Francisco Jos\u00e9, Francisco Ram\u00f3n<\/p><\/div>\n<p>Una vez llegados a un punto, la senda no te deja llegar al collado que une la cima m\u00e1s alta a la derecha de la picuda y crester\u00edo de la cima de la izquierda. En las primeras subidas s\u00ed que hac\u00edamos por llegar hasta dicho lugar, pero en las siguientes nos dimos cuenta que otra senda giraba a la derecha por entre pasos de roca y escalones, para enlazar con la senda principal que viene de este mismo collado y se dirige a la cima sin problemas. Por toda la ladera sur de la cima. Entonces aqu\u00ed ya enlazamos con el recorrido que se describe en <a href=\"https:\/\/www.monta\u00f1asdelaluna.es\/?p=26958\" target=\"_blank\" rel=\"noopener\">Puig Campana, monta\u00f1a forcada<\/a>, con las magn\u00edficas vistas (una vez que sales de la canal, del pedregal, del Barranc de Les Marietes) hacia el sur de la costa, Benidorm con su isla, Serra Gelada, Bah\u00eda de Altea, la espectacular Sierra de Bernia\u2026 estamos en la segunda monta\u00f1a m\u00e1s alta de Alicante con una cercan\u00eda al mar de no demasiados kil\u00f3metros, con lo que descubrir hasta d\u00f3nde puede llegar la vista desde este alto mirador nos puede sobrecoger: desde monta\u00f1as del sur de la provincia de Valencia (macizo del Mond\u00faver), las monta\u00f1as murcianas como Sierra Espu\u00f1a y hasta incluso en algunas pocas ocasiones la Isla de Ibiza en medio del mar\u2026 todo en d\u00edas muy claros y sabiendo lo que est\u00e1s viendo, conociendo la geograf\u00eda y los perfiles de las monta\u00f1as.<\/p>\n<p>Y as\u00ed, con un paseo por la ladera sur de la cima del Puig Campana llegamos a su cumbre. Almuerzo, comida\u2026 un fest\u00edn despu\u00e9s de la interesante subida y el viaje tan largo. Estamos a 1.409 mts. de altitud, pero mirando hacia el noroeste hay una ancha y aparentemente suave sierra que es casi 150 metros m\u00e1s alta en su pico m\u00e1s alto\u2026 donde unas extra\u00f1as bolas gigantescas han invadido su c\u00faspide: es Sierra Aitana. Las vistas son impresionantes: desde aquellas monta\u00f1as que ve\u00edas al fondo aquel alto pico y monta\u00f1a con forma c\u00f3nica, o aquella monta\u00f1a bic\u00e9fala con una larga y encrespada cresta cimera en la cumbre m\u00e1s baja de las dos, que seg\u00fan desde donde la veas le descubres aquella mella, aquel trozo que falta (descripciones de la monta\u00f1a desde la lejan\u00eda), pues esos sitios y m\u00e1s son los que ves desde la cima del Puig Campana.<\/p>\n<div id=\"attachment_34996\" style=\"width: 3501px\" class=\"wp-caption aligncenter\"><a class=\"dt-single-image\" href=\"https:\/\/www.monta\u00f1asdelaluna.es\/wp-content\/uploads\/2016\/12\/Puig-Campana-92-03-001.jpg\" data-dt-img-description=\"\"><img loading=\"lazy\" decoding=\"async\" aria-describedby=\"caption-attachment-34996\" class=\"wp-image-34996 size-full\" src=\"https:\/\/www.monta\u00f1asdelaluna.es\/wp-content\/uploads\/2016\/12\/Puig-Campana-92-03-001.jpg\" alt=\"Panor\u00e1mica suroeste de la comarca de La Marina Baja. De izquierda a derecha: costas altas de Villajoyosa y el Campello, al fondo los cabos de La Huerta y Santa Pola, Sierra d'Orxeta, abajo Baranc d'Angero, detr\u00e1s estribaciones del Carcondo y Traviesa, al fondo Cabe\u00e7\u00f3 d'Or y La Grana, delante derecha Alt del Realet\" width=\"3491\" height=\"944\" srcset=\"https:\/\/www.monta\u00f1asdelaluna.es\/wp-content\/uploads\/2016\/12\/Puig-Campana-92-03-001.jpg 3491w, https:\/\/www.monta\u00f1asdelaluna.es\/wp-content\/uploads\/2016\/12\/Puig-Campana-92-03-001-300x81.jpg 300w, https:\/\/www.monta\u00f1asdelaluna.es\/wp-content\/uploads\/2016\/12\/Puig-Campana-92-03-001-1024x277.jpg 1024w\" sizes=\"auto, (max-width: 3491px) 100vw, 3491px\" \/><\/a><p id=\"caption-attachment-34996\" class=\"wp-caption-text\">Panor\u00e1mica suroeste de la comarca de La Marina Baja. De izquierda a derecha: costas altas de Villajoyosa y el Campello, al fondo los cabos de La Huerta y Santa Pola, Sierra d&#8217;Orxeta, abajo Baranc d&#8217;Angero, detr\u00e1s estribaciones del Carcondo y Traviesa, al fondo Cabe\u00e7\u00f3 d&#8217;Or y La Grana, delante derecha Alt del Realet<\/p><\/div>\n<p>A veces hace frio en la cima si la subes en invierno, y otras veces puedes encontrar nieve si el invierno es frio y propicio. Esa nieve del Mediterr\u00e1neo que se va con los primeros rayos del c\u00e1lido sol. Entonces la monta\u00f1a ya se convierte en una de las m\u00e1s espectaculares de toda Alicante y del sureste peninsular. Inolvidable, majestuosa, m\u00edtica y sin igual. Eso s\u00ed, en verano hace el mismo calor o m\u00e1s que abajo en Finestrat, y puede ser peligroso si no est\u00e1s acostumbrado el meterte en medio de esta canal, pedregal, Barranco de Les Marietes que le da toda la \u201csolana\u201d, y las lipotimias est\u00e1n a la orden del d\u00eda. Arriba si corre el aire fresco mar\u00edtimo, es una gozada; y si quieres quedarte a dormir en su cima haciendo un vivac, recuerda que tambi\u00e9n baja la temperatura all\u00e1 arriba con cierta diferencia entre el d\u00eda y la noche. No es que sean temperaturas muy bajas, pero si vas en \u201cmangas de camisa\u201d pasaras frio.<\/p>\n<p>Y una vez que la has subido hay que bajarla alg\u00fan d\u00eda. Puedes bajar por el lado norte y hacer la vuelta como en <a href=\"https:\/\/www.monta\u00f1asdelaluna.es\/?p=26958\" target=\"_blank\" rel=\"noopener\">Puig Campana, monta\u00f1a forcada<\/a>, tanto hacia la izquierda como a la derecha en el Coll de Pouet el camino te tiene que llevar a la Font del Mol\u00ed. O puedes bajarla por el mismo sitio por el que la hemos subido, como hac\u00edamos en las primeras ascensiones ya hace a\u00f1os. Ahora es desaconsejable y est\u00e1 casi prohibido, no tanto por la peligrosidad del barranco por el desgaste del pedregal, que s\u00ed la puede haber, si no que la \u201cerosi\u00f3n humana\u201d es muy agresiva aqu\u00ed como ya hemos contado por la cantidad de gente la ha transitado, y es mejor no seguir haciendo da\u00f1o a la monta\u00f1a.<\/p>\n<div id=\"attachment_34352\" style=\"width: 1034px\" class=\"wp-caption aligncenter\"><a class=\"dt-single-image\" href=\"https:\/\/www.monta\u00f1asdelaluna.es\/wp-content\/uploads\/2016\/11\/PuigCampana90A-9-001.jpg\" data-dt-img-description=\"\"><img loading=\"lazy\" decoding=\"async\" aria-describedby=\"caption-attachment-34352\" class=\"wp-image-34352 size-large\" src=\"https:\/\/www.monta\u00f1asdelaluna.es\/wp-content\/uploads\/2016\/11\/PuigCampana90A-9-001-1024x688.jpg\" alt=\"El Pali y Miguel \u00c1ngel bajando por el Barranc de Les Marietes, el pedregal\" width=\"1024\" height=\"688\" srcset=\"https:\/\/www.monta\u00f1asdelaluna.es\/wp-content\/uploads\/2016\/11\/PuigCampana90A-9-001-1024x688.jpg 1024w, https:\/\/www.monta\u00f1asdelaluna.es\/wp-content\/uploads\/2016\/11\/PuigCampana90A-9-001-300x202.jpg 300w, https:\/\/www.monta\u00f1asdelaluna.es\/wp-content\/uploads\/2016\/11\/PuigCampana90A-9-001.jpg 1615w\" sizes=\"auto, (max-width: 1024px) 100vw, 1024px\" \/><\/a><p id=\"caption-attachment-34352\" class=\"wp-caption-text\">El Pali y Miguel \u00c1ngel bajando por el Barranc de Les Marietes, el pedregal<\/p><\/div>\n<div id=\"attachment_34353\" style=\"width: 833px\" class=\"wp-caption aligncenter\"><a class=\"dt-single-image\" href=\"https:\/\/www.monta\u00f1asdelaluna.es\/wp-content\/uploads\/2016\/11\/PuigCampana90A-10-001.jpg\" data-dt-img-description=\"\"><img loading=\"lazy\" decoding=\"async\" aria-describedby=\"caption-attachment-34353\" class=\"wp-image-34353 \" src=\"https:\/\/www.monta\u00f1asdelaluna.es\/wp-content\/uploads\/2016\/11\/PuigCampana90A-10-001.jpg\" alt=\"Francisco Ram\u00f3n bajando por el Barranc de Les Marietes, el pedregal\" width=\"823\" height=\"1211\" srcset=\"https:\/\/www.monta\u00f1asdelaluna.es\/wp-content\/uploads\/2016\/11\/PuigCampana90A-10-001.jpg 1095w, https:\/\/www.monta\u00f1asdelaluna.es\/wp-content\/uploads\/2016\/11\/PuigCampana90A-10-001-204x300.jpg 204w, https:\/\/www.monta\u00f1asdelaluna.es\/wp-content\/uploads\/2016\/11\/PuigCampana90A-10-001-696x1024.jpg 696w\" sizes=\"auto, (max-width: 823px) 100vw, 823px\" \/><\/a><p id=\"caption-attachment-34353\" class=\"wp-caption-text\">Francisco Ram\u00f3n bajando por el Barranc de Les Marietes, el pedregal<\/p><\/div>\n<p>Me da la impresi\u00f3n de que me dejo algo por describir, contar sobre esta magn\u00edfica y altiva monta\u00f1a alicantina; la monta\u00f1a de las monta\u00f1as de Alicante. Pero es que las experiencias aqu\u00ed han sido tan ricas por cada vez que en una actividad tocaba su falda, su cima, sus vistas\u2026 Es muy recomendable si eres monta\u00f1ero y te gusta descubrir nuevos rincones, nuevas monta\u00f1as; si est\u00e1s por Alicante, deja un d\u00eda para subir esta impresionante y preciosa monta\u00f1a. Merecer\u00e1 la pena sin duda. Disfrutarla, conocerla, admirarla y guardarla para que sus rincones nos duren muy bien cuidados.<\/p>\n<p>Relato sacado del art\u00edculo LA MONTA\u00d1A DE ROLD\u00c1N escrito con el mismo t\u00edtulo en el n\u00famero 5 de la desaparecida revista Centro Verde del Centro Excursionista Almorad\u00ed, en febrero de 1.994:<\/p>\n<p><span style=\"color: #ff0000;\">Hablar del Puig Campana en Alicante es como hablar de La Sagra en Granada, Almenaras en Albacete, Revolcadores en Murcia o como el Pe\u00f1agolosa en Castell\u00f3n. No representa la cumbre culminante en Alicante, aunque sea la segunda; pero s\u00ed la m\u00e1s representativa, la m\u00e1s en\u00e9rgica. Concretamente est\u00e1 situada en una comarca abrupta, siendo punto culminante y m\u00e1s alto de todas las sierras y monta\u00f1as que la rodean, excepto de la cercana Sierra Aitana. <\/span><\/p>\n<p><span style=\"color: #ff0000;\">\u00a0\u00a0\u00a0\u00a0\u00a0 El Puig Campana, s\u00edmbolo de la Marina Baja, es un pico relativamente bajo si hablamos en general con respecto a todas las alturas de Espa\u00f1a. Esto no impide que sea incre\u00edblemente abrupto y escarpado, visible en los d\u00edas claros desde la propia Vega Baja, y reconocible por su faz escarpada y esbelta coronada por dos puntas, una m\u00e1s alta que la otra.<\/span><\/p>\n<p><span style=\"color: #ff0000;\">\u00a0\u00a0\u00a0\u00a0\u00a0\u00a0 El pico se encuentra en el t\u00e9rmino municipal del cercano y bello pueblo de Finestrat, cuyo nombre tiene una curiosa denominaci\u00f3n: se dice que finestrat deriva de las palabras catalanas \u201cfi d\u2019estat\u201d (\u201cFin del Estado\u201d), porque all\u00ed terminaba el Estado del Reino de Arag\u00f3n.<\/span><\/p>\n<p><span style=\"color: #ff0000;\">\u00a0\u00a0\u00a0\u00a0\u00a0 Para acercarnos al Puig Campana desde Finestrat, cogeremos una pista asfaltada hacia el norte de la poblaci\u00f3n, hacia la fuente que llaman de Molino (\u201cFont del Mol\u00ed\u201d). Desde aqu\u00ed la vista del norte es impresionante: la escarpada y alta cara sur de la pared del pico, se superpone a la misma cima, sin dejar ver la cumbre del pico, no porque se anteponga, sino por la altura y ondulaci\u00f3n de la propia cima, que desde una distancia muy baja del pico no se llega a ver. <\/span><\/p>\n<div id=\"attachment_35003\" style=\"width: 1772px\" class=\"wp-caption aligncenter\"><a class=\"dt-single-image\" href=\"https:\/\/www.monta\u00f1asdelaluna.es\/wp-content\/uploads\/2016\/12\/Puig-Campana-92-10-001.jpg\" data-dt-img-description=\"\"><img loading=\"lazy\" decoding=\"async\" aria-describedby=\"caption-attachment-35003\" class=\"wp-image-35003 size-full\" src=\"https:\/\/www.monta\u00f1asdelaluna.es\/wp-content\/uploads\/2016\/12\/Puig-Campana-92-10-001.jpg\" alt=\"Ilu y Luis bajando del Puig Campana, atr\u00e1s queda el pedregal, Barranc de Les Marietes y las paredes del Puig Campana cubiertas\" width=\"1762\" height=\"1185\" srcset=\"https:\/\/www.monta\u00f1asdelaluna.es\/wp-content\/uploads\/2016\/12\/Puig-Campana-92-10-001.jpg 1762w, https:\/\/www.monta\u00f1asdelaluna.es\/wp-content\/uploads\/2016\/12\/Puig-Campana-92-10-001-300x202.jpg 300w, https:\/\/www.monta\u00f1asdelaluna.es\/wp-content\/uploads\/2016\/12\/Puig-Campana-92-10-001-1024x689.jpg 1024w\" sizes=\"auto, (max-width: 1762px) 100vw, 1762px\" \/><\/a><p id=\"caption-attachment-35003\" class=\"wp-caption-text\">Ilu y Luis bajando del Puig Campana, atr\u00e1s queda el pedregal, Barranc de Les Marietes y las paredes del Puig Campana cubiertas<\/p><\/div>\n<div id=\"attachment_34354\" style=\"width: 1034px\" class=\"wp-caption aligncenter\"><a class=\"dt-single-image\" href=\"https:\/\/www.monta\u00f1asdelaluna.es\/wp-content\/uploads\/2016\/11\/PuigCampana90A-11-001.jpg\" data-dt-img-description=\"\"><img loading=\"lazy\" decoding=\"async\" aria-describedby=\"caption-attachment-34354\" class=\"wp-image-34354 size-large\" src=\"https:\/\/www.monta\u00f1asdelaluna.es\/wp-content\/uploads\/2016\/11\/PuigCampana90A-11-001-1024x691.jpg\" alt=\"Camino de la Font del Mol\u00ed vemos Benidorm y su isla a la derecha\" width=\"1024\" height=\"691\" srcset=\"https:\/\/www.monta\u00f1asdelaluna.es\/wp-content\/uploads\/2016\/11\/PuigCampana90A-11-001-1024x691.jpg 1024w, https:\/\/www.monta\u00f1asdelaluna.es\/wp-content\/uploads\/2016\/11\/PuigCampana90A-11-001-300x202.jpg 300w, https:\/\/www.monta\u00f1asdelaluna.es\/wp-content\/uploads\/2016\/11\/PuigCampana90A-11-001.jpg 1609w\" sizes=\"auto, (max-width: 1024px) 100vw, 1024px\" \/><\/a><p id=\"caption-attachment-34354\" class=\"wp-caption-text\">Camino de la Font del Mol\u00ed vemos Benidorm y su isla a la derecha<\/p><\/div>\n<p><span style=\"color: #ff0000;\">\u00a0\u00a0\u00a0\u00a0\u00a0 El desnivel, que desde el pueblo hasta la cima de m\u00e1s de 1.100 metros de altitud es casi 3 kil\u00f3metros en l\u00ednea recta, provoca un efecto visual imponente, con su pared sur de m\u00e1s de 600 metros de altitud y la oeste que no se vislumbra desde la Font del Mol\u00ed, de m\u00e1s de 800 metros de altitud.<\/span><\/p>\n<p><span style=\"color: #ff0000;\">\u00a0\u00a0\u00a0\u00a0\u00a0 Pero lo m\u00e1s caracter\u00edstico de este pico es su subida. Siguiendo la senda de Al-Azrak durante un par de horas, por las laderas sur del pico, entre la pared sur y los pe\u00f1ascos de la parte derecha, por un pedregal implacable en una dura subida. Llegando a un collado entre las laderas a la derecha de la cumbre, todav\u00eda escondida, y a la izquierda, las escarpadas paredes entre las que se encuentra la \u201cmelladura\u201d del Tajo de Rold\u00e1n, podremos contemplar desde la cima uno de los paisajes levantinos m\u00e1s excepcionales: incluso en los d\u00edas claros se puede distinguir en el horizonte las Islas Baleares con Ibiza a la cabeza.<\/span><\/p>\n<p><span style=\"color: #ff0000;\">\u00a0\u00a0\u00a0\u00a0\u00a0 Ya en la cumbre, la pared norte nos muestra los otros picos de la senda de Al-Azrak, tan escarpados, abruptos y bellos como el mismo Puig Campana, hacia la parte este de la alargada y alta loma de Sierra Aitana, vi\u00e9ndose en la parte m\u00e1s alta unas grandes antenas a una altura de 1.558 metros de altitud; el Ponoch (1.181 mts.), El Sanchet (Cabal) (1.160 mts.) y los escarpados picachos denominados Farallones de los Almaseres de m\u00e1s de mil metros de altura, nos muestran uno de los paisajes m\u00e1s bellos y abruptos de Alicante.<\/span><\/p>\n<p><span style=\"color: #ff0000;\">\u00a0\u00a0\u00a0\u00a0\u00a0 Entrado en la mitolog\u00eda, leyenda e historia de este pico cabe se\u00f1alar la leyenda de Rold\u00e1n y el famoso tajo de \u00e9ste, visible desde cualquier punto de la parte sureste del pico. El trozo de roca que el h\u00e9roe franc\u00e9s arranc\u00f3 del pico para vencer y matar a los moros enemigos, cuenta la leyenda, es la famosa Isla de Benidorm, visible desde las alturas. (De alguna manera es un s\u00edmil geogr\u00e1fico y m\u00edtico a la famosa Brecha de Rolando en el Pirineo frontera entre Espa\u00f1a y Francia, Ordesa y Gavarnie, en la que el \u201cgigante\u201d Rold\u00e1n de un espadazo crea dicha brecha, dicho hueco por causas y razones diferentes en cada caso. Est\u00e1 claro que no es historia ni realidad, pero puede ser qu\u00e9 en alg\u00fan momento pasado, la visi\u00f3n tan parecida en la lejan\u00eda de ambas brechas, hizo que tambi\u00e9n se \u201casemejaran\u201d sus leyendas) Tambi\u00e9n por estas tierras cruz\u00f3 el ya nombrado caudillo moro, cabecilla de una rebeli\u00f3n contra el centralismo de los Austrias: Al-Azrak; al que gust\u00f3 tanto la tierra alicantina, que despu\u00e9s de ser expulsado volvi\u00f3 para reconquistarla.<\/span><\/p>\n<p><span style=\"color: #ff0000;\">\u00a0\u00a0\u00a0\u00a0\u00a0 Para finalizar diremos que se solicita parque natural Monta\u00f1as de La Marina sobre 15.100 hect\u00e1reas, donde se incluir\u00eda Sierra Aitana, el Puig Campana, La Serrella, Sierra de Bernia\u2026 ya que es la mejor reserva paisaj\u00edstica del litoral alicantino, con abundantes fen\u00f3menos k\u00e1rsticos, cuevas con importantes paredes, y barrancos que determinan un paisaje figurativo de la alta monta\u00f1a.<\/span><\/p>\n<p><span style=\"color: #ff0000;\">\u00a0\u00a0\u00a0\u00a0\u00a0 Cualquier \u00e9poca es buena para acercarnos a estas monta\u00f1as, especial y espectacularmente en febrero, donde, en inviernos fr\u00edos, la nieve juega un papel paisaj\u00edstico inolvidable.<\/span><\/p>\n<div id=\"attachment_43376\" style=\"width: 831px\" class=\"wp-caption aligncenter\"><a class=\"dt-single-image\" href=\"https:\/\/www.monta\u00f1asdelaluna.es\/wp-content\/uploads\/1993\/05\/CentroVerde-febrero94-01-001.web_.jpg\" data-dt-img-description=\"\"><img loading=\"lazy\" decoding=\"async\" aria-describedby=\"caption-attachment-43376\" class=\"wp-image-43376 \" src=\"https:\/\/www.monta\u00f1asdelaluna.es\/wp-content\/uploads\/1993\/05\/CentroVerde-febrero94-01-001.web_.jpg\" alt=\"Portada Centro Verde Febrero 94\" width=\"821\" height=\"1164\" srcset=\"https:\/\/www.monta\u00f1asdelaluna.es\/wp-content\/uploads\/1993\/05\/CentroVerde-febrero94-01-001.web_.jpg 1278w, https:\/\/www.monta\u00f1asdelaluna.es\/wp-content\/uploads\/1993\/05\/CentroVerde-febrero94-01-001.web_-212x300.jpg 212w, https:\/\/www.monta\u00f1asdelaluna.es\/wp-content\/uploads\/1993\/05\/CentroVerde-febrero94-01-001.web_-722x1024.jpg 722w\" sizes=\"auto, (max-width: 821px) 100vw, 821px\" \/><\/a><p id=\"caption-attachment-43376\" class=\"wp-caption-text\">Portada Centro Verde Febrero 94<\/p><\/div>\n<div id=\"attachment_43384\" style=\"width: 833px\" class=\"wp-caption aligncenter\"><a class=\"dt-single-image\" href=\"https:\/\/www.monta\u00f1asdelaluna.es\/wp-content\/uploads\/1990\/01\/CentroVerde-febrero94-03-001.web_.jpg\" data-dt-img-description=\"\"><img loading=\"lazy\" decoding=\"async\" aria-describedby=\"caption-attachment-43384\" class=\"wp-image-43384 \" src=\"https:\/\/www.monta\u00f1asdelaluna.es\/wp-content\/uploads\/1990\/01\/CentroVerde-febrero94-03-001.web_.jpg\" alt=\"Cetnro Verde Febrero 94, p\u00e1gina 6\" width=\"823\" height=\"1155\" srcset=\"https:\/\/www.monta\u00f1asdelaluna.es\/wp-content\/uploads\/1990\/01\/CentroVerde-febrero94-03-001.web_.jpg 1311w, https:\/\/www.monta\u00f1asdelaluna.es\/wp-content\/uploads\/1990\/01\/CentroVerde-febrero94-03-001.web_-214x300.jpg 214w, https:\/\/www.monta\u00f1asdelaluna.es\/wp-content\/uploads\/1990\/01\/CentroVerde-febrero94-03-001.web_-730x1024.jpg 730w\" sizes=\"auto, (max-width: 823px) 100vw, 823px\" \/><\/a><p id=\"caption-attachment-43384\" class=\"wp-caption-text\">Cetnro Verde Febrero 94, p\u00e1gina 6<\/p><\/div>\n<div id=\"attachment_43385\" style=\"width: 832px\" class=\"wp-caption aligncenter\"><a class=\"dt-single-image\" href=\"https:\/\/www.monta\u00f1asdelaluna.es\/wp-content\/uploads\/1990\/01\/CentroVerde-febrero94-04-001.web_.jpg\" data-dt-img-description=\"\"><img loading=\"lazy\" decoding=\"async\" aria-describedby=\"caption-attachment-43385\" class=\"wp-image-43385 \" src=\"https:\/\/www.monta\u00f1asdelaluna.es\/wp-content\/uploads\/1990\/01\/CentroVerde-febrero94-04-001.web_.jpg\" alt=\"Centro Verde Febrero 94, p\u00e1gina 7\" width=\"822\" height=\"1159\" srcset=\"https:\/\/www.monta\u00f1asdelaluna.es\/wp-content\/uploads\/1990\/01\/CentroVerde-febrero94-04-001.web_.jpg 1321w, https:\/\/www.monta\u00f1asdelaluna.es\/wp-content\/uploads\/1990\/01\/CentroVerde-febrero94-04-001.web_-213x300.jpg 213w, https:\/\/www.monta\u00f1asdelaluna.es\/wp-content\/uploads\/1990\/01\/CentroVerde-febrero94-04-001.web_-726x1024.jpg 726w\" sizes=\"auto, (max-width: 822px) 100vw, 822px\" \/><\/a><p id=\"caption-attachment-43385\" class=\"wp-caption-text\">Centro Verde Febrero 94, p\u00e1gina 7<\/p><\/div>\n<div id=\"attachment_45214\" style=\"width: 1836px\" class=\"wp-caption aligncenter\"><a class=\"dt-single-image\" href=\"https:\/\/www.monta\u00f1asdelaluna.es\/wp-content\/uploads\/1990\/01\/PuigCampanaPiolet-001.croquis.web_.jpg\" data-dt-img-description=\"\"><img loading=\"lazy\" decoding=\"async\" aria-describedby=\"caption-attachment-45214\" class=\"wp-image-45214 size-full\" src=\"https:\/\/www.monta\u00f1asdelaluna.es\/wp-content\/uploads\/1990\/01\/PuigCampanaPiolet-001.croquis.web_.jpg\" alt=\"Croquis de la subida al Puig Campana por el pedregal, Barranc de Les Marietes, desde la Font del Mol\u00ed\" width=\"1826\" height=\"1391\" srcset=\"https:\/\/www.monta\u00f1asdelaluna.es\/wp-content\/uploads\/1990\/01\/PuigCampanaPiolet-001.croquis.web_.jpg 1826w, https:\/\/www.monta\u00f1asdelaluna.es\/wp-content\/uploads\/1990\/01\/PuigCampanaPiolet-001.croquis.web_-300x229.jpg 300w, https:\/\/www.monta\u00f1asdelaluna.es\/wp-content\/uploads\/1990\/01\/PuigCampanaPiolet-001.croquis.web_-1024x780.jpg 1024w\" sizes=\"auto, (max-width: 1826px) 100vw, 1826px\" \/><\/a><p id=\"caption-attachment-45214\" class=\"wp-caption-text\">Croquis de la subida al Puig Campana por el pedregal, Barranc de Les Marietes, desde la Font del Mol\u00ed<\/p><\/div>\n<div id=\"attachment_34360\" style=\"width: 1123px\" class=\"wp-caption aligncenter\"><a class=\"dt-single-image\" href=\"https:\/\/www.monta\u00f1asdelaluna.es\/wp-content\/uploads\/1990\/01\/Puigcampana.croquis.web_.jpg\" data-dt-img-description=\"\"><img loading=\"lazy\" decoding=\"async\" aria-describedby=\"caption-attachment-34360\" class=\"wp-image-34360 size-full\" src=\"https:\/\/www.monta\u00f1asdelaluna.es\/wp-content\/uploads\/1990\/01\/Puigcampana.croquis.web_.jpg\" alt=\"Croquis de la subida al Puig Campana por el pedregal, Barranc de Les Marietes\" width=\"1113\" height=\"922\" srcset=\"https:\/\/www.monta\u00f1asdelaluna.es\/wp-content\/uploads\/1990\/01\/Puigcampana.croquis.web_.jpg 1113w, https:\/\/www.monta\u00f1asdelaluna.es\/wp-content\/uploads\/1990\/01\/Puigcampana.croquis.web_-300x249.jpg 300w, https:\/\/www.monta\u00f1asdelaluna.es\/wp-content\/uploads\/1990\/01\/Puigcampana.croquis.web_-1024x848.jpg 1024w\" sizes=\"auto, (max-width: 1113px) 100vw, 1113px\" \/><\/a><p id=\"caption-attachment-34360\" class=\"wp-caption-text\">Croquis de la subida al Puig Campana por el pedregal, Barranc de Les Marietes<\/p><\/div>\n<p>[vc_separator][\/vc_column_text][\/vc_column][\/vc_row][vc_row][vc_column][vc_empty_space height=\u00bb60px\u00bb][\/vc_column][\/vc_row][vc_row][vc_column][vc_cta h2=\u00bb\u00c1lbum de fotos\u00bb txt_align=\u00bbcenter\u00bb add_button=\u00bbbottom\u00bb btn_title=\u00bbVer fotos\u00bb btn_color=\u00bbwarning\u00bb btn_align=\u00bbcenter\u00bb btn_link=\u00bburl:https%3A%2F%2Fmonta%C3%B1asdelaluna.es%2F%3Fdt_gallery%3Ddescubriendo-el-puig-campana-2|title:Puig%20Campana%2C%20la%20monta%C3%B1a%20de%20Rold%C3%A1n|target:_blank\u00bb css=\u00bb.vc_custom_1626039638929{background-color: #8bc4ed !important;}\u00bb]Puedes ver todas las fotos del relato y actividad en forma de presentaci\u00f3n o individuales pinchando aqui \u00a1No te las pierdas![\/vc_cta][\/vc_column][\/vc_row][vc_row][vc_column][vc_empty_space][\/vc_column][\/vc_row][vc_row][vc_column][vc_cta h2=\u00bb\u00c1lbum de fotos\u00bb txt_align=\u00bbcenter\u00bb add_button=\u00bbbottom\u00bb btn_title=\u00bbVer fotos\u00bb btn_color=\u00bbwarning\u00bb btn_align=\u00bbcenter\u00bb btn_link=\u00bburl:https%3A%2F%2Fmonta%C3%B1asdelaluna.es%2F%3Fdt_gallery%3Dpuig-campana-por-el-barranc-de-les-marietes-2|title:Puig%20Campana%20por%20el%20Barranc%20de%20Les%20Marietes|target:_blank\u00bb css=\u00bb.vc_custom_1626039654049{background-color: #8bc4ed !important;}\u00bb]Puedes ver las fotos Puig Campana por el Barranc de les Marietes, realizadas en el oto\u00f1o de 1.990, pinchando aqui \u00a1No te las pierdas![\/vc_cta][vc_empty_space][\/vc_column][\/vc_row][vc_row][vc_column][vc_cta h2=\u00bb\u00c1lbum de fotos\u00bb txt_align=\u00bbcenter\u00bb add_button=\u00bbbottom\u00bb btn_title=\u00bbVer fotos\u00bb btn_color=\u00bbwarning\u00bb btn_align=\u00bbcenter\u00bb btn_link=\u00bburl:https%3A%2F%2Fmonta%C3%B1asdelaluna.es%2F%3Fdt_gallery%3Dpuig-campana-con-ilu-y-luis-2|title:Puig%20Campana%20con%20Ilu%20y%20Luis|target:_blank\u00bb css=\u00bb.vc_custom_1626039672969{background-color: #8bc4ed !important;}\u00bb]Puedes ver las fotos Puig Campana con Ilu y Luis, realizadas el 5 de abril de 1.992, pinchando aqui \u00a1No te las pierdas![\/vc_cta][vc_empty_space][vc_cta h2=\u00bb\u00c1lbum de fotos\u00bb txt_align=\u00bbcenter\u00bb add_button=\u00bbbottom\u00bb btn_title=\u00bbVer fotos\u00bb btn_color=\u00bbwarning\u00bb btn_align=\u00bbcenter\u00bb btn_link=\u00bburl:https%3A%2F%2Fmonta%C3%B1asdelaluna.es%2F%3Fdt_gallery%3Dpuig-campana-una-nevada-en-abril-2|title:Puig%20Campana%2C%20una%20nevada%20en%20abril|target:_blank\u00bb css=\u00bb.vc_custom_1626039689473{background-color: #8bc4ed !important;}\u00bb]Puedes ver las fotos Puig Campana, una nevada de abril, realizadas el 24 de abril de 1.994, pinchando aqui \u00a1No te las pierdas![\/vc_cta][vc_empty_space][vc_cta h2=\u00bb\u00c1lbum de fotos\u00bb txt_align=\u00bbcenter\u00bb add_button=\u00bbbottom\u00bb btn_title=\u00bbVer fotos\u00bb btn_color=\u00bbwarning\u00bb btn_align=\u00bbcenter\u00bb btn_link=\u00bburl:https%3A%2F%2Fmonta%C3%B1asdelaluna.es%2F%3Fdt_gallery%3D2o-paso-15|title:Puig%20Campana%20con%20Rafa%2C%20Fernando%20y%20V%C3%ADctor|target:_blank\u00bb css=\u00bb.vc_custom_1626039705254{background-color: #8bc4ed !important;}\u00bb]Puedes ver las fotos Puig Campana con Rafa, Fernando y V\u00edctor, realizadas en oto\u00f1o de 2.001, pinchando aqui \u00a1No te las pierdas![\/vc_cta][vc_empty_space][vc_cta h2=\u00bb\u00c1lbum de fotos\u00bb txt_align=\u00bbcenter\u00bb add_button=\u00bbbottom\u00bb btn_title=\u00bbVer fotos\u00bb btn_color=\u00bbwarning\u00bb btn_align=\u00bbcenter\u00bb btn_link=\u00bburl:https%3A%2F%2Fmonta%C3%B1asdelaluna.es%2F%3Fdt_gallery%3Dpuig-campana-bajada-directa-cara-norte-2|title:Puig%20Campana.%20Bajada%20directa%20cara%20norte|target:_blank\u00bb css=\u00bb.vc_custom_1626039719722{background-color: #8bc4ed !important;}\u00bb]Puedes ver las fotos Puig Campana. Bajada directa cara norte, realizadas en verano de 2.002, pinchando aqui \u00a1No te las pierdas![\/vc_cta][\/vc_column][\/vc_row][vc_row][vc_column][vc_empty_space height=\u00bb60px\u00bb][\/vc_column][\/vc_row][vc_row][vc_column width=\u00bb1\/6&#8243;][\/vc_column][vc_column width=\u00bb1\/3&#8243;][vc_empty_space height=\u00bb26px\u00bb][vc_raw_html]JTNDaWZyYW1lJTIwc3JjJTNEJTIyaHR0cHMlM0ElMkYlMkZ3d3cubWV0ZW9ibHVlLmNvbSUyRmVzJTJGdGllbXBvJTJGd2lkZ2V0JTJGZGFpbHklMkZmaW5lc3RyYXRfZXNwYSUyNWMzJTI1YjFhXzI1MTc3MTklM0ZnZW9sb2MlM0RmaXhlZCUyNmRheXMlM0Q3JTI2dGVtcHVuaXQlM0RDRUxTSVVTJTI2d2luZHVuaXQlM0RLSUxPTUVURVJfUEVSX0hPVVIlMjZjb2xvdXJlZCUzRGNvbG91cmVkJTI2cGljdG9pY29uJTNEMSUyNm1heHRlbXBlcmF0dXJlJTNEMSUyNm1pbnRlbXBlcmF0dXJlJTNEMSUyNndpbmRzcGVlZCUzRDElMjZ3aW5kZ3VzdCUzRDElMjZ3aW5kZGlyZWN0aW9uJTNEMSUyNnByZWNpcGl0YXRpb24lM0QxJTI2cHJlY2lwaXRhdGlvbnByb2JhYmlsaXR5JTNEMSUyNnNwb3QlM0QxJTI2cHJlc3N1cmUlM0QxJTI2bGF5b3V0JTNEbGlnaHQlMjIlMjAlMjBmcmFtZWJvcmRlciUzRCUyMjAlMjIlMjBzY3JvbGxpbmclM0QlMjJOTyUyMiUyMGFsbG93dHJhbnNwYXJlbmN5JTNEJTIydHJ1ZSUyMiUyMHNhbmRib3glM0QlMjJhbGxvdy1zYW1lLW9yaWdpbiUyMGFsbG93LXNjcmlwdHMlMjBhbGxvdy1wb3B1cHMlMjIlMjBzdHlsZSUzRCUyMndpZHRoJTNBJTIwMzc4cHglM0JoZWlnaHQlM0ElMjA0MTNweCUyMiUzRSUzQyUyRmlmcmFtZSUzRSUzQ2RpdiUzRSUzQyUyMS0tJTIwRE8lMjBOT1QlMjBSRU1PVkUlMjBUSElTJTIwTElOSyUyMC0tJTNFJTNDYSUyMGhyZWYlM0QlMjJodHRwcyUzQSUyRiUyRnd3dy5tZXRlb2JsdWUuY29tJTJGZXMlMkZ0aWVtcG8lMkZwcm9ub3N0aWNvJTJGc2VtYW5hJTJGZmluZXN0cmF0X2VzcGElMjVjMyUyNWIxYV8yNTE3NzE5JTNGdXRtX3NvdXJjZSUzRHdlYXRoZXJfd2lkZ2V0JTI2dXRtX21lZGl1bSUzRGxpbmt1cyUyNnV0bV9jb250ZW50JTNEZGFpbHklMjZ1dG1fY2FtcGFpZ24lM0RXZWF0aGVyJTI1MkJXaWRnZXQlMjIlMjB0YXJnZXQlM0QlMjJfYmxhbmslMjIlM0VtZXRlb2JsdWUlM0MlMkZhJTNFJTNDJTJGZGl2JTNF[\/vc_raw_html][\/vc_column][vc_column width=\u00bb1\/3&#8243;][vc_column_text]Tiempo cima del Puig Campana[\/vc_column_text][vc_raw_html]JTNDaWZyYW1lJTIwc3JjJTNEJTIyaHR0cHMlM0ElMkYlMkZ3d3cubWV0ZW9ibHVlLmNvbSUyRmVzJTJGdGllbXBvJTJGd2lkZ2V0JTJGZGFpbHklMkYzOC41OTdOLTAuMTkzRTEzNjJfRXVyb3BlJTI1MkZNYWRyaWQlM0ZnZW9sb2MlM0RmaXhlZCUyNmRheXMlM0Q3JTI2dGVtcHVuaXQlM0RDRUxTSVVTJTI2d2luZHVuaXQlM0RLSUxPTUVURVJfUEVSX0hPVVIlMjZjb2xvdXJlZCUzRGNvbG91cmVkJTI2cGljdG9pY29uJTNEMSUyNm1heHRlbXBlcmF0dXJlJTNEMSUyNm1pbnRlbXBlcmF0dXJlJTNEMSUyNndpbmRzcGVlZCUzRDElMjZ3aW5kZ3VzdCUzRDElMjZ3aW5kZGlyZWN0aW9uJTNEMSUyNnByZWNpcGl0YXRpb24lM0QxJTI2cHJlY2lwaXRhdGlvbnByb2JhYmlsaXR5JTNEMSUyNnNwb3QlM0QxJTI2cHJlc3N1cmUlM0QxJTI2bGF5b3V0JTNEbGlnaHQlMjIlMjAlMjBmcmFtZWJvcmRlciUzRCUyMjAlMjIlMjBzY3JvbGxpbmclM0QlMjJOTyUyMiUyMGFsbG93dHJhbnNwYXJlbmN5JTNEJTIydHJ1ZSUyMiUyMHNhbmRib3glM0QlMjJhbGxvdy1zYW1lLW9yaWdpbiUyMGFsbG93LXNjcmlwdHMlMjBhbGxvdy1wb3B1cHMlMjIlMjBzdHlsZSUzRCUyMndpZHRoJTNBJTIwMzc4cHglM0JoZWlnaHQlM0ElMjA0MTNweCUyMiUzRSUzQyUyRmlmcmFtZSUzRSUzQ2RpdiUzRSUzQyUyMS0tJTIwRE8lMjBOT1QlMjBSRU1PVkUlMjBUSElTJTIwTElOSyUyMC0tJTNFJTNDYSUyMGhyZWYlM0QlMjJodHRwcyUzQSUyRiUyRnd3dy5tZXRlb2JsdWUuY29tJTJGZXMlMkZ0aWVtcG8lMkZwcm9ub3N0aWNvJTJGc2VtYW5hJTJGMzguNTk3Ti0wLjE5M0UxMzYyX0V1cm9wZSUyNTJGTWFkcmlkJTNGdXRtX3NvdXJjZSUzRHdlYXRoZXJfd2lkZ2V0JTI2dXRtX21lZGl1bSUzRGxpbmt1cyUyNnV0bV9jb250ZW50JTNEZGFpbHklMjZ1dG1fY2FtcGFpZ24lM0RXZWF0aGVyJTI1MkJXaWRnZXQlMjIlMjB0YXJnZXQlM0QlMjJfYmxhbmslMjIlM0VtZXRlb2JsdWUlM0MlMkZhJTNFJTNDJTJGZGl2JTNF[\/vc_raw_html][\/vc_column][vc_column width=\u00bb1\/6&#8243;][\/vc_column][\/vc_row]<\/p>\n","protected":false},"excerpt":{"rendered":"<p>[vc_row][vc_column][vc_column_text]No s\u00e9 si antes de ir por primera vez a subir el Puig Campana ya hab\u00eda o\u00eddo hablar de \u00e9l; el caso es que la primera excursi\u00f3n que hicimos a sus faldas y cima me pareci\u00f3 como de otro nivel al acostumbrado. Incluso \u00edbamos a estar todo el d\u00eda y comer en la monta\u00f1a (normalmente&hellip;<\/p>\n","protected":false},"author":1,"featured_media":34346,"comment_status":"open","ping_status":"open","sticky":false,"template":"","format":"standard","meta":[],"categories":[83],"tags":[],"class_list":["post-34358","post","type-post","status-publish","format-standard","has-post-thumbnail","hentry","category-aitana-y-puig-campana","category-83","description-off"],"_links":{"self":[{"href":"https:\/\/www.monta\u00f1asdelaluna.es\/index.php?rest_route=\/wp\/v2\/posts\/34358","targetHints":{"allow":["GET"]}}],"collection":[{"href":"https:\/\/www.monta\u00f1asdelaluna.es\/index.php?rest_route=\/wp\/v2\/posts"}],"about":[{"href":"https:\/\/www.monta\u00f1asdelaluna.es\/index.php?rest_route=\/wp\/v2\/types\/post"}],"author":[{"embeddable":true,"href":"https:\/\/www.monta\u00f1asdelaluna.es\/index.php?rest_route=\/wp\/v2\/users\/1"}],"replies":[{"embeddable":true,"href":"https:\/\/www.monta\u00f1asdelaluna.es\/index.php?rest_route=%2Fwp%2Fv2%2Fcomments&post=34358"}],"version-history":[{"count":27,"href":"https:\/\/www.monta\u00f1asdelaluna.es\/index.php?rest_route=\/wp\/v2\/posts\/34358\/revisions"}],"predecessor-version":[{"id":50335,"href":"https:\/\/www.monta\u00f1asdelaluna.es\/index.php?rest_route=\/wp\/v2\/posts\/34358\/revisions\/50335"}],"wp:featuredmedia":[{"embeddable":true,"href":"https:\/\/www.monta\u00f1asdelaluna.es\/index.php?rest_route=\/wp\/v2\/media\/34346"}],"wp:attachment":[{"href":"https:\/\/www.monta\u00f1asdelaluna.es\/index.php?rest_route=%2Fwp%2Fv2%2Fmedia&parent=34358"}],"wp:term":[{"taxonomy":"category","embeddable":true,"href":"https:\/\/www.monta\u00f1asdelaluna.es\/index.php?rest_route=%2Fwp%2Fv2%2Fcategories&post=34358"},{"taxonomy":"post_tag","embeddable":true,"href":"https:\/\/www.monta\u00f1asdelaluna.es\/index.php?rest_route=%2Fwp%2Fv2%2Ftags&post=34358"}],"curies":[{"name":"wp","href":"https:\/\/api.w.org\/{rel}","templated":true}]}}