{"id":34857,"date":"2016-12-03T20:18:47","date_gmt":"2016-12-03T20:18:47","guid":{"rendered":"http:\/\/monta\u00f1asdelaluna.com\/?p=34857"},"modified":"2021-08-12T20:28:46","modified_gmt":"2021-08-12T20:28:46","slug":"2o-travesia-por-la-garrotxa-les-finestres-1o-dia-sant-aniol-de-finestres-santa-pau","status":"publish","type":"post","link":"https:\/\/www.monta\u00f1asdelaluna.es\/?p=34857","title":{"rendered":"2\u00ba Traves\u00eda por La Garrotxa, Les Finestres. 1\u00ba d\u00eda: Sant Aniol de Finestres-Santa Pau"},"content":{"rendered":"<p>[vc_row][vc_column][vc_column_text]Despu\u00e9s de 2 a\u00f1os de la \u00faltima y primera traves\u00eda por los espacios, volcanes y lugares de la estupenda y verde comarca de La Garrotxa, ya ten\u00eda ganas de volver y realizar otra, con destino Santa Pau y el singular Hostal de Can Menci\u00f3, y cenar en Can Rafelic.<\/p>\n<p>Pero la idea era realizar una traves\u00eda de 2 d\u00edas sin tocar direcciones de la anterior traves\u00eda, entonces mirando poblaciones, lugares y recorridos vi que desde el pueblo de Sant Aniol de Finestres se pod\u00eda hacer perfectamente hacia Santa Pau cruzando la Sierra de Les Finestres. Adem\u00e1s tocaremos lugares, sendas y recorridos de dicha sierra que ya me recorr\u00ed en el relato <a href=\"https:\/\/www.monta\u00f1asdelaluna.es\/?p=20500\" target=\"_blank\" rel=\"noopener\">Serra de Les Finestres,<\/a> con lo que parte del camino era conocido.<\/p>\n<div id=\"attachment_34656\" style=\"width: 1034px\" class=\"wp-caption aligncenter\"><a class=\"dt-single-image\" href=\"https:\/\/www.monta\u00f1asdelaluna.es\/wp-content\/uploads\/2016\/12\/IMG_2490.jpg\" data-dt-img-description=\"\"><img loading=\"lazy\" decoding=\"async\" aria-describedby=\"caption-attachment-34656\" class=\"wp-image-34656 size-large\" src=\"https:\/\/www.monta\u00f1asdelaluna.es\/wp-content\/uploads\/2016\/12\/IMG_2490-1024x768.jpg\" alt=\"Sierra de Les Finestres desde Sant Aniol de Finestres, a la izquierda el Puig Sallan\u00e7a y a la derecha el Castell de Finestres\" width=\"1024\" height=\"768\" srcset=\"https:\/\/www.monta\u00f1asdelaluna.es\/wp-content\/uploads\/2016\/12\/IMG_2490-1024x768.jpg 1024w, https:\/\/www.monta\u00f1asdelaluna.es\/wp-content\/uploads\/2016\/12\/IMG_2490-300x225.jpg 300w, https:\/\/www.monta\u00f1asdelaluna.es\/wp-content\/uploads\/2016\/12\/IMG_2490.jpg 1824w\" sizes=\"auto, (max-width: 1024px) 100vw, 1024px\" \/><\/a><p id=\"caption-attachment-34656\" class=\"wp-caption-text\">Sierra de Les Finestres desde Sant Aniol de Finestres, a la izquierda el Puig Sallan\u00e7a y a la derecha el Castell de Finestres<\/p><\/div>\n<div id=\"attachment_34658\" style=\"width: 1834px\" class=\"wp-caption aligncenter\"><a class=\"dt-single-image\" href=\"https:\/\/www.monta\u00f1asdelaluna.es\/wp-content\/uploads\/2016\/12\/IMG_2492.jpg\" data-dt-img-description=\"\"><img loading=\"lazy\" decoding=\"async\" aria-describedby=\"caption-attachment-34658\" class=\"wp-image-34658 size-full\" src=\"https:\/\/www.monta\u00f1asdelaluna.es\/wp-content\/uploads\/2016\/12\/IMG_2492.jpg\" alt=\"Sant Aniol de Finestres\" width=\"1824\" height=\"1368\" srcset=\"https:\/\/www.monta\u00f1asdelaluna.es\/wp-content\/uploads\/2016\/12\/IMG_2492.jpg 1824w, https:\/\/www.monta\u00f1asdelaluna.es\/wp-content\/uploads\/2016\/12\/IMG_2492-300x225.jpg 300w, https:\/\/www.monta\u00f1asdelaluna.es\/wp-content\/uploads\/2016\/12\/IMG_2492-1024x768.jpg 1024w\" sizes=\"auto, (max-width: 1824px) 100vw, 1824px\" \/><\/a><p id=\"caption-attachment-34658\" class=\"wp-caption-text\">Sant Aniol de Finestres<\/p><\/div>\n<p>Al final solo Anna y yo somos los aventureros que nos atrevemos a realizar esta marcha Anna con su mochilita en miniatura, casi de juguete, y yo con el mochil\u00f3n de traves\u00eda. Esta primera parte no deb\u00eda de ser demasiado larga y estar antes de las 4 de la tarde en Santa Pau ya que sobre esa hora comenzaba el Bar\u00e7a-Madrid y hab\u00eda que verlo. Pero tampoco salimos temprano de Sant Aniol de Finestres, al contrario, salimos m\u00e1s tarde que en la anterior traves\u00eda. Por ello descart\u00e9 el acercarnos al pico m\u00e1s alto de la Sierra de Finestres, el Puig Sallan\u00e7a y dar una peque\u00f1a vuelta por su cima para admirar y recrear nuestra vista con el estupendo hayedo, con los magn\u00edficos ejemplares de hayas que all\u00e1 nos encontramos en <a href=\"https:\/\/www.monta\u00f1asdelaluna.es\/?p=20500\" target=\"_blank\" rel=\"noopener\">Serra de Les Finestres.<\/a><\/p>\n<p>El tiempo no iba a ser tan bueno como en la pasada traves\u00eda, pero tampoco llegar\u00eda a hacer tanto fr\u00edo como hace dos a\u00f1os. Este primer d\u00eda nos encontramos un d\u00eda soleado, templado, incluso para remangarse la manga larga en la sudada subida en la Sierra de Les Finestres; pero el domingo, al d\u00eda siguiente pod\u00eda caer alguna llovizna, el d\u00eda iba a estar m\u00e1s nublado\u2026 ya veremos.<\/p>\n<div id=\"attachment_34664\" style=\"width: 1034px\" class=\"wp-caption aligncenter\"><a class=\"dt-single-image\" href=\"https:\/\/www.monta\u00f1asdelaluna.es\/wp-content\/uploads\/2016\/12\/IMG_2505.jpg\" data-dt-img-description=\"\"><img loading=\"lazy\" decoding=\"async\" aria-describedby=\"caption-attachment-34664\" class=\"wp-image-34664 size-large\" src=\"https:\/\/www.monta\u00f1asdelaluna.es\/wp-content\/uploads\/2016\/12\/IMG_2505-1024x768.jpg\" alt=\"Senda hacia el Santuari de Finestres\" width=\"1024\" height=\"768\" srcset=\"https:\/\/www.monta\u00f1asdelaluna.es\/wp-content\/uploads\/2016\/12\/IMG_2505-1024x768.jpg 1024w, https:\/\/www.monta\u00f1asdelaluna.es\/wp-content\/uploads\/2016\/12\/IMG_2505-300x225.jpg 300w, https:\/\/www.monta\u00f1asdelaluna.es\/wp-content\/uploads\/2016\/12\/IMG_2505.jpg 1824w\" sizes=\"auto, (max-width: 1024px) 100vw, 1024px\" \/><\/a><p id=\"caption-attachment-34664\" class=\"wp-caption-text\">Senda hacia el Santuari de Finestres<\/p><\/div>\n<div id=\"attachment_34665\" style=\"width: 1034px\" class=\"wp-caption aligncenter\"><a class=\"dt-single-image\" href=\"https:\/\/www.monta\u00f1asdelaluna.es\/wp-content\/uploads\/2016\/12\/IMG_2506.jpg\" data-dt-img-description=\"\"><img loading=\"lazy\" decoding=\"async\" aria-describedby=\"caption-attachment-34665\" class=\"wp-image-34665 size-large\" src=\"https:\/\/www.monta\u00f1asdelaluna.es\/wp-content\/uploads\/2016\/12\/IMG_2506-1024x768.jpg\" alt=\"Anna en la senda hacia el Santuari de Finestres\" width=\"1024\" height=\"768\" srcset=\"https:\/\/www.monta\u00f1asdelaluna.es\/wp-content\/uploads\/2016\/12\/IMG_2506-1024x768.jpg 1024w, https:\/\/www.monta\u00f1asdelaluna.es\/wp-content\/uploads\/2016\/12\/IMG_2506-300x225.jpg 300w, https:\/\/www.monta\u00f1asdelaluna.es\/wp-content\/uploads\/2016\/12\/IMG_2506.jpg 1824w\" sizes=\"auto, (max-width: 1024px) 100vw, 1024px\" \/><\/a><p id=\"caption-attachment-34665\" class=\"wp-caption-text\">Anna en la senda hacia el Santuari de Finestres<\/p><\/div>\n<p>La idea es salir a las 10 en punto de la ma\u00f1ana de Sant Aniol de Finestres, enclavado casi al final del Valle de Ll\u00e8mena, al norte del mismo, y al sur de las boscosas y verdes laderas de la Sierra de Les Finestres. O sea, quedaba al sur de Santa Pau que se encuentra al otro lado de la nombrada sierra con lo que primero que \u00edbamos a encontrarnos es con las laderas sur o cara sur de la Sierra de Les Finestres. Para iniciar el recorrido se\u00f1alado muy bien en el mapa Alpina (esta vez todos los recorridos estar\u00e1n se\u00f1alados con G.R. o P.R. para que no haya confusiones y no nos encontremos con alguna puerta o valla que nos cierre el paso) no hay que entrar en el mismo pueblo justo despu\u00e9s de cruzar el puente sobre la Torrent de Conques y unos enormes \u00e1rboles y vegetaci\u00f3n, a derecha e izquierda nos quedaran sendos caser\u00edos, el de la derecha es un restaurante que dicen que no puedes pedir carta, que comes lo que el due\u00f1o ha decidido cocinar ese d\u00eda\u2026 es Can Tura. Reconocible por la cantidad de animalillos con alas que tienen sueltos por los alrededores de la casa.<\/p>\n<p>Justo desde aqu\u00ed sale un camino asfaltado recto hacia el norte que atraviesa campos de labranza o pasto, y va en direcci\u00f3n a una frondosa y tupida sierra; esta es la Sierra de Les Finestres. Justo al comenzar esta pista asfaltada o carreterilla, unos carteles indicadores que nos hablan de la comarca, de recorridos y dem\u00e1s, nos dan la se\u00f1al de que por aqu\u00ed es por donde hay que seguir. Marcas de P.R. blancas y amarillas aparecen por sitios pegados al camino asfaltado. Sant Aniol de Finestres queda a la izquierda, siguiendo la carretera medio kil\u00f3metro m\u00e1s; en alto, en la ladera de una boscosa colina. La iglesia y sobre todo su campanar resalta sobre el resto de las pocas y grandes casas. Nosotros dejamos el coche nada m\u00e1s comenzar la subida bajo el pueblo, para luego ir andando esos pocos metros hasta el comienzo del caminillo asfaltado al otro lado de los carteles, y dejando a la derecha las casas y animalillos de Can Tura.<\/p>\n<div id=\"attachment_34667\" style=\"width: 1034px\" class=\"wp-caption aligncenter\"><a class=\"dt-single-image\" href=\"https:\/\/www.monta\u00f1asdelaluna.es\/wp-content\/uploads\/2016\/12\/IMG_2509.jpg\" data-dt-img-description=\"\"><img loading=\"lazy\" decoding=\"async\" aria-describedby=\"caption-attachment-34667\" class=\"wp-image-34667 size-large\" src=\"https:\/\/www.monta\u00f1asdelaluna.es\/wp-content\/uploads\/2016\/12\/IMG_2509-1024x768.jpg\" alt=\"Senda hacia el Santuari de Finestres\" width=\"1024\" height=\"768\" srcset=\"https:\/\/www.monta\u00f1asdelaluna.es\/wp-content\/uploads\/2016\/12\/IMG_2509-1024x768.jpg 1024w, https:\/\/www.monta\u00f1asdelaluna.es\/wp-content\/uploads\/2016\/12\/IMG_2509-300x225.jpg 300w, https:\/\/www.monta\u00f1asdelaluna.es\/wp-content\/uploads\/2016\/12\/IMG_2509.jpg 1824w\" sizes=\"auto, (max-width: 1024px) 100vw, 1024px\" \/><\/a><p id=\"caption-attachment-34667\" class=\"wp-caption-text\">Senda hacia el Santuari de Finestres<\/p><\/div>\n<div id=\"attachment_34670\" style=\"width: 1034px\" class=\"wp-caption aligncenter\"><a class=\"dt-single-image\" href=\"https:\/\/www.monta\u00f1asdelaluna.es\/wp-content\/uploads\/2016\/12\/IMG_2513.jpg\" data-dt-img-description=\"\"><img loading=\"lazy\" decoding=\"async\" aria-describedby=\"caption-attachment-34670\" class=\"wp-image-34670 size-large\" src=\"https:\/\/www.monta\u00f1asdelaluna.es\/wp-content\/uploads\/2016\/12\/IMG_2513-1024x768.jpg\" alt=\"Santa Mar\u00eda de Finestres\" width=\"1024\" height=\"768\" srcset=\"https:\/\/www.monta\u00f1asdelaluna.es\/wp-content\/uploads\/2016\/12\/IMG_2513-1024x768.jpg 1024w, https:\/\/www.monta\u00f1asdelaluna.es\/wp-content\/uploads\/2016\/12\/IMG_2513-300x225.jpg 300w, https:\/\/www.monta\u00f1asdelaluna.es\/wp-content\/uploads\/2016\/12\/IMG_2513.jpg 1824w\" sizes=\"auto, (max-width: 1024px) 100vw, 1024px\" \/><\/a><p id=\"caption-attachment-34670\" class=\"wp-caption-text\">Santa Mar\u00eda de Finestres<\/p><\/div>\n<p>Enfrente nuestro y bajo un cielo radiante, azul claro y un d\u00eda soleado no demasiado fr\u00edo, aparece la Sierra de Les Finestres con su impresionante bosque, frondoso, ex\u00f3tico, y sus recovecos, sus paredes, \u201ccingles\u201d y perfiles que le dan una forma y figura peculiar una mole sobre dos filas de paredes que aparecen por encima y en medio del verde bosque, forma la parte m\u00e1s alta de la sierra, la cima del Puig Sallan\u00e7a. A la derecha una boscosa crestecilla con 3 piquitos redondeados, uno de ellos, el m\u00e1s alto, con una mole de roca en la parte m\u00e1s alta que le d\u00e1 forma, pero no tan grande como en la mole del Puig Sallan\u00e7a\u2026 es el Castell de Finestres. Bajo estos promontorios del Castell de Finestres y algo m\u00e1s a la izquierda en la cima de una boscosa ladera de la sierra que sube hasta dicho lugar, aparece una construcci\u00f3n llamativa y sobresaliente pero no demasiado abultada en la inmensidad del bosque de la Sierra de Les Finestres es Santa Mar\u00eda de Finestres. Por estos dos \u00faltimos lugares tengo intenci\u00f3n de pasar y visitar (casi por obligaci\u00f3n por qu\u00e9 pillan de camino hacia Santa Pau desde aqu\u00ed, al menos Santa Mar\u00eda de Finestres). Y ambos lugares ya visitados en el nombrado relato <a href=\"https:\/\/www.monta\u00f1asdelaluna.es\/?p=20500\" target=\"_blank\" rel=\"noopener\">Serra de Les Finestres.<\/a><\/p>\n<p>As\u00ed pues nos ponemos en marcha cruzando esos campos labrados en busca de los bosques de la Sierra de Les Finestres caminando primeramente por el caminillo asfaltado. Al otro lado del mismo, \u00e9ste acaba o se bifurca en otros dos, o acaba en otro que le es perpendicular y paralelo a la ladera de la sierra que ya empieza a empinarse. Un cartel indicador de recorridos nos muestra e informa de los diferentes lugares a los que podemos llegar; justo al otro lado del puente que cruza la Riera de Ll\u00e8mena, r\u00edo que cruza todo el valle hacia el sur, sureste y nace en esta c\u00e9lebre sierra. El bosque aqu\u00ed ya comienza a cubrirnos. Giramos a la izquierda siguiendo este camino ya sin asfaltar y a pocos pasos (hay que ir atentos para no pasarnos) descubrimos otro cartelito con indicaciones a la izquierda y un paso como de subida al otro lado del camino, en el lado derecho del mismo, casi invisible, pero que es el inicio del sendero marcado como P.R. que nos subir\u00e1, por toda la boscosa ladera sur de la Sierra de Les Finestres hasta la nombrada Santa Mar\u00eda de Finestres.<\/p>\n<div id=\"attachment_34676\" style=\"width: 1834px\" class=\"wp-caption aligncenter\"><a class=\"dt-single-image\" href=\"https:\/\/www.monta\u00f1asdelaluna.es\/wp-content\/uploads\/2016\/12\/IMG_2522.jpg\" data-dt-img-description=\"\"><img loading=\"lazy\" decoding=\"async\" aria-describedby=\"caption-attachment-34676\" class=\"wp-image-34676 size-full\" src=\"https:\/\/www.monta\u00f1asdelaluna.es\/wp-content\/uploads\/2016\/12\/IMG_2522.jpg\" alt=\"Anna subiendo a Santa Mar\u00eda de Finestres\" width=\"1824\" height=\"1368\" srcset=\"https:\/\/www.monta\u00f1asdelaluna.es\/wp-content\/uploads\/2016\/12\/IMG_2522.jpg 1824w, https:\/\/www.monta\u00f1asdelaluna.es\/wp-content\/uploads\/2016\/12\/IMG_2522-300x225.jpg 300w, https:\/\/www.monta\u00f1asdelaluna.es\/wp-content\/uploads\/2016\/12\/IMG_2522-1024x768.jpg 1024w\" sizes=\"auto, (max-width: 1824px) 100vw, 1824px\" \/><\/a><p id=\"caption-attachment-34676\" class=\"wp-caption-text\">Anna subiendo a Santa Mar\u00eda de Finestres<\/p><\/div>\n<div id=\"attachment_34679\" style=\"width: 1034px\" class=\"wp-caption aligncenter\"><a class=\"dt-single-image\" href=\"https:\/\/www.monta\u00f1asdelaluna.es\/wp-content\/uploads\/2016\/12\/IMG_2529.jpg\" data-dt-img-description=\"\"><img loading=\"lazy\" decoding=\"async\" aria-describedby=\"caption-attachment-34679\" class=\"wp-image-34679 size-large\" src=\"https:\/\/www.monta\u00f1asdelaluna.es\/wp-content\/uploads\/2016\/12\/IMG_2529-1024x768.jpg\" alt=\"Joaqu\u00edn llegando al Santuari de Finestres o Santa Mar\u00eda de Finestres\" width=\"1024\" height=\"768\" srcset=\"https:\/\/www.monta\u00f1asdelaluna.es\/wp-content\/uploads\/2016\/12\/IMG_2529-1024x768.jpg 1024w, https:\/\/www.monta\u00f1asdelaluna.es\/wp-content\/uploads\/2016\/12\/IMG_2529-300x225.jpg 300w, https:\/\/www.monta\u00f1asdelaluna.es\/wp-content\/uploads\/2016\/12\/IMG_2529.jpg 1824w\" sizes=\"auto, (max-width: 1024px) 100vw, 1024px\" \/><\/a><p id=\"caption-attachment-34679\" class=\"wp-caption-text\">Joaqu\u00edn llegando al Santuari de Finestres o Santa Mar\u00eda de Finestres<\/p><\/div>\n<p>\u201cSanta Pau (por Santa Mar\u00eda de Finestres) 3 h. 20 m.\u201d nos dice el cartelito \u201c\u00a1\u00a1No est\u00e1 muy lejos!!\u201d, se asombra Anna\u2026 \u00a1A ver lo que tardamos! Hemos salido sobre las 10\u201920 de la ma\u00f1ana y antes de las 4 de la tarde hay que estar en Santa Pau; seg\u00fan el cartelito y a\u00fan con la subida (que no lo cuenta el cartelito) al Castell de Finestres, nos debe de dar tiempo e incluso recrearnos. Y por una hendidura a la derecha en el camino que le han puesto algunos troncos en forma de escalones, nos adentramos en la fant\u00e1stica Sierra de Les Finestres.<\/p>\n<p>La soledad y unos pocos tiros lejanos de cazadores ser\u00e1n nuestros acompa\u00f1antes hasta toparnos con una \u201cfamilia\u201d de vacas y la construcci\u00f3n de Santa Mar\u00eda de Finestres. La subida al ser P.R. est\u00e1 muy bien marcada y es paulatina, con pocos o ninguno desniveles fuertes para superar la altura del fondo del Valle de Ll\u00e8mena y la ubicaci\u00f3n de Santa Mar\u00eda de Finestres. Adem\u00e1s discurre por verdes y frondosos pasajes del tupido bosque de la sierra por su cara sur; sobre todo encinas y algunos robles, quercus en general, invaden toda la ladera sin dar ocasi\u00f3n a despejar la monta\u00f1a\u2026 en muy pocas partes de la subida se despeja para ver el sol, el cielo o el escondido paisaje en la subida.<\/p>\n<div id=\"attachment_34682\" style=\"width: 1834px\" class=\"wp-caption aligncenter\"><a class=\"dt-single-image\" href=\"https:\/\/www.monta\u00f1asdelaluna.es\/wp-content\/uploads\/2016\/12\/IMG_2534.jpg\" data-dt-img-description=\"\"><img loading=\"lazy\" decoding=\"async\" aria-describedby=\"caption-attachment-34682\" class=\"wp-image-34682 size-full\" src=\"https:\/\/www.monta\u00f1asdelaluna.es\/wp-content\/uploads\/2016\/12\/IMG_2534.jpg\" alt=\"Puig Sallan\u00e7a desde Santa Mar\u00eda de Finestres\" width=\"1824\" height=\"1024\" srcset=\"https:\/\/www.monta\u00f1asdelaluna.es\/wp-content\/uploads\/2016\/12\/IMG_2534.jpg 1824w, https:\/\/www.monta\u00f1asdelaluna.es\/wp-content\/uploads\/2016\/12\/IMG_2534-300x168.jpg 300w, https:\/\/www.monta\u00f1asdelaluna.es\/wp-content\/uploads\/2016\/12\/IMG_2534-1024x575.jpg 1024w\" sizes=\"auto, (max-width: 1824px) 100vw, 1824px\" \/><\/a><p id=\"caption-attachment-34682\" class=\"wp-caption-text\">Puig Sallan\u00e7a desde Santa Mar\u00eda de Finestres<\/p><\/div>\n<div id=\"attachment_34683\" style=\"width: 1034px\" class=\"wp-caption aligncenter\"><a class=\"dt-single-image\" href=\"https:\/\/www.monta\u00f1asdelaluna.es\/wp-content\/uploads\/2016\/12\/IMG_2535.jpg\" data-dt-img-description=\"\"><img loading=\"lazy\" decoding=\"async\" aria-describedby=\"caption-attachment-34683\" class=\"wp-image-34683 size-large\" src=\"https:\/\/www.monta\u00f1asdelaluna.es\/wp-content\/uploads\/2016\/12\/IMG_2535-1024x768.jpg\" alt=\"Anna llegando a Santa Mar\u00eda de Finestres\" width=\"1024\" height=\"768\" srcset=\"https:\/\/www.monta\u00f1asdelaluna.es\/wp-content\/uploads\/2016\/12\/IMG_2535-1024x768.jpg 1024w, https:\/\/www.monta\u00f1asdelaluna.es\/wp-content\/uploads\/2016\/12\/IMG_2535-300x225.jpg 300w, https:\/\/www.monta\u00f1asdelaluna.es\/wp-content\/uploads\/2016\/12\/IMG_2535.jpg 1824w\" sizes=\"auto, (max-width: 1024px) 100vw, 1024px\" \/><\/a><p id=\"caption-attachment-34683\" class=\"wp-caption-text\">Anna llegando a Santa Mar\u00eda de Finestres<\/p><\/div>\n<div id=\"attachment_34684\" style=\"width: 833px\" class=\"wp-caption aligncenter\"><a class=\"dt-single-image\" href=\"https:\/\/www.monta\u00f1asdelaluna.es\/wp-content\/uploads\/2016\/12\/IMG_2539.jpg\" data-dt-img-description=\"\"><img loading=\"lazy\" decoding=\"async\" aria-describedby=\"caption-attachment-34684\" class=\"wp-image-34684 \" src=\"https:\/\/www.monta\u00f1asdelaluna.es\/wp-content\/uploads\/2016\/12\/IMG_2539.jpg\" alt=\"Anna en el pasadizo bajo la torre de Santa Mar\u00eda de Finestres\" width=\"823\" height=\"1097\" srcset=\"https:\/\/www.monta\u00f1asdelaluna.es\/wp-content\/uploads\/2016\/12\/IMG_2539.jpg 1368w, https:\/\/www.monta\u00f1asdelaluna.es\/wp-content\/uploads\/2016\/12\/IMG_2539-225x300.jpg 225w, https:\/\/www.monta\u00f1asdelaluna.es\/wp-content\/uploads\/2016\/12\/IMG_2539-768x1024.jpg 768w\" sizes=\"auto, (max-width: 823px) 100vw, 823px\" \/><\/a><p id=\"caption-attachment-34684\" class=\"wp-caption-text\">Anna en el pasadizo bajo la torre de Santa Mar\u00eda de Finestres<\/p><\/div>\n<p>Poco hay que decir de la subida por la senda marcada. Es f\u00e1cil y parece larga si vas a un ritmo m\u00e1s lento del que toca. No hay muchos cruces y yo de vez en cuando miro el Alpina que dibuja exacto el recorrido de la senda que llevamos, pero hay que seguir siempre las marcas del P.R. No hay p\u00e9rdida. Al cabo de un tiempo nos topamos con una pista cementada que sube haciendo zigzag con curvas pronunciadas en busca de las alturas de la monta\u00f1a. Aqu\u00ed decidimos parar a desayunar, almorzar, ya que veo que la construcci\u00f3n de Santa Mar\u00eda de Finestres a\u00fan queda relativamente lejillos como para esperar y seguir subiendo con el est\u00f3mago vac\u00edo y Anna sin parar de decir que tiene hambre y quiere parar a comer. Otro solitario ciclista aparece con todo su esfuerzo y valent\u00eda subiendo por la pista cementada, mientras nosotros nos ocultamos bajo las encinas y pinos a la vera de los l\u00edmites del camino.<\/p>\n<p>Al cabo de unos minutos decidimos seguir la senda. Unas vacas con sus terneritos nos cierran tiernamente el camino a seguir. Al poco de caminar por la marcada senda ya vemos entre las copas de las encinas la construcci\u00f3n medio fortificada de Santa Mar\u00eda de Finestres; con esa torre medio circular como sacada de un castillo medieval y esa ubicaci\u00f3n tan estrat\u00e9gica como paso obligado si quieres cruzar al otro lado. Poco despu\u00e9s la senda marcada nos saca de nuevo a una pista, la misma pista de antes que esta vez no quiere subir m\u00e1s y seguir camino de Mieres. Nosotros la seguimos en pocos metros hasta que las marcas del P.R. nos indican que nos desviemos por otro caminito m\u00e1s intransitable hacia la izquierda y arriba en busca de unas casas medio abandonadas. La construcci\u00f3n de Santa Mar\u00eda de Finestres la tenemos aqu\u00ed arriba a menos de veinte minutos. Estamos en Raspats.<\/p>\n<div id=\"attachment_34694\" style=\"width: 1834px\" class=\"wp-caption aligncenter\"><a class=\"dt-single-image\" href=\"https:\/\/www.monta\u00f1asdelaluna.es\/wp-content\/uploads\/2016\/12\/IMG_2557.jpg\" data-dt-img-description=\"\"><img loading=\"lazy\" decoding=\"async\" aria-describedby=\"caption-attachment-34694\" class=\"wp-image-34694 size-full\" src=\"https:\/\/www.monta\u00f1asdelaluna.es\/wp-content\/uploads\/2016\/12\/IMG_2557.jpg\" alt=\"Anna llegando al Castell de Finestres, detr\u00e1s el Puig Sallan\u00e7a y a la izquierda el Santuari de Finestres\" width=\"1824\" height=\"1368\" srcset=\"https:\/\/www.monta\u00f1asdelaluna.es\/wp-content\/uploads\/2016\/12\/IMG_2557.jpg 1824w, https:\/\/www.monta\u00f1asdelaluna.es\/wp-content\/uploads\/2016\/12\/IMG_2557-300x225.jpg 300w, https:\/\/www.monta\u00f1asdelaluna.es\/wp-content\/uploads\/2016\/12\/IMG_2557-1024x768.jpg 1024w\" sizes=\"auto, (max-width: 1824px) 100vw, 1824px\" \/><\/a><p id=\"caption-attachment-34694\" class=\"wp-caption-text\">Anna llegando al Castell de Finestres, detr\u00e1s el Puig Sallan\u00e7a y a la izquierda el Santuari de Finestres<\/p><\/div>\n<div id=\"attachment_34697\" style=\"width: 1834px\" class=\"wp-caption aligncenter\"><a class=\"dt-single-image\" href=\"https:\/\/www.monta\u00f1asdelaluna.es\/wp-content\/uploads\/2016\/12\/IMG_2561.jpg\" data-dt-img-description=\"\"><img loading=\"lazy\" decoding=\"async\" aria-describedby=\"caption-attachment-34697\" class=\"wp-image-34697 size-full\" src=\"https:\/\/www.monta\u00f1asdelaluna.es\/wp-content\/uploads\/2016\/12\/IMG_2561.jpg\" alt=\"Santa Pau en el centro, detr\u00e1s el Pirineo nevado\" width=\"1824\" height=\"1368\" srcset=\"https:\/\/www.monta\u00f1asdelaluna.es\/wp-content\/uploads\/2016\/12\/IMG_2561.jpg 1824w, https:\/\/www.monta\u00f1asdelaluna.es\/wp-content\/uploads\/2016\/12\/IMG_2561-300x225.jpg 300w, https:\/\/www.monta\u00f1asdelaluna.es\/wp-content\/uploads\/2016\/12\/IMG_2561-1024x768.jpg 1024w\" sizes=\"auto, (max-width: 1824px) 100vw, 1824px\" \/><\/a><p id=\"caption-attachment-34697\" class=\"wp-caption-text\">Santa Pau en el centro, detr\u00e1s el Pirineo nevado<\/p><\/div>\n<p>Desde aqu\u00ed poco tiempo para la contemplaci\u00f3n, seguimos las marcas del P.R. que ahora se convierten en seda que quiere subir por la ladera de la loma cimera de este cordal, por un estupendo y fabuloso bosque de encinas y robles, Quercus. Pero la subida no ser\u00e1 muy larga aunque s\u00ed avanzamos y superamos desnivel, hasta que la visi\u00f3n de la magn\u00edfica y f\u00e9rrea construcci\u00f3n nos deje pararnos para hacernos unas fotos con el fondo de Santa Mar\u00eda de Finestres. Ya por la roca desnuda rodeada del magn\u00edfico bosque cayendo por sus laderas, seguimos el cordal hasta los muros de este santuario, hospital, castillo, refugio\u2026 una mezcla antigua de todas estas construcciones y utilidades.<\/p>\n<p>Ya estamos en la Santa Mar\u00eda de Finestres, se oyen otras voces, hay alguno m\u00e1s curioseando por aqu\u00ed. Un pasillo que atraviesa el muro como un pasadizo secreto al aire libre nos lleva a la parte de atr\u00e1s donde est\u00e1 el refugio y la puerta principal de las construcciones, algunas de ellas en ruinas; nos hacemos una idea de la importancia de este recinto en el Medievo.<\/p>\n<div id=\"attachment_34701\" style=\"width: 1034px\" class=\"wp-caption aligncenter\"><a class=\"dt-single-image\" href=\"https:\/\/www.monta\u00f1asdelaluna.es\/wp-content\/uploads\/2016\/12\/IMG_2568.jpg\" data-dt-img-description=\"\"><img loading=\"lazy\" decoding=\"async\" aria-describedby=\"caption-attachment-34701\" class=\"wp-image-34701 size-large\" src=\"https:\/\/www.monta\u00f1asdelaluna.es\/wp-content\/uploads\/2016\/12\/IMG_2568-1024x768.jpg\" alt=\"Anna y Joaqu\u00edn en el Castell de Finestres, 960 mts.\" width=\"1024\" height=\"768\" srcset=\"https:\/\/www.monta\u00f1asdelaluna.es\/wp-content\/uploads\/2016\/12\/IMG_2568-1024x768.jpg 1024w, https:\/\/www.monta\u00f1asdelaluna.es\/wp-content\/uploads\/2016\/12\/IMG_2568-300x225.jpg 300w, https:\/\/www.monta\u00f1asdelaluna.es\/wp-content\/uploads\/2016\/12\/IMG_2568.jpg 1824w\" sizes=\"auto, (max-width: 1024px) 100vw, 1024px\" \/><\/a><p id=\"caption-attachment-34701\" class=\"wp-caption-text\">Anna y Joaqu\u00edn en el Castell de Finestres, 960 mts.<\/p><\/div>\n<div id=\"attachment_34703\" style=\"width: 1834px\" class=\"wp-caption aligncenter\"><a class=\"dt-single-image\" href=\"https:\/\/www.monta\u00f1asdelaluna.es\/wp-content\/uploads\/2016\/12\/IMG_2572.jpg\" data-dt-img-description=\"\"><img loading=\"lazy\" decoding=\"async\" aria-describedby=\"caption-attachment-34703\" class=\"wp-image-34703 size-full\" src=\"https:\/\/www.monta\u00f1asdelaluna.es\/wp-content\/uploads\/2016\/12\/IMG_2572.jpg\" alt=\"Puig Sallan\u00e7a a la derecha y Santa Mar\u00eda de Finestres a la izquierda en la Sierra de Les Finestres desde el Castell de Finestres\" width=\"1824\" height=\"1368\" srcset=\"https:\/\/www.monta\u00f1asdelaluna.es\/wp-content\/uploads\/2016\/12\/IMG_2572.jpg 1824w, https:\/\/www.monta\u00f1asdelaluna.es\/wp-content\/uploads\/2016\/12\/IMG_2572-300x225.jpg 300w, https:\/\/www.monta\u00f1asdelaluna.es\/wp-content\/uploads\/2016\/12\/IMG_2572-1024x768.jpg 1024w\" sizes=\"auto, (max-width: 1824px) 100vw, 1824px\" \/><\/a><p id=\"caption-attachment-34703\" class=\"wp-caption-text\">Puig Sallan\u00e7a a la derecha y Santa Mar\u00eda de Finestres a la izquierda en la Sierra de Les Finestres desde el Castell de Finestres<\/p><\/div>\n<p>Ya hab\u00eda estado aqu\u00ed en <a href=\"https:\/\/www.monta\u00f1asdelaluna.es\/?p=20500\" target=\"_blank\" rel=\"noopener\">Serra de Les Finestres,<\/a> y seguiremos a partir de ahora y hasta llegar a la misma poblaci\u00f3n de Santa Pau el mismo recorrido que en dicho relato, desde que bajamos del Castell de Finestres. Pero desde aqu\u00ed hay que subir a dicho castillo, y siguiendo el mismo recorrido que en el relato descrito, nos internaremos por entre los enormes y hermosos ejemplares de encinas que hay detr\u00e1s de las construcciones entre unas extra\u00f1as mesas de granito que forma la roca viva en esta parte del sitio; no sabemos si esculpidas por el hombre o por la misma naturaleza, el caso es que nos internamos entre estos gigantes escalones para dejar a nuestra espalda justo el santuario y seguir otra estupenda senda entre un cuidado y exuberante bosque de encinas en direcci\u00f3n al Castell de Finestres.<\/p>\n<p>En la subida seguimos por el frondoso y vivo encinar y justo en la parte alta de la monta\u00f1a, de la pe\u00f1a, admiramos por fin al otro lado, la cara norte de la sierra, de la monta\u00f1a, el exuberante y esperado hayedo, desapareciendo aqu\u00ed el bosque de encinas y robles.<\/p>\n<p>Y justo despu\u00e9s de la peque\u00f1a subida por la antigua escalera con escalones de piedra de una sola pieza, llegamos a la parte de arriba del promontorio donde un cartel nos indica que estamos en lo que fue el Castell de Finestres a 960 mts. de altura. Vemos bajar a unos tipos con un ni\u00f1o y un detector de metales \u00bfcazadores de tesoros, pero me dicen que no han encontrado nada. Realmente no sabes que en esta ubicaci\u00f3n hubo un castillo a no ser que te lo digan y te quedes observando las piedras y derrubios justo en la misma cima. Como en aquel a\u00f1o de <a href=\"https:\/\/www.monta\u00f1asdelaluna.es\/?p=20500\" target=\"_blank\" rel=\"noopener\">Serra de Les Finestres<\/a>, los belenes y nacimientos siguen en el mismo lugar de la cima, en ese mirador hacia el norte donde puedes admirar el blanco Pirineo, abajo en medio del verdor y los bosques a\u00fan m\u00e1s verdes la poblaci\u00f3n de Santa Pau (a donde debemos ir) y el seguimiento de la misma sierra hacia el oeste con la alta cima del Puig Sallan\u00e7a que no llegaremos a tocar en esta ocasi\u00f3n\u2026 todo esto entre otras m\u00e1s puntos geogr\u00e1ficos distinguidos.<\/p>\n<div id=\"attachment_34706\" style=\"width: 1834px\" class=\"wp-caption aligncenter\"><a class=\"dt-single-image\" href=\"https:\/\/www.monta\u00f1asdelaluna.es\/wp-content\/uploads\/2016\/12\/IMG_2577.jpg\" data-dt-img-description=\"\"><img loading=\"lazy\" decoding=\"async\" aria-describedby=\"caption-attachment-34706\" class=\"wp-image-34706 size-full\" src=\"https:\/\/www.monta\u00f1asdelaluna.es\/wp-content\/uploads\/2016\/12\/IMG_2577.jpg\" alt=\"Santa Mar\u00eda de Finestres desde el Castell de Finestres\" width=\"1824\" height=\"1368\" srcset=\"https:\/\/www.monta\u00f1asdelaluna.es\/wp-content\/uploads\/2016\/12\/IMG_2577.jpg 1824w, https:\/\/www.monta\u00f1asdelaluna.es\/wp-content\/uploads\/2016\/12\/IMG_2577-300x225.jpg 300w, https:\/\/www.monta\u00f1asdelaluna.es\/wp-content\/uploads\/2016\/12\/IMG_2577-1024x768.jpg 1024w\" sizes=\"auto, (max-width: 1824px) 100vw, 1824px\" \/><\/a><p id=\"caption-attachment-34706\" class=\"wp-caption-text\">Santa Mar\u00eda de Finestres desde el Castell de Finestres<\/p><\/div>\n<div id=\"attachment_34709\" style=\"width: 1034px\" class=\"wp-caption aligncenter\"><a class=\"dt-single-image\" href=\"https:\/\/www.monta\u00f1asdelaluna.es\/wp-content\/uploads\/2016\/12\/IMG_2585.jpg\" data-dt-img-description=\"\"><img loading=\"lazy\" decoding=\"async\" aria-describedby=\"caption-attachment-34709\" class=\"wp-image-34709 size-large\" src=\"https:\/\/www.monta\u00f1asdelaluna.es\/wp-content\/uploads\/2016\/12\/IMG_2585-1024x768.jpg\" alt=\"Anna bajando a Santa Mar\u00eda de Finestres\" width=\"1024\" height=\"768\" srcset=\"https:\/\/www.monta\u00f1asdelaluna.es\/wp-content\/uploads\/2016\/12\/IMG_2585-1024x768.jpg 1024w, https:\/\/www.monta\u00f1asdelaluna.es\/wp-content\/uploads\/2016\/12\/IMG_2585-300x225.jpg 300w, https:\/\/www.monta\u00f1asdelaluna.es\/wp-content\/uploads\/2016\/12\/IMG_2585.jpg 1824w\" sizes=\"auto, (max-width: 1024px) 100vw, 1024px\" \/><\/a><p id=\"caption-attachment-34709\" class=\"wp-caption-text\">Anna bajando a Santa Mar\u00eda de Finestres<\/p><\/div>\n<p>Foto de cima solos Anna y yo, y enseguida de vuelta desandando el camino para bajar de nuevo a la construcci\u00f3n medieval de Santa Mar\u00eda de Finestres. Las vistas al mismo santuario y construcci\u00f3n desde este alto mirador son extraordinarias como se incrusta en la roca, en la ladera, en el bosque las paredes y muros de sus edificios quedando una imagen estupenda, antigua, ancestral perfecta. Y en poco tiempo desandando el camino llegamos al nombrado santuario, al mismo lugar por el que hemos salido de \u00e9l en busca de la cima del Castell de Finestres. Pero ahora para seguir, y siguiendo la ruta ya nombrada de <a href=\"https:\/\/www.monta\u00f1asdelaluna.es\/?p=20500\" target=\"_blank\" rel=\"noopener\">Serra de Les Finestres<\/a>, sin entrar casi en el conjunto medieval, giramos por una ancha y marcada senda hacia la izquierda y norte, noroeste en busca de un collado entre las dos vertientes de la sierra y como si fu\u00e9ramos en busca de la cima del pico m\u00e1s alto de la misma, el Puig Sallan\u00e7a, que nos queda a la izquierda como un enorme promontorio, meseta surcada por varias paredes que le hacen tener un aspecto casi cuadriculado, y por el infinito bosque verde e insaciable.<\/p>\n<p>De nuevo a nuestra espalda dejamos el Santuario de Finestres, Santa Mar\u00eda de Finestres, pero por la ancha senda que nos lleva hacia el nombrado collado; la senda que sube al Castell de Finestres queda justo arriba de la \u00e9sta y gira hacia el este\u2026 Enseguida llegamos al colladito que no tiene nombre pero s\u00ed el mismo \u201coratorio\u201d a Sant Antoni. Desde aqu\u00ed ya comienza la bajada a Santa Pau, y como he dicho es justo el mismo trayecto realizado en <a href=\"https:\/\/www.monta\u00f1asdelaluna.es\/?p=20500\" target=\"_blank\" rel=\"noopener\">Serra de Les Finestres<\/a> de bajada a Santa Pau desde el Santuari de Finestres; el mismo s\u00edn p\u00e9rdida.<\/p>\n<div id=\"attachment_34717\" style=\"width: 1834px\" class=\"wp-caption aligncenter\"><a class=\"dt-single-image\" href=\"https:\/\/www.monta\u00f1asdelaluna.es\/wp-content\/uploads\/2016\/12\/IMG_2595.jpg\" data-dt-img-description=\"\"><img loading=\"lazy\" decoding=\"async\" aria-describedby=\"caption-attachment-34717\" class=\"wp-image-34717 size-full\" src=\"https:\/\/www.monta\u00f1asdelaluna.es\/wp-content\/uploads\/2016\/12\/IMG_2595.jpg\" alt=\"Anna bajando a Santa Pau por el hayedo de la Sierra de Les Finestres\" width=\"1824\" height=\"1368\" srcset=\"https:\/\/www.monta\u00f1asdelaluna.es\/wp-content\/uploads\/2016\/12\/IMG_2595.jpg 1824w, https:\/\/www.monta\u00f1asdelaluna.es\/wp-content\/uploads\/2016\/12\/IMG_2595-300x225.jpg 300w, https:\/\/www.monta\u00f1asdelaluna.es\/wp-content\/uploads\/2016\/12\/IMG_2595-1024x768.jpg 1024w\" sizes=\"auto, (max-width: 1824px) 100vw, 1824px\" \/><\/a><p id=\"caption-attachment-34717\" class=\"wp-caption-text\">Anna bajando a Santa Pau por el hayedo de la Sierra de Les Finestres<\/p><\/div>\n<div id=\"attachment_34720\" style=\"width: 1834px\" class=\"wp-caption aligncenter\"><a class=\"dt-single-image\" href=\"https:\/\/www.monta\u00f1asdelaluna.es\/wp-content\/uploads\/2016\/12\/IMG_2600.jpg\" data-dt-img-description=\"\"><img loading=\"lazy\" decoding=\"async\" aria-describedby=\"caption-attachment-34720\" class=\"wp-image-34720 size-full\" src=\"https:\/\/www.monta\u00f1asdelaluna.es\/wp-content\/uploads\/2016\/12\/IMG_2600.jpg\" alt=\"Hayedo de la Sierra de Les Finestres\" width=\"1824\" height=\"1024\" srcset=\"https:\/\/www.monta\u00f1asdelaluna.es\/wp-content\/uploads\/2016\/12\/IMG_2600.jpg 1824w, https:\/\/www.monta\u00f1asdelaluna.es\/wp-content\/uploads\/2016\/12\/IMG_2600-300x168.jpg 300w, https:\/\/www.monta\u00f1asdelaluna.es\/wp-content\/uploads\/2016\/12\/IMG_2600-1024x575.jpg 1024w\" sizes=\"auto, (max-width: 1824px) 100vw, 1824px\" \/><\/a><p id=\"caption-attachment-34720\" class=\"wp-caption-text\">Hayedo de la Sierra de Les Finestres<\/p><\/div>\n<div id=\"attachment_34724\" style=\"width: 1834px\" class=\"wp-caption aligncenter\"><a class=\"dt-single-image\" href=\"https:\/\/www.monta\u00f1asdelaluna.es\/wp-content\/uploads\/2016\/12\/IMG_2609.jpg\" data-dt-img-description=\"\"><img loading=\"lazy\" decoding=\"async\" aria-describedby=\"caption-attachment-34724\" class=\"wp-image-34724 size-full\" src=\"https:\/\/www.monta\u00f1asdelaluna.es\/wp-content\/uploads\/2016\/12\/IMG_2609.jpg\" alt=\"Anna en el hayedo de la Sierra de Les Finestres\" width=\"1824\" height=\"1368\" srcset=\"https:\/\/www.monta\u00f1asdelaluna.es\/wp-content\/uploads\/2016\/12\/IMG_2609.jpg 1824w, https:\/\/www.monta\u00f1asdelaluna.es\/wp-content\/uploads\/2016\/12\/IMG_2609-300x225.jpg 300w, https:\/\/www.monta\u00f1asdelaluna.es\/wp-content\/uploads\/2016\/12\/IMG_2609-1024x768.jpg 1024w\" sizes=\"auto, (max-width: 1824px) 100vw, 1824px\" \/><\/a><p id=\"caption-attachment-34724\" class=\"wp-caption-text\">Anna en el hayedo de la Sierra de Les Finestres<\/p><\/div>\n<p>Con lo que atravesaremos los fant\u00e1sticos y preciosos lugares del impresionante hayedo de la Serra de Les Finestres, donde ya el oto\u00f1o ha hecho caer todas las hojas de los altos y numerosos magn\u00edficos ejemplares que pueblan toda la suave o inclinada ladera de la sierra. Sobre todo en el llamado Sot de La Salgueda que parece forman una especie de circo de suaves pero empinadas laderas, donde el bosque, el hayedo aparece con su m\u00e1xima representaci\u00f3n y belleza. Los colores oto\u00f1ales son el objetivo de mi Canon en esta bajada junto con los verdes, marrones, amarillos rincones. Hermoso.<\/p>\n<p>M\u00e1s abajo las hayas y otros \u00e1rboles caducifolios a\u00fan no han perdido sus hojas, y las mantienen con colores pastel amarillos, anaranjados sobre sus numerosas y altivas ramas. Precioso. No encontramos a nadie por aqu\u00ed, solo unas voces que parecen son cazadores los cuales nos encontraremos al salir del camino que viene de la sierra hasta La Coma; aquella casa que parec\u00eda medio abandonada y a\u00fan hoy d\u00eda tiene el cartel de \u201cse vende\u201d. Antes de llegar a La Coma hemos cambiado del bosque caducifolio, espeso, y genial de las hayas, con ejemplares de m\u00e1s de 10 metros de alto; al bosque de encinas, frondoso, cerrado, verde y le\u00f1oso que nos baja por el camino hasta La Coma. La verdad no hay p\u00e9rdida.<\/p>\n<div id=\"attachment_34726\" style=\"width: 1834px\" class=\"wp-caption aligncenter\"><a class=\"dt-single-image\" href=\"https:\/\/www.monta\u00f1asdelaluna.es\/wp-content\/uploads\/2016\/12\/IMG_2613.jpg\" data-dt-img-description=\"\"><img loading=\"lazy\" decoding=\"async\" aria-describedby=\"caption-attachment-34726\" class=\"wp-image-34726 size-full\" src=\"https:\/\/www.monta\u00f1asdelaluna.es\/wp-content\/uploads\/2016\/12\/IMG_2613.jpg\" alt=\"Camino del Coll de Puigsafont\" width=\"1824\" height=\"1368\" srcset=\"https:\/\/www.monta\u00f1asdelaluna.es\/wp-content\/uploads\/2016\/12\/IMG_2613.jpg 1824w, https:\/\/www.monta\u00f1asdelaluna.es\/wp-content\/uploads\/2016\/12\/IMG_2613-300x225.jpg 300w, https:\/\/www.monta\u00f1asdelaluna.es\/wp-content\/uploads\/2016\/12\/IMG_2613-1024x768.jpg 1024w\" sizes=\"auto, (max-width: 1824px) 100vw, 1824px\" \/><\/a><p id=\"caption-attachment-34726\" class=\"wp-caption-text\">Camino del Coll de Puigsafont<\/p><\/div>\n<div id=\"attachment_34733\" style=\"width: 1834px\" class=\"wp-caption aligncenter\"><a class=\"dt-single-image\" href=\"https:\/\/www.monta\u00f1asdelaluna.es\/wp-content\/uploads\/2016\/12\/IMG_2625.jpg\" data-dt-img-description=\"\"><img loading=\"lazy\" decoding=\"async\" aria-describedby=\"caption-attachment-34733\" class=\"wp-image-34733 size-full\" src=\"https:\/\/www.monta\u00f1asdelaluna.es\/wp-content\/uploads\/2016\/12\/IMG_2625.jpg\" alt=\"Anna bajando por el Sot de La Salgueda\" width=\"1824\" height=\"1368\" srcset=\"https:\/\/www.monta\u00f1asdelaluna.es\/wp-content\/uploads\/2016\/12\/IMG_2625.jpg 1824w, https:\/\/www.monta\u00f1asdelaluna.es\/wp-content\/uploads\/2016\/12\/IMG_2625-300x225.jpg 300w, https:\/\/www.monta\u00f1asdelaluna.es\/wp-content\/uploads\/2016\/12\/IMG_2625-1024x768.jpg 1024w\" sizes=\"auto, (max-width: 1824px) 100vw, 1824px\" \/><\/a><p id=\"caption-attachment-34733\" class=\"wp-caption-text\">Anna bajando por el Sot de La Salgueda<\/p><\/div>\n<div id=\"attachment_34736\" style=\"width: 1834px\" class=\"wp-caption aligncenter\"><a class=\"dt-single-image\" href=\"https:\/\/www.monta\u00f1asdelaluna.es\/wp-content\/uploads\/2016\/12\/IMG_2631.jpg\" data-dt-img-description=\"\"><img loading=\"lazy\" decoding=\"async\" aria-describedby=\"caption-attachment-34736\" class=\"wp-image-34736 size-full\" src=\"https:\/\/www.monta\u00f1asdelaluna.es\/wp-content\/uploads\/2016\/12\/IMG_2631.jpg\" alt=\"Hayedo del Sot de La Salgueda\" width=\"1824\" height=\"1368\" srcset=\"https:\/\/www.monta\u00f1asdelaluna.es\/wp-content\/uploads\/2016\/12\/IMG_2631.jpg 1824w, https:\/\/www.monta\u00f1asdelaluna.es\/wp-content\/uploads\/2016\/12\/IMG_2631-300x225.jpg 300w, https:\/\/www.monta\u00f1asdelaluna.es\/wp-content\/uploads\/2016\/12\/IMG_2631-1024x768.jpg 1024w\" sizes=\"auto, (max-width: 1824px) 100vw, 1824px\" \/><\/a><p id=\"caption-attachment-34736\" class=\"wp-caption-text\">Hayedo del Sot de La Salgueda<\/p><\/div>\n<p>Y como en <a href=\"https:\/\/www.monta\u00f1asdelaluna.es\/?p=20500\" target=\"_blank\" rel=\"noopener\">Serra de Les Finestres<\/a>, una vez llegados a La Coma podemos seguir el P.R. (por qu\u00e9 no hemos dejado de seguir las marcas del P.R.) que bajan como por en medio de los muros de las viejas construcciones, o seguir la pista, camino que aparece enfrente de lo que ser\u00eda la puerta (que no hay) de la primera construcci\u00f3n con la que nos topamos de La Coma\u2026 creo que es la cuadra. Pero este camino no ser\u00e1 el que nos llev\u00e9 hasta Santa Pau, hay que ir al tanto de las marcas muy bien trazadas del P.R. qu\u00e9 ser\u00e1 el que nos gu\u00ede por entre las mas\u00edas y estribaciones de la Serra de Les Finestres; dejando un camino y siguiendo otro que sigue el mismo bordeo que la loma que baja de la misma sierra.<\/p>\n<p>Una vez llegados por el camino que toca al Coll de Can Gordi (517 mts.) casi pegado a unas casas o construcciones que albergan decenas de perros que se ponen a aullar y ladrar en cuanto te acercas, ya bajamos siguiendo el camino sin p\u00e9rdida al vallecillo en el que se encuentra Santa Pau. Justo al sur del Tur\u00f3 de Can Conill (que seguro es un volc\u00e1n por su forma y perfil en el terreno y en el Alpina), pasamos por otro lugar especial de vegetaci\u00f3n colorida y abundante, espesa y altiva. M\u00e1s fotos. Y al llegar a las inmediaciones de la casa (que parece ocupada) de Malitrau, ya vemos el alto campanar o torre del castillo, iglesia, fortificaci\u00f3n de Santa Pau y el resto del pueblo bajo ella y como en un cerrito en alto. Ya estamos muy cerca de Santa Pau y a tiempo para ver el Bar\u00e7a-Madrid.<\/p>\n<div id=\"attachment_34742\" style=\"width: 1034px\" class=\"wp-caption aligncenter\"><a class=\"dt-single-image\" href=\"https:\/\/www.monta\u00f1asdelaluna.es\/wp-content\/uploads\/2016\/12\/IMG_2642.jpg\" data-dt-img-description=\"\"><img loading=\"lazy\" decoding=\"async\" aria-describedby=\"caption-attachment-34742\" class=\"wp-image-34742 size-large\" src=\"https:\/\/www.monta\u00f1asdelaluna.es\/wp-content\/uploads\/2016\/12\/IMG_2642-1024x768.jpg\" alt=\"El Cargol\" width=\"1024\" height=\"768\" srcset=\"https:\/\/www.monta\u00f1asdelaluna.es\/wp-content\/uploads\/2016\/12\/IMG_2642-1024x768.jpg 1024w, https:\/\/www.monta\u00f1asdelaluna.es\/wp-content\/uploads\/2016\/12\/IMG_2642-300x225.jpg 300w, https:\/\/www.monta\u00f1asdelaluna.es\/wp-content\/uploads\/2016\/12\/IMG_2642.jpg 1824w\" sizes=\"auto, (max-width: 1024px) 100vw, 1024px\" \/><\/a><p id=\"caption-attachment-34742\" class=\"wp-caption-text\">El Cargol<\/p><\/div>\n<div id=\"attachment_34749\" style=\"width: 1834px\" class=\"wp-caption aligncenter\"><a class=\"dt-single-image\" href=\"https:\/\/www.monta\u00f1asdelaluna.es\/wp-content\/uploads\/2016\/12\/IMG_2656.jpg\" data-dt-img-description=\"\"><img loading=\"lazy\" decoding=\"async\" aria-describedby=\"caption-attachment-34749\" class=\"wp-image-34749 size-full\" src=\"https:\/\/www.monta\u00f1asdelaluna.es\/wp-content\/uploads\/2016\/12\/IMG_2656.jpg\" alt=\"Robledal del Tur\u00f3 de Can Conill\" width=\"1824\" height=\"1368\" srcset=\"https:\/\/www.monta\u00f1asdelaluna.es\/wp-content\/uploads\/2016\/12\/IMG_2656.jpg 1824w, https:\/\/www.monta\u00f1asdelaluna.es\/wp-content\/uploads\/2016\/12\/IMG_2656-300x225.jpg 300w, https:\/\/www.monta\u00f1asdelaluna.es\/wp-content\/uploads\/2016\/12\/IMG_2656-1024x768.jpg 1024w\" sizes=\"auto, (max-width: 1824px) 100vw, 1824px\" \/><\/a><p id=\"caption-attachment-34749\" class=\"wp-caption-text\">Robledal del Tur\u00f3 de Can Conill<\/p><\/div>\n<div id=\"attachment_34757\" style=\"width: 1034px\" class=\"wp-caption aligncenter\"><a class=\"dt-single-image\" href=\"https:\/\/www.monta\u00f1asdelaluna.es\/wp-content\/uploads\/2016\/12\/IMG_2671.jpg\" data-dt-img-description=\"\"><img loading=\"lazy\" decoding=\"async\" aria-describedby=\"caption-attachment-34757\" class=\"wp-image-34757 size-large\" src=\"https:\/\/www.monta\u00f1asdelaluna.es\/wp-content\/uploads\/2016\/12\/IMG_2671-1024x768.jpg\" alt=\"Santa Pau\" width=\"1024\" height=\"768\" srcset=\"https:\/\/www.monta\u00f1asdelaluna.es\/wp-content\/uploads\/2016\/12\/IMG_2671-1024x768.jpg 1024w, https:\/\/www.monta\u00f1asdelaluna.es\/wp-content\/uploads\/2016\/12\/IMG_2671-300x225.jpg 300w, https:\/\/www.monta\u00f1asdelaluna.es\/wp-content\/uploads\/2016\/12\/IMG_2671.jpg 1824w\" sizes=\"auto, (max-width: 1024px) 100vw, 1024px\" \/><\/a><p id=\"caption-attachment-34757\" class=\"wp-caption-text\">Santa Pau<\/p><\/div>\n<p>Justo entramos en Santa Pau por el mismo lugar que en Serra de Les Finestres, y por la calle entramos a la plaza del centro del pueblo donde est\u00e1 la iglesia, el castillo y Can Menci\u00f3. Son las 15,45 horas; no hemos andado m\u00e1s de 5,30 horas y el partido comienza a las 16,15 horas. No tendr\u00e9 cabreo de Anna por llegar tarde, pero tampoco nos ha dado tiempo a subir a la extraordinaria cima del Puig Sallan\u00e7a con sus vistas y estupendo, precioso hayedo. De todas formas es una traves\u00eda fabulosa y preciosa. Hemos tenido sol todo el d\u00eda y no ha hecho excesivo frio para la \u00e9poca del a\u00f1o\u2026 ma\u00f1ana veremos que nos depara la marcha, ya que atravesaremos en su mayor\u00eda terreno desconocido por m\u00ed; pero seguro que es como m\u00ednimo igual o m\u00e1s fabuloso que lo realizado en el d\u00eda de hoy. Descanso en la habitaci\u00f3n, cena en Can Rafelic y de nuevo una agradable jornada con buena comida y buena compa\u00f1\u00eda.<\/p>\n<div id=\"attachment_34876\" style=\"width: 1039px\" class=\"wp-caption aligncenter\"><a class=\"dt-single-image\" href=\"https:\/\/www.monta\u00f1asdelaluna.es\/wp-content\/uploads\/2016\/12\/Finestres.mapa_.croquis.web_.jpg\" data-dt-img-description=\"\"><img loading=\"lazy\" decoding=\"async\" aria-describedby=\"caption-attachment-34876\" class=\"wp-image-34876 size-full\" src=\"https:\/\/www.monta\u00f1asdelaluna.es\/wp-content\/uploads\/2016\/12\/Finestres.mapa_.croquis.web_.jpg\" alt=\"Croquis del recorrido Sant Aniol de Finestres-Santa Pau. Corresponde al camino marcado entre las dos poblaciones que pasa por Santa Mar\u00eda de Finestres\" width=\"1029\" height=\"1047\" srcset=\"https:\/\/www.monta\u00f1asdelaluna.es\/wp-content\/uploads\/2016\/12\/Finestres.mapa_.croquis.web_.jpg 1029w, https:\/\/www.monta\u00f1asdelaluna.es\/wp-content\/uploads\/2016\/12\/Finestres.mapa_.croquis.web_-295x300.jpg 295w, https:\/\/www.monta\u00f1asdelaluna.es\/wp-content\/uploads\/2016\/12\/Finestres.mapa_.croquis.web_-1006x1024.jpg 1006w\" sizes=\"auto, (max-width: 1029px) 100vw, 1029px\" \/><\/a><p id=\"caption-attachment-34876\" class=\"wp-caption-text\">Croquis del recorrido Sant Aniol de Finestres-Santa Pau. Corresponde al camino marcado entre las dos poblaciones que pasa por Santa Mar\u00eda de Finestres<\/p><\/div>\n<p>[vc_separator][\/vc_column_text][\/vc_column][\/vc_row][vc_row][vc_column][vc_empty_space height=\u00bb60px\u00bb][\/vc_column][\/vc_row][vc_row][vc_column][vc_cta h2=\u00bb\u00c1lbum de fotos\u00bb txt_align=\u00bbcenter\u00bb add_button=\u00bbbottom\u00bb btn_title=\u00bbVer fotos\u00bb btn_color=\u00bbwarning\u00bb btn_align=\u00bbcenter\u00bb btn_link=\u00bburl:https%3A%2F%2Fmonta%C3%B1asdelaluna.es%2F%3Fdt_gallery%3D2o-travesia-por-la-garrotxa-les-finestres-1o-dia-sant-aniol-de-finestres-santa-pau-2|title:2%C2%BA%20Traves%C3%ADa%20por%20La%20Garrotxa%2C%20Les%20Finestres.%201%C2%BA%20d%C3%ADa%3A%20Sant%20Aniol%20de%20Finestres-Santa%20Pau|target:_blank\u00bb css=\u00bb.vc_custom_1625869166137{background-color: #8bc4ed !important;}\u00bb]Puedes ver todas las fotos del relato y actividad en forma de presentaci\u00f3n o individuales pinchando aqui \u00a1No te las pierdas![\/vc_cta][\/vc_column][\/vc_row][vc_row][vc_column][vc_empty_space height=\u00bb60px\u00bb][\/vc_column][\/vc_row][vc_row][vc_column width=\u00bb1\/6&#8243;][\/vc_column][vc_column width=\u00bb1\/3&#8243;][vc_raw_html]JTNDaWZyYW1lJTIwc3JjJTNEJTIyaHR0cHMlM0ElMkYlMkZ3d3cubWV0ZW9ibHVlLmNvbSUyRmVzJTJGdGllbXBvJTJGd2lkZ2V0JTJGZGFpbHklMkZzYW50LWFuaW9sLWRlLWZpbmVzdHJlc19lc3BhJTI1YzMlMjViMWFfMzEwOTcxNCUzRmdlb2xvYyUzRGZpeGVkJTI2ZGF5cyUzRDclMjZ0ZW1wdW5pdCUzRENFTFNJVVMlMjZ3aW5kdW5pdCUzREtJTE9NRVRFUl9QRVJfSE9VUiUyNmNvbG91cmVkJTNEY29sb3VyZWQlMjZwaWN0b2ljb24lM0QxJTI2bWF4dGVtcGVyYXR1cmUlM0QxJTI2bWludGVtcGVyYXR1cmUlM0QxJTI2d2luZHNwZWVkJTNEMSUyNndpbmRndXN0JTNEMSUyNndpbmRkaXJlY3Rpb24lM0QxJTI2cHJlY2lwaXRhdGlvbiUzRDElMjZwcmVjaXBpdGF0aW9ucHJvYmFiaWxpdHklM0QxJTI2c3BvdCUzRDElMjZwcmVzc3VyZSUzRDElMjZsYXlvdXQlM0RsaWdodCUyMiUyMCUyMGZyYW1lYm9yZGVyJTNEJTIyMCUyMiUyMHNjcm9sbGluZyUzRCUyMk5PJTIyJTIwYWxsb3d0cmFuc3BhcmVuY3klM0QlMjJ0cnVlJTIyJTIwc2FuZGJveCUzRCUyMmFsbG93LXNhbWUtb3JpZ2luJTIwYWxsb3ctc2NyaXB0cyUyMGFsbG93LXBvcHVwcyUyMiUyMHN0eWxlJTNEJTIyd2lkdGglM0ElMjAzNzhweCUzQmhlaWdodCUzQSUyMDQxM3B4JTIyJTNFJTNDJTJGaWZyYW1lJTNFJTNDZGl2JTNFJTNDJTIxLS0lMjBETyUyME5PVCUyMFJFTU9WRSUyMFRISVMlMjBMSU5LJTIwLS0lM0UlM0NhJTIwaHJlZiUzRCUyMmh0dHBzJTNBJTJGJTJGd3d3Lm1ldGVvYmx1ZS5jb20lMkZlcyUyRnRpZW1wbyUyRnByb25vc3RpY28lMkZzZW1hbmElMkZzYW50LWFuaW9sLWRlLWZpbmVzdHJlc19lc3BhJTI1YzMlMjViMWFfMzEwOTcxNCUzRnV0bV9zb3VyY2UlM0R3ZWF0aGVyX3dpZGdldCUyNnV0bV9tZWRpdW0lM0RsaW5rdXMlMjZ1dG1fY29udGVudCUzRGRhaWx5JTI2dXRtX2NhbXBhaWduJTNEV2VhdGhlciUyNTJCV2lkZ2V0JTIyJTIwdGFyZ2V0JTNEJTIyX2JsYW5rJTIyJTNFbWV0ZW9ibHVlJTNDJTJGYSUzRSUzQyUyRmRpdiUzRQ==[\/vc_raw_html][\/vc_column][vc_column width=\u00bb1\/3&#8243;][vc_raw_html]JTNDaWZyYW1lJTIwc3JjJTNEJTIyaHR0cHMlM0ElMkYlMkZ3d3cubWV0ZW9ibHVlLmNvbSUyRmVzJTJGdGllbXBvJTJGd2lkZ2V0JTJGZGFpbHklMkZzYW50YS1wYXVfZXNwYSUyNWMzJTI1YjFhXzMxMDk2OTIlM0ZnZW9sb2MlM0RmaXhlZCUyNmRheXMlM0Q3JTI2dGVtcHVuaXQlM0RDRUxTSVVTJTI2d2luZHVuaXQlM0RLSUxPTUVURVJfUEVSX0hPVVIlMjZjb2xvdXJlZCUzRGNvbG91cmVkJTI2cGljdG9pY29uJTNEMSUyNm1heHRlbXBlcmF0dXJlJTNEMSUyNm1pbnRlbXBlcmF0dXJlJTNEMSUyNndpbmRzcGVlZCUzRDElMjZ3aW5kZ3VzdCUzRDElMjZ3aW5kZGlyZWN0aW9uJTNEMSUyNnByZWNpcGl0YXRpb24lM0QxJTI2cHJlY2lwaXRhdGlvbnByb2JhYmlsaXR5JTNEMSUyNnNwb3QlM0QxJTI2cHJlc3N1cmUlM0QxJTI2bGF5b3V0JTNEbGlnaHQlMjIlMjAlMjBmcmFtZWJvcmRlciUzRCUyMjAlMjIlMjBzY3JvbGxpbmclM0QlMjJOTyUyMiUyMGFsbG93dHJhbnNwYXJlbmN5JTNEJTIydHJ1ZSUyMiUyMHNhbmRib3glM0QlMjJhbGxvdy1zYW1lLW9yaWdpbiUyMGFsbG93LXNjcmlwdHMlMjBhbGxvdy1wb3B1cHMlMjIlMjBzdHlsZSUzRCUyMndpZHRoJTNBJTIwMzc4cHglM0JoZWlnaHQlM0ElMjA0MTNweCUyMiUzRSUzQyUyRmlmcmFtZSUzRSUzQ2RpdiUzRSUzQyUyMS0tJTIwRE8lMjBOT1QlMjBSRU1PVkUlMjBUSElTJTIwTElOSyUyMC0tJTNFJTNDYSUyMGhyZWYlM0QlMjJodHRwcyUzQSUyRiUyRnd3dy5tZXRlb2JsdWUuY29tJTJGZXMlMkZ0aWVtcG8lMkZwcm9ub3N0aWNvJTJGc2VtYW5hJTJGc2FudGEtcGF1X2VzcGElMjVjMyUyNWIxYV8zMTA5NjkyJTNGdXRtX3NvdXJjZSUzRHdlYXRoZXJfd2lkZ2V0JTI2dXRtX21lZGl1bSUzRGxpbmt1cyUyNnV0bV9jb250ZW50JTNEZGFpbHklMjZ1dG1fY2FtcGFpZ24lM0RXZWF0aGVyJTI1MkJXaWRnZXQlMjIlMjB0YXJnZXQlM0QlMjJfYmxhbmslMjIlM0VtZXRlb2JsdWUlM0MlMkZhJTNFJTNDJTJGZGl2JTNF[\/vc_raw_html][\/vc_column][vc_column width=\u00bb1\/6&#8243;][\/vc_column][\/vc_row]<\/p>\n","protected":false},"excerpt":{"rendered":"<p>[vc_row][vc_column][vc_column_text]Despu\u00e9s de 2 a\u00f1os de la \u00faltima y primera traves\u00eda por los espacios, volcanes y lugares de la estupenda y verde comarca de La Garrotxa, ya ten\u00eda ganas de volver y realizar otra, con destino Santa Pau y el singular Hostal de Can Menci\u00f3, y cenar en Can Rafelic. Pero la idea era realizar una&hellip;<\/p>\n","protected":false},"author":1,"featured_media":34749,"comment_status":"open","ping_status":"open","sticky":false,"template":"","format":"standard","meta":[],"categories":[47],"tags":[],"class_list":["post-34857","post","type-post","status-publish","format-standard","has-post-thumbnail","hentry","category-la-garrotxa","category-47","description-off"],"_links":{"self":[{"href":"https:\/\/www.monta\u00f1asdelaluna.es\/index.php?rest_route=\/wp\/v2\/posts\/34857","targetHints":{"allow":["GET"]}}],"collection":[{"href":"https:\/\/www.monta\u00f1asdelaluna.es\/index.php?rest_route=\/wp\/v2\/posts"}],"about":[{"href":"https:\/\/www.monta\u00f1asdelaluna.es\/index.php?rest_route=\/wp\/v2\/types\/post"}],"author":[{"embeddable":true,"href":"https:\/\/www.monta\u00f1asdelaluna.es\/index.php?rest_route=\/wp\/v2\/users\/1"}],"replies":[{"embeddable":true,"href":"https:\/\/www.monta\u00f1asdelaluna.es\/index.php?rest_route=%2Fwp%2Fv2%2Fcomments&post=34857"}],"version-history":[{"count":21,"href":"https:\/\/www.monta\u00f1asdelaluna.es\/index.php?rest_route=\/wp\/v2\/posts\/34857\/revisions"}],"predecessor-version":[{"id":50251,"href":"https:\/\/www.monta\u00f1asdelaluna.es\/index.php?rest_route=\/wp\/v2\/posts\/34857\/revisions\/50251"}],"wp:featuredmedia":[{"embeddable":true,"href":"https:\/\/www.monta\u00f1asdelaluna.es\/index.php?rest_route=\/wp\/v2\/media\/34749"}],"wp:attachment":[{"href":"https:\/\/www.monta\u00f1asdelaluna.es\/index.php?rest_route=%2Fwp%2Fv2%2Fmedia&parent=34857"}],"wp:term":[{"taxonomy":"category","embeddable":true,"href":"https:\/\/www.monta\u00f1asdelaluna.es\/index.php?rest_route=%2Fwp%2Fv2%2Fcategories&post=34857"},{"taxonomy":"post_tag","embeddable":true,"href":"https:\/\/www.monta\u00f1asdelaluna.es\/index.php?rest_route=%2Fwp%2Fv2%2Ftags&post=34857"}],"curies":[{"name":"wp","href":"https:\/\/api.w.org\/{rel}","templated":true}]}}