{"id":35069,"date":"2016-12-18T08:27:09","date_gmt":"2016-12-18T08:27:09","guid":{"rendered":"http:\/\/monta\u00f1asdelaluna.com\/?p=35069"},"modified":"2021-08-01T21:05:15","modified_gmt":"2021-08-01T21:05:15","slug":"pico-de-anayet","status":"publish","type":"post","link":"https:\/\/www.monta\u00f1asdelaluna.es\/?p=35069","title":{"rendered":"Pico de Anayet"},"content":{"rendered":"<p>[vc_row][vc_column][vc_column_text]Este pasado mes de diciembre ya tocaba salir a hacer algo de alta monta\u00f1a por el Pirineo. Y ahora que ya tengo tienda propia, aunque sea de 3 estaciones, una de las ideas era ir y montar la tienda encima de la nieve. A la vez contacto con mi compa\u00f1ero Toni que hace tiempo no coincidimos para hacer alguna actividad de alta monta\u00f1a, a la vez que le entusiasma la idea de aventurarnos con la tienda por el fr\u00edo Pirineo invernal.<\/p>\n<p>Le consulto a Francesc d\u00f3nde podr\u00edamos ir; \u00e9ste est\u00e1 \u00faltimamente liado en hacer una serie de monta\u00f1as del Pirineo, de una supuesta lista imaginaria compuesta por argumentos que \u00e9l mismo conoce. El caso es que me coment\u00f3 de ir al Anayet. Ya sab\u00eda que no era ning\u00fan tresmil, ni ning\u00fan pico excesivamente alto para ser de los Pirineos, pero s\u00ed hab\u00eda hablado hablar de \u00e9l. No era un pico cualquiera, seg\u00fan miras algunos mapas o fotos aparece con un perfil agreste, picudo, abrupto, como un perfecto pin\u00e1culo rodeado de paredes y escarpes por todas sus caras\u2026 especialmente la cara norte, con m\u00e1s desnivel y espectacularidad.<\/p>\n<div id=\"attachment_34882\" style=\"width: 1034px\" class=\"wp-caption aligncenter\"><a class=\"dt-single-image\" href=\"https:\/\/www.monta\u00f1asdelaluna.es\/wp-content\/uploads\/2016\/12\/IMG_2831.jpg\" data-dt-img-description=\"\"><img loading=\"lazy\" decoding=\"async\" aria-describedby=\"caption-attachment-34882\" class=\"wp-image-34882 size-large\" src=\"https:\/\/www.monta\u00f1asdelaluna.es\/wp-content\/uploads\/2016\/12\/IMG_2831-1024x768.jpg\" alt=\"Josep, Toni y Joaqu\u00edn en el parking del Anayet de Formigal\" width=\"1024\" height=\"768\" srcset=\"https:\/\/www.monta\u00f1asdelaluna.es\/wp-content\/uploads\/2016\/12\/IMG_2831-1024x768.jpg 1024w, https:\/\/www.monta\u00f1asdelaluna.es\/wp-content\/uploads\/2016\/12\/IMG_2831-300x225.jpg 300w, https:\/\/www.monta\u00f1asdelaluna.es\/wp-content\/uploads\/2016\/12\/IMG_2831.jpg 1824w\" sizes=\"auto, (max-width: 1024px) 100vw, 1024px\" \/><\/a><p id=\"caption-attachment-34882\" class=\"wp-caption-text\">Josep, Toni y Joaqu\u00edn en el parking del Anayet de Formigal<\/p><\/div>\n<div id=\"attachment_34884\" style=\"width: 1034px\" class=\"wp-caption aligncenter\"><a class=\"dt-single-image\" href=\"https:\/\/www.monta\u00f1asdelaluna.es\/wp-content\/uploads\/2016\/12\/IMG_2835.jpg\" data-dt-img-description=\"\"><img loading=\"lazy\" decoding=\"async\" aria-describedby=\"caption-attachment-34884\" class=\"wp-image-34884 size-large\" src=\"https:\/\/www.monta\u00f1asdelaluna.es\/wp-content\/uploads\/2016\/12\/IMG_2835-1024x768.jpg\" alt=\"Delante el Pico Lapazuso a la izquierda y el Pico O Cantal o Royo a la derecha\" width=\"1024\" height=\"768\" srcset=\"https:\/\/www.monta\u00f1asdelaluna.es\/wp-content\/uploads\/2016\/12\/IMG_2835-1024x768.jpg 1024w, https:\/\/www.monta\u00f1asdelaluna.es\/wp-content\/uploads\/2016\/12\/IMG_2835-300x225.jpg 300w, https:\/\/www.monta\u00f1asdelaluna.es\/wp-content\/uploads\/2016\/12\/IMG_2835.jpg 1824w\" sizes=\"auto, (max-width: 1024px) 100vw, 1024px\" \/><\/a><p id=\"caption-attachment-34884\" class=\"wp-caption-text\">Delante el Pico Lapazuso a la izquierda y el Pico O Cantal o Royo a la derecha<\/p><\/div>\n<p>Y para ir al Anayet, aunque hay gente que lo hace en un solo d\u00eda porque no es demasiado largo el recorrido desde el lugar de inicio de la marcha en invierno, la cima y volver, nosotros quer\u00edamos ir con tiempo y a la vez poder dormir bajo la nieve en alg\u00fan lugar casi al pie del pico. Mirando un Alpina observo que tiene una especie de planicie, de llano y casi de circo en su lado este compartido con otros picos que son poco m\u00e1s bajos que \u00e9ste, y en un rinc\u00f3n de estos llanos, sendos laguitos, ibones que nos van a servir de campo base para montar las tiendas\u2026 ya estaba todo pensado y prepar\u00e1ndose.<\/p>\n<p>Al final Francesc est\u00e1 medio lesionado y no viene a la actividad, con lo que solo Toni, Josep Gallem\u00ed (que no quiere subir al pico, solo probarse la pierna despu\u00e9s de su rotura y recuperaci\u00f3n) y yo. Con lo que al final le explico a Toni que sea \u00e9l quien mire y obtenga informaci\u00f3n por internet\u2026 aunque con el nuevo mapa Alpina del Valle de Tena iba a estar muy claro\u2026 al menos la v\u00eda normal de subida.<\/p>\n<p>Con lo que el pasado s\u00e1bado 17 de diciembre salimos por la ma\u00f1ana en busca del Pirineo, del Valle de Tena y de la Estaci\u00f3n de Esqu\u00ed de Formigal. Flora antes nos advert\u00eda: llevad cuidado con los pasos de roca, con nieve o hielo puede ser peligroso. Toni ha visto varios corredores que recorren algunos tramos por sus paredes, y que para llegar a la cima por la v\u00eda normal hay un tramo con una cadena\u2026 siempre nos imaginamos los pasos m\u00e1s complicados de lo que realmente son cuando alguien nos lo explica o cuando vemos la informaci\u00f3n, en general. Esta vez tendr\u00eda que llegar hasta la pared del pico para averiguarlo.<\/p>\n<div id=\"attachment_34887\" style=\"width: 1834px\" class=\"wp-caption aligncenter\"><a class=\"dt-single-image\" href=\"https:\/\/www.monta\u00f1asdelaluna.es\/wp-content\/uploads\/2016\/12\/IMG_2839.jpg\" data-dt-img-description=\"\"><img loading=\"lazy\" decoding=\"async\" aria-describedby=\"caption-attachment-34887\" class=\"wp-image-34887 size-full\" src=\"https:\/\/www.monta\u00f1asdelaluna.es\/wp-content\/uploads\/2016\/12\/IMG_2839.jpg\" alt=\"Delante el Pico Lapazuso en el centro, el Pico O Cantal o Royo a la derecha\" width=\"1824\" height=\"1024\" srcset=\"https:\/\/www.monta\u00f1asdelaluna.es\/wp-content\/uploads\/2016\/12\/IMG_2839.jpg 1824w, https:\/\/www.monta\u00f1asdelaluna.es\/wp-content\/uploads\/2016\/12\/IMG_2839-300x168.jpg 300w, https:\/\/www.monta\u00f1asdelaluna.es\/wp-content\/uploads\/2016\/12\/IMG_2839-1024x575.jpg 1024w\" sizes=\"auto, (max-width: 1824px) 100vw, 1824px\" \/><\/a><p id=\"caption-attachment-34887\" class=\"wp-caption-text\">Delante el Pico Lapazuso en el centro, el Pico O Cantal o Royo a la derecha<\/p><\/div>\n<div id=\"attachment_34893\" style=\"width: 1834px\" class=\"wp-caption aligncenter\"><a class=\"dt-single-image\" href=\"https:\/\/www.monta\u00f1asdelaluna.es\/wp-content\/uploads\/2016\/12\/IMG_2850.jpg\" data-dt-img-description=\"\"><img loading=\"lazy\" decoding=\"async\" aria-describedby=\"caption-attachment-34893\" class=\"wp-image-34893 size-full\" src=\"https:\/\/www.monta\u00f1asdelaluna.es\/wp-content\/uploads\/2016\/12\/IMG_2850.jpg\" alt=\"A la izquierda el Balaitous despejado y El Frondella cubierto\" width=\"1824\" height=\"1024\" srcset=\"https:\/\/www.monta\u00f1asdelaluna.es\/wp-content\/uploads\/2016\/12\/IMG_2850.jpg 1824w, https:\/\/www.monta\u00f1asdelaluna.es\/wp-content\/uploads\/2016\/12\/IMG_2850-300x168.jpg 300w, https:\/\/www.monta\u00f1asdelaluna.es\/wp-content\/uploads\/2016\/12\/IMG_2850-1024x575.jpg 1024w\" sizes=\"auto, (max-width: 1824px) 100vw, 1824px\" \/><\/a><p id=\"caption-attachment-34893\" class=\"wp-caption-text\">A la izquierda el Balaitous despejado y El Frondella cubierto<\/p><\/div>\n<p>El fin de semana se presenta incre\u00edblemente bueno, despejado, llevamos casi meses con anticicl\u00f3n entre este mes de diciembre y lo que tendremos en enero, y la nieve escasea en cotas bajar pero en cotas m\u00e1s altas se conserva en los sitios con m\u00e1s sombra y ventisqueados. Lo \u00fanico malo es que con tanta bonanza la temperatura por la noche puede bajar considerablemente en altura\u2026 no siempre anticiclona a gusto de todos.<\/p>\n<p>Subimos por la carretera que se dirige al Portalet, a Sallent de G\u00e1llego, y una vez pasado el cruce con el nombrado pueblo, comienzan los cruces con los distintos parkings y puntos de la Estaci\u00f3n de Esqu\u00ed de Formigal. Debemos girar a la izquierda justo en el \u00faltimo cruce y parking de la estaci\u00f3n de esqu\u00ed. El letrero pone: \u201cParking Anayet\u201d, para all\u00e1 vamos. Curiosamente este parking solo est\u00e1 abierto en invierno, para dar servicio y entrada a los esquiadores y usuarios de la estaci\u00f3n de esqu\u00ed. Mientras que en verano una cadena impide el paso por esta pista asfaltada que te lleva hasta un gran parking y las nombradas pistas de esqu\u00ed. Es pronto. Es la 1 del mediod\u00eda, pero mientras nos equipamos, hacemos las mochilas, comemos, se hacen entre las dos y las tres de la tarde. Pero ya estamos en camino.<\/p>\n<p>Hay sitio para dejar el coche, y mientras nos ubicamos observo el paisaje con una claridad excepcional, solo unas pocas nubes entorpecer\u00e1n sus vistas: reconozco al Balaitous con su inhiesto Frondella, majestuosos y altivos\u2026 este pasado septiembre pis\u00e9 su cima por primera vez, y desde esta vertiente donde se supone se encuentra la Gran Diagonal no se aprecia subida alguna. Impresionante monta\u00f1a. La tenue pero fantasmag\u00f3rica luz solar que a\u00fan toca las cimas de estas monta\u00f1as, le dan un toque nost\u00e1lgico, precioso, encantador\u2026 se nota que el d\u00eda ya comienza o intenta caer ya.<\/p>\n<div id=\"attachment_34895\" style=\"width: 1034px\" class=\"wp-caption aligncenter\"><a class=\"dt-single-image\" href=\"https:\/\/www.monta\u00f1asdelaluna.es\/wp-content\/uploads\/2016\/12\/IMG_2853.jpg\" data-dt-img-description=\"\"><img loading=\"lazy\" decoding=\"async\" aria-describedby=\"caption-attachment-34895\" class=\"wp-image-34895 size-large\" src=\"https:\/\/www.monta\u00f1asdelaluna.es\/wp-content\/uploads\/2016\/12\/IMG_2853-1024x768.jpg\" alt=\"Josep y Toni intern\u00e1ndose por el Baranco Culibillas, atr\u00e1s a la derecha Los Infiernos\" width=\"1024\" height=\"768\" srcset=\"https:\/\/www.monta\u00f1asdelaluna.es\/wp-content\/uploads\/2016\/12\/IMG_2853-1024x768.jpg 1024w, https:\/\/www.monta\u00f1asdelaluna.es\/wp-content\/uploads\/2016\/12\/IMG_2853-300x225.jpg 300w, https:\/\/www.monta\u00f1asdelaluna.es\/wp-content\/uploads\/2016\/12\/IMG_2853.jpg 1824w\" sizes=\"auto, (max-width: 1024px) 100vw, 1024px\" \/><\/a><p id=\"caption-attachment-34895\" class=\"wp-caption-text\">Josep y Toni intern\u00e1ndose por el Baranco Culibillas, atr\u00e1s a la derecha Los Infiernos<\/p><\/div>\n<div id=\"attachment_34897\" style=\"width: 1834px\" class=\"wp-caption aligncenter\"><a class=\"dt-single-image\" href=\"https:\/\/www.monta\u00f1asdelaluna.es\/wp-content\/uploads\/2016\/12\/IMG_2856.jpg\" data-dt-img-description=\"\"><img loading=\"lazy\" decoding=\"async\" aria-describedby=\"caption-attachment-34897\" class=\"wp-image-34897 size-full\" src=\"https:\/\/www.monta\u00f1asdelaluna.es\/wp-content\/uploads\/2016\/12\/IMG_2856.jpg\" alt=\"Los Infiernos a la izquierda, el Garmo Negro puntiagudo en el centro, a su derecha los Algas y Argualas la punta m\u00e1s a la derecha\" width=\"1824\" height=\"1024\" srcset=\"https:\/\/www.monta\u00f1asdelaluna.es\/wp-content\/uploads\/2016\/12\/IMG_2856.jpg 1824w, https:\/\/www.monta\u00f1asdelaluna.es\/wp-content\/uploads\/2016\/12\/IMG_2856-300x168.jpg 300w, https:\/\/www.monta\u00f1asdelaluna.es\/wp-content\/uploads\/2016\/12\/IMG_2856-1024x575.jpg 1024w\" sizes=\"auto, (max-width: 1824px) 100vw, 1824px\" \/><\/a><p id=\"caption-attachment-34897\" class=\"wp-caption-text\">Los Infiernos a la izquierda, el Garmo Negro puntiagudo en el centro, a su derecha los Algas y Argualas la punta m\u00e1s a la derecha<\/p><\/div>\n<p>Nos ponemos en marcha. Salimos del enorme parking en busca de la entrada de las pistas de esqu\u00ed que estaban a nuestra espalda y monta\u00f1a adentro, justo en el lado contrario de las estupendas vistas del Balaitous y Frondella. Miro el mapa de Alpina: hay alg\u00fan caminillo y senda que sale justo desde este punto y busca las orillas del barranco, del torrente que baja de la monta\u00f1a. Adem\u00e1s es el famoso G.R.-11 que cruza todo el Pirineo y no debe de tener ninguna p\u00e9rdida\u2026 si ves las marcas entre la nieve. Por suerte el camino a seguir es muy claro: hay que seguir paralelo el curso de dicho barranco, el de Culibillas hasta llegar a Los Llanos de Anayet donde en un rinc\u00f3n o mejor dicho en un lado del mismo, hacia el noroeste, se encuentran los dos reconocibles y \u00fanicos Ibones de Anayet.<\/p>\n<p>No llegamos a pisar las pistas, unas huellas de raquetas nos dan una pista y las seguimos. Enseguida giramos por una especie de camino hacia la derecha. Pero dura poco. Al poco tiempo se convierte en una senda que sigue a cierta altura del barranco, paralelo hacia el interior del valle que est\u00e1 formando o sale de \u00e9l. Est\u00e1 todo muy claro ya que la senda nevada y helada en tramos es muy clara. Antes de llegar al parking no hay mucha nieve o nada de nieve, a partir de aqu\u00ed la abundancia de la misma y el frio del lugar, el valle cerrado, todo en sombra, caracterizara la subida y recorrido hasta las alturas de los ibones. No tiene p\u00e9rdida. Es seguir todo el valle, paralelo al barranco, sin cruzar collados, ni otras direcciones, hasta su parte m\u00e1s alta.<\/p>\n<div id=\"attachment_34898\" style=\"width: 1034px\" class=\"wp-caption aligncenter\"><a class=\"dt-single-image\" href=\"https:\/\/www.monta\u00f1asdelaluna.es\/wp-content\/uploads\/2016\/12\/IMG_2857.jpg\" data-dt-img-description=\"\"><img loading=\"lazy\" decoding=\"async\" aria-describedby=\"caption-attachment-34898\" class=\"wp-image-34898 size-large\" src=\"https:\/\/www.monta\u00f1asdelaluna.es\/wp-content\/uploads\/2016\/12\/IMG_2857-1024x768.jpg\" alt=\"Atr\u00e1s queda el Garmo de Los Campos de Troya y al fondo izquierda Los Infiernos.\" width=\"1024\" height=\"768\" srcset=\"https:\/\/www.monta\u00f1asdelaluna.es\/wp-content\/uploads\/2016\/12\/IMG_2857-1024x768.jpg 1024w, https:\/\/www.monta\u00f1asdelaluna.es\/wp-content\/uploads\/2016\/12\/IMG_2857-300x225.jpg 300w, https:\/\/www.monta\u00f1asdelaluna.es\/wp-content\/uploads\/2016\/12\/IMG_2857.jpg 1824w\" sizes=\"auto, (max-width: 1024px) 100vw, 1024px\" \/><\/a><p id=\"caption-attachment-34898\" class=\"wp-caption-text\">Atr\u00e1s queda el Garmo de Los Campos de Troya y al fondo izquierda Los Infiernos.<\/p><\/div>\n<div id=\"attachment_34901\" style=\"width: 1834px\" class=\"wp-caption aligncenter\"><a class=\"dt-single-image\" href=\"https:\/\/www.monta\u00f1asdelaluna.es\/wp-content\/uploads\/2016\/12\/IMG_2863.jpg\" data-dt-img-description=\"\"><img loading=\"lazy\" decoding=\"async\" aria-describedby=\"caption-attachment-34901\" class=\"wp-image-34901 size-full\" src=\"https:\/\/www.monta\u00f1asdelaluna.es\/wp-content\/uploads\/2016\/12\/IMG_2863.jpg\" alt=\"En el centro queda la Punta de La Garganta, detr\u00e1s despejados Los Infiernos a la derecha y el Balaitous a la izquierda\" width=\"1824\" height=\"1024\" srcset=\"https:\/\/www.monta\u00f1asdelaluna.es\/wp-content\/uploads\/2016\/12\/IMG_2863.jpg 1824w, https:\/\/www.monta\u00f1asdelaluna.es\/wp-content\/uploads\/2016\/12\/IMG_2863-300x168.jpg 300w, https:\/\/www.monta\u00f1asdelaluna.es\/wp-content\/uploads\/2016\/12\/IMG_2863-1024x575.jpg 1024w\" sizes=\"auto, (max-width: 1824px) 100vw, 1824px\" \/><\/a><p id=\"caption-attachment-34901\" class=\"wp-caption-text\">En el centro queda la Punta de La Garganta, detr\u00e1s despejados Los Infiernos a la derecha y el Balaitous a la izquierda<\/p><\/div>\n<p>Delante nos topamos, mientras nos internamos en el frio, oscuro y nevoso vallecillo, con altivos picos los Pico O Cantal o Pico Royo, Lapazuso, Culibillas, los cuales hace como de l\u00edmite y entrada de este valle y la zona de las pistas de esqu\u00ed. Hay un grupillo de gente que justo en las empinadas laderas de estas primeras monta\u00f1as parece que est\u00e1n haciendo pr\u00e1cticas, mientras nosotros nos introducimos en este valle siguiendo la muy marcada senda en la abundante nieve, hacia la parte m\u00e1s alta del mismo. Poco a poco mientras giramos para buscar La Garganta, dejamos a nuestra espalda las pistas de esqu\u00ed y aquellas altas monta\u00f1as que ve\u00eda y reconoc\u00eda al fondo: Balaitous, Frondella\u2026 y ahora, poco a poco mientras subimos por el valle, otro grande m\u00e1s al sureste, Los Infiernos.<\/p>\n<p>Estamos casi solos en esta subida, de hecho no sube nadie m\u00e1s que nosotros tres, los \u00fanicos que suben por este valle en busca del Anayet. Solo nos encontramos con pocos grupos que bajan por la senda marcada y vienen del lugar al que queremos llegar. Josep les pregunta si falta mucho, pero no tardaremos m\u00e1s de 2 horas y media en llegar al lugar donde queremos montar el campamento.<\/p>\n<p>La Garganta es un estrechamiento del valle en donde el barranco o riera lo cruza haciendo eses entre rocas y escarpes; pero la senda creada en la nieve al caminar lo supera sin dificultades; eso s\u00ed, se nota la evoluci\u00f3n en la altura, como poco a poco vamos cogiendo altura quedando a nuestra espalda all\u00e1 abajo lo recorrido y como el paisaje casi limpio (en nuestro macizo no hay ni una nube) se va ampliando mientras el sol es implacable pero suave en las cimas del Balaitous, Frondella e Infiernos. Poco a poco es m\u00e1s incre\u00edble y hermoso.<\/p>\n<div id=\"attachment_34902\" style=\"width: 1034px\" class=\"wp-caption aligncenter\"><a class=\"dt-single-image\" href=\"https:\/\/www.monta\u00f1asdelaluna.es\/wp-content\/uploads\/2016\/12\/IMG_2867.jpg\" data-dt-img-description=\"\"><img loading=\"lazy\" decoding=\"async\" aria-describedby=\"caption-attachment-34902\" class=\"wp-image-34902 size-large\" src=\"https:\/\/www.monta\u00f1asdelaluna.es\/wp-content\/uploads\/2016\/12\/IMG_2867-1024x768.jpg\" alt=\"Subida final a los ibones y Llanos de Anayet\" width=\"1024\" height=\"768\" srcset=\"https:\/\/www.monta\u00f1asdelaluna.es\/wp-content\/uploads\/2016\/12\/IMG_2867-1024x768.jpg 1024w, https:\/\/www.monta\u00f1asdelaluna.es\/wp-content\/uploads\/2016\/12\/IMG_2867-300x225.jpg 300w, https:\/\/www.monta\u00f1asdelaluna.es\/wp-content\/uploads\/2016\/12\/IMG_2867.jpg 1824w\" sizes=\"auto, (max-width: 1024px) 100vw, 1024px\" \/><\/a><p id=\"caption-attachment-34902\" class=\"wp-caption-text\">Subida final a los ibones y Llanos de Anayet<\/p><\/div>\n<div id=\"attachment_34906\" style=\"width: 1034px\" class=\"wp-caption aligncenter\"><a class=\"dt-single-image\" href=\"https:\/\/www.monta\u00f1asdelaluna.es\/wp-content\/uploads\/2016\/12\/IMG_2874.jpg\" data-dt-img-description=\"\"><img loading=\"lazy\" decoding=\"async\" aria-describedby=\"caption-attachment-34906\" class=\"wp-image-34906 size-large\" src=\"https:\/\/www.monta\u00f1asdelaluna.es\/wp-content\/uploads\/2016\/12\/IMG_2874-1024x768.jpg\" alt=\"Abajo la Punta de La Garganta, al fondo en el centro Los Infiernos\" width=\"1024\" height=\"768\" srcset=\"https:\/\/www.monta\u00f1asdelaluna.es\/wp-content\/uploads\/2016\/12\/IMG_2874-1024x768.jpg 1024w, https:\/\/www.monta\u00f1asdelaluna.es\/wp-content\/uploads\/2016\/12\/IMG_2874-300x225.jpg 300w, https:\/\/www.monta\u00f1asdelaluna.es\/wp-content\/uploads\/2016\/12\/IMG_2874.jpg 1824w\" sizes=\"auto, (max-width: 1024px) 100vw, 1024px\" \/><\/a><p id=\"caption-attachment-34906\" class=\"wp-caption-text\">Abajo la Punta de La Garganta, al fondo en el centro Los Infiernos<\/p><\/div>\n<p>El valle en sombra toda la tarde y con tanta nieve es como un congelador gigantesco, enorme. Casi paso fr\u00edo en la subida a los Ibones de Anayet, pero el paisaje y el lugar por donde cruzamos, aunque no sea extraordinariamente precioso, siempre con el toque de la nieve y de las heladas sombras, lo hace impresionante y grandioso. Y m\u00e1s con la soledad como compa\u00f1\u00eda.<\/p>\n<p>Justo arriba de las eses y escarpes de La Garganta el barranco se suaviza algo y llega un momento que se topa con una especie de mini circo con una magn\u00edfica cascada helada a la derecha. Giramos para subir por la derecha de la misma, sin llegar a estar encima de ella, por una ladera medio nevada y en parte soleada. Y arriba de la misma ya llegamos a los llanos, Planos de Anayet con las vistas bestiales de la impresionante imagen del Pico de Anayet como principal atracci\u00f3n en todo el paisaje y vistas que tenemos. Impresionante. La verdad no me imaginaba que el pico tuviera un aspecto tan alpino y espectacular como el que nos encontramos nada m\u00e1s subir y llegar a las primeras lomas que rodean los Ibones de Anayet.<\/p>\n<p>El sol ya quiere esconderse y el frio comienza a penetrar en todos los rincones de nuestro cuerpo sudado; mientras nos hacemos unas fotos \u00fanicas y preciosas con el fondo del mismo Anayet. Tiene una perfecta forma como de pagoda con la punta escarp\u00e1ndose y verticaliz\u00e1ndose hacia lo m\u00e1s alto del pico. Escarpado, casi puntiagudo si no fuera porque la cima parece que est\u00e9 cortada sin acabar en punta. Roca oscura con pocos neveros. Preciosa imagen, casi alpina en medio de laderas suaves de nieve y hielo.<\/p>\n<div id=\"attachment_34907\" style=\"width: 1834px\" class=\"wp-caption aligncenter\"><a class=\"dt-single-image\" href=\"https:\/\/www.monta\u00f1asdelaluna.es\/wp-content\/uploads\/2016\/12\/IMG_2875.jpg\" data-dt-img-description=\"\"><img loading=\"lazy\" decoding=\"async\" aria-describedby=\"caption-attachment-34907\" class=\"wp-image-34907 size-full\" src=\"https:\/\/www.monta\u00f1asdelaluna.es\/wp-content\/uploads\/2016\/12\/IMG_2875.jpg\" alt=\"Pico de Anayet\" width=\"1824\" height=\"1368\" srcset=\"https:\/\/www.monta\u00f1asdelaluna.es\/wp-content\/uploads\/2016\/12\/IMG_2875.jpg 1824w, https:\/\/www.monta\u00f1asdelaluna.es\/wp-content\/uploads\/2016\/12\/IMG_2875-300x225.jpg 300w, https:\/\/www.monta\u00f1asdelaluna.es\/wp-content\/uploads\/2016\/12\/IMG_2875-1024x768.jpg 1024w\" sizes=\"auto, (max-width: 1824px) 100vw, 1824px\" \/><\/a><p id=\"caption-attachment-34907\" class=\"wp-caption-text\">Pico de Anayet<\/p><\/div>\n<div id=\"attachment_34910\" style=\"width: 1834px\" class=\"wp-caption aligncenter\"><a class=\"dt-single-image\" href=\"https:\/\/www.monta\u00f1asdelaluna.es\/wp-content\/uploads\/2016\/12\/IMG_2887.jpg\" data-dt-img-description=\"\"><img loading=\"lazy\" decoding=\"async\" aria-describedby=\"caption-attachment-34910\" class=\"wp-image-34910 size-full\" src=\"https:\/\/www.monta\u00f1asdelaluna.es\/wp-content\/uploads\/2016\/12\/IMG_2887.jpg\" alt=\"Pico de Anayet\" width=\"1824\" height=\"1368\" srcset=\"https:\/\/www.monta\u00f1asdelaluna.es\/wp-content\/uploads\/2016\/12\/IMG_2887.jpg 1824w, https:\/\/www.monta\u00f1asdelaluna.es\/wp-content\/uploads\/2016\/12\/IMG_2887-300x225.jpg 300w, https:\/\/www.monta\u00f1asdelaluna.es\/wp-content\/uploads\/2016\/12\/IMG_2887-1024x768.jpg 1024w\" sizes=\"auto, (max-width: 1824px) 100vw, 1824px\" \/><\/a><p id=\"caption-attachment-34910\" class=\"wp-caption-text\">Pico de Anayet<\/p><\/div>\n<div id=\"attachment_34913\" style=\"width: 1834px\" class=\"wp-caption aligncenter\"><a class=\"dt-single-image\" href=\"https:\/\/www.monta\u00f1asdelaluna.es\/wp-content\/uploads\/2016\/12\/IMG_2890.jpg\" data-dt-img-description=\"\"><img loading=\"lazy\" decoding=\"async\" aria-describedby=\"caption-attachment-34913\" class=\"wp-image-34913 size-full\" src=\"https:\/\/www.monta\u00f1asdelaluna.es\/wp-content\/uploads\/2016\/12\/IMG_2890.jpg\" alt=\"Pico de Anayet desde los Ibones de Anayet\" width=\"1824\" height=\"1368\" srcset=\"https:\/\/www.monta\u00f1asdelaluna.es\/wp-content\/uploads\/2016\/12\/IMG_2890.jpg 1824w, https:\/\/www.monta\u00f1asdelaluna.es\/wp-content\/uploads\/2016\/12\/IMG_2890-300x225.jpg 300w, https:\/\/www.monta\u00f1asdelaluna.es\/wp-content\/uploads\/2016\/12\/IMG_2890-1024x768.jpg 1024w\" sizes=\"auto, (max-width: 1824px) 100vw, 1824px\" \/><\/a><p id=\"caption-attachment-34913\" class=\"wp-caption-text\">Pico de Anayet desde los Ibones de Anayet<\/p><\/div>\n<p>Seguimos caminando y ya nos metemos con la nieve hasta la rodilla en alg\u00fan tramo. Observamos lo llano y perfecto de un redondeado plato: es uno de los ibones del Anayet. Al final entre ver si acamp\u00e1bamos all\u00e1 o ac\u00e1, decidimos hacerlo junto a la orilla del mismo, pensando que podemos coger agua de las congeladas y nevosas aguas. Adem\u00e1s el d\u00eda ya daba a su fin, la oscuridad se cern\u00eda sobre nosotros en este solitario \u201cp\u00e1ramo\u201d fr\u00edo y nevado. Casi en el lado contrario del ib\u00f3n, al otro lado estar\u00edan las vertientes del Anayet, acampamos.<\/p>\n<p>Nos sorprende la limpia y extraordinaria imagen de aquel volc\u00e1n extinguido del que solo quedan sus duras chimeneas y cr\u00e1ter de granito vivo: el Pic du Midi d\u2019Ossau se yergue al norte al otro lado de vallecillos y laderas suaves y no demasiado altas. Es impresionante. Hay que decir que este Pico de Anayet es casi hermano del extraordinario Pic du Midi d\u2019Ossau, ambos restos de altivos y en\u00e9rgicos volcanes. Excepcionales vistas para lo que queda de un d\u00eda radiante y una noche que parece ser\u00e1 impresionante y extraordinaria\u2026 pero muy fr\u00eda sin nubes ni vientos que perturben la tranquilidad del lugar. Estamos solos en todo el llano, en todo el plateau\u2026 solo el Pico de Anayet en lontananza el Pic du Midi d\u2019Ossau nos examinan con sus p\u00e9treos ojos gran\u00edticos, inm\u00f3viles e inmensos.<\/p>\n<div id=\"attachment_34915\" style=\"width: 1034px\" class=\"wp-caption aligncenter\"><a class=\"dt-single-image\" href=\"https:\/\/www.monta\u00f1asdelaluna.es\/wp-content\/uploads\/2016\/12\/IMG_2894.jpg\" data-dt-img-description=\"\"><img loading=\"lazy\" decoding=\"async\" aria-describedby=\"caption-attachment-34915\" class=\"wp-image-34915 size-large\" src=\"https:\/\/www.monta\u00f1asdelaluna.es\/wp-content\/uploads\/2016\/12\/IMG_2894-1024x768.jpg\" alt=\"Toni y Josep en el campamento en las orillas de un ib\u00f3n de Anayet\" width=\"1024\" height=\"768\" srcset=\"https:\/\/www.monta\u00f1asdelaluna.es\/wp-content\/uploads\/2016\/12\/IMG_2894-1024x768.jpg 1024w, https:\/\/www.monta\u00f1asdelaluna.es\/wp-content\/uploads\/2016\/12\/IMG_2894-300x225.jpg 300w, https:\/\/www.monta\u00f1asdelaluna.es\/wp-content\/uploads\/2016\/12\/IMG_2894.jpg 1824w\" sizes=\"auto, (max-width: 1024px) 100vw, 1024px\" \/><\/a><p id=\"caption-attachment-34915\" class=\"wp-caption-text\">Toni y Josep en el campamento en las orillas de un ib\u00f3n de Anayet<\/p><\/div>\n<div id=\"attachment_34919\" style=\"width: 1034px\" class=\"wp-caption aligncenter\"><a class=\"dt-single-image\" href=\"https:\/\/www.monta\u00f1asdelaluna.es\/wp-content\/uploads\/2016\/12\/IMG_2905.jpg\" data-dt-img-description=\"\"><img loading=\"lazy\" decoding=\"async\" aria-describedby=\"caption-attachment-34919\" class=\"wp-image-34919 size-large\" src=\"https:\/\/www.monta\u00f1asdelaluna.es\/wp-content\/uploads\/2016\/12\/IMG_2905-1024x768.jpg\" alt=\"Amanece en el Pico de Anayet desde el campamento\" width=\"1024\" height=\"768\" srcset=\"https:\/\/www.monta\u00f1asdelaluna.es\/wp-content\/uploads\/2016\/12\/IMG_2905-1024x768.jpg 1024w, https:\/\/www.monta\u00f1asdelaluna.es\/wp-content\/uploads\/2016\/12\/IMG_2905-300x225.jpg 300w, https:\/\/www.monta\u00f1asdelaluna.es\/wp-content\/uploads\/2016\/12\/IMG_2905.jpg 1824w\" sizes=\"auto, (max-width: 1024px) 100vw, 1024px\" \/><\/a><p id=\"caption-attachment-34919\" class=\"wp-caption-text\">Amanece en el Pico de Anayet desde el campamento<\/p><\/div>\n<p>Josep se monta su mini tienda y Toni y yo nos montamos mi tienda voladora de la <a href=\"https:\/\/www.monta\u00f1asdelaluna.es\/?p=32394\" target=\"_blank\" rel=\"noopener\">Estasen del Aneto<\/a>. Pero esta vez parece que no va a hacer viento. Estamos a unos 2.200 metros de altitud y el fr\u00edo nos caer\u00e1 r\u00e1pido y sin piedad a partir de que la claridad del d\u00eda desaparezca detr\u00e1s del sol. A pesar de que es pronto cuando nos metemos en nuestras tiendas y casi ya en los sacos, el tiempo pasa volando, o lentamente, seg\u00fan el fr\u00edo que tengas. Cogemos nieve para fundir y poder cocinar. Algo de pasta de sobre y buen jam\u00f3n que ha tra\u00eddo Toni. Demasiada cena al final pero no hay otra cosa que hacer. Josep no sale de su tienda; pasa fr\u00edo y no quiere salir ya ni del saco despu\u00e9s de cenar. La noche la pasamos entre sue\u00f1os y fr\u00edo. Fr\u00edo porque a pesar de tener un buen saco, hay que saber utilizarlo y no explotarlo\u2026 demasiada ropa para secar y calentar dentro del Diamir\u2026 no hubo manera de calentarlo en casi toda la noche; con lo que conlleva pasar frio por este mal uso\u2026 \u00a1\u00a1Qu\u00e9 fr\u00edo!!<\/p>\n<p>Suenan los despertadores y no queremos levantarnos, salir del saco. La escena me suena de muchas otras veces. Siempre esperamos a que salga el sol para ver si calienta la tienda, el d\u00eda, el cuerpo\u2026 y as\u00ed hacemos. Desayunamos y nos preparamos. Antes nos hemos hecho algunas fotos para inmortalizar el gran d\u00eda que tendremos hoy. Porque el d\u00eda ha amanecido radiante, limpio, magn\u00edfico, sin una nube\u2026 ni una en todo el d\u00eda, y as\u00ed nos acompa\u00f1ar\u00eda durante toda la jornada, desde la salida del sol hasta su puesta. Pocos d\u00edas he podido contar como \u00e9ste en invierno en el Pirineo, en mis actividades por el mismo; y \u00e9ste es uno de los m\u00e1s transparentes y claros. Las fotos desde las alturas as\u00ed lo confirmar\u00e1n.<\/p>\n<p>Bueno, ya es hora de salir, son cerca de las 10 de la ma\u00f1ana. Por suerte el pico est\u00e1 cerca, relativamente cerca del campamento, y el desnivel no llega a los 400 metros. De hecho, este pico se podr\u00eda asolir en un solo d\u00eda desde el mismo parking de la estaci\u00f3n de esqu\u00ed\u2026 como ya he dicho, pero la aventura era acampar en las fr\u00edas faldas de la monta\u00f1a.<\/p>\n<div id=\"attachment_34923\" style=\"width: 1034px\" class=\"wp-caption aligncenter\"><a class=\"dt-single-image\" href=\"https:\/\/www.monta\u00f1asdelaluna.es\/wp-content\/uploads\/2016\/12\/IMG_2915.jpg\" data-dt-img-description=\"\"><img loading=\"lazy\" decoding=\"async\" aria-describedby=\"caption-attachment-34923\" class=\"wp-image-34923 size-large\" src=\"https:\/\/www.monta\u00f1asdelaluna.es\/wp-content\/uploads\/2016\/12\/IMG_2915-1024x768.jpg\" alt=\"A la izquierda el campamento y al fondo el Pic du Midi d'Ossau\" width=\"1024\" height=\"768\" srcset=\"https:\/\/www.monta\u00f1asdelaluna.es\/wp-content\/uploads\/2016\/12\/IMG_2915-1024x768.jpg 1024w, https:\/\/www.monta\u00f1asdelaluna.es\/wp-content\/uploads\/2016\/12\/IMG_2915-300x225.jpg 300w, https:\/\/www.monta\u00f1asdelaluna.es\/wp-content\/uploads\/2016\/12\/IMG_2915.jpg 1824w\" sizes=\"auto, (max-width: 1024px) 100vw, 1024px\" \/><\/a><p id=\"caption-attachment-34923\" class=\"wp-caption-text\">A la izquierda el campamento y al fondo el Pic du Midi d&#8217;Ossau<\/p><\/div>\n<div id=\"attachment_34929\" style=\"width: 1034px\" class=\"wp-caption aligncenter\"><a class=\"dt-single-image\" href=\"https:\/\/www.monta\u00f1asdelaluna.es\/wp-content\/uploads\/2016\/12\/IMG_2924.jpg\" data-dt-img-description=\"\"><img loading=\"lazy\" decoding=\"async\" aria-describedby=\"caption-attachment-34929\" class=\"wp-image-34929 size-large\" src=\"https:\/\/www.monta\u00f1asdelaluna.es\/wp-content\/uploads\/2016\/12\/IMG_2924-1024x768.jpg\" alt=\"Josep y Toni camino del Cuello de Anayet desde los Ibones de Anayet, al fondo el Pic de Midi d'Ossau\" width=\"1024\" height=\"768\" srcset=\"https:\/\/www.monta\u00f1asdelaluna.es\/wp-content\/uploads\/2016\/12\/IMG_2924-1024x768.jpg 1024w, https:\/\/www.monta\u00f1asdelaluna.es\/wp-content\/uploads\/2016\/12\/IMG_2924-300x225.jpg 300w, https:\/\/www.monta\u00f1asdelaluna.es\/wp-content\/uploads\/2016\/12\/IMG_2924.jpg 1824w\" sizes=\"auto, (max-width: 1024px) 100vw, 1024px\" \/><\/a><p id=\"caption-attachment-34929\" class=\"wp-caption-text\">Josep y Toni camino del Cuello de Anayet desde los Ibones de Anayet, al fondo el Pic de Midi d&#8217;Ossau<\/p><\/div>\n<p>No hay p\u00e9rdida, debemos dirigirnos justo hac\u00eda un colladito que queda a la izquierda de la bajada de la pagoda del Pico de Anayet: es el Cuello de Anayet. Justo al otro lado, m\u00e1s hacia la izquierda del mismo colladito se yergue otro pico casi de igual altura que el mismo Pico de Anayet: el V\u00e9rtice de Anayet; con solo 20 metros m\u00e1s bajo que nuestro protagonista. La marcha es tranquila bajo un sol reinante que no calienta en estas primeras horas (o \u00faltimas) de la ma\u00f1ana, y r\u00e1pidamente llegamos a la pala que nos sube al colladito. Parece vertical desde la lejan\u00eda, pero una vez que te acercas no tiene nada del otro mundo. No nos hemos puesto crampones. Hay muchas huellas y la subida es casi una escalera de escalones en zigzag hacia arriba. Pronto llegamos al colladito. Josep dice que no quiere subir al Pico de Anayet, ni si quiera quer\u00eda subir al colladito, ya que sigue en rehabilitaci\u00f3n.<\/p>\n<p>Las vistas y el d\u00eda son impresionantes. No me cansar\u00e9 de repetirlo, admirarlo y disfrutarlo. Vemos las monta\u00f1as al otro lado. No las reconozco a\u00fan \u00bfEl Aspe? \u00bfBisaur\u00edn?&#8230; pero son escarpadas y espectaculares tambi\u00e9n, se nota su perfil calizo en lugar de gran\u00edtico, aunque sean m\u00e1s bajas de 2.800 metros en su gran mayor\u00eda\u2026 eso mirando hacia el oeste, hacia el este aparecen los gigantes del Valle de Tena: hacia la mitad tirando hacia abajo el conjunto de Argualas-Garmo Negro, y casi inhiesto Los Infiernos, los m\u00e1s altos. Hacia el norte del valle casi en la frontera la inconfundible presencia del Balaitous con su porte. Estamos a 2.413 metros y desde aqu\u00ed ya podemos girar a la derecha hacia el Pico de Anayet o a la derecha por una suave pero continua crestecilla y loma cimera hasta el V\u00e9rtice de Anayet. Josep decide descansar un poco mientras observa como cogemos la ladera nevada e inclinada del lado oeste Toni y yo, en direcci\u00f3n al Pico de Anayet.<\/p>\n<div id=\"attachment_34930\" style=\"width: 1834px\" class=\"wp-caption aligncenter\"><a class=\"dt-single-image\" href=\"https:\/\/www.monta\u00f1asdelaluna.es\/wp-content\/uploads\/2016\/12\/IMG_2926.jpg\" data-dt-img-description=\"\"><img loading=\"lazy\" decoding=\"async\" aria-describedby=\"caption-attachment-34930\" class=\"wp-image-34930 size-full\" src=\"https:\/\/www.monta\u00f1asdelaluna.es\/wp-content\/uploads\/2016\/12\/IMG_2926.jpg\" alt=\"Pic de Midi d'Ossau desde los Ibones de Anayet\" width=\"1824\" height=\"1368\" srcset=\"https:\/\/www.monta\u00f1asdelaluna.es\/wp-content\/uploads\/2016\/12\/IMG_2926.jpg 1824w, https:\/\/www.monta\u00f1asdelaluna.es\/wp-content\/uploads\/2016\/12\/IMG_2926-300x225.jpg 300w, https:\/\/www.monta\u00f1asdelaluna.es\/wp-content\/uploads\/2016\/12\/IMG_2926-1024x768.jpg 1024w\" sizes=\"auto, (max-width: 1824px) 100vw, 1824px\" \/><\/a><p id=\"caption-attachment-34930\" class=\"wp-caption-text\">Pic de Midi d&#8217;Ossau desde los Ibones de Anayet<\/p><\/div>\n<div id=\"attachment_34934\" style=\"width: 1034px\" class=\"wp-caption aligncenter\"><a class=\"dt-single-image\" href=\"https:\/\/www.monta\u00f1asdelaluna.es\/wp-content\/uploads\/2016\/12\/IMG_2931.jpg\" data-dt-img-description=\"\"><img loading=\"lazy\" decoding=\"async\" aria-describedby=\"caption-attachment-34934\" class=\"wp-image-34934 size-large\" src=\"https:\/\/www.monta\u00f1asdelaluna.es\/wp-content\/uploads\/2016\/12\/IMG_2931-1024x768.jpg\" alt=\"Josep y Toni camino del Cuello de Anayet desde los Ibones de Anayet, detr\u00e1s al fondo izquierda Los Infiernos, Garmo Negro, Algas, Argualas y a la derecha la Sierra Tende\u00f1era\" width=\"1024\" height=\"768\" srcset=\"https:\/\/www.monta\u00f1asdelaluna.es\/wp-content\/uploads\/2016\/12\/IMG_2931-1024x768.jpg 1024w, https:\/\/www.monta\u00f1asdelaluna.es\/wp-content\/uploads\/2016\/12\/IMG_2931-300x225.jpg 300w, https:\/\/www.monta\u00f1asdelaluna.es\/wp-content\/uploads\/2016\/12\/IMG_2931.jpg 1824w\" sizes=\"auto, (max-width: 1024px) 100vw, 1024px\" \/><\/a><p id=\"caption-attachment-34934\" class=\"wp-caption-text\">Josep y Toni camino del Cuello de Anayet desde los Ibones de Anayet, detr\u00e1s al fondo izquierda Los Infiernos, Garmo Negro, Algas, Argualas y a la derecha la Sierra Tende\u00f1era<\/p><\/div>\n<p>Por debajo de unos escarpes atraviesan las pisadas en diagonal por la empinada ladera nevada. No hay peligro. Si resbalamos abajo hay nieve blanda horizontal en una especie de llano, entre el Cuello de Anayet y la Punta de Las Negras o Falso Anayet. El paso no es dif\u00edcil y la nieve est\u00e1 muy bien, pero Toni no se ve y a mitad del paso decide hacer marcha atr\u00e1s y volver al Cuello de Anayet. \u00c9ste se re\u00fane con Josep y suben juntos por el f\u00e1cil recorrido al V\u00e9rtice de Anayet. Yo no me amilano y decido seguir la interesante traves\u00eda hasta las verdaderas faldas del Pico de Anayet, o mejor dicho, hasta los pilares verticales de las paredes y escarpes del Anayet.<\/p>\n<p>Subo a otra especie de collado o llano, sigo en direcci\u00f3n al perfecto cilindro de roca y paredes, forma que tiene este pico desde este lado. Me recuerda a otra monta\u00f1a pero no recuerdo a cual\u2026 aunque mientras escribo estas letras me viene a la mente la imagen del Naranjo de Bulnes\u2026 Estoy inc\u00f3modo. Tengo el est\u00f3mago como revuelto, la tripa inquieta\u2026 creo que s\u00e9 lo que me pasa, o lo hago o no puedo seguir; me acerco a un rinc\u00f3n junto a las rocas rojizas, ferruginosas volc\u00e1nicas y hago de vientre \u00a1\u00a1\u00a1Uuufffff!!! Ya puedo seguir. Ahora cambio de vertiente y de nuevo me enfilo por el este por otra empinada pala de nieve hasta las mismas rocas del cilindro, hasta las mismas cadenas. Acaba la nieve y comienza la traves\u00eda por la roca con las cadenas. A la derecha la ladera acaba en una pared o abismo que no logro a ver desde aqu\u00ed, y debajo de \u00e9sta el gran llano nevado y precioso de los Ibones de Anayet.[vc_separator][\/vc_column_text][\/vc_column][\/vc_row][vc_row][vc_column][vc_empty_space][\/vc_column][\/vc_row][vc_row][vc_column][vc_video link=\u00bbhttps:\/\/vimeo.com\/200384659#t=0s\u00bb title=\u00bbLas cadenas del Pico de Anayet\u00bb][\/vc_column][\/vc_row][vc_row][vc_column][vc_empty_space][\/vc_column][\/vc_row][vc_row][vc_column][vc_column_text]Me paro justo donde acaba la nieve y veo la primera cadena. Creo intuir por donde pasan y por donde hay que ir. Es una traves\u00eda en horizontal desde este punto de la monta\u00f1a hasta otro m\u00e1s a la derecha, sin ascender nada. Despu\u00e9s por una sendilla sobre los abismos y bajo las paredes de la monta\u00f1a, hasta que a la izquierda se abre una canal f\u00e1cil pero inclinada que no llega a ser corredor\u2026 quiz\u00e1s con mucha nieve y verticalidad\u2026 pero en esta parte de la monta\u00f1a que da al Cuello de Anayet y hacia el sur, el sol de estas \u00faltimas semanas y que no ha precipitado, ha fundido la poca o \u00fanica que podr\u00eda albergar. Con lo que la subida al pico por esta canal f\u00e1cil pero vertical, se hace entretenida y sin peligro, sin que nada entorpezca el paso a paso de esta subida. Hay una especie de sendilla en zigzag y pocos pasos de roca a superar.<\/p>\n<div id=\"attachment_34938\" style=\"width: 1034px\" class=\"wp-caption aligncenter\"><a class=\"dt-single-image\" href=\"https:\/\/www.monta\u00f1asdelaluna.es\/wp-content\/uploads\/2016\/12\/IMG_2936.jpg\" data-dt-img-description=\"\"><img loading=\"lazy\" decoding=\"async\" aria-describedby=\"caption-attachment-34938\" class=\"wp-image-34938 size-large\" src=\"https:\/\/www.monta\u00f1asdelaluna.es\/wp-content\/uploads\/2016\/12\/IMG_2936-1024x768.jpg\" alt=\"Camino del Pico del Anayet, se ve la salida del Cuello de Anayet y arriba el V\u00e9rtice de Anayet\" width=\"1024\" height=\"768\" srcset=\"https:\/\/www.monta\u00f1asdelaluna.es\/wp-content\/uploads\/2016\/12\/IMG_2936-1024x768.jpg 1024w, https:\/\/www.monta\u00f1asdelaluna.es\/wp-content\/uploads\/2016\/12\/IMG_2936-300x225.jpg 300w, https:\/\/www.monta\u00f1asdelaluna.es\/wp-content\/uploads\/2016\/12\/IMG_2936.jpg 1824w\" sizes=\"auto, (max-width: 1024px) 100vw, 1024px\" \/><\/a><p id=\"caption-attachment-34938\" class=\"wp-caption-text\">Camino del Pico del Anayet, se ve la salida del Cuello de Anayet y arriba el V\u00e9rtice de Anayet<\/p><\/div>\n<div id=\"attachment_34941\" style=\"width: 1034px\" class=\"wp-caption aligncenter\"><a class=\"dt-single-image\" href=\"https:\/\/www.monta\u00f1asdelaluna.es\/wp-content\/uploads\/2016\/12\/IMG_2941.jpg\" data-dt-img-description=\"\"><img loading=\"lazy\" decoding=\"async\" aria-describedby=\"caption-attachment-34941\" class=\"wp-image-34941 size-large\" src=\"https:\/\/www.monta\u00f1asdelaluna.es\/wp-content\/uploads\/2016\/12\/IMG_2941-1024x768.jpg\" alt=\"Joaqu\u00edn y detr\u00e1s la zona de las cadenas\" width=\"1024\" height=\"768\" srcset=\"https:\/\/www.monta\u00f1asdelaluna.es\/wp-content\/uploads\/2016\/12\/IMG_2941-1024x768.jpg 1024w, https:\/\/www.monta\u00f1asdelaluna.es\/wp-content\/uploads\/2016\/12\/IMG_2941-300x225.jpg 300w, https:\/\/www.monta\u00f1asdelaluna.es\/wp-content\/uploads\/2016\/12\/IMG_2941.jpg 1824w\" sizes=\"auto, (max-width: 1024px) 100vw, 1024px\" \/><\/a><p id=\"caption-attachment-34941\" class=\"wp-caption-text\">Joaqu\u00edn y detr\u00e1s la zona de las cadenas<\/p><\/div>\n<p>En el descanso he dejado la mochila y los crampones (espero no tener que necesitarlos), pero me llevo el piolet por si acaso\u2026 aunque despu\u00e9s de la traves\u00eda horizontal de las cadenas y la sendilla, dejo el piolet antes de afrontar la canal que se supone me llevar\u00e1 a la cima el Anayet, creyendo que ya no me encontrar\u00e9 m\u00e1s dificultades de nieve y hielo al ver lo pelado con ausencia de este meteoro que tiene esta cara sur de la monta\u00f1a. No hay nadie en toda la monta\u00f1a. Estoy solo en la subida; despu\u00e9s de la pareja que hemos visto por debajo del pico justo en la salida del campamento, nadie m\u00e1s se atreve en este radiante d\u00eda de domingo con un sol valiente en el cielo y ni una nube que le intercepte, ni una. Siempre esperas ver a alguien en la cima, subiendo o bajando cruzando caminos y direcciones, pero esta vez parece que nosotros tres somos los \u00fanicos que estamos disfrutando de este blanco y encantador rinc\u00f3n del Pirineo; y yo solo del distinguido cilindro, antigua chimenea volc\u00e1nica de este perfecto Pico de Anayet.<\/p>\n<p>Arriba de la canal me encuentro ya con la crestecilla cimera que comunica la parte oeste del cilindro, del pico con su cumbre o parte m\u00e1s alta a la derecha, a mi derecha, hacia el este. No est\u00e1 muy claro desde este punto, pero los hitos y la huella de hacia d\u00f3nde hay que ir son inconfundibles. Lo malo es que ahora desde la salida de la canal hasta la cumbre hay una sendilla de nieve y hielo; en la subida no hay problema, pero a la bajada deshaciendo lo andado echar\u00e9 de menos el piolet\u2026 ser\u00e1n unos pasos delicados con una ca\u00edda o pendiente delicada pero no imposible.<\/p>\n<div id=\"attachment_34947\" style=\"width: 1834px\" class=\"wp-caption aligncenter\"><a class=\"dt-single-image\" href=\"https:\/\/www.monta\u00f1asdelaluna.es\/wp-content\/uploads\/2016\/12\/IMG_2949.jpg\" data-dt-img-description=\"\"><img loading=\"lazy\" decoding=\"async\" aria-describedby=\"caption-attachment-34947\" class=\"wp-image-34947 size-full\" src=\"https:\/\/www.monta\u00f1asdelaluna.es\/wp-content\/uploads\/2016\/12\/IMG_2949.jpg\" alt=\"A la izquierda Los Infiernos, al fondo el Vignemale, a la derecha el Garmo Negro (el puntiagudo), Algas y m\u00e1s a la derecha Argualas\" width=\"1824\" height=\"1024\" srcset=\"https:\/\/www.monta\u00f1asdelaluna.es\/wp-content\/uploads\/2016\/12\/IMG_2949.jpg 1824w, https:\/\/www.monta\u00f1asdelaluna.es\/wp-content\/uploads\/2016\/12\/IMG_2949-300x168.jpg 300w, https:\/\/www.monta\u00f1asdelaluna.es\/wp-content\/uploads\/2016\/12\/IMG_2949-1024x575.jpg 1024w\" sizes=\"auto, (max-width: 1824px) 100vw, 1824px\" \/><\/a><p id=\"caption-attachment-34947\" class=\"wp-caption-text\">A la izquierda Los Infiernos, al fondo el Vignemale, a la derecha el Garmo Negro (el puntiagudo), Algas y m\u00e1s a la derecha Argualas<\/p><\/div>\n<div id=\"attachment_34948\" style=\"width: 1834px\" class=\"wp-caption aligncenter\"><a class=\"dt-single-image\" href=\"https:\/\/www.monta\u00f1asdelaluna.es\/wp-content\/uploads\/2016\/12\/IMG_2950.jpg\" data-dt-img-description=\"\"><img loading=\"lazy\" decoding=\"async\" aria-describedby=\"caption-attachment-34948\" class=\"wp-image-34948 size-full\" src=\"https:\/\/www.monta\u00f1asdelaluna.es\/wp-content\/uploads\/2016\/12\/IMG_2950.jpg\" alt=\"El Balaitous a la izquierda y Frondellas a la derecha, entre las dos la Brecha Latour\" width=\"1824\" height=\"1368\" srcset=\"https:\/\/www.monta\u00f1asdelaluna.es\/wp-content\/uploads\/2016\/12\/IMG_2950.jpg 1824w, https:\/\/www.monta\u00f1asdelaluna.es\/wp-content\/uploads\/2016\/12\/IMG_2950-300x225.jpg 300w, https:\/\/www.monta\u00f1asdelaluna.es\/wp-content\/uploads\/2016\/12\/IMG_2950-1024x768.jpg 1024w\" sizes=\"auto, (max-width: 1824px) 100vw, 1824px\" \/><\/a><p id=\"caption-attachment-34948\" class=\"wp-caption-text\">El Balaitous a la izquierda y Frondellas a la derecha, entre las dos la Brecha Latour<\/p><\/div>\n<div id=\"attachment_34951\" style=\"width: 1834px\" class=\"wp-caption aligncenter\"><a class=\"dt-single-image\" href=\"https:\/\/www.monta\u00f1asdelaluna.es\/wp-content\/uploads\/2016\/12\/IMG_2954.jpg\" data-dt-img-description=\"\"><img loading=\"lazy\" decoding=\"async\" aria-describedby=\"caption-attachment-34951\" class=\"wp-image-34951 size-full\" src=\"https:\/\/www.monta\u00f1asdelaluna.es\/wp-content\/uploads\/2016\/12\/IMG_2954.jpg\" alt=\"Pic du Midi d'Ossau\" width=\"1824\" height=\"1024\" srcset=\"https:\/\/www.monta\u00f1asdelaluna.es\/wp-content\/uploads\/2016\/12\/IMG_2954.jpg 1824w, https:\/\/www.monta\u00f1asdelaluna.es\/wp-content\/uploads\/2016\/12\/IMG_2954-300x168.jpg 300w, https:\/\/www.monta\u00f1asdelaluna.es\/wp-content\/uploads\/2016\/12\/IMG_2954-1024x575.jpg 1024w\" sizes=\"auto, (max-width: 1824px) 100vw, 1824px\" \/><\/a><p id=\"caption-attachment-34951\" class=\"wp-caption-text\">Pic du Midi d&#8217;Ossau<\/p><\/div>\n<p>Y pocos pasos y metros despu\u00e9s de salir de la canal llego por fin a la solitaria y espl\u00e9ndida cima del Pico de Anayet a 2.574 mts. Lo primero que hago es disfrutar del espectacular paisaje, del d\u00eda y de todas las vistas, conocidas o no de lo que me rodeaba. Hago fotos, video\u2026 y tengo que dejar la c\u00e1mara sobre unas piedras cimeras con el disparador autom\u00e1tico para que pueda salir yo en algunas de ellas. Es un pico incre\u00edble y el d\u00eda lo hace m\u00e1s especial e incre\u00edble, tengo que inmortalizarme en esta cima. Reconozco algunas monta\u00f1as que ya he mencionado antes, ahora m\u00e1s vistosas, vigorosas e impresionantes desde esta altura de la cima del Pico de Anayet, al final se convierte en un mirador privilegiado, id\u00edlico para admirar la cordillera y sus picos, monta\u00f1as\u2026 el conjunto del Garmo Negro, Argualas y los inhiesto Picos del Infierno que aparecen como una alta muralla de tres piquitos vertical e imponente. Precioso. M\u00e1s hacia el norte los antes nombrados Balaitous y Frondellas que desde aqu\u00ed aparecen con formas reconocibles e inexpugnables, sobre todo el Balaitous con una pared cimera con forma romboidal, oscura pero sombr\u00eda y temerosa\u2026 son impresionantes. Y al norte el rey del paisaje pirenaico franc\u00e9s, el otro volc\u00e1n hermano mayor del Anayet, el espectacular Pic du Midi d\u2019Ossau con sus paredes verticales, sus chimeneas terminadas en punta que acompa\u00f1an a la principal m\u00e1s ancha y alta, es como un castillo medieval con torres de guardia y vigilancia que circundan la principal del homenaje. Y \u00e9ste sale de suaves y casi horizontales lugares (si las comparamos con sus perfiles) que le hacen m\u00e1s espectacular y admirable\u2026 como el mismo castillo que sobresale de entre los llanos del p\u00e1ramo; y con esas pinceladas de la nieve ca\u00edda a pesar de ser la cara sur y soleada la que vemos de esta soberbia monta\u00f1a\u2026 pero hay que seguir con la vista el resto del paisaje pirenaico: hacia el oeste creo distinguir el Pic d\u2019Anie (el \u00faltimo pico de dos mil quinientos metros del Pirineo hacia el Cant\u00e1brico); la Mesa de los Tres Reyes\u2026 algunos otros que desconozco a menos que mire un mapa, son puntiagudos y escarpados, tambi\u00e9n espectaculares. Creo ver al Bisaur\u00edn, entre la zona del Pic d\u2019Anie y \u00e9sta m\u00e1s cercana del Aspe y la zona a la que pertenece el Anayet, al sur la altiva muralla entre el reconocible Pe\u00f1a Telera al este y la casi escondida pero alta Pe\u00f1a Collarada, es la Sierra Dera Partacua\u2026 a la derecha de esta alta sierra, esta alta muralla nevada, aparece un laberinto de piquitos y monta\u00f1as calizas, es curioso y espectacular\u2026 Pala de Ip, Pe\u00f1a Escarra\u2026 son algunas de \u00e9stas\u2026 todo el paisaje sin una sola nube, neblina que entorpezca la magn\u00edfica vista, la extraordinaria visi\u00f3n del radiante y soleado d\u00eda de hoy. No me canso de explicar el gran d\u00eda de vistas y paisajes que es el de hoy\u2026<\/p>\n<div id=\"attachment_34953\" style=\"width: 1034px\" class=\"wp-caption aligncenter\"><a class=\"dt-single-image\" href=\"https:\/\/www.monta\u00f1asdelaluna.es\/wp-content\/uploads\/2016\/12\/IMG_2956.jpg\" data-dt-img-description=\"\"><img loading=\"lazy\" decoding=\"async\" aria-describedby=\"caption-attachment-34953\" class=\"wp-image-34953 size-large\" src=\"https:\/\/www.monta\u00f1asdelaluna.es\/wp-content\/uploads\/2016\/12\/IMG_2956-1024x768.jpg\" alt=\"Pico Bisaur\u00edn\" width=\"1024\" height=\"768\" srcset=\"https:\/\/www.monta\u00f1asdelaluna.es\/wp-content\/uploads\/2016\/12\/IMG_2956-1024x768.jpg 1024w, https:\/\/www.monta\u00f1asdelaluna.es\/wp-content\/uploads\/2016\/12\/IMG_2956-300x225.jpg 300w, https:\/\/www.monta\u00f1asdelaluna.es\/wp-content\/uploads\/2016\/12\/IMG_2956.jpg 1824w\" sizes=\"auto, (max-width: 1024px) 100vw, 1024px\" \/><\/a><p id=\"caption-attachment-34953\" class=\"wp-caption-text\">Pico Bisaur\u00edn<\/p><\/div>\n<div id=\"attachment_34957\" style=\"width: 1034px\" class=\"wp-caption aligncenter\"><a class=\"dt-single-image\" href=\"https:\/\/www.monta\u00f1asdelaluna.es\/wp-content\/uploads\/2016\/12\/IMG_2962.jpg\" data-dt-img-description=\"\"><img loading=\"lazy\" decoding=\"async\" aria-describedby=\"caption-attachment-34957\" class=\"wp-image-34957 size-large\" src=\"https:\/\/www.monta\u00f1asdelaluna.es\/wp-content\/uploads\/2016\/12\/IMG_2962-1024x768.jpg\" alt=\"Joaqu\u00edn en la cima del Pico de Anayet, 2.574 mts., detr\u00e1s zona del Gran Facha, Panticosa, Los Infiernos en el centro e izquierda\" width=\"1024\" height=\"768\" srcset=\"https:\/\/www.monta\u00f1asdelaluna.es\/wp-content\/uploads\/2016\/12\/IMG_2962-1024x768.jpg 1024w, https:\/\/www.monta\u00f1asdelaluna.es\/wp-content\/uploads\/2016\/12\/IMG_2962-300x225.jpg 300w, https:\/\/www.monta\u00f1asdelaluna.es\/wp-content\/uploads\/2016\/12\/IMG_2962.jpg 1824w\" sizes=\"auto, (max-width: 1024px) 100vw, 1024px\" \/><\/a><p id=\"caption-attachment-34957\" class=\"wp-caption-text\">Joaqu\u00edn en la cima del Pico de Anayet, 2.574 mts., detr\u00e1s zona del Gran Facha, Panticosa, Los Infiernos en el centro e izquierda<\/p><\/div>\n<div id=\"attachment_34959\" style=\"width: 1034px\" class=\"wp-caption aligncenter\"><a class=\"dt-single-image\" href=\"https:\/\/www.monta\u00f1asdelaluna.es\/wp-content\/uploads\/2016\/12\/IMG_2971.jpg\" data-dt-img-description=\"\"><img loading=\"lazy\" decoding=\"async\" aria-describedby=\"caption-attachment-34959\" class=\"wp-image-34959 size-large\" src=\"https:\/\/www.monta\u00f1asdelaluna.es\/wp-content\/uploads\/2016\/12\/IMG_2971-1024x768.jpg\" alt=\"Joaqu\u00edn en la cima del Pico de Anayet, 2.574 mts., detr\u00e1s el Pic du Midi d'Ossau\" width=\"1024\" height=\"768\" srcset=\"https:\/\/www.monta\u00f1asdelaluna.es\/wp-content\/uploads\/2016\/12\/IMG_2971-1024x768.jpg 1024w, https:\/\/www.monta\u00f1asdelaluna.es\/wp-content\/uploads\/2016\/12\/IMG_2971-300x225.jpg 300w, https:\/\/www.monta\u00f1asdelaluna.es\/wp-content\/uploads\/2016\/12\/IMG_2971.jpg 1824w\" sizes=\"auto, (max-width: 1024px) 100vw, 1024px\" \/><\/a><p id=\"caption-attachment-34959\" class=\"wp-caption-text\">Joaqu\u00edn en la cima del Pico de Anayet, 2.574 mts., detr\u00e1s el Pic du Midi d&#8217;Ossau<\/p><\/div>\n<p>Sigue sin subir nadie a la cima. Sigo estando solo despu\u00e9s de hacer las fotos y admirar el paisaje. Es hora de bajar. E igual que he subido en soledad, bajo en soledad desandando el camino. Pero ahora con mucho cuidado \u00a1\u00a1Como he podido subir por aqu\u00ed sin piolet que me salvaguarde!! Como hab\u00eda a\u00f1adido antes, el comienzo de la bajada hasta llegar a las inmediaciones de la canal es delicada y temo resbalar. Solo la suela de las desgastadas Asolo, y los fr\u00edos y deshilachados por los cristales de hielo, guantes m\u00edos, son a los que debo confiar para bajar sin caerme\u2026 pero despu\u00e9s de llevar mucho cuidado (siempre m\u00e1s de lo normal) y de unos minutos casi en tensi\u00f3n, llego a lugar seguro entre los escarpes de las rocas cimeras y la sendilla que comienza la bajada por la canal.[\/vc_column_text][\/vc_column][\/vc_row][vc_row][vc_column][vc_empty_space][\/vc_column][\/vc_row][vc_row][vc_column][vc_video link=\u00bbhttps:\/\/vimeo.com\/200398535#t=0s\u00bb title=\u00bbCima del Pico de Anayet, 2.574 mts.\u00bb][\/vc_column][\/vc_row][vc_row][vc_column][vc_empty_space][\/vc_column][\/vc_row][vc_row][vc_column][vc_column_text]De repente justo a los pocos segundos de comenzar la bajada por la canal me pasa algo raro. No hab\u00eda nadie all\u00ed ni en muchos kil\u00f3metros a la redonda, menos mis dos compa\u00f1eros que estaban lejos bajando del V\u00e9rtice de Anayet o alg\u00fan grupo que no hayamos visto que sub\u00eda por otra vertiente oculta, m\u00e1s peligrosa y agreste como la norte, del pico\u2026 escucho casi como un susurro muy agradable y sosegada, pero a la vez directa y concreta, como me llaman por mi nombre desde la parte alta de la canal, como saliendo de entre las rocas escarpadas de la cima y que coronan la canal. Es m\u00e1s, pronuncia mi nombre completo: Jos\u00e9 Joaqu\u00edn. Tal es que miro hacia arriba esperando que aparezca alguien de entre las rocas. Pero estoy solo. No aparece nadie. Y si apareciera \u00bfC\u00f3mo saben mi nombre? Nadie me llama por mi nombre completo, de hecho, la mayor\u00eda de la gente lo desconoce\u2026 solo se me ocurre que subieran por la otra cara de la monta\u00f1a una pareja, mujer y hombre, que el hombre se llamara como yo, que la chica le llamara pero que no aparecieran nunca por la cima ni por la parte visible de la monta\u00f1a \u00a1\u00a1Imposible!! Mucha casualidad ser\u00eda, demasiada\u2026 De repente me llegan a la mente esas historias y leyendas de monta\u00f1eros que en la soledad de la monta\u00f1a tienen este tipo de experiencias; pero no estoy en peligro ni en una gran monta\u00f1a de los Andes o del Himalaya\u2026 es todo tan raro que casi me asusta, me quedo como que no me lo creo y sigo la bajada por la canal en busca de mi piolet al pie de la misma, de la senda transversal y de las cadenas.<\/p>\n<div id=\"attachment_34954\" style=\"width: 1834px\" class=\"wp-caption aligncenter\"><a class=\"dt-single-image\" href=\"https:\/\/www.monta\u00f1asdelaluna.es\/wp-content\/uploads\/2016\/12\/IMG_2958.jpg\" data-dt-img-description=\"\"><img loading=\"lazy\" decoding=\"async\" aria-describedby=\"caption-attachment-34954\" class=\"wp-image-34954 size-full\" src=\"https:\/\/www.monta\u00f1asdelaluna.es\/wp-content\/uploads\/2016\/12\/IMG_2958.jpg\" alt=\"Pic d'Anie a la derecha\" width=\"1824\" height=\"1024\" srcset=\"https:\/\/www.monta\u00f1asdelaluna.es\/wp-content\/uploads\/2016\/12\/IMG_2958.jpg 1824w, https:\/\/www.monta\u00f1asdelaluna.es\/wp-content\/uploads\/2016\/12\/IMG_2958-300x168.jpg 300w, https:\/\/www.monta\u00f1asdelaluna.es\/wp-content\/uploads\/2016\/12\/IMG_2958-1024x575.jpg 1024w\" sizes=\"auto, (max-width: 1824px) 100vw, 1824px\" \/><\/a><p id=\"caption-attachment-34954\" class=\"wp-caption-text\">Pic d&#8217;Anie a la derecha<\/p><\/div>\n<div id=\"attachment_34964\" style=\"width: 833px\" class=\"wp-caption aligncenter\"><a class=\"dt-single-image\" href=\"https:\/\/www.monta\u00f1asdelaluna.es\/wp-content\/uploads\/2016\/12\/IMG_2977.jpg\" data-dt-img-description=\"\"><img loading=\"lazy\" decoding=\"async\" aria-describedby=\"caption-attachment-34964\" class=\"wp-image-34964 \" src=\"https:\/\/www.monta\u00f1asdelaluna.es\/wp-content\/uploads\/2016\/12\/IMG_2977.jpg\" alt=\"Pico de Anayet y abajo el Cuello de Anayet\" width=\"823\" height=\"1097\" srcset=\"https:\/\/www.monta\u00f1asdelaluna.es\/wp-content\/uploads\/2016\/12\/IMG_2977.jpg 1368w, https:\/\/www.monta\u00f1asdelaluna.es\/wp-content\/uploads\/2016\/12\/IMG_2977-225x300.jpg 225w, https:\/\/www.monta\u00f1asdelaluna.es\/wp-content\/uploads\/2016\/12\/IMG_2977-768x1024.jpg 768w\" sizes=\"auto, (max-width: 823px) 100vw, 823px\" \/><\/a><p id=\"caption-attachment-34964\" class=\"wp-caption-text\">Pico de Anayet y abajo el Cuello de Anayet<\/p><\/div>\n<p>Recojo mi mochila y me la pongo. Deshago el camino en busca del Cuello de Anayet; no est\u00e1 muy lejos, no he andado tanto para llegar del mismo colladito hasta las paredes del pico. Sigo mirando hacia atr\u00e1s, hacia las cadenas, las paredes y el rinc\u00f3n donde comienza la canal que desde este punto no se llega a discernir, tapada por el mismo perfil de la monta\u00f1a. Intento ver a la gente que me ha llamado por mi nombre o han dicho mi nombre casi en la cima de esta solitaria monta\u00f1a. Pero no baja nadie, no aparece nadie. Miro a la monta\u00f1a y un escalofr\u00edo me recorre el cuerpo. No es miedo, es incertidumbre, desconcierto\u2026<\/p>\n<p>El paso de nieve se hace r\u00e1pido y sin problemas; no entiendo el recelo de Toni. Y veo a los dos compa\u00f1eros que ya han bajado del V\u00e9rtice que me llaman para subir a una loma al otro lado del colladito (al que estaba llegando) para reunirme con ellos. Magn\u00edfico d\u00eda. Las ascensiones han ido muy bien y r\u00e1pidas para todos. Pero ya es hora de volver, desmontar el campamento y bajar hasta el coche\u2026 nos queda todo el camino de carretera hasta Barcelona.<\/p>\n<p>La bajada del Cuello de Anayet hasta las suaves lomas de los llanos donde se encuentran los Ibones de Anayet es r\u00e1pida y f\u00e1cil. Escalones de nieve, ahora m\u00e1s blanda e inestable. Hundir un pie, una pierna en alg\u00fan agujero oculto por la nieve blanda, es f\u00e1cil. El camino hasta el campamento me parece algo larguillo para lo que cre\u00eda; no hemos plantado las tiendas demasiado cerca.<\/p>\n<div id=\"attachment_34967\" style=\"width: 1034px\" class=\"wp-caption aligncenter\"><a class=\"dt-single-image\" href=\"https:\/\/www.monta\u00f1asdelaluna.es\/wp-content\/uploads\/2016\/12\/IMG_2983.jpg\" data-dt-img-description=\"\"><img loading=\"lazy\" decoding=\"async\" aria-describedby=\"caption-attachment-34967\" class=\"wp-image-34967 size-large\" src=\"https:\/\/www.monta\u00f1asdelaluna.es\/wp-content\/uploads\/2016\/12\/IMG_2983-1024x768.jpg\" alt=\"Camino del campamento, Los Infiernos en el centro izquierda y se aprecia el Marbor\u00e9 y Monte Perdido al fondo derecha\" width=\"1024\" height=\"768\" srcset=\"https:\/\/www.monta\u00f1asdelaluna.es\/wp-content\/uploads\/2016\/12\/IMG_2983-1024x768.jpg 1024w, https:\/\/www.monta\u00f1asdelaluna.es\/wp-content\/uploads\/2016\/12\/IMG_2983-300x225.jpg 300w, https:\/\/www.monta\u00f1asdelaluna.es\/wp-content\/uploads\/2016\/12\/IMG_2983.jpg 1824w\" sizes=\"auto, (max-width: 1024px) 100vw, 1024px\" \/><\/a><p id=\"caption-attachment-34967\" class=\"wp-caption-text\">Camino del campamento, Los Infiernos en el centro izquierda y se aprecia el Marbor\u00e9 y Monte Perdido al fondo derecha<\/p><\/div>\n<div id=\"attachment_34969\" style=\"width: 1034px\" class=\"wp-caption aligncenter\"><a class=\"dt-single-image\" href=\"https:\/\/www.monta\u00f1asdelaluna.es\/wp-content\/uploads\/2016\/12\/IMG_2985.jpg\" data-dt-img-description=\"\"><img loading=\"lazy\" decoding=\"async\" aria-describedby=\"caption-attachment-34969\" class=\"wp-image-34969 size-large\" src=\"https:\/\/www.monta\u00f1asdelaluna.es\/wp-content\/uploads\/2016\/12\/IMG_2985-1024x768.jpg\" alt=\"Toni y Josep camino del campamento\" width=\"1024\" height=\"768\" srcset=\"https:\/\/www.monta\u00f1asdelaluna.es\/wp-content\/uploads\/2016\/12\/IMG_2985-1024x768.jpg 1024w, https:\/\/www.monta\u00f1asdelaluna.es\/wp-content\/uploads\/2016\/12\/IMG_2985-300x225.jpg 300w, https:\/\/www.monta\u00f1asdelaluna.es\/wp-content\/uploads\/2016\/12\/IMG_2985.jpg 1824w\" sizes=\"auto, (max-width: 1024px) 100vw, 1024px\" \/><\/a><p id=\"caption-attachment-34969\" class=\"wp-caption-text\">Toni y Josep camino del campamento<\/p><\/div>\n<p>Desmontamos las tiendas y ya queremos emprender la bajada hacia el parking de la estaci\u00f3n de esqu\u00ed. Me sigue pareciendo incre\u00edble que no haya aparecido ni una nube en todo el d\u00eda; ha sido un d\u00eda \u00fanico, radiante y con mucha visibilidad. Un video grabado en la cima as\u00ed lo atestiguar\u00e1\u2026 \u00a1Qu\u00e9 invento hacer estos videos a modo de \u201cSelfie\u201d! Justo nos hacemos fotos con las impresionantes vistas del Pirineo hacia el este en el balc\u00f3n que forman los llanos de los ibones cuando comienzan a caer por el ca\u00f1\u00f3n o hueco que comienza a hace el nacimiento del Barranco y vallecillo del Culibillas. Fascinante. M\u00edtico. No dejo de mirar el fant\u00e1stico murall\u00f3n all\u00e1 arriba de los Picos del Infiernos con esas verticales laderas nevadas y altas.<\/p>\n<p>La bajada es r\u00e1pida, fr\u00eda y solitaria. En el d\u00eda de hoy s\u00ed que no nos encontramos con ning\u00fan grupo o pareja, como s\u00ed nos encontramos ayer, que bajen del llano de los ibones o de algunos de estos picos\u2026 como una pareja que bajaba del V\u00e9rtice de Anayet. El Barranco, el vallecillo por donde pasa o cruza este, m\u00e1s que riachuelo o arroyo, un r\u00edo de monta\u00f1a como Dios manda, sigue sumida en la oscuridad, en el fr\u00edo g\u00e9lido de las sombras de las monta\u00f1as del Pirineo. Hay que abrigarse. No nos quitamos los crampones, y de esta manera podemos seguir por la senda helada pr\u00f3xima y debajo de las pistas de esqu\u00ed sin resbalar\u2026 aunque justo antes de llegar a pisar las cercanas pistas de esqu\u00ed tengo un traspi\u00e9 con los crampones y caigo con todo el equipo\u2026 no va m\u00e1s all\u00e1 el susto.<\/p>\n<div id=\"attachment_34974\" style=\"width: 1034px\" class=\"wp-caption aligncenter\"><a class=\"dt-single-image\" href=\"https:\/\/www.monta\u00f1asdelaluna.es\/wp-content\/uploads\/2016\/12\/IMG_3001.jpg\" data-dt-img-description=\"\"><img loading=\"lazy\" decoding=\"async\" aria-describedby=\"caption-attachment-34974\" class=\"wp-image-34974 size-large\" src=\"https:\/\/www.monta\u00f1asdelaluna.es\/wp-content\/uploads\/2016\/12\/IMG_3001-1024x768.jpg\" alt=\"Josep con Los Infiernos al fondo izquierda\" width=\"1024\" height=\"768\" srcset=\"https:\/\/www.monta\u00f1asdelaluna.es\/wp-content\/uploads\/2016\/12\/IMG_3001-1024x768.jpg 1024w, https:\/\/www.monta\u00f1asdelaluna.es\/wp-content\/uploads\/2016\/12\/IMG_3001-300x225.jpg 300w, https:\/\/www.monta\u00f1asdelaluna.es\/wp-content\/uploads\/2016\/12\/IMG_3001.jpg 1824w\" sizes=\"auto, (max-width: 1024px) 100vw, 1024px\" \/><\/a><p id=\"caption-attachment-34974\" class=\"wp-caption-text\">Josep con Los Infiernos al fondo izquierda<\/p><\/div>\n<div id=\"attachment_34975\" style=\"width: 1034px\" class=\"wp-caption aligncenter\"><a class=\"dt-single-image\" href=\"https:\/\/www.monta\u00f1asdelaluna.es\/wp-content\/uploads\/2016\/12\/IMG_3002.jpg\" data-dt-img-description=\"\"><img loading=\"lazy\" decoding=\"async\" aria-describedby=\"caption-attachment-34975\" class=\"wp-image-34975 size-large\" src=\"https:\/\/www.monta\u00f1asdelaluna.es\/wp-content\/uploads\/2016\/12\/IMG_3002-1024x768.jpg\" alt=\"Toni con Los Infiernos a la izquierda\" width=\"1024\" height=\"768\" srcset=\"https:\/\/www.monta\u00f1asdelaluna.es\/wp-content\/uploads\/2016\/12\/IMG_3002-1024x768.jpg 1024w, https:\/\/www.monta\u00f1asdelaluna.es\/wp-content\/uploads\/2016\/12\/IMG_3002-300x225.jpg 300w, https:\/\/www.monta\u00f1asdelaluna.es\/wp-content\/uploads\/2016\/12\/IMG_3002.jpg 1824w\" sizes=\"auto, (max-width: 1024px) 100vw, 1024px\" \/><\/a><p id=\"caption-attachment-34975\" class=\"wp-caption-text\">Toni con Los Infiernos a la izquierda<\/p><\/div>\n<div id=\"attachment_34981\" style=\"width: 1034px\" class=\"wp-caption aligncenter\"><a class=\"dt-single-image\" href=\"https:\/\/www.monta\u00f1asdelaluna.es\/wp-content\/uploads\/2016\/12\/IMG_3014.jpg\" data-dt-img-description=\"\"><img loading=\"lazy\" decoding=\"async\" aria-describedby=\"caption-attachment-34981\" class=\"wp-image-34981 size-large\" src=\"https:\/\/www.monta\u00f1asdelaluna.es\/wp-content\/uploads\/2016\/12\/IMG_3014-1024x768.jpg\" alt=\"Bajando por el valle del Baranco Culibillas, arriba Los Infiernos, Garmo Negro, Algas y Argualas\" width=\"1024\" height=\"768\" srcset=\"https:\/\/www.monta\u00f1asdelaluna.es\/wp-content\/uploads\/2016\/12\/IMG_3014-1024x768.jpg 1024w, https:\/\/www.monta\u00f1asdelaluna.es\/wp-content\/uploads\/2016\/12\/IMG_3014-300x225.jpg 300w, https:\/\/www.monta\u00f1asdelaluna.es\/wp-content\/uploads\/2016\/12\/IMG_3014.jpg 1824w\" sizes=\"auto, (max-width: 1024px) 100vw, 1024px\" \/><\/a><p id=\"caption-attachment-34981\" class=\"wp-caption-text\">Bajando por el valle del Baranco Culibillas, arriba Los Infiernos, Garmo Negro, Algas y Argualas<\/p><\/div>\n<p>Y as\u00ed, desandando el camino de ayer para subir hasta el llano de los ibones, llegamos poco antes de las 4\u201930 de la tarde, justo cuando ya piensan en cerrar la estaci\u00f3n de esqu\u00ed, hasta el parking donde aparcamos el coche\u2026 y el atardecer sigue siendo espectacular, como el d\u00eda; eso s\u00ed, fr\u00edo a -2\u00ba ya en el coche. Y sobre las 5 una vez ya cambiados y cargado el coche, salimos en busca de nuestras casas a la vez que las sombras comenzaban a invadir los rincones del Pirineo. Ha sido una fr\u00eda (por la noche), una c\u00e1lida (por la luz del d\u00eda), fant\u00e1stica y espectacular actividad; el Pico de Anayet, hermano peque\u00f1o del Pic du Midi d\u2019Ossau es precioso, enigm\u00e1tico y atractivo, picudo y vertical pico, cilindro, resto de un antiqu\u00edsimo volc\u00e1n del que solo queda la s\u00f3lida y vertical chimenea\u2026 espectacular\u2026 Y esa voz, esa llamada, mi nombre en las alturas solitarias de la cima de la monta\u00f1a, mirando o cayendo del mismo limpio y casto cielo azul. No creo que lo pueda olvidar; pero por si acaso aqu\u00ed lo dejo escrito. Creo que es la primera vez que me pasa esto, que tengo este tipo de experiencia en la monta\u00f1a libre, solitaria y abierta. Incre\u00edble, imposible\u2026 la magia y el misticismo, como muchas veces cuento que ocurre en las monta\u00f1as, ahora s\u00ed se hace una realidad palpable por los sentidos, el o\u00edr, el no ver\u2026 y ese sexto sentido que te alerta y te dice \u201cesto no es lo normal\u201d\u2026 soberbio, impactante\u2026<\/p>\n<div id=\"attachment_35075\" style=\"width: 1235px\" class=\"wp-caption aligncenter\"><a class=\"dt-single-image\" href=\"https:\/\/www.monta\u00f1asdelaluna.es\/wp-content\/uploads\/2016\/12\/Anayet.croquisWeb.jpg\" data-dt-img-description=\"\"><img loading=\"lazy\" decoding=\"async\" aria-describedby=\"caption-attachment-35075\" class=\"wp-image-35075 size-full\" src=\"https:\/\/www.monta\u00f1asdelaluna.es\/wp-content\/uploads\/2016\/12\/Anayet.croquisWeb.jpg\" alt=\"Croquis del recorrido para ascender al Pico de Anayet desde la estaci\u00f3n de Formigal. Punto Rojo: campamento junto a uno de los Ibones de Anayet\" width=\"1225\" height=\"632\" srcset=\"https:\/\/www.monta\u00f1asdelaluna.es\/wp-content\/uploads\/2016\/12\/Anayet.croquisWeb.jpg 1225w, https:\/\/www.monta\u00f1asdelaluna.es\/wp-content\/uploads\/2016\/12\/Anayet.croquisWeb-300x155.jpg 300w, https:\/\/www.monta\u00f1asdelaluna.es\/wp-content\/uploads\/2016\/12\/Anayet.croquisWeb-1024x528.jpg 1024w\" sizes=\"auto, (max-width: 1225px) 100vw, 1225px\" \/><\/a><p id=\"caption-attachment-35075\" class=\"wp-caption-text\">Croquis del recorrido para ascender al Pico de Anayet desde la estaci\u00f3n de Formigal. Punto Rojo: campamento junto a uno de los Ibones de Anayet<\/p><\/div>\n<p>[\/vc_column_text][\/vc_column][\/vc_row][vc_row][vc_column][vc_empty_space height=\u00bb60px\u00bb][\/vc_column][\/vc_row][vc_row][vc_column][vc_cta h2=\u00bb\u00c1lbum de fotos\u00bb txt_align=\u00bbcenter\u00bb add_button=\u00bbbottom\u00bb btn_title=\u00bbVer fotos\u00bb btn_color=\u00bbwarning\u00bb btn_align=\u00bbcenter\u00bb btn_link=\u00bburl:https%3A%2F%2Fmonta%C3%B1asdelaluna.es%2F%3Fdt_gallery%3Dpico-de-anayet-2|title:Pico%20de%20Anayet|target:_blank\u00bb css=\u00bb.vc_custom_1625774056898{background-color: #8bc4ed !important;}\u00bb]Puedes ver todas las fotos del relato y actividad en forma de presentaci\u00f3n o individuales pinchando aqui \u00a1No te las pierdas![\/vc_cta][\/vc_column][\/vc_row][vc_row][vc_column][vc_empty_space height=\u00bb60px\u00bb][\/vc_column][\/vc_row][vc_row][vc_column width=\u00bb1\/3&#8243;][\/vc_column][vc_column width=\u00bb1\/2&#8243;][vc_column_text]Tiempo en Pico de Anayet[\/vc_column_text][vc_raw_html]JTNDaWZyYW1lJTIwc3JjJTNEJTIyaHR0cHMlM0ElMkYlMkZ3d3cubWV0ZW9ibHVlLmNvbSUyRmVzJTJGdGllbXBvJTJGd2lkZ2V0JTJGZGFpbHklMkY0Mi43ODJOLTAuNDU1RTI0MTFfRXVyb3BlJTI1MkZNYWRyaWQlM0ZnZW9sb2MlM0RmaXhlZCUyNmRheXMlM0Q3JTI2dGVtcHVuaXQlM0RDRUxTSVVTJTI2d2luZHVuaXQlM0RLSUxPTUVURVJfUEVSX0hPVVIlMjZjb2xvdXJlZCUzRGNvbG91cmVkJTI2cGljdG9pY29uJTNEMCUyNnBpY3RvaWNvbiUzRDElMjZtYXh0ZW1wZXJhdHVyZSUzRDAlMjZtYXh0ZW1wZXJhdHVyZSUzRDElMjZtaW50ZW1wZXJhdHVyZSUzRDAlMjZtaW50ZW1wZXJhdHVyZSUzRDElMjZ3aW5kc3BlZWQlM0QwJTI2d2luZHNwZWVkJTNEMSUyNndpbmRndXN0JTNEMCUyNndpbmRndXN0JTNEMSUyNndpbmRkaXJlY3Rpb24lM0QwJTI2d2luZGRpcmVjdGlvbiUzRDElMjZ1diUzRDAlMjZodW1pZGl0eSUzRDAlMjZwcmVjaXBpdGF0aW9uJTNEMCUyNnByZWNpcGl0YXRpb24lM0QxJTI2cHJlY2lwaXRhdGlvbnByb2JhYmlsaXR5JTNEMCUyNnByZWNpcGl0YXRpb25wcm9iYWJpbGl0eSUzRDElMjZzcG90JTNEMCUyNnNwb3QlM0QxJTI2cHJlc3N1cmUlM0QwJTI2cHJlc3N1cmUlM0QxJTI2bGF5b3V0JTNEbGlnaHQlMjIlMjAlMjBmcmFtZWJvcmRlciUzRCUyMjAlMjIlMjBzY3JvbGxpbmclM0QlMjJOTyUyMiUyMGFsbG93dHJhbnNwYXJlbmN5JTNEJTIydHJ1ZSUyMiUyMHNhbmRib3glM0QlMjJhbGxvdy1zYW1lLW9yaWdpbiUyMGFsbG93LXNjcmlwdHMlMjBhbGxvdy1wb3B1cHMlMjIlMjBzdHlsZSUzRCUyMndpZHRoJTNBJTIwMzc4cHglM0JoZWlnaHQlM0ElMjA0MTNweCUyMiUzRSUzQyUyRmlmcmFtZSUzRSUzQ2RpdiUzRSUzQyUyMS0tJTIwRE8lMjBOT1QlMjBSRU1PVkUlMjBUSElTJTIwTElOSyUyMC0tJTNFJTNDYSUyMGhyZWYlM0QlMjJodHRwcyUzQSUyRiUyRnd3dy5tZXRlb2JsdWUuY29tJTJGZXMlMkZ0aWVtcG8lMkZwcm9ub3N0aWNvJTJGc2VtYW5hJTJGNDIuNzgyTi0wLjQ1NUUyNDExX0V1cm9wZSUyNTJGTWFkcmlkJTNGdXRtX3NvdXJjZSUzRHdlYXRoZXJfd2lkZ2V0JTI2dXRtX21lZGl1bSUzRGxpbmt1cyUyNnV0bV9jb250ZW50JTNEZGFpbHklMjZ1dG1fY2FtcGFpZ24lM0RXZWF0aGVyJTI1MkJXaWRnZXQlMjIlMjB0YXJnZXQlM0QlMjJfYmxhbmslMjIlM0VtZXRlb2JsdWUlM0MlMkZhJTNFJTNDJTJGZGl2JTNF[\/vc_raw_html][\/vc_column][vc_column width=\u00bb1\/5&#8243;][\/vc_column][\/vc_row]<\/p>\n","protected":false},"excerpt":{"rendered":"<p>[vc_row][vc_column][vc_column_text]Este pasado mes de diciembre ya tocaba salir a hacer algo de alta monta\u00f1a por el Pirineo. Y ahora que ya tengo tienda propia, aunque sea de 3 estaciones, una de las ideas era ir y montar la tienda encima de la nieve. A la vez contacto con mi compa\u00f1ero Toni que hace tiempo no&hellip;<\/p>\n","protected":false},"author":1,"featured_media":34934,"comment_status":"open","ping_status":"open","sticky":false,"template":"","format":"standard","meta":[],"categories":[127],"tags":[],"class_list":["post-35069","post","type-post","status-publish","format-standard","has-post-thumbnail","hentry","category-pirineo-central-atlantico","category-127","description-off"],"_links":{"self":[{"href":"https:\/\/www.monta\u00f1asdelaluna.es\/index.php?rest_route=\/wp\/v2\/posts\/35069","targetHints":{"allow":["GET"]}}],"collection":[{"href":"https:\/\/www.monta\u00f1asdelaluna.es\/index.php?rest_route=\/wp\/v2\/posts"}],"about":[{"href":"https:\/\/www.monta\u00f1asdelaluna.es\/index.php?rest_route=\/wp\/v2\/types\/post"}],"author":[{"embeddable":true,"href":"https:\/\/www.monta\u00f1asdelaluna.es\/index.php?rest_route=\/wp\/v2\/users\/1"}],"replies":[{"embeddable":true,"href":"https:\/\/www.monta\u00f1asdelaluna.es\/index.php?rest_route=%2Fwp%2Fv2%2Fcomments&post=35069"}],"version-history":[{"count":13,"href":"https:\/\/www.monta\u00f1asdelaluna.es\/index.php?rest_route=\/wp\/v2\/posts\/35069\/revisions"}],"predecessor-version":[{"id":50127,"href":"https:\/\/www.monta\u00f1asdelaluna.es\/index.php?rest_route=\/wp\/v2\/posts\/35069\/revisions\/50127"}],"wp:featuredmedia":[{"embeddable":true,"href":"https:\/\/www.monta\u00f1asdelaluna.es\/index.php?rest_route=\/wp\/v2\/media\/34934"}],"wp:attachment":[{"href":"https:\/\/www.monta\u00f1asdelaluna.es\/index.php?rest_route=%2Fwp%2Fv2%2Fmedia&parent=35069"}],"wp:term":[{"taxonomy":"category","embeddable":true,"href":"https:\/\/www.monta\u00f1asdelaluna.es\/index.php?rest_route=%2Fwp%2Fv2%2Fcategories&post=35069"},{"taxonomy":"post_tag","embeddable":true,"href":"https:\/\/www.monta\u00f1asdelaluna.es\/index.php?rest_route=%2Fwp%2Fv2%2Ftags&post=35069"}],"curies":[{"name":"wp","href":"https:\/\/api.w.org\/{rel}","templated":true}]}}