{"id":35159,"date":"2006-10-13T18:58:33","date_gmt":"2006-10-13T18:58:33","guid":{"rendered":"http:\/\/monta\u00f1asdelaluna.com\/?p=35159"},"modified":"2021-07-15T19:33:46","modified_gmt":"2021-07-15T19:33:46","slug":"besiberri-sur","status":"publish","type":"post","link":"https:\/\/www.monta\u00f1asdelaluna.es\/?p=35159","title":{"rendered":"Besiberri Sur"},"content":{"rendered":"<p>[vc_row][vc_column][vc_column_text]Est\u00e1bamos en la frontera entre Arag\u00f3n y Catalu\u00f1a. Perteneciente a la comarca de Val d\u2019Aran, aunque geogr\u00e1ficamente mirando al sur, en la cabecera del valle del Noguera Ribagorzana, tambi\u00e9n llamado Valle de Barrab\u00e9s; nos hosped\u00e1bamos en un albergue-refugio justo en la boca sur del afamado t\u00fanel de Viella.<\/p>\n<p>El tiempo es gris, fr\u00edo e inestable. La nieve ha ca\u00eddo en cotas bajas para la \u00e9poca y el albergue no abre hasta las seis de la tarde y nos est\u00e1bamos quedando helados en su puerta por culpa de un ligero viento de mestral.<\/p>\n<div id=\"attachment_35111\" style=\"width: 1034px\" class=\"wp-caption aligncenter\"><a class=\"dt-single-image\" href=\"https:\/\/www.monta\u00f1asdelaluna.es\/wp-content\/uploads\/2017\/01\/149-El-Estany-de-Besiberri-y-al-fondo-los-Besiberris.gif\" data-dt-img-description=\"\"><img loading=\"lazy\" decoding=\"async\" aria-describedby=\"caption-attachment-35111\" class=\"wp-image-35111 size-large\" src=\"https:\/\/www.monta\u00f1asdelaluna.es\/wp-content\/uploads\/2017\/01\/149-El-Estany-de-Besiberri-y-al-fondo-los-Besiberris-1024x683.gif\" alt=\"El Estany de Besiberri y al fondo los Besiberris\" width=\"1024\" height=\"683\" srcset=\"https:\/\/www.monta\u00f1asdelaluna.es\/wp-content\/uploads\/2017\/01\/149-El-Estany-de-Besiberri-y-al-fondo-los-Besiberris-1024x683.gif 1024w, https:\/\/www.monta\u00f1asdelaluna.es\/wp-content\/uploads\/2017\/01\/149-El-Estany-de-Besiberri-y-al-fondo-los-Besiberris-300x200.gif 300w\" sizes=\"auto, (max-width: 1024px) 100vw, 1024px\" \/><\/a><p id=\"caption-attachment-35111\" class=\"wp-caption-text\">El Estany de Besiberri y al fondo los Besiberris<\/p><\/div>\n<div id=\"attachment_35113\" style=\"width: 1034px\" class=\"wp-caption aligncenter\"><a class=\"dt-single-image\" href=\"https:\/\/www.monta\u00f1asdelaluna.es\/wp-content\/uploads\/2017\/01\/151-Amanece-en-el-Estany-de-los-Besiberris.gif\" data-dt-img-description=\"\"><img loading=\"lazy\" decoding=\"async\" aria-describedby=\"caption-attachment-35113\" class=\"wp-image-35113 size-large\" src=\"https:\/\/www.monta\u00f1asdelaluna.es\/wp-content\/uploads\/2017\/01\/151-Amanece-en-el-Estany-de-los-Besiberris-1024x683.gif\" alt=\"Amanece en el Estany de los Besiberris\" width=\"1024\" height=\"683\" srcset=\"https:\/\/www.monta\u00f1asdelaluna.es\/wp-content\/uploads\/2017\/01\/151-Amanece-en-el-Estany-de-los-Besiberris-1024x683.gif 1024w, https:\/\/www.monta\u00f1asdelaluna.es\/wp-content\/uploads\/2017\/01\/151-Amanece-en-el-Estany-de-los-Besiberris-300x200.gif 300w\" sizes=\"auto, (max-width: 1024px) 100vw, 1024px\" \/><\/a><p id=\"caption-attachment-35113\" class=\"wp-caption-text\">Amanece en el Estany de los Besiberris<\/p><\/div>\n<p>Al otro d\u00eda, viernes 13 de octubre, nos levantamos temprano para subir al macizo de los Besiberris siguiendo el G.R.-11 desde el acogedor, nuevo y curioso Refugio de Conangles que se encontraba al borde del camino, y que distaba 5 minutos en coche desde la boca del t\u00fanel. Gonzalo Ruiz, Trino Mar\u00edn, Fernando \u201cbolaga\u201d, Sara, David Soriano y yo, emprendimos la subida en mitad de la oscuridad que precede al amanecer por un bonito lugar boscoso de hayas, pinos e incluso abetos. No cre\u00eda que por estas inmediaciones hubiera abetos; signo inequ\u00edvoco de su buena conservaci\u00f3n, humedad y buenas condiciones para que se mantenga. Realmente est\u00e1bamos a 1.550 mts. de altitud y el oto\u00f1o empezaba a manifestar su rostro m\u00e1s com\u00fan en estos parajes y bosques de cuento.<\/p>\n<p>Nuestro principal objetivo era subir al Besiberri Sur (3.030 mts.) y desde \u00e9ste, por la fat\u00eddica cresta llegar al pico m\u00e1s alto del macizo, el Comaloforno (3.033 mts.); para ello nos adentrar\u00edamos en el escondido valle de Besiberri.<\/p>\n<div id=\"attachment_35117\" style=\"width: 830px\" class=\"wp-caption aligncenter\"><a class=\"dt-single-image\" href=\"https:\/\/www.monta\u00f1asdelaluna.es\/wp-content\/uploads\/2017\/01\/155-En-el-centro-el-Besiberri-Sur.gif\" data-dt-img-description=\"\"><img loading=\"lazy\" decoding=\"async\" aria-describedby=\"caption-attachment-35117\" class=\"wp-image-35117 \" src=\"https:\/\/www.monta\u00f1asdelaluna.es\/wp-content\/uploads\/2017\/01\/155-En-el-centro-el-Besiberri-Sur.gif\" alt=\"En el centro el Besiberri Sur\" width=\"820\" height=\"1230\" \/><\/a><p id=\"caption-attachment-35117\" class=\"wp-caption-text\">En el centro el Besiberri Sur<\/p><\/div>\n<div id=\"attachment_35118\" style=\"width: 1034px\" class=\"wp-caption aligncenter\"><a class=\"dt-single-image\" href=\"https:\/\/www.monta\u00f1asdelaluna.es\/wp-content\/uploads\/2017\/01\/156-David.jpg\" data-dt-img-description=\"Unicode\"><img loading=\"lazy\" decoding=\"async\" aria-describedby=\"caption-attachment-35118\" class=\"wp-image-35118 size-large\" src=\"https:\/\/www.monta\u00f1asdelaluna.es\/wp-content\/uploads\/2017\/01\/156-David-1024x768.jpg\" alt=\"Subiendo al Besiberri sur\" width=\"1024\" height=\"768\" srcset=\"https:\/\/www.monta\u00f1asdelaluna.es\/wp-content\/uploads\/2017\/01\/156-David-1024x768.jpg 1024w, https:\/\/www.monta\u00f1asdelaluna.es\/wp-content\/uploads\/2017\/01\/156-David-300x225.jpg 300w, https:\/\/www.monta\u00f1asdelaluna.es\/wp-content\/uploads\/2017\/01\/156-David.jpg 1792w\" sizes=\"auto, (max-width: 1024px) 100vw, 1024px\" \/><\/a><p id=\"caption-attachment-35118\" class=\"wp-caption-text\">Subiendo al Besiberri sur<\/p><\/div>\n<p>Despu\u00e9s de franquear el bonito bosque y ya empezando a amanecer, sub\u00edamos por una senda muy bien marcada, aunque ya no era G.R., y algo empinada hasta el Estany de Besiberri.<br \/>\nEl sol empezaba a iluminar las monta\u00f1as de atr\u00e1s nuestra, en el cercano macizo de Los Montes Malditos, y el Estany de Besiberri se presentaba como un espejo inmenso que reflejaba el amanecer limpio y tranquilo. La monta\u00f1a despertaba a un nuevo d\u00eda. Justo enfrente aparece el inmenso murall\u00f3n de crestas, espolones y paredes infranqueables del Besiberri Norte (3.014 mts.) y el Besiberri del Medio (3.003 mts.). Tocados por la peque\u00f1a pero suficiente nevada del d\u00eda anterior se levantaban ante nosotros como gigantes que custodiaban un tesoro.<\/p>\n<p>Valle arriba, dej\u00e1bamos atr\u00e1s el bell\u00edsimo Estany de Besiberri para pararnos a descansar junto a las orillas del peque\u00f1o Estanyet justo bajo la rocosa e impetuosa subida a los Besiberris. A partir de ahora la roca desnuda, la nieve reci\u00e9n ca\u00edda, las moles y rocas sueltas de granito diseminadas por la vasta extensi\u00f3n y lo escarpado e inclinado del lugar hicieron que tard\u00e1ramos m\u00e1s de la cuenta en cruzar aquel laberinto de enormes piedras.<\/p>\n<div id=\"attachment_35121\" style=\"width: 1034px\" class=\"wp-caption aligncenter\"><a class=\"dt-single-image\" href=\"https:\/\/www.monta\u00f1asdelaluna.es\/wp-content\/uploads\/2017\/01\/159-David.jpg\" data-dt-img-description=\"Unicode\"><img loading=\"lazy\" decoding=\"async\" aria-describedby=\"caption-attachment-35121\" class=\"wp-image-35121 size-large\" src=\"https:\/\/www.monta\u00f1asdelaluna.es\/wp-content\/uploads\/2017\/01\/159-David-1024x768.jpg\" alt=\"Llegando a la cima del Besiberri Sur\" width=\"1024\" height=\"768\" srcset=\"https:\/\/www.monta\u00f1asdelaluna.es\/wp-content\/uploads\/2017\/01\/159-David-1024x768.jpg 1024w, https:\/\/www.monta\u00f1asdelaluna.es\/wp-content\/uploads\/2017\/01\/159-David-300x225.jpg 300w, https:\/\/www.monta\u00f1asdelaluna.es\/wp-content\/uploads\/2017\/01\/159-David.jpg 1792w\" sizes=\"auto, (max-width: 1024px) 100vw, 1024px\" \/><\/a><p id=\"caption-attachment-35121\" class=\"wp-caption-text\">Llegando a la cima del Besiberri Sur<\/p><\/div>\n<div id=\"attachment_35124\" style=\"width: 1034px\" class=\"wp-caption aligncenter\"><a class=\"dt-single-image\" href=\"https:\/\/www.monta\u00f1asdelaluna.es\/wp-content\/uploads\/2017\/01\/162-cumbre-del-Besiberri-Sur.gif\" data-dt-img-description=\"\"><img loading=\"lazy\" decoding=\"async\" aria-describedby=\"caption-attachment-35124\" class=\"wp-image-35124 size-large\" src=\"https:\/\/www.monta\u00f1asdelaluna.es\/wp-content\/uploads\/2017\/01\/162-cumbre-del-Besiberri-Sur-1024x683.gif\" alt=\"Cumbre del Besiberri Sur, 3.024 mts. De izquierda a derecha: Joaqu\u00edn, David, Sara, David, Fernando y Gonzalo\" width=\"1024\" height=\"683\" srcset=\"https:\/\/www.monta\u00f1asdelaluna.es\/wp-content\/uploads\/2017\/01\/162-cumbre-del-Besiberri-Sur-1024x683.gif 1024w, https:\/\/www.monta\u00f1asdelaluna.es\/wp-content\/uploads\/2017\/01\/162-cumbre-del-Besiberri-Sur-300x200.gif 300w\" sizes=\"auto, (max-width: 1024px) 100vw, 1024px\" \/><\/a><p id=\"caption-attachment-35124\" class=\"wp-caption-text\">Cumbre del Besiberri Sur, 3.024 mts. De izquierda a derecha: Joaqu\u00edn, David, Sara, David, Fernando y Gonzalo<\/p><\/div>\n<div id=\"attachment_45958\" style=\"width: 2811px\" class=\"wp-caption aligncenter\"><a class=\"dt-single-image\" href=\"https:\/\/www.monta\u00f1asdelaluna.es\/wp-content\/uploads\/2006\/10\/besiberri-del-mig-y-besiberri-norte-a-la-izquierda-al-otro-lado-el-valle-de-aran-y-entre-las-montanas-del-fondo-el-tuc-de-mauberme-abajo-derecha-el-alto-valle-de-boi-con-las-agulles-de-travessani-a.jpg\" data-dt-img-description=\"\"><img loading=\"lazy\" decoding=\"async\" aria-describedby=\"caption-attachment-45958\" class=\"wp-image-45958 size-full\" src=\"https:\/\/www.monta\u00f1asdelaluna.es\/wp-content\/uploads\/2006\/10\/besiberri-del-mig-y-besiberri-norte-a-la-izquierda-al-otro-lado-el-valle-de-aran-y-entre-las-montanas-del-fondo-el-tuc-de-mauberme-abajo-derecha-el-alto-valle-de-boi-con-las-agulles-de-travessani-a.jpg\" alt=\"Besiberri del Mig y Besiberri Norte a la izquierda, al otro lado el Valle de Ar\u00e1n y entre las monta\u00f1as del fondo, el Tuc de Maub\u00e8rme, abajo derecha el alto Valle de Bo\u00ed con las Agulles de Travessani a la derecha, Tumeneia y Montarto en el centro\" width=\"2801\" height=\"1025\" srcset=\"https:\/\/www.monta\u00f1asdelaluna.es\/wp-content\/uploads\/2006\/10\/besiberri-del-mig-y-besiberri-norte-a-la-izquierda-al-otro-lado-el-valle-de-aran-y-entre-las-montanas-del-fondo-el-tuc-de-mauberme-abajo-derecha-el-alto-valle-de-boi-con-las-agulles-de-travessani-a.jpg 2801w, https:\/\/www.monta\u00f1asdelaluna.es\/wp-content\/uploads\/2006\/10\/besiberri-del-mig-y-besiberri-norte-a-la-izquierda-al-otro-lado-el-valle-de-aran-y-entre-las-montanas-del-fondo-el-tuc-de-mauberme-abajo-derecha-el-alto-valle-de-boi-con-las-agulles-de-travessani-a-300x110.jpg 300w, https:\/\/www.monta\u00f1asdelaluna.es\/wp-content\/uploads\/2006\/10\/besiberri-del-mig-y-besiberri-norte-a-la-izquierda-al-otro-lado-el-valle-de-aran-y-entre-las-montanas-del-fondo-el-tuc-de-mauberme-abajo-derecha-el-alto-valle-de-boi-con-las-agulles-de-travessani-a-1024x375.jpg 1024w\" sizes=\"auto, (max-width: 2801px) 100vw, 2801px\" \/><\/a><p id=\"caption-attachment-45958\" class=\"wp-caption-text\">Besiberri del Mig y Besiberri Norte a la izquierda, al otro lado el Valle de Ar\u00e1n y entre las monta\u00f1as del fondo, el Tuc de Maub\u00e8rme, abajo derecha el alto Valle de Bo\u00ed con las Agulles de Travessani a la derecha, Tumeneia y Montarto en el centro<\/p><\/div>\n<p>Por fin divisamos la cara norte-noroeste del Besiberri Sur y el Collado de Avellaners al que deb\u00edamos subir. La subida al mismo collado se hizo por tierra helada y pendientes inclinadas que lo hac\u00edan interesante y emocionante. Desde este collado solo nos quedaba una corta pendiente deshecha por la erosi\u00f3n que sufre la alta monta\u00f1a hasta la cumbre.<\/p>\n<p>Ya en la cima, las vistas desde el Besiberri Sur son muy bonitas y espectaculares. Cabe destacar su hermano mayor el pico Comaloforno que se perfilaba agreste, dif\u00edcil e infranqueable. La cresta hasta \u00e9l helada y con muchos \u201cgendarmes\u201d nos hubiera retrasado a\u00fan m\u00e1s de lo que ya \u00edbamos. Hacia el norte se dibujaba la enorme, bella y espectacularmente encrespada pir\u00e1mide del Besiberri Norte, que se abr\u00eda al final de una cresta que parec\u00eda muy agreste pero con pasos f\u00e1ciles de cruzar, como es la de los Besiberris.<\/p>\n<div id=\"attachment_35134\" style=\"width: 1034px\" class=\"wp-caption aligncenter\"><a class=\"dt-single-image\" href=\"https:\/\/www.monta\u00f1asdelaluna.es\/wp-content\/uploads\/2017\/01\/172-David.jpg\" data-dt-img-description=\"Unicode\"><img loading=\"lazy\" decoding=\"async\" aria-describedby=\"caption-attachment-35134\" class=\"wp-image-35134 size-large\" src=\"https:\/\/www.monta\u00f1asdelaluna.es\/wp-content\/uploads\/2017\/01\/172-David-1024x768.jpg\" alt=\"Sara bajando de la Colladeta d\u2019Avellaners\" width=\"1024\" height=\"768\" srcset=\"https:\/\/www.monta\u00f1asdelaluna.es\/wp-content\/uploads\/2017\/01\/172-David-1024x768.jpg 1024w, https:\/\/www.monta\u00f1asdelaluna.es\/wp-content\/uploads\/2017\/01\/172-David-300x225.jpg 300w, https:\/\/www.monta\u00f1asdelaluna.es\/wp-content\/uploads\/2017\/01\/172-David.jpg 1792w\" sizes=\"auto, (max-width: 1024px) 100vw, 1024px\" \/><\/a><p id=\"caption-attachment-35134\" class=\"wp-caption-text\">Sara bajando de la Colladeta d\u2019Avellaners<\/p><\/div>\n<div id=\"attachment_35139\" style=\"width: 1034px\" class=\"wp-caption aligncenter\"><a class=\"dt-single-image\" href=\"https:\/\/www.monta\u00f1asdelaluna.es\/wp-content\/uploads\/2017\/01\/177-Atardece-en-el-Besiberri-Norte-y-del-Mig.gif\" data-dt-img-description=\"\"><img loading=\"lazy\" decoding=\"async\" aria-describedby=\"caption-attachment-35139\" class=\"wp-image-35139 size-large\" src=\"https:\/\/www.monta\u00f1asdelaluna.es\/wp-content\/uploads\/2017\/01\/177-Atardece-en-el-Besiberri-Norte-y-del-Mig-1024x683.gif\" alt=\"Atardece en el Besiberri Norte a la izquierda y Besiberri del Mig a la derecha\" width=\"1024\" height=\"683\" srcset=\"https:\/\/www.monta\u00f1asdelaluna.es\/wp-content\/uploads\/2017\/01\/177-Atardece-en-el-Besiberri-Norte-y-del-Mig-1024x683.gif 1024w, https:\/\/www.monta\u00f1asdelaluna.es\/wp-content\/uploads\/2017\/01\/177-Atardece-en-el-Besiberri-Norte-y-del-Mig-300x200.gif 300w\" sizes=\"auto, (max-width: 1024px) 100vw, 1024px\" \/><\/a><p id=\"caption-attachment-35139\" class=\"wp-caption-text\">Atardece en el Besiberri Norte a la izquierda y Besiberri del Mig a la derecha<\/p><\/div>\n<p>Nadie subi\u00f3 ese d\u00eda, solo nosotros; otros grupos que se acercaron a la base de la monta\u00f1a desistieron al ver lo entretenido, dif\u00edcil y peligroso que era internarse en aquel laberinto de piedras y rocas sueltas cubiertas por una, no muy abundante, nieve reci\u00e9n ca\u00edda, fr\u00eda y resbaladiza. La bajada la hicimos por el mismo sitio de modo que al llegar al bosquecillo \u201cencantado\u201d la oscuridad de la noche se cern\u00eda sobre \u00e9l. No pude contemplar ni a la subida ni a la bajada con verdadero entusiasmo, los cambios de colores y los rincones de un hayedo centenario en oto\u00f1o. Empleamos en la subida 6\u20195 horas y en la bajada 5\u20195 horas. Al final la marcha fue larguilla y durilla pero muy bonita y aconsejable.<\/p>\n<div id=\"attachment_35161\" style=\"width: 1130px\" class=\"wp-caption aligncenter\"><a class=\"dt-single-image\" href=\"https:\/\/www.monta\u00f1asdelaluna.es\/wp-content\/uploads\/2006\/10\/BEsiberriSur-001.mapacroquis.web_.jpg\" data-dt-img-description=\"\"><img loading=\"lazy\" decoding=\"async\" aria-describedby=\"caption-attachment-35161\" class=\"wp-image-35161 size-full\" src=\"https:\/\/www.monta\u00f1asdelaluna.es\/wp-content\/uploads\/2006\/10\/BEsiberriSur-001.mapacroquis.web_.jpg\" alt=\"Croquis de la subida al Besiberri Sur desde el albergue cerca del T\u00fanel de Viella\" width=\"1120\" height=\"855\" srcset=\"https:\/\/www.monta\u00f1asdelaluna.es\/wp-content\/uploads\/2006\/10\/BEsiberriSur-001.mapacroquis.web_.jpg 1120w, https:\/\/www.monta\u00f1asdelaluna.es\/wp-content\/uploads\/2006\/10\/BEsiberriSur-001.mapacroquis.web_-300x229.jpg 300w, https:\/\/www.monta\u00f1asdelaluna.es\/wp-content\/uploads\/2006\/10\/BEsiberriSur-001.mapacroquis.web_-1024x782.jpg 1024w\" sizes=\"auto, (max-width: 1120px) 100vw, 1120px\" \/><\/a><p id=\"caption-attachment-35161\" class=\"wp-caption-text\">Croquis de la subida al Besiberri Sur desde el albergue cerca del T\u00fanel de Viella<\/p><\/div>\n<p>[vc_separator][\/vc_column_text][\/vc_column][\/vc_row][vc_row][vc_column][vc_empty_space height=\u00bb60px\u00bb][\/vc_column][\/vc_row][vc_row][vc_column][vc_cta h2=\u00bb\u00c1lbum de fotos\u00bb txt_align=\u00bbcenter\u00bb add_button=\u00bbbottom\u00bb btn_title=\u00bbVer fotos\u00bb btn_color=\u00bbwarning\u00bb btn_align=\u00bbcenter\u00bb btn_link=\u00bburl:https%3A%2F%2Fmonta%C3%B1asdelaluna.es%2F%3Fdt_gallery%3Dbesiberri-sur-2|title:Besiberri%20Sur|target:_blank\u00bb css=\u00bb.vc_custom_1625696885422{background-color: #8bc4ed !important;}\u00bb]Puedes ver todas las fotos del relato y actividad en forma de presentaci\u00f3n o individuales pinchando aqui \u00a1No te las pierdas![\/vc_cta][\/vc_column][\/vc_row][vc_row][vc_column][vc_empty_space height=\u00bb60px\u00bb][\/vc_column][\/vc_row][vc_row][vc_column width=\u00bb1\/3&#8243;][\/vc_column][vc_column width=\u00bb1\/2&#8243;][vc_raw_html]JTNDaWZyYW1lJTIwc3JjJTNEJTIyaHR0cHMlM0ElMkYlMkZ3d3cubWV0ZW9ibHVlLmNvbSUyRmVzJTJGdGllbXBvJTJGd2lkZ2V0JTJGZGFpbHklMkZwaWMtYmVzaWJlcnJpLXN1ZF9lc3BhJTI1YzMlMjViMWFfNjYxODU4MCUzRmdlb2xvYyUzRGZpeGVkJTI2ZGF5cyUzRDclMjZ0ZW1wdW5pdCUzRENFTFNJVVMlMjZ3aW5kdW5pdCUzREtJTE9NRVRFUl9QRVJfSE9VUiUyNmNvbG91cmVkJTNEY29sb3VyZWQlMjZwaWN0b2ljb24lM0QwJTI2cGljdG9pY29uJTNEMSUyNm1heHRlbXBlcmF0dXJlJTNEMCUyNm1heHRlbXBlcmF0dXJlJTNEMSUyNm1pbnRlbXBlcmF0dXJlJTNEMCUyNm1pbnRlbXBlcmF0dXJlJTNEMSUyNndpbmRzcGVlZCUzRDAlMjZ3aW5kc3BlZWQlM0QxJTI2d2luZGd1c3QlM0QwJTI2d2luZGd1c3QlM0QxJTI2d2luZGRpcmVjdGlvbiUzRDAlMjZ3aW5kZGlyZWN0aW9uJTNEMSUyNnV2JTNEMCUyNmh1bWlkaXR5JTNEMCUyNnByZWNpcGl0YXRpb24lM0QwJTI2cHJlY2lwaXRhdGlvbiUzRDElMjZwcmVjaXBpdGF0aW9ucHJvYmFiaWxpdHklM0QwJTI2cHJlY2lwaXRhdGlvbnByb2JhYmlsaXR5JTNEMSUyNnNwb3QlM0QwJTI2c3BvdCUzRDElMjZwcmVzc3VyZSUzRDAlMjZwcmVzc3VyZSUzRDElMjZsYXlvdXQlM0RsaWdodCUyMiUyMCUyMGZyYW1lYm9yZGVyJTNEJTIyMCUyMiUyMHNjcm9sbGluZyUzRCUyMk5PJTIyJTIwYWxsb3d0cmFuc3BhcmVuY3klM0QlMjJ0cnVlJTIyJTIwc2FuZGJveCUzRCUyMmFsbG93LXNhbWUtb3JpZ2luJTIwYWxsb3ctc2NyaXB0cyUyMGFsbG93LXBvcHVwcyUyMiUyMHN0eWxlJTNEJTIyd2lkdGglM0ElMjAzNzhweCUzQmhlaWdodCUzQSUyMDQxM3B4JTIyJTNFJTNDJTJGaWZyYW1lJTNFJTNDZGl2JTNFJTNDJTIxLS0lMjBETyUyME5PVCUyMFJFTU9WRSUyMFRISVMlMjBMSU5LJTIwLS0lM0UlM0NhJTIwaHJlZiUzRCUyMmh0dHBzJTNBJTJGJTJGd3d3Lm1ldGVvYmx1ZS5jb20lMkZlcyUyRnRpZW1wbyUyRnByb25vc3RpY28lMkZzZW1hbmElMkZwaWMtYmVzaWJlcnJpLXN1ZF9lc3BhJTI1YzMlMjViMWFfNjYxODU4MCUzRnV0bV9zb3VyY2UlM0R3ZWF0aGVyX3dpZGdldCUyNnV0bV9tZWRpdW0lM0RsaW5rdXMlMjZ1dG1fY29udGVudCUzRGRhaWx5JTI2dXRtX2NhbXBhaWduJTNEV2VhdGhlciUyNTJCV2lkZ2V0JTIyJTIwdGFyZ2V0JTNEJTIyX2JsYW5rJTIyJTNFbWV0ZW9ibHVlJTNDJTJGYSUzRSUzQyUyRmRpdiUzRQ==[\/vc_raw_html][\/vc_column][vc_column width=\u00bb1\/5&#8243;][\/vc_column][\/vc_row]<\/p>\n","protected":false},"excerpt":{"rendered":"<p>[vc_row][vc_column][vc_column_text]Est\u00e1bamos en la frontera entre Arag\u00f3n y Catalu\u00f1a. Perteneciente a la comarca de Val d\u2019Aran, aunque geogr\u00e1ficamente mirando al sur, en la cabecera del valle del Noguera Ribagorzana, tambi\u00e9n llamado Valle de Barrab\u00e9s; nos hosped\u00e1bamos en un albergue-refugio justo en la boca sur del afamado t\u00fanel de Viella. El tiempo es gris, fr\u00edo e inestable.&hellip;<\/p>\n","protected":false},"author":1,"featured_media":35113,"comment_status":"open","ping_status":"open","sticky":false,"template":"","format":"standard","meta":[],"categories":[128],"tags":[],"class_list":["post-35159","post","type-post","status-publish","format-standard","has-post-thumbnail","hentry","category-alto-pirineo-catalan","category-128","description-off"],"_links":{"self":[{"href":"https:\/\/www.monta\u00f1asdelaluna.es\/index.php?rest_route=\/wp\/v2\/posts\/35159","targetHints":{"allow":["GET"]}}],"collection":[{"href":"https:\/\/www.monta\u00f1asdelaluna.es\/index.php?rest_route=\/wp\/v2\/posts"}],"about":[{"href":"https:\/\/www.monta\u00f1asdelaluna.es\/index.php?rest_route=\/wp\/v2\/types\/post"}],"author":[{"embeddable":true,"href":"https:\/\/www.monta\u00f1asdelaluna.es\/index.php?rest_route=\/wp\/v2\/users\/1"}],"replies":[{"embeddable":true,"href":"https:\/\/www.monta\u00f1asdelaluna.es\/index.php?rest_route=%2Fwp%2Fv2%2Fcomments&post=35159"}],"version-history":[{"count":9,"href":"https:\/\/www.monta\u00f1asdelaluna.es\/index.php?rest_route=\/wp\/v2\/posts\/35159\/revisions"}],"predecessor-version":[{"id":50033,"href":"https:\/\/www.monta\u00f1asdelaluna.es\/index.php?rest_route=\/wp\/v2\/posts\/35159\/revisions\/50033"}],"wp:featuredmedia":[{"embeddable":true,"href":"https:\/\/www.monta\u00f1asdelaluna.es\/index.php?rest_route=\/wp\/v2\/media\/35113"}],"wp:attachment":[{"href":"https:\/\/www.monta\u00f1asdelaluna.es\/index.php?rest_route=%2Fwp%2Fv2%2Fmedia&parent=35159"}],"wp:term":[{"taxonomy":"category","embeddable":true,"href":"https:\/\/www.monta\u00f1asdelaluna.es\/index.php?rest_route=%2Fwp%2Fv2%2Fcategories&post=35159"},{"taxonomy":"post_tag","embeddable":true,"href":"https:\/\/www.monta\u00f1asdelaluna.es\/index.php?rest_route=%2Fwp%2Fv2%2Ftags&post=35159"}],"curies":[{"name":"wp","href":"https:\/\/api.w.org\/{rel}","templated":true}]}}