{"id":35666,"date":"2017-02-18T22:23:44","date_gmt":"2017-02-18T22:23:44","guid":{"rendered":"http:\/\/monta\u00f1asdelaluna.com\/?p=35666"},"modified":"2021-08-02T20:45:09","modified_gmt":"2021-08-02T20:45:09","slug":"vall-de-sorteny-y-lestanyo","status":"publish","type":"post","link":"https:\/\/www.monta\u00f1asdelaluna.es\/?p=35666","title":{"rendered":"Vall de Sorteny y l&#8217;Estany\u00f3"},"content":{"rendered":"<p>[vc_row][vc_column][vc_column_text]Pep nos hab\u00eda preparado una bonita actividad de alta monta\u00f1a por un rinc\u00f3n precioso del Pirineo de Andorra. Ser\u00eda mi segunda internada por el precioso Pirineo de Andorra y esta vez me dejar\u00eda llevar por los compa\u00f1eros. No coger\u00eda ni mapa ni inter\u00e9s por querer controlar los recorridos, lugares\u2026 esta vez quiero que me sorprendan, como un aut\u00e9ntico aventurero descubriendo nuevas monta\u00f1as, nuevos horizontes.<\/p>\n<p>Pero al final Pep nos hace una de las suyas y nos \u201cabandona\u201d dos d\u00edas antes de la salida, casi a nuestra suerte. Pero no hay problema, el resto de compa\u00f1eros conocen la zona, el valle, las monta\u00f1as que queremos visitar: El Pic de La Font Blanca, el Pic de l\u2019Estany\u00f3. Son nombres nuevos para m\u00ed, pero seguro que ser\u00e1n tan o m\u00e1s espectaculares que las monta\u00f1as de la<a href=\"https:\/\/www.monta\u00f1asdelaluna.es\/?p=33136\" target=\"_blank\" rel=\"noopener\"> Vall d\u2019Incles.<\/a><\/p>\n<div id=\"attachment_35527\" style=\"width: 1034px\" class=\"wp-caption aligncenter\"><a class=\"dt-single-image\" href=\"https:\/\/www.monta\u00f1asdelaluna.es\/wp-content\/uploads\/2017\/02\/IMG_3144.jpg\" data-dt-img-description=\"\"><img loading=\"lazy\" decoding=\"async\" aria-describedby=\"caption-attachment-35527\" class=\"wp-image-35527 size-large\" src=\"https:\/\/www.monta\u00f1asdelaluna.es\/wp-content\/uploads\/2017\/02\/IMG_3144-1024x768.jpg\" alt=\"Pic de La Cabaneta\" width=\"1024\" height=\"768\" srcset=\"https:\/\/www.monta\u00f1asdelaluna.es\/wp-content\/uploads\/2017\/02\/IMG_3144-1024x768.jpg 1024w, https:\/\/www.monta\u00f1asdelaluna.es\/wp-content\/uploads\/2017\/02\/IMG_3144-300x225.jpg 300w, https:\/\/www.monta\u00f1asdelaluna.es\/wp-content\/uploads\/2017\/02\/IMG_3144.jpg 1824w\" sizes=\"auto, (max-width: 1024px) 100vw, 1024px\" \/><\/a><p id=\"caption-attachment-35527\" class=\"wp-caption-text\">Pic de La Cabaneta<\/p><\/div>\n<div id=\"attachment_35526\" style=\"width: 1834px\" class=\"wp-caption aligncenter\"><a class=\"dt-single-image\" href=\"https:\/\/www.monta\u00f1asdelaluna.es\/wp-content\/uploads\/2017\/02\/IMG_3143.jpg\" data-dt-img-description=\"\"><img loading=\"lazy\" decoding=\"async\" aria-describedby=\"caption-attachment-35526\" class=\"wp-image-35526 size-full\" src=\"https:\/\/www.monta\u00f1asdelaluna.es\/wp-content\/uploads\/2017\/02\/IMG_3143.jpg\" alt=\"Vall de Sorteny: en el centro el Pic de La Cabaneta, a la derecha la Serra del Roc del Rellotge\" width=\"1824\" height=\"1024\" srcset=\"https:\/\/www.monta\u00f1asdelaluna.es\/wp-content\/uploads\/2017\/02\/IMG_3143.jpg 1824w, https:\/\/www.monta\u00f1asdelaluna.es\/wp-content\/uploads\/2017\/02\/IMG_3143-300x168.jpg 300w, https:\/\/www.monta\u00f1asdelaluna.es\/wp-content\/uploads\/2017\/02\/IMG_3143-1024x575.jpg 1024w\" sizes=\"auto, (max-width: 1824px) 100vw, 1824px\" \/><\/a><p id=\"caption-attachment-35526\" class=\"wp-caption-text\">Vall de Sorteny: en el centro el Pic de La Cabaneta, a la derecha la Serra del Roc del Rellotge<\/p><\/div>\n<p>El mismo s\u00e1bado 18 de febrero salimos varios coches en busca del lejano y escondido Valle de Sorteny. Hay que cruzar casi toda Andorra (a pesar de que no es muy grande) para llegar a dicho valle, que se encuentra en la parte noroeste del pa\u00eds; en donde sus monta\u00f1as hacen frontera con Francia. Somos una buena \u201ccolla\u201d, y por ello los retrasos, esperas\u2026 es la t\u00f3nica dominante hasta llegar al parking de entrada a la Vall de Sorteny. En las cercan\u00edas de la poblaci\u00f3n de El Serrat, encontramos una carreterilla o pista asfaltada que nos sube hasta dicho parking y un punto de informaci\u00f3n del Parque Natural de la Vall de Sorteny.<\/p>\n<p>Son las 11 de la ma\u00f1ana cuando llegamos, y casi las 11\u201930 cuando salimos en busca del Refugio de Sorteny \u00a1\u00a1Demasiado tarde para hacer cualquier cima!! O incluso para cualquier actividad de alta monta\u00f1a. Decepci\u00f3n, desanimo\u2026 Falta un organizador que lidere el a donde ir y que hacer\u2026 pero al final decidimos, al menos y con mapa en manos de Toni, acercarnos a l\u2019Estany\u00f3, la laguna de alta monta\u00f1a que da nombre a una de las monta\u00f1as m\u00e1s altas del valle, de la zona. As\u00ed pues nos equipamos, y algunos con raquetas y otros con esqu\u00eds, subimos; a partir de aqu\u00ed ya es todo nieve, por la pista o senderillo junto al R\u00edo de Sorteny hacia el nombrado refugio.<\/p>\n<div id=\"attachment_35531\" style=\"width: 1034px\" class=\"wp-caption aligncenter\"><a class=\"dt-single-image\" href=\"https:\/\/www.monta\u00f1asdelaluna.es\/wp-content\/uploads\/2017\/02\/IMG_3151.jpg\" data-dt-img-description=\"\"><img loading=\"lazy\" decoding=\"async\" aria-describedby=\"caption-attachment-35531\" class=\"wp-image-35531 size-large\" src=\"https:\/\/www.monta\u00f1asdelaluna.es\/wp-content\/uploads\/2017\/02\/IMG_3151-1024x768.jpg\" alt=\"Cruzando el R\u00edo de Sorteny\" width=\"1024\" height=\"768\" srcset=\"https:\/\/www.monta\u00f1asdelaluna.es\/wp-content\/uploads\/2017\/02\/IMG_3151-1024x768.jpg 1024w, https:\/\/www.monta\u00f1asdelaluna.es\/wp-content\/uploads\/2017\/02\/IMG_3151-300x225.jpg 300w, https:\/\/www.monta\u00f1asdelaluna.es\/wp-content\/uploads\/2017\/02\/IMG_3151.jpg 1824w\" sizes=\"auto, (max-width: 1024px) 100vw, 1024px\" \/><\/a><p id=\"caption-attachment-35531\" class=\"wp-caption-text\">Cruzando el R\u00edo de Sorteny<\/p><\/div>\n<div id=\"attachment_35538\" style=\"width: 1034px\" class=\"wp-caption aligncenter\"><a class=\"dt-single-image\" href=\"https:\/\/www.monta\u00f1asdelaluna.es\/wp-content\/uploads\/2017\/02\/IMG_3163.jpg\" data-dt-img-description=\"\"><img loading=\"lazy\" decoding=\"async\" aria-describedby=\"caption-attachment-35538\" class=\"wp-image-35538 size-large\" src=\"https:\/\/www.monta\u00f1asdelaluna.es\/wp-content\/uploads\/2017\/02\/IMG_3163-1024x768.jpg\" alt=\"Fina y Jordi subiendo a l'Estany\u00f3 en la Vall de Sorteny\" width=\"1024\" height=\"768\" srcset=\"https:\/\/www.monta\u00f1asdelaluna.es\/wp-content\/uploads\/2017\/02\/IMG_3163-1024x768.jpg 1024w, https:\/\/www.monta\u00f1asdelaluna.es\/wp-content\/uploads\/2017\/02\/IMG_3163-300x225.jpg 300w, https:\/\/www.monta\u00f1asdelaluna.es\/wp-content\/uploads\/2017\/02\/IMG_3163.jpg 1824w\" sizes=\"auto, (max-width: 1024px) 100vw, 1024px\" \/><\/a><p id=\"caption-attachment-35538\" class=\"wp-caption-text\">Fina y Jordi subiendo a l&#8217;Estany\u00f3 en la Vall de Sorteny<\/p><\/div>\n<p>La fisionom\u00eda del lugar es curiosa: un vallecillo se nos abre justo arriba nuestro, por el que baja el R\u00edo de Rialb, pero nosotros seguiremos el camino muy nevado en busca de otro cercano vallecillo, que parece queda m\u00e1s escondido hac\u00eda la derecha, y que ser\u00e1 el que nos llevar\u00e1 hasta el bonito Valle de Sorteny. Todo est\u00e1 nevado. Dejamos el camino con sus curvas y zigzags, y algunos seguimos por la atajada senda que pasa junto al, escondido bajo la nieve, R\u00edo de Sorteny. El d\u00eda es muy bueno, muy soleado, pero no caluroso; ni una nube, hay un cielo azul irresistible y espl\u00e9ndido. Y arriba, cuando nos aparecen las monta\u00f1as y el valle una vez llegados a un punto de la pista y senda (que se cruzan), la nieve y las preciosas vistas inundan el paisaje, las laderas y agrestes vertientes. Estamos justo en una especie de paso o cadena en la misma pista; y es aqu\u00ed donde se ensancha el valle y nos brinda sus primeras vistas y paisajes preciosos.<\/p>\n<p>El valle aparece ondulado, con algo de bosque, nevado, bastante nevado y precioso, apacible y simp\u00e1tico. Lo circundan murallas y monta\u00f1as distribuidas en zonas: a la derecha y sureste aparece la Serra del Roc del Rellotge, una muralla boscosa y con aspecto algo escarpado, es el cordal que baja del mismo Pic de l\u2019Estany\u00f3 casi invisible desde aqu\u00ed. En el fondo del valle una triangular y blanca monta\u00f1a, limpia y con apariencia de no demasiada escarpada, es el Pic de La Cabaneta justo al este. Y al otro lado del valle, al contrario de la Serra del Roc del Rellotge las estribaciones casi tapadas por los mismos perfiles del valle, del Pic de La Serrera, Pic del Salt\u2026 precioso.<\/p>\n<div id=\"attachment_35541\" style=\"width: 1034px\" class=\"wp-caption aligncenter\"><a class=\"dt-single-image\" href=\"https:\/\/www.monta\u00f1asdelaluna.es\/wp-content\/uploads\/2017\/02\/IMG_3166.jpg\" data-dt-img-description=\"\"><img loading=\"lazy\" decoding=\"async\" aria-describedby=\"caption-attachment-35541\" class=\"wp-image-35541 size-large\" src=\"https:\/\/www.monta\u00f1asdelaluna.es\/wp-content\/uploads\/2017\/02\/IMG_3166-1024x768.jpg\" alt=\"Lea subiendo a l'Estany\u00f3, detr\u00e1s el Pic de Font Blanca\" width=\"1024\" height=\"768\" srcset=\"https:\/\/www.monta\u00f1asdelaluna.es\/wp-content\/uploads\/2017\/02\/IMG_3166-1024x768.jpg 1024w, https:\/\/www.monta\u00f1asdelaluna.es\/wp-content\/uploads\/2017\/02\/IMG_3166-300x225.jpg 300w, https:\/\/www.monta\u00f1asdelaluna.es\/wp-content\/uploads\/2017\/02\/IMG_3166.jpg 1824w\" sizes=\"auto, (max-width: 1024px) 100vw, 1024px\" \/><\/a><p id=\"caption-attachment-35541\" class=\"wp-caption-text\">Lea subiendo a l&#8217;Estany\u00f3, detr\u00e1s el Pic de Font Blanca<\/p><\/div>\n<div id=\"attachment_35547\" style=\"width: 1034px\" class=\"wp-caption aligncenter\"><a class=\"dt-single-image\" href=\"https:\/\/www.monta\u00f1asdelaluna.es\/wp-content\/uploads\/2017\/02\/IMG_3175.jpg\" data-dt-img-description=\"\"><img loading=\"lazy\" decoding=\"async\" aria-describedby=\"caption-attachment-35547\" class=\"wp-image-35547 size-large\" src=\"https:\/\/www.monta\u00f1asdelaluna.es\/wp-content\/uploads\/2017\/02\/IMG_3175-1024x768.jpg\" alt=\"Subiendo a l'Estany\u00f3, arriba el Pic de La Font Blanca el m\u00e1s alto\" width=\"1024\" height=\"768\" srcset=\"https:\/\/www.monta\u00f1asdelaluna.es\/wp-content\/uploads\/2017\/02\/IMG_3175-1024x768.jpg 1024w, https:\/\/www.monta\u00f1asdelaluna.es\/wp-content\/uploads\/2017\/02\/IMG_3175-300x225.jpg 300w, https:\/\/www.monta\u00f1asdelaluna.es\/wp-content\/uploads\/2017\/02\/IMG_3175.jpg 1824w\" sizes=\"auto, (max-width: 1024px) 100vw, 1024px\" \/><\/a><p id=\"caption-attachment-35547\" class=\"wp-caption-text\">Subiendo a l&#8217;Estany\u00f3, arriba el Pic de La Font Blanca el m\u00e1s alto<\/p><\/div>\n<p>Pocos pasos despu\u00e9s de cruzar esta cadena, esta medio valla (sin valla) vemos un cartelito indicador de alg\u00fan recorrido a la derecha del camino y algo m\u00e1s abajo del mismo. Debemos seguir por aqu\u00ed, ya que es el camino o recorrido que sube hac\u00eda la misma lagunilla y al mismo Pico de l\u2019Estany\u00f3. Por suerte hay huella, hay senda excavada en la nieve, y solo tenemos que seguirla. Despu\u00e9s de cruzar por un puentecillo el mismo R\u00edo de Sorteny y una primera parte algo suave por prader\u00edos despejados de bosque llenos de nieve, enseguida el recorrido gira a la derecha, justo cuando comienza a recorrerse una pala o ladera muy empinada que cruzamos en diagonal.<\/p>\n<p>Seg\u00fan el mapa, la senda de subida se acerca al R\u00edo de l\u2019Estany\u00f3, pero en esta subida, seguramente abierta por esquiadores, el recorrido deja de buscar el r\u00edo para girar 180\u00ba en busca de una especie de llano algo m\u00e1s a la derecha, como alej\u00e1ndonos de la ubicaci\u00f3n del r\u00edo; como buscando el Serrat de Comaubaga. Pero a partir de aqu\u00ed, la subida es una consecuencia de llanos unos m\u00e1s arriba de otros con suaves y onduladas laderas hasta que dejamos el bosque atr\u00e1s nuestro y delante se abre un soberbio circo de casi 2.900 mts. de altura. Es lo que llama el mapa Alpina La Pleta del Llomar y seguido los Saleres de l\u2019Estany\u00f3.<\/p>\n<div id=\"attachment_35554\" style=\"width: 1034px\" class=\"wp-caption aligncenter\"><a class=\"dt-single-image\" href=\"https:\/\/www.monta\u00f1asdelaluna.es\/wp-content\/uploads\/2017\/02\/IMG_3188.jpg\" data-dt-img-description=\"\"><img loading=\"lazy\" decoding=\"async\" aria-describedby=\"caption-attachment-35554\" class=\"wp-image-35554 size-large\" src=\"https:\/\/www.monta\u00f1asdelaluna.es\/wp-content\/uploads\/2017\/02\/IMG_3188-1024x768.jpg\" alt=\"A la derecha Nuria subiendo a l'Estany\u00f3\" width=\"1024\" height=\"768\" srcset=\"https:\/\/www.monta\u00f1asdelaluna.es\/wp-content\/uploads\/2017\/02\/IMG_3188-1024x768.jpg 1024w, https:\/\/www.monta\u00f1asdelaluna.es\/wp-content\/uploads\/2017\/02\/IMG_3188-300x225.jpg 300w, https:\/\/www.monta\u00f1asdelaluna.es\/wp-content\/uploads\/2017\/02\/IMG_3188.jpg 1824w\" sizes=\"auto, (max-width: 1024px) 100vw, 1024px\" \/><\/a><p id=\"caption-attachment-35554\" class=\"wp-caption-text\">A la derecha Nuria subiendo a l&#8217;Estany\u00f3<\/p><\/div>\n<div id=\"attachment_35563\" style=\"width: 1034px\" class=\"wp-caption aligncenter\"><a class=\"dt-single-image\" href=\"https:\/\/www.monta\u00f1asdelaluna.es\/wp-content\/uploads\/2017\/02\/IMG_3202.jpg\" data-dt-img-description=\"\"><img loading=\"lazy\" decoding=\"async\" aria-describedby=\"caption-attachment-35563\" class=\"wp-image-35563 size-large\" src=\"https:\/\/www.monta\u00f1asdelaluna.es\/wp-content\/uploads\/2017\/02\/IMG_3202-1024x768.jpg\" alt=\"Enfrente el circo de l'Estany\u00f3\" width=\"1024\" height=\"768\" srcset=\"https:\/\/www.monta\u00f1asdelaluna.es\/wp-content\/uploads\/2017\/02\/IMG_3202-1024x768.jpg 1024w, https:\/\/www.monta\u00f1asdelaluna.es\/wp-content\/uploads\/2017\/02\/IMG_3202-300x225.jpg 300w, https:\/\/www.monta\u00f1asdelaluna.es\/wp-content\/uploads\/2017\/02\/IMG_3202.jpg 1824w\" sizes=\"auto, (max-width: 1024px) 100vw, 1024px\" \/><\/a><p id=\"caption-attachment-35563\" class=\"wp-caption-text\">Enfrente el circo de l&#8217;Estany\u00f3<\/p><\/div>\n<p>La nieve es muy abundante mientras nos adentramos en este vallecillo de altura, que forma unos paisajes junto con el circo y las monta\u00f1as, espectaculares, preciosos. Justo detr\u00e1s nuestro, a nuestra espalda mientras subimos y buscamos l\u2019Estany\u00f3, queda el fabuloso Valle de Sorteny, amplio, algo boscoso y con perfil singular; arriba de \u00e9l comienza a sobresalir una monta\u00f1a, un pico con otro perfil agreste y atrayente: es el Pic de La Font Blanca. \u00c9ste pico iba a ser el objetivo de esta salida, pero ahora que lo observo y mido las distancias, hubiera sido una locura\u2026 est\u00e1 muy lejos, incluso del mismo Refugio de Sorteny. La Canon no parar\u00e1 de hacer fotos hacia esta vertiente con este pico como actor principal.<\/p>\n<p>Y poco m\u00e1s arriba, siguiendo las huellas de raquetas de otros (que ahora no vemos) que ya han realizado este recorrido, me adelanto y llego al hueco donde casi invisible y oculto por la abundant\u00edsima nieve que tiene encima, del l\u2019Estany\u00f3. Justo casi en el centro de esta parte del vallecillo que ya lo cierran las murallas escarpadas y altas del circo de l\u2019Estany\u00f3. A la derecha y oeste aparecen huellas de esquiadores: es la Collada de Ferreroles, y a la izquierda las huellas nos indican la subida al Pic de l\u2019Estany\u00f3 que queda justo arriba de nosotros al este. No es un pico muy fotog\u00e9nico pues su perfil, sus formas no distinguen una cima diferenciadora. Pero est\u00e1 claro: desde l\u2019Estany\u00f3 se gira al este hacia la loma de la Serra del Roc del Rellotge, y girando justo en su loma cimera a la derecha y este, sureste, se llega f\u00e1cil a la cima de dicho pico. Uno de los m\u00e1s altos de Andorra.<\/p>\n<div id=\"attachment_35566\" style=\"width: 1834px\" class=\"wp-caption aligncenter\"><a class=\"dt-single-image\" href=\"https:\/\/www.monta\u00f1asdelaluna.es\/wp-content\/uploads\/2017\/02\/IMG_3205.jpg\" data-dt-img-description=\"\"><img loading=\"lazy\" decoding=\"async\" aria-describedby=\"caption-attachment-35566\" class=\"wp-image-35566 size-full\" src=\"https:\/\/www.monta\u00f1asdelaluna.es\/wp-content\/uploads\/2017\/02\/IMG_3205.jpg\" alt=\"Camino de l'Estany\u00f3, atr\u00e1s queda el Pic de La Font Blanca\" width=\"1824\" height=\"1024\" srcset=\"https:\/\/www.monta\u00f1asdelaluna.es\/wp-content\/uploads\/2017\/02\/IMG_3205.jpg 1824w, https:\/\/www.monta\u00f1asdelaluna.es\/wp-content\/uploads\/2017\/02\/IMG_3205-300x168.jpg 300w, https:\/\/www.monta\u00f1asdelaluna.es\/wp-content\/uploads\/2017\/02\/IMG_3205-1024x575.jpg 1024w\" sizes=\"auto, (max-width: 1824px) 100vw, 1824px\" \/><\/a><p id=\"caption-attachment-35566\" class=\"wp-caption-text\">Camino de l&#8217;Estany\u00f3, atr\u00e1s queda el Pic de La Font Blanca<\/p><\/div>\n<div id=\"attachment_35576\" style=\"width: 1034px\" class=\"wp-caption aligncenter\"><a class=\"dt-single-image\" href=\"https:\/\/www.monta\u00f1asdelaluna.es\/wp-content\/uploads\/2017\/02\/IMG_3220.jpg\" data-dt-img-description=\"\"><img loading=\"lazy\" decoding=\"async\" aria-describedby=\"caption-attachment-35576\" class=\"wp-image-35576 size-large\" src=\"https:\/\/www.monta\u00f1asdelaluna.es\/wp-content\/uploads\/2017\/02\/IMG_3220-1024x768.jpg\" alt=\"L'Estany\u00f3 cubierto de nieve\" width=\"1024\" height=\"768\" srcset=\"https:\/\/www.monta\u00f1asdelaluna.es\/wp-content\/uploads\/2017\/02\/IMG_3220-1024x768.jpg 1024w, https:\/\/www.monta\u00f1asdelaluna.es\/wp-content\/uploads\/2017\/02\/IMG_3220-300x225.jpg 300w, https:\/\/www.monta\u00f1asdelaluna.es\/wp-content\/uploads\/2017\/02\/IMG_3220.jpg 1824w\" sizes=\"auto, (max-width: 1024px) 100vw, 1024px\" \/><\/a><p id=\"caption-attachment-35576\" class=\"wp-caption-text\">L&#8217;Estany\u00f3 cubierto de nieve<\/p><\/div>\n<div id=\"attachment_35615\" style=\"width: 1034px\" class=\"wp-caption aligncenter\"><a class=\"dt-single-image\" href=\"https:\/\/www.monta\u00f1asdelaluna.es\/wp-content\/uploads\/2017\/02\/IMG_3232.jpg\" data-dt-img-description=\"\"><img loading=\"lazy\" decoding=\"async\" aria-describedby=\"caption-attachment-35615\" class=\"wp-image-35615 size-large\" src=\"https:\/\/www.monta\u00f1asdelaluna.es\/wp-content\/uploads\/2017\/02\/IMG_3232-1024x768.jpg\" alt=\"De izquierda a derecha: Lea, Nuria, Fina, Toni, Juani, Dani, Jordi, Josep y Joaqu\u00edn en l'Estany\u00f3\" width=\"1024\" height=\"768\" srcset=\"https:\/\/www.monta\u00f1asdelaluna.es\/wp-content\/uploads\/2017\/02\/IMG_3232-1024x768.jpg 1024w, https:\/\/www.monta\u00f1asdelaluna.es\/wp-content\/uploads\/2017\/02\/IMG_3232-300x225.jpg 300w\" sizes=\"auto, (max-width: 1024px) 100vw, 1024px\" \/><\/a><p id=\"caption-attachment-35615\" class=\"wp-caption-text\">De izquierda a derecha: Lea, Nuria, Fina, Toni, Juani, Dani, Jordi, Josep y Joaqu\u00edn en l&#8217;Estany\u00f3<\/p><\/div>\n<p>L\u2019Estany\u00f3 est\u00e1 a unos 2.340 metros, y aqu\u00ed, en un promontorio de roca justo en una de sus orillas, paramos para comer, beber algo, admirar el paisaje y recorrido realizado y hacernos las fotos de rigor. Hemos tardado entre hora y media y dos horas\u2026 el pico lo hubi\u00e9ramos tenido a menos de 4 horas\u2026 si hubi\u00e9ramos tenido sitio en el Refugio de Sorteny. Porque el d\u00eda sigue impresionante de bueno, soleado y despejado.<\/p>\n<p>Fotos al espectacular paisaje. L\u00e1stima no tener tiempo para subir al Pic de l\u2019Estany\u00f3, ya que las vistas hubieran sido impresionantes, espectaculares. Comenzamos la bajada casi desandando el camino, pero esta vez s\u00ed que seguiremos unas huellas que van por encima del R\u00edo de l\u2019Estany\u00f3 (oculto bajo el abundante manto de nieve), siguiendo una direcci\u00f3n recta y directa hacia el fondo del Valle del Sorteny, y de las proximidades del su refugio.<\/p>\n<p>Delante nuestro, mientras bajamos, las espectaculares vistas con el Pic de La Font Blanca como principal protagonista en el centro del horizonte, altas monta\u00f1as, nieve, y valles rec\u00f3nditos, escondidos entre vertientes boscosas o suaves laderas despejadas y muy nevadas acabadas en espolones o encrespadas lomas cimeras. Precioso. Es el Pirineo de Andorra.<\/p>\n<div id=\"attachment_35586\" style=\"width: 1834px\" class=\"wp-caption aligncenter\"><a class=\"dt-single-image\" href=\"https:\/\/www.monta\u00f1asdelaluna.es\/wp-content\/uploads\/2017\/02\/IMG_3241.jpg\" data-dt-img-description=\"\"><img loading=\"lazy\" decoding=\"async\" aria-describedby=\"caption-attachment-35586\" class=\"wp-image-35586 size-full\" src=\"https:\/\/www.monta\u00f1asdelaluna.es\/wp-content\/uploads\/2017\/02\/IMG_3241.jpg\" alt=\"Al fondo el Pic de La Font Blanca\" width=\"1824\" height=\"1368\" srcset=\"https:\/\/www.monta\u00f1asdelaluna.es\/wp-content\/uploads\/2017\/02\/IMG_3241.jpg 1824w, https:\/\/www.monta\u00f1asdelaluna.es\/wp-content\/uploads\/2017\/02\/IMG_3241-300x225.jpg 300w, https:\/\/www.monta\u00f1asdelaluna.es\/wp-content\/uploads\/2017\/02\/IMG_3241-1024x768.jpg 1024w\" sizes=\"auto, (max-width: 1824px) 100vw, 1824px\" \/><\/a><p id=\"caption-attachment-35586\" class=\"wp-caption-text\">Al fondo el Pic de La Font Blanca<\/p><\/div>\n<div id=\"attachment_35593\" style=\"width: 1034px\" class=\"wp-caption aligncenter\"><a class=\"dt-single-image\" href=\"https:\/\/www.monta\u00f1asdelaluna.es\/wp-content\/uploads\/2017\/02\/IMG_3248.jpg\" data-dt-img-description=\"\"><img loading=\"lazy\" decoding=\"async\" aria-describedby=\"caption-attachment-35593\" class=\"wp-image-35593 size-large\" src=\"https:\/\/www.monta\u00f1asdelaluna.es\/wp-content\/uploads\/2017\/02\/IMG_3248-1024x768.jpg\" alt=\"Fina y Josep bajando a la Vall de Sorteny, arriba el Pic de La Font Blanca\" width=\"1024\" height=\"768\" srcset=\"https:\/\/www.monta\u00f1asdelaluna.es\/wp-content\/uploads\/2017\/02\/IMG_3248-1024x768.jpg 1024w, https:\/\/www.monta\u00f1asdelaluna.es\/wp-content\/uploads\/2017\/02\/IMG_3248-300x225.jpg 300w, https:\/\/www.monta\u00f1asdelaluna.es\/wp-content\/uploads\/2017\/02\/IMG_3248.jpg 1824w\" sizes=\"auto, (max-width: 1024px) 100vw, 1024px\" \/><\/a><p id=\"caption-attachment-35593\" class=\"wp-caption-text\">Fina y Josep bajando a la Vall de Sorteny, arriba el Pic de La Font Blanca<\/p><\/div>\n<div id=\"attachment_35598\" style=\"width: 1034px\" class=\"wp-caption aligncenter\"><a class=\"dt-single-image\" href=\"https:\/\/www.monta\u00f1asdelaluna.es\/wp-content\/uploads\/2017\/02\/IMG_3257.jpg\" data-dt-img-description=\"\"><img loading=\"lazy\" decoding=\"async\" aria-describedby=\"caption-attachment-35598\" class=\"wp-image-35598 size-large\" src=\"https:\/\/www.monta\u00f1asdelaluna.es\/wp-content\/uploads\/2017\/02\/IMG_3257-1024x768.jpg\" alt=\"Fina y el Pic de La Font Blanca\" width=\"1024\" height=\"768\" srcset=\"https:\/\/www.monta\u00f1asdelaluna.es\/wp-content\/uploads\/2017\/02\/IMG_3257-1024x768.jpg 1024w, https:\/\/www.monta\u00f1asdelaluna.es\/wp-content\/uploads\/2017\/02\/IMG_3257-300x225.jpg 300w, https:\/\/www.monta\u00f1asdelaluna.es\/wp-content\/uploads\/2017\/02\/IMG_3257.jpg 1824w\" sizes=\"auto, (max-width: 1024px) 100vw, 1024px\" \/><\/a><p id=\"caption-attachment-35598\" class=\"wp-caption-text\">Fina y el Pic de La Font Blanca<\/p><\/div>\n<p>La bajada es muy r\u00e1pida y enseguida estamos en el Refugio de Sorteny. Esta noche hay un concierto y hemos visto como los artistas han subido sus instrumentos musicales con una especie de trineo, que luego nos aclara la guarda del refugio que es una antigua camilla para accidentados. Curioso. Pero ahora no hay nadie en el refugio, y aprovechaos para pasar a su terraza mientras nos tomamos alguna cerveza. Antes, para llegar al refugio, no hay p\u00e9rdida: despu\u00e9s de adentrarnos en el inclinado bosque y despu\u00e9s de pocos zigzags, salimos del mismo con las vistas de la austera y poco agraciada visi\u00f3n del mismo refugio en la ladera contraria a la que bajamos del valle. Y en pocos metros despu\u00e9s de llegar al fondo del valle, subimos hasta las paredes del mismo. No hay p\u00e9rdida. Adem\u00e1s nos dejamos llevar por las huellas en la nieve que se dirigen directas.<\/p>\n<p>Ya se va haciendo tarde y a\u00fan tenemos que buscar el albergue, el refugio o lugar donde Pep nos ha reservado para dormir y cenar, as\u00ed que nos cargamos las mochilas y nos calzamos las raquetas para bajar del Refugio de Sorteny hacia el parking o pista asfaltada donde dejamos los coches.<\/p>\n<div id=\"attachment_35602\" style=\"width: 1034px\" class=\"wp-caption aligncenter\"><a class=\"dt-single-image\" href=\"https:\/\/www.monta\u00f1asdelaluna.es\/wp-content\/uploads\/2017\/02\/IMG_3264.jpg\" data-dt-img-description=\"\"><img loading=\"lazy\" decoding=\"async\" aria-describedby=\"caption-attachment-35602\" class=\"wp-image-35602 size-large\" src=\"https:\/\/www.monta\u00f1asdelaluna.es\/wp-content\/uploads\/2017\/02\/IMG_3264-1024x768.jpg\" alt=\"Juani y Josep camino del Refugio de Sorteny\" width=\"1024\" height=\"768\" srcset=\"https:\/\/www.monta\u00f1asdelaluna.es\/wp-content\/uploads\/2017\/02\/IMG_3264-1024x768.jpg 1024w, https:\/\/www.monta\u00f1asdelaluna.es\/wp-content\/uploads\/2017\/02\/IMG_3264-300x225.jpg 300w, https:\/\/www.monta\u00f1asdelaluna.es\/wp-content\/uploads\/2017\/02\/IMG_3264.jpg 1824w\" sizes=\"auto, (max-width: 1024px) 100vw, 1024px\" \/><\/a><p id=\"caption-attachment-35602\" class=\"wp-caption-text\">Juani y Josep camino del Refugio de Sorteny<\/p><\/div>\n<div id=\"attachment_35606\" style=\"width: 1034px\" class=\"wp-caption aligncenter\"><a class=\"dt-single-image\" href=\"https:\/\/www.monta\u00f1asdelaluna.es\/wp-content\/uploads\/2017\/02\/IMG_3272.jpg\" data-dt-img-description=\"\"><img loading=\"lazy\" decoding=\"async\" aria-describedby=\"caption-attachment-35606\" class=\"wp-image-35606 size-large\" src=\"https:\/\/www.monta\u00f1asdelaluna.es\/wp-content\/uploads\/2017\/02\/IMG_3272-1024x768.jpg\" alt=\"Josep y Juani llegando al Refugio de Sorteny, 1.965 mts.\" width=\"1024\" height=\"768\" srcset=\"https:\/\/www.monta\u00f1asdelaluna.es\/wp-content\/uploads\/2017\/02\/IMG_3272-1024x768.jpg 1024w, https:\/\/www.monta\u00f1asdelaluna.es\/wp-content\/uploads\/2017\/02\/IMG_3272-300x225.jpg 300w, https:\/\/www.monta\u00f1asdelaluna.es\/wp-content\/uploads\/2017\/02\/IMG_3272.jpg 1824w\" sizes=\"auto, (max-width: 1024px) 100vw, 1024px\" \/><\/a><p id=\"caption-attachment-35606\" class=\"wp-caption-text\">Josep y Juani llegando al Refugio de Sorteny, 1.965 mts.<\/p><\/div>\n<p>La bajada no tiene misterio: solo hay que seguir las huellas en la nieve sobre la ancha senda o camino de herradura que llega desde la pista, el parking, al refugio. Es coger por el casi horizontal camino, valle abajo mirando casi hacia el sol que ya va bajando queriendo ponerse detr\u00e1s del Pic de l\u2019Hortell. A nuestra espalda va quedando el refugio cuando enseguida llegamos al lugar de la cadena o valla donde acaba la pista que viene del parking. A partir de aqu\u00ed en lugar de coger la senda que pasa junto al R\u00edo de Sorteny como a la subida, nos dejamos bajar por la misma pista con sus pocas curvas y zigzags. Pero enseguida llegamos al parking donde a\u00fan quedan suficientes coches.<\/p>\n<div id=\"attachment_35613\" style=\"width: 1034px\" class=\"wp-caption aligncenter\"><a class=\"dt-single-image\" href=\"https:\/\/www.monta\u00f1asdelaluna.es\/wp-content\/uploads\/2017\/02\/IMG_3281.jpg\" data-dt-img-description=\"\"><img loading=\"lazy\" decoding=\"async\" aria-describedby=\"caption-attachment-35613\" class=\"wp-image-35613 size-large\" src=\"https:\/\/www.monta\u00f1asdelaluna.es\/wp-content\/uploads\/2017\/02\/IMG_3281-1024x768.jpg\" alt=\"Bajando por la pista de la Vall de Sorteny, el Pic de l'Hortell delante\" width=\"1024\" height=\"768\" srcset=\"https:\/\/www.monta\u00f1asdelaluna.es\/wp-content\/uploads\/2017\/02\/IMG_3281-1024x768.jpg 1024w, https:\/\/www.monta\u00f1asdelaluna.es\/wp-content\/uploads\/2017\/02\/IMG_3281-300x225.jpg 300w, https:\/\/www.monta\u00f1asdelaluna.es\/wp-content\/uploads\/2017\/02\/IMG_3281.jpg 1824w\" sizes=\"auto, (max-width: 1024px) 100vw, 1024px\" \/><\/a><p id=\"caption-attachment-35613\" class=\"wp-caption-text\">Bajando por la pista de la Vall de Sorteny, el Pic de l&#8217;Hortell delante<\/p><\/div>\n<p>Ahora a buscar nuestro albergue a Canillo, en el otro valle de Andorra, como dec\u00edan mis compa\u00f1eros. Ha sido una corta pero interesante actividad. Me vale como una primera toma de contacto con este parque natural o nacional que es la Vall de Sorteny, con sus altos picos que sobrepasan los dos mil novecientos metros: l\u2019Estany\u00f3, La Serrera y el lejano, desafiante y atrayente Pic de La Font Blanca; en estos desconocidos pero impresionantes Pirineos de Andorra.<\/p>\n<div id=\"attachment_35668\" style=\"width: 817px\" class=\"wp-caption aligncenter\"><a class=\"dt-single-image\" href=\"https:\/\/www.monta\u00f1asdelaluna.es\/wp-content\/uploads\/2017\/02\/Sorteny.mapa_.jpg\" data-dt-img-description=\"\"><img loading=\"lazy\" decoding=\"async\" aria-describedby=\"caption-attachment-35668\" class=\"wp-image-35668 size-full\" src=\"https:\/\/www.monta\u00f1asdelaluna.es\/wp-content\/uploads\/2017\/02\/Sorteny.mapa_.jpg\" alt=\"Croquis de la subida a l'Estany\u00f3 pasando por el Refugio de Sorteny. Punto Rojo: parking donde dejamos el coche.\" width=\"807\" height=\"510\" srcset=\"https:\/\/www.monta\u00f1asdelaluna.es\/wp-content\/uploads\/2017\/02\/Sorteny.mapa_.jpg 807w, https:\/\/www.monta\u00f1asdelaluna.es\/wp-content\/uploads\/2017\/02\/Sorteny.mapa_-300x190.jpg 300w\" sizes=\"auto, (max-width: 807px) 100vw, 807px\" \/><\/a><p id=\"caption-attachment-35668\" class=\"wp-caption-text\">Croquis de la subida a l&#8217;Estany\u00f3 pasando por el Refugio de Sorteny. Punto Rojo: parking donde dejamos el coche.<\/p><\/div>\n<p>[vc_separator][\/vc_column_text][\/vc_column][\/vc_row][vc_row][vc_column][vc_empty_space height=\u00bb60px\u00bb][\/vc_column][\/vc_row][vc_row][vc_column][vc_cta h2=\u00bb\u00c1lbum de fotos\u00bb txt_align=\u00bbcenter\u00bb add_button=\u00bbbottom\u00bb btn_title=\u00bbVer fotos\u00bb btn_color=\u00bbwarning\u00bb btn_align=\u00bbcenter\u00bb btn_link=\u00bburl:https%3A%2F%2Fmonta%C3%B1asdelaluna.es%2F%3Fdt_gallery%3Dvall-de-sorteny-y-lestanyo-2|title:Vall%20de%20Sorteny%20y%20l%E2%80%99Estany%C3%B3|target:_blank\u00bb css=\u00bb.vc_custom_1625785013651{background-color: #8bc4ed !important;}\u00bb]Puedes ver todas las fotos del relato y actividad en forma de presentaci\u00f3n o individuales pinchando aqui \u00a1No te las pierdas![\/vc_cta][\/vc_column][\/vc_row][vc_row][vc_column][vc_empty_space height=\u00bb60px\u00bb][\/vc_column][\/vc_row][vc_row][vc_column width=\u00bb1\/3&#8243;][\/vc_column][vc_column width=\u00bb1\/2&#8243;][vc_raw_html]JTNDaWZyYW1lJTIwc3JjJTNEJTIyaHR0cHMlM0ElMkYlMkZ3d3cubWV0ZW9ibHVlLmNvbSUyRmVzJTJGdGllbXBvJTJGd2lkZ2V0JTJGZGFpbHklMkZwbGEtZGUtc29ydGVueV9wcmluY2lwYWRvLWRlLWFuZG9ycmFfMzAzODk3OSUzRmdlb2xvYyUzRGZpeGVkJTI2ZGF5cyUzRDclMjZ0ZW1wdW5pdCUzRENFTFNJVVMlMjZ3aW5kdW5pdCUzREtJTE9NRVRFUl9QRVJfSE9VUiUyNmNvbG91cmVkJTNEY29sb3VyZWQlMjZwaWN0b2ljb24lM0QwJTI2cGljdG9pY29uJTNEMSUyNm1heHRlbXBlcmF0dXJlJTNEMCUyNm1heHRlbXBlcmF0dXJlJTNEMSUyNm1pbnRlbXBlcmF0dXJlJTNEMCUyNm1pbnRlbXBlcmF0dXJlJTNEMSUyNndpbmRzcGVlZCUzRDAlMjZ3aW5kc3BlZWQlM0QxJTI2d2luZGd1c3QlM0QwJTI2d2luZGd1c3QlM0QxJTI2d2luZGRpcmVjdGlvbiUzRDAlMjZ3aW5kZGlyZWN0aW9uJTNEMSUyNnV2JTNEMCUyNmh1bWlkaXR5JTNEMCUyNnByZWNpcGl0YXRpb24lM0QwJTI2cHJlY2lwaXRhdGlvbiUzRDElMjZwcmVjaXBpdGF0aW9ucHJvYmFiaWxpdHklM0QwJTI2cHJlY2lwaXRhdGlvbnByb2JhYmlsaXR5JTNEMSUyNnNwb3QlM0QwJTI2c3BvdCUzRDElMjZwcmVzc3VyZSUzRDAlMjZwcmVzc3VyZSUzRDElMjZsYXlvdXQlM0RsaWdodCUyMiUyMCUyMGZyYW1lYm9yZGVyJTNEJTIyMCUyMiUyMHNjcm9sbGluZyUzRCUyMk5PJTIyJTIwYWxsb3d0cmFuc3BhcmVuY3klM0QlMjJ0cnVlJTIyJTIwc2FuZGJveCUzRCUyMmFsbG93LXNhbWUtb3JpZ2luJTIwYWxsb3ctc2NyaXB0cyUyMGFsbG93LXBvcHVwcyUyMiUyMHN0eWxlJTNEJTIyd2lkdGglM0ElMjAzNzhweCUzQmhlaWdodCUzQSUyMDQxM3B4JTIyJTNFJTNDJTJGaWZyYW1lJTNFJTNDZGl2JTNFJTNDJTIxLS0lMjBETyUyME5PVCUyMFJFTU9WRSUyMFRISVMlMjBMSU5LJTIwLS0lM0UlM0NhJTIwaHJlZiUzRCUyMmh0dHBzJTNBJTJGJTJGd3d3Lm1ldGVvYmx1ZS5jb20lMkZlcyUyRnRpZW1wbyUyRnByb25vc3RpY28lMkZzZW1hbmElMkZwbGEtZGUtc29ydGVueV9wcmluY2lwYWRvLWRlLWFuZG9ycmFfMzAzODk3OSUzRnV0bV9zb3VyY2UlM0R3ZWF0aGVyX3dpZGdldCUyNnV0bV9tZWRpdW0lM0RsaW5rdXMlMjZ1dG1fY29udGVudCUzRGRhaWx5JTI2dXRtX2NhbXBhaWduJTNEV2VhdGhlciUyNTJCV2lkZ2V0JTIyJTIwdGFyZ2V0JTNEJTIyX2JsYW5rJTIyJTNFbWV0ZW9ibHVlJTNDJTJGYSUzRSUzQyUyRmRpdiUzRQ==[\/vc_raw_html][\/vc_column][vc_column width=\u00bb1\/5&#8243;][\/vc_column][\/vc_row]<\/p>\n","protected":false},"excerpt":{"rendered":"<p>[vc_row][vc_column][vc_column_text]Pep nos hab\u00eda preparado una bonita actividad de alta monta\u00f1a por un rinc\u00f3n precioso del Pirineo de Andorra. Ser\u00eda mi segunda internada por el precioso Pirineo de Andorra y esta vez me dejar\u00eda llevar por los compa\u00f1eros. No coger\u00eda ni mapa ni inter\u00e9s por querer controlar los recorridos, lugares\u2026 esta vez quiero que me sorprendan,&hellip;<\/p>\n","protected":false},"author":1,"featured_media":35586,"comment_status":"open","ping_status":"open","sticky":false,"template":"","format":"standard","meta":[],"categories":[91,11],"tags":[],"class_list":["post-35666","post","type-post","status-publish","format-standard","has-post-thumbnail","hentry","category-pirineo-frances-y-andorra","category-pirineos","category-91","category-11","description-off"],"_links":{"self":[{"href":"https:\/\/www.monta\u00f1asdelaluna.es\/index.php?rest_route=\/wp\/v2\/posts\/35666","targetHints":{"allow":["GET"]}}],"collection":[{"href":"https:\/\/www.monta\u00f1asdelaluna.es\/index.php?rest_route=\/wp\/v2\/posts"}],"about":[{"href":"https:\/\/www.monta\u00f1asdelaluna.es\/index.php?rest_route=\/wp\/v2\/types\/post"}],"author":[{"embeddable":true,"href":"https:\/\/www.monta\u00f1asdelaluna.es\/index.php?rest_route=\/wp\/v2\/users\/1"}],"replies":[{"embeddable":true,"href":"https:\/\/www.monta\u00f1asdelaluna.es\/index.php?rest_route=%2Fwp%2Fv2%2Fcomments&post=35666"}],"version-history":[{"count":10,"href":"https:\/\/www.monta\u00f1asdelaluna.es\/index.php?rest_route=\/wp\/v2\/posts\/35666\/revisions"}],"predecessor-version":[{"id":50140,"href":"https:\/\/www.monta\u00f1asdelaluna.es\/index.php?rest_route=\/wp\/v2\/posts\/35666\/revisions\/50140"}],"wp:featuredmedia":[{"embeddable":true,"href":"https:\/\/www.monta\u00f1asdelaluna.es\/index.php?rest_route=\/wp\/v2\/media\/35586"}],"wp:attachment":[{"href":"https:\/\/www.monta\u00f1asdelaluna.es\/index.php?rest_route=%2Fwp%2Fv2%2Fmedia&parent=35666"}],"wp:term":[{"taxonomy":"category","embeddable":true,"href":"https:\/\/www.monta\u00f1asdelaluna.es\/index.php?rest_route=%2Fwp%2Fv2%2Fcategories&post=35666"},{"taxonomy":"post_tag","embeddable":true,"href":"https:\/\/www.monta\u00f1asdelaluna.es\/index.php?rest_route=%2Fwp%2Fv2%2Ftags&post=35666"}],"curies":[{"name":"wp","href":"https:\/\/api.w.org\/{rel}","templated":true}]}}