{"id":35767,"date":"2007-12-07T19:35:34","date_gmt":"2007-12-07T19:35:34","guid":{"rendered":"http:\/\/monta\u00f1asdelaluna.com\/?p=35767"},"modified":"2021-08-24T10:47:31","modified_gmt":"2021-08-24T10:47:31","slug":"sierra-del-moncayo-y-penas-de-herrera","status":"publish","type":"post","link":"https:\/\/www.monta\u00f1asdelaluna.es\/?p=35767","title":{"rendered":"Sierra del Moncayo y Pe\u00f1as de Herrera"},"content":{"rendered":"<p>[vc_row][vc_column][vc_column_text]Para terminar las actividades del Mes del Monta\u00f1ismo de este a\u00f1o 2.007; en el puente de diciembre decidimos acercarnos a una sierra, no demasiado t\u00e9cnica ni dif\u00edcil para monta\u00f1eros consolidados, pero si famosa, bonita y singular. Justo en la frontera entre Zaragoza y Soria se alza la Sierra del Moncayo (que no el de Guardamar), que con sus 2.315 mts. <span style=\"color: #ff0000;\">(Llamado tambi\u00e9n Pico de San Miguel)<\/span> es la c\u00faspide y punto culminante de todo el Sistema Ib\u00e9rico; desde Javalambre hasta la Demanda.<\/p>\n<p>Nos hospedamos en un albergue a media pensi\u00f3n muy barato y no por ello menos agradable, c\u00f3modo y bueno; en Alcal\u00e1 de Moncayo (Zaragoza). Desde aqu\u00ed preparamos las actividades. Antonio Cuartero, Zaida, Javi, Adri\u00e1n, Asun, M\u00f3nica, Quique, Infi, Ballester, Gemma, Maria Jes\u00fas, Mar\u00eda Bernad y yo \u00e9ramos los integrantes del grupo que participaba de este magn\u00edfico y bonito viaje en el que, sobre todo, prevaleci\u00f3 el compa\u00f1erismo, la amistad y las Leyendas de B\u00e9cquer por la noche.<\/p>\n<div id=\"attachment_35733\" style=\"width: 1034px\" class=\"wp-caption aligncenter\"><a class=\"dt-single-image\" href=\"https:\/\/www.monta\u00f1asdelaluna.es\/wp-content\/uploads\/2017\/03\/005_5.jpg\" data-dt-img-description=\"\"><img loading=\"lazy\" decoding=\"async\" aria-describedby=\"caption-attachment-35733\" class=\"wp-image-35733 size-large\" src=\"https:\/\/www.monta\u00f1asdelaluna.es\/wp-content\/uploads\/2017\/03\/005_5-1024x683.jpg\" alt=\"Delante Maria, Zaida, Asun, Chus... saliendo del bosque\" width=\"1024\" height=\"683\" srcset=\"https:\/\/www.monta\u00f1asdelaluna.es\/wp-content\/uploads\/2017\/03\/005_5-1024x683.jpg 1024w, https:\/\/www.monta\u00f1asdelaluna.es\/wp-content\/uploads\/2017\/03\/005_5-300x200.jpg 300w, https:\/\/www.monta\u00f1asdelaluna.es\/wp-content\/uploads\/2017\/03\/005_5.jpg 1500w\" sizes=\"auto, (max-width: 1024px) 100vw, 1024px\" \/><\/a><p id=\"caption-attachment-35733\" class=\"wp-caption-text\">Delante Maria, Zaida, Asun, Chus&#8230; saliendo del bosque<\/p><\/div>\n<div id=\"attachment_35736\" style=\"width: 1034px\" class=\"wp-caption aligncenter\"><a class=\"dt-single-image\" href=\"https:\/\/www.monta\u00f1asdelaluna.es\/wp-content\/uploads\/2017\/03\/008_8.jpg\" data-dt-img-description=\"\"><img loading=\"lazy\" decoding=\"async\" aria-describedby=\"caption-attachment-35736\" class=\"wp-image-35736 size-large\" src=\"https:\/\/www.monta\u00f1asdelaluna.es\/wp-content\/uploads\/2017\/03\/008_8-1024x683.jpg\" alt=\"Subida a la cima del Moncayo\" width=\"1024\" height=\"683\" srcset=\"https:\/\/www.monta\u00f1asdelaluna.es\/wp-content\/uploads\/2017\/03\/008_8-1024x683.jpg 1024w, https:\/\/www.monta\u00f1asdelaluna.es\/wp-content\/uploads\/2017\/03\/008_8-300x200.jpg 300w, https:\/\/www.monta\u00f1asdelaluna.es\/wp-content\/uploads\/2017\/03\/008_8.jpg 1500w\" sizes=\"auto, (max-width: 1024px) 100vw, 1024px\" \/><\/a><p id=\"caption-attachment-35736\" class=\"wp-caption-text\">Subida a la cima del Moncayo<\/p><\/div>\n<p>Antes de llegar al Santuario de la Virgen del Moncayo dejamos los coches en uno de tantos aparcamientos habilitados para ello en la sierra, y empezamos la marcha por el Parque Natural buscando la subida a su cima m\u00e1s alta. Primero nos adentramos en sus bosques de grandes y enormes pinos, dejando en un lado de la sierra los hayedos grises y deshojados que corresponden a su imagen en esta \u00e9poca del a\u00f1o. M\u00e1s arriba llegamos al austero Santuario pero muy querido y honrado por los zaragozanos. A partir de aqu\u00ed y poco a poco, el bosque iba dando paso a la roca descarnada y con guijarros helados, del calorcillo del bosque al fr\u00edo de las alturas, de la buena visibilidad a la h\u00fameda oscuridad de las nubes que nos iban cubriendo. No hab\u00eda mucha nieve ese a\u00f1o en el Moncayo; d\u00edas anteriores se hab\u00edan derretido en parte por culpa de las buenas temperaturas y el buen tiempo.<\/p>\n<div id=\"attachment_35769\" style=\"width: 1164px\" class=\"wp-caption aligncenter\"><a class=\"dt-single-image\" href=\"https:\/\/www.monta\u00f1asdelaluna.es\/wp-content\/uploads\/2007\/12\/Moncayo.mapa_.croquis.web_.jpg\" data-dt-img-description=\"\"><img loading=\"lazy\" decoding=\"async\" aria-describedby=\"caption-attachment-35769\" class=\"wp-image-35769 size-full\" src=\"https:\/\/www.monta\u00f1asdelaluna.es\/wp-content\/uploads\/2007\/12\/Moncayo.mapa_.croquis.web_.jpg\" alt=\"Croquis de la ascensi\u00f3n al Moncayo (Pico de San Miguel) desde el Santuario de la Virgen del Moncayo. Punto Rojo: uno de los aparcamientos.\" width=\"1154\" height=\"789\" srcset=\"https:\/\/www.monta\u00f1asdelaluna.es\/wp-content\/uploads\/2007\/12\/Moncayo.mapa_.croquis.web_.jpg 1154w, https:\/\/www.monta\u00f1asdelaluna.es\/wp-content\/uploads\/2007\/12\/Moncayo.mapa_.croquis.web_-300x205.jpg 300w, https:\/\/www.monta\u00f1asdelaluna.es\/wp-content\/uploads\/2007\/12\/Moncayo.mapa_.croquis.web_-1024x700.jpg 1024w\" sizes=\"auto, (max-width: 1154px) 100vw, 1154px\" \/><\/a><p id=\"caption-attachment-35769\" class=\"wp-caption-text\">Croquis de la ascensi\u00f3n al Moncayo (Pico de San Miguel) desde el Santuario de la Virgen del Moncayo. Punto Rojo: uno de los aparcamientos.<\/p><\/div>\n<p>Empieza el viento a arreciar y se hace imprescindible abrigarse. Despu\u00e9s de una suave subida aparece la descarnada cumbre. Un poco m\u00e1s hacia el norte entre la ventisca y cumbreando llegamos a lo m\u00e1s alto del Moncayo. Metidos en una nube, con lo que no podemos admirar el paisaje. Con un viento fr\u00edo desapacible. Estamos poco tiempo; las fotos de rigor, la espera a los m\u00e1s retrasados y ya para abajo desandando el camino.<\/p>\n<div id=\"attachment_35741\" style=\"width: 1510px\" class=\"wp-caption aligncenter\"><a class=\"dt-single-image\" href=\"https:\/\/www.monta\u00f1asdelaluna.es\/wp-content\/uploads\/2017\/03\/013_13.jpg\" data-dt-img-description=\"\"><img loading=\"lazy\" decoding=\"async\" aria-describedby=\"caption-attachment-35741\" class=\"wp-image-35741 size-full\" src=\"https:\/\/www.monta\u00f1asdelaluna.es\/wp-content\/uploads\/2017\/03\/013_13.jpg\" alt=\"Bajando de la cima del Moncayo\" width=\"1500\" height=\"1000\" srcset=\"https:\/\/www.monta\u00f1asdelaluna.es\/wp-content\/uploads\/2017\/03\/013_13.jpg 1500w, https:\/\/www.monta\u00f1asdelaluna.es\/wp-content\/uploads\/2017\/03\/013_13-300x200.jpg 300w, https:\/\/www.monta\u00f1asdelaluna.es\/wp-content\/uploads\/2017\/03\/013_13-1024x683.jpg 1024w\" sizes=\"auto, (max-width: 1500px) 100vw, 1500px\" \/><\/a><p id=\"caption-attachment-35741\" class=\"wp-caption-text\">Bajando de la cima del Moncayo<\/p><\/div>\n<div id=\"attachment_35742\" style=\"width: 1034px\" class=\"wp-caption aligncenter\"><a class=\"dt-single-image\" href=\"https:\/\/www.monta\u00f1asdelaluna.es\/wp-content\/uploads\/2017\/03\/016_16.jpg\" data-dt-img-description=\"\"><img loading=\"lazy\" decoding=\"async\" aria-describedby=\"caption-attachment-35742\" class=\"wp-image-35742 size-large\" src=\"https:\/\/www.monta\u00f1asdelaluna.es\/wp-content\/uploads\/2017\/03\/016_16-1024x683.jpg\" alt=\"Abajo el Santuario de Nuestra Se\u00f1ora del Moncayo\" width=\"1024\" height=\"683\" srcset=\"https:\/\/www.monta\u00f1asdelaluna.es\/wp-content\/uploads\/2017\/03\/016_16-1024x683.jpg 1024w, https:\/\/www.monta\u00f1asdelaluna.es\/wp-content\/uploads\/2017\/03\/016_16-300x200.jpg 300w, https:\/\/www.monta\u00f1asdelaluna.es\/wp-content\/uploads\/2017\/03\/016_16.jpg 1500w\" sizes=\"auto, (max-width: 1024px) 100vw, 1024px\" \/><\/a><p id=\"caption-attachment-35742\" class=\"wp-caption-text\">Abajo el Santuario de Nuestra Se\u00f1ora del Moncayo<\/p><\/div>\n<p>M\u00e1s abajo, entre los \u00e1rboles, nos parece estar metidos en un cuento fant\u00e1stico por las formas fantasmag\u00f3ricas que le dan la niebla al h\u00famedo y cerrado bosque.<\/p>\n<p>Al otro d\u00eda el tiempo mejora y decidimos hacer una marcha m\u00e1s tranquila por las Pe\u00f1as de Herrera. Al sur de la Sierra del Moncayo pero en la misma frontera entre Zaragoza y Soria, entre Arag\u00f3n y Castilla y tambi\u00e9n muy cerca del albergue, se abren al paisaje unas rocas en lo alto de unas suaves y a veces empinadas lomas. Rocas como murallas en una frontera, pero accesibles, esbeltas y bellas en esta llanura castellana-aragonesa.<\/p>\n<div id=\"attachment_35745\" style=\"width: 1034px\" class=\"wp-caption aligncenter\"><a class=\"dt-single-image\" href=\"https:\/\/www.monta\u00f1asdelaluna.es\/wp-content\/uploads\/2017\/03\/018b-IMG_1075.jpg\" data-dt-img-description=\"\"><img loading=\"lazy\" decoding=\"async\" aria-describedby=\"caption-attachment-35745\" class=\"wp-image-35745 size-large\" src=\"https:\/\/www.monta\u00f1asdelaluna.es\/wp-content\/uploads\/2017\/03\/018b-IMG_1075-1024x768.jpg\" alt=\"Camino a las Pe\u00f1as de Herrera\" width=\"1024\" height=\"768\" srcset=\"https:\/\/www.monta\u00f1asdelaluna.es\/wp-content\/uploads\/2017\/03\/018b-IMG_1075-1024x768.jpg 1024w, https:\/\/www.monta\u00f1asdelaluna.es\/wp-content\/uploads\/2017\/03\/018b-IMG_1075-300x225.jpg 300w, https:\/\/www.monta\u00f1asdelaluna.es\/wp-content\/uploads\/2017\/03\/018b-IMG_1075.jpg 1843w\" sizes=\"auto, (max-width: 1024px) 100vw, 1024px\" \/><\/a><p id=\"caption-attachment-35745\" class=\"wp-caption-text\">Camino a las Pe\u00f1as de Herrera<\/p><\/div>\n<div id=\"attachment_35751\" style=\"width: 1034px\" class=\"wp-caption aligncenter\"><a class=\"dt-single-image\" href=\"https:\/\/www.monta\u00f1asdelaluna.es\/wp-content\/uploads\/2017\/03\/022b-IMG_1096.jpg\" data-dt-img-description=\"\"><img loading=\"lazy\" decoding=\"async\" aria-describedby=\"caption-attachment-35751\" class=\"wp-image-35751 size-large\" src=\"https:\/\/www.monta\u00f1asdelaluna.es\/wp-content\/uploads\/2017\/03\/022b-IMG_1096-1024x768.jpg\" alt=\"Adri\u00e1n, Joaqu\u00edn y Antonio en la cima de las Pe\u00f1as de Herrera, 1.591 mts.\" width=\"1024\" height=\"768\" srcset=\"https:\/\/www.monta\u00f1asdelaluna.es\/wp-content\/uploads\/2017\/03\/022b-IMG_1096-1024x768.jpg 1024w, https:\/\/www.monta\u00f1asdelaluna.es\/wp-content\/uploads\/2017\/03\/022b-IMG_1096-300x225.jpg 300w, https:\/\/www.monta\u00f1asdelaluna.es\/wp-content\/uploads\/2017\/03\/022b-IMG_1096.jpg 1843w\" sizes=\"auto, (max-width: 1024px) 100vw, 1024px\" \/><\/a><p id=\"caption-attachment-35751\" class=\"wp-caption-text\">Adri\u00e1n, Joaqu\u00edn y Antonio en la cima de las Pe\u00f1as de Herrera, 1.591 mts.<\/p><\/div>\n<p>Dejamos la poblaci\u00f3n de A\u00f1\u00f3n cerca y por un camino dejamos los coches justo frente a todo el complejo de las Pe\u00f1as. Cogiendo la rivera de un riachuelo llegamos hasta una especie de collado desde el cual se sube, muy f\u00e1cilmente, hasta la m\u00e1s alta de las Pe\u00f1as de Herrera. Estamos a 1.731 mts. <span style=\"color: #ff0000;\">(Correcci\u00f3n: Alto del Picarr\u00f3n, 1.591 mts.)<\/span> y hacia el oeste tenemos toda Soria con sus fr\u00edas y desahitadas sierras y llanuras. Hacia el este la llanura se hace m\u00e1s habitable, a menos altura; es Arag\u00f3n que tambi\u00e9n tiene su colecci\u00f3n de molinos de viento.<\/p>\n<div id=\"attachment_35770\" style=\"width: 945px\" class=\"wp-caption aligncenter\"><a class=\"dt-single-image\" href=\"https:\/\/www.monta\u00f1asdelaluna.es\/wp-content\/uploads\/2007\/12\/Pe\u00f1asherrera.mapa_.croquis.jpg\" data-dt-img-description=\"\"><img loading=\"lazy\" decoding=\"async\" aria-describedby=\"caption-attachment-35770\" class=\"wp-image-35770 size-full\" src=\"https:\/\/www.monta\u00f1asdelaluna.es\/wp-content\/uploads\/2007\/12\/Pe\u00f1asherrera.mapa_.croquis.jpg\" alt=\"Croquis del supuesto recorrido en coche desde las poblaciones cercanas, para acercarnos a las Pe\u00f1as de Herrera\" width=\"935\" height=\"819\" srcset=\"https:\/\/www.monta\u00f1asdelaluna.es\/wp-content\/uploads\/2007\/12\/Pe\u00f1asherrera.mapa_.croquis.jpg 935w, https:\/\/www.monta\u00f1asdelaluna.es\/wp-content\/uploads\/2007\/12\/Pe\u00f1asherrera.mapa_.croquis-300x263.jpg 300w\" sizes=\"auto, (max-width: 935px) 100vw, 935px\" \/><\/a><p id=\"caption-attachment-35770\" class=\"wp-caption-text\">Croquis del supuesto recorrido en coche desde las poblaciones cercanas, para acercarnos a las Pe\u00f1as de Herrera<\/p><\/div>\n<p>Ahora seguimos todo el cordal de las pe\u00f1as por sus roquedas cumbres. Borde\u00e1ndolas, subi\u00e9ndolas, admir\u00e1ndolas\u2026 volvemos monte a trav\u00e9s (hay que darle un poco de emoci\u00f3n) a la rivera del anterior riachuelo y as\u00ed, riachuelo abajo, hasta el coche.<\/p>\n<div id=\"attachment_35754\" style=\"width: 1510px\" class=\"wp-caption aligncenter\"><a class=\"dt-single-image\" href=\"https:\/\/www.monta\u00f1asdelaluna.es\/wp-content\/uploads\/2017\/03\/025_25.jpg\" data-dt-img-description=\"\"><img loading=\"lazy\" decoding=\"async\" aria-describedby=\"caption-attachment-35754\" class=\"wp-image-35754 size-full\" src=\"https:\/\/www.monta\u00f1asdelaluna.es\/wp-content\/uploads\/2017\/03\/025_25.jpg\" alt=\"Vistas desde las Pe\u00f1as de Herrera\" width=\"1500\" height=\"1000\" srcset=\"https:\/\/www.monta\u00f1asdelaluna.es\/wp-content\/uploads\/2017\/03\/025_25.jpg 1500w, https:\/\/www.monta\u00f1asdelaluna.es\/wp-content\/uploads\/2017\/03\/025_25-300x200.jpg 300w, https:\/\/www.monta\u00f1asdelaluna.es\/wp-content\/uploads\/2017\/03\/025_25-1024x683.jpg 1024w\" sizes=\"auto, (max-width: 1500px) 100vw, 1500px\" \/><\/a><p id=\"caption-attachment-35754\" class=\"wp-caption-text\">Vistas desde las Pe\u00f1as de Herrera<\/p><\/div>\n<div id=\"attachment_35756\" style=\"width: 1853px\" class=\"wp-caption aligncenter\"><a class=\"dt-single-image\" href=\"https:\/\/www.monta\u00f1asdelaluna.es\/wp-content\/uploads\/2017\/03\/026b-IMG_1101.jpg\" data-dt-img-description=\"\"><img loading=\"lazy\" decoding=\"async\" aria-describedby=\"caption-attachment-35756\" class=\"wp-image-35756 size-full\" src=\"https:\/\/www.monta\u00f1asdelaluna.es\/wp-content\/uploads\/2017\/03\/026b-IMG_1101.jpg\" alt=\"Bajando de las Pe\u00f1as de Herrera\" width=\"1843\" height=\"1382\" srcset=\"https:\/\/www.monta\u00f1asdelaluna.es\/wp-content\/uploads\/2017\/03\/026b-IMG_1101.jpg 1843w, https:\/\/www.monta\u00f1asdelaluna.es\/wp-content\/uploads\/2017\/03\/026b-IMG_1101-300x225.jpg 300w, https:\/\/www.monta\u00f1asdelaluna.es\/wp-content\/uploads\/2017\/03\/026b-IMG_1101-1024x768.jpg 1024w\" sizes=\"auto, (max-width: 1843px) 100vw, 1843px\" \/><\/a><p id=\"caption-attachment-35756\" class=\"wp-caption-text\">Bajando de las Pe\u00f1as de Herrera<\/p><\/div>\n<p>Casi al atardecer se quedaban las rocas solitarias como gigantes de piedra a la espera de despertar de su letargo de cien o mil a\u00f1os. Tan encantadoras como el Moncayo pero de diferente naturaleza paisaj\u00edstica.<\/p>\n<p>Pero no todo es monta\u00f1a, esfuerzo y lugares abiertos. Cerca se encontraba el famoso Monasterio Cisterciense de Veruela; as\u00ed que, a\u00fan con poca luz del d\u00eda, nos decidimos a visitar y hacer turismo cultural por estas tierras del Moncayo al bajar de las Pe\u00f1as de Herrera. Vale la pena visitarlo y conocer aquellas penosas y desconcertantes costumbres, pero hist\u00f3ricas y enriquecedoras, de la vida en un monasterio medieval. Aparte el edificio en si con sus estancias y complementos, merece una tarde de recreo y recogimiento.<\/p>\n<div id=\"attachment_35757\" style=\"width: 1034px\" class=\"wp-caption aligncenter\"><a class=\"dt-single-image\" href=\"https:\/\/www.monta\u00f1asdelaluna.es\/wp-content\/uploads\/2017\/03\/026c-IMG_1104.jpg\" data-dt-img-description=\"\"><img loading=\"lazy\" decoding=\"async\" aria-describedby=\"caption-attachment-35757\" class=\"wp-image-35757 size-large\" src=\"https:\/\/www.monta\u00f1asdelaluna.es\/wp-content\/uploads\/2017\/03\/026c-IMG_1104-1024x768.jpg\" alt=\"Bajando de las Pe\u00f1as de Herrera\" width=\"1024\" height=\"768\" srcset=\"https:\/\/www.monta\u00f1asdelaluna.es\/wp-content\/uploads\/2017\/03\/026c-IMG_1104-1024x768.jpg 1024w, https:\/\/www.monta\u00f1asdelaluna.es\/wp-content\/uploads\/2017\/03\/026c-IMG_1104-300x225.jpg 300w, https:\/\/www.monta\u00f1asdelaluna.es\/wp-content\/uploads\/2017\/03\/026c-IMG_1104.jpg 1843w\" sizes=\"auto, (max-width: 1024px) 100vw, 1024px\" \/><\/a><p id=\"caption-attachment-35757\" class=\"wp-caption-text\">Bajando de las Pe\u00f1as de Herrera<\/p><\/div>\n<div id=\"attachment_35758\" style=\"width: 1034px\" class=\"wp-caption aligncenter\"><a class=\"dt-single-image\" href=\"https:\/\/www.monta\u00f1asdelaluna.es\/wp-content\/uploads\/2017\/03\/026d-IMG_1105.jpg\" data-dt-img-description=\"\"><img loading=\"lazy\" decoding=\"async\" aria-describedby=\"caption-attachment-35758\" class=\"wp-image-35758 size-large\" src=\"https:\/\/www.monta\u00f1asdelaluna.es\/wp-content\/uploads\/2017\/03\/026d-IMG_1105-1024x768.jpg\" alt=\"Atr\u00e1s quedan las Pe\u00f1as de Herrera\" width=\"1024\" height=\"768\" srcset=\"https:\/\/www.monta\u00f1asdelaluna.es\/wp-content\/uploads\/2017\/03\/026d-IMG_1105-1024x768.jpg 1024w, https:\/\/www.monta\u00f1asdelaluna.es\/wp-content\/uploads\/2017\/03\/026d-IMG_1105-300x225.jpg 300w, https:\/\/www.monta\u00f1asdelaluna.es\/wp-content\/uploads\/2017\/03\/026d-IMG_1105.jpg 1843w\" sizes=\"auto, (max-width: 1024px) 100vw, 1024px\" \/><\/a><p id=\"caption-attachment-35758\" class=\"wp-caption-text\">Atr\u00e1s quedan las Pe\u00f1as de Herrera<\/p><\/div>\n<p>Me gust\u00f3 mucho las experiencias en este viaje. Hubo una nota de \u00edntima amistad y complicidad que rara vez se d\u00e1 en compa\u00f1eros y amigos que no lo sean de verdad. Gracias por estar ah\u00ed.<\/p>\n<div id=\"attachment_35771\" style=\"width: 1113px\" class=\"wp-caption aligncenter\"><a class=\"dt-single-image\" href=\"https:\/\/www.monta\u00f1asdelaluna.es\/wp-content\/uploads\/2007\/12\/Pe\u00f1asherrera2.mapa_.croquis.jpg\" data-dt-img-description=\"\"><img loading=\"lazy\" decoding=\"async\" aria-describedby=\"caption-attachment-35771\" class=\"wp-image-35771 size-full\" src=\"https:\/\/www.monta\u00f1asdelaluna.es\/wp-content\/uploads\/2007\/12\/Pe\u00f1asherrera2.mapa_.croquis.jpg\" alt=\"Croquis del recorrido por las Pe\u00f1as de Herrera. Puntos Rojos: supuesto recorrido con el coche. Puntos Azules: posible recorrido.\" width=\"1103\" height=\"873\" srcset=\"https:\/\/www.monta\u00f1asdelaluna.es\/wp-content\/uploads\/2007\/12\/Pe\u00f1asherrera2.mapa_.croquis.jpg 1103w, https:\/\/www.monta\u00f1asdelaluna.es\/wp-content\/uploads\/2007\/12\/Pe\u00f1asherrera2.mapa_.croquis-300x237.jpg 300w, https:\/\/www.monta\u00f1asdelaluna.es\/wp-content\/uploads\/2007\/12\/Pe\u00f1asherrera2.mapa_.croquis-1024x810.jpg 1024w\" sizes=\"auto, (max-width: 1103px) 100vw, 1103px\" \/><\/a><p id=\"caption-attachment-35771\" class=\"wp-caption-text\">Croquis del recorrido por las Pe\u00f1as de Herrera. Puntos Rojos: supuesto recorrido con el coche. Puntos Azules: posible recorrido.<\/p><\/div>\n<p>[vc_separator][\/vc_column_text][\/vc_column][\/vc_row][vc_row][vc_column][vc_empty_space height=\u00bb60px\u00bb][\/vc_column][\/vc_row][vc_row][vc_column][vc_cta h2=\u00bb\u00c1lbum de fotos\u00bb txt_align=\u00bbcenter\u00bb add_button=\u00bbbottom\u00bb btn_title=\u00bbVer fotos\u00bb btn_color=\u00bbwarning\u00bb btn_align=\u00bbcenter\u00bb btn_link=\u00bburl:https%3A%2F%2Fmonta%C3%B1asdelaluna.es%2F%3Fdt_gallery%3Dsierra-del-moncayo-y-penas-de-herrera-2|title:Sierra%20del%20Moncayo%20y%20Pe%C3%B1as%20de%20Herrera|target:_blank\u00bb css=\u00bb.vc_custom_1626083690363{background-color: #8bc4ed !important;}\u00bb]Puedes ver todas las fotos del relato y actividad en forma de presentaci\u00f3n o individuales pinchando aqui \u00a1No te las pierdas![\/vc_cta][\/vc_column][\/vc_row][vc_row][vc_column][vc_empty_space height=\u00bb60px\u00bb][\/vc_column][\/vc_row][vc_row][vc_column width=\u00bb1\/6&#8243;][\/vc_column][vc_column width=\u00bb1\/3&#8243;][vc_empty_space height=\u00bb24px\u00bb][vc_raw_html]JTNDaWZyYW1lJTIwc3JjJTNEJTIyaHR0cHMlM0ElMkYlMkZ3d3cubWV0ZW9ibHVlLmNvbSUyRmVzJTJGdGllbXBvJTJGd2lkZ2V0JTJGZGFpbHklMkZwaWNvLWRlLXNhbi1taWd1ZWxfZXNwYSUyNWMzJTI1YjFhXzMxMTY1MjAlM0ZnZW9sb2MlM0RmaXhlZCUyNmRheXMlM0Q3JTI2dGVtcHVuaXQlM0RDRUxTSVVTJTI2d2luZHVuaXQlM0RLSUxPTUVURVJfUEVSX0hPVVIlMjZjb2xvdXJlZCUzRGNvbG91cmVkJTI2cGljdG9pY29uJTNEMCUyNnBpY3RvaWNvbiUzRDElMjZtYXh0ZW1wZXJhdHVyZSUzRDAlMjZtYXh0ZW1wZXJhdHVyZSUzRDElMjZtaW50ZW1wZXJhdHVyZSUzRDAlMjZtaW50ZW1wZXJhdHVyZSUzRDElMjZ3aW5kc3BlZWQlM0QwJTI2d2luZHNwZWVkJTNEMSUyNndpbmRndXN0JTNEMCUyNndpbmRndXN0JTNEMSUyNndpbmRkaXJlY3Rpb24lM0QwJTI2d2luZGRpcmVjdGlvbiUzRDElMjZ1diUzRDAlMjZodW1pZGl0eSUzRDAlMjZwcmVjaXBpdGF0aW9uJTNEMCUyNnByZWNpcGl0YXRpb24lM0QxJTI2cHJlY2lwaXRhdGlvbnByb2JhYmlsaXR5JTNEMCUyNnByZWNpcGl0YXRpb25wcm9iYWJpbGl0eSUzRDElMjZzcG90JTNEMCUyNnNwb3QlM0QxJTI2cHJlc3N1cmUlM0QwJTI2cHJlc3N1cmUlM0QxJTI2bGF5b3V0JTNEbGlnaHQlMjIlMjAlMjBmcmFtZWJvcmRlciUzRCUyMjAlMjIlMjBzY3JvbGxpbmclM0QlMjJOTyUyMiUyMGFsbG93dHJhbnNwYXJlbmN5JTNEJTIydHJ1ZSUyMiUyMHNhbmRib3glM0QlMjJhbGxvdy1zYW1lLW9yaWdpbiUyMGFsbG93LXNjcmlwdHMlMjBhbGxvdy1wb3B1cHMlMjIlMjBzdHlsZSUzRCUyMndpZHRoJTNBJTIwMzc4cHglM0JoZWlnaHQlM0ElMjA0MTNweCUyMiUzRSUzQyUyRmlmcmFtZSUzRSUzQ2RpdiUzRSUzQyUyMS0tJTIwRE8lMjBOT1QlMjBSRU1PVkUlMjBUSElTJTIwTElOSyUyMC0tJTNFJTNDYSUyMGhyZWYlM0QlMjJodHRwcyUzQSUyRiUyRnd3dy5tZXRlb2JsdWUuY29tJTJGZXMlMkZ0aWVtcG8lMkZwcm9ub3N0aWNvJTJGc2VtYW5hJTJGcGljby1kZS1zYW4tbWlndWVsX2VzcGElMjVjMyUyNWIxYV8zMTE2NTIwJTNGdXRtX3NvdXJjZSUzRHdlYXRoZXJfd2lkZ2V0JTI2dXRtX21lZGl1bSUzRGxpbmt1cyUyNnV0bV9jb250ZW50JTNEZGFpbHklMjZ1dG1fY2FtcGFpZ24lM0RXZWF0aGVyJTI1MkJXaWRnZXQlMjIlMjB0YXJnZXQlM0QlMjJfYmxhbmslMjIlM0VtZXRlb2JsdWUlM0MlMkZhJTNFJTNDJTJGZGl2JTNF[\/vc_raw_html][\/vc_column][vc_column width=\u00bb1\/3&#8243;][vc_column_text]Tiempo en Pe\u00f1as de Herrera[\/vc_column_text][vc_raw_html]JTNDaWZyYW1lJTIwc3JjJTNEJTIyaHR0cHMlM0ElMkYlMkZ3d3cubWV0ZW9ibHVlLmNvbSUyRmVzJTJGdGllbXBvJTJGd2lkZ2V0JTJGZGFpbHklMkY0MS43MjVOLTEuNzI4RTE1MjBfRXVyb3BlJTI1MkZNYWRyaWQlM0ZnZW9sb2MlM0RmaXhlZCUyNmRheXMlM0Q3JTI2dGVtcHVuaXQlM0RDRUxTSVVTJTI2d2luZHVuaXQlM0RLSUxPTUVURVJfUEVSX0hPVVIlMjZjb2xvdXJlZCUzRGNvbG91cmVkJTI2cGljdG9pY29uJTNEMCUyNnBpY3RvaWNvbiUzRDElMjZtYXh0ZW1wZXJhdHVyZSUzRDAlMjZtYXh0ZW1wZXJhdHVyZSUzRDElMjZtaW50ZW1wZXJhdHVyZSUzRDAlMjZtaW50ZW1wZXJhdHVyZSUzRDElMjZ3aW5kc3BlZWQlM0QwJTI2d2luZHNwZWVkJTNEMSUyNndpbmRndXN0JTNEMCUyNndpbmRndXN0JTNEMSUyNndpbmRkaXJlY3Rpb24lM0QwJTI2d2luZGRpcmVjdGlvbiUzRDElMjZ1diUzRDAlMjZodW1pZGl0eSUzRDAlMjZwcmVjaXBpdGF0aW9uJTNEMCUyNnByZWNpcGl0YXRpb24lM0QxJTI2cHJlY2lwaXRhdGlvbnByb2JhYmlsaXR5JTNEMCUyNnByZWNpcGl0YXRpb25wcm9iYWJpbGl0eSUzRDElMjZzcG90JTNEMCUyNnNwb3QlM0QxJTI2cHJlc3N1cmUlM0QwJTI2cHJlc3N1cmUlM0QxJTI2bGF5b3V0JTNEbGlnaHQlMjIlMjAlMjBmcmFtZWJvcmRlciUzRCUyMjAlMjIlMjBzY3JvbGxpbmclM0QlMjJOTyUyMiUyMGFsbG93dHJhbnNwYXJlbmN5JTNEJTIydHJ1ZSUyMiUyMHNhbmRib3glM0QlMjJhbGxvdy1zYW1lLW9yaWdpbiUyMGFsbG93LXNjcmlwdHMlMjBhbGxvdy1wb3B1cHMlMjIlMjBzdHlsZSUzRCUyMndpZHRoJTNBJTIwMzc4cHglM0JoZWlnaHQlM0ElMjA0MTNweCUyMiUzRSUzQyUyRmlmcmFtZSUzRSUzQ2RpdiUzRSUzQyUyMS0tJTIwRE8lMjBOT1QlMjBSRU1PVkUlMjBUSElTJTIwTElOSyUyMC0tJTNFJTNDYSUyMGhyZWYlM0QlMjJodHRwcyUzQSUyRiUyRnd3dy5tZXRlb2JsdWUuY29tJTJGZXMlMkZ0aWVtcG8lMkZwcm9ub3N0aWNvJTJGc2VtYW5hJTJGNDEuNzI1Ti0xLjcyOEUxNTIwX0V1cm9wZSUyNTJGTWFkcmlkJTNGdXRtX3NvdXJjZSUzRHdlYXRoZXJfd2lkZ2V0JTI2dXRtX21lZGl1bSUzRGxpbmt1cyUyNnV0bV9jb250ZW50JTNEZGFpbHklMjZ1dG1fY2FtcGFpZ24lM0RXZWF0aGVyJTI1MkJXaWRnZXQlMjIlMjB0YXJnZXQlM0QlMjJfYmxhbmslMjIlM0VtZXRlb2JsdWUlM0MlMkZhJTNFJTNDJTJGZGl2JTNF[\/vc_raw_html][\/vc_column][vc_column width=\u00bb1\/6&#8243;][\/vc_column][\/vc_row]<\/p>\n","protected":false},"excerpt":{"rendered":"<p>[vc_row][vc_column][vc_column_text]Para terminar las actividades del Mes del Monta\u00f1ismo de este a\u00f1o 2.007; en el puente de diciembre decidimos acercarnos a una sierra, no demasiado t\u00e9cnica ni dif\u00edcil para monta\u00f1eros consolidados, pero si famosa, bonita y singular. Justo en la frontera entre Zaragoza y Soria se alza la Sierra del Moncayo (que no el de Guardamar),&hellip;<\/p>\n","protected":false},"author":1,"featured_media":35756,"comment_status":"open","ping_status":"open","sticky":false,"template":"","format":"standard","meta":[],"categories":[98],"tags":[],"class_list":["post-35767","post","type-post","status-publish","format-standard","has-post-thumbnail","hentry","category-cordilleras-centrales","category-98","description-off"],"_links":{"self":[{"href":"https:\/\/www.monta\u00f1asdelaluna.es\/index.php?rest_route=\/wp\/v2\/posts\/35767","targetHints":{"allow":["GET"]}}],"collection":[{"href":"https:\/\/www.monta\u00f1asdelaluna.es\/index.php?rest_route=\/wp\/v2\/posts"}],"about":[{"href":"https:\/\/www.monta\u00f1asdelaluna.es\/index.php?rest_route=\/wp\/v2\/types\/post"}],"author":[{"embeddable":true,"href":"https:\/\/www.monta\u00f1asdelaluna.es\/index.php?rest_route=\/wp\/v2\/users\/1"}],"replies":[{"embeddable":true,"href":"https:\/\/www.monta\u00f1asdelaluna.es\/index.php?rest_route=%2Fwp%2Fv2%2Fcomments&post=35767"}],"version-history":[{"count":9,"href":"https:\/\/www.monta\u00f1asdelaluna.es\/index.php?rest_route=\/wp\/v2\/posts\/35767\/revisions"}],"predecessor-version":[{"id":50429,"href":"https:\/\/www.monta\u00f1asdelaluna.es\/index.php?rest_route=\/wp\/v2\/posts\/35767\/revisions\/50429"}],"wp:featuredmedia":[{"embeddable":true,"href":"https:\/\/www.monta\u00f1asdelaluna.es\/index.php?rest_route=\/wp\/v2\/media\/35756"}],"wp:attachment":[{"href":"https:\/\/www.monta\u00f1asdelaluna.es\/index.php?rest_route=%2Fwp%2Fv2%2Fmedia&parent=35767"}],"wp:term":[{"taxonomy":"category","embeddable":true,"href":"https:\/\/www.monta\u00f1asdelaluna.es\/index.php?rest_route=%2Fwp%2Fv2%2Fcategories&post=35767"},{"taxonomy":"post_tag","embeddable":true,"href":"https:\/\/www.monta\u00f1asdelaluna.es\/index.php?rest_route=%2Fwp%2Fv2%2Ftags&post=35767"}],"curies":[{"name":"wp","href":"https:\/\/api.w.org\/{rel}","templated":true}]}}