{"id":35851,"date":"2017-03-05T19:24:11","date_gmt":"2017-03-05T19:24:11","guid":{"rendered":"http:\/\/monta\u00f1asdelaluna.com\/?p=35851"},"modified":"2021-08-17T20:19:32","modified_gmt":"2021-08-17T20:19:32","slug":"sierra-de-cabrera-vuelta-por-sant-julia","status":"publish","type":"post","link":"https:\/\/www.monta\u00f1asdelaluna.es\/?p=35851","title":{"rendered":"Sierra de Cabrera. Vuelta por Sant Juli\u00e0"},"content":{"rendered":"<p>[vc_row][vc_column][vc_column_text]Ya ten\u00eda ganas de volver a este estupendo y curioso lugar, a esta sierra y monta\u00f1a en medio de los prados y bosques del verde Collsacabra, dentro de la comarca de Osona y muy cerca de la frontera con la provincia de Girona. Una regi\u00f3n casi despoblada, con una gran cantidad de caser\u00edos, mas\u00edas repartidas por todo el territorio, con pocas y no muy grandes poblaciones, pero bonitas y encantadoras.<\/p>\n<p>La verdad es que quer\u00eda hacer un recorrido muy parecido al de <a href=\"https:\/\/www.monta\u00f1asdelaluna.es\/?p=25752\" target=\"_blank\" rel=\"noopener\">Santuario y Sierra de Cabrera<\/a>, pero intentando subir a sus puntos m\u00e1s altos de la misma, que a la vez se encuentra al norte de la sierra, parte que nos falt\u00f3 por visitar en este nombrado relato. El recorrido realizado en este relato es muy completo: nos asomamos a los precipicios del Pla d\u2019Aiats, subida por las escaleras al santuario, visitamos el Santuario de Cabrera y las ruinas de su castillito o torre, justo en la cima de Cabrera\u2026 y me pareci\u00f3 un recorrido encantador, precioso y especial\u2026 hab\u00eda que repetir.<\/p>\n<div id=\"attachment_35777\" style=\"width: 1834px\" class=\"wp-caption aligncenter\"><a class=\"dt-single-image\" href=\"https:\/\/www.monta\u00f1asdelaluna.es\/wp-content\/uploads\/2017\/02\/IMG_3286.jpg\" data-dt-img-description=\"\"><img loading=\"lazy\" decoding=\"async\" aria-describedby=\"caption-attachment-35777\" class=\"wp-image-35777 size-full\" src=\"https:\/\/www.monta\u00f1asdelaluna.es\/wp-content\/uploads\/2017\/02\/IMG_3286.jpg\" alt=\"Caselles bajo el Morral de Caselles\" width=\"1824\" height=\"1368\" srcset=\"https:\/\/www.monta\u00f1asdelaluna.es\/wp-content\/uploads\/2017\/02\/IMG_3286.jpg 1824w, https:\/\/www.monta\u00f1asdelaluna.es\/wp-content\/uploads\/2017\/02\/IMG_3286-300x225.jpg 300w, https:\/\/www.monta\u00f1asdelaluna.es\/wp-content\/uploads\/2017\/02\/IMG_3286-1024x768.jpg 1024w\" sizes=\"auto, (max-width: 1824px) 100vw, 1824px\" \/><\/a><p id=\"caption-attachment-35777\" class=\"wp-caption-text\">Caselles bajo el Morral de Caselles<\/p><\/div>\n<div id=\"attachment_35776\" style=\"width: 1834px\" class=\"wp-caption aligncenter\"><a class=\"dt-single-image\" href=\"https:\/\/www.monta\u00f1asdelaluna.es\/wp-content\/uploads\/2017\/02\/IMG_3284.jpg\" data-dt-img-description=\"\"><img loading=\"lazy\" decoding=\"async\" aria-describedby=\"caption-attachment-35776\" class=\"wp-image-35776 size-full\" src=\"https:\/\/www.monta\u00f1asdelaluna.es\/wp-content\/uploads\/2017\/02\/IMG_3284.jpg\" alt=\"Delante Caselles y el Morral de Caselles a la izquierda\" width=\"1824\" height=\"1024\" srcset=\"https:\/\/www.monta\u00f1asdelaluna.es\/wp-content\/uploads\/2017\/02\/IMG_3284.jpg 1824w, https:\/\/www.monta\u00f1asdelaluna.es\/wp-content\/uploads\/2017\/02\/IMG_3284-300x168.jpg 300w, https:\/\/www.monta\u00f1asdelaluna.es\/wp-content\/uploads\/2017\/02\/IMG_3284-1024x575.jpg 1024w\" sizes=\"auto, (max-width: 1824px) 100vw, 1824px\" \/><\/a><p id=\"caption-attachment-35776\" class=\"wp-caption-text\">Delante Caselles y el Morral de Caselles a la izquierda<\/p><\/div>\n<p>Entonces el pasado y frio domingo 5 de marzo sal\u00ed en solitario en busca de la Sierra de Cabrera. Como voy solo quer\u00eda hacer el recorrido r\u00e1pido o entreteni\u00e9ndome poco, eso s\u00ed, sin dejar de hacer fotos. Pero no me dar\u00e1 tiempo de visitar La Foradada y ver como cae el gran caudal de agua del Torrent de La Rotllada, tambi\u00e9n llamada Riera de La Gorga, aguas que vienen de las laderas de la Sierra de Cabrera, ya que quiero llegar a comer a casa, a menos sobre las 3 de la tarde. As\u00ed que cojo la carretera en busca de las afueras de Cantonigr\u00f2s.<\/p>\n<p>Llego al punto donde sale el camino de Aiats desde la carretera, a la izquierda de la misma y antes de cruzar el puentecillo del mismo Torrent d\u2019Aiats. Esta vez en lugar de aparcar en el Restaurante de Can Punt\u00ed como en el relato <a href=\"https:\/\/www.monta\u00f1asdelaluna.es\/?p=25752\" target=\"_blank\" rel=\"noopener\">Santuario y Sierra de Cabrera<\/a>, prefiero buscar un rinconcito en el camino que ya nos lleva a Aiats. No es recomendable pues no hay mucho sitio, y los pocos ya est\u00e1n ocupados. Tengo que aparcar el coche en un punto desde donde ya se comienza a ver el caser\u00edo de Caselles, justo en una bajada de la loma que queda a la izquierda y en el comienzo de prados o tierras de cultivo, dejo el coche casi volcado; solo cabe el m\u00edo.<\/p>\n<div id=\"attachment_35780\" style=\"width: 1834px\" class=\"wp-caption aligncenter\"><a class=\"dt-single-image\" href=\"https:\/\/www.monta\u00f1asdelaluna.es\/wp-content\/uploads\/2017\/02\/IMG_3291.jpg\" data-dt-img-description=\"\"><img loading=\"lazy\" decoding=\"async\" aria-describedby=\"caption-attachment-35780\" class=\"wp-image-35780 size-full\" src=\"https:\/\/www.monta\u00f1asdelaluna.es\/wp-content\/uploads\/2017\/02\/IMG_3291.jpg\" alt=\"Llegando a Aiats, el Puig Flubiol delante\" width=\"1824\" height=\"1368\" srcset=\"https:\/\/www.monta\u00f1asdelaluna.es\/wp-content\/uploads\/2017\/02\/IMG_3291.jpg 1824w, https:\/\/www.monta\u00f1asdelaluna.es\/wp-content\/uploads\/2017\/02\/IMG_3291-300x225.jpg 300w, https:\/\/www.monta\u00f1asdelaluna.es\/wp-content\/uploads\/2017\/02\/IMG_3291-1024x768.jpg 1024w\" sizes=\"auto, (max-width: 1824px) 100vw, 1824px\" \/><\/a><p id=\"caption-attachment-35780\" class=\"wp-caption-text\">Llegando a Aiats, el Puig Flubiol delante<\/p><\/div>\n<div id=\"attachment_35782\" style=\"width: 1034px\" class=\"wp-caption aligncenter\"><a class=\"dt-single-image\" href=\"https:\/\/www.monta\u00f1asdelaluna.es\/wp-content\/uploads\/2017\/02\/IMG_3293.jpg\" data-dt-img-description=\"\"><img loading=\"lazy\" decoding=\"async\" aria-describedby=\"caption-attachment-35782\" class=\"wp-image-35782 size-large\" src=\"https:\/\/www.monta\u00f1asdelaluna.es\/wp-content\/uploads\/2017\/02\/IMG_3293-1024x768.jpg\" alt=\"Aiats\" width=\"1024\" height=\"768\" srcset=\"https:\/\/www.monta\u00f1asdelaluna.es\/wp-content\/uploads\/2017\/02\/IMG_3293-1024x768.jpg 1024w, https:\/\/www.monta\u00f1asdelaluna.es\/wp-content\/uploads\/2017\/02\/IMG_3293-300x225.jpg 300w, https:\/\/www.monta\u00f1asdelaluna.es\/wp-content\/uploads\/2017\/02\/IMG_3293.jpg 1824w\" sizes=\"auto, (max-width: 1024px) 100vw, 1024px\" \/><\/a><p id=\"caption-attachment-35782\" class=\"wp-caption-text\">Aiats<\/p><\/div>\n<p>Comienzo a caminar siguiendo el recorrido realizado en el relato <a href=\"https:\/\/www.monta\u00f1asdelaluna.es\/?p=25752\" target=\"_blank\" rel=\"noopener\">Santuario y Sierra de Cabrera,<\/a> y no lo dejar\u00e9 hasta llegar al mirador hacia el sur por encima de la magn\u00edfica pared y precipicio del Pla d\u2019Aiats, del alto Pla d\u2019Aiats. No tiene p\u00e9rdida si sigo las indicaciones del relato. Paso por el gran caser\u00f3n de Aiats y paso junto a sus paredes para pasar justo a la parte de atr\u00e1s. Hay un hombre y una mujer hablando, para disimular y que vean que mis intenciones son buenas, pregunto si por aqu\u00ed hay un camino que sube al Pla d\u2019Aiats. Me indica la mujer que s\u00ed, \u201cjust per darrera d\u2019aquella alzina tan gran\u201d. As\u00ed que subo por el pradillo detr\u00e1s de la casa en busca de esa encina tan grande. Y efectivamente, detr\u00e1s de la gran encina aparece un hito (seguidos de otros) y un senderillo. Por aqu\u00ed se sube. Ya me acordaba de la primera vez, pero no est\u00e1 de m\u00e1s preguntar y asegurarme.<\/p>\n<p>Despu\u00e9s de la senda escarpada, empinada por el bosquecillo, el pasillo de roca tan curioso y la subida en zigzag por el corto hayedo, llego a la explanada de Aiats. Dejo la casa arruinada de Cabanes d\u2019Aiats y la salida del hayedo atr\u00e1s y sigo por la senda hacia la derecha y sur, en busca del magn\u00edfico mirador sureste del Pla d\u2019Aiats. A partir del hayedo la nieve comienza a cubrir todo el suelo. Hace mucho fr\u00edo y tengo que ponerme el Salewa que me compr\u00e9 hace poco. No es muy normal que caiga nieve en estas monta\u00f1as, pero ayer hizo fr\u00edo a la vez que pasaba un frente.<\/p>\n<div id=\"attachment_35790\" style=\"width: 1034px\" class=\"wp-caption aligncenter\"><a class=\"dt-single-image\" href=\"https:\/\/www.monta\u00f1asdelaluna.es\/wp-content\/uploads\/2017\/02\/IMG_3303.jpg\" data-dt-img-description=\"\"><img loading=\"lazy\" decoding=\"async\" aria-describedby=\"caption-attachment-35790\" class=\"wp-image-35790 size-large\" src=\"https:\/\/www.monta\u00f1asdelaluna.es\/wp-content\/uploads\/2017\/02\/IMG_3303-1024x768.jpg\" alt=\"Cabanes d'Aiats en Pla d'Aiats\" width=\"1024\" height=\"768\" srcset=\"https:\/\/www.monta\u00f1asdelaluna.es\/wp-content\/uploads\/2017\/02\/IMG_3303-1024x768.jpg 1024w, https:\/\/www.monta\u00f1asdelaluna.es\/wp-content\/uploads\/2017\/02\/IMG_3303-300x225.jpg 300w, https:\/\/www.monta\u00f1asdelaluna.es\/wp-content\/uploads\/2017\/02\/IMG_3303.jpg 1824w\" sizes=\"auto, (max-width: 1024px) 100vw, 1024px\" \/><\/a><p id=\"caption-attachment-35790\" class=\"wp-caption-text\">Cabanes d&#8217;Aiats en Pla d&#8217;Aiats<\/p><\/div>\n<div id=\"attachment_35792\" style=\"width: 1834px\" class=\"wp-caption aligncenter\"><a class=\"dt-single-image\" href=\"https:\/\/www.monta\u00f1asdelaluna.es\/wp-content\/uploads\/2017\/02\/IMG_3308.jpg\" data-dt-img-description=\"\"><img loading=\"lazy\" decoding=\"async\" aria-describedby=\"caption-attachment-35792\" class=\"wp-image-35792 size-full\" src=\"https:\/\/www.monta\u00f1asdelaluna.es\/wp-content\/uploads\/2017\/02\/IMG_3308.jpg\" alt=\"Vistas desde el mirador de Pla d'Aiats: abajo el Montcau, Puig del Bac y al fondo el Montseny\" width=\"1824\" height=\"1368\" srcset=\"https:\/\/www.monta\u00f1asdelaluna.es\/wp-content\/uploads\/2017\/02\/IMG_3308.jpg 1824w, https:\/\/www.monta\u00f1asdelaluna.es\/wp-content\/uploads\/2017\/02\/IMG_3308-300x225.jpg 300w, https:\/\/www.monta\u00f1asdelaluna.es\/wp-content\/uploads\/2017\/02\/IMG_3308-1024x768.jpg 1024w\" sizes=\"auto, (max-width: 1824px) 100vw, 1824px\" \/><\/a><p id=\"caption-attachment-35792\" class=\"wp-caption-text\">Vistas desde el mirador de Pla d&#8217;Aiats: abajo el Montcau, Puig del Bac y al fondo el Montseny<\/p><\/div>\n<p>El d\u00eda es muy soleado pero arrec\u00eda el viento, y es un viento muy fr\u00edo, g\u00e9lido, sobre todo cuando llego al espectacular mirador, borde del precipicio, arriba de la vertical y gris\u00e1cea pared sur de la Sierra de Cabrera. De nuevo las vistas son incre\u00edbles, verdes, majestuosas\u2026 es el sur del Collsacabra, al otro lado veo las monta\u00f1as de Les Guilleries, el Montseny al fondo\u2026 estupendo. Sigue haciendo mucho fr\u00edo con el fuerte viento del noroeste; me tengo que poner el gorro y los guantes. Hoy hay pocas visitas al mirador\u2026 tres personas llegan, y como llegan se van.<\/p>\n<p>Ahora quiero salirme de la ruta del relato nombrado y llegar a la parte m\u00e1s alta del Pla d\u2019Aiats. Seg\u00fan el Alpina est\u00e1 muy cerca, solo debo girar a la izquierda por la marcada senda hasta la parte m\u00e1s alta de la misma, entre otro estupendo hayedo, y llego sin darme cuenta al Pla Xic (1.312 mts.). S\u00e9 que estoy en el punto m\u00e1s alto porque enseguida la senda comienza a bajar por el hayedo. Me acerco a un mirador a la derecha casi de nuevo en el filo de un precipicio y veo otro paisaje fascinante: todo el este de la provincia de Girona, desde el Macizo de Les Salines, Cap de Creus\u2026 El Far, Les Guilleries\u2026 Extraordinario. Llega una pareja por el empinado sendero que sigue hacia abajo, en direcci\u00f3n al Puig Sabastida: me ven solo y comenzamos una charla. Son Nuria y Ram\u00f3n. Y los tres decidimos coger la senda, desandar lo que yo hab\u00eda andado, y seguir hasta el Santuario de Cabrera. De nuevo seguimos el relato de <a href=\"https:\/\/www.monta\u00f1asdelaluna.es\/?p=25752\" target=\"_blank\" rel=\"noopener\">Santuario y Sierra de Cabrera<\/a> para, desde Pla d\u2019Aiats llegar al nombrado santuario.<\/p>\n<div id=\"attachment_35795\" style=\"width: 1834px\" class=\"wp-caption aligncenter\"><a class=\"dt-single-image\" href=\"https:\/\/www.monta\u00f1asdelaluna.es\/wp-content\/uploads\/2017\/02\/IMG_3311.jpg\" data-dt-img-description=\"\"><img loading=\"lazy\" decoding=\"async\" aria-describedby=\"caption-attachment-35795\" class=\"wp-image-35795 size-full\" src=\"https:\/\/www.monta\u00f1asdelaluna.es\/wp-content\/uploads\/2017\/02\/IMG_3311.jpg\" alt=\"Hayedo en Pla Xic, 1.312 mts.\" width=\"1824\" height=\"1368\" srcset=\"https:\/\/www.monta\u00f1asdelaluna.es\/wp-content\/uploads\/2017\/02\/IMG_3311.jpg 1824w, https:\/\/www.monta\u00f1asdelaluna.es\/wp-content\/uploads\/2017\/02\/IMG_3311-300x225.jpg 300w, https:\/\/www.monta\u00f1asdelaluna.es\/wp-content\/uploads\/2017\/02\/IMG_3311-1024x768.jpg 1024w\" sizes=\"auto, (max-width: 1824px) 100vw, 1824px\" \/><\/a><p id=\"caption-attachment-35795\" class=\"wp-caption-text\">Hayedo en Pla Xic, 1.312 mts.<\/p><\/div>\n<div id=\"attachment_35802\" style=\"width: 1034px\" class=\"wp-caption aligncenter\"><a class=\"dt-single-image\" href=\"https:\/\/www.monta\u00f1asdelaluna.es\/wp-content\/uploads\/2017\/02\/IMG_3322.jpg\" data-dt-img-description=\"\"><img loading=\"lazy\" decoding=\"async\" aria-describedby=\"caption-attachment-35802\" class=\"wp-image-35802 size-large\" src=\"https:\/\/www.monta\u00f1asdelaluna.es\/wp-content\/uploads\/2017\/02\/IMG_3322-1024x768.jpg\" alt=\"Coll de Bram y las escaleras de subida al Santuario de Cabrera\" width=\"1024\" height=\"768\" srcset=\"https:\/\/www.monta\u00f1asdelaluna.es\/wp-content\/uploads\/2017\/02\/IMG_3322-1024x768.jpg 1024w, https:\/\/www.monta\u00f1asdelaluna.es\/wp-content\/uploads\/2017\/02\/IMG_3322-300x225.jpg 300w, https:\/\/www.monta\u00f1asdelaluna.es\/wp-content\/uploads\/2017\/02\/IMG_3322.jpg 1824w\" sizes=\"auto, (max-width: 1024px) 100vw, 1024px\" \/><\/a><p id=\"caption-attachment-35802\" class=\"wp-caption-text\">Coll de Bram y las escaleras de subida al Santuario de Cabrera<\/p><\/div>\n<p>Despu\u00e9s de Pla d\u2019Aiats la senda hace cambios de direcci\u00f3n por el lado izquierdo, se interna en un trozo de otro estupendo hayedo, baja algo\u2026 y llega a un colladito que seg\u00fan el mapa es el Coll de Bram (1.179 mts.). Aqu\u00ed llega otra senda que tambi\u00e9n baja a Aiats y a la Font Negra. Desde este collado seguimos por el lado este de la monta\u00f1a, escarpada y vertical, que atraviesa la senda hasta llegar a otro collado, m\u00e1s amplio, al que tambi\u00e9n llega un camino y hay carteles informativos. Seg\u00fan el Alpina es el Collet de Cabrera. Pero en los cartelitos pone Coll de Bram (1.171 mts.).<\/p>\n<p>Enfrente tenemos la tremenda subida al pe\u00f1asco del Santuario de Cabrera. Las famosas escaleras que hacen zigzag en las verticales vertientes del pe\u00f1asco. Arriba, de nuevo visito el santuario. Hago fotos de nuevo. Espero a Nuria y Ram\u00f3n que se retrasan un poco. Entro dentro del templo, le hago fotos. Los neveros alrededor de la construcci\u00f3n le dan un toque buc\u00f3lico, \u00e9pico.<\/p>\n<div id=\"attachment_35806\" style=\"width: 1834px\" class=\"wp-caption aligncenter\"><a class=\"dt-single-image\" href=\"https:\/\/www.monta\u00f1asdelaluna.es\/wp-content\/uploads\/2017\/02\/IMG_3329.jpg\" data-dt-img-description=\"\"><img loading=\"lazy\" decoding=\"async\" aria-describedby=\"caption-attachment-35806\" class=\"wp-image-35806 size-full\" src=\"https:\/\/www.monta\u00f1asdelaluna.es\/wp-content\/uploads\/2017\/02\/IMG_3329.jpg\" alt=\"A la derecha Puig del Llop, en el centro monta\u00f1a del Pla d'Aiats y detr\u00e1s a la izquierda Puig Sabastida\" width=\"1824\" height=\"1368\" srcset=\"https:\/\/www.monta\u00f1asdelaluna.es\/wp-content\/uploads\/2017\/02\/IMG_3329.jpg 1824w, https:\/\/www.monta\u00f1asdelaluna.es\/wp-content\/uploads\/2017\/02\/IMG_3329-300x225.jpg 300w, https:\/\/www.monta\u00f1asdelaluna.es\/wp-content\/uploads\/2017\/02\/IMG_3329-1024x768.jpg 1024w\" sizes=\"auto, (max-width: 1824px) 100vw, 1824px\" \/><\/a><p id=\"caption-attachment-35806\" class=\"wp-caption-text\">A la derecha Puig del Llop, en el centro monta\u00f1a del Pla d&#8217;Aiats y detr\u00e1s a la izquierda Puig Sabastida<\/p><\/div>\n<div id=\"attachment_35811\" style=\"width: 1834px\" class=\"wp-caption aligncenter\"><a class=\"dt-single-image\" href=\"https:\/\/www.monta\u00f1asdelaluna.es\/wp-content\/uploads\/2017\/02\/IMG_3338.jpg\" data-dt-img-description=\"\"><img loading=\"lazy\" decoding=\"async\" aria-describedby=\"caption-attachment-35811\" class=\"wp-image-35811 size-full\" src=\"https:\/\/www.monta\u00f1asdelaluna.es\/wp-content\/uploads\/2017\/02\/IMG_3338.jpg\" alt=\"Santuario de Cabrera\" width=\"1824\" height=\"1368\" srcset=\"https:\/\/www.monta\u00f1asdelaluna.es\/wp-content\/uploads\/2017\/02\/IMG_3338.jpg 1824w, https:\/\/www.monta\u00f1asdelaluna.es\/wp-content\/uploads\/2017\/02\/IMG_3338-300x225.jpg 300w, https:\/\/www.monta\u00f1asdelaluna.es\/wp-content\/uploads\/2017\/02\/IMG_3338-1024x768.jpg 1024w\" sizes=\"auto, (max-width: 1824px) 100vw, 1824px\" \/><\/a><p id=\"caption-attachment-35811\" class=\"wp-caption-text\">Santuario de Cabrera<\/p><\/div>\n<p>Ya han llegado Ram\u00f3n y Nuria. Decidimos ir al lugar donde est\u00e1 el eje geod\u00e9sico de la Sierra de Cabrera, donde existen las ruinas de una torre\u2026 o vestigios de un antiguo castillo, es el Castell de Cabrera. El recorrido es encantador: por ese gran pasillo de roca plana en la misma cima de la monta\u00f1a, con miradores a los lados y con las incre\u00edbles vistas y paisajes que desde aqu\u00ed se contemplan\u2026 al norte aparece la muralla de roca gris del Puigsacalm, y m\u00e1s al fondo, entre los \u00e1rboles de los bosques de la siguiente monta\u00f1a m\u00e1s al norte de la Sierra de Cabrera, en lo que llaman el Pla del Prat, las nieves lejanas del Pirineo Oriental.<\/p>\n<p>F\u00e1cilmente llegamos al lugar. No parece un pico ni una altura, solo un apartado en la plana cumbre de la Sierra de Cabrera. Una placa met\u00e1lica en un pilar de hormig\u00f3n dibuja los perfiles del paisaje y nos indica que es lo que vemos, reflejado en el dibujo. Estamos en los 1.308 mts. del pico de Cabrera. Es el eje geod\u00e9sico de la sierra. Aqu\u00ed me despido de Nuria y Ram\u00f3n, yo decido seguir la senda y recorrido hacia el norte, hacia mi siguiente objetivo que no sale en el relato de <a href=\"https:\/\/www.monta\u00f1asdelaluna.es\/?p=25752\" target=\"_blank\" rel=\"noopener\">Santuario y Sierra de Cabrera<\/a>, buscando la parte m\u00e1s alta de todo el conjunto monta\u00f1oso de la misma sierra: el Pla del Prat. Espero que me d\u00e9 tiempo para regresar a comer a casa al mediod\u00eda\u2026<\/p>\n<div id=\"attachment_35813\" style=\"width: 1034px\" class=\"wp-caption aligncenter\"><a class=\"dt-single-image\" href=\"https:\/\/www.monta\u00f1asdelaluna.es\/wp-content\/uploads\/2017\/02\/IMG_3341.jpg\" data-dt-img-description=\"\"><img loading=\"lazy\" decoding=\"async\" aria-describedby=\"caption-attachment-35813\" class=\"wp-image-35813 size-large\" src=\"https:\/\/www.monta\u00f1asdelaluna.es\/wp-content\/uploads\/2017\/02\/IMG_3341-1024x768.jpg\" alt=\"Santuario de Cabrera\" width=\"1024\" height=\"768\" srcset=\"https:\/\/www.monta\u00f1asdelaluna.es\/wp-content\/uploads\/2017\/02\/IMG_3341-1024x768.jpg 1024w, https:\/\/www.monta\u00f1asdelaluna.es\/wp-content\/uploads\/2017\/02\/IMG_3341-300x225.jpg 300w, https:\/\/www.monta\u00f1asdelaluna.es\/wp-content\/uploads\/2017\/02\/IMG_3341.jpg 1824w\" sizes=\"auto, (max-width: 1024px) 100vw, 1024px\" \/><\/a><p id=\"caption-attachment-35813\" class=\"wp-caption-text\">Santuario de Cabrera<\/p><\/div>\n<div id=\"attachment_35816\" style=\"width: 1034px\" class=\"wp-caption aligncenter\"><a class=\"dt-single-image\" href=\"https:\/\/www.monta\u00f1asdelaluna.es\/wp-content\/uploads\/2017\/02\/IMG_3345.jpg\" data-dt-img-description=\"\"><img loading=\"lazy\" decoding=\"async\" aria-describedby=\"caption-attachment-35816\" class=\"wp-image-35816 size-large\" src=\"https:\/\/www.monta\u00f1asdelaluna.es\/wp-content\/uploads\/2017\/02\/IMG_3345-1024x768.jpg\" alt=\"El paso de l'Osca\" width=\"1024\" height=\"768\" srcset=\"https:\/\/www.monta\u00f1asdelaluna.es\/wp-content\/uploads\/2017\/02\/IMG_3345-1024x768.jpg 1024w, https:\/\/www.monta\u00f1asdelaluna.es\/wp-content\/uploads\/2017\/02\/IMG_3345-300x225.jpg 300w, https:\/\/www.monta\u00f1asdelaluna.es\/wp-content\/uploads\/2017\/02\/IMG_3345.jpg 1824w\" sizes=\"auto, (max-width: 1024px) 100vw, 1024px\" \/><\/a><p id=\"caption-attachment-35816\" class=\"wp-caption-text\">El paso de l&#8217;Osca<\/p><\/div>\n<p>Solo tengo que seguir la senda por detr\u00e1s de las ruinas de la torre, algo en bajada, y enseguida llego a un paso de roca seguido de un pasillito en una pared de la siguiente monta\u00f1a. Estoy atravesando lo que llaman l\u2019Osca. Es f\u00e1cil y entretenido. Corto recorrido que te sube a otra llana cima de la siguiente monta\u00f1a. La anterior vez que visit\u00e9 la cima de Cabrera, se ve\u00eda el paso de l\u2019Osca como algo m\u00e1s complicado y lejano; vi\u00e9ndose la gente al otro lado como diminutos gnomos entre los escarpes de una gran monta\u00f1a\u2026 pero nada de eso\u2026 en pocos minutos ya atravieso el paso y ya estoy en la casi horizontal senda en la cima del Pla del Prat.<\/p>\n<p>La senda y recorrido se interna por los bosques, estupendos hayedos y pocos espacios abiertos del mismo Pla del Prat, con lo que al mirar el Alpina comprendo que no sabr\u00e9 llegar al punto culminante de 1.316 metros, pero que pasar\u00e9 muy cerca. No quiero perder tiempo buscando dicho punto y decido seguir la senda. El recorrido de la senda va haciendo un giro a medida que va recorri\u00e9ndose el llano de Pla del Prat, de norte a noroeste y oeste, hasta que llego a una zona de grandes y bellas hayas.<\/p>\n<div id=\"attachment_35818\" style=\"width: 1034px\" class=\"wp-caption aligncenter\"><a class=\"dt-single-image\" href=\"https:\/\/www.monta\u00f1asdelaluna.es\/wp-content\/uploads\/2017\/02\/IMG_3347.jpg\" data-dt-img-description=\"\"><img loading=\"lazy\" decoding=\"async\" aria-describedby=\"caption-attachment-35818\" class=\"wp-image-35818 size-large\" src=\"https:\/\/www.monta\u00f1asdelaluna.es\/wp-content\/uploads\/2017\/02\/IMG_3347-1024x768.jpg\" alt=\"Hayedos del Pla del Prat\" width=\"1024\" height=\"768\" srcset=\"https:\/\/www.monta\u00f1asdelaluna.es\/wp-content\/uploads\/2017\/02\/IMG_3347-1024x768.jpg 1024w, https:\/\/www.monta\u00f1asdelaluna.es\/wp-content\/uploads\/2017\/02\/IMG_3347-300x225.jpg 300w, https:\/\/www.monta\u00f1asdelaluna.es\/wp-content\/uploads\/2017\/02\/IMG_3347.jpg 1824w\" sizes=\"auto, (max-width: 1024px) 100vw, 1024px\" \/><\/a><p id=\"caption-attachment-35818\" class=\"wp-caption-text\">Hayedos del Pla del Prat<\/p><\/div>\n<div id=\"attachment_35824\" style=\"width: 1834px\" class=\"wp-caption aligncenter\"><a class=\"dt-single-image\" href=\"https:\/\/www.monta\u00f1asdelaluna.es\/wp-content\/uploads\/2017\/02\/IMG_3356.jpg\" data-dt-img-description=\"\"><img loading=\"lazy\" decoding=\"async\" aria-describedby=\"caption-attachment-35824\" class=\"wp-image-35824 size-full\" src=\"https:\/\/www.monta\u00f1asdelaluna.es\/wp-content\/uploads\/2017\/02\/IMG_3356.jpg\" alt=\"Bajando a Sant Juli\u00e0 de Cabrea por La Serrica\" width=\"1824\" height=\"1368\" srcset=\"https:\/\/www.monta\u00f1asdelaluna.es\/wp-content\/uploads\/2017\/02\/IMG_3356.jpg 1824w, https:\/\/www.monta\u00f1asdelaluna.es\/wp-content\/uploads\/2017\/02\/IMG_3356-300x225.jpg 300w, https:\/\/www.monta\u00f1asdelaluna.es\/wp-content\/uploads\/2017\/02\/IMG_3356-1024x768.jpg 1024w\" sizes=\"auto, (max-width: 1824px) 100vw, 1824px\" \/><\/a><p id=\"caption-attachment-35824\" class=\"wp-caption-text\">Bajando a Sant Juli\u00e0 de Cabrea por La Serrica<\/p><\/div>\n<p>He decidido no parar a comer, as\u00ed que saco el bocadillo y me lo voy comiendo a medida que voy caminando (decididamente no es muy sano comer y caminar a la vez). Me encuentro con grupos de gente, no tan monta\u00f1eros y con m\u00e1s pinta de domingueros algunos, aquellos que creen a donde van pero no tienen conciencia del camino. Hay \u00e1rboles y ramas ca\u00eddas por los alrededores, alguno tapa y entorpece el caminar por la senda y hay que rodearlo. En el pasado Pla d\u2019Aiats tambi\u00e9n nos hemos encontrado \u00e1rboles ca\u00eddos, alguno de ellos justo en plena senda\u2026 \u00a1\u00bfHabr\u00e1 sido alg\u00fan fuerte viento de d\u00edas pasados?!<\/p>\n<p>Caminando por la senda entre algunos neveros y magn\u00edficos ejemplares de hayedos que fotograf\u00edo, veo como se interna hacia abajo por una especie de embudo a la vez que gira hac\u00eda el sur, suroeste. Estoy entrando en La Serrica, un paso por entre los precipicios y vertientes verticales de las paredes de esta parte de la monta\u00f1a, que miran al vallecillo donde se encuentra Sant Juli\u00e0 de Cabrera, al oeste de toda la alineaci\u00f3n de la misma sierra. Me encuentro m\u00e1s gente que sube por aqu\u00ed\u2026 \u00a1\u00bfEs que no madrugan para venir a la monta\u00f1a?! Esta gente ha dejado el coche en Sant Juli\u00e0 de Cabrera y suben por aqu\u00ed, quiz\u00e1s en busca del Santuario de Cabrera. La senda se vuelve abrupta a la vez que parece intenta meterse por un barranco. En algunos tramos incluso han puesto algunos hierros para ayudar a pasarlos sin resbalarte si la roca est\u00e1 mojada.<\/p>\n<div id=\"attachment_35827\" style=\"width: 1834px\" class=\"wp-caption aligncenter\"><a class=\"dt-single-image\" href=\"https:\/\/www.monta\u00f1asdelaluna.es\/wp-content\/uploads\/2017\/02\/IMG_3359.jpg\" data-dt-img-description=\"\"><img loading=\"lazy\" decoding=\"async\" aria-describedby=\"caption-attachment-35827\" class=\"wp-image-35827 size-full\" src=\"https:\/\/www.monta\u00f1asdelaluna.es\/wp-content\/uploads\/2017\/02\/IMG_3359.jpg\" alt=\"Atr\u00e1s quedan las paredes de La Serrica\" width=\"1824\" height=\"1024\" srcset=\"https:\/\/www.monta\u00f1asdelaluna.es\/wp-content\/uploads\/2017\/02\/IMG_3359.jpg 1824w, https:\/\/www.monta\u00f1asdelaluna.es\/wp-content\/uploads\/2017\/02\/IMG_3359-300x168.jpg 300w, https:\/\/www.monta\u00f1asdelaluna.es\/wp-content\/uploads\/2017\/02\/IMG_3359-1024x575.jpg 1024w\" sizes=\"auto, (max-width: 1824px) 100vw, 1824px\" \/><\/a><p id=\"caption-attachment-35827\" class=\"wp-caption-text\">Atr\u00e1s quedan las paredes de La Serrica<\/p><\/div>\n<div id=\"attachment_35830\" style=\"width: 1034px\" class=\"wp-caption aligncenter\"><a class=\"dt-single-image\" href=\"https:\/\/www.monta\u00f1asdelaluna.es\/wp-content\/uploads\/2017\/02\/IMG_3364.jpg\" data-dt-img-description=\"\"><img loading=\"lazy\" decoding=\"async\" aria-describedby=\"caption-attachment-35830\" class=\"wp-image-35830 size-large\" src=\"https:\/\/www.monta\u00f1asdelaluna.es\/wp-content\/uploads\/2017\/02\/IMG_3364-1024x768.jpg\" alt=\"Sant Juli\u00e0 de Cabrera\" width=\"1024\" height=\"768\" srcset=\"https:\/\/www.monta\u00f1asdelaluna.es\/wp-content\/uploads\/2017\/02\/IMG_3364-1024x768.jpg 1024w, https:\/\/www.monta\u00f1asdelaluna.es\/wp-content\/uploads\/2017\/02\/IMG_3364-300x225.jpg 300w, https:\/\/www.monta\u00f1asdelaluna.es\/wp-content\/uploads\/2017\/02\/IMG_3364.jpg 1824w\" sizes=\"auto, (max-width: 1024px) 100vw, 1024px\" \/><\/a><p id=\"caption-attachment-35830\" class=\"wp-caption-text\">Sant Juli\u00e0 de Cabrera<\/p><\/div>\n<p>La senda sale del barranquito pero sigue en zigzag bastante inclinada, el desnivel es considerable. Cerca de la salida de la senda, llegando a los prados que rodean Sant Juli\u00e0 de Cabrera, me encuentro con una pareja de mediana edad que me pregunta por la subida\u2026 \u201cVamos al Santuario\u201d, \u201c\u00bfPor aqu\u00ed? Os queda hora y media\u201d Resulta que como ve\u00edan subir a gente que iba al Santuario por aqu\u00ed, pues les segu\u00edan. Pero algunos giraban a la derecha, antes de internarse en los escarpes de la sierra, buscando los bosques y vertientes que est\u00e1n justo debajo de la monta\u00f1a donde se encuentra el Santuario. Es un G.R., \u201cPor all\u00ed se sube m\u00e1s r\u00e1pido y os ahorr\u00e1is m\u00ednimo media hora\u201d. Con lo que al final se bajan medio sigui\u00e9ndome, y justo en los prados antes de llegar a Sant Juli\u00e0, les indico a la izquierda unos hitos y gente que aparece de entre los \u00e1rboles y que posiblemente sea el G.R. que sube al Coll de Bram. Me dan las gracias y yo llego hasta las paredes y entorno de Sant Juli\u00e0 de Cabrera.<\/p>\n<p>Curioseo por los alrededores. Miro el camino de bajada y fotograf\u00edo la monta\u00f1a. Ya hace m\u00e1s calorcillo; el fr\u00edo se ha ido y aqu\u00ed abajo no hace viento. El d\u00eda ahora es claro y radiante, soleado y tranquilo. Miro el mapa Alpina, debo seguir hac\u00eda donde dej\u00e9 el coche por el camino m\u00e1s corto pero sin subir de nuevo a la sierra. El Alpina me lo deja claro: por La Tuta, el Collet de Les Esqueroses hasta Caselles. El recorrido sigue justo toda la vertiente oeste de la Sierra de Cabrera a media altura o menos, sin subir m\u00e1s que a los sitios nombrados antes. Espero no perderme.<\/p>\n<div id=\"attachment_35832\" style=\"width: 1834px\" class=\"wp-caption aligncenter\"><a class=\"dt-single-image\" href=\"https:\/\/www.monta\u00f1asdelaluna.es\/wp-content\/uploads\/2017\/02\/IMG_3367.jpg\" data-dt-img-description=\"\"><img loading=\"lazy\" decoding=\"async\" aria-describedby=\"caption-attachment-35832\" class=\"wp-image-35832 size-full\" src=\"https:\/\/www.monta\u00f1asdelaluna.es\/wp-content\/uploads\/2017\/02\/IMG_3367.jpg\" alt=\"Sigo las marcas azules en direcci\u00f3n a la Sierra de Cabrera dejando atr\u00e1s a Sant Juli\u00e0 de Cabrera\" width=\"1824\" height=\"1368\" srcset=\"https:\/\/www.monta\u00f1asdelaluna.es\/wp-content\/uploads\/2017\/02\/IMG_3367.jpg 1824w, https:\/\/www.monta\u00f1asdelaluna.es\/wp-content\/uploads\/2017\/02\/IMG_3367-300x225.jpg 300w, https:\/\/www.monta\u00f1asdelaluna.es\/wp-content\/uploads\/2017\/02\/IMG_3367-1024x768.jpg 1024w\" sizes=\"auto, (max-width: 1824px) 100vw, 1824px\" \/><\/a><p id=\"caption-attachment-35832\" class=\"wp-caption-text\">Sigo las marcas azules en direcci\u00f3n a la Sierra de Cabrera dejando atr\u00e1s a Sant Juli\u00e0 de Cabrera<\/p><\/div>\n<div id=\"attachment_35833\" style=\"width: 1034px\" class=\"wp-caption aligncenter\"><a class=\"dt-single-image\" href=\"https:\/\/www.monta\u00f1asdelaluna.es\/wp-content\/uploads\/2017\/02\/IMG_3368.jpg\" data-dt-img-description=\"\"><img loading=\"lazy\" decoding=\"async\" aria-describedby=\"caption-attachment-35833\" class=\"wp-image-35833 size-large\" src=\"https:\/\/www.monta\u00f1asdelaluna.es\/wp-content\/uploads\/2017\/02\/IMG_3368-1024x768.jpg\" alt=\"Camino de La Tuta siguiendo las marcas azules\" width=\"1024\" height=\"768\" srcset=\"https:\/\/www.monta\u00f1asdelaluna.es\/wp-content\/uploads\/2017\/02\/IMG_3368-1024x768.jpg 1024w, https:\/\/www.monta\u00f1asdelaluna.es\/wp-content\/uploads\/2017\/02\/IMG_3368-300x225.jpg 300w, https:\/\/www.monta\u00f1asdelaluna.es\/wp-content\/uploads\/2017\/02\/IMG_3368.jpg 1824w\" sizes=\"auto, (max-width: 1024px) 100vw, 1024px\" \/><\/a><p id=\"caption-attachment-35833\" class=\"wp-caption-text\">Camino de La Tuta siguiendo las marcas azules<\/p><\/div>\n<p>Salgo por detr\u00e1s de las casas de Sant Juli\u00e0 que salen en direcci\u00f3n a la sierra. Son prados verdes y no se distingue camino, hay enormes \u00e1rboles y unas cuantas vacas. Pero de repente comienzo a ver en el terreno marcas de color azul, y decido seguirlas. Casi al llegar al bosque veo un camino a la derecha que sigue paralelo a la sierra, las marcas azules se dirigen a \u00e9l y siguen por \u00e9l, y yo detr\u00e1s. Hay otras marcas de color amarillo, pero \u00e9stas se desv\u00edan llegados a un momento determinado hac\u00eda la izquierda y arriba, como si buscara un collado en la monta\u00f1a, el Coll de Bram.<\/p>\n<p>Yo sigo las marcas azules por camino y senda. No hay nadie en todo el recorrido. Cruzo zonas de hayedos y otras especies. Entre los ejemplares desnudos de hojas y raqu\u00edticas ramas observo all\u00e1 arriba la llamativa monta\u00f1a rodeada de paredes y precipicios como si fuera un gigantesco cubo en las alturas; justo arriba est\u00e1 el escondido Santuario de Cabrera. Es espectacular y magn\u00edfico.<\/p>\n<div id=\"attachment_35836\" style=\"width: 1834px\" class=\"wp-caption aligncenter\"><a class=\"dt-single-image\" href=\"https:\/\/www.monta\u00f1asdelaluna.es\/wp-content\/uploads\/2017\/02\/IMG_3371.jpg\" data-dt-img-description=\"\"><img loading=\"lazy\" decoding=\"async\" aria-describedby=\"caption-attachment-35836\" class=\"wp-image-35836 size-full\" src=\"https:\/\/www.monta\u00f1asdelaluna.es\/wp-content\/uploads\/2017\/02\/IMG_3371.jpg\" alt=\"La Tuta\" width=\"1824\" height=\"1368\" srcset=\"https:\/\/www.monta\u00f1asdelaluna.es\/wp-content\/uploads\/2017\/02\/IMG_3371.jpg 1824w, https:\/\/www.monta\u00f1asdelaluna.es\/wp-content\/uploads\/2017\/02\/IMG_3371-300x225.jpg 300w, https:\/\/www.monta\u00f1asdelaluna.es\/wp-content\/uploads\/2017\/02\/IMG_3371-1024x768.jpg 1024w\" sizes=\"auto, (max-width: 1824px) 100vw, 1824px\" \/><\/a><p id=\"caption-attachment-35836\" class=\"wp-caption-text\">La Tuta<\/p><\/div>\n<div id=\"attachment_35837\" style=\"width: 1834px\" class=\"wp-caption aligncenter\"><a class=\"dt-single-image\" href=\"https:\/\/www.monta\u00f1asdelaluna.es\/wp-content\/uploads\/2017\/02\/IMG_3374.jpg\" data-dt-img-description=\"\"><img loading=\"lazy\" decoding=\"async\" aria-describedby=\"caption-attachment-35837\" class=\"wp-image-35837 size-full\" src=\"https:\/\/www.monta\u00f1asdelaluna.es\/wp-content\/uploads\/2017\/02\/IMG_3374.jpg\" alt=\"En el centro la monta\u00f1a del Santuario de Cabrera, a la izquierda la monta\u00f1a del Pla del Prat y a la derecha se asoma el Puig del Llop\" width=\"1824\" height=\"1024\" srcset=\"https:\/\/www.monta\u00f1asdelaluna.es\/wp-content\/uploads\/2017\/02\/IMG_3374.jpg 1824w, https:\/\/www.monta\u00f1asdelaluna.es\/wp-content\/uploads\/2017\/02\/IMG_3374-300x168.jpg 300w, https:\/\/www.monta\u00f1asdelaluna.es\/wp-content\/uploads\/2017\/02\/IMG_3374-1024x575.jpg 1024w\" sizes=\"auto, (max-width: 1824px) 100vw, 1824px\" \/><\/a><p id=\"caption-attachment-35837\" class=\"wp-caption-text\">En el centro la monta\u00f1a del Santuario de Cabrera, a la izquierda la monta\u00f1a del Pla del Prat y a la derecha se asoma el Puig del Llop<\/p><\/div>\n<p>Aparece una construcci\u00f3n, unas casas entre hermosos \u00e1rboles. Parece una mas\u00eda solitaria, aislada, pero encantadora y tranquila. Es La Tuta. Pero el camino no pasa junto a las casas, sigo el mismo en direcci\u00f3n sur, paralelo a la sierra. El camino, senda, no sube ni baja, intenta mantenerse a una misma altura. Cerca de La Tuta hacia el sur llego al Collet de Les Esqueroses, a 963 mts., arriba de este lugar queda un pin\u00e1culo, un pe\u00f1asco con una cruz en su cima, arriba de una desplomada pared. Es una aguja, la Agullola de La Tuta.<\/p>\n<p>El camino gira un poco; hay que seguir por el mismo que sigue cruzando la ladera de la sierra. Hace una especie de giro sin bajar demasiado. Despu\u00e9s sigue en direcci\u00f3n sur. Aparecen paisajes verdes, preciosos a medida que sigo por el mismo camino: encinas solitarias entre verdes prados de laderas sinuosas y onduladas, tambi\u00e9n trozos de bosque con \u00e1rboles sin hojas y m\u00e1s ramas raqu\u00edticas\u2026 y m\u00e1s al fondo los verdes p\u00e1ramos del Collsacabra entre bosques y verdes prados como un laberinto de cuadros a modo de antigua colcha\u2026 Precioso.<\/p>\n<div id=\"attachment_35841\" style=\"width: 1834px\" class=\"wp-caption aligncenter\"><a class=\"dt-single-image\" href=\"https:\/\/www.monta\u00f1asdelaluna.es\/wp-content\/uploads\/2017\/02\/IMG_3384.jpg\" data-dt-img-description=\"\"><img loading=\"lazy\" decoding=\"async\" aria-describedby=\"caption-attachment-35841\" class=\"wp-image-35841 size-full\" src=\"https:\/\/www.monta\u00f1asdelaluna.es\/wp-content\/uploads\/2017\/02\/IMG_3384.jpg\" alt=\"Camino cerca de Caselles\" width=\"1824\" height=\"1368\" srcset=\"https:\/\/www.monta\u00f1asdelaluna.es\/wp-content\/uploads\/2017\/02\/IMG_3384.jpg 1824w, https:\/\/www.monta\u00f1asdelaluna.es\/wp-content\/uploads\/2017\/02\/IMG_3384-300x225.jpg 300w, https:\/\/www.monta\u00f1asdelaluna.es\/wp-content\/uploads\/2017\/02\/IMG_3384-1024x768.jpg 1024w\" sizes=\"auto, (max-width: 1824px) 100vw, 1824px\" \/><\/a><p id=\"caption-attachment-35841\" class=\"wp-caption-text\">Camino cerca de Caselles<\/p><\/div>\n<div id=\"attachment_35845\" style=\"width: 1034px\" class=\"wp-caption aligncenter\"><a class=\"dt-single-image\" href=\"https:\/\/www.monta\u00f1asdelaluna.es\/wp-content\/uploads\/2017\/02\/IMG_3390.jpg\" data-dt-img-description=\"\"><img loading=\"lazy\" decoding=\"async\" aria-describedby=\"caption-attachment-35845\" class=\"wp-image-35845 size-large\" src=\"https:\/\/www.monta\u00f1asdelaluna.es\/wp-content\/uploads\/2017\/02\/IMG_3390-1024x768.jpg\" alt=\"Montcau sobre La Cabreta y La Creu\" width=\"1024\" height=\"768\" srcset=\"https:\/\/www.monta\u00f1asdelaluna.es\/wp-content\/uploads\/2017\/02\/IMG_3390-1024x768.jpg 1024w, https:\/\/www.monta\u00f1asdelaluna.es\/wp-content\/uploads\/2017\/02\/IMG_3390-300x225.jpg 300w, https:\/\/www.monta\u00f1asdelaluna.es\/wp-content\/uploads\/2017\/02\/IMG_3390.jpg 1824w\" sizes=\"auto, (max-width: 1024px) 100vw, 1024px\" \/><\/a><p id=\"caption-attachment-35845\" class=\"wp-caption-text\">Montcau sobre La Cabreta y La Creu<\/p><\/div>\n<p>Llega un momento en que las marcas azules desaparecen, mientras yo sigo por el camino que parece seguir el perfil de la monta\u00f1a sin bajar altura; en esta parte es el Morral de Caselles, que queda a la izquierda. Dicho camino llega hasta los muros de la tremenda y r\u00fastica casa de Caselles. Entonces gira del sur al este llegando a la nombrada casa. Son los l\u00edmites de la Sierra de Cabrera hacia el sur, por el lado del Pla del Sitjar. Los paisajes son preciosos por esta parte. Mi coche lo veo all\u00e1 abajo al sur, junto al camino que lleva a Aiats, per desde Caselles no veo un camino que baje directo al sur hacia dicho lugar y camino, y decido seguir el camino principal que pasa por la puerta y fachada principal de la gran casa de Caselles. \u00c9ste camino, una vez pasada la casa, sigue hacia el este, noreste como buscando de nuevo Aiats. Pero una vez que estoy de nuevo en el camino principal de Aiats (por el que comenc\u00e9 la actividad y ruta), giro por \u00e9l hacia la derecha como saliendo de la sierra, hacia el suroeste.<\/p>\n<p>Llegando ya al coche admiro y observo las casas de La Creu, La Cabreta y La Rotllada que quedan al otro lado del vallecillo, al sur, casi en la ladera del verde y boscoso Montcau. Y as\u00ed llego al coche a buena hora para poder llegar a casa a tiempo de comer. Ha sido una ruta preciosa, con nuevos amigos, nuevas experiencias, encuentros, lugares y recorridos solitarios, y otros m\u00e1s concurridos\u2026 con ese toque de la nieve y del fr\u00edo viento de primeras horas de la ma\u00f1ana, y el c\u00e1lido mediod\u00eda con un sol que ya huele a primavera. De nuevo no me defrauda la Sierra de Cabrera. Preciosa\u2026 para otro d\u00eda preparar\u00e9 otro bonito y nuevo recorrido por la misma.<\/p>\n<div id=\"attachment_35853\" style=\"width: 856px\" class=\"wp-caption aligncenter\"><a class=\"dt-single-image\" href=\"https:\/\/www.monta\u00f1asdelaluna.es\/wp-content\/uploads\/2017\/03\/sierra-de-cabrera.mapa_.croquisSantJuli\u00e1.jpg\" data-dt-img-description=\"\"><img loading=\"lazy\" decoding=\"async\" aria-describedby=\"caption-attachment-35853\" class=\"wp-image-35853 size-full\" src=\"https:\/\/www.monta\u00f1asdelaluna.es\/wp-content\/uploads\/2017\/03\/sierra-de-cabrera.mapa_.croquisSantJuli\u00e1.jpg\" alt=\"Croquis del recorrido por la Sierra de Cabrera, con vuelta por Sant Juli\u00e0. Punto Rojo: aparcamiento coche. Punto Azul Claro: Pla Xic. Punto Amarillo: Collet de Les Esqueroses.\" width=\"846\" height=\"988\" srcset=\"https:\/\/www.monta\u00f1asdelaluna.es\/wp-content\/uploads\/2017\/03\/sierra-de-cabrera.mapa_.croquisSantJuli\u00e1.jpg 846w, https:\/\/www.monta\u00f1asdelaluna.es\/wp-content\/uploads\/2017\/03\/sierra-de-cabrera.mapa_.croquisSantJuli\u00e1-257x300.jpg 257w\" sizes=\"auto, (max-width: 846px) 100vw, 846px\" \/><\/a><p id=\"caption-attachment-35853\" class=\"wp-caption-text\">Croquis del recorrido por la Sierra de Cabrera, con vuelta por Sant Juli\u00e0. Punto Rojo: aparcamiento coche. Punto Azul Claro: Pla Xic. Punto Amarillo: Collet de Les Esqueroses.<\/p><\/div>\n<p>[vc_separator][\/vc_column_text][\/vc_column][\/vc_row][vc_row][vc_column][vc_empty_space height=\u00bb60px\u00bb][\/vc_column][\/vc_row][vc_row][vc_column][vc_cta h2=\u00bb\u00c1lbum de fotos\u00bb txt_align=\u00bbcenter\u00bb add_button=\u00bbbottom\u00bb btn_title=\u00bbVer fotos\u00bb btn_color=\u00bbwarning\u00bb btn_align=\u00bbcenter\u00bb btn_link=\u00bburl:https%3A%2F%2Fmonta%C3%B1asdelaluna.es%2F%3Fdt_gallery%3Dsierra-de-cabrera-vuelta-por-sant-julia|title:Sierra%20de%20Cabrera.%20Vuelta%20por%20Sant%20Juli%C3%A0|target:_blank\u00bb css=\u00bb.vc_custom_1625991234083{background-color: #8bc4ed !important;}\u00bb]Puedes ver todas las fotos del relato y actividad en forma de presentaci\u00f3n o individuales pinchando aqui \u00a1No te las pierdas![\/vc_cta][\/vc_column][\/vc_row][vc_row][vc_column][vc_empty_space][\/vc_column][\/vc_row][vc_row][vc_column][vc_cta h2=\u00bb\u00c1lbum de fotos\u00bb txt_align=\u00bbcenter\u00bb add_button=\u00bbbottom\u00bb btn_title=\u00bbVer fotos\u00bb btn_color=\u00bbwarning\u00bb btn_align=\u00bbcenter\u00bb btn_link=\u00bburl:https%3A%2F%2Fmonta%C3%B1asdelaluna.es%2F%3Fdt_gallery%3Dsantuario-y-sierra-de-cabrera-2|title:Santuario%20y%20Sierra%20de%20Cabrera|target:_blank\u00bb css=\u00bb.vc_custom_1625991248727{background-color: #8bc4ed !important;}\u00bb]Puedes ver las fotos Sierra y Santuario de Cabrera, actividad realizada el pasado d\u00eda 24-marzo-2.012, pinchando aqui \u00a1No te las pierdas![\/vc_cta][\/vc_column][\/vc_row][vc_row][vc_column][vc_empty_space height=\u00bb60px\u00bb][\/vc_column][\/vc_row][vc_row][vc_column width=\u00bb1\/3&#8243;][\/vc_column][vc_column width=\u00bb1\/2&#8243;][vc_raw_html]JTNDaWZyYW1lJTIwc3JjJTNEJTIyaHR0cHMlM0ElMkYlMkZ3d3cubWV0ZW9ibHVlLmNvbSUyRmVzJTJGdGllbXBvJTJGd2lkZ2V0JTJGZGFpbHklMkZhaWF0c19lc3BhJTI1YzMlMjViMWFfMTA5NDIyMTIlM0ZnZW9sb2MlM0RmaXhlZCUyNmRheXMlM0Q3JTI2dGVtcHVuaXQlM0RDRUxTSVVTJTI2d2luZHVuaXQlM0RLSUxPTUVURVJfUEVSX0hPVVIlMjZjb2xvdXJlZCUzRGNvbG91cmVkJTI2cGljdG9pY29uJTNEMCUyNnBpY3RvaWNvbiUzRDElMjZtYXh0ZW1wZXJhdHVyZSUzRDAlMjZtYXh0ZW1wZXJhdHVyZSUzRDElMjZtaW50ZW1wZXJhdHVyZSUzRDAlMjZtaW50ZW1wZXJhdHVyZSUzRDElMjZ3aW5kc3BlZWQlM0QwJTI2d2luZHNwZWVkJTNEMSUyNndpbmRndXN0JTNEMCUyNndpbmRndXN0JTNEMSUyNndpbmRkaXJlY3Rpb24lM0QwJTI2d2luZGRpcmVjdGlvbiUzRDElMjZ1diUzRDAlMjZodW1pZGl0eSUzRDAlMjZwcmVjaXBpdGF0aW9uJTNEMCUyNnByZWNpcGl0YXRpb24lM0QxJTI2cHJlY2lwaXRhdGlvbnByb2JhYmlsaXR5JTNEMCUyNnByZWNpcGl0YXRpb25wcm9iYWJpbGl0eSUzRDElMjZzcG90JTNEMCUyNnNwb3QlM0QxJTI2cHJlc3N1cmUlM0QwJTI2cHJlc3N1cmUlM0QxJTI2bGF5b3V0JTNEbGlnaHQlMjIlMjAlMjBmcmFtZWJvcmRlciUzRCUyMjAlMjIlMjBzY3JvbGxpbmclM0QlMjJOTyUyMiUyMGFsbG93dHJhbnNwYXJlbmN5JTNEJTIydHJ1ZSUyMiUyMHNhbmRib3glM0QlMjJhbGxvdy1zYW1lLW9yaWdpbiUyMGFsbG93LXNjcmlwdHMlMjBhbGxvdy1wb3B1cHMlMjIlMjBzdHlsZSUzRCUyMndpZHRoJTNBJTIwMzc4cHglM0JoZWlnaHQlM0ElMjA0MTNweCUyMiUzRSUzQyUyRmlmcmFtZSUzRSUzQ2RpdiUzRSUzQyUyMS0tJTIwRE8lMjBOT1QlMjBSRU1PVkUlMjBUSElTJTIwTElOSyUyMC0tJTNFJTNDYSUyMGhyZWYlM0QlMjJodHRwcyUzQSUyRiUyRnd3dy5tZXRlb2JsdWUuY29tJTJGZXMlMkZ0aWVtcG8lMkZwcm9ub3N0aWNvJTJGc2VtYW5hJTJGYWlhdHNfZXNwYSUyNWMzJTI1YjFhXzEwOTQyMjEyJTNGdXRtX3NvdXJjZSUzRHdlYXRoZXJfd2lkZ2V0JTI2dXRtX21lZGl1bSUzRGxpbmt1cyUyNnV0bV9jb250ZW50JTNEZGFpbHklMjZ1dG1fY2FtcGFpZ24lM0RXZWF0aGVyJTI1MkJXaWRnZXQlMjIlMjB0YXJnZXQlM0QlMjJfYmxhbmslMjIlM0VtZXRlb2JsdWUlM0MlMkZhJTNFJTNDJTJGZGl2JTNF[\/vc_raw_html][\/vc_column][vc_column width=\u00bb1\/5&#8243;][\/vc_column][\/vc_row]<\/p>\n","protected":false},"excerpt":{"rendered":"<p>[vc_row][vc_column][vc_column_text]Ya ten\u00eda ganas de volver a este estupendo y curioso lugar, a esta sierra y monta\u00f1a en medio de los prados y bosques del verde Collsacabra, dentro de la comarca de Osona y muy cerca de la frontera con la provincia de Girona. Una regi\u00f3n casi despoblada, con una gran cantidad de caser\u00edos, mas\u00edas repartidas&hellip;<\/p>\n","protected":false},"author":1,"featured_media":35792,"comment_status":"open","ping_status":"open","sticky":false,"template":"","format":"standard","meta":[],"categories":[120],"tags":[],"class_list":["post-35851","post","type-post","status-publish","format-standard","has-post-thumbnail","hentry","category-collsacabra-i-guilleries","category-120","description-off"],"_links":{"self":[{"href":"https:\/\/www.monta\u00f1asdelaluna.es\/index.php?rest_route=\/wp\/v2\/posts\/35851","targetHints":{"allow":["GET"]}}],"collection":[{"href":"https:\/\/www.monta\u00f1asdelaluna.es\/index.php?rest_route=\/wp\/v2\/posts"}],"about":[{"href":"https:\/\/www.monta\u00f1asdelaluna.es\/index.php?rest_route=\/wp\/v2\/types\/post"}],"author":[{"embeddable":true,"href":"https:\/\/www.monta\u00f1asdelaluna.es\/index.php?rest_route=\/wp\/v2\/users\/1"}],"replies":[{"embeddable":true,"href":"https:\/\/www.monta\u00f1asdelaluna.es\/index.php?rest_route=%2Fwp%2Fv2%2Fcomments&post=35851"}],"version-history":[{"count":10,"href":"https:\/\/www.monta\u00f1asdelaluna.es\/index.php?rest_route=\/wp\/v2\/posts\/35851\/revisions"}],"predecessor-version":[{"id":50301,"href":"https:\/\/www.monta\u00f1asdelaluna.es\/index.php?rest_route=\/wp\/v2\/posts\/35851\/revisions\/50301"}],"wp:featuredmedia":[{"embeddable":true,"href":"https:\/\/www.monta\u00f1asdelaluna.es\/index.php?rest_route=\/wp\/v2\/media\/35792"}],"wp:attachment":[{"href":"https:\/\/www.monta\u00f1asdelaluna.es\/index.php?rest_route=%2Fwp%2Fv2%2Fmedia&parent=35851"}],"wp:term":[{"taxonomy":"category","embeddable":true,"href":"https:\/\/www.monta\u00f1asdelaluna.es\/index.php?rest_route=%2Fwp%2Fv2%2Fcategories&post=35851"},{"taxonomy":"post_tag","embeddable":true,"href":"https:\/\/www.monta\u00f1asdelaluna.es\/index.php?rest_route=%2Fwp%2Fv2%2Ftags&post=35851"}],"curies":[{"name":"wp","href":"https:\/\/api.w.org\/{rel}","templated":true}]}}