{"id":36108,"date":"2017-03-19T18:10:39","date_gmt":"2017-03-19T18:10:39","guid":{"rendered":"http:\/\/monta\u00f1asdelaluna.com\/?p=36108"},"modified":"2021-08-02T21:04:19","modified_gmt":"2021-08-02T21:04:19","slug":"pic-de-sanfonts-invernal","status":"publish","type":"post","link":"https:\/\/www.monta\u00f1asdelaluna.es\/?p=36108","title":{"rendered":"Pic de Sanfonts invernal"},"content":{"rendered":"<p>[vc_row][vc_column][vc_column_text]En un principio la idea era subir a la monta\u00f1a m\u00e1s alta de Andorra, el Pic de Comapedrosa, pero el resultado final no fue el esperado pero tampoco nos defraud\u00f3. Es lo que a veces tiene la aventura y el dejarte llevar por las sensaciones e intuiciones, en lugar de ver bien, sentado y concienzudamente el mapa Alpina de Andorra que te has comprado en el Alta\u00edr.<\/p>\n<p>El pasado s\u00e1bado 18 de marzo Josep Gallem\u00ed y yo salimos del Vall\u00e9s en busca del Pirineo de Andorra. Iba a ser mi tercera vez que estoy en Andorra, y el mes pasado en la Vall de Sorteny fue la segunda. Me doy cuenta de que Andorra son dos valles con algunas poblaciones y muchas pistas de esqu\u00ed, pero tambi\u00e9n hay una parte de Andorra que no hay poblaciones ni pistas de esqu\u00ed\u2026 \u00e9sta a\u00fan no la conozco\u2026<\/p>\n<p>Eso s\u00ed, seg\u00fan las predicciones meteorol\u00f3gicas el fin de semana iba a ser incre\u00edblemente soleado, primaveral y casi caluroso. Pero aun hay mucha nieve en altura. Este invierno ha nevado mucho en el Pirineo, y a pesar de estos d\u00edas (que est\u00e1n durando ya demasiado para las fechas en las que estamos) de calor, sol y buen tiempo, la nieve sigue siendo abundante y extensa.<\/p>\n<div id=\"attachment_35888\" style=\"width: 1034px\" class=\"wp-caption aligncenter\"><a class=\"dt-single-image\" href=\"https:\/\/www.monta\u00f1asdelaluna.es\/wp-content\/uploads\/2017\/03\/IMG_3395.jpg\" data-dt-img-description=\"\"><img loading=\"lazy\" decoding=\"async\" aria-describedby=\"caption-attachment-35888\" class=\"wp-image-35888 size-large\" src=\"https:\/\/www.monta\u00f1asdelaluna.es\/wp-content\/uploads\/2017\/03\/IMG_3395-1024x768.jpg\" alt=\"Josep en el puente del R\u00edo de Pedrosa\" width=\"1024\" height=\"768\" srcset=\"https:\/\/www.monta\u00f1asdelaluna.es\/wp-content\/uploads\/2017\/03\/IMG_3395-1024x768.jpg 1024w, https:\/\/www.monta\u00f1asdelaluna.es\/wp-content\/uploads\/2017\/03\/IMG_3395-300x225.jpg 300w, https:\/\/www.monta\u00f1asdelaluna.es\/wp-content\/uploads\/2017\/03\/IMG_3395.jpg 1824w\" sizes=\"auto, (max-width: 1024px) 100vw, 1024px\" \/><\/a><p id=\"caption-attachment-35888\" class=\"wp-caption-text\">Josep en el puente del R\u00edo de Pedrosa<\/p><\/div>\n<div id=\"attachment_35890\" style=\"width: 1034px\" class=\"wp-caption aligncenter\"><a class=\"dt-single-image\" href=\"https:\/\/www.monta\u00f1asdelaluna.es\/wp-content\/uploads\/2017\/03\/IMG_3397.jpg\" data-dt-img-description=\"\"><img loading=\"lazy\" decoding=\"async\" aria-describedby=\"caption-attachment-35890\" class=\"wp-image-35890 size-large\" src=\"https:\/\/www.monta\u00f1asdelaluna.es\/wp-content\/uploads\/2017\/03\/IMG_3397-1024x768.jpg\" alt=\"R\u00edo de Pedrosa cerca de Arinsal\" width=\"1024\" height=\"768\" srcset=\"https:\/\/www.monta\u00f1asdelaluna.es\/wp-content\/uploads\/2017\/03\/IMG_3397-1024x768.jpg 1024w, https:\/\/www.monta\u00f1asdelaluna.es\/wp-content\/uploads\/2017\/03\/IMG_3397-300x225.jpg 300w, https:\/\/www.monta\u00f1asdelaluna.es\/wp-content\/uploads\/2017\/03\/IMG_3397.jpg 1824w\" sizes=\"auto, (max-width: 1024px) 100vw, 1024px\" \/><\/a><p id=\"caption-attachment-35890\" class=\"wp-caption-text\">R\u00edo de Pedrosa cerca de Arinsal<\/p><\/div>\n<p>Entonces no demasiado temprano salimos Josep y yo en direcci\u00f3n a Andorra por el Coll de La Tosa, para bajar por la Cerdanya, l\u2019Alt Urgell y colarnos en una inusual poco transitada Andorra en direcci\u00f3n a su capital (que siempre hay que cruzar). De aqu\u00ed nos desviaremos hac\u00eda el noroeste para buscar las poblaciones de La Massana y Arinsal. En esta \u00faltima, en las \u00faltimas y m\u00e1s altas casas, dejaremos el coche para comenzar a caminar por la monta\u00f1a.<\/p>\n<p>Y efectivamente cruzamos dos t\u00faneles, y al final del \u00faltimo, en lo m\u00e1s alto del valle, se puede dejar el coche. Por aqu\u00ed ya comienza la ruta de subida y recorridos por el parque natural de las Valls del Comapedrosa. Hace un d\u00eda muy bueno. Hemos llegado enseguida, sobre la una del mediod\u00eda, y en media hora ya nos hemos preparado las mochilas y equipado para subir al Refugio de Comapedrosa. \u201cPortem les raquetes?\u201d \u201cNo, no creo que hagan falta. La nieve habr\u00e1 desaparecido a baja altura con estos calores preprimaverales que han hecho. Y ma\u00f1ana cuando salgamos en mitad de la madrugada la nieve a esa altura del refugio, debe de estar dura por el fr\u00edo nocturno\u201d dec\u00eda y pensaba yo.<\/p>\n<p>Una vez las mochilas puestas y los palos en la mano, salimos en busca del punto en que la carretera cruza lo que ser\u00eda el R\u00edu Poll\u00f3s (antes de cruzar el segundo t\u00fanel), y por aqu\u00ed seguir unas indicaciones de ruta, por la misma Font del R\u00edu Poll\u00f3s. Enseguida y justo detr\u00e1s cruzamos el r\u00edo por un puente de madera, y ya por una senda marcada, comenzamos la subida por este lado del valle en lo que ser\u00eda un Circuito Interpretativo del parque natural del Comapedrosa. Y as\u00ed es: la senda sube en zigzag y se interna por bonitos lugares del bosque en los que en ocasiones aparecen carteles o paneles explicativos de plantas, rocas, \u00e1rboles\u2026 es un P.R.<\/p>\n<div id=\"attachment_35897\" style=\"width: 1034px\" class=\"wp-caption aligncenter\"><a class=\"dt-single-image\" href=\"https:\/\/www.monta\u00f1asdelaluna.es\/wp-content\/uploads\/2017\/03\/IMG_3410.jpg\" data-dt-img-description=\"\"><img loading=\"lazy\" decoding=\"async\" aria-describedby=\"caption-attachment-35897\" class=\"wp-image-35897 size-large\" src=\"https:\/\/www.monta\u00f1asdelaluna.es\/wp-content\/uploads\/2017\/03\/IMG_3410-1024x768.jpg\" alt=\"Senda de subida al Refugio de Comapedrosa\" width=\"1024\" height=\"768\" srcset=\"https:\/\/www.monta\u00f1asdelaluna.es\/wp-content\/uploads\/2017\/03\/IMG_3410-1024x768.jpg 1024w, https:\/\/www.monta\u00f1asdelaluna.es\/wp-content\/uploads\/2017\/03\/IMG_3410-300x225.jpg 300w, https:\/\/www.monta\u00f1asdelaluna.es\/wp-content\/uploads\/2017\/03\/IMG_3410.jpg 1824w\" sizes=\"auto, (max-width: 1024px) 100vw, 1024px\" \/><\/a><p id=\"caption-attachment-35897\" class=\"wp-caption-text\">Senda de subida al Refugio de Comapedrosa<\/p><\/div>\n<div id=\"attachment_35900\" style=\"width: 1034px\" class=\"wp-caption aligncenter\"><a class=\"dt-single-image\" href=\"https:\/\/www.monta\u00f1asdelaluna.es\/wp-content\/uploads\/2017\/03\/IMG_3414.jpg\" data-dt-img-description=\"\"><img loading=\"lazy\" decoding=\"async\" aria-describedby=\"caption-attachment-35900\" class=\"wp-image-35900 size-large\" src=\"https:\/\/www.monta\u00f1asdelaluna.es\/wp-content\/uploads\/2017\/03\/IMG_3414-1024x768.jpg\" alt=\"Josep en el zigzag de subida por la senda\" width=\"1024\" height=\"768\" srcset=\"https:\/\/www.monta\u00f1asdelaluna.es\/wp-content\/uploads\/2017\/03\/IMG_3414-1024x768.jpg 1024w, https:\/\/www.monta\u00f1asdelaluna.es\/wp-content\/uploads\/2017\/03\/IMG_3414-300x225.jpg 300w, https:\/\/www.monta\u00f1asdelaluna.es\/wp-content\/uploads\/2017\/03\/IMG_3414.jpg 1824w\" sizes=\"auto, (max-width: 1024px) 100vw, 1024px\" \/><\/a><p id=\"caption-attachment-35900\" class=\"wp-caption-text\">Josep en el zigzag de subida por la senda<\/p><\/div>\n<p>Llegamos a un punto cerca del lecho del r\u00edo y antes de cruzarlo de nuevo, un gran cartel nos indica el acceso al parque marcado con el G.R., que es el camino que deberemos seguir para subir al nombrado refugio. Cogemos dicha senda que sube por la derecha hasta llegar a un camino. Y ya en este camino lo seguimos hacia la izquierda, hacia arriba, en busca de las alturas del valle. El d\u00eda es radiante, no hace demasiado calor a pesar de ser el mediod\u00eda, pero no el fr\u00edo que debiera hacer para las fechas que estamos. Arriba del valle, en un paisaje abierto de alta monta\u00f1a, aparecen las monta\u00f1as con su nieve y escarpes, altas y lejanas \u00a1\u00a1Vamos hac\u00eda ellas!! He cre\u00eddo ver, mientras conduc\u00eda llegando a Arinsal, un alto pico al fondo del valle\u2026 si no era el Pic de Comapedrosa, ser\u00eda alguno de los que tiene al lado de casi igual altura.<\/p>\n<p>Josep se queja de que no hay se\u00f1ales ni marcas que indiquen el camino hac\u00eda el refugio. Justo m\u00e1s arriba del camino encontramos otro de estos grandes carteles de madera marr\u00f3n oscura que nos indica la direcci\u00f3n hacia el Estany de Les Truites y Refugi i Alt de Coma Pedrosa. No est\u00e1 exacto en el camino, si no junto a la senda que sale del mismo a la izquierda de nuevo y que parece bajar un poco en busca de los lechos de los riachuelos que surcan por abajo; mientras el camino sigue su curso por arriba. Nos encontramos con un \u201cguiri\u201d solitario que viene por ese camino, de esa senda. Le preguntamos en espa\u00f1ol e ingl\u00e9s si viene del Refugio de Comapedrosa. No sabe espa\u00f1ol, pero nos dice que s\u00ed. Pero nos alerta de que est\u00e1 cerrado. No problem.<\/p>\n<div id=\"attachment_35903\" style=\"width: 1034px\" class=\"wp-caption aligncenter\"><a class=\"dt-single-image\" href=\"https:\/\/www.monta\u00f1asdelaluna.es\/wp-content\/uploads\/2017\/03\/IMG_3418.jpg\" data-dt-img-description=\"\"><img loading=\"lazy\" decoding=\"async\" aria-describedby=\"caption-attachment-35903\" class=\"wp-image-35903 size-large\" src=\"https:\/\/www.monta\u00f1asdelaluna.es\/wp-content\/uploads\/2017\/03\/IMG_3418-1024x768.jpg\" alt=\"Josep camino del Collet del Comapedrosa\" width=\"1024\" height=\"768\" srcset=\"https:\/\/www.monta\u00f1asdelaluna.es\/wp-content\/uploads\/2017\/03\/IMG_3418-1024x768.jpg 1024w, https:\/\/www.monta\u00f1asdelaluna.es\/wp-content\/uploads\/2017\/03\/IMG_3418-300x225.jpg 300w, https:\/\/www.monta\u00f1asdelaluna.es\/wp-content\/uploads\/2017\/03\/IMG_3418.jpg 1824w\" sizes=\"auto, (max-width: 1024px) 100vw, 1024px\" \/><\/a><p id=\"caption-attachment-35903\" class=\"wp-caption-text\">Josep camino del Collet del Comapedrosa<\/p><\/div>\n<div id=\"attachment_35905\" style=\"width: 1034px\" class=\"wp-caption aligncenter\"><a class=\"dt-single-image\" href=\"https:\/\/www.monta\u00f1asdelaluna.es\/wp-content\/uploads\/2017\/03\/IMG_3422.jpg\" data-dt-img-description=\"\"><img loading=\"lazy\" decoding=\"async\" aria-describedby=\"caption-attachment-35905\" class=\"wp-image-35905 size-large\" src=\"https:\/\/www.monta\u00f1asdelaluna.es\/wp-content\/uploads\/2017\/03\/IMG_3422-1024x768.jpg\" alt=\"Josep camino del Collet del Comapedrosa\" width=\"1024\" height=\"768\" srcset=\"https:\/\/www.monta\u00f1asdelaluna.es\/wp-content\/uploads\/2017\/03\/IMG_3422-1024x768.jpg 1024w, https:\/\/www.monta\u00f1asdelaluna.es\/wp-content\/uploads\/2017\/03\/IMG_3422-300x225.jpg 300w, https:\/\/www.monta\u00f1asdelaluna.es\/wp-content\/uploads\/2017\/03\/IMG_3422.jpg 1824w\" sizes=\"auto, (max-width: 1024px) 100vw, 1024px\" \/><\/a><p id=\"caption-attachment-35905\" class=\"wp-caption-text\">Josep camino del Collet del Comapedrosa<\/p><\/div>\n<p>As\u00ed pues seguimos la senda que recorre casi los fondos del vallecillo, cruza un riachuelo con abundante agua por un puentecillo met\u00e1lico (R\u00edu d\u2019Areny), y ya la nieve comienza a hacer acto de presencia por aqu\u00ed y por all\u00e1, manchitas de nieve que le dan un aspecto al formidable bosque, estupendo y fant\u00e1stico. Ya que verdaderos ejemplares de pinos crecen altos y espl\u00e9ndidos, con un tronco entero y grande, hacia un cielo invadido por sus ramas.<\/p>\n<p>Llegamos a un punto donde se oye correr agua caudalosa pero casi invisible bajo la, ahora, abundante nieve. Estamos justo en el R\u00edo de Comapedrosa. Lo cruzamos por un puentecillo lleno de nieve y comenzamos, siguiendo unas huellas en la nieve, sin saber si son las correctas o no, con una constante subida en zigzag por la ladera de umbr\u00eda llena de nieve. La nieve, a pesar de estos d\u00edas tan buenos de calor y sol de finales de este invierno, es muy abundante en las laderas de umbr\u00eda y lechos de barrancos y r\u00edos en el Pirineo. Sin embargo es nula o muy difusa en las laderas de solana.<\/p>\n<p>La subida en zigzag por esta ladera, siguiendo las huellas sobre la nieve, se hace por entre un espl\u00e9ndido bosque casi cerrado. Hay huellas de esqu\u00eds y pasos. No vemos el paisaje, seguimos casi ciegos por entre el bosque. Llega un momento que la senda deja de subir y sigue m\u00e1s horizontal hac\u00eda el oeste, adentr\u00e1ndose en el vallecillo.<\/p>\n<div id=\"attachment_35907\" style=\"width: 1034px\" class=\"wp-caption aligncenter\"><a class=\"dt-single-image\" href=\"https:\/\/www.monta\u00f1asdelaluna.es\/wp-content\/uploads\/2017\/03\/IMG_3426.jpg\" data-dt-img-description=\"\"><img loading=\"lazy\" decoding=\"async\" aria-describedby=\"caption-attachment-35907\" class=\"wp-image-35907 size-large\" src=\"https:\/\/www.monta\u00f1asdelaluna.es\/wp-content\/uploads\/2017\/03\/IMG_3426-1024x768.jpg\" alt=\"Josep camino del Collet del Comapedrosa\" width=\"1024\" height=\"768\" srcset=\"https:\/\/www.monta\u00f1asdelaluna.es\/wp-content\/uploads\/2017\/03\/IMG_3426-1024x768.jpg 1024w, https:\/\/www.monta\u00f1asdelaluna.es\/wp-content\/uploads\/2017\/03\/IMG_3426-300x225.jpg 300w, https:\/\/www.monta\u00f1asdelaluna.es\/wp-content\/uploads\/2017\/03\/IMG_3426.jpg 1824w\" sizes=\"auto, (max-width: 1024px) 100vw, 1024px\" \/><\/a><p id=\"caption-attachment-35907\" class=\"wp-caption-text\">Josep camino del Collet del Comapedrosa<\/p><\/div>\n<div id=\"attachment_35908\" style=\"width: 1034px\" class=\"wp-caption aligncenter\"><a class=\"dt-single-image\" href=\"https:\/\/www.monta\u00f1asdelaluna.es\/wp-content\/uploads\/2017\/03\/IMG_3427.jpg\" data-dt-img-description=\"\"><img loading=\"lazy\" decoding=\"async\" aria-describedby=\"caption-attachment-35908\" class=\"wp-image-35908 size-large\" src=\"https:\/\/www.monta\u00f1asdelaluna.es\/wp-content\/uploads\/2017\/03\/IMG_3427-1024x768.jpg\" alt=\"Josep camino del Collet del Comapedrosa\" width=\"1024\" height=\"768\" srcset=\"https:\/\/www.monta\u00f1asdelaluna.es\/wp-content\/uploads\/2017\/03\/IMG_3427-1024x768.jpg 1024w, https:\/\/www.monta\u00f1asdelaluna.es\/wp-content\/uploads\/2017\/03\/IMG_3427-300x225.jpg 300w, https:\/\/www.monta\u00f1asdelaluna.es\/wp-content\/uploads\/2017\/03\/IMG_3427.jpg 1824w\" sizes=\"auto, (max-width: 1024px) 100vw, 1024px\" \/><\/a><p id=\"caption-attachment-35908\" class=\"wp-caption-text\">Josep camino del Collet del Comapedrosa<\/p><\/div>\n<p>El bosque se aclara y por fin vemos lo que tenemos delante, aparte de abundante nieve en la ladera por la que avanzamos, vemos unos cortados y altos montecillos por los que cae una cascadita con giro y todo. Justo, poco m\u00e1s adelante, un grupillo de chicos y chicas que han estado en la monta\u00f1a tir\u00e1ndose por trineos, nos dicen que nos queda una hora hasta el Colladet de Comapedrosa, nos se\u00f1ala un punto entre lomas con algunos pinos y blancas por la nieve, y de \u00e9ste punto al refugio solo quedan 10 minutos.<\/p>\n<p>Josep va detr\u00e1s de m\u00ed. Por suerte seguimos las huellas profundas en la blanda nieve, si no, nos hundir\u00edamos en ella. Est\u00e1 muy blanda. Es el mediod\u00eda y casi tarde, y el sol pega fuerte ablandeciendo la nieve. Pero la subida hasta el collado es empinada e interminable, al menos en la \u00faltima rampa, pero por fin llegamos al Colladet de Comapedrosa, a 2.224 mts. Sabemos que es el colladito porque hay un poste indicador con recorridos marcados, con la mitad de la madera, del mismo poste, enterrada bajo la nieve. A partir de aqu\u00ed la nieve es muy abundante, pero el paisaje se agranda y se magnifica con las escarpadas laderas y las suaves lomas llenas de nieve. Abajo veo un refugio vivac, en una especie de hoya nevada, que me recuerda algunos de los refugios vivac de Sierra Nevada (La Carihuela, La Caldera\u2026). Al otro lado del colladito parece que se ve la subida que debemos de seguir ma\u00f1ana; parece que es el seguimiento del valle, que se pierde entre lomas y escarpes empinados que intentan llegar hasta las alturas de la monta\u00f1a.<\/p>\n<div id=\"attachment_35913\" style=\"width: 1034px\" class=\"wp-caption aligncenter\"><a class=\"dt-single-image\" href=\"https:\/\/www.monta\u00f1asdelaluna.es\/wp-content\/uploads\/2017\/03\/IMG_3432.jpg\" data-dt-img-description=\"\"><img loading=\"lazy\" decoding=\"async\" aria-describedby=\"caption-attachment-35913\" class=\"wp-image-35913 size-large\" src=\"https:\/\/www.monta\u00f1asdelaluna.es\/wp-content\/uploads\/2017\/03\/IMG_3432-1024x768.jpg\" alt=\"Collet del Comapedrosa. 2.224 mts.\" width=\"1024\" height=\"768\" srcset=\"https:\/\/www.monta\u00f1asdelaluna.es\/wp-content\/uploads\/2017\/03\/IMG_3432-1024x768.jpg 1024w, https:\/\/www.monta\u00f1asdelaluna.es\/wp-content\/uploads\/2017\/03\/IMG_3432-300x225.jpg 300w, https:\/\/www.monta\u00f1asdelaluna.es\/wp-content\/uploads\/2017\/03\/IMG_3432.jpg 1824w\" sizes=\"auto, (max-width: 1024px) 100vw, 1024px\" \/><\/a><p id=\"caption-attachment-35913\" class=\"wp-caption-text\">Collet del Comapedrosa. 2.224 mts.<\/p><\/div>\n<div id=\"attachment_35914\" style=\"width: 1034px\" class=\"wp-caption aligncenter\"><a class=\"dt-single-image\" href=\"https:\/\/www.monta\u00f1asdelaluna.es\/wp-content\/uploads\/2017\/03\/IMG_3433.jpg\" data-dt-img-description=\"\"><img loading=\"lazy\" decoding=\"async\" aria-describedby=\"caption-attachment-35914\" class=\"wp-image-35914 size-large\" src=\"https:\/\/www.monta\u00f1asdelaluna.es\/wp-content\/uploads\/2017\/03\/IMG_3433-1024x768.jpg\" alt=\"Refugio de Comapedrosa, 2.267 mts.\" width=\"1024\" height=\"768\" srcset=\"https:\/\/www.monta\u00f1asdelaluna.es\/wp-content\/uploads\/2017\/03\/IMG_3433-1024x768.jpg 1024w, https:\/\/www.monta\u00f1asdelaluna.es\/wp-content\/uploads\/2017\/03\/IMG_3433-300x225.jpg 300w, https:\/\/www.monta\u00f1asdelaluna.es\/wp-content\/uploads\/2017\/03\/IMG_3433.jpg 1824w\" sizes=\"auto, (max-width: 1024px) 100vw, 1024px\" \/><\/a><p id=\"caption-attachment-35914\" class=\"wp-caption-text\">Refugio de Comapedrosa, 2.267 mts.<\/p><\/div>\n<p>Llega Josep y giramos a la izquierda por una empinada loma muy nevada (a partir de aqu\u00ed toda la monta\u00f1a estar\u00e1 muy nevada), y en esos 10 minutos llegamos hasta los muros y paredes del solitario Refugio de Comapedrosa (2.267 mts.). Son las 4\u201930 horas o 5 de la tarde. Merodeamos por los alrededores del refugio, no hay nadie. Descubrimos la parte libre al otro lado del refugio, en la parte derecha. Est\u00e1 muy bien: dos literas con 2 camas, total 4 camas, mesa, botiqu\u00edn, chimenea para hacer fuego\u2026 un lujo, vamos.<\/p>\n<p>El resto de la tarde y noche transcurre incre\u00edblemente bien. No llega a hacer tanto fr\u00edo, pero lo suficiente para helar la nieve superficial y que podamos caminar con los crampones por la helada nieve sin hundirnos. Hemos comido justo al acabarse el zigzag de la subida por el bosque, cuando ya parec\u00edamos ver al fondo la cascada del R\u00edo de Comapedrosa a la derecha y el Colladito del mismo nombre a la izquierda centro. Ahora nos disponemos a cenar con el hornillito, algo de pasta, sopa y unos magn\u00edficos tallarines con salsa y carne de jabal\u00ed que me he tra\u00eddo en un tupper de casa \u00a1\u00a1Buen\u00edsimo!!<\/p>\n<div id=\"attachment_35919\" style=\"width: 1034px\" class=\"wp-caption aligncenter\"><a class=\"dt-single-image\" href=\"https:\/\/www.monta\u00f1asdelaluna.es\/wp-content\/uploads\/2017\/03\/IMG_3446.jpg\" data-dt-img-description=\"\"><img loading=\"lazy\" decoding=\"async\" aria-describedby=\"caption-attachment-35919\" class=\"wp-image-35919 size-large\" src=\"https:\/\/www.monta\u00f1asdelaluna.es\/wp-content\/uploads\/2017\/03\/IMG_3446-1024x768.jpg\" alt=\"Joaqu\u00edn en el refugio libre del Comapedrosa\" width=\"1024\" height=\"768\" srcset=\"https:\/\/www.monta\u00f1asdelaluna.es\/wp-content\/uploads\/2017\/03\/IMG_3446-1024x768.jpg 1024w, https:\/\/www.monta\u00f1asdelaluna.es\/wp-content\/uploads\/2017\/03\/IMG_3446-300x225.jpg 300w, https:\/\/www.monta\u00f1asdelaluna.es\/wp-content\/uploads\/2017\/03\/IMG_3446.jpg 1824w\" sizes=\"auto, (max-width: 1024px) 100vw, 1024px\" \/><\/a><p id=\"caption-attachment-35919\" class=\"wp-caption-text\">Joaqu\u00edn en el refugio libre del Comapedrosa<\/p><\/div>\n<div id=\"attachment_35921\" style=\"width: 1034px\" class=\"wp-caption aligncenter\"><a class=\"dt-single-image\" href=\"https:\/\/www.monta\u00f1asdelaluna.es\/wp-content\/uploads\/2017\/03\/IMG_3449.jpg\" data-dt-img-description=\"\"><img loading=\"lazy\" decoding=\"async\" aria-describedby=\"caption-attachment-35921\" class=\"wp-image-35921 size-large\" src=\"https:\/\/www.monta\u00f1asdelaluna.es\/wp-content\/uploads\/2017\/03\/IMG_3449-1024x768.jpg\" alt=\"Atardece en el Refugio de Comapedrosa, 2.267 mts.\" width=\"1024\" height=\"768\" srcset=\"https:\/\/www.monta\u00f1asdelaluna.es\/wp-content\/uploads\/2017\/03\/IMG_3449-1024x768.jpg 1024w, https:\/\/www.monta\u00f1asdelaluna.es\/wp-content\/uploads\/2017\/03\/IMG_3449-300x225.jpg 300w, https:\/\/www.monta\u00f1asdelaluna.es\/wp-content\/uploads\/2017\/03\/IMG_3449.jpg 1824w\" sizes=\"auto, (max-width: 1024px) 100vw, 1024px\" \/><\/a><p id=\"caption-attachment-35921\" class=\"wp-caption-text\">Atardece en el Refugio de Comapedrosa, 2.267 mts.<\/p><\/div>\n<p>Fotos del atardecer. No vendr\u00e1 nadie m\u00e1s al refugio; lo tenemos para nosotros solos (tampoco cabr\u00eda mucha m\u00e1s gente). Josep enciende el fuego bajo la chimenea. Parece que va quema sin problemas. Ponemos a secar calcetas y botas; al hundirnos en la nieve, se han mojado considerablemente, al menos las m\u00edas (en la \u00faltima salida a Andorra acab\u00f3 por romperse la suela de una Asolo, y ahora sub\u00eda con las nuevas Bestard, que no son muy apropiadas para tanta nieve y aparente fr\u00edo). Nos acostamos con el fuego encendido que calentaba la peque\u00f1a estancia del refugio. Casi rom\u00e1nticamente, esperamos entre el silencio de la noche y las respiraciones de nuestros pulmones, la llegada del sue\u00f1o y de esos sue\u00f1os que llegas a tener al dormir en lugar extra\u00f1o. Esta vez sue\u00f1os muy v\u00edvidos y premonitores, con un mensaje tan fuerte y extraordinario, como la misma experimentaci\u00f3n del mismo en mitad de la madrugada\u2026 \u00faltimamente tengo experiencias ins\u00f3litas e incre\u00edbles (m\u00e1s all\u00e1 de lo que la misma monta\u00f1a normalmente me d\u00e1), cada vez que salgo a la solitaria, magn\u00edfica y m\u00edstica alta monta\u00f1a\u2026 ya me pas\u00f3 algo parecido en el Anayet\u2026<\/p>\n<p>He puesto el despertador a las 5 de la ma\u00f1ana. Y poco m\u00e1s tarde de esta hora nos levantamos, a\u00fan de noche, para salir con el fr\u00edo de la madrugada que hiela la nieve. Desayunamos y nos equipamos con los crampones puestos desde el mismo refugio. Dejamos las cosas que sobran como el saco, ropa, hornillito\u2026 escondido entre las literas del refugio, por si alguien llega al mismo, que no le entren ganas de llevarse nada. Y al final sobre las 6\u201920 de la ma\u00f1ana salimos del refugio en direcci\u00f3n este, siguiendo la loma que est\u00e1 enfrente al mismo refugio y se va elevando poco a poco. Seguimos pisadas en la nieve, pero parece ser que la direcci\u00f3n no es la correcta: a la vuelta veremos que hab\u00edamos cogido la direcci\u00f3n hacia la Portella de Sanfonts.<\/p>\n<div id=\"attachment_35926\" style=\"width: 1034px\" class=\"wp-caption aligncenter\"><a class=\"dt-single-image\" href=\"https:\/\/www.monta\u00f1asdelaluna.es\/wp-content\/uploads\/2017\/03\/IMG_3456.jpg\" data-dt-img-description=\"\"><img loading=\"lazy\" decoding=\"async\" aria-describedby=\"caption-attachment-35926\" class=\"wp-image-35926 size-large\" src=\"https:\/\/www.monta\u00f1asdelaluna.es\/wp-content\/uploads\/2017\/03\/IMG_3456-1024x768.jpg\" alt=\"Tallarines con carne y salsa de javal\u00ed\" width=\"1024\" height=\"768\" srcset=\"https:\/\/www.monta\u00f1asdelaluna.es\/wp-content\/uploads\/2017\/03\/IMG_3456-1024x768.jpg 1024w, https:\/\/www.monta\u00f1asdelaluna.es\/wp-content\/uploads\/2017\/03\/IMG_3456-300x225.jpg 300w, https:\/\/www.monta\u00f1asdelaluna.es\/wp-content\/uploads\/2017\/03\/IMG_3456.jpg 1824w\" sizes=\"auto, (max-width: 1024px) 100vw, 1024px\" \/><\/a><p id=\"caption-attachment-35926\" class=\"wp-caption-text\">Tallarines con carne y salsa de javal\u00ed<\/p><\/div>\n<div id=\"attachment_35927\" style=\"width: 1034px\" class=\"wp-caption aligncenter\"><a class=\"dt-single-image\" href=\"https:\/\/www.monta\u00f1asdelaluna.es\/wp-content\/uploads\/2017\/03\/IMG_3457.jpg\" data-dt-img-description=\"\"><img loading=\"lazy\" decoding=\"async\" aria-describedby=\"caption-attachment-35927\" class=\"wp-image-35927 size-large\" src=\"https:\/\/www.monta\u00f1asdelaluna.es\/wp-content\/uploads\/2017\/03\/IMG_3457-1024x768.jpg\" alt=\"Anochece en las monta\u00f1as de Sanfonts\" width=\"1024\" height=\"768\" srcset=\"https:\/\/www.monta\u00f1asdelaluna.es\/wp-content\/uploads\/2017\/03\/IMG_3457-1024x768.jpg 1024w, https:\/\/www.monta\u00f1asdelaluna.es\/wp-content\/uploads\/2017\/03\/IMG_3457-300x225.jpg 300w, https:\/\/www.monta\u00f1asdelaluna.es\/wp-content\/uploads\/2017\/03\/IMG_3457.jpg 1824w\" sizes=\"auto, (max-width: 1024px) 100vw, 1024px\" \/><\/a><p id=\"caption-attachment-35927\" class=\"wp-caption-text\">Anochece en las monta\u00f1as de Sanfonts<\/p><\/div>\n<p>La luz del amanecer aparece justo detr\u00e1s nuestro al fondo del Pirineo, mientras ya caminamos por la helada nieve, saliendo del refugio en busca de nuestro objetivo; que en un principio era el Pic de Comapedrosa. Seguimos por la parte m\u00e1s alta de esta loma, subiendo progresivamente. Al lado izquierdo dejamos el hueco del Estany de Les Truites, y a la derecha el hueco del mismo valle del R\u00edo de Comapedrosa. Pero llegados a un punto debemos desviarnos a la derecha, hacia un punto alto del vallecillo, de una ancha pala que parece intenta subir hacia el este y se pierde entre las alturas de estas monta\u00f1as. Lo hacemos descendiendo. Es un paso por una ladera bastante vertical, en diagonal, hasta llegar a un punto de la amplia pala que creemos es de subida al Pic de Comapedrosa. A\u00fan no nos d\u00e1 el sol, pero la claridad y paisaje son incre\u00edbles; el d\u00eda de hoy tambi\u00e9n ser\u00e1 excepcional de buen tiempo. La alta monta\u00f1a del Pirineo andorrano en esta parte del macizo del Comapedrosa, tambi\u00e9n es preciosa y espectacular.<\/p>\n<p>Las huellas que seguimos se unen con otras huellas que vienen del fondo del vallecillo, ahora detr\u00e1s nuestro. Nos metemos por esta ancha canal y comenzamos a subir, siguiendo dichas huellas. Llega un momento que las huellas se desv\u00edan por una especie de peque\u00f1a pala, pero sin ser un vallecillo ni hueco, solo una peque\u00f1a pala transversal. Entonces decido no seguir las huellas, y Josep me sigue. El caso es que para meternos en el vallecillo del Estany Negre, esperaba encontrar eso, un vallecillo a la derecha de esta ancha pala, algo parecido a lo que cre\u00eda ver en el Alpina. Pero fue un error: realmente para adentrarnos en dicho vallecillo que te sube a la Portella de Baiau (frontera divisoria de aguas entre el Pirineo de Lleida y Andorra), quedando a la derecha el mismo Pic de Comapedrosa, no encuentras un paso geogr\u00e1fico o desv\u00edo visible y l\u00f3gico\u2026 solo una peque\u00f1a pala transversal que te va subiendo por las laderas y balsas del Estany Negre, hasta el profundo hueco, valle, del mismo, entre los altos picos de Sanfonts, Baiau y el mismo Pic de Comapedrosa. Seguramente en verano y sin nieve, las marcas del G. R. y de subida al lugar, deben de ser m\u00e1s visibles y marcadas. Pero ahora con tanta nieve solo ve\u00edas que las huellas se met\u00edan por esta extra\u00f1a peque\u00f1a pala (que parece no va o sube a ninguna parte) dejando la pala o valle principal abajo y detr\u00e1s. Por ello no segu\u00ed las huellas y segu\u00ed subiendo por esta pala ancha y principal hacia el este, noreste, que parece comienza a empinarse tremendamente como buscando las alturas.<\/p>\n<div id=\"attachment_35931\" style=\"width: 1834px\" class=\"wp-caption aligncenter\"><a class=\"dt-single-image\" href=\"https:\/\/www.monta\u00f1asdelaluna.es\/wp-content\/uploads\/2017\/03\/IMG_3466.jpg\" data-dt-img-description=\"\"><img loading=\"lazy\" decoding=\"async\" aria-describedby=\"caption-attachment-35931\" class=\"wp-image-35931 size-full\" src=\"https:\/\/www.monta\u00f1asdelaluna.es\/wp-content\/uploads\/2017\/03\/IMG_3466.jpg\" alt=\"Amanece en el valle del R\u00edo de Comapedrosa\" width=\"1824\" height=\"1024\" srcset=\"https:\/\/www.monta\u00f1asdelaluna.es\/wp-content\/uploads\/2017\/03\/IMG_3466.jpg 1824w, https:\/\/www.monta\u00f1asdelaluna.es\/wp-content\/uploads\/2017\/03\/IMG_3466-300x168.jpg 300w, https:\/\/www.monta\u00f1asdelaluna.es\/wp-content\/uploads\/2017\/03\/IMG_3466-1024x575.jpg 1024w\" sizes=\"auto, (max-width: 1824px) 100vw, 1824px\" \/><\/a><p id=\"caption-attachment-35931\" class=\"wp-caption-text\">Amanece en el valle del R\u00edo de Comapedrosa<\/p><\/div>\n<div id=\"attachment_35934\" style=\"width: 1834px\" class=\"wp-caption aligncenter\"><a class=\"dt-single-image\" href=\"https:\/\/www.monta\u00f1asdelaluna.es\/wp-content\/uploads\/2017\/03\/IMG_3469.jpg\" data-dt-img-description=\"\"><img loading=\"lazy\" decoding=\"async\" aria-describedby=\"caption-attachment-35934\" class=\"wp-image-35934 size-full\" src=\"https:\/\/www.monta\u00f1asdelaluna.es\/wp-content\/uploads\/2017\/03\/IMG_3469.jpg\" alt=\"A la derecha dejamos el Refugio de Comapedrosa, en la pala de subida la Sanfonts\" width=\"1824\" height=\"1368\" srcset=\"https:\/\/www.monta\u00f1asdelaluna.es\/wp-content\/uploads\/2017\/03\/IMG_3469.jpg 1824w, https:\/\/www.monta\u00f1asdelaluna.es\/wp-content\/uploads\/2017\/03\/IMG_3469-300x225.jpg 300w, https:\/\/www.monta\u00f1asdelaluna.es\/wp-content\/uploads\/2017\/03\/IMG_3469-1024x768.jpg 1024w\" sizes=\"auto, (max-width: 1824px) 100vw, 1824px\" \/><\/a><p id=\"caption-attachment-35934\" class=\"wp-caption-text\">A la derecha dejamos el Refugio de Comapedrosa, en la pala de subida la Sanfonts<\/p><\/div>\n<p>No hay huellas de pisadas ni crampones. Me parec\u00eda ver huellas o rastros de esqu\u00edes, por ello pensaba que era el camino correcto, o al menos un camino por el que los esquiadores monta\u00f1eros siguen, con lo cual nos tiene que llevar a alg\u00fan lado\u2026 Josep me sigue a una distancia. Adem\u00e1s arriba de la pala parec\u00eda ver como giraba a la derecha y sub\u00eda como parec\u00eda hacer el recorrido original en el Alpina para subir al Estany Negre\u2026 pero estaba equivocado como ya he dicho antes.<\/p>\n<p>Mientras lleg\u00e1bamos a lo m\u00e1s alto de esta ancha pala o mejor dicho antes de su giro a la derecha, las vistas y paisaje son incre\u00edbles: en medio de la soledad de estas altas monta\u00f1as, admiramos los pilares y verticales escarpes, espolones de altivos picos y pin\u00e1culos sin nombre que se elevan entre el Pic de Sanfonts y su Portella. Y al fondo, abajo, todo el blanco circo del R\u00edo de Comapedrosa y Estany de Les Truites, con sus formas suaves y onduladas menos cuando se acercan a las alturas y escarpadas cimas.<\/p>\n<div id=\"attachment_35936\" style=\"width: 1034px\" class=\"wp-caption aligncenter\"><a class=\"dt-single-image\" href=\"https:\/\/www.monta\u00f1asdelaluna.es\/wp-content\/uploads\/2017\/03\/IMG_3471.jpg\" data-dt-img-description=\"\"><img loading=\"lazy\" decoding=\"async\" aria-describedby=\"caption-attachment-35936\" class=\"wp-image-35936 size-large\" src=\"https:\/\/www.monta\u00f1asdelaluna.es\/wp-content\/uploads\/2017\/03\/IMG_3471-1024x768.jpg\" alt=\"Josep subiendo por la canal hacia el Sanfonts\" width=\"1024\" height=\"768\" srcset=\"https:\/\/www.monta\u00f1asdelaluna.es\/wp-content\/uploads\/2017\/03\/IMG_3471-1024x768.jpg 1024w, https:\/\/www.monta\u00f1asdelaluna.es\/wp-content\/uploads\/2017\/03\/IMG_3471-300x225.jpg 300w, https:\/\/www.monta\u00f1asdelaluna.es\/wp-content\/uploads\/2017\/03\/IMG_3471.jpg 1824w\" sizes=\"auto, (max-width: 1024px) 100vw, 1024px\" \/><\/a><p id=\"caption-attachment-35936\" class=\"wp-caption-text\">Josep subiendo por la canal hacia el Sanfonts<\/p><\/div>\n<div id=\"attachment_35940\" style=\"width: 1034px\" class=\"wp-caption aligncenter\"><a class=\"dt-single-image\" href=\"https:\/\/www.monta\u00f1asdelaluna.es\/wp-content\/uploads\/2017\/03\/IMG_3477.jpg\" data-dt-img-description=\"\"><img loading=\"lazy\" decoding=\"async\" aria-describedby=\"caption-attachment-35940\" class=\"wp-image-35940 size-large\" src=\"https:\/\/www.monta\u00f1asdelaluna.es\/wp-content\/uploads\/2017\/03\/IMG_3477-1024x768.jpg\" alt=\"Josep subiendo por la canal hacia el Sanfonts, a la derecha el Pic dels Aspres\" width=\"1024\" height=\"768\" srcset=\"https:\/\/www.monta\u00f1asdelaluna.es\/wp-content\/uploads\/2017\/03\/IMG_3477-1024x768.jpg 1024w, https:\/\/www.monta\u00f1asdelaluna.es\/wp-content\/uploads\/2017\/03\/IMG_3477-300x225.jpg 300w, https:\/\/www.monta\u00f1asdelaluna.es\/wp-content\/uploads\/2017\/03\/IMG_3477.jpg 1824w\" sizes=\"auto, (max-width: 1024px) 100vw, 1024px\" \/><\/a><p id=\"caption-attachment-35940\" class=\"wp-caption-text\">Josep subiendo por la canal hacia el Sanfonts, a la derecha el Pic dels Aspres<\/p><\/div>\n<p>Llego al giro de la pala que realmente no es un giro como tal, sino un desv\u00edo de la misma pala que llega a una especie de llano que yo identifico como el Estany Negre\u2026 \u00a1\u00a1Que equivocado estaba!! Ni era el Estany Negre ni hab\u00eda lago all\u00ed, sencillamente un corto llano en medio de una especie de circo, no muy grande, peque\u00f1o. Arriba descubro un peque\u00f1o pil\u00f3n, eje geod\u00e9sico, en la cima del circo\u2026 \u00a1\u00bfes la cima del Pic de Comapedrosa?! Me creo que s\u00ed\u2026 Espero a Josep que llega m\u00e1s cansado y con ganas de retirarse; la lesi\u00f3n que tuvo este pasado verano a\u00fan hace mella en su f\u00edsico y en su mente. Pero al final me seguir\u00e1 hasta la misma cima.<\/p>\n<p>Descansamos algo, comemos algo, admiramos el paisaje. Estamos altos, hemos subido mucha altura en poco tiempo. Realmente la pala llegaba a empinarse mucho, casi 45\u00ba\u2026 a\u00fan no me doy cuenta de mi error y comenzamos a planear como llegar hasta la cima que vemos all\u00e1 arriba; es sencillo: giramos siguiendo la parte m\u00e1s llana y horizontal del lugar, como rodeando la planicie y subiendo poco a poco altura a la vez que avanzamos. Llegamos a la ladera de la derecha, comenzamos a subirla y superarla en zigzag hasta la misma loma cimera que sube de derecha a izquierda, de sur a norte\u2026 y justo cuando estamos llegando a la loma cimera y comenzamos a observar el paisaje que nos tapaba la misma monta\u00f1a que estamos subiendo, descubro otra monta\u00f1a al otro lado de un valle no demasiado lejos que parece m\u00e1s alta que la que estamos subiendo\u2026 \u00a1\u00bfpero no estamos subiendo la monta\u00f1a m\u00e1s alta de Andorra?! \u00a1No deber\u00eda de haber otra tan alta o m\u00e1s tan cerca! Me extra\u00f1o.<\/p>\n<div id=\"attachment_35945\" style=\"width: 1834px\" class=\"wp-caption aligncenter\"><a class=\"dt-single-image\" href=\"https:\/\/www.monta\u00f1asdelaluna.es\/wp-content\/uploads\/2017\/03\/IMG_3484.jpg\" data-dt-img-description=\"\"><img loading=\"lazy\" decoding=\"async\" aria-describedby=\"caption-attachment-35945\" class=\"wp-image-35945 size-full\" src=\"https:\/\/www.monta\u00f1asdelaluna.es\/wp-content\/uploads\/2017\/03\/IMG_3484.jpg\" alt=\"Josep subiendo por la canal hacia el Sanfonts, detr\u00e1s el Pic del Port Vell\" width=\"1824\" height=\"1024\" srcset=\"https:\/\/www.monta\u00f1asdelaluna.es\/wp-content\/uploads\/2017\/03\/IMG_3484.jpg 1824w, https:\/\/www.monta\u00f1asdelaluna.es\/wp-content\/uploads\/2017\/03\/IMG_3484-300x168.jpg 300w, https:\/\/www.monta\u00f1asdelaluna.es\/wp-content\/uploads\/2017\/03\/IMG_3484-1024x575.jpg 1024w\" sizes=\"auto, (max-width: 1824px) 100vw, 1824px\" \/><\/a><p id=\"caption-attachment-35945\" class=\"wp-caption-text\">Josep subiendo por la canal hacia el Sanfonts, detr\u00e1s el Pic del Port Vell<\/p><\/div>\n<div id=\"attachment_35950\" style=\"width: 1034px\" class=\"wp-caption aligncenter\"><a class=\"dt-single-image\" href=\"https:\/\/www.monta\u00f1asdelaluna.es\/wp-content\/uploads\/2017\/03\/IMG_3489.jpg\" data-dt-img-description=\"\"><img loading=\"lazy\" decoding=\"async\" aria-describedby=\"caption-attachment-35950\" class=\"wp-image-35950 size-large\" src=\"https:\/\/www.monta\u00f1asdelaluna.es\/wp-content\/uploads\/2017\/03\/IMG_3489-1024x768.jpg\" alt=\"Joaqu\u00edn en la cima del Pic de Sanfonts, 2.883 mts., detr\u00e1s el Pic de Comapedrosa\" width=\"1024\" height=\"768\" srcset=\"https:\/\/www.monta\u00f1asdelaluna.es\/wp-content\/uploads\/2017\/03\/IMG_3489-1024x768.jpg 1024w, https:\/\/www.monta\u00f1asdelaluna.es\/wp-content\/uploads\/2017\/03\/IMG_3489-300x225.jpg 300w, https:\/\/www.monta\u00f1asdelaluna.es\/wp-content\/uploads\/2017\/03\/IMG_3489.jpg 1824w\" sizes=\"auto, (max-width: 1024px) 100vw, 1024px\" \/><\/a><p id=\"caption-attachment-35950\" class=\"wp-caption-text\">Joaqu\u00edn en la cima del Pic de Sanfonts, 2.883 mts., detr\u00e1s el Pic de Comapedrosa<\/p><\/div>\n<p>Y con unos pocos pasos de subida por la misma loma cimera llego a lo m\u00e1s alto del pico que estamos subiendo: hay un hito y siguiendo la cresta del pico hacia el oeste, el pil\u00f3n o eje geod\u00e9sico que ve\u00eda desde m\u00e1s abajo; y justo mirando hacia el este desde la cima de esta monta\u00f1a, descubro el hueco del vallecillo donde se ubica el Estany Negre, y arriba de \u00e9l una alta monta\u00f1a de vertientes escarpadas, con forma de media luna pero con la cima puntiaguda aunque accesible. Miro el mapa Alpina. Observo el paisaje, la geograf\u00eda, perfil de las monta\u00f1as que veo y en la que estamos, y cuando llega Josep a mi lado le doy la noticia: \u201cEstamos en el Pic de Sanfonts. Aquel es el Pic de Comapedrosa. Nos hemos equivocado\u201d.[vc_separator][vc_empty_space][vc_video link=\u00bbhttps:\/\/vimeo.com\/209231604#t=0s\u00bb title=\u00bbPic de Sanfonts, 2.885 mts.\u00bb][vc_empty_space][vc_column_text]Entonces Josep y yo celebramos la subida hasta los 2.883 mts. de una de las alturas del Pic de Sanfonts con la alegr\u00eda de la cima conquistada y la decepci\u00f3n de no ser el objetivo deseado. Son las 08\u201930 de la ma\u00f1ana; hemos tardado poco m\u00e1s de 2 horas. Las vistas y paisajes son impresionantes. El d\u00eda sigue siendo excepcional, ni una nube y con un sol de justicia omnipotente y sonriente. A la vez el d\u00eda es claro, con buena visibilidad\u2026 llegamos a ver hasta el macizo de los Montes Malditos mirando hacia el oeste: reconozco el perfil del Aneto, Maladeta y la amplia loma limpia de rocas y escarpes, de forma suave y ca\u00eda hac\u00eda el norte del Glaciar del Aneto. Excepcional. Mirando hacia el este, el nombrado Pic de Comapedrosa ya descrito, pero a su izquierda y norte otros dos picos de casi su misma altura me sorprenden por sus formas y perfiles escarpados\u2026 sobre todo el que quedaba m\u00e1s al norte: La Roca Entravessada y el Pic de Medacorba (el de m\u00e1s al norte). Este \u00faltimo parece un verdadero \u201cNaranjo\u201d con una forma casi cil\u00edndrica rodeado de paredes verticales y poco espacio para conquistarlo f\u00e1cilmente\u2026 \u00a1Tengo que volver para subir ese precioso pico! Entre La Roca Entravessada y el mismo Pic de Comapedrosa un c\u00f3nico y casi puntiagudo Pic de Baiau, sobresaliente y m\u00e1s cercano a nosotros, pero no tan alto como \u00e9stos.<\/p>\n<div id=\"attachment_35954\" style=\"width: 1034px\" class=\"wp-caption aligncenter\"><a class=\"dt-single-image\" href=\"https:\/\/www.monta\u00f1asdelaluna.es\/wp-content\/uploads\/2017\/03\/IMG_3501.jpg\" data-dt-img-description=\"\"><img loading=\"lazy\" decoding=\"async\" aria-describedby=\"caption-attachment-35954\" class=\"wp-image-35954 size-large\" src=\"https:\/\/www.monta\u00f1asdelaluna.es\/wp-content\/uploads\/2017\/03\/IMG_3501-1024x768.jpg\" alt=\"Macizo de la Pica d'Estats, de izquierda a derecha: Pic de Sotllo, Port de Sotllo, Pica d'Estats, Punta de Gabarr\u00f3 y Pic de Montcalm\" width=\"1024\" height=\"768\" srcset=\"https:\/\/www.monta\u00f1asdelaluna.es\/wp-content\/uploads\/2017\/03\/IMG_3501-1024x768.jpg 1024w, https:\/\/www.monta\u00f1asdelaluna.es\/wp-content\/uploads\/2017\/03\/IMG_3501-300x225.jpg 300w, https:\/\/www.monta\u00f1asdelaluna.es\/wp-content\/uploads\/2017\/03\/IMG_3501.jpg 1824w\" sizes=\"auto, (max-width: 1024px) 100vw, 1024px\" \/><\/a><p id=\"caption-attachment-35954\" class=\"wp-caption-text\">Macizo de la Pica d&#8217;Estats, de izquierda a derecha: Pic de Sotllo, Port de Sotllo, Pica d&#8217;Estats, Punta de Gabarr\u00f3 y Pic de Montcalm<\/p><\/div>\n<div id=\"attachment_35957\" style=\"width: 1034px\" class=\"wp-caption aligncenter\"><a class=\"dt-single-image\" href=\"https:\/\/www.monta\u00f1asdelaluna.es\/wp-content\/uploads\/2017\/03\/IMG_3508.jpg\" data-dt-img-description=\"\"><img loading=\"lazy\" decoding=\"async\" aria-describedby=\"caption-attachment-35957\" class=\"wp-image-35957 size-large\" src=\"https:\/\/www.monta\u00f1asdelaluna.es\/wp-content\/uploads\/2017\/03\/IMG_3508-1024x768.jpg\" alt=\"Josep en la cresta entre las dos cimas del Pic de Sanfonts\" width=\"1024\" height=\"768\" srcset=\"https:\/\/www.monta\u00f1asdelaluna.es\/wp-content\/uploads\/2017\/03\/IMG_3508-1024x768.jpg 1024w, https:\/\/www.monta\u00f1asdelaluna.es\/wp-content\/uploads\/2017\/03\/IMG_3508-300x225.jpg 300w, https:\/\/www.monta\u00f1asdelaluna.es\/wp-content\/uploads\/2017\/03\/IMG_3508.jpg 1824w\" sizes=\"auto, (max-width: 1024px) 100vw, 1024px\" \/><\/a><p id=\"caption-attachment-35957\" class=\"wp-caption-text\">Josep en la cresta entre las dos cimas del Pic de Sanfonts<\/p><\/div>\n<p>Hac\u00eda el norte un poco m\u00e1s alejado hay otro macizo con varios picos: se distingue a la izquierda el Pic de Sotllo, su collado y el perfil de la Pica d\u2019Estats visto desde una nueva perspectiva m\u00e1s agreste; normalmente vemos las fotos de frente desde abajo del valle que sube al Port de Sotllo y ahora se ve\u00eda con un \u00e1ngulo de 90\u00ba con respecto a dicha visi\u00f3n, m\u00e1s picudo y estilizado. A su derecha el Montcalm. Y mirando en esa direcci\u00f3n, debajo de nosotros un gran circo y lagos de alta monta\u00f1a llenos de abundante nieve: Es el Circo y Estanys de Baiau, por donde prosigue el G.R.-11\u2026 creo ver en la lejan\u00eda el Pic de Certasc\u00e1n, a la izquierda del mismo macizo de la Pica d\u2019Estats\u2026 todo con un d\u00eda, sol y visibilidad envidiable, perfecta, privilegiada.<\/p>\n<p>Despu\u00e9s de las fotos de rigor descubro en el Alpina que hay otra cima con 2 metros m\u00e1s alta en la misma cresta del pico, pero hacia el oeste; le comento a Josep el seguir toda la cresta cimera hasta esta otra cima, y despu\u00e9s volver deshaciendo el camino hasta la que nos encontramos. La cresta o arista no llega a tener pasos aireados pero s\u00ed vertiginosos, siempre viene bien un poco de emoci\u00f3n y adrenalina en la monta\u00f1a para saber que estamos en una actividad emocionante y viva. Pasamos bien la cresta y llegamos al otro lado: estamos a 2.885 mts.; no hay hito ni nada representativo, solo este n\u00famero y marca en el Alpina. Las vistas hacia el oeste son mejores desde aqu\u00ed, ya que desde el otro punto nos tapaba esta misma cima. Las vistas de la cresta con el Pic de Comapedrosa de fondo son excepcionales, casi alpinas y preciosas, espectaculares. Con lo que aprovecho, despu\u00e9s de hacer fotos de cima aqu\u00ed tambi\u00e9n, fotograf\u00edo el paso de Josep por la misma cresta a la vuelta para captar ese momento, d\u00eda y visi\u00f3n.<\/p>\n<div id=\"attachment_35963\" style=\"width: 1034px\" class=\"wp-caption aligncenter\"><a class=\"dt-single-image\" href=\"https:\/\/www.monta\u00f1asdelaluna.es\/wp-content\/uploads\/2017\/03\/IMG_3517.jpg\" data-dt-img-description=\"\"><img loading=\"lazy\" decoding=\"async\" aria-describedby=\"caption-attachment-35963\" class=\"wp-image-35963 size-large\" src=\"https:\/\/www.monta\u00f1asdelaluna.es\/wp-content\/uploads\/2017\/03\/IMG_3517-1024x768.jpg\" alt=\"Joaqu\u00edn en la otra cima del Pic de Sanfonts, 2.885 mts., al fondo el macizo de la Pica d'Estats\" width=\"1024\" height=\"768\" srcset=\"https:\/\/www.monta\u00f1asdelaluna.es\/wp-content\/uploads\/2017\/03\/IMG_3517-1024x768.jpg 1024w, https:\/\/www.monta\u00f1asdelaluna.es\/wp-content\/uploads\/2017\/03\/IMG_3517-300x225.jpg 300w, https:\/\/www.monta\u00f1asdelaluna.es\/wp-content\/uploads\/2017\/03\/IMG_3517.jpg 1824w\" sizes=\"auto, (max-width: 1024px) 100vw, 1024px\" \/><\/a><p id=\"caption-attachment-35963\" class=\"wp-caption-text\">Joaqu\u00edn en la otra cima del Pic de Sanfonts, 2.885 mts., al fondo el macizo de la Pica d&#8217;Estats<\/p><\/div>\n<div id=\"attachment_35969\" style=\"width: 1034px\" class=\"wp-caption aligncenter\"><a class=\"dt-single-image\" href=\"https:\/\/www.monta\u00f1asdelaluna.es\/wp-content\/uploads\/2017\/03\/IMG_3526.jpg\" data-dt-img-description=\"\"><img loading=\"lazy\" decoding=\"async\" aria-describedby=\"caption-attachment-35969\" class=\"wp-image-35969 size-large\" src=\"https:\/\/www.monta\u00f1asdelaluna.es\/wp-content\/uploads\/2017\/03\/IMG_3526-1024x768.jpg\" alt=\"Josep cruzando por la cresta cimera del Pic de Sanfonts, detr\u00e1s el Pic de Comapedrosa\" width=\"1024\" height=\"768\" srcset=\"https:\/\/www.monta\u00f1asdelaluna.es\/wp-content\/uploads\/2017\/03\/IMG_3526-1024x768.jpg 1024w, https:\/\/www.monta\u00f1asdelaluna.es\/wp-content\/uploads\/2017\/03\/IMG_3526-300x225.jpg 300w, https:\/\/www.monta\u00f1asdelaluna.es\/wp-content\/uploads\/2017\/03\/IMG_3526.jpg 1824w\" sizes=\"auto, (max-width: 1024px) 100vw, 1024px\" \/><\/a><p id=\"caption-attachment-35969\" class=\"wp-caption-text\">Josep cruzando por la cresta cimera del Pic de Sanfonts, detr\u00e1s el Pic de Comapedrosa<\/p><\/div>\n<p>De nuevo en la primera cima decidimos bajar; y para no volver a tocar el mismo recorrido de subida y a la vez reconocer parte del camino hacia el Pic de Comapedrosa, decidimos buscar una bajada por el noreste del pico que mire hacia el vallecillo y hueco del Estany Negre, bajo el mismo Pic de Comapedrosa. Y justamente cogemos la bajada hacia un colladito que aparece en esta direcci\u00f3n, como si quisi\u00e9ramos seguir la cresta hacia el Pic y Portella de Baiau. No las tenemos todas con nosotros. El sol comienza a calentar y a quemar de valiente. Nos tenemos que poner mucha crema, protector y quitar ropa; la nieve comienza a ablandarse mientras bajamos.<\/p>\n<p>Ya en el colladito no estamos seguros de que girando a la izquierda, siguiendo el hueco del barranquito, por en medio, podamos bajar y llegar hasta las orillas del Estany Negre. Seg\u00fan el Alpina hay curvas de desnivel muy juntas por los alrededores de la bajada, eso indica inclinaci\u00f3n del terreno m\u00e1s vertical o incluso paredes, agrestes pasos de roca vertical\u2026 se asoma Josep y dice que por un lado no podemos bajar, me asomo yo m\u00e1s abajo y no distingo el camino de bajada entero, ya que un desnivel impide ver cierta continuidad bajo \u00e9l. Pero mientras voy bajado por la inclinada pala, compruebo que no es \u201ctan fiero como lo pintaban\u201d y que tiene continuidad sin problemas hasta las mismas orillas del desaparecido bajo la nieve Estany Negre. La bajada por este barranquito tan nevado de suaves y ondulados perfiles, con el fondo de la misma mole del Pic de Comapedrosa, har\u00e1 las delicias de mi Canon.<\/p>\n<div id=\"attachment_35971\" style=\"width: 1034px\" class=\"wp-caption aligncenter\"><a class=\"dt-single-image\" href=\"https:\/\/www.monta\u00f1asdelaluna.es\/wp-content\/uploads\/2017\/03\/IMG_3529.jpg\" data-dt-img-description=\"\"><img loading=\"lazy\" decoding=\"async\" aria-describedby=\"caption-attachment-35971\" class=\"wp-image-35971 size-large\" src=\"https:\/\/www.monta\u00f1asdelaluna.es\/wp-content\/uploads\/2017\/03\/IMG_3529-1024x768.jpg\" alt=\"Josep cruzando por la cresta cimera del Pic de Sanfonts, detr\u00e1s, se observa a la gente en la cima del Pic de Comapedrosa\" width=\"1024\" height=\"768\" srcset=\"https:\/\/www.monta\u00f1asdelaluna.es\/wp-content\/uploads\/2017\/03\/IMG_3529-1024x768.jpg 1024w, https:\/\/www.monta\u00f1asdelaluna.es\/wp-content\/uploads\/2017\/03\/IMG_3529-300x225.jpg 300w, https:\/\/www.monta\u00f1asdelaluna.es\/wp-content\/uploads\/2017\/03\/IMG_3529.jpg 1824w\" sizes=\"auto, (max-width: 1024px) 100vw, 1024px\" \/><\/a><p id=\"caption-attachment-35971\" class=\"wp-caption-text\">Josep cruzando por la cresta cimera del Pic de Sanfonts, detr\u00e1s, se observa a la gente en la cima del Pic de Comapedrosa<\/p><\/div>\n<div id=\"attachment_35973\" style=\"width: 1834px\" class=\"wp-caption aligncenter\"><a class=\"dt-single-image\" href=\"https:\/\/www.monta\u00f1asdelaluna.es\/wp-content\/uploads\/2017\/03\/IMG_3531.jpg\" data-dt-img-description=\"\"><img loading=\"lazy\" decoding=\"async\" aria-describedby=\"caption-attachment-35973\" class=\"wp-image-35973 size-full\" src=\"https:\/\/www.monta\u00f1asdelaluna.es\/wp-content\/uploads\/2017\/03\/IMG_3531.jpg\" alt=\"Bajando del Pic de Sanfonts, delante el Pic de Comapedrosa\" width=\"1824\" height=\"1368\" srcset=\"https:\/\/www.monta\u00f1asdelaluna.es\/wp-content\/uploads\/2017\/03\/IMG_3531.jpg 1824w, https:\/\/www.monta\u00f1asdelaluna.es\/wp-content\/uploads\/2017\/03\/IMG_3531-300x225.jpg 300w, https:\/\/www.monta\u00f1asdelaluna.es\/wp-content\/uploads\/2017\/03\/IMG_3531-1024x768.jpg 1024w\" sizes=\"auto, (max-width: 1824px) 100vw, 1824px\" \/><\/a><p id=\"caption-attachment-35973\" class=\"wp-caption-text\">Bajando del Pic de Sanfonts, delante el Pic de Comapedrosa<\/p><\/div>\n<p>Una vez abajo en las orillas del lago, ya vemos las numerosas huellas de pisadas en la nieve y esqu\u00eds. Antes, desde la cima del Pic de Sanfonts hemos observado como monta\u00f1eros llegaban a la cima del Pic de Comapedrosa y bajaban (antes sub\u00edan) por las laderas de este valle y monta\u00f1a. Una vez sobre las mismas huellas decidimos seguirlas de bajada hacia la derecha, dejando el Pic de Comapedrosa y el mismo laguito a nuestra espalda.<\/p>\n<p>La bajada es r\u00e1pida y efectivamente las huellas siguen por aquella palita que parec\u00eda iba a ninguna parte: al salir del hueco del Estany Negre ya no existe vallecillo, solo palas en las laderas de la monta\u00f1a. Estas palas enlazan el vallecillo o hueco del R\u00edo de Comapedrosa con el del Estany Negre\u2026 y esperaba encontrarme con la entrada a un vallecillo o hueco que me llevase hasta este lago. No existe.<\/p>\n<div id=\"attachment_35974\" style=\"width: 1034px\" class=\"wp-caption aligncenter\"><a class=\"dt-single-image\" href=\"https:\/\/www.monta\u00f1asdelaluna.es\/wp-content\/uploads\/2017\/03\/IMG_3532.jpg\" data-dt-img-description=\"\"><img loading=\"lazy\" decoding=\"async\" aria-describedby=\"caption-attachment-35974\" class=\"wp-image-35974 size-large\" src=\"https:\/\/www.monta\u00f1asdelaluna.es\/wp-content\/uploads\/2017\/03\/IMG_3532-1024x768.jpg\" alt=\"Josep bajando del Pic de Sanfonts, al fondo la Pica d'Estats y a la derecha el Pic de Medacorba\" width=\"1024\" height=\"768\" srcset=\"https:\/\/www.monta\u00f1asdelaluna.es\/wp-content\/uploads\/2017\/03\/IMG_3532-1024x768.jpg 1024w, https:\/\/www.monta\u00f1asdelaluna.es\/wp-content\/uploads\/2017\/03\/IMG_3532-300x225.jpg 300w, https:\/\/www.monta\u00f1asdelaluna.es\/wp-content\/uploads\/2017\/03\/IMG_3532.jpg 1824w\" sizes=\"auto, (max-width: 1024px) 100vw, 1024px\" \/><\/a><p id=\"caption-attachment-35974\" class=\"wp-caption-text\">Josep bajando del Pic de Sanfonts, al fondo la Pica d&#8217;Estats y a la derecha el Pic de Medacorba<\/p><\/div>\n<div id=\"attachment_35976\" style=\"width: 1034px\" class=\"wp-caption aligncenter\"><a class=\"dt-single-image\" href=\"https:\/\/www.monta\u00f1asdelaluna.es\/wp-content\/uploads\/2017\/03\/IMG_3534.jpg\" data-dt-img-description=\"\"><img loading=\"lazy\" decoding=\"async\" aria-describedby=\"caption-attachment-35976\" class=\"wp-image-35976 size-large\" src=\"https:\/\/www.monta\u00f1asdelaluna.es\/wp-content\/uploads\/2017\/03\/IMG_3534-1024x768.jpg\" alt=\"Bajando al Estany Negre\" width=\"1024\" height=\"768\" srcset=\"https:\/\/www.monta\u00f1asdelaluna.es\/wp-content\/uploads\/2017\/03\/IMG_3534-1024x768.jpg 1024w, https:\/\/www.monta\u00f1asdelaluna.es\/wp-content\/uploads\/2017\/03\/IMG_3534-300x225.jpg 300w, https:\/\/www.monta\u00f1asdelaluna.es\/wp-content\/uploads\/2017\/03\/IMG_3534.jpg 1824w\" sizes=\"auto, (max-width: 1024px) 100vw, 1024px\" \/><\/a><p id=\"caption-attachment-35976\" class=\"wp-caption-text\">Bajando al Estany Negre<\/p><\/div>\n<p>Ya estamos en la pala principal del R\u00edo de Comapedrosa. A la izquierda se abre el valle y vemos suspendido encima de la loma, nada m\u00e1s comenzar la loma que separa dicho vallecillo del r\u00edo con el Estany de Les Truites, a nuestro Refugio de Comapedrosa. Ahora solo hay que desandar camino y huellas. Pero no volveremos a subir a la loma hasta que solo nos lleve directo al refugio\u2026 para no tener que subir innecesariamente m\u00e1s de la cuenta, como cuando salimos del refugio esta madrugada\u2026 \u00a1\u00a1Las huellas me han despistado mucho en esta salida!!<\/p>\n<p>Son las 11 u 11\u201930 de la ma\u00f1ana cuando llegamos al refugio. Y el sol ya quema y castiga en la alta monta\u00f1a. Este d\u00eda har\u00e1 m\u00e1s calor que ayer. Todas nuestras cosas est\u00e1n intactas. Las recogemos, rehacemos las mochilas y comenzamos la bajada, despidi\u00e9ndonos del id\u00edlico refugio hasta la pr\u00f3xima vez. Como dec\u00eda Josep \u201cAra ja sabem como es el refugi d\u2019hivern per a la propera vegada que volguem tornar\u201d. Efectivamente\u2026 y el camino al Pic de Comapedrosa tambi\u00e9n.<\/p>\n<div id=\"attachment_35981\" style=\"width: 1834px\" class=\"wp-caption aligncenter\"><a class=\"dt-single-image\" href=\"https:\/\/www.monta\u00f1asdelaluna.es\/wp-content\/uploads\/2017\/03\/IMG_3540.jpg\" data-dt-img-description=\"\"><img loading=\"lazy\" decoding=\"async\" aria-describedby=\"caption-attachment-35981\" class=\"wp-image-35981 size-full\" src=\"https:\/\/www.monta\u00f1asdelaluna.es\/wp-content\/uploads\/2017\/03\/IMG_3540.jpg\" alt=\"Llegando al Refugio de Comapedrosa, 2.267 mts.\" width=\"1824\" height=\"1024\" srcset=\"https:\/\/www.monta\u00f1asdelaluna.es\/wp-content\/uploads\/2017\/03\/IMG_3540.jpg 1824w, https:\/\/www.monta\u00f1asdelaluna.es\/wp-content\/uploads\/2017\/03\/IMG_3540-300x168.jpg 300w, https:\/\/www.monta\u00f1asdelaluna.es\/wp-content\/uploads\/2017\/03\/IMG_3540-1024x575.jpg 1024w\" sizes=\"auto, (max-width: 1824px) 100vw, 1824px\" \/><\/a><p id=\"caption-attachment-35981\" class=\"wp-caption-text\">Llegando al Refugio de Comapedrosa, 2.267 mts.<\/p><\/div>\n<div id=\"attachment_35989\" style=\"width: 1034px\" class=\"wp-caption aligncenter\"><a class=\"dt-single-image\" href=\"https:\/\/www.monta\u00f1asdelaluna.es\/wp-content\/uploads\/2017\/03\/IMG_3553.jpg\" data-dt-img-description=\"\"><img loading=\"lazy\" decoding=\"async\" aria-describedby=\"caption-attachment-35989\" class=\"wp-image-35989 size-large\" src=\"https:\/\/www.monta\u00f1asdelaluna.es\/wp-content\/uploads\/2017\/03\/IMG_3553-1024x768.jpg\" alt=\"Josep en la senda de bajada al camino\" width=\"1024\" height=\"768\" srcset=\"https:\/\/www.monta\u00f1asdelaluna.es\/wp-content\/uploads\/2017\/03\/IMG_3553-1024x768.jpg 1024w, https:\/\/www.monta\u00f1asdelaluna.es\/wp-content\/uploads\/2017\/03\/IMG_3553-300x225.jpg 300w, https:\/\/www.monta\u00f1asdelaluna.es\/wp-content\/uploads\/2017\/03\/IMG_3553.jpg 1824w\" sizes=\"auto, (max-width: 1024px) 100vw, 1024px\" \/><\/a><p id=\"caption-attachment-35989\" class=\"wp-caption-text\">Josep en la senda de bajada al camino<\/p><\/div>\n<p>La bajada es deshaciendo el camino: bajar en 2 minutos al Collet de Comapedrosa y desde aqu\u00ed toda la ladera derecha de umbr\u00eda y nevada del vallecillo que baja en direcci\u00f3n oeste hasta encontrarnos con el camino o pista. No hay p\u00e9rdida. El pobre Josep sufre y se retrasa: la nieve est\u00e1 muy blanda por culpa de este sol primaveral en este magn\u00edfico d\u00eda, y baja con miedo de hacerse da\u00f1o en la pierna y tobillo lesionados de este pasado verano. Pero al final en menos tiempo del que \u00e9l cre\u00eda llegamos al coche, hemos hecho todo el recorrido de bajada que ayer hicimos de subida y sobre la 1 del mediod\u00eda estamos quit\u00e1ndonos las botas ya, en solo hora y media. En lugar de coger de nuevo la sendilla por el recorrido e itinerario ecol\u00f3gico del parque natural, decidimos seguir la pista o camino a ver donde paraba. Y esta vez s\u00ed que acierto: para justo en las \u00faltimas casas donde hemos dejado el coche.<\/p>\n<p>Nos cambiamos, refrescamos, lavamos, guardamos el material y mochilas en el coche y sobre la 1\u201930 del mediod\u00eda ya estamos en la carretera en busca de Andorra La Vella y el Pirineo de Lleida. Los d\u00edas y lugar han sido id\u00edlicos e incre\u00edbles\u2026 si no fuera porque nos hemos equivocado de pico. En el peque\u00f1o refugio libre de invierno del Comapedrosa hemos dejado nuestra impronta y firma en su libro \u201cde bit\u00e1cora\u201d; es un refugio estupendo. Estos andorranos cuidan muy bien estos detalles y lugares. El pico ha sido bonito, e incluyendo su cresta entre las dos alturas, m\u00e1s emocionante a\u00fan (ya que no sub\u00edamos al Pic de Comapedrosa al menos que tuviera m\u00e1s aliciente esta ascensi\u00f3n). Pero lo que m\u00e1s me ha encantado es descubrir nuevas monta\u00f1as y paisajes pirenaicos en estas alturas de Andorra: las vistas hacia el Pic de Comapedrosa tan altivo y llamativo, junto con el cilindro escarpado y vertical del Pic de Medacorba, han despertado en mi la expectaci\u00f3n y deseo de conquistar sus cimas y pasearme por sus faldas\u2026 un Pirineo precioso y alpino en este extra\u00f1o final de invierno de 2.017.<\/p>\n<div id=\"attachment_36112\" style=\"width: 992px\" class=\"wp-caption aligncenter\"><a class=\"dt-single-image\" href=\"https:\/\/www.monta\u00f1asdelaluna.es\/wp-content\/uploads\/2017\/03\/Sanfonts.croquis.jpg\" data-dt-img-description=\"\"><img loading=\"lazy\" decoding=\"async\" aria-describedby=\"caption-attachment-36112\" class=\"wp-image-36112 size-full\" src=\"https:\/\/www.monta\u00f1asdelaluna.es\/wp-content\/uploads\/2017\/03\/Sanfonts.croquis.jpg\" alt=\"Croquis de la ascensi\u00f3n al Pic de Sanfonts\" width=\"982\" height=\"697\" srcset=\"https:\/\/www.monta\u00f1asdelaluna.es\/wp-content\/uploads\/2017\/03\/Sanfonts.croquis.jpg 982w, https:\/\/www.monta\u00f1asdelaluna.es\/wp-content\/uploads\/2017\/03\/Sanfonts.croquis-300x213.jpg 300w\" sizes=\"auto, (max-width: 982px) 100vw, 982px\" \/><\/a><p id=\"caption-attachment-36112\" class=\"wp-caption-text\">Croquis de la ascensi\u00f3n al Pic de Sanfonts<\/p><\/div>\n<p>[\/vc_column_text][\/vc_column][\/vc_row][vc_row][vc_column][vc_empty_space height=\u00bb60px\u00bb][\/vc_column][\/vc_row][vc_row][vc_column][vc_cta h2=\u00bb\u00c1lbum de fotos\u00bb txt_align=\u00bbcenter\u00bb add_button=\u00bbbottom\u00bb btn_title=\u00bbVer fotos\u00bb btn_color=\u00bbwarning\u00bb btn_align=\u00bbcenter\u00bb btn_link=\u00bburl:https%3A%2F%2Fmonta%C3%B1asdelaluna.es%2F%3Fdt_gallery%3Dpic-de-sanfonts-invernal-2|title:Pic%20de%20Sanfonts%20invernal|target:_blank\u00bb css=\u00bb.vc_custom_1625785162680{background-color: #8bc4ed !important;}\u00bb]Puedes ver todas las fotos del relato y actividad en forma de presentaci\u00f3n o individuales pinchando aqui \u00a1No te las pierdas![\/vc_cta][\/vc_column][\/vc_row][vc_row][vc_column][vc_empty_space height=\u00bb60px\u00bb][\/vc_column][\/vc_row][vc_row][vc_column width=\u00bb1\/3&#8243;][\/vc_column][vc_column width=\u00bb1\/2&#8243;][vc_raw_html]JTNDaWZyYW1lJTIwc3JjJTNEJTIyaHR0cHMlM0ElMkYlMkZ3d3cubWV0ZW9ibHVlLmNvbSUyRmVzJTJGdGllbXBvJTJGd2lkZ2V0JTJGZGFpbHklMkZwaWMtZGUtc2FuZm9uc19wcmluY2lwYWRvLWRlLWFuZG9ycmFfMzAzOTE4NSUzRmdlb2xvYyUzRGZpeGVkJTI2ZGF5cyUzRDclMjZ0ZW1wdW5pdCUzRENFTFNJVVMlMjZ3aW5kdW5pdCUzREtJTE9NRVRFUl9QRVJfSE9VUiUyNmNvbG91cmVkJTNEY29sb3VyZWQlMjZwaWN0b2ljb24lM0QwJTI2cGljdG9pY29uJTNEMSUyNm1heHRlbXBlcmF0dXJlJTNEMCUyNm1heHRlbXBlcmF0dXJlJTNEMSUyNm1pbnRlbXBlcmF0dXJlJTNEMCUyNm1pbnRlbXBlcmF0dXJlJTNEMSUyNndpbmRzcGVlZCUzRDAlMjZ3aW5kc3BlZWQlM0QxJTI2d2luZGd1c3QlM0QwJTI2d2luZGd1c3QlM0QxJTI2d2luZGRpcmVjdGlvbiUzRDAlMjZ3aW5kZGlyZWN0aW9uJTNEMSUyNnV2JTNEMCUyNmh1bWlkaXR5JTNEMCUyNnByZWNpcGl0YXRpb24lM0QwJTI2cHJlY2lwaXRhdGlvbiUzRDElMjZwcmVjaXBpdGF0aW9ucHJvYmFiaWxpdHklM0QwJTI2cHJlY2lwaXRhdGlvbnByb2JhYmlsaXR5JTNEMSUyNnNwb3QlM0QwJTI2c3BvdCUzRDElMjZwcmVzc3VyZSUzRDAlMjZwcmVzc3VyZSUzRDElMjZsYXlvdXQlM0RsaWdodCUyMiUyMCUyMGZyYW1lYm9yZGVyJTNEJTIyMCUyMiUyMHNjcm9sbGluZyUzRCUyMk5PJTIyJTIwYWxsb3d0cmFuc3BhcmVuY3klM0QlMjJ0cnVlJTIyJTIwc2FuZGJveCUzRCUyMmFsbG93LXNhbWUtb3JpZ2luJTIwYWxsb3ctc2NyaXB0cyUyMGFsbG93LXBvcHVwcyUyMiUyMHN0eWxlJTNEJTIyd2lkdGglM0ElMjAzNzhweCUzQmhlaWdodCUzQSUyMDQxM3B4JTIyJTNFJTNDJTJGaWZyYW1lJTNFJTNDZGl2JTNFJTNDJTIxLS0lMjBETyUyME5PVCUyMFJFTU9WRSUyMFRISVMlMjBMSU5LJTIwLS0lM0UlM0NhJTIwaHJlZiUzRCUyMmh0dHBzJTNBJTJGJTJGd3d3Lm1ldGVvYmx1ZS5jb20lMkZlcyUyRnRpZW1wbyUyRnByb25vc3RpY28lMkZzZW1hbmElMkZwaWMtZGUtc2FuZm9uc19wcmluY2lwYWRvLWRlLWFuZG9ycmFfMzAzOTE4NSUzRnV0bV9zb3VyY2UlM0R3ZWF0aGVyX3dpZGdldCUyNnV0bV9tZWRpdW0lM0RsaW5rdXMlMjZ1dG1fY29udGVudCUzRGRhaWx5JTI2dXRtX2NhbXBhaWduJTNEV2VhdGhlciUyNTJCV2lkZ2V0JTIyJTIwdGFyZ2V0JTNEJTIyX2JsYW5rJTIyJTNFbWV0ZW9ibHVlJTNDJTJGYSUzRSUzQyUyRmRpdiUzRQ==[\/vc_raw_html][\/vc_column][vc_column width=\u00bb1\/5&#8243;][\/vc_column][\/vc_row]<\/p>\n","protected":false},"excerpt":{"rendered":"<p>[vc_row][vc_column][vc_column_text]En un principio la idea era subir a la monta\u00f1a m\u00e1s alta de Andorra, el Pic de Comapedrosa, pero el resultado final no fue el esperado pero tampoco nos defraud\u00f3. Es lo que a veces tiene la aventura y el dejarte llevar por las sensaciones e intuiciones, en lugar de ver bien, sentado y concienzudamente&hellip;<\/p>\n","protected":false},"author":1,"featured_media":35950,"comment_status":"open","ping_status":"open","sticky":false,"template":"","format":"standard","meta":[],"categories":[91],"tags":[],"class_list":["post-36108","post","type-post","status-publish","format-standard","has-post-thumbnail","hentry","category-pirineo-frances-y-andorra","category-91","description-off"],"_links":{"self":[{"href":"https:\/\/www.monta\u00f1asdelaluna.es\/index.php?rest_route=\/wp\/v2\/posts\/36108","targetHints":{"allow":["GET"]}}],"collection":[{"href":"https:\/\/www.monta\u00f1asdelaluna.es\/index.php?rest_route=\/wp\/v2\/posts"}],"about":[{"href":"https:\/\/www.monta\u00f1asdelaluna.es\/index.php?rest_route=\/wp\/v2\/types\/post"}],"author":[{"embeddable":true,"href":"https:\/\/www.monta\u00f1asdelaluna.es\/index.php?rest_route=\/wp\/v2\/users\/1"}],"replies":[{"embeddable":true,"href":"https:\/\/www.monta\u00f1asdelaluna.es\/index.php?rest_route=%2Fwp%2Fv2%2Fcomments&post=36108"}],"version-history":[{"count":9,"href":"https:\/\/www.monta\u00f1asdelaluna.es\/index.php?rest_route=\/wp\/v2\/posts\/36108\/revisions"}],"predecessor-version":[{"id":50142,"href":"https:\/\/www.monta\u00f1asdelaluna.es\/index.php?rest_route=\/wp\/v2\/posts\/36108\/revisions\/50142"}],"wp:featuredmedia":[{"embeddable":true,"href":"https:\/\/www.monta\u00f1asdelaluna.es\/index.php?rest_route=\/wp\/v2\/media\/35950"}],"wp:attachment":[{"href":"https:\/\/www.monta\u00f1asdelaluna.es\/index.php?rest_route=%2Fwp%2Fv2%2Fmedia&parent=36108"}],"wp:term":[{"taxonomy":"category","embeddable":true,"href":"https:\/\/www.monta\u00f1asdelaluna.es\/index.php?rest_route=%2Fwp%2Fv2%2Fcategories&post=36108"},{"taxonomy":"post_tag","embeddable":true,"href":"https:\/\/www.monta\u00f1asdelaluna.es\/index.php?rest_route=%2Fwp%2Fv2%2Ftags&post=36108"}],"curies":[{"name":"wp","href":"https:\/\/api.w.org\/{rel}","templated":true}]}}