{"id":36289,"date":"1994-09-16T13:32:54","date_gmt":"1994-09-16T13:32:54","guid":{"rendered":"http:\/\/monta\u00f1asdelaluna.com\/?p=36289"},"modified":"2021-08-01T18:19:38","modified_gmt":"2021-08-01T18:19:38","slug":"panticosa-casa-de-piedra-2","status":"publish","type":"post","link":"https:\/\/www.monta\u00f1asdelaluna.es\/?p=36289","title":{"rendered":"Panticosa. Casa de Piedra"},"content":{"rendered":"<p>[vc_row][vc_column][vc_column_text]En el primer viaje a los Pirineos, en el noventa y cuatro, lo terminamos haciendo una visita a Panticosa despu\u00e9s de recorrernos el Valle de Ordesa. Yo no hab\u00eda visto ni conoc\u00eda nada del Valle de Panticosa, ni de los tresmiles que lo rodean. Y as\u00ed, despu\u00e9s de llegar a Biescas, en el gran Valle de Tena, pasado dicha poblaci\u00f3n, ten\u00edamos el cruce para ir a Panticosa y m\u00e1s arriba a Ba\u00f1os de Panticosa.<\/p>\n<p>Desde la entrada en este peque\u00f1o Valle de Panticosa, los bosques y la abundante vegetaci\u00f3n le dan un toque bonito, acogedor y entra\u00f1able. Ba\u00f1os de Panticosa se encuentra en una antigua cubeta glaciar; con su peque\u00f1o lago, ahora represado, a algo m\u00e1s de mil seiscientos metros. Lo rodea, como antes he dicho, un tupido y cuidado bosque. Replantado hace algunas d\u00e9cadas, seg\u00fan me enter\u00e9, por que unas fuertes lluvias inundaron y destrozaron el balneario al no haber cobertura vegetal que aguantara el agua. Ahora todo el valle es boscoso y el agua ya no le har\u00e1 m\u00e1s da\u00f1o, sino que ser\u00e1 vida y medios de vida en todo el valle.<\/p>\n<div id=\"attachment_36273\" style=\"width: 1795px\" class=\"wp-caption aligncenter\"><a class=\"dt-single-image\" href=\"https:\/\/www.monta\u00f1asdelaluna.es\/wp-content\/uploads\/2017\/04\/Panticosa94-02-001.jpg\" data-dt-img-description=\"\"><img loading=\"lazy\" decoding=\"async\" aria-describedby=\"caption-attachment-36273\" class=\"wp-image-36273 size-full\" src=\"https:\/\/www.monta\u00f1asdelaluna.es\/wp-content\/uploads\/2017\/04\/Panticosa94-02-001.jpg\" alt=\"Desde los Ba\u00f1os de Panticosa, a la izquierda el Argualas, en el centro el Garmo Negro y a la derecha Pondiellos\" width=\"1785\" height=\"1157\" srcset=\"https:\/\/www.monta\u00f1asdelaluna.es\/wp-content\/uploads\/2017\/04\/Panticosa94-02-001.jpg 1785w, https:\/\/www.monta\u00f1asdelaluna.es\/wp-content\/uploads\/2017\/04\/Panticosa94-02-001-300x194.jpg 300w, https:\/\/www.monta\u00f1asdelaluna.es\/wp-content\/uploads\/2017\/04\/Panticosa94-02-001-1024x664.jpg 1024w\" sizes=\"auto, (max-width: 1785px) 100vw, 1785px\" \/><\/a><p id=\"caption-attachment-36273\" class=\"wp-caption-text\">Desde los Ba\u00f1os de Panticosa, a la izquierda el Argualas, en el centro el Garmo Negro y a la derecha Pondiellos<\/p><\/div>\n<p>Grandes desniveles rodean los Ba\u00f1os de Panticosa, ya que altas y grandes monta\u00f1as flanquean las fronteras del valle. Hac\u00eda el norte, altos y esplendorosos, aparecen cuatro tresmiles esbeltos y magn\u00edficos, cada uno de una forma pero todos encrespados y altivos: El Argualas, el Algas, el Garmo Negro y los Arnales. Aunque realmente desde el fondo del valle donde est\u00e1 el balneario, solo se vislumbran el Argualas y el Garmo Negro. De izquierda a derecha \u00e9stos se presentan engrandecidos por el desnivel que existe desde el fondo del valle hasta las cumbres de estos picos. Desde aqu\u00ed quedan m\u00e1s atr\u00e1s los Picos del Infierno, ya que superponen los Arnales a \u00e9stos.<\/p>\n<p>El lugar es encantador. Regidos por grandes y antiguos caserones, hoteles y sanatorios del balneario con un bonito parque a orillas del peque\u00f1o lago que se abre en este rinc\u00f3n de valle. La nieve reci\u00e9n ca\u00edda d\u00edas atr\u00e1s le da un toque de inmaculada belleza en las laderas altas de estas magn\u00edficas monta\u00f1as. Con el atardecer, la enormidad y la soledad de estos paisajes al oscurecerse se ensalzan en un aura de misterio, solemnidad y belleza, que te hacen sentirte tranquilo, sereno y a la vez vulnerable ante tanta grandiosidad.<\/p>\n<div id=\"attachment_36272\" style=\"width: 830px\" class=\"wp-caption aligncenter\"><a class=\"dt-single-image\" href=\"https:\/\/www.monta\u00f1asdelaluna.es\/wp-content\/uploads\/2017\/04\/Panticosa94-01-001.jpg\" data-dt-img-description=\"\"><img loading=\"lazy\" decoding=\"async\" aria-describedby=\"caption-attachment-36272\" class=\"wp-image-36272 \" src=\"https:\/\/www.monta\u00f1asdelaluna.es\/wp-content\/uploads\/2017\/04\/Panticosa94-01-001.jpg\" alt=\"Refugio Casa de Piedra en Ba\u00f1os de Panticosa, 1.636 mts.\" width=\"820\" height=\"1270\" srcset=\"https:\/\/www.monta\u00f1asdelaluna.es\/wp-content\/uploads\/2017\/04\/Panticosa94-01-001.jpg 1153w, https:\/\/www.monta\u00f1asdelaluna.es\/wp-content\/uploads\/2017\/04\/Panticosa94-01-001-194x300.jpg 194w, https:\/\/www.monta\u00f1asdelaluna.es\/wp-content\/uploads\/2017\/04\/Panticosa94-01-001-661x1024.jpg 661w\" sizes=\"auto, (max-width: 820px) 100vw, 820px\" \/><\/a><p id=\"caption-attachment-36272\" class=\"wp-caption-text\">Refugio Casa de Piedra en Ba\u00f1os de Panticosa, 1.636 mts.<\/p><\/div>\n<p>Llegamos algo tarde y decidimos pasar la noche en el encantador y acogedor Refugio Casa de Piedra; con la forma aut\u00e9ntica de una casa pirenaica con sus muros gruesos de fachada empedrada y tejado de madera con una inclinaci\u00f3n y l\u00ednea adorable. Aunque no tiene tantas plazas como el de G\u00f3riz o La Renclusa, \u00e9ste es m\u00e1s bonito tanto por fuera como por dentro. Las habitaciones y ba\u00f1os est\u00e1n muy bien cuidados. El dormir en aquellas literas corridas se hace con un sue\u00f1o dulce y agradable, sobre todo si est\u00e1s cansado; tambi\u00e9n el lugar acogedor te ayuda a sentirte tranquilo&#8230; si no fuera por los gritos, golpes y movimientos que daba Jes\u00fas Andujar en sue\u00f1os mientras dorm\u00eda. Si no le llego a despertar se podr\u00eda haber ca\u00eddo litera abajo y darse un buen \u201cmorrazo\u201d contra el suelo. \u00a1Qu\u00e9 esc\u00e1ndalo de sue\u00f1os!<\/p>\n<p>Al otro d\u00eda nos levantamos y decidimos no hacer ninguna actividad monta\u00f1era, estamos cansados, \u201caperreados\u201d. Yo creo que el fuerte desnivel que hay desde Ba\u00f1os de Panticosa a los tresmiles que se ven desde all\u00ed, nos amedrentan a subirlos ese d\u00eda. Vemos algo m\u00e1s del balneario y decidimos salir ya hac\u00eda Alicante. Dejamos este encantador lugar con ganas de conocerlo mejor y pensando que alg\u00fan d\u00eda volver\u00eda para subir a sus altos picos, recorrer sus boscosas sendas y ba\u00f1arme en sus cristalinos riachuelos. El Valle de Panticosa qued\u00f3 grabado en mi recuerdo esos d\u00edas, sobre todo la magn\u00edfica visi\u00f3n del Garmo Negro y el Argualas desde el Balneario; con su bosque primero, su prader\u00edo despu\u00e9s y sus riscos, neveros, crestas y picos por \u00faltimo. Merecer\u00e1 la pena volver.<\/p>\n<div id=\"attachment_36275\" style=\"width: 2555px\" class=\"wp-caption aligncenter\"><a class=\"dt-single-image\" href=\"https:\/\/www.monta\u00f1asdelaluna.es\/wp-content\/uploads\/2017\/04\/Panticosa94-04-001.jpg\" data-dt-img-description=\"\"><img loading=\"lazy\" decoding=\"async\" aria-describedby=\"caption-attachment-36275\" class=\"wp-image-36275 size-full\" src=\"https:\/\/www.monta\u00f1asdelaluna.es\/wp-content\/uploads\/2017\/04\/Panticosa94-04-001.jpg\" alt=\"Valle de Tena: a la izquierda el Embalse de B\u00fabal, arriba en el centro el Collado de Cachivirizas, y arriba de \u00e9ste a la derecha el Pe\u00f1a Telera entre nubes, en la Serra de La Partacua\" width=\"2545\" height=\"1095\" srcset=\"https:\/\/www.monta\u00f1asdelaluna.es\/wp-content\/uploads\/2017\/04\/Panticosa94-04-001.jpg 2545w, https:\/\/www.monta\u00f1asdelaluna.es\/wp-content\/uploads\/2017\/04\/Panticosa94-04-001-300x129.jpg 300w, https:\/\/www.monta\u00f1asdelaluna.es\/wp-content\/uploads\/2017\/04\/Panticosa94-04-001-1024x441.jpg 1024w\" sizes=\"auto, (max-width: 2545px) 100vw, 2545px\" \/><\/a><p id=\"caption-attachment-36275\" class=\"wp-caption-text\">Valle de Tena: a la izquierda el Embalse de B\u00fabal, arriba en el centro el Collado de Cachivirizas, y arriba de \u00e9ste a la derecha el Pe\u00f1a Telera entre nubes, en la Serra de La Partacua<\/p><\/div>\n<p>Ya en la carretera de vuelta y antes de coger el fondo del Valle de Tena, el gran macizo del Collarada-Tende\u00f1era se nos muestra justo en frente, soberbio, altivo, enorme y espectacular. No dudo en bajarme de la furgoneta y hacerle algunas fotos. Y as\u00ed, con esta visi\u00f3n, volvemos a las llanuras, a la rutina, al nivel del mar, a la civilizaci\u00f3n, a la muchedumbre, al agobio&#8230; a la enso\u00f1aci\u00f3n y a la nostalgia.<\/p>\n<p>Texto sacado del art\u00edculo ANETO: EL RETO DEL PICO M\u00c1S ALTO DE LOS PIRINEOS escrito con el mismo t\u00edtulo en el n\u00famero 7 de la desaparecida revista Centro Verde del Centro Excursionista Almorad\u00ed, en noviembre de 1.994:<\/p>\n<p><span style=\"color: #ff0000;\">&#8230;<\/span><\/p>\n<p><span style=\"color: #ff0000;\">En Panticosa subimos al Balneario del mismo, al Refugio Casa de Piedra, donde hicimos noche, a 1.636 mts., a el cual pudimos llegar sin dejar el coche. A la ma\u00f1ana siguiente del s\u00e1bado pudimos admirar los tresmiles del macizo de los Picos del Infierno, el Argualas (3.046 mts.) y el Garmo Negro (3.051 mts.) en otro bello paisaje de la alta monta\u00f1a pirenaica. Salimos hacia Almorad\u00ed dejando el Pirineo y sus tresmiles; para\u00edso de monta\u00f1eros amantes de la naturaleza y de la fauna salvaje.<\/span><\/p>\n<p><span style=\"color: #ff0000;\">\u00a0\u00a0\u00a0\u00a0\u00a0 Este viaje lo hice junto con Paco S\u00e1nchez, Cano, Jes\u00fas And\u00fajar y \u201cHenry\u201d que estuvo con nosotros en La Renclusa.<\/span><\/p>\n<div id=\"attachment_43398\" style=\"width: 831px\" class=\"wp-caption aligncenter\"><a class=\"dt-single-image\" href=\"https:\/\/www.monta\u00f1asdelaluna.es\/wp-content\/uploads\/1994\/09\/centroverde-noviembre94-01-001.web_.jpg\" data-dt-img-description=\"\"><img loading=\"lazy\" decoding=\"async\" aria-describedby=\"caption-attachment-43398\" class=\"wp-image-43398 \" src=\"https:\/\/www.monta\u00f1asdelaluna.es\/wp-content\/uploads\/1994\/09\/centroverde-noviembre94-01-001.web_.jpg\" alt=\"Portada Centro Verde Noviembre 94\" width=\"821\" height=\"1171\" srcset=\"https:\/\/www.monta\u00f1asdelaluna.es\/wp-content\/uploads\/1994\/09\/centroverde-noviembre94-01-001.web_.jpg 1270w, https:\/\/www.monta\u00f1asdelaluna.es\/wp-content\/uploads\/1994\/09\/centroverde-noviembre94-01-001.web_-210x300.jpg 210w, https:\/\/www.monta\u00f1asdelaluna.es\/wp-content\/uploads\/1994\/09\/centroverde-noviembre94-01-001.web_-718x1024.jpg 718w\" sizes=\"auto, (max-width: 821px) 100vw, 821px\" \/><\/a><p id=\"caption-attachment-43398\" class=\"wp-caption-text\">Portada Centro Verde Noviembre 94<\/p><\/div>\n<div id=\"attachment_43399\" style=\"width: 832px\" class=\"wp-caption aligncenter\"><a class=\"dt-single-image\" href=\"https:\/\/www.monta\u00f1asdelaluna.es\/wp-content\/uploads\/1994\/09\/centroverde-noviembre94-02-001.web_.jpg\" data-dt-img-description=\"\"><img loading=\"lazy\" decoding=\"async\" aria-describedby=\"caption-attachment-43399\" class=\"wp-image-43399 \" src=\"https:\/\/www.monta\u00f1asdelaluna.es\/wp-content\/uploads\/1994\/09\/centroverde-noviembre94-02-001.web_.jpg\" alt=\"Centro Verde Noviembre 94, p\u00e1gina 6\" width=\"822\" height=\"1179\" srcset=\"https:\/\/www.monta\u00f1asdelaluna.es\/wp-content\/uploads\/1994\/09\/centroverde-noviembre94-02-001.web_.jpg 1231w, https:\/\/www.monta\u00f1asdelaluna.es\/wp-content\/uploads\/1994\/09\/centroverde-noviembre94-02-001.web_-209x300.jpg 209w, https:\/\/www.monta\u00f1asdelaluna.es\/wp-content\/uploads\/1994\/09\/centroverde-noviembre94-02-001.web_-714x1024.jpg 714w\" sizes=\"auto, (max-width: 822px) 100vw, 822px\" \/><\/a><p id=\"caption-attachment-43399\" class=\"wp-caption-text\">Centro Verde Noviembre 94, p\u00e1gina 6<\/p><\/div>\n<div id=\"attachment_43400\" style=\"width: 830px\" class=\"wp-caption aligncenter\"><a class=\"dt-single-image\" href=\"https:\/\/www.monta\u00f1asdelaluna.es\/wp-content\/uploads\/1994\/09\/centroverde-noviembre94-03-001.web_.jpg\" data-dt-img-description=\"\"><img loading=\"lazy\" decoding=\"async\" aria-describedby=\"caption-attachment-43400\" class=\"wp-image-43400 \" src=\"https:\/\/www.monta\u00f1asdelaluna.es\/wp-content\/uploads\/1994\/09\/centroverde-noviembre94-03-001.web_.jpg\" alt=\"Centro Verde Noviembre 94, p\u00e1gina 7\" width=\"820\" height=\"1200\" srcset=\"https:\/\/www.monta\u00f1asdelaluna.es\/wp-content\/uploads\/1994\/09\/centroverde-noviembre94-03-001.web_.jpg 1218w, https:\/\/www.monta\u00f1asdelaluna.es\/wp-content\/uploads\/1994\/09\/centroverde-noviembre94-03-001.web_-205x300.jpg 205w, https:\/\/www.monta\u00f1asdelaluna.es\/wp-content\/uploads\/1994\/09\/centroverde-noviembre94-03-001.web_-700x1024.jpg 700w\" sizes=\"auto, (max-width: 820px) 100vw, 820px\" \/><\/a><p id=\"caption-attachment-43400\" class=\"wp-caption-text\">Centro Verde Noviembre 94, p\u00e1gina 7<\/p><\/div>\n<div id=\"attachment_43403\" style=\"width: 830px\" class=\"wp-caption aligncenter\"><a class=\"dt-single-image\" href=\"https:\/\/www.monta\u00f1asdelaluna.es\/wp-content\/uploads\/1994\/09\/centroverde-noviembre94-06-001.web_.jpg\" data-dt-img-description=\"\"><img loading=\"lazy\" decoding=\"async\" aria-describedby=\"caption-attachment-43403\" class=\"wp-image-43403 \" src=\"https:\/\/www.monta\u00f1asdelaluna.es\/wp-content\/uploads\/1994\/09\/centroverde-noviembre94-06-001.web_.jpg\" alt=\"Centro Verde Noviembre 94, contraportada, p\u00e1gina 12\" width=\"820\" height=\"1153\" srcset=\"https:\/\/www.monta\u00f1asdelaluna.es\/wp-content\/uploads\/1994\/09\/centroverde-noviembre94-06-001.web_.jpg 1263w, https:\/\/www.monta\u00f1asdelaluna.es\/wp-content\/uploads\/1994\/09\/centroverde-noviembre94-06-001.web_-213x300.jpg 213w, https:\/\/www.monta\u00f1asdelaluna.es\/wp-content\/uploads\/1994\/09\/centroverde-noviembre94-06-001.web_-728x1024.jpg 728w\" sizes=\"auto, (max-width: 820px) 100vw, 820px\" \/><\/a><p id=\"caption-attachment-43403\" class=\"wp-caption-text\">Centro Verde Noviembre 94, contraportada, p\u00e1gina 12<\/p><\/div>\n<div id=\"attachment_36292\" style=\"width: 1038px\" class=\"wp-caption aligncenter\"><a class=\"dt-single-image\" href=\"https:\/\/www.monta\u00f1asdelaluna.es\/wp-content\/uploads\/1994\/09\/Panticosa.jpg\" data-dt-img-description=\"\"><img loading=\"lazy\" decoding=\"async\" aria-describedby=\"caption-attachment-36292\" class=\"wp-image-36292 size-full\" src=\"https:\/\/www.monta\u00f1asdelaluna.es\/wp-content\/uploads\/1994\/09\/Panticosa.jpg\" alt=\"Mapa de Ba\u00f1os de Panticosa y Las Argualas\" width=\"1028\" height=\"800\" srcset=\"https:\/\/www.monta\u00f1asdelaluna.es\/wp-content\/uploads\/1994\/09\/Panticosa.jpg 1028w, https:\/\/www.monta\u00f1asdelaluna.es\/wp-content\/uploads\/1994\/09\/Panticosa-300x233.jpg 300w, https:\/\/www.monta\u00f1asdelaluna.es\/wp-content\/uploads\/1994\/09\/Panticosa-1024x797.jpg 1024w\" sizes=\"auto, (max-width: 1028px) 100vw, 1028px\" \/><\/a><p id=\"caption-attachment-36292\" class=\"wp-caption-text\">Mapa de Ba\u00f1os de Panticosa y Las Argualas<\/p><\/div>\n<p>[vc_separator][\/vc_column_text][\/vc_column][\/vc_row][vc_row][vc_column][vc_empty_space height=\u00bb60px\u00bb][\/vc_column][\/vc_row][vc_row][vc_column][vc_cta h2=\u00bb\u00c1lbum de fotos\u00bb txt_align=\u00bbcenter\u00bb add_button=\u00bbbottom\u00bb btn_title=\u00bbVer fotos\u00bb btn_color=\u00bbwarning\u00bb btn_align=\u00bbcenter\u00bb btn_link=\u00bburl:https%3A%2F%2Fmonta%C3%B1asdelaluna.es%2F%3Fdt_gallery%3D2o-paso-6|title:Panticosa.%20Casa%20de%20Piedra|target:_blank\u00bb css=\u00bb.vc_custom_1625773182281{background-color: #8bc4ed !important;}\u00bb]Puedes ver todas las fotos del relato y actividad en forma de presentaci\u00f3n o individuales pinchando aqui \u00a1No te las pierdas![\/vc_cta][\/vc_column][\/vc_row][vc_row][vc_column][vc_empty_space height=\u00bb60px\u00bb][\/vc_column][\/vc_row][vc_row][vc_column width=\u00bb1\/3&#8243;][\/vc_column][vc_column width=\u00bb1\/2&#8243;][vc_raw_html]JTNDaWZyYW1lJTIwc3JjJTNEJTIyaHR0cHMlM0ElMkYlMkZ3d3cubWV0ZW9ibHVlLmNvbSUyRmVzJTJGdGllbXBvJTJGd2lkZ2V0JTJGZGFpbHklMkZiYSUyNWMzJTI1YjFvcy1kZS1wYW50aWNvc2FfZXNwYSUyNWMzJTI1YjFhXzMxMjg4NzIlM0ZnZW9sb2MlM0RmaXhlZCUyNmRheXMlM0Q3JTI2dGVtcHVuaXQlM0RDRUxTSVVTJTI2d2luZHVuaXQlM0RLSUxPTUVURVJfUEVSX0hPVVIlMjZjb2xvdXJlZCUzRGNvbG91cmVkJTI2cGljdG9pY29uJTNEMCUyNnBpY3RvaWNvbiUzRDElMjZtYXh0ZW1wZXJhdHVyZSUzRDAlMjZtYXh0ZW1wZXJhdHVyZSUzRDElMjZtaW50ZW1wZXJhdHVyZSUzRDAlMjZtaW50ZW1wZXJhdHVyZSUzRDElMjZ3aW5kc3BlZWQlM0QwJTI2d2luZHNwZWVkJTNEMSUyNndpbmRndXN0JTNEMCUyNndpbmRndXN0JTNEMSUyNndpbmRkaXJlY3Rpb24lM0QwJTI2d2luZGRpcmVjdGlvbiUzRDElMjZ1diUzRDAlMjZodW1pZGl0eSUzRDAlMjZwcmVjaXBpdGF0aW9uJTNEMCUyNnByZWNpcGl0YXRpb24lM0QxJTI2cHJlY2lwaXRhdGlvbnByb2JhYmlsaXR5JTNEMCUyNnByZWNpcGl0YXRpb25wcm9iYWJpbGl0eSUzRDElMjZzcG90JTNEMCUyNnNwb3QlM0QxJTI2cHJlc3N1cmUlM0QwJTI2cHJlc3N1cmUlM0QxJTI2bGF5b3V0JTNEbGlnaHQlMjIlMjAlMjBmcmFtZWJvcmRlciUzRCUyMjAlMjIlMjBzY3JvbGxpbmclM0QlMjJOTyUyMiUyMGFsbG93dHJhbnNwYXJlbmN5JTNEJTIydHJ1ZSUyMiUyMHNhbmRib3glM0QlMjJhbGxvdy1zYW1lLW9yaWdpbiUyMGFsbG93LXNjcmlwdHMlMjBhbGxvdy1wb3B1cHMlMjIlMjBzdHlsZSUzRCUyMndpZHRoJTNBJTIwMzc4cHglM0JoZWlnaHQlM0ElMjA0MTNweCUyMiUzRSUzQyUyRmlmcmFtZSUzRSUzQ2RpdiUzRSUzQyUyMS0tJTIwRE8lMjBOT1QlMjBSRU1PVkUlMjBUSElTJTIwTElOSyUyMC0tJTNFJTNDYSUyMGhyZWYlM0QlMjJodHRwcyUzQSUyRiUyRnd3dy5tZXRlb2JsdWUuY29tJTJGZXMlMkZ0aWVtcG8lMkZwcm9ub3N0aWNvJTJGc2VtYW5hJTJGYmElMjVjMyUyNWIxb3MtZGUtcGFudGljb3NhX2VzcGElMjVjMyUyNWIxYV8zMTI4ODcyJTNGdXRtX3NvdXJjZSUzRHdlYXRoZXJfd2lkZ2V0JTI2dXRtX21lZGl1bSUzRGxpbmt1cyUyNnV0bV9jb250ZW50JTNEZGFpbHklMjZ1dG1fY2FtcGFpZ24lM0RXZWF0aGVyJTI1MkJXaWRnZXQlMjIlMjB0YXJnZXQlM0QlMjJfYmxhbmslMjIlM0VtZXRlb2JsdWUlM0MlMkZhJTNFJTNDJTJGZGl2JTNF[\/vc_raw_html][\/vc_column][vc_column width=\u00bb1\/5&#8243;][\/vc_column][\/vc_row]<\/p>\n","protected":false},"excerpt":{"rendered":"<p>[vc_row][vc_column][vc_column_text]En el primer viaje a los Pirineos, en el noventa y cuatro, lo terminamos haciendo una visita a Panticosa despu\u00e9s de recorrernos el Valle de Ordesa. Yo no hab\u00eda visto ni conoc\u00eda nada del Valle de Panticosa, ni de los tresmiles que lo rodean. Y as\u00ed, despu\u00e9s de llegar a Biescas, en el gran Valle&hellip;<\/p>\n","protected":false},"author":1,"featured_media":36273,"comment_status":"open","ping_status":"open","sticky":false,"template":"","format":"standard","meta":[],"categories":[127],"tags":[],"class_list":["post-36289","post","type-post","status-publish","format-standard","has-post-thumbnail","hentry","category-pirineo-central-atlantico","category-127","description-off"],"_links":{"self":[{"href":"https:\/\/www.monta\u00f1asdelaluna.es\/index.php?rest_route=\/wp\/v2\/posts\/36289","targetHints":{"allow":["GET"]}}],"collection":[{"href":"https:\/\/www.monta\u00f1asdelaluna.es\/index.php?rest_route=\/wp\/v2\/posts"}],"about":[{"href":"https:\/\/www.monta\u00f1asdelaluna.es\/index.php?rest_route=\/wp\/v2\/types\/post"}],"author":[{"embeddable":true,"href":"https:\/\/www.monta\u00f1asdelaluna.es\/index.php?rest_route=\/wp\/v2\/users\/1"}],"replies":[{"embeddable":true,"href":"https:\/\/www.monta\u00f1asdelaluna.es\/index.php?rest_route=%2Fwp%2Fv2%2Fcomments&post=36289"}],"version-history":[{"count":8,"href":"https:\/\/www.monta\u00f1asdelaluna.es\/index.php?rest_route=\/wp\/v2\/posts\/36289\/revisions"}],"predecessor-version":[{"id":43407,"href":"https:\/\/www.monta\u00f1asdelaluna.es\/index.php?rest_route=\/wp\/v2\/posts\/36289\/revisions\/43407"}],"wp:featuredmedia":[{"embeddable":true,"href":"https:\/\/www.monta\u00f1asdelaluna.es\/index.php?rest_route=\/wp\/v2\/media\/36273"}],"wp:attachment":[{"href":"https:\/\/www.monta\u00f1asdelaluna.es\/index.php?rest_route=%2Fwp%2Fv2%2Fmedia&parent=36289"}],"wp:term":[{"taxonomy":"category","embeddable":true,"href":"https:\/\/www.monta\u00f1asdelaluna.es\/index.php?rest_route=%2Fwp%2Fv2%2Fcategories&post=36289"},{"taxonomy":"post_tag","embeddable":true,"href":"https:\/\/www.monta\u00f1asdelaluna.es\/index.php?rest_route=%2Fwp%2Fv2%2Ftags&post=36289"}],"curies":[{"name":"wp","href":"https:\/\/api.w.org\/{rel}","templated":true}]}}