{"id":36741,"date":"2017-04-29T06:19:37","date_gmt":"2017-04-29T06:19:37","guid":{"rendered":"http:\/\/monta\u00f1asdelaluna.com\/?p=36741"},"modified":"2021-08-14T06:53:18","modified_gmt":"2021-08-14T06:53:18","slug":"santos-y-bandoleros-en-el-montseny-desde-viladrau","status":"publish","type":"post","link":"https:\/\/www.monta\u00f1asdelaluna.es\/?p=36741","title":{"rendered":"Santos y bandoleros en el Montseny desde Viladrau"},"content":{"rendered":"<p>[vc_row][vc_column][vc_column_text]Ten\u00eda ganas de repetir el precioso recorrido por uno de los lugares o rincones m\u00e1s bonitos del Montseny. Aunque es una monta\u00f1a que tiene muchos, y muchos de ellos a\u00fan no los conozco, me qued\u00e9 prendado con el recorrido que hicimos por las faldas norte, oeste del macizo del Matagalls, recorri\u00e9ndonos sus hermosos bosques de hayas, casta\u00f1os, encinas, sus verdes praderas y t\u00edpicas, hist\u00f3ricas y casi medievales construcciones como La Sala, Sant Segimon, Sant Miquel de Barretons\u2026 todo muy bien descrito y relatado en <a href=\"https:\/\/www.monta\u00f1asdelaluna.es\/?p=30592\" target=\"_blank\" rel=\"noopener\">Santos y bandoleros en el Montseny<\/a>.<\/p>\n<p>Pero esta vez quer\u00eda salir del mismo pueblo que se sit\u00faa en las laderas bajas de esta fenomenal monta\u00f1a, famoso por sus aguas: Viladrau. As\u00ed que el pasado 29 de abril nos acercamos Fina y yo a la poblaci\u00f3n para comenzar la ruta. Es bien f\u00e1cil, solo tenemos que dejar el coche en las cercan\u00edas de la redonda donde se encuentra la casa de l\u2019Associaci\u00f3 Excursionista de Viladrau, y seguir las indicaciones camino de l\u2019Erola, Matagalls o La Sala. Es un P.R.<\/p>\n<div id=\"attachment_36584\" style=\"width: 1834px\" class=\"wp-caption aligncenter\"><a class=\"dt-single-image\" href=\"https:\/\/www.monta\u00f1asdelaluna.es\/wp-content\/uploads\/2017\/05\/IMG_3730.jpg\" data-dt-img-description=\"\"><img loading=\"lazy\" decoding=\"async\" aria-describedby=\"caption-attachment-36584\" class=\"wp-image-36584 size-full\" src=\"https:\/\/www.monta\u00f1asdelaluna.es\/wp-content\/uploads\/2017\/05\/IMG_3730.jpg\" alt=\"La Riera Major en el Mol\u00ed de Baix\" width=\"1824\" height=\"1368\" srcset=\"https:\/\/www.monta\u00f1asdelaluna.es\/wp-content\/uploads\/2017\/05\/IMG_3730.jpg 1824w, https:\/\/www.monta\u00f1asdelaluna.es\/wp-content\/uploads\/2017\/05\/IMG_3730-300x225.jpg 300w, https:\/\/www.monta\u00f1asdelaluna.es\/wp-content\/uploads\/2017\/05\/IMG_3730-1024x768.jpg 1024w\" sizes=\"auto, (max-width: 1824px) 100vw, 1824px\" \/><\/a><p id=\"caption-attachment-36584\" class=\"wp-caption-text\">La Riera Major en el Mol\u00ed de Baix<\/p><\/div>\n<div id=\"attachment_36505\" style=\"width: 1834px\" class=\"wp-caption aligncenter\"><a class=\"dt-single-image\" href=\"https:\/\/www.monta\u00f1asdelaluna.es\/wp-content\/uploads\/2017\/05\/IMG_3612.jpg\" data-dt-img-description=\"\"><img loading=\"lazy\" decoding=\"async\" aria-describedby=\"caption-attachment-36505\" class=\"wp-image-36505 size-full\" src=\"https:\/\/www.monta\u00f1asdelaluna.es\/wp-content\/uploads\/2017\/05\/IMG_3612.jpg\" alt=\"Hayedo alrededor del Torrent de l'Oratori\" width=\"1824\" height=\"1368\" srcset=\"https:\/\/www.monta\u00f1asdelaluna.es\/wp-content\/uploads\/2017\/05\/IMG_3612.jpg 1824w, https:\/\/www.monta\u00f1asdelaluna.es\/wp-content\/uploads\/2017\/05\/IMG_3612-300x225.jpg 300w, https:\/\/www.monta\u00f1asdelaluna.es\/wp-content\/uploads\/2017\/05\/IMG_3612-1024x768.jpg 1024w\" sizes=\"auto, (max-width: 1824px) 100vw, 1824px\" \/><\/a><p id=\"caption-attachment-36505\" class=\"wp-caption-text\">Hayedo alrededor del Torrent de l&#8217;Oratori<\/p><\/div>\n<p>El recorrido nos har\u00e1 seguir el torrent Sot dels Vernets hasta que desemboca en la Riera Major pasando por bonitos rincones como antiguos molinos, edificios en ruinas pero a\u00fan con su represa en la riera, y a veces con feas vistas a la f\u00e1brica Liquats Vegetals que parece se est\u00e1 ampliando, dando un aspecto industrial a esta verde y fabulosa tierra. La sendilla, sin p\u00e9rdida y siguiendo sus marcas, sigue el cauce de la Riera Major hasta que desemboca en un camino\u2026 han pasado poco menos de 20 minutos aproximadamente (si no nos hemos entretenido haciendo fotos a los preciosos rincones de la riera y sus molinos), que viene del Garatge del Molins (el restaurante) y que ya enlaza con el recorrido que hicimos en <a href=\"https:\/\/www.monta\u00f1asdelaluna.es\/?p=30592\" target=\"_blank\" rel=\"noopener\">Santos y bandoleros en el Montseny<\/a>; giramos, pues, hacia la derecha. Muy cerca de El Molins, donde ya cogemos la senda que nos lleva camino de l\u2019Erola. Entonces ya estamos realizando el recorrido de <a href=\"https:\/\/www.monta\u00f1asdelaluna.es\/?p=30592\" target=\"_blank\" rel=\"noopener\">Santos y bandoleros en el Montseny.<\/a><\/p>\n<p>A la vuelta, despu\u00e9s de realizar todo el recorrido, antes de llegar de nuevo a El Molins, nos desviamos para seguir el mismo camino que llevamos (las se\u00f1ales del recorrido quedar\u00e1n en una senda a la derecha), y este camino nos desembocar\u00e1 en pocos metros en otro camino m\u00e1s principal. Giramos a la derecha por este nuevo camino, y en poco tiempo veremos el desv\u00edo con cierta elevaci\u00f3n y hacia de nuevo la derecha, que nos lleva hasta los muros de El Molins.<\/p>\n<div id=\"attachment_36542\" style=\"width: 1834px\" class=\"wp-caption aligncenter\"><a class=\"dt-single-image\" href=\"https:\/\/www.monta\u00f1asdelaluna.es\/wp-content\/uploads\/2017\/05\/IMG_3666.jpg\" data-dt-img-description=\"\"><img loading=\"lazy\" decoding=\"async\" aria-describedby=\"caption-attachment-36542\" class=\"wp-image-36542 size-full\" src=\"https:\/\/www.monta\u00f1asdelaluna.es\/wp-content\/uploads\/2017\/05\/IMG_3666.jpg\" alt=\"Senda de bajada al Prat de Can Gat\" width=\"1824\" height=\"1024\" srcset=\"https:\/\/www.monta\u00f1asdelaluna.es\/wp-content\/uploads\/2017\/05\/IMG_3666.jpg 1824w, https:\/\/www.monta\u00f1asdelaluna.es\/wp-content\/uploads\/2017\/05\/IMG_3666-300x168.jpg 300w, https:\/\/www.monta\u00f1asdelaluna.es\/wp-content\/uploads\/2017\/05\/IMG_3666-1024x575.jpg 1024w\" sizes=\"auto, (max-width: 1824px) 100vw, 1824px\" \/><\/a><p id=\"caption-attachment-36542\" class=\"wp-caption-text\">Senda de bajada al Prat de Can Gat<\/p><\/div>\n<div id=\"attachment_36560\" style=\"width: 1834px\" class=\"wp-caption aligncenter\"><a class=\"dt-single-image\" href=\"https:\/\/www.monta\u00f1asdelaluna.es\/wp-content\/uploads\/2017\/05\/IMG_3696.jpg\" data-dt-img-description=\"\"><img loading=\"lazy\" decoding=\"async\" aria-describedby=\"caption-attachment-36560\" class=\"wp-image-36560 size-full\" src=\"https:\/\/www.monta\u00f1asdelaluna.es\/wp-content\/uploads\/2017\/05\/IMG_3696.jpg\" alt=\"La Sala\" width=\"1824\" height=\"1368\" srcset=\"https:\/\/www.monta\u00f1asdelaluna.es\/wp-content\/uploads\/2017\/05\/IMG_3696.jpg 1824w, https:\/\/www.monta\u00f1asdelaluna.es\/wp-content\/uploads\/2017\/05\/IMG_3696-300x225.jpg 300w, https:\/\/www.monta\u00f1asdelaluna.es\/wp-content\/uploads\/2017\/05\/IMG_3696-1024x768.jpg 1024w\" sizes=\"auto, (max-width: 1824px) 100vw, 1824px\" \/><\/a><p id=\"caption-attachment-36560\" class=\"wp-caption-text\">La Sala<\/p><\/div>\n<p>Saludamos a los excitados perros que se encuentran como encerrados en la cuadra y atravesamos las construcciones hasta dar, al otro lado, con el camino del recorrido, junto a la fuente, y casi al cruce donde hab\u00edamos dejado el camino y seguido a la izquierda por sendas, siguiendo las marcas se\u00f1alizadoras, a la subida. Ahora solo tenemos que deshacer lo realizado a la subida: seguir las marcas que de nuevo nos introducen por la hermosa senda por las orillas de la Riera Major (con aquella presita y lugar para retener el agua en direcci\u00f3n al desolado, arruinado y antiguo molino, Molins de Baix) hasta seguir por el siguiente torrent Sot dels Vernets, desandando el camino, hasta el punto de partida en la misma localidad de Viladrau.<\/p>\n<div id=\"attachment_36575\" style=\"width: 1834px\" class=\"wp-caption aligncenter\"><a class=\"dt-single-image\" href=\"https:\/\/www.monta\u00f1asdelaluna.es\/wp-content\/uploads\/2017\/05\/IMG_3718.jpg\" data-dt-img-description=\"\"><img loading=\"lazy\" decoding=\"async\" aria-describedby=\"caption-attachment-36575\" class=\"wp-image-36575 size-full\" src=\"https:\/\/www.monta\u00f1asdelaluna.es\/wp-content\/uploads\/2017\/05\/IMG_3718.jpg\" alt=\"La Sala\" width=\"1824\" height=\"1368\" srcset=\"https:\/\/www.monta\u00f1asdelaluna.es\/wp-content\/uploads\/2017\/05\/IMG_3718.jpg 1824w, https:\/\/www.monta\u00f1asdelaluna.es\/wp-content\/uploads\/2017\/05\/IMG_3718-300x225.jpg 300w, https:\/\/www.monta\u00f1asdelaluna.es\/wp-content\/uploads\/2017\/05\/IMG_3718-1024x768.jpg 1024w\" sizes=\"auto, (max-width: 1824px) 100vw, 1824px\" \/><\/a><p id=\"caption-attachment-36575\" class=\"wp-caption-text\">La Sala<\/p><\/div>\n<p>Es un recorrido precioso que no dejar\u00e9 de repetir, descubriendo paisajes, rincones y lugares de especial valor hist\u00f3rico, ecol\u00f3gico y casi m\u00edstico.<\/p>\n<div id=\"attachment_36745\" style=\"width: 1160px\" class=\"wp-caption aligncenter\"><a class=\"dt-single-image\" href=\"https:\/\/www.monta\u00f1asdelaluna.es\/wp-content\/uploads\/2017\/04\/viladrau.mapa2_.web_1.jpg\" data-dt-img-description=\"\"><img loading=\"lazy\" decoding=\"async\" aria-describedby=\"caption-attachment-36745\" class=\"wp-image-36745 size-full\" src=\"https:\/\/www.monta\u00f1asdelaluna.es\/wp-content\/uploads\/2017\/04\/viladrau.mapa2_.web_1.jpg\" alt=\"Croquis del recorrido entre Viladrau, Sant Segimon y La Sala. Linea Azul Oscura: recorrido realizado en Santos y bandoleros en el Montseny, que coincide con el de este relato. L\u00ednea Azul Clara: recorrido nuevo desde Viladrau en este relato, para enlazar con el nombrado anteriormente.\" width=\"1150\" height=\"1540\" srcset=\"https:\/\/www.monta\u00f1asdelaluna.es\/wp-content\/uploads\/2017\/04\/viladrau.mapa2_.web_1.jpg 1150w, https:\/\/www.monta\u00f1asdelaluna.es\/wp-content\/uploads\/2017\/04\/viladrau.mapa2_.web_1-224x300.jpg 224w, https:\/\/www.monta\u00f1asdelaluna.es\/wp-content\/uploads\/2017\/04\/viladrau.mapa2_.web_1-765x1024.jpg 765w\" sizes=\"auto, (max-width: 1150px) 100vw, 1150px\" \/><\/a><p id=\"caption-attachment-36745\" class=\"wp-caption-text\">Croquis del recorrido entre Viladrau, Sant Segimon y La Sala. Linea Azul Oscura: recorrido realizado en Santos y bandoleros en el Montseny, que coincide con el de este relato. L\u00ednea Azul Clara: recorrido nuevo desde Viladrau en este relato, para enlazar con el nombrado anteriormente.<\/p><\/div>\n<p>[vc_separator][\/vc_column_text][\/vc_column][\/vc_row][vc_row][vc_column][vc_empty_space height=\u00bb60px\u00bb][\/vc_column][\/vc_row][vc_row][vc_column][vc_cta h2=\u00bb\u00c1lbum de fotos\u00bb txt_align=\u00bbcenter\u00bb add_button=\u00bbbottom\u00bb btn_title=\u00bbVer fotos\u00bb btn_color=\u00bbwarning\u00bb btn_align=\u00bbcenter\u00bb btn_link=\u00bburl:https%3A%2F%2Fmonta%C3%B1asdelaluna.es%2F%3Fdt_gallery%3Dsantos-y-bandoleros-en-el-montseny-desde-viladrau-2|title:Santos%20y%20bandoleros%20en%20el%20Montseny%20desde%20Viladrau|target:_blank\u00bb css=\u00bb.vc_custom_1625989718526{background-color: #8bc4ed !important;}\u00bb]Puedes ver todas las fotos del relato y actividad en forma de presentaci\u00f3n o individuales pinchando aqui \u00a1No te las pierdas![\/vc_cta][\/vc_column][\/vc_row][vc_row][vc_column][vc_empty_space][\/vc_column][\/vc_row][vc_row][vc_column][vc_cta h2=\u00bb\u00c1lbum de fotos\u00bb txt_align=\u00bbcenter\u00bb add_button=\u00bbbottom\u00bb btn_title=\u00bbVer fotos\u00bb btn_color=\u00bbwarning\u00bb btn_align=\u00bbcenter\u00bb btn_link=\u00bburl:https%3A%2F%2Fmonta%C3%B1asdelaluna.es%2F%3Fdt_gallery%3Dsantos-y-bandoleros-en-el-montseny-1o-parte-de-viladrau-a-sant-segimon-2|title:Santos%20y%20bandoleros%20en%20el%20Montseny.%201%C2%BA%20Parte%3A%20De%20Viladrau%20a%20Sant%20Segimon|target:_blank\u00bb css=\u00bb.vc_custom_1625989733321{background-color: #8bc4ed !important;}\u00bb]Puedes ver la 1\u00ba parte de Santos y bandoleros en el Montseny realizado el 04-mayo-2.013 en forma de presentaci\u00f3n o individuales pinchando aqui \u00a1No te las pierdas![\/vc_cta][\/vc_column][\/vc_row][vc_row][vc_column][vc_empty_space][\/vc_column][\/vc_row][vc_row][vc_column][vc_cta h2=\u00bb\u00c1lbum de fotos\u00bb txt_align=\u00bbcenter\u00bb add_button=\u00bbbottom\u00bb btn_title=\u00bbVer fotos\u00bb btn_color=\u00bbwarning\u00bb btn_align=\u00bbcenter\u00bb btn_link=\u00bburl:https%3A%2F%2Fmonta%C3%B1asdelaluna.es%2F%3Fdt_gallery%3Dsantos-y-bandoleros-en-el-montseny-2o-parte-de-sant-segimon-a-viladrau-2|title:Santos%20y%20bandoleros%20en%20el%20Montseny.%202%C2%BA%20Parte%3A%20De%20Sant%20Segimon%20a%20Viladrau|target:_blank\u00bb css=\u00bb.vc_custom_1625989747371{background-color: #8bc4ed !important;}\u00bb]Puedes ver la 2\u00ba parte de Santos y bandoleros en el Montseny realizado el 04-mayo-2.013 en forma de presentaci\u00f3n o individuales pinchando aqui \u00a1No te las pierdas![\/vc_cta][\/vc_column][\/vc_row][vc_row][vc_column][vc_empty_space height=\u00bb60px\u00bb][\/vc_column][\/vc_row][vc_row][vc_column width=\u00bb1\/3&#8243;][\/vc_column][vc_column width=\u00bb1\/2&#8243;][vc_raw_html]JTNDaWZyYW1lJTIwc3JjJTNEJTIyaHR0cHMlM0ElMkYlMkZ3d3cubWV0ZW9ibHVlLmNvbSUyRmVzJTJGdGllbXBvJTJGd2lkZ2V0JTJGZGFpbHklMkZtYXNzJTI1YzMlMjVhZHMtZGVsLW1vbnRzZW55X2VzcGElMjVjMyUyNWIxYV8zMTE2MjM2JTNGZ2VvbG9jJTNEZml4ZWQlMjZkYXlzJTNENyUyNnRlbXB1bml0JTNEQ0VMU0lVUyUyNndpbmR1bml0JTNES0lMT01FVEVSX1BFUl9IT1VSJTI2cHJlY2lwdW5pdCUzRE1JTExJTUVURVIlMjZjb2xvdXJlZCUzRGNvbG91cmVkJTI2cGljdG9pY29uJTNEMCUyNnBpY3RvaWNvbiUzRDElMjZtYXh0ZW1wZXJhdHVyZSUzRDAlMjZtYXh0ZW1wZXJhdHVyZSUzRDElMjZtaW50ZW1wZXJhdHVyZSUzRDAlMjZtaW50ZW1wZXJhdHVyZSUzRDElMjZ3aW5kc3BlZWQlM0QwJTI2d2luZHNwZWVkJTNEMSUyNndpbmRndXN0JTNEMCUyNndpbmRndXN0JTNEMSUyNndpbmRkaXJlY3Rpb24lM0QwJTI2d2luZGRpcmVjdGlvbiUzRDElMjZ1diUzRDAlMjZodW1pZGl0eSUzRDAlMjZwcmVjaXBpdGF0aW9uJTNEMCUyNnByZWNpcGl0YXRpb24lM0QxJTI2cHJlY2lwaXRhdGlvbnByb2JhYmlsaXR5JTNEMCUyNnByZWNpcGl0YXRpb25wcm9iYWJpbGl0eSUzRDElMjZzcG90JTNEMCUyNnNwb3QlM0QxJTI2cHJlc3N1cmUlM0QwJTI2cHJlc3N1cmUlM0QxJTI2bGF5b3V0JTNEbGlnaHQlMjIlMjAlMjBmcmFtZWJvcmRlciUzRCUyMjAlMjIlMjBzY3JvbGxpbmclM0QlMjJOTyUyMiUyMGFsbG93dHJhbnNwYXJlbmN5JTNEJTIydHJ1ZSUyMiUyMHNhbmRib3glM0QlMjJhbGxvdy1zYW1lLW9yaWdpbiUyMGFsbG93LXNjcmlwdHMlMjBhbGxvdy1wb3B1cHMlMjIlMjBzdHlsZSUzRCUyMndpZHRoJTNBJTIwMzc4cHglM0JoZWlnaHQlM0ElMjA0MTNweCUyMiUzRSUzQyUyRmlmcmFtZSUzRSUzQ2RpdiUzRSUzQyUyMS0tJTIwRE8lMjBOT1QlMjBSRU1PVkUlMjBUSElTJTIwTElOSyUyMC0tJTNFJTNDYSUyMGhyZWYlM0QlMjJodHRwcyUzQSUyRiUyRnd3dy5tZXRlb2JsdWUuY29tJTJGZXMlMkZ0aWVtcG8lMkZwcm9ub3N0aWNvJTJGc2VtYW5hJTJGbWFzcyUyNWMzJTI1YWRzLWRlbC1tb250c2VueV9lc3BhJTI1YzMlMjViMWFfMzExNjIzNiUzRnV0bV9zb3VyY2UlM0R3ZWF0aGVyX3dpZGdldCUyNnV0bV9tZWRpdW0lM0RsaW5rdXMlMjZ1dG1fY29udGVudCUzRGRhaWx5JTI2dXRtX2NhbXBhaWduJTNEV2VhdGhlciUyNTJCV2lkZ2V0JTIyJTIwdGFyZ2V0JTNEJTIyX2JsYW5rJTIyJTNFbWV0ZW9ibHVlJTNDJTJGYSUzRSUzQyUyRmRpdiUzRQ==[\/vc_raw_html][\/vc_column][vc_column width=\u00bb1\/5&#8243;][\/vc_column][\/vc_row]<\/p>\n","protected":false},"excerpt":{"rendered":"<p>[vc_row][vc_column][vc_column_text]Ten\u00eda ganas de repetir el precioso recorrido por uno de los lugares o rincones m\u00e1s bonitos del Montseny. Aunque es una monta\u00f1a que tiene muchos, y muchos de ellos a\u00fan no los conozco, me qued\u00e9 prendado con el recorrido que hicimos por las faldas norte, oeste del macizo del Matagalls, recorri\u00e9ndonos sus hermosos bosques de&hellip;<\/p>\n","protected":false},"author":1,"featured_media":36584,"comment_status":"open","ping_status":"open","sticky":false,"template":"","format":"standard","meta":[],"categories":[132],"tags":[],"class_list":["post-36741","post","type-post","status-publish","format-standard","has-post-thumbnail","hentry","category-matagalls","category-132","description-off"],"_links":{"self":[{"href":"https:\/\/www.monta\u00f1asdelaluna.es\/index.php?rest_route=\/wp\/v2\/posts\/36741","targetHints":{"allow":["GET"]}}],"collection":[{"href":"https:\/\/www.monta\u00f1asdelaluna.es\/index.php?rest_route=\/wp\/v2\/posts"}],"about":[{"href":"https:\/\/www.monta\u00f1asdelaluna.es\/index.php?rest_route=\/wp\/v2\/types\/post"}],"author":[{"embeddable":true,"href":"https:\/\/www.monta\u00f1asdelaluna.es\/index.php?rest_route=\/wp\/v2\/users\/1"}],"replies":[{"embeddable":true,"href":"https:\/\/www.monta\u00f1asdelaluna.es\/index.php?rest_route=%2Fwp%2Fv2%2Fcomments&post=36741"}],"version-history":[{"count":10,"href":"https:\/\/www.monta\u00f1asdelaluna.es\/index.php?rest_route=\/wp\/v2\/posts\/36741\/revisions"}],"predecessor-version":[{"id":50280,"href":"https:\/\/www.monta\u00f1asdelaluna.es\/index.php?rest_route=\/wp\/v2\/posts\/36741\/revisions\/50280"}],"wp:featuredmedia":[{"embeddable":true,"href":"https:\/\/www.monta\u00f1asdelaluna.es\/index.php?rest_route=\/wp\/v2\/media\/36584"}],"wp:attachment":[{"href":"https:\/\/www.monta\u00f1asdelaluna.es\/index.php?rest_route=%2Fwp%2Fv2%2Fmedia&parent=36741"}],"wp:term":[{"taxonomy":"category","embeddable":true,"href":"https:\/\/www.monta\u00f1asdelaluna.es\/index.php?rest_route=%2Fwp%2Fv2%2Fcategories&post=36741"},{"taxonomy":"post_tag","embeddable":true,"href":"https:\/\/www.monta\u00f1asdelaluna.es\/index.php?rest_route=%2Fwp%2Fv2%2Ftags&post=36741"}],"curies":[{"name":"wp","href":"https:\/\/api.w.org\/{rel}","templated":true}]}}