{"id":36906,"date":"2017-05-13T07:14:39","date_gmt":"2017-05-13T07:14:39","guid":{"rendered":"http:\/\/monta\u00f1asdelaluna.com\/?p=36906"},"modified":"2021-08-01T11:19:08","modified_gmt":"2021-08-01T11:19:08","slug":"soum-de-ramond-y-punta-de-las-olas","status":"publish","type":"post","link":"https:\/\/www.monta\u00f1asdelaluna.es\/?p=36906","title":{"rendered":"Soum de Ramond y Punta de Las Olas"},"content":{"rendered":"<p>[vc_row][vc_column][vc_column_text]De las Tres Sorores a\u00fan me quedaba por hacer la punta o pico m\u00e1s al sur de las tres, y la m\u00e1s baja, menos famosa, no por ello menos espectacular: el Soum de Ramond o Pico de A\u00f1isclo. Hab\u00eda estudiado varias veces el camino, la ruta a seguir para que un d\u00eda de estos fuera a subirlo. Incluso en la pasada visita al Valle de Ordesa y G\u00f3riz invernal el pasado marzo del 2.015 en el que sub\u00ed el Marbor\u00e9 con Josep Gallem\u00ed, me qued\u00e9 mirando, observando y qued\u00e1ndome con la ruta, el lugar de subida que deja el recorrido hacia el Lago Helado y se desv\u00eda por los escarpes de la derecha hacia la subida de Las Escaleras. Era por ah\u00ed.<\/p>\n<p>As\u00ed que ide\u00e9 y organic\u00e9 una bonita salida primaveral (que en alta monta\u00f1a casi segu\u00eda siendo invernal) al Valle de Ordesa y a esta monta\u00f1a el pasado fin de semana del 13, 14 de mayo, qued\u00e1ndonos la noche del s\u00e1bado en el concurrido Refugio de G\u00f3riz. Record\u00e9 una conversaci\u00f3n, una an\u00e9cdota en la que Tom\u00e1s, Javi Berenguer y Zaida hab\u00edan realizado una marcha o traves\u00eda veraniega por esta monta\u00f1a, haciendo el Soum de Ramond, Picos de Baudrimont y Punta de Las Olas volviendo a G\u00f3riz en una sola jornada. Recuerdo la satisfacci\u00f3n de Tom\u00e1s por la gesta realizada\u2026 \u201cno todo es Monte Perdido y Cilindro desde G\u00f3riz\u201d es la sensaci\u00f3n final que tuve despu\u00e9s de su fant\u00e1stica actividad realizada. Es por ello que quer\u00eda repetirla en ese viaje\u2026<\/p>\n<div id=\"attachment_36800\" style=\"width: 1034px\" class=\"wp-caption aligncenter\"><a class=\"dt-single-image\" href=\"https:\/\/www.monta\u00f1asdelaluna.es\/wp-content\/uploads\/2017\/08\/pradera-de-ordesa-de-izquierda-a-derecha-elena-dani-toni-pep-margalida-antoni-y-joaquin.jpg\" data-dt-img-description=\"\"><img loading=\"lazy\" decoding=\"async\" aria-describedby=\"caption-attachment-36800\" class=\"wp-image-36800 size-large\" src=\"https:\/\/www.monta\u00f1asdelaluna.es\/wp-content\/uploads\/2017\/08\/pradera-de-ordesa-de-izquierda-a-derecha-elena-dani-toni-pep-margalida-antoni-y-joaquin-1024x768.jpg\" alt=\"Pradera de Ordesa. De izquierda a derecha: Elena, Dani, Toni, Pep, Margalida, Antoni y Joaqu\u00edn\" width=\"1024\" height=\"768\" srcset=\"https:\/\/www.monta\u00f1asdelaluna.es\/wp-content\/uploads\/2017\/08\/pradera-de-ordesa-de-izquierda-a-derecha-elena-dani-toni-pep-margalida-antoni-y-joaquin-1024x768.jpg 1024w, https:\/\/www.monta\u00f1asdelaluna.es\/wp-content\/uploads\/2017\/08\/pradera-de-ordesa-de-izquierda-a-derecha-elena-dani-toni-pep-margalida-antoni-y-joaquin-300x225.jpg 300w, https:\/\/www.monta\u00f1asdelaluna.es\/wp-content\/uploads\/2017\/08\/pradera-de-ordesa-de-izquierda-a-derecha-elena-dani-toni-pep-margalida-antoni-y-joaquin.jpg 1599w\" sizes=\"auto, (max-width: 1024px) 100vw, 1024px\" \/><\/a><p id=\"caption-attachment-36800\" class=\"wp-caption-text\">Pradera de Ordesa. De izquierda a derecha: Elena, Dani, Toni, Pep, Margalida, Antoni y Joaqu\u00edn<\/p><\/div>\n<div id=\"attachment_36806\" style=\"width: 1834px\" class=\"wp-caption aligncenter\"><a class=\"dt-single-image\" href=\"https:\/\/www.monta\u00f1asdelaluna.es\/wp-content\/uploads\/2017\/08\/IMG_3745.jpg\" data-dt-img-description=\"\"><img loading=\"lazy\" decoding=\"async\" aria-describedby=\"caption-attachment-36806\" class=\"wp-image-36806 size-full\" src=\"https:\/\/www.monta\u00f1asdelaluna.es\/wp-content\/uploads\/2017\/08\/IMG_3745.jpg\" alt=\"Hayedo en el Valle de Ordesa\" width=\"1824\" height=\"1368\" srcset=\"https:\/\/www.monta\u00f1asdelaluna.es\/wp-content\/uploads\/2017\/08\/IMG_3745.jpg 1824w, https:\/\/www.monta\u00f1asdelaluna.es\/wp-content\/uploads\/2017\/08\/IMG_3745-300x225.jpg 300w, https:\/\/www.monta\u00f1asdelaluna.es\/wp-content\/uploads\/2017\/08\/IMG_3745-1024x768.jpg 1024w\" sizes=\"auto, (max-width: 1824px) 100vw, 1824px\" \/><\/a><p id=\"caption-attachment-36806\" class=\"wp-caption-text\">Hayedo en el Valle de Ordesa<\/p><\/div>\n<p>Toni Rubinat miraba los Wikiloc, rutas realizadas y subidas a internet que propon\u00edan dicha traves\u00eda con la subida a dichos picos: \u201cJoaqu\u00edn, son 8 horas saliendo de G\u00f3riz, subiendo los 4 picos, y volviendo a G\u00f3riz. Es larga. Y t\u00fa quieres bajarte a Ordesa\u2026\u201d Algo as\u00ed me dijo. La verdad es que llego un momento en que pierdo la noci\u00f3n del esfuerzo y tiempo consumido al ver en un mapa la actividad a realizar. Solo veo una traza, unos objetivos realizados por otros anteriormente, y una posibilidad de \u201c\u00bfpor que no?\u201d, sin ver la realidad ni afrontar las caracter\u00edsticas, inconvenientes del momento, condiciones\u2026 Parece como si estuviera perdiendo el sentido de la planificaci\u00f3n completa a la hora de realizar una traves\u00eda de este tipo, o bien es que no me importa tanto las dificultades y condiciones como el espectacular objetivo a realizar\u2026 fallo, no siempre se puede hacer todo lo que uno quiere\u2026 y aunque parezca tan evidente la frase para la monta\u00f1a o para cualquier otro deporte, empresa, meta\u2026 no siempre lo vemos, es como si se me escapara el tiempo para poder hacerlo todo, sin creer o querer saber que ser\u00e1 imposible hacerlo todo.<\/p>\n<p>El caso es que dej\u00e9 pasar las t\u00edmidas advertencias de Toni (quiz\u00e1s se fiaba de m\u00ed) y segu\u00ed proponiendo esta imponente traves\u00eda. Con lo que a final fuimos un numeroso grupo de aventureros los que intentamos realizar la proeza\u2026 incluso ven\u00eda Antoni Farr\u00e9 de Lleida, que ya hab\u00eda participado en otras m\u00edticas ascensiones como La Munia y el Bala\u00eftous. La actividad promet\u00eda ser interesante\u2026<\/p>\n<div id=\"attachment_36810\" style=\"width: 1834px\" class=\"wp-caption aligncenter\"><a class=\"dt-single-image\" href=\"https:\/\/www.monta\u00f1asdelaluna.es\/wp-content\/uploads\/2017\/08\/IMG_3750.jpg\" data-dt-img-description=\"\"><img loading=\"lazy\" decoding=\"async\" aria-describedby=\"caption-attachment-36810\" class=\"wp-image-36810 size-full\" src=\"https:\/\/www.monta\u00f1asdelaluna.es\/wp-content\/uploads\/2017\/08\/IMG_3750.jpg\" alt=\"Hayedo en el Valle de Ordesa\" width=\"1824\" height=\"1368\" srcset=\"https:\/\/www.monta\u00f1asdelaluna.es\/wp-content\/uploads\/2017\/08\/IMG_3750.jpg 1824w, https:\/\/www.monta\u00f1asdelaluna.es\/wp-content\/uploads\/2017\/08\/IMG_3750-300x225.jpg 300w, https:\/\/www.monta\u00f1asdelaluna.es\/wp-content\/uploads\/2017\/08\/IMG_3750-1024x768.jpg 1024w\" sizes=\"auto, (max-width: 1824px) 100vw, 1824px\" \/><\/a><p id=\"caption-attachment-36810\" class=\"wp-caption-text\">Hayedo en el Valle de Ordesa<\/p><\/div>\n<div id=\"attachment_36812\" style=\"width: 1034px\" class=\"wp-caption aligncenter\"><a class=\"dt-single-image\" href=\"https:\/\/www.monta\u00f1asdelaluna.es\/wp-content\/uploads\/2017\/08\/cascadas-de-gradas-de-soaso.jpg\" data-dt-img-description=\"\"><img loading=\"lazy\" decoding=\"async\" aria-describedby=\"caption-attachment-36812\" class=\"wp-image-36812 size-large\" src=\"https:\/\/www.monta\u00f1asdelaluna.es\/wp-content\/uploads\/2017\/08\/cascadas-de-gradas-de-soaso-1024x768.jpg\" alt=\"Cascadas de Gradas de Soaso\" width=\"1024\" height=\"768\" srcset=\"https:\/\/www.monta\u00f1asdelaluna.es\/wp-content\/uploads\/2017\/08\/cascadas-de-gradas-de-soaso-1024x768.jpg 1024w, https:\/\/www.monta\u00f1asdelaluna.es\/wp-content\/uploads\/2017\/08\/cascadas-de-gradas-de-soaso-300x225.jpg 300w, https:\/\/www.monta\u00f1asdelaluna.es\/wp-content\/uploads\/2017\/08\/cascadas-de-gradas-de-soaso.jpg 1824w\" sizes=\"auto, (max-width: 1024px) 100vw, 1024px\" \/><\/a><p id=\"caption-attachment-36812\" class=\"wp-caption-text\">Cascadas de Gradas de Soaso<\/p><\/div>\n<p>Y como siempre para llegar al Refugio de G\u00f3riz hay que seguir todo el Valle de Ordesa, desde el parking de su prado hasta Soaso, y arriba de \u00e9ste el Refugio de G\u00f3riz ubicado en su estrat\u00e9gico lugar a caballo entre los cruces que nos llevan a las alturas del Lago Helado, para subir cualquier pico de Las Tres Sorores, y el camino que desde A\u00f1isclo, Ordesa, nos lleva a la parte francesa del macizo por la magn\u00edfica y gigantesca puerta natural que es el tajo de la Brecha de Rolando. Hay otros caminos para llegar a uno de los cinco refugios m\u00e1s concurridos y visitados del Pirineo, pero la larga marcha por el precioso y \u00fanico Valle de Ordesa no tiene precio. Pod\u00e9is encontrar la descripci\u00f3n del recorrido por el mismo valle en Ordesa. El para\u00edso encontrado, Ordesa. Enamorado del invierno\u2026<\/p>\n<p>Observamos que no hay nieve abajo en el valle pero s\u00ed se ve con abundancia en las cimas: la Punta Tobacor parece un cucurucho de nata con la gran cantidad de nieve que mantiene a partir de los 2.350 a 2.400 metros. Las grandes hayas del principio de la marcha por el valle siempre me sorprenden siendo protagonistas de mi c\u00e1mara, pensando que cada vez que paso por aqu\u00ed son diferentes, nuevas\u2026 \u00a1Pero si son enormes y viejas algunas! No pueden ser nuevas\u2026 Este s\u00e1bado hay bastante turismo, la gente aprovecha el d\u00eda para llegar hasta el Circo de Soaso y admirar la enorme cantidad de agua que baja por la Cola de Caballo. Nunca hab\u00eda visto tal caudal de agua bajando y haciendo la forma de la cascada tan perfecta, como la cola de un caballo bien peinada y espesa.[vc_separator][\/vc_column_text][\/vc_column][\/vc_row][vc_row][vc_column][vc_empty_space][\/vc_column][\/vc_row][vc_row][vc_column][vc_video link=\u00bbhttps:\/\/vimeo.com\/229444495#t=0s\u00bb title=\u00bbGradas de Soaso\u00bb][\/vc_column][\/vc_row][vc_row][vc_column][vc_empty_space][\/vc_column][\/vc_row][vc_row][vc_column][vc_column_text]Despu\u00e9s de subir por las Clavijas de Soaso y de comenzar a seguir la senda camino del ansiado Refugio de G\u00f3riz, observamos que efectivamente entre la abundante nieve que a\u00fan queda en las alturas y que se funde poco a poco, la que ya se ha fundido a m\u00e1s baja altura y las lluvias de primavera, hay cascaditas y chorros de agua que bajan alegres y ruidosos por doquier, alimentando el R\u00edo Arazas justo antes de llegar a la Cola de Caballo, y que bajan sobre todo de la caliza y hueca monta\u00f1a de la Punta Tobacor; entrando en la peque\u00f1a pero impresionante garganta que forma este R\u00edo Arazas antes de calmarse en el llano de Soaso. Impresionante.<\/p>\n<div id=\"attachment_36816\" style=\"width: 1034px\" class=\"wp-caption aligncenter\"><a class=\"dt-single-image\" href=\"https:\/\/www.monta\u00f1asdelaluna.es\/wp-content\/uploads\/2017\/08\/delante-pep-toni-y-elena-llegando-al-circo-de-soaso.jpg\" data-dt-img-description=\"\"><img loading=\"lazy\" decoding=\"async\" aria-describedby=\"caption-attachment-36816\" class=\"wp-image-36816 size-large\" src=\"https:\/\/www.monta\u00f1asdelaluna.es\/wp-content\/uploads\/2017\/08\/delante-pep-toni-y-elena-llegando-al-circo-de-soaso-1024x768.jpg\" alt=\"Delante Pep, Toni y Elena llegando al Circo de Soaso\" width=\"1024\" height=\"768\" srcset=\"https:\/\/www.monta\u00f1asdelaluna.es\/wp-content\/uploads\/2017\/08\/delante-pep-toni-y-elena-llegando-al-circo-de-soaso-1024x768.jpg 1024w, https:\/\/www.monta\u00f1asdelaluna.es\/wp-content\/uploads\/2017\/08\/delante-pep-toni-y-elena-llegando-al-circo-de-soaso-300x225.jpg 300w, https:\/\/www.monta\u00f1asdelaluna.es\/wp-content\/uploads\/2017\/08\/delante-pep-toni-y-elena-llegando-al-circo-de-soaso.jpg 1824w\" sizes=\"auto, (max-width: 1024px) 100vw, 1024px\" \/><\/a><p id=\"caption-attachment-36816\" class=\"wp-caption-text\">Delante Pep, Toni y Elena llegando al Circo de Soaso<\/p><\/div>\n<div id=\"attachment_36819\" style=\"width: 1034px\" class=\"wp-caption aligncenter\"><a class=\"dt-single-image\" href=\"https:\/\/www.monta\u00f1asdelaluna.es\/wp-content\/uploads\/2017\/08\/cascada-cola-de-caballo-en-el-circo-de-soaso.jpg\" data-dt-img-description=\"\"><img loading=\"lazy\" decoding=\"async\" aria-describedby=\"caption-attachment-36819\" class=\"wp-image-36819 size-large\" src=\"https:\/\/www.monta\u00f1asdelaluna.es\/wp-content\/uploads\/2017\/08\/cascada-cola-de-caballo-en-el-circo-de-soaso-1024x768.jpg\" alt=\"Cascada Cola de Caballo en el Circo de Soaso\" width=\"1024\" height=\"768\" srcset=\"https:\/\/www.monta\u00f1asdelaluna.es\/wp-content\/uploads\/2017\/08\/cascada-cola-de-caballo-en-el-circo-de-soaso-1024x768.jpg 1024w, https:\/\/www.monta\u00f1asdelaluna.es\/wp-content\/uploads\/2017\/08\/cascada-cola-de-caballo-en-el-circo-de-soaso-300x225.jpg 300w, https:\/\/www.monta\u00f1asdelaluna.es\/wp-content\/uploads\/2017\/08\/cascada-cola-de-caballo-en-el-circo-de-soaso.jpg 1824w\" sizes=\"auto, (max-width: 1024px) 100vw, 1024px\" \/><\/a><p id=\"caption-attachment-36819\" class=\"wp-caption-text\">Cascada Cola de Caballo en el Circo de Soaso<\/p><\/div>\n<p>Ya estamos en G\u00f3riz. Los turistas o domingueros no suelen llegar tan arriba, con lo que aqu\u00ed en estas fechas y horas solo quedamos aventureros, monta\u00f1eros y visitantes de las alturas. Por en\u00e9sima vez me toca dormir junto con mis compa\u00f1eros en la habitaci\u00f3n Marbor\u00e9. Creo que no he tocado o dormido en ninguna otra habitaci\u00f3n de G\u00f3riz que no sea esta. La cena nos toca en el banco m\u00e1s cercano a la puerta de entrada. Enseguida que hemos llegado, al poco tiempo, nos ha tocado sentarnos y cenar. Fotos del atardecer casi nocturnas del refugio y su entorno; me doy cuenta de su ampliaci\u00f3n que parece siga igual a\u00f1o tras a\u00f1o sin llegar a acabarla, a inaugurarla.<\/p>\n<p>Al otro d\u00eda hay que levantarse temprano: sobre las 05:00 suenan los despertadores, hacemos las mochilas, desayunamos y sobre las 06:00 de la ma\u00f1ana muy puntuales salimos todos en busca del camino normal de subida al Monte Perdido. Las subidas al Cilindro, Marbor\u00e9, Soum de Ramond\u2026 se hace por el mismo camino de subida al Monte Perdido, en busca del Lago Helado. Justo tenemos que hacer una especie de gran zigzag para no toparnos con los escarpes que separan el gigantesco pilar de Las Escaleras del Perdido (que dejamos a la derecha cuando ya nos enfilamos por el agreste vallecillo de subida al Lago Helado), caminamos un rato como subiendo poco a poco y buscando el sureste, para despu\u00e9s en una zona m\u00e1s apropiada girar y seguir poco a poco la subida en busca de la base de dicho pilar.<\/p>\n<div id=\"attachment_36831\" style=\"width: 1034px\" class=\"wp-caption aligncenter\"><a class=\"dt-single-image\" href=\"https:\/\/www.monta\u00f1asdelaluna.es\/wp-content\/uploads\/2017\/08\/delante-margalida-camino-del-refugio-de-goriz-detras-el-valle-de-ordesa.jpg\" data-dt-img-description=\"\"><img loading=\"lazy\" decoding=\"async\" aria-describedby=\"caption-attachment-36831\" class=\"wp-image-36831 size-large\" src=\"https:\/\/www.monta\u00f1asdelaluna.es\/wp-content\/uploads\/2017\/08\/delante-margalida-camino-del-refugio-de-goriz-detras-el-valle-de-ordesa-1024x768.jpg\" alt=\"Delante Margalida camino del Refugio de G\u00f3riz, detr\u00e1s el Valle de Ordesa\" width=\"1024\" height=\"768\" srcset=\"https:\/\/www.monta\u00f1asdelaluna.es\/wp-content\/uploads\/2017\/08\/delante-margalida-camino-del-refugio-de-goriz-detras-el-valle-de-ordesa-1024x768.jpg 1024w, https:\/\/www.monta\u00f1asdelaluna.es\/wp-content\/uploads\/2017\/08\/delante-margalida-camino-del-refugio-de-goriz-detras-el-valle-de-ordesa-300x225.jpg 300w, https:\/\/www.monta\u00f1asdelaluna.es\/wp-content\/uploads\/2017\/08\/delante-margalida-camino-del-refugio-de-goriz-detras-el-valle-de-ordesa.jpg 1824w\" sizes=\"auto, (max-width: 1024px) 100vw, 1024px\" \/><\/a><p id=\"caption-attachment-36831\" class=\"wp-caption-text\">Delante Margalida camino del Refugio de G\u00f3riz, detr\u00e1s el Valle de Ordesa<\/p><\/div>\n<div id=\"attachment_36832\" style=\"width: 1034px\" class=\"wp-caption aligncenter\"><a class=\"dt-single-image\" href=\"https:\/\/www.monta\u00f1asdelaluna.es\/wp-content\/uploads\/2017\/08\/llegando-al-refugio-de-goriz.jpg\" data-dt-img-description=\"\"><img loading=\"lazy\" decoding=\"async\" aria-describedby=\"caption-attachment-36832\" class=\"wp-image-36832 size-large\" src=\"https:\/\/www.monta\u00f1asdelaluna.es\/wp-content\/uploads\/2017\/08\/llegando-al-refugio-de-goriz-1024x768.jpg\" alt=\"Llegando al Refugio de G\u00f3riz\" width=\"1024\" height=\"768\" srcset=\"https:\/\/www.monta\u00f1asdelaluna.es\/wp-content\/uploads\/2017\/08\/llegando-al-refugio-de-goriz-1024x768.jpg 1024w, https:\/\/www.monta\u00f1asdelaluna.es\/wp-content\/uploads\/2017\/08\/llegando-al-refugio-de-goriz-300x225.jpg 300w, https:\/\/www.monta\u00f1asdelaluna.es\/wp-content\/uploads\/2017\/08\/llegando-al-refugio-de-goriz.jpg 1824w\" sizes=\"auto, (max-width: 1024px) 100vw, 1024px\" \/><\/a><p id=\"caption-attachment-36832\" class=\"wp-caption-text\">Llegando al Refugio de G\u00f3riz<\/p><\/div>\n<p>Mientras llegamos a la base de nombrado pilar, intentamos buscar las zonas con menos nieve para poder avanzar sin complicaciones; pero ya justo bajo esta aparente aguja, pared y pilar donde comienza la cresta o cordal de subida llamada de Las Escaleras, la nieve es abundante. No hay nadie m\u00e1s por aqu\u00ed, hemos madrugado tanto que los monta\u00f1eros que quieren subir a Monte Perdido a\u00fan no han salido ni los vemos detr\u00e1s de nosotros.<\/p>\n<p>Justo al pasar junto al nombrado pilar, vemos que la subida por fin se desv\u00eda para no seguir la normal del Monte Perdido por el Lago Helado, y coge la loma o cordal de Las Escaleras\u2026 no llega a ser cresta. Entonces llegados a este punto en el que casi tenemos la pared de dicha aguja a nuestra espalda, tenemos que subir por una corta pero empinadilla pala hasta una especie de colladito entre esta aguja, este pilar, y el resto del cordal de Las Escaleras. Aqu\u00ed la nieve ya es mucho m\u00e1s abundante acumul\u00e1ndose en los rincones entre las paredes de la monta\u00f1a. El tiempo aparece medio nublado pero sin peligro de precipitaci\u00f3n, o es malo pero no est\u00e1 del todo cubierto. Espero que estas nubes que aparecen en altura no entorpezcan la buena marcha del grupo\u2026 realmente en el c\u00e1lculo de tiempo de la actividad hay un factor que no he llegado a tener en cuenta: la posibilidad de que la nieve estuviera blanda, inestable. Pensaba que a estas alturas de la primavera la nieve ya estar\u00eda transformada\u2026 al menos en altura; pero parece que no iba a ser as\u00ed.<\/p>\n<div id=\"attachment_36836\" style=\"width: 1034px\" class=\"wp-caption aligncenter\"><a class=\"dt-single-image\" href=\"https:\/\/www.monta\u00f1asdelaluna.es\/wp-content\/uploads\/2017\/08\/salida-hacia-las-escaleras-de-monte-perdido-delante-elena-y-antoni-detras-el-valle-de-ordesa.jpg\" data-dt-img-description=\"\"><img loading=\"lazy\" decoding=\"async\" aria-describedby=\"caption-attachment-36836\" class=\"wp-image-36836 size-large\" src=\"https:\/\/www.monta\u00f1asdelaluna.es\/wp-content\/uploads\/2017\/08\/salida-hacia-las-escaleras-de-monte-perdido-delante-elena-y-antoni-detras-el-valle-de-ordesa-1024x768.jpg\" alt=\"Salida hacia Las Escaleras de Monte Perdido, delante Elena y Antoni, detr\u00e1s el Valle de Ordesa\" width=\"1024\" height=\"768\" srcset=\"https:\/\/www.monta\u00f1asdelaluna.es\/wp-content\/uploads\/2017\/08\/salida-hacia-las-escaleras-de-monte-perdido-delante-elena-y-antoni-detras-el-valle-de-ordesa-1024x768.jpg 1024w, https:\/\/www.monta\u00f1asdelaluna.es\/wp-content\/uploads\/2017\/08\/salida-hacia-las-escaleras-de-monte-perdido-delante-elena-y-antoni-detras-el-valle-de-ordesa-300x225.jpg 300w, https:\/\/www.monta\u00f1asdelaluna.es\/wp-content\/uploads\/2017\/08\/salida-hacia-las-escaleras-de-monte-perdido-delante-elena-y-antoni-detras-el-valle-de-ordesa.jpg 1824w\" sizes=\"auto, (max-width: 1024px) 100vw, 1024px\" \/><\/a><p id=\"caption-attachment-36836\" class=\"wp-caption-text\">Salida hacia Las Escaleras de Monte Perdido, delante Elena y Antoni, detr\u00e1s el Valle de Ordesa<\/p><\/div>\n<div id=\"attachment_36838\" style=\"width: 1034px\" class=\"wp-caption aligncenter\"><a class=\"dt-single-image\" href=\"https:\/\/www.monta\u00f1asdelaluna.es\/wp-content\/uploads\/2017\/08\/el-valle-de-ordesa-detras-y-la-punta-tobacor-a-la-derecha.jpg\" data-dt-img-description=\"\"><img loading=\"lazy\" decoding=\"async\" aria-describedby=\"caption-attachment-36838\" class=\"wp-image-36838 size-large\" src=\"https:\/\/www.monta\u00f1asdelaluna.es\/wp-content\/uploads\/2017\/08\/el-valle-de-ordesa-detras-y-la-punta-tobacor-a-la-derecha-1024x768.jpg\" alt=\"El Valle de Ordesa detr\u00e1s y la Punta Tobacor a la derecha\" width=\"1024\" height=\"768\" srcset=\"https:\/\/www.monta\u00f1asdelaluna.es\/wp-content\/uploads\/2017\/08\/el-valle-de-ordesa-detras-y-la-punta-tobacor-a-la-derecha-1024x768.jpg 1024w, https:\/\/www.monta\u00f1asdelaluna.es\/wp-content\/uploads\/2017\/08\/el-valle-de-ordesa-detras-y-la-punta-tobacor-a-la-derecha-300x225.jpg 300w, https:\/\/www.monta\u00f1asdelaluna.es\/wp-content\/uploads\/2017\/08\/el-valle-de-ordesa-detras-y-la-punta-tobacor-a-la-derecha.jpg 1824w\" sizes=\"auto, (max-width: 1024px) 100vw, 1024px\" \/><\/a><p id=\"caption-attachment-36838\" class=\"wp-caption-text\">El Valle de Ordesa detr\u00e1s y la Punta Tobacor a la derecha<\/p><\/div>\n<p>Despu\u00e9s del leve giro a la derecha para subir al nombrado colladito, llegamos en pocos minutos a \u00e9l. Delante, para seguir el camino, tenemos un paso interesante entre las paredes con algo de ca\u00edda pero no excepcionalmente peligroso: es un pasillito entre una pared arriba y otra abajo del mismo, para llegar a una salida en la que continuamos menos verticalmente el camino de Las Escaleras. Aqu\u00ed el grupo se detiene: no todos quieren o pueden pasar por aqu\u00ed, aunque la marcha atr\u00e1s es posible y con las mismas complicaciones que seguir hacia arriba en este punto, en este paso. Al final entre unos y otros, despu\u00e9s de hablar y debatir, solamente seguiremos el camino en busca del Soum de Ramond Dani, Antoni y yo. El resto se volver\u00e1n al refugio, a Ordesa, al no poder o atreverse el abordar estos escarpes, estos pasos\u2026 casi que mejor, porque este no iba a ser el m\u00e1s dif\u00edcil ni el \u00fanico en esta extraordinaria subida.<\/p>\n<p>Nos despedimos, cruzamos este paso que es una especie de pasillito estrecho y horizontal que nos lleva a un resalte, en el que tenemos que subir de cara a la inclinaci\u00f3n hasta poder erguirnos y seguir subiendo\u2026 ya estamos en la ruta de Las Escaleras del Monte Perdido. Solos Dani, Antoni y yo comenzamos una magn\u00edfica y extraordinaria actividad en busca de la conquista de \u00e9ste, el que parece que comienza a ser, un desafiante pico.<\/p>\n<div id=\"attachment_36841\" style=\"width: 1034px\" class=\"wp-caption aligncenter\"><a class=\"dt-single-image\" href=\"https:\/\/www.monta\u00f1asdelaluna.es\/wp-content\/uploads\/2017\/08\/primer-paso-junto-al-colladito-en-la-ruta-de-las-escaleras.jpg\" data-dt-img-description=\"\"><img loading=\"lazy\" decoding=\"async\" aria-describedby=\"caption-attachment-36841\" class=\"wp-image-36841 size-large\" src=\"https:\/\/www.monta\u00f1asdelaluna.es\/wp-content\/uploads\/2017\/08\/primer-paso-junto-al-colladito-en-la-ruta-de-las-escaleras-1024x768.jpg\" alt=\"Primer paso junto al colladito en la ruta de Las Escaleras\" width=\"1024\" height=\"768\" srcset=\"https:\/\/www.monta\u00f1asdelaluna.es\/wp-content\/uploads\/2017\/08\/primer-paso-junto-al-colladito-en-la-ruta-de-las-escaleras-1024x768.jpg 1024w, https:\/\/www.monta\u00f1asdelaluna.es\/wp-content\/uploads\/2017\/08\/primer-paso-junto-al-colladito-en-la-ruta-de-las-escaleras-300x225.jpg 300w, https:\/\/www.monta\u00f1asdelaluna.es\/wp-content\/uploads\/2017\/08\/primer-paso-junto-al-colladito-en-la-ruta-de-las-escaleras.jpg 1824w\" sizes=\"auto, (max-width: 1024px) 100vw, 1024px\" \/><\/a><p id=\"caption-attachment-36841\" class=\"wp-caption-text\">Primer paso junto al colladito en la ruta de Las Escaleras<\/p><\/div>\n<div id=\"attachment_36843\" style=\"width: 1034px\" class=\"wp-caption aligncenter\"><a class=\"dt-single-image\" href=\"https:\/\/www.monta\u00f1asdelaluna.es\/wp-content\/uploads\/2017\/08\/dani-y-antoni-subiendo-por-las-escaleras.jpg\" data-dt-img-description=\"\"><img loading=\"lazy\" decoding=\"async\" aria-describedby=\"caption-attachment-36843\" class=\"wp-image-36843 size-large\" src=\"https:\/\/www.monta\u00f1asdelaluna.es\/wp-content\/uploads\/2017\/08\/dani-y-antoni-subiendo-por-las-escaleras-1024x768.jpg\" alt=\"Dani y Antoni subiendo por Las Escaleras.\" width=\"1024\" height=\"768\" srcset=\"https:\/\/www.monta\u00f1asdelaluna.es\/wp-content\/uploads\/2017\/08\/dani-y-antoni-subiendo-por-las-escaleras-1024x768.jpg 1024w, https:\/\/www.monta\u00f1asdelaluna.es\/wp-content\/uploads\/2017\/08\/dani-y-antoni-subiendo-por-las-escaleras-300x225.jpg 300w, https:\/\/www.monta\u00f1asdelaluna.es\/wp-content\/uploads\/2017\/08\/dani-y-antoni-subiendo-por-las-escaleras.jpg 1824w\" sizes=\"auto, (max-width: 1024px) 100vw, 1024px\" \/><\/a><p id=\"caption-attachment-36843\" class=\"wp-caption-text\">Dani y Antoni subiendo por Las Escaleras.<\/p><\/div>\n<p>La subida por la loma de Las Escaleras se caracteriza por la superaci\u00f3n de varios resaltes o murallas de 3, 4 o 5 metros de altura para seguir hacia arriba en busca de la cima del Monte Perdido por este lado, por esta ruta. Realmente no tiene complicaciones ni perdida, es seguir hacia arriba por la parte m\u00e1s alta de la loma, y superar estas murallitas por las grietas, resaltes o partes m\u00e1s accesibles\u2026 no supera el I\u00ba+ o II\u00ba en ning\u00fan caso\u2026 y ser\u00eda algo f\u00e1cil si no fuera que justo a esta altura la roca est\u00e1 completamente cubierta de hielo, est\u00e1 totalmente helada, con lo que la subida se complica y a veces hay que pens\u00e1rselo dos veces para abordar un lado u otro de la murallita. Las lluvias de anoche o d\u00eda anterior han hecho que el agua ca\u00edda y despu\u00e9s congelada por las bajas temperaturas en altura, formen estos car\u00e1mbanos y pel\u00edculas de hielo en las rocas descubiertas. En alguno de estos puntos no hay marcha atr\u00e1s: la subida o escarpe con el hielo nos parece tan complicada que creemos imposible bajar por el mismo sitio en caso de buscar una bajada, salida de emergencia\u2026 \u00a1\u00a1No hay marcha atr\u00e1s!! Es subir o subir.<\/p>\n<p>El d\u00eda parece que no va a m\u00e1s con las nubes y el supuesto mal tiempo, al rev\u00e9s, el sol comienza ya a tocarnos iluminando monta\u00f1as y rincones de esta parte del Pirineo preciosa y espectacular. A\u00fan hay abundante nieve en altura, pero seg\u00fan la parte de la monta\u00f1a en la que estemos dicha nieve es m\u00e1s o menos transitable. Por suerte los tres estamos siguiendo algunos hitos que se han erguido para seguir el recorrido de la Ruta de Las Escaleras del Perdido \u00a1Menos mal! Porque estoy un poco desorientado (parece que con la edad pierdo facultades, me meto en historietas cada vez m\u00e1s complicadas, y le hago menos caso a los consejos de mi conciencia y compa\u00f1eros\u2026 \u00a1Insensato!), pero el camino siguiendo los hitos e incluso un track que lleva Antoni en su m\u00f3vil, no tiene p\u00e9rdida. A la derecha aparece una larga pared vertical que pienso ser\u00eda justo la base del pico Punta de Las Escaleras, un tres mil bajo la sombra del Monte Perdido en medio del cordal de Las Escalera que llega hasta la cima del Monte Perdido. Pero no. Justamente hay que pasar otra murallita helada a la izquierda y subir, siguiendo dichos hitos, hacia la derecha por encima de dicha pared en una especie de parte m\u00e1s llana, menos vertical pero s\u00ed m\u00e1s nevada. Por fin giramos hacia la derecha y este, intentado buscar el circo que forma el hueco entre el Soum de Ramond y el Monte Perdido, y dejando la loma de Las Escaleras. Arriba nuestro, mientras cruzamos esta zona con paso algo m\u00e1s horizontal, otra en\u00e9rgica pared, que llega a la cima de la Punta de Las Escaleras.<\/p>\n<div id=\"attachment_36847\" style=\"width: 1034px\" class=\"wp-caption aligncenter\"><a class=\"dt-single-image\" href=\"https:\/\/www.monta\u00f1asdelaluna.es\/wp-content\/uploads\/2017\/08\/delante-el-soum-de-ramond.jpg\" data-dt-img-description=\"\"><img loading=\"lazy\" decoding=\"async\" aria-describedby=\"caption-attachment-36847\" class=\"wp-image-36847 size-large\" src=\"https:\/\/www.monta\u00f1asdelaluna.es\/wp-content\/uploads\/2017\/08\/delante-el-soum-de-ramond-1024x768.jpg\" alt=\"Delante el Soum de Ramond\" width=\"1024\" height=\"768\" srcset=\"https:\/\/www.monta\u00f1asdelaluna.es\/wp-content\/uploads\/2017\/08\/delante-el-soum-de-ramond-1024x768.jpg 1024w, https:\/\/www.monta\u00f1asdelaluna.es\/wp-content\/uploads\/2017\/08\/delante-el-soum-de-ramond-300x225.jpg 300w, https:\/\/www.monta\u00f1asdelaluna.es\/wp-content\/uploads\/2017\/08\/delante-el-soum-de-ramond.jpg 1824w\" sizes=\"auto, (max-width: 1024px) 100vw, 1024px\" \/><\/a><p id=\"caption-attachment-36847\" class=\"wp-caption-text\">Delante el Soum de Ramond<\/p><\/div>\n<div id=\"attachment_36848\" style=\"width: 1834px\" class=\"wp-caption aligncenter\"><a class=\"dt-single-image\" href=\"https:\/\/www.monta\u00f1asdelaluna.es\/wp-content\/uploads\/2017\/08\/IMG_3818.jpg\" data-dt-img-description=\"\"><img loading=\"lazy\" decoding=\"async\" aria-describedby=\"caption-attachment-36848\" class=\"wp-image-36848 size-full\" src=\"https:\/\/www.monta\u00f1asdelaluna.es\/wp-content\/uploads\/2017\/08\/IMG_3818.jpg\" alt=\"Delante el Soum de Ramond\" width=\"1824\" height=\"1368\" srcset=\"https:\/\/www.monta\u00f1asdelaluna.es\/wp-content\/uploads\/2017\/08\/IMG_3818.jpg 1824w, https:\/\/www.monta\u00f1asdelaluna.es\/wp-content\/uploads\/2017\/08\/IMG_3818-300x225.jpg 300w, https:\/\/www.monta\u00f1asdelaluna.es\/wp-content\/uploads\/2017\/08\/IMG_3818-1024x768.jpg 1024w\" sizes=\"auto, (max-width: 1824px) 100vw, 1824px\" \/><\/a><p id=\"caption-attachment-36848\" class=\"wp-caption-text\">Delante el Soum de Ramond<\/p><\/div>\n<p>Mientras seguimos el camino ya en direcci\u00f3n casi recta al Soum de Ramond, observamos como dicho pico comienza a aparecer ante nuestros ojos\u2026 antes no lo ve\u00edamos tapado por los perfiles de la misma loma de Las Escaleras. Las nubes a\u00fan no tapan la cima de la monta\u00f1a, nuestro objetivo, y la vemos espectacular, soberbia, expuesta, interesante\u2026 intentamos adivinar la subida: hay un corredor diagonal, oblicuo que desde su misma base cruza las verticales e imposibles paredes de la cara oeste de este pico. Dicho corredor est\u00e1 lleno de nieve, y las paredes que lo rodean arriba y abajo tambi\u00e9n est\u00e1n llenas de car\u00e1mbanos de hielo, nieve, haciendo visualmente imposible su ataque, introducirnos en ellas\u2026 pero el paisaje es muy alpino, precioso.<\/p>\n<p>Rodeamos la base de la Punta de Las Escaleras intentando no perder demasiado altura, dejando justo a nuestra espalda la subida normal a este pico y al mismo pico, que por cierto s\u00ed que es un pico diferenciado dentro del mismo cordal de Las Escaleras, como sobresaliente del mismo, pero con una forma f\u00e1cil, nada encrespada por este lado, m\u00e1s bien redondeada. Delante nuestro el nevado y amplio circo que separa el Soum de Ramond del Monte Perdido, unidos \u00e9stos por una sobrecogedora cresta, encrespada y desafiante. Hay un laguito en medio, pero no lo llegamos a ver bajo tanta nieve; porque en el fondo del llano y horizontal circo, la nieve es abundant\u00edsima y blanda, muy blanda\u2026 \u00a1Mala cosa! Hay que abrir camino en nieve blanda \u00a1No se ha transformado! Cansancio y des\u00e1nimo, pero no desfalleceremos mientras caminamos, avanzamos en direcci\u00f3n a la base del Soum de Ramond y el sobresaliente corredor oblicuo, al otro lado del circo.<\/p>\n<div id=\"attachment_36850\" style=\"width: 1034px\" class=\"wp-caption aligncenter\"><a class=\"dt-single-image\" href=\"https:\/\/www.monta\u00f1asdelaluna.es\/wp-content\/uploads\/2017\/08\/IMG_3820.jpg\" data-dt-img-description=\"\"><img loading=\"lazy\" decoding=\"async\" aria-describedby=\"caption-attachment-36850\" class=\"wp-image-36850 size-large\" src=\"https:\/\/www.monta\u00f1asdelaluna.es\/wp-content\/uploads\/2017\/08\/IMG_3820-1024x768.jpg\" alt=\"Llegando al corredor oeste y base del Soum de Ramond\" width=\"1024\" height=\"768\" srcset=\"https:\/\/www.monta\u00f1asdelaluna.es\/wp-content\/uploads\/2017\/08\/IMG_3820-1024x768.jpg 1024w, https:\/\/www.monta\u00f1asdelaluna.es\/wp-content\/uploads\/2017\/08\/IMG_3820-300x225.jpg 300w, https:\/\/www.monta\u00f1asdelaluna.es\/wp-content\/uploads\/2017\/08\/IMG_3820.jpg 1824w\" sizes=\"auto, (max-width: 1024px) 100vw, 1024px\" \/><\/a><p id=\"caption-attachment-36850\" class=\"wp-caption-text\">Llegando al corredor oeste y base del Soum de Ramond<\/p><\/div>\n<div id=\"attachment_36853\" style=\"width: 830px\" class=\"wp-caption aligncenter\"><a class=\"dt-single-image\" href=\"https:\/\/www.monta\u00f1asdelaluna.es\/wp-content\/uploads\/2017\/08\/dani-llegando-a-la-base-del-corredor-detras-la-loma-o-cresta-de-las-escaleras.jpg\" data-dt-img-description=\"\"><img loading=\"lazy\" decoding=\"async\" aria-describedby=\"caption-attachment-36853\" class=\"wp-image-36853 \" src=\"https:\/\/www.monta\u00f1asdelaluna.es\/wp-content\/uploads\/2017\/08\/dani-llegando-a-la-base-del-corredor-detras-la-loma-o-cresta-de-las-escaleras.jpg\" alt=\"Dani llegando a la base del corredor, detr\u00e1s la loma o cresta de Las Escaleras\" width=\"820\" height=\"1093\" srcset=\"https:\/\/www.monta\u00f1asdelaluna.es\/wp-content\/uploads\/2017\/08\/dani-llegando-a-la-base-del-corredor-detras-la-loma-o-cresta-de-las-escaleras.jpg 1368w, https:\/\/www.monta\u00f1asdelaluna.es\/wp-content\/uploads\/2017\/08\/dani-llegando-a-la-base-del-corredor-detras-la-loma-o-cresta-de-las-escaleras-225x300.jpg 225w, https:\/\/www.monta\u00f1asdelaluna.es\/wp-content\/uploads\/2017\/08\/dani-llegando-a-la-base-del-corredor-detras-la-loma-o-cresta-de-las-escaleras-768x1024.jpg 768w\" sizes=\"auto, (max-width: 820px) 100vw, 820px\" \/><\/a><p id=\"caption-attachment-36853\" class=\"wp-caption-text\">Dani llegando a la base del corredor, detr\u00e1s la loma o cresta de Las Escaleras<\/p><\/div>\n<p>Mirando hacia la derecha en direcci\u00f3n a la salida o parte m\u00e1s baja del circo, no hay salida: las paredes y barrancos llenan esta parte haciendo imposible la salida por este lugar del mismo. Adem\u00e1s Antoni que ya ha estado por aqu\u00ed ya nos cont\u00f3 su \u201chaza\u00f1a\u201d buscando una salida en este rinc\u00f3n, rapelando en solitario por sitios escalofriantes. La salida es volver por donde hemos llegado o subir al pico, el Soum de Ramond. No hay salida. Hay que hacer la cima. Al otro lado se supone que las condiciones de la monta\u00f1a estar\u00e1n mejor y m\u00e1s asequibles para poder bajarla\u2026<\/p>\n<p>Mientras nos acercamos a las terror\u00edficas paredes del Soum de Ramond y a la entrada del nombrado corredor, que desde esta perspectiva solamente apreciamos su parte baja y primera, que es un amplio corredor o pala recta, casi vertical (no se ve la parte oblicua), nos preguntamos y hacemos c\u00e1balas para saber cu\u00e1l ser\u00e1 el camino que seguir\u00e1 este corredor, invisible a nuestros ojos ahora. Pero no nos desanimamos, no podemos, cansados de la nieve blanda llegamos a la empinada pala que se adentra en el corredor, es vertical, hacemos turnos para abrir camino para no cansarnos; pero ya cansado de abrir huella en medio de la profunda nieve, dejo que Dani y Antoni suban por el corredor y me ense\u00f1en el camino por el mismo.<\/p>\n<div id=\"attachment_36852\" style=\"width: 1034px\" class=\"wp-caption aligncenter\"><a class=\"dt-single-image\" href=\"https:\/\/www.monta\u00f1asdelaluna.es\/wp-content\/uploads\/2017\/08\/antoni-comienza-la-subida-por-el-corredor-oeste-y-de-subida-al-soum-de-ramond.jpg\" data-dt-img-description=\"\"><img loading=\"lazy\" decoding=\"async\" aria-describedby=\"caption-attachment-36852\" class=\"wp-image-36852 size-large\" src=\"https:\/\/www.monta\u00f1asdelaluna.es\/wp-content\/uploads\/2017\/08\/antoni-comienza-la-subida-por-el-corredor-oeste-y-de-subida-al-soum-de-ramond-1024x768.jpg\" alt=\"Antoni comienza la subida por el corredor oeste y de subida al Soum de Ramond\" width=\"1024\" height=\"768\" srcset=\"https:\/\/www.monta\u00f1asdelaluna.es\/wp-content\/uploads\/2017\/08\/antoni-comienza-la-subida-por-el-corredor-oeste-y-de-subida-al-soum-de-ramond-1024x768.jpg 1024w, https:\/\/www.monta\u00f1asdelaluna.es\/wp-content\/uploads\/2017\/08\/antoni-comienza-la-subida-por-el-corredor-oeste-y-de-subida-al-soum-de-ramond-300x225.jpg 300w, https:\/\/www.monta\u00f1asdelaluna.es\/wp-content\/uploads\/2017\/08\/antoni-comienza-la-subida-por-el-corredor-oeste-y-de-subida-al-soum-de-ramond.jpg 1824w\" sizes=\"auto, (max-width: 1024px) 100vw, 1024px\" \/><\/a><p id=\"caption-attachment-36852\" class=\"wp-caption-text\">Antoni comienza la subida por el corredor oeste y de subida al Soum de Ramond<\/p><\/div>\n<div id=\"attachment_36854\" style=\"width: 1034px\" class=\"wp-caption aligncenter\"><a class=\"dt-single-image\" href=\"https:\/\/www.monta\u00f1asdelaluna.es\/wp-content\/uploads\/2017\/08\/antoni-y-dani-en-el-corredor-oblicuo-de-subida-al-soum-de-ramond.jpg\" data-dt-img-description=\"\"><img loading=\"lazy\" decoding=\"async\" aria-describedby=\"caption-attachment-36854\" class=\"wp-image-36854 size-large\" src=\"https:\/\/www.monta\u00f1asdelaluna.es\/wp-content\/uploads\/2017\/08\/antoni-y-dani-en-el-corredor-oblicuo-de-subida-al-soum-de-ramond-1024x768.jpg\" alt=\"Antoni y Dani en el corredor oblicuo de subida al Soum de Ramond\" width=\"1024\" height=\"768\" srcset=\"https:\/\/www.monta\u00f1asdelaluna.es\/wp-content\/uploads\/2017\/08\/antoni-y-dani-en-el-corredor-oblicuo-de-subida-al-soum-de-ramond-1024x768.jpg 1024w, https:\/\/www.monta\u00f1asdelaluna.es\/wp-content\/uploads\/2017\/08\/antoni-y-dani-en-el-corredor-oblicuo-de-subida-al-soum-de-ramond-300x225.jpg 300w, https:\/\/www.monta\u00f1asdelaluna.es\/wp-content\/uploads\/2017\/08\/antoni-y-dani-en-el-corredor-oblicuo-de-subida-al-soum-de-ramond.jpg 1824w\" sizes=\"auto, (max-width: 1024px) 100vw, 1024px\" \/><\/a><p id=\"caption-attachment-36854\" class=\"wp-caption-text\">Antoni y Dani en el corredor oblicuo de subida al Soum de Ramond<\/p><\/div>\n<p>Dejamos atr\u00e1s la parte llana y horizontal del centro del circo que forma el Monte Perdido y el Soum de Ramond, y tambi\u00e9n a nuestra espalda observamos perfectamente el largo cordal de Las Escaleras con la Punta de Las Escaleras y la nublada cima del Perdido arriba, est\u00e1 muy claro el camino, la ruta. Y delante, arriba, la empinada pala que cogemos por su lado izquierdo, bajo las paredes del pico que queremos conquistar. Ahora vemos el recorrido a subir: el corredor o pala ahora parece un ancho pasillo que sube en diagonal entre paredes y escarpes verticales. Acaba en la crestecilla que baja de la misma cima y que parece no es demasiado dif\u00edcil o complicada. El trayecto ser\u00eda f\u00e1cil con buena nieve, nieve dura y transformada, pero como est\u00e1 la nieve que parece dura en algunos pocos tramos y muy blanda, que cae pendiente abajo, en la mayor\u00eda del recorrido, la incertidumbre es lo que m\u00e1s tememos con cada paso. Pero veo que Dani y Antoni pasan sin problemas y suben poco a poco en busca del hombro de la crestecilla donde llega este pasillo, corredor.<\/p>\n<p>Alg\u00fan paso nos hace mirar abajo y la derecha donde la nieve coge una inclinaci\u00f3n de casi 45\u00ba, y hay una rampa, pala, de salida del mismo corredor recto que parece atraviesa en vertical y perpendicular al terreno horizontal, este pasillo oblicuo que estamos atravesando. Dicha salida forma un peligroso tobog\u00e1n de nieve casi vertical, por el que saldremos disparados si resbalamos o caemos por aqu\u00ed. Pero m\u00e1s arriba el pasillo est\u00e1 m\u00e1s protegido. Arriba del mismo aparecen unas setas, hongos de nieve acumulada y se inclina m\u00e1s a\u00fan el pasillo, corredor oblicuo, como siempre ocurre en las salidas de corredores.<\/p>\n<div id=\"attachment_36856\" style=\"width: 1034px\" class=\"wp-caption aligncenter\"><a class=\"dt-single-image\" href=\"https:\/\/www.monta\u00f1asdelaluna.es\/wp-content\/uploads\/2017\/08\/IMG_3828.jpg\" data-dt-img-description=\"\"><img loading=\"lazy\" decoding=\"async\" aria-describedby=\"caption-attachment-36856\" class=\"wp-image-36856 size-large\" src=\"https:\/\/www.monta\u00f1asdelaluna.es\/wp-content\/uploads\/2017\/08\/IMG_3828-1024x768.jpg\" alt=\"Antoni y Dani en el corredor oblicuo de subida al Soum de Ramond\" width=\"1024\" height=\"768\" srcset=\"https:\/\/www.monta\u00f1asdelaluna.es\/wp-content\/uploads\/2017\/08\/IMG_3828-1024x768.jpg 1024w, https:\/\/www.monta\u00f1asdelaluna.es\/wp-content\/uploads\/2017\/08\/IMG_3828-300x225.jpg 300w, https:\/\/www.monta\u00f1asdelaluna.es\/wp-content\/uploads\/2017\/08\/IMG_3828.jpg 1824w\" sizes=\"auto, (max-width: 1024px) 100vw, 1024px\" \/><\/a><p id=\"caption-attachment-36856\" class=\"wp-caption-text\">Antoni y Dani en el corredor oblicuo de subida al Soum de Ramond<\/p><\/div>\n<div id=\"attachment_36857\" style=\"width: 1034px\" class=\"wp-caption aligncenter\"><a class=\"dt-single-image\" href=\"https:\/\/www.monta\u00f1asdelaluna.es\/wp-content\/uploads\/2017\/08\/antoni-y-dani-llegando-a-la-salida-del-corredor.jpg\" data-dt-img-description=\"\"><img loading=\"lazy\" decoding=\"async\" aria-describedby=\"caption-attachment-36857\" class=\"wp-image-36857 size-large\" src=\"https:\/\/www.monta\u00f1asdelaluna.es\/wp-content\/uploads\/2017\/08\/antoni-y-dani-llegando-a-la-salida-del-corredor-1024x768.jpg\" alt=\"Antoni y Dani llegando a la salida del corredor\" width=\"1024\" height=\"768\" srcset=\"https:\/\/www.monta\u00f1asdelaluna.es\/wp-content\/uploads\/2017\/08\/antoni-y-dani-llegando-a-la-salida-del-corredor-1024x768.jpg 1024w, https:\/\/www.monta\u00f1asdelaluna.es\/wp-content\/uploads\/2017\/08\/antoni-y-dani-llegando-a-la-salida-del-corredor-300x225.jpg 300w, https:\/\/www.monta\u00f1asdelaluna.es\/wp-content\/uploads\/2017\/08\/antoni-y-dani-llegando-a-la-salida-del-corredor.jpg 1824w\" sizes=\"auto, (max-width: 1024px) 100vw, 1024px\" \/><\/a><p id=\"caption-attachment-36857\" class=\"wp-caption-text\">Antoni y Dani llegando a la salida del corredor<\/p><\/div>\n<p>Observo como mis compa\u00f1eros llegan a la salida y parte de arriba del pasillo\/corredor. Se ha nublado, las nubes nos cubren y cubren la cima, la monta\u00f1a; el tiempo est\u00e1 cambiando y empeorando, espero que no vaya a peor. Hemos descansado unos pocos minutos antes de aventurarnos en la pala, corredor oblicuo, y ahora volvemos a descansar otros pocos minutos en el hombro de esta crestecilla que baja de la misma cima y que deriva en el pasado corredor oblicuo. Estamos contentos. Parece que lo que queda hasta la cima es una crestecilla f\u00e1cil y corta. Ya nos vemos en la cima del Soum de Ramond\u2026 \u00a1\u00a1Lo hemos conseguido!!&#8230; pero nos quedar\u00e1 sin saberlo, uno de los \u201cescalones\u201d m\u00e1s dif\u00edciles de superar justo bajo la misma cima del pico.<\/p>\n<p>Las nubes nos invaden. No vemos paisaje, todo es blanco con pinceladas oscuras de la poca roca que queda fuera de las nieves, hielos y car\u00e1mbanos que, a estas alturas, es m\u00e1s fr\u00edo, abundante, peligroso y entorpecedor. Comenzamos la subida por la crestecilla, algo empinada, que llegado a un punto unas rocas cubiertas de hielo, nieve blanda casi infranqueables, nos impide avanzar cuando solo faltan pocos metros hasta la cima. Si fuera verano y la roca estuviera limpia de nieve, hielo, el franqueo hubiera sido f\u00e1cil, pero ahora, las condiciones, situaci\u00f3n\u2026 nos hace pararnos sin saber c\u00f3mo proseguir. Al cabo de un tiempo seguimos intentando encontrar un camino entre las empinadas rocas, por la nieve blanda e inestable, sobre una pendiente que se verticaliza y acaba en un precipicio (fuera de nuestra vista) bajo nuestros pies, envueltos en la niebla blanca que lo envuelve todo y lo hace todo invisible.<\/p>\n<div id=\"attachment_36858\" style=\"width: 1034px\" class=\"wp-caption aligncenter\"><a class=\"dt-single-image\" href=\"https:\/\/www.monta\u00f1asdelaluna.es\/wp-content\/uploads\/2017\/08\/antoni-y-dani-en-la-salida-del-corredor-antes-de-emprender-la-ultima-cresta-hacia-la-cima-del-soum-de-ramond.jpg\" data-dt-img-description=\"\"><img loading=\"lazy\" decoding=\"async\" aria-describedby=\"caption-attachment-36858\" class=\"wp-image-36858 size-large\" src=\"https:\/\/www.monta\u00f1asdelaluna.es\/wp-content\/uploads\/2017\/08\/antoni-y-dani-en-la-salida-del-corredor-antes-de-emprender-la-ultima-cresta-hacia-la-cima-del-soum-de-ramond-1024x768.jpg\" alt=\"Antoni y Dani en la salida del corredor antes de emprender la ultima cresta hacia la cima del Soum de Ramond\" width=\"1024\" height=\"768\" srcset=\"https:\/\/www.monta\u00f1asdelaluna.es\/wp-content\/uploads\/2017\/08\/antoni-y-dani-en-la-salida-del-corredor-antes-de-emprender-la-ultima-cresta-hacia-la-cima-del-soum-de-ramond-1024x768.jpg 1024w, https:\/\/www.monta\u00f1asdelaluna.es\/wp-content\/uploads\/2017\/08\/antoni-y-dani-en-la-salida-del-corredor-antes-de-emprender-la-ultima-cresta-hacia-la-cima-del-soum-de-ramond-300x225.jpg 300w, https:\/\/www.monta\u00f1asdelaluna.es\/wp-content\/uploads\/2017\/08\/antoni-y-dani-en-la-salida-del-corredor-antes-de-emprender-la-ultima-cresta-hacia-la-cima-del-soum-de-ramond.jpg 1824w\" sizes=\"auto, (max-width: 1024px) 100vw, 1024px\" \/><\/a><p id=\"caption-attachment-36858\" class=\"wp-caption-text\">Antoni y Dani en la salida del corredor antes de emprender la ultima cresta hacia la cima del Soum de Ramond<\/p><\/div>\n<div id=\"attachment_36859\" style=\"width: 830px\" class=\"wp-caption aligncenter\"><a class=\"dt-single-image\" href=\"https:\/\/www.monta\u00f1asdelaluna.es\/wp-content\/uploads\/2017\/08\/subiendo-a-la-cima-del-soum-de-ramond.jpg\" data-dt-img-description=\"\"><img loading=\"lazy\" decoding=\"async\" aria-describedby=\"caption-attachment-36859\" class=\"wp-image-36859 \" src=\"https:\/\/www.monta\u00f1asdelaluna.es\/wp-content\/uploads\/2017\/08\/subiendo-a-la-cima-del-soum-de-ramond.jpg\" alt=\"Subiendo a la cima del Soum de Ramond\" width=\"820\" height=\"1093\" srcset=\"https:\/\/www.monta\u00f1asdelaluna.es\/wp-content\/uploads\/2017\/08\/subiendo-a-la-cima-del-soum-de-ramond.jpg 1200w, https:\/\/www.monta\u00f1asdelaluna.es\/wp-content\/uploads\/2017\/08\/subiendo-a-la-cima-del-soum-de-ramond-225x300.jpg 225w, https:\/\/www.monta\u00f1asdelaluna.es\/wp-content\/uploads\/2017\/08\/subiendo-a-la-cima-del-soum-de-ramond-768x1024.jpg 768w\" sizes=\"auto, (max-width: 820px) 100vw, 820px\" \/><\/a><p id=\"caption-attachment-36859\" class=\"wp-caption-text\">Subiendo a la cima del Soum de Ramond<\/p><\/div>\n<p>Llego a ponerme nervioso al intentar subir entre las rocas\u2026 me falta otro piolet para poder apoyarme y superarme entre ellas. La ca\u00edda detr\u00e1s m\u00eda puede ser fatal. Ya llevamos minutos, tiempo intent\u00e1ndolo, buscando donde cogerme entre la roca helada y nevada. Lo dejo. Lo intenta Dani. El mismo resultado. Lo hace el intr\u00e9pido Antoni y consigue pasar entre las rocas poco a poco con pasos de oposici\u00f3n para que el peso del cuerpo no nos tire de espaldas monta\u00f1a abajo, ya que no podemos cogernos a la misma. Nosotros le intentamos seguir, pero con el mismo resultado nulo. Finalmente, con m\u00e1s lentitud y pasos m\u00e1s en el aire, Dani consigue pasar entre las rocas. Seguidamente lo hago yo, y ya los tres hemos superado este paso entre estas rocas verticales y heladas, y ya estamos en la cima del Soum de Ramond. Al final ha sido un acto de confianza; poca costumbre de realizar estos pasos de monta\u00f1a.<\/p>\n<p>Antoni dice que ahora hay que seguir la horizontal y fina cresta cimera hacia la derecha para llegar al punto m\u00e1s alto, que lo podemos ver desde aqu\u00ed cuando las nubes nos dejan, pero est\u00e1 pr\u00e1cticamente a la misma altura del punto en el que estamos. Le digo yo mismo que no, no hace falta, aqu\u00ed ya estamos en la cima. Veo la cresta y me parece fatal y casi peligrosa a primera vista con las condiciones atmosf\u00e9ricas, de hielo y nieve que veo\u2026 \u00a1Ya hemos pasado bastante! (pienso para mis adentros).<\/p>\n<div id=\"attachment_36860\" style=\"width: 1034px\" class=\"wp-caption aligncenter\"><a class=\"dt-single-image\" href=\"https:\/\/www.monta\u00f1asdelaluna.es\/wp-content\/uploads\/2017\/08\/dani-y-antoni-en-la-cima-del-soum-de-ramond-3-259-mts.jpg\" data-dt-img-description=\"\"><img loading=\"lazy\" decoding=\"async\" aria-describedby=\"caption-attachment-36860\" class=\"wp-image-36860 size-large\" src=\"https:\/\/www.monta\u00f1asdelaluna.es\/wp-content\/uploads\/2017\/08\/dani-y-antoni-en-la-cima-del-soum-de-ramond-3-259-mts-1024x768.jpg\" alt=\"Dani y Antoni en la cima del Soum de Ramond, 3.259 mts.\" width=\"1024\" height=\"768\" srcset=\"https:\/\/www.monta\u00f1asdelaluna.es\/wp-content\/uploads\/2017\/08\/dani-y-antoni-en-la-cima-del-soum-de-ramond-3-259-mts-1024x768.jpg 1024w, https:\/\/www.monta\u00f1asdelaluna.es\/wp-content\/uploads\/2017\/08\/dani-y-antoni-en-la-cima-del-soum-de-ramond-3-259-mts-300x225.jpg 300w, https:\/\/www.monta\u00f1asdelaluna.es\/wp-content\/uploads\/2017\/08\/dani-y-antoni-en-la-cima-del-soum-de-ramond-3-259-mts.jpg 1824w\" sizes=\"auto, (max-width: 1024px) 100vw, 1024px\" \/><\/a><p id=\"caption-attachment-36860\" class=\"wp-caption-text\">Dani y Antoni en la cima del Soum de Ramond, 3.259 mts.<\/p><\/div>\n<div id=\"attachment_36861\" style=\"width: 1034px\" class=\"wp-caption aligncenter\"><a class=\"dt-single-image\" href=\"https:\/\/www.monta\u00f1asdelaluna.es\/wp-content\/uploads\/2017\/08\/joaquin-y-antoni-en-la-cima-del-soum-de-ramond-3-259-mts.jpg\" data-dt-img-description=\"\"><img loading=\"lazy\" decoding=\"async\" aria-describedby=\"caption-attachment-36861\" class=\"wp-image-36861 size-large\" src=\"https:\/\/www.monta\u00f1asdelaluna.es\/wp-content\/uploads\/2017\/08\/joaquin-y-antoni-en-la-cima-del-soum-de-ramond-3-259-mts-1024x768.jpg\" alt=\"Joaqu\u00edn y Antoni en la cima del Soum de Ramond, 3.259 mts.\" width=\"1024\" height=\"768\" srcset=\"https:\/\/www.monta\u00f1asdelaluna.es\/wp-content\/uploads\/2017\/08\/joaquin-y-antoni-en-la-cima-del-soum-de-ramond-3-259-mts-1024x768.jpg 1024w, https:\/\/www.monta\u00f1asdelaluna.es\/wp-content\/uploads\/2017\/08\/joaquin-y-antoni-en-la-cima-del-soum-de-ramond-3-259-mts-300x225.jpg 300w, https:\/\/www.monta\u00f1asdelaluna.es\/wp-content\/uploads\/2017\/08\/joaquin-y-antoni-en-la-cima-del-soum-de-ramond-3-259-mts.jpg 1824w\" sizes=\"auto, (max-width: 1024px) 100vw, 1024px\" \/><\/a><p id=\"caption-attachment-36861\" class=\"wp-caption-text\">Joaqu\u00edn y Antoni en la cima del Soum de Ramond, 3.259 mts.<\/p><\/div>\n<p>Pero estamos muy contentos. Estamos a unos 3.259 mts. es la cima norte del Soum de Ramond o Pico de A\u00f1isclo. Esta todo nublado, invisible, menos el fr\u00edo y el poco viento que comienza a soplar. Es la una del mediod\u00eda. Hemos tardado 7 horas en llegar a la cima desde G\u00f3riz\u2026 \u00a1\u00a1Una pasada!! Y la vuelta puede ser igual o m\u00e1s larga de tiempo. Nos hacemos las fotos de cumbre y nos preguntamos por donde bajaremos en busca de los Picos de Baudrimont y Punta de Las Olas. Antoni ya ha estado aqu\u00ed, ha subido esta monta\u00f1a en verano, con visibilidad y buen tiempo, pero ahora no puede decirnos por donde bajar, no puede ensamblar los recuerdos con la realidad actual\u2026 no me extra\u00f1a porque es que no se ve nada con estas nubes. Al final decido yo. He visto en el Alpina que la senda o recorrido sigue la cresta que baja de la cima en busca de la monta\u00f1a del Monte Perdido pero que enseguida gira a la derecha y este, bajando de golpe toda la empinada pero no abrupta (al final) pendiente de bajada, noreste, de esta monta\u00f1a. Y comienzo a bajar por la, en ocasiones, enfilada cresta de nieve blanda e inestable con precipicios vertiginosos a la izquierda (la cara que ve\u00edamos de la monta\u00f1a cuando nos acerc\u00e1bamos a ella), temible y terror\u00edfica vertiente, y una casi vertical pero pendiente al fin y al cabo sin precipicios a la derecha.<\/p>\n<p>Doy pasos muy poco a poco, creo que llevo demasiado cuidado, m\u00e1s de lo que merece este recorrido por la cresta y es m\u00e1s por miedo y temeridad por el lugar en el que me encuentro. De vez en cuando las nubes se despejan y veo gran parte de la cresta que comunica o une el Soum de Ramond con el Monte Perdido. Soberbia. Exagerada. E incluso de vez en cuando pero muy pocas veces la cima del mismo Monte Perdido se llegaba a despejar\u2026 llegamos a o\u00edr los gritos de alegr\u00eda y ver alguna figura en la cima de aquellos que llegaban a conquistar Monte Perdido\u2026 \u00a1\u00a1Que f\u00e1cil me parece ahora la subida a Monte Perdido despu\u00e9s de lo que hemos hecho!!<\/p>\n<div id=\"attachment_36865\" style=\"width: 1034px\" class=\"wp-caption aligncenter\"><a class=\"dt-single-image\" href=\"https:\/\/www.monta\u00f1asdelaluna.es\/wp-content\/uploads\/2017\/08\/IMG_3840.jpg\" data-dt-img-description=\"\"><img loading=\"lazy\" decoding=\"async\" aria-describedby=\"caption-attachment-36865\" class=\"wp-image-36865 size-large\" src=\"https:\/\/www.monta\u00f1asdelaluna.es\/wp-content\/uploads\/2017\/08\/IMG_3840-1024x768.jpg\" alt=\"Bajando de la cima del Soum de Ramond por la cresta hacia el Monte Perdido\" width=\"1024\" height=\"768\" srcset=\"https:\/\/www.monta\u00f1asdelaluna.es\/wp-content\/uploads\/2017\/08\/IMG_3840-1024x768.jpg 1024w, https:\/\/www.monta\u00f1asdelaluna.es\/wp-content\/uploads\/2017\/08\/IMG_3840-300x225.jpg 300w, https:\/\/www.monta\u00f1asdelaluna.es\/wp-content\/uploads\/2017\/08\/IMG_3840.jpg 1824w\" sizes=\"auto, (max-width: 1024px) 100vw, 1024px\" \/><\/a><p id=\"caption-attachment-36865\" class=\"wp-caption-text\">Bajando de la cima del Soum de Ramond por la cresta hacia el Monte Perdido<\/p><\/div>\n<div id=\"attachment_36868\" style=\"width: 1034px\" class=\"wp-caption aligncenter\"><a class=\"dt-single-image\" href=\"https:\/\/www.monta\u00f1asdelaluna.es\/wp-content\/uploads\/2017\/08\/dani-y-antoni-bajando-del-soum-de-ramond.jpg\" data-dt-img-description=\"\"><img loading=\"lazy\" decoding=\"async\" aria-describedby=\"caption-attachment-36868\" class=\"wp-image-36868 size-large\" src=\"https:\/\/www.monta\u00f1asdelaluna.es\/wp-content\/uploads\/2017\/08\/dani-y-antoni-bajando-del-soum-de-ramond-1024x768.jpg\" alt=\"Dani y Antoni bajando del Soum de Ramond\" width=\"1024\" height=\"768\" srcset=\"https:\/\/www.monta\u00f1asdelaluna.es\/wp-content\/uploads\/2017\/08\/dani-y-antoni-bajando-del-soum-de-ramond-1024x768.jpg 1024w, https:\/\/www.monta\u00f1asdelaluna.es\/wp-content\/uploads\/2017\/08\/dani-y-antoni-bajando-del-soum-de-ramond-300x225.jpg 300w, https:\/\/www.monta\u00f1asdelaluna.es\/wp-content\/uploads\/2017\/08\/dani-y-antoni-bajando-del-soum-de-ramond.jpg 1824w\" sizes=\"auto, (max-width: 1024px) 100vw, 1024px\" \/><\/a><p id=\"caption-attachment-36868\" class=\"wp-caption-text\">Dani y Antoni bajando del Soum de Ramond<\/p><\/div>\n<p>Pocos pasos por la cresta y en cuanto lo veo factible me tiro por la vertiente derecha, este, aunque sigo sin ver a donde voy, lo que hay abajo\u2026 pero si en el Alpina pone que hay paso y recorrido, mi confianza es ciega. Mis compa\u00f1eros me siguen sigilosos por arriba de m\u00ed, Antoni parece que a\u00fan no est\u00e1 convencido de que vayamos por el buen camino. Pero mientras vamos bajando poco a poco por la empinada vertiente, \u00e9sta comienza a ser menos empinada y las nubes comienzan a quedarse arriba abri\u00e9ndose el paisaje ante nuestros ojos a medida que descendemos\u2026 perfecto, vamos muy bien encaminados. Veo un vallecillo muy nevado como colgado bajo la pendiente que desciendo, cerrados por dos promontorios, uno picudo y otro m\u00e1s alargado y horizontal; son los Picos de Baudrimont. \u00c9stos quedan all\u00e1 abajo, peque\u00f1os, casi inapreciables comparados con el gigante del cual descendemos que es el Soum de Ramond.<\/p>\n<p>Antes de llegar a la parte de abajo m\u00e1s llana y horizontal, este valle colgado, giro hacia la derecha en busca de un colladito bajo los escarpes de la parte sureste del pico, justo a la derecha tambi\u00e9n del Baudrimont SE, el que se ve m\u00e1s picudo desde aqu\u00ed. Y es que, al otro lado de este colladito, sigue todo un amplio y suave cordal muy, muy nevado, que acaba en otro pico cubierto y alejado de la zona\u2026 comenzamos a vislumbrar las estribaciones de la Punta de Las Olas. Hemos decidido no subir los Baudrimont, se ha hecho muy tarde; y subiremos La Punta de Las Olas solamente porque pasando por su cima, es la \u00fanica bajada, salida de estas alturas rodeadas de paredes y precipicios calc\u00e1reos, verticales y vertiginosos\u2026 solo la bajada de la Punta de Las Olas hacia la senda por la que pasa el G. R.-11 entre G\u00f3riz y el Collado A\u00f1isclo, ser\u00e1 nuestra \u00fanica v\u00eda de escape y salida de este recorrido, con la conquista del Soum de Ramond y su imposibilidad de deshacer el camino de subida a \u00e9ste realizada\u2026 \u00a1\u00a1La vuelta es enorme!!<\/p>\n<div id=\"attachment_36872\" style=\"width: 1834px\" class=\"wp-caption aligncenter\"><a class=\"dt-single-image\" href=\"https:\/\/www.monta\u00f1asdelaluna.es\/wp-content\/uploads\/2017\/08\/el-pico-se-de-baudrimont.jpg\" data-dt-img-description=\"\"><img loading=\"lazy\" decoding=\"async\" aria-describedby=\"caption-attachment-36872\" class=\"wp-image-36872 size-full\" src=\"https:\/\/www.monta\u00f1asdelaluna.es\/wp-content\/uploads\/2017\/08\/el-pico-se-de-baudrimont.jpg\" alt=\"El Pico SE de Baudrimont\" width=\"1824\" height=\"1368\" srcset=\"https:\/\/www.monta\u00f1asdelaluna.es\/wp-content\/uploads\/2017\/08\/el-pico-se-de-baudrimont.jpg 1824w, https:\/\/www.monta\u00f1asdelaluna.es\/wp-content\/uploads\/2017\/08\/el-pico-se-de-baudrimont-300x225.jpg 300w, https:\/\/www.monta\u00f1asdelaluna.es\/wp-content\/uploads\/2017\/08\/el-pico-se-de-baudrimont-1024x768.jpg 1024w\" sizes=\"auto, (max-width: 1824px) 100vw, 1824px\" \/><\/a><p id=\"caption-attachment-36872\" class=\"wp-caption-text\">El Pico SE de Baudrimont<\/p><\/div>\n<div id=\"attachment_36873\" style=\"width: 1034px\" class=\"wp-caption aligncenter\"><a class=\"dt-single-image\" href=\"https:\/\/www.monta\u00f1asdelaluna.es\/wp-content\/uploads\/2017\/08\/punta-de-las-olas.jpg\" data-dt-img-description=\"\"><img loading=\"lazy\" decoding=\"async\" aria-describedby=\"caption-attachment-36873\" class=\"wp-image-36873 size-large\" src=\"https:\/\/www.monta\u00f1asdelaluna.es\/wp-content\/uploads\/2017\/08\/punta-de-las-olas-1024x768.jpg\" alt=\"Punta de Las Olas\" width=\"1024\" height=\"768\" srcset=\"https:\/\/www.monta\u00f1asdelaluna.es\/wp-content\/uploads\/2017\/08\/punta-de-las-olas-1024x768.jpg 1024w, https:\/\/www.monta\u00f1asdelaluna.es\/wp-content\/uploads\/2017\/08\/punta-de-las-olas-300x225.jpg 300w, https:\/\/www.monta\u00f1asdelaluna.es\/wp-content\/uploads\/2017\/08\/punta-de-las-olas.jpg 1824w\" sizes=\"auto, (max-width: 1024px) 100vw, 1024px\" \/><\/a><p id=\"caption-attachment-36873\" class=\"wp-caption-text\">Punta de Las Olas<\/p><\/div>\n<p>Ahora que recorremos estos lugares casi horizontales, de suaves ondulaciones, de abundante, blanca y llamativa nieve, me parece estar en otro mundo; uno m\u00e1s inh\u00f3spito, desconocido pero hermoso, precioso, de una belleza peligrosa, salvaje y temible. No hay nadie. Salvo los gritos que sal\u00edan de la cima del Perdido, no hay se\u00f1ales de otros monta\u00f1eros, visitantes humanos a estos helados y fr\u00edos parajes. Estamos m\u00e1s descansados mientras nos acercamos a la Punta de Las Olas, pico que poco a poco se va definiendo su figura, su forma en el horizonte m\u00e1s cercano. Parece la loma de un gigantesco animal que descansa en medio de las alturas, de la nada\u2026 detr\u00e1s de \u00e9l no hay m\u00e1s horizonte nevado, y bajo \u00e9l los lejanos paisajes verdes de los valles de A\u00f1isclo y Pineta. Magn\u00edfico, precioso.<\/p>\n<p>Las nubes ya se van quedando a cierta altura; forman una l\u00ednea en el cielo la cual a partir de ella hacia abajo podemos disfrutar de las vistas del paisaje, pero hacia arriba todo son c\u00famulos, nieblas, nubes\u2026 pero entre ellas nos dejan ver otras monta\u00f1as y valles mientras caminamos con paso firme entre este inh\u00f3spito paisaje de nieve y fr\u00edo, como el cercano macizo de La Munia, la Sierra de Las Tucas enfrente entre la Punta de Las Olas y el Baudrimont SE, sobre el profundo, verde y oscuro Valle de Pineta, que aparece tan lejano, tan profundo, que nos d\u00e1 la impresi\u00f3n de estar en otro plano, en otra cordillera desde aqu\u00ed arriba.<\/p>\n<div id=\"attachment_36874\" style=\"width: 1834px\" class=\"wp-caption aligncenter\"><a class=\"dt-single-image\" href=\"https:\/\/www.monta\u00f1asdelaluna.es\/wp-content\/uploads\/2017\/08\/el-pico-se-de-baudrimont-a-la-izquierda-y-la-punta-de-las-olas-a-la-derecha-con-la-sierra-de-las-tucas-en-el-centro.jpg\" data-dt-img-description=\"\"><img loading=\"lazy\" decoding=\"async\" aria-describedby=\"caption-attachment-36874\" class=\"wp-image-36874 size-full\" src=\"https:\/\/www.monta\u00f1asdelaluna.es\/wp-content\/uploads\/2017\/08\/el-pico-se-de-baudrimont-a-la-izquierda-y-la-punta-de-las-olas-a-la-derecha-con-la-sierra-de-las-tucas-en-el-centro.jpg\" alt=\"El Pico SE de Baudrimont a la izquierda y la Punta de Las Olas a la derecha, con la Sierra de Las Tucas en el centro\" width=\"1824\" height=\"1024\" srcset=\"https:\/\/www.monta\u00f1asdelaluna.es\/wp-content\/uploads\/2017\/08\/el-pico-se-de-baudrimont-a-la-izquierda-y-la-punta-de-las-olas-a-la-derecha-con-la-sierra-de-las-tucas-en-el-centro.jpg 1824w, https:\/\/www.monta\u00f1asdelaluna.es\/wp-content\/uploads\/2017\/08\/el-pico-se-de-baudrimont-a-la-izquierda-y-la-punta-de-las-olas-a-la-derecha-con-la-sierra-de-las-tucas-en-el-centro-300x168.jpg 300w, https:\/\/www.monta\u00f1asdelaluna.es\/wp-content\/uploads\/2017\/08\/el-pico-se-de-baudrimont-a-la-izquierda-y-la-punta-de-las-olas-a-la-derecha-con-la-sierra-de-las-tucas-en-el-centro-1024x575.jpg 1024w\" sizes=\"auto, (max-width: 1824px) 100vw, 1824px\" \/><\/a><p id=\"caption-attachment-36874\" class=\"wp-caption-text\">El Pico SE de Baudrimont a la izquierda y la Punta de Las Olas a la derecha, con la Sierra de Las Tucas en el centro<\/p><\/div>\n<div id=\"attachment_36875\" style=\"width: 1034px\" class=\"wp-caption aligncenter\"><a class=\"dt-single-image\" href=\"https:\/\/www.monta\u00f1asdelaluna.es\/wp-content\/uploads\/2017\/08\/macizo-de-la-munia-con-dicho-pico-en-el-centro.jpg\" data-dt-img-description=\"\"><img loading=\"lazy\" decoding=\"async\" aria-describedby=\"caption-attachment-36875\" class=\"wp-image-36875 size-large\" src=\"https:\/\/www.monta\u00f1asdelaluna.es\/wp-content\/uploads\/2017\/08\/macizo-de-la-munia-con-dicho-pico-en-el-centro-1024x768.jpg\" alt=\"Macizo de La Munia con dicho pico en el centro\" width=\"1024\" height=\"768\" srcset=\"https:\/\/www.monta\u00f1asdelaluna.es\/wp-content\/uploads\/2017\/08\/macizo-de-la-munia-con-dicho-pico-en-el-centro-1024x768.jpg 1024w, https:\/\/www.monta\u00f1asdelaluna.es\/wp-content\/uploads\/2017\/08\/macizo-de-la-munia-con-dicho-pico-en-el-centro-300x225.jpg 300w, https:\/\/www.monta\u00f1asdelaluna.es\/wp-content\/uploads\/2017\/08\/macizo-de-la-munia-con-dicho-pico-en-el-centro.jpg 1824w\" sizes=\"auto, (max-width: 1024px) 100vw, 1024px\" \/><\/a><p id=\"caption-attachment-36875\" class=\"wp-caption-text\">Macizo de La Munia con dicho pico en el centro<\/p><\/div>\n<p>Dejamos los Baudrimont algo abajo a la izquierda, sobre todo el SE, y enseguida estamos remontando la loma cimera que nos llevar\u00e1 hasta la cumbre de la Punta de Las Olas. Casualmente las nubes se han despejado en su cima, y toda la monta\u00f1a es visible a nuestros ojos mientras nos acercamos. Parece un gran promontorio, pero llegar hasta \u00e9l y conquistar su cima se hace muy r\u00e1pidamente y f\u00e1cil; y en poco tiempo estamos en la cima de la Punta de Las Olas a 3.022 mts. Nos hacemos fotos de cumbre. No vemos mucho el paisaje a causa de las nubes, ya que justo cuando llegamos a su cima, las nubes como si fuera un juego caprichoso, nos vuelven a invadir y envolver sin poder ver nada de paisaje. Antes he podido admirar a la derecha y abajo el encajonado Valle de Ordesa en las inmediaciones de Soaso; bajo la Collata Arrablo y la cil\u00edndrica Torre de G\u00f3riz. La Punta Tobacor queda a la derecha con esas pinceladas de nieve con la forma de un gran cono de helado\u2026 pero pronto el cielo tiene envidia de lo que estoy viendo y admiro, y me tapa la visi\u00f3n con esas nubes nada amenazantes.<\/p>\n<p>Detr\u00e1s queda la gigantesca monta\u00f1a, comparada con los Baudrimont y esta Punta de Las Olas, que es el Soum de Ramond: se observan los escarpes de esta cara sur, sureste por la que hubiera sido imposible descender, con lo que la ruta escogida de bajada ha sido la m\u00e1s id\u00f3nea\u2026 pero pronto se tapa entre las nubes mientras Dani llega y se re\u00fane en la cima de la Punta de Las Olas junto a m\u00ed y Antoni. Estamos poco tiempo, los minutos, las horas pasan r\u00e1pidos en alta monta\u00f1a y parece que no avancemos\u2026 y a\u00fan nos queda mucho hasta el parking de Ordesa. Pero por suerte ahora es todo bajada.<\/p>\n<div id=\"attachment_36878\" style=\"width: 1834px\" class=\"wp-caption aligncenter\"><a class=\"dt-single-image\" href=\"https:\/\/www.monta\u00f1asdelaluna.es\/wp-content\/uploads\/2017\/08\/llegando-a-la-punta-de-las-olas.jpg\" data-dt-img-description=\"\"><img loading=\"lazy\" decoding=\"async\" aria-describedby=\"caption-attachment-36878\" class=\"wp-image-36878 size-full\" src=\"https:\/\/www.monta\u00f1asdelaluna.es\/wp-content\/uploads\/2017\/08\/llegando-a-la-punta-de-las-olas.jpg\" alt=\"Llegando a la Punta de Las Olas\" width=\"1824\" height=\"1024\" srcset=\"https:\/\/www.monta\u00f1asdelaluna.es\/wp-content\/uploads\/2017\/08\/llegando-a-la-punta-de-las-olas.jpg 1824w, https:\/\/www.monta\u00f1asdelaluna.es\/wp-content\/uploads\/2017\/08\/llegando-a-la-punta-de-las-olas-300x168.jpg 300w, https:\/\/www.monta\u00f1asdelaluna.es\/wp-content\/uploads\/2017\/08\/llegando-a-la-punta-de-las-olas-1024x575.jpg 1024w\" sizes=\"auto, (max-width: 1824px) 100vw, 1824px\" \/><\/a><p id=\"caption-attachment-36878\" class=\"wp-caption-text\">Llegando a la Punta de Las Olas<\/p><\/div>\n<div id=\"attachment_36879\" style=\"width: 1034px\" class=\"wp-caption aligncenter\"><a class=\"dt-single-image\" href=\"https:\/\/www.monta\u00f1asdelaluna.es\/wp-content\/uploads\/2017\/08\/dani-y-antoni-dejando-el-cubierto-soum-de-ramond-detras.jpg\" data-dt-img-description=\"\"><img loading=\"lazy\" decoding=\"async\" aria-describedby=\"caption-attachment-36879\" class=\"wp-image-36879 size-large\" src=\"https:\/\/www.monta\u00f1asdelaluna.es\/wp-content\/uploads\/2017\/08\/dani-y-antoni-dejando-el-cubierto-soum-de-ramond-detras-1024x768.jpg\" alt=\"Dani y Antoni dejando el cubierto Soum de Ramond detr\u00e1s\" width=\"1024\" height=\"768\" srcset=\"https:\/\/www.monta\u00f1asdelaluna.es\/wp-content\/uploads\/2017\/08\/dani-y-antoni-dejando-el-cubierto-soum-de-ramond-detras-1024x768.jpg 1024w, https:\/\/www.monta\u00f1asdelaluna.es\/wp-content\/uploads\/2017\/08\/dani-y-antoni-dejando-el-cubierto-soum-de-ramond-detras-300x225.jpg 300w, https:\/\/www.monta\u00f1asdelaluna.es\/wp-content\/uploads\/2017\/08\/dani-y-antoni-dejando-el-cubierto-soum-de-ramond-detras.jpg 1824w\" sizes=\"auto, (max-width: 1024px) 100vw, 1024px\" \/><\/a><p id=\"caption-attachment-36879\" class=\"wp-caption-text\">Dani y Antoni dejando el cubierto Soum de Ramond detr\u00e1s<\/p><\/div>\n<p>Para bajar de la Punta de Las Olas debemos seguir la cima por el lado contrario al que hemos llegado. Parece f\u00e1cil en un principio, pero esta monta\u00f1a est\u00e1 rodeada de un cintur\u00f3n de paredes, precipicios, y si te sales del camino se\u00f1alado, puedes toparte con ellos en un \u201ccallej\u00f3n sin salida\u201d. La bajada pasa por sitios alto encrespados aqu\u00ed arriba, pero los hitos y el sentido com\u00fan nos hacen encontrar el buen camino de bajada, tirando un poco hacia la ladera empinada de la derecha. Es una l\u00e1stima que sigamos sin ver nada por culpa de las nubes que cubren esta parte de la monta\u00f1a.<\/p>\n<p>Parece que encontramos un sendero que baja medio en zigzag por la ladera de la Punta de Las Olas, justo cuando cruza una zona de piedrecillas, canchales. Bajamos r\u00e1pido. Pero no estoy seguro de saber en que parte de la monta\u00f1a estamos\u2026 creo recordar los perfiles de la misma desde la senda, G.R. que recorr\u00ed en la Alta Ruta de Los Perdidos, pero estoy confundido y equivocado. Es mejor seguir el track que lleva Antoni. Incertidumbre cuando llegamos hasta los l\u00edmites altos de un largo e infranqueable precipicio: es el cintur\u00f3n de paredes que rodea a esta monta\u00f1a cerca de la faja por la que discurre la senda, G.R.-11 desde el Collado de A\u00f1isclo hasta la Collata Arrablo. Vamos hacia la derecha\u2026 no es por aqu\u00ed, vamos hacia la izquierda, no vemos bajada\u2026 seguimos el ya descrito track de Antoni, y parece que nos lleva hasta una especie de hueco entre las paredes para bajar una pala medio nevada, medio rocosa, con una considerable pendiente. Desde la parte alta de los precipicios, parece que se vislumbra, bajo ellos, en una faja que forma la monta\u00f1a en esta parte, una senda muy bien marcada\u2026 \u00a1\u00bfSer\u00e1 el G.R.-11 esperado?!<\/p>\n<div id=\"attachment_36884\" style=\"width: 1034px\" class=\"wp-caption aligncenter\"><a class=\"dt-single-image\" href=\"https:\/\/www.monta\u00f1asdelaluna.es\/wp-content\/uploads\/2017\/08\/antoni-y-joaquin-en-la-cima-de-la-punta-de-las-olas-3-022-mts.jpg\" data-dt-img-description=\"\"><img loading=\"lazy\" decoding=\"async\" aria-describedby=\"caption-attachment-36884\" class=\"wp-image-36884 size-large\" src=\"https:\/\/www.monta\u00f1asdelaluna.es\/wp-content\/uploads\/2017\/08\/antoni-y-joaquin-en-la-cima-de-la-punta-de-las-olas-3-022-mts-1024x768.jpg\" alt=\"Antoni y Joaqu\u00edn en la cima de la Punta de Las Olas, 3.022 mts.\" width=\"1024\" height=\"768\" srcset=\"https:\/\/www.monta\u00f1asdelaluna.es\/wp-content\/uploads\/2017\/08\/antoni-y-joaquin-en-la-cima-de-la-punta-de-las-olas-3-022-mts-1024x768.jpg 1024w, https:\/\/www.monta\u00f1asdelaluna.es\/wp-content\/uploads\/2017\/08\/antoni-y-joaquin-en-la-cima-de-la-punta-de-las-olas-3-022-mts-300x225.jpg 300w, https:\/\/www.monta\u00f1asdelaluna.es\/wp-content\/uploads\/2017\/08\/antoni-y-joaquin-en-la-cima-de-la-punta-de-las-olas-3-022-mts.jpg 1824w\" sizes=\"auto, (max-width: 1024px) 100vw, 1024px\" \/><\/a><p id=\"caption-attachment-36884\" class=\"wp-caption-text\">Antoni y Joaqu\u00edn en la cima de la Punta de Las Olas, 3.022 mts.<\/p><\/div>\n<div id=\"attachment_36885\" style=\"width: 1034px\" class=\"wp-caption aligncenter\"><a class=\"dt-single-image\" href=\"https:\/\/www.monta\u00f1asdelaluna.es\/wp-content\/uploads\/2017\/08\/joaquin-y-dani-en-la-cima-de-la-punta-de-las-olas-3-022-mts.jpg\" data-dt-img-description=\"\"><img loading=\"lazy\" decoding=\"async\" aria-describedby=\"caption-attachment-36885\" class=\"wp-image-36885 size-large\" src=\"https:\/\/www.monta\u00f1asdelaluna.es\/wp-content\/uploads\/2017\/08\/joaquin-y-dani-en-la-cima-de-la-punta-de-las-olas-3-022-mts-1024x768.jpg\" alt=\"Joaqu\u00edn y Dani en la cima de la Punta de Las Olas, 3.022 mts.\" width=\"1024\" height=\"768\" srcset=\"https:\/\/www.monta\u00f1asdelaluna.es\/wp-content\/uploads\/2017\/08\/joaquin-y-dani-en-la-cima-de-la-punta-de-las-olas-3-022-mts-1024x768.jpg 1024w, https:\/\/www.monta\u00f1asdelaluna.es\/wp-content\/uploads\/2017\/08\/joaquin-y-dani-en-la-cima-de-la-punta-de-las-olas-3-022-mts-300x225.jpg 300w, https:\/\/www.monta\u00f1asdelaluna.es\/wp-content\/uploads\/2017\/08\/joaquin-y-dani-en-la-cima-de-la-punta-de-las-olas-3-022-mts.jpg 1824w\" sizes=\"auto, (max-width: 1024px) 100vw, 1024px\" \/><\/a><p id=\"caption-attachment-36885\" class=\"wp-caption-text\">Joaqu\u00edn y Dani en la cima de la Punta de Las Olas, 3.022 mts.<\/p><\/div>\n<p>Al final la bajada es m\u00e1s a la izquierda de lo que me pensaba. Pierdo facultades\u2026 pero no he mirado ni la br\u00fajula, y adem\u00e1s me falta el mapa Alpina que recoge esta parte de la monta\u00f1a, del lugar\u2026 Antoni ten\u00eda raz\u00f3n; la bajada es por donde dec\u00eda \u00e9l: una vez toparnos con los precipicios, seguir a la izquierda hasta encontrar la estrecha canal que, por en medio de dichas paredes, baja hasta las laderas, base de dichos precipicios y la faja, debajo de estas laderas antes de otros precipicios m\u00e1s abajo, la ancha senda que atraviesa el lugar de norte a sur, girando de este a oeste seguidamente, haciendo el dibujo del perfil de la monta\u00f1a, el G.R.-11 entre el Collado de A\u00f1isclo y la Collata Arrablo \u00a1\u00a1Perfecto, ya estamos salvados en el G.R.-11!! Y ya parece que queda poco por acabar, pero el recorrido que a\u00fan nos queda se har\u00e1 largo a pesar de que ya no tendremos m\u00e1s equivocaciones ni dudas ni obst\u00e1culos.<\/p>\n<p>Ahora solo tenemos que seguir el recorrido ya descrito en la 4\u00ba Etapa: Pineta-G\u00f3riz desde que tocamos la senda y la seguimos hacia la derecha. Eso s\u00ed, el paisaje ya no es el mismo, la nieve, las nubes y el ambiente m\u00e1s fresco, m\u00e1s solitario, reina esta vez en la ruta. Intento adivinar el lugar donde nos hicimos la foto con el fondo del extraordinario y precioso, as\u00ed como espectacular Ca\u00f1\u00f3n de A\u00f1isclo. Las vistas desde esta senda son \u00fanicas sobre dicho ca\u00f1\u00f3n.<\/p>\n<div id=\"attachment_36890\" style=\"width: 1034px\" class=\"wp-caption aligncenter\"><a class=\"dt-single-image\" href=\"https:\/\/www.monta\u00f1asdelaluna.es\/wp-content\/uploads\/2017\/08\/camino-de-la-collata-arrablo-delante-la-torre-de-goriz-y-al-fondo-la-punta-tobacor.jpg\" data-dt-img-description=\"\"><img loading=\"lazy\" decoding=\"async\" aria-describedby=\"caption-attachment-36890\" class=\"wp-image-36890 size-large\" src=\"https:\/\/www.monta\u00f1asdelaluna.es\/wp-content\/uploads\/2017\/08\/camino-de-la-collata-arrablo-delante-la-torre-de-goriz-y-al-fondo-la-punta-tobacor-1024x768.jpg\" alt=\"Camino de la Collata Arrablo, delante la Torre de G\u00f3riz y al fondo la Punta Tobacor\" width=\"1024\" height=\"768\" srcset=\"https:\/\/www.monta\u00f1asdelaluna.es\/wp-content\/uploads\/2017\/08\/camino-de-la-collata-arrablo-delante-la-torre-de-goriz-y-al-fondo-la-punta-tobacor-1024x768.jpg 1024w, https:\/\/www.monta\u00f1asdelaluna.es\/wp-content\/uploads\/2017\/08\/camino-de-la-collata-arrablo-delante-la-torre-de-goriz-y-al-fondo-la-punta-tobacor-300x225.jpg 300w, https:\/\/www.monta\u00f1asdelaluna.es\/wp-content\/uploads\/2017\/08\/camino-de-la-collata-arrablo-delante-la-torre-de-goriz-y-al-fondo-la-punta-tobacor.jpg 1824w\" sizes=\"auto, (max-width: 1024px) 100vw, 1024px\" \/><\/a><p id=\"caption-attachment-36890\" class=\"wp-caption-text\">Camino de la Collata Arrablo, delante la Torre de G\u00f3riz y al fondo la Punta Tobacor<\/p><\/div>\n<div id=\"attachment_36894\" style=\"width: 1034px\" class=\"wp-caption aligncenter\"><a class=\"dt-single-image\" href=\"https:\/\/www.monta\u00f1asdelaluna.es\/wp-content\/uploads\/2017\/08\/descanso-con-la-torre-de-goriz-detras.jpg\" data-dt-img-description=\"\"><img loading=\"lazy\" decoding=\"async\" aria-describedby=\"caption-attachment-36894\" class=\"wp-image-36894 size-large\" src=\"https:\/\/www.monta\u00f1asdelaluna.es\/wp-content\/uploads\/2017\/08\/descanso-con-la-torre-de-goriz-detras-1024x768.jpg\" alt=\"Descanso con la Torre de G\u00f3riz detr\u00e1s\" width=\"1024\" height=\"768\" srcset=\"https:\/\/www.monta\u00f1asdelaluna.es\/wp-content\/uploads\/2017\/08\/descanso-con-la-torre-de-goriz-detras-1024x768.jpg 1024w, https:\/\/www.monta\u00f1asdelaluna.es\/wp-content\/uploads\/2017\/08\/descanso-con-la-torre-de-goriz-detras-300x225.jpg 300w, https:\/\/www.monta\u00f1asdelaluna.es\/wp-content\/uploads\/2017\/08\/descanso-con-la-torre-de-goriz-detras.jpg 1824w\" sizes=\"auto, (max-width: 1024px) 100vw, 1024px\" \/><\/a><p id=\"caption-attachment-36894\" class=\"wp-caption-text\">Descanso con la Torre de G\u00f3riz detr\u00e1s<\/p><\/div>\n<p>Seguimos caminando por la senda o por la nieve que cubre la senda del G.R.-11. Dani se cuela en un falso paso y casi es arrastrado por el agua que corre r\u00e1pida y con fuerza, bajo la nieve blanda que se ha derrumbado sobre la regata al pisar el mismo Dani. Ha quedado atrapado en el agujero formada en la nieve sobre la fuerte corriente del agua de la regata\u2026 pero no va m\u00e1s all\u00e1 y al cabo de unos minutos Dani puede salir para seguir la senda y recorrido en busca de la Collata Arrablo\u2026 que parece no llegamos nunca.<\/p>\n<p>Mientras nos acercamos a la Torre de G\u00f3riz, sinigual y muy reconocible, miramos hacia arriba y la derecha: aparece una monta\u00f1a con varias coronas de paredes que la circundan y estrechan como Torre de Babel hasta acabar en una peque\u00f1a plataforma como si fuera una peque\u00f1a almena en la parte m\u00e1s alta de la fortaleza; es la cara sur del Soum de Ramond, la monta\u00f1a que hemos conquistado en el d\u00eda de hoy. La imagen es casi gigantesca y sorprendente, realmente es una fortaleza inexpugnable, sin salida, a menos que hagas varios r\u00e1peles como hizo Antoni en su pasada aventura en solitario.<\/p>\n<div id=\"attachment_36895\" style=\"width: 1834px\" class=\"wp-caption aligncenter\"><a class=\"dt-single-image\" href=\"https:\/\/www.monta\u00f1asdelaluna.es\/wp-content\/uploads\/2017\/08\/vertientes-del-canon-de-anisclo.jpg\" data-dt-img-description=\"\"><img loading=\"lazy\" decoding=\"async\" aria-describedby=\"caption-attachment-36895\" class=\"wp-image-36895 size-full\" src=\"https:\/\/www.monta\u00f1asdelaluna.es\/wp-content\/uploads\/2017\/08\/vertientes-del-canon-de-anisclo.jpg\" alt=\"Vertientes del Ca\u00f1\u00f3n de A\u00f1isclo\" width=\"1824\" height=\"1368\" srcset=\"https:\/\/www.monta\u00f1asdelaluna.es\/wp-content\/uploads\/2017\/08\/vertientes-del-canon-de-anisclo.jpg 1824w, https:\/\/www.monta\u00f1asdelaluna.es\/wp-content\/uploads\/2017\/08\/vertientes-del-canon-de-anisclo-300x225.jpg 300w, https:\/\/www.monta\u00f1asdelaluna.es\/wp-content\/uploads\/2017\/08\/vertientes-del-canon-de-anisclo-1024x768.jpg 1024w\" sizes=\"auto, (max-width: 1824px) 100vw, 1824px\" \/><\/a><p id=\"caption-attachment-36895\" class=\"wp-caption-text\">Vertientes del Ca\u00f1\u00f3n de A\u00f1isclo<\/p><\/div>\n<div id=\"attachment_36896\" style=\"width: 1834px\" class=\"wp-caption aligncenter\"><a class=\"dt-single-image\" href=\"https:\/\/www.monta\u00f1asdelaluna.es\/wp-content\/uploads\/2017\/08\/en-el-centro-queda-el-canon-de-anisclo.jpg\" data-dt-img-description=\"\"><img loading=\"lazy\" decoding=\"async\" aria-describedby=\"caption-attachment-36896\" class=\"wp-image-36896 size-full\" src=\"https:\/\/www.monta\u00f1asdelaluna.es\/wp-content\/uploads\/2017\/08\/en-el-centro-queda-el-canon-de-anisclo.jpg\" alt=\"En el centro queda el Ca\u00f1\u00f3n de A\u00f1isclo\" width=\"1824\" height=\"1024\" srcset=\"https:\/\/www.monta\u00f1asdelaluna.es\/wp-content\/uploads\/2017\/08\/en-el-centro-queda-el-canon-de-anisclo.jpg 1824w, https:\/\/www.monta\u00f1asdelaluna.es\/wp-content\/uploads\/2017\/08\/en-el-centro-queda-el-canon-de-anisclo-300x168.jpg 300w, https:\/\/www.monta\u00f1asdelaluna.es\/wp-content\/uploads\/2017\/08\/en-el-centro-queda-el-canon-de-anisclo-1024x575.jpg 1024w\" sizes=\"auto, (max-width: 1824px) 100vw, 1824px\" \/><\/a><p id=\"caption-attachment-36896\" class=\"wp-caption-text\">En el centro queda el Ca\u00f1\u00f3n de A\u00f1isclo<\/p><\/div>\n<p>Siguiendo la senda por hitos y marcas de G.R. por fin llegamos al yermo Collata Arrablo, a 2.343 mts. Es m\u00e1s de media tarde y no hemos comido. Paramos unos minutos a comer algo, lo que no hemos hecho al mediod\u00eda ni en mitad de la ma\u00f1ana, de la subida; estamos desde esta ma\u00f1ana que hemos salido del Refugio de G\u00f3riz sin comer nada. Tambi\u00e9n aprovechamos para otras necesidades\u2026 que ni de mear hemos tenido tiempo.<\/p>\n<p>La siguiente etapa es f\u00e1cil tambi\u00e9n; realmente todo lo que queda es bajar y seguir las sendas de G.R. en busca del parking de Ordesa. Seguimos el mismo recorrido de la 4\u00ba Etapa: Pineta-G\u00f3riz en busca del Refugio de G\u00f3riz desde esta Collata Arrablo. Echando la vista atr\u00e1s, hacia el lugar de donde ven\u00edamos, observamos las dos moles que hemos conquistado en esta actividad: el Soum de Ramond a la izquierda y la Punta de Las Olas a la derecha.<\/p>\n<div id=\"attachment_36900\" style=\"width: 1834px\" class=\"wp-caption aligncenter\"><a class=\"dt-single-image\" href=\"https:\/\/www.monta\u00f1asdelaluna.es\/wp-content\/uploads\/2017\/08\/antoni-y-dani-llegando-a-la-collata-arrablo.jpg\" data-dt-img-description=\"\"><img loading=\"lazy\" decoding=\"async\" aria-describedby=\"caption-attachment-36900\" class=\"wp-image-36900 size-full\" src=\"https:\/\/www.monta\u00f1asdelaluna.es\/wp-content\/uploads\/2017\/08\/antoni-y-dani-llegando-a-la-collata-arrablo.jpg\" alt=\"Antoni y Dani llegando a la Collata Arrablo. Detr\u00e1s el Soum de Ramond a la izquierda y la Punta de Las Olas a la derecha\" width=\"1824\" height=\"1024\" srcset=\"https:\/\/www.monta\u00f1asdelaluna.es\/wp-content\/uploads\/2017\/08\/antoni-y-dani-llegando-a-la-collata-arrablo.jpg 1824w, https:\/\/www.monta\u00f1asdelaluna.es\/wp-content\/uploads\/2017\/08\/antoni-y-dani-llegando-a-la-collata-arrablo-300x168.jpg 300w, https:\/\/www.monta\u00f1asdelaluna.es\/wp-content\/uploads\/2017\/08\/antoni-y-dani-llegando-a-la-collata-arrablo-1024x575.jpg 1024w\" sizes=\"auto, (max-width: 1824px) 100vw, 1824px\" \/><\/a><p id=\"caption-attachment-36900\" class=\"wp-caption-text\">Antoni y Dani llegando a la Collata Arrablo. Detr\u00e1s el Soum de Ramond a la izquierda y la Punta de Las Olas a la derecha<\/p><\/div>\n<div id=\"attachment_36902\" style=\"width: 1834px\" class=\"wp-caption aligncenter\"><a class=\"dt-single-image\" href=\"https:\/\/www.monta\u00f1asdelaluna.es\/wp-content\/uploads\/2017\/08\/desde-la-collata-arrablo-al-fondo-aparece-el-taillon-y-a-su-derecha-el-casco-y-la-torre-abajo-circo-de-goriz.jpg\" data-dt-img-description=\"\"><img loading=\"lazy\" decoding=\"async\" aria-describedby=\"caption-attachment-36902\" class=\"wp-image-36902 size-full\" src=\"https:\/\/www.monta\u00f1asdelaluna.es\/wp-content\/uploads\/2017\/08\/desde-la-collata-arrablo-al-fondo-aparece-el-taillon-y-a-su-derecha-el-casco-y-la-torre-abajo-circo-de-goriz.jpg\" alt=\"Desde la Collata Arrablo al fondo aparece el Taill\u00f3n y a su derecha el Casco y La Torre, abajo Circo de G\u00f3riz\" width=\"1824\" height=\"1024\" srcset=\"https:\/\/www.monta\u00f1asdelaluna.es\/wp-content\/uploads\/2017\/08\/desde-la-collata-arrablo-al-fondo-aparece-el-taillon-y-a-su-derecha-el-casco-y-la-torre-abajo-circo-de-goriz.jpg 1824w, https:\/\/www.monta\u00f1asdelaluna.es\/wp-content\/uploads\/2017\/08\/desde-la-collata-arrablo-al-fondo-aparece-el-taillon-y-a-su-derecha-el-casco-y-la-torre-abajo-circo-de-goriz-300x168.jpg 300w, https:\/\/www.monta\u00f1asdelaluna.es\/wp-content\/uploads\/2017\/08\/desde-la-collata-arrablo-al-fondo-aparece-el-taillon-y-a-su-derecha-el-casco-y-la-torre-abajo-circo-de-goriz-1024x575.jpg 1024w\" sizes=\"auto, (max-width: 1824px) 100vw, 1824px\" \/><\/a><p id=\"caption-attachment-36902\" class=\"wp-caption-text\">Desde la Collata Arrablo al fondo aparece el Taill\u00f3n y a su derecha el Casco y La Torre, abajo Circo de G\u00f3riz<\/p><\/div>\n<p>Bajamos de la Collata Arrablo hacia el Refugio de G\u00f3riz por una ancha senda, sigue siendo el G.R.-11. Pero justo cuando comenzamos a ver el tejado del refugio, solo el tejado, ya giramos a la izquierda para buscar la senda que, desde el mismo refugio, sigue en busca del Valle de Ordesa. Monte a trav\u00e9s la otra senda est\u00e1 cerca\u2026 \u00a1\u00bfqu\u00e9 raro que no haya un atajo que comunique una senda con la otra sin tener que llegar a G\u00f3riz?!&#8230; el caso es que ambas van paralelas a distintos niveles durante una buena distancia, pero no se pueden comunicar porque en medio hay escarpes, precipicios y paredes.<\/p>\n<p>Se hace tarde, pero ya estamos en la senda que desde G\u00f3riz baja a Ordesa. El sol ya quiere retirarse detr\u00e1s de las monta\u00f1as pirenaicas, intentamos ir lo m\u00e1s r\u00e1pido posible\u2026 no quiero llegar muy tarde, pero ser\u00e1 inevitable llegar tarde. Un sarrio nos saluda y observa muy de cerca cuando pasamos bajo \u00e9l en la senda. Dani me avisa; pero ya no tengo ganas de m\u00e1s fotos ni de pararme demasiado en abstracciones. Bajamos por las clavijas, no hay tiempo ni a beber agua. Y ya estamos al pie de las mismas junto a la Cascada de Cola de Caballo del Circo de Soaso. No hay nadie\u2026 \u00a1\u00bfQui\u00e9n va a ver a estas horas?! Desde arriba de las clavijas he hecho la \u00faltima foto del d\u00eda, al atardecer del bello Valle de Ordesa. No hago m\u00e1s fotos, principalmente porque estoy muy cansado, y cuando estoy muy cansado no estoy inspirado para hacer fotos, a la vez no quiero perder tiempo en pararme y sacar buenas fotos, otra es que ya es tarde, no hay buena luz, y las fotos o no salen o salen movidas, oscuras.<\/p>\n<div id=\"attachment_36903\" style=\"width: 1034px\" class=\"wp-caption aligncenter\"><a class=\"dt-single-image\" href=\"https:\/\/www.monta\u00f1asdelaluna.es\/wp-content\/uploads\/2017\/08\/bajando-de-la-collata-arrablo-camino-del-refugio-de-goriz-al-fondo-el-taillon-y-el-casco.jpg\" data-dt-img-description=\"\"><img loading=\"lazy\" decoding=\"async\" aria-describedby=\"caption-attachment-36903\" class=\"wp-image-36903 size-large\" src=\"https:\/\/www.monta\u00f1asdelaluna.es\/wp-content\/uploads\/2017\/08\/bajando-de-la-collata-arrablo-camino-del-refugio-de-goriz-al-fondo-el-taillon-y-el-casco-1024x768.jpg\" alt=\"Bajando de la Collata Arrablo, camino del Refugio de G\u00f3riz, al fondo el Taill\u00f3n y El Casco\" width=\"1024\" height=\"768\" srcset=\"https:\/\/www.monta\u00f1asdelaluna.es\/wp-content\/uploads\/2017\/08\/bajando-de-la-collata-arrablo-camino-del-refugio-de-goriz-al-fondo-el-taillon-y-el-casco-1024x768.jpg 1024w, https:\/\/www.monta\u00f1asdelaluna.es\/wp-content\/uploads\/2017\/08\/bajando-de-la-collata-arrablo-camino-del-refugio-de-goriz-al-fondo-el-taillon-y-el-casco-300x225.jpg 300w, https:\/\/www.monta\u00f1asdelaluna.es\/wp-content\/uploads\/2017\/08\/bajando-de-la-collata-arrablo-camino-del-refugio-de-goriz-al-fondo-el-taillon-y-el-casco.jpg 1824w\" sizes=\"auto, (max-width: 1024px) 100vw, 1024px\" \/><\/a><p id=\"caption-attachment-36903\" class=\"wp-caption-text\">Bajando de la Collata Arrablo, camino del Refugio de G\u00f3riz, al fondo el Taill\u00f3n y El Casco<\/p><\/div>\n<div id=\"attachment_36904\" style=\"width: 1034px\" class=\"wp-caption aligncenter\"><a class=\"dt-single-image\" href=\"https:\/\/www.monta\u00f1asdelaluna.es\/wp-content\/uploads\/2017\/08\/a-la-derecha-la-torre-de-goriz-y-a-la-izquierda-las-escaleras-del-monte-perdido.jpg\" data-dt-img-description=\"\"><img loading=\"lazy\" decoding=\"async\" aria-describedby=\"caption-attachment-36904\" class=\"wp-image-36904 size-large\" src=\"https:\/\/www.monta\u00f1asdelaluna.es\/wp-content\/uploads\/2017\/08\/a-la-derecha-la-torre-de-goriz-y-a-la-izquierda-las-escaleras-del-monte-perdido-1024x768.jpg\" alt=\"A la derecha la Torre de G\u00f3riz y a la izquierda Las Escaleras del Monte Perdido\" width=\"1024\" height=\"768\" srcset=\"https:\/\/www.monta\u00f1asdelaluna.es\/wp-content\/uploads\/2017\/08\/a-la-derecha-la-torre-de-goriz-y-a-la-izquierda-las-escaleras-del-monte-perdido-1024x768.jpg 1024w, https:\/\/www.monta\u00f1asdelaluna.es\/wp-content\/uploads\/2017\/08\/a-la-derecha-la-torre-de-goriz-y-a-la-izquierda-las-escaleras-del-monte-perdido-300x225.jpg 300w, https:\/\/www.monta\u00f1asdelaluna.es\/wp-content\/uploads\/2017\/08\/a-la-derecha-la-torre-de-goriz-y-a-la-izquierda-las-escaleras-del-monte-perdido.jpg 1824w\" sizes=\"auto, (max-width: 1024px) 100vw, 1024px\" \/><\/a><p id=\"caption-attachment-36904\" class=\"wp-caption-text\">A la derecha la Torre de G\u00f3riz y a la izquierda Las Escaleras del Monte Perdido<\/p><\/div>\n<p>El recorrido es el mismo de siempre: por todo el Valle de Ordesa pasando por el \u00fanico camino que sigue por el fondo del mismo y paralelo al R\u00edo Arazas. Se va haciendo de noche, atardece muy r\u00e1pido, m\u00e1s r\u00e1pido que nuestra marcha para llegar al parking de Ordesa. Por el bosque de hayas la noche ya ha llegado, pero a\u00fan no encendemos las linternas frontales, no nos paramos ni para eso. Este recorrido es interminable\u2026 \u00a1\u00a1Parece que no lleguemos nunca al parking de Ordesa!! Ahora ya es noche cerrada, y no llegamos a\u00fan\u2026 paramos cinco minutos para encender las linternas frontales, hemos aguantado mucho sin encenderlas. Y al cabo de otro tiempo interminable llegamos al parking de Ordesa. El cruce con la ruta hacia Cotatuero con la virgencita en medio del camino, nos ha avisado de la proximidad del lugar. Justo en la otra punta del parking Pep nos espera solo para recogernos\u2026 son las 22,45 horas. Hemos estado 16,45 horas de actividad\u2026 \u00a1Quien d\u00e1 m\u00e1s!<\/p>\n<div id=\"attachment_36905\" style=\"width: 1034px\" class=\"wp-caption aligncenter\"><a class=\"dt-single-image\" href=\"https:\/\/www.monta\u00f1asdelaluna.es\/wp-content\/uploads\/2017\/08\/llegando-a-la-parte-alta-del-circo-de-soaso-delante-el-valle-de-ordesa.jpg\" data-dt-img-description=\"\"><img loading=\"lazy\" decoding=\"async\" aria-describedby=\"caption-attachment-36905\" class=\"wp-image-36905 size-large\" src=\"https:\/\/www.monta\u00f1asdelaluna.es\/wp-content\/uploads\/2017\/08\/llegando-a-la-parte-alta-del-circo-de-soaso-delante-el-valle-de-ordesa-1024x768.jpg\" alt=\"Llegando a la parte alta del Circo de Soaso, delante el Valle de Ordesa\" width=\"1024\" height=\"768\" srcset=\"https:\/\/www.monta\u00f1asdelaluna.es\/wp-content\/uploads\/2017\/08\/llegando-a-la-parte-alta-del-circo-de-soaso-delante-el-valle-de-ordesa-1024x768.jpg 1024w, https:\/\/www.monta\u00f1asdelaluna.es\/wp-content\/uploads\/2017\/08\/llegando-a-la-parte-alta-del-circo-de-soaso-delante-el-valle-de-ordesa-300x225.jpg 300w, https:\/\/www.monta\u00f1asdelaluna.es\/wp-content\/uploads\/2017\/08\/llegando-a-la-parte-alta-del-circo-de-soaso-delante-el-valle-de-ordesa.jpg 1824w\" sizes=\"auto, (max-width: 1024px) 100vw, 1024px\" \/><\/a><p id=\"caption-attachment-36905\" class=\"wp-caption-text\">Llegando a la parte alta del Circo de Soaso, delante el Valle de Ordesa<\/p><\/div>\n<p>Ha sido una de las actividades m\u00e1s esforzadas, duras, largas, completas, excesivas\u2026 y casi temerarias que he hecho en el Pirineo. Con una ruta que a partir del segundo o tercer escal\u00f3n en Las Escaleras de Monte Perdido, no ten\u00eda marcha atr\u00e1s, salida, con lo que subir el pico y su bajada hacia la Punta de Las Olas era obligado\u2026 \u00a1\u00a1Excepcional, irrepetible!! Siempre me sorprendo a m\u00ed mismo en esta preciosa y dura cordillera: el Pirineo.<\/p>\n<div id=\"attachment_36916\" style=\"width: 1686px\" class=\"wp-caption aligncenter\"><a class=\"dt-single-image\" href=\"https:\/\/www.monta\u00f1asdelaluna.es\/wp-content\/uploads\/2017\/05\/SoumRamond.jpg\" data-dt-img-description=\"\"><img loading=\"lazy\" decoding=\"async\" aria-describedby=\"caption-attachment-36916\" class=\"wp-image-36916 size-full\" src=\"https:\/\/www.monta\u00f1asdelaluna.es\/wp-content\/uploads\/2017\/05\/SoumRamond.jpg\" alt=\"Croquis del recorrido y ascensi\u00f3n al Soum de Ramond y Punta de Las Olas. Puntos Rojos: tramos de trepada en Las Escaleras\" width=\"1676\" height=\"1130\" srcset=\"https:\/\/www.monta\u00f1asdelaluna.es\/wp-content\/uploads\/2017\/05\/SoumRamond.jpg 1676w, https:\/\/www.monta\u00f1asdelaluna.es\/wp-content\/uploads\/2017\/05\/SoumRamond-300x202.jpg 300w, https:\/\/www.monta\u00f1asdelaluna.es\/wp-content\/uploads\/2017\/05\/SoumRamond-1024x690.jpg 1024w\" sizes=\"auto, (max-width: 1676px) 100vw, 1676px\" \/><\/a><p id=\"caption-attachment-36916\" class=\"wp-caption-text\">Croquis del recorrido y ascensi\u00f3n al Soum de Ramond y Punta de Las Olas. Puntos Rojos: tramos de trepada en Las Escaleras<\/p><\/div>\n<p>[\/vc_column_text][\/vc_column][\/vc_row][vc_row][vc_column][vc_empty_space height=\u00bb60px\u00bb][\/vc_column][\/vc_row][vc_row][vc_column][vc_cta h2=\u00bb\u00c1lbum de fotos\u00bb txt_align=\u00bbcenter\u00bb add_button=\u00bbbottom\u00bb btn_title=\u00bbVer fotos\u00bb btn_color=\u00bbwarning\u00bb btn_align=\u00bbcenter\u00bb btn_link=\u00bburl:https%3A%2F%2Fmonta%C3%B1asdelaluna.es%2F%3Fdt_gallery%3Dsoum-de-ramond-y-punta-de-las-olas-2|title:Soum%20de%20Ramond%20y%20Punta%20de%20Las%20Olas|target:_blank\u00bb css=\u00bb.vc_custom_1625773102438{background-color: #8bc4ed !important;}\u00bb]Puedes ver todas las fotos del relato y actividad en forma de presentaci\u00f3n o individuales pinchando aqui \u00a1No te las pierdas![\/vc_cta][\/vc_column][\/vc_row][vc_row][vc_column][vc_empty_space height=\u00bb60px\u00bb][\/vc_column][\/vc_row][vc_row][vc_column width=\u00bb1\/3&#8243;][\/vc_column][vc_column width=\u00bb1\/2&#8243;][vc_raw_html]JTNDaWZyYW1lJTIwc3JjJTNEJTIyaHR0cHMlM0ElMkYlMkZ3d3cubWV0ZW9ibHVlLmNvbSUyRmVzJTJGdGllbXBvJTJGd2lkZ2V0JTJGZGFpbHklMkZzdW0tZGUtcmFtb25kX2VzcGElMjVjMyUyNWIxYV8zMTA4NDk2JTNGZ2VvbG9jJTNEZml4ZWQlMjZkYXlzJTNENyUyNnRlbXB1bml0JTNEQ0VMU0lVUyUyNndpbmR1bml0JTNES0lMT01FVEVSX1BFUl9IT1VSJTI2cHJlY2lwdW5pdCUzRE1JTExJTUVURVIlMjZjb2xvdXJlZCUzRGNvbG91cmVkJTI2cGljdG9pY29uJTNEMCUyNnBpY3RvaWNvbiUzRDElMjZtYXh0ZW1wZXJhdHVyZSUzRDAlMjZtYXh0ZW1wZXJhdHVyZSUzRDElMjZtaW50ZW1wZXJhdHVyZSUzRDAlMjZtaW50ZW1wZXJhdHVyZSUzRDElMjZ3aW5kc3BlZWQlM0QwJTI2d2luZHNwZWVkJTNEMSUyNndpbmRndXN0JTNEMCUyNndpbmRkaXJlY3Rpb24lM0QwJTI2d2luZGRpcmVjdGlvbiUzRDElMjZ1diUzRDAlMjZodW1pZGl0eSUzRDAlMjZwcmVjaXBpdGF0aW9uJTNEMCUyNnByZWNpcGl0YXRpb24lM0QxJTI2cHJlY2lwaXRhdGlvbnByb2JhYmlsaXR5JTNEMCUyNnByZWNpcGl0YXRpb25wcm9iYWJpbGl0eSUzRDElMjZzcG90JTNEMCUyNnNwb3QlM0QxJTI2cHJlc3N1cmUlM0QwJTI2cHJlc3N1cmUlM0QxJTI2bGF5b3V0JTNEbGlnaHQlMjIlMjAlMjBmcmFtZWJvcmRlciUzRCUyMjAlMjIlMjBzY3JvbGxpbmclM0QlMjJOTyUyMiUyMGFsbG93dHJhbnNwYXJlbmN5JTNEJTIydHJ1ZSUyMiUyMHNhbmRib3glM0QlMjJhbGxvdy1zYW1lLW9yaWdpbiUyMGFsbG93LXNjcmlwdHMlMjBhbGxvdy1wb3B1cHMlMjIlMjBzdHlsZSUzRCUyMndpZHRoJTNBJTIwMzc4cHglM0JoZWlnaHQlM0ElMjAzOTFweCUyMiUzRSUzQyUyRmlmcmFtZSUzRSUzQ2RpdiUzRSUzQyUyMS0tJTIwRE8lMjBOT1QlMjBSRU1PVkUlMjBUSElTJTIwTElOSyUyMC0tJTNFJTNDYSUyMGhyZWYlM0QlMjJodHRwcyUzQSUyRiUyRnd3dy5tZXRlb2JsdWUuY29tJTJGZXMlMkZ0aWVtcG8lMkZwcm9ub3N0aWNvJTJGc2VtYW5hJTJGc3VtLWRlLXJhbW9uZF9lc3BhJTI1YzMlMjViMWFfMzEwODQ5NiUzRnV0bV9zb3VyY2UlM0R3ZWF0aGVyX3dpZGdldCUyNnV0bV9tZWRpdW0lM0RsaW5rdXMlMjZ1dG1fY29udGVudCUzRGRhaWx5JTI2dXRtX2NhbXBhaWduJTNEV2VhdGhlciUyNTJCV2lkZ2V0JTIyJTIwdGFyZ2V0JTNEJTIyX2JsYW5rJTIyJTNFbWV0ZW9ibHVlJTNDJTJGYSUzRSUzQyUyRmRpdiUzRQ==[\/vc_raw_html][\/vc_column][vc_column width=\u00bb1\/5&#8243;][\/vc_column][\/vc_row]<\/p>\n","protected":false},"excerpt":{"rendered":"<p>[vc_row][vc_column][vc_column_text]De las Tres Sorores a\u00fan me quedaba por hacer la punta o pico m\u00e1s al sur de las tres, y la m\u00e1s baja, menos famosa, no por ello menos espectacular: el Soum de Ramond o Pico de A\u00f1isclo. Hab\u00eda estudiado varias veces el camino, la ruta a seguir para que un d\u00eda de estos fuera&hellip;<\/p>\n","protected":false},"author":1,"featured_media":36874,"comment_status":"open","ping_status":"open","sticky":false,"template":"","format":"standard","meta":[],"categories":[126],"tags":[],"class_list":["post-36906","post","type-post","status-publish","format-standard","has-post-thumbnail","hentry","category-valle-del-cinca","category-126","description-off"],"_links":{"self":[{"href":"https:\/\/www.monta\u00f1asdelaluna.es\/index.php?rest_route=\/wp\/v2\/posts\/36906","targetHints":{"allow":["GET"]}}],"collection":[{"href":"https:\/\/www.monta\u00f1asdelaluna.es\/index.php?rest_route=\/wp\/v2\/posts"}],"about":[{"href":"https:\/\/www.monta\u00f1asdelaluna.es\/index.php?rest_route=\/wp\/v2\/types\/post"}],"author":[{"embeddable":true,"href":"https:\/\/www.monta\u00f1asdelaluna.es\/index.php?rest_route=\/wp\/v2\/users\/1"}],"replies":[{"embeddable":true,"href":"https:\/\/www.monta\u00f1asdelaluna.es\/index.php?rest_route=%2Fwp%2Fv2%2Fcomments&post=36906"}],"version-history":[{"count":15,"href":"https:\/\/www.monta\u00f1asdelaluna.es\/index.php?rest_route=\/wp\/v2\/posts\/36906\/revisions"}],"predecessor-version":[{"id":50118,"href":"https:\/\/www.monta\u00f1asdelaluna.es\/index.php?rest_route=\/wp\/v2\/posts\/36906\/revisions\/50118"}],"wp:featuredmedia":[{"embeddable":true,"href":"https:\/\/www.monta\u00f1asdelaluna.es\/index.php?rest_route=\/wp\/v2\/media\/36874"}],"wp:attachment":[{"href":"https:\/\/www.monta\u00f1asdelaluna.es\/index.php?rest_route=%2Fwp%2Fv2%2Fmedia&parent=36906"}],"wp:term":[{"taxonomy":"category","embeddable":true,"href":"https:\/\/www.monta\u00f1asdelaluna.es\/index.php?rest_route=%2Fwp%2Fv2%2Fcategories&post=36906"},{"taxonomy":"post_tag","embeddable":true,"href":"https:\/\/www.monta\u00f1asdelaluna.es\/index.php?rest_route=%2Fwp%2Fv2%2Ftags&post=36906"}],"curies":[{"name":"wp","href":"https:\/\/api.w.org\/{rel}","templated":true}]}}