{"id":37213,"date":"2017-08-03T19:28:51","date_gmt":"2017-08-03T19:28:51","guid":{"rendered":"http:\/\/monta\u00f1asdelaluna.com\/?p=37213"},"modified":"2021-07-07T14:01:53","modified_gmt":"2021-07-07T14:01:53","slug":"3-de-agosto-del-2-017-jueves-refugio-konkordia-refugio-finsteraarhorn","status":"publish","type":"post","link":"https:\/\/www.monta\u00f1asdelaluna.es\/?p=37213","title":{"rendered":"3 de agosto del 2.017, jueves: Refugio Konkordia-Refugio Finsteraarhorn."},"content":{"rendered":"<p>[vc_row][vc_column][vc_column_text]<span style=\"color: #0000ff;\">La gente se va despertando en la habitaci\u00f3n a medida que pasan las horas de la madrugada. Nosotros nos levantaremos los \u00faltimos pensando que la etapa de hoy es corta y que ayer llegamos demasiado tarde y es mejor descansar m\u00e1s. Una pareja se levanta sin miramientos en sus \u201cruidos personales\u201d a pesar de llevar tapones, sus estruendosos pedos resuenan en mis t\u00edmpanos.<\/span><\/p>\n<p><span style=\"color: #0000ff;\">\u00a0\u00a0\u00a0\u00a0\u00a0 Nos quedamos solos en la habitaci\u00f3n. Sale el sol. El d\u00eda es magn\u00edfico de nuevo. Fotos al paisaje. Fotos en la habitaci\u00f3n. Bajamos a desayunar cuando todo el mundo sale.<\/span> El comedor es muy amplio y est\u00e1 pulcro. El agua de la monta\u00f1a no es potable y o compras una botella de agua por 12 \u20ac o te llenas la cantimplora de t\u00e9 (1 litro por persona): en este refugio como en el que vamos a ir hoy, en el desayuno ponen una gran garrafa preparada con t\u00e9 caliente, y los monta\u00f1eros se llenan sus cantimploras para la actividad del d\u00eda. Nosotros hacemos lo mismo: llenar las cantimploras de t\u00e9\u2026 al final no me gustar\u00e1 mucho tanto t\u00e9. Luis intenta llenar otra botellita, pero no cuela, le dicen que \u00e9l ya ha llenado su cantimplora con el t\u00e9. Pero mejor as\u00ed, porque al llegar al Refugio de Finsteraarhorn Luis me pidi\u00f3 alguna pastilla de Fortasec (los llevo siempre desde la Expedici\u00f3n a Ecuador), y yo me tom\u00e9 otra (por si acaso) \u2026 notamos que el intestino no iba demasiado bien.<\/p>\n<div id=\"attachment_37082\" style=\"width: 826px\" class=\"wp-caption aligncenter\"><a class=\"dt-single-image\" href=\"http:\/\/monta\u00f1asdelaluna.com\/wp-content\/uploads\/2017\/08\/abajo-konkordia-en-el-glaciar-aletsch-a-la-derecha-el-jungfrau-e-izquierda-laderas-norte-del-aletschhorn.jpg\" data-dt-img-description=\"\"><img loading=\"lazy\" decoding=\"async\" aria-describedby=\"caption-attachment-37082\" class=\"wp-image-37082 \" src=\"http:\/\/monta\u00f1asdelaluna.com\/wp-content\/uploads\/2017\/08\/abajo-konkordia-en-el-glaciar-aletsch-a-la-derecha-el-jungfrau-e-izquierda-laderas-norte-del-aletschhorn-1024x768.jpg\" alt=\"Abajo Konkordia en el Glaciar Aletsch, a la derecha el Jungfrau e izquierda laderas norte del Aletschhorn\" width=\"816\" height=\"612\" srcset=\"https:\/\/www.monta\u00f1asdelaluna.es\/wp-content\/uploads\/2017\/08\/abajo-konkordia-en-el-glaciar-aletsch-a-la-derecha-el-jungfrau-e-izquierda-laderas-norte-del-aletschhorn-1024x768.jpg 1024w, https:\/\/www.monta\u00f1asdelaluna.es\/wp-content\/uploads\/2017\/08\/abajo-konkordia-en-el-glaciar-aletsch-a-la-derecha-el-jungfrau-e-izquierda-laderas-norte-del-aletschhorn-300x225.jpg 300w, https:\/\/www.monta\u00f1asdelaluna.es\/wp-content\/uploads\/2017\/08\/abajo-konkordia-en-el-glaciar-aletsch-a-la-derecha-el-jungfrau-e-izquierda-laderas-norte-del-aletschhorn.jpg 1824w\" sizes=\"auto, (max-width: 816px) 100vw, 816px\" \/><\/a><p id=\"caption-attachment-37082\" class=\"wp-caption-text\">Abajo Konkordia en el Glaciar Aletsch, a la derecha el Jungfrau e izquierda laderas norte del Aletschhorn<\/p><\/div>\n<div id=\"attachment_37083\" style=\"width: 825px\" class=\"wp-caption aligncenter\"><a class=\"dt-single-image\" href=\"http:\/\/monta\u00f1asdelaluna.com\/wp-content\/uploads\/2017\/08\/IMG_4749.jpg\" data-dt-img-description=\"\"><img loading=\"lazy\" decoding=\"async\" aria-describedby=\"caption-attachment-37083\" class=\"wp-image-37083 \" src=\"http:\/\/monta\u00f1asdelaluna.com\/wp-content\/uploads\/2017\/08\/IMG_4749-1024x768.jpg\" alt=\"Refugio de Konkordia, 2.850 mts.\" width=\"815\" height=\"611\" srcset=\"https:\/\/www.monta\u00f1asdelaluna.es\/wp-content\/uploads\/2017\/08\/IMG_4749-1024x768.jpg 1024w, https:\/\/www.monta\u00f1asdelaluna.es\/wp-content\/uploads\/2017\/08\/IMG_4749-300x225.jpg 300w, https:\/\/www.monta\u00f1asdelaluna.es\/wp-content\/uploads\/2017\/08\/IMG_4749.jpg 1824w\" sizes=\"auto, (max-width: 815px) 100vw, 815px\" \/><\/a><p id=\"caption-attachment-37083\" class=\"wp-caption-text\">Refugio de Konkordia, 2.850 mts.<\/p><\/div>\n<p><span style=\"color: #0000ff;\">El refugio parece un palacete en la alta monta\u00f1a. No solamente por las vistas, si no por su construcci\u00f3n, limpieza, amplitud\u2026 con terracita y todo\u2026 la verdad es que al final comprobamos que casi todos los refugios suizos ten\u00edan su terracita. Las vistas son impresionantes, \u00fanicas: el Glaciar Aletsch y los cuatro miles que lo rodean es la nota predominante. Precioso.<\/span>[vc_separator][\/vc_column_text][\/vc_column][\/vc_row][vc_row][vc_column][vc_empty_space][\/vc_column][\/vc_row][vc_row][vc_column][vc_video link=\u00bbhttps:\/\/vimeo.com\/230257331&#8243; title=\u00bbGlaciar Aletsch desde Refugio Konkordia, 2.850 mts.\u00bb][\/vc_column][\/vc_row][vc_row][vc_column][vc_empty_space][\/vc_column][\/vc_row][vc_row][vc_column][vc_column_text]<span style=\"color: #0000ff;\">Nuestro objetivo de hoy es llegar al Refugio de Finsteraarhorn. Nos dicen que solo son 4 horas, pero ya no me lo creo.<\/span><\/p>\n<p><span style=\"color: #0000ff;\">\u00a0\u00a0\u00a0\u00a0\u00a0 Salimos del refugio por el lado contrario al que hemos entrado, y de repente bajo nuestros pies aparece una larga, larga, largu\u00edsima escalera met\u00e1lica que desde el mismo refugio te deja en la morrena pegada al glaciar justo en la esquina de la monta\u00f1a, algo m\u00e1s mirando al norte\u2026 si anoche hubi\u00e9ramos seguido andando por la terrible morrena, al final la hubi\u00e9ramos encontrado.<\/span><\/p>\n<div id=\"attachment_37087\" style=\"width: 826px\" class=\"wp-caption aligncenter\"><a class=\"dt-single-image\" href=\"http:\/\/monta\u00f1asdelaluna.com\/wp-content\/uploads\/2017\/08\/joaquin-y-olga-saliendo-del-refugio-de-konkordia-2-850-mts-abajo-el-glaciar-aletsch-y-al-fondo-el-jungfrau.jpg\" data-dt-img-description=\"\"><img loading=\"lazy\" decoding=\"async\" aria-describedby=\"caption-attachment-37087\" class=\"wp-image-37087 \" src=\"http:\/\/monta\u00f1asdelaluna.com\/wp-content\/uploads\/2017\/08\/joaquin-y-olga-saliendo-del-refugio-de-konkordia-2-850-mts-abajo-el-glaciar-aletsch-y-al-fondo-el-jungfrau-1024x768.jpg\" alt=\"Joaqu\u00edn y Olga saliendo del Refugio de Konkordia, 2.850 mts., abajo el Glaciar Aletsch y al fondo el Jungfrau\" width=\"816\" height=\"612\" srcset=\"https:\/\/www.monta\u00f1asdelaluna.es\/wp-content\/uploads\/2017\/08\/joaquin-y-olga-saliendo-del-refugio-de-konkordia-2-850-mts-abajo-el-glaciar-aletsch-y-al-fondo-el-jungfrau-1024x768.jpg 1024w, https:\/\/www.monta\u00f1asdelaluna.es\/wp-content\/uploads\/2017\/08\/joaquin-y-olga-saliendo-del-refugio-de-konkordia-2-850-mts-abajo-el-glaciar-aletsch-y-al-fondo-el-jungfrau-300x225.jpg 300w, https:\/\/www.monta\u00f1asdelaluna.es\/wp-content\/uploads\/2017\/08\/joaquin-y-olga-saliendo-del-refugio-de-konkordia-2-850-mts-abajo-el-glaciar-aletsch-y-al-fondo-el-jungfrau.jpg 1824w\" sizes=\"auto, (max-width: 816px) 100vw, 816px\" \/><\/a><p id=\"caption-attachment-37087\" class=\"wp-caption-text\">Joaqu\u00edn y Olga saliendo del Refugio de Konkordia, 2.850 mts., abajo el Glaciar Aletsch y al fondo el Jungfrau<\/p><\/div>\n<div id=\"attachment_37094\" style=\"width: 778px\" class=\"wp-caption aligncenter\"><a class=\"dt-single-image\" href=\"http:\/\/monta\u00f1asdelaluna.com\/wp-content\/uploads\/2017\/08\/luis-y-olga-en-la-escalera-y-pasarela-de-bajada-del-refugio-de-konkordia.jpg\" data-dt-img-description=\"\"><img loading=\"lazy\" decoding=\"async\" aria-describedby=\"caption-attachment-37094\" class=\"wp-image-37094 size-large\" src=\"http:\/\/monta\u00f1asdelaluna.com\/wp-content\/uploads\/2017\/08\/luis-y-olga-en-la-escalera-y-pasarela-de-bajada-del-refugio-de-konkordia-768x1024.jpg\" alt=\"Luis y Olga en la escalera y pasarela de bajada del Refugio de Konkordia\" width=\"768\" height=\"1024\" srcset=\"https:\/\/www.monta\u00f1asdelaluna.es\/wp-content\/uploads\/2017\/08\/luis-y-olga-en-la-escalera-y-pasarela-de-bajada-del-refugio-de-konkordia-768x1024.jpg 768w, https:\/\/www.monta\u00f1asdelaluna.es\/wp-content\/uploads\/2017\/08\/luis-y-olga-en-la-escalera-y-pasarela-de-bajada-del-refugio-de-konkordia-225x300.jpg 225w, https:\/\/www.monta\u00f1asdelaluna.es\/wp-content\/uploads\/2017\/08\/luis-y-olga-en-la-escalera-y-pasarela-de-bajada-del-refugio-de-konkordia.jpg 1368w\" sizes=\"auto, (max-width: 768px) 100vw, 768px\" \/><\/a><p id=\"caption-attachment-37094\" class=\"wp-caption-text\">Luis y Olga en la escalera y pasarela de bajada del Refugio de Konkordia<\/p><\/div>\n<p><span style=\"color: #0000ff;\">\u00a0\u00a0\u00a0\u00a0\u00a0 Son las 9 de la ma\u00f1ana cuando salimos del Refugio Konkordia. Ya estamos en la morrena o mejor dicho el glaciar. Ahora debemos girar hacia la derecha y este en busca del collado Gr\u00fcnhornl\u00fccke, dejando justo a nuestra espalda el gigantesco cruce y uni\u00f3n de glaciares que es Konkordia.<\/span><\/p>\n<p><span style=\"color: #0000ff;\">\u00a0\u00a0\u00a0\u00a0\u00a0 De nuevo solos por el glaciar, aunque a lo lejos hemos visto a 3 monta\u00f1eros que suben por el mismo. Les observamos para saber por d\u00f3nde ir. Este camino por el glaciar no tiene secretos ni tantos entresijos; el guarda del Refugio de Konkordia nos ha explicado por donde cruzarlo (por la izquierda acerc\u00e1ndonos a un espol\u00f3n rocoso y despu\u00e9s recto para arriba. La bajada al otro lado tambi\u00e9n es por la izquierda evitando las grietas del centro y de otra ladera) \u2026 parece f\u00e1cil.<\/span><\/p>\n<p><span style=\"color: #0000ff;\">\u00a0\u00a0\u00a0\u00a0\u00a0 De nuevo el d\u00eda incre\u00edble. Muy bueno, sin nubes amenazadoras. Perfecto. Las vistas hacia atr\u00e1s, hacia nuestra espalda por la subida de este glaciar hacia Gr\u00fcnhornl\u00fccke son incre\u00edbles: a medida que cogemos altura la zona de Konkordia, las laderas de las altas monta\u00f1as que la rodean, incluyendo la del Aletschhorn.<\/span><\/p>\n<div id=\"attachment_37097\" style=\"width: 1034px\" class=\"wp-caption aligncenter\"><a class=\"dt-single-image\" href=\"http:\/\/monta\u00f1asdelaluna.com\/wp-content\/uploads\/2017\/08\/el-glaciar-aletsch-en-konkordia.jpg\" data-dt-img-description=\"\"><img loading=\"lazy\" decoding=\"async\" aria-describedby=\"caption-attachment-37097\" class=\"wp-image-37097 size-large\" src=\"http:\/\/monta\u00f1asdelaluna.com\/wp-content\/uploads\/2017\/08\/el-glaciar-aletsch-en-konkordia-1024x575.jpg\" alt=\"El Glaciar Aletsch en Konkordia\" width=\"1024\" height=\"575\" srcset=\"https:\/\/www.monta\u00f1asdelaluna.es\/wp-content\/uploads\/2017\/08\/el-glaciar-aletsch-en-konkordia-1024x575.jpg 1024w, https:\/\/www.monta\u00f1asdelaluna.es\/wp-content\/uploads\/2017\/08\/el-glaciar-aletsch-en-konkordia-300x168.jpg 300w, https:\/\/www.monta\u00f1asdelaluna.es\/wp-content\/uploads\/2017\/08\/el-glaciar-aletsch-en-konkordia.jpg 1824w\" sizes=\"auto, (max-width: 1024px) 100vw, 1024px\" \/><\/a><p id=\"caption-attachment-37097\" class=\"wp-caption-text\">El Glaciar Aletsch en Konkordia<\/p><\/div>\n<div id=\"attachment_37105\" style=\"width: 778px\" class=\"wp-caption aligncenter\"><a class=\"dt-single-image\" href=\"http:\/\/monta\u00f1asdelaluna.com\/wp-content\/uploads\/2017\/08\/joaquin-saltando-grietas.jpg\" data-dt-img-description=\"\"><img loading=\"lazy\" decoding=\"async\" aria-describedby=\"caption-attachment-37105\" class=\"wp-image-37105 size-large\" src=\"http:\/\/monta\u00f1asdelaluna.com\/wp-content\/uploads\/2017\/08\/joaquin-saltando-grietas-768x1024.jpg\" alt=\"Joaqu\u00edn saltando grietas\" width=\"768\" height=\"1024\" srcset=\"https:\/\/www.monta\u00f1asdelaluna.es\/wp-content\/uploads\/2017\/08\/joaquin-saltando-grietas-768x1024.jpg 768w, https:\/\/www.monta\u00f1asdelaluna.es\/wp-content\/uploads\/2017\/08\/joaquin-saltando-grietas-225x300.jpg 225w, https:\/\/www.monta\u00f1asdelaluna.es\/wp-content\/uploads\/2017\/08\/joaquin-saltando-grietas.jpg 1279w\" sizes=\"auto, (max-width: 768px) 100vw, 768px\" \/><\/a><p id=\"caption-attachment-37105\" class=\"wp-caption-text\">Joaqu\u00edn saltando grietas<\/p><\/div>\n<p><span style=\"color: #0000ff;\">\u00a0\u00a0\u00a0\u00a0\u00a0 La subida es paulatina pero f\u00e1cil. Me adelanto a Luis y Olga y al cabo de pocas horas llego al collado,<\/span> 3.279 mts. <span style=\"color: #0000ff;\">Son las 11,45 horas. Nos han dicho que este recorrido se hace en 4 o 5 horas<\/span> (como he se\u00f1alado antes) <span style=\"color: #0000ff;\">como mucho. No me lo creo. Ya llevamos 3. Tambi\u00e9n es verdad que la costumbre y facilidad de andar por glaciares, hielos alpinos, no nos es dada.<\/span><\/p>\n<p><span style=\"color: #0000ff;\">\u00a0\u00a0\u00a0\u00a0\u00a0 Tomamos algo en el collado. Nos asomamos al otro lado y lo primero que nos sorprende son las vistas del pico que queremos afrontar entre ma\u00f1ana y pasado: es especialmente agreste, precioso, altivo, sobresaliente, bastante sobresaliente desde su base en el Glaciar Fiesch. Impone. No quiero decir que es un desaf\u00edo tremendo para m\u00ed, no quiero decir que puede ser muy dif\u00edcil subirlo, largo, tedioso, pavoroso\u2026 pero es un pico, una monta\u00f1a preciosa pero desafiante y terror\u00edfica.<\/span><\/p>\n<div id=\"attachment_37108\" style=\"width: 828px\" class=\"wp-caption aligncenter\"><a class=\"dt-single-image\" href=\"http:\/\/monta\u00f1asdelaluna.com\/wp-content\/uploads\/2017\/08\/luis-y-olga-en-el-glaciar-grueneggfirn-subiendo-al-collado-gruenhornluecke-atras-queda-el-glacair-aletsch-en-konkordia-el-pico-aletschhorn-en-el-centro-izquierda.jpg\" data-dt-img-description=\"\"><img loading=\"lazy\" decoding=\"async\" aria-describedby=\"caption-attachment-37108\" class=\"wp-image-37108 \" src=\"http:\/\/monta\u00f1asdelaluna.com\/wp-content\/uploads\/2017\/08\/luis-y-olga-en-el-glaciar-grueneggfirn-subiendo-al-collado-gruenhornluecke-atras-queda-el-glacair-aletsch-en-konkordia-el-pico-aletschhorn-en-el-centro-izquierda-1024x768.jpg\" alt=\"Luis y Olga en el Glaciar Gr\u00fcneggfirn subiendo al collado Gr\u00fcnhornl\u00fccke, atr\u00e1s queda el Glacair Aletsch en Konkordia. El pico Aletschhorn en el centro izquierda\" width=\"818\" height=\"613\" srcset=\"https:\/\/www.monta\u00f1asdelaluna.es\/wp-content\/uploads\/2017\/08\/luis-y-olga-en-el-glaciar-grueneggfirn-subiendo-al-collado-gruenhornluecke-atras-queda-el-glacair-aletsch-en-konkordia-el-pico-aletschhorn-en-el-centro-izquierda-1024x768.jpg 1024w, https:\/\/www.monta\u00f1asdelaluna.es\/wp-content\/uploads\/2017\/08\/luis-y-olga-en-el-glaciar-grueneggfirn-subiendo-al-collado-gruenhornluecke-atras-queda-el-glacair-aletsch-en-konkordia-el-pico-aletschhorn-en-el-centro-izquierda-300x225.jpg 300w, https:\/\/www.monta\u00f1asdelaluna.es\/wp-content\/uploads\/2017\/08\/luis-y-olga-en-el-glaciar-grueneggfirn-subiendo-al-collado-gruenhornluecke-atras-queda-el-glacair-aletsch-en-konkordia-el-pico-aletschhorn-en-el-centro-izquierda.jpg 1824w\" sizes=\"auto, (max-width: 818px) 100vw, 818px\" \/><\/a><p id=\"caption-attachment-37108\" class=\"wp-caption-text\">Luis y Olga en el Glaciar Gr\u00fcneggfirn subiendo al collado Gr\u00fcnhornl\u00fccke, atr\u00e1s queda el Glacair Aletsch en Konkordia. El pico Aletschhorn en el centro izquierda<\/p><\/div>\n<div id=\"attachment_37110\" style=\"width: 826px\" class=\"wp-caption aligncenter\"><a class=\"dt-single-image\" href=\"http:\/\/monta\u00f1asdelaluna.com\/wp-content\/uploads\/2017\/08\/olga-y-luis-en-el-glaciar-grueneggfirn-subiendo-al-collado-gruenhornluecke-arriba-las-vertientes-heladas-del-gruenegghorn.jpg\" data-dt-img-description=\"\"><img loading=\"lazy\" decoding=\"async\" aria-describedby=\"caption-attachment-37110\" class=\"wp-image-37110 \" src=\"http:\/\/monta\u00f1asdelaluna.com\/wp-content\/uploads\/2017\/08\/olga-y-luis-en-el-glaciar-grueneggfirn-subiendo-al-collado-gruenhornluecke-arriba-las-vertientes-heladas-del-gruenegghorn-1024x768.jpg\" alt=\"Olga y Luis en el Glaciar Gr\u00fcneggfirn subiendo al collado Gr\u00fcnhornl\u00fccke, arriba las vertientes heladas del Gr\u00fcnegghorn\" width=\"816\" height=\"612\" srcset=\"https:\/\/www.monta\u00f1asdelaluna.es\/wp-content\/uploads\/2017\/08\/olga-y-luis-en-el-glaciar-grueneggfirn-subiendo-al-collado-gruenhornluecke-arriba-las-vertientes-heladas-del-gruenegghorn-1024x768.jpg 1024w, https:\/\/www.monta\u00f1asdelaluna.es\/wp-content\/uploads\/2017\/08\/olga-y-luis-en-el-glaciar-grueneggfirn-subiendo-al-collado-gruenhornluecke-arriba-las-vertientes-heladas-del-gruenegghorn-300x225.jpg 300w, https:\/\/www.monta\u00f1asdelaluna.es\/wp-content\/uploads\/2017\/08\/olga-y-luis-en-el-glaciar-grueneggfirn-subiendo-al-collado-gruenhornluecke-arriba-las-vertientes-heladas-del-gruenegghorn.jpg 1824w\" sizes=\"auto, (max-width: 816px) 100vw, 816px\" \/><\/a><p id=\"caption-attachment-37110\" class=\"wp-caption-text\">Olga y Luis en el Glaciar Gr\u00fcneggfirn subiendo al collado Gr\u00fcnhornl\u00fccke, arriba las vertientes heladas del Gr\u00fcnegghorn<\/p><\/div>\n<p><span style=\"color: #0000ff;\">\u00a0\u00a0\u00a0\u00a0\u00a0 Intento imaginarme la subida despu\u00e9s de leer varias veces el libro de los \u201cCuatromiles e los Alpes\u201d de<\/span> Editorial <span style=\"color: #0000ff;\">Desnivel. Veo perfectamente la ruta. Es vertical. Se cruzan 2 glaciares, el espol\u00f3n de la Roca el Desayuno, y arriba el collado a m\u00e1s de cuatro mil sesenta metros, y la cresta; su famosa cresta\u2026 Olga ha visto videos por internet de ella. Yo solo conozco lo que viene en el citado libro de Desnivel y no la ponen extremadamente dif\u00edcil. Le hago fotos con el zum como intentando acercarme a ella y poder examinarla, tocarla, asimilarla.<\/span><\/p>\n<p>Realmente la primera vez que veo esta monta\u00f1a desde el collado y me aseguro de que es el Finsteraarhorn por las fotos vistas en la gu\u00eda y dem\u00e1s, me sorprende enormemente, me deja algo boquiabierto por su porte, perfil y desnivel apreciable desde su base junto al Glaciar Fiesch (entre 1.300 y 1.400 mts.). Verdaderamente la cresta final era lo que menos miedo o lo menos terror\u00edfico de su perfil; como una peque\u00f1a pieza en un gran puzle de desaf\u00edos y dificultades. Los sentimientos eran cruzados: por un lado se ve\u00eda una monta\u00f1a imposible, costosa\u2026 y por otro las ganas, las intenciones, la perseverancia, la voluntad\u2026 era mejor no pensar en que nos costar\u00eda mucho subirla, llegar a su cima, porque podr\u00eda derivar en el fracaso, mejor no pensar nada, dejarnos llevar y decidir en el momento preciso. Si pensamos que es dif\u00edcil, ser\u00e1 dif\u00edcil. Pero es una monta\u00f1a imponente, preciosa, solamente comparada con su \u201chermano\u201d de enfrente al otro lado del Glaciar Fiesch y que solo veremos desde el lado del Refugio de Finsteraarhorn: el Gr\u00fcnhorn \u00a1\u00a1Tremendos!!<\/p>\n<div id=\"attachment_37121\" style=\"width: 828px\" class=\"wp-caption aligncenter\"><a class=\"dt-single-image\" href=\"http:\/\/monta\u00f1asdelaluna.com\/wp-content\/uploads\/2017\/08\/luis-y-olga-llegando-al-collado-gruenhornluecke-3-279-mts-detras-konkordia-en-el-glaciar-aletsch.jpg\" data-dt-img-description=\"\"><img loading=\"lazy\" decoding=\"async\" aria-describedby=\"caption-attachment-37121\" class=\"wp-image-37121 \" src=\"http:\/\/monta\u00f1asdelaluna.com\/wp-content\/uploads\/2017\/08\/luis-y-olga-llegando-al-collado-gruenhornluecke-3-279-mts-detras-konkordia-en-el-glaciar-aletsch-1024x768.jpg\" alt=\"Luis y Olga llegando al collado Gr\u00fcnhornl\u00fccke, 3.279 mts., detr\u00e1s Konkordia en el Glaciar Aletsch\" width=\"818\" height=\"613\" srcset=\"https:\/\/www.monta\u00f1asdelaluna.es\/wp-content\/uploads\/2017\/08\/luis-y-olga-llegando-al-collado-gruenhornluecke-3-279-mts-detras-konkordia-en-el-glaciar-aletsch-1024x768.jpg 1024w, https:\/\/www.monta\u00f1asdelaluna.es\/wp-content\/uploads\/2017\/08\/luis-y-olga-llegando-al-collado-gruenhornluecke-3-279-mts-detras-konkordia-en-el-glaciar-aletsch-300x225.jpg 300w, https:\/\/www.monta\u00f1asdelaluna.es\/wp-content\/uploads\/2017\/08\/luis-y-olga-llegando-al-collado-gruenhornluecke-3-279-mts-detras-konkordia-en-el-glaciar-aletsch.jpg 1824w\" sizes=\"auto, (max-width: 818px) 100vw, 818px\" \/><\/a><p id=\"caption-attachment-37121\" class=\"wp-caption-text\">Luis y Olga llegando al collado Gr\u00fcnhornl\u00fccke, 3.279 mts., detr\u00e1s Konkordia en el Glaciar Aletsch<\/p><\/div>\n<div id=\"attachment_37127\" style=\"width: 828px\" class=\"wp-caption aligncenter\"><a class=\"dt-single-image\" href=\"http:\/\/monta\u00f1asdelaluna.com\/wp-content\/uploads\/2017\/08\/joaquin-y-detras-el-finsteraarhorn.jpg\" data-dt-img-description=\"\"><img loading=\"lazy\" decoding=\"async\" aria-describedby=\"caption-attachment-37127\" class=\"wp-image-37127 \" src=\"http:\/\/monta\u00f1asdelaluna.com\/wp-content\/uploads\/2017\/08\/joaquin-y-detras-el-finsteraarhorn-1024x768.jpg\" alt=\"Joaqu\u00edn y detr\u00e1s el Finsteraarhorn\" width=\"818\" height=\"613\" srcset=\"https:\/\/www.monta\u00f1asdelaluna.es\/wp-content\/uploads\/2017\/08\/joaquin-y-detras-el-finsteraarhorn-1024x768.jpg 1024w, https:\/\/www.monta\u00f1asdelaluna.es\/wp-content\/uploads\/2017\/08\/joaquin-y-detras-el-finsteraarhorn-300x225.jpg 300w, https:\/\/www.monta\u00f1asdelaluna.es\/wp-content\/uploads\/2017\/08\/joaquin-y-detras-el-finsteraarhorn.jpg 1824w\" sizes=\"auto, (max-width: 818px) 100vw, 818px\" \/><\/a><p id=\"caption-attachment-37127\" class=\"wp-caption-text\">Joaqu\u00edn y detr\u00e1s el Finsteraarhorn, desde el collado Gr\u00fcnhornl\u00fccke<\/p><\/div>\n<p><span style=\"color: #0000ff;\">Mas fotos. Dejamos el fondo de Konkordia, del impresionante Glaciar Aletsch para bajar a otro gran glaciar, no tan gigantesco (para lo que conozco) pero tambi\u00e9n espectacular y enorme, es el Glaciar Fiesch.<\/span>[\/vc_column_text][\/vc_column][\/vc_row][vc_row][vc_column][vc_empty_space][\/vc_column][\/vc_row][vc_row][vc_column][vc_video link=\u00bbhttps:\/\/vimeo.com\/231205219&#8243; title=\u00bbGr\u00fcnhornl\u00fccke, 3.279 mts.\u00bb][\/vc_column][\/vc_row][vc_row][vc_column][vc_empty_space][\/vc_column][\/vc_row][vc_row][vc_column][vc_column_text]<span style=\"color: #0000ff;\">Comenzamos la bajada. Sin problemas. Hacia la izquierda como nos han dicho. En toda la bajada tendremos las vistas del Finsteraarhorn, con su cumbre tapada o despejada seg\u00fan le d\u00e9 el viento. El tiempo est\u00e1 nublado pero no amenaza lluvia. Mejor. As\u00ed el sol no nos quemar\u00e1.<\/span><\/p>\n<p><span style=\"color: #0000ff;\">\u00a0\u00a0\u00a0\u00a0\u00a0 Esta vez vamos sin encordar. As\u00ed es mejor para poder ir cada uno a su paso sin molestarnos. Pero peligroso si encontramos grietas.<\/span><\/p>\n<div id=\"attachment_37129\" style=\"width: 1172px\" class=\"wp-caption aligncenter\"><a class=\"dt-single-image\" href=\"http:\/\/monta\u00f1asdelaluna.com\/wp-content\/uploads\/2017\/08\/bajando-al-glaciar-fiesch-arriba-el-finsteraarhorn.jpg\" data-dt-img-description=\"\"><img loading=\"lazy\" decoding=\"async\" aria-describedby=\"caption-attachment-37129\" class=\"wp-image-37129 \" src=\"http:\/\/monta\u00f1asdelaluna.com\/wp-content\/uploads\/2017\/08\/bajando-al-glaciar-fiesch-arriba-el-finsteraarhorn.jpg\" alt=\"Bajando al Glaciar Fiesch, arriba el Finsteraarhorn\" width=\"1162\" height=\"871\" srcset=\"https:\/\/www.monta\u00f1asdelaluna.es\/wp-content\/uploads\/2017\/08\/bajando-al-glaciar-fiesch-arriba-el-finsteraarhorn.jpg 1824w, https:\/\/www.monta\u00f1asdelaluna.es\/wp-content\/uploads\/2017\/08\/bajando-al-glaciar-fiesch-arriba-el-finsteraarhorn-300x225.jpg 300w, https:\/\/www.monta\u00f1asdelaluna.es\/wp-content\/uploads\/2017\/08\/bajando-al-glaciar-fiesch-arriba-el-finsteraarhorn-1024x768.jpg 1024w\" sizes=\"auto, (max-width: 1162px) 100vw, 1162px\" \/><\/a><p id=\"caption-attachment-37129\" class=\"wp-caption-text\">Bajando al Glaciar Fiesch, arriba el Finsteraarhorn<\/p><\/div>\n<div id=\"attachment_37132\" style=\"width: 828px\" class=\"wp-caption aligncenter\"><a class=\"dt-single-image\" href=\"http:\/\/monta\u00f1asdelaluna.com\/wp-content\/uploads\/2017\/08\/glaciar-fiesch-en-su-confluencia-con-el-glaciar-galmi.jpg\" data-dt-img-description=\"\"><img loading=\"lazy\" decoding=\"async\" aria-describedby=\"caption-attachment-37132\" class=\"wp-image-37132 \" src=\"http:\/\/monta\u00f1asdelaluna.com\/wp-content\/uploads\/2017\/08\/glaciar-fiesch-en-su-confluencia-con-el-glaciar-galmi-1024x768.jpg\" alt=\"Glaciar Fiesch en su confluencia con el Glaciar Galmi\" width=\"818\" height=\"613\" srcset=\"https:\/\/www.monta\u00f1asdelaluna.es\/wp-content\/uploads\/2017\/08\/glaciar-fiesch-en-su-confluencia-con-el-glaciar-galmi-1024x768.jpg 1024w, https:\/\/www.monta\u00f1asdelaluna.es\/wp-content\/uploads\/2017\/08\/glaciar-fiesch-en-su-confluencia-con-el-glaciar-galmi-300x225.jpg 300w, https:\/\/www.monta\u00f1asdelaluna.es\/wp-content\/uploads\/2017\/08\/glaciar-fiesch-en-su-confluencia-con-el-glaciar-galmi.jpg 1824w\" sizes=\"auto, (max-width: 818px) 100vw, 818px\" \/><\/a><p id=\"caption-attachment-37132\" class=\"wp-caption-text\">Glaciar Fiesch en su confluencia con el Glaciar Galmi<\/p><\/div>\n<p><span style=\"color: #0000ff;\">\u00a0\u00a0\u00a0\u00a0\u00a0 Y es entonces cuando buscando el mejor sitio para bajar donde menos grietas hallan, que sigo adelante, paso por una zona de nieve (se diferencia por el color: nieve totalmente blanca y el hielo m\u00e1s oscuro, azulado, gris) y me cuelo una pierna hasta la cintura, casi las 2 piernas en una escondida grieta. Me llevo un susto tremendo. Intento salir con la otra pierna, doy un bastonazo a la nieve, pero se desprende y cae la nieve como papel de fumar. Decido doblar el cuerpo y poner la barriga en la nieve, intentando nadar, salir del agujero sin mover apenas los pies para no tirar, derrumbar m\u00e1s nieve y caiga a la grieta. Consigo salir y ponerme de pie asustado. Enseguida llegan, se acercan mis compa\u00f1eros: \u201c\u00a1\u00a1Sacad la cuerda!\u201d.<\/span><\/p>\n<p>La sensaci\u00f3n de impotencia al no ver donde apoyarte, al comprobar que la nieve de alrededor se puede desprender, deshacer y caer t\u00fa del todo a una grieta cuyo fondo desconoces, es angustiosa, terror\u00edfica, pavorosa\u2026 por muy peque\u00f1a que pueda ser despu\u00e9s la grieta. Lo mejor es acostar el cuerpo y arrastrarte por la nieve para repartir el peso del cuerpo por la superficie de la nieve, y no te haga caer.<\/p>\n<p><span style=\"color: #0000ff;\">Nos encordamos igual que en el Glaciar Aletsch e intentamos bajar de este glaciar al de abajo, el de Fiesch. No quiero pasar riesgos. Intentamos pasar siempre por el hielo sin nieve, donde se vean las grietas.<\/span><\/p>\n<p><span style=\"color: #0000ff;\">\u00a0\u00a0\u00a0\u00a0\u00a0 Despu\u00e9s de una pendiente empinada del glaciar llegamos a la peque\u00f1a morrena y Glaciar Fiesch. Aqu\u00ed el terreno ya es m\u00e1s horizontal. Giramos hacia la derecha y sur por todo el lateral del Glaciar Fiesch hasta ponernos al nivel del Refugio Finsteraarhorn. El cual ya lo hab\u00edamos divisado nada m\u00e1s comenzar a bajar del collado Gr\u00fcnhornl\u00fccke\u2026 est\u00e1 justamente en el lugar indicado en la gu\u00eda de Desnivel: bajo unas rocas-espol\u00f3n sobresaliente en las faldas del mismo pico que lleva su nombre.<\/span><\/p>\n<div id=\"attachment_37133\" style=\"width: 828px\" class=\"wp-caption aligncenter\"><a class=\"dt-single-image\" href=\"http:\/\/monta\u00f1asdelaluna.com\/wp-content\/uploads\/2017\/08\/olga-y-luis-encordados-con-el-finsteraarhorn-delante.jpg\" data-dt-img-description=\"\"><img loading=\"lazy\" decoding=\"async\" aria-describedby=\"caption-attachment-37133\" class=\"wp-image-37133 \" src=\"http:\/\/monta\u00f1asdelaluna.com\/wp-content\/uploads\/2017\/08\/olga-y-luis-encordados-con-el-finsteraarhorn-delante-1024x768.jpg\" alt=\"Olga y Luis encordados con el Finsteraarhorn delante\" width=\"818\" height=\"613\" srcset=\"https:\/\/www.monta\u00f1asdelaluna.es\/wp-content\/uploads\/2017\/08\/olga-y-luis-encordados-con-el-finsteraarhorn-delante-1024x768.jpg 1024w, https:\/\/www.monta\u00f1asdelaluna.es\/wp-content\/uploads\/2017\/08\/olga-y-luis-encordados-con-el-finsteraarhorn-delante-300x225.jpg 300w, https:\/\/www.monta\u00f1asdelaluna.es\/wp-content\/uploads\/2017\/08\/olga-y-luis-encordados-con-el-finsteraarhorn-delante.jpg 1824w\" sizes=\"auto, (max-width: 818px) 100vw, 818px\" \/><\/a><p id=\"caption-attachment-37133\" class=\"wp-caption-text\">Olga y Luis encordados con el Finsteraarhorn delante<\/p><\/div>\n<div id=\"attachment_37134\" style=\"width: 826px\" class=\"wp-caption aligncenter\"><a class=\"dt-single-image\" href=\"http:\/\/monta\u00f1asdelaluna.com\/wp-content\/uploads\/2017\/08\/bajando-al-glaciar-fiesch.jpg\" data-dt-img-description=\"\"><img loading=\"lazy\" decoding=\"async\" aria-describedby=\"caption-attachment-37134\" class=\"wp-image-37134 \" src=\"http:\/\/monta\u00f1asdelaluna.com\/wp-content\/uploads\/2017\/08\/bajando-al-glaciar-fiesch-1024x768.jpg\" alt=\"Bajando al Glaciar Fiesch\" width=\"816\" height=\"612\" srcset=\"https:\/\/www.monta\u00f1asdelaluna.es\/wp-content\/uploads\/2017\/08\/bajando-al-glaciar-fiesch-1024x768.jpg 1024w, https:\/\/www.monta\u00f1asdelaluna.es\/wp-content\/uploads\/2017\/08\/bajando-al-glaciar-fiesch-300x225.jpg 300w, https:\/\/www.monta\u00f1asdelaluna.es\/wp-content\/uploads\/2017\/08\/bajando-al-glaciar-fiesch.jpg 1824w\" sizes=\"auto, (max-width: 816px) 100vw, 816px\" \/><\/a><p id=\"caption-attachment-37134\" class=\"wp-caption-text\">Bajando al Glaciar Fiesch<\/p><\/div>\n<p><span style=\"color: #0000ff;\">\u00a0\u00a0\u00a0\u00a0\u00a0 Llegados a un punto decidimos girar hacia la izquierda y este, y atravesar del glaciar de este lado al lado de enfrente. Si puede ser en el punto del mismo m\u00e1s cercano a la subida al refugio.<\/span><\/p>\n<p><span style=\"color: #0000ff;\">\u00a0\u00a0\u00a0\u00a0\u00a0 Cruzamos el glaciar saltando grietas pero bien, y al tiempo salimos del mismo justo bajo el refugio\u2026 pero a\u00fan hay que subir a \u00e9l. La subida a estos refugios de monta\u00f1a ya son una actividad, esfuerzo y desaf\u00edo en si mismo. Encaramados en las paredes y escarpes de la monta\u00f1a, parece imposible que se aguanten all\u00e1 arriba; pero luego descubres que son enormes caserones, recios y bien guardados.<\/span><\/p>\n<p>En una foto gr\u00e1fica en el pasado Refugio de Konkordia, aparec\u00eda la altura del nivel del hielo del Glaciar Aletsch en comparaci\u00f3n con la ubicaci\u00f3n del mismo refugio. Descubrimos que hace un siglo el hielo solo estaba a menos de 50 metros del mismo (de desnivel), con lo que me imagino cuando se pens\u00f3 la ubicaci\u00f3n o construcci\u00f3n de estos refugios, los glaciares estaban a mucha m\u00e1s altura, de ah\u00ed que ahora, con el cambio clim\u00e1tico o recalentamiento global, los glaciares hayan ido disminuyendo de volumen y masa, y hayan bajado de nivel. Con lo que ahora parece que sus ubicaciones est\u00e9n casi desorbitadas comparadas con el nivel del glaciar bajo ellos. Ya que, en un principio, hace casi un siglo cuando se construyeron, el nivel del glaciar estaba casi en las puertas de \u00e9stos. Curioso.<\/p>\n<div id=\"attachment_37217\" style=\"width: 1158px\" class=\"wp-caption aligncenter\"><a class=\"dt-single-image\" href=\"http:\/\/monta\u00f1asdelaluna.com\/wp-content\/uploads\/2017\/08\/Gr\u00fanhornl\u00fccke02-001.croquis.web_.jpg\" data-dt-img-description=\"\"><img loading=\"lazy\" decoding=\"async\" aria-describedby=\"caption-attachment-37217\" class=\"wp-image-37217 size-full\" src=\"http:\/\/monta\u00f1asdelaluna.com\/wp-content\/uploads\/2017\/08\/Gr\u00fanhornl\u00fccke02-001.croquis.web_.jpg\" alt=\"Gr\u00fanhornl\u00fccke02 001.croquis.web\" width=\"1148\" height=\"1578\" srcset=\"https:\/\/www.monta\u00f1asdelaluna.es\/wp-content\/uploads\/2017\/08\/Gr\u00fanhornl\u00fccke02-001.croquis.web_.jpg 1148w, https:\/\/www.monta\u00f1asdelaluna.es\/wp-content\/uploads\/2017\/08\/Gr\u00fanhornl\u00fccke02-001.croquis.web_-218x300.jpg 218w, https:\/\/www.monta\u00f1asdelaluna.es\/wp-content\/uploads\/2017\/08\/Gr\u00fanhornl\u00fccke02-001.croquis.web_-745x1024.jpg 745w\" sizes=\"auto, (max-width: 1148px) 100vw, 1148px\" \/><\/a><p id=\"caption-attachment-37217\" class=\"wp-caption-text\">Croquis del recorrido realizado entre el Refugio Konkordia y el Refugio Finsteraarhorn pasando por el collado Gr\u00fcnhornl\u00fccke. Escala 1:50.000<\/p><\/div>\n<p><span style=\"color: #0000ff;\">Un hito gigante justo en una bajada de aguas, de una regata que parece venir de las mismas alturas de la monta\u00f1a, te indica que vas por el buen camino. A la derecha unas se\u00f1ales, hitos y pinturas<\/span> (marcas)<span style=\"color: #0000ff;\"> te suben por la pared, espol\u00f3n hasta el gran Refugio de Finsteraarhorn. Son las 14,35 horas cuando llego. Al cabo de unos minutos me sigue Luis y despu\u00e9s Olga.<\/span><\/p>\n<p><span style=\"color: #0000ff;\">Es otra enorme y magn\u00edfica construcci\u00f3n igual o m\u00e1s lujosa que el Refugio de Konkordia. Tranquilamente nos desequipamos, cambiamos y subimos a recepci\u00f3n, al comedor. Hay 3 chicas y 1 guarda de m\u00e1s edad. Una de ellas habla algo de espa\u00f1ol y ser\u00e1 mi interlocutora. Es muy amable y simp\u00e1tica. Nos ayuda mucho y nos trata muy bien. La cena es a las 6, y nuestra habitaci\u00f3n es la n\u00famero 6 del segundo piso.<\/span><\/p>\n<div id=\"attachment_37135\" style=\"width: 828px\" class=\"wp-caption aligncenter\"><a class=\"dt-single-image\" href=\"http:\/\/monta\u00f1asdelaluna.com\/wp-content\/uploads\/2017\/08\/olga-y-luis-bajando-al-glaciar-fiesch-arriba-queda-el-collado-gruenhornluecke.jpg\" data-dt-img-description=\"\"><img loading=\"lazy\" decoding=\"async\" aria-describedby=\"caption-attachment-37135\" class=\"wp-image-37135 \" src=\"http:\/\/monta\u00f1asdelaluna.com\/wp-content\/uploads\/2017\/08\/olga-y-luis-bajando-al-glaciar-fiesch-arriba-queda-el-collado-gruenhornluecke-1024x768.jpg\" alt=\"Olga y Luis bajando al Glaciar Fiesch, arriba queda el collado Gr\u00fcnhornl\u00fccke\" width=\"818\" height=\"613\" srcset=\"https:\/\/www.monta\u00f1asdelaluna.es\/wp-content\/uploads\/2017\/08\/olga-y-luis-bajando-al-glaciar-fiesch-arriba-queda-el-collado-gruenhornluecke-1024x768.jpg 1024w, https:\/\/www.monta\u00f1asdelaluna.es\/wp-content\/uploads\/2017\/08\/olga-y-luis-bajando-al-glaciar-fiesch-arriba-queda-el-collado-gruenhornluecke-300x225.jpg 300w, https:\/\/www.monta\u00f1asdelaluna.es\/wp-content\/uploads\/2017\/08\/olga-y-luis-bajando-al-glaciar-fiesch-arriba-queda-el-collado-gruenhornluecke.jpg 1824w\" sizes=\"auto, (max-width: 818px) 100vw, 818px\" \/><\/a><p id=\"caption-attachment-37135\" class=\"wp-caption-text\">Olga y Luis bajando al Glaciar Fiesch, arriba queda el collado Gr\u00fcnhornl\u00fccke<\/p><\/div>\n<div id=\"attachment_37138\" style=\"width: 829px\" class=\"wp-caption aligncenter\"><a class=\"dt-single-image\" href=\"http:\/\/monta\u00f1asdelaluna.com\/wp-content\/uploads\/2017\/08\/olga-y-luis-en-el-glaciar-fiesch-detras-el-collado-gruenhornluecke.jpg\" data-dt-img-description=\"\"><img loading=\"lazy\" decoding=\"async\" aria-describedby=\"caption-attachment-37138\" class=\"wp-image-37138 \" src=\"http:\/\/monta\u00f1asdelaluna.com\/wp-content\/uploads\/2017\/08\/olga-y-luis-en-el-glaciar-fiesch-detras-el-collado-gruenhornluecke-1024x768.jpg\" alt=\"Olga y Luis en el Glaciar Fiesch, detr\u00e1s el collado Gr\u00fcnhornl\u00fccke\" width=\"819\" height=\"614\" srcset=\"https:\/\/www.monta\u00f1asdelaluna.es\/wp-content\/uploads\/2017\/08\/olga-y-luis-en-el-glaciar-fiesch-detras-el-collado-gruenhornluecke-1024x768.jpg 1024w, https:\/\/www.monta\u00f1asdelaluna.es\/wp-content\/uploads\/2017\/08\/olga-y-luis-en-el-glaciar-fiesch-detras-el-collado-gruenhornluecke-300x225.jpg 300w, https:\/\/www.monta\u00f1asdelaluna.es\/wp-content\/uploads\/2017\/08\/olga-y-luis-en-el-glaciar-fiesch-detras-el-collado-gruenhornluecke.jpg 1824w\" sizes=\"auto, (max-width: 819px) 100vw, 819px\" \/><\/a><p id=\"caption-attachment-37138\" class=\"wp-caption-text\">Olga y Luis en el Glaciar Fiesch, detr\u00e1s el collado Gr\u00fcnhornl\u00fccke<\/p><\/div>\n<p><span style=\"color: #0000ff;\">\u00a0\u00a0\u00a0\u00a0\u00a0 Al cabo del tiempo van llegando m\u00e1s grupos. El refugio no se llena pero tiene vida. Nos asombra un hombre de edad bastante avanzada con su gu\u00eda. Casi todos son alemanes o suizos, al menos por el idioma que hablan. Un grupo que nos adelant\u00f3 en el glaciar tambi\u00e9n ha llegado. Parece que todos, despu\u00e9s de preguntarle a la chica de recepci\u00f3n (a la que al final no le pregunt\u00e9 su nombre), quieren subir el Finsteraarhorn.<\/span><\/p>\n<p><span style=\"color: #0000ff;\">\u00a0\u00a0\u00a0\u00a0\u00a0 Me recorro el edificio: es grande y est\u00e1 limpio. Tienen un sistema en los v\u00e1teres que sin echar agua despu\u00e9s de defecar, no sube la olor (aunque veas la mierda). Es curioso. Pregunto por la meteorolog\u00eda ma\u00f1ana. Ya que al final, despu\u00e9s de consultar con Luis, ma\u00f1ana subiremos o haremos el intento de pico\u2026 \u201c\u00bfQu\u00e9 vamos a hacer en todo el d\u00eda?\u201d. Pues la chica me dice que a las \u201cocho menos cinco\u201d enchufan la T.V. solo para ver el programa de El Tiempo que dan despu\u00e9s del Telenoticias suizo.<\/span> El televisor solo se encend\u00eda para eso, ver el tiempo todos los d\u00edas y los pocos minutos que dura la informaci\u00f3n. <span style=\"color: #0000ff;\">Llegada la hora solo me pod\u00eda fijar en los s\u00edmbolos del mapa que sale y algo en los d\u00edas (escritos en alem\u00e1n) de los que explicaba El Tiempo. Sol y nubes, o sea, buen tiempo para subir al pico.<\/span><\/p>\n<div id=\"attachment_37139\" style=\"width: 828px\" class=\"wp-caption aligncenter\"><a class=\"dt-single-image\" href=\"http:\/\/monta\u00f1asdelaluna.com\/wp-content\/uploads\/2017\/08\/glaciar-fiesch.jpg\" data-dt-img-description=\"\"><img loading=\"lazy\" decoding=\"async\" aria-describedby=\"caption-attachment-37139\" class=\"wp-image-37139 \" src=\"http:\/\/monta\u00f1asdelaluna.com\/wp-content\/uploads\/2017\/08\/glaciar-fiesch-1024x768.jpg\" alt=\"Glaciar Fiesch\" width=\"818\" height=\"613\" srcset=\"https:\/\/www.monta\u00f1asdelaluna.es\/wp-content\/uploads\/2017\/08\/glaciar-fiesch-1024x768.jpg 1024w, https:\/\/www.monta\u00f1asdelaluna.es\/wp-content\/uploads\/2017\/08\/glaciar-fiesch-300x225.jpg 300w, https:\/\/www.monta\u00f1asdelaluna.es\/wp-content\/uploads\/2017\/08\/glaciar-fiesch.jpg 1824w\" sizes=\"auto, (max-width: 818px) 100vw, 818px\" \/><\/a><p id=\"caption-attachment-37139\" class=\"wp-caption-text\">Glaciar Fiesch<\/p><\/div>\n<div id=\"attachment_37140\" style=\"width: 825px\" class=\"wp-caption aligncenter\"><a class=\"dt-single-image\" href=\"http:\/\/monta\u00f1asdelaluna.com\/wp-content\/uploads\/2017\/08\/abajo-el-glaciar-fiesch-y-arriba-el-refugio-del-finsteraarhorn.jpg\" data-dt-img-description=\"\"><img loading=\"lazy\" decoding=\"async\" aria-describedby=\"caption-attachment-37140\" class=\"wp-image-37140 \" src=\"http:\/\/monta\u00f1asdelaluna.com\/wp-content\/uploads\/2017\/08\/abajo-el-glaciar-fiesch-y-arriba-el-refugio-del-finsteraarhorn-1024x768.jpg\" alt=\"Abajo el Glaciar Fiesch y arriba el Refugio del Finsteraarhorn\" width=\"815\" height=\"611\" srcset=\"https:\/\/www.monta\u00f1asdelaluna.es\/wp-content\/uploads\/2017\/08\/abajo-el-glaciar-fiesch-y-arriba-el-refugio-del-finsteraarhorn-1024x768.jpg 1024w, https:\/\/www.monta\u00f1asdelaluna.es\/wp-content\/uploads\/2017\/08\/abajo-el-glaciar-fiesch-y-arriba-el-refugio-del-finsteraarhorn-300x225.jpg 300w, https:\/\/www.monta\u00f1asdelaluna.es\/wp-content\/uploads\/2017\/08\/abajo-el-glaciar-fiesch-y-arriba-el-refugio-del-finsteraarhorn.jpg 1824w\" sizes=\"auto, (max-width: 815px) 100vw, 815px\" \/><\/a><p id=\"caption-attachment-37140\" class=\"wp-caption-text\">Abajo el Glaciar Fiesch y arriba el Refugio del Finsteraarhorn<\/p><\/div>\n<p><span style=\"color: #0000ff;\">\u00a0\u00a0\u00a0\u00a0\u00a0 La habitaci\u00f3n es como alargada con una gran ventana al final, pero las camas no son literas corridas, si no individuales a dos alturas, anchas para dejar tu mochila y pertenencias (menos los hierros que se queden abajo en una cestita como en el Refugio Konkordia). Las chicas y guarda han reconocido nuestra reserva. Creo que somos los \u00fanicos espa\u00f1oles en muchos d\u00edas. Al final el Refugio de Finsteraarhorn es una lujosa construcci\u00f3n a 3.048 mts. encaramada en las faldas del pico que lleva su nombre y sobre el Glaciar Fiesch a muchos metros.<\/span><\/p>\n<p><span style=\"color: #0000ff;\">\u00a0\u00a0\u00a0\u00a0\u00a0 Despu\u00e9s de merodear y acomodarnos bajamos a cenar. Antes hemos hecho fotos de las preciosas vistas que hay sobre el largo y espectacular Glaciar Fiesch y de los fascinantes picos Gr\u00fcnhorn, Wannenhorn, Fiescher Gabelhorn, Sch\u00f6nb\u00fahlhorn\u2026 con sus hielos, crestas y espectacular perfil puntiagudo como del impresionante Gr\u00fcnhorn, desde la amplia terraza del refugio. Soberbio. Ser\u00e1n los objetivos de nuestra c\u00e1mara todos los d\u00edas. Antes Olga y Luis han jugado al Rummink o algo as\u00ed, sentados los 3 en una de las limpias y amplias mesas del comedor.<\/span>[\/vc_column_text][\/vc_column][\/vc_row][vc_row][vc_column][vc_empty_space][\/vc_column][\/vc_row][vc_row][vc_column][vc_video link=\u00bbhttps:\/\/vimeo.com\/231756116&#8243; title=\u00bbRefugio Finsteraarhorn, 3.048 mts.\u00bb][\/vc_column][\/vc_row][vc_row][vc_column][vc_empty_space][\/vc_column][\/vc_row][vc_row][vc_column][vc_column_text]<span style=\"color: #0000ff;\">El primer plato en la cena nos decepciona y asombra: es una sopa, agua algo coloreada con contados trozos de verdura. Nos quedamos alucinados. Cr\u00edticas destructivas. El resto de la cena es aceptable. El agua debemos ir a recogerla a un ca\u00f1o en un extremo de la terraza; por suerte la de aqu\u00ed es potable, no hay que comprar botellas de agua como en el Refugio de Konkordia.<\/span><\/p>\n<p><span style=\"color: #0000ff;\">\u00a0\u00a0\u00a0\u00a0\u00a0 Olga habla con nosotros: esta monta\u00f1a le viene muy grande, no subir\u00e1 con nosotros. Realmente despu\u00e9s de lo acontecido estos dos d\u00edas en los avances por glaciar, yo no ve\u00eda a Olga preparada, pero por suerte ella se dio cuenta antes de que yo se lo dijera.<\/span><\/p>\n<div id=\"attachment_37141\" style=\"width: 828px\" class=\"wp-caption aligncenter\"><a class=\"dt-single-image\" href=\"http:\/\/monta\u00f1asdelaluna.com\/wp-content\/uploads\/2017\/08\/refugio-del-finsteraarhorn.jpg\" data-dt-img-description=\"\"><img loading=\"lazy\" decoding=\"async\" aria-describedby=\"caption-attachment-37141\" class=\"wp-image-37141 \" src=\"http:\/\/monta\u00f1asdelaluna.com\/wp-content\/uploads\/2017\/08\/refugio-del-finsteraarhorn-1024x768.jpg\" alt=\"Refugio del Finsteraarhorn\" width=\"818\" height=\"613\" srcset=\"https:\/\/www.monta\u00f1asdelaluna.es\/wp-content\/uploads\/2017\/08\/refugio-del-finsteraarhorn-1024x768.jpg 1024w, https:\/\/www.monta\u00f1asdelaluna.es\/wp-content\/uploads\/2017\/08\/refugio-del-finsteraarhorn-300x225.jpg 300w, https:\/\/www.monta\u00f1asdelaluna.es\/wp-content\/uploads\/2017\/08\/refugio-del-finsteraarhorn.jpg 1824w\" sizes=\"auto, (max-width: 818px) 100vw, 818px\" \/><\/a><p id=\"caption-attachment-37141\" class=\"wp-caption-text\">Refugio del Finsteraarhorn<\/p><\/div>\n<div id=\"attachment_37144\" style=\"width: 828px\" class=\"wp-caption aligncenter\"><a class=\"dt-single-image\" href=\"http:\/\/monta\u00f1asdelaluna.com\/wp-content\/uploads\/2017\/08\/refugio-del-finsteraarhorn-3-048-mts.jpg\" data-dt-img-description=\"\"><img loading=\"lazy\" decoding=\"async\" aria-describedby=\"caption-attachment-37144\" class=\"wp-image-37144 \" src=\"http:\/\/monta\u00f1asdelaluna.com\/wp-content\/uploads\/2017\/08\/refugio-del-finsteraarhorn-3-048-mts-1024x768.jpg\" alt=\"Refugio del Finsteraarhorn, 3.048 mts.\" width=\"818\" height=\"613\" srcset=\"https:\/\/www.monta\u00f1asdelaluna.es\/wp-content\/uploads\/2017\/08\/refugio-del-finsteraarhorn-3-048-mts-1024x768.jpg 1024w, https:\/\/www.monta\u00f1asdelaluna.es\/wp-content\/uploads\/2017\/08\/refugio-del-finsteraarhorn-3-048-mts-300x225.jpg 300w, https:\/\/www.monta\u00f1asdelaluna.es\/wp-content\/uploads\/2017\/08\/refugio-del-finsteraarhorn-3-048-mts.jpg 1824w\" sizes=\"auto, (max-width: 818px) 100vw, 818px\" \/><\/a><p id=\"caption-attachment-37144\" class=\"wp-caption-text\">Refugio del Finsteraarhorn, 3.048 mts.<\/p><\/div>\n<p>Son situaciones delicadas pero hay que ser consciente con la realidad, por el \u00e9xito del objetivo de la actividad, por nuestra seguridad, por otras razones\u2026 pero si un compa\u00f1ero no est\u00e1 preparado o no se le v\u00e9 preparado para la empresa que debemos asolir, debemos hablar de ello, entrar en raz\u00f3n y llegar a una resoluci\u00f3n acorde y aceptable para todos. Haciendo entender la situaci\u00f3n a todos. Es casi obligado llegar a un acuerdo o al menos hablar para saber d\u00f3nde nos metemos. Olga fue consciente, consecuente y valiente por su decisi\u00f3n. No todas las personas tienen cabeza para tomar estas decisiones y despu\u00e9s nos metemos en los l\u00edos y accidentes en los que nos metemos \u00a1Bravo Olga!<\/p>\n<p><span style=\"color: #0000ff;\"> Los desayunos son a diferentes horas, nos apuntamos al m\u00e1s temprano, el de las 04,30 horas, y nos levantaremos a las 04,00 para salir como muy tarde sobre las 5 de la madrugada hacia la cumbre del Finsteraarhorn. Antes preguntamos al guarda, siendo la chica la traductora, por la ascensi\u00f3n y cresta del pico: ninguna dificultad a\u00f1adida en la subida, y en el d\u00eda de hoy han hecho la cresta sin crampones\u2026 ma\u00f1ana no sabemos.<\/span><\/p>\n<div id=\"attachment_37146\" style=\"width: 828px\" class=\"wp-caption aligncenter\"><a class=\"dt-single-image\" href=\"http:\/\/monta\u00f1asdelaluna.com\/wp-content\/uploads\/2017\/08\/olga-joaquin-y-luis-en-el-comedor-del-refugio-del-finsteraarhorn.jpg\" data-dt-img-description=\"\"><img loading=\"lazy\" decoding=\"async\" aria-describedby=\"caption-attachment-37146\" class=\"wp-image-37146 \" src=\"http:\/\/monta\u00f1asdelaluna.com\/wp-content\/uploads\/2017\/08\/olga-joaquin-y-luis-en-el-comedor-del-refugio-del-finsteraarhorn-1024x768.jpg\" alt=\"Olga Joaqu\u00edn y Luis en el comedor del Refugio del Finsteraarhorn\" width=\"818\" height=\"613\" srcset=\"https:\/\/www.monta\u00f1asdelaluna.es\/wp-content\/uploads\/2017\/08\/olga-joaquin-y-luis-en-el-comedor-del-refugio-del-finsteraarhorn-1024x768.jpg 1024w, https:\/\/www.monta\u00f1asdelaluna.es\/wp-content\/uploads\/2017\/08\/olga-joaquin-y-luis-en-el-comedor-del-refugio-del-finsteraarhorn-300x225.jpg 300w, https:\/\/www.monta\u00f1asdelaluna.es\/wp-content\/uploads\/2017\/08\/olga-joaquin-y-luis-en-el-comedor-del-refugio-del-finsteraarhorn.jpg 1705w\" sizes=\"auto, (max-width: 818px) 100vw, 818px\" \/><\/a><p id=\"caption-attachment-37146\" class=\"wp-caption-text\">Olga Joaqu\u00edn y Luis en el comedor del Refugio del Finsteraarhorn<\/p><\/div>\n<div id=\"attachment_37148\" style=\"width: 828px\" class=\"wp-caption aligncenter\"><a class=\"dt-single-image\" href=\"http:\/\/monta\u00f1asdelaluna.com\/wp-content\/uploads\/2017\/08\/vistas-desde-el-refugio-el-gruenhorn-en-el-centro-abajo-el-glaciar-fiesch.jpg\" data-dt-img-description=\"\"><img loading=\"lazy\" decoding=\"async\" aria-describedby=\"caption-attachment-37148\" class=\"wp-image-37148 \" src=\"http:\/\/monta\u00f1asdelaluna.com\/wp-content\/uploads\/2017\/08\/vistas-desde-el-refugio-el-gruenhorn-en-el-centro-abajo-el-glaciar-fiesch-1024x768.jpg\" alt=\"Vistas desde el refugio: el Gr\u00fcnhorn en el centro, abajo el Glaciar Fiesch\" width=\"818\" height=\"613\" srcset=\"https:\/\/www.monta\u00f1asdelaluna.es\/wp-content\/uploads\/2017\/08\/vistas-desde-el-refugio-el-gruenhorn-en-el-centro-abajo-el-glaciar-fiesch-1024x768.jpg 1024w, https:\/\/www.monta\u00f1asdelaluna.es\/wp-content\/uploads\/2017\/08\/vistas-desde-el-refugio-el-gruenhorn-en-el-centro-abajo-el-glaciar-fiesch-300x225.jpg 300w, https:\/\/www.monta\u00f1asdelaluna.es\/wp-content\/uploads\/2017\/08\/vistas-desde-el-refugio-el-gruenhorn-en-el-centro-abajo-el-glaciar-fiesch.jpg 1824w\" sizes=\"auto, (max-width: 818px) 100vw, 818px\" \/><\/a><p id=\"caption-attachment-37148\" class=\"wp-caption-text\">Vistas desde el refugio: el Gr\u00fcnhorn en el centro, abajo el Glaciar Fiesch<\/p><\/div>\n<p><span style=\"color: #0000ff;\">\u00a0\u00a0\u00a0\u00a0\u00a0 Y con toda esta informaci\u00f3n, cenados y preparados, nos vamos a dormir a eso de las 21,30-22. Pero no podr\u00e9 dormir casi nada esa noche \u00bfNervios? Tengo pesadillas despierto,<\/span> o son tan v\u00edvidas y reales que creo que estoy despierto, <span style=\"color: #0000ff;\">premoniciones sin serlo: veo una cresta larga, afilada, muy peligrosa y en varias ocasiones me precipito al vac\u00edo desde ella \u00a1\u00bfMal augurio?! No duermo, pero intento descansar\u2026 Tambi\u00e9n puede ser la ingesta de tanto t\u00e9 que nos echamos a las cantimploras en el Refugio de Konkordia en el desayuno. Como no pod\u00edamos echarnos agua y las botellas val\u00edan 12 \u20ac\u2026 <\/span><\/p>\n<div id=\"attachment_37151\" style=\"width: 1173px\" class=\"wp-caption aligncenter\"><a class=\"dt-single-image\" href=\"http:\/\/monta\u00f1asdelaluna.com\/wp-content\/uploads\/2017\/08\/atardecer-desde-el-refugio-abajo-el-glaciar-fiesch-arriba-de-derecha-a-izquierda-el-wyssnollen-fiescher-gabelhorn-picudo-schoenbuehlhorn-centro-y-el-grosses-wannenhorn-centro-izquierda.jpg\" data-dt-img-description=\"\"><img loading=\"lazy\" decoding=\"async\" aria-describedby=\"caption-attachment-37151\" class=\"wp-image-37151 \" src=\"http:\/\/monta\u00f1asdelaluna.com\/wp-content\/uploads\/2017\/08\/atardecer-desde-el-refugio-abajo-el-glaciar-fiesch-arriba-de-derecha-a-izquierda-el-wyssnollen-fiescher-gabelhorn-picudo-schoenbuehlhorn-centro-y-el-grosses-wannenhorn-centro-izquierda.jpg\" alt=\"Atardecer desde el refugio: abajo el Glaciar Fiesch, arriba de derecha a izquierda, el Wyssnollen, Fiescher Gabelhorn (picudo), Sch\u00f6nb\u00fchlhorn (centro) y el Grosses Wannenhorn (centro izquierda)\" width=\"1163\" height=\"872\" srcset=\"https:\/\/www.monta\u00f1asdelaluna.es\/wp-content\/uploads\/2017\/08\/atardecer-desde-el-refugio-abajo-el-glaciar-fiesch-arriba-de-derecha-a-izquierda-el-wyssnollen-fiescher-gabelhorn-picudo-schoenbuehlhorn-centro-y-el-grosses-wannenhorn-centro-izquierda.jpg 1824w, https:\/\/www.monta\u00f1asdelaluna.es\/wp-content\/uploads\/2017\/08\/atardecer-desde-el-refugio-abajo-el-glaciar-fiesch-arriba-de-derecha-a-izquierda-el-wyssnollen-fiescher-gabelhorn-picudo-schoenbuehlhorn-centro-y-el-grosses-wannenhorn-centro-izquierda-300x225.jpg 300w, https:\/\/www.monta\u00f1asdelaluna.es\/wp-content\/uploads\/2017\/08\/atardecer-desde-el-refugio-abajo-el-glaciar-fiesch-arriba-de-derecha-a-izquierda-el-wyssnollen-fiescher-gabelhorn-picudo-schoenbuehlhorn-centro-y-el-grosses-wannenhorn-centro-izquierda-1024x768.jpg 1024w\" sizes=\"auto, (max-width: 1163px) 100vw, 1163px\" \/><\/a><p id=\"caption-attachment-37151\" class=\"wp-caption-text\">Atardecer desde el refugio: abajo el Glaciar Fiesch, arriba de derecha a izquierda, el Wyssnollen, Fiescher Gabelhorn (picudo), Sch\u00f6nb\u00fchlhorn (centro) y el Grosses Wannenhorn (centro izquierda)<\/p><\/div>\n<p>Realmente pod\u00edan ser nervios, pero nunca hab\u00eda tenido estos extra\u00f1os sue\u00f1os que no parec\u00edan sue\u00f1os si no pasajes de una pel\u00edcula, de una vida\u2026 me hicieron pasar miedo e incluso dudar en si subir al otro d\u00eda o no. Parec\u00eda una prueba, un desaf\u00edo dentro del mismo desaf\u00edo de la monta\u00f1a; es como si me dijeran \u201c\u00bfpodr\u00e1s subir despu\u00e9s de ver tu propia muerte en esa cresta?\u201d \u00a1Muy fuerte! Pero despierto y veo que sigo en la litera del refugio, en mitad de la noche, de la madrugada, y recuerdo que la te\u00edna en alguna ocasi\u00f3n me ha afectado sin dejarme dormir, y puede que con \u201cextra\u00f1as\u201d experiencias en ese sue\u00f1o que tanto ha costado coger. Con lo que me calmo. Y sigo en mis trece, hasta que no llegue all\u00ed, no podr\u00e9 decidir si es factible para mi o no\u2026 si lo ha sido para otros, para tanta gente \u00bfPor qu\u00e9 no para m\u00ed?&#8230; La inconsciente sugesti\u00f3n ha hecho que tenga estos \u201csue\u00f1os\u201d, estos pensamientos\u2026 hay que ser como un juez imparcial, y solamente juzgar, decidir con las pruebas y experiencias experimentadas. Si pienso que la pesadilla se va haciendo realidad como si hubiera sido una premonici\u00f3n, pues marcha atr\u00e1s\u2026 \u00a1\u00bfes el destino, un aviso, advertencia\u2026?! \u00bfO solo mi loca cabeza que intenta salir de la conciencia y la realidad? No hay preocupaciones. Ma\u00f1ana nos levantaremos, desayunaremos, prepararemos y comenzaremos la ascensi\u00f3n al Finsteraarhorn\u2026 hasta su cima o hasta donde podamos \u00a1\u00a1Estamos listos!! Las pesadillas no nos har\u00e1n cambiar de parecer.<\/p>\n<div id=\"attachment_37216\" style=\"width: 1179px\" class=\"wp-caption aligncenter\"><a class=\"dt-single-image\" href=\"http:\/\/monta\u00f1asdelaluna.com\/wp-content\/uploads\/2017\/08\/Gr\u00fanhornl\u00fccke01-001.croquis.web_.jpg\" data-dt-img-description=\"\"><img loading=\"lazy\" decoding=\"async\" aria-describedby=\"caption-attachment-37216\" class=\"wp-image-37216 size-full\" src=\"http:\/\/monta\u00f1asdelaluna.com\/wp-content\/uploads\/2017\/08\/Gr\u00fanhornl\u00fccke01-001.croquis.web_.jpg\" alt=\"Gr\u00fanhornl\u00fccke01 001.croquis.web\" width=\"1169\" height=\"850\" srcset=\"https:\/\/www.monta\u00f1asdelaluna.es\/wp-content\/uploads\/2017\/08\/Gr\u00fanhornl\u00fccke01-001.croquis.web_.jpg 1169w, https:\/\/www.monta\u00f1asdelaluna.es\/wp-content\/uploads\/2017\/08\/Gr\u00fanhornl\u00fccke01-001.croquis.web_-300x218.jpg 300w, https:\/\/www.monta\u00f1asdelaluna.es\/wp-content\/uploads\/2017\/08\/Gr\u00fanhornl\u00fccke01-001.croquis.web_-1024x745.jpg 1024w\" sizes=\"auto, (max-width: 1169px) 100vw, 1169px\" \/><\/a><p id=\"caption-attachment-37216\" class=\"wp-caption-text\">Croquis del recorrido realizado entre el Refugio Konkordia y el Refugio Finsteraarhorn pasando por el collado Gr\u00fcnhornl\u00fccke. Escala 1:25.000<\/p><\/div>\n<p>[\/vc_column_text][\/vc_column][\/vc_row][vc_row][vc_column][vc_empty_space height=\u00bb60px\u00bb][\/vc_column][\/vc_row][vc_row][vc_column][vc_cta h2=\u00bb\u00c1lbum de fotos\u00bb txt_align=\u00bbcenter\u00bb add_button=\u00bbbottom\u00bb btn_title=\u00bbVer fotos\u00bb btn_color=\u00bbwarning\u00bb btn_align=\u00bbcenter\u00bb btn_link=\u00bburl:https%3A%2F%2Fmonta%C3%B1asdelaluna.es%2F%3Fdt_gallery%3D3-de-agosto-de-2-017-jueves-de-kokordia-al-finsteraarhorn-2|title:3%20de%20agosto%20de%202.017%2C%20jueves%3A%20De%20Kokordia%20al%20Finsteraarhorn|target:_blank\u00bb css=\u00bb.vc_custom_1625666423038{background-color: #8bc4ed !important;}\u00bb]Puedes ver todas las fotos del relato y actividad en forma de presentaci\u00f3n o individuales pinchando aqui \u00a1No te las pierdas![\/vc_cta][\/vc_column][\/vc_row][vc_row][vc_column][vc_empty_space height=\u00bb60px\u00bb][\/vc_column][\/vc_row][vc_row][vc_column width=\u00bb1\/6&#8243;][\/vc_column][vc_column width=\u00bb1\/3&#8243;][vc_raw_html]JTNDaWZyYW1lJTIwc3JjJTNEJTIyaHR0cHMlM0ElMkYlMkZ3d3cubWV0ZW9ibHVlLmNvbSUyRmVzJTJGdGllbXBvJTJGd2lkZ2V0JTJGZGFpbHklMkZrb25rb3JkaWFwbGF0el9zdWl6YV8xMTM5Nzg3NyUzRmdlb2xvYyUzRGZpeGVkJTI2ZGF5cyUzRDclMjZ0ZW1wdW5pdCUzRENFTFNJVVMlMjZ3aW5kdW5pdCUzREtJTE9NRVRFUl9QRVJfSE9VUiUyNnByZWNpcHVuaXQlM0RNSUxMSU1FVEVSJTI2Y29sb3VyZWQlM0Rjb2xvdXJlZCUyNnBpY3RvaWNvbiUzRDAlMjZwaWN0b2ljb24lM0QxJTI2bWF4dGVtcGVyYXR1cmUlM0QwJTI2bWF4dGVtcGVyYXR1cmUlM0QxJTI2bWludGVtcGVyYXR1cmUlM0QwJTI2bWludGVtcGVyYXR1cmUlM0QxJTI2d2luZHNwZWVkJTNEMCUyNndpbmRzcGVlZCUzRDElMjZ3aW5kZ3VzdCUzRDAlMjZ3aW5kZ3VzdCUzRDElMjZ3aW5kZGlyZWN0aW9uJTNEMCUyNndpbmRkaXJlY3Rpb24lM0QxJTI2dXYlM0QwJTI2aHVtaWRpdHklM0QwJTI2cHJlY2lwaXRhdGlvbiUzRDAlMjZwcmVjaXBpdGF0aW9uJTNEMSUyNnByZWNpcGl0YXRpb25wcm9iYWJpbGl0eSUzRDAlMjZwcmVjaXBpdGF0aW9ucHJvYmFiaWxpdHklM0QxJTI2c3BvdCUzRDAlMjZzcG90JTNEMSUyNnByZXNzdXJlJTNEMCUyNnByZXNzdXJlJTNEMSUyNmxheW91dCUzRGxpZ2h0JTIyJTIwJTIwZnJhbWVib3JkZXIlM0QlMjIwJTIyJTIwc2Nyb2xsaW5nJTNEJTIyTk8lMjIlMjBhbGxvd3RyYW5zcGFyZW5jeSUzRCUyMnRydWUlMjIlMjBzYW5kYm94JTNEJTIyYWxsb3ctc2FtZS1vcmlnaW4lMjBhbGxvdy1zY3JpcHRzJTIwYWxsb3ctcG9wdXBzJTIyJTIwc3R5bGUlM0QlMjJ3aWR0aCUzQSUyMDM3OHB4JTNCaGVpZ2h0JTNBJTIwNDE0cHglMjIlM0UlM0MlMkZpZnJhbWUlM0UlM0NkaXYlM0UlM0MlMjEtLSUyMERPJTIwTk9UJTIwUkVNT1ZFJTIwVEhJUyUyMExJTkslMjAtLSUzRSUzQ2ElMjBocmVmJTNEJTIyaHR0cHMlM0ElMkYlMkZ3d3cubWV0ZW9ibHVlLmNvbSUyRmVzJTJGdGllbXBvJTJGcHJvbm9zdGljbyUyRnNlbWFuYSUyRmtvbmtvcmRpYXBsYXR6X3N1aXphXzExMzk3ODc3JTNGdXRtX3NvdXJjZSUzRHdlYXRoZXJfd2lkZ2V0JTI2dXRtX21lZGl1bSUzRGxpbmt1cyUyNnV0bV9jb250ZW50JTNEZGFpbHklMjZ1dG1fY2FtcGFpZ24lM0RXZWF0aGVyJTI1MkJXaWRnZXQlMjIlMjB0YXJnZXQlM0QlMjJfYmxhbmslMjIlM0VtZXRlb2JsdWUlM0MlMkZhJTNFJTNDJTJGZGl2JTNF[\/vc_raw_html][\/vc_column][vc_column width=\u00bb1\/3&#8243;][vc_raw_html]JTNDaWZyYW1lJTIwc3JjJTNEJTIyaHR0cHMlM0ElMkYlMkZ3d3cubWV0ZW9ibHVlLmNvbSUyRmVzJTJGdGllbXBvJTJGd2lkZ2V0JTJGZGFpbHklMkZmaW5zdGVyYWFyaG9ybl9zdWl6YV8yNjYwNzcwJTNGZ2VvbG9jJTNEZml4ZWQlMjZkYXlzJTNENyUyNnRlbXB1bml0JTNEQ0VMU0lVUyUyNndpbmR1bml0JTNES0lMT01FVEVSX1BFUl9IT1VSJTI2cHJlY2lwdW5pdCUzRE1JTExJTUVURVIlMjZjb2xvdXJlZCUzRGNvbG91cmVkJTI2cGljdG9pY29uJTNEMCUyNnBpY3RvaWNvbiUzRDElMjZtYXh0ZW1wZXJhdHVyZSUzRDAlMjZtYXh0ZW1wZXJhdHVyZSUzRDElMjZtaW50ZW1wZXJhdHVyZSUzRDAlMjZtaW50ZW1wZXJhdHVyZSUzRDElMjZ3aW5kc3BlZWQlM0QwJTI2d2luZHNwZWVkJTNEMSUyNndpbmRndXN0JTNEMCUyNndpbmRndXN0JTNEMSUyNndpbmRkaXJlY3Rpb24lM0QwJTI2d2luZGRpcmVjdGlvbiUzRDElMjZ1diUzRDAlMjZodW1pZGl0eSUzRDAlMjZwcmVjaXBpdGF0aW9uJTNEMCUyNnByZWNpcGl0YXRpb24lM0QxJTI2cHJlY2lwaXRhdGlvbnByb2JhYmlsaXR5JTNEMCUyNnByZWNpcGl0YXRpb25wcm9iYWJpbGl0eSUzRDElMjZzcG90JTNEMCUyNnNwb3QlM0QxJTI2cHJlc3N1cmUlM0QwJTI2cHJlc3N1cmUlM0QxJTI2bGF5b3V0JTNEbGlnaHQlMjIlMjAlMjBmcmFtZWJvcmRlciUzRCUyMjAlMjIlMjBzY3JvbGxpbmclM0QlMjJOTyUyMiUyMGFsbG93dHJhbnNwYXJlbmN5JTNEJTIydHJ1ZSUyMiUyMHNhbmRib3glM0QlMjJhbGxvdy1zYW1lLW9yaWdpbiUyMGFsbG93LXNjcmlwdHMlMjBhbGxvdy1wb3B1cHMlMjIlMjBzdHlsZSUzRCUyMndpZHRoJTNBJTIwMzc4cHglM0JoZWlnaHQlM0ElMjA0MTRweCUyMiUzRSUzQyUyRmlmcmFtZSUzRSUzQ2RpdiUzRSUzQyUyMS0tJTIwRE8lMjBOT1QlMjBSRU1PVkUlMjBUSElTJTIwTElOSyUyMC0tJTNFJTNDYSUyMGhyZWYlM0QlMjJodHRwcyUzQSUyRiUyRnd3dy5tZXRlb2JsdWUuY29tJTJGZXMlMkZ0aWVtcG8lMkZwcm9ub3N0aWNvJTJGc2VtYW5hJTJGZmluc3RlcmFhcmhvcm5fc3VpemFfMjY2MDc3MCUzRnV0bV9zb3VyY2UlM0R3ZWF0aGVyX3dpZGdldCUyNnV0bV9tZWRpdW0lM0RsaW5rdXMlMjZ1dG1fY29udGVudCUzRGRhaWx5JTI2dXRtX2NhbXBhaWduJTNEV2VhdGhlciUyNTJCV2lkZ2V0JTIyJTIwdGFyZ2V0JTNEJTIyX2JsYW5rJTIyJTNFbWV0ZW9ibHVlJTNDJTJGYSUzRSUzQyUyRmRpdiUzRQ==[\/vc_raw_html][\/vc_column][vc_column width=\u00bb1\/6&#8243;][\/vc_column][\/vc_row]<\/p>\n","protected":false},"excerpt":{"rendered":"<p>[vc_row][vc_column][vc_column_text]La gente se va despertando en la habitaci\u00f3n a medida que pasan las horas de la madrugada. Nosotros nos levantaremos los \u00faltimos pensando que la etapa de hoy es corta y que ayer llegamos demasiado tarde y es mejor descansar m\u00e1s. Una pareja se levanta sin miramientos en sus \u201cruidos personales\u201d a pesar de llevar&hellip;<\/p>\n","protected":false},"author":1,"featured_media":37151,"comment_status":"open","ping_status":"open","sticky":false,"template":"","format":"standard","meta":[],"categories":[111],"tags":[],"class_list":["post-37213","post","type-post","status-publish","format-standard","has-post-thumbnail","hentry","category-finsteraarhorn-y-glaciar-aletsch","category-111","description-off"],"_links":{"self":[{"href":"https:\/\/www.monta\u00f1asdelaluna.es\/index.php?rest_route=\/wp\/v2\/posts\/37213","targetHints":{"allow":["GET"]}}],"collection":[{"href":"https:\/\/www.monta\u00f1asdelaluna.es\/index.php?rest_route=\/wp\/v2\/posts"}],"about":[{"href":"https:\/\/www.monta\u00f1asdelaluna.es\/index.php?rest_route=\/wp\/v2\/types\/post"}],"author":[{"embeddable":true,"href":"https:\/\/www.monta\u00f1asdelaluna.es\/index.php?rest_route=\/wp\/v2\/users\/1"}],"replies":[{"embeddable":true,"href":"https:\/\/www.monta\u00f1asdelaluna.es\/index.php?rest_route=%2Fwp%2Fv2%2Fcomments&post=37213"}],"version-history":[{"count":14,"href":"https:\/\/www.monta\u00f1asdelaluna.es\/index.php?rest_route=\/wp\/v2\/posts\/37213\/revisions"}],"predecessor-version":[{"id":49479,"href":"https:\/\/www.monta\u00f1asdelaluna.es\/index.php?rest_route=\/wp\/v2\/posts\/37213\/revisions\/49479"}],"wp:featuredmedia":[{"embeddable":true,"href":"https:\/\/www.monta\u00f1asdelaluna.es\/index.php?rest_route=\/wp\/v2\/media\/37151"}],"wp:attachment":[{"href":"https:\/\/www.monta\u00f1asdelaluna.es\/index.php?rest_route=%2Fwp%2Fv2%2Fmedia&parent=37213"}],"wp:term":[{"taxonomy":"category","embeddable":true,"href":"https:\/\/www.monta\u00f1asdelaluna.es\/index.php?rest_route=%2Fwp%2Fv2%2Fcategories&post=37213"},{"taxonomy":"post_tag","embeddable":true,"href":"https:\/\/www.monta\u00f1asdelaluna.es\/index.php?rest_route=%2Fwp%2Fv2%2Ftags&post=37213"}],"curies":[{"name":"wp","href":"https:\/\/api.w.org\/{rel}","templated":true}]}}