{"id":37633,"date":"2017-06-02T05:52:54","date_gmt":"2017-06-02T05:52:54","guid":{"rendered":"http:\/\/monta\u00f1asdelaluna.com\/?p=37633"},"modified":"2021-07-16T09:15:23","modified_gmt":"2021-07-16T09:15:23","slug":"el-puigmal-y-la-olla-de-nuria","status":"publish","type":"post","link":"https:\/\/www.monta\u00f1asdelaluna.es\/?p=37633","title":{"rendered":"El Puigmal y la Olla de N\u00faria"},"content":{"rendered":"<p>[vc_row][vc_column][vc_column_text]Desde hac\u00eda un tiempo que cuando hablaba de monta\u00f1as hechas en el Pirineo Catal\u00e1n, los compa\u00f1eros catalanes se asombraban al saber que a\u00fan no hab\u00eda hecho el Puigmal, el pico m\u00e1s alto de Pirineo Oriental (desde la Cerda\u00f1a al Mar Mediterr\u00e1neo), y que verdaderamente no hab\u00eda tenido ocasi\u00f3n de apuntarme u organizar una salida a dicha monta\u00f1a.<\/p>\n<p>Solo una vez lo hice hace unos a\u00f1os con vivac incluido en su cumbre, pero por aquellos entonces solo Txell se anim\u00f3 a preguntar e interesarse, pero no estaba preparada para pasar una noche a m\u00e1s de 2.900 mts. de altura, con lo que al final la actividad no sali\u00f3.<\/p>\n<p>Desde entonces no ha habido m\u00e1s ocasiones. Adem\u00e1s que la singularidad de la monta\u00f1a, los puntos de ataque a su cumbre no estaban demasiado claros para m\u00ed, como para organizar yo la salida y llevar a los participantes a dichos lugares: el m\u00e1s claro es el Santuario de N\u00faria, pero a este sitio o vas en el tren cremallera o ya ocupas media jornada en llegar desde Queralbs\u2026 y despu\u00e9s la subida al pico. El otro punto es Fontalba, pero para llegar a aqu\u00ed no lo ten\u00eda claro por lo que hab\u00eda o\u00eddo referente al estado del camino que sube al lugar desde Queralbs, con muchas curvas, pendientes y en no muy buen estado\u2026 as\u00ed que estuve descartando esta actividad, esta visita al Puigmal desde tiempo sin necesidad ni anhelo de subirlo.<\/p>\n<div id=\"attachment_37510\" style=\"width: 1034px\" class=\"wp-caption aligncenter\"><a class=\"dt-single-image\" href=\"https:\/\/www.monta\u00f1asdelaluna.es\/wp-content\/uploads\/2017\/09\/txell-y-olga-subiendo-al-puigmal-desde-fontalba-dicho-pico-arriba-a-la-derecha.jpg\" data-dt-img-description=\"\"><img loading=\"lazy\" decoding=\"async\" aria-describedby=\"caption-attachment-37510\" class=\"wp-image-37510 size-large\" src=\"https:\/\/www.monta\u00f1asdelaluna.es\/wp-content\/uploads\/2017\/09\/txell-y-olga-subiendo-al-puigmal-desde-fontalba-dicho-pico-arriba-a-la-derecha-1024x768.jpg\" alt=\"Txell y Olga subiendo al Puigmal desde Fontalba, dicho pico arriba a la derecha\" width=\"1024\" height=\"768\" srcset=\"https:\/\/www.monta\u00f1asdelaluna.es\/wp-content\/uploads\/2017\/09\/txell-y-olga-subiendo-al-puigmal-desde-fontalba-dicho-pico-arriba-a-la-derecha-1024x768.jpg 1024w, https:\/\/www.monta\u00f1asdelaluna.es\/wp-content\/uploads\/2017\/09\/txell-y-olga-subiendo-al-puigmal-desde-fontalba-dicho-pico-arriba-a-la-derecha-300x225.jpg 300w, https:\/\/www.monta\u00f1asdelaluna.es\/wp-content\/uploads\/2017\/09\/txell-y-olga-subiendo-al-puigmal-desde-fontalba-dicho-pico-arriba-a-la-derecha.jpg 1824w\" sizes=\"auto, (max-width: 1024px) 100vw, 1024px\" \/><\/a><p id=\"caption-attachment-37510\" class=\"wp-caption-text\">Txell y Olga subiendo al Puigmal desde Fontalba, dicho pico arriba a la derecha<\/p><\/div>\n<div id=\"attachment_37513\" style=\"width: 1034px\" class=\"wp-caption aligncenter\"><a class=\"dt-single-image\" href=\"https:\/\/www.monta\u00f1asdelaluna.es\/wp-content\/uploads\/2017\/09\/txell-y-detras-queda-fontalba.jpg\" data-dt-img-description=\"\"><img loading=\"lazy\" decoding=\"async\" aria-describedby=\"caption-attachment-37513\" class=\"wp-image-37513 size-large\" src=\"https:\/\/www.monta\u00f1asdelaluna.es\/wp-content\/uploads\/2017\/09\/txell-y-detras-queda-fontalba-1024x768.jpg\" alt=\"Txell y detr\u00e1s queda Fontalba\" width=\"1024\" height=\"768\" srcset=\"https:\/\/www.monta\u00f1asdelaluna.es\/wp-content\/uploads\/2017\/09\/txell-y-detras-queda-fontalba-1024x768.jpg 1024w, https:\/\/www.monta\u00f1asdelaluna.es\/wp-content\/uploads\/2017\/09\/txell-y-detras-queda-fontalba-300x225.jpg 300w, https:\/\/www.monta\u00f1asdelaluna.es\/wp-content\/uploads\/2017\/09\/txell-y-detras-queda-fontalba.jpg 1824w\" sizes=\"auto, (max-width: 1024px) 100vw, 1024px\" \/><\/a><p id=\"caption-attachment-37513\" class=\"wp-caption-text\">Txell y detr\u00e1s queda Fontalba<\/p><\/div>\n<p>Hasta que este pasado mes de junio Txell y Olga estaban preparando una salida con noche incluida en la monta\u00f1a y todo. Una de las opciones, de las 2 opciones era hacer la Olla de N\u00faria, todos los picos que rodean la caldera, el valle en forma de circo doble, donde se ubica, en la parte m\u00e1s baja, el Santuario de N\u00faria. \u00c9sta me pareci\u00f3 la mejor actividad ya que dormir\u00edamos en la cima del Puigmal haciendo una marcha casi nocturna hasta ella el s\u00e1bado, y acabando el domingo haciendo el resto de picos de la Olla. Al final optamos por \u00e9sta y el pasado fin de semana 17 y 18 de junio salimos s\u00e1bado por la tarde los tres en busca de Fontalba y las pendientes del Puigmal. Aunque a\u00fan quedaran d\u00edas hasta la expedici\u00f3n a los Alpes suizos de este verano, esta salida con un recorrido y noche en altura, nos podr\u00eda servir como entrenamiento, aclimataci\u00f3n\u2026 un poco de todo\u2026 y parece que sus efectos fueron buenos y esperados.<\/p>\n<p>Conduciendo Txell su furgoneta desde Queralbs en busca de el alto punto de Fontalba, el camino parec\u00eda que no tuviera fin, adem\u00e1s de estar algo escabroso y empinado en muchas ocasiones. El desnivel salvado entre la poblaci\u00f3n y el collado, el lugar de Fontalba, es considerable. No s\u00e9 si el Ford C-Max hubiera podido hacerlo sin quemar el embrague.<\/p>\n<div id=\"attachment_37517\" style=\"width: 1034px\" class=\"wp-caption aligncenter\"><a class=\"dt-single-image\" href=\"https:\/\/www.monta\u00f1asdelaluna.es\/wp-content\/uploads\/2017\/09\/txell-ya-de-noche-subiendo-al-puigmal.jpg\" data-dt-img-description=\"\"><img loading=\"lazy\" decoding=\"async\" aria-describedby=\"caption-attachment-37517\" class=\"wp-image-37517 size-large\" src=\"https:\/\/www.monta\u00f1asdelaluna.es\/wp-content\/uploads\/2017\/09\/txell-ya-de-noche-subiendo-al-puigmal-1024x768.jpg\" alt=\"Txell ya de noche subiendo al Puigmal\" width=\"1024\" height=\"768\" srcset=\"https:\/\/www.monta\u00f1asdelaluna.es\/wp-content\/uploads\/2017\/09\/txell-ya-de-noche-subiendo-al-puigmal-1024x768.jpg 1024w, https:\/\/www.monta\u00f1asdelaluna.es\/wp-content\/uploads\/2017\/09\/txell-ya-de-noche-subiendo-al-puigmal-300x225.jpg 300w, https:\/\/www.monta\u00f1asdelaluna.es\/wp-content\/uploads\/2017\/09\/txell-ya-de-noche-subiendo-al-puigmal.jpg 1824w\" sizes=\"auto, (max-width: 1024px) 100vw, 1024px\" \/><\/a><p id=\"caption-attachment-37517\" class=\"wp-caption-text\">Txell ya de noche subiendo al Puigmal<\/p><\/div>\n<div id=\"attachment_37519\" style=\"width: 1034px\" class=\"wp-caption aligncenter\"><a class=\"dt-single-image\" href=\"https:\/\/www.monta\u00f1asdelaluna.es\/wp-content\/uploads\/2017\/09\/luces-en-los-pueblos-de-la-cerdana.jpg\" data-dt-img-description=\"\"><img loading=\"lazy\" decoding=\"async\" aria-describedby=\"caption-attachment-37519\" class=\"wp-image-37519 size-large\" src=\"https:\/\/www.monta\u00f1asdelaluna.es\/wp-content\/uploads\/2017\/09\/luces-en-los-pueblos-de-la-cerdana-1024x768.jpg\" alt=\"Luces en los pueblos de La Cerda\u00f1a\" width=\"1024\" height=\"768\" srcset=\"https:\/\/www.monta\u00f1asdelaluna.es\/wp-content\/uploads\/2017\/09\/luces-en-los-pueblos-de-la-cerdana-1024x768.jpg 1024w, https:\/\/www.monta\u00f1asdelaluna.es\/wp-content\/uploads\/2017\/09\/luces-en-los-pueblos-de-la-cerdana-300x225.jpg 300w\" sizes=\"auto, (max-width: 1024px) 100vw, 1024px\" \/><\/a><p id=\"caption-attachment-37519\" class=\"wp-caption-text\">Luces en los pueblos de La Cerda\u00f1a<\/p><\/div>\n<p>Pasadas las 8 de la tarde del s\u00e1bado 17 de junio llegamos a la parte m\u00e1s alta de la pista, a un parking en una especie de alto collado, un lugar medio plano al cual llaman Fontalba. Estamos a 2.070 metros. El d\u00eda va camino de su fin oscureciendo el cielo con la inminente ca\u00edda de la noche. Nos preparamos las mochilas y equipamos para realizar la traves\u00eda, la marcha, hoy, subir hasta la cima de Puigmal, con un desnivel de poco m\u00e1s de 800 metros entre 2 o 3 horas de tiempo. Se nos hace tarde. El calor de abajo no llega tanto aqu\u00ed arriba, adem\u00e1s de por la altura.<\/p>\n<p>A las 20,50 horas salimos en busca del Puigmal, el cual vemos mirando hacia el noroeste, alto, redondeado, con algunos neveros que a\u00fan se resisten a desaparecer, derretirse por el incansable cercano sol del verano. La subida o el camino a seguir es f\u00e1cil e imperdible: solo hay que seguir la bien marcada en la tierra senda que sigue la subida de la loma, de la ladera que queda a la izquierda desde el mismo Collado de Fontalba. Esta senda sigue en direcci\u00f3n oeste mientras va cogiendo altura, girando hacia el norte en busca de la base del Puigmal. No tiene p\u00e9rdida pero no ser\u00e1 corto.<\/p>\n<div id=\"attachment_37520\" style=\"width: 1034px\" class=\"wp-caption aligncenter\"><a class=\"dt-single-image\" href=\"https:\/\/www.monta\u00f1asdelaluna.es\/wp-content\/uploads\/2017\/09\/joaquin-en-la-cima-del-puigmal-2-911-mts.jpg\" data-dt-img-description=\"\"><img loading=\"lazy\" decoding=\"async\" aria-describedby=\"caption-attachment-37520\" class=\"wp-image-37520 size-large\" src=\"https:\/\/www.monta\u00f1asdelaluna.es\/wp-content\/uploads\/2017\/09\/joaquin-en-la-cima-del-puigmal-2-911-mts-1024x768.jpg\" alt=\"Joaqu\u00edn en la cima del Puigmal, 2.911 mts.\" width=\"1024\" height=\"768\" srcset=\"https:\/\/www.monta\u00f1asdelaluna.es\/wp-content\/uploads\/2017\/09\/joaquin-en-la-cima-del-puigmal-2-911-mts-1024x768.jpg 1024w, https:\/\/www.monta\u00f1asdelaluna.es\/wp-content\/uploads\/2017\/09\/joaquin-en-la-cima-del-puigmal-2-911-mts-300x225.jpg 300w\" sizes=\"auto, (max-width: 1024px) 100vw, 1024px\" \/><\/a><p id=\"caption-attachment-37520\" class=\"wp-caption-text\">Joaqu\u00edn en la cima del Puigmal, 2.911 mts.<\/p><\/div>\n<div id=\"attachment_37521\" style=\"width: 1034px\" class=\"wp-caption aligncenter\"><a class=\"dt-single-image\" href=\"https:\/\/www.monta\u00f1asdelaluna.es\/wp-content\/uploads\/2017\/09\/txell-y-olga-despertando-del-vivac-en-la-cima-del-puigmal-2-911-mts.jpg\" data-dt-img-description=\"\"><img loading=\"lazy\" decoding=\"async\" aria-describedby=\"caption-attachment-37521\" class=\"wp-image-37521 size-large\" src=\"https:\/\/www.monta\u00f1asdelaluna.es\/wp-content\/uploads\/2017\/09\/txell-y-olga-despertando-del-vivac-en-la-cima-del-puigmal-2-911-mts-1024x768.jpg\" alt=\"Txell y Olga despertando del vivac en la cima del Puigmal, 2.911 mts.\" width=\"1024\" height=\"768\" srcset=\"https:\/\/www.monta\u00f1asdelaluna.es\/wp-content\/uploads\/2017\/09\/txell-y-olga-despertando-del-vivac-en-la-cima-del-puigmal-2-911-mts-1024x768.jpg 1024w, https:\/\/www.monta\u00f1asdelaluna.es\/wp-content\/uploads\/2017\/09\/txell-y-olga-despertando-del-vivac-en-la-cima-del-puigmal-2-911-mts-300x225.jpg 300w, https:\/\/www.monta\u00f1asdelaluna.es\/wp-content\/uploads\/2017\/09\/txell-y-olga-despertando-del-vivac-en-la-cima-del-puigmal-2-911-mts.jpg 1824w\" sizes=\"auto, (max-width: 1024px) 100vw, 1024px\" \/><\/a><p id=\"caption-attachment-37521\" class=\"wp-caption-text\">Txell y Olga despertando del vivac en la cima del Puigmal, 2.911 mts.<\/p><\/div>\n<p>Mientras la luz del sol va decayendo y la noche va invadiendo al d\u00eda, la oscuridad hace su juego con la monta\u00f1a y la vistas, el paisaje. A la derecha, casi detr\u00e1s, y all\u00e1 abajo quedar\u00e1 el valle, la olla del Santuario de N\u00faria, pero el resto de paisajes, sobre todo al oeste y norte, quedar\u00e1 tapada por los perfiles de la misma monta\u00f1a. Hac\u00eda el sur a\u00fan observamos y admiramos el paisaje, como acaban las monta\u00f1as del Prepirineo y comienzan las nieblas del interior de Catalu\u00f1a.<\/p>\n<p>Hemos visto un grupo de gente con ropas de correr muy deportivas que sal\u00edan en busca del Puigmal poco despu\u00e9s de llegar nosotros a Fontalba; y llegados a un punto casi en la oscuridad de la noche, los vemos bajar, corriendo siempre. Ser\u00e1 la nota predominante en esta marcha, en esta traves\u00eda: ver correr a gente de un lado para otro como entren\u00e1ndose para esas carreras de monta\u00f1a.<\/p>\n<p>Ya es noche cerrada. Nos reagrupamos justo en la base de la \u00faltima subida al Puigmal. Encendemos los frontales por que la oscuridad es total y no quiero perder de vista a las chicas, ni que ellas me pierdan de vista a m\u00ed. Esta \u00faltima subida es algo escabrosa pero se distingue la direcci\u00f3n y marcas del terreno a seguir hacia la cima. Voy el primero. Llego a un punto que ya solo queda caminar por un falso llano cimero en mitad de la oscuridad de esta noche cerrada. Apago el frontal y espero a las chicas que lleguen hasta el punto en que me encuentro. Pronto nos reunimos y en pocos pasos m\u00e1s llegamos a la cima del Puigmal.<\/p>\n<div id=\"attachment_37527\" style=\"width: 1034px\" class=\"wp-caption aligncenter\"><a class=\"dt-single-image\" href=\"https:\/\/www.monta\u00f1asdelaluna.es\/wp-content\/uploads\/2017\/09\/olga-txell-y-joaquin-en-la-cima-del-puigmal-2-911-mts.jpg\" data-dt-img-description=\"\"><img loading=\"lazy\" decoding=\"async\" aria-describedby=\"caption-attachment-37527\" class=\"wp-image-37527 size-large\" src=\"https:\/\/www.monta\u00f1asdelaluna.es\/wp-content\/uploads\/2017\/09\/olga-txell-y-joaquin-en-la-cima-del-puigmal-2-911-mts-1024x768.jpg\" alt=\"Olga, Txell y Joaqu\u00edn en la cima del Puigmal, 2.911 mts.\" width=\"1024\" height=\"768\" srcset=\"https:\/\/www.monta\u00f1asdelaluna.es\/wp-content\/uploads\/2017\/09\/olga-txell-y-joaquin-en-la-cima-del-puigmal-2-911-mts-1024x768.jpg 1024w, https:\/\/www.monta\u00f1asdelaluna.es\/wp-content\/uploads\/2017\/09\/olga-txell-y-joaquin-en-la-cima-del-puigmal-2-911-mts-300x225.jpg 300w, https:\/\/www.monta\u00f1asdelaluna.es\/wp-content\/uploads\/2017\/09\/olga-txell-y-joaquin-en-la-cima-del-puigmal-2-911-mts.jpg 1824w\" sizes=\"auto, (max-width: 1024px) 100vw, 1024px\" \/><\/a><p id=\"caption-attachment-37527\" class=\"wp-caption-text\">Olga, Txell y Joaqu\u00edn en la cima del Puigmal, 2.911 mts.<\/p><\/div>\n<div id=\"attachment_37529\" style=\"width: 1034px\" class=\"wp-caption aligncenter\"><a class=\"dt-single-image\" href=\"https:\/\/www.monta\u00f1asdelaluna.es\/wp-content\/uploads\/2017\/09\/olga-y-txell-bajando-del-puigmal-delante-el-puigmal-de-llo-a-la-izquierda-el-puigmal-petit-de-segre-en-el-centro-y-el-puigmal-de-segre-a-la-derecha.jpg\" data-dt-img-description=\"\"><img loading=\"lazy\" decoding=\"async\" aria-describedby=\"caption-attachment-37529\" class=\"wp-image-37529 size-large\" src=\"https:\/\/www.monta\u00f1asdelaluna.es\/wp-content\/uploads\/2017\/09\/olga-y-txell-bajando-del-puigmal-delante-el-puigmal-de-llo-a-la-izquierda-el-puigmal-petit-de-segre-en-el-centro-y-el-puigmal-de-segre-a-la-derecha-1024x768.jpg\" alt=\"Olga y Txell bajando del Puigmal, delante el Puigmal de Llo a la izquierda, el Puigmal Petit de Segre en el centro y el Puigmal de Segre a la derecha\" width=\"1024\" height=\"768\" srcset=\"https:\/\/www.monta\u00f1asdelaluna.es\/wp-content\/uploads\/2017\/09\/olga-y-txell-bajando-del-puigmal-delante-el-puigmal-de-llo-a-la-izquierda-el-puigmal-petit-de-segre-en-el-centro-y-el-puigmal-de-segre-a-la-derecha-1024x768.jpg 1024w, https:\/\/www.monta\u00f1asdelaluna.es\/wp-content\/uploads\/2017\/09\/olga-y-txell-bajando-del-puigmal-delante-el-puigmal-de-llo-a-la-izquierda-el-puigmal-petit-de-segre-en-el-centro-y-el-puigmal-de-segre-a-la-derecha-300x225.jpg 300w, https:\/\/www.monta\u00f1asdelaluna.es\/wp-content\/uploads\/2017\/09\/olga-y-txell-bajando-del-puigmal-delante-el-puigmal-de-llo-a-la-izquierda-el-puigmal-petit-de-segre-en-el-centro-y-el-puigmal-de-segre-a-la-derecha.jpg 1824w\" sizes=\"auto, (max-width: 1024px) 100vw, 1024px\" \/><\/a><p id=\"caption-attachment-37529\" class=\"wp-caption-text\">Olga y Txell bajando del Puigmal, delante el Puigmal de Llo a la izquierda, el Puigmal Petit de Segre en el centro y el Puigmal de Segre a la derecha<\/p><\/div>\n<p>Casi, casi que hasta que no nos topamos con la cruz, no llegamos a ver, a pisar la cima del Puigmal\u2026 es tal la oscuridad de esta noche cerrada\u2026 Estamos a 2.911 metros, en la redondeada y suave cima, pero pedregosa y rocosa, es el punto m\u00e1s alto del Pirineo Oriental desde La Cerda\u00f1a hasta el Mar Mediterr\u00e1neo, y nuestra primera cima en esta traves\u00eda en la Olla de N\u00faria. Son las 23,05 horas. Hemos tardado 2 horas y cuarto. Muy buena marcha. Ahora a buscar un sitio, un abrigo, un vivac donde pasar la noche, cenar\u2026 hace algo de viento, fr\u00edo \u00bfser\u00e1 el Torb que nos querr\u00e1 acompa\u00f1ar ma\u00f1ana en la traves\u00eda? Por suerte justo en la cima no hace tanto viento. Fotos oscuras de cumbre, fotos hacia las luces de los pueblos de la Cerda\u00f1a justo al otro lado de la cima por la que hemos aparecido.<\/p>\n<p>La noche ha ido medio bien: con piedras en los ri\u00f1ones (por fuera) y descubriendo que mi aislante nuevo inflable no me cubre las piernas \u00a1Parece de ni\u00f1o! Pero por suerte no lo necesito m\u00e1s grande, en esta ocasi\u00f3n. El sol hace tiempo que ha salido pero no queremos movernos, es muy temprano. Pero al final salimos de nuestros sacos y nos desperezamos. Observo que otra pareja de monta\u00f1eros han pasado la noche en otro vivac al sur de la cima; nosotros est\u00e1bamos casi en el camino de llegada a la misma pocos metros m\u00e1s abajo.<\/p>\n<div id=\"attachment_37534\" style=\"width: 1034px\" class=\"wp-caption aligncenter\"><a class=\"dt-single-image\" href=\"https:\/\/www.monta\u00f1asdelaluna.es\/wp-content\/uploads\/2017\/09\/puigmal-petit-de-segre-a-la-izquierda-y-el-puigmal-de-segre-a-la-derecha.jpg\" data-dt-img-description=\"\"><img loading=\"lazy\" decoding=\"async\" aria-describedby=\"caption-attachment-37534\" class=\"wp-image-37534 size-large\" src=\"https:\/\/www.monta\u00f1asdelaluna.es\/wp-content\/uploads\/2017\/09\/puigmal-petit-de-segre-a-la-izquierda-y-el-puigmal-de-segre-a-la-derecha-1024x768.jpg\" alt=\"Puigmal Petit de Segre a la izquierda y el Puigmal de Segre a la derecha\" width=\"1024\" height=\"768\" srcset=\"https:\/\/www.monta\u00f1asdelaluna.es\/wp-content\/uploads\/2017\/09\/puigmal-petit-de-segre-a-la-izquierda-y-el-puigmal-de-segre-a-la-derecha-1024x768.jpg 1024w, https:\/\/www.monta\u00f1asdelaluna.es\/wp-content\/uploads\/2017\/09\/puigmal-petit-de-segre-a-la-izquierda-y-el-puigmal-de-segre-a-la-derecha-300x225.jpg 300w, https:\/\/www.monta\u00f1asdelaluna.es\/wp-content\/uploads\/2017\/09\/puigmal-petit-de-segre-a-la-izquierda-y-el-puigmal-de-segre-a-la-derecha.jpg 1824w\" sizes=\"auto, (max-width: 1024px) 100vw, 1024px\" \/><\/a><p id=\"caption-attachment-37534\" class=\"wp-caption-text\">Puigmal Petit de Segre a la izquierda y el Puigmal de Segre a la derecha<\/p><\/div>\n<div id=\"attachment_37536\" style=\"width: 1034px\" class=\"wp-caption aligncenter\"><a class=\"dt-single-image\" href=\"https:\/\/www.monta\u00f1asdelaluna.es\/wp-content\/uploads\/2017\/09\/desde-el-puigmal-petit-de-segre-el-puigmal-de-llo-detras-la-cerdana.jpg\" data-dt-img-description=\"\"><img loading=\"lazy\" decoding=\"async\" aria-describedby=\"caption-attachment-37536\" class=\"wp-image-37536 size-large\" src=\"https:\/\/www.monta\u00f1asdelaluna.es\/wp-content\/uploads\/2017\/09\/desde-el-puigmal-petit-de-segre-el-puigmal-de-llo-detras-la-cerdana-1024x768.jpg\" alt=\"Desde el Puigmal Petit de Segre, el Puigmal de LLo, detr\u00e1s La Cerda\u00f1a\" width=\"1024\" height=\"768\" srcset=\"https:\/\/www.monta\u00f1asdelaluna.es\/wp-content\/uploads\/2017\/09\/desde-el-puigmal-petit-de-segre-el-puigmal-de-llo-detras-la-cerdana-1024x768.jpg 1024w, https:\/\/www.monta\u00f1asdelaluna.es\/wp-content\/uploads\/2017\/09\/desde-el-puigmal-petit-de-segre-el-puigmal-de-llo-detras-la-cerdana-300x225.jpg 300w, https:\/\/www.monta\u00f1asdelaluna.es\/wp-content\/uploads\/2017\/09\/desde-el-puigmal-petit-de-segre-el-puigmal-de-llo-detras-la-cerdana.jpg 1824w\" sizes=\"auto, (max-width: 1024px) 100vw, 1024px\" \/><\/a><p id=\"caption-attachment-37536\" class=\"wp-caption-text\">Desde el Puigmal Petit de Segre, el Puigmal de LLo, detr\u00e1s La Cerda\u00f1a<\/p><\/div>\n<p>Mientras desayunamos, guardamos sacos y rehacemos mochilas, llegan monta\u00f1eros muy madrugadores a la cima. Uno de ellos parece oriundo de la zona, ya que sube con ropas nadas monta\u00f1eras, zapatillas y un hablar cerrado muy catal\u00e1n\u2026 nos explica por donde bajar de la cima para seguir la cresta, loma cimera de picos que rodean la Olla de N\u00faria. Es un curioso y simp\u00e1tico personaje. Y le hacemos caso. Nos hacemos la foto (esta vez de d\u00eda) de cima en la cruz y cumbre del Puigmal, y emprendemos la marcha girando hac\u00eda el noroeste desde la cima, sin confundir las sendas que, al norte y noroeste, bajan al Santuario de N\u00faria. El d\u00eda es muy bueno, soleado, ni una nube, ni viento\u2026 igual nos achicharramos con tanto sol. Aunque por suerte la brisilla de altura nos aliviar\u00e1 a mitad de ma\u00f1ana mientras caminamos por las alturas.<\/p>\n<p>Hemos salido a eso de las 08,45 de la ma\u00f1ana de la cima del Puigmal. Seguimos hacia el norte por la rocosa ladera norte del Puigmal buscando perfiles y el cordal cimero que recorreremos para realizar la traves\u00eda. Persisten algunos neveros que atravesamos sin problemas, es para hacer m\u00e1s bonita la marcha, y en seguida llegamos a la base del Puigmal en su norte donde se horizontaliza la loma cimera.<\/p>\n<div id=\"attachment_37537\" style=\"width: 1034px\" class=\"wp-caption aligncenter\"><a class=\"dt-single-image\" href=\"https:\/\/www.monta\u00f1asdelaluna.es\/wp-content\/uploads\/2017\/09\/IMG_4045.jpg\" data-dt-img-description=\"\"><img loading=\"lazy\" decoding=\"async\" aria-describedby=\"caption-attachment-37537\" class=\"wp-image-37537 size-large\" src=\"https:\/\/www.monta\u00f1asdelaluna.es\/wp-content\/uploads\/2017\/09\/IMG_4045-1024x768.jpg\" alt=\"Txell, Olga y Joaqu\u00edn en la cima del Puigmal Petit de Segre, 2.810 mts.\" width=\"1024\" height=\"768\" srcset=\"https:\/\/www.monta\u00f1asdelaluna.es\/wp-content\/uploads\/2017\/09\/IMG_4045-1024x768.jpg 1024w, https:\/\/www.monta\u00f1asdelaluna.es\/wp-content\/uploads\/2017\/09\/IMG_4045-300x225.jpg 300w, https:\/\/www.monta\u00f1asdelaluna.es\/wp-content\/uploads\/2017\/09\/IMG_4045.jpg 1824w\" sizes=\"auto, (max-width: 1024px) 100vw, 1024px\" \/><\/a><p id=\"caption-attachment-37537\" class=\"wp-caption-text\">Txell, Olga y Joaqu\u00edn en la cima del Puigmal Petit de Segre, 2.810 mts.<\/p><\/div>\n<div id=\"attachment_37539\" style=\"width: 1034px\" class=\"wp-caption aligncenter\"><a class=\"dt-single-image\" href=\"https:\/\/www.monta\u00f1asdelaluna.es\/wp-content\/uploads\/2017\/09\/vistas-hacia-la-cerdana-francesa-con-el-pic-carlit-a-la-izquierda-los-peric-a-la-derecha.jpg\" data-dt-img-description=\"\"><img loading=\"lazy\" decoding=\"async\" aria-describedby=\"caption-attachment-37539\" class=\"wp-image-37539 size-large\" src=\"https:\/\/www.monta\u00f1asdelaluna.es\/wp-content\/uploads\/2017\/09\/vistas-hacia-la-cerdana-francesa-con-el-pic-carlit-a-la-izquierda-los-peric-a-la-derecha-1024x768.jpg\" alt=\"Vistas hacia La Cerda\u00f1a francesa, con el Pic Carlit a la izquierda los Peric a la derecha\" width=\"1024\" height=\"768\" srcset=\"https:\/\/www.monta\u00f1asdelaluna.es\/wp-content\/uploads\/2017\/09\/vistas-hacia-la-cerdana-francesa-con-el-pic-carlit-a-la-izquierda-los-peric-a-la-derecha-1024x768.jpg 1024w, https:\/\/www.monta\u00f1asdelaluna.es\/wp-content\/uploads\/2017\/09\/vistas-hacia-la-cerdana-francesa-con-el-pic-carlit-a-la-izquierda-los-peric-a-la-derecha-300x225.jpg 300w, https:\/\/www.monta\u00f1asdelaluna.es\/wp-content\/uploads\/2017\/09\/vistas-hacia-la-cerdana-francesa-con-el-pic-carlit-a-la-izquierda-los-peric-a-la-derecha.jpg 1824w\" sizes=\"auto, (max-width: 1024px) 100vw, 1024px\" \/><\/a><p id=\"caption-attachment-37539\" class=\"wp-caption-text\">Vistas hacia La Cerda\u00f1a francesa, con el Pic Carlit a la izquierda los Peric a la derecha<\/p><\/div>\n<p>Delante nuestro tenemos un tric\u00e9falo con la loma cimera en el centro: el Puigmal de Llo a la izquierda (ya en Francia), el Puigmal Petit de Segre en el centro y el Puigmal de Segre a la derecha el m\u00e1s alto de los 3. Debemos subir hasta el Puigmal Petit de Segre y seguidamente girar, sin dejar la loma cimera, hasta el Puigmal de Segre a 2.843 mts. Aunque el Puigmal de Llo aparece casi solitario y tractivo a la izquierda, es un pico que ni pasamos cerca; eso s\u00ed, lo fotografiamos y admiramos desde la distancia del cercano Puigmal Petit de Segre. Estamos en la cima del Puigmal Petit de Segre, 2.810 mts., el segundo pico del d\u00eda en la traves\u00eda por las cumbres de la Olla de N\u00faria. Es una cima algo desatinada ya que piensas que la cima principal es la primera que te encuentras, pero luego descubres que est\u00e1 al otro lado del alargado promontorio que forma la cumbre con direcci\u00f3n norte-sur.[vc_separator][\/vc_column_text][\/vc_column][\/vc_row][vc_row][vc_column][vc_empty_space][\/vc_column][\/vc_row][vc_row][vc_column][vc_video link=\u00bbhttps:\/\/vimeo.com\/233779454#t=0s\u00bb title=\u00bbComenzamos la Olla de N\u00faria\u00bb][\/vc_column][\/vc_row][vc_row][vc_column][vc_empty_space][\/vc_column][\/vc_row][vc_row][vc_column][vc_column_text]Seguida y despu\u00e9s de un colladito est\u00e1 la subidita por una ladera con algo de inclinaci\u00f3n final, la cima del Puigmal de Segre de 2.843 mts. Aqu\u00ed hemos girado y hemos llevado direcci\u00f3n este, entre las dos cimas del Segre. Llego el primero y me encuentro a un monta\u00f1ero que lleva un mapa Alpina y me pregunta por ciertas cimas y lugares. Al final le pido permiso para hacerle unas fotos a su mapa porque me vuelvo loco el subir tanto pico y no conocer sus nombres. Ni Txell, ni Olga ni yo hemos tra\u00eddo mapa esta vez. La verdad es que es tan orientativa la marcha, que hab\u00edamos pensado en que no hac\u00eda falta el nombrado mapa\u2026 pero claro, otra cosa era conocer los nombres de los muchos picos que \u00edbamos a subir\u2026 y eso hab\u00eda que saberlo para nuestro conocimiento.<\/p>\n<p>Txell y Olga llegan enseguida. Nos hacemos la foto de cumbre, la tercera cumbre. La anterior casi nos la pasamos sin hacernos la foto, pensando que podr\u00eda ser una cota inferior y no tener ni nombre, pero nada de eso\u2026 en todos los piquitos con nombre nos haremos una foto de cima y los contaremos dentro del listado de las cumbres que rodean la Olla de N\u00faria. Hemos llegado a las 09,45 horas. Debemos seguir.<\/p>\n<div id=\"attachment_37541\" style=\"width: 1034px\" class=\"wp-caption aligncenter\"><a class=\"dt-single-image\" href=\"https:\/\/www.monta\u00f1asdelaluna.es\/wp-content\/uploads\/2017\/09\/txell-llegando-a-la-cima-del-puigmal-de-segre-2-843-mts-justo-detras-el-puigmal.jpg\" data-dt-img-description=\"\"><img loading=\"lazy\" decoding=\"async\" aria-describedby=\"caption-attachment-37541\" class=\"wp-image-37541 size-large\" src=\"https:\/\/www.monta\u00f1asdelaluna.es\/wp-content\/uploads\/2017\/09\/txell-llegando-a-la-cima-del-puigmal-de-segre-2-843-mts-justo-detras-el-puigmal-1024x768.jpg\" alt=\"Txell llegando a la cima del Puigmal de Segre, 2.843 mts., justo detr\u00e1s el Puigmal\" width=\"1024\" height=\"768\" srcset=\"https:\/\/www.monta\u00f1asdelaluna.es\/wp-content\/uploads\/2017\/09\/txell-llegando-a-la-cima-del-puigmal-de-segre-2-843-mts-justo-detras-el-puigmal-1024x768.jpg 1024w, https:\/\/www.monta\u00f1asdelaluna.es\/wp-content\/uploads\/2017\/09\/txell-llegando-a-la-cima-del-puigmal-de-segre-2-843-mts-justo-detras-el-puigmal-300x225.jpg 300w, https:\/\/www.monta\u00f1asdelaluna.es\/wp-content\/uploads\/2017\/09\/txell-llegando-a-la-cima-del-puigmal-de-segre-2-843-mts-justo-detras-el-puigmal.jpg 1824w\" sizes=\"auto, (max-width: 1024px) 100vw, 1024px\" \/><\/a><p id=\"caption-attachment-37541\" class=\"wp-caption-text\">Txell llegando a la cima del Puigmal de Segre, 2.843 mts., justo detr\u00e1s el Puigmal<\/p><\/div>\n<div id=\"attachment_37543\" style=\"width: 1034px\" class=\"wp-caption aligncenter\"><a class=\"dt-single-image\" href=\"https:\/\/www.monta\u00f1asdelaluna.es\/wp-content\/uploads\/2017\/09\/joaquin-olga-y-txell-en-la-cima-del-puigmal-de-segre-2-843-mts-detras-a-la-derecha-el-puigmal-de-llo-y-a-la-izquierda-el-petit-puigmal-de-segre.jpg\" data-dt-img-description=\"\"><img loading=\"lazy\" decoding=\"async\" aria-describedby=\"caption-attachment-37543\" class=\"wp-image-37543 size-large\" src=\"https:\/\/www.monta\u00f1asdelaluna.es\/wp-content\/uploads\/2017\/09\/joaquin-olga-y-txell-en-la-cima-del-puigmal-de-segre-2-843-mts-detras-a-la-derecha-el-puigmal-de-llo-y-a-la-izquierda-el-petit-puigmal-de-segre-1024x768.jpg\" alt=\"Joaqu\u00edn, Olga y Txell en la cima del Puigmal de Segre, 2.843 mts., detr\u00e1s a la derecha el Puigmal de Llo, y a la izquierda el Petit Puigmal de Segre\" width=\"1024\" height=\"768\" srcset=\"https:\/\/www.monta\u00f1asdelaluna.es\/wp-content\/uploads\/2017\/09\/joaquin-olga-y-txell-en-la-cima-del-puigmal-de-segre-2-843-mts-detras-a-la-derecha-el-puigmal-de-llo-y-a-la-izquierda-el-petit-puigmal-de-segre-1024x768.jpg 1024w, https:\/\/www.monta\u00f1asdelaluna.es\/wp-content\/uploads\/2017\/09\/joaquin-olga-y-txell-en-la-cima-del-puigmal-de-segre-2-843-mts-detras-a-la-derecha-el-puigmal-de-llo-y-a-la-izquierda-el-petit-puigmal-de-segre-300x225.jpg 300w, https:\/\/www.monta\u00f1asdelaluna.es\/wp-content\/uploads\/2017\/09\/joaquin-olga-y-txell-en-la-cima-del-puigmal-de-segre-2-843-mts-detras-a-la-derecha-el-puigmal-de-llo-y-a-la-izquierda-el-petit-puigmal-de-segre.jpg 1824w\" sizes=\"auto, (max-width: 1024px) 100vw, 1024px\" \/><\/a><p id=\"caption-attachment-37543\" class=\"wp-caption-text\">Joaqu\u00edn, Olga y Txell en la cima del Puigmal de Segre, 2.843 mts., detr\u00e1s a la derecha el Puigmal de Llo, y a la izquierda el Petit Puigmal de Segre<\/p><\/div>\n<p>El d\u00eda ya comienza a calentar con este sol privado de menos atmosfera para protegernos de sus rayos y quemaduras. No hay nubes y la visibilidad es aceptable. Observamos como otros monta\u00f1eros, corredores de monta\u00f1as han aprovechado el d\u00eda para entrenarse en esta Olla de N\u00faria\u2026 que tambi\u00e9n d\u00e1 nombre a un Trail, una carrera, una actividad\u2026 A la izquierda iremos admirando el paisaje de La Cerda\u00f1a con ese profundo, alto y amplio valle entre Pirineos, mientras que a la derecha unas veces s\u00ed y otras no, le iremos dando la vuelta a la imagen del edificio del Santuario de N\u00faria: primero lo veremos por su lado oeste, despu\u00e9s el norte y acabaremos viendo su lado este cuando nos acerquemos el mismo despu\u00e9s de bajar de las monta\u00f1as\u2026 incluso el suroeste desde el Puigmal, Fontalba y el sureste justo en la bajada del Pic de l\u2019\u00c0liga.<\/p>\n<p>Ahora seguimos por una larga bajada en direcci\u00f3n norte con la mirada puesta en un pico redondeado pero imponente y sobresaliente: el Pic de Finestrelles. Es una larga bajada por una senda muy bien marcada que llega hasta el punto m\u00e1s bajo entre el Puigmal de Segre y el nombrado pico, el Coll de Finestrelles a 2.604 mts. En el que un numeroso grupo de monta\u00f1eros suben desde el Santuario de N\u00faria con las intenciones de subir aqu\u00ed arriba y quiz\u00e1s al mismo Pic de Finestrelles. El d\u00eda es buen\u00edsimo e invita a hacer una buena actividad de alta monta\u00f1a.<\/p>\n<div id=\"attachment_37545\" style=\"width: 1034px\" class=\"wp-caption aligncenter\"><a class=\"dt-single-image\" href=\"https:\/\/www.monta\u00f1asdelaluna.es\/wp-content\/uploads\/2017\/09\/abajo-en-el-fondo-el-santuario-de-nuria-al-fondo-izquierda-el-bastiments-serrat-del-mig-pic-de-fontnegra-en-el-centro-torrenueles-a-la-derecha-y-cim-de-la-coma-del-clot-entre-este-y-el-pic-de-font.jpg\" data-dt-img-description=\"\"><img loading=\"lazy\" decoding=\"async\" aria-describedby=\"caption-attachment-37545\" class=\"wp-image-37545 size-large\" src=\"https:\/\/www.monta\u00f1asdelaluna.es\/wp-content\/uploads\/2017\/09\/abajo-en-el-fondo-el-santuario-de-nuria-al-fondo-izquierda-el-bastiments-serrat-del-mig-pic-de-fontnegra-en-el-centro-torrenueles-a-la-derecha-y-cim-de-la-coma-del-clot-entre-este-y-el-pic-de-font-1024x768.jpg\" alt=\"Abajo en el fondo el Santuario de N\u00faria, al fondo izquierda el Bastiments, Serrat del Mig, Pic de Fontnegra en el centro, Torrenueles a la derecha y Cim de la Coma del Clot entre \u00e9ste y el Pic de Fontnegra\" width=\"1024\" height=\"768\" srcset=\"https:\/\/www.monta\u00f1asdelaluna.es\/wp-content\/uploads\/2017\/09\/abajo-en-el-fondo-el-santuario-de-nuria-al-fondo-izquierda-el-bastiments-serrat-del-mig-pic-de-fontnegra-en-el-centro-torrenueles-a-la-derecha-y-cim-de-la-coma-del-clot-entre-este-y-el-pic-de-font-1024x768.jpg 1024w, https:\/\/www.monta\u00f1asdelaluna.es\/wp-content\/uploads\/2017\/09\/abajo-en-el-fondo-el-santuario-de-nuria-al-fondo-izquierda-el-bastiments-serrat-del-mig-pic-de-fontnegra-en-el-centro-torrenueles-a-la-derecha-y-cim-de-la-coma-del-clot-entre-este-y-el-pic-de-font-300x225.jpg 300w, https:\/\/www.monta\u00f1asdelaluna.es\/wp-content\/uploads\/2017\/09\/abajo-en-el-fondo-el-santuario-de-nuria-al-fondo-izquierda-el-bastiments-serrat-del-mig-pic-de-fontnegra-en-el-centro-torrenueles-a-la-derecha-y-cim-de-la-coma-del-clot-entre-este-y-el-pic-de-font.jpg 1824w\" sizes=\"auto, (max-width: 1024px) 100vw, 1024px\" \/><\/a><p id=\"caption-attachment-37545\" class=\"wp-caption-text\">Abajo en el fondo el Santuario de N\u00faria, al fondo izquierda el Bastiments, Serrat del Mig, Pic de Fontnegra en el centro, Torrenueles a la derecha y Cim de la Coma del Clot entre \u00e9ste y el Pic de Fontnegra<\/p><\/div>\n<div id=\"attachment_37550\" style=\"width: 1034px\" class=\"wp-caption aligncenter\"><a class=\"dt-single-image\" href=\"https:\/\/www.monta\u00f1asdelaluna.es\/wp-content\/uploads\/2017\/09\/bajando-al-coll-de-finestrelles-delante-el-puig-de-la-coma-de-finestrelles-y-el-pic-de-finestrelles-arriba.jpg\" data-dt-img-description=\"\"><img loading=\"lazy\" decoding=\"async\" aria-describedby=\"caption-attachment-37550\" class=\"wp-image-37550 size-large\" src=\"https:\/\/www.monta\u00f1asdelaluna.es\/wp-content\/uploads\/2017\/09\/bajando-al-coll-de-finestrelles-delante-el-puig-de-la-coma-de-finestrelles-y-el-pic-de-finestrelles-arriba-1024x768.jpg\" alt=\"Bajando al Coll de Finestrelles, delante el Puig de La Coma de Finestrelles y el Pic de Finestrelles arriba\" width=\"1024\" height=\"768\" srcset=\"https:\/\/www.monta\u00f1asdelaluna.es\/wp-content\/uploads\/2017\/09\/bajando-al-coll-de-finestrelles-delante-el-puig-de-la-coma-de-finestrelles-y-el-pic-de-finestrelles-arriba-1024x768.jpg 1024w, https:\/\/www.monta\u00f1asdelaluna.es\/wp-content\/uploads\/2017\/09\/bajando-al-coll-de-finestrelles-delante-el-puig-de-la-coma-de-finestrelles-y-el-pic-de-finestrelles-arriba-300x225.jpg 300w, https:\/\/www.monta\u00f1asdelaluna.es\/wp-content\/uploads\/2017\/09\/bajando-al-coll-de-finestrelles-delante-el-puig-de-la-coma-de-finestrelles-y-el-pic-de-finestrelles-arriba.jpg 1824w\" sizes=\"auto, (max-width: 1024px) 100vw, 1024px\" \/><\/a><p id=\"caption-attachment-37550\" class=\"wp-caption-text\">Bajando al Coll de Finestrelles, delante el Puig de La Coma de Finestrelles y el Pic de Finestrelles arriba<\/p><\/div>\n<p>Dejamos la cruz y puerta entre pa\u00edses, regiones y vertientes que es el Coll de Finestrelles atr\u00e1s y comenzamos a subir al Pic de Finestrelles. Delante tenemos el Puig de La Coma de Finestrelles, el cual bordearemos por su lado sureste y no subiremos para acercarnos antes a la cima del Pic de Finestrelles. Esta subidita ya es m\u00e1s larga y esforzada, ya se nota m\u00e1s la marcha recorrida y el cuerpo m\u00e1s cansado. Otro grupo de corredores entren\u00e1ndose me adelantan antes de llegar a dicha cima \u00a1\u00a1Son los mismos de anoche!! \u00a1\u00a1Cu\u00e1nto correr!! Las chicas no van tan r\u00e1pidas como yo en las subidas y siempre se quedan algo retrasadas, as\u00ed aprovecho para hacer m\u00e1s fotos.<\/p>\n<p>La verdad es que desde la parte que se acerca a la cima del Pic de Finestrelles, el Puig de la Coma de Finestrelles no tiene nada de diferenciada identidad, sobresaliente como pico, es solo un punto en la loma cimera algo m\u00e1s roquedo. No nos pareci\u00f3 que mereciera la pena.<\/p>\n<p>Y ya el zigzag final hasta la cima del Pic de Finestrelles en cuya cumbre hay una crucecilla y un mont\u00f3n de piedras a modo de hito principal. Estamos a 2.828 mts., aunque parece m\u00e1s alta que el Puigmal de Segre. Yo llego primero a su cima y acto seguido, pocos minutos despu\u00e9s llegan las chicas. Txell ha salido de una lesi\u00f3n y no debe forzar la marcha. Aqu\u00ed almorzaremos. Ya son las 11 de la ma\u00f1ana. Al ratillo suben aqu\u00ed todo el grupo que ven\u00eda desde N\u00faria hacia el Coll de Finestrelles. Es nuestra cuarta cima.<\/p>\n<div id=\"attachment_37559\" style=\"width: 1034px\" class=\"wp-caption aligncenter\"><a class=\"dt-single-image\" href=\"https:\/\/www.monta\u00f1asdelaluna.es\/wp-content\/uploads\/2017\/09\/santuario-de-nurica.jpg\" data-dt-img-description=\"\"><img loading=\"lazy\" decoding=\"async\" aria-describedby=\"caption-attachment-37559\" class=\"wp-image-37559 size-large\" src=\"https:\/\/www.monta\u00f1asdelaluna.es\/wp-content\/uploads\/2017\/09\/santuario-de-nurica-1024x768.jpg\" alt=\"Santuario de N\u00faria\" width=\"1024\" height=\"768\" srcset=\"https:\/\/www.monta\u00f1asdelaluna.es\/wp-content\/uploads\/2017\/09\/santuario-de-nurica-1024x768.jpg 1024w, https:\/\/www.monta\u00f1asdelaluna.es\/wp-content\/uploads\/2017\/09\/santuario-de-nurica-300x225.jpg 300w, https:\/\/www.monta\u00f1asdelaluna.es\/wp-content\/uploads\/2017\/09\/santuario-de-nurica.jpg 1824w\" sizes=\"auto, (max-width: 1024px) 100vw, 1024px\" \/><\/a><p id=\"caption-attachment-37559\" class=\"wp-caption-text\">Santuario de N\u00faria<\/p><\/div>\n<div id=\"attachment_37563\" style=\"width: 1034px\" class=\"wp-caption aligncenter\"><a class=\"dt-single-image\" href=\"https:\/\/www.monta\u00f1asdelaluna.es\/wp-content\/uploads\/2017\/09\/txell-joaquin-y-olga-en-la-cima-del-pic-de-finestrelles-2-828-mts.jpg\" data-dt-img-description=\"\"><img loading=\"lazy\" decoding=\"async\" aria-describedby=\"caption-attachment-37563\" class=\"wp-image-37563 size-large\" src=\"https:\/\/www.monta\u00f1asdelaluna.es\/wp-content\/uploads\/2017\/09\/txell-joaquin-y-olga-en-la-cima-del-pic-de-finestrelles-2-828-mts-1024x768.jpg\" alt=\"Txell, Joaqu\u00edn y Olga en la cima del Pic de Finestrelles, 2.828 mts.\" width=\"1024\" height=\"768\" srcset=\"https:\/\/www.monta\u00f1asdelaluna.es\/wp-content\/uploads\/2017\/09\/txell-joaquin-y-olga-en-la-cima-del-pic-de-finestrelles-2-828-mts-1024x768.jpg 1024w, https:\/\/www.monta\u00f1asdelaluna.es\/wp-content\/uploads\/2017\/09\/txell-joaquin-y-olga-en-la-cima-del-pic-de-finestrelles-2-828-mts-300x225.jpg 300w, https:\/\/www.monta\u00f1asdelaluna.es\/wp-content\/uploads\/2017\/09\/txell-joaquin-y-olga-en-la-cima-del-pic-de-finestrelles-2-828-mts.jpg 1824w\" sizes=\"auto, (max-width: 1024px) 100vw, 1024px\" \/><\/a><p id=\"caption-attachment-37563\" class=\"wp-caption-text\">Txell, Joaqu\u00edn y Olga en la cima del Pic de Finestrelles, 2.828 mts.<\/p><\/div>\n<p>Debemos seguir. A\u00fan nos queda mucha tirada hasta hacer toda la Olla. El cordal que seguimos no baja mucha altura y sigue hacia el este. Es un peque\u00f1\u00edsimo subibaja hasta un casi inapreciable Pico de N\u00faria. La senda gira por su derecha, por la vertiente sur con la intenci\u00f3n de saltarte este pico. Yo que voy delante espero a las chicas que seguro se lo saltan. Las hago seguirme subiendo una ligera ladera que nos deja en la cima del Pic de N\u00faria, la quinta cima. Pocos metros al sur de la cima, la senda principal pasa salt\u00e1ndose esta cima, como ya he descrito. Menos mal que la foto del mapa Alpina me ha indicado su presencia, casi invisible en mitad de la loma cimera\u2026 pero al final tiene su hito de cumbre y todo. Estamos a 2.794 mts. y son las 12 de la ma\u00f1ana, no hemos bajado mucho desde el Pic de Finestrelles.<\/p>\n<p>Una foto de cima y poco m\u00e1s. Enseguida debemos seguir la loma cimera y fronteriza de la monta\u00f1a para bajar ahora al Coll d\u2019Eina, tambi\u00e9n llamado de N\u00faria. \u00c9ste queda justo al norte del Santuario de N\u00faria, y se llega a \u00e9l desde el nombrado Santuario por otra senda marcada, como si fuera el camino principal para cruzar a Francia desde este lado de los Pirineos.<\/p>\n<p>La bajada es otra loma sencilla y f\u00e1cil hasta el mismo collado. Nos saltamos, como hicimos con el Puig de la Coma de Finestrelles, el Pic del Coll d\u2019Eina, ya que aparenta la misma fisionom\u00eda que el anterior nombrado pico. No lo contamos como principal y seguimos la bajada por la ancha e imperdible senda. Senda que recorre toda la cima de esta loma que circunda en altura toda la Olla de N\u00faria. Todo muy f\u00e1cil.<\/p>\n<div id=\"attachment_37564\" style=\"width: 1034px\" class=\"wp-caption aligncenter\"><a class=\"dt-single-image\" href=\"https:\/\/www.monta\u00f1asdelaluna.es\/wp-content\/uploads\/2017\/09\/txell-y-olga-dejando-la-cima-del-pic-de-finestrelles-a-la-derecha-el-puigmal-a-la-izquierda-y-en-el-centro-izquierda-el-puigmal-de-segre.jpg\" data-dt-img-description=\"\"><img loading=\"lazy\" decoding=\"async\" aria-describedby=\"caption-attachment-37564\" class=\"wp-image-37564 size-large\" src=\"https:\/\/www.monta\u00f1asdelaluna.es\/wp-content\/uploads\/2017\/09\/txell-y-olga-dejando-la-cima-del-pic-de-finestrelles-a-la-derecha-el-puigmal-a-la-izquierda-y-en-el-centro-izquierda-el-puigmal-de-segre-1024x768.jpg\" alt=\"Txell y Olga dejando la cima del Pic de Finestrelles a la derecha, el Puigmal a la izquierda y en el centro-izquierda el Puigmal de Segre\" width=\"1024\" height=\"768\" srcset=\"https:\/\/www.monta\u00f1asdelaluna.es\/wp-content\/uploads\/2017\/09\/txell-y-olga-dejando-la-cima-del-pic-de-finestrelles-a-la-derecha-el-puigmal-a-la-izquierda-y-en-el-centro-izquierda-el-puigmal-de-segre-1024x768.jpg 1024w, https:\/\/www.monta\u00f1asdelaluna.es\/wp-content\/uploads\/2017\/09\/txell-y-olga-dejando-la-cima-del-pic-de-finestrelles-a-la-derecha-el-puigmal-a-la-izquierda-y-en-el-centro-izquierda-el-puigmal-de-segre-300x225.jpg 300w, https:\/\/www.monta\u00f1asdelaluna.es\/wp-content\/uploads\/2017\/09\/txell-y-olga-dejando-la-cima-del-pic-de-finestrelles-a-la-derecha-el-puigmal-a-la-izquierda-y-en-el-centro-izquierda-el-puigmal-de-segre.jpg 1824w\" sizes=\"auto, (max-width: 1024px) 100vw, 1024px\" \/><\/a><p id=\"caption-attachment-37564\" class=\"wp-caption-text\">Txell y Olga dejando la cima del Pic de Finestrelles a la derecha, el Puigmal a la izquierda y en el centro-izquierda el Puigmal de Segre<\/p><\/div>\n<div id=\"attachment_37565\" style=\"width: 1034px\" class=\"wp-caption aligncenter\"><a class=\"dt-single-image\" href=\"https:\/\/www.monta\u00f1asdelaluna.es\/wp-content\/uploads\/2017\/09\/olga-joaquin-y-txell-en-la-cima-del-pic-de-nuria-2-794-mts.jpg\" data-dt-img-description=\"\"><img loading=\"lazy\" decoding=\"async\" aria-describedby=\"caption-attachment-37565\" class=\"wp-image-37565 size-large\" src=\"https:\/\/www.monta\u00f1asdelaluna.es\/wp-content\/uploads\/2017\/09\/olga-joaquin-y-txell-en-la-cima-del-pic-de-nuria-2-794-mts-1024x768.jpg\" alt=\"Olga, Joaqu\u00edn y Txell en la cima del Pic de N\u00faria, 2.794 mts.\" width=\"1024\" height=\"768\" srcset=\"https:\/\/www.monta\u00f1asdelaluna.es\/wp-content\/uploads\/2017\/09\/olga-joaquin-y-txell-en-la-cima-del-pic-de-nuria-2-794-mts-1024x768.jpg 1024w, https:\/\/www.monta\u00f1asdelaluna.es\/wp-content\/uploads\/2017\/09\/olga-joaquin-y-txell-en-la-cima-del-pic-de-nuria-2-794-mts-300x225.jpg 300w, https:\/\/www.monta\u00f1asdelaluna.es\/wp-content\/uploads\/2017\/09\/olga-joaquin-y-txell-en-la-cima-del-pic-de-nuria-2-794-mts.jpg 1824w\" sizes=\"auto, (max-width: 1024px) 100vw, 1024px\" \/><\/a><p id=\"caption-attachment-37565\" class=\"wp-caption-text\">Olga, Joaqu\u00edn y Txell en la cima del Pic de N\u00faria, 2.794 mts.<\/p><\/div>\n<p>Y llegamos al Coll d\u2019Eina a 2.682 mts., paso entre la Val d\u2019Eina en Francia y el mismo valle de la Olla de N\u00faria en Catalu\u00f1a. Un poste informativo en el mismo collado as\u00ed nos lo dice. Paramos poco y seguimos la subida hac\u00eda el oeste, sin bajar de la loma cimera ni salirnos del bien trazado sendero, en direcci\u00f3n al Pic d\u2019Eina a la sombra del posterior pico Pic de Noufonts. Esta vez la senda, como en el Pic de N\u00faria, te deja la opci\u00f3n de no subir este pico y pasar por sus laderas sur en busca del collado entre el Pic d\u2019Eina y el de Noufonts\u2026 pero hay que subirlos todos. As\u00ed que Olga y yo decidimos subir a este sexto pico en la traves\u00eda, mientras que Txell, que ya nota m\u00e1s el cansancio y la lesi\u00f3n pasada, decide no subir a \u00e9ste y guardar fuerzas para el famoso Noufonts, que es el pico siguiente, uno de los m\u00e1s altos y sobresalientes de la traves\u00eda y del centro del Pirineo Oriental que casi cierra la Olla de N\u00faria por el noreste.<\/p>\n<p>No es mucho la subida, pero ya llevamos un buen tiempo caminando. Cerca del mediod\u00eda de la jornada, el sol nos ir\u00e1 quemando sin saberlo aquellas partes de la piel que hemos dejado desprotegidas de la crema y de la ropa\u2026 pero no nos daremos cuenta de las graves quemaduras hasta uno o dos d\u00edas despu\u00e9s.<\/p>\n<div id=\"attachment_37567\" style=\"width: 1034px\" class=\"wp-caption aligncenter\"><a class=\"dt-single-image\" href=\"https:\/\/www.monta\u00f1asdelaluna.es\/wp-content\/uploads\/2017\/09\/olga-y-txell-bajando-del-pic-de-nuria.jpg\" data-dt-img-description=\"\"><img loading=\"lazy\" decoding=\"async\" aria-describedby=\"caption-attachment-37567\" class=\"wp-image-37567 size-large\" src=\"https:\/\/www.monta\u00f1asdelaluna.es\/wp-content\/uploads\/2017\/09\/olga-y-txell-bajando-del-pic-de-nuria-1024x768.jpg\" alt=\"Olga y Txell bajando del Pic de N\u00faria\" width=\"1024\" height=\"768\" srcset=\"https:\/\/www.monta\u00f1asdelaluna.es\/wp-content\/uploads\/2017\/09\/olga-y-txell-bajando-del-pic-de-nuria-1024x768.jpg 1024w, https:\/\/www.monta\u00f1asdelaluna.es\/wp-content\/uploads\/2017\/09\/olga-y-txell-bajando-del-pic-de-nuria-300x225.jpg 300w, https:\/\/www.monta\u00f1asdelaluna.es\/wp-content\/uploads\/2017\/09\/olga-y-txell-bajando-del-pic-de-nuria.jpg 1824w\" sizes=\"auto, (max-width: 1024px) 100vw, 1024px\" \/><\/a><p id=\"caption-attachment-37567\" class=\"wp-caption-text\">Olga y Txell bajando del Pic de N\u00faria<\/p><\/div>\n<div id=\"attachment_37576\" style=\"width: 1034px\" class=\"wp-caption aligncenter\"><a class=\"dt-single-image\" href=\"https:\/\/www.monta\u00f1asdelaluna.es\/wp-content\/uploads\/2017\/09\/cima-del-pic-d-eina-2-789-mts-al-fondo-de-izquierda-a-derecha-el-puigmal-puigmal-de-segre-pic-de-nuria-y-pic-de-finestrelles-abajo-el-coll-d-eina.jpg\" data-dt-img-description=\"\"><img loading=\"lazy\" decoding=\"async\" aria-describedby=\"caption-attachment-37576\" class=\"wp-image-37576 size-large\" src=\"https:\/\/www.monta\u00f1asdelaluna.es\/wp-content\/uploads\/2017\/09\/cima-del-pic-d-eina-2-789-mts-al-fondo-de-izquierda-a-derecha-el-puigmal-puigmal-de-segre-pic-de-nuria-y-pic-de-finestrelles-abajo-el-coll-d-eina-1024x575.jpg\" alt=\"Cima del Pic d'Eina, 2.789 mts., al fondo de izquierda a derecha el Puigmal, Puigmal de Segre, Pic de N\u00faria y Pic de Finestrelles. Abajo el Coll d'Eina\" width=\"1024\" height=\"575\" srcset=\"https:\/\/www.monta\u00f1asdelaluna.es\/wp-content\/uploads\/2017\/09\/cima-del-pic-d-eina-2-789-mts-al-fondo-de-izquierda-a-derecha-el-puigmal-puigmal-de-segre-pic-de-nuria-y-pic-de-finestrelles-abajo-el-coll-d-eina-1024x575.jpg 1024w, https:\/\/www.monta\u00f1asdelaluna.es\/wp-content\/uploads\/2017\/09\/cima-del-pic-d-eina-2-789-mts-al-fondo-de-izquierda-a-derecha-el-puigmal-puigmal-de-segre-pic-de-nuria-y-pic-de-finestrelles-abajo-el-coll-d-eina-300x168.jpg 300w, https:\/\/www.monta\u00f1asdelaluna.es\/wp-content\/uploads\/2017\/09\/cima-del-pic-d-eina-2-789-mts-al-fondo-de-izquierda-a-derecha-el-puigmal-puigmal-de-segre-pic-de-nuria-y-pic-de-finestrelles-abajo-el-coll-d-eina.jpg 1824w\" sizes=\"auto, (max-width: 1024px) 100vw, 1024px\" \/><\/a><p id=\"caption-attachment-37576\" class=\"wp-caption-text\">Cima del Pic d&#8217;Eina, 2.789 mts., al fondo de izquierda a derecha el Puigmal, Puigmal de Segre, Pic de N\u00faria y Pic de Finestrelles. Abajo el Coll d&#8217;Eina<\/p><\/div>\n<p>Llego a la cima del Pic d\u2019Eina, a sus 2.789 mts., sobre las 12,45 horas. Le voy haciendo fotos a Olga mientras llega detr\u00e1s de m\u00ed y a todas las monta\u00f1as que nos hemos ido recorriendo desde el alto y muy reconocible Puigmal que siempre queda en una esquina del recorrido, en uno de sus lados. Olga llega a la cima. Una pareja que viene del Noufonts nos hace la foto de cumbre. Es nuestra sexta cima. En las fotos debemos utilizar ya las 2 manos para se\u00f1alar el n\u00famero de cima a la que corresponde en nuestra traves\u00eda. El tiempo es buen\u00edsimo; es un verano temprano.<\/p>\n<p>Hacia el norte aparecen unas monta\u00f1as escarpadas y casi puntiagudas, no sab\u00eda que exist\u00edan tales perfiles tan agrestes y espectaculares en esta parte del Pirineo. Son la Torre de Eina, el Roc del Boc\u2026 todos ya en Francia.<\/p>\n<div id=\"attachment_37579\" style=\"width: 1034px\" class=\"wp-caption aligncenter\"><a class=\"dt-single-image\" href=\"https:\/\/www.monta\u00f1asdelaluna.es\/wp-content\/uploads\/2017\/09\/joaquin-y-olga-en-la-cima-del-pid-d-eina-2-789-mts.jpg\" data-dt-img-description=\"\"><img loading=\"lazy\" decoding=\"async\" aria-describedby=\"caption-attachment-37579\" class=\"wp-image-37579 size-large\" src=\"https:\/\/www.monta\u00f1asdelaluna.es\/wp-content\/uploads\/2017\/09\/joaquin-y-olga-en-la-cima-del-pid-d-eina-2-789-mts-1024x768.jpg\" alt=\"Joaqu\u00edn y Olga en la cima del Pid d'Eina, 2.789 mts.\" width=\"1024\" height=\"768\" srcset=\"https:\/\/www.monta\u00f1asdelaluna.es\/wp-content\/uploads\/2017\/09\/joaquin-y-olga-en-la-cima-del-pid-d-eina-2-789-mts-1024x768.jpg 1024w, https:\/\/www.monta\u00f1asdelaluna.es\/wp-content\/uploads\/2017\/09\/joaquin-y-olga-en-la-cima-del-pid-d-eina-2-789-mts-300x225.jpg 300w, https:\/\/www.monta\u00f1asdelaluna.es\/wp-content\/uploads\/2017\/09\/joaquin-y-olga-en-la-cima-del-pid-d-eina-2-789-mts.jpg 1824w\" sizes=\"auto, (max-width: 1024px) 100vw, 1024px\" \/><\/a><p id=\"caption-attachment-37579\" class=\"wp-caption-text\">Joaqu\u00edn y Olga en la cima del Pid d&#8217;Eina, 2.789 mts.<\/p><\/div>\n<div id=\"attachment_37582\" style=\"width: 1034px\" class=\"wp-caption aligncenter\"><a class=\"dt-single-image\" href=\"https:\/\/www.monta\u00f1asdelaluna.es\/wp-content\/uploads\/2017\/09\/santuario-de-nuria.jpg\" data-dt-img-description=\"\"><img loading=\"lazy\" decoding=\"async\" aria-describedby=\"caption-attachment-37582\" class=\"wp-image-37582 size-large\" src=\"https:\/\/www.monta\u00f1asdelaluna.es\/wp-content\/uploads\/2017\/09\/santuario-de-nuria-1024x768.jpg\" alt=\"Santuario de N\u00faria\" width=\"1024\" height=\"768\" srcset=\"https:\/\/www.monta\u00f1asdelaluna.es\/wp-content\/uploads\/2017\/09\/santuario-de-nuria-1024x768.jpg 1024w, https:\/\/www.monta\u00f1asdelaluna.es\/wp-content\/uploads\/2017\/09\/santuario-de-nuria-300x225.jpg 300w, https:\/\/www.monta\u00f1asdelaluna.es\/wp-content\/uploads\/2017\/09\/santuario-de-nuria.jpg 1824w\" sizes=\"auto, (max-width: 1024px) 100vw, 1024px\" \/><\/a><p id=\"caption-attachment-37582\" class=\"wp-caption-text\">Santuario de N\u00faria<\/p><\/div>\n<p>La distancia o diferencia entre el Pic d\u2019Eina y el Noufonts no es mucha y tampoco se baja demasiado. Una sencilla marcha y ya estamos en las cortas laderas de subida de \u00e9ste, uno de los picos m\u00e1s representativos de estas monta\u00f1as, el Pic de Noufonts de 2.861 mts. Txell nos espera descansando en la parte anterior al punto m\u00e1s alto; parece una especie de esplanada con una verdecilla hierba muy golosa para echarse una buena siesta. Merodeo la zona en plan reconocimiento; paso por el hito que nos indica lo m\u00e1s alto de la monta\u00f1a\u2026 no es nada representativo. Son las 13,20 horas. Nos hacemos la foto de cumbre dejando la c\u00e1mara en las piedras del mismo hito y mirando hacia el sur.[\/vc_column_text][\/vc_column][\/vc_row][vc_row][vc_column][vc_empty_space][\/vc_column][\/vc_row][vc_row][vc_column][vc_video link=\u00bbhttps:\/\/vimeo.com\/235246996#t=0s\u00bb title=\u00bbPic de Noufonts, 2.861 mts.\u00bb][\/vc_column][\/vc_row][vc_row][vc_column][vc_empty_space][\/vc_column][\/vc_row][vc_row][vc_column][vc_column_text]Desde la cima del Noufonts se abre un nuevo paisaje de alta monta\u00f1a que intento reconocer sobre todo hacia el este: veo el Pic de l\u2019Infern, Bastiments, Pic de Bacivers\u2026 sobre el todo el Pic de l\u2019Infern aparece como un agreste cono puntiagudo rodeado de oscuros escarpes, corredores\u2026 precioso.<\/p>\n<p>Debemos emprender la bajada y lo hacemos siguiendo la direcci\u00f3n contraria a la de subida. Esta vez los tres juntos. Debemos bajar al pr\u00f3ximo Coll de Noufonts. La senda est\u00e1 como siempre en todo el recorrido, muy bien trazada, reconocible, imposible perderse, y sabemos que siempre debemos de seguir la misma direcci\u00f3n, la que hace la curva o el circo de la Olla de N\u00faria.<\/p>\n<div id=\"attachment_37587\" style=\"width: 1034px\" class=\"wp-caption aligncenter\"><a class=\"dt-single-image\" href=\"https:\/\/www.monta\u00f1asdelaluna.es\/wp-content\/uploads\/2017\/09\/bastiments-a-la-izquierda-y-pic-de-l-infern-a-la-derecha.jpg\" data-dt-img-description=\"\"><img loading=\"lazy\" decoding=\"async\" aria-describedby=\"caption-attachment-37587\" class=\"wp-image-37587 size-large\" src=\"https:\/\/www.monta\u00f1asdelaluna.es\/wp-content\/uploads\/2017\/09\/bastiments-a-la-izquierda-y-pic-de-l-infern-a-la-derecha-1024x768.jpg\" alt=\"Bastiments a la izquierda y Pic de l'Infern a la derecha\" width=\"1024\" height=\"768\" srcset=\"https:\/\/www.monta\u00f1asdelaluna.es\/wp-content\/uploads\/2017\/09\/bastiments-a-la-izquierda-y-pic-de-l-infern-a-la-derecha-1024x768.jpg 1024w, https:\/\/www.monta\u00f1asdelaluna.es\/wp-content\/uploads\/2017\/09\/bastiments-a-la-izquierda-y-pic-de-l-infern-a-la-derecha-300x225.jpg 300w, https:\/\/www.monta\u00f1asdelaluna.es\/wp-content\/uploads\/2017\/09\/bastiments-a-la-izquierda-y-pic-de-l-infern-a-la-derecha.jpg 1824w\" sizes=\"auto, (max-width: 1024px) 100vw, 1024px\" \/><\/a><p id=\"caption-attachment-37587\" class=\"wp-caption-text\">Bastiments a la izquierda y Pic de l&#8217;Infern a la derecha<\/p><\/div>\n<div id=\"attachment_37588\" style=\"width: 1034px\" class=\"wp-caption aligncenter\"><a class=\"dt-single-image\" href=\"https:\/\/www.monta\u00f1asdelaluna.es\/wp-content\/uploads\/2017\/09\/joaquin-olga-y-txell-en-la-cima-del-pic-de-noufonts-2-861-mts.jpg\" data-dt-img-description=\"\"><img loading=\"lazy\" decoding=\"async\" aria-describedby=\"caption-attachment-37588\" class=\"wp-image-37588 size-large\" src=\"https:\/\/www.monta\u00f1asdelaluna.es\/wp-content\/uploads\/2017\/09\/joaquin-olga-y-txell-en-la-cima-del-pic-de-noufonts-2-861-mts-1024x768.jpg\" alt=\"Joaqu\u00edn, Olga y Txell en la cima del Pic de Noufonts, 2.861 mts.\" width=\"1024\" height=\"768\" srcset=\"https:\/\/www.monta\u00f1asdelaluna.es\/wp-content\/uploads\/2017\/09\/joaquin-olga-y-txell-en-la-cima-del-pic-de-noufonts-2-861-mts-1024x768.jpg 1024w, https:\/\/www.monta\u00f1asdelaluna.es\/wp-content\/uploads\/2017\/09\/joaquin-olga-y-txell-en-la-cima-del-pic-de-noufonts-2-861-mts-300x225.jpg 300w, https:\/\/www.monta\u00f1asdelaluna.es\/wp-content\/uploads\/2017\/09\/joaquin-olga-y-txell-en-la-cima-del-pic-de-noufonts-2-861-mts.jpg 1824w\" sizes=\"auto, (max-width: 1024px) 100vw, 1024px\" \/><\/a><p id=\"caption-attachment-37588\" class=\"wp-caption-text\">Joaqu\u00edn, Olga y Txell en la cima del Pic de Noufonts, 2.861 mts.<\/p><\/div>\n<div id=\"attachment_37586\" style=\"width: 1034px\" class=\"wp-caption aligncenter\"><a class=\"dt-single-image\" href=\"https:\/\/www.monta\u00f1asdelaluna.es\/wp-content\/uploads\/2017\/09\/de-izquierda-a-derecha-al-fondo-el-canigo-delante-pic-de-bacivers-bastiments-y-pic-de-l-infern-y-pic-de-la-fossa-del-gegant.jpg\" data-dt-img-description=\"\"><img loading=\"lazy\" decoding=\"async\" aria-describedby=\"caption-attachment-37586\" class=\"wp-image-37586 size-large\" src=\"https:\/\/www.monta\u00f1asdelaluna.es\/wp-content\/uploads\/2017\/09\/de-izquierda-a-derecha-al-fondo-el-canigo-delante-pic-de-bacivers-bastiments-y-pic-de-l-infern-y-pic-de-la-fossa-del-gegant-1024x575.jpg\" alt=\"De izquierda a derecha: al fondo el Canig\u00f3, delante Pic de Bacivers, Bastiments y Pic de l'Infern y Pic de la Fossa del Gegant\" width=\"1024\" height=\"575\" srcset=\"https:\/\/www.monta\u00f1asdelaluna.es\/wp-content\/uploads\/2017\/09\/de-izquierda-a-derecha-al-fondo-el-canigo-delante-pic-de-bacivers-bastiments-y-pic-de-l-infern-y-pic-de-la-fossa-del-gegant-1024x575.jpg 1024w, https:\/\/www.monta\u00f1asdelaluna.es\/wp-content\/uploads\/2017\/09\/de-izquierda-a-derecha-al-fondo-el-canigo-delante-pic-de-bacivers-bastiments-y-pic-de-l-infern-y-pic-de-la-fossa-del-gegant-300x168.jpg 300w, https:\/\/www.monta\u00f1asdelaluna.es\/wp-content\/uploads\/2017\/09\/de-izquierda-a-derecha-al-fondo-el-canigo-delante-pic-de-bacivers-bastiments-y-pic-de-l-infern-y-pic-de-la-fossa-del-gegant.jpg 1824w\" sizes=\"auto, (max-width: 1024px) 100vw, 1024px\" \/><\/a><p id=\"caption-attachment-37586\" class=\"wp-caption-text\">De izquierda a derecha: al fondo el Canig\u00f3, delante Pic de Bacivers, Bastiments y Pic de l&#8217;Infern y Pic de la Fossa del Gegant<\/p><\/div>\n<p>El sol quema, hace calorcillo, y hace un tiempo que ya no tenemos agua\u2026 aqu\u00ed arriba es muy dif\u00edcil o imposible de encontrar agua: las fuentes o riachuelos est\u00e1 por las laderas que van bajando hacia el Santuario de N\u00faria, como es natural\u2026 pero cerca del Coll de Noufonts hay posibilidad de acercarse a uno de estos riachuelos y recargar las cantimploras\u2026 mientras bajo por la senda en busca del f\u00e1cil collado, escucho, oigo ese murmullo del correr del agua como si fuera el sonido de la salvaci\u00f3n.<\/p>\n<p>Llego al Coll de Noufonts a 2.651 mts., descanso un poco mientras espero a mis compa\u00f1eras de traves\u00eda que como siempre me siguen a unos pocos minutos por detr\u00e1s. Antes de llegar he visto como un grupillo de gente estaba parada aqu\u00ed como preparando algo, en reuni\u00f3n, hablando\u2026 \u00bfser\u00e1 el Trail de N\u00faria? Llega Olga y le pido la cantimplora para llenarla de agua, \u201c\u00a1All\u00e1 abajo vas a ir!\u201d, \u201cNo est\u00e1 tan lejos\u201d le digo. En 15 o 20 minutos bajo al riachuelo de buena y refrescante agua fr\u00eda, y vuelvo a subir con las cantimploras llenas de ese elemento imprescindible para la vida, para seguir adelante&#8230;<\/p>\n<div id=\"attachment_37592\" style=\"width: 1034px\" class=\"wp-caption aligncenter\"><a class=\"dt-single-image\" href=\"https:\/\/www.monta\u00f1asdelaluna.es\/wp-content\/uploads\/2017\/09\/olga-en-el-collado-de-noufonts-2-651-mts-atras-dejamos-el-pic-de-noufonts.jpg\" data-dt-img-description=\"\"><img loading=\"lazy\" decoding=\"async\" aria-describedby=\"caption-attachment-37592\" class=\"wp-image-37592 size-large\" src=\"https:\/\/www.monta\u00f1asdelaluna.es\/wp-content\/uploads\/2017\/09\/olga-en-el-collado-de-noufonts-2-651-mts-atras-dejamos-el-pic-de-noufonts-1024x768.jpg\" alt=\"Olga en el Collado de Noufonts, 2.651 mts., atr\u00e1s dejamos el Pic de Noufonts\" width=\"1024\" height=\"768\" srcset=\"https:\/\/www.monta\u00f1asdelaluna.es\/wp-content\/uploads\/2017\/09\/olga-en-el-collado-de-noufonts-2-651-mts-atras-dejamos-el-pic-de-noufonts-1024x768.jpg 1024w, https:\/\/www.monta\u00f1asdelaluna.es\/wp-content\/uploads\/2017\/09\/olga-en-el-collado-de-noufonts-2-651-mts-atras-dejamos-el-pic-de-noufonts-300x225.jpg 300w, https:\/\/www.monta\u00f1asdelaluna.es\/wp-content\/uploads\/2017\/09\/olga-en-el-collado-de-noufonts-2-651-mts-atras-dejamos-el-pic-de-noufonts.jpg 1824w\" sizes=\"auto, (max-width: 1024px) 100vw, 1024px\" \/><\/a><p id=\"caption-attachment-37592\" class=\"wp-caption-text\">Olga en el Collado de Noufonts, 2.651 mts., atr\u00e1s dejamos el Pic de Noufonts<\/p><\/div>\n<div id=\"attachment_37595\" style=\"width: 1034px\" class=\"wp-caption aligncenter\"><a class=\"dt-single-image\" href=\"https:\/\/www.monta\u00f1asdelaluna.es\/wp-content\/uploads\/2017\/09\/joaquin-y-olga-en-la-cima-del-pic-de-noucreus-2-799-mts.jpg\" data-dt-img-description=\"\"><img loading=\"lazy\" decoding=\"async\" aria-describedby=\"caption-attachment-37595\" class=\"wp-image-37595 size-large\" src=\"https:\/\/www.monta\u00f1asdelaluna.es\/wp-content\/uploads\/2017\/09\/joaquin-y-olga-en-la-cima-del-pic-de-noucreus-2-799-mts-1024x768.jpg\" alt=\"Joaqu\u00edn y Olga en la cima del Pic de Noucreus, 2.799 mts.\" width=\"1024\" height=\"768\" srcset=\"https:\/\/www.monta\u00f1asdelaluna.es\/wp-content\/uploads\/2017\/09\/joaquin-y-olga-en-la-cima-del-pic-de-noucreus-2-799-mts-1024x768.jpg 1024w, https:\/\/www.monta\u00f1asdelaluna.es\/wp-content\/uploads\/2017\/09\/joaquin-y-olga-en-la-cima-del-pic-de-noucreus-2-799-mts-300x225.jpg 300w, https:\/\/www.monta\u00f1asdelaluna.es\/wp-content\/uploads\/2017\/09\/joaquin-y-olga-en-la-cima-del-pic-de-noucreus-2-799-mts.jpg 1824w\" sizes=\"auto, (max-width: 1024px) 100vw, 1024px\" \/><\/a><p id=\"caption-attachment-37595\" class=\"wp-caption-text\">Joaqu\u00edn y Olga en la cima del Pic de Noucreus, 2.799 mts.<\/p><\/div>\n<p>Txell ha decido que no puede seguir adelante con la traves\u00eda y decide bajarse al Santuario de N\u00faria desde aqu\u00ed, el Coll de Noufonts. Ella ya recargar\u00e1 su cantimplora en la bajada. No puede m\u00e1s. Est\u00e1 m\u00e1s cansada al salir de la lesi\u00f3n, de una inactividad, y esto ya ha sido una buena paliza. Olga y yo seguiremos hasta el final\u2026 \u00a1Hay que entrenarse para Alpes!<\/p>\n<p>Del Coll de Noufonts nos queda subir a otra nombrada monta\u00f1a cuyo v\u00e9rtice, cuyo punto m\u00e1s alto, es m\u00e1s bien discutible por aquellos que la nombran\u2026 y ahora veremos por qu\u00e9: es el Pic de Noucreus. La foto del mapa Alpina nos indica que hay una caba\u00f1a, una casita por aqu\u00ed, por el collado, la Barraca de Noufonts. Pero solo est\u00e1n sus paredes sin techo casi arruinadas y mimetizadas con el terreno, la roca de la monta\u00f1a\u2026 casi como si no hubiera caba\u00f1a ni barraca\u2026 igual sirve para un vivac\u2026<\/p>\n<div id=\"attachment_37597\" style=\"width: 1034px\" class=\"wp-caption aligncenter\"><a class=\"dt-single-image\" href=\"https:\/\/www.monta\u00f1asdelaluna.es\/wp-content\/uploads\/2017\/09\/delante-el-serrat-del-mig-con-el-cim-de-rocs-blancs-a-la-derecha-y-el-cim-alt-de-les-arques-a-la-izquierda-detras-a-la-derecha-el-pic-de-fontnegra.jpg\" data-dt-img-description=\"\"><img loading=\"lazy\" decoding=\"async\" aria-describedby=\"caption-attachment-37597\" class=\"wp-image-37597 size-large\" src=\"https:\/\/www.monta\u00f1asdelaluna.es\/wp-content\/uploads\/2017\/09\/delante-el-serrat-del-mig-con-el-cim-de-rocs-blancs-a-la-derecha-y-el-cim-alt-de-les-arques-a-la-izquierda-detras-a-la-derecha-el-pic-de-fontnegra-1024x768.jpg\" alt=\"Delante el Serrat del Mig con el Cim de Rocs Blancs a la derecha y el Cim Alt de Les Arques a la izquierda, detr\u00e1s a la derecha el Pic de Fontnegra\" width=\"1024\" height=\"768\" srcset=\"https:\/\/www.monta\u00f1asdelaluna.es\/wp-content\/uploads\/2017\/09\/delante-el-serrat-del-mig-con-el-cim-de-rocs-blancs-a-la-derecha-y-el-cim-alt-de-les-arques-a-la-izquierda-detras-a-la-derecha-el-pic-de-fontnegra-1024x768.jpg 1024w, https:\/\/www.monta\u00f1asdelaluna.es\/wp-content\/uploads\/2017\/09\/delante-el-serrat-del-mig-con-el-cim-de-rocs-blancs-a-la-derecha-y-el-cim-alt-de-les-arques-a-la-izquierda-detras-a-la-derecha-el-pic-de-fontnegra-300x225.jpg 300w, https:\/\/www.monta\u00f1asdelaluna.es\/wp-content\/uploads\/2017\/09\/delante-el-serrat-del-mig-con-el-cim-de-rocs-blancs-a-la-derecha-y-el-cim-alt-de-les-arques-a-la-izquierda-detras-a-la-derecha-el-pic-de-fontnegra.jpg 1824w\" sizes=\"auto, (max-width: 1024px) 100vw, 1024px\" \/><\/a><p id=\"caption-attachment-37597\" class=\"wp-caption-text\">Delante el Serrat del Mig con el Cim de Rocs Blancs a la derecha y el Cim Alt de Les Arques a la izquierda, detr\u00e1s a la derecha el Pic de Fontnegra<\/p><\/div>\n<div id=\"attachment_37599\" style=\"width: 1034px\" class=\"wp-caption aligncenter\"><a class=\"dt-single-image\" href=\"https:\/\/www.monta\u00f1asdelaluna.es\/wp-content\/uploads\/2017\/09\/circo-de-caranca-con-los-pics-del-raco-a-la-izquierda.jpg\" data-dt-img-description=\"\"><img loading=\"lazy\" decoding=\"async\" aria-describedby=\"caption-attachment-37599\" class=\"wp-image-37599 size-large\" src=\"https:\/\/www.monta\u00f1asdelaluna.es\/wp-content\/uploads\/2017\/09\/circo-de-caranca-con-los-pics-del-raco-a-la-izquierda-1024x768.jpg\" alt=\"Circo de Caran\u00e7\u00e0 con los Pics del Rac\u00f3 a la izquierda\" width=\"1024\" height=\"768\" srcset=\"https:\/\/www.monta\u00f1asdelaluna.es\/wp-content\/uploads\/2017\/09\/circo-de-caranca-con-los-pics-del-raco-a-la-izquierda-1024x768.jpg 1024w, https:\/\/www.monta\u00f1asdelaluna.es\/wp-content\/uploads\/2017\/09\/circo-de-caranca-con-los-pics-del-raco-a-la-izquierda-300x225.jpg 300w, https:\/\/www.monta\u00f1asdelaluna.es\/wp-content\/uploads\/2017\/09\/circo-de-caranca-con-los-pics-del-raco-a-la-izquierda.jpg 1824w\" sizes=\"auto, (max-width: 1024px) 100vw, 1024px\" \/><\/a><p id=\"caption-attachment-37599\" class=\"wp-caption-text\">Circo de Caran\u00e7\u00e0 con los Pics del Rac\u00f3 a la izquierda<\/p><\/div>\n<p>Vemos a alg\u00fan perdido grupo, o persona que se pierde por las alturas del Noucreus. Desde el Coll de Noufonts es m\u00e1s r\u00e1pido llegar a la cima del Noucreus. Desde el Noufonts y hasta el Coll del Noucreus (al otro lado de su pico) la direcci\u00f3n que llevamos es sureste. Ya vamos girando, y d\u00e1ndole la vuelta al Santuario de N\u00faria que en ocasiones vemos all\u00e1 abajo, justo el lado contrario a como lo ve\u00edamos desde el Puigmal. Es una traves\u00eda curiosa y simp\u00e1tica porque ves c\u00f3mo vas girando alrededor del santuario, viendo todos sus lados\u2026 y la parte sur, la fachada principal, cuando bajas a \u00e9l\u2026 encantador.<\/p>\n<p>Parece que la subida al Pic de Noucreus es algo m\u00e1s esforzada, pero no por la dificultad, si no por el calor y el esfuerzo que ya llevamos de la traves\u00eda recorrida. Detr\u00e1s el Noufonts aparece como la alta y abultada loma de un animal prehist\u00f3rico y gigante, llamativo y peculiar.<\/p>\n<p>Por suerte comienzan a aparecer nubes por el mismo calor del mediod\u00eda pero que no tendr\u00e1n m\u00e1s consecuencia que la de darnos sombra y refresco en lo que queda de traves\u00eda. Llegados a la extensa y alargada cima del Noucreus, espero a que Olga aparezca en ella despu\u00e9s de la subida desde el Coll de Noufonts. Una vez reunidos compruebo el desatino en saber cu\u00e1l es la cima verdadera, el punto m\u00e1s alto del Noucreus, porque me parece que los monta\u00f1eros siempre se acercan al collado donde est\u00e1n las cruces\u2026 que no es la cima. Miro la foto del mapa Alpina y creo distinguir, por pocos metros, cual es la cima\u2026 justo el v\u00e9rtice m\u00e1s al norte casi sali\u00e9ndonos de la alargada cumbre en busca del collado. \u201c\u00a1\u00bfAqu\u00ed es?!\u201d, pregunta Olga con sorpresa, \u201cseg\u00fan el Alpina este debe de ser el punto m\u00e1s alto de la alargada cima\u201d (hab\u00eda varios puntos diferenciados por poqu\u00edsimos metros). Y as\u00ed pues nos hacemos la foto como la octava cima de la traves\u00eda por la Olla de N\u00faria. Estamos a 2.799 mts. en la singular cima del Noucreus. Son las 14,45 horas.<\/p>\n<div id=\"attachment_37602\" style=\"width: 1034px\" class=\"wp-caption aligncenter\"><a class=\"dt-single-image\" href=\"https:\/\/www.monta\u00f1asdelaluna.es\/wp-content\/uploads\/2017\/09\/al-fondo-el-puigmal-con-el-santuario-de-nuria-en-su-base.jpg\" data-dt-img-description=\"\"><img loading=\"lazy\" decoding=\"async\" aria-describedby=\"caption-attachment-37602\" class=\"wp-image-37602 size-large\" src=\"https:\/\/www.monta\u00f1asdelaluna.es\/wp-content\/uploads\/2017\/09\/al-fondo-el-puigmal-con-el-santuario-de-nuria-en-su-base-1024x768.jpg\" alt=\"Al fondo el Puigmal con el Santuario de N\u00faria en su base\" width=\"1024\" height=\"768\" srcset=\"https:\/\/www.monta\u00f1asdelaluna.es\/wp-content\/uploads\/2017\/09\/al-fondo-el-puigmal-con-el-santuario-de-nuria-en-su-base-1024x768.jpg 1024w, https:\/\/www.monta\u00f1asdelaluna.es\/wp-content\/uploads\/2017\/09\/al-fondo-el-puigmal-con-el-santuario-de-nuria-en-su-base-300x225.jpg 300w, https:\/\/www.monta\u00f1asdelaluna.es\/wp-content\/uploads\/2017\/09\/al-fondo-el-puigmal-con-el-santuario-de-nuria-en-su-base.jpg 1824w\" sizes=\"auto, (max-width: 1024px) 100vw, 1024px\" \/><\/a><p id=\"caption-attachment-37602\" class=\"wp-caption-text\">Al fondo el Puigmal con el Santuario de N\u00faria en su base<\/p><\/div>\n<div id=\"attachment_37603\" style=\"width: 1034px\" class=\"wp-caption aligncenter\"><a class=\"dt-single-image\" href=\"https:\/\/www.monta\u00f1asdelaluna.es\/wp-content\/uploads\/2017\/09\/joaquin-en-el-coll-de-noucreus-2-795-mts.jpg\" data-dt-img-description=\"\"><img loading=\"lazy\" decoding=\"async\" aria-describedby=\"caption-attachment-37603\" class=\"wp-image-37603 size-large\" src=\"https:\/\/www.monta\u00f1asdelaluna.es\/wp-content\/uploads\/2017\/09\/joaquin-en-el-coll-de-noucreus-2-795-mts-1024x768.jpg\" alt=\"Joaqu\u00edn en el Coll de Noucreus, 2.795 mts.\" width=\"1024\" height=\"768\" srcset=\"https:\/\/www.monta\u00f1asdelaluna.es\/wp-content\/uploads\/2017\/09\/joaquin-en-el-coll-de-noucreus-2-795-mts-1024x768.jpg 1024w, https:\/\/www.monta\u00f1asdelaluna.es\/wp-content\/uploads\/2017\/09\/joaquin-en-el-coll-de-noucreus-2-795-mts-300x225.jpg 300w, https:\/\/www.monta\u00f1asdelaluna.es\/wp-content\/uploads\/2017\/09\/joaquin-en-el-coll-de-noucreus-2-795-mts.jpg 1824w\" sizes=\"auto, (max-width: 1024px) 100vw, 1024px\" \/><\/a><p id=\"caption-attachment-37603\" class=\"wp-caption-text\">Joaqu\u00edn en el Coll de Noucreus, 2.795 mts.<\/p><\/div>\n<p>Volvemos a la senda (ya que por este punto que se supone es el m\u00e1s alto del pico, no pasa) y seguimos en direcci\u00f3n este en busca de otro piquito que ni queda muy lejos ni hay muy poca diferencia de desnivel: el Pic de La Fossa del Gegant. Antes y al poco de caminar, pasamos por el Coll de Noucreus, (2.795 mts.) con la siniestra y casi macabra imagen de nueve cruces clavadas en el suelo\u2026 ni idea del por qu\u00e9 est\u00e1n ah\u00ed. Fotos. La imagen es sorprendente. No me lo esperaba.<\/p>\n<p>Justo arriba del Coll de Noucreus subimos con poqu\u00edsimos pasos hasta la inerte y no demasiado agraciada cima del Pic de La Fossa del Gegant a 2.808 mts. La novena en la traves\u00eda. Son las 15,37 horas. Poco tiempo en la cima, lo justo para hacernos la foto. Vistas hac\u00eda el tremendo hoyo de la Fossa del Gegant hacia el sur y sureste. De aqu\u00ed desandamos los poqu\u00edsimos pasos hasta las cruces, el Coll de Noucreus para girar completamente en la traves\u00eda y comenzar a mirar de volver al Santuario de N\u00faria. De direcci\u00f3n este giramos a sur y suroeste en la cima del Serrat del Mig. Desde aqu\u00ed tenemos unas preciosas vistas del valle de la Coma de l\u2019Olla hacia el Santuario de N\u00faria y al Puigmal detr\u00e1s y arriba de la misma construcci\u00f3n.<\/p>\n<div id=\"attachment_37604\" style=\"width: 1034px\" class=\"wp-caption aligncenter\"><a class=\"dt-single-image\" href=\"https:\/\/www.monta\u00f1asdelaluna.es\/wp-content\/uploads\/2017\/09\/joaquin-y-olga-en-la-cima-del-pic-de-la-fossa-del-gegant-2-808-mts.jpg\" data-dt-img-description=\"\"><img loading=\"lazy\" decoding=\"async\" aria-describedby=\"caption-attachment-37604\" class=\"wp-image-37604 size-large\" src=\"https:\/\/www.monta\u00f1asdelaluna.es\/wp-content\/uploads\/2017\/09\/joaquin-y-olga-en-la-cima-del-pic-de-la-fossa-del-gegant-2-808-mts-1024x768.jpg\" alt=\"Joaqu\u00edn y Olga en la cima del Pic de La Fossa del Gegant, 2.808 mts.\" width=\"1024\" height=\"768\" srcset=\"https:\/\/www.monta\u00f1asdelaluna.es\/wp-content\/uploads\/2017\/09\/joaquin-y-olga-en-la-cima-del-pic-de-la-fossa-del-gegant-2-808-mts-1024x768.jpg 1024w, https:\/\/www.monta\u00f1asdelaluna.es\/wp-content\/uploads\/2017\/09\/joaquin-y-olga-en-la-cima-del-pic-de-la-fossa-del-gegant-2-808-mts-300x225.jpg 300w, https:\/\/www.monta\u00f1asdelaluna.es\/wp-content\/uploads\/2017\/09\/joaquin-y-olga-en-la-cima-del-pic-de-la-fossa-del-gegant-2-808-mts.jpg 1824w\" sizes=\"auto, (max-width: 1024px) 100vw, 1024px\" \/><\/a><p id=\"caption-attachment-37604\" class=\"wp-caption-text\">Joaqu\u00edn y Olga en la cima del Pic de La Fossa del Gegant, 2.808 mts.<\/p><\/div>\n<div id=\"attachment_37605\" style=\"width: 1034px\" class=\"wp-caption aligncenter\"><a class=\"dt-single-image\" href=\"https:\/\/www.monta\u00f1asdelaluna.es\/wp-content\/uploads\/2017\/09\/camino-del-serrat-del-mig-con-el-cim-alt-de-les-arques-en-el-centro-y-el-cim-de-rocs-blancs-a-la-derecha.jpg\" data-dt-img-description=\"\"><img loading=\"lazy\" decoding=\"async\" aria-describedby=\"caption-attachment-37605\" class=\"wp-image-37605 size-large\" src=\"https:\/\/www.monta\u00f1asdelaluna.es\/wp-content\/uploads\/2017\/09\/camino-del-serrat-del-mig-con-el-cim-alt-de-les-arques-en-el-centro-y-el-cim-de-rocs-blancs-a-la-derecha-1024x768.jpg\" alt=\"Camino del Serrat del Mig con el Cim Alt de Les Arques en el centro y el Cim de Rocs Blancs a la derecha\" width=\"1024\" height=\"768\" srcset=\"https:\/\/www.monta\u00f1asdelaluna.es\/wp-content\/uploads\/2017\/09\/camino-del-serrat-del-mig-con-el-cim-alt-de-les-arques-en-el-centro-y-el-cim-de-rocs-blancs-a-la-derecha-1024x768.jpg 1024w, https:\/\/www.monta\u00f1asdelaluna.es\/wp-content\/uploads\/2017\/09\/camino-del-serrat-del-mig-con-el-cim-alt-de-les-arques-en-el-centro-y-el-cim-de-rocs-blancs-a-la-derecha-300x225.jpg 300w, https:\/\/www.monta\u00f1asdelaluna.es\/wp-content\/uploads\/2017\/09\/camino-del-serrat-del-mig-con-el-cim-alt-de-les-arques-en-el-centro-y-el-cim-de-rocs-blancs-a-la-derecha.jpg 1824w\" sizes=\"auto, (max-width: 1024px) 100vw, 1024px\" \/><\/a><p id=\"caption-attachment-37605\" class=\"wp-caption-text\">Camino del Serrat del Mig con el Cim Alt de Les Arques en el centro y el Cim de Rocs Blancs a la derecha<\/p><\/div>\n<p>La senda que ahora sigue por otras cimas pero siempre por lo m\u00e1s alto, recorrer\u00e1, con t\u00edmidos pasos de roca, las diferentes 3 cimas del Serrat del Mig. Pero nosotros solo nos haremos la foto en el Cim de Rocs Blancs por ser el m\u00e1s reconocido, singular pero no el m\u00e1s alto de los 3. Curioso. El primero de las 3 cimas que aparenta una suave loma, es m\u00e1s alta, el Cim Alt de Les Arques (2.792 mts.). El siguiente, en medio de los 3, es el Cim Baix de Les Arques (2.782 mts.) y al final del Serrat, el m\u00e1s al sur, el famoso Cim de Rocs Blancs (2.784 mts.) donde nos hacemos la foto como la d\u00e9cima cima de la traves\u00eda. Son las 15,37 horas. Nos ha pasado otro grupo de corredores entren\u00e1ndose mientras cruz\u00e1bamos el Serrat del Mig, de los cuales uno, nos ha podido hacer la foto en dicha \u00faltima cima. Paramos a descansar y a comer. Hemos comido poco a lo largo de toda la traves\u00eda, y aunque no queda tanto, no queremos desfallecer.<\/p>\n<p>Enfrente solo nos queda un pico por subir, aunque el cordal cimero sigue hacia el Torreneules pasando por el Cim de la Coma del Clot: es el Pic de Fontnegra. La bajada es f\u00e1cil y muy visible en direcci\u00f3n suroeste, hacia el pr\u00f3ximo collado de abajo, y bajo la cima del mismo Pic de Fontnegra. Pero al llegar al collado me encuentro con un dilema: a pesar de que la cima est\u00e1 ah\u00ed a tiro de piedra, la senda gira a la derecha dejando la cima y buscando el Serrat de La Coma del Clot hacia el Pic de l\u2019\u00c0liga, ya en la estaci\u00f3n de esqu\u00ed sobre el mismo Santuario de N\u00faria. Pensamos que puede pasar por la cima antes de bajar, pero en lugar de seguir este m\u00e1s marcado, me dirijo a otro que se pierde enseguida entre la vegetaci\u00f3n arbustiva de la ladera, enfrente y casi a la izquierda. Y entonces por aqu\u00ed y mote a trav\u00e9s llego a la parte sur de la cima. Olga me sigue. Enseguida estamos en la und\u00e9cima y \u00faltima cima de la traves\u00eda: el Pic de Fontnegra de 2.728 mts\u2026 son las 16,20 horas.[\/vc_column_text][vc_empty_space][\/vc_column][\/vc_row][vc_row][vc_column][vc_video link=\u00bbhttps:\/\/vimeo.com\/235248567#t=0s\u00bb title=\u00bbPic de Fontnegra, 2.728 mts.\u00bb][\/vc_column][\/vc_row][vc_row][vc_column][vc_empty_space][\/vc_column][\/vc_row][vc_row][vc_column][vc_column_text]Foto de cima, foto al resto de monta\u00f1as y paisaje, como al \u00faltimo tramo recorrido por el Serrat del Mig y el Noucreus que aparecen m\u00e1s altivos desde este lado. Enfrente y ya de bajada, giramos algo m\u00e1s para coger direcci\u00f3n casi oeste directo, seguimos la senda que nos lleva casi por encima de la parte m\u00e1s alta de este Serrat de La Coma del Clot, que no es m\u00e1s que el cordal que baja desde el Pic de Fontnegra hasta el mismo Santuario de N\u00faria. Las vistas ahora enfrente del altivo, llamativo y corpulento Puigmal son atrayentes, hermosas\u2026 hemos empezado por este pico, que queda all\u00e1 arriba al otro lado, al lado contrario de donde estamos\u2026 y entonces nos parece que hemos hecho una actividad fabulosa, genial.<\/p>\n<div id=\"attachment_37607\" style=\"width: 1034px\" class=\"wp-caption aligncenter\"><a class=\"dt-single-image\" href=\"https:\/\/www.monta\u00f1asdelaluna.es\/wp-content\/uploads\/2017\/09\/olga-llegando-al-cim-de-rocs-blancs.jpg\" data-dt-img-description=\"\"><img loading=\"lazy\" decoding=\"async\" aria-describedby=\"caption-attachment-37607\" class=\"wp-image-37607 size-large\" src=\"https:\/\/www.monta\u00f1asdelaluna.es\/wp-content\/uploads\/2017\/09\/olga-llegando-al-cim-de-rocs-blancs-1024x768.jpg\" alt=\"Olga llegando al Cim de Rocs Blancs\" width=\"1024\" height=\"768\" srcset=\"https:\/\/www.monta\u00f1asdelaluna.es\/wp-content\/uploads\/2017\/09\/olga-llegando-al-cim-de-rocs-blancs-1024x768.jpg 1024w, https:\/\/www.monta\u00f1asdelaluna.es\/wp-content\/uploads\/2017\/09\/olga-llegando-al-cim-de-rocs-blancs-300x225.jpg 300w, https:\/\/www.monta\u00f1asdelaluna.es\/wp-content\/uploads\/2017\/09\/olga-llegando-al-cim-de-rocs-blancs.jpg 1824w\" sizes=\"auto, (max-width: 1024px) 100vw, 1024px\" \/><\/a><p id=\"caption-attachment-37607\" class=\"wp-caption-text\">Olga llegando al Cim de Rocs Blancs<\/p><\/div>\n<div id=\"attachment_37610\" style=\"width: 1034px\" class=\"wp-caption aligncenter\"><a class=\"dt-single-image\" href=\"https:\/\/www.monta\u00f1asdelaluna.es\/wp-content\/uploads\/2017\/09\/joaquin-y-olga-en-la-cim-cim-de-rocs-blancs-2-784-mts.jpg\" data-dt-img-description=\"\"><img loading=\"lazy\" decoding=\"async\" aria-describedby=\"caption-attachment-37610\" class=\"wp-image-37610 size-large\" src=\"https:\/\/www.monta\u00f1asdelaluna.es\/wp-content\/uploads\/2017\/09\/joaquin-y-olga-en-la-cim-cim-de-rocs-blancs-2-784-mts-1024x768.jpg\" alt=\"Joaqu\u00edn y Olga en el Cim de Rocs Blancs, 2.784 mts.\" width=\"1024\" height=\"768\" srcset=\"https:\/\/www.monta\u00f1asdelaluna.es\/wp-content\/uploads\/2017\/09\/joaquin-y-olga-en-la-cim-cim-de-rocs-blancs-2-784-mts-1024x768.jpg 1024w, https:\/\/www.monta\u00f1asdelaluna.es\/wp-content\/uploads\/2017\/09\/joaquin-y-olga-en-la-cim-cim-de-rocs-blancs-2-784-mts-300x225.jpg 300w, https:\/\/www.monta\u00f1asdelaluna.es\/wp-content\/uploads\/2017\/09\/joaquin-y-olga-en-la-cim-cim-de-rocs-blancs-2-784-mts.jpg 1824w\" sizes=\"auto, (max-width: 1024px) 100vw, 1024px\" \/><\/a><p id=\"caption-attachment-37610\" class=\"wp-caption-text\">Joaqu\u00edn y Olga en el Cim de Rocs Blancs, 2.784 mts.<\/p><\/div>\n<p>La bajada es r\u00e1pida. Esta vez Olga va delante y yo la sigo en la distancia. Hago fotos. Ya que de la proximidad del Santuario combinado con el paisaje surgen unas espectaculares vistas. Las monta\u00f1as ensombrecidas bajo las nubes poco amenazadoras pero presentes parecen gigantes al acecho, centinelas del Pirineo. Precioso.<\/p>\n<p>La senda no pasa por la cima del Pic de La Pala, pero enseguida la pasamos, y el siguiente es el Pic de l\u2019\u00c0liga, que ni nos damos cuenta de la cima ni punto m\u00e1s alto, seguimos bajando como alma que lleva el Diablo. Justo a partir del Pic de l\u2019\u00c0liga la bajada se verticaliza, se baja mucho desnivel en poca distancia. Poco m\u00e1s abajo la senda se ensancha y parece ser un recorrido marcado de los que rodean el Santuario de N\u00faria, pero hace unos zigzags enormes. Entonces encontramos atajos que, por la empinada ladera, cruzan los zigzags por en medio. Aun a riesgo de erosionar m\u00e1s la ladera y de cargarnos m\u00e1s las rodillas, llegamos al final de estos atajos en la misma ancha senda que nos llevar\u00e1 hasta las mismas puertas del Refugio de l\u2019\u00c0liga, a 2.122 mts.<\/p>\n<div id=\"attachment_37613\" style=\"width: 1034px\" class=\"wp-caption aligncenter\"><a class=\"dt-single-image\" href=\"https:\/\/www.monta\u00f1asdelaluna.es\/wp-content\/uploads\/2017\/09\/subiendo-al-pic-de-fontnegre-atras-dejamos-el-serrat-del-mig-con-el-cim-de-rocs-blancs-delante-y-detras-izquierda-la-irregular-cima-del-noucreus.jpg\" data-dt-img-description=\"\"><img loading=\"lazy\" decoding=\"async\" aria-describedby=\"caption-attachment-37613\" class=\"wp-image-37613 size-large\" src=\"https:\/\/www.monta\u00f1asdelaluna.es\/wp-content\/uploads\/2017\/09\/subiendo-al-pic-de-fontnegre-atras-dejamos-el-serrat-del-mig-con-el-cim-de-rocs-blancs-delante-y-detras-izquierda-la-irregular-cima-del-noucreus-1024x768.jpg\" alt=\"Subiendo al Pic de Fontnegre, atr\u00e1s dejamos el Serrat del Mig con el Cim de Rocs Blancs delante, y detr\u00e1s izquierda la irregular cima del Noucreus\" width=\"1024\" height=\"768\" srcset=\"https:\/\/www.monta\u00f1asdelaluna.es\/wp-content\/uploads\/2017\/09\/subiendo-al-pic-de-fontnegre-atras-dejamos-el-serrat-del-mig-con-el-cim-de-rocs-blancs-delante-y-detras-izquierda-la-irregular-cima-del-noucreus-1024x768.jpg 1024w, https:\/\/www.monta\u00f1asdelaluna.es\/wp-content\/uploads\/2017\/09\/subiendo-al-pic-de-fontnegre-atras-dejamos-el-serrat-del-mig-con-el-cim-de-rocs-blancs-delante-y-detras-izquierda-la-irregular-cima-del-noucreus-300x225.jpg 300w, https:\/\/www.monta\u00f1asdelaluna.es\/wp-content\/uploads\/2017\/09\/subiendo-al-pic-de-fontnegre-atras-dejamos-el-serrat-del-mig-con-el-cim-de-rocs-blancs-delante-y-detras-izquierda-la-irregular-cima-del-noucreus.jpg 1824w\" sizes=\"auto, (max-width: 1024px) 100vw, 1024px\" \/><\/a><p id=\"caption-attachment-37613\" class=\"wp-caption-text\">Subiendo al Pic de Fontnegre, atr\u00e1s dejamos el Serrat del Mig con el Cim de Rocs Blancs delante, y detr\u00e1s izquierda la irregular cima del Noucreus<\/p><\/div>\n<div id=\"attachment_37614\" style=\"width: 1034px\" class=\"wp-caption aligncenter\"><a class=\"dt-single-image\" href=\"https:\/\/www.monta\u00f1asdelaluna.es\/wp-content\/uploads\/2017\/09\/olga-y-joaquin-en-la-cima-del-pic-de-fontnegra-2-728-mts.jpg\" data-dt-img-description=\"\"><img loading=\"lazy\" decoding=\"async\" aria-describedby=\"caption-attachment-37614\" class=\"wp-image-37614 size-large\" src=\"https:\/\/www.monta\u00f1asdelaluna.es\/wp-content\/uploads\/2017\/09\/olga-y-joaquin-en-la-cima-del-pic-de-fontnegra-2-728-mts-1024x768.jpg\" alt=\"Olga y Joaqu\u00edn en la cima del Pic de Fontnegra, 2.728 mts.\" width=\"1024\" height=\"768\" srcset=\"https:\/\/www.monta\u00f1asdelaluna.es\/wp-content\/uploads\/2017\/09\/olga-y-joaquin-en-la-cima-del-pic-de-fontnegra-2-728-mts-1024x768.jpg 1024w, https:\/\/www.monta\u00f1asdelaluna.es\/wp-content\/uploads\/2017\/09\/olga-y-joaquin-en-la-cima-del-pic-de-fontnegra-2-728-mts-300x225.jpg 300w, https:\/\/www.monta\u00f1asdelaluna.es\/wp-content\/uploads\/2017\/09\/olga-y-joaquin-en-la-cima-del-pic-de-fontnegra-2-728-mts.jpg 1824w\" sizes=\"auto, (max-width: 1024px) 100vw, 1024px\" \/><\/a><p id=\"caption-attachment-37614\" class=\"wp-caption-text\">Olga y Joaqu\u00edn en la cima del Pic de Fontnegra, 2.728 mts.<\/p><\/div>\n<p>Rellenamos las cantimploras de nuevo con agua fresca y nos remojamos la cara. El sol nos ha dado fuerte, \u201cde valent\u201d. Son ya las 17,10 horas. Descansamos poco, Txell nos debe de estar esperando en el Santuario. Al otro lado del refugio, pasando delante de la fachada principal del mismo con la que nos encontramos, aparece una especie de pista con 2 carriles de hormig\u00f3n que baja directamente y poco a poco hasta el mismo Santuario de N\u00faria. Me suena esta pista\u2026 creo que he bajado por aqu\u00ed esquiando la vez que vine con Anna\u2026 me la tengo que imaginar con nieve.<\/p>\n<p>Y pocos minutos despu\u00e9s llegamos hasta el mismo Santuario de N\u00faria. Son las 17,25 horas. Hay gente por todos lados. Los trenes cremallera suben y bajan con ese pitido caracter\u00edstico, llenos de gente. Cruzamos las v\u00edas al otro lado de la estaci\u00f3n y salimos al espacio verde que queda justo delante del imponente edificio\u2026 por all\u00ed est\u00e1 Txell tumbada en la hierba esper\u00e1ndonos.<\/p>\n<div id=\"attachment_37616\" style=\"width: 1034px\" class=\"wp-caption aligncenter\"><a class=\"dt-single-image\" href=\"https:\/\/www.monta\u00f1asdelaluna.es\/wp-content\/uploads\/2017\/09\/olga-bajando-del-pic-del-fontnegre-hacia-el-pic-de-la-pala-delante-atras-el-puigmal.jpg\" data-dt-img-description=\"\"><img loading=\"lazy\" decoding=\"async\" aria-describedby=\"caption-attachment-37616\" class=\"wp-image-37616 size-large\" src=\"https:\/\/www.monta\u00f1asdelaluna.es\/wp-content\/uploads\/2017\/09\/olga-bajando-del-pic-del-fontnegre-hacia-el-pic-de-la-pala-delante-atras-el-puigmal-1024x768.jpg\" alt=\"Olga bajando del Pic del Fontnegre hacia el Pic de La Pala, delante, atr\u00e1s el Puigmal\" width=\"1024\" height=\"768\" srcset=\"https:\/\/www.monta\u00f1asdelaluna.es\/wp-content\/uploads\/2017\/09\/olga-bajando-del-pic-del-fontnegre-hacia-el-pic-de-la-pala-delante-atras-el-puigmal-1024x768.jpg 1024w, https:\/\/www.monta\u00f1asdelaluna.es\/wp-content\/uploads\/2017\/09\/olga-bajando-del-pic-del-fontnegre-hacia-el-pic-de-la-pala-delante-atras-el-puigmal-300x225.jpg 300w, https:\/\/www.monta\u00f1asdelaluna.es\/wp-content\/uploads\/2017\/09\/olga-bajando-del-pic-del-fontnegre-hacia-el-pic-de-la-pala-delante-atras-el-puigmal.jpg 1824w\" sizes=\"auto, (max-width: 1024px) 100vw, 1024px\" \/><\/a><p id=\"caption-attachment-37616\" class=\"wp-caption-text\">Olga bajando del Pic del Fontnegre hacia el Pic de La Pala, delante, atr\u00e1s el Puigmal<\/p><\/div>\n<div id=\"attachment_37622\" style=\"width: 1034px\" class=\"wp-caption aligncenter\"><a class=\"dt-single-image\" href=\"https:\/\/www.monta\u00f1asdelaluna.es\/wp-content\/uploads\/2017\/09\/refugio-pic-de-l-aliga-2-122-mts.jpg\" data-dt-img-description=\"\"><img loading=\"lazy\" decoding=\"async\" aria-describedby=\"caption-attachment-37622\" class=\"wp-image-37622 size-large\" src=\"https:\/\/www.monta\u00f1asdelaluna.es\/wp-content\/uploads\/2017\/09\/refugio-pic-de-l-aliga-2-122-mts-1024x768.jpg\" alt=\"Refugio Pic de l'\u00c0liga, 2.122 mts.\" width=\"1024\" height=\"768\" srcset=\"https:\/\/www.monta\u00f1asdelaluna.es\/wp-content\/uploads\/2017\/09\/refugio-pic-de-l-aliga-2-122-mts-1024x768.jpg 1024w, https:\/\/www.monta\u00f1asdelaluna.es\/wp-content\/uploads\/2017\/09\/refugio-pic-de-l-aliga-2-122-mts-300x225.jpg 300w, https:\/\/www.monta\u00f1asdelaluna.es\/wp-content\/uploads\/2017\/09\/refugio-pic-de-l-aliga-2-122-mts.jpg 1824w\" sizes=\"auto, (max-width: 1024px) 100vw, 1024px\" \/><\/a><p id=\"caption-attachment-37622\" class=\"wp-caption-text\">Refugio Pic de l&#8217;\u00c0liga, 2.122 mts.<\/p><\/div>\n<p>5 o 10 minutos de estar tirados en la hierba no vienen mal, despu\u00e9s tenemos que recoger y ponernos en marcha\u2026 a\u00fan no ha acabado la traves\u00eda: ahora toca llegar al coche, a Fontalba. Y lo hacemos saliendo por el lado contrario al que hemos llegado al Santuario de N\u00faria, justo pasando por la puerta o fachada de la Ermita de Sant Gil, una peque\u00f1ita y cuca iglesilla que queda en una de las vertientes y laderas del valle. De aqu\u00ed parte una ancha senda que intenta subir hacia el Mirador de La Creu, con unas vistas preciosas del Santuario y su lago que quedar\u00e1n justo a nuestra espalda, y despu\u00e9s seguir\u00e1 hacia el sur por los perfiles de la monta\u00f1a, en busca de dicho collado.<\/p>\n<p>Tardamos unas 2 horas. 2 horas interminables que parec\u00eda no se acababan nunca buscando el lejano collado. Cada cierto tiempo le dec\u00edamos a Txell que ya hab\u00eda estado por aqu\u00ed \u201c\u00bffalta mucho?\u201d, y Txell siempre nos respond\u00eda\u2026 \u201ccreo que despu\u00e9s de ese colladito ya comenzamos a bajar y llegamos a Fontalba\u201d. Despu\u00e9s de toda la traves\u00eda y recorrido realizado, nos parec\u00eda un sobreesfuerzo a\u00f1adido. A medida que segu\u00edamos por la senda observ\u00e1bamos como los acantilados, las vertientes se empinaban considerablemente hacia el sur, dando un aspecto a la monta\u00f1a m\u00e1s agreste, m\u00e1s alpino, con la profundidad de la garganta del r\u00edo que baja del Santuario de N\u00faria, desde el cual o\u00edamos en alguna ocasi\u00f3n el pitido del tren cremallera, sin verlo.<\/p>\n<div id=\"attachment_37623\" style=\"width: 1034px\" class=\"wp-caption aligncenter\"><a class=\"dt-single-image\" href=\"https:\/\/www.monta\u00f1asdelaluna.es\/wp-content\/uploads\/2017\/09\/llegando-al-santuario-de-nuria-al-fondo-el-coll-de-finestrelles.jpg\" data-dt-img-description=\"\"><img loading=\"lazy\" decoding=\"async\" aria-describedby=\"caption-attachment-37623\" class=\"wp-image-37623 size-large\" src=\"https:\/\/www.monta\u00f1asdelaluna.es\/wp-content\/uploads\/2017\/09\/llegando-al-santuario-de-nuria-al-fondo-el-coll-de-finestrelles-1024x768.jpg\" alt=\"Llegando al Santuario de N\u00faria, al fondo el Coll de Finestrelles\" width=\"1024\" height=\"768\" srcset=\"https:\/\/www.monta\u00f1asdelaluna.es\/wp-content\/uploads\/2017\/09\/llegando-al-santuario-de-nuria-al-fondo-el-coll-de-finestrelles-1024x768.jpg 1024w, https:\/\/www.monta\u00f1asdelaluna.es\/wp-content\/uploads\/2017\/09\/llegando-al-santuario-de-nuria-al-fondo-el-coll-de-finestrelles-300x225.jpg 300w, https:\/\/www.monta\u00f1asdelaluna.es\/wp-content\/uploads\/2017\/09\/llegando-al-santuario-de-nuria-al-fondo-el-coll-de-finestrelles.jpg 1824w\" sizes=\"auto, (max-width: 1024px) 100vw, 1024px\" \/><\/a><p id=\"caption-attachment-37623\" class=\"wp-caption-text\">Llegando al Santuario de N\u00faria, al fondo el Coll de Finestrelles<\/p><\/div>\n<div id=\"attachment_37625\" style=\"width: 1034px\" class=\"wp-caption aligncenter\"><a class=\"dt-single-image\" href=\"https:\/\/www.monta\u00f1asdelaluna.es\/wp-content\/uploads\/2017\/09\/sant-gil-en-el-santuario-de-nuria.jpg\" data-dt-img-description=\"\"><img loading=\"lazy\" decoding=\"async\" aria-describedby=\"caption-attachment-37625\" class=\"wp-image-37625 size-large\" src=\"https:\/\/www.monta\u00f1asdelaluna.es\/wp-content\/uploads\/2017\/09\/sant-gil-en-el-santuario-de-nuria-1024x768.jpg\" alt=\"Sant Gil en el Santuario de N\u00faria\" width=\"1024\" height=\"768\" srcset=\"https:\/\/www.monta\u00f1asdelaluna.es\/wp-content\/uploads\/2017\/09\/sant-gil-en-el-santuario-de-nuria-1024x768.jpg 1024w, https:\/\/www.monta\u00f1asdelaluna.es\/wp-content\/uploads\/2017\/09\/sant-gil-en-el-santuario-de-nuria-300x225.jpg 300w, https:\/\/www.monta\u00f1asdelaluna.es\/wp-content\/uploads\/2017\/09\/sant-gil-en-el-santuario-de-nuria.jpg 1824w\" sizes=\"auto, (max-width: 1024px) 100vw, 1024px\" \/><\/a><p id=\"caption-attachment-37625\" class=\"wp-caption-text\">Sant Gil en el Santuario de N\u00faria<\/p><\/div>\n<p>Al cabo de hora y media ya vemos al otro lado del vallecillo al que hemos llegado, los coches y lugar de Fontalba. Ahora solo hay que seguir la senda dando la curva con la forma del valle sin bajar altura para llegar hasta ella. En la subida, en el d\u00eda anterior, pudimos observar dicha senda que se alejaba al otro lado del vallecillo por el que bajan riachuelos y regatas desde la misma base del Puigmal.<\/p>\n<p>Y ya entre las 20 y 20,30 horas llegamos hasta las puertas de la furgoneta de Txell. Ha sido una actividad incre\u00edble y recomendada, pasar por todas las cimas de la corona que rodean la Olla de N\u00faria, y poder comprobar como gir\u00e1bamos entorno al mismo Santuario viendo desde las alturas las distintas partes del edificio. A la vez poder subir, y recorrernos todos esos collados y picos m\u00edticos de la misma Olla como el alto Puigmal, el Noufonts, Noucreus\u2026 una experiencia para repetirla\u2026 eso s\u00ed, despu\u00e9s nos tuvimos que curar las heridas de las quemaduras que el potente sol nos hizo en las zonas de la piel donde no nos hab\u00edamos puesto crema solar.<\/p>\n<div id=\"attachment_37636\" style=\"width: 1171px\" class=\"wp-caption aligncenter\"><a class=\"dt-single-image\" href=\"https:\/\/www.monta\u00f1asdelaluna.es\/wp-content\/uploads\/2017\/06\/OllaNuria.croquis.web_.jpg\" data-dt-img-description=\"\"><img loading=\"lazy\" decoding=\"async\" aria-describedby=\"caption-attachment-37636\" class=\"wp-image-37636 size-full\" src=\"https:\/\/www.monta\u00f1asdelaluna.es\/wp-content\/uploads\/2017\/06\/OllaNuria.croquis.web_.jpg\" alt=\"Croquis del recorrido por los picos de la corona de la Olla de N\u00faria. Punto Rojo: lugar correcto donde se ubica la cima del Puigmal Petit de Segre. Punto Azul Claro: lugar correcto donde se ubica la cima del Noucreus.\" width=\"1161\" height=\"1231\" srcset=\"https:\/\/www.monta\u00f1asdelaluna.es\/wp-content\/uploads\/2017\/06\/OllaNuria.croquis.web_.jpg 1161w, https:\/\/www.monta\u00f1asdelaluna.es\/wp-content\/uploads\/2017\/06\/OllaNuria.croquis.web_-283x300.jpg 283w, https:\/\/www.monta\u00f1asdelaluna.es\/wp-content\/uploads\/2017\/06\/OllaNuria.croquis.web_-966x1024.jpg 966w\" sizes=\"auto, (max-width: 1161px) 100vw, 1161px\" \/><\/a><p id=\"caption-attachment-37636\" class=\"wp-caption-text\">Croquis del recorrido por los picos de la corona de la Olla de N\u00faria. Punto Rojo: lugar correcto donde se ubica la cima del Puigmal Petit de Segre. Punto Azul Claro: lugar correcto donde se ubica la cima del Noucreus.<\/p><\/div>\n<p>[\/vc_column_text][\/vc_column][\/vc_row][vc_row][vc_column][vc_empty_space height=\u00bb60px\u00bb][\/vc_column][\/vc_row][vc_row][vc_column][vc_cta h2=\u00bb\u00c1lbum de fotos\u00bb txt_align=\u00bbcenter\u00bb add_button=\u00bbbottom\u00bb btn_title=\u00bbVer fotos\u00bb btn_color=\u00bbwarning\u00bb btn_align=\u00bbcenter\u00bb btn_link=\u00bburl:https%3A%2F%2Fmonta%C3%B1asdelaluna.es%2F%3Fdt_gallery%3Del-puigmal-y-la-olla-de-nuria-2|title:El%20Puigmal%20y%20la%20Olla%20de%20N%C3%BAria|target:_blank\u00bb css=\u00bb.vc_custom_1625731227633{background-color: #8bc4ed !important;}\u00bb]Puedes ver todas las fotos del relato y actividad en forma de presentaci\u00f3n o individuales pinchando aqui \u00a1No te las pierdas![\/vc_cta][\/vc_column][\/vc_row][vc_row][vc_column][vc_empty_space height=\u00bb60px\u00bb][\/vc_column][\/vc_row][vc_row][vc_column width=\u00bb1\/6&#8243;][\/vc_column][vc_column width=\u00bb1\/3&#8243;][vc_raw_html]JTNDaWZyYW1lJTIwc3JjJTNEJTIyaHR0cHMlM0ElMkYlMkZ3d3cubWV0ZW9ibHVlLmNvbSUyRmVzJTJGdGllbXBvJTJGd2lkZ2V0JTJGZGFpbHklMkZwdWlnbWFsX2ZyYW5jaWFfMjk4NTEzMiUzRmdlb2xvYyUzRGZpeGVkJTI2ZGF5cyUzRDclMjZ0ZW1wdW5pdCUzRENFTFNJVVMlMjZ3aW5kdW5pdCUzREtJTE9NRVRFUl9QRVJfSE9VUiUyNnByZWNpcHVuaXQlM0RNSUxMSU1FVEVSJTI2Y29sb3VyZWQlM0Rjb2xvdXJlZCUyNnBpY3RvaWNvbiUzRDAlMjZwaWN0b2ljb24lM0QxJTI2bWF4dGVtcGVyYXR1cmUlM0QwJTI2bWF4dGVtcGVyYXR1cmUlM0QxJTI2bWludGVtcGVyYXR1cmUlM0QwJTI2bWludGVtcGVyYXR1cmUlM0QxJTI2d2luZHNwZWVkJTNEMCUyNndpbmRzcGVlZCUzRDElMjZ3aW5kZ3VzdCUzRDAlMjZ3aW5kZ3VzdCUzRDElMjZ3aW5kZGlyZWN0aW9uJTNEMCUyNndpbmRkaXJlY3Rpb24lM0QxJTI2dXYlM0QwJTI2aHVtaWRpdHklM0QwJTI2cHJlY2lwaXRhdGlvbiUzRDAlMjZwcmVjaXBpdGF0aW9uJTNEMSUyNnByZWNpcGl0YXRpb25wcm9iYWJpbGl0eSUzRDAlMjZwcmVjaXBpdGF0aW9ucHJvYmFiaWxpdHklM0QxJTI2c3BvdCUzRDAlMjZzcG90JTNEMSUyNnByZXNzdXJlJTNEMCUyNnByZXNzdXJlJTNEMSUyNmxheW91dCUzRGxpZ2h0JTIyJTIwJTIwZnJhbWVib3JkZXIlM0QlMjIwJTIyJTIwc2Nyb2xsaW5nJTNEJTIyTk8lMjIlMjBhbGxvd3RyYW5zcGFyZW5jeSUzRCUyMnRydWUlMjIlMjBzYW5kYm94JTNEJTIyYWxsb3ctc2FtZS1vcmlnaW4lMjBhbGxvdy1zY3JpcHRzJTIwYWxsb3ctcG9wdXBzJTIyJTIwc3R5bGUlM0QlMjJ3aWR0aCUzQSUyMDM3OHB4JTNCaGVpZ2h0JTNBJTIwNDE0cHglMjIlM0UlM0MlMkZpZnJhbWUlM0UlM0NkaXYlM0UlM0MlMjEtLSUyMERPJTIwTk9UJTIwUkVNT1ZFJTIwVEhJUyUyMExJTkslMjAtLSUzRSUzQ2ElMjBocmVmJTNEJTIyaHR0cHMlM0ElMkYlMkZ3d3cubWV0ZW9ibHVlLmNvbSUyRmVzJTJGdGllbXBvJTJGcHJvbm9zdGljbyUyRnNlbWFuYSUyRnB1aWdtYWxfZnJhbmNpYV8yOTg1MTMyJTNGdXRtX3NvdXJjZSUzRHdlYXRoZXJfd2lkZ2V0JTI2dXRtX21lZGl1bSUzRGxpbmt1cyUyNnV0bV9jb250ZW50JTNEZGFpbHklMjZ1dG1fY2FtcGFpZ24lM0RXZWF0aGVyJTI1MkJXaWRnZXQlMjIlMjB0YXJnZXQlM0QlMjJfYmxhbmslMjIlM0VtZXRlb2JsdWUlM0MlMkZhJTNFJTNDJTJGZGl2JTNF[\/vc_raw_html][\/vc_column][vc_column width=\u00bb1\/3&#8243;][vc_raw_html]JTNDaWZyYW1lJTIwc3JjJTNEJTIyaHR0cHMlM0ElMkYlMkZ3d3cubWV0ZW9ibHVlLmNvbSUyRmVzJTJGdGllbXBvJTJGd2lkZ2V0JTJGZGFpbHklMkZsYS12YWxsLWRlLW4lMjVjMyUyNWJhcmlhX2VzcGElMjVjMyUyNWIxYV82MjY5NDc3JTNGZ2VvbG9jJTNEZml4ZWQlMjZkYXlzJTNENyUyNnRlbXB1bml0JTNEQ0VMU0lVUyUyNndpbmR1bml0JTNES0lMT01FVEVSX1BFUl9IT1VSJTI2cHJlY2lwdW5pdCUzRE1JTExJTUVURVIlMjZjb2xvdXJlZCUzRGNvbG91cmVkJTI2cGljdG9pY29uJTNEMCUyNnBpY3RvaWNvbiUzRDElMjZtYXh0ZW1wZXJhdHVyZSUzRDAlMjZtYXh0ZW1wZXJhdHVyZSUzRDElMjZtaW50ZW1wZXJhdHVyZSUzRDAlMjZtaW50ZW1wZXJhdHVyZSUzRDElMjZ3aW5kc3BlZWQlM0QwJTI2d2luZHNwZWVkJTNEMSUyNndpbmRndXN0JTNEMCUyNndpbmRndXN0JTNEMSUyNndpbmRkaXJlY3Rpb24lM0QwJTI2d2luZGRpcmVjdGlvbiUzRDElMjZ1diUzRDAlMjZodW1pZGl0eSUzRDAlMjZwcmVjaXBpdGF0aW9uJTNEMCUyNnByZWNpcGl0YXRpb24lM0QxJTI2cHJlY2lwaXRhdGlvbnByb2JhYmlsaXR5JTNEMCUyNnByZWNpcGl0YXRpb25wcm9iYWJpbGl0eSUzRDElMjZzcG90JTNEMCUyNnNwb3QlM0QxJTI2cHJlc3N1cmUlM0QwJTI2cHJlc3N1cmUlM0QxJTI2bGF5b3V0JTNEbGlnaHQlMjIlMjAlMjBmcmFtZWJvcmRlciUzRCUyMjAlMjIlMjBzY3JvbGxpbmclM0QlMjJOTyUyMiUyMGFsbG93dHJhbnNwYXJlbmN5JTNEJTIydHJ1ZSUyMiUyMHNhbmRib3glM0QlMjJhbGxvdy1zYW1lLW9yaWdpbiUyMGFsbG93LXNjcmlwdHMlMjBhbGxvdy1wb3B1cHMlMjIlMjBzdHlsZSUzRCUyMndpZHRoJTNBJTIwMzc4cHglM0JoZWlnaHQlM0ElMjA0MTRweCUyMiUzRSUzQyUyRmlmcmFtZSUzRSUzQ2RpdiUzRSUzQyUyMS0tJTIwRE8lMjBOT1QlMjBSRU1PVkUlMjBUSElTJTIwTElOSyUyMC0tJTNFJTNDYSUyMGhyZWYlM0QlMjJodHRwcyUzQSUyRiUyRnd3dy5tZXRlb2JsdWUuY29tJTJGZXMlMkZ0aWVtcG8lMkZwcm9ub3N0aWNvJTJGc2VtYW5hJTJGbGEtdmFsbC1kZS1uJTI1YzMlMjViYXJpYV9lc3BhJTI1YzMlMjViMWFfNjI2OTQ3NyUzRnV0bV9zb3VyY2UlM0R3ZWF0aGVyX3dpZGdldCUyNnV0bV9tZWRpdW0lM0RsaW5rdXMlMjZ1dG1fY29udGVudCUzRGRhaWx5JTI2dXRtX2NhbXBhaWduJTNEV2VhdGhlciUyNTJCV2lkZ2V0JTIyJTIwdGFyZ2V0JTNEJTIyX2JsYW5rJTIyJTNFbWV0ZW9ibHVlJTNDJTJGYSUzRSUzQyUyRmRpdiUzRQ==[\/vc_raw_html][\/vc_column][vc_column width=\u00bb1\/6&#8243;][\/vc_column][\/vc_row]<\/p>\n","protected":false},"excerpt":{"rendered":"<p>[vc_row][vc_column][vc_column_text]Desde hac\u00eda un tiempo que cuando hablaba de monta\u00f1as hechas en el Pirineo Catal\u00e1n, los compa\u00f1eros catalanes se asombraban al saber que a\u00fan no hab\u00eda hecho el Puigmal, el pico m\u00e1s alto de Pirineo Oriental (desde la Cerda\u00f1a al Mar Mediterr\u00e1neo), y que verdaderamente no hab\u00eda tenido ocasi\u00f3n de apuntarme u organizar una salida a&hellip;<\/p>\n","protected":false},"author":1,"featured_media":37576,"comment_status":"open","ping_status":"open","sticky":false,"template":"","format":"standard","meta":[],"categories":[129],"tags":[],"class_list":["post-37633","post","type-post","status-publish","format-standard","has-post-thumbnail","hentry","category-pirineo-oriental","category-129","description-off"],"_links":{"self":[{"href":"https:\/\/www.monta\u00f1asdelaluna.es\/index.php?rest_route=\/wp\/v2\/posts\/37633","targetHints":{"allow":["GET"]}}],"collection":[{"href":"https:\/\/www.monta\u00f1asdelaluna.es\/index.php?rest_route=\/wp\/v2\/posts"}],"about":[{"href":"https:\/\/www.monta\u00f1asdelaluna.es\/index.php?rest_route=\/wp\/v2\/types\/post"}],"author":[{"embeddable":true,"href":"https:\/\/www.monta\u00f1asdelaluna.es\/index.php?rest_route=\/wp\/v2\/users\/1"}],"replies":[{"embeddable":true,"href":"https:\/\/www.monta\u00f1asdelaluna.es\/index.php?rest_route=%2Fwp%2Fv2%2Fcomments&post=37633"}],"version-history":[{"count":14,"href":"https:\/\/www.monta\u00f1asdelaluna.es\/index.php?rest_route=\/wp\/v2\/posts\/37633\/revisions"}],"predecessor-version":[{"id":50053,"href":"https:\/\/www.monta\u00f1asdelaluna.es\/index.php?rest_route=\/wp\/v2\/posts\/37633\/revisions\/50053"}],"wp:featuredmedia":[{"embeddable":true,"href":"https:\/\/www.monta\u00f1asdelaluna.es\/index.php?rest_route=\/wp\/v2\/media\/37576"}],"wp:attachment":[{"href":"https:\/\/www.monta\u00f1asdelaluna.es\/index.php?rest_route=%2Fwp%2Fv2%2Fmedia&parent=37633"}],"wp:term":[{"taxonomy":"category","embeddable":true,"href":"https:\/\/www.monta\u00f1asdelaluna.es\/index.php?rest_route=%2Fwp%2Fv2%2Fcategories&post=37633"},{"taxonomy":"post_tag","embeddable":true,"href":"https:\/\/www.monta\u00f1asdelaluna.es\/index.php?rest_route=%2Fwp%2Fv2%2Ftags&post=37633"}],"curies":[{"name":"wp","href":"https:\/\/api.w.org\/{rel}","templated":true}]}}