{"id":37684,"date":"2017-09-10T19:15:54","date_gmt":"2017-09-10T19:15:54","guid":{"rendered":"http:\/\/monta\u00f1asdelaluna.com\/?p=37684"},"modified":"2021-08-13T15:04:26","modified_gmt":"2021-08-13T15:04:26","slug":"turo-morou-y-panta-de-santa-fe","status":"publish","type":"post","link":"https:\/\/www.monta\u00f1asdelaluna.es\/?p=37684","title":{"rendered":"Tur\u00f3 Morou y Pant\u00e0 de Santa Fe"},"content":{"rendered":"<p>[vc_row][vc_column][vc_column_text]Otro paseo por los hayedos que rodean el lugar de Santa Fe en el Montseny. Paseo por qu\u00e9 no representa dificultad alguna ni esfuerzo el hacer esta actividad. Igual que la pasada actividad <a href=\"https:\/\/www.monta\u00f1asdelaluna.es\/?p=25405\" target=\"_blank\" rel=\"noopener\">Santa Fe y Tur\u00f3 Morou<\/a>, hicimos el mismo recorrido pero con alguna nueva variante, alg\u00fan a\u00f1adido que ahora indico.<\/p>\n<p>El pasado domingo 10 de septiembre Anna y yo decidimos despertar las piernas para comenzar la temporada de monta\u00f1a y actividades. \u201cLleno\u201d por la incre\u00edble y completa haza\u00f1a en los Alpes de este verano, no me hab\u00eda entrado a\u00fan el mono de monta\u00f1a. Pero comenzamos por algo flojito para no asustar a Anna con estos recorridos aventureros.<\/p>\n<div id=\"attachment_37647\" style=\"width: 1834px\" class=\"wp-caption aligncenter\"><a class=\"dt-single-image\" href=\"https:\/\/www.monta\u00f1asdelaluna.es\/wp-content\/uploads\/2017\/09\/IMG_5184.jpg\" data-dt-img-description=\"\"><img loading=\"lazy\" decoding=\"async\" aria-describedby=\"caption-attachment-37647\" class=\"wp-image-37647 size-full\" src=\"https:\/\/www.monta\u00f1asdelaluna.es\/wp-content\/uploads\/2017\/09\/IMG_5184.jpg\" alt=\"Hayedo cerca del Pla de Mulladius\" width=\"1824\" height=\"1368\" srcset=\"https:\/\/www.monta\u00f1asdelaluna.es\/wp-content\/uploads\/2017\/09\/IMG_5184.jpg 1824w, https:\/\/www.monta\u00f1asdelaluna.es\/wp-content\/uploads\/2017\/09\/IMG_5184-300x225.jpg 300w, https:\/\/www.monta\u00f1asdelaluna.es\/wp-content\/uploads\/2017\/09\/IMG_5184-1024x768.jpg 1024w\" sizes=\"auto, (max-width: 1824px) 100vw, 1824px\" \/><\/a><p id=\"caption-attachment-37647\" class=\"wp-caption-text\">Hayedo cerca del Pla de Mulladius<\/p><\/div>\n<div id=\"attachment_37648\" style=\"width: 1834px\" class=\"wp-caption aligncenter\"><a class=\"dt-single-image\" href=\"https:\/\/www.monta\u00f1asdelaluna.es\/wp-content\/uploads\/2017\/09\/poste-indicador-hacia-el-turo-morou.jpg\" data-dt-img-description=\"\"><img loading=\"lazy\" decoding=\"async\" aria-describedby=\"caption-attachment-37648\" class=\"wp-image-37648 size-full\" src=\"https:\/\/www.monta\u00f1asdelaluna.es\/wp-content\/uploads\/2017\/09\/poste-indicador-hacia-el-turo-morou.jpg\" alt=\"Poste indicador hacia el Tur\u00f3 Morou\" width=\"1824\" height=\"1368\" srcset=\"https:\/\/www.monta\u00f1asdelaluna.es\/wp-content\/uploads\/2017\/09\/poste-indicador-hacia-el-turo-morou.jpg 1824w, https:\/\/www.monta\u00f1asdelaluna.es\/wp-content\/uploads\/2017\/09\/poste-indicador-hacia-el-turo-morou-300x225.jpg 300w, https:\/\/www.monta\u00f1asdelaluna.es\/wp-content\/uploads\/2017\/09\/poste-indicador-hacia-el-turo-morou-1024x768.jpg 1024w\" sizes=\"auto, (max-width: 1824px) 100vw, 1824px\" \/><\/a><p id=\"caption-attachment-37648\" class=\"wp-caption-text\">Poste indicador hacia el Tur\u00f3 Morou<\/p><\/div>\n<p>La ruta comienza igual que en <a href=\"https:\/\/www.monta\u00f1asdelaluna.es\/?p=25405\" target=\"_blank\" rel=\"noopener\">Santa Fe y Tur\u00f3 Morou<\/a>, saliendo por detr\u00e1s del restaurante l\u2019Avet Blau en direcci\u00f3n al Tur\u00f3 Morou. Justo ante las paredes de la \u201ccasa partida\u201d giramos a la derecha para adentrarnos en el estupendo hayedo, siguiendo siempre el recorrido del relato ya nombrado.<\/p>\n<p>Pero llegados a un punto decido variar dicho recorrido para descubrir alguna otra zona nueva del bosque, del hayedo\u2026 aunque tampoco nos desviaremos mucho. Seguimos los carteles o postes indicadores que nos indican el camino al Tur\u00f3 de Morou y al Coll de La Mosquera. No hay p\u00e9rdida. Con poca gente nos topamos a estas horas; alguna pareja con su perro\u2026 llegados a un lindo punto del camino en medio de un excelente hayedo paramos a almorzar entre unas rocas, algo alejado del mismo camino.<\/p>\n<div id=\"attachment_37649\" style=\"width: 1834px\" class=\"wp-caption aligncenter\"><a class=\"dt-single-image\" href=\"https:\/\/www.monta\u00f1asdelaluna.es\/wp-content\/uploads\/2017\/09\/hayedo-al-norte-del-turo-morou.jpg\" data-dt-img-description=\"\"><img loading=\"lazy\" decoding=\"async\" aria-describedby=\"caption-attachment-37649\" class=\"wp-image-37649 size-full\" src=\"https:\/\/www.monta\u00f1asdelaluna.es\/wp-content\/uploads\/2017\/09\/hayedo-al-norte-del-turo-morou.jpg\" alt=\"Hayedo al norte del Tur\u00f3 Morou\" width=\"1824\" height=\"1024\" srcset=\"https:\/\/www.monta\u00f1asdelaluna.es\/wp-content\/uploads\/2017\/09\/hayedo-al-norte-del-turo-morou.jpg 1824w, https:\/\/www.monta\u00f1asdelaluna.es\/wp-content\/uploads\/2017\/09\/hayedo-al-norte-del-turo-morou-300x168.jpg 300w, https:\/\/www.monta\u00f1asdelaluna.es\/wp-content\/uploads\/2017\/09\/hayedo-al-norte-del-turo-morou-1024x575.jpg 1024w\" sizes=\"auto, (max-width: 1824px) 100vw, 1824px\" \/><\/a><p id=\"caption-attachment-37649\" class=\"wp-caption-text\">Hayedo al norte del Tur\u00f3 Morou<\/p><\/div>\n<p>Acto seguido volvemos al camino marcado para seguir en direcci\u00f3n noreste o este en busca de nombrado Tur\u00f3 Morou. Llega un momento en que el camino, que no es senda, se despeja a la vez que comienza a subir con 2 curvas como un zigzag. Justo en las inmediaciones del punto que indica una altura, con el nombre de La Cornera, que no llegu\u00e9 a distinguir entre la vegetaci\u00f3n y vertientes de la monta\u00f1a. Antes, hay que dejar de lado el desv\u00edo hacia el Coll de La Mosquera y girar algo al este, sureste en busca de las alturas del bosque y de esta escondida cima del Tur\u00f3 Morou.<\/p>\n<p>Este camino acaba de nuevo en medio del hayedo; se convierte en senda y va subiendo poco a poco colladitos y pendientes no excesivamente inclinadas. En uno de esos colladitos dejamos a nuestra izquierda y despu\u00e9s espalda, lo que llaman Esguet de Morou, que no es m\u00e1s que unas rocas sobresalientes desde cuya parte alta se vislumbra un paisaje libre y despejado hacia el norte, las vertientes de Arb\u00f9cies, Castell de Montsoriu\u2026 Subo a las rocas. Anna se queda abajo al pie de las mismas. Extra\u00f1o el encaramarme entre rocas para trepar, y aprovecho este peque\u00f1o paso. Hago fotos.<\/p>\n<div id=\"attachment_37655\" style=\"width: 1034px\" class=\"wp-caption aligncenter\"><a class=\"dt-single-image\" href=\"https:\/\/www.monta\u00f1asdelaluna.es\/wp-content\/uploads\/2017\/09\/vistas-desde-el-esquei-de-morou-hacia-el-norte.jpg\" data-dt-img-description=\"\"><img loading=\"lazy\" decoding=\"async\" aria-describedby=\"caption-attachment-37655\" class=\"wp-image-37655 size-large\" src=\"https:\/\/www.monta\u00f1asdelaluna.es\/wp-content\/uploads\/2017\/09\/vistas-desde-el-esquei-de-morou-hacia-el-norte-1024x768.jpg\" alt=\"Vistas desde el Esquei de Morou, hacia el norte\" width=\"1024\" height=\"768\" srcset=\"https:\/\/www.monta\u00f1asdelaluna.es\/wp-content\/uploads\/2017\/09\/vistas-desde-el-esquei-de-morou-hacia-el-norte-1024x768.jpg 1024w, https:\/\/www.monta\u00f1asdelaluna.es\/wp-content\/uploads\/2017\/09\/vistas-desde-el-esquei-de-morou-hacia-el-norte-300x225.jpg 300w, https:\/\/www.monta\u00f1asdelaluna.es\/wp-content\/uploads\/2017\/09\/vistas-desde-el-esquei-de-morou-hacia-el-norte.jpg 1824w\" sizes=\"auto, (max-width: 1024px) 100vw, 1024px\" \/><\/a><p id=\"caption-attachment-37655\" class=\"wp-caption-text\">Vistas desde el Esquei de Morou, hacia el norte<\/p><\/div>\n<div id=\"attachment_37656\" style=\"width: 1034px\" class=\"wp-caption aligncenter\"><a class=\"dt-single-image\" href=\"https:\/\/www.monta\u00f1asdelaluna.es\/wp-content\/uploads\/2017\/09\/IMG_5198.jpg\" data-dt-img-description=\"\"><img loading=\"lazy\" decoding=\"async\" aria-describedby=\"caption-attachment-37656\" class=\"wp-image-37656 size-large\" src=\"https:\/\/www.monta\u00f1asdelaluna.es\/wp-content\/uploads\/2017\/09\/IMG_5198-1024x768.jpg\" alt=\"Cima del Tur\u00f3 de Morou, 1.308 mts.\" width=\"1024\" height=\"768\" srcset=\"https:\/\/www.monta\u00f1asdelaluna.es\/wp-content\/uploads\/2017\/09\/IMG_5198-1024x768.jpg 1024w, https:\/\/www.monta\u00f1asdelaluna.es\/wp-content\/uploads\/2017\/09\/IMG_5198-300x225.jpg 300w, https:\/\/www.monta\u00f1asdelaluna.es\/wp-content\/uploads\/2017\/09\/IMG_5198.jpg 1824w\" sizes=\"auto, (max-width: 1024px) 100vw, 1024px\" \/><\/a><p id=\"caption-attachment-37656\" class=\"wp-caption-text\">Cima del Tur\u00f3 de Morou, 1.308 mts.<\/p><\/div>\n<p>El d\u00eda es bueno, con algunas nubecillas que no provocar\u00e1n m\u00e1s que sombra sobre un bosque ya sombr\u00edo, sobre todo cuando se acerca el mediod\u00eda. Justo al sur de las nombradas rocas del Esquei de Morou, subimos un poco m\u00e1s para llegar a la parte m\u00e1s alta donde se ubica el Tur\u00f3 de Morou. No hay un cartel o hito que te indica que este lugar, estas rocas son la cima o punto m\u00e1s alto del Tur\u00f3 Morou, adem\u00e1s como se encuentra entre la espesura del hayedo, tampoco d\u00e1 la sensaci\u00f3n de ser una cima, un pico\u2026 pero llegados a la parte izquierda del mismo (se quedan las rocas cimeras a la derecha), reconozco el lugar y salimos de la sendilla (que no pasa por la cima si no que se aleja por su parte este) y en pocos pasos llegamos a este mont\u00edculo de rocas gran\u00edticas que es la cima del Tur\u00f3 Morou (1.308 mts.).<\/p>\n<p>No hay nadie por aqu\u00ed. El bosque, el hayedo es precioso en esta parte y sobre todo lo que es la misma cima del Tur\u00f3 Morou hacia el sur. Hago fotos. Anna no se f\u00eda, \u201cno hay senda aqu\u00ed\u201d, pero no hay p\u00e9rdida, solo hay que andar por la especie de explanada sombr\u00eda que queda al sur del promontorio de rocas de la cima, y enseguida nos topamos con la senda o camino que, girando hacia la izquierda, nos sacar\u00e1 del lugar a la vez que bajar\u00e1 poco a poco de altura. Eso s\u00ed, el hayedo, al paisaje en este lugar es precioso, bell\u00edsimo y muy fotog\u00e9nico. De la cima del Tur\u00f3 Morou hacia abajo volvemos a seguir el recorrido de Santa Fe y Tur\u00f3 Morou hasta las orillas del Pant\u00e0 de Santa Fe. Pasando por Els Empedrats, y esos tiernos y encantadores rincones del hayedo del Montseny, con esos preciosos y altivos ejemplares\u2026 tambi\u00e9n alg\u00fan casta\u00f1o se acerca a saludarnos en nuestra marcha. Precioso. De nuevo.<\/p>\n<div id=\"attachment_37659\" style=\"width: 1834px\" class=\"wp-caption aligncenter\"><a class=\"dt-single-image\" href=\"https:\/\/www.monta\u00f1asdelaluna.es\/wp-content\/uploads\/2017\/09\/IMG_5201.jpg\" data-dt-img-description=\"\"><img loading=\"lazy\" decoding=\"async\" aria-describedby=\"caption-attachment-37659\" class=\"wp-image-37659 size-full\" src=\"https:\/\/www.monta\u00f1asdelaluna.es\/wp-content\/uploads\/2017\/09\/IMG_5201.jpg\" alt=\"Hayedo en la bajada hacia el sur del Tur\u00f3 de Morou\" width=\"1824\" height=\"1368\" srcset=\"https:\/\/www.monta\u00f1asdelaluna.es\/wp-content\/uploads\/2017\/09\/IMG_5201.jpg 1824w, https:\/\/www.monta\u00f1asdelaluna.es\/wp-content\/uploads\/2017\/09\/IMG_5201-300x225.jpg 300w, https:\/\/www.monta\u00f1asdelaluna.es\/wp-content\/uploads\/2017\/09\/IMG_5201-1024x768.jpg 1024w\" sizes=\"auto, (max-width: 1824px) 100vw, 1824px\" \/><\/a><p id=\"caption-attachment-37659\" class=\"wp-caption-text\">Hayedo en la bajada hacia el sur del Tur\u00f3 de Morou<\/p><\/div>\n<div id=\"attachment_37661\" style=\"width: 1834px\" class=\"wp-caption aligncenter\"><a class=\"dt-single-image\" href=\"https:\/\/www.monta\u00f1asdelaluna.es\/wp-content\/uploads\/2017\/09\/IMG_5204.jpg\" data-dt-img-description=\"\"><img loading=\"lazy\" decoding=\"async\" aria-describedby=\"caption-attachment-37661\" class=\"wp-image-37661 size-full\" src=\"https:\/\/www.monta\u00f1asdelaluna.es\/wp-content\/uploads\/2017\/09\/IMG_5204.jpg\" alt=\"Hayedo en la bajada hacia el sur del Tur\u00f3 de Morou\" width=\"1824\" height=\"1024\" srcset=\"https:\/\/www.monta\u00f1asdelaluna.es\/wp-content\/uploads\/2017\/09\/IMG_5204.jpg 1824w, https:\/\/www.monta\u00f1asdelaluna.es\/wp-content\/uploads\/2017\/09\/IMG_5204-300x168.jpg 300w, https:\/\/www.monta\u00f1asdelaluna.es\/wp-content\/uploads\/2017\/09\/IMG_5204-1024x575.jpg 1024w\" sizes=\"auto, (max-width: 1824px) 100vw, 1824px\" \/><\/a><p id=\"caption-attachment-37661\" class=\"wp-caption-text\">Hayedo en la bajada hacia el sur del Tur\u00f3 de Morou<\/p><\/div>\n<p>El camino que ha dejado de bajar ha girado hacia la derecha como intentando volver a Santa Fe, llega justo hasta la presa del Pant\u00e0 de Santa Fe. Ya hemos visto a m\u00e1s gente, familias, turistas, domingueros\u2026 (casi ning\u00fan o ning\u00fan monta\u00f1ero) que se han acercado en el d\u00eda de hoy a los hayedos del Montseny. A partir de aqu\u00ed encontraremos m\u00e1s\u2026 es un poco, bastante agobiante encontrar tanto ruido, tanta gente en lo que deb\u00eda de ser una marcha, un paseo tranquilo.<\/p>\n<p>El embalse tiene muy poca agua. Ha pasado el verano con poca lluvia, pero de momento el oto\u00f1o y lo que queda de verano no augura demasiada lluvia. Aqu\u00ed nos hacemos la pregunta: \u00bfcruzamos la presa y seguimos por el otro lado de las orillas del embalse (como hicimos en <a href=\"https:\/\/www.monta\u00f1asdelaluna.es\/?p=25405\" target=\"_blank\" rel=\"noopener\">Santa Fe y Tur\u00f3 Morou<\/a>) o seguimos por esta misma orilla del embalse hasta el parking, el coche? No recordaba entonces haber ido anteriormente por este lado del embalse, pensando en la actividad de hace a\u00f1os. Pero es cierto que con unos amigos, en otro paseo dominguero, pasamos por este lado del embalse, sin cruzar por la presa.<\/p>\n<div id=\"attachment_37672\" style=\"width: 1834px\" class=\"wp-caption aligncenter\"><a class=\"dt-single-image\" href=\"https:\/\/www.monta\u00f1asdelaluna.es\/wp-content\/uploads\/2017\/09\/IMG_5223.jpg\" data-dt-img-description=\"\"><img loading=\"lazy\" decoding=\"async\" aria-describedby=\"caption-attachment-37672\" class=\"wp-image-37672 size-full\" src=\"https:\/\/www.monta\u00f1asdelaluna.es\/wp-content\/uploads\/2017\/09\/IMG_5223.jpg\" alt=\"Hayedo camino del Pant\u00e0 de Santa Fe\" width=\"1824\" height=\"1368\" srcset=\"https:\/\/www.monta\u00f1asdelaluna.es\/wp-content\/uploads\/2017\/09\/IMG_5223.jpg 1824w, https:\/\/www.monta\u00f1asdelaluna.es\/wp-content\/uploads\/2017\/09\/IMG_5223-300x225.jpg 300w, https:\/\/www.monta\u00f1asdelaluna.es\/wp-content\/uploads\/2017\/09\/IMG_5223-1024x768.jpg 1024w\" sizes=\"auto, (max-width: 1824px) 100vw, 1824px\" \/><\/a><p id=\"caption-attachment-37672\" class=\"wp-caption-text\">Hayedo camino del Pant\u00e0 de Santa Fe<\/p><\/div>\n<div id=\"attachment_37675\" style=\"width: 1834px\" class=\"wp-caption aligncenter\"><a class=\"dt-single-image\" href=\"https:\/\/www.monta\u00f1asdelaluna.es\/wp-content\/uploads\/2017\/09\/IMG_5226.jpg\" data-dt-img-description=\"\"><img loading=\"lazy\" decoding=\"async\" aria-describedby=\"caption-attachment-37675\" class=\"wp-image-37675 size-full\" src=\"https:\/\/www.monta\u00f1asdelaluna.es\/wp-content\/uploads\/2017\/09\/IMG_5226.jpg\" alt=\"Hayedo camino del Pant\u00e0 de Santa Fe\" width=\"1824\" height=\"1368\" srcset=\"https:\/\/www.monta\u00f1asdelaluna.es\/wp-content\/uploads\/2017\/09\/IMG_5226.jpg 1824w, https:\/\/www.monta\u00f1asdelaluna.es\/wp-content\/uploads\/2017\/09\/IMG_5226-300x225.jpg 300w, https:\/\/www.monta\u00f1asdelaluna.es\/wp-content\/uploads\/2017\/09\/IMG_5226-1024x768.jpg 1024w\" sizes=\"auto, (max-width: 1824px) 100vw, 1824px\" \/><\/a><p id=\"caption-attachment-37675\" class=\"wp-caption-text\">Hayedo camino del Pant\u00e0 de Santa Fe<\/p><\/div>\n<p>Y al final as\u00ed hicimos. Sin cruzar la presa seguimos por el camino, senda, que sigue por la orilla derecha del Pant\u00e0 de Santa Fe. Hay rincones bonitos con el arroyo haciendo sus saltos y \u201cgorgs\u201d entre toboganes de roca en su lecho. Pero el agobio de la gente no deja indiferente. Casi al final aparece una pasarela de madera que cruza el riachuelo, el arroyo, ya en direcci\u00f3n a las gigantescas secuoyas de Santa Fe. Es un lugar id\u00edlico, precioso\u2026 para sacar una rom\u00e1ntica y encantadora foto\u2026 si no aparece gente por el fondo, claro.<\/p>\n<div id=\"attachment_37679\" style=\"width: 1834px\" class=\"wp-caption aligncenter\"><a class=\"dt-single-image\" href=\"https:\/\/www.monta\u00f1asdelaluna.es\/wp-content\/uploads\/2017\/09\/cercanias-de-santa-fe.jpg\" data-dt-img-description=\"\"><img loading=\"lazy\" decoding=\"async\" aria-describedby=\"caption-attachment-37679\" class=\"wp-image-37679 size-full\" src=\"https:\/\/www.monta\u00f1asdelaluna.es\/wp-content\/uploads\/2017\/09\/cercanias-de-santa-fe.jpg\" alt=\"Cercan\u00edas de Santa Fe\" width=\"1824\" height=\"1368\" srcset=\"https:\/\/www.monta\u00f1asdelaluna.es\/wp-content\/uploads\/2017\/09\/cercanias-de-santa-fe.jpg 1824w, https:\/\/www.monta\u00f1asdelaluna.es\/wp-content\/uploads\/2017\/09\/cercanias-de-santa-fe-300x225.jpg 300w, https:\/\/www.monta\u00f1asdelaluna.es\/wp-content\/uploads\/2017\/09\/cercanias-de-santa-fe-1024x768.jpg 1024w\" sizes=\"auto, (max-width: 1824px) 100vw, 1824px\" \/><\/a><p id=\"caption-attachment-37679\" class=\"wp-caption-text\">Cercan\u00edas de Santa Fe<\/p><\/div>\n<p>Y as\u00ed, girando en esta nueva pasarela de madera hacia la izquierda, volvemos al conjunto de Santa Fe, donde acabamos la excursi\u00f3n, la marcha. Es un hayedo fenomenal. Siempre es precioso recorrerse un bosque como este tan bien conservado y de ejemplares tan longevos. Corto, f\u00e1cil pero encantador recorrido.<\/p>\n<div id=\"attachment_37687\" style=\"width: 710px\" class=\"wp-caption aligncenter\"><a class=\"dt-single-image\" href=\"https:\/\/www.monta\u00f1asdelaluna.es\/wp-content\/uploads\/2017\/09\/santa-fe.croquis.jpg\" data-dt-img-description=\"\"><img loading=\"lazy\" decoding=\"async\" aria-describedby=\"caption-attachment-37687\" class=\"wp-image-37687 size-full\" src=\"https:\/\/www.monta\u00f1asdelaluna.es\/wp-content\/uploads\/2017\/09\/santa-fe.croquis.jpg\" alt=\"Croquis del recorrido por el Tur\u00f3 Morou y Pant\u00e0 de Santa Fe\" width=\"700\" height=\"678\" srcset=\"https:\/\/www.monta\u00f1asdelaluna.es\/wp-content\/uploads\/2017\/09\/santa-fe.croquis.jpg 700w, https:\/\/www.monta\u00f1asdelaluna.es\/wp-content\/uploads\/2017\/09\/santa-fe.croquis-300x291.jpg 300w\" sizes=\"auto, (max-width: 700px) 100vw, 700px\" \/><\/a><p id=\"caption-attachment-37687\" class=\"wp-caption-text\">Croquis del recorrido por el Tur\u00f3 Morou y Pant\u00e0 de Santa Fe<\/p><\/div>\n<p>[vc_separator][\/vc_column_text][\/vc_column][\/vc_row][vc_row][vc_column][vc_empty_space height=\u00bb60px\u00bb][\/vc_column][\/vc_row][vc_row][vc_column][vc_cta h2=\u00bb\u00c1lbum de fotos\u00bb txt_align=\u00bbcenter\u00bb add_button=\u00bbbottom\u00bb btn_title=\u00bbVer fotos\u00bb btn_color=\u00bbwarning\u00bb btn_align=\u00bbcenter\u00bb btn_link=\u00bburl:https%3A%2F%2Fmonta%C3%B1asdelaluna.es%2F%3Fdt_gallery%3Dturo-morou-y-panta-de-santa-fe-2|title:Tur%C3%B3%20Morou%20y%20Pant%C3%A0%20de%20Santa%20Fe|target:_blank\u00bb css=\u00bb.vc_custom_1625988331047{background-color: #8bc4ed !important;}\u00bb]Puedes ver todas las fotos del relato y actividad en forma de presentaci\u00f3n o individuales pinchando aqui \u00a1No te las pierdas![\/vc_cta][\/vc_column][\/vc_row][vc_row][vc_column][vc_empty_space height=\u00bb60px\u00bb][\/vc_column][\/vc_row][vc_row][vc_column width=\u00bb1\/3&#8243;][\/vc_column][vc_column width=\u00bb1\/2&#8243;][vc_raw_html]JTNDaWZyYW1lJTIwc3JjJTNEJTIyaHR0cHMlM0ElMkYlMkZ3d3cubWV0ZW9ibHVlLmNvbSUyRmVzJTJGdGllbXBvJTJGd2lkZ2V0JTJGZGFpbHklMkZzYW50YS1mZS1kZWwtbW9udHNlbnlfZXNwYSUyNWMzJTI1YjFhXzY2OTMwMjklM0ZnZW9sb2MlM0RmaXhlZCUyNmRheXMlM0Q3JTI2dGVtcHVuaXQlM0RDRUxTSVVTJTI2d2luZHVuaXQlM0RLSUxPTUVURVJfUEVSX0hPVVIlMjZwcmVjaXB1bml0JTNETUlMTElNRVRFUiUyNmNvbG91cmVkJTNEY29sb3VyZWQlMjZwaWN0b2ljb24lM0QwJTI2cGljdG9pY29uJTNEMSUyNm1heHRlbXBlcmF0dXJlJTNEMCUyNm1heHRlbXBlcmF0dXJlJTNEMSUyNm1pbnRlbXBlcmF0dXJlJTNEMCUyNm1pbnRlbXBlcmF0dXJlJTNEMSUyNndpbmRzcGVlZCUzRDAlMjZ3aW5kc3BlZWQlM0QxJTI2d2luZGd1c3QlM0QwJTI2d2luZGd1c3QlM0QxJTI2d2luZGRpcmVjdGlvbiUzRDAlMjZ3aW5kZGlyZWN0aW9uJTNEMSUyNnV2JTNEMCUyNmh1bWlkaXR5JTNEMCUyNnByZWNpcGl0YXRpb24lM0QwJTI2cHJlY2lwaXRhdGlvbiUzRDElMjZwcmVjaXBpdGF0aW9ucHJvYmFiaWxpdHklM0QwJTI2cHJlY2lwaXRhdGlvbnByb2JhYmlsaXR5JTNEMSUyNnNwb3QlM0QwJTI2c3BvdCUzRDElMjZwcmVzc3VyZSUzRDAlMjZwcmVzc3VyZSUzRDElMjZsYXlvdXQlM0RsaWdodCUyMiUyMCUyMGZyYW1lYm9yZGVyJTNEJTIyMCUyMiUyMHNjcm9sbGluZyUzRCUyMk5PJTIyJTIwYWxsb3d0cmFuc3BhcmVuY3klM0QlMjJ0cnVlJTIyJTIwc2FuZGJveCUzRCUyMmFsbG93LXNhbWUtb3JpZ2luJTIwYWxsb3ctc2NyaXB0cyUyMGFsbG93LXBvcHVwcyUyMiUyMHN0eWxlJTNEJTIyd2lkdGglM0ElMjAzNzhweCUzQmhlaWdodCUzQSUyMDQxNHB4JTIyJTNFJTNDJTJGaWZyYW1lJTNFJTNDZGl2JTNFJTNDJTIxLS0lMjBETyUyME5PVCUyMFJFTU9WRSUyMFRISVMlMjBMSU5LJTIwLS0lM0UlM0NhJTIwaHJlZiUzRCUyMmh0dHBzJTNBJTJGJTJGd3d3Lm1ldGVvYmx1ZS5jb20lMkZlcyUyRnRpZW1wbyUyRnByb25vc3RpY28lMkZzZW1hbmElMkZzYW50YS1mZS1kZWwtbW9udHNlbnlfZXNwYSUyNWMzJTI1YjFhXzY2OTMwMjklM0Z1dG1fc291cmNlJTNEd2VhdGhlcl93aWRnZXQlMjZ1dG1fbWVkaXVtJTNEbGlua3VzJTI2dXRtX2NvbnRlbnQlM0RkYWlseSUyNnV0bV9jYW1wYWlnbiUzRFdlYXRoZXIlMjUyQldpZGdldCUyMiUyMHRhcmdldCUzRCUyMl9ibGFuayUyMiUzRW1ldGVvYmx1ZSUzQyUyRmElM0UlM0MlMkZkaXYlM0U=[\/vc_raw_html][\/vc_column][vc_column width=\u00bb1\/5&#8243;][\/vc_column][\/vc_row]<\/p>\n","protected":false},"excerpt":{"rendered":"<p>[vc_row][vc_column][vc_column_text]Otro paseo por los hayedos que rodean el lugar de Santa Fe en el Montseny. Paseo por qu\u00e9 no representa dificultad alguna ni esfuerzo el hacer esta actividad. Igual que la pasada actividad Santa Fe y Tur\u00f3 Morou, hicimos el mismo recorrido pero con alguna nueva variante, alg\u00fan a\u00f1adido que ahora indico. El pasado domingo&hellip;<\/p>\n","protected":false},"author":1,"featured_media":37679,"comment_status":"open","ping_status":"open","sticky":false,"template":"","format":"standard","meta":[],"categories":[131],"tags":[],"class_list":["post-37684","post","type-post","status-publish","format-standard","has-post-thumbnail","hentry","category-turo-de-lhome","category-131","description-off"],"_links":{"self":[{"href":"https:\/\/www.monta\u00f1asdelaluna.es\/index.php?rest_route=\/wp\/v2\/posts\/37684","targetHints":{"allow":["GET"]}}],"collection":[{"href":"https:\/\/www.monta\u00f1asdelaluna.es\/index.php?rest_route=\/wp\/v2\/posts"}],"about":[{"href":"https:\/\/www.monta\u00f1asdelaluna.es\/index.php?rest_route=\/wp\/v2\/types\/post"}],"author":[{"embeddable":true,"href":"https:\/\/www.monta\u00f1asdelaluna.es\/index.php?rest_route=\/wp\/v2\/users\/1"}],"replies":[{"embeddable":true,"href":"https:\/\/www.monta\u00f1asdelaluna.es\/index.php?rest_route=%2Fwp%2Fv2%2Fcomments&post=37684"}],"version-history":[{"count":11,"href":"https:\/\/www.monta\u00f1asdelaluna.es\/index.php?rest_route=\/wp\/v2\/posts\/37684\/revisions"}],"predecessor-version":[{"id":50270,"href":"https:\/\/www.monta\u00f1asdelaluna.es\/index.php?rest_route=\/wp\/v2\/posts\/37684\/revisions\/50270"}],"wp:featuredmedia":[{"embeddable":true,"href":"https:\/\/www.monta\u00f1asdelaluna.es\/index.php?rest_route=\/wp\/v2\/media\/37679"}],"wp:attachment":[{"href":"https:\/\/www.monta\u00f1asdelaluna.es\/index.php?rest_route=%2Fwp%2Fv2%2Fmedia&parent=37684"}],"wp:term":[{"taxonomy":"category","embeddable":true,"href":"https:\/\/www.monta\u00f1asdelaluna.es\/index.php?rest_route=%2Fwp%2Fv2%2Fcategories&post=37684"},{"taxonomy":"post_tag","embeddable":true,"href":"https:\/\/www.monta\u00f1asdelaluna.es\/index.php?rest_route=%2Fwp%2Fv2%2Ftags&post=37684"}],"curies":[{"name":"wp","href":"https:\/\/api.w.org\/{rel}","templated":true}]}}