{"id":37745,"date":"2017-09-24T19:03:28","date_gmt":"2017-09-24T19:03:28","guid":{"rendered":"http:\/\/monta\u00f1asdelaluna.com\/?p=37745"},"modified":"2021-07-15T21:50:32","modified_gmt":"2021-07-15T21:50:32","slug":"puigpedros-las-alturas-de-la-cerdana","status":"publish","type":"post","link":"https:\/\/www.monta\u00f1asdelaluna.es\/?p=37745","title":{"rendered":"Puigpedr\u00f3s. Las alturas de La Cerda\u00f1a"},"content":{"rendered":"<p>[vc_row][vc_column][vc_column_text]Una salida rel\u00e1mpago programada de un d\u00eda para otro. En un principio quer\u00eda subir uno de los picos m\u00e1s representativos de la barrera, cadena Cad\u00ed-Moixer\u00f3-Puigllan\u00e7ada, que cierran el amplio valle de La Cerda\u00f1a por el sur: la Tosa d\u2019Alp.<\/p>\n<p>Pero mis amigos y viejos compa\u00f1eros del Centro Excursionista Almorad\u00ed que viven en Alp, Javi y Zaida, al ver dicha actividad, me propusieron el salir con ellos ya que ese mismo d\u00eda Zaida iba a subir el Puigpedr\u00f3s con unos amigos de la zona. Con lo que sin pens\u00e1rmelo mucho acept\u00e9 el cambiar la actividad para subir una de las cimas m\u00e1s altas de La Cerda\u00f1a; 2 metros m\u00e1s alta que el Puigmal.<\/p>\n<p>Entonces el pasado domingo 24 cruc\u00e9 el t\u00fanel del Cad\u00ed para reunirme con mi buena amiga y compa\u00f1era de monta\u00f1as Zaida, despu\u00e9s pasar por Puigcerd\u00e0, recoger unos amigos y compa\u00f1eros de ella, y ya poner rumbo al pueblecito de Meranges; queda al final de un vallecito girando hacia el norte entre Puigcerd\u00e0 y Bellver de Cerdanya.<\/p>\n<div id=\"attachment_37693\" style=\"width: 1034px\" class=\"wp-caption aligncenter\"><a class=\"dt-single-image\" href=\"https:\/\/www.monta\u00f1asdelaluna.es\/wp-content\/uploads\/2017\/10\/estany-sec-junto-a-malniu.jpg\" data-dt-img-description=\"\"><img loading=\"lazy\" decoding=\"async\" aria-describedby=\"caption-attachment-37693\" class=\"wp-image-37693 size-large\" src=\"https:\/\/www.monta\u00f1asdelaluna.es\/wp-content\/uploads\/2017\/10\/estany-sec-junto-a-malniu-1024x768.jpg\" alt=\"Estany Sec junto a Malniu\" width=\"1024\" height=\"768\" srcset=\"https:\/\/www.monta\u00f1asdelaluna.es\/wp-content\/uploads\/2017\/10\/estany-sec-junto-a-malniu-1024x768.jpg 1024w, https:\/\/www.monta\u00f1asdelaluna.es\/wp-content\/uploads\/2017\/10\/estany-sec-junto-a-malniu-300x225.jpg 300w, https:\/\/www.monta\u00f1asdelaluna.es\/wp-content\/uploads\/2017\/10\/estany-sec-junto-a-malniu.jpg 1824w\" sizes=\"auto, (max-width: 1024px) 100vw, 1024px\" \/><\/a><p id=\"caption-attachment-37693\" class=\"wp-caption-text\">Estany Sec junto a Malniu<\/p><\/div>\n<div id=\"attachment_37696\" style=\"width: 1034px\" class=\"wp-caption aligncenter\"><a class=\"dt-single-image\" href=\"https:\/\/www.monta\u00f1asdelaluna.es\/wp-content\/uploads\/2017\/10\/valle-de-meranges-o-del-duran-al-fondo-la-tosa-d-alp-a-la-izquierda-y-las-penyes-altes-de-moixero-en-el-centro.jpg\" data-dt-img-description=\"\"><img loading=\"lazy\" decoding=\"async\" aria-describedby=\"caption-attachment-37696\" class=\"wp-image-37696 size-large\" src=\"https:\/\/www.monta\u00f1asdelaluna.es\/wp-content\/uploads\/2017\/10\/valle-de-meranges-o-del-duran-al-fondo-la-tosa-d-alp-a-la-izquierda-y-las-penyes-altes-de-moixero-en-el-centro-1024x768.jpg\" alt=\"Valle de Meranges o del Dur\u00e1n, al fondo la Tosa d'Alp a la izquierda y las Penyes Altes de Moixer\u00f3 en el centro\" width=\"1024\" height=\"768\" srcset=\"https:\/\/www.monta\u00f1asdelaluna.es\/wp-content\/uploads\/2017\/10\/valle-de-meranges-o-del-duran-al-fondo-la-tosa-d-alp-a-la-izquierda-y-las-penyes-altes-de-moixero-en-el-centro-1024x768.jpg 1024w, https:\/\/www.monta\u00f1asdelaluna.es\/wp-content\/uploads\/2017\/10\/valle-de-meranges-o-del-duran-al-fondo-la-tosa-d-alp-a-la-izquierda-y-las-penyes-altes-de-moixero-en-el-centro-300x225.jpg 300w, https:\/\/www.monta\u00f1asdelaluna.es\/wp-content\/uploads\/2017\/10\/valle-de-meranges-o-del-duran-al-fondo-la-tosa-d-alp-a-la-izquierda-y-las-penyes-altes-de-moixero-en-el-centro.jpg 1824w\" sizes=\"auto, (max-width: 1024px) 100vw, 1024px\" \/><\/a><p id=\"caption-attachment-37696\" class=\"wp-caption-text\">Valle de Meranges o del Dur\u00e1n, al fondo la Tosa d&#8217;Alp a la izquierda y las Penyes Altes de Moixer\u00f3 en el centro<\/p><\/div>\n<p>Una carreterilla de monta\u00f1a nos acerca hasta la peque\u00f1a y cuca poblaci\u00f3n, y desde ella misma sale una pista que sube por la monta\u00f1a en busca del famoso Refugio de Malniu. Famoso por las veces que he o\u00eddo hablar de \u00e9l cuando se realizaban actividades por esta parte del Pirineo, y a veces en el espacio de meteorolog\u00eda El Temps de TV3. El camino parece que no tiene fin. Como todo camino de alta monta\u00f1a (me acuerdo del que llegaba hasta Fontalba en las faldas del Puigmal), parece eterno y mal cuidado, m\u00e1s apto para todoterrenos que para turismos. Al final encontramos un cruce y giramos hacia la derecha en busca de dicho refugio. Hay una barrera pero est\u00e1 abierta; igual la cierran en invierno. El camino que dejamos sigue subiendo en busca del Pla de La Feixa, donde hay un refugio en el que dicen se come muy bien.<\/p>\n<p>El caminillo acaba en las puertas del mismo Refugio de Malniu, a unos 2.130 mts. de altitud. Hay una especie de parking que supongo es del mismo refugio, a la izquierda del mismo unos ba\u00f1os, y a la derecha el mismo refugio. Enseguida nos sale al encuentro una joven del refugio: \u201cson 3 \u20ac por aparcar\u201d, que acaba pagando Berta. Son ya pasadas las 10 de la ma\u00f1ana, seg\u00fan Zaida entre 2\u201930 y 3 horas se puede subir el pico. Y al poco rato salimos del parking en direcci\u00f3n oeste, al otro lado del parking y dejando el refugio a la derecha y algo arriba, para emprender la marcha hacia el alto Puigpedr\u00f3s. Hay m\u00e1s coches en el parking, parece que tendremos sobrada compa\u00f1\u00eda. Seg\u00fan Zaida no es un Pirineo, una zona muy visitada por la gente y monta\u00f1eros de fuera de La Cerda\u00f1a, pero en esta ocasi\u00f3n, al ser fiesta ma\u00f1ana por La Merc\u00e8 de Barcelona, hay m\u00e1s visitantes de all\u00e1 y la cima hoy no estar\u00e1 sola.<\/p>\n<div id=\"attachment_37698\" style=\"width: 1034px\" class=\"wp-caption aligncenter\"><a class=\"dt-single-image\" href=\"https:\/\/www.monta\u00f1asdelaluna.es\/wp-content\/uploads\/2017\/10\/subiendo-hacia-las-molleres-del-puigpedros-a-la-izquierda-queda-el-estany-sec.jpg\" data-dt-img-description=\"\"><img loading=\"lazy\" decoding=\"async\" aria-describedby=\"caption-attachment-37698\" class=\"wp-image-37698 size-large\" src=\"https:\/\/www.monta\u00f1asdelaluna.es\/wp-content\/uploads\/2017\/10\/subiendo-hacia-las-molleres-del-puigpedros-a-la-izquierda-queda-el-estany-sec-1024x768.jpg\" alt=\"Subiendo hacia las Molleres del Puigpedr\u00f3s, a la izquierda queda el Estany Sec\" width=\"1024\" height=\"768\" srcset=\"https:\/\/www.monta\u00f1asdelaluna.es\/wp-content\/uploads\/2017\/10\/subiendo-hacia-las-molleres-del-puigpedros-a-la-izquierda-queda-el-estany-sec-1024x768.jpg 1024w, https:\/\/www.monta\u00f1asdelaluna.es\/wp-content\/uploads\/2017\/10\/subiendo-hacia-las-molleres-del-puigpedros-a-la-izquierda-queda-el-estany-sec-300x225.jpg 300w, https:\/\/www.monta\u00f1asdelaluna.es\/wp-content\/uploads\/2017\/10\/subiendo-hacia-las-molleres-del-puigpedros-a-la-izquierda-queda-el-estany-sec.jpg 1824w\" sizes=\"auto, (max-width: 1024px) 100vw, 1024px\" \/><\/a><p id=\"caption-attachment-37698\" class=\"wp-caption-text\">Subiendo hacia las Molleres del Puigpedr\u00f3s, a la izquierda queda el Estany Sec<\/p><\/div>\n<div id=\"attachment_37699\" style=\"width: 1034px\" class=\"wp-caption aligncenter\"><a class=\"dt-single-image\" href=\"https:\/\/www.monta\u00f1asdelaluna.es\/wp-content\/uploads\/2017\/10\/zaida-con-el-puigpedros-al-fondo.jpg\" data-dt-img-description=\"\"><img loading=\"lazy\" decoding=\"async\" aria-describedby=\"caption-attachment-37699\" class=\"wp-image-37699 size-large\" src=\"https:\/\/www.monta\u00f1asdelaluna.es\/wp-content\/uploads\/2017\/10\/zaida-con-el-puigpedros-al-fondo-1024x768.jpg\" alt=\"Zaida con el Puigpedr\u00f3s al fondo\" width=\"1024\" height=\"768\" srcset=\"https:\/\/www.monta\u00f1asdelaluna.es\/wp-content\/uploads\/2017\/10\/zaida-con-el-puigpedros-al-fondo-1024x768.jpg 1024w, https:\/\/www.monta\u00f1asdelaluna.es\/wp-content\/uploads\/2017\/10\/zaida-con-el-puigpedros-al-fondo-300x225.jpg 300w, https:\/\/www.monta\u00f1asdelaluna.es\/wp-content\/uploads\/2017\/10\/zaida-con-el-puigpedros-al-fondo.jpg 1824w\" sizes=\"auto, (max-width: 1024px) 100vw, 1024px\" \/><\/a><p id=\"caption-attachment-37699\" class=\"wp-caption-text\">Zaida con el Puigpedr\u00f3s al fondo<\/p><\/div>\n<p>La ruta es sencilla: seguir el G.R.-11 hacia el oeste, por las faldas de la monta\u00f1a y algo en subida, hasta que a los pocos pasos nos desviamos ladera arriba hacia el norte en busca de las alturas de estas monta\u00f1as. Antes hemos pasado por un bonito rinc\u00f3n enmarcado por la peque\u00f1a lagunita del Estany Sec casi pegada al refugio. Hay postes indicadores de por donde seguir el recorrido, con lo que no hay mucha p\u00e9rdida. Y digo no hay mucha p\u00e9rdida porque igual el desv\u00edo de dejar la senda del G.R. y girar a la derecha ladera arriba, puede ser algo perdedora si no conoces el camino o te llevan como a m\u00ed en esta ocasi\u00f3n. Pero m\u00e1s o menos es seguir el caucecillo, el huequecillo de una bajada de agua (en este momento seca) recta hacia arriba. Es el tramo m\u00e1s empinado de la ruta y donde se coge m\u00e1s altura.<\/p>\n<p>Las vistas poco a poco comienzan a agrandarse, justo a nuestra espalda, al sur, abajo va quedando el vallecillo de Meranges o del R\u00edo Dur\u00e1n, despu\u00e9s le sigue el casi escondido (desde esta altura) ampl\u00edsimo valle de La Cerda\u00f1a y seguidamente las monta\u00f1as que lo cierran por el sur, que por orden de protagonismo y mayor visualizaci\u00f3n ir\u00e9 nombrando: Tosa d\u2019Alp (la m\u00e1s en\u00e9rgica y cercana), Les Penyes Altes de Moixer\u00f3, Sierra del Cad\u00ed\u2026 A la subida y bajada disfrutaremos siempre de este paisaje que ser\u00e1 el m\u00e1s fotografiado de esta ascensi\u00f3n.<\/p>\n<div id=\"attachment_37706\" style=\"width: 1034px\" class=\"wp-caption aligncenter\"><a class=\"dt-single-image\" href=\"https:\/\/www.monta\u00f1asdelaluna.es\/wp-content\/uploads\/2017\/10\/camino-de-la-cima-del-puigpedros-dicho-pico-al-fondo.jpg\" data-dt-img-description=\"\"><img loading=\"lazy\" decoding=\"async\" aria-describedby=\"caption-attachment-37706\" class=\"wp-image-37706 size-large\" src=\"https:\/\/www.monta\u00f1asdelaluna.es\/wp-content\/uploads\/2017\/10\/camino-de-la-cima-del-puigpedros-dicho-pico-al-fondo-1024x575.jpg\" alt=\"Camino de la cima del Puigpedr\u00f3s, dicho pico al fondo\" width=\"1024\" height=\"575\" srcset=\"https:\/\/www.monta\u00f1asdelaluna.es\/wp-content\/uploads\/2017\/10\/camino-de-la-cima-del-puigpedros-dicho-pico-al-fondo-1024x575.jpg 1024w, https:\/\/www.monta\u00f1asdelaluna.es\/wp-content\/uploads\/2017\/10\/camino-de-la-cima-del-puigpedros-dicho-pico-al-fondo-300x168.jpg 300w, https:\/\/www.monta\u00f1asdelaluna.es\/wp-content\/uploads\/2017\/10\/camino-de-la-cima-del-puigpedros-dicho-pico-al-fondo.jpg 1824w\" sizes=\"auto, (max-width: 1024px) 100vw, 1024px\" \/><\/a><p id=\"caption-attachment-37706\" class=\"wp-caption-text\">Camino de la cima del Puigpedr\u00f3s, dicho pico al fondo<\/p><\/div>\n<div id=\"attachment_37708\" style=\"width: 1034px\" class=\"wp-caption aligncenter\"><a class=\"dt-single-image\" href=\"https:\/\/www.monta\u00f1asdelaluna.es\/wp-content\/uploads\/2017\/10\/caballos-camino-de-la-cima-del-puigpedros-dicho-pico-al-fondo.jpg\" data-dt-img-description=\"\"><img loading=\"lazy\" decoding=\"async\" aria-describedby=\"caption-attachment-37708\" class=\"wp-image-37708 size-large\" src=\"https:\/\/www.monta\u00f1asdelaluna.es\/wp-content\/uploads\/2017\/10\/caballos-camino-de-la-cima-del-puigpedros-dicho-pico-al-fondo-1024x768.jpg\" alt=\"Caballos camino de la cima del Puigpedr\u00f3s, dicho pico al fondo\" width=\"1024\" height=\"768\" srcset=\"https:\/\/www.monta\u00f1asdelaluna.es\/wp-content\/uploads\/2017\/10\/caballos-camino-de-la-cima-del-puigpedros-dicho-pico-al-fondo-1024x768.jpg 1024w, https:\/\/www.monta\u00f1asdelaluna.es\/wp-content\/uploads\/2017\/10\/caballos-camino-de-la-cima-del-puigpedros-dicho-pico-al-fondo-300x225.jpg 300w, https:\/\/www.monta\u00f1asdelaluna.es\/wp-content\/uploads\/2017\/10\/caballos-camino-de-la-cima-del-puigpedros-dicho-pico-al-fondo.jpg 1824w\" sizes=\"auto, (max-width: 1024px) 100vw, 1024px\" \/><\/a><p id=\"caption-attachment-37708\" class=\"wp-caption-text\">Caballos camino de la cima del Puigpedr\u00f3s, dicho pico al fondo<\/p><\/div>\n<p>La empinada subida junto o cerca de este caucecillo seco de agua, acaba en una especie de falso llano lleno de rocas y con ya las vistas de nuestro objetivo medio oculto por las laderas previas casi a la derecha, al fondo. Aparece como un peque\u00f1o promontorio, casi como si fuera un \u201cmont\u00f3n de rocas\u201d desordenadas, al fondo de una ligera pendiente, de la amplia y suave ladera. Tambi\u00e9n se nos va abriendo ante nosotros m\u00e1s al norte y enfrente (la visi\u00f3n del Puigpedr\u00f3s y su ladera cimera queda enfrente a la derecha) el circo y sus escarpes de Engorgs: un lugar digno de visitar al oeste del Puigpedr\u00f3s, con sus laguitos y pasos, pero que en esta ascensi\u00f3n no tocaremos.<\/p>\n<p>La senda ahora gira algo a la derecha y parece seguir oblicua o en diagonal por la ladera que queda tambi\u00e9n a la derecha. Dicha ladera es la que sube a las Molleres de Puigpedr\u00f3s y a las inmediaciones del piquito Pic de Les Molleres de Puigpedr\u00f3s, pero en lugar de subirla de frente, lo haremos en diagonal hacia el norte entre rocas y otros peque\u00f1os escarpes. La senda aparece clara o no, seg\u00fan la parte por la caminemos, pero al final, la idea es subir arriba de esta loma.<\/p>\n<div id=\"attachment_37710\" style=\"width: 1034px\" class=\"wp-caption aligncenter\"><a class=\"dt-single-image\" href=\"https:\/\/www.monta\u00f1asdelaluna.es\/wp-content\/uploads\/2017\/10\/caballos-camino-de-la-cima-del-puigpedros-al-fondo-las-inmediaciones-de-la-serra-de-comaermada-y-calm-colomer.jpg\" data-dt-img-description=\"\"><img loading=\"lazy\" decoding=\"async\" aria-describedby=\"caption-attachment-37710\" class=\"wp-image-37710 size-large\" src=\"https:\/\/www.monta\u00f1asdelaluna.es\/wp-content\/uploads\/2017\/10\/caballos-camino-de-la-cima-del-puigpedros-al-fondo-las-inmediaciones-de-la-serra-de-comaermada-y-calm-colomer-1024x575.jpg\" alt=\"Caballos camino de la cima del Puigpedr\u00f3s, al fondo las inmediaciones de la Serra de Comaermada y Calm Colomer\" width=\"1024\" height=\"575\" srcset=\"https:\/\/www.monta\u00f1asdelaluna.es\/wp-content\/uploads\/2017\/10\/caballos-camino-de-la-cima-del-puigpedros-al-fondo-las-inmediaciones-de-la-serra-de-comaermada-y-calm-colomer-1024x575.jpg 1024w, https:\/\/www.monta\u00f1asdelaluna.es\/wp-content\/uploads\/2017\/10\/caballos-camino-de-la-cima-del-puigpedros-al-fondo-las-inmediaciones-de-la-serra-de-comaermada-y-calm-colomer-300x168.jpg 300w, https:\/\/www.monta\u00f1asdelaluna.es\/wp-content\/uploads\/2017\/10\/caballos-camino-de-la-cima-del-puigpedros-al-fondo-las-inmediaciones-de-la-serra-de-comaermada-y-calm-colomer.jpg 1824w\" sizes=\"auto, (max-width: 1024px) 100vw, 1024px\" \/><\/a><p id=\"caption-attachment-37710\" class=\"wp-caption-text\">Caballos camino de la cima del Puigpedr\u00f3s, al fondo las inmediaciones de la Serra de Comaermada y Calm Colomer<\/p><\/div>\n<div id=\"attachment_37712\" style=\"width: 1034px\" class=\"wp-caption aligncenter\"><a class=\"dt-single-image\" href=\"https:\/\/www.monta\u00f1asdelaluna.es\/wp-content\/uploads\/2017\/10\/molleres-del-puigpedros-con-dicho-pico-en-el-centro.jpg\" data-dt-img-description=\"\"><img loading=\"lazy\" decoding=\"async\" aria-describedby=\"caption-attachment-37712\" class=\"wp-image-37712 size-large\" src=\"https:\/\/www.monta\u00f1asdelaluna.es\/wp-content\/uploads\/2017\/10\/molleres-del-puigpedros-con-dicho-pico-en-el-centro-1024x768.jpg\" alt=\"Molleres del Puigpedr\u00f3s, con dicho pico en el centro\" width=\"1024\" height=\"768\" srcset=\"https:\/\/www.monta\u00f1asdelaluna.es\/wp-content\/uploads\/2017\/10\/molleres-del-puigpedros-con-dicho-pico-en-el-centro-1024x768.jpg 1024w, https:\/\/www.monta\u00f1asdelaluna.es\/wp-content\/uploads\/2017\/10\/molleres-del-puigpedros-con-dicho-pico-en-el-centro-300x225.jpg 300w, https:\/\/www.monta\u00f1asdelaluna.es\/wp-content\/uploads\/2017\/10\/molleres-del-puigpedros-con-dicho-pico-en-el-centro.jpg 1824w\" sizes=\"auto, (max-width: 1024px) 100vw, 1024px\" \/><\/a><p id=\"caption-attachment-37712\" class=\"wp-caption-text\">Molleres del Puigpedr\u00f3s, con dicho pico en el centro<\/p><\/div>\n<p>Y ya arriba de la loma observamos c\u00f3mo se allana el terreno en una especie de falso plano muy extenso quedando la cima del pico, esas rocas mal amontonadas al norte, izquierda. Seguimos sin p\u00e9rdida hacia su cima. M\u00e1s monta\u00f1eros, corredores y curiosos se han acercado tambi\u00e9n a esta monta\u00f1a y sus proximidades, y al final somos un buen grupo de gente que va y viene con el objetivo del nombrado pico o sus cercan\u00edas.<\/p>\n<p>Atravesamos ahora una zona de terreno acolchado con unas plantas como de pantano entre las cuales hay espacio para que se quede y acumule algo de agua: son las Molleres de Puigpedr\u00f3s. Molleres supongo que vendr\u00e1 de \u201cmullarse\u201d (mojarse), por lo del agua\u2026 digo yo. Un reba\u00f1o de caballos pasta tranquilamente entre los Molleres y el terreno casi llano de esta f\u00e1cil ladera. Nos acercamos a ellos y hasta casi les acariciamos el morro. Desde aqu\u00ed el camino es bien f\u00e1cil e imperdible: solo seguir ladera arriba en busca de ese \u201cmont\u00f3n de rocas\u201d.[vc_separator][\/vc_column_text][\/vc_column][\/vc_row][vc_row][vc_column][vc_empty_space][\/vc_column][\/vc_row][vc_row][vc_column][vc_video link=\u00bbhttps:\/\/vimeo.com\/238298671&#8243; title=\u00bbPuigpedr\u00f3s, 2.913 mts.\u00bb][\/vc_column][\/vc_row][vc_row][vc_column][vc_empty_space][\/vc_column][\/vc_row][vc_row][vc_column][vc_column_text]Parece que est\u00e1 algo lejos, pero no, en cuanto te descuidas y pasado un tiempo ya estamos en las vertientes y en la base de este \u201cmont\u00f3n de rocas\u201d, que es la base de la cima del Puigpedr\u00f3s. Unos pocos pasos entre estas rocas, siguiendo hitos o perfiles f\u00e1ciles ya pisados entre dichas rocas, y en nada, estamos en la cima del Puigpedr\u00f3s, 2.913 mts. Las vistas mientras camin\u00e1bamos por esta ladera que nos llevaba hasta la cima, estaban escondidas por la forma y amplitud del mismo falso llano, pero una vez en la cima del Puigpedr\u00f3s se abr\u00edan ante nuestros ojos ese paisaje y monta\u00f1as como si se tratara de un formidable mirador. Cabe destacar las ya admiradas vistas hacia el sur (que son las que siempre hemos tenido en la subida a nuestra espalda) del amplio valle de La Cerda\u00f1a enmarcada por las monta\u00f1as Tosa d\u2019Alp, Serra de Moixer\u00f3\u2026 El Puigmal aparece algo alejado presidiendo su macizo al sureste; al este en l\u00ednea casi directa recta, entre las monta\u00f1as que se observan, al macizo y cima del Pic Carlit (tantas veces recomendado) con una singular silueta trapezoidal, enmarcada por vertientes abruptas, escarpadas y casi agrestes\u2026 ahora puedo observar con el zum de la c\u00e1mara esa peque\u00f1a trepada por la crestecilla cimera hasta la cumbre del Carlit. Curioso e interesante. Hacia el oeste nos encontramos con el resto de las monta\u00f1as que acogen esta cadena que viene desde las inmediaciones de la Seu d\u2019Urgell y la frontera con Andorra: entre la Serra de L\u2019Esquella y la de Comadeboc, justo al otro lado del vallecillo o circo de Engorgs, aparece al fondo y casi sin reconocer, otra de las alturas de La Cerda\u00f1a: la Tossa Plana de Lles.<\/p>\n<div id=\"attachment_37715\" style=\"width: 1034px\" class=\"wp-caption aligncenter\"><a class=\"dt-single-image\" href=\"https:\/\/www.monta\u00f1asdelaluna.es\/wp-content\/uploads\/2017\/10\/delante-zaida-llegando-a-la-cima-del-puigpedros.jpg\" data-dt-img-description=\"\"><img loading=\"lazy\" decoding=\"async\" aria-describedby=\"caption-attachment-37715\" class=\"wp-image-37715 size-large\" src=\"https:\/\/www.monta\u00f1asdelaluna.es\/wp-content\/uploads\/2017\/10\/delante-zaida-llegando-a-la-cima-del-puigpedros-1024x768.jpg\" alt=\"Delante Zaida llegando a la cima del Puigpedr\u00f3s\" width=\"1024\" height=\"768\" srcset=\"https:\/\/www.monta\u00f1asdelaluna.es\/wp-content\/uploads\/2017\/10\/delante-zaida-llegando-a-la-cima-del-puigpedros-1024x768.jpg 1024w, https:\/\/www.monta\u00f1asdelaluna.es\/wp-content\/uploads\/2017\/10\/delante-zaida-llegando-a-la-cima-del-puigpedros-300x225.jpg 300w, https:\/\/www.monta\u00f1asdelaluna.es\/wp-content\/uploads\/2017\/10\/delante-zaida-llegando-a-la-cima-del-puigpedros.jpg 1824w\" sizes=\"auto, (max-width: 1024px) 100vw, 1024px\" \/><\/a><p id=\"caption-attachment-37715\" class=\"wp-caption-text\">Delante Zaida llegando a la cima del Puigpedr\u00f3s<\/p><\/div>\n<div id=\"attachment_37716\" style=\"width: 1034px\" class=\"wp-caption aligncenter\"><a class=\"dt-single-image\" href=\"https:\/\/www.monta\u00f1asdelaluna.es\/wp-content\/uploads\/2017\/10\/IMG_5263.jpg\" data-dt-img-description=\"\"><img loading=\"lazy\" decoding=\"async\" aria-describedby=\"caption-attachment-37716\" class=\"wp-image-37716 size-large\" src=\"https:\/\/www.monta\u00f1asdelaluna.es\/wp-content\/uploads\/2017\/10\/IMG_5263-1024x768.jpg\" alt=\"Llegando a la cima del Puigpedr\u00f3s\" width=\"1024\" height=\"768\" srcset=\"https:\/\/www.monta\u00f1asdelaluna.es\/wp-content\/uploads\/2017\/10\/IMG_5263-1024x768.jpg 1024w, https:\/\/www.monta\u00f1asdelaluna.es\/wp-content\/uploads\/2017\/10\/IMG_5263-300x225.jpg 300w, https:\/\/www.monta\u00f1asdelaluna.es\/wp-content\/uploads\/2017\/10\/IMG_5263.jpg 1824w\" sizes=\"auto, (max-width: 1024px) 100vw, 1024px\" \/><\/a><p id=\"caption-attachment-37716\" class=\"wp-caption-text\">Llegando a la cima del Puigpedr\u00f3s<\/p><\/div>\n<p>Zaida y yo somos los primeros en llegar a la cima. Hay m\u00e1s gente que almuerza y se recrea en este d\u00eda tan magn\u00edfico de sol y casi de calor\u2026 ni una nube aparece. Mis pantalones cortos no sobran. Nos hacemos fotos. Hac\u00eda mucho tiempo que esta querida, estimada socia, compa\u00f1era y monta\u00f1era del Centro Excursionista Almorad\u00ed y yo no nos ve\u00edamos. Al ratillo llega el resto del grupo. Foto de cima. Video explicando lo que veo (ahora me ha dado por el video, queda muy bien en la web)\u2026 una pareja de mediana edad que ha comenzado su afici\u00f3n por las monta\u00f1as no hace mucho, ha preguntado a unos chicos que sub\u00edan casi corriendo, como si se estuvieran entrenando para alguna carrera de monta\u00f1a, que eran algunas de las monta\u00f1as que se ve\u00edan altas al fondo: \u201cAneto y Monte Perdido\u201d\u2026 para nada, \u201cla que le han dicho que era Monte Perdido es el macizo de los Montes Malditos (le hago una descripci\u00f3n de los piquitos, perfiles de lo poco y alejado que se ve) y el otro macizo o bien es la Pica d\u2019Estats o el Comapedrosa\u2026\u201d (este \u00faltimo no me qued\u00f3 claro, quiz\u00e1s la pr\u00f3xima vez ya lo pueda comparar mejor y describirlo, o me ponga las gafas que no las llevaba puestas\u2026).<\/p>\n<p>El d\u00eda sigue muy bueno. Hemos encontrado algunos residuos de nieve de la pasada nevada que cay\u00f3 en mitad de septiembre en la que baj\u00f3 la temperatura y nev\u00f3 en todo el Pirineo\u2026 pero no ha durado mucho, enseguida suben las temperaturas y el calorcillo vuelve a ser la nota predominante en este inusual oto\u00f1o.<\/p>\n<div id=\"attachment_37721\" style=\"width: 1034px\" class=\"wp-caption aligncenter\"><a class=\"dt-single-image\" href=\"https:\/\/www.monta\u00f1asdelaluna.es\/wp-content\/uploads\/2017\/10\/el-grupo-en-la-cima-del-puigpedros-2-914-mts.jpg\" data-dt-img-description=\"\"><img loading=\"lazy\" decoding=\"async\" aria-describedby=\"caption-attachment-37721\" class=\"wp-image-37721 size-large\" src=\"https:\/\/www.monta\u00f1asdelaluna.es\/wp-content\/uploads\/2017\/10\/el-grupo-en-la-cima-del-puigpedros-2-914-mts-1024x768.jpg\" alt=\"El grupo en la cima del Puigpedr\u00f3s, 2.913 mts.\" width=\"1024\" height=\"768\" srcset=\"https:\/\/www.monta\u00f1asdelaluna.es\/wp-content\/uploads\/2017\/10\/el-grupo-en-la-cima-del-puigpedros-2-914-mts-1024x768.jpg 1024w, https:\/\/www.monta\u00f1asdelaluna.es\/wp-content\/uploads\/2017\/10\/el-grupo-en-la-cima-del-puigpedros-2-914-mts-300x225.jpg 300w, https:\/\/www.monta\u00f1asdelaluna.es\/wp-content\/uploads\/2017\/10\/el-grupo-en-la-cima-del-puigpedros-2-914-mts.jpg 1824w\" sizes=\"auto, (max-width: 1024px) 100vw, 1024px\" \/><\/a><p id=\"caption-attachment-37721\" class=\"wp-caption-text\">El grupo en la cima del Puigpedr\u00f3s, 2.913 mts.<\/p><\/div>\n<div id=\"attachment_37723\" style=\"width: 1034px\" class=\"wp-caption aligncenter\"><a class=\"dt-single-image\" href=\"https:\/\/www.monta\u00f1asdelaluna.es\/wp-content\/uploads\/2017\/10\/al-fondo-la-tossa-plana-de-lles-al-otro-lado-de-la-portella-d-engorgs.jpg\" data-dt-img-description=\"\"><img loading=\"lazy\" decoding=\"async\" aria-describedby=\"caption-attachment-37723\" class=\"wp-image-37723 size-large\" src=\"https:\/\/www.monta\u00f1asdelaluna.es\/wp-content\/uploads\/2017\/10\/al-fondo-la-tossa-plana-de-lles-al-otro-lado-de-la-portella-d-engorgs-1024x575.jpg\" alt=\"Al fondo la Tossa Plana de Lles, al otro lado de la Portella d'Engorgs\" width=\"1024\" height=\"575\" srcset=\"https:\/\/www.monta\u00f1asdelaluna.es\/wp-content\/uploads\/2017\/10\/al-fondo-la-tossa-plana-de-lles-al-otro-lado-de-la-portella-d-engorgs-1024x575.jpg 1024w, https:\/\/www.monta\u00f1asdelaluna.es\/wp-content\/uploads\/2017\/10\/al-fondo-la-tossa-plana-de-lles-al-otro-lado-de-la-portella-d-engorgs-300x168.jpg 300w, https:\/\/www.monta\u00f1asdelaluna.es\/wp-content\/uploads\/2017\/10\/al-fondo-la-tossa-plana-de-lles-al-otro-lado-de-la-portella-d-engorgs.jpg 1824w\" sizes=\"auto, (max-width: 1024px) 100vw, 1024px\" \/><\/a><p id=\"caption-attachment-37723\" class=\"wp-caption-text\">Al fondo la Tossa Plana de Lles, al otro lado de la Portella d&#8217;Engorgs<\/p><\/div>\n<p>No se est\u00e1 mal en la cima, pero debemos de pensar ya en bajarnos. La bajada no tiene historias: es seguir el mismo camino de subida, ahora de bajada, desandando lo pisado en la subida. No hay p\u00e9rdida. Ahora de nuevo las vistas en la bajada con el paisaje de frente, sigue siendo el vallecillo de Meranges, el casi escondido amplio valle de La Cerda\u00f1a al otro lado y salida del vallecillo de Meranges, y las monta\u00f1as al otro lado del valle de La Cerda\u00f1a, con el singular y sobresaliente Tosa d\u2019Alp (monta\u00f1a que dejar\u00e9 para otro d\u00eda).<\/p>\n<p>Fotos de aqu\u00ed y all\u00e1. Son casi las mismas que a la subida. Charlas y ponerme al d\u00eda de los cotilleos y vida de los viejos compa\u00f1eros del Centro Excursionista Almorad\u00ed, Zaida est\u00e1 muy en contacto con ellos. Yo no tanto\u2026 Despu\u00e9s de aquella bajada con tanta pendiente en la que las rodillas ya nos gritan y se resienten por el esfuerzo, giramos a la izquierda para dirigirnos al Estany Sec y al inhiesto Refugio de Malniu.<\/p>\n<div id=\"attachment_37729\" style=\"width: 1034px\" class=\"wp-caption aligncenter\"><a class=\"dt-single-image\" href=\"https:\/\/www.monta\u00f1asdelaluna.es\/wp-content\/uploads\/2017\/10\/bajando-de-la-cima-del-puigpedros-hacia-las-molleres-del-mismo-pico.jpg\" data-dt-img-description=\"\"><img loading=\"lazy\" decoding=\"async\" aria-describedby=\"caption-attachment-37729\" class=\"wp-image-37729 size-large\" src=\"https:\/\/www.monta\u00f1asdelaluna.es\/wp-content\/uploads\/2017\/10\/bajando-de-la-cima-del-puigpedros-hacia-las-molleres-del-mismo-pico-1024x768.jpg\" alt=\"Bajando de la cima del Puigpedr\u00f3s hacia las Molleres del mismo pico\" width=\"1024\" height=\"768\" srcset=\"https:\/\/www.monta\u00f1asdelaluna.es\/wp-content\/uploads\/2017\/10\/bajando-de-la-cima-del-puigpedros-hacia-las-molleres-del-mismo-pico-1024x768.jpg 1024w, https:\/\/www.monta\u00f1asdelaluna.es\/wp-content\/uploads\/2017\/10\/bajando-de-la-cima-del-puigpedros-hacia-las-molleres-del-mismo-pico-300x225.jpg 300w, https:\/\/www.monta\u00f1asdelaluna.es\/wp-content\/uploads\/2017\/10\/bajando-de-la-cima-del-puigpedros-hacia-las-molleres-del-mismo-pico.jpg 1824w\" sizes=\"auto, (max-width: 1024px) 100vw, 1024px\" \/><\/a><p id=\"caption-attachment-37729\" class=\"wp-caption-text\">Bajando de la cima del Puigpedr\u00f3s hacia las Molleres del mismo pico<\/p><\/div>\n<div id=\"attachment_37735\" style=\"width: 1034px\" class=\"wp-caption aligncenter\"><a class=\"dt-single-image\" href=\"https:\/\/www.monta\u00f1asdelaluna.es\/wp-content\/uploads\/2017\/10\/abajo-el-valle-de-meranges-o-del-rio-duran-al-otro-lado-el-amplio-valle-de-la-cerdana.jpg\" data-dt-img-description=\"\"><img loading=\"lazy\" decoding=\"async\" aria-describedby=\"caption-attachment-37735\" class=\"wp-image-37735 size-large\" src=\"https:\/\/www.monta\u00f1asdelaluna.es\/wp-content\/uploads\/2017\/10\/abajo-el-valle-de-meranges-o-del-rio-duran-al-otro-lado-el-amplio-valle-de-la-cerdana-1024x575.jpg\" alt=\"Abajo el valle de Meranges o del R\u00edo Dur\u00e1n, al otro lado el amplio valle de La Cerda\u00f1a\" width=\"1024\" height=\"575\" srcset=\"https:\/\/www.monta\u00f1asdelaluna.es\/wp-content\/uploads\/2017\/10\/abajo-el-valle-de-meranges-o-del-rio-duran-al-otro-lado-el-amplio-valle-de-la-cerdana-1024x575.jpg 1024w, https:\/\/www.monta\u00f1asdelaluna.es\/wp-content\/uploads\/2017\/10\/abajo-el-valle-de-meranges-o-del-rio-duran-al-otro-lado-el-amplio-valle-de-la-cerdana-300x168.jpg 300w, https:\/\/www.monta\u00f1asdelaluna.es\/wp-content\/uploads\/2017\/10\/abajo-el-valle-de-meranges-o-del-rio-duran-al-otro-lado-el-amplio-valle-de-la-cerdana.jpg 1824w\" sizes=\"auto, (max-width: 1024px) 100vw, 1024px\" \/><\/a><p id=\"caption-attachment-37735\" class=\"wp-caption-text\">Abajo el valle de Meranges o del R\u00edo Dur\u00e1n, al otro lado el amplio valle de La Cerda\u00f1a<\/p><\/div>\n<p>Justo en las orillas del Estany Sec una tienda de campa\u00f1a (aqu\u00ed se puede acampar libremente, pero pagando esos 3 \u20ac del parking y ba\u00f1os del Refugio de Malniu), y una familia de \u201cpissapins\u201d en la que la madre o se\u00f1ora que pululaba por las orillas con sus hijos con vestimenta de ciudad o de calle, nos pregunta: \u201c\u00bfhay algo interesante por all\u00e1 de donde ven\u00eds? Es que veo a mucha gente que viene de por all\u00ed\u201d \u2026 risas por dentro. Hac\u00eda mucho tiempo que en la monta\u00f1a no nos encontr\u00e1bamos a alguien que nos preguntase, en la misma monta\u00f1a, si hab\u00eda \u201calgo interesante\u201d en la monta\u00f1a. Zaida intenta ser amable y le dice que venimos de una cima, de una monta\u00f1a, del Puigpedr\u00f3s \u201c\u00bfy est\u00e1 muy lejos?\u201d Vemos los pantalones vaqueros, zapatillas\u2026 mejor dejamos que hagan lo que estimen sin m\u00e1s consejos.<\/p>\n<div id=\"attachment_37736\" style=\"width: 1034px\" class=\"wp-caption aligncenter\"><a class=\"dt-single-image\" href=\"https:\/\/www.monta\u00f1asdelaluna.es\/wp-content\/uploads\/2017\/10\/llegando-al-estany-sec.jpg\" data-dt-img-description=\"\"><img loading=\"lazy\" decoding=\"async\" aria-describedby=\"caption-attachment-37736\" class=\"wp-image-37736 size-large\" src=\"https:\/\/www.monta\u00f1asdelaluna.es\/wp-content\/uploads\/2017\/10\/llegando-al-estany-sec-1024x768.jpg\" alt=\"Llegando al Estany Sec\" width=\"1024\" height=\"768\" srcset=\"https:\/\/www.monta\u00f1asdelaluna.es\/wp-content\/uploads\/2017\/10\/llegando-al-estany-sec-1024x768.jpg 1024w, https:\/\/www.monta\u00f1asdelaluna.es\/wp-content\/uploads\/2017\/10\/llegando-al-estany-sec-300x225.jpg 300w, https:\/\/www.monta\u00f1asdelaluna.es\/wp-content\/uploads\/2017\/10\/llegando-al-estany-sec.jpg 1824w\" sizes=\"auto, (max-width: 1024px) 100vw, 1024px\" \/><\/a><p id=\"caption-attachment-37736\" class=\"wp-caption-text\">Llegando al Estany Sec<\/p><\/div>\n<div id=\"attachment_37739\" style=\"width: 1034px\" class=\"wp-caption aligncenter\"><a class=\"dt-single-image\" href=\"https:\/\/www.monta\u00f1asdelaluna.es\/wp-content\/uploads\/2017\/10\/refugio-de-malniu.jpg\" data-dt-img-description=\"\"><img loading=\"lazy\" decoding=\"async\" aria-describedby=\"caption-attachment-37739\" class=\"wp-image-37739 size-large\" src=\"https:\/\/www.monta\u00f1asdelaluna.es\/wp-content\/uploads\/2017\/10\/refugio-de-malniu-1024x768.jpg\" alt=\"Refugio de Malniu\" width=\"1024\" height=\"768\" srcset=\"https:\/\/www.monta\u00f1asdelaluna.es\/wp-content\/uploads\/2017\/10\/refugio-de-malniu-1024x768.jpg 1024w, https:\/\/www.monta\u00f1asdelaluna.es\/wp-content\/uploads\/2017\/10\/refugio-de-malniu-300x225.jpg 300w, https:\/\/www.monta\u00f1asdelaluna.es\/wp-content\/uploads\/2017\/10\/refugio-de-malniu.jpg 1824w\" sizes=\"auto, (max-width: 1024px) 100vw, 1024px\" \/><\/a><p id=\"caption-attachment-37739\" class=\"wp-caption-text\">Refugio de Malniu<\/p><\/div>\n<p>Una cerveza o Coca-Cola en el Refugio de Malniu para celebrar la actividad del d\u00eda con todo el grupo. Ha sido un descubrimiento interesante. Una parte del Pirineo que no conoc\u00eda: las alturas de La Cerda\u00f1a; pero las alturas de la parte norte, de las monta\u00f1as y cimas que hacen frontera con Andorra y Francia\u2026 en inviernos tiene que ser precioso todo esto tan nevado, adem\u00e1s de que no es dif\u00edcil y es r\u00e1pida la subida sin dificultades ni p\u00e9rdidas. Habr\u00e1 que ir haciendo hueco en la agenda monta\u00f1era para ir descubriendo m\u00e1s monta\u00f1as y lugares como estos en los magn\u00edficos Pirineos y alturas de La Cerda\u00f1a.<\/p>\n<div id=\"attachment_37748\" style=\"width: 798px\" class=\"wp-caption aligncenter\"><a class=\"dt-single-image\" href=\"https:\/\/www.monta\u00f1asdelaluna.es\/wp-content\/uploads\/2017\/09\/Puigpedros.croquis.web_.jpg\" data-dt-img-description=\"\"><img loading=\"lazy\" decoding=\"async\" aria-describedby=\"caption-attachment-37748\" class=\"wp-image-37748 size-full\" src=\"https:\/\/www.monta\u00f1asdelaluna.es\/wp-content\/uploads\/2017\/09\/Puigpedros.croquis.web_.jpg\" alt=\"Croquis de la subida al Puigpedr\u00f3s desde el Refugio de Malniu\" width=\"788\" height=\"782\" srcset=\"https:\/\/www.monta\u00f1asdelaluna.es\/wp-content\/uploads\/2017\/09\/Puigpedros.croquis.web_.jpg 788w, https:\/\/www.monta\u00f1asdelaluna.es\/wp-content\/uploads\/2017\/09\/Puigpedros.croquis.web_-150x150.jpg 150w, https:\/\/www.monta\u00f1asdelaluna.es\/wp-content\/uploads\/2017\/09\/Puigpedros.croquis.web_-300x298.jpg 300w\" sizes=\"auto, (max-width: 788px) 100vw, 788px\" \/><\/a><p id=\"caption-attachment-37748\" class=\"wp-caption-text\">Croquis de la subida al Puigpedr\u00f3s desde el Refugio de Malniu<\/p><\/div>\n<p>[\/vc_column_text][\/vc_column][\/vc_row][vc_row][vc_column][vc_empty_space height=\u00bb60px\u00bb][\/vc_column][\/vc_row][vc_row][vc_column][vc_cta h2=\u00bb\u00c1lbum de fotos\u00bb txt_align=\u00bbcenter\u00bb add_button=\u00bbbottom\u00bb btn_title=\u00bbVer fotos\u00bb btn_color=\u00bbwarning\u00bb btn_align=\u00bbcenter\u00bb btn_link=\u00bburl:https%3A%2F%2Fmonta%C3%B1asdelaluna.es%2F%3Fdt_gallery%3Dpuigpedros-las-alturas-de-la-cerdana-2|title:Puigpedr%C3%B3s.%20Las%20alturas%20de%20La%20Cerda%C3%B1a|target:_blank\u00bb css=\u00bb.vc_custom_1625698150071{background-color: #8bc4ed !important;}\u00bb]Puedes ver todas las fotos del relato y actividad en forma de presentaci\u00f3n o individuales pinchando aqui \u00a1No te las pierdas![\/vc_cta][\/vc_column][\/vc_row][vc_row][vc_column][vc_empty_space height=\u00bb60px\u00bb][\/vc_column][\/vc_row][vc_row][vc_column width=\u00bb1\/3&#8243;][\/vc_column][vc_column width=\u00bb1\/2&#8243;][vc_raw_html]JTNDaWZyYW1lJTIwc3JjJTNEJTIyaHR0cHMlM0ElMkYlMkZ3d3cubWV0ZW9ibHVlLmNvbSUyRmVzJTJGdGllbXBvJTJGd2lkZ2V0JTJGZGFpbHklMkZwdWlnLXBlZHJvc19mcmFuY2lhXzI5ODgyMjclM0ZnZW9sb2MlM0RmaXhlZCUyNmRheXMlM0Q3JTI2dGVtcHVuaXQlM0RDRUxTSVVTJTI2d2luZHVuaXQlM0RLSUxPTUVURVJfUEVSX0hPVVIlMjZwcmVjaXB1bml0JTNETUlMTElNRVRFUiUyNmNvbG91cmVkJTNEY29sb3VyZWQlMjZwaWN0b2ljb24lM0QwJTI2cGljdG9pY29uJTNEMSUyNm1heHRlbXBlcmF0dXJlJTNEMCUyNm1heHRlbXBlcmF0dXJlJTNEMSUyNm1pbnRlbXBlcmF0dXJlJTNEMCUyNm1pbnRlbXBlcmF0dXJlJTNEMSUyNndpbmRzcGVlZCUzRDAlMjZ3aW5kc3BlZWQlM0QxJTI2d2luZGd1c3QlM0QwJTI2d2luZGd1c3QlM0QxJTI2d2luZGRpcmVjdGlvbiUzRDAlMjZ3aW5kZGlyZWN0aW9uJTNEMSUyNnV2JTNEMCUyNmh1bWlkaXR5JTNEMCUyNnByZWNpcGl0YXRpb24lM0QwJTI2cHJlY2lwaXRhdGlvbiUzRDElMjZwcmVjaXBpdGF0aW9ucHJvYmFiaWxpdHklM0QwJTI2cHJlY2lwaXRhdGlvbnByb2JhYmlsaXR5JTNEMSUyNnNwb3QlM0QwJTI2c3BvdCUzRDElMjZwcmVzc3VyZSUzRDAlMjZwcmVzc3VyZSUzRDElMjZsYXlvdXQlM0RsaWdodCUyMiUyMCUyMGZyYW1lYm9yZGVyJTNEJTIyMCUyMiUyMHNjcm9sbGluZyUzRCUyMk5PJTIyJTIwYWxsb3d0cmFuc3BhcmVuY3klM0QlMjJ0cnVlJTIyJTIwc2FuZGJveCUzRCUyMmFsbG93LXNhbWUtb3JpZ2luJTIwYWxsb3ctc2NyaXB0cyUyMGFsbG93LXBvcHVwcyUyMiUyMHN0eWxlJTNEJTIyd2lkdGglM0ElMjAzNzhweCUzQmhlaWdodCUzQSUyMDQxNHB4JTIyJTNFJTNDJTJGaWZyYW1lJTNFJTNDZGl2JTNFJTNDJTIxLS0lMjBETyUyME5PVCUyMFJFTU9WRSUyMFRISVMlMjBMSU5LJTIwLS0lM0UlM0NhJTIwaHJlZiUzRCUyMmh0dHBzJTNBJTJGJTJGd3d3Lm1ldGVvYmx1ZS5jb20lMkZlcyUyRnRpZW1wbyUyRnByb25vc3RpY28lMkZzZW1hbmElMkZwdWlnLXBlZHJvc19mcmFuY2lhXzI5ODgyMjclM0Z1dG1fc291cmNlJTNEd2VhdGhlcl93aWRnZXQlMjZ1dG1fbWVkaXVtJTNEbGlua3VzJTI2dXRtX2NvbnRlbnQlM0RkYWlseSUyNnV0bV9jYW1wYWlnbiUzRFdlYXRoZXIlMjUyQldpZGdldCUyMiUyMHRhcmdldCUzRCUyMl9ibGFuayUyMiUzRW1ldGVvYmx1ZSUzQyUyRmElM0UlM0MlMkZkaXYlM0U=[\/vc_raw_html][\/vc_column][vc_column width=\u00bb1\/5&#8243;][\/vc_column][\/vc_row]<\/p>\n","protected":false},"excerpt":{"rendered":"<p>[vc_row][vc_column][vc_column_text]Una salida rel\u00e1mpago programada de un d\u00eda para otro. En un principio quer\u00eda subir uno de los picos m\u00e1s representativos de la barrera, cadena Cad\u00ed-Moixer\u00f3-Puigllan\u00e7ada, que cierran el amplio valle de La Cerda\u00f1a por el sur: la Tosa d\u2019Alp. Pero mis amigos y viejos compa\u00f1eros del Centro Excursionista Almorad\u00ed que viven en Alp, Javi y&hellip;<\/p>\n","protected":false},"author":1,"featured_media":37715,"comment_status":"open","ping_status":"open","sticky":false,"template":"","format":"standard","meta":[],"categories":[128],"tags":[],"class_list":["post-37745","post","type-post","status-publish","format-standard","has-post-thumbnail","hentry","category-alto-pirineo-catalan","category-128","description-off"],"_links":{"self":[{"href":"https:\/\/www.monta\u00f1asdelaluna.es\/index.php?rest_route=\/wp\/v2\/posts\/37745","targetHints":{"allow":["GET"]}}],"collection":[{"href":"https:\/\/www.monta\u00f1asdelaluna.es\/index.php?rest_route=\/wp\/v2\/posts"}],"about":[{"href":"https:\/\/www.monta\u00f1asdelaluna.es\/index.php?rest_route=\/wp\/v2\/types\/post"}],"author":[{"embeddable":true,"href":"https:\/\/www.monta\u00f1asdelaluna.es\/index.php?rest_route=\/wp\/v2\/users\/1"}],"replies":[{"embeddable":true,"href":"https:\/\/www.monta\u00f1asdelaluna.es\/index.php?rest_route=%2Fwp%2Fv2%2Fcomments&post=37745"}],"version-history":[{"count":9,"href":"https:\/\/www.monta\u00f1asdelaluna.es\/index.php?rest_route=\/wp\/v2\/posts\/37745\/revisions"}],"predecessor-version":[{"id":50046,"href":"https:\/\/www.monta\u00f1asdelaluna.es\/index.php?rest_route=\/wp\/v2\/posts\/37745\/revisions\/50046"}],"wp:featuredmedia":[{"embeddable":true,"href":"https:\/\/www.monta\u00f1asdelaluna.es\/index.php?rest_route=\/wp\/v2\/media\/37715"}],"wp:attachment":[{"href":"https:\/\/www.monta\u00f1asdelaluna.es\/index.php?rest_route=%2Fwp%2Fv2%2Fmedia&parent=37745"}],"wp:term":[{"taxonomy":"category","embeddable":true,"href":"https:\/\/www.monta\u00f1asdelaluna.es\/index.php?rest_route=%2Fwp%2Fv2%2Fcategories&post=37745"},{"taxonomy":"post_tag","embeddable":true,"href":"https:\/\/www.monta\u00f1asdelaluna.es\/index.php?rest_route=%2Fwp%2Fv2%2Ftags&post=37745"}],"curies":[{"name":"wp","href":"https:\/\/api.w.org\/{rel}","templated":true}]}}