{"id":37752,"date":"2017-10-07T18:55:42","date_gmt":"2017-10-07T18:55:42","guid":{"rendered":"http:\/\/monta\u00f1asdelaluna.com\/?p=37752"},"modified":"2021-07-31T16:15:33","modified_gmt":"2021-07-31T16:15:33","slug":"ibon-de-baguena-en-los-picos-de-eriste","status":"publish","type":"post","link":"https:\/\/www.monta\u00f1asdelaluna.es\/?p=37752","title":{"rendered":"Ib\u00f3n de Bag\u00fce\u00f1a en los Picos de Eriste"},"content":{"rendered":"<p>[vc_row][vc_column][vc_column_text]Vicente Molina quer\u00eda que organizara una actividad por los Pirineos. Este amigo de Formentera del Segura iniciado en la monta\u00f1a no hace muchos a\u00f1os, siempre intentaba subir al Pirineo para vernos y a la vez conocer alguna altura, alg\u00fan rinc\u00f3n nuevo del Pirineo.<\/p>\n<p>Las fechas finales fueron el 7 y 8 de octubre, en el que prepar\u00e9 una actividad con aproximaci\u00f3n y subida a los Picos de Eriste, tambi\u00e9n llamados de Bag\u00fce\u00f1a. Javi Berenguer ya me advirti\u00f3 que su aproximaci\u00f3n era larga y esforzada, y m\u00e1s si quer\u00eda montar el campamento junto al Ib\u00f3n de Bag\u00fce\u00f1a, el m\u00e1s bajo de los laguitos de monta\u00f1a del lugar, pero que aun as\u00ed rozaba los 2.500 metros de altura, y la salida era desde la misma poblaci\u00f3n de Sah\u00fan, a unos 1.100 metros de altura.<\/p>\n<p>Al final solo Pau me acompa\u00f1\u00f3 en esta actividad, ya que mis amigos de Alicante al final no subieron y el resto de amigos monta\u00f1eros catalanes parece que vieron las circunstancias y caracter\u00edsticas de la subida y decidieron no apuntarse. Finalmente la actividad no fue un paseo, y ahora entiendo a Javi y a aquellos que no se apuntaron por la aparente dureza de la misma.<\/p>\n<div id=\"attachment_37755\" style=\"width: 1034px\" class=\"wp-caption aligncenter\"><a class=\"dt-single-image\" href=\"https:\/\/www.monta\u00f1asdelaluna.es\/wp-content\/uploads\/2017\/10\/santuario-de-la-virgen-de-guayent.jpg\" data-dt-img-description=\"\"><img loading=\"lazy\" decoding=\"async\" aria-describedby=\"caption-attachment-37755\" class=\"wp-image-37755 size-large\" src=\"https:\/\/www.monta\u00f1asdelaluna.es\/wp-content\/uploads\/2017\/10\/santuario-de-la-virgen-de-guayent-1024x768.jpg\" alt=\"Santuario de la Virgen de Guayent\" width=\"1024\" height=\"768\" srcset=\"https:\/\/www.monta\u00f1asdelaluna.es\/wp-content\/uploads\/2017\/10\/santuario-de-la-virgen-de-guayent-1024x768.jpg 1024w, https:\/\/www.monta\u00f1asdelaluna.es\/wp-content\/uploads\/2017\/10\/santuario-de-la-virgen-de-guayent-300x225.jpg 300w, https:\/\/www.monta\u00f1asdelaluna.es\/wp-content\/uploads\/2017\/10\/santuario-de-la-virgen-de-guayent.jpg 1788w\" sizes=\"auto, (max-width: 1024px) 100vw, 1024px\" \/><\/a><p id=\"caption-attachment-37755\" class=\"wp-caption-text\">Santuario de la Virgen de Guayent<\/p><\/div>\n<div id=\"attachment_37756\" style=\"width: 1034px\" class=\"wp-caption aligncenter\"><a class=\"dt-single-image\" href=\"https:\/\/www.monta\u00f1asdelaluna.es\/wp-content\/uploads\/2017\/10\/senda-hacia-la-aigueeta-de-la-ball.jpg\" data-dt-img-description=\"\"><img loading=\"lazy\" decoding=\"async\" aria-describedby=\"caption-attachment-37756\" class=\"wp-image-37756 size-large\" src=\"https:\/\/www.monta\u00f1asdelaluna.es\/wp-content\/uploads\/2017\/10\/senda-hacia-la-aigueeta-de-la-ball-1024x768.jpg\" alt=\"Senda hacia la Aig\u00fceta de La Ball\" width=\"1024\" height=\"768\" srcset=\"https:\/\/www.monta\u00f1asdelaluna.es\/wp-content\/uploads\/2017\/10\/senda-hacia-la-aigueeta-de-la-ball-1024x768.jpg 1024w, https:\/\/www.monta\u00f1asdelaluna.es\/wp-content\/uploads\/2017\/10\/senda-hacia-la-aigueeta-de-la-ball-300x225.jpg 300w, https:\/\/www.monta\u00f1asdelaluna.es\/wp-content\/uploads\/2017\/10\/senda-hacia-la-aigueeta-de-la-ball.jpg 1788w\" sizes=\"auto, (max-width: 1024px) 100vw, 1024px\" \/><\/a><p id=\"caption-attachment-37756\" class=\"wp-caption-text\">Senda hacia la Aig\u00fceta de La Ball<\/p><\/div>\n<p>No hay prisa. Somos solo dos. Pau y yo salimos de las urbes de Barcelona para acercarnos al Valle de Benasque, para subir a la peque\u00f1a poblaci\u00f3n de Sah\u00fan; poco antes de llegar a Eriste. El fin de semana ser\u00e1 muy tranquilo y casi caluroso, el sol nos quemar\u00e1 e impondr\u00e1 como si fuese una losa que nos chafa mientras caminamos y nos impide seguir con facilidad y ligereza. Eso s\u00ed, ni una nube en todo el fin de semana, y una temperatura, clima inusual al Pirineo en estas fechas.<\/p>\n<p>La idea es la que he descrito antes: desde Sah\u00fan seguir por el vallecillo que llaman La Ball, que sale del mismo Valle de Eriste por el sur, suroeste, y que acaba bajo las alturas de los Ibones de los Picos de Eriste, los de Bag\u00fce\u00f1a. Para llegar a este vallecillo desde Sah\u00fan debemos pasar por el Santuario de La Virgen de Guayent, y aqu\u00ed mismo nos saldr\u00e1 indicada una senda, girando a la izquierda y monta\u00f1a arriba, hacia la Aig\u00fceta de La Ball, que es el r\u00edo que sigue por todo el vallecillo que os dejar\u00e1 justo bajo las alturas de los Ibones de Bag\u00fce\u00f1a.<\/p>\n<p>As\u00ed pues el pasado 7 de octubre llegamos Pau y yo al parking de Sah\u00fan, el que queda a la derecha del pueblo justo al comienzo del camino que se dirige al Santuario de La Virgen de Guayent. Nos equipamos, nos echamos la mochila a la espalda y salimos por el camino que comienza por un puente que cruza un abundante Barranco Cambra. Es la una del mediod\u00eda cuando comenzamos a caminar, y al poco tiempo por el nombrado camino, llegamos hasta los muros del santuario y a un cartel que nos hace girar a la izquierda, monta\u00f1a arriba por una senda al principio frondosa y bonita. Es el cruce que he nombrado en la introducci\u00f3n, hay que ir hacia la Aig\u00fceta de La Ball.<\/p>\n<div id=\"attachment_37758\" style=\"width: 1034px\" class=\"wp-caption aligncenter\"><a class=\"dt-single-image\" href=\"https:\/\/www.monta\u00f1asdelaluna.es\/wp-content\/uploads\/2017\/10\/poste-indicador-de-recorridos.jpg\" data-dt-img-description=\"\"><img loading=\"lazy\" decoding=\"async\" aria-describedby=\"caption-attachment-37758\" class=\"wp-image-37758 size-large\" src=\"https:\/\/www.monta\u00f1asdelaluna.es\/wp-content\/uploads\/2017\/10\/poste-indicador-de-recorridos-1024x768.jpg\" alt=\"Poste indicador de recorridos\" width=\"1024\" height=\"768\" srcset=\"https:\/\/www.monta\u00f1asdelaluna.es\/wp-content\/uploads\/2017\/10\/poste-indicador-de-recorridos-1024x768.jpg 1024w, https:\/\/www.monta\u00f1asdelaluna.es\/wp-content\/uploads\/2017\/10\/poste-indicador-de-recorridos-300x225.jpg 300w, https:\/\/www.monta\u00f1asdelaluna.es\/wp-content\/uploads\/2017\/10\/poste-indicador-de-recorridos.jpg 1788w\" sizes=\"auto, (max-width: 1024px) 100vw, 1024px\" \/><\/a><p id=\"caption-attachment-37758\" class=\"wp-caption-text\">Poste indicador de recorridos<\/p><\/div>\n<div id=\"attachment_37759\" style=\"width: 1034px\" class=\"wp-caption aligncenter\"><a class=\"dt-single-image\" href=\"https:\/\/www.monta\u00f1asdelaluna.es\/wp-content\/uploads\/2017\/10\/vistas-hacia-el-valle-de-benasque-con-eriste-y-el-embalse-de-llisoles-abajo-a-la-izquierda-anciles.jpg\" data-dt-img-description=\"\"><img loading=\"lazy\" decoding=\"async\" aria-describedby=\"caption-attachment-37759\" class=\"wp-image-37759 size-large\" src=\"https:\/\/www.monta\u00f1asdelaluna.es\/wp-content\/uploads\/2017\/10\/vistas-hacia-el-valle-de-benasque-con-eriste-y-el-embalse-de-llisoles-abajo-a-la-izquierda-anciles-1024x768.jpg\" alt=\"Vistas hacia el Valle de Benasque con Eriste y el Embalse de Llisoles abajo, a la izquierda Anciles\" width=\"1024\" height=\"768\" srcset=\"https:\/\/www.monta\u00f1asdelaluna.es\/wp-content\/uploads\/2017\/10\/vistas-hacia-el-valle-de-benasque-con-eriste-y-el-embalse-de-llisoles-abajo-a-la-izquierda-anciles-1024x768.jpg 1024w, https:\/\/www.monta\u00f1asdelaluna.es\/wp-content\/uploads\/2017\/10\/vistas-hacia-el-valle-de-benasque-con-eriste-y-el-embalse-de-llisoles-abajo-a-la-izquierda-anciles-300x225.jpg 300w, https:\/\/www.monta\u00f1asdelaluna.es\/wp-content\/uploads\/2017\/10\/vistas-hacia-el-valle-de-benasque-con-eriste-y-el-embalse-de-llisoles-abajo-a-la-izquierda-anciles.jpg 1788w\" sizes=\"auto, (max-width: 1024px) 100vw, 1024px\" \/><\/a><p id=\"caption-attachment-37759\" class=\"wp-caption-text\">Vistas hacia el Valle de Benasque con Eriste y el Embalse de Llisoles abajo, a la izquierda Anciles<\/p><\/div>\n<p>Esta senda en un principio sube algo en zigzag cogiendo altura, pero al tiempo sigue cruzando la ladera de la monta\u00f1a hacia el este, girando hacia el noroeste y norte sin dejar de coger altura. A veces la senda se despeja y podemos observar el paisaje, todo lo que se ve es el Valle de Benasque, abajo el Embalse de Llinsoles (de Eriste) con la poblaci\u00f3n de Eriste en sus orillas. Vemos otros cartelitos, siempre hay que seguir en direcci\u00f3n a la Aig\u00fceta de La Ball.<\/p>\n<p>La senda entra ahora en lo que es el Valle de Eriste, el que sube al Refugio de \u00c1ngel Or\u00fas. De hecho observamos en otro claro del camino, como enfrente a la derecha se abre otro vallecillo, que es el mismo de Eriste que sube al nombrado refugio. La senda que llevamos sigue por la ladera oeste o izquierda a cierta altura del valle y se mete por otro vallecillo que aparece a la izquierda casi como colgado; es el que llaman La Ball. Antes de entrar en este valle, observamos como una senda sube desde el fondo del valle, y que deriva en otra senda que sale de Eriste. Nosotros seguimos nuestra senda sin desviarnos, camino de la entrada de este vallecillo.<\/p>\n<p>La senda entra en la boscosa La Ball y nos sorprende su frondosidad y singular belleza. A la vez se tranquiliza y casi se horizontaliza a la vez que comenzamos a o\u00edr el ruidoso murmullo del r\u00edo que baja por este valle: la Aig\u00fceta de La Ball. Los \u00e1rboles del bosque que cruzamos con su frondosidad nos dan una buena sombra para que el sol y el calor del d\u00eda no nos deshidrate y afecte. Ya que el d\u00eda es magn\u00edficamente soleado. El oto\u00f1o intenta entrar por estos lares del Pirineo, haciendo amarillear las hojas y haci\u00e9ndolas caer despu\u00e9s, pero el tiempo no acompa\u00f1a, nos sentimos raros en un oto\u00f1o tan soleado, caluroso y extra\u00f1amente benigno.<\/p>\n<div id=\"attachment_37764\" style=\"width: 1034px\" class=\"wp-caption aligncenter\"><a class=\"dt-single-image\" href=\"https:\/\/www.monta\u00f1asdelaluna.es\/wp-content\/uploads\/2017\/10\/senda-por-la-ball.jpg\" data-dt-img-description=\"\"><img loading=\"lazy\" decoding=\"async\" aria-describedby=\"caption-attachment-37764\" class=\"wp-image-37764 size-large\" src=\"https:\/\/www.monta\u00f1asdelaluna.es\/wp-content\/uploads\/2017\/10\/senda-por-la-ball-1024x768.jpg\" alt=\"Senda por La Ball\" width=\"1024\" height=\"768\" srcset=\"https:\/\/www.monta\u00f1asdelaluna.es\/wp-content\/uploads\/2017\/10\/senda-por-la-ball-1024x768.jpg 1024w, https:\/\/www.monta\u00f1asdelaluna.es\/wp-content\/uploads\/2017\/10\/senda-por-la-ball-300x225.jpg 300w, https:\/\/www.monta\u00f1asdelaluna.es\/wp-content\/uploads\/2017\/10\/senda-por-la-ball.jpg 1788w\" sizes=\"auto, (max-width: 1024px) 100vw, 1024px\" \/><\/a><p id=\"caption-attachment-37764\" class=\"wp-caption-text\">Senda por La Ball<\/p><\/div>\n<div id=\"attachment_37766\" style=\"width: 1034px\" class=\"wp-caption aligncenter\"><a class=\"dt-single-image\" href=\"https:\/\/www.monta\u00f1asdelaluna.es\/wp-content\/uploads\/2017\/10\/joaquin-en-la-senda-por-la-ball.jpg\" data-dt-img-description=\"\"><img loading=\"lazy\" decoding=\"async\" aria-describedby=\"caption-attachment-37766\" class=\"wp-image-37766 size-large\" src=\"https:\/\/www.monta\u00f1asdelaluna.es\/wp-content\/uploads\/2017\/10\/joaquin-en-la-senda-por-la-ball-1024x768.jpg\" alt=\"Joaqu\u00edn en la senda por La Ball\" width=\"1024\" height=\"768\" srcset=\"https:\/\/www.monta\u00f1asdelaluna.es\/wp-content\/uploads\/2017\/10\/joaquin-en-la-senda-por-la-ball-1024x768.jpg 1024w, https:\/\/www.monta\u00f1asdelaluna.es\/wp-content\/uploads\/2017\/10\/joaquin-en-la-senda-por-la-ball-300x225.jpg 300w, https:\/\/www.monta\u00f1asdelaluna.es\/wp-content\/uploads\/2017\/10\/joaquin-en-la-senda-por-la-ball.jpg 1788w\" sizes=\"auto, (max-width: 1024px) 100vw, 1024px\" \/><\/a><p id=\"caption-attachment-37766\" class=\"wp-caption-text\">Joaqu\u00edn en la senda por La Ball<\/p><\/div>\n<p>Senda arriba llegamos a un punto en medio del bosque donde hay un puentecillo, una \u201cpalanca\u201d que cruza el ruidoso y caudaloso rio. La Palanqueta de La Sarra la llaman, seg\u00fan pone en este mapa Alpina. Son las 15 horas, ya es hora de comer y paramos junto al singular puentecillo para tomar alg\u00fan bocado. Pau me pregunta, dentro de sus largas conversaciones, como puede ser que este puente (esta palanca) se mantenga en pie. De hecho parec\u00edan maderas viejas pero s\u00f3lidas.<\/p>\n<p>Casi media hora despu\u00e9s reemprendemos la marcha. Ahora pasaremos por el fondo del valle mientras admiramos al fondo unos altos escarpes, los cuales se clavan en mi mente como infranqueables, Les Codes de Bag\u00fce\u00f1a. Poco m\u00e1s arriba, senda arriba, pasamos junto a la Caba\u00f1a del Vaquerisal. Bordeamos un mont\u00edculo y justo despu\u00e9s el valle gira y dejamos la direcci\u00f3n noroeste a oeste. La senda deja de subir y sigue por el fondo del valle. Llegados a un lugar, el valle se aclara, se allana, pero a los lados las vertientes suben, se alzan las monta\u00f1as y perfiles casi agrestes, sobre todo al lado derecho, norte, donde justo arriba se encuentran el conjunto de los ibones de Bag\u00fce\u00f1a.<\/p>\n<div id=\"attachment_37768\" style=\"width: 1034px\" class=\"wp-caption aligncenter\"><a class=\"dt-single-image\" href=\"https:\/\/www.monta\u00f1asdelaluna.es\/wp-content\/uploads\/2017\/10\/palanqueta-de-la-sarra.jpg\" data-dt-img-description=\"\"><img loading=\"lazy\" decoding=\"async\" aria-describedby=\"caption-attachment-37768\" class=\"wp-image-37768 size-large\" src=\"https:\/\/www.monta\u00f1asdelaluna.es\/wp-content\/uploads\/2017\/10\/palanqueta-de-la-sarra-1024x768.jpg\" alt=\"Palanqueta de La Sarra\" width=\"1024\" height=\"768\" srcset=\"https:\/\/www.monta\u00f1asdelaluna.es\/wp-content\/uploads\/2017\/10\/palanqueta-de-la-sarra-1024x768.jpg 1024w, https:\/\/www.monta\u00f1asdelaluna.es\/wp-content\/uploads\/2017\/10\/palanqueta-de-la-sarra-300x225.jpg 300w, https:\/\/www.monta\u00f1asdelaluna.es\/wp-content\/uploads\/2017\/10\/palanqueta-de-la-sarra.jpg 1788w\" sizes=\"auto, (max-width: 1024px) 100vw, 1024px\" \/><\/a><p id=\"caption-attachment-37768\" class=\"wp-caption-text\">Palanqueta de La Sarra<\/p><\/div>\n<div id=\"attachment_37770\" style=\"width: 1034px\" class=\"wp-caption aligncenter\"><a class=\"dt-single-image\" href=\"https:\/\/www.monta\u00f1asdelaluna.es\/wp-content\/uploads\/2017\/10\/valle-de-la-ball-con-la-cabana-del-vaquerisall-delante.jpg\" data-dt-img-description=\"\"><img loading=\"lazy\" decoding=\"async\" aria-describedby=\"caption-attachment-37770\" class=\"wp-image-37770 size-large\" src=\"https:\/\/www.monta\u00f1asdelaluna.es\/wp-content\/uploads\/2017\/10\/valle-de-la-ball-con-la-cabana-del-vaquerisall-delante-1024x768.jpg\" alt=\"Valle de La Ball con la Caba\u00f1a del Vaquerisall delante\" width=\"1024\" height=\"768\" srcset=\"https:\/\/www.monta\u00f1asdelaluna.es\/wp-content\/uploads\/2017\/10\/valle-de-la-ball-con-la-cabana-del-vaquerisall-delante-1024x768.jpg 1024w, https:\/\/www.monta\u00f1asdelaluna.es\/wp-content\/uploads\/2017\/10\/valle-de-la-ball-con-la-cabana-del-vaquerisall-delante-300x225.jpg 300w, https:\/\/www.monta\u00f1asdelaluna.es\/wp-content\/uploads\/2017\/10\/valle-de-la-ball-con-la-cabana-del-vaquerisall-delante.jpg 1788w\" sizes=\"auto, (max-width: 1024px) 100vw, 1024px\" \/><\/a><p id=\"caption-attachment-37770\" class=\"wp-caption-text\">Valle de La Ball con la Caba\u00f1a del Vaquerisall delante<\/p><\/div>\n<p>Al fondo aparece un alto collado entre altas monta\u00f1as. Es el final del valle, el Collado de Pardines a m\u00e1s de 2.500 metros. Ahora, justo cuando la marcada senda cruza el valle de la parte derecha a la izquierda, nosotros debemos de dejar de seguirlo y buscar hitos u otras sendas que nos lleven hasta las empinadas pendientes bajo las paredes de la monta\u00f1a justo en la parte derecha, que se abre una especie de mini circo, enfrente nuestro a la derecha.<\/p>\n<p>Unos hitos nos conducen por en medio del vallecillo, m\u00e1s pegados a la derecha del mismo, entre rocas, pinos y cauces secos de agua. Llegados a un punto nos topamos con la base de un empinado pedregal, canchal que viene casi desde las mismas paredes all\u00e1 arriba. Pau sigue los hitos pero llegados a un punto las perdemos de vista, se ha ido m\u00e1s al frente que a la derecha, y el camino (si es que se le puede llamar camino) sigue por casi en medio del pedregal hasta un pasillo en diagonal que desde el final del pedregal cruza hacia la izquierda buscando las alturas. Las pendientes son bastantes empinadas.<\/p>\n<p>La idea era seguir el mapa Alpina que nos indica un desv\u00edo con subida hacia el Ib\u00f3n de Bag\u00fce\u00f1a. Hab\u00edan dos subidas: una desde el punto en el que lo \u00edbamos a intentar nosotros, y otro algo m\u00e1s arriba, siguiendo la senda marcada que hemos dejado en el fondo del valle. Entonces llegados a un punto dej\u00e1bamos esta senda y cruz\u00e1bamos casi monte a trav\u00e9s hacia la derecha en busca de los balcones donde est\u00e1n los Ibones de Bag\u00fce\u00f1a. Pero ahora est\u00e1bamos buscando hitos y alg\u00fan rastro de senda que nos llevase, por en medio de este pedregal pendiente arriba, en busca de la diagonal que aparece abalconada y con la forma de la monta\u00f1a, a la izquierda.<\/p>\n<div id=\"attachment_37774\" style=\"width: 1034px\" class=\"wp-caption aligncenter\"><a class=\"dt-single-image\" href=\"https:\/\/www.monta\u00f1asdelaluna.es\/wp-content\/uploads\/2017\/10\/pau-al-final-de-la-ribereta-a-punto-de-coger-la-subida-a-los-balcones-del-ibon-de-bagueena-justo-detras-bajo-la-montana-la-diagonal-de-subida.jpg\" data-dt-img-description=\"\"><img loading=\"lazy\" decoding=\"async\" aria-describedby=\"caption-attachment-37774\" class=\"wp-image-37774 size-large\" src=\"https:\/\/www.monta\u00f1asdelaluna.es\/wp-content\/uploads\/2017\/10\/pau-al-final-de-la-ribereta-a-punto-de-coger-la-subida-a-los-balcones-del-ibon-de-bagueena-justo-detras-bajo-la-montana-la-diagonal-de-subida-1024x768.jpg\" alt=\"Pau al final de La Ribereta a punto de coger la subida a los balcones del Ib\u00f3n de Bag\u00fce\u00f1a. justo detr\u00e1s, bajo la monta\u00f1a la &quot;diagonal&quot; de subida\" width=\"1024\" height=\"768\" srcset=\"https:\/\/www.monta\u00f1asdelaluna.es\/wp-content\/uploads\/2017\/10\/pau-al-final-de-la-ribereta-a-punto-de-coger-la-subida-a-los-balcones-del-ibon-de-bagueena-justo-detras-bajo-la-montana-la-diagonal-de-subida-1024x768.jpg 1024w, https:\/\/www.monta\u00f1asdelaluna.es\/wp-content\/uploads\/2017\/10\/pau-al-final-de-la-ribereta-a-punto-de-coger-la-subida-a-los-balcones-del-ibon-de-bagueena-justo-detras-bajo-la-montana-la-diagonal-de-subida-300x225.jpg 300w, https:\/\/www.monta\u00f1asdelaluna.es\/wp-content\/uploads\/2017\/10\/pau-al-final-de-la-ribereta-a-punto-de-coger-la-subida-a-los-balcones-del-ibon-de-bagueena-justo-detras-bajo-la-montana-la-diagonal-de-subida.jpg 1788w\" sizes=\"auto, (max-width: 1024px) 100vw, 1024px\" \/><\/a><p id=\"caption-attachment-37774\" class=\"wp-caption-text\">Pau al final de La Ribereta a punto de coger la subida a los balcones del Ib\u00f3n de Bag\u00fce\u00f1a. justo detr\u00e1s, bajo la monta\u00f1a la \u00abdiagonal\u00bb de subida<\/p><\/div>\n<div id=\"attachment_37776\" style=\"width: 1034px\" class=\"wp-caption aligncenter\"><a class=\"dt-single-image\" href=\"https:\/\/www.monta\u00f1asdelaluna.es\/wp-content\/uploads\/2017\/10\/la-ball-con-la-tuca-el-cierco-a-la-derecha.jpg\" data-dt-img-description=\"\"><img loading=\"lazy\" decoding=\"async\" aria-describedby=\"caption-attachment-37776\" class=\"wp-image-37776 size-large\" src=\"https:\/\/www.monta\u00f1asdelaluna.es\/wp-content\/uploads\/2017\/10\/la-ball-con-la-tuca-el-cierco-a-la-derecha-1024x768.jpg\" alt=\"La Ball con la Tuca el Cierco a la derecha\" width=\"1024\" height=\"768\" srcset=\"https:\/\/www.monta\u00f1asdelaluna.es\/wp-content\/uploads\/2017\/10\/la-ball-con-la-tuca-el-cierco-a-la-derecha-1024x768.jpg 1024w, https:\/\/www.monta\u00f1asdelaluna.es\/wp-content\/uploads\/2017\/10\/la-ball-con-la-tuca-el-cierco-a-la-derecha-300x225.jpg 300w, https:\/\/www.monta\u00f1asdelaluna.es\/wp-content\/uploads\/2017\/10\/la-ball-con-la-tuca-el-cierco-a-la-derecha.jpg 1788w\" sizes=\"auto, (max-width: 1024px) 100vw, 1024px\" \/><\/a><p id=\"caption-attachment-37776\" class=\"wp-caption-text\">La Ball con la Tuca el Cierco a la derecha<\/p><\/div>\n<p>Pau va delante. Le voy indicando por qu\u00e9 se quiere meter por sitios que no son. Es un valiente pero en ocasiones se mete en l\u00edos (de los cuales sabe salir) a veces innecesarios. La verdad es que con el mochil\u00f3n y lo recorrido, esta parte de la subida nos costaba algo el subirla, al menos a m\u00ed. Tampoco estaba se\u00f1alizado como dios manda, los hitos se quedaban abajo y ten\u00edas que seguir \u201ctu instinto\u201d monta\u00f1ero para poder llegar a la parte alta de la barrera rocosa. Llegados al final del pedregal, que ya se han quedado abajo las piedras y rocas que lo forman, y justo bajo las paredes de esta barrera rocosa, giramos a la izquierda en busca de ese pasillo en diagonal tambi\u00e9n muy empinado. Arriba de la misma se descubre otro gran pedregal y otra ladera empinada que baja de otras barreras rocosas. De repente vemos otros dos hitos justo arriba de la nombrada diagonal. Pau me espera all\u00ed.<\/p>\n<p>Estamos justo en las vertientes oeste del Pico Baixo de Bag\u00fce\u00f1a. No podemos ir hacia arriba, nos topamos con las nuevas paredes, o seguimos a la derecha o izquierda, seg\u00fan el mapa hay que seguir a la izquierda, ya que el balc\u00f3n donde est\u00e1 el Ib\u00f3n de Bag\u00fce\u00f1a queda a este lado. No hay senda, apenas vemos hitos, es todo monte a trav\u00e9s. Con lo que seguimos hacia arriba a la izquierda por en medio del gran canchal que nos encontramos. Algo me dice que no puede ser por aqu\u00ed, y decido no seguir a Pau por las alturas del canchal y cruzarlo por abajo, entre rocas m\u00e1s grandes donde al otro lado una ladera herbosa y rocosa me deja avanzar con mayor soltura. Arriba de esta pendiente la vista se agranda hacia el norte y Pau, que est\u00e1 en su parte m\u00e1s alta, me dice que gire un poco a la derecha por la misma ladera sin subirla m\u00e1s, y desde la parte m\u00e1s alta de la misma lo encuentro sentado admirando el gran lugar de agua cristalina y ya casi oscura (por la ca\u00edda del d\u00eda), del Ib\u00f3n de Bag\u00fce\u00f1a.<\/p>\n<div id=\"attachment_37779\" style=\"width: 1034px\" class=\"wp-caption aligncenter\"><a class=\"dt-single-image\" href=\"https:\/\/www.monta\u00f1asdelaluna.es\/wp-content\/uploads\/2017\/10\/pau-con-el-ibon-de-bagueena-detras-detras-la-llantia.jpg\" data-dt-img-description=\"\"><img loading=\"lazy\" decoding=\"async\" aria-describedby=\"caption-attachment-37779\" class=\"wp-image-37779 size-large\" src=\"https:\/\/www.monta\u00f1asdelaluna.es\/wp-content\/uploads\/2017\/10\/pau-con-el-ibon-de-bagueena-detras-detras-la-llantia-1024x768.jpg\" alt=\"Pau con el Ib\u00f3n de Bag\u00fce\u00f1a detr\u00e1s, detr\u00e1s La Llantia\" width=\"1024\" height=\"768\" srcset=\"https:\/\/www.monta\u00f1asdelaluna.es\/wp-content\/uploads\/2017\/10\/pau-con-el-ibon-de-bagueena-detras-detras-la-llantia-1024x768.jpg 1024w, https:\/\/www.monta\u00f1asdelaluna.es\/wp-content\/uploads\/2017\/10\/pau-con-el-ibon-de-bagueena-detras-detras-la-llantia-300x225.jpg 300w, https:\/\/www.monta\u00f1asdelaluna.es\/wp-content\/uploads\/2017\/10\/pau-con-el-ibon-de-bagueena-detras-detras-la-llantia.jpg 1788w\" sizes=\"auto, (max-width: 1024px) 100vw, 1024px\" \/><\/a><p id=\"caption-attachment-37779\" class=\"wp-caption-text\">Pau con el Ib\u00f3n de Bag\u00fce\u00f1a detr\u00e1s, detr\u00e1s La Llantia<\/p><\/div>\n<div id=\"attachment_37783\" style=\"width: 1034px\" class=\"wp-caption aligncenter\"><a class=\"dt-single-image\" href=\"https:\/\/www.monta\u00f1asdelaluna.es\/wp-content\/uploads\/2017\/10\/acampados-con-los-picos-de-eriste-arriba-a-la-derecha.jpg\" data-dt-img-description=\"\"><img loading=\"lazy\" decoding=\"async\" aria-describedby=\"caption-attachment-37783\" class=\"wp-image-37783 size-large\" src=\"https:\/\/www.monta\u00f1asdelaluna.es\/wp-content\/uploads\/2017\/10\/acampados-con-los-picos-de-eriste-arriba-a-la-derecha-1024x768.jpg\" alt=\"Acampados con los Picos de Eriste arriba a la derecha\" width=\"1024\" height=\"768\" srcset=\"https:\/\/www.monta\u00f1asdelaluna.es\/wp-content\/uploads\/2017\/10\/acampados-con-los-picos-de-eriste-arriba-a-la-derecha-1024x768.jpg 1024w, https:\/\/www.monta\u00f1asdelaluna.es\/wp-content\/uploads\/2017\/10\/acampados-con-los-picos-de-eriste-arriba-a-la-derecha-300x225.jpg 300w, https:\/\/www.monta\u00f1asdelaluna.es\/wp-content\/uploads\/2017\/10\/acampados-con-los-picos-de-eriste-arriba-a-la-derecha.jpg 1788w\" sizes=\"auto, (max-width: 1024px) 100vw, 1024px\" \/><\/a><p id=\"caption-attachment-37783\" class=\"wp-caption-text\">Acampados con los Picos de Eriste arriba a la derecha<\/p><\/div>\n<p>A nuestra espalda tambi\u00e9n queda un espectacular paisaje de alta monta\u00f1a y lagunas escondidas, son los Pardines de La Ball, con el Ib\u00f3n Negro, Ib\u00f3n d\u2019els Chuncos y los picos del Tusal de Bocs, Cabo Comaguana, Tuca de Cierco\u2026 quedan justo al sur de los Picos de Eriste, al otro lado del vallecillo de la Aig\u00fceta de la Ball por el que hemos venido. Un paisaje precioso y espectacular.<\/p>\n<p>Descubrimos algunos hitos que sigui\u00e9ndolos bordean la laguna hasta la orilla m\u00e1s apta para plantar una tienda, acolchada por la hierbecilla dura y agostada (no s\u00e9 si por el frio que llega o porque no llueve hace tiempo), tambi\u00e9n cerca de una cascadita que baja del riachuelo que alimenta el ib\u00f3n, desde las alturas de los Picos de Eriste. Observamos las monta\u00f1as entre redondeadas y escarpadas que se elevan arriba del ib\u00f3n, son los Picos de Eriste o de Bag\u00fce\u00f1a. Estamos cerca de los 2.500 metros, con lo que los picos quedan a no mucho en distancia y desnivel.[vc_separator][\/vc_column_text][\/vc_column][\/vc_row][vc_row][vc_column][vc_empty_space][\/vc_column][\/vc_row][vc_row][vc_column][vc_video link=\u00bbhttps:\/\/vimeo.com\/239345628#t=0s\u00bb title=\u00bbIb\u00f3n de Bag\u00fce\u00f1a\u00bb][\/vc_column][\/vc_row][vc_row][vc_column][vc_empty_space][\/vc_column][\/vc_row][vc_row][vc_column][vc_column_text]Son las 18,55 horas y ya comienza a atardecer cuando llegamos al lugar, orillas del ib\u00f3n donde queremos plantar la tienda. El lugar no es excesivamente precioso ya que todo es roca, no vemos el paisaje hacia el sur porque estamos algo alejados del balc\u00f3n por el que hemos subido, y las monta\u00f1as de alrededor no aparentan un paisaje agreste y espectacular\u2026 eso me parece a m\u00ed; eso s\u00ed, el ib\u00f3n con su agua plateada, cristalina, espejo del paisaje rocoso, hace que el lugar sea m\u00e1s interesante y bello.<\/p>\n<div id=\"attachment_37784\" style=\"width: 1034px\" class=\"wp-caption aligncenter\"><a class=\"dt-single-image\" href=\"https:\/\/www.monta\u00f1asdelaluna.es\/wp-content\/uploads\/2017\/10\/acampados-junto-al-ibon-de-bagueena.jpg\" data-dt-img-description=\"\"><img loading=\"lazy\" decoding=\"async\" aria-describedby=\"caption-attachment-37784\" class=\"wp-image-37784 size-large\" src=\"https:\/\/www.monta\u00f1asdelaluna.es\/wp-content\/uploads\/2017\/10\/acampados-junto-al-ibon-de-bagueena-1024x768.jpg\" alt=\"Acampados junto al Ib\u00f3n de Bag\u00fce\u00f1a\" width=\"1024\" height=\"768\" srcset=\"https:\/\/www.monta\u00f1asdelaluna.es\/wp-content\/uploads\/2017\/10\/acampados-junto-al-ibon-de-bagueena-1024x768.jpg 1024w, https:\/\/www.monta\u00f1asdelaluna.es\/wp-content\/uploads\/2017\/10\/acampados-junto-al-ibon-de-bagueena-300x225.jpg 300w, https:\/\/www.monta\u00f1asdelaluna.es\/wp-content\/uploads\/2017\/10\/acampados-junto-al-ibon-de-bagueena.jpg 1788w\" sizes=\"auto, (max-width: 1024px) 100vw, 1024px\" \/><\/a><p id=\"caption-attachment-37784\" class=\"wp-caption-text\">Acampados junto al Ib\u00f3n de Bag\u00fce\u00f1a<\/p><\/div>\n<div id=\"attachment_37786\" style=\"width: 1034px\" class=\"wp-caption aligncenter\"><a class=\"dt-single-image\" href=\"https:\/\/www.monta\u00f1asdelaluna.es\/wp-content\/uploads\/2017\/10\/delante-pau-detras-la-ball-y-la-tuca-del-cierco-a-la-derecha.jpg\" data-dt-img-description=\"\"><img loading=\"lazy\" decoding=\"async\" aria-describedby=\"caption-attachment-37786\" class=\"wp-image-37786 size-large\" src=\"https:\/\/www.monta\u00f1asdelaluna.es\/wp-content\/uploads\/2017\/10\/delante-pau-detras-la-ball-y-la-tuca-del-cierco-a-la-derecha-1024x768.jpg\" alt=\"Delante Pau, detr\u00e1s La Ball y la Tuca del Cierco a la derecha\" width=\"1024\" height=\"768\" srcset=\"https:\/\/www.monta\u00f1asdelaluna.es\/wp-content\/uploads\/2017\/10\/delante-pau-detras-la-ball-y-la-tuca-del-cierco-a-la-derecha-1024x768.jpg 1024w, https:\/\/www.monta\u00f1asdelaluna.es\/wp-content\/uploads\/2017\/10\/delante-pau-detras-la-ball-y-la-tuca-del-cierco-a-la-derecha-300x225.jpg 300w, https:\/\/www.monta\u00f1asdelaluna.es\/wp-content\/uploads\/2017\/10\/delante-pau-detras-la-ball-y-la-tuca-del-cierco-a-la-derecha.jpg 1788w\" sizes=\"auto, (max-width: 1024px) 100vw, 1024px\" \/><\/a><p id=\"caption-attachment-37786\" class=\"wp-caption-text\">Delante Pau, detr\u00e1s La Ball y la Tuca del Cierco a la derecha<\/p><\/div>\n<p>El d\u00eda ha sido incre\u00edble, con mucho sol, ni una nube (ni para hacer bonito) y nada de frio. Pero la paliza con este inusual d\u00eda de oto\u00f1o ha sido considerable, quiz\u00e1s ya est\u00e1bamos cansados antes de salir del coche\u2026 el caso es que decido no subir ma\u00f1ana a los Picos de Eriste; le digo a Pau que suba \u00e9l y yo le espero desmontando la tienda y descansando. No tengo ganas ni casi de cenar, y me hago unas infusiones que comparto con algunas galletas y algunos frutos secos. No hay nadie en todas estas monta\u00f1as, solo nosotros dos y toda la V\u00eda L\u00e1ctea, sin nubes, en el estrellado cielo de la noche pirenaica\u2026 por suerte mi saco Diamir no deja que pase frio esta noche.<\/p>\n<p>El d\u00eda siguiente despert\u00f3 como se fue al d\u00eda anterior, soleado y hasta casi caluroso. Sin una nube. Pau se hab\u00eda puesto el despertador pero al final no se levant\u00f3, y yo fiel a mis palabras de anoche, tampoco estaba dispuesto para abordar las cimas de los Picos de Eriste, ni aunque fuera una sola. Los tosidos del constipado de Pau nos despertaron, ya era tarde y el sol hac\u00eda tiempo que hab\u00eda salido, aunque a\u00fan no daba en nuestra tienda.<\/p>\n<p>Al final convenzo a Pau de bajar por otro valle, por otro lado, haciendo una circular en nuestro recorrido, ya que no hemos podido subir a los Picos de Eriste. Pau acepta y despu\u00e9s de desmontar, guardar la tienda, desayunar y rehacer las mochilas, salimos a eso de las 10:00 horas en busca del balc\u00f3n por el que subimos.<\/p>\n<div id=\"attachment_37789\" style=\"width: 1034px\" class=\"wp-caption aligncenter\"><a class=\"dt-single-image\" href=\"https:\/\/www.monta\u00f1asdelaluna.es\/wp-content\/uploads\/2017\/10\/pau-bajando-a-la-senda-marcada-con-la-tuca-del-cierco-a-la-izquierda-cabo-de-comaguana-a-la-derecha-el-ibon-dels-chuncos-en-el-centro-y-abajo-la-cabana-de-pardines.jpg\" data-dt-img-description=\"\"><img loading=\"lazy\" decoding=\"async\" aria-describedby=\"caption-attachment-37789\" class=\"wp-image-37789 size-large\" src=\"https:\/\/www.monta\u00f1asdelaluna.es\/wp-content\/uploads\/2017\/10\/pau-bajando-a-la-senda-marcada-con-la-tuca-del-cierco-a-la-izquierda-cabo-de-comaguana-a-la-derecha-el-ibon-dels-chuncos-en-el-centro-y-abajo-la-cabana-de-pardines-1024x768.jpg\" alt=\"Pau bajando a la senda marcada con la Tuca del Cierco a la izquierda, Cabo de Comaguana a la derecha, el Ib\u00f3n dels Chuncos en el centro y abajo la Caba\u00f1a de Pardines\" width=\"1024\" height=\"768\" srcset=\"https:\/\/www.monta\u00f1asdelaluna.es\/wp-content\/uploads\/2017\/10\/pau-bajando-a-la-senda-marcada-con-la-tuca-del-cierco-a-la-izquierda-cabo-de-comaguana-a-la-derecha-el-ibon-dels-chuncos-en-el-centro-y-abajo-la-cabana-de-pardines-1024x768.jpg 1024w, https:\/\/www.monta\u00f1asdelaluna.es\/wp-content\/uploads\/2017\/10\/pau-bajando-a-la-senda-marcada-con-la-tuca-del-cierco-a-la-izquierda-cabo-de-comaguana-a-la-derecha-el-ibon-dels-chuncos-en-el-centro-y-abajo-la-cabana-de-pardines-300x225.jpg 300w, https:\/\/www.monta\u00f1asdelaluna.es\/wp-content\/uploads\/2017\/10\/pau-bajando-a-la-senda-marcada-con-la-tuca-del-cierco-a-la-izquierda-cabo-de-comaguana-a-la-derecha-el-ibon-dels-chuncos-en-el-centro-y-abajo-la-cabana-de-pardines.jpg 1788w\" sizes=\"auto, (max-width: 1024px) 100vw, 1024px\" \/><\/a><p id=\"caption-attachment-37789\" class=\"wp-caption-text\">Pau bajando a la senda marcada con la Tuca del Cierco a la izquierda, Cabo de Comaguana a la derecha, el Ib\u00f3n dels Chuncos en el centro y abajo la Caba\u00f1a de Pardines<\/p><\/div>\n<div id=\"attachment_37793\" style=\"width: 1798px\" class=\"wp-caption aligncenter\"><a class=\"dt-single-image\" href=\"https:\/\/www.monta\u00f1asdelaluna.es\/wp-content\/uploads\/2017\/10\/ibon-de-la-ribereta-abajo-desde-el-collado-de-pardines-con-los-montes-malditos-al-fondo-y-la-tuca-del-cierco-a-la-derecha.jpg\" data-dt-img-description=\"\"><img loading=\"lazy\" decoding=\"async\" aria-describedby=\"caption-attachment-37793\" class=\"wp-image-37793 size-full\" src=\"https:\/\/www.monta\u00f1asdelaluna.es\/wp-content\/uploads\/2017\/10\/ibon-de-la-ribereta-abajo-desde-el-collado-de-pardines-con-los-montes-malditos-al-fondo-y-la-tuca-del-cierco-a-la-derecha.jpg\" alt=\"Ib\u00f3n de la Ribereta abajo desde el Collado de Pardines con Los Montes Malditos al fondo y la Tuca del Cierco a la derecha\" width=\"1788\" height=\"1004\" srcset=\"https:\/\/www.monta\u00f1asdelaluna.es\/wp-content\/uploads\/2017\/10\/ibon-de-la-ribereta-abajo-desde-el-collado-de-pardines-con-los-montes-malditos-al-fondo-y-la-tuca-del-cierco-a-la-derecha.jpg 1788w, https:\/\/www.monta\u00f1asdelaluna.es\/wp-content\/uploads\/2017\/10\/ibon-de-la-ribereta-abajo-desde-el-collado-de-pardines-con-los-montes-malditos-al-fondo-y-la-tuca-del-cierco-a-la-derecha-300x168.jpg 300w, https:\/\/www.monta\u00f1asdelaluna.es\/wp-content\/uploads\/2017\/10\/ibon-de-la-ribereta-abajo-desde-el-collado-de-pardines-con-los-montes-malditos-al-fondo-y-la-tuca-del-cierco-a-la-derecha-1024x575.jpg 1024w\" sizes=\"auto, (max-width: 1788px) 100vw, 1788px\" \/><\/a><p id=\"caption-attachment-37793\" class=\"wp-caption-text\">Ib\u00f3n de la Ribereta abajo desde el Collado de Pardines con Los Montes Malditos al fondo y la Tuca del Cierco a la derecha<\/p><\/div>\n<p>Mientras caminamos rodeando la fant\u00e1stica laguna del Ib\u00f3n de Bag\u00fce\u00f1a, dejando all\u00e1 arriba los cercanos Picos de Eriste o Bag\u00fce\u00f1a para otra ocasi\u00f3n, advertimos unos hitos que aparecen entre roca y roca. Decidimos seguir \u00e9stos. El recorrido entre ellos, que a veces se pierde entre los perfiles del terreno, comienza a bajar por las vertientes al otro lado de la laguna sin tener que subir tanto como lo hicimos ayer llegando casi arriba del pedregal que pisamos. El recorrido de los hitos intenta seguir, ahora de bajada, por la parte izquierda de dicho pedregal, canchal, a la vez bajando, perdiendo altura, para acercarnos a la parte baja, a la base de dicho pedregal. M\u00e1s o menos en el lugar donde salimos despu\u00e9s de la diagonal bajo las paredes del balc\u00f3n.[\/vc_column_text][\/vc_column][\/vc_row][vc_row][vc_column][vc_empty_space][\/vc_column][\/vc_row][vc_row][vc_column][vc_video link=\u00bbhttps:\/\/vimeo.com\/239345916#t=0s\u00bb title=\u00bbBajando del Ib\u00f3n de Bag\u00fce\u00f1a\u00bb][\/vc_column][\/vc_row][vc_row][vc_column][vc_empty_space][\/vc_column][\/vc_row][vc_row][vc_column][vc_column_text]Las vistas hac\u00eda el sur que ahora las tenemos de frente, son preciosas, con los nombrados lugares y picos que ya describ\u00ed ayer: los Pardines de La Ball, con el Ib\u00f3n Negro, Ib\u00f3n d\u2019els Chuncos y los picos del Tusal de Bocs, Cabo Comaguana, Tuca de Cierco\u2026 tendremos este paisaje hasta que lleguemos a la senda, recorrido marcado, que viene del valle de la Aig\u00fceta de La Ball a la izquierda, y sube al alto Collado de Pardines.<\/p>\n<p>Ciertamente la intenci\u00f3n de la bajada en esta parte del recorrido es llegar a dicha senda marcada, para de nuevo subir hacia la derecha, senda y monta\u00f1a arriba por el fondo del vallecillo, hacia el mismo Collado de Pardines. Despu\u00e9s de llegar a la parte alta de la diagonal por la que salimos ayer, debemos de seguir, sin bajar de golpe, el mismo perfil de la monta\u00f1a, bajo los escarpes de las paredes, estribaciones de Pico Baixo de Bag\u00fce\u00f1a, hacia el sur, perdiendo altura, intentando seguir los peque\u00f1os y a veces escondidos hitos, o siguiendo la l\u00f3gica de este recorrido.<\/p>\n<div id=\"attachment_37795\" style=\"width: 1034px\" class=\"wp-caption aligncenter\"><a class=\"dt-single-image\" href=\"https:\/\/www.monta\u00f1asdelaluna.es\/wp-content\/uploads\/2017\/10\/pau-bajando-del-collado-de-pardines.jpg\" data-dt-img-description=\"\"><img loading=\"lazy\" decoding=\"async\" aria-describedby=\"caption-attachment-37795\" class=\"wp-image-37795 size-large\" src=\"https:\/\/www.monta\u00f1asdelaluna.es\/wp-content\/uploads\/2017\/10\/pau-bajando-del-collado-de-pardines-1024x768.jpg\" alt=\"Pau bajando del Collado de Pardines\" width=\"1024\" height=\"768\" srcset=\"https:\/\/www.monta\u00f1asdelaluna.es\/wp-content\/uploads\/2017\/10\/pau-bajando-del-collado-de-pardines-1024x768.jpg 1024w, https:\/\/www.monta\u00f1asdelaluna.es\/wp-content\/uploads\/2017\/10\/pau-bajando-del-collado-de-pardines-300x225.jpg 300w, https:\/\/www.monta\u00f1asdelaluna.es\/wp-content\/uploads\/2017\/10\/pau-bajando-del-collado-de-pardines.jpg 1788w\" sizes=\"auto, (max-width: 1024px) 100vw, 1024px\" \/><\/a><p id=\"caption-attachment-37795\" class=\"wp-caption-text\">Pau bajando del Collado de Pardines<\/p><\/div>\n<div id=\"attachment_37796\" style=\"width: 1034px\" class=\"wp-caption aligncenter\"><a class=\"dt-single-image\" href=\"https:\/\/www.monta\u00f1asdelaluna.es\/wp-content\/uploads\/2017\/10\/ibon-de-barbarisa.jpg\" data-dt-img-description=\"\"><img loading=\"lazy\" decoding=\"async\" aria-describedby=\"caption-attachment-37796\" class=\"wp-image-37796 size-large\" src=\"https:\/\/www.monta\u00f1asdelaluna.es\/wp-content\/uploads\/2017\/10\/ibon-de-barbarisa-1024x768.jpg\" alt=\"Ib\u00f3n de Barbarisa\" width=\"1024\" height=\"768\" srcset=\"https:\/\/www.monta\u00f1asdelaluna.es\/wp-content\/uploads\/2017\/10\/ibon-de-barbarisa-1024x768.jpg 1024w, https:\/\/www.monta\u00f1asdelaluna.es\/wp-content\/uploads\/2017\/10\/ibon-de-barbarisa-300x225.jpg 300w, https:\/\/www.monta\u00f1asdelaluna.es\/wp-content\/uploads\/2017\/10\/ibon-de-barbarisa.jpg 1788w\" sizes=\"auto, (max-width: 1024px) 100vw, 1024px\" \/><\/a><p id=\"caption-attachment-37796\" class=\"wp-caption-text\">Ib\u00f3n de Barbarisa<\/p><\/div>\n<p>Perdemos los hitos y nos metemos en otro gran canchal de piedras grandes que cae desde las paredes y escarpes de la monta\u00f1a a nuestra derecha. Pau ya no busca hitos y con su h\u00e1bil avanzar se mete por en medio de \u00e9l para girar y llegar hasta el surco dejado por la senda marcada que queda en el fondo pl\u00e1cido y sin obst\u00e1culos del vallecillo. Al final es cuesti\u00f3n de seguir hacia el sur, perdiendo altura poco a poco, por debajo de los escarpes y paredes de la monta\u00f1a que nos debe de quedar a la derecha, hasta que veamos all\u00e1 abajo, una vez atravesada esta zona, la senda marcada entre la Caba\u00f1a de Pardines abajo a la izquierda (que no veremos) y el Ib\u00f3n de la Ribereta arriba a la izquierda.<\/p>\n<p>Pau me espera junto a la senda. Detr\u00e1s de nosotros queda ese canchal \u00faltimo de grandes piedras, ya entre pinos que intentan adaptarse y crecer en este terreno. Y aqu\u00ed suscribimos nuestras intenciones: seguir la senda hacia la derecha y de subida, hacia el oeste, en busca del Collado de Pardines.<\/p>\n<p>La senda es clara y f\u00e1cil, pero estamos cansados de la \u201cpaliza\u201d de ayer, y parece que nos cuesta bastante. De nuevo debemos subir y sobrepasar los 2.500 metros del collado. Enseguida pasamos por las tranquilas orillas del Ib\u00f3n de la Ribereta, y all\u00e1 arriba, al frente, aparece la forca del Collado de Pardines. Seguimos hacia esta forca intentando seguir las marcas del Peque\u00f1o Recorrido en esta senda y recorrido. Y sigue sin aparecer ni una nube, con el calor apretando de un sol desatado.<\/p>\n<div id=\"attachment_37801\" style=\"width: 1034px\" class=\"wp-caption aligncenter\"><a class=\"dt-single-image\" href=\"https:\/\/www.monta\u00f1asdelaluna.es\/wp-content\/uploads\/2017\/10\/delante-pau-junto-al-barranco-de-sarri-al-fondo-el-pico-eriste-bagueenola-sur.jpg\" data-dt-img-description=\"\"><img loading=\"lazy\" decoding=\"async\" aria-describedby=\"caption-attachment-37801\" class=\"wp-image-37801 size-large\" src=\"https:\/\/www.monta\u00f1asdelaluna.es\/wp-content\/uploads\/2017\/10\/delante-pau-junto-al-barranco-de-sarri-al-fondo-el-pico-eriste-bagueenola-sur-1024x768.jpg\" alt=\"Delante Pau junto al Barranco de Sarri, al fondo el pico Eriste (Bag\u00fce\u00f1ola) Sur\" width=\"1024\" height=\"768\" srcset=\"https:\/\/www.monta\u00f1asdelaluna.es\/wp-content\/uploads\/2017\/10\/delante-pau-junto-al-barranco-de-sarri-al-fondo-el-pico-eriste-bagueenola-sur-1024x768.jpg 1024w, https:\/\/www.monta\u00f1asdelaluna.es\/wp-content\/uploads\/2017\/10\/delante-pau-junto-al-barranco-de-sarri-al-fondo-el-pico-eriste-bagueenola-sur-300x225.jpg 300w, https:\/\/www.monta\u00f1asdelaluna.es\/wp-content\/uploads\/2017\/10\/delante-pau-junto-al-barranco-de-sarri-al-fondo-el-pico-eriste-bagueenola-sur.jpg 1788w\" sizes=\"auto, (max-width: 1024px) 100vw, 1024px\" \/><\/a><p id=\"caption-attachment-37801\" class=\"wp-caption-text\">Delante Pau junto al Barranco de Sarri, al fondo el pico Eriste (Bag\u00fce\u00f1ola) Sur<\/p><\/div>\n<div id=\"attachment_37802\" style=\"width: 1034px\" class=\"wp-caption aligncenter\"><a class=\"dt-single-image\" href=\"https:\/\/www.monta\u00f1asdelaluna.es\/wp-content\/uploads\/2017\/10\/bajando-por-el-valle-de-sahun-en-el-centro-la-punta-de-chia.jpg\" data-dt-img-description=\"\"><img loading=\"lazy\" decoding=\"async\" aria-describedby=\"caption-attachment-37802\" class=\"wp-image-37802 size-large\" src=\"https:\/\/www.monta\u00f1asdelaluna.es\/wp-content\/uploads\/2017\/10\/bajando-por-el-valle-de-sahun-en-el-centro-la-punta-de-chia-1024x768.jpg\" alt=\"Bajando por el Valle de Sah\u00fan, en el centro la Punta de Ch\u00eda\" width=\"1024\" height=\"768\" srcset=\"https:\/\/www.monta\u00f1asdelaluna.es\/wp-content\/uploads\/2017\/10\/bajando-por-el-valle-de-sahun-en-el-centro-la-punta-de-chia-1024x768.jpg 1024w, https:\/\/www.monta\u00f1asdelaluna.es\/wp-content\/uploads\/2017\/10\/bajando-por-el-valle-de-sahun-en-el-centro-la-punta-de-chia-300x225.jpg 300w, https:\/\/www.monta\u00f1asdelaluna.es\/wp-content\/uploads\/2017\/10\/bajando-por-el-valle-de-sahun-en-el-centro-la-punta-de-chia.jpg 1788w\" sizes=\"auto, (max-width: 1024px) 100vw, 1024px\" \/><\/a><p id=\"caption-attachment-37802\" class=\"wp-caption-text\">Bajando por el Valle de Sah\u00fan, en el centro la Punta de Ch\u00eda<\/p><\/div>\n<p>Despu\u00e9s de una esforzada subida lenta pero constante, llegamos al Collado de Pardines, 2.538 mts., son las 11,45 horas. Ante nosotros un nuevo paisaje, no demasiado bonito, de vertientes y laderas peladas de vegetaci\u00f3n o con hierba agostada, de tonos amarillentos, marronosos claro\u2026 le digo a Pau que se parece a Sierra Nevada, un aspecto desolado sin verdor ni nieve, con la roca desnuda y muy soleada. Abajo, al otro lado del collado, unas lagunas nos llaman la atenci\u00f3n en el centro del circo que se forma bajo las monta\u00f1as de alrededor, nuevas monta\u00f1as, vistas para nuestros ojos: son los Ibonets e Ib\u00f3n de Barbarisa, bajo los Picos de Eriste por su lado suroeste y del Pica Sierra m\u00e1s hacia el oeste, arriba del circo. Pau me dice que por aqu\u00ed hay otra subida a los Picos de Eriste, vemos los mapas (Pau se ha tra\u00eddo unos mapas impresos a color de Alpina algo antiguos), y efectivamente hay una subida por este lado\u2026 casi se podr\u00eda decir que es el lado contrario (hacia el oeste) al que est\u00e1bamos nosotros.<\/p>\n<p>Ahora solo toca bajar del Collado de Pardines, seguir la senda marcada por todo el valle, valle abajo, hasta la poblaci\u00f3n donde tenemos el coche, llegando a Sah\u00fan por el lado contrario al que salimos, haciendo una perfecta circular. El recorrido har\u00e1 un giro con la forma del mismo valle: sur, sureste y este, hasta llegar a la misma nombrada poblaci\u00f3n; pero ahora toca bajar hacia casi las orillas del Ib\u00f3n de Barbarisa y esa es direcci\u00f3n oeste. No hay problema, seguimos la marcada y pisada senda con pinturas blancas y amarillas en algunos rincones.[\/vc_column_text][\/vc_column][\/vc_row][vc_row][vc_column][vc_empty_space][\/vc_column][\/vc_row][vc_row][vc_column][vc_video link=\u00bbhttps:\/\/vimeo.com\/239346119#t=0s\u00bb title=\u00bbCollado de Pardines, 2.538 mts.\u00bb][\/vc_column][\/vc_row][vc_row][vc_column][vc_empty_space][\/vc_column][\/vc_row][vc_row][vc_column][vc_column_text]Pero la r\u00e1pida bajada no nos dejar\u00e1 en las orillas de dicho laguito, si no que girar\u00e1 hacia el sur en un momento determinado dejando, como abajo de un balc\u00f3n a la derecha y espalda, los dominios de dicho laguito. Es m\u00e1s grande de lo que parec\u00eda; y hace una extra\u00f1a forma\u2026 unos curiosos se han acercado a un ap\u00e9ndice del mismo que se adentra hacia el interior del laguito, hacen fotos y curiosean el lugar\u2026 yo les hago fotos con el zum\u2026 parecen que est\u00e9n en medio de un \u201cmini mar\u201d.<\/p>\n<p>Ahora la senda o recorrido intenta ir por el fondo del valle dejando las alturas y circo, final del valle, justo a nuestra espalda. Delante nuestro el giro y comienzo del valle, pero muy a lo lejos a\u00fan.<\/p>\n<div id=\"attachment_37803\" style=\"width: 1034px\" class=\"wp-caption aligncenter\"><a class=\"dt-single-image\" href=\"https:\/\/www.monta\u00f1asdelaluna.es\/wp-content\/uploads\/2017\/10\/la-punta-de-chia-delante.jpg\" data-dt-img-description=\"\"><img loading=\"lazy\" decoding=\"async\" aria-describedby=\"caption-attachment-37803\" class=\"wp-image-37803 size-large\" src=\"https:\/\/www.monta\u00f1asdelaluna.es\/wp-content\/uploads\/2017\/10\/la-punta-de-chia-delante-1024x768.jpg\" alt=\"La Punta de Ch\u00eda delante\" width=\"1024\" height=\"768\" srcset=\"https:\/\/www.monta\u00f1asdelaluna.es\/wp-content\/uploads\/2017\/10\/la-punta-de-chia-delante-1024x768.jpg 1024w, https:\/\/www.monta\u00f1asdelaluna.es\/wp-content\/uploads\/2017\/10\/la-punta-de-chia-delante-300x225.jpg 300w, https:\/\/www.monta\u00f1asdelaluna.es\/wp-content\/uploads\/2017\/10\/la-punta-de-chia-delante.jpg 1788w\" sizes=\"auto, (max-width: 1024px) 100vw, 1024px\" \/><\/a><p id=\"caption-attachment-37803\" class=\"wp-caption-text\">La Punta de Ch\u00eda delante<\/p><\/div>\n<div id=\"attachment_37807\" style=\"width: 1798px\" class=\"wp-caption aligncenter\"><a class=\"dt-single-image\" href=\"https:\/\/www.monta\u00f1asdelaluna.es\/wp-content\/uploads\/2017\/10\/valle-de-sahun-desde-la-cabana-de-barbarisa.jpg\" data-dt-img-description=\"\"><img loading=\"lazy\" decoding=\"async\" aria-describedby=\"caption-attachment-37807\" class=\"wp-image-37807 size-full\" src=\"https:\/\/www.monta\u00f1asdelaluna.es\/wp-content\/uploads\/2017\/10\/valle-de-sahun-desde-la-cabana-de-barbarisa.jpg\" alt=\"Valle de Sah\u00fan desde la Caba\u00f1a de Barbarisa\" width=\"1788\" height=\"1004\" srcset=\"https:\/\/www.monta\u00f1asdelaluna.es\/wp-content\/uploads\/2017\/10\/valle-de-sahun-desde-la-cabana-de-barbarisa.jpg 1788w, https:\/\/www.monta\u00f1asdelaluna.es\/wp-content\/uploads\/2017\/10\/valle-de-sahun-desde-la-cabana-de-barbarisa-300x168.jpg 300w, https:\/\/www.monta\u00f1asdelaluna.es\/wp-content\/uploads\/2017\/10\/valle-de-sahun-desde-la-cabana-de-barbarisa-1024x575.jpg 1024w\" sizes=\"auto, (max-width: 1788px) 100vw, 1788px\" \/><\/a><p id=\"caption-attachment-37807\" class=\"wp-caption-text\">Valle de Sah\u00fan desde la Caba\u00f1a de Barbarisa<\/p><\/div>\n<p>Pasamos por lugares donde el riachuelo que sigue el fondo del valle hace como cascaditas y meandros excavados entre las rocas y terreno menos duro. Y ya m\u00e1s al sur observamos como un camino transitable para veh\u00edculos (a primera vista) se acerca al fondo del valle y el riachuelo\u2026 al riachuelo lo llaman Barranco Sarri en el mapa Alpina. Pero a\u00fan queda muy abajo. Desde un balconcito donde el riachuelo hace una cascadita, debemos bajar cruzando el mismo para seguir por el lado izquierdo del barranco\u2026 antes hemos aparecido por el lado derecho siguiendo las marcas y senda pisada.<\/p>\n<p>Caminando por este lado izquierdo aparecen varias sendas como si muchas fueran caminos de cabras, entre la baja y arbustiva vegetaci\u00f3n. A\u00fan estamos altos por lo que la vegetaci\u00f3n arb\u00f3rea queda all\u00e1 abajo en el fondo del valle. Y una vez acabado este recorrido paramos junto al vislumbrado y nombrado camino que parece atravesar toda la ladera derecha de la monta\u00f1a, girando y perdi\u00e9ndose hacia el sur y derecha\u2026 Aqu\u00ed hay carteles informativos de recorridos y lugares. Pau, que me hab\u00eda adelantado, ya descansaba en el lugar junto al camino bajo este sol de justicia nada normal en oto\u00f1o en el Pirineo\u2026 y ni una nube saldr\u00e1 para hacernos sombra.<\/p>\n<p>Estamos en la Caba\u00f1a de Barbarisa, y el camino no empieza aqu\u00ed, si no que acaba, perdi\u00e9ndose por laderas que no tenemos que visitar. Hay una especie de cuadra y vacas cercanas. Pero como he indicado antes no debemos seguir el camino, si no la senda que casi baja de la parte de atr\u00e1s y alta de la casita, y que sigue sin perderse por la misma ladera y lado de valle por el que hemos ido bajando para llegar a esta Caba\u00f1a de Barbarisa. Poco despu\u00e9s de pasar por ella, el bosque, tupido y sano, inundar\u00e1 el paisaje, la senda y recorrido se internar\u00e1 por \u00e9l con la esperanza de darnos algo de sombra y cobijo de este d\u00eda y sol tan castigador.<\/p>\n<div id=\"attachment_37809\" style=\"width: 1034px\" class=\"wp-caption aligncenter\"><a class=\"dt-single-image\" href=\"https:\/\/www.monta\u00f1asdelaluna.es\/wp-content\/uploads\/2017\/10\/construccion-de-santa-chulita.jpg\" data-dt-img-description=\"\"><img loading=\"lazy\" decoding=\"async\" aria-describedby=\"caption-attachment-37809\" class=\"wp-image-37809 size-large\" src=\"https:\/\/www.monta\u00f1asdelaluna.es\/wp-content\/uploads\/2017\/10\/construccion-de-santa-chulita-1024x768.jpg\" alt=\"Construcci\u00f3n de Santa Chulita\" width=\"1024\" height=\"768\" srcset=\"https:\/\/www.monta\u00f1asdelaluna.es\/wp-content\/uploads\/2017\/10\/construccion-de-santa-chulita-1024x768.jpg 1024w, https:\/\/www.monta\u00f1asdelaluna.es\/wp-content\/uploads\/2017\/10\/construccion-de-santa-chulita-300x225.jpg 300w, https:\/\/www.monta\u00f1asdelaluna.es\/wp-content\/uploads\/2017\/10\/construccion-de-santa-chulita.jpg 1788w\" sizes=\"auto, (max-width: 1024px) 100vw, 1024px\" \/><\/a><p id=\"caption-attachment-37809\" class=\"wp-caption-text\">Construcci\u00f3n de Santa Chulita<\/p><\/div>\n<div id=\"attachment_37810\" style=\"width: 1034px\" class=\"wp-caption aligncenter\"><a class=\"dt-single-image\" href=\"https:\/\/www.monta\u00f1asdelaluna.es\/wp-content\/uploads\/2017\/10\/pau-bajando-a-sahun.jpg\" data-dt-img-description=\"\"><img loading=\"lazy\" decoding=\"async\" aria-describedby=\"caption-attachment-37810\" class=\"wp-image-37810 size-large\" src=\"https:\/\/www.monta\u00f1asdelaluna.es\/wp-content\/uploads\/2017\/10\/pau-bajando-a-sahun-1024x768.jpg\" alt=\"Pau bajando a Sah\u00fan\" width=\"1024\" height=\"768\" srcset=\"https:\/\/www.monta\u00f1asdelaluna.es\/wp-content\/uploads\/2017\/10\/pau-bajando-a-sahun-1024x768.jpg 1024w, https:\/\/www.monta\u00f1asdelaluna.es\/wp-content\/uploads\/2017\/10\/pau-bajando-a-sahun-300x225.jpg 300w, https:\/\/www.monta\u00f1asdelaluna.es\/wp-content\/uploads\/2017\/10\/pau-bajando-a-sahun.jpg 1788w\" sizes=\"auto, (max-width: 1024px) 100vw, 1024px\" \/><\/a><p id=\"caption-attachment-37810\" class=\"wp-caption-text\">Pau bajando a Sah\u00fan<\/p><\/div>\n<p>Y as\u00ed es, la senda sigue por el interior del bosque donde se mezclan avellanos, hayas, robles, pinos\u2026 un poco de todo, y nos deja poco espacio para las vistas. A la vez poco a poco gira como lo hace el perfil del valle y deja el sur para seguir hacia el sureste, buscando la salida del mismo. Pau est\u00e1 como harto o cansado por el recorrido, calor, cansancio\u2026 un poco de todo, y quiere bajar r\u00e1pido y sin parar hasta el pueblo, hasta el coche. Miramos el mapa y le digo que es mejor parar a comer antes de llegar al coche, porque el mediod\u00eda nos coger\u00e1 en el camino. Le comento de comer y pararnos en la Ermita de Santa Chulita, que no debe de estar muy lejos. Con lo que al final accede y seguimos caminando por la senda, sin perdida ni demasiados cruces, hasta que lleguemos a dicha construcci\u00f3n.<\/p>\n<p>Mientras caminamos, en los pocos tramos que la misma espesura del bosque nos deja, observo todo el manto boscoso del valle: es precioso y frondoso. Veo el lado contrario al valle. Los colores del oto\u00f1o, aunque no parezca que ya estemos en oto\u00f1o, van cambiando las tonalidades de las frondosas, de los \u00e1rboles de hoja caduca, formando un manto de colores pastel encantador y precioso.<\/p>\n<p>Y llegamos a una peque\u00f1a y muy austera construcci\u00f3n sin puerta ni caracter\u00edstica que nos diga que es una \u201ccasa\u201d: es un hueco con paredes y techo, pero con una de las paredes desaparecida, y peque\u00f1a\u2026 es la Ermita de Santa Chulita, son las 14,00 horas, hora de comer, reponer fuerzas y descansar. El agua se est\u00e1 acabando, hace calor, pero pensamos que el pueblo de Sah\u00fan no est\u00e1 ya demasiado lejos. Cr\u00edticas de Pau a la construcci\u00f3n a la Virgen de La Chulita; y pasados unos 20 minutos reemprendemos el camino con nuevas energ\u00edas.<\/p>\n<div id=\"attachment_37812\" style=\"width: 1034px\" class=\"wp-caption aligncenter\"><a class=\"dt-single-image\" href=\"https:\/\/www.monta\u00f1asdelaluna.es\/wp-content\/uploads\/2017\/10\/IMG_5392.jpg\" data-dt-img-description=\"\"><img loading=\"lazy\" decoding=\"async\" aria-describedby=\"caption-attachment-37812\" class=\"wp-image-37812 size-large\" src=\"https:\/\/www.monta\u00f1asdelaluna.es\/wp-content\/uploads\/2017\/10\/IMG_5392-1024x768.jpg\" alt=\"Bajando a Sah\u00fan. Al fondo derecha El Turb\u00f3n\" width=\"1024\" height=\"768\" srcset=\"https:\/\/www.monta\u00f1asdelaluna.es\/wp-content\/uploads\/2017\/10\/IMG_5392-1024x768.jpg 1024w, https:\/\/www.monta\u00f1asdelaluna.es\/wp-content\/uploads\/2017\/10\/IMG_5392-300x225.jpg 300w, https:\/\/www.monta\u00f1asdelaluna.es\/wp-content\/uploads\/2017\/10\/IMG_5392.jpg 1788w\" sizes=\"auto, (max-width: 1024px) 100vw, 1024px\" \/><\/a><p id=\"caption-attachment-37812\" class=\"wp-caption-text\">Bajando a Sah\u00fan. Al fondo derecha El Turb\u00f3n<\/p><\/div>\n<div id=\"attachment_37813\" style=\"width: 1034px\" class=\"wp-caption aligncenter\"><a class=\"dt-single-image\" href=\"https:\/\/www.monta\u00f1asdelaluna.es\/wp-content\/uploads\/2017\/10\/cruce-hacia-la-ermita-de-san-pedro-martir.jpg\" data-dt-img-description=\"\"><img loading=\"lazy\" decoding=\"async\" aria-describedby=\"caption-attachment-37813\" class=\"wp-image-37813 size-large\" src=\"https:\/\/www.monta\u00f1asdelaluna.es\/wp-content\/uploads\/2017\/10\/cruce-hacia-la-ermita-de-san-pedro-martir-1024x768.jpg\" alt=\"Cruce hac\u00eda la Ermita de San Pedro M\u00e1rtir\" width=\"1024\" height=\"768\" srcset=\"https:\/\/www.monta\u00f1asdelaluna.es\/wp-content\/uploads\/2017\/10\/cruce-hacia-la-ermita-de-san-pedro-martir-1024x768.jpg 1024w, https:\/\/www.monta\u00f1asdelaluna.es\/wp-content\/uploads\/2017\/10\/cruce-hacia-la-ermita-de-san-pedro-martir-300x225.jpg 300w, https:\/\/www.monta\u00f1asdelaluna.es\/wp-content\/uploads\/2017\/10\/cruce-hacia-la-ermita-de-san-pedro-martir.jpg 1788w\" sizes=\"auto, (max-width: 1024px) 100vw, 1024px\" \/><\/a><p id=\"caption-attachment-37813\" class=\"wp-caption-text\">Cruce hac\u00eda la Ermita de San Pedro M\u00e1rtir<\/p><\/div>\n<p>Ahora la senda atravesar\u00e1 zonas del bosque y del valle que parece son m\u00e1s transitadas, aunque no nos volvamos a cruzar con nadie (aparte de la pareja del Ib\u00f3n de Barbarisa, vimos a otra pareja que sub\u00eda antes de llegar a la Caba\u00f1a de Barbarisa), solo algunas vacas y antiguas, arruinadas construcciones del hombre, de cuando se trabajada con el bosque hace decenas de a\u00f1os, en lugar de acabar con \u00e9l.<\/p>\n<p>Entonces el recorrido entre el bosque parece un antiguo camino empedrado pero ya con las piedras desordenadas, mutiladas\u2026 con el paso del tiempo la Naturaleza reclama lo que es suyo. Pasamos por un cruce donde sale una senda a la izquierda y monte arriba, es la subida a San Pedro M\u00e1rtir. Ya estamos cerca del pueblo.<\/p>\n<p>Y antes de lo que pensamos, nos tropezamos con las afueras y primeras casas de Sah\u00fan. Pau hace tiempo que se ha adelantado, y ya ha entrado en el pueblo sin saber por d\u00f3nde se ha metido entre las calles del pueblo. Pero al final no hay misterio: sigo las calles sin bajar demasiado, sin dejar la altura, paso por la puerta de la iglesia dejando su muro a mi izquierda, y esa misma calle desemboca, despu\u00e9s de una rampa de bajada, en el parking donde hab\u00edamos dejado el coche ayer.<\/p>\n<div id=\"attachment_37815\" style=\"width: 1034px\" class=\"wp-caption aligncenter\"><a class=\"dt-single-image\" href=\"https:\/\/www.monta\u00f1asdelaluna.es\/wp-content\/uploads\/2017\/10\/IMG_5395.jpg\" data-dt-img-description=\"\"><img loading=\"lazy\" decoding=\"async\" aria-describedby=\"caption-attachment-37815\" class=\"wp-image-37815 size-large\" src=\"https:\/\/www.monta\u00f1asdelaluna.es\/wp-content\/uploads\/2017\/10\/IMG_5395-1024x768.jpg\" alt=\"Sah\u00fan\" width=\"1024\" height=\"768\" srcset=\"https:\/\/www.monta\u00f1asdelaluna.es\/wp-content\/uploads\/2017\/10\/IMG_5395-1024x768.jpg 1024w, https:\/\/www.monta\u00f1asdelaluna.es\/wp-content\/uploads\/2017\/10\/IMG_5395-300x225.jpg 300w, https:\/\/www.monta\u00f1asdelaluna.es\/wp-content\/uploads\/2017\/10\/IMG_5395.jpg 1788w\" sizes=\"auto, (max-width: 1024px) 100vw, 1024px\" \/><\/a><p id=\"caption-attachment-37815\" class=\"wp-caption-text\">Sah\u00fan<\/p><\/div>\n<p>Son las 15,30 horas. Hemos tardado en bajar cinco horas y media bajo un sol tajante y un d\u00eda radiante sin una nube. Nos remojamos y refrescamos en la fuente, torrente que baja junto al mismo parking. Pau ya me estaba esperando. Y de esta manera terminamos este curioso y solitario recorrido por la alta monta\u00f1a del Pirineo de Huesca. Las cimas de los Picos de Eriste se han quedado sin pisar, el largo desnivel desde donde dejamos el coche hasta el sitio donde hacemos la base de la acampada para atacar estas cimas, nos ha hecho mella\u2026 tambi\u00e9n por el d\u00eda de sol y altas presiones que seguro nos han aplatanado y no hemos estado atinados en esta actividad\u2026 adem\u00e1s del catarro de Pau. Pero para una primera visita y exploraci\u00f3n para un segundo intento en un futuro, ha ido muy bien, estupendo.<\/p>\n<div id=\"attachment_37823\" style=\"width: 1165px\" class=\"wp-caption aligncenter\"><a class=\"dt-single-image\" href=\"https:\/\/www.monta\u00f1asdelaluna.es\/wp-content\/uploads\/2017\/10\/picosdeEristeWeb.croquis.web_.jpg\" data-dt-img-description=\"\"><img loading=\"lazy\" decoding=\"async\" aria-describedby=\"caption-attachment-37823\" class=\"wp-image-37823 size-full\" src=\"https:\/\/www.monta\u00f1asdelaluna.es\/wp-content\/uploads\/2017\/10\/picosdeEristeWeb.croquis.web_.jpg\" alt=\"Croquis del recorrido circular desde Sah\u00fan hasta el Ib\u00f3n de Bag\u00fce\u00f1a. Punto Rojo: Aparcamiento del coche. Linea Azul clara: monte atrav\u00e9s con pocos hitos.\" width=\"1155\" height=\"1171\" srcset=\"https:\/\/www.monta\u00f1asdelaluna.es\/wp-content\/uploads\/2017\/10\/picosdeEristeWeb.croquis.web_.jpg 1155w, https:\/\/www.monta\u00f1asdelaluna.es\/wp-content\/uploads\/2017\/10\/picosdeEristeWeb.croquis.web_-296x300.jpg 296w, https:\/\/www.monta\u00f1asdelaluna.es\/wp-content\/uploads\/2017\/10\/picosdeEristeWeb.croquis.web_-1010x1024.jpg 1010w\" sizes=\"auto, (max-width: 1155px) 100vw, 1155px\" \/><\/a><p id=\"caption-attachment-37823\" class=\"wp-caption-text\">Croquis del recorrido circular desde Sah\u00fan hasta el Ib\u00f3n de Bag\u00fce\u00f1a. Punto Rojo: Aparcamiento del coche. Linea Azul clara: monte atrav\u00e9s con pocos hitos.<\/p><\/div>\n<p>[\/vc_column_text][\/vc_column][\/vc_row][vc_row][vc_column][vc_empty_space height=\u00bb60px\u00bb][\/vc_column][\/vc_row][vc_row][vc_column][vc_cta h2=\u00bb\u00c1lbum de fotos\u00bb txt_align=\u00bbcenter\u00bb add_button=\u00bbbottom\u00bb btn_title=\u00bbVer fotos\u00bb btn_color=\u00bbwarning\u00bb btn_align=\u00bbcenter\u00bb btn_link=\u00bburl:https%3A%2F%2Fmonta%C3%B1asdelaluna.es%2F%3Fdt_gallery%3Dibon-de-baguena-en-los-picos-de-eriste-2|title:Ib%C3%B3n%20de%20Bag%C3%BCe%C3%B1a%20en%20los%20Picos%20de%20Eriste|target:_blank\u00bb css=\u00bb.vc_custom_1625752620717{background-color: #8bc4ed !important;}\u00bb]Puedes ver todas las fotos del relato y actividad en forma de presentaci\u00f3n o individuales pinchando aqui \u00a1No te las pierdas![\/vc_cta][\/vc_column][\/vc_row][vc_row][vc_column][vc_empty_space height=\u00bb60px\u00bb][\/vc_column][\/vc_row][vc_row][vc_column width=\u00bb1\/6&#8243;][\/vc_column][vc_column width=\u00bb1\/3&#8243;][vc_empty_space height=\u00bb26px\u00bb][vc_raw_html]JTNDaWZyYW1lJTIwc3JjJTNEJTIyaHR0cHMlM0ElMkYlMkZ3d3cubWV0ZW9ibHVlLmNvbSUyRmVzJTJGdGllbXBvJTJGd2lkZ2V0JTJGZGFpbHklMkZzYWglMjVjMyUyNWJhbl9lc3BhJTI1YzMlMjViMWFfNjk0MTAxMyUzRmdlb2xvYyUzRGZpeGVkJTI2ZGF5cyUzRDclMjZ0ZW1wdW5pdCUzRENFTFNJVVMlMjZ3aW5kdW5pdCUzREtJTE9NRVRFUl9QRVJfSE9VUiUyNnByZWNpcHVuaXQlM0RNSUxMSU1FVEVSJTI2Y29sb3VyZWQlM0Rjb2xvdXJlZCUyNnBpY3RvaWNvbiUzRDAlMjZwaWN0b2ljb24lM0QxJTI2bWF4dGVtcGVyYXR1cmUlM0QwJTI2bWF4dGVtcGVyYXR1cmUlM0QxJTI2bWludGVtcGVyYXR1cmUlM0QwJTI2bWludGVtcGVyYXR1cmUlM0QxJTI2d2luZHNwZWVkJTNEMCUyNndpbmRzcGVlZCUzRDElMjZ3aW5kZ3VzdCUzRDAlMjZ3aW5kZ3VzdCUzRDElMjZ3aW5kZGlyZWN0aW9uJTNEMCUyNndpbmRkaXJlY3Rpb24lM0QxJTI2dXYlM0QwJTI2aHVtaWRpdHklM0QwJTI2cHJlY2lwaXRhdGlvbiUzRDAlMjZwcmVjaXBpdGF0aW9uJTNEMSUyNnByZWNpcGl0YXRpb25wcm9iYWJpbGl0eSUzRDAlMjZwcmVjaXBpdGF0aW9ucHJvYmFiaWxpdHklM0QxJTI2c3BvdCUzRDAlMjZzcG90JTNEMSUyNnByZXNzdXJlJTNEMCUyNnByZXNzdXJlJTNEMSUyNmxheW91dCUzRGxpZ2h0JTIyJTIwJTIwZnJhbWVib3JkZXIlM0QlMjIwJTIyJTIwc2Nyb2xsaW5nJTNEJTIyTk8lMjIlMjBhbGxvd3RyYW5zcGFyZW5jeSUzRCUyMnRydWUlMjIlMjBzYW5kYm94JTNEJTIyYWxsb3ctc2FtZS1vcmlnaW4lMjBhbGxvdy1zY3JpcHRzJTIwYWxsb3ctcG9wdXBzJTIyJTIwc3R5bGUlM0QlMjJ3aWR0aCUzQSUyMDM3OHB4JTNCaGVpZ2h0JTNBJTIwNDE0cHglMjIlM0UlM0MlMkZpZnJhbWUlM0UlM0NkaXYlM0UlM0MlMjEtLSUyMERPJTIwTk9UJTIwUkVNT1ZFJTIwVEhJUyUyMExJTkslMjAtLSUzRSUzQ2ElMjBocmVmJTNEJTIyaHR0cHMlM0ElMkYlMkZ3d3cubWV0ZW9ibHVlLmNvbSUyRmVzJTJGdGllbXBvJTJGcHJvbm9zdGljbyUyRnNlbWFuYSUyRnNhaCUyNWMzJTI1YmFuX2VzcGElMjVjMyUyNWIxYV82OTQxMDEzJTNGdXRtX3NvdXJjZSUzRHdlYXRoZXJfd2lkZ2V0JTI2dXRtX21lZGl1bSUzRGxpbmt1cyUyNnV0bV9jb250ZW50JTNEZGFpbHklMjZ1dG1fY2FtcGFpZ24lM0RXZWF0aGVyJTI1MkJXaWRnZXQlMjIlMjB0YXJnZXQlM0QlMjJfYmxhbmslMjIlM0VtZXRlb2JsdWUlM0MlMkZhJTNFJTNDJTJGZGl2JTNF[\/vc_raw_html][\/vc_column][vc_column width=\u00bb1\/3&#8243;][vc_column_text]Tiempo en Ib\u00f3n de Bag\u00fce\u00f1a[\/vc_column_text][vc_raw_html]JTNDaWZyYW1lJTIwc3JjJTNEJTIyaHR0cHMlM0ElMkYlMkZ3d3cubWV0ZW9ibHVlLmNvbSUyRmVzJTJGdGllbXBvJTJGd2lkZ2V0JTJGZGFpbHklMkY0Mi42MTdOMC40MjhFMjQ2Nl9FdXJvcGUlMjUyRk1hZHJpZCUzRmdlb2xvYyUzRGZpeGVkJTI2ZGF5cyUzRDclMjZ0ZW1wdW5pdCUzRENFTFNJVVMlMjZ3aW5kdW5pdCUzREtJTE9NRVRFUl9QRVJfSE9VUiUyNnByZWNpcHVuaXQlM0RNSUxMSU1FVEVSJTI2Y29sb3VyZWQlM0Rjb2xvdXJlZCUyNnBpY3RvaWNvbiUzRDAlMjZwaWN0b2ljb24lM0QxJTI2bWF4dGVtcGVyYXR1cmUlM0QwJTI2bWF4dGVtcGVyYXR1cmUlM0QxJTI2bWludGVtcGVyYXR1cmUlM0QwJTI2bWludGVtcGVyYXR1cmUlM0QxJTI2d2luZHNwZWVkJTNEMCUyNndpbmRzcGVlZCUzRDElMjZ3aW5kZ3VzdCUzRDAlMjZ3aW5kZ3VzdCUzRDElMjZ3aW5kZGlyZWN0aW9uJTNEMCUyNndpbmRkaXJlY3Rpb24lM0QxJTI2dXYlM0QwJTI2aHVtaWRpdHklM0QwJTI2cHJlY2lwaXRhdGlvbiUzRDAlMjZwcmVjaXBpdGF0aW9uJTNEMSUyNnByZWNpcGl0YXRpb25wcm9iYWJpbGl0eSUzRDAlMjZwcmVjaXBpdGF0aW9ucHJvYmFiaWxpdHklM0QxJTI2c3BvdCUzRDAlMjZzcG90JTNEMSUyNnByZXNzdXJlJTNEMCUyNnByZXNzdXJlJTNEMSUyNmxheW91dCUzRGxpZ2h0JTIyJTIwJTIwZnJhbWVib3JkZXIlM0QlMjIwJTIyJTIwc2Nyb2xsaW5nJTNEJTIyTk8lMjIlMjBhbGxvd3RyYW5zcGFyZW5jeSUzRCUyMnRydWUlMjIlMjBzYW5kYm94JTNEJTIyYWxsb3ctc2FtZS1vcmlnaW4lMjBhbGxvdy1zY3JpcHRzJTIwYWxsb3ctcG9wdXBzJTIyJTIwc3R5bGUlM0QlMjJ3aWR0aCUzQSUyMDM3OHB4JTNCaGVpZ2h0JTNBJTIwNDE0cHglMjIlM0UlM0MlMkZpZnJhbWUlM0UlM0NkaXYlM0UlM0MlMjEtLSUyMERPJTIwTk9UJTIwUkVNT1ZFJTIwVEhJUyUyMExJTkslMjAtLSUzRSUzQ2ElMjBocmVmJTNEJTIyaHR0cHMlM0ElMkYlMkZ3d3cubWV0ZW9ibHVlLmNvbSUyRmVzJTJGdGllbXBvJTJGcHJvbm9zdGljbyUyRnNlbWFuYSUyRjQyLjYxN04wLjQyOEUyNDY2X0V1cm9wZSUyNTJGTWFkcmlkJTNGdXRtX3NvdXJjZSUzRHdlYXRoZXJfd2lkZ2V0JTI2dXRtX21lZGl1bSUzRGxpbmt1cyUyNnV0bV9jb250ZW50JTNEZGFpbHklMjZ1dG1fY2FtcGFpZ24lM0RXZWF0aGVyJTI1MkJXaWRnZXQlMjIlMjB0YXJnZXQlM0QlMjJfYmxhbmslMjIlM0VtZXRlb2JsdWUlM0MlMkZhJTNFJTNDJTJGZGl2JTNF[\/vc_raw_html][\/vc_column][vc_column width=\u00bb1\/6&#8243;][\/vc_column][\/vc_row]<\/p>\n","protected":false},"excerpt":{"rendered":"<p>[vc_row][vc_column][vc_column_text]Vicente Molina quer\u00eda que organizara una actividad por los Pirineos. Este amigo de Formentera del Segura iniciado en la monta\u00f1a no hace muchos a\u00f1os, siempre intentaba subir al Pirineo para vernos y a la vez conocer alguna altura, alg\u00fan rinc\u00f3n nuevo del Pirineo. Las fechas finales fueron el 7 y 8 de octubre, en el&hellip;<\/p>\n","protected":false},"author":1,"featured_media":37786,"comment_status":"open","ping_status":"open","sticky":false,"template":"","format":"standard","meta":[],"categories":[125],"tags":[],"class_list":["post-37752","post","type-post","status-publish","format-standard","has-post-thumbnail","hentry","category-valle-del-esera","category-125","description-off"],"_links":{"self":[{"href":"https:\/\/www.monta\u00f1asdelaluna.es\/index.php?rest_route=\/wp\/v2\/posts\/37752","targetHints":{"allow":["GET"]}}],"collection":[{"href":"https:\/\/www.monta\u00f1asdelaluna.es\/index.php?rest_route=\/wp\/v2\/posts"}],"about":[{"href":"https:\/\/www.monta\u00f1asdelaluna.es\/index.php?rest_route=\/wp\/v2\/types\/post"}],"author":[{"embeddable":true,"href":"https:\/\/www.monta\u00f1asdelaluna.es\/index.php?rest_route=\/wp\/v2\/users\/1"}],"replies":[{"embeddable":true,"href":"https:\/\/www.monta\u00f1asdelaluna.es\/index.php?rest_route=%2Fwp%2Fv2%2Fcomments&post=37752"}],"version-history":[{"count":11,"href":"https:\/\/www.monta\u00f1asdelaluna.es\/index.php?rest_route=\/wp\/v2\/posts\/37752\/revisions"}],"predecessor-version":[{"id":50099,"href":"https:\/\/www.monta\u00f1asdelaluna.es\/index.php?rest_route=\/wp\/v2\/posts\/37752\/revisions\/50099"}],"wp:featuredmedia":[{"embeddable":true,"href":"https:\/\/www.monta\u00f1asdelaluna.es\/index.php?rest_route=\/wp\/v2\/media\/37786"}],"wp:attachment":[{"href":"https:\/\/www.monta\u00f1asdelaluna.es\/index.php?rest_route=%2Fwp%2Fv2%2Fmedia&parent=37752"}],"wp:term":[{"taxonomy":"category","embeddable":true,"href":"https:\/\/www.monta\u00f1asdelaluna.es\/index.php?rest_route=%2Fwp%2Fv2%2Fcategories&post=37752"},{"taxonomy":"post_tag","embeddable":true,"href":"https:\/\/www.monta\u00f1asdelaluna.es\/index.php?rest_route=%2Fwp%2Fv2%2Ftags&post=37752"}],"curies":[{"name":"wp","href":"https:\/\/api.w.org\/{rel}","templated":true}]}}