{"id":38018,"date":"2017-10-28T07:04:45","date_gmt":"2017-10-28T07:04:45","guid":{"rendered":"http:\/\/monta\u00f1asdelaluna.com\/?p=38018"},"modified":"2021-08-18T09:11:48","modified_gmt":"2021-08-18T09:11:48","slug":"los-cingles-de-lavenc-desde-tavertet","status":"publish","type":"post","link":"https:\/\/www.monta\u00f1asdelaluna.es\/?p=38018","title":{"rendered":"Los Cingles de l&#8217;Avenc desde Tavertet"},"content":{"rendered":"<p>[vc_row][vc_column][vc_column_text]La idea era realizar un paseo, una marcha tranquila por alg\u00fan lugar del Collsacabra, entre esos excepcionales cortados que emergen poderosos al norte del Pant\u00e0 de Sau por los alrededores de Tavertet, Rupit\u2026 e incluso hasta llegar al geron\u00e9s pico del Far.<\/p>\n<p>Ya hab\u00eda visitado en solitario los Cingles de Tavertet saliendo de Sant Mart\u00ed de Sau, justo arriba de la presa del Pant\u00e0 de Sau, y el recorrido y vistas fueron impresionantes. Pero se me quedaba una zona que observ\u00e9 y eran las mismas paredes de Tavertet que segu\u00edan con su misma alineaci\u00f3n como \u201ctierra a dentro\u201d (alej\u00e1ndose del embalse) hac\u00eda el norte, noreste\u2026 eran los Cingles de l\u2019Avenc, entre las poblaciones de Tavertet y Rupit\u2026 ser\u00eda mi objetivo pr\u00f3ximo.<\/p>\n<p>Por ello el pasado s\u00e1bado 28 de octubre program\u00e9 una sencilla excursi\u00f3n a este lugar, en el que cuatro amigos participamos de la misma: Lea, Raquel, Anna y yo. Deb\u00edamos acercarnos por aquella mareante, estrecha y angosta carretera hasta la peque\u00f1a pero encantadora poblaci\u00f3n de Tavertet, que parece estar cabalgando entre paredes a un lado y otro, encima de una meseta. Hay un parking justo en la entrada, pero encontramos la barrera abierta y decidimos aparcar los coches junto a la plaza donde se encuentra la Iglesia de Sant Crist\u00f2fol.<\/p>\n<div id=\"attachment_37937\" style=\"width: 1034px\" class=\"wp-caption aligncenter\"><a class=\"dt-single-image\" href=\"https:\/\/www.monta\u00f1asdelaluna.es\/wp-content\/uploads\/2017\/11\/IMG_5578.jpg\" data-dt-img-description=\"\"><img loading=\"lazy\" decoding=\"async\" aria-describedby=\"caption-attachment-37937\" class=\"wp-image-37937 size-large\" src=\"https:\/\/www.monta\u00f1asdelaluna.es\/wp-content\/uploads\/2017\/11\/IMG_5578-1024x768.jpg\" alt=\"Iglesia de Sant Crist\u00f2fol en Tavertet\" width=\"1024\" height=\"768\" srcset=\"https:\/\/www.monta\u00f1asdelaluna.es\/wp-content\/uploads\/2017\/11\/IMG_5578-1024x768.jpg 1024w, https:\/\/www.monta\u00f1asdelaluna.es\/wp-content\/uploads\/2017\/11\/IMG_5578-300x225.jpg 300w, https:\/\/www.monta\u00f1asdelaluna.es\/wp-content\/uploads\/2017\/11\/IMG_5578.jpg 1788w\" sizes=\"auto, (max-width: 1024px) 100vw, 1024px\" \/><\/a><p id=\"caption-attachment-37937\" class=\"wp-caption-text\">Iglesia de Sant Crist\u00f2fol en Tavertet<\/p><\/div>\n<div id=\"attachment_37941\" style=\"width: 1034px\" class=\"wp-caption aligncenter\"><a class=\"dt-single-image\" href=\"https:\/\/www.monta\u00f1asdelaluna.es\/wp-content\/uploads\/2017\/11\/lea-anna-y-raquel-camino-de-l-avenc-a-la-izquierda-queda-el-puig-segaler.jpg\" data-dt-img-description=\"\"><img loading=\"lazy\" decoding=\"async\" aria-describedby=\"caption-attachment-37941\" class=\"wp-image-37941 size-large\" src=\"https:\/\/www.monta\u00f1asdelaluna.es\/wp-content\/uploads\/2017\/11\/lea-anna-y-raquel-camino-de-l-avenc-a-la-izquierda-queda-el-puig-segaler-1024x768.jpg\" alt=\"Lea, Anna y Raquel camino de l'Avenc a la izquierda queda el Puig Segaler\" width=\"1024\" height=\"768\" srcset=\"https:\/\/www.monta\u00f1asdelaluna.es\/wp-content\/uploads\/2017\/11\/lea-anna-y-raquel-camino-de-l-avenc-a-la-izquierda-queda-el-puig-segaler-1024x768.jpg 1024w, https:\/\/www.monta\u00f1asdelaluna.es\/wp-content\/uploads\/2017\/11\/lea-anna-y-raquel-camino-de-l-avenc-a-la-izquierda-queda-el-puig-segaler-300x225.jpg 300w, https:\/\/www.monta\u00f1asdelaluna.es\/wp-content\/uploads\/2017\/11\/lea-anna-y-raquel-camino-de-l-avenc-a-la-izquierda-queda-el-puig-segaler.jpg 1788w\" sizes=\"auto, (max-width: 1024px) 100vw, 1024px\" \/><\/a><p id=\"caption-attachment-37941\" class=\"wp-caption-text\">Lea, Anna y Raquel camino de l&#8217;Avenc a la izquierda queda el Puig Segaler<\/p><\/div>\n<p>Las nieblas inundan el paisaje, la poblaci\u00f3n e impiden observar y admirar unas vistas espectaculares, en contrapartida nos hacen ver formas fantasmag\u00f3ricas en ocasiones, intentando fotografiarlas y captar las sensaciones con la c\u00e1mara. Son pasadas las 9,30 de la ma\u00f1ana cuando nos acercamos al punto de encuentro: el Mirador que queda justo al sur del pueblo en un balc\u00f3n espectacular que forma una roca plana y sobresaliente sobre los abismos de las paredes. Son las 9,40 de la ma\u00f1ana, no aparece nadie m\u00e1s, partimos hacia la parte este del pueblo en busca del G.R.-2.<\/p>\n<p>Al este del pueblo, casi pegado al sitio donde hemos aparcado, encontramos una calle (que bordea una magn\u00edfica casa para el turismo rural), la cual desemboca en una especie de pista cementada que sale de pueblo. Seguiremos dicha pista cementada. No hay p\u00e9rdida. Las nieblas impiden hacer buenas fotos, pero forman paisajes \u00fanicos con los escarpes, paredes y perfiles de la monta\u00f1a, las que se dejan ver.<\/p>\n<div id=\"attachment_37944\" style=\"width: 1798px\" class=\"wp-caption aligncenter\"><a class=\"dt-single-image\" href=\"https:\/\/www.monta\u00f1asdelaluna.es\/wp-content\/uploads\/2017\/11\/bosques-en-el-recorrido-hacia-l-avenc.jpg\" data-dt-img-description=\"\"><img loading=\"lazy\" decoding=\"async\" aria-describedby=\"caption-attachment-37944\" class=\"wp-image-37944 size-full\" src=\"https:\/\/www.monta\u00f1asdelaluna.es\/wp-content\/uploads\/2017\/11\/bosques-en-el-recorrido-hacia-l-avenc.jpg\" alt=\"Bosques en el recorrido hacia l'Avenc\" width=\"1788\" height=\"1341\" srcset=\"https:\/\/www.monta\u00f1asdelaluna.es\/wp-content\/uploads\/2017\/11\/bosques-en-el-recorrido-hacia-l-avenc.jpg 1788w, https:\/\/www.monta\u00f1asdelaluna.es\/wp-content\/uploads\/2017\/11\/bosques-en-el-recorrido-hacia-l-avenc-300x225.jpg 300w, https:\/\/www.monta\u00f1asdelaluna.es\/wp-content\/uploads\/2017\/11\/bosques-en-el-recorrido-hacia-l-avenc-1024x768.jpg 1024w\" sizes=\"auto, (max-width: 1788px) 100vw, 1788px\" \/><\/a><p id=\"caption-attachment-37944\" class=\"wp-caption-text\">Bosques en el recorrido hacia l&#8217;Avenc<\/p><\/div>\n<div id=\"attachment_37947\" style=\"width: 1798px\" class=\"wp-caption aligncenter\"><a class=\"dt-single-image\" href=\"https:\/\/www.monta\u00f1asdelaluna.es\/wp-content\/uploads\/2017\/11\/IMG_5591.jpg\" data-dt-img-description=\"\"><img loading=\"lazy\" decoding=\"async\" aria-describedby=\"caption-attachment-37947\" class=\"wp-image-37947 size-full\" src=\"https:\/\/www.monta\u00f1asdelaluna.es\/wp-content\/uploads\/2017\/11\/IMG_5591.jpg\" alt=\"Contraluz entre la niebla y el bosque\" width=\"1788\" height=\"1341\" srcset=\"https:\/\/www.monta\u00f1asdelaluna.es\/wp-content\/uploads\/2017\/11\/IMG_5591.jpg 1788w, https:\/\/www.monta\u00f1asdelaluna.es\/wp-content\/uploads\/2017\/11\/IMG_5591-300x225.jpg 300w, https:\/\/www.monta\u00f1asdelaluna.es\/wp-content\/uploads\/2017\/11\/IMG_5591-1024x768.jpg 1024w\" sizes=\"auto, (max-width: 1788px) 100vw, 1788px\" \/><\/a><p id=\"caption-attachment-37947\" class=\"wp-caption-text\">Contraluz entre la niebla y el bosque<\/p><\/div>\n<p>En un principio es seguir la pista cementada durante un buen tramo. Incluso dejamos de seguir el G.R. durante un momento, ya que \u00e9ste deja de ir por la pista para acercarse a las laderas desnudas de margas del Puig Segaler. Se supone que el caminar por la pista cementada es para poder ver las espectaculares paredes, ya que estamos encimas de ellas, pero con las nieblas y nubes no veremos nada. Un coche para junto a nosotros, \u201c\u00bfos hab\u00e9is perdido? \u00bfVais bien?\u201d \u201cS\u00ed, ning\u00fan problema\u201d. Despu\u00e9s entend\u00ed la preocupaci\u00f3n del hombre ya que hab\u00edamos dejado de seguir el G.R. y est\u00e1bamos parados en mitad de la niebla y de la pista cementada. En este primer tramo de la marcha, hasta pr\u00e1cticamente las cercan\u00edas de la poblaci\u00f3n de Rajols, no hay apenas desnivel. Es una marcha sin subidas ni bajadas, solo pocos metros para acercarnos a los bordes de los precipicios.<\/p>\n<p>Solamente dejamos la pista asfaltada y el G.R. justo en un punto donde, a la derecha, unos carteles nos indican una ruta por l\u2019Avenc, Mirador, Torrents de l\u2019Avenc\u2026 Entonces seguimos una senda o monte a trav\u00e9s por un recorrido que intenta seguir por los bordes de los precipicios. Las nieblas ya se est\u00e1n disipando, o al menos quedan m\u00e1s abajo en una especie de espectacular y emocionante \u201cmar de nubes\u201d, con lo que arriba de las paredes ya se aclara el d\u00eda y el sol comienza a pegar bien con su inagotable energ\u00eda. Enfrente, en las laderas de la monta\u00f1a, descubrimos una sorprendente construcci\u00f3n: es l\u2019Avenc. Una especie de casa rural o casi mejor dicho, un conjunto de casas de nueva construcci\u00f3n pero con formas y perfiles r\u00fasticos, intentando integrarse en el paisaje. Arriba de \u00e9sta un peque\u00f1o piquito boscoso, el Puig de La Creu. A la vuelta pasaremos por estos dos sitios.<\/p>\n<div id=\"attachment_37949\" style=\"width: 1798px\" class=\"wp-caption aligncenter\"><a class=\"dt-single-image\" href=\"https:\/\/www.monta\u00f1asdelaluna.es\/wp-content\/uploads\/2017\/11\/al-fondo-el-puig-de-la-creu-sobre-la-masia-o-casa-rural-de-l-avenc.jpg\" data-dt-img-description=\"\"><img loading=\"lazy\" decoding=\"async\" aria-describedby=\"caption-attachment-37949\" class=\"wp-image-37949 size-full\" src=\"https:\/\/www.monta\u00f1asdelaluna.es\/wp-content\/uploads\/2017\/11\/al-fondo-el-puig-de-la-creu-sobre-la-masia-o-casa-rural-de-l-avenc.jpg\" alt=\"Al fondo el Puig de La Creu sobre la mas\u00eda o casa rural de l'Avenc\" width=\"1788\" height=\"1341\" srcset=\"https:\/\/www.monta\u00f1asdelaluna.es\/wp-content\/uploads\/2017\/11\/al-fondo-el-puig-de-la-creu-sobre-la-masia-o-casa-rural-de-l-avenc.jpg 1788w, https:\/\/www.monta\u00f1asdelaluna.es\/wp-content\/uploads\/2017\/11\/al-fondo-el-puig-de-la-creu-sobre-la-masia-o-casa-rural-de-l-avenc-300x225.jpg 300w, https:\/\/www.monta\u00f1asdelaluna.es\/wp-content\/uploads\/2017\/11\/al-fondo-el-puig-de-la-creu-sobre-la-masia-o-casa-rural-de-l-avenc-1024x768.jpg 1024w\" sizes=\"auto, (max-width: 1788px) 100vw, 1788px\" \/><\/a><p id=\"caption-attachment-37949\" class=\"wp-caption-text\">Al fondo el Puig de La Creu sobre la mas\u00eda o casa rural de l&#8217;Avenc<\/p><\/div>\n<div id=\"attachment_37952\" style=\"width: 1798px\" class=\"wp-caption aligncenter\"><a class=\"dt-single-image\" href=\"https:\/\/www.monta\u00f1asdelaluna.es\/wp-content\/uploads\/2017\/11\/raquel-por-la-senda-sobre-las-paredes-de-los-cingles-de-l-avenc-delante-las-paredes-bajo-el-pla-boixer.jpg\" data-dt-img-description=\"\"><img loading=\"lazy\" decoding=\"async\" aria-describedby=\"caption-attachment-37952\" class=\"wp-image-37952 size-full\" src=\"https:\/\/www.monta\u00f1asdelaluna.es\/wp-content\/uploads\/2017\/11\/raquel-por-la-senda-sobre-las-paredes-de-los-cingles-de-l-avenc-delante-las-paredes-bajo-el-pla-boixer.jpg\" alt=\"Raquel por la senda sobre las paredes de los Cingles de l'Avenc, delante las paredes bajo el Pla Boixer\" width=\"1788\" height=\"1341\" srcset=\"https:\/\/www.monta\u00f1asdelaluna.es\/wp-content\/uploads\/2017\/11\/raquel-por-la-senda-sobre-las-paredes-de-los-cingles-de-l-avenc-delante-las-paredes-bajo-el-pla-boixer.jpg 1788w, https:\/\/www.monta\u00f1asdelaluna.es\/wp-content\/uploads\/2017\/11\/raquel-por-la-senda-sobre-las-paredes-de-los-cingles-de-l-avenc-delante-las-paredes-bajo-el-pla-boixer-300x225.jpg 300w, https:\/\/www.monta\u00f1asdelaluna.es\/wp-content\/uploads\/2017\/11\/raquel-por-la-senda-sobre-las-paredes-de-los-cingles-de-l-avenc-delante-las-paredes-bajo-el-pla-boixer-1024x768.jpg 1024w\" sizes=\"auto, (max-width: 1788px) 100vw, 1788px\" \/><\/a><p id=\"caption-attachment-37952\" class=\"wp-caption-text\">Raquel por la senda sobre las paredes de los Cingles de l&#8217;Avenc, delante las paredes bajo el Pla Boixer<\/p><\/div>\n<p>La senda o recorrido que llevamos siguiendo los perfiles de los precipicios, acaba de nuevo en la pista cementada, pasada la casa rural de l\u2019Avenc y en un estrechamiento de la monta\u00f1a en lo que llaman el Canal del Teix; donde la pista, \u00fanico camino para pasar este lugar, gira y hace las curvas siguiendo las formas del terreno, para solventar este paso. Al otro lado la pista seguir\u00e1 por una especie de llano, girando poco a poco hacia el norte. Es el Pla Boixer. Al otro lado, a la izquierda, queda la parte m\u00e1s alta del lugar: la Roca Llarga y el Puig de Cortils; que visitaremos a la vuelta.<\/p>\n<p>Seguimos la pista sin desviarnos por ninguno de los desfigurados caminos que sale a la derecha y quieren acercarse a los precipicios, esta vez atravesaremos el Pla Boixer hasta el otro extremo donde descansan unos troncos de \u00e1rboles talados y aparece un mirador, el Mirador del Silenci; donde pararemos a descansar y almorzar con unas bonitas vistas hacia el resto de Cingles que existen desde este punto hasta el picudo El Far ya en la provincia de Girona, como es la Cinglera de Casadevall, la del mismo El Far, y el picudo monolito algo m\u00e1s debajo de \u00e9stas, que es l\u2019Agullola. Tambi\u00e9n vemos un trocito de Rupit, incrustado en un barranco entre bosques y pendientes con barreras\u2026 las nieblas vienen y van, debes de estar atento para realizar una buena foto del paisaje, antes de ser engullido por \u00e9stas. Es el Collsacabra: una regi\u00f3n de rincones, poca poblaci\u00f3n, escondites, paredes intransitables, laberintos de caminos y recorridos, en los que todo parece buc\u00f3lico, accesible y f\u00e1cil, pero a la vez perdido y salvaje.[vc_separator][\/vc_column_text][\/vc_column][\/vc_row][vc_row][vc_column][vc_empty_space][\/vc_column][\/vc_row][vc_row][vc_column][vc_video link=\u00bbhttps:\/\/vimeo.com\/241648144#t=0s\u00bb title=\u00bbCingles de l&#8217;Avenc, Mirador del silenci\u00bb][\/vc_column][\/vc_row][vc_row][vc_column][vc_empty_space][\/vc_column][\/vc_row][vc_row][vc_column][vc_column_text]Despu\u00e9s del descanso y almuerzo en este Mirador del Silenci seguimos la pista ahora girando hacia el norte, siguiendo los perfiles de la monta\u00f1a en busca de la mas\u00eda o grupo de casas de Rajols. F\u00e1cil. A la izquierda quedan las laderas boscosas de la monta\u00f1a con sus tonalidades oto\u00f1ales en sus ejemplares de robles y alg\u00fan haya; el bosque comienza a ser precioso y asombroso en este lado. Enfrente praderas verdes en suaves subibajas, hasta llegar a las inmediaciones de Rajols y un cruce con su poste indicativo de recorridos. Otra familia que est\u00e1 haciendo una ruta siguiendo el G.R. hacia Cantonigr\u00f2s, nos sigue de cerca y nos cruzamos en algunas ocasiones.<\/p>\n<div id=\"attachment_37960\" style=\"width: 1034px\" class=\"wp-caption aligncenter\"><a class=\"dt-single-image\" href=\"https:\/\/www.monta\u00f1asdelaluna.es\/wp-content\/uploads\/2017\/11\/IMG_5616.jpg\" data-dt-img-description=\"\"><img loading=\"lazy\" decoding=\"async\" aria-describedby=\"caption-attachment-37960\" class=\"wp-image-37960 size-large\" src=\"https:\/\/www.monta\u00f1asdelaluna.es\/wp-content\/uploads\/2017\/11\/IMG_5616-1024x768.jpg\" alt=\"Camino de Rajols\" width=\"1024\" height=\"768\" srcset=\"https:\/\/www.monta\u00f1asdelaluna.es\/wp-content\/uploads\/2017\/11\/IMG_5616-1024x768.jpg 1024w, https:\/\/www.monta\u00f1asdelaluna.es\/wp-content\/uploads\/2017\/11\/IMG_5616-300x225.jpg 300w, https:\/\/www.monta\u00f1asdelaluna.es\/wp-content\/uploads\/2017\/11\/IMG_5616.jpg 1788w\" sizes=\"auto, (max-width: 1024px) 100vw, 1024px\" \/><\/a><p id=\"caption-attachment-37960\" class=\"wp-caption-text\">Camino de Rajols<\/p><\/div>\n<div id=\"attachment_37962\" style=\"width: 1034px\" class=\"wp-caption aligncenter\"><a class=\"dt-single-image\" href=\"https:\/\/www.monta\u00f1asdelaluna.es\/wp-content\/uploads\/2017\/11\/IMG_5620.jpg\" data-dt-img-description=\"\"><img loading=\"lazy\" decoding=\"async\" aria-describedby=\"caption-attachment-37962\" class=\"wp-image-37962 size-large\" src=\"https:\/\/www.monta\u00f1asdelaluna.es\/wp-content\/uploads\/2017\/11\/IMG_5620-1024x768.jpg\" alt=\"Camino de Rajols\" width=\"1024\" height=\"768\" srcset=\"https:\/\/www.monta\u00f1asdelaluna.es\/wp-content\/uploads\/2017\/11\/IMG_5620-1024x768.jpg 1024w, https:\/\/www.monta\u00f1asdelaluna.es\/wp-content\/uploads\/2017\/11\/IMG_5620-300x225.jpg 300w, https:\/\/www.monta\u00f1asdelaluna.es\/wp-content\/uploads\/2017\/11\/IMG_5620.jpg 1788w\" sizes=\"auto, (max-width: 1024px) 100vw, 1024px\" \/><\/a><p id=\"caption-attachment-37962\" class=\"wp-caption-text\">Camino de Rajols<\/p><\/div>\n<p>En el cruce seguiremos en direcci\u00f3n al Collet de Rajols, en el mismo G.R., girando a la izquierda en direcci\u00f3n al bosque y a las alturas de la monta\u00f1a. Lo primero que nos encontramos es una valla y un extra\u00f1o paso para superarla, una especie de simp\u00e1tica escalerilla de madera de 3 o 4 escalones, al otro lado seguimos por un caminillo que sube por en medio del magn\u00edfico hayedo con algo de zigzag. Tengo que mirar el mapa Alpina del Collsacabra para no equivocar con alg\u00fan cruce de caminos el recorrido que debemos de llevar.<\/p>\n<p>El bosque, hayedo, robledal\u2026 es estupendo, saco fotos, excepcional como muchos hayedos al norte, noreste de Catalu\u00f1a, mientras despu\u00e9s de ir cogiendo altura progresivamente pero no exageradamente, llegamos a otro cruce arriba de la monta\u00f1a, que comienza a despejarse algo de bosque: el G.R. hacia Cantonigr\u00f2s sigue hacia el norte y derecha, nosotros seguiremos hacia el sureste y recto, en busca de las cimas de esta monta\u00f1a: el Puig de Cortils y la Roca Llarga.<\/p>\n<div id=\"attachment_37967\" style=\"width: 1798px\" class=\"wp-caption aligncenter\"><a class=\"dt-single-image\" href=\"https:\/\/www.monta\u00f1asdelaluna.es\/wp-content\/uploads\/2017\/11\/raquel-en-el-hayedo-camino-del-collet-de-rajols.jpg\" data-dt-img-description=\"\"><img loading=\"lazy\" decoding=\"async\" aria-describedby=\"caption-attachment-37967\" class=\"wp-image-37967 size-full\" src=\"https:\/\/www.monta\u00f1asdelaluna.es\/wp-content\/uploads\/2017\/11\/raquel-en-el-hayedo-camino-del-collet-de-rajols.jpg\" alt=\"Raquel en el hayedo camino del Collet de Rajols\" width=\"1788\" height=\"1341\" srcset=\"https:\/\/www.monta\u00f1asdelaluna.es\/wp-content\/uploads\/2017\/11\/raquel-en-el-hayedo-camino-del-collet-de-rajols.jpg 1788w, https:\/\/www.monta\u00f1asdelaluna.es\/wp-content\/uploads\/2017\/11\/raquel-en-el-hayedo-camino-del-collet-de-rajols-300x225.jpg 300w, https:\/\/www.monta\u00f1asdelaluna.es\/wp-content\/uploads\/2017\/11\/raquel-en-el-hayedo-camino-del-collet-de-rajols-1024x768.jpg 1024w\" sizes=\"auto, (max-width: 1788px) 100vw, 1788px\" \/><\/a><p id=\"caption-attachment-37967\" class=\"wp-caption-text\">Raquel en el hayedo camino del Collet de Rajols<\/p><\/div>\n<div id=\"attachment_37969\" style=\"width: 1798px\" class=\"wp-caption aligncenter\"><a class=\"dt-single-image\" href=\"https:\/\/www.monta\u00f1asdelaluna.es\/wp-content\/uploads\/2017\/11\/anna-y-lea-en-el-hayedo-camino-del-collet-de-rajols.jpg\" data-dt-img-description=\"\"><img loading=\"lazy\" decoding=\"async\" aria-describedby=\"caption-attachment-37969\" class=\"wp-image-37969 size-full\" src=\"https:\/\/www.monta\u00f1asdelaluna.es\/wp-content\/uploads\/2017\/11\/anna-y-lea-en-el-hayedo-camino-del-collet-de-rajols.jpg\" alt=\"Anna y Lea en el hayedo camino del Collet de Rajols\" width=\"1788\" height=\"1341\" srcset=\"https:\/\/www.monta\u00f1asdelaluna.es\/wp-content\/uploads\/2017\/11\/anna-y-lea-en-el-hayedo-camino-del-collet-de-rajols.jpg 1788w, https:\/\/www.monta\u00f1asdelaluna.es\/wp-content\/uploads\/2017\/11\/anna-y-lea-en-el-hayedo-camino-del-collet-de-rajols-300x225.jpg 300w, https:\/\/www.monta\u00f1asdelaluna.es\/wp-content\/uploads\/2017\/11\/anna-y-lea-en-el-hayedo-camino-del-collet-de-rajols-1024x768.jpg 1024w\" sizes=\"auto, (max-width: 1788px) 100vw, 1788px\" \/><\/a><p id=\"caption-attachment-37969\" class=\"wp-caption-text\">Anna y Lea en el hayedo camino del Collet de Rajols<\/p><\/div>\n<div id=\"attachment_37971\" style=\"width: 1798px\" class=\"wp-caption aligncenter\"><a class=\"dt-single-image\" href=\"https:\/\/www.monta\u00f1asdelaluna.es\/wp-content\/uploads\/2017\/11\/IMG_5633.jpg\" data-dt-img-description=\"\"><img loading=\"lazy\" decoding=\"async\" aria-describedby=\"caption-attachment-37971\" class=\"wp-image-37971 size-full\" src=\"https:\/\/www.monta\u00f1asdelaluna.es\/wp-content\/uploads\/2017\/11\/IMG_5633.jpg\" alt=\"Raquel en el hayedo camino del Collet de Rajols\" width=\"1788\" height=\"1341\" srcset=\"https:\/\/www.monta\u00f1asdelaluna.es\/wp-content\/uploads\/2017\/11\/IMG_5633.jpg 1788w, https:\/\/www.monta\u00f1asdelaluna.es\/wp-content\/uploads\/2017\/11\/IMG_5633-300x225.jpg 300w, https:\/\/www.monta\u00f1asdelaluna.es\/wp-content\/uploads\/2017\/11\/IMG_5633-1024x768.jpg 1024w\" sizes=\"auto, (max-width: 1788px) 100vw, 1788px\" \/><\/a><p id=\"caption-attachment-37971\" class=\"wp-caption-text\">Raquel en el hayedo camino del Collet de Rajols<\/p><\/div>\n<p>Aqu\u00ed ya casi no se aprecia la subida ni desnivel caminando por la cima de la monta\u00f1a. Llegados a un punto y casi invisible a nuestros ojos, las chicas han pasado de \u00e9l sin verlo, aparece un poste indicador se\u00f1alando donde est\u00e1 Roca Llarga. Justo en ese lugar, que parece el m\u00e1s alto de la zona, es el Puig de Cortils (1.196 mts.) invisible e indistinguible del resto en la ladera cimera de esta monta\u00f1a. Justo pegado una Bauma, un nicho, la Bauma de Cortils que las chicas se han dejado por visitar entretenidas con su afable charla matinera, y que Lea y yo hemos descubierto y fotografiado.<\/p>\n<p>Seguimos la especie de camino de herradura o senda ancha, desfigurada por el crecer de la hierba y el poco transitar de veh\u00edculos de 4 ruedas. Justo desde la Bauma el recorrido cambia de direcci\u00f3n, si bajar de la ladera cimera, de sur, sureste a suroeste y en un rinconcito del caminillo nos encontramos otro poste el cual nos indica que, escondido entre los matorrales a la derecha, est\u00e1 la Roca Llarga. Hay una pareja de turistas, poco monta\u00f1eros, visit\u00e1ndola y haci\u00e9ndose fotos en ella, por ello nuestra curiosidad para llegar hasta ella. Son pocos pasos que Anna no quiere dar por ese implacable \u201cv\u00e9rtigo\u201d que le ha entrado hace pocos meses, pero no hay peligro: es una roca que hace de balc\u00f3n sobre el Pla Boixer (por el que hemos pasado antes) all\u00e1 abajo, y sobre las paredes y paisaje de alrededor. Estamos a unos 1.186 mts. Un pil\u00f3n o eje geod\u00e9sico nos muestra su parte m\u00e1s alta. Nos hacemos fotos, foto de grupo; la niebla ya casi ha desaparecido, aunque sigue merodeando por la parte sur entre los perfiles de la geograf\u00eda del lugar, y el sol que a\u00fan calienta a pesar de estar en estas fechas de finales de octubre, sale para cambiarnos a manga corta de nuestras camisetas. El paisaje desde estas alturas se agranda y descubre, con menos nieblas y con inmejorables vistas de esta parte salvaje del Collsacabra, hacia el sur y este. Antes, como ya he escrito, hemos admirado el Mar de Nubes desde los precipicios de las paredes de l\u2019Avenc, que no deja de ser precioso y una enigm\u00e1tica visi\u00f3n ahora mas desehecha.[\/vc_column_text][\/vc_column][\/vc_row][vc_row][vc_column][vc_empty_space][\/vc_column][\/vc_row][vc_row][vc_column][vc_video link=\u00bbhttps:\/\/vimeo.com\/241648518#t=0s\u00bb title=\u00bbRoca Llarga, 1.186 mts. en los Cingles de l&#8217;Avenc\u00bb][\/vc_column][\/vc_row][vc_row][vc_column][vc_empty_space][\/vc_column][\/vc_row][vc_row][vc_column][\/vc_column][\/vc_row][vc_row][vc_column][vc_column_text]Dejamos la Roca Llarga y seguimos el recorrido hacia el suroeste por la loma cimera de la monta\u00f1a que ya va perdiendo altura. En un punto del recorrido aparece un barranquito y un poste indicador, giramos a la izquierda, debemos bajar por aqu\u00ed, en direcci\u00f3n a l\u2019Avenc. Al poco rato el barranquito acaba en la terminaci\u00f3n de un camino que forma un colladito, y junto a \u00e9ste un piquito que alberga una gran antena o mejor dicho, un molino de viento moderno. El recorrido sigue el camino a la derecha y abajo, pero nosotros iremos a curiosear este piquito (piquito por decirle algo), es el Puig de La Creu (1.138 mts.). Desde aqu\u00ed hay bonitas y estrat\u00e9gicas vistas de la casa de l\u2019Avenc por la que tenemos que pasar ahora.<\/p>\n<div id=\"attachment_37978\" style=\"width: 1798px\" class=\"wp-caption aligncenter\"><a class=\"dt-single-image\" href=\"https:\/\/www.monta\u00f1asdelaluna.es\/wp-content\/uploads\/2017\/11\/IMG_5643.jpg\" data-dt-img-description=\"\"><img loading=\"lazy\" decoding=\"async\" aria-describedby=\"caption-attachment-37978\" class=\"wp-image-37978 size-full\" src=\"https:\/\/www.monta\u00f1asdelaluna.es\/wp-content\/uploads\/2017\/11\/IMG_5643.jpg\" alt=\"Lea, Anna y Raquel camino de la Roca Llarga\" width=\"1788\" height=\"1341\" srcset=\"https:\/\/www.monta\u00f1asdelaluna.es\/wp-content\/uploads\/2017\/11\/IMG_5643.jpg 1788w, https:\/\/www.monta\u00f1asdelaluna.es\/wp-content\/uploads\/2017\/11\/IMG_5643-300x225.jpg 300w, https:\/\/www.monta\u00f1asdelaluna.es\/wp-content\/uploads\/2017\/11\/IMG_5643-1024x768.jpg 1024w\" sizes=\"auto, (max-width: 1788px) 100vw, 1788px\" \/><\/a><p id=\"caption-attachment-37978\" class=\"wp-caption-text\">Lea, Anna y Raquel camino de la Roca Llarga<\/p><\/div>\n<div id=\"attachment_37987\" style=\"width: 1034px\" class=\"wp-caption aligncenter\"><a class=\"dt-single-image\" href=\"https:\/\/www.monta\u00f1asdelaluna.es\/wp-content\/uploads\/2017\/11\/raquel-y-lea-en-roca-llarga-1-186-mts.jpg\" data-dt-img-description=\"\"><img loading=\"lazy\" decoding=\"async\" aria-describedby=\"caption-attachment-37987\" class=\"wp-image-37987 size-large\" src=\"https:\/\/www.monta\u00f1asdelaluna.es\/wp-content\/uploads\/2017\/11\/raquel-y-lea-en-roca-llarga-1-186-mts-1024x768.jpg\" alt=\"Raquel y Lea en Roca Llarga, 1.186 mts.\" width=\"1024\" height=\"768\" srcset=\"https:\/\/www.monta\u00f1asdelaluna.es\/wp-content\/uploads\/2017\/11\/raquel-y-lea-en-roca-llarga-1-186-mts-1024x768.jpg 1024w, https:\/\/www.monta\u00f1asdelaluna.es\/wp-content\/uploads\/2017\/11\/raquel-y-lea-en-roca-llarga-1-186-mts-300x225.jpg 300w, https:\/\/www.monta\u00f1asdelaluna.es\/wp-content\/uploads\/2017\/11\/raquel-y-lea-en-roca-llarga-1-186-mts.jpg 1788w\" sizes=\"auto, (max-width: 1024px) 100vw, 1024px\" \/><\/a><p id=\"caption-attachment-37987\" class=\"wp-caption-text\">Raquel y Lea en Roca Llarga, 1.186 mts.<\/p><\/div>\n<div id=\"attachment_37991\" style=\"width: 1034px\" class=\"wp-caption aligncenter\"><a class=\"dt-single-image\" href=\"https:\/\/www.monta\u00f1asdelaluna.es\/wp-content\/uploads\/2017\/11\/anna-joaquin-lea-y-raquel-en-roca-llarga-1-186-mts.jpg\" data-dt-img-description=\"\"><img loading=\"lazy\" decoding=\"async\" aria-describedby=\"caption-attachment-37991\" class=\"wp-image-37991 size-large\" src=\"https:\/\/www.monta\u00f1asdelaluna.es\/wp-content\/uploads\/2017\/11\/anna-joaquin-lea-y-raquel-en-roca-llarga-1-186-mts-1024x768.jpg\" alt=\"Anna, Joaqu\u00edn, Lea y Raquel en Roca Llarga, 1.186 mts.\" width=\"1024\" height=\"768\" srcset=\"https:\/\/www.monta\u00f1asdelaluna.es\/wp-content\/uploads\/2017\/11\/anna-joaquin-lea-y-raquel-en-roca-llarga-1-186-mts-1024x768.jpg 1024w, https:\/\/www.monta\u00f1asdelaluna.es\/wp-content\/uploads\/2017\/11\/anna-joaquin-lea-y-raquel-en-roca-llarga-1-186-mts-300x225.jpg 300w, https:\/\/www.monta\u00f1asdelaluna.es\/wp-content\/uploads\/2017\/11\/anna-joaquin-lea-y-raquel-en-roca-llarga-1-186-mts.jpg 1788w\" sizes=\"auto, (max-width: 1024px) 100vw, 1024px\" \/><\/a><p id=\"caption-attachment-37991\" class=\"wp-caption-text\">Anna, Joaqu\u00edn, Lea y Raquel en Roca Llarga, 1.186 mts.<\/p><\/div>\n<p>Volvemos al colladito y comienzo del camino y lo seguimos hacia abajo. No es un camino transitable para veh\u00edculos, y unos hitos nos ayudan a atajar ahorr\u00e1ndonos las curvas del mismo. Al final acaba en otro cerca de los edificios de l\u2019Avenc, seguimos a la izquierda ya que debemos de pasar justo por una puerta trasera de la misma casa. L\u2019Avenc es grande. Parece una casa reconstruida y ampliada de forma no demasiado legal (a primera vista), convirti\u00e9ndose en una gran casa con diferentes casitas o departamentos, viviendas. Es una especie de gran casa rural con vistas al suroeste, hacia las inmediaciones de las paredes y perfiles cercanos al sur de Tavertet.<\/p>\n<p>Por detr\u00e1s de la casa giramos a la derecha buscando un caminillo que nos baje a la famosa pista cementada del comienzo de la ruta. Y al poco tiempo (ya que est\u00e1 muy cerca) acabamos en esta pista girando a la derecha para seguirla. Ya desde aqu\u00ed no deber\u00eda de haber ninguna p\u00e9rdida: seguir la pista cementada en la direcci\u00f3n contraria a la que llev\u00e1bamos al comienzo, hasta llegar de nuevo a Tavertet.<\/p>\n<div id=\"attachment_37995\" style=\"width: 1798px\" class=\"wp-caption aligncenter\"><a class=\"dt-single-image\" href=\"https:\/\/www.monta\u00f1asdelaluna.es\/wp-content\/uploads\/2017\/11\/IMG_5669.jpg\" data-dt-img-description=\"\"><img loading=\"lazy\" decoding=\"async\" aria-describedby=\"caption-attachment-37995\" class=\"wp-image-37995 size-full\" src=\"https:\/\/www.monta\u00f1asdelaluna.es\/wp-content\/uploads\/2017\/11\/IMG_5669.jpg\" alt=\"La casa de l'Avenc desde el Puig de La Creu, 1.138 mts.\" width=\"1788\" height=\"1341\" srcset=\"https:\/\/www.monta\u00f1asdelaluna.es\/wp-content\/uploads\/2017\/11\/IMG_5669.jpg 1788w, https:\/\/www.monta\u00f1asdelaluna.es\/wp-content\/uploads\/2017\/11\/IMG_5669-300x225.jpg 300w, https:\/\/www.monta\u00f1asdelaluna.es\/wp-content\/uploads\/2017\/11\/IMG_5669-1024x768.jpg 1024w\" sizes=\"auto, (max-width: 1788px) 100vw, 1788px\" \/><\/a><p id=\"caption-attachment-37995\" class=\"wp-caption-text\">La casa de l&#8217;Avenc desde el Puig de La Creu, 1.138 mts.<\/p><\/div>\n<div id=\"attachment_37999\" style=\"width: 1798px\" class=\"wp-caption aligncenter\"><a class=\"dt-single-image\" href=\"https:\/\/www.monta\u00f1asdelaluna.es\/wp-content\/uploads\/2017\/11\/IMG_5674.jpg\" data-dt-img-description=\"\"><img loading=\"lazy\" decoding=\"async\" aria-describedby=\"caption-attachment-37999\" class=\"wp-image-37999 size-full\" src=\"https:\/\/www.monta\u00f1asdelaluna.es\/wp-content\/uploads\/2017\/11\/IMG_5674.jpg\" alt=\"Raquel, Lea y Anna de vuelta a Tavertet por la pista cementada\" width=\"1788\" height=\"1341\" srcset=\"https:\/\/www.monta\u00f1asdelaluna.es\/wp-content\/uploads\/2017\/11\/IMG_5674.jpg 1788w, https:\/\/www.monta\u00f1asdelaluna.es\/wp-content\/uploads\/2017\/11\/IMG_5674-300x225.jpg 300w, https:\/\/www.monta\u00f1asdelaluna.es\/wp-content\/uploads\/2017\/11\/IMG_5674-1024x768.jpg 1024w\" sizes=\"auto, (max-width: 1788px) 100vw, 1788px\" \/><\/a><p id=\"caption-attachment-37999\" class=\"wp-caption-text\">Raquel, Lea y Anna de vuelta a Tavertet por la pista cementada<\/p><\/div>\n<div id=\"attachment_38005\" style=\"width: 832px\" class=\"wp-caption aligncenter\"><a class=\"dt-single-image\" href=\"https:\/\/www.monta\u00f1asdelaluna.es\/wp-content\/uploads\/2017\/11\/IMG_5685.jpg\" data-dt-img-description=\"\"><img loading=\"lazy\" decoding=\"async\" aria-describedby=\"caption-attachment-38005\" class=\"wp-image-38005 \" src=\"https:\/\/www.monta\u00f1asdelaluna.es\/wp-content\/uploads\/2017\/11\/IMG_5685.jpg\" alt=\"Robles junto a la pista cementada camino de Tavertet\" width=\"822\" height=\"1096\" srcset=\"https:\/\/www.monta\u00f1asdelaluna.es\/wp-content\/uploads\/2017\/11\/IMG_5685.jpg 1341w, https:\/\/www.monta\u00f1asdelaluna.es\/wp-content\/uploads\/2017\/11\/IMG_5685-225x300.jpg 225w, https:\/\/www.monta\u00f1asdelaluna.es\/wp-content\/uploads\/2017\/11\/IMG_5685-768x1024.jpg 768w\" sizes=\"auto, (max-width: 822px) 100vw, 822px\" \/><\/a><p id=\"caption-attachment-38005\" class=\"wp-caption-text\">Robles junto a la pista cementada camino de Tavertet<\/p><\/div>\n<p>Despu\u00e9s de la curva de la pista cementada y su comienzo para alejarse de tierra adentro, pasamos junto a unos extraordinarios y gigantescos ejemplares de robles, altos, se\u00f1oriales. Los fotograf\u00edo mientras el grupo se aleja alegre en busca del pueblo. Nos topamos con el cruce por el que, a la ida, hemos dejado la pista cementada y hemos seguido por los bordes de los precipicios de las mismas Cingles de l\u2019Avenc. Dejamos atr\u00e1s dicho cruce para seguir la pista cementada hacia el suroeste, dejando tambi\u00e9n los perfiles de los precipicios, sin verlos, a la izquierda, y las alturas de las monta\u00f1as no demasiado altas, a la derecha.<\/p>\n<p>M\u00e1s adelante y justo antes de salirnos de la pista cementada para, esta vez s\u00ed, seguir la senda o recorrido que sigue el G.R. por debajo del Puig Segaler, girando a la derecha justo en lo que llaman el Coll Savenc, me asomo al balc\u00f3n sobre los precipicios y paredes de las Cingles de l\u2019Avenc, de Collsavenc y hago estupendas fotos hacia el este: las lisas y extraordinarias paredes de los Cingles de l\u2019Avenc, l\u2019Agullola algo a la derecha, le sigue las Cingleras de Casadevall y la del Far con el nombrado pico como si fuera la proa de un barco hincando su cima picuda y dominante en el cielo ahora despejado y azul. Precioso el paisaje que fotograf\u00edo. Hago zum en las paredes de las Cingles de l\u2019Avenc\u2026 por ah\u00ed arriba hemos pasado\u2026<\/p>\n<div id=\"attachment_38009\" style=\"width: 1798px\" class=\"wp-caption aligncenter\"><a class=\"dt-single-image\" href=\"https:\/\/www.monta\u00f1asdelaluna.es\/wp-content\/uploads\/2017\/11\/las-paredes-de-los-cingles-de-l-avenc-delante-l-agullola-a-la-derecha-y-al-fondo-el-far-con-sus-paredes.jpg\" data-dt-img-description=\"\"><img loading=\"lazy\" decoding=\"async\" aria-describedby=\"caption-attachment-38009\" class=\"wp-image-38009 size-full\" src=\"https:\/\/www.monta\u00f1asdelaluna.es\/wp-content\/uploads\/2017\/11\/las-paredes-de-los-cingles-de-l-avenc-delante-l-agullola-a-la-derecha-y-al-fondo-el-far-con-sus-paredes.jpg\" alt=\"Las paredes de los Cingles de l'Avenc delante, l'Agullola a la derecha y al fondo El Far con sus paredes\" width=\"1788\" height=\"1004\" srcset=\"https:\/\/www.monta\u00f1asdelaluna.es\/wp-content\/uploads\/2017\/11\/las-paredes-de-los-cingles-de-l-avenc-delante-l-agullola-a-la-derecha-y-al-fondo-el-far-con-sus-paredes.jpg 1788w, https:\/\/www.monta\u00f1asdelaluna.es\/wp-content\/uploads\/2017\/11\/las-paredes-de-los-cingles-de-l-avenc-delante-l-agullola-a-la-derecha-y-al-fondo-el-far-con-sus-paredes-300x168.jpg 300w, https:\/\/www.monta\u00f1asdelaluna.es\/wp-content\/uploads\/2017\/11\/las-paredes-de-los-cingles-de-l-avenc-delante-l-agullola-a-la-derecha-y-al-fondo-el-far-con-sus-paredes-1024x575.jpg 1024w\" sizes=\"auto, (max-width: 1788px) 100vw, 1788px\" \/><\/a><p id=\"caption-attachment-38009\" class=\"wp-caption-text\">Las paredes de los Cingles de l&#8217;Avenc delante, l&#8217;Agullola a la derecha y al fondo El Far con sus paredes<\/p><\/div>\n<div id=\"attachment_38010\" style=\"width: 1798px\" class=\"wp-caption aligncenter\"><a class=\"dt-single-image\" href=\"https:\/\/www.monta\u00f1asdelaluna.es\/wp-content\/uploads\/2017\/11\/los-cingles-de-l-avenc-con-el-puig-de-la-creu-y-la-casa-de-l-avenc-a-la-izquierda.jpg\" data-dt-img-description=\"\"><img loading=\"lazy\" decoding=\"async\" aria-describedby=\"caption-attachment-38010\" class=\"wp-image-38010 size-full\" src=\"https:\/\/www.monta\u00f1asdelaluna.es\/wp-content\/uploads\/2017\/11\/los-cingles-de-l-avenc-con-el-puig-de-la-creu-y-la-casa-de-l-avenc-a-la-izquierda.jpg\" alt=\"Los Cingles de l'Avenc con el Puig de La Creu y la casa de l'Avenc a la izquierda\" width=\"1788\" height=\"1341\" srcset=\"https:\/\/www.monta\u00f1asdelaluna.es\/wp-content\/uploads\/2017\/11\/los-cingles-de-l-avenc-con-el-puig-de-la-creu-y-la-casa-de-l-avenc-a-la-izquierda.jpg 1788w, https:\/\/www.monta\u00f1asdelaluna.es\/wp-content\/uploads\/2017\/11\/los-cingles-de-l-avenc-con-el-puig-de-la-creu-y-la-casa-de-l-avenc-a-la-izquierda-300x225.jpg 300w, https:\/\/www.monta\u00f1asdelaluna.es\/wp-content\/uploads\/2017\/11\/los-cingles-de-l-avenc-con-el-puig-de-la-creu-y-la-casa-de-l-avenc-a-la-izquierda-1024x768.jpg 1024w\" sizes=\"auto, (max-width: 1788px) 100vw, 1788px\" \/><\/a><p id=\"caption-attachment-38010\" class=\"wp-caption-text\">Los Cingles de l&#8217;Avenc con el Puig de La Creu y la casa de l&#8217;Avenc a la izquierda<\/p><\/div>\n<p>Dejamos la pista cementada como he dicho para seguir la senda y recorrido por el G.R. Cruzamos bajo el Puig Segaler una zona de c\u00e1rcavas de margas desnudas de vegetaci\u00f3n, con su caracter\u00edstico color gris azulado, muy com\u00fan en estas monta\u00f1as y llano de Osona. Siguiendo la senda y recorrido del G.R. \u00e9ste acaba de nuevo en la pista cementada pocos metros antes de entrar en la poblaci\u00f3n de Tavertet, desde donde salimos.<\/p>\n<div id=\"attachment_38011\" style=\"width: 1798px\" class=\"wp-caption aligncenter\"><a class=\"dt-single-image\" href=\"https:\/\/www.monta\u00f1asdelaluna.es\/wp-content\/uploads\/2017\/11\/tavertet.jpg\" data-dt-img-description=\"\"><img loading=\"lazy\" decoding=\"async\" aria-describedby=\"caption-attachment-38011\" class=\"wp-image-38011 size-full\" src=\"https:\/\/www.monta\u00f1asdelaluna.es\/wp-content\/uploads\/2017\/11\/tavertet.jpg\" alt=\"Tavertet\" width=\"1788\" height=\"1004\" srcset=\"https:\/\/www.monta\u00f1asdelaluna.es\/wp-content\/uploads\/2017\/11\/tavertet.jpg 1788w, https:\/\/www.monta\u00f1asdelaluna.es\/wp-content\/uploads\/2017\/11\/tavertet-300x168.jpg 300w, https:\/\/www.monta\u00f1asdelaluna.es\/wp-content\/uploads\/2017\/11\/tavertet-1024x575.jpg 1024w\" sizes=\"auto, (max-width: 1788px) 100vw, 1788px\" \/><\/a><p id=\"caption-attachment-38011\" class=\"wp-caption-text\">Tavertet<\/p><\/div>\n<p>Hemos hecho casi 12 kil\u00f3metros de recorrido seg\u00fan el GPS de Lea, y acabamos la actividad sobre las dos del mediod\u00eda buscando un buen restaurante en el pueblo para comer. Al final nos decidimos por Can Miquel. Ha sido una excursi\u00f3n como un paseo por una de las barreras rocosas y monta\u00f1as m\u00e1s famosas y t\u00edpicas del Collsacabra, entre dos pueblos t\u00edpicos y famosos por sus ubicaciones y arquitectura como de otra \u00e9poca: Tavertet y Rupit. Precioso y emocionante, aunque nada esforzado ni fatigoso. Muros de roca y piedra que forman una extraordinaria, enorme e infranqueable muralla natural en medio del Collsacabra.<\/p>\n<div id=\"attachment_38021\" style=\"width: 1008px\" class=\"wp-caption aligncenter\"><a class=\"dt-single-image\" href=\"http:\/\/monta\u00f1asdelaluna.com\/wp-content\/uploads\/2017\/10\/CinglesAvenc.croquis.jpg\" data-dt-img-description=\"\"><img loading=\"lazy\" decoding=\"async\" aria-describedby=\"caption-attachment-38021\" class=\"wp-image-38021 size-full\" src=\"https:\/\/www.monta\u00f1asdelaluna.es\/wp-content\/uploads\/2017\/10\/CinglesAvenc.croquis.jpg\" alt=\"CinglesAvenc.croquis\" width=\"998\" height=\"714\" srcset=\"https:\/\/www.monta\u00f1asdelaluna.es\/wp-content\/uploads\/2017\/10\/CinglesAvenc.croquis.jpg 998w, https:\/\/www.monta\u00f1asdelaluna.es\/wp-content\/uploads\/2017\/10\/CinglesAvenc.croquis-300x215.jpg 300w\" sizes=\"auto, (max-width: 998px) 100vw, 998px\" \/><\/a><p id=\"caption-attachment-38021\" class=\"wp-caption-text\">Croquis del recorrido por los Cingles de l&#8217;Avenc con la subida a Roca Llarga. Punto Rojo: Mirador del Silenci.<\/p><\/div>\n<p>[\/vc_column_text][\/vc_column][\/vc_row][vc_row][vc_column][vc_empty_space height=\u00bb60px\u00bb][\/vc_column][\/vc_row][vc_row][vc_column][vc_cta h2=\u00bb\u00c1lbum de fotos\u00bb txt_align=\u00bbcenter\u00bb add_button=\u00bbbottom\u00bb btn_title=\u00bbVer fotos\u00bb btn_color=\u00bbwarning\u00bb btn_align=\u00bbcenter\u00bb btn_link=\u00bburl:https%3A%2F%2Fmonta%C3%B1asdelaluna.es%2F%3Fdt_gallery%3Dcingles-de-lavenc-desde-tavertet-2|title:Cingles%20de%20l%E2%80%99Avenc%20desde%20Tavertet|target:_blank\u00bb css=\u00bb.vc_custom_1625991320553{background-color: #8bc4ed !important;}\u00bb]Puedes ver todas las fotos del relato y actividad en forma de presentaci\u00f3n o individuales pinchando aqui \u00a1No te las pierdas![\/vc_cta][\/vc_column][\/vc_row][vc_row][vc_column][vc_empty_space height=\u00bb60px\u00bb][\/vc_column][\/vc_row][vc_row][vc_column width=\u00bb1\/3&#8243;][\/vc_column][vc_column width=\u00bb1\/2&#8243;][vc_raw_html]JTNDaWZyYW1lJTIwc3JjJTNEJTIyaHR0cHMlM0ElMkYlMkZ3d3cubWV0ZW9ibHVlLmNvbSUyRmVzJTJGdGllbXBvJTJGd2lkZ2V0JTJGZGFpbHklMkZ0YXZlcnRldF9lc3BhJTI1YzMlMjViMWFfMzEwODI2NiUzRmdlb2xvYyUzRGZpeGVkJTI2ZGF5cyUzRDclMjZ0ZW1wdW5pdCUzRENFTFNJVVMlMjZ3aW5kdW5pdCUzREtJTE9NRVRFUl9QRVJfSE9VUiUyNnByZWNpcHVuaXQlM0RNSUxMSU1FVEVSJTI2Y29sb3VyZWQlM0Rjb2xvdXJlZCUyNnBpY3RvaWNvbiUzRDAlMjZwaWN0b2ljb24lM0QxJTI2bWF4dGVtcGVyYXR1cmUlM0QwJTI2bWF4dGVtcGVyYXR1cmUlM0QxJTI2bWludGVtcGVyYXR1cmUlM0QwJTI2bWludGVtcGVyYXR1cmUlM0QxJTI2d2luZHNwZWVkJTNEMCUyNndpbmRzcGVlZCUzRDElMjZ3aW5kZ3VzdCUzRDAlMjZ3aW5kZ3VzdCUzRDElMjZ3aW5kZGlyZWN0aW9uJTNEMCUyNndpbmRkaXJlY3Rpb24lM0QxJTI2dXYlM0QwJTI2aHVtaWRpdHklM0QwJTI2cHJlY2lwaXRhdGlvbiUzRDAlMjZwcmVjaXBpdGF0aW9uJTNEMSUyNnByZWNpcGl0YXRpb25wcm9iYWJpbGl0eSUzRDAlMjZwcmVjaXBpdGF0aW9ucHJvYmFiaWxpdHklM0QxJTI2c3BvdCUzRDAlMjZzcG90JTNEMSUyNnByZXNzdXJlJTNEMCUyNnByZXNzdXJlJTNEMSUyNmxheW91dCUzRGxpZ2h0JTIyJTIwJTIwZnJhbWVib3JkZXIlM0QlMjIwJTIyJTIwc2Nyb2xsaW5nJTNEJTIyTk8lMjIlMjBhbGxvd3RyYW5zcGFyZW5jeSUzRCUyMnRydWUlMjIlMjBzYW5kYm94JTNEJTIyYWxsb3ctc2FtZS1vcmlnaW4lMjBhbGxvdy1zY3JpcHRzJTIwYWxsb3ctcG9wdXBzJTIyJTIwc3R5bGUlM0QlMjJ3aWR0aCUzQSUyMDM3OHB4JTNCaGVpZ2h0JTNBJTIwNDE0cHglMjIlM0UlM0MlMkZpZnJhbWUlM0UlM0NkaXYlM0UlM0MlMjEtLSUyMERPJTIwTk9UJTIwUkVNT1ZFJTIwVEhJUyUyMExJTkslMjAtLSUzRSUzQ2ElMjBocmVmJTNEJTIyaHR0cHMlM0ElMkYlMkZ3d3cubWV0ZW9ibHVlLmNvbSUyRmVzJTJGdGllbXBvJTJGcHJvbm9zdGljbyUyRnNlbWFuYSUyRnRhdmVydGV0X2VzcGElMjVjMyUyNWIxYV8zMTA4MjY2JTNGdXRtX3NvdXJjZSUzRHdlYXRoZXJfd2lkZ2V0JTI2dXRtX21lZGl1bSUzRGxpbmt1cyUyNnV0bV9jb250ZW50JTNEZGFpbHklMjZ1dG1fY2FtcGFpZ24lM0RXZWF0aGVyJTI1MkJXaWRnZXQlMjIlMjB0YXJnZXQlM0QlMjJfYmxhbmslMjIlM0VtZXRlb2JsdWUlM0MlMkZhJTNFJTNDJTJGZGl2JTNF[\/vc_raw_html][\/vc_column][vc_column width=\u00bb1\/5&#8243;][\/vc_column][\/vc_row]<\/p>\n","protected":false},"excerpt":{"rendered":"<p>[vc_row][vc_column][vc_column_text]La idea era realizar un paseo, una marcha tranquila por alg\u00fan lugar del Collsacabra, entre esos excepcionales cortados que emergen poderosos al norte del Pant\u00e0 de Sau por los alrededores de Tavertet, Rupit\u2026 e incluso hasta llegar al geron\u00e9s pico del Far. Ya hab\u00eda visitado en solitario los Cingles de Tavertet saliendo de Sant Mart\u00ed&hellip;<\/p>\n","protected":false},"author":1,"featured_media":38010,"comment_status":"open","ping_status":"open","sticky":false,"template":"","format":"standard","meta":[],"categories":[120],"tags":[],"class_list":["post-38018","post","type-post","status-publish","format-standard","has-post-thumbnail","hentry","category-collsacabra-i-guilleries","category-120","description-off"],"_links":{"self":[{"href":"https:\/\/www.monta\u00f1asdelaluna.es\/index.php?rest_route=\/wp\/v2\/posts\/38018","targetHints":{"allow":["GET"]}}],"collection":[{"href":"https:\/\/www.monta\u00f1asdelaluna.es\/index.php?rest_route=\/wp\/v2\/posts"}],"about":[{"href":"https:\/\/www.monta\u00f1asdelaluna.es\/index.php?rest_route=\/wp\/v2\/types\/post"}],"author":[{"embeddable":true,"href":"https:\/\/www.monta\u00f1asdelaluna.es\/index.php?rest_route=\/wp\/v2\/users\/1"}],"replies":[{"embeddable":true,"href":"https:\/\/www.monta\u00f1asdelaluna.es\/index.php?rest_route=%2Fwp%2Fv2%2Fcomments&post=38018"}],"version-history":[{"count":9,"href":"https:\/\/www.monta\u00f1asdelaluna.es\/index.php?rest_route=\/wp\/v2\/posts\/38018\/revisions"}],"predecessor-version":[{"id":50302,"href":"https:\/\/www.monta\u00f1asdelaluna.es\/index.php?rest_route=\/wp\/v2\/posts\/38018\/revisions\/50302"}],"wp:featuredmedia":[{"embeddable":true,"href":"https:\/\/www.monta\u00f1asdelaluna.es\/index.php?rest_route=\/wp\/v2\/media\/38010"}],"wp:attachment":[{"href":"https:\/\/www.monta\u00f1asdelaluna.es\/index.php?rest_route=%2Fwp%2Fv2%2Fmedia&parent=38018"}],"wp:term":[{"taxonomy":"category","embeddable":true,"href":"https:\/\/www.monta\u00f1asdelaluna.es\/index.php?rest_route=%2Fwp%2Fv2%2Fcategories&post=38018"},{"taxonomy":"post_tag","embeddable":true,"href":"https:\/\/www.monta\u00f1asdelaluna.es\/index.php?rest_route=%2Fwp%2Fv2%2Ftags&post=38018"}],"curies":[{"name":"wp","href":"https:\/\/api.w.org\/{rel}","templated":true}]}}