{"id":38176,"date":"2017-12-10T19:54:47","date_gmt":"2017-12-10T19:54:47","guid":{"rendered":"http:\/\/monta\u00f1asdelaluna.com\/?p=38176"},"modified":"2021-08-13T06:39:35","modified_gmt":"2021-08-13T06:39:35","slug":"la-vall-den-bas","status":"publish","type":"post","link":"https:\/\/www.monta\u00f1asdelaluna.es\/?p=38176","title":{"rendered":"La Vall d&#8217;en Bas"},"content":{"rendered":"<p>[vc_row][vc_column][vc_column_text]Como cada oto\u00f1o intento realizar una visita, una excursi\u00f3n por los verdes lugares de La Garrotxa. Y este oto\u00f1o casi se me escapa hacerla, despu\u00e9s de aplazar o anular la traves\u00eda habitual por La Garrotxa con noche en Santa Pau. Esta vez quer\u00eda visitar el famoso valle de la Vall d\u2019en Bas, a caballo entre la misma comarca de La Garrotxa y el Collsacabra entorno a la Serra de Cabrera, casi es un escondido valle rodeado de paredes boscosas y muy verdes\u2026 famosa y muy nombrada\u2026 hab\u00eda que ir.<\/p>\n<p>La actividad no ser\u00eda muy dura, m\u00e1s bien un paseo, un reconocimiento por las laderas de la Serra de Llancers y los bosques este de la, algo alejada, Serra de Cabrera. La poblaciones o lugares escogidos fueron Els Hostalets d\u2019en Bas y Falgars d\u2019en Bas, pasando por la antigua construcci\u00f3n de Sant Miquel de Castell\u00f3.<\/p>\n<div id=\"attachment_38059\" style=\"width: 1034px\" class=\"wp-caption aligncenter\"><a class=\"dt-single-image\" href=\"https:\/\/www.monta\u00f1asdelaluna.es\/wp-content\/uploads\/2018\/01\/raquel-y-pep-en-els-hostalets-d-en-bas.jpg\" data-dt-img-description=\"\"><img loading=\"lazy\" decoding=\"async\" aria-describedby=\"caption-attachment-38059\" class=\"wp-image-38059 size-large\" src=\"https:\/\/www.monta\u00f1asdelaluna.es\/wp-content\/uploads\/2018\/01\/raquel-y-pep-en-els-hostalets-d-en-bas-1024x768.jpg\" alt=\"Raquel y Pep en Els Hostalets d'en Bas\" width=\"1024\" height=\"768\" srcset=\"https:\/\/www.monta\u00f1asdelaluna.es\/wp-content\/uploads\/2018\/01\/raquel-y-pep-en-els-hostalets-d-en-bas-1024x768.jpg 1024w, https:\/\/www.monta\u00f1asdelaluna.es\/wp-content\/uploads\/2018\/01\/raquel-y-pep-en-els-hostalets-d-en-bas-300x225.jpg 300w, https:\/\/www.monta\u00f1asdelaluna.es\/wp-content\/uploads\/2018\/01\/raquel-y-pep-en-els-hostalets-d-en-bas.jpg 1788w\" sizes=\"auto, (max-width: 1024px) 100vw, 1024px\" \/><\/a><p id=\"caption-attachment-38059\" class=\"wp-caption-text\">Raquel y Pep en Els Hostalets d&#8217;en Bas<\/p><\/div>\n<div id=\"attachment_38063\" style=\"width: 1798px\" class=\"wp-caption aligncenter\"><a class=\"dt-single-image\" href=\"https:\/\/www.monta\u00f1asdelaluna.es\/wp-content\/uploads\/2018\/01\/camino-de-sant-miquel-de-castello-arriba-a-la-derecha.jpg\" data-dt-img-description=\"\"><img loading=\"lazy\" decoding=\"async\" aria-describedby=\"caption-attachment-38063\" class=\"wp-image-38063 size-full\" src=\"https:\/\/www.monta\u00f1asdelaluna.es\/wp-content\/uploads\/2018\/01\/camino-de-sant-miquel-de-castello-arriba-a-la-derecha.jpg\" alt=\"Camino de Sant Miquel de Castell\u00f3, arriba a la derecha.\" width=\"1788\" height=\"1004\" srcset=\"https:\/\/www.monta\u00f1asdelaluna.es\/wp-content\/uploads\/2018\/01\/camino-de-sant-miquel-de-castello-arriba-a-la-derecha.jpg 1788w, https:\/\/www.monta\u00f1asdelaluna.es\/wp-content\/uploads\/2018\/01\/camino-de-sant-miquel-de-castello-arriba-a-la-derecha-300x168.jpg 300w, https:\/\/www.monta\u00f1asdelaluna.es\/wp-content\/uploads\/2018\/01\/camino-de-sant-miquel-de-castello-arriba-a-la-derecha-1024x575.jpg 1024w\" sizes=\"auto, (max-width: 1788px) 100vw, 1788px\" \/><\/a><p id=\"caption-attachment-38063\" class=\"wp-caption-text\">Camino de Sant Miquel de Castell\u00f3, arriba a la derecha.<\/p><\/div>\n<p>Por ello el pasado 10 de diciembre nos acercamos a la curiosa y simp\u00e1tica poblaci\u00f3n de Els Hostalets d\u2019en Bas, con sus balconadas en la calle principal que llega hasta la puerta de la iglesia, dejando los coches en el amplio parking que tiene en la entrada. Hace un d\u00eda algo nublado y con mucho viento, al menos en altura, con algo frio o bastante frio si te da el viento. La idea es acercarnos hasta la puerta de la misma iglesia del pueblo y girar hacia la derecha siguiendo las marcas que nos subir\u00e1n, llevar\u00e1n hasta las alturas de Sant Miquel de Castell\u00f3. Por suerte llevo el Alpina de Garrotxa Zona Volc\u00e1nica que nos llevar\u00e1 por buen camino sin p\u00e9rdida.<\/p>\n<p>Raquel, Pep, Lea, Francesc y yo somos los participantes que salimos en busca de la ermita de Sant Miquel de Castell\u00f3 que se enfila all\u00e1 arriba sobre las laderas empinadas y boscosas, circundada por algunas paredes y \u201ccingles\u201d. Un cartelito nos hace girar a la izquierda en busca de la monta\u00f1a y sus estupendos bosques, por una pista que pasar\u00e1 junto a algunos grupos de casas, mas\u00edas, como el Mol\u00ed del Perer, Bigorra\u2026 y arriba el estupendo balc\u00f3n enfilado en la punta de una roca sobresaliente que es la ubicaci\u00f3n de la ermita de Sant Miquel de Castell\u00f3.<\/p>\n<div id=\"attachment_38065\" style=\"width: 1034px\" class=\"wp-caption aligncenter\"><a class=\"dt-single-image\" href=\"https:\/\/www.monta\u00f1asdelaluna.es\/wp-content\/uploads\/2018\/01\/lea-raquel-y-pep-subiendo-a-sant-miquel-de-castello.jpg\" data-dt-img-description=\"\"><img loading=\"lazy\" decoding=\"async\" aria-describedby=\"caption-attachment-38065\" class=\"wp-image-38065 size-large\" src=\"https:\/\/www.monta\u00f1asdelaluna.es\/wp-content\/uploads\/2018\/01\/lea-raquel-y-pep-subiendo-a-sant-miquel-de-castello-1024x768.jpg\" alt=\"Lea, Raquel y Pep subiendo a Sant Miquel de Castell\u00f3.\" width=\"1024\" height=\"768\" srcset=\"https:\/\/www.monta\u00f1asdelaluna.es\/wp-content\/uploads\/2018\/01\/lea-raquel-y-pep-subiendo-a-sant-miquel-de-castello-1024x768.jpg 1024w, https:\/\/www.monta\u00f1asdelaluna.es\/wp-content\/uploads\/2018\/01\/lea-raquel-y-pep-subiendo-a-sant-miquel-de-castello-300x225.jpg 300w, https:\/\/www.monta\u00f1asdelaluna.es\/wp-content\/uploads\/2018\/01\/lea-raquel-y-pep-subiendo-a-sant-miquel-de-castello.jpg 1788w\" sizes=\"auto, (max-width: 1024px) 100vw, 1024px\" \/><\/a><p id=\"caption-attachment-38065\" class=\"wp-caption-text\">Lea, Raquel y Pep subiendo a Sant Miquel de Castell\u00f3.<\/p><\/div>\n<div id=\"attachment_38066\" style=\"width: 1798px\" class=\"wp-caption aligncenter\"><a class=\"dt-single-image\" href=\"https:\/\/www.monta\u00f1asdelaluna.es\/wp-content\/uploads\/2018\/01\/subiendo-a-sant-miquel-de-castello.jpg\" data-dt-img-description=\"\"><img loading=\"lazy\" decoding=\"async\" aria-describedby=\"caption-attachment-38066\" class=\"wp-image-38066 size-full\" src=\"https:\/\/www.monta\u00f1asdelaluna.es\/wp-content\/uploads\/2018\/01\/subiendo-a-sant-miquel-de-castello.jpg\" alt=\"Subiendo a Sant Miquel de Castell\u00f3.\" width=\"1788\" height=\"1341\" srcset=\"https:\/\/www.monta\u00f1asdelaluna.es\/wp-content\/uploads\/2018\/01\/subiendo-a-sant-miquel-de-castello.jpg 1788w, https:\/\/www.monta\u00f1asdelaluna.es\/wp-content\/uploads\/2018\/01\/subiendo-a-sant-miquel-de-castello-300x225.jpg 300w, https:\/\/www.monta\u00f1asdelaluna.es\/wp-content\/uploads\/2018\/01\/subiendo-a-sant-miquel-de-castello-1024x768.jpg 1024w\" sizes=\"auto, (max-width: 1788px) 100vw, 1788px\" \/><\/a><p id=\"caption-attachment-38066\" class=\"wp-caption-text\">Subiendo a Sant Miquel de Castell\u00f3.<\/p><\/div>\n<p>Aparecen unas marcas que nos hace dejar la pista, el camino asfaltado, cementado, para internarnos ya por los bosques de las laderas, que cada vez ser\u00e1n m\u00e1s verticales, bajo Sant Miquel de Castell\u00f3, hacia la derecha. En un principio la senda se empina considerablemente en alg\u00fan primer tramo, despu\u00e9s avanzamos sin p\u00e9rdida laderas arribas, entre el boscoso y frio monte, en busca de las alturas y los hermosos escondites de La Garrotxa, de la Vall d\u2019en Bas. No hay p\u00e9rdida. Senda arriba, sin hacer caso a un estropeado camino que nos sale por la derecha.<\/p>\n<p>La senda atraviesa, de abajo a arriba, un estupendo encinar, y luego un hayedo con ejemplares sin hojas, esquel\u00e9ticos y altos intentando tocar el cielo. M\u00e1s arriba ya descubrimos los muros de la construcci\u00f3n de nuestro objetivo entre los nombrados ejemplares pelados y esquel\u00e9ticos. La senda llega hasta un poste indicador de recorridos y sendas, nosotros seguiremos hacia Falgars, que solo est\u00e1 a media hora de aqu\u00ed, visitando antes el magn\u00edfico y espectacular mirador de Sant Miquel de Castell\u00f3 que est\u00e1 aqu\u00ed mismo.<\/p>\n<div id=\"attachment_38070\" style=\"width: 1034px\" class=\"wp-caption aligncenter\"><a class=\"dt-single-image\" href=\"https:\/\/www.monta\u00f1asdelaluna.es\/wp-content\/uploads\/2018\/01\/entre-los-arboles-sant-miquel-de-castello.jpg\" data-dt-img-description=\"\"><img loading=\"lazy\" decoding=\"async\" aria-describedby=\"caption-attachment-38070\" class=\"wp-image-38070 size-large\" src=\"https:\/\/www.monta\u00f1asdelaluna.es\/wp-content\/uploads\/2018\/01\/entre-los-arboles-sant-miquel-de-castello-1024x768.jpg\" alt=\"Entre los \u00e1rboles, Sant Miquel de Castell\u00f3.\" width=\"1024\" height=\"768\" srcset=\"https:\/\/www.monta\u00f1asdelaluna.es\/wp-content\/uploads\/2018\/01\/entre-los-arboles-sant-miquel-de-castello-1024x768.jpg 1024w, https:\/\/www.monta\u00f1asdelaluna.es\/wp-content\/uploads\/2018\/01\/entre-los-arboles-sant-miquel-de-castello-300x225.jpg 300w, https:\/\/www.monta\u00f1asdelaluna.es\/wp-content\/uploads\/2018\/01\/entre-los-arboles-sant-miquel-de-castello.jpg 1788w\" sizes=\"auto, (max-width: 1024px) 100vw, 1024px\" \/><\/a><p id=\"caption-attachment-38070\" class=\"wp-caption-text\">Entre los \u00e1rboles, Sant Miquel de Castell\u00f3.<\/p><\/div>\n<div id=\"attachment_38072\" style=\"width: 1034px\" class=\"wp-caption aligncenter\"><a class=\"dt-single-image\" href=\"https:\/\/www.monta\u00f1asdelaluna.es\/wp-content\/uploads\/2018\/01\/IMG_5985.jpg\" data-dt-img-description=\"\"><img loading=\"lazy\" decoding=\"async\" aria-describedby=\"caption-attachment-38072\" class=\"wp-image-38072 size-large\" src=\"https:\/\/www.monta\u00f1asdelaluna.es\/wp-content\/uploads\/2018\/01\/IMG_5985-1024x768.jpg\" alt=\"Subiendo a Sant Miquel de Castell\u00f3.\" width=\"1024\" height=\"768\" srcset=\"https:\/\/www.monta\u00f1asdelaluna.es\/wp-content\/uploads\/2018\/01\/IMG_5985-1024x768.jpg 1024w, https:\/\/www.monta\u00f1asdelaluna.es\/wp-content\/uploads\/2018\/01\/IMG_5985-300x225.jpg 300w, https:\/\/www.monta\u00f1asdelaluna.es\/wp-content\/uploads\/2018\/01\/IMG_5985.jpg 1788w\" sizes=\"auto, (max-width: 1024px) 100vw, 1024px\" \/><\/a><p id=\"caption-attachment-38072\" class=\"wp-caption-text\">Subiendo a Sant Miquel de Castell\u00f3.<\/p><\/div>\n<p>Cruzamos de un lado a otro del pe\u00f1asco que sostiene la antigua ermita. Parece un paso entre las paredes de roca que me recuerda a el paso de El Contador. Parece hecho adrede, excavado en la roca. Justo al otro lado giramos a la izquierda para en pocos metros acercarnos hasta la planicie y balc\u00f3n que hay delante de Sant Miquel de Castell\u00f3. El viento es fort\u00edsimo, molesto y muy frio, casi no se puede estar aqu\u00ed. Curioseamos la edificaci\u00f3n recia y austera, antigua pero erguida. Estamos a 955 metros sobre una especie de roca espol\u00f3n con la nombrada planicie delante del edificio, que hace de gran mirador. Tambi\u00e9n, adherida a los muros, hay un refugio. Hacemos fotos a las incre\u00edbles vistas y un video con la fuerza del viento como protagonista. El d\u00eda se mantiene nublado, con esas nubes en forma de platillo volante t\u00edpicas de viento. Fr\u00edo, casi un d\u00eda de invierno.[vc_separator][\/vc_column_text][\/vc_column][\/vc_row][vc_row][vc_column][vc_empty_space][\/vc_column][\/vc_row][vc_row][vc_column][vc_video link=\u00bbhttps:\/\/vimeo.com\/251199495&#8243; title=\u00bbSant Miquel de Castell\u00f3\u00bb][\/vc_column][\/vc_row][vc_row][vc_column][vc_empty_space][\/vc_column][\/vc_row][vc_row][vc_column][vc_column_text]Despu\u00e9s de la foto de grupo intent\u00e1ndonos ponernos a res\u00e9s del frio y viento pegados al muro del edificio, parlamentamos sobre si seguir o bajar por la molestia del viento. Decidimos seguir hasta Falgars, ahora por terreno m\u00e1s horizontal y a solo media hora de camino. Salimos al mismo sitio junto al pasillo entre las paredes de roca y encontramos a mucha gente que en bici o caminando, rondan el lugar. Parece ser un lugar muy transitado y visitado.<\/p>\n<p>En el cruce donde hemos girado antes a la izquierda para llegar a Sant Miquel de Castell\u00f3, giramos ahora a la izquierda de nuevo como queriendo seguir el recorrido con destino Falgars d\u2019en Bas. En este caso casi todo el recorrido se har\u00e1 por pista. Ahora pasaremos por una especie de gran pasillo abalconado entre las paredes bajo nosotros a la izquierda y las suaves lomas boscosas de la derecha, entre viejas construcciones y prados de pastura. No hay p\u00e9rdida alguna. Adem\u00e1s volvemos a seguir las indicaciones del G.R.-2. En un primer planteamiento la idea era poder visitar la cima de algunas de las alturas que rondan cercanas y f\u00e1ciles este recorrido, como el Puig del Llamp, pero los caminos o sendas que salen del camino principal y marcado no son nada fiables y decidimos seguir la pista hasta la aldea de Falgars d\u2019en Bas.<\/p>\n<div id=\"attachment_38076\" style=\"width: 1034px\" class=\"wp-caption aligncenter\"><a class=\"dt-single-image\" href=\"https:\/\/www.monta\u00f1asdelaluna.es\/wp-content\/uploads\/2018\/01\/sant-miquel-de-castello-955-mts.jpg\" data-dt-img-description=\"\"><img loading=\"lazy\" decoding=\"async\" aria-describedby=\"caption-attachment-38076\" class=\"wp-image-38076 size-large\" src=\"https:\/\/www.monta\u00f1asdelaluna.es\/wp-content\/uploads\/2018\/01\/sant-miquel-de-castello-955-mts-1024x768.jpg\" alt=\"Sant Miquel de Castell\u00f3, 955 mts.\" width=\"1024\" height=\"768\" srcset=\"https:\/\/www.monta\u00f1asdelaluna.es\/wp-content\/uploads\/2018\/01\/sant-miquel-de-castello-955-mts-1024x768.jpg 1024w, https:\/\/www.monta\u00f1asdelaluna.es\/wp-content\/uploads\/2018\/01\/sant-miquel-de-castello-955-mts-300x225.jpg 300w, https:\/\/www.monta\u00f1asdelaluna.es\/wp-content\/uploads\/2018\/01\/sant-miquel-de-castello-955-mts.jpg 1788w\" sizes=\"auto, (max-width: 1024px) 100vw, 1024px\" \/><\/a><p id=\"caption-attachment-38076\" class=\"wp-caption-text\">Sant Miquel de Castell\u00f3, 955 mts.<\/p><\/div>\n<div id=\"attachment_38078\" style=\"width: 1798px\" class=\"wp-caption aligncenter\"><a class=\"dt-single-image\" href=\"https:\/\/www.monta\u00f1asdelaluna.es\/wp-content\/uploads\/2018\/01\/vistas-desde-sant-miquel-de-castello-hacia-falgars-d-en-bas.jpg\" data-dt-img-description=\"\"><img loading=\"lazy\" decoding=\"async\" aria-describedby=\"caption-attachment-38078\" class=\"wp-image-38078 size-full\" src=\"https:\/\/www.monta\u00f1asdelaluna.es\/wp-content\/uploads\/2018\/01\/vistas-desde-sant-miquel-de-castello-hacia-falgars-d-en-bas.jpg\" alt=\"Vistas desde Sant Miquel de Castell\u00f3 hacia Falgars d'en Bas\" width=\"1788\" height=\"1004\" srcset=\"https:\/\/www.monta\u00f1asdelaluna.es\/wp-content\/uploads\/2018\/01\/vistas-desde-sant-miquel-de-castello-hacia-falgars-d-en-bas.jpg 1788w, https:\/\/www.monta\u00f1asdelaluna.es\/wp-content\/uploads\/2018\/01\/vistas-desde-sant-miquel-de-castello-hacia-falgars-d-en-bas-300x168.jpg 300w, https:\/\/www.monta\u00f1asdelaluna.es\/wp-content\/uploads\/2018\/01\/vistas-desde-sant-miquel-de-castello-hacia-falgars-d-en-bas-1024x575.jpg 1024w\" sizes=\"auto, (max-width: 1788px) 100vw, 1788px\" \/><\/a><p id=\"caption-attachment-38078\" class=\"wp-caption-text\">Vistas desde Sant Miquel de Castell\u00f3 hacia Falgars d&#8217;en Bas<\/p><\/div>\n<p>El camino a Falgars d\u2019en Bas con sus curvas y casi zigzagueo intentando evitar barranquitos y los suaves perfiles del terreno, nos deja bonitas estampas, paisajes como postales con el pasado Sant Miquel de Castell\u00f3 como una especie de torre vig\u00eda del lugar, la boscosa y marronosa, por la ca\u00edda de las hojas, Serra de Llancers y las vistas hacia las pocas construcciones de Falgars d\u2019en Bas subidas a una suave loma tambi\u00e9n, dominando el paisaje. F\u00e1cil, sin subidas y con alegre marcha y charla, llegamos enseguida a la nombrada poblaci\u00f3n.<\/p>\n<p>Falgars d\u2019en Bas son pocas casas, casi se pueden contar con los dedos de las manos. Algunas de ellas parecen casas rurales o albergues, otras pocas est\u00e1n habitadas. Pero nos llama la atenci\u00f3n dos construcciones: la iglesia y la rector\u00eda. Eso s\u00ed, no hay bares. Estuvimos buscando alg\u00fan bar pero entre las pocas casas no hay bares. Al final, despu\u00e9s de visitar la iglesia y admirar los verdes alrededores del pueblo, nos resguardamos del frio y del viento entre las columnas y arcadas del porche de piedra de la rector\u00eda. Aqu\u00ed almorzamos.<\/p>\n<div id=\"attachment_38084\" style=\"width: 1798px\" class=\"wp-caption aligncenter\"><a class=\"dt-single-image\" href=\"https:\/\/www.monta\u00f1asdelaluna.es\/wp-content\/uploads\/2018\/01\/camino-de-falgars-d-en-bas-al-fondo-dicha-poblacion.jpg\" data-dt-img-description=\"\"><img loading=\"lazy\" decoding=\"async\" aria-describedby=\"caption-attachment-38084\" class=\"wp-image-38084 size-full\" src=\"https:\/\/www.monta\u00f1asdelaluna.es\/wp-content\/uploads\/2018\/01\/camino-de-falgars-d-en-bas-al-fondo-dicha-poblacion.jpg\" alt=\"Camino de Falgars d'en Bas, al fondo dicha poblaci\u00f3n\" width=\"1788\" height=\"1341\" srcset=\"https:\/\/www.monta\u00f1asdelaluna.es\/wp-content\/uploads\/2018\/01\/camino-de-falgars-d-en-bas-al-fondo-dicha-poblacion.jpg 1788w, https:\/\/www.monta\u00f1asdelaluna.es\/wp-content\/uploads\/2018\/01\/camino-de-falgars-d-en-bas-al-fondo-dicha-poblacion-300x225.jpg 300w, https:\/\/www.monta\u00f1asdelaluna.es\/wp-content\/uploads\/2018\/01\/camino-de-falgars-d-en-bas-al-fondo-dicha-poblacion-1024x768.jpg 1024w\" sizes=\"auto, (max-width: 1788px) 100vw, 1788px\" \/><\/a><p id=\"caption-attachment-38084\" class=\"wp-caption-text\">Camino de Falgars d&#8217;en Bas, al fondo dicha poblaci\u00f3n<\/p><\/div>\n<div id=\"attachment_38092\" style=\"width: 1798px\" class=\"wp-caption aligncenter\"><a class=\"dt-single-image\" href=\"https:\/\/www.monta\u00f1asdelaluna.es\/wp-content\/uploads\/2018\/01\/estribaciones-entre-la-serra-de-cabrera-y-de-llancers.jpg\" data-dt-img-description=\"\"><img loading=\"lazy\" decoding=\"async\" aria-describedby=\"caption-attachment-38092\" class=\"wp-image-38092 size-full\" src=\"https:\/\/www.monta\u00f1asdelaluna.es\/wp-content\/uploads\/2018\/01\/estribaciones-entre-la-serra-de-cabrera-y-de-llancers.jpg\" alt=\"Estribaciones entre la Serra de Cabrera y de Llancers\" width=\"1788\" height=\"1004\" srcset=\"https:\/\/www.monta\u00f1asdelaluna.es\/wp-content\/uploads\/2018\/01\/estribaciones-entre-la-serra-de-cabrera-y-de-llancers.jpg 1788w, https:\/\/www.monta\u00f1asdelaluna.es\/wp-content\/uploads\/2018\/01\/estribaciones-entre-la-serra-de-cabrera-y-de-llancers-300x168.jpg 300w, https:\/\/www.monta\u00f1asdelaluna.es\/wp-content\/uploads\/2018\/01\/estribaciones-entre-la-serra-de-cabrera-y-de-llancers-1024x575.jpg 1024w\" sizes=\"auto, (max-width: 1788px) 100vw, 1788px\" \/><\/a><p id=\"caption-attachment-38092\" class=\"wp-caption-text\">Estribaciones entre la Serra de Cabrera y de Llancers<\/p><\/div>\n<p>Antes de llegar a la poblaci\u00f3n y en el despejado camino de subida y llegada a Falgars d\u2019en Bas, hay un cruce de recorridos y de caminos. Debemos volver a este cruce, a este punto, desandando el camino pocos metros, para seguir la bajada o la vuelta a Els Hostalets d\u2019en Bas por otro camino, otro recorrido, para cerrar la circular de la actividad. Ahora las vistas de enfrente, antes de llegar al cruce, saliendo del pueblecillo y poco camino nuevo seguido, son magn\u00edficas: observamos las boscosas laderas, praderas, barrancos de paredes rocosas, verticales que separan el fondo del valle de las alturas como si fuera una especie de meseta, pero \u201cmeseta\u201d adentro m\u00e1s laderas boscosas, casi infinitas, sin fin o sin poder ver sus t\u00e9rminos. En un rinc\u00f3n de estos escapes, entre paredes y bosques, la curiosa construcci\u00f3n de Sant Miquel de Castell\u00f3, como una torre guardiana del hermoso paisaje. Al fondo se aprecia la blancura del alto Pirineo, el Canig\u00f3 se asoma con su porte imponente, lejano pero inconfundible; abajo el llano del valle, verde, terroso seg\u00fan el bancal, el prado, rodeado de otras monta\u00f1as, muy boscosas, verdes, preciosas\u2026<\/p>\n<p>Saliendo de Falgars d\u2019en Bas desandando el camino de llegada, giramos a la derecha en el cruce en direcci\u00f3n al pueblo de donde hemos salido y dejado el coche. Est\u00e1 marcado y se\u00f1alado con lo que no hay perdida. En un principio sigue el camino, pista que va bajando por la vertical ladera en zigzag, pero enseguida la deja para seguir una senda de bajada en medio del denso, frondoso bosque, lleno de rincones y hojarasca. En esta bajada ya no encontramos a nadie, contrariamente a la cantidad de gente con la que nos hemos encontrado entre Falgars d\u2019en Bas y Sant Miquel de Castell\u00f3. La bajada directa est\u00e1 marcada con pintura amarillas que aparecen en los troncos de los \u00e1rboles y otros sitios, adem\u00e1s de la perceptible zanja de la senda marcada en medio del terreno y la hojarasca.<\/p>\n<div id=\"attachment_38097\" style=\"width: 1034px\" class=\"wp-caption aligncenter\"><a class=\"dt-single-image\" href=\"https:\/\/www.monta\u00f1asdelaluna.es\/wp-content\/uploads\/2018\/01\/iglesia-y-rectoria-de-falgars-d-en-bas.jpg\" data-dt-img-description=\"\"><img loading=\"lazy\" decoding=\"async\" aria-describedby=\"caption-attachment-38097\" class=\"wp-image-38097 size-large\" src=\"https:\/\/www.monta\u00f1asdelaluna.es\/wp-content\/uploads\/2018\/01\/iglesia-y-rectoria-de-falgars-d-en-bas-1024x768.jpg\" alt=\"Iglesia y rectoria de Falgars d'en Bas\" width=\"1024\" height=\"768\" srcset=\"https:\/\/www.monta\u00f1asdelaluna.es\/wp-content\/uploads\/2018\/01\/iglesia-y-rectoria-de-falgars-d-en-bas-1024x768.jpg 1024w, https:\/\/www.monta\u00f1asdelaluna.es\/wp-content\/uploads\/2018\/01\/iglesia-y-rectoria-de-falgars-d-en-bas-300x225.jpg 300w, https:\/\/www.monta\u00f1asdelaluna.es\/wp-content\/uploads\/2018\/01\/iglesia-y-rectoria-de-falgars-d-en-bas.jpg 1788w\" sizes=\"auto, (max-width: 1024px) 100vw, 1024px\" \/><\/a><p id=\"caption-attachment-38097\" class=\"wp-caption-text\">Iglesia y rectoria de Falgars d&#8217;en Bas<\/p><\/div>\n<div id=\"attachment_38114\" style=\"width: 1798px\" class=\"wp-caption aligncenter\"><a class=\"dt-single-image\" href=\"https:\/\/www.monta\u00f1asdelaluna.es\/wp-content\/uploads\/2018\/01\/IMG_6055.jpg\" data-dt-img-description=\"\"><img loading=\"lazy\" decoding=\"async\" aria-describedby=\"caption-attachment-38114\" class=\"wp-image-38114 size-full\" src=\"https:\/\/www.monta\u00f1asdelaluna.es\/wp-content\/uploads\/2018\/01\/IMG_6055.jpg\" alt=\"A la izquierda Sant Miquel de Castell\u00f3, Pibernat, detr\u00e1s el Puig Cornell, Puigsacalm, a la derecha el valle de la Vall d'en Bas y al fondo el Pirineo\" width=\"1788\" height=\"1341\" srcset=\"https:\/\/www.monta\u00f1asdelaluna.es\/wp-content\/uploads\/2018\/01\/IMG_6055.jpg 1788w, https:\/\/www.monta\u00f1asdelaluna.es\/wp-content\/uploads\/2018\/01\/IMG_6055-300x225.jpg 300w, https:\/\/www.monta\u00f1asdelaluna.es\/wp-content\/uploads\/2018\/01\/IMG_6055-1024x768.jpg 1024w\" sizes=\"auto, (max-width: 1788px) 100vw, 1788px\" \/><\/a><p id=\"caption-attachment-38114\" class=\"wp-caption-text\">A la izquierda Sant Miquel de Castell\u00f3, Pibernat, detr\u00e1s el Puig Cornell, Puigsacalm, a la derecha el valle de la Vall d&#8217;en Bas y al fondo el Pirineo<\/p><\/div>\n<p>As\u00ed bajando llegamos hasta la salida del bosque justo en las cercan\u00edas de los muros de Els Terrers. La bajada ha sido r\u00e1pida y muy directa. He corrido un poco, es especial para bajar corriendo entre \u00e1rboles, curvas y pendientes algo verticales. Bonitos rincones. Desde aqu\u00ed solo tenemos que seguir el camino que sale de la casa hac\u00eda otras casas, como La Clapera, construcci\u00f3n gobernada por dos magn\u00edficos robles en su puerta, o la Torre de La Clapera, un edificio singular, cuadrado, lleno de arcos, abalconados, muy llamativa, casi bonita, como un palacete colonial\u2026 al otro lado vemos los l\u00edmites del pueblo, el camino nos llevar\u00e1 hasta la misma calle que pasa por la puerta de la iglesia, pero justo al lado contrario por el que salimos.<\/p>\n<div id=\"attachment_38117\" style=\"width: 1034px\" class=\"wp-caption aligncenter\"><a class=\"dt-single-image\" href=\"https:\/\/www.monta\u00f1asdelaluna.es\/wp-content\/uploads\/2018\/01\/francesc-y-pep-bajando-a-la-clapera.jpg\" data-dt-img-description=\"\"><img loading=\"lazy\" decoding=\"async\" aria-describedby=\"caption-attachment-38117\" class=\"wp-image-38117 size-large\" src=\"https:\/\/www.monta\u00f1asdelaluna.es\/wp-content\/uploads\/2018\/01\/francesc-y-pep-bajando-a-la-clapera-1024x768.jpg\" alt=\"Francesc y Pep bajando a La Clapera\" width=\"1024\" height=\"768\" srcset=\"https:\/\/www.monta\u00f1asdelaluna.es\/wp-content\/uploads\/2018\/01\/francesc-y-pep-bajando-a-la-clapera-1024x768.jpg 1024w, https:\/\/www.monta\u00f1asdelaluna.es\/wp-content\/uploads\/2018\/01\/francesc-y-pep-bajando-a-la-clapera-300x225.jpg 300w, https:\/\/www.monta\u00f1asdelaluna.es\/wp-content\/uploads\/2018\/01\/francesc-y-pep-bajando-a-la-clapera.jpg 1788w\" sizes=\"auto, (max-width: 1024px) 100vw, 1024px\" \/><\/a><p id=\"caption-attachment-38117\" class=\"wp-caption-text\">Francesc y Pep bajando a La Clapera<\/p><\/div>\n<div id=\"attachment_38134\" style=\"width: 1798px\" class=\"wp-caption aligncenter\"><a class=\"dt-single-image\" href=\"https:\/\/www.monta\u00f1asdelaluna.es\/wp-content\/uploads\/2018\/01\/la-torre-de-la-clapera-a-la-derecha.jpg\" data-dt-img-description=\"\"><img loading=\"lazy\" decoding=\"async\" aria-describedby=\"caption-attachment-38134\" class=\"wp-image-38134 size-full\" src=\"https:\/\/www.monta\u00f1asdelaluna.es\/wp-content\/uploads\/2018\/01\/la-torre-de-la-clapera-a-la-derecha.jpg\" alt=\"La Torre de La Clapera a la derecha\" width=\"1788\" height=\"1341\" srcset=\"https:\/\/www.monta\u00f1asdelaluna.es\/wp-content\/uploads\/2018\/01\/la-torre-de-la-clapera-a-la-derecha.jpg 1788w, https:\/\/www.monta\u00f1asdelaluna.es\/wp-content\/uploads\/2018\/01\/la-torre-de-la-clapera-a-la-derecha-300x225.jpg 300w, https:\/\/www.monta\u00f1asdelaluna.es\/wp-content\/uploads\/2018\/01\/la-torre-de-la-clapera-a-la-derecha-1024x768.jpg 1024w\" sizes=\"auto, (max-width: 1788px) 100vw, 1788px\" \/><\/a><p id=\"caption-attachment-38134\" class=\"wp-caption-text\">La Torre de La Clapera a la derecha<\/p><\/div>\n<p>El viento, como queriendo ser el protagonista en este fant\u00e1stico recorrido, se despide con un remolino de tierra del bancal terroso de en medio del valle justo antes de entrar al pueblo. Despu\u00e9s acabamos en un bar de Els Hostalets d\u2019en Bas para cerrar la actividad con una ceremoniosa cerveza, despu\u00e9s de cruzar la preciosa calle llena de balcones de madera en sus peque\u00f1os edificios y casas, a modo de largos corredores que miran a la calle. Bonito, f\u00e1cil y no muy largo recorrido. Ideal para conocer, adentrarse por primera vez en las boscosas laderas de la Vall d\u2019en Bas. Precioso valle de La Garrotxa.<\/p>\n<div id=\"attachment_38244\" style=\"width: 534px\" class=\"wp-caption aligncenter\"><a class=\"dt-single-image\" href=\"https:\/\/www.monta\u00f1asdelaluna.es\/wp-content\/uploads\/2017\/12\/ValldEnbas.croquis.jpg\" data-dt-img-description=\"\"><img loading=\"lazy\" decoding=\"async\" aria-describedby=\"caption-attachment-38244\" class=\"wp-image-38244 size-full\" src=\"https:\/\/www.monta\u00f1asdelaluna.es\/wp-content\/uploads\/2017\/12\/ValldEnbas.croquis.jpg\" alt=\"Croquis del recorrido por la Vall d'en Bas entre Els Hostalets d'en Bas y Falgars d'en Bas pasando por sant Miquel de Castell\u00f3\" width=\"524\" height=\"517\" srcset=\"https:\/\/www.monta\u00f1asdelaluna.es\/wp-content\/uploads\/2017\/12\/ValldEnbas.croquis.jpg 524w, https:\/\/www.monta\u00f1asdelaluna.es\/wp-content\/uploads\/2017\/12\/ValldEnbas.croquis-300x296.jpg 300w\" sizes=\"auto, (max-width: 524px) 100vw, 524px\" \/><\/a><p id=\"caption-attachment-38244\" class=\"wp-caption-text\">Croquis del recorrido por la Vall d&#8217;en Bas entre Els Hostalets d&#8217;en Bas y Falgars d&#8217;en Bas pasando por sant Miquel de Castell\u00f3<\/p><\/div>\n<p>[\/vc_column_text][\/vc_column][\/vc_row][vc_row][vc_column][vc_empty_space height=\u00bb60px\u00bb][\/vc_column][\/vc_row][vc_row][vc_column][vc_cta h2=\u00bb\u00c1lbum de fotos\u00bb txt_align=\u00bbcenter\u00bb add_button=\u00bbbottom\u00bb btn_title=\u00bbVer fotos\u00bb btn_color=\u00bbwarning\u00bb btn_align=\u00bbcenter\u00bb btn_link=\u00bburl:https%3A%2F%2Fmonta%C3%B1asdelaluna.es%2F%3Fdt_gallery%3Dla-vall-den-bas-2|title:La%20Vall%20d%E2%80%99en%20Bas|target:_blank\u00bb css=\u00bb.vc_custom_1625869623190{background-color: #8bc4ed !important;}\u00bb]Puedes ver todas las fotos del relato y actividad en forma de presentaci\u00f3n o individuales pinchando aqui \u00a1No te las pierdas![\/vc_cta][\/vc_column][\/vc_row][vc_row][vc_column][vc_empty_space height=\u00bb60px\u00bb][\/vc_column][\/vc_row][vc_row][vc_column width=\u00bb1\/6&#8243;][\/vc_column][vc_column width=\u00bb1\/3&#8243;][vc_column_text]Tiempo en Falgars d&#8217;en Bas[\/vc_column_text][vc_raw_html]JTNDaWZyYW1lJTIwc3JjJTNEJTIyaHR0cHMlM0ElMkYlMkZ3d3cubWV0ZW9ibHVlLmNvbSUyRmVzJTJGdGllbXBvJTJGd2lkZ2V0JTJGZGFpbHklMkY0Mi4wODZOMi40MzhFOTUxX0V1cm9wZSUyNTJGTWFkcmlkJTNGZ2VvbG9jJTNEZml4ZWQlMjZkYXlzJTNENyUyNnRlbXB1bml0JTNEQ0VMU0lVUyUyNndpbmR1bml0JTNES0lMT01FVEVSX1BFUl9IT1VSJTI2cHJlY2lwdW5pdCUzRE1JTExJTUVURVIlMjZjb2xvdXJlZCUzRGNvbG91cmVkJTI2cGljdG9pY29uJTNEMCUyNnBpY3RvaWNvbiUzRDElMjZtYXh0ZW1wZXJhdHVyZSUzRDAlMjZtYXh0ZW1wZXJhdHVyZSUzRDElMjZtaW50ZW1wZXJhdHVyZSUzRDAlMjZtaW50ZW1wZXJhdHVyZSUzRDElMjZ3aW5kc3BlZWQlM0QwJTI2d2luZHNwZWVkJTNEMSUyNndpbmRndXN0JTNEMCUyNndpbmRndXN0JTNEMSUyNndpbmRkaXJlY3Rpb24lM0QwJTI2d2luZGRpcmVjdGlvbiUzRDElMjZ1diUzRDAlMjZodW1pZGl0eSUzRDAlMjZwcmVjaXBpdGF0aW9uJTNEMCUyNnByZWNpcGl0YXRpb24lM0QxJTI2cHJlY2lwaXRhdGlvbnByb2JhYmlsaXR5JTNEMCUyNnByZWNpcGl0YXRpb25wcm9iYWJpbGl0eSUzRDElMjZzcG90JTNEMCUyNnNwb3QlM0QxJTI2cHJlc3N1cmUlM0QwJTI2cHJlc3N1cmUlM0QxJTI2bGF5b3V0JTNEbGlnaHQlMjIlMjAlMjBmcmFtZWJvcmRlciUzRCUyMjAlMjIlMjBzY3JvbGxpbmclM0QlMjJOTyUyMiUyMGFsbG93dHJhbnNwYXJlbmN5JTNEJTIydHJ1ZSUyMiUyMHNhbmRib3glM0QlMjJhbGxvdy1zYW1lLW9yaWdpbiUyMGFsbG93LXNjcmlwdHMlMjBhbGxvdy1wb3B1cHMlMjBhbGxvdy1wb3B1cHMtdG8tZXNjYXBlLXNhbmRib3glMjIlMjBzdHlsZSUzRCUyMndpZHRoJTNBJTIwMzc4cHglM0JoZWlnaHQlM0ElMjA0MTRweCUyMiUzRSUzQyUyRmlmcmFtZSUzRSUzQ2RpdiUzRSUzQyUyMS0tJTIwRE8lMjBOT1QlMjBSRU1PVkUlMjBUSElTJTIwTElOSyUyMC0tJTNFJTNDYSUyMGhyZWYlM0QlMjJodHRwcyUzQSUyRiUyRnd3dy5tZXRlb2JsdWUuY29tJTJGZXMlMkZ0aWVtcG8lMkZwcm9ub3N0aWNvJTJGc2VtYW5hJTJGNDIuMDg2TjIuNDM4RTk1MV9FdXJvcGUlMjUyRk1hZHJpZCUzRnV0bV9zb3VyY2UlM0R3ZWF0aGVyX3dpZGdldCUyNnV0bV9tZWRpdW0lM0RsaW5rdXMlMjZ1dG1fY29udGVudCUzRGRhaWx5JTI2dXRtX2NhbXBhaWduJTNEV2VhdGhlciUyNTJCV2lkZ2V0JTIyJTIwdGFyZ2V0JTNEJTIyX2JsYW5rJTIyJTNFbWV0ZW9ibHVlJTNDJTJGYSUzRSUzQyUyRmRpdiUzRQ==[\/vc_raw_html][\/vc_column][vc_column width=\u00bb1\/3&#8243;][vc_empty_space height=\u00bb23px\u00bb][vc_raw_html]JTNDaWZyYW1lJTIwc3JjJTNEJTIyaHR0cHMlM0ElMkYlMkZ3d3cubWV0ZW9ibHVlLmNvbSUyRmVzJTJGdGllbXBvJTJGd2lkZ2V0JTJGZGFpbHklMkZlbHMtaG9zdGFsZXRzLWQlMjUyN2VuLWJhc19lc3BhJTI1YzMlMjViMWFfMzEyMDYxNyUzRmdlb2xvYyUzRGZpeGVkJTI2ZGF5cyUzRDclMjZ0ZW1wdW5pdCUzRENFTFNJVVMlMjZ3aW5kdW5pdCUzREtJTE9NRVRFUl9QRVJfSE9VUiUyNnByZWNpcHVuaXQlM0RNSUxMSU1FVEVSJTI2Y29sb3VyZWQlM0Rjb2xvdXJlZCUyNnBpY3RvaWNvbiUzRDAlMjZwaWN0b2ljb24lM0QxJTI2bWF4dGVtcGVyYXR1cmUlM0QwJTI2bWF4dGVtcGVyYXR1cmUlM0QxJTI2bWludGVtcGVyYXR1cmUlM0QwJTI2bWludGVtcGVyYXR1cmUlM0QxJTI2d2luZHNwZWVkJTNEMCUyNndpbmRzcGVlZCUzRDElMjZ3aW5kZ3VzdCUzRDAlMjZ3aW5kZ3VzdCUzRDElMjZ3aW5kZGlyZWN0aW9uJTNEMCUyNndpbmRkaXJlY3Rpb24lM0QxJTI2dXYlM0QwJTI2aHVtaWRpdHklM0QwJTI2cHJlY2lwaXRhdGlvbiUzRDAlMjZwcmVjaXBpdGF0aW9uJTNEMSUyNnByZWNpcGl0YXRpb25wcm9iYWJpbGl0eSUzRDAlMjZwcmVjaXBpdGF0aW9ucHJvYmFiaWxpdHklM0QxJTI2c3BvdCUzRDAlMjZzcG90JTNEMSUyNnByZXNzdXJlJTNEMCUyNnByZXNzdXJlJTNEMSUyNmxheW91dCUzRGxpZ2h0JTIyJTIwJTIwZnJhbWVib3JkZXIlM0QlMjIwJTIyJTIwc2Nyb2xsaW5nJTNEJTIyTk8lMjIlMjBhbGxvd3RyYW5zcGFyZW5jeSUzRCUyMnRydWUlMjIlMjBzYW5kYm94JTNEJTIyYWxsb3ctc2FtZS1vcmlnaW4lMjBhbGxvdy1zY3JpcHRzJTIwYWxsb3ctcG9wdXBzJTIwYWxsb3ctcG9wdXBzLXRvLWVzY2FwZS1zYW5kYm94JTIyJTIwc3R5bGUlM0QlMjJ3aWR0aCUzQSUyMDM3OHB4JTNCaGVpZ2h0JTNBJTIwNDE0cHglMjIlM0UlM0MlMkZpZnJhbWUlM0UlM0NkaXYlM0UlM0MlMjEtLSUyMERPJTIwTk9UJTIwUkVNT1ZFJTIwVEhJUyUyMExJTkslMjAtLSUzRSUzQ2ElMjBocmVmJTNEJTIyaHR0cHMlM0ElMkYlMkZ3d3cubWV0ZW9ibHVlLmNvbSUyRmVzJTJGdGllbXBvJTJGcHJvbm9zdGljbyUyRnNlbWFuYSUyRmVscy1ob3N0YWxldHMtZCUyNTI3ZW4tYmFzX2VzcGElMjVjMyUyNWIxYV8zMTIwNjE3JTNGdXRtX3NvdXJjZSUzRHdlYXRoZXJfd2lkZ2V0JTI2dXRtX21lZGl1bSUzRGxpbmt1cyUyNnV0bV9jb250ZW50JTNEZGFpbHklMjZ1dG1fY2FtcGFpZ24lM0RXZWF0aGVyJTI1MkJXaWRnZXQlMjIlMjB0YXJnZXQlM0QlMjJfYmxhbmslMjIlM0VtZXRlb2JsdWUlM0MlMkZhJTNFJTNDJTJGZGl2JTNF[\/vc_raw_html][\/vc_column][vc_column width=\u00bb1\/6&#8243;][\/vc_column][\/vc_row]<\/p>\n","protected":false},"excerpt":{"rendered":"<p>[vc_row][vc_column][vc_column_text]Como cada oto\u00f1o intento realizar una visita, una excursi\u00f3n por los verdes lugares de La Garrotxa. Y este oto\u00f1o casi se me escapa hacerla, despu\u00e9s de aplazar o anular la traves\u00eda habitual por La Garrotxa con noche en Santa Pau. Esta vez quer\u00eda visitar el famoso valle de la Vall d\u2019en Bas, a caballo entre&hellip;<\/p>\n","protected":false},"author":1,"featured_media":38114,"comment_status":"open","ping_status":"open","sticky":false,"template":"","format":"standard","meta":[],"categories":[47],"tags":[],"class_list":["post-38176","post","type-post","status-publish","format-standard","has-post-thumbnail","hentry","category-la-garrotxa","category-47","description-off"],"_links":{"self":[{"href":"https:\/\/www.monta\u00f1asdelaluna.es\/index.php?rest_route=\/wp\/v2\/posts\/38176","targetHints":{"allow":["GET"]}}],"collection":[{"href":"https:\/\/www.monta\u00f1asdelaluna.es\/index.php?rest_route=\/wp\/v2\/posts"}],"about":[{"href":"https:\/\/www.monta\u00f1asdelaluna.es\/index.php?rest_route=\/wp\/v2\/types\/post"}],"author":[{"embeddable":true,"href":"https:\/\/www.monta\u00f1asdelaluna.es\/index.php?rest_route=\/wp\/v2\/users\/1"}],"replies":[{"embeddable":true,"href":"https:\/\/www.monta\u00f1asdelaluna.es\/index.php?rest_route=%2Fwp%2Fv2%2Fcomments&post=38176"}],"version-history":[{"count":11,"href":"https:\/\/www.monta\u00f1asdelaluna.es\/index.php?rest_route=\/wp\/v2\/posts\/38176\/revisions"}],"predecessor-version":[{"id":38180,"href":"https:\/\/www.monta\u00f1asdelaluna.es\/index.php?rest_route=\/wp\/v2\/posts\/38176\/revisions\/38180"}],"wp:featuredmedia":[{"embeddable":true,"href":"https:\/\/www.monta\u00f1asdelaluna.es\/index.php?rest_route=\/wp\/v2\/media\/38114"}],"wp:attachment":[{"href":"https:\/\/www.monta\u00f1asdelaluna.es\/index.php?rest_route=%2Fwp%2Fv2%2Fmedia&parent=38176"}],"wp:term":[{"taxonomy":"category","embeddable":true,"href":"https:\/\/www.monta\u00f1asdelaluna.es\/index.php?rest_route=%2Fwp%2Fv2%2Fcategories&post=38176"},{"taxonomy":"post_tag","embeddable":true,"href":"https:\/\/www.monta\u00f1asdelaluna.es\/index.php?rest_route=%2Fwp%2Fv2%2Ftags&post=38176"}],"curies":[{"name":"wp","href":"https:\/\/api.w.org\/{rel}","templated":true}]}}