{"id":38563,"date":"2018-03-24T08:20:10","date_gmt":"2018-03-24T08:20:10","guid":{"rendered":"http:\/\/monta\u00f1asdelaluna.com\/?p=38563"},"modified":"2023-03-25T20:02:47","modified_gmt":"2023-03-25T20:02:47","slug":"el-matagalls-desde-viladrau","status":"publish","type":"post","link":"https:\/\/www.monta\u00f1asdelaluna.es\/?p=38563","title":{"rendered":"El Matagalls desde Viladrau"},"content":{"rendered":"<p>[vc_row][vc_column][vc_column_text]<\/p>\n<h3 style=\"text-align: center;\"><strong>Bajada por el Tur\u00f3 del Mig y Coll d&#8217;Ordials:<\/strong><\/h3>\n<p>Realmente este d\u00eda quer\u00eda acercarme al Pirineo para hacer algo de alta monta\u00f1a, pero entre indecisiones y condiciones no demasiado elegantes o c\u00f3modas en la actividad\u2026 hizo que desistiera y que pensara en planear una buena actividad por las recientes nieves que hab\u00edan ca\u00eddo en el Montseny.<\/p>\n<p>Pero a la vez quer\u00eda hacer una actividad que resultara casi sustitutiva de la programada actividad de alta monta\u00f1a, o sea, que sea larga, con desnivel y esforzada; y pensando en varios comentarios o recorridos vistos de otra gente o grupos, se me ocurri\u00f3 hacer la magn\u00edfica ruta de ascensi\u00f3n al Matagalls desde la misma poblaci\u00f3n de Viladrau. El recorrido casi que ya lo conoc\u00eda enteramente por haberlo hecho en partes o en trozos separados en diferentes recorridos ya hechos. El primero ser\u00eda el recorrido relatado en <a href=\"https:\/\/www.monta\u00f1asdelaluna.es\/?p=36741\" target=\"_blank\" rel=\"noopener\">Santos y Bandoleros en el Montseny desde Viladrau<\/a>, en el que desde el mismo Viladrau sal\u00eda en busca de la espectacular y magn\u00edfica construcci\u00f3n de Sant Segimon, y de su peque\u00f1a ermitilla sobre ella, que es la Ermita de Sant Miquel de Barretons.<\/p>\n<div id=\"attachment_38404\" style=\"width: 1798px\" class=\"wp-caption aligncenter\"><a class=\"dt-single-image\" href=\"https:\/\/www.monta\u00f1asdelaluna.es\/wp-content\/uploads\/2018\/02\/sant-segimon-desde-can-bosc.jpg\" data-dt-img-description=\"\"><img loading=\"lazy\" decoding=\"async\" aria-describedby=\"caption-attachment-38404\" class=\"wp-image-38404 size-full\" src=\"https:\/\/www.monta\u00f1asdelaluna.es\/wp-content\/uploads\/2018\/02\/sant-segimon-desde-can-bosc.jpg\" alt=\"Sant Segimon desde Can Bosc\" width=\"1788\" height=\"1341\" srcset=\"https:\/\/www.monta\u00f1asdelaluna.es\/wp-content\/uploads\/2018\/02\/sant-segimon-desde-can-bosc.jpg 1788w, https:\/\/www.monta\u00f1asdelaluna.es\/wp-content\/uploads\/2018\/02\/sant-segimon-desde-can-bosc-300x225.jpg 300w, https:\/\/www.monta\u00f1asdelaluna.es\/wp-content\/uploads\/2018\/02\/sant-segimon-desde-can-bosc-1024x768.jpg 1024w\" sizes=\"auto, (max-width: 1788px) 100vw, 1788px\" \/><\/a><p id=\"caption-attachment-38404\" class=\"wp-caption-text\">Sant Segimon desde Can Bosc<\/p><\/div>\n<div id=\"attachment_38402\" style=\"width: 1798px\" class=\"wp-caption aligncenter\"><a class=\"dt-single-image\" href=\"https:\/\/www.monta\u00f1asdelaluna.es\/wp-content\/uploads\/2018\/02\/el-turo-del-pou-d-en-sala-desde-can-bosc.jpg\" data-dt-img-description=\"\"><img loading=\"lazy\" decoding=\"async\" aria-describedby=\"caption-attachment-38402\" class=\"wp-image-38402 size-full\" src=\"https:\/\/www.monta\u00f1asdelaluna.es\/wp-content\/uploads\/2018\/02\/el-turo-del-pou-d-en-sala-desde-can-bosc.jpg\" alt=\"El Tur\u00f3 del Pou d'en Sala desde Can Bosc\" width=\"1788\" height=\"1004\" srcset=\"https:\/\/www.monta\u00f1asdelaluna.es\/wp-content\/uploads\/2018\/02\/el-turo-del-pou-d-en-sala-desde-can-bosc.jpg 1788w, https:\/\/www.monta\u00f1asdelaluna.es\/wp-content\/uploads\/2018\/02\/el-turo-del-pou-d-en-sala-desde-can-bosc-300x168.jpg 300w, https:\/\/www.monta\u00f1asdelaluna.es\/wp-content\/uploads\/2018\/02\/el-turo-del-pou-d-en-sala-desde-can-bosc-1024x575.jpg 1024w\" sizes=\"auto, (max-width: 1788px) 100vw, 1788px\" \/><\/a><p id=\"caption-attachment-38402\" class=\"wp-caption-text\">El Tur\u00f3 del Pou d&#8217;en Sala desde Can Bosc<\/p><\/div>\n<p>Con lo que despu\u00e9s de anunciarlo pocos d\u00edas antes de realizarla en Monta\u00f1as de La Luna y no apuntarse nadie, salgo en solitario el pasado s\u00e1bado 27 de enero en busca de la nevada cima del Matagalls. En Viladrau ya veo que a\u00fan queda algo de nieve escondida entre las zonas de umbr\u00eda y entre los espacios de arbustos. Como siempre el espect\u00e1culo e im\u00e1genes que hace la nieve con el terreno, con el paisaje, es encantador, simp\u00e1tico, encandilador. El tiempo no ser\u00e1 soleado enteramente pero tampoco ser\u00e1 malo; nubes, sol y algo de viento ser\u00e1n los protagonistas. Parece un tiempo invernal, casi de alta monta\u00f1a, interesante.<\/p>\n<p>Y sin tardar m\u00e1s salgo de Viladrau pasando junto al local de la asociaci\u00f3n de monta\u00f1a de la localidad y enfilando la peque\u00f1a riera girando hacia la derecha, en busca de los l\u00edmites de esa gran f\u00e1brica de bebidas vegetales que parece una fea pincelada en este paisaje, espacio buc\u00f3lico y precioso del norte del Montseny. La nieve en el paisaje dibuja fr\u00edas pero encantadoras postales de un bosque n\u00f3rdico, m\u00e1gico, fant\u00e1stico y solitario, pero vivo y magn\u00edfico.<\/p>\n<div id=\"attachment_38432\" style=\"width: 1798px\" class=\"wp-caption aligncenter\"><a class=\"dt-single-image\" href=\"https:\/\/www.monta\u00f1asdelaluna.es\/wp-content\/uploads\/2018\/02\/IMG_6648.jpg\" data-dt-img-description=\"\"><img loading=\"lazy\" decoding=\"async\" aria-describedby=\"caption-attachment-38432\" class=\"wp-image-38432 size-full\" src=\"https:\/\/www.monta\u00f1asdelaluna.es\/wp-content\/uploads\/2018\/02\/IMG_6648.jpg\" alt=\"Hayedo bajo Sant Segimon\" width=\"1788\" height=\"1341\" srcset=\"https:\/\/www.monta\u00f1asdelaluna.es\/wp-content\/uploads\/2018\/02\/IMG_6648.jpg 1788w, https:\/\/www.monta\u00f1asdelaluna.es\/wp-content\/uploads\/2018\/02\/IMG_6648-300x225.jpg 300w, https:\/\/www.monta\u00f1asdelaluna.es\/wp-content\/uploads\/2018\/02\/IMG_6648-1024x768.jpg 1024w\" sizes=\"auto, (max-width: 1788px) 100vw, 1788px\" \/><\/a><p id=\"caption-attachment-38432\" class=\"wp-caption-text\">Hayedo bajo Sant Segimon<\/p><\/div>\n<div id=\"attachment_38434\" style=\"width: 1798px\" class=\"wp-caption aligncenter\"><a class=\"dt-single-image\" href=\"https:\/\/www.monta\u00f1asdelaluna.es\/wp-content\/uploads\/2018\/02\/IMG_6650.jpg\" data-dt-img-description=\"\"><img loading=\"lazy\" decoding=\"async\" aria-describedby=\"caption-attachment-38434\" class=\"wp-image-38434 size-full\" src=\"https:\/\/www.monta\u00f1asdelaluna.es\/wp-content\/uploads\/2018\/02\/IMG_6650.jpg\" alt=\"Hayedo bajo Sant Segimon\" width=\"1788\" height=\"1341\" srcset=\"https:\/\/www.monta\u00f1asdelaluna.es\/wp-content\/uploads\/2018\/02\/IMG_6650.jpg 1788w, https:\/\/www.monta\u00f1asdelaluna.es\/wp-content\/uploads\/2018\/02\/IMG_6650-300x225.jpg 300w, https:\/\/www.monta\u00f1asdelaluna.es\/wp-content\/uploads\/2018\/02\/IMG_6650-1024x768.jpg 1024w\" sizes=\"auto, (max-width: 1788px) 100vw, 1788px\" \/><\/a><p id=\"caption-attachment-38434\" class=\"wp-caption-text\">Hayedo bajo Sant Segimon<\/p><\/div>\n<div id=\"attachment_38435\" style=\"width: 1798px\" class=\"wp-caption aligncenter\"><a class=\"dt-single-image\" href=\"https:\/\/www.monta\u00f1asdelaluna.es\/wp-content\/uploads\/2018\/02\/llegando-a-sant-segimon.jpg\" data-dt-img-description=\"\"><img loading=\"lazy\" decoding=\"async\" aria-describedby=\"caption-attachment-38435\" class=\"wp-image-38435 size-full\" src=\"https:\/\/www.monta\u00f1asdelaluna.es\/wp-content\/uploads\/2018\/02\/llegando-a-sant-segimon.jpg\" alt=\"Llegando a Sant Segimon\" width=\"1788\" height=\"1341\" srcset=\"https:\/\/www.monta\u00f1asdelaluna.es\/wp-content\/uploads\/2018\/02\/llegando-a-sant-segimon.jpg 1788w, https:\/\/www.monta\u00f1asdelaluna.es\/wp-content\/uploads\/2018\/02\/llegando-a-sant-segimon-300x225.jpg 300w, https:\/\/www.monta\u00f1asdelaluna.es\/wp-content\/uploads\/2018\/02\/llegando-a-sant-segimon-1024x768.jpg 1024w\" sizes=\"auto, (max-width: 1788px) 100vw, 1788px\" \/><\/a><p id=\"caption-attachment-38435\" class=\"wp-caption-text\">Llegando a Sant Segimon<\/p><\/div>\n<p>El recorrido\u00a0 me llevar\u00e1 subiendo por la senda del l\u2019Erola en busca de Sant Segimon y poco a poco la nieve es m\u00e1s abundante a medida que subo en solitario por estos paisajes buc\u00f3licos. Pasado el Oratori y justo antes de llegar al hayedo de Sant Segimon, la abundante nieve sobre las ramas y matorrales de carrascas, encinas y otros \u00e1rboles, arbustos, hace que \u00e9stas se doblen entorpeciendo el avance por la senda justo en este tramo. La blancura de esta nieve junto con la blancura, gris de las nubes que quieren amenazar con m\u00e1s precipitaciones, con m\u00e1s nieve o lluvia, hace que parezca una verdadera ruta invernal, propio en estas fechas de las altas cordilleras peninsulares.<\/p>\n<p>Y justo al llegar al magn\u00edfico hayedo bajo Sant Segimon el espect\u00e1culo es precioso, encantador, impresionante: la blanca y gris niebla sube por entre los troncos de estas hayas, cubiertas de nieve entre sus ramas y troncos, con un concierto de la misma ca\u00edda de la misma nieve al suelo desde dichas ramas a causa de su desestabilizaci\u00f3n y la gravedad, con el resultado de unos momentos de soledad y sonido de la naturaleza impresionantes, \u00fanicos, da la sensaci\u00f3n de estar metidos en una especie de pel\u00edcula \u00e9pica, medieval, m\u00edtica, donde el paisaje y estos momentos crean un escenario id\u00edlico, sobrecogedor, casi misterioso, m\u00edstico\u2026 hago un video. No puedo perderme el momento, lo disfruto e intento dejarlo en mi Canon para la posteridad, para la eternidad, momentos de solo unos minutos, unas pocas horas\u2026 precioso.[vc_separator][\/vc_column_text][\/vc_column][\/vc_row][vc_row][vc_column][vc_empty_space][\/vc_column][\/vc_row][vc_row][vc_column][vc_video link=\u00bbhttps:\/\/youtu.be\/Bitmir5UT-w\u00bb title=\u00bbHayedo de Sant Segimon invernal\u00bb][\/vc_column][\/vc_row][vc_row][vc_column][vc_empty_space][\/vc_column][\/vc_row][vc_row][vc_column][vc_column_text]Subo al camino y giro en \u00e9l a la izquierda para llegar y visitar el magn\u00edfico conjunto de Sant Segimon. Llevo unas dos horas y ya tengo hambre. Me paro en la puerta de la \u201cactual\u201d posada de Sant Segimon para almorzar y descansar un poco. El d\u00eda sigue nublado. Es el t\u00edpico fr\u00edo d\u00eda de invierno, entre nieves y nubes, nieblas, blancas, grises claro. Hay una linda ni\u00f1a que se divierte tir\u00e1ndose con un trineo por la rampa nevada del camino que se interna entre los edificios. Aparece un grupo de excursionistas con los que ya me hab\u00eda topado y adelantado en la ermita y refugio de l\u2019Erola. Han cogido otro camino, directo hacia los muros de la construcci\u00f3n, que les har\u00e1 girar a la derecha hasta poder llegar a un punto en el que puedan subir al camino.<\/p>\n<div id=\"attachment_38446\" style=\"width: 1798px\" class=\"wp-caption aligncenter\"><a class=\"dt-single-image\" href=\"https:\/\/www.monta\u00f1asdelaluna.es\/wp-content\/uploads\/2018\/02\/IMG_6677.jpg\" data-dt-img-description=\"\"><img loading=\"lazy\" decoding=\"async\" aria-describedby=\"caption-attachment-38446\" class=\"wp-image-38446 size-full\" src=\"https:\/\/www.monta\u00f1asdelaluna.es\/wp-content\/uploads\/2018\/02\/IMG_6677.jpg\" alt=\"Sant Miquel de Barretons, parte de Sant Segimon y el Tur\u00f3 del Pou d'en Sala\" width=\"1788\" height=\"1341\" srcset=\"https:\/\/www.monta\u00f1asdelaluna.es\/wp-content\/uploads\/2018\/02\/IMG_6677.jpg 1788w, https:\/\/www.monta\u00f1asdelaluna.es\/wp-content\/uploads\/2018\/02\/IMG_6677-300x225.jpg 300w, https:\/\/www.monta\u00f1asdelaluna.es\/wp-content\/uploads\/2018\/02\/IMG_6677-1024x768.jpg 1024w\" sizes=\"auto, (max-width: 1788px) 100vw, 1788px\" \/><\/a><p id=\"caption-attachment-38446\" class=\"wp-caption-text\">Sant Miquel de Barretons, parte de Sant Segimon y el Tur\u00f3 del Pou d&#8217;en Sala<\/p><\/div>\n<div id=\"attachment_38455\" style=\"width: 1798px\" class=\"wp-caption aligncenter\"><a class=\"dt-single-image\" href=\"https:\/\/www.monta\u00f1asdelaluna.es\/wp-content\/uploads\/2018\/02\/pla-dels-ginebrers.jpg\" data-dt-img-description=\"\"><img loading=\"lazy\" decoding=\"async\" aria-describedby=\"caption-attachment-38455\" class=\"wp-image-38455 size-full\" src=\"https:\/\/www.monta\u00f1asdelaluna.es\/wp-content\/uploads\/2018\/02\/pla-dels-ginebrers.jpg\" alt=\"Pla dels Ginebrers\" width=\"1788\" height=\"1341\" srcset=\"https:\/\/www.monta\u00f1asdelaluna.es\/wp-content\/uploads\/2018\/02\/pla-dels-ginebrers.jpg 1788w, https:\/\/www.monta\u00f1asdelaluna.es\/wp-content\/uploads\/2018\/02\/pla-dels-ginebrers-300x225.jpg 300w, https:\/\/www.monta\u00f1asdelaluna.es\/wp-content\/uploads\/2018\/02\/pla-dels-ginebrers-1024x768.jpg 1024w\" sizes=\"auto, (max-width: 1788px) 100vw, 1788px\" \/><\/a><p id=\"caption-attachment-38455\" class=\"wp-caption-text\">Pla dels Ginebrers<\/p><\/div>\n<p>El paisaje es impresionante y encantador, como un cuento de fr\u00edo, hielo y nieve. Intento hacerme fotos con el temporizador, pero sale el \u201cmesonero\u201d de la posada y es \u00e9l el que me hace las fotos al final. Al poco tiempo debo de seguir el recorrido en busca de la cima del Matagalls, y lo hago sin dejar de seguir el recorrido <a href=\"https:\/\/www.monta\u00f1asdelaluna.es\/?p=36741\" target=\"_blank\" rel=\"noopener\">Santos y Bandoleros en el Montseny desde Viladrau <\/a>subiendo hasta Sant Miquel de Barretons.<\/p>\n<p>Fotos y vistas desde la peque\u00f1a y delicada ermita de Sant Miquel de Barretons. A partir de aqu\u00ed la nieve es mucho m\u00e1s abundante. Dejo aqu\u00ed el recorrido de<a href=\"https:\/\/www.monta\u00f1asdelaluna.es\/?p=36741\" target=\"_blank\" rel=\"noopener\"> Santos y Bandoleros en el Montseny desde Viladrau<\/a> y ahora seguir\u00e9 la f\u00e1cil loma cimera que acaba aqu\u00ed, en Sant Miquel de Barretons y sigue subiendo poco a poco, por Coll Saprunera, en busca de las amplias planicies de la cima del Matagalls. El recorrido relatado que seguir\u00e9 ser\u00e1 <a href=\"https:\/\/www.monta\u00f1asdelaluna.es\/?p=18956\" target=\"_blank\" rel=\"noopener\">El Montseny. Subida al Matagalls y vuelta por Sant Segimon<\/a>, pero al rev\u00e9s de lo relatado, en lugar de bajar del Matagalls a Sant Segimon, subir\u00e9 al pico desde la entra\u00f1able construcci\u00f3n.<\/p>\n<div id=\"attachment_38460\" style=\"width: 1798px\" class=\"wp-caption aligncenter\"><a class=\"dt-single-image\" href=\"https:\/\/www.monta\u00f1asdelaluna.es\/wp-content\/uploads\/2018\/02\/al-fondo-les-agudes-desde-la-cima-del-matagalls.jpg\" data-dt-img-description=\"\"><img loading=\"lazy\" decoding=\"async\" aria-describedby=\"caption-attachment-38460\" class=\"wp-image-38460 size-full\" src=\"https:\/\/www.monta\u00f1asdelaluna.es\/wp-content\/uploads\/2018\/02\/al-fondo-les-agudes-desde-la-cima-del-matagalls.jpg\" alt=\"Al fondo Les Agudes desde la cima del Matagalls\" width=\"1788\" height=\"1341\" srcset=\"https:\/\/www.monta\u00f1asdelaluna.es\/wp-content\/uploads\/2018\/02\/al-fondo-les-agudes-desde-la-cima-del-matagalls.jpg 1788w, https:\/\/www.monta\u00f1asdelaluna.es\/wp-content\/uploads\/2018\/02\/al-fondo-les-agudes-desde-la-cima-del-matagalls-300x225.jpg 300w, https:\/\/www.monta\u00f1asdelaluna.es\/wp-content\/uploads\/2018\/02\/al-fondo-les-agudes-desde-la-cima-del-matagalls-1024x768.jpg 1024w\" sizes=\"auto, (max-width: 1788px) 100vw, 1788px\" \/><\/a><p id=\"caption-attachment-38460\" class=\"wp-caption-text\">Al fondo Les Agudes desde la cima del Matagalls<\/p><\/div>\n<div id=\"attachment_38463\" style=\"width: 1034px\" class=\"wp-caption aligncenter\"><a class=\"dt-single-image\" href=\"https:\/\/www.monta\u00f1asdelaluna.es\/wp-content\/uploads\/2018\/02\/joaquin-en-la-cima-del-matagalls-1-696-mts.jpg\" data-dt-img-description=\"\"><img loading=\"lazy\" decoding=\"async\" aria-describedby=\"caption-attachment-38463\" class=\"wp-image-38463 size-large\" src=\"https:\/\/www.monta\u00f1asdelaluna.es\/wp-content\/uploads\/2018\/02\/joaquin-en-la-cima-del-matagalls-1-696-mts-1024x768.jpg\" alt=\"Joaqu\u00edn en la cima del Matagalls, 1.696 mts.\" width=\"1024\" height=\"768\" srcset=\"https:\/\/www.monta\u00f1asdelaluna.es\/wp-content\/uploads\/2018\/02\/joaquin-en-la-cima-del-matagalls-1-696-mts-1024x768.jpg 1024w, https:\/\/www.monta\u00f1asdelaluna.es\/wp-content\/uploads\/2018\/02\/joaquin-en-la-cima-del-matagalls-1-696-mts-300x225.jpg 300w, https:\/\/www.monta\u00f1asdelaluna.es\/wp-content\/uploads\/2018\/02\/joaquin-en-la-cima-del-matagalls-1-696-mts.jpg 1788w\" sizes=\"auto, (max-width: 1024px) 100vw, 1024px\" \/><\/a><p id=\"caption-attachment-38463\" class=\"wp-caption-text\">Joaqu\u00edn en la cima del Matagalls, 1.696 mts.<\/p><\/div>\n<p>Comienzo a divisar un Montseny casi alpino con sus nieves abundantes en todos sus rincones, laderas, lomas, alturas\u2026 observo al fondo y a\u00fan lejos la ondulada cima del Matagalls con su cruz en lo m\u00e1s alto, peque\u00f1a y distante desde aqu\u00ed. A partir del Coll Saprunera (1.393 mts.) comienzan a verse unas huellas, pisadas, de los monta\u00f1eros que han subido desde la pista a la derecha, hasta este collado, para seguir la ascensi\u00f3n hacia el Matagalls; antes no hab\u00eda huella, entre Sant Miquel de Barretons y Coll Saprunera, abri\u00e9ndola yo nueva. Decido pisar por la misma huella para subir por el Pla dels Ginebres y as\u00ed no hundirme ni cansarme abriendo nueva huella sobre la abundante nieve. Observo con detenimiento el paisaje a mi izquierda: la nieve es muy abundante en el Coll d\u2019Ordials y en la monta\u00f1a que baja hasta ella, el Tur\u00f3 del Mig\u2026 por ah\u00ed tendr\u00e9 que bajar. Intento hacerme a la idea y una foto mental de c\u00f3mo est\u00e1 la monta\u00f1a en aquella parte.<\/p>\n<p>M\u00e1s arriba y siguiendo la huella, el tiempo y el cielo est\u00e1 m\u00e1s despejado, y las vistas y paisaje nevado de la cima del Montseny son extraordinarios. Llego al Collet de La Font por si a la izquierda quiero girar en busca de la Font del Matagalls al final del hayedo, pero decido no entretenerme demasiado y seguir recto hacia la cima. Llegados a un punto en la alta planicie cimera y ondulada, las huellas giran hacia la izquierda y dejo de direcci\u00f3n sureste para seguir hacia el este. Entre este punto y la cima del Matagalls que puedo observar al final de las pisadas, hay rincones con mucha nieve acumulada por el viento, y las huellas tienen que pasar por los arbustos y altas plantas que sobresalen entre la nieve, para no hundirme en ella\u2026 a\u00fan as\u00ed, a pocos metros de la peque\u00f1a subida final hasta la cruz, hay zonas con mucha nieve que hacen te esfuerces m\u00e1s de la cuenta en progresar por ella.[\/vc_column_text][\/vc_column][\/vc_row][vc_row][vc_column][vc_empty_space][\/vc_column][\/vc_row][vc_row][vc_column][vc_video link=\u00bbhttps:\/\/youtu.be\/PuJPhM4afvI\u00bb title=\u00bbCima del Matagalls, 1.696 mts.\u00bb][\/vc_column][\/vc_row][vc_row][vc_column][vc_empty_space][\/vc_column][\/vc_row][vc_row][vc_column][vc_column_text]Pero al final ya llego a la cima del Matagalls, 1.696 mts. Hago videos y fotos al paisaje. Alguna selfi. Observo el bello paisaje nevado de las otras cimas del Montseny, como Les Agudes con su semblante casi alpino, escarpado. No hay mucha gente, pero alguna llega de Collformic por la ruta f\u00e1cil y habitual. El recorrido que he realizado lo he hecho pr\u00e1cticamente en solitario, solo algunos perdidos bajaban por el Pla del Ginebres en busca de Coll Saprunera.<\/p>\n<p>No estoy mucho tiempo y decido bajar. Antes de llegar a la cima he ido observando la loma a seguir para llegar al Tur\u00f3 del Mig y a Coll d\u2019Ordials. \u00c9ste ser\u00e1 terreno nuevo que pisar para m\u00ed, pero f\u00e1cil y sin p\u00e9rdida. Por suerte hay visibilidad y veo los perfiles de la monta\u00f1a; con algo de niebla al otro lado de la monta\u00f1a, en los perfiles que bajan de ella.<\/p>\n<div id=\"attachment_38471\" style=\"width: 1034px\" class=\"wp-caption aligncenter\"><a class=\"dt-single-image\" href=\"https:\/\/www.monta\u00f1asdelaluna.es\/wp-content\/uploads\/2018\/02\/atras-queda-la-cima-del-matagalls.jpg\" data-dt-img-description=\"\"><img loading=\"lazy\" decoding=\"async\" aria-describedby=\"caption-attachment-38471\" class=\"wp-image-38471 size-large\" src=\"https:\/\/www.monta\u00f1asdelaluna.es\/wp-content\/uploads\/2018\/02\/atras-queda-la-cima-del-matagalls-1024x768.jpg\" alt=\"Atr\u00e1s queda la cima del Matagalls\" width=\"1024\" height=\"768\" srcset=\"https:\/\/www.monta\u00f1asdelaluna.es\/wp-content\/uploads\/2018\/02\/atras-queda-la-cima-del-matagalls-1024x768.jpg 1024w, https:\/\/www.monta\u00f1asdelaluna.es\/wp-content\/uploads\/2018\/02\/atras-queda-la-cima-del-matagalls-300x225.jpg 300w, https:\/\/www.monta\u00f1asdelaluna.es\/wp-content\/uploads\/2018\/02\/atras-queda-la-cima-del-matagalls.jpg 1788w\" sizes=\"auto, (max-width: 1024px) 100vw, 1024px\" \/><\/a><p id=\"caption-attachment-38471\" class=\"wp-caption-text\">Atr\u00e1s queda la cima del Matagalls<\/p><\/div>\n<div id=\"attachment_38475\" style=\"width: 1034px\" class=\"wp-caption aligncenter\"><a class=\"dt-single-image\" href=\"https:\/\/www.monta\u00f1asdelaluna.es\/wp-content\/uploads\/2018\/02\/joaquin-en-la-cima-del-turo-del-mig-1-552-mts-en-el-centro-viladrau.jpg\" data-dt-img-description=\"\"><img loading=\"lazy\" decoding=\"async\" aria-describedby=\"caption-attachment-38475\" class=\"wp-image-38475 size-large\" src=\"https:\/\/www.monta\u00f1asdelaluna.es\/wp-content\/uploads\/2018\/02\/joaquin-en-la-cima-del-turo-del-mig-1-552-mts-en-el-centro-viladrau-1024x768.jpg\" alt=\"Joaqu\u00edn en la cima del Tur\u00f3 del Mig, 1.552 mts., en el centro Viladrau\" width=\"1024\" height=\"768\" srcset=\"https:\/\/www.monta\u00f1asdelaluna.es\/wp-content\/uploads\/2018\/02\/joaquin-en-la-cima-del-turo-del-mig-1-552-mts-en-el-centro-viladrau-1024x768.jpg 1024w, https:\/\/www.monta\u00f1asdelaluna.es\/wp-content\/uploads\/2018\/02\/joaquin-en-la-cima-del-turo-del-mig-1-552-mts-en-el-centro-viladrau-300x225.jpg 300w, https:\/\/www.monta\u00f1asdelaluna.es\/wp-content\/uploads\/2018\/02\/joaquin-en-la-cima-del-turo-del-mig-1-552-mts-en-el-centro-viladrau.jpg 1788w\" sizes=\"auto, (max-width: 1024px) 100vw, 1024px\" \/><\/a><p id=\"caption-attachment-38475\" class=\"wp-caption-text\">Joaqu\u00edn en la cima del Tur\u00f3 del Mig, 1.552 mts., en el centro Viladrau<\/p><\/div>\n<p>Desando el camino y llegado a un punto entre la subida por el Pla dels Ginebres y la misma cima del Matagalls, giro a la derecha abriendo huella por la loma que queda en medio hacia unas suaves alturas, lomas poco m\u00e1s altas, al final de la misma. Casualmente descubro entre las laderas nevadas, casi poco m\u00e1s debajo de la cima del Matagalls, el original \u201cninot\u201d de la Font dels Cims. \u00c9ste queda a la derecha, bastante cerca; pues por esa misma loma, dejando esta fuente a la derecha sigo en direcci\u00f3n noroeste, norte, en busca del Tur\u00f3 del Mig y el Coll d\u2019Ordials.<\/p>\n<p>La nieve es muy abundante. Me hundo hasta la rodilla y por momentos parece dif\u00edcil avanzar, pero en poco tiempo llego a la zona algo m\u00e1s alta que acaba en el Tur\u00f3 del Mig, entre ese blanco meteoro y los arbustos que sobresalen de entre \u00e9ste. Sin camino ni senda, abriendo huella. Atr\u00e1s queda el Matagalls que ahora una gran nube la cubre desde arriba amenazadora, hostil, oscura pero maravillosa.<\/p>\n<div id=\"attachment_38483\" style=\"width: 1798px\" class=\"wp-caption aligncenter\"><a class=\"dt-single-image\" href=\"https:\/\/www.monta\u00f1asdelaluna.es\/wp-content\/uploads\/2018\/02\/IMG_6727.jpg\" data-dt-img-description=\"\"><img loading=\"lazy\" decoding=\"async\" aria-describedby=\"caption-attachment-38483\" class=\"wp-image-38483 size-full\" src=\"https:\/\/www.monta\u00f1asdelaluna.es\/wp-content\/uploads\/2018\/02\/IMG_6727.jpg\" alt=\"Hayedo de bajada al Coll d'Ordials\" width=\"1788\" height=\"1341\" srcset=\"https:\/\/www.monta\u00f1asdelaluna.es\/wp-content\/uploads\/2018\/02\/IMG_6727.jpg 1788w, https:\/\/www.monta\u00f1asdelaluna.es\/wp-content\/uploads\/2018\/02\/IMG_6727-300x225.jpg 300w, https:\/\/www.monta\u00f1asdelaluna.es\/wp-content\/uploads\/2018\/02\/IMG_6727-1024x768.jpg 1024w\" sizes=\"auto, (max-width: 1788px) 100vw, 1788px\" \/><\/a><p id=\"caption-attachment-38483\" class=\"wp-caption-text\">Hayedo de bajada al Coll d&#8217;Ordials<\/p><\/div>\n<div id=\"attachment_38486\" style=\"width: 1798px\" class=\"wp-caption aligncenter\"><a class=\"dt-single-image\" href=\"https:\/\/www.monta\u00f1asdelaluna.es\/wp-content\/uploads\/2018\/02\/IMG_6734.jpg\" data-dt-img-description=\"\"><img loading=\"lazy\" decoding=\"async\" aria-describedby=\"caption-attachment-38486\" class=\"wp-image-38486 size-full\" src=\"https:\/\/www.monta\u00f1asdelaluna.es\/wp-content\/uploads\/2018\/02\/IMG_6734.jpg\" alt=\"Hayedo de bajada al Coll d'Ordials\" width=\"1788\" height=\"1341\" srcset=\"https:\/\/www.monta\u00f1asdelaluna.es\/wp-content\/uploads\/2018\/02\/IMG_6734.jpg 1788w, https:\/\/www.monta\u00f1asdelaluna.es\/wp-content\/uploads\/2018\/02\/IMG_6734-300x225.jpg 300w, https:\/\/www.monta\u00f1asdelaluna.es\/wp-content\/uploads\/2018\/02\/IMG_6734-1024x768.jpg 1024w\" sizes=\"auto, (max-width: 1788px) 100vw, 1788px\" \/><\/a><p id=\"caption-attachment-38486\" class=\"wp-caption-text\">Hayedo de bajada al Coll d&#8217;Ordials<\/p><\/div>\n<p>Y cuando dejo un magn\u00edfico hayedo a la izquierda, el cual tendr\u00e9 que cruzar para bajar al Coll d\u2019Ordials, llego con una peque\u00f1a subida, hasta la cima del Tur\u00f3 del Mig (1.552 mts.) caracter\u00edstica por su tremendo cortado o perfil vertical y escarpado mirando hacia el norte. Tremendas vistas. Hago fotos. Me hago un selfi para dejar constancia de mi \u201cconquista\u201d, y una vez disfrutado del lugar ya me dispongo a bajar al Coll d\u2019Ordials que justo queda al noroeste abajo de esta cima. Y para llegar a dicho collado, ya nombrado en otros relatos y recorridos realizados, hay que atravesar un precioso y fant\u00e1stico hayedo, que me dejar\u00e1 impresionado, hipnotizado.[\/vc_column_text][\/vc_column][\/vc_row][vc_row][vc_column][vc_empty_space][\/vc_column][\/vc_row][vc_row][vc_column][vc_video link=\u00bbhttps:\/\/youtu.be\/W-0Rx-tmTjw\u00bb title=\u00bbHayedo invernal en el Tur\u00f3 del Mig\u00bb][\/vc_column][\/vc_row][vc_row][vc_column][vc_empty_space][\/vc_column][\/vc_row][vc_row][vc_column][vc_column_text]Bajo en solitario entre las tremendas hayas, en silencio, observando como cae con delicadeza las nieves a\u00fan atrapadas en las ramas y troncos, hasta un suelo blanco sobradamente cargado de nieve. Es un laberinto de ramas blancas y gruesos troncos, con sus elegantes y g\u00f3ticas formas, llenas de nieve\u2026 no puedo parar de hacer fotos y videos, me conmueve tanta magia y misticismo en este fant\u00e1stico e incre\u00edble lugar, momento\u2026[\/vc_column_text][\/vc_column][\/vc_row][vc_row][vc_column][vc_empty_space][\/vc_column][\/vc_row][vc_row][vc_column][vc_video link=\u00bbhttps:\/\/youtu.be\/uCXC8j6j6sg\u00bb title=\u00bbHayedo invernal en el Tur\u00f3 del Mig 2&#8243;][\/vc_column][\/vc_row][vc_row][vc_column][vc_empty_space][\/vc_column][\/vc_row][vc_row][vc_column][vc_column_text]Llego al reconocible Coll d\u2019Ordials ya solo tengo que seguir el recorrido ya relatado en <a href=\"https:\/\/www.monta\u00f1asdelaluna.es\/?p=22539\" target=\"_blank\" rel=\"noopener\">Matagalls. El bosque animado<\/a> hasta casi la salida del hayedo, del bosque, por que en lugar de girar a la derecha en busca de un camino y de la Font Rupitosa, bajar\u00e9 sin girar hasta el primer claro a la salida del hayedo, el Pla de Malataup. Pero justo al llegar al Coll d\u2019Ordials me despisto un poco: no hay huella y no discierno la bajada, me tiro por la vertical pendiente al otro lado del collado hasta que al final creo descubrir el recorrido enterrado bajo la nieve, entre \u00e1rboles y matorrales se vislumbra el hueco que dejan para que pase la senda. El recorrido descrito es muy vertical en ocasiones, y ahora lleno de nieve bajo las pendientes del Tur\u00f3 del Mig y el Tur\u00f3 Gros, verticales y casi alpinas con esa nieve agarrada a sus piedras y rocas escarpadas, estupendas.<\/p>\n<div id=\"attachment_38488\" style=\"width: 1798px\" class=\"wp-caption aligncenter\"><a class=\"dt-single-image\" href=\"https:\/\/www.monta\u00f1asdelaluna.es\/wp-content\/uploads\/2018\/02\/IMG_6736.jpg\" data-dt-img-description=\"\"><img loading=\"lazy\" decoding=\"async\" aria-describedby=\"caption-attachment-38488\" class=\"wp-image-38488 size-full\" src=\"https:\/\/www.monta\u00f1asdelaluna.es\/wp-content\/uploads\/2018\/02\/IMG_6736.jpg\" alt=\"Hayedo de bajada al Coll d'Ordials\" width=\"1788\" height=\"1341\" srcset=\"https:\/\/www.monta\u00f1asdelaluna.es\/wp-content\/uploads\/2018\/02\/IMG_6736.jpg 1788w, https:\/\/www.monta\u00f1asdelaluna.es\/wp-content\/uploads\/2018\/02\/IMG_6736-300x225.jpg 300w, https:\/\/www.monta\u00f1asdelaluna.es\/wp-content\/uploads\/2018\/02\/IMG_6736-1024x768.jpg 1024w\" sizes=\"auto, (max-width: 1788px) 100vw, 1788px\" \/><\/a><p id=\"caption-attachment-38488\" class=\"wp-caption-text\">Hayedo de bajada al Coll d&#8217;Ordials<\/p><\/div>\n<div id=\"attachment_38492\" style=\"width: 1798px\" class=\"wp-caption aligncenter\"><a class=\"dt-single-image\" href=\"https:\/\/www.monta\u00f1asdelaluna.es\/wp-content\/uploads\/2018\/02\/bajando-al-pla-de-malataup-delante-las-vertientes-del-turo-gros-del-pujol.jpg\" data-dt-img-description=\"\"><img loading=\"lazy\" decoding=\"async\" aria-describedby=\"caption-attachment-38492\" class=\"wp-image-38492 size-full\" src=\"https:\/\/www.monta\u00f1asdelaluna.es\/wp-content\/uploads\/2018\/02\/bajando-al-pla-de-malataup-delante-las-vertientes-del-turo-gros-del-pujol.jpg\" alt=\"Bajando al Pla de Malataup, delante las vertientes del Tur\u00f3 Gros del Pujol\" width=\"1788\" height=\"1341\" srcset=\"https:\/\/www.monta\u00f1asdelaluna.es\/wp-content\/uploads\/2018\/02\/bajando-al-pla-de-malataup-delante-las-vertientes-del-turo-gros-del-pujol.jpg 1788w, https:\/\/www.monta\u00f1asdelaluna.es\/wp-content\/uploads\/2018\/02\/bajando-al-pla-de-malataup-delante-las-vertientes-del-turo-gros-del-pujol-300x225.jpg 300w, https:\/\/www.monta\u00f1asdelaluna.es\/wp-content\/uploads\/2018\/02\/bajando-al-pla-de-malataup-delante-las-vertientes-del-turo-gros-del-pujol-1024x768.jpg 1024w\" sizes=\"auto, (max-width: 1788px) 100vw, 1788px\" \/><\/a><p id=\"caption-attachment-38492\" class=\"wp-caption-text\">Bajando al Pla de Malataup, delante las vertientes del Tur\u00f3 Gros del Pujol<\/p><\/div>\n<p>Llego al Pla de Malataup y es aqu\u00ed entonces donde seguir\u00e9 el recorrido de otro relato, pero al rev\u00e9s: <a href=\"https:\/\/www.monta\u00f1asdelaluna.es\/?p=23942\" target=\"_blank\" rel=\"noopener\">Umbr\u00eda del Matagalls<\/a> hasta las cercan\u00edas del conjunto de casas, ahora convertida, en parte, en Casa Rural, del Pujol de Muntanya, pasando antes por el Corral del Pujol, muy cerca del mismo Pla de Malataup. Pero el recorrido antes nombrado no pasa por el descrito conjunto de casas del Pujol de Muntanya, esta vez, por no perderme en las cercan\u00edas o camino de la Font de Les Tres Roses (s\u00ed descrito en el relato de <a href=\"https:\/\/www.monta\u00f1asdelaluna.es\/?p=23942\" target=\"_blank\" rel=\"noopener\">Umbr\u00eda del Matagalls<\/a>) paso entre las casas y llego hasta una muy bien identificativa pista. La idea esta vez es, por no perder demasiado tiempo si \u201cme pierdo\u201d, busco un recorrido directo y de vuelta a Viladrau, con lo que mirando el mapa de Alpina descubro que por la pista que llega hasta el Pujol de Muntanya me dejar\u00e1 m\u00e1s r\u00e1pidamente y sin p\u00e9rdida hasta las inmediaciones de Viladrau.<\/p>\n<p>La pista es aburrida, pero llegando a las cercan\u00edas de la casa de l\u2019Aremany (tambi\u00e9n descrita en <a href=\"https:\/\/www.monta\u00f1asdelaluna.es\/?p=23942\" target=\"_blank\" rel=\"noopener\">Umbr\u00eda del Matagalls<\/a> por el cruce e indicaciones hacia la Font de Les Tres Roses), que queda a la izquierda, giro por el puentecillo hasta \u00e9sta, y sigo el camino que sale de esta casita hacia el noroeste, paralelo a la Riera del Pujol (la que luego ser\u00e1 la Riera Major de Viladrau). La casita de l\u2019Aremany es simp\u00e1tica, r\u00fastica pero encantadora y bien conservada, casi reformada como casa rural (o no), parece.<\/p>\n<div id=\"attachment_38495\" style=\"width: 1798px\" class=\"wp-caption aligncenter\"><a class=\"dt-single-image\" href=\"https:\/\/www.monta\u00f1asdelaluna.es\/wp-content\/uploads\/2018\/02\/bajando-al-pla-de-malataup-delante-viladrau.jpg\" data-dt-img-description=\"\"><img loading=\"lazy\" decoding=\"async\" aria-describedby=\"caption-attachment-38495\" class=\"wp-image-38495 size-full\" src=\"https:\/\/www.monta\u00f1asdelaluna.es\/wp-content\/uploads\/2018\/02\/bajando-al-pla-de-malataup-delante-viladrau.jpg\" alt=\"Bajando al Pla de Malataup, delante Viladrau\" width=\"1788\" height=\"1341\" srcset=\"https:\/\/www.monta\u00f1asdelaluna.es\/wp-content\/uploads\/2018\/02\/bajando-al-pla-de-malataup-delante-viladrau.jpg 1788w, https:\/\/www.monta\u00f1asdelaluna.es\/wp-content\/uploads\/2018\/02\/bajando-al-pla-de-malataup-delante-viladrau-300x225.jpg 300w, https:\/\/www.monta\u00f1asdelaluna.es\/wp-content\/uploads\/2018\/02\/bajando-al-pla-de-malataup-delante-viladrau-1024x768.jpg 1024w\" sizes=\"auto, (max-width: 1788px) 100vw, 1788px\" \/><\/a><p id=\"caption-attachment-38495\" class=\"wp-caption-text\">Bajando al Pla de Malataup, delante Viladrau<\/p><\/div>\n<div id=\"attachment_38502\" style=\"width: 1034px\" class=\"wp-caption aligncenter\"><a class=\"dt-single-image\" href=\"https:\/\/www.monta\u00f1asdelaluna.es\/wp-content\/uploads\/2018\/02\/IMG_6757.jpg\" data-dt-img-description=\"\"><img loading=\"lazy\" decoding=\"async\" aria-describedby=\"caption-attachment-38502\" class=\"wp-image-38502 size-large\" src=\"https:\/\/www.monta\u00f1asdelaluna.es\/wp-content\/uploads\/2018\/02\/IMG_6757-1024x768.jpg\" alt=\"El Pujol de Muntanya\" width=\"1024\" height=\"768\" srcset=\"https:\/\/www.monta\u00f1asdelaluna.es\/wp-content\/uploads\/2018\/02\/IMG_6757-1024x768.jpg 1024w, https:\/\/www.monta\u00f1asdelaluna.es\/wp-content\/uploads\/2018\/02\/IMG_6757-300x225.jpg 300w, https:\/\/www.monta\u00f1asdelaluna.es\/wp-content\/uploads\/2018\/02\/IMG_6757.jpg 1788w\" sizes=\"auto, (max-width: 1024px) 100vw, 1024px\" \/><\/a><p id=\"caption-attachment-38502\" class=\"wp-caption-text\">El Pujol de Muntanya<\/p><\/div>\n<div id=\"attachment_38513\" style=\"width: 1034px\" class=\"wp-caption aligncenter\"><a class=\"dt-single-image\" href=\"https:\/\/www.monta\u00f1asdelaluna.es\/wp-content\/uploads\/2018\/02\/IMG_6772.jpg\" data-dt-img-description=\"\"><img loading=\"lazy\" decoding=\"async\" aria-describedby=\"caption-attachment-38513\" class=\"wp-image-38513 size-large\" src=\"https:\/\/www.monta\u00f1asdelaluna.es\/wp-content\/uploads\/2018\/02\/IMG_6772-1024x768.jpg\" alt=\"El Noguer\" width=\"1024\" height=\"768\" srcset=\"https:\/\/www.monta\u00f1asdelaluna.es\/wp-content\/uploads\/2018\/02\/IMG_6772-1024x768.jpg 1024w, https:\/\/www.monta\u00f1asdelaluna.es\/wp-content\/uploads\/2018\/02\/IMG_6772-300x225.jpg 300w, https:\/\/www.monta\u00f1asdelaluna.es\/wp-content\/uploads\/2018\/02\/IMG_6772.jpg 1788w\" sizes=\"auto, (max-width: 1024px) 100vw, 1024px\" \/><\/a><p id=\"caption-attachment-38513\" class=\"wp-caption-text\">El Noguer<\/p><\/div>\n<p>Despu\u00e9s de las obligadas fotos sigo el camino, solitario (como en casi todo el recorrido), por entre los bosques de rivera y rincones preciosos. Hasta llegar a un puentecillo que, al cruzarlo a la derecha, nos llevar\u00e1 hasta El Noguer, es el Pont del Noguer. Los carteles de \u201cpropiedad privada\u201d, \u201cprohibido el paso\u201d y todos estos me intimidar\u00e1n algo al principio, pero m\u00e1s lo har\u00e1n los ladridos de los pastores alemanes de la misma El Noguer. Cruzando dicho puente sigo por el camino que sube en busca de El Noguer y de las cercan\u00edas de Viladrau. El Noguer es otro conjunto de casas o construcciones que parecen de la \u201cantigua nobleza o aristocracia\u201d por su porte, forma y conjunto, con un gran estanque en uno de los lados. Sendos perros molestos y con cara de pocos amigos, los pastores alemanes, me ladrar\u00e1n durante todo el camino pegados a la vaya de la casa (aunque uno de los dos es m\u00e1s asustadizo cuando le hago frente dando un salto o paso hacia ellos), a pesar de ello la casa es digna de fotografiar y de observar, pero si no te gustan que dos perros maleducados te ladren sin parar, mejor coge otro camino para llegar a Viladrau.<\/p>\n<p>El camino que pasa junto al Noguer sube hasta un cruce muy cerca ya de las primeras casas de Viladrau. En lugar de internarme ya en la poblaci\u00f3n, giro a la izquierda en busca de Resquelles (sin pasar por dicha casa al final). El camino sigue subiendo poco pasando por una zona de altos y abundantes picos, muy juntos, a la izquierda, hasta otro cruce singularizado por una gran encina, preciosa, sana y enorme.<\/p>\n<div id=\"attachment_38516\" style=\"width: 1798px\" class=\"wp-caption aligncenter\"><a class=\"dt-single-image\" href=\"https:\/\/www.monta\u00f1asdelaluna.es\/wp-content\/uploads\/2018\/02\/IMG_6776.jpg\" data-dt-img-description=\"\"><img loading=\"lazy\" decoding=\"async\" aria-describedby=\"caption-attachment-38516\" class=\"wp-image-38516 size-full\" src=\"https:\/\/www.monta\u00f1asdelaluna.es\/wp-content\/uploads\/2018\/02\/IMG_6776.jpg\" alt=\"Alrededores de El Noguer, camino de Viladrau\" width=\"1788\" height=\"1341\" srcset=\"https:\/\/www.monta\u00f1asdelaluna.es\/wp-content\/uploads\/2018\/02\/IMG_6776.jpg 1788w, https:\/\/www.monta\u00f1asdelaluna.es\/wp-content\/uploads\/2018\/02\/IMG_6776-300x225.jpg 300w, https:\/\/www.monta\u00f1asdelaluna.es\/wp-content\/uploads\/2018\/02\/IMG_6776-1024x768.jpg 1024w\" sizes=\"auto, (max-width: 1788px) 100vw, 1788px\" \/><\/a><p id=\"caption-attachment-38516\" class=\"wp-caption-text\">Alrededores de El Noguer, camino de Viladrau<\/p><\/div>\n<div id=\"attachment_38517\" style=\"width: 1798px\" class=\"wp-caption aligncenter\"><a class=\"dt-single-image\" href=\"https:\/\/www.monta\u00f1asdelaluna.es\/wp-content\/uploads\/2018\/02\/alrededores-de-resquelles-llegando-a-viladrau.jpg\" data-dt-img-description=\"\"><img loading=\"lazy\" decoding=\"async\" aria-describedby=\"caption-attachment-38517\" class=\"wp-image-38517 size-full\" src=\"https:\/\/www.monta\u00f1asdelaluna.es\/wp-content\/uploads\/2018\/02\/alrededores-de-resquelles-llegando-a-viladrau.jpg\" alt=\"Alrededores de Resquelles, llegando a Viladrau\" width=\"1788\" height=\"1341\" srcset=\"https:\/\/www.monta\u00f1asdelaluna.es\/wp-content\/uploads\/2018\/02\/alrededores-de-resquelles-llegando-a-viladrau.jpg 1788w, https:\/\/www.monta\u00f1asdelaluna.es\/wp-content\/uploads\/2018\/02\/alrededores-de-resquelles-llegando-a-viladrau-300x225.jpg 300w, https:\/\/www.monta\u00f1asdelaluna.es\/wp-content\/uploads\/2018\/02\/alrededores-de-resquelles-llegando-a-viladrau-1024x768.jpg 1024w\" sizes=\"auto, (max-width: 1788px) 100vw, 1788px\" \/><\/a><p id=\"caption-attachment-38517\" class=\"wp-caption-text\">Alrededores de Resquelles, llegando a Viladrau<\/p><\/div>\n<p>Aqu\u00ed giraremos a la derecha para salir por el mismo camino por el que salimos de Viladrau, justo por el puentecillo junto a la casa del local de la asociaci\u00f3n de monta\u00f1a de Viladrau. La casa de Resquelledes la veremos a la izquierda cerca del cruce donde habita esa enorme encina, alejada del camino que sigo. Y bajando por el camino que ha subido y bajado siguiendo o apareciendo marcas de recorridos naturalistas, ecol\u00f3gicas, por los alrededores de Viladrau, llegamos hasta el mismo sitio de la encantadora y barroca poblaci\u00f3n de Viladrau, por donde salimos. Acabando aqu\u00ed un recorrido sorprendente, casi solitario, pero impresionante, fascinante\u2026 la subida al Matagalls desde Viladrau, bajando por el Tur\u00f3 del Mig, Coll d\u2019Ordials\u2026<\/p>\n<div id=\"attachment_38572\" style=\"width: 1160px\" class=\"wp-caption aligncenter\"><a class=\"dt-single-image\" href=\"https:\/\/www.monta\u00f1asdelaluna.es\/wp-content\/uploads\/2018\/03\/matagalls.Viladrau.croquis.web_.jpg\" data-dt-img-description=\"\"><img loading=\"lazy\" decoding=\"async\" aria-describedby=\"caption-attachment-38572\" class=\"wp-image-38572 size-full\" src=\"https:\/\/www.monta\u00f1asdelaluna.es\/wp-content\/uploads\/2018\/03\/matagalls.Viladrau.croquis.web_.jpg\" alt=\"Croquis del recorrido y ascensi\u00f3n al Matagalls desde Viladrau, bajando por el Tur\u00f3 del Mig, El Pujol de Muntanya.\" width=\"1150\" height=\"1451\" srcset=\"https:\/\/www.monta\u00f1asdelaluna.es\/wp-content\/uploads\/2018\/03\/matagalls.Viladrau.croquis.web_.jpg 1150w, https:\/\/www.monta\u00f1asdelaluna.es\/wp-content\/uploads\/2018\/03\/matagalls.Viladrau.croquis.web_-238x300.jpg 238w, https:\/\/www.monta\u00f1asdelaluna.es\/wp-content\/uploads\/2018\/03\/matagalls.Viladrau.croquis.web_-812x1024.jpg 812w\" sizes=\"auto, (max-width: 1150px) 100vw, 1150px\" \/><\/a><p id=\"caption-attachment-38572\" class=\"wp-caption-text\">Croquis del recorrido y ascensi\u00f3n al Matagalls desde Viladrau, bajando por el Tur\u00f3 del Mig, El Pujol de Muntanya.<\/p><\/div>\n<h3 style=\"text-align: center;\"><strong>Bajada por la Font de Mosquits:<\/strong><\/h3>\n<p>Pocas semanas despu\u00e9s, con mis buenos compa\u00f1eros de trabajo David y Mikel decidimos hacer una buena excursi\u00f3n, salida a la monta\u00f1a; algo que no sea un paseo, y a la vez con recorridos por lugares preciosos de bosques y paisajes de las cercan\u00edas\u2026 a mi no se me ocurri\u00f3 otro recorrido que de nuevo el Matagalls desde Viladrau.<\/p>\n<p>Entonces el pasado s\u00e1bado 17 de febrero quedamos a las 9 de la ma\u00f1ana en el mismo punto de siempre de Viladrau, junto al local de la asociaci\u00f3n de monta\u00f1a, y aqu\u00ed, los 3 comenzamos exactamente la misma ruta antes referida el pasado 27 hasta la cima del Matagalls.<\/p>\n<p>El tiempo no es el id\u00f3neo, nublado y frio, pero m\u00e1s ambiente dar\u00e1 a la actividad, les digo a mis compa\u00f1eros. Mientras subimos \u00e9stos alucinan con el paisaje, con el bosque, hayedo, casta\u00f1ar\u2026 antes de llegar a Sant Segimon, donde paramos a almorzar, ya aparece la nieve; no hay tanta como en la pasada aventura ni aguantan en las ramas y troncos como en la \u00e9sta \u00faltima; pero sigue siendo precioso.<\/p>\n<div id=\"attachment_38528\" style=\"width: 1034px\" class=\"wp-caption aligncenter\"><a class=\"dt-single-image\" href=\"https:\/\/www.monta\u00f1asdelaluna.es\/wp-content\/uploads\/2018\/03\/joaquin-david-y-mikel-en-viladrau.jpg\" data-dt-img-description=\"\"><img loading=\"lazy\" decoding=\"async\" aria-describedby=\"caption-attachment-38528\" class=\"wp-image-38528 size-large\" src=\"https:\/\/www.monta\u00f1asdelaluna.es\/wp-content\/uploads\/2018\/03\/joaquin-david-y-mikel-en-viladrau-1024x768.jpg\" alt=\"Joaqu\u00edn, David y Mikel en Viladrau\" width=\"1024\" height=\"768\" srcset=\"https:\/\/www.monta\u00f1asdelaluna.es\/wp-content\/uploads\/2018\/03\/joaquin-david-y-mikel-en-viladrau-1024x768.jpg 1024w, https:\/\/www.monta\u00f1asdelaluna.es\/wp-content\/uploads\/2018\/03\/joaquin-david-y-mikel-en-viladrau-300x225.jpg 300w, https:\/\/www.monta\u00f1asdelaluna.es\/wp-content\/uploads\/2018\/03\/joaquin-david-y-mikel-en-viladrau.jpg 1788w\" sizes=\"auto, (max-width: 1024px) 100vw, 1024px\" \/><\/a><p id=\"caption-attachment-38528\" class=\"wp-caption-text\">Joaqu\u00edn, David y Mikel en Viladrau<\/p><\/div>\n<div id=\"attachment_38531\" style=\"width: 1798px\" class=\"wp-caption aligncenter\"><a class=\"dt-single-image\" href=\"https:\/\/www.monta\u00f1asdelaluna.es\/wp-content\/uploads\/2018\/03\/IMG_7134.jpg\" data-dt-img-description=\"\"><img loading=\"lazy\" decoding=\"async\" aria-describedby=\"caption-attachment-38531\" class=\"wp-image-38531 size-full\" src=\"https:\/\/www.monta\u00f1asdelaluna.es\/wp-content\/uploads\/2018\/03\/IMG_7134.jpg\" alt=\"Llegando a Sant Segimon\" width=\"1788\" height=\"1341\" srcset=\"https:\/\/www.monta\u00f1asdelaluna.es\/wp-content\/uploads\/2018\/03\/IMG_7134.jpg 1788w, https:\/\/www.monta\u00f1asdelaluna.es\/wp-content\/uploads\/2018\/03\/IMG_7134-300x225.jpg 300w, https:\/\/www.monta\u00f1asdelaluna.es\/wp-content\/uploads\/2018\/03\/IMG_7134-1024x768.jpg 1024w\" sizes=\"auto, (max-width: 1788px) 100vw, 1788px\" \/><\/a><p id=\"caption-attachment-38531\" class=\"wp-caption-text\">Llegando a Sant Segimon<\/p><\/div>\n<p>Las nieblas y nubes comienzan a invadir la cima del Matagalls mientras llegamos a ella por el Pla dels Ginebres. La nieve, a pesar de estar pisada, est\u00e1 blanda y sigue muy abundante por estos lares. Hay que abrir huella y esto hace que sea m\u00e1s esforzada la marcha, entre viento, frio y poca visibilidad\u2026 menos mal que el recorrido est\u00e1 pisado, trazado (mal pisado, sin seguir un carril de huellas) y m\u00e1s o menos reconozco el terreno por el que nos movemos.<\/p>\n<p>Poco antes de llegar a la famosa Cruz del Matagalls, no llegamos a verla por culpa de estas nubes cimeras que la cubren, y al llegar a ella parece que resoplamos salvados en la cumbre, despu\u00e9s de quedar invisible con la incertidumbre de cuando lleg\u00e1bamos a ella o d\u00f3nde estaba.<\/p>\n<div id=\"attachment_38532\" style=\"width: 832px\" class=\"wp-caption aligncenter\"><a class=\"dt-single-image\" href=\"https:\/\/www.monta\u00f1asdelaluna.es\/wp-content\/uploads\/2018\/03\/david-mikel-y-joaquin-en-la-cima-del-matagalls-1-696-mts.jpg\" data-dt-img-description=\"\"><img loading=\"lazy\" decoding=\"async\" aria-describedby=\"caption-attachment-38532\" class=\"wp-image-38532 \" src=\"https:\/\/www.monta\u00f1asdelaluna.es\/wp-content\/uploads\/2018\/03\/david-mikel-y-joaquin-en-la-cima-del-matagalls-1-696-mts.jpg\" alt=\"David, Mikel y Joaqu\u00edn en la cima del Matagalls, 1.696 mts.\" width=\"822\" height=\"1096\" srcset=\"https:\/\/www.monta\u00f1asdelaluna.es\/wp-content\/uploads\/2018\/03\/david-mikel-y-joaquin-en-la-cima-del-matagalls-1-696-mts.jpg 1341w, https:\/\/www.monta\u00f1asdelaluna.es\/wp-content\/uploads\/2018\/03\/david-mikel-y-joaquin-en-la-cima-del-matagalls-1-696-mts-225x300.jpg 225w, https:\/\/www.monta\u00f1asdelaluna.es\/wp-content\/uploads\/2018\/03\/david-mikel-y-joaquin-en-la-cima-del-matagalls-1-696-mts-768x1024.jpg 768w\" sizes=\"auto, (max-width: 822px) 100vw, 822px\" \/><\/a><p id=\"caption-attachment-38532\" class=\"wp-caption-text\">David, Mikel y Joaqu\u00edn en la cima del Matagalls, 1.696 mts.<\/p><\/div>\n<div id=\"attachment_38537\" style=\"width: 1798px\" class=\"wp-caption aligncenter\"><a class=\"dt-single-image\" href=\"https:\/\/www.monta\u00f1asdelaluna.es\/wp-content\/uploads\/2018\/03\/IMG_7145.jpg\" data-dt-img-description=\"\"><img loading=\"lazy\" decoding=\"async\" aria-describedby=\"caption-attachment-38537\" class=\"wp-image-38537 size-full\" src=\"https:\/\/www.monta\u00f1asdelaluna.es\/wp-content\/uploads\/2018\/03\/IMG_7145.jpg\" alt=\"Bajando a Coll Preg\u00f3n\" width=\"1788\" height=\"1341\" srcset=\"https:\/\/www.monta\u00f1asdelaluna.es\/wp-content\/uploads\/2018\/03\/IMG_7145.jpg 1788w, https:\/\/www.monta\u00f1asdelaluna.es\/wp-content\/uploads\/2018\/03\/IMG_7145-300x225.jpg 300w, https:\/\/www.monta\u00f1asdelaluna.es\/wp-content\/uploads\/2018\/03\/IMG_7145-1024x768.jpg 1024w\" sizes=\"auto, (max-width: 1788px) 100vw, 1788px\" \/><\/a><p id=\"caption-attachment-38537\" class=\"wp-caption-text\">Bajando a Coll Preg\u00f3n<\/p><\/div>\n<p>Fotos y felicitaciones. Pero no podemos admirar demasiado el paisaje por culpa de las abundantes nubes. Sube gente por el lado de Sant Mar\u00e7al, desde Coll Preg\u00f3n, equipados y abrigados\u2026 realmente estamos en un clima de fr\u00eda monta\u00f1a. Y viendo que las nubes y nieblas cubren la monta\u00f1a, me decido a no bajar por el lado paralelo a la bajada que hice hace unas semanas, por la loma que acaba en el Tur\u00f3 Gros del Pujol, para luego bajar por la Font Rupitosa hacia la Font de Llops\u2026 y seguir alg\u00fan otro recorrido realizado hasta enlazarlo con la bajada a Viladrau\u2026 con mis compa\u00f1eros no ser\u00eda buena idea perder el camino o perder tiempo buscando el recorrido o hacer huella en la nieve virgen\u2026 por ello me decido por otro recorrido m\u00e1s transitado y ya realizado, descrito en otros relatos\u2026 tampoco quer\u00eda volver a hacer la bajada de hace unas semanas, quer\u00eda pasar y visitar otros lugares del Montseny bellos y preciosos que hace tiempo no visito.<\/p>\n<p>Con lo que despu\u00e9s de poco tiempo en la fr\u00eda cima del Matagalls, emprendemos la bajada por donde sub\u00eda la gente, hacia el sureste en busca de Coll Preg\u00f3n, realizando la misma ruta descrita en el relato <a href=\"https:\/\/www.monta\u00f1asdelaluna.es\/?p=22539\" target=\"_blank\" rel=\"noopener\">Matagalls. El bosque animado<\/a> pero al rev\u00e9s, en lugar de subir al Matagalls, bajando del Matagalls.<\/p>\n<div id=\"attachment_38539\" style=\"width: 1034px\" class=\"wp-caption aligncenter\"><a class=\"dt-single-image\" href=\"https:\/\/www.monta\u00f1asdelaluna.es\/wp-content\/uploads\/2018\/03\/IMG_7149.jpg\" data-dt-img-description=\"\"><img loading=\"lazy\" decoding=\"async\" aria-describedby=\"caption-attachment-38539\" class=\"wp-image-38539 size-large\" src=\"https:\/\/www.monta\u00f1asdelaluna.es\/wp-content\/uploads\/2018\/03\/IMG_7149-1024x768.jpg\" alt=\"David y Mikel bajando a Coll Preg\u00f3n\" width=\"1024\" height=\"768\" srcset=\"https:\/\/www.monta\u00f1asdelaluna.es\/wp-content\/uploads\/2018\/03\/IMG_7149-1024x768.jpg 1024w, https:\/\/www.monta\u00f1asdelaluna.es\/wp-content\/uploads\/2018\/03\/IMG_7149-300x225.jpg 300w, https:\/\/www.monta\u00f1asdelaluna.es\/wp-content\/uploads\/2018\/03\/IMG_7149.jpg 1788w\" sizes=\"auto, (max-width: 1024px) 100vw, 1024px\" \/><\/a><p id=\"caption-attachment-38539\" class=\"wp-caption-text\">David y Mikel bajando a Coll Preg\u00f3n<\/p><\/div>\n<div id=\"attachment_38541\" style=\"width: 1798px\" class=\"wp-caption aligncenter\"><a class=\"dt-single-image\" href=\"https:\/\/www.monta\u00f1asdelaluna.es\/wp-content\/uploads\/2018\/03\/IMG_7153.jpg\" data-dt-img-description=\"\"><img loading=\"lazy\" decoding=\"async\" aria-describedby=\"caption-attachment-38541\" class=\"wp-image-38541 size-full\" src=\"https:\/\/www.monta\u00f1asdelaluna.es\/wp-content\/uploads\/2018\/03\/IMG_7153.jpg\" alt=\"Llegando a Coll Preg\u00f3n\" width=\"1788\" height=\"1004\" srcset=\"https:\/\/www.monta\u00f1asdelaluna.es\/wp-content\/uploads\/2018\/03\/IMG_7153.jpg 1788w, https:\/\/www.monta\u00f1asdelaluna.es\/wp-content\/uploads\/2018\/03\/IMG_7153-300x168.jpg 300w, https:\/\/www.monta\u00f1asdelaluna.es\/wp-content\/uploads\/2018\/03\/IMG_7153-1024x575.jpg 1024w\" sizes=\"auto, (max-width: 1788px) 100vw, 1788px\" \/><\/a><p id=\"caption-attachment-38541\" class=\"wp-caption-text\">Llegando a Coll Preg\u00f3n<\/p><\/div>\n<p>Despu\u00e9s de recorrer algo la cima bajando del Matagalls entre las pisadas y la senda escondida en la nieve hacia el sureste, nos internamos en el estupendo hayedo, lleno de abundante nieve que habita este lugar. Es fant\u00e1stico y precioso tambi\u00e9n: entre la blanca y vaporosa niebla, la blanca y esponjosa nieve, los altos, espl\u00e9ndidos y casi amenazadores troncos y ramas limpias de hojas\u2026 frondoso, m\u00e1gico, impresionante\u2026 bajamos corriendo, riendo entre la nieve y la suave pero contundente pendiente entre el hayedo; hasta un claro de pendiente m\u00e1s suave: Coll Preg\u00f3n (1.532 mts.)\u2026 reconozco la piedra, el menhir, del centro de lo que ser\u00eda el collado, el prado.<\/p>\n<p>En el nublado y muy nevado Coll Preg\u00f3n giramos hacia la izquierda y abajo, en busca de la Font de Mosquits, por una senda o huella marcada en la abundante nieve y en la vertical vertiente entre otro enorme y magn\u00edfico hayedo\u2026 es la umbr\u00eda del Matagalls..<\/p>\n<div id=\"attachment_38543\" style=\"width: 1798px\" class=\"wp-caption aligncenter\"><a class=\"dt-single-image\" href=\"https:\/\/www.monta\u00f1asdelaluna.es\/wp-content\/uploads\/2018\/03\/david-y-mikel-llegando-a-coll-pregon.jpg\" data-dt-img-description=\"\"><img loading=\"lazy\" decoding=\"async\" aria-describedby=\"caption-attachment-38543\" class=\"wp-image-38543 size-full\" src=\"https:\/\/www.monta\u00f1asdelaluna.es\/wp-content\/uploads\/2018\/03\/david-y-mikel-llegando-a-coll-pregon.jpg\" alt=\"David y Mikel llegando a Coll Preg\u00f3n\" width=\"1788\" height=\"1341\" srcset=\"https:\/\/www.monta\u00f1asdelaluna.es\/wp-content\/uploads\/2018\/03\/david-y-mikel-llegando-a-coll-pregon.jpg 1788w, https:\/\/www.monta\u00f1asdelaluna.es\/wp-content\/uploads\/2018\/03\/david-y-mikel-llegando-a-coll-pregon-300x225.jpg 300w, https:\/\/www.monta\u00f1asdelaluna.es\/wp-content\/uploads\/2018\/03\/david-y-mikel-llegando-a-coll-pregon-1024x768.jpg 1024w\" sizes=\"auto, (max-width: 1788px) 100vw, 1788px\" \/><\/a><p id=\"caption-attachment-38543\" class=\"wp-caption-text\">David y Mikel llegando a Coll Preg\u00f3n<\/p><\/div>\n<div id=\"attachment_38544\" style=\"width: 1034px\" class=\"wp-caption aligncenter\"><a class=\"dt-single-image\" href=\"https:\/\/www.monta\u00f1asdelaluna.es\/wp-content\/uploads\/2018\/03\/IMG_7157.jpg\" data-dt-img-description=\"\"><img loading=\"lazy\" decoding=\"async\" aria-describedby=\"caption-attachment-38544\" class=\"wp-image-38544 size-large\" src=\"https:\/\/www.monta\u00f1asdelaluna.es\/wp-content\/uploads\/2018\/03\/IMG_7157-1024x768.jpg\" alt=\"David y Mikel llegando a Coll Preg\u00f3n\" width=\"1024\" height=\"768\" srcset=\"https:\/\/www.monta\u00f1asdelaluna.es\/wp-content\/uploads\/2018\/03\/IMG_7157-1024x768.jpg 1024w, https:\/\/www.monta\u00f1asdelaluna.es\/wp-content\/uploads\/2018\/03\/IMG_7157-300x225.jpg 300w, https:\/\/www.monta\u00f1asdelaluna.es\/wp-content\/uploads\/2018\/03\/IMG_7157.jpg 1788w\" sizes=\"auto, (max-width: 1024px) 100vw, 1024px\" \/><\/a><p id=\"caption-attachment-38544\" class=\"wp-caption-text\">David y Mikel llegando a Coll Preg\u00f3n<\/p><\/div>\n<p>Llegados a la Font de Mosquits, pensando, sin mirar el mapa Alpina, que es la Font de Llops, cogemos el camino (medio enterrado en la nieve) que sale a la derecha de la misma fuente, y se dirige hacia la salida de la monta\u00f1a, en busca de su cordal que viene del Coll Bordoriol y los Colls de Sab\u00e8nia. Al tiempo, el camino desemboca en otro m\u00e1s marcado y en unas se\u00f1alizaciones. Ahora veo el recorrido que hemos hecho y el lugar en el que nos encontramos: Coll de Sab\u00e8nia (1.275 mts.), poco m\u00e1s abajo siguiendo el nuevo camino, pista, hacia la izquierda y abajo.<\/p>\n<p>No dejamos de realizar la ruta <a href=\"https:\/\/www.monta\u00f1asdelaluna.es\/?p=22539\" target=\"_blank\" rel=\"noopener\">Matagalls. El bosque animado<\/a> pero al rev\u00e9s, de bajada en lugar de subida, del Matagalls a Coll Preg\u00f3n, de bajada. Aunque al llegar a la cerrada curva del Coll Sab\u00e8nia de Baix, decido intentar el recorrido por la senda que acorta el camino sin hacer el zigzag del mismo. Mis compa\u00f1eros no est\u00e1n muy convencidos pero me siguen. Al cabo de un tiempo pierdo el recorrido pisado en la nieve y debemos volver por otro camino que cruza de izquierda a derecha, para volver, a la derecha, al camino que baja a Coll Bordoriol y que hemos dejado antes por no hacer su zigzag. Mucha nieve sin huella, caminando torpemente casi monte a trav\u00e9s\u2026 mejor dejar \u201cexperimentos\u201d y volver al camino. Mis compa\u00f1eros lo agradecen; y en las horas y momento del recorrido, sobra este tipo de \u201caventura\u201d.<\/p>\n<div id=\"attachment_38547\" style=\"width: 1034px\" class=\"wp-caption aligncenter\"><a class=\"dt-single-image\" href=\"https:\/\/www.monta\u00f1asdelaluna.es\/wp-content\/uploads\/2018\/03\/cercanias-de-la-font-de-mosquits.jpg\" data-dt-img-description=\"\"><img loading=\"lazy\" decoding=\"async\" aria-describedby=\"caption-attachment-38547\" class=\"wp-image-38547 size-large\" src=\"https:\/\/www.monta\u00f1asdelaluna.es\/wp-content\/uploads\/2018\/03\/cercanias-de-la-font-de-mosquits-1024x768.jpg\" alt=\"Cercan\u00edas de la Font de Mosquits\" width=\"1024\" height=\"768\" srcset=\"https:\/\/www.monta\u00f1asdelaluna.es\/wp-content\/uploads\/2018\/03\/cercanias-de-la-font-de-mosquits-1024x768.jpg 1024w, https:\/\/www.monta\u00f1asdelaluna.es\/wp-content\/uploads\/2018\/03\/cercanias-de-la-font-de-mosquits-300x225.jpg 300w, https:\/\/www.monta\u00f1asdelaluna.es\/wp-content\/uploads\/2018\/03\/cercanias-de-la-font-de-mosquits.jpg 1788w\" sizes=\"auto, (max-width: 1024px) 100vw, 1024px\" \/><\/a><p id=\"caption-attachment-38547\" class=\"wp-caption-text\">Cercan\u00edas de la Font de Mosquits<\/p><\/div>\n<p>Antes de llegar a Coll Bordoriol y una vez pasado Coll de Joan, al otro lado de una casa que queda a la izquierda del camino (Corral de La Vila) y otro Tur\u00f3 Gros (el montecillo detr\u00e1s de la casa), dejamos el camino, la pista hacia el mismo Coll Bordoriol en una curva muy cerrada, para seguir otro camino a la izquierda que baja intentando internarse en otra parte del estupendo hayedo y encinar de este lado de la monta\u00f1a. Las altas cimas y laderas del Matagalls ya las hemos dejado atr\u00e1s, bajando por en medio del vallecillo que baja de Coll Preg\u00f3n hacia Viladrau\u2026 ahora seguimos o intentaremos seguir el recorrido relatado en <a href=\"https:\/\/www.monta\u00f1asdelaluna.es\/?p=23942\" target=\"_blank\" rel=\"noopener\">Umbr\u00eda del Matagalls<\/a> en busca del famoso Castanyer de Les Nou Branques, camino de Viladrau, quer\u00eda present\u00e1rselo, ense\u00f1\u00e1rselo, a mis compa\u00f1eros.<\/p>\n<p>Pero no es f\u00e1cil acordarse de los caminos que seguimos en el relato antes indicado. Solo que hay que bajar algo en direcci\u00f3n oeste, hasta llegar a una curva o cruce de caminos, entonces seguir por el camino hacia la derecha y norte, noroeste, que sigue por toda la amplia falda de esta monta\u00f1a, mientras baja poco a poco.<\/p>\n<p>El mapa Alpina lo intenta explicar bien. En uno de los cruces entre que sigo mi intuici\u00f3n y el mismo mapa, seguimos por la derecha hacia abajo. Pero este camino nos llev\u00f3 hasta las inmediaciones de una fuente y el mencionado cruce que nos debe de hacer girar y cambiar de direcci\u00f3n. Cre\u00eda que era la Font de l\u2019Acl\u00e1ntida, pero al bajar a ella y leer el texto en una piedra junto a un banco de madera y un espacio llano delante de la misma fuente, compruebo que es la Font de Felip Grauges\u2026 me he pasado. No pasa nada, seguimos el camino que pasa por arriba del mismo con el giro y direcci\u00f3n requerida ya referida.<\/p>\n<div id=\"attachment_38549\" style=\"width: 1034px\" class=\"wp-caption aligncenter\"><a class=\"dt-single-image\" href=\"https:\/\/www.monta\u00f1asdelaluna.es\/wp-content\/uploads\/2018\/03\/mikel-camino-de-los-colls-de-sabenia.jpg\" data-dt-img-description=\"\"><img loading=\"lazy\" decoding=\"async\" aria-describedby=\"caption-attachment-38549\" class=\"wp-image-38549 size-large\" src=\"https:\/\/www.monta\u00f1asdelaluna.es\/wp-content\/uploads\/2018\/03\/mikel-camino-de-los-colls-de-sabenia-1024x768.jpg\" alt=\"Mikel camino de los Colls de Sab\u00e8nia\" width=\"1024\" height=\"768\" srcset=\"https:\/\/www.monta\u00f1asdelaluna.es\/wp-content\/uploads\/2018\/03\/mikel-camino-de-los-colls-de-sabenia-1024x768.jpg 1024w, https:\/\/www.monta\u00f1asdelaluna.es\/wp-content\/uploads\/2018\/03\/mikel-camino-de-los-colls-de-sabenia-300x225.jpg 300w, https:\/\/www.monta\u00f1asdelaluna.es\/wp-content\/uploads\/2018\/03\/mikel-camino-de-los-colls-de-sabenia.jpg 1788w\" sizes=\"auto, (max-width: 1024px) 100vw, 1024px\" \/><\/a><p id=\"caption-attachment-38549\" class=\"wp-caption-text\">Mikel camino de los Colls de Sab\u00e8nia<\/p><\/div>\n<div id=\"attachment_38552\" style=\"width: 1798px\" class=\"wp-caption aligncenter\"><a class=\"dt-single-image\" href=\"https:\/\/www.monta\u00f1asdelaluna.es\/wp-content\/uploads\/2018\/03\/cercanias-de-coll-de-joan.jpg\" data-dt-img-description=\"\"><img loading=\"lazy\" decoding=\"async\" aria-describedby=\"caption-attachment-38552\" class=\"wp-image-38552 size-full\" src=\"https:\/\/www.monta\u00f1asdelaluna.es\/wp-content\/uploads\/2018\/03\/cercanias-de-coll-de-joan.jpg\" alt=\"Cercan\u00edas de Coll de Joan\" width=\"1788\" height=\"1341\" srcset=\"https:\/\/www.monta\u00f1asdelaluna.es\/wp-content\/uploads\/2018\/03\/cercanias-de-coll-de-joan.jpg 1788w, https:\/\/www.monta\u00f1asdelaluna.es\/wp-content\/uploads\/2018\/03\/cercanias-de-coll-de-joan-300x225.jpg 300w, https:\/\/www.monta\u00f1asdelaluna.es\/wp-content\/uploads\/2018\/03\/cercanias-de-coll-de-joan-1024x768.jpg 1024w\" sizes=\"auto, (max-width: 1788px) 100vw, 1788px\" \/><\/a><p id=\"caption-attachment-38552\" class=\"wp-caption-text\">Cercan\u00edas de Coll de Joan<\/p><\/div>\n<p>Nos paramos unos momentos junto a la fuente, bebemos agua, la saboreamos, leemos el poema, el texto en la piedra, y seguimos camino abajo. El tiempo sigue nublado, ya es tarde y no hemos parado a comer; pero por miedo a que nos llueva, decidimos buscar \u201crefugio\u201d en Viladrau e intentar llegar lo antes posible a la encantadora poblaci\u00f3n.<\/p>\n<p>Este recorrido me suena: un camino que sigue casi aburrido y eterno (a estas horas del recorrido) en busca del fondo del valle (sin prisas) y de salir de las verticales vertientes boscosas de la monta\u00f1a, del Montseny. Nos encontramos cruces y otros caminos, siempre debemos de seguir el principal, sin desviarnos a subir o bajar por otros caminos menos principales, o seguir por otro m\u00e1s principal si \u00e9ste desemboca en \u00e9l\u2026 la direcci\u00f3n ser\u00e1 siempre al principio noroeste, pero una vez girada la curva del valle por el que seguimos, giramos a noreste, norte\u2026<\/p>\n<p>Y esta aburrida pista (ahora), desemboca en otra m\u00e1s principal en la que ya encontramos postes indicadores de recorridos\u2026 m\u00e1s concretamente el que hace el recorrido circular entre Viladrau y el Castanyer de Les Nou Branques. Ya reconozco el lugar. Giramos a la izquierda, como si quisi\u00e9ramos volver a la monta\u00f1a, pero en pocos metros y mirando a la derecha desde la pista, ya comenzamos a ver los grandes casta\u00f1ares y senditas que se meten entre ellos para llegar al gran Castanyer de Les Nou Branques. As\u00ed pues nos metemos por aqu\u00ed y bajamos entre otros casta\u00f1os hasta la misma vallita que rodea y protege al gran Castanyer de Les Nou Branques. Mis compa\u00f1eros admiran y observan el lugar, el magn\u00edfico ejemplar\u2026 pero parece que tiene menos ramas\u2026<\/p>\n<div id=\"attachment_38553\" style=\"width: 1034px\" class=\"wp-caption aligncenter\"><a class=\"dt-single-image\" href=\"https:\/\/www.monta\u00f1asdelaluna.es\/wp-content\/uploads\/2018\/03\/font-de-felip-grauges.jpg\" data-dt-img-description=\"\"><img loading=\"lazy\" decoding=\"async\" aria-describedby=\"caption-attachment-38553\" class=\"wp-image-38553 size-large\" src=\"https:\/\/www.monta\u00f1asdelaluna.es\/wp-content\/uploads\/2018\/03\/font-de-felip-grauges-1024x768.jpg\" alt=\"Font de Felip Graug\u00e9s\" width=\"1024\" height=\"768\" srcset=\"https:\/\/www.monta\u00f1asdelaluna.es\/wp-content\/uploads\/2018\/03\/font-de-felip-grauges-1024x768.jpg 1024w, https:\/\/www.monta\u00f1asdelaluna.es\/wp-content\/uploads\/2018\/03\/font-de-felip-grauges-300x225.jpg 300w, https:\/\/www.monta\u00f1asdelaluna.es\/wp-content\/uploads\/2018\/03\/font-de-felip-grauges.jpg 1788w\" sizes=\"auto, (max-width: 1024px) 100vw, 1024px\" \/><\/a><p id=\"caption-attachment-38553\" class=\"wp-caption-text\">Font de Felip Graug\u00e9s<\/p><\/div>\n<div id=\"attachment_38555\" style=\"width: 1034px\" class=\"wp-caption aligncenter\"><a class=\"dt-single-image\" href=\"https:\/\/www.monta\u00f1asdelaluna.es\/wp-content\/uploads\/2018\/03\/castanyer-de-les-nou-branques.jpg\" data-dt-img-description=\"\"><img loading=\"lazy\" decoding=\"async\" aria-describedby=\"caption-attachment-38555\" class=\"wp-image-38555 size-large\" src=\"https:\/\/www.monta\u00f1asdelaluna.es\/wp-content\/uploads\/2018\/03\/castanyer-de-les-nou-branques-1024x768.jpg\" alt=\"Castanyer de Les Nou Branques\" width=\"1024\" height=\"768\" srcset=\"https:\/\/www.monta\u00f1asdelaluna.es\/wp-content\/uploads\/2018\/03\/castanyer-de-les-nou-branques-1024x768.jpg 1024w, https:\/\/www.monta\u00f1asdelaluna.es\/wp-content\/uploads\/2018\/03\/castanyer-de-les-nou-branques-300x225.jpg 300w, https:\/\/www.monta\u00f1asdelaluna.es\/wp-content\/uploads\/2018\/03\/castanyer-de-les-nou-branques.jpg 1788w\" sizes=\"auto, (max-width: 1024px) 100vw, 1024px\" \/><\/a><p id=\"caption-attachment-38555\" class=\"wp-caption-text\">Castanyer de Les Nou Branques<\/p><\/div>\n<p>Son entre las 3 y 3,30 de la tarde y el hambre ya se hace notable. Mikel dice de comer algo y sacamos los bocadillos y comida que hemos dejado para la comida del mediod\u00eda. El d\u00eda sigue nublado pero no parece que quiera amenazar lluvia. La nieve y las nieblas las hemos dejado ya muy atr\u00e1s, casi en las inmediaciones de la desconocida Font de Felip Grauges, y ahora estamos m\u00e1s tranquilos. Un poco de descanso, fotos y ya dejamos el rinc\u00f3n del Castanyer de Les Nou Branques para acercarnos al cercano Viladrau, y ahora dejaremos el recorrido relatado en <a href=\"https:\/\/www.monta\u00f1asdelaluna.es\/?p=23942\" target=\"_blank\" rel=\"noopener\">Umbr\u00eda del Matagalls <\/a>para tocar nuevos caminos y terreno sin pisar, sin conocer, aunque corto para llegar a Viladrau: del Castanyer de Les Nou Branques a Viladrau.<\/p>\n<p>Pero en lugar de coger la aburrida y dura pista, seguimos un caminito marcado que sale justo hacia el norte desde el mismo casta\u00f1o, girando a la derecha desde donde hemos llegado al mismo. Este caminito hace una curva y sube una loma de repente. Arriba de la loma la pista que se asfalta o cementa, ya muy cerca de las primeras casas de Viladrau\u2026 La Vila, arriba de esta loma, enfrente seg\u00fan nos topamos con la pista. Seguimos a la izquierda por la pista, que al poco deja los verdes prados y gira hacia el norte meti\u00e9ndose entre esas primeras casas de Viladrau. Antes hemos hecho las \u00faltimas fotos hacia la monta\u00f1a, el Montseny y su altivo Matagalls, aun cubierto y precioso desde aqu\u00ed\u2026 un paisaje decididamente hermoso de verdor, monta\u00f1a y agua, lluvia, vida\u2026<\/p>\n<div id=\"attachment_38557\" style=\"width: 1034px\" class=\"wp-caption aligncenter\"><a class=\"dt-single-image\" href=\"https:\/\/www.monta\u00f1asdelaluna.es\/wp-content\/uploads\/2018\/03\/david-mikel-y-joaquin-en-el-castanyer-de-les-nou-branques.jpg\" data-dt-img-description=\"\"><img loading=\"lazy\" decoding=\"async\" aria-describedby=\"caption-attachment-38557\" class=\"wp-image-38557 size-large\" src=\"https:\/\/www.monta\u00f1asdelaluna.es\/wp-content\/uploads\/2018\/03\/david-mikel-y-joaquin-en-el-castanyer-de-les-nou-branques-1024x768.jpg\" alt=\"David, Mikel y Joaqu\u00edn en el Castanyer de Les Nou Branques\" width=\"1024\" height=\"768\" srcset=\"https:\/\/www.monta\u00f1asdelaluna.es\/wp-content\/uploads\/2018\/03\/david-mikel-y-joaquin-en-el-castanyer-de-les-nou-branques-1024x768.jpg 1024w, https:\/\/www.monta\u00f1asdelaluna.es\/wp-content\/uploads\/2018\/03\/david-mikel-y-joaquin-en-el-castanyer-de-les-nou-branques-300x225.jpg 300w, https:\/\/www.monta\u00f1asdelaluna.es\/wp-content\/uploads\/2018\/03\/david-mikel-y-joaquin-en-el-castanyer-de-les-nou-branques.jpg 1788w\" sizes=\"auto, (max-width: 1024px) 100vw, 1024px\" \/><\/a><p id=\"caption-attachment-38557\" class=\"wp-caption-text\">David, Mikel y Joaqu\u00edn en el Castanyer de Les Nou Branques<\/p><\/div>\n<div id=\"attachment_38559\" style=\"width: 1798px\" class=\"wp-caption aligncenter\"><a class=\"dt-single-image\" href=\"https:\/\/www.monta\u00f1asdelaluna.es\/wp-content\/uploads\/2018\/03\/IMG_7183.jpg\" data-dt-img-description=\"\"><img loading=\"lazy\" decoding=\"async\" aria-describedby=\"caption-attachment-38559\" class=\"wp-image-38559 size-full\" src=\"https:\/\/www.monta\u00f1asdelaluna.es\/wp-content\/uploads\/2018\/03\/IMG_7183.jpg\" alt=\"Llegando a Viladrau, vistas hacia el Montseny\" width=\"1788\" height=\"1341\" srcset=\"https:\/\/www.monta\u00f1asdelaluna.es\/wp-content\/uploads\/2018\/03\/IMG_7183.jpg 1788w, https:\/\/www.monta\u00f1asdelaluna.es\/wp-content\/uploads\/2018\/03\/IMG_7183-300x225.jpg 300w, https:\/\/www.monta\u00f1asdelaluna.es\/wp-content\/uploads\/2018\/03\/IMG_7183-1024x768.jpg 1024w\" sizes=\"auto, (max-width: 1788px) 100vw, 1788px\" \/><\/a><p id=\"caption-attachment-38559\" class=\"wp-caption-text\">Llegando a Viladrau, vistas hacia el Montseny<\/p><\/div>\n<p>Entramos entre las primeras casas y construcciones de Viladrau. No hacemos caso a la calle que sale a la izquierda y que seg\u00fan el Alpina nos lleva al lugar del Pla de Montfalc\u00f3, para seguir hacia el norte, m\u00e1s adentro de la poblaci\u00f3n, para despu\u00e9s girar por otra calle, entre subibajas, a la izquierda en busca de nuestra redonda, cerca de donde hemos dejado el coche, parking para caravanas y casa de la asociaci\u00f3n de monta\u00f1a, pasando por la zona de casas que llaman Can Busquets.<\/p>\n<p>Acabamos as\u00ed esta segunda ascensi\u00f3n al Matagalls desde Viladrau, por un paseo por algunos rincones y casas de la poblaci\u00f3n que, hay que decirlo, me ha sorprendido y encantado; diferentes, originales y encantadoras casas de estilo se\u00f1orial, burgu\u00e9s, como de cuento, \u201cg\u00f3tico contempor\u00e1neo\u201d, modernista y a la vez simp\u00e1ticas, cercanas\u2026 como si pudiera ser tu misma casa; con \u00e1rboles, vegetaci\u00f3n, altos abetos, estupendas encinas\u2026 salpicadas casi sin orden o no alineadas de forma que cada casa tiene su terreno, su perfil, sus formas, sus colores, sus tejados, puertas y ventanas, su personalidad\u2026 m\u00e1s humildes o m\u00e1s ostentosas, pero bonitas y distinguidas casi todas\u2026 como siempre el Montseny, monta\u00f1a de magias, misticismo, bosques de escondidos y preciosos rincones, y Viladrau tan bonita como encantadora y original poblaci\u00f3n en sus faldas entre verdes prados, hayedos y casta\u00f1os centenarios\u2026 Impresionantes excursiones y recorridos\u2026 siempre para repetir.<\/p>\n<div id=\"attachment_38573\" style=\"width: 1164px\" class=\"wp-caption aligncenter\"><a class=\"dt-single-image\" href=\"https:\/\/www.monta\u00f1asdelaluna.es\/wp-content\/uploads\/2018\/03\/matagalls.2.croquis.web_.jpg\" data-dt-img-description=\"\"><img loading=\"lazy\" decoding=\"async\" aria-describedby=\"caption-attachment-38573\" class=\"wp-image-38573 size-full\" src=\"https:\/\/www.monta\u00f1asdelaluna.es\/wp-content\/uploads\/2018\/03\/matagalls.2.croquis.web_.jpg\" alt=\"Croquis del recorrido y ascensi\u00f3n al Matagalls desde Viladrau, bajando por la Font de Mosquits, Coll Preg\u00f3n, Castanyer de Les Nou Branques.\" width=\"1154\" height=\"1317\" srcset=\"https:\/\/www.monta\u00f1asdelaluna.es\/wp-content\/uploads\/2018\/03\/matagalls.2.croquis.web_.jpg 1154w, https:\/\/www.monta\u00f1asdelaluna.es\/wp-content\/uploads\/2018\/03\/matagalls.2.croquis.web_-263x300.jpg 263w, https:\/\/www.monta\u00f1asdelaluna.es\/wp-content\/uploads\/2018\/03\/matagalls.2.croquis.web_-897x1024.jpg 897w\" sizes=\"auto, (max-width: 1154px) 100vw, 1154px\" \/><\/a><p id=\"caption-attachment-38573\" class=\"wp-caption-text\">Croquis del recorrido y ascensi\u00f3n al Matagalls desde Viladrau, bajando por la Font de Mosquits, Coll Preg\u00f3n, Castanyer de Les Nou Branques.<\/p><\/div>\n<p>[\/vc_column_text][\/vc_column][\/vc_row][vc_row][vc_column][vc_column_text]<\/p>\n<h3><\/h3>\n<h3 style=\"text-align: center;\"><strong>Bajada por el Tur\u00f3 Gros del Pujol y La Goitadora.<\/strong><\/h3>\n<p>&nbsp;<\/p>\n<p>\u201cCom que no coneixes el nom d\u2019aquesta pujada?\u201d me dec\u00eda un se\u00f1or mayor que llegaba a la cima del Matagalls cuando yo emprend\u00eda la bajada en solitario desde la misma cima. \u201cLa Goitadora. Hi ha una roca que fa de mirador al mig del recorregut, que le diuen La Goitadora\u201d \u2026 esto ocurri\u00f3 en la pasada nevada del Montseny el 11 de febrero del 2.023\u2026 Alg\u00fan tiempo atr\u00e1s ya hab\u00eda decidido buscar una bajada diferente, solitaria y m\u00e1s emocionante, para las veces que sub\u00eda al Matagalls desde Viladrau, y ya hab\u00eda hecho esta ruta de bajada\u2026 pero no conoc\u00eda como la llamaban.<\/p>\n<p>Despu\u00e9s de la subida ya contada y recontada, con lo mucho que me enamora, al Matagalls desde Viladrau por Sant Segimon, ya hab\u00eda bajado por varios lugares en busca de Viladrau: por el Coll d\u2019Ordials, por la Font dels Mosquits\u2026 pero me faltaba otra bajada.<\/p>\n<p>Todo viene por que en el mapa Alpina del Montseny descubro una sendilla que baja vertiginosa y casi paralela a la bajada del Coll d\u2019Ordials, pudiendo llegar incluso al mismo punto que baja la senda vertiginosa del Coll d\u2019Ordials, el Pla de Malataup. O girar a la derecha y sureste en busca de la umbr\u00eda del Matagalls y la Font Rupitosa. Ten\u00eda que bajar por ah\u00ed, parec\u00eda muy bien marcado en el mapa.<\/p>\n<div id=\"attachment_52003\" style=\"width: 1810px\" class=\"wp-caption aligncenter\"><a class=\"dt-pswp-item\" href=\"https:\/\/www.monta\u00f1asdelaluna.es\/wp-content\/uploads\/2018\/03\/P2111059.jpg\" data-dt-img-description=\"\" data-large_image_width=\"1800\" data-large_image_height=\"1202\"><img loading=\"lazy\" decoding=\"async\" aria-describedby=\"caption-attachment-52003\" class=\"wp-image-52003 \" src=\"https:\/\/www.monta\u00f1asdelaluna.es\/wp-content\/uploads\/2018\/03\/P2111059-1024x684.jpg\" alt=\"Llegando a Can Gat, detr\u00e1s el Tur\u00f3 de Sant Miquel y de Collsaprunera\" width=\"820\" height=\"548\" srcset=\"https:\/\/www.monta\u00f1asdelaluna.es\/wp-content\/uploads\/2018\/03\/P2111059-1024x684.jpg 1024w, https:\/\/www.monta\u00f1asdelaluna.es\/wp-content\/uploads\/2018\/03\/P2111059-300x200.jpg 300w, https:\/\/www.monta\u00f1asdelaluna.es\/wp-content\/uploads\/2018\/03\/P2111059-768x513.jpg 768w, https:\/\/www.monta\u00f1asdelaluna.es\/wp-content\/uploads\/2018\/03\/P2111059-1536x1026.jpg 1536w, https:\/\/www.monta\u00f1asdelaluna.es\/wp-content\/uploads\/2018\/03\/P2111059.jpg 1800w\" sizes=\"auto, (max-width: 820px) 100vw, 820px\" \/><\/a><p id=\"caption-attachment-52003\" class=\"wp-caption-text\">Llegando a Can Gat, detr\u00e1s el Tur\u00f3 de Sant Miquel y de Collsaprunera<\/p><\/div>\n<div id=\"attachment_52004\" style=\"width: 1810px\" class=\"wp-caption aligncenter\"><a class=\"dt-pswp-item\" href=\"https:\/\/www.monta\u00f1asdelaluna.es\/wp-content\/uploads\/2018\/03\/P2111069.jpg\" data-dt-img-description=\"\" data-large_image_width=\"1800\" data-large_image_height=\"1202\"><img loading=\"lazy\" decoding=\"async\" aria-describedby=\"caption-attachment-52004\" class=\"wp-image-52004 \" src=\"https:\/\/www.monta\u00f1asdelaluna.es\/wp-content\/uploads\/2018\/03\/P2111069-1024x684.jpg\" alt=\"L'Oratori\" width=\"820\" height=\"548\" srcset=\"https:\/\/www.monta\u00f1asdelaluna.es\/wp-content\/uploads\/2018\/03\/P2111069-1024x684.jpg 1024w, https:\/\/www.monta\u00f1asdelaluna.es\/wp-content\/uploads\/2018\/03\/P2111069-300x200.jpg 300w, https:\/\/www.monta\u00f1asdelaluna.es\/wp-content\/uploads\/2018\/03\/P2111069-768x513.jpg 768w, https:\/\/www.monta\u00f1asdelaluna.es\/wp-content\/uploads\/2018\/03\/P2111069-1536x1026.jpg 1536w, https:\/\/www.monta\u00f1asdelaluna.es\/wp-content\/uploads\/2018\/03\/P2111069.jpg 1800w\" sizes=\"auto, (max-width: 820px) 100vw, 820px\" \/><\/a><p id=\"caption-attachment-52004\" class=\"wp-caption-text\">L&#8217;Oratori<\/p><\/div>\n<p>El comienzo es sencillo: era seguir la loma cimera que desde la misma cima del Matagalls sigue hacia el norte, siguiendo su parte m\u00e1s alta hasta las proximidades de una cimita que llaman Tur\u00f3 Gros del Pujol; loma que no hay que confundir con la que queda algo m\u00e1s a la izquierda y paralela, y es la que se acerca al Tur\u00f3 del Mig y Coll d\u2019Ordials. Un peque\u00f1o vallecillo o barranquito los diferencia y separa con mucha evidencia. No tiene p\u00e9rdida.<\/p>\n<p>El pasado 19 de septiembre del 2.019 pas\u00e9, antes de llegar a las inmediaciones del Tur\u00f3 Gros del Pujol y justo bajando de la cima del Matagalls, bajando un poco m\u00e1s a la izquierda, junto al peque\u00f1o curso de agua, para visitar el monolito de la Font dels Cims, con su particular \u201cmonigote\u201d en lo alto del mismo. Hay una tradici\u00f3n de visitar las fuentes del Montseny, como ya hab\u00e9is podido comprobar en el relato de la <a href=\"https:\/\/www.monta\u00f1asdelaluna.es\/?p=33374\" target=\"_blank\" rel=\"noopener\">Fonts del Matagalls<\/a>. Y despu\u00e9s de comprobar el estado de la fuente, sigo en busca del Tur\u00f3 Gros del Pujol y su colladito previo.<\/p>\n<div id=\"attachment_52005\" style=\"width: 1810px\" class=\"wp-caption aligncenter\"><a class=\"dt-pswp-item\" href=\"https:\/\/www.monta\u00f1asdelaluna.es\/wp-content\/uploads\/2018\/03\/P2111082.jpg\" data-dt-img-description=\"\" data-large_image_width=\"1800\" data-large_image_height=\"1202\"><img loading=\"lazy\" decoding=\"async\" aria-describedby=\"caption-attachment-52005\" class=\"wp-image-52005 \" src=\"https:\/\/www.monta\u00f1asdelaluna.es\/wp-content\/uploads\/2018\/03\/P2111082-1024x684.jpg\" alt=\"Hayedo de Sant Segimon\" width=\"820\" height=\"548\" srcset=\"https:\/\/www.monta\u00f1asdelaluna.es\/wp-content\/uploads\/2018\/03\/P2111082-1024x684.jpg 1024w, https:\/\/www.monta\u00f1asdelaluna.es\/wp-content\/uploads\/2018\/03\/P2111082-300x200.jpg 300w, https:\/\/www.monta\u00f1asdelaluna.es\/wp-content\/uploads\/2018\/03\/P2111082-768x513.jpg 768w, https:\/\/www.monta\u00f1asdelaluna.es\/wp-content\/uploads\/2018\/03\/P2111082-1536x1026.jpg 1536w, https:\/\/www.monta\u00f1asdelaluna.es\/wp-content\/uploads\/2018\/03\/P2111082.jpg 1800w\" sizes=\"auto, (max-width: 820px) 100vw, 820px\" \/><\/a><p id=\"caption-attachment-52005\" class=\"wp-caption-text\">Hayedo de Sant Segimon<\/p><\/div>\n<div id=\"attachment_52006\" style=\"width: 1810px\" class=\"wp-caption aligncenter\"><a class=\"dt-pswp-item\" href=\"https:\/\/www.monta\u00f1asdelaluna.es\/wp-content\/uploads\/2018\/03\/P2111096.jpg\" data-dt-img-description=\"\" data-large_image_width=\"1800\" data-large_image_height=\"1202\"><img loading=\"lazy\" decoding=\"async\" aria-describedby=\"caption-attachment-52006\" class=\"wp-image-52006 \" src=\"https:\/\/www.monta\u00f1asdelaluna.es\/wp-content\/uploads\/2018\/03\/P2111096-1024x684.jpg\" alt=\"Sant Segimon\" width=\"820\" height=\"548\" srcset=\"https:\/\/www.monta\u00f1asdelaluna.es\/wp-content\/uploads\/2018\/03\/P2111096-1024x684.jpg 1024w, https:\/\/www.monta\u00f1asdelaluna.es\/wp-content\/uploads\/2018\/03\/P2111096-300x200.jpg 300w, https:\/\/www.monta\u00f1asdelaluna.es\/wp-content\/uploads\/2018\/03\/P2111096-768x513.jpg 768w, https:\/\/www.monta\u00f1asdelaluna.es\/wp-content\/uploads\/2018\/03\/P2111096-1536x1026.jpg 1536w, https:\/\/www.monta\u00f1asdelaluna.es\/wp-content\/uploads\/2018\/03\/P2111096.jpg 1800w\" sizes=\"auto, (max-width: 820px) 100vw, 820px\" \/><\/a><p id=\"caption-attachment-52006\" class=\"wp-caption-text\">Sant Segimon<\/p><\/div>\n<p>Llegando al colladito parece que hay un hueco o salida a la derecha, pero quiero subir a la cima del Tur\u00f3 Gros del Pujol, y despu\u00e9s volver para descubrir la bajada. Las vistas desde este promontorio a 1.577 mts., tambi\u00e9n son impresionantes, teniendo como protagonistas la misma poblaci\u00f3n de Viladrau all\u00e1 abajo, y toda la extensa y frondosa ladera norte del Matagalls; incluyendo el recorrido vertiginoso de la bajada que tengo que hacer ahora.<\/p>\n<p>Despu\u00e9s de las fotos de rigor y cima, vuelvo al colladito y busco alguna se\u00f1al, marca o hito de piedra, y lo encuentro. Justo cuando la pendiente comienza a inclinarse notablemente, casi escondida entre las sombras, descubro un hito y una especie de marca en la tierra, o sendilla que se interna en el hayedo hacia la izquierda y adentro, a la vez que baja en diagonal, siguiendo otros hitos, y marcas azules en piedras o troncos de \u00e1rboles\u2026 he encontrado la bajada de La Goitadora.<\/p>\n<p>Al comenzar y bajo las pendientes del Tur\u00f3 Gros del Pujol, la senda es algo escarpada, entre \u00e1rboles, rocas y vertientes casi verticales. Y me encuentro con una cuevecilla o nicho, marcada por un murito de piedras: es La Bauma. Despu\u00e9s de pararme para las fotos, sigo bajando, siguiendo la senda con sus marcas azules con forma de C y alg\u00fan que otro peque\u00f1o hito de piedrecitas, entre una zona muy boscosa y extraordinaria, un hayedo incre\u00edble e impresionante. Solitario y casi salvaje, si no fuera por el paso el hombre con esta senda casi excavada en el terreno. Una ventana entre los \u00e1rboles me deja ver y fotografiar el resto del hayedo, del bosque, un manto enorme verde y vivo, fenomenal y magn\u00edfico.<\/p>\n<div id=\"attachment_52007\" style=\"width: 1810px\" class=\"wp-caption aligncenter\"><a class=\"dt-pswp-item\" href=\"https:\/\/www.monta\u00f1asdelaluna.es\/wp-content\/uploads\/2018\/03\/P2111108.jpg\" data-dt-img-description=\"\" data-large_image_width=\"1800\" data-large_image_height=\"1202\"><img loading=\"lazy\" decoding=\"async\" aria-describedby=\"caption-attachment-52007\" class=\"wp-image-52007\" src=\"https:\/\/www.monta\u00f1asdelaluna.es\/wp-content\/uploads\/2018\/03\/P2111108-1024x684.jpg\" alt=\"Joaqu\u00edn en la cima del Matagalls, 1.696 mts.\" width=\"820\" height=\"548\" srcset=\"https:\/\/www.monta\u00f1asdelaluna.es\/wp-content\/uploads\/2018\/03\/P2111108-1024x684.jpg 1024w, https:\/\/www.monta\u00f1asdelaluna.es\/wp-content\/uploads\/2018\/03\/P2111108-300x200.jpg 300w, https:\/\/www.monta\u00f1asdelaluna.es\/wp-content\/uploads\/2018\/03\/P2111108-768x513.jpg 768w, https:\/\/www.monta\u00f1asdelaluna.es\/wp-content\/uploads\/2018\/03\/P2111108-1536x1026.jpg 1536w, https:\/\/www.monta\u00f1asdelaluna.es\/wp-content\/uploads\/2018\/03\/P2111108.jpg 1800w\" sizes=\"auto, (max-width: 820px) 100vw, 820px\" \/><\/a><p id=\"caption-attachment-52007\" class=\"wp-caption-text\">Joaqu\u00edn en la cima del Matagalls, 1.696 mts.<\/p><\/div>\n<div id=\"attachment_41944\" style=\"width: 1798px\" class=\"wp-caption aligncenter\"><a class=\"dt-pswp-item\" href=\"https:\/\/www.monta\u00f1asdelaluna.es\/wp-content\/uploads\/2020\/03\/joaquin-en-la-cima-del-matagalls-1-696-mts.jpg\" data-dt-img-description=\"\" data-large_image_width=\"1788\" data-large_image_height=\"1192\"><img loading=\"lazy\" decoding=\"async\" aria-describedby=\"caption-attachment-41944\" class=\"wp-image-41944 \" src=\"https:\/\/www.monta\u00f1asdelaluna.es\/wp-content\/uploads\/2020\/03\/joaquin-en-la-cima-del-matagalls-1-696-mts-1024x683.jpg\" alt=\"Joaqu\u00edn en la cima del Matagalls, 1.696 mts.\" width=\"822\" height=\"548\" srcset=\"https:\/\/www.monta\u00f1asdelaluna.es\/wp-content\/uploads\/2020\/03\/joaquin-en-la-cima-del-matagalls-1-696-mts-1024x683.jpg 1024w, https:\/\/www.monta\u00f1asdelaluna.es\/wp-content\/uploads\/2020\/03\/joaquin-en-la-cima-del-matagalls-1-696-mts-300x200.jpg 300w, https:\/\/www.monta\u00f1asdelaluna.es\/wp-content\/uploads\/2020\/03\/joaquin-en-la-cima-del-matagalls-1-696-mts.jpg 1788w\" sizes=\"auto, (max-width: 822px) 100vw, 822px\" \/><\/a><p id=\"caption-attachment-41944\" class=\"wp-caption-text\">Joaqu\u00edn en la cima del Matagalls, 1.696 mts.<\/p><\/div>\n<p>Pero esta \u00faltima bajada el pasado febrero del 2.023, no subo al Tur\u00f3 Gros del Pujol. Bajo pisando una nieve a veces dura y a veces blanda, en la que me hundo hasta el muslo, por esta misma senda, este mismo recorrido. Lo curioso es que bajo la nieve no veo el camino: todo el terreno nevado no me deja ver el camino, la senda, y tengo que fiarme de mi instinto monta\u00f1ero y de unas huellas, pisadas, que parecen quieren hacer el mismo recorrido que quiero hacer yo. Me recuerda la actividad realizada en esta misma ladera, pero en la anterior bajada por el Coll d\u2019Ordials con aquella fant\u00e1stica nevada.[\/vc_column_text][vc_empty_space][\/vc_column][\/vc_row][vc_row][vc_column][vc_raw_html]JTNDZGl2JTIwc3R5bGUlM0QlMjJwYWRkaW5nJTNBNTYuMjUlMjUlMjAwJTIwMCUyMDAlM0Jwb3NpdGlvbiUzQXJlbGF0aXZlJTNCJTIyJTNFJTNDaWZyYW1lJTIwc3JjJTNEJTIyaHR0cHMlM0ElMkYlMkZwbGF5ZXIudmltZW8uY29tJTJGdmlkZW8lMkY4MTE2MjMxMTglM0ZoJTNEOGY4MWM3YTBmZiUyNmFtcCUzQmJhZGdlJTNEMCUyNmFtcCUzQmF1dG9wYXVzZSUzRDAlMjZhbXAlM0JwbGF5ZXJfaWQlM0QwJTI2YW1wJTNCYXBwX2lkJTNENTg0NzklMjIlMjBmcmFtZWJvcmRlciUzRCUyMjAlMjIlMjBhbGxvdyUzRCUyMmF1dG9wbGF5JTNCJTIwZnVsbHNjcmVlbiUzQiUyMHBpY3R1cmUtaW4tcGljdHVyZSUyMiUyMGFsbG93ZnVsbHNjcmVlbiUyMHN0eWxlJTNEJTIycG9zaXRpb24lM0FhYnNvbHV0ZSUzQnRvcCUzQTAlM0JsZWZ0JTNBMCUzQndpZHRoJTNBMTAwJTI1JTNCaGVpZ2h0JTNBMTAwJTI1JTNCJTIyJTIwdGl0bGUlM0QlMjJNYXRhZ2FsbHMlMkMlMjBmZWJyZXJvJTIwZGVsJTIwMi4wMjMlMjIlM0UlM0MlMkZpZnJhbWUlM0UlM0MlMkZkaXYlM0UlM0NzY3JpcHQlMjBzcmMlM0QlMjJodHRwcyUzQSUyRiUyRnBsYXllci52aW1lby5jb20lMkZhcGklMkZwbGF5ZXIuanMlMjIlM0UlM0MlMkZzY3JpcHQlM0U=[\/vc_raw_html][vc_empty_space][\/vc_column][\/vc_row][vc_row][vc_column][vc_column_text]Sigo la senda de marca en marca, de hito en hito, con sus vueltas, sus zigzags\u2026 entre este bosque vertical, este hayedo casi intocable por su ubicaci\u00f3n y dificultad para pasar, caminar por aqu\u00ed, por su esforzada y notable ubicaci\u00f3n. La orientaci\u00f3n de la senda, del inclinado recorrido, parece que gira algo a la izquierda, en busca de lo llaman el Pla de Malataup; que no es tan llano, pero mucho m\u00e1s que las inclinadas laderas del Matagalls que lo rodean, monta\u00f1a arriba.<\/p>\n<div id=\"attachment_52008\" style=\"width: 1810px\" class=\"wp-caption aligncenter\"><a class=\"dt-pswp-item\" href=\"https:\/\/www.monta\u00f1asdelaluna.es\/wp-content\/uploads\/2018\/03\/P2111115.jpg\" data-dt-img-description=\"\" data-large_image_width=\"1800\" data-large_image_height=\"1202\"><img loading=\"lazy\" decoding=\"async\" aria-describedby=\"caption-attachment-52008\" class=\"wp-image-52008 \" src=\"https:\/\/www.monta\u00f1asdelaluna.es\/wp-content\/uploads\/2018\/03\/P2111115-1024x684.jpg\" alt=\"Cruz del Matagalls, 1.696 mts.\" width=\"820\" height=\"548\" srcset=\"https:\/\/www.monta\u00f1asdelaluna.es\/wp-content\/uploads\/2018\/03\/P2111115-1024x684.jpg 1024w, https:\/\/www.monta\u00f1asdelaluna.es\/wp-content\/uploads\/2018\/03\/P2111115-300x200.jpg 300w, https:\/\/www.monta\u00f1asdelaluna.es\/wp-content\/uploads\/2018\/03\/P2111115-768x513.jpg 768w, https:\/\/www.monta\u00f1asdelaluna.es\/wp-content\/uploads\/2018\/03\/P2111115-1536x1026.jpg 1536w, https:\/\/www.monta\u00f1asdelaluna.es\/wp-content\/uploads\/2018\/03\/P2111115.jpg 1800w\" sizes=\"auto, (max-width: 820px) 100vw, 820px\" \/><\/a><p id=\"caption-attachment-52008\" class=\"wp-caption-text\">Cruz del Matagalls, 1.696 mts.<\/p><\/div>\n<div id=\"attachment_41945\" style=\"width: 1798px\" class=\"wp-caption aligncenter\"><a class=\"dt-pswp-item\" href=\"https:\/\/www.monta\u00f1asdelaluna.es\/wp-content\/uploads\/2020\/03\/IMG_1405.jpg\" data-dt-img-description=\"\" data-large_image_width=\"1788\" data-large_image_height=\"1192\"><img loading=\"lazy\" decoding=\"async\" aria-describedby=\"caption-attachment-41945\" class=\"wp-image-41945 \" src=\"https:\/\/www.monta\u00f1asdelaluna.es\/wp-content\/uploads\/2020\/03\/IMG_1405-1024x683.jpg\" alt=\"Font dels Cims\" width=\"820\" height=\"547\" srcset=\"https:\/\/www.monta\u00f1asdelaluna.es\/wp-content\/uploads\/2020\/03\/IMG_1405-1024x683.jpg 1024w, https:\/\/www.monta\u00f1asdelaluna.es\/wp-content\/uploads\/2020\/03\/IMG_1405-300x200.jpg 300w, https:\/\/www.monta\u00f1asdelaluna.es\/wp-content\/uploads\/2020\/03\/IMG_1405.jpg 1788w\" sizes=\"auto, (max-width: 820px) 100vw, 820px\" \/><\/a><p id=\"caption-attachment-41945\" class=\"wp-caption-text\">Font dels Cims<\/p><\/div>\n<p>Llega un momento en que las marcas cambian o se combinan entre la C con la que hemos comenzado el recorrido desde las laderas del Tur\u00f3 Gros del Pujol y una T roja que aparece poco antes de llegar al nombrado Pla de Malataup. M\u00e1s abajo justo la senda desemboca en otra senda m\u00e1s marcada que atraviesa la ladera boscosa de la monta\u00f1a de izquierda a derecha. Reconoceremos esta senda porque ya la recorrimos en la actividad del <a href=\"https:\/\/www.monta\u00f1asdelaluna.es\/?p=22539\" target=\"_blank\" rel=\"noopener\">Bosque Animado<\/a>, justo cuando bajamos del Coll d\u2019Ordials sin llegar al Pla de Malataup, girando hacia la Font Rupitosa\u2026 pero nosotros en lugar de girar hacia la derecha en busca de la mencionada fuente, seguimos hacia la izquierda en busca de una enorme haya y del nombrado llano. Hay que llevar cuidado en no equivocarse y comenzar a coger altura progresivamente por la senda monta\u00f1a arriba, ya que ser\u00eda la senda que sube al Coll d\u2019Ordials.<\/p>\n<p>Entre la C y la T llegamos a una especie de llano compartido entre los l\u00edmites del maravilloso hayedo y una zona abierta de matorrales, presidido por otro maravilloso y grandioso ejemplar de haya, ya nombrado; con ramas abiertas que salen en todas direcciones de un tronco grueso, grandioso\u2026 es el Pla de Malataup.<\/p>\n<p>Desde aqu\u00ed ya seguiremos otros recorridos coincidiendo con el que baja del Coll d\u2019Ordials, realizado en la actividad del <a href=\"https:\/\/www.monta\u00f1asdelaluna.es\/?p=22539\" target=\"_blank\" rel=\"noopener\">Bosque Animado<\/a>; el que baja y se describe en este relato, desde el mismo Coll d\u2019Ordials del el Tur\u00f3 del Mig, e incluso el descrito, pero al rev\u00e9s, en la otra direcci\u00f3n, en la <a href=\"https:\/\/www.monta\u00f1asdelaluna.es\/?p=23942\" target=\"_blank\" rel=\"noopener\">Umbr\u00eda de Matagalls<\/a> a la ida, y bajando del Coll d\u2019Ordials pero sin pasar por el mismo Pla de Malataup.<\/p>\n<div id=\"attachment_41951\" style=\"width: 1798px\" class=\"wp-caption aligncenter\"><a class=\"dt-pswp-item\" href=\"https:\/\/www.monta\u00f1asdelaluna.es\/wp-content\/uploads\/2020\/03\/joaquin-en-la-cima-del-turo-gros-del-pujol-1-577-mts-detras-el-matagalls-cubierto.jpg\" data-dt-img-description=\"\" data-large_image_width=\"1788\" data-large_image_height=\"1192\"><img loading=\"lazy\" decoding=\"async\" aria-describedby=\"caption-attachment-41951\" class=\"wp-image-41951 \" src=\"https:\/\/www.monta\u00f1asdelaluna.es\/wp-content\/uploads\/2020\/03\/joaquin-en-la-cima-del-turo-gros-del-pujol-1-577-mts-detras-el-matagalls-cubierto-1024x683.jpg\" alt=\"Joaqu\u00edn en la cima del Tur\u00f3 Gros del Pujol, 1.577 mts., detr\u00e1s el Matagalls cubierto\" width=\"820\" height=\"547\" srcset=\"https:\/\/www.monta\u00f1asdelaluna.es\/wp-content\/uploads\/2020\/03\/joaquin-en-la-cima-del-turo-gros-del-pujol-1-577-mts-detras-el-matagalls-cubierto-1024x683.jpg 1024w, https:\/\/www.monta\u00f1asdelaluna.es\/wp-content\/uploads\/2020\/03\/joaquin-en-la-cima-del-turo-gros-del-pujol-1-577-mts-detras-el-matagalls-cubierto-300x200.jpg 300w, https:\/\/www.monta\u00f1asdelaluna.es\/wp-content\/uploads\/2020\/03\/joaquin-en-la-cima-del-turo-gros-del-pujol-1-577-mts-detras-el-matagalls-cubierto.jpg 1788w\" sizes=\"auto, (max-width: 820px) 100vw, 820px\" \/><\/a><p id=\"caption-attachment-41951\" class=\"wp-caption-text\">Joaqu\u00edn en la cima del Tur\u00f3 Gros del Pujol, 1.577 mts., detr\u00e1s el Matagalls cubierto<\/p><\/div>\n<div id=\"attachment_41956\" style=\"width: 1798px\" class=\"wp-caption aligncenter\"><a class=\"dt-pswp-item\" href=\"https:\/\/www.monta\u00f1asdelaluna.es\/wp-content\/uploads\/2020\/03\/la-bauma-bajo-el-turo-gros-del-pujol.jpg\" data-dt-img-description=\"\" data-large_image_width=\"1788\" data-large_image_height=\"1192\"><img loading=\"lazy\" decoding=\"async\" aria-describedby=\"caption-attachment-41956\" class=\"wp-image-41956 \" src=\"https:\/\/www.monta\u00f1asdelaluna.es\/wp-content\/uploads\/2020\/03\/la-bauma-bajo-el-turo-gros-del-pujol-1024x683.jpg\" alt=\"La Bauma bajo el Tur\u00f3 Gros del Pujol, en el recorrido de La Goitadora\" width=\"820\" height=\"547\" srcset=\"https:\/\/www.monta\u00f1asdelaluna.es\/wp-content\/uploads\/2020\/03\/la-bauma-bajo-el-turo-gros-del-pujol-1024x683.jpg 1024w, https:\/\/www.monta\u00f1asdelaluna.es\/wp-content\/uploads\/2020\/03\/la-bauma-bajo-el-turo-gros-del-pujol-300x200.jpg 300w, https:\/\/www.monta\u00f1asdelaluna.es\/wp-content\/uploads\/2020\/03\/la-bauma-bajo-el-turo-gros-del-pujol.jpg 1788w\" sizes=\"auto, (max-width: 820px) 100vw, 820px\" \/><\/a><p id=\"caption-attachment-41956\" class=\"wp-caption-text\">La Bauma bajo el Tur\u00f3 Gros del Pujol, en el recorrido de La Goitadora<\/p><\/div>\n<p>Este pasado febrero del 2.023 hubiera querido bajar o volver a Viladrau desde el Pla de Malataup hacia la izquierda y oeste en busca de aquel incre\u00edble barranco lleno de esos magn\u00edficos ejemplares, enormes y casi monstruosos casta\u00f1os, por los que solo pas\u00e9 en la <a href=\"https:\/\/www.monta\u00f1asdelaluna.es\/?p=23942\" target=\"_blank\" rel=\"noopener\">Umbr\u00eda del Matagalls<\/a> una vez, y me gustar\u00eda volver a admirar\u2026 pero al final, como en el 2.019, giro a la derecha y este, siguiendo las huellas en la nieve, en direcci\u00f3n al Corral del Pujol\u2026 como en la bajada desde el Coll d\u2019Ordials\u2026<\/p>\n<p>Curiosamente justo antes de salirme de camino en una curva para dirigirme recto a El Pujol de Muntanya, aparece un cartelito que nos dice algo as\u00ed como que \u201cel recorrido del track sigue el camino\u201d para que no te desv\u00edes de mismo y tengas que pasar por en medio de las construcciones de El Pujol de Muntanya. Con lo que al seguir el camino, dicho recorrido ser\u00e1 m\u00e1s largo hasta bajar a la pista que pasa por la puerta de la nombrada mas\u00eda, y sigue en direcci\u00f3n a Viladrau, pasando por l\u2019Aremany (justo junto a l\u2019Aremany se puede seguir el recorrido ya descrito en la bajada por el Tur\u00f3 del Mig y Coll d\u2019Ordials, en el que giramos a la izquierda, pasamos por la puerta de l\u2019Aremany, y seguimos en direcci\u00f3n a El Noguer y Viladrau). Es preferible mirar el mapa y buscar una sendilla o incluso monte a trav\u00e9s, para evitar este tonto zigzag de camino, si ya no se puede pasar por el centro de las construcciones de El Pujol de Muntanya\u2026 que yo creo que ser\u00eda en las inmediaciones del camino, justo cuando gira en dos curvas hacia el sur y derecha, aqu\u00ed salirnos y seguir en direcci\u00f3n norte y abajo hasta la desembocadura o cruce del camino que seguimos, a la pista nombrada.<\/p>\n<div id=\"attachment_52009\" style=\"width: 1810px\" class=\"wp-caption aligncenter\"><a class=\"dt-pswp-item\" href=\"https:\/\/www.monta\u00f1asdelaluna.es\/wp-content\/uploads\/2018\/03\/P2111128.jpg\" data-dt-img-description=\"\" data-large_image_width=\"1800\" data-large_image_height=\"1202\"><img loading=\"lazy\" decoding=\"async\" aria-describedby=\"caption-attachment-52009\" class=\"wp-image-52009 \" src=\"https:\/\/www.monta\u00f1asdelaluna.es\/wp-content\/uploads\/2018\/03\/P2111128-1024x684.jpg\" alt=\"Hayedo de bajada por La Goitadora\" width=\"820\" height=\"548\" srcset=\"https:\/\/www.monta\u00f1asdelaluna.es\/wp-content\/uploads\/2018\/03\/P2111128-1024x684.jpg 1024w, https:\/\/www.monta\u00f1asdelaluna.es\/wp-content\/uploads\/2018\/03\/P2111128-300x200.jpg 300w, https:\/\/www.monta\u00f1asdelaluna.es\/wp-content\/uploads\/2018\/03\/P2111128-768x513.jpg 768w, https:\/\/www.monta\u00f1asdelaluna.es\/wp-content\/uploads\/2018\/03\/P2111128-1536x1026.jpg 1536w, https:\/\/www.monta\u00f1asdelaluna.es\/wp-content\/uploads\/2018\/03\/P2111128.jpg 1800w\" sizes=\"auto, (max-width: 820px) 100vw, 820px\" \/><\/a><p id=\"caption-attachment-52009\" class=\"wp-caption-text\">Hayedo de bajada por La Goitadora<\/p><\/div>\n<div id=\"attachment_52013\" style=\"width: 1810px\" class=\"wp-caption aligncenter\"><a class=\"dt-pswp-item\" href=\"https:\/\/www.monta\u00f1asdelaluna.es\/wp-content\/uploads\/2018\/03\/P2111136.jpg\" data-dt-img-description=\"\" data-large_image_width=\"1800\" data-large_image_height=\"1202\"><img loading=\"lazy\" decoding=\"async\" aria-describedby=\"caption-attachment-52013\" class=\"wp-image-52013 \" src=\"https:\/\/www.monta\u00f1asdelaluna.es\/wp-content\/uploads\/2018\/03\/P2111136-1024x684.jpg\" alt=\"Delante el Pujol de Muntanya\" width=\"822\" height=\"549\" srcset=\"https:\/\/www.monta\u00f1asdelaluna.es\/wp-content\/uploads\/2018\/03\/P2111136-1024x684.jpg 1024w, https:\/\/www.monta\u00f1asdelaluna.es\/wp-content\/uploads\/2018\/03\/P2111136-300x200.jpg 300w, https:\/\/www.monta\u00f1asdelaluna.es\/wp-content\/uploads\/2018\/03\/P2111136-768x513.jpg 768w, https:\/\/www.monta\u00f1asdelaluna.es\/wp-content\/uploads\/2018\/03\/P2111136-1536x1026.jpg 1536w, https:\/\/www.monta\u00f1asdelaluna.es\/wp-content\/uploads\/2018\/03\/P2111136.jpg 1800w\" sizes=\"auto, (max-width: 822px) 100vw, 822px\" \/><\/a><p id=\"caption-attachment-52013\" class=\"wp-caption-text\">Delante el Pujol de Muntanya<\/p><\/div>\n<p>Curiosamente la bajada por La Goitadora con subida al Tur\u00f3 Gros del Pujol, no baj\u00e9 ni pas\u00e9 por el Pujol de Muntanya, si no que segu\u00ed la senda a la derecha que se convierte en camino y pasa por la Font Rupitosa, buscando otra bajada diferente\u2026 y la encontr\u00e9: en mitad del camino que sigue mas all\u00e1 de Font Rupitosa hacia Font de Llops, unas marcas y camino me hacen dejar \u00e9ste que sigo hacia la mencionada fuente, para girar a la izquierda, ladera abajo, siguiendo unas marcas y pinturas de verde fosforito que casi se pierden entre los caminos y monte a trav\u00e9s de esta selva frondosa del hayedo del Matagalls. Hasta seguir paralelo al Sot de G\u00e9nema, por un camino donde hab\u00edan hecho una tala del bosque, en bajada, en busca de l\u2019Aremany. Y desde aqu\u00ed seguir el recorrido hacia El Noguer ya descrito.<\/p>\n<p>Lo \u00fanico es que justo antes de llegar a Viladrau, y una vez ya bajo por el camino que viene de Resquelles, con la urbe de la poblaci\u00f3n delante, me desv\u00edo en una sendita se\u00f1alizada a la izquierda hacia una fuente famosa en la poblaci\u00f3n: La Font de l\u2019Oroneta. Para darle un toque rom\u00e1ntico final a la actividad del d\u00eda.<\/p>\n<div id=\"attachment_41975\" style=\"width: 1798px\" class=\"wp-caption aligncenter\"><a class=\"dt-pswp-item\" href=\"https:\/\/www.monta\u00f1asdelaluna.es\/wp-content\/uploads\/2020\/03\/IMG_1457.jpg\" data-dt-img-description=\"\" data-large_image_width=\"1788\" data-large_image_height=\"1192\"><img loading=\"lazy\" decoding=\"async\" aria-describedby=\"caption-attachment-41975\" class=\"wp-image-41975 \" src=\"https:\/\/www.monta\u00f1asdelaluna.es\/wp-content\/uploads\/2020\/03\/IMG_1457-1024x683.jpg\" alt=\"Camino de bajada a l'Aremany (sin pasar por el Pujol de Muntanya) junto al Sot de G\u00e9nema\" width=\"820\" height=\"547\" srcset=\"https:\/\/www.monta\u00f1asdelaluna.es\/wp-content\/uploads\/2020\/03\/IMG_1457-1024x683.jpg 1024w, https:\/\/www.monta\u00f1asdelaluna.es\/wp-content\/uploads\/2020\/03\/IMG_1457-300x200.jpg 300w, https:\/\/www.monta\u00f1asdelaluna.es\/wp-content\/uploads\/2020\/03\/IMG_1457.jpg 1788w\" sizes=\"auto, (max-width: 820px) 100vw, 820px\" \/><\/a><p id=\"caption-attachment-41975\" class=\"wp-caption-text\">Camino de bajada a l&#8217;Aremany (sin pasar por el Pujol de Muntanya) junto al Sot de G\u00e9nema<\/p><\/div>\n<div id=\"attachment_41982\" style=\"width: 1798px\" class=\"wp-caption aligncenter\"><a class=\"dt-pswp-item\" href=\"https:\/\/www.monta\u00f1asdelaluna.es\/wp-content\/uploads\/2020\/03\/IMG_1467.jpg\" data-dt-img-description=\"\" data-large_image_width=\"1788\" data-large_image_height=\"1192\"><img loading=\"lazy\" decoding=\"async\" aria-describedby=\"caption-attachment-41982\" class=\"wp-image-41982 \" src=\"https:\/\/www.monta\u00f1asdelaluna.es\/wp-content\/uploads\/2020\/03\/IMG_1467-1024x683.jpg\" alt=\"Font de La Oroneta\" width=\"822\" height=\"548\" srcset=\"https:\/\/www.monta\u00f1asdelaluna.es\/wp-content\/uploads\/2020\/03\/IMG_1467-1024x683.jpg 1024w, https:\/\/www.monta\u00f1asdelaluna.es\/wp-content\/uploads\/2020\/03\/IMG_1467-300x200.jpg 300w, https:\/\/www.monta\u00f1asdelaluna.es\/wp-content\/uploads\/2020\/03\/IMG_1467.jpg 1788w\" sizes=\"auto, (max-width: 822px) 100vw, 822px\" \/><\/a><p id=\"caption-attachment-41982\" class=\"wp-caption-text\">Font de La Oroneta<\/p><\/div>\n<p>Y con esta descripci\u00f3n relatamos otra bajada interesante y fabulosa de est\u00e1 preciosa y espectacular cara norte boscosa, frondosa, del Montseny. Realmente las dos bajadas, la de Coll d\u2019Ordials y la de La Goitadora, no tienen desperdicio alguno\u2026 y si al final lo puedes culminar pasando por ese barranco a la izquierda y oeste del Pla de Malataup, lleno de esos monstruosos casta\u00f1os, magn\u00edfico. Una experiencia de monta\u00f1a y Naturaleza excepcional.<\/p>\n<div id=\"attachment_52012\" style=\"width: 1440px\" class=\"wp-caption aligncenter\"><a class=\"dt-pswp-item\" href=\"https:\/\/www.monta\u00f1asdelaluna.es\/wp-content\/uploads\/2018\/03\/MatagallsViladrauLagoitadora2.jpg\" data-dt-img-description=\"\" data-large_image_width=\"1430\" data-large_image_height=\"1586\"><img loading=\"lazy\" decoding=\"async\" aria-describedby=\"caption-attachment-52012\" class=\"wp-image-52012 size-full\" src=\"https:\/\/www.monta\u00f1asdelaluna.es\/wp-content\/uploads\/2018\/03\/MatagallsViladrauLagoitadora2.jpg\" alt=\"Croquis del recorrido con subida al Matagalls desde Viladrau, y bajada por el Tur\u00f3 Gros del Pujol y La Goitadora. Puntos discontinuos azul claro: supuesto o parecido, recorrido realizado en septiembre del 2.019. Linea Roja: antiguo recorrido para pasar por el Pujol de Muntanya\" width=\"1430\" height=\"1586\" srcset=\"https:\/\/www.monta\u00f1asdelaluna.es\/wp-content\/uploads\/2018\/03\/MatagallsViladrauLagoitadora2.jpg 1430w, https:\/\/www.monta\u00f1asdelaluna.es\/wp-content\/uploads\/2018\/03\/MatagallsViladrauLagoitadora2-270x300.jpg 270w, https:\/\/www.monta\u00f1asdelaluna.es\/wp-content\/uploads\/2018\/03\/MatagallsViladrauLagoitadora2-923x1024.jpg 923w, https:\/\/www.monta\u00f1asdelaluna.es\/wp-content\/uploads\/2018\/03\/MatagallsViladrauLagoitadora2-768x852.jpg 768w, https:\/\/www.monta\u00f1asdelaluna.es\/wp-content\/uploads\/2018\/03\/MatagallsViladrauLagoitadora2-1385x1536.jpg 1385w\" sizes=\"auto, (max-width: 1430px) 100vw, 1430px\" \/><\/a><p id=\"caption-attachment-52012\" class=\"wp-caption-text\">Croquis del recorrido con subida al Matagalls desde Viladrau, y bajada por el Tur\u00f3 Gros del Pujol y La Goitadora. Puntos discontinuos azul claro: supuesto o parecido, recorrido realizado en septiembre del 2.019. Linea Roja: antiguo recorrido para pasar por el Pujol de Muntanya<\/p><\/div>\n<p>[\/vc_column_text][\/vc_column][\/vc_row][vc_row][vc_column][vc_empty_space height=\u00bb60px\u00bb][vc_cta h2=\u00bbAlbum de fotos\u00bb txt_align=\u00bbcenter\u00bb add_button=\u00bbbottom\u00bb btn_title=\u00bbVer fotos\u00bb btn_color=\u00bbwarning\u00bb btn_align=\u00bbcenter\u00bb btn_link=\u00bburl:https%3A%2F%2Fmonta%C3%B1asdelaluna.es%2F%3Fdt_gallery%3Del-matagalls-desde-viladrau-bajando-por-el-turo-del-mig-2|title:El%20Matagalls%20desde%20Viladrau%20bajando%20por%20el%20Tur%C3%B3%20del%20Mig|target:_blank\u00bb css=\u00bb.vc_custom_1625990126583{background-color: #8bc4ed !important;}\u00bb]Puedes ver todas las fotos de El Matagalls desde Viladrau bajando por el Tur\u00f3 del Mig en forma de presentaci\u00f3n o individuales pinchando aqui \u00a1No te las pierdas![\/vc_cta][\/vc_column][\/vc_row][vc_row][vc_column][vc_empty_space][\/vc_column][\/vc_row][vc_row][vc_column][vc_cta h2=\u00bb\u00c1lbum de fotos\u00bb txt_align=\u00bbcenter\u00bb add_button=\u00bbbottom\u00bb btn_title=\u00bbVer fotos\u00bb btn_color=\u00bbwarning\u00bb btn_align=\u00bbcenter\u00bb btn_link=\u00bburl:https%3A%2F%2Fmonta%C3%B1asdelaluna.es%2F%3Fdt_gallery%3Del-matagalls-desde-viladrau-bajando-por-la-font-de-mosquits-2|title:El%20Matagalls%20desde%20Viladrau%20bajando%20por%20la%20Font%20de%20Mosquits|target:_blank\u00bb css=\u00bb.vc_custom_1625990141077{background-color: #8bc4ed !important;}\u00bb]Puedes ver todas las fotos de el Matagalls desde Viladrau bajando por la Font de Mosquits en forma de presentaci\u00f3n o individuales pinchando aqui \u00a1No te las pierdas!.[\/vc_cta][\/vc_column][\/vc_row][vc_row][vc_column][vc_empty_space][\/vc_column][\/vc_row][vc_row][vc_column][vc_cta h2=\u00bb\u00c1lbum de fotos\u00bb txt_align=\u00bbcenter\u00bb add_button=\u00bbbottom\u00bb btn_title=\u00bbVer fotos\u00bb btn_color=\u00bbwarning\u00bb btn_align=\u00bbcenter\u00bb btn_link=\u00bburl:https%3A%2F%2Fwww.monta%C3%B1asdelaluna.es%2F%3Fdt_gallery%3Del-matagalls-desde-viladrau-bajando-por-el-turo-gros-del-pujol-2|title:El%20Matagalls%20desde%20Viladrau%20bajando%20por%20la%20Font%20de%20Mosquits|target:_blank\u00bb css=\u00bb.vc_custom_1679770347599{background-color: #8bc4ed !important;}\u00bb]Puedes ver todas las fotos de el Matagalls desde Viladrau bajando por el Tur\u00f3 Gros del Pujol en forma de presentaci\u00f3n o individuales pinchando aqui \u00a1No te las pierdas!.[\/vc_cta][\/vc_column][\/vc_row][vc_row][vc_column][vc_empty_space][\/vc_column][\/vc_row][vc_row][vc_column][vc_cta h2=\u00bb\u00c1lbum de fotos\u00bb txt_align=\u00bbcenter\u00bb add_button=\u00bbbottom\u00bb btn_title=\u00bbVer fotos\u00bb btn_color=\u00bbwarning\u00bb btn_align=\u00bbcenter\u00bb btn_link=\u00bburl:https%3A%2F%2Fwww.monta%C3%B1asdelaluna.es%2F%3Fdt_gallery%3Dmatagalls-desde-viladrau-bajada-por-la-goitadora|title:El%20Matagalls%20desde%20Viladrau%20bajando%20por%20la%20Font%20de%20Mosquits|target:_blank\u00bb css=\u00bb.vc_custom_1679770442024{background-color: #8bc4ed !important;}\u00bb]Puedes ver todas las fotos de el Matagalls desde Viladrau bajda por La Goitadora en forma de presentaci\u00f3n o individuales pinchando aqui \u00a1No te las pierdas!.[\/vc_cta][\/vc_column][\/vc_row][vc_row][vc_column][vc_empty_space height=\u00bb60px\u00bb][\/vc_column][\/vc_row][vc_row][vc_column width=\u00bb1\/6&#8243;][\/vc_column][vc_column width=\u00bb1\/3&#8243;][vc_empty_space height=\u00bb24px\u00bb][vc_raw_html]JTNDaWZyYW1lJTIwc3JjJTNEJTIyaHR0cHMlM0ElMkYlMkZ3d3cubWV0ZW9ibHVlLmNvbSUyRmVzJTJGdGllbXBvJTJGd2lkZ2V0JTJGZGFpbHklMkZ2aWxhZHJhdV9lc3BhJTI1YzMlMjViMWFfMzEwNTkyMyUzRmdlb2xvYyUzRGZpeGVkJTI2ZGF5cyUzRDclMjZ0ZW1wdW5pdCUzRENFTFNJVVMlMjZ3aW5kdW5pdCUzREtJTE9NRVRFUl9QRVJfSE9VUiUyNnByZWNpcHVuaXQlM0RNSUxMSU1FVEVSJTI2Y29sb3VyZWQlM0Rjb2xvdXJlZCUyNnBpY3RvaWNvbiUzRDAlMjZwaWN0b2ljb24lM0QxJTI2bWF4dGVtcGVyYXR1cmUlM0QwJTI2bWF4dGVtcGVyYXR1cmUlM0QxJTI2bWludGVtcGVyYXR1cmUlM0QwJTI2bWludGVtcGVyYXR1cmUlM0QxJTI2d2luZHNwZWVkJTNEMCUyNndpbmRzcGVlZCUzRDElMjZ3aW5kZ3VzdCUzRDAlMjZ3aW5kZ3VzdCUzRDElMjZ3aW5kZGlyZWN0aW9uJTNEMCUyNndpbmRkaXJlY3Rpb24lM0QxJTI2dXYlM0QwJTI2aHVtaWRpdHklM0QwJTI2cHJlY2lwaXRhdGlvbiUzRDAlMjZwcmVjaXBpdGF0aW9uJTNEMSUyNnByZWNpcGl0YXRpb25wcm9iYWJpbGl0eSUzRDAlMjZwcmVjaXBpdGF0aW9ucHJvYmFiaWxpdHklM0QxJTI2c3BvdCUzRDAlMjZzcG90JTNEMSUyNnByZXNzdXJlJTNEMCUyNnByZXNzdXJlJTNEMSUyNmxheW91dCUzRGxpZ2h0JTIyJTIwJTIwZnJhbWVib3JkZXIlM0QlMjIwJTIyJTIwc2Nyb2xsaW5nJTNEJTIyTk8lMjIlMjBhbGxvd3RyYW5zcGFyZW5jeSUzRCUyMnRydWUlMjIlMjBzYW5kYm94JTNEJTIyYWxsb3ctc2FtZS1vcmlnaW4lMjBhbGxvdy1zY3JpcHRzJTIwYWxsb3ctcG9wdXBzJTIwYWxsb3ctcG9wdXBzLXRvLWVzY2FwZS1zYW5kYm94JTIyJTIwc3R5bGUlM0QlMjJ3aWR0aCUzQSUyMDM3OHB4JTNCaGVpZ2h0JTNBJTIwNDE0cHglMjIlM0UlM0MlMkZpZnJhbWUlM0UlM0NkaXYlM0UlM0MlMjEtLSUyMERPJTIwTk9UJTIwUkVNT1ZFJTIwVEhJUyUyMExJTkslMjAtLSUzRSUzQ2ElMjBocmVmJTNEJTIyaHR0cHMlM0ElMkYlMkZ3d3cubWV0ZW9ibHVlLmNvbSUyRmVzJTJGdGllbXBvJTJGcHJvbm9zdGljbyUyRnNlbWFuYSUyRnZpbGFkcmF1X2VzcGElMjVjMyUyNWIxYV8zMTA1OTIzJTNGdXRtX3NvdXJjZSUzRHdlYXRoZXJfd2lkZ2V0JTI2dXRtX21lZGl1bSUzRGxpbmt1cyUyNnV0bV9jb250ZW50JTNEZGFpbHklMjZ1dG1fY2FtcGFpZ24lM0RXZWF0aGVyJTI1MkJXaWRnZXQlMjIlMjB0YXJnZXQlM0QlMjJfYmxhbmslMjIlM0VtZXRlb2JsdWUlM0MlMkZhJTNFJTNDJTJGZGl2JTNF[\/vc_raw_html][\/vc_column][vc_column width=\u00bb1\/3&#8243;][vc_column_text]Tiempo en el Matagalls[\/vc_column_text][vc_raw_html]JTNDaWZyYW1lJTIwc3JjJTNEJTIyaHR0cHMlM0ElMkYlMkZ3d3cubWV0ZW9ibHVlLmNvbSUyRmVzJTJGdGllbXBvJTJGd2lkZ2V0JTJGZGFpbHklMkY0MS44MDlOMi4zODNFMTY3Nl9FdXJvcGUlMjUyRk1hZHJpZCUzRmdlb2xvYyUzRGZpeGVkJTI2ZGF5cyUzRDclMjZ0ZW1wdW5pdCUzRENFTFNJVVMlMjZ3aW5kdW5pdCUzREtJTE9NRVRFUl9QRVJfSE9VUiUyNnByZWNpcHVuaXQlM0RNSUxMSU1FVEVSJTI2Y29sb3VyZWQlM0Rjb2xvdXJlZCUyNnBpY3RvaWNvbiUzRDAlMjZwaWN0b2ljb24lM0QxJTI2bWF4dGVtcGVyYXR1cmUlM0QwJTI2bWF4dGVtcGVyYXR1cmUlM0QxJTI2bWludGVtcGVyYXR1cmUlM0QwJTI2bWludGVtcGVyYXR1cmUlM0QxJTI2d2luZHNwZWVkJTNEMCUyNndpbmRzcGVlZCUzRDElMjZ3aW5kZ3VzdCUzRDAlMjZ3aW5kZ3VzdCUzRDElMjZ3aW5kZGlyZWN0aW9uJTNEMCUyNndpbmRkaXJlY3Rpb24lM0QxJTI2dXYlM0QwJTI2aHVtaWRpdHklM0QwJTI2cHJlY2lwaXRhdGlvbiUzRDAlMjZwcmVjaXBpdGF0aW9uJTNEMSUyNnByZWNpcGl0YXRpb25wcm9iYWJpbGl0eSUzRDAlMjZwcmVjaXBpdGF0aW9ucHJvYmFiaWxpdHklM0QxJTI2c3BvdCUzRDAlMjZzcG90JTNEMSUyNnByZXNzdXJlJTNEMCUyNnByZXNzdXJlJTNEMSUyNmxheW91dCUzRGxpZ2h0JTIyJTIwJTIwZnJhbWVib3JkZXIlM0QlMjIwJTIyJTIwc2Nyb2xsaW5nJTNEJTIyTk8lMjIlMjBhbGxvd3RyYW5zcGFyZW5jeSUzRCUyMnRydWUlMjIlMjBzYW5kYm94JTNEJTIyYWxsb3ctc2FtZS1vcmlnaW4lMjBhbGxvdy1zY3JpcHRzJTIwYWxsb3ctcG9wdXBzJTIwYWxsb3ctcG9wdXBzLXRvLWVzY2FwZS1zYW5kYm94JTIyJTIwc3R5bGUlM0QlMjJ3aWR0aCUzQSUyMDM3OHB4JTNCaGVpZ2h0JTNBJTIwNDE0cHglMjIlM0UlM0MlMkZpZnJhbWUlM0UlM0NkaXYlM0UlM0MlMjEtLSUyMERPJTIwTk9UJTIwUkVNT1ZFJTIwVEhJUyUyMExJTkslMjAtLSUzRSUzQ2ElMjBocmVmJTNEJTIyaHR0cHMlM0ElMkYlMkZ3d3cubWV0ZW9ibHVlLmNvbSUyRmVzJTJGdGllbXBvJTJGcHJvbm9zdGljbyUyRnNlbWFuYSUyRjQxLjgwOU4yLjM4M0UxNjc2X0V1cm9wZSUyNTJGTWFkcmlkJTNGdXRtX3NvdXJjZSUzRHdlYXRoZXJfd2lkZ2V0JTI2dXRtX21lZGl1bSUzRGxpbmt1cyUyNnV0bV9jb250ZW50JTNEZGFpbHklMjZ1dG1fY2FtcGFpZ24lM0RXZWF0aGVyJTI1MkJXaWRnZXQlMjIlMjB0YXJnZXQlM0QlMjJfYmxhbmslMjIlM0VtZXRlb2JsdWUlM0MlMkZhJTNFJTNDJTJGZGl2JTNF[\/vc_raw_html][\/vc_column][vc_column width=\u00bb1\/6&#8243;][\/vc_column][\/vc_row]<\/p>\n","protected":false},"excerpt":{"rendered":"<p>[vc_row][vc_column][vc_column_text] Bajada por el Tur\u00f3 del Mig y Coll d&#8217;Ordials: Realmente este d\u00eda quer\u00eda acercarme al Pirineo para hacer algo de alta monta\u00f1a, pero entre indecisiones y condiciones no demasiado elegantes o c\u00f3modas en la actividad\u2026 hizo que desistiera y que pensara en planear una buena actividad por las recientes nieves que hab\u00edan ca\u00eddo en&hellip;<\/p>\n","protected":false},"author":1,"featured_media":38435,"comment_status":"open","ping_status":"open","sticky":false,"template":"","format":"standard","meta":[],"categories":[132],"tags":[],"class_list":["post-38563","post","type-post","status-publish","format-standard","has-post-thumbnail","hentry","category-matagalls","category-132","description-off"],"_links":{"self":[{"href":"https:\/\/www.monta\u00f1asdelaluna.es\/index.php?rest_route=\/wp\/v2\/posts\/38563","targetHints":{"allow":["GET"]}}],"collection":[{"href":"https:\/\/www.monta\u00f1asdelaluna.es\/index.php?rest_route=\/wp\/v2\/posts"}],"about":[{"href":"https:\/\/www.monta\u00f1asdelaluna.es\/index.php?rest_route=\/wp\/v2\/types\/post"}],"author":[{"embeddable":true,"href":"https:\/\/www.monta\u00f1asdelaluna.es\/index.php?rest_route=\/wp\/v2\/users\/1"}],"replies":[{"embeddable":true,"href":"https:\/\/www.monta\u00f1asdelaluna.es\/index.php?rest_route=%2Fwp%2Fv2%2Fcomments&post=38563"}],"version-history":[{"count":18,"href":"https:\/\/www.monta\u00f1asdelaluna.es\/index.php?rest_route=\/wp\/v2\/posts\/38563\/revisions"}],"predecessor-version":[{"id":52014,"href":"https:\/\/www.monta\u00f1asdelaluna.es\/index.php?rest_route=\/wp\/v2\/posts\/38563\/revisions\/52014"}],"wp:featuredmedia":[{"embeddable":true,"href":"https:\/\/www.monta\u00f1asdelaluna.es\/index.php?rest_route=\/wp\/v2\/media\/38435"}],"wp:attachment":[{"href":"https:\/\/www.monta\u00f1asdelaluna.es\/index.php?rest_route=%2Fwp%2Fv2%2Fmedia&parent=38563"}],"wp:term":[{"taxonomy":"category","embeddable":true,"href":"https:\/\/www.monta\u00f1asdelaluna.es\/index.php?rest_route=%2Fwp%2Fv2%2Fcategories&post=38563"},{"taxonomy":"post_tag","embeddable":true,"href":"https:\/\/www.monta\u00f1asdelaluna.es\/index.php?rest_route=%2Fwp%2Fv2%2Ftags&post=38563"}],"curies":[{"name":"wp","href":"https:\/\/api.w.org\/{rel}","templated":true}]}}