{"id":38945,"date":"2018-07-29T12:48:01","date_gmt":"2018-07-29T12:48:01","guid":{"rendered":"http:\/\/monta\u00f1asdelaluna.com\/?p=38945"},"modified":"2025-11-25T22:30:05","modified_gmt":"2025-11-25T22:30:05","slug":"29-de-julio-domingo-llegada-al-campo-base-del-pico-lenin","status":"publish","type":"post","link":"https:\/\/www.monta\u00f1asdelaluna.es\/?p=38945","title":{"rendered":"29 de julio, domingo. Llegada al Campo Base del Pico Lenin"},"content":{"rendered":"<p>[vc_row][vc_column][vc_column_text]Nos levantamos descansados, aunque yo he pasado calor y a media noche tuve que abrir la ventana. Por la noche y en mitad de la madrugada o\u00eda llamar oraci\u00f3n desde el minarete.<\/p>\n<p>A las 8 desayuno en el hotel y a las 9 salimos con las furgos-minibuses en busca del Lenin. Somos varios grupos, varios coches. En el nuestro se monta parte de equipo: Hans, Tom, Elan, tambi\u00e9n se monta un chico \u00bfingl\u00e9s? que va a hacer la \u201cruta de los 3 picos\u201d y Adur que es vasco. A partir de aqu\u00ed hacemos amistad con Adur y Daniel (que veremos en el Campo Base) y forman un equipo individual que tambi\u00e9n quieren hacer el Lenin. Tambi\u00e9n nos encontramos con otro espa\u00f1ol, Luis Guerrero que habla perfecto ingl\u00e9s, es de La Bisbal de l\u2019Empord\u00e1 y viene con su amigo Dimitri que es un norteamericano que sabe ingl\u00e9s y ruso. La eterna pregunta es si Dimitri fue antes ruso que americano, o aprendi\u00f3 el ruso de sus padres\u2026<\/p>\n<div id=\"attachment_39023\" style=\"width: 1710px\" class=\"wp-caption aligncenter\"><a class=\"dt-single-image\" href=\"https:\/\/www.monta\u00f1asdelaluna.es\/wp-content\/uploads\/2018\/07\/OshLenin.mapa_.web_.jpg\" data-dt-img-description=\"\"><img loading=\"lazy\" decoding=\"async\" aria-describedby=\"caption-attachment-39023\" class=\"wp-image-39023 size-full\" src=\"https:\/\/www.monta\u00f1asdelaluna.es\/wp-content\/uploads\/2018\/07\/OshLenin.mapa_.web_.jpg\" alt=\"Mapa de parte de Kirguist\u00e1n donde aparece Osh, Sary Mogul y el Pico Lenin.\" width=\"1700\" height=\"1338\" srcset=\"https:\/\/www.monta\u00f1asdelaluna.es\/wp-content\/uploads\/2018\/07\/OshLenin.mapa_.web_.jpg 1700w, https:\/\/www.monta\u00f1asdelaluna.es\/wp-content\/uploads\/2018\/07\/OshLenin.mapa_.web_-300x236.jpg 300w, https:\/\/www.monta\u00f1asdelaluna.es\/wp-content\/uploads\/2018\/07\/OshLenin.mapa_.web_-1024x806.jpg 1024w\" sizes=\"auto, (max-width: 1700px) 100vw, 1700px\" \/><\/a><p id=\"caption-attachment-39023\" class=\"wp-caption-text\">Mapa de parte de Kirguist\u00e1n donde aparece Osh, Sary Mogul y el Pico Lenin.<\/p><\/div>\n<p>Nada m\u00e1s salir del hotel paramos en un supermercado. Compramos chocolate, frutos secos y barritas de fruta. Ha venido bien tener dinero en Soms.<\/p>\n<p>Javi compara las carreteras y particularidades de Kirguist\u00e1n con la de Nepal y otras: son mejores, hay carretera asfaltada y cuidada hasta cerca del Pamir, y la gente es por lo general limpia. Los lugares est\u00e1n limpios.<\/p>\n<p>Y ya estamos de camino. La carretera debe de cruzar la Cordillera Alai, llegar a una especie de valle ancho y llano entre esta cordillera y el Pamir, y despu\u00e9s girar en busca del camino del Pamir y el vallecillo que nos lleva al Campo Base del Lenin.<\/p>\n<p>Las vacas y animales se cruzan tranquilamente en la carretera sin miedo y el conductor con bastante pericia y casi sin bajar la velocidad, las esquiva temerariamente.<\/p>\n<div id=\"attachment_38726\" style=\"width: 1034px\" class=\"wp-caption aligncenter\"><a class=\"dt-single-image\" href=\"https:\/\/www.monta\u00f1asdelaluna.es\/wp-content\/uploads\/2018\/10\/IMG_9032D.jpg\" data-dt-img-description=\"\"><img loading=\"lazy\" decoding=\"async\" aria-describedby=\"caption-attachment-38726\" class=\"wp-image-38726 size-large\" src=\"https:\/\/www.monta\u00f1asdelaluna.es\/wp-content\/uploads\/2018\/10\/IMG_9032D-1024x683.jpg\" alt=\"Puerto en la Cordillera Alai: Taldyk Pass, 3.615 mts.\" width=\"1024\" height=\"683\" srcset=\"https:\/\/www.monta\u00f1asdelaluna.es\/wp-content\/uploads\/2018\/10\/IMG_9032D-1024x683.jpg 1024w, https:\/\/www.monta\u00f1asdelaluna.es\/wp-content\/uploads\/2018\/10\/IMG_9032D-300x200.jpg 300w, https:\/\/www.monta\u00f1asdelaluna.es\/wp-content\/uploads\/2018\/10\/IMG_9032D.jpg 1788w\" sizes=\"auto, (max-width: 1024px) 100vw, 1024px\" \/><\/a><p id=\"caption-attachment-38726\" class=\"wp-caption-text\">Puerto en la Cordillera Alai: Taldyk Pass, 3.615 mts.<\/p><\/div>\n<div id=\"attachment_38725\" style=\"width: 1034px\" class=\"wp-caption aligncenter\"><a class=\"dt-single-image\" href=\"https:\/\/www.monta\u00f1asdelaluna.es\/wp-content\/uploads\/2018\/10\/puerto-en-la-cordillera-alai-taldyk-pass-3-615-mts.jpg\" data-dt-img-description=\"\"><img loading=\"lazy\" decoding=\"async\" aria-describedby=\"caption-attachment-38725\" class=\"wp-image-38725 size-large\" src=\"https:\/\/www.monta\u00f1asdelaluna.es\/wp-content\/uploads\/2018\/10\/puerto-en-la-cordillera-alai-taldyk-pass-3-615-mts-1024x683.jpg\" alt=\"Puerto en la Cordillera Alai: Taldyk Pass, 3.615 mts.\" width=\"1024\" height=\"683\" srcset=\"https:\/\/www.monta\u00f1asdelaluna.es\/wp-content\/uploads\/2018\/10\/puerto-en-la-cordillera-alai-taldyk-pass-3-615-mts-1024x683.jpg 1024w, https:\/\/www.monta\u00f1asdelaluna.es\/wp-content\/uploads\/2018\/10\/puerto-en-la-cordillera-alai-taldyk-pass-3-615-mts-300x200.jpg 300w, https:\/\/www.monta\u00f1asdelaluna.es\/wp-content\/uploads\/2018\/10\/puerto-en-la-cordillera-alai-taldyk-pass-3-615-mts.jpg 1788w\" sizes=\"auto, (max-width: 1024px) 100vw, 1024px\" \/><\/a><p id=\"caption-attachment-38725\" class=\"wp-caption-text\">Puerto en la Cordillera Alai: Taldyk Pass, 3.615 mts.<\/p><\/div>\n<p>El camino es largo. Llegado a un punto subiendo por un valle, el coche se para: \u201ctoilette\u201d nos dice el conductor. Estamos en el Pass Taldyk a 3.615 mts. de altitud en medio de la Cordillera Alai. Hacemos fotos, vamos al \u201ctoilette\u201d (en las piedras). Hace mucho viento. El resto de coches tambi\u00e9n paran aqu\u00ed (hemos hecho una especie de carrera con el resto con adelantamientos). Un ni\u00f1o Kirguistan\u00ed que no sabemos de d\u00f3nde ha salido, \u00bfme pregunta \u201cWhere you from?\u201d, \u201cSpain\u201d. En un puerto de monta\u00f1a.<\/p>\n<p>R\u00e1pidamente volvemos al coche y seguimos carretera abajo. Al tiempo llegamos al llano nombrado pasando por pueblos peque\u00f1os que algunos salen en el mapa que compramos en el hotel, y otros no.<\/p>\n<p>De repente salimos de la carretera y nos adentramos por un camino. Pens\u00e1bamos que ahora ir\u00edamos en todoterreno, pero no, el coche nos subir\u00e1 por este camino tortuoso hasta el mismo Campo Base.<\/p>\n<p>El chofer a los pocos minutos de estar en el camino, para, para que bajemos y admiremos la entrada al Pamir. La codillera est\u00e1 nublada aunque en el resto del pa\u00eds que hemos cruzado hacia muy buen tiempo, y las altas cimas no se ven, pero se aprecian unas enormes masas de nieve y hielo blanco de los glaciares. Fotos, videos\u2026 \u00a1Estamos en las puertas del Pamir! Una perfecta hilera de monta\u00f1as separa la cordillera de este valle llano lleno de derrubios de los r\u00edos que bajan de la cordillera.<\/p>\n<div id=\"attachment_38730\" style=\"width: 1034px\" class=\"wp-caption aligncenter\"><a class=\"dt-single-image\" href=\"https:\/\/www.monta\u00f1asdelaluna.es\/wp-content\/uploads\/2018\/10\/sary-mogul-bajo-la-cordillera-alai-de-aqui-sale-el-camino-hacia-el-campo-base-del-pico-lenin.jpg\" data-dt-img-description=\"\"><img loading=\"lazy\" decoding=\"async\" aria-describedby=\"caption-attachment-38730\" class=\"wp-image-38730 size-large\" src=\"https:\/\/www.monta\u00f1asdelaluna.es\/wp-content\/uploads\/2018\/10\/sary-mogul-bajo-la-cordillera-alai-de-aqui-sale-el-camino-hacia-el-campo-base-del-pico-lenin-1024x683.jpg\" alt=\"Sary Mogul bajo la Cordillera Alai, de aqu\u00ed sale el camino hacia el Campo Base del Pico Lenin\" width=\"1024\" height=\"683\" srcset=\"https:\/\/www.monta\u00f1asdelaluna.es\/wp-content\/uploads\/2018\/10\/sary-mogul-bajo-la-cordillera-alai-de-aqui-sale-el-camino-hacia-el-campo-base-del-pico-lenin-1024x683.jpg 1024w, https:\/\/www.monta\u00f1asdelaluna.es\/wp-content\/uploads\/2018\/10\/sary-mogul-bajo-la-cordillera-alai-de-aqui-sale-el-camino-hacia-el-campo-base-del-pico-lenin-300x200.jpg 300w, https:\/\/www.monta\u00f1asdelaluna.es\/wp-content\/uploads\/2018\/10\/sary-mogul-bajo-la-cordillera-alai-de-aqui-sale-el-camino-hacia-el-campo-base-del-pico-lenin.jpg 1788w\" sizes=\"auto, (max-width: 1024px) 100vw, 1024px\" \/><\/a><p id=\"caption-attachment-38730\" class=\"wp-caption-text\">Sary Mogul bajo la Cordillera Alai, de aqu\u00ed sale el camino hacia el Campo Base del Pico Lenin<\/p><\/div>\n<div id=\"attachment_38729\" style=\"width: 1034px\" class=\"wp-caption aligncenter\"><a class=\"dt-single-image\" href=\"https:\/\/www.monta\u00f1asdelaluna.es\/wp-content\/uploads\/2018\/10\/javi-y-joaquin-en-las-puertas-de-la-cordillera-del-pamir.jpg\" data-dt-img-description=\"\"><img loading=\"lazy\" decoding=\"async\" aria-describedby=\"caption-attachment-38729\" class=\"wp-image-38729 size-large\" src=\"https:\/\/www.monta\u00f1asdelaluna.es\/wp-content\/uploads\/2018\/10\/javi-y-joaquin-en-las-puertas-de-la-cordillera-del-pamir-1024x683.jpg\" alt=\"Javi y Joaqu\u00edn en las puertas de la Cordillera del Pamir\" width=\"1024\" height=\"683\" srcset=\"https:\/\/www.monta\u00f1asdelaluna.es\/wp-content\/uploads\/2018\/10\/javi-y-joaquin-en-las-puertas-de-la-cordillera-del-pamir-1024x683.jpg 1024w, https:\/\/www.monta\u00f1asdelaluna.es\/wp-content\/uploads\/2018\/10\/javi-y-joaquin-en-las-puertas-de-la-cordillera-del-pamir-300x200.jpg 300w, https:\/\/www.monta\u00f1asdelaluna.es\/wp-content\/uploads\/2018\/10\/javi-y-joaquin-en-las-puertas-de-la-cordillera-del-pamir.jpg 1788w\" sizes=\"auto, (max-width: 1024px) 100vw, 1024px\" \/><\/a><p id=\"caption-attachment-38729\" class=\"wp-caption-text\">Javi y Joaqu\u00edn en las puertas de la Cordillera del Pamir<\/p><\/div>\n<p>Volvemos al coche y ahora es cuando comienzan las 2 horas de camino y subibajas molestos. Intento dormir para pasar lo m\u00e1s r\u00e1pidamente posible este tramo, pero los vaivenes del coche hacen que casi caiga del asiento. Nos adentramos en un valle, y al poco tiempo descubrimos varias tiendas de campa\u00f1a grandes, alineadas en varios lugares: hay varios campamentos, 3 he contado, nosotros vamos al que est\u00e1 m\u00e1s adentrado en el valle pero no el m\u00e1s grande: es de la empresa Central Asia Travel.[vc_separator][\/vc_column_text][\/vc_column][\/vc_row][vc_row][vc_column][vc_empty_space][\/vc_column][\/vc_row][vc_row][vc_column][vc_video link=\u00bbhttps:\/\/vimeo.com\/293205937?share=copy&amp;fl=sv&amp;fe=ci#t=0&#8243; title=\u00bbCamino al Pico Lenin\u00bb][\/vc_column][\/vc_row][vc_row][vc_column][vc_empty_space][\/vc_column][\/vc_row][vc_row][vc_column][vc_column_text]Despu\u00e9s de las 14\u201930 llegamos al Campamento Base: hay 5 yurtas (tiendas redondas, grandes, t\u00edpicas de los n\u00f3madas Kirguistan\u00eds) y unas 30 o 40 tiendas como de campa\u00f1a amarillas, grandes, que forman un cuadrado mirando al centro del mismo. Bajamos y nos acomodamos. Se nos presenta \u201cla jefa\u201d, Cristina. Una chica muy joven rusa que en ingl\u00e9s nos explica a todos los reci\u00e9n llegados las caracter\u00edsticas, horarios y cosas que tenemos que saber. Las yurtas son: 2 comedores (1 comedor y sala de estar), donde se desayuna, come y cena; una cocina, 1 \u201cstore\u201d (almac\u00e9n). Al otro lado de las yurtas hay m\u00e1s tiendas amarillas pero parece que no hay gente en ellas. Tambi\u00e9n hay duchas y sauna, que est\u00e1n algo m\u00e1s alejadas. Como las 4 toilettes y los lavabos (alejados de las toilettes) que est\u00e1n en medio del camino a los ba\u00f1os y est\u00e1n al aire libre sin techo sobre el que cobijarse. A Javi y a m\u00ed nos dan la tienda n\u00ba 6 que se compone de 2 camas (son palets), con colch\u00f3n, edred\u00f3n, 2 flexos y una entrada, vest\u00edbulo\u2026 No est\u00e1 mal.<\/p>\n<p>Pero lo mejor son las vistas; a\u00fan muy alejado al fondo del valle, adentr\u00e1ndose en las monta\u00f1as, aparecen gigantescos glaciares, nieve sobre gigantescas monta\u00f1as, que aun estando lejos, se aprecia su grandiosidad. Ahora el cielo est\u00e1 nublado y no se aprecia con claridad todos sus perfiles pero se observa que ser\u00e1n grandiosas. Estamos a 3.600 mts. de altitud. Aun no me afecta la altura.<\/p>\n<div id=\"attachment_38742\" style=\"width: 1034px\" class=\"wp-caption aligncenter\"><a class=\"dt-single-image\" href=\"https:\/\/www.monta\u00f1asdelaluna.es\/wp-content\/uploads\/2018\/10\/IMG_8146B.jpg\" data-dt-img-description=\"\"><img loading=\"lazy\" decoding=\"async\" aria-describedby=\"caption-attachment-38742\" class=\"wp-image-38742 size-large\" src=\"https:\/\/www.monta\u00f1asdelaluna.es\/wp-content\/uploads\/2018\/10\/IMG_8146B-1024x683.jpg\" alt=\"Campo Base del Pico Lenin, 3.600 mts.\" width=\"1024\" height=\"683\" srcset=\"https:\/\/www.monta\u00f1asdelaluna.es\/wp-content\/uploads\/2018\/10\/IMG_8146B-1024x683.jpg 1024w, https:\/\/www.monta\u00f1asdelaluna.es\/wp-content\/uploads\/2018\/10\/IMG_8146B-300x200.jpg 300w, https:\/\/www.monta\u00f1asdelaluna.es\/wp-content\/uploads\/2018\/10\/IMG_8146B.jpg 1788w\" sizes=\"auto, (max-width: 1024px) 100vw, 1024px\" \/><\/a><p id=\"caption-attachment-38742\" class=\"wp-caption-text\">Campo Base del Pico Lenin, 3.600 mts.<\/p><\/div>\n<div id=\"attachment_38746\" style=\"width: 1034px\" class=\"wp-caption aligncenter\"><a class=\"dt-single-image\" href=\"https:\/\/www.monta\u00f1asdelaluna.es\/wp-content\/uploads\/2018\/10\/campo-base-del-pico-lenin-3-600-mts-bajo-le-pico-petrowsky.jpg\" data-dt-img-description=\"\"><img loading=\"lazy\" decoding=\"async\" aria-describedby=\"caption-attachment-38746\" class=\"wp-image-38746 size-large\" src=\"https:\/\/www.monta\u00f1asdelaluna.es\/wp-content\/uploads\/2018\/10\/campo-base-del-pico-lenin-3-600-mts-bajo-le-pico-petrowsky-1024x683.jpg\" alt=\"Campo Base del Pico Lenin, 3.600 mts., bajo le pico Petrowsky\" width=\"1024\" height=\"683\" srcset=\"https:\/\/www.monta\u00f1asdelaluna.es\/wp-content\/uploads\/2018\/10\/campo-base-del-pico-lenin-3-600-mts-bajo-le-pico-petrowsky-1024x683.jpg 1024w, https:\/\/www.monta\u00f1asdelaluna.es\/wp-content\/uploads\/2018\/10\/campo-base-del-pico-lenin-3-600-mts-bajo-le-pico-petrowsky-300x200.jpg 300w, https:\/\/www.monta\u00f1asdelaluna.es\/wp-content\/uploads\/2018\/10\/campo-base-del-pico-lenin-3-600-mts-bajo-le-pico-petrowsky.jpg 1788w\" sizes=\"auto, (max-width: 1024px) 100vw, 1024px\" \/><\/a><p id=\"caption-attachment-38746\" class=\"wp-caption-text\">Campo Base del Pico Lenin, 3.600 mts., bajo le pico Petrowsky<\/p><\/div>\n<p>Cerca de las 15\u201930 nos vamos a la yurta comedor para hacer una comida (casi merienda) y aqu\u00ed ya nos reunimos todos los que seremos el Equipo Mixto: Thomas (Tom) es de Holanda, ha viajado mucho y subido otras monta\u00f1as y sabe espa\u00f1ol; es s\u00faper amable, amigable y simp\u00e1tico y enseguida conectamos con \u00e9l. Hans es alto, rubio y belga; Ilan tambi\u00e9n es holand\u00e9s o alem\u00e1n, Luis Guerrero, Dimitri, Stephen que es taiwan\u00e9s de 67 a\u00f1os (le molesta que le digan que es Chino), ha subido al Aconcagua y dos veces el Denali cuando era joven, habla poco pero es constante; un ruso que toma el sol sin camiseta pavone\u00e1ndose por el campamento, cuyo nombre no recuerdo, un australiano con aspecto de asi\u00e1tico (Ray) que tambi\u00e9n ha subido al Aconcagua, Teresa de la Rep\u00fablica Checa y otra chica con nombre como griego (Iveta) que siempre lleva un camar\u00f3n Canon Reflex en el pecho colgada de la mochila, tambi\u00e9n de Chequia.<\/p>\n<p>Todos comemos juntos en la yurta comedor y as\u00ed nos vamos conociendo. En la comida llega otro joven Dimitri (Dima), de ojos azules, pelo rubio, ruso total, que ser\u00e1 nuestro gu\u00eda y habla en un ingl\u00e9s casi irreconocible.<\/p>\n<p>Despu\u00e9s de comer y organizar las tiendas, decidimos salir algunos del grupo a merodear por los alrededores. Con el paso del tiempo parece que se despejan las monta\u00f1as y las vistas son bonitas aunque no completas. Hay un rio cercano cuyo cauce forma un impresionante ca\u00f1\u00f3n. No llega a ser un r\u00edo del Himalaya pero cuando baja agua por aqu\u00ed, tiene que ser impresionante y caudaloso. El terreno en general es verde y todas las monta\u00f1as de alrededor est\u00e1n nevadas y son altas; a partir de 4.500 mts. m\u00e1s o menos ya hay nieve seg\u00fan los rincones.<\/p>\n<div id=\"attachment_38748\" style=\"width: 1034px\" class=\"wp-caption aligncenter\"><a class=\"dt-single-image\" href=\"https:\/\/www.monta\u00f1asdelaluna.es\/wp-content\/uploads\/2018\/10\/yurta-comedor-en-el-campo-base-del-pico-lenin-3-600-mts.jpg\" data-dt-img-description=\"\"><img loading=\"lazy\" decoding=\"async\" aria-describedby=\"caption-attachment-38748\" class=\"wp-image-38748 size-large\" src=\"https:\/\/www.monta\u00f1asdelaluna.es\/wp-content\/uploads\/2018\/10\/yurta-comedor-en-el-campo-base-del-pico-lenin-3-600-mts-1024x683.jpg\" alt=\"Yurta comedor en el Campo Base del Pico Lenin, 3.600 mts.\" width=\"1024\" height=\"683\" srcset=\"https:\/\/www.monta\u00f1asdelaluna.es\/wp-content\/uploads\/2018\/10\/yurta-comedor-en-el-campo-base-del-pico-lenin-3-600-mts-1024x683.jpg 1024w, https:\/\/www.monta\u00f1asdelaluna.es\/wp-content\/uploads\/2018\/10\/yurta-comedor-en-el-campo-base-del-pico-lenin-3-600-mts-300x200.jpg 300w, https:\/\/www.monta\u00f1asdelaluna.es\/wp-content\/uploads\/2018\/10\/yurta-comedor-en-el-campo-base-del-pico-lenin-3-600-mts.jpg 1788w\" sizes=\"auto, (max-width: 1024px) 100vw, 1024px\" \/><\/a><p id=\"caption-attachment-38748\" class=\"wp-caption-text\">Yurta comedor en el Campo Base del Pico Lenin, 3.600 mts.<\/p><\/div>\n<div id=\"attachment_38750\" style=\"width: 1034px\" class=\"wp-caption aligncenter\"><a class=\"dt-single-image\" href=\"https:\/\/www.monta\u00f1asdelaluna.es\/wp-content\/uploads\/2018\/10\/IMG_8153A.jpg\" data-dt-img-description=\"\"><img loading=\"lazy\" decoding=\"async\" aria-describedby=\"caption-attachment-38750\" class=\"wp-image-38750 size-large\" src=\"https:\/\/www.monta\u00f1asdelaluna.es\/wp-content\/uploads\/2018\/10\/IMG_8153A-1024x768.jpg\" alt=\"Yurta comedor en el Campo Base del Pico Lenin, 3.600 mts.\" width=\"1024\" height=\"768\" srcset=\"https:\/\/www.monta\u00f1asdelaluna.es\/wp-content\/uploads\/2018\/10\/IMG_8153A-1024x768.jpg 1024w, https:\/\/www.monta\u00f1asdelaluna.es\/wp-content\/uploads\/2018\/10\/IMG_8153A-300x225.jpg 300w, https:\/\/www.monta\u00f1asdelaluna.es\/wp-content\/uploads\/2018\/10\/IMG_8153A.jpg 1499w\" sizes=\"auto, (max-width: 1024px) 100vw, 1024px\" \/><\/a><p id=\"caption-attachment-38750\" class=\"wp-caption-text\">Yurta comedor en el Campo Base del Pico Lenin, 3.600 mts.<\/p><\/div>\n<p>Los gigantes glaciares blancos quedan al fondo. No se ven bien todo por las nubes pero nos impresiona \u00a1Nunca he visto monta\u00f1as, glaciares as\u00ed! \u00a1Enorme, gigantesco!&#8230; precioso.<\/p>\n<p>Nos vamos a dormir. No abrimos sacos. Bajo los edredones tambi\u00e9n se est\u00e1 caliente, aunque hiele algo esa noche. El cielo se va despejando y seguramente ma\u00f1ana estar\u00e1 todo despejado.<\/p>\n<p>Ma\u00f1ana comenzamos la aclimataci\u00f3n subiendo a 4.100 mts. en las laderas del pico Pietroshkogo, que mide 4.825 mts. seg\u00fan el planning de MundoExplora, habr\u00eda que subirlo hasta la cima\u2026 menos mal que no.<\/p>\n<div id=\"attachment_39018\" style=\"width: 1158px\" class=\"wp-caption aligncenter\"><a class=\"dt-single-image\" href=\"https:\/\/www.monta\u00f1asdelaluna.es\/wp-content\/uploads\/2018\/07\/CampoBasePicoLenin.mapa_.web_.jpg\" data-dt-img-description=\"\"><img loading=\"lazy\" decoding=\"async\" aria-describedby=\"caption-attachment-39018\" class=\"wp-image-39018 size-full\" src=\"https:\/\/www.monta\u00f1asdelaluna.es\/wp-content\/uploads\/2018\/07\/CampoBasePicoLenin.mapa_.web_.jpg\" alt=\"Croquis del recorrido en coche entre Sary Mogul y Campo Base del Pico Lenin. L\u00ednea de puntos: recorrido aproximado en coche. Punto Rojo: Campo Base del Pico Lenin\" width=\"1148\" height=\"1637\" srcset=\"https:\/\/www.monta\u00f1asdelaluna.es\/wp-content\/uploads\/2018\/07\/CampoBasePicoLenin.mapa_.web_.jpg 1148w, https:\/\/www.monta\u00f1asdelaluna.es\/wp-content\/uploads\/2018\/07\/CampoBasePicoLenin.mapa_.web_-210x300.jpg 210w, https:\/\/www.monta\u00f1asdelaluna.es\/wp-content\/uploads\/2018\/07\/CampoBasePicoLenin.mapa_.web_-718x1024.jpg 718w\" sizes=\"auto, (max-width: 1148px) 100vw, 1148px\" \/><\/a><p id=\"caption-attachment-39018\" class=\"wp-caption-text\">Croquis del recorrido en coche entre Sary Mogul y Campo Base del Pico Lenin. L\u00ednea de puntos: recorrido aproximado en coche. Punto Rojo: Campo Base del Pico Lenin<\/p><\/div>\n<p>[\/vc_column_text][\/vc_column][\/vc_row][vc_row][vc_column][vc_empty_space height=\u00bb60px\u00bb][\/vc_column][\/vc_row][vc_row][vc_column][vc_cta h2=\u00bb\u00c1lbum de fotos\u00bb txt_align=\u00bbcenter\u00bb add_button=\u00bbbottom\u00bb btn_title=\u00bbVer fotos\u00bb btn_color=\u00bbwarning\u00bb btn_align=\u00bbcenter\u00bb btn_link=\u00bburl:https%3A%2F%2Fmonta%C3%B1asdelaluna.es%2F%3Fdt_gallery%3D29-de-julio-de-2-018-campo-base-del-pico-lenin-2|title:29%20de%20julio%20de%202.018.%20Campo%20Base%20del%20Pico%20Lenin|target:_blank\u00bb css=\u00bb.vc_custom_1625695177871{background-color: #8bc4ed !important;}\u00bb]Puedes ver un resumen de todas las fotos d\u00eda 29 de julio del relato y actividad en forma de presentaci\u00f3n o individuales pinchando aqui \u00a1No te las pierdas![\/vc_cta][\/vc_column][\/vc_row][vc_row][vc_column][vc_empty_space height=\u00bb60px\u00bb][\/vc_column][\/vc_row][vc_row][vc_column width=\u00bb1\/6&#8243;][\/vc_column][vc_column width=\u00bb1\/3&#8243;][vc_empty_space height=\u00bb24px\u00bb][vc_raw_html]JTNDaWZyYW1lJTIwc3JjJTNEJTIyaHR0cHMlM0ElMkYlMkZ3d3cubWV0ZW9ibHVlLmNvbSUyRmVzJTJGdGllbXBvJTJGd2lkZ2V0JTJGZGFpbHklMkZvc2hfa2lyZ3Vpc3QlMjVjMyUyNWExbl8xNTI3NTM0JTNGZ2VvbG9jJTNEZml4ZWQlMjZkYXlzJTNENyUyNnRlbXB1bml0JTNEQ0VMU0lVUyUyNndpbmR1bml0JTNES0lMT01FVEVSX1BFUl9IT1VSJTI2cHJlY2lwdW5pdCUzRE1JTExJTUVURVIlMjZjb2xvdXJlZCUzRGNvbG91cmVkJTI2cGljdG9pY29uJTNEMCUyNnBpY3RvaWNvbiUzRDElMjZtYXh0ZW1wZXJhdHVyZSUzRDAlMjZtYXh0ZW1wZXJhdHVyZSUzRDElMjZtaW50ZW1wZXJhdHVyZSUzRDAlMjZtaW50ZW1wZXJhdHVyZSUzRDElMjZ3aW5kc3BlZWQlM0QwJTI2d2luZHNwZWVkJTNEMSUyNndpbmRndXN0JTNEMCUyNndpbmRndXN0JTNEMSUyNndpbmRkaXJlY3Rpb24lM0QwJTI2d2luZGRpcmVjdGlvbiUzRDElMjZ1diUzRDAlMjZodW1pZGl0eSUzRDAlMjZwcmVjaXBpdGF0aW9uJTNEMCUyNnByZWNpcGl0YXRpb24lM0QxJTI2cHJlY2lwaXRhdGlvbnByb2JhYmlsaXR5JTNEMCUyNnByZWNpcGl0YXRpb25wcm9iYWJpbGl0eSUzRDElMjZzcG90JTNEMCUyNnNwb3QlM0QxJTI2cHJlc3N1cmUlM0QwJTI2cHJlc3N1cmUlM0QxJTI2bGF5b3V0JTNEbGlnaHQlMjIlMjAlMjBmcmFtZWJvcmRlciUzRCUyMjAlMjIlMjBzY3JvbGxpbmclM0QlMjJOTyUyMiUyMGFsbG93dHJhbnNwYXJlbmN5JTNEJTIydHJ1ZSUyMiUyMHNhbmRib3glM0QlMjJhbGxvdy1zYW1lLW9yaWdpbiUyMGFsbG93LXNjcmlwdHMlMjBhbGxvdy1wb3B1cHMlMjBhbGxvdy1wb3B1cHMtdG8tZXNjYXBlLXNhbmRib3glMjIlMjBzdHlsZSUzRCUyMndpZHRoJTNBJTIwMzc4cHglM0JoZWlnaHQlM0ElMjA0MTNweCUyMiUzRSUzQyUyRmlmcmFtZSUzRSUzQ2RpdiUzRSUzQyUyMS0tJTIwRE8lMjBOT1QlMjBSRU1PVkUlMjBUSElTJTIwTElOSyUyMC0tJTNFJTNDYSUyMGhyZWYlM0QlMjJodHRwcyUzQSUyRiUyRnd3dy5tZXRlb2JsdWUuY29tJTJGZXMlMkZ0aWVtcG8lMkZwcm9ub3N0aWNvJTJGc2VtYW5hJTJGb3NoX2tpcmd1aXN0JTI1YzMlMjVhMW5fMTUyNzUzNCUzRnV0bV9zb3VyY2UlM0R3ZWF0aGVyX3dpZGdldCUyNnV0bV9tZWRpdW0lM0RsaW5rdXMlMjZ1dG1fY29udGVudCUzRGRhaWx5JTI2dXRtX2NhbXBhaWduJTNEV2VhdGhlciUyNTJCV2lkZ2V0JTIyJTIwdGFyZ2V0JTNEJTIyX2JsYW5rJTIyJTNFbWV0ZW9ibHVlJTNDJTJGYSUzRSUzQyUyRmRpdiUzRQ==[\/vc_raw_html][\/vc_column][vc_column width=\u00bb1\/3&#8243;][vc_column_text]Tiempo Campo Base Pico Lenin[\/vc_column_text][vc_raw_html]JTNDaWZyYW1lJTIwc3JjJTNEJTIyaHR0cHMlM0ElMkYlMkZ3d3cubWV0ZW9ibHVlLmNvbSUyRmVzJTJGdGllbXBvJTJGd2lkZ2V0JTJGZGFpbHklMkYzOS40NzRONzIuOTE2RTM2NDNfQXNpYSUyNTJGQmlzaGtlayUzRmdlb2xvYyUzRGZpeGVkJTI2ZGF5cyUzRDclMjZ0ZW1wdW5pdCUzRENFTFNJVVMlMjZ3aW5kdW5pdCUzREtJTE9NRVRFUl9QRVJfSE9VUiUyNnByZWNpcHVuaXQlM0RNSUxMSU1FVEVSJTI2Y29sb3VyZWQlM0Rjb2xvdXJlZCUyNnBpY3RvaWNvbiUzRDAlMjZwaWN0b2ljb24lM0QxJTI2bWF4dGVtcGVyYXR1cmUlM0QwJTI2bWF4dGVtcGVyYXR1cmUlM0QxJTI2bWludGVtcGVyYXR1cmUlM0QwJTI2bWludGVtcGVyYXR1cmUlM0QxJTI2d2luZHNwZWVkJTNEMCUyNndpbmRzcGVlZCUzRDElMjZ3aW5kZ3VzdCUzRDAlMjZ3aW5kZ3VzdCUzRDElMjZ3aW5kZGlyZWN0aW9uJTNEMCUyNndpbmRkaXJlY3Rpb24lM0QxJTI2dXYlM0QwJTI2aHVtaWRpdHklM0QwJTI2cHJlY2lwaXRhdGlvbiUzRDAlMjZwcmVjaXBpdGF0aW9uJTNEMSUyNnByZWNpcGl0YXRpb25wcm9iYWJpbGl0eSUzRDAlMjZwcmVjaXBpdGF0aW9ucHJvYmFiaWxpdHklM0QxJTI2c3BvdCUzRDAlMjZzcG90JTNEMSUyNnByZXNzdXJlJTNEMCUyNnByZXNzdXJlJTNEMSUyNmxheW91dCUzRGxpZ2h0JTIyJTIwJTIwZnJhbWVib3JkZXIlM0QlMjIwJTIyJTIwc2Nyb2xsaW5nJTNEJTIyTk8lMjIlMjBhbGxvd3RyYW5zcGFyZW5jeSUzRCUyMnRydWUlMjIlMjBzYW5kYm94JTNEJTIyYWxsb3ctc2FtZS1vcmlnaW4lMjBhbGxvdy1zY3JpcHRzJTIwYWxsb3ctcG9wdXBzJTIwYWxsb3ctcG9wdXBzLXRvLWVzY2FwZS1zYW5kYm94JTIyJTIwc3R5bGUlM0QlMjJ3aWR0aCUzQSUyMDM3OHB4JTNCaGVpZ2h0JTNBJTIwNDEzcHglMjIlM0UlM0MlMkZpZnJhbWUlM0UlM0NkaXYlM0UlM0MlMjEtLSUyMERPJTIwTk9UJTIwUkVNT1ZFJTIwVEhJUyUyMExJTkslMjAtLSUzRSUzQ2ElMjBocmVmJTNEJTIyaHR0cHMlM0ElMkYlMkZ3d3cubWV0ZW9ibHVlLmNvbSUyRmVzJTJGdGllbXBvJTJGcHJvbm9zdGljbyUyRnNlbWFuYSUyRjM5LjQ3NE43Mi45MTZFMzY0M19Bc2lhJTI1MkZCaXNoa2VrJTNGdXRtX3NvdXJjZSUzRHdlYXRoZXJfd2lkZ2V0JTI2dXRtX21lZGl1bSUzRGxpbmt1cyUyNnV0bV9jb250ZW50JTNEZGFpbHklMjZ1dG1fY2FtcGFpZ24lM0RXZWF0aGVyJTI1MkJXaWRnZXQlMjIlMjB0YXJnZXQlM0QlMjJfYmxhbmslMjIlM0VtZXRlb2JsdWUlM0MlMkZhJTNFJTNDJTJGZGl2JTNF[\/vc_raw_html][\/vc_column][vc_column width=\u00bb1\/6&#8243;][\/vc_column][\/vc_row]<\/p>\n","protected":false},"excerpt":{"rendered":"<p>[vc_row][vc_column][vc_column_text]Nos levantamos descansados, aunque yo he pasado calor y a media noche tuve que abrir la ventana. Por la noche y en mitad de la madrugada o\u00eda llamar oraci\u00f3n desde el minarete. A las 8 desayuno en el hotel y a las 9 salimos con las furgos-minibuses en busca del Lenin. Somos varios grupos, varios&hellip;<\/p>\n","protected":false},"author":1,"featured_media":38746,"comment_status":"open","ping_status":"open","sticky":false,"template":"","format":"standard","meta":[],"categories":[115],"tags":[],"class_list":["post-38945","post","type-post","status-publish","format-standard","has-post-thumbnail","hentry","category-pico-lenin","category-115","description-off"],"_links":{"self":[{"href":"https:\/\/www.monta\u00f1asdelaluna.es\/index.php?rest_route=\/wp\/v2\/posts\/38945","targetHints":{"allow":["GET"]}}],"collection":[{"href":"https:\/\/www.monta\u00f1asdelaluna.es\/index.php?rest_route=\/wp\/v2\/posts"}],"about":[{"href":"https:\/\/www.monta\u00f1asdelaluna.es\/index.php?rest_route=\/wp\/v2\/types\/post"}],"author":[{"embeddable":true,"href":"https:\/\/www.monta\u00f1asdelaluna.es\/index.php?rest_route=\/wp\/v2\/users\/1"}],"replies":[{"embeddable":true,"href":"https:\/\/www.monta\u00f1asdelaluna.es\/index.php?rest_route=%2Fwp%2Fv2%2Fcomments&post=38945"}],"version-history":[{"count":11,"href":"https:\/\/www.monta\u00f1asdelaluna.es\/index.php?rest_route=\/wp\/v2\/posts\/38945\/revisions"}],"predecessor-version":[{"id":52235,"href":"https:\/\/www.monta\u00f1asdelaluna.es\/index.php?rest_route=\/wp\/v2\/posts\/38945\/revisions\/52235"}],"wp:featuredmedia":[{"embeddable":true,"href":"https:\/\/www.monta\u00f1asdelaluna.es\/index.php?rest_route=\/wp\/v2\/media\/38746"}],"wp:attachment":[{"href":"https:\/\/www.monta\u00f1asdelaluna.es\/index.php?rest_route=%2Fwp%2Fv2%2Fmedia&parent=38945"}],"wp:term":[{"taxonomy":"category","embeddable":true,"href":"https:\/\/www.monta\u00f1asdelaluna.es\/index.php?rest_route=%2Fwp%2Fv2%2Fcategories&post=38945"},{"taxonomy":"post_tag","embeddable":true,"href":"https:\/\/www.monta\u00f1asdelaluna.es\/index.php?rest_route=%2Fwp%2Fv2%2Ftags&post=38945"}],"curies":[{"name":"wp","href":"https:\/\/api.w.org\/{rel}","templated":true}]}}