{"id":39751,"date":"2018-03-03T07:12:08","date_gmt":"2018-03-03T07:12:08","guid":{"rendered":"http:\/\/monta\u00f1asdelaluna.com\/?p=39751"},"modified":"2021-08-02T21:17:17","modified_gmt":"2021-08-02T21:17:17","slug":"refugio-des-cortalets-en-el-canigo","status":"publish","type":"post","link":"https:\/\/www.monta\u00f1asdelaluna.es\/?p=39751","title":{"rendered":"Refugio des Cortalets en el Canig\u00f3"},"content":{"rendered":"<p>[vc_row][vc_column][vc_column_text]Despu\u00e9s de tanto tiempo viviendo en Catalu\u00f1a y haber subido sus monta\u00f1as m\u00e1s altas y emblem\u00e1ticas, me faltaba el Canig\u00f3, que, aunque no est\u00e1 en el actual territorio catal\u00e1n, s\u00ed pertenece a la \u201cCatalu\u00f1a Norte\u201d y se incluye en la cultura, historia y tradiciones catalanas.<\/p>\n<p>Nos decidimos hacerla en invierno, una invernal, que no habr\u00e1 mucha gente. El Gallem\u00ed nos dec\u00eda que no era una monta\u00f1a que se visitara en invierno, y despu\u00e9s comprobamos por qu\u00e9. Entonces el pasado fin de semana del 3 y 4 de marzo nos acercamos en el todoterreno del Gallem\u00ed, Paco, el mismo Gallem\u00ed, una amiga de \u00e9ste y yo, en busca de las poblaciones al norte de la monta\u00f1a ya en Francia. Parece que Gallem\u00ed se conoce el camino y como llegar a la pista que sube hasta las cercan\u00edas del gran refugio principal del Canig\u00f3: el Refugio des Cortalets.<\/p>\n<p>Desde Villerach o Claria sale la pista que tiene que pasar por el Coll del Forn. Cruce de pistas. Desde su parking Gallem\u00ed nos cuenta como hizo un Descenso de Barrancos por la riera que pasa abajo y viene del mismo coraz\u00f3n del Canig\u00f3. Seguimos la pista en coche adentr\u00e1ndonos en la monta\u00f1a y en busca de otro parking, el del Refugio de Mas Malet. Ya estamos en la monta\u00f1a, el macizo comienza a crecer y a expandirse de forma casi grandiosa y formidable a la vez, espectacular, la monta\u00f1a y todo su conjunto es enorme, grandiosa, tambi\u00e9n por que sus bases est\u00e1n a una altitud bastante m\u00e1s baja, al ser el primer dos mil desde el Mediterr\u00e1neo del Pirineo. La verdad que con diferencia ya que el pico casi roza los dos mil ochocientos metros con 2.784 mts., con lo que el desnivel es muy apreciable d\u00e1ndole un aspecto grandioso, enorme, a todo el macizo del Canig\u00f3 con respecto a las cercan\u00edas e incluso desde la lejan\u00eda.<\/p>\n<div id=\"attachment_39686\" style=\"width: 1034px\" class=\"wp-caption aligncenter\"><a class=\"dt-single-image\" href=\"https:\/\/www.monta\u00f1asdelaluna.es\/wp-content\/uploads\/2019\/04\/parquing-y-refugio-de-mas-malet.jpg\" data-dt-img-description=\"\"><img loading=\"lazy\" decoding=\"async\" aria-describedby=\"caption-attachment-39686\" class=\"wp-image-39686 size-large\" src=\"https:\/\/www.monta\u00f1asdelaluna.es\/wp-content\/uploads\/2019\/04\/parquing-y-refugio-de-mas-malet-1024x768.jpg\" alt=\"Parquing y Refugio de Mas Malet\" width=\"1024\" height=\"768\" srcset=\"https:\/\/www.monta\u00f1asdelaluna.es\/wp-content\/uploads\/2019\/04\/parquing-y-refugio-de-mas-malet-1024x768.jpg 1024w, https:\/\/www.monta\u00f1asdelaluna.es\/wp-content\/uploads\/2019\/04\/parquing-y-refugio-de-mas-malet-300x225.jpg 300w, https:\/\/www.monta\u00f1asdelaluna.es\/wp-content\/uploads\/2019\/04\/parquing-y-refugio-de-mas-malet.jpg 1788w\" sizes=\"auto, (max-width: 1024px) 100vw, 1024px\" \/><\/a><p id=\"caption-attachment-39686\" class=\"wp-caption-text\">Parquing y Refugio de Mas Malet<\/p><\/div>\n<div id=\"attachment_39687\" style=\"width: 1034px\" class=\"wp-caption aligncenter\"><a class=\"dt-single-image\" href=\"https:\/\/www.monta\u00f1asdelaluna.es\/wp-content\/uploads\/2019\/04\/refugio-de-mas-malet-de-izquierda-a-derecha-joaquin-josep-una-amiga-de-josep-y-paco.jpg\" data-dt-img-description=\"\"><img loading=\"lazy\" decoding=\"async\" aria-describedby=\"caption-attachment-39687\" class=\"wp-image-39687 size-large\" src=\"https:\/\/www.monta\u00f1asdelaluna.es\/wp-content\/uploads\/2019\/04\/refugio-de-mas-malet-de-izquierda-a-derecha-joaquin-josep-una-amiga-de-josep-y-paco-1024x768.jpg\" alt=\"Refugio de Mas Malet, de izquierda a derecha: Joaquin, Josep, una amiga de Josep y Paco\" width=\"1024\" height=\"768\" srcset=\"https:\/\/www.monta\u00f1asdelaluna.es\/wp-content\/uploads\/2019\/04\/refugio-de-mas-malet-de-izquierda-a-derecha-joaquin-josep-una-amiga-de-josep-y-paco-1024x768.jpg 1024w, https:\/\/www.monta\u00f1asdelaluna.es\/wp-content\/uploads\/2019\/04\/refugio-de-mas-malet-de-izquierda-a-derecha-joaquin-josep-una-amiga-de-josep-y-paco-300x225.jpg 300w, https:\/\/www.monta\u00f1asdelaluna.es\/wp-content\/uploads\/2019\/04\/refugio-de-mas-malet-de-izquierda-a-derecha-joaquin-josep-una-amiga-de-josep-y-paco.jpg 1788w\" sizes=\"auto, (max-width: 1024px) 100vw, 1024px\" \/><\/a><p id=\"caption-attachment-39687\" class=\"wp-caption-text\">Refugio de Mas Malet, de izquierda a derecha: Joaquin, Josep, una amiga de Josep y Paco<\/p><\/div>\n<p>Seguimos la pista y paramos en un rinc\u00f3n de la monta\u00f1a y de la misma pista. Una barrera nos impide el paso. Hay un peque\u00f1o refugio, unas barbacoas con bancos y una bonita zona verde: estamos en Mas Malet a 849 mts. de altura. Aqu\u00ed nos equipamos y cargamos los mochilones para subir al Refugio des Cortalets. Comenzamos a muy baja altura para llegar al refugio que est\u00e1 a 2.150 mts., son 1.300 mts. de desnivel cargados con los mochilones y el material de alta monta\u00f1a. Espero que no se nos haga largo. El d\u00eda es muy bueno y soleado, aunque creo que ma\u00f1ana se nublar\u00e1 algo. Me he comprado las botas que me pondr\u00e9 este verano en el Pamir y quiero probarlas, estrenarlas, ablandarlas aqu\u00ed: son La Sportiva G2, a ver qu\u00e9 tal se portan\u2026<\/p>\n<p>Ya estamos listos. Salimos del peque\u00f1o parking, en el que no hay m\u00e1s gente ni coches que nosotros; antes la foto de grupo. Y cogemos una senda que sale a la derecha de la cortada pista, un cartel se\u00f1alizador nos indican: Refugio des Cortalets por la Roca del Mosquito\u2026 son pr\u00e1cticamente 10 kil\u00f3metros y 1.300 metros de desnivel. Ser\u00e1 una subida larga y esforzada. Dejamos las raquetas al comenzar sin nieve y sin tener en cuenta que en altura habr\u00e1 abundante nieve; como ha pasado otras veces, como no la vemos no la sentimos en ese momento\u2026 en ese momento.<\/p>\n<p>La senda est\u00e1 muy bien marcada con sus revueltas y se\u00f1alizaciones. No hay p\u00e9rdida. En cada crucecillo siempre nos encontramos con alg\u00fan cartel indicador que nos dirige por el camino a seguir. Perfecto. Cruzamos ahora una parte de la monta\u00f1a que es un gran bosque de hayas, precioso, con ejemplares magn\u00edficos dignos de ser fotografiados e inmortalizados.<\/p>\n<div id=\"attachment_39692\" style=\"width: 1034px\" class=\"wp-caption aligncenter\"><a class=\"dt-single-image\" href=\"https:\/\/www.monta\u00f1asdelaluna.es\/wp-content\/uploads\/2019\/04\/IMG_7267.jpg\" data-dt-img-description=\"\"><img loading=\"lazy\" decoding=\"async\" aria-describedby=\"caption-attachment-39692\" class=\"wp-image-39692 size-large\" src=\"https:\/\/www.monta\u00f1asdelaluna.es\/wp-content\/uploads\/2019\/04\/IMG_7267-1024x768.jpg\" alt=\"Senda hacia la Roca del Mosquito\" width=\"1024\" height=\"768\" srcset=\"https:\/\/www.monta\u00f1asdelaluna.es\/wp-content\/uploads\/2019\/04\/IMG_7267-1024x768.jpg 1024w, https:\/\/www.monta\u00f1asdelaluna.es\/wp-content\/uploads\/2019\/04\/IMG_7267-300x225.jpg 300w, https:\/\/www.monta\u00f1asdelaluna.es\/wp-content\/uploads\/2019\/04\/IMG_7267.jpg 1788w\" sizes=\"auto, (max-width: 1024px) 100vw, 1024px\" \/><\/a><p id=\"caption-attachment-39692\" class=\"wp-caption-text\">Senda hacia la Roca del Mosquito<\/p><\/div>\n<div id=\"attachment_39696\" style=\"width: 1034px\" class=\"wp-caption aligncenter\"><a class=\"dt-single-image\" href=\"https:\/\/www.monta\u00f1asdelaluna.es\/wp-content\/uploads\/2019\/04\/IMG_7273.jpg\" data-dt-img-description=\"\"><img loading=\"lazy\" decoding=\"async\" aria-describedby=\"caption-attachment-39696\" class=\"wp-image-39696 size-large\" src=\"https:\/\/www.monta\u00f1asdelaluna.es\/wp-content\/uploads\/2019\/04\/IMG_7273-1024x768.jpg\" alt=\"Bosques de la cara norte del Canig\u00f3\" width=\"1024\" height=\"768\" srcset=\"https:\/\/www.monta\u00f1asdelaluna.es\/wp-content\/uploads\/2019\/04\/IMG_7273-1024x768.jpg 1024w, https:\/\/www.monta\u00f1asdelaluna.es\/wp-content\/uploads\/2019\/04\/IMG_7273-300x225.jpg 300w, https:\/\/www.monta\u00f1asdelaluna.es\/wp-content\/uploads\/2019\/04\/IMG_7273.jpg 1788w\" sizes=\"auto, (max-width: 1024px) 100vw, 1024px\" \/><\/a><p id=\"caption-attachment-39696\" class=\"wp-caption-text\">Bosques de la cara norte del Canig\u00f3<\/p><\/div>\n<p>Pasamos por uno de esos cruces. Refugio des Cortalets por la Roca del Mosquito a 7\u20195 Km. Poco a poco vamos cogiendo altura, pero tambi\u00e9n poco a poco se nos va haciendo largo el recorrido. Al final dar\u00e1 la sensaci\u00f3n de no llegar a ninguna parte por mucho que andemos. La senda ahora se airea en las alturas con pasos de piedras puestas como escalones, como aquellos antiguos caminos que los paisanos de los pueblos hac\u00edan en la antig\u00fcedad para comunicar unos con otros por en medio de la abrupta monta\u00f1a. Le da un toque encantador.<\/p>\n<p>Llegamos a otro cruce de recorridos, nosotros siempre hacia el Refugio des Cortalets o a la Roca del Mosquito. Estas sendas unen recorridos que cubren una peque\u00f1a parte de esta ladera norte del Canig\u00f3, ya que es inmensa y muy boscosa.<\/p>\n<p>Conforme vamos cogiendo altura la nieve o los peque\u00f1os neveros hacen acto de presencia por en medio del bello bosque, preludio de lo que nos encontraremos m\u00e1s arriba. Aunque hemos subido mucho, o estamos subiendo mucho, no estamos a mucha altura, al comenzar la marcha a tan baja altura, con lo que el planteamiento de encontrar abundante nieve, no lo ten\u00edamos al comenzar la marcha. Por suerte el d\u00eda acompa\u00f1a con una luminosidad y unas nubes altas que hacen que el sol no moleste.<\/p>\n<div id=\"attachment_39698\" style=\"width: 1034px\" class=\"wp-caption aligncenter\"><a class=\"dt-single-image\" href=\"https:\/\/www.monta\u00f1asdelaluna.es\/wp-content\/uploads\/2019\/04\/volada-senda-hacia-la-roca-del-mosquito.jpg\" data-dt-img-description=\"\"><img loading=\"lazy\" decoding=\"async\" aria-describedby=\"caption-attachment-39698\" class=\"wp-image-39698 size-large\" src=\"https:\/\/www.monta\u00f1asdelaluna.es\/wp-content\/uploads\/2019\/04\/volada-senda-hacia-la-roca-del-mosquito-1024x768.jpg\" alt=\"Volada senda hacia la Roca del Mosquito\" width=\"1024\" height=\"768\" srcset=\"https:\/\/www.monta\u00f1asdelaluna.es\/wp-content\/uploads\/2019\/04\/volada-senda-hacia-la-roca-del-mosquito-1024x768.jpg 1024w, https:\/\/www.monta\u00f1asdelaluna.es\/wp-content\/uploads\/2019\/04\/volada-senda-hacia-la-roca-del-mosquito-300x225.jpg 300w, https:\/\/www.monta\u00f1asdelaluna.es\/wp-content\/uploads\/2019\/04\/volada-senda-hacia-la-roca-del-mosquito.jpg 1788w\" sizes=\"auto, (max-width: 1024px) 100vw, 1024px\" \/><\/a><p id=\"caption-attachment-39698\" class=\"wp-caption-text\">Volada senda hacia la Roca del Mosquito<\/p><\/div>\n<div id=\"attachment_39701\" style=\"width: 1034px\" class=\"wp-caption aligncenter\"><a class=\"dt-single-image\" href=\"https:\/\/www.monta\u00f1asdelaluna.es\/wp-content\/uploads\/2019\/04\/mas-carteles-indicadores.jpg\" data-dt-img-description=\"\"><img loading=\"lazy\" decoding=\"async\" aria-describedby=\"caption-attachment-39701\" class=\"wp-image-39701 size-large\" src=\"https:\/\/www.monta\u00f1asdelaluna.es\/wp-content\/uploads\/2019\/04\/mas-carteles-indicadores-1024x768.jpg\" alt=\"M\u00e1s carteles indicadores\" width=\"1024\" height=\"768\" srcset=\"https:\/\/www.monta\u00f1asdelaluna.es\/wp-content\/uploads\/2019\/04\/mas-carteles-indicadores-1024x768.jpg 1024w, https:\/\/www.monta\u00f1asdelaluna.es\/wp-content\/uploads\/2019\/04\/mas-carteles-indicadores-300x225.jpg 300w, https:\/\/www.monta\u00f1asdelaluna.es\/wp-content\/uploads\/2019\/04\/mas-carteles-indicadores.jpg 1788w\" sizes=\"auto, (max-width: 1024px) 100vw, 1024px\" \/><\/a><p id=\"caption-attachment-39701\" class=\"wp-caption-text\">M\u00e1s carteles indicadores<\/p><\/div>\n<p>M\u00e1s arriba, despu\u00e9s de estar subiendo, caminando con los mochilones un buen rato por el bello bosque cada vez m\u00e1s nevado, nos topamos con una sobresaliente roca que se encuentra a mil novecientos metros de altitud, y presidiendo un largo brazo, cordal que viene desde la misma base del Refugio des Cortalets o de las alturas del Canig\u00f3, hacia el norte en l\u00ednea recta. Este cordal es el que tendremos que seguir para llegar hasta el refugio; estamos pues, en las laderas de la Roca del Mosquito. Aqu\u00ed nos encontramos otro cruce, podemos bajar a la poblaci\u00f3n de Taurinya desde aqu\u00ed, pero nosotros seguimos hacia Les Cortalets\u2026 \u00a1\u00a1A\u00fan quedan seis kil\u00f3metros y medio!!<\/p>\n<p>Por suerte pensaba que, aunque quedaba distancia hasta el Refugio des Cortalets, la subida ser\u00eda m\u00e1s paulatina ya que est\u00e1bamos a bastante altura, 250 metros por debajo de la altura a la que se ubica el refugio; lo que no hab\u00eda tenido en cuenta es la abundante, blanda y gran cantidad de nieve que encontrar\u00edamos en esta parte del recorrido \u00a1\u00a1\u00bfD\u00f3nde est\u00e1n las raquetas?!!; intentando seguir la senda, las huellas, las indicaciones y se\u00f1ales ocultas, que van por el lado izquierdo, luego por la cima del cordal, despu\u00e9s el lado derecho, cima del cordal\u2026 hasta salir de \u00e9l y llegar al Parking des Cortalets, a poca distancia del refugio y ya en la pista que recorre la monta\u00f1a por esta cara norte.<\/p>\n<div id=\"attachment_39705\" style=\"width: 1034px\" class=\"wp-caption aligncenter\"><a class=\"dt-single-image\" href=\"https:\/\/www.monta\u00f1asdelaluna.es\/wp-content\/uploads\/2019\/04\/IMG_7293.jpg\" data-dt-img-description=\"\"><img loading=\"lazy\" decoding=\"async\" aria-describedby=\"caption-attachment-39705\" class=\"wp-image-39705 size-large\" src=\"https:\/\/www.monta\u00f1asdelaluna.es\/wp-content\/uploads\/2019\/04\/IMG_7293-1024x768.jpg\" alt=\"Comienza a aparecer la nieve en la senda\" width=\"1024\" height=\"768\" srcset=\"https:\/\/www.monta\u00f1asdelaluna.es\/wp-content\/uploads\/2019\/04\/IMG_7293-1024x768.jpg 1024w, https:\/\/www.monta\u00f1asdelaluna.es\/wp-content\/uploads\/2019\/04\/IMG_7293-300x225.jpg 300w, https:\/\/www.monta\u00f1asdelaluna.es\/wp-content\/uploads\/2019\/04\/IMG_7293.jpg 1788w\" sizes=\"auto, (max-width: 1024px) 100vw, 1024px\" \/><\/a><p id=\"caption-attachment-39705\" class=\"wp-caption-text\">Comienza a aparecer la nieve en la senda<\/p><\/div>\n<div id=\"attachment_39708\" style=\"width: 1034px\" class=\"wp-caption aligncenter\"><a class=\"dt-single-image\" href=\"https:\/\/www.monta\u00f1asdelaluna.es\/wp-content\/uploads\/2019\/04\/paco-josep-y-la-amiga-de-josep-en-un-descanso-en-la-subida.jpg\" data-dt-img-description=\"\"><img loading=\"lazy\" decoding=\"async\" aria-describedby=\"caption-attachment-39708\" class=\"wp-image-39708 size-large\" src=\"https:\/\/www.monta\u00f1asdelaluna.es\/wp-content\/uploads\/2019\/04\/paco-josep-y-la-amiga-de-josep-en-un-descanso-en-la-subida-1024x768.jpg\" alt=\"Paco, Josep y la amiga de Josep en un descanso en la subida\" width=\"1024\" height=\"768\" srcset=\"https:\/\/www.monta\u00f1asdelaluna.es\/wp-content\/uploads\/2019\/04\/paco-josep-y-la-amiga-de-josep-en-un-descanso-en-la-subida-1024x768.jpg 1024w, https:\/\/www.monta\u00f1asdelaluna.es\/wp-content\/uploads\/2019\/04\/paco-josep-y-la-amiga-de-josep-en-un-descanso-en-la-subida-300x225.jpg 300w, https:\/\/www.monta\u00f1asdelaluna.es\/wp-content\/uploads\/2019\/04\/paco-josep-y-la-amiga-de-josep-en-un-descanso-en-la-subida.jpg 1788w\" sizes=\"auto, (max-width: 1024px) 100vw, 1024px\" \/><\/a><p id=\"caption-attachment-39708\" class=\"wp-caption-text\">Paco, Josep y la amiga de Josep en un descanso en la subida<\/p><\/div>\n<div id=\"attachment_39711\" style=\"width: 1034px\" class=\"wp-caption aligncenter\"><a class=\"dt-single-image\" href=\"https:\/\/www.monta\u00f1asdelaluna.es\/wp-content\/uploads\/2019\/04\/IMG_7300.jpg\" data-dt-img-description=\"\"><img loading=\"lazy\" decoding=\"async\" aria-describedby=\"caption-attachment-39711\" class=\"wp-image-39711 size-large\" src=\"https:\/\/www.monta\u00f1asdelaluna.es\/wp-content\/uploads\/2019\/04\/IMG_7300-1024x768.jpg\" alt=\"La senda se va acercando a la Roca del Mosquito\" width=\"1024\" height=\"768\" srcset=\"https:\/\/www.monta\u00f1asdelaluna.es\/wp-content\/uploads\/2019\/04\/IMG_7300-1024x768.jpg 1024w, https:\/\/www.monta\u00f1asdelaluna.es\/wp-content\/uploads\/2019\/04\/IMG_7300-300x225.jpg 300w, https:\/\/www.monta\u00f1asdelaluna.es\/wp-content\/uploads\/2019\/04\/IMG_7300.jpg 1788w\" sizes=\"auto, (max-width: 1024px) 100vw, 1024px\" \/><\/a><p id=\"caption-attachment-39711\" class=\"wp-caption-text\">La senda se va acercando a la Roca del Mosquito<\/p><\/div>\n<p>El d\u00eda iba pasando y el sol comenzaba a caer por el horizonte \u00bfllegaremos al refugio antes de que se hiciera de noche? La nieve excesivamente blanda y muy abundante, junto con el peso de nuestros mochilones, hace inc\u00f3modo y lento el progresar, a veces desesperante. Incluso nos llegamos a plantear el volver al coche, pero la vuelta, seg\u00fan el punto en el que lo pensamos, hubi\u00e9ramos tardado m\u00e1s que en llegar al Refugio des Cortalets. Si que es cierto que el lugar era encantador y sin tanta nieve o al menos con unas huellas ya pisadas en la nieve, hubiera sido m\u00e1s ameno esta subida, este recorrido hasta el refugio\u2026 llegu\u00e9 a pensar que tendr\u00edamos que pasar la noche por aqu\u00ed en medio, entre el oscuro bosque y la fr\u00eda nieve, ya que las nubes comenzaban a abordar las alturas del Canig\u00f3 y las sombras del atardecer imped\u00edan vislumbrar con claridad el recorrido a seguir\u2026 \u00a1Nos podr\u00edamos perder equivoc\u00e1ndonos al caminar por este \u201crecorrido imaginario\u201d!<\/p>\n<p>Pero justo antes de que sea noche cerrada y con el sol ya en su cuna, salimos del bosque y del cordal (que nunca hay que dejar su parte m\u00e1s alta, al menos de nuestra vista mientras caminamos), y llegamos a una especie de llano despejado de \u00e1rboles y vegetaci\u00f3n, m\u00e1s bien una especie de collado, es el parking de Cortalets. Por aqu\u00ed pasa la pista y de aqu\u00ed sale la que se dirige al Refugio des Cortalets. Estamos a 2.055 metros en este Ras des Cortalets, ya solo nos quedan unos 100 metros y menos de 2 kil\u00f3metros para llegar hasta los muros del Refugio des Cortalets. Por fin lo ten\u00edamos ah\u00ed. La penuria de quedarnos en mitad del bosque, en mitad de la noche, en un lugar que no conoc\u00eda o \u201cdominaba\u201d (no ten\u00eda mapa del Canig\u00f3), se hab\u00eda esfumado, ahora solo hab\u00eda que llegar al refugio y pasar la noche c\u00f3modamente en la parte abierta del mismo, la de invierno. Por unas ventanas entre la vegetaci\u00f3n, entre los \u00e1rboles del bosque que hemos cruzado por la cima de este cordal, que por cierto tiene varias cimitas destacadas o se\u00f1aladas de las que no nos percibimos en nuestra desesperada lucha por encontrar el camino correcto y salir de all\u00ed antes de que se hiciera de noche\u2026 \u00e9stas son La Soucarrade, Tres Avets, Roc Mi\u00f2uelet, y el Roc del Mosquito que es donde acaba el cordal para comenzar a perder altura r\u00e1pidamente mientras se despe\u00f1a monta\u00f1a, ladera abajo por los perfiles norte de este gran macizo; descubrimos las rocosas laderas, paredes mejor dicho, de las grandes e imponentes cimas del Canig\u00f3. Parece una monta\u00f1a imponente desde aqu\u00ed, y a\u00fan lejana, pero en la alta monta\u00f1a las perspectivas pueden enga\u00f1ar, tanto para un lado como para el otro. De todas maneras, preciosas formaciones rocosas, altivas, del Pirineo m\u00e1s oriental. Y desde el mismo Ras des Cortalets, las vistas hacia los puntos m\u00e1s altos de la monta\u00f1a eran m\u00e1s amplios, claros, aunque con menos luz debido a que el sol ya se hab\u00eda ocultado para dar paso a la noche. Excepcional.<\/p>\n<div id=\"attachment_39712\" style=\"width: 1034px\" class=\"wp-caption aligncenter\"><a class=\"dt-single-image\" href=\"https:\/\/www.monta\u00f1asdelaluna.es\/wp-content\/uploads\/2019\/04\/roca-del-mosquito.jpg\" data-dt-img-description=\"\"><img loading=\"lazy\" decoding=\"async\" aria-describedby=\"caption-attachment-39712\" class=\"wp-image-39712 size-large\" src=\"https:\/\/www.monta\u00f1asdelaluna.es\/wp-content\/uploads\/2019\/04\/roca-del-mosquito-1024x768.jpg\" alt=\"Roca del Mosquito\" width=\"1024\" height=\"768\" srcset=\"https:\/\/www.monta\u00f1asdelaluna.es\/wp-content\/uploads\/2019\/04\/roca-del-mosquito-1024x768.jpg 1024w, https:\/\/www.monta\u00f1asdelaluna.es\/wp-content\/uploads\/2019\/04\/roca-del-mosquito-300x225.jpg 300w, https:\/\/www.monta\u00f1asdelaluna.es\/wp-content\/uploads\/2019\/04\/roca-del-mosquito.jpg 1788w\" sizes=\"auto, (max-width: 1024px) 100vw, 1024px\" \/><\/a><p id=\"caption-attachment-39712\" class=\"wp-caption-text\">Roca del Mosquito<\/p><\/div>\n<div id=\"attachment_39714\" style=\"width: 1034px\" class=\"wp-caption aligncenter\"><a class=\"dt-single-image\" href=\"https:\/\/www.monta\u00f1asdelaluna.es\/wp-content\/uploads\/2019\/04\/la-nieve-comienza-a-ser-abundante-camino-del-refugio-de-cortalets.jpg\" data-dt-img-description=\"\"><img loading=\"lazy\" decoding=\"async\" aria-describedby=\"caption-attachment-39714\" class=\"wp-image-39714 size-large\" src=\"https:\/\/www.monta\u00f1asdelaluna.es\/wp-content\/uploads\/2019\/04\/la-nieve-comienza-a-ser-abundante-camino-del-refugio-de-cortalets-1024x768.jpg\" alt=\"La nieve comienza a ser abundante camino del Refugio de Cortalets\" width=\"1024\" height=\"768\" srcset=\"https:\/\/www.monta\u00f1asdelaluna.es\/wp-content\/uploads\/2019\/04\/la-nieve-comienza-a-ser-abundante-camino-del-refugio-de-cortalets-1024x768.jpg 1024w, https:\/\/www.monta\u00f1asdelaluna.es\/wp-content\/uploads\/2019\/04\/la-nieve-comienza-a-ser-abundante-camino-del-refugio-de-cortalets-300x225.jpg 300w, https:\/\/www.monta\u00f1asdelaluna.es\/wp-content\/uploads\/2019\/04\/la-nieve-comienza-a-ser-abundante-camino-del-refugio-de-cortalets.jpg 1788w\" sizes=\"auto, (max-width: 1024px) 100vw, 1024px\" \/><\/a><p id=\"caption-attachment-39714\" class=\"wp-caption-text\">La nieve comienza a ser abundante camino del Refugio de Cortalets<\/p><\/div>\n<div id=\"attachment_39716\" style=\"width: 1798px\" class=\"wp-caption aligncenter\"><a class=\"dt-single-image\" href=\"https:\/\/www.monta\u00f1asdelaluna.es\/wp-content\/uploads\/2019\/04\/IMG_7311.jpg\" data-dt-img-description=\"\"><img loading=\"lazy\" decoding=\"async\" aria-describedby=\"caption-attachment-39716\" class=\"wp-image-39716 size-full\" src=\"https:\/\/www.monta\u00f1asdelaluna.es\/wp-content\/uploads\/2019\/04\/IMG_7311.jpg\" alt=\"Perfiles nevados del Canig\u00f3\" width=\"1788\" height=\"1004\" srcset=\"https:\/\/www.monta\u00f1asdelaluna.es\/wp-content\/uploads\/2019\/04\/IMG_7311.jpg 1788w, https:\/\/www.monta\u00f1asdelaluna.es\/wp-content\/uploads\/2019\/04\/IMG_7311-300x168.jpg 300w, https:\/\/www.monta\u00f1asdelaluna.es\/wp-content\/uploads\/2019\/04\/IMG_7311-1024x575.jpg 1024w\" sizes=\"auto, (max-width: 1788px) 100vw, 1788px\" \/><\/a><p id=\"caption-attachment-39716\" class=\"wp-caption-text\">Perfiles nevados del Canig\u00f3<\/p><\/div>\n<p>Ahora solo tenemos que seguir el rastro de la pista nevada que desde este colladito, desde este parking bajo la nieve o desde este Ras des Cortalets, nos debe de dejar en las suntuosas paredes del esperado y anhelado Refugio des Cortalets. Con cuidado de no pisar lugares con demasiada y abundante nieve, y no hundirnos aqu\u00ed. Ya m\u00e1s f\u00e1cil y r\u00e1pido que desde el recorrido por el cordal.<\/p>\n<p>Es cierto que no llev\u00e1bamos mapa. Un gran fallo. Yo no hab\u00eda comprado y hab\u00eda confiado en mis compa\u00f1eros que ya hab\u00edan estado aqu\u00ed, en que lo llevar\u00edan o se lo conocer\u00edan. La idea de no saber en que punto estamos de la monta\u00f1a, si llegamos a decidir pasar la noche al raso, hubiera sido descabellado y poco prudente, si llega a pasar cualquier cosa y tienen que rescatarnos o atendernos\u2026 por suerte somos monta\u00f1eros preparados con experiencia y paciencia en la monta\u00f1a. Pero el mapa debe ir siempre con nosotros. Nunca se sabe.<\/p>\n<p>Y ya despu\u00e9s de seguir hacia el sur y arriba (poca altura) por la traza de la pista que nos dicen se dirige y acaba en el Refugio des Cortalets, llegamos a \u00e9ste casi sin visibilidad, pero<br \/>\nsin llegar a ser noche cerrada. Ya estamos a 2.150 metros de altura a la que se encuentra el nombrado refugio. Es una estructura o caser\u00f3n recio y hasta dir\u00eda que grande, soberbio, bien plantado. Construido en un excepcional falso llano con vistas a las cimas del Canig\u00f3, all\u00e1 algo lejos, y rodeado por el bosque con alg\u00fan que otro balc\u00f3n, mirador, al horizonte. Encantador. Nosotros nos dirigimos a otra casa de una planta que queda separa del caser\u00f3n grande y principal, \u00e9ste es el refugio de invierno, que ya de por s\u00ed, es un magn\u00edfico y espaciado refugio\u2026 casi como algunos guardados espa\u00f1oles.<\/p>\n<div id=\"attachment_39717\" style=\"width: 1798px\" class=\"wp-caption aligncenter\"><a class=\"dt-single-image\" href=\"https:\/\/www.monta\u00f1asdelaluna.es\/wp-content\/uploads\/2019\/04\/al-fondo-descubrimos-la-cima-del-canigo.jpg\" data-dt-img-description=\"\"><img loading=\"lazy\" decoding=\"async\" aria-describedby=\"caption-attachment-39717\" class=\"wp-image-39717 size-full\" src=\"https:\/\/www.monta\u00f1asdelaluna.es\/wp-content\/uploads\/2019\/04\/al-fondo-descubrimos-la-cima-del-canigo.jpg\" alt=\"Al fondo descubrimos la cima del Canig\u00f3\" width=\"1788\" height=\"1341\" srcset=\"https:\/\/www.monta\u00f1asdelaluna.es\/wp-content\/uploads\/2019\/04\/al-fondo-descubrimos-la-cima-del-canigo.jpg 1788w, https:\/\/www.monta\u00f1asdelaluna.es\/wp-content\/uploads\/2019\/04\/al-fondo-descubrimos-la-cima-del-canigo-300x225.jpg 300w, https:\/\/www.monta\u00f1asdelaluna.es\/wp-content\/uploads\/2019\/04\/al-fondo-descubrimos-la-cima-del-canigo-1024x768.jpg 1024w\" sizes=\"auto, (max-width: 1788px) 100vw, 1788px\" \/><\/a><p id=\"caption-attachment-39717\" class=\"wp-caption-text\">Al fondo descubrimos la cima del Canig\u00f3<\/p><\/div>\n<div id=\"attachment_39726\" style=\"width: 1034px\" class=\"wp-caption aligncenter\"><a class=\"dt-single-image\" href=\"https:\/\/www.monta\u00f1asdelaluna.es\/wp-content\/uploads\/2019\/04\/refugio-libre-de-cortalets.jpg\" data-dt-img-description=\"\"><img loading=\"lazy\" decoding=\"async\" aria-describedby=\"caption-attachment-39726\" class=\"wp-image-39726 size-large\" src=\"https:\/\/www.monta\u00f1asdelaluna.es\/wp-content\/uploads\/2019\/04\/refugio-libre-de-cortalets-1024x768.jpg\" alt=\"Refugio libre des Cortalets\" width=\"1024\" height=\"768\" srcset=\"https:\/\/www.monta\u00f1asdelaluna.es\/wp-content\/uploads\/2019\/04\/refugio-libre-de-cortalets-1024x768.jpg 1024w, https:\/\/www.monta\u00f1asdelaluna.es\/wp-content\/uploads\/2019\/04\/refugio-libre-de-cortalets-300x225.jpg 300w, https:\/\/www.monta\u00f1asdelaluna.es\/wp-content\/uploads\/2019\/04\/refugio-libre-de-cortalets.jpg 1788w\" sizes=\"auto, (max-width: 1024px) 100vw, 1024px\" \/><\/a><p id=\"caption-attachment-39726\" class=\"wp-caption-text\">Refugio libre des Cortalets<\/p><\/div>\n<p>Las comodidades son extraordinarias en este refugio de invierno des Cortalets, para ser un refugio de monta\u00f1a sin guarda. En la planta de arriba est\u00e1n las literas, m\u00e1s de 20 plazas dir\u00eda yo, y abajo el comedor con una mesa, chimenea que no era posible encender. \u00cdbamos a estar bien, casi privilegiados despu\u00e9s de pensar que no llegar\u00edamos nunca al refugio. Nos ha costado \u201cDios y ayuda\u201d. \u201cAhora entiendo por que no es una monta\u00f1a que se visita en invierno\u201d dice Gallem\u00ed. Est\u00e1 claro, la aproximaci\u00f3n desde el coche y posiblemente la bajada, ya nos puede llevar una jornada completa, despu\u00e9s tendr\u00edamos la jornada de hacer cima\u2026<\/p>\n<p>No hab\u00eda nadie en el refugio, no nos hab\u00edamos encontrado con nadie en todo el d\u00eda, mejor dicho, no hab\u00eda \u201cnadie en la monta\u00f1a\u201d solo estos 4 locos. Est\u00e1bamos cansados, bastante cansados de tanto luchar contra el hundirnos en la nieve, de abrir camino, huella, en ella, y de intentar seguir el recorrido correcto entre la Roca del Mosquito y Ras des Cortalets. Con lo que decepcionados y abatidos decidimos de ma\u00f1ana no atacar la cima y emprender el camino de vuelta, ya que despu\u00e9s de comprobar lo que hemos tardado en subir, no quer\u00edamos sorpresas para volver a tardar otra eternidad en bajar. Esta vez no desandar\u00edamos lo caminado en este d\u00eda, si no que coger\u00edamos la pista que, aunque da muchas m\u00e1s vuelta, el caminar por ella podr\u00eda ser m\u00e1s ameno y r\u00e1pido sin hundirnos en su nieve ni tener que abrir huella en ella\u2026 pero ahora toca cenar, descansar, charlar y dormir \u00a1Ten\u00edamos todo ese pedazo de refugio para nosotros solos!<\/p>\n<div id=\"attachment_39722\" style=\"width: 1034px\" class=\"wp-caption aligncenter\"><a class=\"dt-single-image\" href=\"https:\/\/www.monta\u00f1asdelaluna.es\/wp-content\/uploads\/2019\/04\/vistas-del-canigo-desde-el-refugio-de-cortalets.jpg\" data-dt-img-description=\"\"><img loading=\"lazy\" decoding=\"async\" aria-describedby=\"caption-attachment-39722\" class=\"wp-image-39722 size-large\" src=\"https:\/\/www.monta\u00f1asdelaluna.es\/wp-content\/uploads\/2019\/04\/vistas-del-canigo-desde-el-refugio-de-cortalets-1024x768.jpg\" alt=\"Vistas del Canig\u00f3 desde el Refugio des Cortalets\" width=\"1024\" height=\"768\" srcset=\"https:\/\/www.monta\u00f1asdelaluna.es\/wp-content\/uploads\/2019\/04\/vistas-del-canigo-desde-el-refugio-de-cortalets-1024x768.jpg 1024w, https:\/\/www.monta\u00f1asdelaluna.es\/wp-content\/uploads\/2019\/04\/vistas-del-canigo-desde-el-refugio-de-cortalets-300x225.jpg 300w, https:\/\/www.monta\u00f1asdelaluna.es\/wp-content\/uploads\/2019\/04\/vistas-del-canigo-desde-el-refugio-de-cortalets.jpg 1788w\" sizes=\"auto, (max-width: 1024px) 100vw, 1024px\" \/><\/a><p id=\"caption-attachment-39722\" class=\"wp-caption-text\">Vistas del Canig\u00f3 desde el Refugio des Cortalets<\/p><\/div>\n<div id=\"attachment_39727\" style=\"width: 1034px\" class=\"wp-caption aligncenter\"><a class=\"dt-single-image\" href=\"https:\/\/www.monta\u00f1asdelaluna.es\/wp-content\/uploads\/2019\/04\/IMG_7329.jpg\" data-dt-img-description=\"\"><img loading=\"lazy\" decoding=\"async\" aria-describedby=\"caption-attachment-39727\" class=\"wp-image-39727 size-large\" src=\"https:\/\/www.monta\u00f1asdelaluna.es\/wp-content\/uploads\/2019\/04\/IMG_7329-1024x768.jpg\" alt=\"Refugio des Cortalets\" width=\"1024\" height=\"768\" srcset=\"https:\/\/www.monta\u00f1asdelaluna.es\/wp-content\/uploads\/2019\/04\/IMG_7329-1024x768.jpg 1024w, https:\/\/www.monta\u00f1asdelaluna.es\/wp-content\/uploads\/2019\/04\/IMG_7329-300x225.jpg 300w, https:\/\/www.monta\u00f1asdelaluna.es\/wp-content\/uploads\/2019\/04\/IMG_7329.jpg 1788w\" sizes=\"auto, (max-width: 1024px) 100vw, 1024px\" \/><\/a><p id=\"caption-attachment-39727\" class=\"wp-caption-text\">Refugio des Cortalets<\/p><\/div>\n<p>Al otro d\u00eda sin prisa nos vamos despertando y despejando el refugio para que, despu\u00e9s de desayunar, salgamos en busca del coche all\u00e1 abajo y lejos. Salimos del refugio desandando lo caminado ayer hasta el Ras des Cortalets, el parking, antes le hacemos fotos al lugar (ahora ya de d\u00eda), al imponente Refugio des Cortalets y a las vistas, paisajes, que se vislumbran desde \u00e9l; sobre todo las altas cimas del mismo Canig\u00f3 all\u00e1 al fondo alejadas, con sus paredes y rocas impregnadas de nieve helada, d\u00e1ndole un aspecto soberbio, desafiante y a la vez muy alpino. Las nubecillas rayan un poco el cielo y el sol entra y sale de ellas sin llegar a molestar del todo, as\u00ed ser\u00e1 todo el d\u00eda; nada de mal tiempo ni de un sol imposible de soportar en nuestras cabezas.<\/p>\n<p>Fotos al paisaje, a la monta\u00f1a, mientras vamos llegando a Ras des Cortalets, aqu\u00ed, por la altura, la monta\u00f1a nos permite admirar el paisaje del horizonte sin molestias demasiadas de estar inmersos en un bosque que nos cubre. Y ya en el nombrado lugar, parking, giramos a la derecha por la pista que sigue ladera abajo, o m\u00e1s bien en diagonal, hacia el este. Dejamos nuestras huellas de ayer para que otros las interpreten y las sigan si pueden, pero \u201cpara otro d\u00eda\u201d m\u00e1s bien, nosotros ahora por el bien definido camino, pista, que se desdibuja bajo la nieve, pensando que podr\u00eda ser m\u00e1s f\u00e1cil y casi r\u00e1pido.<\/p>\n<div id=\"attachment_39730\" style=\"width: 1034px\" class=\"wp-caption aligncenter\"><a class=\"dt-single-image\" href=\"https:\/\/www.monta\u00f1asdelaluna.es\/wp-content\/uploads\/2019\/04\/camino-de-vuelta-hacia-el-ras-del-prat-cabrera.jpg\" data-dt-img-description=\"\"><img loading=\"lazy\" decoding=\"async\" aria-describedby=\"caption-attachment-39730\" class=\"wp-image-39730 size-large\" src=\"https:\/\/www.monta\u00f1asdelaluna.es\/wp-content\/uploads\/2019\/04\/camino-de-vuelta-hacia-el-ras-del-prat-cabrera-1024x768.jpg\" alt=\"Camino de vuelta hacia el Ras del Prat Cabrera\" width=\"1024\" height=\"768\" srcset=\"https:\/\/www.monta\u00f1asdelaluna.es\/wp-content\/uploads\/2019\/04\/camino-de-vuelta-hacia-el-ras-del-prat-cabrera-1024x768.jpg 1024w, https:\/\/www.monta\u00f1asdelaluna.es\/wp-content\/uploads\/2019\/04\/camino-de-vuelta-hacia-el-ras-del-prat-cabrera-300x225.jpg 300w, https:\/\/www.monta\u00f1asdelaluna.es\/wp-content\/uploads\/2019\/04\/camino-de-vuelta-hacia-el-ras-del-prat-cabrera.jpg 1788w\" sizes=\"auto, (max-width: 1024px) 100vw, 1024px\" \/><\/a><p id=\"caption-attachment-39730\" class=\"wp-caption-text\">Camino de vuelta hacia el Ras del Prat Cabrera<\/p><\/div>\n<div id=\"attachment_39731\" style=\"width: 1034px\" class=\"wp-caption aligncenter\"><a class=\"dt-single-image\" href=\"https:\/\/www.monta\u00f1asdelaluna.es\/wp-content\/uploads\/2019\/04\/abundante-nieve-en-la-pista-camino-del-ras-del-prat-cabrera.jpg\" data-dt-img-description=\"\"><img loading=\"lazy\" decoding=\"async\" aria-describedby=\"caption-attachment-39731\" class=\"wp-image-39731 size-large\" src=\"https:\/\/www.monta\u00f1asdelaluna.es\/wp-content\/uploads\/2019\/04\/abundante-nieve-en-la-pista-camino-del-ras-del-prat-cabrera-1024x768.jpg\" alt=\"Abundante nieve en la pista camino del Ras del Prat Cabrera\" width=\"1024\" height=\"768\" srcset=\"https:\/\/www.monta\u00f1asdelaluna.es\/wp-content\/uploads\/2019\/04\/abundante-nieve-en-la-pista-camino-del-ras-del-prat-cabrera-1024x768.jpg 1024w, https:\/\/www.monta\u00f1asdelaluna.es\/wp-content\/uploads\/2019\/04\/abundante-nieve-en-la-pista-camino-del-ras-del-prat-cabrera-300x225.jpg 300w, https:\/\/www.monta\u00f1asdelaluna.es\/wp-content\/uploads\/2019\/04\/abundante-nieve-en-la-pista-camino-del-ras-del-prat-cabrera.jpg 1788w\" sizes=\"auto, (max-width: 1024px) 100vw, 1024px\" \/><\/a><p id=\"caption-attachment-39731\" class=\"wp-caption-text\">Abundante nieve en la pista camino del Ras del Prat Cabrera<\/p><\/div>\n<p>La pista sigue entre el bosque a esta altura atravesando sin bajar demasiado altura la ladera norte del Canig\u00f3. M\u00e1s adelante la pista hace una curva, un giro, en una especie de mirador o m\u00e1s bien de paso, de lugar entre vallecillos de la misma monta\u00f1a. Es el Ras del Prat Cabrera, a unos 1.740 mts. Parece que no pero hemos bajado altura, y a partir de aqu\u00ed bajaremos m\u00e1s siguiendo el fondo de un vallecillo de esta monta\u00f1a. Carteles indicadores de recorridos, otro parking y otras vistas excepcionales a los perfiles de esta grande monta\u00f1a del Canig\u00f3. Precioso.<\/p>\n<p>Nos reunimos todos y seguimos la pista principal que comenzar\u00e1 a dar revueltas para ir bajando m\u00e1s altura. Justo a los pocos metros y despu\u00e9s de la primera revuelta, les sugiero a mis compa\u00f1eros girar a la izquierda en busca de un lugar y una peque\u00f1ita caba\u00f1a, para bajar desde aqu\u00ed de nuevo a la pista, y as\u00ed evitarnos las numerosas curvas y muchos metros de pista, para llegar al mismo punto. Es la caba\u00f1ita del Prat Cabrera, que queda en un camino menos transitado si giramos a la izquierda y norte desde la pista principal. El primero que nos encontramos despu\u00e9s de salir del \u201cmirador\u201d del Ras de Prat Cabrera.<\/p>\n<p>Llegamos a la caba\u00f1ita y aqu\u00ed se acaba el camino, pero el lugar es bonito, ya que se acaba el bosque y delante tenemos un prado sin vegetaci\u00f3n arb\u00f3rea que nos deleita con sus vistas hacia las laderas boscosas y rincones de las laderas de la monta\u00f1a enfrente. Decidimos seguir prado abajo mirando a esas laderas boscosas, suponiendo que la pista ya estaba abajo en el fondo del valle y nos hab\u00edamos ahorrado todas esas vueltas y revueltas que hacen las pistas para bajar altura r\u00e1pidamente en las monta\u00f1as.<\/p>\n<div id=\"attachment_39733\" style=\"width: 1798px\" class=\"wp-caption aligncenter\"><a class=\"dt-single-image\" href=\"https:\/\/www.monta\u00f1asdelaluna.es\/wp-content\/uploads\/2019\/04\/IMG_7342.jpg\" data-dt-img-description=\"\"><img loading=\"lazy\" decoding=\"async\" aria-describedby=\"caption-attachment-39733\" class=\"wp-image-39733 size-full\" src=\"https:\/\/www.monta\u00f1asdelaluna.es\/wp-content\/uploads\/2019\/04\/IMG_7342.jpg\" alt=\"Ras del Prat Cabrera\" width=\"1788\" height=\"1341\" srcset=\"https:\/\/www.monta\u00f1asdelaluna.es\/wp-content\/uploads\/2019\/04\/IMG_7342.jpg 1788w, https:\/\/www.monta\u00f1asdelaluna.es\/wp-content\/uploads\/2019\/04\/IMG_7342-300x225.jpg 300w, https:\/\/www.monta\u00f1asdelaluna.es\/wp-content\/uploads\/2019\/04\/IMG_7342-1024x768.jpg 1024w\" sizes=\"auto, (max-width: 1788px) 100vw, 1788px\" \/><\/a><p id=\"caption-attachment-39733\" class=\"wp-caption-text\">Ras del Prat Cabrera<\/p><\/div>\n<div id=\"attachment_39736\" style=\"width: 1034px\" class=\"wp-caption aligncenter\"><a class=\"dt-single-image\" href=\"https:\/\/www.monta\u00f1asdelaluna.es\/wp-content\/uploads\/2019\/04\/josep-junto-a-la-pequena-cabana-del-prat-de-cabrera.jpg\" data-dt-img-description=\"\"><img loading=\"lazy\" decoding=\"async\" aria-describedby=\"caption-attachment-39736\" class=\"wp-image-39736 size-large\" src=\"https:\/\/www.monta\u00f1asdelaluna.es\/wp-content\/uploads\/2019\/04\/josep-junto-a-la-pequena-cabana-del-prat-de-cabrera-1024x768.jpg\" alt=\"Josep junto a la peque\u00f1a caba\u00f1a del Prat de Cabrera\" width=\"1024\" height=\"768\" srcset=\"https:\/\/www.monta\u00f1asdelaluna.es\/wp-content\/uploads\/2019\/04\/josep-junto-a-la-pequena-cabana-del-prat-de-cabrera-1024x768.jpg 1024w, https:\/\/www.monta\u00f1asdelaluna.es\/wp-content\/uploads\/2019\/04\/josep-junto-a-la-pequena-cabana-del-prat-de-cabrera-300x225.jpg 300w, https:\/\/www.monta\u00f1asdelaluna.es\/wp-content\/uploads\/2019\/04\/josep-junto-a-la-pequena-cabana-del-prat-de-cabrera.jpg 1788w\" sizes=\"auto, (max-width: 1024px) 100vw, 1024px\" \/><\/a><p id=\"caption-attachment-39736\" class=\"wp-caption-text\">Josep junto a la peque\u00f1a caba\u00f1a del Prat de Cabrera<\/p><\/div>\n<p>Monte a trav\u00e9s por el prado, despu\u00e9s por algo de bosque pero siempre mirando hac\u00eda abajo con una leve inclinaci\u00f3n o direcci\u00f3n hacia la izquierda, encontramos un camino que baja de la monta\u00f1a y nos derivar\u00e1, sigui\u00e9ndolo a la derecha y abajo, hasta de nuevo nuestra pista. Sin problemas. Todo controlado. En poco tiempo de nuevo en la pista.<\/p>\n<p>A partir de llegar a la pista, seguiremos \u00e9sta hacia la izquierda y norte, valle abajo, buscando la salida del mismo valle y de la monta\u00f1a. Aunque a\u00fan queda mucho, mucho que caminar por ella. Si por la senda el d\u00eda de ayer eran 10 kil\u00f3metros, por la pista seguro que no baja de 15 kil\u00f3metros.<\/p>\n<p>Entre rincones y lugares por los que pasa la pista, est\u00e1 La Esquena d\u2019Ase, junto a unas revueltas de la pista en la que salva bastante desnivel, y al finalizar esta bajada con revueltas, un peque\u00f1o refugio o caba\u00f1a, La Mouline, con otro rinc\u00f3n para parking y otro para picnic, bastante cuco.<\/p>\n<p>A partir de aqu\u00ed la pista recorre sinuosa los perfiles de la monta\u00f1a con sus vallecillos y rieras que hacen las delicias de curvas y revueltas, sobre barrancos y precipicios como si fuera un valle, una garganta del anti-Atlas marroqu\u00ed. Mis botas me est\u00e1n matando. Me las he atado con la cremallera y llevo una calceta muy fina; y entre el sudor, los rozamientos, las u\u00f1as\u2026 me est\u00e1n destrozando los pies \u00a1\u00a1Que fallo m\u00e1s gordo!! \u00a1A quien se le ocurre ponerse calcetas tan finas! No puedo andar ni disfruto del recorrido, que me est\u00e1 pareciendo eterno y muy sufridor. Me acuerdo de Trino en la \u00faltima etapa de la Vall d\u2019Anniviers, caminando como \u201cChiquito\u201d por el mal que le hab\u00edan hecho sus botas en los pies\u2026 \u00a1\u00a1Que mal lo pas\u00e9!!<\/p>\n<div id=\"attachment_39739\" style=\"width: 1034px\" class=\"wp-caption aligncenter\"><a class=\"dt-single-image\" href=\"https:\/\/www.monta\u00f1asdelaluna.es\/wp-content\/uploads\/2019\/04\/bosques-cercanos-a-la-pista-de-vuelta-a-mas-malet.jpg\" data-dt-img-description=\"\"><img loading=\"lazy\" decoding=\"async\" aria-describedby=\"caption-attachment-39739\" class=\"wp-image-39739 size-large\" src=\"https:\/\/www.monta\u00f1asdelaluna.es\/wp-content\/uploads\/2019\/04\/bosques-cercanos-a-la-pista-de-vuelta-a-mas-malet-1024x768.jpg\" alt=\"Bosques cercanos a la pista de vuelta a Mas Malet\" width=\"1024\" height=\"768\" srcset=\"https:\/\/www.monta\u00f1asdelaluna.es\/wp-content\/uploads\/2019\/04\/bosques-cercanos-a-la-pista-de-vuelta-a-mas-malet-1024x768.jpg 1024w, https:\/\/www.monta\u00f1asdelaluna.es\/wp-content\/uploads\/2019\/04\/bosques-cercanos-a-la-pista-de-vuelta-a-mas-malet-300x225.jpg 300w, https:\/\/www.monta\u00f1asdelaluna.es\/wp-content\/uploads\/2019\/04\/bosques-cercanos-a-la-pista-de-vuelta-a-mas-malet.jpg 1788w\" sizes=\"auto, (max-width: 1024px) 100vw, 1024px\" \/><\/a><p id=\"caption-attachment-39739\" class=\"wp-caption-text\">Bosques cercanos a la pista de vuelta a Mas Malet<\/p><\/div>\n<div id=\"attachment_39740\" style=\"width: 1034px\" class=\"wp-caption aligncenter\"><a class=\"dt-single-image\" href=\"https:\/\/www.monta\u00f1asdelaluna.es\/wp-content\/uploads\/2019\/04\/IMG_7354.jpg\" data-dt-img-description=\"\"><img loading=\"lazy\" decoding=\"async\" aria-describedby=\"caption-attachment-39740\" class=\"wp-image-39740 size-large\" src=\"https:\/\/www.monta\u00f1asdelaluna.es\/wp-content\/uploads\/2019\/04\/IMG_7354-1024x768.jpg\" alt=\"Caba\u00f1a del Mouliner\" width=\"1024\" height=\"768\" srcset=\"https:\/\/www.monta\u00f1asdelaluna.es\/wp-content\/uploads\/2019\/04\/IMG_7354-1024x768.jpg 1024w, https:\/\/www.monta\u00f1asdelaluna.es\/wp-content\/uploads\/2019\/04\/IMG_7354-300x225.jpg 300w, https:\/\/www.monta\u00f1asdelaluna.es\/wp-content\/uploads\/2019\/04\/IMG_7354.jpg 1788w\" sizes=\"auto, (max-width: 1024px) 100vw, 1024px\" \/><\/a><p id=\"caption-attachment-39740\" class=\"wp-caption-text\">Caba\u00f1a del Mouliner<\/p><\/div>\n<div id=\"attachment_39744\" style=\"width: 1034px\" class=\"wp-caption aligncenter\"><a class=\"dt-single-image\" href=\"https:\/\/www.monta\u00f1asdelaluna.es\/wp-content\/uploads\/2019\/04\/valle-por-el-transcurre-la-pista-que-baja-a-mas-malet.jpg\" data-dt-img-description=\"\"><img loading=\"lazy\" decoding=\"async\" aria-describedby=\"caption-attachment-39744\" class=\"wp-image-39744 size-large\" src=\"https:\/\/www.monta\u00f1asdelaluna.es\/wp-content\/uploads\/2019\/04\/valle-por-el-transcurre-la-pista-que-baja-a-mas-malet-1024x768.jpg\" alt=\"Valle por el transcurre la pista que baja a Mas Malet\" width=\"1024\" height=\"768\" srcset=\"https:\/\/www.monta\u00f1asdelaluna.es\/wp-content\/uploads\/2019\/04\/valle-por-el-transcurre-la-pista-que-baja-a-mas-malet-1024x768.jpg 1024w, https:\/\/www.monta\u00f1asdelaluna.es\/wp-content\/uploads\/2019\/04\/valle-por-el-transcurre-la-pista-que-baja-a-mas-malet-300x225.jpg 300w, https:\/\/www.monta\u00f1asdelaluna.es\/wp-content\/uploads\/2019\/04\/valle-por-el-transcurre-la-pista-que-baja-a-mas-malet.jpg 1788w\" sizes=\"auto, (max-width: 1024px) 100vw, 1024px\" \/><\/a><p id=\"caption-attachment-39744\" class=\"wp-caption-text\">Valle por el transcurre la pista que baja a Mas Malet<\/p><\/div>\n<p>Y ya por fin llegamos al coche. No s\u00e9 si la pista ha sido m\u00e1s r\u00e1pida que la senda al final\u2026 pero bueno, ya estamos aqu\u00ed. La monta\u00f1a no me ha defraudado, es excepcional y con mucha singularidad, pero en invierno hay que venir para 3 d\u00edas y bastante preparados para unos recorridos largos y esforzados, con suficiente desnivel. O sea, una monta\u00f1a que habr\u00e1 que repetir para conquistar esta cima emblem\u00e1tica de los territorios de habla catalana\u2026 me han saltado las u\u00f1as de los dedos gordos de los pies\u2026 \u00a1\u00a1Ugghhh!!<\/p>\n<div id=\"attachment_39753\" style=\"width: 1164px\" class=\"wp-caption aligncenter\"><a class=\"dt-single-image\" href=\"https:\/\/www.monta\u00f1asdelaluna.es\/wp-content\/uploads\/2018\/03\/Canig\u00f3.croquis.web_.jpg\" data-dt-img-description=\"\"><img loading=\"lazy\" decoding=\"async\" aria-describedby=\"caption-attachment-39753\" class=\"wp-image-39753 size-full\" src=\"https:\/\/www.monta\u00f1asdelaluna.es\/wp-content\/uploads\/2018\/03\/Canig\u00f3.croquis.web_.jpg\" alt=\"Croquis del recorrido para subir al Refugio des Cortalets desde Mas Malet en el Canig\u00f3\" width=\"1154\" height=\"1553\" srcset=\"https:\/\/www.monta\u00f1asdelaluna.es\/wp-content\/uploads\/2018\/03\/Canig\u00f3.croquis.web_.jpg 1154w, https:\/\/www.monta\u00f1asdelaluna.es\/wp-content\/uploads\/2018\/03\/Canig\u00f3.croquis.web_-223x300.jpg 223w, https:\/\/www.monta\u00f1asdelaluna.es\/wp-content\/uploads\/2018\/03\/Canig\u00f3.croquis.web_-761x1024.jpg 761w\" sizes=\"auto, (max-width: 1154px) 100vw, 1154px\" \/><\/a><p id=\"caption-attachment-39753\" class=\"wp-caption-text\">Croquis del recorrido para subir al Refugio des Cortalets desde Mas Malet en el Canig\u00f3<\/p><\/div>\n<p>[vc_separator][\/vc_column_text][\/vc_column][\/vc_row][vc_row][vc_column][vc_empty_space height=\u00bb60px\u00bb][\/vc_column][\/vc_row][vc_row][vc_column][vc_cta h2=\u00bb\u00c1lbum de fotos\u00bb txt_align=\u00bbcenter\u00bb add_button=\u00bbbottom\u00bb btn_title=\u00bbVer fotos\u00bb btn_color=\u00bbwarning\u00bb btn_align=\u00bbcenter\u00bb btn_link=\u00bburl:https%3A%2F%2Fmonta%C3%B1asdelaluna.es%2F%3Fdt_gallery%3Drefugio-de-cortalets-en-el-canigo-2|title:Refugio%20de%20Cortalets%20en%20el%20Canig%C3%B3|target:_blank\u00bb css=\u00bb.vc_custom_1625785284505{background-color: #8bc4ed !important;}\u00bb]Puedes ver todas las fotos del relato y actividad en forma de presentaci\u00f3n o individuales pinchando aqui \u00a1No te las pierdas![\/vc_cta][\/vc_column][\/vc_row][vc_row][vc_column][vc_empty_space height=\u00bb60px\u00bb][\/vc_column][\/vc_row][vc_row][vc_column width=\u00bb1\/3&#8243;][\/vc_column][vc_column width=\u00bb1\/2&#8243;][vc_raw_html]JTNDaWZyYW1lJTIwc3JjJTNEJTIyaHR0cHMlM0ElMkYlMkZ3d3cubWV0ZW9ibHVlLmNvbSUyRmVzJTJGdGllbXBvJTJGd2lkZ2V0JTJGZGFpbHklMkZjYW5pZyUyNWMzJTI1YjNfZnJhbmNpYV8zMDI4ODIyJTNGZ2VvbG9jJTNEZml4ZWQlMjZkYXlzJTNENyUyNnRlbXB1bml0JTNEQ0VMU0lVUyUyNndpbmR1bml0JTNES0lMT01FVEVSX1BFUl9IT1VSJTI2cHJlY2lwdW5pdCUzRE1JTExJTUVURVIlMjZjb2xvdXJlZCUzRGNvbG91cmVkJTI2cGljdG9pY29uJTNEMCUyNnBpY3RvaWNvbiUzRDElMjZtYXh0ZW1wZXJhdHVyZSUzRDAlMjZtYXh0ZW1wZXJhdHVyZSUzRDElMjZtaW50ZW1wZXJhdHVyZSUzRDAlMjZtaW50ZW1wZXJhdHVyZSUzRDElMjZ3aW5kc3BlZWQlM0QwJTI2d2luZHNwZWVkJTNEMSUyNndpbmRndXN0JTNEMCUyNndpbmRndXN0JTNEMSUyNndpbmRkaXJlY3Rpb24lM0QwJTI2d2luZGRpcmVjdGlvbiUzRDElMjZ1diUzRDAlMjZodW1pZGl0eSUzRDAlMjZwcmVjaXBpdGF0aW9uJTNEMCUyNnByZWNpcGl0YXRpb24lM0QxJTI2cHJlY2lwaXRhdGlvbnByb2JhYmlsaXR5JTNEMCUyNnByZWNpcGl0YXRpb25wcm9iYWJpbGl0eSUzRDElMjZzcG90JTNEMCUyNnNwb3QlM0QxJTI2cHJlc3N1cmUlM0QwJTI2cHJlc3N1cmUlM0QxJTI2bGF5b3V0JTNEbGlnaHQlMjIlMjAlMjBmcmFtZWJvcmRlciUzRCUyMjAlMjIlMjBzY3JvbGxpbmclM0QlMjJOTyUyMiUyMGFsbG93dHJhbnNwYXJlbmN5JTNEJTIydHJ1ZSUyMiUyMHNhbmRib3glM0QlMjJhbGxvdy1zYW1lLW9yaWdpbiUyMGFsbG93LXNjcmlwdHMlMjBhbGxvdy1wb3B1cHMlMjBhbGxvdy1wb3B1cHMtdG8tZXNjYXBlLXNhbmRib3glMjIlMjBzdHlsZSUzRCUyMndpZHRoJTNBJTIwMzc4cHglM0JoZWlnaHQlM0ElMjA0MTJweCUyMiUzRSUzQyUyRmlmcmFtZSUzRSUzQ2RpdiUzRSUzQyUyMS0tJTIwRE8lMjBOT1QlMjBSRU1PVkUlMjBUSElTJTIwTElOSyUyMC0tJTNFJTNDYSUyMGhyZWYlM0QlMjJodHRwcyUzQSUyRiUyRnd3dy5tZXRlb2JsdWUuY29tJTJGZXMlMkZ0aWVtcG8lMkZwcm9ub3N0aWNvJTJGc2VtYW5hJTJGY2FuaWclMjVjMyUyNWIzX2ZyYW5jaWFfMzAyODgyMiUzRnV0bV9zb3VyY2UlM0R3ZWF0aGVyX3dpZGdldCUyNnV0bV9tZWRpdW0lM0RsaW5rdXMlMjZ1dG1fY29udGVudCUzRGRhaWx5JTI2dXRtX2NhbXBhaWduJTNEV2VhdGhlciUyNTJCV2lkZ2V0JTIyJTIwdGFyZ2V0JTNEJTIyX2JsYW5rJTIyJTNFbWV0ZW9ibHVlJTNDJTJGYSUzRSUzQyUyRmRpdiUzRQ==[\/vc_raw_html][\/vc_column][vc_column width=\u00bb1\/5&#8243;][\/vc_column][\/vc_row]<\/p>\n","protected":false},"excerpt":{"rendered":"<p>[vc_row][vc_column][vc_column_text]Despu\u00e9s de tanto tiempo viviendo en Catalu\u00f1a y haber subido sus monta\u00f1as m\u00e1s altas y emblem\u00e1ticas, me faltaba el Canig\u00f3, que, aunque no est\u00e1 en el actual territorio catal\u00e1n, s\u00ed pertenece a la \u201cCatalu\u00f1a Norte\u201d y se incluye en la cultura, historia y tradiciones catalanas. Nos decidimos hacerla en invierno, una invernal, que no habr\u00e1&hellip;<\/p>\n","protected":false},"author":1,"featured_media":39733,"comment_status":"open","ping_status":"open","sticky":false,"template":"","format":"standard","meta":[],"categories":[91],"tags":[],"class_list":["post-39751","post","type-post","status-publish","format-standard","has-post-thumbnail","hentry","category-pirineo-frances-y-andorra","category-91","description-off"],"_links":{"self":[{"href":"https:\/\/www.monta\u00f1asdelaluna.es\/index.php?rest_route=\/wp\/v2\/posts\/39751","targetHints":{"allow":["GET"]}}],"collection":[{"href":"https:\/\/www.monta\u00f1asdelaluna.es\/index.php?rest_route=\/wp\/v2\/posts"}],"about":[{"href":"https:\/\/www.monta\u00f1asdelaluna.es\/index.php?rest_route=\/wp\/v2\/types\/post"}],"author":[{"embeddable":true,"href":"https:\/\/www.monta\u00f1asdelaluna.es\/index.php?rest_route=\/wp\/v2\/users\/1"}],"replies":[{"embeddable":true,"href":"https:\/\/www.monta\u00f1asdelaluna.es\/index.php?rest_route=%2Fwp%2Fv2%2Fcomments&post=39751"}],"version-history":[{"count":7,"href":"https:\/\/www.monta\u00f1asdelaluna.es\/index.php?rest_route=\/wp\/v2\/posts\/39751\/revisions"}],"predecessor-version":[{"id":50144,"href":"https:\/\/www.monta\u00f1asdelaluna.es\/index.php?rest_route=\/wp\/v2\/posts\/39751\/revisions\/50144"}],"wp:featuredmedia":[{"embeddable":true,"href":"https:\/\/www.monta\u00f1asdelaluna.es\/index.php?rest_route=\/wp\/v2\/media\/39733"}],"wp:attachment":[{"href":"https:\/\/www.monta\u00f1asdelaluna.es\/index.php?rest_route=%2Fwp%2Fv2%2Fmedia&parent=39751"}],"wp:term":[{"taxonomy":"category","embeddable":true,"href":"https:\/\/www.monta\u00f1asdelaluna.es\/index.php?rest_route=%2Fwp%2Fv2%2Fcategories&post=39751"},{"taxonomy":"post_tag","embeddable":true,"href":"https:\/\/www.monta\u00f1asdelaluna.es\/index.php?rest_route=%2Fwp%2Fv2%2Ftags&post=39751"}],"curies":[{"name":"wp","href":"https:\/\/api.w.org\/{rel}","templated":true}]}}