{"id":39929,"date":"2019-05-19T08:52:21","date_gmt":"2019-05-19T08:52:21","guid":{"rendered":"http:\/\/monta\u00f1asdelaluna.com\/?p=39929"},"modified":"2021-07-06T08:38:20","modified_gmt":"2021-07-06T08:38:20","slug":"valle-de-ordesa","status":"publish","type":"post","link":"https:\/\/www.monta\u00f1asdelaluna.es\/?p=39929","title":{"rendered":"Valle de Ordesa"},"content":{"rendered":"<p>Hab\u00eda o\u00eddo hablar mucho del Parque Nacional de Ordesa y Monte Perdido, sobre todo del Valle de Ordesa: sus bosques, sus paredes cortadas, sus cascadas, sus escondidos lugares tan bellos y de formas tan perfectas que la combinaci\u00f3n de tonas sus caracter\u00edsticas hac\u00edan del lugar un verdadero para\u00edso, el m\u00e1s bello de los Pirineos, el m\u00e1s visitado y el m\u00e1s pisado. Cuando lo vi por primera vez no me defraud\u00f3, es m\u00e1s, lo vi mas impresionante y bello de c\u00f3mo lo imaginaba.<\/p>\n<p>En el a\u00f1o mil novecientos noventa y cuatro en mi primer viaje monta\u00f1ero a los Pirineos, despu\u00e9s de bajar del Aneto y curiosear en Benasque decidimos acercarnos al Valle de Ordesa e intentar subir al Monte Perdido, el pico culminante del tercer macizo m\u00e1s alto de los Pirineos. Tambi\u00e9n, como en el Valle de Ordesa, hab\u00eda o\u00eddo hablar de Monte Perdido, de su refugio inhiesto de G\u00f3riz. Era como ir a visitar a una estrella de cine que siempre la ve\u00edas por la tele y ahora la ibas a ver en realidad, cara a cara, es m\u00e1s, si pod\u00edamos la \u00edbamos a conquistar.<\/p>\n<div id=\"attachment_36233\" style=\"width: 828px\" class=\"wp-caption aligncenter\"><a class=\"dt-single-image\" href=\"http:\/\/monta\u00f1asdelaluna.com\/wp-content\/uploads\/2017\/04\/OrdesaPanticosa94-01-001.jpg\" data-dt-img-description=\"\"><img loading=\"lazy\" decoding=\"async\" aria-describedby=\"caption-attachment-36233\" class=\"wp-image-36233 \" src=\"http:\/\/monta\u00f1asdelaluna.com\/wp-content\/uploads\/2017\/04\/OrdesaPanticosa94-01-001-1024x672.jpg\" alt=\"Circo de Carriata en la entrada al Valle de Ordesa\" width=\"818\" height=\"537\" srcset=\"https:\/\/www.monta\u00f1asdelaluna.es\/wp-content\/uploads\/2017\/04\/OrdesaPanticosa94-01-001-1024x672.jpg 1024w, https:\/\/www.monta\u00f1asdelaluna.es\/wp-content\/uploads\/2017\/04\/OrdesaPanticosa94-01-001-300x197.jpg 300w, https:\/\/www.monta\u00f1asdelaluna.es\/wp-content\/uploads\/2017\/04\/OrdesaPanticosa94-01-001.jpg 1780w\" sizes=\"auto, (max-width: 818px) 100vw, 818px\" \/><\/a><p id=\"caption-attachment-36233\" class=\"wp-caption-text\">Circo de Carriata en la entrada al Valle de Ordesa<\/p><\/div>\n<div id=\"attachment_36238\" style=\"width: 826px\" class=\"wp-caption aligncenter\"><a class=\"dt-single-image\" href=\"http:\/\/monta\u00f1asdelaluna.com\/wp-content\/uploads\/2017\/04\/OrdesaPanticosa94-06-001.jpg\" data-dt-img-description=\"\"><img loading=\"lazy\" decoding=\"async\" aria-describedby=\"caption-attachment-36238\" class=\"wp-image-36238 \" src=\"http:\/\/monta\u00f1asdelaluna.com\/wp-content\/uploads\/2017\/04\/OrdesaPanticosa94-06-001-1024x665.jpg\" alt=\"Monte Perdido a la izquierda y el Soum de Ramond medio cubierto con la Torre de G\u00f3riz delante, a la derecha\" width=\"816\" height=\"530\" srcset=\"https:\/\/www.monta\u00f1asdelaluna.es\/wp-content\/uploads\/2017\/04\/OrdesaPanticosa94-06-001-1024x665.jpg 1024w, https:\/\/www.monta\u00f1asdelaluna.es\/wp-content\/uploads\/2017\/04\/OrdesaPanticosa94-06-001-300x195.jpg 300w, https:\/\/www.monta\u00f1asdelaluna.es\/wp-content\/uploads\/2017\/04\/OrdesaPanticosa94-06-001.jpg 1784w\" sizes=\"auto, (max-width: 816px) 100vw, 816px\" \/><\/a><p id=\"caption-attachment-36238\" class=\"wp-caption-text\">Monte Perdido a la izquierda y el Soum de Ramond medio cubierto con la Torre de G\u00f3riz delante, a la derecha<\/p><\/div>\n<p>La distancia entre Benasque y Torla en coche por las carreteras pirenaicas era bastante larga y llegamos algo tarde al aparcamiento del Valle de Ordesa. Era septiembre, por tanto te dejaban aparcar en dicho aparcamiento al no existir los aglutinamientos y aglomeraciones de julio y agosto en que solo pod\u00edas subir al aparcamiento en autob\u00fas desde Torla y destinado espec\u00edficamente para eso.<\/p>\n<p>Cuando llegamos all\u00ed y sal\u00ed de la furgoneta vi a mi alrededor un valle de altas y escarpadas paredes formando peque\u00f1os y grandes circos bajo los cuales una exuberante vegetaci\u00f3n muy bien cuidada de confieras e incluso frondosas como el bosque de hayas, dominaban todas las laderas menos verticales. Las nubes segu\u00edan entorpeciendo la visi\u00f3n de las alturas de estos paredones tremendos tanto al norte como al sur; aunque menos frecuentes \u00e9stas no te molestaban para vislumbrar el valle, al contrario y como siempre le daba su toque encantador y enigm\u00e1tico. Era un gigantesco ca\u00f1\u00f3n excavado\u00a0 y formado hace miles de a\u00f1os por un glaciar inmenso que bajaba de G\u00f3riz y de Monte Perdido, con gigantescas y largas paredes en las dos laderas que se suavizaban y se llenaban de bosques tupidos y casi inaccesibles, y bellos, muy bellos y bien cuidados, casi intocables desde sus or\u00edgenes ancestrales. Est\u00e1bamos en un verdadero para\u00edso: los riachuelos bajaban y ca\u00edan en cascadas desde algunas paredes (Las Fajas) y sus r\u00edos forman riveras y cascadas como las de Cotatuero o Soaso que caen de las altas paredes a los llanos y suaves laderas del fondo del frondoso y verde Valle de Ordesa, culminados en el R\u00edo Arazas que recorre todo lo largo del valle de este a oeste. Era impresionante descubrir todas las caracter\u00edsticas, formas y formaciones de este valle en todas las medidas; geogr\u00e1ficas, biol\u00f3gicas, geol\u00f3gicas, human\u00edsticas e incluso hist\u00f3ricas. Si dios cre\u00f3 alguna vez el para\u00edso en la tierra, no ser\u00eda muy diferente el Ed\u00e9n del Valle de Ordesa.<\/p>\n<p>Arriba de nosotros el impresionante Circo de Carriata rodeado de un manto verde y boscoso ininterrumpido. Se hac\u00eda tarde, el trayecto hasta G\u00f3riz era algo larguico y estaba oscureciendo, deb\u00edamos prepararnos las mochilas y salir corriendo para poder llegar lo antes posible al refugio. As\u00ed pues partimos enseguida por el fondo del encantador y hermoso Valle de Ordesa.<\/p>\n<div id=\"attachment_36241\" style=\"width: 764px\" class=\"wp-caption aligncenter\"><a class=\"dt-single-image\" href=\"http:\/\/monta\u00f1asdelaluna.com\/wp-content\/uploads\/2017\/04\/OrdesaPanticosa94-09-001.jpg\" data-dt-img-description=\"\"><img loading=\"lazy\" decoding=\"async\" aria-describedby=\"caption-attachment-36241\" class=\"wp-image-36241 size-large\" src=\"http:\/\/monta\u00f1asdelaluna.com\/wp-content\/uploads\/2017\/04\/OrdesaPanticosa94-09-001-754x1024.jpg\" alt=\"Valle de Ordesa desde arriba del Circo de Soaso\" width=\"754\" height=\"1024\" srcset=\"https:\/\/www.monta\u00f1asdelaluna.es\/wp-content\/uploads\/2017\/04\/OrdesaPanticosa94-09-001-754x1024.jpg 754w, https:\/\/www.monta\u00f1asdelaluna.es\/wp-content\/uploads\/2017\/04\/OrdesaPanticosa94-09-001-221x300.jpg 221w, https:\/\/www.monta\u00f1asdelaluna.es\/wp-content\/uploads\/2017\/04\/OrdesaPanticosa94-09-001.jpg 1315w\" sizes=\"auto, (max-width: 754px) 100vw, 754px\" \/><\/a><p id=\"caption-attachment-36241\" class=\"wp-caption-text\">Valle de Ordesa desde arriba del Circo de Soaso<\/p><\/div>\n<div id=\"attachment_36243\" style=\"width: 681px\" class=\"wp-caption aligncenter\"><a class=\"dt-single-image\" href=\"http:\/\/monta\u00f1asdelaluna.com\/wp-content\/uploads\/2017\/04\/OrdesaPanticosa94-11-001.jpg\" data-dt-img-description=\"\"><img loading=\"lazy\" decoding=\"async\" aria-describedby=\"caption-attachment-36243\" class=\"wp-image-36243 size-large\" src=\"http:\/\/monta\u00f1asdelaluna.com\/wp-content\/uploads\/2017\/04\/OrdesaPanticosa94-11-001-671x1024.jpg\" alt=\"Paco S\u00e1nchez, Jes\u00fas And\u00fajar y Manolo Cano con el Valle de Ordesa detr\u00e1s\" width=\"671\" height=\"1024\" srcset=\"https:\/\/www.monta\u00f1asdelaluna.es\/wp-content\/uploads\/2017\/04\/OrdesaPanticosa94-11-001-671x1024.jpg 671w, https:\/\/www.monta\u00f1asdelaluna.es\/wp-content\/uploads\/2017\/04\/OrdesaPanticosa94-11-001-197x300.jpg 197w, https:\/\/www.monta\u00f1asdelaluna.es\/wp-content\/uploads\/2017\/04\/OrdesaPanticosa94-11-001.jpg 1166w\" sizes=\"auto, (max-width: 671px) 100vw, 671px\" \/><\/a><p id=\"caption-attachment-36243\" class=\"wp-caption-text\">Paco S\u00e1nchez, Jes\u00fas And\u00fajar y Manolo Cano con el Valle de Ordesa detr\u00e1s<\/p><\/div>\n<div id=\"attachment_36244\" style=\"width: 677px\" class=\"wp-caption aligncenter\"><a class=\"dt-single-image\" href=\"http:\/\/monta\u00f1asdelaluna.com\/wp-content\/uploads\/2017\/04\/OrdesaPanticosa94-12-001.jpg\" data-dt-img-description=\"\"><img loading=\"lazy\" decoding=\"async\" aria-describedby=\"caption-attachment-36244\" class=\"wp-image-36244 size-large\" src=\"http:\/\/monta\u00f1asdelaluna.com\/wp-content\/uploads\/2017\/04\/OrdesaPanticosa94-12-001-667x1024.jpg\" alt=\"Refugio de G\u00f3riz, 2.195 mts. arriba el Cilindro de Marbor\u00e9\" width=\"667\" height=\"1024\" srcset=\"https:\/\/www.monta\u00f1asdelaluna.es\/wp-content\/uploads\/2017\/04\/OrdesaPanticosa94-12-001-667x1024.jpg 667w, https:\/\/www.monta\u00f1asdelaluna.es\/wp-content\/uploads\/2017\/04\/OrdesaPanticosa94-12-001-196x300.jpg 196w, https:\/\/www.monta\u00f1asdelaluna.es\/wp-content\/uploads\/2017\/04\/OrdesaPanticosa94-12-001.jpg 1164w\" sizes=\"auto, (max-width: 667px) 100vw, 667px\" \/><\/a><p id=\"caption-attachment-36244\" class=\"wp-caption-text\">Refugio de G\u00f3riz, 2.195 mts. arriba el Cilindro de Marbor\u00e9<\/p><\/div>\n<p>El camino transcurr\u00eda entre el bosque y a medida que nos intern\u00e1bamos valle arriba la oscuridad nos iba engullendo. El bosque de hayas, aunque casi invisible por la oscuridad del atardecer y de la noche pr\u00f3xima, se nos habr\u00eda esplendoroso, tupido y cerrado como los hayedos bien conservados que incluso llegan a asustarte, a sentir miedo si te adentras en ellos, esperando que te salga de detr\u00e1s de un \u00e1rbol el temido \u201clobo feroz\u201d.<\/p>\n<p>Ya es noche cerrada, el tiempo empeora y hace m\u00e1s fr\u00edo, mientras ya hemos sacado las linternas frontales y parece que vemos caer peque\u00f1as bolitas s\u00f3lidas de lo que parecen peque\u00f1os copos de agua-nieve. Ya vamos por Gradas de Soaso, el camino ahora convertido en senda, sube por unas escaleras y unos pasillos encrespados junto al sonido de las peque\u00f1as cascadas del R\u00edo Arazas. Poco a poco a mi se me iba haciendo larga la marcha sin llegar a ning\u00fan lado y sin ver nada. Cano es el \u00fanico que se conoce el camino y reconoce que va a ser mejor pasar la noche en una caba\u00f1a de pastores que queda arriba del valle antes de llegar al Circo de Soaso. As\u00ed que nos ponemos otra vez en marcha y al cabo de una media hora llegamos a dicha caba\u00f1a. En el bosque de hayas nos encontramos con peque\u00f1as caba\u00f1itas de madera pero, estaban a poco tiempo del comienzo y a mucha distancia de G\u00f3riz. La caba\u00f1a eran dos estancias con dos puertas incomunicadas entre s\u00ed y que estaban ocupadas ya por tres personas en cada habitaci\u00f3n, en cada estancia. Decidimos repartirnos y meternos dos en cada habitaci\u00f3n. Yo dorm\u00ed con Paco S\u00e1nchez, el cual me despertaba y se enfadaba conmigo cada vez que me quedaba dormido, por que me dio por roncar al constiparme en la subida. En mitad de la noche algo ocurre en el cuarto de al lado; un fuerte golpe met\u00e1lico y una conversaciones de incertidumbre nos despiertan. Preguntamos que ha ocurrido y nos dicen que est\u00e1n bien, que se hab\u00eda ca\u00eddo la puerta met\u00e1lica de la entrada que estaba suelta. Jes\u00fas hab\u00eda encendido la linterna frontal y se hab\u00eda encontrado a Cano metido en el saco con las piernas en alto y algo encogidas sosteniendo la puerta que se le ven\u00eda encima. Debi\u00f3 de ser casi c\u00f3mica la imagen.<\/p>\n<div id=\"attachment_36248\" style=\"width: 823px\" class=\"wp-caption aligncenter\"><a class=\"dt-single-image\" href=\"http:\/\/monta\u00f1asdelaluna.com\/wp-content\/uploads\/2017\/04\/OrdesaPanticosa94-16-001.jpg\" data-dt-img-description=\"\"><img loading=\"lazy\" decoding=\"async\" aria-describedby=\"caption-attachment-36248\" class=\"wp-image-36248 \" src=\"http:\/\/monta\u00f1asdelaluna.com\/wp-content\/uploads\/2017\/04\/OrdesaPanticosa94-16-001-1024x665.jpg\" alt=\"Jes\u00fas, Manolo Cano y Paco en la habitaci\u00f3n Marbor\u00e9 del refugio\" width=\"813\" height=\"528\" srcset=\"https:\/\/www.monta\u00f1asdelaluna.es\/wp-content\/uploads\/2017\/04\/OrdesaPanticosa94-16-001-1024x665.jpg 1024w, https:\/\/www.monta\u00f1asdelaluna.es\/wp-content\/uploads\/2017\/04\/OrdesaPanticosa94-16-001-300x195.jpg 300w, https:\/\/www.monta\u00f1asdelaluna.es\/wp-content\/uploads\/2017\/04\/OrdesaPanticosa94-16-001.jpg 1784w\" sizes=\"auto, (max-width: 813px) 100vw, 813px\" \/><\/a><p id=\"caption-attachment-36248\" class=\"wp-caption-text\">Jes\u00fas, Manolo Cano y Paco en la habitaci\u00f3n Marbor\u00e9 del refugio<\/p><\/div>\n<div id=\"attachment_36249\" style=\"width: 825px\" class=\"wp-caption aligncenter\"><a class=\"dt-single-image\" href=\"http:\/\/monta\u00f1asdelaluna.com\/wp-content\/uploads\/2017\/04\/OrdesaPanticosa94-17-001.jpg\" data-dt-img-description=\"\"><img loading=\"lazy\" decoding=\"async\" aria-describedby=\"caption-attachment-36249\" class=\"wp-image-36249 \" src=\"http:\/\/monta\u00f1asdelaluna.com\/wp-content\/uploads\/2017\/04\/OrdesaPanticosa94-17-001-1024x661.jpg\" alt=\"Paco, Jes\u00fas y Manolo Cano en el comerdor del refugio\" width=\"815\" height=\"526\" srcset=\"https:\/\/www.monta\u00f1asdelaluna.es\/wp-content\/uploads\/2017\/04\/OrdesaPanticosa94-17-001-1024x661.jpg 1024w, https:\/\/www.monta\u00f1asdelaluna.es\/wp-content\/uploads\/2017\/04\/OrdesaPanticosa94-17-001-300x194.jpg 300w, https:\/\/www.monta\u00f1asdelaluna.es\/wp-content\/uploads\/2017\/04\/OrdesaPanticosa94-17-001.jpg 1792w\" sizes=\"auto, (max-width: 815px) 100vw, 815px\" \/><\/a><p id=\"caption-attachment-36249\" class=\"wp-caption-text\">Paco, Jes\u00fas y Manolo Cano en el comerdor del refugio<\/p><\/div>\n<div id=\"attachment_36251\" style=\"width: 670px\" class=\"wp-caption aligncenter\"><a class=\"dt-single-image\" href=\"http:\/\/monta\u00f1asdelaluna.com\/wp-content\/uploads\/2017\/04\/OrdesaPanticosa94-19-001.jpg\" data-dt-img-description=\"\"><img loading=\"lazy\" decoding=\"async\" aria-describedby=\"caption-attachment-36251\" class=\"wp-image-36251 size-large\" src=\"http:\/\/monta\u00f1asdelaluna.com\/wp-content\/uploads\/2017\/04\/OrdesaPanticosa94-19-001-660x1024.jpg\" alt=\"Bajando del Refugio de G\u00f3riz, arriba la Punta Tobacor\" width=\"660\" height=\"1024\" srcset=\"https:\/\/www.monta\u00f1asdelaluna.es\/wp-content\/uploads\/2017\/04\/OrdesaPanticosa94-19-001-660x1024.jpg 660w, https:\/\/www.monta\u00f1asdelaluna.es\/wp-content\/uploads\/2017\/04\/OrdesaPanticosa94-19-001-193x300.jpg 193w, https:\/\/www.monta\u00f1asdelaluna.es\/wp-content\/uploads\/2017\/04\/OrdesaPanticosa94-19-001.jpg 1149w\" sizes=\"auto, (max-width: 660px) 100vw, 660px\" \/><\/a><p id=\"caption-attachment-36251\" class=\"wp-caption-text\">Bajando del Refugio de G\u00f3riz, arriba la Punta Tobacor<\/p><\/div>\n<p>Amanece al otro d\u00eda y salimos de la caba\u00f1a para descubrir y contemplar lo que la oscuridad de la noche nos hab\u00eda negado: un verde prado rodeado de paredes lisas y abruptas a cada lado, perfectamente alineadas como si alguien con una cuchara hubiera hecho un surco en una blanda mantequilla. El bosque all\u00e1 abajo, abandonado cerca de la caba\u00f1a y un leve polvillo blanco de nieve adorna las fajas y partes m\u00e1s altas del valle. Un paisaje encantador y espectacular.<\/p>\n<p>Emprendemos la marcha por una verde planicie rodeada de paredes y bajo \u00e9stas, laderas que se van suavizando a medida que se encuentran con la planicie; surcada \u00e9sta por un manso r\u00edo Arazas. Al fondo las paredes se unen en forma de semic\u00edrculo cerrando el valle. Estamos en un perfecto valle con forma de artesa caracter\u00edstica de la erosi\u00f3n glaciar. No cuesta nada imaginar a un poderoso glaciar que llegaba hasta las m\u00e1s altas paredes hiriendo y modelando las blandas rocas calizas a lo largo de este Valle de Ordesa con su origen (o uno de sus or\u00edgenes) en las paredes en forma de semic\u00edrculo que cierran el valle: el Circo de Soaso.<\/p>\n<p>Arriba del circo y blanqueados con una fina capa de nieve reci\u00e9n ca\u00edda la noche anterior, el Monte Perdido y el Soum de Ramond con suaves pendientes entre algodonosas y veloces nubes. Delante del Soum de Ramond un peque\u00f1o (peque\u00f1o al lado de estos gigantes) farall\u00f3n, la Torre de G\u00f3riz; que aparece como una erupci\u00f3n del terreno entre sus suaves laderas.<\/p>\n<div id=\"attachment_36252\" style=\"width: 671px\" class=\"wp-caption aligncenter\"><a class=\"dt-single-image\" href=\"http:\/\/monta\u00f1asdelaluna.com\/wp-content\/uploads\/2017\/04\/OrdesaPanticosa94-20-001.jpg\" data-dt-img-description=\"\"><img loading=\"lazy\" decoding=\"async\" aria-describedby=\"caption-attachment-36252\" class=\"wp-image-36252 size-large\" src=\"http:\/\/monta\u00f1asdelaluna.com\/wp-content\/uploads\/2017\/04\/OrdesaPanticosa94-20-001-661x1024.jpg\" alt=\"Manolo Cano destrepando por las Clavijas de Soaso\" width=\"661\" height=\"1024\" srcset=\"https:\/\/www.monta\u00f1asdelaluna.es\/wp-content\/uploads\/2017\/04\/OrdesaPanticosa94-20-001-661x1024.jpg 661w, https:\/\/www.monta\u00f1asdelaluna.es\/wp-content\/uploads\/2017\/04\/OrdesaPanticosa94-20-001-194x300.jpg 194w, https:\/\/www.monta\u00f1asdelaluna.es\/wp-content\/uploads\/2017\/04\/OrdesaPanticosa94-20-001.jpg 1153w\" sizes=\"auto, (max-width: 661px) 100vw, 661px\" \/><\/a><p id=\"caption-attachment-36252\" class=\"wp-caption-text\">Manolo Cano destrepando por las Clavijas de Soaso<\/p><\/div>\n<div id=\"attachment_36253\" style=\"width: 679px\" class=\"wp-caption aligncenter\"><a class=\"dt-single-image\" href=\"http:\/\/monta\u00f1asdelaluna.com\/wp-content\/uploads\/2017\/04\/OrdesaPanticosa94-21-001.jpg\" data-dt-img-description=\"\"><img loading=\"lazy\" decoding=\"async\" aria-describedby=\"caption-attachment-36253\" class=\"wp-image-36253 size-large\" src=\"http:\/\/monta\u00f1asdelaluna.com\/wp-content\/uploads\/2017\/04\/OrdesaPanticosa94-21-001-669x1024.jpg\" alt=\"Manolo Cano destrepando por las Clavijas de Soaso\" width=\"669\" height=\"1024\" srcset=\"https:\/\/www.monta\u00f1asdelaluna.es\/wp-content\/uploads\/2017\/04\/OrdesaPanticosa94-21-001-669x1024.jpg 669w, https:\/\/www.monta\u00f1asdelaluna.es\/wp-content\/uploads\/2017\/04\/OrdesaPanticosa94-21-001-196x300.jpg 196w, https:\/\/www.monta\u00f1asdelaluna.es\/wp-content\/uploads\/2017\/04\/OrdesaPanticosa94-21-001.jpg 1165w\" sizes=\"auto, (max-width: 669px) 100vw, 669px\" \/><\/a><p id=\"caption-attachment-36253\" class=\"wp-caption-text\">Manolo Cano destrepando por las Clavijas de Soaso<\/p><\/div>\n<p>Acerc\u00e1ndonos a las paredes del centro del circo, el r\u00edo Arazas forma una bonita cascada al bajar de la zona de G\u00f3riz: la famosa Cola de Caballo. Justo casi encima de \u00e9sta una vertiginosa y empinada senda excavada en las paredes del circo; una cadena ayuda a superar este vertical paso: Son las Clavijas de Soaso. Sin miedo y con el mochil\u00f3n superamos este entretenido y fatigoso paso, y ya desde arriba de una de las paredes se nos abre el fabuloso Valle de Ordesa, bello, bonito, hermoso y espectacular. Un paisaje como pocos en los Pirineos o en cualquier otra cordillera europea.<\/p>\n<p>Ahora nos dirigimos al Refugio Delgado \u00dabeda o de G\u00f3riz, base para subir los m\u00e1s altos tresmiles del macizo: Cilindro de Marbor\u00e9, Monte Perdido, Soum de Ramond\u2026 Nuestro objetivo ser\u00eda el Monte Perdido. Antes de llegar vemos a un numeroso grupo de gente que baja al valle desde el refugio. La noche fue fr\u00eda, nev\u00f3 en G\u00f3riz y la gente llevaba la ropa, material de verano y no estaban preparados para ese fr\u00edo.<\/p>\n<div id=\"attachment_36254\" style=\"width: 826px\" class=\"wp-caption aligncenter\"><a class=\"dt-single-image\" href=\"http:\/\/monta\u00f1asdelaluna.com\/wp-content\/uploads\/2017\/04\/OrdesaPanticosa94-22-001.jpg\" data-dt-img-description=\"\"><img loading=\"lazy\" decoding=\"async\" aria-describedby=\"caption-attachment-36254\" class=\"wp-image-36254 \" src=\"http:\/\/monta\u00f1asdelaluna.com\/wp-content\/uploads\/2017\/04\/OrdesaPanticosa94-22-001-1024x661.jpg\" alt=\"Joaqu\u00edn, Paco y Jes\u00fas dejando atr\u00e1s el Circo de Soaso, y el lugar de las Clavijas de Soaso junto a la cueva del centro\" width=\"816\" height=\"527\" srcset=\"https:\/\/www.monta\u00f1asdelaluna.es\/wp-content\/uploads\/2017\/04\/OrdesaPanticosa94-22-001-1024x661.jpg 1024w, https:\/\/www.monta\u00f1asdelaluna.es\/wp-content\/uploads\/2017\/04\/OrdesaPanticosa94-22-001-300x194.jpg 300w, https:\/\/www.monta\u00f1asdelaluna.es\/wp-content\/uploads\/2017\/04\/OrdesaPanticosa94-22-001.jpg 1786w\" sizes=\"auto, (max-width: 816px) 100vw, 816px\" \/><\/a><p id=\"caption-attachment-36254\" class=\"wp-caption-text\">Joaqu\u00edn, Paco y Jes\u00fas dejando atr\u00e1s el Circo de Soaso, y el lugar de las Clavijas de Soaso junto a la cueva del centro<\/p><\/div>\n<div id=\"attachment_36256\" style=\"width: 827px\" class=\"wp-caption aligncenter\"><a class=\"dt-single-image\" href=\"http:\/\/monta\u00f1asdelaluna.com\/wp-content\/uploads\/2017\/04\/OrdesaPanticosa94-24-001.jpg\" data-dt-img-description=\"\"><img loading=\"lazy\" decoding=\"async\" aria-describedby=\"caption-attachment-36256\" class=\"wp-image-36256 \" src=\"http:\/\/monta\u00f1asdelaluna.com\/wp-content\/uploads\/2017\/04\/OrdesaPanticosa94-24-001-1024x663.jpg\" alt=\"Jes\u00fas, Joaqu\u00edn y Manolo Cano en Gradas de Soaso en el R\u00edo Arazas\" width=\"817\" height=\"529\" srcset=\"https:\/\/www.monta\u00f1asdelaluna.es\/wp-content\/uploads\/2017\/04\/OrdesaPanticosa94-24-001-1024x663.jpg 1024w, https:\/\/www.monta\u00f1asdelaluna.es\/wp-content\/uploads\/2017\/04\/OrdesaPanticosa94-24-001-300x194.jpg 300w, https:\/\/www.monta\u00f1asdelaluna.es\/wp-content\/uploads\/2017\/04\/OrdesaPanticosa94-24-001.jpg 1789w\" sizes=\"auto, (max-width: 817px) 100vw, 817px\" \/><\/a><p id=\"caption-attachment-36256\" class=\"wp-caption-text\">Jes\u00fas, Joaqu\u00edn y Manolo Cano en Gradas de Soaso en el R\u00edo Arazas<\/p><\/div>\n<p>Llegamos al refugio y nos acomodamos en \u00e9l. Es un refugio c\u00f3modo y acogedor si no vas en los meses centrales del verano que se abarrota de gente y es agobiante, incluso con el mismo n\u00famero de gente acampada en los alrededores. Por la tarde la nieve se derret\u00eda por el calor de un sol intermitente cuando se asomaba entre las nubes.<\/p>\n<p>Ilusionados con subir al otro d\u00eda Monte Perdido, la tercera monta\u00f1a m\u00e1s alta de los Pirineos y una de las m\u00e1s famosas y emblem\u00e1ticas de los mismos, pasamos el d\u00eda entre risas y juegos. Al otro d\u00eda el mal tiempo rodea G\u00f3riz y todo el macizo, llovizna y no parece que vaya a despejarse en todo el d\u00eda. Esperamos sin saber que hacer. El guarda comenta: \u201cEsto va a estar as\u00ed todo el d\u00eda, ya se ha acabado el verano\u201d. Hablamos entre nosotros. No nos atrevemos a subir con tan mal tiempo \u00bfpara qu\u00e9? y lo m\u00e1s seguro ser\u00eda que a mitad de subida tendr\u00edamos que darnos la vuelta. Est\u00e1 descartado Monte Perdido \u00bfQu\u00e9 hacemos? Decidimos volvernos y visitar otra parte de los Pirineos, Panticosa en el Valle de Tena, en los alrededores de los Picos del Infierno.<\/p>\n<div id=\"attachment_36257\" style=\"width: 674px\" class=\"wp-caption aligncenter\"><a class=\"dt-single-image\" href=\"http:\/\/monta\u00f1asdelaluna.com\/wp-content\/uploads\/2017\/04\/OrdesaPanticosa94-25-001.jpg\" data-dt-img-description=\"\"><img loading=\"lazy\" decoding=\"async\" aria-describedby=\"caption-attachment-36257\" class=\"wp-image-36257 size-large\" src=\"http:\/\/monta\u00f1asdelaluna.com\/wp-content\/uploads\/2017\/04\/OrdesaPanticosa94-25-001-664x1024.jpg\" alt=\"Bajando por el Valle de Ordesa\" width=\"664\" height=\"1024\" srcset=\"https:\/\/www.monta\u00f1asdelaluna.es\/wp-content\/uploads\/2017\/04\/OrdesaPanticosa94-25-001-664x1024.jpg 664w, https:\/\/www.monta\u00f1asdelaluna.es\/wp-content\/uploads\/2017\/04\/OrdesaPanticosa94-25-001-195x300.jpg 195w, https:\/\/www.monta\u00f1asdelaluna.es\/wp-content\/uploads\/2017\/04\/OrdesaPanticosa94-25-001.jpg 1158w\" sizes=\"auto, (max-width: 664px) 100vw, 664px\" \/><\/a><p id=\"caption-attachment-36257\" class=\"wp-caption-text\">Bajando por el Valle de Ordesa<\/p><\/div>\n<div id=\"attachment_36259\" style=\"width: 824px\" class=\"wp-caption aligncenter\"><a class=\"dt-single-image\" href=\"http:\/\/monta\u00f1asdelaluna.com\/wp-content\/uploads\/2017\/04\/OrdesaPanticosa94-27-001.jpg\" data-dt-img-description=\"\"><img loading=\"lazy\" decoding=\"async\" aria-describedby=\"caption-attachment-36259\" class=\"wp-image-36259 \" src=\"http:\/\/monta\u00f1asdelaluna.com\/wp-content\/uploads\/2017\/04\/OrdesaPanticosa94-27-001-1024x663.jpg\" alt=\"Circo de Cotatuero\" width=\"814\" height=\"527\" srcset=\"https:\/\/www.monta\u00f1asdelaluna.es\/wp-content\/uploads\/2017\/04\/OrdesaPanticosa94-27-001-1024x663.jpg 1024w, https:\/\/www.monta\u00f1asdelaluna.es\/wp-content\/uploads\/2017\/04\/OrdesaPanticosa94-27-001-300x194.jpg 300w, https:\/\/www.monta\u00f1asdelaluna.es\/wp-content\/uploads\/2017\/04\/OrdesaPanticosa94-27-001.jpg 1786w\" sizes=\"auto, (max-width: 814px) 100vw, 814px\" \/><\/a><p id=\"caption-attachment-36259\" class=\"wp-caption-text\">Circo de Cotatuero<\/p><\/div>\n<p>Hacemos las mochilas, nos ponemos los chubasqueros, nos despedimos de G\u00f3riz y bajamos desandando el camino realizado ayer. Bajamos por las Clavijas de Soaso inmersos en una espesa niebla que hace m\u00e1s enigm\u00e1tico y emocionante el paso. Ya, bajo el Circo de Soaso y ya en la planicie herbosa de repente como si un gigante soplara a las nubes, se despeja y el cielo azul y claro aparece entre nosotros sin una t\u00edmida nube. De nuevo el \u201cesp\u00edritu\u201d de los Pirineos Nos hace una jugarreta mostr\u00e1ndonos lo que hubi\u00e9ramos conquistado esa ma\u00f1ana, el espl\u00e9ndido Monte Perdido. Ya no queremos subir, hemos decidido bajar y ya es demasiado tarde para volver y subir Monte Perdido; aunque el d\u00eda se ha quedado radiante e incre\u00edblemente despejado.<\/p>\n<p>Ahora de d\u00eda y con luz, recorremos el Valle de Ordesa fij\u00e1ndonos en los sitios y lugares que la noche no nos dej\u00f3 ver. As\u00ed disfrutamos de las \u201ccascaditas\u201d y escalones que hace el r\u00edo Arazas en Gradas de Soaso, el frondoso bosque de hayas y las fajas y paredes que rodean el boscoso y verde valle. Una muestra de ello es el famoso y encantador Circo de Cotatuero con su gran cascada en el centro. Es un paisaje que yo no llamar\u00eda alpino, sino m\u00e1s bien, pirenaico, propio y original de esta espl\u00e9ndida cordillera. En ning\u00fan otro sitio de Espa\u00f1a, Europa e incluso del mundo hay un valle y unos lugares como \u00e9stos; y su buena conservaci\u00f3n y futuro ser\u00e1 algo que nosotros deberemos y debemos preservar de ataques, especulaciones y actividades que puedan herir, degradar este lugar y estas monta\u00f1as tan bellas y \u00fanicas. Hay que recordar que \u201cno sabemos lo que tenemos hasta que lo perdemos\u201d; debemos conocer, disfrutar y respetar este valle para concienciarnos de lo que tenemos, de la joya que, sin saberlo, tenemos en el centro de los Pirineos.<\/p>\n<div id=\"attachment_25154\" style=\"width: 744px\" class=\"wp-caption aligncenter\"><a class=\"dt-single-image\" href=\"http:\/\/monta\u00f1asdelaluna.com\/wp-content\/uploads\/2015\/11\/017-Mirador-de-Calcilarruego.jpg\" data-dt-img-description=\"\"><img loading=\"lazy\" decoding=\"async\" aria-describedby=\"caption-attachment-25154\" class=\"wp-image-25154 size-full\" src=\"http:\/\/monta\u00f1asdelaluna.com\/wp-content\/uploads\/2015\/11\/017-Mirador-de-Calcilarruego.jpg\" alt=\"Jes\u00fas, Joaqu\u00edn y Paco en el Mirador de Calcilarruego\" width=\"734\" height=\"505\" \/><\/a><p id=\"caption-attachment-25154\" class=\"wp-caption-text\">Jes\u00fas, Joaqu\u00edn y Paco en el Mirador de Calcilarruego<\/p><\/div>\n<p>Dicen que a la tercera va la vencida. Por ello en el verano del noventa y nueve Paco Mart\u00ednez me invit\u00f3 a irme con \u00e9l y con Jes\u00fas Andujar a Ordesa para subir a Monte Perdido. Yo no estaba preparado ni estaba en mis planes salir de viaje ese verano, es m\u00e1s, llevaba una temporada que no sal\u00eda asiduamente a la monta\u00f1a; pero bueno, me decid\u00ed y me apunt\u00e9 con ellos.<\/p>\n<p>El recorrido iba a ser el de siempre: subir por todo el Valle de Ordesa desde Torla y el aparcamiento hasta G\u00f3riz donde montar\u00edamos la tienda y nos servir\u00eda de base para la ascensi\u00f3n.<\/p>\n<p>Esta vez yo quer\u00eda variar. Hab\u00eda o\u00eddo hablar de la famosa Senda de Los Cazadores y suger\u00ed a mis dos compa\u00f1eros de recorrernos el valle por ese lugar. \u00c9stos como tampoco lo hab\u00edan hecho, accedieron. Llegamos ya a media tarde al aparcamiento de Ordesa con el autob\u00fas Torla-Ordesa. Se nos iba a hacer tarde y lo m\u00e1s seguro es que no lleg\u00e1ramos a G\u00f3riz ese d\u00eda. Cogimos la indicaci\u00f3n de Senda de Los Cazadores cruzando el r\u00edo Arazas casi desde el mismo aparcamiento, y enseguida la senda se empinaba y zigzagueaba de forma considerable. \u00cdbamos cargados con los mochilones y esa primera subida result\u00f3 muy agotadora, aparte que para empezar, llev\u00e1bamos un buen ritmo. Dicha subida llegaba hasta un balc\u00f3n de una de las fajas, con un desnivel considerable desde el fondo del valle hasta dicho balc\u00f3n. Por en medio del bosque de coniferas muy tupido y vertical de las laderas meridionales del valle.<\/p>\n<div id=\"attachment_23150\" style=\"width: 599px\" class=\"wp-caption aligncenter\"><a class=\"dt-single-image\" href=\"http:\/\/monta\u00f1asdelaluna.com\/wp-content\/uploads\/2015\/10\/bajando-a-la-ermita-del-pilar.jpg\" data-dt-img-description=\"\"><img loading=\"lazy\" decoding=\"async\" aria-describedby=\"caption-attachment-23150\" class=\"wp-image-23150 size-full\" src=\"http:\/\/monta\u00f1asdelaluna.com\/wp-content\/uploads\/2015\/10\/bajando-a-la-ermita-del-pilar.jpg\" alt=\"Parking de Ordesa\" width=\"589\" height=\"874\" \/><\/a><p id=\"caption-attachment-23150\" class=\"wp-caption-text\">Parking de Ordesa<\/p><\/div>\n<div id=\"attachment_23151\" style=\"width: 658px\" class=\"wp-caption aligncenter\"><a class=\"dt-single-image\" href=\"http:\/\/monta\u00f1asdelaluna.com\/wp-content\/uploads\/2015\/10\/gregorio-con-su-burrito-cargado-de-hielo-para-venderlo-luego.jpg\" data-dt-img-description=\"\"><img loading=\"lazy\" decoding=\"async\" aria-describedby=\"caption-attachment-23151\" class=\"wp-image-23151 size-full\" src=\"http:\/\/monta\u00f1asdelaluna.com\/wp-content\/uploads\/2015\/10\/gregorio-con-su-burrito-cargado-de-hielo-para-venderlo-luego.jpg\" alt=\"Valle de Ordesa\" width=\"648\" height=\"443\" \/><\/a><p id=\"caption-attachment-23151\" class=\"wp-caption-text\">Valle de Ordesa<\/p><\/div>\n<p>Ya arriba llegamos a lo que llaman el Mirador Calcilarruego. Una magn\u00edfica plataforma con un refugio vivaque o caba\u00f1a con unas vistas impresionantes del centro y comienzo del Valle de Ordesa. Al coger altura ve\u00edas el valle perfectamente desde los fondos del mismo hasta las partes m\u00e1s altas de sus paredes, fajas y cimas. Es un mirador muy bello que te ofrec\u00eda una imagen del valle espectacular, alucinante y encantadora. Ve\u00edas toda la belleza y hermosura de todas las caracter\u00edsticas del valle (bosque, morfolog\u00eda, geograf\u00eda\u2026) desde un enclave perfecto y sobrecogedor, desde un vertiginoso resalte que serv\u00eda de balc\u00f3n con un desnivel de unos seiscientos metros desde el aparcamiento hasta dicho mirador, y de otros casi seiscientos metros desde la altura del mirador hasta las partes m\u00e1s altas por encima de las paredes que rodean el Valle de Ordesa y que ten\u00edamos enfrente. Est\u00e1bamos a unos dos mil novecientos metros. Justo enfrente, el valle se met\u00eda casi escondido hasta un gran circo de paredes y escarpes vertiginosos y de una belleza y frondosidad intacta y espectacular (como cada rinc\u00f3n de este valle): Es el Circo de Cotatuero; que desde las alturas y en su pared final una alta cascada baja hasta el fondo del valle coronando dicha imagen y engrandeciendo la vitalidad y fuerza de la visi\u00f3n. El espect\u00e1culo era soberbio. No s\u00e9 si habr\u00e1 lugar parecido a \u00e9ste. Yo a\u00fan no lo he visitado ni tengo conocimiento de lugares as\u00ed. Vale la pena acercarse y contemplar esta maravilla de la naturaleza y sorprendernos con las cosas que la Madre Tierra tiene escondidas y preparadas para nosotros.<\/p>\n<div id=\"attachment_23152\" style=\"width: 679px\" class=\"wp-caption aligncenter\"><a class=\"dt-single-image\" href=\"http:\/\/monta\u00f1asdelaluna.com\/wp-content\/uploads\/2015\/10\/013-La-Punta-Gallinero.jpg\" data-dt-img-description=\"\"><img loading=\"lazy\" decoding=\"async\" aria-describedby=\"caption-attachment-23152\" class=\"wp-image-23152 size-full\" src=\"http:\/\/monta\u00f1asdelaluna.com\/wp-content\/uploads\/2015\/10\/013-La-Punta-Gallinero.jpg\" alt=\"La Punta Gallinero\" width=\"669\" height=\"518\" \/><\/a><p id=\"caption-attachment-23152\" class=\"wp-caption-text\">La Punta Gallinero<\/p><\/div>\n<div id=\"attachment_23153\" style=\"width: 658px\" class=\"wp-caption aligncenter\"><a class=\"dt-single-image\" href=\"http:\/\/monta\u00f1asdelaluna.com\/wp-content\/uploads\/2015\/10\/013A.jpg\" data-dt-img-description=\"\"><img loading=\"lazy\" decoding=\"async\" aria-describedby=\"caption-attachment-23153\" class=\"wp-image-23153 size-full\" src=\"http:\/\/monta\u00f1asdelaluna.com\/wp-content\/uploads\/2015\/10\/013A.jpg\" alt=\"Valle de Ordesa bajo La Punta Gallinero\" width=\"648\" height=\"444\" \/><\/a><p id=\"caption-attachment-23153\" class=\"wp-caption-text\">Valle de Ordesa bajo La Punta Gallinero<\/p><\/div>\n<p>Pasamos la noche en este refugio para el otro d\u00eda solamente coger la senda y dirigirnos (ahora horizontalmente) por encima de las fajas hasta el final del valle, hasta el Circo de Soaso. La Senda de Los Cazadores al igual que el Mirador de Calcilarruego te ofrec\u00eda una vista espectacular, soberbia y encantadora del Valle de Ordesa, y el tiempo, aunque no despejado del todo, no imped\u00eda que el sol iluminara los bellos rincones de este valle. All\u00e1 al fondo, levantando la vista y por encima del Circo de Cotatuero un vasto corte en la monta\u00f1a, aunque lejano era apreciable sus dimensiones y grandeza, nos llama la atenci\u00f3n. Yo lo reconozco: es la Brecha de Rolando. Espectacular, altiva y enorme nos hace pensar en el \u201cgigante\u201d franc\u00e9s Rolando y en su espada, y en que dentro de unos d\u00edas deberemos cruzar esa puerta natural para pasar el lado franc\u00e9s y al Circo de Gavarni\u00e9. A medida que vamos recorriendo esta emocionante senda que cruza por la llamada Faja de Pelay, el paisaje va pasando tambi\u00e9n por nuestra mirada como una peque\u00f1a pantalla de cine que hace un giro para grabar, de ciento ochenta grados. All\u00e1, al final del valle, ya vislumbramos a nuestro gigante que intentaremos subir y conquistar como si de un gran reto se tratara: el Monte Perdido. Escoltado por sus dos centinelas a cada lado: el soberbio Cilindro de Marbor\u00e9, con sus verticalidades formidables y resaltadas, y el Soum de Ramond o Pico de A\u00f1isclo, con sus suaves laderas y su pico como sobre una mesa.<\/p>\n<div id=\"attachment_23154\" style=\"width: 658px\" class=\"wp-caption aligncenter\"><a class=\"dt-single-image\" href=\"http:\/\/monta\u00f1asdelaluna.com\/wp-content\/uploads\/2015\/10\/014-Bosque-de-Ordesa..jpg\" data-dt-img-description=\"\"><img loading=\"lazy\" decoding=\"async\" aria-describedby=\"caption-attachment-23154\" class=\"wp-image-23154 size-full\" src=\"http:\/\/monta\u00f1asdelaluna.com\/wp-content\/uploads\/2015\/10\/014-Bosque-de-Ordesa..jpg\" alt=\"Bosque de Ordesa.\" width=\"648\" height=\"444\" \/><\/a><p id=\"caption-attachment-23154\" class=\"wp-caption-text\">Bosque de Ordesa.<\/p><\/div>\n<p>La Senda de Los Cazadores termina (o empieza) casi en la entrada del mismo semic\u00edrculo que forma el Circo de Soaso, y desde aqu\u00ed ya cogemos la ruta normal de subida hasta el Refugio de G\u00f3riz. En este, ya conocido, recorrido, debo decir que me entr\u00f3 algo de diarrea. Ese molesto malestar que muchas veces nos ocurre en la monta\u00f1a y nos impide seguir disfrutando de la actividad. Por eso es bueno llevar algo para \u201censuciar\u201d la pureza de esta agua del Pirineo (gaseosa, pastillas potabilizadoras, tang\u2026) ya que nuestros cuerpos en un principio, parece ser, no est\u00e1n acostumbrados a esta agua pura y limpia. Tambi\u00e9n puede ser que un grupo de vacas est\u00e9n pastando r\u00edo arriba&#8230;<\/p>\n<p>&#8230;Al contrar\u00edo que en verano, en invierno no hay un alma en este, ahora, fr\u00edo valle. El tiempo, de nuevo, no acompa\u00f1a, estar\u00e1 nublado todo el puente y no sabremos si despejar\u00e1 alg\u00fan d\u00eda o nos dar\u00e1 la oportunidad de subir Monte Perdido. Nos ponemos el \u201ctraje\u201d de invierno y empezamos la subida normal hac\u00eda G\u00f3riz valle arriba.<\/p>\n<p>Ordesa en invierno es diferente, una fr\u00eda y desoladora belleza, blanca y gris de la nieve y de las nubes. Toda la magia, hermosura y espectacularidad del valle en verano se viste ahora de blanco y cambia sus tonos de colores pero sigue siendo igual de bello y hermoso con un aspecto diferente. Si acaso le da a\u00fan m\u00e1s un toque enigm\u00e1tico y misterioso. Te da la impresi\u00f3n de estar en un valle desconocido pero grandioso y de una belleza que te envuelve, y te preguntas y asombras el por que la gente no viene a verlo y deleitarse con sus hermosos bosques blanqueados y sus paredes y pe\u00f1ascos marrones oscuros alegrados por esa abundante, blanca nieve del invierno\u2026 desde luego son paisajes y vistas solo para algunos privilegiados que no les importa soportar y sufrir los rigores del fr\u00edo invierno.<\/p>\n<div id=\"attachment_23155\" style=\"width: 454px\" class=\"wp-caption aligncenter\"><a class=\"dt-single-image\" href=\"http:\/\/monta\u00f1asdelaluna.com\/wp-content\/uploads\/2015\/10\/estacion-de-urbina-3-600-mts-con-el-chimborazo-detras.jpg\" data-dt-img-description=\"\"><img loading=\"lazy\" decoding=\"async\" aria-describedby=\"caption-attachment-23155\" class=\"wp-image-23155 size-full\" src=\"http:\/\/monta\u00f1asdelaluna.com\/wp-content\/uploads\/2015\/10\/estacion-de-urbina-3-600-mts-con-el-chimborazo-detras.jpg\" alt=\"Camino del Circo de Soaso\" width=\"444\" height=\"648\" \/><\/a><p id=\"caption-attachment-23155\" class=\"wp-caption-text\">Camino del Circo de Soaso<\/p><\/div>\n<div id=\"attachment_23157\" style=\"width: 442px\" class=\"wp-caption aligncenter\"><a class=\"dt-single-image\" href=\"http:\/\/monta\u00f1asdelaluna.com\/wp-content\/uploads\/2015\/10\/joaquin-acariciando-una-alpaca-cerca-de-las-vias-del-tren-cerca-de-la-estacion-de-urbina.jpg\" data-dt-img-description=\"\"><img loading=\"lazy\" decoding=\"async\" aria-describedby=\"caption-attachment-23157\" class=\"wp-image-23157 size-full\" src=\"http:\/\/monta\u00f1asdelaluna.com\/wp-content\/uploads\/2015\/10\/joaquin-acariciando-una-alpaca-cerca-de-las-vias-del-tren-cerca-de-la-estacion-de-urbina.jpg\" alt=\"Clavijas de Soaso.\" width=\"432\" height=\"648\" \/><\/a><p id=\"caption-attachment-23157\" class=\"wp-caption-text\">Clavijas de Soaso.<\/p><\/div>\n<p>Ya arriba de la pared del circo y de las Clavijas, miramos atr\u00e1s el valle que dejamos, blanco e inh\u00f3spito, fr\u00edo y hermoso bajo el fantasma de un sol que se entrev\u00e9 en las nubes altas y grises. Como la primera vez, me asombro de su belleza tintada ahora de blanco con esa bruma tambi\u00e9n blanquecina que se met\u00eda entre el bosque y los fondos oscuros del valle&#8230;<\/p>\n<p>&#8230;Viendo que no pod\u00edamos hacer nada decidimos unirnos a los aragoneses que se dispon\u00edan a bajar hasta Torla por todo el nevado Valle de Ordesa. Nosotros nos quedar\u00edamos en la caba\u00f1a de pastores junto con nuestros compa\u00f1eros que ya estar\u00edan all\u00ed acampados. Ya era tarde cuando salimos de G\u00f3riz. M\u00e1s abajo dejamos el refugio entre la oscuridad de un atardecer invisible y el af\u00e1n de la blanca nieve de seguir iluminando la monta\u00f1a sin conseguir perdurar en su intento. Daba lugar a una visi\u00f3n misteriosa, lejana en tiempo y espacio, enigm\u00e1tica y casi tenebrosa, como aquel hotel perdido en la solitaria monta\u00f1a rodeada de nieve en la pel\u00edcula \u201cEl Resplandor\u201d. Hac\u00eda abajo, la tierra se abr\u00eda desde una peque\u00f1a grieta hasta transformarse en un gran ca\u00f1\u00f3n que era el Valle de Ordesa, y que nos iba a engullir sin remedio y sin saber que nos deparar\u00eda en el fondo de este temible valle; al menos esa era la impresi\u00f3n que daba en ese momento con la oscuridad del anochecer invernal.<\/p>\n<div id=\"attachment_23156\" style=\"width: 454px\" class=\"wp-caption aligncenter\"><a class=\"dt-single-image\" href=\"http:\/\/monta\u00f1asdelaluna.com\/wp-content\/uploads\/2015\/10\/015-Clavijas-de-Soaso..jpg\" data-dt-img-description=\"\"><img loading=\"lazy\" decoding=\"async\" aria-describedby=\"caption-attachment-23156\" class=\"wp-image-23156 size-full\" src=\"http:\/\/monta\u00f1asdelaluna.com\/wp-content\/uploads\/2015\/10\/015-Clavijas-de-Soaso..jpg\" alt=\"Clavijas de Soaso.\" width=\"444\" height=\"648\" \/><\/a><p id=\"caption-attachment-23156\" class=\"wp-caption-text\">Clavijas de Soaso.<\/p><\/div>\n<div id=\"attachment_23158\" style=\"width: 658px\" class=\"wp-caption aligncenter\"><a class=\"dt-single-image\" href=\"http:\/\/monta\u00f1asdelaluna.com\/wp-content\/uploads\/2015\/10\/016-Valle-de-Ordesa..jpg\" data-dt-img-description=\"\"><img loading=\"lazy\" decoding=\"async\" aria-describedby=\"caption-attachment-23158\" class=\"wp-image-23158 size-full\" src=\"http:\/\/monta\u00f1asdelaluna.com\/wp-content\/uploads\/2015\/10\/016-Valle-de-Ordesa..jpg\" alt=\"Valle de Ordesa.\" width=\"648\" height=\"443\" \/><\/a><p id=\"caption-attachment-23158\" class=\"wp-caption-text\">Valle de Ordesa.<\/p><\/div>\n<p>Enseguida llegamos a la caba\u00f1a de pastores cerca del inicio del bosque de Ordesa; all\u00ed pretend\u00edamos quedarnos y hacer noche, pero \u201cHenry\u201d, que ya ten\u00eda montada la tienda, dec\u00eda que estaba malo, que ten\u00eda mucho, mucho fr\u00edo y que lo pasar\u00eda muy mal esa noche si se quedaba all\u00ed. Nos increpaba, sin sentido, por habernos bajado cuando hab\u00edamos decidido quedarnos en el refugio. Si al final a \u00e9l le vino bien que baj\u00e1ramos por que as\u00ed desmontaron y los seis emprendimos la marcha valle abajo hasta el aparcamiento junto con los aragoneses. Ya era de noche, encendimos las linternas frontales y nos adentramos en la oscuridad del bosque de Ordesa. Una marcha nocturna siempre es emocionante en la monta\u00f1a, la noche le da otra vida, otro aspecto, otra realidad a la monta\u00f1a\u2026 es otro mundo; pero si lo haces en el Valle de Ordesa, nevado, sin nadie m\u00e1s que el susurro del r\u00edo Arazas, los ruidos de la noche en el bosque y tus pisadas y las de tus compa\u00f1eros\u2026 Inmersos en el bosque el aragon\u00e9s dijo que todos apag\u00e1ramos las linternas y que la blancura de la nieve en el suelo servir\u00eda para iluminarnos en el descenso. Nos sentimos como esos animales nocturnos que encienden su mirada al acecho de sus futuras presas. En ese momento me sent\u00ed como parte del bosque, de la naturaleza que me rodeaba. Me sent\u00ed enaltecido; muy bien, mi esp\u00edritu se alegraba y se hermanaba con la madre naturaleza. Me sent\u00ed como un animal salvaje recorriendo su territorio, y con \u00e1nimo y energ\u00eda suficiente para enfrentase a cualquier otro que se interpusiera en su camino. Me sent\u00ed grande, fuerte, lleno de vida. Me sent\u00ed m\u00e1s hombre y m\u00e1s vivo que cualquiera de los humanos que habitan en lo que ellos llaman civilizaci\u00f3n, ciudad, mundo urbano artificial y demagogo.<\/p>\n<p>Algunas veces me he sentido as\u00ed de bien conmigo mismo, con mi esp\u00edritu y con mi mente. Es como la transformaci\u00f3n del hombre en lobo, pero para convertirte en un ser superior en todos los sentidos y sin maldad, todo fuerza\u2026 Pero solamente he tenido estas sensaciones en la monta\u00f1a\u2026 \u00bfde verdad tendr\u00e1 magia la monta\u00f1a?<\/p>\n<div id=\"attachment_23144\" style=\"width: 755px\" class=\"wp-caption aligncenter\"><a class=\"dt-single-image\" href=\"http:\/\/monta\u00f1asdelaluna.com\/wp-content\/uploads\/1994\/09\/mapa-de-Ordesa.blog_.jpg\" data-dt-img-description=\"\"><img loading=\"lazy\" decoding=\"async\" aria-describedby=\"caption-attachment-23144\" class=\"wp-image-23144 size-full\" src=\"http:\/\/monta\u00f1asdelaluna.com\/wp-content\/uploads\/1994\/09\/mapa-de-Ordesa.blog_.jpg\" alt=\"mapa de Ordesa.blog\" width=\"745\" height=\"504\" srcset=\"https:\/\/www.monta\u00f1asdelaluna.es\/wp-content\/uploads\/1994\/09\/mapa-de-Ordesa.blog_.jpg 745w, https:\/\/www.monta\u00f1asdelaluna.es\/wp-content\/uploads\/1994\/09\/mapa-de-Ordesa.blog_-300x203.jpg 300w\" sizes=\"auto, (max-width: 745px) 100vw, 745px\" \/><\/a><p id=\"caption-attachment-23144\" class=\"wp-caption-text\">Croquis del recorrido por el Valle de Ordesa desde su parking hasta el Refugio de G\u00f3riz<\/p><\/div>\n<p>[vc_separator][vc_row][vc_column][vc_empty_space][\/vc_column][\/vc_row][vc_row][vc_column][\/vc_column][\/vc_row][vc_row][vc_column width=\u00bb1\/2&#8243;][vc_cta h2=\u00bb\u00c1lbum de fotos\u00bb add_button=\u00bbright\u00bb btn_title=\u00bbVer fotos\u00bb btn_color=\u00bbwarning\u00bb btn_link=\u00bburl:http%3A%2F%2Fmonta%C3%B1asdelaluna.com%2Fdt_gallery%2Fsoum-de-ramond-y-punta-de-las-olas-2%2F||target:%20_blank\u00bb]Puedes ver im\u00e1genes del Valle de Ordesa en este \u00c1lbum de Soum de Ramond y Punta de Las Olas, en forma de presentaci\u00f3n o individuales pinchando aqui \u00a1No te las pierdas![\/vc_cta][\/vc_column][vc_column width=\u00bb1\/2&#8243;][vc_empty_space height=\u00bb24px\u00bb][vc_cta h2=\u00bb\u00c1lbum de fotos\u00bb add_button=\u00bbright\u00bb btn_title=\u00bbVer fotos\u00bb btn_color=\u00bbwarning\u00bb btn_link=\u00bburl:http%3A%2F%2Fmonta\u00f1asdelaluna.com%2Fdt_gallery%2Fordesa-el-paraiso-encontrado-3%2F||target:%20_blank\u00bb]Puedes ver todas las fotos de Valle de Ordesa en forma de presentaci\u00f3n o individuales pinchando aqui \u00a1No te las pierdas![\/vc_cta][\/vc_column][\/vc_row][vc_row][vc_column][vc_empty_space][\/vc_column][\/vc_row][vc_row][vc_column width=\u00bb1\/2&#8243;][vc_empty_space][vc_cta h2=\u00bb\u00c1lbum de fotos\u00bb add_button=\u00bbright\u00bb btn_title=\u00bbVer fotos\u00bb btn_color=\u00bbwarning\u00bb btn_link=\u00bburl:http%3A%2F%2Fmonta%C3%B1asdelaluna.com%2Fdt_gallery%2Fordesa-y-el-marbore-1o-parte-de-ordesa-al-marbore-2%2F||target:%20_blank\u00bb]Puedes ver im\u00e1genes del Valle de Ordesa en este \u00c1lbum de El Marbor\u00e9, en forma de presentaci\u00f3n o individuales pinchando aqui \u00a1No te las pierdas![\/vc_cta][vc_empty_space][\/vc_column][vc_column width=\u00bb1\/2&#8243;][vc_empty_space][vc_cta h2=\u00bb\u00c1lbum de fotos\u00bb add_button=\u00bbright\u00bb btn_title=\u00bbVer fotos\u00bb btn_color=\u00bbwarning\u00bb btn_link=\u00bburl:http%3A%2F%2Fmonta%C3%B1asdelaluna.com%2Fdt_gallery%2Fprueba-6%2F||target:%20_blank\u00bb]Puedes ver todas las fotos de Ordesa. Enamorado del invierno en forma de presentaci\u00f3n o individuales pinchando aqui \u00a1No te las pierdas![\/vc_cta][vc_empty_space][\/vc_column][\/vc_row][vc_row][vc_column width=\u00bb1\/4&#8243;][\/vc_column][vc_column width=\u00bb1\/2&#8243;][vc_raw_html]JTNDaWZyYW1lJTIwc3JjJTNEJTIyaHR0cHMlM0ElMkYlMkZ3d3cubWV0ZW9ibHVlLmNvbSUyRmVzJTJGdGllbXBvJTJGd2lkZ2V0JTJGZGFpbHklMkZwYXJxdWUtbmFjaW9uYWwtZGUtb3JkZXNhX2VzcGElMjVjMyUyNWIxYV8zMTE0OTg5JTNGZGF5cyUzRDclMjZ0ZW1wdW5pdCUzRENFTFNJVVMlMjZ3aW5kdW5pdCUzREtJTE9NRVRFUl9QRVJfSE9VUiUyNnBpY3RvaWNvbiUzRDElMjZtYXh0ZW1wZXJhdHVyZSUzRDElMjZtaW50ZW1wZXJhdHVyZSUzRDElMjZ3aW5kc3BlZWQlM0QxJTI2d2luZGd1c3QlM0QxJTI2d2luZGRpcmVjdGlvbiUzRDElMjZwcmVjaXBpdGF0aW9uJTNEMSUyNnByZWNpcGl0YXRpb25wcm9iYWJpbGl0eSUzRDElMjZzcG90JTNEMSUyNnByZXNzdXJlJTNEMSUyNmxheW91dCUzRGxpZ2h0JTIyJTIwJTIwZnJhbWVib3JkZXIlM0QlMjIwJTIyJTIwc2Nyb2xsaW5nJTNEJTIyTk8lMjIlMjBhbGxvd3RyYW5zcGFyZW5jeSUzRCUyMnRydWUlMjIlMjBzdHlsZSUzRCUyMndpZHRoJTNBJTIwMzc4cHglM0JoZWlnaHQlM0ElMjAzOTFweCUyMiUzRSUzQyUyRmlmcmFtZSUzRSUzQ2RpdiUzRSUzQyUyMS0tJTIwRE8lMjBOT1QlMjBSRU1PVkUlMjBUSElTJTIwTElOSyUyMC0tJTNFJTNDYSUyMGhyZWYlM0QlMjJodHRwcyUzQSUyRiUyRnd3dy5tZXRlb2JsdWUuY29tJTJGZXMlMkZ0aWVtcG8lMkZwcm9ub3N0aWNvJTJGc2VtYW5hJTJGcGFycXVlLW5hY2lvbmFsLWRlLW9yZGVzYV9lc3BhJTI1YzMlMjViMWFfMzExNDk4OSUyMiUyMHRhcmdldCUzRCUyMl9ibGFuayUyMiUzRW1ldGVvYmx1ZSUzQyUyRmElM0UlM0MlMkZkaXYlM0U=[\/vc_raw_html][\/vc_column][vc_column width=\u00bb1\/4&#8243;][\/vc_column][\/vc_row]<\/p>\n","protected":false},"excerpt":{"rendered":"<p>Hab\u00eda o\u00eddo hablar mucho del Parque Nacional de Ordesa y Monte Perdido, sobre todo del Valle de Ordesa: sus bosques, sus paredes cortadas, sus cascadas, sus escondidos lugares tan bellos y de formas tan perfectas que la combinaci\u00f3n de tonas sus caracter\u00edsticas hac\u00edan del lugar un verdadero para\u00edso, el m\u00e1s bello de los Pirineos, el&hellip;<\/p>\n","protected":false},"author":1,"featured_media":36259,"comment_status":"open","ping_status":"open","sticky":false,"template":"","format":"standard","meta":[],"categories":[1],"tags":[],"class_list":["post-39929","post","type-post","status-publish","format-standard","has-post-thumbnail","hentry","category-sin-categoria","category-1","description-off"],"_links":{"self":[{"href":"https:\/\/www.monta\u00f1asdelaluna.es\/index.php?rest_route=\/wp\/v2\/posts\/39929","targetHints":{"allow":["GET"]}}],"collection":[{"href":"https:\/\/www.monta\u00f1asdelaluna.es\/index.php?rest_route=\/wp\/v2\/posts"}],"about":[{"href":"https:\/\/www.monta\u00f1asdelaluna.es\/index.php?rest_route=\/wp\/v2\/types\/post"}],"author":[{"embeddable":true,"href":"https:\/\/www.monta\u00f1asdelaluna.es\/index.php?rest_route=\/wp\/v2\/users\/1"}],"replies":[{"embeddable":true,"href":"https:\/\/www.monta\u00f1asdelaluna.es\/index.php?rest_route=%2Fwp%2Fv2%2Fcomments&post=39929"}],"version-history":[{"count":10,"href":"https:\/\/www.monta\u00f1asdelaluna.es\/index.php?rest_route=\/wp\/v2\/posts\/39929\/revisions"}],"predecessor-version":[{"id":39941,"href":"https:\/\/www.monta\u00f1asdelaluna.es\/index.php?rest_route=\/wp\/v2\/posts\/39929\/revisions\/39941"}],"wp:featuredmedia":[{"embeddable":true,"href":"https:\/\/www.monta\u00f1asdelaluna.es\/index.php?rest_route=\/wp\/v2\/media\/36259"}],"wp:attachment":[{"href":"https:\/\/www.monta\u00f1asdelaluna.es\/index.php?rest_route=%2Fwp%2Fv2%2Fmedia&parent=39929"}],"wp:term":[{"taxonomy":"category","embeddable":true,"href":"https:\/\/www.monta\u00f1asdelaluna.es\/index.php?rest_route=%2Fwp%2Fv2%2Fcategories&post=39929"},{"taxonomy":"post_tag","embeddable":true,"href":"https:\/\/www.monta\u00f1asdelaluna.es\/index.php?rest_route=%2Fwp%2Fv2%2Ftags&post=39929"}],"curies":[{"name":"wp","href":"https:\/\/api.w.org\/{rel}","templated":true}]}}