{"id":39942,"date":"2018-04-21T10:54:26","date_gmt":"2018-04-21T10:54:26","guid":{"rendered":"http:\/\/monta\u00f1asdelaluna.com\/?p=39942"},"modified":"2021-08-05T15:41:40","modified_gmt":"2021-08-05T15:41:40","slug":"las-cimas-de-sant-llorenc-del-mont-i-lobac","status":"publish","type":"post","link":"https:\/\/www.monta\u00f1asdelaluna.es\/?p=39942","title":{"rendered":"Las cimas de Sant Lloren\u00e7 del Mont i l&#8217;Obac"},"content":{"rendered":"<p>[vc_row][vc_column][vc_column_text]Despu\u00e9s de haber visitado y recorrido en varias ocasiones las cimas y rincones de estas monta\u00f1as, ya iba siendo hora de hacer una Integral. Como aquellas integrales realizadas en aquellas nost\u00e1lgicas monta\u00f1as de Alicante\u2026 la subida a todas las cimas m\u00e1s altas de una sierra.<\/p>\n<p>Por ello mi compa\u00f1ero y amigo Mikel y yo el pasado s\u00e1bado 21 de abril nos acercamos al famoso Coll d\u2019Estenalles, punto m\u00e1s alto de la carretera que va de Matadepera a Mura, lugar de encuentro de otros recorridos y actividades por estas encantadoras monta\u00f1as, para dirigirnos al m\u00e1s cercano de todas las cimas: el Montcau.<\/p>\n<p>El d\u00eda es s\u00faper soleado y casi caluroso para a\u00fan ser el mes de abril. Mikel llega tarde. Le espero mientras veo como los ciclistas suben y bajan por esta carretera. Y una vez ya reunidos, salimos por la pista asfaltada que sale de entre las casas de informaci\u00f3n del parque y ba\u00f1os p\u00fablicos hacia el este, hacia la derecha, en busca de las laderas del Montcau.<\/p>\n<div id=\"attachment_39805\" style=\"width: 1034px\" class=\"wp-caption aligncenter\"><a class=\"dt-single-image\" href=\"https:\/\/www.monta\u00f1asdelaluna.es\/wp-content\/uploads\/2019\/04\/delante-la-mola.jpg\" data-dt-img-description=\"\"><img loading=\"lazy\" decoding=\"async\" aria-describedby=\"caption-attachment-39805\" class=\"wp-image-39805 size-large\" src=\"https:\/\/www.monta\u00f1asdelaluna.es\/wp-content\/uploads\/2019\/04\/delante-la-mola-1024x768.jpg\" alt=\"Delante La Mola\" width=\"1024\" height=\"768\" srcset=\"https:\/\/www.monta\u00f1asdelaluna.es\/wp-content\/uploads\/2019\/04\/delante-la-mola-1024x768.jpg 1024w, https:\/\/www.monta\u00f1asdelaluna.es\/wp-content\/uploads\/2019\/04\/delante-la-mola-300x225.jpg 300w, https:\/\/www.monta\u00f1asdelaluna.es\/wp-content\/uploads\/2019\/04\/delante-la-mola.jpg 1788w\" sizes=\"auto, (max-width: 1024px) 100vw, 1024px\" \/><\/a><p id=\"caption-attachment-39805\" class=\"wp-caption-text\">Delante La Mola<\/p><\/div>\n<div id=\"attachment_39806\" style=\"width: 1034px\" class=\"wp-caption aligncenter\"><a class=\"dt-single-image\" href=\"https:\/\/www.monta\u00f1asdelaluna.es\/wp-content\/uploads\/2019\/04\/llegando-a-la-mola.jpg\" data-dt-img-description=\"\"><img loading=\"lazy\" decoding=\"async\" aria-describedby=\"caption-attachment-39806\" class=\"wp-image-39806 size-large\" src=\"https:\/\/www.monta\u00f1asdelaluna.es\/wp-content\/uploads\/2019\/04\/llegando-a-la-mola-1024x768.jpg\" alt=\"Llegando a La Mola\" width=\"1024\" height=\"768\" srcset=\"https:\/\/www.monta\u00f1asdelaluna.es\/wp-content\/uploads\/2019\/04\/llegando-a-la-mola-1024x768.jpg 1024w, https:\/\/www.monta\u00f1asdelaluna.es\/wp-content\/uploads\/2019\/04\/llegando-a-la-mola-300x225.jpg 300w, https:\/\/www.monta\u00f1asdelaluna.es\/wp-content\/uploads\/2019\/04\/llegando-a-la-mola.jpg 1788w\" sizes=\"auto, (max-width: 1024px) 100vw, 1024px\" \/><\/a><p id=\"caption-attachment-39806\" class=\"wp-caption-text\">Llegando a La Mola<\/p><\/div>\n<p>Seguiremos entonces el recorrido descrito en <a href=\"https:\/\/www.monta\u00f1asdelaluna.es\/?p=19856\" target=\"_blank\" rel=\"noopener\">Marcha Nocturna a La Mola<\/a>, pero una vez llegados a un punto de la pista asfaltada, dejamos dicho camino alquitranado para girar a la derecha por un camino, senda ancha, que cruza por lo m\u00e1s alto del cordal cimero, despejado de arboleda, hacia la monta\u00f1a que tenemos justo enfrente con forma de pagoda, de sombrero campero chino\u2026 o algo as\u00ed, una forma curiosa, singular, muy reconocible\u2026 el Montcau. La senda o camino est\u00e1 delimitado por 2 cuerdas en el suelo indicando que no puedes salirte de \u00e9stas\u2026 el terreno de alrededor est\u00e1 muy erosionado a causa de las visitas, de los cientos de visitantes que pasan por estos lares de la monta\u00f1a. Una forma curiosa de respetar el entorno y preservar la personalidad de la monta\u00f1a.<\/p>\n<p>Las cuevas frente a nosotros, en las paredes rocosas de conglomerados, esos campos de patatas verticales (en este caso no tan verticales), me recuerda aquella informaci\u00f3n que le\u00ed sobre los habitantes de estas: los murci\u00e9lagos. La senda poco a poco se acercaba a la roca llena de piedras \u201cpegadas\u201d entre s\u00ed, y llegado un momento dicha senda gira hacia la derecha como bordeando la base de la roca m\u00e1s vertical, para buscar el paso o recorrido que viene desde el Coll d\u2019Eres. La senda entonces deja de rodear la roca de la monta\u00f1a y comienza a subir por ella en busca de su cima, de la parte m\u00e1s alta\u2026 como ya lo hab\u00eda hecho otras veces, en otras visitas. Y de aqu\u00ed con algunos pasos donde los menos acostumbrados a la monta\u00f1a, tienen que poner las manos en la roca para superarla, llegamos enseguida a la cima caracter\u00edstica del Montcau, a 1.056 mts.<\/p>\n<div id=\"attachment_39808\" style=\"width: 1034px\" class=\"wp-caption aligncenter\"><a class=\"dt-single-image\" href=\"https:\/\/www.monta\u00f1asdelaluna.es\/wp-content\/uploads\/2019\/04\/IMG_7479.jpg\" data-dt-img-description=\"\"><img loading=\"lazy\" decoding=\"async\" aria-describedby=\"caption-attachment-39808\" class=\"wp-image-39808 size-large\" src=\"https:\/\/www.monta\u00f1asdelaluna.es\/wp-content\/uploads\/2019\/04\/IMG_7479-1024x768.jpg\" alt=\"Monasterio de La Mola\" width=\"1024\" height=\"768\" srcset=\"https:\/\/www.monta\u00f1asdelaluna.es\/wp-content\/uploads\/2019\/04\/IMG_7479-1024x768.jpg 1024w, https:\/\/www.monta\u00f1asdelaluna.es\/wp-content\/uploads\/2019\/04\/IMG_7479-300x225.jpg 300w, https:\/\/www.monta\u00f1asdelaluna.es\/wp-content\/uploads\/2019\/04\/IMG_7479.jpg 1788w\" sizes=\"auto, (max-width: 1024px) 100vw, 1024px\" \/><\/a><p id=\"caption-attachment-39808\" class=\"wp-caption-text\">Monasterio de La Mola<\/p><\/div>\n<div id=\"attachment_39809\" style=\"width: 1034px\" class=\"wp-caption aligncenter\"><a class=\"dt-single-image\" href=\"https:\/\/www.monta\u00f1asdelaluna.es\/wp-content\/uploads\/2019\/04\/bajando-de-la-mola-al-fondo-el-montcau.jpg\" data-dt-img-description=\"\"><img loading=\"lazy\" decoding=\"async\" aria-describedby=\"caption-attachment-39809\" class=\"wp-image-39809 size-large\" src=\"https:\/\/www.monta\u00f1asdelaluna.es\/wp-content\/uploads\/2019\/04\/bajando-de-la-mola-al-fondo-el-montcau-1024x768.jpg\" alt=\"Bajando de La Mola al fondo el Montcau\" width=\"1024\" height=\"768\" srcset=\"https:\/\/www.monta\u00f1asdelaluna.es\/wp-content\/uploads\/2019\/04\/bajando-de-la-mola-al-fondo-el-montcau-1024x768.jpg 1024w, https:\/\/www.monta\u00f1asdelaluna.es\/wp-content\/uploads\/2019\/04\/bajando-de-la-mola-al-fondo-el-montcau-300x225.jpg 300w, https:\/\/www.monta\u00f1asdelaluna.es\/wp-content\/uploads\/2019\/04\/bajando-de-la-mola-al-fondo-el-montcau.jpg 1788w\" sizes=\"auto, (max-width: 1024px) 100vw, 1024px\" \/><\/a><p id=\"caption-attachment-39809\" class=\"wp-caption-text\">Bajando de La Mola al fondo el Montcau<\/p><\/div>\n<p>Despu\u00e9s de recrearnos con esta primera cumbre de Sant Lloren\u00e7 del Munt, bajamos por el mismo sitio por donde hab\u00edamos llegado a la cima, pero una vez llegados al punto donde acaba la roca, en lugar de girar a la derecha, que era por donde hab\u00edamos llegado al lugar, seguimos recto y abajo con las vistas frente a nosotros del estupendo\u00a0 tapiz boscoso de la monta\u00f1a, hacia el sur, en busca del Coll d\u2019Eres entre esas grandiosas encinas, estupendas\u2026 entonces desde aqu\u00ed volveremos a seguir el recorrido de <a href=\"https:\/\/www.monta\u00f1asdelaluna.es\/?p=19856\" target=\"_blank\" rel=\"noopener\">Marcha Nocturna a La Mola,<\/a> por toda la senda que sigue la columna vertebral de esta monta\u00f1a, hasta el pico m\u00e1s alto del parque natural, de las monta\u00f1as de Sant Lloren\u00e7 del Munt i l\u2019Obac: La Mola. Con su caracter\u00edstico templo, monasterio (ahora tambi\u00e9n restaurante) en su cima.<\/p>\n<p>Encontramos m\u00e1s gente en el camino, sobre todo en las \u00faltimas partes de subida al nombrado pico. Familias, grupos, curiosos y domingueros llenan la cima, estancias y rincones de La Mola y su monasterio a 1.107 mts.<\/p>\n<p>Paramos a tomar algo. Hace un buen d\u00eda, soleado, casi caluroso. Nos quedamos en la esplanada delante de la puerta principal del templo. Pero al poco tiempo tenemos que seguir. El siguiente objetivo ser\u00eda la cima m\u00e1s alta de la Serra de l\u2019Obac: el Castellsapera. Para ello solo tenemos que seguir el recorrido realizado en <a href=\"https:\/\/www.monta\u00f1asdelaluna.es\/?p=16601\" target=\"_blank\" rel=\"noopener\">Sant LLoren\u00e7 del Munt. La Mola,<\/a> pero en la parte de bajada de La Mola hasta la zona de La Barata lugar por donde cruza la carretera que sube al Coll d\u2019Estenalles desde Matadepera.<\/p>\n<div id=\"attachment_39811\" style=\"width: 1798px\" class=\"wp-caption aligncenter\"><a class=\"dt-single-image\" href=\"https:\/\/www.monta\u00f1asdelaluna.es\/wp-content\/uploads\/2019\/04\/en-el-centro-el-castellsapera-a-la-izquierda-el-turo-de-la-carolina-y-a-la-derecha-el-turo-del-coll-de-tres-creus-detras-montserrat.jpg\" data-dt-img-description=\"\"><img loading=\"lazy\" decoding=\"async\" aria-describedby=\"caption-attachment-39811\" class=\"wp-image-39811 size-full\" src=\"https:\/\/www.monta\u00f1asdelaluna.es\/wp-content\/uploads\/2019\/04\/en-el-centro-el-castellsapera-a-la-izquierda-el-turo-de-la-carolina-y-a-la-derecha-el-turo-del-coll-de-tres-creus-detras-montserrat.jpg\" alt=\"En el centro el Castellsapera, a la izquierda el Tur\u00f3 de La Carolina y a la derecha el Tur\u00f3 del Coll de Tres Creus, detr\u00e1s Montserrat\" width=\"1788\" height=\"1004\" srcset=\"https:\/\/www.monta\u00f1asdelaluna.es\/wp-content\/uploads\/2019\/04\/en-el-centro-el-castellsapera-a-la-izquierda-el-turo-de-la-carolina-y-a-la-derecha-el-turo-del-coll-de-tres-creus-detras-montserrat.jpg 1788w, https:\/\/www.monta\u00f1asdelaluna.es\/wp-content\/uploads\/2019\/04\/en-el-centro-el-castellsapera-a-la-izquierda-el-turo-de-la-carolina-y-a-la-derecha-el-turo-del-coll-de-tres-creus-detras-montserrat-300x168.jpg 300w, https:\/\/www.monta\u00f1asdelaluna.es\/wp-content\/uploads\/2019\/04\/en-el-centro-el-castellsapera-a-la-izquierda-el-turo-de-la-carolina-y-a-la-derecha-el-turo-del-coll-de-tres-creus-detras-montserrat-1024x575.jpg 1024w\" sizes=\"auto, (max-width: 1788px) 100vw, 1788px\" \/><\/a><p id=\"caption-attachment-39811\" class=\"wp-caption-text\">En el centro el Castellsapera, a la izquierda el Tur\u00f3 de La Carolina y a la derecha el Tur\u00f3 del Coll de Tres Creus, detr\u00e1s Montserrat<\/p><\/div>\n<div id=\"attachment_39812\" style=\"width: 1798px\" class=\"wp-caption aligncenter\"><a class=\"dt-single-image\" href=\"https:\/\/www.monta\u00f1asdelaluna.es\/wp-content\/uploads\/2019\/04\/bajando-a-la-barata-delante-a-la-derecha-el-turo-de-la-carolina.jpg\" data-dt-img-description=\"\"><img loading=\"lazy\" decoding=\"async\" aria-describedby=\"caption-attachment-39812\" class=\"wp-image-39812 size-full\" src=\"https:\/\/www.monta\u00f1asdelaluna.es\/wp-content\/uploads\/2019\/04\/bajando-a-la-barata-delante-a-la-derecha-el-turo-de-la-carolina.jpg\" alt=\"Bajando a La Barata, delante a la derecha el Tur\u00f3 de La Carolina\" width=\"1788\" height=\"1004\" srcset=\"https:\/\/www.monta\u00f1asdelaluna.es\/wp-content\/uploads\/2019\/04\/bajando-a-la-barata-delante-a-la-derecha-el-turo-de-la-carolina.jpg 1788w, https:\/\/www.monta\u00f1asdelaluna.es\/wp-content\/uploads\/2019\/04\/bajando-a-la-barata-delante-a-la-derecha-el-turo-de-la-carolina-300x168.jpg 300w, https:\/\/www.monta\u00f1asdelaluna.es\/wp-content\/uploads\/2019\/04\/bajando-a-la-barata-delante-a-la-derecha-el-turo-de-la-carolina-1024x575.jpg 1024w\" sizes=\"auto, (max-width: 1788px) 100vw, 1788px\" \/><\/a><p id=\"caption-attachment-39812\" class=\"wp-caption-text\">Bajando a La Barata, delante a la derecha el Tur\u00f3 de La Carolina<\/p><\/div>\n<p>Para ello tambi\u00e9n hay que desandar el camino realizado desde el Montcau hasta llegar al rinc\u00f3n y colladito del Pi Tort, aquel grande y \u00fanico pino en medio del encinar. De aqu\u00ed giramos a la izquierda y abajo en busca del nombrado rinc\u00f3n en la carretera junto a las cercanas construcciones de La Barata. En esta bajada s\u00ed que no encontraremos a nadie; una solitaria y c\u00e1lida bajada.<\/p>\n<p>Una vez llegados a los campos de pasto donde un reba\u00f1o de ovejas pace tranquilamente entre los verdes girones de hierba, dejamos atr\u00e1s las vertientes y perfiles verticales de la monta\u00f1a de Sant Lloren\u00e7 del Munt, y delante tenemos la otra vertiente de estas monta\u00f1as: la Serra de l\u2019Obac. Estamos en el vallecillo que separa ambas monta\u00f1as y que recorre la carretera Matadepera-Mura, y que se unen en el Coll d\u2019Estenalles. Antes de llegar a la carretera dudas en que camino a escoger\u2026 pero al final acierto al poco tiempo.<\/p>\n<p>Estamos en el peque\u00f1o parking de coches junto a la carretera. Al otro lado de la misma las construcciones de La Barata y la Torre Salvans. El sol sigue radiando y protagonizando este d\u00eda, casi caluroso o c\u00e1lido. Desde aqu\u00ed seguiremos el recorrido de subida al Castellsapera ya realizado en <a href=\"https:\/\/www.monta\u00f1asdelaluna.es\/?p=23545\" target=\"_blank\" rel=\"noopener\">Castellsapera y La Roca del Corb<\/a>, siguiendo pocos metros la carretera en direcci\u00f3n norte, para despu\u00e9s girar a la izquierda meti\u00e9ndonos por una senda, un recorrido marcado en busca de esa fortaleza, ese muro de roca recta y cortada, ese castillo inexpugnable sobre una loma de roca y verde\u2026 el Castellsapera.<\/p>\n<div id=\"attachment_39816\" style=\"width: 1034px\" class=\"wp-caption aligncenter\"><a class=\"dt-single-image\" href=\"https:\/\/www.monta\u00f1asdelaluna.es\/wp-content\/uploads\/2019\/04\/la-barata-y-arriba-el-castellsapera.jpg\" data-dt-img-description=\"\"><img loading=\"lazy\" decoding=\"async\" aria-describedby=\"caption-attachment-39816\" class=\"wp-image-39816 size-large\" src=\"https:\/\/www.monta\u00f1asdelaluna.es\/wp-content\/uploads\/2019\/04\/la-barata-y-arriba-el-castellsapera-1024x768.jpg\" alt=\"La Barata y arriba el Castellsapera\" width=\"1024\" height=\"768\" srcset=\"https:\/\/www.monta\u00f1asdelaluna.es\/wp-content\/uploads\/2019\/04\/la-barata-y-arriba-el-castellsapera-1024x768.jpg 1024w, https:\/\/www.monta\u00f1asdelaluna.es\/wp-content\/uploads\/2019\/04\/la-barata-y-arriba-el-castellsapera-300x225.jpg 300w, https:\/\/www.monta\u00f1asdelaluna.es\/wp-content\/uploads\/2019\/04\/la-barata-y-arriba-el-castellsapera.jpg 1788w\" sizes=\"auto, (max-width: 1024px) 100vw, 1024px\" \/><\/a><p id=\"caption-attachment-39816\" class=\"wp-caption-text\">La Barata y arriba el Castellsapera<\/p><\/div>\n<div id=\"attachment_39817\" style=\"width: 1034px\" class=\"wp-caption aligncenter\"><a class=\"dt-single-image\" href=\"https:\/\/www.monta\u00f1asdelaluna.es\/wp-content\/uploads\/2019\/04\/camino-del-castellsapera.jpg\" data-dt-img-description=\"\"><img loading=\"lazy\" decoding=\"async\" aria-describedby=\"caption-attachment-39817\" class=\"wp-image-39817 size-large\" src=\"https:\/\/www.monta\u00f1asdelaluna.es\/wp-content\/uploads\/2019\/04\/camino-del-castellsapera-1024x768.jpg\" alt=\"Camino del Castellsapera\" width=\"1024\" height=\"768\" srcset=\"https:\/\/www.monta\u00f1asdelaluna.es\/wp-content\/uploads\/2019\/04\/camino-del-castellsapera-1024x768.jpg 1024w, https:\/\/www.monta\u00f1asdelaluna.es\/wp-content\/uploads\/2019\/04\/camino-del-castellsapera-300x225.jpg 300w, https:\/\/www.monta\u00f1asdelaluna.es\/wp-content\/uploads\/2019\/04\/camino-del-castellsapera.jpg 1788w\" sizes=\"auto, (max-width: 1024px) 100vw, 1024px\" \/><\/a><p id=\"caption-attachment-39817\" class=\"wp-caption-text\">Camino del Castellsapera<\/p><\/div>\n<p>Llegamos bajo los muros del Castellsapera con las sorprendentes vistas a Montserrat a la izquierda. Creo recordar que al poco tiempo de internarnos en el espeso y casi frondoso encinar, enseguida giramos a la derecha ladera arriba, muy empinada, en busca de un hueco en medio de la muralla de roca madre del Castellsapera\u2026 pero en esta ocasi\u00f3n, no s\u00e9 por qu\u00e9, pero no la llegu\u00e9 a encontrar y pasamos de largo. Lo malo que al rato de caminar por la preciosa senda al oeste del Castellsapera, me doy cuenta de que no he descubierto el cruce con esta subida, con esta rampa en medio del bosque, y se lo comento al Mikel.<\/p>\n<p>Ya es tarde. No tengo ganas de dar la vuelta para buscar la subida al Castellsapera y seguimos la senda en busca del Coll de Tres Creus. Este recorrido y senda es nueva, ya que en <a href=\"https:\/\/www.monta\u00f1asdelaluna.es\/?p=23545\" target=\"_blank\" rel=\"noopener\">Castellsapera y La Roca del Corb<\/a> llegamos al Coll de Tres Creus por otra senda al otro lado del murall\u00f3n del Castellsapera. La senda y el espeso encinar por el que cruzamos es sensacional, espl\u00e9ndido.<\/p>\n<div id=\"attachment_39821\" style=\"width: 1034px\" class=\"wp-caption aligncenter\"><a class=\"dt-single-image\" href=\"https:\/\/www.monta\u00f1asdelaluna.es\/wp-content\/uploads\/2019\/04\/mikel-y-joaquin-en-la-cima-del-turo-de-la-pola-o-del-coll-de-les-tres-creus-929-mts-detras-el-castellsapera.jpg\" data-dt-img-description=\"\"><img loading=\"lazy\" decoding=\"async\" aria-describedby=\"caption-attachment-39821\" class=\"wp-image-39821 size-large\" src=\"https:\/\/www.monta\u00f1asdelaluna.es\/wp-content\/uploads\/2019\/04\/mikel-y-joaquin-en-la-cima-del-turo-de-la-pola-o-del-coll-de-les-tres-creus-929-mts-detras-el-castellsapera-1024x768.jpg\" alt=\"Mikel y Joaqu\u00edn en la cima del Tur\u00f3 de La Pola o del Coll de Les Tres Creus, 929 mts., detr\u00e1s el Castellsapera\" width=\"1024\" height=\"768\" srcset=\"https:\/\/www.monta\u00f1asdelaluna.es\/wp-content\/uploads\/2019\/04\/mikel-y-joaquin-en-la-cima-del-turo-de-la-pola-o-del-coll-de-les-tres-creus-929-mts-detras-el-castellsapera-1024x768.jpg 1024w, https:\/\/www.monta\u00f1asdelaluna.es\/wp-content\/uploads\/2019\/04\/mikel-y-joaquin-en-la-cima-del-turo-de-la-pola-o-del-coll-de-les-tres-creus-929-mts-detras-el-castellsapera-300x225.jpg 300w, https:\/\/www.monta\u00f1asdelaluna.es\/wp-content\/uploads\/2019\/04\/mikel-y-joaquin-en-la-cima-del-turo-de-la-pola-o-del-coll-de-les-tres-creus-929-mts-detras-el-castellsapera.jpg 1788w\" sizes=\"auto, (max-width: 1024px) 100vw, 1024px\" \/><\/a><p id=\"caption-attachment-39821\" class=\"wp-caption-text\">Mikel y Joaqu\u00edn en la cima del Tur\u00f3 de La Pola o del Coll de Les Tres Creus, 929 mts., detr\u00e1s el Castellsapera<\/p><\/div>\n<div id=\"attachment_39822\" style=\"width: 1034px\" class=\"wp-caption aligncenter\"><a class=\"dt-single-image\" href=\"https:\/\/www.monta\u00f1asdelaluna.es\/wp-content\/uploads\/2019\/04\/el-castellsapera-desde-el-turo-de-la-pola-o-del-coll-de-les-tres-creus.jpg\" data-dt-img-description=\"\"><img loading=\"lazy\" decoding=\"async\" aria-describedby=\"caption-attachment-39822\" class=\"wp-image-39822 size-large\" src=\"https:\/\/www.monta\u00f1asdelaluna.es\/wp-content\/uploads\/2019\/04\/el-castellsapera-desde-el-turo-de-la-pola-o-del-coll-de-les-tres-creus-1024x768.jpg\" alt=\"El Castellsapera desde el Tur\u00f3 de La Pola o del Coll de Les Tres Creus\" width=\"1024\" height=\"768\" srcset=\"https:\/\/www.monta\u00f1asdelaluna.es\/wp-content\/uploads\/2019\/04\/el-castellsapera-desde-el-turo-de-la-pola-o-del-coll-de-les-tres-creus-1024x768.jpg 1024w, https:\/\/www.monta\u00f1asdelaluna.es\/wp-content\/uploads\/2019\/04\/el-castellsapera-desde-el-turo-de-la-pola-o-del-coll-de-les-tres-creus-300x225.jpg 300w, https:\/\/www.monta\u00f1asdelaluna.es\/wp-content\/uploads\/2019\/04\/el-castellsapera-desde-el-turo-de-la-pola-o-del-coll-de-les-tres-creus.jpg 1788w\" sizes=\"auto, (max-width: 1024px) 100vw, 1024px\" \/><\/a><p id=\"caption-attachment-39822\" class=\"wp-caption-text\">El Castellsapera desde el Tur\u00f3 de La Pola o del Coll de Les Tres Creus<\/p><\/div>\n<p>Una vez llegamos al nombrado Coll de Tres Creus, no dejamos de seguir ahora un camino que sigue hacia el norte, dejando justo a nuestra espalda la magn\u00edfica mole del Castellsapera. Estamos justo bajo la cima del Tur\u00f3 de La Pola o del Coll de Tres Creus, una nueva cima, altura, que haremos dentro de esta Serra de l\u2019Obac. Estamos en una nueva zona de la sierra que no he recorrido anteriormente, descubriendo lugares y rincones nuevos. La pista gira como rodeando el Tur\u00f3 de La Pola mientras sube, para girar sobre el mismo pico y volver a \u00e9l llegando a su cima por el lado contrario al que llegamos a su base. En poco tiempo, ya que la altura est\u00e1 justo arriba del Coll de Tres Creus.<\/p>\n<p>Estamos a 929 metros. Las vistas sobre el Castellsapera al sur y tan cercano, son espectaculares. Foto de nuevo pico, foto de cima, bajo un sol y calor en este magn\u00edfico d\u00eda. Miramos hac\u00eda la otra parte de la sierra, hacia el noreste al otro lado del vallecillo que cruza la carretera por la que hemos venido y hemos cruzado antes: es el peculiar y reconocible Montcau; delante el edificio de La Mata se perfila magn\u00edfico y robusto.<\/p>\n<p>Tenemos que seguir el recorrido. Seguimos por terreno desconocido hasta que enlacemos con el recorrido que se dirig\u00eda al <a href=\"https:\/\/www.monta\u00f1asdelaluna.es\/?p=27882\" target=\"_blank\" rel=\"noopener\">Hospital de La Sang<\/a>. Por pista, camino o senda pero siempre intentando ir por la parte m\u00e1s alta de la monta\u00f1a en direcci\u00f3n norte en busca de l\u2019Alzina del Vent, esa gigantesca encina que visitamos en el recorrido hacia el <a href=\"https:\/\/www.monta\u00f1asdelaluna.es\/?p=27882\" target=\"_blank\" rel=\"noopener\">Hospital de La Sang<\/a>, sin salirnos de las indicaciones del G.R.-5.<\/p>\n<div id=\"attachment_39824\" style=\"width: 1798px\" class=\"wp-caption aligncenter\"><a class=\"dt-single-image\" href=\"https:\/\/www.monta\u00f1asdelaluna.es\/wp-content\/uploads\/2019\/04\/el-montcau-y-delante-el-edificio-de-la-mata.jpg\" data-dt-img-description=\"\"><img loading=\"lazy\" decoding=\"async\" aria-describedby=\"caption-attachment-39824\" class=\"wp-image-39824 size-full\" src=\"https:\/\/www.monta\u00f1asdelaluna.es\/wp-content\/uploads\/2019\/04\/el-montcau-y-delante-el-edificio-de-la-mata.jpg\" alt=\"El Montcau y delante el edificio de La Mata\" width=\"1788\" height=\"1341\" srcset=\"https:\/\/www.monta\u00f1asdelaluna.es\/wp-content\/uploads\/2019\/04\/el-montcau-y-delante-el-edificio-de-la-mata.jpg 1788w, https:\/\/www.monta\u00f1asdelaluna.es\/wp-content\/uploads\/2019\/04\/el-montcau-y-delante-el-edificio-de-la-mata-300x225.jpg 300w, https:\/\/www.monta\u00f1asdelaluna.es\/wp-content\/uploads\/2019\/04\/el-montcau-y-delante-el-edificio-de-la-mata-1024x768.jpg 1024w\" sizes=\"auto, (max-width: 1788px) 100vw, 1788px\" \/><\/a><p id=\"caption-attachment-39824\" class=\"wp-caption-text\">El Montcau y delante el edificio de La Mata<\/p><\/div>\n<div id=\"attachment_39825\" style=\"width: 1034px\" class=\"wp-caption aligncenter\"><a class=\"dt-single-image\" href=\"https:\/\/www.monta\u00f1asdelaluna.es\/wp-content\/uploads\/2019\/04\/la-mola.jpg\" data-dt-img-description=\"\"><img loading=\"lazy\" decoding=\"async\" aria-describedby=\"caption-attachment-39825\" class=\"wp-image-39825 size-large\" src=\"https:\/\/www.monta\u00f1asdelaluna.es\/wp-content\/uploads\/2019\/04\/la-mola-1024x768.jpg\" alt=\"La Mola\" width=\"1024\" height=\"768\" srcset=\"https:\/\/www.monta\u00f1asdelaluna.es\/wp-content\/uploads\/2019\/04\/la-mola-1024x768.jpg 1024w, https:\/\/www.monta\u00f1asdelaluna.es\/wp-content\/uploads\/2019\/04\/la-mola-300x225.jpg 300w, https:\/\/www.monta\u00f1asdelaluna.es\/wp-content\/uploads\/2019\/04\/la-mola.jpg 1788w\" sizes=\"auto, (max-width: 1024px) 100vw, 1024px\" \/><\/a><p id=\"caption-attachment-39825\" class=\"wp-caption-text\">La Mola<\/p><\/div>\n<p>La verdad es que no me doy cuenta cuando entramos en el recorrido del <a href=\"https:\/\/www.monta\u00f1asdelaluna.es\/?p=27882\" target=\"_blank\" rel=\"noopener\">Hospital de La Sang,<\/a> entre esos bosquecillos de encinas y matorrales, pero en unos minutos llegamos hasta el lugar donde se encuentra l\u2019Alzina del Vent. Una parada para maravillarnos con sus enormes ramas, tronco y enormidad. Largas ramas que intentan llegar m\u00e1s all\u00e1 que el tronco puede aguantar, y las deben de sujetar con postes y casi con puntales. Precioso y magn\u00edfico.<\/p>\n<p>Desde aqu\u00ed y siguiendo el mismo recorrido de vuelta que el nombrado <a href=\"https:\/\/www.monta\u00f1asdelaluna.es\/?p=27882\" target=\"_blank\" rel=\"noopener\">Hospital de La Sang<\/a>, volvemos sin p\u00e9rdida hasta el Coll d\u2019Estenalles pasando por las inmediaciones de la casa de La Mata. Sin dejar de maravillarnos tambi\u00e9n por esos excepcionales ejemplares de encinas pegadas al limite del camino, y subiendo hasta la peque\u00f1a y singular ermita de Sant Jaume justo arriba de La Mata (la construcci\u00f3n de la mas\u00eda queda al otro lado, debajo de \u00e9sta). Un vistazo desde aqu\u00ed al recorrido realizado con las cimas subidas: fotos al fotog\u00e9nico Montcau, ya m\u00e1s pr\u00f3ximo, con su singular forma de sombrero chino en pagoda, pero tambi\u00e9n fotos y reconocimiento del Castellsapera (girando casi 180\u00ba las vistas desde la observaci\u00f3n del Montcau) y esa otra cimita que desde aqu\u00ed se diferencia y aprecia bien, del resto, el Tur\u00f3 de La Pola o del Coll de Tres Creus, como otro casi puntiagudo punto libre de vegetaci\u00f3n muy cerca de la murallita (visto desde aqu\u00ed) del Castellsapera.<\/p>\n<div id=\"attachment_39831\" style=\"width: 1798px\" class=\"wp-caption aligncenter\"><a class=\"dt-single-image\" href=\"https:\/\/www.monta\u00f1asdelaluna.es\/wp-content\/uploads\/2019\/04\/IMG_7509.jpg\" data-dt-img-description=\"\"><img loading=\"lazy\" decoding=\"async\" aria-describedby=\"caption-attachment-39831\" class=\"wp-image-39831 size-full\" src=\"https:\/\/www.monta\u00f1asdelaluna.es\/wp-content\/uploads\/2019\/04\/IMG_7509.jpg\" alt=\"Alzina del Vent\" width=\"1788\" height=\"1341\" srcset=\"https:\/\/www.monta\u00f1asdelaluna.es\/wp-content\/uploads\/2019\/04\/IMG_7509.jpg 1788w, https:\/\/www.monta\u00f1asdelaluna.es\/wp-content\/uploads\/2019\/04\/IMG_7509-300x225.jpg 300w, https:\/\/www.monta\u00f1asdelaluna.es\/wp-content\/uploads\/2019\/04\/IMG_7509-1024x768.jpg 1024w\" sizes=\"auto, (max-width: 1788px) 100vw, 1788px\" \/><\/a><p id=\"caption-attachment-39831\" class=\"wp-caption-text\">Alzina del Vent<\/p><\/div>\n<div id=\"attachment_39836\" style=\"width: 1034px\" class=\"wp-caption aligncenter\"><a class=\"dt-single-image\" href=\"https:\/\/www.monta\u00f1asdelaluna.es\/wp-content\/uploads\/2019\/04\/camino-del-coll-d-estenalles.jpg\" data-dt-img-description=\"\"><img loading=\"lazy\" decoding=\"async\" aria-describedby=\"caption-attachment-39836\" class=\"wp-image-39836 size-large\" src=\"https:\/\/www.monta\u00f1asdelaluna.es\/wp-content\/uploads\/2019\/04\/camino-del-coll-d-estenalles-1024x768.jpg\" alt=\"Camino del Coll d'Estenalles\" width=\"1024\" height=\"768\" srcset=\"https:\/\/www.monta\u00f1asdelaluna.es\/wp-content\/uploads\/2019\/04\/camino-del-coll-d-estenalles-1024x768.jpg 1024w, https:\/\/www.monta\u00f1asdelaluna.es\/wp-content\/uploads\/2019\/04\/camino-del-coll-d-estenalles-300x225.jpg 300w, https:\/\/www.monta\u00f1asdelaluna.es\/wp-content\/uploads\/2019\/04\/camino-del-coll-d-estenalles.jpg 1788w\" sizes=\"auto, (max-width: 1024px) 100vw, 1024px\" \/><\/a><p id=\"caption-attachment-39836\" class=\"wp-caption-text\">Camino del Coll d&#8217;Estenalles<\/p><\/div>\n<div id=\"attachment_39837\" style=\"width: 1034px\" class=\"wp-caption aligncenter\"><a class=\"dt-single-image\" href=\"https:\/\/www.monta\u00f1asdelaluna.es\/wp-content\/uploads\/2019\/04\/sant-jaume.jpg\" data-dt-img-description=\"\"><img loading=\"lazy\" decoding=\"async\" aria-describedby=\"caption-attachment-39837\" class=\"wp-image-39837 size-large\" src=\"https:\/\/www.monta\u00f1asdelaluna.es\/wp-content\/uploads\/2019\/04\/sant-jaume-1024x768.jpg\" alt=\"Sant Jaume\" width=\"1024\" height=\"768\" srcset=\"https:\/\/www.monta\u00f1asdelaluna.es\/wp-content\/uploads\/2019\/04\/sant-jaume-1024x768.jpg 1024w, https:\/\/www.monta\u00f1asdelaluna.es\/wp-content\/uploads\/2019\/04\/sant-jaume-300x225.jpg 300w, https:\/\/www.monta\u00f1asdelaluna.es\/wp-content\/uploads\/2019\/04\/sant-jaume.jpg 1788w\" sizes=\"auto, (max-width: 1024px) 100vw, 1024px\" \/><\/a><p id=\"caption-attachment-39837\" class=\"wp-caption-text\">Sant Jaume<\/p><\/div>\n<p>Y ya nos quedan pocos metros hasta acabar el gran c\u00edrculo por las cimas m\u00e1s altas de este P. N. de Sant Lloren\u00e7 del Munt i l\u2019Obac, hasta el Coll d\u2019Estenalles y el aparcamiento donde tenemos los coches. Ha sido un bonito y cuidado recorrido en el que hemos enlazado otros recorridos para llegar hasta las cimas m\u00e1s altas de ambos macizos, e incluso con la subida a una de esas cimitas que antes no hab\u00edamos pisado\u2026 solo queda que la pr\u00f3xima vez podamos encontrar el camino de subida al Castellsapera y se complete el objetivo.<\/p>\n<div id=\"attachment_39944\" style=\"width: 1165px\" class=\"wp-caption aligncenter\"><a class=\"dt-single-image\" href=\"https:\/\/www.monta\u00f1asdelaluna.es\/wp-content\/uploads\/2018\/04\/cimasMunt.croquis.web_.jpg\" data-dt-img-description=\"\"><img loading=\"lazy\" decoding=\"async\" aria-describedby=\"caption-attachment-39944\" class=\"wp-image-39944 size-full\" src=\"https:\/\/www.monta\u00f1asdelaluna.es\/wp-content\/uploads\/2018\/04\/cimasMunt.croquis.web_.jpg\" alt=\"Croquis del recorrido por todas las cimas de Sant Lloren\u00e7 del Munt i l'Obac.\" width=\"1155\" height=\"1092\" srcset=\"https:\/\/www.monta\u00f1asdelaluna.es\/wp-content\/uploads\/2018\/04\/cimasMunt.croquis.web_.jpg 1155w, https:\/\/www.monta\u00f1asdelaluna.es\/wp-content\/uploads\/2018\/04\/cimasMunt.croquis.web_-300x284.jpg 300w, https:\/\/www.monta\u00f1asdelaluna.es\/wp-content\/uploads\/2018\/04\/cimasMunt.croquis.web_-1024x968.jpg 1024w\" sizes=\"auto, (max-width: 1155px) 100vw, 1155px\" \/><\/a><p id=\"caption-attachment-39944\" class=\"wp-caption-text\">Croquis del recorrido por todas las cimas de Sant Lloren\u00e7 del Munt i l&#8217;Obac.<\/p><\/div>\n<p>[vc_separator][\/vc_column_text][\/vc_column][\/vc_row][vc_row][vc_column][vc_empty_space height=\u00bb60px\u00bb][\/vc_column][\/vc_row][vc_row][vc_column][vc_cta h2=\u00bb\u00c1lbum de fotos\u00bb txt_align=\u00bbcenter\u00bb add_button=\u00bbbottom\u00bb btn_title=\u00bbVer fotos\u00bb btn_color=\u00bbwarning\u00bb btn_align=\u00bbcenter\u00bb btn_link=\u00bburl:https%3A%2F%2Fmonta%C3%B1asdelaluna.es%2F%3Fdt_gallery%3Dlas-cimas-de-sant-llorenc-del-munt-i-lobac-2|title:Las%20cimas%20de%20Sant%20Lloren%C3%A7%20del%20Munt%20i%20l%E2%80%99Obac|target:_blank\u00bb css=\u00bb.vc_custom_1625820100674{background-color: #8bc4ed !important;}\u00bb]Puedes ver todas las fotos del relato y actividad en forma de presentaci\u00f3n o individuales pinchando aqui \u00a1No te las pierdas![\/vc_cta][\/vc_column][\/vc_row][vc_row][vc_column][vc_empty_space height=\u00bb60px\u00bb][\/vc_column][\/vc_row][vc_row][vc_column width=\u00bb1\/3&#8243;][\/vc_column][vc_column width=\u00bb1\/2&#8243;][vc_raw_html]JTNDaWZyYW1lJTIwc3JjJTNEJTIyaHR0cHMlM0ElMkYlMkZ3d3cubWV0ZW9ibHVlLmNvbSUyRmVzJTJGdGllbXBvJTJGd2lkZ2V0JTJGZGFpbHklMkZzYW4tbGxvcmVuc19lc3BhJTI1YzMlMjViMWFfMzExMDQ3NyUzRmdlb2xvYyUzRGZpeGVkJTI2ZGF5cyUzRDclMjZ0ZW1wdW5pdCUzRENFTFNJVVMlMjZ3aW5kdW5pdCUzREtJTE9NRVRFUl9QRVJfSE9VUiUyNnByZWNpcHVuaXQlM0RNSUxMSU1FVEVSJTI2Y29sb3VyZWQlM0Rjb2xvdXJlZCUyNnBpY3RvaWNvbiUzRDAlMjZwaWN0b2ljb24lM0QxJTI2bWF4dGVtcGVyYXR1cmUlM0QwJTI2bWF4dGVtcGVyYXR1cmUlM0QxJTI2bWludGVtcGVyYXR1cmUlM0QwJTI2bWludGVtcGVyYXR1cmUlM0QxJTI2d2luZHNwZWVkJTNEMCUyNndpbmRzcGVlZCUzRDElMjZ3aW5kZ3VzdCUzRDAlMjZ3aW5kZ3VzdCUzRDElMjZ3aW5kZGlyZWN0aW9uJTNEMCUyNndpbmRkaXJlY3Rpb24lM0QxJTI2dXYlM0QwJTI2aHVtaWRpdHklM0QwJTI2cHJlY2lwaXRhdGlvbiUzRDAlMjZwcmVjaXBpdGF0aW9uJTNEMSUyNnByZWNpcGl0YXRpb25wcm9iYWJpbGl0eSUzRDAlMjZwcmVjaXBpdGF0aW9ucHJvYmFiaWxpdHklM0QxJTI2c3BvdCUzRDAlMjZzcG90JTNEMSUyNnByZXNzdXJlJTNEMCUyNnByZXNzdXJlJTNEMSUyNmxheW91dCUzRGxpZ2h0JTIyJTIwJTIwZnJhbWVib3JkZXIlM0QlMjIwJTIyJTIwc2Nyb2xsaW5nJTNEJTIyTk8lMjIlMjBhbGxvd3RyYW5zcGFyZW5jeSUzRCUyMnRydWUlMjIlMjBzYW5kYm94JTNEJTIyYWxsb3ctc2FtZS1vcmlnaW4lMjBhbGxvdy1zY3JpcHRzJTIwYWxsb3ctcG9wdXBzJTIwYWxsb3ctcG9wdXBzLXRvLWVzY2FwZS1zYW5kYm94JTIyJTIwc3R5bGUlM0QlMjJ3aWR0aCUzQSUyMDM3OHB4JTNCaGVpZ2h0JTNBJTIwNDEycHglMjIlM0UlM0MlMkZpZnJhbWUlM0UlM0NkaXYlM0UlM0MlMjEtLSUyMERPJTIwTk9UJTIwUkVNT1ZFJTIwVEhJUyUyMExJTkslMjAtLSUzRSUzQ2ElMjBocmVmJTNEJTIyaHR0cHMlM0ElMkYlMkZ3d3cubWV0ZW9ibHVlLmNvbSUyRmVzJTJGdGllbXBvJTJGcHJvbm9zdGljbyUyRnNlbWFuYSUyRnNhbi1sbG9yZW5zX2VzcGElMjVjMyUyNWIxYV8zMTEwNDc3JTNGdXRtX3NvdXJjZSUzRHdlYXRoZXJfd2lkZ2V0JTI2dXRtX21lZGl1bSUzRGxpbmt1cyUyNnV0bV9jb250ZW50JTNEZGFpbHklMjZ1dG1fY2FtcGFpZ24lM0RXZWF0aGVyJTI1MkJXaWRnZXQlMjIlMjB0YXJnZXQlM0QlMjJfYmxhbmslMjIlM0VtZXRlb2JsdWUlM0MlMkZhJTNFJTNDJTJGZGl2JTNF[\/vc_raw_html][\/vc_column][vc_column width=\u00bb1\/5&#8243;][\/vc_column][\/vc_row]<\/p>\n","protected":false},"excerpt":{"rendered":"<p>[vc_row][vc_column][vc_column_text]Despu\u00e9s de haber visitado y recorrido en varias ocasiones las cimas y rincones de estas monta\u00f1as, ya iba siendo hora de hacer una Integral. Como aquellas integrales realizadas en aquellas nost\u00e1lgicas monta\u00f1as de Alicante\u2026 la subida a todas las cimas m\u00e1s altas de una sierra. Por ello mi compa\u00f1ero y amigo Mikel y yo el&hellip;<\/p>\n","protected":false},"author":1,"featured_media":39824,"comment_status":"open","ping_status":"open","sticky":false,"template":"","format":"standard","meta":[],"categories":[51],"tags":[],"class_list":["post-39942","post","type-post","status-publish","format-standard","has-post-thumbnail","hentry","category-sant-llorenc-del-munt","category-51","description-off"],"_links":{"self":[{"href":"https:\/\/www.monta\u00f1asdelaluna.es\/index.php?rest_route=\/wp\/v2\/posts\/39942","targetHints":{"allow":["GET"]}}],"collection":[{"href":"https:\/\/www.monta\u00f1asdelaluna.es\/index.php?rest_route=\/wp\/v2\/posts"}],"about":[{"href":"https:\/\/www.monta\u00f1asdelaluna.es\/index.php?rest_route=\/wp\/v2\/types\/post"}],"author":[{"embeddable":true,"href":"https:\/\/www.monta\u00f1asdelaluna.es\/index.php?rest_route=\/wp\/v2\/users\/1"}],"replies":[{"embeddable":true,"href":"https:\/\/www.monta\u00f1asdelaluna.es\/index.php?rest_route=%2Fwp%2Fv2%2Fcomments&post=39942"}],"version-history":[{"count":10,"href":"https:\/\/www.monta\u00f1asdelaluna.es\/index.php?rest_route=\/wp\/v2\/posts\/39942\/revisions"}],"predecessor-version":[{"id":50196,"href":"https:\/\/www.monta\u00f1asdelaluna.es\/index.php?rest_route=\/wp\/v2\/posts\/39942\/revisions\/50196"}],"wp:featuredmedia":[{"embeddable":true,"href":"https:\/\/www.monta\u00f1asdelaluna.es\/index.php?rest_route=\/wp\/v2\/media\/39824"}],"wp:attachment":[{"href":"https:\/\/www.monta\u00f1asdelaluna.es\/index.php?rest_route=%2Fwp%2Fv2%2Fmedia&parent=39942"}],"wp:term":[{"taxonomy":"category","embeddable":true,"href":"https:\/\/www.monta\u00f1asdelaluna.es\/index.php?rest_route=%2Fwp%2Fv2%2Fcategories&post=39942"},{"taxonomy":"post_tag","embeddable":true,"href":"https:\/\/www.monta\u00f1asdelaluna.es\/index.php?rest_route=%2Fwp%2Fv2%2Ftags&post=39942"}],"curies":[{"name":"wp","href":"https:\/\/api.w.org\/{rel}","templated":true}]}}