{"id":40208,"date":"2019-07-06T18:58:43","date_gmt":"2019-07-06T18:58:43","guid":{"rendered":"http:\/\/monta\u00f1asdelaluna.com\/?p=40208"},"modified":"2022-12-08T08:23:42","modified_gmt":"2022-12-08T08:23:42","slug":"retorno-a-zinal","status":"publish","type":"post","link":"https:\/\/www.monta\u00f1asdelaluna.es\/?p=40208","title":{"rendered":"Retorno a Zinal"},"content":{"rendered":"<p>[vc_row][vc_column][vc_column_text]Este invierno pasado me comunican mis compa\u00f1eros de Almorad\u00ed, Vicente Molina, que van a hacer un viaje a los Alpes un grupillo que se est\u00e1 iniciando a la alta monta\u00f1a, y ya les tocaba tocar la alta monta\u00f1a de los Alpes, con sus glaciares, altura y condiciones. Me dice Vicente que Manolet lo est\u00e1 preparando ya que ser\u00e1 \u00e9l mismo el que les gu\u00eda por estas monta\u00f1as, e incluso hasta la cima de alguna de ellas de poca dificultad.<\/p>\n<p>Uno de los lugares que visitaran ser\u00e1 Monte Rosa y la Vall d\u2019Anniviers. Me interesa. No solamente por las monta\u00f1as, ya que tengo mi espinita con la Punta Dufour del Monte Rosa, si no porque coincido con grandes amigos y conocidos de mi pueblo y club de Almorad\u00ed. Adem\u00e1s que muchos de ellos se iniciaron en la monta\u00f1a gracias o inspirados por las actividades que hac\u00edamos de iniciaci\u00f3n junto con la misma fama del momento en el club de algunas personas que llev\u00e1bamos la gesti\u00f3n del mismo.<\/p>\n<p>Adem\u00e1s le comuniqu\u00e9 a Luis Segura y a Luis Guerrero la aventura y uno se apunt\u00f3 sin dudarlo, Luis Guerrero, ya que quer\u00eda hacer la monta\u00f1a m\u00e1s alta de Suiza para su colecci\u00f3n de cimas m\u00e1s altas de pa\u00edses europeos, y el otro Luis lo confirm\u00f3 m\u00e1s adelante. Adem\u00e1s Luis Segura trajo otro compa\u00f1ero, amigo suyo y desconocidos por nosotros, David.<\/p>\n<div id=\"attachment_40046\" style=\"width: 1034px\" class=\"wp-caption aligncenter\"><a class=\"dt-single-image\" href=\"https:\/\/www.monta\u00f1asdelaluna.es\/wp-content\/uploads\/2019\/08\/IMG_0696.jpg\" data-dt-img-description=\"\"><img loading=\"lazy\" decoding=\"async\" aria-describedby=\"caption-attachment-40046\" class=\"wp-image-40046 size-large\" src=\"https:\/\/www.monta\u00f1asdelaluna.es\/wp-content\/uploads\/2019\/08\/IMG_0696-1024x683.jpg\" alt=\"Alrededores de Zinal\" width=\"1024\" height=\"683\" srcset=\"https:\/\/www.monta\u00f1asdelaluna.es\/wp-content\/uploads\/2019\/08\/IMG_0696-1024x683.jpg 1024w, https:\/\/www.monta\u00f1asdelaluna.es\/wp-content\/uploads\/2019\/08\/IMG_0696-300x200.jpg 300w, https:\/\/www.monta\u00f1asdelaluna.es\/wp-content\/uploads\/2019\/08\/IMG_0696.jpg 1788w\" sizes=\"auto, (max-width: 1024px) 100vw, 1024px\" \/><\/a><p id=\"caption-attachment-40046\" class=\"wp-caption-text\">Alrededores de Zinal<\/p><\/div>\n<p>Los compa\u00f1eros finales que vendr\u00edan de Almorad\u00ed ser\u00eda Vicente Molina, Nuria, Tere Roca, Joaqu\u00edn Murcia, Roberto, Isa Garc\u00eda y Leti Garc\u00eda, \u00e9stas dos \u00faltimas las hermanas de Manolet. El cual tres d\u00edas antes de partir el viaje decidi\u00f3 no venirse o m\u00e1s bien \u201cescogi\u00f3\u201d no venirse a los Alpes\u2026 muchos viajes, expediciones y la familia tambi\u00e9n requiere de su atenci\u00f3n. Con lo que la consumaci\u00f3n del mismo peligraba; \u201cse hab\u00eda quedado sin el gu\u00eda y profesional de la alta monta\u00f1a\u201d. Conversaciones, charlas y llamadas entre Manolet, Vicente y Tere para convencerles que, sin ning\u00fan problema y s\u00ed con orgullo, yo (nosotros) ser\u00edamos sus \u201cgu\u00edas\u201d, \u201clideres\u201d del viaje en la alta monta\u00f1a, como lo iba a ser y a hacer Manolet. Les convenzo (convencemos) y la expedici\u00f3n sigue adelante. Ufff !! La verdad es que tengo muchas ganas de hacer este viaje; seguro que tendremos \u00e9xito y lo pasaremos muy bien.<\/p>\n<h3>6 de Julio de 2.019, s\u00e1bado. Viaje a Zinal (Suiza):<\/h3>\n<p>El d\u00eda anterior y como es habitual en otros viajes que se ha venido Luis Segura a los Alpes, quedamos a dormir ese viernes en casa y al otro d\u00eda madrugar para dirigirnos a los Alpes suizos. Llega el viernes por la tarde con su hermano Quique, que vienen de hacer la Alta Ruta de los Perdidos \u00a1\u00a1Cu\u00e1nto tiempo sin ver a Quique!! Mi viejo compa\u00f1ero de viajes, expediciones y monta\u00f1a alicantina.<\/p>\n<p>Charlas animadas, recuerdos, reencuentro\u2026 Al poco tiempo llega a casa David, el amigo de Luis, y ya todos reunidos cenamos y nos quedamos hasta la 1 de la ma\u00f1ana de charla, bebiendo cava y cervezas.<\/p>\n<div id=\"attachment_40045\" style=\"width: 1034px\" class=\"wp-caption aligncenter\"><a class=\"dt-single-image\" href=\"https:\/\/www.monta\u00f1asdelaluna.es\/wp-content\/uploads\/2019\/08\/zinal.jpg\" data-dt-img-description=\"\"><img loading=\"lazy\" decoding=\"async\" aria-describedby=\"caption-attachment-40045\" class=\"wp-image-40045 size-large\" src=\"https:\/\/www.monta\u00f1asdelaluna.es\/wp-content\/uploads\/2019\/08\/zinal-1024x683.jpg\" alt=\"Zinal\" width=\"1024\" height=\"683\" srcset=\"https:\/\/www.monta\u00f1asdelaluna.es\/wp-content\/uploads\/2019\/08\/zinal-1024x683.jpg 1024w, https:\/\/www.monta\u00f1asdelaluna.es\/wp-content\/uploads\/2019\/08\/zinal-300x200.jpg 300w, https:\/\/www.monta\u00f1asdelaluna.es\/wp-content\/uploads\/2019\/08\/zinal.jpg 1788w\" sizes=\"auto, (max-width: 1024px) 100vw, 1024px\" \/><\/a><p id=\"caption-attachment-40045\" class=\"wp-caption-text\">Zinal<\/p><\/div>\n<p>Al otro d\u00eda el despertador suena sobre las 05:15 de la ma\u00f1ana. La intenci\u00f3n es salir a las 6 de la ma\u00f1ana, pero como siempre, entre otros preparativos y echar el equipaje, mochilas e hierros al coche, salimos a eso de las 06:20 de la ma\u00f1ana. Me despido de Quique que vuelve a Alicante y de Anna que se queda en casa, y de nuevo cogemos el Ford C-Max blanco en busca de los Alpes y sus magn\u00edficas, preciosas monta\u00f1as y paisajes. La idea es llegar a Suiza y recoger a Luis Guerrero que ha ido en avi\u00f3n hasta Ginebra y en tren hasta Sierre, y ya en Sierre, que es la puerta de la Vall d\u2019Anniviers, subir hasta el final del valle, hasta la poblaci\u00f3n de Zinal. Base para subir la primera monta\u00f1a, la que abordaremos con todo el grupo: el Bishorn de 4.153 mts.<\/p>\n<p>El Bishorn es una monta\u00f1a f\u00e1cil dentro de las monta\u00f1as y cimas alpinas. Queda justo al norte de una de las formidables crestas de su hermano mayor Weisshorn, y su ascensi\u00f3n desde el Refugio \u2026. Es por un glaciar f\u00e1cil aunque con cierta inclinaci\u00f3n en ciertos momentos, pero con nada de peligro. Eso s\u00ed, el Refugio \u2026. Que es la base de esta ascensi\u00f3n, est\u00e1 a 3.256 mts., 900 metros de desnivel con la cima de la monta\u00f1a pero m\u00e1s de 1.500 metros de desnivel desde la poblaci\u00f3n m\u00e1s pr\u00f3xima para llegar a \u00e9l, Zinal. Zinal se encuentra a unos 1.680 metros de altitud. Es una buena monta\u00f1a para iniciarse en la alta monta\u00f1a alpina; con un buen desnivel de recorrido para llegar al refugio y con una buena actividad para llegar a la cima tambi\u00e9n.<\/p>\n<p>Ya estamos en Suiza. En la frontera nos ponen la pegatina del \u201cimpuesto revolucionario\u201d por usar las autov\u00edas suizas. Seguimos por la autov\u00eda, nos equivocamos de direcci\u00f3n en Lausanne y nos salimos de la autov\u00eda. Hacemos media hora m\u00e1s al seguir una carretera paralela a las orillas del Lago Leman, aunque eso s\u00ed, con unas vistas fabulosas de barquitos, puertos y casas en la pendiente de la monta\u00f1a mirando al lago\u2026<\/p>\n<div id=\"attachment_40047\" style=\"width: 1034px\" class=\"wp-caption aligncenter\"><a class=\"dt-single-image\" href=\"https:\/\/www.monta\u00f1asdelaluna.es\/wp-content\/uploads\/2019\/08\/hotel-y-arriba-le-besso.jpg\" data-dt-img-description=\"\"><img loading=\"lazy\" decoding=\"async\" aria-describedby=\"caption-attachment-40047\" class=\"wp-image-40047 size-large\" src=\"https:\/\/www.monta\u00f1asdelaluna.es\/wp-content\/uploads\/2019\/08\/hotel-y-arriba-le-besso-1024x683.jpg\" alt=\"Hotel y arriba Le Besso\" width=\"1024\" height=\"683\" srcset=\"https:\/\/www.monta\u00f1asdelaluna.es\/wp-content\/uploads\/2019\/08\/hotel-y-arriba-le-besso-1024x683.jpg 1024w, https:\/\/www.monta\u00f1asdelaluna.es\/wp-content\/uploads\/2019\/08\/hotel-y-arriba-le-besso-300x200.jpg 300w, https:\/\/www.monta\u00f1asdelaluna.es\/wp-content\/uploads\/2019\/08\/hotel-y-arriba-le-besso.jpg 1788w\" sizes=\"auto, (max-width: 1024px) 100vw, 1024px\" \/><\/a><p id=\"caption-attachment-40047\" class=\"wp-caption-text\">Hotel y arriba Le Besso<\/p><\/div>\n<p>Llegamos a Sierre en donde salimos por la segunda salida de la casi acabada autov\u00eda para dirigirnos a la estaci\u00f3n de tren que queda junto a la comisar\u00eda de polic\u00eda de la localidad. En un principio parec\u00eda que me hab\u00eda equivocado pero siguiendo la calle principal, indicaciones, a los segundos de entrar en la localidad, giramos a la izquierda para bajar hasta la estaci\u00f3n de tren donde nos espera Luis Guerrero con su mochila y bolsa de equipaje\u2026 \u00a1\u00a1Ya estamos todos!! No sabemos si comer aqu\u00ed o en Zinal, porque hay que llegar a Zinal donde montaremos las tiendas en su camping. Vicente ya me ha llamado y me ha dicho que ya hab\u00edan llegado a Zinal y su camping, y ya hab\u00edan comido. Entonces decidimos ir a Zinal y comer o cenar all\u00ed.<\/p>\n<p>En la misma redonda donde he salido de la autov\u00eda para entrar en Sierre, est\u00e1n tambi\u00e9n las indicaciones para entrar en la Vall d\u2019Anniviers; con lo que deshacemos lo recorrido por la carretera y ya en dicha redonda tomamos rumbo a la Vall d\u2019Anniviers y Zinal\u2026 \u00a1\u00a1Que recuerdos!! El valle sigue tan espl\u00e9ndido y precioso como hace 14 a\u00f1os, a pesar de la fuerte subida de la carretera en un principio para llegar hasta las verdes y boscosas laderas del valle, poco m\u00e1s arriba\u2026 Soussillon, Chandolin\u2026 son nombres de aldeas, pueblecitos que me suenan\u2026 \u00a1\u00a1Que buenos recuerdos!!<\/p>\n<p>Mientras el Ford C-Max recorre la carretera pasando por pocos pueblos valle arriba, voy pensando que este valle lo recorrimos por la parte de arriba, caminando, de pueblecito en pueblecito\u2026 \u00bfnostalgia?&#8230; Dejamos el cruce a Grimentz despu\u00e9s de pasar por Vissoie y su magn\u00edfica torre medieval. Por este pueblo no llegamos a pasar en el tour, tambi\u00e9n parece precioso.<\/p>\n<div id=\"attachment_40049\" style=\"width: 1034px\" class=\"wp-caption aligncenter\"><a class=\"dt-single-image\" href=\"https:\/\/www.monta\u00f1asdelaluna.es\/wp-content\/uploads\/2019\/08\/IMG_0699.jpg\" data-dt-img-description=\"\"><img loading=\"lazy\" decoding=\"async\" aria-describedby=\"caption-attachment-40049\" class=\"wp-image-40049 size-large\" src=\"https:\/\/www.monta\u00f1asdelaluna.es\/wp-content\/uploads\/2019\/08\/IMG_0699-1024x683.jpg\" alt=\"Zinal\" width=\"1024\" height=\"683\" srcset=\"https:\/\/www.monta\u00f1asdelaluna.es\/wp-content\/uploads\/2019\/08\/IMG_0699-1024x683.jpg 1024w, https:\/\/www.monta\u00f1asdelaluna.es\/wp-content\/uploads\/2019\/08\/IMG_0699-300x200.jpg 300w, https:\/\/www.monta\u00f1asdelaluna.es\/wp-content\/uploads\/2019\/08\/IMG_0699.jpg 1788w\" sizes=\"auto, (max-width: 1024px) 100vw, 1024px\" \/><\/a><p id=\"caption-attachment-40049\" class=\"wp-caption-text\">Zinal<\/p><\/div>\n<p>Y siguiendo la carretera arriba llegamos al \u00faltimo y casi m\u00e1s alto de los pueblecitos de la Vall d\u2019Anniviers (al menos de los pueblos con m\u00e1s habitantes): Zinal, a unos 1.670 mts. de altitud. No recuerdo muy bien el pueblo, parece peque\u00f1o y que no haya cambiado a la vez: es una sola calle, la principal, la carretera, y casas, casitas, hoteles nuevos y viejos a cada lado, sobre todo en el lado izquierdo. Pero las monta\u00f1as de alrededor s\u00ed las reconozco, s\u00ed que me acuerdo: la incre\u00edble visi\u00f3n de la vertical pir\u00e1mide y aguja de El Besso, con la punta del Zinalrothorn detr\u00e1s cargada de hielos y neveros. Hasta Luis Guerrero me pregunt\u00f3 por dicha monta\u00f1a al verla tan esbelta, escarpada y llamativa, todo paredes verticales y con su terminaci\u00f3n en esas dos puntitas que lo hacen tan caracter\u00edstico. El Besso. Reconozco o descubro la ladera de la derecha con ese camino en zigzag, y esos bosquecillos y prados que no sub\u00edan hasta el Corne de Sorebois\u2026 Paro el coche, no s\u00e9 d\u00f3nde est\u00e1 el camping donde est\u00e1n acampados mis amigos de Almorad\u00ed. Llamo a Vicente. \u201cSigue la carretera y al otro lado del pueblo, a menos de 1 km., estamos nosotros\u201d. As\u00ed lo hago, paso el pueblo y en una zona de parking busco la furgoneta, las tiendas de campa\u00f1a\u2026 est\u00e1n poco m\u00e1s delante; se puede dejar el coche.<\/p>\n<p>M\u00e1s que un camping parece un descampado, un pradillo con 3 tiendas m\u00e1s las 4 nuestras del grupo, con una casa, restaurante al otro lado del mismo donde se come bastante bien y son gente muy simp\u00e1tica. No hay muchos m\u00e1s servicios, mucha tranquilidad, poqu\u00edsima gente y espacio pero todo el valle para nosotros. Hay animalillos dom\u00e9sticos y un estanque donde nadan algunas ocas y patos, cabras y caballos por los laterales del camping, y alg\u00fan zorro que baja de la monta\u00f1a por la noche a llevarse lo que pueda de tu mochila\u2026 como hac\u00edan en Sierra Nevada. La verdad es que si no sabes que es un camping, piensas que es un prado con tiendas que alg\u00fan grupo ha plantado.<\/p>\n<p>Reencuentro con los amigos de Almorad\u00ed y Formentera. Besos, abrazos y comentarios, charlas y presentaciones. Nos asignan una tienda pero yo duermo con Vicente y Nuria, los dos Luises y David en otra. Se han tra\u00eddo mucha comida de Almorad\u00ed. Llevan la furgoneta de Joaqu\u00edn Murcia con el remolque de los \u201cgalgos\u201d del padre de Manolet, donde va la comida y otros equipajes.<\/p>\n<div id=\"attachment_40053\" style=\"width: 1034px\" class=\"wp-caption aligncenter\"><a class=\"dt-single-image\" href=\"https:\/\/www.monta\u00f1asdelaluna.es\/wp-content\/uploads\/2019\/08\/camping-de-zinal.jpg\" data-dt-img-description=\"\"><img loading=\"lazy\" decoding=\"async\" aria-describedby=\"caption-attachment-40053\" class=\"wp-image-40053 size-large\" src=\"https:\/\/www.monta\u00f1asdelaluna.es\/wp-content\/uploads\/2019\/08\/camping-de-zinal-1024x683.jpg\" alt=\"Camping de Zinal\" width=\"1024\" height=\"683\" srcset=\"https:\/\/www.monta\u00f1asdelaluna.es\/wp-content\/uploads\/2019\/08\/camping-de-zinal-1024x683.jpg 1024w, https:\/\/www.monta\u00f1asdelaluna.es\/wp-content\/uploads\/2019\/08\/camping-de-zinal-300x200.jpg 300w, https:\/\/www.monta\u00f1asdelaluna.es\/wp-content\/uploads\/2019\/08\/camping-de-zinal.jpg 1788w\" sizes=\"auto, (max-width: 1024px) 100vw, 1024px\" \/><\/a><p id=\"caption-attachment-40053\" class=\"wp-caption-text\">Camping de Zinal<\/p><\/div>\n<p>Despu\u00e9s de las presentaciones y acomodaciones toca hablar del planning de estos d\u00edas para subir al Bishorn: Desde el mismo Zinal se coge la senda e indicaciones del antiguo Tour de la Vall d\u2019Anniviers, para coger altura senda arriba, por la ladera este que queda justo detr\u00e1s de la casa-restaurante del mismo camping. El camino o recorrido se coge desde muy cerca de aqu\u00ed. Una vez seguimos la senda, las indicaciones nos dir\u00e1n que tenemos que seguir hacia el Refugio Caba\u00f1a de Tracuit, no hay p\u00e9rdida. Una vez en la senda de arriba que cruza todo el valle de norte a sur casi a la misma altura, seguimos hacia la derecha y sur en busca del fondo del valle, pero al poco tiempo giramos y subimos a la izquierda cogiendo altura para meternos por unos prados y laderas de altura, cada vez con menos hierba y m\u00e1s roca y piedras, donde arriba del todo de esa interminable ladera, estar\u00e1 el Refugio Caba\u00f1a de Tracuit, a unos 3.256 mts. de altitud. El desnivel y actividad que haremos ma\u00f1ana estar\u00e1 bastante bien, haremos m\u00e1s de 1.500 mts. de desnivel y estaremos unas 6 horas.<\/p>\n<p>Durante este d\u00eda y medio d\u00eda ha llovido, ha habido tormentas en el valle; para ma\u00f1ana tambi\u00e9n se esperan, sobre todo tormentas el\u00e9ctricas. Luis Guerrero le tiene pavor a las tormentas el\u00e9ctricas si le pillan en medio de la monta\u00f1a. No hay que llamar al mal tiempo, veremos ma\u00f1ana, aunque el tiempo no es el id\u00f3neo ni perfecto para hacer alta monta\u00f1a en los Alpes, tampoco es lo suficientemente malo como para no intentar una de sus cimas.<\/p>\n<div id=\"attachment_40052\" style=\"width: 1034px\" class=\"wp-caption aligncenter\"><a class=\"dt-single-image\" href=\"https:\/\/www.monta\u00f1asdelaluna.es\/wp-content\/uploads\/2019\/08\/atadecer-en-le-besso.jpg\" data-dt-img-description=\"\"><img loading=\"lazy\" decoding=\"async\" aria-describedby=\"caption-attachment-40052\" class=\"wp-image-40052 size-large\" src=\"https:\/\/www.monta\u00f1asdelaluna.es\/wp-content\/uploads\/2019\/08\/atadecer-en-le-besso-1024x683.jpg\" alt=\"Atadecer en Le Besso\" width=\"1024\" height=\"683\" srcset=\"https:\/\/www.monta\u00f1asdelaluna.es\/wp-content\/uploads\/2019\/08\/atadecer-en-le-besso-1024x683.jpg 1024w, https:\/\/www.monta\u00f1asdelaluna.es\/wp-content\/uploads\/2019\/08\/atadecer-en-le-besso-300x200.jpg 300w, https:\/\/www.monta\u00f1asdelaluna.es\/wp-content\/uploads\/2019\/08\/atadecer-en-le-besso.jpg 1788w\" sizes=\"auto, (max-width: 1024px) 100vw, 1024px\" \/><\/a><p id=\"caption-attachment-40052\" class=\"wp-caption-text\">Atadecer en Le Besso<\/p><\/div>\n<p>Salimos los 4 de mi coche a Zinal en busca de un sitio para cenar. El resto ya han cenado de la comida que han tra\u00eddo. No hemos participado y nos da palo colarnos sin haber colaborado antes en la comida, as\u00ed que buscamos un sitio en el pueblo para cenar. Vemos muchos restaurantes, no nos convencen a los 4 a la vez, entramos en un bar que se llama \u201cVox\u201d y contiene las piezas de un helic\u00f3ptero de rescate o de transporte de mercanc\u00edas por el valle y los refugios, en otros a\u00f1os (las fotos parecen casi antiguas, vintage, pero a color). Estamos sedientos, una buena pinta calmar\u00e1 parte de nuestra sed. Y al final acabamos en el restaurante del camping, en el que ya he comentado se come bastante bien y a buen precio (para ser Suiza). El resto del grupo no entiende por qu\u00e9 los desconocidos amigos de mi coche, no han querido apuntarse a la cena de ellos, pero para la bajada del refugio la cosa cambiar\u00e1\u2026 as\u00ed somos la gente de la Vega Baja, comida que no falte.<\/p>\n<p>Y Despu\u00e9s de cenar ya con el valle oscurecido, nos vamos camino de las tiendas para dormir y ma\u00f1ana intentar madrugar para subir al Refugio Caba\u00f1a de Tracuit; las tiendas de campa\u00f1a nos las deja el due\u00f1o dejar aqu\u00ed plantadas hasta que bajemos (de todas maneras con la poca gente que hay no molestan), as\u00ed ma\u00f1ana solo es ponerse la mochila, los botones, y para arriba. Esperemos que el tiempo nos acompa\u00f1e o mejor que haga malo para que as\u00ed el d\u00eda de cima haga bueno.[vc_separator][\/vc_column_text][\/vc_column][\/vc_row][vc_row][vc_column][vc_empty_space height=\u00bb60px\u00bb][\/vc_column][\/vc_row][vc_row][vc_column][vc_cta h2=\u00bb\u00c1lbum de fotos\u00bb txt_align=\u00bbcenter\u00bb add_button=\u00bbbottom\u00bb btn_title=\u00bbVer fotos\u00bb btn_color=\u00bbwarning\u00bb btn_align=\u00bbcenter\u00bb btn_link=\u00bburl:https%3A%2F%2Fmonta%C3%B1asdelaluna.es%2F%3Fdt_gallery%3Dzinal-y-subida-al-refugio-cabana-de-tracuit-2|title:Zinal%20y%20subida%20al%20Refugio%20Caba%C3%B1a%20de%20Tracuit|target:_blank\u00bb css=\u00bb.vc_custom_1625649585582{background-color: #8bc4ed !important;}\u00bb]Puedes ver todas las fotos de Zinal y subida al Refugio Caba\u00f1a de Tracuit en forma de presentaci\u00f3n o individuales pinchando aqui \u00a1No te las pierdas![\/vc_cta][\/vc_column][\/vc_row][vc_row][vc_column][vc_empty_space height=\u00bb60px\u00bb][\/vc_column][\/vc_row][vc_row][vc_column width=\u00bb1\/3&#8243;][\/vc_column][vc_column width=\u00bb1\/2&#8243;][vc_raw_html]JTNDaWZyYW1lJTIwc3JjJTNEJTIyaHR0cHMlM0ElMkYlMkZ3d3cubWV0ZW9ibHVlLmNvbSUyRmVzJTJGdGllbXBvJTJGd2lkZ2V0JTJGZGFpbHklMkZ6aW5hbF9zdWl6YV8yNjU3OTE4JTNGZ2VvbG9jJTNEZml4ZWQlMjZkYXlzJTNENyUyNnRlbXB1bml0JTNEQ0VMU0lVUyUyNndpbmR1bml0JTNES0lMT01FVEVSX1BFUl9IT1VSJTI2cHJlY2lwdW5pdCUzRE1JTExJTUVURVIlMjZjb2xvdXJlZCUzRGNvbG91cmVkJTI2cGljdG9pY29uJTNEMCUyNnBpY3RvaWNvbiUzRDElMjZtYXh0ZW1wZXJhdHVyZSUzRDAlMjZtYXh0ZW1wZXJhdHVyZSUzRDElMjZtaW50ZW1wZXJhdHVyZSUzRDAlMjZtaW50ZW1wZXJhdHVyZSUzRDElMjZ3aW5kc3BlZWQlM0QwJTI2d2luZHNwZWVkJTNEMSUyNndpbmRndXN0JTNEMCUyNndpbmRndXN0JTNEMSUyNndpbmRkaXJlY3Rpb24lM0QwJTI2d2luZGRpcmVjdGlvbiUzRDElMjZ1diUzRDAlMjZodW1pZGl0eSUzRDAlMjZwcmVjaXBpdGF0aW9uJTNEMCUyNnByZWNpcGl0YXRpb24lM0QxJTI2cHJlY2lwaXRhdGlvbnByb2JhYmlsaXR5JTNEMCUyNnByZWNpcGl0YXRpb25wcm9iYWJpbGl0eSUzRDElMjZzcG90JTNEMCUyNnNwb3QlM0QxJTI2cHJlc3N1cmUlM0QwJTI2cHJlc3N1cmUlM0QxJTI2bGF5b3V0JTNEbGlnaHQlMjZsb2NhdGlvbl91cmwlM0RodHRwcyUyNTNBJTI1MkYlMjUyRnd3dy5tZXRlb2JsdWUuY29tJTI1MkZlcyUyNTJGdGllbXBvJTI1MkZ3aWRnZXQlMjUyRmRhaWx5JTI1MkZ6aW5hbF9zdWl6YV8yNjU3OTE4JTI2bG9jYXRpb25fbWFpblVybCUzRGh0dHBzJTI1M0ElMjUyRiUyNTJGd3d3Lm1ldGVvYmx1ZS5jb20lMjUyRmVzJTI1MkZ0aWVtcG8lMjUyRnNlbWFuYSUyNTJGemluYWxfc3VpemFfMjY1NzkxOCUyNm5vbG9jYXRpb25fdXJsJTNEaHR0cHMlMjUzQSUyNTJGJTI1MkZ3d3cubWV0ZW9ibHVlLmNvbSUyNTJGZXMlMjUyRnRpZW1wbyUyNTJGd2lkZ2V0JTI1MkZkYWlseSUyNm5vbG9jYXRpb25fbWFpblVybCUzRGh0dHBzJTI1M0ElMjUyRiUyNTJGd3d3Lm1ldGVvYmx1ZS5jb20lMjUyRmVzJTI1MkZ0aWVtcG8lMjUyRnNlbWFuYSUyNTJGaW5kZXglMjZkYWlseXdpZHRoJTNENTQlMjZ0cmFja2luZyUzRCUyNTNGdXRtX3NvdXJjZSUyNTNEd2VhdGhlcl93aWRnZXQlMjUyNnV0bV9tZWRpdW0lMjUzRGxpbmt1cyUyNTI2dXRtX2NvbnRlbnQlMjUzRGRhaWx5JTI1MjZ1dG1fY2FtcGFpZ24lMjUzRFdlYXRoZXIlMjUyNTJCV2lkZ2V0JTIyJTIwJTIwZnJhbWVib3JkZXIlM0QlMjIwJTIyJTIwc2Nyb2xsaW5nJTNEJTIyTk8lMjIlMjBhbGxvd3RyYW5zcGFyZW5jeSUzRCUyMnRydWUlMjIlMjBzYW5kYm94JTNEJTIyYWxsb3ctc2FtZS1vcmlnaW4lMjBhbGxvdy1zY3JpcHRzJTIwYWxsb3ctcG9wdXBzJTIwYWxsb3ctcG9wdXBzLXRvLWVzY2FwZS1zYW5kYm94JTIyJTIwc3R5bGUlM0QlMjJ3aWR0aCUzQSUyMDM3OHB4JTNCaGVpZ2h0JTNBJTIwNDEycHglMjIlM0UlM0MlMkZpZnJhbWUlM0UlM0NkaXYlM0UlM0MlMjEtLSUyMERPJTIwTk9UJTIwUkVNT1ZFJTIwVEhJUyUyMExJTkslMjAtLSUzRSUzQ2ElMjBocmVmJTNEJTIyaHR0cHMlM0ElMkYlMkZ3d3cubWV0ZW9ibHVlLmNvbSUyRmVzJTJGdGllbXBvJTJGc2VtYW5hJTJGemluYWxfc3VpemFfMjY1NzkxOCUzRnV0bV9zb3VyY2UlM0R3ZWF0aGVyX3dpZGdldCUyNnV0bV9tZWRpdW0lM0RsaW5rdXMlMjZ1dG1fY29udGVudCUzRGRhaWx5JTI2dXRtX2NhbXBhaWduJTNEV2VhdGhlciUyNTJCV2lkZ2V0JTIyJTIwdGFyZ2V0JTNEJTIyX2JsYW5rJTIyJTNFbWV0ZW9ibHVlJTNDJTJGYSUzRSUzQyUyRmRpdiUzRQ==[\/vc_raw_html][\/vc_column][vc_column width=\u00bb1\/5&#8243;][\/vc_column][\/vc_row]<\/p>\n","protected":false},"excerpt":{"rendered":"<p>[vc_row][vc_column][vc_column_text]Este invierno pasado me comunican mis compa\u00f1eros de Almorad\u00ed, Vicente Molina, que van a hacer un viaje a los Alpes un grupillo que se est\u00e1 iniciando a la alta monta\u00f1a, y ya les tocaba tocar la alta monta\u00f1a de los Alpes, con sus glaciares, altura y condiciones. Me dice Vicente que Manolet lo est\u00e1 preparando&hellip;<\/p>\n","protected":false},"author":1,"featured_media":40045,"comment_status":"open","ping_status":"open","sticky":false,"template":"","format":"standard","meta":[],"categories":[184],"tags":[],"class_list":["post-40208","post","type-post","status-publish","format-standard","has-post-thumbnail","hentry","category-bishorn-y-monte-rosa-2","category-184","description-off"],"_links":{"self":[{"href":"https:\/\/www.monta\u00f1asdelaluna.es\/index.php?rest_route=\/wp\/v2\/posts\/40208","targetHints":{"allow":["GET"]}}],"collection":[{"href":"https:\/\/www.monta\u00f1asdelaluna.es\/index.php?rest_route=\/wp\/v2\/posts"}],"about":[{"href":"https:\/\/www.monta\u00f1asdelaluna.es\/index.php?rest_route=\/wp\/v2\/types\/post"}],"author":[{"embeddable":true,"href":"https:\/\/www.monta\u00f1asdelaluna.es\/index.php?rest_route=\/wp\/v2\/users\/1"}],"replies":[{"embeddable":true,"href":"https:\/\/www.monta\u00f1asdelaluna.es\/index.php?rest_route=%2Fwp%2Fv2%2Fcomments&post=40208"}],"version-history":[{"count":8,"href":"https:\/\/www.monta\u00f1asdelaluna.es\/index.php?rest_route=\/wp\/v2\/posts\/40208\/revisions"}],"predecessor-version":[{"id":49882,"href":"https:\/\/www.monta\u00f1asdelaluna.es\/index.php?rest_route=\/wp\/v2\/posts\/40208\/revisions\/49882"}],"wp:featuredmedia":[{"embeddable":true,"href":"https:\/\/www.monta\u00f1asdelaluna.es\/index.php?rest_route=\/wp\/v2\/media\/40045"}],"wp:attachment":[{"href":"https:\/\/www.monta\u00f1asdelaluna.es\/index.php?rest_route=%2Fwp%2Fv2%2Fmedia&parent=40208"}],"wp:term":[{"taxonomy":"category","embeddable":true,"href":"https:\/\/www.monta\u00f1asdelaluna.es\/index.php?rest_route=%2Fwp%2Fv2%2Fcategories&post=40208"},{"taxonomy":"post_tag","embeddable":true,"href":"https:\/\/www.monta\u00f1asdelaluna.es\/index.php?rest_route=%2Fwp%2Fv2%2Ftags&post=40208"}],"curies":[{"name":"wp","href":"https:\/\/api.w.org\/{rel}","templated":true}]}}