{"id":40214,"date":"2019-07-07T20:18:53","date_gmt":"2019-07-07T20:18:53","guid":{"rendered":"http:\/\/monta\u00f1asdelaluna.com\/?p=40214"},"modified":"2022-12-08T08:24:11","modified_gmt":"2022-12-08T08:24:11","slug":"7-de-julio-de-2-019-domingo-zinal-1-680-mts-refugio-cabana-de-tracuit-3-256-mts","status":"publish","type":"post","link":"https:\/\/www.monta\u00f1asdelaluna.es\/?p=40214","title":{"rendered":"7 de Julio de 2.019, domingo. Zinal (1.680 mts.) \u2013 Refugio Caba\u00f1a de Tracuit (3.256 mts.)"},"content":{"rendered":"<p>[vc_row][vc_column][vc_column_text]El d\u00eda parece que se levanta bueno. Desayunamos con la comida del grupo de Almorad\u00ed. Luis Guerrero se quejar\u00eda que no le hab\u00eda dicho de llevar comida, pensando que nos abastecer\u00edamos en los supermercados, tiendas o refugios\u2026 con Manolet creo que no llegu\u00e9 a hablar del tema comida.<\/p>\n<p>Hornillos de camping, sillas, mesa\u2026 todo muy bien preparado para el \u201ccampo base\u201d lo ten\u00edan \u00e9stos de Almorad\u00ed. Una buena cafetera italiana y pan tostado en una sart\u00e9n con tomate restregado, aceite de oliva y companaje\u2026 todo un gran y rico desayuno.<\/p>\n<p>Vemos la predicci\u00f3n meteorol\u00f3gica, dan tormentas a media ma\u00f1ana, durante la ma\u00f1ana, a mediod\u00eda\u2026 son las 8 de la ma\u00f1ana y ya vemos que todo est\u00e1 lleno de nubes que, r\u00e1pidamente vienen y van, pueden descargar enseguida y salir el sol en cuesti\u00f3n de minutos\u2026 es el clima de alta monta\u00f1a\u2026 Pero Luis Guerrero ve que habr\u00e1n tormentas el\u00e9ctricas y le entra un baj\u00f3n y una resistencia a emprender la subida, tremendas. Hablamos con el due\u00f1o del camping, con el Refugio Caba\u00f1a de Tracuit y el primero nos aconseja no salir por el peligro de dichas tormentas el\u00e9ctricas, el segundo no es tan claro.<\/p>\n<div id=\"attachment_40094\" style=\"width: 1034px\" class=\"wp-caption aligncenter\"><a class=\"dt-single-image\" href=\"https:\/\/www.monta\u00f1asdelaluna.es\/wp-content\/uploads\/2019\/08\/nuria-tere-y-joaquin-murcia-en-el-camping-de-zinal.jpg\" data-dt-img-description=\"\"><img loading=\"lazy\" decoding=\"async\" aria-describedby=\"caption-attachment-40094\" class=\"wp-image-40094 size-large\" src=\"https:\/\/www.monta\u00f1asdelaluna.es\/wp-content\/uploads\/2019\/08\/nuria-tere-y-joaquin-murcia-en-el-camping-de-zinal-1024x768.jpg\" alt=\"Nuria, Tere y Joaqu\u00edn Murcia en el camping de Zinal\" width=\"1024\" height=\"768\" srcset=\"https:\/\/www.monta\u00f1asdelaluna.es\/wp-content\/uploads\/2019\/08\/nuria-tere-y-joaquin-murcia-en-el-camping-de-zinal-1024x768.jpg 1024w, https:\/\/www.monta\u00f1asdelaluna.es\/wp-content\/uploads\/2019\/08\/nuria-tere-y-joaquin-murcia-en-el-camping-de-zinal-300x225.jpg 300w, https:\/\/www.monta\u00f1asdelaluna.es\/wp-content\/uploads\/2019\/08\/nuria-tere-y-joaquin-murcia-en-el-camping-de-zinal.jpg 1960w\" sizes=\"auto, (max-width: 1024px) 100vw, 1024px\" \/><\/a><p id=\"caption-attachment-40094\" class=\"wp-caption-text\">Nuria, Tere y Joaqu\u00edn Murcia en el camping de Zinal<\/p><\/div>\n<div id=\"attachment_40057\" style=\"width: 1034px\" class=\"wp-caption aligncenter\"><a class=\"dt-single-image\" href=\"https:\/\/www.monta\u00f1asdelaluna.es\/wp-content\/uploads\/2019\/08\/salida-hacia-el-refugio-cabana-de-tracuit-de-izquierda-a-derecha-vicente-molina-isa-david-roberto-tere-joaquin-murcia-nuria-leti-luis-guerrero-y-luis-segura.jpg\" data-dt-img-description=\"\"><img loading=\"lazy\" decoding=\"async\" aria-describedby=\"caption-attachment-40057\" class=\"wp-image-40057 size-large\" src=\"https:\/\/www.monta\u00f1asdelaluna.es\/wp-content\/uploads\/2019\/08\/salida-hacia-el-refugio-cabana-de-tracuit-de-izquierda-a-derecha-vicente-molina-isa-david-roberto-tere-joaquin-murcia-nuria-leti-luis-guerrero-y-luis-segura-1024x683.jpg\" alt=\"Salida hacia el Refugio Caba\u00f1a de Tracuit. De izquierda a derecha: Vicente Molina, Isa, David, Roberto, Tere, Joaqu\u00edn Murcia, Nuria, Leti, Luis Guerrero y Luis Segura\" width=\"1024\" height=\"683\" srcset=\"https:\/\/www.monta\u00f1asdelaluna.es\/wp-content\/uploads\/2019\/08\/salida-hacia-el-refugio-cabana-de-tracuit-de-izquierda-a-derecha-vicente-molina-isa-david-roberto-tere-joaquin-murcia-nuria-leti-luis-guerrero-y-luis-segura-1024x683.jpg 1024w, https:\/\/www.monta\u00f1asdelaluna.es\/wp-content\/uploads\/2019\/08\/salida-hacia-el-refugio-cabana-de-tracuit-de-izquierda-a-derecha-vicente-molina-isa-david-roberto-tere-joaquin-murcia-nuria-leti-luis-guerrero-y-luis-segura-300x200.jpg 300w, https:\/\/www.monta\u00f1asdelaluna.es\/wp-content\/uploads\/2019\/08\/salida-hacia-el-refugio-cabana-de-tracuit-de-izquierda-a-derecha-vicente-molina-isa-david-roberto-tere-joaquin-murcia-nuria-leti-luis-guerrero-y-luis-segura.jpg 1788w\" sizes=\"auto, (max-width: 1024px) 100vw, 1024px\" \/><\/a><p id=\"caption-attachment-40057\" class=\"wp-caption-text\">Salida hacia el Refugio Caba\u00f1a de Tracuit. De izquierda a derecha: Vicente Molina, Isa, David, Roberto, Tere, Joaqu\u00edn Murcia, Nuria, Leti, Luis Guerrero y Luis Segura<\/p><\/div>\n<p>Ya estamos cargados con las mochilas y cerradas las tiendas cuando se pone a llover. Nos refugiamos en el porche del restaurante del camping, se vuelan algunas sombrillas. La actividad pende de un hilo \u00bfQu\u00e9 hacemos? Pasa el tiempo y el grupo no ve decisi\u00f3n en m\u00ed: no encuentro la soluci\u00f3n mientras haya riesgo de tormenta el\u00e9ctrica, ya que Luis Guerrero se pondr\u00eda nervioso. Pero al final, como la calma despu\u00e9s de la tormenta, el due\u00f1o del camping, muy amable, nos dice que hay una caba\u00f1a en mitad del recorrido, que si nos pilla una tormenta el\u00e9ctrica podemos refugiarnos all\u00ed. A Luis se le enciende una lucecita, el tiempo mejora deja de llover y hacer viento, y con todo a favor decidimos salir en busca del Refugio Caba\u00f1a de Tracuit, algo tarde pero con m\u00e1s seguridad en el cuerpo y en lo de llevar a 7 personas que se inician en la alta monta\u00f1a alpina con el m\u00ednimo de riesgo o imprevistos\u2026 \u00a1\u00a1Salimos hacia el Bishorn!!<\/p>\n<p>Despu\u00e9s de la foto de grupo y de salida, bajo un sol que ya comienza a picar pasadas las 10 de la ma\u00f1ana, salimos del parking en direcci\u00f3n a Zinal y enseguida el gps de Vicente le hace doblar a la derecha, ladera arriba\u2026 por un camino sin salida junto a una casita particular. Volvemos a la pista asfaltada y decido sacar el mapa y seguir las indicaciones. A partir de entonces encabezar\u00e9 la marcha hacia la mitad del recorrido en las cercan\u00edas del Roc de La Vache.<\/p>\n<p>Miro el mapa pero sobre todo las indicaciones y cartelitos indicadores que me encuentro mientras subimos. Primero sigo por otra calle asfaltada o pista que sale a la derecha de nuevo al poco tiempo de reanudar la marcha por la pista que se convierte en la calle principal de Zinal, por las calles del pueblo, un peque\u00f1o recorrido por una zona boscosa junto al pueblo, otro trozo de pueblo, y en una curva de una calle, de otra pista asfaltada, con unos carteles casi invisibles tapados por algo de vegetaci\u00f3n, pero bien indicado en el mapa del Tour de la Vall d\u2019Anniviers de hace 14 a\u00f1os, salimos del pueblo por una senda siempre hacia las indicaciones de Tracuit. En un cartelito nos indicar\u00e1 la altura en la que estamos de 1.683 metros, y el tiempo que podemos tardar en llegar al refugio: 4 horas, 30 minutos. \u00a1\u00a1Vamos all\u00e1!!<\/p>\n<div id=\"attachment_40059\" style=\"width: 1034px\" class=\"wp-caption aligncenter\"><a class=\"dt-single-image\" href=\"https:\/\/www.monta\u00f1asdelaluna.es\/wp-content\/uploads\/2019\/08\/comenzamos-la-marcha-hacia-el-refugio-cabana-de-tracuit.jpg\" data-dt-img-description=\"\"><img loading=\"lazy\" decoding=\"async\" aria-describedby=\"caption-attachment-40059\" class=\"wp-image-40059 size-large\" src=\"https:\/\/www.monta\u00f1asdelaluna.es\/wp-content\/uploads\/2019\/08\/comenzamos-la-marcha-hacia-el-refugio-cabana-de-tracuit-1024x683.jpg\" alt=\"Comenzamos la marcha hacia el Refugio Caba\u00f1a de Tracuit\" width=\"1024\" height=\"683\" srcset=\"https:\/\/www.monta\u00f1asdelaluna.es\/wp-content\/uploads\/2019\/08\/comenzamos-la-marcha-hacia-el-refugio-cabana-de-tracuit-1024x683.jpg 1024w, https:\/\/www.monta\u00f1asdelaluna.es\/wp-content\/uploads\/2019\/08\/comenzamos-la-marcha-hacia-el-refugio-cabana-de-tracuit-300x200.jpg 300w, https:\/\/www.monta\u00f1asdelaluna.es\/wp-content\/uploads\/2019\/08\/comenzamos-la-marcha-hacia-el-refugio-cabana-de-tracuit.jpg 1788w\" sizes=\"auto, (max-width: 1024px) 100vw, 1024px\" \/><\/a><p id=\"caption-attachment-40059\" class=\"wp-caption-text\">Comenzamos la marcha hacia el Refugio Caba\u00f1a de Tracuit<\/p><\/div>\n<div id=\"attachment_40061\" style=\"width: 1034px\" class=\"wp-caption aligncenter\"><a class=\"dt-single-image\" href=\"https:\/\/www.monta\u00f1asdelaluna.es\/wp-content\/uploads\/2019\/08\/IMG_0718.jpg\" data-dt-img-description=\"\"><img loading=\"lazy\" decoding=\"async\" aria-describedby=\"caption-attachment-40061\" class=\"wp-image-40061 size-large\" src=\"https:\/\/www.monta\u00f1asdelaluna.es\/wp-content\/uploads\/2019\/08\/IMG_0718-1024x683.jpg\" alt=\"Camping de Zinal\" width=\"1024\" height=\"683\" srcset=\"https:\/\/www.monta\u00f1asdelaluna.es\/wp-content\/uploads\/2019\/08\/IMG_0718-1024x683.jpg 1024w, https:\/\/www.monta\u00f1asdelaluna.es\/wp-content\/uploads\/2019\/08\/IMG_0718-300x200.jpg 300w, https:\/\/www.monta\u00f1asdelaluna.es\/wp-content\/uploads\/2019\/08\/IMG_0718.jpg 1788w\" sizes=\"auto, (max-width: 1024px) 100vw, 1024px\" \/><\/a><p id=\"caption-attachment-40061\" class=\"wp-caption-text\">Camping de Zinal<\/p><\/div>\n<p>La senda sube poco a poco por la larga, alta e inacabable ladera del valle arriba de Zinal. Hay que seguir o intentar seguir las se\u00f1ales, marcas dibujadas en partes de la senda, de color amarillo y blanco en forma de rombo. Senda, camino, bosquecillos, prados\u2026 me da la impresi\u00f3n de que este recorrido ya lo hice hace 14 a\u00f1os pero de bajada en el Tour de la Vall d\u2019Anniviers. No hay p\u00e9rdida. Pasamos junto a una casa con vacas en sus alrededores, tenemos que apartar a alguna para poder seguir el camino arriba. Hasta que llegamos a otra senda transversal que recorre la ladera en horizontal y recorre todo el valle a cierta altura: es la senda que viene del Hotel Weisshorn, St. Luc o Chandolin, y se dirige hacia el fondo del valle, hacia el Refugio Caba\u00f1a de Mountet.<\/p>\n<p>Al llegar a esta senda nos reagrupamos y seguimos el mismo hacia la derecha, hacia el sur. Hay una gran cascada en las cercan\u00edas que hemos estado divisando y observando en toda la subida. Ciertamente el paisaje es fabuloso, t\u00edpico de un precioso valle alpino, los picos y monta\u00f1as rodeados de glaciares y neveros se van alzando poco a poco, incluso reconozco el collado del Coll de Pigne, donde estuvimos admirando el paisaje en el Tour de la Vall d\u2019Anniviers, sobre \u00e9ste el piquito de la Pigne de La L\u00e8. Recuerdos.<\/p>\n<div id=\"attachment_40065\" style=\"width: 1034px\" class=\"wp-caption aligncenter\"><a class=\"dt-single-image\" href=\"https:\/\/www.monta\u00f1asdelaluna.es\/wp-content\/uploads\/2019\/08\/joaquin-murcia-luis-segura-david-y-al-fondo-queda-zinal.jpg\" data-dt-img-description=\"\"><img loading=\"lazy\" decoding=\"async\" aria-describedby=\"caption-attachment-40065\" class=\"wp-image-40065 size-large\" src=\"https:\/\/www.monta\u00f1asdelaluna.es\/wp-content\/uploads\/2019\/08\/joaquin-murcia-luis-segura-david-y-al-fondo-queda-zinal-1024x683.jpg\" alt=\"Joaqu\u00edn Murcia, Luis Segura, David y al fondo queda Zinal\" width=\"1024\" height=\"683\" srcset=\"https:\/\/www.monta\u00f1asdelaluna.es\/wp-content\/uploads\/2019\/08\/joaquin-murcia-luis-segura-david-y-al-fondo-queda-zinal-1024x683.jpg 1024w, https:\/\/www.monta\u00f1asdelaluna.es\/wp-content\/uploads\/2019\/08\/joaquin-murcia-luis-segura-david-y-al-fondo-queda-zinal-300x200.jpg 300w, https:\/\/www.monta\u00f1asdelaluna.es\/wp-content\/uploads\/2019\/08\/joaquin-murcia-luis-segura-david-y-al-fondo-queda-zinal.jpg 1788w\" sizes=\"auto, (max-width: 1024px) 100vw, 1024px\" \/><\/a><p id=\"caption-attachment-40065\" class=\"wp-caption-text\">Joaqu\u00edn Murcia, Luis Segura, David y al fondo queda Zinal<\/p><\/div>\n<div id=\"attachment_40067\" style=\"width: 1034px\" class=\"wp-caption aligncenter\"><a class=\"dt-single-image\" href=\"https:\/\/www.monta\u00f1asdelaluna.es\/wp-content\/uploads\/2019\/08\/cascada-y-arriba-el-roc-de-la-vache.jpg\" data-dt-img-description=\"\"><img loading=\"lazy\" decoding=\"async\" aria-describedby=\"caption-attachment-40067\" class=\"wp-image-40067 size-large\" src=\"https:\/\/www.monta\u00f1asdelaluna.es\/wp-content\/uploads\/2019\/08\/cascada-y-arriba-el-roc-de-la-vache-1024x683.jpg\" alt=\"Cascada y arriba el Roc de La Vache\" width=\"1024\" height=\"683\" srcset=\"https:\/\/www.monta\u00f1asdelaluna.es\/wp-content\/uploads\/2019\/08\/cascada-y-arriba-el-roc-de-la-vache-1024x683.jpg 1024w, https:\/\/www.monta\u00f1asdelaluna.es\/wp-content\/uploads\/2019\/08\/cascada-y-arriba-el-roc-de-la-vache-300x200.jpg 300w, https:\/\/www.monta\u00f1asdelaluna.es\/wp-content\/uploads\/2019\/08\/cascada-y-arriba-el-roc-de-la-vache.jpg 1788w\" sizes=\"auto, (max-width: 1024px) 100vw, 1024px\" \/><\/a><p id=\"caption-attachment-40067\" class=\"wp-caption-text\">Cascada y arriba el Roc de La Vache<\/p><\/div>\n<p>La senda comienza a subir por una parte algo m\u00e1s escarpada, como si se adentrase en una especie de canal abierta o ladera entre paredes o escarpes. Estamos justo arriba de la cascada que ve\u00edamos durante toda la subida. Subimos dejando a nuestra derecha una gran roca o pe\u00f1asco que sobresale del terreno, es el Roc de La Vache. Observamos a grupos de gente que bajan por la senda desde el refugio; a partir de esta zona el terreno nos impedir\u00e1 ver el fondo del valle, con Zinal en uno de sus lados, y comenzaremos a observar la ladera alta y rocosa que nos lleva hasta el alejado Refugio Caba\u00f1a de Tracuit. Como nos dec\u00edan abajo: vemos el refugio all\u00e1 arriba y parece que est\u00e1 cerca, pero a\u00fan queda mucho tiempo hasta llegar a \u00e9l. Estaremos a unos 2.450 mts., a\u00fan quedan unos 800 metros de desnivel.<\/p>\n<p>El d\u00eda al final se aguanta, hay nubes que nos tapan el paisaje, pero nada de tormentas el\u00e9ctricas ni de lluvia. Justo en el cruce, dejamos la senda que nos lleva al mirador del Roc de La Vache y al Refugio Caba\u00f1a de Mountet, para seguir las indicaciones al Refugio Caba\u00f1a de Tracuit que vemos all\u00e1 arriba, en la roca, muy alto y lejos a\u00fan, al final de la verde ladera. Entonces dejamos la direcci\u00f3n sur para seguir hacia el este, noreste, ladera arriba.<\/p>\n<div id=\"attachment_40072\" style=\"width: 1034px\" class=\"wp-caption aligncenter\"><a class=\"dt-single-image\" href=\"https:\/\/www.monta\u00f1asdelaluna.es\/wp-content\/uploads\/2019\/08\/delante-el-roc-de-la-vache.jpg\" data-dt-img-description=\"\"><img loading=\"lazy\" decoding=\"async\" aria-describedby=\"caption-attachment-40072\" class=\"wp-image-40072 size-large\" src=\"https:\/\/www.monta\u00f1asdelaluna.es\/wp-content\/uploads\/2019\/08\/delante-el-roc-de-la-vache-1024x683.jpg\" alt=\"Delante el Roc de La Vache\" width=\"1024\" height=\"683\" srcset=\"https:\/\/www.monta\u00f1asdelaluna.es\/wp-content\/uploads\/2019\/08\/delante-el-roc-de-la-vache-1024x683.jpg 1024w, https:\/\/www.monta\u00f1asdelaluna.es\/wp-content\/uploads\/2019\/08\/delante-el-roc-de-la-vache-300x200.jpg 300w, https:\/\/www.monta\u00f1asdelaluna.es\/wp-content\/uploads\/2019\/08\/delante-el-roc-de-la-vache.jpg 1788w\" sizes=\"auto, (max-width: 1024px) 100vw, 1024px\" \/><\/a><p id=\"caption-attachment-40072\" class=\"wp-caption-text\">Delante el Roc de La Vache<\/p><\/div>\n<div id=\"attachment_40074\" style=\"width: 1034px\" class=\"wp-caption aligncenter\"><a class=\"dt-single-image\" href=\"https:\/\/www.monta\u00f1asdelaluna.es\/wp-content\/uploads\/2019\/08\/abajo-queda-zinal-y-la-vall-d-anniviers-arriba-a-la-izquierda-el-corne-de-sorebois.jpg\" data-dt-img-description=\"\"><img loading=\"lazy\" decoding=\"async\" aria-describedby=\"caption-attachment-40074\" class=\"wp-image-40074 size-large\" src=\"https:\/\/www.monta\u00f1asdelaluna.es\/wp-content\/uploads\/2019\/08\/abajo-queda-zinal-y-la-vall-d-anniviers-arriba-a-la-izquierda-el-corne-de-sorebois-1024x683.jpg\" alt=\"Abajo queda Zinal y la Vall d'Anniviers, arriba a la izquierda el Corne de Sorebois\" width=\"1024\" height=\"683\" srcset=\"https:\/\/www.monta\u00f1asdelaluna.es\/wp-content\/uploads\/2019\/08\/abajo-queda-zinal-y-la-vall-d-anniviers-arriba-a-la-izquierda-el-corne-de-sorebois-1024x683.jpg 1024w, https:\/\/www.monta\u00f1asdelaluna.es\/wp-content\/uploads\/2019\/08\/abajo-queda-zinal-y-la-vall-d-anniviers-arriba-a-la-izquierda-el-corne-de-sorebois-300x200.jpg 300w, https:\/\/www.monta\u00f1asdelaluna.es\/wp-content\/uploads\/2019\/08\/abajo-queda-zinal-y-la-vall-d-anniviers-arriba-a-la-izquierda-el-corne-de-sorebois.jpg 1788w\" sizes=\"auto, (max-width: 1024px) 100vw, 1024px\" \/><\/a><p id=\"caption-attachment-40074\" class=\"wp-caption-text\">Abajo queda Zinal y la Vall d&#8217;Anniviers, arriba a la izquierda el Corne de Sorebois<\/p><\/div>\n<p>Al poco tiempo llegamos a una caba\u00f1a, la de Combautanna, no es la caba\u00f1a que nos indicaron abajo, pero nos sirvi\u00f3 para descansar un poco y comer algo en mitad de la subida. Pan, aceite y companaje, con espetec y algo de chocolate. Charlas animadas, Roberto ha hecho amistad con David y hablan como si se conocieran de mucho tiempo. Curioso.<\/p>\n<p>Despu\u00e9s del descanso proseguimos senda arriba. El camino es f\u00e1cil y muy intuitivo, no hay nada de perdida, es una amplia ladera que sube con el puntito del refugio al final de la misma all\u00e1 arriba. Nos queda una hora y media a dos horas para llegar. Las monta\u00f1as est\u00e1n cubiertas, no podemos admirar y observar esas gigantescas estructuras de la tierra. A mitad de esta subida me quedo mirando hacia arriba a la derecha: se intuye la fabulosa pared del Weisshorn, solo aprecio su base, con peque\u00f1os neveros que cuelgan de los peque\u00f1os rincones donde la pared no es tan vertical, pero a la vez me imagino el resto de la pared, como una pir\u00e1mide inexpugnable, oscura e intimidatoria. Fabulosa.<\/p>\n<p>A medida que subimos el frio y el mal tiempo se agrava. Se nota que vamos cogiendo altura. Y ya en pala final hacia la cresta rocosa que nos lleva al refugio, nos tenemos que abrigar y proteger de la poca lluvia que parece quiere caer.<\/p>\n<div id=\"attachment_40078\" style=\"width: 1034px\" class=\"wp-caption aligncenter\"><a class=\"dt-single-image\" href=\"https:\/\/www.monta\u00f1asdelaluna.es\/wp-content\/uploads\/2019\/08\/delante-leti-y-la-cabana-de-combautanna.jpg\" data-dt-img-description=\"\"><img loading=\"lazy\" decoding=\"async\" aria-describedby=\"caption-attachment-40078\" class=\"wp-image-40078 size-large\" src=\"https:\/\/www.monta\u00f1asdelaluna.es\/wp-content\/uploads\/2019\/08\/delante-leti-y-la-cabana-de-combautanna-1024x683.jpg\" alt=\"Delante Leti y la caba\u00f1a de Combautanna\" width=\"1024\" height=\"683\" srcset=\"https:\/\/www.monta\u00f1asdelaluna.es\/wp-content\/uploads\/2019\/08\/delante-leti-y-la-cabana-de-combautanna-1024x683.jpg 1024w, https:\/\/www.monta\u00f1asdelaluna.es\/wp-content\/uploads\/2019\/08\/delante-leti-y-la-cabana-de-combautanna-300x200.jpg 300w, https:\/\/www.monta\u00f1asdelaluna.es\/wp-content\/uploads\/2019\/08\/delante-leti-y-la-cabana-de-combautanna.jpg 1788w\" sizes=\"auto, (max-width: 1024px) 100vw, 1024px\" \/><\/a><p id=\"caption-attachment-40078\" class=\"wp-caption-text\">Delante Leti y la caba\u00f1a de Combautanna<\/p><\/div>\n<div id=\"attachment_40082\" style=\"width: 1034px\" class=\"wp-caption aligncenter\"><a class=\"dt-single-image\" href=\"https:\/\/www.monta\u00f1asdelaluna.es\/wp-content\/uploads\/2019\/08\/ultima-subida-al-refugio-cabana-de-tracuit-arriba-dicho-refugio.jpg\" data-dt-img-description=\"\"><img loading=\"lazy\" decoding=\"async\" aria-describedby=\"caption-attachment-40082\" class=\"wp-image-40082 size-large\" src=\"https:\/\/www.monta\u00f1asdelaluna.es\/wp-content\/uploads\/2019\/08\/ultima-subida-al-refugio-cabana-de-tracuit-arriba-dicho-refugio-1024x683.jpg\" alt=\"\u00daltima subida al Refugio Caba\u00f1a de Tracuit, arriba dicho refugio\" width=\"1024\" height=\"683\" srcset=\"https:\/\/www.monta\u00f1asdelaluna.es\/wp-content\/uploads\/2019\/08\/ultima-subida-al-refugio-cabana-de-tracuit-arriba-dicho-refugio-1024x683.jpg 1024w, https:\/\/www.monta\u00f1asdelaluna.es\/wp-content\/uploads\/2019\/08\/ultima-subida-al-refugio-cabana-de-tracuit-arriba-dicho-refugio-300x200.jpg 300w, https:\/\/www.monta\u00f1asdelaluna.es\/wp-content\/uploads\/2019\/08\/ultima-subida-al-refugio-cabana-de-tracuit-arriba-dicho-refugio.jpg 1788w\" sizes=\"auto, (max-width: 1024px) 100vw, 1024px\" \/><\/a><p id=\"caption-attachment-40082\" class=\"wp-caption-text\">\u00daltima subida al Refugio Caba\u00f1a de Tracuit, arriba dicho refugio<\/p><\/div>\n<p>Justo en esta pala de piedras y rocas aparecen los neveros de altura, y a la derecha sobre la cresta rocosa ya pr\u00f3xima, un trozo de lengua glaciar que intenta bajar hacia nuestro lado. Llegamos a la parte m\u00e1s alta de la pala donde hay un peque\u00f1o paso vertical de roca con una cadena, dicho paso ya nos deja en la cresta rocosa y pasamos al otro lado de la misma para seguirla hacia la derecha en busca del cercano Refugio Caba\u00f1a de Tracuit. El viento arrecia en este collado a 3.250 mts. y el frio se agudiza.<\/p>\n<p>Llegamos al refugio y le damos la vuelta para llegar a su entrada al otro lado del mismo. Desde la entrada se supone que se podr\u00eda ver las cimas del Bishorn y Weisshorn, pero el tiempo est\u00e1 cubierto y las cimas invisibles a nuestros ojos\u2026 solo la cima del Bishorn se dejar\u00e1 ver en un momento lo que qued\u00f3 de d\u00eda y otro a primeras horas del d\u00eda siguiente.<\/p>\n<div id=\"attachment_40086\" style=\"width: 1034px\" class=\"wp-caption aligncenter\"><a class=\"dt-single-image\" href=\"https:\/\/www.monta\u00f1asdelaluna.es\/wp-content\/uploads\/2019\/08\/luis-guerrero-y-david-en-la-ultima-subida-al-refugio-cabana-de-tracuit.jpg\" data-dt-img-description=\"\"><img loading=\"lazy\" decoding=\"async\" aria-describedby=\"caption-attachment-40086\" class=\"wp-image-40086 size-large\" src=\"https:\/\/www.monta\u00f1asdelaluna.es\/wp-content\/uploads\/2019\/08\/luis-guerrero-y-david-en-la-ultima-subida-al-refugio-cabana-de-tracuit-1024x683.jpg\" alt=\"Luis Guerrero y David en la \u00faltima subida al Refugio Caba\u00f1a de Tracuit\" width=\"1024\" height=\"683\" srcset=\"https:\/\/www.monta\u00f1asdelaluna.es\/wp-content\/uploads\/2019\/08\/luis-guerrero-y-david-en-la-ultima-subida-al-refugio-cabana-de-tracuit-1024x683.jpg 1024w, https:\/\/www.monta\u00f1asdelaluna.es\/wp-content\/uploads\/2019\/08\/luis-guerrero-y-david-en-la-ultima-subida-al-refugio-cabana-de-tracuit-300x200.jpg 300w, https:\/\/www.monta\u00f1asdelaluna.es\/wp-content\/uploads\/2019\/08\/luis-guerrero-y-david-en-la-ultima-subida-al-refugio-cabana-de-tracuit.jpg 1788w\" sizes=\"auto, (max-width: 1024px) 100vw, 1024px\" \/><\/a><p id=\"caption-attachment-40086\" class=\"wp-caption-text\">Luis Guerrero y David en la \u00faltima subida al Refugio Caba\u00f1a de Tracuit<\/p><\/div>\n<div id=\"attachment_40084\" style=\"width: 1034px\" class=\"wp-caption aligncenter\"><a class=\"dt-single-image\" href=\"https:\/\/www.monta\u00f1asdelaluna.es\/wp-content\/uploads\/2019\/08\/refugio-cabana-de-tracuit.jpg\" data-dt-img-description=\"\"><img loading=\"lazy\" decoding=\"async\" aria-describedby=\"caption-attachment-40084\" class=\"wp-image-40084 size-large\" src=\"https:\/\/www.monta\u00f1asdelaluna.es\/wp-content\/uploads\/2019\/08\/refugio-cabana-de-tracuit-1024x683.jpg\" alt=\"Refugio Caba\u00f1a de Tracuit\" width=\"1024\" height=\"683\" srcset=\"https:\/\/www.monta\u00f1asdelaluna.es\/wp-content\/uploads\/2019\/08\/refugio-cabana-de-tracuit-1024x683.jpg 1024w, https:\/\/www.monta\u00f1asdelaluna.es\/wp-content\/uploads\/2019\/08\/refugio-cabana-de-tracuit-300x200.jpg 300w, https:\/\/www.monta\u00f1asdelaluna.es\/wp-content\/uploads\/2019\/08\/refugio-cabana-de-tracuit.jpg 1788w\" sizes=\"auto, (max-width: 1024px) 100vw, 1024px\" \/><\/a><p id=\"caption-attachment-40084\" class=\"wp-caption-text\">Refugio Caba\u00f1a de Tracuit<\/p><\/div>\n<p>El refugio es fabuloso, como muchos o todos los refugios de monta\u00f1a suizos. Muy nuevo y pr\u00e1ctico. Una placa en la puerta nos dice que se acab\u00f3 de construir en el a\u00f1o 2.013. Los guardas han tenido un peque\u00f1o incidente con los ba\u00f1os y acerc\u00e1ndote a ellos, en la parte de abajo, se huele un olor nauseabundo. Pero por el resto es fabuloso. Su comedor es un perfecto mirador con cristaleras hacia el valle de Anniviers, magn\u00edfico. Aunque hoy no se viera mucho por las nubes. La cena es a las 18:30 o a las 19:00, y hay dos horas de desayunos seg\u00fan la monta\u00f1a que quieras subir: para el Weisshorn el desayuno es a las 3 de la ma\u00f1ana y para el Bishorn es a las 7. Me acongojo al saber que desde aqu\u00ed se puede subir el temido y espectacular Weisshorn.<\/p>\n<p>Poco a poco va llegando el resto del grupo. Tere no est\u00e1 bien y durante el resto de la tarde no se llegar\u00e1 a estar \u201cpotable\u201d \u00bfel esfuerzo? \u00bfla altura? Cada cuerpo es un mundo. Hemos tardado al final entre 5,30 y 6 horas contando las paradas.<\/p>\n<div id=\"attachment_40087\" style=\"width: 1034px\" class=\"wp-caption aligncenter\"><a class=\"dt-single-image\" href=\"https:\/\/www.monta\u00f1asdelaluna.es\/wp-content\/uploads\/2019\/08\/luis-guerrero-y-refugio-cabana-de-tracuit.jpg\" data-dt-img-description=\"\"><img loading=\"lazy\" decoding=\"async\" aria-describedby=\"caption-attachment-40087\" class=\"wp-image-40087 size-large\" src=\"https:\/\/www.monta\u00f1asdelaluna.es\/wp-content\/uploads\/2019\/08\/luis-guerrero-y-refugio-cabana-de-tracuit-1024x683.jpg\" alt=\"Luis Guerrero y Refugio Caba\u00f1a de Tracuit\" width=\"1024\" height=\"683\" srcset=\"https:\/\/www.monta\u00f1asdelaluna.es\/wp-content\/uploads\/2019\/08\/luis-guerrero-y-refugio-cabana-de-tracuit-1024x683.jpg 1024w, https:\/\/www.monta\u00f1asdelaluna.es\/wp-content\/uploads\/2019\/08\/luis-guerrero-y-refugio-cabana-de-tracuit-300x200.jpg 300w, https:\/\/www.monta\u00f1asdelaluna.es\/wp-content\/uploads\/2019\/08\/luis-guerrero-y-refugio-cabana-de-tracuit.jpg 1788w\" sizes=\"auto, (max-width: 1024px) 100vw, 1024px\" \/><\/a><p id=\"caption-attachment-40087\" class=\"wp-caption-text\">Luis Guerrero y Refugio Caba\u00f1a de Tracuit<\/p><\/div>\n<div id=\"attachment_40093\" style=\"width: 1034px\" class=\"wp-caption aligncenter\"><a class=\"dt-single-image\" href=\"https:\/\/www.monta\u00f1asdelaluna.es\/wp-content\/uploads\/2019\/08\/cenando-en-el-refugio-cabana-de-tracuit-de-izquierda-a-derecha-joaquin-murcia-luis-guerrero-david-luis-segura-tere-leti-isa-nuria-vicente-molina-y-roberto.jpg\" data-dt-img-description=\"\"><img loading=\"lazy\" decoding=\"async\" aria-describedby=\"caption-attachment-40093\" class=\"wp-image-40093 size-large\" src=\"https:\/\/www.monta\u00f1asdelaluna.es\/wp-content\/uploads\/2019\/08\/cenando-en-el-refugio-cabana-de-tracuit-de-izquierda-a-derecha-joaquin-murcia-luis-guerrero-david-luis-segura-tere-leti-isa-nuria-vicente-molina-y-roberto-1024x683.jpg\" alt=\"Cenando en el Refugio Caba\u00f1a de Tracuit, de izquierda a derecha: Joaqu\u00edn Murcia, Luis Guerrero, David, Luis Segura, Tere, Leti, Isa, Nuria, Vicente Molina y Roberto\" width=\"1024\" height=\"683\" srcset=\"https:\/\/www.monta\u00f1asdelaluna.es\/wp-content\/uploads\/2019\/08\/cenando-en-el-refugio-cabana-de-tracuit-de-izquierda-a-derecha-joaquin-murcia-luis-guerrero-david-luis-segura-tere-leti-isa-nuria-vicente-molina-y-roberto-1024x683.jpg 1024w, https:\/\/www.monta\u00f1asdelaluna.es\/wp-content\/uploads\/2019\/08\/cenando-en-el-refugio-cabana-de-tracuit-de-izquierda-a-derecha-joaquin-murcia-luis-guerrero-david-luis-segura-tere-leti-isa-nuria-vicente-molina-y-roberto-300x200.jpg 300w, https:\/\/www.monta\u00f1asdelaluna.es\/wp-content\/uploads\/2019\/08\/cenando-en-el-refugio-cabana-de-tracuit-de-izquierda-a-derecha-joaquin-murcia-luis-guerrero-david-luis-segura-tere-leti-isa-nuria-vicente-molina-y-roberto.jpg 1788w\" sizes=\"auto, (max-width: 1024px) 100vw, 1024px\" \/><\/a><p id=\"caption-attachment-40093\" class=\"wp-caption-text\">Cenando en el Refugio Caba\u00f1a de Tracuit, de izquierda a derecha: Joaqu\u00edn Murcia, Luis Guerrero, David, Luis Segura, Tere, Leti, Isa, Nuria, Vicente Molina y Roberto<\/p><\/div>\n<p>Igual que los ba\u00f1os est\u00e1n abajo, las habitaciones est\u00e1n en la planta de arriba. Ocupamos una habitaci\u00f3n entera y ya cada uno coge su sitio. Ma\u00f1ana nos toca el ataque al pico Bishorn. Algunos se han asomado a un mirador cerca del refugio antes de cenar, donde se ve el recorrido glaciar hasta el pico. Sigue haciendo viento en la peque\u00f1a explanada delante de la puerta del refugio.<\/p>\n<p>Cenamos los 3 platos y postre de los refugios suizos, y quedamos en poner a una hora los despertadores para que nos d\u00e9 tiempo a equiparnos y salir en busca de la monta\u00f1a justo despu\u00e9s de desayunar. Con lo que entre las 9 y las 10 de la noche ya nos vamos a nuestra habitaci\u00f3n a dormir.<\/p>\n<div id=\"attachment_40217\" style=\"width: 1189px\" class=\"wp-caption aligncenter\"><a class=\"dt-single-image\" href=\"https:\/\/www.monta\u00f1asdelaluna.es\/wp-content\/uploads\/2019\/07\/BishornCroquis2.web_.jpg\" data-dt-img-description=\"\"><img loading=\"lazy\" decoding=\"async\" aria-describedby=\"caption-attachment-40217\" class=\"wp-image-40217 size-full\" src=\"https:\/\/www.monta\u00f1asdelaluna.es\/wp-content\/uploads\/2019\/07\/BishornCroquis2.web_.jpg\" alt=\"Croquis de la ascensi\u00f3n al Refugio Caba\u00f1a de Tracuit (3.256 mts.) desde Zinal (1.680 mts.). Punto Rojo: Camping de Zinal.\" width=\"1179\" height=\"762\" srcset=\"https:\/\/www.monta\u00f1asdelaluna.es\/wp-content\/uploads\/2019\/07\/BishornCroquis2.web_.jpg 1179w, https:\/\/www.monta\u00f1asdelaluna.es\/wp-content\/uploads\/2019\/07\/BishornCroquis2.web_-300x194.jpg 300w, https:\/\/www.monta\u00f1asdelaluna.es\/wp-content\/uploads\/2019\/07\/BishornCroquis2.web_-1024x662.jpg 1024w\" sizes=\"auto, (max-width: 1179px) 100vw, 1179px\" \/><\/a><p id=\"caption-attachment-40217\" class=\"wp-caption-text\">Croquis de la ascensi\u00f3n al Refugio Caba\u00f1a de Tracuit (3.256 mts.) desde Zinal (1.680 mts.). Punto Rojo: Camping de Zinal.<\/p><\/div>\n<p>[vc_separator][\/vc_column_text][\/vc_column][\/vc_row][vc_row][vc_column][vc_empty_space height=\u00bb60px\u00bb][\/vc_column][\/vc_row][vc_row][vc_column][vc_cta h2=\u00bb\u00c1lbum de fotos\u00bb txt_align=\u00bbcenter\u00bb add_button=\u00bbbottom\u00bb btn_title=\u00bbVer fotos\u00bb btn_color=\u00bbwarning\u00bb btn_align=\u00bbcenter\u00bb btn_link=\u00bburl:http%3A%2F%2Fmonta%C3%B1asdelaluna.com%2F%3Fdt_gallery%3Dzinal-y-subida-al-refugio-cabana-de-tracuit-2|title:Zinal%20y%20subida%20al%20Refugio%20Caba%C3%B1a%20de%20Tracuit|target:_blank\u00bb css=\u00bb.vc_custom_1614324787730{background-color: #8bc4ed !important;}\u00bb]Puedes ver todas las fotos de Zinal y subida al Refugio Caba\u00f1a de Tracuit en forma de presentaci\u00f3n o individuales pinchando aqui \u00a1No te las pierdas![\/vc_cta][\/vc_column][\/vc_row][vc_row][vc_column][vc_empty_space height=\u00bb60px\u00bb][\/vc_column][\/vc_row][vc_row][vc_column width=\u00bb1\/6&#8243;][\/vc_column][vc_column width=\u00bb1\/3&#8243;][vc_raw_html]JTNDaWZyYW1lJTIwc3JjJTNEJTIyaHR0cHMlM0ElMkYlMkZ3d3cubWV0ZW9ibHVlLmNvbSUyRmVzJTJGdGllbXBvJTJGd2lkZ2V0JTJGZGFpbHklMkZ6aW5hbF9zdWl6YV8yNjU3OTE4JTNGZ2VvbG9jJTNEZml4ZWQlMjZkYXlzJTNENyUyNnRlbXB1bml0JTNEQ0VMU0lVUyUyNndpbmR1bml0JTNES0lMT01FVEVSX1BFUl9IT1VSJTI2cHJlY2lwdW5pdCUzRE1JTExJTUVURVIlMjZjb2xvdXJlZCUzRGNvbG91cmVkJTI2cGljdG9pY29uJTNEMCUyNnBpY3RvaWNvbiUzRDElMjZtYXh0ZW1wZXJhdHVyZSUzRDAlMjZtYXh0ZW1wZXJhdHVyZSUzRDElMjZtaW50ZW1wZXJhdHVyZSUzRDAlMjZtaW50ZW1wZXJhdHVyZSUzRDElMjZ3aW5kc3BlZWQlM0QwJTI2d2luZHNwZWVkJTNEMSUyNndpbmRndXN0JTNEMCUyNndpbmRndXN0JTNEMSUyNndpbmRkaXJlY3Rpb24lM0QwJTI2d2luZGRpcmVjdGlvbiUzRDElMjZ1diUzRDAlMjZodW1pZGl0eSUzRDAlMjZwcmVjaXBpdGF0aW9uJTNEMCUyNnByZWNpcGl0YXRpb24lM0QxJTI2cHJlY2lwaXRhdGlvbnByb2JhYmlsaXR5JTNEMCUyNnByZWNpcGl0YXRpb25wcm9iYWJpbGl0eSUzRDElMjZzcG90JTNEMCUyNnNwb3QlM0QxJTI2cHJlc3N1cmUlM0QwJTI2cHJlc3N1cmUlM0QxJTI2bGF5b3V0JTNEbGlnaHQlMjZsb2NhdGlvbl91cmwlM0RodHRwcyUyNTNBJTI1MkYlMjUyRnd3dy5tZXRlb2JsdWUuY29tJTI1MkZlcyUyNTJGdGllbXBvJTI1MkZ3aWRnZXQlMjUyRmRhaWx5JTI1MkZ6aW5hbF9zdWl6YV8yNjU3OTE4JTI2bG9jYXRpb25fbWFpblVybCUzRGh0dHBzJTI1M0ElMjUyRiUyNTJGd3d3Lm1ldGVvYmx1ZS5jb20lMjUyRmVzJTI1MkZ0aWVtcG8lMjUyRnNlbWFuYSUyNTJGemluYWxfc3VpemFfMjY1NzkxOCUyNm5vbG9jYXRpb25fdXJsJTNEaHR0cHMlMjUzQSUyNTJGJTI1MkZ3d3cubWV0ZW9ibHVlLmNvbSUyNTJGZXMlMjUyRnRpZW1wbyUyNTJGd2lkZ2V0JTI1MkZkYWlseSUyNm5vbG9jYXRpb25fbWFpblVybCUzRGh0dHBzJTI1M0ElMjUyRiUyNTJGd3d3Lm1ldGVvYmx1ZS5jb20lMjUyRmVzJTI1MkZ0aWVtcG8lMjUyRnNlbWFuYSUyNTJGaW5kZXglMjZkYWlseXdpZHRoJTNENTQlMjZ0cmFja2luZyUzRCUyNTNGdXRtX3NvdXJjZSUyNTNEd2VhdGhlcl93aWRnZXQlMjUyNnV0bV9tZWRpdW0lMjUzRGxpbmt1cyUyNTI2dXRtX2NvbnRlbnQlMjUzRGRhaWx5JTI1MjZ1dG1fY2FtcGFpZ24lMjUzRFdlYXRoZXIlMjUyNTJCV2lkZ2V0JTIyJTIwJTIwZnJhbWVib3JkZXIlM0QlMjIwJTIyJTIwc2Nyb2xsaW5nJTNEJTIyTk8lMjIlMjBhbGxvd3RyYW5zcGFyZW5jeSUzRCUyMnRydWUlMjIlMjBzYW5kYm94JTNEJTIyYWxsb3ctc2FtZS1vcmlnaW4lMjBhbGxvdy1zY3JpcHRzJTIwYWxsb3ctcG9wdXBzJTIwYWxsb3ctcG9wdXBzLXRvLWVzY2FwZS1zYW5kYm94JTIyJTIwc3R5bGUlM0QlMjJ3aWR0aCUzQSUyMDM3OHB4JTNCaGVpZ2h0JTNBJTIwNDEycHglMjIlM0UlM0MlMkZpZnJhbWUlM0UlM0NkaXYlM0UlM0MlMjEtLSUyMERPJTIwTk9UJTIwUkVNT1ZFJTIwVEhJUyUyMExJTkslMjAtLSUzRSUzQ2ElMjBocmVmJTNEJTIyaHR0cHMlM0ElMkYlMkZ3d3cubWV0ZW9ibHVlLmNvbSUyRmVzJTJGdGllbXBvJTJGc2VtYW5hJTJGemluYWxfc3VpemFfMjY1NzkxOCUzRnV0bV9zb3VyY2UlM0R3ZWF0aGVyX3dpZGdldCUyNnV0bV9tZWRpdW0lM0RsaW5rdXMlMjZ1dG1fY29udGVudCUzRGRhaWx5JTI2dXRtX2NhbXBhaWduJTNEV2VhdGhlciUyNTJCV2lkZ2V0JTIyJTIwdGFyZ2V0JTNEJTIyX2JsYW5rJTIyJTNFbWV0ZW9ibHVlJTNDJTJGYSUzRSUzQyUyRmRpdiUzRQ==[\/vc_raw_html][\/vc_column][vc_column width=\u00bb1\/3&#8243;][vc_raw_html]JTNDaWZyYW1lJTIwc3JjJTNEJTIyaHR0cHMlM0ElMkYlMkZ3d3cubWV0ZW9ibHVlLmNvbSUyRmVzJTJGdGllbXBvJTJGd2lkZ2V0JTJGZGFpbHklMkZjb2wtZGUtdHJhY3VpdF9zdWl6YV8xMTA3NDM3MCUzRmdlb2xvYyUzRGZpeGVkJTI2ZGF5cyUzRDclMjZ0ZW1wdW5pdCUzRENFTFNJVVMlMjZ3aW5kdW5pdCUzREtJTE9NRVRFUl9QRVJfSE9VUiUyNnByZWNpcHVuaXQlM0RNSUxMSU1FVEVSJTI2Y29sb3VyZWQlM0Rjb2xvdXJlZCUyNnBpY3RvaWNvbiUzRDAlMjZwaWN0b2ljb24lM0QxJTI2bWF4dGVtcGVyYXR1cmUlM0QwJTI2bWF4dGVtcGVyYXR1cmUlM0QxJTI2bWludGVtcGVyYXR1cmUlM0QwJTI2bWludGVtcGVyYXR1cmUlM0QxJTI2d2luZHNwZWVkJTNEMCUyNndpbmRzcGVlZCUzRDElMjZ3aW5kZ3VzdCUzRDAlMjZ3aW5kZ3VzdCUzRDElMjZ3aW5kZGlyZWN0aW9uJTNEMCUyNndpbmRkaXJlY3Rpb24lM0QxJTI2dXYlM0QwJTI2aHVtaWRpdHklM0QwJTI2cHJlY2lwaXRhdGlvbiUzRDAlMjZwcmVjaXBpdGF0aW9uJTNEMSUyNnByZWNpcGl0YXRpb25wcm9iYWJpbGl0eSUzRDAlMjZwcmVjaXBpdGF0aW9ucHJvYmFiaWxpdHklM0QxJTI2c3BvdCUzRDAlMjZzcG90JTNEMSUyNnByZXNzdXJlJTNEMCUyNnByZXNzdXJlJTNEMSUyNmxheW91dCUzRGxpZ2h0JTI2bG9jYXRpb25fdXJsJTNEaHR0cHMlMjUzQSUyNTJGJTI1MkZ3d3cubWV0ZW9ibHVlLmNvbSUyNTJGZXMlMjUyRnRpZW1wbyUyNTJGd2lkZ2V0JTI1MkZkYWlseSUyNTJGY29sLWRlLXRyYWN1aXRfc3VpemFfMTEwNzQzNzAlMjZsb2NhdGlvbl9tYWluVXJsJTNEaHR0cHMlMjUzQSUyNTJGJTI1MkZ3d3cubWV0ZW9ibHVlLmNvbSUyNTJGZXMlMjUyRnRpZW1wbyUyNTJGc2VtYW5hJTI1MkZjb2wtZGUtdHJhY3VpdF9zdWl6YV8xMTA3NDM3MCUyNm5vbG9jYXRpb25fdXJsJTNEaHR0cHMlMjUzQSUyNTJGJTI1MkZ3d3cubWV0ZW9ibHVlLmNvbSUyNTJGZXMlMjUyRnRpZW1wbyUyNTJGd2lkZ2V0JTI1MkZkYWlseSUyNm5vbG9jYXRpb25fbWFpblVybCUzRGh0dHBzJTI1M0ElMjUyRiUyNTJGd3d3Lm1ldGVvYmx1ZS5jb20lMjUyRmVzJTI1MkZ0aWVtcG8lMjUyRnNlbWFuYSUyNTJGaW5kZXglMjZkYWlseXdpZHRoJTNENTQlMjZ0cmFja2luZyUzRCUyNTNGdXRtX3NvdXJjZSUyNTNEd2VhdGhlcl93aWRnZXQlMjUyNnV0bV9tZWRpdW0lMjUzRGxpbmt1cyUyNTI2dXRtX2NvbnRlbnQlMjUzRGRhaWx5JTI1MjZ1dG1fY2FtcGFpZ24lMjUzRFdlYXRoZXIlMjUyNTJCV2lkZ2V0JTIyJTIwJTIwZnJhbWVib3JkZXIlM0QlMjIwJTIyJTIwc2Nyb2xsaW5nJTNEJTIyTk8lMjIlMjBhbGxvd3RyYW5zcGFyZW5jeSUzRCUyMnRydWUlMjIlMjBzYW5kYm94JTNEJTIyYWxsb3ctc2FtZS1vcmlnaW4lMjBhbGxvdy1zY3JpcHRzJTIwYWxsb3ctcG9wdXBzJTIwYWxsb3ctcG9wdXBzLXRvLWVzY2FwZS1zYW5kYm94JTIyJTIwc3R5bGUlM0QlMjJ3aWR0aCUzQSUyMDM3OHB4JTNCaGVpZ2h0JTNBJTIwNDEycHglMjIlM0UlM0MlMkZpZnJhbWUlM0UlM0NkaXYlM0UlM0MlMjEtLSUyMERPJTIwTk9UJTIwUkVNT1ZFJTIwVEhJUyUyMExJTkslMjAtLSUzRSUzQ2ElMjBocmVmJTNEJTIyaHR0cHMlM0ElMkYlMkZ3d3cubWV0ZW9ibHVlLmNvbSUyRmVzJTJGdGllbXBvJTJGc2VtYW5hJTJGY29sLWRlLXRyYWN1aXRfc3VpemFfMTEwNzQzNzAlM0Z1dG1fc291cmNlJTNEd2VhdGhlcl93aWRnZXQlMjZ1dG1fbWVkaXVtJTNEbGlua3VzJTI2dXRtX2NvbnRlbnQlM0RkYWlseSUyNnV0bV9jYW1wYWlnbiUzRFdlYXRoZXIlMjUyQldpZGdldCUyMiUyMHRhcmdldCUzRCUyMl9ibGFuayUyMiUzRW1ldGVvYmx1ZSUzQyUyRmElM0UlM0MlMkZkaXYlM0U=[\/vc_raw_html][\/vc_column][vc_column width=\u00bb1\/6&#8243;][\/vc_column][\/vc_row]<\/p>\n","protected":false},"excerpt":{"rendered":"<p>[vc_row][vc_column][vc_column_text]El d\u00eda parece que se levanta bueno. Desayunamos con la comida del grupo de Almorad\u00ed. Luis Guerrero se quejar\u00eda que no le hab\u00eda dicho de llevar comida, pensando que nos abastecer\u00edamos en los supermercados, tiendas o refugios\u2026 con Manolet creo que no llegu\u00e9 a hablar del tema comida. Hornillos de camping, sillas, mesa\u2026 todo muy&hellip;<\/p>\n","protected":false},"author":1,"featured_media":40061,"comment_status":"open","ping_status":"open","sticky":false,"template":"","format":"standard","meta":[],"categories":[184],"tags":[],"class_list":["post-40214","post","type-post","status-publish","format-standard","has-post-thumbnail","hentry","category-bishorn-y-monte-rosa-2","category-184","description-off"],"_links":{"self":[{"href":"https:\/\/www.monta\u00f1asdelaluna.es\/index.php?rest_route=\/wp\/v2\/posts\/40214","targetHints":{"allow":["GET"]}}],"collection":[{"href":"https:\/\/www.monta\u00f1asdelaluna.es\/index.php?rest_route=\/wp\/v2\/posts"}],"about":[{"href":"https:\/\/www.monta\u00f1asdelaluna.es\/index.php?rest_route=\/wp\/v2\/types\/post"}],"author":[{"embeddable":true,"href":"https:\/\/www.monta\u00f1asdelaluna.es\/index.php?rest_route=\/wp\/v2\/users\/1"}],"replies":[{"embeddable":true,"href":"https:\/\/www.monta\u00f1asdelaluna.es\/index.php?rest_route=%2Fwp%2Fv2%2Fcomments&post=40214"}],"version-history":[{"count":9,"href":"https:\/\/www.monta\u00f1asdelaluna.es\/index.php?rest_route=\/wp\/v2\/posts\/40214\/revisions"}],"predecessor-version":[{"id":49884,"href":"https:\/\/www.monta\u00f1asdelaluna.es\/index.php?rest_route=\/wp\/v2\/posts\/40214\/revisions\/49884"}],"wp:featuredmedia":[{"embeddable":true,"href":"https:\/\/www.monta\u00f1asdelaluna.es\/index.php?rest_route=\/wp\/v2\/media\/40061"}],"wp:attachment":[{"href":"https:\/\/www.monta\u00f1asdelaluna.es\/index.php?rest_route=%2Fwp%2Fv2%2Fmedia&parent=40214"}],"wp:term":[{"taxonomy":"category","embeddable":true,"href":"https:\/\/www.monta\u00f1asdelaluna.es\/index.php?rest_route=%2Fwp%2Fv2%2Fcategories&post=40214"},{"taxonomy":"post_tag","embeddable":true,"href":"https:\/\/www.monta\u00f1asdelaluna.es\/index.php?rest_route=%2Fwp%2Fv2%2Ftags&post=40214"}],"curies":[{"name":"wp","href":"https:\/\/api.w.org\/{rel}","templated":true}]}}