{"id":40233,"date":"2019-07-08T16:10:40","date_gmt":"2019-07-08T16:10:40","guid":{"rendered":"http:\/\/monta\u00f1asdelaluna.com\/?p=40233"},"modified":"2025-11-16T22:24:02","modified_gmt":"2025-11-16T22:24:02","slug":"8-de-julio-de-2-019-domingo-refugio-cabana-de-tracuit-3-256-mts-bishorn-4-153-mts-zinal-1-680-mts","status":"publish","type":"post","link":"https:\/\/www.monta\u00f1asdelaluna.es\/?p=40233","title":{"rendered":"8 de Julio de 2.019, lunes. Refugio Caba\u00f1a de Tracuit (3.256 mts.) \u2013 Bishorn (4.153 mts.) \u2013 Zinal (1.680 mts.)."},"content":{"rendered":"<p>[vc_row][vc_column][vc_column_text]Nos levantamos todos y nos preparamos para bajar al comedor para desayunar. Desayunamos y nos equipamos para salir al exterior en busca del Glaciar Turtmann que ser\u00e1 el que nos suba y lleve hasta la cima del Bishorn. Por suerte el fabuloso refugio tiene espacio suficiente para equiparnos y dejar, recoger los hierros en la cancela del edificio, puerta de entrada.<\/p>\n<p>Todos parecen que est\u00e1n animados y con ganas de emprender esta aventura nunca realizada por el grupo de Almorad\u00ed: subir un pico de m\u00e1s de cuatro mil metros alpino con recorrido glaciar. Todos est\u00e1n bien menos Tere que ayer se encontraba mal, molesta supongo por el esfuerzo o altura, ha vomitado varias veces y no se est\u00e1 para m\u00e1s esfuerzos. Con lo que se quedar\u00e1 en el refugio descansando.<\/p>\n<p>Despu\u00e9s de desayunar y prepararnos en el exterior del refugio, comenzamos a caminar por la parte sur de la zona del refugio, ya de d\u00eda, como si fu\u00e9ramos en busca de las monta\u00f1as y glaciares m\u00e1s altos que se ven o quedan desde el refugio. El camino es claro entre los neveros y la roca. Dejamos el mirador a la izquierda y atr\u00e1s, mirador que visitaron los compa\u00f1eros para admirar el paisaje y recorrido a realizar en el d\u00eda de hoy.<\/p>\n<p>Despu\u00e9s de una leve bajada por un nevero en busca de los l\u00edmites de la roca y el Glaciar Turtmann, girando algo a la izquierda, dejando las inmediaciones o direcci\u00f3n a la cresta a la T\u00eate de Milon, a la derecha e intentar adentrarnos en el terreno de la monta\u00f1a m\u00e1s horizontal.<\/p>\n<div id=\"attachment_40114\" style=\"width: 1034px\" class=\"wp-caption aligncenter\"><a class=\"dt-single-image\" href=\"https:\/\/www.monta\u00f1asdelaluna.es\/wp-content\/uploads\/2019\/08\/saliendo-del-refugio-de-tracuit.jpg\" data-dt-img-description=\"\"><img loading=\"lazy\" decoding=\"async\" aria-describedby=\"caption-attachment-40114\" class=\"wp-image-40114 size-large\" src=\"https:\/\/www.monta\u00f1asdelaluna.es\/wp-content\/uploads\/2019\/08\/saliendo-del-refugio-de-tracuit-1024x683.jpg\" alt=\"Saliendo del Refugio de Tracuit\" width=\"1024\" height=\"683\" srcset=\"https:\/\/www.monta\u00f1asdelaluna.es\/wp-content\/uploads\/2019\/08\/saliendo-del-refugio-de-tracuit-1024x683.jpg 1024w, https:\/\/www.monta\u00f1asdelaluna.es\/wp-content\/uploads\/2019\/08\/saliendo-del-refugio-de-tracuit-300x200.jpg 300w, https:\/\/www.monta\u00f1asdelaluna.es\/wp-content\/uploads\/2019\/08\/saliendo-del-refugio-de-tracuit.jpg 1788w\" sizes=\"auto, (max-width: 1024px) 100vw, 1024px\" \/><\/a><p id=\"caption-attachment-40114\" class=\"wp-caption-text\">Saliendo del Refugio de Tracuit<\/p><\/div>\n<div id=\"attachment_40113\" style=\"width: 1034px\" class=\"wp-caption aligncenter\"><a class=\"dt-single-image\" href=\"https:\/\/www.monta\u00f1asdelaluna.es\/wp-content\/uploads\/2019\/08\/la-cima-del-bishorn-en-el-centro-visto-desde-el-refugio-cabana-de-tracuit.jpg\" data-dt-img-description=\"\"><img loading=\"lazy\" decoding=\"async\" aria-describedby=\"caption-attachment-40113\" class=\"wp-image-40113 size-large\" src=\"https:\/\/www.monta\u00f1asdelaluna.es\/wp-content\/uploads\/2019\/08\/la-cima-del-bishorn-en-el-centro-visto-desde-el-refugio-cabana-de-tracuit-1024x683.jpg\" alt=\"La cima del Bishorn en el centro, visto desde el Refugio Caba\u00f1a de Tracuit\" width=\"1024\" height=\"683\" srcset=\"https:\/\/www.monta\u00f1asdelaluna.es\/wp-content\/uploads\/2019\/08\/la-cima-del-bishorn-en-el-centro-visto-desde-el-refugio-cabana-de-tracuit-1024x683.jpg 1024w, https:\/\/www.monta\u00f1asdelaluna.es\/wp-content\/uploads\/2019\/08\/la-cima-del-bishorn-en-el-centro-visto-desde-el-refugio-cabana-de-tracuit-300x200.jpg 300w, https:\/\/www.monta\u00f1asdelaluna.es\/wp-content\/uploads\/2019\/08\/la-cima-del-bishorn-en-el-centro-visto-desde-el-refugio-cabana-de-tracuit.jpg 1788w\" sizes=\"auto, (max-width: 1024px) 100vw, 1024px\" \/><\/a><p id=\"caption-attachment-40113\" class=\"wp-caption-text\">La cima del Bishorn en el centro, visto desde el Refugio Caba\u00f1a de Tracuit<\/p><\/div>\n<p>Nos paramos justo en un terreno rocoso, \u00faltimo, antes de entrar en el Glaciar de Turtmann. Establezco las cordadas (quien ir\u00e1 con quien en cada cordada). Nos equipamos con hierros y arn\u00e9s. Una charla o descripci\u00f3n de c\u00f3mo hacer una progresi\u00f3n por glaciar encordados. Revisi\u00f3n de crampones, arneses bien puestos, cuerda bien atada. Yo ir\u00e9 en cabeza y gu\u00eda encordado con Isa y Leti. La gente de Almorad\u00ed nunca ha realizado una progresi\u00f3n por glaciar para subir a un pico de m\u00e1s de cuatro mil metros en los Alpes, hay que llevarlos y ense\u00f1arles; son unos iniciados en esta modalidad.<\/p>\n<p>Por suerte la actividad desde el comienzo lo hacemos con luz, no hace falta salir muy temprano ya que en unas 4 o 5 horas podemos llegar a la cima sin ninguna dificultad. Ya estamos todos preparados y salgo el primero con Leti e Isa en busca del camino, la senda muy bien marcada y sin dificultad, que han excavado en la nieve, hielo, los que han hecho esta ascensi\u00f3n. No hay p\u00e9rdida, y es muy f\u00e1cil.<\/p>\n<p>En un principio y para \u201ccalentar\u201d el recorrido, una vez montados en el glaciar, es un recorrido horizontal hacia la derecha y este como queriendo cruzar de una punta a la otra el mismo glaciar. El recorrido de subida al Bishorn est\u00e1 en la parte del glaciar al otro lado de donde nos encontramos nosotros, por eso debemos caminar y cruzar la parte baja (o la que tenemos a nuestra altura) del glaciar. El Glaciar Turtmann hace una bajada desde las cimas del Bishorn y comienzo de la cresta del Weisshorn (que desde aqu\u00ed queda justo detr\u00e1s del Bishorn) con una banda rocosa o espol\u00f3n en medio de la misma: el lado oeste entre el espol\u00f3n de en medio y la cresta de la T\u00eate de Milon en m\u00e1s escarpada, pero la contrar\u00eda, la parte del glaciar que desde el espol\u00f3n central, en medio del glaciar, queda hacia el este, es la subida f\u00e1cil y sin dificultad t\u00e9cnica\u2026 por aqu\u00ed es por donde subiremos. El refugio queda abajo de la cresta de la T\u00eate de Milon, entre el final (o principio de \u00e9sta) y el collado de Tracuit.<\/p>\n<div id=\"attachment_40115\" style=\"width: 1034px\" class=\"wp-caption aligncenter\"><a class=\"dt-single-image\" href=\"https:\/\/www.monta\u00f1asdelaluna.es\/wp-content\/uploads\/2019\/08\/entrando-en-el-glaciar-turtmann-detras-queda-el-refugio-cabana-de-tracuit-y-el-diablon-des-dames-delante-leti.jpg\" data-dt-img-description=\"\"><img loading=\"lazy\" decoding=\"async\" aria-describedby=\"caption-attachment-40115\" class=\"wp-image-40115 size-large\" src=\"https:\/\/www.monta\u00f1asdelaluna.es\/wp-content\/uploads\/2019\/08\/entrando-en-el-glaciar-turtmann-detras-queda-el-refugio-cabana-de-tracuit-y-el-diablon-des-dames-delante-leti-1024x683.jpg\" alt=\"Entrando en el Glaciar Turtmann, detr\u00e1s queda el Refugio Caba\u00f1a de Tracuit y el Diablon des Dames. Delante Leti\" width=\"1024\" height=\"683\" srcset=\"https:\/\/www.monta\u00f1asdelaluna.es\/wp-content\/uploads\/2019\/08\/entrando-en-el-glaciar-turtmann-detras-queda-el-refugio-cabana-de-tracuit-y-el-diablon-des-dames-delante-leti-1024x683.jpg 1024w, https:\/\/www.monta\u00f1asdelaluna.es\/wp-content\/uploads\/2019\/08\/entrando-en-el-glaciar-turtmann-detras-queda-el-refugio-cabana-de-tracuit-y-el-diablon-des-dames-delante-leti-300x200.jpg 300w, https:\/\/www.monta\u00f1asdelaluna.es\/wp-content\/uploads\/2019\/08\/entrando-en-el-glaciar-turtmann-detras-queda-el-refugio-cabana-de-tracuit-y-el-diablon-des-dames-delante-leti.jpg 1788w\" sizes=\"auto, (max-width: 1024px) 100vw, 1024px\" \/><\/a><p id=\"caption-attachment-40115\" class=\"wp-caption-text\">Entrando en el Glaciar Turtmann, detr\u00e1s queda el Refugio Caba\u00f1a de Tracuit y el Diablon des Dames. Delante Leti<\/p><\/div>\n<div id=\"attachment_40116\" style=\"width: 1034px\" class=\"wp-caption aligncenter\"><a class=\"dt-single-image\" href=\"https:\/\/www.monta\u00f1asdelaluna.es\/wp-content\/uploads\/2019\/08\/cruzando-el-glaciar-turtmann-por-su-mitad-delante-el-bishorn-cubierto.jpg\" data-dt-img-description=\"\"><img loading=\"lazy\" decoding=\"async\" aria-describedby=\"caption-attachment-40116\" class=\"wp-image-40116 size-large\" src=\"https:\/\/www.monta\u00f1asdelaluna.es\/wp-content\/uploads\/2019\/08\/cruzando-el-glaciar-turtmann-por-su-mitad-delante-el-bishorn-cubierto-1024x683.jpg\" alt=\"Cruzando el Glaciar Turtmann por su mitad, delante el Bishorn cubierto\" width=\"1024\" height=\"683\" srcset=\"https:\/\/www.monta\u00f1asdelaluna.es\/wp-content\/uploads\/2019\/08\/cruzando-el-glaciar-turtmann-por-su-mitad-delante-el-bishorn-cubierto-1024x683.jpg 1024w, https:\/\/www.monta\u00f1asdelaluna.es\/wp-content\/uploads\/2019\/08\/cruzando-el-glaciar-turtmann-por-su-mitad-delante-el-bishorn-cubierto-300x200.jpg 300w, https:\/\/www.monta\u00f1asdelaluna.es\/wp-content\/uploads\/2019\/08\/cruzando-el-glaciar-turtmann-por-su-mitad-delante-el-bishorn-cubierto.jpg 1788w\" sizes=\"auto, (max-width: 1024px) 100vw, 1024px\" \/><\/a><p id=\"caption-attachment-40116\" class=\"wp-caption-text\">Cruzando el Glaciar Turtmann por su mitad, delante el Bishorn cubierto<\/p><\/div>\n<p>Avanzamos con paso normal, m\u00e1s bien despacio, por el camino que comienza a cruzar el glaciar. Detr\u00e1s de m\u00ed est\u00e1 Leti y detr\u00e1s de \u00e9sta cerrando la cordada Isa. Leti est\u00e1 fuerte, ha aguantado bien la subida al refugio, e Isa tambi\u00e9n sube sin quejarse.<\/p>\n<p>Esta parte del recorrido es muy amena y f\u00e1cil. Cruzamos muy pocos puntos de hielo vivo, y de grietas se cuentan con los dedos de una mano y muchas aparecen tapadas, cubiertas y desapercebidas. Un paseo, vamos. Delante de nosotros y al fondo aparecen los restos de grupos que han salido antes que nosotros y me sirven de referencia para saber por d\u00f3nde ir, y la perspectiva del terreno con respecto a la gente, los alpinistas que se encuentran en ella. Perfecto. Ahora, mientras nosotros cruzamos sin problemas y en horizontal el glaciar para ir de esta zona oeste a la zona este del mismo, los grupos que nos preceden ya comienzan la subida por las empinadas (pero no peligrosas) palas de hielo del glaciar, mientras sube en busca de la cima de la monta\u00f1a.<\/p>\n<p>A partir de este punto, una vez cruzado la base en horizontal del Glaciar Turtmann (no ciertamente es la base, ya que el glaciar sigue su recorrido hacia abajo de nosotros con no demasiada pendiente), llegamos a la parte que comienza a subir con m\u00e1s inclinaci\u00f3n como si fuera una larga y ancha lengua con peque\u00f1as partes m\u00e1s horizontales, que ser\u00e1 lo predominante en esta ascensi\u00f3n. Descanso justo al comenzar la nombrada subida, una de las primeras palas, para reagrupar las cordadas y emprender descansados la subida por estas empinadas palas del glaciar hacia la cima del Bishorn.<\/p>\n<div id=\"attachment_40121\" style=\"width: 1034px\" class=\"wp-caption aligncenter\"><a class=\"dt-single-image\" href=\"https:\/\/www.monta\u00f1asdelaluna.es\/wp-content\/uploads\/2019\/08\/delante-leti-cruzando-el-glaciar-turtmann-detras-el-diablon-des-dames.jpg\" data-dt-img-description=\"\"><img loading=\"lazy\" decoding=\"async\" aria-describedby=\"caption-attachment-40121\" class=\"wp-image-40121 size-large\" src=\"https:\/\/www.monta\u00f1asdelaluna.es\/wp-content\/uploads\/2019\/08\/delante-leti-cruzando-el-glaciar-turtmann-detras-el-diablon-des-dames-1024x683.jpg\" alt=\"Delante Leti cruzando el Glaciar Turtmann, detr\u00e1s el Diablon des Dames\" width=\"1024\" height=\"683\" srcset=\"https:\/\/www.monta\u00f1asdelaluna.es\/wp-content\/uploads\/2019\/08\/delante-leti-cruzando-el-glaciar-turtmann-detras-el-diablon-des-dames-1024x683.jpg 1024w, https:\/\/www.monta\u00f1asdelaluna.es\/wp-content\/uploads\/2019\/08\/delante-leti-cruzando-el-glaciar-turtmann-detras-el-diablon-des-dames-300x200.jpg 300w, https:\/\/www.monta\u00f1asdelaluna.es\/wp-content\/uploads\/2019\/08\/delante-leti-cruzando-el-glaciar-turtmann-detras-el-diablon-des-dames.jpg 1788w\" sizes=\"auto, (max-width: 1024px) 100vw, 1024px\" \/><\/a><p id=\"caption-attachment-40121\" class=\"wp-caption-text\">Delante Leti cruzando el Glaciar Turtmann, detr\u00e1s el Diablon des Dames<\/p><\/div>\n<div id=\"attachment_40123\" style=\"width: 1034px\" class=\"wp-caption aligncenter\"><a class=\"dt-single-image\" href=\"https:\/\/www.monta\u00f1asdelaluna.es\/wp-content\/uploads\/2019\/08\/delante-david-cruzando-el-glaciar-turtmann-con-el-diablon-des-dames-al-fondo.jpg\" data-dt-img-description=\"\"><img loading=\"lazy\" decoding=\"async\" aria-describedby=\"caption-attachment-40123\" class=\"wp-image-40123 size-large\" src=\"https:\/\/www.monta\u00f1asdelaluna.es\/wp-content\/uploads\/2019\/08\/delante-david-cruzando-el-glaciar-turtmann-con-el-diablon-des-dames-al-fondo-1024x683.jpg\" alt=\"Delante David cruzando el Glaciar Turtmann con el Diablon des Dames al fondo\" width=\"1024\" height=\"683\" srcset=\"https:\/\/www.monta\u00f1asdelaluna.es\/wp-content\/uploads\/2019\/08\/delante-david-cruzando-el-glaciar-turtmann-con-el-diablon-des-dames-al-fondo-1024x683.jpg 1024w, https:\/\/www.monta\u00f1asdelaluna.es\/wp-content\/uploads\/2019\/08\/delante-david-cruzando-el-glaciar-turtmann-con-el-diablon-des-dames-al-fondo-300x200.jpg 300w, https:\/\/www.monta\u00f1asdelaluna.es\/wp-content\/uploads\/2019\/08\/delante-david-cruzando-el-glaciar-turtmann-con-el-diablon-des-dames-al-fondo.jpg 1788w\" sizes=\"auto, (max-width: 1024px) 100vw, 1024px\" \/><\/a><p id=\"caption-attachment-40123\" class=\"wp-caption-text\">Delante David cruzando el Glaciar Turtmann con el Diablon des Dames al fondo<\/p><\/div>\n<p>Dejamos la direcci\u00f3n este para girar hacia el sur y arriba. A medida que subimos observo al resto de las cordadas por la lengua glaciar que nos siguen. Hago fotos. El d\u00eda a pesar de estar nublado y poco despejado, bajo las nubes la visibilidad es excelente. El refugio desaparece de nuestra vista y enfrente de nosotros, arriba, va apareciendo poco a poco y a medida que ascendemos la cima del Bishorn que en un principio no distinguimos: una suave loma nevada, helada del glaciar a la derecha y un piquito a la izquierda, forman la parte m\u00e1s alta de esta subida.<\/p>\n<p>A pesar de lo fuerte que est\u00e1n las chicas, Leti comienza a quejarse de fuertes dolores en la espalda por el esfuerzo y caminata. Dolores que cada vez nos hacen parar m\u00e1s a menudo y por las que tengo que estirar de la cuerda para que mis compa\u00f1eras de cordada sigan subiendo conmigo \u00a1\u00a1Ahora entiendo a aquellos gu\u00edas de Sudam\u00e9rica cuando nos \u201carrastraban\u201d glaciar arriba hacia la cumbre de aquellas altas monta\u00f1as!!<\/p>\n<div id=\"attachment_40126\" style=\"width: 1034px\" class=\"wp-caption aligncenter\"><a class=\"dt-single-image\" href=\"https:\/\/www.monta\u00f1asdelaluna.es\/wp-content\/uploads\/2019\/08\/subiendo-el-bishorn-por-el-glaciar-turtmann.jpg\" data-dt-img-description=\"\"><img loading=\"lazy\" decoding=\"async\" aria-describedby=\"caption-attachment-40126\" class=\"wp-image-40126 size-large\" src=\"https:\/\/www.monta\u00f1asdelaluna.es\/wp-content\/uploads\/2019\/08\/subiendo-el-bishorn-por-el-glaciar-turtmann-1024x683.jpg\" alt=\"Subiendo el Bishorn por el Glaciar Turtmann\" width=\"1024\" height=\"683\" srcset=\"https:\/\/www.monta\u00f1asdelaluna.es\/wp-content\/uploads\/2019\/08\/subiendo-el-bishorn-por-el-glaciar-turtmann-1024x683.jpg 1024w, https:\/\/www.monta\u00f1asdelaluna.es\/wp-content\/uploads\/2019\/08\/subiendo-el-bishorn-por-el-glaciar-turtmann-300x200.jpg 300w, https:\/\/www.monta\u00f1asdelaluna.es\/wp-content\/uploads\/2019\/08\/subiendo-el-bishorn-por-el-glaciar-turtmann.jpg 1788w\" sizes=\"auto, (max-width: 1024px) 100vw, 1024px\" \/><\/a><p id=\"caption-attachment-40126\" class=\"wp-caption-text\">Subiendo el Bishorn por el Glaciar Turtmann<\/p><\/div>\n<div id=\"attachment_40128\" style=\"width: 1034px\" class=\"wp-caption aligncenter\"><a class=\"dt-single-image\" href=\"https:\/\/www.monta\u00f1asdelaluna.es\/wp-content\/uploads\/2019\/08\/delante-leti-subiendo-al-bishorn.jpg\" data-dt-img-description=\"\"><img loading=\"lazy\" decoding=\"async\" aria-describedby=\"caption-attachment-40128\" class=\"wp-image-40128 size-large\" src=\"https:\/\/www.monta\u00f1asdelaluna.es\/wp-content\/uploads\/2019\/08\/delante-leti-subiendo-al-bishorn-1024x683.jpg\" alt=\"Delante Leti subiendo al Bishorn\" width=\"1024\" height=\"683\" srcset=\"https:\/\/www.monta\u00f1asdelaluna.es\/wp-content\/uploads\/2019\/08\/delante-leti-subiendo-al-bishorn-1024x683.jpg 1024w, https:\/\/www.monta\u00f1asdelaluna.es\/wp-content\/uploads\/2019\/08\/delante-leti-subiendo-al-bishorn-300x200.jpg 300w, https:\/\/www.monta\u00f1asdelaluna.es\/wp-content\/uploads\/2019\/08\/delante-leti-subiendo-al-bishorn.jpg 1788w\" sizes=\"auto, (max-width: 1024px) 100vw, 1024px\" \/><\/a><p id=\"caption-attachment-40128\" class=\"wp-caption-text\">Delante Leti subiendo al Bishorn<\/p><\/div>\n<p>El dolor en Leti se intensifica. Dice que no puede seguir. Se para cada vez m\u00e1s. Le digo que haga un peque\u00f1o esfuerzo hasta la siguiente parte m\u00e1s llana de la ascensi\u00f3n y que all\u00ed descanse y decida\u2026 porque si la hago subir con ese dolor y sin la esperanza de llegar a una zona m\u00e1s f\u00e1cil o menos empinada, se hubiera bajado enseguida. Esto lo hacemos como dos o tres veces; estamos retrasando al resto de cordadas que al final nos adelantaran a 100 o 200 metros de la cima. Vemos otras cordadas que ya comienzan a bajar. Leti impaciente les pregunta en su perfecto ingl\u00e9s si queda mucho, que como est\u00e1 la subida\u2026 las preguntas habituales de alguien que quiere que este \u201csufrimiento\u201d acabe pronto.<\/p>\n<p>Enseguida llegamos a una especie de plateau. El resto de cordadas del grupo ya est\u00e1n en los \u00faltimos metros a la cima o en la misma cima. Les hago preciosas fotos. Comprobamos entonces que la cima es el domo de la derecha, y que el piquito rocoso es otra cima, algo m\u00e1s baja pero que tambi\u00e9n cuenta (seg\u00fan Luis Guerrero) \u2026 hay una huella que sube a este piquito piramidal, lo han subida otros monta\u00f1eros.<\/p>\n<div id=\"attachment_40130\" style=\"width: 1034px\" class=\"wp-caption aligncenter\"><a class=\"dt-single-image\" href=\"https:\/\/www.monta\u00f1asdelaluna.es\/wp-content\/uploads\/2019\/08\/subiendo-al-bishorn.jpg\" data-dt-img-description=\"\"><img loading=\"lazy\" decoding=\"async\" aria-describedby=\"caption-attachment-40130\" class=\"wp-image-40130 size-large\" src=\"https:\/\/www.monta\u00f1asdelaluna.es\/wp-content\/uploads\/2019\/08\/subiendo-al-bishorn-1024x683.jpg\" alt=\"Subiendo al Bishorn\" width=\"1024\" height=\"683\" srcset=\"https:\/\/www.monta\u00f1asdelaluna.es\/wp-content\/uploads\/2019\/08\/subiendo-al-bishorn-1024x683.jpg 1024w, https:\/\/www.monta\u00f1asdelaluna.es\/wp-content\/uploads\/2019\/08\/subiendo-al-bishorn-300x200.jpg 300w, https:\/\/www.monta\u00f1asdelaluna.es\/wp-content\/uploads\/2019\/08\/subiendo-al-bishorn.jpg 1788w\" sizes=\"auto, (max-width: 1024px) 100vw, 1024px\" \/><\/a><p id=\"caption-attachment-40130\" class=\"wp-caption-text\">Subiendo al Bishorn<\/p><\/div>\n<div id=\"attachment_40135\" style=\"width: 1034px\" class=\"wp-caption aligncenter\"><a class=\"dt-single-image\" href=\"https:\/\/www.monta\u00f1asdelaluna.es\/wp-content\/uploads\/2019\/08\/cima-del-bishorn.jpg\" data-dt-img-description=\"\"><img loading=\"lazy\" decoding=\"async\" aria-describedby=\"caption-attachment-40135\" class=\"wp-image-40135 size-large\" src=\"https:\/\/www.monta\u00f1asdelaluna.es\/wp-content\/uploads\/2019\/08\/cima-del-bishorn-1024x683.jpg\" alt=\"Cima del Bishorn\" width=\"1024\" height=\"683\" srcset=\"https:\/\/www.monta\u00f1asdelaluna.es\/wp-content\/uploads\/2019\/08\/cima-del-bishorn-1024x683.jpg 1024w, https:\/\/www.monta\u00f1asdelaluna.es\/wp-content\/uploads\/2019\/08\/cima-del-bishorn-300x200.jpg 300w, https:\/\/www.monta\u00f1asdelaluna.es\/wp-content\/uploads\/2019\/08\/cima-del-bishorn.jpg 1788w\" sizes=\"auto, (max-width: 1024px) 100vw, 1024px\" \/><\/a><p id=\"caption-attachment-40135\" class=\"wp-caption-text\">Cima del Bishorn<\/p><\/div>\n<div id=\"attachment_40136\" style=\"width: 1034px\" class=\"wp-caption aligncenter\"><a class=\"dt-single-image\" href=\"https:\/\/www.monta\u00f1asdelaluna.es\/wp-content\/uploads\/2019\/08\/leti-e-isa-llegando-a-la-cima-del-bishorn.jpg\" data-dt-img-description=\"\"><img loading=\"lazy\" decoding=\"async\" aria-describedby=\"caption-attachment-40136\" class=\"wp-image-40136 size-large\" src=\"https:\/\/www.monta\u00f1asdelaluna.es\/wp-content\/uploads\/2019\/08\/leti-e-isa-llegando-a-la-cima-del-bishorn-1024x683.jpg\" alt=\"Leti e Isa llegando a la cima del Bishorn\" width=\"1024\" height=\"683\" srcset=\"https:\/\/www.monta\u00f1asdelaluna.es\/wp-content\/uploads\/2019\/08\/leti-e-isa-llegando-a-la-cima-del-bishorn-1024x683.jpg 1024w, https:\/\/www.monta\u00f1asdelaluna.es\/wp-content\/uploads\/2019\/08\/leti-e-isa-llegando-a-la-cima-del-bishorn-300x200.jpg 300w, https:\/\/www.monta\u00f1asdelaluna.es\/wp-content\/uploads\/2019\/08\/leti-e-isa-llegando-a-la-cima-del-bishorn.jpg 1788w\" sizes=\"auto, (max-width: 1024px) 100vw, 1024px\" \/><\/a><p id=\"caption-attachment-40136\" class=\"wp-caption-text\">Leti e Isa llegando a la cima del Bishorn<\/p><\/div>\n<p>El casi llano plateau acaba en un blanco cordal de hielo que une el piquito con la cima, y que subi\u00e9ndonos a \u00e9ste y girando a la derecha por un peque\u00f1o y estrecho (pero nada peligroso) pasillo de hielo, nos deja en una subida escalonada, en la cima del Bishorn a la derecha, a 4.153 mts. de altitud.<\/p>\n<p>Estamos todos en la cima. Es una pena que est\u00e9 nublado, cubierto, con nubes que van y vienen y nos tapan las incre\u00edbles vistas que esta monta\u00f1a tiene. Siguiente al pico una formidable y temible cresta y puntas, alta punta, del Weisshorn, humeando como una monta\u00f1a en llamas, recorrida por esas nubes el altivo perfil de esta escarpada y preciosa monta\u00f1a. El resto del paisaje, mirando al Mattertal, no se ve por las nubes, que incluso deber\u00edamos ver el Cervino, Monte Rosa\u2026 \u00a1\u00a1l\u00e1stima!!, pero hemos llegado todos a la cima.<\/p>\n<p>Nos descordamos; ya que vamos de ac\u00e1 para all\u00e1 y podemos pisar la cuerda peligrosamente con los crampones. Nos hacemos fotos de cumbre. Nos felicitamos. Felicito a los chicos por esta exitosa actividad\u2026 ahora solo queda la f\u00e1cil y r\u00e1pida bajada deshaciendo lo caminado. Por suerte el recorrido est\u00e1 muy claro y se\u00f1alado por una senda, un caminito dibujado por el pasar de los alpinistas que suben y bajan esta f\u00e1cil monta\u00f1a. Muy bien para iniciarse en la alta monta\u00f1a alpina, perfecta.<\/p>\n<p>Estamos solos en la cima, el resto de grupos y cordadas ya est\u00e1n de vuelta cuando la \u00faltima cordada de nuestro grupo llegaba al plateau de arriba. Ya es hora de bajar y emprendemos la bajada cordada por cordada, la nuestra (las chicas y yo) seremos los \u00faltimos. La bajada del pico, esos escalones, no son peligrosos, pero hay que prestar atenci\u00f3n, y yo como buen gu\u00eda tenso la cuerda de mis chicas para que un desequilibrio no las haga caer glaciar abajo.<\/p>\n<div id=\"attachment_40139\" style=\"width: 1034px\" class=\"wp-caption aligncenter\"><a class=\"dt-single-image\" href=\"https:\/\/www.monta\u00f1asdelaluna.es\/wp-content\/uploads\/2019\/08\/nuria-en-la-cima-del-bishorn-mirando-hacia-la-cresta-y-cubierto-pico-weisshorn.jpg\" data-dt-img-description=\"\"><img loading=\"lazy\" decoding=\"async\" aria-describedby=\"caption-attachment-40139\" class=\"wp-image-40139 size-large\" src=\"https:\/\/www.monta\u00f1asdelaluna.es\/wp-content\/uploads\/2019\/08\/nuria-en-la-cima-del-bishorn-mirando-hacia-la-cresta-y-cubierto-pico-weisshorn-1024x768.jpg\" alt=\"Nuria en la cima del Bishorn mirando hacia la cresta y cubierto pico Weisshorn\" width=\"1024\" height=\"768\" srcset=\"https:\/\/www.monta\u00f1asdelaluna.es\/wp-content\/uploads\/2019\/08\/nuria-en-la-cima-del-bishorn-mirando-hacia-la-cresta-y-cubierto-pico-weisshorn-1024x768.jpg 1024w, https:\/\/www.monta\u00f1asdelaluna.es\/wp-content\/uploads\/2019\/08\/nuria-en-la-cima-del-bishorn-mirando-hacia-la-cresta-y-cubierto-pico-weisshorn-300x225.jpg 300w, https:\/\/www.monta\u00f1asdelaluna.es\/wp-content\/uploads\/2019\/08\/nuria-en-la-cima-del-bishorn-mirando-hacia-la-cresta-y-cubierto-pico-weisshorn.jpg 1720w\" sizes=\"auto, (max-width: 1024px) 100vw, 1024px\" \/><\/a><p id=\"caption-attachment-40139\" class=\"wp-caption-text\">Nuria en la cima del Bishorn mirando hacia la cresta y cubierto pico Weisshorn<\/p><\/div>\n<div id=\"attachment_40142\" style=\"width: 1034px\" class=\"wp-caption aligncenter\"><a class=\"dt-single-image\" href=\"https:\/\/www.monta\u00f1asdelaluna.es\/wp-content\/uploads\/2019\/08\/cima-del-bishorn-4-153-mts-de-izquierda-a-derecha-y-de-arriba-a-abajo-leti-luis-segura-luis-guerrero-david-joaquin-terres-nuria-vicente-roberto-e-isa.jpg\" data-dt-img-description=\"\"><img loading=\"lazy\" decoding=\"async\" aria-describedby=\"caption-attachment-40142\" class=\"wp-image-40142 size-large\" src=\"https:\/\/www.monta\u00f1asdelaluna.es\/wp-content\/uploads\/2019\/08\/cima-del-bishorn-4-153-mts-de-izquierda-a-derecha-y-de-arriba-a-abajo-leti-luis-segura-luis-guerrero-david-joaquin-terres-nuria-vicente-roberto-e-isa-1024x576.jpg\" alt=\"Cima del Bishorn, 4.153 mts., de izquierda a derecha y de arriba a abajo: Leti, Luis Segura, Luis Guerrero, David, Joaqu\u00edn Terr\u00e9s, Nuria, Vicente, Roberto e Isa\" width=\"1024\" height=\"576\" srcset=\"https:\/\/www.monta\u00f1asdelaluna.es\/wp-content\/uploads\/2019\/08\/cima-del-bishorn-4-153-mts-de-izquierda-a-derecha-y-de-arriba-a-abajo-leti-luis-segura-luis-guerrero-david-joaquin-terres-nuria-vicente-roberto-e-isa-1024x576.jpg 1024w, https:\/\/www.monta\u00f1asdelaluna.es\/wp-content\/uploads\/2019\/08\/cima-del-bishorn-4-153-mts-de-izquierda-a-derecha-y-de-arriba-a-abajo-leti-luis-segura-luis-guerrero-david-joaquin-terres-nuria-vicente-roberto-e-isa-300x169.jpg 300w, https:\/\/www.monta\u00f1asdelaluna.es\/wp-content\/uploads\/2019\/08\/cima-del-bishorn-4-153-mts-de-izquierda-a-derecha-y-de-arriba-a-abajo-leti-luis-segura-luis-guerrero-david-joaquin-terres-nuria-vicente-roberto-e-isa.jpg 1600w\" sizes=\"auto, (max-width: 1024px) 100vw, 1024px\" \/><\/a><p id=\"caption-attachment-40142\" class=\"wp-caption-text\">Cima del Bishorn, 4.153 mts., de izquierda a derecha y de arriba a abajo: Leti, Luis Segura, Luis Guerrero, David, Joaqu\u00edn Terr\u00e9s, Nuria, Vicente, Roberto e Isa<\/p><\/div>\n<p>Las nubes y nieblas de nuevo cubren la monta\u00f1a en el comienzo de esta bajada. El resto de cordadas del grupo bajan bien, r\u00e1pidas deshaciendo el camino. Las chicas tambi\u00e9n bajan r\u00e1pidas y llegamos a alcanzar a la \u00faltima cordada delante nuestro. Hay zonas donde la nieve ya se ha ablandado y les advierto de ver donde pisan no sea que est\u00e9n cubriendo una peque\u00f1a grieta del glaciar y se hunda el puente de nieve bajo su pie. Pero por suerte el glaciar est\u00e1 muy bien y apenas tiene peque\u00f1as grietas en el recorrido\u2026 da la sensaci\u00f3n de que comienzan a formarse o a abrirse ahora las grietas del glaciar.<\/p>\n<p>Llegamos a la parte baja de la pala ondulada, larga y empinada del glaciar que nos ha subido hasta la cima de la monta\u00f1a, para girar ahora hacia la izquierda y oeste en busca del refugio, que ya lo vemos, al otro lado del glaciar. Ahora cruzaremos la parte m\u00e1s horizontal del recorrido del glaciar que de una parte nos llevaba a la otra, pasando por en medio del mismo sin perder altura. Aqu\u00ed Leti ya ha recuperado su fuerza y entusiasmo y es ella la que estira de m\u00ed a la hora de caminar y regresar al refugio.<\/p>\n<p>Pasando por la zona de hielo vivo del glaciar me sorprendo por la reacci\u00f3n de Leti al comprobar las grietas en el mismo hielo. S\u00ed que hay grietas, dice. Pero enseguida el suave perfil ondulado del glaciar nos deja en los neveros cercanos a la roca o loma rocosa donde se ubica el Refugio Caba\u00f1a de Tracuit.<\/p>\n<div id=\"attachment_40145\" style=\"width: 1034px\" class=\"wp-caption aligncenter\"><a class=\"dt-single-image\" href=\"https:\/\/www.monta\u00f1asdelaluna.es\/wp-content\/uploads\/2019\/08\/bajando-de-la-cima-del-bishorn.jpg\" data-dt-img-description=\"\"><img loading=\"lazy\" decoding=\"async\" aria-describedby=\"caption-attachment-40145\" class=\"wp-image-40145 size-large\" src=\"https:\/\/www.monta\u00f1asdelaluna.es\/wp-content\/uploads\/2019\/08\/bajando-de-la-cima-del-bishorn-1024x683.jpg\" alt=\"Bajando de la cima del Bishorn\" width=\"1024\" height=\"683\" srcset=\"https:\/\/www.monta\u00f1asdelaluna.es\/wp-content\/uploads\/2019\/08\/bajando-de-la-cima-del-bishorn-1024x683.jpg 1024w, https:\/\/www.monta\u00f1asdelaluna.es\/wp-content\/uploads\/2019\/08\/bajando-de-la-cima-del-bishorn-300x200.jpg 300w, https:\/\/www.monta\u00f1asdelaluna.es\/wp-content\/uploads\/2019\/08\/bajando-de-la-cima-del-bishorn.jpg 1788w\" sizes=\"auto, (max-width: 1024px) 100vw, 1024px\" \/><\/a><p id=\"caption-attachment-40145\" class=\"wp-caption-text\">Bajando de la cima del Bishorn<\/p><\/div>\n<div id=\"attachment_40149\" style=\"width: 1034px\" class=\"wp-caption aligncenter\"><a class=\"dt-single-image\" href=\"https:\/\/www.monta\u00f1asdelaluna.es\/wp-content\/uploads\/2019\/08\/bajando-del-bishorn-por-el-glaciar-turtmann-a-la-derecha-leti-e-isa.jpg\" data-dt-img-description=\"\"><img loading=\"lazy\" decoding=\"async\" aria-describedby=\"caption-attachment-40149\" class=\"wp-image-40149 size-large\" src=\"https:\/\/www.monta\u00f1asdelaluna.es\/wp-content\/uploads\/2019\/08\/bajando-del-bishorn-por-el-glaciar-turtmann-a-la-derecha-leti-e-isa-1024x683.jpg\" alt=\"Bajando del Bishorn por el Glaciar Turtmann, a la derecha Leti e Isa\" width=\"1024\" height=\"683\" srcset=\"https:\/\/www.monta\u00f1asdelaluna.es\/wp-content\/uploads\/2019\/08\/bajando-del-bishorn-por-el-glaciar-turtmann-a-la-derecha-leti-e-isa-1024x683.jpg 1024w, https:\/\/www.monta\u00f1asdelaluna.es\/wp-content\/uploads\/2019\/08\/bajando-del-bishorn-por-el-glaciar-turtmann-a-la-derecha-leti-e-isa-300x200.jpg 300w, https:\/\/www.monta\u00f1asdelaluna.es\/wp-content\/uploads\/2019\/08\/bajando-del-bishorn-por-el-glaciar-turtmann-a-la-derecha-leti-e-isa.jpg 1788w\" sizes=\"auto, (max-width: 1024px) 100vw, 1024px\" \/><\/a><p id=\"caption-attachment-40149\" class=\"wp-caption-text\">Bajando del Bishorn por el Glaciar Turtmann, a la derecha Leti e Isa<\/p><\/div>\n<p>Es cerca del mediod\u00eda cuando llegamos al refugio, nos desequipamos y recogemos todo el material guardado en la sala de entrada del mismo refugio, en esas cajas de pl\u00e1stico. Antes me he hecho un lio con la cuerda al recogerla\u2026 parece que est\u00e1 enrollada, liada y no la llego a estirar, eso me perjudicar\u00e1 en la subida a la Dufourspitze\u2026<\/p>\n<p>Una vez hemos comido algo en el comedor del refugio, donde el grupo de Almorad\u00ed nos ha invitado a su companaje, pan y aceite, con queso y otras delicias, nos preparamos para la bajada hasta de nuevo el camping de Zinal donde pasaremos esta noche. Foto de grupo en la puerta, en el balc\u00f3n natural que ofrece o est\u00e1 ubicado el Refugio Caba\u00f1a de Tracuit, aunque con el tiempo a\u00fan con nubes en las cimas de las monta\u00f1as en el paisaje, al menos el sol nos toca ahora para darnos un poco de calor y luz en el comienzo de esta bajada.<\/p>\n<p>La bajada es bien sencilla: solo tenemos que desandar el camino de subida de ayer, el mismo; pero ahora la bajada es m\u00e1s r\u00e1pida y f\u00e1cil al conocer los rincones y el paisaje ya vistos ayer en la subida. Pasamos hacia el collado por la cuerdecilla junto a la roca y la cadena en la bajada hasta la senda entre el pedregal despu\u00e9s, trozos del recorrido que le dan su aspecto m\u00e1s aventurero e interesante a la actividad\u2026 aunque no sea nada peligroso. M\u00e1s abajo del paso y cadena en la roca, la cual bajamos casi a pulso, el frio desaparece y ya va sobrando ropa a medida que bajamos por la zigzagueante senda que nos ha llevado hasta aqu\u00ed arriba, hasta el collado de Tracuit.<\/p>\n<div id=\"attachment_40152\" style=\"width: 1034px\" class=\"wp-caption aligncenter\"><a class=\"dt-single-image\" href=\"https:\/\/www.monta\u00f1asdelaluna.es\/wp-content\/uploads\/2019\/08\/camino-del-refugio-cabana-de-tracuit-cruzando-el-glaciar-de-turtmann-delante-leti-e-isa.jpg\" data-dt-img-description=\"\"><img loading=\"lazy\" decoding=\"async\" aria-describedby=\"caption-attachment-40152\" class=\"wp-image-40152 size-large\" src=\"https:\/\/www.monta\u00f1asdelaluna.es\/wp-content\/uploads\/2019\/08\/camino-del-refugio-cabana-de-tracuit-cruzando-el-glaciar-de-turtmann-delante-leti-e-isa-1024x683.jpg\" alt=\"Camino del Refugio Caba\u00f1a de Tracuit cruzando el Glaciar de Turtmann, delante Leti e Isa\" width=\"1024\" height=\"683\" srcset=\"https:\/\/www.monta\u00f1asdelaluna.es\/wp-content\/uploads\/2019\/08\/camino-del-refugio-cabana-de-tracuit-cruzando-el-glaciar-de-turtmann-delante-leti-e-isa-1024x683.jpg 1024w, https:\/\/www.monta\u00f1asdelaluna.es\/wp-content\/uploads\/2019\/08\/camino-del-refugio-cabana-de-tracuit-cruzando-el-glaciar-de-turtmann-delante-leti-e-isa-300x200.jpg 300w, https:\/\/www.monta\u00f1asdelaluna.es\/wp-content\/uploads\/2019\/08\/camino-del-refugio-cabana-de-tracuit-cruzando-el-glaciar-de-turtmann-delante-leti-e-isa.jpg 1788w\" sizes=\"auto, (max-width: 1024px) 100vw, 1024px\" \/><\/a><p id=\"caption-attachment-40152\" class=\"wp-caption-text\">Camino del Refugio Caba\u00f1a de Tracuit cruzando el Glaciar de Turtmann, delante Leti e Isa<\/p><\/div>\n<div id=\"attachment_40154\" style=\"width: 1034px\" class=\"wp-caption aligncenter\"><a class=\"dt-single-image\" href=\"https:\/\/www.monta\u00f1asdelaluna.es\/wp-content\/uploads\/2019\/08\/saliendo-del-refugio-cabana-de-tracuit-hacia-zinal-de-izquierda-a-derecha-leti-roberto-vicente-nuria-isa-luis-segura-david-tere-joaquin-terres-joaquin-murcia-y-luis-guerrero.jpg\" data-dt-img-description=\"\"><img loading=\"lazy\" decoding=\"async\" aria-describedby=\"caption-attachment-40154\" class=\"wp-image-40154 size-large\" src=\"https:\/\/www.monta\u00f1asdelaluna.es\/wp-content\/uploads\/2019\/08\/saliendo-del-refugio-cabana-de-tracuit-hacia-zinal-de-izquierda-a-derecha-leti-roberto-vicente-nuria-isa-luis-segura-david-tere-joaquin-terres-joaquin-murcia-y-luis-guerrero-1024x683.jpg\" alt=\"Saliendo del Refugio Caba\u00f1a de Tracuit hacia Zinal. De izquierda a derecha: Leti, Roberto, Vicente, Nuria, Isa, Luis Segura, David, Tere, Joaqu\u00edn Terr\u00e9s, Joaqu\u00edn Murcia y Luis Guerrero\" width=\"1024\" height=\"683\" srcset=\"https:\/\/www.monta\u00f1asdelaluna.es\/wp-content\/uploads\/2019\/08\/saliendo-del-refugio-cabana-de-tracuit-hacia-zinal-de-izquierda-a-derecha-leti-roberto-vicente-nuria-isa-luis-segura-david-tere-joaquin-terres-joaquin-murcia-y-luis-guerrero-1024x683.jpg 1024w, https:\/\/www.monta\u00f1asdelaluna.es\/wp-content\/uploads\/2019\/08\/saliendo-del-refugio-cabana-de-tracuit-hacia-zinal-de-izquierda-a-derecha-leti-roberto-vicente-nuria-isa-luis-segura-david-tere-joaquin-terres-joaquin-murcia-y-luis-guerrero-300x200.jpg 300w, https:\/\/www.monta\u00f1asdelaluna.es\/wp-content\/uploads\/2019\/08\/saliendo-del-refugio-cabana-de-tracuit-hacia-zinal-de-izquierda-a-derecha-leti-roberto-vicente-nuria-isa-luis-segura-david-tere-joaquin-terres-joaquin-murcia-y-luis-guerrero.jpg 1788w\" sizes=\"auto, (max-width: 1024px) 100vw, 1024px\" \/><\/a><p id=\"caption-attachment-40154\" class=\"wp-caption-text\">Saliendo del Refugio Caba\u00f1a de Tracuit hacia Zinal. De izquierda a derecha: Leti, Roberto, Vicente, Nuria, Isa, Luis Segura, David, Tere, Joaqu\u00edn Terr\u00e9s, Joaqu\u00edn Murcia y Luis Guerrero<\/p><\/div>\n<p>Larga pero f\u00e1cil, la bajada por la senda que nos lleva hasta la caba\u00f1a de Combautanna se hace amena cuando puedes charlar y admirar el paisaje de las altas monta\u00f1as alpinas y los pr\u00f3ximos monta\u00f1eros que quieren llegar hasta el Refugio Caba\u00f1a de Tracuit. Uno incluso con una mountain bike el\u00e9ctrica\u2026 fabuloso.<\/p>\n<p>Al final el grupo se estira, los que vamos por delante ya estamos deseando llegar al camping de Zinal y descalzarnos estos botones. Casi todos coincidimos en el cruce cuando la senda que sube al nombrado refugio se cruza con la que viene del Hotel Weisshorn hacia el Refugio Caba\u00f1a de Mountet, la que recorre todo el valle de la Val d\u2019Anniviers a cierta altura, y hace una bajada considerable para abrirse al valle de Zinal, justo en ese escal\u00f3n, ese balc\u00f3n que forma la ladera del valle. Seguimos hacia abajo y derecha, en busca de Zinal, girando del suroeste a norte. Tenemos que dejar por unos metros la Roc de La Vache a nuestra espalda. Seguidamente giramos hacia abajo e izquierda despu\u00e9s de seguir esos metros por la nombrada senda horizontal, dej\u00e1ndonos guiar por los carteles indicadores: Zinal.<\/p>\n<p>Realmente seguimos desandando lo recorrido ayer en la subida al refugio. No hemos variado en nada el recorrido de ascenso. All\u00e1 abajo ya vemos Zinal mientras volvemos a internarnos en los terrenos de Le Chiesso cerca de sus vacas, ganado vacuno, desparece de nuestra vista la poblaci\u00f3n de Zinal por los bosques y vegetaci\u00f3n por la que ya nos comenzamos a internar. La misma senda. Hay alguna pareja m\u00e1s que pasea por estos caminos, ya que est\u00e1n se\u00f1alizados y no hay problemas en pasear por estas alturas del valle.<\/p>\n<div id=\"attachment_40161\" style=\"width: 1034px\" class=\"wp-caption aligncenter\"><a class=\"dt-single-image\" href=\"https:\/\/www.monta\u00f1asdelaluna.es\/wp-content\/uploads\/2019\/08\/bajando-del-collado-de-tracuit.jpg\" data-dt-img-description=\"\"><img loading=\"lazy\" decoding=\"async\" aria-describedby=\"caption-attachment-40161\" class=\"wp-image-40161 size-large\" src=\"https:\/\/www.monta\u00f1asdelaluna.es\/wp-content\/uploads\/2019\/08\/bajando-del-collado-de-tracuit-1024x683.jpg\" alt=\"Bajando del collado de Tracuit\" width=\"1024\" height=\"683\" srcset=\"https:\/\/www.monta\u00f1asdelaluna.es\/wp-content\/uploads\/2019\/08\/bajando-del-collado-de-tracuit-1024x683.jpg 1024w, https:\/\/www.monta\u00f1asdelaluna.es\/wp-content\/uploads\/2019\/08\/bajando-del-collado-de-tracuit-300x200.jpg 300w, https:\/\/www.monta\u00f1asdelaluna.es\/wp-content\/uploads\/2019\/08\/bajando-del-collado-de-tracuit.jpg 1788w\" sizes=\"auto, (max-width: 1024px) 100vw, 1024px\" \/><\/a><p id=\"caption-attachment-40161\" class=\"wp-caption-text\">Bajando del collado de Tracuit<\/p><\/div>\n<div id=\"attachment_40162\" style=\"width: 1034px\" class=\"wp-caption aligncenter\"><a class=\"dt-single-image\" href=\"https:\/\/www.monta\u00f1asdelaluna.es\/wp-content\/uploads\/2019\/08\/bajando-del-collado-de-tracuit-el-zinalrothorn-cubierto-a-la-izquierda-el-besso-en-el-centro-y-el-pigne-de-la-le-a-la-derecha.jpg\" data-dt-img-description=\"\"><img loading=\"lazy\" decoding=\"async\" aria-describedby=\"caption-attachment-40162\" class=\"wp-image-40162 size-large\" src=\"https:\/\/www.monta\u00f1asdelaluna.es\/wp-content\/uploads\/2019\/08\/bajando-del-collado-de-tracuit-el-zinalrothorn-cubierto-a-la-izquierda-el-besso-en-el-centro-y-el-pigne-de-la-le-a-la-derecha-1024x683.jpg\" alt=\"Bajando del collado de Tracuit, el Zinalrothorn cubierto a la izquierda, El Besso en el centro y el Pigne de La L\u00e8 a la derecha\" width=\"1024\" height=\"683\" srcset=\"https:\/\/www.monta\u00f1asdelaluna.es\/wp-content\/uploads\/2019\/08\/bajando-del-collado-de-tracuit-el-zinalrothorn-cubierto-a-la-izquierda-el-besso-en-el-centro-y-el-pigne-de-la-le-a-la-derecha-1024x683.jpg 1024w, https:\/\/www.monta\u00f1asdelaluna.es\/wp-content\/uploads\/2019\/08\/bajando-del-collado-de-tracuit-el-zinalrothorn-cubierto-a-la-izquierda-el-besso-en-el-centro-y-el-pigne-de-la-le-a-la-derecha-300x200.jpg 300w, https:\/\/www.monta\u00f1asdelaluna.es\/wp-content\/uploads\/2019\/08\/bajando-del-collado-de-tracuit-el-zinalrothorn-cubierto-a-la-izquierda-el-besso-en-el-centro-y-el-pigne-de-la-le-a-la-derecha.jpg 1788w\" sizes=\"auto, (max-width: 1024px) 100vw, 1024px\" \/><\/a><p id=\"caption-attachment-40162\" class=\"wp-caption-text\">Bajando del collado de Tracuit, el Zinalrothorn cubierto a la izquierda, El Besso en el centro y el Pigne de La L\u00e8 a la derecha<\/p><\/div>\n<p>Entre Le Chiesso y Zinal el grupo en cabeza se estira y nos perdemos entre la vegetaci\u00f3n y bosques de las laderas que rodea Zinal. Pero no perdemos la vista uno del otro, a una distancia considerable, para no perder el camino correcto. Delante de m\u00ed est\u00e1 Isa, la cual miro en la distancia cada vez que encuentro un cruce o dudo del camino en mi bajada en solitario\u2026 hasta que llego por fin a las calles de Zinal.<\/p>\n<p>Un simp\u00e1tico saludo de una suicita guapa y rubia, es la bienvenida a Zinal. Al cabo de poco tiempo, desandando tambi\u00e9n las calles y carretera de la poblaci\u00f3n, llegamos a eso de las 18 horas al camping de Zinal donde a\u00fan se mantienen en pie las tiendas de campa\u00f1a, y donde sigue estando medio vac\u00edo con 2 o 3 tiendas m\u00e1s.<\/p>\n<p>Poco a poco van llegando el resto del grupo. Todos menos Tere (que no atac\u00f3 la cima) hemos hecho cima en el Bishorn y toca celebrarlo. Esta vez los chicos agregados del grupo (los de mi coche), iremos al supermercado del pueblo a comprar algo de comida para hacerlos una suculenta y Vegabejense cena.<\/p>\n<div id=\"attachment_40163\" style=\"width: 1034px\" class=\"wp-caption aligncenter\"><a class=\"dt-single-image\" href=\"https:\/\/www.monta\u00f1asdelaluna.es\/wp-content\/uploads\/2019\/08\/abajo-queda-zinal.jpg\" data-dt-img-description=\"\"><img loading=\"lazy\" decoding=\"async\" aria-describedby=\"caption-attachment-40163\" class=\"wp-image-40163 size-large\" src=\"https:\/\/www.monta\u00f1asdelaluna.es\/wp-content\/uploads\/2019\/08\/abajo-queda-zinal-1024x683.jpg\" alt=\"Abajo queda Zinal\" width=\"1024\" height=\"683\" srcset=\"https:\/\/www.monta\u00f1asdelaluna.es\/wp-content\/uploads\/2019\/08\/abajo-queda-zinal-1024x683.jpg 1024w, https:\/\/www.monta\u00f1asdelaluna.es\/wp-content\/uploads\/2019\/08\/abajo-queda-zinal-300x200.jpg 300w, https:\/\/www.monta\u00f1asdelaluna.es\/wp-content\/uploads\/2019\/08\/abajo-queda-zinal.jpg 1788w\" sizes=\"auto, (max-width: 1024px) 100vw, 1024px\" \/><\/a><p id=\"caption-attachment-40163\" class=\"wp-caption-text\">Abajo queda Zinal<\/p><\/div>\n<div id=\"attachment_40178\" style=\"width: 1034px\" class=\"wp-caption aligncenter\"><a class=\"dt-single-image\" href=\"https:\/\/www.monta\u00f1asdelaluna.es\/wp-content\/uploads\/2019\/08\/cenando-en-el-camping-de-zinal-de-izquierda-a-derecha-joaquin-murcia-tere-david-luis-guerrero-joaquin-terres-luis-segura-isa-roberto-leti-nuria-y-vicente.jpg\" data-dt-img-description=\"\"><img loading=\"lazy\" decoding=\"async\" aria-describedby=\"caption-attachment-40178\" class=\"wp-image-40178 size-large\" src=\"https:\/\/www.monta\u00f1asdelaluna.es\/wp-content\/uploads\/2019\/08\/cenando-en-el-camping-de-zinal-de-izquierda-a-derecha-joaquin-murcia-tere-david-luis-guerrero-joaquin-terres-luis-segura-isa-roberto-leti-nuria-y-vicente-1024x768.jpg\" alt=\"Cenando en el camping de Zinal, de izquierda a derecha: Joaqu\u00edn Murcia, Tere, David, Luis Guerrero, Joaqu\u00edn Terr\u00e9s, Luis Segura, Isa, Roberto, Leti, Nuria y Vicente\" width=\"1024\" height=\"768\" srcset=\"https:\/\/www.monta\u00f1asdelaluna.es\/wp-content\/uploads\/2019\/08\/cenando-en-el-camping-de-zinal-de-izquierda-a-derecha-joaquin-murcia-tere-david-luis-guerrero-joaquin-terres-luis-segura-isa-roberto-leti-nuria-y-vicente-1024x768.jpg 1024w, https:\/\/www.monta\u00f1asdelaluna.es\/wp-content\/uploads\/2019\/08\/cenando-en-el-camping-de-zinal-de-izquierda-a-derecha-joaquin-murcia-tere-david-luis-guerrero-joaquin-terres-luis-segura-isa-roberto-leti-nuria-y-vicente-300x225.jpg 300w, https:\/\/www.monta\u00f1asdelaluna.es\/wp-content\/uploads\/2019\/08\/cenando-en-el-camping-de-zinal-de-izquierda-a-derecha-joaquin-murcia-tere-david-luis-guerrero-joaquin-terres-luis-segura-isa-roberto-leti-nuria-y-vicente.jpg 1296w\" sizes=\"auto, (max-width: 1024px) 100vw, 1024px\" \/><\/a><p id=\"caption-attachment-40178\" class=\"wp-caption-text\">Cenando en el camping de Zinal, de izquierda a derecha: Joaqu\u00edn Murcia, Tere, David, Luis Guerrero, Joaqu\u00edn Terr\u00e9s, Luis Segura, Isa, Roberto, Leti, Nuria y Vicente<\/p><\/div>\n<p>Despu\u00e9s de ordenar el material y recoger las mochilas, y poco antes de anochecer, nos apropiamos de una de las mesas de madera con bancos cerca del restaurante del camping para comernos esa cena con platos y ensaladas de las que se cocinan en la Vega Baja. Fotos, convivencia y buena comida. Las patatas fritas La Pilarica no pueden faltar en la dieta de alguien de Benej\u00fazar \u00a1\u00a1Que buena cena y nostalgia!! Con esa buena comida de la Vega Baja\u2026<\/p>\n<p>Y de nuevo nos vamos a dormir. Otra vez me toca la tienda de Vicente y Nuria. Ma\u00f1ana tenemos que dejar la Vall d\u2019Anniviers y Zinal para acercarnos al Mattertal y a Zermatt. Manolet nos ha reservado plaza en el albergue del tur\u00edstico pueblo\u2026 el Monte Rosa y las vistas al impresionante Cervino nos esperan\u2026 \u00bfpodremos en esta ocasi\u00f3n llegar a la cima de la Punta Dufour? Ya han pasado 14 a\u00f1os desde aquel intento con Trino, Quique y Jes\u00fas Santana\u2026 creo que estoy preparado para conquistarlo por fin.<\/p>\n<div id=\"attachment_40216\" style=\"width: 1179px\" class=\"wp-caption aligncenter\"><a class=\"dt-single-image\" href=\"https:\/\/www.monta\u00f1asdelaluna.es\/wp-content\/uploads\/2019\/07\/BishornCroquis.web_.jpg\" data-dt-img-description=\"\"><img loading=\"lazy\" decoding=\"async\" aria-describedby=\"caption-attachment-40216\" class=\"wp-image-40216 size-full\" src=\"https:\/\/www.monta\u00f1asdelaluna.es\/wp-content\/uploads\/2019\/07\/BishornCroquis.web_.jpg\" alt=\"Croquis de la ascensi\u00f3n al Bishorn y bajada a Zinal. Punto Rojo: Camping de Zinal\" width=\"1169\" height=\"727\" srcset=\"https:\/\/www.monta\u00f1asdelaluna.es\/wp-content\/uploads\/2019\/07\/BishornCroquis.web_.jpg 1169w, https:\/\/www.monta\u00f1asdelaluna.es\/wp-content\/uploads\/2019\/07\/BishornCroquis.web_-300x187.jpg 300w, https:\/\/www.monta\u00f1asdelaluna.es\/wp-content\/uploads\/2019\/07\/BishornCroquis.web_-1024x637.jpg 1024w\" sizes=\"auto, (max-width: 1169px) 100vw, 1169px\" \/><\/a><p id=\"caption-attachment-40216\" class=\"wp-caption-text\">Croquis de la ascensi\u00f3n al Bishorn y bajada a Zinal. Punto Rojo: Camping de Zinal<\/p><\/div>\n<p>[\/vc_column_text][\/vc_column][\/vc_row][vc_row][vc_column][vc_empty_space height=\u00bb60px\u00bb][\/vc_column][\/vc_row][vc_row][vc_column][vc_cta h2=\u00bb\u00c1lbum de fotos\u00bb txt_align=\u00bbcenter\u00bb add_button=\u00bbbottom\u00bb btn_title=\u00bbVer fotos\u00bb btn_color=\u00bbwarning\u00bb btn_align=\u00bbcenter\u00bb btn_link=\u00bburl:https%3A%2F%2Fmonta%C3%B1asdelaluna.es%2F%3Fdt_gallery%3Dbishorn-4-153-mts-y-zermatt-2|title:Bishorn%20(4.153%20mts.)%20y%20Zermatt|target:_blank\u00bb css=\u00bb.vc_custom_1625649852723{background-color: #8bc4ed !important;}\u00bb]Puedes ver todas las fotos de Bishorn (4.153 mts.) y Zermatt en forma de presentaci\u00f3n o individuales pinchando aqui \u00a1No te las pierdas![\/vc_cta][\/vc_column][\/vc_row][vc_row][vc_column][vc_empty_space height=\u00bb60px\u00bb][\/vc_column][\/vc_row][vc_row][vc_column width=\u00bb1\/6&#8243;][\/vc_column][vc_column width=\u00bb1\/3&#8243;][vc_raw_html]JTNDaWZyYW1lJTIwc3JjJTNEJTIyaHR0cHMlM0ElMkYlMkZ3d3cubWV0ZW9ibHVlLmNvbSUyRmVzJTJGdGllbXBvJTJGd2lkZ2V0JTJGZGFpbHklMkZiaXNob3JuX3N1aXphXzY2OTIxMzQlM0ZnZW9sb2MlM0RmaXhlZCUyNmRheXMlM0Q3JTI2dGVtcHVuaXQlM0RDRUxTSVVTJTI2d2luZHVuaXQlM0RLSUxPTUVURVJfUEVSX0hPVVIlMjZwcmVjaXB1bml0JTNETUlMTElNRVRFUiUyNmNvbG91cmVkJTNEY29sb3VyZWQlMjZwaWN0b2ljb24lM0QwJTI2cGljdG9pY29uJTNEMSUyNm1heHRlbXBlcmF0dXJlJTNEMCUyNm1heHRlbXBlcmF0dXJlJTNEMSUyNm1pbnRlbXBlcmF0dXJlJTNEMCUyNm1pbnRlbXBlcmF0dXJlJTNEMSUyNndpbmRzcGVlZCUzRDAlMjZ3aW5kc3BlZWQlM0QxJTI2d2luZGd1c3QlM0QwJTI2d2luZGd1c3QlM0QxJTI2d2luZGRpcmVjdGlvbiUzRDAlMjZ3aW5kZGlyZWN0aW9uJTNEMSUyNnV2JTNEMCUyNmh1bWlkaXR5JTNEMCUyNnByZWNpcGl0YXRpb24lM0QwJTI2cHJlY2lwaXRhdGlvbiUzRDElMjZwcmVjaXBpdGF0aW9ucHJvYmFiaWxpdHklM0QwJTI2cHJlY2lwaXRhdGlvbnByb2JhYmlsaXR5JTNEMSUyNnNwb3QlM0QwJTI2c3BvdCUzRDElMjZwcmVzc3VyZSUzRDAlMjZwcmVzc3VyZSUzRDElMjZsYXlvdXQlM0RsaWdodCUyNmxvY2F0aW9uX3VybCUzRGh0dHBzJTI1M0ElMjUyRiUyNTJGd3d3Lm1ldGVvYmx1ZS5jb20lMjUyRmVzJTI1MkZ0aWVtcG8lMjUyRndpZGdldCUyNTJGZGFpbHklMjUyRmJpc2hvcm5fc3VpemFfNjY5MjEzNCUyNmxvY2F0aW9uX21haW5VcmwlM0RodHRwcyUyNTNBJTI1MkYlMjUyRnd3dy5tZXRlb2JsdWUuY29tJTI1MkZlcyUyNTJGdGllbXBvJTI1MkZzZW1hbmElMjUyRmJpc2hvcm5fc3VpemFfNjY5MjEzNCUyNm5vbG9jYXRpb25fdXJsJTNEaHR0cHMlMjUzQSUyNTJGJTI1MkZ3d3cubWV0ZW9ibHVlLmNvbSUyNTJGZXMlMjUyRnRpZW1wbyUyNTJGd2lkZ2V0JTI1MkZkYWlseSUyNm5vbG9jYXRpb25fbWFpblVybCUzRGh0dHBzJTI1M0ElMjUyRiUyNTJGd3d3Lm1ldGVvYmx1ZS5jb20lMjUyRmVzJTI1MkZ0aWVtcG8lMjUyRnNlbWFuYSUyNTJGaW5kZXglMjZkYWlseXdpZHRoJTNENTQlMjZ0cmFja2luZyUzRCUyNTNGdXRtX3NvdXJjZSUyNTNEd2VhdGhlcl93aWRnZXQlMjUyNnV0bV9tZWRpdW0lMjUzRGxpbmt1cyUyNTI2dXRtX2NvbnRlbnQlMjUzRGRhaWx5JTI1MjZ1dG1fY2FtcGFpZ24lMjUzRFdlYXRoZXIlMjUyNTJCV2lkZ2V0JTIyJTIwJTIwZnJhbWVib3JkZXIlM0QlMjIwJTIyJTIwc2Nyb2xsaW5nJTNEJTIyTk8lMjIlMjBhbGxvd3RyYW5zcGFyZW5jeSUzRCUyMnRydWUlMjIlMjBzYW5kYm94JTNEJTIyYWxsb3ctc2FtZS1vcmlnaW4lMjBhbGxvdy1zY3JpcHRzJTIwYWxsb3ctcG9wdXBzJTIwYWxsb3ctcG9wdXBzLXRvLWVzY2FwZS1zYW5kYm94JTIyJTIwc3R5bGUlM0QlMjJ3aWR0aCUzQSUyMDM3OHB4JTNCaGVpZ2h0JTNBJTIwNDEycHglMjIlM0UlM0MlMkZpZnJhbWUlM0UlM0NkaXYlM0UlM0MlMjEtLSUyMERPJTIwTk9UJTIwUkVNT1ZFJTIwVEhJUyUyMExJTkslMjAtLSUzRSUzQ2ElMjBocmVmJTNEJTIyaHR0cHMlM0ElMkYlMkZ3d3cubWV0ZW9ibHVlLmNvbSUyRmVzJTJGdGllbXBvJTJGc2VtYW5hJTJGYmlzaG9ybl9zdWl6YV82NjkyMTM0JTNGdXRtX3NvdXJjZSUzRHdlYXRoZXJfd2lkZ2V0JTI2dXRtX21lZGl1bSUzRGxpbmt1cyUyNnV0bV9jb250ZW50JTNEZGFpbHklMjZ1dG1fY2FtcGFpZ24lM0RXZWF0aGVyJTI1MkJXaWRnZXQlMjIlMjB0YXJnZXQlM0QlMjJfYmxhbmslMjIlM0VtZXRlb2JsdWUlM0MlMkZhJTNFJTNDJTJGZGl2JTNF[\/vc_raw_html][\/vc_column][vc_column width=\u00bb1\/3&#8243;][vc_raw_html]JTNDaWZyYW1lJTIwc3JjJTNEJTIyaHR0cHMlM0ElMkYlMkZ3d3cubWV0ZW9ibHVlLmNvbSUyRmVzJTJGdGllbXBvJTJGd2lkZ2V0JTJGZGFpbHklMkZ6aW5hbF9zdWl6YV8yNjU3OTE4JTNGZ2VvbG9jJTNEZml4ZWQlMjZkYXlzJTNENyUyNnRlbXB1bml0JTNEQ0VMU0lVUyUyNndpbmR1bml0JTNES0lMT01FVEVSX1BFUl9IT1VSJTI2cHJlY2lwdW5pdCUzRE1JTExJTUVURVIlMjZjb2xvdXJlZCUzRGNvbG91cmVkJTI2cGljdG9pY29uJTNEMCUyNnBpY3RvaWNvbiUzRDElMjZtYXh0ZW1wZXJhdHVyZSUzRDAlMjZtYXh0ZW1wZXJhdHVyZSUzRDElMjZtaW50ZW1wZXJhdHVyZSUzRDAlMjZtaW50ZW1wZXJhdHVyZSUzRDElMjZ3aW5kc3BlZWQlM0QwJTI2d2luZHNwZWVkJTNEMSUyNndpbmRndXN0JTNEMCUyNndpbmRndXN0JTNEMSUyNndpbmRkaXJlY3Rpb24lM0QwJTI2d2luZGRpcmVjdGlvbiUzRDElMjZ1diUzRDAlMjZodW1pZGl0eSUzRDAlMjZwcmVjaXBpdGF0aW9uJTNEMCUyNnByZWNpcGl0YXRpb24lM0QxJTI2cHJlY2lwaXRhdGlvbnByb2JhYmlsaXR5JTNEMCUyNnByZWNpcGl0YXRpb25wcm9iYWJpbGl0eSUzRDElMjZzcG90JTNEMCUyNnNwb3QlM0QxJTI2cHJlc3N1cmUlM0QwJTI2cHJlc3N1cmUlM0QxJTI2bGF5b3V0JTNEbGlnaHQlMjZsb2NhdGlvbl91cmwlM0RodHRwcyUyNTNBJTI1MkYlMjUyRnd3dy5tZXRlb2JsdWUuY29tJTI1MkZlcyUyNTJGdGllbXBvJTI1MkZ3aWRnZXQlMjUyRmRhaWx5JTI1MkZ6aW5hbF9zdWl6YV8yNjU3OTE4JTI2bG9jYXRpb25fbWFpblVybCUzRGh0dHBzJTI1M0ElMjUyRiUyNTJGd3d3Lm1ldGVvYmx1ZS5jb20lMjUyRmVzJTI1MkZ0aWVtcG8lMjUyRnNlbWFuYSUyNTJGemluYWxfc3VpemFfMjY1NzkxOCUyNm5vbG9jYXRpb25fdXJsJTNEaHR0cHMlMjUzQSUyNTJGJTI1MkZ3d3cubWV0ZW9ibHVlLmNvbSUyNTJGZXMlMjUyRnRpZW1wbyUyNTJGd2lkZ2V0JTI1MkZkYWlseSUyNm5vbG9jYXRpb25fbWFpblVybCUzRGh0dHBzJTI1M0ElMjUyRiUyNTJGd3d3Lm1ldGVvYmx1ZS5jb20lMjUyRmVzJTI1MkZ0aWVtcG8lMjUyRnNlbWFuYSUyNTJGaW5kZXglMjZkYWlseXdpZHRoJTNENTQlMjZ0cmFja2luZyUzRCUyNTNGdXRtX3NvdXJjZSUyNTNEd2VhdGhlcl93aWRnZXQlMjUyNnV0bV9tZWRpdW0lMjUzRGxpbmt1cyUyNTI2dXRtX2NvbnRlbnQlMjUzRGRhaWx5JTI1MjZ1dG1fY2FtcGFpZ24lMjUzRFdlYXRoZXIlMjUyNTJCV2lkZ2V0JTIyJTIwJTIwZnJhbWVib3JkZXIlM0QlMjIwJTIyJTIwc2Nyb2xsaW5nJTNEJTIyTk8lMjIlMjBhbGxvd3RyYW5zcGFyZW5jeSUzRCUyMnRydWUlMjIlMjBzYW5kYm94JTNEJTIyYWxsb3ctc2FtZS1vcmlnaW4lMjBhbGxvdy1zY3JpcHRzJTIwYWxsb3ctcG9wdXBzJTIwYWxsb3ctcG9wdXBzLXRvLWVzY2FwZS1zYW5kYm94JTIyJTIwc3R5bGUlM0QlMjJ3aWR0aCUzQSUyMDM3OHB4JTNCaGVpZ2h0JTNBJTIwNDEycHglMjIlM0UlM0MlMkZpZnJhbWUlM0UlM0NkaXYlM0UlM0MlMjEtLSUyMERPJTIwTk9UJTIwUkVNT1ZFJTIwVEhJUyUyMExJTkslMjAtLSUzRSUzQ2ElMjBocmVmJTNEJTIyaHR0cHMlM0ElMkYlMkZ3d3cubWV0ZW9ibHVlLmNvbSUyRmVzJTJGdGllbXBvJTJGc2VtYW5hJTJGemluYWxfc3VpemFfMjY1NzkxOCUzRnV0bV9zb3VyY2UlM0R3ZWF0aGVyX3dpZGdldCUyNnV0bV9tZWRpdW0lM0RsaW5rdXMlMjZ1dG1fY29udGVudCUzRGRhaWx5JTI2dXRtX2NhbXBhaWduJTNEV2VhdGhlciUyNTJCV2lkZ2V0JTIyJTIwdGFyZ2V0JTNEJTIyX2JsYW5rJTIyJTNFbWV0ZW9ibHVlJTNDJTJGYSUzRSUzQyUyRmRpdiUzRQ==[\/vc_raw_html][\/vc_column][vc_column width=\u00bb1\/6&#8243;][\/vc_column][\/vc_row]<\/p>\n","protected":false},"excerpt":{"rendered":"<p>[vc_row][vc_column][vc_column_text]Nos levantamos todos y nos preparamos para bajar al comedor para desayunar. Desayunamos y nos equipamos para salir al exterior en busca del Glaciar Turtmann que ser\u00e1 el que nos suba y lleve hasta la cima del Bishorn. Por suerte el fabuloso refugio tiene espacio suficiente para equiparnos y dejar, recoger los hierros en la&hellip;<\/p>\n","protected":false},"author":1,"featured_media":40126,"comment_status":"open","ping_status":"open","sticky":false,"template":"","format":"standard","meta":[],"categories":[184],"tags":[],"class_list":["post-40233","post","type-post","status-publish","format-standard","has-post-thumbnail","hentry","category-bishorn-y-monte-rosa-2","category-184","description-off"],"_links":{"self":[{"href":"https:\/\/www.monta\u00f1asdelaluna.es\/index.php?rest_route=\/wp\/v2\/posts\/40233","targetHints":{"allow":["GET"]}}],"collection":[{"href":"https:\/\/www.monta\u00f1asdelaluna.es\/index.php?rest_route=\/wp\/v2\/posts"}],"about":[{"href":"https:\/\/www.monta\u00f1asdelaluna.es\/index.php?rest_route=\/wp\/v2\/types\/post"}],"author":[{"embeddable":true,"href":"https:\/\/www.monta\u00f1asdelaluna.es\/index.php?rest_route=\/wp\/v2\/users\/1"}],"replies":[{"embeddable":true,"href":"https:\/\/www.monta\u00f1asdelaluna.es\/index.php?rest_route=%2Fwp%2Fv2%2Fcomments&post=40233"}],"version-history":[{"count":10,"href":"https:\/\/www.monta\u00f1asdelaluna.es\/index.php?rest_route=\/wp\/v2\/posts\/40233\/revisions"}],"predecessor-version":[{"id":52222,"href":"https:\/\/www.monta\u00f1asdelaluna.es\/index.php?rest_route=\/wp\/v2\/posts\/40233\/revisions\/52222"}],"wp:featuredmedia":[{"embeddable":true,"href":"https:\/\/www.monta\u00f1asdelaluna.es\/index.php?rest_route=\/wp\/v2\/media\/40126"}],"wp:attachment":[{"href":"https:\/\/www.monta\u00f1asdelaluna.es\/index.php?rest_route=%2Fwp%2Fv2%2Fmedia&parent=40233"}],"wp:term":[{"taxonomy":"category","embeddable":true,"href":"https:\/\/www.monta\u00f1asdelaluna.es\/index.php?rest_route=%2Fwp%2Fv2%2Fcategories&post=40233"},{"taxonomy":"post_tag","embeddable":true,"href":"https:\/\/www.monta\u00f1asdelaluna.es\/index.php?rest_route=%2Fwp%2Fv2%2Ftags&post=40233"}],"curies":[{"name":"wp","href":"https:\/\/api.w.org\/{rel}","templated":true}]}}