{"id":40238,"date":"2019-07-09T18:19:29","date_gmt":"2019-07-09T18:19:29","guid":{"rendered":"http:\/\/monta\u00f1asdelaluna.com\/?p=40238"},"modified":"2022-12-08T08:25:11","modified_gmt":"2022-12-08T08:25:11","slug":"9-de-julio-de-2-019-martes-zermatt","status":"publish","type":"post","link":"https:\/\/www.monta\u00f1asdelaluna.es\/?p=40238","title":{"rendered":"9 de julio de 2.019, martes. Zermatt."},"content":{"rendered":"<p>[vc_row][vc_column][vc_column_text]No madrugamos tanto como el d\u00eda anterior y poco a poco nos vamos levantando, aseando en la peque\u00f1a fuente y hiendo al ba\u00f1o provisional, port\u00e1til, junto a la misma. Desayunamos con tostadas, aceite y companaje tra\u00eddo por los compa\u00f1eros de Almorad\u00ed; un desayuno de campeones.<\/p>\n<p>El d\u00eda despierta sin nubes pero por estar en el fondo del valle el sol no nos tocar\u00e1 hasta pasados unos minutos y las tiendas, desmontadas, no se podr\u00e1n secar y guardar hasta que no les d\u00e9 el sol.<\/p>\n<p>Finalmente despu\u00e9s de recoger y guardar todo salimos con los veh\u00edculos valle abajo en busca de Sierre, el valle del Valais y seguidamente el Mattertal en busca de la poblaci\u00f3n m\u00e1s arriba del mismo valle: Zermatt. Hoy lo dedicaremos a alojarnos y acomodarnos en el albergue juvenil, hacer turismo y pasearnos por la poblaci\u00f3n como ya ten\u00eda planeado Manolet en su planning del viaje. Es f\u00e1cil ya; es un camino que ya he hecho varias veces: bajamos valle abajo en busca de la \u201ctr\u00e1gica salida\u201d de la Val d\u2019Anniviers, por ese ca\u00f1\u00f3n o congosto, estrechamiento del valle para salir, entre las curvas y las pendientes empinadas del mismo, hasta el amplio valle del Valais, con Sierre en su fondo. No llegamos a Sierre, y en la redonda donde acaba la autov\u00eda, giramos hacia la derecha y este en la direcci\u00f3n que sigue el amplio, ancho valle del Valais, r\u00edo arriba. Hasta que llegas a alg\u00fan cruce o redonda donde ver el nombre de la tur\u00edstica poblaci\u00f3n a la que queremos ir: Zermatt; y entonces despu\u00e9s de un largo t\u00fanel, solo tenemos que seguir valle arriba (hemos vuelto a salir del valle del Valais hacia la derecha y sur) en direcci\u00f3n a T\u00e4sch o Zermatt. Teniendo en cuenta que pasaremos por otro cruce que nos lleva a otro valle diferente. Solo hay que estar al tanto con las direcciones y no nos perderemos.<\/p>\n<div id=\"attachment_40180\" style=\"width: 1034px\" class=\"wp-caption aligncenter\"><a class=\"dt-single-image\" href=\"https:\/\/www.monta\u00f1asdelaluna.es\/wp-content\/uploads\/2019\/08\/zermatt-desde-el-albergue.jpg\" data-dt-img-description=\"\"><img loading=\"lazy\" decoding=\"async\" aria-describedby=\"caption-attachment-40180\" class=\"wp-image-40180 size-large\" src=\"https:\/\/www.monta\u00f1asdelaluna.es\/wp-content\/uploads\/2019\/08\/zermatt-desde-el-albergue-1024x683.jpg\" alt=\"Zermatt desde el albergue\" width=\"1024\" height=\"683\" srcset=\"https:\/\/www.monta\u00f1asdelaluna.es\/wp-content\/uploads\/2019\/08\/zermatt-desde-el-albergue-1024x683.jpg 1024w, https:\/\/www.monta\u00f1asdelaluna.es\/wp-content\/uploads\/2019\/08\/zermatt-desde-el-albergue-300x200.jpg 300w, https:\/\/www.monta\u00f1asdelaluna.es\/wp-content\/uploads\/2019\/08\/zermatt-desde-el-albergue.jpg 1788w\" sizes=\"auto, (max-width: 1024px) 100vw, 1024px\" \/><\/a><p id=\"caption-attachment-40180\" class=\"wp-caption-text\">Zermatt desde el albergue<\/p><\/div>\n<div id=\"attachment_40181\" style=\"width: 1034px\" class=\"wp-caption aligncenter\"><a class=\"dt-single-image\" href=\"https:\/\/www.monta\u00f1asdelaluna.es\/wp-content\/uploads\/2019\/08\/albergue-de-zermatt-de-izquierda-a-derecha-joaquin-murcia-vicente-roberto-nuria-y-tere.jpg\" data-dt-img-description=\"\"><img loading=\"lazy\" decoding=\"async\" aria-describedby=\"caption-attachment-40181\" class=\"wp-image-40181 size-large\" src=\"https:\/\/www.monta\u00f1asdelaluna.es\/wp-content\/uploads\/2019\/08\/albergue-de-zermatt-de-izquierda-a-derecha-joaquin-murcia-vicente-roberto-nuria-y-tere-1024x683.jpg\" alt=\"Albergue de Zermatt, de izquierda a derecha: Joaqu\u00edn Murcia, Vicente, Roberto, Nuria y Tere\" width=\"1024\" height=\"683\" srcset=\"https:\/\/www.monta\u00f1asdelaluna.es\/wp-content\/uploads\/2019\/08\/albergue-de-zermatt-de-izquierda-a-derecha-joaquin-murcia-vicente-roberto-nuria-y-tere-1024x683.jpg 1024w, https:\/\/www.monta\u00f1asdelaluna.es\/wp-content\/uploads\/2019\/08\/albergue-de-zermatt-de-izquierda-a-derecha-joaquin-murcia-vicente-roberto-nuria-y-tere-300x200.jpg 300w, https:\/\/www.monta\u00f1asdelaluna.es\/wp-content\/uploads\/2019\/08\/albergue-de-zermatt-de-izquierda-a-derecha-joaquin-murcia-vicente-roberto-nuria-y-tere.jpg 1788w\" sizes=\"auto, (max-width: 1024px) 100vw, 1024px\" \/><\/a><p id=\"caption-attachment-40181\" class=\"wp-caption-text\">Albergue de Zermatt, de izquierda a derecha: Joaqu\u00edn Murcia, Vicente, Roberto, Nuria y Tere<\/p><\/div>\n<p>Y despu\u00e9s de este recorrido en un d\u00eda soleado con pocas nubes, muy buen d\u00eda, llegamos a T\u00e4sch. Nos pasamos unos minutos recorri\u00e9ndonos la peque\u00f1a poblaci\u00f3n buscando alg\u00fan parking\u2026 al final despu\u00e9s de ver precios del famoso tren que pasa por T\u00e4sch y para en Zermatt, decidimos alquilar un taxi, furgoneta donde quepamos todos, nos pueda llevar el equipaje y donde podamos dejar los veh\u00edculos. Y al final lo encontramos justo a la entrada o mejor dicho antes de llegar a la entrada a T\u00e4sch, a la izquierda, negociamos y contratamos. Hay que recordar que a Zermatt no se puede llegar en coche, est\u00e1 cerrado a los coches con motor de explosi\u00f3n, solo hay coches de caballos, el\u00e9ctricos, bicicletas\u2026 No recuerdo lo que hicimos hace 14 a\u00f1os; y ahora que escribo estas l\u00edneas, descubro que alquilamos tambi\u00e9n un coche.<\/p>\n<p>Pero antes de subir a la furgoneta para llegar al cercano Zermatt, paramos a comer a la orilla de la carretera entre edificios con jardines privados. Y de esta manera no har\u00e1 falta buscar lugar donde comer en estas horas del mediod\u00eda en el bullicioso y caro Zermatt: ensalada de pasta, patatas fritas La Pilarica de Benej\u00fazar\u2026 todo un lujo.<\/p>\n<p>Zermatt est\u00e1 muy cerca de T\u00e4sch; enseguida que salimos de T\u00e4sch llegamos a Zermatt, antes hemos comprobado por el camino y tambi\u00e9n pegados a la carretera, como siguen las obras y mejoras en los accesos, \u00bfo son para la continua construcci\u00f3n de edificios y viviendas en Zermatt\u2026?<\/p>\n<div id=\"attachment_40183\" style=\"width: 1034px\" class=\"wp-caption aligncenter\"><a class=\"dt-single-image\" href=\"https:\/\/www.monta\u00f1asdelaluna.es\/wp-content\/uploads\/2019\/08\/el-cervino-desde-zermatt.jpg\" data-dt-img-description=\"\"><img loading=\"lazy\" decoding=\"async\" aria-describedby=\"caption-attachment-40183\" class=\"wp-image-40183 size-large\" src=\"https:\/\/www.monta\u00f1asdelaluna.es\/wp-content\/uploads\/2019\/08\/el-cervino-desde-zermatt-1024x683.jpg\" alt=\"El Cervino desde Zermatt\" width=\"1024\" height=\"683\" srcset=\"https:\/\/www.monta\u00f1asdelaluna.es\/wp-content\/uploads\/2019\/08\/el-cervino-desde-zermatt-1024x683.jpg 1024w, https:\/\/www.monta\u00f1asdelaluna.es\/wp-content\/uploads\/2019\/08\/el-cervino-desde-zermatt-300x200.jpg 300w, https:\/\/www.monta\u00f1asdelaluna.es\/wp-content\/uploads\/2019\/08\/el-cervino-desde-zermatt.jpg 1788w\" sizes=\"auto, (max-width: 1024px) 100vw, 1024px\" \/><\/a><p id=\"caption-attachment-40183\" class=\"wp-caption-text\">El Cervino desde Zermatt<\/p><\/div>\n<div id=\"attachment_40187\" style=\"width: 832px\" class=\"wp-caption aligncenter\"><a class=\"dt-single-image\" href=\"https:\/\/www.monta\u00f1asdelaluna.es\/wp-content\/uploads\/2019\/08\/IMG_0866A.jpg\" data-dt-img-description=\"\"><img loading=\"lazy\" decoding=\"async\" aria-describedby=\"caption-attachment-40187\" class=\"wp-image-40187 \" src=\"https:\/\/www.monta\u00f1asdelaluna.es\/wp-content\/uploads\/2019\/08\/IMG_0866A.jpg\" alt=\"De izquierda a derecha: Joaqu\u00edn Murcia, Isa, Leti, Tere, Nuria, Vicente, Roberto y abajo Joaqu\u00edn Terr\u00e9s\" width=\"822\" height=\"1097\" srcset=\"https:\/\/www.monta\u00f1asdelaluna.es\/wp-content\/uploads\/2019\/08\/IMG_0866A.jpg 1285w, https:\/\/www.monta\u00f1asdelaluna.es\/wp-content\/uploads\/2019\/08\/IMG_0866A-225x300.jpg 225w, https:\/\/www.monta\u00f1asdelaluna.es\/wp-content\/uploads\/2019\/08\/IMG_0866A-768x1024.jpg 768w\" sizes=\"auto, (max-width: 822px) 100vw, 822px\" \/><\/a><p id=\"caption-attachment-40187\" class=\"wp-caption-text\">De izquierda a derecha: Joaqu\u00edn Murcia, Isa, Leti, Tere, Nuria, Vicente, Roberto y abajo Joaqu\u00edn Terr\u00e9s<\/p><\/div>\n<p>La furgoneta nos deja nada m\u00e1s entrar en Zermatt. Debemos seguir caminando hasta el albergue juvenil, que, sin conocer su ubicaci\u00f3n en un principio, lo encontramos arriba del pueblo, en la otra punta del pueblo, al otro lado del r\u00edo que cruza el pueblo\u2026 por suerte, parece que Zermatt no es muy grande, aunque vamos cargados con el mochil\u00f3n para la monta\u00f1a y la bolsa con la ropa para estar en Zermatt.<\/p>\n<p>Caminamos calle arriba y enseguida llegamos a la plaza donde est\u00e1n las estaciones del tren y tren cremallera que sube a Gornergrat, estaba al lado del parking o lugar donde se quedan las furgonetas y coches con permiso de motor de explosi\u00f3n. Seguimos esta calle (casi principal) calle arriba, hasta la puerta de la iglesia. Una vez llegados a la Iglesia giramos a la izquierda buscando cruzar el r\u00edo, y una vez cruzado el r\u00edo, la siguiente calle la seguimos girando a la derecha, calle arriba, paralela al cauce del r\u00edo\u2026 y a final de una escalera (que casi nos cost\u00f3 subirla) llegamos al caser\u00f3n del Albergue juvenil de Zermatt.<\/p>\n<p>Mientras caminamos, las vistas del sorprendente y espectacular Cervino sobresali\u00f3 de entre las calles del pueblo, sobre todo desde el puente que cruza el rio. Fotos, recuerdos\u2026 algunos de los compa\u00f1eros de Almorad\u00ed no hab\u00edan visto tan impresionante paisaje, y la primera vez que lo descubres, impacta.<\/p>\n<div id=\"attachment_40188\" style=\"width: 1034px\" class=\"wp-caption aligncenter\"><a class=\"dt-single-image\" href=\"https:\/\/www.monta\u00f1asdelaluna.es\/wp-content\/uploads\/2019\/08\/zermatt.jpg\" data-dt-img-description=\"\"><img loading=\"lazy\" decoding=\"async\" aria-describedby=\"caption-attachment-40188\" class=\"wp-image-40188 size-large\" src=\"https:\/\/www.monta\u00f1asdelaluna.es\/wp-content\/uploads\/2019\/08\/zermatt-1024x683.jpg\" alt=\"Zermatt\" width=\"1024\" height=\"683\" srcset=\"https:\/\/www.monta\u00f1asdelaluna.es\/wp-content\/uploads\/2019\/08\/zermatt-1024x683.jpg 1024w, https:\/\/www.monta\u00f1asdelaluna.es\/wp-content\/uploads\/2019\/08\/zermatt-300x200.jpg 300w, https:\/\/www.monta\u00f1asdelaluna.es\/wp-content\/uploads\/2019\/08\/zermatt.jpg 1788w\" sizes=\"auto, (max-width: 1024px) 100vw, 1024px\" \/><\/a><p id=\"caption-attachment-40188\" class=\"wp-caption-text\">Zermatt<\/p><\/div>\n<div id=\"attachment_40189\" style=\"width: 1034px\" class=\"wp-caption aligncenter\"><a class=\"dt-single-image\" href=\"https:\/\/www.monta\u00f1asdelaluna.es\/wp-content\/uploads\/2019\/08\/IMG_0869A.jpg\" data-dt-img-description=\"\"><img loading=\"lazy\" decoding=\"async\" aria-describedby=\"caption-attachment-40189\" class=\"wp-image-40189 size-large\" src=\"https:\/\/www.monta\u00f1asdelaluna.es\/wp-content\/uploads\/2019\/08\/IMG_0869A-1024x576.jpg\" alt=\"Zermatt\" width=\"1024\" height=\"576\" srcset=\"https:\/\/www.monta\u00f1asdelaluna.es\/wp-content\/uploads\/2019\/08\/IMG_0869A-1024x576.jpg 1024w, https:\/\/www.monta\u00f1asdelaluna.es\/wp-content\/uploads\/2019\/08\/IMG_0869A-300x169.jpg 300w, https:\/\/www.monta\u00f1asdelaluna.es\/wp-content\/uploads\/2019\/08\/IMG_0869A.jpg 1814w\" sizes=\"auto, (max-width: 1024px) 100vw, 1024px\" \/><\/a><p id=\"caption-attachment-40189\" class=\"wp-caption-text\">Zermatt<\/p><\/div>\n<p>Ya en el albergue nos dieron las habitaciones de la tercera planta. Las vistas desde la escalera de incendios eran espectaculares tambi\u00e9n: al estar el edificio en la parte alta del pueblo y a la vez en la tercera planta, ten\u00edamos la imagen del incre\u00edble Cervino delante nuestro en todo su esplendor\u2026 no daban al patio de luces sin vistas como dec\u00eda Vicente.<\/p>\n<p>Nos duchamos, nos cambiamos, llamamos a casa para comunicar lo que hab\u00edamos hecho, lo que \u00edbamos a hacer y que est\u00e1bamos bien\u2026 y salimos a hacer turismo y a cenar \u201ccomida t\u00edpica suiza\u201d en alg\u00fan restaurante. Les dije de visitar el viejo cementerio junto a la iglesia. Nuestra \u201cinterprete\u201d Leti con su \u201cperfecto ingl\u00e9s\u201d se inform\u00f3 en la oficina de turismo de los restaurantes de comida t\u00edpica suiza. Al final acabamos en un restaurante en la calle principal entre la plaza de las estaciones de tren y la iglesia; en su interior, en la parte de arriba ol\u00eda mucho a queso fundido, pero en la parte de abajo ya era el comedor del restaurante con un men\u00fa. Casi cada uno se pidi\u00f3 un plato diferente con nombre en alem\u00e1n; yo ped\u00ed uno creyendo que era una cosa, pero me trajeron, lo que en mi tierra es (y yo llam\u00e9), \u201ccompanaje\u201d \u2026 me trajeron un plato de companaje.<\/p>\n<div id=\"attachment_40190\" style=\"width: 1034px\" class=\"wp-caption aligncenter\"><a class=\"dt-single-image\" href=\"https:\/\/www.monta\u00f1asdelaluna.es\/wp-content\/uploads\/2019\/08\/IMG_0870.jpg\" data-dt-img-description=\"\"><img loading=\"lazy\" decoding=\"async\" aria-describedby=\"caption-attachment-40190\" class=\"wp-image-40190 size-large\" src=\"https:\/\/www.monta\u00f1asdelaluna.es\/wp-content\/uploads\/2019\/08\/IMG_0870-1024x683.jpg\" alt=\"Zermatt\" width=\"1024\" height=\"683\" srcset=\"https:\/\/www.monta\u00f1asdelaluna.es\/wp-content\/uploads\/2019\/08\/IMG_0870-1024x683.jpg 1024w, https:\/\/www.monta\u00f1asdelaluna.es\/wp-content\/uploads\/2019\/08\/IMG_0870-300x200.jpg 300w, https:\/\/www.monta\u00f1asdelaluna.es\/wp-content\/uploads\/2019\/08\/IMG_0870.jpg 1788w\" sizes=\"auto, (max-width: 1024px) 100vw, 1024px\" \/><\/a><p id=\"caption-attachment-40190\" class=\"wp-caption-text\">Zermatt<\/p><\/div>\n<p>Lo pasamos bien, pero ya era hora de dormir. Ma\u00f1ana ten\u00edamos que coger el tren cremallera a Gornergrat para acercarnos al glaciar del mismo nombre y al Refugio del Monte Rosa. No hubo tiempo para m\u00e1s\u2026 ya a la bajada y de regreso, ya tomar\u00edamos alguna copa para celebrar el seguro \u00e9xito del viaje.[vc_separator][\/vc_column_text][\/vc_column][\/vc_row][vc_row][vc_column][vc_empty_space height=\u00bb60px\u00bb][\/vc_column][\/vc_row][vc_row][vc_column][vc_cta h2=\u00bb\u00c1lbum de fotos\u00bb txt_align=\u00bbcenter\u00bb add_button=\u00bbbottom\u00bb btn_title=\u00bbVer fotos\u00bb btn_color=\u00bbwarning\u00bb btn_align=\u00bbcenter\u00bb btn_link=\u00bburl:https%3A%2F%2Fmonta%C3%B1asdelaluna.es%2F%3Fdt_gallery%3Dbishorn-4-153-mts-y-zermatt-2|target:_blank\u00bb css=\u00bb.vc_custom_1625651292519{background-color: #8bc4ed !important;}\u00bb]Puedes ver todas las fotos de Bishorn (4.153 mts.) y Zermatt en forma de presentaci\u00f3n o individuales pinchando aqui \u00a1No te las pierdas![\/vc_cta][\/vc_column][\/vc_row][vc_row][vc_column][vc_empty_space height=\u00bb60px\u00bb][\/vc_column][\/vc_row][vc_row][vc_column width=\u00bb1\/6&#8243;][\/vc_column][vc_column width=\u00bb1\/3&#8243;][vc_raw_html]JTNDaWZyYW1lJTIwc3JjJTNEJTIyaHR0cHMlM0ElMkYlMkZ3d3cubWV0ZW9ibHVlLmNvbSUyRmVzJTJGdGllbXBvJTJGd2lkZ2V0JTJGZGFpbHklMkZ6aW5hbF9zdWl6YV8yNjU3OTE4JTNGZ2VvbG9jJTNEZml4ZWQlMjZkYXlzJTNENyUyNnRlbXB1bml0JTNEQ0VMU0lVUyUyNndpbmR1bml0JTNES0lMT01FVEVSX1BFUl9IT1VSJTI2cHJlY2lwdW5pdCUzRE1JTExJTUVURVIlMjZjb2xvdXJlZCUzRGNvbG91cmVkJTI2cGljdG9pY29uJTNEMCUyNnBpY3RvaWNvbiUzRDElMjZtYXh0ZW1wZXJhdHVyZSUzRDAlMjZtYXh0ZW1wZXJhdHVyZSUzRDElMjZtaW50ZW1wZXJhdHVyZSUzRDAlMjZtaW50ZW1wZXJhdHVyZSUzRDElMjZ3aW5kc3BlZWQlM0QwJTI2d2luZHNwZWVkJTNEMSUyNndpbmRndXN0JTNEMCUyNndpbmRndXN0JTNEMSUyNndpbmRkaXJlY3Rpb24lM0QwJTI2d2luZGRpcmVjdGlvbiUzRDElMjZ1diUzRDAlMjZodW1pZGl0eSUzRDAlMjZwcmVjaXBpdGF0aW9uJTNEMCUyNnByZWNpcGl0YXRpb24lM0QxJTI2cHJlY2lwaXRhdGlvbnByb2JhYmlsaXR5JTNEMCUyNnByZWNpcGl0YXRpb25wcm9iYWJpbGl0eSUzRDElMjZzcG90JTNEMCUyNnNwb3QlM0QxJTI2cHJlc3N1cmUlM0QwJTI2cHJlc3N1cmUlM0QxJTI2bGF5b3V0JTNEbGlnaHQlMjZsb2NhdGlvbl91cmwlM0RodHRwcyUyNTNBJTI1MkYlMjUyRnd3dy5tZXRlb2JsdWUuY29tJTI1MkZlcyUyNTJGdGllbXBvJTI1MkZ3aWRnZXQlMjUyRmRhaWx5JTI1MkZ6aW5hbF9zdWl6YV8yNjU3OTE4JTI2bG9jYXRpb25fbWFpblVybCUzRGh0dHBzJTI1M0ElMjUyRiUyNTJGd3d3Lm1ldGVvYmx1ZS5jb20lMjUyRmVzJTI1MkZ0aWVtcG8lMjUyRnNlbWFuYSUyNTJGemluYWxfc3VpemFfMjY1NzkxOCUyNm5vbG9jYXRpb25fdXJsJTNEaHR0cHMlMjUzQSUyNTJGJTI1MkZ3d3cubWV0ZW9ibHVlLmNvbSUyNTJGZXMlMjUyRnRpZW1wbyUyNTJGd2lkZ2V0JTI1MkZkYWlseSUyNm5vbG9jYXRpb25fbWFpblVybCUzRGh0dHBzJTI1M0ElMjUyRiUyNTJGd3d3Lm1ldGVvYmx1ZS5jb20lMjUyRmVzJTI1MkZ0aWVtcG8lMjUyRnNlbWFuYSUyNTJGaW5kZXglMjZkYWlseXdpZHRoJTNENTQlMjZ0cmFja2luZyUzRCUyNTNGdXRtX3NvdXJjZSUyNTNEd2VhdGhlcl93aWRnZXQlMjUyNnV0bV9tZWRpdW0lMjUzRGxpbmt1cyUyNTI2dXRtX2NvbnRlbnQlMjUzRGRhaWx5JTI1MjZ1dG1fY2FtcGFpZ24lMjUzRFdlYXRoZXIlMjUyNTJCV2lkZ2V0JTIyJTIwJTIwZnJhbWVib3JkZXIlM0QlMjIwJTIyJTIwc2Nyb2xsaW5nJTNEJTIyTk8lMjIlMjBhbGxvd3RyYW5zcGFyZW5jeSUzRCUyMnRydWUlMjIlMjBzYW5kYm94JTNEJTIyYWxsb3ctc2FtZS1vcmlnaW4lMjBhbGxvdy1zY3JpcHRzJTIwYWxsb3ctcG9wdXBzJTIwYWxsb3ctcG9wdXBzLXRvLWVzY2FwZS1zYW5kYm94JTIyJTIwc3R5bGUlM0QlMjJ3aWR0aCUzQSUyMDM3OHB4JTNCaGVpZ2h0JTNBJTIwNDEycHglMjIlM0UlM0MlMkZpZnJhbWUlM0UlM0NkaXYlM0UlM0MlMjEtLSUyMERPJTIwTk9UJTIwUkVNT1ZFJTIwVEhJUyUyMExJTkslMjAtLSUzRSUzQ2ElMjBocmVmJTNEJTIyaHR0cHMlM0ElMkYlMkZ3d3cubWV0ZW9ibHVlLmNvbSUyRmVzJTJGdGllbXBvJTJGc2VtYW5hJTJGemluYWxfc3VpemFfMjY1NzkxOCUzRnV0bV9zb3VyY2UlM0R3ZWF0aGVyX3dpZGdldCUyNnV0bV9tZWRpdW0lM0RsaW5rdXMlMjZ1dG1fY29udGVudCUzRGRhaWx5JTI2dXRtX2NhbXBhaWduJTNEV2VhdGhlciUyNTJCV2lkZ2V0JTIyJTIwdGFyZ2V0JTNEJTIyX2JsYW5rJTIyJTNFbWV0ZW9ibHVlJTNDJTJGYSUzRSUzQyUyRmRpdiUzRQ==[\/vc_raw_html][\/vc_column][vc_column width=\u00bb1\/3&#8243;][vc_raw_html]JTNDaWZyYW1lJTIwc3JjJTNEJTIyaHR0cHMlM0ElMkYlMkZ3d3cubWV0ZW9ibHVlLmNvbSUyRmVzJTJGdGllbXBvJTJGd2lkZ2V0JTJGZGFpbHklMkZ6ZXJtYXR0X3N1aXphXzI2NTc5MjglM0ZnZW9sb2MlM0RmaXhlZCUyNmRheXMlM0Q3JTI2dGVtcHVuaXQlM0RDRUxTSVVTJTI2d2luZHVuaXQlM0RLSUxPTUVURVJfUEVSX0hPVVIlMjZwcmVjaXB1bml0JTNETUlMTElNRVRFUiUyNmNvbG91cmVkJTNEY29sb3VyZWQlMjZwaWN0b2ljb24lM0QwJTI2cGljdG9pY29uJTNEMSUyNm1heHRlbXBlcmF0dXJlJTNEMCUyNm1heHRlbXBlcmF0dXJlJTNEMSUyNm1pbnRlbXBlcmF0dXJlJTNEMCUyNm1pbnRlbXBlcmF0dXJlJTNEMSUyNndpbmRzcGVlZCUzRDAlMjZ3aW5kc3BlZWQlM0QxJTI2d2luZGd1c3QlM0QwJTI2d2luZGd1c3QlM0QxJTI2d2luZGRpcmVjdGlvbiUzRDAlMjZ3aW5kZGlyZWN0aW9uJTNEMSUyNnV2JTNEMCUyNmh1bWlkaXR5JTNEMCUyNnByZWNpcGl0YXRpb24lM0QwJTI2cHJlY2lwaXRhdGlvbiUzRDElMjZwcmVjaXBpdGF0aW9ucHJvYmFiaWxpdHklM0QwJTI2cHJlY2lwaXRhdGlvbnByb2JhYmlsaXR5JTNEMSUyNnNwb3QlM0QwJTI2c3BvdCUzRDElMjZwcmVzc3VyZSUzRDAlMjZwcmVzc3VyZSUzRDElMjZsYXlvdXQlM0RsaWdodCUyNmxvY2F0aW9uX3VybCUzRGh0dHBzJTI1M0ElMjUyRiUyNTJGd3d3Lm1ldGVvYmx1ZS5jb20lMjUyRmVzJTI1MkZ0aWVtcG8lMjUyRndpZGdldCUyNTJGZGFpbHklMjUyRnplcm1hdHRfc3VpemFfMjY1NzkyOCUyNmxvY2F0aW9uX21haW5VcmwlM0RodHRwcyUyNTNBJTI1MkYlMjUyRnd3dy5tZXRlb2JsdWUuY29tJTI1MkZlcyUyNTJGdGllbXBvJTI1MkZzZW1hbmElMjUyRnplcm1hdHRfc3VpemFfMjY1NzkyOCUyNm5vbG9jYXRpb25fdXJsJTNEaHR0cHMlMjUzQSUyNTJGJTI1MkZ3d3cubWV0ZW9ibHVlLmNvbSUyNTJGZXMlMjUyRnRpZW1wbyUyNTJGd2lkZ2V0JTI1MkZkYWlseSUyNm5vbG9jYXRpb25fbWFpblVybCUzRGh0dHBzJTI1M0ElMjUyRiUyNTJGd3d3Lm1ldGVvYmx1ZS5jb20lMjUyRmVzJTI1MkZ0aWVtcG8lMjUyRnNlbWFuYSUyNTJGaW5kZXglMjZkYWlseXdpZHRoJTNENTQlMjZ0cmFja2luZyUzRCUyNTNGdXRtX3NvdXJjZSUyNTNEd2VhdGhlcl93aWRnZXQlMjUyNnV0bV9tZWRpdW0lMjUzRGxpbmt1cyUyNTI2dXRtX2NvbnRlbnQlMjUzRGRhaWx5JTI1MjZ1dG1fY2FtcGFpZ24lMjUzRFdlYXRoZXIlMjUyNTJCV2lkZ2V0JTIyJTIwJTIwZnJhbWVib3JkZXIlM0QlMjIwJTIyJTIwc2Nyb2xsaW5nJTNEJTIyTk8lMjIlMjBhbGxvd3RyYW5zcGFyZW5jeSUzRCUyMnRydWUlMjIlMjBzYW5kYm94JTNEJTIyYWxsb3ctc2FtZS1vcmlnaW4lMjBhbGxvdy1zY3JpcHRzJTIwYWxsb3ctcG9wdXBzJTIwYWxsb3ctcG9wdXBzLXRvLWVzY2FwZS1zYW5kYm94JTIyJTIwc3R5bGUlM0QlMjJ3aWR0aCUzQSUyMDM3OHB4JTNCaGVpZ2h0JTNBJTIwNDEycHglMjIlM0UlM0MlMkZpZnJhbWUlM0UlM0NkaXYlM0UlM0MlMjEtLSUyMERPJTIwTk9UJTIwUkVNT1ZFJTIwVEhJUyUyMExJTkslMjAtLSUzRSUzQ2ElMjBocmVmJTNEJTIyaHR0cHMlM0ElMkYlMkZ3d3cubWV0ZW9ibHVlLmNvbSUyRmVzJTJGdGllbXBvJTJGc2VtYW5hJTJGemVybWF0dF9zdWl6YV8yNjU3OTI4JTNGdXRtX3NvdXJjZSUzRHdlYXRoZXJfd2lkZ2V0JTI2dXRtX21lZGl1bSUzRGxpbmt1cyUyNnV0bV9jb250ZW50JTNEZGFpbHklMjZ1dG1fY2FtcGFpZ24lM0RXZWF0aGVyJTI1MkJXaWRnZXQlMjIlMjB0YXJnZXQlM0QlMjJfYmxhbmslMjIlM0VtZXRlb2JsdWUlM0MlMkZhJTNFJTNDJTJGZGl2JTNF[\/vc_raw_html][\/vc_column][vc_column width=\u00bb1\/6&#8243;][\/vc_column][\/vc_row]<\/p>\n","protected":false},"excerpt":{"rendered":"<p>[vc_row][vc_column][vc_column_text]No madrugamos tanto como el d\u00eda anterior y poco a poco nos vamos levantando, aseando en la peque\u00f1a fuente y hiendo al ba\u00f1o provisional, port\u00e1til, junto a la misma. Desayunamos con tostadas, aceite y companaje tra\u00eddo por los compa\u00f1eros de Almorad\u00ed; un desayuno de campeones. El d\u00eda despierta sin nubes pero por estar en el&hellip;<\/p>\n","protected":false},"author":1,"featured_media":40180,"comment_status":"open","ping_status":"open","sticky":false,"template":"","format":"standard","meta":[],"categories":[184],"tags":[],"class_list":["post-40238","post","type-post","status-publish","format-standard","has-post-thumbnail","hentry","category-bishorn-y-monte-rosa-2","category-184","description-off"],"_links":{"self":[{"href":"https:\/\/www.monta\u00f1asdelaluna.es\/index.php?rest_route=\/wp\/v2\/posts\/40238","targetHints":{"allow":["GET"]}}],"collection":[{"href":"https:\/\/www.monta\u00f1asdelaluna.es\/index.php?rest_route=\/wp\/v2\/posts"}],"about":[{"href":"https:\/\/www.monta\u00f1asdelaluna.es\/index.php?rest_route=\/wp\/v2\/types\/post"}],"author":[{"embeddable":true,"href":"https:\/\/www.monta\u00f1asdelaluna.es\/index.php?rest_route=\/wp\/v2\/users\/1"}],"replies":[{"embeddable":true,"href":"https:\/\/www.monta\u00f1asdelaluna.es\/index.php?rest_route=%2Fwp%2Fv2%2Fcomments&post=40238"}],"version-history":[{"count":12,"href":"https:\/\/www.monta\u00f1asdelaluna.es\/index.php?rest_route=\/wp\/v2\/posts\/40238\/revisions"}],"predecessor-version":[{"id":49892,"href":"https:\/\/www.monta\u00f1asdelaluna.es\/index.php?rest_route=\/wp\/v2\/posts\/40238\/revisions\/49892"}],"wp:featuredmedia":[{"embeddable":true,"href":"https:\/\/www.monta\u00f1asdelaluna.es\/index.php?rest_route=\/wp\/v2\/media\/40180"}],"wp:attachment":[{"href":"https:\/\/www.monta\u00f1asdelaluna.es\/index.php?rest_route=%2Fwp%2Fv2%2Fmedia&parent=40238"}],"wp:term":[{"taxonomy":"category","embeddable":true,"href":"https:\/\/www.monta\u00f1asdelaluna.es\/index.php?rest_route=%2Fwp%2Fv2%2Fcategories&post=40238"},{"taxonomy":"post_tag","embeddable":true,"href":"https:\/\/www.monta\u00f1asdelaluna.es\/index.php?rest_route=%2Fwp%2Fv2%2Ftags&post=40238"}],"curies":[{"name":"wp","href":"https:\/\/api.w.org\/{rel}","templated":true}]}}