{"id":40593,"date":"2019-07-10T19:44:03","date_gmt":"2019-07-10T19:44:03","guid":{"rendered":"http:\/\/monta\u00f1asdelaluna.com\/?p=40593"},"modified":"2025-11-16T22:27:47","modified_gmt":"2025-11-16T22:27:47","slug":"10-de-julio-de-2-019-miercoles-subida-al-rrefugio-del-monte-rosa-2-883-mts","status":"publish","type":"post","link":"https:\/\/www.monta\u00f1asdelaluna.es\/?p=40593","title":{"rendered":"10 de julio de 2.019, mi\u00e9rcoles. Subida al Refugio del Monte Rosa (2.883 mts.)"},"content":{"rendered":"<p>[vc_row][vc_column][vc_column_text]Nos levantamos sobre las 8 de la ma\u00f1ana para equiparnos y prepararnos para comenzar la actividad: subir al Refugio de Monte Rosa. El d\u00eda ha despertado bueno, solo las nubes bajas tapan la base del Cervino all\u00e1 arriba del valle, pero las cimas y el cielo estaban despejados. Nos har\u00e1 otro estupendo y magn\u00edfico d\u00eda.<\/p>\n<p>Despu\u00e9s del desayuno en aquel bufet del albergue, cogimos las mochilas con todos los hierros y material para ma\u00f1ana hacer el ataque al pico m\u00e1s alto del Monte Rosa, y el resto de compa\u00f1eros que no iban a realizar el intento, el material suficiente para llegar al refugio cruzando glaciares y terrenos escarpado.<\/p>\n<p>El desayuno no estaba mal, hab\u00eda bastante gente hospedada en el albergue juvenil de Zermatt. Tenemos que alimentarnos bien para realizar la actividad sin problemas. Recuerdos de hace 14 a\u00f1os, pero no recuerdos exactos, si no generales de nuestra aventura por este valle y monta\u00f1a. Nostalgia de lo vivido y experimentado en estos mismos lugares con mis viejos compa\u00f1eros, ahora de nuevo, con nuevos amigos y compa\u00f1eros, emprendemos la misma aventura. Como en aquel entonces tenemos que coger el caro tren cremallera que sube a Gornergarat para bajar en Rotenboden y emprender el camino, la senda de bajada al glaciar y al Refugio de Monte Rosa, como hicimos anta\u00f1o. Recuerdo que hace 14 a\u00f1os subimos hasta el final del tren cremallera a Gornergrat, y tuvimos que bajar hasta la parada o estaci\u00f3n anterior, la de Rotenboden. La senda o recorrido sale de Rotenboden\u2026 realmente desde Gornergrat tambi\u00e9n hay una sendilla que te baja y comunica con la senda que sale de Rotenboden, pero \u00e9sta es m\u00e1s empinada y vertical, con peso puede ser lastimera y esforzada, un esfuerzo de m\u00e1s que nos puede desgastar para el ataque de ma\u00f1ana\u2026 tambi\u00e9n es verdad que hace 14 a\u00f1os \u00edbamos mucho m\u00e1s cargados que ahora.<\/p>\n<div id=\"attachment_40372\" style=\"width: 1034px\" class=\"wp-caption aligncenter\"><a class=\"dt-single-image\" href=\"https:\/\/www.monta\u00f1asdelaluna.es\/wp-content\/uploads\/2019\/11\/tren-cremallera-a-rotenboden-delante-joaquin-terres-nuria-y-tere.jpg\" data-dt-img-description=\"\"><img loading=\"lazy\" decoding=\"async\" aria-describedby=\"caption-attachment-40372\" class=\"wp-image-40372 size-large\" src=\"https:\/\/www.monta\u00f1asdelaluna.es\/wp-content\/uploads\/2019\/11\/tren-cremallera-a-rotenboden-delante-joaquin-terres-nuria-y-tere-1024x576.jpg\" alt=\"Tren cremallera a Rotenboden, delante Joaqu\u00edn Terr\u00e9s, Nuria y Tere\" width=\"1024\" height=\"576\" srcset=\"https:\/\/www.monta\u00f1asdelaluna.es\/wp-content\/uploads\/2019\/11\/tren-cremallera-a-rotenboden-delante-joaquin-terres-nuria-y-tere-1024x576.jpg 1024w, https:\/\/www.monta\u00f1asdelaluna.es\/wp-content\/uploads\/2019\/11\/tren-cremallera-a-rotenboden-delante-joaquin-terres-nuria-y-tere-300x169.jpg 300w, https:\/\/www.monta\u00f1asdelaluna.es\/wp-content\/uploads\/2019\/11\/tren-cremallera-a-rotenboden-delante-joaquin-terres-nuria-y-tere.jpg 1976w\" sizes=\"auto, (max-width: 1024px) 100vw, 1024px\" \/><\/a><p id=\"caption-attachment-40372\" class=\"wp-caption-text\">Tren cremallera a Rotenboden, delante Joaqu\u00edn Terr\u00e9s, Nuria y Tere<\/p><\/div>\n<div id=\"attachment_40386\" style=\"width: 1034px\" class=\"wp-caption aligncenter\"><a class=\"dt-single-image\" href=\"https:\/\/www.monta\u00f1asdelaluna.es\/wp-content\/uploads\/2019\/11\/de-izquierda-a-derecha-joaquin-terres-joaquin-murcia-david-isa-leti-nuria-tere-roberto-vicente-y-luis-en-rotenboden.jpg\" data-dt-img-description=\"\"><img loading=\"lazy\" decoding=\"async\" aria-describedby=\"caption-attachment-40386\" class=\"wp-image-40386 size-large\" src=\"https:\/\/www.monta\u00f1asdelaluna.es\/wp-content\/uploads\/2019\/11\/de-izquierda-a-derecha-joaquin-terres-joaquin-murcia-david-isa-leti-nuria-tere-roberto-vicente-y-luis-en-rotenboden-1024x683.jpg\" alt=\"De izquierda a derecha: Joaqu\u00edn Terr\u00e9s, Joaqu\u00edn Murcia, David, Isa, Leti, Nuria, Tere, Roberto, Vicente y Luis, en Rotenboden\" width=\"1024\" height=\"683\" srcset=\"https:\/\/www.monta\u00f1asdelaluna.es\/wp-content\/uploads\/2019\/11\/de-izquierda-a-derecha-joaquin-terres-joaquin-murcia-david-isa-leti-nuria-tere-roberto-vicente-y-luis-en-rotenboden-1024x683.jpg 1024w, https:\/\/www.monta\u00f1asdelaluna.es\/wp-content\/uploads\/2019\/11\/de-izquierda-a-derecha-joaquin-terres-joaquin-murcia-david-isa-leti-nuria-tere-roberto-vicente-y-luis-en-rotenboden-300x200.jpg 300w, https:\/\/www.monta\u00f1asdelaluna.es\/wp-content\/uploads\/2019\/11\/de-izquierda-a-derecha-joaquin-terres-joaquin-murcia-david-isa-leti-nuria-tere-roberto-vicente-y-luis-en-rotenboden.jpg 1788w\" sizes=\"auto, (max-width: 1024px) 100vw, 1024px\" \/><\/a><p id=\"caption-attachment-40386\" class=\"wp-caption-text\">De izquierda a derecha: Joaqu\u00edn Terr\u00e9s, Joaqu\u00edn Murcia, David, Isa, Leti, Nuria, Tere, Roberto, Vicente y Luis, en Rotenboden<\/p><\/div>\n<p>Salimos del albergue deshaciendo el camino de ayer hasta llegar a la placita donde est\u00e1 la estaci\u00f3n de tren y la del tren cremallera (que no es la misma). Cruzamos todo Zermatt para llegar a la nombrada estaci\u00f3n del tren cremallera. Justo llegamos a la estaci\u00f3n cuando sale uno de los trenes, entonces nos da tiempo a comprar los billetes y prepararnos para coger asientos en el tren con las mochilas y material. Y aqu\u00ed, por no recordar los que hicimos hace 14 a\u00f1os cometimos el siguiente error: compramos los billetes en las m\u00e1quinas expendedoras sin pasar por taquilla, si hubi\u00e9ramos comprado todos los billetes en la taquilla de golpe, hubi\u00e9ramos tenido un descuento por ser un grupo. De esta manera las compramos al precio normal. Y a la vez en las m\u00e1quinas expendedoras no sal\u00eda la Estaci\u00f3n de Rotenboden, lugar de donde s\u00ed sab\u00eda que la senda o recorrido sal\u00eda de all\u00ed (eso s\u00ed que se me qued\u00f3 y record\u00e9, no quer\u00eda cometer el error de hace 14 a\u00f1os), sal\u00eda la siguiente y final que era Gornergrat y la anterior que era Riffelberg. Yo sab\u00eda que no hab\u00eda que subir hasta Gornergrat, as\u00ed que indiqu\u00e9 que compraran los billetes de ida y vuelta a Riffelberg\u2026 igual pensaba que no se pod\u00eda llegar a Rotenboden por alguna raz\u00f3n.<\/p>\n<p>Los minutos pasaban mientras la estaci\u00f3n se llenaba de gente y japoneses que intentaban colarse poni\u00e9ndose de pie de cara a la puerta de cristal que da al and\u00e9n del tren cremallera. Antes de que eso ocurriera, nos colocamos nosotros para que no nos quitasen el derecho por llegar antes de escoger asiento en el tren.<\/p>\n<p>Llega el tren, descarga la gente que baja del mismo y al cabo de otros minutos abren las puertas para que subamos nosotros. Las puertas de subida o bajada del tren cremallera desde la estaci\u00f3n, son diferentes. Ya montados en el tren cremallera cogemos los primeros asientos Joaqu\u00edn y yo, y detr\u00e1s Tere, Isa y Nuria, sabiendo que a medida que fu\u00e9ramos subiendo la visi\u00f3n del espectacular Cervino se ir\u00eda haciendo m\u00e1s clara e impresionante desde aqu\u00ed. Y as\u00ed pas\u00f3.<\/p>\n<div id=\"attachment_40382\" style=\"width: 1034px\" class=\"wp-caption aligncenter\"><a class=\"dt-single-image\" href=\"https:\/\/www.monta\u00f1asdelaluna.es\/wp-content\/uploads\/2019\/11\/el-cervino-desde-rotenboden.jpg\" data-dt-img-description=\"\"><img loading=\"lazy\" decoding=\"async\" aria-describedby=\"caption-attachment-40382\" class=\"wp-image-40382 size-large\" src=\"https:\/\/www.monta\u00f1asdelaluna.es\/wp-content\/uploads\/2019\/11\/el-cervino-desde-rotenboden-1024x683.jpg\" alt=\"El Cervino desde Rotenboden\" width=\"1024\" height=\"683\" srcset=\"https:\/\/www.monta\u00f1asdelaluna.es\/wp-content\/uploads\/2019\/11\/el-cervino-desde-rotenboden-1024x683.jpg 1024w, https:\/\/www.monta\u00f1asdelaluna.es\/wp-content\/uploads\/2019\/11\/el-cervino-desde-rotenboden-300x200.jpg 300w, https:\/\/www.monta\u00f1asdelaluna.es\/wp-content\/uploads\/2019\/11\/el-cervino-desde-rotenboden.jpg 1788w\" sizes=\"auto, (max-width: 1024px) 100vw, 1024px\" \/><\/a><p id=\"caption-attachment-40382\" class=\"wp-caption-text\">El Cervino desde Rotenboden<\/p><\/div>\n<div id=\"attachment_40383\" style=\"width: 1034px\" class=\"wp-caption aligncenter\"><a class=\"dt-single-image\" href=\"https:\/\/www.monta\u00f1asdelaluna.es\/wp-content\/uploads\/2019\/11\/el-weisshorn-desde-rotenboden.jpg\" data-dt-img-description=\"\"><img loading=\"lazy\" decoding=\"async\" aria-describedby=\"caption-attachment-40383\" class=\"wp-image-40383 size-large\" src=\"https:\/\/www.monta\u00f1asdelaluna.es\/wp-content\/uploads\/2019\/11\/el-weisshorn-desde-rotenboden-1024x683.jpg\" alt=\"El Weisshorn desde Rotenboden\" width=\"1024\" height=\"683\" srcset=\"https:\/\/www.monta\u00f1asdelaluna.es\/wp-content\/uploads\/2019\/11\/el-weisshorn-desde-rotenboden-1024x683.jpg 1024w, https:\/\/www.monta\u00f1asdelaluna.es\/wp-content\/uploads\/2019\/11\/el-weisshorn-desde-rotenboden-300x200.jpg 300w, https:\/\/www.monta\u00f1asdelaluna.es\/wp-content\/uploads\/2019\/11\/el-weisshorn-desde-rotenboden.jpg 1788w\" sizes=\"auto, (max-width: 1024px) 100vw, 1024px\" \/><\/a><p id=\"caption-attachment-40383\" class=\"wp-caption-text\">El Weisshorn desde Rotenboden<\/p><\/div>\n<p>Al cabo de un tiempo el tren cremallera pasa y para en la Estaci\u00f3n de Riffelberg y aqu\u00ed nos bajamos \u00a1No es Rotenboden! \u00a1Debemos de salir de Rotenboden! As\u00ed que entre dudas e indecisiones al final decidimos ahorrarnos la pateada por senda hasta la estaci\u00f3n siguiente (Rotenboden), eran casi 250 metros de desnivel, y comprar billetes de solo ida a Rotenboden. El amable taquillero nos aconsej\u00f3 para comprarlas en grupo y tener un ahorro. Solo compramos de ida por que a la vuelta podr\u00edamos bajar sin problemas caminando. No es lo mismo subir y hacer el resto de la actividad que nos queda, que haber acabado la actividad y tener que bajar 250 metros.<\/p>\n<p>Con lo que finalmente llegamos a Rotenboden y salimos de la estaci\u00f3n en busca del camino a seguir. Aqu\u00ed los compa\u00f1eros hicieron sus fotos y se acercaron a un mirador cercano, siempre con las impresionantes vistas del Cervino, y de las monta\u00f1as que cercan la Mattertal, desde el Ober Gabelhorn hasta el picudo Weisshorn. El d\u00eda segu\u00eda buen\u00edsimo de luz y claridad, unas vistas incre\u00edbles. Magn\u00edfico. Al otro lado, hacia el sur, pudimos descubrir las primeras vistas de lo que ser\u00e1 nuestro paisaje estos tres d\u00edas: la cara norte del Breithorn cargado de glaciares, blancos, perfectos seracs colgados en vertientes verticales y escarpadas de negra roca. Precioso. Tenemos que dirigirnos hac\u00eda esta parte, dejando las vistas hacia el Mattertal que ya no volveremos a admirar hasta la bajada dentro de dos d\u00edas.<\/p>\n<p>Mucha gente, turistas, excursionistas rondan este abarrotado lugar, tambi\u00e9n completado por dos lagunitas y un escarpado piquito, aguja. Es Rotenboden. Ahora debemos seguir el recorrido ya realizado hace 14 a\u00f1os en <a href=\"https:\/\/www.monta\u00f1asdelaluna.es\/?p=40297\" target=\"_blank\" rel=\"noopener\">Aproximaci\u00f3n al Monte Rosa<\/a>, que coge las se\u00f1as de los carteles indicadores y sendas muy bien marcadas, en busca del Refugio de Monte Rosa y del glaciar; mientras miramos la espeluznante y preciosa cara norte del Breithorn.<\/p>\n<div id=\"attachment_40393\" style=\"width: 1034px\" class=\"wp-caption aligncenter\"><a class=\"dt-single-image\" href=\"https:\/\/www.monta\u00f1asdelaluna.es\/wp-content\/uploads\/2019\/11\/podemos-observar-la-huella-de-subida-a-sattel-y-a-la-dufourspitze-sobre-el-glaciar-del-monte-rosa-en-el-centro-a-la-izquierda-el-nordend.jpg\" data-dt-img-description=\"\"><img loading=\"lazy\" decoding=\"async\" aria-describedby=\"caption-attachment-40393\" class=\"wp-image-40393 size-large\" src=\"https:\/\/www.monta\u00f1asdelaluna.es\/wp-content\/uploads\/2019\/11\/podemos-observar-la-huella-de-subida-a-sattel-y-a-la-dufourspitze-sobre-el-glaciar-del-monte-rosa-en-el-centro-a-la-izquierda-el-nordend-1024x683.jpg\" alt=\"Podemos observar la huella de subida a Sattel y a la Dufourspitze sobre el Glaciar del Monte Rosa (en el centro), a la izquierda el Nordend\" width=\"1024\" height=\"683\" srcset=\"https:\/\/www.monta\u00f1asdelaluna.es\/wp-content\/uploads\/2019\/11\/podemos-observar-la-huella-de-subida-a-sattel-y-a-la-dufourspitze-sobre-el-glaciar-del-monte-rosa-en-el-centro-a-la-izquierda-el-nordend-1024x683.jpg 1024w, https:\/\/www.monta\u00f1asdelaluna.es\/wp-content\/uploads\/2019\/11\/podemos-observar-la-huella-de-subida-a-sattel-y-a-la-dufourspitze-sobre-el-glaciar-del-monte-rosa-en-el-centro-a-la-izquierda-el-nordend-300x200.jpg 300w, https:\/\/www.monta\u00f1asdelaluna.es\/wp-content\/uploads\/2019\/11\/podemos-observar-la-huella-de-subida-a-sattel-y-a-la-dufourspitze-sobre-el-glaciar-del-monte-rosa-en-el-centro-a-la-izquierda-el-nordend.jpg 1788w\" sizes=\"auto, (max-width: 1024px) 100vw, 1024px\" \/><\/a><p id=\"caption-attachment-40393\" class=\"wp-caption-text\">Podemos observar la huella de subida a Sattel y a la Dufourspitze sobre el Glaciar del Monte Rosa (en el centro), a la izquierda el Nordend<\/p><\/div>\n<div id=\"attachment_40391\" style=\"width: 1034px\" class=\"wp-caption aligncenter\"><a class=\"dt-single-image\" href=\"https:\/\/www.monta\u00f1asdelaluna.es\/wp-content\/uploads\/2019\/11\/a-la-izquierda-el-monte-rosa-con-el-nordend-y-dufourspitze-glacair-grenx-en-el-centro-y-a-la-derecha-el-liskamm-abajo-glaciar-gorner.jpg\" data-dt-img-description=\"\"><img loading=\"lazy\" decoding=\"async\" aria-describedby=\"caption-attachment-40391\" class=\"wp-image-40391 size-large\" src=\"https:\/\/www.monta\u00f1asdelaluna.es\/wp-content\/uploads\/2019\/11\/a-la-izquierda-el-monte-rosa-con-el-nordend-y-dufourspitze-glacair-grenx-en-el-centro-y-a-la-derecha-el-liskamm-abajo-glaciar-gorner-1024x683.jpg\" alt=\"A la izquierda el Monte Rosa con el Nordend y Dufourspitze, Glacair Grenx en el centro y a la derecha el Liskamm. Abajo Glaciar Gorner\" width=\"1024\" height=\"683\" srcset=\"https:\/\/www.monta\u00f1asdelaluna.es\/wp-content\/uploads\/2019\/11\/a-la-izquierda-el-monte-rosa-con-el-nordend-y-dufourspitze-glacair-grenx-en-el-centro-y-a-la-derecha-el-liskamm-abajo-glaciar-gorner-1024x683.jpg 1024w, https:\/\/www.monta\u00f1asdelaluna.es\/wp-content\/uploads\/2019\/11\/a-la-izquierda-el-monte-rosa-con-el-nordend-y-dufourspitze-glacair-grenx-en-el-centro-y-a-la-derecha-el-liskamm-abajo-glaciar-gorner-300x200.jpg 300w, https:\/\/www.monta\u00f1asdelaluna.es\/wp-content\/uploads\/2019\/11\/a-la-izquierda-el-monte-rosa-con-el-nordend-y-dufourspitze-glacair-grenx-en-el-centro-y-a-la-derecha-el-liskamm-abajo-glaciar-gorner.jpg 1788w\" sizes=\"auto, (max-width: 1024px) 100vw, 1024px\" \/><\/a><p id=\"caption-attachment-40391\" class=\"wp-caption-text\">A la izquierda el Monte Rosa con el Nordend y Dufourspitze, Glacair Grenx en el centro y a la derecha el Liskamm. Abajo Glaciar Gorner<\/p><\/div>\n<p>La senda baja, gira y se oculta al otro lado de la loma en la que estamos, de la Gornergrat, la cresta Gorner, nos metemos en un valle protagonizado por un gigantesco glaciar que ocupa todo el fondo: es el Glaciar Gorner. Y de repente al girar, encontramos en frente de nosotros y a la derecha todas esas altas y espectaculares monta\u00f1as que con sus nieves y glaciares que alimentan este Glaciar Gorner y Glaciar Grenx. Y descritas en <a href=\"http:\/\/monta\u00f1asdelaluna.com\/2005\/08\/09\/9-de-agosto-de-2-005-martes-aproximacion-al-monte-rosa\/\" target=\"_blank\" rel=\"noopener\">Aproximaci\u00f3n al Monte Rosa<\/a>, no dejo de admirar y de quedarme boquiabierto ante las nevadas, heladas y altas Monte Rosa, Liskamm, Castor, Pollux, Breithorn\u2026 preciosas y desafiantes desde aqu\u00ed. Ahora las vistas del Cervino quedan a nuestra espalda, los protagonistas han pasado a los glaciares y al Monte Rosa con sus altos hermanos.<\/p>\n<p>Mientras bajamos en busca del glaciar, intento observar si los hielos han bajado su volumen, si nivel, su grandeza y tama\u00f1o. No puedo recordar con exactitud, parece que est\u00e1 igual que hace 14 a\u00f1os, pero s\u00e9 que no es cierto. Me complacer\u00e9 pensando que \u201cparece que todo est\u00e1 igual\u201d y olvidar\u00e9 el cambio clim\u00e1tico y del camino a la desaparici\u00f3n de los glaciares alpinos. Pido que me hagan fotos casi iguales a las que me hicieron en este mismo lugar con vistas al Monte Rosa; un antes y un despu\u00e9s \u00bfcomprobaremos la diferencia del paso del tiempo? Nostalgia.<\/p>\n<div id=\"attachment_40395\" style=\"width: 1034px\" class=\"wp-caption aligncenter\"><a class=\"dt-single-image\" href=\"https:\/\/www.monta\u00f1asdelaluna.es\/wp-content\/uploads\/2019\/11\/bajando-al-glaciar-gorner-delante-joaquin-terres-con-el-monte-rosa-detras-el-liskamm-a-la-derecha-y-el-glaciar-grenx-gorner-en-el-centro-y-abajo.jpg\" data-dt-img-description=\"\"><img loading=\"lazy\" decoding=\"async\" aria-describedby=\"caption-attachment-40395\" class=\"wp-image-40395 size-large\" src=\"https:\/\/www.monta\u00f1asdelaluna.es\/wp-content\/uploads\/2019\/11\/bajando-al-glaciar-gorner-delante-joaquin-terres-con-el-monte-rosa-detras-el-liskamm-a-la-derecha-y-el-glaciar-grenx-gorner-en-el-centro-y-abajo-1024x683.jpg\" alt=\"Bajando al Glaciar Gorner, delante Joaqu\u00edn Terr\u00e9s con el Monte Rosa detr\u00e1s, el Liskamm a la derecha y el Glaciar Grenx-Gorner en el centro y abajo\" width=\"1024\" height=\"683\" srcset=\"https:\/\/www.monta\u00f1asdelaluna.es\/wp-content\/uploads\/2019\/11\/bajando-al-glaciar-gorner-delante-joaquin-terres-con-el-monte-rosa-detras-el-liskamm-a-la-derecha-y-el-glaciar-grenx-gorner-en-el-centro-y-abajo-1024x683.jpg 1024w, https:\/\/www.monta\u00f1asdelaluna.es\/wp-content\/uploads\/2019\/11\/bajando-al-glaciar-gorner-delante-joaquin-terres-con-el-monte-rosa-detras-el-liskamm-a-la-derecha-y-el-glaciar-grenx-gorner-en-el-centro-y-abajo-300x200.jpg 300w, https:\/\/www.monta\u00f1asdelaluna.es\/wp-content\/uploads\/2019\/11\/bajando-al-glaciar-gorner-delante-joaquin-terres-con-el-monte-rosa-detras-el-liskamm-a-la-derecha-y-el-glaciar-grenx-gorner-en-el-centro-y-abajo.jpg 1788w\" sizes=\"auto, (max-width: 1024px) 100vw, 1024px\" \/><\/a><p id=\"caption-attachment-40395\" class=\"wp-caption-text\">Bajando al Glaciar Gorner, delante Joaqu\u00edn Terr\u00e9s con el Monte Rosa detr\u00e1s, el Liskamm a la derecha y el Glaciar Grenx-Gorner en el centro y abajo<\/p><\/div>\n<div id=\"attachment_40394\" style=\"width: 1034px\" class=\"wp-caption aligncenter\"><a class=\"dt-single-image\" href=\"https:\/\/www.monta\u00f1asdelaluna.es\/wp-content\/uploads\/2019\/11\/bajando-al-glaciar-gorner-delante-nuria-y-leti-al-fondo-el-cervino.jpg\" data-dt-img-description=\"\"><img loading=\"lazy\" decoding=\"async\" aria-describedby=\"caption-attachment-40394\" class=\"wp-image-40394 size-large\" src=\"https:\/\/www.monta\u00f1asdelaluna.es\/wp-content\/uploads\/2019\/11\/bajando-al-glaciar-gorner-delante-nuria-y-leti-al-fondo-el-cervino-1024x683.jpg\" alt=\"Bajando al Glaciar Gorner, delante Nuria y Leti, al fondo el Cervino\" width=\"1024\" height=\"683\" srcset=\"https:\/\/www.monta\u00f1asdelaluna.es\/wp-content\/uploads\/2019\/11\/bajando-al-glaciar-gorner-delante-nuria-y-leti-al-fondo-el-cervino-1024x683.jpg 1024w, https:\/\/www.monta\u00f1asdelaluna.es\/wp-content\/uploads\/2019\/11\/bajando-al-glaciar-gorner-delante-nuria-y-leti-al-fondo-el-cervino-300x200.jpg 300w, https:\/\/www.monta\u00f1asdelaluna.es\/wp-content\/uploads\/2019\/11\/bajando-al-glaciar-gorner-delante-nuria-y-leti-al-fondo-el-cervino.jpg 1788w\" sizes=\"auto, (max-width: 1024px) 100vw, 1024px\" \/><\/a><p id=\"caption-attachment-40394\" class=\"wp-caption-text\">Bajando al Glaciar Gorner, delante Nuria y Leti, al fondo el Cervino<\/p><\/div>\n<p>Me fijo durante un tiempo en la cima del Monte Rosa, como si intentara imaginarme o visualizar la subida, planearla, organizarla en mi mente. Y de repente observo la enorme rimaya que se ha abierto justo bajo la congelada loma escarpada y vertical (el lugar donde Jes\u00fas santana se vio inseguro en <a href=\"https:\/\/www.monta\u00f1asdelaluna.es\/?p=40354\" target=\"_blank\" rel=\"noopener\">Subida al Monte Rosa<\/a>) que nos sube a la cresta de la Dufourspitze, justo arriba de Satteltole (collado de Sattel). No recuerdo esta rimaya hace 14 a\u00f1os. No recuerdo esta nueva dificultad. Tendremos que subir preparados para superarla, m\u00ednimo con los 2 piolets t\u00e9cnicos, cuerda\u2026 despu\u00e9s de las sorpresas encontradas en la subida al Finsteraarhorn, no escatimo en precauci\u00f3n y material para el \u00e9xito de la ascensi\u00f3n y conquista. Les comento al resto de compa\u00f1eros, ya que me sorprende este cambio\u2026 ciertamente el glaciar est\u00e1 cambiado, aunque se vea igual de blanco, igual de ondulado en sus laderas y perfiles helados \u00a1Veremos c\u00f3mo lo afrontamos!<\/p>\n<p>Hago fotos a la monta\u00f1a. Con el zoom llego a fotografiar la huella de la subida hasta Satteltole; larga, empinada, por todas las heladas, blancas laderas onduladas del Glaciar de Monte Rosa. La imagen es perfecta, el d\u00eda as\u00ed acompa\u00f1a en la calidad de la imagen, de la visi\u00f3n. Espectacular.<\/p>\n<p>Seguimos la senda nombrada f\u00e1cil y con unas vistas impresionantes, en busca de los l\u00edmites del glaciar. Y llegamos a otro cruce justo despu\u00e9s de cruzarnos con japoneses y otros domingueros que han llegado hasta los l\u00edmites del glaciar y se vuelven a la estaci\u00f3n de Rotenboden. Antes tambi\u00e9n hemos pasado por el cruce de la senda que sube vertical a Gornergrat.<\/p>\n<div id=\"attachment_40397\" style=\"width: 1034px\" class=\"wp-caption aligncenter\"><a class=\"dt-single-image\" href=\"https:\/\/www.monta\u00f1asdelaluna.es\/wp-content\/uploads\/2019\/11\/delante-nuria-leti-tere-roberto-e-isa-con-el-breithorn-detras.jpg\" data-dt-img-description=\"\"><img loading=\"lazy\" decoding=\"async\" aria-describedby=\"caption-attachment-40397\" class=\"wp-image-40397 size-large\" src=\"https:\/\/www.monta\u00f1asdelaluna.es\/wp-content\/uploads\/2019\/11\/delante-nuria-leti-tere-roberto-e-isa-con-el-breithorn-detras-1024x683.jpg\" alt=\"Delante Nuria, leti, Tere, Roberto e Isa con el Breithorn detr\u00e1s\" width=\"1024\" height=\"683\" srcset=\"https:\/\/www.monta\u00f1asdelaluna.es\/wp-content\/uploads\/2019\/11\/delante-nuria-leti-tere-roberto-e-isa-con-el-breithorn-detras-1024x683.jpg 1024w, https:\/\/www.monta\u00f1asdelaluna.es\/wp-content\/uploads\/2019\/11\/delante-nuria-leti-tere-roberto-e-isa-con-el-breithorn-detras-300x200.jpg 300w, https:\/\/www.monta\u00f1asdelaluna.es\/wp-content\/uploads\/2019\/11\/delante-nuria-leti-tere-roberto-e-isa-con-el-breithorn-detras.jpg 1788w\" sizes=\"auto, (max-width: 1024px) 100vw, 1024px\" \/><\/a><p id=\"caption-attachment-40397\" class=\"wp-caption-text\">Delante Nuria, leti, Tere, Roberto e Isa con el Breithorn detr\u00e1s<\/p><\/div>\n<div id=\"attachment_40374\" style=\"width: 1034px\" class=\"wp-caption aligncenter\"><a class=\"dt-single-image\" href=\"https:\/\/www.monta\u00f1asdelaluna.es\/wp-content\/uploads\/2019\/11\/cruce-de-recorridos-para-llegar-al-refugio-de-monte-rosa-arriba-el-monte-rosa-con-la-dufourspitze-el-de-la-derecha-a-la-izquierda-el-glaciar-gorner-y-a-la-derecha-el-glaciar-grenx.jpg\" data-dt-img-description=\"\"><img loading=\"lazy\" decoding=\"async\" aria-describedby=\"caption-attachment-40374\" class=\"wp-image-40374 size-large\" src=\"https:\/\/www.monta\u00f1asdelaluna.es\/wp-content\/uploads\/2019\/11\/cruce-de-recorridos-para-llegar-al-refugio-de-monte-rosa-arriba-el-monte-rosa-con-la-dufourspitze-el-de-la-derecha-a-la-izquierda-el-glaciar-gorner-y-a-la-derecha-el-glaciar-grenx-1024x576.jpg\" alt=\"Cruce de recorridos para llegar al Refugio de Monte Rosa. Arriba el Monte Rosa con la Dufourspitze el de la derecha. A la izquierda el Glaciar Gorner y a la derecha el Glaciar Grenx\" width=\"1024\" height=\"576\" srcset=\"https:\/\/www.monta\u00f1asdelaluna.es\/wp-content\/uploads\/2019\/11\/cruce-de-recorridos-para-llegar-al-refugio-de-monte-rosa-arriba-el-monte-rosa-con-la-dufourspitze-el-de-la-derecha-a-la-izquierda-el-glaciar-gorner-y-a-la-derecha-el-glaciar-grenx-1024x576.jpg 1024w, https:\/\/www.monta\u00f1asdelaluna.es\/wp-content\/uploads\/2019\/11\/cruce-de-recorridos-para-llegar-al-refugio-de-monte-rosa-arriba-el-monte-rosa-con-la-dufourspitze-el-de-la-derecha-a-la-izquierda-el-glaciar-gorner-y-a-la-derecha-el-glaciar-grenx-300x169.jpg 300w, https:\/\/www.monta\u00f1asdelaluna.es\/wp-content\/uploads\/2019\/11\/cruce-de-recorridos-para-llegar-al-refugio-de-monte-rosa-arriba-el-monte-rosa-con-la-dufourspitze-el-de-la-derecha-a-la-izquierda-el-glaciar-gorner-y-a-la-derecha-el-glaciar-grenx.jpg 1976w\" sizes=\"auto, (max-width: 1024px) 100vw, 1024px\" \/><\/a><p id=\"caption-attachment-40374\" class=\"wp-caption-text\">Cruce de recorridos para llegar al Refugio de Monte Rosa. Arriba el Monte Rosa con la Dufourspitze el de la derecha. A la izquierda el Glaciar Gorner y a la derecha el Glaciar Grenx<\/p><\/div>\n<p>Un poste indicador de recorridos nos sorprende. Hay dos recorridos para llegar hasta el Refugio del Monte Rosa: uno pasa por abajo, el Glaciar Gorner y Grenx, y la otra sube por el Glaciar Gorner y hace un recorrido a m\u00e1s altura. Yo no conoc\u00eda el recorrido por la parte m\u00e1s alta, pero vemos a gente, monta\u00f1eros que se dirige por este lado y comienza a subir por la lengua del glaciar que queda a la izquierda, que es el Glaciar Gorner que baja desde las partes m\u00e1s altas y norte del Monte Rosa, parece m\u00e1s concurrida y f\u00e1cil. Pero no la conozco, y s\u00ed recuerdo algo del recorrido por la parte de abajo entre el Glaciar Gorner y el Grenx que nos llev\u00f3 hace 14 a\u00f1os hasta las puertas del Refugio de Monte Rosa; sobre todo lo recuerdo espectacular y emocionante por esos pasos entre las \u201colas\u201d heladas del glaciar.<\/p>\n<p>Vicente parece que ha mirado las se\u00f1as actuales del recorrido hasta el refugio y me dice como est\u00e1 un lado y el otro. Yo le hago medio caso y le digo que hoy iremos por el recorrido de abajo, que es el que conozco, y a la vuelta, si es mejor o peor \u00e9ste, iremos por el recorrido de arriba.<\/p>\n<div id=\"attachment_40375\" style=\"width: 1034px\" class=\"wp-caption aligncenter\"><a class=\"dt-single-image\" href=\"https:\/\/www.monta\u00f1asdelaluna.es\/wp-content\/uploads\/2019\/11\/cruce-de-recorridos-para-llegar-al-refugio-de-monte-rosa-escogemos-el-recorrido-por-el-glaciar-grenx-delante-el-glaciar-gorner.jpg\" data-dt-img-description=\"\"><img loading=\"lazy\" decoding=\"async\" aria-describedby=\"caption-attachment-40375\" class=\"wp-image-40375 size-large\" src=\"https:\/\/www.monta\u00f1asdelaluna.es\/wp-content\/uploads\/2019\/11\/cruce-de-recorridos-para-llegar-al-refugio-de-monte-rosa-escogemos-el-recorrido-por-el-glaciar-grenx-delante-el-glaciar-gorner-1024x576.jpg\" alt=\"Cruce de recorridos para llegar al Refugio de Monte Rosa. Escogemos el recorrido por el Glaciar Grenx. Delante el Glaciar Gorner\" width=\"1024\" height=\"576\" srcset=\"https:\/\/www.monta\u00f1asdelaluna.es\/wp-content\/uploads\/2019\/11\/cruce-de-recorridos-para-llegar-al-refugio-de-monte-rosa-escogemos-el-recorrido-por-el-glaciar-grenx-delante-el-glaciar-gorner-1024x576.jpg 1024w, https:\/\/www.monta\u00f1asdelaluna.es\/wp-content\/uploads\/2019\/11\/cruce-de-recorridos-para-llegar-al-refugio-de-monte-rosa-escogemos-el-recorrido-por-el-glaciar-grenx-delante-el-glaciar-gorner-300x169.jpg 300w, https:\/\/www.monta\u00f1asdelaluna.es\/wp-content\/uploads\/2019\/11\/cruce-de-recorridos-para-llegar-al-refugio-de-monte-rosa-escogemos-el-recorrido-por-el-glaciar-grenx-delante-el-glaciar-gorner.jpg 1976w\" sizes=\"auto, (max-width: 1024px) 100vw, 1024px\" \/><\/a><p id=\"caption-attachment-40375\" class=\"wp-caption-text\">Cruce de recorridos para llegar al Refugio de Monte Rosa. Escogemos el recorrido por el Glaciar Grenx. Delante el Glaciar Gorner<\/p><\/div>\n<div id=\"attachment_40401\" style=\"width: 1034px\" class=\"wp-caption aligncenter\"><a class=\"dt-single-image\" href=\"https:\/\/www.monta\u00f1asdelaluna.es\/wp-content\/uploads\/2019\/11\/IMG_0915.jpg\" data-dt-img-description=\"\"><img loading=\"lazy\" decoding=\"async\" aria-describedby=\"caption-attachment-40401\" class=\"wp-image-40401 size-large\" src=\"https:\/\/www.monta\u00f1asdelaluna.es\/wp-content\/uploads\/2019\/11\/IMG_0915-1024x683.jpg\" alt=\"Escaleras y pasarelas en el recorrido que pasa por el Glaciar Grenx\" width=\"1024\" height=\"683\" srcset=\"https:\/\/www.monta\u00f1asdelaluna.es\/wp-content\/uploads\/2019\/11\/IMG_0915-1024x683.jpg 1024w, https:\/\/www.monta\u00f1asdelaluna.es\/wp-content\/uploads\/2019\/11\/IMG_0915-300x200.jpg 300w, https:\/\/www.monta\u00f1asdelaluna.es\/wp-content\/uploads\/2019\/11\/IMG_0915.jpg 1788w\" sizes=\"auto, (max-width: 1024px) 100vw, 1024px\" \/><\/a><p id=\"caption-attachment-40401\" class=\"wp-caption-text\">Escaleras y pasarelas en el recorrido que pasa por el Glaciar Grenx<\/p><\/div>\n<p>Al poco tiempo de coger la senda de bajada nos encontramos con un cortado, un barranco, una pared en el recorrido, que es superada por unas escaleras clavadas en la misma pared\u2026 \u00a1El recorrido comienza a ponerse interesante! Fotos, risas y emociones mientras bajamos por estas escaleras met\u00e1licas; son unos 20 metros o m\u00e1s de pared. Bajo ella un estruendoso arroyo con agua muy violenta y revoltosa que es evitado por una pasarela, un puente, nada m\u00e1s bajar de las escaleras.<\/p>\n<p>A partir de aqu\u00ed seguimos las se\u00f1as del recorrido en busca del glaciar, ante mi sorpresa, giramos a la izquierda en busca de otra parte m\u00e1s baja del Glaciar Gorner (m\u00e1s bajo del recorrido que va a m\u00e1s altura). Un peque\u00f1o paso, un saltito que parece te vayas a colar dentro de la rimaya del glaciar, pero que al final no tiene peligro\u2026 y ya estamos en el Glaciar Gorner.<\/p>\n<p>Bajamos la lengua del glaciar abajo en busca de su fondo, en busca de la parte m\u00e1s baja por esta f\u00e1cil masa de hielo. La roca de la monta\u00f1a, de la ladera queda a nuestra derecha, a la izquierda queda todo el vac\u00edo y espacio bajo el cual navega, vive y domina el Glaciar Gorner (ya unido al Glaciar Grenx) con todas sus piedras, rocas y tierra que erosiona de la monta\u00f1a y se lleva a lomos mientras baja de las alturas. Precioso.<\/p>\n<div id=\"attachment_40405\" style=\"width: 1034px\" class=\"wp-caption aligncenter\"><a class=\"dt-single-image\" href=\"https:\/\/www.monta\u00f1asdelaluna.es\/wp-content\/uploads\/2019\/11\/pasos-para-bajar-al-glaciar-delante-isa-y-roberto.jpg\" data-dt-img-description=\"\"><img loading=\"lazy\" decoding=\"async\" aria-describedby=\"caption-attachment-40405\" class=\"wp-image-40405 size-large\" src=\"https:\/\/www.monta\u00f1asdelaluna.es\/wp-content\/uploads\/2019\/11\/pasos-para-bajar-al-glaciar-delante-isa-y-roberto-1024x683.jpg\" alt=\"Pasos para bajar al glaciar, delante Isa y Roberto\" width=\"1024\" height=\"683\" srcset=\"https:\/\/www.monta\u00f1asdelaluna.es\/wp-content\/uploads\/2019\/11\/pasos-para-bajar-al-glaciar-delante-isa-y-roberto-1024x683.jpg 1024w, https:\/\/www.monta\u00f1asdelaluna.es\/wp-content\/uploads\/2019\/11\/pasos-para-bajar-al-glaciar-delante-isa-y-roberto-300x200.jpg 300w, https:\/\/www.monta\u00f1asdelaluna.es\/wp-content\/uploads\/2019\/11\/pasos-para-bajar-al-glaciar-delante-isa-y-roberto.jpg 1788w\" sizes=\"auto, (max-width: 1024px) 100vw, 1024px\" \/><\/a><p id=\"caption-attachment-40405\" class=\"wp-caption-text\">Pasos para bajar al glaciar, delante Isa y Roberto<\/p><\/div>\n<div id=\"attachment_40409\" style=\"width: 1034px\" class=\"wp-caption aligncenter\"><a class=\"dt-single-image\" href=\"https:\/\/www.monta\u00f1asdelaluna.es\/wp-content\/uploads\/2019\/11\/IMG_0926.jpg\" data-dt-img-description=\"\"><img loading=\"lazy\" decoding=\"async\" aria-describedby=\"caption-attachment-40409\" class=\"wp-image-40409 size-large\" src=\"https:\/\/www.monta\u00f1asdelaluna.es\/wp-content\/uploads\/2019\/11\/IMG_0926-1024x683.jpg\" alt=\"Recorremos un trozo del Glaciar Gorner, delante Nuria, Tere y Leti\" width=\"1024\" height=\"683\" srcset=\"https:\/\/www.monta\u00f1asdelaluna.es\/wp-content\/uploads\/2019\/11\/IMG_0926-1024x683.jpg 1024w, https:\/\/www.monta\u00f1asdelaluna.es\/wp-content\/uploads\/2019\/11\/IMG_0926-300x200.jpg 300w, https:\/\/www.monta\u00f1asdelaluna.es\/wp-content\/uploads\/2019\/11\/IMG_0926.jpg 1788w\" sizes=\"auto, (max-width: 1024px) 100vw, 1024px\" \/><\/a><p id=\"caption-attachment-40409\" class=\"wp-caption-text\">Recorremos un trozo del Glaciar Gorner, delante Nuria, Tere y Leti<\/p><\/div>\n<p>Llegamos a la parte baja de esta lengua y salimos del glaciar (o no), al menos esa es la impresi\u00f3n que nos da, pero realmente seguimos por encima de todas las piedras, rocas, terreno que han quedado encima de las congelados y rugosos suelos del glaciar, justo cuando el Glaciar Gorner a la izquierda, baja y se une al Glaciar Grenx que viene justo de enfrente nuestro, desde las bases del Liskamm, Castor y Pollux. Y el recorrido se\u00f1alizado por balizas (esta vez no son tr\u00edpodes como en <a href=\"https:\/\/www.monta\u00f1asdelaluna.es\/?p=40297\" target=\"_blank\" rel=\"noopener\">Aproximaci\u00f3n al Monte Rosa<\/a>, sino palos de color rojo y blanco como si fueran esas balizas que se clavan en los bordes de las carreteras y caminos que suben puertos de monta\u00f1a, estaciones de esqu\u00ed y se cubren de nieve). Giramos hacia la izquierda serpenteando y evitando grietas, paredes de hielo y un caos de piedras y hielo, como si todo estuviera por ordenar, por montar, por crear, por organizar\u2026 el recorrido fue interesante pero no ten\u00eda nada que ver con el recorrido realizado hace 14 a\u00f1os.<\/p>\n<p>Llega un momento que el recorrido salta el l\u00edmite de uni\u00f3n de los dos glaciares para seguir por el glaciar que baja de las laderas del Liskamm, el Glaciar Grenx, seguimos las balizas \u201cde nieve\u201d. Hace 14 a\u00f1os esta parte de recorrido por la lengua glaciar que baja del Glaciar Grenx era m\u00e1s largo y espectacular, la de hoy es m\u00e1s peligrosa y fea\u2026 el glaciar cambia, el recorrido cambia con el glaciar. Desde el fondo de este valle por donde discurr\u00eda el Glaciar Gorner, descubrimos en una ladera rocosa el edificio del Refugio del Monte Rosa. Era la primera vez que lo ve\u00edamos, all\u00e1 arriba, en la lejan\u00eda, en la inmensidad de este lugar: parece una especie de cubo met\u00e1lico. Vicente me dice que tiene un aire al nuevo refugio de G\u00f4uter en el Mont Blanc.<\/p>\n<div id=\"attachment_40442\" style=\"width: 1034px\" class=\"wp-caption aligncenter\"><a class=\"dt-single-image\" href=\"https:\/\/www.monta\u00f1asdelaluna.es\/wp-content\/uploads\/2019\/11\/recorrido-hacia-el-glaciar-grenx-delante-leti.jpg\" data-dt-img-description=\"\"><img loading=\"lazy\" decoding=\"async\" aria-describedby=\"caption-attachment-40442\" class=\"wp-image-40442 size-large\" src=\"https:\/\/www.monta\u00f1asdelaluna.es\/wp-content\/uploads\/2019\/11\/recorrido-hacia-el-glaciar-grenx-delante-leti-1024x768.jpg\" alt=\"Recorrido hacia el Glaciar Grenx, delante Leti\" width=\"1024\" height=\"768\" srcset=\"https:\/\/www.monta\u00f1asdelaluna.es\/wp-content\/uploads\/2019\/11\/recorrido-hacia-el-glaciar-grenx-delante-leti-1024x768.jpg 1024w, https:\/\/www.monta\u00f1asdelaluna.es\/wp-content\/uploads\/2019\/11\/recorrido-hacia-el-glaciar-grenx-delante-leti-300x225.jpg 300w, https:\/\/www.monta\u00f1asdelaluna.es\/wp-content\/uploads\/2019\/11\/recorrido-hacia-el-glaciar-grenx-delante-leti.jpg 1800w\" sizes=\"auto, (max-width: 1024px) 100vw, 1024px\" \/><\/a><p id=\"caption-attachment-40442\" class=\"wp-caption-text\">Recorrido hacia el Glaciar Grenx, delante Leti<\/p><\/div>\n<div id=\"attachment_40416\" style=\"width: 1034px\" class=\"wp-caption aligncenter\"><a class=\"dt-single-image\" href=\"https:\/\/www.monta\u00f1asdelaluna.es\/wp-content\/uploads\/2019\/11\/refugio-de-monte-rosa-detras-los-seracs-del-liskamm.jpg\" data-dt-img-description=\"\"><img loading=\"lazy\" decoding=\"async\" aria-describedby=\"caption-attachment-40416\" class=\"wp-image-40416 size-large\" src=\"https:\/\/www.monta\u00f1asdelaluna.es\/wp-content\/uploads\/2019\/11\/refugio-de-monte-rosa-detras-los-seracs-del-liskamm-1024x683.jpg\" alt=\"Refugio de Monte Rosa, detr\u00e1s los seracs del Liskamm\" width=\"1024\" height=\"683\" srcset=\"https:\/\/www.monta\u00f1asdelaluna.es\/wp-content\/uploads\/2019\/11\/refugio-de-monte-rosa-detras-los-seracs-del-liskamm-1024x683.jpg 1024w, https:\/\/www.monta\u00f1asdelaluna.es\/wp-content\/uploads\/2019\/11\/refugio-de-monte-rosa-detras-los-seracs-del-liskamm-300x200.jpg 300w, https:\/\/www.monta\u00f1asdelaluna.es\/wp-content\/uploads\/2019\/11\/refugio-de-monte-rosa-detras-los-seracs-del-liskamm.jpg 1788w\" sizes=\"auto, (max-width: 1024px) 100vw, 1024px\" \/><\/a><p id=\"caption-attachment-40416\" class=\"wp-caption-text\">Refugio de Monte Rosa, detr\u00e1s los seracs del Liskamm<\/p><\/div>\n<p>Ahora que parec\u00eda que el recorrido por el glaciar era m\u00e1s ameno, m\u00e1s f\u00e1cil y emocionante, dejando atr\u00e1s ese caos de piedras, rocas y laderas cortadas de hielo\u2026 perdemos las balizas\u2026 resulta que al poco tiempo de seguir por esta lengua glaciar que baja del Glaciar Grenx (o es el Glaciar Grenx) las balizas clavadas hacen que el recorrido salga del glaciar hacia la morrena o laderas de la monta\u00f1a fuera del hielo, fuera del glaciar, a la izquierda\u2026 desando algo lo recorrido por el glaciar para seguir, siendo el \u00faltimo del grupo, la salida del glaciar y el recorrido por la morrena lateral de mismo. La verdad es que me parec\u00eda m\u00e1s peligroso seguir por esta ladera de tierra y piedras inestables que seguir por el glaciar\u2026 pero si el recorrido sigue por aqu\u00ed, no ser\u00e1 tan peligroso\u2026 \u00a1Vamos all\u00e1!<\/p>\n<p>Comprobamos que el recorrido estaba marcado, se\u00f1alado, y entre las rocas m\u00f3viles, tierra y piedrecillas, encontramos una especie de senda. Seguimos las marcas. El recorrido de hace 14 a\u00f1os en el que segu\u00edas el glaciar hasta casi ponerte bajo la vertical del refugio, ya no se segu\u00eda, o exist\u00eda. Esta vez toc\u00e1bamos muy poco glaciar\u2026 \u00bftan mal estar\u00e1?<\/p>\n<p>Esta sendilla comenzaba a subir en busca del refugio, y llegamos a un momento en que el terreno se allana un poco, aunque no dejamos de ir entre rocas y piedras, y poco m\u00e1s arriba el paisaje se ampl\u00eda: estamos entrando en el vallecillo donde se encuentra aquella laguna bajo el Glaciar del Monte Rosa. Cruzamos una pasarela de un torrente furioso que baja del lugar de la laguna. Enseguida me re\u00fano con el resto del grupo que se ha parado a comer junto a las orillas de la lagunita bajo la laguna m\u00e1s grande.<\/p>\n<div id=\"attachment_40420\" style=\"width: 1034px\" class=\"wp-caption aligncenter\"><a class=\"dt-single-image\" href=\"https:\/\/www.monta\u00f1asdelaluna.es\/wp-content\/uploads\/2019\/11\/glaciar-gorner-grenx-con-el-cervino-de-fondo.jpg\" data-dt-img-description=\"\"><img loading=\"lazy\" decoding=\"async\" aria-describedby=\"caption-attachment-40420\" class=\"wp-image-40420 size-large\" src=\"https:\/\/www.monta\u00f1asdelaluna.es\/wp-content\/uploads\/2019\/11\/glaciar-gorner-grenx-con-el-cervino-de-fondo-1024x683.jpg\" alt=\"Glaciar Gorner-Grenx con el Cervino de fondo\" width=\"1024\" height=\"683\" srcset=\"https:\/\/www.monta\u00f1asdelaluna.es\/wp-content\/uploads\/2019\/11\/glaciar-gorner-grenx-con-el-cervino-de-fondo-1024x683.jpg 1024w, https:\/\/www.monta\u00f1asdelaluna.es\/wp-content\/uploads\/2019\/11\/glaciar-gorner-grenx-con-el-cervino-de-fondo-300x200.jpg 300w, https:\/\/www.monta\u00f1asdelaluna.es\/wp-content\/uploads\/2019\/11\/glaciar-gorner-grenx-con-el-cervino-de-fondo.jpg 1788w\" sizes=\"auto, (max-width: 1024px) 100vw, 1024px\" \/><\/a><p id=\"caption-attachment-40420\" class=\"wp-caption-text\">Glaciar Gorner-Grenx con el Cervino de fondo<\/p><\/div>\n<div id=\"attachment_40418\" style=\"width: 1034px\" class=\"wp-caption aligncenter\"><a class=\"dt-single-image\" href=\"https:\/\/www.monta\u00f1asdelaluna.es\/wp-content\/uploads\/2019\/11\/recorriendo-un-trozo-del-glaciar-grenx-delante-leti-a-la-derecha-el-liskamm-y-refugio-de-monte-rosa-casi-invisible.jpg\" data-dt-img-description=\"\"><img loading=\"lazy\" decoding=\"async\" aria-describedby=\"caption-attachment-40418\" class=\"wp-image-40418 size-large\" src=\"https:\/\/www.monta\u00f1asdelaluna.es\/wp-content\/uploads\/2019\/11\/recorriendo-un-trozo-del-glaciar-grenx-delante-leti-a-la-derecha-el-liskamm-y-refugio-de-monte-rosa-casi-invisible-1024x683.jpg\" alt=\"Recorriendo un trozo del Glaciar Grenx, delante Leti, a la derecha el Liskamm y Refugio de Monte Rosa casi invisible\" width=\"1024\" height=\"683\" srcset=\"https:\/\/www.monta\u00f1asdelaluna.es\/wp-content\/uploads\/2019\/11\/recorriendo-un-trozo-del-glaciar-grenx-delante-leti-a-la-derecha-el-liskamm-y-refugio-de-monte-rosa-casi-invisible-1024x683.jpg 1024w, https:\/\/www.monta\u00f1asdelaluna.es\/wp-content\/uploads\/2019\/11\/recorriendo-un-trozo-del-glaciar-grenx-delante-leti-a-la-derecha-el-liskamm-y-refugio-de-monte-rosa-casi-invisible-300x200.jpg 300w, https:\/\/www.monta\u00f1asdelaluna.es\/wp-content\/uploads\/2019\/11\/recorriendo-un-trozo-del-glaciar-grenx-delante-leti-a-la-derecha-el-liskamm-y-refugio-de-monte-rosa-casi-invisible.jpg 1788w\" sizes=\"auto, (max-width: 1024px) 100vw, 1024px\" \/><\/a><p id=\"caption-attachment-40418\" class=\"wp-caption-text\">Recorriendo un trozo del Glaciar Grenx, delante Leti, a la derecha el Liskamm y Refugio de Monte Rosa casi invisible<\/p><\/div>\n<div id=\"attachment_40443\" style=\"width: 1034px\" class=\"wp-caption aligncenter\"><a class=\"dt-single-image\" href=\"https:\/\/www.monta\u00f1asdelaluna.es\/wp-content\/uploads\/2019\/11\/llegando-a-la-lagunilla-bajo-el-glaciar-del-monte-rosa-delante-luis-leti-y-joaquin-terres-detras-el-glaciar-grenx-gorner-y-el-cervino-al-fondo.jpg\" data-dt-img-description=\"\"><img loading=\"lazy\" decoding=\"async\" aria-describedby=\"caption-attachment-40443\" class=\"wp-image-40443 size-large\" src=\"https:\/\/www.monta\u00f1asdelaluna.es\/wp-content\/uploads\/2019\/11\/llegando-a-la-lagunilla-bajo-el-glaciar-del-monte-rosa-delante-luis-leti-y-joaquin-terres-detras-el-glaciar-grenx-gorner-y-el-cervino-al-fondo-1024x768.jpg\" alt=\"Llegando a la lagunilla bajo el Glaciar del Monte Rosa, delante Luis, Leti y Joaqu\u00edn Terr\u00e9s, detras el Glaciar Grenx-Gorner y el Cervino al fondo\" width=\"1024\" height=\"768\" srcset=\"https:\/\/www.monta\u00f1asdelaluna.es\/wp-content\/uploads\/2019\/11\/llegando-a-la-lagunilla-bajo-el-glaciar-del-monte-rosa-delante-luis-leti-y-joaquin-terres-detras-el-glaciar-grenx-gorner-y-el-cervino-al-fondo-1024x768.jpg 1024w, https:\/\/www.monta\u00f1asdelaluna.es\/wp-content\/uploads\/2019\/11\/llegando-a-la-lagunilla-bajo-el-glaciar-del-monte-rosa-delante-luis-leti-y-joaquin-terres-detras-el-glaciar-grenx-gorner-y-el-cervino-al-fondo-300x225.jpg 300w, https:\/\/www.monta\u00f1asdelaluna.es\/wp-content\/uploads\/2019\/11\/llegando-a-la-lagunilla-bajo-el-glaciar-del-monte-rosa-delante-luis-leti-y-joaquin-terres-detras-el-glaciar-grenx-gorner-y-el-cervino-al-fondo.jpg 1800w\" sizes=\"auto, (max-width: 1024px) 100vw, 1024px\" \/><\/a><p id=\"caption-attachment-40443\" class=\"wp-caption-text\">Llegando a la lagunilla bajo el Glaciar del Monte Rosa, delante Luis, Leti y Joaqu\u00edn Terr\u00e9s, detras el Glaciar Grenx-Gorner y el Cervino al fondo<\/p><\/div>\n<p>Comemos y descansamos junto a la lagunita. El d\u00eda sigue siendo excelente, soleado y con las magn\u00edficas vistas protagonizadas por el Cervino al fondo del valle del Glaciar Gorner. Un paisaje alpino y precioso. Pero al estar metido en el vallecillo la vista o paisaje estaba limitado a lo que ve\u00edamos enfrente de la lagunilla. El Refugio del Monte Rosa quedaba a la derecha seg\u00fan miras la lagunita, arriba de estas vertientes algo escarpadas, pero practicables.<\/p>\n<p>Partimos al cabo de unos minutos y seguimos la senda bien marcada y se\u00f1alizada por el lado contrario por el que hemos entrado al vallecillo, a este gran hueco en medio de la monta\u00f1a, pero esta vez subiendo por la ladera rocosa, entre rincones y escondites, zigzagueando para coger el mejor y ameno recorrido por esta parte de la ladera escarpada, sigue la senda cogiendo altura en busca del refugio. A nuestra espalda queda la lagunita.<\/p>\n<p>El recorrido ahora sub\u00eda por esta ladera rocosa hasta buscar unos resaltes justo debajo de la vertical del refugio, para subir directos, dejando a nuestra espalda el valle con el impresionante Glaciar Gorner, girando, cambiando de direcci\u00f3n para llegar a las puertas del Refugio del Monte Rosa a 2.883 metros de altura.<\/p>\n<div id=\"attachment_40422\" style=\"width: 1034px\" class=\"wp-caption aligncenter\"><a class=\"dt-single-image\" href=\"https:\/\/www.monta\u00f1asdelaluna.es\/wp-content\/uploads\/2019\/11\/IMG_0941.jpg\" data-dt-img-description=\"\"><img loading=\"lazy\" decoding=\"async\" aria-describedby=\"caption-attachment-40422\" class=\"wp-image-40422 size-large\" src=\"https:\/\/www.monta\u00f1asdelaluna.es\/wp-content\/uploads\/2019\/11\/IMG_0941-1024x683.jpg\" alt=\"Subiendo a la lagunita bajo el Glaciar del Monte Rosa\" width=\"1024\" height=\"683\" srcset=\"https:\/\/www.monta\u00f1asdelaluna.es\/wp-content\/uploads\/2019\/11\/IMG_0941-1024x683.jpg 1024w, https:\/\/www.monta\u00f1asdelaluna.es\/wp-content\/uploads\/2019\/11\/IMG_0941-300x200.jpg 300w, https:\/\/www.monta\u00f1asdelaluna.es\/wp-content\/uploads\/2019\/11\/IMG_0941.jpg 1788w\" sizes=\"auto, (max-width: 1024px) 100vw, 1024px\" \/><\/a><p id=\"caption-attachment-40422\" class=\"wp-caption-text\">Subiendo a la lagunita bajo el Glaciar del Monte Rosa<\/p><\/div>\n<div id=\"attachment_40423\" style=\"width: 1034px\" class=\"wp-caption aligncenter\"><a class=\"dt-single-image\" href=\"https:\/\/www.monta\u00f1asdelaluna.es\/wp-content\/uploads\/2019\/11\/abajo-queda-la-lagunita-bajo-el-glaciar-del-monte-rosa-delante-leti.jpg\" data-dt-img-description=\"\"><img loading=\"lazy\" decoding=\"async\" aria-describedby=\"caption-attachment-40423\" class=\"wp-image-40423 size-large\" src=\"https:\/\/www.monta\u00f1asdelaluna.es\/wp-content\/uploads\/2019\/11\/abajo-queda-la-lagunita-bajo-el-glaciar-del-monte-rosa-delante-leti-1024x683.jpg\" alt=\"Abajo queda la lagunita bajo el Glaciar del Monte Rosa, delante Leti\" width=\"1024\" height=\"683\" srcset=\"https:\/\/www.monta\u00f1asdelaluna.es\/wp-content\/uploads\/2019\/11\/abajo-queda-la-lagunita-bajo-el-glaciar-del-monte-rosa-delante-leti-1024x683.jpg 1024w, https:\/\/www.monta\u00f1asdelaluna.es\/wp-content\/uploads\/2019\/11\/abajo-queda-la-lagunita-bajo-el-glaciar-del-monte-rosa-delante-leti-300x200.jpg 300w, https:\/\/www.monta\u00f1asdelaluna.es\/wp-content\/uploads\/2019\/11\/abajo-queda-la-lagunita-bajo-el-glaciar-del-monte-rosa-delante-leti.jpg 1788w\" sizes=\"auto, (max-width: 1024px) 100vw, 1024px\" \/><\/a><p id=\"caption-attachment-40423\" class=\"wp-caption-text\">Abajo queda la lagunita bajo el Glaciar del Monte Rosa, delante Leti<\/p><\/div>\n<div id=\"attachment_40425\" style=\"width: 1034px\" class=\"wp-caption aligncenter\"><a class=\"dt-single-image\" href=\"https:\/\/www.monta\u00f1asdelaluna.es\/wp-content\/uploads\/2019\/11\/subiendo-al-refugio-de-monte-rosa-abajo-queda-el-glaciar-grenx-gorner-con-el-cervino-a-la-izquierda.jpg\" data-dt-img-description=\"\"><img loading=\"lazy\" decoding=\"async\" aria-describedby=\"caption-attachment-40425\" class=\"wp-image-40425 size-large\" src=\"https:\/\/www.monta\u00f1asdelaluna.es\/wp-content\/uploads\/2019\/11\/subiendo-al-refugio-de-monte-rosa-abajo-queda-el-glaciar-grenx-gorner-con-el-cervino-a-la-izquierda-1024x683.jpg\" alt=\"Subiendo al Refugio de Monte Rosa, abajo queda el Glaciar Grenx-Gorner con el Cervino a la izquierda\" width=\"1024\" height=\"683\" srcset=\"https:\/\/www.monta\u00f1asdelaluna.es\/wp-content\/uploads\/2019\/11\/subiendo-al-refugio-de-monte-rosa-abajo-queda-el-glaciar-grenx-gorner-con-el-cervino-a-la-izquierda-1024x683.jpg 1024w, https:\/\/www.monta\u00f1asdelaluna.es\/wp-content\/uploads\/2019\/11\/subiendo-al-refugio-de-monte-rosa-abajo-queda-el-glaciar-grenx-gorner-con-el-cervino-a-la-izquierda-300x200.jpg 300w, https:\/\/www.monta\u00f1asdelaluna.es\/wp-content\/uploads\/2019\/11\/subiendo-al-refugio-de-monte-rosa-abajo-queda-el-glaciar-grenx-gorner-con-el-cervino-a-la-izquierda.jpg 1788w\" sizes=\"auto, (max-width: 1024px) 100vw, 1024px\" \/><\/a><p id=\"caption-attachment-40425\" class=\"wp-caption-text\">Subiendo al Refugio de Monte Rosa, abajo queda el Glaciar Grenx-Gorner con el Cervino a la izquierda<\/p><\/div>\n<p>El refugio es un impresionante cubo de cristal y paredes que parecen met\u00e1licas. Grandes ventanales y una forma que no parece un edificio convencional, muy moderno\u2026 como el edificio del <a href=\"https:\/\/www.monta\u00f1asdelaluna.es\/?p=40214\" target=\"_blank\" rel=\"noopener\">Refugio de Tracuit<\/a> para subir al Bishorn, tiene un estilo que le hacen parecer cualquier cosa menos un refugio. Igual es para mimetizarse con el paisaje, con el color gris de las piedras y el reflejo del cielo, de las monta\u00f1as en sus paredes. Es curioso, confortable y acogedor. La extra\u00f1a forma exterior como si fuera un cubo casi trapecio, no tiene nada que ver con la forma por dentro: el comedor est\u00e1 repartido en bancos y compartimentos abiertos con mesa en medio, todo de madera, o forrado de madera, muy curioso y acogedor. Los nombres de aquellos que han colaborado econ\u00f3micamente para la construcci\u00f3n del nuevo refugio est\u00e1n repartidas en placas entre los bancos del comedor. La recepci\u00f3n y cocina estaba casi en medio del comedor con varias puertecillas sobre la barra que atend\u00eda al p\u00fablico. Del comedor sal\u00edas a una terraza con hamacas, bancos y mesas con inmejorables vistas, con curiosas mantas que simulan la piel de una oveja. El vest\u00edbulo, vest\u00edbulos o habitaciones donde equiparse, desequiparse y dejar el material estaba abajo del comedor, en la parte final de unas grandes escaleras que recorren en espiral la pared del edificio con vistas, ventanales y que, aparte de subir al comedor, te dejaba en otras 2 plantas de habitaciones, con ba\u00f1os o aseos en cada una de ellas\u2026 magn\u00edfico.<\/p>\n<p>Dejamos los b\u00e1rtulos, material y mochilas, subimos a nuestras habitaciones. Nos repartimos las literas. Hay sitio en cada camastro para dejar cosas con lejas y rincones\u2026 es fant\u00e1stico, practico y acogedor.<\/p>\n<p>Despu\u00e9s de cambiarnos bajamos a tomarnos alguna cerveza para hidratarnos y porque nos lo merecemos. Salimos a la terraza donde algunos monta\u00f1eros ya disfrutan de las vistas y las cervezas. Nos sobra tiempo para pasar el resto del d\u00eda curioseando y haciendo vida social hasta la cena a eso de las 18.30 o 19 horas.<\/p>\n<div id=\"attachment_40428\" style=\"width: 1034px\" class=\"wp-caption aligncenter\"><a class=\"dt-single-image\" href=\"https:\/\/www.monta\u00f1asdelaluna.es\/wp-content\/uploads\/2019\/11\/IMG_0950.jpg\" data-dt-img-description=\"\"><img loading=\"lazy\" decoding=\"async\" aria-describedby=\"caption-attachment-40428\" class=\"wp-image-40428 size-large\" src=\"https:\/\/www.monta\u00f1asdelaluna.es\/wp-content\/uploads\/2019\/11\/IMG_0950-1024x683.jpg\" alt=\"Refugio de Monte Rosa (2.883 mts.)\" width=\"1024\" height=\"683\" srcset=\"https:\/\/www.monta\u00f1asdelaluna.es\/wp-content\/uploads\/2019\/11\/IMG_0950-1024x683.jpg 1024w, https:\/\/www.monta\u00f1asdelaluna.es\/wp-content\/uploads\/2019\/11\/IMG_0950-300x200.jpg 300w, https:\/\/www.monta\u00f1asdelaluna.es\/wp-content\/uploads\/2019\/11\/IMG_0950.jpg 1788w\" sizes=\"auto, (max-width: 1024px) 100vw, 1024px\" \/><\/a><p id=\"caption-attachment-40428\" class=\"wp-caption-text\">Refugio de Monte Rosa (2.883 mts.)<\/p><\/div>\n<div id=\"attachment_40429\" style=\"width: 1034px\" class=\"wp-caption aligncenter\"><a class=\"dt-single-image\" href=\"https:\/\/www.monta\u00f1asdelaluna.es\/wp-content\/uploads\/2019\/11\/refugio-de-monte-rosa-2-795-mts-con-su-terraza.jpg\" data-dt-img-description=\"\"><img loading=\"lazy\" decoding=\"async\" aria-describedby=\"caption-attachment-40429\" class=\"wp-image-40429 size-large\" src=\"https:\/\/www.monta\u00f1asdelaluna.es\/wp-content\/uploads\/2019\/11\/refugio-de-monte-rosa-2-795-mts-con-su-terraza-1024x683.jpg\" alt=\"Refugio de Monte Rosa (2.883 mts.) con su terraza\" width=\"1024\" height=\"683\" srcset=\"https:\/\/www.monta\u00f1asdelaluna.es\/wp-content\/uploads\/2019\/11\/refugio-de-monte-rosa-2-795-mts-con-su-terraza-1024x683.jpg 1024w, https:\/\/www.monta\u00f1asdelaluna.es\/wp-content\/uploads\/2019\/11\/refugio-de-monte-rosa-2-795-mts-con-su-terraza-300x200.jpg 300w, https:\/\/www.monta\u00f1asdelaluna.es\/wp-content\/uploads\/2019\/11\/refugio-de-monte-rosa-2-795-mts-con-su-terraza.jpg 1788w\" sizes=\"auto, (max-width: 1024px) 100vw, 1024px\" \/><\/a><p id=\"caption-attachment-40429\" class=\"wp-caption-text\">Refugio de Monte Rosa (2.883 mts.) con su terraza<\/p><\/div>\n<p>Llega un helic\u00f3ptero que vienta todo lo que se ha quedado fuera en la terraza, a pesar del aviso de la gente del refugio, el helic\u00f3ptero se retrasa y la gente se descuida \u00a1Ha desaparecido la cartera de Vicente! Ha salido volando con los aires de la h\u00e9lice del helic\u00f3ptero. Buscan la cartera por toda la terraza, que tambi\u00e9n ha tirado sillas y hamacas\u2026 es una broma, Roberto le ha cogido la cartera y se la ha escondido. El buen humor y amistad en un grupo de compa\u00f1eros para realizar una actividad de monta\u00f1a en la que pasas d\u00edas conviviendo, es muy importante: o afianzas la amistad o acabas con mal rollo y sin ganas de volver a estar juntos. Cosas de la convivencia y de la relaci\u00f3n de personas.<\/p>\n<p>Nos quedamos ensimismados con las vistas tambi\u00e9n. Recuerdos, nostalgia. Descubrimos la fant\u00e1stica imagen del Glaciar Grenx bajando de las laderas entre la monta\u00f1a en la que nos encontramos ahora (Monte Rosa) y el Liskamm, enorme y repleto de seracs, hielos\u2026 \u00e9ste parece que no ha cambiado en 14 a\u00f1os; igual que sus hermanos Castor y Pollux, y todo su terreno lleno de glaciares, con sus grietas, rincones, formas, escarpe, seracs, valles, espolones\u2026 una foto muy especial y querida que hice hace 14 a\u00f1os, la vuelvo a repetir para intentar captar de nuevo esa belleza, esa fant\u00e1stica imagen, ese paisaje alpino impresionante y precioso.<\/p>\n<p>Y al fondo del valle, al otro lado del final, de la terminaci\u00f3n de todos estos hielos y glaciares, del Glaciar Gorner, el impresionante Cervino velado por alguna nube, que ya de tarde, nos da a entender que estamos en alta monta\u00f1a, la alta monta\u00f1a alpina. Preciosa.<\/p>\n<div id=\"attachment_40439\" style=\"width: 1034px\" class=\"wp-caption aligncenter\"><a class=\"dt-single-image\" href=\"https:\/\/www.monta\u00f1asdelaluna.es\/wp-content\/uploads\/2019\/11\/inrterior-del-refugio-de-monte-rosa.jpg\" data-dt-img-description=\"\"><img loading=\"lazy\" decoding=\"async\" aria-describedby=\"caption-attachment-40439\" class=\"wp-image-40439 size-large\" src=\"https:\/\/www.monta\u00f1asdelaluna.es\/wp-content\/uploads\/2019\/11\/inrterior-del-refugio-de-monte-rosa-1024x683.jpg\" alt=\"Interior del Refugio de Monte Rosa\" width=\"1024\" height=\"683\" srcset=\"https:\/\/www.monta\u00f1asdelaluna.es\/wp-content\/uploads\/2019\/11\/inrterior-del-refugio-de-monte-rosa-1024x683.jpg 1024w, https:\/\/www.monta\u00f1asdelaluna.es\/wp-content\/uploads\/2019\/11\/inrterior-del-refugio-de-monte-rosa-300x200.jpg 300w, https:\/\/www.monta\u00f1asdelaluna.es\/wp-content\/uploads\/2019\/11\/inrterior-del-refugio-de-monte-rosa.jpg 1788w\" sizes=\"auto, (max-width: 1024px) 100vw, 1024px\" \/><\/a><p id=\"caption-attachment-40439\" class=\"wp-caption-text\">Interior del Refugio de Monte Rosa<\/p><\/div>\n<div id=\"attachment_40434\" style=\"width: 1034px\" class=\"wp-caption aligncenter\"><a class=\"dt-single-image\" href=\"https:\/\/www.monta\u00f1asdelaluna.es\/wp-content\/uploads\/2019\/11\/castor-pollux-y-glaciar-grenx-desde-el-refugio-de-monte-rosa.jpg\" data-dt-img-description=\"\"><img loading=\"lazy\" decoding=\"async\" aria-describedby=\"caption-attachment-40434\" class=\"wp-image-40434 size-large\" src=\"https:\/\/www.monta\u00f1asdelaluna.es\/wp-content\/uploads\/2019\/11\/castor-pollux-y-glaciar-grenx-desde-el-refugio-de-monte-rosa-1024x683.jpg\" alt=\"Castor, Pollux y Glaciar Grenx desde el Refugio de Monte Rosa\" width=\"1024\" height=\"683\" srcset=\"https:\/\/www.monta\u00f1asdelaluna.es\/wp-content\/uploads\/2019\/11\/castor-pollux-y-glaciar-grenx-desde-el-refugio-de-monte-rosa-1024x683.jpg 1024w, https:\/\/www.monta\u00f1asdelaluna.es\/wp-content\/uploads\/2019\/11\/castor-pollux-y-glaciar-grenx-desde-el-refugio-de-monte-rosa-300x200.jpg 300w, https:\/\/www.monta\u00f1asdelaluna.es\/wp-content\/uploads\/2019\/11\/castor-pollux-y-glaciar-grenx-desde-el-refugio-de-monte-rosa.jpg 1788w\" sizes=\"auto, (max-width: 1024px) 100vw, 1024px\" \/><\/a><p id=\"caption-attachment-40434\" class=\"wp-caption-text\">Castor, Pollux y Glaciar Grenx desde el Refugio de Monte Rosa<\/p><\/div>\n<p>Hemos estado mirando el tiempo todos estos d\u00edas. No hay borrasca cerca ni mal tiempo incipiente que nos pueda afectar en la subida a la Dufourspitze ma\u00f1ana, puede que solo nubes altas al final del d\u00eda que nos puedan amenazar un buen d\u00eda y una buena actividad\u2026 pero estamos preparados de todas formas.<\/p>\n<p>Utilizo el wifi del m\u00f3vil de Luis Guerrero para hablar con Anna por wasap. En el refugio no hay wifi pero parece que s\u00ed hay cobertura m\u00f3vil. Todo bien; fant\u00e1stico. Ma\u00f1ana toca el ataque a la monta\u00f1a. No s\u00e9 si dar\u00e1 tiempo a comunicarme con la familia. Y al otro d\u00eda, ya la vuelta a Zermatt; y ya desde la poblaci\u00f3n no habr\u00e1 problemas para comunicarnos y decir c\u00f3mo ha ido la actividad. Si hemos conseguido el objetivo o no. Yo me encuentro bien. Parece que estoy preparado para subir a la cima sin problemas. Ya es la segunda vez que vengo, y aunque la \u00faltima hace muchos a\u00f1os, parece que el sitio me da la bienvenida y lo reconozco. No me encuentro en tierra, monta\u00f1a, extra\u00f1a. Estoy animado.<\/p>\n<div id=\"attachment_40431\" style=\"width: 1034px\" class=\"wp-caption aligncenter\"><a class=\"dt-single-image\" href=\"https:\/\/www.monta\u00f1asdelaluna.es\/wp-content\/uploads\/2019\/11\/glaciar-grenx-gorner-con-el-cervino-a-la-izquierda-desde-el-refugio-de-monte-rosa.jpg\" data-dt-img-description=\"\"><img loading=\"lazy\" decoding=\"async\" aria-describedby=\"caption-attachment-40431\" class=\"wp-image-40431 size-large\" src=\"https:\/\/www.monta\u00f1asdelaluna.es\/wp-content\/uploads\/2019\/11\/glaciar-grenx-gorner-con-el-cervino-a-la-izquierda-desde-el-refugio-de-monte-rosa-1024x683.jpg\" alt=\"Glaciar Grenx-Gorner con el Cervino a la izquierda desde el Refugio de Monte Rosa\" width=\"1024\" height=\"683\" srcset=\"https:\/\/www.monta\u00f1asdelaluna.es\/wp-content\/uploads\/2019\/11\/glaciar-grenx-gorner-con-el-cervino-a-la-izquierda-desde-el-refugio-de-monte-rosa-1024x683.jpg 1024w, https:\/\/www.monta\u00f1asdelaluna.es\/wp-content\/uploads\/2019\/11\/glaciar-grenx-gorner-con-el-cervino-a-la-izquierda-desde-el-refugio-de-monte-rosa-300x200.jpg 300w, https:\/\/www.monta\u00f1asdelaluna.es\/wp-content\/uploads\/2019\/11\/glaciar-grenx-gorner-con-el-cervino-a-la-izquierda-desde-el-refugio-de-monte-rosa.jpg 1788w\" sizes=\"auto, (max-width: 1024px) 100vw, 1024px\" \/><\/a><p id=\"caption-attachment-40431\" class=\"wp-caption-text\">Glaciar Grenx-Gorner con el Cervino a la izquierda desde el Refugio de Monte Rosa<\/p><\/div>\n<div id=\"attachment_40432\" style=\"width: 1034px\" class=\"wp-caption aligncenter\"><a class=\"dt-single-image\" href=\"https:\/\/www.monta\u00f1asdelaluna.es\/wp-content\/uploads\/2019\/11\/el-cervino-desde-el-refugio-de-monte-rosa.jpg\" data-dt-img-description=\"\"><img loading=\"lazy\" decoding=\"async\" aria-describedby=\"caption-attachment-40432\" class=\"wp-image-40432 size-large\" src=\"https:\/\/www.monta\u00f1asdelaluna.es\/wp-content\/uploads\/2019\/11\/el-cervino-desde-el-refugio-de-monte-rosa-1024x683.jpg\" alt=\"El Cervino desde el Refugio de Monte Rosa\" width=\"1024\" height=\"683\" srcset=\"https:\/\/www.monta\u00f1asdelaluna.es\/wp-content\/uploads\/2019\/11\/el-cervino-desde-el-refugio-de-monte-rosa-1024x683.jpg 1024w, https:\/\/www.monta\u00f1asdelaluna.es\/wp-content\/uploads\/2019\/11\/el-cervino-desde-el-refugio-de-monte-rosa-300x200.jpg 300w, https:\/\/www.monta\u00f1asdelaluna.es\/wp-content\/uploads\/2019\/11\/el-cervino-desde-el-refugio-de-monte-rosa.jpg 1788w\" sizes=\"auto, (max-width: 1024px) 100vw, 1024px\" \/><\/a><p id=\"caption-attachment-40432\" class=\"wp-caption-text\">El Cervino desde el Refugio de Monte Rosa<\/p><\/div>\n<p>Cenamos. Sopa de algo y los t\u00edpicos platos de refugio, a veces pasta, a veces arroz, a veces carne\u2026 y el postre un \u201clujoso\u201d helado de chocolate\u2026 \u00bfera en este refugio o en el de <a href=\"https:\/\/www.monta\u00f1asdelaluna.es\/?p=40214\" target=\"_blank\" rel=\"noopener\">Tracuit<\/a>? Ya no lo recuerdo. Al final de la cena planeamos el desayuno, a qu\u00e9 hora salimos, nos levantamos\u2026 el desnivel es mucho, hay que salir como muy tarde a las 03:00 de la ma\u00f1ana \u00a1Muy temprano! Pero con tiempo suficiente para llegar a Satteltole y acometer la subida a la cresta de la Dufourspitze con tiempo y buenas condiciones. Con lo que tendremos que despertarnos poco antes de las 02:00 de la ma\u00f1ana con tiempo para vestirnos, desayunar y prepararnos para la incre\u00edble subida, ascenso y ataque a la Punta Dufour. No son dudas lo que tengo, pero es una monta\u00f1a en la que cualquier duda o indecisi\u00f3n, nos puede costar el \u00e9xito y llegada a su cima. Me fio de Luis Segura, con \u00e9l sub\u00ed el Finsteraarhorn en los Alpes Berneses, con una cresta y subida algo m\u00e1s dif\u00edcil y peligrosa que esta del Monte Rosa, pero no tan larga. Luis Guerrero el veterano del grupo tiene mucha experiencia, y el a\u00f1o pasado lleg\u00f3 a la cima del Pico Lenin despu\u00e9s de d\u00edas de aclimataci\u00f3n y penurias en altura. David es el nuevo, pero parece animado, se deja llevar por nuestra experiencia y \u201cpericia\u201d, y ello es importante porque no deja que las dudas o las indecisiones hablen por \u00e9l. Pero la monta\u00f1a es una loter\u00eda. No sabemos que nos pasar\u00e1 all\u00e1 arriba y en toda la ascensi\u00f3n\u2026 espero que todo salga bien, somos 4 con cordadas de 2, y tenemos la fuerza y fortaleza f\u00edsica suficiente para llegar all\u00e1 arriba. Hablo con Luis Guerrero \u201che visto la rimaya all\u00e1 arriba, me subir\u00e9 los 2 piolets\u201d tambi\u00e9n se lo aconsejo al resto de compa\u00f1eros (no quiero sorpresas como en el Finsteraarhorn) \u201csi hay que utilizar los 2 piolets, no subo\u201d me dice convencido Luis\u2026 ma\u00f1ana veremos si hacen falta o no. La suerte puede estar echada.<\/p>\n<div id=\"attachment_40596\" style=\"width: 1184px\" class=\"wp-caption aligncenter\"><a class=\"dt-single-image\" href=\"https:\/\/www.monta\u00f1asdelaluna.es\/wp-content\/uploads\/2019\/07\/MonteRosa2-001.refugio1.web_.jpg\" data-dt-img-description=\"\"><img loading=\"lazy\" decoding=\"async\" aria-describedby=\"caption-attachment-40596\" class=\"wp-image-40596 size-full\" src=\"https:\/\/www.monta\u00f1asdelaluna.es\/wp-content\/uploads\/2019\/07\/MonteRosa2-001.refugio1.web_.jpg\" alt=\"Croquis del recorrido entre la Estaci\u00f3n del tren cremallera de Rotenboden y el Refugio del Monte Rosa. PUNTO ROJO: lugar aproximado de las escaleras met\u00e1licas\" width=\"1174\" height=\"1105\" srcset=\"https:\/\/www.monta\u00f1asdelaluna.es\/wp-content\/uploads\/2019\/07\/MonteRosa2-001.refugio1.web_.jpg 1174w, https:\/\/www.monta\u00f1asdelaluna.es\/wp-content\/uploads\/2019\/07\/MonteRosa2-001.refugio1.web_-300x282.jpg 300w, https:\/\/www.monta\u00f1asdelaluna.es\/wp-content\/uploads\/2019\/07\/MonteRosa2-001.refugio1.web_-1024x964.jpg 1024w\" sizes=\"auto, (max-width: 1174px) 100vw, 1174px\" \/><\/a><p id=\"caption-attachment-40596\" class=\"wp-caption-text\">Croquis del recorrido entre la Estaci\u00f3n del tren cremallera de Rotenboden y el Refugio del Monte Rosa. PUNTO ROJO: lugar aproximado de las escaleras met\u00e1licas<\/p><\/div>\n<p>[\/vc_column_text][\/vc_column][\/vc_row][vc_row][vc_column][vc_empty_space height=\u00bb60px\u00bb][\/vc_column][\/vc_row][vc_row][vc_column][vc_cta h2=\u00bb\u00c1lbum de fotos\u00bb txt_align=\u00bbcenter\u00bb add_button=\u00bbbottom\u00bb btn_title=\u00bbVer fotos\u00bb btn_color=\u00bbwarning\u00bb btn_align=\u00bbcenter\u00bb btn_link=\u00bburl:https%3A%2F%2Fmonta%C3%B1asdelaluna.es%2F%3Fdt_gallery%3Dsubida-al-refugio-de-monte-rosa-2|title:Subida%20al%20Refugio%20de%20Monte%20Rosa|target:_blank\u00bb css=\u00bb.vc_custom_1625651130110{background-color: #8bc4ed !important;}\u00bb]Puedes ver todas las fotos de Subida al Refugio de Monte Rosa en forma de presentaci\u00f3n o individuales pinchando aqui \u00a1No te las pierdas![\/vc_cta][\/vc_column][\/vc_row][vc_row][vc_column][vc_empty_space height=\u00bb60px\u00bb][\/vc_column][\/vc_row][vc_row][vc_column width=\u00bb1\/6&#8243;][\/vc_column][vc_column width=\u00bb1\/3&#8243;][vc_raw_html]JTNDaWZyYW1lJTIwc3JjJTNEJTIyaHR0cHMlM0ElMkYlMkZ3d3cubWV0ZW9ibHVlLmNvbSUyRmVzJTJGdGllbXBvJTJGd2lkZ2V0JTJGZGFpbHklMkZ6ZXJtYXR0X3N1aXphXzI2NTc5MjglM0ZnZW9sb2MlM0RmaXhlZCUyNmRheXMlM0Q3JTI2dGVtcHVuaXQlM0RDRUxTSVVTJTI2d2luZHVuaXQlM0RLSUxPTUVURVJfUEVSX0hPVVIlMjZwcmVjaXB1bml0JTNETUlMTElNRVRFUiUyNmNvbG91cmVkJTNEY29sb3VyZWQlMjZwaWN0b2ljb24lM0QwJTI2cGljdG9pY29uJTNEMSUyNm1heHRlbXBlcmF0dXJlJTNEMCUyNm1heHRlbXBlcmF0dXJlJTNEMSUyNm1pbnRlbXBlcmF0dXJlJTNEMCUyNm1pbnRlbXBlcmF0dXJlJTNEMSUyNndpbmRzcGVlZCUzRDAlMjZ3aW5kc3BlZWQlM0QxJTI2d2luZGd1c3QlM0QwJTI2d2luZGd1c3QlM0QxJTI2d2luZGRpcmVjdGlvbiUzRDAlMjZ3aW5kZGlyZWN0aW9uJTNEMSUyNnV2JTNEMCUyNmh1bWlkaXR5JTNEMCUyNnByZWNpcGl0YXRpb24lM0QwJTI2cHJlY2lwaXRhdGlvbiUzRDElMjZwcmVjaXBpdGF0aW9ucHJvYmFiaWxpdHklM0QwJTI2cHJlY2lwaXRhdGlvbnByb2JhYmlsaXR5JTNEMSUyNnNwb3QlM0QwJTI2c3BvdCUzRDElMjZwcmVzc3VyZSUzRDAlMjZwcmVzc3VyZSUzRDElMjZsYXlvdXQlM0RsaWdodCUyNmxvY2F0aW9uX3VybCUzRGh0dHBzJTI1M0ElMjUyRiUyNTJGd3d3Lm1ldGVvYmx1ZS5jb20lMjUyRmVzJTI1MkZ0aWVtcG8lMjUyRndpZGdldCUyNTJGZGFpbHklMjUyRnplcm1hdHRfc3VpemFfMjY1NzkyOCUyNmxvY2F0aW9uX21haW5VcmwlM0RodHRwcyUyNTNBJTI1MkYlMjUyRnd3dy5tZXRlb2JsdWUuY29tJTI1MkZlcyUyNTJGdGllbXBvJTI1MkZzZW1hbmElMjUyRnplcm1hdHRfc3VpemFfMjY1NzkyOCUyNm5vbG9jYXRpb25fdXJsJTNEaHR0cHMlMjUzQSUyNTJGJTI1MkZ3d3cubWV0ZW9ibHVlLmNvbSUyNTJGZXMlMjUyRnRpZW1wbyUyNTJGd2lkZ2V0JTI1MkZkYWlseSUyNm5vbG9jYXRpb25fbWFpblVybCUzRGh0dHBzJTI1M0ElMjUyRiUyNTJGd3d3Lm1ldGVvYmx1ZS5jb20lMjUyRmVzJTI1MkZ0aWVtcG8lMjUyRnNlbWFuYSUyNTJGaW5kZXglMjZkYWlseXdpZHRoJTNENTQlMjZ0cmFja2luZyUzRCUyNTNGdXRtX3NvdXJjZSUyNTNEd2VhdGhlcl93aWRnZXQlMjUyNnV0bV9tZWRpdW0lMjUzRGxpbmt1cyUyNTI2dXRtX2NvbnRlbnQlMjUzRGRhaWx5JTI1MjZ1dG1fY2FtcGFpZ24lMjUzRFdlYXRoZXIlMjUyNTJCV2lkZ2V0JTIyJTIwJTIwZnJhbWVib3JkZXIlM0QlMjIwJTIyJTIwc2Nyb2xsaW5nJTNEJTIyTk8lMjIlMjBhbGxvd3RyYW5zcGFyZW5jeSUzRCUyMnRydWUlMjIlMjBzYW5kYm94JTNEJTIyYWxsb3ctc2FtZS1vcmlnaW4lMjBhbGxvdy1zY3JpcHRzJTIwYWxsb3ctcG9wdXBzJTIwYWxsb3ctcG9wdXBzLXRvLWVzY2FwZS1zYW5kYm94JTIyJTIwc3R5bGUlM0QlMjJ3aWR0aCUzQSUyMDM3OHB4JTNCaGVpZ2h0JTNBJTIwNDEycHglMjIlM0UlM0MlMkZpZnJhbWUlM0UlM0NkaXYlM0UlM0MlMjEtLSUyMERPJTIwTk9UJTIwUkVNT1ZFJTIwVEhJUyUyMExJTkslMjAtLSUzRSUzQ2ElMjBocmVmJTNEJTIyaHR0cHMlM0ElMkYlMkZ3d3cubWV0ZW9ibHVlLmNvbSUyRmVzJTJGdGllbXBvJTJGc2VtYW5hJTJGemVybWF0dF9zdWl6YV8yNjU3OTI4JTNGdXRtX3NvdXJjZSUzRHdlYXRoZXJfd2lkZ2V0JTI2dXRtX21lZGl1bSUzRGxpbmt1cyUyNnV0bV9jb250ZW50JTNEZGFpbHklMjZ1dG1fY2FtcGFpZ24lM0RXZWF0aGVyJTI1MkJXaWRnZXQlMjIlMjB0YXJnZXQlM0QlMjJfYmxhbmslMjIlM0VtZXRlb2JsdWUlM0MlMkZhJTNFJTNDJTJGZGl2JTNF[\/vc_raw_html][\/vc_column][vc_column width=\u00bb1\/3&#8243;][vc_raw_html]JTNDaWZyYW1lJTIwc3JjJTNEJTIyaHR0cHMlM0ElMkYlMkZ3d3cubWV0ZW9ibHVlLmNvbSUyRmVzJTJGdGllbXBvJTJGd2lkZ2V0JTJGZGFpbHklMkZtb250ZS1yb3NhLWh1dF9zdWl6YV8xMTU5NDAyMCUzRmdlb2xvYyUzRGZpeGVkJTI2ZGF5cyUzRDclMjZ0ZW1wdW5pdCUzRENFTFNJVVMlMjZ3aW5kdW5pdCUzREtJTE9NRVRFUl9QRVJfSE9VUiUyNnByZWNpcHVuaXQlM0RNSUxMSU1FVEVSJTI2Y29sb3VyZWQlM0Rjb2xvdXJlZCUyNnBpY3RvaWNvbiUzRDAlMjZwaWN0b2ljb24lM0QxJTI2bWF4dGVtcGVyYXR1cmUlM0QwJTI2bWF4dGVtcGVyYXR1cmUlM0QxJTI2bWludGVtcGVyYXR1cmUlM0QwJTI2bWludGVtcGVyYXR1cmUlM0QxJTI2d2luZHNwZWVkJTNEMCUyNndpbmRzcGVlZCUzRDElMjZ3aW5kZ3VzdCUzRDAlMjZ3aW5kZ3VzdCUzRDElMjZ3aW5kZGlyZWN0aW9uJTNEMCUyNndpbmRkaXJlY3Rpb24lM0QxJTI2dXYlM0QwJTI2aHVtaWRpdHklM0QwJTI2cHJlY2lwaXRhdGlvbiUzRDAlMjZwcmVjaXBpdGF0aW9uJTNEMSUyNnByZWNpcGl0YXRpb25wcm9iYWJpbGl0eSUzRDAlMjZwcmVjaXBpdGF0aW9ucHJvYmFiaWxpdHklM0QxJTI2c3BvdCUzRDAlMjZzcG90JTNEMSUyNnByZXNzdXJlJTNEMCUyNnByZXNzdXJlJTNEMSUyNmxheW91dCUzRGxpZ2h0JTI2bG9jYXRpb25fdXJsJTNEaHR0cHMlMjUzQSUyNTJGJTI1MkZ3d3cubWV0ZW9ibHVlLmNvbSUyNTJGZXMlMjUyRnRpZW1wbyUyNTJGd2lkZ2V0JTI1MkZkYWlseSUyNTJGbW9udGUtcm9zYS1odXRfc3VpemFfMTE1OTQwMjAlMjZsb2NhdGlvbl9tYWluVXJsJTNEaHR0cHMlMjUzQSUyNTJGJTI1MkZ3d3cubWV0ZW9ibHVlLmNvbSUyNTJGZXMlMjUyRnRpZW1wbyUyNTJGc2VtYW5hJTI1MkZtb250ZS1yb3NhLWh1dF9zdWl6YV8xMTU5NDAyMCUyNm5vbG9jYXRpb25fdXJsJTNEaHR0cHMlMjUzQSUyNTJGJTI1MkZ3d3cubWV0ZW9ibHVlLmNvbSUyNTJGZXMlMjUyRnRpZW1wbyUyNTJGd2lkZ2V0JTI1MkZkYWlseSUyNm5vbG9jYXRpb25fbWFpblVybCUzRGh0dHBzJTI1M0ElMjUyRiUyNTJGd3d3Lm1ldGVvYmx1ZS5jb20lMjUyRmVzJTI1MkZ0aWVtcG8lMjUyRnNlbWFuYSUyNTJGaW5kZXglMjZkYWlseXdpZHRoJTNENTQlMjZ0cmFja2luZyUzRCUyNTNGdXRtX3NvdXJjZSUyNTNEd2VhdGhlcl93aWRnZXQlMjUyNnV0bV9tZWRpdW0lMjUzRGxpbmt1cyUyNTI2dXRtX2NvbnRlbnQlMjUzRGRhaWx5JTI1MjZ1dG1fY2FtcGFpZ24lMjUzRFdlYXRoZXIlMjUyNTJCV2lkZ2V0JTIyJTIwJTIwZnJhbWVib3JkZXIlM0QlMjIwJTIyJTIwc2Nyb2xsaW5nJTNEJTIyTk8lMjIlMjBhbGxvd3RyYW5zcGFyZW5jeSUzRCUyMnRydWUlMjIlMjBzYW5kYm94JTNEJTIyYWxsb3ctc2FtZS1vcmlnaW4lMjBhbGxvdy1zY3JpcHRzJTIwYWxsb3ctcG9wdXBzJTIwYWxsb3ctcG9wdXBzLXRvLWVzY2FwZS1zYW5kYm94JTIyJTIwc3R5bGUlM0QlMjJ3aWR0aCUzQSUyMDM3OHB4JTNCaGVpZ2h0JTNBJTIwNDEycHglMjIlM0UlM0MlMkZpZnJhbWUlM0UlM0NkaXYlM0UlM0MlMjEtLSUyMERPJTIwTk9UJTIwUkVNT1ZFJTIwVEhJUyUyMExJTkslMjAtLSUzRSUzQ2ElMjBocmVmJTNEJTIyaHR0cHMlM0ElMkYlMkZ3d3cubWV0ZW9ibHVlLmNvbSUyRmVzJTJGdGllbXBvJTJGc2VtYW5hJTJGbW9udGUtcm9zYS1odXRfc3VpemFfMTE1OTQwMjAlM0Z1dG1fc291cmNlJTNEd2VhdGhlcl93aWRnZXQlMjZ1dG1fbWVkaXVtJTNEbGlua3VzJTI2dXRtX2NvbnRlbnQlM0RkYWlseSUyNnV0bV9jYW1wYWlnbiUzRFdlYXRoZXIlMjUyQldpZGdldCUyMiUyMHRhcmdldCUzRCUyMl9ibGFuayUyMiUzRW1ldGVvYmx1ZSUzQyUyRmElM0UlM0MlMkZkaXYlM0U=[\/vc_raw_html][\/vc_column][vc_column width=\u00bb1\/6&#8243;][\/vc_column][\/vc_row]<\/p>\n","protected":false},"excerpt":{"rendered":"<p>[vc_row][vc_column][vc_column_text]Nos levantamos sobre las 8 de la ma\u00f1ana para equiparnos y prepararnos para comenzar la actividad: subir al Refugio de Monte Rosa. El d\u00eda ha despertado bueno, solo las nubes bajas tapan la base del Cervino all\u00e1 arriba del valle, pero las cimas y el cielo estaban despejados. Nos har\u00e1 otro estupendo y magn\u00edfico d\u00eda.&hellip;<\/p>\n","protected":false},"author":1,"featured_media":40434,"comment_status":"open","ping_status":"open","sticky":false,"template":"","format":"standard","meta":[],"categories":[184],"tags":[],"class_list":["post-40593","post","type-post","status-publish","format-standard","has-post-thumbnail","hentry","category-bishorn-y-monte-rosa-2","category-184","description-off"],"_links":{"self":[{"href":"https:\/\/www.monta\u00f1asdelaluna.es\/index.php?rest_route=\/wp\/v2\/posts\/40593","targetHints":{"allow":["GET"]}}],"collection":[{"href":"https:\/\/www.monta\u00f1asdelaluna.es\/index.php?rest_route=\/wp\/v2\/posts"}],"about":[{"href":"https:\/\/www.monta\u00f1asdelaluna.es\/index.php?rest_route=\/wp\/v2\/types\/post"}],"author":[{"embeddable":true,"href":"https:\/\/www.monta\u00f1asdelaluna.es\/index.php?rest_route=\/wp\/v2\/users\/1"}],"replies":[{"embeddable":true,"href":"https:\/\/www.monta\u00f1asdelaluna.es\/index.php?rest_route=%2Fwp%2Fv2%2Fcomments&post=40593"}],"version-history":[{"count":12,"href":"https:\/\/www.monta\u00f1asdelaluna.es\/index.php?rest_route=\/wp\/v2\/posts\/40593\/revisions"}],"predecessor-version":[{"id":52223,"href":"https:\/\/www.monta\u00f1asdelaluna.es\/index.php?rest_route=\/wp\/v2\/posts\/40593\/revisions\/52223"}],"wp:featuredmedia":[{"embeddable":true,"href":"https:\/\/www.monta\u00f1asdelaluna.es\/index.php?rest_route=\/wp\/v2\/media\/40434"}],"wp:attachment":[{"href":"https:\/\/www.monta\u00f1asdelaluna.es\/index.php?rest_route=%2Fwp%2Fv2%2Fmedia&parent=40593"}],"wp:term":[{"taxonomy":"category","embeddable":true,"href":"https:\/\/www.monta\u00f1asdelaluna.es\/index.php?rest_route=%2Fwp%2Fv2%2Fcategories&post=40593"},{"taxonomy":"post_tag","embeddable":true,"href":"https:\/\/www.monta\u00f1asdelaluna.es\/index.php?rest_route=%2Fwp%2Fv2%2Ftags&post=40593"}],"curies":[{"name":"wp","href":"https:\/\/api.w.org\/{rel}","templated":true}]}}