{"id":40601,"date":"2019-07-11T19:17:53","date_gmt":"2019-07-11T19:17:53","guid":{"rendered":"http:\/\/monta\u00f1asdelaluna.com\/?p=40601"},"modified":"2022-12-08T08:26:10","modified_gmt":"2022-12-08T08:26:10","slug":"11-de-julio-de-2-019-jueves-cresta-de-la-dufourspitze-4-499-mts","status":"publish","type":"post","link":"https:\/\/www.monta\u00f1asdelaluna.es\/?p=40601","title":{"rendered":"11 de julio de 2.019, jueves. Cresta de la Dufourspitze (4.499 mts.)."},"content":{"rendered":"<p>[vc_row][vc_column][vc_column_text]Suena el despertador poco antes de las 2 de la ma\u00f1ana. Lo poco que he dormido, ha estado bien. No como en otras ocasiones que dorm\u00edamos sobre suelos inc\u00f3modos, duros, fr\u00edos\u2026 es importante dormir bien en sitios c\u00f3modos, y los camastros del Refugio de Monte Rosa eran bastante c\u00f3modos. Me visto, me preparo. Intento no hacer ruido, pero es inevitable iluminar la estancia con el frontal. Oigo alguna voz muy floja que nos desea suerte, mientras Luis Guerrero y yo ya salimos hac\u00eda el comedor dos pisos m\u00e1s abajo.<\/p>\n<p>Luis Segura y David tambi\u00e9n salen de su habitaci\u00f3n que comparten con otra gente (no cab\u00edan en la nuestra), y los 4 ya preparados bajamos a desayunar al comedor. Somos casi los \u00faltimos pero no los \u00fanicos. Es noche cerrada, muy oscura, pero buena, fr\u00eda sin mal tiempo. Perfecta.<\/p>\n<p>Bajamos del comedor al vest\u00edbulo donde tenemos los hierros, cuerdas, arneses\u2026 Joaqu\u00edn Murcia nos acompa\u00f1a. Dice que \u00e9l no duerme mucho. Y despu\u00e9s de equiparnos y estar ya listos para la ascensi\u00f3n, salimos a la terraza exterior y nos hace la foto de salida.<\/p>\n<div id=\"attachment_40455\" style=\"width: 1034px\" class=\"wp-caption aligncenter\"><a class=\"dt-single-image\" href=\"https:\/\/www.monta\u00f1asdelaluna.es\/wp-content\/uploads\/2019\/11\/saliendo-del-refugio-de-monte-rosa-de-izquierda-a-derecha-david-luis-segura-luis-guerrero-y-joaquin-terres.jpg\" data-dt-img-description=\"\"><img loading=\"lazy\" decoding=\"async\" aria-describedby=\"caption-attachment-40455\" class=\"wp-image-40455 size-large\" src=\"https:\/\/www.monta\u00f1asdelaluna.es\/wp-content\/uploads\/2019\/11\/saliendo-del-refugio-de-monte-rosa-de-izquierda-a-derecha-david-luis-segura-luis-guerrero-y-joaquin-terres-1024x768.jpg\" alt=\"Saliendo del Refugio de Monte Rosa, de izquierda a derecha: David, Luis Segura, Luis Guerrero y Joaqu\u00edn Terr\u00e9s\" width=\"1024\" height=\"768\" srcset=\"https:\/\/www.monta\u00f1asdelaluna.es\/wp-content\/uploads\/2019\/11\/saliendo-del-refugio-de-monte-rosa-de-izquierda-a-derecha-david-luis-segura-luis-guerrero-y-joaquin-terres-1024x768.jpg 1024w, https:\/\/www.monta\u00f1asdelaluna.es\/wp-content\/uploads\/2019\/11\/saliendo-del-refugio-de-monte-rosa-de-izquierda-a-derecha-david-luis-segura-luis-guerrero-y-joaquin-terres-300x225.jpg 300w, https:\/\/www.monta\u00f1asdelaluna.es\/wp-content\/uploads\/2019\/11\/saliendo-del-refugio-de-monte-rosa-de-izquierda-a-derecha-david-luis-segura-luis-guerrero-y-joaquin-terres.jpg 1763w\" sizes=\"auto, (max-width: 1024px) 100vw, 1024px\" \/><\/a><p id=\"caption-attachment-40455\" class=\"wp-caption-text\">Saliendo del Refugio de Monte Rosa, de izquierda a derecha: David, Luis Segura, Luis Guerrero y Joaqu\u00edn Terr\u00e9s<\/p><\/div>\n<div id=\"attachment_40452\" style=\"width: 1034px\" class=\"wp-caption aligncenter\"><a class=\"dt-single-image\" href=\"https:\/\/www.monta\u00f1asdelaluna.es\/wp-content\/uploads\/2019\/11\/amanece-en-el-refugio-de-monte-rosa.jpg\" data-dt-img-description=\"\"><img loading=\"lazy\" decoding=\"async\" aria-describedby=\"caption-attachment-40452\" class=\"wp-image-40452 size-large\" src=\"https:\/\/www.monta\u00f1asdelaluna.es\/wp-content\/uploads\/2019\/11\/amanece-en-el-refugio-de-monte-rosa-1024x576.jpg\" alt=\"Amanece en el Refugio de Monte Rosa\" width=\"1024\" height=\"576\" srcset=\"https:\/\/www.monta\u00f1asdelaluna.es\/wp-content\/uploads\/2019\/11\/amanece-en-el-refugio-de-monte-rosa-1024x576.jpg 1024w, https:\/\/www.monta\u00f1asdelaluna.es\/wp-content\/uploads\/2019\/11\/amanece-en-el-refugio-de-monte-rosa-300x169.jpg 300w, https:\/\/www.monta\u00f1asdelaluna.es\/wp-content\/uploads\/2019\/11\/amanece-en-el-refugio-de-monte-rosa.jpg 1976w\" sizes=\"auto, (max-width: 1024px) 100vw, 1024px\" \/><\/a><p id=\"caption-attachment-40452\" class=\"wp-caption-text\">Amanece en el Refugio de Monte Rosa<\/p><\/div>\n<p>Son aproximadamente las 3 de la ma\u00f1ana. Algunos pocos grupos han salido ya camino arriba en busca de las alturas del Monte Rosa. No los vemos cerca, y emprendemos la marcha en busca del glaciar del Monte Rosa, saliendo justo por detr\u00e1s del refugio por la ladera rocosa, ca\u00f3tica, seguimos huellas en la nieve de otros que ya han pasado por aqu\u00ed y buscando marcas, pinturas, hitos incluso, que nos gu\u00eden hacia la cima del Monte Rosa.<\/p>\n<p>Me vienen a la mente los viejos recuerdos de la subida al <a href=\"https:\/\/www.monta\u00f1asdelaluna.es\/?p=40354\" target=\"_blank\" rel=\"noopener\">Glaciar del Monte Rosa<\/a> desde el lugar donde acampamos, poco m\u00e1s arriba del refugio, fantasmas de esa larga subida entre la oscuridad, entre aquel caos de rocas sueltas y roca lisa, madre, con una pendiente casi peligrosa, que se me hizo eterno, interminable. Incluso amaneciendo a\u00fan no hab\u00edamos llegado a los pies del glaciar. Quiz\u00e1s por eso cog\u00ed enseguida la cabeza del grupo en medio de aquella oscuridad tan negra e intimidadora, y sub\u00eda con una marcha algo r\u00e1pida como intentando hacer que el d\u00eda despertar\u00e1 antes, o para dejar r\u00e1pidamente esta ladera ca\u00f3tica de neveros, rocas, pasajes, escarpes, piedras y empinados neveros helados.<\/p>\n<p>Hay huella hecha en los congelados neveros que nos hacen de escalones para poder progresar, con lo que no hace falta sacar los crampones por el momento. Como voy tirando del grupo, el resto de compa\u00f1eros conf\u00eda en lo que hago, menos Luis Guerrero que me pregunta \u201c\u00bfest\u00e1s seguro de que no hace falta ponerse los crampones?\u201d, \u201cHay escalones hechos de las huellas en la nieve, podemos subir bien con los bastones\u201d. Y seguimos nuestra andanza por esta ca\u00f3tica ladera de neveros, rocas, escarpes y pendientes empinadas.<\/p>\n<div id=\"attachment_40456\" style=\"width: 1034px\" class=\"wp-caption aligncenter\"><a class=\"dt-single-image\" href=\"https:\/\/www.monta\u00f1asdelaluna.es\/wp-content\/uploads\/2019\/11\/cruzando-algunas-grietas-del-glaciar-del-monte-rosa-delante-lus-guerrero-y-saltando-david.jpg\" data-dt-img-description=\"\"><img loading=\"lazy\" decoding=\"async\" aria-describedby=\"caption-attachment-40456\" class=\"wp-image-40456 size-large\" src=\"https:\/\/www.monta\u00f1asdelaluna.es\/wp-content\/uploads\/2019\/11\/cruzando-algunas-grietas-del-glaciar-del-monte-rosa-delante-lus-guerrero-y-saltando-david-1024x768.jpg\" alt=\"Cruzando algunas grietas del Glaciar del Monte Rosa, delante Lus Guerrero y saltando David\" width=\"1024\" height=\"768\" srcset=\"https:\/\/www.monta\u00f1asdelaluna.es\/wp-content\/uploads\/2019\/11\/cruzando-algunas-grietas-del-glaciar-del-monte-rosa-delante-lus-guerrero-y-saltando-david-1024x768.jpg 1024w, https:\/\/www.monta\u00f1asdelaluna.es\/wp-content\/uploads\/2019\/11\/cruzando-algunas-grietas-del-glaciar-del-monte-rosa-delante-lus-guerrero-y-saltando-david-300x225.jpg 300w, https:\/\/www.monta\u00f1asdelaluna.es\/wp-content\/uploads\/2019\/11\/cruzando-algunas-grietas-del-glaciar-del-monte-rosa-delante-lus-guerrero-y-saltando-david.jpg 1763w\" sizes=\"auto, (max-width: 1024px) 100vw, 1024px\" \/><\/a><p id=\"caption-attachment-40456\" class=\"wp-caption-text\">Cruzando algunas grietas del Glaciar del Monte Rosa, delante Lus Guerrero y saltando David<\/p><\/div>\n<div id=\"attachment_40457\" style=\"width: 1034px\" class=\"wp-caption aligncenter\"><a class=\"dt-single-image\" href=\"https:\/\/www.monta\u00f1asdelaluna.es\/wp-content\/uploads\/2019\/11\/amanece-subiendo-por-el-glaciar-del-monte-rosa-delante-luis-segura-david-y-luis-guerrero.jpg\" data-dt-img-description=\"\"><img loading=\"lazy\" decoding=\"async\" aria-describedby=\"caption-attachment-40457\" class=\"wp-image-40457 size-large\" src=\"https:\/\/www.monta\u00f1asdelaluna.es\/wp-content\/uploads\/2019\/11\/amanece-subiendo-por-el-glaciar-del-monte-rosa-delante-luis-segura-david-y-luis-guerrero-1024x683.jpg\" alt=\"Amanece subiendo por el Glaciar del Monte Rosa, delante Luis Segura, David y Luis Guerrero\" width=\"1024\" height=\"683\" srcset=\"https:\/\/www.monta\u00f1asdelaluna.es\/wp-content\/uploads\/2019\/11\/amanece-subiendo-por-el-glaciar-del-monte-rosa-delante-luis-segura-david-y-luis-guerrero-1024x683.jpg 1024w, https:\/\/www.monta\u00f1asdelaluna.es\/wp-content\/uploads\/2019\/11\/amanece-subiendo-por-el-glaciar-del-monte-rosa-delante-luis-segura-david-y-luis-guerrero-300x200.jpg 300w, https:\/\/www.monta\u00f1asdelaluna.es\/wp-content\/uploads\/2019\/11\/amanece-subiendo-por-el-glaciar-del-monte-rosa-delante-luis-segura-david-y-luis-guerrero.jpg 1240w\" sizes=\"auto, (max-width: 1024px) 100vw, 1024px\" \/><\/a><p id=\"caption-attachment-40457\" class=\"wp-caption-text\">Amanece subiendo por el Glaciar del Monte Rosa, delante Luis Segura, David y Luis Guerrero<\/p><\/div>\n<p>Hasta que llega un momento en que el recorrido deja de subir tanto y se allana mientras cruzamos una zona con nieve, como bordeando por la derecha, algo m\u00e1s bajo, una zona concreta. Nos damos cuenta de que ya estamos saltando grietas, sin saberlo nos hemos subido a la parte m\u00e1s baja del Glaciar del Monte Rosa; pero la noche a\u00fan es cerrada. Ahora, saltando algunas de estas \u201cpeque\u00f1as\u201d grietas, pisando nieve que ha quedado en ellas (desde la aventura por los <a href=\"https:\/\/www.monta\u00f1asdelaluna.es\/?p=37213\" target=\"_blank\" rel=\"noopener\">glaciares del Finsteraarhorn<\/a>, ya voy con mucho cuidado en estos casos, y con el coraz\u00f3n en un pu\u00f1o).<\/p>\n<p>Una vez que hemos cruzado ese supuesto campo de grietas, quedando la ladera del glaciar a nuestra izquierda y la ca\u00edda del mismo hacia la parte del Glaciar Grenx, a la derecha, llegamos a un punto en que vuelve a girar el recorrido hacia la izquierda como queriendo subirse de nuevo a la parte m\u00e1s alta o central del glaciar, dejando a nuestra espalda las vistas (invisibles por la oscuridad de la noche) a la zona del Glaciar Grenx. Un largo recorrido por nieve durita sin grietas, dejando ahora la zona de grietas abajo a la izquierda y la ladera del glaciar a la derecha. Sigo yendo el primero, tengo ganas de llegar a terreno conocido o que salga pronto el sol. Antes de cruzar esta zona de grietas y observando que ya toc\u00e1bamos hielo duro, azulado, del glaciar, nos hemos parado a ponernos los crampones; pero no nos hemos encordado ni casi sacado el piolet, el recorrido es f\u00e1cil, sin peligro (menos por las invisibles grietas) y parece bastante pisado, transitado\u2026 aunque no nos cruzamos con nadie. Es un solitario y largo recorrido hacia Satteltole.<\/p>\n<p>Una vez llegados a otro punto de este recorrido, volvemos a girar a la derecha como poni\u00e9ndonos de frente a la vaguada o valle que hace el glaciar y pendiente arriba, dejando a nuestra espalda la zona subida de la ladera de rocas y neveros, con el refugio al final, y delante de nosotros todo el Glaciar del Monte Rosa en todo su apogeo. En este giro espero de nuevo a mis compa\u00f1eros. Me he vuelto a avanzar\u2026 ser\u00e1 la nota predominante en toda la subida. Parece que el sol ya quiere comenzar a iluminar este nuevo d\u00eda \u00bfC\u00f3mo es posible si hemos salido m\u00e1s tarde? La respuesta es que, compar\u00e1ndolo con la subida de hace 14 a\u00f1os, esta vez hemos salido 2 horas antes (m\u00e1s o menos) pero estamos en los primeros d\u00edas de julio y hace 14 a\u00f1os era la segunda semana de agosto, con lo que amanece antes ahora con una clara diferencia.<\/p>\n<div id=\"attachment_40458\" style=\"width: 1034px\" class=\"wp-caption aligncenter\"><a class=\"dt-single-image\" href=\"https:\/\/www.monta\u00f1asdelaluna.es\/wp-content\/uploads\/2019\/11\/subiendo-por-el-glaciar-del-monte-rosa-al-fondo-de-izquierda-a-derecha-dent-d-herens-cervino-dent-blanche-ober-gabelhorn-zinalrothorn-y-weisshorn-abajo-el-glaciar-grenx-y-a-la-derecha-la-cres.jpg\" data-dt-img-description=\"\"><img loading=\"lazy\" decoding=\"async\" aria-describedby=\"caption-attachment-40458\" class=\"wp-image-40458 size-large\" src=\"https:\/\/www.monta\u00f1asdelaluna.es\/wp-content\/uploads\/2019\/11\/subiendo-por-el-glaciar-del-monte-rosa-al-fondo-de-izquierda-a-derecha-dent-d-herens-cervino-dent-blanche-ober-gabelhorn-zinalrothorn-y-weisshorn-abajo-el-glaciar-grenx-y-a-la-derecha-la-cres-1024x683.jpg\" alt=\"Subiendo por el Glaciar del Monte Rosa, al fondo de izquierda a derecha: Dent d'H\u00e8rens, Cervino, Dent Blanche, Ober Gabelhorn, Zinalrothorn y Weisshorn, abajo el Glaciar Grenx, y a la derecha la cresta de Gorner y el Glaciar Gorner\" width=\"1024\" height=\"683\" srcset=\"https:\/\/www.monta\u00f1asdelaluna.es\/wp-content\/uploads\/2019\/11\/subiendo-por-el-glaciar-del-monte-rosa-al-fondo-de-izquierda-a-derecha-dent-d-herens-cervino-dent-blanche-ober-gabelhorn-zinalrothorn-y-weisshorn-abajo-el-glaciar-grenx-y-a-la-derecha-la-cres-1024x683.jpg 1024w, https:\/\/www.monta\u00f1asdelaluna.es\/wp-content\/uploads\/2019\/11\/subiendo-por-el-glaciar-del-monte-rosa-al-fondo-de-izquierda-a-derecha-dent-d-herens-cervino-dent-blanche-ober-gabelhorn-zinalrothorn-y-weisshorn-abajo-el-glaciar-grenx-y-a-la-derecha-la-cres-300x200.jpg 300w, https:\/\/www.monta\u00f1asdelaluna.es\/wp-content\/uploads\/2019\/11\/subiendo-por-el-glaciar-del-monte-rosa-al-fondo-de-izquierda-a-derecha-dent-d-herens-cervino-dent-blanche-ober-gabelhorn-zinalrothorn-y-weisshorn-abajo-el-glaciar-grenx-y-a-la-derecha-la-cres.jpg 1240w\" sizes=\"auto, (max-width: 1024px) 100vw, 1024px\" \/><\/a><p id=\"caption-attachment-40458\" class=\"wp-caption-text\">Subiendo por el Glaciar del Monte Rosa, al fondo de izquierda a derecha: Dent d&#8217;H\u00e8rens, Cervino, Dent Blanche, Ober Gabelhorn, Zinalrothorn y Weisshorn, abajo el Glaciar Grenx, y a la derecha la cresta de Gorner y el Glaciar Gorner<\/p><\/div>\n<div id=\"attachment_40462\" style=\"width: 1250px\" class=\"wp-caption aligncenter\"><a class=\"dt-single-image\" href=\"https:\/\/www.monta\u00f1asdelaluna.es\/wp-content\/uploads\/2019\/11\/subiendo-por-el-glaciar-del-monte-rosa-mas-arriba-de-la-mitad-del-recorrido-glaciar.jpg\" data-dt-img-description=\"\"><img loading=\"lazy\" decoding=\"async\" aria-describedby=\"caption-attachment-40462\" class=\"wp-image-40462 size-full\" src=\"https:\/\/www.monta\u00f1asdelaluna.es\/wp-content\/uploads\/2019\/11\/subiendo-por-el-glaciar-del-monte-rosa-mas-arriba-de-la-mitad-del-recorrido-glaciar.jpg\" alt=\"Subiendo por el Glaciar del Monte Rosa m\u00e1s arriba de la mitad del recorrido glaciar\" width=\"1240\" height=\"696\" srcset=\"https:\/\/www.monta\u00f1asdelaluna.es\/wp-content\/uploads\/2019\/11\/subiendo-por-el-glaciar-del-monte-rosa-mas-arriba-de-la-mitad-del-recorrido-glaciar.jpg 1240w, https:\/\/www.monta\u00f1asdelaluna.es\/wp-content\/uploads\/2019\/11\/subiendo-por-el-glaciar-del-monte-rosa-mas-arriba-de-la-mitad-del-recorrido-glaciar-300x168.jpg 300w, https:\/\/www.monta\u00f1asdelaluna.es\/wp-content\/uploads\/2019\/11\/subiendo-por-el-glaciar-del-monte-rosa-mas-arriba-de-la-mitad-del-recorrido-glaciar-1024x575.jpg 1024w\" sizes=\"auto, (max-width: 1240px) 100vw, 1240px\" \/><\/a><p id=\"caption-attachment-40462\" class=\"wp-caption-text\">Subiendo por el Glaciar del Monte Rosa m\u00e1s arriba de la mitad del recorrido glaciar<\/p><\/div>\n<p>A partir de aqu\u00ed es seguir el recorrido muy bien marcado de los que han pasado, subido y bajado, antes por aqu\u00ed. Pero a pesar de que la luz del d\u00eda comienza a aclarar la monta\u00f1a, seguimos sin ver a nadie por encima ni por debajo de nosotros en todo el recorrido. No hay tregua, todo es subida, subida y subida\u2026 da la sensaci\u00f3n de que la pendiente no es muy empinada cuando subo y llevo un buen ritmo, tanto que dejo en varias ocasiones a mis tres compa\u00f1eros bastante atr\u00e1s y les voy esperando y haciendo fotos. Pero a la bajada comprobaremos que s\u00ed est\u00e1n realmente empinadas estas suaves y onduladas laderas del Glaciar del Monte Rosa.<\/p>\n<p>Mientras subimos el d\u00eda se aclara, el sol va saliendo y rozando sus rayos en las cimas de las monta\u00f1as que van quedando a nuestra espalda: el Cervino, Dent Blanche, Weisshorn, Breithorn m\u00e1s cerca\u2026 ofreci\u00e9ndonos un espect\u00e1culo precioso y asombrosos de un paisaje de alta monta\u00f1a alpina. Espectacular. Me vuelven a llegar los recuerdos de hace 14 a\u00f1os: el paisaje. Esas estupendas fotos. Pero da la sensaci\u00f3n de que a pesar de ser las mismas monta\u00f1as y valles, algo ha cambiado\u2026 igual he cambiado yo y mi punto de vista, la forma de ver las cosas, o es que ya no tengo el efecto sorpresa de ver este espect\u00e1culo por primera vez \u00bfdecepci\u00f3n, dudas? Sentimientos extra\u00f1os. Es como encontrarte con algo, cuando esperabas mucho m\u00e1s\u2026 pero el paisaje y las monta\u00f1as son las mismas \u00bfQu\u00e9 ha pasado?<\/p>\n<p>Van pasando las horas y minutos y seguimos subiendo. El d\u00eda ha amanecido magn\u00edfico, soleado sin nubes (por el momento), las predicciones y suerte est\u00e1n de nuestro lado. All\u00e1 arriba veo las rocas desnudas de la cresta o escarpes, espolones, que suben a Sattel. Reconozco esas vistas y terrenos \u00bfestamos cerca? No demasiado. Poco m\u00e1s arriba el recorrido que sigue por el fondo de la vaguada del f\u00e1cil y nada peligroso Glaciar del Monte Rosa, comienza a girar a la izquierda, m\u00e1s arriba derecha, izquierda\u2026 como un gran zigzag, par\u00e1ndonos en las zonas menos empinadas para reagruparnos y descansar algo\u2026 hasta que dejo de ver los escarpes de la nombrada cresta de Sattel para ponernos por encima de su altura y poco a poco vislumbrar el valle entre el Nordend y la cresta de la Dufourspitze, y poco m\u00e1s arriba por fin el comienzo de la cresta con Satteltole a su derecha, Sattel m\u00e1s a la derecha, y la impresionante rimaya que hay que cruzar para subirnos al collado de Sattel, comienzo de la cresta de la Dufourspitze. Pero aunque ya lo estemos viendo, a\u00fan queda mucho tiempo para llegar hasta ellos.<\/p>\n<div id=\"attachment_40463\" style=\"width: 1034px\" class=\"wp-caption aligncenter\"><a class=\"dt-single-image\" href=\"https:\/\/www.monta\u00f1asdelaluna.es\/wp-content\/uploads\/2019\/11\/subiendo-por-el-glaciar-del-monte-rosa-mas-arriba-de-la-mitad-del-recorrido-glaciar-detras-de-izquierda-a-derecha-tocandoles-el-sol-dent-d-herens-cervino-dent-blanche-ober-gabelhorn-y-zinalrotho.jpg\" data-dt-img-description=\"\"><img loading=\"lazy\" decoding=\"async\" aria-describedby=\"caption-attachment-40463\" class=\"wp-image-40463 size-large\" src=\"https:\/\/www.monta\u00f1asdelaluna.es\/wp-content\/uploads\/2019\/11\/subiendo-por-el-glaciar-del-monte-rosa-mas-arriba-de-la-mitad-del-recorrido-glaciar-detras-de-izquierda-a-derecha-tocandoles-el-sol-dent-d-herens-cervino-dent-blanche-ober-gabelhorn-y-zinalrotho-1024x683.jpg\" alt=\"Subiendo por el Glaciar del Monte Rosa m\u00e1s arriba de la mitad del recorrido glaciar, detr\u00e1s de izquierda a derecha toc\u00e1ndoles el sol: Dent d'H\u00e8rens, Cervino, Dent Blanche, Ober Gabelhorn y Zinalrothorn\" width=\"1024\" height=\"683\" srcset=\"https:\/\/www.monta\u00f1asdelaluna.es\/wp-content\/uploads\/2019\/11\/subiendo-por-el-glaciar-del-monte-rosa-mas-arriba-de-la-mitad-del-recorrido-glaciar-detras-de-izquierda-a-derecha-tocandoles-el-sol-dent-d-herens-cervino-dent-blanche-ober-gabelhorn-y-zinalrotho-1024x683.jpg 1024w, https:\/\/www.monta\u00f1asdelaluna.es\/wp-content\/uploads\/2019\/11\/subiendo-por-el-glaciar-del-monte-rosa-mas-arriba-de-la-mitad-del-recorrido-glaciar-detras-de-izquierda-a-derecha-tocandoles-el-sol-dent-d-herens-cervino-dent-blanche-ober-gabelhorn-y-zinalrotho-300x200.jpg 300w, https:\/\/www.monta\u00f1asdelaluna.es\/wp-content\/uploads\/2019\/11\/subiendo-por-el-glaciar-del-monte-rosa-mas-arriba-de-la-mitad-del-recorrido-glaciar-detras-de-izquierda-a-derecha-tocandoles-el-sol-dent-d-herens-cervino-dent-blanche-ober-gabelhorn-y-zinalrotho.jpg 1240w\" sizes=\"auto, (max-width: 1024px) 100vw, 1024px\" \/><\/a><p id=\"caption-attachment-40463\" class=\"wp-caption-text\">Subiendo por el Glaciar del Monte Rosa m\u00e1s arriba de la mitad del recorrido glaciar, detr\u00e1s de izquierda a derecha toc\u00e1ndoles el sol: Dent d&#8217;H\u00e8rens, Cervino, Dent Blanche, Ober Gabelhorn y Zinalrothorn<\/p><\/div>\n<div id=\"attachment_40468\" style=\"width: 1034px\" class=\"wp-caption aligncenter\"><a class=\"dt-single-image\" href=\"https:\/\/www.monta\u00f1asdelaluna.es\/wp-content\/uploads\/2019\/11\/acercandonos-a-las-estribaciones-de-sattel.jpg\" data-dt-img-description=\"\"><img loading=\"lazy\" decoding=\"async\" aria-describedby=\"caption-attachment-40468\" class=\"wp-image-40468 size-large\" src=\"https:\/\/www.monta\u00f1asdelaluna.es\/wp-content\/uploads\/2019\/11\/acercandonos-a-las-estribaciones-de-sattel-1024x683.jpg\" alt=\"Acerc\u00e1ndonos a las estribaciones de Sattel\" width=\"1024\" height=\"683\" srcset=\"https:\/\/www.monta\u00f1asdelaluna.es\/wp-content\/uploads\/2019\/11\/acercandonos-a-las-estribaciones-de-sattel-1024x683.jpg 1024w, https:\/\/www.monta\u00f1asdelaluna.es\/wp-content\/uploads\/2019\/11\/acercandonos-a-las-estribaciones-de-sattel-300x200.jpg 300w, https:\/\/www.monta\u00f1asdelaluna.es\/wp-content\/uploads\/2019\/11\/acercandonos-a-las-estribaciones-de-sattel.jpg 1240w\" sizes=\"auto, (max-width: 1024px) 100vw, 1024px\" \/><\/a><p id=\"caption-attachment-40468\" class=\"wp-caption-text\">Acerc\u00e1ndonos a las estribaciones de Sattel<\/p><\/div>\n<div id=\"attachment_40472\" style=\"width: 1034px\" class=\"wp-caption aligncenter\"><a class=\"dt-single-image\" href=\"https:\/\/www.monta\u00f1asdelaluna.es\/wp-content\/uploads\/2019\/11\/detras-las-caidas-de-seracs-y-hielos-al-glaciar-grenx-desde-el-liskamm-pollux-en-el-centro-el-breithorn-y-el-cervino-al-fondo.jpg\" data-dt-img-description=\"\"><img loading=\"lazy\" decoding=\"async\" aria-describedby=\"caption-attachment-40472\" class=\"wp-image-40472 size-large\" src=\"https:\/\/www.monta\u00f1asdelaluna.es\/wp-content\/uploads\/2019\/11\/detras-las-caidas-de-seracs-y-hielos-al-glaciar-grenx-desde-el-liskamm-pollux-en-el-centro-el-breithorn-y-el-cervino-al-fondo-1024x683.jpg\" alt=\"Detras las caidas de seracs y hielos al Glaciar Grenx, desde el Liskamm, Pollux, en el centro el Breithorn y el Cervino al fondo\" width=\"1024\" height=\"683\" srcset=\"https:\/\/www.monta\u00f1asdelaluna.es\/wp-content\/uploads\/2019\/11\/detras-las-caidas-de-seracs-y-hielos-al-glaciar-grenx-desde-el-liskamm-pollux-en-el-centro-el-breithorn-y-el-cervino-al-fondo-1024x683.jpg 1024w, https:\/\/www.monta\u00f1asdelaluna.es\/wp-content\/uploads\/2019\/11\/detras-las-caidas-de-seracs-y-hielos-al-glaciar-grenx-desde-el-liskamm-pollux-en-el-centro-el-breithorn-y-el-cervino-al-fondo-300x200.jpg 300w, https:\/\/www.monta\u00f1asdelaluna.es\/wp-content\/uploads\/2019\/11\/detras-las-caidas-de-seracs-y-hielos-al-glaciar-grenx-desde-el-liskamm-pollux-en-el-centro-el-breithorn-y-el-cervino-al-fondo.jpg 1240w\" sizes=\"auto, (max-width: 1024px) 100vw, 1024px\" \/><\/a><p id=\"caption-attachment-40472\" class=\"wp-caption-text\">Detras las caidas de seracs y hielos al Glaciar Grenx, desde el Liskamm, Pollux, en el centro el Breithorn y el Cervino al fondo<\/p><\/div>\n<p>Pero por fin ya vemos otras cordadas: un grupo de 4 se acerca por el recorrido marcado en la nieve justo a la parte baja de la helada pendiente y d\u00f4me que nos sube a la cresta, para llegar al collado de Sattel; a\u00fan no han llegado al punto donde hay que \u201csaltar\u201d la rimaya. El d\u00eda ya est\u00e1 en todo su apogeo tiempo antes de llegar a ver las puntas y partes de Nordend y Dufourspitze. Seguimos subiendo y mientras lo hacemos observo al grupo de delante que se ha parado bajo la ladera vertical y congelada de hielo, nieve que te sube a la cresta de la Dufourspitze, y ha mandado a un \u201cexplorador\u201d que revise la rimaya. Llega al punto de la grieta y a los minutos vuelve al grupo encordado. Est\u00e1n otros minutos parados, indecisos, y al cabo de poco tiempo emprenden la bajada sin llegar a la rimaya. Me sorprende. Mientras nosotros seguimos subiendo y acerc\u00e1ndonos a su punto de encuentro. Las vistas hacia la cresta y Nordend son espectaculares. Ya estamos muy altos. El d\u00eda es muy soleado y con una magn\u00edfica visibilidad. Observo claramente el camino a seguir, pero no llego a distinguir la cima del Monte Rosa, la Dufourspitze, puede ser que est\u00e9 detr\u00e1s de aquel gendarme de all\u00e1 arriba en medio de la cresta\u2026<\/p>\n<p>Despu\u00e9s de cruzarnos con este grupo que ya van de bajada, con monta\u00f1eros de mediana edad, no se han atrevido a cruzar la rimaya, vuelvo a descubrir otros grupos que s\u00ed la han cruzado, han estado esperando en Satteltole o ya est\u00e1n subiendo por la congelada y aireada ladera que nos sube a la cresta, dejando el piquito Sattel y su collado a nuestra espalda y abajo. Poco m\u00e1s arriba descansamos en un punto donde algunos se han dejado los bastones. En la cresta no hace fata bastones, al rev\u00e9s, pueden ser peligrosos. Creo que es el mismo punto donde nos quedamos tumbados hace 14 a\u00f1os para comer, descansar y hacer fotos. Nos da un poco el \u201csue\u00f1o de altura\u201d, he subido muy r\u00e1pido y las consecuencias de la altura siempre se notan. Pero no ir\u00e1n a m\u00e1s. Debemos estar entre 4.100 y 4.200 metros de altura. Espero a mis compa\u00f1eros, descansamos y comemos algo. Observo la rimaya, Satteltole. Reconozco los lugares de hace 14 a\u00f1os\u2026 espero que no se repita la historia.<\/p>\n<div id=\"attachment_40475\" style=\"width: 1034px\" class=\"wp-caption aligncenter\"><a class=\"dt-single-image\" href=\"https:\/\/www.monta\u00f1asdelaluna.es\/wp-content\/uploads\/2019\/11\/IMG_1007.jpg\" data-dt-img-description=\"\"><img loading=\"lazy\" decoding=\"async\" aria-describedby=\"caption-attachment-40475\" class=\"wp-image-40475 size-large\" src=\"https:\/\/www.monta\u00f1asdelaluna.es\/wp-content\/uploads\/2019\/11\/IMG_1007-1024x683.jpg\" alt=\"Weisshorn\" width=\"1024\" height=\"683\" srcset=\"https:\/\/www.monta\u00f1asdelaluna.es\/wp-content\/uploads\/2019\/11\/IMG_1007-1024x683.jpg 1024w, https:\/\/www.monta\u00f1asdelaluna.es\/wp-content\/uploads\/2019\/11\/IMG_1007-300x200.jpg 300w, https:\/\/www.monta\u00f1asdelaluna.es\/wp-content\/uploads\/2019\/11\/IMG_1007.jpg 1240w\" sizes=\"auto, (max-width: 1024px) 100vw, 1024px\" \/><\/a><p id=\"caption-attachment-40475\" class=\"wp-caption-text\">Weisshorn<\/p><\/div>\n<div id=\"attachment_40477\" style=\"width: 1034px\" class=\"wp-caption aligncenter\"><a class=\"dt-single-image\" href=\"https:\/\/www.monta\u00f1asdelaluna.es\/wp-content\/uploads\/2019\/11\/dent-d-herens-a-la-izquierda-y-delante-el-cervino.jpg\" data-dt-img-description=\"\"><img loading=\"lazy\" decoding=\"async\" aria-describedby=\"caption-attachment-40477\" class=\"wp-image-40477 size-large\" src=\"https:\/\/www.monta\u00f1asdelaluna.es\/wp-content\/uploads\/2019\/11\/dent-d-herens-a-la-izquierda-y-delante-el-cervino-1024x683.jpg\" alt=\"Dent d'H\u00e9rens a la izquierda y delante el Cervino\" width=\"1024\" height=\"683\" srcset=\"https:\/\/www.monta\u00f1asdelaluna.es\/wp-content\/uploads\/2019\/11\/dent-d-herens-a-la-izquierda-y-delante-el-cervino-1024x683.jpg 1024w, https:\/\/www.monta\u00f1asdelaluna.es\/wp-content\/uploads\/2019\/11\/dent-d-herens-a-la-izquierda-y-delante-el-cervino-300x200.jpg 300w, https:\/\/www.monta\u00f1asdelaluna.es\/wp-content\/uploads\/2019\/11\/dent-d-herens-a-la-izquierda-y-delante-el-cervino.jpg 1240w\" sizes=\"auto, (max-width: 1024px) 100vw, 1024px\" \/><\/a><p id=\"caption-attachment-40477\" class=\"wp-caption-text\">Dent d&#8217;H\u00e9rens a la izquierda y delante el Cervino<\/p><\/div>\n<p>Estamos fuertes y animados. El grupo ha ido subiendo entre charreta y charreta, mientras yo me adelantaba en solitario. Emprendemos el camino ahora hacia Satteltole que poco a poco lo tenemos m\u00e1s enfrente y cerca, a la vez que avanzamos. Hay otras huellas en otro v\u00e9rtice de la ladera helada que sube sin tener que saltar a rimaya. Luis Guerrero me dice de subir por ah\u00ed para evitar la rimaya, le digo que est\u00e1 m\u00e1s empinado y peligroso que la subida normal.<\/p>\n<p>Poco a poco nos colocamos bajo la empinada ladera congelada, helada de hielo o nieve congelada, que baja de la cresta y sigue hacia Satteltole y Sattel, a la vez que nos acercamos a la grieta de la rimaya justo bajo el falso llano de Satteltole a caballo entre la parte por donde hemos subido y las paredes, barrancos, escarpes verticales que bajan o acaban en el Glaciar Grenx al otro lado.<\/p>\n<p>Llego a la rimaya. Me paro, observo el paso. Hay unas especies de escalones en la nieve, arriba de la grieta, que se habr\u00e1n abierto para poder subir al collado. Guardo los palos y saco un piolet. Me acerco al paso. No es dif\u00edcil, solo que puede dar impresi\u00f3n saber que debajo de ti hay una grieta con un fondo indeterminado, peligroso, pero la grieta no est\u00e1 tan abierta, lo \u00fanico es que en esta parte, forma una pared de hielo al otro lado del abismo y hay que superarlo. El frio en esta parte de agudiza, el viento se hace m\u00e1s fuerte, estamos a m\u00e1s de 4.300 metros y en una zona de sombra donde el sol solo nos calentar\u00e1 a mitad de ma\u00f1ana. Llevo unos guantes finos, no los alpinos que los llevo en la mochila, y debajo de la chaqueta una capa fina, deber\u00eda ponerme lo guantes buenos y m\u00e1s ropa bajo la chaqueta, pero no lo hago\u2026 el fr\u00edo se intensifica; no debo pararme.<\/p>\n<div id=\"attachment_40481\" style=\"width: 1034px\" class=\"wp-caption aligncenter\"><a class=\"dt-single-image\" href=\"https:\/\/www.monta\u00f1asdelaluna.es\/wp-content\/uploads\/2019\/11\/llegando-a-las-cercanias-de-satteltole.jpg\" data-dt-img-description=\"\"><img loading=\"lazy\" decoding=\"async\" aria-describedby=\"caption-attachment-40481\" class=\"wp-image-40481 size-large\" src=\"https:\/\/www.monta\u00f1asdelaluna.es\/wp-content\/uploads\/2019\/11\/llegando-a-las-cercanias-de-satteltole-1024x683.jpg\" alt=\"Llegando a las cercan\u00edas de Satteltole\" width=\"1024\" height=\"683\" srcset=\"https:\/\/www.monta\u00f1asdelaluna.es\/wp-content\/uploads\/2019\/11\/llegando-a-las-cercanias-de-satteltole-1024x683.jpg 1024w, https:\/\/www.monta\u00f1asdelaluna.es\/wp-content\/uploads\/2019\/11\/llegando-a-las-cercanias-de-satteltole-300x200.jpg 300w, https:\/\/www.monta\u00f1asdelaluna.es\/wp-content\/uploads\/2019\/11\/llegando-a-las-cercanias-de-satteltole.jpg 1240w\" sizes=\"auto, (max-width: 1024px) 100vw, 1024px\" \/><\/a><p id=\"caption-attachment-40481\" class=\"wp-caption-text\">Llegando a las cercan\u00edas de Satteltole<\/p><\/div>\n<div id=\"attachment_40485\" style=\"width: 1034px\" class=\"wp-caption aligncenter\"><a class=\"dt-single-image\" href=\"https:\/\/www.monta\u00f1asdelaluna.es\/wp-content\/uploads\/2019\/11\/acercandonos-a-satteltole-detras-taeschhorn-dom.jpg\" data-dt-img-description=\"\"><img loading=\"lazy\" decoding=\"async\" aria-describedby=\"caption-attachment-40485\" class=\"wp-image-40485 size-large\" src=\"https:\/\/www.monta\u00f1asdelaluna.es\/wp-content\/uploads\/2019\/11\/acercandonos-a-satteltole-detras-taeschhorn-dom-1024x683.jpg\" alt=\"Acerc\u00e1ndonos a Satteltole, detr\u00e1s el T\u00e4schhorn, Dom\" width=\"1024\" height=\"683\" srcset=\"https:\/\/www.monta\u00f1asdelaluna.es\/wp-content\/uploads\/2019\/11\/acercandonos-a-satteltole-detras-taeschhorn-dom-1024x683.jpg 1024w, https:\/\/www.monta\u00f1asdelaluna.es\/wp-content\/uploads\/2019\/11\/acercandonos-a-satteltole-detras-taeschhorn-dom-300x200.jpg 300w, https:\/\/www.monta\u00f1asdelaluna.es\/wp-content\/uploads\/2019\/11\/acercandonos-a-satteltole-detras-taeschhorn-dom.jpg 1240w\" sizes=\"auto, (max-width: 1024px) 100vw, 1024px\" \/><\/a><p id=\"caption-attachment-40485\" class=\"wp-caption-text\">Acerc\u00e1ndonos a Satteltole, detr\u00e1s el T\u00e4schhorn, Dom<\/p><\/div>\n<p>Vuelvo a intentar subir la rimaya con un piolet, pero me falta un \u00fanico apoyo, un \u00fanico punto, para superar la rimaya tranquilo, dos pasos atr\u00e1s y saco el segundo piolet (el que Luis Guerrero no quer\u00eda sacar), ahora no hay problemas. No nos hemos encordado, fallo. Supero en medio minuto la rimaya y subo al frio y ventoso Satteltole, mucho fr\u00edo y molesto, g\u00e9lido viento. Desde la parte llana o nada peligrosa de Sattetole no veo a los compa\u00f1eros que se han quedado all\u00e1 abajo junto a la rimaya. Y la comunicaci\u00f3n se hace dif\u00edcil o casi imposible. El siguiente es David que sigue mis pasos. No veo como sube o las condiciones de sus pasos, pero Luis Guerrero se escandalizar\u00e1 por su forma de coger el piolet, un \u00fanico piolet, y subir, superar el paso, la pared de la rimaya\u2026 por cierto, llevaba mis viejos y pesados piolets, los cuales ya no me fiaba de su dragonera, de la cinta que de vieja ya corr\u00eda sola por las anillas\u2026 y cuando David llega a mi punto a salvo es cuando vino el lio\u2026<\/p>\n<p>David sube y llega hasta mi posici\u00f3n, sin problemas. El sitio no es peligroso pero no conozco a David que seg\u00fan Luis Segura es la primera vez que hace este tipo de actividades. Le digo que se arrodille y clave su piolet en suelo helado para no resbalar, asegurarse. El siguiente en subir es Luis Guerrero que nos dice de echar una cuerda para asegurar su subida y paso por la rimaya, intento hacer una reuni\u00f3n con un tri\u00e1ngulo de fuerza con los dos piolets y metiendo un clavo de hielo. Paso la cinta, mosquetones, hago nudos 8 en la cuerda para asegurar ahora a David a la reuni\u00f3n, a m\u00ed y el extremo de la cuerda por la que subir\u00e1 Luis Guerrero. Todo esto parece sencillo, pero me llev\u00f3 muchos minutos\u2026 poca experiencia o pr\u00e1ctica, mucho fr\u00edo aqu\u00ed arriba, y encima la cuerda est\u00e1 rizada cuando la saco de la mochila de David. Por \u00faltimo hay que echar el otro extremo de la cuerda hasta que la cojan los dos luises all\u00e1 abajo\u2026 no me atrevo a asomarme demasiado y mi poca fuerza entumecida por el frio no llega a lanzar la cuerda lo suficiente como para que les llegue a ellos. No les llega la cuerda, no hay manera\u2026<\/p>\n<div id=\"attachment_40486\" style=\"width: 1034px\" class=\"wp-caption aligncenter\"><a class=\"dt-single-image\" href=\"https:\/\/www.monta\u00f1asdelaluna.es\/wp-content\/uploads\/2019\/11\/a-la-izquierda-el-comienzo-de-la-cresta-a-la-dufourspitze-a-la-derecha-sattel-en-el-centro-satteltole.jpg\" data-dt-img-description=\"\"><img loading=\"lazy\" decoding=\"async\" aria-describedby=\"caption-attachment-40486\" class=\"wp-image-40486 size-large\" src=\"https:\/\/www.monta\u00f1asdelaluna.es\/wp-content\/uploads\/2019\/11\/a-la-izquierda-el-comienzo-de-la-cresta-a-la-dufourspitze-a-la-derecha-sattel-en-el-centro-satteltole-1024x683.jpg\" alt=\"A la izquierda el comienzo de la cresta a la Dufourspitze, a la derecha Sattel, en el centro Satteltole\" width=\"1024\" height=\"683\" srcset=\"https:\/\/www.monta\u00f1asdelaluna.es\/wp-content\/uploads\/2019\/11\/a-la-izquierda-el-comienzo-de-la-cresta-a-la-dufourspitze-a-la-derecha-sattel-en-el-centro-satteltole-1024x683.jpg 1024w, https:\/\/www.monta\u00f1asdelaluna.es\/wp-content\/uploads\/2019\/11\/a-la-izquierda-el-comienzo-de-la-cresta-a-la-dufourspitze-a-la-derecha-sattel-en-el-centro-satteltole-300x200.jpg 300w, https:\/\/www.monta\u00f1asdelaluna.es\/wp-content\/uploads\/2019\/11\/a-la-izquierda-el-comienzo-de-la-cresta-a-la-dufourspitze-a-la-derecha-sattel-en-el-centro-satteltole.jpg 1240w\" sizes=\"auto, (max-width: 1024px) 100vw, 1024px\" \/><\/a><p id=\"caption-attachment-40486\" class=\"wp-caption-text\">A la izquierda el comienzo de la cresta a la Dufourspitze, a la derecha Sattel, en el centro Satteltole<\/p><\/div>\n<div id=\"attachment_40484\" style=\"width: 1034px\" class=\"wp-caption aligncenter\"><a class=\"dt-single-image\" href=\"https:\/\/www.monta\u00f1asdelaluna.es\/wp-content\/uploads\/2019\/11\/el-comienzo-de-la-cresta-a-la-dufourspitze-a-la-derecha-quedaria-satteltole.jpg\" data-dt-img-description=\"\"><img loading=\"lazy\" decoding=\"async\" aria-describedby=\"caption-attachment-40484\" class=\"wp-image-40484 size-large\" src=\"https:\/\/www.monta\u00f1asdelaluna.es\/wp-content\/uploads\/2019\/11\/el-comienzo-de-la-cresta-a-la-dufourspitze-a-la-derecha-quedaria-satteltole-1024x683.jpg\" alt=\"El comienzo de la cresta a la Dufourspitze, a la derecha quedar\u00eda Satteltole\" width=\"1024\" height=\"683\" srcset=\"https:\/\/www.monta\u00f1asdelaluna.es\/wp-content\/uploads\/2019\/11\/el-comienzo-de-la-cresta-a-la-dufourspitze-a-la-derecha-quedaria-satteltole-1024x683.jpg 1024w, https:\/\/www.monta\u00f1asdelaluna.es\/wp-content\/uploads\/2019\/11\/el-comienzo-de-la-cresta-a-la-dufourspitze-a-la-derecha-quedaria-satteltole-300x200.jpg 300w, https:\/\/www.monta\u00f1asdelaluna.es\/wp-content\/uploads\/2019\/11\/el-comienzo-de-la-cresta-a-la-dufourspitze-a-la-derecha-quedaria-satteltole.jpg 1240w\" sizes=\"auto, (max-width: 1024px) 100vw, 1024px\" \/><\/a><p id=\"caption-attachment-40484\" class=\"wp-caption-text\">El comienzo de la cresta a la Dufourspitze, a la derecha quedar\u00eda Satteltole<\/p><\/div>\n<p>Al cabo de un tiempo eterno pasando frio y malestar en el ventoso Satteltole (ten\u00eda que haberme puesto los guantes alpinos y la segunda capa que abrigue m\u00e1s debajo de la chaqueta North Face), a Luis Segura que s\u00ed lleva dos piolets t\u00e9cnicos, se le ocurre la idea de subir \u00e9l, pasar la rimaya, atado a la cuerda que ellos llevan, y as\u00ed asegurar en el otro extremo a Luis Guerrero una vez que Luis Segura llegara hasta nuestro punto y se asegurara en la reuni\u00f3n. Dicho y hecho. El paso que nos estaba costando tanto tiempo preparar para que Luis Guerrero pasase, se libr\u00f3 en pocos minutos una vez Luis Segura se hab\u00eda asegurado.<\/p>\n<p>Luis Guerrero aparece en el horizonte del Satteltole \u201c\u00bfves? Con el apoyo de la cuerda se sube r\u00e1pido\u201d. Cierto. Podr\u00eda haber hecho un seguro con mi propio cuerpo y todo hubiera quedado resuelto en 5 minutos, pero no me fiaba de dejar a David sin asegurar, a pesar de estar en un sitio relativamente llano y seguro\u2026 hab\u00eda observado se\u00f1ales de grietas, peque\u00f1itas, que podr\u00edan ser las ventanas a otras m\u00e1s grandes debajo, en el mismo collado\u2026 \u00a1Quien sabe!, No quer\u00eda llevarme ning\u00fan susto con David. Luis Segura ya llevaba sus dos piolets y ya ten\u00eda otras experiencias como en el <a href=\"https:\/\/www.monta\u00f1asdelaluna.es\/?p=37404\" target=\"_blank\" rel=\"noopener\">Finsteraarhorn<\/a>, donde las dificultades fueron bastante superiores\u2026<\/p>\n<p>Por fin estamos todos en Satteltole. Hemos pasado frio, hemos perdido tiempo\u2026 todo eso hace mella, pero no desistimos. Ahora queda la subida por la larga pala helada, congelada, de hielo vivo, muy duro que nos ha de subir al comienzo de la cresta de la Dufourspitze desde Satteltole, la pala en la cual Jes\u00fas Santana no se vio seguro hace 14 a\u00f1os en aquella aventura de <a href=\"https:\/\/www.monta\u00f1asdelaluna.es\/?p=40354\" target=\"_blank\" rel=\"noopener\">subida al Monte Rosa<\/a>\u2026 no dejar\u00e9 que pase de nuevo, ahora ninguno duda de la subida y condiciones a sufrir.<\/p>\n<div id=\"attachment_40487\" style=\"width: 1034px\" class=\"wp-caption aligncenter\"><a class=\"dt-single-image\" href=\"https:\/\/www.monta\u00f1asdelaluna.es\/wp-content\/uploads\/2019\/11\/un-grupo-baja-de-sattetole-no-ha-cruzado-la-rimaya.jpg\" data-dt-img-description=\"\"><img loading=\"lazy\" decoding=\"async\" aria-describedby=\"caption-attachment-40487\" class=\"wp-image-40487 size-large\" src=\"https:\/\/www.monta\u00f1asdelaluna.es\/wp-content\/uploads\/2019\/11\/un-grupo-baja-de-sattetole-no-ha-cruzado-la-rimaya-1024x683.jpg\" alt=\"Un grupo baja de Sattetole, no han cruzado la rimaya\" width=\"1024\" height=\"683\" srcset=\"https:\/\/www.monta\u00f1asdelaluna.es\/wp-content\/uploads\/2019\/11\/un-grupo-baja-de-sattetole-no-ha-cruzado-la-rimaya-1024x683.jpg 1024w, https:\/\/www.monta\u00f1asdelaluna.es\/wp-content\/uploads\/2019\/11\/un-grupo-baja-de-sattetole-no-ha-cruzado-la-rimaya-300x200.jpg 300w, https:\/\/www.monta\u00f1asdelaluna.es\/wp-content\/uploads\/2019\/11\/un-grupo-baja-de-sattetole-no-ha-cruzado-la-rimaya.jpg 1240w\" sizes=\"auto, (max-width: 1024px) 100vw, 1024px\" \/><\/a><p id=\"caption-attachment-40487\" class=\"wp-caption-text\">Un grupo baja de Sattetole, no han cruzado la rimaya<\/p><\/div>\n<div id=\"attachment_40490\" style=\"width: 1034px\" class=\"wp-caption aligncenter\"><a class=\"dt-single-image\" href=\"https:\/\/www.monta\u00f1asdelaluna.es\/wp-content\/uploads\/2019\/11\/descanso-antes-de-asolir-satteltole-de-izquierda-a-derecha-luis-segura-david-y-luis-guerrero.jpg\" data-dt-img-description=\"\"><img loading=\"lazy\" decoding=\"async\" aria-describedby=\"caption-attachment-40490\" class=\"wp-image-40490 size-large\" src=\"https:\/\/www.monta\u00f1asdelaluna.es\/wp-content\/uploads\/2019\/11\/descanso-antes-de-asolir-satteltole-de-izquierda-a-derecha-luis-segura-david-y-luis-guerrero-1024x683.jpg\" alt=\"Descanso antes de asolir Satteltole, de izquierda a derecha: Luis Segura, David y Luis Guerrero\" width=\"1024\" height=\"683\" srcset=\"https:\/\/www.monta\u00f1asdelaluna.es\/wp-content\/uploads\/2019\/11\/descanso-antes-de-asolir-satteltole-de-izquierda-a-derecha-luis-segura-david-y-luis-guerrero-1024x683.jpg 1024w, https:\/\/www.monta\u00f1asdelaluna.es\/wp-content\/uploads\/2019\/11\/descanso-antes-de-asolir-satteltole-de-izquierda-a-derecha-luis-segura-david-y-luis-guerrero-300x200.jpg 300w, https:\/\/www.monta\u00f1asdelaluna.es\/wp-content\/uploads\/2019\/11\/descanso-antes-de-asolir-satteltole-de-izquierda-a-derecha-luis-segura-david-y-luis-guerrero.jpg 1240w\" sizes=\"auto, (max-width: 1024px) 100vw, 1024px\" \/><\/a><p id=\"caption-attachment-40490\" class=\"wp-caption-text\">Descanso antes de asolir Satteltole, de izquierda a derecha: Luis Segura, David y Luis Guerrero<\/p><\/div>\n<p>La subida lo intento hacer lo m\u00e1s r\u00e1pidamente posible. Buen ritmo, buen paso, no quiero pararme en mitad de esta subida, la perdida de equilibrio podr\u00eda ser fatal. Apenas se clavan las puntas de los crampones, con lo que clavar un piolet aqu\u00ed ser\u00eda imposible, adem\u00e1s el hielo tan duro y la pendiente en el lado norte, har\u00eda que al caer no pudieras pararte y coger\u00edas velocidad hasta caer en una rimaya, en una grieta o pararte nieve blanda all\u00e1 abajo\u2026 peligroso. La ca\u00edda por el lado sur hacia el Glaciar Grenx ser\u00eda casi una ca\u00edda libre por una escarpada pared de roca; m\u00e1s peligroso.<\/p>\n<p>A medida que subimos en este magn\u00edfico d\u00eda en esta congelada pala cimera hacia la punta de arriba, comienzo de la cresta de la Dufourspitze, observamos como algunos grupos comienzan a bajar por la cresta que vemos seguida, con aquel caracter\u00edstico piquito o aguja al final de una crestecilla de nieve, hacia el sitio al que nosotros estamos, como si estuvieran volviendo, cresta abajo \u00bfQu\u00e9 habr\u00e1 pasado? \u00bfPor qu\u00e9 bajan por la cresta? Luis Guerrero y yo nos lo pregunt\u00e1bamos a la vez que lleg\u00e1bamos a la parte m\u00e1s alta de la larga pala congelada cimera. Hace 14 a\u00f1os sab\u00edamos que hab\u00edan montado unas maromas para poder bajar ayudados por ellas por una chimenea hasta el Glaciar del Monte Rosa justo desde la cima de la Dufourspitze\u2026 \u00a1\u00bfPor qu\u00e9 bajaban por aqu\u00ed?!<\/p>\n<p>Llegados a la punta de la pala, aqu\u00ed comienza la cresta horizontal en un principio, acabada en una subida hasta en una ancha aguja por una palita o crestita de nieve, el lugar m\u00e1s alto hasta donde llegaron Quique y Trino. Ya estamos a casi 4.500 metros, seg\u00fan el mapa cartogr\u00e1fico nos faltar\u00eda un metro para esos 4.500 metros (Satteltole est\u00e1 a poco menos de 4.350 mts.). Este es el mismo punto al que llegu\u00e9 con Jes\u00fas Santana hace 14 a\u00f1os en la subida al Monte Rosa. Luis y yo nos paramos. Esperamos a Luis Segura y a David que suben seguidamente. Antes de llegar \u00e9stos pregunta Luis Guerrero en ingl\u00e9s a una cordada que baja \u201c\u00bfpor qu\u00e9 baj\u00e1is por aqu\u00ed?\u201d Una cordada en la que la gu\u00eda era una mujer joven nos dice que han quitado las maromas que bajan de la cima de la Dufourspitze, con lo que hay que deshacer la cresta y bajar por aqu\u00ed.<\/p>\n<div id=\"attachment_40491\" style=\"width: 1034px\" class=\"wp-caption aligncenter\"><a class=\"dt-single-image\" href=\"https:\/\/www.monta\u00f1asdelaluna.es\/wp-content\/uploads\/2019\/11\/david-a-4-500-metros-en-el-monte-rosa-a-la-izquierda-las-laderas-del-liskamm-detras-sattel-y-glaciar-grenx-abajo.jpg\" data-dt-img-description=\"\"><img loading=\"lazy\" decoding=\"async\" aria-describedby=\"caption-attachment-40491\" class=\"wp-image-40491 size-large\" src=\"https:\/\/www.monta\u00f1asdelaluna.es\/wp-content\/uploads\/2019\/11\/david-a-4-500-metros-en-el-monte-rosa-a-la-izquierda-las-laderas-del-liskamm-detras-sattel-y-glaciar-grenx-abajo-1024x683.jpg\" alt=\"David a 4.500 metros en el Monte Rosa, a la izquierda las laderas del Liskamm, detr\u00e1s Sattel y Glaciar Grenx abajo\" width=\"1024\" height=\"683\" srcset=\"https:\/\/www.monta\u00f1asdelaluna.es\/wp-content\/uploads\/2019\/11\/david-a-4-500-metros-en-el-monte-rosa-a-la-izquierda-las-laderas-del-liskamm-detras-sattel-y-glaciar-grenx-abajo-1024x683.jpg 1024w, https:\/\/www.monta\u00f1asdelaluna.es\/wp-content\/uploads\/2019\/11\/david-a-4-500-metros-en-el-monte-rosa-a-la-izquierda-las-laderas-del-liskamm-detras-sattel-y-glaciar-grenx-abajo-300x200.jpg 300w, https:\/\/www.monta\u00f1asdelaluna.es\/wp-content\/uploads\/2019\/11\/david-a-4-500-metros-en-el-monte-rosa-a-la-izquierda-las-laderas-del-liskamm-detras-sattel-y-glaciar-grenx-abajo.jpg 1240w\" sizes=\"auto, (max-width: 1024px) 100vw, 1024px\" \/><\/a><p id=\"caption-attachment-40491\" class=\"wp-caption-text\">David a 4.500 metros en el Monte Rosa, a la izquierda las laderas del Liskamm, detr\u00e1s Sattel y Glaciar Grenx abajo<\/p><\/div>\n<div id=\"attachment_40493\" style=\"width: 1034px\" class=\"wp-caption aligncenter\"><a class=\"dt-single-image\" href=\"https:\/\/www.monta\u00f1asdelaluna.es\/wp-content\/uploads\/2019\/11\/luis-guerrero-bajando-a-satteltole-el-pico-sattel-la-roca-de-delante.jpg\" data-dt-img-description=\"\"><img loading=\"lazy\" decoding=\"async\" aria-describedby=\"caption-attachment-40493\" class=\"wp-image-40493 size-large\" src=\"https:\/\/www.monta\u00f1asdelaluna.es\/wp-content\/uploads\/2019\/11\/luis-guerrero-bajando-a-satteltole-el-pico-sattel-la-roca-de-delante-1024x683.jpg\" alt=\"Luis Guerrero bajando a Satteltole, el pico Sattel la roca de delante\" width=\"1024\" height=\"683\" srcset=\"https:\/\/www.monta\u00f1asdelaluna.es\/wp-content\/uploads\/2019\/11\/luis-guerrero-bajando-a-satteltole-el-pico-sattel-la-roca-de-delante-1024x683.jpg 1024w, https:\/\/www.monta\u00f1asdelaluna.es\/wp-content\/uploads\/2019\/11\/luis-guerrero-bajando-a-satteltole-el-pico-sattel-la-roca-de-delante-300x200.jpg 300w, https:\/\/www.monta\u00f1asdelaluna.es\/wp-content\/uploads\/2019\/11\/luis-guerrero-bajando-a-satteltole-el-pico-sattel-la-roca-de-delante.jpg 1240w\" sizes=\"auto, (max-width: 1024px) 100vw, 1024px\" \/><\/a><p id=\"caption-attachment-40493\" class=\"wp-caption-text\">Luis Guerrero bajando a Satteltole, el pico Sattel la roca de delante<\/p><\/div>\n<p>Esto nos desanima. Hemos pasado frio y perdido tiempo con el paso de la rimaya de Satteltole, ahora esto, yo sigo sin ir abrigado debidamente y esperando al resto del grupo comienzo de nuevo a sentir frio, mucho frio, estamos muy altos y nos queda solo una media hora de cresta creo yo, hasta la cima de la Dufourspitze. El tiempo acompa\u00f1a; solo aparecen algunas nubes altas por el horizonte hacia el oeste, pero el frio si te paras es intenso, paralizante.<\/p>\n<p>Llegan David y Luis Segura al punto donde comienza la cresta que es donde nos hemos parado Luis Guerrero y yo. Todos paralizados no nos decidimos. Yo cada vez tengo m\u00e1s frio y eso me desanima, no me deja pensar ni avanzar\u2026 ya sab\u00e9is lo que puede hacer el frio intenso\u2026 \u201c\u00bfQu\u00e9 hacemos, seguimos o nos bajamos?\u201d nos pregunta Luis Guerrero despu\u00e9s de informar de que no hay maromas para bajar de la Dufourspitze y hay que deshacer la cresta que tenemos seguidamente. Nadie dice nada. Yo estoy paralizado y desanimado por el frio y por la noticia de la desaparecida maroma. No puedo decir seguimos pero no quiero decir bajamos. Nadie dice nada. Pasan segundos en silencio. Luis Guerrero insiste. \u201cNadie dice nada, pues lo digo yo, vamos para abajo\u201d Acaba diciendo Luis Guerrero.<\/p>\n<p>Y as\u00ed comenzamos a bajar desandando lo subido. Es una pena. No puedo insistir de seguir hacia arriba, el frio ha hecho mella en m\u00ed, en mi cuerpo y me pide calor, bajar, salir de este infierno de viento y frio\u2026 al final un conjunto de circunstancias, condiciones que nos hace decidir bajar sin llegar, por segunda vez como hace 14 a\u00f1os, a la cima de la Dufourspitze. Curiosamente nos hemos quedado en el mismo punto donde me qued\u00e9 con Jes\u00fas Santana hace 14 a\u00f1os en la subida al Monte Rosa. Curioso. Algo decepcionado, pero la monta\u00f1a tiene estas cosas, a veces no es por tus condiciones o las de la monta\u00f1a, si no un conjunto de circunstancias, un c\u00famulo de desprop\u00f3sitos\u2026 pero la monta\u00f1a no se mover\u00e1 de aqu\u00ed; no ser\u00e1 la primera monta\u00f1a a la que llego a su cima al tercer intento\u2026 pero no creo que hayan m\u00e1s de tres intentos en esta impresionante y sufrida monta\u00f1a, la m\u00e1s alta de Suiza y la segunda m\u00e1s alta de los Alpes\u2026 por suerte el tiempo nos acompa\u00f1a, las vistas son impresionantes, esta parte de los Alpes son preciosos y magn\u00edficos.<\/p>\n<div id=\"attachment_40494\" style=\"width: 1034px\" class=\"wp-caption aligncenter\"><a class=\"dt-single-image\" href=\"https:\/\/www.monta\u00f1asdelaluna.es\/wp-content\/uploads\/2019\/11\/en-satteltole-le-sigue-el-pico-sattel-y-detras-el-liskamm.jpg\" data-dt-img-description=\"\"><img loading=\"lazy\" decoding=\"async\" aria-describedby=\"caption-attachment-40494\" class=\"wp-image-40494 size-large\" src=\"https:\/\/www.monta\u00f1asdelaluna.es\/wp-content\/uploads\/2019\/11\/en-satteltole-le-sigue-el-pico-sattel-y-detras-el-liskamm-1024x683.jpg\" alt=\"En Satteltole, le sigue el pico Sattel y detr\u00e1s el Liskamm\" width=\"1024\" height=\"683\" srcset=\"https:\/\/www.monta\u00f1asdelaluna.es\/wp-content\/uploads\/2019\/11\/en-satteltole-le-sigue-el-pico-sattel-y-detras-el-liskamm-1024x683.jpg 1024w, https:\/\/www.monta\u00f1asdelaluna.es\/wp-content\/uploads\/2019\/11\/en-satteltole-le-sigue-el-pico-sattel-y-detras-el-liskamm-300x200.jpg 300w, https:\/\/www.monta\u00f1asdelaluna.es\/wp-content\/uploads\/2019\/11\/en-satteltole-le-sigue-el-pico-sattel-y-detras-el-liskamm.jpg 1240w\" sizes=\"auto, (max-width: 1024px) 100vw, 1024px\" \/><\/a><p id=\"caption-attachment-40494\" class=\"wp-caption-text\">En Satteltole, le sigue el pico Sattel y detr\u00e1s el Liskamm<\/p><\/div>\n<div id=\"attachment_40499\" style=\"width: 1034px\" class=\"wp-caption aligncenter\"><a class=\"dt-single-image\" href=\"https:\/\/www.monta\u00f1asdelaluna.es\/wp-content\/uploads\/2019\/11\/luis-guerrero-con-sattel-a-la-derecha-el-comienzo-de-la-cresta-a-la-dufourspitze-en-el-centro-y-entre-ambos-satteltole-con-la-rimaya.jpg\" data-dt-img-description=\"\"><img loading=\"lazy\" decoding=\"async\" aria-describedby=\"caption-attachment-40499\" class=\"wp-image-40499 size-large\" src=\"https:\/\/www.monta\u00f1asdelaluna.es\/wp-content\/uploads\/2019\/11\/luis-guerrero-con-sattel-a-la-derecha-el-comienzo-de-la-cresta-a-la-dufourspitze-en-el-centro-y-entre-ambos-satteltole-con-la-rimaya-1024x683.jpg\" alt=\"Luis Guerrero con Sattel a la derecha, el comienzo de la cresta a la Dufourspitze en el centro, y entre ambos Satteltole con la rimaya\" width=\"1024\" height=\"683\" srcset=\"https:\/\/www.monta\u00f1asdelaluna.es\/wp-content\/uploads\/2019\/11\/luis-guerrero-con-sattel-a-la-derecha-el-comienzo-de-la-cresta-a-la-dufourspitze-en-el-centro-y-entre-ambos-satteltole-con-la-rimaya-1024x683.jpg 1024w, https:\/\/www.monta\u00f1asdelaluna.es\/wp-content\/uploads\/2019\/11\/luis-guerrero-con-sattel-a-la-derecha-el-comienzo-de-la-cresta-a-la-dufourspitze-en-el-centro-y-entre-ambos-satteltole-con-la-rimaya-300x200.jpg 300w, https:\/\/www.monta\u00f1asdelaluna.es\/wp-content\/uploads\/2019\/11\/luis-guerrero-con-sattel-a-la-derecha-el-comienzo-de-la-cresta-a-la-dufourspitze-en-el-centro-y-entre-ambos-satteltole-con-la-rimaya.jpg 1240w\" sizes=\"auto, (max-width: 1024px) 100vw, 1024px\" \/><\/a><p id=\"caption-attachment-40499\" class=\"wp-caption-text\">Luis Guerrero con Sattel a la derecha, el comienzo de la cresta a la Dufourspitze en el centro, y entre ambos Satteltole con la rimaya<\/p><\/div>\n<p>Bajamos la pala congelada, helada. No hay problemas. Me quedo el \u00faltimo y veo como los compa\u00f1eros van bajando por la congelada pala cimera. Las vistas hacia el piquito de Sattel, al gigante Liskamm y abajo al Glaciar Grenx son impresionantes, incre\u00edbles\u2026 que cantidad de nieve y hielo que hay a esta altura, y de aqu\u00ed hacia el fronterizo y alto Refugio de Margarita. Precioso y frio paisaje. Miro hacia abajo y recuerdo aquellas fotos echas a Jes\u00fas Santana hace 14 a\u00f1os en este mismo sitio, recuerdo el momento e intento hacer las mismas o parecidas fotos, pero esta vez como protagonistas a Luis Guerrero y a David. Fascinante.<\/p>\n<p>En mitad de la bajada hay una roca y un paso algo m\u00e1s delicado, pero existe una reuni\u00f3n con una cinta por la que podemos pasar la cuerda a modo de seguro, est\u00e1 bien, te quita el miedo. Abajo en Satteltole solo queda salvar la rimaya, la famosa rimaya que tanta lata nos ha dado para subir. Cojo la cuerda y aseguro con el peso de mi cuerpo la bajada de cada uno de los compa\u00f1eros. Una vez est\u00e1n todos debajo de Satteltole, al otro lado de la rimaya, recogen la cuerda y esperan mi bajada. Lo hago con los dos piolets y sin cuerda, bajando de espaldas. No hay problemas. Realmente el paso no es complicado, acostumbrado a pasos de hielo y nieve en la monta\u00f1a.<\/p>\n<p>Una vez todos en la huella del recorrido solo queda bajar la larga, larga, larga pendiente, pendientes, laderas onduladas del Glaciar de Monte Rosa. Es curioso que este glaciar si, lo comparamos por los glaciares que lo rodea, Grenx y Gorner, parece peque\u00f1ito, pero cuando est\u00e1s en \u00e9l, pateando parte de sus laderas heladas, parece enorme, gigante. Curioso. Fotos en la bajada. Fotos parecidas a las que hice hace 14 a\u00f1os, pero ahora \u201csin carrete\u201d puedo hacer muchas m\u00e1s y escoger la que m\u00e1s me guste\u2026 pero ninguna ser\u00e1 comparable con la de hace 14 a\u00f1os, porque los momentos siempre son \u00fanicos aunque el paisaje sea el mismo.<\/p>\n<div id=\"attachment_40497\" style=\"width: 1034px\" class=\"wp-caption aligncenter\"><a class=\"dt-single-image\" href=\"https:\/\/www.monta\u00f1asdelaluna.es\/wp-content\/uploads\/2019\/11\/delante-luis-guerrero-despues-de-cruzar-la-rimaya-de-satteltole-al-fondo-en-el-centro-el-weisshorn-a-la-derecha-el-taeschorn-dom.jpg\" data-dt-img-description=\"\"><img loading=\"lazy\" decoding=\"async\" aria-describedby=\"caption-attachment-40497\" class=\"wp-image-40497 size-large\" src=\"https:\/\/www.monta\u00f1asdelaluna.es\/wp-content\/uploads\/2019\/11\/delante-luis-guerrero-despues-de-cruzar-la-rimaya-de-satteltole-al-fondo-en-el-centro-el-weisshorn-a-la-derecha-el-taeschorn-dom-1024x683.jpg\" alt=\"Delante Luis Guerrero despu\u00e9s de cruzar la rimaya de Satteltole. Al fondo en el centro el Weisshorn, a la derecha el T\u00e4schorn, Dom\" width=\"1024\" height=\"683\" srcset=\"https:\/\/www.monta\u00f1asdelaluna.es\/wp-content\/uploads\/2019\/11\/delante-luis-guerrero-despues-de-cruzar-la-rimaya-de-satteltole-al-fondo-en-el-centro-el-weisshorn-a-la-derecha-el-taeschorn-dom-1024x683.jpg 1024w, https:\/\/www.monta\u00f1asdelaluna.es\/wp-content\/uploads\/2019\/11\/delante-luis-guerrero-despues-de-cruzar-la-rimaya-de-satteltole-al-fondo-en-el-centro-el-weisshorn-a-la-derecha-el-taeschorn-dom-300x200.jpg 300w, https:\/\/www.monta\u00f1asdelaluna.es\/wp-content\/uploads\/2019\/11\/delante-luis-guerrero-despues-de-cruzar-la-rimaya-de-satteltole-al-fondo-en-el-centro-el-weisshorn-a-la-derecha-el-taeschorn-dom.jpg 1240w\" sizes=\"auto, (max-width: 1024px) 100vw, 1024px\" \/><\/a><p id=\"caption-attachment-40497\" class=\"wp-caption-text\">Delante Luis Guerrero despu\u00e9s de cruzar la rimaya de Satteltole. Al fondo en el centro el Weisshorn, a la derecha el T\u00e4schorn, Dom<\/p><\/div>\n<div id=\"attachment_40498\" style=\"width: 1034px\" class=\"wp-caption aligncenter\"><a class=\"dt-single-image\" href=\"https:\/\/www.monta\u00f1asdelaluna.es\/wp-content\/uploads\/2019\/11\/bajando-de-satteltole-abajo-los-glaciares-grenx-izquierda-y-gorner-derecha-al-fondo-de-izquierda-a-derecha-cervino-dent-blanche-ober-gabelhorn-zinalrothorn-y-weisshorn-con-su-nubecilla.jpg\" data-dt-img-description=\"\"><img loading=\"lazy\" decoding=\"async\" aria-describedby=\"caption-attachment-40498\" class=\"wp-image-40498 size-large\" src=\"https:\/\/www.monta\u00f1asdelaluna.es\/wp-content\/uploads\/2019\/11\/bajando-de-satteltole-abajo-los-glaciares-grenx-izquierda-y-gorner-derecha-al-fondo-de-izquierda-a-derecha-cervino-dent-blanche-ober-gabelhorn-zinalrothorn-y-weisshorn-con-su-nubecilla-1024x683.jpg\" alt=\"Bajando de Satteltole, abajo los glaciares Grenx (izquierda) y Gorner (derecha), al fondo de izquierda a derecha: Cervino, Dent Blanche, Ober Gabelhorn, Zinalrothorn y Weisshorn con su nubecilla\" width=\"1024\" height=\"683\" srcset=\"https:\/\/www.monta\u00f1asdelaluna.es\/wp-content\/uploads\/2019\/11\/bajando-de-satteltole-abajo-los-glaciares-grenx-izquierda-y-gorner-derecha-al-fondo-de-izquierda-a-derecha-cervino-dent-blanche-ober-gabelhorn-zinalrothorn-y-weisshorn-con-su-nubecilla-1024x683.jpg 1024w, https:\/\/www.monta\u00f1asdelaluna.es\/wp-content\/uploads\/2019\/11\/bajando-de-satteltole-abajo-los-glaciares-grenx-izquierda-y-gorner-derecha-al-fondo-de-izquierda-a-derecha-cervino-dent-blanche-ober-gabelhorn-zinalrothorn-y-weisshorn-con-su-nubecilla-300x200.jpg 300w, https:\/\/www.monta\u00f1asdelaluna.es\/wp-content\/uploads\/2019\/11\/bajando-de-satteltole-abajo-los-glaciares-grenx-izquierda-y-gorner-derecha-al-fondo-de-izquierda-a-derecha-cervino-dent-blanche-ober-gabelhorn-zinalrothorn-y-weisshorn-con-su-nubecilla.jpg 1240w\" sizes=\"auto, (max-width: 1024px) 100vw, 1024px\" \/><\/a><p id=\"caption-attachment-40498\" class=\"wp-caption-text\">Bajando de Satteltole, abajo los glaciares Grenx (izquierda) y Gorner (derecha), al fondo de izquierda a derecha: Cervino, Dent Blanche, Ober Gabelhorn, Zinalrothorn y Weisshorn con su nubecilla<\/p><\/div>\n<p>En la bajada sufren las rodillas, no hay tregua, pero bajamos r\u00e1pidos, siempre admirando el paisaje, fotografi\u00e1ndolo, y charlando, siempre de buen humor y cargados de energ\u00eda. A pesar de no haber llegado a la cima de la Dufourspitze que no se ha dejado conquistar, hemos llegado muy alto y lejos, y es merecida la alegr\u00eda y entusiasmo.<\/p>\n<p>Bajamos por todo el glaciar con paso \u00e1gil pero sin prisa, es pronto comparado con hace 14 a\u00f1os. El resto de cordadas ya han bajado, aunque parece que alguna se ha quedado retrasada y nos la encontraremos casi al acabar el glaciar. Sigue tan bien y c\u00f3modo como a la subida, sin una grieta peligrosa, aquellas famosas de las que nos avisaban hace 14 a\u00f1os. El glaciar segu\u00eda perfecto. Solamente al llegar casi a la parte m\u00e1s baja del mismo, por el que ya hab\u00edamos pasado a oscuras, observamos aquellas grietas cubiertas por la nieve. Me acord\u00e9 de aquella traves\u00eda por los glaciares que rodean el <a href=\"https:\/\/www.monta\u00f1asdelaluna.es\/?dt_gallery=5-de-agosto-del-2-017-sabado-del-finsteraarhorn-a-oberaar-2\" target=\"_blank\" rel=\"noopener\">Finsteraarhorn<\/a>, cuando la nieve que cubr\u00eda la nieve solo era una capa muy fina, fr\u00e1gil y blanda que escond\u00eda un aterrador abismo sin fondo y oscuro bajo ella: una grieta glaciar. El pavor y el respeto inundaban mis emociones. Pero esta nieve estaba m\u00e1s dura y firme, se pod\u00eda pasar sin miedo pero con el cuidado y atenci\u00f3n requerida; segu\u00edamos sin encordarnos, comprobando las grandes grietas que est\u00e1bamos cruzando, la cual recorr\u00edamos por la ladera que m\u00e1s se acercaba al Glaciar Grenx, como rodeando la parte central del campo de grietas m\u00e1s importante: se notaba el azul, gris\u00e1ceo del duro hielo y entre las bandas de hielo, el blanco de la nieve que quedaba y los un\u00eda, se\u00f1al inequ\u00edvoco de que la nieve cubr\u00eda una grieta glaciar\u2026 por suerte no era tanto\u2026 cuatro pasos.<\/p>\n<p>Pocos pasos m\u00e1s abajo un enorme nevero era la parte final del glaciar por la que baj\u00e1bamos casi corriendo. Al final del mismo una especie de balc\u00f3n o repisa del terreno, y abajo la pala sin hielo de piedras, roca y escarpes, ese laberinto de piedras y roca madre. Un excelente lugar para parar a comer algo mientras vemos all\u00e1 abajo el original edificio del Refugio de Monte Rosa. Detr\u00e1s de este lugar, toda la lengua enorme y gigante del Glaciar Grenx acabando en el Glaciar Gorner, que baja por el otro lado del lugar, con el precioso y espectacular Cervino en el centro del paisaje. Impresionante.<\/p>\n<div id=\"attachment_40500\" style=\"width: 1034px\" class=\"wp-caption aligncenter\"><a class=\"dt-single-image\" href=\"https:\/\/www.monta\u00f1asdelaluna.es\/wp-content\/uploads\/2019\/11\/bajando-por-el-glaciar-del-monte-rosa-delante-el-breithorn-a-la-izquierda-el-pollux-y-a-la-derecha-el-cervino-medio-cubierto.jpg\" data-dt-img-description=\"\"><img loading=\"lazy\" decoding=\"async\" aria-describedby=\"caption-attachment-40500\" class=\"wp-image-40500 size-large\" src=\"https:\/\/www.monta\u00f1asdelaluna.es\/wp-content\/uploads\/2019\/11\/bajando-por-el-glaciar-del-monte-rosa-delante-el-breithorn-a-la-izquierda-el-pollux-y-a-la-derecha-el-cervino-medio-cubierto-1024x683.jpg\" alt=\"Bajando por el Glaciar del Monte Rosa, delante el Breithorn, a la izquierda el Pollux y a la derecha el Cervino medio cubierto\" width=\"1024\" height=\"683\" srcset=\"https:\/\/www.monta\u00f1asdelaluna.es\/wp-content\/uploads\/2019\/11\/bajando-por-el-glaciar-del-monte-rosa-delante-el-breithorn-a-la-izquierda-el-pollux-y-a-la-derecha-el-cervino-medio-cubierto-1024x683.jpg 1024w, https:\/\/www.monta\u00f1asdelaluna.es\/wp-content\/uploads\/2019\/11\/bajando-por-el-glaciar-del-monte-rosa-delante-el-breithorn-a-la-izquierda-el-pollux-y-a-la-derecha-el-cervino-medio-cubierto-300x200.jpg 300w, https:\/\/www.monta\u00f1asdelaluna.es\/wp-content\/uploads\/2019\/11\/bajando-por-el-glaciar-del-monte-rosa-delante-el-breithorn-a-la-izquierda-el-pollux-y-a-la-derecha-el-cervino-medio-cubierto.jpg 1240w\" sizes=\"auto, (max-width: 1024px) 100vw, 1024px\" \/><\/a><p id=\"caption-attachment-40500\" class=\"wp-caption-text\">Bajando por el Glaciar del Monte Rosa, delante el Breithorn, a la izquierda el Pollux y a la derecha el Cervino medio cubierto<\/p><\/div>\n<div id=\"attachment_40502\" style=\"width: 1034px\" class=\"wp-caption aligncenter\"><a class=\"dt-single-image\" href=\"https:\/\/www.monta\u00f1asdelaluna.es\/wp-content\/uploads\/2019\/11\/bajando-por-el-glaciar-del-monte-rosa-abajo-los-glaciares-grenx-y-gorner-el-cervino-y-weisshorn-cubiertos-y-la-cresta-de-gorner-a-la-derecha.jpg\" data-dt-img-description=\"\"><img loading=\"lazy\" decoding=\"async\" aria-describedby=\"caption-attachment-40502\" class=\"wp-image-40502 size-large\" src=\"https:\/\/www.monta\u00f1asdelaluna.es\/wp-content\/uploads\/2019\/11\/bajando-por-el-glaciar-del-monte-rosa-abajo-los-glaciares-grenx-y-gorner-el-cervino-y-weisshorn-cubiertos-y-la-cresta-de-gorner-a-la-derecha-1024x683.jpg\" alt=\"Bajando por el Glaciar del Monte Rosa, abajo los glaciares Grenx y Gorner, el Cervino y Weisshorn cubiertos, y la cresta de Gorner a la derecha\" width=\"1024\" height=\"683\" srcset=\"https:\/\/www.monta\u00f1asdelaluna.es\/wp-content\/uploads\/2019\/11\/bajando-por-el-glaciar-del-monte-rosa-abajo-los-glaciares-grenx-y-gorner-el-cervino-y-weisshorn-cubiertos-y-la-cresta-de-gorner-a-la-derecha-1024x683.jpg 1024w, https:\/\/www.monta\u00f1asdelaluna.es\/wp-content\/uploads\/2019\/11\/bajando-por-el-glaciar-del-monte-rosa-abajo-los-glaciares-grenx-y-gorner-el-cervino-y-weisshorn-cubiertos-y-la-cresta-de-gorner-a-la-derecha-300x200.jpg 300w, https:\/\/www.monta\u00f1asdelaluna.es\/wp-content\/uploads\/2019\/11\/bajando-por-el-glaciar-del-monte-rosa-abajo-los-glaciares-grenx-y-gorner-el-cervino-y-weisshorn-cubiertos-y-la-cresta-de-gorner-a-la-derecha.jpg 1240w\" sizes=\"auto, (max-width: 1024px) 100vw, 1024px\" \/><\/a><p id=\"caption-attachment-40502\" class=\"wp-caption-text\">Bajando por el Glaciar del Monte Rosa, abajo los glaciares Grenx y Gorner, el Cervino y Weisshorn cubiertos, y la cresta de Gorner a la derecha<\/p><\/div>\n<p>Ahora solo queda bajar por toda esta pala siguiendo las huellas en los neveros, los hitos entre las rocas y pendientes. Es largo, largo, pero f\u00e1cil y entretenido. Parece que no llegues nunca al refugio. Recuerdo aquella bajada hace 14 a\u00f1os a la tienda de campa\u00f1a, al campamento, tirando algo m\u00e1s a la izquierda (mientras bajas) y poco m\u00e1s cerca que el mismo refugio; y aun as\u00ed se me hizo eterno, mucho m\u00e1s lento supongo que por lo arto de tanto bajar, tanto caminar\u2026 hoy es diferente, tenemos casi ansiedad por llegar al refugio, cada vez m\u00e1s cerca y por un recorrido mejor se\u00f1alizado, para dejar atr\u00e1s este caos de rocas, piedras, neveros, recovecos y escondites entre escarpes y roca madre. Y en no demasiado tiempo llegamos a la terraza del Refugio de Monte Rosa.<\/p>\n<p>El resto del grupo est\u00e1 en el refugio. Ya han hecho una actividad por esta ca\u00f3tica y fea ladera que queda justo entre el refugio y el Glaciar del Monte Rosa, por la que hemos andado nosotros, y ahora descansan. Noticias de no haber hecho la cima. \u201cMe he quedado en el mismo sitio que hace 14 a\u00f1os\u201d repito cada vez que me preguntan, y contamos los desprop\u00f3sitos y an\u00e9cdotas\u2026 han faltado los 2 piolets de Luis Guerrero, comienzo a describir el \u201cnefasto\u201d conjunto de circunstancias\u2026<\/p>\n<p>En un momento dado David comenta que en el punto decisivo el que ten\u00eda que haber animado al resto del grupo ten\u00eda que haber sido yo, supongo por ser el \u201csupuesto gu\u00eda o cabecilla, l\u00edder\u201d del grupo de ataque a la cumbre. Rotunda y en\u00e9rgicamente le digo que no, que yo no tengo que decirle a cada uno si tiene que seguir o no, subir o no, que cada uno en aquella situaci\u00f3n o punto, ya deb\u00eda de tener decisi\u00f3n propia para seguir si quer\u00eda, y que si hubiera animado al resto del grupo y hubi\u00e9ramos seguido por la cresta, lo que quedaba de ida y regreso era m\u00e1s duro o peligroso como para que pasara algo y me echaran a m\u00ed la culpa o me hicieran responsable; no. Esto no es una carrera en la que uno se cansa y el resto de corredores le anima, y si no puede, para y se va a casa. No. Aqu\u00ed no est\u00e1 la casa cerca ni la gente que te puedan ayudar si pasa algo malo, solo estamos nosotros, y la inh\u00f3spita alta monta\u00f1a alpina. No. Aqu\u00ed hay una l\u00ednea roja que no pasar\u00e9, m\u00e1s que por el bien de los compa\u00f1eros, por mi propio bien y responsabilidad, ego\u00edsta responsabilidad.<\/p>\n<div id=\"attachment_40503\" style=\"width: 1034px\" class=\"wp-caption aligncenter\"><a class=\"dt-single-image\" href=\"https:\/\/www.monta\u00f1asdelaluna.es\/wp-content\/uploads\/2019\/11\/acabado-el-glaciar-del-monte-rosa-abajo-el-glaciar-grenx-gorner.jpg\" data-dt-img-description=\"\"><img loading=\"lazy\" decoding=\"async\" aria-describedby=\"caption-attachment-40503\" class=\"wp-image-40503 size-large\" src=\"https:\/\/www.monta\u00f1asdelaluna.es\/wp-content\/uploads\/2019\/11\/acabado-el-glaciar-del-monte-rosa-abajo-el-glaciar-grenx-gorner-1024x683.jpg\" alt=\"Acabado el Glaciar del Monte Rosa, abajo el Glaciar Grenx-Gorner\" width=\"1024\" height=\"683\" srcset=\"https:\/\/www.monta\u00f1asdelaluna.es\/wp-content\/uploads\/2019\/11\/acabado-el-glaciar-del-monte-rosa-abajo-el-glaciar-grenx-gorner-1024x683.jpg 1024w, https:\/\/www.monta\u00f1asdelaluna.es\/wp-content\/uploads\/2019\/11\/acabado-el-glaciar-del-monte-rosa-abajo-el-glaciar-grenx-gorner-300x200.jpg 300w, https:\/\/www.monta\u00f1asdelaluna.es\/wp-content\/uploads\/2019\/11\/acabado-el-glaciar-del-monte-rosa-abajo-el-glaciar-grenx-gorner.jpg 1240w\" sizes=\"auto, (max-width: 1024px) 100vw, 1024px\" \/><\/a><p id=\"caption-attachment-40503\" class=\"wp-caption-text\">Acabado el Glaciar del Monte Rosa, abajo el Glaciar Grenx-Gorner<\/p><\/div>\n<div id=\"attachment_40505\" style=\"width: 1034px\" class=\"wp-caption aligncenter\"><a class=\"dt-single-image\" href=\"https:\/\/www.monta\u00f1asdelaluna.es\/wp-content\/uploads\/2019\/11\/david-llegando-al-refugio-de-monte-rosa-a-la-izquierda-el-cervino-cubierto-a-la-derecha-la-cresta-gorner-y-abajo-el-glaciar-gorner.jpg\" data-dt-img-description=\"\"><img loading=\"lazy\" decoding=\"async\" aria-describedby=\"caption-attachment-40505\" class=\"wp-image-40505 size-large\" src=\"https:\/\/www.monta\u00f1asdelaluna.es\/wp-content\/uploads\/2019\/11\/david-llegando-al-refugio-de-monte-rosa-a-la-izquierda-el-cervino-cubierto-a-la-derecha-la-cresta-gorner-y-abajo-el-glaciar-gorner-1024x683.jpg\" alt=\"David llegando al Refugio de Monte Rosa, a la izquierda el Cervino cubierto, a la derecha la cresta Gorner y abajo el Glaciar Gorner\" width=\"1024\" height=\"683\" srcset=\"https:\/\/www.monta\u00f1asdelaluna.es\/wp-content\/uploads\/2019\/11\/david-llegando-al-refugio-de-monte-rosa-a-la-izquierda-el-cervino-cubierto-a-la-derecha-la-cresta-gorner-y-abajo-el-glaciar-gorner-1024x683.jpg 1024w, https:\/\/www.monta\u00f1asdelaluna.es\/wp-content\/uploads\/2019\/11\/david-llegando-al-refugio-de-monte-rosa-a-la-izquierda-el-cervino-cubierto-a-la-derecha-la-cresta-gorner-y-abajo-el-glaciar-gorner-300x200.jpg 300w, https:\/\/www.monta\u00f1asdelaluna.es\/wp-content\/uploads\/2019\/11\/david-llegando-al-refugio-de-monte-rosa-a-la-izquierda-el-cervino-cubierto-a-la-derecha-la-cresta-gorner-y-abajo-el-glaciar-gorner.jpg 1240w\" sizes=\"auto, (max-width: 1024px) 100vw, 1024px\" \/><\/a><p id=\"caption-attachment-40505\" class=\"wp-caption-text\">David llegando al Refugio de Monte Rosa, a la izquierda el Cervino cubierto, a la derecha la cresta Gorner y abajo el Glaciar Gorner<\/p><\/div>\n<p>Pasamos tranquilos el resto de la tarde. En una mesa del fant\u00e1stico comedor del refugio, Vicente nos cuenta lo que han hecho, hasta donde han llegado. El d\u00eda sigue bastante bueno a pesar de esas nubes altas que nos pod\u00edan indicar la aproximaci\u00f3n de mal tiempo para esta noche o ma\u00f1ana; pero al final nada de eso.<\/p>\n<p>En la puerta o terraza del refugio hay mucha gente, muchos que no estaban ayer. Son gu\u00edas con sus clientes que han bajado del Monte Rosa y seguramente ven\u00edan del Refugio Margarita pasando por la Dufourspitze o por el Glaciar Grenx. No paran de tomar esas cervezas, esas pintas, de medio litro, que tan buenas y frescas te dan en este refugio. Y despu\u00e9s la cena; antes de que se ponga el sol por detr\u00e1s del Cervino o del Dent Blanche\u2026 ser\u00e1 el \u00faltimo atardecer que veremos en este viaje, ya que ma\u00f1ana bajamos a Zermatt.<\/p>\n<div id=\"attachment_40506\" style=\"width: 1034px\" class=\"wp-caption aligncenter\"><a class=\"dt-single-image\" href=\"https:\/\/www.monta\u00f1asdelaluna.es\/wp-content\/uploads\/2019\/11\/de-nuevo-en-el-refugio-de-monte-rosa.jpg\" data-dt-img-description=\"\"><img loading=\"lazy\" decoding=\"async\" aria-describedby=\"caption-attachment-40506\" class=\"wp-image-40506 size-large\" src=\"https:\/\/www.monta\u00f1asdelaluna.es\/wp-content\/uploads\/2019\/11\/de-nuevo-en-el-refugio-de-monte-rosa-1024x683.jpg\" alt=\"De nuevo en el Refugio de Monte Rosa\" width=\"1024\" height=\"683\" srcset=\"https:\/\/www.monta\u00f1asdelaluna.es\/wp-content\/uploads\/2019\/11\/de-nuevo-en-el-refugio-de-monte-rosa-1024x683.jpg 1024w, https:\/\/www.monta\u00f1asdelaluna.es\/wp-content\/uploads\/2019\/11\/de-nuevo-en-el-refugio-de-monte-rosa-300x200.jpg 300w, https:\/\/www.monta\u00f1asdelaluna.es\/wp-content\/uploads\/2019\/11\/de-nuevo-en-el-refugio-de-monte-rosa.jpg 1240w\" sizes=\"auto, (max-width: 1024px) 100vw, 1024px\" \/><\/a><p id=\"caption-attachment-40506\" class=\"wp-caption-text\">De nuevo en el Refugio de Monte Rosa<\/p><\/div>\n<div id=\"attachment_40454\" style=\"width: 1034px\" class=\"wp-caption aligncenter\"><a class=\"dt-single-image\" href=\"https:\/\/www.monta\u00f1asdelaluna.es\/wp-content\/uploads\/2019\/11\/de-izquierda-a-derecha-leti-nuria-isa-vicente-tere-roberto-y-luis-segura-en-el-refugio-de-monte-rosa.jpg\" data-dt-img-description=\"\"><img loading=\"lazy\" decoding=\"async\" aria-describedby=\"caption-attachment-40454\" class=\"wp-image-40454 size-large\" src=\"https:\/\/www.monta\u00f1asdelaluna.es\/wp-content\/uploads\/2019\/11\/de-izquierda-a-derecha-leti-nuria-isa-vicente-tere-roberto-y-luis-segura-en-el-refugio-de-monte-rosa-1024x576.jpg\" alt=\"De izquierda a derecha Leti, Nuria, Isa, Vicente, Tere, Roberto y Luis Segura en el Refugio de Monte Rosa\" width=\"1024\" height=\"576\" srcset=\"https:\/\/www.monta\u00f1asdelaluna.es\/wp-content\/uploads\/2019\/11\/de-izquierda-a-derecha-leti-nuria-isa-vicente-tere-roberto-y-luis-segura-en-el-refugio-de-monte-rosa-1024x576.jpg 1024w, https:\/\/www.monta\u00f1asdelaluna.es\/wp-content\/uploads\/2019\/11\/de-izquierda-a-derecha-leti-nuria-isa-vicente-tere-roberto-y-luis-segura-en-el-refugio-de-monte-rosa-300x169.jpg 300w, https:\/\/www.monta\u00f1asdelaluna.es\/wp-content\/uploads\/2019\/11\/de-izquierda-a-derecha-leti-nuria-isa-vicente-tere-roberto-y-luis-segura-en-el-refugio-de-monte-rosa.jpg 1976w\" sizes=\"auto, (max-width: 1024px) 100vw, 1024px\" \/><\/a><p id=\"caption-attachment-40454\" class=\"wp-caption-text\">De izquierda a derecha Leti, Nuria, Isa, Vicente, Tere, Roberto y Luis Segura en el Refugio de Monte Rosa<\/p><\/div>\n<p>Y as\u00ed, despu\u00e9s de cenar y hacer un poco de sobremesa, nos vamos a dormir con la cabeza y la mente dubitativa\u2026 \u00bfQu\u00e9 hubiera decidido yo all\u00e1 arriba a 4.500 metros si no hubiera tenido ese fr\u00edo paralizador? \u00bfhubiera seguido por la cresta a pesar de saber que ten\u00eda que volver por lo andado? \u00bfme hubieran seguido mis compa\u00f1eros a pesar de todo?&#8230; yo tengo la respuesta \u00bfy vosotros?<\/p>\n<div id=\"attachment_40606\" style=\"width: 1287px\" class=\"wp-caption aligncenter\"><a class=\"dt-single-image\" href=\"https:\/\/www.monta\u00f1asdelaluna.es\/wp-content\/uploads\/2019\/07\/MonteRosa.subida.web_.jpg\" data-dt-img-description=\"\"><img loading=\"lazy\" decoding=\"async\" aria-describedby=\"caption-attachment-40606\" class=\"wp-image-40606 size-full\" src=\"https:\/\/www.monta\u00f1asdelaluna.es\/wp-content\/uploads\/2019\/07\/MonteRosa.subida.web_.jpg\" alt=\"Croquis de subida a la cresta de la Dufourspitze. PUNTO ROJO: ubicaci\u00f3n aproximada del campamento en agosto del 2.005. PUNTO AZUL CLARO: ascensi\u00f3n al Glaciar del Monte Rosa desde el campamento en agosto del 2.005. PUNTO AZUL CLARO: lugar m\u00e1s alto en la cresta donde llegamos (4.499 mts.). PUNTO AMARILLO: Satteltole.\" width=\"1277\" height=\"1148\" srcset=\"https:\/\/www.monta\u00f1asdelaluna.es\/wp-content\/uploads\/2019\/07\/MonteRosa.subida.web_.jpg 1277w, https:\/\/www.monta\u00f1asdelaluna.es\/wp-content\/uploads\/2019\/07\/MonteRosa.subida.web_-300x270.jpg 300w, https:\/\/www.monta\u00f1asdelaluna.es\/wp-content\/uploads\/2019\/07\/MonteRosa.subida.web_-1024x921.jpg 1024w\" sizes=\"auto, (max-width: 1277px) 100vw, 1277px\" \/><\/a><p id=\"caption-attachment-40606\" class=\"wp-caption-text\">Croquis de subida a la cresta de la Dufourspitze. PUNTO ROJO: ubicaci\u00f3n aproximada del campamento en agosto del 2.005. PUNTO AZUL CLARO: ascensi\u00f3n al Glaciar del Monte Rosa desde el campamento en agosto del 2.005. PUNTO AZUL CLARO: lugar m\u00e1s alto en la cresta donde llegamos (4.499 mts.). PUNTO AMARILLO: Satteltole.<\/p><\/div>\n<p>[vc_separator][\/vc_column_text][\/vc_column][\/vc_row][vc_row][vc_column][vc_empty_space height=\u00bb60px\u00bb][\/vc_column][\/vc_row][vc_row][vc_column][vc_cta h2=\u00bb\u00c1lbum de fotos\u00bb txt_align=\u00bbcenter\u00bb add_button=\u00bbbottom\u00bb btn_title=\u00bbVer fotos\u00bb btn_color=\u00bbwarning\u00bb btn_align=\u00bbcenter\u00bb btn_link=\u00bburl:https%3A%2F%2Fmonta%C3%B1asdelaluna.es%2F%3Fdt_gallery%3Dsubida-al-monte-rosa-y-bajada-a-zermatt-2|title:Subida%20al%20Monte%20Rosa%20y%20bajada%20a%20Zermatt|target:_blank\u00bb css=\u00bb.vc_custom_1625651962362{background-color: #8bc4ed !important;}\u00bb]Puedes ver todas las fotos de Subida al Monte Rosa y bajada a Zermatt en forma de presentaci\u00f3n o individuales pinchando aqui \u00a1No te las pierdas![\/vc_cta][\/vc_column][\/vc_row][vc_row][vc_column][vc_empty_space height=\u00bb60px\u00bb][\/vc_column][\/vc_row][vc_row][vc_column width=\u00bb1\/6&#8243;][\/vc_column][vc_column width=\u00bb1\/3&#8243;][vc_raw_html]JTNDaWZyYW1lJTIwc3JjJTNEJTIyaHR0cHMlM0ElMkYlMkZ3d3cubWV0ZW9ibHVlLmNvbSUyRmVzJTJGdGllbXBvJTJGd2lkZ2V0JTJGZGFpbHklMkZtb250ZS1yb3NhLWh1dF9zdWl6YV8xMTU5NDAyMCUzRmdlb2xvYyUzRGZpeGVkJTI2ZGF5cyUzRDclMjZ0ZW1wdW5pdCUzRENFTFNJVVMlMjZ3aW5kdW5pdCUzREtJTE9NRVRFUl9QRVJfSE9VUiUyNnByZWNpcHVuaXQlM0RNSUxMSU1FVEVSJTI2Y29sb3VyZWQlM0Rjb2xvdXJlZCUyNnBpY3RvaWNvbiUzRDAlMjZwaWN0b2ljb24lM0QxJTI2bWF4dGVtcGVyYXR1cmUlM0QwJTI2bWF4dGVtcGVyYXR1cmUlM0QxJTI2bWludGVtcGVyYXR1cmUlM0QwJTI2bWludGVtcGVyYXR1cmUlM0QxJTI2d2luZHNwZWVkJTNEMCUyNndpbmRzcGVlZCUzRDElMjZ3aW5kZ3VzdCUzRDAlMjZ3aW5kZ3VzdCUzRDElMjZ3aW5kZGlyZWN0aW9uJTNEMCUyNndpbmRkaXJlY3Rpb24lM0QxJTI2dXYlM0QwJTI2aHVtaWRpdHklM0QwJTI2cHJlY2lwaXRhdGlvbiUzRDAlMjZwcmVjaXBpdGF0aW9uJTNEMSUyNnByZWNpcGl0YXRpb25wcm9iYWJpbGl0eSUzRDAlMjZwcmVjaXBpdGF0aW9ucHJvYmFiaWxpdHklM0QxJTI2c3BvdCUzRDAlMjZzcG90JTNEMSUyNnByZXNzdXJlJTNEMCUyNnByZXNzdXJlJTNEMSUyNmxheW91dCUzRGxpZ2h0JTI2bG9jYXRpb25fdXJsJTNEaHR0cHMlMjUzQSUyNTJGJTI1MkZ3d3cubWV0ZW9ibHVlLmNvbSUyNTJGZXMlMjUyRnRpZW1wbyUyNTJGd2lkZ2V0JTI1MkZkYWlseSUyNTJGbW9udGUtcm9zYS1odXRfc3VpemFfMTE1OTQwMjAlMjZsb2NhdGlvbl9tYWluVXJsJTNEaHR0cHMlMjUzQSUyNTJGJTI1MkZ3d3cubWV0ZW9ibHVlLmNvbSUyNTJGZXMlMjUyRnRpZW1wbyUyNTJGc2VtYW5hJTI1MkZtb250ZS1yb3NhLWh1dF9zdWl6YV8xMTU5NDAyMCUyNm5vbG9jYXRpb25fdXJsJTNEaHR0cHMlMjUzQSUyNTJGJTI1MkZ3d3cubWV0ZW9ibHVlLmNvbSUyNTJGZXMlMjUyRnRpZW1wbyUyNTJGd2lkZ2V0JTI1MkZkYWlseSUyNm5vbG9jYXRpb25fbWFpblVybCUzRGh0dHBzJTI1M0ElMjUyRiUyNTJGd3d3Lm1ldGVvYmx1ZS5jb20lMjUyRmVzJTI1MkZ0aWVtcG8lMjUyRnNlbWFuYSUyNTJGaW5kZXglMjZkYWlseXdpZHRoJTNENTQlMjZ0cmFja2luZyUzRCUyNTNGdXRtX3NvdXJjZSUyNTNEd2VhdGhlcl93aWRnZXQlMjUyNnV0bV9tZWRpdW0lMjUzRGxpbmt1cyUyNTI2dXRtX2NvbnRlbnQlMjUzRGRhaWx5JTI1MjZ1dG1fY2FtcGFpZ24lMjUzRFdlYXRoZXIlMjUyNTJCV2lkZ2V0JTIyJTIwJTIwZnJhbWVib3JkZXIlM0QlMjIwJTIyJTIwc2Nyb2xsaW5nJTNEJTIyTk8lMjIlMjBhbGxvd3RyYW5zcGFyZW5jeSUzRCUyMnRydWUlMjIlMjBzYW5kYm94JTNEJTIyYWxsb3ctc2FtZS1vcmlnaW4lMjBhbGxvdy1zY3JpcHRzJTIwYWxsb3ctcG9wdXBzJTIwYWxsb3ctcG9wdXBzLXRvLWVzY2FwZS1zYW5kYm94JTIyJTIwc3R5bGUlM0QlMjJ3aWR0aCUzQSUyMDM3OHB4JTNCaGVpZ2h0JTNBJTIwNDEycHglMjIlM0UlM0MlMkZpZnJhbWUlM0UlM0NkaXYlM0UlM0MlMjEtLSUyMERPJTIwTk9UJTIwUkVNT1ZFJTIwVEhJUyUyMExJTkslMjAtLSUzRSUzQ2ElMjBocmVmJTNEJTIyaHR0cHMlM0ElMkYlMkZ3d3cubWV0ZW9ibHVlLmNvbSUyRmVzJTJGdGllbXBvJTJGc2VtYW5hJTJGbW9udGUtcm9zYS1odXRfc3VpemFfMTE1OTQwMjAlM0Z1dG1fc291cmNlJTNEd2VhdGhlcl93aWRnZXQlMjZ1dG1fbWVkaXVtJTNEbGlua3VzJTI2dXRtX2NvbnRlbnQlM0RkYWlseSUyNnV0bV9jYW1wYWlnbiUzRFdlYXRoZXIlMjUyQldpZGdldCUyMiUyMHRhcmdldCUzRCUyMl9ibGFuayUyMiUzRW1ldGVvYmx1ZSUzQyUyRmElM0UlM0MlMkZkaXYlM0U=[\/vc_raw_html][\/vc_column][vc_column width=\u00bb1\/3&#8243;][vc_raw_html]JTNDaWZyYW1lJTIwc3JjJTNEJTIyaHR0cHMlM0ElMkYlMkZ3d3cubWV0ZW9ibHVlLmNvbSUyRmVzJTJGdGllbXBvJTJGd2lkZ2V0JTJGZGFpbHklMkZwaWNvLWR1Zm91cl9zdWl6YV8zMTc3NDU1JTNGZ2VvbG9jJTNEZml4ZWQlMjZkYXlzJTNENyUyNnRlbXB1bml0JTNEQ0VMU0lVUyUyNndpbmR1bml0JTNES0lMT01FVEVSX1BFUl9IT1VSJTI2cHJlY2lwdW5pdCUzRE1JTExJTUVURVIlMjZjb2xvdXJlZCUzRGNvbG91cmVkJTI2cGljdG9pY29uJTNEMCUyNnBpY3RvaWNvbiUzRDElMjZtYXh0ZW1wZXJhdHVyZSUzRDAlMjZtYXh0ZW1wZXJhdHVyZSUzRDElMjZtaW50ZW1wZXJhdHVyZSUzRDAlMjZtaW50ZW1wZXJhdHVyZSUzRDElMjZ3aW5kc3BlZWQlM0QwJTI2d2luZHNwZWVkJTNEMSUyNndpbmRndXN0JTNEMCUyNndpbmRndXN0JTNEMSUyNndpbmRkaXJlY3Rpb24lM0QwJTI2d2luZGRpcmVjdGlvbiUzRDElMjZ1diUzRDAlMjZodW1pZGl0eSUzRDAlMjZwcmVjaXBpdGF0aW9uJTNEMCUyNnByZWNpcGl0YXRpb24lM0QxJTI2cHJlY2lwaXRhdGlvbnByb2JhYmlsaXR5JTNEMCUyNnByZWNpcGl0YXRpb25wcm9iYWJpbGl0eSUzRDElMjZzcG90JTNEMCUyNnNwb3QlM0QxJTI2cHJlc3N1cmUlM0QwJTI2cHJlc3N1cmUlM0QxJTI2bGF5b3V0JTNEbGlnaHQlMjZsb2NhdGlvbl91cmwlM0RodHRwcyUyNTNBJTI1MkYlMjUyRnd3dy5tZXRlb2JsdWUuY29tJTI1MkZlcyUyNTJGdGllbXBvJTI1MkZ3aWRnZXQlMjUyRmRhaWx5JTI1MkZwaWNvLWR1Zm91cl9zdWl6YV8zMTc3NDU1JTI2bG9jYXRpb25fbWFpblVybCUzRGh0dHBzJTI1M0ElMjUyRiUyNTJGd3d3Lm1ldGVvYmx1ZS5jb20lMjUyRmVzJTI1MkZ0aWVtcG8lMjUyRnNlbWFuYSUyNTJGcGljby1kdWZvdXJfc3VpemFfMzE3NzQ1NSUyNm5vbG9jYXRpb25fdXJsJTNEaHR0cHMlMjUzQSUyNTJGJTI1MkZ3d3cubWV0ZW9ibHVlLmNvbSUyNTJGZXMlMjUyRnRpZW1wbyUyNTJGd2lkZ2V0JTI1MkZkYWlseSUyNm5vbG9jYXRpb25fbWFpblVybCUzRGh0dHBzJTI1M0ElMjUyRiUyNTJGd3d3Lm1ldGVvYmx1ZS5jb20lMjUyRmVzJTI1MkZ0aWVtcG8lMjUyRnNlbWFuYSUyNTJGaW5kZXglMjZkYWlseXdpZHRoJTNENTQlMjZ0cmFja2luZyUzRCUyNTNGdXRtX3NvdXJjZSUyNTNEd2VhdGhlcl93aWRnZXQlMjUyNnV0bV9tZWRpdW0lMjUzRGxpbmt1cyUyNTI2dXRtX2NvbnRlbnQlMjUzRGRhaWx5JTI1MjZ1dG1fY2FtcGFpZ24lMjUzRFdlYXRoZXIlMjUyNTJCV2lkZ2V0JTIyJTIwJTIwZnJhbWVib3JkZXIlM0QlMjIwJTIyJTIwc2Nyb2xsaW5nJTNEJTIyTk8lMjIlMjBhbGxvd3RyYW5zcGFyZW5jeSUzRCUyMnRydWUlMjIlMjBzYW5kYm94JTNEJTIyYWxsb3ctc2FtZS1vcmlnaW4lMjBhbGxvdy1zY3JpcHRzJTIwYWxsb3ctcG9wdXBzJTIwYWxsb3ctcG9wdXBzLXRvLWVzY2FwZS1zYW5kYm94JTIyJTIwc3R5bGUlM0QlMjJ3aWR0aCUzQSUyMDM3OHB4JTNCaGVpZ2h0JTNBJTIwNDEycHglMjIlM0UlM0MlMkZpZnJhbWUlM0UlM0NkaXYlM0UlM0MlMjEtLSUyMERPJTIwTk9UJTIwUkVNT1ZFJTIwVEhJUyUyMExJTkslMjAtLSUzRSUzQ2ElMjBocmVmJTNEJTIyaHR0cHMlM0ElMkYlMkZ3d3cubWV0ZW9ibHVlLmNvbSUyRmVzJTJGdGllbXBvJTJGc2VtYW5hJTJGcGljby1kdWZvdXJfc3VpemFfMzE3NzQ1NSUzRnV0bV9zb3VyY2UlM0R3ZWF0aGVyX3dpZGdldCUyNnV0bV9tZWRpdW0lM0RsaW5rdXMlMjZ1dG1fY29udGVudCUzRGRhaWx5JTI2dXRtX2NhbXBhaWduJTNEV2VhdGhlciUyNTJCV2lkZ2V0JTIyJTIwdGFyZ2V0JTNEJTIyX2JsYW5rJTIyJTNFbWV0ZW9ibHVlJTNDJTJGYSUzRSUzQyUyRmRpdiUzRQ==[\/vc_raw_html][\/vc_column][vc_column width=\u00bb1\/6&#8243;][\/vc_column][\/vc_row]<\/p>\n","protected":false},"excerpt":{"rendered":"<p>[vc_row][vc_column][vc_column_text]Suena el despertador poco antes de las 2 de la ma\u00f1ana. Lo poco que he dormido, ha estado bien. No como en otras ocasiones que dorm\u00edamos sobre suelos inc\u00f3modos, duros, fr\u00edos\u2026 es importante dormir bien en sitios c\u00f3modos, y los camastros del Refugio de Monte Rosa eran bastante c\u00f3modos. Me visto, me preparo. Intento no&hellip;<\/p>\n","protected":false},"author":1,"featured_media":40462,"comment_status":"open","ping_status":"open","sticky":false,"template":"","format":"standard","meta":[],"categories":[184],"tags":[],"class_list":["post-40601","post","type-post","status-publish","format-standard","has-post-thumbnail","hentry","category-bishorn-y-monte-rosa-2","category-184","description-off"],"_links":{"self":[{"href":"https:\/\/www.monta\u00f1asdelaluna.es\/index.php?rest_route=\/wp\/v2\/posts\/40601","targetHints":{"allow":["GET"]}}],"collection":[{"href":"https:\/\/www.monta\u00f1asdelaluna.es\/index.php?rest_route=\/wp\/v2\/posts"}],"about":[{"href":"https:\/\/www.monta\u00f1asdelaluna.es\/index.php?rest_route=\/wp\/v2\/types\/post"}],"author":[{"embeddable":true,"href":"https:\/\/www.monta\u00f1asdelaluna.es\/index.php?rest_route=\/wp\/v2\/users\/1"}],"replies":[{"embeddable":true,"href":"https:\/\/www.monta\u00f1asdelaluna.es\/index.php?rest_route=%2Fwp%2Fv2%2Fcomments&post=40601"}],"version-history":[{"count":12,"href":"https:\/\/www.monta\u00f1asdelaluna.es\/index.php?rest_route=\/wp\/v2\/posts\/40601\/revisions"}],"predecessor-version":[{"id":49897,"href":"https:\/\/www.monta\u00f1asdelaluna.es\/index.php?rest_route=\/wp\/v2\/posts\/40601\/revisions\/49897"}],"wp:featuredmedia":[{"embeddable":true,"href":"https:\/\/www.monta\u00f1asdelaluna.es\/index.php?rest_route=\/wp\/v2\/media\/40462"}],"wp:attachment":[{"href":"https:\/\/www.monta\u00f1asdelaluna.es\/index.php?rest_route=%2Fwp%2Fv2%2Fmedia&parent=40601"}],"wp:term":[{"taxonomy":"category","embeddable":true,"href":"https:\/\/www.monta\u00f1asdelaluna.es\/index.php?rest_route=%2Fwp%2Fv2%2Fcategories&post=40601"},{"taxonomy":"post_tag","embeddable":true,"href":"https:\/\/www.monta\u00f1asdelaluna.es\/index.php?rest_route=%2Fwp%2Fv2%2Ftags&post=40601"}],"curies":[{"name":"wp","href":"https:\/\/api.w.org\/{rel}","templated":true}]}}