{"id":40612,"date":"2019-07-12T19:50:47","date_gmt":"2019-07-12T19:50:47","guid":{"rendered":"http:\/\/monta\u00f1asdelaluna.com\/?p=40612"},"modified":"2022-12-08T08:26:39","modified_gmt":"2022-12-08T08:26:39","slug":"12-de-julio-de-2-019-viernes-bajada-a-zermatt-y-resto-del-viaje","status":"publish","type":"post","link":"https:\/\/www.monta\u00f1asdelaluna.es\/?p=40612","title":{"rendered":"12 de julio de 2.019, viernes. Bajada a Zermatt y resto del viaje."},"content":{"rendered":"<p>[vc_row][vc_column][vc_column_text]Este d\u00eda ya no hay prisa. Nos levantamos sin madrugar. Ya esta todo, casi todo hecho en este viaje, solo queda volver a Zermatt cruzando una parte desconocida para todos, por el que no pas\u00e9 yo la \u00faltima vez hace 14 a\u00f1os, y es el paso por el Glaciar Gorner m\u00e1s arriba que por donde fuimos a la ida, por la otra ruta al Refugio del Monte Rosa.<\/p>\n<p>El d\u00eda se levanta igual de bien que el resto de los d\u00edas anteriores, soleado y sin nubes. Desayunamos en el \u00faltimo turno sin prisa y descansados. Poco despu\u00e9s del desayuno recogemos todo y nos disponemos a salir despidi\u00e9ndonos del refugio y de los buenos d\u00edas que hemos pasado entre sus paredes de metal, madera y conglomerado. Otros grupos ya han salido, y otros pocos lo hacen con nosotros o detr\u00e1s de nosotros, en busca del Glaciar Gorner. Se me ha olvidado echarme m\u00e1s camisetas y prendas, me las he dejado en la consigna del albergue juvenil lugar de donde pasamos la noche antes de salir hacia el Monte Rosa y hacia donde vamos ahora en Zermatt, y tengo que ponerme de nuevo la buena camiseta de manga larga de Arterix, con un poquillo de olor a tigrecillo.<\/p>\n<p>Ya estamos listos. Nos hacemos la foto de grupo y de partida del Refugio del Monte Rosa con las magn\u00edficas vistas del Glaciar Grenx, las monta\u00f1as Castor, Pollux\u2026 en un d\u00eda resplandeciente, brillante\u2026 \u00a1Adios queridas y espectaculares monta\u00f1as! \u00a1Hasta pronto Monte Rosa! No he dado por perdido el llegar a tu cima\u2026<\/p>\n<div id=\"attachment_40517\" style=\"width: 1034px\" class=\"wp-caption aligncenter\"><a class=\"dt-single-image\" href=\"https:\/\/www.monta\u00f1asdelaluna.es\/wp-content\/uploads\/2019\/11\/saliendo-del-refugio-de-monte-rosa-de-izquierda-a-derecha-joaquin-terres-david-isa-leti-tere-nuria-luis-segura-joaquin-murcia-luis-guerrero-roberto-y-vicente.jpg\" data-dt-img-description=\"\"><img loading=\"lazy\" decoding=\"async\" aria-describedby=\"caption-attachment-40517\" class=\"wp-image-40517 size-large\" src=\"https:\/\/www.monta\u00f1asdelaluna.es\/wp-content\/uploads\/2019\/11\/saliendo-del-refugio-de-monte-rosa-de-izquierda-a-derecha-joaquin-terres-david-isa-leti-tere-nuria-luis-segura-joaquin-murcia-luis-guerrero-roberto-y-vicente-1024x683.jpg\" alt=\"Saliendo del Refugio de Monte Rosa, de izquierda a derecha: Joaqu\u00edn Terr\u00e9s, David, Isa, Leti, Tere, Nuria, Luis Segura, Joaqu\u00edn Murcia, Luis Guerrero, Roberto y Vicente\" width=\"1024\" height=\"683\" srcset=\"https:\/\/www.monta\u00f1asdelaluna.es\/wp-content\/uploads\/2019\/11\/saliendo-del-refugio-de-monte-rosa-de-izquierda-a-derecha-joaquin-terres-david-isa-leti-tere-nuria-luis-segura-joaquin-murcia-luis-guerrero-roberto-y-vicente-1024x683.jpg 1024w, https:\/\/www.monta\u00f1asdelaluna.es\/wp-content\/uploads\/2019\/11\/saliendo-del-refugio-de-monte-rosa-de-izquierda-a-derecha-joaquin-terres-david-isa-leti-tere-nuria-luis-segura-joaquin-murcia-luis-guerrero-roberto-y-vicente-300x200.jpg 300w, https:\/\/www.monta\u00f1asdelaluna.es\/wp-content\/uploads\/2019\/11\/saliendo-del-refugio-de-monte-rosa-de-izquierda-a-derecha-joaquin-terres-david-isa-leti-tere-nuria-luis-segura-joaquin-murcia-luis-guerrero-roberto-y-vicente.jpg 1788w\" sizes=\"auto, (max-width: 1024px) 100vw, 1024px\" \/><\/a><p id=\"caption-attachment-40517\" class=\"wp-caption-text\">Saliendo del Refugio de Monte Rosa, de izquierda a derecha: Joaqu\u00edn Terr\u00e9s, David, Isa, Leti, Tere, Nuria, Luis Segura, Joaqu\u00edn Murcia, Luis Guerrero, Roberto y Vicente<\/p><\/div>\n<div id=\"attachment_40518\" style=\"width: 1034px\" class=\"wp-caption aligncenter\"><a class=\"dt-single-image\" href=\"https:\/\/www.monta\u00f1asdelaluna.es\/wp-content\/uploads\/2019\/11\/salimos-del-refugio-de-monte-rosa.jpg\" data-dt-img-description=\"\"><img loading=\"lazy\" decoding=\"async\" aria-describedby=\"caption-attachment-40518\" class=\"wp-image-40518 size-large\" src=\"https:\/\/www.monta\u00f1asdelaluna.es\/wp-content\/uploads\/2019\/11\/salimos-del-refugio-de-monte-rosa-1024x683.jpg\" alt=\"Salimos del Refugio de Monte Rosa\" width=\"1024\" height=\"683\" srcset=\"https:\/\/www.monta\u00f1asdelaluna.es\/wp-content\/uploads\/2019\/11\/salimos-del-refugio-de-monte-rosa-1024x683.jpg 1024w, https:\/\/www.monta\u00f1asdelaluna.es\/wp-content\/uploads\/2019\/11\/salimos-del-refugio-de-monte-rosa-300x200.jpg 300w, https:\/\/www.monta\u00f1asdelaluna.es\/wp-content\/uploads\/2019\/11\/salimos-del-refugio-de-monte-rosa.jpg 1788w\" sizes=\"auto, (max-width: 1024px) 100vw, 1024px\" \/><\/a><p id=\"caption-attachment-40518\" class=\"wp-caption-text\">Salimos del Refugio de Monte Rosa<\/p><\/div>\n<div id=\"attachment_40507\" style=\"width: 1034px\" class=\"wp-caption aligncenter\"><a class=\"dt-single-image\" href=\"https:\/\/www.monta\u00f1asdelaluna.es\/wp-content\/uploads\/2019\/11\/camino-del-glaciar-gorner-abajo-el-mismo-glaciar-y-el-fondo-el-cervino-cubierto.jpg\" data-dt-img-description=\"\"><img loading=\"lazy\" decoding=\"async\" aria-describedby=\"caption-attachment-40507\" class=\"wp-image-40507 size-large\" src=\"https:\/\/www.monta\u00f1asdelaluna.es\/wp-content\/uploads\/2019\/11\/camino-del-glaciar-gorner-abajo-el-mismo-glaciar-y-el-fondo-el-cervino-cubierto-1024x576.jpg\" alt=\"Camino del Glaciar Gorner, abajo el mismo glaciar y el fondo el Cervino cubierto\" width=\"1024\" height=\"576\" srcset=\"https:\/\/www.monta\u00f1asdelaluna.es\/wp-content\/uploads\/2019\/11\/camino-del-glaciar-gorner-abajo-el-mismo-glaciar-y-el-fondo-el-cervino-cubierto-1024x576.jpg 1024w, https:\/\/www.monta\u00f1asdelaluna.es\/wp-content\/uploads\/2019\/11\/camino-del-glaciar-gorner-abajo-el-mismo-glaciar-y-el-fondo-el-cervino-cubierto-300x169.jpg 300w, https:\/\/www.monta\u00f1asdelaluna.es\/wp-content\/uploads\/2019\/11\/camino-del-glaciar-gorner-abajo-el-mismo-glaciar-y-el-fondo-el-cervino-cubierto.jpg 1976w\" sizes=\"auto, (max-width: 1024px) 100vw, 1024px\" \/><\/a><p id=\"caption-attachment-40507\" class=\"wp-caption-text\">Camino del Glaciar Gorner, abajo el mismo glaciar y el fondo el Cervino cubierto<\/p><\/div>\n<p>Salimos del refugio por la parte lateral y vertiente que mira a la monta\u00f1a, pero en lugar de coger pendiente arriba como si busc\u00e1ramos las cimas del Monte Rosa giramos nada m\u00e1s salir hacia el hueco, el vallecillo al norte, que dej\u00f3 los restos del glaciar y que justo abajo excav\u00f3 para formar el laguito muy pr\u00f3ximo al refugio. Dicho laguito es el mismo por el que pasamos y descansamos en sus orillas justo antes de subir al refugio; la idea ahora es pasar por la parte de arriba del mismo. Por una morrena de rocas y vertientes verticales por el que no piensas que puede existir ning\u00fan paso para llegar hasta aqu\u00ed.<\/p>\n<p>Pero el recorrido est\u00e1 muy marcado por esas pinturas azules y blancas, y menos mal, por que los rincones y escarpes por lo que pasa el camino, si no fuera por estas marcas, ser\u00eda muy perdedor\u2026 adem\u00e1s que tenemos que pasar por lugares o pasos, \u00fanicos sitios para poder cruzar y avanzar: pasarelas, cuerdas\u2026 para cruzar barranquitos, lisa roca resbaladiza, congelados neveros\u2026 pero al final se hace entretenido y disfrutamos del recorrido bajo las vertientes y final del Glaciar del Monte Rosa. Se podr\u00eda decir que el recorrido iba entre la parte m\u00e1s baja de la \u00faltima lengua (o lenguas) del Glaciar del Monte Rosa y la lagunita (\u00fanico lago del lugar) all\u00e1 abajo; casi a la misma altura que queda el Refugio del Monte Rosa.<\/p>\n<p>Las vistas son incre\u00edbles, preciosas, como siempre mirando hacia el Glaciar Grenx y parte del Gorner, all\u00e1 abajo a nuestra izquierda, y al fondo el siempre vigilante e impasible Cervino, con ese porte imponente y desafiante, precioso. A nuestra espalda va quedando, se va alejando el cubo o extra\u00f1o trapecio del Refugio del Monte Rosa, y m\u00e1s al fondo las espectaculares heladas vertientes del Liskamm, y los hermanos Castor y Pollux.<\/p>\n<div id=\"attachment_40578\" style=\"width: 1034px\" class=\"wp-caption aligncenter\"><a class=\"dt-single-image\" href=\"https:\/\/www.monta\u00f1asdelaluna.es\/wp-content\/uploads\/2019\/11\/detras-el-glaciar-gorner-a-la-derecha-de-derecha-a-izquierda-joaquin-terres-leti-isa-tere-y-nuria.jpg\" data-dt-img-description=\"\"><img loading=\"lazy\" decoding=\"async\" aria-describedby=\"caption-attachment-40578\" class=\"wp-image-40578 size-large\" src=\"https:\/\/www.monta\u00f1asdelaluna.es\/wp-content\/uploads\/2019\/11\/detras-el-glaciar-gorner-a-la-derecha-de-derecha-a-izquierda-joaquin-terres-leti-isa-tere-y-nuria-1024x768.jpg\" alt=\"Detr\u00e1s el Glaciar Gorner, a la derecha de derecha a izquierda: Joaqu\u00edn Terr\u00e9s, Leti, Isa, Tere y Nuria\" width=\"1024\" height=\"768\" srcset=\"https:\/\/www.monta\u00f1asdelaluna.es\/wp-content\/uploads\/2019\/11\/detras-el-glaciar-gorner-a-la-derecha-de-derecha-a-izquierda-joaquin-terres-leti-isa-tere-y-nuria-1024x768.jpg 1024w, https:\/\/www.monta\u00f1asdelaluna.es\/wp-content\/uploads\/2019\/11\/detras-el-glaciar-gorner-a-la-derecha-de-derecha-a-izquierda-joaquin-terres-leti-isa-tere-y-nuria-300x225.jpg 300w, https:\/\/www.monta\u00f1asdelaluna.es\/wp-content\/uploads\/2019\/11\/detras-el-glaciar-gorner-a-la-derecha-de-derecha-a-izquierda-joaquin-terres-leti-isa-tere-y-nuria.jpg 1800w\" sizes=\"auto, (max-width: 1024px) 100vw, 1024px\" \/><\/a><p id=\"caption-attachment-40578\" class=\"wp-caption-text\">Detr\u00e1s el Glaciar Gorner, a la derecha de derecha a izquierda: Joaqu\u00edn Terr\u00e9s, Leti, Isa, Tere y Nuria<\/p><\/div>\n<div id=\"attachment_40525\" style=\"width: 1034px\" class=\"wp-caption aligncenter\"><a class=\"dt-single-image\" href=\"https:\/\/www.monta\u00f1asdelaluna.es\/wp-content\/uploads\/2019\/11\/abajo-la-lagunita-bajo-el-glaciar-del-monte-rosa-seguido-del-glaciar-grenx-gorner.jpg\" data-dt-img-description=\"\"><img loading=\"lazy\" decoding=\"async\" aria-describedby=\"caption-attachment-40525\" class=\"wp-image-40525 size-large\" src=\"https:\/\/www.monta\u00f1asdelaluna.es\/wp-content\/uploads\/2019\/11\/abajo-la-lagunita-bajo-el-glaciar-del-monte-rosa-seguido-del-glaciar-grenx-gorner-1024x683.jpg\" alt=\"Abajo la lagunita bajo el Glaciar del Monte Rosa, seguido del Glaciar Grenx-Gorner\" width=\"1024\" height=\"683\" srcset=\"https:\/\/www.monta\u00f1asdelaluna.es\/wp-content\/uploads\/2019\/11\/abajo-la-lagunita-bajo-el-glaciar-del-monte-rosa-seguido-del-glaciar-grenx-gorner-1024x683.jpg 1024w, https:\/\/www.monta\u00f1asdelaluna.es\/wp-content\/uploads\/2019\/11\/abajo-la-lagunita-bajo-el-glaciar-del-monte-rosa-seguido-del-glaciar-grenx-gorner-300x200.jpg 300w, https:\/\/www.monta\u00f1asdelaluna.es\/wp-content\/uploads\/2019\/11\/abajo-la-lagunita-bajo-el-glaciar-del-monte-rosa-seguido-del-glaciar-grenx-gorner.jpg 1788w\" sizes=\"auto, (max-width: 1024px) 100vw, 1024px\" \/><\/a><p id=\"caption-attachment-40525\" class=\"wp-caption-text\">Abajo la lagunita bajo el Glaciar del Monte Rosa, seguido del Glaciar Grenx-Gorner<\/p><\/div>\n<div id=\"attachment_40527\" style=\"width: 1034px\" class=\"wp-caption aligncenter\"><a class=\"dt-single-image\" href=\"https:\/\/www.monta\u00f1asdelaluna.es\/wp-content\/uploads\/2019\/11\/atras-en-el-centro-queda-el-refugio-del-monte-rosa-a-la-izquierda-el-liskamm.jpg\" data-dt-img-description=\"\"><img loading=\"lazy\" decoding=\"async\" aria-describedby=\"caption-attachment-40527\" class=\"wp-image-40527 size-large\" src=\"https:\/\/www.monta\u00f1asdelaluna.es\/wp-content\/uploads\/2019\/11\/atras-en-el-centro-queda-el-refugio-del-monte-rosa-a-la-izquierda-el-liskamm-1024x575.jpg\" alt=\"Atr\u00e1s en el centro queda el Refugio del Monte Rosa, a la izquierda el Liskamm\" width=\"1024\" height=\"575\" srcset=\"https:\/\/www.monta\u00f1asdelaluna.es\/wp-content\/uploads\/2019\/11\/atras-en-el-centro-queda-el-refugio-del-monte-rosa-a-la-izquierda-el-liskamm-1024x575.jpg 1024w, https:\/\/www.monta\u00f1asdelaluna.es\/wp-content\/uploads\/2019\/11\/atras-en-el-centro-queda-el-refugio-del-monte-rosa-a-la-izquierda-el-liskamm-300x168.jpg 300w, https:\/\/www.monta\u00f1asdelaluna.es\/wp-content\/uploads\/2019\/11\/atras-en-el-centro-queda-el-refugio-del-monte-rosa-a-la-izquierda-el-liskamm.jpg 1788w\" sizes=\"auto, (max-width: 1024px) 100vw, 1024px\" \/><\/a><p id=\"caption-attachment-40527\" class=\"wp-caption-text\">Atr\u00e1s en el centro queda el Refugio del Monte Rosa, a la izquierda el Liskamm<\/p><\/div>\n<p>Llega un momento en que el recorrido cruza una especie de espol\u00f3n, loma cimera o morrena que separa la zona del hueco del lago bajo los restos del Glaciar del Monte Rosa de la zona por el que transcurre y baja el Glaciar Gorner. El cual viene de la parte norte de la ladera del Nordend, un gigantesco y amplio plateau en el que recogen todos los hielos y nieves del lugar, y los impulsa y baja gracias a su peso y gravedad, por el vallecillo que cierra la cresta, la loma cimera de Gorner, Gornergrat\u2026 all\u00e1 al fondo ya vemos la formidable lengua de hielo del nombrado glaciar.<\/p>\n<p>De esta parte hasta los l\u00edmites del glaciar recorremos una parte f\u00e1cil de un terreno en el que se nota hace tiempo los hielos del glaciar lo cubr\u00edan. Llegamos hasta sus l\u00edndes justo en un punto en que el hielo no est\u00e1 demasiado agrietado ni inestable. Una espectacular ventana en los muros del hielo del Glaciar Gorner nos d\u00e1 la bienvenida y fotografiamos para inmortalizar este paisaje, este precioso monumento helado de la naturaleza.<\/p>\n<p>Nos subimos f\u00e1cilmente al glaciar. No hace falta calzarse los crampones. Esta parte del glaciar est\u00e1 mucho mejor que la parte del recorrido de la uni\u00f3n de los dos glaciares de hace dos d\u00edas pocos metros antes de salir y subir por aquella morrena. Adem\u00e1s, cuando tenemos que seguir glaciar abajo, han clavado unas balizas (aqu\u00ed s\u00ed) para indicarte que parte del glaciar est\u00e1 mejor para no meterte en ning\u00fan lio entre grietas.<\/p>\n<div id=\"attachment_40535\" style=\"width: 1034px\" class=\"wp-caption aligncenter\"><a class=\"dt-single-image\" href=\"https:\/\/www.monta\u00f1asdelaluna.es\/wp-content\/uploads\/2019\/11\/glaciar-gorner.jpg\" data-dt-img-description=\"\"><img loading=\"lazy\" decoding=\"async\" aria-describedby=\"caption-attachment-40535\" class=\"wp-image-40535 size-large\" src=\"https:\/\/www.monta\u00f1asdelaluna.es\/wp-content\/uploads\/2019\/11\/glaciar-gorner-1024x683.jpg\" alt=\"Glaciar Gorner\" width=\"1024\" height=\"683\" srcset=\"https:\/\/www.monta\u00f1asdelaluna.es\/wp-content\/uploads\/2019\/11\/glaciar-gorner-1024x683.jpg 1024w, https:\/\/www.monta\u00f1asdelaluna.es\/wp-content\/uploads\/2019\/11\/glaciar-gorner-300x200.jpg 300w, https:\/\/www.monta\u00f1asdelaluna.es\/wp-content\/uploads\/2019\/11\/glaciar-gorner.jpg 1788w\" sizes=\"auto, (max-width: 1024px) 100vw, 1024px\" \/><\/a><p id=\"caption-attachment-40535\" class=\"wp-caption-text\">Glaciar Gorner<\/p><\/div>\n<div id=\"attachment_40546\" style=\"width: 1034px\" class=\"wp-caption aligncenter\"><a class=\"dt-single-image\" href=\"https:\/\/www.monta\u00f1asdelaluna.es\/wp-content\/uploads\/2019\/11\/de-izquierda-a-derecha-joaquin-terres-luis-guerrero-luis-segura-y-david-en-el-glaciar-gorner-con-el-monte-rosa-detras.jpg\" data-dt-img-description=\"\"><img loading=\"lazy\" decoding=\"async\" aria-describedby=\"caption-attachment-40546\" class=\"wp-image-40546 size-large\" src=\"https:\/\/www.monta\u00f1asdelaluna.es\/wp-content\/uploads\/2019\/11\/de-izquierda-a-derecha-joaquin-terres-luis-guerrero-luis-segura-y-david-en-el-glaciar-gorner-con-el-monte-rosa-detras-1024x683.jpg\" alt=\"De izquierda a derecha: Joaqu\u00edn Terr\u00e9s, Luis Guerrero, Luis Segura y David en el Glaciar Gorner con el Monte Rosa detr\u00e1s\" width=\"1024\" height=\"683\" srcset=\"https:\/\/www.monta\u00f1asdelaluna.es\/wp-content\/uploads\/2019\/11\/de-izquierda-a-derecha-joaquin-terres-luis-guerrero-luis-segura-y-david-en-el-glaciar-gorner-con-el-monte-rosa-detras-1024x683.jpg 1024w, https:\/\/www.monta\u00f1asdelaluna.es\/wp-content\/uploads\/2019\/11\/de-izquierda-a-derecha-joaquin-terres-luis-guerrero-luis-segura-y-david-en-el-glaciar-gorner-con-el-monte-rosa-detras-300x200.jpg 300w, https:\/\/www.monta\u00f1asdelaluna.es\/wp-content\/uploads\/2019\/11\/de-izquierda-a-derecha-joaquin-terres-luis-guerrero-luis-segura-y-david-en-el-glaciar-gorner-con-el-monte-rosa-detras.jpg 1788w\" sizes=\"auto, (max-width: 1024px) 100vw, 1024px\" \/><\/a><p id=\"caption-attachment-40546\" class=\"wp-caption-text\">De izquierda a derecha: Joaqu\u00edn Terr\u00e9s, Luis Guerrero, Luis Segura y David en el Glaciar Gorner con el Monte Rosa detr\u00e1s<\/p><\/div>\n<p>Hay m\u00e1s gentes en este glaciar: grupos que bajan con nosotros del refugio y se paran para hacer pr\u00e1cticas en el hielo del glaciar, y otros que suben, grupitos de excursionistas \u201ctipo guiris\u201d con pocas pintas de alpinistas. Nos paramos para hacernos fotos: con el glaciar, con las vistas, nosotros, sin gente\u2026 la verdad es que esta parte del recorrido, sobre todo una vez que te subes al lomo helado del Glaciar Gorner, las vistas vuelven a ser espectaculares: a nuestra espalda queda muy bien definida la monta\u00f1a, el macizo del Monte Rosa, que acoge al Nordend y a la cresta de la Dufourspitze. Las vistas a esta monta\u00f1a son incre\u00edbles, preciosas y espectaculares. Aprovechamos para hacernos una foto los 4 aventureros con el fondo del fabuloso macizo\u2026 una incre\u00edble pared me llama la atenci\u00f3n; es un barranco que salva mucho desnivel. Magn\u00edfico e imponente. Vemos perfectamente los perfiles de la subida a la Dufourspitze, incre\u00edble. Observamos donde nos hemos quedado. Charlas, comentarios. Desde aqu\u00ed no parece que quedara tanto; como solemos decir, \u201clo ten\u00edamos ah\u00ed\u201d.<\/p>\n<p>Algunos de los compa\u00f1eros menos confiados se calzan los crampones cuando siguiendo el glaciar, \u00e9ste comienza a inclinarse y a bajar con pendiente. Pero realmente no hace falta, la misma rugosidad del hielo, de la superficie del glaciar, te agarra las suelas de las botas que se cuelan los cubos de hielo entre los tacos e impide resbalar. No hay peligro. Solamente sufro (creo que se ha convertido en una fobia por lo que nos entramos en los <a href=\"https:\/\/www.monta\u00f1asdelaluna.es\/?p=37213\" target=\"_blank\" rel=\"noopener\">glaciares alrededor del Finsteraarhorn<\/a>) cuando hay que pisar nieve sucia que cubren grietas sensiblemente diferenciados por la diferencia de color; del gris azulado del hielo glaciar al blanco marronoso de la nieve. \u201ccuidado donde pis\u00e1is, saltar al hielo, no quedarse parados en la nieve\u2026\u201d doy instrucciones a los compa\u00f1eros del grupo mientras observo como cruzan estos pasos. Algunos obligados al ser los \u00fanicos pasos para saltar alguna grieta m\u00e1s abierta que el resto. Pero al final todo bien.<\/p>\n<div id=\"attachment_40579\" style=\"width: 1034px\" class=\"wp-caption aligncenter\"><a class=\"dt-single-image\" href=\"https:\/\/www.monta\u00f1asdelaluna.es\/wp-content\/uploads\/2019\/11\/cruzando-el-glaciar-gorner-detras-el-liskamm-castor-y-pollux-sobre-el-glaciar-grenx.jpg\" data-dt-img-description=\"\"><img loading=\"lazy\" decoding=\"async\" aria-describedby=\"caption-attachment-40579\" class=\"wp-image-40579 size-large\" src=\"https:\/\/www.monta\u00f1asdelaluna.es\/wp-content\/uploads\/2019\/11\/cruzando-el-glaciar-gorner-detras-el-liskamm-castor-y-pollux-sobre-el-glaciar-grenx-1024x768.jpg\" alt=\"Cruzando el Glaciar Gorner, detr\u00e1s el Liskamm, Castor y Pollux sobre el Glaciar Grenx\" width=\"1024\" height=\"768\" srcset=\"https:\/\/www.monta\u00f1asdelaluna.es\/wp-content\/uploads\/2019\/11\/cruzando-el-glaciar-gorner-detras-el-liskamm-castor-y-pollux-sobre-el-glaciar-grenx-1024x768.jpg 1024w, https:\/\/www.monta\u00f1asdelaluna.es\/wp-content\/uploads\/2019\/11\/cruzando-el-glaciar-gorner-detras-el-liskamm-castor-y-pollux-sobre-el-glaciar-grenx-300x225.jpg 300w, https:\/\/www.monta\u00f1asdelaluna.es\/wp-content\/uploads\/2019\/11\/cruzando-el-glaciar-gorner-detras-el-liskamm-castor-y-pollux-sobre-el-glaciar-grenx.jpg 1800w\" sizes=\"auto, (max-width: 1024px) 100vw, 1024px\" \/><\/a><p id=\"caption-attachment-40579\" class=\"wp-caption-text\">Cruzando el Glaciar Gorner, detr\u00e1s el Liskamm, Castor y Pollux sobre el Glaciar Grenx<\/p><\/div>\n<div id=\"attachment_40584\" style=\"width: 1034px\" class=\"wp-caption aligncenter\"><a class=\"dt-single-image\" href=\"https:\/\/www.monta\u00f1asdelaluna.es\/wp-content\/uploads\/2019\/11\/P1060394.jpg\" data-dt-img-description=\"\"><img loading=\"lazy\" decoding=\"async\" aria-describedby=\"caption-attachment-40584\" class=\"wp-image-40584 size-large\" src=\"https:\/\/www.monta\u00f1asdelaluna.es\/wp-content\/uploads\/2019\/11\/P1060394-1024x768.jpg\" alt=\"Bajando por el Glaciar Gorner\" width=\"1024\" height=\"768\" srcset=\"https:\/\/www.monta\u00f1asdelaluna.es\/wp-content\/uploads\/2019\/11\/P1060394-1024x768.jpg 1024w, https:\/\/www.monta\u00f1asdelaluna.es\/wp-content\/uploads\/2019\/11\/P1060394-300x225.jpg 300w\" sizes=\"auto, (max-width: 1024px) 100vw, 1024px\" \/><\/a><p id=\"caption-attachment-40584\" class=\"wp-caption-text\">Bajando por el Glaciar Gorner<\/p><\/div>\n<p>Una vez hemos cogido la loma cimera, en el centro de la lengua glaciar, giramos a la izquierda siguiendo la lengua glaciar hacia abajo, caminando y haciendo un recorrido durante un buen rato, hasta observar como las balizas se paran en una orilla f\u00e1cil del glaciar junto a una especie de llano bajo la cresta de Gorner. Aqu\u00ed hay numerosos grupos que quieren caminar por el glaciar y puede que muchos de \u00e9stos no se han puesto unos crampones en su vida.<\/p>\n<p>Hay un gran hito y una marcada senda en este lugar. Aqu\u00ed nos reagrupamos, cambiamos o quitamos los crampones los que se los hayan puesto. Un peque\u00f1o descanso comentando lo especial y fabuloso del recorrido por este glaciar. Todos muy contentos. Y ya desde aqu\u00ed seguimos la senda que en pocos metros, con una leve subida, nos deja en el cruce donde hace dos d\u00edas decid\u00ed en nombre del grupo, escoger y seguir el recorrido de la derecha en lugar del de la izquierda. Ahora salimos por la otra senda y llegados a este cruce, ya solo nos queda desandar la senda, en subida y hacia el oeste, dejando las pendientes de la cresta de Gorner (Gornergrat) a la derecha y el gran hueco del valle donde discurre en su fondo el gran Glaciar Gorner a la izquierda. Ya conocemos el camino, no hay p\u00e9rdida. Recordamos no hacer caso al peque\u00f1o cruce en la misma senda que nos subir\u00eda directamente a Gornergrat. No, nuestro destino es Rotenboden.<\/p>\n<div id=\"attachment_40562\" style=\"width: 1034px\" class=\"wp-caption aligncenter\"><a class=\"dt-single-image\" href=\"https:\/\/www.monta\u00f1asdelaluna.es\/wp-content\/uploads\/2019\/11\/IMG_1128.jpg\" data-dt-img-description=\"\"><img loading=\"lazy\" decoding=\"async\" aria-describedby=\"caption-attachment-40562\" class=\"wp-image-40562 size-large\" src=\"https:\/\/www.monta\u00f1asdelaluna.es\/wp-content\/uploads\/2019\/11\/IMG_1128-1024x683.jpg\" alt=\"Senda camino de Rotenboden, al fondo el Cervino cubierto\" width=\"1024\" height=\"683\" srcset=\"https:\/\/www.monta\u00f1asdelaluna.es\/wp-content\/uploads\/2019\/11\/IMG_1128-1024x683.jpg 1024w, https:\/\/www.monta\u00f1asdelaluna.es\/wp-content\/uploads\/2019\/11\/IMG_1128-300x200.jpg 300w, https:\/\/www.monta\u00f1asdelaluna.es\/wp-content\/uploads\/2019\/11\/IMG_1128.jpg 1788w\" sizes=\"auto, (max-width: 1024px) 100vw, 1024px\" \/><\/a><p id=\"caption-attachment-40562\" class=\"wp-caption-text\">Senda camino de Rotenboden, al fondo el Cervino cubierto<\/p><\/div>\n<div id=\"attachment_40565\" style=\"width: 1034px\" class=\"wp-caption aligncenter\"><a class=\"dt-single-image\" href=\"https:\/\/www.monta\u00f1asdelaluna.es\/wp-content\/uploads\/2019\/11\/mas-cerca-de-rotenboden-abajo-el-glaciar-gorner-y-en-el-centro-el-glaciar-grenx.jpg\" data-dt-img-description=\"\"><img loading=\"lazy\" decoding=\"async\" aria-describedby=\"caption-attachment-40565\" class=\"wp-image-40565 size-large\" src=\"https:\/\/www.monta\u00f1asdelaluna.es\/wp-content\/uploads\/2019\/11\/mas-cerca-de-rotenboden-abajo-el-glaciar-gorner-y-en-el-centro-el-glaciar-grenx-1024x683.jpg\" alt=\"M\u00e1s cerca de Rotenboden, abajo el Glaciar Gorner y en el centro el Glaciar Grenx\" width=\"1024\" height=\"683\" srcset=\"https:\/\/www.monta\u00f1asdelaluna.es\/wp-content\/uploads\/2019\/11\/mas-cerca-de-rotenboden-abajo-el-glaciar-gorner-y-en-el-centro-el-glaciar-grenx-1024x683.jpg 1024w, https:\/\/www.monta\u00f1asdelaluna.es\/wp-content\/uploads\/2019\/11\/mas-cerca-de-rotenboden-abajo-el-glaciar-gorner-y-en-el-centro-el-glaciar-grenx-300x200.jpg 300w, https:\/\/www.monta\u00f1asdelaluna.es\/wp-content\/uploads\/2019\/11\/mas-cerca-de-rotenboden-abajo-el-glaciar-gorner-y-en-el-centro-el-glaciar-grenx.jpg 1788w\" sizes=\"auto, (max-width: 1024px) 100vw, 1024px\" \/><\/a><p id=\"caption-attachment-40565\" class=\"wp-caption-text\">M\u00e1s cerca de Rotenboden, abajo el Glaciar Gorner y en el centro el Glaciar Grenx<\/p><\/div>\n<div id=\"attachment_40515\" style=\"width: 1034px\" class=\"wp-caption aligncenter\"><a class=\"dt-single-image\" href=\"https:\/\/www.monta\u00f1asdelaluna.es\/wp-content\/uploads\/2019\/11\/joaquin-murcia-tere-y-nuria-llegando-a-rotenboden.jpg\" data-dt-img-description=\"\"><img loading=\"lazy\" decoding=\"async\" aria-describedby=\"caption-attachment-40515\" class=\"wp-image-40515 size-large\" src=\"https:\/\/www.monta\u00f1asdelaluna.es\/wp-content\/uploads\/2019\/11\/joaquin-murcia-tere-y-nuria-llegando-a-rotenboden-1024x576.jpg\" alt=\"Joaqu\u00edn Murcia, Tere y Nuria llegando a Rotenboden\" width=\"1024\" height=\"576\" srcset=\"https:\/\/www.monta\u00f1asdelaluna.es\/wp-content\/uploads\/2019\/11\/joaquin-murcia-tere-y-nuria-llegando-a-rotenboden-1024x576.jpg 1024w, https:\/\/www.monta\u00f1asdelaluna.es\/wp-content\/uploads\/2019\/11\/joaquin-murcia-tere-y-nuria-llegando-a-rotenboden-300x169.jpg 300w, https:\/\/www.monta\u00f1asdelaluna.es\/wp-content\/uploads\/2019\/11\/joaquin-murcia-tere-y-nuria-llegando-a-rotenboden.jpg 1976w\" sizes=\"auto, (max-width: 1024px) 100vw, 1024px\" \/><\/a><p id=\"caption-attachment-40515\" class=\"wp-caption-text\">Joaqu\u00edn Murcia, Tere y Nuria llegando a Rotenboden<\/p><\/div>\n<p>Senda arriba caminamos sabiendo que ya se acerca el final de la aventura en el Monte Rosa, con lo que aprovechamos para hacernos fotos e inmortalizar el momento. El d\u00eda sigue siendo magn\u00edfico, aunque algunas nubes no demasiado altas, comienzan a tapar las cimas de los macizos y monta\u00f1as m\u00e1s altas, dan un toque de blancura al cielo y una de ellas se ha colgado de la mitad de la monta\u00f1a del Cervino, a\u00fan as\u00ed es una monta\u00f1a y paisaje grandioso. Justo ahora, en esta senda de subida a Rotenboden, lo tenemos enfrente y es el centro de nuestros objetivos fotogr\u00e1ficos. Fotos de amistad en grupo con el gran Cervino, Matterhorn de fondo.<\/p>\n<p>Llegamos a Rotenboden. Como siempre lleno de gente el lugar. Los turistas y domingueros aprovechan la parada del tren cremallera para hacerse unas fotos con el Cervino de fondo o protagonistas. Pensando en bajar a los laguitos o bajar por la senda por la que nosotros salimos en busca de las vistas o el salto al Glaciar Gorner. Echamos la mirada a atr\u00e1s y nos despedimos de esas monta\u00f1as impresionantes y bellas que dejamos: al fondo queda el Monte Rosa rodeado por los glaciares Grenx y Gorner, el Liskamm, Castor y Pollux con sus hielos y aportaciones al Glaciar Grenx, y los escarpados perfiles del Breithorn que siendo una cima muy f\u00e1cil desde el telef\u00e9rico del Klein Matterhorn, el resto de sus cimas y perfiles son escarpados y desafiantes. Preciosos. Abajo en el fondo del valle, discurre el Glaciar Gorner, con esa lengua de hielo inmensa que poco a poco, a\u00f1o a a\u00f1o, lucha por persistir y no extinguirse. \u00a1Adi\u00f3s, hasta pronto! Nos reagrupamos. Los tickets del tren cremallera son para salir desde la estaci\u00f3n de Riffelberg. Ahora es cuesta abajo hasta la nombrada estaci\u00f3n del tren cremallera, con lo que decidimos bajar caminando hasta dicha estaci\u00f3n desde Rotenboden, mientras admiramos ahora el paisaje hacia las monta\u00f1as que limiten al valle de la Mattertal por el oeste y noroeste: Ober Gabelhorn, Zinalrothorn, Weisshorn\u2026 y pegado a \u00e9ste nuestro <a href=\"https:\/\/www.monta\u00f1asdelaluna.es\/?p=40233\" target=\"_blank\" rel=\"noopener\">Bishorn<\/a>, subido hace tan solo cuatro d\u00edas. Pero de nuevo las vistas, girando un poco la cabeza, se dirigen a la cara noreste y este del imponente y precioso Cervino, su perfil y vista m\u00e1s famosa\u2026 parece que ya se le va la nube que ten\u00eda encima y las fotos salen perfectas.<\/p>\n<p>En una hora y media escasa, con paradas y miradores, llegamos a la estaci\u00f3n de Riffelberg. Desde Rotenboden hab\u00edan varios caminos, algunos m\u00e1s largos que otros, escogemos el \u201cde en medio\u201d, el que nos lleva menos tiempo rodeando los laguitos que hay bajo Rotenboden, y a la vez sin acercarnos a las v\u00edas del tren cremallera hasta que no estuvi\u00e9ramos cerca de la estaci\u00f3n de Riffelberg.<\/p>\n<div id=\"attachment_40516\" style=\"width: 1034px\" class=\"wp-caption aligncenter\"><a class=\"dt-single-image\" href=\"https:\/\/www.monta\u00f1asdelaluna.es\/wp-content\/uploads\/2019\/11\/rotenboden-con-el-cervino-delante.jpg\" data-dt-img-description=\"\"><img loading=\"lazy\" decoding=\"async\" aria-describedby=\"caption-attachment-40516\" class=\"wp-image-40516 size-large\" src=\"https:\/\/www.monta\u00f1asdelaluna.es\/wp-content\/uploads\/2019\/11\/rotenboden-con-el-cervino-delante-1024x576.jpg\" alt=\"Rotenboden con el Cervino delante\" width=\"1024\" height=\"576\" srcset=\"https:\/\/www.monta\u00f1asdelaluna.es\/wp-content\/uploads\/2019\/11\/rotenboden-con-el-cervino-delante-1024x576.jpg 1024w, https:\/\/www.monta\u00f1asdelaluna.es\/wp-content\/uploads\/2019\/11\/rotenboden-con-el-cervino-delante-300x169.jpg 300w, https:\/\/www.monta\u00f1asdelaluna.es\/wp-content\/uploads\/2019\/11\/rotenboden-con-el-cervino-delante.jpg 1976w\" sizes=\"auto, (max-width: 1024px) 100vw, 1024px\" \/><\/a><p id=\"caption-attachment-40516\" class=\"wp-caption-text\">Rotenboden con el Cervino delante<\/p><\/div>\n<div id=\"attachment_40569\" style=\"width: 1798px\" class=\"wp-caption aligncenter\"><a class=\"dt-single-image\" href=\"https:\/\/www.monta\u00f1asdelaluna.es\/wp-content\/uploads\/2019\/11\/cervino-o-matterhorn.jpg\" data-dt-img-description=\"\"><img loading=\"lazy\" decoding=\"async\" aria-describedby=\"caption-attachment-40569\" class=\"wp-image-40569 size-full\" src=\"https:\/\/www.monta\u00f1asdelaluna.es\/wp-content\/uploads\/2019\/11\/cervino-o-matterhorn.jpg\" alt=\"Cervino o Matterhorn\" width=\"1788\" height=\"1192\" srcset=\"https:\/\/www.monta\u00f1asdelaluna.es\/wp-content\/uploads\/2019\/11\/cervino-o-matterhorn.jpg 1788w, https:\/\/www.monta\u00f1asdelaluna.es\/wp-content\/uploads\/2019\/11\/cervino-o-matterhorn-300x200.jpg 300w, https:\/\/www.monta\u00f1asdelaluna.es\/wp-content\/uploads\/2019\/11\/cervino-o-matterhorn-1024x683.jpg 1024w\" sizes=\"auto, (max-width: 1788px) 100vw, 1788px\" \/><\/a><p id=\"caption-attachment-40569\" class=\"wp-caption-text\">Cervino o Matterhorn<\/p><\/div>\n<div id=\"attachment_40571\" style=\"width: 1034px\" class=\"wp-caption aligncenter\"><a class=\"dt-single-image\" href=\"https:\/\/www.monta\u00f1asdelaluna.es\/wp-content\/uploads\/2019\/11\/joaquin-murcia-y-arriba-el-zinalrothorn-cubierto.jpg\" data-dt-img-description=\"\"><img loading=\"lazy\" decoding=\"async\" aria-describedby=\"caption-attachment-40571\" class=\"wp-image-40571 size-large\" src=\"https:\/\/www.monta\u00f1asdelaluna.es\/wp-content\/uploads\/2019\/11\/joaquin-murcia-y-arriba-el-zinalrothorn-cubierto-1024x683.jpg\" alt=\"Joaqu\u00edn Murcia y arriba el Zinalrothorn cubierto\" width=\"1024\" height=\"683\" srcset=\"https:\/\/www.monta\u00f1asdelaluna.es\/wp-content\/uploads\/2019\/11\/joaquin-murcia-y-arriba-el-zinalrothorn-cubierto-1024x683.jpg 1024w, https:\/\/www.monta\u00f1asdelaluna.es\/wp-content\/uploads\/2019\/11\/joaquin-murcia-y-arriba-el-zinalrothorn-cubierto-300x200.jpg 300w, https:\/\/www.monta\u00f1asdelaluna.es\/wp-content\/uploads\/2019\/11\/joaquin-murcia-y-arriba-el-zinalrothorn-cubierto.jpg 1788w\" sizes=\"auto, (max-width: 1024px) 100vw, 1024px\" \/><\/a><p id=\"caption-attachment-40571\" class=\"wp-caption-text\">Joaqu\u00edn Murcia y arriba el Zinalrothorn cubierto<\/p><\/div>\n<p>Y ya desde aqu\u00ed solo queda bajar en el tren cremallera hasta la estaci\u00f3n de Zermatt. Hubo quien decidi\u00f3 quedarse en un bar de un hotel cercano (cosa que no hay en Rotenboden) y otros optamos por bajar a Zermatt, cambiarnos, arreglarnos, llamar o contactar con Espa\u00f1a, la familia; hacer turismo por el pueblo, ver el partido de tenis con Leti (gran fan y entendedora del deporte), aprovechando tomamos unas cervezas en el bar de un tipo que parec\u00eda vikingo (aunque era ingl\u00e9s), y despu\u00e9s buscar un sitio no demasiado caro donde podamos cenar esa noche todo el grupo comida t\u00edpica suiza a modo de colof\u00f3n de la actividad y viaje que hab\u00edamos realizado. Ya ma\u00f1ana s\u00e1bado tocaba volver a Espa\u00f1a. Pero no \u00edbamos a acabar la noche sin un poco de m\u00fasica en directo, alg\u00fan cubata y algo de diversi\u00f3n, juerga, despu\u00e9s de tanta monta\u00f1a y esfuerzo. Y justo en la esquina de la calle que nos sube al albergue, al otro lado del puente del r\u00edo en la calle que sale de la iglesia, un local con buena pinta nos ofrece dicho espect\u00e1culo\u2026 pero con cuidado que los cubatas salen caros en Zermatt.<\/p>\n<p>Al otro d\u00eda solo queda despedirnos de la ciudad, bajar a T\u00e4sch con el mismo medio con el que hemos subido. \u201cHemos perdido a David, \u00bfD\u00f3nde est\u00e1?\u201d esper\u00e1ndolo en la peque\u00f1a estaci\u00f3n de coches contaminantes. Una vez aparece, partimos rumbo a nuestros coches. Despedida y buen rollo. El grupo alicantino coge la furgoneta de Joaqu\u00edn Murcia con el remolque donde iban los \u201cgalgos\u201d de Manolet y salen en busca de Rosas en Girona, donde pasaran la noche. Nosotros, con mi Ford, salimos en busca de Chamonix para hacer una parada en el pueblo y comer algo bajo la sombre del Mont Blanc\u2026 Eso s\u00ed, si ten\u00e9is que gastaros los dineros Francos Suizos en una gasolinera cercana a la frontera, mejor que lo hag\u00e1is en recuerdos y suvenires, por si la dependienta de la gasolinera te mete en un lio en la que est\u00e1is a punto de llamar a la gendarmer\u00eda\u2026<\/p>\n<div id=\"attachment_40576\" style=\"width: 1034px\" class=\"wp-caption aligncenter\"><a class=\"dt-single-image\" href=\"https:\/\/www.monta\u00f1asdelaluna.es\/wp-content\/uploads\/2019\/11\/cena-en-zermatt-de-derecha-a-izquierda-leti-isa-nuria-y-tere.jpg\" data-dt-img-description=\"\"><img loading=\"lazy\" decoding=\"async\" aria-describedby=\"caption-attachment-40576\" class=\"wp-image-40576 size-large\" src=\"https:\/\/www.monta\u00f1asdelaluna.es\/wp-content\/uploads\/2019\/11\/cena-en-zermatt-de-derecha-a-izquierda-leti-isa-nuria-y-tere-1024x683.jpg\" alt=\"Cena en Zermatt, de derecha a izquierda: Leti, Isa, Nuria y Tere\" width=\"1024\" height=\"683\" srcset=\"https:\/\/www.monta\u00f1asdelaluna.es\/wp-content\/uploads\/2019\/11\/cena-en-zermatt-de-derecha-a-izquierda-leti-isa-nuria-y-tere-1024x683.jpg 1024w, https:\/\/www.monta\u00f1asdelaluna.es\/wp-content\/uploads\/2019\/11\/cena-en-zermatt-de-derecha-a-izquierda-leti-isa-nuria-y-tere-300x200.jpg 300w, https:\/\/www.monta\u00f1asdelaluna.es\/wp-content\/uploads\/2019\/11\/cena-en-zermatt-de-derecha-a-izquierda-leti-isa-nuria-y-tere.jpg 1788w\" sizes=\"auto, (max-width: 1024px) 100vw, 1024px\" \/><\/a><p id=\"caption-attachment-40576\" class=\"wp-caption-text\">Cena en Zermatt, de derecha a izquierda: Leti, Isa, Nuria y Tere<\/p><\/div>\n<div id=\"attachment_40577\" style=\"width: 1034px\" class=\"wp-caption aligncenter\"><a class=\"dt-single-image\" href=\"https:\/\/www.monta\u00f1asdelaluna.es\/wp-content\/uploads\/2019\/11\/cena-en-zermatt-de-izquierda-a-derecha-luis-guerrero-david-luis-segura-roberto-joaquin-murcia-y-vicente.jpg\" data-dt-img-description=\"\"><img loading=\"lazy\" decoding=\"async\" aria-describedby=\"caption-attachment-40577\" class=\"wp-image-40577 size-large\" src=\"https:\/\/www.monta\u00f1asdelaluna.es\/wp-content\/uploads\/2019\/11\/cena-en-zermatt-de-izquierda-a-derecha-luis-guerrero-david-luis-segura-roberto-joaquin-murcia-y-vicente-1024x683.jpg\" alt=\"Cena en Zermatt, de izquierda a derecha: Luis Guerrero, David, Luis Segura, Roberto, Joaqu\u00edn Murcia y Vicente\" width=\"1024\" height=\"683\" srcset=\"https:\/\/www.monta\u00f1asdelaluna.es\/wp-content\/uploads\/2019\/11\/cena-en-zermatt-de-izquierda-a-derecha-luis-guerrero-david-luis-segura-roberto-joaquin-murcia-y-vicente-1024x683.jpg 1024w, https:\/\/www.monta\u00f1asdelaluna.es\/wp-content\/uploads\/2019\/11\/cena-en-zermatt-de-izquierda-a-derecha-luis-guerrero-david-luis-segura-roberto-joaquin-murcia-y-vicente-300x200.jpg 300w, https:\/\/www.monta\u00f1asdelaluna.es\/wp-content\/uploads\/2019\/11\/cena-en-zermatt-de-izquierda-a-derecha-luis-guerrero-david-luis-segura-roberto-joaquin-murcia-y-vicente.jpg 1788w\" sizes=\"auto, (max-width: 1024px) 100vw, 1024px\" \/><\/a><p id=\"caption-attachment-40577\" class=\"wp-caption-text\">Cena en Zermatt, de izquierda a derecha: Luis Guerrero, David, Luis Segura, Roberto, Joaqu\u00edn Murcia y Vicente<\/p><\/div>\n<p>Ah\u00ed ha quedado por segunda vez la cima del Monte Rosa, qued\u00e1ndome en el mismo punto, a la misma altura que hace 14 a\u00f1os. La rabia o decepci\u00f3n de Luis Guerrero ha sido tan perceptible que nada m\u00e1s llegar a Zermatt ya ha alquilado habitaci\u00f3n para volver el a\u00f1o que viene y atacar la cima de nuevo\u2026 no se le puede escapar la cima m\u00e1s alta de Suiza\u2026 si vuelvo con \u00e9l ser\u00eda mi tercer (y espero que \u00faltimo) intento a la Dufourspitze. Y ahora lo tenemos fresco, reciente, los cristalitos del fr\u00edo de su cresta a\u00fan est\u00e1n pegado a nuestra piel\u2026 no lo veo mal. Podr\u00eda plantearlo con un buen grupo de compa\u00f1eros, con la sensaci\u00f3n de ser el \u00faltimo intento y victoria sobre la conquista de esta monta\u00f1a \u00bfla subiremos por fin?<\/p>\n<div id=\"attachment_40605\" style=\"width: 1338px\" class=\"wp-caption aligncenter\"><a class=\"dt-single-image\" href=\"https:\/\/www.monta\u00f1asdelaluna.es\/wp-content\/uploads\/2019\/07\/MonteRosa2-001.refugio2.web_.jpg\" data-dt-img-description=\"\"><img loading=\"lazy\" decoding=\"async\" aria-describedby=\"caption-attachment-40605\" class=\"wp-image-40605 size-full\" src=\"https:\/\/www.monta\u00f1asdelaluna.es\/wp-content\/uploads\/2019\/07\/MonteRosa2-001.refugio2.web_.jpg\" alt=\"Croquis del recorrido entre el Refugio del Monte Rosa y Riffelberg, estaci\u00f3n del tren cremallera\" width=\"1328\" height=\"1148\" srcset=\"https:\/\/www.monta\u00f1asdelaluna.es\/wp-content\/uploads\/2019\/07\/MonteRosa2-001.refugio2.web_.jpg 1328w, https:\/\/www.monta\u00f1asdelaluna.es\/wp-content\/uploads\/2019\/07\/MonteRosa2-001.refugio2.web_-300x259.jpg 300w, https:\/\/www.monta\u00f1asdelaluna.es\/wp-content\/uploads\/2019\/07\/MonteRosa2-001.refugio2.web_-1024x885.jpg 1024w\" sizes=\"auto, (max-width: 1328px) 100vw, 1328px\" \/><\/a><p id=\"caption-attachment-40605\" class=\"wp-caption-text\">Croquis del recorrido entre el Refugio del Monte Rosa y Riffelberg, estaci\u00f3n del tren cremallera<\/p><\/div>\n<p>[vc_separator][\/vc_column_text][\/vc_column][\/vc_row][vc_row][vc_column][vc_empty_space height=\u00bb60px\u00bb][\/vc_column][\/vc_row][vc_row][vc_column][vc_cta h2=\u00bb\u00c1lbum de fotos\u00bb txt_align=\u00bbcenter\u00bb add_button=\u00bbbottom\u00bb btn_title=\u00bbVer fotos\u00bb btn_color=\u00bbwarning\u00bb btn_align=\u00bbcenter\u00bb btn_link=\u00bburl:https%3A%2F%2Fmonta%C3%B1asdelaluna.es%2F%3Fdt_gallery%3Dsubida-al-monte-rosa-y-bajada-a-zermatt-2|title:Subida%20al%20Monte%20Rosa%20y%20bajada%20a%20Zermatt|target:_blank\u00bb css=\u00bb.vc_custom_1625652068440{background-color: #8bc4ed !important;}\u00bb]Puedes ver todas las fotos de Subida al Monte Rosa y bajada a Zermatt en forma de presentaci\u00f3n o individuales pinchando aqui \u00a1No te las pierdas![\/vc_cta][\/vc_column][\/vc_row][vc_row][vc_column][vc_empty_space height=\u00bb60px\u00bb][\/vc_column][\/vc_row][vc_row][vc_column width=\u00bb1\/6&#8243;][\/vc_column][vc_column width=\u00bb1\/3&#8243;][vc_raw_html]JTNDaWZyYW1lJTIwc3JjJTNEJTIyaHR0cHMlM0ElMkYlMkZ3d3cubWV0ZW9ibHVlLmNvbSUyRmVzJTJGdGllbXBvJTJGd2lkZ2V0JTJGZGFpbHklMkZtb250ZS1yb3NhLWh1dF9zdWl6YV8xMTU5NDAyMCUzRmdlb2xvYyUzRGZpeGVkJTI2ZGF5cyUzRDclMjZ0ZW1wdW5pdCUzRENFTFNJVVMlMjZ3aW5kdW5pdCUzREtJTE9NRVRFUl9QRVJfSE9VUiUyNnByZWNpcHVuaXQlM0RNSUxMSU1FVEVSJTI2Y29sb3VyZWQlM0Rjb2xvdXJlZCUyNnBpY3RvaWNvbiUzRDAlMjZwaWN0b2ljb24lM0QxJTI2bWF4dGVtcGVyYXR1cmUlM0QwJTI2bWF4dGVtcGVyYXR1cmUlM0QxJTI2bWludGVtcGVyYXR1cmUlM0QwJTI2bWludGVtcGVyYXR1cmUlM0QxJTI2d2luZHNwZWVkJTNEMCUyNndpbmRzcGVlZCUzRDElMjZ3aW5kZ3VzdCUzRDAlMjZ3aW5kZ3VzdCUzRDElMjZ3aW5kZGlyZWN0aW9uJTNEMCUyNndpbmRkaXJlY3Rpb24lM0QxJTI2dXYlM0QwJTI2aHVtaWRpdHklM0QwJTI2cHJlY2lwaXRhdGlvbiUzRDAlMjZwcmVjaXBpdGF0aW9uJTNEMSUyNnByZWNpcGl0YXRpb25wcm9iYWJpbGl0eSUzRDAlMjZwcmVjaXBpdGF0aW9ucHJvYmFiaWxpdHklM0QxJTI2c3BvdCUzRDAlMjZzcG90JTNEMSUyNnByZXNzdXJlJTNEMCUyNnByZXNzdXJlJTNEMSUyNmxheW91dCUzRGxpZ2h0JTI2bG9jYXRpb25fdXJsJTNEaHR0cHMlMjUzQSUyNTJGJTI1MkZ3d3cubWV0ZW9ibHVlLmNvbSUyNTJGZXMlMjUyRnRpZW1wbyUyNTJGd2lkZ2V0JTI1MkZkYWlseSUyNTJGbW9udGUtcm9zYS1odXRfc3VpemFfMTE1OTQwMjAlMjZsb2NhdGlvbl9tYWluVXJsJTNEaHR0cHMlMjUzQSUyNTJGJTI1MkZ3d3cubWV0ZW9ibHVlLmNvbSUyNTJGZXMlMjUyRnRpZW1wbyUyNTJGc2VtYW5hJTI1MkZtb250ZS1yb3NhLWh1dF9zdWl6YV8xMTU5NDAyMCUyNm5vbG9jYXRpb25fdXJsJTNEaHR0cHMlMjUzQSUyNTJGJTI1MkZ3d3cubWV0ZW9ibHVlLmNvbSUyNTJGZXMlMjUyRnRpZW1wbyUyNTJGd2lkZ2V0JTI1MkZkYWlseSUyNm5vbG9jYXRpb25fbWFpblVybCUzRGh0dHBzJTI1M0ElMjUyRiUyNTJGd3d3Lm1ldGVvYmx1ZS5jb20lMjUyRmVzJTI1MkZ0aWVtcG8lMjUyRnNlbWFuYSUyNTJGaW5kZXglMjZkYWlseXdpZHRoJTNENTQlMjZ0cmFja2luZyUzRCUyNTNGdXRtX3NvdXJjZSUyNTNEd2VhdGhlcl93aWRnZXQlMjUyNnV0bV9tZWRpdW0lMjUzRGxpbmt1cyUyNTI2dXRtX2NvbnRlbnQlMjUzRGRhaWx5JTI1MjZ1dG1fY2FtcGFpZ24lMjUzRFdlYXRoZXIlMjUyNTJCV2lkZ2V0JTIyJTIwJTIwZnJhbWVib3JkZXIlM0QlMjIwJTIyJTIwc2Nyb2xsaW5nJTNEJTIyTk8lMjIlMjBhbGxvd3RyYW5zcGFyZW5jeSUzRCUyMnRydWUlMjIlMjBzYW5kYm94JTNEJTIyYWxsb3ctc2FtZS1vcmlnaW4lMjBhbGxvdy1zY3JpcHRzJTIwYWxsb3ctcG9wdXBzJTIwYWxsb3ctcG9wdXBzLXRvLWVzY2FwZS1zYW5kYm94JTIyJTIwc3R5bGUlM0QlMjJ3aWR0aCUzQSUyMDM3OHB4JTNCaGVpZ2h0JTNBJTIwNDEycHglMjIlM0UlM0MlMkZpZnJhbWUlM0UlM0NkaXYlM0UlM0MlMjEtLSUyMERPJTIwTk9UJTIwUkVNT1ZFJTIwVEhJUyUyMExJTkslMjAtLSUzRSUzQ2ElMjBocmVmJTNEJTIyaHR0cHMlM0ElMkYlMkZ3d3cubWV0ZW9ibHVlLmNvbSUyRmVzJTJGdGllbXBvJTJGc2VtYW5hJTJGbW9udGUtcm9zYS1odXRfc3VpemFfMTE1OTQwMjAlM0Z1dG1fc291cmNlJTNEd2VhdGhlcl93aWRnZXQlMjZ1dG1fbWVkaXVtJTNEbGlua3VzJTI2dXRtX2NvbnRlbnQlM0RkYWlseSUyNnV0bV9jYW1wYWlnbiUzRFdlYXRoZXIlMjUyQldpZGdldCUyMiUyMHRhcmdldCUzRCUyMl9ibGFuayUyMiUzRW1ldGVvYmx1ZSUzQyUyRmElM0UlM0MlMkZkaXYlM0U=[\/vc_raw_html][\/vc_column][vc_column width=\u00bb1\/3&#8243;][vc_raw_html]JTNDaWZyYW1lJTIwc3JjJTNEJTIyaHR0cHMlM0ElMkYlMkZ3d3cubWV0ZW9ibHVlLmNvbSUyRmVzJTJGdGllbXBvJTJGd2lkZ2V0JTJGZGFpbHklMkZ6ZXJtYXR0X3N1aXphXzI2NTc5MjglM0ZnZW9sb2MlM0RmaXhlZCUyNmRheXMlM0Q3JTI2dGVtcHVuaXQlM0RDRUxTSVVTJTI2d2luZHVuaXQlM0RLSUxPTUVURVJfUEVSX0hPVVIlMjZwcmVjaXB1bml0JTNETUlMTElNRVRFUiUyNmNvbG91cmVkJTNEY29sb3VyZWQlMjZwaWN0b2ljb24lM0QwJTI2cGljdG9pY29uJTNEMSUyNm1heHRlbXBlcmF0dXJlJTNEMCUyNm1heHRlbXBlcmF0dXJlJTNEMSUyNm1pbnRlbXBlcmF0dXJlJTNEMCUyNm1pbnRlbXBlcmF0dXJlJTNEMSUyNndpbmRzcGVlZCUzRDAlMjZ3aW5kc3BlZWQlM0QxJTI2d2luZGd1c3QlM0QwJTI2d2luZGd1c3QlM0QxJTI2d2luZGRpcmVjdGlvbiUzRDAlMjZ3aW5kZGlyZWN0aW9uJTNEMSUyNnV2JTNEMCUyNmh1bWlkaXR5JTNEMCUyNnByZWNpcGl0YXRpb24lM0QwJTI2cHJlY2lwaXRhdGlvbiUzRDElMjZwcmVjaXBpdGF0aW9ucHJvYmFiaWxpdHklM0QwJTI2cHJlY2lwaXRhdGlvbnByb2JhYmlsaXR5JTNEMSUyNnNwb3QlM0QwJTI2c3BvdCUzRDElMjZwcmVzc3VyZSUzRDAlMjZwcmVzc3VyZSUzRDElMjZsYXlvdXQlM0RsaWdodCUyNmxvY2F0aW9uX3VybCUzRGh0dHBzJTI1M0ElMjUyRiUyNTJGd3d3Lm1ldGVvYmx1ZS5jb20lMjUyRmVzJTI1MkZ0aWVtcG8lMjUyRndpZGdldCUyNTJGZGFpbHklMjUyRnplcm1hdHRfc3VpemFfMjY1NzkyOCUyNmxvY2F0aW9uX21haW5VcmwlM0RodHRwcyUyNTNBJTI1MkYlMjUyRnd3dy5tZXRlb2JsdWUuY29tJTI1MkZlcyUyNTJGdGllbXBvJTI1MkZzZW1hbmElMjUyRnplcm1hdHRfc3VpemFfMjY1NzkyOCUyNm5vbG9jYXRpb25fdXJsJTNEaHR0cHMlMjUzQSUyNTJGJTI1MkZ3d3cubWV0ZW9ibHVlLmNvbSUyNTJGZXMlMjUyRnRpZW1wbyUyNTJGd2lkZ2V0JTI1MkZkYWlseSUyNm5vbG9jYXRpb25fbWFpblVybCUzRGh0dHBzJTI1M0ElMjUyRiUyNTJGd3d3Lm1ldGVvYmx1ZS5jb20lMjUyRmVzJTI1MkZ0aWVtcG8lMjUyRnNlbWFuYSUyNTJGaW5kZXglMjZkYWlseXdpZHRoJTNENTQlMjZ0cmFja2luZyUzRCUyNTNGdXRtX3NvdXJjZSUyNTNEd2VhdGhlcl93aWRnZXQlMjUyNnV0bV9tZWRpdW0lMjUzRGxpbmt1cyUyNTI2dXRtX2NvbnRlbnQlMjUzRGRhaWx5JTI1MjZ1dG1fY2FtcGFpZ24lMjUzRFdlYXRoZXIlMjUyNTJCV2lkZ2V0JTIyJTIwJTIwZnJhbWVib3JkZXIlM0QlMjIwJTIyJTIwc2Nyb2xsaW5nJTNEJTIyTk8lMjIlMjBhbGxvd3RyYW5zcGFyZW5jeSUzRCUyMnRydWUlMjIlMjBzYW5kYm94JTNEJTIyYWxsb3ctc2FtZS1vcmlnaW4lMjBhbGxvdy1zY3JpcHRzJTIwYWxsb3ctcG9wdXBzJTIwYWxsb3ctcG9wdXBzLXRvLWVzY2FwZS1zYW5kYm94JTIyJTIwc3R5bGUlM0QlMjJ3aWR0aCUzQSUyMDM3OHB4JTNCaGVpZ2h0JTNBJTIwNDEycHglMjIlM0UlM0MlMkZpZnJhbWUlM0UlM0NkaXYlM0UlM0MlMjEtLSUyMERPJTIwTk9UJTIwUkVNT1ZFJTIwVEhJUyUyMExJTkslMjAtLSUzRSUzQ2ElMjBocmVmJTNEJTIyaHR0cHMlM0ElMkYlMkZ3d3cubWV0ZW9ibHVlLmNvbSUyRmVzJTJGdGllbXBvJTJGc2VtYW5hJTJGemVybWF0dF9zdWl6YV8yNjU3OTI4JTNGdXRtX3NvdXJjZSUzRHdlYXRoZXJfd2lkZ2V0JTI2dXRtX21lZGl1bSUzRGxpbmt1cyUyNnV0bV9jb250ZW50JTNEZGFpbHklMjZ1dG1fY2FtcGFpZ24lM0RXZWF0aGVyJTI1MkJXaWRnZXQlMjIlMjB0YXJnZXQlM0QlMjJfYmxhbmslMjIlM0VtZXRlb2JsdWUlM0MlMkZhJTNFJTNDJTJGZGl2JTNF[\/vc_raw_html][\/vc_column][vc_column width=\u00bb1\/6&#8243;][\/vc_column][\/vc_row]<\/p>\n","protected":false},"excerpt":{"rendered":"<p>[vc_row][vc_column][vc_column_text]Este d\u00eda ya no hay prisa. Nos levantamos sin madrugar. Ya esta todo, casi todo hecho en este viaje, solo queda volver a Zermatt cruzando una parte desconocida para todos, por el que no pas\u00e9 yo la \u00faltima vez hace 14 a\u00f1os, y es el paso por el Glaciar Gorner m\u00e1s arriba que por donde&hellip;<\/p>\n","protected":false},"author":1,"featured_media":40517,"comment_status":"open","ping_status":"open","sticky":false,"template":"","format":"standard","meta":[],"categories":[184],"tags":[],"class_list":["post-40612","post","type-post","status-publish","format-standard","has-post-thumbnail","hentry","category-bishorn-y-monte-rosa-2","category-184","description-off"],"_links":{"self":[{"href":"https:\/\/www.monta\u00f1asdelaluna.es\/index.php?rest_route=\/wp\/v2\/posts\/40612","targetHints":{"allow":["GET"]}}],"collection":[{"href":"https:\/\/www.monta\u00f1asdelaluna.es\/index.php?rest_route=\/wp\/v2\/posts"}],"about":[{"href":"https:\/\/www.monta\u00f1asdelaluna.es\/index.php?rest_route=\/wp\/v2\/types\/post"}],"author":[{"embeddable":true,"href":"https:\/\/www.monta\u00f1asdelaluna.es\/index.php?rest_route=\/wp\/v2\/users\/1"}],"replies":[{"embeddable":true,"href":"https:\/\/www.monta\u00f1asdelaluna.es\/index.php?rest_route=%2Fwp%2Fv2%2Fcomments&post=40612"}],"version-history":[{"count":11,"href":"https:\/\/www.monta\u00f1asdelaluna.es\/index.php?rest_route=\/wp\/v2\/posts\/40612\/revisions"}],"predecessor-version":[{"id":49896,"href":"https:\/\/www.monta\u00f1asdelaluna.es\/index.php?rest_route=\/wp\/v2\/posts\/40612\/revisions\/49896"}],"wp:featuredmedia":[{"embeddable":true,"href":"https:\/\/www.monta\u00f1asdelaluna.es\/index.php?rest_route=\/wp\/v2\/media\/40517"}],"wp:attachment":[{"href":"https:\/\/www.monta\u00f1asdelaluna.es\/index.php?rest_route=%2Fwp%2Fv2%2Fmedia&parent=40612"}],"wp:term":[{"taxonomy":"category","embeddable":true,"href":"https:\/\/www.monta\u00f1asdelaluna.es\/index.php?rest_route=%2Fwp%2Fv2%2Fcategories&post=40612"},{"taxonomy":"post_tag","embeddable":true,"href":"https:\/\/www.monta\u00f1asdelaluna.es\/index.php?rest_route=%2Fwp%2Fv2%2Ftags&post=40612"}],"curies":[{"name":"wp","href":"https:\/\/api.w.org\/{rel}","templated":true}]}}